{"id":28281,"date":"2025-04-22T09:48:54","date_gmt":"2025-04-22T13:48:54","guid":{"rendered":"https:\/\/www.cisa-arica.cl\/wp1\/?p=28281"},"modified":"2025-05-12T09:53:50","modified_gmt":"2025-05-12T13:53:50","slug":"pasacalle-celebrando-el-dia-del-libro","status":"publish","type":"post","link":"https:\/\/www.cisa-arica.cl\/wp1\/2025\/04\/22\/pasacalle-celebrando-el-dia-del-libro\/","title":{"rendered":"Pasacalle Celebrando el D\u00eda del libro"},"content":{"rendered":"<p>La Red de Equipos de Coordinadores de la Bibioteca Cra de Arica y Parinacota, organizaron un pasacalle para recordar a la comunidad arique\u00f1a la Conmemoraci\u00f3n del D\u00eda del Libro y el Derecho de Autor. En esta oportunidad la delegaci\u00f3n que reresent\u00f3 a nuestro coilegio estuvo a cargo de los sextoa a\u00f1os b\u00e1sicos, quienes asuistieron junto a sus profesoras jefes Marisol Morales y Jeannette Rivera adem\u00e1s de ser acompa\u00f1adas por la profesora Lucrecia Beyzaga\u00a0 En la oportunidad tambi\u00e9n se sum\u00f3 un grupo de apoderados quienes acompa\u00f1aron a las estudiantes en su recorrido por las calles centrales de la ciudad.<\/p>\n\n\n<div class=\"wp-block-jetpack-tiled-gallery aligncenter is-style-rectangular\"><div class=\"tiled-gallery__gallery\"><div class=\"tiled-gallery__row\"><div class=\"tiled-gallery__col\" style=\"flex-basis:41.26746%\"><figure class=\"tiled-gallery__item\"><img decoding=\"async\" data-attachment-id=\"28283\" data-permalink=\"https:\/\/www.cisa-arica.cl\/wp1\/2025\/04\/22\/pasacalle-celebrando-el-dia-del-libro\/whatsapp-image-2025-05-12-at-9-50-27-am\/\" data-orig-file=\"https:\/\/www.cisa-arica.cl\/wp1\/wp-content\/uploads\/2025\/05\/WhatsApp-Image-2025-05-12-at-9.50.27-AM.jpeg\" data-orig-size=\"1280,960\" data-comments-opened=\"0\" data-image-meta=\"{&quot;aperture&quot;:&quot;0&quot;,&quot;credit&quot;:&quot;&quot;,&quot;camera&quot;:&quot;&quot;,&quot;caption&quot;:&quot;&quot;,&quot;created_timestamp&quot;:&quot;0&quot;,&quot;copyright&quot;:&quot;&quot;,&quot;focal_length&quot;:&quot;0&quot;,&quot;iso&quot;:&quot;0&quot;,&quot;shutter_speed&quot;:&quot;0&quot;,&quot;title&quot;:&quot;&quot;,&quot;orientation&quot;:&quot;0&quot;}\" data-image-title=\"WhatsApp-Image-2025-05-12-at-9.50.27-AM\" data-image-description=\"\" data-image-caption=\"\" data-large-file=\"https:\/\/www.cisa-arica.cl\/wp1\/wp-content\/uploads\/2025\/05\/WhatsApp-Image-2025-05-12-at-9.50.27-AM-600x450.jpeg\" data-attachment-id=\"28283\" data-permalink=\"https:\/\/www.cisa-arica.cl\/wp1\/2025\/04\/22\/pasacalle-celebrando-el-dia-del-libro\/whatsapp-image-2025-05-12-at-9-50-27-am\/\" data-orig-file=\"https:\/\/www.cisa-arica.cl\/wp1\/wp-content\/uploads\/2025\/05\/WhatsApp-Image-2025-05-12-at-9.50.27-AM.jpeg\" data-orig-size=\"1280,960\" data-comments-opened=\"0\" data-image-meta=\"{&quot;aperture&quot;:&quot;0&quot;,&quot;credit&quot;:&quot;&quot;,&quot;camera&quot;:&quot;&quot;,&quot;caption&quot;:&quot;&quot;,&quot;created_timestamp&quot;:&quot;0&quot;,&quot;copyright&quot;:&quot;&quot;,&quot;focal_length&quot;:&quot;0&quot;,&quot;iso&quot;:&quot;0&quot;,&quot;shutter_speed&quot;:&quot;0&quot;,&quot;title&quot;:&quot;&quot;,&quot;orientation&quot;:&quot;0&quot;}\" data-image-title=\"WhatsApp-Image-2025-05-12-at-9.50.27-AM\" data-image-description=\"\" data-image-caption=\"\" data-large-file=\"https:\/\/www.cisa-arica.cl\/wp1\/wp-content\/uploads\/2025\/05\/WhatsApp-Image-2025-05-12-at-9.50.27-AM-600x450.jpeg\" role=\"button\" tabindex=\"0\" aria-label=\"Abrir la imagen 1 de 15 en pantalla completa\"srcset=\"https:\/\/i0.wp.com\/www.cisa-arica.cl\/wp1\/wp-content\/uploads\/2025\/05\/WhatsApp-Image-2025-05-12-at-9.50.27-AM-600x450.jpeg?strip=info&#038;w=600&#038;ssl=1 600w,https:\/\/i0.wp.com\/www.cisa-arica.cl\/wp1\/wp-content\/uploads\/2025\/05\/WhatsApp-Image-2025-05-12-at-9.50.27-AM-600x450.jpeg?strip=info&#038;w=900&#038;ssl=1 900w,https:\/\/i0.wp.com\/www.cisa-arica.cl\/wp1\/wp-content\/uploads\/2025\/05\/WhatsApp-Image-2025-05-12-at-9.50.27-AM-600x450.jpeg?strip=info&#038;w=1200&#038;ssl=1 1200w,https:\/\/i0.wp.com\/www.cisa-arica.cl\/wp1\/wp-content\/uploads\/2025\/05\/WhatsApp-Image-2025-05-12-at-9.50.27-AM-600x450.jpeg?strip=info&#038;w=1280&#038;ssl=1 1280w\" alt=\"\" data-height=\"960\" data-id=\"28283\" data-link=\"https:\/\/www.cisa-arica.cl\/wp1\/?attachment_id=28283\" data-url=\"https:\/\/www.cisa-arica.cl\/wp1\/wp-content\/uploads\/2025\/05\/WhatsApp-Image-2025-05-12-at-9.50.27-AM-600x450.jpeg\" data-width=\"1280\" src=\"https:\/\/i0.wp.com\/www.cisa-arica.cl\/wp1\/wp-content\/uploads\/2025\/05\/WhatsApp-Image-2025-05-12-at-9.50.27-AM-600x450.jpeg?ssl=1\" data-amp-layout=\"responsive\"\/><\/figure><\/div><div class=\"tiled-gallery__col\" style=\"flex-basis:17.46507%\"><figure class=\"tiled-gallery__item\"><img decoding=\"async\" data-attachment-id=\"28284\" data-permalink=\"https:\/\/www.cisa-arica.cl\/wp1\/2025\/04\/22\/pasacalle-celebrando-el-dia-del-libro\/whatsapp-image-2025-05-12-at-9-50-27-am-2\/\" data-orig-file=\"https:\/\/www.cisa-arica.cl\/wp1\/wp-content\/uploads\/2025\/05\/WhatsApp-Image-2025-05-12-at-9.50.27-AM-2.jpeg\" data-orig-size=\"720,1280\" data-comments-opened=\"0\" data-image-meta=\"{&quot;aperture&quot;:&quot;0&quot;,&quot;credit&quot;:&quot;&quot;,&quot;camera&quot;:&quot;&quot;,&quot;caption&quot;:&quot;&quot;,&quot;created_timestamp&quot;:&quot;0&quot;,&quot;copyright&quot;:&quot;&quot;,&quot;focal_length&quot;:&quot;0&quot;,&quot;iso&quot;:&quot;0&quot;,&quot;shutter_speed&quot;:&quot;0&quot;,&quot;title&quot;:&quot;&quot;,&quot;orientation&quot;:&quot;0&quot;}\" data-image-title=\"WhatsApp-Image-2025-05-12-at-9.50.27-AM-2\" data-image-description=\"\" data-image-caption=\"\" data-large-file=\"https:\/\/www.cisa-arica.cl\/wp1\/wp-content\/uploads\/2025\/05\/WhatsApp-Image-2025-05-12-at-9.50.27-AM-2-338x600.jpeg\" data-attachment-id=\"28284\" data-permalink=\"https:\/\/www.cisa-arica.cl\/wp1\/2025\/04\/22\/pasacalle-celebrando-el-dia-del-libro\/whatsapp-image-2025-05-12-at-9-50-27-am-2\/\" data-orig-file=\"https:\/\/www.cisa-arica.cl\/wp1\/wp-content\/uploads\/2025\/05\/WhatsApp-Image-2025-05-12-at-9.50.27-AM-2.jpeg\" data-orig-size=\"720,1280\" data-comments-opened=\"0\" data-image-meta=\"{&quot;aperture&quot;:&quot;0&quot;,&quot;credit&quot;:&quot;&quot;,&quot;camera&quot;:&quot;&quot;,&quot;caption&quot;:&quot;&quot;,&quot;created_timestamp&quot;:&quot;0&quot;,&quot;copyright&quot;:&quot;&quot;,&quot;focal_length&quot;:&quot;0&quot;,&quot;iso&quot;:&quot;0&quot;,&quot;shutter_speed&quot;:&quot;0&quot;,&quot;title&quot;:&quot;&quot;,&quot;orientation&quot;:&quot;0&quot;}\" data-image-title=\"WhatsApp-Image-2025-05-12-at-9.50.27-AM-2\" data-image-description=\"\" data-image-caption=\"\" data-large-file=\"https:\/\/www.cisa-arica.cl\/wp1\/wp-content\/uploads\/2025\/05\/WhatsApp-Image-2025-05-12-at-9.50.27-AM-2-338x600.jpeg\" role=\"button\" tabindex=\"0\" aria-label=\"Abrir la imagen 2 de 15 en pantalla completa\"srcset=\"https:\/\/i1.wp.com\/www.cisa-arica.cl\/wp1\/wp-content\/uploads\/2025\/05\/WhatsApp-Image-2025-05-12-at-9.50.27-AM-2-338x600.jpeg?strip=info&#038;w=600&#038;ssl=1 600w,https:\/\/i1.wp.com\/www.cisa-arica.cl\/wp1\/wp-content\/uploads\/2025\/05\/WhatsApp-Image-2025-05-12-at-9.50.27-AM-2-338x600.jpeg?strip=info&#038;w=720&#038;ssl=1 720w\" alt=\"\" data-height=\"1280\" data-id=\"28284\" data-link=\"https:\/\/www.cisa-arica.cl\/wp1\/?attachment_id=28284\" data-url=\"https:\/\/www.cisa-arica.cl\/wp1\/wp-content\/uploads\/2025\/05\/WhatsApp-Image-2025-05-12-at-9.50.27-AM-2-338x600.jpeg\" data-width=\"720\" src=\"https:\/\/i1.wp.com\/www.cisa-arica.cl\/wp1\/wp-content\/uploads\/2025\/05\/WhatsApp-Image-2025-05-12-at-9.50.27-AM-2-338x600.jpeg?ssl=1\" data-amp-layout=\"responsive\"\/><\/figure><\/div><div class=\"tiled-gallery__col\" style=\"flex-basis:41.26746%\"><figure class=\"tiled-gallery__item\"><img decoding=\"async\" data-attachment-id=\"28285\" data-permalink=\"https:\/\/www.cisa-arica.cl\/wp1\/2025\/04\/22\/pasacalle-celebrando-el-dia-del-libro\/whatsapp-image-2025-05-12-at-9-50-27-am-1\/\" data-orig-file=\"https:\/\/www.cisa-arica.cl\/wp1\/wp-content\/uploads\/2025\/05\/WhatsApp-Image-2025-05-12-at-9.50.27-AM-1.jpeg\" data-orig-size=\"1280,960\" data-comments-opened=\"0\" data-image-meta=\"{&quot;aperture&quot;:&quot;0&quot;,&quot;credit&quot;:&quot;&quot;,&quot;camera&quot;:&quot;&quot;,&quot;caption&quot;:&quot;&quot;,&quot;created_timestamp&quot;:&quot;0&quot;,&quot;copyright&quot;:&quot;&quot;,&quot;focal_length&quot;:&quot;0&quot;,&quot;iso&quot;:&quot;0&quot;,&quot;shutter_speed&quot;:&quot;0&quot;,&quot;title&quot;:&quot;&quot;,&quot;orientation&quot;:&quot;0&quot;}\" data-image-title=\"WhatsApp-Image-2025-05-12-at-9.50.27-AM-1\" data-image-description=\"\" data-image-caption=\"\" data-large-file=\"https:\/\/www.cisa-arica.cl\/wp1\/wp-content\/uploads\/2025\/05\/WhatsApp-Image-2025-05-12-at-9.50.27-AM-1-600x450.jpeg\" data-attachment-id=\"28285\" data-permalink=\"https:\/\/www.cisa-arica.cl\/wp1\/2025\/04\/22\/pasacalle-celebrando-el-dia-del-libro\/whatsapp-image-2025-05-12-at-9-50-27-am-1\/\" data-orig-file=\"https:\/\/www.cisa-arica.cl\/wp1\/wp-content\/uploads\/2025\/05\/WhatsApp-Image-2025-05-12-at-9.50.27-AM-1.jpeg\" data-orig-size=\"1280,960\" data-comments-opened=\"0\" data-image-meta=\"{&quot;aperture&quot;:&quot;0&quot;,&quot;credit&quot;:&quot;&quot;,&quot;camera&quot;:&quot;&quot;,&quot;caption&quot;:&quot;&quot;,&quot;created_timestamp&quot;:&quot;0&quot;,&quot;copyright&quot;:&quot;&quot;,&quot;focal_length&quot;:&quot;0&quot;,&quot;iso&quot;:&quot;0&quot;,&quot;shutter_speed&quot;:&quot;0&quot;,&quot;title&quot;:&quot;&quot;,&quot;orientation&quot;:&quot;0&quot;}\" data-image-title=\"WhatsApp-Image-2025-05-12-at-9.50.27-AM-1\" data-image-description=\"\" data-image-caption=\"\" data-large-file=\"https:\/\/www.cisa-arica.cl\/wp1\/wp-content\/uploads\/2025\/05\/WhatsApp-Image-2025-05-12-at-9.50.27-AM-1-600x450.jpeg\" role=\"button\" tabindex=\"0\" aria-label=\"Abrir la imagen 3 de 15 en pantalla completa\"srcset=\"https:\/\/i1.wp.com\/www.cisa-arica.cl\/wp1\/wp-content\/uploads\/2025\/05\/WhatsApp-Image-2025-05-12-at-9.50.27-AM-1-600x450.jpeg?strip=info&#038;w=600&#038;ssl=1 600w,https:\/\/i1.wp.com\/www.cisa-arica.cl\/wp1\/wp-content\/uploads\/2025\/05\/WhatsApp-Image-2025-05-12-at-9.50.27-AM-1-600x450.jpeg?strip=info&#038;w=900&#038;ssl=1 900w,https:\/\/i1.wp.com\/www.cisa-arica.cl\/wp1\/wp-content\/uploads\/2025\/05\/WhatsApp-Image-2025-05-12-at-9.50.27-AM-1-600x450.jpeg?strip=info&#038;w=1200&#038;ssl=1 1200w,https:\/\/i1.wp.com\/www.cisa-arica.cl\/wp1\/wp-content\/uploads\/2025\/05\/WhatsApp-Image-2025-05-12-at-9.50.27-AM-1-600x450.jpeg?strip=info&#038;w=1280&#038;ssl=1 1280w\" alt=\"\" data-height=\"960\" data-id=\"28285\" data-link=\"https:\/\/www.cisa-arica.cl\/wp1\/?attachment_id=28285\" data-url=\"https:\/\/www.cisa-arica.cl\/wp1\/wp-content\/uploads\/2025\/05\/WhatsApp-Image-2025-05-12-at-9.50.27-AM-1-600x450.jpeg\" data-width=\"1280\" src=\"https:\/\/i1.wp.com\/www.cisa-arica.cl\/wp1\/wp-content\/uploads\/2025\/05\/WhatsApp-Image-2025-05-12-at-9.50.27-AM-1-600x450.jpeg?ssl=1\" data-amp-layout=\"responsive\"\/><\/figure><\/div><\/div><div class=\"tiled-gallery__row\"><div class=\"tiled-gallery__col\" style=\"flex-basis:37.07532%\"><figure class=\"tiled-gallery__item\"><img decoding=\"async\" data-attachment-id=\"28286\" data-permalink=\"https:\/\/www.cisa-arica.cl\/wp1\/2025\/04\/22\/pasacalle-celebrando-el-dia-del-libro\/whatsapp-image-2025-05-12-at-9-50-26-am\/\" data-orig-file=\"https:\/\/www.cisa-arica.cl\/wp1\/wp-content\/uploads\/2025\/05\/WhatsApp-Image-2025-05-12-at-9.50.26-AM.jpeg\" data-orig-size=\"1280,960\" data-comments-opened=\"0\" data-image-meta=\"{&quot;aperture&quot;:&quot;0&quot;,&quot;credit&quot;:&quot;&quot;,&quot;camera&quot;:&quot;&quot;,&quot;caption&quot;:&quot;&quot;,&quot;created_timestamp&quot;:&quot;0&quot;,&quot;copyright&quot;:&quot;&quot;,&quot;focal_length&quot;:&quot;0&quot;,&quot;iso&quot;:&quot;0&quot;,&quot;shutter_speed&quot;:&quot;0&quot;,&quot;title&quot;:&quot;&quot;,&quot;orientation&quot;:&quot;0&quot;}\" data-image-title=\"WhatsApp-Image-2025-05-12-at-9.50.26-AM\" data-image-description=\"\" data-image-caption=\"\" data-large-file=\"https:\/\/www.cisa-arica.cl\/wp1\/wp-content\/uploads\/2025\/05\/WhatsApp-Image-2025-05-12-at-9.50.26-AM-600x450.jpeg\" data-attachment-id=\"28286\" data-permalink=\"https:\/\/www.cisa-arica.cl\/wp1\/2025\/04\/22\/pasacalle-celebrando-el-dia-del-libro\/whatsapp-image-2025-05-12-at-9-50-26-am\/\" data-orig-file=\"https:\/\/www.cisa-arica.cl\/wp1\/wp-content\/uploads\/2025\/05\/WhatsApp-Image-2025-05-12-at-9.50.26-AM.jpeg\" data-orig-size=\"1280,960\" data-comments-opened=\"0\" data-image-meta=\"{&quot;aperture&quot;:&quot;0&quot;,&quot;credit&quot;:&quot;&quot;,&quot;camera&quot;:&quot;&quot;,&quot;caption&quot;:&quot;&quot;,&quot;created_timestamp&quot;:&quot;0&quot;,&quot;copyright&quot;:&quot;&quot;,&quot;focal_length&quot;:&quot;0&quot;,&quot;iso&quot;:&quot;0&quot;,&quot;shutter_speed&quot;:&quot;0&quot;,&quot;title&quot;:&quot;&quot;,&quot;orientation&quot;:&quot;0&quot;}\" data-image-title=\"WhatsApp-Image-2025-05-12-at-9.50.26-AM\" data-image-description=\"\" data-image-caption=\"\" data-large-file=\"https:\/\/www.cisa-arica.cl\/wp1\/wp-content\/uploads\/2025\/05\/WhatsApp-Image-2025-05-12-at-9.50.26-AM-600x450.jpeg\" role=\"button\" tabindex=\"0\" aria-label=\"Abrir la imagen 4 de 15 en pantalla completa\"srcset=\"https:\/\/i1.wp.com\/www.cisa-arica.cl\/wp1\/wp-content\/uploads\/2025\/05\/WhatsApp-Image-2025-05-12-at-9.50.26-AM-600x450.jpeg?strip=info&#038;w=600&#038;ssl=1 600w,https:\/\/i1.wp.com\/www.cisa-arica.cl\/wp1\/wp-content\/uploads\/2025\/05\/WhatsApp-Image-2025-05-12-at-9.50.26-AM-600x450.jpeg?strip=info&#038;w=900&#038;ssl=1 900w,https:\/\/i1.wp.com\/www.cisa-arica.cl\/wp1\/wp-content\/uploads\/2025\/05\/WhatsApp-Image-2025-05-12-at-9.50.26-AM-600x450.jpeg?strip=info&#038;w=1200&#038;ssl=1 1200w,https:\/\/i1.wp.com\/www.cisa-arica.cl\/wp1\/wp-content\/uploads\/2025\/05\/WhatsApp-Image-2025-05-12-at-9.50.26-AM-600x450.jpeg?strip=info&#038;w=1280&#038;ssl=1 1280w\" alt=\"\" data-height=\"960\" data-id=\"28286\" data-link=\"https:\/\/www.cisa-arica.cl\/wp1\/?attachment_id=28286\" data-url=\"https:\/\/www.cisa-arica.cl\/wp1\/wp-content\/uploads\/2025\/05\/WhatsApp-Image-2025-05-12-at-9.50.26-AM-600x450.jpeg\" data-width=\"1280\" src=\"https:\/\/i1.wp.com\/www.cisa-arica.cl\/wp1\/wp-content\/uploads\/2025\/05\/WhatsApp-Image-2025-05-12-at-9.50.26-AM-600x450.jpeg?ssl=1\" data-amp-layout=\"responsive\"\/><\/figure><figure class=\"tiled-gallery__item\"><img decoding=\"async\" data-attachment-id=\"28287\" data-permalink=\"https:\/\/www.cisa-arica.cl\/wp1\/2025\/04\/22\/pasacalle-celebrando-el-dia-del-libro\/whatsapp-image-2025-05-12-at-9-50-26-am-1\/\" data-orig-file=\"https:\/\/www.cisa-arica.cl\/wp1\/wp-content\/uploads\/2025\/05\/WhatsApp-Image-2025-05-12-at-9.50.26-AM-1.jpeg\" data-orig-size=\"1280,960\" data-comments-opened=\"0\" data-image-meta=\"{&quot;aperture&quot;:&quot;0&quot;,&quot;credit&quot;:&quot;&quot;,&quot;camera&quot;:&quot;&quot;,&quot;caption&quot;:&quot;&quot;,&quot;created_timestamp&quot;:&quot;0&quot;,&quot;copyright&quot;:&quot;&quot;,&quot;focal_length&quot;:&quot;0&quot;,&quot;iso&quot;:&quot;0&quot;,&quot;shutter_speed&quot;:&quot;0&quot;,&quot;title&quot;:&quot;&quot;,&quot;orientation&quot;:&quot;0&quot;}\" data-image-title=\"WhatsApp-Image-2025-05-12-at-9.50.26-AM-1\" data-image-description=\"\" data-image-caption=\"\" data-large-file=\"https:\/\/www.cisa-arica.cl\/wp1\/wp-content\/uploads\/2025\/05\/WhatsApp-Image-2025-05-12-at-9.50.26-AM-1-600x450.jpeg\" data-attachment-id=\"28287\" data-permalink=\"https:\/\/www.cisa-arica.cl\/wp1\/2025\/04\/22\/pasacalle-celebrando-el-dia-del-libro\/whatsapp-image-2025-05-12-at-9-50-26-am-1\/\" data-orig-file=\"https:\/\/www.cisa-arica.cl\/wp1\/wp-content\/uploads\/2025\/05\/WhatsApp-Image-2025-05-12-at-9.50.26-AM-1.jpeg\" data-orig-size=\"1280,960\" data-comments-opened=\"0\" data-image-meta=\"{&quot;aperture&quot;:&quot;0&quot;,&quot;credit&quot;:&quot;&quot;,&quot;camera&quot;:&quot;&quot;,&quot;caption&quot;:&quot;&quot;,&quot;created_timestamp&quot;:&quot;0&quot;,&quot;copyright&quot;:&quot;&quot;,&quot;focal_length&quot;:&quot;0&quot;,&quot;iso&quot;:&quot;0&quot;,&quot;shutter_speed&quot;:&quot;0&quot;,&quot;title&quot;:&quot;&quot;,&quot;orientation&quot;:&quot;0&quot;}\" data-image-title=\"WhatsApp-Image-2025-05-12-at-9.50.26-AM-1\" data-image-description=\"\" data-image-caption=\"\" data-large-file=\"https:\/\/www.cisa-arica.cl\/wp1\/wp-content\/uploads\/2025\/05\/WhatsApp-Image-2025-05-12-at-9.50.26-AM-1-600x450.jpeg\" role=\"button\" tabindex=\"0\" aria-label=\"Abrir la imagen 5 de 15 en pantalla completa\"srcset=\"https:\/\/i1.wp.com\/www.cisa-arica.cl\/wp1\/wp-content\/uploads\/2025\/05\/WhatsApp-Image-2025-05-12-at-9.50.26-AM-1-600x450.jpeg?strip=info&#038;w=600&#038;ssl=1 600w,https:\/\/i1.wp.com\/www.cisa-arica.cl\/wp1\/wp-content\/uploads\/2025\/05\/WhatsApp-Image-2025-05-12-at-9.50.26-AM-1-600x450.jpeg?strip=info&#038;w=900&#038;ssl=1 900w,https:\/\/i1.wp.com\/www.cisa-arica.cl\/wp1\/wp-content\/uploads\/2025\/05\/WhatsApp-Image-2025-05-12-at-9.50.26-AM-1-600x450.jpeg?strip=info&#038;w=1200&#038;ssl=1 1200w,https:\/\/i1.wp.com\/www.cisa-arica.cl\/wp1\/wp-content\/uploads\/2025\/05\/WhatsApp-Image-2025-05-12-at-9.50.26-AM-1-600x450.jpeg?strip=info&#038;w=1280&#038;ssl=1 1280w\" alt=\"\" data-height=\"960\" data-id=\"28287\" data-link=\"https:\/\/www.cisa-arica.cl\/wp1\/?attachment_id=28287\" data-url=\"https:\/\/www.cisa-arica.cl\/wp1\/wp-content\/uploads\/2025\/05\/WhatsApp-Image-2025-05-12-at-9.50.26-AM-1-600x450.jpeg\" data-width=\"1280\" src=\"https:\/\/i1.wp.com\/www.cisa-arica.cl\/wp1\/wp-content\/uploads\/2025\/05\/WhatsApp-Image-2025-05-12-at-9.50.26-AM-1-600x450.jpeg?ssl=1\" data-amp-layout=\"responsive\"\/><\/figure><figure class=\"tiled-gallery__item\"><img decoding=\"async\" data-attachment-id=\"28288\" data-permalink=\"https:\/\/www.cisa-arica.cl\/wp1\/2025\/04\/22\/pasacalle-celebrando-el-dia-del-libro\/whatsapp-image-2025-05-12-at-9-50-25-am\/\" data-orig-file=\"https:\/\/www.cisa-arica.cl\/wp1\/wp-content\/uploads\/2025\/05\/WhatsApp-Image-2025-05-12-at-9.50.25-AM.jpeg\" data-orig-size=\"1280,960\" data-comments-opened=\"0\" data-image-meta=\"{&quot;aperture&quot;:&quot;0&quot;,&quot;credit&quot;:&quot;&quot;,&quot;camera&quot;:&quot;&quot;,&quot;caption&quot;:&quot;&quot;,&quot;created_timestamp&quot;:&quot;0&quot;,&quot;copyright&quot;:&quot;&quot;,&quot;focal_length&quot;:&quot;0&quot;,&quot;iso&quot;:&quot;0&quot;,&quot;shutter_speed&quot;:&quot;0&quot;,&quot;title&quot;:&quot;&quot;,&quot;orientation&quot;:&quot;0&quot;}\" data-image-title=\"WhatsApp-Image-2025-05-12-at-9.50.25-AM\" data-image-description=\"\" data-image-caption=\"\" data-large-file=\"https:\/\/www.cisa-arica.cl\/wp1\/wp-content\/uploads\/2025\/05\/WhatsApp-Image-2025-05-12-at-9.50.25-AM-600x450.jpeg\" data-attachment-id=\"28288\" data-permalink=\"https:\/\/www.cisa-arica.cl\/wp1\/2025\/04\/22\/pasacalle-celebrando-el-dia-del-libro\/whatsapp-image-2025-05-12-at-9-50-25-am\/\" data-orig-file=\"https:\/\/www.cisa-arica.cl\/wp1\/wp-content\/uploads\/2025\/05\/WhatsApp-Image-2025-05-12-at-9.50.25-AM.jpeg\" data-orig-size=\"1280,960\" data-comments-opened=\"0\" data-image-meta=\"{&quot;aperture&quot;:&quot;0&quot;,&quot;credit&quot;:&quot;&quot;,&quot;camera&quot;:&quot;&quot;,&quot;caption&quot;:&quot;&quot;,&quot;created_timestamp&quot;:&quot;0&quot;,&quot;copyright&quot;:&quot;&quot;,&quot;focal_length&quot;:&quot;0&quot;,&quot;iso&quot;:&quot;0&quot;,&quot;shutter_speed&quot;:&quot;0&quot;,&quot;title&quot;:&quot;&quot;,&quot;orientation&quot;:&quot;0&quot;}\" data-image-title=\"WhatsApp-Image-2025-05-12-at-9.50.25-AM\" data-image-description=\"\" data-image-caption=\"\" data-large-file=\"https:\/\/www.cisa-arica.cl\/wp1\/wp-content\/uploads\/2025\/05\/WhatsApp-Image-2025-05-12-at-9.50.25-AM-600x450.jpeg\" role=\"button\" tabindex=\"0\" aria-label=\"Abrir la imagen 6 de 15 en pantalla completa\"srcset=\"https:\/\/i2.wp.com\/www.cisa-arica.cl\/wp1\/wp-content\/uploads\/2025\/05\/WhatsApp-Image-2025-05-12-at-9.50.25-AM-600x450.jpeg?strip=info&#038;w=600&#038;ssl=1 600w,https:\/\/i2.wp.com\/www.cisa-arica.cl\/wp1\/wp-content\/uploads\/2025\/05\/WhatsApp-Image-2025-05-12-at-9.50.25-AM-600x450.jpeg?strip=info&#038;w=900&#038;ssl=1 900w,https:\/\/i2.wp.com\/www.cisa-arica.cl\/wp1\/wp-content\/uploads\/2025\/05\/WhatsApp-Image-2025-05-12-at-9.50.25-AM-600x450.jpeg?strip=info&#038;w=1200&#038;ssl=1 1200w,https:\/\/i2.wp.com\/www.cisa-arica.cl\/wp1\/wp-content\/uploads\/2025\/05\/WhatsApp-Image-2025-05-12-at-9.50.25-AM-600x450.jpeg?strip=info&#038;w=1280&#038;ssl=1 1280w\" alt=\"\" data-height=\"960\" data-id=\"28288\" data-link=\"https:\/\/www.cisa-arica.cl\/wp1\/?attachment_id=28288\" data-url=\"https:\/\/www.cisa-arica.cl\/wp1\/wp-content\/uploads\/2025\/05\/WhatsApp-Image-2025-05-12-at-9.50.25-AM-600x450.jpeg\" data-width=\"1280\" src=\"https:\/\/i2.wp.com\/www.cisa-arica.cl\/wp1\/wp-content\/uploads\/2025\/05\/WhatsApp-Image-2025-05-12-at-9.50.25-AM-600x450.jpeg?ssl=1\" data-amp-layout=\"responsive\"\/><\/figure><\/div><div class=\"tiled-gallery__col\" style=\"flex-basis:62.92468%\"><figure class=\"tiled-gallery__item\"><img decoding=\"async\" data-attachment-id=\"28289\" data-permalink=\"https:\/\/www.cisa-arica.cl\/wp1\/2025\/04\/22\/pasacalle-celebrando-el-dia-del-libro\/whatsapp-image-2025-05-12-at-9-50-25-am-1\/\" data-orig-file=\"https:\/\/www.cisa-arica.cl\/wp1\/wp-content\/uploads\/2025\/05\/WhatsApp-Image-2025-05-12-at-9.50.25-AM-1.jpeg\" data-orig-size=\"960,1280\" data-comments-opened=\"0\" data-image-meta=\"{&quot;aperture&quot;:&quot;0&quot;,&quot;credit&quot;:&quot;&quot;,&quot;camera&quot;:&quot;&quot;,&quot;caption&quot;:&quot;&quot;,&quot;created_timestamp&quot;:&quot;0&quot;,&quot;copyright&quot;:&quot;&quot;,&quot;focal_length&quot;:&quot;0&quot;,&quot;iso&quot;:&quot;0&quot;,&quot;shutter_speed&quot;:&quot;0&quot;,&quot;title&quot;:&quot;&quot;,&quot;orientation&quot;:&quot;0&quot;}\" data-image-title=\"WhatsApp-Image-2025-05-12-at-9.50.25-AM-1\" data-image-description=\"\" data-image-caption=\"\" data-large-file=\"https:\/\/www.cisa-arica.cl\/wp1\/wp-content\/uploads\/2025\/05\/WhatsApp-Image-2025-05-12-at-9.50.25-AM-1-450x600.jpeg\" data-attachment-id=\"28289\" data-permalink=\"https:\/\/www.cisa-arica.cl\/wp1\/2025\/04\/22\/pasacalle-celebrando-el-dia-del-libro\/whatsapp-image-2025-05-12-at-9-50-25-am-1\/\" data-orig-file=\"https:\/\/www.cisa-arica.cl\/wp1\/wp-content\/uploads\/2025\/05\/WhatsApp-Image-2025-05-12-at-9.50.25-AM-1.jpeg\" data-orig-size=\"960,1280\" data-comments-opened=\"0\" data-image-meta=\"{&quot;aperture&quot;:&quot;0&quot;,&quot;credit&quot;:&quot;&quot;,&quot;camera&quot;:&quot;&quot;,&quot;caption&quot;:&quot;&quot;,&quot;created_timestamp&quot;:&quot;0&quot;,&quot;copyright&quot;:&quot;&quot;,&quot;focal_length&quot;:&quot;0&quot;,&quot;iso&quot;:&quot;0&quot;,&quot;shutter_speed&quot;:&quot;0&quot;,&quot;title&quot;:&quot;&quot;,&quot;orientation&quot;:&quot;0&quot;}\" data-image-title=\"WhatsApp-Image-2025-05-12-at-9.50.25-AM-1\" data-image-description=\"\" data-image-caption=\"\" data-large-file=\"https:\/\/www.cisa-arica.cl\/wp1\/wp-content\/uploads\/2025\/05\/WhatsApp-Image-2025-05-12-at-9.50.25-AM-1-450x600.jpeg\" role=\"button\" tabindex=\"0\" aria-label=\"Abrir la imagen 7 de 15 en pantalla completa\"srcset=\"https:\/\/i2.wp.com\/www.cisa-arica.cl\/wp1\/wp-content\/uploads\/2025\/05\/WhatsApp-Image-2025-05-12-at-9.50.25-AM-1-450x600.jpeg?strip=info&#038;w=600&#038;ssl=1 600w,https:\/\/i2.wp.com\/www.cisa-arica.cl\/wp1\/wp-content\/uploads\/2025\/05\/WhatsApp-Image-2025-05-12-at-9.50.25-AM-1-450x600.jpeg?strip=info&#038;w=900&#038;ssl=1 900w,https:\/\/i2.wp.com\/www.cisa-arica.cl\/wp1\/wp-content\/uploads\/2025\/05\/WhatsApp-Image-2025-05-12-at-9.50.25-AM-1-450x600.jpeg?strip=info&#038;w=960&#038;ssl=1 960w\" alt=\"\" data-height=\"1280\" data-id=\"28289\" data-link=\"https:\/\/www.cisa-arica.cl\/wp1\/?attachment_id=28289\" data-url=\"https:\/\/www.cisa-arica.cl\/wp1\/wp-content\/uploads\/2025\/05\/WhatsApp-Image-2025-05-12-at-9.50.25-AM-1-450x600.jpeg\" data-width=\"960\" src=\"https:\/\/i2.wp.com\/www.cisa-arica.cl\/wp1\/wp-content\/uploads\/2025\/05\/WhatsApp-Image-2025-05-12-at-9.50.25-AM-1-450x600.jpeg?ssl=1\" data-amp-layout=\"responsive\"\/><\/figure><\/div><\/div><div class=\"tiled-gallery__row\"><div class=\"tiled-gallery__col\" style=\"flex-basis:46.97197%\"><figure class=\"tiled-gallery__item\"><img decoding=\"async\" data-attachment-id=\"28290\" data-permalink=\"https:\/\/www.cisa-arica.cl\/wp1\/2025\/04\/22\/pasacalle-celebrando-el-dia-del-libro\/whatsapp-image-2025-05-12-at-9-50-24-am\/\" data-orig-file=\"https:\/\/www.cisa-arica.cl\/wp1\/wp-content\/uploads\/2025\/05\/WhatsApp-Image-2025-05-12-at-9.50.24-AM.jpeg\" data-orig-size=\"1280,960\" data-comments-opened=\"0\" data-image-meta=\"{&quot;aperture&quot;:&quot;0&quot;,&quot;credit&quot;:&quot;&quot;,&quot;camera&quot;:&quot;&quot;,&quot;caption&quot;:&quot;&quot;,&quot;created_timestamp&quot;:&quot;0&quot;,&quot;copyright&quot;:&quot;&quot;,&quot;focal_length&quot;:&quot;0&quot;,&quot;iso&quot;:&quot;0&quot;,&quot;shutter_speed&quot;:&quot;0&quot;,&quot;title&quot;:&quot;&quot;,&quot;orientation&quot;:&quot;0&quot;}\" data-image-title=\"WhatsApp-Image-2025-05-12-at-9.50.24-AM\" data-image-description=\"\" data-image-caption=\"\" data-large-file=\"https:\/\/www.cisa-arica.cl\/wp1\/wp-content\/uploads\/2025\/05\/WhatsApp-Image-2025-05-12-at-9.50.24-AM-600x450.jpeg\" data-attachment-id=\"28290\" data-permalink=\"https:\/\/www.cisa-arica.cl\/wp1\/2025\/04\/22\/pasacalle-celebrando-el-dia-del-libro\/whatsapp-image-2025-05-12-at-9-50-24-am\/\" data-orig-file=\"https:\/\/www.cisa-arica.cl\/wp1\/wp-content\/uploads\/2025\/05\/WhatsApp-Image-2025-05-12-at-9.50.24-AM.jpeg\" data-orig-size=\"1280,960\" data-comments-opened=\"0\" data-image-meta=\"{&quot;aperture&quot;:&quot;0&quot;,&quot;credit&quot;:&quot;&quot;,&quot;camera&quot;:&quot;&quot;,&quot;caption&quot;:&quot;&quot;,&quot;created_timestamp&quot;:&quot;0&quot;,&quot;copyright&quot;:&quot;&quot;,&quot;focal_length&quot;:&quot;0&quot;,&quot;iso&quot;:&quot;0&quot;,&quot;shutter_speed&quot;:&quot;0&quot;,&quot;title&quot;:&quot;&quot;,&quot;orientation&quot;:&quot;0&quot;}\" data-image-title=\"WhatsApp-Image-2025-05-12-at-9.50.24-AM\" data-image-description=\"\" data-image-caption=\"\" data-large-file=\"https:\/\/www.cisa-arica.cl\/wp1\/wp-content\/uploads\/2025\/05\/WhatsApp-Image-2025-05-12-at-9.50.24-AM-600x450.jpeg\" role=\"button\" tabindex=\"0\" aria-label=\"Abrir la imagen 8 de 15 en pantalla completa\"srcset=\"https:\/\/i0.wp.com\/www.cisa-arica.cl\/wp1\/wp-content\/uploads\/2025\/05\/WhatsApp-Image-2025-05-12-at-9.50.24-AM-600x450.jpeg?strip=info&#038;w=600&#038;ssl=1 600w,https:\/\/i0.wp.com\/www.cisa-arica.cl\/wp1\/wp-content\/uploads\/2025\/05\/WhatsApp-Image-2025-05-12-at-9.50.24-AM-600x450.jpeg?strip=info&#038;w=900&#038;ssl=1 900w,https:\/\/i0.wp.com\/www.cisa-arica.cl\/wp1\/wp-content\/uploads\/2025\/05\/WhatsApp-Image-2025-05-12-at-9.50.24-AM-600x450.jpeg?strip=info&#038;w=1200&#038;ssl=1 1200w,https:\/\/i0.wp.com\/www.cisa-arica.cl\/wp1\/wp-content\/uploads\/2025\/05\/WhatsApp-Image-2025-05-12-at-9.50.24-AM-600x450.jpeg?strip=info&#038;w=1280&#038;ssl=1 1280w\" alt=\"\" data-height=\"960\" data-id=\"28290\" data-link=\"https:\/\/www.cisa-arica.cl\/wp1\/?attachment_id=28290\" data-url=\"https:\/\/www.cisa-arica.cl\/wp1\/wp-content\/uploads\/2025\/05\/WhatsApp-Image-2025-05-12-at-9.50.24-AM-600x450.jpeg\" data-width=\"1280\" src=\"https:\/\/i0.wp.com\/www.cisa-arica.cl\/wp1\/wp-content\/uploads\/2025\/05\/WhatsApp-Image-2025-05-12-at-9.50.24-AM-600x450.jpeg?ssl=1\" data-amp-layout=\"responsive\"\/><\/figure><figure class=\"tiled-gallery__item\"><img decoding=\"async\" data-attachment-id=\"28291\" data-permalink=\"https:\/\/www.cisa-arica.cl\/wp1\/2025\/04\/22\/pasacalle-celebrando-el-dia-del-libro\/whatsapp-image-2025-05-12-at-9-50-24-am-1\/\" data-orig-file=\"https:\/\/www.cisa-arica.cl\/wp1\/wp-content\/uploads\/2025\/05\/WhatsApp-Image-2025-05-12-at-9.50.24-AM-1.jpeg\" data-orig-size=\"1280,960\" data-comments-opened=\"0\" data-image-meta=\"{&quot;aperture&quot;:&quot;0&quot;,&quot;credit&quot;:&quot;&quot;,&quot;camera&quot;:&quot;&quot;,&quot;caption&quot;:&quot;&quot;,&quot;created_timestamp&quot;:&quot;0&quot;,&quot;copyright&quot;:&quot;&quot;,&quot;focal_length&quot;:&quot;0&quot;,&quot;iso&quot;:&quot;0&quot;,&quot;shutter_speed&quot;:&quot;0&quot;,&quot;title&quot;:&quot;&quot;,&quot;orientation&quot;:&quot;0&quot;}\" data-image-title=\"WhatsApp-Image-2025-05-12-at-9.50.24-AM-1\" data-image-description=\"\" data-image-caption=\"\" data-large-file=\"https:\/\/www.cisa-arica.cl\/wp1\/wp-content\/uploads\/2025\/05\/WhatsApp-Image-2025-05-12-at-9.50.24-AM-1-600x450.jpeg\" data-attachment-id=\"28291\" data-permalink=\"https:\/\/www.cisa-arica.cl\/wp1\/2025\/04\/22\/pasacalle-celebrando-el-dia-del-libro\/whatsapp-image-2025-05-12-at-9-50-24-am-1\/\" data-orig-file=\"https:\/\/www.cisa-arica.cl\/wp1\/wp-content\/uploads\/2025\/05\/WhatsApp-Image-2025-05-12-at-9.50.24-AM-1.jpeg\" data-orig-size=\"1280,960\" data-comments-opened=\"0\" data-image-meta=\"{&quot;aperture&quot;:&quot;0&quot;,&quot;credit&quot;:&quot;&quot;,&quot;camera&quot;:&quot;&quot;,&quot;caption&quot;:&quot;&quot;,&quot;created_timestamp&quot;:&quot;0&quot;,&quot;copyright&quot;:&quot;&quot;,&quot;focal_length&quot;:&quot;0&quot;,&quot;iso&quot;:&quot;0&quot;,&quot;shutter_speed&quot;:&quot;0&quot;,&quot;title&quot;:&quot;&quot;,&quot;orientation&quot;:&quot;0&quot;}\" data-image-title=\"WhatsApp-Image-2025-05-12-at-9.50.24-AM-1\" data-image-description=\"\" data-image-caption=\"\" data-large-file=\"https:\/\/www.cisa-arica.cl\/wp1\/wp-content\/uploads\/2025\/05\/WhatsApp-Image-2025-05-12-at-9.50.24-AM-1-600x450.jpeg\" role=\"button\" tabindex=\"0\" aria-label=\"Abrir la imagen 9 de 15 en pantalla completa\"srcset=\"https:\/\/i1.wp.com\/www.cisa-arica.cl\/wp1\/wp-content\/uploads\/2025\/05\/WhatsApp-Image-2025-05-12-at-9.50.24-AM-1-600x450.jpeg?strip=info&#038;w=600&#038;ssl=1 600w,https:\/\/i1.wp.com\/www.cisa-arica.cl\/wp1\/wp-content\/uploads\/2025\/05\/WhatsApp-Image-2025-05-12-at-9.50.24-AM-1-600x450.jpeg?strip=info&#038;w=900&#038;ssl=1 900w,https:\/\/i1.wp.com\/www.cisa-arica.cl\/wp1\/wp-content\/uploads\/2025\/05\/WhatsApp-Image-2025-05-12-at-9.50.24-AM-1-600x450.jpeg?strip=info&#038;w=1200&#038;ssl=1 1200w,https:\/\/i1.wp.com\/www.cisa-arica.cl\/wp1\/wp-content\/uploads\/2025\/05\/WhatsApp-Image-2025-05-12-at-9.50.24-AM-1-600x450.jpeg?strip=info&#038;w=1280&#038;ssl=1 1280w\" alt=\"\" data-height=\"960\" data-id=\"28291\" data-link=\"https:\/\/www.cisa-arica.cl\/wp1\/?attachment_id=28291\" data-url=\"https:\/\/www.cisa-arica.cl\/wp1\/wp-content\/uploads\/2025\/05\/WhatsApp-Image-2025-05-12-at-9.50.24-AM-1-600x450.jpeg\" data-width=\"1280\" src=\"https:\/\/i1.wp.com\/www.cisa-arica.cl\/wp1\/wp-content\/uploads\/2025\/05\/WhatsApp-Image-2025-05-12-at-9.50.24-AM-1-600x450.jpeg?ssl=1\" data-amp-layout=\"responsive\"\/><\/figure><\/div><div class=\"tiled-gallery__col\" style=\"flex-basis:53.02803%\"><figure class=\"tiled-gallery__item\"><img decoding=\"async\" data-attachment-id=\"28292\" data-permalink=\"https:\/\/www.cisa-arica.cl\/wp1\/2025\/04\/22\/pasacalle-celebrando-el-dia-del-libro\/whatsapp-image-2025-05-12-at-9-50-23-am\/\" data-orig-file=\"https:\/\/www.cisa-arica.cl\/wp1\/wp-content\/uploads\/2025\/05\/WhatsApp-Image-2025-05-12-at-9.50.23-AM.jpeg\" data-orig-size=\"959,1280\" data-comments-opened=\"0\" data-image-meta=\"{&quot;aperture&quot;:&quot;0&quot;,&quot;credit&quot;:&quot;&quot;,&quot;camera&quot;:&quot;&quot;,&quot;caption&quot;:&quot;&quot;,&quot;created_timestamp&quot;:&quot;0&quot;,&quot;copyright&quot;:&quot;&quot;,&quot;focal_length&quot;:&quot;0&quot;,&quot;iso&quot;:&quot;0&quot;,&quot;shutter_speed&quot;:&quot;0&quot;,&quot;title&quot;:&quot;&quot;,&quot;orientation&quot;:&quot;0&quot;}\" data-image-title=\"WhatsApp-Image-2025-05-12-at-9.50.23-AM\" data-image-description=\"\" data-image-caption=\"\" data-large-file=\"https:\/\/www.cisa-arica.cl\/wp1\/wp-content\/uploads\/2025\/05\/WhatsApp-Image-2025-05-12-at-9.50.23-AM-450x600.jpeg\" data-attachment-id=\"28292\" data-permalink=\"https:\/\/www.cisa-arica.cl\/wp1\/2025\/04\/22\/pasacalle-celebrando-el-dia-del-libro\/whatsapp-image-2025-05-12-at-9-50-23-am\/\" data-orig-file=\"https:\/\/www.cisa-arica.cl\/wp1\/wp-content\/uploads\/2025\/05\/WhatsApp-Image-2025-05-12-at-9.50.23-AM.jpeg\" data-orig-size=\"959,1280\" data-comments-opened=\"0\" data-image-meta=\"{&quot;aperture&quot;:&quot;0&quot;,&quot;credit&quot;:&quot;&quot;,&quot;camera&quot;:&quot;&quot;,&quot;caption&quot;:&quot;&quot;,&quot;created_timestamp&quot;:&quot;0&quot;,&quot;copyright&quot;:&quot;&quot;,&quot;focal_length&quot;:&quot;0&quot;,&quot;iso&quot;:&quot;0&quot;,&quot;shutter_speed&quot;:&quot;0&quot;,&quot;title&quot;:&quot;&quot;,&quot;orientation&quot;:&quot;0&quot;}\" data-image-title=\"WhatsApp-Image-2025-05-12-at-9.50.23-AM\" data-image-description=\"\" data-image-caption=\"\" data-large-file=\"https:\/\/www.cisa-arica.cl\/wp1\/wp-content\/uploads\/2025\/05\/WhatsApp-Image-2025-05-12-at-9.50.23-AM-450x600.jpeg\" role=\"button\" tabindex=\"0\" aria-label=\"Abrir la imagen 10 de 15 en pantalla completa\"srcset=\"https:\/\/i0.wp.com\/www.cisa-arica.cl\/wp1\/wp-content\/uploads\/2025\/05\/WhatsApp-Image-2025-05-12-at-9.50.23-AM-450x600.jpeg?strip=info&#038;w=600&#038;ssl=1 600w,https:\/\/i0.wp.com\/www.cisa-arica.cl\/wp1\/wp-content\/uploads\/2025\/05\/WhatsApp-Image-2025-05-12-at-9.50.23-AM-450x600.jpeg?strip=info&#038;w=900&#038;ssl=1 900w,https:\/\/i0.wp.com\/www.cisa-arica.cl\/wp1\/wp-content\/uploads\/2025\/05\/WhatsApp-Image-2025-05-12-at-9.50.23-AM-450x600.jpeg?strip=info&#038;w=959&#038;ssl=1 959w\" alt=\"\" data-height=\"1280\" data-id=\"28292\" data-link=\"https:\/\/www.cisa-arica.cl\/wp1\/?attachment_id=28292\" data-url=\"https:\/\/www.cisa-arica.cl\/wp1\/wp-content\/uploads\/2025\/05\/WhatsApp-Image-2025-05-12-at-9.50.23-AM-450x600.jpeg\" data-width=\"959\" src=\"https:\/\/i0.wp.com\/www.cisa-arica.cl\/wp1\/wp-content\/uploads\/2025\/05\/WhatsApp-Image-2025-05-12-at-9.50.23-AM-450x600.jpeg?ssl=1\" data-amp-layout=\"responsive\"\/><\/figure><\/div><\/div><div class=\"tiled-gallery__row\"><div class=\"tiled-gallery__col\" style=\"flex-basis:50.00000%\"><figure class=\"tiled-gallery__item\"><img decoding=\"async\" data-attachment-id=\"28293\" data-permalink=\"https:\/\/www.cisa-arica.cl\/wp1\/2025\/04\/22\/pasacalle-celebrando-el-dia-del-libro\/whatsapp-image-2025-05-12-at-9-50-23-am-2\/\" data-orig-file=\"https:\/\/www.cisa-arica.cl\/wp1\/wp-content\/uploads\/2025\/05\/WhatsApp-Image-2025-05-12-at-9.50.23-AM-2.jpeg\" data-orig-size=\"1280,960\" data-comments-opened=\"0\" data-image-meta=\"{&quot;aperture&quot;:&quot;0&quot;,&quot;credit&quot;:&quot;&quot;,&quot;camera&quot;:&quot;&quot;,&quot;caption&quot;:&quot;&quot;,&quot;created_timestamp&quot;:&quot;0&quot;,&quot;copyright&quot;:&quot;&quot;,&quot;focal_length&quot;:&quot;0&quot;,&quot;iso&quot;:&quot;0&quot;,&quot;shutter_speed&quot;:&quot;0&quot;,&quot;title&quot;:&quot;&quot;,&quot;orientation&quot;:&quot;0&quot;}\" data-image-title=\"WhatsApp-Image-2025-05-12-at-9.50.23-AM-2\" data-image-description=\"\" data-image-caption=\"\" data-large-file=\"https:\/\/www.cisa-arica.cl\/wp1\/wp-content\/uploads\/2025\/05\/WhatsApp-Image-2025-05-12-at-9.50.23-AM-2-600x450.jpeg\" data-attachment-id=\"28293\" data-permalink=\"https:\/\/www.cisa-arica.cl\/wp1\/2025\/04\/22\/pasacalle-celebrando-el-dia-del-libro\/whatsapp-image-2025-05-12-at-9-50-23-am-2\/\" data-orig-file=\"https:\/\/www.cisa-arica.cl\/wp1\/wp-content\/uploads\/2025\/05\/WhatsApp-Image-2025-05-12-at-9.50.23-AM-2.jpeg\" data-orig-size=\"1280,960\" data-comments-opened=\"0\" data-image-meta=\"{&quot;aperture&quot;:&quot;0&quot;,&quot;credit&quot;:&quot;&quot;,&quot;camera&quot;:&quot;&quot;,&quot;caption&quot;:&quot;&quot;,&quot;created_timestamp&quot;:&quot;0&quot;,&quot;copyright&quot;:&quot;&quot;,&quot;focal_length&quot;:&quot;0&quot;,&quot;iso&quot;:&quot;0&quot;,&quot;shutter_speed&quot;:&quot;0&quot;,&quot;title&quot;:&quot;&quot;,&quot;orientation&quot;:&quot;0&quot;}\" data-image-title=\"WhatsApp-Image-2025-05-12-at-9.50.23-AM-2\" data-image-description=\"\" data-image-caption=\"\" data-large-file=\"https:\/\/www.cisa-arica.cl\/wp1\/wp-content\/uploads\/2025\/05\/WhatsApp-Image-2025-05-12-at-9.50.23-AM-2-600x450.jpeg\" role=\"button\" tabindex=\"0\" aria-label=\"Abrir la imagen 11 de 15 en pantalla completa\"srcset=\"https:\/\/i0.wp.com\/www.cisa-arica.cl\/wp1\/wp-content\/uploads\/2025\/05\/WhatsApp-Image-2025-05-12-at-9.50.23-AM-2-600x450.jpeg?strip=info&#038;w=600&#038;ssl=1 600w,https:\/\/i0.wp.com\/www.cisa-arica.cl\/wp1\/wp-content\/uploads\/2025\/05\/WhatsApp-Image-2025-05-12-at-9.50.23-AM-2-600x450.jpeg?strip=info&#038;w=900&#038;ssl=1 900w,https:\/\/i0.wp.com\/www.cisa-arica.cl\/wp1\/wp-content\/uploads\/2025\/05\/WhatsApp-Image-2025-05-12-at-9.50.23-AM-2-600x450.jpeg?strip=info&#038;w=1200&#038;ssl=1 1200w,https:\/\/i0.wp.com\/www.cisa-arica.cl\/wp1\/wp-content\/uploads\/2025\/05\/WhatsApp-Image-2025-05-12-at-9.50.23-AM-2-600x450.jpeg?strip=info&#038;w=1280&#038;ssl=1 1280w\" alt=\"\" data-height=\"960\" data-id=\"28293\" data-link=\"https:\/\/www.cisa-arica.cl\/wp1\/?attachment_id=28293\" data-url=\"https:\/\/www.cisa-arica.cl\/wp1\/wp-content\/uploads\/2025\/05\/WhatsApp-Image-2025-05-12-at-9.50.23-AM-2-600x450.jpeg\" data-width=\"1280\" src=\"https:\/\/i0.wp.com\/www.cisa-arica.cl\/wp1\/wp-content\/uploads\/2025\/05\/WhatsApp-Image-2025-05-12-at-9.50.23-AM-2-600x450.jpeg?ssl=1\" data-amp-layout=\"responsive\"\/><\/figure><\/div><div class=\"tiled-gallery__col\" style=\"flex-basis:50.00000%\"><figure class=\"tiled-gallery__item\"><img decoding=\"async\" data-attachment-id=\"28294\" data-permalink=\"https:\/\/www.cisa-arica.cl\/wp1\/2025\/04\/22\/pasacalle-celebrando-el-dia-del-libro\/whatsapp-image-2025-05-12-at-9-50-23-am-1\/\" data-orig-file=\"https:\/\/www.cisa-arica.cl\/wp1\/wp-content\/uploads\/2025\/05\/WhatsApp-Image-2025-05-12-at-9.50.23-AM-1.jpeg\" data-orig-size=\"1280,960\" data-comments-opened=\"0\" data-image-meta=\"{&quot;aperture&quot;:&quot;0&quot;,&quot;credit&quot;:&quot;&quot;,&quot;camera&quot;:&quot;&quot;,&quot;caption&quot;:&quot;&quot;,&quot;created_timestamp&quot;:&quot;0&quot;,&quot;copyright&quot;:&quot;&quot;,&quot;focal_length&quot;:&quot;0&quot;,&quot;iso&quot;:&quot;0&quot;,&quot;shutter_speed&quot;:&quot;0&quot;,&quot;title&quot;:&quot;&quot;,&quot;orientation&quot;:&quot;0&quot;}\" data-image-title=\"WhatsApp-Image-2025-05-12-at-9.50.23-AM-1\" data-image-description=\"\" data-image-caption=\"\" data-large-file=\"https:\/\/www.cisa-arica.cl\/wp1\/wp-content\/uploads\/2025\/05\/WhatsApp-Image-2025-05-12-at-9.50.23-AM-1-600x450.jpeg\" data-attachment-id=\"28294\" data-permalink=\"https:\/\/www.cisa-arica.cl\/wp1\/2025\/04\/22\/pasacalle-celebrando-el-dia-del-libro\/whatsapp-image-2025-05-12-at-9-50-23-am-1\/\" data-orig-file=\"https:\/\/www.cisa-arica.cl\/wp1\/wp-content\/uploads\/2025\/05\/WhatsApp-Image-2025-05-12-at-9.50.23-AM-1.jpeg\" data-orig-size=\"1280,960\" data-comments-opened=\"0\" data-image-meta=\"{&quot;aperture&quot;:&quot;0&quot;,&quot;credit&quot;:&quot;&quot;,&quot;camera&quot;:&quot;&quot;,&quot;caption&quot;:&quot;&quot;,&quot;created_timestamp&quot;:&quot;0&quot;,&quot;copyright&quot;:&quot;&quot;,&quot;focal_length&quot;:&quot;0&quot;,&quot;iso&quot;:&quot;0&quot;,&quot;shutter_speed&quot;:&quot;0&quot;,&quot;title&quot;:&quot;&quot;,&quot;orientation&quot;:&quot;0&quot;}\" data-image-title=\"WhatsApp-Image-2025-05-12-at-9.50.23-AM-1\" data-image-description=\"\" data-image-caption=\"\" data-large-file=\"https:\/\/www.cisa-arica.cl\/wp1\/wp-content\/uploads\/2025\/05\/WhatsApp-Image-2025-05-12-at-9.50.23-AM-1-600x450.jpeg\" role=\"button\" tabindex=\"0\" aria-label=\"Abrir la imagen 12 de 15 en pantalla completa\"srcset=\"https:\/\/i0.wp.com\/www.cisa-arica.cl\/wp1\/wp-content\/uploads\/2025\/05\/WhatsApp-Image-2025-05-12-at-9.50.23-AM-1-600x450.jpeg?strip=info&#038;w=600&#038;ssl=1 600w,https:\/\/i0.wp.com\/www.cisa-arica.cl\/wp1\/wp-content\/uploads\/2025\/05\/WhatsApp-Image-2025-05-12-at-9.50.23-AM-1-600x450.jpeg?strip=info&#038;w=900&#038;ssl=1 900w,https:\/\/i0.wp.com\/www.cisa-arica.cl\/wp1\/wp-content\/uploads\/2025\/05\/WhatsApp-Image-2025-05-12-at-9.50.23-AM-1-600x450.jpeg?strip=info&#038;w=1200&#038;ssl=1 1200w,https:\/\/i0.wp.com\/www.cisa-arica.cl\/wp1\/wp-content\/uploads\/2025\/05\/WhatsApp-Image-2025-05-12-at-9.50.23-AM-1-600x450.jpeg?strip=info&#038;w=1280&#038;ssl=1 1280w\" alt=\"\" data-height=\"960\" data-id=\"28294\" data-link=\"https:\/\/www.cisa-arica.cl\/wp1\/?attachment_id=28294\" data-url=\"https:\/\/www.cisa-arica.cl\/wp1\/wp-content\/uploads\/2025\/05\/WhatsApp-Image-2025-05-12-at-9.50.23-AM-1-600x450.jpeg\" data-width=\"1280\" src=\"https:\/\/i0.wp.com\/www.cisa-arica.cl\/wp1\/wp-content\/uploads\/2025\/05\/WhatsApp-Image-2025-05-12-at-9.50.23-AM-1-600x450.jpeg?ssl=1\" data-amp-layout=\"responsive\"\/><\/figure><\/div><\/div><div class=\"tiled-gallery__row\"><div class=\"tiled-gallery__col\" style=\"flex-basis:26.47493%\"><figure class=\"tiled-gallery__item\"><img decoding=\"async\" data-attachment-id=\"28295\" data-permalink=\"https:\/\/www.cisa-arica.cl\/wp1\/2025\/04\/22\/pasacalle-celebrando-el-dia-del-libro\/whatsapp-image-2025-05-12-at-9-50-22-am\/\" data-orig-file=\"https:\/\/www.cisa-arica.cl\/wp1\/wp-content\/uploads\/2025\/05\/WhatsApp-Image-2025-05-12-at-9.50.22-AM.jpeg\" data-orig-size=\"959,1280\" data-comments-opened=\"0\" data-image-meta=\"{&quot;aperture&quot;:&quot;0&quot;,&quot;credit&quot;:&quot;&quot;,&quot;camera&quot;:&quot;&quot;,&quot;caption&quot;:&quot;&quot;,&quot;created_timestamp&quot;:&quot;0&quot;,&quot;copyright&quot;:&quot;&quot;,&quot;focal_length&quot;:&quot;0&quot;,&quot;iso&quot;:&quot;0&quot;,&quot;shutter_speed&quot;:&quot;0&quot;,&quot;title&quot;:&quot;&quot;,&quot;orientation&quot;:&quot;0&quot;}\" data-image-title=\"WhatsApp-Image-2025-05-12-at-9.50.22-AM\" data-image-description=\"\" data-image-caption=\"\" data-large-file=\"https:\/\/www.cisa-arica.cl\/wp1\/wp-content\/uploads\/2025\/05\/WhatsApp-Image-2025-05-12-at-9.50.22-AM-450x600.jpeg\" data-attachment-id=\"28295\" data-permalink=\"https:\/\/www.cisa-arica.cl\/wp1\/2025\/04\/22\/pasacalle-celebrando-el-dia-del-libro\/whatsapp-image-2025-05-12-at-9-50-22-am\/\" data-orig-file=\"https:\/\/www.cisa-arica.cl\/wp1\/wp-content\/uploads\/2025\/05\/WhatsApp-Image-2025-05-12-at-9.50.22-AM.jpeg\" data-orig-size=\"959,1280\" data-comments-opened=\"0\" data-image-meta=\"{&quot;aperture&quot;:&quot;0&quot;,&quot;credit&quot;:&quot;&quot;,&quot;camera&quot;:&quot;&quot;,&quot;caption&quot;:&quot;&quot;,&quot;created_timestamp&quot;:&quot;0&quot;,&quot;copyright&quot;:&quot;&quot;,&quot;focal_length&quot;:&quot;0&quot;,&quot;iso&quot;:&quot;0&quot;,&quot;shutter_speed&quot;:&quot;0&quot;,&quot;title&quot;:&quot;&quot;,&quot;orientation&quot;:&quot;0&quot;}\" data-image-title=\"WhatsApp-Image-2025-05-12-at-9.50.22-AM\" data-image-description=\"\" data-image-caption=\"\" data-large-file=\"https:\/\/www.cisa-arica.cl\/wp1\/wp-content\/uploads\/2025\/05\/WhatsApp-Image-2025-05-12-at-9.50.22-AM-450x600.jpeg\" role=\"button\" tabindex=\"0\" aria-label=\"Abrir la imagen 13 de 15 en pantalla completa\"srcset=\"https:\/\/i2.wp.com\/www.cisa-arica.cl\/wp1\/wp-content\/uploads\/2025\/05\/WhatsApp-Image-2025-05-12-at-9.50.22-AM-450x600.jpeg?strip=info&#038;w=600&#038;ssl=1 600w,https:\/\/i2.wp.com\/www.cisa-arica.cl\/wp1\/wp-content\/uploads\/2025\/05\/WhatsApp-Image-2025-05-12-at-9.50.22-AM-450x600.jpeg?strip=info&#038;w=900&#038;ssl=1 900w,https:\/\/i2.wp.com\/www.cisa-arica.cl\/wp1\/wp-content\/uploads\/2025\/05\/WhatsApp-Image-2025-05-12-at-9.50.22-AM-450x600.jpeg?strip=info&#038;w=959&#038;ssl=1 959w\" alt=\"\" data-height=\"1280\" data-id=\"28295\" data-link=\"https:\/\/www.cisa-arica.cl\/wp1\/?attachment_id=28295\" data-url=\"https:\/\/www.cisa-arica.cl\/wp1\/wp-content\/uploads\/2025\/05\/WhatsApp-Image-2025-05-12-at-9.50.22-AM-450x600.jpeg\" data-width=\"959\" src=\"https:\/\/i2.wp.com\/www.cisa-arica.cl\/wp1\/wp-content\/uploads\/2025\/05\/WhatsApp-Image-2025-05-12-at-9.50.22-AM-450x600.jpeg?ssl=1\" data-amp-layout=\"responsive\"\/><\/figure><\/div><div class=\"tiled-gallery__col\" style=\"flex-basis:47.05014%\"><figure class=\"tiled-gallery__item\"><img decoding=\"async\" data-attachment-id=\"28296\" data-permalink=\"https:\/\/www.cisa-arica.cl\/wp1\/2025\/04\/22\/pasacalle-celebrando-el-dia-del-libro\/whatsapp-image-2025-05-12-at-9-50-08-am\/\" data-orig-file=\"https:\/\/www.cisa-arica.cl\/wp1\/wp-content\/uploads\/2025\/05\/WhatsApp-Image-2025-05-12-at-9.50.08-AM.jpeg\" data-orig-size=\"1280,960\" data-comments-opened=\"0\" data-image-meta=\"{&quot;aperture&quot;:&quot;0&quot;,&quot;credit&quot;:&quot;&quot;,&quot;camera&quot;:&quot;&quot;,&quot;caption&quot;:&quot;&quot;,&quot;created_timestamp&quot;:&quot;0&quot;,&quot;copyright&quot;:&quot;&quot;,&quot;focal_length&quot;:&quot;0&quot;,&quot;iso&quot;:&quot;0&quot;,&quot;shutter_speed&quot;:&quot;0&quot;,&quot;title&quot;:&quot;&quot;,&quot;orientation&quot;:&quot;0&quot;}\" data-image-title=\"WhatsApp-Image-2025-05-12-at-9.50.08-AM\" data-image-description=\"\" data-image-caption=\"\" data-large-file=\"https:\/\/www.cisa-arica.cl\/wp1\/wp-content\/uploads\/2025\/05\/WhatsApp-Image-2025-05-12-at-9.50.08-AM-600x450.jpeg\" data-attachment-id=\"28296\" data-permalink=\"https:\/\/www.cisa-arica.cl\/wp1\/2025\/04\/22\/pasacalle-celebrando-el-dia-del-libro\/whatsapp-image-2025-05-12-at-9-50-08-am\/\" data-orig-file=\"https:\/\/www.cisa-arica.cl\/wp1\/wp-content\/uploads\/2025\/05\/WhatsApp-Image-2025-05-12-at-9.50.08-AM.jpeg\" data-orig-size=\"1280,960\" data-comments-opened=\"0\" data-image-meta=\"{&quot;aperture&quot;:&quot;0&quot;,&quot;credit&quot;:&quot;&quot;,&quot;camera&quot;:&quot;&quot;,&quot;caption&quot;:&quot;&quot;,&quot;created_timestamp&quot;:&quot;0&quot;,&quot;copyright&quot;:&quot;&quot;,&quot;focal_length&quot;:&quot;0&quot;,&quot;iso&quot;:&quot;0&quot;,&quot;shutter_speed&quot;:&quot;0&quot;,&quot;title&quot;:&quot;&quot;,&quot;orientation&quot;:&quot;0&quot;}\" data-image-title=\"WhatsApp-Image-2025-05-12-at-9.50.08-AM\" data-image-description=\"\" data-image-caption=\"\" data-large-file=\"https:\/\/www.cisa-arica.cl\/wp1\/wp-content\/uploads\/2025\/05\/WhatsApp-Image-2025-05-12-at-9.50.08-AM-600x450.jpeg\" role=\"button\" tabindex=\"0\" aria-label=\"Abrir la imagen 14 de 15 en pantalla completa\"srcset=\"https:\/\/i2.wp.com\/www.cisa-arica.cl\/wp1\/wp-content\/uploads\/2025\/05\/WhatsApp-Image-2025-05-12-at-9.50.08-AM-600x450.jpeg?strip=info&#038;w=600&#038;ssl=1 600w,https:\/\/i2.wp.com\/www.cisa-arica.cl\/wp1\/wp-content\/uploads\/2025\/05\/WhatsApp-Image-2025-05-12-at-9.50.08-AM-600x450.jpeg?strip=info&#038;w=900&#038;ssl=1 900w,https:\/\/i2.wp.com\/www.cisa-arica.cl\/wp1\/wp-content\/uploads\/2025\/05\/WhatsApp-Image-2025-05-12-at-9.50.08-AM-600x450.jpeg?strip=info&#038;w=1200&#038;ssl=1 1200w,https:\/\/i2.wp.com\/www.cisa-arica.cl\/wp1\/wp-content\/uploads\/2025\/05\/WhatsApp-Image-2025-05-12-at-9.50.08-AM-600x450.jpeg?strip=info&#038;w=1280&#038;ssl=1 1280w\" alt=\"\" data-height=\"960\" data-id=\"28296\" data-link=\"https:\/\/www.cisa-arica.cl\/wp1\/?attachment_id=28296\" data-url=\"https:\/\/www.cisa-arica.cl\/wp1\/wp-content\/uploads\/2025\/05\/WhatsApp-Image-2025-05-12-at-9.50.08-AM-600x450.jpeg\" data-width=\"1280\" src=\"https:\/\/i2.wp.com\/www.cisa-arica.cl\/wp1\/wp-content\/uploads\/2025\/05\/WhatsApp-Image-2025-05-12-at-9.50.08-AM-600x450.jpeg?ssl=1\" data-amp-layout=\"responsive\"\/><\/figure><\/div><div class=\"tiled-gallery__col\" style=\"flex-basis:26.47493%\"><figure class=\"tiled-gallery__item\"><img decoding=\"async\" data-attachment-id=\"28297\" data-permalink=\"https:\/\/www.cisa-arica.cl\/wp1\/2025\/04\/22\/pasacalle-celebrando-el-dia-del-libro\/whatsapp-image-2025-05-12-at-9-48-54-am\/\" data-orig-file=\"https:\/\/www.cisa-arica.cl\/wp1\/wp-content\/uploads\/2025\/05\/WhatsApp-Image-2025-05-12-at-9.48.54-AM.jpeg\" data-orig-size=\"959,1280\" data-comments-opened=\"0\" data-image-meta=\"{&quot;aperture&quot;:&quot;0&quot;,&quot;credit&quot;:&quot;&quot;,&quot;camera&quot;:&quot;&quot;,&quot;caption&quot;:&quot;&quot;,&quot;created_timestamp&quot;:&quot;0&quot;,&quot;copyright&quot;:&quot;&quot;,&quot;focal_length&quot;:&quot;0&quot;,&quot;iso&quot;:&quot;0&quot;,&quot;shutter_speed&quot;:&quot;0&quot;,&quot;title&quot;:&quot;&quot;,&quot;orientation&quot;:&quot;0&quot;}\" data-image-title=\"WhatsApp-Image-2025-05-12-at-9.48.54-AM\" data-image-description=\"\" data-image-caption=\"\" data-large-file=\"https:\/\/www.cisa-arica.cl\/wp1\/wp-content\/uploads\/2025\/05\/WhatsApp-Image-2025-05-12-at-9.48.54-AM-450x600.jpeg\" data-attachment-id=\"28297\" data-permalink=\"https:\/\/www.cisa-arica.cl\/wp1\/2025\/04\/22\/pasacalle-celebrando-el-dia-del-libro\/whatsapp-image-2025-05-12-at-9-48-54-am\/\" data-orig-file=\"https:\/\/www.cisa-arica.cl\/wp1\/wp-content\/uploads\/2025\/05\/WhatsApp-Image-2025-05-12-at-9.48.54-AM.jpeg\" data-orig-size=\"959,1280\" data-comments-opened=\"0\" data-image-meta=\"{&quot;aperture&quot;:&quot;0&quot;,&quot;credit&quot;:&quot;&quot;,&quot;camera&quot;:&quot;&quot;,&quot;caption&quot;:&quot;&quot;,&quot;created_timestamp&quot;:&quot;0&quot;,&quot;copyright&quot;:&quot;&quot;,&quot;focal_length&quot;:&quot;0&quot;,&quot;iso&quot;:&quot;0&quot;,&quot;shutter_speed&quot;:&quot;0&quot;,&quot;title&quot;:&quot;&quot;,&quot;orientation&quot;:&quot;0&quot;}\" data-image-title=\"WhatsApp-Image-2025-05-12-at-9.48.54-AM\" data-image-description=\"\" data-image-caption=\"\" data-large-file=\"https:\/\/www.cisa-arica.cl\/wp1\/wp-content\/uploads\/2025\/05\/WhatsApp-Image-2025-05-12-at-9.48.54-AM-450x600.jpeg\" role=\"button\" tabindex=\"0\" aria-label=\"Abrir la imagen 15 de 15 en pantalla completa\"srcset=\"https:\/\/i1.wp.com\/www.cisa-arica.cl\/wp1\/wp-content\/uploads\/2025\/05\/WhatsApp-Image-2025-05-12-at-9.48.54-AM-450x600.jpeg?strip=info&#038;w=600&#038;ssl=1 600w,https:\/\/i1.wp.com\/www.cisa-arica.cl\/wp1\/wp-content\/uploads\/2025\/05\/WhatsApp-Image-2025-05-12-at-9.48.54-AM-450x600.jpeg?strip=info&#038;w=900&#038;ssl=1 900w,https:\/\/i1.wp.com\/www.cisa-arica.cl\/wp1\/wp-content\/uploads\/2025\/05\/WhatsApp-Image-2025-05-12-at-9.48.54-AM-450x600.jpeg?strip=info&#038;w=959&#038;ssl=1 959w\" alt=\"\" data-height=\"1280\" data-id=\"28297\" data-link=\"https:\/\/www.cisa-arica.cl\/wp1\/?attachment_id=28297\" data-url=\"https:\/\/www.cisa-arica.cl\/wp1\/wp-content\/uploads\/2025\/05\/WhatsApp-Image-2025-05-12-at-9.48.54-AM-450x600.jpeg\" data-width=\"959\" src=\"https:\/\/i1.wp.com\/www.cisa-arica.cl\/wp1\/wp-content\/uploads\/2025\/05\/WhatsApp-Image-2025-05-12-at-9.48.54-AM-450x600.jpeg?ssl=1\" data-amp-layout=\"responsive\"\/><\/figure><\/div><\/div><\/div><\/div>\n","protected":false},"excerpt":{"rendered":"<p>La Red de Equipos de Coordinadores de la Bibioteca Cra de Arica y Parinacota, organizaron un pasacalle para recordar a la comunidad arique\u00f1a la Conmemoraci\u00f3n del D\u00eda del Libro y el Derecho de Autor. En esta oportunidad la delegaci\u00f3n que reresent\u00f3 a nuestro coilegio estuvo a cargo de los sextoa a\u00f1os b\u00e1sicos, quienes asuistieron junto <a class=\"read-more\" href=\"https:\/\/www.cisa-arica.cl\/wp1\/2025\/04\/22\/pasacalle-celebrando-el-dia-del-libro\/\">Continuar leyendo<\/a><\/p>\n","protected":false},"author":5,"featured_media":28294,"comment_status":"closed","ping_status":"open","sticky":false,"template":"","format":"standard","meta":{"_jetpack_memberships_contains_paid_content":false,"footnotes":"","jetpack_publicize_message":"","jetpack_publicize_feature_enabled":true,"jetpack_social_post_already_shared":true,"jetpack_social_options":{"image_generator_settings":{"template":"highway","default_image_id":0,"font":"","enabled":false},"version":2}},"categories":[5],"tags":[],"class_list":["post-28281","post","type-post","status-publish","format-standard","has-post-thumbnail","hentry","category-uncategorized"],"jetpack_publicize_connections":[],"jetpack_featured_media_url":"https:\/\/www.cisa-arica.cl\/wp1\/wp-content\/uploads\/2025\/05\/WhatsApp-Image-2025-05-12-at-9.50.23-AM-1.jpeg","jetpack_sharing_enabled":true,"jetpack_shortlink":"https:\/\/wp.me\/p84wcz-7m9","jetpack-related-posts":[{"id":20458,"url":"https:\/\/www.cisa-arica.cl\/wp1\/2023\/04\/28\/pasacalle-por-el-dia-del-libro\/","url_meta":{"origin":28281,"position":0},"title":"Pasacalle por el D\u00eda del Libro","author":"Jeannette Rivera","date":"28 de Abril de 2023","format":false,"excerpt":"Las estudiantes de Kinder tuvieron la misi\u00f3n de representar a nuestro colegio en el Pasacalle realizado por los Cra de Arica. La actividad se efectu\u00f3 el mi\u00e9rcoles 26 de abril partiendo desde 21 de mayo con Patricio Lynch. Las peque\u00f1as participaron vestidas representando a alg\u00fan personaje de cuento infantil y\u2026","rel":"","context":"Entrada similar ","block_context":{"text":"Entrada similar ","link":""},"img":{"alt_text":"","src":"https:\/\/i0.wp.com\/www.cisa-arica.cl\/wp1\/wp-content\/uploads\/2023\/05\/WhatsApp-Image-2023-05-09-at-11.57.06.jpeg?resize=350%2C200&ssl=1","width":350,"height":200,"srcset":"https:\/\/i0.wp.com\/www.cisa-arica.cl\/wp1\/wp-content\/uploads\/2023\/05\/WhatsApp-Image-2023-05-09-at-11.57.06.jpeg?resize=350%2C200&ssl=1 1x, https:\/\/i0.wp.com\/www.cisa-arica.cl\/wp1\/wp-content\/uploads\/2023\/05\/WhatsApp-Image-2023-05-09-at-11.57.06.jpeg?resize=525%2C300&ssl=1 1.5x, https:\/\/i0.wp.com\/www.cisa-arica.cl\/wp1\/wp-content\/uploads\/2023\/05\/WhatsApp-Image-2023-05-09-at-11.57.06.jpeg?resize=700%2C400&ssl=1 2x"},"classes":[]},{"id":28940,"url":"https:\/\/www.cisa-arica.cl\/wp1\/2025\/09\/26\/pasacalle-ha-llegado-la-primavera\/","url_meta":{"origin":28281,"position":1},"title":"Pasacalle &#8220;La Primavera lleg\u00f3&#8221;","author":"Jeannette Rivera","date":"26 de Septiembre de 2025","format":false,"excerpt":"Con alegr\u00eda, m\u00fasica y mucho color, las estudiantes desde Prekinder hasta Terceros b\u00e1sicos,, llenaron de color la calle 21 de Mayo para celebrar la llegada de la Primavera. En la oportunidad, las estudiantes fueron acompa\u00f1adas por educadoras, profesoras, psicopedagogas, t\u00edas t\u00e9cnicos y apoderados.","rel":"","context":"Entrada similar ","block_context":{"text":"Entrada similar ","link":""},"img":{"alt_text":"","src":"https:\/\/i0.wp.com\/www.cisa-arica.cl\/wp1\/wp-content\/uploads\/2025\/09\/DSC9972.jpg?resize=350%2C200&ssl=1","width":350,"height":200,"srcset":"https:\/\/i0.wp.com\/www.cisa-arica.cl\/wp1\/wp-content\/uploads\/2025\/09\/DSC9972.jpg?resize=350%2C200&ssl=1 1x, https:\/\/i0.wp.com\/www.cisa-arica.cl\/wp1\/wp-content\/uploads\/2025\/09\/DSC9972.jpg?resize=525%2C300&ssl=1 1.5x, https:\/\/i0.wp.com\/www.cisa-arica.cl\/wp1\/wp-content\/uploads\/2025\/09\/DSC9972.jpg?resize=700%2C400&ssl=1 2x, https:\/\/i0.wp.com\/www.cisa-arica.cl\/wp1\/wp-content\/uploads\/2025\/09\/DSC9972.jpg?resize=1050%2C600&ssl=1 3x, https:\/\/i0.wp.com\/www.cisa-arica.cl\/wp1\/wp-content\/uploads\/2025\/09\/DSC9972.jpg?resize=1400%2C800&ssl=1 4x"},"classes":[]},{"id":8213,"url":"https:\/\/www.cisa-arica.cl\/wp1\/2019\/07\/29\/pasacalle-en-celebracion-dia-de-santa-ana\/","url_meta":{"origin":28281,"position":2},"title":"Procesi\u00f3n en honor D\u00eda de Santa Ana","author":"Jeannette Rivera","date":"29 de Julio de 2019","format":false,"excerpt":"Este viernes 26 de julio toda la comunidad se dedic\u00f3 a recordar a Santa Ana, patrona de la Congregaci\u00f3n Hijas de Santa Ana y de nuestro colegio. Durante la ma\u00f1ana dicha celebraci\u00f3n se llev\u00f3 a las calles del centro de la ciudad, donde profesores, personal, y alumnas grandes y chicas\u2026","rel":"","context":"En &quot;galeria&quot;","block_context":{"text":"galeria","link":"https:\/\/www.cisa-arica.cl\/wp1\/category\/galeria\/"},"img":{"alt_text":"","src":"https:\/\/i0.wp.com\/www.cisa-arica.cl\/wp1\/wp-content\/uploads\/2019\/07\/099.jpg?resize=350%2C200&ssl=1","width":350,"height":200,"srcset":"https:\/\/i0.wp.com\/www.cisa-arica.cl\/wp1\/wp-content\/uploads\/2019\/07\/099.jpg?resize=350%2C200&ssl=1 1x, https:\/\/i0.wp.com\/www.cisa-arica.cl\/wp1\/wp-content\/uploads\/2019\/07\/099.jpg?resize=525%2C300&ssl=1 1.5x, https:\/\/i0.wp.com\/www.cisa-arica.cl\/wp1\/wp-content\/uploads\/2019\/07\/099.jpg?resize=700%2C400&ssl=1 2x"},"classes":[]},{"id":26945,"url":"https:\/\/www.cisa-arica.cl\/wp1\/2024\/10\/15\/26945\/","url_meta":{"origin":28281,"position":3},"title":"Pasacalle Cisa 90 a\u00f1os","author":"Jeannette Rivera","date":"15 de Octubre de 2024","format":false,"excerpt":"El lunes 14 de Octubre estudiantes de Educaci\u00f3n Parvularia, representantes del Ceal y estudiantes de 4to medio realizaron un pasacalle por 21 de mayo para mostrar la alegr\u00eda italiana y celebrar los 90 a\u00f1os de servicio educacional a la comunidad de nuestro Colegio Italiano Santa Ana. Las estudiantes fueron acompa\u00f1adas\u2026","rel":"","context":"Entrada similar ","block_context":{"text":"Entrada similar ","link":""},"img":{"alt_text":"","src":"https:\/\/i0.wp.com\/www.cisa-arica.cl\/wp1\/wp-content\/uploads\/2024\/10\/IMG_6797-scaled.jpg?resize=350%2C200&ssl=1","width":350,"height":200,"srcset":"https:\/\/i0.wp.com\/www.cisa-arica.cl\/wp1\/wp-content\/uploads\/2024\/10\/IMG_6797-scaled.jpg?resize=350%2C200&ssl=1 1x, https:\/\/i0.wp.com\/www.cisa-arica.cl\/wp1\/wp-content\/uploads\/2024\/10\/IMG_6797-scaled.jpg?resize=525%2C300&ssl=1 1.5x, https:\/\/i0.wp.com\/www.cisa-arica.cl\/wp1\/wp-content\/uploads\/2024\/10\/IMG_6797-scaled.jpg?resize=700%2C400&ssl=1 2x, https:\/\/i0.wp.com\/www.cisa-arica.cl\/wp1\/wp-content\/uploads\/2024\/10\/IMG_6797-scaled.jpg?resize=1050%2C600&ssl=1 3x, https:\/\/i0.wp.com\/www.cisa-arica.cl\/wp1\/wp-content\/uploads\/2024\/10\/IMG_6797-scaled.jpg?resize=1400%2C800&ssl=1 4x"},"classes":[]},{"id":26937,"url":"https:\/\/www.cisa-arica.cl\/wp1\/2024\/10\/11\/informativo-recordatorio\/","url_meta":{"origin":28281,"position":4},"title":"Informativo Recordatorio","author":"Jeannette Rivera","date":"11 de Octubre de 2024","format":false,"excerpt":"Estimados padres y apoderados: Se les recuerda sobre las distintas actividades y horarios programados para los d\u00edas 14, 15 y 16 de octubre: LUNES 14 DE OCTUBRE 2024 Hora de entrada: 07.45 am. Actividad: Pasacalle S\u00d3LO para estudiantes de Educaci\u00f3n Parvularia en horario de 10.30 a 12.00 horas. Hora de\u2026","rel":"","context":"Entrada similar ","block_context":{"text":"Entrada similar ","link":""},"img":{"alt_text":"","src":"https:\/\/i0.wp.com\/www.cisa-arica.cl\/wp1\/wp-content\/uploads\/2024\/10\/WhatsApp-Image-2024-10-11-at-2.10.00-PM.jpeg?resize=350%2C200&ssl=1","width":350,"height":200,"srcset":"https:\/\/i0.wp.com\/www.cisa-arica.cl\/wp1\/wp-content\/uploads\/2024\/10\/WhatsApp-Image-2024-10-11-at-2.10.00-PM.jpeg?resize=350%2C200&ssl=1 1x, https:\/\/i0.wp.com\/www.cisa-arica.cl\/wp1\/wp-content\/uploads\/2024\/10\/WhatsApp-Image-2024-10-11-at-2.10.00-PM.jpeg?resize=525%2C300&ssl=1 1.5x, https:\/\/i0.wp.com\/www.cisa-arica.cl\/wp1\/wp-content\/uploads\/2024\/10\/WhatsApp-Image-2024-10-11-at-2.10.00-PM.jpeg?resize=700%2C400&ssl=1 2x, https:\/\/i0.wp.com\/www.cisa-arica.cl\/wp1\/wp-content\/uploads\/2024\/10\/WhatsApp-Image-2024-10-11-at-2.10.00-PM.jpeg?resize=1050%2C600&ssl=1 3x"},"classes":[]},{"id":20198,"url":"https:\/\/www.cisa-arica.cl\/wp1\/2023\/04\/29\/encuentro-directivos-de-santiago-y-arica\/","url_meta":{"origin":28281,"position":5},"title":"Encuentro Directivos de Santiago y Arica","author":"CISA","date":"29 de Abril de 2023","format":false,"excerpt":"Un encuentro pedag\u00f3gico se llev\u00f3 a cabo entre los equipos directivos del Colegio Polit\u00e9cnico Santa Ana de Santiago y Colegio Italiano santa Ana de Arica. En la oportunidad, fue nuestro colegio quien organiz\u00f3 esta jornada de dos d\u00edas, en donde ambos equipos dialogaron sobre su quehacer pedag\u00f3gico, las proyecciones que\u2026","rel":"","context":"Entrada similar ","block_context":{"text":"Entrada similar ","link":""},"img":{"alt_text":"","src":"https:\/\/i0.wp.com\/www.cisa-arica.cl\/wp1\/wp-content\/uploads\/2023\/04\/DSC_8460.jpg?resize=350%2C200&ssl=1","width":350,"height":200,"srcset":"https:\/\/i0.wp.com\/www.cisa-arica.cl\/wp1\/wp-content\/uploads\/2023\/04\/DSC_8460.jpg?resize=350%2C200&ssl=1 1x, https:\/\/i0.wp.com\/www.cisa-arica.cl\/wp1\/wp-content\/uploads\/2023\/04\/DSC_8460.jpg?resize=525%2C300&ssl=1 1.5x, https:\/\/i0.wp.com\/www.cisa-arica.cl\/wp1\/wp-content\/uploads\/2023\/04\/DSC_8460.jpg?resize=700%2C400&ssl=1 2x, https:\/\/i0.wp.com\/www.cisa-arica.cl\/wp1\/wp-content\/uploads\/2023\/04\/DSC_8460.jpg?resize=1050%2C600&ssl=1 3x"},"classes":[]}],"_links":{"self":[{"href":"https:\/\/www.cisa-arica.cl\/wp1\/wp-json\/wp\/v2\/posts\/28281","targetHints":{"allow":["GET"]}}],"collection":[{"href":"https:\/\/www.cisa-arica.cl\/wp1\/wp-json\/wp\/v2\/posts"}],"about":[{"href":"https:\/\/www.cisa-arica.cl\/wp1\/wp-json\/wp\/v2\/types\/post"}],"author":[{"embeddable":true,"href":"https:\/\/www.cisa-arica.cl\/wp1\/wp-json\/wp\/v2\/users\/5"}],"replies":[{"embeddable":true,"href":"https:\/\/www.cisa-arica.cl\/wp1\/wp-json\/wp\/v2\/comments?post=28281"}],"version-history":[{"count":2,"href":"https:\/\/www.cisa-arica.cl\/wp1\/wp-json\/wp\/v2\/posts\/28281\/revisions"}],"predecessor-version":[{"id":28298,"href":"https:\/\/www.cisa-arica.cl\/wp1\/wp-json\/wp\/v2\/posts\/28281\/revisions\/28298"}],"wp:featuredmedia":[{"embeddable":true,"href":"https:\/\/www.cisa-arica.cl\/wp1\/wp-json\/wp\/v2\/media\/28294"}],"wp:attachment":[{"href":"https:\/\/www.cisa-arica.cl\/wp1\/wp-json\/wp\/v2\/media?parent=28281"}],"wp:term":[{"taxonomy":"category","embeddable":true,"href":"https:\/\/www.cisa-arica.cl\/wp1\/wp-json\/wp\/v2\/categories?post=28281"},{"taxonomy":"post_tag","embeddable":true,"href":"https:\/\/www.cisa-arica.cl\/wp1\/wp-json\/wp\/v2\/tags?post=28281"}],"curies":[{"name":"wp","href":"https:\/\/api.w.org\/{rel}","templated":true}]}}