{"id":28194,"date":"2025-04-30T08:46:06","date_gmt":"2025-04-30T12:46:06","guid":{"rendered":"https:\/\/www.cisa-arica.cl\/wp1\/?p=28194"},"modified":"2025-05-12T09:57:33","modified_gmt":"2025-05-12T13:57:33","slug":"conmemoracion-dia-del-libro-2025","status":"publish","type":"post","link":"https:\/\/www.cisa-arica.cl\/wp1\/2025\/04\/30\/conmemoracion-dia-del-libro-2025\/","title":{"rendered":"Conmemoraci\u00f3n D\u00eda del Libro 2025"},"content":{"rendered":"<p>El pasado mi\u00e9rcoles 23 de abril se conmemor\u00f3 el D\u00eda Internacional del Libro y Derecho de Autor, fue un d\u00eda cargado de actividades para recordar la importancia que tiene el libro en la vida de cada uno de nosotros. En el acto tambi\u00e9n se record\u00f3 a nuestra insigne escritora y Premio Nobel de Literatura Gabriela Mistral quien este a\u00f1o cumple 80 a\u00f1os desde que recibi\u00f3 tan importante galard\u00f3n a nivel mundial.<\/p>\n<p><\/p>\n\n\n<div class=\"wp-block-jetpack-tiled-gallery aligncenter is-style-rectangular\"><div class=\"tiled-gallery__gallery\"><div class=\"tiled-gallery__row\"><div class=\"tiled-gallery__col\" style=\"flex-basis:66.75535%\"><figure class=\"tiled-gallery__item\"><img decoding=\"async\" data-attachment-id=\"28196\" data-permalink=\"https:\/\/www.cisa-arica.cl\/wp1\/2025\/04\/30\/conmemoracion-dia-del-libro-2025\/22bf6df6-b307-4b43-926a-0f14efe78308\/\" data-orig-file=\"https:\/\/www.cisa-arica.cl\/wp1\/wp-content\/uploads\/2025\/05\/22bf6df6-b307-4b43-926a-0f14efe78308.jpeg\" data-orig-size=\"1280,853\" data-comments-opened=\"0\" data-image-meta=\"{&quot;aperture&quot;:&quot;0&quot;,&quot;credit&quot;:&quot;&quot;,&quot;camera&quot;:&quot;&quot;,&quot;caption&quot;:&quot;&quot;,&quot;created_timestamp&quot;:&quot;0&quot;,&quot;copyright&quot;:&quot;&quot;,&quot;focal_length&quot;:&quot;0&quot;,&quot;iso&quot;:&quot;0&quot;,&quot;shutter_speed&quot;:&quot;0&quot;,&quot;title&quot;:&quot;&quot;,&quot;orientation&quot;:&quot;0&quot;}\" data-image-title=\"22bf6df6-b307-4b43-926a-0f14efe78308\" data-image-description=\"\" data-image-caption=\"\" data-large-file=\"https:\/\/www.cisa-arica.cl\/wp1\/wp-content\/uploads\/2025\/05\/22bf6df6-b307-4b43-926a-0f14efe78308-600x400.jpeg\" data-attachment-id=\"28196\" data-permalink=\"https:\/\/www.cisa-arica.cl\/wp1\/2025\/04\/30\/conmemoracion-dia-del-libro-2025\/22bf6df6-b307-4b43-926a-0f14efe78308\/\" data-orig-file=\"https:\/\/www.cisa-arica.cl\/wp1\/wp-content\/uploads\/2025\/05\/22bf6df6-b307-4b43-926a-0f14efe78308.jpeg\" data-orig-size=\"1280,853\" data-comments-opened=\"0\" data-image-meta=\"{&quot;aperture&quot;:&quot;0&quot;,&quot;credit&quot;:&quot;&quot;,&quot;camera&quot;:&quot;&quot;,&quot;caption&quot;:&quot;&quot;,&quot;created_timestamp&quot;:&quot;0&quot;,&quot;copyright&quot;:&quot;&quot;,&quot;focal_length&quot;:&quot;0&quot;,&quot;iso&quot;:&quot;0&quot;,&quot;shutter_speed&quot;:&quot;0&quot;,&quot;title&quot;:&quot;&quot;,&quot;orientation&quot;:&quot;0&quot;}\" data-image-title=\"22bf6df6-b307-4b43-926a-0f14efe78308\" data-image-description=\"\" data-image-caption=\"\" data-large-file=\"https:\/\/www.cisa-arica.cl\/wp1\/wp-content\/uploads\/2025\/05\/22bf6df6-b307-4b43-926a-0f14efe78308-600x400.jpeg\" role=\"button\" tabindex=\"0\" aria-label=\"Abrir la imagen 1 de 84 en pantalla completa\"srcset=\"https:\/\/i1.wp.com\/www.cisa-arica.cl\/wp1\/wp-content\/uploads\/2025\/05\/22bf6df6-b307-4b43-926a-0f14efe78308-600x400.jpeg?strip=info&#038;w=600&#038;ssl=1 600w,https:\/\/i1.wp.com\/www.cisa-arica.cl\/wp1\/wp-content\/uploads\/2025\/05\/22bf6df6-b307-4b43-926a-0f14efe78308-600x400.jpeg?strip=info&#038;w=900&#038;ssl=1 900w,https:\/\/i1.wp.com\/www.cisa-arica.cl\/wp1\/wp-content\/uploads\/2025\/05\/22bf6df6-b307-4b43-926a-0f14efe78308-600x400.jpeg?strip=info&#038;w=1200&#038;ssl=1 1200w,https:\/\/i1.wp.com\/www.cisa-arica.cl\/wp1\/wp-content\/uploads\/2025\/05\/22bf6df6-b307-4b43-926a-0f14efe78308-600x400.jpeg?strip=info&#038;w=1280&#038;ssl=1 1280w\" alt=\"\" data-height=\"853\" data-id=\"28196\" data-link=\"https:\/\/www.cisa-arica.cl\/wp1\/?attachment_id=28196\" data-url=\"https:\/\/www.cisa-arica.cl\/wp1\/wp-content\/uploads\/2025\/05\/22bf6df6-b307-4b43-926a-0f14efe78308-600x400.jpeg\" data-width=\"1280\" src=\"https:\/\/i1.wp.com\/www.cisa-arica.cl\/wp1\/wp-content\/uploads\/2025\/05\/22bf6df6-b307-4b43-926a-0f14efe78308-600x400.jpeg?ssl=1\" data-amp-layout=\"responsive\"\/><\/figure><\/div><div class=\"tiled-gallery__col\" style=\"flex-basis:33.24465%\"><figure class=\"tiled-gallery__item\"><img decoding=\"async\" data-attachment-id=\"28197\" data-permalink=\"https:\/\/www.cisa-arica.cl\/wp1\/2025\/04\/30\/conmemoracion-dia-del-libro-2025\/38a3720b-0ecb-49ef-8e0a-aa5f916e4e45\/\" data-orig-file=\"https:\/\/www.cisa-arica.cl\/wp1\/wp-content\/uploads\/2025\/05\/38a3720b-0ecb-49ef-8e0a-aa5f916e4e45.jpeg\" data-orig-size=\"1280,853\" data-comments-opened=\"0\" data-image-meta=\"{&quot;aperture&quot;:&quot;0&quot;,&quot;credit&quot;:&quot;&quot;,&quot;camera&quot;:&quot;&quot;,&quot;caption&quot;:&quot;&quot;,&quot;created_timestamp&quot;:&quot;0&quot;,&quot;copyright&quot;:&quot;&quot;,&quot;focal_length&quot;:&quot;0&quot;,&quot;iso&quot;:&quot;0&quot;,&quot;shutter_speed&quot;:&quot;0&quot;,&quot;title&quot;:&quot;&quot;,&quot;orientation&quot;:&quot;0&quot;}\" data-image-title=\"38a3720b-0ecb-49ef-8e0a-aa5f916e4e45\" data-image-description=\"\" data-image-caption=\"\" data-large-file=\"https:\/\/www.cisa-arica.cl\/wp1\/wp-content\/uploads\/2025\/05\/38a3720b-0ecb-49ef-8e0a-aa5f916e4e45-600x400.jpeg\" data-attachment-id=\"28197\" data-permalink=\"https:\/\/www.cisa-arica.cl\/wp1\/2025\/04\/30\/conmemoracion-dia-del-libro-2025\/38a3720b-0ecb-49ef-8e0a-aa5f916e4e45\/\" data-orig-file=\"https:\/\/www.cisa-arica.cl\/wp1\/wp-content\/uploads\/2025\/05\/38a3720b-0ecb-49ef-8e0a-aa5f916e4e45.jpeg\" data-orig-size=\"1280,853\" data-comments-opened=\"0\" data-image-meta=\"{&quot;aperture&quot;:&quot;0&quot;,&quot;credit&quot;:&quot;&quot;,&quot;camera&quot;:&quot;&quot;,&quot;caption&quot;:&quot;&quot;,&quot;created_timestamp&quot;:&quot;0&quot;,&quot;copyright&quot;:&quot;&quot;,&quot;focal_length&quot;:&quot;0&quot;,&quot;iso&quot;:&quot;0&quot;,&quot;shutter_speed&quot;:&quot;0&quot;,&quot;title&quot;:&quot;&quot;,&quot;orientation&quot;:&quot;0&quot;}\" data-image-title=\"38a3720b-0ecb-49ef-8e0a-aa5f916e4e45\" data-image-description=\"\" data-image-caption=\"\" data-large-file=\"https:\/\/www.cisa-arica.cl\/wp1\/wp-content\/uploads\/2025\/05\/38a3720b-0ecb-49ef-8e0a-aa5f916e4e45-600x400.jpeg\" role=\"button\" tabindex=\"0\" aria-label=\"Abrir la imagen 2 de 84 en pantalla completa\"srcset=\"https:\/\/i0.wp.com\/www.cisa-arica.cl\/wp1\/wp-content\/uploads\/2025\/05\/38a3720b-0ecb-49ef-8e0a-aa5f916e4e45-600x400.jpeg?strip=info&#038;w=600&#038;ssl=1 600w,https:\/\/i0.wp.com\/www.cisa-arica.cl\/wp1\/wp-content\/uploads\/2025\/05\/38a3720b-0ecb-49ef-8e0a-aa5f916e4e45-600x400.jpeg?strip=info&#038;w=900&#038;ssl=1 900w,https:\/\/i0.wp.com\/www.cisa-arica.cl\/wp1\/wp-content\/uploads\/2025\/05\/38a3720b-0ecb-49ef-8e0a-aa5f916e4e45-600x400.jpeg?strip=info&#038;w=1200&#038;ssl=1 1200w,https:\/\/i0.wp.com\/www.cisa-arica.cl\/wp1\/wp-content\/uploads\/2025\/05\/38a3720b-0ecb-49ef-8e0a-aa5f916e4e45-600x400.jpeg?strip=info&#038;w=1280&#038;ssl=1 1280w\" alt=\"\" data-height=\"853\" data-id=\"28197\" data-link=\"https:\/\/www.cisa-arica.cl\/wp1\/?attachment_id=28197\" data-url=\"https:\/\/www.cisa-arica.cl\/wp1\/wp-content\/uploads\/2025\/05\/38a3720b-0ecb-49ef-8e0a-aa5f916e4e45-600x400.jpeg\" data-width=\"1280\" src=\"https:\/\/i0.wp.com\/www.cisa-arica.cl\/wp1\/wp-content\/uploads\/2025\/05\/38a3720b-0ecb-49ef-8e0a-aa5f916e4e45-600x400.jpeg?ssl=1\" data-amp-layout=\"responsive\"\/><\/figure><figure class=\"tiled-gallery__item\"><img decoding=\"async\" data-attachment-id=\"28198\" data-permalink=\"https:\/\/www.cisa-arica.cl\/wp1\/2025\/04\/30\/conmemoracion-dia-del-libro-2025\/afece9d3-e6fe-441a-adc4-b821a4e9dfb2\/\" data-orig-file=\"https:\/\/www.cisa-arica.cl\/wp1\/wp-content\/uploads\/2025\/05\/afece9d3-e6fe-441a-adc4-b821a4e9dfb2.jpeg\" data-orig-size=\"1280,853\" data-comments-opened=\"0\" data-image-meta=\"{&quot;aperture&quot;:&quot;0&quot;,&quot;credit&quot;:&quot;&quot;,&quot;camera&quot;:&quot;&quot;,&quot;caption&quot;:&quot;&quot;,&quot;created_timestamp&quot;:&quot;0&quot;,&quot;copyright&quot;:&quot;&quot;,&quot;focal_length&quot;:&quot;0&quot;,&quot;iso&quot;:&quot;0&quot;,&quot;shutter_speed&quot;:&quot;0&quot;,&quot;title&quot;:&quot;&quot;,&quot;orientation&quot;:&quot;0&quot;}\" data-image-title=\"afece9d3-e6fe-441a-adc4-b821a4e9dfb2\" data-image-description=\"\" data-image-caption=\"\" data-large-file=\"https:\/\/www.cisa-arica.cl\/wp1\/wp-content\/uploads\/2025\/05\/afece9d3-e6fe-441a-adc4-b821a4e9dfb2-600x400.jpeg\" data-attachment-id=\"28198\" data-permalink=\"https:\/\/www.cisa-arica.cl\/wp1\/2025\/04\/30\/conmemoracion-dia-del-libro-2025\/afece9d3-e6fe-441a-adc4-b821a4e9dfb2\/\" data-orig-file=\"https:\/\/www.cisa-arica.cl\/wp1\/wp-content\/uploads\/2025\/05\/afece9d3-e6fe-441a-adc4-b821a4e9dfb2.jpeg\" data-orig-size=\"1280,853\" data-comments-opened=\"0\" data-image-meta=\"{&quot;aperture&quot;:&quot;0&quot;,&quot;credit&quot;:&quot;&quot;,&quot;camera&quot;:&quot;&quot;,&quot;caption&quot;:&quot;&quot;,&quot;created_timestamp&quot;:&quot;0&quot;,&quot;copyright&quot;:&quot;&quot;,&quot;focal_length&quot;:&quot;0&quot;,&quot;iso&quot;:&quot;0&quot;,&quot;shutter_speed&quot;:&quot;0&quot;,&quot;title&quot;:&quot;&quot;,&quot;orientation&quot;:&quot;0&quot;}\" data-image-title=\"afece9d3-e6fe-441a-adc4-b821a4e9dfb2\" data-image-description=\"\" data-image-caption=\"\" data-large-file=\"https:\/\/www.cisa-arica.cl\/wp1\/wp-content\/uploads\/2025\/05\/afece9d3-e6fe-441a-adc4-b821a4e9dfb2-600x400.jpeg\" role=\"button\" tabindex=\"0\" aria-label=\"Abrir la imagen 3 de 84 en pantalla completa\"srcset=\"https:\/\/i1.wp.com\/www.cisa-arica.cl\/wp1\/wp-content\/uploads\/2025\/05\/afece9d3-e6fe-441a-adc4-b821a4e9dfb2-600x400.jpeg?strip=info&#038;w=600&#038;ssl=1 600w,https:\/\/i1.wp.com\/www.cisa-arica.cl\/wp1\/wp-content\/uploads\/2025\/05\/afece9d3-e6fe-441a-adc4-b821a4e9dfb2-600x400.jpeg?strip=info&#038;w=900&#038;ssl=1 900w,https:\/\/i1.wp.com\/www.cisa-arica.cl\/wp1\/wp-content\/uploads\/2025\/05\/afece9d3-e6fe-441a-adc4-b821a4e9dfb2-600x400.jpeg?strip=info&#038;w=1200&#038;ssl=1 1200w,https:\/\/i1.wp.com\/www.cisa-arica.cl\/wp1\/wp-content\/uploads\/2025\/05\/afece9d3-e6fe-441a-adc4-b821a4e9dfb2-600x400.jpeg?strip=info&#038;w=1280&#038;ssl=1 1280w\" alt=\"\" data-height=\"853\" data-id=\"28198\" data-link=\"https:\/\/www.cisa-arica.cl\/wp1\/?attachment_id=28198\" data-url=\"https:\/\/www.cisa-arica.cl\/wp1\/wp-content\/uploads\/2025\/05\/afece9d3-e6fe-441a-adc4-b821a4e9dfb2-600x400.jpeg\" data-width=\"1280\" src=\"https:\/\/i1.wp.com\/www.cisa-arica.cl\/wp1\/wp-content\/uploads\/2025\/05\/afece9d3-e6fe-441a-adc4-b821a4e9dfb2-600x400.jpeg?ssl=1\" data-amp-layout=\"responsive\"\/><\/figure><\/div><\/div><div class=\"tiled-gallery__row\"><div class=\"tiled-gallery__col\" style=\"flex-basis:33.33333%\"><figure class=\"tiled-gallery__item\"><img decoding=\"async\" data-attachment-id=\"28199\" data-permalink=\"https:\/\/www.cisa-arica.cl\/wp1\/2025\/04\/30\/conmemoracion-dia-del-libro-2025\/b98cdcd3-4b0b-4666-8d27-aca1b7ea3b3c\/\" data-orig-file=\"https:\/\/www.cisa-arica.cl\/wp1\/wp-content\/uploads\/2025\/05\/b98cdcd3-4b0b-4666-8d27-aca1b7ea3b3c.jpeg\" data-orig-size=\"1280,853\" data-comments-opened=\"0\" data-image-meta=\"{&quot;aperture&quot;:&quot;0&quot;,&quot;credit&quot;:&quot;&quot;,&quot;camera&quot;:&quot;&quot;,&quot;caption&quot;:&quot;&quot;,&quot;created_timestamp&quot;:&quot;0&quot;,&quot;copyright&quot;:&quot;&quot;,&quot;focal_length&quot;:&quot;0&quot;,&quot;iso&quot;:&quot;0&quot;,&quot;shutter_speed&quot;:&quot;0&quot;,&quot;title&quot;:&quot;&quot;,&quot;orientation&quot;:&quot;0&quot;}\" data-image-title=\"b98cdcd3-4b0b-4666-8d27-aca1b7ea3b3c\" data-image-description=\"\" data-image-caption=\"\" data-large-file=\"https:\/\/www.cisa-arica.cl\/wp1\/wp-content\/uploads\/2025\/05\/b98cdcd3-4b0b-4666-8d27-aca1b7ea3b3c-600x400.jpeg\" data-attachment-id=\"28199\" data-permalink=\"https:\/\/www.cisa-arica.cl\/wp1\/2025\/04\/30\/conmemoracion-dia-del-libro-2025\/b98cdcd3-4b0b-4666-8d27-aca1b7ea3b3c\/\" data-orig-file=\"https:\/\/www.cisa-arica.cl\/wp1\/wp-content\/uploads\/2025\/05\/b98cdcd3-4b0b-4666-8d27-aca1b7ea3b3c.jpeg\" data-orig-size=\"1280,853\" data-comments-opened=\"0\" data-image-meta=\"{&quot;aperture&quot;:&quot;0&quot;,&quot;credit&quot;:&quot;&quot;,&quot;camera&quot;:&quot;&quot;,&quot;caption&quot;:&quot;&quot;,&quot;created_timestamp&quot;:&quot;0&quot;,&quot;copyright&quot;:&quot;&quot;,&quot;focal_length&quot;:&quot;0&quot;,&quot;iso&quot;:&quot;0&quot;,&quot;shutter_speed&quot;:&quot;0&quot;,&quot;title&quot;:&quot;&quot;,&quot;orientation&quot;:&quot;0&quot;}\" data-image-title=\"b98cdcd3-4b0b-4666-8d27-aca1b7ea3b3c\" data-image-description=\"\" data-image-caption=\"\" data-large-file=\"https:\/\/www.cisa-arica.cl\/wp1\/wp-content\/uploads\/2025\/05\/b98cdcd3-4b0b-4666-8d27-aca1b7ea3b3c-600x400.jpeg\" role=\"button\" tabindex=\"0\" aria-label=\"Abrir la imagen 4 de 84 en pantalla completa\"srcset=\"https:\/\/i2.wp.com\/www.cisa-arica.cl\/wp1\/wp-content\/uploads\/2025\/05\/b98cdcd3-4b0b-4666-8d27-aca1b7ea3b3c-600x400.jpeg?strip=info&#038;w=600&#038;ssl=1 600w,https:\/\/i2.wp.com\/www.cisa-arica.cl\/wp1\/wp-content\/uploads\/2025\/05\/b98cdcd3-4b0b-4666-8d27-aca1b7ea3b3c-600x400.jpeg?strip=info&#038;w=900&#038;ssl=1 900w,https:\/\/i2.wp.com\/www.cisa-arica.cl\/wp1\/wp-content\/uploads\/2025\/05\/b98cdcd3-4b0b-4666-8d27-aca1b7ea3b3c-600x400.jpeg?strip=info&#038;w=1200&#038;ssl=1 1200w,https:\/\/i2.wp.com\/www.cisa-arica.cl\/wp1\/wp-content\/uploads\/2025\/05\/b98cdcd3-4b0b-4666-8d27-aca1b7ea3b3c-600x400.jpeg?strip=info&#038;w=1280&#038;ssl=1 1280w\" alt=\"\" data-height=\"853\" data-id=\"28199\" data-link=\"https:\/\/www.cisa-arica.cl\/wp1\/?attachment_id=28199\" data-url=\"https:\/\/www.cisa-arica.cl\/wp1\/wp-content\/uploads\/2025\/05\/b98cdcd3-4b0b-4666-8d27-aca1b7ea3b3c-600x400.jpeg\" data-width=\"1280\" src=\"https:\/\/i2.wp.com\/www.cisa-arica.cl\/wp1\/wp-content\/uploads\/2025\/05\/b98cdcd3-4b0b-4666-8d27-aca1b7ea3b3c-600x400.jpeg?ssl=1\" data-amp-layout=\"responsive\"\/><\/figure><\/div><div class=\"tiled-gallery__col\" style=\"flex-basis:33.33333%\"><figure class=\"tiled-gallery__item\"><img decoding=\"async\" data-attachment-id=\"28200\" data-permalink=\"https:\/\/www.cisa-arica.cl\/wp1\/2025\/04\/30\/conmemoracion-dia-del-libro-2025\/c4634a1b-0c34-4694-a059-463fc743eb96\/\" data-orig-file=\"https:\/\/www.cisa-arica.cl\/wp1\/wp-content\/uploads\/2025\/05\/c4634a1b-0c34-4694-a059-463fc743eb96.jpeg\" data-orig-size=\"1280,853\" data-comments-opened=\"0\" data-image-meta=\"{&quot;aperture&quot;:&quot;0&quot;,&quot;credit&quot;:&quot;&quot;,&quot;camera&quot;:&quot;&quot;,&quot;caption&quot;:&quot;&quot;,&quot;created_timestamp&quot;:&quot;0&quot;,&quot;copyright&quot;:&quot;&quot;,&quot;focal_length&quot;:&quot;0&quot;,&quot;iso&quot;:&quot;0&quot;,&quot;shutter_speed&quot;:&quot;0&quot;,&quot;title&quot;:&quot;&quot;,&quot;orientation&quot;:&quot;0&quot;}\" data-image-title=\"c4634a1b-0c34-4694-a059-463fc743eb96\" data-image-description=\"\" data-image-caption=\"\" data-large-file=\"https:\/\/www.cisa-arica.cl\/wp1\/wp-content\/uploads\/2025\/05\/c4634a1b-0c34-4694-a059-463fc743eb96-600x400.jpeg\" data-attachment-id=\"28200\" data-permalink=\"https:\/\/www.cisa-arica.cl\/wp1\/2025\/04\/30\/conmemoracion-dia-del-libro-2025\/c4634a1b-0c34-4694-a059-463fc743eb96\/\" data-orig-file=\"https:\/\/www.cisa-arica.cl\/wp1\/wp-content\/uploads\/2025\/05\/c4634a1b-0c34-4694-a059-463fc743eb96.jpeg\" data-orig-size=\"1280,853\" data-comments-opened=\"0\" data-image-meta=\"{&quot;aperture&quot;:&quot;0&quot;,&quot;credit&quot;:&quot;&quot;,&quot;camera&quot;:&quot;&quot;,&quot;caption&quot;:&quot;&quot;,&quot;created_timestamp&quot;:&quot;0&quot;,&quot;copyright&quot;:&quot;&quot;,&quot;focal_length&quot;:&quot;0&quot;,&quot;iso&quot;:&quot;0&quot;,&quot;shutter_speed&quot;:&quot;0&quot;,&quot;title&quot;:&quot;&quot;,&quot;orientation&quot;:&quot;0&quot;}\" data-image-title=\"c4634a1b-0c34-4694-a059-463fc743eb96\" data-image-description=\"\" data-image-caption=\"\" data-large-file=\"https:\/\/www.cisa-arica.cl\/wp1\/wp-content\/uploads\/2025\/05\/c4634a1b-0c34-4694-a059-463fc743eb96-600x400.jpeg\" role=\"button\" tabindex=\"0\" aria-label=\"Abrir la imagen 5 de 84 en pantalla completa\"srcset=\"https:\/\/i1.wp.com\/www.cisa-arica.cl\/wp1\/wp-content\/uploads\/2025\/05\/c4634a1b-0c34-4694-a059-463fc743eb96-600x400.jpeg?strip=info&#038;w=600&#038;ssl=1 600w,https:\/\/i1.wp.com\/www.cisa-arica.cl\/wp1\/wp-content\/uploads\/2025\/05\/c4634a1b-0c34-4694-a059-463fc743eb96-600x400.jpeg?strip=info&#038;w=900&#038;ssl=1 900w,https:\/\/i1.wp.com\/www.cisa-arica.cl\/wp1\/wp-content\/uploads\/2025\/05\/c4634a1b-0c34-4694-a059-463fc743eb96-600x400.jpeg?strip=info&#038;w=1200&#038;ssl=1 1200w,https:\/\/i1.wp.com\/www.cisa-arica.cl\/wp1\/wp-content\/uploads\/2025\/05\/c4634a1b-0c34-4694-a059-463fc743eb96-600x400.jpeg?strip=info&#038;w=1280&#038;ssl=1 1280w\" alt=\"\" data-height=\"853\" data-id=\"28200\" data-link=\"https:\/\/www.cisa-arica.cl\/wp1\/?attachment_id=28200\" data-url=\"https:\/\/www.cisa-arica.cl\/wp1\/wp-content\/uploads\/2025\/05\/c4634a1b-0c34-4694-a059-463fc743eb96-600x400.jpeg\" data-width=\"1280\" src=\"https:\/\/i1.wp.com\/www.cisa-arica.cl\/wp1\/wp-content\/uploads\/2025\/05\/c4634a1b-0c34-4694-a059-463fc743eb96-600x400.jpeg?ssl=1\" data-amp-layout=\"responsive\"\/><\/figure><\/div><div class=\"tiled-gallery__col\" style=\"flex-basis:33.33333%\"><figure class=\"tiled-gallery__item\"><img decoding=\"async\" data-attachment-id=\"28201\" data-permalink=\"https:\/\/www.cisa-arica.cl\/wp1\/2025\/04\/30\/conmemoracion-dia-del-libro-2025\/ef8f8487-814d-4d08-abd8-ed5d5c33ff61\/\" data-orig-file=\"https:\/\/www.cisa-arica.cl\/wp1\/wp-content\/uploads\/2025\/05\/ef8f8487-814d-4d08-abd8-ed5d5c33ff61.jpeg\" data-orig-size=\"1280,853\" data-comments-opened=\"0\" data-image-meta=\"{&quot;aperture&quot;:&quot;0&quot;,&quot;credit&quot;:&quot;&quot;,&quot;camera&quot;:&quot;&quot;,&quot;caption&quot;:&quot;&quot;,&quot;created_timestamp&quot;:&quot;0&quot;,&quot;copyright&quot;:&quot;&quot;,&quot;focal_length&quot;:&quot;0&quot;,&quot;iso&quot;:&quot;0&quot;,&quot;shutter_speed&quot;:&quot;0&quot;,&quot;title&quot;:&quot;&quot;,&quot;orientation&quot;:&quot;0&quot;}\" data-image-title=\"ef8f8487-814d-4d08-abd8-ed5d5c33ff61\" data-image-description=\"\" data-image-caption=\"\" data-large-file=\"https:\/\/www.cisa-arica.cl\/wp1\/wp-content\/uploads\/2025\/05\/ef8f8487-814d-4d08-abd8-ed5d5c33ff61-600x400.jpeg\" data-attachment-id=\"28201\" data-permalink=\"https:\/\/www.cisa-arica.cl\/wp1\/2025\/04\/30\/conmemoracion-dia-del-libro-2025\/ef8f8487-814d-4d08-abd8-ed5d5c33ff61\/\" data-orig-file=\"https:\/\/www.cisa-arica.cl\/wp1\/wp-content\/uploads\/2025\/05\/ef8f8487-814d-4d08-abd8-ed5d5c33ff61.jpeg\" data-orig-size=\"1280,853\" data-comments-opened=\"0\" data-image-meta=\"{&quot;aperture&quot;:&quot;0&quot;,&quot;credit&quot;:&quot;&quot;,&quot;camera&quot;:&quot;&quot;,&quot;caption&quot;:&quot;&quot;,&quot;created_timestamp&quot;:&quot;0&quot;,&quot;copyright&quot;:&quot;&quot;,&quot;focal_length&quot;:&quot;0&quot;,&quot;iso&quot;:&quot;0&quot;,&quot;shutter_speed&quot;:&quot;0&quot;,&quot;title&quot;:&quot;&quot;,&quot;orientation&quot;:&quot;0&quot;}\" data-image-title=\"ef8f8487-814d-4d08-abd8-ed5d5c33ff61\" data-image-description=\"\" data-image-caption=\"\" data-large-file=\"https:\/\/www.cisa-arica.cl\/wp1\/wp-content\/uploads\/2025\/05\/ef8f8487-814d-4d08-abd8-ed5d5c33ff61-600x400.jpeg\" role=\"button\" tabindex=\"0\" aria-label=\"Abrir la imagen 6 de 84 en pantalla completa\"srcset=\"https:\/\/i1.wp.com\/www.cisa-arica.cl\/wp1\/wp-content\/uploads\/2025\/05\/ef8f8487-814d-4d08-abd8-ed5d5c33ff61-600x400.jpeg?strip=info&#038;w=600&#038;ssl=1 600w,https:\/\/i1.wp.com\/www.cisa-arica.cl\/wp1\/wp-content\/uploads\/2025\/05\/ef8f8487-814d-4d08-abd8-ed5d5c33ff61-600x400.jpeg?strip=info&#038;w=900&#038;ssl=1 900w,https:\/\/i1.wp.com\/www.cisa-arica.cl\/wp1\/wp-content\/uploads\/2025\/05\/ef8f8487-814d-4d08-abd8-ed5d5c33ff61-600x400.jpeg?strip=info&#038;w=1200&#038;ssl=1 1200w,https:\/\/i1.wp.com\/www.cisa-arica.cl\/wp1\/wp-content\/uploads\/2025\/05\/ef8f8487-814d-4d08-abd8-ed5d5c33ff61-600x400.jpeg?strip=info&#038;w=1280&#038;ssl=1 1280w\" alt=\"\" data-height=\"853\" data-id=\"28201\" data-link=\"https:\/\/www.cisa-arica.cl\/wp1\/?attachment_id=28201\" data-url=\"https:\/\/www.cisa-arica.cl\/wp1\/wp-content\/uploads\/2025\/05\/ef8f8487-814d-4d08-abd8-ed5d5c33ff61-600x400.jpeg\" data-width=\"1280\" src=\"https:\/\/i1.wp.com\/www.cisa-arica.cl\/wp1\/wp-content\/uploads\/2025\/05\/ef8f8487-814d-4d08-abd8-ed5d5c33ff61-600x400.jpeg?ssl=1\" data-amp-layout=\"responsive\"\/><\/figure><\/div><\/div><div class=\"tiled-gallery__row\"><div class=\"tiled-gallery__col\" style=\"flex-basis:33.24466%\"><figure class=\"tiled-gallery__item\"><img decoding=\"async\" data-attachment-id=\"28202\" data-permalink=\"https:\/\/www.cisa-arica.cl\/wp1\/2025\/04\/30\/conmemoracion-dia-del-libro-2025\/img_0013-2\/\" data-orig-file=\"https:\/\/www.cisa-arica.cl\/wp1\/wp-content\/uploads\/2025\/05\/IMG_0013.jpg\" data-orig-size=\"2048,1365\" data-comments-opened=\"0\" data-image-meta=\"{&quot;aperture&quot;:&quot;5.6&quot;,&quot;credit&quot;:&quot;Mahadeva Das&quot;,&quot;camera&quot;:&quot;Canon EOS 60D&quot;,&quot;caption&quot;:&quot;&quot;,&quot;created_timestamp&quot;:&quot;1745410786&quot;,&quot;copyright&quot;:&quot;osomahadev@hotmail.com         Funkerrante@Gmail.com&quot;,&quot;focal_length&quot;:&quot;55&quot;,&quot;iso&quot;:&quot;800&quot;,&quot;shutter_speed&quot;:&quot;0.005&quot;,&quot;title&quot;:&quot;&quot;,&quot;orientation&quot;:&quot;0&quot;}\" data-image-title=\"IMG_0013\" data-image-description=\"\" data-image-caption=\"\" data-large-file=\"https:\/\/www.cisa-arica.cl\/wp1\/wp-content\/uploads\/2025\/05\/IMG_0013-600x400.jpg\" data-attachment-id=\"28202\" data-permalink=\"https:\/\/www.cisa-arica.cl\/wp1\/2025\/04\/30\/conmemoracion-dia-del-libro-2025\/img_0013-2\/\" data-orig-file=\"https:\/\/www.cisa-arica.cl\/wp1\/wp-content\/uploads\/2025\/05\/IMG_0013.jpg\" data-orig-size=\"2048,1365\" data-comments-opened=\"0\" data-image-meta=\"{&quot;aperture&quot;:&quot;5.6&quot;,&quot;credit&quot;:&quot;Mahadeva Das&quot;,&quot;camera&quot;:&quot;Canon EOS 60D&quot;,&quot;caption&quot;:&quot;&quot;,&quot;created_timestamp&quot;:&quot;1745410786&quot;,&quot;copyright&quot;:&quot;osomahadev@hotmail.com         Funkerrante@Gmail.com&quot;,&quot;focal_length&quot;:&quot;55&quot;,&quot;iso&quot;:&quot;800&quot;,&quot;shutter_speed&quot;:&quot;0.005&quot;,&quot;title&quot;:&quot;&quot;,&quot;orientation&quot;:&quot;0&quot;}\" data-image-title=\"IMG_0013\" data-image-description=\"\" data-image-caption=\"\" data-large-file=\"https:\/\/www.cisa-arica.cl\/wp1\/wp-content\/uploads\/2025\/05\/IMG_0013-600x400.jpg\" role=\"button\" tabindex=\"0\" aria-label=\"Abrir la imagen 7 de 84 en pantalla completa\"srcset=\"https:\/\/i2.wp.com\/www.cisa-arica.cl\/wp1\/wp-content\/uploads\/2025\/05\/IMG_0013-600x400.jpg?strip=info&#038;w=600&#038;ssl=1 600w,https:\/\/i2.wp.com\/www.cisa-arica.cl\/wp1\/wp-content\/uploads\/2025\/05\/IMG_0013-600x400.jpg?strip=info&#038;w=900&#038;ssl=1 900w,https:\/\/i2.wp.com\/www.cisa-arica.cl\/wp1\/wp-content\/uploads\/2025\/05\/IMG_0013-600x400.jpg?strip=info&#038;w=1200&#038;ssl=1 1200w,https:\/\/i2.wp.com\/www.cisa-arica.cl\/wp1\/wp-content\/uploads\/2025\/05\/IMG_0013-600x400.jpg?strip=info&#038;w=1500&#038;ssl=1 1500w,https:\/\/i2.wp.com\/www.cisa-arica.cl\/wp1\/wp-content\/uploads\/2025\/05\/IMG_0013-600x400.jpg?strip=info&#038;w=1800&#038;ssl=1 1800w,https:\/\/i2.wp.com\/www.cisa-arica.cl\/wp1\/wp-content\/uploads\/2025\/05\/IMG_0013-600x400.jpg?strip=info&#038;w=2000&#038;ssl=1 2000w\" alt=\"\" data-height=\"1365\" data-id=\"28202\" data-link=\"https:\/\/www.cisa-arica.cl\/wp1\/?attachment_id=28202\" data-url=\"https:\/\/www.cisa-arica.cl\/wp1\/wp-content\/uploads\/2025\/05\/IMG_0013-600x400.jpg\" data-width=\"2048\" src=\"https:\/\/i2.wp.com\/www.cisa-arica.cl\/wp1\/wp-content\/uploads\/2025\/05\/IMG_0013-600x400.jpg?ssl=1\" data-amp-layout=\"responsive\"\/><\/figure><figure class=\"tiled-gallery__item\"><img decoding=\"async\" data-attachment-id=\"28203\" data-permalink=\"https:\/\/www.cisa-arica.cl\/wp1\/2025\/04\/30\/conmemoracion-dia-del-libro-2025\/img_0016\/\" data-orig-file=\"https:\/\/www.cisa-arica.cl\/wp1\/wp-content\/uploads\/2025\/05\/IMG_0016.jpg\" data-orig-size=\"2048,1365\" data-comments-opened=\"0\" data-image-meta=\"{&quot;aperture&quot;:&quot;5.6&quot;,&quot;credit&quot;:&quot;Mahadeva Das&quot;,&quot;camera&quot;:&quot;Canon EOS 60D&quot;,&quot;caption&quot;:&quot;&quot;,&quot;created_timestamp&quot;:&quot;1745410797&quot;,&quot;copyright&quot;:&quot;osomahadev@hotmail.com         Funkerrante@Gmail.com&quot;,&quot;focal_length&quot;:&quot;49&quot;,&quot;iso&quot;:&quot;800&quot;,&quot;shutter_speed&quot;:&quot;0.005&quot;,&quot;title&quot;:&quot;&quot;,&quot;orientation&quot;:&quot;0&quot;}\" data-image-title=\"IMG_0016\" data-image-description=\"\" data-image-caption=\"\" data-large-file=\"https:\/\/www.cisa-arica.cl\/wp1\/wp-content\/uploads\/2025\/05\/IMG_0016-600x400.jpg\" data-attachment-id=\"28203\" data-permalink=\"https:\/\/www.cisa-arica.cl\/wp1\/2025\/04\/30\/conmemoracion-dia-del-libro-2025\/img_0016\/\" data-orig-file=\"https:\/\/www.cisa-arica.cl\/wp1\/wp-content\/uploads\/2025\/05\/IMG_0016.jpg\" data-orig-size=\"2048,1365\" data-comments-opened=\"0\" data-image-meta=\"{&quot;aperture&quot;:&quot;5.6&quot;,&quot;credit&quot;:&quot;Mahadeva Das&quot;,&quot;camera&quot;:&quot;Canon EOS 60D&quot;,&quot;caption&quot;:&quot;&quot;,&quot;created_timestamp&quot;:&quot;1745410797&quot;,&quot;copyright&quot;:&quot;osomahadev@hotmail.com         Funkerrante@Gmail.com&quot;,&quot;focal_length&quot;:&quot;49&quot;,&quot;iso&quot;:&quot;800&quot;,&quot;shutter_speed&quot;:&quot;0.005&quot;,&quot;title&quot;:&quot;&quot;,&quot;orientation&quot;:&quot;0&quot;}\" data-image-title=\"IMG_0016\" data-image-description=\"\" data-image-caption=\"\" data-large-file=\"https:\/\/www.cisa-arica.cl\/wp1\/wp-content\/uploads\/2025\/05\/IMG_0016-600x400.jpg\" role=\"button\" tabindex=\"0\" aria-label=\"Abrir la imagen 8 de 84 en pantalla completa\"srcset=\"https:\/\/i2.wp.com\/www.cisa-arica.cl\/wp1\/wp-content\/uploads\/2025\/05\/IMG_0016-600x400.jpg?strip=info&#038;w=600&#038;ssl=1 600w,https:\/\/i2.wp.com\/www.cisa-arica.cl\/wp1\/wp-content\/uploads\/2025\/05\/IMG_0016-600x400.jpg?strip=info&#038;w=900&#038;ssl=1 900w,https:\/\/i2.wp.com\/www.cisa-arica.cl\/wp1\/wp-content\/uploads\/2025\/05\/IMG_0016-600x400.jpg?strip=info&#038;w=1200&#038;ssl=1 1200w,https:\/\/i2.wp.com\/www.cisa-arica.cl\/wp1\/wp-content\/uploads\/2025\/05\/IMG_0016-600x400.jpg?strip=info&#038;w=1500&#038;ssl=1 1500w,https:\/\/i2.wp.com\/www.cisa-arica.cl\/wp1\/wp-content\/uploads\/2025\/05\/IMG_0016-600x400.jpg?strip=info&#038;w=1800&#038;ssl=1 1800w,https:\/\/i2.wp.com\/www.cisa-arica.cl\/wp1\/wp-content\/uploads\/2025\/05\/IMG_0016-600x400.jpg?strip=info&#038;w=2000&#038;ssl=1 2000w\" alt=\"\" data-height=\"1365\" data-id=\"28203\" data-link=\"https:\/\/www.cisa-arica.cl\/wp1\/?attachment_id=28203\" data-url=\"https:\/\/www.cisa-arica.cl\/wp1\/wp-content\/uploads\/2025\/05\/IMG_0016-600x400.jpg\" data-width=\"2048\" src=\"https:\/\/i2.wp.com\/www.cisa-arica.cl\/wp1\/wp-content\/uploads\/2025\/05\/IMG_0016-600x400.jpg?ssl=1\" data-amp-layout=\"responsive\"\/><\/figure><\/div><div class=\"tiled-gallery__col\" style=\"flex-basis:66.75534%\"><figure class=\"tiled-gallery__item\"><img decoding=\"async\" data-attachment-id=\"28204\" data-permalink=\"https:\/\/www.cisa-arica.cl\/wp1\/2025\/04\/30\/conmemoracion-dia-del-libro-2025\/img_0028\/\" data-orig-file=\"https:\/\/www.cisa-arica.cl\/wp1\/wp-content\/uploads\/2025\/05\/IMG_0028.jpg\" data-orig-size=\"2048,1365\" data-comments-opened=\"0\" data-image-meta=\"{&quot;aperture&quot;:&quot;5.6&quot;,&quot;credit&quot;:&quot;Mahadeva Das&quot;,&quot;camera&quot;:&quot;Canon EOS 60D&quot;,&quot;caption&quot;:&quot;&quot;,&quot;created_timestamp&quot;:&quot;1745410903&quot;,&quot;copyright&quot;:&quot;osomahadev@hotmail.com         Funkerrante@Gmail.com&quot;,&quot;focal_length&quot;:&quot;47&quot;,&quot;iso&quot;:&quot;800&quot;,&quot;shutter_speed&quot;:&quot;0.02&quot;,&quot;title&quot;:&quot;&quot;,&quot;orientation&quot;:&quot;0&quot;}\" data-image-title=\"IMG_0028\" data-image-description=\"\" data-image-caption=\"\" data-large-file=\"https:\/\/www.cisa-arica.cl\/wp1\/wp-content\/uploads\/2025\/05\/IMG_0028-600x400.jpg\" data-attachment-id=\"28204\" data-permalink=\"https:\/\/www.cisa-arica.cl\/wp1\/2025\/04\/30\/conmemoracion-dia-del-libro-2025\/img_0028\/\" data-orig-file=\"https:\/\/www.cisa-arica.cl\/wp1\/wp-content\/uploads\/2025\/05\/IMG_0028.jpg\" data-orig-size=\"2048,1365\" data-comments-opened=\"0\" data-image-meta=\"{&quot;aperture&quot;:&quot;5.6&quot;,&quot;credit&quot;:&quot;Mahadeva Das&quot;,&quot;camera&quot;:&quot;Canon EOS 60D&quot;,&quot;caption&quot;:&quot;&quot;,&quot;created_timestamp&quot;:&quot;1745410903&quot;,&quot;copyright&quot;:&quot;osomahadev@hotmail.com         Funkerrante@Gmail.com&quot;,&quot;focal_length&quot;:&quot;47&quot;,&quot;iso&quot;:&quot;800&quot;,&quot;shutter_speed&quot;:&quot;0.02&quot;,&quot;title&quot;:&quot;&quot;,&quot;orientation&quot;:&quot;0&quot;}\" data-image-title=\"IMG_0028\" data-image-description=\"\" data-image-caption=\"\" data-large-file=\"https:\/\/www.cisa-arica.cl\/wp1\/wp-content\/uploads\/2025\/05\/IMG_0028-600x400.jpg\" role=\"button\" tabindex=\"0\" aria-label=\"Abrir la imagen 9 de 84 en pantalla completa\"srcset=\"https:\/\/i1.wp.com\/www.cisa-arica.cl\/wp1\/wp-content\/uploads\/2025\/05\/IMG_0028-600x400.jpg?strip=info&#038;w=600&#038;ssl=1 600w,https:\/\/i1.wp.com\/www.cisa-arica.cl\/wp1\/wp-content\/uploads\/2025\/05\/IMG_0028-600x400.jpg?strip=info&#038;w=900&#038;ssl=1 900w,https:\/\/i1.wp.com\/www.cisa-arica.cl\/wp1\/wp-content\/uploads\/2025\/05\/IMG_0028-600x400.jpg?strip=info&#038;w=1200&#038;ssl=1 1200w,https:\/\/i1.wp.com\/www.cisa-arica.cl\/wp1\/wp-content\/uploads\/2025\/05\/IMG_0028-600x400.jpg?strip=info&#038;w=1500&#038;ssl=1 1500w,https:\/\/i1.wp.com\/www.cisa-arica.cl\/wp1\/wp-content\/uploads\/2025\/05\/IMG_0028-600x400.jpg?strip=info&#038;w=1800&#038;ssl=1 1800w,https:\/\/i1.wp.com\/www.cisa-arica.cl\/wp1\/wp-content\/uploads\/2025\/05\/IMG_0028-600x400.jpg?strip=info&#038;w=2000&#038;ssl=1 2000w\" alt=\"\" data-height=\"1365\" data-id=\"28204\" data-link=\"https:\/\/www.cisa-arica.cl\/wp1\/?attachment_id=28204\" data-url=\"https:\/\/www.cisa-arica.cl\/wp1\/wp-content\/uploads\/2025\/05\/IMG_0028-600x400.jpg\" data-width=\"2048\" src=\"https:\/\/i1.wp.com\/www.cisa-arica.cl\/wp1\/wp-content\/uploads\/2025\/05\/IMG_0028-600x400.jpg?ssl=1\" data-amp-layout=\"responsive\"\/><\/figure><\/div><\/div><div class=\"tiled-gallery__row\"><div class=\"tiled-gallery__col\" style=\"flex-basis:50.00000%\"><figure class=\"tiled-gallery__item\"><img decoding=\"async\" data-attachment-id=\"28205\" data-permalink=\"https:\/\/www.cisa-arica.cl\/wp1\/2025\/04\/30\/conmemoracion-dia-del-libro-2025\/img_0030\/\" data-orig-file=\"https:\/\/www.cisa-arica.cl\/wp1\/wp-content\/uploads\/2025\/05\/IMG_0030.jpg\" data-orig-size=\"2048,1365\" data-comments-opened=\"0\" data-image-meta=\"{&quot;aperture&quot;:&quot;5&quot;,&quot;credit&quot;:&quot;Mahadeva Das&quot;,&quot;camera&quot;:&quot;Canon EOS 60D&quot;,&quot;caption&quot;:&quot;&quot;,&quot;created_timestamp&quot;:&quot;1745410909&quot;,&quot;copyright&quot;:&quot;osomahadev@hotmail.com         Funkerrante@Gmail.com&quot;,&quot;focal_length&quot;:&quot;39&quot;,&quot;iso&quot;:&quot;800&quot;,&quot;shutter_speed&quot;:&quot;0.016666666666667&quot;,&quot;title&quot;:&quot;&quot;,&quot;orientation&quot;:&quot;0&quot;}\" data-image-title=\"IMG_0030\" data-image-description=\"\" data-image-caption=\"\" data-large-file=\"https:\/\/www.cisa-arica.cl\/wp1\/wp-content\/uploads\/2025\/05\/IMG_0030-600x400.jpg\" data-attachment-id=\"28205\" data-permalink=\"https:\/\/www.cisa-arica.cl\/wp1\/2025\/04\/30\/conmemoracion-dia-del-libro-2025\/img_0030\/\" data-orig-file=\"https:\/\/www.cisa-arica.cl\/wp1\/wp-content\/uploads\/2025\/05\/IMG_0030.jpg\" data-orig-size=\"2048,1365\" data-comments-opened=\"0\" data-image-meta=\"{&quot;aperture&quot;:&quot;5&quot;,&quot;credit&quot;:&quot;Mahadeva Das&quot;,&quot;camera&quot;:&quot;Canon EOS 60D&quot;,&quot;caption&quot;:&quot;&quot;,&quot;created_timestamp&quot;:&quot;1745410909&quot;,&quot;copyright&quot;:&quot;osomahadev@hotmail.com         Funkerrante@Gmail.com&quot;,&quot;focal_length&quot;:&quot;39&quot;,&quot;iso&quot;:&quot;800&quot;,&quot;shutter_speed&quot;:&quot;0.016666666666667&quot;,&quot;title&quot;:&quot;&quot;,&quot;orientation&quot;:&quot;0&quot;}\" data-image-title=\"IMG_0030\" data-image-description=\"\" data-image-caption=\"\" data-large-file=\"https:\/\/www.cisa-arica.cl\/wp1\/wp-content\/uploads\/2025\/05\/IMG_0030-600x400.jpg\" role=\"button\" tabindex=\"0\" aria-label=\"Abrir la imagen 10 de 84 en pantalla completa\"srcset=\"https:\/\/i1.wp.com\/www.cisa-arica.cl\/wp1\/wp-content\/uploads\/2025\/05\/IMG_0030-600x400.jpg?strip=info&#038;w=600&#038;ssl=1 600w,https:\/\/i1.wp.com\/www.cisa-arica.cl\/wp1\/wp-content\/uploads\/2025\/05\/IMG_0030-600x400.jpg?strip=info&#038;w=900&#038;ssl=1 900w,https:\/\/i1.wp.com\/www.cisa-arica.cl\/wp1\/wp-content\/uploads\/2025\/05\/IMG_0030-600x400.jpg?strip=info&#038;w=1200&#038;ssl=1 1200w,https:\/\/i1.wp.com\/www.cisa-arica.cl\/wp1\/wp-content\/uploads\/2025\/05\/IMG_0030-600x400.jpg?strip=info&#038;w=1500&#038;ssl=1 1500w,https:\/\/i1.wp.com\/www.cisa-arica.cl\/wp1\/wp-content\/uploads\/2025\/05\/IMG_0030-600x400.jpg?strip=info&#038;w=1800&#038;ssl=1 1800w,https:\/\/i1.wp.com\/www.cisa-arica.cl\/wp1\/wp-content\/uploads\/2025\/05\/IMG_0030-600x400.jpg?strip=info&#038;w=2000&#038;ssl=1 2000w\" alt=\"\" data-height=\"1365\" data-id=\"28205\" data-link=\"https:\/\/www.cisa-arica.cl\/wp1\/?attachment_id=28205\" data-url=\"https:\/\/www.cisa-arica.cl\/wp1\/wp-content\/uploads\/2025\/05\/IMG_0030-600x400.jpg\" data-width=\"2048\" src=\"https:\/\/i1.wp.com\/www.cisa-arica.cl\/wp1\/wp-content\/uploads\/2025\/05\/IMG_0030-600x400.jpg?ssl=1\" data-amp-layout=\"responsive\"\/><\/figure><\/div><div class=\"tiled-gallery__col\" style=\"flex-basis:50.00000%\"><figure class=\"tiled-gallery__item\"><img decoding=\"async\" data-attachment-id=\"28206\" data-permalink=\"https:\/\/www.cisa-arica.cl\/wp1\/2025\/04\/30\/conmemoracion-dia-del-libro-2025\/img_0038\/\" data-orig-file=\"https:\/\/www.cisa-arica.cl\/wp1\/wp-content\/uploads\/2025\/05\/IMG_0038.jpg\" data-orig-size=\"2048,1365\" data-comments-opened=\"0\" data-image-meta=\"{&quot;aperture&quot;:&quot;5.6&quot;,&quot;credit&quot;:&quot;Mahadeva Das&quot;,&quot;camera&quot;:&quot;Canon EOS 60D&quot;,&quot;caption&quot;:&quot;&quot;,&quot;created_timestamp&quot;:&quot;1745410938&quot;,&quot;copyright&quot;:&quot;osomahadev@hotmail.com         Funkerrante@Gmail.com&quot;,&quot;focal_length&quot;:&quot;55&quot;,&quot;iso&quot;:&quot;800&quot;,&quot;shutter_speed&quot;:&quot;0.00625&quot;,&quot;title&quot;:&quot;&quot;,&quot;orientation&quot;:&quot;0&quot;}\" data-image-title=\"IMG_0038\" data-image-description=\"\" data-image-caption=\"\" data-large-file=\"https:\/\/www.cisa-arica.cl\/wp1\/wp-content\/uploads\/2025\/05\/IMG_0038-600x400.jpg\" data-attachment-id=\"28206\" data-permalink=\"https:\/\/www.cisa-arica.cl\/wp1\/2025\/04\/30\/conmemoracion-dia-del-libro-2025\/img_0038\/\" data-orig-file=\"https:\/\/www.cisa-arica.cl\/wp1\/wp-content\/uploads\/2025\/05\/IMG_0038.jpg\" data-orig-size=\"2048,1365\" data-comments-opened=\"0\" data-image-meta=\"{&quot;aperture&quot;:&quot;5.6&quot;,&quot;credit&quot;:&quot;Mahadeva Das&quot;,&quot;camera&quot;:&quot;Canon EOS 60D&quot;,&quot;caption&quot;:&quot;&quot;,&quot;created_timestamp&quot;:&quot;1745410938&quot;,&quot;copyright&quot;:&quot;osomahadev@hotmail.com         Funkerrante@Gmail.com&quot;,&quot;focal_length&quot;:&quot;55&quot;,&quot;iso&quot;:&quot;800&quot;,&quot;shutter_speed&quot;:&quot;0.00625&quot;,&quot;title&quot;:&quot;&quot;,&quot;orientation&quot;:&quot;0&quot;}\" data-image-title=\"IMG_0038\" data-image-description=\"\" data-image-caption=\"\" data-large-file=\"https:\/\/www.cisa-arica.cl\/wp1\/wp-content\/uploads\/2025\/05\/IMG_0038-600x400.jpg\" role=\"button\" tabindex=\"0\" aria-label=\"Abrir la imagen 11 de 84 en pantalla completa\"srcset=\"https:\/\/i2.wp.com\/www.cisa-arica.cl\/wp1\/wp-content\/uploads\/2025\/05\/IMG_0038-600x400.jpg?strip=info&#038;w=600&#038;ssl=1 600w,https:\/\/i2.wp.com\/www.cisa-arica.cl\/wp1\/wp-content\/uploads\/2025\/05\/IMG_0038-600x400.jpg?strip=info&#038;w=900&#038;ssl=1 900w,https:\/\/i2.wp.com\/www.cisa-arica.cl\/wp1\/wp-content\/uploads\/2025\/05\/IMG_0038-600x400.jpg?strip=info&#038;w=1200&#038;ssl=1 1200w,https:\/\/i2.wp.com\/www.cisa-arica.cl\/wp1\/wp-content\/uploads\/2025\/05\/IMG_0038-600x400.jpg?strip=info&#038;w=1500&#038;ssl=1 1500w,https:\/\/i2.wp.com\/www.cisa-arica.cl\/wp1\/wp-content\/uploads\/2025\/05\/IMG_0038-600x400.jpg?strip=info&#038;w=1800&#038;ssl=1 1800w,https:\/\/i2.wp.com\/www.cisa-arica.cl\/wp1\/wp-content\/uploads\/2025\/05\/IMG_0038-600x400.jpg?strip=info&#038;w=2000&#038;ssl=1 2000w\" alt=\"\" data-height=\"1365\" data-id=\"28206\" data-link=\"https:\/\/www.cisa-arica.cl\/wp1\/?attachment_id=28206\" data-url=\"https:\/\/www.cisa-arica.cl\/wp1\/wp-content\/uploads\/2025\/05\/IMG_0038-600x400.jpg\" data-width=\"2048\" src=\"https:\/\/i2.wp.com\/www.cisa-arica.cl\/wp1\/wp-content\/uploads\/2025\/05\/IMG_0038-600x400.jpg?ssl=1\" data-amp-layout=\"responsive\"\/><\/figure><\/div><\/div><div class=\"tiled-gallery__row\"><div class=\"tiled-gallery__col\" style=\"flex-basis:66.75534%\"><figure class=\"tiled-gallery__item\"><img decoding=\"async\" data-attachment-id=\"28207\" data-permalink=\"https:\/\/www.cisa-arica.cl\/wp1\/2025\/04\/30\/conmemoracion-dia-del-libro-2025\/img_0044\/\" data-orig-file=\"https:\/\/www.cisa-arica.cl\/wp1\/wp-content\/uploads\/2025\/05\/IMG_0044.jpg\" data-orig-size=\"2048,1365\" data-comments-opened=\"0\" data-image-meta=\"{&quot;aperture&quot;:&quot;4.5&quot;,&quot;credit&quot;:&quot;Mahadeva Das&quot;,&quot;camera&quot;:&quot;Canon EOS 60D&quot;,&quot;caption&quot;:&quot;&quot;,&quot;created_timestamp&quot;:&quot;1745410954&quot;,&quot;copyright&quot;:&quot;osomahadev@hotmail.com         Funkerrante@Gmail.com&quot;,&quot;focal_length&quot;:&quot;33&quot;,&quot;iso&quot;:&quot;800&quot;,&quot;shutter_speed&quot;:&quot;0.00625&quot;,&quot;title&quot;:&quot;&quot;,&quot;orientation&quot;:&quot;0&quot;}\" data-image-title=\"IMG_0044\" data-image-description=\"\" data-image-caption=\"\" data-large-file=\"https:\/\/www.cisa-arica.cl\/wp1\/wp-content\/uploads\/2025\/05\/IMG_0044-600x400.jpg\" data-attachment-id=\"28207\" data-permalink=\"https:\/\/www.cisa-arica.cl\/wp1\/2025\/04\/30\/conmemoracion-dia-del-libro-2025\/img_0044\/\" data-orig-file=\"https:\/\/www.cisa-arica.cl\/wp1\/wp-content\/uploads\/2025\/05\/IMG_0044.jpg\" data-orig-size=\"2048,1365\" data-comments-opened=\"0\" data-image-meta=\"{&quot;aperture&quot;:&quot;4.5&quot;,&quot;credit&quot;:&quot;Mahadeva Das&quot;,&quot;camera&quot;:&quot;Canon EOS 60D&quot;,&quot;caption&quot;:&quot;&quot;,&quot;created_timestamp&quot;:&quot;1745410954&quot;,&quot;copyright&quot;:&quot;osomahadev@hotmail.com         Funkerrante@Gmail.com&quot;,&quot;focal_length&quot;:&quot;33&quot;,&quot;iso&quot;:&quot;800&quot;,&quot;shutter_speed&quot;:&quot;0.00625&quot;,&quot;title&quot;:&quot;&quot;,&quot;orientation&quot;:&quot;0&quot;}\" data-image-title=\"IMG_0044\" data-image-description=\"\" data-image-caption=\"\" data-large-file=\"https:\/\/www.cisa-arica.cl\/wp1\/wp-content\/uploads\/2025\/05\/IMG_0044-600x400.jpg\" role=\"button\" tabindex=\"0\" aria-label=\"Abrir la imagen 12 de 84 en pantalla completa\"srcset=\"https:\/\/i2.wp.com\/www.cisa-arica.cl\/wp1\/wp-content\/uploads\/2025\/05\/IMG_0044-600x400.jpg?strip=info&#038;w=600&#038;ssl=1 600w,https:\/\/i2.wp.com\/www.cisa-arica.cl\/wp1\/wp-content\/uploads\/2025\/05\/IMG_0044-600x400.jpg?strip=info&#038;w=900&#038;ssl=1 900w,https:\/\/i2.wp.com\/www.cisa-arica.cl\/wp1\/wp-content\/uploads\/2025\/05\/IMG_0044-600x400.jpg?strip=info&#038;w=1200&#038;ssl=1 1200w,https:\/\/i2.wp.com\/www.cisa-arica.cl\/wp1\/wp-content\/uploads\/2025\/05\/IMG_0044-600x400.jpg?strip=info&#038;w=1500&#038;ssl=1 1500w,https:\/\/i2.wp.com\/www.cisa-arica.cl\/wp1\/wp-content\/uploads\/2025\/05\/IMG_0044-600x400.jpg?strip=info&#038;w=1800&#038;ssl=1 1800w,https:\/\/i2.wp.com\/www.cisa-arica.cl\/wp1\/wp-content\/uploads\/2025\/05\/IMG_0044-600x400.jpg?strip=info&#038;w=2000&#038;ssl=1 2000w\" alt=\"\" data-height=\"1365\" data-id=\"28207\" data-link=\"https:\/\/www.cisa-arica.cl\/wp1\/?attachment_id=28207\" data-url=\"https:\/\/www.cisa-arica.cl\/wp1\/wp-content\/uploads\/2025\/05\/IMG_0044-600x400.jpg\" data-width=\"2048\" src=\"https:\/\/i2.wp.com\/www.cisa-arica.cl\/wp1\/wp-content\/uploads\/2025\/05\/IMG_0044-600x400.jpg?ssl=1\" data-amp-layout=\"responsive\"\/><\/figure><\/div><div class=\"tiled-gallery__col\" style=\"flex-basis:33.24466%\"><figure class=\"tiled-gallery__item\"><img decoding=\"async\" data-attachment-id=\"28208\" data-permalink=\"https:\/\/www.cisa-arica.cl\/wp1\/2025\/04\/30\/conmemoracion-dia-del-libro-2025\/img_0053\/\" data-orig-file=\"https:\/\/www.cisa-arica.cl\/wp1\/wp-content\/uploads\/2025\/05\/IMG_0053.jpg\" data-orig-size=\"2048,1365\" data-comments-opened=\"0\" data-image-meta=\"{&quot;aperture&quot;:&quot;5.6&quot;,&quot;credit&quot;:&quot;Mahadeva Das&quot;,&quot;camera&quot;:&quot;Canon EOS 60D&quot;,&quot;caption&quot;:&quot;&quot;,&quot;created_timestamp&quot;:&quot;1745411024&quot;,&quot;copyright&quot;:&quot;osomahadev@hotmail.com         Funkerrante@Gmail.com&quot;,&quot;focal_length&quot;:&quot;55&quot;,&quot;iso&quot;:&quot;1000&quot;,&quot;shutter_speed&quot;:&quot;0.02&quot;,&quot;title&quot;:&quot;&quot;,&quot;orientation&quot;:&quot;0&quot;}\" data-image-title=\"IMG_0053\" data-image-description=\"\" data-image-caption=\"\" data-large-file=\"https:\/\/www.cisa-arica.cl\/wp1\/wp-content\/uploads\/2025\/05\/IMG_0053-600x400.jpg\" data-attachment-id=\"28208\" data-permalink=\"https:\/\/www.cisa-arica.cl\/wp1\/2025\/04\/30\/conmemoracion-dia-del-libro-2025\/img_0053\/\" data-orig-file=\"https:\/\/www.cisa-arica.cl\/wp1\/wp-content\/uploads\/2025\/05\/IMG_0053.jpg\" data-orig-size=\"2048,1365\" data-comments-opened=\"0\" data-image-meta=\"{&quot;aperture&quot;:&quot;5.6&quot;,&quot;credit&quot;:&quot;Mahadeva Das&quot;,&quot;camera&quot;:&quot;Canon EOS 60D&quot;,&quot;caption&quot;:&quot;&quot;,&quot;created_timestamp&quot;:&quot;1745411024&quot;,&quot;copyright&quot;:&quot;osomahadev@hotmail.com         Funkerrante@Gmail.com&quot;,&quot;focal_length&quot;:&quot;55&quot;,&quot;iso&quot;:&quot;1000&quot;,&quot;shutter_speed&quot;:&quot;0.02&quot;,&quot;title&quot;:&quot;&quot;,&quot;orientation&quot;:&quot;0&quot;}\" data-image-title=\"IMG_0053\" data-image-description=\"\" data-image-caption=\"\" data-large-file=\"https:\/\/www.cisa-arica.cl\/wp1\/wp-content\/uploads\/2025\/05\/IMG_0053-600x400.jpg\" role=\"button\" tabindex=\"0\" aria-label=\"Abrir la imagen 13 de 84 en pantalla completa\"srcset=\"https:\/\/i0.wp.com\/www.cisa-arica.cl\/wp1\/wp-content\/uploads\/2025\/05\/IMG_0053-600x400.jpg?strip=info&#038;w=600&#038;ssl=1 600w,https:\/\/i0.wp.com\/www.cisa-arica.cl\/wp1\/wp-content\/uploads\/2025\/05\/IMG_0053-600x400.jpg?strip=info&#038;w=900&#038;ssl=1 900w,https:\/\/i0.wp.com\/www.cisa-arica.cl\/wp1\/wp-content\/uploads\/2025\/05\/IMG_0053-600x400.jpg?strip=info&#038;w=1200&#038;ssl=1 1200w,https:\/\/i0.wp.com\/www.cisa-arica.cl\/wp1\/wp-content\/uploads\/2025\/05\/IMG_0053-600x400.jpg?strip=info&#038;w=1500&#038;ssl=1 1500w,https:\/\/i0.wp.com\/www.cisa-arica.cl\/wp1\/wp-content\/uploads\/2025\/05\/IMG_0053-600x400.jpg?strip=info&#038;w=1800&#038;ssl=1 1800w,https:\/\/i0.wp.com\/www.cisa-arica.cl\/wp1\/wp-content\/uploads\/2025\/05\/IMG_0053-600x400.jpg?strip=info&#038;w=2000&#038;ssl=1 2000w\" alt=\"\" data-height=\"1365\" data-id=\"28208\" data-link=\"https:\/\/www.cisa-arica.cl\/wp1\/?attachment_id=28208\" data-url=\"https:\/\/www.cisa-arica.cl\/wp1\/wp-content\/uploads\/2025\/05\/IMG_0053-600x400.jpg\" data-width=\"2048\" src=\"https:\/\/i0.wp.com\/www.cisa-arica.cl\/wp1\/wp-content\/uploads\/2025\/05\/IMG_0053-600x400.jpg?ssl=1\" data-amp-layout=\"responsive\"\/><\/figure><figure class=\"tiled-gallery__item\"><img decoding=\"async\" data-attachment-id=\"28209\" data-permalink=\"https:\/\/www.cisa-arica.cl\/wp1\/2025\/04\/30\/conmemoracion-dia-del-libro-2025\/img_0094-2\/\" data-orig-file=\"https:\/\/www.cisa-arica.cl\/wp1\/wp-content\/uploads\/2025\/05\/IMG_0094.jpg\" data-orig-size=\"2048,1365\" data-comments-opened=\"0\" data-image-meta=\"{&quot;aperture&quot;:&quot;1.4&quot;,&quot;credit&quot;:&quot;Mahadeva Das&quot;,&quot;camera&quot;:&quot;Canon EOS 60D&quot;,&quot;caption&quot;:&quot;&quot;,&quot;created_timestamp&quot;:&quot;1745411180&quot;,&quot;copyright&quot;:&quot;osomahadev@hotmail.com         Funkerrante@Gmail.com&quot;,&quot;focal_length&quot;:&quot;50&quot;,&quot;iso&quot;:&quot;400&quot;,&quot;shutter_speed&quot;:&quot;0.002&quot;,&quot;title&quot;:&quot;&quot;,&quot;orientation&quot;:&quot;0&quot;}\" data-image-title=\"IMG_0094\" data-image-description=\"\" data-image-caption=\"\" data-large-file=\"https:\/\/www.cisa-arica.cl\/wp1\/wp-content\/uploads\/2025\/05\/IMG_0094-600x400.jpg\" data-attachment-id=\"28209\" data-permalink=\"https:\/\/www.cisa-arica.cl\/wp1\/2025\/04\/30\/conmemoracion-dia-del-libro-2025\/img_0094-2\/\" data-orig-file=\"https:\/\/www.cisa-arica.cl\/wp1\/wp-content\/uploads\/2025\/05\/IMG_0094.jpg\" data-orig-size=\"2048,1365\" data-comments-opened=\"0\" data-image-meta=\"{&quot;aperture&quot;:&quot;1.4&quot;,&quot;credit&quot;:&quot;Mahadeva Das&quot;,&quot;camera&quot;:&quot;Canon EOS 60D&quot;,&quot;caption&quot;:&quot;&quot;,&quot;created_timestamp&quot;:&quot;1745411180&quot;,&quot;copyright&quot;:&quot;osomahadev@hotmail.com         Funkerrante@Gmail.com&quot;,&quot;focal_length&quot;:&quot;50&quot;,&quot;iso&quot;:&quot;400&quot;,&quot;shutter_speed&quot;:&quot;0.002&quot;,&quot;title&quot;:&quot;&quot;,&quot;orientation&quot;:&quot;0&quot;}\" data-image-title=\"IMG_0094\" data-image-description=\"\" data-image-caption=\"\" data-large-file=\"https:\/\/www.cisa-arica.cl\/wp1\/wp-content\/uploads\/2025\/05\/IMG_0094-600x400.jpg\" role=\"button\" tabindex=\"0\" aria-label=\"Abrir la imagen 14 de 84 en pantalla completa\"srcset=\"https:\/\/i2.wp.com\/www.cisa-arica.cl\/wp1\/wp-content\/uploads\/2025\/05\/IMG_0094-600x400.jpg?strip=info&#038;w=600&#038;ssl=1 600w,https:\/\/i2.wp.com\/www.cisa-arica.cl\/wp1\/wp-content\/uploads\/2025\/05\/IMG_0094-600x400.jpg?strip=info&#038;w=900&#038;ssl=1 900w,https:\/\/i2.wp.com\/www.cisa-arica.cl\/wp1\/wp-content\/uploads\/2025\/05\/IMG_0094-600x400.jpg?strip=info&#038;w=1200&#038;ssl=1 1200w,https:\/\/i2.wp.com\/www.cisa-arica.cl\/wp1\/wp-content\/uploads\/2025\/05\/IMG_0094-600x400.jpg?strip=info&#038;w=1500&#038;ssl=1 1500w,https:\/\/i2.wp.com\/www.cisa-arica.cl\/wp1\/wp-content\/uploads\/2025\/05\/IMG_0094-600x400.jpg?strip=info&#038;w=1800&#038;ssl=1 1800w,https:\/\/i2.wp.com\/www.cisa-arica.cl\/wp1\/wp-content\/uploads\/2025\/05\/IMG_0094-600x400.jpg?strip=info&#038;w=2000&#038;ssl=1 2000w\" alt=\"\" data-height=\"1365\" data-id=\"28209\" data-link=\"https:\/\/www.cisa-arica.cl\/wp1\/?attachment_id=28209\" data-url=\"https:\/\/www.cisa-arica.cl\/wp1\/wp-content\/uploads\/2025\/05\/IMG_0094-600x400.jpg\" data-width=\"2048\" src=\"https:\/\/i2.wp.com\/www.cisa-arica.cl\/wp1\/wp-content\/uploads\/2025\/05\/IMG_0094-600x400.jpg?ssl=1\" data-amp-layout=\"responsive\"\/><\/figure><\/div><\/div><div class=\"tiled-gallery__row\"><div class=\"tiled-gallery__col\" style=\"flex-basis:34.52354%\"><figure class=\"tiled-gallery__item\"><img decoding=\"async\" data-attachment-id=\"28210\" data-permalink=\"https:\/\/www.cisa-arica.cl\/wp1\/2025\/04\/30\/conmemoracion-dia-del-libro-2025\/img_0119\/\" data-orig-file=\"https:\/\/www.cisa-arica.cl\/wp1\/wp-content\/uploads\/2025\/05\/IMG_0119.jpg\" data-orig-size=\"2048,1365\" data-comments-opened=\"0\" data-image-meta=\"{&quot;aperture&quot;:&quot;1.4&quot;,&quot;credit&quot;:&quot;Mahadeva Das&quot;,&quot;camera&quot;:&quot;Canon EOS 60D&quot;,&quot;caption&quot;:&quot;&quot;,&quot;created_timestamp&quot;:&quot;1745411297&quot;,&quot;copyright&quot;:&quot;osomahadev@hotmail.com         Funkerrante@Gmail.com&quot;,&quot;focal_length&quot;:&quot;50&quot;,&quot;iso&quot;:&quot;400&quot;,&quot;shutter_speed&quot;:&quot;0.002&quot;,&quot;title&quot;:&quot;&quot;,&quot;orientation&quot;:&quot;0&quot;}\" data-image-title=\"IMG_0119\" data-image-description=\"\" data-image-caption=\"\" data-large-file=\"https:\/\/www.cisa-arica.cl\/wp1\/wp-content\/uploads\/2025\/05\/IMG_0119-600x400.jpg\" data-attachment-id=\"28210\" data-permalink=\"https:\/\/www.cisa-arica.cl\/wp1\/2025\/04\/30\/conmemoracion-dia-del-libro-2025\/img_0119\/\" data-orig-file=\"https:\/\/www.cisa-arica.cl\/wp1\/wp-content\/uploads\/2025\/05\/IMG_0119.jpg\" data-orig-size=\"2048,1365\" data-comments-opened=\"0\" data-image-meta=\"{&quot;aperture&quot;:&quot;1.4&quot;,&quot;credit&quot;:&quot;Mahadeva Das&quot;,&quot;camera&quot;:&quot;Canon EOS 60D&quot;,&quot;caption&quot;:&quot;&quot;,&quot;created_timestamp&quot;:&quot;1745411297&quot;,&quot;copyright&quot;:&quot;osomahadev@hotmail.com         Funkerrante@Gmail.com&quot;,&quot;focal_length&quot;:&quot;50&quot;,&quot;iso&quot;:&quot;400&quot;,&quot;shutter_speed&quot;:&quot;0.002&quot;,&quot;title&quot;:&quot;&quot;,&quot;orientation&quot;:&quot;0&quot;}\" data-image-title=\"IMG_0119\" data-image-description=\"\" data-image-caption=\"\" data-large-file=\"https:\/\/www.cisa-arica.cl\/wp1\/wp-content\/uploads\/2025\/05\/IMG_0119-600x400.jpg\" role=\"button\" tabindex=\"0\" aria-label=\"Abrir la imagen 15 de 84 en pantalla completa\"srcset=\"https:\/\/i2.wp.com\/www.cisa-arica.cl\/wp1\/wp-content\/uploads\/2025\/05\/IMG_0119-600x400.jpg?strip=info&#038;w=600&#038;ssl=1 600w,https:\/\/i2.wp.com\/www.cisa-arica.cl\/wp1\/wp-content\/uploads\/2025\/05\/IMG_0119-600x400.jpg?strip=info&#038;w=900&#038;ssl=1 900w,https:\/\/i2.wp.com\/www.cisa-arica.cl\/wp1\/wp-content\/uploads\/2025\/05\/IMG_0119-600x400.jpg?strip=info&#038;w=1200&#038;ssl=1 1200w,https:\/\/i2.wp.com\/www.cisa-arica.cl\/wp1\/wp-content\/uploads\/2025\/05\/IMG_0119-600x400.jpg?strip=info&#038;w=1500&#038;ssl=1 1500w,https:\/\/i2.wp.com\/www.cisa-arica.cl\/wp1\/wp-content\/uploads\/2025\/05\/IMG_0119-600x400.jpg?strip=info&#038;w=1800&#038;ssl=1 1800w,https:\/\/i2.wp.com\/www.cisa-arica.cl\/wp1\/wp-content\/uploads\/2025\/05\/IMG_0119-600x400.jpg?strip=info&#038;w=2000&#038;ssl=1 2000w\" alt=\"\" data-height=\"1365\" data-id=\"28210\" data-link=\"https:\/\/www.cisa-arica.cl\/wp1\/?attachment_id=28210\" data-url=\"https:\/\/www.cisa-arica.cl\/wp1\/wp-content\/uploads\/2025\/05\/IMG_0119-600x400.jpg\" data-width=\"2048\" src=\"https:\/\/i2.wp.com\/www.cisa-arica.cl\/wp1\/wp-content\/uploads\/2025\/05\/IMG_0119-600x400.jpg?ssl=1\" data-amp-layout=\"responsive\"\/><\/figure><figure class=\"tiled-gallery__item\"><img decoding=\"async\" data-attachment-id=\"28211\" data-permalink=\"https:\/\/www.cisa-arica.cl\/wp1\/2025\/04\/30\/conmemoracion-dia-del-libro-2025\/img_0147-2\/\" data-orig-file=\"https:\/\/www.cisa-arica.cl\/wp1\/wp-content\/uploads\/2025\/05\/IMG_0147.jpg\" data-orig-size=\"2048,1366\" data-comments-opened=\"0\" data-image-meta=\"{&quot;aperture&quot;:&quot;1.4&quot;,&quot;credit&quot;:&quot;Mahadeva Das&quot;,&quot;camera&quot;:&quot;Canon EOS 60D&quot;,&quot;caption&quot;:&quot;&quot;,&quot;created_timestamp&quot;:&quot;1745411357&quot;,&quot;copyright&quot;:&quot;osomahadev@hotmail.com         Funkerrante@Gmail.com&quot;,&quot;focal_length&quot;:&quot;50&quot;,&quot;iso&quot;:&quot;400&quot;,&quot;shutter_speed&quot;:&quot;0.0025&quot;,&quot;title&quot;:&quot;&quot;,&quot;orientation&quot;:&quot;0&quot;}\" data-image-title=\"IMG_0147\" data-image-description=\"\" data-image-caption=\"\" data-large-file=\"https:\/\/www.cisa-arica.cl\/wp1\/wp-content\/uploads\/2025\/05\/IMG_0147-600x400.jpg\" data-attachment-id=\"28211\" data-permalink=\"https:\/\/www.cisa-arica.cl\/wp1\/2025\/04\/30\/conmemoracion-dia-del-libro-2025\/img_0147-2\/\" data-orig-file=\"https:\/\/www.cisa-arica.cl\/wp1\/wp-content\/uploads\/2025\/05\/IMG_0147.jpg\" data-orig-size=\"2048,1366\" data-comments-opened=\"0\" data-image-meta=\"{&quot;aperture&quot;:&quot;1.4&quot;,&quot;credit&quot;:&quot;Mahadeva Das&quot;,&quot;camera&quot;:&quot;Canon EOS 60D&quot;,&quot;caption&quot;:&quot;&quot;,&quot;created_timestamp&quot;:&quot;1745411357&quot;,&quot;copyright&quot;:&quot;osomahadev@hotmail.com         Funkerrante@Gmail.com&quot;,&quot;focal_length&quot;:&quot;50&quot;,&quot;iso&quot;:&quot;400&quot;,&quot;shutter_speed&quot;:&quot;0.0025&quot;,&quot;title&quot;:&quot;&quot;,&quot;orientation&quot;:&quot;0&quot;}\" data-image-title=\"IMG_0147\" data-image-description=\"\" data-image-caption=\"\" data-large-file=\"https:\/\/www.cisa-arica.cl\/wp1\/wp-content\/uploads\/2025\/05\/IMG_0147-600x400.jpg\" role=\"button\" tabindex=\"0\" aria-label=\"Abrir la imagen 16 de 84 en pantalla completa\"srcset=\"https:\/\/i0.wp.com\/www.cisa-arica.cl\/wp1\/wp-content\/uploads\/2025\/05\/IMG_0147-600x400.jpg?strip=info&#038;w=600&#038;ssl=1 600w,https:\/\/i0.wp.com\/www.cisa-arica.cl\/wp1\/wp-content\/uploads\/2025\/05\/IMG_0147-600x400.jpg?strip=info&#038;w=900&#038;ssl=1 900w,https:\/\/i0.wp.com\/www.cisa-arica.cl\/wp1\/wp-content\/uploads\/2025\/05\/IMG_0147-600x400.jpg?strip=info&#038;w=1200&#038;ssl=1 1200w,https:\/\/i0.wp.com\/www.cisa-arica.cl\/wp1\/wp-content\/uploads\/2025\/05\/IMG_0147-600x400.jpg?strip=info&#038;w=1500&#038;ssl=1 1500w,https:\/\/i0.wp.com\/www.cisa-arica.cl\/wp1\/wp-content\/uploads\/2025\/05\/IMG_0147-600x400.jpg?strip=info&#038;w=1800&#038;ssl=1 1800w,https:\/\/i0.wp.com\/www.cisa-arica.cl\/wp1\/wp-content\/uploads\/2025\/05\/IMG_0147-600x400.jpg?strip=info&#038;w=2000&#038;ssl=1 2000w\" alt=\"\" data-height=\"1366\" data-id=\"28211\" data-link=\"https:\/\/www.cisa-arica.cl\/wp1\/?attachment_id=28211\" data-url=\"https:\/\/www.cisa-arica.cl\/wp1\/wp-content\/uploads\/2025\/05\/IMG_0147-600x400.jpg\" data-width=\"2048\" src=\"https:\/\/i0.wp.com\/www.cisa-arica.cl\/wp1\/wp-content\/uploads\/2025\/05\/IMG_0147-600x400.jpg?ssl=1\" data-amp-layout=\"responsive\"\/><\/figure><\/div><div class=\"tiled-gallery__col\" style=\"flex-basis:30.95292%\"><figure class=\"tiled-gallery__item\"><img decoding=\"async\" data-attachment-id=\"28212\" data-permalink=\"https:\/\/www.cisa-arica.cl\/wp1\/2025\/04\/30\/conmemoracion-dia-del-libro-2025\/img_0159-3\/\" data-orig-file=\"https:\/\/www.cisa-arica.cl\/wp1\/wp-content\/uploads\/2025\/05\/IMG_0159.jpg\" data-orig-size=\"1365,2048\" data-comments-opened=\"0\" data-image-meta=\"{&quot;aperture&quot;:&quot;1.4&quot;,&quot;credit&quot;:&quot;Mahadeva Das&quot;,&quot;camera&quot;:&quot;Canon EOS 60D&quot;,&quot;caption&quot;:&quot;&quot;,&quot;created_timestamp&quot;:&quot;1745411473&quot;,&quot;copyright&quot;:&quot;osomahadev@hotmail.com         Funkerrante@Gmail.com&quot;,&quot;focal_length&quot;:&quot;50&quot;,&quot;iso&quot;:&quot;400&quot;,&quot;shutter_speed&quot;:&quot;0.001&quot;,&quot;title&quot;:&quot;&quot;,&quot;orientation&quot;:&quot;0&quot;}\" data-image-title=\"IMG_0159\" data-image-description=\"\" data-image-caption=\"\" data-large-file=\"https:\/\/www.cisa-arica.cl\/wp1\/wp-content\/uploads\/2025\/05\/IMG_0159-400x600.jpg\" data-attachment-id=\"28212\" data-permalink=\"https:\/\/www.cisa-arica.cl\/wp1\/2025\/04\/30\/conmemoracion-dia-del-libro-2025\/img_0159-3\/\" data-orig-file=\"https:\/\/www.cisa-arica.cl\/wp1\/wp-content\/uploads\/2025\/05\/IMG_0159.jpg\" data-orig-size=\"1365,2048\" data-comments-opened=\"0\" data-image-meta=\"{&quot;aperture&quot;:&quot;1.4&quot;,&quot;credit&quot;:&quot;Mahadeva Das&quot;,&quot;camera&quot;:&quot;Canon EOS 60D&quot;,&quot;caption&quot;:&quot;&quot;,&quot;created_timestamp&quot;:&quot;1745411473&quot;,&quot;copyright&quot;:&quot;osomahadev@hotmail.com         Funkerrante@Gmail.com&quot;,&quot;focal_length&quot;:&quot;50&quot;,&quot;iso&quot;:&quot;400&quot;,&quot;shutter_speed&quot;:&quot;0.001&quot;,&quot;title&quot;:&quot;&quot;,&quot;orientation&quot;:&quot;0&quot;}\" data-image-title=\"IMG_0159\" data-image-description=\"\" data-image-caption=\"\" data-large-file=\"https:\/\/www.cisa-arica.cl\/wp1\/wp-content\/uploads\/2025\/05\/IMG_0159-400x600.jpg\" role=\"button\" tabindex=\"0\" aria-label=\"Abrir la imagen 17 de 84 en pantalla completa\"srcset=\"https:\/\/i0.wp.com\/www.cisa-arica.cl\/wp1\/wp-content\/uploads\/2025\/05\/IMG_0159-400x600.jpg?strip=info&#038;w=600&#038;ssl=1 600w,https:\/\/i0.wp.com\/www.cisa-arica.cl\/wp1\/wp-content\/uploads\/2025\/05\/IMG_0159-400x600.jpg?strip=info&#038;w=900&#038;ssl=1 900w,https:\/\/i0.wp.com\/www.cisa-arica.cl\/wp1\/wp-content\/uploads\/2025\/05\/IMG_0159-400x600.jpg?strip=info&#038;w=1200&#038;ssl=1 1200w,https:\/\/i0.wp.com\/www.cisa-arica.cl\/wp1\/wp-content\/uploads\/2025\/05\/IMG_0159-400x600.jpg?strip=info&#038;w=1365&#038;ssl=1 1365w\" alt=\"\" data-height=\"2048\" data-id=\"28212\" data-link=\"https:\/\/www.cisa-arica.cl\/wp1\/?attachment_id=28212\" data-url=\"https:\/\/www.cisa-arica.cl\/wp1\/wp-content\/uploads\/2025\/05\/IMG_0159-400x600.jpg\" data-width=\"1365\" src=\"https:\/\/i0.wp.com\/www.cisa-arica.cl\/wp1\/wp-content\/uploads\/2025\/05\/IMG_0159-400x600.jpg?ssl=1\" data-amp-layout=\"responsive\"\/><\/figure><\/div><div class=\"tiled-gallery__col\" style=\"flex-basis:34.52354%\"><figure class=\"tiled-gallery__item\"><img decoding=\"async\" data-attachment-id=\"28213\" data-permalink=\"https:\/\/www.cisa-arica.cl\/wp1\/2025\/04\/30\/conmemoracion-dia-del-libro-2025\/img_0167-2\/\" data-orig-file=\"https:\/\/www.cisa-arica.cl\/wp1\/wp-content\/uploads\/2025\/05\/IMG_0167.jpg\" data-orig-size=\"2048,1366\" data-comments-opened=\"0\" data-image-meta=\"{&quot;aperture&quot;:&quot;1.4&quot;,&quot;credit&quot;:&quot;Mahadeva Das&quot;,&quot;camera&quot;:&quot;Canon EOS 60D&quot;,&quot;caption&quot;:&quot;&quot;,&quot;created_timestamp&quot;:&quot;1745411491&quot;,&quot;copyright&quot;:&quot;osomahadev@hotmail.com         Funkerrante@Gmail.com&quot;,&quot;focal_length&quot;:&quot;50&quot;,&quot;iso&quot;:&quot;400&quot;,&quot;shutter_speed&quot;:&quot;0.001&quot;,&quot;title&quot;:&quot;&quot;,&quot;orientation&quot;:&quot;0&quot;}\" data-image-title=\"IMG_0167\" data-image-description=\"\" data-image-caption=\"\" data-large-file=\"https:\/\/www.cisa-arica.cl\/wp1\/wp-content\/uploads\/2025\/05\/IMG_0167-600x400.jpg\" data-attachment-id=\"28213\" data-permalink=\"https:\/\/www.cisa-arica.cl\/wp1\/2025\/04\/30\/conmemoracion-dia-del-libro-2025\/img_0167-2\/\" data-orig-file=\"https:\/\/www.cisa-arica.cl\/wp1\/wp-content\/uploads\/2025\/05\/IMG_0167.jpg\" data-orig-size=\"2048,1366\" data-comments-opened=\"0\" data-image-meta=\"{&quot;aperture&quot;:&quot;1.4&quot;,&quot;credit&quot;:&quot;Mahadeva Das&quot;,&quot;camera&quot;:&quot;Canon EOS 60D&quot;,&quot;caption&quot;:&quot;&quot;,&quot;created_timestamp&quot;:&quot;1745411491&quot;,&quot;copyright&quot;:&quot;osomahadev@hotmail.com         Funkerrante@Gmail.com&quot;,&quot;focal_length&quot;:&quot;50&quot;,&quot;iso&quot;:&quot;400&quot;,&quot;shutter_speed&quot;:&quot;0.001&quot;,&quot;title&quot;:&quot;&quot;,&quot;orientation&quot;:&quot;0&quot;}\" data-image-title=\"IMG_0167\" data-image-description=\"\" data-image-caption=\"\" data-large-file=\"https:\/\/www.cisa-arica.cl\/wp1\/wp-content\/uploads\/2025\/05\/IMG_0167-600x400.jpg\" role=\"button\" tabindex=\"0\" aria-label=\"Abrir la imagen 18 de 84 en pantalla completa\"srcset=\"https:\/\/i1.wp.com\/www.cisa-arica.cl\/wp1\/wp-content\/uploads\/2025\/05\/IMG_0167-600x400.jpg?strip=info&#038;w=600&#038;ssl=1 600w,https:\/\/i1.wp.com\/www.cisa-arica.cl\/wp1\/wp-content\/uploads\/2025\/05\/IMG_0167-600x400.jpg?strip=info&#038;w=900&#038;ssl=1 900w,https:\/\/i1.wp.com\/www.cisa-arica.cl\/wp1\/wp-content\/uploads\/2025\/05\/IMG_0167-600x400.jpg?strip=info&#038;w=1200&#038;ssl=1 1200w,https:\/\/i1.wp.com\/www.cisa-arica.cl\/wp1\/wp-content\/uploads\/2025\/05\/IMG_0167-600x400.jpg?strip=info&#038;w=1500&#038;ssl=1 1500w,https:\/\/i1.wp.com\/www.cisa-arica.cl\/wp1\/wp-content\/uploads\/2025\/05\/IMG_0167-600x400.jpg?strip=info&#038;w=1800&#038;ssl=1 1800w,https:\/\/i1.wp.com\/www.cisa-arica.cl\/wp1\/wp-content\/uploads\/2025\/05\/IMG_0167-600x400.jpg?strip=info&#038;w=2000&#038;ssl=1 2000w\" alt=\"\" data-height=\"1366\" data-id=\"28213\" data-link=\"https:\/\/www.cisa-arica.cl\/wp1\/?attachment_id=28213\" data-url=\"https:\/\/www.cisa-arica.cl\/wp1\/wp-content\/uploads\/2025\/05\/IMG_0167-600x400.jpg\" data-width=\"2048\" src=\"https:\/\/i1.wp.com\/www.cisa-arica.cl\/wp1\/wp-content\/uploads\/2025\/05\/IMG_0167-600x400.jpg?ssl=1\" data-amp-layout=\"responsive\"\/><\/figure><figure class=\"tiled-gallery__item\"><img decoding=\"async\" data-attachment-id=\"28214\" data-permalink=\"https:\/\/www.cisa-arica.cl\/wp1\/2025\/04\/30\/conmemoracion-dia-del-libro-2025\/img_0207-2\/\" data-orig-file=\"https:\/\/www.cisa-arica.cl\/wp1\/wp-content\/uploads\/2025\/05\/IMG_0207-2.jpg\" data-orig-size=\"2048,1365\" data-comments-opened=\"0\" data-image-meta=\"{&quot;aperture&quot;:&quot;1.4&quot;,&quot;credit&quot;:&quot;Mahadeva Das&quot;,&quot;camera&quot;:&quot;Canon EOS 60D&quot;,&quot;caption&quot;:&quot;&quot;,&quot;created_timestamp&quot;:&quot;1745411641&quot;,&quot;copyright&quot;:&quot;osomahadev@hotmail.com         Funkerrante@Gmail.com&quot;,&quot;focal_length&quot;:&quot;50&quot;,&quot;iso&quot;:&quot;400&quot;,&quot;shutter_speed&quot;:&quot;0.001&quot;,&quot;title&quot;:&quot;&quot;,&quot;orientation&quot;:&quot;0&quot;}\" data-image-title=\"IMG_0207-2\" data-image-description=\"\" data-image-caption=\"\" data-large-file=\"https:\/\/www.cisa-arica.cl\/wp1\/wp-content\/uploads\/2025\/05\/IMG_0207-2-600x400.jpg\" data-attachment-id=\"28214\" data-permalink=\"https:\/\/www.cisa-arica.cl\/wp1\/2025\/04\/30\/conmemoracion-dia-del-libro-2025\/img_0207-2\/\" data-orig-file=\"https:\/\/www.cisa-arica.cl\/wp1\/wp-content\/uploads\/2025\/05\/IMG_0207-2.jpg\" data-orig-size=\"2048,1365\" data-comments-opened=\"0\" data-image-meta=\"{&quot;aperture&quot;:&quot;1.4&quot;,&quot;credit&quot;:&quot;Mahadeva Das&quot;,&quot;camera&quot;:&quot;Canon EOS 60D&quot;,&quot;caption&quot;:&quot;&quot;,&quot;created_timestamp&quot;:&quot;1745411641&quot;,&quot;copyright&quot;:&quot;osomahadev@hotmail.com         Funkerrante@Gmail.com&quot;,&quot;focal_length&quot;:&quot;50&quot;,&quot;iso&quot;:&quot;400&quot;,&quot;shutter_speed&quot;:&quot;0.001&quot;,&quot;title&quot;:&quot;&quot;,&quot;orientation&quot;:&quot;0&quot;}\" data-image-title=\"IMG_0207-2\" data-image-description=\"\" data-image-caption=\"\" data-large-file=\"https:\/\/www.cisa-arica.cl\/wp1\/wp-content\/uploads\/2025\/05\/IMG_0207-2-600x400.jpg\" role=\"button\" tabindex=\"0\" aria-label=\"Abrir la imagen 19 de 84 en pantalla completa\"srcset=\"https:\/\/i2.wp.com\/www.cisa-arica.cl\/wp1\/wp-content\/uploads\/2025\/05\/IMG_0207-2-600x400.jpg?strip=info&#038;w=600&#038;ssl=1 600w,https:\/\/i2.wp.com\/www.cisa-arica.cl\/wp1\/wp-content\/uploads\/2025\/05\/IMG_0207-2-600x400.jpg?strip=info&#038;w=900&#038;ssl=1 900w,https:\/\/i2.wp.com\/www.cisa-arica.cl\/wp1\/wp-content\/uploads\/2025\/05\/IMG_0207-2-600x400.jpg?strip=info&#038;w=1200&#038;ssl=1 1200w,https:\/\/i2.wp.com\/www.cisa-arica.cl\/wp1\/wp-content\/uploads\/2025\/05\/IMG_0207-2-600x400.jpg?strip=info&#038;w=1500&#038;ssl=1 1500w,https:\/\/i2.wp.com\/www.cisa-arica.cl\/wp1\/wp-content\/uploads\/2025\/05\/IMG_0207-2-600x400.jpg?strip=info&#038;w=1800&#038;ssl=1 1800w,https:\/\/i2.wp.com\/www.cisa-arica.cl\/wp1\/wp-content\/uploads\/2025\/05\/IMG_0207-2-600x400.jpg?strip=info&#038;w=2000&#038;ssl=1 2000w\" alt=\"\" data-height=\"1365\" data-id=\"28214\" data-link=\"https:\/\/www.cisa-arica.cl\/wp1\/?attachment_id=28214\" data-url=\"https:\/\/www.cisa-arica.cl\/wp1\/wp-content\/uploads\/2025\/05\/IMG_0207-2-600x400.jpg\" data-width=\"2048\" src=\"https:\/\/i2.wp.com\/www.cisa-arica.cl\/wp1\/wp-content\/uploads\/2025\/05\/IMG_0207-2-600x400.jpg?ssl=1\" data-amp-layout=\"responsive\"\/><\/figure><\/div><\/div><div class=\"tiled-gallery__row\"><div class=\"tiled-gallery__col\" style=\"flex-basis:33.33333%\"><figure class=\"tiled-gallery__item\"><img decoding=\"async\" data-attachment-id=\"28215\" data-permalink=\"https:\/\/www.cisa-arica.cl\/wp1\/2025\/04\/30\/conmemoracion-dia-del-libro-2025\/img_0216-2\/\" data-orig-file=\"https:\/\/www.cisa-arica.cl\/wp1\/wp-content\/uploads\/2025\/05\/IMG_0216.jpg\" data-orig-size=\"2048,1365\" data-comments-opened=\"0\" data-image-meta=\"{&quot;aperture&quot;:&quot;4.5&quot;,&quot;credit&quot;:&quot;Mahadeva Das&quot;,&quot;camera&quot;:&quot;Canon EOS 60D&quot;,&quot;caption&quot;:&quot;&quot;,&quot;created_timestamp&quot;:&quot;1745411688&quot;,&quot;copyright&quot;:&quot;osomahadev@hotmail.com         Funkerrante@Gmail.com&quot;,&quot;focal_length&quot;:&quot;32&quot;,&quot;iso&quot;:&quot;1250&quot;,&quot;shutter_speed&quot;:&quot;0.004&quot;,&quot;title&quot;:&quot;&quot;,&quot;orientation&quot;:&quot;0&quot;}\" data-image-title=\"IMG_0216\" data-image-description=\"\" data-image-caption=\"\" data-large-file=\"https:\/\/www.cisa-arica.cl\/wp1\/wp-content\/uploads\/2025\/05\/IMG_0216-600x400.jpg\" data-attachment-id=\"28215\" data-permalink=\"https:\/\/www.cisa-arica.cl\/wp1\/2025\/04\/30\/conmemoracion-dia-del-libro-2025\/img_0216-2\/\" data-orig-file=\"https:\/\/www.cisa-arica.cl\/wp1\/wp-content\/uploads\/2025\/05\/IMG_0216.jpg\" data-orig-size=\"2048,1365\" data-comments-opened=\"0\" data-image-meta=\"{&quot;aperture&quot;:&quot;4.5&quot;,&quot;credit&quot;:&quot;Mahadeva Das&quot;,&quot;camera&quot;:&quot;Canon EOS 60D&quot;,&quot;caption&quot;:&quot;&quot;,&quot;created_timestamp&quot;:&quot;1745411688&quot;,&quot;copyright&quot;:&quot;osomahadev@hotmail.com         Funkerrante@Gmail.com&quot;,&quot;focal_length&quot;:&quot;32&quot;,&quot;iso&quot;:&quot;1250&quot;,&quot;shutter_speed&quot;:&quot;0.004&quot;,&quot;title&quot;:&quot;&quot;,&quot;orientation&quot;:&quot;0&quot;}\" data-image-title=\"IMG_0216\" data-image-description=\"\" data-image-caption=\"\" data-large-file=\"https:\/\/www.cisa-arica.cl\/wp1\/wp-content\/uploads\/2025\/05\/IMG_0216-600x400.jpg\" role=\"button\" tabindex=\"0\" aria-label=\"Abrir la imagen 20 de 84 en pantalla completa\"srcset=\"https:\/\/i1.wp.com\/www.cisa-arica.cl\/wp1\/wp-content\/uploads\/2025\/05\/IMG_0216-600x400.jpg?strip=info&#038;w=600&#038;ssl=1 600w,https:\/\/i1.wp.com\/www.cisa-arica.cl\/wp1\/wp-content\/uploads\/2025\/05\/IMG_0216-600x400.jpg?strip=info&#038;w=900&#038;ssl=1 900w,https:\/\/i1.wp.com\/www.cisa-arica.cl\/wp1\/wp-content\/uploads\/2025\/05\/IMG_0216-600x400.jpg?strip=info&#038;w=1200&#038;ssl=1 1200w,https:\/\/i1.wp.com\/www.cisa-arica.cl\/wp1\/wp-content\/uploads\/2025\/05\/IMG_0216-600x400.jpg?strip=info&#038;w=1500&#038;ssl=1 1500w,https:\/\/i1.wp.com\/www.cisa-arica.cl\/wp1\/wp-content\/uploads\/2025\/05\/IMG_0216-600x400.jpg?strip=info&#038;w=1800&#038;ssl=1 1800w,https:\/\/i1.wp.com\/www.cisa-arica.cl\/wp1\/wp-content\/uploads\/2025\/05\/IMG_0216-600x400.jpg?strip=info&#038;w=2000&#038;ssl=1 2000w\" alt=\"\" data-height=\"1365\" data-id=\"28215\" data-link=\"https:\/\/www.cisa-arica.cl\/wp1\/?attachment_id=28215\" data-url=\"https:\/\/www.cisa-arica.cl\/wp1\/wp-content\/uploads\/2025\/05\/IMG_0216-600x400.jpg\" data-width=\"2048\" src=\"https:\/\/i1.wp.com\/www.cisa-arica.cl\/wp1\/wp-content\/uploads\/2025\/05\/IMG_0216-600x400.jpg?ssl=1\" data-amp-layout=\"responsive\"\/><\/figure><\/div><div class=\"tiled-gallery__col\" style=\"flex-basis:33.33333%\"><figure class=\"tiled-gallery__item\"><img decoding=\"async\" data-attachment-id=\"28216\" data-permalink=\"https:\/\/www.cisa-arica.cl\/wp1\/2025\/04\/30\/conmemoracion-dia-del-libro-2025\/img_0320-2\/\" data-orig-file=\"https:\/\/www.cisa-arica.cl\/wp1\/wp-content\/uploads\/2025\/05\/IMG_0320.jpg\" data-orig-size=\"2048,1365\" data-comments-opened=\"0\" data-image-meta=\"{&quot;aperture&quot;:&quot;3.5&quot;,&quot;credit&quot;:&quot;Mahadeva Das&quot;,&quot;camera&quot;:&quot;Canon EOS 60D&quot;,&quot;caption&quot;:&quot;&quot;,&quot;created_timestamp&quot;:&quot;1745412402&quot;,&quot;copyright&quot;:&quot;osomahadev@hotmail.com         Funkerrante@Gmail.com&quot;,&quot;focal_length&quot;:&quot;21&quot;,&quot;iso&quot;:&quot;1000&quot;,&quot;shutter_speed&quot;:&quot;0.005&quot;,&quot;title&quot;:&quot;&quot;,&quot;orientation&quot;:&quot;0&quot;}\" data-image-title=\"IMG_0320\" data-image-description=\"\" data-image-caption=\"\" data-large-file=\"https:\/\/www.cisa-arica.cl\/wp1\/wp-content\/uploads\/2025\/05\/IMG_0320-600x400.jpg\" data-attachment-id=\"28216\" data-permalink=\"https:\/\/www.cisa-arica.cl\/wp1\/2025\/04\/30\/conmemoracion-dia-del-libro-2025\/img_0320-2\/\" data-orig-file=\"https:\/\/www.cisa-arica.cl\/wp1\/wp-content\/uploads\/2025\/05\/IMG_0320.jpg\" data-orig-size=\"2048,1365\" data-comments-opened=\"0\" data-image-meta=\"{&quot;aperture&quot;:&quot;3.5&quot;,&quot;credit&quot;:&quot;Mahadeva Das&quot;,&quot;camera&quot;:&quot;Canon EOS 60D&quot;,&quot;caption&quot;:&quot;&quot;,&quot;created_timestamp&quot;:&quot;1745412402&quot;,&quot;copyright&quot;:&quot;osomahadev@hotmail.com         Funkerrante@Gmail.com&quot;,&quot;focal_length&quot;:&quot;21&quot;,&quot;iso&quot;:&quot;1000&quot;,&quot;shutter_speed&quot;:&quot;0.005&quot;,&quot;title&quot;:&quot;&quot;,&quot;orientation&quot;:&quot;0&quot;}\" data-image-title=\"IMG_0320\" data-image-description=\"\" data-image-caption=\"\" data-large-file=\"https:\/\/www.cisa-arica.cl\/wp1\/wp-content\/uploads\/2025\/05\/IMG_0320-600x400.jpg\" role=\"button\" tabindex=\"0\" aria-label=\"Abrir la imagen 21 de 84 en pantalla completa\"srcset=\"https:\/\/i2.wp.com\/www.cisa-arica.cl\/wp1\/wp-content\/uploads\/2025\/05\/IMG_0320-600x400.jpg?strip=info&#038;w=600&#038;ssl=1 600w,https:\/\/i2.wp.com\/www.cisa-arica.cl\/wp1\/wp-content\/uploads\/2025\/05\/IMG_0320-600x400.jpg?strip=info&#038;w=900&#038;ssl=1 900w,https:\/\/i2.wp.com\/www.cisa-arica.cl\/wp1\/wp-content\/uploads\/2025\/05\/IMG_0320-600x400.jpg?strip=info&#038;w=1200&#038;ssl=1 1200w,https:\/\/i2.wp.com\/www.cisa-arica.cl\/wp1\/wp-content\/uploads\/2025\/05\/IMG_0320-600x400.jpg?strip=info&#038;w=1500&#038;ssl=1 1500w,https:\/\/i2.wp.com\/www.cisa-arica.cl\/wp1\/wp-content\/uploads\/2025\/05\/IMG_0320-600x400.jpg?strip=info&#038;w=1800&#038;ssl=1 1800w,https:\/\/i2.wp.com\/www.cisa-arica.cl\/wp1\/wp-content\/uploads\/2025\/05\/IMG_0320-600x400.jpg?strip=info&#038;w=2000&#038;ssl=1 2000w\" alt=\"\" data-height=\"1365\" data-id=\"28216\" data-link=\"https:\/\/www.cisa-arica.cl\/wp1\/?attachment_id=28216\" data-url=\"https:\/\/www.cisa-arica.cl\/wp1\/wp-content\/uploads\/2025\/05\/IMG_0320-600x400.jpg\" data-width=\"2048\" src=\"https:\/\/i2.wp.com\/www.cisa-arica.cl\/wp1\/wp-content\/uploads\/2025\/05\/IMG_0320-600x400.jpg?ssl=1\" data-amp-layout=\"responsive\"\/><\/figure><\/div><div class=\"tiled-gallery__col\" style=\"flex-basis:33.33333%\"><figure class=\"tiled-gallery__item\"><img decoding=\"async\" data-attachment-id=\"28217\" data-permalink=\"https:\/\/www.cisa-arica.cl\/wp1\/2025\/04\/30\/conmemoracion-dia-del-libro-2025\/img_0325\/\" data-orig-file=\"https:\/\/www.cisa-arica.cl\/wp1\/wp-content\/uploads\/2025\/05\/IMG_0325.jpg\" data-orig-size=\"2048,1365\" data-comments-opened=\"0\" data-image-meta=\"{&quot;aperture&quot;:&quot;3.5&quot;,&quot;credit&quot;:&quot;Mahadeva Das&quot;,&quot;camera&quot;:&quot;Canon EOS 60D&quot;,&quot;caption&quot;:&quot;&quot;,&quot;created_timestamp&quot;:&quot;1745412600&quot;,&quot;copyright&quot;:&quot;osomahadev@hotmail.com         Funkerrante@Gmail.com&quot;,&quot;focal_length&quot;:&quot;21&quot;,&quot;iso&quot;:&quot;1000&quot;,&quot;shutter_speed&quot;:&quot;0.004&quot;,&quot;title&quot;:&quot;&quot;,&quot;orientation&quot;:&quot;0&quot;}\" data-image-title=\"IMG_0325\" data-image-description=\"\" data-image-caption=\"\" data-large-file=\"https:\/\/www.cisa-arica.cl\/wp1\/wp-content\/uploads\/2025\/05\/IMG_0325-600x400.jpg\" data-attachment-id=\"28217\" data-permalink=\"https:\/\/www.cisa-arica.cl\/wp1\/2025\/04\/30\/conmemoracion-dia-del-libro-2025\/img_0325\/\" data-orig-file=\"https:\/\/www.cisa-arica.cl\/wp1\/wp-content\/uploads\/2025\/05\/IMG_0325.jpg\" data-orig-size=\"2048,1365\" data-comments-opened=\"0\" data-image-meta=\"{&quot;aperture&quot;:&quot;3.5&quot;,&quot;credit&quot;:&quot;Mahadeva Das&quot;,&quot;camera&quot;:&quot;Canon EOS 60D&quot;,&quot;caption&quot;:&quot;&quot;,&quot;created_timestamp&quot;:&quot;1745412600&quot;,&quot;copyright&quot;:&quot;osomahadev@hotmail.com         Funkerrante@Gmail.com&quot;,&quot;focal_length&quot;:&quot;21&quot;,&quot;iso&quot;:&quot;1000&quot;,&quot;shutter_speed&quot;:&quot;0.004&quot;,&quot;title&quot;:&quot;&quot;,&quot;orientation&quot;:&quot;0&quot;}\" data-image-title=\"IMG_0325\" data-image-description=\"\" data-image-caption=\"\" data-large-file=\"https:\/\/www.cisa-arica.cl\/wp1\/wp-content\/uploads\/2025\/05\/IMG_0325-600x400.jpg\" role=\"button\" tabindex=\"0\" aria-label=\"Abrir la imagen 22 de 84 en pantalla completa\"srcset=\"https:\/\/i0.wp.com\/www.cisa-arica.cl\/wp1\/wp-content\/uploads\/2025\/05\/IMG_0325-600x400.jpg?strip=info&#038;w=600&#038;ssl=1 600w,https:\/\/i0.wp.com\/www.cisa-arica.cl\/wp1\/wp-content\/uploads\/2025\/05\/IMG_0325-600x400.jpg?strip=info&#038;w=900&#038;ssl=1 900w,https:\/\/i0.wp.com\/www.cisa-arica.cl\/wp1\/wp-content\/uploads\/2025\/05\/IMG_0325-600x400.jpg?strip=info&#038;w=1200&#038;ssl=1 1200w,https:\/\/i0.wp.com\/www.cisa-arica.cl\/wp1\/wp-content\/uploads\/2025\/05\/IMG_0325-600x400.jpg?strip=info&#038;w=1500&#038;ssl=1 1500w,https:\/\/i0.wp.com\/www.cisa-arica.cl\/wp1\/wp-content\/uploads\/2025\/05\/IMG_0325-600x400.jpg?strip=info&#038;w=1800&#038;ssl=1 1800w,https:\/\/i0.wp.com\/www.cisa-arica.cl\/wp1\/wp-content\/uploads\/2025\/05\/IMG_0325-600x400.jpg?strip=info&#038;w=2000&#038;ssl=1 2000w\" alt=\"\" data-height=\"1365\" data-id=\"28217\" data-link=\"https:\/\/www.cisa-arica.cl\/wp1\/?attachment_id=28217\" data-url=\"https:\/\/www.cisa-arica.cl\/wp1\/wp-content\/uploads\/2025\/05\/IMG_0325-600x400.jpg\" data-width=\"2048\" src=\"https:\/\/i0.wp.com\/www.cisa-arica.cl\/wp1\/wp-content\/uploads\/2025\/05\/IMG_0325-600x400.jpg?ssl=1\" data-amp-layout=\"responsive\"\/><\/figure><\/div><\/div><div class=\"tiled-gallery__row\"><div class=\"tiled-gallery__col\" style=\"flex-basis:30.61860%\"><figure class=\"tiled-gallery__item\"><img decoding=\"async\" data-attachment-id=\"28218\" data-permalink=\"https:\/\/www.cisa-arica.cl\/wp1\/2025\/04\/30\/conmemoracion-dia-del-libro-2025\/img_9890\/\" data-orig-file=\"https:\/\/www.cisa-arica.cl\/wp1\/wp-content\/uploads\/2025\/05\/IMG_9890.jpg\" data-orig-size=\"2048,1718\" data-comments-opened=\"0\" data-image-meta=\"{&quot;aperture&quot;:&quot;4&quot;,&quot;credit&quot;:&quot;Mahadeva Das&quot;,&quot;camera&quot;:&quot;Canon EOS 60D&quot;,&quot;caption&quot;:&quot;&quot;,&quot;created_timestamp&quot;:&quot;1745409262&quot;,&quot;copyright&quot;:&quot;osomahadev@hotmail.com         Funkerrante@Gmail.com&quot;,&quot;focal_length&quot;:&quot;80&quot;,&quot;iso&quot;:&quot;500&quot;,&quot;shutter_speed&quot;:&quot;0.0125&quot;,&quot;title&quot;:&quot;&quot;,&quot;orientation&quot;:&quot;0&quot;}\" data-image-title=\"IMG_9890\" data-image-description=\"\" data-image-caption=\"\" data-large-file=\"https:\/\/www.cisa-arica.cl\/wp1\/wp-content\/uploads\/2025\/05\/IMG_9890-600x503.jpg\" data-attachment-id=\"28218\" data-permalink=\"https:\/\/www.cisa-arica.cl\/wp1\/2025\/04\/30\/conmemoracion-dia-del-libro-2025\/img_9890\/\" data-orig-file=\"https:\/\/www.cisa-arica.cl\/wp1\/wp-content\/uploads\/2025\/05\/IMG_9890.jpg\" data-orig-size=\"2048,1718\" data-comments-opened=\"0\" data-image-meta=\"{&quot;aperture&quot;:&quot;4&quot;,&quot;credit&quot;:&quot;Mahadeva Das&quot;,&quot;camera&quot;:&quot;Canon EOS 60D&quot;,&quot;caption&quot;:&quot;&quot;,&quot;created_timestamp&quot;:&quot;1745409262&quot;,&quot;copyright&quot;:&quot;osomahadev@hotmail.com         Funkerrante@Gmail.com&quot;,&quot;focal_length&quot;:&quot;80&quot;,&quot;iso&quot;:&quot;500&quot;,&quot;shutter_speed&quot;:&quot;0.0125&quot;,&quot;title&quot;:&quot;&quot;,&quot;orientation&quot;:&quot;0&quot;}\" data-image-title=\"IMG_9890\" data-image-description=\"\" data-image-caption=\"\" data-large-file=\"https:\/\/www.cisa-arica.cl\/wp1\/wp-content\/uploads\/2025\/05\/IMG_9890-600x503.jpg\" role=\"button\" tabindex=\"0\" aria-label=\"Abrir la imagen 23 de 84 en pantalla completa\"srcset=\"https:\/\/i0.wp.com\/www.cisa-arica.cl\/wp1\/wp-content\/uploads\/2025\/05\/IMG_9890-600x503.jpg?strip=info&#038;w=600&#038;ssl=1 600w,https:\/\/i0.wp.com\/www.cisa-arica.cl\/wp1\/wp-content\/uploads\/2025\/05\/IMG_9890-600x503.jpg?strip=info&#038;w=900&#038;ssl=1 900w,https:\/\/i0.wp.com\/www.cisa-arica.cl\/wp1\/wp-content\/uploads\/2025\/05\/IMG_9890-600x503.jpg?strip=info&#038;w=1200&#038;ssl=1 1200w,https:\/\/i0.wp.com\/www.cisa-arica.cl\/wp1\/wp-content\/uploads\/2025\/05\/IMG_9890-600x503.jpg?strip=info&#038;w=1500&#038;ssl=1 1500w,https:\/\/i0.wp.com\/www.cisa-arica.cl\/wp1\/wp-content\/uploads\/2025\/05\/IMG_9890-600x503.jpg?strip=info&#038;w=1800&#038;ssl=1 1800w,https:\/\/i0.wp.com\/www.cisa-arica.cl\/wp1\/wp-content\/uploads\/2025\/05\/IMG_9890-600x503.jpg?strip=info&#038;w=2000&#038;ssl=1 2000w\" alt=\"\" data-height=\"1718\" data-id=\"28218\" data-link=\"https:\/\/www.cisa-arica.cl\/wp1\/?attachment_id=28218\" data-url=\"https:\/\/www.cisa-arica.cl\/wp1\/wp-content\/uploads\/2025\/05\/IMG_9890-600x503.jpg\" data-width=\"2048\" src=\"https:\/\/i0.wp.com\/www.cisa-arica.cl\/wp1\/wp-content\/uploads\/2025\/05\/IMG_9890-600x503.jpg?ssl=1\" data-amp-layout=\"responsive\"\/><\/figure><figure class=\"tiled-gallery__item\"><img decoding=\"async\" data-attachment-id=\"28219\" data-permalink=\"https:\/\/www.cisa-arica.cl\/wp1\/2025\/04\/30\/conmemoracion-dia-del-libro-2025\/img_9891-2\/\" data-orig-file=\"https:\/\/www.cisa-arica.cl\/wp1\/wp-content\/uploads\/2025\/05\/IMG_9891.jpg\" data-orig-size=\"2048,1365\" data-comments-opened=\"0\" data-image-meta=\"{&quot;aperture&quot;:&quot;4&quot;,&quot;credit&quot;:&quot;Mahadeva Das&quot;,&quot;camera&quot;:&quot;Canon EOS 60D&quot;,&quot;caption&quot;:&quot;&quot;,&quot;created_timestamp&quot;:&quot;1745409266&quot;,&quot;copyright&quot;:&quot;osomahadev@hotmail.com         Funkerrante@Gmail.com&quot;,&quot;focal_length&quot;:&quot;80&quot;,&quot;iso&quot;:&quot;500&quot;,&quot;shutter_speed&quot;:&quot;0.016666666666667&quot;,&quot;title&quot;:&quot;&quot;,&quot;orientation&quot;:&quot;0&quot;}\" data-image-title=\"IMG_9891\" data-image-description=\"\" data-image-caption=\"\" data-large-file=\"https:\/\/www.cisa-arica.cl\/wp1\/wp-content\/uploads\/2025\/05\/IMG_9891-600x400.jpg\" data-attachment-id=\"28219\" data-permalink=\"https:\/\/www.cisa-arica.cl\/wp1\/2025\/04\/30\/conmemoracion-dia-del-libro-2025\/img_9891-2\/\" data-orig-file=\"https:\/\/www.cisa-arica.cl\/wp1\/wp-content\/uploads\/2025\/05\/IMG_9891.jpg\" data-orig-size=\"2048,1365\" data-comments-opened=\"0\" data-image-meta=\"{&quot;aperture&quot;:&quot;4&quot;,&quot;credit&quot;:&quot;Mahadeva Das&quot;,&quot;camera&quot;:&quot;Canon EOS 60D&quot;,&quot;caption&quot;:&quot;&quot;,&quot;created_timestamp&quot;:&quot;1745409266&quot;,&quot;copyright&quot;:&quot;osomahadev@hotmail.com         Funkerrante@Gmail.com&quot;,&quot;focal_length&quot;:&quot;80&quot;,&quot;iso&quot;:&quot;500&quot;,&quot;shutter_speed&quot;:&quot;0.016666666666667&quot;,&quot;title&quot;:&quot;&quot;,&quot;orientation&quot;:&quot;0&quot;}\" data-image-title=\"IMG_9891\" data-image-description=\"\" data-image-caption=\"\" data-large-file=\"https:\/\/www.cisa-arica.cl\/wp1\/wp-content\/uploads\/2025\/05\/IMG_9891-600x400.jpg\" role=\"button\" tabindex=\"0\" aria-label=\"Abrir la imagen 24 de 84 en pantalla completa\"srcset=\"https:\/\/i0.wp.com\/www.cisa-arica.cl\/wp1\/wp-content\/uploads\/2025\/05\/IMG_9891-600x400.jpg?strip=info&#038;w=600&#038;ssl=1 600w,https:\/\/i0.wp.com\/www.cisa-arica.cl\/wp1\/wp-content\/uploads\/2025\/05\/IMG_9891-600x400.jpg?strip=info&#038;w=900&#038;ssl=1 900w,https:\/\/i0.wp.com\/www.cisa-arica.cl\/wp1\/wp-content\/uploads\/2025\/05\/IMG_9891-600x400.jpg?strip=info&#038;w=1200&#038;ssl=1 1200w,https:\/\/i0.wp.com\/www.cisa-arica.cl\/wp1\/wp-content\/uploads\/2025\/05\/IMG_9891-600x400.jpg?strip=info&#038;w=1500&#038;ssl=1 1500w,https:\/\/i0.wp.com\/www.cisa-arica.cl\/wp1\/wp-content\/uploads\/2025\/05\/IMG_9891-600x400.jpg?strip=info&#038;w=1800&#038;ssl=1 1800w,https:\/\/i0.wp.com\/www.cisa-arica.cl\/wp1\/wp-content\/uploads\/2025\/05\/IMG_9891-600x400.jpg?strip=info&#038;w=2000&#038;ssl=1 2000w\" alt=\"\" data-height=\"1365\" data-id=\"28219\" data-link=\"https:\/\/www.cisa-arica.cl\/wp1\/?attachment_id=28219\" data-url=\"https:\/\/www.cisa-arica.cl\/wp1\/wp-content\/uploads\/2025\/05\/IMG_9891-600x400.jpg\" data-width=\"2048\" src=\"https:\/\/i0.wp.com\/www.cisa-arica.cl\/wp1\/wp-content\/uploads\/2025\/05\/IMG_9891-600x400.jpg?ssl=1\" data-amp-layout=\"responsive\"\/><\/figure><\/div><div class=\"tiled-gallery__col\" style=\"flex-basis:69.38140%\"><figure class=\"tiled-gallery__item\"><img decoding=\"async\" data-attachment-id=\"28220\" data-permalink=\"https:\/\/www.cisa-arica.cl\/wp1\/2025\/04\/30\/conmemoracion-dia-del-libro-2025\/img_9893\/\" data-orig-file=\"https:\/\/www.cisa-arica.cl\/wp1\/wp-content\/uploads\/2025\/05\/IMG_9893.jpg\" data-orig-size=\"2048,1365\" data-comments-opened=\"0\" data-image-meta=\"{&quot;aperture&quot;:&quot;4&quot;,&quot;credit&quot;:&quot;Mahadeva Das&quot;,&quot;camera&quot;:&quot;Canon EOS 60D&quot;,&quot;caption&quot;:&quot;&quot;,&quot;created_timestamp&quot;:&quot;1745409279&quot;,&quot;copyright&quot;:&quot;osomahadev@hotmail.com         Funkerrante@Gmail.com&quot;,&quot;focal_length&quot;:&quot;75&quot;,&quot;iso&quot;:&quot;500&quot;,&quot;shutter_speed&quot;:&quot;0.016666666666667&quot;,&quot;title&quot;:&quot;&quot;,&quot;orientation&quot;:&quot;0&quot;}\" data-image-title=\"IMG_9893\" data-image-description=\"\" data-image-caption=\"\" data-large-file=\"https:\/\/www.cisa-arica.cl\/wp1\/wp-content\/uploads\/2025\/05\/IMG_9893-600x400.jpg\" data-attachment-id=\"28220\" data-permalink=\"https:\/\/www.cisa-arica.cl\/wp1\/2025\/04\/30\/conmemoracion-dia-del-libro-2025\/img_9893\/\" data-orig-file=\"https:\/\/www.cisa-arica.cl\/wp1\/wp-content\/uploads\/2025\/05\/IMG_9893.jpg\" data-orig-size=\"2048,1365\" data-comments-opened=\"0\" data-image-meta=\"{&quot;aperture&quot;:&quot;4&quot;,&quot;credit&quot;:&quot;Mahadeva Das&quot;,&quot;camera&quot;:&quot;Canon EOS 60D&quot;,&quot;caption&quot;:&quot;&quot;,&quot;created_timestamp&quot;:&quot;1745409279&quot;,&quot;copyright&quot;:&quot;osomahadev@hotmail.com         Funkerrante@Gmail.com&quot;,&quot;focal_length&quot;:&quot;75&quot;,&quot;iso&quot;:&quot;500&quot;,&quot;shutter_speed&quot;:&quot;0.016666666666667&quot;,&quot;title&quot;:&quot;&quot;,&quot;orientation&quot;:&quot;0&quot;}\" data-image-title=\"IMG_9893\" data-image-description=\"\" data-image-caption=\"\" data-large-file=\"https:\/\/www.cisa-arica.cl\/wp1\/wp-content\/uploads\/2025\/05\/IMG_9893-600x400.jpg\" role=\"button\" tabindex=\"0\" aria-label=\"Abrir la imagen 25 de 84 en pantalla completa\"srcset=\"https:\/\/i0.wp.com\/www.cisa-arica.cl\/wp1\/wp-content\/uploads\/2025\/05\/IMG_9893-600x400.jpg?strip=info&#038;w=600&#038;ssl=1 600w,https:\/\/i0.wp.com\/www.cisa-arica.cl\/wp1\/wp-content\/uploads\/2025\/05\/IMG_9893-600x400.jpg?strip=info&#038;w=900&#038;ssl=1 900w,https:\/\/i0.wp.com\/www.cisa-arica.cl\/wp1\/wp-content\/uploads\/2025\/05\/IMG_9893-600x400.jpg?strip=info&#038;w=1200&#038;ssl=1 1200w,https:\/\/i0.wp.com\/www.cisa-arica.cl\/wp1\/wp-content\/uploads\/2025\/05\/IMG_9893-600x400.jpg?strip=info&#038;w=1500&#038;ssl=1 1500w,https:\/\/i0.wp.com\/www.cisa-arica.cl\/wp1\/wp-content\/uploads\/2025\/05\/IMG_9893-600x400.jpg?strip=info&#038;w=1800&#038;ssl=1 1800w,https:\/\/i0.wp.com\/www.cisa-arica.cl\/wp1\/wp-content\/uploads\/2025\/05\/IMG_9893-600x400.jpg?strip=info&#038;w=2000&#038;ssl=1 2000w\" alt=\"\" data-height=\"1365\" data-id=\"28220\" data-link=\"https:\/\/www.cisa-arica.cl\/wp1\/?attachment_id=28220\" data-url=\"https:\/\/www.cisa-arica.cl\/wp1\/wp-content\/uploads\/2025\/05\/IMG_9893-600x400.jpg\" data-width=\"2048\" src=\"https:\/\/i0.wp.com\/www.cisa-arica.cl\/wp1\/wp-content\/uploads\/2025\/05\/IMG_9893-600x400.jpg?ssl=1\" data-amp-layout=\"responsive\"\/><\/figure><\/div><\/div><div class=\"tiled-gallery__row\"><div class=\"tiled-gallery__col\" style=\"flex-basis:66.75534%\"><figure class=\"tiled-gallery__item\"><img decoding=\"async\" data-attachment-id=\"28221\" data-permalink=\"https:\/\/www.cisa-arica.cl\/wp1\/2025\/04\/30\/conmemoracion-dia-del-libro-2025\/img_9895\/\" data-orig-file=\"https:\/\/www.cisa-arica.cl\/wp1\/wp-content\/uploads\/2025\/05\/IMG_9895.jpg\" data-orig-size=\"2048,1365\" data-comments-opened=\"0\" data-image-meta=\"{&quot;aperture&quot;:&quot;4&quot;,&quot;credit&quot;:&quot;Mahadeva Das&quot;,&quot;camera&quot;:&quot;Canon EOS 60D&quot;,&quot;caption&quot;:&quot;&quot;,&quot;created_timestamp&quot;:&quot;1745409287&quot;,&quot;copyright&quot;:&quot;osomahadev@hotmail.com         Funkerrante@Gmail.com&quot;,&quot;focal_length&quot;:&quot;75&quot;,&quot;iso&quot;:&quot;500&quot;,&quot;shutter_speed&quot;:&quot;0.016666666666667&quot;,&quot;title&quot;:&quot;&quot;,&quot;orientation&quot;:&quot;0&quot;}\" data-image-title=\"IMG_9895\" data-image-description=\"\" data-image-caption=\"\" data-large-file=\"https:\/\/www.cisa-arica.cl\/wp1\/wp-content\/uploads\/2025\/05\/IMG_9895-600x400.jpg\" data-attachment-id=\"28221\" data-permalink=\"https:\/\/www.cisa-arica.cl\/wp1\/2025\/04\/30\/conmemoracion-dia-del-libro-2025\/img_9895\/\" data-orig-file=\"https:\/\/www.cisa-arica.cl\/wp1\/wp-content\/uploads\/2025\/05\/IMG_9895.jpg\" data-orig-size=\"2048,1365\" data-comments-opened=\"0\" data-image-meta=\"{&quot;aperture&quot;:&quot;4&quot;,&quot;credit&quot;:&quot;Mahadeva Das&quot;,&quot;camera&quot;:&quot;Canon EOS 60D&quot;,&quot;caption&quot;:&quot;&quot;,&quot;created_timestamp&quot;:&quot;1745409287&quot;,&quot;copyright&quot;:&quot;osomahadev@hotmail.com         Funkerrante@Gmail.com&quot;,&quot;focal_length&quot;:&quot;75&quot;,&quot;iso&quot;:&quot;500&quot;,&quot;shutter_speed&quot;:&quot;0.016666666666667&quot;,&quot;title&quot;:&quot;&quot;,&quot;orientation&quot;:&quot;0&quot;}\" data-image-title=\"IMG_9895\" data-image-description=\"\" data-image-caption=\"\" data-large-file=\"https:\/\/www.cisa-arica.cl\/wp1\/wp-content\/uploads\/2025\/05\/IMG_9895-600x400.jpg\" role=\"button\" tabindex=\"0\" aria-label=\"Abrir la imagen 26 de 84 en pantalla completa\"srcset=\"https:\/\/i0.wp.com\/www.cisa-arica.cl\/wp1\/wp-content\/uploads\/2025\/05\/IMG_9895-600x400.jpg?strip=info&#038;w=600&#038;ssl=1 600w,https:\/\/i0.wp.com\/www.cisa-arica.cl\/wp1\/wp-content\/uploads\/2025\/05\/IMG_9895-600x400.jpg?strip=info&#038;w=900&#038;ssl=1 900w,https:\/\/i0.wp.com\/www.cisa-arica.cl\/wp1\/wp-content\/uploads\/2025\/05\/IMG_9895-600x400.jpg?strip=info&#038;w=1200&#038;ssl=1 1200w,https:\/\/i0.wp.com\/www.cisa-arica.cl\/wp1\/wp-content\/uploads\/2025\/05\/IMG_9895-600x400.jpg?strip=info&#038;w=1500&#038;ssl=1 1500w,https:\/\/i0.wp.com\/www.cisa-arica.cl\/wp1\/wp-content\/uploads\/2025\/05\/IMG_9895-600x400.jpg?strip=info&#038;w=1800&#038;ssl=1 1800w,https:\/\/i0.wp.com\/www.cisa-arica.cl\/wp1\/wp-content\/uploads\/2025\/05\/IMG_9895-600x400.jpg?strip=info&#038;w=2000&#038;ssl=1 2000w\" alt=\"\" data-height=\"1365\" data-id=\"28221\" data-link=\"https:\/\/www.cisa-arica.cl\/wp1\/?attachment_id=28221\" data-url=\"https:\/\/www.cisa-arica.cl\/wp1\/wp-content\/uploads\/2025\/05\/IMG_9895-600x400.jpg\" data-width=\"2048\" src=\"https:\/\/i0.wp.com\/www.cisa-arica.cl\/wp1\/wp-content\/uploads\/2025\/05\/IMG_9895-600x400.jpg?ssl=1\" data-amp-layout=\"responsive\"\/><\/figure><\/div><div class=\"tiled-gallery__col\" style=\"flex-basis:33.24466%\"><figure class=\"tiled-gallery__item\"><img decoding=\"async\" data-attachment-id=\"28222\" data-permalink=\"https:\/\/www.cisa-arica.cl\/wp1\/2025\/04\/30\/conmemoracion-dia-del-libro-2025\/img_9896-2\/\" data-orig-file=\"https:\/\/www.cisa-arica.cl\/wp1\/wp-content\/uploads\/2025\/05\/IMG_9896.jpg\" data-orig-size=\"2048,1365\" data-comments-opened=\"0\" data-image-meta=\"{&quot;aperture&quot;:&quot;5.6&quot;,&quot;credit&quot;:&quot;Mahadeva Das&quot;,&quot;camera&quot;:&quot;Canon EOS 60D&quot;,&quot;caption&quot;:&quot;&quot;,&quot;created_timestamp&quot;:&quot;1745409321&quot;,&quot;copyright&quot;:&quot;osomahadev@hotmail.com         Funkerrante@Gmail.com&quot;,&quot;focal_length&quot;:&quot;53&quot;,&quot;iso&quot;:&quot;500&quot;,&quot;shutter_speed&quot;:&quot;0.02&quot;,&quot;title&quot;:&quot;&quot;,&quot;orientation&quot;:&quot;0&quot;}\" data-image-title=\"IMG_9896\" data-image-description=\"\" data-image-caption=\"\" data-large-file=\"https:\/\/www.cisa-arica.cl\/wp1\/wp-content\/uploads\/2025\/05\/IMG_9896-600x400.jpg\" data-attachment-id=\"28222\" data-permalink=\"https:\/\/www.cisa-arica.cl\/wp1\/2025\/04\/30\/conmemoracion-dia-del-libro-2025\/img_9896-2\/\" data-orig-file=\"https:\/\/www.cisa-arica.cl\/wp1\/wp-content\/uploads\/2025\/05\/IMG_9896.jpg\" data-orig-size=\"2048,1365\" data-comments-opened=\"0\" data-image-meta=\"{&quot;aperture&quot;:&quot;5.6&quot;,&quot;credit&quot;:&quot;Mahadeva Das&quot;,&quot;camera&quot;:&quot;Canon EOS 60D&quot;,&quot;caption&quot;:&quot;&quot;,&quot;created_timestamp&quot;:&quot;1745409321&quot;,&quot;copyright&quot;:&quot;osomahadev@hotmail.com         Funkerrante@Gmail.com&quot;,&quot;focal_length&quot;:&quot;53&quot;,&quot;iso&quot;:&quot;500&quot;,&quot;shutter_speed&quot;:&quot;0.02&quot;,&quot;title&quot;:&quot;&quot;,&quot;orientation&quot;:&quot;0&quot;}\" data-image-title=\"IMG_9896\" data-image-description=\"\" data-image-caption=\"\" data-large-file=\"https:\/\/www.cisa-arica.cl\/wp1\/wp-content\/uploads\/2025\/05\/IMG_9896-600x400.jpg\" role=\"button\" tabindex=\"0\" aria-label=\"Abrir la imagen 27 de 84 en pantalla completa\"srcset=\"https:\/\/i1.wp.com\/www.cisa-arica.cl\/wp1\/wp-content\/uploads\/2025\/05\/IMG_9896-600x400.jpg?strip=info&#038;w=600&#038;ssl=1 600w,https:\/\/i1.wp.com\/www.cisa-arica.cl\/wp1\/wp-content\/uploads\/2025\/05\/IMG_9896-600x400.jpg?strip=info&#038;w=900&#038;ssl=1 900w,https:\/\/i1.wp.com\/www.cisa-arica.cl\/wp1\/wp-content\/uploads\/2025\/05\/IMG_9896-600x400.jpg?strip=info&#038;w=1200&#038;ssl=1 1200w,https:\/\/i1.wp.com\/www.cisa-arica.cl\/wp1\/wp-content\/uploads\/2025\/05\/IMG_9896-600x400.jpg?strip=info&#038;w=1500&#038;ssl=1 1500w,https:\/\/i1.wp.com\/www.cisa-arica.cl\/wp1\/wp-content\/uploads\/2025\/05\/IMG_9896-600x400.jpg?strip=info&#038;w=1800&#038;ssl=1 1800w,https:\/\/i1.wp.com\/www.cisa-arica.cl\/wp1\/wp-content\/uploads\/2025\/05\/IMG_9896-600x400.jpg?strip=info&#038;w=2000&#038;ssl=1 2000w\" alt=\"\" data-height=\"1365\" data-id=\"28222\" data-link=\"https:\/\/www.cisa-arica.cl\/wp1\/?attachment_id=28222\" data-url=\"https:\/\/www.cisa-arica.cl\/wp1\/wp-content\/uploads\/2025\/05\/IMG_9896-600x400.jpg\" data-width=\"2048\" src=\"https:\/\/i1.wp.com\/www.cisa-arica.cl\/wp1\/wp-content\/uploads\/2025\/05\/IMG_9896-600x400.jpg?ssl=1\" data-amp-layout=\"responsive\"\/><\/figure><figure class=\"tiled-gallery__item\"><img decoding=\"async\" data-attachment-id=\"28223\" data-permalink=\"https:\/\/www.cisa-arica.cl\/wp1\/2025\/04\/30\/conmemoracion-dia-del-libro-2025\/img_9901\/\" data-orig-file=\"https:\/\/www.cisa-arica.cl\/wp1\/wp-content\/uploads\/2025\/05\/IMG_9901.jpg\" data-orig-size=\"2048,1365\" data-comments-opened=\"0\" data-image-meta=\"{&quot;aperture&quot;:&quot;4&quot;,&quot;credit&quot;:&quot;Mahadeva Das&quot;,&quot;camera&quot;:&quot;Canon EOS 60D&quot;,&quot;caption&quot;:&quot;&quot;,&quot;created_timestamp&quot;:&quot;1745409385&quot;,&quot;copyright&quot;:&quot;osomahadev@hotmail.com         Funkerrante@Gmail.com&quot;,&quot;focal_length&quot;:&quot;25&quot;,&quot;iso&quot;:&quot;500&quot;,&quot;shutter_speed&quot;:&quot;0.008&quot;,&quot;title&quot;:&quot;&quot;,&quot;orientation&quot;:&quot;0&quot;}\" data-image-title=\"IMG_9901\" data-image-description=\"\" data-image-caption=\"\" data-large-file=\"https:\/\/www.cisa-arica.cl\/wp1\/wp-content\/uploads\/2025\/05\/IMG_9901-600x400.jpg\" data-attachment-id=\"28223\" data-permalink=\"https:\/\/www.cisa-arica.cl\/wp1\/2025\/04\/30\/conmemoracion-dia-del-libro-2025\/img_9901\/\" data-orig-file=\"https:\/\/www.cisa-arica.cl\/wp1\/wp-content\/uploads\/2025\/05\/IMG_9901.jpg\" data-orig-size=\"2048,1365\" data-comments-opened=\"0\" data-image-meta=\"{&quot;aperture&quot;:&quot;4&quot;,&quot;credit&quot;:&quot;Mahadeva Das&quot;,&quot;camera&quot;:&quot;Canon EOS 60D&quot;,&quot;caption&quot;:&quot;&quot;,&quot;created_timestamp&quot;:&quot;1745409385&quot;,&quot;copyright&quot;:&quot;osomahadev@hotmail.com         Funkerrante@Gmail.com&quot;,&quot;focal_length&quot;:&quot;25&quot;,&quot;iso&quot;:&quot;500&quot;,&quot;shutter_speed&quot;:&quot;0.008&quot;,&quot;title&quot;:&quot;&quot;,&quot;orientation&quot;:&quot;0&quot;}\" data-image-title=\"IMG_9901\" data-image-description=\"\" data-image-caption=\"\" data-large-file=\"https:\/\/www.cisa-arica.cl\/wp1\/wp-content\/uploads\/2025\/05\/IMG_9901-600x400.jpg\" role=\"button\" tabindex=\"0\" aria-label=\"Abrir la imagen 28 de 84 en pantalla completa\"srcset=\"https:\/\/i2.wp.com\/www.cisa-arica.cl\/wp1\/wp-content\/uploads\/2025\/05\/IMG_9901-600x400.jpg?strip=info&#038;w=600&#038;ssl=1 600w,https:\/\/i2.wp.com\/www.cisa-arica.cl\/wp1\/wp-content\/uploads\/2025\/05\/IMG_9901-600x400.jpg?strip=info&#038;w=900&#038;ssl=1 900w,https:\/\/i2.wp.com\/www.cisa-arica.cl\/wp1\/wp-content\/uploads\/2025\/05\/IMG_9901-600x400.jpg?strip=info&#038;w=1200&#038;ssl=1 1200w,https:\/\/i2.wp.com\/www.cisa-arica.cl\/wp1\/wp-content\/uploads\/2025\/05\/IMG_9901-600x400.jpg?strip=info&#038;w=1500&#038;ssl=1 1500w,https:\/\/i2.wp.com\/www.cisa-arica.cl\/wp1\/wp-content\/uploads\/2025\/05\/IMG_9901-600x400.jpg?strip=info&#038;w=1800&#038;ssl=1 1800w,https:\/\/i2.wp.com\/www.cisa-arica.cl\/wp1\/wp-content\/uploads\/2025\/05\/IMG_9901-600x400.jpg?strip=info&#038;w=2000&#038;ssl=1 2000w\" alt=\"\" data-height=\"1365\" data-id=\"28223\" data-link=\"https:\/\/www.cisa-arica.cl\/wp1\/?attachment_id=28223\" data-url=\"https:\/\/www.cisa-arica.cl\/wp1\/wp-content\/uploads\/2025\/05\/IMG_9901-600x400.jpg\" data-width=\"2048\" src=\"https:\/\/i2.wp.com\/www.cisa-arica.cl\/wp1\/wp-content\/uploads\/2025\/05\/IMG_9901-600x400.jpg?ssl=1\" data-amp-layout=\"responsive\"\/><\/figure><\/div><\/div><div class=\"tiled-gallery__row\"><div class=\"tiled-gallery__col\" style=\"flex-basis:50.00000%\"><figure class=\"tiled-gallery__item\"><img decoding=\"async\" data-attachment-id=\"28224\" data-permalink=\"https:\/\/www.cisa-arica.cl\/wp1\/2025\/04\/30\/conmemoracion-dia-del-libro-2025\/img_9909-2\/\" data-orig-file=\"https:\/\/www.cisa-arica.cl\/wp1\/wp-content\/uploads\/2025\/05\/IMG_9909.jpg\" data-orig-size=\"2048,1365\" data-comments-opened=\"0\" data-image-meta=\"{&quot;aperture&quot;:&quot;4.5&quot;,&quot;credit&quot;:&quot;Mahadeva Das&quot;,&quot;camera&quot;:&quot;Canon EOS 60D&quot;,&quot;caption&quot;:&quot;&quot;,&quot;created_timestamp&quot;:&quot;1745409394&quot;,&quot;copyright&quot;:&quot;osomahadev@hotmail.com         Funkerrante@Gmail.com&quot;,&quot;focal_length&quot;:&quot;35&quot;,&quot;iso&quot;:&quot;500&quot;,&quot;shutter_speed&quot;:&quot;0.0125&quot;,&quot;title&quot;:&quot;&quot;,&quot;orientation&quot;:&quot;0&quot;}\" data-image-title=\"IMG_9909\" data-image-description=\"\" data-image-caption=\"\" data-large-file=\"https:\/\/www.cisa-arica.cl\/wp1\/wp-content\/uploads\/2025\/05\/IMG_9909-600x400.jpg\" data-attachment-id=\"28224\" data-permalink=\"https:\/\/www.cisa-arica.cl\/wp1\/2025\/04\/30\/conmemoracion-dia-del-libro-2025\/img_9909-2\/\" data-orig-file=\"https:\/\/www.cisa-arica.cl\/wp1\/wp-content\/uploads\/2025\/05\/IMG_9909.jpg\" data-orig-size=\"2048,1365\" data-comments-opened=\"0\" data-image-meta=\"{&quot;aperture&quot;:&quot;4.5&quot;,&quot;credit&quot;:&quot;Mahadeva Das&quot;,&quot;camera&quot;:&quot;Canon EOS 60D&quot;,&quot;caption&quot;:&quot;&quot;,&quot;created_timestamp&quot;:&quot;1745409394&quot;,&quot;copyright&quot;:&quot;osomahadev@hotmail.com         Funkerrante@Gmail.com&quot;,&quot;focal_length&quot;:&quot;35&quot;,&quot;iso&quot;:&quot;500&quot;,&quot;shutter_speed&quot;:&quot;0.0125&quot;,&quot;title&quot;:&quot;&quot;,&quot;orientation&quot;:&quot;0&quot;}\" data-image-title=\"IMG_9909\" data-image-description=\"\" data-image-caption=\"\" data-large-file=\"https:\/\/www.cisa-arica.cl\/wp1\/wp-content\/uploads\/2025\/05\/IMG_9909-600x400.jpg\" role=\"button\" tabindex=\"0\" aria-label=\"Abrir la imagen 29 de 84 en pantalla completa\"srcset=\"https:\/\/i1.wp.com\/www.cisa-arica.cl\/wp1\/wp-content\/uploads\/2025\/05\/IMG_9909-600x400.jpg?strip=info&#038;w=600&#038;ssl=1 600w,https:\/\/i1.wp.com\/www.cisa-arica.cl\/wp1\/wp-content\/uploads\/2025\/05\/IMG_9909-600x400.jpg?strip=info&#038;w=900&#038;ssl=1 900w,https:\/\/i1.wp.com\/www.cisa-arica.cl\/wp1\/wp-content\/uploads\/2025\/05\/IMG_9909-600x400.jpg?strip=info&#038;w=1200&#038;ssl=1 1200w,https:\/\/i1.wp.com\/www.cisa-arica.cl\/wp1\/wp-content\/uploads\/2025\/05\/IMG_9909-600x400.jpg?strip=info&#038;w=1500&#038;ssl=1 1500w,https:\/\/i1.wp.com\/www.cisa-arica.cl\/wp1\/wp-content\/uploads\/2025\/05\/IMG_9909-600x400.jpg?strip=info&#038;w=1800&#038;ssl=1 1800w,https:\/\/i1.wp.com\/www.cisa-arica.cl\/wp1\/wp-content\/uploads\/2025\/05\/IMG_9909-600x400.jpg?strip=info&#038;w=2000&#038;ssl=1 2000w\" alt=\"\" data-height=\"1365\" data-id=\"28224\" data-link=\"https:\/\/www.cisa-arica.cl\/wp1\/?attachment_id=28224\" data-url=\"https:\/\/www.cisa-arica.cl\/wp1\/wp-content\/uploads\/2025\/05\/IMG_9909-600x400.jpg\" data-width=\"2048\" src=\"https:\/\/i1.wp.com\/www.cisa-arica.cl\/wp1\/wp-content\/uploads\/2025\/05\/IMG_9909-600x400.jpg?ssl=1\" data-amp-layout=\"responsive\"\/><\/figure><\/div><div class=\"tiled-gallery__col\" style=\"flex-basis:50.00000%\"><figure class=\"tiled-gallery__item\"><img decoding=\"async\" data-attachment-id=\"28225\" data-permalink=\"https:\/\/www.cisa-arica.cl\/wp1\/2025\/04\/30\/conmemoracion-dia-del-libro-2025\/img_9916\/\" data-orig-file=\"https:\/\/www.cisa-arica.cl\/wp1\/wp-content\/uploads\/2025\/05\/IMG_9916.jpg\" data-orig-size=\"2048,1365\" data-comments-opened=\"0\" data-image-meta=\"{&quot;aperture&quot;:&quot;3.5&quot;,&quot;credit&quot;:&quot;Mahadeva Das&quot;,&quot;camera&quot;:&quot;Canon EOS 60D&quot;,&quot;caption&quot;:&quot;&quot;,&quot;created_timestamp&quot;:&quot;1745409441&quot;,&quot;copyright&quot;:&quot;osomahadev@hotmail.com         Funkerrante@Gmail.com&quot;,&quot;focal_length&quot;:&quot;18&quot;,&quot;iso&quot;:&quot;500&quot;,&quot;shutter_speed&quot;:&quot;0.01&quot;,&quot;title&quot;:&quot;&quot;,&quot;orientation&quot;:&quot;0&quot;}\" data-image-title=\"IMG_9916\" data-image-description=\"\" data-image-caption=\"\" data-large-file=\"https:\/\/www.cisa-arica.cl\/wp1\/wp-content\/uploads\/2025\/05\/IMG_9916-600x400.jpg\" data-attachment-id=\"28225\" data-permalink=\"https:\/\/www.cisa-arica.cl\/wp1\/2025\/04\/30\/conmemoracion-dia-del-libro-2025\/img_9916\/\" data-orig-file=\"https:\/\/www.cisa-arica.cl\/wp1\/wp-content\/uploads\/2025\/05\/IMG_9916.jpg\" data-orig-size=\"2048,1365\" data-comments-opened=\"0\" data-image-meta=\"{&quot;aperture&quot;:&quot;3.5&quot;,&quot;credit&quot;:&quot;Mahadeva Das&quot;,&quot;camera&quot;:&quot;Canon EOS 60D&quot;,&quot;caption&quot;:&quot;&quot;,&quot;created_timestamp&quot;:&quot;1745409441&quot;,&quot;copyright&quot;:&quot;osomahadev@hotmail.com         Funkerrante@Gmail.com&quot;,&quot;focal_length&quot;:&quot;18&quot;,&quot;iso&quot;:&quot;500&quot;,&quot;shutter_speed&quot;:&quot;0.01&quot;,&quot;title&quot;:&quot;&quot;,&quot;orientation&quot;:&quot;0&quot;}\" data-image-title=\"IMG_9916\" data-image-description=\"\" data-image-caption=\"\" data-large-file=\"https:\/\/www.cisa-arica.cl\/wp1\/wp-content\/uploads\/2025\/05\/IMG_9916-600x400.jpg\" role=\"button\" tabindex=\"0\" aria-label=\"Abrir la imagen 30 de 84 en pantalla completa\"srcset=\"https:\/\/i2.wp.com\/www.cisa-arica.cl\/wp1\/wp-content\/uploads\/2025\/05\/IMG_9916-600x400.jpg?strip=info&#038;w=600&#038;ssl=1 600w,https:\/\/i2.wp.com\/www.cisa-arica.cl\/wp1\/wp-content\/uploads\/2025\/05\/IMG_9916-600x400.jpg?strip=info&#038;w=900&#038;ssl=1 900w,https:\/\/i2.wp.com\/www.cisa-arica.cl\/wp1\/wp-content\/uploads\/2025\/05\/IMG_9916-600x400.jpg?strip=info&#038;w=1200&#038;ssl=1 1200w,https:\/\/i2.wp.com\/www.cisa-arica.cl\/wp1\/wp-content\/uploads\/2025\/05\/IMG_9916-600x400.jpg?strip=info&#038;w=1500&#038;ssl=1 1500w,https:\/\/i2.wp.com\/www.cisa-arica.cl\/wp1\/wp-content\/uploads\/2025\/05\/IMG_9916-600x400.jpg?strip=info&#038;w=1800&#038;ssl=1 1800w,https:\/\/i2.wp.com\/www.cisa-arica.cl\/wp1\/wp-content\/uploads\/2025\/05\/IMG_9916-600x400.jpg?strip=info&#038;w=2000&#038;ssl=1 2000w\" alt=\"\" data-height=\"1365\" data-id=\"28225\" data-link=\"https:\/\/www.cisa-arica.cl\/wp1\/?attachment_id=28225\" data-url=\"https:\/\/www.cisa-arica.cl\/wp1\/wp-content\/uploads\/2025\/05\/IMG_9916-600x400.jpg\" data-width=\"2048\" src=\"https:\/\/i2.wp.com\/www.cisa-arica.cl\/wp1\/wp-content\/uploads\/2025\/05\/IMG_9916-600x400.jpg?ssl=1\" data-amp-layout=\"responsive\"\/><\/figure><\/div><\/div><div class=\"tiled-gallery__row\"><div class=\"tiled-gallery__col\" style=\"flex-basis:33.33333%\"><figure class=\"tiled-gallery__item\"><img decoding=\"async\" data-attachment-id=\"28226\" data-permalink=\"https:\/\/www.cisa-arica.cl\/wp1\/2025\/04\/30\/conmemoracion-dia-del-libro-2025\/img_9922\/\" data-orig-file=\"https:\/\/www.cisa-arica.cl\/wp1\/wp-content\/uploads\/2025\/05\/IMG_9922.jpg\" data-orig-size=\"2048,1365\" data-comments-opened=\"0\" data-image-meta=\"{&quot;aperture&quot;:&quot;5.6&quot;,&quot;credit&quot;:&quot;Mahadeva Das&quot;,&quot;camera&quot;:&quot;Canon EOS 60D&quot;,&quot;caption&quot;:&quot;&quot;,&quot;created_timestamp&quot;:&quot;1745409802&quot;,&quot;copyright&quot;:&quot;osomahadev@hotmail.com         Funkerrante@Gmail.com&quot;,&quot;focal_length&quot;:&quot;55&quot;,&quot;iso&quot;:&quot;500&quot;,&quot;shutter_speed&quot;:&quot;0.008&quot;,&quot;title&quot;:&quot;&quot;,&quot;orientation&quot;:&quot;0&quot;}\" data-image-title=\"IMG_9922\" data-image-description=\"\" data-image-caption=\"\" data-large-file=\"https:\/\/www.cisa-arica.cl\/wp1\/wp-content\/uploads\/2025\/05\/IMG_9922-600x400.jpg\" data-attachment-id=\"28226\" data-permalink=\"https:\/\/www.cisa-arica.cl\/wp1\/2025\/04\/30\/conmemoracion-dia-del-libro-2025\/img_9922\/\" data-orig-file=\"https:\/\/www.cisa-arica.cl\/wp1\/wp-content\/uploads\/2025\/05\/IMG_9922.jpg\" data-orig-size=\"2048,1365\" data-comments-opened=\"0\" data-image-meta=\"{&quot;aperture&quot;:&quot;5.6&quot;,&quot;credit&quot;:&quot;Mahadeva Das&quot;,&quot;camera&quot;:&quot;Canon EOS 60D&quot;,&quot;caption&quot;:&quot;&quot;,&quot;created_timestamp&quot;:&quot;1745409802&quot;,&quot;copyright&quot;:&quot;osomahadev@hotmail.com         Funkerrante@Gmail.com&quot;,&quot;focal_length&quot;:&quot;55&quot;,&quot;iso&quot;:&quot;500&quot;,&quot;shutter_speed&quot;:&quot;0.008&quot;,&quot;title&quot;:&quot;&quot;,&quot;orientation&quot;:&quot;0&quot;}\" data-image-title=\"IMG_9922\" data-image-description=\"\" data-image-caption=\"\" data-large-file=\"https:\/\/www.cisa-arica.cl\/wp1\/wp-content\/uploads\/2025\/05\/IMG_9922-600x400.jpg\" role=\"button\" tabindex=\"0\" aria-label=\"Abrir la imagen 31 de 84 en pantalla completa\"srcset=\"https:\/\/i2.wp.com\/www.cisa-arica.cl\/wp1\/wp-content\/uploads\/2025\/05\/IMG_9922-600x400.jpg?strip=info&#038;w=600&#038;ssl=1 600w,https:\/\/i2.wp.com\/www.cisa-arica.cl\/wp1\/wp-content\/uploads\/2025\/05\/IMG_9922-600x400.jpg?strip=info&#038;w=900&#038;ssl=1 900w,https:\/\/i2.wp.com\/www.cisa-arica.cl\/wp1\/wp-content\/uploads\/2025\/05\/IMG_9922-600x400.jpg?strip=info&#038;w=1200&#038;ssl=1 1200w,https:\/\/i2.wp.com\/www.cisa-arica.cl\/wp1\/wp-content\/uploads\/2025\/05\/IMG_9922-600x400.jpg?strip=info&#038;w=1500&#038;ssl=1 1500w,https:\/\/i2.wp.com\/www.cisa-arica.cl\/wp1\/wp-content\/uploads\/2025\/05\/IMG_9922-600x400.jpg?strip=info&#038;w=1800&#038;ssl=1 1800w,https:\/\/i2.wp.com\/www.cisa-arica.cl\/wp1\/wp-content\/uploads\/2025\/05\/IMG_9922-600x400.jpg?strip=info&#038;w=2000&#038;ssl=1 2000w\" alt=\"\" data-height=\"1365\" data-id=\"28226\" data-link=\"https:\/\/www.cisa-arica.cl\/wp1\/?attachment_id=28226\" data-url=\"https:\/\/www.cisa-arica.cl\/wp1\/wp-content\/uploads\/2025\/05\/IMG_9922-600x400.jpg\" data-width=\"2048\" src=\"https:\/\/i2.wp.com\/www.cisa-arica.cl\/wp1\/wp-content\/uploads\/2025\/05\/IMG_9922-600x400.jpg?ssl=1\" data-amp-layout=\"responsive\"\/><\/figure><\/div><div class=\"tiled-gallery__col\" style=\"flex-basis:33.33333%\"><figure class=\"tiled-gallery__item\"><img decoding=\"async\" data-attachment-id=\"28227\" data-permalink=\"https:\/\/www.cisa-arica.cl\/wp1\/2025\/04\/30\/conmemoracion-dia-del-libro-2025\/img_9924\/\" data-orig-file=\"https:\/\/www.cisa-arica.cl\/wp1\/wp-content\/uploads\/2025\/05\/IMG_9924.jpg\" data-orig-size=\"2048,1365\" data-comments-opened=\"0\" data-image-meta=\"{&quot;aperture&quot;:&quot;5.6&quot;,&quot;credit&quot;:&quot;Mahadeva Das&quot;,&quot;camera&quot;:&quot;Canon EOS 60D&quot;,&quot;caption&quot;:&quot;&quot;,&quot;created_timestamp&quot;:&quot;1745409822&quot;,&quot;copyright&quot;:&quot;osomahadev@hotmail.com         Funkerrante@Gmail.com&quot;,&quot;focal_length&quot;:&quot;55&quot;,&quot;iso&quot;:&quot;500&quot;,&quot;shutter_speed&quot;:&quot;0.008&quot;,&quot;title&quot;:&quot;&quot;,&quot;orientation&quot;:&quot;0&quot;}\" data-image-title=\"IMG_9924\" data-image-description=\"\" data-image-caption=\"\" data-large-file=\"https:\/\/www.cisa-arica.cl\/wp1\/wp-content\/uploads\/2025\/05\/IMG_9924-600x400.jpg\" data-attachment-id=\"28227\" data-permalink=\"https:\/\/www.cisa-arica.cl\/wp1\/2025\/04\/30\/conmemoracion-dia-del-libro-2025\/img_9924\/\" data-orig-file=\"https:\/\/www.cisa-arica.cl\/wp1\/wp-content\/uploads\/2025\/05\/IMG_9924.jpg\" data-orig-size=\"2048,1365\" data-comments-opened=\"0\" data-image-meta=\"{&quot;aperture&quot;:&quot;5.6&quot;,&quot;credit&quot;:&quot;Mahadeva Das&quot;,&quot;camera&quot;:&quot;Canon EOS 60D&quot;,&quot;caption&quot;:&quot;&quot;,&quot;created_timestamp&quot;:&quot;1745409822&quot;,&quot;copyright&quot;:&quot;osomahadev@hotmail.com         Funkerrante@Gmail.com&quot;,&quot;focal_length&quot;:&quot;55&quot;,&quot;iso&quot;:&quot;500&quot;,&quot;shutter_speed&quot;:&quot;0.008&quot;,&quot;title&quot;:&quot;&quot;,&quot;orientation&quot;:&quot;0&quot;}\" data-image-title=\"IMG_9924\" data-image-description=\"\" data-image-caption=\"\" data-large-file=\"https:\/\/www.cisa-arica.cl\/wp1\/wp-content\/uploads\/2025\/05\/IMG_9924-600x400.jpg\" role=\"button\" tabindex=\"0\" aria-label=\"Abrir la imagen 32 de 84 en pantalla completa\"srcset=\"https:\/\/i1.wp.com\/www.cisa-arica.cl\/wp1\/wp-content\/uploads\/2025\/05\/IMG_9924-600x400.jpg?strip=info&#038;w=600&#038;ssl=1 600w,https:\/\/i1.wp.com\/www.cisa-arica.cl\/wp1\/wp-content\/uploads\/2025\/05\/IMG_9924-600x400.jpg?strip=info&#038;w=900&#038;ssl=1 900w,https:\/\/i1.wp.com\/www.cisa-arica.cl\/wp1\/wp-content\/uploads\/2025\/05\/IMG_9924-600x400.jpg?strip=info&#038;w=1200&#038;ssl=1 1200w,https:\/\/i1.wp.com\/www.cisa-arica.cl\/wp1\/wp-content\/uploads\/2025\/05\/IMG_9924-600x400.jpg?strip=info&#038;w=1500&#038;ssl=1 1500w,https:\/\/i1.wp.com\/www.cisa-arica.cl\/wp1\/wp-content\/uploads\/2025\/05\/IMG_9924-600x400.jpg?strip=info&#038;w=1800&#038;ssl=1 1800w,https:\/\/i1.wp.com\/www.cisa-arica.cl\/wp1\/wp-content\/uploads\/2025\/05\/IMG_9924-600x400.jpg?strip=info&#038;w=2000&#038;ssl=1 2000w\" alt=\"\" data-height=\"1365\" data-id=\"28227\" data-link=\"https:\/\/www.cisa-arica.cl\/wp1\/?attachment_id=28227\" data-url=\"https:\/\/www.cisa-arica.cl\/wp1\/wp-content\/uploads\/2025\/05\/IMG_9924-600x400.jpg\" data-width=\"2048\" src=\"https:\/\/i1.wp.com\/www.cisa-arica.cl\/wp1\/wp-content\/uploads\/2025\/05\/IMG_9924-600x400.jpg?ssl=1\" data-amp-layout=\"responsive\"\/><\/figure><\/div><div class=\"tiled-gallery__col\" style=\"flex-basis:33.33333%\"><figure class=\"tiled-gallery__item\"><img decoding=\"async\" data-attachment-id=\"28228\" data-permalink=\"https:\/\/www.cisa-arica.cl\/wp1\/2025\/04\/30\/conmemoracion-dia-del-libro-2025\/img_9927-2\/\" data-orig-file=\"https:\/\/www.cisa-arica.cl\/wp1\/wp-content\/uploads\/2025\/05\/IMG_9927.jpg\" data-orig-size=\"2048,1365\" data-comments-opened=\"0\" data-image-meta=\"{&quot;aperture&quot;:&quot;5.6&quot;,&quot;credit&quot;:&quot;Mahadeva Das&quot;,&quot;camera&quot;:&quot;Canon EOS 60D&quot;,&quot;caption&quot;:&quot;&quot;,&quot;created_timestamp&quot;:&quot;1745409856&quot;,&quot;copyright&quot;:&quot;osomahadev@hotmail.com         Funkerrante@Gmail.com&quot;,&quot;focal_length&quot;:&quot;55&quot;,&quot;iso&quot;:&quot;800&quot;,&quot;shutter_speed&quot;:&quot;0.016666666666667&quot;,&quot;title&quot;:&quot;&quot;,&quot;orientation&quot;:&quot;0&quot;}\" data-image-title=\"IMG_9927\" data-image-description=\"\" data-image-caption=\"\" data-large-file=\"https:\/\/www.cisa-arica.cl\/wp1\/wp-content\/uploads\/2025\/05\/IMG_9927-600x400.jpg\" data-attachment-id=\"28228\" data-permalink=\"https:\/\/www.cisa-arica.cl\/wp1\/2025\/04\/30\/conmemoracion-dia-del-libro-2025\/img_9927-2\/\" data-orig-file=\"https:\/\/www.cisa-arica.cl\/wp1\/wp-content\/uploads\/2025\/05\/IMG_9927.jpg\" data-orig-size=\"2048,1365\" data-comments-opened=\"0\" data-image-meta=\"{&quot;aperture&quot;:&quot;5.6&quot;,&quot;credit&quot;:&quot;Mahadeva Das&quot;,&quot;camera&quot;:&quot;Canon EOS 60D&quot;,&quot;caption&quot;:&quot;&quot;,&quot;created_timestamp&quot;:&quot;1745409856&quot;,&quot;copyright&quot;:&quot;osomahadev@hotmail.com         Funkerrante@Gmail.com&quot;,&quot;focal_length&quot;:&quot;55&quot;,&quot;iso&quot;:&quot;800&quot;,&quot;shutter_speed&quot;:&quot;0.016666666666667&quot;,&quot;title&quot;:&quot;&quot;,&quot;orientation&quot;:&quot;0&quot;}\" data-image-title=\"IMG_9927\" data-image-description=\"\" data-image-caption=\"\" data-large-file=\"https:\/\/www.cisa-arica.cl\/wp1\/wp-content\/uploads\/2025\/05\/IMG_9927-600x400.jpg\" role=\"button\" tabindex=\"0\" aria-label=\"Abrir la imagen 33 de 84 en pantalla completa\"srcset=\"https:\/\/i2.wp.com\/www.cisa-arica.cl\/wp1\/wp-content\/uploads\/2025\/05\/IMG_9927-600x400.jpg?strip=info&#038;w=600&#038;ssl=1 600w,https:\/\/i2.wp.com\/www.cisa-arica.cl\/wp1\/wp-content\/uploads\/2025\/05\/IMG_9927-600x400.jpg?strip=info&#038;w=900&#038;ssl=1 900w,https:\/\/i2.wp.com\/www.cisa-arica.cl\/wp1\/wp-content\/uploads\/2025\/05\/IMG_9927-600x400.jpg?strip=info&#038;w=1200&#038;ssl=1 1200w,https:\/\/i2.wp.com\/www.cisa-arica.cl\/wp1\/wp-content\/uploads\/2025\/05\/IMG_9927-600x400.jpg?strip=info&#038;w=1500&#038;ssl=1 1500w,https:\/\/i2.wp.com\/www.cisa-arica.cl\/wp1\/wp-content\/uploads\/2025\/05\/IMG_9927-600x400.jpg?strip=info&#038;w=1800&#038;ssl=1 1800w,https:\/\/i2.wp.com\/www.cisa-arica.cl\/wp1\/wp-content\/uploads\/2025\/05\/IMG_9927-600x400.jpg?strip=info&#038;w=2000&#038;ssl=1 2000w\" alt=\"\" data-height=\"1365\" data-id=\"28228\" data-link=\"https:\/\/www.cisa-arica.cl\/wp1\/?attachment_id=28228\" data-url=\"https:\/\/www.cisa-arica.cl\/wp1\/wp-content\/uploads\/2025\/05\/IMG_9927-600x400.jpg\" data-width=\"2048\" src=\"https:\/\/i2.wp.com\/www.cisa-arica.cl\/wp1\/wp-content\/uploads\/2025\/05\/IMG_9927-600x400.jpg?ssl=1\" data-amp-layout=\"responsive\"\/><\/figure><\/div><\/div><div class=\"tiled-gallery__row\"><div class=\"tiled-gallery__col\" style=\"flex-basis:33.24466%\"><figure class=\"tiled-gallery__item\"><img decoding=\"async\" data-attachment-id=\"28229\" data-permalink=\"https:\/\/www.cisa-arica.cl\/wp1\/2025\/04\/30\/conmemoracion-dia-del-libro-2025\/img_9941-2\/\" data-orig-file=\"https:\/\/www.cisa-arica.cl\/wp1\/wp-content\/uploads\/2025\/05\/IMG_9941.jpg\" data-orig-size=\"2048,1365\" data-comments-opened=\"0\" data-image-meta=\"{&quot;aperture&quot;:&quot;4&quot;,&quot;credit&quot;:&quot;Mahadeva Das&quot;,&quot;camera&quot;:&quot;Canon EOS 60D&quot;,&quot;caption&quot;:&quot;&quot;,&quot;created_timestamp&quot;:&quot;1745410108&quot;,&quot;copyright&quot;:&quot;osomahadev@hotmail.com         Funkerrante@Gmail.com&quot;,&quot;focal_length&quot;:&quot;75&quot;,&quot;iso&quot;:&quot;320&quot;,&quot;shutter_speed&quot;:&quot;0.016666666666667&quot;,&quot;title&quot;:&quot;&quot;,&quot;orientation&quot;:&quot;0&quot;}\" data-image-title=\"IMG_9941\" data-image-description=\"\" data-image-caption=\"\" data-large-file=\"https:\/\/www.cisa-arica.cl\/wp1\/wp-content\/uploads\/2025\/05\/IMG_9941-600x400.jpg\" data-attachment-id=\"28229\" data-permalink=\"https:\/\/www.cisa-arica.cl\/wp1\/2025\/04\/30\/conmemoracion-dia-del-libro-2025\/img_9941-2\/\" data-orig-file=\"https:\/\/www.cisa-arica.cl\/wp1\/wp-content\/uploads\/2025\/05\/IMG_9941.jpg\" data-orig-size=\"2048,1365\" data-comments-opened=\"0\" data-image-meta=\"{&quot;aperture&quot;:&quot;4&quot;,&quot;credit&quot;:&quot;Mahadeva Das&quot;,&quot;camera&quot;:&quot;Canon EOS 60D&quot;,&quot;caption&quot;:&quot;&quot;,&quot;created_timestamp&quot;:&quot;1745410108&quot;,&quot;copyright&quot;:&quot;osomahadev@hotmail.com         Funkerrante@Gmail.com&quot;,&quot;focal_length&quot;:&quot;75&quot;,&quot;iso&quot;:&quot;320&quot;,&quot;shutter_speed&quot;:&quot;0.016666666666667&quot;,&quot;title&quot;:&quot;&quot;,&quot;orientation&quot;:&quot;0&quot;}\" data-image-title=\"IMG_9941\" data-image-description=\"\" data-image-caption=\"\" data-large-file=\"https:\/\/www.cisa-arica.cl\/wp1\/wp-content\/uploads\/2025\/05\/IMG_9941-600x400.jpg\" role=\"button\" tabindex=\"0\" aria-label=\"Abrir la imagen 34 de 84 en pantalla completa\"srcset=\"https:\/\/i2.wp.com\/www.cisa-arica.cl\/wp1\/wp-content\/uploads\/2025\/05\/IMG_9941-600x400.jpg?strip=info&#038;w=600&#038;ssl=1 600w,https:\/\/i2.wp.com\/www.cisa-arica.cl\/wp1\/wp-content\/uploads\/2025\/05\/IMG_9941-600x400.jpg?strip=info&#038;w=900&#038;ssl=1 900w,https:\/\/i2.wp.com\/www.cisa-arica.cl\/wp1\/wp-content\/uploads\/2025\/05\/IMG_9941-600x400.jpg?strip=info&#038;w=1200&#038;ssl=1 1200w,https:\/\/i2.wp.com\/www.cisa-arica.cl\/wp1\/wp-content\/uploads\/2025\/05\/IMG_9941-600x400.jpg?strip=info&#038;w=1500&#038;ssl=1 1500w,https:\/\/i2.wp.com\/www.cisa-arica.cl\/wp1\/wp-content\/uploads\/2025\/05\/IMG_9941-600x400.jpg?strip=info&#038;w=1800&#038;ssl=1 1800w,https:\/\/i2.wp.com\/www.cisa-arica.cl\/wp1\/wp-content\/uploads\/2025\/05\/IMG_9941-600x400.jpg?strip=info&#038;w=2000&#038;ssl=1 2000w\" alt=\"\" data-height=\"1365\" data-id=\"28229\" data-link=\"https:\/\/www.cisa-arica.cl\/wp1\/?attachment_id=28229\" data-url=\"https:\/\/www.cisa-arica.cl\/wp1\/wp-content\/uploads\/2025\/05\/IMG_9941-600x400.jpg\" data-width=\"2048\" src=\"https:\/\/i2.wp.com\/www.cisa-arica.cl\/wp1\/wp-content\/uploads\/2025\/05\/IMG_9941-600x400.jpg?ssl=1\" data-amp-layout=\"responsive\"\/><\/figure><figure class=\"tiled-gallery__item\"><img decoding=\"async\" data-attachment-id=\"28230\" data-permalink=\"https:\/\/www.cisa-arica.cl\/wp1\/2025\/04\/30\/conmemoracion-dia-del-libro-2025\/img_9944\/\" data-orig-file=\"https:\/\/www.cisa-arica.cl\/wp1\/wp-content\/uploads\/2025\/05\/IMG_9944.jpg\" data-orig-size=\"2048,1365\" data-comments-opened=\"0\" data-image-meta=\"{&quot;aperture&quot;:&quot;4&quot;,&quot;credit&quot;:&quot;Mahadeva Das&quot;,&quot;camera&quot;:&quot;Canon EOS 60D&quot;,&quot;caption&quot;:&quot;&quot;,&quot;created_timestamp&quot;:&quot;1745410134&quot;,&quot;copyright&quot;:&quot;osomahadev@hotmail.com         Funkerrante@Gmail.com&quot;,&quot;focal_length&quot;:&quot;75&quot;,&quot;iso&quot;:&quot;320&quot;,&quot;shutter_speed&quot;:&quot;0.02&quot;,&quot;title&quot;:&quot;&quot;,&quot;orientation&quot;:&quot;0&quot;}\" data-image-title=\"IMG_9944\" data-image-description=\"\" data-image-caption=\"\" data-large-file=\"https:\/\/www.cisa-arica.cl\/wp1\/wp-content\/uploads\/2025\/05\/IMG_9944-600x400.jpg\" data-attachment-id=\"28230\" data-permalink=\"https:\/\/www.cisa-arica.cl\/wp1\/2025\/04\/30\/conmemoracion-dia-del-libro-2025\/img_9944\/\" data-orig-file=\"https:\/\/www.cisa-arica.cl\/wp1\/wp-content\/uploads\/2025\/05\/IMG_9944.jpg\" data-orig-size=\"2048,1365\" data-comments-opened=\"0\" data-image-meta=\"{&quot;aperture&quot;:&quot;4&quot;,&quot;credit&quot;:&quot;Mahadeva Das&quot;,&quot;camera&quot;:&quot;Canon EOS 60D&quot;,&quot;caption&quot;:&quot;&quot;,&quot;created_timestamp&quot;:&quot;1745410134&quot;,&quot;copyright&quot;:&quot;osomahadev@hotmail.com         Funkerrante@Gmail.com&quot;,&quot;focal_length&quot;:&quot;75&quot;,&quot;iso&quot;:&quot;320&quot;,&quot;shutter_speed&quot;:&quot;0.02&quot;,&quot;title&quot;:&quot;&quot;,&quot;orientation&quot;:&quot;0&quot;}\" data-image-title=\"IMG_9944\" data-image-description=\"\" data-image-caption=\"\" data-large-file=\"https:\/\/www.cisa-arica.cl\/wp1\/wp-content\/uploads\/2025\/05\/IMG_9944-600x400.jpg\" role=\"button\" tabindex=\"0\" aria-label=\"Abrir la imagen 35 de 84 en pantalla completa\"srcset=\"https:\/\/i0.wp.com\/www.cisa-arica.cl\/wp1\/wp-content\/uploads\/2025\/05\/IMG_9944-600x400.jpg?strip=info&#038;w=600&#038;ssl=1 600w,https:\/\/i0.wp.com\/www.cisa-arica.cl\/wp1\/wp-content\/uploads\/2025\/05\/IMG_9944-600x400.jpg?strip=info&#038;w=900&#038;ssl=1 900w,https:\/\/i0.wp.com\/www.cisa-arica.cl\/wp1\/wp-content\/uploads\/2025\/05\/IMG_9944-600x400.jpg?strip=info&#038;w=1200&#038;ssl=1 1200w,https:\/\/i0.wp.com\/www.cisa-arica.cl\/wp1\/wp-content\/uploads\/2025\/05\/IMG_9944-600x400.jpg?strip=info&#038;w=1500&#038;ssl=1 1500w,https:\/\/i0.wp.com\/www.cisa-arica.cl\/wp1\/wp-content\/uploads\/2025\/05\/IMG_9944-600x400.jpg?strip=info&#038;w=1800&#038;ssl=1 1800w,https:\/\/i0.wp.com\/www.cisa-arica.cl\/wp1\/wp-content\/uploads\/2025\/05\/IMG_9944-600x400.jpg?strip=info&#038;w=2000&#038;ssl=1 2000w\" alt=\"\" data-height=\"1365\" data-id=\"28230\" data-link=\"https:\/\/www.cisa-arica.cl\/wp1\/?attachment_id=28230\" data-url=\"https:\/\/www.cisa-arica.cl\/wp1\/wp-content\/uploads\/2025\/05\/IMG_9944-600x400.jpg\" data-width=\"2048\" src=\"https:\/\/i0.wp.com\/www.cisa-arica.cl\/wp1\/wp-content\/uploads\/2025\/05\/IMG_9944-600x400.jpg?ssl=1\" data-amp-layout=\"responsive\"\/><\/figure><\/div><div class=\"tiled-gallery__col\" style=\"flex-basis:66.75534%\"><figure class=\"tiled-gallery__item\"><img decoding=\"async\" data-attachment-id=\"28231\" data-permalink=\"https:\/\/www.cisa-arica.cl\/wp1\/2025\/04\/30\/conmemoracion-dia-del-libro-2025\/img_9970-3\/\" data-orig-file=\"https:\/\/www.cisa-arica.cl\/wp1\/wp-content\/uploads\/2025\/05\/IMG_9970.jpg\" data-orig-size=\"2048,1365\" data-comments-opened=\"0\" data-image-meta=\"{&quot;aperture&quot;:&quot;4&quot;,&quot;credit&quot;:&quot;Mahadeva Das&quot;,&quot;camera&quot;:&quot;Canon EOS 60D&quot;,&quot;caption&quot;:&quot;&quot;,&quot;created_timestamp&quot;:&quot;1745410564&quot;,&quot;copyright&quot;:&quot;osomahadev@hotmail.com         Funkerrante@Gmail.com&quot;,&quot;focal_length&quot;:&quot;75&quot;,&quot;iso&quot;:&quot;640&quot;,&quot;shutter_speed&quot;:&quot;0.008&quot;,&quot;title&quot;:&quot;&quot;,&quot;orientation&quot;:&quot;0&quot;}\" data-image-title=\"IMG_9970\" data-image-description=\"\" data-image-caption=\"\" data-large-file=\"https:\/\/www.cisa-arica.cl\/wp1\/wp-content\/uploads\/2025\/05\/IMG_9970-600x400.jpg\" data-attachment-id=\"28231\" data-permalink=\"https:\/\/www.cisa-arica.cl\/wp1\/2025\/04\/30\/conmemoracion-dia-del-libro-2025\/img_9970-3\/\" data-orig-file=\"https:\/\/www.cisa-arica.cl\/wp1\/wp-content\/uploads\/2025\/05\/IMG_9970.jpg\" data-orig-size=\"2048,1365\" data-comments-opened=\"0\" data-image-meta=\"{&quot;aperture&quot;:&quot;4&quot;,&quot;credit&quot;:&quot;Mahadeva Das&quot;,&quot;camera&quot;:&quot;Canon EOS 60D&quot;,&quot;caption&quot;:&quot;&quot;,&quot;created_timestamp&quot;:&quot;1745410564&quot;,&quot;copyright&quot;:&quot;osomahadev@hotmail.com         Funkerrante@Gmail.com&quot;,&quot;focal_length&quot;:&quot;75&quot;,&quot;iso&quot;:&quot;640&quot;,&quot;shutter_speed&quot;:&quot;0.008&quot;,&quot;title&quot;:&quot;&quot;,&quot;orientation&quot;:&quot;0&quot;}\" data-image-title=\"IMG_9970\" data-image-description=\"\" data-image-caption=\"\" data-large-file=\"https:\/\/www.cisa-arica.cl\/wp1\/wp-content\/uploads\/2025\/05\/IMG_9970-600x400.jpg\" role=\"button\" tabindex=\"0\" aria-label=\"Abrir la imagen 36 de 84 en pantalla completa\"srcset=\"https:\/\/i1.wp.com\/www.cisa-arica.cl\/wp1\/wp-content\/uploads\/2025\/05\/IMG_9970-600x400.jpg?strip=info&#038;w=600&#038;ssl=1 600w,https:\/\/i1.wp.com\/www.cisa-arica.cl\/wp1\/wp-content\/uploads\/2025\/05\/IMG_9970-600x400.jpg?strip=info&#038;w=900&#038;ssl=1 900w,https:\/\/i1.wp.com\/www.cisa-arica.cl\/wp1\/wp-content\/uploads\/2025\/05\/IMG_9970-600x400.jpg?strip=info&#038;w=1200&#038;ssl=1 1200w,https:\/\/i1.wp.com\/www.cisa-arica.cl\/wp1\/wp-content\/uploads\/2025\/05\/IMG_9970-600x400.jpg?strip=info&#038;w=1500&#038;ssl=1 1500w,https:\/\/i1.wp.com\/www.cisa-arica.cl\/wp1\/wp-content\/uploads\/2025\/05\/IMG_9970-600x400.jpg?strip=info&#038;w=1800&#038;ssl=1 1800w,https:\/\/i1.wp.com\/www.cisa-arica.cl\/wp1\/wp-content\/uploads\/2025\/05\/IMG_9970-600x400.jpg?strip=info&#038;w=2000&#038;ssl=1 2000w\" alt=\"\" data-height=\"1365\" data-id=\"28231\" data-link=\"https:\/\/www.cisa-arica.cl\/wp1\/?attachment_id=28231\" data-url=\"https:\/\/www.cisa-arica.cl\/wp1\/wp-content\/uploads\/2025\/05\/IMG_9970-600x400.jpg\" data-width=\"2048\" src=\"https:\/\/i1.wp.com\/www.cisa-arica.cl\/wp1\/wp-content\/uploads\/2025\/05\/IMG_9970-600x400.jpg?ssl=1\" data-amp-layout=\"responsive\"\/><\/figure><\/div><\/div><div class=\"tiled-gallery__row\"><div class=\"tiled-gallery__col\" style=\"flex-basis:38.19853%\"><figure class=\"tiled-gallery__item\"><img decoding=\"async\" data-attachment-id=\"28232\" data-permalink=\"https:\/\/www.cisa-arica.cl\/wp1\/2025\/04\/30\/conmemoracion-dia-del-libro-2025\/img_9973-3\/\" data-orig-file=\"https:\/\/www.cisa-arica.cl\/wp1\/wp-content\/uploads\/2025\/05\/IMG_9973.jpg\" data-orig-size=\"2048,1365\" data-comments-opened=\"0\" data-image-meta=\"{&quot;aperture&quot;:&quot;4&quot;,&quot;credit&quot;:&quot;Mahadeva Das&quot;,&quot;camera&quot;:&quot;Canon EOS 60D&quot;,&quot;caption&quot;:&quot;&quot;,&quot;created_timestamp&quot;:&quot;1745410609&quot;,&quot;copyright&quot;:&quot;osomahadev@hotmail.com         Funkerrante@Gmail.com&quot;,&quot;focal_length&quot;:&quot;75&quot;,&quot;iso&quot;:&quot;640&quot;,&quot;shutter_speed&quot;:&quot;0.008&quot;,&quot;title&quot;:&quot;&quot;,&quot;orientation&quot;:&quot;0&quot;}\" data-image-title=\"IMG_9973\" data-image-description=\"\" data-image-caption=\"\" data-large-file=\"https:\/\/www.cisa-arica.cl\/wp1\/wp-content\/uploads\/2025\/05\/IMG_9973-600x400.jpg\" data-attachment-id=\"28232\" data-permalink=\"https:\/\/www.cisa-arica.cl\/wp1\/2025\/04\/30\/conmemoracion-dia-del-libro-2025\/img_9973-3\/\" data-orig-file=\"https:\/\/www.cisa-arica.cl\/wp1\/wp-content\/uploads\/2025\/05\/IMG_9973.jpg\" data-orig-size=\"2048,1365\" data-comments-opened=\"0\" data-image-meta=\"{&quot;aperture&quot;:&quot;4&quot;,&quot;credit&quot;:&quot;Mahadeva Das&quot;,&quot;camera&quot;:&quot;Canon EOS 60D&quot;,&quot;caption&quot;:&quot;&quot;,&quot;created_timestamp&quot;:&quot;1745410609&quot;,&quot;copyright&quot;:&quot;osomahadev@hotmail.com         Funkerrante@Gmail.com&quot;,&quot;focal_length&quot;:&quot;75&quot;,&quot;iso&quot;:&quot;640&quot;,&quot;shutter_speed&quot;:&quot;0.008&quot;,&quot;title&quot;:&quot;&quot;,&quot;orientation&quot;:&quot;0&quot;}\" data-image-title=\"IMG_9973\" data-image-description=\"\" data-image-caption=\"\" data-large-file=\"https:\/\/www.cisa-arica.cl\/wp1\/wp-content\/uploads\/2025\/05\/IMG_9973-600x400.jpg\" role=\"button\" tabindex=\"0\" aria-label=\"Abrir la imagen 37 de 84 en pantalla completa\"srcset=\"https:\/\/i1.wp.com\/www.cisa-arica.cl\/wp1\/wp-content\/uploads\/2025\/05\/IMG_9973-600x400.jpg?strip=info&#038;w=600&#038;ssl=1 600w,https:\/\/i1.wp.com\/www.cisa-arica.cl\/wp1\/wp-content\/uploads\/2025\/05\/IMG_9973-600x400.jpg?strip=info&#038;w=900&#038;ssl=1 900w,https:\/\/i1.wp.com\/www.cisa-arica.cl\/wp1\/wp-content\/uploads\/2025\/05\/IMG_9973-600x400.jpg?strip=info&#038;w=1200&#038;ssl=1 1200w,https:\/\/i1.wp.com\/www.cisa-arica.cl\/wp1\/wp-content\/uploads\/2025\/05\/IMG_9973-600x400.jpg?strip=info&#038;w=1500&#038;ssl=1 1500w,https:\/\/i1.wp.com\/www.cisa-arica.cl\/wp1\/wp-content\/uploads\/2025\/05\/IMG_9973-600x400.jpg?strip=info&#038;w=1800&#038;ssl=1 1800w,https:\/\/i1.wp.com\/www.cisa-arica.cl\/wp1\/wp-content\/uploads\/2025\/05\/IMG_9973-600x400.jpg?strip=info&#038;w=2000&#038;ssl=1 2000w\" alt=\"\" data-height=\"1365\" data-id=\"28232\" data-link=\"https:\/\/www.cisa-arica.cl\/wp1\/?attachment_id=28232\" data-url=\"https:\/\/www.cisa-arica.cl\/wp1\/wp-content\/uploads\/2025\/05\/IMG_9973-600x400.jpg\" data-width=\"2048\" src=\"https:\/\/i1.wp.com\/www.cisa-arica.cl\/wp1\/wp-content\/uploads\/2025\/05\/IMG_9973-600x400.jpg?ssl=1\" data-amp-layout=\"responsive\"\/><\/figure><figure class=\"tiled-gallery__item\"><img decoding=\"async\" data-attachment-id=\"28233\" data-permalink=\"https:\/\/www.cisa-arica.cl\/wp1\/2025\/04\/30\/conmemoracion-dia-del-libro-2025\/img_9980-3\/\" data-orig-file=\"https:\/\/www.cisa-arica.cl\/wp1\/wp-content\/uploads\/2025\/05\/IMG_9980.jpg\" data-orig-size=\"2048,1365\" data-comments-opened=\"0\" data-image-meta=\"{&quot;aperture&quot;:&quot;5&quot;,&quot;credit&quot;:&quot;Mahadeva Das&quot;,&quot;camera&quot;:&quot;Canon EOS 60D&quot;,&quot;caption&quot;:&quot;&quot;,&quot;created_timestamp&quot;:&quot;1745410658&quot;,&quot;copyright&quot;:&quot;osomahadev@hotmail.com         Funkerrante@Gmail.com&quot;,&quot;focal_length&quot;:&quot;44&quot;,&quot;iso&quot;:&quot;800&quot;,&quot;shutter_speed&quot;:&quot;0.003125&quot;,&quot;title&quot;:&quot;&quot;,&quot;orientation&quot;:&quot;0&quot;}\" data-image-title=\"IMG_9980\" data-image-description=\"\" data-image-caption=\"\" data-large-file=\"https:\/\/www.cisa-arica.cl\/wp1\/wp-content\/uploads\/2025\/05\/IMG_9980-600x400.jpg\" data-attachment-id=\"28233\" data-permalink=\"https:\/\/www.cisa-arica.cl\/wp1\/2025\/04\/30\/conmemoracion-dia-del-libro-2025\/img_9980-3\/\" data-orig-file=\"https:\/\/www.cisa-arica.cl\/wp1\/wp-content\/uploads\/2025\/05\/IMG_9980.jpg\" data-orig-size=\"2048,1365\" data-comments-opened=\"0\" data-image-meta=\"{&quot;aperture&quot;:&quot;5&quot;,&quot;credit&quot;:&quot;Mahadeva Das&quot;,&quot;camera&quot;:&quot;Canon EOS 60D&quot;,&quot;caption&quot;:&quot;&quot;,&quot;created_timestamp&quot;:&quot;1745410658&quot;,&quot;copyright&quot;:&quot;osomahadev@hotmail.com         Funkerrante@Gmail.com&quot;,&quot;focal_length&quot;:&quot;44&quot;,&quot;iso&quot;:&quot;800&quot;,&quot;shutter_speed&quot;:&quot;0.003125&quot;,&quot;title&quot;:&quot;&quot;,&quot;orientation&quot;:&quot;0&quot;}\" data-image-title=\"IMG_9980\" data-image-description=\"\" data-image-caption=\"\" data-large-file=\"https:\/\/www.cisa-arica.cl\/wp1\/wp-content\/uploads\/2025\/05\/IMG_9980-600x400.jpg\" role=\"button\" tabindex=\"0\" aria-label=\"Abrir la imagen 38 de 84 en pantalla completa\"srcset=\"https:\/\/i1.wp.com\/www.cisa-arica.cl\/wp1\/wp-content\/uploads\/2025\/05\/IMG_9980-600x400.jpg?strip=info&#038;w=600&#038;ssl=1 600w,https:\/\/i1.wp.com\/www.cisa-arica.cl\/wp1\/wp-content\/uploads\/2025\/05\/IMG_9980-600x400.jpg?strip=info&#038;w=900&#038;ssl=1 900w,https:\/\/i1.wp.com\/www.cisa-arica.cl\/wp1\/wp-content\/uploads\/2025\/05\/IMG_9980-600x400.jpg?strip=info&#038;w=1200&#038;ssl=1 1200w,https:\/\/i1.wp.com\/www.cisa-arica.cl\/wp1\/wp-content\/uploads\/2025\/05\/IMG_9980-600x400.jpg?strip=info&#038;w=1500&#038;ssl=1 1500w,https:\/\/i1.wp.com\/www.cisa-arica.cl\/wp1\/wp-content\/uploads\/2025\/05\/IMG_9980-600x400.jpg?strip=info&#038;w=1800&#038;ssl=1 1800w,https:\/\/i1.wp.com\/www.cisa-arica.cl\/wp1\/wp-content\/uploads\/2025\/05\/IMG_9980-600x400.jpg?strip=info&#038;w=2000&#038;ssl=1 2000w\" alt=\"\" data-height=\"1365\" data-id=\"28233\" data-link=\"https:\/\/www.cisa-arica.cl\/wp1\/?attachment_id=28233\" data-url=\"https:\/\/www.cisa-arica.cl\/wp1\/wp-content\/uploads\/2025\/05\/IMG_9980-600x400.jpg\" data-width=\"2048\" src=\"https:\/\/i1.wp.com\/www.cisa-arica.cl\/wp1\/wp-content\/uploads\/2025\/05\/IMG_9980-600x400.jpg?ssl=1\" data-amp-layout=\"responsive\"\/><\/figure><figure class=\"tiled-gallery__item\"><img decoding=\"async\" data-attachment-id=\"28234\" data-permalink=\"https:\/\/www.cisa-arica.cl\/wp1\/2025\/04\/30\/conmemoracion-dia-del-libro-2025\/img_9996-2\/\" data-orig-file=\"https:\/\/www.cisa-arica.cl\/wp1\/wp-content\/uploads\/2025\/05\/IMG_9996.jpg\" data-orig-size=\"2048,1365\" data-comments-opened=\"0\" data-image-meta=\"{&quot;aperture&quot;:&quot;4&quot;,&quot;credit&quot;:&quot;Mahadeva Das&quot;,&quot;camera&quot;:&quot;Canon EOS 60D&quot;,&quot;caption&quot;:&quot;&quot;,&quot;created_timestamp&quot;:&quot;1745410696&quot;,&quot;copyright&quot;:&quot;osomahadev@hotmail.com         Funkerrante@Gmail.com&quot;,&quot;focal_length&quot;:&quot;25&quot;,&quot;iso&quot;:&quot;800&quot;,&quot;shutter_speed&quot;:&quot;0.005&quot;,&quot;title&quot;:&quot;&quot;,&quot;orientation&quot;:&quot;0&quot;}\" data-image-title=\"IMG_9996\" data-image-description=\"\" data-image-caption=\"\" data-large-file=\"https:\/\/www.cisa-arica.cl\/wp1\/wp-content\/uploads\/2025\/05\/IMG_9996-600x400.jpg\" data-attachment-id=\"28234\" data-permalink=\"https:\/\/www.cisa-arica.cl\/wp1\/2025\/04\/30\/conmemoracion-dia-del-libro-2025\/img_9996-2\/\" data-orig-file=\"https:\/\/www.cisa-arica.cl\/wp1\/wp-content\/uploads\/2025\/05\/IMG_9996.jpg\" data-orig-size=\"2048,1365\" data-comments-opened=\"0\" data-image-meta=\"{&quot;aperture&quot;:&quot;4&quot;,&quot;credit&quot;:&quot;Mahadeva Das&quot;,&quot;camera&quot;:&quot;Canon EOS 60D&quot;,&quot;caption&quot;:&quot;&quot;,&quot;created_timestamp&quot;:&quot;1745410696&quot;,&quot;copyright&quot;:&quot;osomahadev@hotmail.com         Funkerrante@Gmail.com&quot;,&quot;focal_length&quot;:&quot;25&quot;,&quot;iso&quot;:&quot;800&quot;,&quot;shutter_speed&quot;:&quot;0.005&quot;,&quot;title&quot;:&quot;&quot;,&quot;orientation&quot;:&quot;0&quot;}\" data-image-title=\"IMG_9996\" data-image-description=\"\" data-image-caption=\"\" data-large-file=\"https:\/\/www.cisa-arica.cl\/wp1\/wp-content\/uploads\/2025\/05\/IMG_9996-600x400.jpg\" role=\"button\" tabindex=\"0\" aria-label=\"Abrir la imagen 39 de 84 en pantalla completa\"srcset=\"https:\/\/i0.wp.com\/www.cisa-arica.cl\/wp1\/wp-content\/uploads\/2025\/05\/IMG_9996-600x400.jpg?strip=info&#038;w=600&#038;ssl=1 600w,https:\/\/i0.wp.com\/www.cisa-arica.cl\/wp1\/wp-content\/uploads\/2025\/05\/IMG_9996-600x400.jpg?strip=info&#038;w=900&#038;ssl=1 900w,https:\/\/i0.wp.com\/www.cisa-arica.cl\/wp1\/wp-content\/uploads\/2025\/05\/IMG_9996-600x400.jpg?strip=info&#038;w=1200&#038;ssl=1 1200w,https:\/\/i0.wp.com\/www.cisa-arica.cl\/wp1\/wp-content\/uploads\/2025\/05\/IMG_9996-600x400.jpg?strip=info&#038;w=1500&#038;ssl=1 1500w,https:\/\/i0.wp.com\/www.cisa-arica.cl\/wp1\/wp-content\/uploads\/2025\/05\/IMG_9996-600x400.jpg?strip=info&#038;w=1800&#038;ssl=1 1800w,https:\/\/i0.wp.com\/www.cisa-arica.cl\/wp1\/wp-content\/uploads\/2025\/05\/IMG_9996-600x400.jpg?strip=info&#038;w=2000&#038;ssl=1 2000w\" alt=\"\" data-height=\"1365\" data-id=\"28234\" data-link=\"https:\/\/www.cisa-arica.cl\/wp1\/?attachment_id=28234\" data-url=\"https:\/\/www.cisa-arica.cl\/wp1\/wp-content\/uploads\/2025\/05\/IMG_9996-600x400.jpg\" data-width=\"2048\" src=\"https:\/\/i0.wp.com\/www.cisa-arica.cl\/wp1\/wp-content\/uploads\/2025\/05\/IMG_9996-600x400.jpg?ssl=1\" data-amp-layout=\"responsive\"\/><\/figure><\/div><div class=\"tiled-gallery__col\" style=\"flex-basis:61.80147%\"><figure class=\"tiled-gallery__item\"><img decoding=\"async\" data-attachment-id=\"28235\" data-permalink=\"https:\/\/www.cisa-arica.cl\/wp1\/2025\/04\/30\/conmemoracion-dia-del-libro-2025\/whatsapp-image-2025-05-12-at-9-15-28-am\/\" data-orig-file=\"https:\/\/www.cisa-arica.cl\/wp1\/wp-content\/uploads\/2025\/05\/WhatsApp-Image-2025-05-12-at-9.15.28-AM.jpeg\" data-orig-size=\"1029,1280\" data-comments-opened=\"0\" data-image-meta=\"{&quot;aperture&quot;:&quot;0&quot;,&quot;credit&quot;:&quot;&quot;,&quot;camera&quot;:&quot;&quot;,&quot;caption&quot;:&quot;&quot;,&quot;created_timestamp&quot;:&quot;0&quot;,&quot;copyright&quot;:&quot;&quot;,&quot;focal_length&quot;:&quot;0&quot;,&quot;iso&quot;:&quot;0&quot;,&quot;shutter_speed&quot;:&quot;0&quot;,&quot;title&quot;:&quot;&quot;,&quot;orientation&quot;:&quot;0&quot;}\" data-image-title=\"WhatsApp-Image-2025-05-12-at-9.15.28-AM\" data-image-description=\"\" data-image-caption=\"\" data-large-file=\"https:\/\/www.cisa-arica.cl\/wp1\/wp-content\/uploads\/2025\/05\/WhatsApp-Image-2025-05-12-at-9.15.28-AM-482x600.jpeg\" data-attachment-id=\"28235\" data-permalink=\"https:\/\/www.cisa-arica.cl\/wp1\/2025\/04\/30\/conmemoracion-dia-del-libro-2025\/whatsapp-image-2025-05-12-at-9-15-28-am\/\" data-orig-file=\"https:\/\/www.cisa-arica.cl\/wp1\/wp-content\/uploads\/2025\/05\/WhatsApp-Image-2025-05-12-at-9.15.28-AM.jpeg\" data-orig-size=\"1029,1280\" data-comments-opened=\"0\" data-image-meta=\"{&quot;aperture&quot;:&quot;0&quot;,&quot;credit&quot;:&quot;&quot;,&quot;camera&quot;:&quot;&quot;,&quot;caption&quot;:&quot;&quot;,&quot;created_timestamp&quot;:&quot;0&quot;,&quot;copyright&quot;:&quot;&quot;,&quot;focal_length&quot;:&quot;0&quot;,&quot;iso&quot;:&quot;0&quot;,&quot;shutter_speed&quot;:&quot;0&quot;,&quot;title&quot;:&quot;&quot;,&quot;orientation&quot;:&quot;0&quot;}\" data-image-title=\"WhatsApp-Image-2025-05-12-at-9.15.28-AM\" data-image-description=\"\" data-image-caption=\"\" data-large-file=\"https:\/\/www.cisa-arica.cl\/wp1\/wp-content\/uploads\/2025\/05\/WhatsApp-Image-2025-05-12-at-9.15.28-AM-482x600.jpeg\" role=\"button\" tabindex=\"0\" aria-label=\"Abrir la imagen 40 de 84 en pantalla completa\"srcset=\"https:\/\/i2.wp.com\/www.cisa-arica.cl\/wp1\/wp-content\/uploads\/2025\/05\/WhatsApp-Image-2025-05-12-at-9.15.28-AM-482x600.jpeg?strip=info&#038;w=600&#038;ssl=1 600w,https:\/\/i2.wp.com\/www.cisa-arica.cl\/wp1\/wp-content\/uploads\/2025\/05\/WhatsApp-Image-2025-05-12-at-9.15.28-AM-482x600.jpeg?strip=info&#038;w=900&#038;ssl=1 900w,https:\/\/i2.wp.com\/www.cisa-arica.cl\/wp1\/wp-content\/uploads\/2025\/05\/WhatsApp-Image-2025-05-12-at-9.15.28-AM-482x600.jpeg?strip=info&#038;w=1029&#038;ssl=1 1029w\" alt=\"\" data-height=\"1280\" data-id=\"28235\" data-link=\"https:\/\/www.cisa-arica.cl\/wp1\/?attachment_id=28235\" data-url=\"https:\/\/www.cisa-arica.cl\/wp1\/wp-content\/uploads\/2025\/05\/WhatsApp-Image-2025-05-12-at-9.15.28-AM-482x600.jpeg\" data-width=\"1029\" src=\"https:\/\/i2.wp.com\/www.cisa-arica.cl\/wp1\/wp-content\/uploads\/2025\/05\/WhatsApp-Image-2025-05-12-at-9.15.28-AM-482x600.jpeg?ssl=1\" data-amp-layout=\"responsive\"\/><\/figure><\/div><\/div><div class=\"tiled-gallery__row\"><div class=\"tiled-gallery__col\" style=\"flex-basis:38.16131%\"><figure class=\"tiled-gallery__item\"><img decoding=\"async\" data-attachment-id=\"28236\" data-permalink=\"https:\/\/www.cisa-arica.cl\/wp1\/2025\/04\/30\/conmemoracion-dia-del-libro-2025\/whatsapp-image-2025-05-12-at-9-15-27-am\/\" data-orig-file=\"https:\/\/www.cisa-arica.cl\/wp1\/wp-content\/uploads\/2025\/05\/WhatsApp-Image-2025-05-12-at-9.15.27-AM.jpeg\" data-orig-size=\"1142,1280\" data-comments-opened=\"0\" data-image-meta=\"{&quot;aperture&quot;:&quot;0&quot;,&quot;credit&quot;:&quot;&quot;,&quot;camera&quot;:&quot;&quot;,&quot;caption&quot;:&quot;&quot;,&quot;created_timestamp&quot;:&quot;0&quot;,&quot;copyright&quot;:&quot;&quot;,&quot;focal_length&quot;:&quot;0&quot;,&quot;iso&quot;:&quot;0&quot;,&quot;shutter_speed&quot;:&quot;0&quot;,&quot;title&quot;:&quot;&quot;,&quot;orientation&quot;:&quot;0&quot;}\" data-image-title=\"WhatsApp-Image-2025-05-12-at-9.15.27-AM\" data-image-description=\"\" data-image-caption=\"\" data-large-file=\"https:\/\/www.cisa-arica.cl\/wp1\/wp-content\/uploads\/2025\/05\/WhatsApp-Image-2025-05-12-at-9.15.27-AM-535x600.jpeg\" data-attachment-id=\"28236\" data-permalink=\"https:\/\/www.cisa-arica.cl\/wp1\/2025\/04\/30\/conmemoracion-dia-del-libro-2025\/whatsapp-image-2025-05-12-at-9-15-27-am\/\" data-orig-file=\"https:\/\/www.cisa-arica.cl\/wp1\/wp-content\/uploads\/2025\/05\/WhatsApp-Image-2025-05-12-at-9.15.27-AM.jpeg\" data-orig-size=\"1142,1280\" data-comments-opened=\"0\" data-image-meta=\"{&quot;aperture&quot;:&quot;0&quot;,&quot;credit&quot;:&quot;&quot;,&quot;camera&quot;:&quot;&quot;,&quot;caption&quot;:&quot;&quot;,&quot;created_timestamp&quot;:&quot;0&quot;,&quot;copyright&quot;:&quot;&quot;,&quot;focal_length&quot;:&quot;0&quot;,&quot;iso&quot;:&quot;0&quot;,&quot;shutter_speed&quot;:&quot;0&quot;,&quot;title&quot;:&quot;&quot;,&quot;orientation&quot;:&quot;0&quot;}\" data-image-title=\"WhatsApp-Image-2025-05-12-at-9.15.27-AM\" data-image-description=\"\" data-image-caption=\"\" data-large-file=\"https:\/\/www.cisa-arica.cl\/wp1\/wp-content\/uploads\/2025\/05\/WhatsApp-Image-2025-05-12-at-9.15.27-AM-535x600.jpeg\" role=\"button\" tabindex=\"0\" aria-label=\"Abrir la imagen 41 de 84 en pantalla completa\"srcset=\"https:\/\/i1.wp.com\/www.cisa-arica.cl\/wp1\/wp-content\/uploads\/2025\/05\/WhatsApp-Image-2025-05-12-at-9.15.27-AM-535x600.jpeg?strip=info&#038;w=600&#038;ssl=1 600w,https:\/\/i1.wp.com\/www.cisa-arica.cl\/wp1\/wp-content\/uploads\/2025\/05\/WhatsApp-Image-2025-05-12-at-9.15.27-AM-535x600.jpeg?strip=info&#038;w=900&#038;ssl=1 900w,https:\/\/i1.wp.com\/www.cisa-arica.cl\/wp1\/wp-content\/uploads\/2025\/05\/WhatsApp-Image-2025-05-12-at-9.15.27-AM-535x600.jpeg?strip=info&#038;w=1142&#038;ssl=1 1142w\" alt=\"\" data-height=\"1280\" data-id=\"28236\" data-link=\"https:\/\/www.cisa-arica.cl\/wp1\/?attachment_id=28236\" data-url=\"https:\/\/www.cisa-arica.cl\/wp1\/wp-content\/uploads\/2025\/05\/WhatsApp-Image-2025-05-12-at-9.15.27-AM-535x600.jpeg\" data-width=\"1142\" src=\"https:\/\/i1.wp.com\/www.cisa-arica.cl\/wp1\/wp-content\/uploads\/2025\/05\/WhatsApp-Image-2025-05-12-at-9.15.27-AM-535x600.jpeg?ssl=1\" data-amp-layout=\"responsive\"\/><\/figure><\/div><div class=\"tiled-gallery__col\" style=\"flex-basis:37.70463%\"><figure class=\"tiled-gallery__item\"><img decoding=\"async\" data-attachment-id=\"28237\" data-permalink=\"https:\/\/www.cisa-arica.cl\/wp1\/2025\/04\/30\/conmemoracion-dia-del-libro-2025\/whatsapp-image-2025-05-12-at-9-08-22-am\/\" data-orig-file=\"https:\/\/www.cisa-arica.cl\/wp1\/wp-content\/uploads\/2025\/05\/WhatsApp-Image-2025-05-12-at-9.08.22-AM.jpeg\" data-orig-size=\"1280,720\" data-comments-opened=\"0\" data-image-meta=\"{&quot;aperture&quot;:&quot;0&quot;,&quot;credit&quot;:&quot;&quot;,&quot;camera&quot;:&quot;&quot;,&quot;caption&quot;:&quot;&quot;,&quot;created_timestamp&quot;:&quot;0&quot;,&quot;copyright&quot;:&quot;&quot;,&quot;focal_length&quot;:&quot;0&quot;,&quot;iso&quot;:&quot;0&quot;,&quot;shutter_speed&quot;:&quot;0&quot;,&quot;title&quot;:&quot;&quot;,&quot;orientation&quot;:&quot;0&quot;}\" data-image-title=\"WhatsApp-Image-2025-05-12-at-9.08.22-AM\" data-image-description=\"\" data-image-caption=\"\" data-large-file=\"https:\/\/www.cisa-arica.cl\/wp1\/wp-content\/uploads\/2025\/05\/WhatsApp-Image-2025-05-12-at-9.08.22-AM-600x338.jpeg\" data-attachment-id=\"28237\" data-permalink=\"https:\/\/www.cisa-arica.cl\/wp1\/2025\/04\/30\/conmemoracion-dia-del-libro-2025\/whatsapp-image-2025-05-12-at-9-08-22-am\/\" data-orig-file=\"https:\/\/www.cisa-arica.cl\/wp1\/wp-content\/uploads\/2025\/05\/WhatsApp-Image-2025-05-12-at-9.08.22-AM.jpeg\" data-orig-size=\"1280,720\" data-comments-opened=\"0\" data-image-meta=\"{&quot;aperture&quot;:&quot;0&quot;,&quot;credit&quot;:&quot;&quot;,&quot;camera&quot;:&quot;&quot;,&quot;caption&quot;:&quot;&quot;,&quot;created_timestamp&quot;:&quot;0&quot;,&quot;copyright&quot;:&quot;&quot;,&quot;focal_length&quot;:&quot;0&quot;,&quot;iso&quot;:&quot;0&quot;,&quot;shutter_speed&quot;:&quot;0&quot;,&quot;title&quot;:&quot;&quot;,&quot;orientation&quot;:&quot;0&quot;}\" data-image-title=\"WhatsApp-Image-2025-05-12-at-9.08.22-AM\" data-image-description=\"\" data-image-caption=\"\" data-large-file=\"https:\/\/www.cisa-arica.cl\/wp1\/wp-content\/uploads\/2025\/05\/WhatsApp-Image-2025-05-12-at-9.08.22-AM-600x338.jpeg\" role=\"button\" tabindex=\"0\" aria-label=\"Abrir la imagen 42 de 84 en pantalla completa\"srcset=\"https:\/\/i1.wp.com\/www.cisa-arica.cl\/wp1\/wp-content\/uploads\/2025\/05\/WhatsApp-Image-2025-05-12-at-9.08.22-AM-600x338.jpeg?strip=info&#038;w=600&#038;ssl=1 600w,https:\/\/i1.wp.com\/www.cisa-arica.cl\/wp1\/wp-content\/uploads\/2025\/05\/WhatsApp-Image-2025-05-12-at-9.08.22-AM-600x338.jpeg?strip=info&#038;w=900&#038;ssl=1 900w,https:\/\/i1.wp.com\/www.cisa-arica.cl\/wp1\/wp-content\/uploads\/2025\/05\/WhatsApp-Image-2025-05-12-at-9.08.22-AM-600x338.jpeg?strip=info&#038;w=1200&#038;ssl=1 1200w,https:\/\/i1.wp.com\/www.cisa-arica.cl\/wp1\/wp-content\/uploads\/2025\/05\/WhatsApp-Image-2025-05-12-at-9.08.22-AM-600x338.jpeg?strip=info&#038;w=1280&#038;ssl=1 1280w\" alt=\"\" data-height=\"720\" data-id=\"28237\" data-link=\"https:\/\/www.cisa-arica.cl\/wp1\/?attachment_id=28237\" data-url=\"https:\/\/www.cisa-arica.cl\/wp1\/wp-content\/uploads\/2025\/05\/WhatsApp-Image-2025-05-12-at-9.08.22-AM-600x338.jpeg\" data-width=\"1280\" src=\"https:\/\/i1.wp.com\/www.cisa-arica.cl\/wp1\/wp-content\/uploads\/2025\/05\/WhatsApp-Image-2025-05-12-at-9.08.22-AM-600x338.jpeg?ssl=1\" data-amp-layout=\"responsive\"\/><\/figure><figure class=\"tiled-gallery__item\"><img decoding=\"async\" data-attachment-id=\"28238\" data-permalink=\"https:\/\/www.cisa-arica.cl\/wp1\/2025\/04\/30\/conmemoracion-dia-del-libro-2025\/whatsapp-image-2025-05-12-at-9-07-48-am\/\" data-orig-file=\"https:\/\/www.cisa-arica.cl\/wp1\/wp-content\/uploads\/2025\/05\/WhatsApp-Image-2025-05-12-at-9.07.48-AM.jpeg\" data-orig-size=\"1280,720\" data-comments-opened=\"0\" data-image-meta=\"{&quot;aperture&quot;:&quot;0&quot;,&quot;credit&quot;:&quot;&quot;,&quot;camera&quot;:&quot;&quot;,&quot;caption&quot;:&quot;&quot;,&quot;created_timestamp&quot;:&quot;0&quot;,&quot;copyright&quot;:&quot;&quot;,&quot;focal_length&quot;:&quot;0&quot;,&quot;iso&quot;:&quot;0&quot;,&quot;shutter_speed&quot;:&quot;0&quot;,&quot;title&quot;:&quot;&quot;,&quot;orientation&quot;:&quot;0&quot;}\" data-image-title=\"WhatsApp-Image-2025-05-12-at-9.07.48-AM\" data-image-description=\"\" data-image-caption=\"\" data-large-file=\"https:\/\/www.cisa-arica.cl\/wp1\/wp-content\/uploads\/2025\/05\/WhatsApp-Image-2025-05-12-at-9.07.48-AM-600x338.jpeg\" data-attachment-id=\"28238\" data-permalink=\"https:\/\/www.cisa-arica.cl\/wp1\/2025\/04\/30\/conmemoracion-dia-del-libro-2025\/whatsapp-image-2025-05-12-at-9-07-48-am\/\" data-orig-file=\"https:\/\/www.cisa-arica.cl\/wp1\/wp-content\/uploads\/2025\/05\/WhatsApp-Image-2025-05-12-at-9.07.48-AM.jpeg\" data-orig-size=\"1280,720\" data-comments-opened=\"0\" data-image-meta=\"{&quot;aperture&quot;:&quot;0&quot;,&quot;credit&quot;:&quot;&quot;,&quot;camera&quot;:&quot;&quot;,&quot;caption&quot;:&quot;&quot;,&quot;created_timestamp&quot;:&quot;0&quot;,&quot;copyright&quot;:&quot;&quot;,&quot;focal_length&quot;:&quot;0&quot;,&quot;iso&quot;:&quot;0&quot;,&quot;shutter_speed&quot;:&quot;0&quot;,&quot;title&quot;:&quot;&quot;,&quot;orientation&quot;:&quot;0&quot;}\" data-image-title=\"WhatsApp-Image-2025-05-12-at-9.07.48-AM\" data-image-description=\"\" data-image-caption=\"\" data-large-file=\"https:\/\/www.cisa-arica.cl\/wp1\/wp-content\/uploads\/2025\/05\/WhatsApp-Image-2025-05-12-at-9.07.48-AM-600x338.jpeg\" role=\"button\" tabindex=\"0\" aria-label=\"Abrir la imagen 43 de 84 en pantalla completa\"srcset=\"https:\/\/i0.wp.com\/www.cisa-arica.cl\/wp1\/wp-content\/uploads\/2025\/05\/WhatsApp-Image-2025-05-12-at-9.07.48-AM-600x338.jpeg?strip=info&#038;w=600&#038;ssl=1 600w,https:\/\/i0.wp.com\/www.cisa-arica.cl\/wp1\/wp-content\/uploads\/2025\/05\/WhatsApp-Image-2025-05-12-at-9.07.48-AM-600x338.jpeg?strip=info&#038;w=900&#038;ssl=1 900w,https:\/\/i0.wp.com\/www.cisa-arica.cl\/wp1\/wp-content\/uploads\/2025\/05\/WhatsApp-Image-2025-05-12-at-9.07.48-AM-600x338.jpeg?strip=info&#038;w=1200&#038;ssl=1 1200w,https:\/\/i0.wp.com\/www.cisa-arica.cl\/wp1\/wp-content\/uploads\/2025\/05\/WhatsApp-Image-2025-05-12-at-9.07.48-AM-600x338.jpeg?strip=info&#038;w=1280&#038;ssl=1 1280w\" alt=\"\" data-height=\"720\" data-id=\"28238\" data-link=\"https:\/\/www.cisa-arica.cl\/wp1\/?attachment_id=28238\" data-url=\"https:\/\/www.cisa-arica.cl\/wp1\/wp-content\/uploads\/2025\/05\/WhatsApp-Image-2025-05-12-at-9.07.48-AM-600x338.jpeg\" data-width=\"1280\" src=\"https:\/\/i0.wp.com\/www.cisa-arica.cl\/wp1\/wp-content\/uploads\/2025\/05\/WhatsApp-Image-2025-05-12-at-9.07.48-AM-600x338.jpeg?ssl=1\" data-amp-layout=\"responsive\"\/><\/figure><\/div><div class=\"tiled-gallery__col\" style=\"flex-basis:24.13406%\"><figure class=\"tiled-gallery__item\"><img decoding=\"async\" data-attachment-id=\"28239\" data-permalink=\"https:\/\/www.cisa-arica.cl\/wp1\/2025\/04\/30\/conmemoracion-dia-del-libro-2025\/whatsapp-image-2025-05-12-at-9-07-22-am\/\" data-orig-file=\"https:\/\/www.cisa-arica.cl\/wp1\/wp-content\/uploads\/2025\/05\/WhatsApp-Image-2025-05-12-at-9.07.22-AM.jpeg\" data-orig-size=\"720,1280\" data-comments-opened=\"0\" data-image-meta=\"{&quot;aperture&quot;:&quot;0&quot;,&quot;credit&quot;:&quot;&quot;,&quot;camera&quot;:&quot;&quot;,&quot;caption&quot;:&quot;&quot;,&quot;created_timestamp&quot;:&quot;0&quot;,&quot;copyright&quot;:&quot;&quot;,&quot;focal_length&quot;:&quot;0&quot;,&quot;iso&quot;:&quot;0&quot;,&quot;shutter_speed&quot;:&quot;0&quot;,&quot;title&quot;:&quot;&quot;,&quot;orientation&quot;:&quot;0&quot;}\" data-image-title=\"WhatsApp-Image-2025-05-12-at-9.07.22-AM\" data-image-description=\"\" data-image-caption=\"\" data-large-file=\"https:\/\/www.cisa-arica.cl\/wp1\/wp-content\/uploads\/2025\/05\/WhatsApp-Image-2025-05-12-at-9.07.22-AM-338x600.jpeg\" data-attachment-id=\"28239\" data-permalink=\"https:\/\/www.cisa-arica.cl\/wp1\/2025\/04\/30\/conmemoracion-dia-del-libro-2025\/whatsapp-image-2025-05-12-at-9-07-22-am\/\" data-orig-file=\"https:\/\/www.cisa-arica.cl\/wp1\/wp-content\/uploads\/2025\/05\/WhatsApp-Image-2025-05-12-at-9.07.22-AM.jpeg\" data-orig-size=\"720,1280\" data-comments-opened=\"0\" data-image-meta=\"{&quot;aperture&quot;:&quot;0&quot;,&quot;credit&quot;:&quot;&quot;,&quot;camera&quot;:&quot;&quot;,&quot;caption&quot;:&quot;&quot;,&quot;created_timestamp&quot;:&quot;0&quot;,&quot;copyright&quot;:&quot;&quot;,&quot;focal_length&quot;:&quot;0&quot;,&quot;iso&quot;:&quot;0&quot;,&quot;shutter_speed&quot;:&quot;0&quot;,&quot;title&quot;:&quot;&quot;,&quot;orientation&quot;:&quot;0&quot;}\" data-image-title=\"WhatsApp-Image-2025-05-12-at-9.07.22-AM\" data-image-description=\"\" data-image-caption=\"\" data-large-file=\"https:\/\/www.cisa-arica.cl\/wp1\/wp-content\/uploads\/2025\/05\/WhatsApp-Image-2025-05-12-at-9.07.22-AM-338x600.jpeg\" role=\"button\" tabindex=\"0\" aria-label=\"Abrir la imagen 44 de 84 en pantalla completa\"srcset=\"https:\/\/i2.wp.com\/www.cisa-arica.cl\/wp1\/wp-content\/uploads\/2025\/05\/WhatsApp-Image-2025-05-12-at-9.07.22-AM-338x600.jpeg?strip=info&#038;w=600&#038;ssl=1 600w,https:\/\/i2.wp.com\/www.cisa-arica.cl\/wp1\/wp-content\/uploads\/2025\/05\/WhatsApp-Image-2025-05-12-at-9.07.22-AM-338x600.jpeg?strip=info&#038;w=720&#038;ssl=1 720w\" alt=\"\" data-height=\"1280\" data-id=\"28239\" data-link=\"https:\/\/www.cisa-arica.cl\/wp1\/?attachment_id=28239\" data-url=\"https:\/\/www.cisa-arica.cl\/wp1\/wp-content\/uploads\/2025\/05\/WhatsApp-Image-2025-05-12-at-9.07.22-AM-338x600.jpeg\" data-width=\"720\" src=\"https:\/\/i2.wp.com\/www.cisa-arica.cl\/wp1\/wp-content\/uploads\/2025\/05\/WhatsApp-Image-2025-05-12-at-9.07.22-AM-338x600.jpeg?ssl=1\" data-amp-layout=\"responsive\"\/><\/figure><\/div><\/div><div class=\"tiled-gallery__row\"><div class=\"tiled-gallery__col\" style=\"flex-basis:25.00000%\"><figure class=\"tiled-gallery__item\"><img decoding=\"async\" data-attachment-id=\"28240\" data-permalink=\"https:\/\/www.cisa-arica.cl\/wp1\/2025\/04\/30\/conmemoracion-dia-del-libro-2025\/whatsapp-image-2025-05-12-at-9-06-44-am\/\" data-orig-file=\"https:\/\/www.cisa-arica.cl\/wp1\/wp-content\/uploads\/2025\/05\/WhatsApp-Image-2025-05-12-at-9.06.44-AM.jpeg\" data-orig-size=\"960,1280\" data-comments-opened=\"0\" data-image-meta=\"{&quot;aperture&quot;:&quot;0&quot;,&quot;credit&quot;:&quot;&quot;,&quot;camera&quot;:&quot;&quot;,&quot;caption&quot;:&quot;&quot;,&quot;created_timestamp&quot;:&quot;0&quot;,&quot;copyright&quot;:&quot;&quot;,&quot;focal_length&quot;:&quot;0&quot;,&quot;iso&quot;:&quot;0&quot;,&quot;shutter_speed&quot;:&quot;0&quot;,&quot;title&quot;:&quot;&quot;,&quot;orientation&quot;:&quot;0&quot;}\" data-image-title=\"WhatsApp-Image-2025-05-12-at-9.06.44-AM\" data-image-description=\"\" data-image-caption=\"\" data-large-file=\"https:\/\/www.cisa-arica.cl\/wp1\/wp-content\/uploads\/2025\/05\/WhatsApp-Image-2025-05-12-at-9.06.44-AM-450x600.jpeg\" data-attachment-id=\"28240\" data-permalink=\"https:\/\/www.cisa-arica.cl\/wp1\/2025\/04\/30\/conmemoracion-dia-del-libro-2025\/whatsapp-image-2025-05-12-at-9-06-44-am\/\" data-orig-file=\"https:\/\/www.cisa-arica.cl\/wp1\/wp-content\/uploads\/2025\/05\/WhatsApp-Image-2025-05-12-at-9.06.44-AM.jpeg\" data-orig-size=\"960,1280\" data-comments-opened=\"0\" data-image-meta=\"{&quot;aperture&quot;:&quot;0&quot;,&quot;credit&quot;:&quot;&quot;,&quot;camera&quot;:&quot;&quot;,&quot;caption&quot;:&quot;&quot;,&quot;created_timestamp&quot;:&quot;0&quot;,&quot;copyright&quot;:&quot;&quot;,&quot;focal_length&quot;:&quot;0&quot;,&quot;iso&quot;:&quot;0&quot;,&quot;shutter_speed&quot;:&quot;0&quot;,&quot;title&quot;:&quot;&quot;,&quot;orientation&quot;:&quot;0&quot;}\" data-image-title=\"WhatsApp-Image-2025-05-12-at-9.06.44-AM\" data-image-description=\"\" data-image-caption=\"\" data-large-file=\"https:\/\/www.cisa-arica.cl\/wp1\/wp-content\/uploads\/2025\/05\/WhatsApp-Image-2025-05-12-at-9.06.44-AM-450x600.jpeg\" role=\"button\" tabindex=\"0\" aria-label=\"Abrir la imagen 45 de 84 en pantalla completa\"srcset=\"https:\/\/i1.wp.com\/www.cisa-arica.cl\/wp1\/wp-content\/uploads\/2025\/05\/WhatsApp-Image-2025-05-12-at-9.06.44-AM-450x600.jpeg?strip=info&#038;w=600&#038;ssl=1 600w,https:\/\/i1.wp.com\/www.cisa-arica.cl\/wp1\/wp-content\/uploads\/2025\/05\/WhatsApp-Image-2025-05-12-at-9.06.44-AM-450x600.jpeg?strip=info&#038;w=900&#038;ssl=1 900w,https:\/\/i1.wp.com\/www.cisa-arica.cl\/wp1\/wp-content\/uploads\/2025\/05\/WhatsApp-Image-2025-05-12-at-9.06.44-AM-450x600.jpeg?strip=info&#038;w=960&#038;ssl=1 960w\" alt=\"\" data-height=\"1280\" data-id=\"28240\" data-link=\"https:\/\/www.cisa-arica.cl\/wp1\/?attachment_id=28240\" data-url=\"https:\/\/www.cisa-arica.cl\/wp1\/wp-content\/uploads\/2025\/05\/WhatsApp-Image-2025-05-12-at-9.06.44-AM-450x600.jpeg\" data-width=\"960\" src=\"https:\/\/i1.wp.com\/www.cisa-arica.cl\/wp1\/wp-content\/uploads\/2025\/05\/WhatsApp-Image-2025-05-12-at-9.06.44-AM-450x600.jpeg?ssl=1\" data-amp-layout=\"responsive\"\/><\/figure><\/div><div class=\"tiled-gallery__col\" style=\"flex-basis:25.00000%\"><figure class=\"tiled-gallery__item\"><img decoding=\"async\" data-attachment-id=\"28241\" data-permalink=\"https:\/\/www.cisa-arica.cl\/wp1\/2025\/04\/30\/conmemoracion-dia-del-libro-2025\/whatsapp-image-2025-05-12-at-9-06-44-am-1\/\" data-orig-file=\"https:\/\/www.cisa-arica.cl\/wp1\/wp-content\/uploads\/2025\/05\/WhatsApp-Image-2025-05-12-at-9.06.44-AM-1.jpeg\" data-orig-size=\"960,1280\" data-comments-opened=\"0\" data-image-meta=\"{&quot;aperture&quot;:&quot;0&quot;,&quot;credit&quot;:&quot;&quot;,&quot;camera&quot;:&quot;&quot;,&quot;caption&quot;:&quot;&quot;,&quot;created_timestamp&quot;:&quot;0&quot;,&quot;copyright&quot;:&quot;&quot;,&quot;focal_length&quot;:&quot;0&quot;,&quot;iso&quot;:&quot;0&quot;,&quot;shutter_speed&quot;:&quot;0&quot;,&quot;title&quot;:&quot;&quot;,&quot;orientation&quot;:&quot;0&quot;}\" data-image-title=\"WhatsApp-Image-2025-05-12-at-9.06.44-AM-1\" data-image-description=\"\" data-image-caption=\"\" data-large-file=\"https:\/\/www.cisa-arica.cl\/wp1\/wp-content\/uploads\/2025\/05\/WhatsApp-Image-2025-05-12-at-9.06.44-AM-1-450x600.jpeg\" data-attachment-id=\"28241\" data-permalink=\"https:\/\/www.cisa-arica.cl\/wp1\/2025\/04\/30\/conmemoracion-dia-del-libro-2025\/whatsapp-image-2025-05-12-at-9-06-44-am-1\/\" data-orig-file=\"https:\/\/www.cisa-arica.cl\/wp1\/wp-content\/uploads\/2025\/05\/WhatsApp-Image-2025-05-12-at-9.06.44-AM-1.jpeg\" data-orig-size=\"960,1280\" data-comments-opened=\"0\" data-image-meta=\"{&quot;aperture&quot;:&quot;0&quot;,&quot;credit&quot;:&quot;&quot;,&quot;camera&quot;:&quot;&quot;,&quot;caption&quot;:&quot;&quot;,&quot;created_timestamp&quot;:&quot;0&quot;,&quot;copyright&quot;:&quot;&quot;,&quot;focal_length&quot;:&quot;0&quot;,&quot;iso&quot;:&quot;0&quot;,&quot;shutter_speed&quot;:&quot;0&quot;,&quot;title&quot;:&quot;&quot;,&quot;orientation&quot;:&quot;0&quot;}\" data-image-title=\"WhatsApp-Image-2025-05-12-at-9.06.44-AM-1\" data-image-description=\"\" data-image-caption=\"\" data-large-file=\"https:\/\/www.cisa-arica.cl\/wp1\/wp-content\/uploads\/2025\/05\/WhatsApp-Image-2025-05-12-at-9.06.44-AM-1-450x600.jpeg\" role=\"button\" tabindex=\"0\" aria-label=\"Abrir la imagen 46 de 84 en pantalla completa\"srcset=\"https:\/\/i1.wp.com\/www.cisa-arica.cl\/wp1\/wp-content\/uploads\/2025\/05\/WhatsApp-Image-2025-05-12-at-9.06.44-AM-1-450x600.jpeg?strip=info&#038;w=600&#038;ssl=1 600w,https:\/\/i1.wp.com\/www.cisa-arica.cl\/wp1\/wp-content\/uploads\/2025\/05\/WhatsApp-Image-2025-05-12-at-9.06.44-AM-1-450x600.jpeg?strip=info&#038;w=900&#038;ssl=1 900w,https:\/\/i1.wp.com\/www.cisa-arica.cl\/wp1\/wp-content\/uploads\/2025\/05\/WhatsApp-Image-2025-05-12-at-9.06.44-AM-1-450x600.jpeg?strip=info&#038;w=960&#038;ssl=1 960w\" alt=\"\" data-height=\"1280\" data-id=\"28241\" data-link=\"https:\/\/www.cisa-arica.cl\/wp1\/?attachment_id=28241\" data-url=\"https:\/\/www.cisa-arica.cl\/wp1\/wp-content\/uploads\/2025\/05\/WhatsApp-Image-2025-05-12-at-9.06.44-AM-1-450x600.jpeg\" data-width=\"960\" src=\"https:\/\/i1.wp.com\/www.cisa-arica.cl\/wp1\/wp-content\/uploads\/2025\/05\/WhatsApp-Image-2025-05-12-at-9.06.44-AM-1-450x600.jpeg?ssl=1\" data-amp-layout=\"responsive\"\/><\/figure><\/div><div class=\"tiled-gallery__col\" style=\"flex-basis:25.00000%\"><figure class=\"tiled-gallery__item\"><img decoding=\"async\" data-attachment-id=\"28242\" data-permalink=\"https:\/\/www.cisa-arica.cl\/wp1\/2025\/04\/30\/conmemoracion-dia-del-libro-2025\/whatsapp-image-2025-05-12-at-9-06-43-am\/\" data-orig-file=\"https:\/\/www.cisa-arica.cl\/wp1\/wp-content\/uploads\/2025\/05\/WhatsApp-Image-2025-05-12-at-9.06.43-AM.jpeg\" data-orig-size=\"960,1280\" data-comments-opened=\"0\" data-image-meta=\"{&quot;aperture&quot;:&quot;0&quot;,&quot;credit&quot;:&quot;&quot;,&quot;camera&quot;:&quot;&quot;,&quot;caption&quot;:&quot;&quot;,&quot;created_timestamp&quot;:&quot;0&quot;,&quot;copyright&quot;:&quot;&quot;,&quot;focal_length&quot;:&quot;0&quot;,&quot;iso&quot;:&quot;0&quot;,&quot;shutter_speed&quot;:&quot;0&quot;,&quot;title&quot;:&quot;&quot;,&quot;orientation&quot;:&quot;0&quot;}\" data-image-title=\"WhatsApp-Image-2025-05-12-at-9.06.43-AM\" data-image-description=\"\" data-image-caption=\"\" data-large-file=\"https:\/\/www.cisa-arica.cl\/wp1\/wp-content\/uploads\/2025\/05\/WhatsApp-Image-2025-05-12-at-9.06.43-AM-450x600.jpeg\" data-attachment-id=\"28242\" data-permalink=\"https:\/\/www.cisa-arica.cl\/wp1\/2025\/04\/30\/conmemoracion-dia-del-libro-2025\/whatsapp-image-2025-05-12-at-9-06-43-am\/\" data-orig-file=\"https:\/\/www.cisa-arica.cl\/wp1\/wp-content\/uploads\/2025\/05\/WhatsApp-Image-2025-05-12-at-9.06.43-AM.jpeg\" data-orig-size=\"960,1280\" data-comments-opened=\"0\" data-image-meta=\"{&quot;aperture&quot;:&quot;0&quot;,&quot;credit&quot;:&quot;&quot;,&quot;camera&quot;:&quot;&quot;,&quot;caption&quot;:&quot;&quot;,&quot;created_timestamp&quot;:&quot;0&quot;,&quot;copyright&quot;:&quot;&quot;,&quot;focal_length&quot;:&quot;0&quot;,&quot;iso&quot;:&quot;0&quot;,&quot;shutter_speed&quot;:&quot;0&quot;,&quot;title&quot;:&quot;&quot;,&quot;orientation&quot;:&quot;0&quot;}\" data-image-title=\"WhatsApp-Image-2025-05-12-at-9.06.43-AM\" data-image-description=\"\" data-image-caption=\"\" data-large-file=\"https:\/\/www.cisa-arica.cl\/wp1\/wp-content\/uploads\/2025\/05\/WhatsApp-Image-2025-05-12-at-9.06.43-AM-450x600.jpeg\" role=\"button\" tabindex=\"0\" aria-label=\"Abrir la imagen 47 de 84 en pantalla completa\"srcset=\"https:\/\/i2.wp.com\/www.cisa-arica.cl\/wp1\/wp-content\/uploads\/2025\/05\/WhatsApp-Image-2025-05-12-at-9.06.43-AM-450x600.jpeg?strip=info&#038;w=600&#038;ssl=1 600w,https:\/\/i2.wp.com\/www.cisa-arica.cl\/wp1\/wp-content\/uploads\/2025\/05\/WhatsApp-Image-2025-05-12-at-9.06.43-AM-450x600.jpeg?strip=info&#038;w=900&#038;ssl=1 900w,https:\/\/i2.wp.com\/www.cisa-arica.cl\/wp1\/wp-content\/uploads\/2025\/05\/WhatsApp-Image-2025-05-12-at-9.06.43-AM-450x600.jpeg?strip=info&#038;w=960&#038;ssl=1 960w\" alt=\"\" data-height=\"1280\" data-id=\"28242\" data-link=\"https:\/\/www.cisa-arica.cl\/wp1\/?attachment_id=28242\" data-url=\"https:\/\/www.cisa-arica.cl\/wp1\/wp-content\/uploads\/2025\/05\/WhatsApp-Image-2025-05-12-at-9.06.43-AM-450x600.jpeg\" data-width=\"960\" src=\"https:\/\/i2.wp.com\/www.cisa-arica.cl\/wp1\/wp-content\/uploads\/2025\/05\/WhatsApp-Image-2025-05-12-at-9.06.43-AM-450x600.jpeg?ssl=1\" data-amp-layout=\"responsive\"\/><\/figure><\/div><div class=\"tiled-gallery__col\" style=\"flex-basis:25.00000%\"><figure class=\"tiled-gallery__item\"><img decoding=\"async\" data-attachment-id=\"28243\" data-permalink=\"https:\/\/www.cisa-arica.cl\/wp1\/2025\/04\/30\/conmemoracion-dia-del-libro-2025\/whatsapp-image-2025-05-12-at-9-06-43-am-1\/\" data-orig-file=\"https:\/\/www.cisa-arica.cl\/wp1\/wp-content\/uploads\/2025\/05\/WhatsApp-Image-2025-05-12-at-9.06.43-AM-1.jpeg\" data-orig-size=\"960,1280\" data-comments-opened=\"0\" data-image-meta=\"{&quot;aperture&quot;:&quot;0&quot;,&quot;credit&quot;:&quot;&quot;,&quot;camera&quot;:&quot;&quot;,&quot;caption&quot;:&quot;&quot;,&quot;created_timestamp&quot;:&quot;0&quot;,&quot;copyright&quot;:&quot;&quot;,&quot;focal_length&quot;:&quot;0&quot;,&quot;iso&quot;:&quot;0&quot;,&quot;shutter_speed&quot;:&quot;0&quot;,&quot;title&quot;:&quot;&quot;,&quot;orientation&quot;:&quot;0&quot;}\" data-image-title=\"WhatsApp-Image-2025-05-12-at-9.06.43-AM-1\" data-image-description=\"\" data-image-caption=\"\" data-large-file=\"https:\/\/www.cisa-arica.cl\/wp1\/wp-content\/uploads\/2025\/05\/WhatsApp-Image-2025-05-12-at-9.06.43-AM-1-450x600.jpeg\" data-attachment-id=\"28243\" data-permalink=\"https:\/\/www.cisa-arica.cl\/wp1\/2025\/04\/30\/conmemoracion-dia-del-libro-2025\/whatsapp-image-2025-05-12-at-9-06-43-am-1\/\" data-orig-file=\"https:\/\/www.cisa-arica.cl\/wp1\/wp-content\/uploads\/2025\/05\/WhatsApp-Image-2025-05-12-at-9.06.43-AM-1.jpeg\" data-orig-size=\"960,1280\" data-comments-opened=\"0\" data-image-meta=\"{&quot;aperture&quot;:&quot;0&quot;,&quot;credit&quot;:&quot;&quot;,&quot;camera&quot;:&quot;&quot;,&quot;caption&quot;:&quot;&quot;,&quot;created_timestamp&quot;:&quot;0&quot;,&quot;copyright&quot;:&quot;&quot;,&quot;focal_length&quot;:&quot;0&quot;,&quot;iso&quot;:&quot;0&quot;,&quot;shutter_speed&quot;:&quot;0&quot;,&quot;title&quot;:&quot;&quot;,&quot;orientation&quot;:&quot;0&quot;}\" data-image-title=\"WhatsApp-Image-2025-05-12-at-9.06.43-AM-1\" data-image-description=\"\" data-image-caption=\"\" data-large-file=\"https:\/\/www.cisa-arica.cl\/wp1\/wp-content\/uploads\/2025\/05\/WhatsApp-Image-2025-05-12-at-9.06.43-AM-1-450x600.jpeg\" role=\"button\" tabindex=\"0\" aria-label=\"Abrir la imagen 48 de 84 en pantalla completa\"srcset=\"https:\/\/i0.wp.com\/www.cisa-arica.cl\/wp1\/wp-content\/uploads\/2025\/05\/WhatsApp-Image-2025-05-12-at-9.06.43-AM-1-450x600.jpeg?strip=info&#038;w=600&#038;ssl=1 600w,https:\/\/i0.wp.com\/www.cisa-arica.cl\/wp1\/wp-content\/uploads\/2025\/05\/WhatsApp-Image-2025-05-12-at-9.06.43-AM-1-450x600.jpeg?strip=info&#038;w=900&#038;ssl=1 900w,https:\/\/i0.wp.com\/www.cisa-arica.cl\/wp1\/wp-content\/uploads\/2025\/05\/WhatsApp-Image-2025-05-12-at-9.06.43-AM-1-450x600.jpeg?strip=info&#038;w=960&#038;ssl=1 960w\" alt=\"\" data-height=\"1280\" data-id=\"28243\" data-link=\"https:\/\/www.cisa-arica.cl\/wp1\/?attachment_id=28243\" data-url=\"https:\/\/www.cisa-arica.cl\/wp1\/wp-content\/uploads\/2025\/05\/WhatsApp-Image-2025-05-12-at-9.06.43-AM-1-450x600.jpeg\" data-width=\"960\" src=\"https:\/\/i0.wp.com\/www.cisa-arica.cl\/wp1\/wp-content\/uploads\/2025\/05\/WhatsApp-Image-2025-05-12-at-9.06.43-AM-1-450x600.jpeg?ssl=1\" data-amp-layout=\"responsive\"\/><\/figure><\/div><\/div><div class=\"tiled-gallery__row\"><div class=\"tiled-gallery__col\" style=\"flex-basis:46.94605%\"><figure class=\"tiled-gallery__item\"><img decoding=\"async\" data-attachment-id=\"28244\" data-permalink=\"https:\/\/www.cisa-arica.cl\/wp1\/2025\/04\/30\/conmemoracion-dia-del-libro-2025\/whatsapp-image-2025-05-12-at-9-06-42-am\/\" data-orig-file=\"https:\/\/www.cisa-arica.cl\/wp1\/wp-content\/uploads\/2025\/05\/WhatsApp-Image-2025-05-12-at-9.06.42-AM.jpeg\" data-orig-size=\"1280,960\" data-comments-opened=\"0\" data-image-meta=\"{&quot;aperture&quot;:&quot;0&quot;,&quot;credit&quot;:&quot;&quot;,&quot;camera&quot;:&quot;&quot;,&quot;caption&quot;:&quot;&quot;,&quot;created_timestamp&quot;:&quot;0&quot;,&quot;copyright&quot;:&quot;&quot;,&quot;focal_length&quot;:&quot;0&quot;,&quot;iso&quot;:&quot;0&quot;,&quot;shutter_speed&quot;:&quot;0&quot;,&quot;title&quot;:&quot;&quot;,&quot;orientation&quot;:&quot;0&quot;}\" data-image-title=\"WhatsApp-Image-2025-05-12-at-9.06.42-AM\" data-image-description=\"\" data-image-caption=\"\" data-large-file=\"https:\/\/www.cisa-arica.cl\/wp1\/wp-content\/uploads\/2025\/05\/WhatsApp-Image-2025-05-12-at-9.06.42-AM-600x450.jpeg\" data-attachment-id=\"28244\" data-permalink=\"https:\/\/www.cisa-arica.cl\/wp1\/2025\/04\/30\/conmemoracion-dia-del-libro-2025\/whatsapp-image-2025-05-12-at-9-06-42-am\/\" data-orig-file=\"https:\/\/www.cisa-arica.cl\/wp1\/wp-content\/uploads\/2025\/05\/WhatsApp-Image-2025-05-12-at-9.06.42-AM.jpeg\" data-orig-size=\"1280,960\" data-comments-opened=\"0\" data-image-meta=\"{&quot;aperture&quot;:&quot;0&quot;,&quot;credit&quot;:&quot;&quot;,&quot;camera&quot;:&quot;&quot;,&quot;caption&quot;:&quot;&quot;,&quot;created_timestamp&quot;:&quot;0&quot;,&quot;copyright&quot;:&quot;&quot;,&quot;focal_length&quot;:&quot;0&quot;,&quot;iso&quot;:&quot;0&quot;,&quot;shutter_speed&quot;:&quot;0&quot;,&quot;title&quot;:&quot;&quot;,&quot;orientation&quot;:&quot;0&quot;}\" data-image-title=\"WhatsApp-Image-2025-05-12-at-9.06.42-AM\" data-image-description=\"\" data-image-caption=\"\" data-large-file=\"https:\/\/www.cisa-arica.cl\/wp1\/wp-content\/uploads\/2025\/05\/WhatsApp-Image-2025-05-12-at-9.06.42-AM-600x450.jpeg\" role=\"button\" tabindex=\"0\" aria-label=\"Abrir la imagen 49 de 84 en pantalla completa\"srcset=\"https:\/\/i0.wp.com\/www.cisa-arica.cl\/wp1\/wp-content\/uploads\/2025\/05\/WhatsApp-Image-2025-05-12-at-9.06.42-AM-600x450.jpeg?strip=info&#038;w=600&#038;ssl=1 600w,https:\/\/i0.wp.com\/www.cisa-arica.cl\/wp1\/wp-content\/uploads\/2025\/05\/WhatsApp-Image-2025-05-12-at-9.06.42-AM-600x450.jpeg?strip=info&#038;w=900&#038;ssl=1 900w,https:\/\/i0.wp.com\/www.cisa-arica.cl\/wp1\/wp-content\/uploads\/2025\/05\/WhatsApp-Image-2025-05-12-at-9.06.42-AM-600x450.jpeg?strip=info&#038;w=1200&#038;ssl=1 1200w,https:\/\/i0.wp.com\/www.cisa-arica.cl\/wp1\/wp-content\/uploads\/2025\/05\/WhatsApp-Image-2025-05-12-at-9.06.42-AM-600x450.jpeg?strip=info&#038;w=1280&#038;ssl=1 1280w\" alt=\"\" data-height=\"960\" data-id=\"28244\" data-link=\"https:\/\/www.cisa-arica.cl\/wp1\/?attachment_id=28244\" data-url=\"https:\/\/www.cisa-arica.cl\/wp1\/wp-content\/uploads\/2025\/05\/WhatsApp-Image-2025-05-12-at-9.06.42-AM-600x450.jpeg\" data-width=\"1280\" src=\"https:\/\/i0.wp.com\/www.cisa-arica.cl\/wp1\/wp-content\/uploads\/2025\/05\/WhatsApp-Image-2025-05-12-at-9.06.42-AM-600x450.jpeg?ssl=1\" data-amp-layout=\"responsive\"\/><\/figure><figure class=\"tiled-gallery__item\"><img decoding=\"async\" data-attachment-id=\"28245\" data-permalink=\"https:\/\/www.cisa-arica.cl\/wp1\/2025\/04\/30\/conmemoracion-dia-del-libro-2025\/whatsapp-image-2025-05-12-at-9-06-42-am-2\/\" data-orig-file=\"https:\/\/www.cisa-arica.cl\/wp1\/wp-content\/uploads\/2025\/05\/WhatsApp-Image-2025-05-12-at-9.06.42-AM-2.jpeg\" data-orig-size=\"1280,960\" data-comments-opened=\"0\" data-image-meta=\"{&quot;aperture&quot;:&quot;0&quot;,&quot;credit&quot;:&quot;&quot;,&quot;camera&quot;:&quot;&quot;,&quot;caption&quot;:&quot;&quot;,&quot;created_timestamp&quot;:&quot;0&quot;,&quot;copyright&quot;:&quot;&quot;,&quot;focal_length&quot;:&quot;0&quot;,&quot;iso&quot;:&quot;0&quot;,&quot;shutter_speed&quot;:&quot;0&quot;,&quot;title&quot;:&quot;&quot;,&quot;orientation&quot;:&quot;0&quot;}\" data-image-title=\"WhatsApp-Image-2025-05-12-at-9.06.42-AM-2\" data-image-description=\"\" data-image-caption=\"\" data-large-file=\"https:\/\/www.cisa-arica.cl\/wp1\/wp-content\/uploads\/2025\/05\/WhatsApp-Image-2025-05-12-at-9.06.42-AM-2-600x450.jpeg\" data-attachment-id=\"28245\" data-permalink=\"https:\/\/www.cisa-arica.cl\/wp1\/2025\/04\/30\/conmemoracion-dia-del-libro-2025\/whatsapp-image-2025-05-12-at-9-06-42-am-2\/\" data-orig-file=\"https:\/\/www.cisa-arica.cl\/wp1\/wp-content\/uploads\/2025\/05\/WhatsApp-Image-2025-05-12-at-9.06.42-AM-2.jpeg\" data-orig-size=\"1280,960\" data-comments-opened=\"0\" data-image-meta=\"{&quot;aperture&quot;:&quot;0&quot;,&quot;credit&quot;:&quot;&quot;,&quot;camera&quot;:&quot;&quot;,&quot;caption&quot;:&quot;&quot;,&quot;created_timestamp&quot;:&quot;0&quot;,&quot;copyright&quot;:&quot;&quot;,&quot;focal_length&quot;:&quot;0&quot;,&quot;iso&quot;:&quot;0&quot;,&quot;shutter_speed&quot;:&quot;0&quot;,&quot;title&quot;:&quot;&quot;,&quot;orientation&quot;:&quot;0&quot;}\" data-image-title=\"WhatsApp-Image-2025-05-12-at-9.06.42-AM-2\" data-image-description=\"\" data-image-caption=\"\" data-large-file=\"https:\/\/www.cisa-arica.cl\/wp1\/wp-content\/uploads\/2025\/05\/WhatsApp-Image-2025-05-12-at-9.06.42-AM-2-600x450.jpeg\" role=\"button\" tabindex=\"0\" aria-label=\"Abrir la imagen 50 de 84 en pantalla completa\"srcset=\"https:\/\/i2.wp.com\/www.cisa-arica.cl\/wp1\/wp-content\/uploads\/2025\/05\/WhatsApp-Image-2025-05-12-at-9.06.42-AM-2-600x450.jpeg?strip=info&#038;w=600&#038;ssl=1 600w,https:\/\/i2.wp.com\/www.cisa-arica.cl\/wp1\/wp-content\/uploads\/2025\/05\/WhatsApp-Image-2025-05-12-at-9.06.42-AM-2-600x450.jpeg?strip=info&#038;w=900&#038;ssl=1 900w,https:\/\/i2.wp.com\/www.cisa-arica.cl\/wp1\/wp-content\/uploads\/2025\/05\/WhatsApp-Image-2025-05-12-at-9.06.42-AM-2-600x450.jpeg?strip=info&#038;w=1200&#038;ssl=1 1200w,https:\/\/i2.wp.com\/www.cisa-arica.cl\/wp1\/wp-content\/uploads\/2025\/05\/WhatsApp-Image-2025-05-12-at-9.06.42-AM-2-600x450.jpeg?strip=info&#038;w=1280&#038;ssl=1 1280w\" alt=\"\" data-height=\"960\" data-id=\"28245\" data-link=\"https:\/\/www.cisa-arica.cl\/wp1\/?attachment_id=28245\" data-url=\"https:\/\/www.cisa-arica.cl\/wp1\/wp-content\/uploads\/2025\/05\/WhatsApp-Image-2025-05-12-at-9.06.42-AM-2-600x450.jpeg\" data-width=\"1280\" src=\"https:\/\/i2.wp.com\/www.cisa-arica.cl\/wp1\/wp-content\/uploads\/2025\/05\/WhatsApp-Image-2025-05-12-at-9.06.42-AM-2-600x450.jpeg?ssl=1\" data-amp-layout=\"responsive\"\/><\/figure><\/div><div class=\"tiled-gallery__col\" style=\"flex-basis:53.05395%\"><figure class=\"tiled-gallery__item\"><img decoding=\"async\" data-attachment-id=\"28246\" data-permalink=\"https:\/\/www.cisa-arica.cl\/wp1\/2025\/04\/30\/conmemoracion-dia-del-libro-2025\/whatsapp-image-2025-05-12-at-9-06-42-am-1\/\" data-orig-file=\"https:\/\/www.cisa-arica.cl\/wp1\/wp-content\/uploads\/2025\/05\/WhatsApp-Image-2025-05-12-at-9.06.42-AM-1.jpeg\" data-orig-size=\"960,1280\" data-comments-opened=\"0\" data-image-meta=\"{&quot;aperture&quot;:&quot;0&quot;,&quot;credit&quot;:&quot;&quot;,&quot;camera&quot;:&quot;&quot;,&quot;caption&quot;:&quot;&quot;,&quot;created_timestamp&quot;:&quot;0&quot;,&quot;copyright&quot;:&quot;&quot;,&quot;focal_length&quot;:&quot;0&quot;,&quot;iso&quot;:&quot;0&quot;,&quot;shutter_speed&quot;:&quot;0&quot;,&quot;title&quot;:&quot;&quot;,&quot;orientation&quot;:&quot;0&quot;}\" data-image-title=\"WhatsApp-Image-2025-05-12-at-9.06.42-AM-1\" data-image-description=\"\" data-image-caption=\"\" data-large-file=\"https:\/\/www.cisa-arica.cl\/wp1\/wp-content\/uploads\/2025\/05\/WhatsApp-Image-2025-05-12-at-9.06.42-AM-1-450x600.jpeg\" data-attachment-id=\"28246\" data-permalink=\"https:\/\/www.cisa-arica.cl\/wp1\/2025\/04\/30\/conmemoracion-dia-del-libro-2025\/whatsapp-image-2025-05-12-at-9-06-42-am-1\/\" data-orig-file=\"https:\/\/www.cisa-arica.cl\/wp1\/wp-content\/uploads\/2025\/05\/WhatsApp-Image-2025-05-12-at-9.06.42-AM-1.jpeg\" data-orig-size=\"960,1280\" data-comments-opened=\"0\" data-image-meta=\"{&quot;aperture&quot;:&quot;0&quot;,&quot;credit&quot;:&quot;&quot;,&quot;camera&quot;:&quot;&quot;,&quot;caption&quot;:&quot;&quot;,&quot;created_timestamp&quot;:&quot;0&quot;,&quot;copyright&quot;:&quot;&quot;,&quot;focal_length&quot;:&quot;0&quot;,&quot;iso&quot;:&quot;0&quot;,&quot;shutter_speed&quot;:&quot;0&quot;,&quot;title&quot;:&quot;&quot;,&quot;orientation&quot;:&quot;0&quot;}\" data-image-title=\"WhatsApp-Image-2025-05-12-at-9.06.42-AM-1\" data-image-description=\"\" data-image-caption=\"\" data-large-file=\"https:\/\/www.cisa-arica.cl\/wp1\/wp-content\/uploads\/2025\/05\/WhatsApp-Image-2025-05-12-at-9.06.42-AM-1-450x600.jpeg\" role=\"button\" tabindex=\"0\" aria-label=\"Abrir la imagen 51 de 84 en pantalla completa\"srcset=\"https:\/\/i1.wp.com\/www.cisa-arica.cl\/wp1\/wp-content\/uploads\/2025\/05\/WhatsApp-Image-2025-05-12-at-9.06.42-AM-1-450x600.jpeg?strip=info&#038;w=600&#038;ssl=1 600w,https:\/\/i1.wp.com\/www.cisa-arica.cl\/wp1\/wp-content\/uploads\/2025\/05\/WhatsApp-Image-2025-05-12-at-9.06.42-AM-1-450x600.jpeg?strip=info&#038;w=900&#038;ssl=1 900w,https:\/\/i1.wp.com\/www.cisa-arica.cl\/wp1\/wp-content\/uploads\/2025\/05\/WhatsApp-Image-2025-05-12-at-9.06.42-AM-1-450x600.jpeg?strip=info&#038;w=960&#038;ssl=1 960w\" alt=\"\" data-height=\"1280\" data-id=\"28246\" data-link=\"https:\/\/www.cisa-arica.cl\/wp1\/?attachment_id=28246\" data-url=\"https:\/\/www.cisa-arica.cl\/wp1\/wp-content\/uploads\/2025\/05\/WhatsApp-Image-2025-05-12-at-9.06.42-AM-1-450x600.jpeg\" data-width=\"960\" src=\"https:\/\/i1.wp.com\/www.cisa-arica.cl\/wp1\/wp-content\/uploads\/2025\/05\/WhatsApp-Image-2025-05-12-at-9.06.42-AM-1-450x600.jpeg?ssl=1\" data-amp-layout=\"responsive\"\/><\/figure><\/div><\/div><div class=\"tiled-gallery__row\"><div class=\"tiled-gallery__col\" style=\"flex-basis:25.00000%\"><figure class=\"tiled-gallery__item\"><img decoding=\"async\" data-attachment-id=\"28247\" data-permalink=\"https:\/\/www.cisa-arica.cl\/wp1\/2025\/04\/30\/conmemoracion-dia-del-libro-2025\/whatsapp-image-2025-05-12-at-9-06-41-am\/\" data-orig-file=\"https:\/\/www.cisa-arica.cl\/wp1\/wp-content\/uploads\/2025\/05\/WhatsApp-Image-2025-05-12-at-9.06.41-AM.jpeg\" data-orig-size=\"960,1280\" data-comments-opened=\"0\" data-image-meta=\"{&quot;aperture&quot;:&quot;0&quot;,&quot;credit&quot;:&quot;&quot;,&quot;camera&quot;:&quot;&quot;,&quot;caption&quot;:&quot;&quot;,&quot;created_timestamp&quot;:&quot;0&quot;,&quot;copyright&quot;:&quot;&quot;,&quot;focal_length&quot;:&quot;0&quot;,&quot;iso&quot;:&quot;0&quot;,&quot;shutter_speed&quot;:&quot;0&quot;,&quot;title&quot;:&quot;&quot;,&quot;orientation&quot;:&quot;0&quot;}\" data-image-title=\"WhatsApp-Image-2025-05-12-at-9.06.41-AM\" data-image-description=\"\" data-image-caption=\"\" data-large-file=\"https:\/\/www.cisa-arica.cl\/wp1\/wp-content\/uploads\/2025\/05\/WhatsApp-Image-2025-05-12-at-9.06.41-AM-450x600.jpeg\" data-attachment-id=\"28247\" data-permalink=\"https:\/\/www.cisa-arica.cl\/wp1\/2025\/04\/30\/conmemoracion-dia-del-libro-2025\/whatsapp-image-2025-05-12-at-9-06-41-am\/\" data-orig-file=\"https:\/\/www.cisa-arica.cl\/wp1\/wp-content\/uploads\/2025\/05\/WhatsApp-Image-2025-05-12-at-9.06.41-AM.jpeg\" data-orig-size=\"960,1280\" data-comments-opened=\"0\" data-image-meta=\"{&quot;aperture&quot;:&quot;0&quot;,&quot;credit&quot;:&quot;&quot;,&quot;camera&quot;:&quot;&quot;,&quot;caption&quot;:&quot;&quot;,&quot;created_timestamp&quot;:&quot;0&quot;,&quot;copyright&quot;:&quot;&quot;,&quot;focal_length&quot;:&quot;0&quot;,&quot;iso&quot;:&quot;0&quot;,&quot;shutter_speed&quot;:&quot;0&quot;,&quot;title&quot;:&quot;&quot;,&quot;orientation&quot;:&quot;0&quot;}\" data-image-title=\"WhatsApp-Image-2025-05-12-at-9.06.41-AM\" data-image-description=\"\" data-image-caption=\"\" data-large-file=\"https:\/\/www.cisa-arica.cl\/wp1\/wp-content\/uploads\/2025\/05\/WhatsApp-Image-2025-05-12-at-9.06.41-AM-450x600.jpeg\" role=\"button\" tabindex=\"0\" aria-label=\"Abrir la imagen 52 de 84 en pantalla completa\"srcset=\"https:\/\/i0.wp.com\/www.cisa-arica.cl\/wp1\/wp-content\/uploads\/2025\/05\/WhatsApp-Image-2025-05-12-at-9.06.41-AM-450x600.jpeg?strip=info&#038;w=600&#038;ssl=1 600w,https:\/\/i0.wp.com\/www.cisa-arica.cl\/wp1\/wp-content\/uploads\/2025\/05\/WhatsApp-Image-2025-05-12-at-9.06.41-AM-450x600.jpeg?strip=info&#038;w=900&#038;ssl=1 900w,https:\/\/i0.wp.com\/www.cisa-arica.cl\/wp1\/wp-content\/uploads\/2025\/05\/WhatsApp-Image-2025-05-12-at-9.06.41-AM-450x600.jpeg?strip=info&#038;w=960&#038;ssl=1 960w\" alt=\"\" data-height=\"1280\" data-id=\"28247\" data-link=\"https:\/\/www.cisa-arica.cl\/wp1\/?attachment_id=28247\" data-url=\"https:\/\/www.cisa-arica.cl\/wp1\/wp-content\/uploads\/2025\/05\/WhatsApp-Image-2025-05-12-at-9.06.41-AM-450x600.jpeg\" data-width=\"960\" src=\"https:\/\/i0.wp.com\/www.cisa-arica.cl\/wp1\/wp-content\/uploads\/2025\/05\/WhatsApp-Image-2025-05-12-at-9.06.41-AM-450x600.jpeg?ssl=1\" data-amp-layout=\"responsive\"\/><\/figure><\/div><div class=\"tiled-gallery__col\" style=\"flex-basis:25.00000%\"><figure class=\"tiled-gallery__item\"><img decoding=\"async\" data-attachment-id=\"28248\" data-permalink=\"https:\/\/www.cisa-arica.cl\/wp1\/2025\/04\/30\/conmemoracion-dia-del-libro-2025\/whatsapp-image-2025-05-12-at-9-06-41-am-2\/\" data-orig-file=\"https:\/\/www.cisa-arica.cl\/wp1\/wp-content\/uploads\/2025\/05\/WhatsApp-Image-2025-05-12-at-9.06.41-AM-2.jpeg\" data-orig-size=\"960,1280\" data-comments-opened=\"0\" data-image-meta=\"{&quot;aperture&quot;:&quot;0&quot;,&quot;credit&quot;:&quot;&quot;,&quot;camera&quot;:&quot;&quot;,&quot;caption&quot;:&quot;&quot;,&quot;created_timestamp&quot;:&quot;0&quot;,&quot;copyright&quot;:&quot;&quot;,&quot;focal_length&quot;:&quot;0&quot;,&quot;iso&quot;:&quot;0&quot;,&quot;shutter_speed&quot;:&quot;0&quot;,&quot;title&quot;:&quot;&quot;,&quot;orientation&quot;:&quot;0&quot;}\" data-image-title=\"WhatsApp-Image-2025-05-12-at-9.06.41-AM-2\" data-image-description=\"\" data-image-caption=\"\" data-large-file=\"https:\/\/www.cisa-arica.cl\/wp1\/wp-content\/uploads\/2025\/05\/WhatsApp-Image-2025-05-12-at-9.06.41-AM-2-450x600.jpeg\" data-attachment-id=\"28248\" data-permalink=\"https:\/\/www.cisa-arica.cl\/wp1\/2025\/04\/30\/conmemoracion-dia-del-libro-2025\/whatsapp-image-2025-05-12-at-9-06-41-am-2\/\" data-orig-file=\"https:\/\/www.cisa-arica.cl\/wp1\/wp-content\/uploads\/2025\/05\/WhatsApp-Image-2025-05-12-at-9.06.41-AM-2.jpeg\" data-orig-size=\"960,1280\" data-comments-opened=\"0\" data-image-meta=\"{&quot;aperture&quot;:&quot;0&quot;,&quot;credit&quot;:&quot;&quot;,&quot;camera&quot;:&quot;&quot;,&quot;caption&quot;:&quot;&quot;,&quot;created_timestamp&quot;:&quot;0&quot;,&quot;copyright&quot;:&quot;&quot;,&quot;focal_length&quot;:&quot;0&quot;,&quot;iso&quot;:&quot;0&quot;,&quot;shutter_speed&quot;:&quot;0&quot;,&quot;title&quot;:&quot;&quot;,&quot;orientation&quot;:&quot;0&quot;}\" data-image-title=\"WhatsApp-Image-2025-05-12-at-9.06.41-AM-2\" data-image-description=\"\" data-image-caption=\"\" data-large-file=\"https:\/\/www.cisa-arica.cl\/wp1\/wp-content\/uploads\/2025\/05\/WhatsApp-Image-2025-05-12-at-9.06.41-AM-2-450x600.jpeg\" role=\"button\" tabindex=\"0\" aria-label=\"Abrir la imagen 53 de 84 en pantalla completa\"srcset=\"https:\/\/i0.wp.com\/www.cisa-arica.cl\/wp1\/wp-content\/uploads\/2025\/05\/WhatsApp-Image-2025-05-12-at-9.06.41-AM-2-450x600.jpeg?strip=info&#038;w=600&#038;ssl=1 600w,https:\/\/i0.wp.com\/www.cisa-arica.cl\/wp1\/wp-content\/uploads\/2025\/05\/WhatsApp-Image-2025-05-12-at-9.06.41-AM-2-450x600.jpeg?strip=info&#038;w=900&#038;ssl=1 900w,https:\/\/i0.wp.com\/www.cisa-arica.cl\/wp1\/wp-content\/uploads\/2025\/05\/WhatsApp-Image-2025-05-12-at-9.06.41-AM-2-450x600.jpeg?strip=info&#038;w=960&#038;ssl=1 960w\" alt=\"\" data-height=\"1280\" data-id=\"28248\" data-link=\"https:\/\/www.cisa-arica.cl\/wp1\/?attachment_id=28248\" data-url=\"https:\/\/www.cisa-arica.cl\/wp1\/wp-content\/uploads\/2025\/05\/WhatsApp-Image-2025-05-12-at-9.06.41-AM-2-450x600.jpeg\" data-width=\"960\" src=\"https:\/\/i0.wp.com\/www.cisa-arica.cl\/wp1\/wp-content\/uploads\/2025\/05\/WhatsApp-Image-2025-05-12-at-9.06.41-AM-2-450x600.jpeg?ssl=1\" data-amp-layout=\"responsive\"\/><\/figure><\/div><div class=\"tiled-gallery__col\" style=\"flex-basis:25.00000%\"><figure class=\"tiled-gallery__item\"><img decoding=\"async\" data-attachment-id=\"28249\" data-permalink=\"https:\/\/www.cisa-arica.cl\/wp1\/2025\/04\/30\/conmemoracion-dia-del-libro-2025\/whatsapp-image-2025-05-12-at-9-06-41-am-1\/\" data-orig-file=\"https:\/\/www.cisa-arica.cl\/wp1\/wp-content\/uploads\/2025\/05\/WhatsApp-Image-2025-05-12-at-9.06.41-AM-1.jpeg\" data-orig-size=\"960,1280\" data-comments-opened=\"0\" data-image-meta=\"{&quot;aperture&quot;:&quot;0&quot;,&quot;credit&quot;:&quot;&quot;,&quot;camera&quot;:&quot;&quot;,&quot;caption&quot;:&quot;&quot;,&quot;created_timestamp&quot;:&quot;0&quot;,&quot;copyright&quot;:&quot;&quot;,&quot;focal_length&quot;:&quot;0&quot;,&quot;iso&quot;:&quot;0&quot;,&quot;shutter_speed&quot;:&quot;0&quot;,&quot;title&quot;:&quot;&quot;,&quot;orientation&quot;:&quot;0&quot;}\" data-image-title=\"WhatsApp-Image-2025-05-12-at-9.06.41-AM-1\" data-image-description=\"\" data-image-caption=\"\" data-large-file=\"https:\/\/www.cisa-arica.cl\/wp1\/wp-content\/uploads\/2025\/05\/WhatsApp-Image-2025-05-12-at-9.06.41-AM-1-450x600.jpeg\" data-attachment-id=\"28249\" data-permalink=\"https:\/\/www.cisa-arica.cl\/wp1\/2025\/04\/30\/conmemoracion-dia-del-libro-2025\/whatsapp-image-2025-05-12-at-9-06-41-am-1\/\" data-orig-file=\"https:\/\/www.cisa-arica.cl\/wp1\/wp-content\/uploads\/2025\/05\/WhatsApp-Image-2025-05-12-at-9.06.41-AM-1.jpeg\" data-orig-size=\"960,1280\" data-comments-opened=\"0\" data-image-meta=\"{&quot;aperture&quot;:&quot;0&quot;,&quot;credit&quot;:&quot;&quot;,&quot;camera&quot;:&quot;&quot;,&quot;caption&quot;:&quot;&quot;,&quot;created_timestamp&quot;:&quot;0&quot;,&quot;copyright&quot;:&quot;&quot;,&quot;focal_length&quot;:&quot;0&quot;,&quot;iso&quot;:&quot;0&quot;,&quot;shutter_speed&quot;:&quot;0&quot;,&quot;title&quot;:&quot;&quot;,&quot;orientation&quot;:&quot;0&quot;}\" data-image-title=\"WhatsApp-Image-2025-05-12-at-9.06.41-AM-1\" data-image-description=\"\" data-image-caption=\"\" data-large-file=\"https:\/\/www.cisa-arica.cl\/wp1\/wp-content\/uploads\/2025\/05\/WhatsApp-Image-2025-05-12-at-9.06.41-AM-1-450x600.jpeg\" role=\"button\" tabindex=\"0\" aria-label=\"Abrir la imagen 54 de 84 en pantalla completa\"srcset=\"https:\/\/i0.wp.com\/www.cisa-arica.cl\/wp1\/wp-content\/uploads\/2025\/05\/WhatsApp-Image-2025-05-12-at-9.06.41-AM-1-450x600.jpeg?strip=info&#038;w=600&#038;ssl=1 600w,https:\/\/i0.wp.com\/www.cisa-arica.cl\/wp1\/wp-content\/uploads\/2025\/05\/WhatsApp-Image-2025-05-12-at-9.06.41-AM-1-450x600.jpeg?strip=info&#038;w=900&#038;ssl=1 900w,https:\/\/i0.wp.com\/www.cisa-arica.cl\/wp1\/wp-content\/uploads\/2025\/05\/WhatsApp-Image-2025-05-12-at-9.06.41-AM-1-450x600.jpeg?strip=info&#038;w=960&#038;ssl=1 960w\" alt=\"\" data-height=\"1280\" data-id=\"28249\" data-link=\"https:\/\/www.cisa-arica.cl\/wp1\/?attachment_id=28249\" data-url=\"https:\/\/www.cisa-arica.cl\/wp1\/wp-content\/uploads\/2025\/05\/WhatsApp-Image-2025-05-12-at-9.06.41-AM-1-450x600.jpeg\" data-width=\"960\" src=\"https:\/\/i0.wp.com\/www.cisa-arica.cl\/wp1\/wp-content\/uploads\/2025\/05\/WhatsApp-Image-2025-05-12-at-9.06.41-AM-1-450x600.jpeg?ssl=1\" data-amp-layout=\"responsive\"\/><\/figure><\/div><div class=\"tiled-gallery__col\" style=\"flex-basis:25.00000%\"><figure class=\"tiled-gallery__item\"><img decoding=\"async\" data-attachment-id=\"28250\" data-permalink=\"https:\/\/www.cisa-arica.cl\/wp1\/2025\/04\/30\/conmemoracion-dia-del-libro-2025\/whatsapp-image-2025-05-12-at-9-06-40-am\/\" data-orig-file=\"https:\/\/www.cisa-arica.cl\/wp1\/wp-content\/uploads\/2025\/05\/WhatsApp-Image-2025-05-12-at-9.06.40-AM.jpeg\" data-orig-size=\"960,1280\" data-comments-opened=\"0\" data-image-meta=\"{&quot;aperture&quot;:&quot;0&quot;,&quot;credit&quot;:&quot;&quot;,&quot;camera&quot;:&quot;&quot;,&quot;caption&quot;:&quot;&quot;,&quot;created_timestamp&quot;:&quot;0&quot;,&quot;copyright&quot;:&quot;&quot;,&quot;focal_length&quot;:&quot;0&quot;,&quot;iso&quot;:&quot;0&quot;,&quot;shutter_speed&quot;:&quot;0&quot;,&quot;title&quot;:&quot;&quot;,&quot;orientation&quot;:&quot;0&quot;}\" data-image-title=\"WhatsApp-Image-2025-05-12-at-9.06.40-AM\" data-image-description=\"\" data-image-caption=\"\" data-large-file=\"https:\/\/www.cisa-arica.cl\/wp1\/wp-content\/uploads\/2025\/05\/WhatsApp-Image-2025-05-12-at-9.06.40-AM-450x600.jpeg\" data-attachment-id=\"28250\" data-permalink=\"https:\/\/www.cisa-arica.cl\/wp1\/2025\/04\/30\/conmemoracion-dia-del-libro-2025\/whatsapp-image-2025-05-12-at-9-06-40-am\/\" data-orig-file=\"https:\/\/www.cisa-arica.cl\/wp1\/wp-content\/uploads\/2025\/05\/WhatsApp-Image-2025-05-12-at-9.06.40-AM.jpeg\" data-orig-size=\"960,1280\" data-comments-opened=\"0\" data-image-meta=\"{&quot;aperture&quot;:&quot;0&quot;,&quot;credit&quot;:&quot;&quot;,&quot;camera&quot;:&quot;&quot;,&quot;caption&quot;:&quot;&quot;,&quot;created_timestamp&quot;:&quot;0&quot;,&quot;copyright&quot;:&quot;&quot;,&quot;focal_length&quot;:&quot;0&quot;,&quot;iso&quot;:&quot;0&quot;,&quot;shutter_speed&quot;:&quot;0&quot;,&quot;title&quot;:&quot;&quot;,&quot;orientation&quot;:&quot;0&quot;}\" data-image-title=\"WhatsApp-Image-2025-05-12-at-9.06.40-AM\" data-image-description=\"\" data-image-caption=\"\" data-large-file=\"https:\/\/www.cisa-arica.cl\/wp1\/wp-content\/uploads\/2025\/05\/WhatsApp-Image-2025-05-12-at-9.06.40-AM-450x600.jpeg\" role=\"button\" tabindex=\"0\" aria-label=\"Abrir la imagen 55 de 84 en pantalla completa\"srcset=\"https:\/\/i2.wp.com\/www.cisa-arica.cl\/wp1\/wp-content\/uploads\/2025\/05\/WhatsApp-Image-2025-05-12-at-9.06.40-AM-450x600.jpeg?strip=info&#038;w=600&#038;ssl=1 600w,https:\/\/i2.wp.com\/www.cisa-arica.cl\/wp1\/wp-content\/uploads\/2025\/05\/WhatsApp-Image-2025-05-12-at-9.06.40-AM-450x600.jpeg?strip=info&#038;w=900&#038;ssl=1 900w,https:\/\/i2.wp.com\/www.cisa-arica.cl\/wp1\/wp-content\/uploads\/2025\/05\/WhatsApp-Image-2025-05-12-at-9.06.40-AM-450x600.jpeg?strip=info&#038;w=960&#038;ssl=1 960w\" alt=\"\" data-height=\"1280\" data-id=\"28250\" data-link=\"https:\/\/www.cisa-arica.cl\/wp1\/?attachment_id=28250\" data-url=\"https:\/\/www.cisa-arica.cl\/wp1\/wp-content\/uploads\/2025\/05\/WhatsApp-Image-2025-05-12-at-9.06.40-AM-450x600.jpeg\" data-width=\"960\" src=\"https:\/\/i2.wp.com\/www.cisa-arica.cl\/wp1\/wp-content\/uploads\/2025\/05\/WhatsApp-Image-2025-05-12-at-9.06.40-AM-450x600.jpeg?ssl=1\" data-amp-layout=\"responsive\"\/><\/figure><\/div><\/div><div class=\"tiled-gallery__row\"><div class=\"tiled-gallery__col\" style=\"flex-basis:50.00000%\"><figure class=\"tiled-gallery__item\"><img decoding=\"async\" data-attachment-id=\"28251\" data-permalink=\"https:\/\/www.cisa-arica.cl\/wp1\/2025\/04\/30\/conmemoracion-dia-del-libro-2025\/whatsapp-image-2025-05-12-at-9-06-40-am-2\/\" data-orig-file=\"https:\/\/www.cisa-arica.cl\/wp1\/wp-content\/uploads\/2025\/05\/WhatsApp-Image-2025-05-12-at-9.06.40-AM-2.jpeg\" data-orig-size=\"960,1280\" data-comments-opened=\"0\" data-image-meta=\"{&quot;aperture&quot;:&quot;0&quot;,&quot;credit&quot;:&quot;&quot;,&quot;camera&quot;:&quot;&quot;,&quot;caption&quot;:&quot;&quot;,&quot;created_timestamp&quot;:&quot;0&quot;,&quot;copyright&quot;:&quot;&quot;,&quot;focal_length&quot;:&quot;0&quot;,&quot;iso&quot;:&quot;0&quot;,&quot;shutter_speed&quot;:&quot;0&quot;,&quot;title&quot;:&quot;&quot;,&quot;orientation&quot;:&quot;0&quot;}\" data-image-title=\"WhatsApp-Image-2025-05-12-at-9.06.40-AM-2\" data-image-description=\"\" data-image-caption=\"\" data-large-file=\"https:\/\/www.cisa-arica.cl\/wp1\/wp-content\/uploads\/2025\/05\/WhatsApp-Image-2025-05-12-at-9.06.40-AM-2-450x600.jpeg\" data-attachment-id=\"28251\" data-permalink=\"https:\/\/www.cisa-arica.cl\/wp1\/2025\/04\/30\/conmemoracion-dia-del-libro-2025\/whatsapp-image-2025-05-12-at-9-06-40-am-2\/\" data-orig-file=\"https:\/\/www.cisa-arica.cl\/wp1\/wp-content\/uploads\/2025\/05\/WhatsApp-Image-2025-05-12-at-9.06.40-AM-2.jpeg\" data-orig-size=\"960,1280\" data-comments-opened=\"0\" data-image-meta=\"{&quot;aperture&quot;:&quot;0&quot;,&quot;credit&quot;:&quot;&quot;,&quot;camera&quot;:&quot;&quot;,&quot;caption&quot;:&quot;&quot;,&quot;created_timestamp&quot;:&quot;0&quot;,&quot;copyright&quot;:&quot;&quot;,&quot;focal_length&quot;:&quot;0&quot;,&quot;iso&quot;:&quot;0&quot;,&quot;shutter_speed&quot;:&quot;0&quot;,&quot;title&quot;:&quot;&quot;,&quot;orientation&quot;:&quot;0&quot;}\" data-image-title=\"WhatsApp-Image-2025-05-12-at-9.06.40-AM-2\" data-image-description=\"\" data-image-caption=\"\" data-large-file=\"https:\/\/www.cisa-arica.cl\/wp1\/wp-content\/uploads\/2025\/05\/WhatsApp-Image-2025-05-12-at-9.06.40-AM-2-450x600.jpeg\" role=\"button\" tabindex=\"0\" aria-label=\"Abrir la imagen 56 de 84 en pantalla completa\"srcset=\"https:\/\/i0.wp.com\/www.cisa-arica.cl\/wp1\/wp-content\/uploads\/2025\/05\/WhatsApp-Image-2025-05-12-at-9.06.40-AM-2-450x600.jpeg?strip=info&#038;w=600&#038;ssl=1 600w,https:\/\/i0.wp.com\/www.cisa-arica.cl\/wp1\/wp-content\/uploads\/2025\/05\/WhatsApp-Image-2025-05-12-at-9.06.40-AM-2-450x600.jpeg?strip=info&#038;w=900&#038;ssl=1 900w,https:\/\/i0.wp.com\/www.cisa-arica.cl\/wp1\/wp-content\/uploads\/2025\/05\/WhatsApp-Image-2025-05-12-at-9.06.40-AM-2-450x600.jpeg?strip=info&#038;w=960&#038;ssl=1 960w\" alt=\"\" data-height=\"1280\" data-id=\"28251\" data-link=\"https:\/\/www.cisa-arica.cl\/wp1\/?attachment_id=28251\" data-url=\"https:\/\/www.cisa-arica.cl\/wp1\/wp-content\/uploads\/2025\/05\/WhatsApp-Image-2025-05-12-at-9.06.40-AM-2-450x600.jpeg\" data-width=\"960\" src=\"https:\/\/i0.wp.com\/www.cisa-arica.cl\/wp1\/wp-content\/uploads\/2025\/05\/WhatsApp-Image-2025-05-12-at-9.06.40-AM-2-450x600.jpeg?ssl=1\" data-amp-layout=\"responsive\"\/><\/figure><\/div><div class=\"tiled-gallery__col\" style=\"flex-basis:50.00000%\"><figure class=\"tiled-gallery__item\"><img decoding=\"async\" data-attachment-id=\"28252\" data-permalink=\"https:\/\/www.cisa-arica.cl\/wp1\/2025\/04\/30\/conmemoracion-dia-del-libro-2025\/whatsapp-image-2025-05-12-at-9-06-40-am-1\/\" data-orig-file=\"https:\/\/www.cisa-arica.cl\/wp1\/wp-content\/uploads\/2025\/05\/WhatsApp-Image-2025-05-12-at-9.06.40-AM-1.jpeg\" data-orig-size=\"960,1280\" data-comments-opened=\"0\" data-image-meta=\"{&quot;aperture&quot;:&quot;0&quot;,&quot;credit&quot;:&quot;&quot;,&quot;camera&quot;:&quot;&quot;,&quot;caption&quot;:&quot;&quot;,&quot;created_timestamp&quot;:&quot;0&quot;,&quot;copyright&quot;:&quot;&quot;,&quot;focal_length&quot;:&quot;0&quot;,&quot;iso&quot;:&quot;0&quot;,&quot;shutter_speed&quot;:&quot;0&quot;,&quot;title&quot;:&quot;&quot;,&quot;orientation&quot;:&quot;0&quot;}\" data-image-title=\"WhatsApp-Image-2025-05-12-at-9.06.40-AM-1\" data-image-description=\"\" data-image-caption=\"\" data-large-file=\"https:\/\/www.cisa-arica.cl\/wp1\/wp-content\/uploads\/2025\/05\/WhatsApp-Image-2025-05-12-at-9.06.40-AM-1-450x600.jpeg\" data-attachment-id=\"28252\" data-permalink=\"https:\/\/www.cisa-arica.cl\/wp1\/2025\/04\/30\/conmemoracion-dia-del-libro-2025\/whatsapp-image-2025-05-12-at-9-06-40-am-1\/\" data-orig-file=\"https:\/\/www.cisa-arica.cl\/wp1\/wp-content\/uploads\/2025\/05\/WhatsApp-Image-2025-05-12-at-9.06.40-AM-1.jpeg\" data-orig-size=\"960,1280\" data-comments-opened=\"0\" data-image-meta=\"{&quot;aperture&quot;:&quot;0&quot;,&quot;credit&quot;:&quot;&quot;,&quot;camera&quot;:&quot;&quot;,&quot;caption&quot;:&quot;&quot;,&quot;created_timestamp&quot;:&quot;0&quot;,&quot;copyright&quot;:&quot;&quot;,&quot;focal_length&quot;:&quot;0&quot;,&quot;iso&quot;:&quot;0&quot;,&quot;shutter_speed&quot;:&quot;0&quot;,&quot;title&quot;:&quot;&quot;,&quot;orientation&quot;:&quot;0&quot;}\" data-image-title=\"WhatsApp-Image-2025-05-12-at-9.06.40-AM-1\" data-image-description=\"\" data-image-caption=\"\" data-large-file=\"https:\/\/www.cisa-arica.cl\/wp1\/wp-content\/uploads\/2025\/05\/WhatsApp-Image-2025-05-12-at-9.06.40-AM-1-450x600.jpeg\" role=\"button\" tabindex=\"0\" aria-label=\"Abrir la imagen 57 de 84 en pantalla completa\"srcset=\"https:\/\/i2.wp.com\/www.cisa-arica.cl\/wp1\/wp-content\/uploads\/2025\/05\/WhatsApp-Image-2025-05-12-at-9.06.40-AM-1-450x600.jpeg?strip=info&#038;w=600&#038;ssl=1 600w,https:\/\/i2.wp.com\/www.cisa-arica.cl\/wp1\/wp-content\/uploads\/2025\/05\/WhatsApp-Image-2025-05-12-at-9.06.40-AM-1-450x600.jpeg?strip=info&#038;w=900&#038;ssl=1 900w,https:\/\/i2.wp.com\/www.cisa-arica.cl\/wp1\/wp-content\/uploads\/2025\/05\/WhatsApp-Image-2025-05-12-at-9.06.40-AM-1-450x600.jpeg?strip=info&#038;w=960&#038;ssl=1 960w\" alt=\"\" data-height=\"1280\" data-id=\"28252\" data-link=\"https:\/\/www.cisa-arica.cl\/wp1\/?attachment_id=28252\" data-url=\"https:\/\/www.cisa-arica.cl\/wp1\/wp-content\/uploads\/2025\/05\/WhatsApp-Image-2025-05-12-at-9.06.40-AM-1-450x600.jpeg\" data-width=\"960\" src=\"https:\/\/i2.wp.com\/www.cisa-arica.cl\/wp1\/wp-content\/uploads\/2025\/05\/WhatsApp-Image-2025-05-12-at-9.06.40-AM-1-450x600.jpeg?ssl=1\" data-amp-layout=\"responsive\"\/><\/figure><\/div><\/div><div class=\"tiled-gallery__row\"><div class=\"tiled-gallery__col\" style=\"flex-basis:66.74547%\"><figure class=\"tiled-gallery__item\"><img decoding=\"async\" data-attachment-id=\"28253\" data-permalink=\"https:\/\/www.cisa-arica.cl\/wp1\/2025\/04\/30\/conmemoracion-dia-del-libro-2025\/whatsapp-image-2025-05-12-at-9-06-39-am\/\" data-orig-file=\"https:\/\/www.cisa-arica.cl\/wp1\/wp-content\/uploads\/2025\/05\/WhatsApp-Image-2025-05-12-at-9.06.39-AM.jpeg\" data-orig-size=\"1280,960\" data-comments-opened=\"0\" data-image-meta=\"{&quot;aperture&quot;:&quot;0&quot;,&quot;credit&quot;:&quot;&quot;,&quot;camera&quot;:&quot;&quot;,&quot;caption&quot;:&quot;&quot;,&quot;created_timestamp&quot;:&quot;0&quot;,&quot;copyright&quot;:&quot;&quot;,&quot;focal_length&quot;:&quot;0&quot;,&quot;iso&quot;:&quot;0&quot;,&quot;shutter_speed&quot;:&quot;0&quot;,&quot;title&quot;:&quot;&quot;,&quot;orientation&quot;:&quot;0&quot;}\" data-image-title=\"WhatsApp-Image-2025-05-12-at-9.06.39-AM\" data-image-description=\"\" data-image-caption=\"\" data-large-file=\"https:\/\/www.cisa-arica.cl\/wp1\/wp-content\/uploads\/2025\/05\/WhatsApp-Image-2025-05-12-at-9.06.39-AM-600x450.jpeg\" data-attachment-id=\"28253\" data-permalink=\"https:\/\/www.cisa-arica.cl\/wp1\/2025\/04\/30\/conmemoracion-dia-del-libro-2025\/whatsapp-image-2025-05-12-at-9-06-39-am\/\" data-orig-file=\"https:\/\/www.cisa-arica.cl\/wp1\/wp-content\/uploads\/2025\/05\/WhatsApp-Image-2025-05-12-at-9.06.39-AM.jpeg\" data-orig-size=\"1280,960\" data-comments-opened=\"0\" data-image-meta=\"{&quot;aperture&quot;:&quot;0&quot;,&quot;credit&quot;:&quot;&quot;,&quot;camera&quot;:&quot;&quot;,&quot;caption&quot;:&quot;&quot;,&quot;created_timestamp&quot;:&quot;0&quot;,&quot;copyright&quot;:&quot;&quot;,&quot;focal_length&quot;:&quot;0&quot;,&quot;iso&quot;:&quot;0&quot;,&quot;shutter_speed&quot;:&quot;0&quot;,&quot;title&quot;:&quot;&quot;,&quot;orientation&quot;:&quot;0&quot;}\" data-image-title=\"WhatsApp-Image-2025-05-12-at-9.06.39-AM\" data-image-description=\"\" data-image-caption=\"\" data-large-file=\"https:\/\/www.cisa-arica.cl\/wp1\/wp-content\/uploads\/2025\/05\/WhatsApp-Image-2025-05-12-at-9.06.39-AM-600x450.jpeg\" role=\"button\" tabindex=\"0\" aria-label=\"Abrir la imagen 58 de 84 en pantalla completa\"srcset=\"https:\/\/i1.wp.com\/www.cisa-arica.cl\/wp1\/wp-content\/uploads\/2025\/05\/WhatsApp-Image-2025-05-12-at-9.06.39-AM-600x450.jpeg?strip=info&#038;w=600&#038;ssl=1 600w,https:\/\/i1.wp.com\/www.cisa-arica.cl\/wp1\/wp-content\/uploads\/2025\/05\/WhatsApp-Image-2025-05-12-at-9.06.39-AM-600x450.jpeg?strip=info&#038;w=900&#038;ssl=1 900w,https:\/\/i1.wp.com\/www.cisa-arica.cl\/wp1\/wp-content\/uploads\/2025\/05\/WhatsApp-Image-2025-05-12-at-9.06.39-AM-600x450.jpeg?strip=info&#038;w=1200&#038;ssl=1 1200w,https:\/\/i1.wp.com\/www.cisa-arica.cl\/wp1\/wp-content\/uploads\/2025\/05\/WhatsApp-Image-2025-05-12-at-9.06.39-AM-600x450.jpeg?strip=info&#038;w=1280&#038;ssl=1 1280w\" alt=\"\" data-height=\"960\" data-id=\"28253\" data-link=\"https:\/\/www.cisa-arica.cl\/wp1\/?attachment_id=28253\" data-url=\"https:\/\/www.cisa-arica.cl\/wp1\/wp-content\/uploads\/2025\/05\/WhatsApp-Image-2025-05-12-at-9.06.39-AM-600x450.jpeg\" data-width=\"1280\" src=\"https:\/\/i1.wp.com\/www.cisa-arica.cl\/wp1\/wp-content\/uploads\/2025\/05\/WhatsApp-Image-2025-05-12-at-9.06.39-AM-600x450.jpeg?ssl=1\" data-amp-layout=\"responsive\"\/><\/figure><\/div><div class=\"tiled-gallery__col\" style=\"flex-basis:33.25453%\"><figure class=\"tiled-gallery__item\"><img decoding=\"async\" data-attachment-id=\"28254\" data-permalink=\"https:\/\/www.cisa-arica.cl\/wp1\/2025\/04\/30\/conmemoracion-dia-del-libro-2025\/whatsapp-image-2025-05-12-at-9-06-39-am-1\/\" data-orig-file=\"https:\/\/www.cisa-arica.cl\/wp1\/wp-content\/uploads\/2025\/05\/WhatsApp-Image-2025-05-12-at-9.06.39-AM-1.jpeg\" data-orig-size=\"1280,960\" data-comments-opened=\"0\" data-image-meta=\"{&quot;aperture&quot;:&quot;0&quot;,&quot;credit&quot;:&quot;&quot;,&quot;camera&quot;:&quot;&quot;,&quot;caption&quot;:&quot;&quot;,&quot;created_timestamp&quot;:&quot;0&quot;,&quot;copyright&quot;:&quot;&quot;,&quot;focal_length&quot;:&quot;0&quot;,&quot;iso&quot;:&quot;0&quot;,&quot;shutter_speed&quot;:&quot;0&quot;,&quot;title&quot;:&quot;&quot;,&quot;orientation&quot;:&quot;0&quot;}\" data-image-title=\"WhatsApp-Image-2025-05-12-at-9.06.39-AM-1\" data-image-description=\"\" data-image-caption=\"\" data-large-file=\"https:\/\/www.cisa-arica.cl\/wp1\/wp-content\/uploads\/2025\/05\/WhatsApp-Image-2025-05-12-at-9.06.39-AM-1-600x450.jpeg\" data-attachment-id=\"28254\" data-permalink=\"https:\/\/www.cisa-arica.cl\/wp1\/2025\/04\/30\/conmemoracion-dia-del-libro-2025\/whatsapp-image-2025-05-12-at-9-06-39-am-1\/\" data-orig-file=\"https:\/\/www.cisa-arica.cl\/wp1\/wp-content\/uploads\/2025\/05\/WhatsApp-Image-2025-05-12-at-9.06.39-AM-1.jpeg\" data-orig-size=\"1280,960\" data-comments-opened=\"0\" data-image-meta=\"{&quot;aperture&quot;:&quot;0&quot;,&quot;credit&quot;:&quot;&quot;,&quot;camera&quot;:&quot;&quot;,&quot;caption&quot;:&quot;&quot;,&quot;created_timestamp&quot;:&quot;0&quot;,&quot;copyright&quot;:&quot;&quot;,&quot;focal_length&quot;:&quot;0&quot;,&quot;iso&quot;:&quot;0&quot;,&quot;shutter_speed&quot;:&quot;0&quot;,&quot;title&quot;:&quot;&quot;,&quot;orientation&quot;:&quot;0&quot;}\" data-image-title=\"WhatsApp-Image-2025-05-12-at-9.06.39-AM-1\" data-image-description=\"\" data-image-caption=\"\" data-large-file=\"https:\/\/www.cisa-arica.cl\/wp1\/wp-content\/uploads\/2025\/05\/WhatsApp-Image-2025-05-12-at-9.06.39-AM-1-600x450.jpeg\" role=\"button\" tabindex=\"0\" aria-label=\"Abrir la imagen 59 de 84 en pantalla completa\"srcset=\"https:\/\/i0.wp.com\/www.cisa-arica.cl\/wp1\/wp-content\/uploads\/2025\/05\/WhatsApp-Image-2025-05-12-at-9.06.39-AM-1-600x450.jpeg?strip=info&#038;w=600&#038;ssl=1 600w,https:\/\/i0.wp.com\/www.cisa-arica.cl\/wp1\/wp-content\/uploads\/2025\/05\/WhatsApp-Image-2025-05-12-at-9.06.39-AM-1-600x450.jpeg?strip=info&#038;w=900&#038;ssl=1 900w,https:\/\/i0.wp.com\/www.cisa-arica.cl\/wp1\/wp-content\/uploads\/2025\/05\/WhatsApp-Image-2025-05-12-at-9.06.39-AM-1-600x450.jpeg?strip=info&#038;w=1200&#038;ssl=1 1200w,https:\/\/i0.wp.com\/www.cisa-arica.cl\/wp1\/wp-content\/uploads\/2025\/05\/WhatsApp-Image-2025-05-12-at-9.06.39-AM-1-600x450.jpeg?strip=info&#038;w=1280&#038;ssl=1 1280w\" alt=\"\" data-height=\"960\" data-id=\"28254\" data-link=\"https:\/\/www.cisa-arica.cl\/wp1\/?attachment_id=28254\" data-url=\"https:\/\/www.cisa-arica.cl\/wp1\/wp-content\/uploads\/2025\/05\/WhatsApp-Image-2025-05-12-at-9.06.39-AM-1-600x450.jpeg\" data-width=\"1280\" src=\"https:\/\/i0.wp.com\/www.cisa-arica.cl\/wp1\/wp-content\/uploads\/2025\/05\/WhatsApp-Image-2025-05-12-at-9.06.39-AM-1-600x450.jpeg?ssl=1\" data-amp-layout=\"responsive\"\/><\/figure><figure class=\"tiled-gallery__item\"><img decoding=\"async\" data-attachment-id=\"28255\" data-permalink=\"https:\/\/www.cisa-arica.cl\/wp1\/2025\/04\/30\/conmemoracion-dia-del-libro-2025\/whatsapp-image-2025-05-12-at-9-06-38-am\/\" data-orig-file=\"https:\/\/www.cisa-arica.cl\/wp1\/wp-content\/uploads\/2025\/05\/WhatsApp-Image-2025-05-12-at-9.06.38-AM.jpeg\" data-orig-size=\"1280,960\" data-comments-opened=\"0\" data-image-meta=\"{&quot;aperture&quot;:&quot;0&quot;,&quot;credit&quot;:&quot;&quot;,&quot;camera&quot;:&quot;&quot;,&quot;caption&quot;:&quot;&quot;,&quot;created_timestamp&quot;:&quot;0&quot;,&quot;copyright&quot;:&quot;&quot;,&quot;focal_length&quot;:&quot;0&quot;,&quot;iso&quot;:&quot;0&quot;,&quot;shutter_speed&quot;:&quot;0&quot;,&quot;title&quot;:&quot;&quot;,&quot;orientation&quot;:&quot;0&quot;}\" data-image-title=\"WhatsApp-Image-2025-05-12-at-9.06.38-AM\" data-image-description=\"\" data-image-caption=\"\" data-large-file=\"https:\/\/www.cisa-arica.cl\/wp1\/wp-content\/uploads\/2025\/05\/WhatsApp-Image-2025-05-12-at-9.06.38-AM-600x450.jpeg\" data-attachment-id=\"28255\" data-permalink=\"https:\/\/www.cisa-arica.cl\/wp1\/2025\/04\/30\/conmemoracion-dia-del-libro-2025\/whatsapp-image-2025-05-12-at-9-06-38-am\/\" data-orig-file=\"https:\/\/www.cisa-arica.cl\/wp1\/wp-content\/uploads\/2025\/05\/WhatsApp-Image-2025-05-12-at-9.06.38-AM.jpeg\" data-orig-size=\"1280,960\" data-comments-opened=\"0\" data-image-meta=\"{&quot;aperture&quot;:&quot;0&quot;,&quot;credit&quot;:&quot;&quot;,&quot;camera&quot;:&quot;&quot;,&quot;caption&quot;:&quot;&quot;,&quot;created_timestamp&quot;:&quot;0&quot;,&quot;copyright&quot;:&quot;&quot;,&quot;focal_length&quot;:&quot;0&quot;,&quot;iso&quot;:&quot;0&quot;,&quot;shutter_speed&quot;:&quot;0&quot;,&quot;title&quot;:&quot;&quot;,&quot;orientation&quot;:&quot;0&quot;}\" data-image-title=\"WhatsApp-Image-2025-05-12-at-9.06.38-AM\" data-image-description=\"\" data-image-caption=\"\" data-large-file=\"https:\/\/www.cisa-arica.cl\/wp1\/wp-content\/uploads\/2025\/05\/WhatsApp-Image-2025-05-12-at-9.06.38-AM-600x450.jpeg\" role=\"button\" tabindex=\"0\" aria-label=\"Abrir la imagen 60 de 84 en pantalla completa\"srcset=\"https:\/\/i0.wp.com\/www.cisa-arica.cl\/wp1\/wp-content\/uploads\/2025\/05\/WhatsApp-Image-2025-05-12-at-9.06.38-AM-600x450.jpeg?strip=info&#038;w=600&#038;ssl=1 600w,https:\/\/i0.wp.com\/www.cisa-arica.cl\/wp1\/wp-content\/uploads\/2025\/05\/WhatsApp-Image-2025-05-12-at-9.06.38-AM-600x450.jpeg?strip=info&#038;w=900&#038;ssl=1 900w,https:\/\/i0.wp.com\/www.cisa-arica.cl\/wp1\/wp-content\/uploads\/2025\/05\/WhatsApp-Image-2025-05-12-at-9.06.38-AM-600x450.jpeg?strip=info&#038;w=1200&#038;ssl=1 1200w,https:\/\/i0.wp.com\/www.cisa-arica.cl\/wp1\/wp-content\/uploads\/2025\/05\/WhatsApp-Image-2025-05-12-at-9.06.38-AM-600x450.jpeg?strip=info&#038;w=1280&#038;ssl=1 1280w\" alt=\"\" data-height=\"960\" data-id=\"28255\" data-link=\"https:\/\/www.cisa-arica.cl\/wp1\/?attachment_id=28255\" data-url=\"https:\/\/www.cisa-arica.cl\/wp1\/wp-content\/uploads\/2025\/05\/WhatsApp-Image-2025-05-12-at-9.06.38-AM-600x450.jpeg\" data-width=\"1280\" src=\"https:\/\/i0.wp.com\/www.cisa-arica.cl\/wp1\/wp-content\/uploads\/2025\/05\/WhatsApp-Image-2025-05-12-at-9.06.38-AM-600x450.jpeg?ssl=1\" data-amp-layout=\"responsive\"\/><\/figure><\/div><\/div><div class=\"tiled-gallery__row\"><div class=\"tiled-gallery__col\" style=\"flex-basis:46.94605%\"><figure class=\"tiled-gallery__item\"><img decoding=\"async\" data-attachment-id=\"28256\" data-permalink=\"https:\/\/www.cisa-arica.cl\/wp1\/2025\/04\/30\/conmemoracion-dia-del-libro-2025\/whatsapp-image-2025-05-12-at-9-06-38-am-2\/\" data-orig-file=\"https:\/\/www.cisa-arica.cl\/wp1\/wp-content\/uploads\/2025\/05\/WhatsApp-Image-2025-05-12-at-9.06.38-AM-2.jpeg\" data-orig-size=\"1280,960\" data-comments-opened=\"0\" data-image-meta=\"{&quot;aperture&quot;:&quot;0&quot;,&quot;credit&quot;:&quot;&quot;,&quot;camera&quot;:&quot;&quot;,&quot;caption&quot;:&quot;&quot;,&quot;created_timestamp&quot;:&quot;0&quot;,&quot;copyright&quot;:&quot;&quot;,&quot;focal_length&quot;:&quot;0&quot;,&quot;iso&quot;:&quot;0&quot;,&quot;shutter_speed&quot;:&quot;0&quot;,&quot;title&quot;:&quot;&quot;,&quot;orientation&quot;:&quot;0&quot;}\" data-image-title=\"WhatsApp-Image-2025-05-12-at-9.06.38-AM-2\" data-image-description=\"\" data-image-caption=\"\" data-large-file=\"https:\/\/www.cisa-arica.cl\/wp1\/wp-content\/uploads\/2025\/05\/WhatsApp-Image-2025-05-12-at-9.06.38-AM-2-600x450.jpeg\" data-attachment-id=\"28256\" data-permalink=\"https:\/\/www.cisa-arica.cl\/wp1\/2025\/04\/30\/conmemoracion-dia-del-libro-2025\/whatsapp-image-2025-05-12-at-9-06-38-am-2\/\" data-orig-file=\"https:\/\/www.cisa-arica.cl\/wp1\/wp-content\/uploads\/2025\/05\/WhatsApp-Image-2025-05-12-at-9.06.38-AM-2.jpeg\" data-orig-size=\"1280,960\" data-comments-opened=\"0\" data-image-meta=\"{&quot;aperture&quot;:&quot;0&quot;,&quot;credit&quot;:&quot;&quot;,&quot;camera&quot;:&quot;&quot;,&quot;caption&quot;:&quot;&quot;,&quot;created_timestamp&quot;:&quot;0&quot;,&quot;copyright&quot;:&quot;&quot;,&quot;focal_length&quot;:&quot;0&quot;,&quot;iso&quot;:&quot;0&quot;,&quot;shutter_speed&quot;:&quot;0&quot;,&quot;title&quot;:&quot;&quot;,&quot;orientation&quot;:&quot;0&quot;}\" data-image-title=\"WhatsApp-Image-2025-05-12-at-9.06.38-AM-2\" data-image-description=\"\" data-image-caption=\"\" data-large-file=\"https:\/\/www.cisa-arica.cl\/wp1\/wp-content\/uploads\/2025\/05\/WhatsApp-Image-2025-05-12-at-9.06.38-AM-2-600x450.jpeg\" role=\"button\" tabindex=\"0\" aria-label=\"Abrir la imagen 61 de 84 en pantalla completa\"srcset=\"https:\/\/i2.wp.com\/www.cisa-arica.cl\/wp1\/wp-content\/uploads\/2025\/05\/WhatsApp-Image-2025-05-12-at-9.06.38-AM-2-600x450.jpeg?strip=info&#038;w=600&#038;ssl=1 600w,https:\/\/i2.wp.com\/www.cisa-arica.cl\/wp1\/wp-content\/uploads\/2025\/05\/WhatsApp-Image-2025-05-12-at-9.06.38-AM-2-600x450.jpeg?strip=info&#038;w=900&#038;ssl=1 900w,https:\/\/i2.wp.com\/www.cisa-arica.cl\/wp1\/wp-content\/uploads\/2025\/05\/WhatsApp-Image-2025-05-12-at-9.06.38-AM-2-600x450.jpeg?strip=info&#038;w=1200&#038;ssl=1 1200w,https:\/\/i2.wp.com\/www.cisa-arica.cl\/wp1\/wp-content\/uploads\/2025\/05\/WhatsApp-Image-2025-05-12-at-9.06.38-AM-2-600x450.jpeg?strip=info&#038;w=1280&#038;ssl=1 1280w\" alt=\"\" data-height=\"960\" data-id=\"28256\" data-link=\"https:\/\/www.cisa-arica.cl\/wp1\/?attachment_id=28256\" data-url=\"https:\/\/www.cisa-arica.cl\/wp1\/wp-content\/uploads\/2025\/05\/WhatsApp-Image-2025-05-12-at-9.06.38-AM-2-600x450.jpeg\" data-width=\"1280\" src=\"https:\/\/i2.wp.com\/www.cisa-arica.cl\/wp1\/wp-content\/uploads\/2025\/05\/WhatsApp-Image-2025-05-12-at-9.06.38-AM-2-600x450.jpeg?ssl=1\" data-amp-layout=\"responsive\"\/><\/figure><figure class=\"tiled-gallery__item\"><img decoding=\"async\" data-attachment-id=\"28257\" data-permalink=\"https:\/\/www.cisa-arica.cl\/wp1\/2025\/04\/30\/conmemoracion-dia-del-libro-2025\/whatsapp-image-2025-05-12-at-9-06-38-am-1\/\" data-orig-file=\"https:\/\/www.cisa-arica.cl\/wp1\/wp-content\/uploads\/2025\/05\/WhatsApp-Image-2025-05-12-at-9.06.38-AM-1.jpeg\" data-orig-size=\"1280,960\" data-comments-opened=\"0\" data-image-meta=\"{&quot;aperture&quot;:&quot;0&quot;,&quot;credit&quot;:&quot;&quot;,&quot;camera&quot;:&quot;&quot;,&quot;caption&quot;:&quot;&quot;,&quot;created_timestamp&quot;:&quot;0&quot;,&quot;copyright&quot;:&quot;&quot;,&quot;focal_length&quot;:&quot;0&quot;,&quot;iso&quot;:&quot;0&quot;,&quot;shutter_speed&quot;:&quot;0&quot;,&quot;title&quot;:&quot;&quot;,&quot;orientation&quot;:&quot;0&quot;}\" data-image-title=\"WhatsApp-Image-2025-05-12-at-9.06.38-AM-1\" data-image-description=\"\" data-image-caption=\"\" data-large-file=\"https:\/\/www.cisa-arica.cl\/wp1\/wp-content\/uploads\/2025\/05\/WhatsApp-Image-2025-05-12-at-9.06.38-AM-1-600x450.jpeg\" data-attachment-id=\"28257\" data-permalink=\"https:\/\/www.cisa-arica.cl\/wp1\/2025\/04\/30\/conmemoracion-dia-del-libro-2025\/whatsapp-image-2025-05-12-at-9-06-38-am-1\/\" data-orig-file=\"https:\/\/www.cisa-arica.cl\/wp1\/wp-content\/uploads\/2025\/05\/WhatsApp-Image-2025-05-12-at-9.06.38-AM-1.jpeg\" data-orig-size=\"1280,960\" data-comments-opened=\"0\" data-image-meta=\"{&quot;aperture&quot;:&quot;0&quot;,&quot;credit&quot;:&quot;&quot;,&quot;camera&quot;:&quot;&quot;,&quot;caption&quot;:&quot;&quot;,&quot;created_timestamp&quot;:&quot;0&quot;,&quot;copyright&quot;:&quot;&quot;,&quot;focal_length&quot;:&quot;0&quot;,&quot;iso&quot;:&quot;0&quot;,&quot;shutter_speed&quot;:&quot;0&quot;,&quot;title&quot;:&quot;&quot;,&quot;orientation&quot;:&quot;0&quot;}\" data-image-title=\"WhatsApp-Image-2025-05-12-at-9.06.38-AM-1\" data-image-description=\"\" data-image-caption=\"\" data-large-file=\"https:\/\/www.cisa-arica.cl\/wp1\/wp-content\/uploads\/2025\/05\/WhatsApp-Image-2025-05-12-at-9.06.38-AM-1-600x450.jpeg\" role=\"button\" tabindex=\"0\" aria-label=\"Abrir la imagen 62 de 84 en pantalla completa\"srcset=\"https:\/\/i1.wp.com\/www.cisa-arica.cl\/wp1\/wp-content\/uploads\/2025\/05\/WhatsApp-Image-2025-05-12-at-9.06.38-AM-1-600x450.jpeg?strip=info&#038;w=600&#038;ssl=1 600w,https:\/\/i1.wp.com\/www.cisa-arica.cl\/wp1\/wp-content\/uploads\/2025\/05\/WhatsApp-Image-2025-05-12-at-9.06.38-AM-1-600x450.jpeg?strip=info&#038;w=900&#038;ssl=1 900w,https:\/\/i1.wp.com\/www.cisa-arica.cl\/wp1\/wp-content\/uploads\/2025\/05\/WhatsApp-Image-2025-05-12-at-9.06.38-AM-1-600x450.jpeg?strip=info&#038;w=1200&#038;ssl=1 1200w,https:\/\/i1.wp.com\/www.cisa-arica.cl\/wp1\/wp-content\/uploads\/2025\/05\/WhatsApp-Image-2025-05-12-at-9.06.38-AM-1-600x450.jpeg?strip=info&#038;w=1280&#038;ssl=1 1280w\" alt=\"\" data-height=\"960\" data-id=\"28257\" data-link=\"https:\/\/www.cisa-arica.cl\/wp1\/?attachment_id=28257\" data-url=\"https:\/\/www.cisa-arica.cl\/wp1\/wp-content\/uploads\/2025\/05\/WhatsApp-Image-2025-05-12-at-9.06.38-AM-1-600x450.jpeg\" data-width=\"1280\" src=\"https:\/\/i1.wp.com\/www.cisa-arica.cl\/wp1\/wp-content\/uploads\/2025\/05\/WhatsApp-Image-2025-05-12-at-9.06.38-AM-1-600x450.jpeg?ssl=1\" data-amp-layout=\"responsive\"\/><\/figure><\/div><div class=\"tiled-gallery__col\" style=\"flex-basis:53.05395%\"><figure class=\"tiled-gallery__item\"><img decoding=\"async\" data-attachment-id=\"28258\" data-permalink=\"https:\/\/www.cisa-arica.cl\/wp1\/2025\/04\/30\/conmemoracion-dia-del-libro-2025\/whatsapp-image-2025-05-12-at-9-06-37-am\/\" data-orig-file=\"https:\/\/www.cisa-arica.cl\/wp1\/wp-content\/uploads\/2025\/05\/WhatsApp-Image-2025-05-12-at-9.06.37-AM.jpeg\" data-orig-size=\"960,1280\" data-comments-opened=\"0\" data-image-meta=\"{&quot;aperture&quot;:&quot;0&quot;,&quot;credit&quot;:&quot;&quot;,&quot;camera&quot;:&quot;&quot;,&quot;caption&quot;:&quot;&quot;,&quot;created_timestamp&quot;:&quot;0&quot;,&quot;copyright&quot;:&quot;&quot;,&quot;focal_length&quot;:&quot;0&quot;,&quot;iso&quot;:&quot;0&quot;,&quot;shutter_speed&quot;:&quot;0&quot;,&quot;title&quot;:&quot;&quot;,&quot;orientation&quot;:&quot;0&quot;}\" data-image-title=\"WhatsApp-Image-2025-05-12-at-9.06.37-AM\" data-image-description=\"\" data-image-caption=\"\" data-large-file=\"https:\/\/www.cisa-arica.cl\/wp1\/wp-content\/uploads\/2025\/05\/WhatsApp-Image-2025-05-12-at-9.06.37-AM-450x600.jpeg\" data-attachment-id=\"28258\" data-permalink=\"https:\/\/www.cisa-arica.cl\/wp1\/2025\/04\/30\/conmemoracion-dia-del-libro-2025\/whatsapp-image-2025-05-12-at-9-06-37-am\/\" data-orig-file=\"https:\/\/www.cisa-arica.cl\/wp1\/wp-content\/uploads\/2025\/05\/WhatsApp-Image-2025-05-12-at-9.06.37-AM.jpeg\" data-orig-size=\"960,1280\" data-comments-opened=\"0\" data-image-meta=\"{&quot;aperture&quot;:&quot;0&quot;,&quot;credit&quot;:&quot;&quot;,&quot;camera&quot;:&quot;&quot;,&quot;caption&quot;:&quot;&quot;,&quot;created_timestamp&quot;:&quot;0&quot;,&quot;copyright&quot;:&quot;&quot;,&quot;focal_length&quot;:&quot;0&quot;,&quot;iso&quot;:&quot;0&quot;,&quot;shutter_speed&quot;:&quot;0&quot;,&quot;title&quot;:&quot;&quot;,&quot;orientation&quot;:&quot;0&quot;}\" data-image-title=\"WhatsApp-Image-2025-05-12-at-9.06.37-AM\" data-image-description=\"\" data-image-caption=\"\" data-large-file=\"https:\/\/www.cisa-arica.cl\/wp1\/wp-content\/uploads\/2025\/05\/WhatsApp-Image-2025-05-12-at-9.06.37-AM-450x600.jpeg\" role=\"button\" tabindex=\"0\" aria-label=\"Abrir la imagen 63 de 84 en pantalla completa\"srcset=\"https:\/\/i2.wp.com\/www.cisa-arica.cl\/wp1\/wp-content\/uploads\/2025\/05\/WhatsApp-Image-2025-05-12-at-9.06.37-AM-450x600.jpeg?strip=info&#038;w=600&#038;ssl=1 600w,https:\/\/i2.wp.com\/www.cisa-arica.cl\/wp1\/wp-content\/uploads\/2025\/05\/WhatsApp-Image-2025-05-12-at-9.06.37-AM-450x600.jpeg?strip=info&#038;w=900&#038;ssl=1 900w,https:\/\/i2.wp.com\/www.cisa-arica.cl\/wp1\/wp-content\/uploads\/2025\/05\/WhatsApp-Image-2025-05-12-at-9.06.37-AM-450x600.jpeg?strip=info&#038;w=960&#038;ssl=1 960w\" alt=\"\" data-height=\"1280\" data-id=\"28258\" data-link=\"https:\/\/www.cisa-arica.cl\/wp1\/?attachment_id=28258\" data-url=\"https:\/\/www.cisa-arica.cl\/wp1\/wp-content\/uploads\/2025\/05\/WhatsApp-Image-2025-05-12-at-9.06.37-AM-450x600.jpeg\" data-width=\"960\" src=\"https:\/\/i2.wp.com\/www.cisa-arica.cl\/wp1\/wp-content\/uploads\/2025\/05\/WhatsApp-Image-2025-05-12-at-9.06.37-AM-450x600.jpeg?ssl=1\" data-amp-layout=\"responsive\"\/><\/figure><\/div><\/div><div class=\"tiled-gallery__row\"><div class=\"tiled-gallery__col\" style=\"flex-basis:25.00000%\"><figure class=\"tiled-gallery__item\"><img decoding=\"async\" data-attachment-id=\"28259\" data-permalink=\"https:\/\/www.cisa-arica.cl\/wp1\/2025\/04\/30\/conmemoracion-dia-del-libro-2025\/whatsapp-image-2025-05-12-at-9-06-37-am-1\/\" data-orig-file=\"https:\/\/www.cisa-arica.cl\/wp1\/wp-content\/uploads\/2025\/05\/WhatsApp-Image-2025-05-12-at-9.06.37-AM-1.jpeg\" data-orig-size=\"960,1280\" data-comments-opened=\"0\" data-image-meta=\"{&quot;aperture&quot;:&quot;0&quot;,&quot;credit&quot;:&quot;&quot;,&quot;camera&quot;:&quot;&quot;,&quot;caption&quot;:&quot;&quot;,&quot;created_timestamp&quot;:&quot;0&quot;,&quot;copyright&quot;:&quot;&quot;,&quot;focal_length&quot;:&quot;0&quot;,&quot;iso&quot;:&quot;0&quot;,&quot;shutter_speed&quot;:&quot;0&quot;,&quot;title&quot;:&quot;&quot;,&quot;orientation&quot;:&quot;0&quot;}\" data-image-title=\"WhatsApp-Image-2025-05-12-at-9.06.37-AM-1\" data-image-description=\"\" data-image-caption=\"\" data-large-file=\"https:\/\/www.cisa-arica.cl\/wp1\/wp-content\/uploads\/2025\/05\/WhatsApp-Image-2025-05-12-at-9.06.37-AM-1-450x600.jpeg\" data-attachment-id=\"28259\" data-permalink=\"https:\/\/www.cisa-arica.cl\/wp1\/2025\/04\/30\/conmemoracion-dia-del-libro-2025\/whatsapp-image-2025-05-12-at-9-06-37-am-1\/\" data-orig-file=\"https:\/\/www.cisa-arica.cl\/wp1\/wp-content\/uploads\/2025\/05\/WhatsApp-Image-2025-05-12-at-9.06.37-AM-1.jpeg\" data-orig-size=\"960,1280\" data-comments-opened=\"0\" data-image-meta=\"{&quot;aperture&quot;:&quot;0&quot;,&quot;credit&quot;:&quot;&quot;,&quot;camera&quot;:&quot;&quot;,&quot;caption&quot;:&quot;&quot;,&quot;created_timestamp&quot;:&quot;0&quot;,&quot;copyright&quot;:&quot;&quot;,&quot;focal_length&quot;:&quot;0&quot;,&quot;iso&quot;:&quot;0&quot;,&quot;shutter_speed&quot;:&quot;0&quot;,&quot;title&quot;:&quot;&quot;,&quot;orientation&quot;:&quot;0&quot;}\" data-image-title=\"WhatsApp-Image-2025-05-12-at-9.06.37-AM-1\" data-image-description=\"\" data-image-caption=\"\" data-large-file=\"https:\/\/www.cisa-arica.cl\/wp1\/wp-content\/uploads\/2025\/05\/WhatsApp-Image-2025-05-12-at-9.06.37-AM-1-450x600.jpeg\" role=\"button\" tabindex=\"0\" aria-label=\"Abrir la imagen 64 de 84 en pantalla completa\"srcset=\"https:\/\/i1.wp.com\/www.cisa-arica.cl\/wp1\/wp-content\/uploads\/2025\/05\/WhatsApp-Image-2025-05-12-at-9.06.37-AM-1-450x600.jpeg?strip=info&#038;w=600&#038;ssl=1 600w,https:\/\/i1.wp.com\/www.cisa-arica.cl\/wp1\/wp-content\/uploads\/2025\/05\/WhatsApp-Image-2025-05-12-at-9.06.37-AM-1-450x600.jpeg?strip=info&#038;w=900&#038;ssl=1 900w,https:\/\/i1.wp.com\/www.cisa-arica.cl\/wp1\/wp-content\/uploads\/2025\/05\/WhatsApp-Image-2025-05-12-at-9.06.37-AM-1-450x600.jpeg?strip=info&#038;w=960&#038;ssl=1 960w\" alt=\"\" data-height=\"1280\" data-id=\"28259\" data-link=\"https:\/\/www.cisa-arica.cl\/wp1\/?attachment_id=28259\" data-url=\"https:\/\/www.cisa-arica.cl\/wp1\/wp-content\/uploads\/2025\/05\/WhatsApp-Image-2025-05-12-at-9.06.37-AM-1-450x600.jpeg\" data-width=\"960\" src=\"https:\/\/i1.wp.com\/www.cisa-arica.cl\/wp1\/wp-content\/uploads\/2025\/05\/WhatsApp-Image-2025-05-12-at-9.06.37-AM-1-450x600.jpeg?ssl=1\" data-amp-layout=\"responsive\"\/><\/figure><\/div><div class=\"tiled-gallery__col\" style=\"flex-basis:25.00000%\"><figure class=\"tiled-gallery__item\"><img decoding=\"async\" data-attachment-id=\"28260\" data-permalink=\"https:\/\/www.cisa-arica.cl\/wp1\/2025\/04\/30\/conmemoracion-dia-del-libro-2025\/whatsapp-image-2025-05-12-at-9-06-36-am\/\" data-orig-file=\"https:\/\/www.cisa-arica.cl\/wp1\/wp-content\/uploads\/2025\/05\/WhatsApp-Image-2025-05-12-at-9.06.36-AM.jpeg\" data-orig-size=\"960,1280\" data-comments-opened=\"0\" data-image-meta=\"{&quot;aperture&quot;:&quot;0&quot;,&quot;credit&quot;:&quot;&quot;,&quot;camera&quot;:&quot;&quot;,&quot;caption&quot;:&quot;&quot;,&quot;created_timestamp&quot;:&quot;0&quot;,&quot;copyright&quot;:&quot;&quot;,&quot;focal_length&quot;:&quot;0&quot;,&quot;iso&quot;:&quot;0&quot;,&quot;shutter_speed&quot;:&quot;0&quot;,&quot;title&quot;:&quot;&quot;,&quot;orientation&quot;:&quot;0&quot;}\" data-image-title=\"WhatsApp-Image-2025-05-12-at-9.06.36-AM\" data-image-description=\"\" data-image-caption=\"\" data-large-file=\"https:\/\/www.cisa-arica.cl\/wp1\/wp-content\/uploads\/2025\/05\/WhatsApp-Image-2025-05-12-at-9.06.36-AM-450x600.jpeg\" data-attachment-id=\"28260\" data-permalink=\"https:\/\/www.cisa-arica.cl\/wp1\/2025\/04\/30\/conmemoracion-dia-del-libro-2025\/whatsapp-image-2025-05-12-at-9-06-36-am\/\" data-orig-file=\"https:\/\/www.cisa-arica.cl\/wp1\/wp-content\/uploads\/2025\/05\/WhatsApp-Image-2025-05-12-at-9.06.36-AM.jpeg\" data-orig-size=\"960,1280\" data-comments-opened=\"0\" data-image-meta=\"{&quot;aperture&quot;:&quot;0&quot;,&quot;credit&quot;:&quot;&quot;,&quot;camera&quot;:&quot;&quot;,&quot;caption&quot;:&quot;&quot;,&quot;created_timestamp&quot;:&quot;0&quot;,&quot;copyright&quot;:&quot;&quot;,&quot;focal_length&quot;:&quot;0&quot;,&quot;iso&quot;:&quot;0&quot;,&quot;shutter_speed&quot;:&quot;0&quot;,&quot;title&quot;:&quot;&quot;,&quot;orientation&quot;:&quot;0&quot;}\" data-image-title=\"WhatsApp-Image-2025-05-12-at-9.06.36-AM\" data-image-description=\"\" data-image-caption=\"\" data-large-file=\"https:\/\/www.cisa-arica.cl\/wp1\/wp-content\/uploads\/2025\/05\/WhatsApp-Image-2025-05-12-at-9.06.36-AM-450x600.jpeg\" role=\"button\" tabindex=\"0\" aria-label=\"Abrir la imagen 65 de 84 en pantalla completa\"srcset=\"https:\/\/i0.wp.com\/www.cisa-arica.cl\/wp1\/wp-content\/uploads\/2025\/05\/WhatsApp-Image-2025-05-12-at-9.06.36-AM-450x600.jpeg?strip=info&#038;w=600&#038;ssl=1 600w,https:\/\/i0.wp.com\/www.cisa-arica.cl\/wp1\/wp-content\/uploads\/2025\/05\/WhatsApp-Image-2025-05-12-at-9.06.36-AM-450x600.jpeg?strip=info&#038;w=900&#038;ssl=1 900w,https:\/\/i0.wp.com\/www.cisa-arica.cl\/wp1\/wp-content\/uploads\/2025\/05\/WhatsApp-Image-2025-05-12-at-9.06.36-AM-450x600.jpeg?strip=info&#038;w=960&#038;ssl=1 960w\" alt=\"\" data-height=\"1280\" data-id=\"28260\" data-link=\"https:\/\/www.cisa-arica.cl\/wp1\/?attachment_id=28260\" data-url=\"https:\/\/www.cisa-arica.cl\/wp1\/wp-content\/uploads\/2025\/05\/WhatsApp-Image-2025-05-12-at-9.06.36-AM-450x600.jpeg\" data-width=\"960\" src=\"https:\/\/i0.wp.com\/www.cisa-arica.cl\/wp1\/wp-content\/uploads\/2025\/05\/WhatsApp-Image-2025-05-12-at-9.06.36-AM-450x600.jpeg?ssl=1\" data-amp-layout=\"responsive\"\/><\/figure><\/div><div class=\"tiled-gallery__col\" style=\"flex-basis:25.00000%\"><figure class=\"tiled-gallery__item\"><img decoding=\"async\" data-attachment-id=\"28261\" data-permalink=\"https:\/\/www.cisa-arica.cl\/wp1\/2025\/04\/30\/conmemoracion-dia-del-libro-2025\/whatsapp-image-2025-05-12-at-9-06-36-am-2\/\" data-orig-file=\"https:\/\/www.cisa-arica.cl\/wp1\/wp-content\/uploads\/2025\/05\/WhatsApp-Image-2025-05-12-at-9.06.36-AM-2.jpeg\" data-orig-size=\"960,1280\" data-comments-opened=\"0\" data-image-meta=\"{&quot;aperture&quot;:&quot;0&quot;,&quot;credit&quot;:&quot;&quot;,&quot;camera&quot;:&quot;&quot;,&quot;caption&quot;:&quot;&quot;,&quot;created_timestamp&quot;:&quot;0&quot;,&quot;copyright&quot;:&quot;&quot;,&quot;focal_length&quot;:&quot;0&quot;,&quot;iso&quot;:&quot;0&quot;,&quot;shutter_speed&quot;:&quot;0&quot;,&quot;title&quot;:&quot;&quot;,&quot;orientation&quot;:&quot;0&quot;}\" data-image-title=\"WhatsApp-Image-2025-05-12-at-9.06.36-AM-2\" data-image-description=\"\" data-image-caption=\"\" data-large-file=\"https:\/\/www.cisa-arica.cl\/wp1\/wp-content\/uploads\/2025\/05\/WhatsApp-Image-2025-05-12-at-9.06.36-AM-2-450x600.jpeg\" data-attachment-id=\"28261\" data-permalink=\"https:\/\/www.cisa-arica.cl\/wp1\/2025\/04\/30\/conmemoracion-dia-del-libro-2025\/whatsapp-image-2025-05-12-at-9-06-36-am-2\/\" data-orig-file=\"https:\/\/www.cisa-arica.cl\/wp1\/wp-content\/uploads\/2025\/05\/WhatsApp-Image-2025-05-12-at-9.06.36-AM-2.jpeg\" data-orig-size=\"960,1280\" data-comments-opened=\"0\" data-image-meta=\"{&quot;aperture&quot;:&quot;0&quot;,&quot;credit&quot;:&quot;&quot;,&quot;camera&quot;:&quot;&quot;,&quot;caption&quot;:&quot;&quot;,&quot;created_timestamp&quot;:&quot;0&quot;,&quot;copyright&quot;:&quot;&quot;,&quot;focal_length&quot;:&quot;0&quot;,&quot;iso&quot;:&quot;0&quot;,&quot;shutter_speed&quot;:&quot;0&quot;,&quot;title&quot;:&quot;&quot;,&quot;orientation&quot;:&quot;0&quot;}\" data-image-title=\"WhatsApp-Image-2025-05-12-at-9.06.36-AM-2\" data-image-description=\"\" data-image-caption=\"\" data-large-file=\"https:\/\/www.cisa-arica.cl\/wp1\/wp-content\/uploads\/2025\/05\/WhatsApp-Image-2025-05-12-at-9.06.36-AM-2-450x600.jpeg\" role=\"button\" tabindex=\"0\" aria-label=\"Abrir la imagen 66 de 84 en pantalla completa\"srcset=\"https:\/\/i1.wp.com\/www.cisa-arica.cl\/wp1\/wp-content\/uploads\/2025\/05\/WhatsApp-Image-2025-05-12-at-9.06.36-AM-2-450x600.jpeg?strip=info&#038;w=600&#038;ssl=1 600w,https:\/\/i1.wp.com\/www.cisa-arica.cl\/wp1\/wp-content\/uploads\/2025\/05\/WhatsApp-Image-2025-05-12-at-9.06.36-AM-2-450x600.jpeg?strip=info&#038;w=900&#038;ssl=1 900w,https:\/\/i1.wp.com\/www.cisa-arica.cl\/wp1\/wp-content\/uploads\/2025\/05\/WhatsApp-Image-2025-05-12-at-9.06.36-AM-2-450x600.jpeg?strip=info&#038;w=960&#038;ssl=1 960w\" alt=\"\" data-height=\"1280\" data-id=\"28261\" data-link=\"https:\/\/www.cisa-arica.cl\/wp1\/?attachment_id=28261\" data-url=\"https:\/\/www.cisa-arica.cl\/wp1\/wp-content\/uploads\/2025\/05\/WhatsApp-Image-2025-05-12-at-9.06.36-AM-2-450x600.jpeg\" data-width=\"960\" src=\"https:\/\/i1.wp.com\/www.cisa-arica.cl\/wp1\/wp-content\/uploads\/2025\/05\/WhatsApp-Image-2025-05-12-at-9.06.36-AM-2-450x600.jpeg?ssl=1\" data-amp-layout=\"responsive\"\/><\/figure><\/div><div class=\"tiled-gallery__col\" style=\"flex-basis:25.00000%\"><figure class=\"tiled-gallery__item\"><img decoding=\"async\" data-attachment-id=\"28262\" data-permalink=\"https:\/\/www.cisa-arica.cl\/wp1\/2025\/04\/30\/conmemoracion-dia-del-libro-2025\/whatsapp-image-2025-05-12-at-9-06-36-am-1\/\" data-orig-file=\"https:\/\/www.cisa-arica.cl\/wp1\/wp-content\/uploads\/2025\/05\/WhatsApp-Image-2025-05-12-at-9.06.36-AM-1.jpeg\" data-orig-size=\"960,1280\" data-comments-opened=\"0\" data-image-meta=\"{&quot;aperture&quot;:&quot;0&quot;,&quot;credit&quot;:&quot;&quot;,&quot;camera&quot;:&quot;&quot;,&quot;caption&quot;:&quot;&quot;,&quot;created_timestamp&quot;:&quot;0&quot;,&quot;copyright&quot;:&quot;&quot;,&quot;focal_length&quot;:&quot;0&quot;,&quot;iso&quot;:&quot;0&quot;,&quot;shutter_speed&quot;:&quot;0&quot;,&quot;title&quot;:&quot;&quot;,&quot;orientation&quot;:&quot;0&quot;}\" data-image-title=\"WhatsApp-Image-2025-05-12-at-9.06.36-AM-1\" data-image-description=\"\" data-image-caption=\"\" data-large-file=\"https:\/\/www.cisa-arica.cl\/wp1\/wp-content\/uploads\/2025\/05\/WhatsApp-Image-2025-05-12-at-9.06.36-AM-1-450x600.jpeg\" data-attachment-id=\"28262\" data-permalink=\"https:\/\/www.cisa-arica.cl\/wp1\/2025\/04\/30\/conmemoracion-dia-del-libro-2025\/whatsapp-image-2025-05-12-at-9-06-36-am-1\/\" data-orig-file=\"https:\/\/www.cisa-arica.cl\/wp1\/wp-content\/uploads\/2025\/05\/WhatsApp-Image-2025-05-12-at-9.06.36-AM-1.jpeg\" data-orig-size=\"960,1280\" data-comments-opened=\"0\" data-image-meta=\"{&quot;aperture&quot;:&quot;0&quot;,&quot;credit&quot;:&quot;&quot;,&quot;camera&quot;:&quot;&quot;,&quot;caption&quot;:&quot;&quot;,&quot;created_timestamp&quot;:&quot;0&quot;,&quot;copyright&quot;:&quot;&quot;,&quot;focal_length&quot;:&quot;0&quot;,&quot;iso&quot;:&quot;0&quot;,&quot;shutter_speed&quot;:&quot;0&quot;,&quot;title&quot;:&quot;&quot;,&quot;orientation&quot;:&quot;0&quot;}\" data-image-title=\"WhatsApp-Image-2025-05-12-at-9.06.36-AM-1\" data-image-description=\"\" data-image-caption=\"\" data-large-file=\"https:\/\/www.cisa-arica.cl\/wp1\/wp-content\/uploads\/2025\/05\/WhatsApp-Image-2025-05-12-at-9.06.36-AM-1-450x600.jpeg\" role=\"button\" tabindex=\"0\" aria-label=\"Abrir la imagen 67 de 84 en pantalla completa\"srcset=\"https:\/\/i2.wp.com\/www.cisa-arica.cl\/wp1\/wp-content\/uploads\/2025\/05\/WhatsApp-Image-2025-05-12-at-9.06.36-AM-1-450x600.jpeg?strip=info&#038;w=600&#038;ssl=1 600w,https:\/\/i2.wp.com\/www.cisa-arica.cl\/wp1\/wp-content\/uploads\/2025\/05\/WhatsApp-Image-2025-05-12-at-9.06.36-AM-1-450x600.jpeg?strip=info&#038;w=900&#038;ssl=1 900w,https:\/\/i2.wp.com\/www.cisa-arica.cl\/wp1\/wp-content\/uploads\/2025\/05\/WhatsApp-Image-2025-05-12-at-9.06.36-AM-1-450x600.jpeg?strip=info&#038;w=960&#038;ssl=1 960w\" alt=\"\" data-height=\"1280\" data-id=\"28262\" data-link=\"https:\/\/www.cisa-arica.cl\/wp1\/?attachment_id=28262\" data-url=\"https:\/\/www.cisa-arica.cl\/wp1\/wp-content\/uploads\/2025\/05\/WhatsApp-Image-2025-05-12-at-9.06.36-AM-1-450x600.jpeg\" data-width=\"960\" src=\"https:\/\/i2.wp.com\/www.cisa-arica.cl\/wp1\/wp-content\/uploads\/2025\/05\/WhatsApp-Image-2025-05-12-at-9.06.36-AM-1-450x600.jpeg?ssl=1\" data-amp-layout=\"responsive\"\/><\/figure><\/div><\/div><div class=\"tiled-gallery__row\"><div class=\"tiled-gallery__col\" style=\"flex-basis:63.97414%\"><figure class=\"tiled-gallery__item\"><img decoding=\"async\" data-attachment-id=\"28263\" data-permalink=\"https:\/\/www.cisa-arica.cl\/wp1\/2025\/04\/30\/conmemoracion-dia-del-libro-2025\/whatsapp-image-2025-05-12-at-9-06-35-am\/\" data-orig-file=\"https:\/\/www.cisa-arica.cl\/wp1\/wp-content\/uploads\/2025\/05\/WhatsApp-Image-2025-05-12-at-9.06.35-AM.jpeg\" data-orig-size=\"1280,960\" data-comments-opened=\"0\" data-image-meta=\"{&quot;aperture&quot;:&quot;0&quot;,&quot;credit&quot;:&quot;&quot;,&quot;camera&quot;:&quot;&quot;,&quot;caption&quot;:&quot;&quot;,&quot;created_timestamp&quot;:&quot;0&quot;,&quot;copyright&quot;:&quot;&quot;,&quot;focal_length&quot;:&quot;0&quot;,&quot;iso&quot;:&quot;0&quot;,&quot;shutter_speed&quot;:&quot;0&quot;,&quot;title&quot;:&quot;&quot;,&quot;orientation&quot;:&quot;0&quot;}\" data-image-title=\"WhatsApp-Image-2025-05-12-at-9.06.35-AM\" data-image-description=\"\" data-image-caption=\"\" data-large-file=\"https:\/\/www.cisa-arica.cl\/wp1\/wp-content\/uploads\/2025\/05\/WhatsApp-Image-2025-05-12-at-9.06.35-AM-600x450.jpeg\" data-attachment-id=\"28263\" data-permalink=\"https:\/\/www.cisa-arica.cl\/wp1\/2025\/04\/30\/conmemoracion-dia-del-libro-2025\/whatsapp-image-2025-05-12-at-9-06-35-am\/\" data-orig-file=\"https:\/\/www.cisa-arica.cl\/wp1\/wp-content\/uploads\/2025\/05\/WhatsApp-Image-2025-05-12-at-9.06.35-AM.jpeg\" data-orig-size=\"1280,960\" data-comments-opened=\"0\" data-image-meta=\"{&quot;aperture&quot;:&quot;0&quot;,&quot;credit&quot;:&quot;&quot;,&quot;camera&quot;:&quot;&quot;,&quot;caption&quot;:&quot;&quot;,&quot;created_timestamp&quot;:&quot;0&quot;,&quot;copyright&quot;:&quot;&quot;,&quot;focal_length&quot;:&quot;0&quot;,&quot;iso&quot;:&quot;0&quot;,&quot;shutter_speed&quot;:&quot;0&quot;,&quot;title&quot;:&quot;&quot;,&quot;orientation&quot;:&quot;0&quot;}\" data-image-title=\"WhatsApp-Image-2025-05-12-at-9.06.35-AM\" data-image-description=\"\" data-image-caption=\"\" data-large-file=\"https:\/\/www.cisa-arica.cl\/wp1\/wp-content\/uploads\/2025\/05\/WhatsApp-Image-2025-05-12-at-9.06.35-AM-600x450.jpeg\" role=\"button\" tabindex=\"0\" aria-label=\"Abrir la imagen 68 de 84 en pantalla completa\"srcset=\"https:\/\/i1.wp.com\/www.cisa-arica.cl\/wp1\/wp-content\/uploads\/2025\/05\/WhatsApp-Image-2025-05-12-at-9.06.35-AM-600x450.jpeg?strip=info&#038;w=600&#038;ssl=1 600w,https:\/\/i1.wp.com\/www.cisa-arica.cl\/wp1\/wp-content\/uploads\/2025\/05\/WhatsApp-Image-2025-05-12-at-9.06.35-AM-600x450.jpeg?strip=info&#038;w=900&#038;ssl=1 900w,https:\/\/i1.wp.com\/www.cisa-arica.cl\/wp1\/wp-content\/uploads\/2025\/05\/WhatsApp-Image-2025-05-12-at-9.06.35-AM-600x450.jpeg?strip=info&#038;w=1200&#038;ssl=1 1200w,https:\/\/i1.wp.com\/www.cisa-arica.cl\/wp1\/wp-content\/uploads\/2025\/05\/WhatsApp-Image-2025-05-12-at-9.06.35-AM-600x450.jpeg?strip=info&#038;w=1280&#038;ssl=1 1280w\" alt=\"\" data-height=\"960\" data-id=\"28263\" data-link=\"https:\/\/www.cisa-arica.cl\/wp1\/?attachment_id=28263\" data-url=\"https:\/\/www.cisa-arica.cl\/wp1\/wp-content\/uploads\/2025\/05\/WhatsApp-Image-2025-05-12-at-9.06.35-AM-600x450.jpeg\" data-width=\"1280\" src=\"https:\/\/i1.wp.com\/www.cisa-arica.cl\/wp1\/wp-content\/uploads\/2025\/05\/WhatsApp-Image-2025-05-12-at-9.06.35-AM-600x450.jpeg?ssl=1\" data-amp-layout=\"responsive\"\/><\/figure><\/div><div class=\"tiled-gallery__col\" style=\"flex-basis:36.02586%\"><figure class=\"tiled-gallery__item\"><img decoding=\"async\" data-attachment-id=\"28264\" data-permalink=\"https:\/\/www.cisa-arica.cl\/wp1\/2025\/04\/30\/conmemoracion-dia-del-libro-2025\/whatsapp-image-2025-05-12-at-9-06-35-am-2\/\" data-orig-file=\"https:\/\/www.cisa-arica.cl\/wp1\/wp-content\/uploads\/2025\/05\/WhatsApp-Image-2025-05-12-at-9.06.35-AM-2.jpeg\" data-orig-size=\"960,1280\" data-comments-opened=\"0\" data-image-meta=\"{&quot;aperture&quot;:&quot;0&quot;,&quot;credit&quot;:&quot;&quot;,&quot;camera&quot;:&quot;&quot;,&quot;caption&quot;:&quot;&quot;,&quot;created_timestamp&quot;:&quot;0&quot;,&quot;copyright&quot;:&quot;&quot;,&quot;focal_length&quot;:&quot;0&quot;,&quot;iso&quot;:&quot;0&quot;,&quot;shutter_speed&quot;:&quot;0&quot;,&quot;title&quot;:&quot;&quot;,&quot;orientation&quot;:&quot;0&quot;}\" data-image-title=\"WhatsApp-Image-2025-05-12-at-9.06.35-AM-2\" data-image-description=\"\" data-image-caption=\"\" data-large-file=\"https:\/\/www.cisa-arica.cl\/wp1\/wp-content\/uploads\/2025\/05\/WhatsApp-Image-2025-05-12-at-9.06.35-AM-2-450x600.jpeg\" data-attachment-id=\"28264\" data-permalink=\"https:\/\/www.cisa-arica.cl\/wp1\/2025\/04\/30\/conmemoracion-dia-del-libro-2025\/whatsapp-image-2025-05-12-at-9-06-35-am-2\/\" data-orig-file=\"https:\/\/www.cisa-arica.cl\/wp1\/wp-content\/uploads\/2025\/05\/WhatsApp-Image-2025-05-12-at-9.06.35-AM-2.jpeg\" data-orig-size=\"960,1280\" data-comments-opened=\"0\" data-image-meta=\"{&quot;aperture&quot;:&quot;0&quot;,&quot;credit&quot;:&quot;&quot;,&quot;camera&quot;:&quot;&quot;,&quot;caption&quot;:&quot;&quot;,&quot;created_timestamp&quot;:&quot;0&quot;,&quot;copyright&quot;:&quot;&quot;,&quot;focal_length&quot;:&quot;0&quot;,&quot;iso&quot;:&quot;0&quot;,&quot;shutter_speed&quot;:&quot;0&quot;,&quot;title&quot;:&quot;&quot;,&quot;orientation&quot;:&quot;0&quot;}\" data-image-title=\"WhatsApp-Image-2025-05-12-at-9.06.35-AM-2\" data-image-description=\"\" data-image-caption=\"\" data-large-file=\"https:\/\/www.cisa-arica.cl\/wp1\/wp-content\/uploads\/2025\/05\/WhatsApp-Image-2025-05-12-at-9.06.35-AM-2-450x600.jpeg\" role=\"button\" tabindex=\"0\" aria-label=\"Abrir la imagen 69 de 84 en pantalla completa\"srcset=\"https:\/\/i2.wp.com\/www.cisa-arica.cl\/wp1\/wp-content\/uploads\/2025\/05\/WhatsApp-Image-2025-05-12-at-9.06.35-AM-2-450x600.jpeg?strip=info&#038;w=600&#038;ssl=1 600w,https:\/\/i2.wp.com\/www.cisa-arica.cl\/wp1\/wp-content\/uploads\/2025\/05\/WhatsApp-Image-2025-05-12-at-9.06.35-AM-2-450x600.jpeg?strip=info&#038;w=900&#038;ssl=1 900w,https:\/\/i2.wp.com\/www.cisa-arica.cl\/wp1\/wp-content\/uploads\/2025\/05\/WhatsApp-Image-2025-05-12-at-9.06.35-AM-2-450x600.jpeg?strip=info&#038;w=960&#038;ssl=1 960w\" alt=\"\" data-height=\"1280\" data-id=\"28264\" data-link=\"https:\/\/www.cisa-arica.cl\/wp1\/?attachment_id=28264\" data-url=\"https:\/\/www.cisa-arica.cl\/wp1\/wp-content\/uploads\/2025\/05\/WhatsApp-Image-2025-05-12-at-9.06.35-AM-2-450x600.jpeg\" data-width=\"960\" src=\"https:\/\/i2.wp.com\/www.cisa-arica.cl\/wp1\/wp-content\/uploads\/2025\/05\/WhatsApp-Image-2025-05-12-at-9.06.35-AM-2-450x600.jpeg?ssl=1\" data-amp-layout=\"responsive\"\/><\/figure><\/div><\/div><div class=\"tiled-gallery__row\"><div class=\"tiled-gallery__col\" style=\"flex-basis:50.00000%\"><figure class=\"tiled-gallery__item\"><img decoding=\"async\" data-attachment-id=\"28265\" data-permalink=\"https:\/\/www.cisa-arica.cl\/wp1\/2025\/04\/30\/conmemoracion-dia-del-libro-2025\/whatsapp-image-2025-05-12-at-9-06-35-am-1\/\" data-orig-file=\"https:\/\/www.cisa-arica.cl\/wp1\/wp-content\/uploads\/2025\/05\/WhatsApp-Image-2025-05-12-at-9.06.35-AM-1.jpeg\" data-orig-size=\"960,1280\" data-comments-opened=\"0\" data-image-meta=\"{&quot;aperture&quot;:&quot;0&quot;,&quot;credit&quot;:&quot;&quot;,&quot;camera&quot;:&quot;&quot;,&quot;caption&quot;:&quot;&quot;,&quot;created_timestamp&quot;:&quot;0&quot;,&quot;copyright&quot;:&quot;&quot;,&quot;focal_length&quot;:&quot;0&quot;,&quot;iso&quot;:&quot;0&quot;,&quot;shutter_speed&quot;:&quot;0&quot;,&quot;title&quot;:&quot;&quot;,&quot;orientation&quot;:&quot;0&quot;}\" data-image-title=\"WhatsApp-Image-2025-05-12-at-9.06.35-AM-1\" data-image-description=\"\" data-image-caption=\"\" data-large-file=\"https:\/\/www.cisa-arica.cl\/wp1\/wp-content\/uploads\/2025\/05\/WhatsApp-Image-2025-05-12-at-9.06.35-AM-1-450x600.jpeg\" data-attachment-id=\"28265\" data-permalink=\"https:\/\/www.cisa-arica.cl\/wp1\/2025\/04\/30\/conmemoracion-dia-del-libro-2025\/whatsapp-image-2025-05-12-at-9-06-35-am-1\/\" data-orig-file=\"https:\/\/www.cisa-arica.cl\/wp1\/wp-content\/uploads\/2025\/05\/WhatsApp-Image-2025-05-12-at-9.06.35-AM-1.jpeg\" data-orig-size=\"960,1280\" data-comments-opened=\"0\" data-image-meta=\"{&quot;aperture&quot;:&quot;0&quot;,&quot;credit&quot;:&quot;&quot;,&quot;camera&quot;:&quot;&quot;,&quot;caption&quot;:&quot;&quot;,&quot;created_timestamp&quot;:&quot;0&quot;,&quot;copyright&quot;:&quot;&quot;,&quot;focal_length&quot;:&quot;0&quot;,&quot;iso&quot;:&quot;0&quot;,&quot;shutter_speed&quot;:&quot;0&quot;,&quot;title&quot;:&quot;&quot;,&quot;orientation&quot;:&quot;0&quot;}\" data-image-title=\"WhatsApp-Image-2025-05-12-at-9.06.35-AM-1\" data-image-description=\"\" data-image-caption=\"\" data-large-file=\"https:\/\/www.cisa-arica.cl\/wp1\/wp-content\/uploads\/2025\/05\/WhatsApp-Image-2025-05-12-at-9.06.35-AM-1-450x600.jpeg\" role=\"button\" tabindex=\"0\" aria-label=\"Abrir la imagen 70 de 84 en pantalla completa\"srcset=\"https:\/\/i2.wp.com\/www.cisa-arica.cl\/wp1\/wp-content\/uploads\/2025\/05\/WhatsApp-Image-2025-05-12-at-9.06.35-AM-1-450x600.jpeg?strip=info&#038;w=600&#038;ssl=1 600w,https:\/\/i2.wp.com\/www.cisa-arica.cl\/wp1\/wp-content\/uploads\/2025\/05\/WhatsApp-Image-2025-05-12-at-9.06.35-AM-1-450x600.jpeg?strip=info&#038;w=900&#038;ssl=1 900w,https:\/\/i2.wp.com\/www.cisa-arica.cl\/wp1\/wp-content\/uploads\/2025\/05\/WhatsApp-Image-2025-05-12-at-9.06.35-AM-1-450x600.jpeg?strip=info&#038;w=960&#038;ssl=1 960w\" alt=\"\" data-height=\"1280\" data-id=\"28265\" data-link=\"https:\/\/www.cisa-arica.cl\/wp1\/?attachment_id=28265\" data-url=\"https:\/\/www.cisa-arica.cl\/wp1\/wp-content\/uploads\/2025\/05\/WhatsApp-Image-2025-05-12-at-9.06.35-AM-1-450x600.jpeg\" data-width=\"960\" src=\"https:\/\/i2.wp.com\/www.cisa-arica.cl\/wp1\/wp-content\/uploads\/2025\/05\/WhatsApp-Image-2025-05-12-at-9.06.35-AM-1-450x600.jpeg?ssl=1\" data-amp-layout=\"responsive\"\/><\/figure><\/div><div class=\"tiled-gallery__col\" style=\"flex-basis:50.00000%\"><figure class=\"tiled-gallery__item\"><img decoding=\"async\" data-attachment-id=\"28266\" data-permalink=\"https:\/\/www.cisa-arica.cl\/wp1\/2025\/04\/30\/conmemoracion-dia-del-libro-2025\/whatsapp-image-2025-05-12-at-9-06-34-am\/\" data-orig-file=\"https:\/\/www.cisa-arica.cl\/wp1\/wp-content\/uploads\/2025\/05\/WhatsApp-Image-2025-05-12-at-9.06.34-AM.jpeg\" data-orig-size=\"960,1280\" data-comments-opened=\"0\" data-image-meta=\"{&quot;aperture&quot;:&quot;0&quot;,&quot;credit&quot;:&quot;&quot;,&quot;camera&quot;:&quot;&quot;,&quot;caption&quot;:&quot;&quot;,&quot;created_timestamp&quot;:&quot;0&quot;,&quot;copyright&quot;:&quot;&quot;,&quot;focal_length&quot;:&quot;0&quot;,&quot;iso&quot;:&quot;0&quot;,&quot;shutter_speed&quot;:&quot;0&quot;,&quot;title&quot;:&quot;&quot;,&quot;orientation&quot;:&quot;0&quot;}\" data-image-title=\"WhatsApp-Image-2025-05-12-at-9.06.34-AM\" data-image-description=\"\" data-image-caption=\"\" data-large-file=\"https:\/\/www.cisa-arica.cl\/wp1\/wp-content\/uploads\/2025\/05\/WhatsApp-Image-2025-05-12-at-9.06.34-AM-450x600.jpeg\" data-attachment-id=\"28266\" data-permalink=\"https:\/\/www.cisa-arica.cl\/wp1\/2025\/04\/30\/conmemoracion-dia-del-libro-2025\/whatsapp-image-2025-05-12-at-9-06-34-am\/\" data-orig-file=\"https:\/\/www.cisa-arica.cl\/wp1\/wp-content\/uploads\/2025\/05\/WhatsApp-Image-2025-05-12-at-9.06.34-AM.jpeg\" data-orig-size=\"960,1280\" data-comments-opened=\"0\" data-image-meta=\"{&quot;aperture&quot;:&quot;0&quot;,&quot;credit&quot;:&quot;&quot;,&quot;camera&quot;:&quot;&quot;,&quot;caption&quot;:&quot;&quot;,&quot;created_timestamp&quot;:&quot;0&quot;,&quot;copyright&quot;:&quot;&quot;,&quot;focal_length&quot;:&quot;0&quot;,&quot;iso&quot;:&quot;0&quot;,&quot;shutter_speed&quot;:&quot;0&quot;,&quot;title&quot;:&quot;&quot;,&quot;orientation&quot;:&quot;0&quot;}\" data-image-title=\"WhatsApp-Image-2025-05-12-at-9.06.34-AM\" data-image-description=\"\" data-image-caption=\"\" data-large-file=\"https:\/\/www.cisa-arica.cl\/wp1\/wp-content\/uploads\/2025\/05\/WhatsApp-Image-2025-05-12-at-9.06.34-AM-450x600.jpeg\" role=\"button\" tabindex=\"0\" aria-label=\"Abrir la imagen 71 de 84 en pantalla completa\"srcset=\"https:\/\/i1.wp.com\/www.cisa-arica.cl\/wp1\/wp-content\/uploads\/2025\/05\/WhatsApp-Image-2025-05-12-at-9.06.34-AM-450x600.jpeg?strip=info&#038;w=600&#038;ssl=1 600w,https:\/\/i1.wp.com\/www.cisa-arica.cl\/wp1\/wp-content\/uploads\/2025\/05\/WhatsApp-Image-2025-05-12-at-9.06.34-AM-450x600.jpeg?strip=info&#038;w=900&#038;ssl=1 900w,https:\/\/i1.wp.com\/www.cisa-arica.cl\/wp1\/wp-content\/uploads\/2025\/05\/WhatsApp-Image-2025-05-12-at-9.06.34-AM-450x600.jpeg?strip=info&#038;w=960&#038;ssl=1 960w\" alt=\"\" data-height=\"1280\" data-id=\"28266\" data-link=\"https:\/\/www.cisa-arica.cl\/wp1\/?attachment_id=28266\" data-url=\"https:\/\/www.cisa-arica.cl\/wp1\/wp-content\/uploads\/2025\/05\/WhatsApp-Image-2025-05-12-at-9.06.34-AM-450x600.jpeg\" data-width=\"960\" src=\"https:\/\/i1.wp.com\/www.cisa-arica.cl\/wp1\/wp-content\/uploads\/2025\/05\/WhatsApp-Image-2025-05-12-at-9.06.34-AM-450x600.jpeg?ssl=1\" data-amp-layout=\"responsive\"\/><\/figure><\/div><\/div><div class=\"tiled-gallery__row\"><div class=\"tiled-gallery__col\" style=\"flex-basis:63.97414%\"><figure class=\"tiled-gallery__item\"><img decoding=\"async\" data-attachment-id=\"28267\" data-permalink=\"https:\/\/www.cisa-arica.cl\/wp1\/2025\/04\/30\/conmemoracion-dia-del-libro-2025\/whatsapp-image-2025-05-12-at-9-06-34-am-2\/\" data-orig-file=\"https:\/\/www.cisa-arica.cl\/wp1\/wp-content\/uploads\/2025\/05\/WhatsApp-Image-2025-05-12-at-9.06.34-AM-2.jpeg\" data-orig-size=\"1280,960\" data-comments-opened=\"0\" data-image-meta=\"{&quot;aperture&quot;:&quot;0&quot;,&quot;credit&quot;:&quot;&quot;,&quot;camera&quot;:&quot;&quot;,&quot;caption&quot;:&quot;&quot;,&quot;created_timestamp&quot;:&quot;0&quot;,&quot;copyright&quot;:&quot;&quot;,&quot;focal_length&quot;:&quot;0&quot;,&quot;iso&quot;:&quot;0&quot;,&quot;shutter_speed&quot;:&quot;0&quot;,&quot;title&quot;:&quot;&quot;,&quot;orientation&quot;:&quot;0&quot;}\" data-image-title=\"WhatsApp-Image-2025-05-12-at-9.06.34-AM-2\" data-image-description=\"\" data-image-caption=\"\" data-large-file=\"https:\/\/www.cisa-arica.cl\/wp1\/wp-content\/uploads\/2025\/05\/WhatsApp-Image-2025-05-12-at-9.06.34-AM-2-600x450.jpeg\" data-attachment-id=\"28267\" data-permalink=\"https:\/\/www.cisa-arica.cl\/wp1\/2025\/04\/30\/conmemoracion-dia-del-libro-2025\/whatsapp-image-2025-05-12-at-9-06-34-am-2\/\" data-orig-file=\"https:\/\/www.cisa-arica.cl\/wp1\/wp-content\/uploads\/2025\/05\/WhatsApp-Image-2025-05-12-at-9.06.34-AM-2.jpeg\" data-orig-size=\"1280,960\" data-comments-opened=\"0\" data-image-meta=\"{&quot;aperture&quot;:&quot;0&quot;,&quot;credit&quot;:&quot;&quot;,&quot;camera&quot;:&quot;&quot;,&quot;caption&quot;:&quot;&quot;,&quot;created_timestamp&quot;:&quot;0&quot;,&quot;copyright&quot;:&quot;&quot;,&quot;focal_length&quot;:&quot;0&quot;,&quot;iso&quot;:&quot;0&quot;,&quot;shutter_speed&quot;:&quot;0&quot;,&quot;title&quot;:&quot;&quot;,&quot;orientation&quot;:&quot;0&quot;}\" data-image-title=\"WhatsApp-Image-2025-05-12-at-9.06.34-AM-2\" data-image-description=\"\" data-image-caption=\"\" data-large-file=\"https:\/\/www.cisa-arica.cl\/wp1\/wp-content\/uploads\/2025\/05\/WhatsApp-Image-2025-05-12-at-9.06.34-AM-2-600x450.jpeg\" role=\"button\" tabindex=\"0\" aria-label=\"Abrir la imagen 72 de 84 en pantalla completa\"srcset=\"https:\/\/i1.wp.com\/www.cisa-arica.cl\/wp1\/wp-content\/uploads\/2025\/05\/WhatsApp-Image-2025-05-12-at-9.06.34-AM-2-600x450.jpeg?strip=info&#038;w=600&#038;ssl=1 600w,https:\/\/i1.wp.com\/www.cisa-arica.cl\/wp1\/wp-content\/uploads\/2025\/05\/WhatsApp-Image-2025-05-12-at-9.06.34-AM-2-600x450.jpeg?strip=info&#038;w=900&#038;ssl=1 900w,https:\/\/i1.wp.com\/www.cisa-arica.cl\/wp1\/wp-content\/uploads\/2025\/05\/WhatsApp-Image-2025-05-12-at-9.06.34-AM-2-600x450.jpeg?strip=info&#038;w=1200&#038;ssl=1 1200w,https:\/\/i1.wp.com\/www.cisa-arica.cl\/wp1\/wp-content\/uploads\/2025\/05\/WhatsApp-Image-2025-05-12-at-9.06.34-AM-2-600x450.jpeg?strip=info&#038;w=1280&#038;ssl=1 1280w\" alt=\"\" data-height=\"960\" data-id=\"28267\" data-link=\"https:\/\/www.cisa-arica.cl\/wp1\/?attachment_id=28267\" data-url=\"https:\/\/www.cisa-arica.cl\/wp1\/wp-content\/uploads\/2025\/05\/WhatsApp-Image-2025-05-12-at-9.06.34-AM-2-600x450.jpeg\" data-width=\"1280\" src=\"https:\/\/i1.wp.com\/www.cisa-arica.cl\/wp1\/wp-content\/uploads\/2025\/05\/WhatsApp-Image-2025-05-12-at-9.06.34-AM-2-600x450.jpeg?ssl=1\" data-amp-layout=\"responsive\"\/><\/figure><\/div><div class=\"tiled-gallery__col\" style=\"flex-basis:36.02586%\"><figure class=\"tiled-gallery__item\"><img decoding=\"async\" data-attachment-id=\"28268\" data-permalink=\"https:\/\/www.cisa-arica.cl\/wp1\/2025\/04\/30\/conmemoracion-dia-del-libro-2025\/whatsapp-image-2025-05-12-at-9-06-34-am-1\/\" data-orig-file=\"https:\/\/www.cisa-arica.cl\/wp1\/wp-content\/uploads\/2025\/05\/WhatsApp-Image-2025-05-12-at-9.06.34-AM-1.jpeg\" data-orig-size=\"960,1280\" data-comments-opened=\"0\" data-image-meta=\"{&quot;aperture&quot;:&quot;0&quot;,&quot;credit&quot;:&quot;&quot;,&quot;camera&quot;:&quot;&quot;,&quot;caption&quot;:&quot;&quot;,&quot;created_timestamp&quot;:&quot;0&quot;,&quot;copyright&quot;:&quot;&quot;,&quot;focal_length&quot;:&quot;0&quot;,&quot;iso&quot;:&quot;0&quot;,&quot;shutter_speed&quot;:&quot;0&quot;,&quot;title&quot;:&quot;&quot;,&quot;orientation&quot;:&quot;0&quot;}\" data-image-title=\"WhatsApp-Image-2025-05-12-at-9.06.34-AM-1\" data-image-description=\"\" data-image-caption=\"\" data-large-file=\"https:\/\/www.cisa-arica.cl\/wp1\/wp-content\/uploads\/2025\/05\/WhatsApp-Image-2025-05-12-at-9.06.34-AM-1-450x600.jpeg\" data-attachment-id=\"28268\" data-permalink=\"https:\/\/www.cisa-arica.cl\/wp1\/2025\/04\/30\/conmemoracion-dia-del-libro-2025\/whatsapp-image-2025-05-12-at-9-06-34-am-1\/\" data-orig-file=\"https:\/\/www.cisa-arica.cl\/wp1\/wp-content\/uploads\/2025\/05\/WhatsApp-Image-2025-05-12-at-9.06.34-AM-1.jpeg\" data-orig-size=\"960,1280\" data-comments-opened=\"0\" data-image-meta=\"{&quot;aperture&quot;:&quot;0&quot;,&quot;credit&quot;:&quot;&quot;,&quot;camera&quot;:&quot;&quot;,&quot;caption&quot;:&quot;&quot;,&quot;created_timestamp&quot;:&quot;0&quot;,&quot;copyright&quot;:&quot;&quot;,&quot;focal_length&quot;:&quot;0&quot;,&quot;iso&quot;:&quot;0&quot;,&quot;shutter_speed&quot;:&quot;0&quot;,&quot;title&quot;:&quot;&quot;,&quot;orientation&quot;:&quot;0&quot;}\" data-image-title=\"WhatsApp-Image-2025-05-12-at-9.06.34-AM-1\" data-image-description=\"\" data-image-caption=\"\" data-large-file=\"https:\/\/www.cisa-arica.cl\/wp1\/wp-content\/uploads\/2025\/05\/WhatsApp-Image-2025-05-12-at-9.06.34-AM-1-450x600.jpeg\" role=\"button\" tabindex=\"0\" aria-label=\"Abrir la imagen 73 de 84 en pantalla completa\"srcset=\"https:\/\/i0.wp.com\/www.cisa-arica.cl\/wp1\/wp-content\/uploads\/2025\/05\/WhatsApp-Image-2025-05-12-at-9.06.34-AM-1-450x600.jpeg?strip=info&#038;w=600&#038;ssl=1 600w,https:\/\/i0.wp.com\/www.cisa-arica.cl\/wp1\/wp-content\/uploads\/2025\/05\/WhatsApp-Image-2025-05-12-at-9.06.34-AM-1-450x600.jpeg?strip=info&#038;w=900&#038;ssl=1 900w,https:\/\/i0.wp.com\/www.cisa-arica.cl\/wp1\/wp-content\/uploads\/2025\/05\/WhatsApp-Image-2025-05-12-at-9.06.34-AM-1-450x600.jpeg?strip=info&#038;w=960&#038;ssl=1 960w\" alt=\"\" data-height=\"1280\" data-id=\"28268\" data-link=\"https:\/\/www.cisa-arica.cl\/wp1\/?attachment_id=28268\" data-url=\"https:\/\/www.cisa-arica.cl\/wp1\/wp-content\/uploads\/2025\/05\/WhatsApp-Image-2025-05-12-at-9.06.34-AM-1-450x600.jpeg\" data-width=\"960\" src=\"https:\/\/i0.wp.com\/www.cisa-arica.cl\/wp1\/wp-content\/uploads\/2025\/05\/WhatsApp-Image-2025-05-12-at-9.06.34-AM-1-450x600.jpeg?ssl=1\" data-amp-layout=\"responsive\"\/><\/figure><\/div><\/div><div class=\"tiled-gallery__row\"><div class=\"tiled-gallery__col\" style=\"flex-basis:50.00000%\"><figure class=\"tiled-gallery__item\"><img decoding=\"async\" data-attachment-id=\"28269\" data-permalink=\"https:\/\/www.cisa-arica.cl\/wp1\/2025\/04\/30\/conmemoracion-dia-del-libro-2025\/whatsapp-image-2025-05-12-at-9-06-33-am\/\" data-orig-file=\"https:\/\/www.cisa-arica.cl\/wp1\/wp-content\/uploads\/2025\/05\/WhatsApp-Image-2025-05-12-at-9.06.33-AM.jpeg\" data-orig-size=\"960,1280\" data-comments-opened=\"0\" data-image-meta=\"{&quot;aperture&quot;:&quot;0&quot;,&quot;credit&quot;:&quot;&quot;,&quot;camera&quot;:&quot;&quot;,&quot;caption&quot;:&quot;&quot;,&quot;created_timestamp&quot;:&quot;0&quot;,&quot;copyright&quot;:&quot;&quot;,&quot;focal_length&quot;:&quot;0&quot;,&quot;iso&quot;:&quot;0&quot;,&quot;shutter_speed&quot;:&quot;0&quot;,&quot;title&quot;:&quot;&quot;,&quot;orientation&quot;:&quot;0&quot;}\" data-image-title=\"WhatsApp-Image-2025-05-12-at-9.06.33-AM\" data-image-description=\"\" data-image-caption=\"\" data-large-file=\"https:\/\/www.cisa-arica.cl\/wp1\/wp-content\/uploads\/2025\/05\/WhatsApp-Image-2025-05-12-at-9.06.33-AM-450x600.jpeg\" data-attachment-id=\"28269\" data-permalink=\"https:\/\/www.cisa-arica.cl\/wp1\/2025\/04\/30\/conmemoracion-dia-del-libro-2025\/whatsapp-image-2025-05-12-at-9-06-33-am\/\" data-orig-file=\"https:\/\/www.cisa-arica.cl\/wp1\/wp-content\/uploads\/2025\/05\/WhatsApp-Image-2025-05-12-at-9.06.33-AM.jpeg\" data-orig-size=\"960,1280\" data-comments-opened=\"0\" data-image-meta=\"{&quot;aperture&quot;:&quot;0&quot;,&quot;credit&quot;:&quot;&quot;,&quot;camera&quot;:&quot;&quot;,&quot;caption&quot;:&quot;&quot;,&quot;created_timestamp&quot;:&quot;0&quot;,&quot;copyright&quot;:&quot;&quot;,&quot;focal_length&quot;:&quot;0&quot;,&quot;iso&quot;:&quot;0&quot;,&quot;shutter_speed&quot;:&quot;0&quot;,&quot;title&quot;:&quot;&quot;,&quot;orientation&quot;:&quot;0&quot;}\" data-image-title=\"WhatsApp-Image-2025-05-12-at-9.06.33-AM\" data-image-description=\"\" data-image-caption=\"\" data-large-file=\"https:\/\/www.cisa-arica.cl\/wp1\/wp-content\/uploads\/2025\/05\/WhatsApp-Image-2025-05-12-at-9.06.33-AM-450x600.jpeg\" role=\"button\" tabindex=\"0\" aria-label=\"Abrir la imagen 74 de 84 en pantalla completa\"srcset=\"https:\/\/i1.wp.com\/www.cisa-arica.cl\/wp1\/wp-content\/uploads\/2025\/05\/WhatsApp-Image-2025-05-12-at-9.06.33-AM-450x600.jpeg?strip=info&#038;w=600&#038;ssl=1 600w,https:\/\/i1.wp.com\/www.cisa-arica.cl\/wp1\/wp-content\/uploads\/2025\/05\/WhatsApp-Image-2025-05-12-at-9.06.33-AM-450x600.jpeg?strip=info&#038;w=900&#038;ssl=1 900w,https:\/\/i1.wp.com\/www.cisa-arica.cl\/wp1\/wp-content\/uploads\/2025\/05\/WhatsApp-Image-2025-05-12-at-9.06.33-AM-450x600.jpeg?strip=info&#038;w=960&#038;ssl=1 960w\" alt=\"\" data-height=\"1280\" data-id=\"28269\" data-link=\"https:\/\/www.cisa-arica.cl\/wp1\/?attachment_id=28269\" data-url=\"https:\/\/www.cisa-arica.cl\/wp1\/wp-content\/uploads\/2025\/05\/WhatsApp-Image-2025-05-12-at-9.06.33-AM-450x600.jpeg\" data-width=\"960\" src=\"https:\/\/i1.wp.com\/www.cisa-arica.cl\/wp1\/wp-content\/uploads\/2025\/05\/WhatsApp-Image-2025-05-12-at-9.06.33-AM-450x600.jpeg?ssl=1\" data-amp-layout=\"responsive\"\/><\/figure><\/div><div class=\"tiled-gallery__col\" style=\"flex-basis:50.00000%\"><figure class=\"tiled-gallery__item\"><img decoding=\"async\" data-attachment-id=\"28270\" data-permalink=\"https:\/\/www.cisa-arica.cl\/wp1\/2025\/04\/30\/conmemoracion-dia-del-libro-2025\/whatsapp-image-2025-05-12-at-9-06-32-am\/\" data-orig-file=\"https:\/\/www.cisa-arica.cl\/wp1\/wp-content\/uploads\/2025\/05\/WhatsApp-Image-2025-05-12-at-9.06.32-AM.jpeg\" data-orig-size=\"960,1280\" data-comments-opened=\"0\" data-image-meta=\"{&quot;aperture&quot;:&quot;0&quot;,&quot;credit&quot;:&quot;&quot;,&quot;camera&quot;:&quot;&quot;,&quot;caption&quot;:&quot;&quot;,&quot;created_timestamp&quot;:&quot;0&quot;,&quot;copyright&quot;:&quot;&quot;,&quot;focal_length&quot;:&quot;0&quot;,&quot;iso&quot;:&quot;0&quot;,&quot;shutter_speed&quot;:&quot;0&quot;,&quot;title&quot;:&quot;&quot;,&quot;orientation&quot;:&quot;0&quot;}\" data-image-title=\"WhatsApp-Image-2025-05-12-at-9.06.32-AM\" data-image-description=\"\" data-image-caption=\"\" data-large-file=\"https:\/\/www.cisa-arica.cl\/wp1\/wp-content\/uploads\/2025\/05\/WhatsApp-Image-2025-05-12-at-9.06.32-AM-450x600.jpeg\" data-attachment-id=\"28270\" data-permalink=\"https:\/\/www.cisa-arica.cl\/wp1\/2025\/04\/30\/conmemoracion-dia-del-libro-2025\/whatsapp-image-2025-05-12-at-9-06-32-am\/\" data-orig-file=\"https:\/\/www.cisa-arica.cl\/wp1\/wp-content\/uploads\/2025\/05\/WhatsApp-Image-2025-05-12-at-9.06.32-AM.jpeg\" data-orig-size=\"960,1280\" data-comments-opened=\"0\" data-image-meta=\"{&quot;aperture&quot;:&quot;0&quot;,&quot;credit&quot;:&quot;&quot;,&quot;camera&quot;:&quot;&quot;,&quot;caption&quot;:&quot;&quot;,&quot;created_timestamp&quot;:&quot;0&quot;,&quot;copyright&quot;:&quot;&quot;,&quot;focal_length&quot;:&quot;0&quot;,&quot;iso&quot;:&quot;0&quot;,&quot;shutter_speed&quot;:&quot;0&quot;,&quot;title&quot;:&quot;&quot;,&quot;orientation&quot;:&quot;0&quot;}\" data-image-title=\"WhatsApp-Image-2025-05-12-at-9.06.32-AM\" data-image-description=\"\" data-image-caption=\"\" data-large-file=\"https:\/\/www.cisa-arica.cl\/wp1\/wp-content\/uploads\/2025\/05\/WhatsApp-Image-2025-05-12-at-9.06.32-AM-450x600.jpeg\" role=\"button\" tabindex=\"0\" aria-label=\"Abrir la imagen 75 de 84 en pantalla completa\"srcset=\"https:\/\/i0.wp.com\/www.cisa-arica.cl\/wp1\/wp-content\/uploads\/2025\/05\/WhatsApp-Image-2025-05-12-at-9.06.32-AM-450x600.jpeg?strip=info&#038;w=600&#038;ssl=1 600w,https:\/\/i0.wp.com\/www.cisa-arica.cl\/wp1\/wp-content\/uploads\/2025\/05\/WhatsApp-Image-2025-05-12-at-9.06.32-AM-450x600.jpeg?strip=info&#038;w=900&#038;ssl=1 900w,https:\/\/i0.wp.com\/www.cisa-arica.cl\/wp1\/wp-content\/uploads\/2025\/05\/WhatsApp-Image-2025-05-12-at-9.06.32-AM-450x600.jpeg?strip=info&#038;w=960&#038;ssl=1 960w\" alt=\"\" data-height=\"1280\" data-id=\"28270\" data-link=\"https:\/\/www.cisa-arica.cl\/wp1\/?attachment_id=28270\" data-url=\"https:\/\/www.cisa-arica.cl\/wp1\/wp-content\/uploads\/2025\/05\/WhatsApp-Image-2025-05-12-at-9.06.32-AM-450x600.jpeg\" data-width=\"960\" src=\"https:\/\/i0.wp.com\/www.cisa-arica.cl\/wp1\/wp-content\/uploads\/2025\/05\/WhatsApp-Image-2025-05-12-at-9.06.32-AM-450x600.jpeg?ssl=1\" data-amp-layout=\"responsive\"\/><\/figure><\/div><\/div><div class=\"tiled-gallery__row\"><div class=\"tiled-gallery__col\" style=\"flex-basis:39.00709%\"><figure class=\"tiled-gallery__item\"><img decoding=\"async\" data-attachment-id=\"28271\" data-permalink=\"https:\/\/www.cisa-arica.cl\/wp1\/2025\/04\/30\/conmemoracion-dia-del-libro-2025\/whatsapp-image-2025-05-12-at-9-06-31-am\/\" data-orig-file=\"https:\/\/www.cisa-arica.cl\/wp1\/wp-content\/uploads\/2025\/05\/WhatsApp-Image-2025-05-12-at-9.06.31-AM.jpeg\" data-orig-size=\"1280,960\" data-comments-opened=\"0\" data-image-meta=\"{&quot;aperture&quot;:&quot;0&quot;,&quot;credit&quot;:&quot;&quot;,&quot;camera&quot;:&quot;&quot;,&quot;caption&quot;:&quot;&quot;,&quot;created_timestamp&quot;:&quot;0&quot;,&quot;copyright&quot;:&quot;&quot;,&quot;focal_length&quot;:&quot;0&quot;,&quot;iso&quot;:&quot;0&quot;,&quot;shutter_speed&quot;:&quot;0&quot;,&quot;title&quot;:&quot;&quot;,&quot;orientation&quot;:&quot;0&quot;}\" data-image-title=\"WhatsApp-Image-2025-05-12-at-9.06.31-AM\" data-image-description=\"\" data-image-caption=\"\" data-large-file=\"https:\/\/www.cisa-arica.cl\/wp1\/wp-content\/uploads\/2025\/05\/WhatsApp-Image-2025-05-12-at-9.06.31-AM-600x450.jpeg\" data-attachment-id=\"28271\" data-permalink=\"https:\/\/www.cisa-arica.cl\/wp1\/2025\/04\/30\/conmemoracion-dia-del-libro-2025\/whatsapp-image-2025-05-12-at-9-06-31-am\/\" data-orig-file=\"https:\/\/www.cisa-arica.cl\/wp1\/wp-content\/uploads\/2025\/05\/WhatsApp-Image-2025-05-12-at-9.06.31-AM.jpeg\" data-orig-size=\"1280,960\" data-comments-opened=\"0\" data-image-meta=\"{&quot;aperture&quot;:&quot;0&quot;,&quot;credit&quot;:&quot;&quot;,&quot;camera&quot;:&quot;&quot;,&quot;caption&quot;:&quot;&quot;,&quot;created_timestamp&quot;:&quot;0&quot;,&quot;copyright&quot;:&quot;&quot;,&quot;focal_length&quot;:&quot;0&quot;,&quot;iso&quot;:&quot;0&quot;,&quot;shutter_speed&quot;:&quot;0&quot;,&quot;title&quot;:&quot;&quot;,&quot;orientation&quot;:&quot;0&quot;}\" data-image-title=\"WhatsApp-Image-2025-05-12-at-9.06.31-AM\" data-image-description=\"\" data-image-caption=\"\" data-large-file=\"https:\/\/www.cisa-arica.cl\/wp1\/wp-content\/uploads\/2025\/05\/WhatsApp-Image-2025-05-12-at-9.06.31-AM-600x450.jpeg\" role=\"button\" tabindex=\"0\" aria-label=\"Abrir la imagen 76 de 84 en pantalla completa\"srcset=\"https:\/\/i0.wp.com\/www.cisa-arica.cl\/wp1\/wp-content\/uploads\/2025\/05\/WhatsApp-Image-2025-05-12-at-9.06.31-AM-600x450.jpeg?strip=info&#038;w=600&#038;ssl=1 600w,https:\/\/i0.wp.com\/www.cisa-arica.cl\/wp1\/wp-content\/uploads\/2025\/05\/WhatsApp-Image-2025-05-12-at-9.06.31-AM-600x450.jpeg?strip=info&#038;w=900&#038;ssl=1 900w,https:\/\/i0.wp.com\/www.cisa-arica.cl\/wp1\/wp-content\/uploads\/2025\/05\/WhatsApp-Image-2025-05-12-at-9.06.31-AM-600x450.jpeg?strip=info&#038;w=1200&#038;ssl=1 1200w,https:\/\/i0.wp.com\/www.cisa-arica.cl\/wp1\/wp-content\/uploads\/2025\/05\/WhatsApp-Image-2025-05-12-at-9.06.31-AM-600x450.jpeg?strip=info&#038;w=1280&#038;ssl=1 1280w\" alt=\"\" data-height=\"960\" data-id=\"28271\" data-link=\"https:\/\/www.cisa-arica.cl\/wp1\/?attachment_id=28271\" data-url=\"https:\/\/www.cisa-arica.cl\/wp1\/wp-content\/uploads\/2025\/05\/WhatsApp-Image-2025-05-12-at-9.06.31-AM-600x450.jpeg\" data-width=\"1280\" src=\"https:\/\/i0.wp.com\/www.cisa-arica.cl\/wp1\/wp-content\/uploads\/2025\/05\/WhatsApp-Image-2025-05-12-at-9.06.31-AM-600x450.jpeg?ssl=1\" data-amp-layout=\"responsive\"\/><\/figure><\/div><div class=\"tiled-gallery__col\" style=\"flex-basis:21.98582%\"><figure class=\"tiled-gallery__item\"><img decoding=\"async\" data-attachment-id=\"28272\" data-permalink=\"https:\/\/www.cisa-arica.cl\/wp1\/2025\/04\/30\/conmemoracion-dia-del-libro-2025\/whatsapp-image-2025-05-12-at-9-06-30-am\/\" data-orig-file=\"https:\/\/www.cisa-arica.cl\/wp1\/wp-content\/uploads\/2025\/05\/WhatsApp-Image-2025-05-12-at-9.06.30-AM.jpeg\" data-orig-size=\"960,1280\" data-comments-opened=\"0\" data-image-meta=\"{&quot;aperture&quot;:&quot;0&quot;,&quot;credit&quot;:&quot;&quot;,&quot;camera&quot;:&quot;&quot;,&quot;caption&quot;:&quot;&quot;,&quot;created_timestamp&quot;:&quot;0&quot;,&quot;copyright&quot;:&quot;&quot;,&quot;focal_length&quot;:&quot;0&quot;,&quot;iso&quot;:&quot;0&quot;,&quot;shutter_speed&quot;:&quot;0&quot;,&quot;title&quot;:&quot;&quot;,&quot;orientation&quot;:&quot;0&quot;}\" data-image-title=\"WhatsApp-Image-2025-05-12-at-9.06.30-AM\" data-image-description=\"\" data-image-caption=\"\" data-large-file=\"https:\/\/www.cisa-arica.cl\/wp1\/wp-content\/uploads\/2025\/05\/WhatsApp-Image-2025-05-12-at-9.06.30-AM-450x600.jpeg\" data-attachment-id=\"28272\" data-permalink=\"https:\/\/www.cisa-arica.cl\/wp1\/2025\/04\/30\/conmemoracion-dia-del-libro-2025\/whatsapp-image-2025-05-12-at-9-06-30-am\/\" data-orig-file=\"https:\/\/www.cisa-arica.cl\/wp1\/wp-content\/uploads\/2025\/05\/WhatsApp-Image-2025-05-12-at-9.06.30-AM.jpeg\" data-orig-size=\"960,1280\" data-comments-opened=\"0\" data-image-meta=\"{&quot;aperture&quot;:&quot;0&quot;,&quot;credit&quot;:&quot;&quot;,&quot;camera&quot;:&quot;&quot;,&quot;caption&quot;:&quot;&quot;,&quot;created_timestamp&quot;:&quot;0&quot;,&quot;copyright&quot;:&quot;&quot;,&quot;focal_length&quot;:&quot;0&quot;,&quot;iso&quot;:&quot;0&quot;,&quot;shutter_speed&quot;:&quot;0&quot;,&quot;title&quot;:&quot;&quot;,&quot;orientation&quot;:&quot;0&quot;}\" data-image-title=\"WhatsApp-Image-2025-05-12-at-9.06.30-AM\" data-image-description=\"\" data-image-caption=\"\" data-large-file=\"https:\/\/www.cisa-arica.cl\/wp1\/wp-content\/uploads\/2025\/05\/WhatsApp-Image-2025-05-12-at-9.06.30-AM-450x600.jpeg\" role=\"button\" tabindex=\"0\" aria-label=\"Abrir la imagen 77 de 84 en pantalla completa\"srcset=\"https:\/\/i1.wp.com\/www.cisa-arica.cl\/wp1\/wp-content\/uploads\/2025\/05\/WhatsApp-Image-2025-05-12-at-9.06.30-AM-450x600.jpeg?strip=info&#038;w=600&#038;ssl=1 600w,https:\/\/i1.wp.com\/www.cisa-arica.cl\/wp1\/wp-content\/uploads\/2025\/05\/WhatsApp-Image-2025-05-12-at-9.06.30-AM-450x600.jpeg?strip=info&#038;w=900&#038;ssl=1 900w,https:\/\/i1.wp.com\/www.cisa-arica.cl\/wp1\/wp-content\/uploads\/2025\/05\/WhatsApp-Image-2025-05-12-at-9.06.30-AM-450x600.jpeg?strip=info&#038;w=960&#038;ssl=1 960w\" alt=\"\" data-height=\"1280\" data-id=\"28272\" data-link=\"https:\/\/www.cisa-arica.cl\/wp1\/?attachment_id=28272\" data-url=\"https:\/\/www.cisa-arica.cl\/wp1\/wp-content\/uploads\/2025\/05\/WhatsApp-Image-2025-05-12-at-9.06.30-AM-450x600.jpeg\" data-width=\"960\" src=\"https:\/\/i1.wp.com\/www.cisa-arica.cl\/wp1\/wp-content\/uploads\/2025\/05\/WhatsApp-Image-2025-05-12-at-9.06.30-AM-450x600.jpeg?ssl=1\" data-amp-layout=\"responsive\"\/><\/figure><\/div><div class=\"tiled-gallery__col\" style=\"flex-basis:39.00709%\"><figure class=\"tiled-gallery__item\"><img decoding=\"async\" data-attachment-id=\"28273\" data-permalink=\"https:\/\/www.cisa-arica.cl\/wp1\/2025\/04\/30\/conmemoracion-dia-del-libro-2025\/whatsapp-image-2025-05-12-at-9-06-29-am\/\" data-orig-file=\"https:\/\/www.cisa-arica.cl\/wp1\/wp-content\/uploads\/2025\/05\/WhatsApp-Image-2025-05-12-at-9.06.29-AM.jpeg\" data-orig-size=\"1280,960\" data-comments-opened=\"0\" data-image-meta=\"{&quot;aperture&quot;:&quot;0&quot;,&quot;credit&quot;:&quot;&quot;,&quot;camera&quot;:&quot;&quot;,&quot;caption&quot;:&quot;&quot;,&quot;created_timestamp&quot;:&quot;0&quot;,&quot;copyright&quot;:&quot;&quot;,&quot;focal_length&quot;:&quot;0&quot;,&quot;iso&quot;:&quot;0&quot;,&quot;shutter_speed&quot;:&quot;0&quot;,&quot;title&quot;:&quot;&quot;,&quot;orientation&quot;:&quot;0&quot;}\" data-image-title=\"WhatsApp-Image-2025-05-12-at-9.06.29-AM\" data-image-description=\"\" data-image-caption=\"\" data-large-file=\"https:\/\/www.cisa-arica.cl\/wp1\/wp-content\/uploads\/2025\/05\/WhatsApp-Image-2025-05-12-at-9.06.29-AM-600x450.jpeg\" data-attachment-id=\"28273\" data-permalink=\"https:\/\/www.cisa-arica.cl\/wp1\/2025\/04\/30\/conmemoracion-dia-del-libro-2025\/whatsapp-image-2025-05-12-at-9-06-29-am\/\" data-orig-file=\"https:\/\/www.cisa-arica.cl\/wp1\/wp-content\/uploads\/2025\/05\/WhatsApp-Image-2025-05-12-at-9.06.29-AM.jpeg\" data-orig-size=\"1280,960\" data-comments-opened=\"0\" data-image-meta=\"{&quot;aperture&quot;:&quot;0&quot;,&quot;credit&quot;:&quot;&quot;,&quot;camera&quot;:&quot;&quot;,&quot;caption&quot;:&quot;&quot;,&quot;created_timestamp&quot;:&quot;0&quot;,&quot;copyright&quot;:&quot;&quot;,&quot;focal_length&quot;:&quot;0&quot;,&quot;iso&quot;:&quot;0&quot;,&quot;shutter_speed&quot;:&quot;0&quot;,&quot;title&quot;:&quot;&quot;,&quot;orientation&quot;:&quot;0&quot;}\" data-image-title=\"WhatsApp-Image-2025-05-12-at-9.06.29-AM\" data-image-description=\"\" data-image-caption=\"\" data-large-file=\"https:\/\/www.cisa-arica.cl\/wp1\/wp-content\/uploads\/2025\/05\/WhatsApp-Image-2025-05-12-at-9.06.29-AM-600x450.jpeg\" role=\"button\" tabindex=\"0\" aria-label=\"Abrir la imagen 78 de 84 en pantalla completa\"srcset=\"https:\/\/i0.wp.com\/www.cisa-arica.cl\/wp1\/wp-content\/uploads\/2025\/05\/WhatsApp-Image-2025-05-12-at-9.06.29-AM-600x450.jpeg?strip=info&#038;w=600&#038;ssl=1 600w,https:\/\/i0.wp.com\/www.cisa-arica.cl\/wp1\/wp-content\/uploads\/2025\/05\/WhatsApp-Image-2025-05-12-at-9.06.29-AM-600x450.jpeg?strip=info&#038;w=900&#038;ssl=1 900w,https:\/\/i0.wp.com\/www.cisa-arica.cl\/wp1\/wp-content\/uploads\/2025\/05\/WhatsApp-Image-2025-05-12-at-9.06.29-AM-600x450.jpeg?strip=info&#038;w=1200&#038;ssl=1 1200w,https:\/\/i0.wp.com\/www.cisa-arica.cl\/wp1\/wp-content\/uploads\/2025\/05\/WhatsApp-Image-2025-05-12-at-9.06.29-AM-600x450.jpeg?strip=info&#038;w=1280&#038;ssl=1 1280w\" alt=\"\" data-height=\"960\" data-id=\"28273\" data-link=\"https:\/\/www.cisa-arica.cl\/wp1\/?attachment_id=28273\" data-url=\"https:\/\/www.cisa-arica.cl\/wp1\/wp-content\/uploads\/2025\/05\/WhatsApp-Image-2025-05-12-at-9.06.29-AM-600x450.jpeg\" data-width=\"1280\" src=\"https:\/\/i0.wp.com\/www.cisa-arica.cl\/wp1\/wp-content\/uploads\/2025\/05\/WhatsApp-Image-2025-05-12-at-9.06.29-AM-600x450.jpeg?ssl=1\" data-amp-layout=\"responsive\"\/><\/figure><\/div><\/div><div class=\"tiled-gallery__row\"><div class=\"tiled-gallery__col\" style=\"flex-basis:46.94605%\"><figure class=\"tiled-gallery__item\"><img decoding=\"async\" data-attachment-id=\"28274\" data-permalink=\"https:\/\/www.cisa-arica.cl\/wp1\/2025\/04\/30\/conmemoracion-dia-del-libro-2025\/whatsapp-image-2025-05-12-at-9-06-27-am\/\" data-orig-file=\"https:\/\/www.cisa-arica.cl\/wp1\/wp-content\/uploads\/2025\/05\/WhatsApp-Image-2025-05-12-at-9.06.27-AM.jpeg\" data-orig-size=\"1280,960\" data-comments-opened=\"0\" data-image-meta=\"{&quot;aperture&quot;:&quot;0&quot;,&quot;credit&quot;:&quot;&quot;,&quot;camera&quot;:&quot;&quot;,&quot;caption&quot;:&quot;&quot;,&quot;created_timestamp&quot;:&quot;0&quot;,&quot;copyright&quot;:&quot;&quot;,&quot;focal_length&quot;:&quot;0&quot;,&quot;iso&quot;:&quot;0&quot;,&quot;shutter_speed&quot;:&quot;0&quot;,&quot;title&quot;:&quot;&quot;,&quot;orientation&quot;:&quot;0&quot;}\" data-image-title=\"WhatsApp-Image-2025-05-12-at-9.06.27-AM\" data-image-description=\"\" data-image-caption=\"\" data-large-file=\"https:\/\/www.cisa-arica.cl\/wp1\/wp-content\/uploads\/2025\/05\/WhatsApp-Image-2025-05-12-at-9.06.27-AM-600x450.jpeg\" data-attachment-id=\"28274\" data-permalink=\"https:\/\/www.cisa-arica.cl\/wp1\/2025\/04\/30\/conmemoracion-dia-del-libro-2025\/whatsapp-image-2025-05-12-at-9-06-27-am\/\" data-orig-file=\"https:\/\/www.cisa-arica.cl\/wp1\/wp-content\/uploads\/2025\/05\/WhatsApp-Image-2025-05-12-at-9.06.27-AM.jpeg\" data-orig-size=\"1280,960\" data-comments-opened=\"0\" data-image-meta=\"{&quot;aperture&quot;:&quot;0&quot;,&quot;credit&quot;:&quot;&quot;,&quot;camera&quot;:&quot;&quot;,&quot;caption&quot;:&quot;&quot;,&quot;created_timestamp&quot;:&quot;0&quot;,&quot;copyright&quot;:&quot;&quot;,&quot;focal_length&quot;:&quot;0&quot;,&quot;iso&quot;:&quot;0&quot;,&quot;shutter_speed&quot;:&quot;0&quot;,&quot;title&quot;:&quot;&quot;,&quot;orientation&quot;:&quot;0&quot;}\" data-image-title=\"WhatsApp-Image-2025-05-12-at-9.06.27-AM\" data-image-description=\"\" data-image-caption=\"\" data-large-file=\"https:\/\/www.cisa-arica.cl\/wp1\/wp-content\/uploads\/2025\/05\/WhatsApp-Image-2025-05-12-at-9.06.27-AM-600x450.jpeg\" role=\"button\" tabindex=\"0\" aria-label=\"Abrir la imagen 79 de 84 en pantalla completa\"srcset=\"https:\/\/i2.wp.com\/www.cisa-arica.cl\/wp1\/wp-content\/uploads\/2025\/05\/WhatsApp-Image-2025-05-12-at-9.06.27-AM-600x450.jpeg?strip=info&#038;w=600&#038;ssl=1 600w,https:\/\/i2.wp.com\/www.cisa-arica.cl\/wp1\/wp-content\/uploads\/2025\/05\/WhatsApp-Image-2025-05-12-at-9.06.27-AM-600x450.jpeg?strip=info&#038;w=900&#038;ssl=1 900w,https:\/\/i2.wp.com\/www.cisa-arica.cl\/wp1\/wp-content\/uploads\/2025\/05\/WhatsApp-Image-2025-05-12-at-9.06.27-AM-600x450.jpeg?strip=info&#038;w=1200&#038;ssl=1 1200w,https:\/\/i2.wp.com\/www.cisa-arica.cl\/wp1\/wp-content\/uploads\/2025\/05\/WhatsApp-Image-2025-05-12-at-9.06.27-AM-600x450.jpeg?strip=info&#038;w=1280&#038;ssl=1 1280w\" alt=\"\" data-height=\"960\" data-id=\"28274\" data-link=\"https:\/\/www.cisa-arica.cl\/wp1\/?attachment_id=28274\" data-url=\"https:\/\/www.cisa-arica.cl\/wp1\/wp-content\/uploads\/2025\/05\/WhatsApp-Image-2025-05-12-at-9.06.27-AM-600x450.jpeg\" data-width=\"1280\" src=\"https:\/\/i2.wp.com\/www.cisa-arica.cl\/wp1\/wp-content\/uploads\/2025\/05\/WhatsApp-Image-2025-05-12-at-9.06.27-AM-600x450.jpeg?ssl=1\" data-amp-layout=\"responsive\"\/><\/figure><figure class=\"tiled-gallery__item\"><img decoding=\"async\" data-attachment-id=\"28275\" data-permalink=\"https:\/\/www.cisa-arica.cl\/wp1\/2025\/04\/30\/conmemoracion-dia-del-libro-2025\/whatsapp-image-2025-05-12-at-9-06-26-am\/\" data-orig-file=\"https:\/\/www.cisa-arica.cl\/wp1\/wp-content\/uploads\/2025\/05\/WhatsApp-Image-2025-05-12-at-9.06.26-AM.jpeg\" data-orig-size=\"1280,960\" data-comments-opened=\"0\" data-image-meta=\"{&quot;aperture&quot;:&quot;0&quot;,&quot;credit&quot;:&quot;&quot;,&quot;camera&quot;:&quot;&quot;,&quot;caption&quot;:&quot;&quot;,&quot;created_timestamp&quot;:&quot;0&quot;,&quot;copyright&quot;:&quot;&quot;,&quot;focal_length&quot;:&quot;0&quot;,&quot;iso&quot;:&quot;0&quot;,&quot;shutter_speed&quot;:&quot;0&quot;,&quot;title&quot;:&quot;&quot;,&quot;orientation&quot;:&quot;0&quot;}\" data-image-title=\"WhatsApp-Image-2025-05-12-at-9.06.26-AM\" data-image-description=\"\" data-image-caption=\"\" data-large-file=\"https:\/\/www.cisa-arica.cl\/wp1\/wp-content\/uploads\/2025\/05\/WhatsApp-Image-2025-05-12-at-9.06.26-AM-600x450.jpeg\" data-attachment-id=\"28275\" data-permalink=\"https:\/\/www.cisa-arica.cl\/wp1\/2025\/04\/30\/conmemoracion-dia-del-libro-2025\/whatsapp-image-2025-05-12-at-9-06-26-am\/\" data-orig-file=\"https:\/\/www.cisa-arica.cl\/wp1\/wp-content\/uploads\/2025\/05\/WhatsApp-Image-2025-05-12-at-9.06.26-AM.jpeg\" data-orig-size=\"1280,960\" data-comments-opened=\"0\" data-image-meta=\"{&quot;aperture&quot;:&quot;0&quot;,&quot;credit&quot;:&quot;&quot;,&quot;camera&quot;:&quot;&quot;,&quot;caption&quot;:&quot;&quot;,&quot;created_timestamp&quot;:&quot;0&quot;,&quot;copyright&quot;:&quot;&quot;,&quot;focal_length&quot;:&quot;0&quot;,&quot;iso&quot;:&quot;0&quot;,&quot;shutter_speed&quot;:&quot;0&quot;,&quot;title&quot;:&quot;&quot;,&quot;orientation&quot;:&quot;0&quot;}\" data-image-title=\"WhatsApp-Image-2025-05-12-at-9.06.26-AM\" data-image-description=\"\" data-image-caption=\"\" data-large-file=\"https:\/\/www.cisa-arica.cl\/wp1\/wp-content\/uploads\/2025\/05\/WhatsApp-Image-2025-05-12-at-9.06.26-AM-600x450.jpeg\" role=\"button\" tabindex=\"0\" aria-label=\"Abrir la imagen 80 de 84 en pantalla completa\"srcset=\"https:\/\/i2.wp.com\/www.cisa-arica.cl\/wp1\/wp-content\/uploads\/2025\/05\/WhatsApp-Image-2025-05-12-at-9.06.26-AM-600x450.jpeg?strip=info&#038;w=600&#038;ssl=1 600w,https:\/\/i2.wp.com\/www.cisa-arica.cl\/wp1\/wp-content\/uploads\/2025\/05\/WhatsApp-Image-2025-05-12-at-9.06.26-AM-600x450.jpeg?strip=info&#038;w=900&#038;ssl=1 900w,https:\/\/i2.wp.com\/www.cisa-arica.cl\/wp1\/wp-content\/uploads\/2025\/05\/WhatsApp-Image-2025-05-12-at-9.06.26-AM-600x450.jpeg?strip=info&#038;w=1200&#038;ssl=1 1200w,https:\/\/i2.wp.com\/www.cisa-arica.cl\/wp1\/wp-content\/uploads\/2025\/05\/WhatsApp-Image-2025-05-12-at-9.06.26-AM-600x450.jpeg?strip=info&#038;w=1280&#038;ssl=1 1280w\" alt=\"\" data-height=\"960\" data-id=\"28275\" data-link=\"https:\/\/www.cisa-arica.cl\/wp1\/?attachment_id=28275\" data-url=\"https:\/\/www.cisa-arica.cl\/wp1\/wp-content\/uploads\/2025\/05\/WhatsApp-Image-2025-05-12-at-9.06.26-AM-600x450.jpeg\" data-width=\"1280\" src=\"https:\/\/i2.wp.com\/www.cisa-arica.cl\/wp1\/wp-content\/uploads\/2025\/05\/WhatsApp-Image-2025-05-12-at-9.06.26-AM-600x450.jpeg?ssl=1\" data-amp-layout=\"responsive\"\/><\/figure><\/div><div class=\"tiled-gallery__col\" style=\"flex-basis:53.05395%\"><figure class=\"tiled-gallery__item\"><img decoding=\"async\" data-attachment-id=\"28276\" data-permalink=\"https:\/\/www.cisa-arica.cl\/wp1\/2025\/04\/30\/conmemoracion-dia-del-libro-2025\/whatsapp-image-2025-05-12-at-9-06-24-am\/\" data-orig-file=\"https:\/\/www.cisa-arica.cl\/wp1\/wp-content\/uploads\/2025\/05\/WhatsApp-Image-2025-05-12-at-9.06.24-AM.jpeg\" data-orig-size=\"960,1280\" data-comments-opened=\"0\" data-image-meta=\"{&quot;aperture&quot;:&quot;0&quot;,&quot;credit&quot;:&quot;&quot;,&quot;camera&quot;:&quot;&quot;,&quot;caption&quot;:&quot;&quot;,&quot;created_timestamp&quot;:&quot;0&quot;,&quot;copyright&quot;:&quot;&quot;,&quot;focal_length&quot;:&quot;0&quot;,&quot;iso&quot;:&quot;0&quot;,&quot;shutter_speed&quot;:&quot;0&quot;,&quot;title&quot;:&quot;&quot;,&quot;orientation&quot;:&quot;0&quot;}\" data-image-title=\"WhatsApp-Image-2025-05-12-at-9.06.24-AM\" data-image-description=\"\" data-image-caption=\"\" data-large-file=\"https:\/\/www.cisa-arica.cl\/wp1\/wp-content\/uploads\/2025\/05\/WhatsApp-Image-2025-05-12-at-9.06.24-AM-450x600.jpeg\" data-attachment-id=\"28276\" data-permalink=\"https:\/\/www.cisa-arica.cl\/wp1\/2025\/04\/30\/conmemoracion-dia-del-libro-2025\/whatsapp-image-2025-05-12-at-9-06-24-am\/\" data-orig-file=\"https:\/\/www.cisa-arica.cl\/wp1\/wp-content\/uploads\/2025\/05\/WhatsApp-Image-2025-05-12-at-9.06.24-AM.jpeg\" data-orig-size=\"960,1280\" data-comments-opened=\"0\" data-image-meta=\"{&quot;aperture&quot;:&quot;0&quot;,&quot;credit&quot;:&quot;&quot;,&quot;camera&quot;:&quot;&quot;,&quot;caption&quot;:&quot;&quot;,&quot;created_timestamp&quot;:&quot;0&quot;,&quot;copyright&quot;:&quot;&quot;,&quot;focal_length&quot;:&quot;0&quot;,&quot;iso&quot;:&quot;0&quot;,&quot;shutter_speed&quot;:&quot;0&quot;,&quot;title&quot;:&quot;&quot;,&quot;orientation&quot;:&quot;0&quot;}\" data-image-title=\"WhatsApp-Image-2025-05-12-at-9.06.24-AM\" data-image-description=\"\" data-image-caption=\"\" data-large-file=\"https:\/\/www.cisa-arica.cl\/wp1\/wp-content\/uploads\/2025\/05\/WhatsApp-Image-2025-05-12-at-9.06.24-AM-450x600.jpeg\" role=\"button\" tabindex=\"0\" aria-label=\"Abrir la imagen 81 de 84 en pantalla completa\"srcset=\"https:\/\/i0.wp.com\/www.cisa-arica.cl\/wp1\/wp-content\/uploads\/2025\/05\/WhatsApp-Image-2025-05-12-at-9.06.24-AM-450x600.jpeg?strip=info&#038;w=600&#038;ssl=1 600w,https:\/\/i0.wp.com\/www.cisa-arica.cl\/wp1\/wp-content\/uploads\/2025\/05\/WhatsApp-Image-2025-05-12-at-9.06.24-AM-450x600.jpeg?strip=info&#038;w=900&#038;ssl=1 900w,https:\/\/i0.wp.com\/www.cisa-arica.cl\/wp1\/wp-content\/uploads\/2025\/05\/WhatsApp-Image-2025-05-12-at-9.06.24-AM-450x600.jpeg?strip=info&#038;w=960&#038;ssl=1 960w\" alt=\"\" data-height=\"1280\" data-id=\"28276\" data-link=\"https:\/\/www.cisa-arica.cl\/wp1\/?attachment_id=28276\" data-url=\"https:\/\/www.cisa-arica.cl\/wp1\/wp-content\/uploads\/2025\/05\/WhatsApp-Image-2025-05-12-at-9.06.24-AM-450x600.jpeg\" data-width=\"960\" src=\"https:\/\/i0.wp.com\/www.cisa-arica.cl\/wp1\/wp-content\/uploads\/2025\/05\/WhatsApp-Image-2025-05-12-at-9.06.24-AM-450x600.jpeg?ssl=1\" data-amp-layout=\"responsive\"\/><\/figure><\/div><\/div><div class=\"tiled-gallery__row\"><div class=\"tiled-gallery__col\" style=\"flex-basis:26.48789%\"><figure class=\"tiled-gallery__item\"><img decoding=\"async\" data-attachment-id=\"28277\" data-permalink=\"https:\/\/www.cisa-arica.cl\/wp1\/2025\/04\/30\/conmemoracion-dia-del-libro-2025\/whatsapp-image-2025-05-12-at-9-06-23-am\/\" data-orig-file=\"https:\/\/www.cisa-arica.cl\/wp1\/wp-content\/uploads\/2025\/05\/WhatsApp-Image-2025-05-12-at-9.06.23-AM.jpeg\" data-orig-size=\"960,1280\" data-comments-opened=\"0\" data-image-meta=\"{&quot;aperture&quot;:&quot;0&quot;,&quot;credit&quot;:&quot;&quot;,&quot;camera&quot;:&quot;&quot;,&quot;caption&quot;:&quot;&quot;,&quot;created_timestamp&quot;:&quot;0&quot;,&quot;copyright&quot;:&quot;&quot;,&quot;focal_length&quot;:&quot;0&quot;,&quot;iso&quot;:&quot;0&quot;,&quot;shutter_speed&quot;:&quot;0&quot;,&quot;title&quot;:&quot;&quot;,&quot;orientation&quot;:&quot;0&quot;}\" data-image-title=\"WhatsApp-Image-2025-05-12-at-9.06.23-AM\" data-image-description=\"\" data-image-caption=\"\" data-large-file=\"https:\/\/www.cisa-arica.cl\/wp1\/wp-content\/uploads\/2025\/05\/WhatsApp-Image-2025-05-12-at-9.06.23-AM-450x600.jpeg\" data-attachment-id=\"28277\" data-permalink=\"https:\/\/www.cisa-arica.cl\/wp1\/2025\/04\/30\/conmemoracion-dia-del-libro-2025\/whatsapp-image-2025-05-12-at-9-06-23-am\/\" data-orig-file=\"https:\/\/www.cisa-arica.cl\/wp1\/wp-content\/uploads\/2025\/05\/WhatsApp-Image-2025-05-12-at-9.06.23-AM.jpeg\" data-orig-size=\"960,1280\" data-comments-opened=\"0\" data-image-meta=\"{&quot;aperture&quot;:&quot;0&quot;,&quot;credit&quot;:&quot;&quot;,&quot;camera&quot;:&quot;&quot;,&quot;caption&quot;:&quot;&quot;,&quot;created_timestamp&quot;:&quot;0&quot;,&quot;copyright&quot;:&quot;&quot;,&quot;focal_length&quot;:&quot;0&quot;,&quot;iso&quot;:&quot;0&quot;,&quot;shutter_speed&quot;:&quot;0&quot;,&quot;title&quot;:&quot;&quot;,&quot;orientation&quot;:&quot;0&quot;}\" data-image-title=\"WhatsApp-Image-2025-05-12-at-9.06.23-AM\" data-image-description=\"\" data-image-caption=\"\" data-large-file=\"https:\/\/www.cisa-arica.cl\/wp1\/wp-content\/uploads\/2025\/05\/WhatsApp-Image-2025-05-12-at-9.06.23-AM-450x600.jpeg\" role=\"button\" tabindex=\"0\" aria-label=\"Abrir la imagen 82 de 84 en pantalla completa\"srcset=\"https:\/\/i1.wp.com\/www.cisa-arica.cl\/wp1\/wp-content\/uploads\/2025\/05\/WhatsApp-Image-2025-05-12-at-9.06.23-AM-450x600.jpeg?strip=info&#038;w=600&#038;ssl=1 600w,https:\/\/i1.wp.com\/www.cisa-arica.cl\/wp1\/wp-content\/uploads\/2025\/05\/WhatsApp-Image-2025-05-12-at-9.06.23-AM-450x600.jpeg?strip=info&#038;w=900&#038;ssl=1 900w,https:\/\/i1.wp.com\/www.cisa-arica.cl\/wp1\/wp-content\/uploads\/2025\/05\/WhatsApp-Image-2025-05-12-at-9.06.23-AM-450x600.jpeg?strip=info&#038;w=960&#038;ssl=1 960w\" alt=\"\" data-height=\"1280\" data-id=\"28277\" data-link=\"https:\/\/www.cisa-arica.cl\/wp1\/?attachment_id=28277\" data-url=\"https:\/\/www.cisa-arica.cl\/wp1\/wp-content\/uploads\/2025\/05\/WhatsApp-Image-2025-05-12-at-9.06.23-AM-450x600.jpeg\" data-width=\"960\" src=\"https:\/\/i1.wp.com\/www.cisa-arica.cl\/wp1\/wp-content\/uploads\/2025\/05\/WhatsApp-Image-2025-05-12-at-9.06.23-AM-450x600.jpeg?ssl=1\" data-amp-layout=\"responsive\"\/><\/figure><\/div><div class=\"tiled-gallery__col\" style=\"flex-basis:47.02422%\"><figure class=\"tiled-gallery__item\"><img decoding=\"async\" data-attachment-id=\"28278\" data-permalink=\"https:\/\/www.cisa-arica.cl\/wp1\/2025\/04\/30\/conmemoracion-dia-del-libro-2025\/whatsapp-image-2025-05-12-at-9-06-21-am\/\" data-orig-file=\"https:\/\/www.cisa-arica.cl\/wp1\/wp-content\/uploads\/2025\/05\/WhatsApp-Image-2025-05-12-at-9.06.21-AM.jpeg\" data-orig-size=\"1280,960\" data-comments-opened=\"0\" data-image-meta=\"{&quot;aperture&quot;:&quot;0&quot;,&quot;credit&quot;:&quot;&quot;,&quot;camera&quot;:&quot;&quot;,&quot;caption&quot;:&quot;&quot;,&quot;created_timestamp&quot;:&quot;0&quot;,&quot;copyright&quot;:&quot;&quot;,&quot;focal_length&quot;:&quot;0&quot;,&quot;iso&quot;:&quot;0&quot;,&quot;shutter_speed&quot;:&quot;0&quot;,&quot;title&quot;:&quot;&quot;,&quot;orientation&quot;:&quot;0&quot;}\" data-image-title=\"WhatsApp-Image-2025-05-12-at-9.06.21-AM\" data-image-description=\"\" data-image-caption=\"\" data-large-file=\"https:\/\/www.cisa-arica.cl\/wp1\/wp-content\/uploads\/2025\/05\/WhatsApp-Image-2025-05-12-at-9.06.21-AM-600x450.jpeg\" data-attachment-id=\"28278\" data-permalink=\"https:\/\/www.cisa-arica.cl\/wp1\/2025\/04\/30\/conmemoracion-dia-del-libro-2025\/whatsapp-image-2025-05-12-at-9-06-21-am\/\" data-orig-file=\"https:\/\/www.cisa-arica.cl\/wp1\/wp-content\/uploads\/2025\/05\/WhatsApp-Image-2025-05-12-at-9.06.21-AM.jpeg\" data-orig-size=\"1280,960\" data-comments-opened=\"0\" data-image-meta=\"{&quot;aperture&quot;:&quot;0&quot;,&quot;credit&quot;:&quot;&quot;,&quot;camera&quot;:&quot;&quot;,&quot;caption&quot;:&quot;&quot;,&quot;created_timestamp&quot;:&quot;0&quot;,&quot;copyright&quot;:&quot;&quot;,&quot;focal_length&quot;:&quot;0&quot;,&quot;iso&quot;:&quot;0&quot;,&quot;shutter_speed&quot;:&quot;0&quot;,&quot;title&quot;:&quot;&quot;,&quot;orientation&quot;:&quot;0&quot;}\" data-image-title=\"WhatsApp-Image-2025-05-12-at-9.06.21-AM\" data-image-description=\"\" data-image-caption=\"\" data-large-file=\"https:\/\/www.cisa-arica.cl\/wp1\/wp-content\/uploads\/2025\/05\/WhatsApp-Image-2025-05-12-at-9.06.21-AM-600x450.jpeg\" role=\"button\" tabindex=\"0\" aria-label=\"Abrir la imagen 83 de 84 en pantalla completa\"srcset=\"https:\/\/i1.wp.com\/www.cisa-arica.cl\/wp1\/wp-content\/uploads\/2025\/05\/WhatsApp-Image-2025-05-12-at-9.06.21-AM-600x450.jpeg?strip=info&#038;w=600&#038;ssl=1 600w,https:\/\/i1.wp.com\/www.cisa-arica.cl\/wp1\/wp-content\/uploads\/2025\/05\/WhatsApp-Image-2025-05-12-at-9.06.21-AM-600x450.jpeg?strip=info&#038;w=900&#038;ssl=1 900w,https:\/\/i1.wp.com\/www.cisa-arica.cl\/wp1\/wp-content\/uploads\/2025\/05\/WhatsApp-Image-2025-05-12-at-9.06.21-AM-600x450.jpeg?strip=info&#038;w=1200&#038;ssl=1 1200w,https:\/\/i1.wp.com\/www.cisa-arica.cl\/wp1\/wp-content\/uploads\/2025\/05\/WhatsApp-Image-2025-05-12-at-9.06.21-AM-600x450.jpeg?strip=info&#038;w=1280&#038;ssl=1 1280w\" alt=\"\" data-height=\"960\" data-id=\"28278\" data-link=\"https:\/\/www.cisa-arica.cl\/wp1\/?attachment_id=28278\" data-url=\"https:\/\/www.cisa-arica.cl\/wp1\/wp-content\/uploads\/2025\/05\/WhatsApp-Image-2025-05-12-at-9.06.21-AM-600x450.jpeg\" data-width=\"1280\" src=\"https:\/\/i1.wp.com\/www.cisa-arica.cl\/wp1\/wp-content\/uploads\/2025\/05\/WhatsApp-Image-2025-05-12-at-9.06.21-AM-600x450.jpeg?ssl=1\" data-amp-layout=\"responsive\"\/><\/figure><\/div><div class=\"tiled-gallery__col\" style=\"flex-basis:26.48789%\"><figure class=\"tiled-gallery__item\"><img decoding=\"async\" data-attachment-id=\"28279\" data-permalink=\"https:\/\/www.cisa-arica.cl\/wp1\/2025\/04\/30\/conmemoracion-dia-del-libro-2025\/whatsapp-image-2025-05-12-at-9-06-20-am\/\" data-orig-file=\"https:\/\/www.cisa-arica.cl\/wp1\/wp-content\/uploads\/2025\/05\/WhatsApp-Image-2025-05-12-at-9.06.20-AM.jpeg\" data-orig-size=\"960,1280\" data-comments-opened=\"0\" data-image-meta=\"{&quot;aperture&quot;:&quot;0&quot;,&quot;credit&quot;:&quot;&quot;,&quot;camera&quot;:&quot;&quot;,&quot;caption&quot;:&quot;&quot;,&quot;created_timestamp&quot;:&quot;0&quot;,&quot;copyright&quot;:&quot;&quot;,&quot;focal_length&quot;:&quot;0&quot;,&quot;iso&quot;:&quot;0&quot;,&quot;shutter_speed&quot;:&quot;0&quot;,&quot;title&quot;:&quot;&quot;,&quot;orientation&quot;:&quot;0&quot;}\" data-image-title=\"WhatsApp-Image-2025-05-12-at-9.06.20-AM\" data-image-description=\"\" data-image-caption=\"\" data-large-file=\"https:\/\/www.cisa-arica.cl\/wp1\/wp-content\/uploads\/2025\/05\/WhatsApp-Image-2025-05-12-at-9.06.20-AM-450x600.jpeg\" data-attachment-id=\"28279\" data-permalink=\"https:\/\/www.cisa-arica.cl\/wp1\/2025\/04\/30\/conmemoracion-dia-del-libro-2025\/whatsapp-image-2025-05-12-at-9-06-20-am\/\" data-orig-file=\"https:\/\/www.cisa-arica.cl\/wp1\/wp-content\/uploads\/2025\/05\/WhatsApp-Image-2025-05-12-at-9.06.20-AM.jpeg\" data-orig-size=\"960,1280\" data-comments-opened=\"0\" data-image-meta=\"{&quot;aperture&quot;:&quot;0&quot;,&quot;credit&quot;:&quot;&quot;,&quot;camera&quot;:&quot;&quot;,&quot;caption&quot;:&quot;&quot;,&quot;created_timestamp&quot;:&quot;0&quot;,&quot;copyright&quot;:&quot;&quot;,&quot;focal_length&quot;:&quot;0&quot;,&quot;iso&quot;:&quot;0&quot;,&quot;shutter_speed&quot;:&quot;0&quot;,&quot;title&quot;:&quot;&quot;,&quot;orientation&quot;:&quot;0&quot;}\" data-image-title=\"WhatsApp-Image-2025-05-12-at-9.06.20-AM\" data-image-description=\"\" data-image-caption=\"\" data-large-file=\"https:\/\/www.cisa-arica.cl\/wp1\/wp-content\/uploads\/2025\/05\/WhatsApp-Image-2025-05-12-at-9.06.20-AM-450x600.jpeg\" role=\"button\" tabindex=\"0\" aria-label=\"Abrir la imagen 84 de 84 en pantalla completa\"srcset=\"https:\/\/i2.wp.com\/www.cisa-arica.cl\/wp1\/wp-content\/uploads\/2025\/05\/WhatsApp-Image-2025-05-12-at-9.06.20-AM-450x600.jpeg?strip=info&#038;w=600&#038;ssl=1 600w,https:\/\/i2.wp.com\/www.cisa-arica.cl\/wp1\/wp-content\/uploads\/2025\/05\/WhatsApp-Image-2025-05-12-at-9.06.20-AM-450x600.jpeg?strip=info&#038;w=900&#038;ssl=1 900w,https:\/\/i2.wp.com\/www.cisa-arica.cl\/wp1\/wp-content\/uploads\/2025\/05\/WhatsApp-Image-2025-05-12-at-9.06.20-AM-450x600.jpeg?strip=info&#038;w=960&#038;ssl=1 960w\" alt=\"\" data-height=\"1280\" data-id=\"28279\" data-link=\"https:\/\/www.cisa-arica.cl\/wp1\/?attachment_id=28279\" data-url=\"https:\/\/www.cisa-arica.cl\/wp1\/wp-content\/uploads\/2025\/05\/WhatsApp-Image-2025-05-12-at-9.06.20-AM-450x600.jpeg\" data-width=\"960\" src=\"https:\/\/i2.wp.com\/www.cisa-arica.cl\/wp1\/wp-content\/uploads\/2025\/05\/WhatsApp-Image-2025-05-12-at-9.06.20-AM-450x600.jpeg?ssl=1\" data-amp-layout=\"responsive\"\/><\/figure><\/div><\/div><\/div><\/div>\n","protected":false},"excerpt":{"rendered":"<p>El pasado mi\u00e9rcoles 23 de abril se conmemor\u00f3 el D\u00eda Internacional del Libro y Derecho de Autor, fue un d\u00eda cargado de actividades para recordar la importancia que tiene el libro en la vida de cada uno de nosotros. En el acto tambi\u00e9n se record\u00f3 a nuestra insigne escritora y Premio Nobel de Literatura Gabriela <a class=\"read-more\" href=\"https:\/\/www.cisa-arica.cl\/wp1\/2025\/04\/30\/conmemoracion-dia-del-libro-2025\/\">Continuar leyendo<\/a><\/p>\n","protected":false},"author":5,"featured_media":28216,"comment_status":"closed","ping_status":"open","sticky":false,"template":"","format":"standard","meta":{"_jetpack_memberships_contains_paid_content":false,"footnotes":"","jetpack_publicize_message":"","jetpack_publicize_feature_enabled":true,"jetpack_social_post_already_shared":true,"jetpack_social_options":{"image_generator_settings":{"template":"highway","default_image_id":0,"font":"","enabled":false},"version":2}},"categories":[5],"tags":[],"class_list":["post-28194","post","type-post","status-publish","format-standard","has-post-thumbnail","hentry","category-uncategorized"],"jetpack_publicize_connections":[],"jetpack_featured_media_url":"https:\/\/www.cisa-arica.cl\/wp1\/wp-content\/uploads\/2025\/05\/IMG_0320.jpg","jetpack_sharing_enabled":true,"jetpack_shortlink":"https:\/\/wp.me\/p84wcz-7kK","jetpack-related-posts":[{"id":6665,"url":"https:\/\/www.cisa-arica.cl\/wp1\/2019\/05\/06\/dia-del-libro-2019-feria-del-libro-intercultural\/","url_meta":{"origin":28194,"position":0},"title":"D\u00eda del Libro 2019: Feria del Libro Intercultural","author":"Jeannette Rivera","date":"6 de Mayo de 2019","format":false,"excerpt":"El pasado viernes 26 de abril todo el colegio se uni\u00f3 para celebrar el D\u00eda del Libro y los Derechos de Autor, con diversas actividades y concursos promovidos por el Departamento de Lenguaje y Comunicaci\u00f3n y el CRA. En las im\u00e1genes podemos ver la Feria del Libro Intercultural, donde alumnas\u2026","rel":"","context":"En &quot;galeria&quot;","block_context":{"text":"galeria","link":"https:\/\/www.cisa-arica.cl\/wp1\/category\/galeria\/"},"img":{"alt_text":"","src":"https:\/\/i0.wp.com\/www.cisa-arica.cl\/wp1\/wp-content\/uploads\/2019\/05\/00000.png?resize=350%2C200&ssl=1","width":350,"height":200,"srcset":"https:\/\/i0.wp.com\/www.cisa-arica.cl\/wp1\/wp-content\/uploads\/2019\/05\/00000.png?resize=350%2C200&ssl=1 1x, https:\/\/i0.wp.com\/www.cisa-arica.cl\/wp1\/wp-content\/uploads\/2019\/05\/00000.png?resize=525%2C300&ssl=1 1.5x"},"classes":[]},{"id":15399,"url":"https:\/\/www.cisa-arica.cl\/wp1\/2022\/04\/26\/dia-del-libro-2022-educacion-parvularia\/","url_meta":{"origin":28194,"position":1},"title":"D\u00eda del Libro 2022: Educaci\u00f3n Parvularia","author":"Jeannette Rivera","date":"26 de Abril de 2022","format":false,"excerpt":"Estimada Comunidad Educativa: Ayer Lunes 25 de abril nuestras estudiantes de Educaci\u00f3n Parvularia vivieron la Fiesta del Libro 2022, dentro del contexto del D\u00eda del Libro y el Derecho de Autor. Las m\u00e1s peque\u00f1itas participaron de un cuentacuentos en nuestro CRA del Establecimiento, actividad que finaliz\u00f3 con un entretenido desfile\u2026","rel":"","context":"En &quot;galeria&quot;","block_context":{"text":"galeria","link":"https:\/\/www.cisa-arica.cl\/wp1\/category\/galeria\/"},"img":{"alt_text":"","src":"https:\/\/i0.wp.com\/www.cisa-arica.cl\/wp1\/wp-content\/uploads\/2022\/04\/008-3.jpg?resize=350%2C200&ssl=1","width":350,"height":200,"srcset":"https:\/\/i0.wp.com\/www.cisa-arica.cl\/wp1\/wp-content\/uploads\/2022\/04\/008-3.jpg?resize=350%2C200&ssl=1 1x, https:\/\/i0.wp.com\/www.cisa-arica.cl\/wp1\/wp-content\/uploads\/2022\/04\/008-3.jpg?resize=525%2C300&ssl=1 1.5x, https:\/\/i0.wp.com\/www.cisa-arica.cl\/wp1\/wp-content\/uploads\/2022\/04\/008-3.jpg?resize=700%2C400&ssl=1 2x, https:\/\/i0.wp.com\/www.cisa-arica.cl\/wp1\/wp-content\/uploads\/2022\/04\/008-3.jpg?resize=1050%2C600&ssl=1 3x, https:\/\/i0.wp.com\/www.cisa-arica.cl\/wp1\/wp-content\/uploads\/2022\/04\/008-3.jpg?resize=1400%2C800&ssl=1 4x"},"classes":[]},{"id":12690,"url":"https:\/\/www.cisa-arica.cl\/wp1\/2021\/07\/06\/entrega-premios-dia-del-libro\/","url_meta":{"origin":28194,"position":2},"title":"Entrega premios D\u00eda del Libro","author":"Jeannette Rivera","date":"6 de Julio de 2021","format":false,"excerpt":"La semana pasada se realiz\u00f3 la entrega de premios a las estudiantes ganadoras de los concursos del D\u00eda del Libro, actividad organizada por el Dpto. de Lenguaje y Comunicaci\u00f3n y CRA. \u00a1Felicitaciones!","rel":"","context":"Entrada similar ","block_context":{"text":"Entrada similar ","link":""},"img":{"alt_text":"","src":"https:\/\/i0.wp.com\/www.cisa-arica.cl\/wp1\/wp-content\/uploads\/2021\/07\/IMG-20210702-WA0005-e1625581167565.jpg?resize=350%2C200&ssl=1","width":350,"height":200},"classes":[]},{"id":6874,"url":"https:\/\/www.cisa-arica.cl\/wp1\/2019\/05\/09\/premiacion-alumnas-ganadoras-dia-del-libro-2019\/","url_meta":{"origin":28194,"position":3},"title":"Premiaci\u00f3n ganadoras D\u00eda del Libro 2019","author":"Jeannette Rivera","date":"9 de Mayo de 2019","format":false,"excerpt":"Desde primero b\u00e1sico hasta cuarto medio, un grupo de estudiantes asistieron ayer mi\u00e9rcoles 8 de mayo a canjear sus giftcard de la Librer\u00eda Qu\u00e9 Leo, premio que obtuvieron por parte del Departamento de Lenguaje y Comunicaci\u00f3n por ser las orgullosas ganadoras de los diversos concursos literarios realizados para conmemorar el\u2026","rel":"","context":"Entrada similar ","block_context":{"text":"Entrada similar ","link":""},"img":{"alt_text":"","src":"https:\/\/i0.wp.com\/www.cisa-arica.cl\/wp1\/wp-content\/uploads\/2019\/05\/012-2.jpeg?resize=350%2C200&ssl=1","width":350,"height":200,"srcset":"https:\/\/i0.wp.com\/www.cisa-arica.cl\/wp1\/wp-content\/uploads\/2019\/05\/012-2.jpeg?resize=350%2C200&ssl=1 1x, https:\/\/i0.wp.com\/www.cisa-arica.cl\/wp1\/wp-content\/uploads\/2019\/05\/012-2.jpeg?resize=525%2C300&ssl=1 1.5x, https:\/\/i0.wp.com\/www.cisa-arica.cl\/wp1\/wp-content\/uploads\/2019\/05\/012-2.jpeg?resize=700%2C400&ssl=1 2x, https:\/\/i0.wp.com\/www.cisa-arica.cl\/wp1\/wp-content\/uploads\/2019\/05\/012-2.jpeg?resize=1050%2C600&ssl=1 3x"},"classes":[]},{"id":12308,"url":"https:\/\/www.cisa-arica.cl\/wp1\/2021\/04\/23\/cisa-conmemora-el-dia-del-libro\/","url_meta":{"origin":28194,"position":4},"title":"CISA conmemora el D\u00eda del Libro","author":"Jeannette Rivera","date":"23 de Abril de 2021","format":false,"excerpt":"Estimada Comunidad Santa Ana: Hoy 23 de Abril se conmemora el D\u00eda del Libro y los Derechos de Autor, y nuestro establecimiento junto al Dpto. de Lenguaje y Comunicaci\u00f3n dejamos la invitaci\u00f3n abierta a cultivar el placer por los libros y la lectura, la cual representa un medio para el\u2026","rel":"","context":"Entrada similar ","block_context":{"text":"Entrada similar ","link":""},"img":{"alt_text":"","src":"https:\/\/i0.wp.com\/www.cisa-arica.cl\/wp1\/wp-content\/uploads\/2021\/04\/PORTADA.png?resize=350%2C200&ssl=1","width":350,"height":200,"srcset":"https:\/\/i0.wp.com\/www.cisa-arica.cl\/wp1\/wp-content\/uploads\/2021\/04\/PORTADA.png?resize=350%2C200&ssl=1 1x, https:\/\/i0.wp.com\/www.cisa-arica.cl\/wp1\/wp-content\/uploads\/2021\/04\/PORTADA.png?resize=525%2C300&ssl=1 1.5x"},"classes":[]},{"id":6545,"url":"https:\/\/www.cisa-arica.cl\/wp1\/2019\/05\/06\/dia-del-libro-2019-exposicion-artistica\/","url_meta":{"origin":28194,"position":5},"title":"D\u00eda del Libro 2019: Exposici\u00f3n art\u00edstica","author":"Jeannette Rivera","date":"6 de Mayo de 2019","format":false,"excerpt":"El pasado viernes 26 de abril todo el colegio se uni\u00f3 para celebrar el D\u00eda del Libro y los Derechos de Autor, con diversas actividades y concursos promovidos por el Departamento de Lenguaje y Comunicaci\u00f3n y el CRA. En las im\u00e1genes podemos ver la exposici\u00f3n de todos los trabajos realizados\u2026","rel":"","context":"En &quot;galeria&quot;","block_context":{"text":"galeria","link":"https:\/\/www.cisa-arica.cl\/wp1\/category\/galeria\/"},"img":{"alt_text":"","src":"https:\/\/i0.wp.com\/www.cisa-arica.cl\/wp1\/wp-content\/uploads\/2019\/05\/00000.png?resize=350%2C200&ssl=1","width":350,"height":200,"srcset":"https:\/\/i0.wp.com\/www.cisa-arica.cl\/wp1\/wp-content\/uploads\/2019\/05\/00000.png?resize=350%2C200&ssl=1 1x, https:\/\/i0.wp.com\/www.cisa-arica.cl\/wp1\/wp-content\/uploads\/2019\/05\/00000.png?resize=525%2C300&ssl=1 1.5x"},"classes":[]}],"_links":{"self":[{"href":"https:\/\/www.cisa-arica.cl\/wp1\/wp-json\/wp\/v2\/posts\/28194","targetHints":{"allow":["GET"]}}],"collection":[{"href":"https:\/\/www.cisa-arica.cl\/wp1\/wp-json\/wp\/v2\/posts"}],"about":[{"href":"https:\/\/www.cisa-arica.cl\/wp1\/wp-json\/wp\/v2\/types\/post"}],"author":[{"embeddable":true,"href":"https:\/\/www.cisa-arica.cl\/wp1\/wp-json\/wp\/v2\/users\/5"}],"replies":[{"embeddable":true,"href":"https:\/\/www.cisa-arica.cl\/wp1\/wp-json\/wp\/v2\/comments?post=28194"}],"version-history":[{"count":3,"href":"https:\/\/www.cisa-arica.cl\/wp1\/wp-json\/wp\/v2\/posts\/28194\/revisions"}],"predecessor-version":[{"id":28303,"href":"https:\/\/www.cisa-arica.cl\/wp1\/wp-json\/wp\/v2\/posts\/28194\/revisions\/28303"}],"wp:featuredmedia":[{"embeddable":true,"href":"https:\/\/www.cisa-arica.cl\/wp1\/wp-json\/wp\/v2\/media\/28216"}],"wp:attachment":[{"href":"https:\/\/www.cisa-arica.cl\/wp1\/wp-json\/wp\/v2\/media?parent=28194"}],"wp:term":[{"taxonomy":"category","embeddable":true,"href":"https:\/\/www.cisa-arica.cl\/wp1\/wp-json\/wp\/v2\/categories?post=28194"},{"taxonomy":"post_tag","embeddable":true,"href":"https:\/\/www.cisa-arica.cl\/wp1\/wp-json\/wp\/v2\/tags?post=28194"}],"curies":[{"name":"wp","href":"https:\/\/api.w.org\/{rel}","templated":true}]}}