{"id":28180,"date":"2025-04-29T11:41:49","date_gmt":"2025-04-29T15:41:49","guid":{"rendered":"https:\/\/www.cisa-arica.cl\/wp1\/?p=28180"},"modified":"2025-04-29T11:42:38","modified_gmt":"2025-04-29T15:42:38","slug":"28180","status":"publish","type":"post","link":"https:\/\/www.cisa-arica.cl\/wp1\/2025\/04\/29\/28180\/","title":{"rendered":"Informativo pr\u00f3ximas actividades"},"content":{"rendered":"<p>Estimadas Madres, Padres, Apoderados y Estudiantes:<\/p>\n<p>Se recuerda que el pasado jueves 24 de abril, se envi\u00f3 a los correos institucionales de todas las estudiantes la siguiente informaci\u00f3n por las actividades de los d\u00edas mi\u00e9rcoles 30, jueves 01\u00a0 y viernes 02:<\/p>\n<p><strong><u>D\u00eda mi\u00e9rcoles 30\/04:<\/u><\/strong><\/p>\n<ul>\n<li>Salida de todas las estudiantes (Prekinder hasta Cuarto Medio)\u00a0 es a las\u00a0<strong>13:00 horas.<\/strong><\/li>\n<li>Se suspenden todas las Academias, talleres de estudios y preuniversitario.<\/li>\n<li>Se hace hincapi\u00e9 en\u00a0<strong>respetar<\/strong>\u00a0el horario de salida de las estudiantes, debido a que los funcionarios se encontrar\u00e1n en otras actividades, y el colegio ser\u00e1\u00a0\u00a0<strong>cerrado<\/strong>.<\/li>\n<\/ul>\n<p><strong><u>D\u00eda jueves 01\/05 : Feriado.<\/u><\/strong><\/p>\n<p><strong><u>D\u00eda Viernes 02\/05:<\/u><\/strong><\/p>\n<p>No hay clases.\u00a0 D\u00eda solicitado al Ministerio de Educaci\u00f3n, <em><strong>con recuperaci\u00f3n el d\u00eda s\u00e1bado 28\/06.<\/strong><\/em><\/p>\n<p>&nbsp;<\/p>\n","protected":false},"excerpt":{"rendered":"<p>Estimadas Madres, Padres, Apoderados y Estudiantes: Se recuerda que el pasado jueves 24 de abril, se envi\u00f3 a los correos institucionales de todas las estudiantes la siguiente informaci\u00f3n por las actividades de los d\u00edas mi\u00e9rcoles 30, jueves 01\u00a0 y viernes 02: D\u00eda mi\u00e9rcoles 30\/04: Salida de todas las estudiantes (Prekinder hasta Cuarto Medio)\u00a0 es a <a class=\"read-more\" href=\"https:\/\/www.cisa-arica.cl\/wp1\/2025\/04\/29\/28180\/\">Continuar leyendo<\/a><\/p>\n","protected":false},"author":5,"featured_media":28181,"comment_status":"closed","ping_status":"open","sticky":false,"template":"","format":"standard","meta":{"_jetpack_memberships_contains_paid_content":false,"footnotes":"","jetpack_publicize_message":"","jetpack_publicize_feature_enabled":true,"jetpack_social_post_already_shared":true,"jetpack_social_options":{"image_generator_settings":{"template":"highway","default_image_id":0,"font":"","enabled":false},"version":2}},"categories":[5],"tags":[],"class_list":["post-28180","post","type-post","status-publish","format-standard","has-post-thumbnail","hentry","category-uncategorized"],"jetpack_publicize_connections":[],"jetpack_featured_media_url":"https:\/\/www.cisa-arica.cl\/wp1\/wp-content\/uploads\/2025\/04\/Post-Aviso-Importante-.png","jetpack_sharing_enabled":true,"jetpack_shortlink":"https:\/\/wp.me\/s84wcz-28180","jetpack-related-posts":[{"id":26937,"url":"https:\/\/www.cisa-arica.cl\/wp1\/2024\/10\/11\/informativo-recordatorio\/","url_meta":{"origin":28180,"position":0},"title":"Informativo Recordatorio","author":"Jeannette Rivera","date":"11 de Octubre de 2024","format":false,"excerpt":"Estimados padres y apoderados: Se les recuerda sobre las distintas actividades y horarios programados para los d\u00edas 14, 15 y 16 de octubre: LUNES 14 DE OCTUBRE 2024 Hora de entrada: 07.45 am. Actividad: Pasacalle S\u00d3LO para estudiantes de Educaci\u00f3n Parvularia en horario de 10.30 a 12.00 horas. Hora de\u2026","rel":"","context":"Entrada similar ","block_context":{"text":"Entrada similar ","link":""},"img":{"alt_text":"","src":"https:\/\/i0.wp.com\/www.cisa-arica.cl\/wp1\/wp-content\/uploads\/2024\/10\/WhatsApp-Image-2024-10-11-at-2.10.00-PM.jpeg?resize=350%2C200&ssl=1","width":350,"height":200,"srcset":"https:\/\/i0.wp.com\/www.cisa-arica.cl\/wp1\/wp-content\/uploads\/2024\/10\/WhatsApp-Image-2024-10-11-at-2.10.00-PM.jpeg?resize=350%2C200&ssl=1 1x, https:\/\/i0.wp.com\/www.cisa-arica.cl\/wp1\/wp-content\/uploads\/2024\/10\/WhatsApp-Image-2024-10-11-at-2.10.00-PM.jpeg?resize=525%2C300&ssl=1 1.5x, https:\/\/i0.wp.com\/www.cisa-arica.cl\/wp1\/wp-content\/uploads\/2024\/10\/WhatsApp-Image-2024-10-11-at-2.10.00-PM.jpeg?resize=700%2C400&ssl=1 2x, https:\/\/i0.wp.com\/www.cisa-arica.cl\/wp1\/wp-content\/uploads\/2024\/10\/WhatsApp-Image-2024-10-11-at-2.10.00-PM.jpeg?resize=1050%2C600&ssl=1 3x"},"classes":[]},{"id":28816,"url":"https:\/\/www.cisa-arica.cl\/wp1\/2025\/08\/28\/actividades-de-fiestas-patrias-cisa-2025\/","url_meta":{"origin":28180,"position":1},"title":"Actividades de Fiestas Patrias Cisa 2025","author":"Jeannette Rivera","date":"28 de Agosto de 2025","format":false,"excerpt":"A d\u00edas de iniciar el mes de Septiembre, se da a conocer las diferentes actividades que se realizar\u00e1n en el marco de nuestras celebraciones de Fiestas Patrias: \u00a0Martes 02 de septiembre \u2013 Urban Day Solidario Todas las estudiantes pueden asistir con vestimenta ropa de calle desde Pre-K\u00ednder hasta Cuarto Medio,\u2026","rel":"","context":"Entrada similar ","block_context":{"text":"Entrada similar ","link":""},"img":{"alt_text":"","src":"https:\/\/i0.wp.com\/www.cisa-arica.cl\/wp1\/wp-content\/uploads\/2025\/08\/WhatsApp-Image-2025-08-28-at-12.05.44-PM.jpeg?resize=350%2C200&ssl=1","width":350,"height":200,"srcset":"https:\/\/i0.wp.com\/www.cisa-arica.cl\/wp1\/wp-content\/uploads\/2025\/08\/WhatsApp-Image-2025-08-28-at-12.05.44-PM.jpeg?resize=350%2C200&ssl=1 1x, https:\/\/i0.wp.com\/www.cisa-arica.cl\/wp1\/wp-content\/uploads\/2025\/08\/WhatsApp-Image-2025-08-28-at-12.05.44-PM.jpeg?resize=525%2C300&ssl=1 1.5x, https:\/\/i0.wp.com\/www.cisa-arica.cl\/wp1\/wp-content\/uploads\/2025\/08\/WhatsApp-Image-2025-08-28-at-12.05.44-PM.jpeg?resize=700%2C400&ssl=1 2x, https:\/\/i0.wp.com\/www.cisa-arica.cl\/wp1\/wp-content\/uploads\/2025\/08\/WhatsApp-Image-2025-08-28-at-12.05.44-PM.jpeg?resize=1050%2C600&ssl=1 3x"},"classes":[]},{"id":28862,"url":"https:\/\/www.cisa-arica.cl\/wp1\/2025\/09\/08\/actividades-para-la-semana-del-08-al-12-de-septiembre\/","url_meta":{"origin":28180,"position":2},"title":"Actividades para la semana del 08 al 12 de septiembre","author":"Jeannette Rivera","date":"8 de Septiembre de 2025","format":false,"excerpt":"Estimados padres y apoderados: \u00a0Para esta semana del 08 al 12 de septiembre, tendremos las siguientes actividades: MI\u00c9RCOLES 10 - MISA A LA CHILENA Toda la Comunidad Educativa queda invitada a participar de esta\u00a0misa a las 18.00 hrs. El ingreso ser\u00e1 por la puerta principal de\u00a021 de mayo. Las estudiantes\u2026","rel":"","context":"Entrada similar ","block_context":{"text":"Entrada similar ","link":""},"img":{"alt_text":"","src":"https:\/\/i0.wp.com\/www.cisa-arica.cl\/wp1\/wp-content\/uploads\/2025\/08\/WhatsApp-Image-2025-08-28-at-12.16.44-PM.jpeg?resize=350%2C200&ssl=1","width":350,"height":200,"srcset":"https:\/\/i0.wp.com\/www.cisa-arica.cl\/wp1\/wp-content\/uploads\/2025\/08\/WhatsApp-Image-2025-08-28-at-12.16.44-PM.jpeg?resize=350%2C200&ssl=1 1x, https:\/\/i0.wp.com\/www.cisa-arica.cl\/wp1\/wp-content\/uploads\/2025\/08\/WhatsApp-Image-2025-08-28-at-12.16.44-PM.jpeg?resize=525%2C300&ssl=1 1.5x, https:\/\/i0.wp.com\/www.cisa-arica.cl\/wp1\/wp-content\/uploads\/2025\/08\/WhatsApp-Image-2025-08-28-at-12.16.44-PM.jpeg?resize=700%2C400&ssl=1 2x"},"classes":[]},{"id":26499,"url":"https:\/\/www.cisa-arica.cl\/wp1\/2024\/09\/09\/actividades-viernes-13-09\/","url_meta":{"origin":28180,"position":3},"title":"Actividades Viernes 13-09","author":"Jeannette Rivera","date":"9 de Septiembre de 2024","format":false,"excerpt":"A los padres y apoderados se les informa que este viernes 13 de septiembre, se realizar\u00e1n las siguientes actividades con motivo de la Celebraci\u00f3n de las Fiestas Patrias. Hora de entrada: 7.45 am. El primer bloque de clases las estudiantes tendr\u00e1n CLASES NORMALES. Las estudiantes pueden\u00a0asistir voluntariamente con vestimenta t\u00edpica\u2026","rel":"","context":"Entrada similar ","block_context":{"text":"Entrada similar ","link":""},"img":{"alt_text":"","src":"https:\/\/i0.wp.com\/www.cisa-arica.cl\/wp1\/wp-content\/uploads\/2024\/09\/WhatsApp-Image-2024-09-09-at-4.19.15-PM.jpeg?resize=350%2C200&ssl=1","width":350,"height":200,"srcset":"https:\/\/i0.wp.com\/www.cisa-arica.cl\/wp1\/wp-content\/uploads\/2024\/09\/WhatsApp-Image-2024-09-09-at-4.19.15-PM.jpeg?resize=350%2C200&ssl=1 1x, https:\/\/i0.wp.com\/www.cisa-arica.cl\/wp1\/wp-content\/uploads\/2024\/09\/WhatsApp-Image-2024-09-09-at-4.19.15-PM.jpeg?resize=525%2C300&ssl=1 1.5x, https:\/\/i0.wp.com\/www.cisa-arica.cl\/wp1\/wp-content\/uploads\/2024\/09\/WhatsApp-Image-2024-09-09-at-4.19.15-PM.jpeg?resize=700%2C400&ssl=1 2x, https:\/\/i0.wp.com\/www.cisa-arica.cl\/wp1\/wp-content\/uploads\/2024\/09\/WhatsApp-Image-2024-09-09-at-4.19.15-PM.jpeg?resize=1050%2C600&ssl=1 3x"},"classes":[]},{"id":20279,"url":"https:\/\/www.cisa-arica.cl\/wp1\/2023\/05\/03\/salida-del-jueves-04-05\/","url_meta":{"origin":28180,"position":4},"title":"Salida del Jueves 04-05","author":"Jeannette Rivera","date":"3 de Mayo de 2023","format":false,"excerpt":"Estimados padres y apoderados: Junto con saludar y esperando se encuentren bien con su familia, el motivo de este informativo es para comunicar que, ma\u00f1ana Jueves 04 de mayo el horario de salida de todas las estudiantes desde Pre K\u00ednder a Cuarto Medio es a las 14:00 horas, ya que\u2026","rel":"","context":"Entrada similar ","block_context":{"text":"Entrada similar ","link":""},"img":{"alt_text":"","src":"https:\/\/i0.wp.com\/www.cisa-arica.cl\/wp1\/wp-content\/uploads\/2023\/05\/WhatsApp-Image-2023-05-03-at-19.04.32.jpeg?resize=350%2C200&ssl=1","width":350,"height":200,"srcset":"https:\/\/i0.wp.com\/www.cisa-arica.cl\/wp1\/wp-content\/uploads\/2023\/05\/WhatsApp-Image-2023-05-03-at-19.04.32.jpeg?resize=350%2C200&ssl=1 1x, https:\/\/i0.wp.com\/www.cisa-arica.cl\/wp1\/wp-content\/uploads\/2023\/05\/WhatsApp-Image-2023-05-03-at-19.04.32.jpeg?resize=525%2C300&ssl=1 1.5x, https:\/\/i0.wp.com\/www.cisa-arica.cl\/wp1\/wp-content\/uploads\/2023\/05\/WhatsApp-Image-2023-05-03-at-19.04.32.jpeg?resize=700%2C400&ssl=1 2x, https:\/\/i0.wp.com\/www.cisa-arica.cl\/wp1\/wp-content\/uploads\/2023\/05\/WhatsApp-Image-2023-05-03-at-19.04.32.jpeg?resize=1050%2C600&ssl=1 3x"},"classes":[]},{"id":29133,"url":"https:\/\/www.cisa-arica.cl\/wp1\/2025\/11\/24\/horario-de-salida-desde-el-jueves-27-11-25\/","url_meta":{"origin":28180,"position":5},"title":"Horario de salida desde el jueves 27\/11\/25","author":"Jeannette Rivera","date":"24 de Noviembre de 2025","format":false,"excerpt":"Se comunica a los padres y apoderados los horarios de salida que regir\u00e1n desde el JUEVES 27 DE NOVIEMBRE DEL 2025 hasta el t\u00e9rmino del a\u00f1o escolar: *Todas las estudiantes (desde prek\u00ednder a 3\u00b0 medio) finalizar\u00e1n su jornada a las 13.00 hrs. *Los d\u00edas VIERNES,\u00a0ense\u00f1anza media\u00a0(7\u00b0 a 3\u00b0 medio) continuar\u00e1\u2026","rel":"","context":"Entrada similar ","block_context":{"text":"Entrada similar ","link":""},"img":{"alt_text":"","src":"https:\/\/i0.wp.com\/www.cisa-arica.cl\/wp1\/wp-content\/uploads\/2025\/11\/INFORMATIVO.png?resize=350%2C200&ssl=1","width":350,"height":200,"srcset":"https:\/\/i0.wp.com\/www.cisa-arica.cl\/wp1\/wp-content\/uploads\/2025\/11\/INFORMATIVO.png?resize=350%2C200&ssl=1 1x, https:\/\/i0.wp.com\/www.cisa-arica.cl\/wp1\/wp-content\/uploads\/2025\/11\/INFORMATIVO.png?resize=525%2C300&ssl=1 1.5x, https:\/\/i0.wp.com\/www.cisa-arica.cl\/wp1\/wp-content\/uploads\/2025\/11\/INFORMATIVO.png?resize=700%2C400&ssl=1 2x, https:\/\/i0.wp.com\/www.cisa-arica.cl\/wp1\/wp-content\/uploads\/2025\/11\/INFORMATIVO.png?resize=1050%2C600&ssl=1 3x"},"classes":[]}],"_links":{"self":[{"href":"https:\/\/www.cisa-arica.cl\/wp1\/wp-json\/wp\/v2\/posts\/28180","targetHints":{"allow":["GET"]}}],"collection":[{"href":"https:\/\/www.cisa-arica.cl\/wp1\/wp-json\/wp\/v2\/posts"}],"about":[{"href":"https:\/\/www.cisa-arica.cl\/wp1\/wp-json\/wp\/v2\/types\/post"}],"author":[{"embeddable":true,"href":"https:\/\/www.cisa-arica.cl\/wp1\/wp-json\/wp\/v2\/users\/5"}],"replies":[{"embeddable":true,"href":"https:\/\/www.cisa-arica.cl\/wp1\/wp-json\/wp\/v2\/comments?post=28180"}],"version-history":[{"count":2,"href":"https:\/\/www.cisa-arica.cl\/wp1\/wp-json\/wp\/v2\/posts\/28180\/revisions"}],"predecessor-version":[{"id":28183,"href":"https:\/\/www.cisa-arica.cl\/wp1\/wp-json\/wp\/v2\/posts\/28180\/revisions\/28183"}],"wp:featuredmedia":[{"embeddable":true,"href":"https:\/\/www.cisa-arica.cl\/wp1\/wp-json\/wp\/v2\/media\/28181"}],"wp:attachment":[{"href":"https:\/\/www.cisa-arica.cl\/wp1\/wp-json\/wp\/v2\/media?parent=28180"}],"wp:term":[{"taxonomy":"category","embeddable":true,"href":"https:\/\/www.cisa-arica.cl\/wp1\/wp-json\/wp\/v2\/categories?post=28180"},{"taxonomy":"post_tag","embeddable":true,"href":"https:\/\/www.cisa-arica.cl\/wp1\/wp-json\/wp\/v2\/tags?post=28180"}],"curies":[{"name":"wp","href":"https:\/\/api.w.org\/{rel}","templated":true}]}}