{"id":28176,"date":"2025-04-17T07:52:32","date_gmt":"2025-04-17T11:52:32","guid":{"rendered":"https:\/\/www.cisa-arica.cl\/wp1\/?p=28176"},"modified":"2025-04-28T09:18:54","modified_gmt":"2025-04-28T13:18:54","slug":"nueva-academia-para-estudiantes-de-7o-a-4to-medio","status":"publish","type":"post","link":"https:\/\/www.cisa-arica.cl\/wp1\/2025\/04\/17\/nueva-academia-para-estudiantes-de-7o-a-4to-medio\/","title":{"rendered":"Nueva Academia para estudiantes de 7\u00ba a 4to Medio"},"content":{"rendered":"<div>\n<div class=\"gmail_default\">Estimados Padres y Apoderados<\/div>\n<div class=\"gmail_default\"><\/div>\n<div class=\"gmail_default\">A trav\u00e9s del presente tengo el agrado de invitar a las estudiantes a participar de una nueva academia denominada\u00a0<b>&#8220;TALLER DE ACONDICIONAMIENTO F\u00cdSICO&#8221;<\/b>\u00a0que ser\u00e1 dictada por la Profesora Mirtha Vargas perteneciente al IND (Instituto Nacional del Deporte).<\/div>\n<div class=\"gmail_default\"><\/div>\n<div class=\"gmail_default\"><b>La academia es para las estudiantes de 7\u00ba a 4\u00ba medio.<\/b><\/div>\n<div class=\"gmail_default\"><b>\u00a0<\/b><\/div>\n<div class=\"gmail_default\"><b>El horario de funcionamiento ser\u00e1:<\/b><\/div>\n<div class=\"gmail_default\"><b>Lunes de 16.00 a 17.00 hrs.<\/b><\/div>\n<div class=\"gmail_default\"><b>Mi\u00e9rcoles de 16.00 a 17.00 hrs.<\/b><\/div>\n<div class=\"gmail_default\"><b>Viernes de 13.00 a 14.00 hrs.<\/b><\/div>\n<div class=\"gmail_default\"><\/div>\n<div class=\"gmail_default\">La inscripci\u00f3n se puede realizar a trav\u00e9s de la plataforma\u00a0<b>NOTASNET<\/b>.<\/div>\n<div class=\"gmail_default\"><\/div>\n<div class=\"gmail_default\">Una vez realizada la inscripci\u00f3n, el apoderado debe acercarse a la oficina de recepci\u00f3n con la Srta. Mari\u00f3n a firmar un consentimiento que exige el IND.<\/div>\n<div class=\"gmail_default\">S\u00f3lo son 20 cupos.<\/div>\n<div class=\"gmail_default\"><\/div>\n<div class=\"gmail_default\"><b>Inicio de la academia: LUNES 21\/04\/2025<\/b><\/div>\n<div class=\"gmail_default\"><\/div>\n<div class=\"gmail_default\">Esperamos que puedan participar en esta academia deportiva.<\/div>\n<div class=\"gmail_default\"><\/div>\n<div class=\"gmail_default\">Saluda atentamente,<\/div>\n<div class=\"gmail_default\">&#8212;<\/div>\n<\/div>\n<div class=\"gmail_signature\" dir=\"ltr\" data-smartmail=\"gmail_signature\">\n<div dir=\"ltr\"><img loading=\"lazy\" decoding=\"async\" class=\"CToWUd a6T\" tabindex=\"0\" src=\"https:\/\/ci3.googleusercontent.com\/mail-sig\/AIorK4xdJAgKXNPmNaILHH38tX9wRD6b6CHtOMFUl_BM-QH8Qtvi3RTChckwr915gbi4QqupaTNsvhf4eteW\" width=\"420\" height=\"117\" data-bit=\"iit\" \/><\/div>\n<\/div>\n","protected":false},"excerpt":{"rendered":"<p>Estimados Padres y Apoderados A trav\u00e9s del presente tengo el agrado de invitar a las estudiantes a participar de una nueva academia denominada\u00a0&#8220;TALLER DE ACONDICIONAMIENTO F\u00cdSICO&#8221;\u00a0que ser\u00e1 dictada por la Profesora Mirtha Vargas perteneciente al IND (Instituto Nacional del Deporte). La academia es para las estudiantes de 7\u00ba a 4\u00ba medio. \u00a0 El horario de <a class=\"read-more\" href=\"https:\/\/www.cisa-arica.cl\/wp1\/2025\/04\/17\/nueva-academia-para-estudiantes-de-7o-a-4to-medio\/\">Continuar leyendo<\/a><\/p>\n","protected":false},"author":5,"featured_media":28177,"comment_status":"closed","ping_status":"open","sticky":false,"template":"","format":"standard","meta":{"_jetpack_memberships_contains_paid_content":false,"footnotes":"","jetpack_publicize_message":"","jetpack_publicize_feature_enabled":true,"jetpack_social_post_already_shared":true,"jetpack_social_options":{"image_generator_settings":{"template":"highway","default_image_id":0,"font":"","enabled":false},"version":2}},"categories":[5],"tags":[],"class_list":["post-28176","post","type-post","status-publish","format-standard","has-post-thumbnail","hentry","category-uncategorized"],"jetpack_publicize_connections":[],"jetpack_featured_media_url":"https:\/\/www.cisa-arica.cl\/wp1\/wp-content\/uploads\/2025\/04\/01.jpg","jetpack_sharing_enabled":true,"jetpack_shortlink":"https:\/\/wp.me\/p84wcz-7ks","jetpack-related-posts":[{"id":16966,"url":"https:\/\/www.cisa-arica.cl\/wp1\/2022\/08\/05\/reforzamiento-y-academias\/","url_meta":{"origin":28176,"position":0},"title":"Reforzamiento y Academias","author":"Jeannette Rivera","date":"5 de Agosto de 2022","format":false,"excerpt":"Debido a la extensi\u00f3n de la Jornada Escolar Completa, los Reforzamientos y Academias modificaron sus horarios a partir del lunes 08 de agosto. En el caso de los Reforzamientos estos se iniciar\u00e1n una vez finalizadas las clases de cada nivel manteniendo los mismos d\u00edas. Las Academias presentan las siguientes modificaciones:\u2026","rel":"","context":"Entrada similar ","block_context":{"text":"Entrada similar ","link":""},"img":{"alt_text":"","src":"https:\/\/i0.wp.com\/www.cisa-arica.cl\/wp1\/wp-content\/uploads\/2022\/06\/DSC_9859.jpg?resize=350%2C200&ssl=1","width":350,"height":200,"srcset":"https:\/\/i0.wp.com\/www.cisa-arica.cl\/wp1\/wp-content\/uploads\/2022\/06\/DSC_9859.jpg?resize=350%2C200&ssl=1 1x, https:\/\/i0.wp.com\/www.cisa-arica.cl\/wp1\/wp-content\/uploads\/2022\/06\/DSC_9859.jpg?resize=525%2C300&ssl=1 1.5x, https:\/\/i0.wp.com\/www.cisa-arica.cl\/wp1\/wp-content\/uploads\/2022\/06\/DSC_9859.jpg?resize=700%2C400&ssl=1 2x, https:\/\/i0.wp.com\/www.cisa-arica.cl\/wp1\/wp-content\/uploads\/2022\/06\/DSC_9859.jpg?resize=1050%2C600&ssl=1 3x"},"classes":[]},{"id":28862,"url":"https:\/\/www.cisa-arica.cl\/wp1\/2025\/09\/08\/actividades-para-la-semana-del-08-al-12-de-septiembre\/","url_meta":{"origin":28176,"position":1},"title":"Actividades para la semana del 08 al 12 de septiembre","author":"Jeannette Rivera","date":"8 de Septiembre de 2025","format":false,"excerpt":"Estimados padres y apoderados: \u00a0Para esta semana del 08 al 12 de septiembre, tendremos las siguientes actividades: MI\u00c9RCOLES 10 - MISA A LA CHILENA Toda la Comunidad Educativa queda invitada a participar de esta\u00a0misa a las 18.00 hrs. El ingreso ser\u00e1 por la puerta principal de\u00a021 de mayo. Las estudiantes\u2026","rel":"","context":"Entrada similar ","block_context":{"text":"Entrada similar ","link":""},"img":{"alt_text":"","src":"https:\/\/i0.wp.com\/www.cisa-arica.cl\/wp1\/wp-content\/uploads\/2025\/08\/WhatsApp-Image-2025-08-28-at-12.16.44-PM.jpeg?resize=350%2C200&ssl=1","width":350,"height":200,"srcset":"https:\/\/i0.wp.com\/www.cisa-arica.cl\/wp1\/wp-content\/uploads\/2025\/08\/WhatsApp-Image-2025-08-28-at-12.16.44-PM.jpeg?resize=350%2C200&ssl=1 1x, https:\/\/i0.wp.com\/www.cisa-arica.cl\/wp1\/wp-content\/uploads\/2025\/08\/WhatsApp-Image-2025-08-28-at-12.16.44-PM.jpeg?resize=525%2C300&ssl=1 1.5x, https:\/\/i0.wp.com\/www.cisa-arica.cl\/wp1\/wp-content\/uploads\/2025\/08\/WhatsApp-Image-2025-08-28-at-12.16.44-PM.jpeg?resize=700%2C400&ssl=1 2x"},"classes":[]},{"id":26396,"url":"https:\/\/www.cisa-arica.cl\/wp1\/2024\/08\/25\/extension-de-horario-de-dance-team-cisa\/","url_meta":{"origin":28176,"position":2},"title":"Extensi\u00f3n de Horario de Dance Team Cisa","author":"Jeannette Rivera","date":"25 de Agosto de 2024","format":false,"excerpt":"La academia de Dance Team Cisa que se imparte para las estudiantes de 7\u00b0 a 4to Medio informa que a modo de recuperar las clases perdidas, es que la\u00a0pr\u00f3xima semana (desde el lunes 26 al viernes 30 de agosto)\u00a0las clases se extender\u00e1n en media hora m\u00e1s, quedando as\u00ed: Lunes de\u2026","rel":"","context":"Entrada similar ","block_context":{"text":"Entrada similar ","link":""},"img":{"alt_text":"","src":"","width":0,"height":0},"classes":[]},{"id":20034,"url":"https:\/\/www.cisa-arica.cl\/wp1\/2023\/04\/19\/informacion-urgente\/","url_meta":{"origin":28176,"position":3},"title":"INFORMACI\u00d3N URGENTE","author":"Jeannette Rivera","date":"19 de Abril de 2023","format":false,"excerpt":"Estimada Comunidad Educativa, muy buenos d\u00edas. Por razones de fuerza mayor y de manera extraordinaria,\u00a0TODAS\u00a0las estudiantes de nuestro Colegio se retirar\u00e1n hoy\u00a0mi\u00e9rcoles 19 de abril a las 12.00 hrs. El motivo de esta salida extraordinaria es el paro convocado por las manipuladoras de alimentos que no hab\u00eda sido informado a\u2026","rel":"","context":"Entrada similar ","block_context":{"text":"Entrada similar ","link":""},"img":{"alt_text":"","src":"","width":0,"height":0},"classes":[]},{"id":29147,"url":"https:\/\/www.cisa-arica.cl\/wp1\/2025\/12\/06\/fechas-de-matricula-2026\/","url_meta":{"origin":28176,"position":4},"title":"FECHAS DE MATR\u00cdCULA 2026","author":"Jeannette Rivera","date":"6 de Diciembre de 2025","format":false,"excerpt":"Se informa que el proceso de Matr\u00edcula 2025 para las estudiantes que actualmente cursan en nuestro colegio se realizar\u00e1 en los siguientes d\u00edas: MI\u00c9RCOLES 10 DE DICIEMBRE 2025 14.00 A 16.00 HRS. \u00a0 JUEVES 11 DE DICIEMBRE 2025 12.00 A 13.00 HRS. 14.00 A 16.00 HRS. \u00a0 VIERNES 12 DE\u2026","rel":"","context":"Entrada similar ","block_context":{"text":"Entrada similar ","link":""},"img":{"alt_text":"","src":"https:\/\/i0.wp.com\/www.cisa-arica.cl\/wp1\/wp-content\/uploads\/2025\/12\/Proceso-Matricula-Estudiantes-Antiguas-y-Nuevas.png?resize=350%2C200&ssl=1","width":350,"height":200,"srcset":"https:\/\/i0.wp.com\/www.cisa-arica.cl\/wp1\/wp-content\/uploads\/2025\/12\/Proceso-Matricula-Estudiantes-Antiguas-y-Nuevas.png?resize=350%2C200&ssl=1 1x, https:\/\/i0.wp.com\/www.cisa-arica.cl\/wp1\/wp-content\/uploads\/2025\/12\/Proceso-Matricula-Estudiantes-Antiguas-y-Nuevas.png?resize=525%2C300&ssl=1 1.5x, https:\/\/i0.wp.com\/www.cisa-arica.cl\/wp1\/wp-content\/uploads\/2025\/12\/Proceso-Matricula-Estudiantes-Antiguas-y-Nuevas.png?resize=700%2C400&ssl=1 2x, https:\/\/i0.wp.com\/www.cisa-arica.cl\/wp1\/wp-content\/uploads\/2025\/12\/Proceso-Matricula-Estudiantes-Antiguas-y-Nuevas.png?resize=1050%2C600&ssl=1 3x, https:\/\/i0.wp.com\/www.cisa-arica.cl\/wp1\/wp-content\/uploads\/2025\/12\/Proceso-Matricula-Estudiantes-Antiguas-y-Nuevas.png?resize=1400%2C800&ssl=1 4x"},"classes":[]},{"id":10966,"url":"https:\/\/www.cisa-arica.cl\/wp1\/2020\/07\/22\/inscribamonos-a-la-prueba-de-transicion-universitaria\/","url_meta":{"origin":28176,"position":5},"title":"Inscrib\u00e1monos a la Prueba de Transici\u00f3n Universitaria","author":"Jeannette Rivera","date":"22 de Julio de 2020","format":false,"excerpt":"Estimadas Estudiantes de 4tos medios:Esperando que\u00a0se encuentren bien junto a sus familias, las unidades de UTP y Orientaci\u00f3n las invitan a conectarse el d\u00eda martes 28 de julio a trav\u00e9s de la aplicaci\u00f3n Meet, para que se inscriban a la PDT, y adem\u00e1s puedan disipar sus dudas.Los horarios son los\u2026","rel":"","context":"Entrada similar ","block_context":{"text":"Entrada similar ","link":""},"img":{"alt_text":"","src":"https:\/\/i0.wp.com\/www.cisa-arica.cl\/wp1\/wp-content\/uploads\/2020\/07\/20200722_091612-1.jpg?resize=350%2C200&ssl=1","width":350,"height":200,"srcset":"https:\/\/i0.wp.com\/www.cisa-arica.cl\/wp1\/wp-content\/uploads\/2020\/07\/20200722_091612-1.jpg?resize=350%2C200&ssl=1 1x, https:\/\/i0.wp.com\/www.cisa-arica.cl\/wp1\/wp-content\/uploads\/2020\/07\/20200722_091612-1.jpg?resize=525%2C300&ssl=1 1.5x, https:\/\/i0.wp.com\/www.cisa-arica.cl\/wp1\/wp-content\/uploads\/2020\/07\/20200722_091612-1.jpg?resize=700%2C400&ssl=1 2x, https:\/\/i0.wp.com\/www.cisa-arica.cl\/wp1\/wp-content\/uploads\/2020\/07\/20200722_091612-1.jpg?resize=1050%2C600&ssl=1 3x"},"classes":[]}],"_links":{"self":[{"href":"https:\/\/www.cisa-arica.cl\/wp1\/wp-json\/wp\/v2\/posts\/28176","targetHints":{"allow":["GET"]}}],"collection":[{"href":"https:\/\/www.cisa-arica.cl\/wp1\/wp-json\/wp\/v2\/posts"}],"about":[{"href":"https:\/\/www.cisa-arica.cl\/wp1\/wp-json\/wp\/v2\/types\/post"}],"author":[{"embeddable":true,"href":"https:\/\/www.cisa-arica.cl\/wp1\/wp-json\/wp\/v2\/users\/5"}],"replies":[{"embeddable":true,"href":"https:\/\/www.cisa-arica.cl\/wp1\/wp-json\/wp\/v2\/comments?post=28176"}],"version-history":[{"count":1,"href":"https:\/\/www.cisa-arica.cl\/wp1\/wp-json\/wp\/v2\/posts\/28176\/revisions"}],"predecessor-version":[{"id":28178,"href":"https:\/\/www.cisa-arica.cl\/wp1\/wp-json\/wp\/v2\/posts\/28176\/revisions\/28178"}],"wp:featuredmedia":[{"embeddable":true,"href":"https:\/\/www.cisa-arica.cl\/wp1\/wp-json\/wp\/v2\/media\/28177"}],"wp:attachment":[{"href":"https:\/\/www.cisa-arica.cl\/wp1\/wp-json\/wp\/v2\/media?parent=28176"}],"wp:term":[{"taxonomy":"category","embeddable":true,"href":"https:\/\/www.cisa-arica.cl\/wp1\/wp-json\/wp\/v2\/categories?post=28176"},{"taxonomy":"post_tag","embeddable":true,"href":"https:\/\/www.cisa-arica.cl\/wp1\/wp-json\/wp\/v2\/tags?post=28176"}],"curies":[{"name":"wp","href":"https:\/\/api.w.org\/{rel}","templated":true}]}}