{"id":28063,"date":"2025-04-14T15:51:50","date_gmt":"2025-04-14T19:51:50","guid":{"rendered":"https:\/\/www.cisa-arica.cl\/wp1\/?p=28063"},"modified":"2025-04-25T16:38:39","modified_gmt":"2025-04-25T20:38:39","slug":"misa-de-bendicion-de-ramos","status":"publish","type":"post","link":"https:\/\/www.cisa-arica.cl\/wp1\/2025\/04\/14\/misa-de-bendicion-de-ramos\/","title":{"rendered":"Misa de Bendici\u00f3n de Ramos"},"content":{"rendered":"<p>El s\u00e1bado 12 de abril se llev\u00f3 a cabo, en el patio Esperanza, la Misa de Bendici\u00f3n de Ramos, oficiada por el padre Mario Maldonado. La ceremonia cont\u00f3 con la participaci\u00f3n de numerosas familias de la comunidad, quienes se congregaron para recibir la bendici\u00f3n en un ambiente de recogimiento y fe.<\/p>\n\n\n<div class=\"wp-block-jetpack-tiled-gallery aligncenter is-style-rectangular\"><div class=\"tiled-gallery__gallery\"><div class=\"tiled-gallery__row\"><div class=\"tiled-gallery__col\" style=\"flex-basis:66.75521%\"><figure class=\"tiled-gallery__item\"><img decoding=\"async\" data-attachment-id=\"28074\" data-permalink=\"https:\/\/www.cisa-arica.cl\/wp1\/2025\/04\/14\/misa-de-bendicion-de-ramos\/dsc_3279-1\/\" data-orig-file=\"https:\/\/www.cisa-arica.cl\/wp1\/wp-content\/uploads\/2025\/04\/DSC_3279-1.jpg\" data-orig-size=\"2048,1367\" data-comments-opened=\"0\" data-image-meta=\"{&quot;aperture&quot;:&quot;3.2&quot;,&quot;credit&quot;:&quot;&quot;,&quot;camera&quot;:&quot;NIKON D7100&quot;,&quot;caption&quot;:&quot;&quot;,&quot;created_timestamp&quot;:&quot;1744478320&quot;,&quot;copyright&quot;:&quot;&quot;,&quot;focal_length&quot;:&quot;34&quot;,&quot;iso&quot;:&quot;400&quot;,&quot;shutter_speed&quot;:&quot;0.00625&quot;,&quot;title&quot;:&quot;&quot;,&quot;orientation&quot;:&quot;0&quot;}\" data-image-title=\"DSC_3279-1\" data-image-description=\"\" data-image-caption=\"\" data-large-file=\"https:\/\/www.cisa-arica.cl\/wp1\/wp-content\/uploads\/2025\/04\/DSC_3279-1-600x400.jpg\" data-attachment-id=\"28074\" data-permalink=\"https:\/\/www.cisa-arica.cl\/wp1\/2025\/04\/14\/misa-de-bendicion-de-ramos\/dsc_3279-1\/\" data-orig-file=\"https:\/\/www.cisa-arica.cl\/wp1\/wp-content\/uploads\/2025\/04\/DSC_3279-1.jpg\" data-orig-size=\"2048,1367\" data-comments-opened=\"0\" data-image-meta=\"{&quot;aperture&quot;:&quot;3.2&quot;,&quot;credit&quot;:&quot;&quot;,&quot;camera&quot;:&quot;NIKON D7100&quot;,&quot;caption&quot;:&quot;&quot;,&quot;created_timestamp&quot;:&quot;1744478320&quot;,&quot;copyright&quot;:&quot;&quot;,&quot;focal_length&quot;:&quot;34&quot;,&quot;iso&quot;:&quot;400&quot;,&quot;shutter_speed&quot;:&quot;0.00625&quot;,&quot;title&quot;:&quot;&quot;,&quot;orientation&quot;:&quot;0&quot;}\" data-image-title=\"DSC_3279-1\" data-image-description=\"\" data-image-caption=\"\" data-large-file=\"https:\/\/www.cisa-arica.cl\/wp1\/wp-content\/uploads\/2025\/04\/DSC_3279-1-600x400.jpg\" role=\"button\" tabindex=\"0\" aria-label=\"Abrir la imagen 1 de 34 en pantalla completa\"srcset=\"https:\/\/i2.wp.com\/www.cisa-arica.cl\/wp1\/wp-content\/uploads\/2025\/04\/DSC_3279-1-600x400.jpg?strip=info&#038;w=600&#038;ssl=1 600w,https:\/\/i2.wp.com\/www.cisa-arica.cl\/wp1\/wp-content\/uploads\/2025\/04\/DSC_3279-1-600x400.jpg?strip=info&#038;w=900&#038;ssl=1 900w,https:\/\/i2.wp.com\/www.cisa-arica.cl\/wp1\/wp-content\/uploads\/2025\/04\/DSC_3279-1-600x400.jpg?strip=info&#038;w=1200&#038;ssl=1 1200w,https:\/\/i2.wp.com\/www.cisa-arica.cl\/wp1\/wp-content\/uploads\/2025\/04\/DSC_3279-1-600x400.jpg?strip=info&#038;w=1500&#038;ssl=1 1500w,https:\/\/i2.wp.com\/www.cisa-arica.cl\/wp1\/wp-content\/uploads\/2025\/04\/DSC_3279-1-600x400.jpg?strip=info&#038;w=1800&#038;ssl=1 1800w,https:\/\/i2.wp.com\/www.cisa-arica.cl\/wp1\/wp-content\/uploads\/2025\/04\/DSC_3279-1-600x400.jpg?strip=info&#038;w=2000&#038;ssl=1 2000w\" alt=\"\" data-height=\"1367\" data-id=\"28074\" data-link=\"https:\/\/www.cisa-arica.cl\/wp1\/?attachment_id=28074\" data-url=\"https:\/\/www.cisa-arica.cl\/wp1\/wp-content\/uploads\/2025\/04\/DSC_3279-1-600x400.jpg\" data-width=\"2048\" src=\"https:\/\/i2.wp.com\/www.cisa-arica.cl\/wp1\/wp-content\/uploads\/2025\/04\/DSC_3279-1-600x400.jpg?ssl=1\" data-amp-layout=\"responsive\"\/><\/figure><\/div><div class=\"tiled-gallery__col\" style=\"flex-basis:33.24479%\"><figure class=\"tiled-gallery__item\"><img decoding=\"async\" data-attachment-id=\"28075\" data-permalink=\"https:\/\/www.cisa-arica.cl\/wp1\/2025\/04\/14\/misa-de-bendicion-de-ramos\/dsc_3281-1\/\" data-orig-file=\"https:\/\/www.cisa-arica.cl\/wp1\/wp-content\/uploads\/2025\/04\/DSC_3281-1.jpg\" data-orig-size=\"2048,1367\" data-comments-opened=\"0\" data-image-meta=\"{&quot;aperture&quot;:&quot;5&quot;,&quot;credit&quot;:&quot;&quot;,&quot;camera&quot;:&quot;NIKON D7100&quot;,&quot;caption&quot;:&quot;&quot;,&quot;created_timestamp&quot;:&quot;1744478348&quot;,&quot;copyright&quot;:&quot;&quot;,&quot;focal_length&quot;:&quot;29&quot;,&quot;iso&quot;:&quot;400&quot;,&quot;shutter_speed&quot;:&quot;0.00625&quot;,&quot;title&quot;:&quot;&quot;,&quot;orientation&quot;:&quot;0&quot;}\" data-image-title=\"DSC_3281-1\" data-image-description=\"\" data-image-caption=\"\" data-large-file=\"https:\/\/www.cisa-arica.cl\/wp1\/wp-content\/uploads\/2025\/04\/DSC_3281-1-600x400.jpg\" data-attachment-id=\"28075\" data-permalink=\"https:\/\/www.cisa-arica.cl\/wp1\/2025\/04\/14\/misa-de-bendicion-de-ramos\/dsc_3281-1\/\" data-orig-file=\"https:\/\/www.cisa-arica.cl\/wp1\/wp-content\/uploads\/2025\/04\/DSC_3281-1.jpg\" data-orig-size=\"2048,1367\" data-comments-opened=\"0\" data-image-meta=\"{&quot;aperture&quot;:&quot;5&quot;,&quot;credit&quot;:&quot;&quot;,&quot;camera&quot;:&quot;NIKON D7100&quot;,&quot;caption&quot;:&quot;&quot;,&quot;created_timestamp&quot;:&quot;1744478348&quot;,&quot;copyright&quot;:&quot;&quot;,&quot;focal_length&quot;:&quot;29&quot;,&quot;iso&quot;:&quot;400&quot;,&quot;shutter_speed&quot;:&quot;0.00625&quot;,&quot;title&quot;:&quot;&quot;,&quot;orientation&quot;:&quot;0&quot;}\" data-image-title=\"DSC_3281-1\" data-image-description=\"\" data-image-caption=\"\" data-large-file=\"https:\/\/www.cisa-arica.cl\/wp1\/wp-content\/uploads\/2025\/04\/DSC_3281-1-600x400.jpg\" role=\"button\" tabindex=\"0\" aria-label=\"Abrir la imagen 2 de 34 en pantalla completa\"srcset=\"https:\/\/i0.wp.com\/www.cisa-arica.cl\/wp1\/wp-content\/uploads\/2025\/04\/DSC_3281-1-600x400.jpg?strip=info&#038;w=600&#038;ssl=1 600w,https:\/\/i0.wp.com\/www.cisa-arica.cl\/wp1\/wp-content\/uploads\/2025\/04\/DSC_3281-1-600x400.jpg?strip=info&#038;w=900&#038;ssl=1 900w,https:\/\/i0.wp.com\/www.cisa-arica.cl\/wp1\/wp-content\/uploads\/2025\/04\/DSC_3281-1-600x400.jpg?strip=info&#038;w=1200&#038;ssl=1 1200w,https:\/\/i0.wp.com\/www.cisa-arica.cl\/wp1\/wp-content\/uploads\/2025\/04\/DSC_3281-1-600x400.jpg?strip=info&#038;w=1500&#038;ssl=1 1500w,https:\/\/i0.wp.com\/www.cisa-arica.cl\/wp1\/wp-content\/uploads\/2025\/04\/DSC_3281-1-600x400.jpg?strip=info&#038;w=1800&#038;ssl=1 1800w,https:\/\/i0.wp.com\/www.cisa-arica.cl\/wp1\/wp-content\/uploads\/2025\/04\/DSC_3281-1-600x400.jpg?strip=info&#038;w=2000&#038;ssl=1 2000w\" alt=\"\" data-height=\"1367\" data-id=\"28075\" data-link=\"https:\/\/www.cisa-arica.cl\/wp1\/?attachment_id=28075\" data-url=\"https:\/\/www.cisa-arica.cl\/wp1\/wp-content\/uploads\/2025\/04\/DSC_3281-1-600x400.jpg\" data-width=\"2048\" src=\"https:\/\/i0.wp.com\/www.cisa-arica.cl\/wp1\/wp-content\/uploads\/2025\/04\/DSC_3281-1-600x400.jpg?ssl=1\" data-amp-layout=\"responsive\"\/><\/figure><figure class=\"tiled-gallery__item\"><img decoding=\"async\" data-attachment-id=\"28076\" data-permalink=\"https:\/\/www.cisa-arica.cl\/wp1\/2025\/04\/14\/misa-de-bendicion-de-ramos\/dsc_3282-1\/\" data-orig-file=\"https:\/\/www.cisa-arica.cl\/wp1\/wp-content\/uploads\/2025\/04\/DSC_3282-1.jpg\" data-orig-size=\"2048,1367\" data-comments-opened=\"0\" data-image-meta=\"{&quot;aperture&quot;:&quot;6.3&quot;,&quot;credit&quot;:&quot;&quot;,&quot;camera&quot;:&quot;NIKON D7100&quot;,&quot;caption&quot;:&quot;&quot;,&quot;created_timestamp&quot;:&quot;1744478354&quot;,&quot;copyright&quot;:&quot;&quot;,&quot;focal_length&quot;:&quot;29&quot;,&quot;iso&quot;:&quot;400&quot;,&quot;shutter_speed&quot;:&quot;0.00625&quot;,&quot;title&quot;:&quot;&quot;,&quot;orientation&quot;:&quot;0&quot;}\" data-image-title=\"DSC_3282-1\" data-image-description=\"\" data-image-caption=\"\" data-large-file=\"https:\/\/www.cisa-arica.cl\/wp1\/wp-content\/uploads\/2025\/04\/DSC_3282-1-600x400.jpg\" data-attachment-id=\"28076\" data-permalink=\"https:\/\/www.cisa-arica.cl\/wp1\/2025\/04\/14\/misa-de-bendicion-de-ramos\/dsc_3282-1\/\" data-orig-file=\"https:\/\/www.cisa-arica.cl\/wp1\/wp-content\/uploads\/2025\/04\/DSC_3282-1.jpg\" data-orig-size=\"2048,1367\" data-comments-opened=\"0\" data-image-meta=\"{&quot;aperture&quot;:&quot;6.3&quot;,&quot;credit&quot;:&quot;&quot;,&quot;camera&quot;:&quot;NIKON D7100&quot;,&quot;caption&quot;:&quot;&quot;,&quot;created_timestamp&quot;:&quot;1744478354&quot;,&quot;copyright&quot;:&quot;&quot;,&quot;focal_length&quot;:&quot;29&quot;,&quot;iso&quot;:&quot;400&quot;,&quot;shutter_speed&quot;:&quot;0.00625&quot;,&quot;title&quot;:&quot;&quot;,&quot;orientation&quot;:&quot;0&quot;}\" data-image-title=\"DSC_3282-1\" data-image-description=\"\" data-image-caption=\"\" data-large-file=\"https:\/\/www.cisa-arica.cl\/wp1\/wp-content\/uploads\/2025\/04\/DSC_3282-1-600x400.jpg\" role=\"button\" tabindex=\"0\" aria-label=\"Abrir la imagen 3 de 34 en pantalla completa\"srcset=\"https:\/\/i1.wp.com\/www.cisa-arica.cl\/wp1\/wp-content\/uploads\/2025\/04\/DSC_3282-1-600x400.jpg?strip=info&#038;w=600&#038;ssl=1 600w,https:\/\/i1.wp.com\/www.cisa-arica.cl\/wp1\/wp-content\/uploads\/2025\/04\/DSC_3282-1-600x400.jpg?strip=info&#038;w=900&#038;ssl=1 900w,https:\/\/i1.wp.com\/www.cisa-arica.cl\/wp1\/wp-content\/uploads\/2025\/04\/DSC_3282-1-600x400.jpg?strip=info&#038;w=1200&#038;ssl=1 1200w,https:\/\/i1.wp.com\/www.cisa-arica.cl\/wp1\/wp-content\/uploads\/2025\/04\/DSC_3282-1-600x400.jpg?strip=info&#038;w=1500&#038;ssl=1 1500w,https:\/\/i1.wp.com\/www.cisa-arica.cl\/wp1\/wp-content\/uploads\/2025\/04\/DSC_3282-1-600x400.jpg?strip=info&#038;w=1800&#038;ssl=1 1800w,https:\/\/i1.wp.com\/www.cisa-arica.cl\/wp1\/wp-content\/uploads\/2025\/04\/DSC_3282-1-600x400.jpg?strip=info&#038;w=2000&#038;ssl=1 2000w\" alt=\"\" data-height=\"1367\" data-id=\"28076\" data-link=\"https:\/\/www.cisa-arica.cl\/wp1\/?attachment_id=28076\" data-url=\"https:\/\/www.cisa-arica.cl\/wp1\/wp-content\/uploads\/2025\/04\/DSC_3282-1-600x400.jpg\" data-width=\"2048\" src=\"https:\/\/i1.wp.com\/www.cisa-arica.cl\/wp1\/wp-content\/uploads\/2025\/04\/DSC_3282-1-600x400.jpg?ssl=1\" data-amp-layout=\"responsive\"\/><\/figure><\/div><\/div><div class=\"tiled-gallery__row\"><div class=\"tiled-gallery__col\" style=\"flex-basis:33.33333%\"><figure class=\"tiled-gallery__item\"><img decoding=\"async\" data-attachment-id=\"28077\" data-permalink=\"https:\/\/www.cisa-arica.cl\/wp1\/2025\/04\/14\/misa-de-bendicion-de-ramos\/dsc_3283-1\/\" data-orig-file=\"https:\/\/www.cisa-arica.cl\/wp1\/wp-content\/uploads\/2025\/04\/DSC_3283-1.jpg\" data-orig-size=\"2048,1367\" data-comments-opened=\"0\" data-image-meta=\"{&quot;aperture&quot;:&quot;4.5&quot;,&quot;credit&quot;:&quot;&quot;,&quot;camera&quot;:&quot;NIKON D7100&quot;,&quot;caption&quot;:&quot;&quot;,&quot;created_timestamp&quot;:&quot;1744478389&quot;,&quot;copyright&quot;:&quot;&quot;,&quot;focal_length&quot;:&quot;50&quot;,&quot;iso&quot;:&quot;400&quot;,&quot;shutter_speed&quot;:&quot;0.00625&quot;,&quot;title&quot;:&quot;&quot;,&quot;orientation&quot;:&quot;0&quot;}\" data-image-title=\"DSC_3283-1\" data-image-description=\"\" data-image-caption=\"\" data-large-file=\"https:\/\/www.cisa-arica.cl\/wp1\/wp-content\/uploads\/2025\/04\/DSC_3283-1-600x400.jpg\" data-attachment-id=\"28077\" data-permalink=\"https:\/\/www.cisa-arica.cl\/wp1\/2025\/04\/14\/misa-de-bendicion-de-ramos\/dsc_3283-1\/\" data-orig-file=\"https:\/\/www.cisa-arica.cl\/wp1\/wp-content\/uploads\/2025\/04\/DSC_3283-1.jpg\" data-orig-size=\"2048,1367\" data-comments-opened=\"0\" data-image-meta=\"{&quot;aperture&quot;:&quot;4.5&quot;,&quot;credit&quot;:&quot;&quot;,&quot;camera&quot;:&quot;NIKON D7100&quot;,&quot;caption&quot;:&quot;&quot;,&quot;created_timestamp&quot;:&quot;1744478389&quot;,&quot;copyright&quot;:&quot;&quot;,&quot;focal_length&quot;:&quot;50&quot;,&quot;iso&quot;:&quot;400&quot;,&quot;shutter_speed&quot;:&quot;0.00625&quot;,&quot;title&quot;:&quot;&quot;,&quot;orientation&quot;:&quot;0&quot;}\" data-image-title=\"DSC_3283-1\" data-image-description=\"\" data-image-caption=\"\" data-large-file=\"https:\/\/www.cisa-arica.cl\/wp1\/wp-content\/uploads\/2025\/04\/DSC_3283-1-600x400.jpg\" role=\"button\" tabindex=\"0\" aria-label=\"Abrir la imagen 4 de 34 en pantalla completa\"srcset=\"https:\/\/i0.wp.com\/www.cisa-arica.cl\/wp1\/wp-content\/uploads\/2025\/04\/DSC_3283-1-600x400.jpg?strip=info&#038;w=600&#038;ssl=1 600w,https:\/\/i0.wp.com\/www.cisa-arica.cl\/wp1\/wp-content\/uploads\/2025\/04\/DSC_3283-1-600x400.jpg?strip=info&#038;w=900&#038;ssl=1 900w,https:\/\/i0.wp.com\/www.cisa-arica.cl\/wp1\/wp-content\/uploads\/2025\/04\/DSC_3283-1-600x400.jpg?strip=info&#038;w=1200&#038;ssl=1 1200w,https:\/\/i0.wp.com\/www.cisa-arica.cl\/wp1\/wp-content\/uploads\/2025\/04\/DSC_3283-1-600x400.jpg?strip=info&#038;w=1500&#038;ssl=1 1500w,https:\/\/i0.wp.com\/www.cisa-arica.cl\/wp1\/wp-content\/uploads\/2025\/04\/DSC_3283-1-600x400.jpg?strip=info&#038;w=1800&#038;ssl=1 1800w,https:\/\/i0.wp.com\/www.cisa-arica.cl\/wp1\/wp-content\/uploads\/2025\/04\/DSC_3283-1-600x400.jpg?strip=info&#038;w=2000&#038;ssl=1 2000w\" alt=\"\" data-height=\"1367\" data-id=\"28077\" data-link=\"https:\/\/www.cisa-arica.cl\/wp1\/?attachment_id=28077\" data-url=\"https:\/\/www.cisa-arica.cl\/wp1\/wp-content\/uploads\/2025\/04\/DSC_3283-1-600x400.jpg\" data-width=\"2048\" src=\"https:\/\/i0.wp.com\/www.cisa-arica.cl\/wp1\/wp-content\/uploads\/2025\/04\/DSC_3283-1-600x400.jpg?ssl=1\" data-amp-layout=\"responsive\"\/><\/figure><\/div><div class=\"tiled-gallery__col\" style=\"flex-basis:33.33333%\"><figure class=\"tiled-gallery__item\"><img decoding=\"async\" data-attachment-id=\"28078\" data-permalink=\"https:\/\/www.cisa-arica.cl\/wp1\/2025\/04\/14\/misa-de-bendicion-de-ramos\/dsc_3285-1\/\" data-orig-file=\"https:\/\/www.cisa-arica.cl\/wp1\/wp-content\/uploads\/2025\/04\/DSC_3285-1.jpg\" data-orig-size=\"2048,1367\" data-comments-opened=\"0\" data-image-meta=\"{&quot;aperture&quot;:&quot;5&quot;,&quot;credit&quot;:&quot;&quot;,&quot;camera&quot;:&quot;NIKON D7100&quot;,&quot;caption&quot;:&quot;&quot;,&quot;created_timestamp&quot;:&quot;1744478407&quot;,&quot;copyright&quot;:&quot;&quot;,&quot;focal_length&quot;:&quot;50&quot;,&quot;iso&quot;:&quot;400&quot;,&quot;shutter_speed&quot;:&quot;0.00625&quot;,&quot;title&quot;:&quot;&quot;,&quot;orientation&quot;:&quot;0&quot;}\" data-image-title=\"DSC_3285-1\" data-image-description=\"\" data-image-caption=\"\" data-large-file=\"https:\/\/www.cisa-arica.cl\/wp1\/wp-content\/uploads\/2025\/04\/DSC_3285-1-600x400.jpg\" data-attachment-id=\"28078\" data-permalink=\"https:\/\/www.cisa-arica.cl\/wp1\/2025\/04\/14\/misa-de-bendicion-de-ramos\/dsc_3285-1\/\" data-orig-file=\"https:\/\/www.cisa-arica.cl\/wp1\/wp-content\/uploads\/2025\/04\/DSC_3285-1.jpg\" data-orig-size=\"2048,1367\" data-comments-opened=\"0\" data-image-meta=\"{&quot;aperture&quot;:&quot;5&quot;,&quot;credit&quot;:&quot;&quot;,&quot;camera&quot;:&quot;NIKON D7100&quot;,&quot;caption&quot;:&quot;&quot;,&quot;created_timestamp&quot;:&quot;1744478407&quot;,&quot;copyright&quot;:&quot;&quot;,&quot;focal_length&quot;:&quot;50&quot;,&quot;iso&quot;:&quot;400&quot;,&quot;shutter_speed&quot;:&quot;0.00625&quot;,&quot;title&quot;:&quot;&quot;,&quot;orientation&quot;:&quot;0&quot;}\" data-image-title=\"DSC_3285-1\" data-image-description=\"\" data-image-caption=\"\" data-large-file=\"https:\/\/www.cisa-arica.cl\/wp1\/wp-content\/uploads\/2025\/04\/DSC_3285-1-600x400.jpg\" role=\"button\" tabindex=\"0\" aria-label=\"Abrir la imagen 5 de 34 en pantalla completa\"srcset=\"https:\/\/i0.wp.com\/www.cisa-arica.cl\/wp1\/wp-content\/uploads\/2025\/04\/DSC_3285-1-600x400.jpg?strip=info&#038;w=600&#038;ssl=1 600w,https:\/\/i0.wp.com\/www.cisa-arica.cl\/wp1\/wp-content\/uploads\/2025\/04\/DSC_3285-1-600x400.jpg?strip=info&#038;w=900&#038;ssl=1 900w,https:\/\/i0.wp.com\/www.cisa-arica.cl\/wp1\/wp-content\/uploads\/2025\/04\/DSC_3285-1-600x400.jpg?strip=info&#038;w=1200&#038;ssl=1 1200w,https:\/\/i0.wp.com\/www.cisa-arica.cl\/wp1\/wp-content\/uploads\/2025\/04\/DSC_3285-1-600x400.jpg?strip=info&#038;w=1500&#038;ssl=1 1500w,https:\/\/i0.wp.com\/www.cisa-arica.cl\/wp1\/wp-content\/uploads\/2025\/04\/DSC_3285-1-600x400.jpg?strip=info&#038;w=1800&#038;ssl=1 1800w,https:\/\/i0.wp.com\/www.cisa-arica.cl\/wp1\/wp-content\/uploads\/2025\/04\/DSC_3285-1-600x400.jpg?strip=info&#038;w=2000&#038;ssl=1 2000w\" alt=\"\" data-height=\"1367\" data-id=\"28078\" data-link=\"https:\/\/www.cisa-arica.cl\/wp1\/?attachment_id=28078\" data-url=\"https:\/\/www.cisa-arica.cl\/wp1\/wp-content\/uploads\/2025\/04\/DSC_3285-1-600x400.jpg\" data-width=\"2048\" src=\"https:\/\/i0.wp.com\/www.cisa-arica.cl\/wp1\/wp-content\/uploads\/2025\/04\/DSC_3285-1-600x400.jpg?ssl=1\" data-amp-layout=\"responsive\"\/><\/figure><\/div><div class=\"tiled-gallery__col\" style=\"flex-basis:33.33333%\"><figure class=\"tiled-gallery__item\"><img decoding=\"async\" data-attachment-id=\"28079\" data-permalink=\"https:\/\/www.cisa-arica.cl\/wp1\/2025\/04\/14\/misa-de-bendicion-de-ramos\/dsc_3287-1\/\" data-orig-file=\"https:\/\/www.cisa-arica.cl\/wp1\/wp-content\/uploads\/2025\/04\/DSC_3287-1.jpg\" data-orig-size=\"2048,1367\" data-comments-opened=\"0\" data-image-meta=\"{&quot;aperture&quot;:&quot;4.5&quot;,&quot;credit&quot;:&quot;&quot;,&quot;camera&quot;:&quot;NIKON D7100&quot;,&quot;caption&quot;:&quot;&quot;,&quot;created_timestamp&quot;:&quot;1744478461&quot;,&quot;copyright&quot;:&quot;&quot;,&quot;focal_length&quot;:&quot;32&quot;,&quot;iso&quot;:&quot;400&quot;,&quot;shutter_speed&quot;:&quot;0.00625&quot;,&quot;title&quot;:&quot;&quot;,&quot;orientation&quot;:&quot;0&quot;}\" data-image-title=\"DSC_3287-1\" data-image-description=\"\" data-image-caption=\"\" data-large-file=\"https:\/\/www.cisa-arica.cl\/wp1\/wp-content\/uploads\/2025\/04\/DSC_3287-1-600x400.jpg\" data-attachment-id=\"28079\" data-permalink=\"https:\/\/www.cisa-arica.cl\/wp1\/2025\/04\/14\/misa-de-bendicion-de-ramos\/dsc_3287-1\/\" data-orig-file=\"https:\/\/www.cisa-arica.cl\/wp1\/wp-content\/uploads\/2025\/04\/DSC_3287-1.jpg\" data-orig-size=\"2048,1367\" data-comments-opened=\"0\" data-image-meta=\"{&quot;aperture&quot;:&quot;4.5&quot;,&quot;credit&quot;:&quot;&quot;,&quot;camera&quot;:&quot;NIKON D7100&quot;,&quot;caption&quot;:&quot;&quot;,&quot;created_timestamp&quot;:&quot;1744478461&quot;,&quot;copyright&quot;:&quot;&quot;,&quot;focal_length&quot;:&quot;32&quot;,&quot;iso&quot;:&quot;400&quot;,&quot;shutter_speed&quot;:&quot;0.00625&quot;,&quot;title&quot;:&quot;&quot;,&quot;orientation&quot;:&quot;0&quot;}\" data-image-title=\"DSC_3287-1\" data-image-description=\"\" data-image-caption=\"\" data-large-file=\"https:\/\/www.cisa-arica.cl\/wp1\/wp-content\/uploads\/2025\/04\/DSC_3287-1-600x400.jpg\" role=\"button\" tabindex=\"0\" aria-label=\"Abrir la imagen 6 de 34 en pantalla completa\"srcset=\"https:\/\/i2.wp.com\/www.cisa-arica.cl\/wp1\/wp-content\/uploads\/2025\/04\/DSC_3287-1-600x400.jpg?strip=info&#038;w=600&#038;ssl=1 600w,https:\/\/i2.wp.com\/www.cisa-arica.cl\/wp1\/wp-content\/uploads\/2025\/04\/DSC_3287-1-600x400.jpg?strip=info&#038;w=900&#038;ssl=1 900w,https:\/\/i2.wp.com\/www.cisa-arica.cl\/wp1\/wp-content\/uploads\/2025\/04\/DSC_3287-1-600x400.jpg?strip=info&#038;w=1200&#038;ssl=1 1200w,https:\/\/i2.wp.com\/www.cisa-arica.cl\/wp1\/wp-content\/uploads\/2025\/04\/DSC_3287-1-600x400.jpg?strip=info&#038;w=1500&#038;ssl=1 1500w,https:\/\/i2.wp.com\/www.cisa-arica.cl\/wp1\/wp-content\/uploads\/2025\/04\/DSC_3287-1-600x400.jpg?strip=info&#038;w=1800&#038;ssl=1 1800w,https:\/\/i2.wp.com\/www.cisa-arica.cl\/wp1\/wp-content\/uploads\/2025\/04\/DSC_3287-1-600x400.jpg?strip=info&#038;w=2000&#038;ssl=1 2000w\" alt=\"\" data-height=\"1367\" data-id=\"28079\" data-link=\"https:\/\/www.cisa-arica.cl\/wp1\/?attachment_id=28079\" data-url=\"https:\/\/www.cisa-arica.cl\/wp1\/wp-content\/uploads\/2025\/04\/DSC_3287-1-600x400.jpg\" data-width=\"2048\" src=\"https:\/\/i2.wp.com\/www.cisa-arica.cl\/wp1\/wp-content\/uploads\/2025\/04\/DSC_3287-1-600x400.jpg?ssl=1\" data-amp-layout=\"responsive\"\/><\/figure><\/div><\/div><div class=\"tiled-gallery__row\"><div class=\"tiled-gallery__col\" style=\"flex-basis:33.24479%\"><figure class=\"tiled-gallery__item\"><img decoding=\"async\" data-attachment-id=\"28080\" data-permalink=\"https:\/\/www.cisa-arica.cl\/wp1\/2025\/04\/14\/misa-de-bendicion-de-ramos\/dsc_3288-1\/\" data-orig-file=\"https:\/\/www.cisa-arica.cl\/wp1\/wp-content\/uploads\/2025\/04\/DSC_3288-1.jpg\" data-orig-size=\"2048,1367\" data-comments-opened=\"0\" data-image-meta=\"{&quot;aperture&quot;:&quot;5&quot;,&quot;credit&quot;:&quot;&quot;,&quot;camera&quot;:&quot;NIKON D7100&quot;,&quot;caption&quot;:&quot;&quot;,&quot;created_timestamp&quot;:&quot;1744478473&quot;,&quot;copyright&quot;:&quot;&quot;,&quot;focal_length&quot;:&quot;50&quot;,&quot;iso&quot;:&quot;400&quot;,&quot;shutter_speed&quot;:&quot;0.00625&quot;,&quot;title&quot;:&quot;&quot;,&quot;orientation&quot;:&quot;0&quot;}\" data-image-title=\"DSC_3288-1\" data-image-description=\"\" data-image-caption=\"\" data-large-file=\"https:\/\/www.cisa-arica.cl\/wp1\/wp-content\/uploads\/2025\/04\/DSC_3288-1-600x400.jpg\" data-attachment-id=\"28080\" data-permalink=\"https:\/\/www.cisa-arica.cl\/wp1\/2025\/04\/14\/misa-de-bendicion-de-ramos\/dsc_3288-1\/\" data-orig-file=\"https:\/\/www.cisa-arica.cl\/wp1\/wp-content\/uploads\/2025\/04\/DSC_3288-1.jpg\" data-orig-size=\"2048,1367\" data-comments-opened=\"0\" data-image-meta=\"{&quot;aperture&quot;:&quot;5&quot;,&quot;credit&quot;:&quot;&quot;,&quot;camera&quot;:&quot;NIKON D7100&quot;,&quot;caption&quot;:&quot;&quot;,&quot;created_timestamp&quot;:&quot;1744478473&quot;,&quot;copyright&quot;:&quot;&quot;,&quot;focal_length&quot;:&quot;50&quot;,&quot;iso&quot;:&quot;400&quot;,&quot;shutter_speed&quot;:&quot;0.00625&quot;,&quot;title&quot;:&quot;&quot;,&quot;orientation&quot;:&quot;0&quot;}\" data-image-title=\"DSC_3288-1\" data-image-description=\"\" data-image-caption=\"\" data-large-file=\"https:\/\/www.cisa-arica.cl\/wp1\/wp-content\/uploads\/2025\/04\/DSC_3288-1-600x400.jpg\" role=\"button\" tabindex=\"0\" aria-label=\"Abrir la imagen 7 de 34 en pantalla completa\"srcset=\"https:\/\/i1.wp.com\/www.cisa-arica.cl\/wp1\/wp-content\/uploads\/2025\/04\/DSC_3288-1-600x400.jpg?strip=info&#038;w=600&#038;ssl=1 600w,https:\/\/i1.wp.com\/www.cisa-arica.cl\/wp1\/wp-content\/uploads\/2025\/04\/DSC_3288-1-600x400.jpg?strip=info&#038;w=900&#038;ssl=1 900w,https:\/\/i1.wp.com\/www.cisa-arica.cl\/wp1\/wp-content\/uploads\/2025\/04\/DSC_3288-1-600x400.jpg?strip=info&#038;w=1200&#038;ssl=1 1200w,https:\/\/i1.wp.com\/www.cisa-arica.cl\/wp1\/wp-content\/uploads\/2025\/04\/DSC_3288-1-600x400.jpg?strip=info&#038;w=1500&#038;ssl=1 1500w,https:\/\/i1.wp.com\/www.cisa-arica.cl\/wp1\/wp-content\/uploads\/2025\/04\/DSC_3288-1-600x400.jpg?strip=info&#038;w=1800&#038;ssl=1 1800w,https:\/\/i1.wp.com\/www.cisa-arica.cl\/wp1\/wp-content\/uploads\/2025\/04\/DSC_3288-1-600x400.jpg?strip=info&#038;w=2000&#038;ssl=1 2000w\" alt=\"\" data-height=\"1367\" data-id=\"28080\" data-link=\"https:\/\/www.cisa-arica.cl\/wp1\/?attachment_id=28080\" data-url=\"https:\/\/www.cisa-arica.cl\/wp1\/wp-content\/uploads\/2025\/04\/DSC_3288-1-600x400.jpg\" data-width=\"2048\" src=\"https:\/\/i1.wp.com\/www.cisa-arica.cl\/wp1\/wp-content\/uploads\/2025\/04\/DSC_3288-1-600x400.jpg?ssl=1\" data-amp-layout=\"responsive\"\/><\/figure><figure class=\"tiled-gallery__item\"><img decoding=\"async\" data-attachment-id=\"28081\" data-permalink=\"https:\/\/www.cisa-arica.cl\/wp1\/2025\/04\/14\/misa-de-bendicion-de-ramos\/dsc_3289-1\/\" data-orig-file=\"https:\/\/www.cisa-arica.cl\/wp1\/wp-content\/uploads\/2025\/04\/DSC_3289-1.jpg\" data-orig-size=\"2048,1367\" data-comments-opened=\"0\" data-image-meta=\"{&quot;aperture&quot;:&quot;4.5&quot;,&quot;credit&quot;:&quot;&quot;,&quot;camera&quot;:&quot;NIKON D7100&quot;,&quot;caption&quot;:&quot;&quot;,&quot;created_timestamp&quot;:&quot;1744478493&quot;,&quot;copyright&quot;:&quot;&quot;,&quot;focal_length&quot;:&quot;26&quot;,&quot;iso&quot;:&quot;400&quot;,&quot;shutter_speed&quot;:&quot;0.00625&quot;,&quot;title&quot;:&quot;&quot;,&quot;orientation&quot;:&quot;0&quot;}\" data-image-title=\"DSC_3289-1\" data-image-description=\"\" data-image-caption=\"\" data-large-file=\"https:\/\/www.cisa-arica.cl\/wp1\/wp-content\/uploads\/2025\/04\/DSC_3289-1-600x400.jpg\" data-attachment-id=\"28081\" data-permalink=\"https:\/\/www.cisa-arica.cl\/wp1\/2025\/04\/14\/misa-de-bendicion-de-ramos\/dsc_3289-1\/\" data-orig-file=\"https:\/\/www.cisa-arica.cl\/wp1\/wp-content\/uploads\/2025\/04\/DSC_3289-1.jpg\" data-orig-size=\"2048,1367\" data-comments-opened=\"0\" data-image-meta=\"{&quot;aperture&quot;:&quot;4.5&quot;,&quot;credit&quot;:&quot;&quot;,&quot;camera&quot;:&quot;NIKON D7100&quot;,&quot;caption&quot;:&quot;&quot;,&quot;created_timestamp&quot;:&quot;1744478493&quot;,&quot;copyright&quot;:&quot;&quot;,&quot;focal_length&quot;:&quot;26&quot;,&quot;iso&quot;:&quot;400&quot;,&quot;shutter_speed&quot;:&quot;0.00625&quot;,&quot;title&quot;:&quot;&quot;,&quot;orientation&quot;:&quot;0&quot;}\" data-image-title=\"DSC_3289-1\" data-image-description=\"\" data-image-caption=\"\" data-large-file=\"https:\/\/www.cisa-arica.cl\/wp1\/wp-content\/uploads\/2025\/04\/DSC_3289-1-600x400.jpg\" role=\"button\" tabindex=\"0\" aria-label=\"Abrir la imagen 8 de 34 en pantalla completa\"srcset=\"https:\/\/i1.wp.com\/www.cisa-arica.cl\/wp1\/wp-content\/uploads\/2025\/04\/DSC_3289-1-600x400.jpg?strip=info&#038;w=600&#038;ssl=1 600w,https:\/\/i1.wp.com\/www.cisa-arica.cl\/wp1\/wp-content\/uploads\/2025\/04\/DSC_3289-1-600x400.jpg?strip=info&#038;w=900&#038;ssl=1 900w,https:\/\/i1.wp.com\/www.cisa-arica.cl\/wp1\/wp-content\/uploads\/2025\/04\/DSC_3289-1-600x400.jpg?strip=info&#038;w=1200&#038;ssl=1 1200w,https:\/\/i1.wp.com\/www.cisa-arica.cl\/wp1\/wp-content\/uploads\/2025\/04\/DSC_3289-1-600x400.jpg?strip=info&#038;w=1500&#038;ssl=1 1500w,https:\/\/i1.wp.com\/www.cisa-arica.cl\/wp1\/wp-content\/uploads\/2025\/04\/DSC_3289-1-600x400.jpg?strip=info&#038;w=1800&#038;ssl=1 1800w,https:\/\/i1.wp.com\/www.cisa-arica.cl\/wp1\/wp-content\/uploads\/2025\/04\/DSC_3289-1-600x400.jpg?strip=info&#038;w=2000&#038;ssl=1 2000w\" alt=\"\" data-height=\"1367\" data-id=\"28081\" data-link=\"https:\/\/www.cisa-arica.cl\/wp1\/?attachment_id=28081\" data-url=\"https:\/\/www.cisa-arica.cl\/wp1\/wp-content\/uploads\/2025\/04\/DSC_3289-1-600x400.jpg\" data-width=\"2048\" src=\"https:\/\/i1.wp.com\/www.cisa-arica.cl\/wp1\/wp-content\/uploads\/2025\/04\/DSC_3289-1-600x400.jpg?ssl=1\" data-amp-layout=\"responsive\"\/><\/figure><\/div><div class=\"tiled-gallery__col\" style=\"flex-basis:66.75521%\"><figure class=\"tiled-gallery__item\"><img decoding=\"async\" data-attachment-id=\"28082\" data-permalink=\"https:\/\/www.cisa-arica.cl\/wp1\/2025\/04\/14\/misa-de-bendicion-de-ramos\/dsc_3291-1\/\" data-orig-file=\"https:\/\/www.cisa-arica.cl\/wp1\/wp-content\/uploads\/2025\/04\/DSC_3291-1.jpg\" data-orig-size=\"2048,1367\" data-comments-opened=\"0\" data-image-meta=\"{&quot;aperture&quot;:&quot;13&quot;,&quot;credit&quot;:&quot;&quot;,&quot;camera&quot;:&quot;NIKON D7100&quot;,&quot;caption&quot;:&quot;&quot;,&quot;created_timestamp&quot;:&quot;1744478571&quot;,&quot;copyright&quot;:&quot;&quot;,&quot;focal_length&quot;:&quot;32&quot;,&quot;iso&quot;:&quot;400&quot;,&quot;shutter_speed&quot;:&quot;0.00625&quot;,&quot;title&quot;:&quot;&quot;,&quot;orientation&quot;:&quot;0&quot;}\" data-image-title=\"DSC_3291-1\" data-image-description=\"\" data-image-caption=\"\" data-large-file=\"https:\/\/www.cisa-arica.cl\/wp1\/wp-content\/uploads\/2025\/04\/DSC_3291-1-600x400.jpg\" data-attachment-id=\"28082\" data-permalink=\"https:\/\/www.cisa-arica.cl\/wp1\/2025\/04\/14\/misa-de-bendicion-de-ramos\/dsc_3291-1\/\" data-orig-file=\"https:\/\/www.cisa-arica.cl\/wp1\/wp-content\/uploads\/2025\/04\/DSC_3291-1.jpg\" data-orig-size=\"2048,1367\" data-comments-opened=\"0\" data-image-meta=\"{&quot;aperture&quot;:&quot;13&quot;,&quot;credit&quot;:&quot;&quot;,&quot;camera&quot;:&quot;NIKON D7100&quot;,&quot;caption&quot;:&quot;&quot;,&quot;created_timestamp&quot;:&quot;1744478571&quot;,&quot;copyright&quot;:&quot;&quot;,&quot;focal_length&quot;:&quot;32&quot;,&quot;iso&quot;:&quot;400&quot;,&quot;shutter_speed&quot;:&quot;0.00625&quot;,&quot;title&quot;:&quot;&quot;,&quot;orientation&quot;:&quot;0&quot;}\" data-image-title=\"DSC_3291-1\" data-image-description=\"\" data-image-caption=\"\" data-large-file=\"https:\/\/www.cisa-arica.cl\/wp1\/wp-content\/uploads\/2025\/04\/DSC_3291-1-600x400.jpg\" role=\"button\" tabindex=\"0\" aria-label=\"Abrir la imagen 9 de 34 en pantalla completa\"srcset=\"https:\/\/i1.wp.com\/www.cisa-arica.cl\/wp1\/wp-content\/uploads\/2025\/04\/DSC_3291-1-600x400.jpg?strip=info&#038;w=600&#038;ssl=1 600w,https:\/\/i1.wp.com\/www.cisa-arica.cl\/wp1\/wp-content\/uploads\/2025\/04\/DSC_3291-1-600x400.jpg?strip=info&#038;w=900&#038;ssl=1 900w,https:\/\/i1.wp.com\/www.cisa-arica.cl\/wp1\/wp-content\/uploads\/2025\/04\/DSC_3291-1-600x400.jpg?strip=info&#038;w=1200&#038;ssl=1 1200w,https:\/\/i1.wp.com\/www.cisa-arica.cl\/wp1\/wp-content\/uploads\/2025\/04\/DSC_3291-1-600x400.jpg?strip=info&#038;w=1500&#038;ssl=1 1500w,https:\/\/i1.wp.com\/www.cisa-arica.cl\/wp1\/wp-content\/uploads\/2025\/04\/DSC_3291-1-600x400.jpg?strip=info&#038;w=1800&#038;ssl=1 1800w,https:\/\/i1.wp.com\/www.cisa-arica.cl\/wp1\/wp-content\/uploads\/2025\/04\/DSC_3291-1-600x400.jpg?strip=info&#038;w=2000&#038;ssl=1 2000w\" alt=\"\" data-height=\"1367\" data-id=\"28082\" data-link=\"https:\/\/www.cisa-arica.cl\/wp1\/?attachment_id=28082\" data-url=\"https:\/\/www.cisa-arica.cl\/wp1\/wp-content\/uploads\/2025\/04\/DSC_3291-1-600x400.jpg\" data-width=\"2048\" src=\"https:\/\/i1.wp.com\/www.cisa-arica.cl\/wp1\/wp-content\/uploads\/2025\/04\/DSC_3291-1-600x400.jpg?ssl=1\" data-amp-layout=\"responsive\"\/><\/figure><\/div><\/div><div class=\"tiled-gallery__row\"><div class=\"tiled-gallery__col\" style=\"flex-basis:29.86320%\"><figure class=\"tiled-gallery__item\"><img decoding=\"async\" data-attachment-id=\"28083\" data-permalink=\"https:\/\/www.cisa-arica.cl\/wp1\/2025\/04\/14\/misa-de-bendicion-de-ramos\/dsc_3293\/\" data-orig-file=\"https:\/\/www.cisa-arica.cl\/wp1\/wp-content\/uploads\/2025\/04\/DSC_3293.jpg\" data-orig-size=\"2048,1367\" data-comments-opened=\"0\" data-image-meta=\"{&quot;aperture&quot;:&quot;4&quot;,&quot;credit&quot;:&quot;&quot;,&quot;camera&quot;:&quot;NIKON D7100&quot;,&quot;caption&quot;:&quot;&quot;,&quot;created_timestamp&quot;:&quot;1744478587&quot;,&quot;copyright&quot;:&quot;&quot;,&quot;focal_length&quot;:&quot;44&quot;,&quot;iso&quot;:&quot;400&quot;,&quot;shutter_speed&quot;:&quot;0.00625&quot;,&quot;title&quot;:&quot;&quot;,&quot;orientation&quot;:&quot;0&quot;}\" data-image-title=\"DSC_3293\" data-image-description=\"\" data-image-caption=\"\" data-large-file=\"https:\/\/www.cisa-arica.cl\/wp1\/wp-content\/uploads\/2025\/04\/DSC_3293-600x400.jpg\" data-attachment-id=\"28083\" data-permalink=\"https:\/\/www.cisa-arica.cl\/wp1\/2025\/04\/14\/misa-de-bendicion-de-ramos\/dsc_3293\/\" data-orig-file=\"https:\/\/www.cisa-arica.cl\/wp1\/wp-content\/uploads\/2025\/04\/DSC_3293.jpg\" data-orig-size=\"2048,1367\" data-comments-opened=\"0\" data-image-meta=\"{&quot;aperture&quot;:&quot;4&quot;,&quot;credit&quot;:&quot;&quot;,&quot;camera&quot;:&quot;NIKON D7100&quot;,&quot;caption&quot;:&quot;&quot;,&quot;created_timestamp&quot;:&quot;1744478587&quot;,&quot;copyright&quot;:&quot;&quot;,&quot;focal_length&quot;:&quot;44&quot;,&quot;iso&quot;:&quot;400&quot;,&quot;shutter_speed&quot;:&quot;0.00625&quot;,&quot;title&quot;:&quot;&quot;,&quot;orientation&quot;:&quot;0&quot;}\" data-image-title=\"DSC_3293\" data-image-description=\"\" data-image-caption=\"\" data-large-file=\"https:\/\/www.cisa-arica.cl\/wp1\/wp-content\/uploads\/2025\/04\/DSC_3293-600x400.jpg\" role=\"button\" tabindex=\"0\" aria-label=\"Abrir la imagen 10 de 34 en pantalla completa\"srcset=\"https:\/\/i0.wp.com\/www.cisa-arica.cl\/wp1\/wp-content\/uploads\/2025\/04\/DSC_3293-600x400.jpg?strip=info&#038;w=600&#038;ssl=1 600w,https:\/\/i0.wp.com\/www.cisa-arica.cl\/wp1\/wp-content\/uploads\/2025\/04\/DSC_3293-600x400.jpg?strip=info&#038;w=900&#038;ssl=1 900w,https:\/\/i0.wp.com\/www.cisa-arica.cl\/wp1\/wp-content\/uploads\/2025\/04\/DSC_3293-600x400.jpg?strip=info&#038;w=1200&#038;ssl=1 1200w,https:\/\/i0.wp.com\/www.cisa-arica.cl\/wp1\/wp-content\/uploads\/2025\/04\/DSC_3293-600x400.jpg?strip=info&#038;w=1500&#038;ssl=1 1500w,https:\/\/i0.wp.com\/www.cisa-arica.cl\/wp1\/wp-content\/uploads\/2025\/04\/DSC_3293-600x400.jpg?strip=info&#038;w=1800&#038;ssl=1 1800w,https:\/\/i0.wp.com\/www.cisa-arica.cl\/wp1\/wp-content\/uploads\/2025\/04\/DSC_3293-600x400.jpg?strip=info&#038;w=2000&#038;ssl=1 2000w\" alt=\"\" data-height=\"1367\" data-id=\"28083\" data-link=\"https:\/\/www.cisa-arica.cl\/wp1\/?attachment_id=28083\" data-url=\"https:\/\/www.cisa-arica.cl\/wp1\/wp-content\/uploads\/2025\/04\/DSC_3293-600x400.jpg\" data-width=\"2048\" src=\"https:\/\/i0.wp.com\/www.cisa-arica.cl\/wp1\/wp-content\/uploads\/2025\/04\/DSC_3293-600x400.jpg?ssl=1\" data-amp-layout=\"responsive\"\/><\/figure><figure class=\"tiled-gallery__item\"><img decoding=\"async\" data-attachment-id=\"28084\" data-permalink=\"https:\/\/www.cisa-arica.cl\/wp1\/2025\/04\/14\/misa-de-bendicion-de-ramos\/dsc_3294\/\" data-orig-file=\"https:\/\/www.cisa-arica.cl\/wp1\/wp-content\/uploads\/2025\/04\/DSC_3294.jpg\" data-orig-size=\"2048,1367\" data-comments-opened=\"0\" data-image-meta=\"{&quot;aperture&quot;:&quot;4&quot;,&quot;credit&quot;:&quot;&quot;,&quot;camera&quot;:&quot;NIKON D7100&quot;,&quot;caption&quot;:&quot;&quot;,&quot;created_timestamp&quot;:&quot;1744478591&quot;,&quot;copyright&quot;:&quot;&quot;,&quot;focal_length&quot;:&quot;34&quot;,&quot;iso&quot;:&quot;400&quot;,&quot;shutter_speed&quot;:&quot;0.00625&quot;,&quot;title&quot;:&quot;&quot;,&quot;orientation&quot;:&quot;0&quot;}\" data-image-title=\"DSC_3294\" data-image-description=\"\" data-image-caption=\"\" data-large-file=\"https:\/\/www.cisa-arica.cl\/wp1\/wp-content\/uploads\/2025\/04\/DSC_3294-600x400.jpg\" data-attachment-id=\"28084\" data-permalink=\"https:\/\/www.cisa-arica.cl\/wp1\/2025\/04\/14\/misa-de-bendicion-de-ramos\/dsc_3294\/\" data-orig-file=\"https:\/\/www.cisa-arica.cl\/wp1\/wp-content\/uploads\/2025\/04\/DSC_3294.jpg\" data-orig-size=\"2048,1367\" data-comments-opened=\"0\" data-image-meta=\"{&quot;aperture&quot;:&quot;4&quot;,&quot;credit&quot;:&quot;&quot;,&quot;camera&quot;:&quot;NIKON D7100&quot;,&quot;caption&quot;:&quot;&quot;,&quot;created_timestamp&quot;:&quot;1744478591&quot;,&quot;copyright&quot;:&quot;&quot;,&quot;focal_length&quot;:&quot;34&quot;,&quot;iso&quot;:&quot;400&quot;,&quot;shutter_speed&quot;:&quot;0.00625&quot;,&quot;title&quot;:&quot;&quot;,&quot;orientation&quot;:&quot;0&quot;}\" data-image-title=\"DSC_3294\" data-image-description=\"\" data-image-caption=\"\" data-large-file=\"https:\/\/www.cisa-arica.cl\/wp1\/wp-content\/uploads\/2025\/04\/DSC_3294-600x400.jpg\" role=\"button\" tabindex=\"0\" aria-label=\"Abrir la imagen 11 de 34 en pantalla completa\"srcset=\"https:\/\/i0.wp.com\/www.cisa-arica.cl\/wp1\/wp-content\/uploads\/2025\/04\/DSC_3294-600x400.jpg?strip=info&#038;w=600&#038;ssl=1 600w,https:\/\/i0.wp.com\/www.cisa-arica.cl\/wp1\/wp-content\/uploads\/2025\/04\/DSC_3294-600x400.jpg?strip=info&#038;w=900&#038;ssl=1 900w,https:\/\/i0.wp.com\/www.cisa-arica.cl\/wp1\/wp-content\/uploads\/2025\/04\/DSC_3294-600x400.jpg?strip=info&#038;w=1200&#038;ssl=1 1200w,https:\/\/i0.wp.com\/www.cisa-arica.cl\/wp1\/wp-content\/uploads\/2025\/04\/DSC_3294-600x400.jpg?strip=info&#038;w=1500&#038;ssl=1 1500w,https:\/\/i0.wp.com\/www.cisa-arica.cl\/wp1\/wp-content\/uploads\/2025\/04\/DSC_3294-600x400.jpg?strip=info&#038;w=1800&#038;ssl=1 1800w,https:\/\/i0.wp.com\/www.cisa-arica.cl\/wp1\/wp-content\/uploads\/2025\/04\/DSC_3294-600x400.jpg?strip=info&#038;w=2000&#038;ssl=1 2000w\" alt=\"\" data-height=\"1367\" data-id=\"28084\" data-link=\"https:\/\/www.cisa-arica.cl\/wp1\/?attachment_id=28084\" data-url=\"https:\/\/www.cisa-arica.cl\/wp1\/wp-content\/uploads\/2025\/04\/DSC_3294-600x400.jpg\" data-width=\"2048\" src=\"https:\/\/i0.wp.com\/www.cisa-arica.cl\/wp1\/wp-content\/uploads\/2025\/04\/DSC_3294-600x400.jpg?ssl=1\" data-amp-layout=\"responsive\"\/><\/figure><figure class=\"tiled-gallery__item\"><img decoding=\"async\" data-attachment-id=\"28085\" data-permalink=\"https:\/\/www.cisa-arica.cl\/wp1\/2025\/04\/14\/misa-de-bendicion-de-ramos\/dsc_3295\/\" data-orig-file=\"https:\/\/www.cisa-arica.cl\/wp1\/wp-content\/uploads\/2025\/04\/DSC_3295.jpg\" data-orig-size=\"2048,1367\" data-comments-opened=\"0\" data-image-meta=\"{&quot;aperture&quot;:&quot;4.5&quot;,&quot;credit&quot;:&quot;&quot;,&quot;camera&quot;:&quot;NIKON D7100&quot;,&quot;caption&quot;:&quot;&quot;,&quot;created_timestamp&quot;:&quot;1744478600&quot;,&quot;copyright&quot;:&quot;&quot;,&quot;focal_length&quot;:&quot;27&quot;,&quot;iso&quot;:&quot;400&quot;,&quot;shutter_speed&quot;:&quot;0.00625&quot;,&quot;title&quot;:&quot;&quot;,&quot;orientation&quot;:&quot;0&quot;}\" data-image-title=\"DSC_3295\" data-image-description=\"\" data-image-caption=\"\" data-large-file=\"https:\/\/www.cisa-arica.cl\/wp1\/wp-content\/uploads\/2025\/04\/DSC_3295-600x400.jpg\" data-attachment-id=\"28085\" data-permalink=\"https:\/\/www.cisa-arica.cl\/wp1\/2025\/04\/14\/misa-de-bendicion-de-ramos\/dsc_3295\/\" data-orig-file=\"https:\/\/www.cisa-arica.cl\/wp1\/wp-content\/uploads\/2025\/04\/DSC_3295.jpg\" data-orig-size=\"2048,1367\" data-comments-opened=\"0\" data-image-meta=\"{&quot;aperture&quot;:&quot;4.5&quot;,&quot;credit&quot;:&quot;&quot;,&quot;camera&quot;:&quot;NIKON D7100&quot;,&quot;caption&quot;:&quot;&quot;,&quot;created_timestamp&quot;:&quot;1744478600&quot;,&quot;copyright&quot;:&quot;&quot;,&quot;focal_length&quot;:&quot;27&quot;,&quot;iso&quot;:&quot;400&quot;,&quot;shutter_speed&quot;:&quot;0.00625&quot;,&quot;title&quot;:&quot;&quot;,&quot;orientation&quot;:&quot;0&quot;}\" data-image-title=\"DSC_3295\" data-image-description=\"\" data-image-caption=\"\" data-large-file=\"https:\/\/www.cisa-arica.cl\/wp1\/wp-content\/uploads\/2025\/04\/DSC_3295-600x400.jpg\" role=\"button\" tabindex=\"0\" aria-label=\"Abrir la imagen 12 de 34 en pantalla completa\"srcset=\"https:\/\/i0.wp.com\/www.cisa-arica.cl\/wp1\/wp-content\/uploads\/2025\/04\/DSC_3295-600x400.jpg?strip=info&#038;w=600&#038;ssl=1 600w,https:\/\/i0.wp.com\/www.cisa-arica.cl\/wp1\/wp-content\/uploads\/2025\/04\/DSC_3295-600x400.jpg?strip=info&#038;w=900&#038;ssl=1 900w,https:\/\/i0.wp.com\/www.cisa-arica.cl\/wp1\/wp-content\/uploads\/2025\/04\/DSC_3295-600x400.jpg?strip=info&#038;w=1200&#038;ssl=1 1200w,https:\/\/i0.wp.com\/www.cisa-arica.cl\/wp1\/wp-content\/uploads\/2025\/04\/DSC_3295-600x400.jpg?strip=info&#038;w=1500&#038;ssl=1 1500w,https:\/\/i0.wp.com\/www.cisa-arica.cl\/wp1\/wp-content\/uploads\/2025\/04\/DSC_3295-600x400.jpg?strip=info&#038;w=1800&#038;ssl=1 1800w,https:\/\/i0.wp.com\/www.cisa-arica.cl\/wp1\/wp-content\/uploads\/2025\/04\/DSC_3295-600x400.jpg?strip=info&#038;w=2000&#038;ssl=1 2000w\" alt=\"\" data-height=\"1367\" data-id=\"28085\" data-link=\"https:\/\/www.cisa-arica.cl\/wp1\/?attachment_id=28085\" data-url=\"https:\/\/www.cisa-arica.cl\/wp1\/wp-content\/uploads\/2025\/04\/DSC_3295-600x400.jpg\" data-width=\"2048\" src=\"https:\/\/i0.wp.com\/www.cisa-arica.cl\/wp1\/wp-content\/uploads\/2025\/04\/DSC_3295-600x400.jpg?ssl=1\" data-amp-layout=\"responsive\"\/><\/figure><\/div><div class=\"tiled-gallery__col\" style=\"flex-basis:40.27361%\"><figure class=\"tiled-gallery__item\"><img decoding=\"async\" data-attachment-id=\"28086\" data-permalink=\"https:\/\/www.cisa-arica.cl\/wp1\/2025\/04\/14\/misa-de-bendicion-de-ramos\/dsc_3301\/\" data-orig-file=\"https:\/\/www.cisa-arica.cl\/wp1\/wp-content\/uploads\/2025\/04\/DSC_3301.jpg\" data-orig-size=\"1367,2048\" data-comments-opened=\"0\" data-image-meta=\"{&quot;aperture&quot;:&quot;11&quot;,&quot;credit&quot;:&quot;&quot;,&quot;camera&quot;:&quot;NIKON D7100&quot;,&quot;caption&quot;:&quot;&quot;,&quot;created_timestamp&quot;:&quot;1744478983&quot;,&quot;copyright&quot;:&quot;&quot;,&quot;focal_length&quot;:&quot;36&quot;,&quot;iso&quot;:&quot;400&quot;,&quot;shutter_speed&quot;:&quot;0.00625&quot;,&quot;title&quot;:&quot;&quot;,&quot;orientation&quot;:&quot;0&quot;}\" data-image-title=\"DSC_3301\" data-image-description=\"\" data-image-caption=\"\" data-large-file=\"https:\/\/www.cisa-arica.cl\/wp1\/wp-content\/uploads\/2025\/04\/DSC_3301-400x600.jpg\" data-attachment-id=\"28086\" data-permalink=\"https:\/\/www.cisa-arica.cl\/wp1\/2025\/04\/14\/misa-de-bendicion-de-ramos\/dsc_3301\/\" data-orig-file=\"https:\/\/www.cisa-arica.cl\/wp1\/wp-content\/uploads\/2025\/04\/DSC_3301.jpg\" data-orig-size=\"1367,2048\" data-comments-opened=\"0\" data-image-meta=\"{&quot;aperture&quot;:&quot;11&quot;,&quot;credit&quot;:&quot;&quot;,&quot;camera&quot;:&quot;NIKON D7100&quot;,&quot;caption&quot;:&quot;&quot;,&quot;created_timestamp&quot;:&quot;1744478983&quot;,&quot;copyright&quot;:&quot;&quot;,&quot;focal_length&quot;:&quot;36&quot;,&quot;iso&quot;:&quot;400&quot;,&quot;shutter_speed&quot;:&quot;0.00625&quot;,&quot;title&quot;:&quot;&quot;,&quot;orientation&quot;:&quot;0&quot;}\" data-image-title=\"DSC_3301\" data-image-description=\"\" data-image-caption=\"\" data-large-file=\"https:\/\/www.cisa-arica.cl\/wp1\/wp-content\/uploads\/2025\/04\/DSC_3301-400x600.jpg\" role=\"button\" tabindex=\"0\" aria-label=\"Abrir la imagen 13 de 34 en pantalla completa\"srcset=\"https:\/\/i1.wp.com\/www.cisa-arica.cl\/wp1\/wp-content\/uploads\/2025\/04\/DSC_3301-400x600.jpg?strip=info&#038;w=600&#038;ssl=1 600w,https:\/\/i1.wp.com\/www.cisa-arica.cl\/wp1\/wp-content\/uploads\/2025\/04\/DSC_3301-400x600.jpg?strip=info&#038;w=900&#038;ssl=1 900w,https:\/\/i1.wp.com\/www.cisa-arica.cl\/wp1\/wp-content\/uploads\/2025\/04\/DSC_3301-400x600.jpg?strip=info&#038;w=1200&#038;ssl=1 1200w,https:\/\/i1.wp.com\/www.cisa-arica.cl\/wp1\/wp-content\/uploads\/2025\/04\/DSC_3301-400x600.jpg?strip=info&#038;w=1367&#038;ssl=1 1367w\" alt=\"\" data-height=\"2048\" data-id=\"28086\" data-link=\"https:\/\/www.cisa-arica.cl\/wp1\/?attachment_id=28086\" data-url=\"https:\/\/www.cisa-arica.cl\/wp1\/wp-content\/uploads\/2025\/04\/DSC_3301-400x600.jpg\" data-width=\"1367\" src=\"https:\/\/i1.wp.com\/www.cisa-arica.cl\/wp1\/wp-content\/uploads\/2025\/04\/DSC_3301-400x600.jpg?ssl=1\" data-amp-layout=\"responsive\"\/><\/figure><\/div><div class=\"tiled-gallery__col\" style=\"flex-basis:29.86320%\"><figure class=\"tiled-gallery__item\"><img decoding=\"async\" data-attachment-id=\"28087\" data-permalink=\"https:\/\/www.cisa-arica.cl\/wp1\/2025\/04\/14\/misa-de-bendicion-de-ramos\/dsc_3304\/\" data-orig-file=\"https:\/\/www.cisa-arica.cl\/wp1\/wp-content\/uploads\/2025\/04\/DSC_3304.jpg\" data-orig-size=\"2048,1367\" data-comments-opened=\"0\" data-image-meta=\"{&quot;aperture&quot;:&quot;8&quot;,&quot;credit&quot;:&quot;&quot;,&quot;camera&quot;:&quot;NIKON D7100&quot;,&quot;caption&quot;:&quot;&quot;,&quot;created_timestamp&quot;:&quot;1744479107&quot;,&quot;copyright&quot;:&quot;&quot;,&quot;focal_length&quot;:&quot;26&quot;,&quot;iso&quot;:&quot;400&quot;,&quot;shutter_speed&quot;:&quot;0.00625&quot;,&quot;title&quot;:&quot;&quot;,&quot;orientation&quot;:&quot;0&quot;}\" data-image-title=\"DSC_3304\" data-image-description=\"\" data-image-caption=\"\" data-large-file=\"https:\/\/www.cisa-arica.cl\/wp1\/wp-content\/uploads\/2025\/04\/DSC_3304-600x400.jpg\" data-attachment-id=\"28087\" data-permalink=\"https:\/\/www.cisa-arica.cl\/wp1\/2025\/04\/14\/misa-de-bendicion-de-ramos\/dsc_3304\/\" data-orig-file=\"https:\/\/www.cisa-arica.cl\/wp1\/wp-content\/uploads\/2025\/04\/DSC_3304.jpg\" data-orig-size=\"2048,1367\" data-comments-opened=\"0\" data-image-meta=\"{&quot;aperture&quot;:&quot;8&quot;,&quot;credit&quot;:&quot;&quot;,&quot;camera&quot;:&quot;NIKON D7100&quot;,&quot;caption&quot;:&quot;&quot;,&quot;created_timestamp&quot;:&quot;1744479107&quot;,&quot;copyright&quot;:&quot;&quot;,&quot;focal_length&quot;:&quot;26&quot;,&quot;iso&quot;:&quot;400&quot;,&quot;shutter_speed&quot;:&quot;0.00625&quot;,&quot;title&quot;:&quot;&quot;,&quot;orientation&quot;:&quot;0&quot;}\" data-image-title=\"DSC_3304\" data-image-description=\"\" data-image-caption=\"\" data-large-file=\"https:\/\/www.cisa-arica.cl\/wp1\/wp-content\/uploads\/2025\/04\/DSC_3304-600x400.jpg\" role=\"button\" tabindex=\"0\" aria-label=\"Abrir la imagen 14 de 34 en pantalla completa\"srcset=\"https:\/\/i0.wp.com\/www.cisa-arica.cl\/wp1\/wp-content\/uploads\/2025\/04\/DSC_3304-600x400.jpg?strip=info&#038;w=600&#038;ssl=1 600w,https:\/\/i0.wp.com\/www.cisa-arica.cl\/wp1\/wp-content\/uploads\/2025\/04\/DSC_3304-600x400.jpg?strip=info&#038;w=900&#038;ssl=1 900w,https:\/\/i0.wp.com\/www.cisa-arica.cl\/wp1\/wp-content\/uploads\/2025\/04\/DSC_3304-600x400.jpg?strip=info&#038;w=1200&#038;ssl=1 1200w,https:\/\/i0.wp.com\/www.cisa-arica.cl\/wp1\/wp-content\/uploads\/2025\/04\/DSC_3304-600x400.jpg?strip=info&#038;w=1500&#038;ssl=1 1500w,https:\/\/i0.wp.com\/www.cisa-arica.cl\/wp1\/wp-content\/uploads\/2025\/04\/DSC_3304-600x400.jpg?strip=info&#038;w=1800&#038;ssl=1 1800w,https:\/\/i0.wp.com\/www.cisa-arica.cl\/wp1\/wp-content\/uploads\/2025\/04\/DSC_3304-600x400.jpg?strip=info&#038;w=2000&#038;ssl=1 2000w\" alt=\"\" data-height=\"1367\" data-id=\"28087\" data-link=\"https:\/\/www.cisa-arica.cl\/wp1\/?attachment_id=28087\" data-url=\"https:\/\/www.cisa-arica.cl\/wp1\/wp-content\/uploads\/2025\/04\/DSC_3304-600x400.jpg\" data-width=\"2048\" src=\"https:\/\/i0.wp.com\/www.cisa-arica.cl\/wp1\/wp-content\/uploads\/2025\/04\/DSC_3304-600x400.jpg?ssl=1\" data-amp-layout=\"responsive\"\/><\/figure><figure class=\"tiled-gallery__item\"><img decoding=\"async\" data-attachment-id=\"28088\" data-permalink=\"https:\/\/www.cisa-arica.cl\/wp1\/2025\/04\/14\/misa-de-bendicion-de-ramos\/dsc_3309\/\" data-orig-file=\"https:\/\/www.cisa-arica.cl\/wp1\/wp-content\/uploads\/2025\/04\/DSC_3309.jpg\" data-orig-size=\"2048,1367\" data-comments-opened=\"0\" data-image-meta=\"{&quot;aperture&quot;:&quot;9&quot;,&quot;credit&quot;:&quot;&quot;,&quot;camera&quot;:&quot;NIKON D7100&quot;,&quot;caption&quot;:&quot;&quot;,&quot;created_timestamp&quot;:&quot;1744479164&quot;,&quot;copyright&quot;:&quot;&quot;,&quot;focal_length&quot;:&quot;36&quot;,&quot;iso&quot;:&quot;400&quot;,&quot;shutter_speed&quot;:&quot;0.00625&quot;,&quot;title&quot;:&quot;&quot;,&quot;orientation&quot;:&quot;0&quot;}\" data-image-title=\"DSC_3309\" data-image-description=\"\" data-image-caption=\"\" data-large-file=\"https:\/\/www.cisa-arica.cl\/wp1\/wp-content\/uploads\/2025\/04\/DSC_3309-600x400.jpg\" data-attachment-id=\"28088\" data-permalink=\"https:\/\/www.cisa-arica.cl\/wp1\/2025\/04\/14\/misa-de-bendicion-de-ramos\/dsc_3309\/\" data-orig-file=\"https:\/\/www.cisa-arica.cl\/wp1\/wp-content\/uploads\/2025\/04\/DSC_3309.jpg\" data-orig-size=\"2048,1367\" data-comments-opened=\"0\" data-image-meta=\"{&quot;aperture&quot;:&quot;9&quot;,&quot;credit&quot;:&quot;&quot;,&quot;camera&quot;:&quot;NIKON D7100&quot;,&quot;caption&quot;:&quot;&quot;,&quot;created_timestamp&quot;:&quot;1744479164&quot;,&quot;copyright&quot;:&quot;&quot;,&quot;focal_length&quot;:&quot;36&quot;,&quot;iso&quot;:&quot;400&quot;,&quot;shutter_speed&quot;:&quot;0.00625&quot;,&quot;title&quot;:&quot;&quot;,&quot;orientation&quot;:&quot;0&quot;}\" data-image-title=\"DSC_3309\" data-image-description=\"\" data-image-caption=\"\" data-large-file=\"https:\/\/www.cisa-arica.cl\/wp1\/wp-content\/uploads\/2025\/04\/DSC_3309-600x400.jpg\" role=\"button\" tabindex=\"0\" aria-label=\"Abrir la imagen 15 de 34 en pantalla completa\"srcset=\"https:\/\/i2.wp.com\/www.cisa-arica.cl\/wp1\/wp-content\/uploads\/2025\/04\/DSC_3309-600x400.jpg?strip=info&#038;w=600&#038;ssl=1 600w,https:\/\/i2.wp.com\/www.cisa-arica.cl\/wp1\/wp-content\/uploads\/2025\/04\/DSC_3309-600x400.jpg?strip=info&#038;w=900&#038;ssl=1 900w,https:\/\/i2.wp.com\/www.cisa-arica.cl\/wp1\/wp-content\/uploads\/2025\/04\/DSC_3309-600x400.jpg?strip=info&#038;w=1200&#038;ssl=1 1200w,https:\/\/i2.wp.com\/www.cisa-arica.cl\/wp1\/wp-content\/uploads\/2025\/04\/DSC_3309-600x400.jpg?strip=info&#038;w=1500&#038;ssl=1 1500w,https:\/\/i2.wp.com\/www.cisa-arica.cl\/wp1\/wp-content\/uploads\/2025\/04\/DSC_3309-600x400.jpg?strip=info&#038;w=1800&#038;ssl=1 1800w,https:\/\/i2.wp.com\/www.cisa-arica.cl\/wp1\/wp-content\/uploads\/2025\/04\/DSC_3309-600x400.jpg?strip=info&#038;w=2000&#038;ssl=1 2000w\" alt=\"\" data-height=\"1367\" data-id=\"28088\" data-link=\"https:\/\/www.cisa-arica.cl\/wp1\/?attachment_id=28088\" data-url=\"https:\/\/www.cisa-arica.cl\/wp1\/wp-content\/uploads\/2025\/04\/DSC_3309-600x400.jpg\" data-width=\"2048\" src=\"https:\/\/i2.wp.com\/www.cisa-arica.cl\/wp1\/wp-content\/uploads\/2025\/04\/DSC_3309-600x400.jpg?ssl=1\" data-amp-layout=\"responsive\"\/><\/figure><figure class=\"tiled-gallery__item\"><img decoding=\"async\" data-attachment-id=\"28089\" data-permalink=\"https:\/\/www.cisa-arica.cl\/wp1\/2025\/04\/14\/misa-de-bendicion-de-ramos\/dsc_3310\/\" data-orig-file=\"https:\/\/www.cisa-arica.cl\/wp1\/wp-content\/uploads\/2025\/04\/DSC_3310.jpg\" data-orig-size=\"2048,1367\" data-comments-opened=\"0\" data-image-meta=\"{&quot;aperture&quot;:&quot;9&quot;,&quot;credit&quot;:&quot;&quot;,&quot;camera&quot;:&quot;NIKON D7100&quot;,&quot;caption&quot;:&quot;&quot;,&quot;created_timestamp&quot;:&quot;1744479177&quot;,&quot;copyright&quot;:&quot;&quot;,&quot;focal_length&quot;:&quot;36&quot;,&quot;iso&quot;:&quot;400&quot;,&quot;shutter_speed&quot;:&quot;0.00625&quot;,&quot;title&quot;:&quot;&quot;,&quot;orientation&quot;:&quot;0&quot;}\" data-image-title=\"DSC_3310\" data-image-description=\"\" data-image-caption=\"\" data-large-file=\"https:\/\/www.cisa-arica.cl\/wp1\/wp-content\/uploads\/2025\/04\/DSC_3310-600x400.jpg\" data-attachment-id=\"28089\" data-permalink=\"https:\/\/www.cisa-arica.cl\/wp1\/2025\/04\/14\/misa-de-bendicion-de-ramos\/dsc_3310\/\" data-orig-file=\"https:\/\/www.cisa-arica.cl\/wp1\/wp-content\/uploads\/2025\/04\/DSC_3310.jpg\" data-orig-size=\"2048,1367\" data-comments-opened=\"0\" data-image-meta=\"{&quot;aperture&quot;:&quot;9&quot;,&quot;credit&quot;:&quot;&quot;,&quot;camera&quot;:&quot;NIKON D7100&quot;,&quot;caption&quot;:&quot;&quot;,&quot;created_timestamp&quot;:&quot;1744479177&quot;,&quot;copyright&quot;:&quot;&quot;,&quot;focal_length&quot;:&quot;36&quot;,&quot;iso&quot;:&quot;400&quot;,&quot;shutter_speed&quot;:&quot;0.00625&quot;,&quot;title&quot;:&quot;&quot;,&quot;orientation&quot;:&quot;0&quot;}\" data-image-title=\"DSC_3310\" data-image-description=\"\" data-image-caption=\"\" data-large-file=\"https:\/\/www.cisa-arica.cl\/wp1\/wp-content\/uploads\/2025\/04\/DSC_3310-600x400.jpg\" role=\"button\" tabindex=\"0\" aria-label=\"Abrir la imagen 16 de 34 en pantalla completa\"srcset=\"https:\/\/i0.wp.com\/www.cisa-arica.cl\/wp1\/wp-content\/uploads\/2025\/04\/DSC_3310-600x400.jpg?strip=info&#038;w=600&#038;ssl=1 600w,https:\/\/i0.wp.com\/www.cisa-arica.cl\/wp1\/wp-content\/uploads\/2025\/04\/DSC_3310-600x400.jpg?strip=info&#038;w=900&#038;ssl=1 900w,https:\/\/i0.wp.com\/www.cisa-arica.cl\/wp1\/wp-content\/uploads\/2025\/04\/DSC_3310-600x400.jpg?strip=info&#038;w=1200&#038;ssl=1 1200w,https:\/\/i0.wp.com\/www.cisa-arica.cl\/wp1\/wp-content\/uploads\/2025\/04\/DSC_3310-600x400.jpg?strip=info&#038;w=1500&#038;ssl=1 1500w,https:\/\/i0.wp.com\/www.cisa-arica.cl\/wp1\/wp-content\/uploads\/2025\/04\/DSC_3310-600x400.jpg?strip=info&#038;w=1800&#038;ssl=1 1800w,https:\/\/i0.wp.com\/www.cisa-arica.cl\/wp1\/wp-content\/uploads\/2025\/04\/DSC_3310-600x400.jpg?strip=info&#038;w=2000&#038;ssl=1 2000w\" alt=\"\" data-height=\"1367\" data-id=\"28089\" data-link=\"https:\/\/www.cisa-arica.cl\/wp1\/?attachment_id=28089\" data-url=\"https:\/\/www.cisa-arica.cl\/wp1\/wp-content\/uploads\/2025\/04\/DSC_3310-600x400.jpg\" data-width=\"2048\" src=\"https:\/\/i0.wp.com\/www.cisa-arica.cl\/wp1\/wp-content\/uploads\/2025\/04\/DSC_3310-600x400.jpg?ssl=1\" data-amp-layout=\"responsive\"\/><\/figure><\/div><\/div><div class=\"tiled-gallery__row\"><div class=\"tiled-gallery__col\" style=\"flex-basis:50.00000%\"><figure class=\"tiled-gallery__item\"><img decoding=\"async\" data-attachment-id=\"28090\" data-permalink=\"https:\/\/www.cisa-arica.cl\/wp1\/2025\/04\/14\/misa-de-bendicion-de-ramos\/dsc_3319-2\/\" data-orig-file=\"https:\/\/www.cisa-arica.cl\/wp1\/wp-content\/uploads\/2025\/04\/DSC_3319.jpg\" data-orig-size=\"2048,1367\" data-comments-opened=\"0\" data-image-meta=\"{&quot;aperture&quot;:&quot;10&quot;,&quot;credit&quot;:&quot;&quot;,&quot;camera&quot;:&quot;NIKON D7100&quot;,&quot;caption&quot;:&quot;&quot;,&quot;created_timestamp&quot;:&quot;1744479326&quot;,&quot;copyright&quot;:&quot;&quot;,&quot;focal_length&quot;:&quot;22&quot;,&quot;iso&quot;:&quot;400&quot;,&quot;shutter_speed&quot;:&quot;0.00625&quot;,&quot;title&quot;:&quot;&quot;,&quot;orientation&quot;:&quot;0&quot;}\" data-image-title=\"DSC_3319\" data-image-description=\"\" data-image-caption=\"\" data-large-file=\"https:\/\/www.cisa-arica.cl\/wp1\/wp-content\/uploads\/2025\/04\/DSC_3319-600x400.jpg\" data-attachment-id=\"28090\" data-permalink=\"https:\/\/www.cisa-arica.cl\/wp1\/2025\/04\/14\/misa-de-bendicion-de-ramos\/dsc_3319-2\/\" data-orig-file=\"https:\/\/www.cisa-arica.cl\/wp1\/wp-content\/uploads\/2025\/04\/DSC_3319.jpg\" data-orig-size=\"2048,1367\" data-comments-opened=\"0\" data-image-meta=\"{&quot;aperture&quot;:&quot;10&quot;,&quot;credit&quot;:&quot;&quot;,&quot;camera&quot;:&quot;NIKON D7100&quot;,&quot;caption&quot;:&quot;&quot;,&quot;created_timestamp&quot;:&quot;1744479326&quot;,&quot;copyright&quot;:&quot;&quot;,&quot;focal_length&quot;:&quot;22&quot;,&quot;iso&quot;:&quot;400&quot;,&quot;shutter_speed&quot;:&quot;0.00625&quot;,&quot;title&quot;:&quot;&quot;,&quot;orientation&quot;:&quot;0&quot;}\" data-image-title=\"DSC_3319\" data-image-description=\"\" data-image-caption=\"\" data-large-file=\"https:\/\/www.cisa-arica.cl\/wp1\/wp-content\/uploads\/2025\/04\/DSC_3319-600x400.jpg\" role=\"button\" tabindex=\"0\" aria-label=\"Abrir la imagen 17 de 34 en pantalla completa\"srcset=\"https:\/\/i0.wp.com\/www.cisa-arica.cl\/wp1\/wp-content\/uploads\/2025\/04\/DSC_3319-600x400.jpg?strip=info&#038;w=600&#038;ssl=1 600w,https:\/\/i0.wp.com\/www.cisa-arica.cl\/wp1\/wp-content\/uploads\/2025\/04\/DSC_3319-600x400.jpg?strip=info&#038;w=900&#038;ssl=1 900w,https:\/\/i0.wp.com\/www.cisa-arica.cl\/wp1\/wp-content\/uploads\/2025\/04\/DSC_3319-600x400.jpg?strip=info&#038;w=1200&#038;ssl=1 1200w,https:\/\/i0.wp.com\/www.cisa-arica.cl\/wp1\/wp-content\/uploads\/2025\/04\/DSC_3319-600x400.jpg?strip=info&#038;w=1500&#038;ssl=1 1500w,https:\/\/i0.wp.com\/www.cisa-arica.cl\/wp1\/wp-content\/uploads\/2025\/04\/DSC_3319-600x400.jpg?strip=info&#038;w=1800&#038;ssl=1 1800w,https:\/\/i0.wp.com\/www.cisa-arica.cl\/wp1\/wp-content\/uploads\/2025\/04\/DSC_3319-600x400.jpg?strip=info&#038;w=2000&#038;ssl=1 2000w\" alt=\"\" data-height=\"1367\" data-id=\"28090\" data-link=\"https:\/\/www.cisa-arica.cl\/wp1\/?attachment_id=28090\" data-url=\"https:\/\/www.cisa-arica.cl\/wp1\/wp-content\/uploads\/2025\/04\/DSC_3319-600x400.jpg\" data-width=\"2048\" src=\"https:\/\/i0.wp.com\/www.cisa-arica.cl\/wp1\/wp-content\/uploads\/2025\/04\/DSC_3319-600x400.jpg?ssl=1\" data-amp-layout=\"responsive\"\/><\/figure><\/div><div class=\"tiled-gallery__col\" style=\"flex-basis:50.00000%\"><figure class=\"tiled-gallery__item\"><img decoding=\"async\" data-attachment-id=\"28091\" data-permalink=\"https:\/\/www.cisa-arica.cl\/wp1\/2025\/04\/14\/misa-de-bendicion-de-ramos\/dsc_3325\/\" data-orig-file=\"https:\/\/www.cisa-arica.cl\/wp1\/wp-content\/uploads\/2025\/04\/DSC_3325.jpg\" data-orig-size=\"2048,1367\" data-comments-opened=\"0\" data-image-meta=\"{&quot;aperture&quot;:&quot;14&quot;,&quot;credit&quot;:&quot;&quot;,&quot;camera&quot;:&quot;NIKON D7100&quot;,&quot;caption&quot;:&quot;&quot;,&quot;created_timestamp&quot;:&quot;1744479375&quot;,&quot;copyright&quot;:&quot;&quot;,&quot;focal_length&quot;:&quot;32&quot;,&quot;iso&quot;:&quot;400&quot;,&quot;shutter_speed&quot;:&quot;0.00625&quot;,&quot;title&quot;:&quot;&quot;,&quot;orientation&quot;:&quot;0&quot;}\" data-image-title=\"DSC_3325\" data-image-description=\"\" data-image-caption=\"\" data-large-file=\"https:\/\/www.cisa-arica.cl\/wp1\/wp-content\/uploads\/2025\/04\/DSC_3325-600x400.jpg\" data-attachment-id=\"28091\" data-permalink=\"https:\/\/www.cisa-arica.cl\/wp1\/2025\/04\/14\/misa-de-bendicion-de-ramos\/dsc_3325\/\" data-orig-file=\"https:\/\/www.cisa-arica.cl\/wp1\/wp-content\/uploads\/2025\/04\/DSC_3325.jpg\" data-orig-size=\"2048,1367\" data-comments-opened=\"0\" data-image-meta=\"{&quot;aperture&quot;:&quot;14&quot;,&quot;credit&quot;:&quot;&quot;,&quot;camera&quot;:&quot;NIKON D7100&quot;,&quot;caption&quot;:&quot;&quot;,&quot;created_timestamp&quot;:&quot;1744479375&quot;,&quot;copyright&quot;:&quot;&quot;,&quot;focal_length&quot;:&quot;32&quot;,&quot;iso&quot;:&quot;400&quot;,&quot;shutter_speed&quot;:&quot;0.00625&quot;,&quot;title&quot;:&quot;&quot;,&quot;orientation&quot;:&quot;0&quot;}\" data-image-title=\"DSC_3325\" data-image-description=\"\" data-image-caption=\"\" data-large-file=\"https:\/\/www.cisa-arica.cl\/wp1\/wp-content\/uploads\/2025\/04\/DSC_3325-600x400.jpg\" role=\"button\" tabindex=\"0\" aria-label=\"Abrir la imagen 18 de 34 en pantalla completa\"srcset=\"https:\/\/i0.wp.com\/www.cisa-arica.cl\/wp1\/wp-content\/uploads\/2025\/04\/DSC_3325-600x400.jpg?strip=info&#038;w=600&#038;ssl=1 600w,https:\/\/i0.wp.com\/www.cisa-arica.cl\/wp1\/wp-content\/uploads\/2025\/04\/DSC_3325-600x400.jpg?strip=info&#038;w=900&#038;ssl=1 900w,https:\/\/i0.wp.com\/www.cisa-arica.cl\/wp1\/wp-content\/uploads\/2025\/04\/DSC_3325-600x400.jpg?strip=info&#038;w=1200&#038;ssl=1 1200w,https:\/\/i0.wp.com\/www.cisa-arica.cl\/wp1\/wp-content\/uploads\/2025\/04\/DSC_3325-600x400.jpg?strip=info&#038;w=1500&#038;ssl=1 1500w,https:\/\/i0.wp.com\/www.cisa-arica.cl\/wp1\/wp-content\/uploads\/2025\/04\/DSC_3325-600x400.jpg?strip=info&#038;w=1800&#038;ssl=1 1800w,https:\/\/i0.wp.com\/www.cisa-arica.cl\/wp1\/wp-content\/uploads\/2025\/04\/DSC_3325-600x400.jpg?strip=info&#038;w=2000&#038;ssl=1 2000w\" alt=\"\" data-height=\"1367\" data-id=\"28091\" data-link=\"https:\/\/www.cisa-arica.cl\/wp1\/?attachment_id=28091\" data-url=\"https:\/\/www.cisa-arica.cl\/wp1\/wp-content\/uploads\/2025\/04\/DSC_3325-600x400.jpg\" data-width=\"2048\" src=\"https:\/\/i0.wp.com\/www.cisa-arica.cl\/wp1\/wp-content\/uploads\/2025\/04\/DSC_3325-600x400.jpg?ssl=1\" data-amp-layout=\"responsive\"\/><\/figure><\/div><\/div><div class=\"tiled-gallery__row\"><div class=\"tiled-gallery__col\" style=\"flex-basis:23.58444%\"><figure class=\"tiled-gallery__item\"><img decoding=\"async\" data-attachment-id=\"28092\" data-permalink=\"https:\/\/www.cisa-arica.cl\/wp1\/2025\/04\/14\/misa-de-bendicion-de-ramos\/dsc_3328\/\" data-orig-file=\"https:\/\/www.cisa-arica.cl\/wp1\/wp-content\/uploads\/2025\/04\/DSC_3328.jpg\" data-orig-size=\"1367,2048\" data-comments-opened=\"0\" data-image-meta=\"{&quot;aperture&quot;:&quot;18&quot;,&quot;credit&quot;:&quot;&quot;,&quot;camera&quot;:&quot;NIKON D7100&quot;,&quot;caption&quot;:&quot;&quot;,&quot;created_timestamp&quot;:&quot;1744479438&quot;,&quot;copyright&quot;:&quot;&quot;,&quot;focal_length&quot;:&quot;17&quot;,&quot;iso&quot;:&quot;400&quot;,&quot;shutter_speed&quot;:&quot;0.00625&quot;,&quot;title&quot;:&quot;&quot;,&quot;orientation&quot;:&quot;0&quot;}\" data-image-title=\"DSC_3328\" data-image-description=\"\" data-image-caption=\"\" data-large-file=\"https:\/\/www.cisa-arica.cl\/wp1\/wp-content\/uploads\/2025\/04\/DSC_3328-400x600.jpg\" data-attachment-id=\"28092\" data-permalink=\"https:\/\/www.cisa-arica.cl\/wp1\/2025\/04\/14\/misa-de-bendicion-de-ramos\/dsc_3328\/\" data-orig-file=\"https:\/\/www.cisa-arica.cl\/wp1\/wp-content\/uploads\/2025\/04\/DSC_3328.jpg\" data-orig-size=\"1367,2048\" data-comments-opened=\"0\" data-image-meta=\"{&quot;aperture&quot;:&quot;18&quot;,&quot;credit&quot;:&quot;&quot;,&quot;camera&quot;:&quot;NIKON D7100&quot;,&quot;caption&quot;:&quot;&quot;,&quot;created_timestamp&quot;:&quot;1744479438&quot;,&quot;copyright&quot;:&quot;&quot;,&quot;focal_length&quot;:&quot;17&quot;,&quot;iso&quot;:&quot;400&quot;,&quot;shutter_speed&quot;:&quot;0.00625&quot;,&quot;title&quot;:&quot;&quot;,&quot;orientation&quot;:&quot;0&quot;}\" data-image-title=\"DSC_3328\" data-image-description=\"\" data-image-caption=\"\" data-large-file=\"https:\/\/www.cisa-arica.cl\/wp1\/wp-content\/uploads\/2025\/04\/DSC_3328-400x600.jpg\" role=\"button\" tabindex=\"0\" aria-label=\"Abrir la imagen 19 de 34 en pantalla completa\"srcset=\"https:\/\/i0.wp.com\/www.cisa-arica.cl\/wp1\/wp-content\/uploads\/2025\/04\/DSC_3328-400x600.jpg?strip=info&#038;w=600&#038;ssl=1 600w,https:\/\/i0.wp.com\/www.cisa-arica.cl\/wp1\/wp-content\/uploads\/2025\/04\/DSC_3328-400x600.jpg?strip=info&#038;w=900&#038;ssl=1 900w,https:\/\/i0.wp.com\/www.cisa-arica.cl\/wp1\/wp-content\/uploads\/2025\/04\/DSC_3328-400x600.jpg?strip=info&#038;w=1200&#038;ssl=1 1200w,https:\/\/i0.wp.com\/www.cisa-arica.cl\/wp1\/wp-content\/uploads\/2025\/04\/DSC_3328-400x600.jpg?strip=info&#038;w=1367&#038;ssl=1 1367w\" alt=\"\" data-height=\"2048\" data-id=\"28092\" data-link=\"https:\/\/www.cisa-arica.cl\/wp1\/?attachment_id=28092\" data-url=\"https:\/\/www.cisa-arica.cl\/wp1\/wp-content\/uploads\/2025\/04\/DSC_3328-400x600.jpg\" data-width=\"1367\" src=\"https:\/\/i0.wp.com\/www.cisa-arica.cl\/wp1\/wp-content\/uploads\/2025\/04\/DSC_3328-400x600.jpg?ssl=1\" data-amp-layout=\"responsive\"\/><\/figure><\/div><div class=\"tiled-gallery__col\" style=\"flex-basis:52.83112%\"><figure class=\"tiled-gallery__item\"><img decoding=\"async\" data-attachment-id=\"28093\" data-permalink=\"https:\/\/www.cisa-arica.cl\/wp1\/2025\/04\/14\/misa-de-bendicion-de-ramos\/dsc_3330-2\/\" data-orig-file=\"https:\/\/www.cisa-arica.cl\/wp1\/wp-content\/uploads\/2025\/04\/DSC_3330.jpg\" data-orig-size=\"2048,1367\" data-comments-opened=\"0\" data-image-meta=\"{&quot;aperture&quot;:&quot;18&quot;,&quot;credit&quot;:&quot;&quot;,&quot;camera&quot;:&quot;NIKON D7100&quot;,&quot;caption&quot;:&quot;&quot;,&quot;created_timestamp&quot;:&quot;1744479460&quot;,&quot;copyright&quot;:&quot;&quot;,&quot;focal_length&quot;:&quot;27&quot;,&quot;iso&quot;:&quot;400&quot;,&quot;shutter_speed&quot;:&quot;0.00625&quot;,&quot;title&quot;:&quot;&quot;,&quot;orientation&quot;:&quot;0&quot;}\" data-image-title=\"DSC_3330\" data-image-description=\"\" data-image-caption=\"\" data-large-file=\"https:\/\/www.cisa-arica.cl\/wp1\/wp-content\/uploads\/2025\/04\/DSC_3330-600x400.jpg\" data-attachment-id=\"28093\" data-permalink=\"https:\/\/www.cisa-arica.cl\/wp1\/2025\/04\/14\/misa-de-bendicion-de-ramos\/dsc_3330-2\/\" data-orig-file=\"https:\/\/www.cisa-arica.cl\/wp1\/wp-content\/uploads\/2025\/04\/DSC_3330.jpg\" data-orig-size=\"2048,1367\" data-comments-opened=\"0\" data-image-meta=\"{&quot;aperture&quot;:&quot;18&quot;,&quot;credit&quot;:&quot;&quot;,&quot;camera&quot;:&quot;NIKON D7100&quot;,&quot;caption&quot;:&quot;&quot;,&quot;created_timestamp&quot;:&quot;1744479460&quot;,&quot;copyright&quot;:&quot;&quot;,&quot;focal_length&quot;:&quot;27&quot;,&quot;iso&quot;:&quot;400&quot;,&quot;shutter_speed&quot;:&quot;0.00625&quot;,&quot;title&quot;:&quot;&quot;,&quot;orientation&quot;:&quot;0&quot;}\" data-image-title=\"DSC_3330\" data-image-description=\"\" data-image-caption=\"\" data-large-file=\"https:\/\/www.cisa-arica.cl\/wp1\/wp-content\/uploads\/2025\/04\/DSC_3330-600x400.jpg\" role=\"button\" tabindex=\"0\" aria-label=\"Abrir la imagen 20 de 34 en pantalla completa\"srcset=\"https:\/\/i0.wp.com\/www.cisa-arica.cl\/wp1\/wp-content\/uploads\/2025\/04\/DSC_3330-600x400.jpg?strip=info&#038;w=600&#038;ssl=1 600w,https:\/\/i0.wp.com\/www.cisa-arica.cl\/wp1\/wp-content\/uploads\/2025\/04\/DSC_3330-600x400.jpg?strip=info&#038;w=900&#038;ssl=1 900w,https:\/\/i0.wp.com\/www.cisa-arica.cl\/wp1\/wp-content\/uploads\/2025\/04\/DSC_3330-600x400.jpg?strip=info&#038;w=1200&#038;ssl=1 1200w,https:\/\/i0.wp.com\/www.cisa-arica.cl\/wp1\/wp-content\/uploads\/2025\/04\/DSC_3330-600x400.jpg?strip=info&#038;w=1500&#038;ssl=1 1500w,https:\/\/i0.wp.com\/www.cisa-arica.cl\/wp1\/wp-content\/uploads\/2025\/04\/DSC_3330-600x400.jpg?strip=info&#038;w=1800&#038;ssl=1 1800w,https:\/\/i0.wp.com\/www.cisa-arica.cl\/wp1\/wp-content\/uploads\/2025\/04\/DSC_3330-600x400.jpg?strip=info&#038;w=2000&#038;ssl=1 2000w\" alt=\"\" data-height=\"1367\" data-id=\"28093\" data-link=\"https:\/\/www.cisa-arica.cl\/wp1\/?attachment_id=28093\" data-url=\"https:\/\/www.cisa-arica.cl\/wp1\/wp-content\/uploads\/2025\/04\/DSC_3330-600x400.jpg\" data-width=\"2048\" src=\"https:\/\/i0.wp.com\/www.cisa-arica.cl\/wp1\/wp-content\/uploads\/2025\/04\/DSC_3330-600x400.jpg?ssl=1\" data-amp-layout=\"responsive\"\/><\/figure><\/div><div class=\"tiled-gallery__col\" style=\"flex-basis:23.58444%\"><figure class=\"tiled-gallery__item\"><img decoding=\"async\" data-attachment-id=\"28094\" data-permalink=\"https:\/\/www.cisa-arica.cl\/wp1\/2025\/04\/14\/misa-de-bendicion-de-ramos\/dsc_3332\/\" data-orig-file=\"https:\/\/www.cisa-arica.cl\/wp1\/wp-content\/uploads\/2025\/04\/DSC_3332.jpg\" data-orig-size=\"1367,2048\" data-comments-opened=\"0\" data-image-meta=\"{&quot;aperture&quot;:&quot;13&quot;,&quot;credit&quot;:&quot;&quot;,&quot;camera&quot;:&quot;NIKON D7100&quot;,&quot;caption&quot;:&quot;&quot;,&quot;created_timestamp&quot;:&quot;1744479640&quot;,&quot;copyright&quot;:&quot;&quot;,&quot;focal_length&quot;:&quot;17&quot;,&quot;iso&quot;:&quot;400&quot;,&quot;shutter_speed&quot;:&quot;0.00625&quot;,&quot;title&quot;:&quot;&quot;,&quot;orientation&quot;:&quot;0&quot;}\" data-image-title=\"DSC_3332\" data-image-description=\"\" data-image-caption=\"\" data-large-file=\"https:\/\/www.cisa-arica.cl\/wp1\/wp-content\/uploads\/2025\/04\/DSC_3332-400x600.jpg\" data-attachment-id=\"28094\" data-permalink=\"https:\/\/www.cisa-arica.cl\/wp1\/2025\/04\/14\/misa-de-bendicion-de-ramos\/dsc_3332\/\" data-orig-file=\"https:\/\/www.cisa-arica.cl\/wp1\/wp-content\/uploads\/2025\/04\/DSC_3332.jpg\" data-orig-size=\"1367,2048\" data-comments-opened=\"0\" data-image-meta=\"{&quot;aperture&quot;:&quot;13&quot;,&quot;credit&quot;:&quot;&quot;,&quot;camera&quot;:&quot;NIKON D7100&quot;,&quot;caption&quot;:&quot;&quot;,&quot;created_timestamp&quot;:&quot;1744479640&quot;,&quot;copyright&quot;:&quot;&quot;,&quot;focal_length&quot;:&quot;17&quot;,&quot;iso&quot;:&quot;400&quot;,&quot;shutter_speed&quot;:&quot;0.00625&quot;,&quot;title&quot;:&quot;&quot;,&quot;orientation&quot;:&quot;0&quot;}\" data-image-title=\"DSC_3332\" data-image-description=\"\" data-image-caption=\"\" data-large-file=\"https:\/\/www.cisa-arica.cl\/wp1\/wp-content\/uploads\/2025\/04\/DSC_3332-400x600.jpg\" role=\"button\" tabindex=\"0\" aria-label=\"Abrir la imagen 21 de 34 en pantalla completa\"srcset=\"https:\/\/i0.wp.com\/www.cisa-arica.cl\/wp1\/wp-content\/uploads\/2025\/04\/DSC_3332-400x600.jpg?strip=info&#038;w=600&#038;ssl=1 600w,https:\/\/i0.wp.com\/www.cisa-arica.cl\/wp1\/wp-content\/uploads\/2025\/04\/DSC_3332-400x600.jpg?strip=info&#038;w=900&#038;ssl=1 900w,https:\/\/i0.wp.com\/www.cisa-arica.cl\/wp1\/wp-content\/uploads\/2025\/04\/DSC_3332-400x600.jpg?strip=info&#038;w=1200&#038;ssl=1 1200w,https:\/\/i0.wp.com\/www.cisa-arica.cl\/wp1\/wp-content\/uploads\/2025\/04\/DSC_3332-400x600.jpg?strip=info&#038;w=1367&#038;ssl=1 1367w\" alt=\"\" data-height=\"2048\" data-id=\"28094\" data-link=\"https:\/\/www.cisa-arica.cl\/wp1\/?attachment_id=28094\" data-url=\"https:\/\/www.cisa-arica.cl\/wp1\/wp-content\/uploads\/2025\/04\/DSC_3332-400x600.jpg\" data-width=\"1367\" src=\"https:\/\/i0.wp.com\/www.cisa-arica.cl\/wp1\/wp-content\/uploads\/2025\/04\/DSC_3332-400x600.jpg?ssl=1\" data-amp-layout=\"responsive\"\/><\/figure><\/div><\/div><div class=\"tiled-gallery__row\"><div class=\"tiled-gallery__col\" style=\"flex-basis:66.75521%\"><figure class=\"tiled-gallery__item\"><img decoding=\"async\" data-attachment-id=\"28095\" data-permalink=\"https:\/\/www.cisa-arica.cl\/wp1\/2025\/04\/14\/misa-de-bendicion-de-ramos\/dsc_3335\/\" data-orig-file=\"https:\/\/www.cisa-arica.cl\/wp1\/wp-content\/uploads\/2025\/04\/DSC_3335.jpg\" data-orig-size=\"2048,1367\" data-comments-opened=\"0\" data-image-meta=\"{&quot;aperture&quot;:&quot;2.8&quot;,&quot;credit&quot;:&quot;&quot;,&quot;camera&quot;:&quot;NIKON D7100&quot;,&quot;caption&quot;:&quot;&quot;,&quot;created_timestamp&quot;:&quot;1744479799&quot;,&quot;copyright&quot;:&quot;&quot;,&quot;focal_length&quot;:&quot;24&quot;,&quot;iso&quot;:&quot;400&quot;,&quot;shutter_speed&quot;:&quot;0.00625&quot;,&quot;title&quot;:&quot;&quot;,&quot;orientation&quot;:&quot;0&quot;}\" data-image-title=\"DSC_3335\" data-image-description=\"\" data-image-caption=\"\" data-large-file=\"https:\/\/www.cisa-arica.cl\/wp1\/wp-content\/uploads\/2025\/04\/DSC_3335-600x400.jpg\" data-attachment-id=\"28095\" data-permalink=\"https:\/\/www.cisa-arica.cl\/wp1\/2025\/04\/14\/misa-de-bendicion-de-ramos\/dsc_3335\/\" data-orig-file=\"https:\/\/www.cisa-arica.cl\/wp1\/wp-content\/uploads\/2025\/04\/DSC_3335.jpg\" data-orig-size=\"2048,1367\" data-comments-opened=\"0\" data-image-meta=\"{&quot;aperture&quot;:&quot;2.8&quot;,&quot;credit&quot;:&quot;&quot;,&quot;camera&quot;:&quot;NIKON D7100&quot;,&quot;caption&quot;:&quot;&quot;,&quot;created_timestamp&quot;:&quot;1744479799&quot;,&quot;copyright&quot;:&quot;&quot;,&quot;focal_length&quot;:&quot;24&quot;,&quot;iso&quot;:&quot;400&quot;,&quot;shutter_speed&quot;:&quot;0.00625&quot;,&quot;title&quot;:&quot;&quot;,&quot;orientation&quot;:&quot;0&quot;}\" data-image-title=\"DSC_3335\" data-image-description=\"\" data-image-caption=\"\" data-large-file=\"https:\/\/www.cisa-arica.cl\/wp1\/wp-content\/uploads\/2025\/04\/DSC_3335-600x400.jpg\" role=\"button\" tabindex=\"0\" aria-label=\"Abrir la imagen 22 de 34 en pantalla completa\"srcset=\"https:\/\/i2.wp.com\/www.cisa-arica.cl\/wp1\/wp-content\/uploads\/2025\/04\/DSC_3335-600x400.jpg?strip=info&#038;w=600&#038;ssl=1 600w,https:\/\/i2.wp.com\/www.cisa-arica.cl\/wp1\/wp-content\/uploads\/2025\/04\/DSC_3335-600x400.jpg?strip=info&#038;w=900&#038;ssl=1 900w,https:\/\/i2.wp.com\/www.cisa-arica.cl\/wp1\/wp-content\/uploads\/2025\/04\/DSC_3335-600x400.jpg?strip=info&#038;w=1200&#038;ssl=1 1200w,https:\/\/i2.wp.com\/www.cisa-arica.cl\/wp1\/wp-content\/uploads\/2025\/04\/DSC_3335-600x400.jpg?strip=info&#038;w=1500&#038;ssl=1 1500w,https:\/\/i2.wp.com\/www.cisa-arica.cl\/wp1\/wp-content\/uploads\/2025\/04\/DSC_3335-600x400.jpg?strip=info&#038;w=1800&#038;ssl=1 1800w,https:\/\/i2.wp.com\/www.cisa-arica.cl\/wp1\/wp-content\/uploads\/2025\/04\/DSC_3335-600x400.jpg?strip=info&#038;w=2000&#038;ssl=1 2000w\" alt=\"\" data-height=\"1367\" data-id=\"28095\" data-link=\"https:\/\/www.cisa-arica.cl\/wp1\/?attachment_id=28095\" data-url=\"https:\/\/www.cisa-arica.cl\/wp1\/wp-content\/uploads\/2025\/04\/DSC_3335-600x400.jpg\" data-width=\"2048\" src=\"https:\/\/i2.wp.com\/www.cisa-arica.cl\/wp1\/wp-content\/uploads\/2025\/04\/DSC_3335-600x400.jpg?ssl=1\" data-amp-layout=\"responsive\"\/><\/figure><\/div><div class=\"tiled-gallery__col\" style=\"flex-basis:33.24479%\"><figure class=\"tiled-gallery__item\"><img decoding=\"async\" data-attachment-id=\"28096\" data-permalink=\"https:\/\/www.cisa-arica.cl\/wp1\/2025\/04\/14\/misa-de-bendicion-de-ramos\/dsc_3336-2\/\" data-orig-file=\"https:\/\/www.cisa-arica.cl\/wp1\/wp-content\/uploads\/2025\/04\/DSC_3336.jpg\" data-orig-size=\"2048,1367\" data-comments-opened=\"0\" data-image-meta=\"{&quot;aperture&quot;:&quot;2.8&quot;,&quot;credit&quot;:&quot;&quot;,&quot;camera&quot;:&quot;NIKON D7100&quot;,&quot;caption&quot;:&quot;&quot;,&quot;created_timestamp&quot;:&quot;1744479826&quot;,&quot;copyright&quot;:&quot;&quot;,&quot;focal_length&quot;:&quot;38&quot;,&quot;iso&quot;:&quot;400&quot;,&quot;shutter_speed&quot;:&quot;0.00625&quot;,&quot;title&quot;:&quot;&quot;,&quot;orientation&quot;:&quot;0&quot;}\" data-image-title=\"DSC_3336\" data-image-description=\"\" data-image-caption=\"\" data-large-file=\"https:\/\/www.cisa-arica.cl\/wp1\/wp-content\/uploads\/2025\/04\/DSC_3336-600x400.jpg\" data-attachment-id=\"28096\" data-permalink=\"https:\/\/www.cisa-arica.cl\/wp1\/2025\/04\/14\/misa-de-bendicion-de-ramos\/dsc_3336-2\/\" data-orig-file=\"https:\/\/www.cisa-arica.cl\/wp1\/wp-content\/uploads\/2025\/04\/DSC_3336.jpg\" data-orig-size=\"2048,1367\" data-comments-opened=\"0\" data-image-meta=\"{&quot;aperture&quot;:&quot;2.8&quot;,&quot;credit&quot;:&quot;&quot;,&quot;camera&quot;:&quot;NIKON D7100&quot;,&quot;caption&quot;:&quot;&quot;,&quot;created_timestamp&quot;:&quot;1744479826&quot;,&quot;copyright&quot;:&quot;&quot;,&quot;focal_length&quot;:&quot;38&quot;,&quot;iso&quot;:&quot;400&quot;,&quot;shutter_speed&quot;:&quot;0.00625&quot;,&quot;title&quot;:&quot;&quot;,&quot;orientation&quot;:&quot;0&quot;}\" data-image-title=\"DSC_3336\" data-image-description=\"\" data-image-caption=\"\" data-large-file=\"https:\/\/www.cisa-arica.cl\/wp1\/wp-content\/uploads\/2025\/04\/DSC_3336-600x400.jpg\" role=\"button\" tabindex=\"0\" aria-label=\"Abrir la imagen 23 de 34 en pantalla completa\"srcset=\"https:\/\/i2.wp.com\/www.cisa-arica.cl\/wp1\/wp-content\/uploads\/2025\/04\/DSC_3336-600x400.jpg?strip=info&#038;w=600&#038;ssl=1 600w,https:\/\/i2.wp.com\/www.cisa-arica.cl\/wp1\/wp-content\/uploads\/2025\/04\/DSC_3336-600x400.jpg?strip=info&#038;w=900&#038;ssl=1 900w,https:\/\/i2.wp.com\/www.cisa-arica.cl\/wp1\/wp-content\/uploads\/2025\/04\/DSC_3336-600x400.jpg?strip=info&#038;w=1200&#038;ssl=1 1200w,https:\/\/i2.wp.com\/www.cisa-arica.cl\/wp1\/wp-content\/uploads\/2025\/04\/DSC_3336-600x400.jpg?strip=info&#038;w=1500&#038;ssl=1 1500w,https:\/\/i2.wp.com\/www.cisa-arica.cl\/wp1\/wp-content\/uploads\/2025\/04\/DSC_3336-600x400.jpg?strip=info&#038;w=1800&#038;ssl=1 1800w,https:\/\/i2.wp.com\/www.cisa-arica.cl\/wp1\/wp-content\/uploads\/2025\/04\/DSC_3336-600x400.jpg?strip=info&#038;w=2000&#038;ssl=1 2000w\" alt=\"\" data-height=\"1367\" data-id=\"28096\" data-link=\"https:\/\/www.cisa-arica.cl\/wp1\/?attachment_id=28096\" data-url=\"https:\/\/www.cisa-arica.cl\/wp1\/wp-content\/uploads\/2025\/04\/DSC_3336-600x400.jpg\" data-width=\"2048\" src=\"https:\/\/i2.wp.com\/www.cisa-arica.cl\/wp1\/wp-content\/uploads\/2025\/04\/DSC_3336-600x400.jpg?ssl=1\" data-amp-layout=\"responsive\"\/><\/figure><figure class=\"tiled-gallery__item\"><img decoding=\"async\" data-attachment-id=\"28097\" data-permalink=\"https:\/\/www.cisa-arica.cl\/wp1\/2025\/04\/14\/misa-de-bendicion-de-ramos\/dsc_3339-2\/\" data-orig-file=\"https:\/\/www.cisa-arica.cl\/wp1\/wp-content\/uploads\/2025\/04\/DSC_3339.jpg\" data-orig-size=\"2048,1367\" data-comments-opened=\"0\" data-image-meta=\"{&quot;aperture&quot;:&quot;4.5&quot;,&quot;credit&quot;:&quot;&quot;,&quot;camera&quot;:&quot;NIKON D7100&quot;,&quot;caption&quot;:&quot;&quot;,&quot;created_timestamp&quot;:&quot;1744479919&quot;,&quot;copyright&quot;:&quot;&quot;,&quot;focal_length&quot;:&quot;50&quot;,&quot;iso&quot;:&quot;400&quot;,&quot;shutter_speed&quot;:&quot;0.00625&quot;,&quot;title&quot;:&quot;&quot;,&quot;orientation&quot;:&quot;0&quot;}\" data-image-title=\"DSC_3339\" data-image-description=\"\" data-image-caption=\"\" data-large-file=\"https:\/\/www.cisa-arica.cl\/wp1\/wp-content\/uploads\/2025\/04\/DSC_3339-600x400.jpg\" data-attachment-id=\"28097\" data-permalink=\"https:\/\/www.cisa-arica.cl\/wp1\/2025\/04\/14\/misa-de-bendicion-de-ramos\/dsc_3339-2\/\" data-orig-file=\"https:\/\/www.cisa-arica.cl\/wp1\/wp-content\/uploads\/2025\/04\/DSC_3339.jpg\" data-orig-size=\"2048,1367\" data-comments-opened=\"0\" data-image-meta=\"{&quot;aperture&quot;:&quot;4.5&quot;,&quot;credit&quot;:&quot;&quot;,&quot;camera&quot;:&quot;NIKON D7100&quot;,&quot;caption&quot;:&quot;&quot;,&quot;created_timestamp&quot;:&quot;1744479919&quot;,&quot;copyright&quot;:&quot;&quot;,&quot;focal_length&quot;:&quot;50&quot;,&quot;iso&quot;:&quot;400&quot;,&quot;shutter_speed&quot;:&quot;0.00625&quot;,&quot;title&quot;:&quot;&quot;,&quot;orientation&quot;:&quot;0&quot;}\" data-image-title=\"DSC_3339\" data-image-description=\"\" data-image-caption=\"\" data-large-file=\"https:\/\/www.cisa-arica.cl\/wp1\/wp-content\/uploads\/2025\/04\/DSC_3339-600x400.jpg\" role=\"button\" tabindex=\"0\" aria-label=\"Abrir la imagen 24 de 34 en pantalla completa\"srcset=\"https:\/\/i0.wp.com\/www.cisa-arica.cl\/wp1\/wp-content\/uploads\/2025\/04\/DSC_3339-600x400.jpg?strip=info&#038;w=600&#038;ssl=1 600w,https:\/\/i0.wp.com\/www.cisa-arica.cl\/wp1\/wp-content\/uploads\/2025\/04\/DSC_3339-600x400.jpg?strip=info&#038;w=900&#038;ssl=1 900w,https:\/\/i0.wp.com\/www.cisa-arica.cl\/wp1\/wp-content\/uploads\/2025\/04\/DSC_3339-600x400.jpg?strip=info&#038;w=1200&#038;ssl=1 1200w,https:\/\/i0.wp.com\/www.cisa-arica.cl\/wp1\/wp-content\/uploads\/2025\/04\/DSC_3339-600x400.jpg?strip=info&#038;w=1500&#038;ssl=1 1500w,https:\/\/i0.wp.com\/www.cisa-arica.cl\/wp1\/wp-content\/uploads\/2025\/04\/DSC_3339-600x400.jpg?strip=info&#038;w=1800&#038;ssl=1 1800w,https:\/\/i0.wp.com\/www.cisa-arica.cl\/wp1\/wp-content\/uploads\/2025\/04\/DSC_3339-600x400.jpg?strip=info&#038;w=2000&#038;ssl=1 2000w\" alt=\"\" data-height=\"1367\" data-id=\"28097\" data-link=\"https:\/\/www.cisa-arica.cl\/wp1\/?attachment_id=28097\" data-url=\"https:\/\/www.cisa-arica.cl\/wp1\/wp-content\/uploads\/2025\/04\/DSC_3339-600x400.jpg\" data-width=\"2048\" src=\"https:\/\/i0.wp.com\/www.cisa-arica.cl\/wp1\/wp-content\/uploads\/2025\/04\/DSC_3339-600x400.jpg?ssl=1\" data-amp-layout=\"responsive\"\/><\/figure><\/div><\/div><div class=\"tiled-gallery__row\"><div class=\"tiled-gallery__col\" style=\"flex-basis:33.24479%\"><figure class=\"tiled-gallery__item\"><img decoding=\"async\" data-attachment-id=\"28098\" data-permalink=\"https:\/\/www.cisa-arica.cl\/wp1\/2025\/04\/14\/misa-de-bendicion-de-ramos\/dsc_3340-2\/\" data-orig-file=\"https:\/\/www.cisa-arica.cl\/wp1\/wp-content\/uploads\/2025\/04\/DSC_3340.jpg\" data-orig-size=\"2048,1367\" data-comments-opened=\"0\" data-image-meta=\"{&quot;aperture&quot;:&quot;4&quot;,&quot;credit&quot;:&quot;&quot;,&quot;camera&quot;:&quot;NIKON D7100&quot;,&quot;caption&quot;:&quot;&quot;,&quot;created_timestamp&quot;:&quot;1744479964&quot;,&quot;copyright&quot;:&quot;&quot;,&quot;focal_length&quot;:&quot;17&quot;,&quot;iso&quot;:&quot;400&quot;,&quot;shutter_speed&quot;:&quot;0.00625&quot;,&quot;title&quot;:&quot;&quot;,&quot;orientation&quot;:&quot;0&quot;}\" data-image-title=\"DSC_3340\" data-image-description=\"\" data-image-caption=\"\" data-large-file=\"https:\/\/www.cisa-arica.cl\/wp1\/wp-content\/uploads\/2025\/04\/DSC_3340-600x400.jpg\" data-attachment-id=\"28098\" data-permalink=\"https:\/\/www.cisa-arica.cl\/wp1\/2025\/04\/14\/misa-de-bendicion-de-ramos\/dsc_3340-2\/\" data-orig-file=\"https:\/\/www.cisa-arica.cl\/wp1\/wp-content\/uploads\/2025\/04\/DSC_3340.jpg\" data-orig-size=\"2048,1367\" data-comments-opened=\"0\" data-image-meta=\"{&quot;aperture&quot;:&quot;4&quot;,&quot;credit&quot;:&quot;&quot;,&quot;camera&quot;:&quot;NIKON D7100&quot;,&quot;caption&quot;:&quot;&quot;,&quot;created_timestamp&quot;:&quot;1744479964&quot;,&quot;copyright&quot;:&quot;&quot;,&quot;focal_length&quot;:&quot;17&quot;,&quot;iso&quot;:&quot;400&quot;,&quot;shutter_speed&quot;:&quot;0.00625&quot;,&quot;title&quot;:&quot;&quot;,&quot;orientation&quot;:&quot;0&quot;}\" data-image-title=\"DSC_3340\" data-image-description=\"\" data-image-caption=\"\" data-large-file=\"https:\/\/www.cisa-arica.cl\/wp1\/wp-content\/uploads\/2025\/04\/DSC_3340-600x400.jpg\" role=\"button\" tabindex=\"0\" aria-label=\"Abrir la imagen 25 de 34 en pantalla completa\"srcset=\"https:\/\/i2.wp.com\/www.cisa-arica.cl\/wp1\/wp-content\/uploads\/2025\/04\/DSC_3340-600x400.jpg?strip=info&#038;w=600&#038;ssl=1 600w,https:\/\/i2.wp.com\/www.cisa-arica.cl\/wp1\/wp-content\/uploads\/2025\/04\/DSC_3340-600x400.jpg?strip=info&#038;w=900&#038;ssl=1 900w,https:\/\/i2.wp.com\/www.cisa-arica.cl\/wp1\/wp-content\/uploads\/2025\/04\/DSC_3340-600x400.jpg?strip=info&#038;w=1200&#038;ssl=1 1200w,https:\/\/i2.wp.com\/www.cisa-arica.cl\/wp1\/wp-content\/uploads\/2025\/04\/DSC_3340-600x400.jpg?strip=info&#038;w=1500&#038;ssl=1 1500w,https:\/\/i2.wp.com\/www.cisa-arica.cl\/wp1\/wp-content\/uploads\/2025\/04\/DSC_3340-600x400.jpg?strip=info&#038;w=1800&#038;ssl=1 1800w,https:\/\/i2.wp.com\/www.cisa-arica.cl\/wp1\/wp-content\/uploads\/2025\/04\/DSC_3340-600x400.jpg?strip=info&#038;w=2000&#038;ssl=1 2000w\" alt=\"\" data-height=\"1367\" data-id=\"28098\" data-link=\"https:\/\/www.cisa-arica.cl\/wp1\/?attachment_id=28098\" data-url=\"https:\/\/www.cisa-arica.cl\/wp1\/wp-content\/uploads\/2025\/04\/DSC_3340-600x400.jpg\" data-width=\"2048\" src=\"https:\/\/i2.wp.com\/www.cisa-arica.cl\/wp1\/wp-content\/uploads\/2025\/04\/DSC_3340-600x400.jpg?ssl=1\" data-amp-layout=\"responsive\"\/><\/figure><figure class=\"tiled-gallery__item\"><img decoding=\"async\" data-attachment-id=\"28099\" data-permalink=\"https:\/\/www.cisa-arica.cl\/wp1\/2025\/04\/14\/misa-de-bendicion-de-ramos\/dsc_3345-2\/\" data-orig-file=\"https:\/\/www.cisa-arica.cl\/wp1\/wp-content\/uploads\/2025\/04\/DSC_3345.jpg\" data-orig-size=\"2048,1367\" data-comments-opened=\"0\" data-image-meta=\"{&quot;aperture&quot;:&quot;2.8&quot;,&quot;credit&quot;:&quot;&quot;,&quot;camera&quot;:&quot;NIKON D7100&quot;,&quot;caption&quot;:&quot;&quot;,&quot;created_timestamp&quot;:&quot;1744480180&quot;,&quot;copyright&quot;:&quot;&quot;,&quot;focal_length&quot;:&quot;34&quot;,&quot;iso&quot;:&quot;400&quot;,&quot;shutter_speed&quot;:&quot;0.00625&quot;,&quot;title&quot;:&quot;&quot;,&quot;orientation&quot;:&quot;0&quot;}\" data-image-title=\"DSC_3345\" data-image-description=\"\" data-image-caption=\"\" data-large-file=\"https:\/\/www.cisa-arica.cl\/wp1\/wp-content\/uploads\/2025\/04\/DSC_3345-600x400.jpg\" data-attachment-id=\"28099\" data-permalink=\"https:\/\/www.cisa-arica.cl\/wp1\/2025\/04\/14\/misa-de-bendicion-de-ramos\/dsc_3345-2\/\" data-orig-file=\"https:\/\/www.cisa-arica.cl\/wp1\/wp-content\/uploads\/2025\/04\/DSC_3345.jpg\" data-orig-size=\"2048,1367\" data-comments-opened=\"0\" data-image-meta=\"{&quot;aperture&quot;:&quot;2.8&quot;,&quot;credit&quot;:&quot;&quot;,&quot;camera&quot;:&quot;NIKON D7100&quot;,&quot;caption&quot;:&quot;&quot;,&quot;created_timestamp&quot;:&quot;1744480180&quot;,&quot;copyright&quot;:&quot;&quot;,&quot;focal_length&quot;:&quot;34&quot;,&quot;iso&quot;:&quot;400&quot;,&quot;shutter_speed&quot;:&quot;0.00625&quot;,&quot;title&quot;:&quot;&quot;,&quot;orientation&quot;:&quot;0&quot;}\" data-image-title=\"DSC_3345\" data-image-description=\"\" data-image-caption=\"\" data-large-file=\"https:\/\/www.cisa-arica.cl\/wp1\/wp-content\/uploads\/2025\/04\/DSC_3345-600x400.jpg\" role=\"button\" tabindex=\"0\" aria-label=\"Abrir la imagen 26 de 34 en pantalla completa\"srcset=\"https:\/\/i0.wp.com\/www.cisa-arica.cl\/wp1\/wp-content\/uploads\/2025\/04\/DSC_3345-600x400.jpg?strip=info&#038;w=600&#038;ssl=1 600w,https:\/\/i0.wp.com\/www.cisa-arica.cl\/wp1\/wp-content\/uploads\/2025\/04\/DSC_3345-600x400.jpg?strip=info&#038;w=900&#038;ssl=1 900w,https:\/\/i0.wp.com\/www.cisa-arica.cl\/wp1\/wp-content\/uploads\/2025\/04\/DSC_3345-600x400.jpg?strip=info&#038;w=1200&#038;ssl=1 1200w,https:\/\/i0.wp.com\/www.cisa-arica.cl\/wp1\/wp-content\/uploads\/2025\/04\/DSC_3345-600x400.jpg?strip=info&#038;w=1500&#038;ssl=1 1500w,https:\/\/i0.wp.com\/www.cisa-arica.cl\/wp1\/wp-content\/uploads\/2025\/04\/DSC_3345-600x400.jpg?strip=info&#038;w=1800&#038;ssl=1 1800w,https:\/\/i0.wp.com\/www.cisa-arica.cl\/wp1\/wp-content\/uploads\/2025\/04\/DSC_3345-600x400.jpg?strip=info&#038;w=2000&#038;ssl=1 2000w\" alt=\"\" data-height=\"1367\" data-id=\"28099\" data-link=\"https:\/\/www.cisa-arica.cl\/wp1\/?attachment_id=28099\" data-url=\"https:\/\/www.cisa-arica.cl\/wp1\/wp-content\/uploads\/2025\/04\/DSC_3345-600x400.jpg\" data-width=\"2048\" src=\"https:\/\/i0.wp.com\/www.cisa-arica.cl\/wp1\/wp-content\/uploads\/2025\/04\/DSC_3345-600x400.jpg?ssl=1\" data-amp-layout=\"responsive\"\/><\/figure><\/div><div class=\"tiled-gallery__col\" style=\"flex-basis:66.75521%\"><figure class=\"tiled-gallery__item\"><img decoding=\"async\" data-attachment-id=\"28100\" data-permalink=\"https:\/\/www.cisa-arica.cl\/wp1\/2025\/04\/14\/misa-de-bendicion-de-ramos\/dsc_3346-2\/\" data-orig-file=\"https:\/\/www.cisa-arica.cl\/wp1\/wp-content\/uploads\/2025\/04\/DSC_3346.jpg\" data-orig-size=\"2048,1367\" data-comments-opened=\"0\" data-image-meta=\"{&quot;aperture&quot;:&quot;2.8&quot;,&quot;credit&quot;:&quot;&quot;,&quot;camera&quot;:&quot;NIKON D7100&quot;,&quot;caption&quot;:&quot;&quot;,&quot;created_timestamp&quot;:&quot;1744480197&quot;,&quot;copyright&quot;:&quot;&quot;,&quot;focal_length&quot;:&quot;50&quot;,&quot;iso&quot;:&quot;400&quot;,&quot;shutter_speed&quot;:&quot;0.00625&quot;,&quot;title&quot;:&quot;&quot;,&quot;orientation&quot;:&quot;0&quot;}\" data-image-title=\"DSC_3346\" data-image-description=\"\" data-image-caption=\"\" data-large-file=\"https:\/\/www.cisa-arica.cl\/wp1\/wp-content\/uploads\/2025\/04\/DSC_3346-600x400.jpg\" data-attachment-id=\"28100\" data-permalink=\"https:\/\/www.cisa-arica.cl\/wp1\/2025\/04\/14\/misa-de-bendicion-de-ramos\/dsc_3346-2\/\" data-orig-file=\"https:\/\/www.cisa-arica.cl\/wp1\/wp-content\/uploads\/2025\/04\/DSC_3346.jpg\" data-orig-size=\"2048,1367\" data-comments-opened=\"0\" data-image-meta=\"{&quot;aperture&quot;:&quot;2.8&quot;,&quot;credit&quot;:&quot;&quot;,&quot;camera&quot;:&quot;NIKON D7100&quot;,&quot;caption&quot;:&quot;&quot;,&quot;created_timestamp&quot;:&quot;1744480197&quot;,&quot;copyright&quot;:&quot;&quot;,&quot;focal_length&quot;:&quot;50&quot;,&quot;iso&quot;:&quot;400&quot;,&quot;shutter_speed&quot;:&quot;0.00625&quot;,&quot;title&quot;:&quot;&quot;,&quot;orientation&quot;:&quot;0&quot;}\" data-image-title=\"DSC_3346\" data-image-description=\"\" data-image-caption=\"\" data-large-file=\"https:\/\/www.cisa-arica.cl\/wp1\/wp-content\/uploads\/2025\/04\/DSC_3346-600x400.jpg\" role=\"button\" tabindex=\"0\" aria-label=\"Abrir la imagen 27 de 34 en pantalla completa\"srcset=\"https:\/\/i2.wp.com\/www.cisa-arica.cl\/wp1\/wp-content\/uploads\/2025\/04\/DSC_3346-600x400.jpg?strip=info&#038;w=600&#038;ssl=1 600w,https:\/\/i2.wp.com\/www.cisa-arica.cl\/wp1\/wp-content\/uploads\/2025\/04\/DSC_3346-600x400.jpg?strip=info&#038;w=900&#038;ssl=1 900w,https:\/\/i2.wp.com\/www.cisa-arica.cl\/wp1\/wp-content\/uploads\/2025\/04\/DSC_3346-600x400.jpg?strip=info&#038;w=1200&#038;ssl=1 1200w,https:\/\/i2.wp.com\/www.cisa-arica.cl\/wp1\/wp-content\/uploads\/2025\/04\/DSC_3346-600x400.jpg?strip=info&#038;w=1500&#038;ssl=1 1500w,https:\/\/i2.wp.com\/www.cisa-arica.cl\/wp1\/wp-content\/uploads\/2025\/04\/DSC_3346-600x400.jpg?strip=info&#038;w=1800&#038;ssl=1 1800w,https:\/\/i2.wp.com\/www.cisa-arica.cl\/wp1\/wp-content\/uploads\/2025\/04\/DSC_3346-600x400.jpg?strip=info&#038;w=2000&#038;ssl=1 2000w\" alt=\"\" data-height=\"1367\" data-id=\"28100\" data-link=\"https:\/\/www.cisa-arica.cl\/wp1\/?attachment_id=28100\" data-url=\"https:\/\/www.cisa-arica.cl\/wp1\/wp-content\/uploads\/2025\/04\/DSC_3346-600x400.jpg\" data-width=\"2048\" src=\"https:\/\/i2.wp.com\/www.cisa-arica.cl\/wp1\/wp-content\/uploads\/2025\/04\/DSC_3346-600x400.jpg?ssl=1\" data-amp-layout=\"responsive\"\/><\/figure><\/div><\/div><div class=\"tiled-gallery__row\"><div class=\"tiled-gallery__col\" style=\"flex-basis:50.00000%\"><figure class=\"tiled-gallery__item\"><img decoding=\"async\" data-attachment-id=\"28101\" data-permalink=\"https:\/\/www.cisa-arica.cl\/wp1\/2025\/04\/14\/misa-de-bendicion-de-ramos\/dsc_3350-2\/\" data-orig-file=\"https:\/\/www.cisa-arica.cl\/wp1\/wp-content\/uploads\/2025\/04\/DSC_3350.jpg\" data-orig-size=\"2048,1367\" data-comments-opened=\"0\" data-image-meta=\"{&quot;aperture&quot;:&quot;2.8&quot;,&quot;credit&quot;:&quot;&quot;,&quot;camera&quot;:&quot;NIKON D7100&quot;,&quot;caption&quot;:&quot;&quot;,&quot;created_timestamp&quot;:&quot;1744480351&quot;,&quot;copyright&quot;:&quot;&quot;,&quot;focal_length&quot;:&quot;50&quot;,&quot;iso&quot;:&quot;400&quot;,&quot;shutter_speed&quot;:&quot;0.00625&quot;,&quot;title&quot;:&quot;&quot;,&quot;orientation&quot;:&quot;0&quot;}\" data-image-title=\"DSC_3350\" data-image-description=\"\" data-image-caption=\"\" data-large-file=\"https:\/\/www.cisa-arica.cl\/wp1\/wp-content\/uploads\/2025\/04\/DSC_3350-600x400.jpg\" data-attachment-id=\"28101\" data-permalink=\"https:\/\/www.cisa-arica.cl\/wp1\/2025\/04\/14\/misa-de-bendicion-de-ramos\/dsc_3350-2\/\" data-orig-file=\"https:\/\/www.cisa-arica.cl\/wp1\/wp-content\/uploads\/2025\/04\/DSC_3350.jpg\" data-orig-size=\"2048,1367\" data-comments-opened=\"0\" data-image-meta=\"{&quot;aperture&quot;:&quot;2.8&quot;,&quot;credit&quot;:&quot;&quot;,&quot;camera&quot;:&quot;NIKON D7100&quot;,&quot;caption&quot;:&quot;&quot;,&quot;created_timestamp&quot;:&quot;1744480351&quot;,&quot;copyright&quot;:&quot;&quot;,&quot;focal_length&quot;:&quot;50&quot;,&quot;iso&quot;:&quot;400&quot;,&quot;shutter_speed&quot;:&quot;0.00625&quot;,&quot;title&quot;:&quot;&quot;,&quot;orientation&quot;:&quot;0&quot;}\" data-image-title=\"DSC_3350\" data-image-description=\"\" data-image-caption=\"\" data-large-file=\"https:\/\/www.cisa-arica.cl\/wp1\/wp-content\/uploads\/2025\/04\/DSC_3350-600x400.jpg\" role=\"button\" tabindex=\"0\" aria-label=\"Abrir la imagen 28 de 34 en pantalla completa\"srcset=\"https:\/\/i2.wp.com\/www.cisa-arica.cl\/wp1\/wp-content\/uploads\/2025\/04\/DSC_3350-600x400.jpg?strip=info&#038;w=600&#038;ssl=1 600w,https:\/\/i2.wp.com\/www.cisa-arica.cl\/wp1\/wp-content\/uploads\/2025\/04\/DSC_3350-600x400.jpg?strip=info&#038;w=900&#038;ssl=1 900w,https:\/\/i2.wp.com\/www.cisa-arica.cl\/wp1\/wp-content\/uploads\/2025\/04\/DSC_3350-600x400.jpg?strip=info&#038;w=1200&#038;ssl=1 1200w,https:\/\/i2.wp.com\/www.cisa-arica.cl\/wp1\/wp-content\/uploads\/2025\/04\/DSC_3350-600x400.jpg?strip=info&#038;w=1500&#038;ssl=1 1500w,https:\/\/i2.wp.com\/www.cisa-arica.cl\/wp1\/wp-content\/uploads\/2025\/04\/DSC_3350-600x400.jpg?strip=info&#038;w=1800&#038;ssl=1 1800w,https:\/\/i2.wp.com\/www.cisa-arica.cl\/wp1\/wp-content\/uploads\/2025\/04\/DSC_3350-600x400.jpg?strip=info&#038;w=2000&#038;ssl=1 2000w\" alt=\"\" data-height=\"1367\" data-id=\"28101\" data-link=\"https:\/\/www.cisa-arica.cl\/wp1\/?attachment_id=28101\" data-url=\"https:\/\/www.cisa-arica.cl\/wp1\/wp-content\/uploads\/2025\/04\/DSC_3350-600x400.jpg\" data-width=\"2048\" src=\"https:\/\/i2.wp.com\/www.cisa-arica.cl\/wp1\/wp-content\/uploads\/2025\/04\/DSC_3350-600x400.jpg?ssl=1\" data-amp-layout=\"responsive\"\/><\/figure><\/div><div class=\"tiled-gallery__col\" style=\"flex-basis:50.00000%\"><figure class=\"tiled-gallery__item\"><img decoding=\"async\" data-attachment-id=\"28102\" data-permalink=\"https:\/\/www.cisa-arica.cl\/wp1\/2025\/04\/14\/misa-de-bendicion-de-ramos\/dsc_3352\/\" data-orig-file=\"https:\/\/www.cisa-arica.cl\/wp1\/wp-content\/uploads\/2025\/04\/DSC_3352.jpg\" data-orig-size=\"2048,1367\" data-comments-opened=\"0\" data-image-meta=\"{&quot;aperture&quot;:&quot;2.8&quot;,&quot;credit&quot;:&quot;&quot;,&quot;camera&quot;:&quot;NIKON D7100&quot;,&quot;caption&quot;:&quot;&quot;,&quot;created_timestamp&quot;:&quot;1744480488&quot;,&quot;copyright&quot;:&quot;&quot;,&quot;focal_length&quot;:&quot;50&quot;,&quot;iso&quot;:&quot;400&quot;,&quot;shutter_speed&quot;:&quot;0.00625&quot;,&quot;title&quot;:&quot;&quot;,&quot;orientation&quot;:&quot;0&quot;}\" data-image-title=\"DSC_3352\" data-image-description=\"\" data-image-caption=\"\" data-large-file=\"https:\/\/www.cisa-arica.cl\/wp1\/wp-content\/uploads\/2025\/04\/DSC_3352-600x400.jpg\" data-attachment-id=\"28102\" data-permalink=\"https:\/\/www.cisa-arica.cl\/wp1\/2025\/04\/14\/misa-de-bendicion-de-ramos\/dsc_3352\/\" data-orig-file=\"https:\/\/www.cisa-arica.cl\/wp1\/wp-content\/uploads\/2025\/04\/DSC_3352.jpg\" data-orig-size=\"2048,1367\" data-comments-opened=\"0\" data-image-meta=\"{&quot;aperture&quot;:&quot;2.8&quot;,&quot;credit&quot;:&quot;&quot;,&quot;camera&quot;:&quot;NIKON D7100&quot;,&quot;caption&quot;:&quot;&quot;,&quot;created_timestamp&quot;:&quot;1744480488&quot;,&quot;copyright&quot;:&quot;&quot;,&quot;focal_length&quot;:&quot;50&quot;,&quot;iso&quot;:&quot;400&quot;,&quot;shutter_speed&quot;:&quot;0.00625&quot;,&quot;title&quot;:&quot;&quot;,&quot;orientation&quot;:&quot;0&quot;}\" data-image-title=\"DSC_3352\" data-image-description=\"\" data-image-caption=\"\" data-large-file=\"https:\/\/www.cisa-arica.cl\/wp1\/wp-content\/uploads\/2025\/04\/DSC_3352-600x400.jpg\" role=\"button\" tabindex=\"0\" aria-label=\"Abrir la imagen 29 de 34 en pantalla completa\"srcset=\"https:\/\/i2.wp.com\/www.cisa-arica.cl\/wp1\/wp-content\/uploads\/2025\/04\/DSC_3352-600x400.jpg?strip=info&#038;w=600&#038;ssl=1 600w,https:\/\/i2.wp.com\/www.cisa-arica.cl\/wp1\/wp-content\/uploads\/2025\/04\/DSC_3352-600x400.jpg?strip=info&#038;w=900&#038;ssl=1 900w,https:\/\/i2.wp.com\/www.cisa-arica.cl\/wp1\/wp-content\/uploads\/2025\/04\/DSC_3352-600x400.jpg?strip=info&#038;w=1200&#038;ssl=1 1200w,https:\/\/i2.wp.com\/www.cisa-arica.cl\/wp1\/wp-content\/uploads\/2025\/04\/DSC_3352-600x400.jpg?strip=info&#038;w=1500&#038;ssl=1 1500w,https:\/\/i2.wp.com\/www.cisa-arica.cl\/wp1\/wp-content\/uploads\/2025\/04\/DSC_3352-600x400.jpg?strip=info&#038;w=1800&#038;ssl=1 1800w,https:\/\/i2.wp.com\/www.cisa-arica.cl\/wp1\/wp-content\/uploads\/2025\/04\/DSC_3352-600x400.jpg?strip=info&#038;w=2000&#038;ssl=1 2000w\" alt=\"\" data-height=\"1367\" data-id=\"28102\" data-link=\"https:\/\/www.cisa-arica.cl\/wp1\/?attachment_id=28102\" data-url=\"https:\/\/www.cisa-arica.cl\/wp1\/wp-content\/uploads\/2025\/04\/DSC_3352-600x400.jpg\" data-width=\"2048\" src=\"https:\/\/i2.wp.com\/www.cisa-arica.cl\/wp1\/wp-content\/uploads\/2025\/04\/DSC_3352-600x400.jpg?ssl=1\" data-amp-layout=\"responsive\"\/><\/figure><\/div><\/div><div class=\"tiled-gallery__row\"><div class=\"tiled-gallery__col\" style=\"flex-basis:33.33333%\"><figure class=\"tiled-gallery__item\"><img decoding=\"async\" data-attachment-id=\"28103\" data-permalink=\"https:\/\/www.cisa-arica.cl\/wp1\/2025\/04\/14\/misa-de-bendicion-de-ramos\/dsc_3360\/\" data-orig-file=\"https:\/\/www.cisa-arica.cl\/wp1\/wp-content\/uploads\/2025\/04\/DSC_3360.jpg\" data-orig-size=\"2048,1367\" data-comments-opened=\"0\" data-image-meta=\"{&quot;aperture&quot;:&quot;2.8&quot;,&quot;credit&quot;:&quot;&quot;,&quot;camera&quot;:&quot;NIKON D7100&quot;,&quot;caption&quot;:&quot;&quot;,&quot;created_timestamp&quot;:&quot;1744482696&quot;,&quot;copyright&quot;:&quot;&quot;,&quot;focal_length&quot;:&quot;50&quot;,&quot;iso&quot;:&quot;400&quot;,&quot;shutter_speed&quot;:&quot;0.00625&quot;,&quot;title&quot;:&quot;&quot;,&quot;orientation&quot;:&quot;0&quot;}\" data-image-title=\"DSC_3360\" data-image-description=\"\" data-image-caption=\"\" data-large-file=\"https:\/\/www.cisa-arica.cl\/wp1\/wp-content\/uploads\/2025\/04\/DSC_3360-600x400.jpg\" data-attachment-id=\"28103\" data-permalink=\"https:\/\/www.cisa-arica.cl\/wp1\/2025\/04\/14\/misa-de-bendicion-de-ramos\/dsc_3360\/\" data-orig-file=\"https:\/\/www.cisa-arica.cl\/wp1\/wp-content\/uploads\/2025\/04\/DSC_3360.jpg\" data-orig-size=\"2048,1367\" data-comments-opened=\"0\" data-image-meta=\"{&quot;aperture&quot;:&quot;2.8&quot;,&quot;credit&quot;:&quot;&quot;,&quot;camera&quot;:&quot;NIKON D7100&quot;,&quot;caption&quot;:&quot;&quot;,&quot;created_timestamp&quot;:&quot;1744482696&quot;,&quot;copyright&quot;:&quot;&quot;,&quot;focal_length&quot;:&quot;50&quot;,&quot;iso&quot;:&quot;400&quot;,&quot;shutter_speed&quot;:&quot;0.00625&quot;,&quot;title&quot;:&quot;&quot;,&quot;orientation&quot;:&quot;0&quot;}\" data-image-title=\"DSC_3360\" data-image-description=\"\" data-image-caption=\"\" data-large-file=\"https:\/\/www.cisa-arica.cl\/wp1\/wp-content\/uploads\/2025\/04\/DSC_3360-600x400.jpg\" role=\"button\" tabindex=\"0\" aria-label=\"Abrir la imagen 30 de 34 en pantalla completa\"srcset=\"https:\/\/i1.wp.com\/www.cisa-arica.cl\/wp1\/wp-content\/uploads\/2025\/04\/DSC_3360-600x400.jpg?strip=info&#038;w=600&#038;ssl=1 600w,https:\/\/i1.wp.com\/www.cisa-arica.cl\/wp1\/wp-content\/uploads\/2025\/04\/DSC_3360-600x400.jpg?strip=info&#038;w=900&#038;ssl=1 900w,https:\/\/i1.wp.com\/www.cisa-arica.cl\/wp1\/wp-content\/uploads\/2025\/04\/DSC_3360-600x400.jpg?strip=info&#038;w=1200&#038;ssl=1 1200w,https:\/\/i1.wp.com\/www.cisa-arica.cl\/wp1\/wp-content\/uploads\/2025\/04\/DSC_3360-600x400.jpg?strip=info&#038;w=1500&#038;ssl=1 1500w,https:\/\/i1.wp.com\/www.cisa-arica.cl\/wp1\/wp-content\/uploads\/2025\/04\/DSC_3360-600x400.jpg?strip=info&#038;w=1800&#038;ssl=1 1800w,https:\/\/i1.wp.com\/www.cisa-arica.cl\/wp1\/wp-content\/uploads\/2025\/04\/DSC_3360-600x400.jpg?strip=info&#038;w=2000&#038;ssl=1 2000w\" alt=\"\" data-height=\"1367\" data-id=\"28103\" data-link=\"https:\/\/www.cisa-arica.cl\/wp1\/?attachment_id=28103\" data-url=\"https:\/\/www.cisa-arica.cl\/wp1\/wp-content\/uploads\/2025\/04\/DSC_3360-600x400.jpg\" data-width=\"2048\" src=\"https:\/\/i1.wp.com\/www.cisa-arica.cl\/wp1\/wp-content\/uploads\/2025\/04\/DSC_3360-600x400.jpg?ssl=1\" data-amp-layout=\"responsive\"\/><\/figure><\/div><div class=\"tiled-gallery__col\" style=\"flex-basis:33.33333%\"><figure class=\"tiled-gallery__item\"><img decoding=\"async\" data-attachment-id=\"28104\" data-permalink=\"https:\/\/www.cisa-arica.cl\/wp1\/2025\/04\/14\/misa-de-bendicion-de-ramos\/dsc_3363-2\/\" data-orig-file=\"https:\/\/www.cisa-arica.cl\/wp1\/wp-content\/uploads\/2025\/04\/DSC_3363.jpg\" data-orig-size=\"2048,1367\" data-comments-opened=\"0\" data-image-meta=\"{&quot;aperture&quot;:&quot;2.8&quot;,&quot;credit&quot;:&quot;&quot;,&quot;camera&quot;:&quot;NIKON D7100&quot;,&quot;caption&quot;:&quot;&quot;,&quot;created_timestamp&quot;:&quot;1744482765&quot;,&quot;copyright&quot;:&quot;&quot;,&quot;focal_length&quot;:&quot;50&quot;,&quot;iso&quot;:&quot;400&quot;,&quot;shutter_speed&quot;:&quot;0.00625&quot;,&quot;title&quot;:&quot;&quot;,&quot;orientation&quot;:&quot;0&quot;}\" data-image-title=\"DSC_3363\" data-image-description=\"\" data-image-caption=\"\" data-large-file=\"https:\/\/www.cisa-arica.cl\/wp1\/wp-content\/uploads\/2025\/04\/DSC_3363-600x400.jpg\" data-attachment-id=\"28104\" data-permalink=\"https:\/\/www.cisa-arica.cl\/wp1\/2025\/04\/14\/misa-de-bendicion-de-ramos\/dsc_3363-2\/\" data-orig-file=\"https:\/\/www.cisa-arica.cl\/wp1\/wp-content\/uploads\/2025\/04\/DSC_3363.jpg\" data-orig-size=\"2048,1367\" data-comments-opened=\"0\" data-image-meta=\"{&quot;aperture&quot;:&quot;2.8&quot;,&quot;credit&quot;:&quot;&quot;,&quot;camera&quot;:&quot;NIKON D7100&quot;,&quot;caption&quot;:&quot;&quot;,&quot;created_timestamp&quot;:&quot;1744482765&quot;,&quot;copyright&quot;:&quot;&quot;,&quot;focal_length&quot;:&quot;50&quot;,&quot;iso&quot;:&quot;400&quot;,&quot;shutter_speed&quot;:&quot;0.00625&quot;,&quot;title&quot;:&quot;&quot;,&quot;orientation&quot;:&quot;0&quot;}\" data-image-title=\"DSC_3363\" data-image-description=\"\" data-image-caption=\"\" data-large-file=\"https:\/\/www.cisa-arica.cl\/wp1\/wp-content\/uploads\/2025\/04\/DSC_3363-600x400.jpg\" role=\"button\" tabindex=\"0\" aria-label=\"Abrir la imagen 31 de 34 en pantalla completa\"srcset=\"https:\/\/i0.wp.com\/www.cisa-arica.cl\/wp1\/wp-content\/uploads\/2025\/04\/DSC_3363-600x400.jpg?strip=info&#038;w=600&#038;ssl=1 600w,https:\/\/i0.wp.com\/www.cisa-arica.cl\/wp1\/wp-content\/uploads\/2025\/04\/DSC_3363-600x400.jpg?strip=info&#038;w=900&#038;ssl=1 900w,https:\/\/i0.wp.com\/www.cisa-arica.cl\/wp1\/wp-content\/uploads\/2025\/04\/DSC_3363-600x400.jpg?strip=info&#038;w=1200&#038;ssl=1 1200w,https:\/\/i0.wp.com\/www.cisa-arica.cl\/wp1\/wp-content\/uploads\/2025\/04\/DSC_3363-600x400.jpg?strip=info&#038;w=1500&#038;ssl=1 1500w,https:\/\/i0.wp.com\/www.cisa-arica.cl\/wp1\/wp-content\/uploads\/2025\/04\/DSC_3363-600x400.jpg?strip=info&#038;w=1800&#038;ssl=1 1800w,https:\/\/i0.wp.com\/www.cisa-arica.cl\/wp1\/wp-content\/uploads\/2025\/04\/DSC_3363-600x400.jpg?strip=info&#038;w=2000&#038;ssl=1 2000w\" alt=\"\" data-height=\"1367\" data-id=\"28104\" data-link=\"https:\/\/www.cisa-arica.cl\/wp1\/?attachment_id=28104\" data-url=\"https:\/\/www.cisa-arica.cl\/wp1\/wp-content\/uploads\/2025\/04\/DSC_3363-600x400.jpg\" data-width=\"2048\" src=\"https:\/\/i0.wp.com\/www.cisa-arica.cl\/wp1\/wp-content\/uploads\/2025\/04\/DSC_3363-600x400.jpg?ssl=1\" data-amp-layout=\"responsive\"\/><\/figure><\/div><div class=\"tiled-gallery__col\" style=\"flex-basis:33.33333%\"><figure class=\"tiled-gallery__item\"><img decoding=\"async\" data-attachment-id=\"28105\" data-permalink=\"https:\/\/www.cisa-arica.cl\/wp1\/2025\/04\/14\/misa-de-bendicion-de-ramos\/dsc_3366\/\" data-orig-file=\"https:\/\/www.cisa-arica.cl\/wp1\/wp-content\/uploads\/2025\/04\/DSC_3366.jpg\" data-orig-size=\"2048,1367\" data-comments-opened=\"0\" data-image-meta=\"{&quot;aperture&quot;:&quot;2.8&quot;,&quot;credit&quot;:&quot;&quot;,&quot;camera&quot;:&quot;NIKON D7100&quot;,&quot;caption&quot;:&quot;&quot;,&quot;created_timestamp&quot;:&quot;1744482821&quot;,&quot;copyright&quot;:&quot;&quot;,&quot;focal_length&quot;:&quot;50&quot;,&quot;iso&quot;:&quot;400&quot;,&quot;shutter_speed&quot;:&quot;0.00625&quot;,&quot;title&quot;:&quot;&quot;,&quot;orientation&quot;:&quot;0&quot;}\" data-image-title=\"DSC_3366\" data-image-description=\"\" data-image-caption=\"\" data-large-file=\"https:\/\/www.cisa-arica.cl\/wp1\/wp-content\/uploads\/2025\/04\/DSC_3366-600x400.jpg\" data-attachment-id=\"28105\" data-permalink=\"https:\/\/www.cisa-arica.cl\/wp1\/2025\/04\/14\/misa-de-bendicion-de-ramos\/dsc_3366\/\" data-orig-file=\"https:\/\/www.cisa-arica.cl\/wp1\/wp-content\/uploads\/2025\/04\/DSC_3366.jpg\" data-orig-size=\"2048,1367\" data-comments-opened=\"0\" data-image-meta=\"{&quot;aperture&quot;:&quot;2.8&quot;,&quot;credit&quot;:&quot;&quot;,&quot;camera&quot;:&quot;NIKON D7100&quot;,&quot;caption&quot;:&quot;&quot;,&quot;created_timestamp&quot;:&quot;1744482821&quot;,&quot;copyright&quot;:&quot;&quot;,&quot;focal_length&quot;:&quot;50&quot;,&quot;iso&quot;:&quot;400&quot;,&quot;shutter_speed&quot;:&quot;0.00625&quot;,&quot;title&quot;:&quot;&quot;,&quot;orientation&quot;:&quot;0&quot;}\" data-image-title=\"DSC_3366\" data-image-description=\"\" data-image-caption=\"\" data-large-file=\"https:\/\/www.cisa-arica.cl\/wp1\/wp-content\/uploads\/2025\/04\/DSC_3366-600x400.jpg\" role=\"button\" tabindex=\"0\" aria-label=\"Abrir la imagen 32 de 34 en pantalla completa\"srcset=\"https:\/\/i1.wp.com\/www.cisa-arica.cl\/wp1\/wp-content\/uploads\/2025\/04\/DSC_3366-600x400.jpg?strip=info&#038;w=600&#038;ssl=1 600w,https:\/\/i1.wp.com\/www.cisa-arica.cl\/wp1\/wp-content\/uploads\/2025\/04\/DSC_3366-600x400.jpg?strip=info&#038;w=900&#038;ssl=1 900w,https:\/\/i1.wp.com\/www.cisa-arica.cl\/wp1\/wp-content\/uploads\/2025\/04\/DSC_3366-600x400.jpg?strip=info&#038;w=1200&#038;ssl=1 1200w,https:\/\/i1.wp.com\/www.cisa-arica.cl\/wp1\/wp-content\/uploads\/2025\/04\/DSC_3366-600x400.jpg?strip=info&#038;w=1500&#038;ssl=1 1500w,https:\/\/i1.wp.com\/www.cisa-arica.cl\/wp1\/wp-content\/uploads\/2025\/04\/DSC_3366-600x400.jpg?strip=info&#038;w=1800&#038;ssl=1 1800w,https:\/\/i1.wp.com\/www.cisa-arica.cl\/wp1\/wp-content\/uploads\/2025\/04\/DSC_3366-600x400.jpg?strip=info&#038;w=2000&#038;ssl=1 2000w\" alt=\"\" data-height=\"1367\" data-id=\"28105\" data-link=\"https:\/\/www.cisa-arica.cl\/wp1\/?attachment_id=28105\" data-url=\"https:\/\/www.cisa-arica.cl\/wp1\/wp-content\/uploads\/2025\/04\/DSC_3366-600x400.jpg\" data-width=\"2048\" src=\"https:\/\/i1.wp.com\/www.cisa-arica.cl\/wp1\/wp-content\/uploads\/2025\/04\/DSC_3366-600x400.jpg?ssl=1\" data-amp-layout=\"responsive\"\/><\/figure><\/div><\/div><div class=\"tiled-gallery__row\"><div class=\"tiled-gallery__col\" style=\"flex-basis:50.00000%\"><figure class=\"tiled-gallery__item\"><img decoding=\"async\" data-attachment-id=\"28106\" data-permalink=\"https:\/\/www.cisa-arica.cl\/wp1\/2025\/04\/14\/misa-de-bendicion-de-ramos\/dsc_3374\/\" data-orig-file=\"https:\/\/www.cisa-arica.cl\/wp1\/wp-content\/uploads\/2025\/04\/DSC_3374.jpg\" data-orig-size=\"2048,1367\" data-comments-opened=\"0\" data-image-meta=\"{&quot;aperture&quot;:&quot;2.8&quot;,&quot;credit&quot;:&quot;&quot;,&quot;camera&quot;:&quot;NIKON D7100&quot;,&quot;caption&quot;:&quot;&quot;,&quot;created_timestamp&quot;:&quot;1744483418&quot;,&quot;copyright&quot;:&quot;&quot;,&quot;focal_length&quot;:&quot;50&quot;,&quot;iso&quot;:&quot;400&quot;,&quot;shutter_speed&quot;:&quot;0.00625&quot;,&quot;title&quot;:&quot;&quot;,&quot;orientation&quot;:&quot;0&quot;}\" data-image-title=\"DSC_3374\" data-image-description=\"\" data-image-caption=\"\" data-large-file=\"https:\/\/www.cisa-arica.cl\/wp1\/wp-content\/uploads\/2025\/04\/DSC_3374-600x400.jpg\" data-attachment-id=\"28106\" data-permalink=\"https:\/\/www.cisa-arica.cl\/wp1\/2025\/04\/14\/misa-de-bendicion-de-ramos\/dsc_3374\/\" data-orig-file=\"https:\/\/www.cisa-arica.cl\/wp1\/wp-content\/uploads\/2025\/04\/DSC_3374.jpg\" data-orig-size=\"2048,1367\" data-comments-opened=\"0\" data-image-meta=\"{&quot;aperture&quot;:&quot;2.8&quot;,&quot;credit&quot;:&quot;&quot;,&quot;camera&quot;:&quot;NIKON D7100&quot;,&quot;caption&quot;:&quot;&quot;,&quot;created_timestamp&quot;:&quot;1744483418&quot;,&quot;copyright&quot;:&quot;&quot;,&quot;focal_length&quot;:&quot;50&quot;,&quot;iso&quot;:&quot;400&quot;,&quot;shutter_speed&quot;:&quot;0.00625&quot;,&quot;title&quot;:&quot;&quot;,&quot;orientation&quot;:&quot;0&quot;}\" data-image-title=\"DSC_3374\" data-image-description=\"\" data-image-caption=\"\" data-large-file=\"https:\/\/www.cisa-arica.cl\/wp1\/wp-content\/uploads\/2025\/04\/DSC_3374-600x400.jpg\" role=\"button\" tabindex=\"0\" aria-label=\"Abrir la imagen 33 de 34 en pantalla completa\"srcset=\"https:\/\/i1.wp.com\/www.cisa-arica.cl\/wp1\/wp-content\/uploads\/2025\/04\/DSC_3374-600x400.jpg?strip=info&#038;w=600&#038;ssl=1 600w,https:\/\/i1.wp.com\/www.cisa-arica.cl\/wp1\/wp-content\/uploads\/2025\/04\/DSC_3374-600x400.jpg?strip=info&#038;w=900&#038;ssl=1 900w,https:\/\/i1.wp.com\/www.cisa-arica.cl\/wp1\/wp-content\/uploads\/2025\/04\/DSC_3374-600x400.jpg?strip=info&#038;w=1200&#038;ssl=1 1200w,https:\/\/i1.wp.com\/www.cisa-arica.cl\/wp1\/wp-content\/uploads\/2025\/04\/DSC_3374-600x400.jpg?strip=info&#038;w=1500&#038;ssl=1 1500w,https:\/\/i1.wp.com\/www.cisa-arica.cl\/wp1\/wp-content\/uploads\/2025\/04\/DSC_3374-600x400.jpg?strip=info&#038;w=1800&#038;ssl=1 1800w,https:\/\/i1.wp.com\/www.cisa-arica.cl\/wp1\/wp-content\/uploads\/2025\/04\/DSC_3374-600x400.jpg?strip=info&#038;w=2000&#038;ssl=1 2000w\" alt=\"\" data-height=\"1367\" data-id=\"28106\" data-link=\"https:\/\/www.cisa-arica.cl\/wp1\/?attachment_id=28106\" data-url=\"https:\/\/www.cisa-arica.cl\/wp1\/wp-content\/uploads\/2025\/04\/DSC_3374-600x400.jpg\" data-width=\"2048\" src=\"https:\/\/i1.wp.com\/www.cisa-arica.cl\/wp1\/wp-content\/uploads\/2025\/04\/DSC_3374-600x400.jpg?ssl=1\" data-amp-layout=\"responsive\"\/><\/figure><\/div><div class=\"tiled-gallery__col\" style=\"flex-basis:50.00000%\"><figure class=\"tiled-gallery__item\"><img decoding=\"async\" data-attachment-id=\"28107\" data-permalink=\"https:\/\/www.cisa-arica.cl\/wp1\/2025\/04\/14\/misa-de-bendicion-de-ramos\/dsc_3417\/\" data-orig-file=\"https:\/\/www.cisa-arica.cl\/wp1\/wp-content\/uploads\/2025\/04\/DSC_3417.jpg\" data-orig-size=\"2048,1367\" data-comments-opened=\"0\" data-image-meta=\"{&quot;aperture&quot;:&quot;2.8&quot;,&quot;credit&quot;:&quot;&quot;,&quot;camera&quot;:&quot;NIKON D7100&quot;,&quot;caption&quot;:&quot;&quot;,&quot;created_timestamp&quot;:&quot;1744484885&quot;,&quot;copyright&quot;:&quot;&quot;,&quot;focal_length&quot;:&quot;17&quot;,&quot;iso&quot;:&quot;400&quot;,&quot;shutter_speed&quot;:&quot;0.00625&quot;,&quot;title&quot;:&quot;&quot;,&quot;orientation&quot;:&quot;0&quot;}\" data-image-title=\"DSC_3417\" data-image-description=\"\" data-image-caption=\"\" data-large-file=\"https:\/\/www.cisa-arica.cl\/wp1\/wp-content\/uploads\/2025\/04\/DSC_3417-600x400.jpg\" data-attachment-id=\"28107\" data-permalink=\"https:\/\/www.cisa-arica.cl\/wp1\/2025\/04\/14\/misa-de-bendicion-de-ramos\/dsc_3417\/\" data-orig-file=\"https:\/\/www.cisa-arica.cl\/wp1\/wp-content\/uploads\/2025\/04\/DSC_3417.jpg\" data-orig-size=\"2048,1367\" data-comments-opened=\"0\" data-image-meta=\"{&quot;aperture&quot;:&quot;2.8&quot;,&quot;credit&quot;:&quot;&quot;,&quot;camera&quot;:&quot;NIKON D7100&quot;,&quot;caption&quot;:&quot;&quot;,&quot;created_timestamp&quot;:&quot;1744484885&quot;,&quot;copyright&quot;:&quot;&quot;,&quot;focal_length&quot;:&quot;17&quot;,&quot;iso&quot;:&quot;400&quot;,&quot;shutter_speed&quot;:&quot;0.00625&quot;,&quot;title&quot;:&quot;&quot;,&quot;orientation&quot;:&quot;0&quot;}\" data-image-title=\"DSC_3417\" data-image-description=\"\" data-image-caption=\"\" data-large-file=\"https:\/\/www.cisa-arica.cl\/wp1\/wp-content\/uploads\/2025\/04\/DSC_3417-600x400.jpg\" role=\"button\" tabindex=\"0\" aria-label=\"Abrir la imagen 34 de 34 en pantalla completa\"srcset=\"https:\/\/i0.wp.com\/www.cisa-arica.cl\/wp1\/wp-content\/uploads\/2025\/04\/DSC_3417-600x400.jpg?strip=info&#038;w=600&#038;ssl=1 600w,https:\/\/i0.wp.com\/www.cisa-arica.cl\/wp1\/wp-content\/uploads\/2025\/04\/DSC_3417-600x400.jpg?strip=info&#038;w=900&#038;ssl=1 900w,https:\/\/i0.wp.com\/www.cisa-arica.cl\/wp1\/wp-content\/uploads\/2025\/04\/DSC_3417-600x400.jpg?strip=info&#038;w=1200&#038;ssl=1 1200w,https:\/\/i0.wp.com\/www.cisa-arica.cl\/wp1\/wp-content\/uploads\/2025\/04\/DSC_3417-600x400.jpg?strip=info&#038;w=1500&#038;ssl=1 1500w,https:\/\/i0.wp.com\/www.cisa-arica.cl\/wp1\/wp-content\/uploads\/2025\/04\/DSC_3417-600x400.jpg?strip=info&#038;w=1800&#038;ssl=1 1800w,https:\/\/i0.wp.com\/www.cisa-arica.cl\/wp1\/wp-content\/uploads\/2025\/04\/DSC_3417-600x400.jpg?strip=info&#038;w=2000&#038;ssl=1 2000w\" alt=\"\" data-height=\"1367\" data-id=\"28107\" data-link=\"https:\/\/www.cisa-arica.cl\/wp1\/?attachment_id=28107\" data-url=\"https:\/\/www.cisa-arica.cl\/wp1\/wp-content\/uploads\/2025\/04\/DSC_3417-600x400.jpg\" data-width=\"2048\" src=\"https:\/\/i0.wp.com\/www.cisa-arica.cl\/wp1\/wp-content\/uploads\/2025\/04\/DSC_3417-600x400.jpg?ssl=1\" data-amp-layout=\"responsive\"\/><\/figure><\/div><\/div><\/div><\/div>\n","protected":false},"excerpt":{"rendered":"<p>El s\u00e1bado 12 de abril se llev\u00f3 a cabo, en el patio Esperanza, la Misa de Bendici\u00f3n de Ramos, oficiada por el padre Mario Maldonado. La ceremonia cont\u00f3 con la participaci\u00f3n de numerosas familias de la comunidad, quienes se congregaron para recibir la bendici\u00f3n en un ambiente de recogimiento y fe.<\/p>\n","protected":false},"author":5,"featured_media":28097,"comment_status":"closed","ping_status":"open","sticky":false,"template":"","format":"standard","meta":{"_jetpack_memberships_contains_paid_content":false,"footnotes":"","jetpack_publicize_message":"","jetpack_publicize_feature_enabled":true,"jetpack_social_post_already_shared":true,"jetpack_social_options":{"image_generator_settings":{"template":"highway","default_image_id":0,"font":"","enabled":false},"version":2}},"categories":[5],"tags":[],"class_list":["post-28063","post","type-post","status-publish","format-standard","has-post-thumbnail","hentry","category-uncategorized"],"jetpack_publicize_connections":[],"jetpack_featured_media_url":"https:\/\/www.cisa-arica.cl\/wp1\/wp-content\/uploads\/2025\/04\/DSC_3339.jpg","jetpack_sharing_enabled":true,"jetpack_shortlink":"https:\/\/wp.me\/p84wcz-7iD","jetpack-related-posts":[{"id":28055,"url":"https:\/\/www.cisa-arica.cl\/wp1\/2025\/04\/11\/invitacion-a-la-bendicion-de-ramos\/","url_meta":{"origin":28063,"position":0},"title":"Invitaci\u00f3n a la Bendici\u00f3n de Ramos","author":"Jeannette Rivera","date":"11 de Abril de 2025","format":false,"excerpt":"Estimadas familias: Les invitamos cordialmente a participar en la Misa de este s\u00e1bado 12 de abril, en la que se realizar\u00e1 la Bendici\u00f3n de Ramos. Estos ramos han sido elaborados con mucho cari\u00f1o por las t\u00edas t\u00e9cnicos y algunas estudiantes del colegio, con el deseo de que puedan llevarlos a\u2026","rel":"","context":"Entrada similar ","block_context":{"text":"Entrada similar ","link":""},"img":{"alt_text":"","src":"https:\/\/i0.wp.com\/www.cisa-arica.cl\/wp1\/wp-content\/uploads\/2025\/04\/WhatsApp-Image-2025-04-11-at-1.56.41-PM.jpeg?resize=350%2C200&ssl=1","width":350,"height":200,"srcset":"https:\/\/i0.wp.com\/www.cisa-arica.cl\/wp1\/wp-content\/uploads\/2025\/04\/WhatsApp-Image-2025-04-11-at-1.56.41-PM.jpeg?resize=350%2C200&ssl=1 1x, https:\/\/i0.wp.com\/www.cisa-arica.cl\/wp1\/wp-content\/uploads\/2025\/04\/WhatsApp-Image-2025-04-11-at-1.56.41-PM.jpeg?resize=525%2C300&ssl=1 1.5x, https:\/\/i0.wp.com\/www.cisa-arica.cl\/wp1\/wp-content\/uploads\/2025\/04\/WhatsApp-Image-2025-04-11-at-1.56.41-PM.jpeg?resize=700%2C400&ssl=1 2x"},"classes":[]},{"id":21276,"url":"https:\/\/www.cisa-arica.cl\/wp1\/2023\/08\/09\/misa-por-curso\/","url_meta":{"origin":28063,"position":1},"title":"Misa Prekinder y Kinder","author":"CISA","date":"9 de Agosto de 2023","format":false,"excerpt":"En este mes de agosto se dio inicio a las misas por cursos, las cuales ser\u00e1n al interior de nuestra capilla. En esta oportunidad son las m\u00e1s peque\u00f1itas del colegio quienes recibieron la palabra de Dios y su bendici\u00f3n.","rel":"","context":"Entrada similar ","block_context":{"text":"Entrada similar ","link":""},"img":{"alt_text":"","src":"https:\/\/i0.wp.com\/www.cisa-arica.cl\/wp1\/wp-content\/uploads\/2023\/08\/DSC_9880.jpg?resize=350%2C200&ssl=1","width":350,"height":200,"srcset":"https:\/\/i0.wp.com\/www.cisa-arica.cl\/wp1\/wp-content\/uploads\/2023\/08\/DSC_9880.jpg?resize=350%2C200&ssl=1 1x, https:\/\/i0.wp.com\/www.cisa-arica.cl\/wp1\/wp-content\/uploads\/2023\/08\/DSC_9880.jpg?resize=525%2C300&ssl=1 1.5x, https:\/\/i0.wp.com\/www.cisa-arica.cl\/wp1\/wp-content\/uploads\/2023\/08\/DSC_9880.jpg?resize=700%2C400&ssl=1 2x, https:\/\/i0.wp.com\/www.cisa-arica.cl\/wp1\/wp-content\/uploads\/2023\/08\/DSC_9880.jpg?resize=1050%2C600&ssl=1 3x"},"classes":[]},{"id":22373,"url":"https:\/\/www.cisa-arica.cl\/wp1\/2023\/09\/25\/misa-a-la-chilena\/","url_meta":{"origin":28063,"position":2},"title":"Misa a la Chilena","author":"Jeannette Rivera","date":"25 de Septiembre de 2023","format":false,"excerpt":"Con una eucarist\u00eda celebrada por el padre Jes\u00fas Apiolaza Fern\u00e1ndez, nuestro colegio tuvo su misa a la chilena para agradecer por esta hermosa Patria que tenemos y por nuestra comunidad educativa, el pasado jueves 14 de septiembre. En la ceremonia religiosa se presentaron una serie de s\u00edmbolos relacionados con nuestras\u2026","rel":"","context":"Entrada similar ","block_context":{"text":"Entrada similar ","link":""},"img":{"alt_text":"","src":"https:\/\/i0.wp.com\/www.cisa-arica.cl\/wp1\/wp-content\/uploads\/2023\/09\/IMG_3723.jpg?resize=350%2C200&ssl=1","width":350,"height":200,"srcset":"https:\/\/i0.wp.com\/www.cisa-arica.cl\/wp1\/wp-content\/uploads\/2023\/09\/IMG_3723.jpg?resize=350%2C200&ssl=1 1x, https:\/\/i0.wp.com\/www.cisa-arica.cl\/wp1\/wp-content\/uploads\/2023\/09\/IMG_3723.jpg?resize=525%2C300&ssl=1 1.5x, https:\/\/i0.wp.com\/www.cisa-arica.cl\/wp1\/wp-content\/uploads\/2023\/09\/IMG_3723.jpg?resize=700%2C400&ssl=1 2x, https:\/\/i0.wp.com\/www.cisa-arica.cl\/wp1\/wp-content\/uploads\/2023\/09\/IMG_3723.jpg?resize=1050%2C600&ssl=1 3x, https:\/\/i0.wp.com\/www.cisa-arica.cl\/wp1\/wp-content\/uploads\/2023\/09\/IMG_3723.jpg?resize=1400%2C800&ssl=1 4x"},"classes":[]},{"id":18669,"url":"https:\/\/www.cisa-arica.cl\/wp1\/2022\/12\/06\/misa-cuartos-medios-2022\/","url_meta":{"origin":28063,"position":3},"title":"Misa Cuartos Medios 2022","author":"CISA","date":"6 de Diciembre de 2022","format":false,"excerpt":"Con una hermosa misa precedida por Monse\u00f1or Mois\u00e9s Atisha, nuestro colegio despidi\u00f3 a las estudiantes de los cuartos medios. En la oportunidad participaron Hermanas de la Congregaci\u00f3n Hijas de Santa Ana, estudiantes, profesores y familiares invitados. Fue una misa para agradecer por el camino recorrido y pedir la bendici\u00f3n para\u2026","rel":"","context":"Entrada similar ","block_context":{"text":"Entrada similar ","link":""},"img":{"alt_text":"","src":"https:\/\/i0.wp.com\/www.cisa-arica.cl\/wp1\/wp-content\/uploads\/2022\/12\/DSC_5132.jpg?resize=350%2C200&ssl=1","width":350,"height":200,"srcset":"https:\/\/i0.wp.com\/www.cisa-arica.cl\/wp1\/wp-content\/uploads\/2022\/12\/DSC_5132.jpg?resize=350%2C200&ssl=1 1x, https:\/\/i0.wp.com\/www.cisa-arica.cl\/wp1\/wp-content\/uploads\/2022\/12\/DSC_5132.jpg?resize=525%2C300&ssl=1 1.5x, https:\/\/i0.wp.com\/www.cisa-arica.cl\/wp1\/wp-content\/uploads\/2022\/12\/DSC_5132.jpg?resize=700%2C400&ssl=1 2x, https:\/\/i0.wp.com\/www.cisa-arica.cl\/wp1\/wp-content\/uploads\/2022\/12\/DSC_5132.jpg?resize=1050%2C600&ssl=1 3x"},"classes":[]},{"id":16829,"url":"https:\/\/www.cisa-arica.cl\/wp1\/2022\/07\/28\/dia-de-santa-ana\/","url_meta":{"origin":28063,"position":4},"title":"Renovaci\u00f3n de Votos Hermanas de la Congregaci\u00f3n Hijas de Santa Ana","author":"Jeannette Rivera","date":"28 de Julio de 2022","format":false,"excerpt":"Con una significativa ceremonia las Hermanas de la Congregaci\u00f3n Hijas de Santa Ana, renovaron sus votos frente al altar. En esta ocasi\u00f3n, Monse\u00f1or Mois\u00e9s Atisha fue quien presidio la misa junto a cinco sacerdotes para acompa\u00f1arlas. Asistieron a esta importante renovaci\u00f3n el gobernador Jorge D\u00edaz,\u00a0 representantes del Centro de Padres\u2026","rel":"","context":"Entrada similar ","block_context":{"text":"Entrada similar ","link":""},"img":{"alt_text":"","src":"https:\/\/i0.wp.com\/www.cisa-arica.cl\/wp1\/wp-content\/uploads\/2022\/07\/WhatsApp-Image-2022-07-28-at-1.53.18-AM.jpeg?resize=350%2C200&ssl=1","width":350,"height":200,"srcset":"https:\/\/i0.wp.com\/www.cisa-arica.cl\/wp1\/wp-content\/uploads\/2022\/07\/WhatsApp-Image-2022-07-28-at-1.53.18-AM.jpeg?resize=350%2C200&ssl=1 1x, https:\/\/i0.wp.com\/www.cisa-arica.cl\/wp1\/wp-content\/uploads\/2022\/07\/WhatsApp-Image-2022-07-28-at-1.53.18-AM.jpeg?resize=525%2C300&ssl=1 1.5x, https:\/\/i0.wp.com\/www.cisa-arica.cl\/wp1\/wp-content\/uploads\/2022\/07\/WhatsApp-Image-2022-07-28-at-1.53.18-AM.jpeg?resize=700%2C400&ssl=1 2x"},"classes":[]},{"id":24637,"url":"https:\/\/www.cisa-arica.cl\/wp1\/2024\/03\/21\/misa-de-ramos\/","url_meta":{"origin":28063,"position":5},"title":"Invitaci\u00f3n a Misa de Ramos","author":"Jeannette Rivera","date":"21 de Marzo de 2024","format":false,"excerpt":"Estimados Padres y apoderados: La Comunidad Educativa Colegio Italiano Santa Ana, invita a usted y familia a participar de la Misa de Ramos que se realizar\u00e1 este domingo 24 de marzo en dependencias de nuestro colegio a partir de las 09:30 horas.","rel":"","context":"Entrada similar ","block_context":{"text":"Entrada similar ","link":""},"img":{"alt_text":"","src":"https:\/\/i0.wp.com\/www.cisa-arica.cl\/wp1\/wp-content\/uploads\/2024\/03\/image.png?resize=350%2C200&ssl=1","width":350,"height":200,"srcset":"https:\/\/i0.wp.com\/www.cisa-arica.cl\/wp1\/wp-content\/uploads\/2024\/03\/image.png?resize=350%2C200&ssl=1 1x, https:\/\/i0.wp.com\/www.cisa-arica.cl\/wp1\/wp-content\/uploads\/2024\/03\/image.png?resize=525%2C300&ssl=1 1.5x, https:\/\/i0.wp.com\/www.cisa-arica.cl\/wp1\/wp-content\/uploads\/2024\/03\/image.png?resize=700%2C400&ssl=1 2x"},"classes":[]}],"_links":{"self":[{"href":"https:\/\/www.cisa-arica.cl\/wp1\/wp-json\/wp\/v2\/posts\/28063","targetHints":{"allow":["GET"]}}],"collection":[{"href":"https:\/\/www.cisa-arica.cl\/wp1\/wp-json\/wp\/v2\/posts"}],"about":[{"href":"https:\/\/www.cisa-arica.cl\/wp1\/wp-json\/wp\/v2\/types\/post"}],"author":[{"embeddable":true,"href":"https:\/\/www.cisa-arica.cl\/wp1\/wp-json\/wp\/v2\/users\/5"}],"replies":[{"embeddable":true,"href":"https:\/\/www.cisa-arica.cl\/wp1\/wp-json\/wp\/v2\/comments?post=28063"}],"version-history":[{"count":2,"href":"https:\/\/www.cisa-arica.cl\/wp1\/wp-json\/wp\/v2\/posts\/28063\/revisions"}],"predecessor-version":[{"id":28108,"href":"https:\/\/www.cisa-arica.cl\/wp1\/wp-json\/wp\/v2\/posts\/28063\/revisions\/28108"}],"wp:featuredmedia":[{"embeddable":true,"href":"https:\/\/www.cisa-arica.cl\/wp1\/wp-json\/wp\/v2\/media\/28097"}],"wp:attachment":[{"href":"https:\/\/www.cisa-arica.cl\/wp1\/wp-json\/wp\/v2\/media?parent=28063"}],"wp:term":[{"taxonomy":"category","embeddable":true,"href":"https:\/\/www.cisa-arica.cl\/wp1\/wp-json\/wp\/v2\/categories?post=28063"},{"taxonomy":"post_tag","embeddable":true,"href":"https:\/\/www.cisa-arica.cl\/wp1\/wp-json\/wp\/v2\/tags?post=28063"}],"curies":[{"name":"wp","href":"https:\/\/api.w.org\/{rel}","templated":true}]}}