{"id":28055,"date":"2025-04-11T14:16:13","date_gmt":"2025-04-11T18:16:13","guid":{"rendered":"https:\/\/www.cisa-arica.cl\/wp1\/?p=28055"},"modified":"2025-04-12T14:49:53","modified_gmt":"2025-04-12T18:49:53","slug":"invitacion-a-la-bendicion-de-ramos","status":"publish","type":"post","link":"https:\/\/www.cisa-arica.cl\/wp1\/2025\/04\/11\/invitacion-a-la-bendicion-de-ramos\/","title":{"rendered":"Invitaci\u00f3n a la Bendici\u00f3n de Ramos"},"content":{"rendered":"<div>\n<p class=\"\" data-start=\"129\" data-end=\"152\"><strong data-start=\"129\" data-end=\"152\">Estimadas familias:<\/strong><\/p>\n<p class=\"\" data-start=\"154\" data-end=\"464\">Les invitamos cordialmente a participar en la Misa de este <strong data-start=\"213\" data-end=\"235\">s\u00e1bado 12 de abril<\/strong>, en la que se realizar\u00e1 la <strong data-start=\"263\" data-end=\"285\">Bendici\u00f3n de Ramos<\/strong>. Estos ramos han sido elaborados con mucho cari\u00f1o por las t\u00edas t\u00e9cnicos y algunas estudiantes del colegio, con el deseo de que puedan llevarlos a sus hogares y as\u00ed compartir esta bendici\u00f3n en familia.<\/p>\n<p class=\"\" data-start=\"466\" data-end=\"545\">La convocatoria es a las <strong data-start=\"491\" data-end=\"506\">17:30 horas<\/strong>, con ingreso por calle <strong data-start=\"530\" data-end=\"544\">21 de Mayo<\/strong>.<\/p>\n<p data-start=\"466\" data-end=\"545\">Se estar\u00e1n recibiendo alimentos no perecibles para ir en apoyo de todas nuestras familias que lo necesitan.<\/p>\n<p class=\"\" data-start=\"547\" data-end=\"633\">Los esperamos con el coraz\u00f3n abierto para vivir juntos este momento de fe y comunidad.<\/p>\n<\/div>\n","protected":false},"excerpt":{"rendered":"<p>Estimadas familias: Les invitamos cordialmente a participar en la Misa de este s\u00e1bado 12 de abril, en la que se realizar\u00e1 la Bendici\u00f3n de Ramos. Estos ramos han sido elaborados con mucho cari\u00f1o por las t\u00edas t\u00e9cnicos y algunas estudiantes del colegio, con el deseo de que puedan llevarlos a sus hogares y as\u00ed compartir <a class=\"read-more\" href=\"https:\/\/www.cisa-arica.cl\/wp1\/2025\/04\/11\/invitacion-a-la-bendicion-de-ramos\/\">Continuar leyendo<\/a><\/p>\n","protected":false},"author":5,"featured_media":28056,"comment_status":"closed","ping_status":"open","sticky":false,"template":"","format":"standard","meta":{"_jetpack_memberships_contains_paid_content":false,"footnotes":"","jetpack_publicize_message":"","jetpack_publicize_feature_enabled":true,"jetpack_social_post_already_shared":true,"jetpack_social_options":{"image_generator_settings":{"template":"highway","default_image_id":0,"font":"","enabled":false},"version":2}},"categories":[5],"tags":[],"class_list":["post-28055","post","type-post","status-publish","format-standard","has-post-thumbnail","hentry","category-uncategorized"],"jetpack_publicize_connections":[],"jetpack_featured_media_url":"https:\/\/www.cisa-arica.cl\/wp1\/wp-content\/uploads\/2025\/04\/WhatsApp-Image-2025-04-11-at-1.56.41-PM.jpeg","jetpack_sharing_enabled":true,"jetpack_shortlink":"https:\/\/wp.me\/p84wcz-7iv","jetpack-related-posts":[{"id":28063,"url":"https:\/\/www.cisa-arica.cl\/wp1\/2025\/04\/14\/misa-de-bendicion-de-ramos\/","url_meta":{"origin":28055,"position":0},"title":"Misa de Bendici\u00f3n de Ramos","author":"Jeannette Rivera","date":"14 de Abril de 2025","format":false,"excerpt":"El s\u00e1bado 12 de abril se llev\u00f3 a cabo, en el patio Esperanza, la Misa de Bendici\u00f3n de Ramos, oficiada por el padre Mario Maldonado. La ceremonia cont\u00f3 con la participaci\u00f3n de numerosas familias de la comunidad, quienes se congregaron para recibir la bendici\u00f3n en un ambiente de recogimiento y\u2026","rel":"","context":"Entrada similar ","block_context":{"text":"Entrada similar ","link":""},"img":{"alt_text":"","src":"https:\/\/i0.wp.com\/www.cisa-arica.cl\/wp1\/wp-content\/uploads\/2025\/04\/DSC_3339.jpg?resize=350%2C200&ssl=1","width":350,"height":200,"srcset":"https:\/\/i0.wp.com\/www.cisa-arica.cl\/wp1\/wp-content\/uploads\/2025\/04\/DSC_3339.jpg?resize=350%2C200&ssl=1 1x, https:\/\/i0.wp.com\/www.cisa-arica.cl\/wp1\/wp-content\/uploads\/2025\/04\/DSC_3339.jpg?resize=525%2C300&ssl=1 1.5x, https:\/\/i0.wp.com\/www.cisa-arica.cl\/wp1\/wp-content\/uploads\/2025\/04\/DSC_3339.jpg?resize=700%2C400&ssl=1 2x, https:\/\/i0.wp.com\/www.cisa-arica.cl\/wp1\/wp-content\/uploads\/2025\/04\/DSC_3339.jpg?resize=1050%2C600&ssl=1 3x, https:\/\/i0.wp.com\/www.cisa-arica.cl\/wp1\/wp-content\/uploads\/2025\/04\/DSC_3339.jpg?resize=1400%2C800&ssl=1 4x"},"classes":[]},{"id":28466,"url":"https:\/\/www.cisa-arica.cl\/wp1\/2025\/06\/11\/invitacion-a-vivir-pentecostes-en-familia\/","url_meta":{"origin":28055,"position":1},"title":"Invitaci\u00f3n a vivir Pentecost\u00e9s en familia","author":"Jeannette Rivera","date":"11 de Junio de 2025","format":false,"excerpt":"Estimada Comunidad: Con cari\u00f1o se invita a todos los miembros de la Comunidad Educativa a vivir\u00a0 juntos el encuentro de Pentecost\u00e9s y recibir la bendici\u00f3n del Esp\u00edritu Santo de Dios. Esperamos a todas las familias de nuestro Colegio para el d\u00eda VIERNES 13 DE JUNIO DE 18.00 A 20.00 HRS.\u00a0en\u2026","rel":"","context":"Entrada similar ","block_context":{"text":"Entrada similar ","link":""},"img":{"alt_text":"","src":"https:\/\/i0.wp.com\/www.cisa-arica.cl\/wp1\/wp-content\/uploads\/2025\/06\/Imagen-de-WhatsApp-2025-06-09-a-las-11.37.41_08f6e34a.jpg?resize=350%2C200&ssl=1","width":350,"height":200,"srcset":"https:\/\/i0.wp.com\/www.cisa-arica.cl\/wp1\/wp-content\/uploads\/2025\/06\/Imagen-de-WhatsApp-2025-06-09-a-las-11.37.41_08f6e34a.jpg?resize=350%2C200&ssl=1 1x, https:\/\/i0.wp.com\/www.cisa-arica.cl\/wp1\/wp-content\/uploads\/2025\/06\/Imagen-de-WhatsApp-2025-06-09-a-las-11.37.41_08f6e34a.jpg?resize=525%2C300&ssl=1 1.5x, https:\/\/i0.wp.com\/www.cisa-arica.cl\/wp1\/wp-content\/uploads\/2025\/06\/Imagen-de-WhatsApp-2025-06-09-a-las-11.37.41_08f6e34a.jpg?resize=700%2C400&ssl=1 2x, https:\/\/i0.wp.com\/www.cisa-arica.cl\/wp1\/wp-content\/uploads\/2025\/06\/Imagen-de-WhatsApp-2025-06-09-a-las-11.37.41_08f6e34a.jpg?resize=1050%2C600&ssl=1 3x"},"classes":[]},{"id":21276,"url":"https:\/\/www.cisa-arica.cl\/wp1\/2023\/08\/09\/misa-por-curso\/","url_meta":{"origin":28055,"position":2},"title":"Misa Prekinder y Kinder","author":"CISA","date":"9 de Agosto de 2023","format":false,"excerpt":"En este mes de agosto se dio inicio a las misas por cursos, las cuales ser\u00e1n al interior de nuestra capilla. En esta oportunidad son las m\u00e1s peque\u00f1itas del colegio quienes recibieron la palabra de Dios y su bendici\u00f3n.","rel":"","context":"Entrada similar ","block_context":{"text":"Entrada similar ","link":""},"img":{"alt_text":"","src":"https:\/\/i0.wp.com\/www.cisa-arica.cl\/wp1\/wp-content\/uploads\/2023\/08\/DSC_9880.jpg?resize=350%2C200&ssl=1","width":350,"height":200,"srcset":"https:\/\/i0.wp.com\/www.cisa-arica.cl\/wp1\/wp-content\/uploads\/2023\/08\/DSC_9880.jpg?resize=350%2C200&ssl=1 1x, https:\/\/i0.wp.com\/www.cisa-arica.cl\/wp1\/wp-content\/uploads\/2023\/08\/DSC_9880.jpg?resize=525%2C300&ssl=1 1.5x, https:\/\/i0.wp.com\/www.cisa-arica.cl\/wp1\/wp-content\/uploads\/2023\/08\/DSC_9880.jpg?resize=700%2C400&ssl=1 2x, https:\/\/i0.wp.com\/www.cisa-arica.cl\/wp1\/wp-content\/uploads\/2023\/08\/DSC_9880.jpg?resize=1050%2C600&ssl=1 3x"},"classes":[]},{"id":19569,"url":"https:\/\/www.cisa-arica.cl\/wp1\/2023\/03\/31\/invitacion-a-misa-de-ramos\/","url_meta":{"origin":28055,"position":3},"title":"Invitaci\u00f3n a Misa de Ramos","author":"Jeannette Rivera","date":"31 de Marzo de 2023","format":false,"excerpt":"La pastoral del colegio, invita cordialmente a toda la Comunidad del Colegio Italiano Santa Ana y a sus familias, a participar de la Misa de Ramos que se realizar\u00e1 este domingo 02 de Abril a las 09:30 horas al interior de nuestras dependencias.\u00a0 La entrada ser\u00e1 por 21 de Mayo.\u2026","rel":"","context":"Entrada similar ","block_context":{"text":"Entrada similar ","link":""},"img":{"alt_text":"","src":"https:\/\/i0.wp.com\/www.cisa-arica.cl\/wp1\/wp-content\/uploads\/2023\/03\/WhatsApp-Image-2023-03-31-at-08.38.22.jpeg?resize=350%2C200&ssl=1","width":350,"height":200,"srcset":"https:\/\/i0.wp.com\/www.cisa-arica.cl\/wp1\/wp-content\/uploads\/2023\/03\/WhatsApp-Image-2023-03-31-at-08.38.22.jpeg?resize=350%2C200&ssl=1 1x, https:\/\/i0.wp.com\/www.cisa-arica.cl\/wp1\/wp-content\/uploads\/2023\/03\/WhatsApp-Image-2023-03-31-at-08.38.22.jpeg?resize=525%2C300&ssl=1 1.5x, https:\/\/i0.wp.com\/www.cisa-arica.cl\/wp1\/wp-content\/uploads\/2023\/03\/WhatsApp-Image-2023-03-31-at-08.38.22.jpeg?resize=700%2C400&ssl=1 2x"},"classes":[]},{"id":17397,"url":"https:\/\/www.cisa-arica.cl\/wp1\/2022\/10\/05\/celebracion-eucaristia-quintos-basicos\/","url_meta":{"origin":28055,"position":4},"title":"Celebraci\u00f3n Eucarist\u00eda Quintos B\u00e1sicos","author":"Jeannette Rivera","date":"5 de Octubre de 2022","format":false,"excerpt":"Con mucho recogimiento nos unimos al Padre Dios en la Santa Eucarist\u00eda, para dar gracias por los logros de este a\u00f1o escolar y para solicitar a Dios su bendici\u00f3n. Ofrecemos esta eucaristia por aquellos familiares miembros de nuestra comunidad educativa que han partido el encuentro con el Se\u00f1or.","rel":"","context":"Entrada similar ","block_context":{"text":"Entrada similar ","link":""},"img":{"alt_text":"","src":"https:\/\/i0.wp.com\/www.cisa-arica.cl\/wp1\/wp-content\/uploads\/2022\/10\/BF24F2B0-023E-4AA5-BEC3-3EBA4AF4EE06.jpeg?resize=350%2C200&ssl=1","width":350,"height":200,"srcset":"https:\/\/i0.wp.com\/www.cisa-arica.cl\/wp1\/wp-content\/uploads\/2022\/10\/BF24F2B0-023E-4AA5-BEC3-3EBA4AF4EE06.jpeg?resize=350%2C200&ssl=1 1x, https:\/\/i0.wp.com\/www.cisa-arica.cl\/wp1\/wp-content\/uploads\/2022\/10\/BF24F2B0-023E-4AA5-BEC3-3EBA4AF4EE06.jpeg?resize=525%2C300&ssl=1 1.5x, https:\/\/i0.wp.com\/www.cisa-arica.cl\/wp1\/wp-content\/uploads\/2022\/10\/BF24F2B0-023E-4AA5-BEC3-3EBA4AF4EE06.jpeg?resize=700%2C400&ssl=1 2x, https:\/\/i0.wp.com\/www.cisa-arica.cl\/wp1\/wp-content\/uploads\/2022\/10\/BF24F2B0-023E-4AA5-BEC3-3EBA4AF4EE06.jpeg?resize=1050%2C600&ssl=1 3x"},"classes":[]},{"id":28304,"url":"https:\/\/www.cisa-arica.cl\/wp1\/2025\/03\/12\/primer-dia-de-clases\/","url_meta":{"origin":28055,"position":5},"title":"Primer d\u00eda de Clases","author":"Jeannette Rivera","date":"12 de Marzo de 2025","format":false,"excerpt":"Con una liturgia se d\u00edo inicio al primer d\u00eda de Clases junto a las estudiantes y cuerpo docente del colegio. En la oportunidad se dio a conocer la nueva direcci\u00f3n del colegio quien este a\u00f1o asumi\u00f3 la Hermana Lilian Cofr\u00e9 Boisier como Directora del Colegio y la Hermana Alina Vega\u2026","rel":"","context":"Entrada similar ","block_context":{"text":"Entrada similar ","link":""},"img":{"alt_text":"","src":"https:\/\/i0.wp.com\/www.cisa-arica.cl\/wp1\/wp-content\/uploads\/2025\/05\/IMG_0335.jpg?resize=350%2C200&ssl=1","width":350,"height":200,"srcset":"https:\/\/i0.wp.com\/www.cisa-arica.cl\/wp1\/wp-content\/uploads\/2025\/05\/IMG_0335.jpg?resize=350%2C200&ssl=1 1x, https:\/\/i0.wp.com\/www.cisa-arica.cl\/wp1\/wp-content\/uploads\/2025\/05\/IMG_0335.jpg?resize=525%2C300&ssl=1 1.5x, https:\/\/i0.wp.com\/www.cisa-arica.cl\/wp1\/wp-content\/uploads\/2025\/05\/IMG_0335.jpg?resize=700%2C400&ssl=1 2x, https:\/\/i0.wp.com\/www.cisa-arica.cl\/wp1\/wp-content\/uploads\/2025\/05\/IMG_0335.jpg?resize=1050%2C600&ssl=1 3x, https:\/\/i0.wp.com\/www.cisa-arica.cl\/wp1\/wp-content\/uploads\/2025\/05\/IMG_0335.jpg?resize=1400%2C800&ssl=1 4x"},"classes":[]}],"_links":{"self":[{"href":"https:\/\/www.cisa-arica.cl\/wp1\/wp-json\/wp\/v2\/posts\/28055","targetHints":{"allow":["GET"]}}],"collection":[{"href":"https:\/\/www.cisa-arica.cl\/wp1\/wp-json\/wp\/v2\/posts"}],"about":[{"href":"https:\/\/www.cisa-arica.cl\/wp1\/wp-json\/wp\/v2\/types\/post"}],"author":[{"embeddable":true,"href":"https:\/\/www.cisa-arica.cl\/wp1\/wp-json\/wp\/v2\/users\/5"}],"replies":[{"embeddable":true,"href":"https:\/\/www.cisa-arica.cl\/wp1\/wp-json\/wp\/v2\/comments?post=28055"}],"version-history":[{"count":4,"href":"https:\/\/www.cisa-arica.cl\/wp1\/wp-json\/wp\/v2\/posts\/28055\/revisions"}],"predecessor-version":[{"id":28060,"href":"https:\/\/www.cisa-arica.cl\/wp1\/wp-json\/wp\/v2\/posts\/28055\/revisions\/28060"}],"wp:featuredmedia":[{"embeddable":true,"href":"https:\/\/www.cisa-arica.cl\/wp1\/wp-json\/wp\/v2\/media\/28056"}],"wp:attachment":[{"href":"https:\/\/www.cisa-arica.cl\/wp1\/wp-json\/wp\/v2\/media?parent=28055"}],"wp:term":[{"taxonomy":"category","embeddable":true,"href":"https:\/\/www.cisa-arica.cl\/wp1\/wp-json\/wp\/v2\/categories?post=28055"},{"taxonomy":"post_tag","embeddable":true,"href":"https:\/\/www.cisa-arica.cl\/wp1\/wp-json\/wp\/v2\/tags?post=28055"}],"curies":[{"name":"wp","href":"https:\/\/api.w.org\/{rel}","templated":true}]}}