{"id":28008,"date":"2025-03-18T16:37:59","date_gmt":"2025-03-18T20:37:59","guid":{"rendered":"https:\/\/www.cisa-arica.cl\/wp1\/?p=28008"},"modified":"2025-03-26T13:47:59","modified_gmt":"2025-03-26T17:47:59","slug":"estudiante-cisa-es-campeona-sudamericana","status":"publish","type":"post","link":"https:\/\/www.cisa-arica.cl\/wp1\/2025\/03\/18\/estudiante-cisa-es-campeona-sudamericana\/","title":{"rendered":"Estudiante Cisa es Campeona Sudamericana"},"content":{"rendered":"<p>Con mucho orgullo nos complace informar que la estudiante <span style=\"-webkit-text-size-adjust: 100%; font-size: small;\"><b>Sabrina Nicolette Nu\u00f1ez Castillo<\/b>,\u00a0<\/span><span style=\"-webkit-text-size-adjust: 100%; font-size: small;\"> seleccionada nacional, alumna de <b>1\u00b0 medio A de nuestro colegio<\/b>, \u00a0ha obtenido los siguientes resultados en la COMPETENCIA SUDAMERICANA DE TIRO CON ARCO, Categor\u00eda Arco Recurvo Under 15 women,\u00a0 realizado\u00a0 en el Estadio Nacional, Santiago-Chile.<\/span><\/p>\n<div><span style=\"font-size: small;\">&#8211; Sabrina Nu\u00f1ez Castillo se consagra <b>Campeona Sudamericana<\/b>, obteniendo MEDALLA DE ORO\u00a0en Competencia Sudamericana,\u00a0categor\u00eda individual U15W.<\/span><\/div>\n<div><span style=\"font-size: small;\">\u00a0<\/span><\/div>\n<div><span style=\"font-size: small;\">&#8211; Obtiene MEDALLA DE ORO en Competencia Open, categor\u00eda individual U15W<br \/>\n<\/span><\/div>\n<div><span style=\"font-size: small;\">\u00a0<\/span><\/div>\n<div><span style=\"font-size: small;\">&#8211; Obtiene MEDALLA DE PLATA en Competencia Sudamericana, categor\u00eda Equipo Mixto U15.<\/span><\/div>\n<div><span style=\"font-size: small;\">\u00a0<\/span><\/div>\n<div><span style=\"font-size: small;\">Todo esto gracias a su esfuerzo y disciplina, sacrificando diariamente sus tardes libres despu\u00e9s de horarios de clases, lo que involucra meses de entrenamiento en este lindo deporte ol\u00edmpico.<\/span><\/div>\n<div><span style=\"font-size: small;\">Sabrina Nu\u00f1ez actualmente forma parte del &#8220;Programa de Proyecci\u00f3n Deportiva FECHTA &#8221; de la Federaci\u00f3n Chilena de Tiro con Arco.<\/span><\/div>\n<div>\u00a0 \u00a0Nuestras felicitaciones a Sabrina y a su familia por todos los logros alcanzados a tan corta edad y le deseamos que su proyecci\u00f3n deportiva siga creciendo en el tiempo.<\/div>\n<div><img loading=\"lazy\" decoding=\"async\" data-attachment-id=\"28015\" data-permalink=\"https:\/\/www.cisa-arica.cl\/wp1\/2025\/03\/18\/estudiante-cisa-es-campeona-sudamericana\/fb_img_1742171560772-2\/\" data-orig-file=\"https:\/\/www.cisa-arica.cl\/wp1\/wp-content\/uploads\/2025\/03\/FB_IMG_1742171560772-1.jpeg\" data-orig-size=\"1080,770\" data-comments-opened=\"0\" data-image-meta=\"{&quot;aperture&quot;:&quot;0&quot;,&quot;credit&quot;:&quot;&quot;,&quot;camera&quot;:&quot;&quot;,&quot;caption&quot;:&quot;&quot;,&quot;created_timestamp&quot;:&quot;0&quot;,&quot;copyright&quot;:&quot;&quot;,&quot;focal_length&quot;:&quot;0&quot;,&quot;iso&quot;:&quot;0&quot;,&quot;shutter_speed&quot;:&quot;0&quot;,&quot;title&quot;:&quot;&quot;,&quot;orientation&quot;:&quot;0&quot;}\" data-image-title=\"FB_IMG_1742171560772\" data-image-description=\"\" data-image-caption=\"\" data-large-file=\"https:\/\/www.cisa-arica.cl\/wp1\/wp-content\/uploads\/2025\/03\/FB_IMG_1742171560772-1-600x428.jpeg\" class=\"alignnone size-medium wp-image-28015\" src=\"http:\/\/www.cisa-arica.cl\/wp1\/wp-content\/uploads\/2025\/03\/FB_IMG_1742171560772-1-300x214.jpeg\" alt=\"\" width=\"300\" height=\"214\" srcset=\"https:\/\/www.cisa-arica.cl\/wp1\/wp-content\/uploads\/2025\/03\/FB_IMG_1742171560772-1-300x214.jpeg 300w, https:\/\/www.cisa-arica.cl\/wp1\/wp-content\/uploads\/2025\/03\/FB_IMG_1742171560772-1-600x428.jpeg 600w, https:\/\/www.cisa-arica.cl\/wp1\/wp-content\/uploads\/2025\/03\/FB_IMG_1742171560772-1-768x548.jpeg 768w, https:\/\/www.cisa-arica.cl\/wp1\/wp-content\/uploads\/2025\/03\/FB_IMG_1742171560772-1.jpeg 1080w\" sizes=\"auto, (max-width: 300px) 100vw, 300px\" \/> <img loading=\"lazy\" decoding=\"async\" data-attachment-id=\"28016\" data-permalink=\"https:\/\/www.cisa-arica.cl\/wp1\/2025\/03\/18\/estudiante-cisa-es-campeona-sudamericana\/20250316_181555-2\/\" data-orig-file=\"https:\/\/www.cisa-arica.cl\/wp1\/wp-content\/uploads\/2025\/03\/20250316_181555-1-scaled.jpeg\" data-orig-size=\"1920,2560\" data-comments-opened=\"0\" data-image-meta=\"{&quot;aperture&quot;:&quot;1.8&quot;,&quot;credit&quot;:&quot;&quot;,&quot;camera&quot;:&quot;Galaxy A35 5G&quot;,&quot;caption&quot;:&quot;&quot;,&quot;created_timestamp&quot;:&quot;1742148956&quot;,&quot;copyright&quot;:&quot;&quot;,&quot;focal_length&quot;:&quot;4.69&quot;,&quot;iso&quot;:&quot;160&quot;,&quot;shutter_speed&quot;:&quot;0.02&quot;,&quot;title&quot;:&quot;&quot;,&quot;orientation&quot;:&quot;1&quot;}\" data-image-title=\"20250316_181555\" data-image-description=\"\" data-image-caption=\"\" data-large-file=\"https:\/\/www.cisa-arica.cl\/wp1\/wp-content\/uploads\/2025\/03\/20250316_181555-1-450x600.jpeg\" class=\"alignnone size-medium wp-image-28016\" src=\"http:\/\/www.cisa-arica.cl\/wp1\/wp-content\/uploads\/2025\/03\/20250316_181555-1-225x300.jpeg\" alt=\"\" width=\"225\" height=\"300\" srcset=\"https:\/\/www.cisa-arica.cl\/wp1\/wp-content\/uploads\/2025\/03\/20250316_181555-1-225x300.jpeg 225w, https:\/\/www.cisa-arica.cl\/wp1\/wp-content\/uploads\/2025\/03\/20250316_181555-1-450x600.jpeg 450w, https:\/\/www.cisa-arica.cl\/wp1\/wp-content\/uploads\/2025\/03\/20250316_181555-1-768x1024.jpeg 768w, https:\/\/www.cisa-arica.cl\/wp1\/wp-content\/uploads\/2025\/03\/20250316_181555-1-1152x1536.jpeg 1152w, https:\/\/www.cisa-arica.cl\/wp1\/wp-content\/uploads\/2025\/03\/20250316_181555-1-1536x2048.jpeg 1536w, https:\/\/www.cisa-arica.cl\/wp1\/wp-content\/uploads\/2025\/03\/20250316_181555-1-scaled.jpeg 1920w\" sizes=\"auto, (max-width: 225px) 100vw, 225px\" \/> <img loading=\"lazy\" decoding=\"async\" data-attachment-id=\"28017\" data-permalink=\"https:\/\/www.cisa-arica.cl\/wp1\/2025\/03\/18\/estudiante-cisa-es-campeona-sudamericana\/screenshot_20250316_081828_instagram-2\/\" data-orig-file=\"https:\/\/www.cisa-arica.cl\/wp1\/wp-content\/uploads\/2025\/03\/Screenshot_20250316_081828_Instagram-1.jpeg\" data-orig-size=\"1079,1682\" data-comments-opened=\"0\" data-image-meta=\"{&quot;aperture&quot;:&quot;0&quot;,&quot;credit&quot;:&quot;&quot;,&quot;camera&quot;:&quot;&quot;,&quot;caption&quot;:&quot;&quot;,&quot;created_timestamp&quot;:&quot;0&quot;,&quot;copyright&quot;:&quot;&quot;,&quot;focal_length&quot;:&quot;0&quot;,&quot;iso&quot;:&quot;0&quot;,&quot;shutter_speed&quot;:&quot;0&quot;,&quot;title&quot;:&quot;&quot;,&quot;orientation&quot;:&quot;0&quot;}\" data-image-title=\"Screenshot_20250316_081828_Instagram\" data-image-description=\"\" data-image-caption=\"\" data-large-file=\"https:\/\/www.cisa-arica.cl\/wp1\/wp-content\/uploads\/2025\/03\/Screenshot_20250316_081828_Instagram-1-385x600.jpeg\" class=\"alignnone size-medium wp-image-28017\" src=\"http:\/\/www.cisa-arica.cl\/wp1\/wp-content\/uploads\/2025\/03\/Screenshot_20250316_081828_Instagram-1-192x300.jpeg\" alt=\"\" width=\"192\" height=\"300\" srcset=\"https:\/\/www.cisa-arica.cl\/wp1\/wp-content\/uploads\/2025\/03\/Screenshot_20250316_081828_Instagram-1-192x300.jpeg 192w, https:\/\/www.cisa-arica.cl\/wp1\/wp-content\/uploads\/2025\/03\/Screenshot_20250316_081828_Instagram-1-385x600.jpeg 385w, https:\/\/www.cisa-arica.cl\/wp1\/wp-content\/uploads\/2025\/03\/Screenshot_20250316_081828_Instagram-1-768x1197.jpeg 768w, https:\/\/www.cisa-arica.cl\/wp1\/wp-content\/uploads\/2025\/03\/Screenshot_20250316_081828_Instagram-1-985x1536.jpeg 985w, https:\/\/www.cisa-arica.cl\/wp1\/wp-content\/uploads\/2025\/03\/Screenshot_20250316_081828_Instagram-1.jpeg 1079w\" sizes=\"auto, (max-width: 192px) 100vw, 192px\" \/> <img loading=\"lazy\" decoding=\"async\" data-attachment-id=\"28018\" data-permalink=\"https:\/\/www.cisa-arica.cl\/wp1\/2025\/03\/18\/estudiante-cisa-es-campeona-sudamericana\/screenshot_20250315_095950_drive-2\/\" data-orig-file=\"https:\/\/www.cisa-arica.cl\/wp1\/wp-content\/uploads\/2025\/03\/Screenshot_20250315_095950_Drive-1.jpeg\" data-orig-size=\"1363,1001\" data-comments-opened=\"0\" data-image-meta=\"{&quot;aperture&quot;:&quot;0&quot;,&quot;credit&quot;:&quot;&quot;,&quot;camera&quot;:&quot;&quot;,&quot;caption&quot;:&quot;&quot;,&quot;created_timestamp&quot;:&quot;0&quot;,&quot;copyright&quot;:&quot;&quot;,&quot;focal_length&quot;:&quot;0&quot;,&quot;iso&quot;:&quot;0&quot;,&quot;shutter_speed&quot;:&quot;0&quot;,&quot;title&quot;:&quot;&quot;,&quot;orientation&quot;:&quot;0&quot;}\" data-image-title=\"Screenshot_20250315_095950_Drive\" data-image-description=\"\" data-image-caption=\"\" data-large-file=\"https:\/\/www.cisa-arica.cl\/wp1\/wp-content\/uploads\/2025\/03\/Screenshot_20250315_095950_Drive-1-600x441.jpeg\" class=\"alignnone size-medium wp-image-28018\" src=\"http:\/\/www.cisa-arica.cl\/wp1\/wp-content\/uploads\/2025\/03\/Screenshot_20250315_095950_Drive-1-300x220.jpeg\" alt=\"\" width=\"300\" height=\"220\" srcset=\"https:\/\/www.cisa-arica.cl\/wp1\/wp-content\/uploads\/2025\/03\/Screenshot_20250315_095950_Drive-1-300x220.jpeg 300w, https:\/\/www.cisa-arica.cl\/wp1\/wp-content\/uploads\/2025\/03\/Screenshot_20250315_095950_Drive-1-600x441.jpeg 600w, https:\/\/www.cisa-arica.cl\/wp1\/wp-content\/uploads\/2025\/03\/Screenshot_20250315_095950_Drive-1-768x564.jpeg 768w, https:\/\/www.cisa-arica.cl\/wp1\/wp-content\/uploads\/2025\/03\/Screenshot_20250315_095950_Drive-1.jpeg 1363w\" sizes=\"auto, (max-width: 300px) 100vw, 300px\" \/> <img loading=\"lazy\" decoding=\"async\" data-attachment-id=\"28019\" data-permalink=\"https:\/\/www.cisa-arica.cl\/wp1\/2025\/03\/18\/estudiante-cisa-es-campeona-sudamericana\/screenshot_20250313_182427_firefox-2\/\" data-orig-file=\"https:\/\/www.cisa-arica.cl\/wp1\/wp-content\/uploads\/2025\/03\/Screenshot_20250313_182427_Firefox-1.jpeg\" data-orig-size=\"1080,1572\" data-comments-opened=\"0\" data-image-meta=\"{&quot;aperture&quot;:&quot;0&quot;,&quot;credit&quot;:&quot;&quot;,&quot;camera&quot;:&quot;&quot;,&quot;caption&quot;:&quot;&quot;,&quot;created_timestamp&quot;:&quot;0&quot;,&quot;copyright&quot;:&quot;&quot;,&quot;focal_length&quot;:&quot;0&quot;,&quot;iso&quot;:&quot;0&quot;,&quot;shutter_speed&quot;:&quot;0&quot;,&quot;title&quot;:&quot;&quot;,&quot;orientation&quot;:&quot;1&quot;}\" data-image-title=\"Screenshot_20250313_182427_Firefox\" data-image-description=\"\" data-image-caption=\"\" data-large-file=\"https:\/\/www.cisa-arica.cl\/wp1\/wp-content\/uploads\/2025\/03\/Screenshot_20250313_182427_Firefox-1-412x600.jpeg\" class=\"alignnone size-medium wp-image-28019\" src=\"http:\/\/www.cisa-arica.cl\/wp1\/wp-content\/uploads\/2025\/03\/Screenshot_20250313_182427_Firefox-1-206x300.jpeg\" alt=\"\" width=\"206\" height=\"300\" srcset=\"https:\/\/www.cisa-arica.cl\/wp1\/wp-content\/uploads\/2025\/03\/Screenshot_20250313_182427_Firefox-1-206x300.jpeg 206w, https:\/\/www.cisa-arica.cl\/wp1\/wp-content\/uploads\/2025\/03\/Screenshot_20250313_182427_Firefox-1-412x600.jpeg 412w, https:\/\/www.cisa-arica.cl\/wp1\/wp-content\/uploads\/2025\/03\/Screenshot_20250313_182427_Firefox-1-768x1118.jpeg 768w, https:\/\/www.cisa-arica.cl\/wp1\/wp-content\/uploads\/2025\/03\/Screenshot_20250313_182427_Firefox-1-1055x1536.jpeg 1055w, https:\/\/www.cisa-arica.cl\/wp1\/wp-content\/uploads\/2025\/03\/Screenshot_20250313_182427_Firefox-1.jpeg 1080w\" sizes=\"auto, (max-width: 206px) 100vw, 206px\" \/><\/div>\n<div><\/div>\n","protected":false},"excerpt":{"rendered":"<p>Con mucho orgullo nos complace informar que la estudiante Sabrina Nicolette Nu\u00f1ez Castillo,\u00a0 seleccionada nacional, alumna de 1\u00b0 medio A de nuestro colegio, \u00a0ha obtenido los siguientes resultados en la COMPETENCIA SUDAMERICANA DE TIRO CON ARCO, Categor\u00eda Arco Recurvo Under 15 women,\u00a0 realizado\u00a0 en el Estadio Nacional, Santiago-Chile. &#8211; Sabrina Nu\u00f1ez Castillo se consagra Campeona <a class=\"read-more\" href=\"https:\/\/www.cisa-arica.cl\/wp1\/2025\/03\/18\/estudiante-cisa-es-campeona-sudamericana\/\">Continuar leyendo<\/a><\/p>\n","protected":false},"author":5,"featured_media":28015,"comment_status":"closed","ping_status":"open","sticky":false,"template":"","format":"standard","meta":{"_jetpack_memberships_contains_paid_content":false,"footnotes":"","jetpack_publicize_message":"","jetpack_publicize_feature_enabled":true,"jetpack_social_post_already_shared":true,"jetpack_social_options":{"image_generator_settings":{"template":"highway","default_image_id":0,"font":"","enabled":false},"version":2}},"categories":[5],"tags":[],"class_list":["post-28008","post","type-post","status-publish","format-standard","has-post-thumbnail","hentry","category-uncategorized"],"jetpack_publicize_connections":[],"jetpack_featured_media_url":"https:\/\/www.cisa-arica.cl\/wp1\/wp-content\/uploads\/2025\/03\/FB_IMG_1742171560772-1.jpeg","jetpack_sharing_enabled":true,"jetpack_shortlink":"https:\/\/wp.me\/p84wcz-7hK","jetpack-related-posts":[{"id":27333,"url":"https:\/\/www.cisa-arica.cl\/wp1\/2024\/11\/19\/estudiante-cisa-campeona-de-chile-2024\/","url_meta":{"origin":28008,"position":0},"title":"Estudiante Cisa Campeona de Chile 2024","author":"Jeannette Rivera","date":"19 de Noviembre de 2024","format":false,"excerpt":"Como Comunidad Educativa nos enorgullece informar que la estudiante Sabrina N\u00fa\u00f1ez Castillo del 8\u00b0A, deportista de la disciplina de TIRO CON ARCO, del club Ajayu Thaya Arica, e integrante del Programa Promesas Chile del IND,\u00a0 luego de haber participado durante el presente a\u00f1o en cuatro\u00a0 Ranking nacional realizados en la\u2026","rel":"","context":"Entrada similar ","block_context":{"text":"Entrada similar ","link":""},"img":{"alt_text":"","src":"https:\/\/i0.wp.com\/www.cisa-arica.cl\/wp1\/wp-content\/uploads\/2024\/11\/Final-Nacional-3.jpeg?resize=350%2C200&ssl=1","width":350,"height":200,"srcset":"https:\/\/i0.wp.com\/www.cisa-arica.cl\/wp1\/wp-content\/uploads\/2024\/11\/Final-Nacional-3.jpeg?resize=350%2C200&ssl=1 1x, https:\/\/i0.wp.com\/www.cisa-arica.cl\/wp1\/wp-content\/uploads\/2024\/11\/Final-Nacional-3.jpeg?resize=525%2C300&ssl=1 1.5x, https:\/\/i0.wp.com\/www.cisa-arica.cl\/wp1\/wp-content\/uploads\/2024\/11\/Final-Nacional-3.jpeg?resize=700%2C400&ssl=1 2x, https:\/\/i0.wp.com\/www.cisa-arica.cl\/wp1\/wp-content\/uploads\/2024\/11\/Final-Nacional-3.jpeg?resize=1050%2C600&ssl=1 3x"},"classes":[]},{"id":26398,"url":"https:\/\/www.cisa-arica.cl\/wp1\/2024\/08\/26\/estudiante-de-8o-ano-se-destaca-en-torneo-nacional-de-tiro-con-arco\/","url_meta":{"origin":28008,"position":1},"title":"Estudiante de 8\u00ba a\u00f1o se destaca en Torneo Nacional de Tiro con Arco.","author":"Jeannette Rivera","date":"26 de Agosto de 2024","format":false,"excerpt":"Se Informa a toda la Comunidad Educativa que\u00a0 Sabrina N\u00fa\u00f1ez Castillo estudiante del curso 8\u00b0 A deportista del Club Ajayu Thaya Arica,\u00a0 y del Programa Promesas Chile del IND\u00a0 particip\u00f3 en el 3er. Ranking Nacional del deporte TIRO CON ARCO, en categor\u00eda Sub15, realizado en la ciudad de Santiago en\u2026","rel":"","context":"Entrada similar ","block_context":{"text":"Entrada similar ","link":""},"img":{"alt_text":"","src":"https:\/\/i0.wp.com\/www.cisa-arica.cl\/wp1\/wp-content\/uploads\/2024\/08\/IMG_20240327_112653_527.webp?resize=350%2C200&ssl=1","width":350,"height":200,"srcset":"https:\/\/i0.wp.com\/www.cisa-arica.cl\/wp1\/wp-content\/uploads\/2024\/08\/IMG_20240327_112653_527.webp?resize=350%2C200&ssl=1 1x, https:\/\/i0.wp.com\/www.cisa-arica.cl\/wp1\/wp-content\/uploads\/2024\/08\/IMG_20240327_112653_527.webp?resize=525%2C300&ssl=1 1.5x, https:\/\/i0.wp.com\/www.cisa-arica.cl\/wp1\/wp-content\/uploads\/2024\/08\/IMG_20240327_112653_527.webp?resize=700%2C400&ssl=1 2x, https:\/\/i0.wp.com\/www.cisa-arica.cl\/wp1\/wp-content\/uploads\/2024\/08\/IMG_20240327_112653_527.webp?resize=1050%2C600&ssl=1 3x"},"classes":[]},{"id":8719,"url":"https:\/\/www.cisa-arica.cl\/wp1\/2019\/08\/26\/destacada-participacion-de-alumnas-en-gymkana-matematica\/","url_meta":{"origin":28008,"position":2},"title":"Destacada participaci\u00f3n de alumnas en Gymkana Matem\u00e1tica","author":"Jeannette Rivera","date":"26 de Agosto de 2019","format":false,"excerpt":"El viernes pasado delegaciones de alumnas desde 5\u00ba b\u00e1sico a 4\u00ba medio participaron en la IV Gymkhana Escolar Matem\u00e1tica organizada por el PAR Explora CONICYT junto con el Departamento de matem\u00e1tica de la Universidad de Tarapac\u00e1. Las alumnas acompa\u00f1adas por los profesores de nuestro Dpto. de matem\u00e1tica Roberto Tapia y\u2026","rel":"","context":"En &quot;galeria&quot;","block_context":{"text":"galeria","link":"https:\/\/www.cisa-arica.cl\/wp1\/category\/galeria\/"},"img":{"alt_text":"","src":"https:\/\/i0.wp.com\/www.cisa-arica.cl\/wp1\/wp-content\/uploads\/2019\/08\/015-3.jpeg?resize=350%2C200&ssl=1","width":350,"height":200,"srcset":"https:\/\/i0.wp.com\/www.cisa-arica.cl\/wp1\/wp-content\/uploads\/2019\/08\/015-3.jpeg?resize=350%2C200&ssl=1 1x, https:\/\/i0.wp.com\/www.cisa-arica.cl\/wp1\/wp-content\/uploads\/2019\/08\/015-3.jpeg?resize=525%2C300&ssl=1 1.5x, https:\/\/i0.wp.com\/www.cisa-arica.cl\/wp1\/wp-content\/uploads\/2019\/08\/015-3.jpeg?resize=700%2C400&ssl=1 2x, https:\/\/i0.wp.com\/www.cisa-arica.cl\/wp1\/wp-content\/uploads\/2019\/08\/015-3.jpeg?resize=1050%2C600&ssl=1 3x"},"classes":[]},{"id":12176,"url":"https:\/\/www.cisa-arica.cl\/wp1\/2021\/03\/30\/tarjeta-nacional-del-estudiante\/","url_meta":{"origin":28008,"position":3},"title":"Tarjeta Nacional del Estudiante","author":"CISA","date":"30 de Marzo de 2021","format":false,"excerpt":"Estimada Familia Santa Ana. Se informa que para el proceso de obtenci\u00f3n de la TNE (Tarjeta Nacional del Estudiante) y captura fotogr\u00e1fica 2021, es a partir de 5to a\u00f1o de Ense\u00f1anza B\u00e1sica a 4to a\u00f1o medio. Para acceder pueden acercarse a los siguientes puntos: - JUNAEB, Las acacias N\u20222006, horario\u2026","rel":"","context":"Entrada similar ","block_context":{"text":"Entrada similar ","link":""},"img":{"alt_text":"","src":"https:\/\/i0.wp.com\/www.cisa-arica.cl\/wp1\/wp-content\/uploads\/2021\/03\/img_7391.jpg?resize=350%2C200&ssl=1","width":350,"height":200,"srcset":"https:\/\/i0.wp.com\/www.cisa-arica.cl\/wp1\/wp-content\/uploads\/2021\/03\/img_7391.jpg?resize=350%2C200&ssl=1 1x, https:\/\/i0.wp.com\/www.cisa-arica.cl\/wp1\/wp-content\/uploads\/2021\/03\/img_7391.jpg?resize=525%2C300&ssl=1 1.5x, https:\/\/i0.wp.com\/www.cisa-arica.cl\/wp1\/wp-content\/uploads\/2021\/03\/img_7391.jpg?resize=700%2C400&ssl=1 2x"},"classes":[]},{"id":19577,"url":"https:\/\/www.cisa-arica.cl\/wp1\/2023\/03\/31\/destacada-participacion-en-concurso-pictorico\/","url_meta":{"origin":28008,"position":4},"title":"Destacada participaci\u00f3n en Concurso Pict\u00f3rico","author":"Jeannette Rivera","date":"31 de Marzo de 2023","format":false,"excerpt":"Una destacada participaci\u00f3n tuvo la profesora de Artes Cristina Ordo\u00f1ez junto a la estudiante del 4to medio A Constanza Iba\u00f1ez quien obtuvo el tercer lugar en su categor\u00eda, mientras que la profesora obtuvo el segundo lugar. Ambas fueron premiadas por sus respectivos trabajos. Muchas felicitaciones y esperamos que este sea\u2026","rel":"","context":"Entrada similar ","block_context":{"text":"Entrada similar ","link":""},"img":{"alt_text":"","src":"https:\/\/i0.wp.com\/www.cisa-arica.cl\/wp1\/wp-content\/uploads\/2023\/03\/6AAA58AD-6005-487B-AE9E-C6B1E62CBED2.jpeg?resize=350%2C200&ssl=1","width":350,"height":200,"srcset":"https:\/\/i0.wp.com\/www.cisa-arica.cl\/wp1\/wp-content\/uploads\/2023\/03\/6AAA58AD-6005-487B-AE9E-C6B1E62CBED2.jpeg?resize=350%2C200&ssl=1 1x, https:\/\/i0.wp.com\/www.cisa-arica.cl\/wp1\/wp-content\/uploads\/2023\/03\/6AAA58AD-6005-487B-AE9E-C6B1E62CBED2.jpeg?resize=525%2C300&ssl=1 1.5x, https:\/\/i0.wp.com\/www.cisa-arica.cl\/wp1\/wp-content\/uploads\/2023\/03\/6AAA58AD-6005-487B-AE9E-C6B1E62CBED2.jpeg?resize=700%2C400&ssl=1 2x, https:\/\/i0.wp.com\/www.cisa-arica.cl\/wp1\/wp-content\/uploads\/2023\/03\/6AAA58AD-6005-487B-AE9E-C6B1E62CBED2.jpeg?resize=1050%2C600&ssl=1 3x, https:\/\/i0.wp.com\/www.cisa-arica.cl\/wp1\/wp-content\/uploads\/2023\/03\/6AAA58AD-6005-487B-AE9E-C6B1E62CBED2.jpeg?resize=1400%2C800&ssl=1 4x"},"classes":[]},{"id":17434,"url":"https:\/\/www.cisa-arica.cl\/wp1\/2022\/10\/07\/torneo-nacional-de-ajedrez\/","url_meta":{"origin":28008,"position":5},"title":"Torneo Nacional de Ajedrez","author":"Jeannette Rivera","date":"7 de Octubre de 2022","format":false,"excerpt":"Una destacada participaci\u00f3n tuvieron quienes nos representaron como colegio en el Campeonato Nacional Escolar de Ajedrez realizado en la ciudad de Puc\u00f3n. En la oportunidad, nuestro profesor Roberto y su estudiante Lucas fueron quienes se prepararon para viajar y representarnos. Muchas felicitaciones, estamos seguros que esta experiencia ser\u00e1 importante para\u2026","rel":"","context":"Entrada similar ","block_context":{"text":"Entrada similar ","link":""},"img":{"alt_text":"","src":"https:\/\/i0.wp.com\/www.cisa-arica.cl\/wp1\/wp-content\/uploads\/2022\/10\/20E6BE07-48A8-4AE7-8F49-EE8AE24637B5.jpeg?resize=350%2C200&ssl=1","width":350,"height":200,"srcset":"https:\/\/i0.wp.com\/www.cisa-arica.cl\/wp1\/wp-content\/uploads\/2022\/10\/20E6BE07-48A8-4AE7-8F49-EE8AE24637B5.jpeg?resize=350%2C200&ssl=1 1x, https:\/\/i0.wp.com\/www.cisa-arica.cl\/wp1\/wp-content\/uploads\/2022\/10\/20E6BE07-48A8-4AE7-8F49-EE8AE24637B5.jpeg?resize=525%2C300&ssl=1 1.5x, https:\/\/i0.wp.com\/www.cisa-arica.cl\/wp1\/wp-content\/uploads\/2022\/10\/20E6BE07-48A8-4AE7-8F49-EE8AE24637B5.jpeg?resize=700%2C400&ssl=1 2x"},"classes":[]}],"_links":{"self":[{"href":"https:\/\/www.cisa-arica.cl\/wp1\/wp-json\/wp\/v2\/posts\/28008","targetHints":{"allow":["GET"]}}],"collection":[{"href":"https:\/\/www.cisa-arica.cl\/wp1\/wp-json\/wp\/v2\/posts"}],"about":[{"href":"https:\/\/www.cisa-arica.cl\/wp1\/wp-json\/wp\/v2\/types\/post"}],"author":[{"embeddable":true,"href":"https:\/\/www.cisa-arica.cl\/wp1\/wp-json\/wp\/v2\/users\/5"}],"replies":[{"embeddable":true,"href":"https:\/\/www.cisa-arica.cl\/wp1\/wp-json\/wp\/v2\/comments?post=28008"}],"version-history":[{"count":2,"href":"https:\/\/www.cisa-arica.cl\/wp1\/wp-json\/wp\/v2\/posts\/28008\/revisions"}],"predecessor-version":[{"id":28020,"href":"https:\/\/www.cisa-arica.cl\/wp1\/wp-json\/wp\/v2\/posts\/28008\/revisions\/28020"}],"wp:featuredmedia":[{"embeddable":true,"href":"https:\/\/www.cisa-arica.cl\/wp1\/wp-json\/wp\/v2\/media\/28015"}],"wp:attachment":[{"href":"https:\/\/www.cisa-arica.cl\/wp1\/wp-json\/wp\/v2\/media?parent=28008"}],"wp:term":[{"taxonomy":"category","embeddable":true,"href":"https:\/\/www.cisa-arica.cl\/wp1\/wp-json\/wp\/v2\/categories?post=28008"},{"taxonomy":"post_tag","embeddable":true,"href":"https:\/\/www.cisa-arica.cl\/wp1\/wp-json\/wp\/v2\/tags?post=28008"}],"curies":[{"name":"wp","href":"https:\/\/api.w.org\/{rel}","templated":true}]}}