{"id":27999,"date":"2025-03-07T12:09:03","date_gmt":"2025-03-07T16:09:03","guid":{"rendered":"https:\/\/www.cisa-arica.cl\/wp1\/?p=27999"},"modified":"2025-03-07T12:09:03","modified_gmt":"2025-03-07T16:09:03","slug":"horarios-de-clases-2025","status":"publish","type":"post","link":"https:\/\/www.cisa-arica.cl\/wp1\/2025\/03\/07\/horarios-de-clases-2025\/","title":{"rendered":"Horarios de Clases 2025"},"content":{"rendered":"<p>Horarios de Clases a la fecha de hoy los cuales comienzan en su totalidad a partir del lunes 10 de marzo.<\/p>\n<p>Horarios de Educ. B\u00e1sica <a href=\"http:\/\/www.cisa-arica.cl\/wp1\/wp-content\/uploads\/2025\/03\/Horario-basica-2025.pdf\">Horario basica 2025<\/a><\/p>\n<p>Horarios de Educ. Media <a href=\"http:\/\/www.cisa-arica.cl\/wp1\/wp-content\/uploads\/2025\/03\/Horario-media-2025.pdf\">Horario media 2025<\/a><\/p>\n","protected":false},"excerpt":{"rendered":"<p>Horarios de Clases a la fecha de hoy los cuales comienzan en su totalidad a partir del lunes 10 de marzo. Horarios de Educ. B\u00e1sica Horario basica 2025 Horarios de Educ. Media Horario media 2025<\/p>\n","protected":false},"author":5,"featured_media":28002,"comment_status":"closed","ping_status":"open","sticky":false,"template":"","format":"standard","meta":{"_jetpack_memberships_contains_paid_content":false,"footnotes":"","jetpack_publicize_message":"","jetpack_publicize_feature_enabled":true,"jetpack_social_post_already_shared":true,"jetpack_social_options":{"image_generator_settings":{"template":"highway","default_image_id":0,"font":"","enabled":false},"version":2}},"categories":[5],"tags":[],"class_list":["post-27999","post","type-post","status-publish","format-standard","has-post-thumbnail","hentry","category-uncategorized"],"jetpack_publicize_connections":[],"jetpack_featured_media_url":"https:\/\/www.cisa-arica.cl\/wp1\/wp-content\/uploads\/2025\/03\/Documento-A4-Horarios-De-Clases-Ilustrativo-Verde-Y-Blanco.png","jetpack_sharing_enabled":true,"jetpack_shortlink":"https:\/\/wp.me\/p84wcz-7hB","jetpack-related-posts":[{"id":29877,"url":"https:\/\/www.cisa-arica.cl\/wp1\/2026\/03\/17\/horarios-de-clase-2026-ed-basica\/","url_meta":{"origin":27999,"position":0},"title":"Horarios de clase 2026 &#8211; Ed. b\u00e1sica","author":"Marketing","date":"17 de Marzo de 2026","format":false,"excerpt":"\u00a1Hola, Familia CISA! \ud83c\udf1f Queremos que este inicio de a\u00f1o sea lo m\u00e1s organizado y positivo posible. Para que nuestros estudiantes de Educaci\u00f3n B\u00e1sica comiencen sus jornadas con toda la energ\u00eda y claridad, ya hemos subido el documento oficial con sus horarios de clases.\u200bLes animamos a descargar el archivo en\u2026","rel":"","context":"Entrada similar ","block_context":{"text":"Entrada similar ","link":""},"img":{"alt_text":"","src":"https:\/\/i0.wp.com\/www.cisa-arica.cl\/wp1\/wp-content\/uploads\/2026\/03\/Horarios-basica-pag-web.png?resize=350%2C200&ssl=1","width":350,"height":200,"srcset":"https:\/\/i0.wp.com\/www.cisa-arica.cl\/wp1\/wp-content\/uploads\/2026\/03\/Horarios-basica-pag-web.png?resize=350%2C200&ssl=1 1x, https:\/\/i0.wp.com\/www.cisa-arica.cl\/wp1\/wp-content\/uploads\/2026\/03\/Horarios-basica-pag-web.png?resize=525%2C300&ssl=1 1.5x, https:\/\/i0.wp.com\/www.cisa-arica.cl\/wp1\/wp-content\/uploads\/2026\/03\/Horarios-basica-pag-web.png?resize=700%2C400&ssl=1 2x, https:\/\/i0.wp.com\/www.cisa-arica.cl\/wp1\/wp-content\/uploads\/2026\/03\/Horarios-basica-pag-web.png?resize=1050%2C600&ssl=1 3x, https:\/\/i0.wp.com\/www.cisa-arica.cl\/wp1\/wp-content\/uploads\/2026\/03\/Horarios-basica-pag-web.png?resize=1400%2C800&ssl=1 4x"},"classes":[]},{"id":24513,"url":"https:\/\/www.cisa-arica.cl\/wp1\/2024\/03\/04\/puertas-de-acceso-inicio-de-clases\/","url_meta":{"origin":27999,"position":1},"title":"Puertas de Acceso Inicio de Clases","author":"Jeannette Rivera","date":"4 de Marzo de 2024","format":false,"excerpt":"Estimados apoderados: Estos son los accesos para el ingreso al colegio de las estudiantes: Puerta de Arturo Gallo\u00e0 Educ. Parvularia, 1\u00b0 y 2\u00b0 B\u00e1sico. Port\u00f3n de Rafael Sotomayor \u00e03\u00b0 a 6\u00b0 Educ. B\u00e1sica. Puerta de 21 de Mayo \u00e0 7\u00b0B\u00e1sico a 4\u00b0 Medio Para la hora de salida, \u00e9sta se\u2026","rel":"","context":"Entrada similar ","block_context":{"text":"Entrada similar ","link":""},"img":{"alt_text":"","src":"","width":0,"height":0},"classes":[]},{"id":24515,"url":"https:\/\/www.cisa-arica.cl\/wp1\/2024\/03\/08\/horarios-de-clases-2024-por-cursos\/","url_meta":{"origin":27999,"position":2},"title":"Horarios de Clases 2024 por cursos","author":"Jeannette Rivera","date":"8 de Marzo de 2024","format":false,"excerpt":"Estimados padres y apoderados: Se env\u00edan link con los horarios de los distintos cursos, los cuales pueden ser descargados. Se les recuerda que desde el lunes 11 de marzo, todas las estudiantes saldr\u00e1n de clases de acuerdo a la jornada de cada curso, por lo que es necesario respetar los\u2026","rel":"","context":"Entrada similar ","block_context":{"text":"Entrada similar ","link":""},"img":{"alt_text":"","src":"https:\/\/i0.wp.com\/www.cisa-arica.cl\/wp1\/wp-content\/uploads\/2023\/10\/WhatsApp-Image-2023-09-26-at-14.48.14.jpeg?resize=350%2C200&ssl=1","width":350,"height":200,"srcset":"https:\/\/i0.wp.com\/www.cisa-arica.cl\/wp1\/wp-content\/uploads\/2023\/10\/WhatsApp-Image-2023-09-26-at-14.48.14.jpeg?resize=350%2C200&ssl=1 1x, https:\/\/i0.wp.com\/www.cisa-arica.cl\/wp1\/wp-content\/uploads\/2023\/10\/WhatsApp-Image-2023-09-26-at-14.48.14.jpeg?resize=525%2C300&ssl=1 1.5x, https:\/\/i0.wp.com\/www.cisa-arica.cl\/wp1\/wp-content\/uploads\/2023\/10\/WhatsApp-Image-2023-09-26-at-14.48.14.jpeg?resize=700%2C400&ssl=1 2x, https:\/\/i0.wp.com\/www.cisa-arica.cl\/wp1\/wp-content\/uploads\/2023\/10\/WhatsApp-Image-2023-09-26-at-14.48.14.jpeg?resize=1050%2C600&ssl=1 3x"},"classes":[]},{"id":21180,"url":"https:\/\/www.cisa-arica.cl\/wp1\/2023\/07\/16\/informativo-reingreso-a-clases\/","url_meta":{"origin":27999,"position":3},"title":"INFORMATIVO REINGRESO A CLASES","author":"Jeannette Rivera","date":"16 de Julio de 2023","format":false,"excerpt":"Estimada Comunidad: Esperando que estas dos semana hayan sido de recuperaci\u00f3n de energ\u00eda y un merecido descanso, informamos lo siguiente en relaci\u00f3n al reingreso a clases: -Ma\u00f1ana lunes 17 de julio, es el reingreso oficial a las clases en nuestro colegio. -Los horarios de entrada y salida en los diferentes\u2026","rel":"","context":"Entrada similar ","block_context":{"text":"Entrada similar ","link":""},"img":{"alt_text":"","src":"","width":0,"height":0},"classes":[]},{"id":11120,"url":"https:\/\/www.cisa-arica.cl\/wp1\/2020\/07\/29\/horario-de-clases-de-acercamiento-semana-del-3-al-7-de-agosto\/","url_meta":{"origin":27999,"position":4},"title":"Horarios de &#8220;clases de acercamiento&#8221;. Semana del 3 al 7 de Agosto.","author":"CISA","date":"29 de Julio de 2020","format":false,"excerpt":"Estimada familia Santa Ana. A continuaci\u00f3n presentamos los horarios de cada curso, para el inicio de las clases de acercamiento que van desde el 03 al 07 de Agosto.","rel":"","context":"Entrada similar ","block_context":{"text":"Entrada similar ","link":""},"img":{"alt_text":"","src":"https:\/\/i0.wp.com\/www.cisa-arica.cl\/wp1\/wp-content\/uploads\/2020\/07\/c8678269-3772-4359-a678-02b5230b4bdb.png?resize=350%2C200&ssl=1","width":350,"height":200,"srcset":"https:\/\/i0.wp.com\/www.cisa-arica.cl\/wp1\/wp-content\/uploads\/2020\/07\/c8678269-3772-4359-a678-02b5230b4bdb.png?resize=350%2C200&ssl=1 1x, https:\/\/i0.wp.com\/www.cisa-arica.cl\/wp1\/wp-content\/uploads\/2020\/07\/c8678269-3772-4359-a678-02b5230b4bdb.png?resize=525%2C300&ssl=1 1.5x, https:\/\/i0.wp.com\/www.cisa-arica.cl\/wp1\/wp-content\/uploads\/2020\/07\/c8678269-3772-4359-a678-02b5230b4bdb.png?resize=700%2C400&ssl=1 2x, https:\/\/i0.wp.com\/www.cisa-arica.cl\/wp1\/wp-content\/uploads\/2020\/07\/c8678269-3772-4359-a678-02b5230b4bdb.png?resize=1050%2C600&ssl=1 3x, https:\/\/i0.wp.com\/www.cisa-arica.cl\/wp1\/wp-content\/uploads\/2020\/07\/c8678269-3772-4359-a678-02b5230b4bdb.png?resize=1400%2C800&ssl=1 4x"},"classes":[]},{"id":28597,"url":"https:\/\/www.cisa-arica.cl\/wp1\/2025\/07\/19\/retorno-a-clases-21-de-julio\/","url_meta":{"origin":27999,"position":5},"title":"Retorno a Clases 21 de Julio","author":"Jeannette Rivera","date":"19 de Julio de 2025","format":false,"excerpt":"Estimado(a) Apoderado(a) Reciba usted un cordial saludo. A la espera que hayan disfrutado de este merecido descanso de invierno, informo a usted que retomamos las clases este lunes 21 de julio 2025 en horario normal. Se han modificado los lugares de ingreso y salida de las estudiantes quedando de la\u2026","rel":"","context":"En &quot;CISA&quot;","block_context":{"text":"CISA","link":"https:\/\/www.cisa-arica.cl\/wp1\/category\/cisa\/"},"img":{"alt_text":"","src":"https:\/\/i0.wp.com\/www.cisa-arica.cl\/wp1\/wp-content\/uploads\/2025\/07\/IMG_5399.webp?resize=350%2C200&ssl=1","width":350,"height":200,"srcset":"https:\/\/i0.wp.com\/www.cisa-arica.cl\/wp1\/wp-content\/uploads\/2025\/07\/IMG_5399.webp?resize=350%2C200&ssl=1 1x, https:\/\/i0.wp.com\/www.cisa-arica.cl\/wp1\/wp-content\/uploads\/2025\/07\/IMG_5399.webp?resize=525%2C300&ssl=1 1.5x, https:\/\/i0.wp.com\/www.cisa-arica.cl\/wp1\/wp-content\/uploads\/2025\/07\/IMG_5399.webp?resize=700%2C400&ssl=1 2x, https:\/\/i0.wp.com\/www.cisa-arica.cl\/wp1\/wp-content\/uploads\/2025\/07\/IMG_5399.webp?resize=1050%2C600&ssl=1 3x, https:\/\/i0.wp.com\/www.cisa-arica.cl\/wp1\/wp-content\/uploads\/2025\/07\/IMG_5399.webp?resize=1400%2C800&ssl=1 4x"},"classes":[]}],"_links":{"self":[{"href":"https:\/\/www.cisa-arica.cl\/wp1\/wp-json\/wp\/v2\/posts\/27999","targetHints":{"allow":["GET"]}}],"collection":[{"href":"https:\/\/www.cisa-arica.cl\/wp1\/wp-json\/wp\/v2\/posts"}],"about":[{"href":"https:\/\/www.cisa-arica.cl\/wp1\/wp-json\/wp\/v2\/types\/post"}],"author":[{"embeddable":true,"href":"https:\/\/www.cisa-arica.cl\/wp1\/wp-json\/wp\/v2\/users\/5"}],"replies":[{"embeddable":true,"href":"https:\/\/www.cisa-arica.cl\/wp1\/wp-json\/wp\/v2\/comments?post=27999"}],"version-history":[{"count":1,"href":"https:\/\/www.cisa-arica.cl\/wp1\/wp-json\/wp\/v2\/posts\/27999\/revisions"}],"predecessor-version":[{"id":28003,"href":"https:\/\/www.cisa-arica.cl\/wp1\/wp-json\/wp\/v2\/posts\/27999\/revisions\/28003"}],"wp:featuredmedia":[{"embeddable":true,"href":"https:\/\/www.cisa-arica.cl\/wp1\/wp-json\/wp\/v2\/media\/28002"}],"wp:attachment":[{"href":"https:\/\/www.cisa-arica.cl\/wp1\/wp-json\/wp\/v2\/media?parent=27999"}],"wp:term":[{"taxonomy":"category","embeddable":true,"href":"https:\/\/www.cisa-arica.cl\/wp1\/wp-json\/wp\/v2\/categories?post=27999"},{"taxonomy":"post_tag","embeddable":true,"href":"https:\/\/www.cisa-arica.cl\/wp1\/wp-json\/wp\/v2\/tags?post=27999"}],"curies":[{"name":"wp","href":"https:\/\/api.w.org\/{rel}","templated":true}]}}