{"id":26479,"date":"2024-08-30T17:13:22","date_gmt":"2024-08-30T21:13:22","guid":{"rendered":"https:\/\/www.cisa-arica.cl\/wp1\/?p=26479"},"modified":"2024-09-02T20:16:00","modified_gmt":"2024-09-03T00:16:00","slug":"misa-de-los-segundos-anos-basicos","status":"publish","type":"post","link":"https:\/\/www.cisa-arica.cl\/wp1\/2024\/08\/30\/misa-de-los-segundos-anos-basicos\/","title":{"rendered":"Misa de los Segundos A\u00f1os B\u00e1sicos"},"content":{"rendered":"<p>El pasado jueves 29 de agosto los segundos a\u00f1os b\u00e1sicos dedicaron sus oraciones en la Misa \u00a0junto a la \u00a0Hermana Lilian, sus profesoras, t\u00e9cnicos y apoderados que acompa\u00f1aron a las estudiantes. La misa fue presidida por el padre Mario.<\/p>\n<p>\u00a0<\/p>\n\n\n<div class=\"wp-block-jetpack-tiled-gallery aligncenter is-style-rectangular\"><div class=\"tiled-gallery__gallery\"><div class=\"tiled-gallery__row\"><div class=\"tiled-gallery__col\" style=\"flex-basis:46.64980%\"><figure class=\"tiled-gallery__item\"><img decoding=\"async\" data-attachment-id=\"26481\" data-permalink=\"https:\/\/www.cisa-arica.cl\/wp1\/2024\/08\/30\/misa-de-los-segundos-anos-basicos\/174b53d7-44c7-46da-984c-03d8ddc8e439\/\" data-orig-file=\"https:\/\/www.cisa-arica.cl\/wp1\/wp-content\/uploads\/2024\/09\/174b53d7-44c7-46da-984c-03d8ddc8e439.jpeg\" data-orig-size=\"1280,960\" data-comments-opened=\"0\" data-image-meta=\"{&quot;aperture&quot;:&quot;0&quot;,&quot;credit&quot;:&quot;&quot;,&quot;camera&quot;:&quot;&quot;,&quot;caption&quot;:&quot;&quot;,&quot;created_timestamp&quot;:&quot;1724942322&quot;,&quot;copyright&quot;:&quot;&quot;,&quot;focal_length&quot;:&quot;0&quot;,&quot;iso&quot;:&quot;0&quot;,&quot;shutter_speed&quot;:&quot;0&quot;,&quot;title&quot;:&quot;&quot;,&quot;orientation&quot;:&quot;1&quot;}\" data-image-title=\"174b53d7-44c7-46da-984c-03d8ddc8e439\" data-image-description=\"\" data-image-caption=\"\" data-large-file=\"https:\/\/www.cisa-arica.cl\/wp1\/wp-content\/uploads\/2024\/09\/174b53d7-44c7-46da-984c-03d8ddc8e439-600x450.jpeg\" data-attachment-id=\"26481\" data-permalink=\"https:\/\/www.cisa-arica.cl\/wp1\/2024\/08\/30\/misa-de-los-segundos-anos-basicos\/174b53d7-44c7-46da-984c-03d8ddc8e439\/\" data-orig-file=\"https:\/\/www.cisa-arica.cl\/wp1\/wp-content\/uploads\/2024\/09\/174b53d7-44c7-46da-984c-03d8ddc8e439.jpeg\" data-orig-size=\"1280,960\" data-comments-opened=\"0\" data-image-meta=\"{&quot;aperture&quot;:&quot;0&quot;,&quot;credit&quot;:&quot;&quot;,&quot;camera&quot;:&quot;&quot;,&quot;caption&quot;:&quot;&quot;,&quot;created_timestamp&quot;:&quot;1724942322&quot;,&quot;copyright&quot;:&quot;&quot;,&quot;focal_length&quot;:&quot;0&quot;,&quot;iso&quot;:&quot;0&quot;,&quot;shutter_speed&quot;:&quot;0&quot;,&quot;title&quot;:&quot;&quot;,&quot;orientation&quot;:&quot;1&quot;}\" data-image-title=\"174b53d7-44c7-46da-984c-03d8ddc8e439\" data-image-description=\"\" data-image-caption=\"\" data-large-file=\"https:\/\/www.cisa-arica.cl\/wp1\/wp-content\/uploads\/2024\/09\/174b53d7-44c7-46da-984c-03d8ddc8e439-600x450.jpeg\" role=\"button\" tabindex=\"0\" aria-label=\"Abrir la imagen 1 de 5 en pantalla completa\"srcset=\"https:\/\/i1.wp.com\/www.cisa-arica.cl\/wp1\/wp-content\/uploads\/2024\/09\/174b53d7-44c7-46da-984c-03d8ddc8e439-600x450.jpeg?strip=info&#038;w=600&#038;ssl=1 600w,https:\/\/i1.wp.com\/www.cisa-arica.cl\/wp1\/wp-content\/uploads\/2024\/09\/174b53d7-44c7-46da-984c-03d8ddc8e439-600x450.jpeg?strip=info&#038;w=900&#038;ssl=1 900w,https:\/\/i1.wp.com\/www.cisa-arica.cl\/wp1\/wp-content\/uploads\/2024\/09\/174b53d7-44c7-46da-984c-03d8ddc8e439-600x450.jpeg?strip=info&#038;w=1200&#038;ssl=1 1200w,https:\/\/i1.wp.com\/www.cisa-arica.cl\/wp1\/wp-content\/uploads\/2024\/09\/174b53d7-44c7-46da-984c-03d8ddc8e439-600x450.jpeg?strip=info&#038;w=1280&#038;ssl=1 1280w\" alt=\"\" data-height=\"960\" data-id=\"26481\" data-link=\"https:\/\/www.cisa-arica.cl\/wp1\/?attachment_id=26481\" data-url=\"https:\/\/www.cisa-arica.cl\/wp1\/wp-content\/uploads\/2024\/09\/174b53d7-44c7-46da-984c-03d8ddc8e439-600x450.jpeg\" data-width=\"1280\" src=\"https:\/\/i1.wp.com\/www.cisa-arica.cl\/wp1\/wp-content\/uploads\/2024\/09\/174b53d7-44c7-46da-984c-03d8ddc8e439-600x450.jpeg?ssl=1\" data-amp-layout=\"responsive\"\/><\/figure><figure class=\"tiled-gallery__item\"><img decoding=\"async\" data-attachment-id=\"26482\" data-permalink=\"https:\/\/www.cisa-arica.cl\/wp1\/2024\/08\/30\/misa-de-los-segundos-anos-basicos\/d85f07ad-1fb4-435e-ac53-212baa6f9a2e\/\" data-orig-file=\"https:\/\/www.cisa-arica.cl\/wp1\/wp-content\/uploads\/2024\/09\/d85f07ad-1fb4-435e-ac53-212baa6f9a2e.jpeg\" data-orig-size=\"1280,960\" data-comments-opened=\"0\" data-image-meta=\"{&quot;aperture&quot;:&quot;0&quot;,&quot;credit&quot;:&quot;&quot;,&quot;camera&quot;:&quot;&quot;,&quot;caption&quot;:&quot;&quot;,&quot;created_timestamp&quot;:&quot;1724942322&quot;,&quot;copyright&quot;:&quot;&quot;,&quot;focal_length&quot;:&quot;0&quot;,&quot;iso&quot;:&quot;0&quot;,&quot;shutter_speed&quot;:&quot;0&quot;,&quot;title&quot;:&quot;&quot;,&quot;orientation&quot;:&quot;1&quot;}\" data-image-title=\"d85f07ad-1fb4-435e-ac53-212baa6f9a2e\" data-image-description=\"\" data-image-caption=\"\" data-large-file=\"https:\/\/www.cisa-arica.cl\/wp1\/wp-content\/uploads\/2024\/09\/d85f07ad-1fb4-435e-ac53-212baa6f9a2e-600x450.jpeg\" data-attachment-id=\"26482\" data-permalink=\"https:\/\/www.cisa-arica.cl\/wp1\/2024\/08\/30\/misa-de-los-segundos-anos-basicos\/d85f07ad-1fb4-435e-ac53-212baa6f9a2e\/\" data-orig-file=\"https:\/\/www.cisa-arica.cl\/wp1\/wp-content\/uploads\/2024\/09\/d85f07ad-1fb4-435e-ac53-212baa6f9a2e.jpeg\" data-orig-size=\"1280,960\" data-comments-opened=\"0\" data-image-meta=\"{&quot;aperture&quot;:&quot;0&quot;,&quot;credit&quot;:&quot;&quot;,&quot;camera&quot;:&quot;&quot;,&quot;caption&quot;:&quot;&quot;,&quot;created_timestamp&quot;:&quot;1724942322&quot;,&quot;copyright&quot;:&quot;&quot;,&quot;focal_length&quot;:&quot;0&quot;,&quot;iso&quot;:&quot;0&quot;,&quot;shutter_speed&quot;:&quot;0&quot;,&quot;title&quot;:&quot;&quot;,&quot;orientation&quot;:&quot;1&quot;}\" data-image-title=\"d85f07ad-1fb4-435e-ac53-212baa6f9a2e\" data-image-description=\"\" data-image-caption=\"\" data-large-file=\"https:\/\/www.cisa-arica.cl\/wp1\/wp-content\/uploads\/2024\/09\/d85f07ad-1fb4-435e-ac53-212baa6f9a2e-600x450.jpeg\" role=\"button\" tabindex=\"0\" aria-label=\"Abrir la imagen 2 de 5 en pantalla completa\"srcset=\"https:\/\/i1.wp.com\/www.cisa-arica.cl\/wp1\/wp-content\/uploads\/2024\/09\/d85f07ad-1fb4-435e-ac53-212baa6f9a2e-600x450.jpeg?strip=info&#038;w=600&#038;ssl=1 600w,https:\/\/i1.wp.com\/www.cisa-arica.cl\/wp1\/wp-content\/uploads\/2024\/09\/d85f07ad-1fb4-435e-ac53-212baa6f9a2e-600x450.jpeg?strip=info&#038;w=900&#038;ssl=1 900w,https:\/\/i1.wp.com\/www.cisa-arica.cl\/wp1\/wp-content\/uploads\/2024\/09\/d85f07ad-1fb4-435e-ac53-212baa6f9a2e-600x450.jpeg?strip=info&#038;w=1200&#038;ssl=1 1200w,https:\/\/i1.wp.com\/www.cisa-arica.cl\/wp1\/wp-content\/uploads\/2024\/09\/d85f07ad-1fb4-435e-ac53-212baa6f9a2e-600x450.jpeg?strip=info&#038;w=1280&#038;ssl=1 1280w\" alt=\"\" data-height=\"960\" data-id=\"26482\" data-link=\"https:\/\/www.cisa-arica.cl\/wp1\/?attachment_id=26482\" data-url=\"https:\/\/www.cisa-arica.cl\/wp1\/wp-content\/uploads\/2024\/09\/d85f07ad-1fb4-435e-ac53-212baa6f9a2e-600x450.jpeg\" data-width=\"1280\" src=\"https:\/\/i1.wp.com\/www.cisa-arica.cl\/wp1\/wp-content\/uploads\/2024\/09\/d85f07ad-1fb4-435e-ac53-212baa6f9a2e-600x450.jpeg?ssl=1\" data-amp-layout=\"responsive\"\/><\/figure><\/div><div class=\"tiled-gallery__col\" style=\"flex-basis:53.35020%\"><figure class=\"tiled-gallery__item\"><img decoding=\"async\" data-attachment-id=\"26483\" data-permalink=\"https:\/\/www.cisa-arica.cl\/wp1\/2024\/08\/30\/misa-de-los-segundos-anos-basicos\/ac895146-05ac-46dc-aabf-d88643012a8d\/\" data-orig-file=\"https:\/\/www.cisa-arica.cl\/wp1\/wp-content\/uploads\/2024\/09\/ac895146-05ac-46dc-aabf-d88643012a8d.jpeg\" data-orig-size=\"960,1280\" data-comments-opened=\"0\" data-image-meta=\"{&quot;aperture&quot;:&quot;0&quot;,&quot;credit&quot;:&quot;&quot;,&quot;camera&quot;:&quot;&quot;,&quot;caption&quot;:&quot;&quot;,&quot;created_timestamp&quot;:&quot;1724942322&quot;,&quot;copyright&quot;:&quot;&quot;,&quot;focal_length&quot;:&quot;0&quot;,&quot;iso&quot;:&quot;0&quot;,&quot;shutter_speed&quot;:&quot;0&quot;,&quot;title&quot;:&quot;&quot;,&quot;orientation&quot;:&quot;1&quot;}\" data-image-title=\"ac895146-05ac-46dc-aabf-d88643012a8d\" data-image-description=\"\" data-image-caption=\"\" data-large-file=\"https:\/\/www.cisa-arica.cl\/wp1\/wp-content\/uploads\/2024\/09\/ac895146-05ac-46dc-aabf-d88643012a8d-450x600.jpeg\" data-attachment-id=\"26483\" data-permalink=\"https:\/\/www.cisa-arica.cl\/wp1\/2024\/08\/30\/misa-de-los-segundos-anos-basicos\/ac895146-05ac-46dc-aabf-d88643012a8d\/\" data-orig-file=\"https:\/\/www.cisa-arica.cl\/wp1\/wp-content\/uploads\/2024\/09\/ac895146-05ac-46dc-aabf-d88643012a8d.jpeg\" data-orig-size=\"960,1280\" data-comments-opened=\"0\" data-image-meta=\"{&quot;aperture&quot;:&quot;0&quot;,&quot;credit&quot;:&quot;&quot;,&quot;camera&quot;:&quot;&quot;,&quot;caption&quot;:&quot;&quot;,&quot;created_timestamp&quot;:&quot;1724942322&quot;,&quot;copyright&quot;:&quot;&quot;,&quot;focal_length&quot;:&quot;0&quot;,&quot;iso&quot;:&quot;0&quot;,&quot;shutter_speed&quot;:&quot;0&quot;,&quot;title&quot;:&quot;&quot;,&quot;orientation&quot;:&quot;1&quot;}\" data-image-title=\"ac895146-05ac-46dc-aabf-d88643012a8d\" data-image-description=\"\" data-image-caption=\"\" data-large-file=\"https:\/\/www.cisa-arica.cl\/wp1\/wp-content\/uploads\/2024\/09\/ac895146-05ac-46dc-aabf-d88643012a8d-450x600.jpeg\" role=\"button\" tabindex=\"0\" aria-label=\"Abrir la imagen 3 de 5 en pantalla completa\"srcset=\"https:\/\/i1.wp.com\/www.cisa-arica.cl\/wp1\/wp-content\/uploads\/2024\/09\/ac895146-05ac-46dc-aabf-d88643012a8d-450x600.jpeg?strip=info&#038;w=600&#038;ssl=1 600w,https:\/\/i1.wp.com\/www.cisa-arica.cl\/wp1\/wp-content\/uploads\/2024\/09\/ac895146-05ac-46dc-aabf-d88643012a8d-450x600.jpeg?strip=info&#038;w=900&#038;ssl=1 900w,https:\/\/i1.wp.com\/www.cisa-arica.cl\/wp1\/wp-content\/uploads\/2024\/09\/ac895146-05ac-46dc-aabf-d88643012a8d-450x600.jpeg?strip=info&#038;w=960&#038;ssl=1 960w\" alt=\"\" data-height=\"1280\" data-id=\"26483\" data-link=\"https:\/\/www.cisa-arica.cl\/wp1\/?attachment_id=26483\" data-url=\"https:\/\/www.cisa-arica.cl\/wp1\/wp-content\/uploads\/2024\/09\/ac895146-05ac-46dc-aabf-d88643012a8d-450x600.jpeg\" data-width=\"960\" src=\"https:\/\/i1.wp.com\/www.cisa-arica.cl\/wp1\/wp-content\/uploads\/2024\/09\/ac895146-05ac-46dc-aabf-d88643012a8d-450x600.jpeg?ssl=1\" data-amp-layout=\"responsive\"\/><\/figure><\/div><\/div><div class=\"tiled-gallery__row\"><div class=\"tiled-gallery__col\" style=\"flex-basis:50.00000%\"><figure class=\"tiled-gallery__item\"><img decoding=\"async\" data-attachment-id=\"26484\" data-permalink=\"https:\/\/www.cisa-arica.cl\/wp1\/2024\/08\/30\/misa-de-los-segundos-anos-basicos\/20b08140-73c9-40be-9ce1-a7732eaabbfb\/\" data-orig-file=\"https:\/\/www.cisa-arica.cl\/wp1\/wp-content\/uploads\/2024\/09\/20b08140-73c9-40be-9ce1-a7732eaabbfb.jpeg\" data-orig-size=\"1280,960\" data-comments-opened=\"0\" data-image-meta=\"{&quot;aperture&quot;:&quot;0&quot;,&quot;credit&quot;:&quot;&quot;,&quot;camera&quot;:&quot;&quot;,&quot;caption&quot;:&quot;&quot;,&quot;created_timestamp&quot;:&quot;1724942321&quot;,&quot;copyright&quot;:&quot;&quot;,&quot;focal_length&quot;:&quot;0&quot;,&quot;iso&quot;:&quot;0&quot;,&quot;shutter_speed&quot;:&quot;0&quot;,&quot;title&quot;:&quot;&quot;,&quot;orientation&quot;:&quot;1&quot;}\" data-image-title=\"20b08140-73c9-40be-9ce1-a7732eaabbfb\" data-image-description=\"\" data-image-caption=\"\" data-large-file=\"https:\/\/www.cisa-arica.cl\/wp1\/wp-content\/uploads\/2024\/09\/20b08140-73c9-40be-9ce1-a7732eaabbfb-600x450.jpeg\" data-attachment-id=\"26484\" data-permalink=\"https:\/\/www.cisa-arica.cl\/wp1\/2024\/08\/30\/misa-de-los-segundos-anos-basicos\/20b08140-73c9-40be-9ce1-a7732eaabbfb\/\" data-orig-file=\"https:\/\/www.cisa-arica.cl\/wp1\/wp-content\/uploads\/2024\/09\/20b08140-73c9-40be-9ce1-a7732eaabbfb.jpeg\" data-orig-size=\"1280,960\" data-comments-opened=\"0\" data-image-meta=\"{&quot;aperture&quot;:&quot;0&quot;,&quot;credit&quot;:&quot;&quot;,&quot;camera&quot;:&quot;&quot;,&quot;caption&quot;:&quot;&quot;,&quot;created_timestamp&quot;:&quot;1724942321&quot;,&quot;copyright&quot;:&quot;&quot;,&quot;focal_length&quot;:&quot;0&quot;,&quot;iso&quot;:&quot;0&quot;,&quot;shutter_speed&quot;:&quot;0&quot;,&quot;title&quot;:&quot;&quot;,&quot;orientation&quot;:&quot;1&quot;}\" data-image-title=\"20b08140-73c9-40be-9ce1-a7732eaabbfb\" data-image-description=\"\" data-image-caption=\"\" data-large-file=\"https:\/\/www.cisa-arica.cl\/wp1\/wp-content\/uploads\/2024\/09\/20b08140-73c9-40be-9ce1-a7732eaabbfb-600x450.jpeg\" role=\"button\" tabindex=\"0\" aria-label=\"Abrir la imagen 4 de 5 en pantalla completa\"srcset=\"https:\/\/i0.wp.com\/www.cisa-arica.cl\/wp1\/wp-content\/uploads\/2024\/09\/20b08140-73c9-40be-9ce1-a7732eaabbfb-600x450.jpeg?strip=info&#038;w=600&#038;ssl=1 600w,https:\/\/i0.wp.com\/www.cisa-arica.cl\/wp1\/wp-content\/uploads\/2024\/09\/20b08140-73c9-40be-9ce1-a7732eaabbfb-600x450.jpeg?strip=info&#038;w=900&#038;ssl=1 900w,https:\/\/i0.wp.com\/www.cisa-arica.cl\/wp1\/wp-content\/uploads\/2024\/09\/20b08140-73c9-40be-9ce1-a7732eaabbfb-600x450.jpeg?strip=info&#038;w=1200&#038;ssl=1 1200w,https:\/\/i0.wp.com\/www.cisa-arica.cl\/wp1\/wp-content\/uploads\/2024\/09\/20b08140-73c9-40be-9ce1-a7732eaabbfb-600x450.jpeg?strip=info&#038;w=1280&#038;ssl=1 1280w\" alt=\"\" data-height=\"960\" data-id=\"26484\" data-link=\"https:\/\/www.cisa-arica.cl\/wp1\/?attachment_id=26484\" data-url=\"https:\/\/www.cisa-arica.cl\/wp1\/wp-content\/uploads\/2024\/09\/20b08140-73c9-40be-9ce1-a7732eaabbfb-600x450.jpeg\" data-width=\"1280\" src=\"https:\/\/i0.wp.com\/www.cisa-arica.cl\/wp1\/wp-content\/uploads\/2024\/09\/20b08140-73c9-40be-9ce1-a7732eaabbfb-600x450.jpeg?ssl=1\" data-amp-layout=\"responsive\"\/><\/figure><\/div><div class=\"tiled-gallery__col\" style=\"flex-basis:50.00000%\"><figure class=\"tiled-gallery__item\"><img decoding=\"async\" data-attachment-id=\"26485\" data-permalink=\"https:\/\/www.cisa-arica.cl\/wp1\/2024\/08\/30\/misa-de-los-segundos-anos-basicos\/2d4759b0-2b47-4d10-a547-529764f8c499\/\" data-orig-file=\"https:\/\/www.cisa-arica.cl\/wp1\/wp-content\/uploads\/2024\/09\/2d4759b0-2b47-4d10-a547-529764f8c499.jpeg\" data-orig-size=\"1280,960\" data-comments-opened=\"0\" data-image-meta=\"{&quot;aperture&quot;:&quot;0&quot;,&quot;credit&quot;:&quot;&quot;,&quot;camera&quot;:&quot;&quot;,&quot;caption&quot;:&quot;&quot;,&quot;created_timestamp&quot;:&quot;1724942303&quot;,&quot;copyright&quot;:&quot;&quot;,&quot;focal_length&quot;:&quot;0&quot;,&quot;iso&quot;:&quot;0&quot;,&quot;shutter_speed&quot;:&quot;0&quot;,&quot;title&quot;:&quot;&quot;,&quot;orientation&quot;:&quot;1&quot;}\" data-image-title=\"2d4759b0-2b47-4d10-a547-529764f8c499\" data-image-description=\"\" data-image-caption=\"\" data-large-file=\"https:\/\/www.cisa-arica.cl\/wp1\/wp-content\/uploads\/2024\/09\/2d4759b0-2b47-4d10-a547-529764f8c499-600x450.jpeg\" data-attachment-id=\"26485\" data-permalink=\"https:\/\/www.cisa-arica.cl\/wp1\/2024\/08\/30\/misa-de-los-segundos-anos-basicos\/2d4759b0-2b47-4d10-a547-529764f8c499\/\" data-orig-file=\"https:\/\/www.cisa-arica.cl\/wp1\/wp-content\/uploads\/2024\/09\/2d4759b0-2b47-4d10-a547-529764f8c499.jpeg\" data-orig-size=\"1280,960\" data-comments-opened=\"0\" data-image-meta=\"{&quot;aperture&quot;:&quot;0&quot;,&quot;credit&quot;:&quot;&quot;,&quot;camera&quot;:&quot;&quot;,&quot;caption&quot;:&quot;&quot;,&quot;created_timestamp&quot;:&quot;1724942303&quot;,&quot;copyright&quot;:&quot;&quot;,&quot;focal_length&quot;:&quot;0&quot;,&quot;iso&quot;:&quot;0&quot;,&quot;shutter_speed&quot;:&quot;0&quot;,&quot;title&quot;:&quot;&quot;,&quot;orientation&quot;:&quot;1&quot;}\" data-image-title=\"2d4759b0-2b47-4d10-a547-529764f8c499\" data-image-description=\"\" data-image-caption=\"\" data-large-file=\"https:\/\/www.cisa-arica.cl\/wp1\/wp-content\/uploads\/2024\/09\/2d4759b0-2b47-4d10-a547-529764f8c499-600x450.jpeg\" role=\"button\" tabindex=\"0\" aria-label=\"Abrir la imagen 5 de 5 en pantalla completa\"srcset=\"https:\/\/i1.wp.com\/www.cisa-arica.cl\/wp1\/wp-content\/uploads\/2024\/09\/2d4759b0-2b47-4d10-a547-529764f8c499-600x450.jpeg?strip=info&#038;w=600&#038;ssl=1 600w,https:\/\/i1.wp.com\/www.cisa-arica.cl\/wp1\/wp-content\/uploads\/2024\/09\/2d4759b0-2b47-4d10-a547-529764f8c499-600x450.jpeg?strip=info&#038;w=900&#038;ssl=1 900w,https:\/\/i1.wp.com\/www.cisa-arica.cl\/wp1\/wp-content\/uploads\/2024\/09\/2d4759b0-2b47-4d10-a547-529764f8c499-600x450.jpeg?strip=info&#038;w=1200&#038;ssl=1 1200w,https:\/\/i1.wp.com\/www.cisa-arica.cl\/wp1\/wp-content\/uploads\/2024\/09\/2d4759b0-2b47-4d10-a547-529764f8c499-600x450.jpeg?strip=info&#038;w=1280&#038;ssl=1 1280w\" alt=\"\" data-height=\"960\" data-id=\"26485\" data-link=\"https:\/\/www.cisa-arica.cl\/wp1\/?attachment_id=26485\" data-url=\"https:\/\/www.cisa-arica.cl\/wp1\/wp-content\/uploads\/2024\/09\/2d4759b0-2b47-4d10-a547-529764f8c499-600x450.jpeg\" data-width=\"1280\" src=\"https:\/\/i1.wp.com\/www.cisa-arica.cl\/wp1\/wp-content\/uploads\/2024\/09\/2d4759b0-2b47-4d10-a547-529764f8c499-600x450.jpeg?ssl=1\" data-amp-layout=\"responsive\"\/><\/figure><\/div><\/div><\/div><\/div>\n","protected":false},"excerpt":{"rendered":"<p>El pasado jueves 29 de agosto los segundos a\u00f1os b\u00e1sicos dedicaron sus oraciones en la Misa \u00a0junto a la \u00a0Hermana Lilian, sus profesoras, t\u00e9cnicos y apoderados que acompa\u00f1aron a las estudiantes. La misa fue presidida por el padre Mario. \u00a0<\/p>\n","protected":false},"author":5,"featured_media":26485,"comment_status":"closed","ping_status":"open","sticky":false,"template":"","format":"standard","meta":{"_jetpack_memberships_contains_paid_content":false,"footnotes":"","jetpack_publicize_message":"","jetpack_publicize_feature_enabled":true,"jetpack_social_post_already_shared":true,"jetpack_social_options":{"image_generator_settings":{"template":"highway","default_image_id":0,"font":"","enabled":false},"version":2}},"categories":[5],"tags":[],"class_list":["post-26479","post","type-post","status-publish","format-standard","has-post-thumbnail","hentry","category-uncategorized"],"jetpack_publicize_connections":[],"jetpack_featured_media_url":"https:\/\/www.cisa-arica.cl\/wp1\/wp-content\/uploads\/2024\/09\/2d4759b0-2b47-4d10-a547-529764f8c499.jpeg","jetpack_sharing_enabled":true,"jetpack_shortlink":"https:\/\/wp.me\/p84wcz-6T5","jetpack-related-posts":[{"id":22558,"url":"https:\/\/www.cisa-arica.cl\/wp1\/2023\/08\/31\/misa-de-los-2dos-anos-basicos\/","url_meta":{"origin":26479,"position":0},"title":"Misa de los 2dos a\u00f1os B\u00e1sicos","author":"Jeannette Rivera","date":"31 de Agosto de 2023","format":false,"excerpt":"El mi\u00e9rcoles se realiz\u00f3 la misa de los Segundos a\u00f1os B\u00e1sicos A y B quienes dedicaron su oraci\u00f3n por rezar por las familias y por quienes est\u00e1n enfermos. \u00a0","rel":"","context":"Entrada similar ","block_context":{"text":"Entrada similar ","link":""},"img":{"alt_text":"","src":"https:\/\/i0.wp.com\/www.cisa-arica.cl\/wp1\/wp-content\/uploads\/2023\/08\/IMG_3118-600x400-1.webp?resize=350%2C200&ssl=1","width":350,"height":200,"srcset":"https:\/\/i0.wp.com\/www.cisa-arica.cl\/wp1\/wp-content\/uploads\/2023\/08\/IMG_3118-600x400-1.webp?resize=350%2C200&ssl=1 1x, https:\/\/i0.wp.com\/www.cisa-arica.cl\/wp1\/wp-content\/uploads\/2023\/08\/IMG_3118-600x400-1.webp?resize=525%2C300&ssl=1 1.5x"},"classes":[]},{"id":12922,"url":"https:\/\/www.cisa-arica.cl\/wp1\/2021\/08\/24\/celebracion-eucaristia-segundos-basicos\/","url_meta":{"origin":26479,"position":1},"title":"Celebraci\u00f3n Eucarist\u00eda Segundos B\u00e1sicos","author":"Jeannette Rivera","date":"24 de Agosto de 2021","format":false,"excerpt":"Estimada Comunidad Educativa: Ayer Lunes 23 de agosto se llev\u00f3 a cabo nuestra tercera Misa por curso, la cual correspondi\u00f3 a las alumnas de los 2os B\u00e1sicos, en compa\u00f1\u00eda de sus profesoras y t\u00e9cnicos de aula. \"Sus hijas tan queridas de los segundos b\u00e1sicos han venido a participar de su\u2026","rel":"","context":"En &quot;Pastoral&quot;","block_context":{"text":"Pastoral","link":"https:\/\/www.cisa-arica.cl\/wp1\/category\/pastoral\/"},"img":{"alt_text":"","src":"https:\/\/i0.wp.com\/www.cisa-arica.cl\/wp1\/wp-content\/uploads\/2021\/08\/001.jpg?resize=350%2C200&ssl=1","width":350,"height":200,"srcset":"https:\/\/i0.wp.com\/www.cisa-arica.cl\/wp1\/wp-content\/uploads\/2021\/08\/001.jpg?resize=350%2C200&ssl=1 1x, https:\/\/i0.wp.com\/www.cisa-arica.cl\/wp1\/wp-content\/uploads\/2021\/08\/001.jpg?resize=525%2C300&ssl=1 1.5x, https:\/\/i0.wp.com\/www.cisa-arica.cl\/wp1\/wp-content\/uploads\/2021\/08\/001.jpg?resize=700%2C400&ssl=1 2x, https:\/\/i0.wp.com\/www.cisa-arica.cl\/wp1\/wp-content\/uploads\/2021\/08\/001.jpg?resize=1050%2C600&ssl=1 3x, https:\/\/i0.wp.com\/www.cisa-arica.cl\/wp1\/wp-content\/uploads\/2021\/08\/001.jpg?resize=1400%2C800&ssl=1 4x"},"classes":[]},{"id":26488,"url":"https:\/\/www.cisa-arica.cl\/wp1\/2024\/09\/06\/misa-de-los-terceros-basicos\/","url_meta":{"origin":26479,"position":2},"title":"Misa de los Terceros B\u00e1sicos","author":"Jeannette Rivera","date":"6 de Septiembre de 2024","format":false,"excerpt":"El jueves 05 de septiembre fue el turno de los terceros a\u00f1os b\u00e1sicos para ofrecer a Dios la misa por sus familias. En la oportunidad las estudiantes estuvieron acompa\u00f1adas de sus profesores jefes , t\u00e9cnicos y apoderados invitados.","rel":"","context":"Entrada similar ","block_context":{"text":"Entrada similar ","link":""},"img":{"alt_text":"","src":"https:\/\/i0.wp.com\/www.cisa-arica.cl\/wp1\/wp-content\/uploads\/2024\/09\/WhatsApp-Image-2024-09-05-at-10.27.00-AM.jpeg?resize=350%2C200&ssl=1","width":350,"height":200,"srcset":"https:\/\/i0.wp.com\/www.cisa-arica.cl\/wp1\/wp-content\/uploads\/2024\/09\/WhatsApp-Image-2024-09-05-at-10.27.00-AM.jpeg?resize=350%2C200&ssl=1 1x, https:\/\/i0.wp.com\/www.cisa-arica.cl\/wp1\/wp-content\/uploads\/2024\/09\/WhatsApp-Image-2024-09-05-at-10.27.00-AM.jpeg?resize=525%2C300&ssl=1 1.5x, https:\/\/i0.wp.com\/www.cisa-arica.cl\/wp1\/wp-content\/uploads\/2024\/09\/WhatsApp-Image-2024-09-05-at-10.27.00-AM.jpeg?resize=700%2C400&ssl=1 2x, https:\/\/i0.wp.com\/www.cisa-arica.cl\/wp1\/wp-content\/uploads\/2024\/09\/WhatsApp-Image-2024-09-05-at-10.27.00-AM.jpeg?resize=1050%2C600&ssl=1 3x"},"classes":[]},{"id":22687,"url":"https:\/\/www.cisa-arica.cl\/wp1\/2023\/10\/19\/misa-de-los-septimos-anos-basicos\/","url_meta":{"origin":26479,"position":3},"title":"Misa de los S\u00e9ptimos a\u00f1os B\u00e1sicos","author":"Jeannette Rivera","date":"19 de Octubre de 2023","format":false,"excerpt":"Ayer mi\u00e9rcoles 18 se celebr\u00f3 la misa de los 7\u00ba a\u00f1os B\u00e1sicos A y B en donde nuestras estudiantes junto a sus profesores, Hermanas de la Congregaci\u00f3n y apoderados invitados tuvieron un momento de recogimiento para pedir por la Paz en el Medio Oriente y dar gracias a Dios por\u2026","rel":"","context":"Entrada similar ","block_context":{"text":"Entrada similar ","link":""},"img":{"alt_text":"","src":"https:\/\/i0.wp.com\/www.cisa-arica.cl\/wp1\/wp-content\/uploads\/2023\/11\/IMG_4242-scaled.jpg?resize=350%2C200&ssl=1","width":350,"height":200,"srcset":"https:\/\/i0.wp.com\/www.cisa-arica.cl\/wp1\/wp-content\/uploads\/2023\/11\/IMG_4242-scaled.jpg?resize=350%2C200&ssl=1 1x, https:\/\/i0.wp.com\/www.cisa-arica.cl\/wp1\/wp-content\/uploads\/2023\/11\/IMG_4242-scaled.jpg?resize=525%2C300&ssl=1 1.5x, https:\/\/i0.wp.com\/www.cisa-arica.cl\/wp1\/wp-content\/uploads\/2023\/11\/IMG_4242-scaled.jpg?resize=700%2C400&ssl=1 2x, https:\/\/i0.wp.com\/www.cisa-arica.cl\/wp1\/wp-content\/uploads\/2023\/11\/IMG_4242-scaled.jpg?resize=1050%2C600&ssl=1 3x, https:\/\/i0.wp.com\/www.cisa-arica.cl\/wp1\/wp-content\/uploads\/2023\/11\/IMG_4242-scaled.jpg?resize=1400%2C800&ssl=1 4x"},"classes":[]},{"id":21669,"url":"https:\/\/www.cisa-arica.cl\/wp1\/2023\/08\/25\/misa-primeros-anos-basicos-a-y-b\/","url_meta":{"origin":26479,"position":4},"title":"Misa Primeros a\u00f1os b\u00e1sicos A y B","author":"Jeannette Rivera","date":"25 de Agosto de 2023","format":false,"excerpt":"El mi\u00e9rcoles 23, los primeros b\u00e1sicos participaron de la misa en muestra capilla.","rel":"","context":"Entrada similar ","block_context":{"text":"Entrada similar ","link":""},"img":{"alt_text":"","src":"https:\/\/i0.wp.com\/www.cisa-arica.cl\/wp1\/wp-content\/uploads\/2023\/08\/F1123321-A153-44AC-8FBC-BAFB5711F4E4.webp?resize=350%2C200&ssl=1","width":350,"height":200,"srcset":"https:\/\/i0.wp.com\/www.cisa-arica.cl\/wp1\/wp-content\/uploads\/2023\/08\/F1123321-A153-44AC-8FBC-BAFB5711F4E4.webp?resize=350%2C200&ssl=1 1x, https:\/\/i0.wp.com\/www.cisa-arica.cl\/wp1\/wp-content\/uploads\/2023\/08\/F1123321-A153-44AC-8FBC-BAFB5711F4E4.webp?resize=525%2C300&ssl=1 1.5x"},"classes":[]},{"id":22602,"url":"https:\/\/www.cisa-arica.cl\/wp1\/2023\/10\/04\/misa-de-los-5tos-anos-basicos\/","url_meta":{"origin":26479,"position":5},"title":"Misa de los 5tos a\u00f1os B\u00e1sicos","author":"Jeannette Rivera","date":"4 de Octubre de 2023","format":false,"excerpt":"Este mi\u00e9rcoles 04 de Octubre se realiz\u00f3 la misa de los 5tos a\u00f1os B\u00e1sicos A y B, oportunidad en que las estudiantes, profesoras, padres y apoderados invitados y Hermanas de la Congregaci\u00f3n. se reuni\u00f3n para orar y pedir por nuestra comunidad escolar y los m\u00e1s necesitados.","rel":"","context":"Entrada similar ","block_context":{"text":"Entrada similar ","link":""},"img":{"alt_text":"","src":"https:\/\/i0.wp.com\/www.cisa-arica.cl\/wp1\/wp-content\/uploads\/2023\/10\/WhatsApp-Image-2023-10-19-at-07.47.25-12.jpeg?resize=350%2C200&ssl=1","width":350,"height":200,"srcset":"https:\/\/i0.wp.com\/www.cisa-arica.cl\/wp1\/wp-content\/uploads\/2023\/10\/WhatsApp-Image-2023-10-19-at-07.47.25-12.jpeg?resize=350%2C200&ssl=1 1x, https:\/\/i0.wp.com\/www.cisa-arica.cl\/wp1\/wp-content\/uploads\/2023\/10\/WhatsApp-Image-2023-10-19-at-07.47.25-12.jpeg?resize=525%2C300&ssl=1 1.5x, https:\/\/i0.wp.com\/www.cisa-arica.cl\/wp1\/wp-content\/uploads\/2023\/10\/WhatsApp-Image-2023-10-19-at-07.47.25-12.jpeg?resize=700%2C400&ssl=1 2x"},"classes":[]}],"_links":{"self":[{"href":"https:\/\/www.cisa-arica.cl\/wp1\/wp-json\/wp\/v2\/posts\/26479","targetHints":{"allow":["GET"]}}],"collection":[{"href":"https:\/\/www.cisa-arica.cl\/wp1\/wp-json\/wp\/v2\/posts"}],"about":[{"href":"https:\/\/www.cisa-arica.cl\/wp1\/wp-json\/wp\/v2\/types\/post"}],"author":[{"embeddable":true,"href":"https:\/\/www.cisa-arica.cl\/wp1\/wp-json\/wp\/v2\/users\/5"}],"replies":[{"embeddable":true,"href":"https:\/\/www.cisa-arica.cl\/wp1\/wp-json\/wp\/v2\/comments?post=26479"}],"version-history":[{"count":2,"href":"https:\/\/www.cisa-arica.cl\/wp1\/wp-json\/wp\/v2\/posts\/26479\/revisions"}],"predecessor-version":[{"id":26486,"href":"https:\/\/www.cisa-arica.cl\/wp1\/wp-json\/wp\/v2\/posts\/26479\/revisions\/26486"}],"wp:featuredmedia":[{"embeddable":true,"href":"https:\/\/www.cisa-arica.cl\/wp1\/wp-json\/wp\/v2\/media\/26485"}],"wp:attachment":[{"href":"https:\/\/www.cisa-arica.cl\/wp1\/wp-json\/wp\/v2\/media?parent=26479"}],"wp:term":[{"taxonomy":"category","embeddable":true,"href":"https:\/\/www.cisa-arica.cl\/wp1\/wp-json\/wp\/v2\/categories?post=26479"},{"taxonomy":"post_tag","embeddable":true,"href":"https:\/\/www.cisa-arica.cl\/wp1\/wp-json\/wp\/v2\/tags?post=26479"}],"curies":[{"name":"wp","href":"https:\/\/api.w.org\/{rel}","templated":true}]}}