{"id":26475,"date":"2024-09-02T18:34:49","date_gmt":"2024-09-02T22:34:49","guid":{"rendered":"https:\/\/www.cisa-arica.cl\/wp1\/?p=26475"},"modified":"2024-09-02T20:08:24","modified_gmt":"2024-09-03T00:08:24","slug":"condolencias-18","status":"publish","type":"post","link":"https:\/\/www.cisa-arica.cl\/wp1\/2024\/09\/02\/condolencias-18\/","title":{"rendered":"Condolencias"},"content":{"rendered":"<p>Nuestra Comunidad Educativa se une en oraci\u00f3n para acompa\u00f1ar a la profesora Marta Inzunza y familia por la irreparable p\u00e9rdida de su hijo Pablo Andr\u00e9s Leiva Inzunza (QEPD).<\/p>\n<p>&nbsp;<\/p>\n<p>&nbsp;<\/p>\n","protected":false},"excerpt":{"rendered":"<p>Nuestra Comunidad Educativa se une en oraci\u00f3n para acompa\u00f1ar a la profesora Marta Inzunza y familia por la irreparable p\u00e9rdida de su hijo Pablo Andr\u00e9s Leiva Inzunza (QEPD). &nbsp; &nbsp;<\/p>\n","protected":false},"author":5,"featured_media":26476,"comment_status":"closed","ping_status":"open","sticky":false,"template":"","format":"standard","meta":{"_jetpack_memberships_contains_paid_content":false,"footnotes":"","jetpack_publicize_message":"","jetpack_publicize_feature_enabled":true,"jetpack_social_post_already_shared":true,"jetpack_social_options":{"image_generator_settings":{"template":"highway","default_image_id":0,"font":"","enabled":false},"version":2}},"categories":[5],"tags":[],"class_list":["post-26475","post","type-post","status-publish","format-standard","has-post-thumbnail","hentry","category-uncategorized"],"jetpack_publicize_connections":[],"jetpack_featured_media_url":"https:\/\/www.cisa-arica.cl\/wp1\/wp-content\/uploads\/2024\/09\/8b3dbac3-526e-471a-bd1a-dc77be9479e7.jpeg","jetpack_sharing_enabled":true,"jetpack_shortlink":"https:\/\/wp.me\/p84wcz-6T1","jetpack-related-posts":[{"id":10601,"url":"https:\/\/www.cisa-arica.cl\/wp1\/2020\/08\/05\/correos-de-profesores\/","url_meta":{"origin":26475,"position":0},"title":"CORREOS INSTITUCIONALES DE LOS DOCENTES","author":"CISA","date":"5 de Agosto de 2020","format":false,"excerpt":"Estimados Apoderados: Junto con saludar y deseando se encuentren bien, damos a conocer los correos institucionales de los docentes del Establecimiento para que Ud. pueda realizar consultas de car\u00e1cter pedag\u00f3gico, las cuales ser\u00e1n contestadas de 8:30 a\u00a0 13:00 hrs.\u00a0 Recuerde que adem\u00e1s puede realizar\u00a0 consultas pedag\u00f3gicas en el mismo horario\u2026","rel":"","context":"Entrada similar ","block_context":{"text":"Entrada similar ","link":""},"img":{"alt_text":"","src":"https:\/\/i0.wp.com\/www.cisa-arica.cl\/wp1\/wp-content\/uploads\/2020\/06\/JEFATURAS-1.png?resize=350%2C200&ssl=1","width":350,"height":200,"srcset":"https:\/\/i0.wp.com\/www.cisa-arica.cl\/wp1\/wp-content\/uploads\/2020\/06\/JEFATURAS-1.png?resize=350%2C200&ssl=1 1x, https:\/\/i0.wp.com\/www.cisa-arica.cl\/wp1\/wp-content\/uploads\/2020\/06\/JEFATURAS-1.png?resize=525%2C300&ssl=1 1.5x, https:\/\/i0.wp.com\/www.cisa-arica.cl\/wp1\/wp-content\/uploads\/2020\/06\/JEFATURAS-1.png?resize=700%2C400&ssl=1 2x, https:\/\/i0.wp.com\/www.cisa-arica.cl\/wp1\/wp-content\/uploads\/2020\/06\/JEFATURAS-1.png?resize=1050%2C600&ssl=1 3x"},"classes":[]}],"_links":{"self":[{"href":"https:\/\/www.cisa-arica.cl\/wp1\/wp-json\/wp\/v2\/posts\/26475","targetHints":{"allow":["GET"]}}],"collection":[{"href":"https:\/\/www.cisa-arica.cl\/wp1\/wp-json\/wp\/v2\/posts"}],"about":[{"href":"https:\/\/www.cisa-arica.cl\/wp1\/wp-json\/wp\/v2\/types\/post"}],"author":[{"embeddable":true,"href":"https:\/\/www.cisa-arica.cl\/wp1\/wp-json\/wp\/v2\/users\/5"}],"replies":[{"embeddable":true,"href":"https:\/\/www.cisa-arica.cl\/wp1\/wp-json\/wp\/v2\/comments?post=26475"}],"version-history":[{"count":2,"href":"https:\/\/www.cisa-arica.cl\/wp1\/wp-json\/wp\/v2\/posts\/26475\/revisions"}],"predecessor-version":[{"id":26478,"href":"https:\/\/www.cisa-arica.cl\/wp1\/wp-json\/wp\/v2\/posts\/26475\/revisions\/26478"}],"wp:featuredmedia":[{"embeddable":true,"href":"https:\/\/www.cisa-arica.cl\/wp1\/wp-json\/wp\/v2\/media\/26476"}],"wp:attachment":[{"href":"https:\/\/www.cisa-arica.cl\/wp1\/wp-json\/wp\/v2\/media?parent=26475"}],"wp:term":[{"taxonomy":"category","embeddable":true,"href":"https:\/\/www.cisa-arica.cl\/wp1\/wp-json\/wp\/v2\/categories?post=26475"},{"taxonomy":"post_tag","embeddable":true,"href":"https:\/\/www.cisa-arica.cl\/wp1\/wp-json\/wp\/v2\/tags?post=26475"}],"curies":[{"name":"wp","href":"https:\/\/api.w.org\/{rel}","templated":true}]}}