{"id":26408,"date":"2024-08-29T11:36:44","date_gmt":"2024-08-29T15:36:44","guid":{"rendered":"https:\/\/www.cisa-arica.cl\/wp1\/?p=26408"},"modified":"2024-09-01T00:13:25","modified_gmt":"2024-09-01T04:13:25","slug":"participacion-cisa-en-iv-feria-literaria-2024","status":"publish","type":"post","link":"https:\/\/www.cisa-arica.cl\/wp1\/2024\/08\/29\/participacion-cisa-en-iv-feria-literaria-2024\/","title":{"rendered":"Participaci\u00f3n Cisa en IV Feria Literaria 2024"},"content":{"rendered":"<p>Nuestro colegio tuvo una destacada y activa participaci\u00f3n en la IV Feria Literaria de los Cra de Arica. El evento se realiz\u00f3 el pasado mi\u00e9rcoles 28 de agosto en la plaza Vicu\u00f1a Mackenna y, en la oportunidad, nuestro stand, a cargo de la estudiante de 4to medio B Yanis Calfulaf , se destac\u00f3 por la hermosa muestra de Lapbooks creados por las estudiantes desde 6to a 4to medio en clases de lenguaje y electivos de la misma \u00e1rea. Por otra parte, las revistas realizadas en el electivo a cargo de la profesora Pamela El\u00edas, con el nombre \u201c11 mil a\u00f1os de Historia\u201d con un contexto hist\u00f3rico literario se llevaron los elogios del p\u00fablico presente. As\u00ed tambi\u00e9n, fue la destacada participaci\u00f3n de un grupo de estudiantes del 3er a\u00f1o &nbsp;B\u00e1sico B &nbsp;del Taller de teatro a cargo de la profesora Raquel \u00c1lvarez, quienes se presentaron con la obra infantil \u201cEl sol y la luna\u201d. Nuestra participaci\u00f3n se cerr\u00f3 con la estudiante Anastasia del 4to medio A quien interpret\u00f3 la &nbsp;hermosa canci\u00f3n \u201cWithout you\u201d de Mariah Carrie.&nbsp;<\/p>\n\n\n<div class=\"wp-block-jetpack-tiled-gallery aligncenter is-style-rectangular\"><div class=\"tiled-gallery__gallery\"><div class=\"tiled-gallery__row\"><div class=\"tiled-gallery__col\" style=\"flex-basis:26.48967%\"><figure class=\"tiled-gallery__item\"><img decoding=\"async\" data-attachment-id=\"26411\" data-permalink=\"https:\/\/www.cisa-arica.cl\/wp1\/2024\/08\/29\/participacion-cisa-en-iv-feria-literaria-2024\/img_1141\/\" data-orig-file=\"https:\/\/www.cisa-arica.cl\/wp1\/wp-content\/uploads\/2024\/08\/IMG_1141-scaled.jpeg\" data-orig-size=\"1920,2560\" data-comments-opened=\"0\" data-image-meta=\"{&quot;aperture&quot;:&quot;1.6&quot;,&quot;credit&quot;:&quot;&quot;,&quot;camera&quot;:&quot;iPhone 12 Pro&quot;,&quot;caption&quot;:&quot;&quot;,&quot;created_timestamp&quot;:&quot;1724838287&quot;,&quot;copyright&quot;:&quot;&quot;,&quot;focal_length&quot;:&quot;4.2&quot;,&quot;iso&quot;:&quot;32&quot;,&quot;shutter_speed&quot;:&quot;0.0011173184357542&quot;,&quot;title&quot;:&quot;&quot;,&quot;orientation&quot;:&quot;1&quot;}\" data-image-title=\"IMG_1141\" data-image-description=\"\" data-image-caption=\"\" data-large-file=\"https:\/\/www.cisa-arica.cl\/wp1\/wp-content\/uploads\/2024\/08\/IMG_1141-450x600.jpeg\" data-attachment-id=\"26411\" data-permalink=\"https:\/\/www.cisa-arica.cl\/wp1\/2024\/08\/29\/participacion-cisa-en-iv-feria-literaria-2024\/img_1141\/\" data-orig-file=\"https:\/\/www.cisa-arica.cl\/wp1\/wp-content\/uploads\/2024\/08\/IMG_1141-scaled.jpeg\" data-orig-size=\"1920,2560\" data-comments-opened=\"0\" data-image-meta=\"{&quot;aperture&quot;:&quot;1.6&quot;,&quot;credit&quot;:&quot;&quot;,&quot;camera&quot;:&quot;iPhone 12 Pro&quot;,&quot;caption&quot;:&quot;&quot;,&quot;created_timestamp&quot;:&quot;1724838287&quot;,&quot;copyright&quot;:&quot;&quot;,&quot;focal_length&quot;:&quot;4.2&quot;,&quot;iso&quot;:&quot;32&quot;,&quot;shutter_speed&quot;:&quot;0.0011173184357542&quot;,&quot;title&quot;:&quot;&quot;,&quot;orientation&quot;:&quot;1&quot;}\" data-image-title=\"IMG_1141\" data-image-description=\"\" data-image-caption=\"\" data-large-file=\"https:\/\/www.cisa-arica.cl\/wp1\/wp-content\/uploads\/2024\/08\/IMG_1141-450x600.jpeg\" role=\"button\" tabindex=\"0\" aria-label=\"Abrir la imagen 1 de 57 en pantalla completa\"srcset=\"https:\/\/i2.wp.com\/www.cisa-arica.cl\/wp1\/wp-content\/uploads\/2024\/08\/IMG_1141-450x600.jpeg?strip=info&#038;w=600&#038;ssl=1 600w,https:\/\/i2.wp.com\/www.cisa-arica.cl\/wp1\/wp-content\/uploads\/2024\/08\/IMG_1141-450x600.jpeg?strip=info&#038;w=900&#038;ssl=1 900w,https:\/\/i2.wp.com\/www.cisa-arica.cl\/wp1\/wp-content\/uploads\/2024\/08\/IMG_1141-450x600.jpeg?strip=info&#038;w=1200&#038;ssl=1 1200w,https:\/\/i2.wp.com\/www.cisa-arica.cl\/wp1\/wp-content\/uploads\/2024\/08\/IMG_1141-450x600.jpeg?strip=info&#038;w=1500&#038;ssl=1 1500w,https:\/\/i2.wp.com\/www.cisa-arica.cl\/wp1\/wp-content\/uploads\/2024\/08\/IMG_1141-450x600.jpeg?strip=info&#038;w=1800&#038;ssl=1 1800w,https:\/\/i2.wp.com\/www.cisa-arica.cl\/wp1\/wp-content\/uploads\/2024\/08\/IMG_1141-450x600.jpeg?strip=info&#038;w=1920&#038;ssl=1 1920w\" alt=\"\" data-height=\"2560\" data-id=\"26411\" data-link=\"https:\/\/www.cisa-arica.cl\/wp1\/?attachment_id=26411\" data-url=\"https:\/\/www.cisa-arica.cl\/wp1\/wp-content\/uploads\/2024\/08\/IMG_1141-450x600.jpeg\" data-width=\"1920\" src=\"https:\/\/i2.wp.com\/www.cisa-arica.cl\/wp1\/wp-content\/uploads\/2024\/08\/IMG_1141-450x600.jpeg?ssl=1\" data-amp-layout=\"responsive\"\/><\/figure><\/div><div class=\"tiled-gallery__col\" style=\"flex-basis:47.02066%\"><figure class=\"tiled-gallery__item\"><img decoding=\"async\" data-attachment-id=\"26412\" data-permalink=\"https:\/\/www.cisa-arica.cl\/wp1\/2024\/08\/29\/participacion-cisa-en-iv-feria-literaria-2024\/img_1143\/\" data-orig-file=\"https:\/\/www.cisa-arica.cl\/wp1\/wp-content\/uploads\/2024\/08\/IMG_1143-scaled.jpeg\" data-orig-size=\"2560,1920\" data-comments-opened=\"0\" data-image-meta=\"{&quot;aperture&quot;:&quot;2.4&quot;,&quot;credit&quot;:&quot;&quot;,&quot;camera&quot;:&quot;iPhone 12 Pro&quot;,&quot;caption&quot;:&quot;&quot;,&quot;created_timestamp&quot;:&quot;1724838346&quot;,&quot;copyright&quot;:&quot;&quot;,&quot;focal_length&quot;:&quot;1.54&quot;,&quot;iso&quot;:&quot;25&quot;,&quot;shutter_speed&quot;:&quot;0.0057803468208092&quot;,&quot;title&quot;:&quot;&quot;,&quot;orientation&quot;:&quot;1&quot;}\" data-image-title=\"IMG_1143\" data-image-description=\"\" data-image-caption=\"\" data-large-file=\"https:\/\/www.cisa-arica.cl\/wp1\/wp-content\/uploads\/2024\/08\/IMG_1143-600x450.jpeg\" data-attachment-id=\"26412\" data-permalink=\"https:\/\/www.cisa-arica.cl\/wp1\/2024\/08\/29\/participacion-cisa-en-iv-feria-literaria-2024\/img_1143\/\" data-orig-file=\"https:\/\/www.cisa-arica.cl\/wp1\/wp-content\/uploads\/2024\/08\/IMG_1143-scaled.jpeg\" data-orig-size=\"2560,1920\" data-comments-opened=\"0\" data-image-meta=\"{&quot;aperture&quot;:&quot;2.4&quot;,&quot;credit&quot;:&quot;&quot;,&quot;camera&quot;:&quot;iPhone 12 Pro&quot;,&quot;caption&quot;:&quot;&quot;,&quot;created_timestamp&quot;:&quot;1724838346&quot;,&quot;copyright&quot;:&quot;&quot;,&quot;focal_length&quot;:&quot;1.54&quot;,&quot;iso&quot;:&quot;25&quot;,&quot;shutter_speed&quot;:&quot;0.0057803468208092&quot;,&quot;title&quot;:&quot;&quot;,&quot;orientation&quot;:&quot;1&quot;}\" data-image-title=\"IMG_1143\" data-image-description=\"\" data-image-caption=\"\" data-large-file=\"https:\/\/www.cisa-arica.cl\/wp1\/wp-content\/uploads\/2024\/08\/IMG_1143-600x450.jpeg\" role=\"button\" tabindex=\"0\" aria-label=\"Abrir la imagen 2 de 57 en pantalla completa\"srcset=\"https:\/\/i1.wp.com\/www.cisa-arica.cl\/wp1\/wp-content\/uploads\/2024\/08\/IMG_1143-600x450.jpeg?strip=info&#038;w=600&#038;ssl=1 600w,https:\/\/i1.wp.com\/www.cisa-arica.cl\/wp1\/wp-content\/uploads\/2024\/08\/IMG_1143-600x450.jpeg?strip=info&#038;w=900&#038;ssl=1 900w,https:\/\/i1.wp.com\/www.cisa-arica.cl\/wp1\/wp-content\/uploads\/2024\/08\/IMG_1143-600x450.jpeg?strip=info&#038;w=1200&#038;ssl=1 1200w,https:\/\/i1.wp.com\/www.cisa-arica.cl\/wp1\/wp-content\/uploads\/2024\/08\/IMG_1143-600x450.jpeg?strip=info&#038;w=1500&#038;ssl=1 1500w,https:\/\/i1.wp.com\/www.cisa-arica.cl\/wp1\/wp-content\/uploads\/2024\/08\/IMG_1143-600x450.jpeg?strip=info&#038;w=1800&#038;ssl=1 1800w,https:\/\/i1.wp.com\/www.cisa-arica.cl\/wp1\/wp-content\/uploads\/2024\/08\/IMG_1143-600x450.jpeg?strip=info&#038;w=2000&#038;ssl=1 2000w\" alt=\"\" data-height=\"1920\" data-id=\"26412\" data-link=\"https:\/\/www.cisa-arica.cl\/wp1\/?attachment_id=26412\" data-url=\"https:\/\/www.cisa-arica.cl\/wp1\/wp-content\/uploads\/2024\/08\/IMG_1143-600x450.jpeg\" data-width=\"2560\" src=\"https:\/\/i1.wp.com\/www.cisa-arica.cl\/wp1\/wp-content\/uploads\/2024\/08\/IMG_1143-600x450.jpeg?ssl=1\" data-amp-layout=\"responsive\"\/><\/figure><\/div><div class=\"tiled-gallery__col\" style=\"flex-basis:26.48967%\"><figure class=\"tiled-gallery__item\"><img decoding=\"async\" data-attachment-id=\"26413\" data-permalink=\"https:\/\/www.cisa-arica.cl\/wp1\/2024\/08\/29\/participacion-cisa-en-iv-feria-literaria-2024\/img_1147\/\" data-orig-file=\"https:\/\/www.cisa-arica.cl\/wp1\/wp-content\/uploads\/2024\/08\/IMG_1147-scaled.jpeg\" data-orig-size=\"1920,2560\" data-comments-opened=\"0\" data-image-meta=\"{&quot;aperture&quot;:&quot;2.4&quot;,&quot;credit&quot;:&quot;&quot;,&quot;camera&quot;:&quot;iPhone 12 Pro&quot;,&quot;caption&quot;:&quot;&quot;,&quot;created_timestamp&quot;:&quot;1724838495&quot;,&quot;copyright&quot;:&quot;&quot;,&quot;focal_length&quot;:&quot;1.54&quot;,&quot;iso&quot;:&quot;25&quot;,&quot;shutter_speed&quot;:&quot;0.0053475935828877&quot;,&quot;title&quot;:&quot;&quot;,&quot;orientation&quot;:&quot;1&quot;}\" data-image-title=\"IMG_1147\" data-image-description=\"\" data-image-caption=\"\" data-large-file=\"https:\/\/www.cisa-arica.cl\/wp1\/wp-content\/uploads\/2024\/08\/IMG_1147-450x600.jpeg\" data-attachment-id=\"26413\" data-permalink=\"https:\/\/www.cisa-arica.cl\/wp1\/2024\/08\/29\/participacion-cisa-en-iv-feria-literaria-2024\/img_1147\/\" data-orig-file=\"https:\/\/www.cisa-arica.cl\/wp1\/wp-content\/uploads\/2024\/08\/IMG_1147-scaled.jpeg\" data-orig-size=\"1920,2560\" data-comments-opened=\"0\" data-image-meta=\"{&quot;aperture&quot;:&quot;2.4&quot;,&quot;credit&quot;:&quot;&quot;,&quot;camera&quot;:&quot;iPhone 12 Pro&quot;,&quot;caption&quot;:&quot;&quot;,&quot;created_timestamp&quot;:&quot;1724838495&quot;,&quot;copyright&quot;:&quot;&quot;,&quot;focal_length&quot;:&quot;1.54&quot;,&quot;iso&quot;:&quot;25&quot;,&quot;shutter_speed&quot;:&quot;0.0053475935828877&quot;,&quot;title&quot;:&quot;&quot;,&quot;orientation&quot;:&quot;1&quot;}\" data-image-title=\"IMG_1147\" data-image-description=\"\" data-image-caption=\"\" data-large-file=\"https:\/\/www.cisa-arica.cl\/wp1\/wp-content\/uploads\/2024\/08\/IMG_1147-450x600.jpeg\" role=\"button\" tabindex=\"0\" aria-label=\"Abrir la imagen 3 de 57 en pantalla completa\"srcset=\"https:\/\/i1.wp.com\/www.cisa-arica.cl\/wp1\/wp-content\/uploads\/2024\/08\/IMG_1147-450x600.jpeg?strip=info&#038;w=600&#038;ssl=1 600w,https:\/\/i1.wp.com\/www.cisa-arica.cl\/wp1\/wp-content\/uploads\/2024\/08\/IMG_1147-450x600.jpeg?strip=info&#038;w=900&#038;ssl=1 900w,https:\/\/i1.wp.com\/www.cisa-arica.cl\/wp1\/wp-content\/uploads\/2024\/08\/IMG_1147-450x600.jpeg?strip=info&#038;w=1200&#038;ssl=1 1200w,https:\/\/i1.wp.com\/www.cisa-arica.cl\/wp1\/wp-content\/uploads\/2024\/08\/IMG_1147-450x600.jpeg?strip=info&#038;w=1500&#038;ssl=1 1500w,https:\/\/i1.wp.com\/www.cisa-arica.cl\/wp1\/wp-content\/uploads\/2024\/08\/IMG_1147-450x600.jpeg?strip=info&#038;w=1800&#038;ssl=1 1800w,https:\/\/i1.wp.com\/www.cisa-arica.cl\/wp1\/wp-content\/uploads\/2024\/08\/IMG_1147-450x600.jpeg?strip=info&#038;w=1920&#038;ssl=1 1920w\" alt=\"\" data-height=\"2560\" data-id=\"26413\" data-link=\"https:\/\/www.cisa-arica.cl\/wp1\/?attachment_id=26413\" data-url=\"https:\/\/www.cisa-arica.cl\/wp1\/wp-content\/uploads\/2024\/08\/IMG_1147-450x600.jpeg\" data-width=\"1920\" src=\"https:\/\/i1.wp.com\/www.cisa-arica.cl\/wp1\/wp-content\/uploads\/2024\/08\/IMG_1147-450x600.jpeg?ssl=1\" data-amp-layout=\"responsive\"\/><\/figure><\/div><\/div><div class=\"tiled-gallery__row\"><div class=\"tiled-gallery__col\" style=\"flex-basis:25.00000%\"><figure class=\"tiled-gallery__item\"><img decoding=\"async\" data-attachment-id=\"26414\" data-permalink=\"https:\/\/www.cisa-arica.cl\/wp1\/2024\/08\/29\/participacion-cisa-en-iv-feria-literaria-2024\/img_1146\/\" data-orig-file=\"https:\/\/www.cisa-arica.cl\/wp1\/wp-content\/uploads\/2024\/08\/IMG_1146-scaled.jpeg\" data-orig-size=\"1920,2560\" data-comments-opened=\"0\" data-image-meta=\"{&quot;aperture&quot;:&quot;2.4&quot;,&quot;credit&quot;:&quot;&quot;,&quot;camera&quot;:&quot;iPhone 12 Pro&quot;,&quot;caption&quot;:&quot;&quot;,&quot;created_timestamp&quot;:&quot;1724838453&quot;,&quot;copyright&quot;:&quot;&quot;,&quot;focal_length&quot;:&quot;1.54&quot;,&quot;iso&quot;:&quot;25&quot;,&quot;shutter_speed&quot;:&quot;0.0044642857142857&quot;,&quot;title&quot;:&quot;&quot;,&quot;orientation&quot;:&quot;1&quot;}\" data-image-title=\"IMG_1146\" data-image-description=\"\" data-image-caption=\"\" data-large-file=\"https:\/\/www.cisa-arica.cl\/wp1\/wp-content\/uploads\/2024\/08\/IMG_1146-450x600.jpeg\" data-attachment-id=\"26414\" data-permalink=\"https:\/\/www.cisa-arica.cl\/wp1\/2024\/08\/29\/participacion-cisa-en-iv-feria-literaria-2024\/img_1146\/\" data-orig-file=\"https:\/\/www.cisa-arica.cl\/wp1\/wp-content\/uploads\/2024\/08\/IMG_1146-scaled.jpeg\" data-orig-size=\"1920,2560\" data-comments-opened=\"0\" data-image-meta=\"{&quot;aperture&quot;:&quot;2.4&quot;,&quot;credit&quot;:&quot;&quot;,&quot;camera&quot;:&quot;iPhone 12 Pro&quot;,&quot;caption&quot;:&quot;&quot;,&quot;created_timestamp&quot;:&quot;1724838453&quot;,&quot;copyright&quot;:&quot;&quot;,&quot;focal_length&quot;:&quot;1.54&quot;,&quot;iso&quot;:&quot;25&quot;,&quot;shutter_speed&quot;:&quot;0.0044642857142857&quot;,&quot;title&quot;:&quot;&quot;,&quot;orientation&quot;:&quot;1&quot;}\" data-image-title=\"IMG_1146\" data-image-description=\"\" data-image-caption=\"\" data-large-file=\"https:\/\/www.cisa-arica.cl\/wp1\/wp-content\/uploads\/2024\/08\/IMG_1146-450x600.jpeg\" role=\"button\" tabindex=\"0\" aria-label=\"Abrir la imagen 4 de 57 en pantalla completa\"srcset=\"https:\/\/i1.wp.com\/www.cisa-arica.cl\/wp1\/wp-content\/uploads\/2024\/08\/IMG_1146-450x600.jpeg?strip=info&#038;w=600&#038;ssl=1 600w,https:\/\/i1.wp.com\/www.cisa-arica.cl\/wp1\/wp-content\/uploads\/2024\/08\/IMG_1146-450x600.jpeg?strip=info&#038;w=900&#038;ssl=1 900w,https:\/\/i1.wp.com\/www.cisa-arica.cl\/wp1\/wp-content\/uploads\/2024\/08\/IMG_1146-450x600.jpeg?strip=info&#038;w=1200&#038;ssl=1 1200w,https:\/\/i1.wp.com\/www.cisa-arica.cl\/wp1\/wp-content\/uploads\/2024\/08\/IMG_1146-450x600.jpeg?strip=info&#038;w=1500&#038;ssl=1 1500w,https:\/\/i1.wp.com\/www.cisa-arica.cl\/wp1\/wp-content\/uploads\/2024\/08\/IMG_1146-450x600.jpeg?strip=info&#038;w=1800&#038;ssl=1 1800w,https:\/\/i1.wp.com\/www.cisa-arica.cl\/wp1\/wp-content\/uploads\/2024\/08\/IMG_1146-450x600.jpeg?strip=info&#038;w=1920&#038;ssl=1 1920w\" alt=\"\" data-height=\"2560\" data-id=\"26414\" data-link=\"https:\/\/www.cisa-arica.cl\/wp1\/?attachment_id=26414\" data-url=\"https:\/\/www.cisa-arica.cl\/wp1\/wp-content\/uploads\/2024\/08\/IMG_1146-450x600.jpeg\" data-width=\"1920\" src=\"https:\/\/i1.wp.com\/www.cisa-arica.cl\/wp1\/wp-content\/uploads\/2024\/08\/IMG_1146-450x600.jpeg?ssl=1\" data-amp-layout=\"responsive\"\/><\/figure><\/div><div class=\"tiled-gallery__col\" style=\"flex-basis:25.00000%\"><figure class=\"tiled-gallery__item\"><img decoding=\"async\" data-attachment-id=\"26415\" data-permalink=\"https:\/\/www.cisa-arica.cl\/wp1\/2024\/08\/29\/participacion-cisa-en-iv-feria-literaria-2024\/img_1155\/\" data-orig-file=\"https:\/\/www.cisa-arica.cl\/wp1\/wp-content\/uploads\/2024\/08\/IMG_1155-scaled.jpeg\" data-orig-size=\"1920,2560\" data-comments-opened=\"0\" data-image-meta=\"{&quot;aperture&quot;:&quot;2.4&quot;,&quot;credit&quot;:&quot;&quot;,&quot;camera&quot;:&quot;iPhone 12 Pro&quot;,&quot;caption&quot;:&quot;&quot;,&quot;created_timestamp&quot;:&quot;1724838561&quot;,&quot;copyright&quot;:&quot;&quot;,&quot;focal_length&quot;:&quot;1.54&quot;,&quot;iso&quot;:&quot;25&quot;,&quot;shutter_speed&quot;:&quot;0.0044052863436123&quot;,&quot;title&quot;:&quot;&quot;,&quot;orientation&quot;:&quot;1&quot;}\" data-image-title=\"IMG_1155\" data-image-description=\"\" data-image-caption=\"\" data-large-file=\"https:\/\/www.cisa-arica.cl\/wp1\/wp-content\/uploads\/2024\/08\/IMG_1155-450x600.jpeg\" data-attachment-id=\"26415\" data-permalink=\"https:\/\/www.cisa-arica.cl\/wp1\/2024\/08\/29\/participacion-cisa-en-iv-feria-literaria-2024\/img_1155\/\" data-orig-file=\"https:\/\/www.cisa-arica.cl\/wp1\/wp-content\/uploads\/2024\/08\/IMG_1155-scaled.jpeg\" data-orig-size=\"1920,2560\" data-comments-opened=\"0\" data-image-meta=\"{&quot;aperture&quot;:&quot;2.4&quot;,&quot;credit&quot;:&quot;&quot;,&quot;camera&quot;:&quot;iPhone 12 Pro&quot;,&quot;caption&quot;:&quot;&quot;,&quot;created_timestamp&quot;:&quot;1724838561&quot;,&quot;copyright&quot;:&quot;&quot;,&quot;focal_length&quot;:&quot;1.54&quot;,&quot;iso&quot;:&quot;25&quot;,&quot;shutter_speed&quot;:&quot;0.0044052863436123&quot;,&quot;title&quot;:&quot;&quot;,&quot;orientation&quot;:&quot;1&quot;}\" data-image-title=\"IMG_1155\" data-image-description=\"\" data-image-caption=\"\" data-large-file=\"https:\/\/www.cisa-arica.cl\/wp1\/wp-content\/uploads\/2024\/08\/IMG_1155-450x600.jpeg\" role=\"button\" tabindex=\"0\" aria-label=\"Abrir la imagen 5 de 57 en pantalla completa\"srcset=\"https:\/\/i0.wp.com\/www.cisa-arica.cl\/wp1\/wp-content\/uploads\/2024\/08\/IMG_1155-450x600.jpeg?strip=info&#038;w=600&#038;ssl=1 600w,https:\/\/i0.wp.com\/www.cisa-arica.cl\/wp1\/wp-content\/uploads\/2024\/08\/IMG_1155-450x600.jpeg?strip=info&#038;w=900&#038;ssl=1 900w,https:\/\/i0.wp.com\/www.cisa-arica.cl\/wp1\/wp-content\/uploads\/2024\/08\/IMG_1155-450x600.jpeg?strip=info&#038;w=1200&#038;ssl=1 1200w,https:\/\/i0.wp.com\/www.cisa-arica.cl\/wp1\/wp-content\/uploads\/2024\/08\/IMG_1155-450x600.jpeg?strip=info&#038;w=1500&#038;ssl=1 1500w,https:\/\/i0.wp.com\/www.cisa-arica.cl\/wp1\/wp-content\/uploads\/2024\/08\/IMG_1155-450x600.jpeg?strip=info&#038;w=1800&#038;ssl=1 1800w,https:\/\/i0.wp.com\/www.cisa-arica.cl\/wp1\/wp-content\/uploads\/2024\/08\/IMG_1155-450x600.jpeg?strip=info&#038;w=1920&#038;ssl=1 1920w\" alt=\"\" data-height=\"2560\" data-id=\"26415\" data-link=\"https:\/\/www.cisa-arica.cl\/wp1\/?attachment_id=26415\" data-url=\"https:\/\/www.cisa-arica.cl\/wp1\/wp-content\/uploads\/2024\/08\/IMG_1155-450x600.jpeg\" data-width=\"1920\" src=\"https:\/\/i0.wp.com\/www.cisa-arica.cl\/wp1\/wp-content\/uploads\/2024\/08\/IMG_1155-450x600.jpeg?ssl=1\" data-amp-layout=\"responsive\"\/><\/figure><\/div><div class=\"tiled-gallery__col\" style=\"flex-basis:25.00000%\"><figure class=\"tiled-gallery__item\"><img decoding=\"async\" data-attachment-id=\"26416\" data-permalink=\"https:\/\/www.cisa-arica.cl\/wp1\/2024\/08\/29\/participacion-cisa-en-iv-feria-literaria-2024\/img_1157\/\" data-orig-file=\"https:\/\/www.cisa-arica.cl\/wp1\/wp-content\/uploads\/2024\/08\/IMG_1157-scaled.jpeg\" data-orig-size=\"1920,2560\" data-comments-opened=\"0\" data-image-meta=\"{&quot;aperture&quot;:&quot;1.6&quot;,&quot;credit&quot;:&quot;&quot;,&quot;camera&quot;:&quot;iPhone 12 Pro&quot;,&quot;caption&quot;:&quot;&quot;,&quot;created_timestamp&quot;:&quot;1724838998&quot;,&quot;copyright&quot;:&quot;&quot;,&quot;focal_length&quot;:&quot;4.2&quot;,&quot;iso&quot;:&quot;32&quot;,&quot;shutter_speed&quot;:&quot;0.0011778563015312&quot;,&quot;title&quot;:&quot;&quot;,&quot;orientation&quot;:&quot;1&quot;}\" data-image-title=\"IMG_1157\" data-image-description=\"\" data-image-caption=\"\" data-large-file=\"https:\/\/www.cisa-arica.cl\/wp1\/wp-content\/uploads\/2024\/08\/IMG_1157-450x600.jpeg\" data-attachment-id=\"26416\" data-permalink=\"https:\/\/www.cisa-arica.cl\/wp1\/2024\/08\/29\/participacion-cisa-en-iv-feria-literaria-2024\/img_1157\/\" data-orig-file=\"https:\/\/www.cisa-arica.cl\/wp1\/wp-content\/uploads\/2024\/08\/IMG_1157-scaled.jpeg\" data-orig-size=\"1920,2560\" data-comments-opened=\"0\" data-image-meta=\"{&quot;aperture&quot;:&quot;1.6&quot;,&quot;credit&quot;:&quot;&quot;,&quot;camera&quot;:&quot;iPhone 12 Pro&quot;,&quot;caption&quot;:&quot;&quot;,&quot;created_timestamp&quot;:&quot;1724838998&quot;,&quot;copyright&quot;:&quot;&quot;,&quot;focal_length&quot;:&quot;4.2&quot;,&quot;iso&quot;:&quot;32&quot;,&quot;shutter_speed&quot;:&quot;0.0011778563015312&quot;,&quot;title&quot;:&quot;&quot;,&quot;orientation&quot;:&quot;1&quot;}\" data-image-title=\"IMG_1157\" data-image-description=\"\" data-image-caption=\"\" data-large-file=\"https:\/\/www.cisa-arica.cl\/wp1\/wp-content\/uploads\/2024\/08\/IMG_1157-450x600.jpeg\" role=\"button\" tabindex=\"0\" aria-label=\"Abrir la imagen 6 de 57 en pantalla completa\"srcset=\"https:\/\/i2.wp.com\/www.cisa-arica.cl\/wp1\/wp-content\/uploads\/2024\/08\/IMG_1157-450x600.jpeg?strip=info&#038;w=600&#038;ssl=1 600w,https:\/\/i2.wp.com\/www.cisa-arica.cl\/wp1\/wp-content\/uploads\/2024\/08\/IMG_1157-450x600.jpeg?strip=info&#038;w=900&#038;ssl=1 900w,https:\/\/i2.wp.com\/www.cisa-arica.cl\/wp1\/wp-content\/uploads\/2024\/08\/IMG_1157-450x600.jpeg?strip=info&#038;w=1200&#038;ssl=1 1200w,https:\/\/i2.wp.com\/www.cisa-arica.cl\/wp1\/wp-content\/uploads\/2024\/08\/IMG_1157-450x600.jpeg?strip=info&#038;w=1500&#038;ssl=1 1500w,https:\/\/i2.wp.com\/www.cisa-arica.cl\/wp1\/wp-content\/uploads\/2024\/08\/IMG_1157-450x600.jpeg?strip=info&#038;w=1800&#038;ssl=1 1800w,https:\/\/i2.wp.com\/www.cisa-arica.cl\/wp1\/wp-content\/uploads\/2024\/08\/IMG_1157-450x600.jpeg?strip=info&#038;w=1920&#038;ssl=1 1920w\" alt=\"\" data-height=\"2560\" data-id=\"26416\" data-link=\"https:\/\/www.cisa-arica.cl\/wp1\/?attachment_id=26416\" data-url=\"https:\/\/www.cisa-arica.cl\/wp1\/wp-content\/uploads\/2024\/08\/IMG_1157-450x600.jpeg\" data-width=\"1920\" src=\"https:\/\/i2.wp.com\/www.cisa-arica.cl\/wp1\/wp-content\/uploads\/2024\/08\/IMG_1157-450x600.jpeg?ssl=1\" data-amp-layout=\"responsive\"\/><\/figure><\/div><div class=\"tiled-gallery__col\" style=\"flex-basis:25.00000%\"><figure class=\"tiled-gallery__item\"><img decoding=\"async\" data-attachment-id=\"26417\" data-permalink=\"https:\/\/www.cisa-arica.cl\/wp1\/2024\/08\/29\/participacion-cisa-en-iv-feria-literaria-2024\/img_1154\/\" data-orig-file=\"https:\/\/www.cisa-arica.cl\/wp1\/wp-content\/uploads\/2024\/08\/IMG_1154-scaled.jpeg\" data-orig-size=\"1920,2560\" data-comments-opened=\"0\" data-image-meta=\"{&quot;aperture&quot;:&quot;2.4&quot;,&quot;credit&quot;:&quot;&quot;,&quot;camera&quot;:&quot;iPhone 12 Pro&quot;,&quot;caption&quot;:&quot;&quot;,&quot;created_timestamp&quot;:&quot;1724838559&quot;,&quot;copyright&quot;:&quot;&quot;,&quot;focal_length&quot;:&quot;1.54&quot;,&quot;iso&quot;:&quot;25&quot;,&quot;shutter_speed&quot;:&quot;0.0046082949308756&quot;,&quot;title&quot;:&quot;&quot;,&quot;orientation&quot;:&quot;1&quot;}\" data-image-title=\"IMG_1154\" data-image-description=\"\" data-image-caption=\"\" data-large-file=\"https:\/\/www.cisa-arica.cl\/wp1\/wp-content\/uploads\/2024\/08\/IMG_1154-450x600.jpeg\" data-attachment-id=\"26417\" data-permalink=\"https:\/\/www.cisa-arica.cl\/wp1\/2024\/08\/29\/participacion-cisa-en-iv-feria-literaria-2024\/img_1154\/\" data-orig-file=\"https:\/\/www.cisa-arica.cl\/wp1\/wp-content\/uploads\/2024\/08\/IMG_1154-scaled.jpeg\" data-orig-size=\"1920,2560\" data-comments-opened=\"0\" data-image-meta=\"{&quot;aperture&quot;:&quot;2.4&quot;,&quot;credit&quot;:&quot;&quot;,&quot;camera&quot;:&quot;iPhone 12 Pro&quot;,&quot;caption&quot;:&quot;&quot;,&quot;created_timestamp&quot;:&quot;1724838559&quot;,&quot;copyright&quot;:&quot;&quot;,&quot;focal_length&quot;:&quot;1.54&quot;,&quot;iso&quot;:&quot;25&quot;,&quot;shutter_speed&quot;:&quot;0.0046082949308756&quot;,&quot;title&quot;:&quot;&quot;,&quot;orientation&quot;:&quot;1&quot;}\" data-image-title=\"IMG_1154\" data-image-description=\"\" data-image-caption=\"\" data-large-file=\"https:\/\/www.cisa-arica.cl\/wp1\/wp-content\/uploads\/2024\/08\/IMG_1154-450x600.jpeg\" role=\"button\" tabindex=\"0\" aria-label=\"Abrir la imagen 7 de 57 en pantalla completa\"srcset=\"https:\/\/i2.wp.com\/www.cisa-arica.cl\/wp1\/wp-content\/uploads\/2024\/08\/IMG_1154-450x600.jpeg?strip=info&#038;w=600&#038;ssl=1 600w,https:\/\/i2.wp.com\/www.cisa-arica.cl\/wp1\/wp-content\/uploads\/2024\/08\/IMG_1154-450x600.jpeg?strip=info&#038;w=900&#038;ssl=1 900w,https:\/\/i2.wp.com\/www.cisa-arica.cl\/wp1\/wp-content\/uploads\/2024\/08\/IMG_1154-450x600.jpeg?strip=info&#038;w=1200&#038;ssl=1 1200w,https:\/\/i2.wp.com\/www.cisa-arica.cl\/wp1\/wp-content\/uploads\/2024\/08\/IMG_1154-450x600.jpeg?strip=info&#038;w=1500&#038;ssl=1 1500w,https:\/\/i2.wp.com\/www.cisa-arica.cl\/wp1\/wp-content\/uploads\/2024\/08\/IMG_1154-450x600.jpeg?strip=info&#038;w=1800&#038;ssl=1 1800w,https:\/\/i2.wp.com\/www.cisa-arica.cl\/wp1\/wp-content\/uploads\/2024\/08\/IMG_1154-450x600.jpeg?strip=info&#038;w=1920&#038;ssl=1 1920w\" alt=\"\" data-height=\"2560\" data-id=\"26417\" data-link=\"https:\/\/www.cisa-arica.cl\/wp1\/?attachment_id=26417\" data-url=\"https:\/\/www.cisa-arica.cl\/wp1\/wp-content\/uploads\/2024\/08\/IMG_1154-450x600.jpeg\" data-width=\"1920\" src=\"https:\/\/i2.wp.com\/www.cisa-arica.cl\/wp1\/wp-content\/uploads\/2024\/08\/IMG_1154-450x600.jpeg?ssl=1\" data-amp-layout=\"responsive\"\/><\/figure><\/div><\/div><div class=\"tiled-gallery__row\"><div class=\"tiled-gallery__col\" style=\"flex-basis:50.00000%\"><figure class=\"tiled-gallery__item\"><img decoding=\"async\" data-attachment-id=\"26419\" data-permalink=\"https:\/\/www.cisa-arica.cl\/wp1\/2024\/08\/29\/participacion-cisa-en-iv-feria-literaria-2024\/img_1151\/\" data-orig-file=\"https:\/\/www.cisa-arica.cl\/wp1\/wp-content\/uploads\/2024\/08\/IMG_1151-scaled.jpeg\" data-orig-size=\"1920,2560\" data-comments-opened=\"0\" data-image-meta=\"{&quot;aperture&quot;:&quot;2.4&quot;,&quot;credit&quot;:&quot;&quot;,&quot;camera&quot;:&quot;iPhone 12 Pro&quot;,&quot;caption&quot;:&quot;&quot;,&quot;created_timestamp&quot;:&quot;1724838537&quot;,&quot;copyright&quot;:&quot;&quot;,&quot;focal_length&quot;:&quot;1.54&quot;,&quot;iso&quot;:&quot;25&quot;,&quot;shutter_speed&quot;:&quot;0.0048780487804878&quot;,&quot;title&quot;:&quot;&quot;,&quot;orientation&quot;:&quot;1&quot;}\" data-image-title=\"IMG_1151\" data-image-description=\"\" data-image-caption=\"\" data-large-file=\"https:\/\/www.cisa-arica.cl\/wp1\/wp-content\/uploads\/2024\/08\/IMG_1151-450x600.jpeg\" data-attachment-id=\"26419\" data-permalink=\"https:\/\/www.cisa-arica.cl\/wp1\/2024\/08\/29\/participacion-cisa-en-iv-feria-literaria-2024\/img_1151\/\" data-orig-file=\"https:\/\/www.cisa-arica.cl\/wp1\/wp-content\/uploads\/2024\/08\/IMG_1151-scaled.jpeg\" data-orig-size=\"1920,2560\" data-comments-opened=\"0\" data-image-meta=\"{&quot;aperture&quot;:&quot;2.4&quot;,&quot;credit&quot;:&quot;&quot;,&quot;camera&quot;:&quot;iPhone 12 Pro&quot;,&quot;caption&quot;:&quot;&quot;,&quot;created_timestamp&quot;:&quot;1724838537&quot;,&quot;copyright&quot;:&quot;&quot;,&quot;focal_length&quot;:&quot;1.54&quot;,&quot;iso&quot;:&quot;25&quot;,&quot;shutter_speed&quot;:&quot;0.0048780487804878&quot;,&quot;title&quot;:&quot;&quot;,&quot;orientation&quot;:&quot;1&quot;}\" data-image-title=\"IMG_1151\" data-image-description=\"\" data-image-caption=\"\" data-large-file=\"https:\/\/www.cisa-arica.cl\/wp1\/wp-content\/uploads\/2024\/08\/IMG_1151-450x600.jpeg\" role=\"button\" tabindex=\"0\" aria-label=\"Abrir la imagen 8 de 57 en pantalla completa\"srcset=\"https:\/\/i2.wp.com\/www.cisa-arica.cl\/wp1\/wp-content\/uploads\/2024\/08\/IMG_1151-450x600.jpeg?strip=info&#038;w=600&#038;ssl=1 600w,https:\/\/i2.wp.com\/www.cisa-arica.cl\/wp1\/wp-content\/uploads\/2024\/08\/IMG_1151-450x600.jpeg?strip=info&#038;w=900&#038;ssl=1 900w,https:\/\/i2.wp.com\/www.cisa-arica.cl\/wp1\/wp-content\/uploads\/2024\/08\/IMG_1151-450x600.jpeg?strip=info&#038;w=1200&#038;ssl=1 1200w,https:\/\/i2.wp.com\/www.cisa-arica.cl\/wp1\/wp-content\/uploads\/2024\/08\/IMG_1151-450x600.jpeg?strip=info&#038;w=1500&#038;ssl=1 1500w,https:\/\/i2.wp.com\/www.cisa-arica.cl\/wp1\/wp-content\/uploads\/2024\/08\/IMG_1151-450x600.jpeg?strip=info&#038;w=1800&#038;ssl=1 1800w,https:\/\/i2.wp.com\/www.cisa-arica.cl\/wp1\/wp-content\/uploads\/2024\/08\/IMG_1151-450x600.jpeg?strip=info&#038;w=1920&#038;ssl=1 1920w\" alt=\"\" data-height=\"2560\" data-id=\"26419\" data-link=\"https:\/\/www.cisa-arica.cl\/wp1\/?attachment_id=26419\" data-url=\"https:\/\/www.cisa-arica.cl\/wp1\/wp-content\/uploads\/2024\/08\/IMG_1151-450x600.jpeg\" data-width=\"1920\" src=\"https:\/\/i2.wp.com\/www.cisa-arica.cl\/wp1\/wp-content\/uploads\/2024\/08\/IMG_1151-450x600.jpeg?ssl=1\" data-amp-layout=\"responsive\"\/><\/figure><\/div><div class=\"tiled-gallery__col\" style=\"flex-basis:50.00000%\"><figure class=\"tiled-gallery__item\"><img decoding=\"async\" data-attachment-id=\"26420\" data-permalink=\"https:\/\/www.cisa-arica.cl\/wp1\/2024\/08\/29\/participacion-cisa-en-iv-feria-literaria-2024\/img_1158\/\" data-orig-file=\"https:\/\/www.cisa-arica.cl\/wp1\/wp-content\/uploads\/2024\/08\/IMG_1158-scaled.jpeg\" data-orig-size=\"1920,2560\" data-comments-opened=\"0\" data-image-meta=\"{&quot;aperture&quot;:&quot;1.6&quot;,&quot;credit&quot;:&quot;&quot;,&quot;camera&quot;:&quot;iPhone 12 Pro&quot;,&quot;caption&quot;:&quot;&quot;,&quot;created_timestamp&quot;:&quot;1724839051&quot;,&quot;copyright&quot;:&quot;&quot;,&quot;focal_length&quot;:&quot;4.2&quot;,&quot;iso&quot;:&quot;32&quot;,&quot;shutter_speed&quot;:&quot;0.0010905125408942&quot;,&quot;title&quot;:&quot;&quot;,&quot;orientation&quot;:&quot;1&quot;}\" data-image-title=\"IMG_1158\" data-image-description=\"\" data-image-caption=\"\" data-large-file=\"https:\/\/www.cisa-arica.cl\/wp1\/wp-content\/uploads\/2024\/08\/IMG_1158-450x600.jpeg\" data-attachment-id=\"26420\" data-permalink=\"https:\/\/www.cisa-arica.cl\/wp1\/2024\/08\/29\/participacion-cisa-en-iv-feria-literaria-2024\/img_1158\/\" data-orig-file=\"https:\/\/www.cisa-arica.cl\/wp1\/wp-content\/uploads\/2024\/08\/IMG_1158-scaled.jpeg\" data-orig-size=\"1920,2560\" data-comments-opened=\"0\" data-image-meta=\"{&quot;aperture&quot;:&quot;1.6&quot;,&quot;credit&quot;:&quot;&quot;,&quot;camera&quot;:&quot;iPhone 12 Pro&quot;,&quot;caption&quot;:&quot;&quot;,&quot;created_timestamp&quot;:&quot;1724839051&quot;,&quot;copyright&quot;:&quot;&quot;,&quot;focal_length&quot;:&quot;4.2&quot;,&quot;iso&quot;:&quot;32&quot;,&quot;shutter_speed&quot;:&quot;0.0010905125408942&quot;,&quot;title&quot;:&quot;&quot;,&quot;orientation&quot;:&quot;1&quot;}\" data-image-title=\"IMG_1158\" data-image-description=\"\" data-image-caption=\"\" data-large-file=\"https:\/\/www.cisa-arica.cl\/wp1\/wp-content\/uploads\/2024\/08\/IMG_1158-450x600.jpeg\" role=\"button\" tabindex=\"0\" aria-label=\"Abrir la imagen 9 de 57 en pantalla completa\"srcset=\"https:\/\/i1.wp.com\/www.cisa-arica.cl\/wp1\/wp-content\/uploads\/2024\/08\/IMG_1158-450x600.jpeg?strip=info&#038;w=600&#038;ssl=1 600w,https:\/\/i1.wp.com\/www.cisa-arica.cl\/wp1\/wp-content\/uploads\/2024\/08\/IMG_1158-450x600.jpeg?strip=info&#038;w=900&#038;ssl=1 900w,https:\/\/i1.wp.com\/www.cisa-arica.cl\/wp1\/wp-content\/uploads\/2024\/08\/IMG_1158-450x600.jpeg?strip=info&#038;w=1200&#038;ssl=1 1200w,https:\/\/i1.wp.com\/www.cisa-arica.cl\/wp1\/wp-content\/uploads\/2024\/08\/IMG_1158-450x600.jpeg?strip=info&#038;w=1500&#038;ssl=1 1500w,https:\/\/i1.wp.com\/www.cisa-arica.cl\/wp1\/wp-content\/uploads\/2024\/08\/IMG_1158-450x600.jpeg?strip=info&#038;w=1800&#038;ssl=1 1800w,https:\/\/i1.wp.com\/www.cisa-arica.cl\/wp1\/wp-content\/uploads\/2024\/08\/IMG_1158-450x600.jpeg?strip=info&#038;w=1920&#038;ssl=1 1920w\" alt=\"\" data-height=\"2560\" data-id=\"26420\" data-link=\"https:\/\/www.cisa-arica.cl\/wp1\/?attachment_id=26420\" data-url=\"https:\/\/www.cisa-arica.cl\/wp1\/wp-content\/uploads\/2024\/08\/IMG_1158-450x600.jpeg\" data-width=\"1920\" src=\"https:\/\/i1.wp.com\/www.cisa-arica.cl\/wp1\/wp-content\/uploads\/2024\/08\/IMG_1158-450x600.jpeg?ssl=1\" data-amp-layout=\"responsive\"\/><\/figure><\/div><\/div><div class=\"tiled-gallery__row\"><div class=\"tiled-gallery__col\" style=\"flex-basis:62.93843%\"><figure class=\"tiled-gallery__item\"><img decoding=\"async\" data-attachment-id=\"26421\" data-permalink=\"https:\/\/www.cisa-arica.cl\/wp1\/2024\/08\/29\/participacion-cisa-en-iv-feria-literaria-2024\/img_1161\/\" data-orig-file=\"https:\/\/www.cisa-arica.cl\/wp1\/wp-content\/uploads\/2024\/08\/IMG_1161-scaled.jpeg\" data-orig-size=\"1920,2560\" data-comments-opened=\"0\" data-image-meta=\"{&quot;aperture&quot;:&quot;1.6&quot;,&quot;credit&quot;:&quot;&quot;,&quot;camera&quot;:&quot;iPhone 12 Pro&quot;,&quot;caption&quot;:&quot;&quot;,&quot;created_timestamp&quot;:&quot;1724839090&quot;,&quot;copyright&quot;:&quot;&quot;,&quot;focal_length&quot;:&quot;4.2&quot;,&quot;iso&quot;:&quot;32&quot;,&quot;shutter_speed&quot;:&quot;0.00078369905956113&quot;,&quot;title&quot;:&quot;&quot;,&quot;orientation&quot;:&quot;1&quot;}\" data-image-title=\"IMG_1161\" data-image-description=\"\" data-image-caption=\"\" data-large-file=\"https:\/\/www.cisa-arica.cl\/wp1\/wp-content\/uploads\/2024\/08\/IMG_1161-450x600.jpeg\" data-attachment-id=\"26421\" data-permalink=\"https:\/\/www.cisa-arica.cl\/wp1\/2024\/08\/29\/participacion-cisa-en-iv-feria-literaria-2024\/img_1161\/\" data-orig-file=\"https:\/\/www.cisa-arica.cl\/wp1\/wp-content\/uploads\/2024\/08\/IMG_1161-scaled.jpeg\" data-orig-size=\"1920,2560\" data-comments-opened=\"0\" data-image-meta=\"{&quot;aperture&quot;:&quot;1.6&quot;,&quot;credit&quot;:&quot;&quot;,&quot;camera&quot;:&quot;iPhone 12 Pro&quot;,&quot;caption&quot;:&quot;&quot;,&quot;created_timestamp&quot;:&quot;1724839090&quot;,&quot;copyright&quot;:&quot;&quot;,&quot;focal_length&quot;:&quot;4.2&quot;,&quot;iso&quot;:&quot;32&quot;,&quot;shutter_speed&quot;:&quot;0.00078369905956113&quot;,&quot;title&quot;:&quot;&quot;,&quot;orientation&quot;:&quot;1&quot;}\" data-image-title=\"IMG_1161\" data-image-description=\"\" data-image-caption=\"\" data-large-file=\"https:\/\/www.cisa-arica.cl\/wp1\/wp-content\/uploads\/2024\/08\/IMG_1161-450x600.jpeg\" role=\"button\" tabindex=\"0\" aria-label=\"Abrir la imagen 10 de 57 en pantalla completa\"srcset=\"https:\/\/i0.wp.com\/www.cisa-arica.cl\/wp1\/wp-content\/uploads\/2024\/08\/IMG_1161-450x600.jpeg?strip=info&#038;w=600&#038;ssl=1 600w,https:\/\/i0.wp.com\/www.cisa-arica.cl\/wp1\/wp-content\/uploads\/2024\/08\/IMG_1161-450x600.jpeg?strip=info&#038;w=900&#038;ssl=1 900w,https:\/\/i0.wp.com\/www.cisa-arica.cl\/wp1\/wp-content\/uploads\/2024\/08\/IMG_1161-450x600.jpeg?strip=info&#038;w=1200&#038;ssl=1 1200w,https:\/\/i0.wp.com\/www.cisa-arica.cl\/wp1\/wp-content\/uploads\/2024\/08\/IMG_1161-450x600.jpeg?strip=info&#038;w=1500&#038;ssl=1 1500w,https:\/\/i0.wp.com\/www.cisa-arica.cl\/wp1\/wp-content\/uploads\/2024\/08\/IMG_1161-450x600.jpeg?strip=info&#038;w=1800&#038;ssl=1 1800w,https:\/\/i0.wp.com\/www.cisa-arica.cl\/wp1\/wp-content\/uploads\/2024\/08\/IMG_1161-450x600.jpeg?strip=info&#038;w=1920&#038;ssl=1 1920w\" alt=\"\" data-height=\"2560\" data-id=\"26421\" data-link=\"https:\/\/www.cisa-arica.cl\/wp1\/?attachment_id=26421\" data-url=\"https:\/\/www.cisa-arica.cl\/wp1\/wp-content\/uploads\/2024\/08\/IMG_1161-450x600.jpeg\" data-width=\"1920\" src=\"https:\/\/i0.wp.com\/www.cisa-arica.cl\/wp1\/wp-content\/uploads\/2024\/08\/IMG_1161-450x600.jpeg?ssl=1\" data-amp-layout=\"responsive\"\/><\/figure><\/div><div class=\"tiled-gallery__col\" style=\"flex-basis:37.06157%\"><figure class=\"tiled-gallery__item\"><img decoding=\"async\" data-attachment-id=\"26422\" data-permalink=\"https:\/\/www.cisa-arica.cl\/wp1\/2024\/08\/29\/participacion-cisa-en-iv-feria-literaria-2024\/img_1162\/\" data-orig-file=\"https:\/\/www.cisa-arica.cl\/wp1\/wp-content\/uploads\/2024\/08\/IMG_1162-scaled.jpeg\" data-orig-size=\"2560,1920\" data-comments-opened=\"0\" data-image-meta=\"{&quot;aperture&quot;:&quot;1.6&quot;,&quot;credit&quot;:&quot;&quot;,&quot;camera&quot;:&quot;iPhone 12 Pro&quot;,&quot;caption&quot;:&quot;&quot;,&quot;created_timestamp&quot;:&quot;1724839152&quot;,&quot;copyright&quot;:&quot;&quot;,&quot;focal_length&quot;:&quot;4.2&quot;,&quot;iso&quot;:&quot;32&quot;,&quot;shutter_speed&quot;:&quot;0.00088888888888889&quot;,&quot;title&quot;:&quot;&quot;,&quot;orientation&quot;:&quot;1&quot;}\" data-image-title=\"IMG_1162\" data-image-description=\"\" data-image-caption=\"\" data-large-file=\"https:\/\/www.cisa-arica.cl\/wp1\/wp-content\/uploads\/2024\/08\/IMG_1162-600x450.jpeg\" data-attachment-id=\"26422\" data-permalink=\"https:\/\/www.cisa-arica.cl\/wp1\/2024\/08\/29\/participacion-cisa-en-iv-feria-literaria-2024\/img_1162\/\" data-orig-file=\"https:\/\/www.cisa-arica.cl\/wp1\/wp-content\/uploads\/2024\/08\/IMG_1162-scaled.jpeg\" data-orig-size=\"2560,1920\" data-comments-opened=\"0\" data-image-meta=\"{&quot;aperture&quot;:&quot;1.6&quot;,&quot;credit&quot;:&quot;&quot;,&quot;camera&quot;:&quot;iPhone 12 Pro&quot;,&quot;caption&quot;:&quot;&quot;,&quot;created_timestamp&quot;:&quot;1724839152&quot;,&quot;copyright&quot;:&quot;&quot;,&quot;focal_length&quot;:&quot;4.2&quot;,&quot;iso&quot;:&quot;32&quot;,&quot;shutter_speed&quot;:&quot;0.00088888888888889&quot;,&quot;title&quot;:&quot;&quot;,&quot;orientation&quot;:&quot;1&quot;}\" data-image-title=\"IMG_1162\" data-image-description=\"\" data-image-caption=\"\" data-large-file=\"https:\/\/www.cisa-arica.cl\/wp1\/wp-content\/uploads\/2024\/08\/IMG_1162-600x450.jpeg\" role=\"button\" tabindex=\"0\" aria-label=\"Abrir la imagen 11 de 57 en pantalla completa\"srcset=\"https:\/\/i1.wp.com\/www.cisa-arica.cl\/wp1\/wp-content\/uploads\/2024\/08\/IMG_1162-600x450.jpeg?strip=info&#038;w=600&#038;ssl=1 600w,https:\/\/i1.wp.com\/www.cisa-arica.cl\/wp1\/wp-content\/uploads\/2024\/08\/IMG_1162-600x450.jpeg?strip=info&#038;w=900&#038;ssl=1 900w,https:\/\/i1.wp.com\/www.cisa-arica.cl\/wp1\/wp-content\/uploads\/2024\/08\/IMG_1162-600x450.jpeg?strip=info&#038;w=1200&#038;ssl=1 1200w,https:\/\/i1.wp.com\/www.cisa-arica.cl\/wp1\/wp-content\/uploads\/2024\/08\/IMG_1162-600x450.jpeg?strip=info&#038;w=1500&#038;ssl=1 1500w,https:\/\/i1.wp.com\/www.cisa-arica.cl\/wp1\/wp-content\/uploads\/2024\/08\/IMG_1162-600x450.jpeg?strip=info&#038;w=1800&#038;ssl=1 1800w,https:\/\/i1.wp.com\/www.cisa-arica.cl\/wp1\/wp-content\/uploads\/2024\/08\/IMG_1162-600x450.jpeg?strip=info&#038;w=2000&#038;ssl=1 2000w\" alt=\"\" data-height=\"1920\" data-id=\"26422\" data-link=\"https:\/\/www.cisa-arica.cl\/wp1\/?attachment_id=26422\" data-url=\"https:\/\/www.cisa-arica.cl\/wp1\/wp-content\/uploads\/2024\/08\/IMG_1162-600x450.jpeg\" data-width=\"2560\" src=\"https:\/\/i1.wp.com\/www.cisa-arica.cl\/wp1\/wp-content\/uploads\/2024\/08\/IMG_1162-600x450.jpeg?ssl=1\" data-amp-layout=\"responsive\"\/><\/figure><figure class=\"tiled-gallery__item\"><img decoding=\"async\" data-attachment-id=\"26423\" data-permalink=\"https:\/\/www.cisa-arica.cl\/wp1\/2024\/08\/29\/participacion-cisa-en-iv-feria-literaria-2024\/img_1163\/\" data-orig-file=\"https:\/\/www.cisa-arica.cl\/wp1\/wp-content\/uploads\/2024\/08\/IMG_1163-scaled.jpeg\" data-orig-size=\"2560,1920\" data-comments-opened=\"0\" data-image-meta=\"{&quot;aperture&quot;:&quot;1.6&quot;,&quot;credit&quot;:&quot;&quot;,&quot;camera&quot;:&quot;iPhone 12 Pro&quot;,&quot;caption&quot;:&quot;&quot;,&quot;created_timestamp&quot;:&quot;1724839169&quot;,&quot;copyright&quot;:&quot;&quot;,&quot;focal_length&quot;:&quot;4.2&quot;,&quot;iso&quot;:&quot;32&quot;,&quot;shutter_speed&quot;:&quot;0.00063492063492063&quot;,&quot;title&quot;:&quot;&quot;,&quot;orientation&quot;:&quot;1&quot;}\" data-image-title=\"IMG_1163\" data-image-description=\"\" data-image-caption=\"\" data-large-file=\"https:\/\/www.cisa-arica.cl\/wp1\/wp-content\/uploads\/2024\/08\/IMG_1163-600x450.jpeg\" data-attachment-id=\"26423\" data-permalink=\"https:\/\/www.cisa-arica.cl\/wp1\/2024\/08\/29\/participacion-cisa-en-iv-feria-literaria-2024\/img_1163\/\" data-orig-file=\"https:\/\/www.cisa-arica.cl\/wp1\/wp-content\/uploads\/2024\/08\/IMG_1163-scaled.jpeg\" data-orig-size=\"2560,1920\" data-comments-opened=\"0\" data-image-meta=\"{&quot;aperture&quot;:&quot;1.6&quot;,&quot;credit&quot;:&quot;&quot;,&quot;camera&quot;:&quot;iPhone 12 Pro&quot;,&quot;caption&quot;:&quot;&quot;,&quot;created_timestamp&quot;:&quot;1724839169&quot;,&quot;copyright&quot;:&quot;&quot;,&quot;focal_length&quot;:&quot;4.2&quot;,&quot;iso&quot;:&quot;32&quot;,&quot;shutter_speed&quot;:&quot;0.00063492063492063&quot;,&quot;title&quot;:&quot;&quot;,&quot;orientation&quot;:&quot;1&quot;}\" data-image-title=\"IMG_1163\" data-image-description=\"\" data-image-caption=\"\" data-large-file=\"https:\/\/www.cisa-arica.cl\/wp1\/wp-content\/uploads\/2024\/08\/IMG_1163-600x450.jpeg\" role=\"button\" tabindex=\"0\" aria-label=\"Abrir la imagen 12 de 57 en pantalla completa\"srcset=\"https:\/\/i2.wp.com\/www.cisa-arica.cl\/wp1\/wp-content\/uploads\/2024\/08\/IMG_1163-600x450.jpeg?strip=info&#038;w=600&#038;ssl=1 600w,https:\/\/i2.wp.com\/www.cisa-arica.cl\/wp1\/wp-content\/uploads\/2024\/08\/IMG_1163-600x450.jpeg?strip=info&#038;w=900&#038;ssl=1 900w,https:\/\/i2.wp.com\/www.cisa-arica.cl\/wp1\/wp-content\/uploads\/2024\/08\/IMG_1163-600x450.jpeg?strip=info&#038;w=1200&#038;ssl=1 1200w,https:\/\/i2.wp.com\/www.cisa-arica.cl\/wp1\/wp-content\/uploads\/2024\/08\/IMG_1163-600x450.jpeg?strip=info&#038;w=1500&#038;ssl=1 1500w,https:\/\/i2.wp.com\/www.cisa-arica.cl\/wp1\/wp-content\/uploads\/2024\/08\/IMG_1163-600x450.jpeg?strip=info&#038;w=1800&#038;ssl=1 1800w,https:\/\/i2.wp.com\/www.cisa-arica.cl\/wp1\/wp-content\/uploads\/2024\/08\/IMG_1163-600x450.jpeg?strip=info&#038;w=2000&#038;ssl=1 2000w\" alt=\"\" data-height=\"1920\" data-id=\"26423\" data-link=\"https:\/\/www.cisa-arica.cl\/wp1\/?attachment_id=26423\" data-url=\"https:\/\/www.cisa-arica.cl\/wp1\/wp-content\/uploads\/2024\/08\/IMG_1163-600x450.jpeg\" data-width=\"2560\" src=\"https:\/\/i2.wp.com\/www.cisa-arica.cl\/wp1\/wp-content\/uploads\/2024\/08\/IMG_1163-600x450.jpeg?ssl=1\" data-amp-layout=\"responsive\"\/><\/figure><figure class=\"tiled-gallery__item\"><img decoding=\"async\" data-attachment-id=\"26424\" data-permalink=\"https:\/\/www.cisa-arica.cl\/wp1\/2024\/08\/29\/participacion-cisa-en-iv-feria-literaria-2024\/img_1164\/\" data-orig-file=\"https:\/\/www.cisa-arica.cl\/wp1\/wp-content\/uploads\/2024\/08\/IMG_1164-scaled.jpeg\" data-orig-size=\"2560,1920\" data-comments-opened=\"0\" data-image-meta=\"{&quot;aperture&quot;:&quot;1.6&quot;,&quot;credit&quot;:&quot;&quot;,&quot;camera&quot;:&quot;iPhone 12 Pro&quot;,&quot;caption&quot;:&quot;&quot;,&quot;created_timestamp&quot;:&quot;1724839187&quot;,&quot;copyright&quot;:&quot;&quot;,&quot;focal_length&quot;:&quot;4.2&quot;,&quot;iso&quot;:&quot;32&quot;,&quot;shutter_speed&quot;:&quot;0.00091575091575092&quot;,&quot;title&quot;:&quot;&quot;,&quot;orientation&quot;:&quot;1&quot;}\" data-image-title=\"IMG_1164\" data-image-description=\"\" data-image-caption=\"\" data-large-file=\"https:\/\/www.cisa-arica.cl\/wp1\/wp-content\/uploads\/2024\/08\/IMG_1164-600x450.jpeg\" data-attachment-id=\"26424\" data-permalink=\"https:\/\/www.cisa-arica.cl\/wp1\/2024\/08\/29\/participacion-cisa-en-iv-feria-literaria-2024\/img_1164\/\" data-orig-file=\"https:\/\/www.cisa-arica.cl\/wp1\/wp-content\/uploads\/2024\/08\/IMG_1164-scaled.jpeg\" data-orig-size=\"2560,1920\" data-comments-opened=\"0\" data-image-meta=\"{&quot;aperture&quot;:&quot;1.6&quot;,&quot;credit&quot;:&quot;&quot;,&quot;camera&quot;:&quot;iPhone 12 Pro&quot;,&quot;caption&quot;:&quot;&quot;,&quot;created_timestamp&quot;:&quot;1724839187&quot;,&quot;copyright&quot;:&quot;&quot;,&quot;focal_length&quot;:&quot;4.2&quot;,&quot;iso&quot;:&quot;32&quot;,&quot;shutter_speed&quot;:&quot;0.00091575091575092&quot;,&quot;title&quot;:&quot;&quot;,&quot;orientation&quot;:&quot;1&quot;}\" data-image-title=\"IMG_1164\" data-image-description=\"\" data-image-caption=\"\" data-large-file=\"https:\/\/www.cisa-arica.cl\/wp1\/wp-content\/uploads\/2024\/08\/IMG_1164-600x450.jpeg\" role=\"button\" tabindex=\"0\" aria-label=\"Abrir la imagen 13 de 57 en pantalla completa\"srcset=\"https:\/\/i2.wp.com\/www.cisa-arica.cl\/wp1\/wp-content\/uploads\/2024\/08\/IMG_1164-600x450.jpeg?strip=info&#038;w=600&#038;ssl=1 600w,https:\/\/i2.wp.com\/www.cisa-arica.cl\/wp1\/wp-content\/uploads\/2024\/08\/IMG_1164-600x450.jpeg?strip=info&#038;w=900&#038;ssl=1 900w,https:\/\/i2.wp.com\/www.cisa-arica.cl\/wp1\/wp-content\/uploads\/2024\/08\/IMG_1164-600x450.jpeg?strip=info&#038;w=1200&#038;ssl=1 1200w,https:\/\/i2.wp.com\/www.cisa-arica.cl\/wp1\/wp-content\/uploads\/2024\/08\/IMG_1164-600x450.jpeg?strip=info&#038;w=1500&#038;ssl=1 1500w,https:\/\/i2.wp.com\/www.cisa-arica.cl\/wp1\/wp-content\/uploads\/2024\/08\/IMG_1164-600x450.jpeg?strip=info&#038;w=1800&#038;ssl=1 1800w,https:\/\/i2.wp.com\/www.cisa-arica.cl\/wp1\/wp-content\/uploads\/2024\/08\/IMG_1164-600x450.jpeg?strip=info&#038;w=2000&#038;ssl=1 2000w\" alt=\"\" data-height=\"1920\" data-id=\"26424\" data-link=\"https:\/\/www.cisa-arica.cl\/wp1\/?attachment_id=26424\" data-url=\"https:\/\/www.cisa-arica.cl\/wp1\/wp-content\/uploads\/2024\/08\/IMG_1164-600x450.jpeg\" data-width=\"2560\" src=\"https:\/\/i2.wp.com\/www.cisa-arica.cl\/wp1\/wp-content\/uploads\/2024\/08\/IMG_1164-600x450.jpeg?ssl=1\" data-amp-layout=\"responsive\"\/><\/figure><\/div><\/div><div class=\"tiled-gallery__row\"><div class=\"tiled-gallery__col\" style=\"flex-basis:33.33333%\"><figure class=\"tiled-gallery__item\"><img decoding=\"async\" data-attachment-id=\"26425\" data-permalink=\"https:\/\/www.cisa-arica.cl\/wp1\/2024\/08\/29\/participacion-cisa-en-iv-feria-literaria-2024\/img_1168\/\" data-orig-file=\"https:\/\/www.cisa-arica.cl\/wp1\/wp-content\/uploads\/2024\/08\/IMG_1168-scaled.jpeg\" data-orig-size=\"1920,2560\" data-comments-opened=\"0\" data-image-meta=\"{&quot;aperture&quot;:&quot;1.6&quot;,&quot;credit&quot;:&quot;&quot;,&quot;camera&quot;:&quot;iPhone 12 Pro&quot;,&quot;caption&quot;:&quot;&quot;,&quot;created_timestamp&quot;:&quot;1724839399&quot;,&quot;copyright&quot;:&quot;&quot;,&quot;focal_length&quot;:&quot;4.2&quot;,&quot;iso&quot;:&quot;32&quot;,&quot;shutter_speed&quot;:&quot;0.0015552099533437&quot;,&quot;title&quot;:&quot;&quot;,&quot;orientation&quot;:&quot;1&quot;}\" data-image-title=\"IMG_1168\" data-image-description=\"\" data-image-caption=\"\" data-large-file=\"https:\/\/www.cisa-arica.cl\/wp1\/wp-content\/uploads\/2024\/08\/IMG_1168-450x600.jpeg\" data-attachment-id=\"26425\" data-permalink=\"https:\/\/www.cisa-arica.cl\/wp1\/2024\/08\/29\/participacion-cisa-en-iv-feria-literaria-2024\/img_1168\/\" data-orig-file=\"https:\/\/www.cisa-arica.cl\/wp1\/wp-content\/uploads\/2024\/08\/IMG_1168-scaled.jpeg\" data-orig-size=\"1920,2560\" data-comments-opened=\"0\" data-image-meta=\"{&quot;aperture&quot;:&quot;1.6&quot;,&quot;credit&quot;:&quot;&quot;,&quot;camera&quot;:&quot;iPhone 12 Pro&quot;,&quot;caption&quot;:&quot;&quot;,&quot;created_timestamp&quot;:&quot;1724839399&quot;,&quot;copyright&quot;:&quot;&quot;,&quot;focal_length&quot;:&quot;4.2&quot;,&quot;iso&quot;:&quot;32&quot;,&quot;shutter_speed&quot;:&quot;0.0015552099533437&quot;,&quot;title&quot;:&quot;&quot;,&quot;orientation&quot;:&quot;1&quot;}\" data-image-title=\"IMG_1168\" data-image-description=\"\" data-image-caption=\"\" data-large-file=\"https:\/\/www.cisa-arica.cl\/wp1\/wp-content\/uploads\/2024\/08\/IMG_1168-450x600.jpeg\" role=\"button\" tabindex=\"0\" aria-label=\"Abrir la imagen 14 de 57 en pantalla completa\"srcset=\"https:\/\/i1.wp.com\/www.cisa-arica.cl\/wp1\/wp-content\/uploads\/2024\/08\/IMG_1168-450x600.jpeg?strip=info&#038;w=600&#038;ssl=1 600w,https:\/\/i1.wp.com\/www.cisa-arica.cl\/wp1\/wp-content\/uploads\/2024\/08\/IMG_1168-450x600.jpeg?strip=info&#038;w=900&#038;ssl=1 900w,https:\/\/i1.wp.com\/www.cisa-arica.cl\/wp1\/wp-content\/uploads\/2024\/08\/IMG_1168-450x600.jpeg?strip=info&#038;w=1200&#038;ssl=1 1200w,https:\/\/i1.wp.com\/www.cisa-arica.cl\/wp1\/wp-content\/uploads\/2024\/08\/IMG_1168-450x600.jpeg?strip=info&#038;w=1500&#038;ssl=1 1500w,https:\/\/i1.wp.com\/www.cisa-arica.cl\/wp1\/wp-content\/uploads\/2024\/08\/IMG_1168-450x600.jpeg?strip=info&#038;w=1800&#038;ssl=1 1800w,https:\/\/i1.wp.com\/www.cisa-arica.cl\/wp1\/wp-content\/uploads\/2024\/08\/IMG_1168-450x600.jpeg?strip=info&#038;w=1920&#038;ssl=1 1920w\" alt=\"\" data-height=\"2560\" data-id=\"26425\" data-link=\"https:\/\/www.cisa-arica.cl\/wp1\/?attachment_id=26425\" data-url=\"https:\/\/www.cisa-arica.cl\/wp1\/wp-content\/uploads\/2024\/08\/IMG_1168-450x600.jpeg\" data-width=\"1920\" src=\"https:\/\/i1.wp.com\/www.cisa-arica.cl\/wp1\/wp-content\/uploads\/2024\/08\/IMG_1168-450x600.jpeg?ssl=1\" data-amp-layout=\"responsive\"\/><\/figure><\/div><div class=\"tiled-gallery__col\" style=\"flex-basis:33.33333%\"><figure class=\"tiled-gallery__item\"><img decoding=\"async\" data-attachment-id=\"26426\" data-permalink=\"https:\/\/www.cisa-arica.cl\/wp1\/2024\/08\/29\/participacion-cisa-en-iv-feria-literaria-2024\/img_1172\/\" data-orig-file=\"https:\/\/www.cisa-arica.cl\/wp1\/wp-content\/uploads\/2024\/08\/IMG_1172-scaled.jpeg\" data-orig-size=\"1920,2560\" data-comments-opened=\"0\" data-image-meta=\"{&quot;aperture&quot;:&quot;1.6&quot;,&quot;credit&quot;:&quot;&quot;,&quot;camera&quot;:&quot;iPhone 12 Pro&quot;,&quot;caption&quot;:&quot;&quot;,&quot;created_timestamp&quot;:&quot;1724839586&quot;,&quot;copyright&quot;:&quot;&quot;,&quot;focal_length&quot;:&quot;4.2&quot;,&quot;iso&quot;:&quot;32&quot;,&quot;shutter_speed&quot;:&quot;0.00088888888888889&quot;,&quot;title&quot;:&quot;&quot;,&quot;orientation&quot;:&quot;1&quot;}\" data-image-title=\"IMG_1172\" data-image-description=\"\" data-image-caption=\"\" data-large-file=\"https:\/\/www.cisa-arica.cl\/wp1\/wp-content\/uploads\/2024\/08\/IMG_1172-450x600.jpeg\" data-attachment-id=\"26426\" data-permalink=\"https:\/\/www.cisa-arica.cl\/wp1\/2024\/08\/29\/participacion-cisa-en-iv-feria-literaria-2024\/img_1172\/\" data-orig-file=\"https:\/\/www.cisa-arica.cl\/wp1\/wp-content\/uploads\/2024\/08\/IMG_1172-scaled.jpeg\" data-orig-size=\"1920,2560\" data-comments-opened=\"0\" data-image-meta=\"{&quot;aperture&quot;:&quot;1.6&quot;,&quot;credit&quot;:&quot;&quot;,&quot;camera&quot;:&quot;iPhone 12 Pro&quot;,&quot;caption&quot;:&quot;&quot;,&quot;created_timestamp&quot;:&quot;1724839586&quot;,&quot;copyright&quot;:&quot;&quot;,&quot;focal_length&quot;:&quot;4.2&quot;,&quot;iso&quot;:&quot;32&quot;,&quot;shutter_speed&quot;:&quot;0.00088888888888889&quot;,&quot;title&quot;:&quot;&quot;,&quot;orientation&quot;:&quot;1&quot;}\" data-image-title=\"IMG_1172\" data-image-description=\"\" data-image-caption=\"\" data-large-file=\"https:\/\/www.cisa-arica.cl\/wp1\/wp-content\/uploads\/2024\/08\/IMG_1172-450x600.jpeg\" role=\"button\" tabindex=\"0\" aria-label=\"Abrir la imagen 15 de 57 en pantalla completa\"srcset=\"https:\/\/i2.wp.com\/www.cisa-arica.cl\/wp1\/wp-content\/uploads\/2024\/08\/IMG_1172-450x600.jpeg?strip=info&#038;w=600&#038;ssl=1 600w,https:\/\/i2.wp.com\/www.cisa-arica.cl\/wp1\/wp-content\/uploads\/2024\/08\/IMG_1172-450x600.jpeg?strip=info&#038;w=900&#038;ssl=1 900w,https:\/\/i2.wp.com\/www.cisa-arica.cl\/wp1\/wp-content\/uploads\/2024\/08\/IMG_1172-450x600.jpeg?strip=info&#038;w=1200&#038;ssl=1 1200w,https:\/\/i2.wp.com\/www.cisa-arica.cl\/wp1\/wp-content\/uploads\/2024\/08\/IMG_1172-450x600.jpeg?strip=info&#038;w=1500&#038;ssl=1 1500w,https:\/\/i2.wp.com\/www.cisa-arica.cl\/wp1\/wp-content\/uploads\/2024\/08\/IMG_1172-450x600.jpeg?strip=info&#038;w=1800&#038;ssl=1 1800w,https:\/\/i2.wp.com\/www.cisa-arica.cl\/wp1\/wp-content\/uploads\/2024\/08\/IMG_1172-450x600.jpeg?strip=info&#038;w=1920&#038;ssl=1 1920w\" alt=\"\" data-height=\"2560\" data-id=\"26426\" data-link=\"https:\/\/www.cisa-arica.cl\/wp1\/?attachment_id=26426\" data-url=\"https:\/\/www.cisa-arica.cl\/wp1\/wp-content\/uploads\/2024\/08\/IMG_1172-450x600.jpeg\" data-width=\"1920\" src=\"https:\/\/i2.wp.com\/www.cisa-arica.cl\/wp1\/wp-content\/uploads\/2024\/08\/IMG_1172-450x600.jpeg?ssl=1\" data-amp-layout=\"responsive\"\/><\/figure><\/div><div class=\"tiled-gallery__col\" style=\"flex-basis:33.33333%\"><figure class=\"tiled-gallery__item\"><img decoding=\"async\" data-attachment-id=\"26427\" data-permalink=\"https:\/\/www.cisa-arica.cl\/wp1\/2024\/08\/29\/participacion-cisa-en-iv-feria-literaria-2024\/img_1176\/\" data-orig-file=\"https:\/\/www.cisa-arica.cl\/wp1\/wp-content\/uploads\/2024\/08\/IMG_1176-scaled.jpeg\" data-orig-size=\"1920,2560\" data-comments-opened=\"0\" data-image-meta=\"{&quot;aperture&quot;:&quot;1.6&quot;,&quot;credit&quot;:&quot;&quot;,&quot;camera&quot;:&quot;iPhone 12 Pro&quot;,&quot;caption&quot;:&quot;&quot;,&quot;created_timestamp&quot;:&quot;1724840034&quot;,&quot;copyright&quot;:&quot;&quot;,&quot;focal_length&quot;:&quot;4.2&quot;,&quot;iso&quot;:&quot;32&quot;,&quot;shutter_speed&quot;:&quot;0.0010822510822511&quot;,&quot;title&quot;:&quot;&quot;,&quot;orientation&quot;:&quot;1&quot;}\" data-image-title=\"IMG_1176\" data-image-description=\"\" data-image-caption=\"\" data-large-file=\"https:\/\/www.cisa-arica.cl\/wp1\/wp-content\/uploads\/2024\/08\/IMG_1176-450x600.jpeg\" data-attachment-id=\"26427\" data-permalink=\"https:\/\/www.cisa-arica.cl\/wp1\/2024\/08\/29\/participacion-cisa-en-iv-feria-literaria-2024\/img_1176\/\" data-orig-file=\"https:\/\/www.cisa-arica.cl\/wp1\/wp-content\/uploads\/2024\/08\/IMG_1176-scaled.jpeg\" data-orig-size=\"1920,2560\" data-comments-opened=\"0\" data-image-meta=\"{&quot;aperture&quot;:&quot;1.6&quot;,&quot;credit&quot;:&quot;&quot;,&quot;camera&quot;:&quot;iPhone 12 Pro&quot;,&quot;caption&quot;:&quot;&quot;,&quot;created_timestamp&quot;:&quot;1724840034&quot;,&quot;copyright&quot;:&quot;&quot;,&quot;focal_length&quot;:&quot;4.2&quot;,&quot;iso&quot;:&quot;32&quot;,&quot;shutter_speed&quot;:&quot;0.0010822510822511&quot;,&quot;title&quot;:&quot;&quot;,&quot;orientation&quot;:&quot;1&quot;}\" data-image-title=\"IMG_1176\" data-image-description=\"\" data-image-caption=\"\" data-large-file=\"https:\/\/www.cisa-arica.cl\/wp1\/wp-content\/uploads\/2024\/08\/IMG_1176-450x600.jpeg\" role=\"button\" tabindex=\"0\" aria-label=\"Abrir la imagen 16 de 57 en pantalla completa\"srcset=\"https:\/\/i2.wp.com\/www.cisa-arica.cl\/wp1\/wp-content\/uploads\/2024\/08\/IMG_1176-450x600.jpeg?strip=info&#038;w=600&#038;ssl=1 600w,https:\/\/i2.wp.com\/www.cisa-arica.cl\/wp1\/wp-content\/uploads\/2024\/08\/IMG_1176-450x600.jpeg?strip=info&#038;w=900&#038;ssl=1 900w,https:\/\/i2.wp.com\/www.cisa-arica.cl\/wp1\/wp-content\/uploads\/2024\/08\/IMG_1176-450x600.jpeg?strip=info&#038;w=1200&#038;ssl=1 1200w,https:\/\/i2.wp.com\/www.cisa-arica.cl\/wp1\/wp-content\/uploads\/2024\/08\/IMG_1176-450x600.jpeg?strip=info&#038;w=1500&#038;ssl=1 1500w,https:\/\/i2.wp.com\/www.cisa-arica.cl\/wp1\/wp-content\/uploads\/2024\/08\/IMG_1176-450x600.jpeg?strip=info&#038;w=1800&#038;ssl=1 1800w,https:\/\/i2.wp.com\/www.cisa-arica.cl\/wp1\/wp-content\/uploads\/2024\/08\/IMG_1176-450x600.jpeg?strip=info&#038;w=1920&#038;ssl=1 1920w\" alt=\"\" data-height=\"2560\" data-id=\"26427\" data-link=\"https:\/\/www.cisa-arica.cl\/wp1\/?attachment_id=26427\" data-url=\"https:\/\/www.cisa-arica.cl\/wp1\/wp-content\/uploads\/2024\/08\/IMG_1176-450x600.jpeg\" data-width=\"1920\" src=\"https:\/\/i2.wp.com\/www.cisa-arica.cl\/wp1\/wp-content\/uploads\/2024\/08\/IMG_1176-450x600.jpeg?ssl=1\" data-amp-layout=\"responsive\"\/><\/figure><\/div><\/div><div class=\"tiled-gallery__row\"><div class=\"tiled-gallery__col\" style=\"flex-basis:63.97149%\"><figure class=\"tiled-gallery__item\"><img decoding=\"async\" data-attachment-id=\"26428\" data-permalink=\"https:\/\/www.cisa-arica.cl\/wp1\/2024\/08\/29\/participacion-cisa-en-iv-feria-literaria-2024\/img_1174\/\" data-orig-file=\"https:\/\/www.cisa-arica.cl\/wp1\/wp-content\/uploads\/2024\/08\/IMG_1174-scaled.jpeg\" data-orig-size=\"2560,1920\" data-comments-opened=\"0\" data-image-meta=\"{&quot;aperture&quot;:&quot;1.6&quot;,&quot;credit&quot;:&quot;&quot;,&quot;camera&quot;:&quot;iPhone 12 Pro&quot;,&quot;caption&quot;:&quot;&quot;,&quot;created_timestamp&quot;:&quot;1724839994&quot;,&quot;copyright&quot;:&quot;&quot;,&quot;focal_length&quot;:&quot;4.2&quot;,&quot;iso&quot;:&quot;32&quot;,&quot;shutter_speed&quot;:&quot;0.00077579519006982&quot;,&quot;title&quot;:&quot;&quot;,&quot;orientation&quot;:&quot;1&quot;}\" data-image-title=\"IMG_1174\" data-image-description=\"\" data-image-caption=\"\" data-large-file=\"https:\/\/www.cisa-arica.cl\/wp1\/wp-content\/uploads\/2024\/08\/IMG_1174-600x450.jpeg\" data-attachment-id=\"26428\" data-permalink=\"https:\/\/www.cisa-arica.cl\/wp1\/2024\/08\/29\/participacion-cisa-en-iv-feria-literaria-2024\/img_1174\/\" data-orig-file=\"https:\/\/www.cisa-arica.cl\/wp1\/wp-content\/uploads\/2024\/08\/IMG_1174-scaled.jpeg\" data-orig-size=\"2560,1920\" data-comments-opened=\"0\" data-image-meta=\"{&quot;aperture&quot;:&quot;1.6&quot;,&quot;credit&quot;:&quot;&quot;,&quot;camera&quot;:&quot;iPhone 12 Pro&quot;,&quot;caption&quot;:&quot;&quot;,&quot;created_timestamp&quot;:&quot;1724839994&quot;,&quot;copyright&quot;:&quot;&quot;,&quot;focal_length&quot;:&quot;4.2&quot;,&quot;iso&quot;:&quot;32&quot;,&quot;shutter_speed&quot;:&quot;0.00077579519006982&quot;,&quot;title&quot;:&quot;&quot;,&quot;orientation&quot;:&quot;1&quot;}\" data-image-title=\"IMG_1174\" data-image-description=\"\" data-image-caption=\"\" data-large-file=\"https:\/\/www.cisa-arica.cl\/wp1\/wp-content\/uploads\/2024\/08\/IMG_1174-600x450.jpeg\" role=\"button\" tabindex=\"0\" aria-label=\"Abrir la imagen 17 de 57 en pantalla completa\"srcset=\"https:\/\/i0.wp.com\/www.cisa-arica.cl\/wp1\/wp-content\/uploads\/2024\/08\/IMG_1174-600x450.jpeg?strip=info&#038;w=600&#038;ssl=1 600w,https:\/\/i0.wp.com\/www.cisa-arica.cl\/wp1\/wp-content\/uploads\/2024\/08\/IMG_1174-600x450.jpeg?strip=info&#038;w=900&#038;ssl=1 900w,https:\/\/i0.wp.com\/www.cisa-arica.cl\/wp1\/wp-content\/uploads\/2024\/08\/IMG_1174-600x450.jpeg?strip=info&#038;w=1200&#038;ssl=1 1200w,https:\/\/i0.wp.com\/www.cisa-arica.cl\/wp1\/wp-content\/uploads\/2024\/08\/IMG_1174-600x450.jpeg?strip=info&#038;w=1500&#038;ssl=1 1500w,https:\/\/i0.wp.com\/www.cisa-arica.cl\/wp1\/wp-content\/uploads\/2024\/08\/IMG_1174-600x450.jpeg?strip=info&#038;w=1800&#038;ssl=1 1800w,https:\/\/i0.wp.com\/www.cisa-arica.cl\/wp1\/wp-content\/uploads\/2024\/08\/IMG_1174-600x450.jpeg?strip=info&#038;w=2000&#038;ssl=1 2000w\" alt=\"\" data-height=\"1920\" data-id=\"26428\" data-link=\"https:\/\/www.cisa-arica.cl\/wp1\/?attachment_id=26428\" data-url=\"https:\/\/www.cisa-arica.cl\/wp1\/wp-content\/uploads\/2024\/08\/IMG_1174-600x450.jpeg\" data-width=\"2560\" src=\"https:\/\/i0.wp.com\/www.cisa-arica.cl\/wp1\/wp-content\/uploads\/2024\/08\/IMG_1174-600x450.jpeg?ssl=1\" data-amp-layout=\"responsive\"\/><\/figure><\/div><div class=\"tiled-gallery__col\" style=\"flex-basis:36.02851%\"><figure class=\"tiled-gallery__item\"><img decoding=\"async\" data-attachment-id=\"26429\" data-permalink=\"https:\/\/www.cisa-arica.cl\/wp1\/2024\/08\/29\/participacion-cisa-en-iv-feria-literaria-2024\/img_1175\/\" data-orig-file=\"https:\/\/www.cisa-arica.cl\/wp1\/wp-content\/uploads\/2024\/08\/IMG_1175-scaled.jpeg\" data-orig-size=\"1920,2560\" data-comments-opened=\"0\" data-image-meta=\"{&quot;aperture&quot;:&quot;1.6&quot;,&quot;credit&quot;:&quot;&quot;,&quot;camera&quot;:&quot;iPhone 12 Pro&quot;,&quot;caption&quot;:&quot;&quot;,&quot;created_timestamp&quot;:&quot;1724840024&quot;,&quot;copyright&quot;:&quot;&quot;,&quot;focal_length&quot;:&quot;4.2&quot;,&quot;iso&quot;:&quot;32&quot;,&quot;shutter_speed&quot;:&quot;0.0010030090270812&quot;,&quot;title&quot;:&quot;&quot;,&quot;orientation&quot;:&quot;1&quot;}\" data-image-title=\"IMG_1175\" data-image-description=\"\" data-image-caption=\"\" data-large-file=\"https:\/\/www.cisa-arica.cl\/wp1\/wp-content\/uploads\/2024\/08\/IMG_1175-450x600.jpeg\" data-attachment-id=\"26429\" data-permalink=\"https:\/\/www.cisa-arica.cl\/wp1\/2024\/08\/29\/participacion-cisa-en-iv-feria-literaria-2024\/img_1175\/\" data-orig-file=\"https:\/\/www.cisa-arica.cl\/wp1\/wp-content\/uploads\/2024\/08\/IMG_1175-scaled.jpeg\" data-orig-size=\"1920,2560\" data-comments-opened=\"0\" data-image-meta=\"{&quot;aperture&quot;:&quot;1.6&quot;,&quot;credit&quot;:&quot;&quot;,&quot;camera&quot;:&quot;iPhone 12 Pro&quot;,&quot;caption&quot;:&quot;&quot;,&quot;created_timestamp&quot;:&quot;1724840024&quot;,&quot;copyright&quot;:&quot;&quot;,&quot;focal_length&quot;:&quot;4.2&quot;,&quot;iso&quot;:&quot;32&quot;,&quot;shutter_speed&quot;:&quot;0.0010030090270812&quot;,&quot;title&quot;:&quot;&quot;,&quot;orientation&quot;:&quot;1&quot;}\" data-image-title=\"IMG_1175\" data-image-description=\"\" data-image-caption=\"\" data-large-file=\"https:\/\/www.cisa-arica.cl\/wp1\/wp-content\/uploads\/2024\/08\/IMG_1175-450x600.jpeg\" role=\"button\" tabindex=\"0\" aria-label=\"Abrir la imagen 18 de 57 en pantalla completa\"srcset=\"https:\/\/i0.wp.com\/www.cisa-arica.cl\/wp1\/wp-content\/uploads\/2024\/08\/IMG_1175-450x600.jpeg?strip=info&#038;w=600&#038;ssl=1 600w,https:\/\/i0.wp.com\/www.cisa-arica.cl\/wp1\/wp-content\/uploads\/2024\/08\/IMG_1175-450x600.jpeg?strip=info&#038;w=900&#038;ssl=1 900w,https:\/\/i0.wp.com\/www.cisa-arica.cl\/wp1\/wp-content\/uploads\/2024\/08\/IMG_1175-450x600.jpeg?strip=info&#038;w=1200&#038;ssl=1 1200w,https:\/\/i0.wp.com\/www.cisa-arica.cl\/wp1\/wp-content\/uploads\/2024\/08\/IMG_1175-450x600.jpeg?strip=info&#038;w=1500&#038;ssl=1 1500w,https:\/\/i0.wp.com\/www.cisa-arica.cl\/wp1\/wp-content\/uploads\/2024\/08\/IMG_1175-450x600.jpeg?strip=info&#038;w=1800&#038;ssl=1 1800w,https:\/\/i0.wp.com\/www.cisa-arica.cl\/wp1\/wp-content\/uploads\/2024\/08\/IMG_1175-450x600.jpeg?strip=info&#038;w=1920&#038;ssl=1 1920w\" alt=\"\" data-height=\"2560\" data-id=\"26429\" data-link=\"https:\/\/www.cisa-arica.cl\/wp1\/?attachment_id=26429\" data-url=\"https:\/\/www.cisa-arica.cl\/wp1\/wp-content\/uploads\/2024\/08\/IMG_1175-450x600.jpeg\" data-width=\"1920\" src=\"https:\/\/i0.wp.com\/www.cisa-arica.cl\/wp1\/wp-content\/uploads\/2024\/08\/IMG_1175-450x600.jpeg?ssl=1\" data-amp-layout=\"responsive\"\/><\/figure><\/div><\/div><div class=\"tiled-gallery__row\"><div class=\"tiled-gallery__col\" style=\"flex-basis:63.97149%\"><figure class=\"tiled-gallery__item\"><img decoding=\"async\" data-attachment-id=\"26430\" data-permalink=\"https:\/\/www.cisa-arica.cl\/wp1\/2024\/08\/29\/participacion-cisa-en-iv-feria-literaria-2024\/img_1177\/\" data-orig-file=\"https:\/\/www.cisa-arica.cl\/wp1\/wp-content\/uploads\/2024\/08\/IMG_1177-scaled.jpeg\" data-orig-size=\"2560,1920\" data-comments-opened=\"0\" data-image-meta=\"{&quot;aperture&quot;:&quot;1.6&quot;,&quot;credit&quot;:&quot;&quot;,&quot;camera&quot;:&quot;iPhone 12 Pro&quot;,&quot;caption&quot;:&quot;&quot;,&quot;created_timestamp&quot;:&quot;1724840052&quot;,&quot;copyright&quot;:&quot;&quot;,&quot;focal_length&quot;:&quot;4.2&quot;,&quot;iso&quot;:&quot;32&quot;,&quot;shutter_speed&quot;:&quot;0.0016339869281046&quot;,&quot;title&quot;:&quot;&quot;,&quot;orientation&quot;:&quot;1&quot;}\" data-image-title=\"IMG_1177\" data-image-description=\"\" data-image-caption=\"\" data-large-file=\"https:\/\/www.cisa-arica.cl\/wp1\/wp-content\/uploads\/2024\/08\/IMG_1177-600x450.jpeg\" data-attachment-id=\"26430\" data-permalink=\"https:\/\/www.cisa-arica.cl\/wp1\/2024\/08\/29\/participacion-cisa-en-iv-feria-literaria-2024\/img_1177\/\" data-orig-file=\"https:\/\/www.cisa-arica.cl\/wp1\/wp-content\/uploads\/2024\/08\/IMG_1177-scaled.jpeg\" data-orig-size=\"2560,1920\" data-comments-opened=\"0\" data-image-meta=\"{&quot;aperture&quot;:&quot;1.6&quot;,&quot;credit&quot;:&quot;&quot;,&quot;camera&quot;:&quot;iPhone 12 Pro&quot;,&quot;caption&quot;:&quot;&quot;,&quot;created_timestamp&quot;:&quot;1724840052&quot;,&quot;copyright&quot;:&quot;&quot;,&quot;focal_length&quot;:&quot;4.2&quot;,&quot;iso&quot;:&quot;32&quot;,&quot;shutter_speed&quot;:&quot;0.0016339869281046&quot;,&quot;title&quot;:&quot;&quot;,&quot;orientation&quot;:&quot;1&quot;}\" data-image-title=\"IMG_1177\" data-image-description=\"\" data-image-caption=\"\" data-large-file=\"https:\/\/www.cisa-arica.cl\/wp1\/wp-content\/uploads\/2024\/08\/IMG_1177-600x450.jpeg\" role=\"button\" tabindex=\"0\" aria-label=\"Abrir la imagen 19 de 57 en pantalla completa\"srcset=\"https:\/\/i2.wp.com\/www.cisa-arica.cl\/wp1\/wp-content\/uploads\/2024\/08\/IMG_1177-600x450.jpeg?strip=info&#038;w=600&#038;ssl=1 600w,https:\/\/i2.wp.com\/www.cisa-arica.cl\/wp1\/wp-content\/uploads\/2024\/08\/IMG_1177-600x450.jpeg?strip=info&#038;w=900&#038;ssl=1 900w,https:\/\/i2.wp.com\/www.cisa-arica.cl\/wp1\/wp-content\/uploads\/2024\/08\/IMG_1177-600x450.jpeg?strip=info&#038;w=1200&#038;ssl=1 1200w,https:\/\/i2.wp.com\/www.cisa-arica.cl\/wp1\/wp-content\/uploads\/2024\/08\/IMG_1177-600x450.jpeg?strip=info&#038;w=1500&#038;ssl=1 1500w,https:\/\/i2.wp.com\/www.cisa-arica.cl\/wp1\/wp-content\/uploads\/2024\/08\/IMG_1177-600x450.jpeg?strip=info&#038;w=1800&#038;ssl=1 1800w,https:\/\/i2.wp.com\/www.cisa-arica.cl\/wp1\/wp-content\/uploads\/2024\/08\/IMG_1177-600x450.jpeg?strip=info&#038;w=2000&#038;ssl=1 2000w\" alt=\"\" data-height=\"1920\" data-id=\"26430\" data-link=\"https:\/\/www.cisa-arica.cl\/wp1\/?attachment_id=26430\" data-url=\"https:\/\/www.cisa-arica.cl\/wp1\/wp-content\/uploads\/2024\/08\/IMG_1177-600x450.jpeg\" data-width=\"2560\" src=\"https:\/\/i2.wp.com\/www.cisa-arica.cl\/wp1\/wp-content\/uploads\/2024\/08\/IMG_1177-600x450.jpeg?ssl=1\" data-amp-layout=\"responsive\"\/><\/figure><\/div><div class=\"tiled-gallery__col\" style=\"flex-basis:36.02851%\"><figure class=\"tiled-gallery__item\"><img decoding=\"async\" data-attachment-id=\"26431\" data-permalink=\"https:\/\/www.cisa-arica.cl\/wp1\/2024\/08\/29\/participacion-cisa-en-iv-feria-literaria-2024\/img_1178\/\" data-orig-file=\"https:\/\/www.cisa-arica.cl\/wp1\/wp-content\/uploads\/2024\/08\/IMG_1178-scaled.jpeg\" data-orig-size=\"1920,2560\" data-comments-opened=\"0\" data-image-meta=\"{&quot;aperture&quot;:&quot;1.6&quot;,&quot;credit&quot;:&quot;&quot;,&quot;camera&quot;:&quot;iPhone 12 Pro&quot;,&quot;caption&quot;:&quot;&quot;,&quot;created_timestamp&quot;:&quot;1724840140&quot;,&quot;copyright&quot;:&quot;&quot;,&quot;focal_length&quot;:&quot;4.2&quot;,&quot;iso&quot;:&quot;32&quot;,&quot;shutter_speed&quot;:&quot;0.0013262599469496&quot;,&quot;title&quot;:&quot;&quot;,&quot;orientation&quot;:&quot;1&quot;}\" data-image-title=\"IMG_1178\" data-image-description=\"\" data-image-caption=\"\" data-large-file=\"https:\/\/www.cisa-arica.cl\/wp1\/wp-content\/uploads\/2024\/08\/IMG_1178-450x600.jpeg\" data-attachment-id=\"26431\" data-permalink=\"https:\/\/www.cisa-arica.cl\/wp1\/2024\/08\/29\/participacion-cisa-en-iv-feria-literaria-2024\/img_1178\/\" data-orig-file=\"https:\/\/www.cisa-arica.cl\/wp1\/wp-content\/uploads\/2024\/08\/IMG_1178-scaled.jpeg\" data-orig-size=\"1920,2560\" data-comments-opened=\"0\" data-image-meta=\"{&quot;aperture&quot;:&quot;1.6&quot;,&quot;credit&quot;:&quot;&quot;,&quot;camera&quot;:&quot;iPhone 12 Pro&quot;,&quot;caption&quot;:&quot;&quot;,&quot;created_timestamp&quot;:&quot;1724840140&quot;,&quot;copyright&quot;:&quot;&quot;,&quot;focal_length&quot;:&quot;4.2&quot;,&quot;iso&quot;:&quot;32&quot;,&quot;shutter_speed&quot;:&quot;0.0013262599469496&quot;,&quot;title&quot;:&quot;&quot;,&quot;orientation&quot;:&quot;1&quot;}\" data-image-title=\"IMG_1178\" data-image-description=\"\" data-image-caption=\"\" data-large-file=\"https:\/\/www.cisa-arica.cl\/wp1\/wp-content\/uploads\/2024\/08\/IMG_1178-450x600.jpeg\" role=\"button\" tabindex=\"0\" aria-label=\"Abrir la imagen 20 de 57 en pantalla completa\"srcset=\"https:\/\/i0.wp.com\/www.cisa-arica.cl\/wp1\/wp-content\/uploads\/2024\/08\/IMG_1178-450x600.jpeg?strip=info&#038;w=600&#038;ssl=1 600w,https:\/\/i0.wp.com\/www.cisa-arica.cl\/wp1\/wp-content\/uploads\/2024\/08\/IMG_1178-450x600.jpeg?strip=info&#038;w=900&#038;ssl=1 900w,https:\/\/i0.wp.com\/www.cisa-arica.cl\/wp1\/wp-content\/uploads\/2024\/08\/IMG_1178-450x600.jpeg?strip=info&#038;w=1200&#038;ssl=1 1200w,https:\/\/i0.wp.com\/www.cisa-arica.cl\/wp1\/wp-content\/uploads\/2024\/08\/IMG_1178-450x600.jpeg?strip=info&#038;w=1500&#038;ssl=1 1500w,https:\/\/i0.wp.com\/www.cisa-arica.cl\/wp1\/wp-content\/uploads\/2024\/08\/IMG_1178-450x600.jpeg?strip=info&#038;w=1800&#038;ssl=1 1800w,https:\/\/i0.wp.com\/www.cisa-arica.cl\/wp1\/wp-content\/uploads\/2024\/08\/IMG_1178-450x600.jpeg?strip=info&#038;w=1920&#038;ssl=1 1920w\" alt=\"\" data-height=\"2560\" data-id=\"26431\" data-link=\"https:\/\/www.cisa-arica.cl\/wp1\/?attachment_id=26431\" data-url=\"https:\/\/www.cisa-arica.cl\/wp1\/wp-content\/uploads\/2024\/08\/IMG_1178-450x600.jpeg\" data-width=\"1920\" src=\"https:\/\/i0.wp.com\/www.cisa-arica.cl\/wp1\/wp-content\/uploads\/2024\/08\/IMG_1178-450x600.jpeg?ssl=1\" data-amp-layout=\"responsive\"\/><\/figure><\/div><\/div><div class=\"tiled-gallery__row\"><div class=\"tiled-gallery__col\" style=\"flex-basis:25.00000%\"><figure class=\"tiled-gallery__item\"><img decoding=\"async\" data-attachment-id=\"26432\" data-permalink=\"https:\/\/www.cisa-arica.cl\/wp1\/2024\/08\/29\/participacion-cisa-en-iv-feria-literaria-2024\/img_1179\/\" data-orig-file=\"https:\/\/www.cisa-arica.cl\/wp1\/wp-content\/uploads\/2024\/08\/IMG_1179-scaled.jpeg\" data-orig-size=\"1920,2560\" data-comments-opened=\"0\" data-image-meta=\"{&quot;aperture&quot;:&quot;1.6&quot;,&quot;credit&quot;:&quot;&quot;,&quot;camera&quot;:&quot;iPhone 12 Pro&quot;,&quot;caption&quot;:&quot;&quot;,&quot;created_timestamp&quot;:&quot;1724840206&quot;,&quot;copyright&quot;:&quot;&quot;,&quot;focal_length&quot;:&quot;4.2&quot;,&quot;iso&quot;:&quot;32&quot;,&quot;shutter_speed&quot;:&quot;0.0013717421124829&quot;,&quot;title&quot;:&quot;&quot;,&quot;orientation&quot;:&quot;1&quot;}\" data-image-title=\"IMG_1179\" data-image-description=\"\" data-image-caption=\"\" data-large-file=\"https:\/\/www.cisa-arica.cl\/wp1\/wp-content\/uploads\/2024\/08\/IMG_1179-450x600.jpeg\" data-attachment-id=\"26432\" data-permalink=\"https:\/\/www.cisa-arica.cl\/wp1\/2024\/08\/29\/participacion-cisa-en-iv-feria-literaria-2024\/img_1179\/\" data-orig-file=\"https:\/\/www.cisa-arica.cl\/wp1\/wp-content\/uploads\/2024\/08\/IMG_1179-scaled.jpeg\" data-orig-size=\"1920,2560\" data-comments-opened=\"0\" data-image-meta=\"{&quot;aperture&quot;:&quot;1.6&quot;,&quot;credit&quot;:&quot;&quot;,&quot;camera&quot;:&quot;iPhone 12 Pro&quot;,&quot;caption&quot;:&quot;&quot;,&quot;created_timestamp&quot;:&quot;1724840206&quot;,&quot;copyright&quot;:&quot;&quot;,&quot;focal_length&quot;:&quot;4.2&quot;,&quot;iso&quot;:&quot;32&quot;,&quot;shutter_speed&quot;:&quot;0.0013717421124829&quot;,&quot;title&quot;:&quot;&quot;,&quot;orientation&quot;:&quot;1&quot;}\" data-image-title=\"IMG_1179\" data-image-description=\"\" data-image-caption=\"\" data-large-file=\"https:\/\/www.cisa-arica.cl\/wp1\/wp-content\/uploads\/2024\/08\/IMG_1179-450x600.jpeg\" role=\"button\" tabindex=\"0\" aria-label=\"Abrir la imagen 21 de 57 en pantalla completa\"srcset=\"https:\/\/i2.wp.com\/www.cisa-arica.cl\/wp1\/wp-content\/uploads\/2024\/08\/IMG_1179-450x600.jpeg?strip=info&#038;w=600&#038;ssl=1 600w,https:\/\/i2.wp.com\/www.cisa-arica.cl\/wp1\/wp-content\/uploads\/2024\/08\/IMG_1179-450x600.jpeg?strip=info&#038;w=900&#038;ssl=1 900w,https:\/\/i2.wp.com\/www.cisa-arica.cl\/wp1\/wp-content\/uploads\/2024\/08\/IMG_1179-450x600.jpeg?strip=info&#038;w=1200&#038;ssl=1 1200w,https:\/\/i2.wp.com\/www.cisa-arica.cl\/wp1\/wp-content\/uploads\/2024\/08\/IMG_1179-450x600.jpeg?strip=info&#038;w=1500&#038;ssl=1 1500w,https:\/\/i2.wp.com\/www.cisa-arica.cl\/wp1\/wp-content\/uploads\/2024\/08\/IMG_1179-450x600.jpeg?strip=info&#038;w=1800&#038;ssl=1 1800w,https:\/\/i2.wp.com\/www.cisa-arica.cl\/wp1\/wp-content\/uploads\/2024\/08\/IMG_1179-450x600.jpeg?strip=info&#038;w=1920&#038;ssl=1 1920w\" alt=\"\" data-height=\"2560\" data-id=\"26432\" data-link=\"https:\/\/www.cisa-arica.cl\/wp1\/?attachment_id=26432\" data-url=\"https:\/\/www.cisa-arica.cl\/wp1\/wp-content\/uploads\/2024\/08\/IMG_1179-450x600.jpeg\" data-width=\"1920\" src=\"https:\/\/i2.wp.com\/www.cisa-arica.cl\/wp1\/wp-content\/uploads\/2024\/08\/IMG_1179-450x600.jpeg?ssl=1\" data-amp-layout=\"responsive\"\/><\/figure><\/div><div class=\"tiled-gallery__col\" style=\"flex-basis:25.00000%\"><figure class=\"tiled-gallery__item\"><img decoding=\"async\" data-attachment-id=\"26433\" data-permalink=\"https:\/\/www.cisa-arica.cl\/wp1\/2024\/08\/29\/participacion-cisa-en-iv-feria-literaria-2024\/img_1180\/\" data-orig-file=\"https:\/\/www.cisa-arica.cl\/wp1\/wp-content\/uploads\/2024\/08\/IMG_1180-scaled.jpeg\" data-orig-size=\"1920,2560\" data-comments-opened=\"0\" data-image-meta=\"{&quot;aperture&quot;:&quot;1.6&quot;,&quot;credit&quot;:&quot;&quot;,&quot;camera&quot;:&quot;iPhone 12 Pro&quot;,&quot;caption&quot;:&quot;&quot;,&quot;created_timestamp&quot;:&quot;1724840263&quot;,&quot;copyright&quot;:&quot;&quot;,&quot;focal_length&quot;:&quot;4.2&quot;,&quot;iso&quot;:&quot;32&quot;,&quot;shutter_speed&quot;:&quot;0.0014409221902017&quot;,&quot;title&quot;:&quot;&quot;,&quot;orientation&quot;:&quot;1&quot;}\" data-image-title=\"IMG_1180\" data-image-description=\"\" data-image-caption=\"\" data-large-file=\"https:\/\/www.cisa-arica.cl\/wp1\/wp-content\/uploads\/2024\/08\/IMG_1180-450x600.jpeg\" data-attachment-id=\"26433\" data-permalink=\"https:\/\/www.cisa-arica.cl\/wp1\/2024\/08\/29\/participacion-cisa-en-iv-feria-literaria-2024\/img_1180\/\" data-orig-file=\"https:\/\/www.cisa-arica.cl\/wp1\/wp-content\/uploads\/2024\/08\/IMG_1180-scaled.jpeg\" data-orig-size=\"1920,2560\" data-comments-opened=\"0\" data-image-meta=\"{&quot;aperture&quot;:&quot;1.6&quot;,&quot;credit&quot;:&quot;&quot;,&quot;camera&quot;:&quot;iPhone 12 Pro&quot;,&quot;caption&quot;:&quot;&quot;,&quot;created_timestamp&quot;:&quot;1724840263&quot;,&quot;copyright&quot;:&quot;&quot;,&quot;focal_length&quot;:&quot;4.2&quot;,&quot;iso&quot;:&quot;32&quot;,&quot;shutter_speed&quot;:&quot;0.0014409221902017&quot;,&quot;title&quot;:&quot;&quot;,&quot;orientation&quot;:&quot;1&quot;}\" data-image-title=\"IMG_1180\" data-image-description=\"\" data-image-caption=\"\" data-large-file=\"https:\/\/www.cisa-arica.cl\/wp1\/wp-content\/uploads\/2024\/08\/IMG_1180-450x600.jpeg\" role=\"button\" tabindex=\"0\" aria-label=\"Abrir la imagen 22 de 57 en pantalla completa\"srcset=\"https:\/\/i1.wp.com\/www.cisa-arica.cl\/wp1\/wp-content\/uploads\/2024\/08\/IMG_1180-450x600.jpeg?strip=info&#038;w=600&#038;ssl=1 600w,https:\/\/i1.wp.com\/www.cisa-arica.cl\/wp1\/wp-content\/uploads\/2024\/08\/IMG_1180-450x600.jpeg?strip=info&#038;w=900&#038;ssl=1 900w,https:\/\/i1.wp.com\/www.cisa-arica.cl\/wp1\/wp-content\/uploads\/2024\/08\/IMG_1180-450x600.jpeg?strip=info&#038;w=1200&#038;ssl=1 1200w,https:\/\/i1.wp.com\/www.cisa-arica.cl\/wp1\/wp-content\/uploads\/2024\/08\/IMG_1180-450x600.jpeg?strip=info&#038;w=1500&#038;ssl=1 1500w,https:\/\/i1.wp.com\/www.cisa-arica.cl\/wp1\/wp-content\/uploads\/2024\/08\/IMG_1180-450x600.jpeg?strip=info&#038;w=1800&#038;ssl=1 1800w,https:\/\/i1.wp.com\/www.cisa-arica.cl\/wp1\/wp-content\/uploads\/2024\/08\/IMG_1180-450x600.jpeg?strip=info&#038;w=1920&#038;ssl=1 1920w\" alt=\"\" data-height=\"2560\" data-id=\"26433\" data-link=\"https:\/\/www.cisa-arica.cl\/wp1\/?attachment_id=26433\" data-url=\"https:\/\/www.cisa-arica.cl\/wp1\/wp-content\/uploads\/2024\/08\/IMG_1180-450x600.jpeg\" data-width=\"1920\" src=\"https:\/\/i1.wp.com\/www.cisa-arica.cl\/wp1\/wp-content\/uploads\/2024\/08\/IMG_1180-450x600.jpeg?ssl=1\" data-amp-layout=\"responsive\"\/><\/figure><\/div><div class=\"tiled-gallery__col\" style=\"flex-basis:25.00000%\"><figure class=\"tiled-gallery__item\"><img decoding=\"async\" data-attachment-id=\"26434\" data-permalink=\"https:\/\/www.cisa-arica.cl\/wp1\/2024\/08\/29\/participacion-cisa-en-iv-feria-literaria-2024\/img_1181\/\" data-orig-file=\"https:\/\/www.cisa-arica.cl\/wp1\/wp-content\/uploads\/2024\/08\/IMG_1181-scaled.jpeg\" data-orig-size=\"1920,2560\" data-comments-opened=\"0\" data-image-meta=\"{&quot;aperture&quot;:&quot;1.6&quot;,&quot;credit&quot;:&quot;&quot;,&quot;camera&quot;:&quot;iPhone 12 Pro&quot;,&quot;caption&quot;:&quot;&quot;,&quot;created_timestamp&quot;:&quot;1724840285&quot;,&quot;copyright&quot;:&quot;&quot;,&quot;focal_length&quot;:&quot;4.2&quot;,&quot;iso&quot;:&quot;32&quot;,&quot;shutter_speed&quot;:&quot;0.0015360983102919&quot;,&quot;title&quot;:&quot;&quot;,&quot;orientation&quot;:&quot;1&quot;}\" data-image-title=\"IMG_1181\" data-image-description=\"\" data-image-caption=\"\" data-large-file=\"https:\/\/www.cisa-arica.cl\/wp1\/wp-content\/uploads\/2024\/08\/IMG_1181-450x600.jpeg\" data-attachment-id=\"26434\" data-permalink=\"https:\/\/www.cisa-arica.cl\/wp1\/2024\/08\/29\/participacion-cisa-en-iv-feria-literaria-2024\/img_1181\/\" data-orig-file=\"https:\/\/www.cisa-arica.cl\/wp1\/wp-content\/uploads\/2024\/08\/IMG_1181-scaled.jpeg\" data-orig-size=\"1920,2560\" data-comments-opened=\"0\" data-image-meta=\"{&quot;aperture&quot;:&quot;1.6&quot;,&quot;credit&quot;:&quot;&quot;,&quot;camera&quot;:&quot;iPhone 12 Pro&quot;,&quot;caption&quot;:&quot;&quot;,&quot;created_timestamp&quot;:&quot;1724840285&quot;,&quot;copyright&quot;:&quot;&quot;,&quot;focal_length&quot;:&quot;4.2&quot;,&quot;iso&quot;:&quot;32&quot;,&quot;shutter_speed&quot;:&quot;0.0015360983102919&quot;,&quot;title&quot;:&quot;&quot;,&quot;orientation&quot;:&quot;1&quot;}\" data-image-title=\"IMG_1181\" data-image-description=\"\" data-image-caption=\"\" data-large-file=\"https:\/\/www.cisa-arica.cl\/wp1\/wp-content\/uploads\/2024\/08\/IMG_1181-450x600.jpeg\" role=\"button\" tabindex=\"0\" aria-label=\"Abrir la imagen 23 de 57 en pantalla completa\"srcset=\"https:\/\/i2.wp.com\/www.cisa-arica.cl\/wp1\/wp-content\/uploads\/2024\/08\/IMG_1181-450x600.jpeg?strip=info&#038;w=600&#038;ssl=1 600w,https:\/\/i2.wp.com\/www.cisa-arica.cl\/wp1\/wp-content\/uploads\/2024\/08\/IMG_1181-450x600.jpeg?strip=info&#038;w=900&#038;ssl=1 900w,https:\/\/i2.wp.com\/www.cisa-arica.cl\/wp1\/wp-content\/uploads\/2024\/08\/IMG_1181-450x600.jpeg?strip=info&#038;w=1200&#038;ssl=1 1200w,https:\/\/i2.wp.com\/www.cisa-arica.cl\/wp1\/wp-content\/uploads\/2024\/08\/IMG_1181-450x600.jpeg?strip=info&#038;w=1500&#038;ssl=1 1500w,https:\/\/i2.wp.com\/www.cisa-arica.cl\/wp1\/wp-content\/uploads\/2024\/08\/IMG_1181-450x600.jpeg?strip=info&#038;w=1800&#038;ssl=1 1800w,https:\/\/i2.wp.com\/www.cisa-arica.cl\/wp1\/wp-content\/uploads\/2024\/08\/IMG_1181-450x600.jpeg?strip=info&#038;w=1920&#038;ssl=1 1920w\" alt=\"\" data-height=\"2560\" data-id=\"26434\" data-link=\"https:\/\/www.cisa-arica.cl\/wp1\/?attachment_id=26434\" data-url=\"https:\/\/www.cisa-arica.cl\/wp1\/wp-content\/uploads\/2024\/08\/IMG_1181-450x600.jpeg\" data-width=\"1920\" src=\"https:\/\/i2.wp.com\/www.cisa-arica.cl\/wp1\/wp-content\/uploads\/2024\/08\/IMG_1181-450x600.jpeg?ssl=1\" data-amp-layout=\"responsive\"\/><\/figure><\/div><div class=\"tiled-gallery__col\" style=\"flex-basis:25.00000%\"><figure class=\"tiled-gallery__item\"><img decoding=\"async\" data-attachment-id=\"26435\" data-permalink=\"https:\/\/www.cisa-arica.cl\/wp1\/2024\/08\/29\/participacion-cisa-en-iv-feria-literaria-2024\/img_1182\/\" data-orig-file=\"https:\/\/www.cisa-arica.cl\/wp1\/wp-content\/uploads\/2024\/08\/IMG_1182-scaled.jpeg\" data-orig-size=\"1920,2560\" data-comments-opened=\"0\" data-image-meta=\"{&quot;aperture&quot;:&quot;1.6&quot;,&quot;credit&quot;:&quot;&quot;,&quot;camera&quot;:&quot;iPhone 12 Pro&quot;,&quot;caption&quot;:&quot;&quot;,&quot;created_timestamp&quot;:&quot;1724840369&quot;,&quot;copyright&quot;:&quot;&quot;,&quot;focal_length&quot;:&quot;4.2&quot;,&quot;iso&quot;:&quot;32&quot;,&quot;shutter_speed&quot;:&quot;0.0009765625&quot;,&quot;title&quot;:&quot;&quot;,&quot;orientation&quot;:&quot;1&quot;}\" data-image-title=\"IMG_1182\" data-image-description=\"\" data-image-caption=\"\" data-large-file=\"https:\/\/www.cisa-arica.cl\/wp1\/wp-content\/uploads\/2024\/08\/IMG_1182-450x600.jpeg\" data-attachment-id=\"26435\" data-permalink=\"https:\/\/www.cisa-arica.cl\/wp1\/2024\/08\/29\/participacion-cisa-en-iv-feria-literaria-2024\/img_1182\/\" data-orig-file=\"https:\/\/www.cisa-arica.cl\/wp1\/wp-content\/uploads\/2024\/08\/IMG_1182-scaled.jpeg\" data-orig-size=\"1920,2560\" data-comments-opened=\"0\" data-image-meta=\"{&quot;aperture&quot;:&quot;1.6&quot;,&quot;credit&quot;:&quot;&quot;,&quot;camera&quot;:&quot;iPhone 12 Pro&quot;,&quot;caption&quot;:&quot;&quot;,&quot;created_timestamp&quot;:&quot;1724840369&quot;,&quot;copyright&quot;:&quot;&quot;,&quot;focal_length&quot;:&quot;4.2&quot;,&quot;iso&quot;:&quot;32&quot;,&quot;shutter_speed&quot;:&quot;0.0009765625&quot;,&quot;title&quot;:&quot;&quot;,&quot;orientation&quot;:&quot;1&quot;}\" data-image-title=\"IMG_1182\" data-image-description=\"\" data-image-caption=\"\" data-large-file=\"https:\/\/www.cisa-arica.cl\/wp1\/wp-content\/uploads\/2024\/08\/IMG_1182-450x600.jpeg\" role=\"button\" tabindex=\"0\" aria-label=\"Abrir la imagen 24 de 57 en pantalla completa\"srcset=\"https:\/\/i2.wp.com\/www.cisa-arica.cl\/wp1\/wp-content\/uploads\/2024\/08\/IMG_1182-450x600.jpeg?strip=info&#038;w=600&#038;ssl=1 600w,https:\/\/i2.wp.com\/www.cisa-arica.cl\/wp1\/wp-content\/uploads\/2024\/08\/IMG_1182-450x600.jpeg?strip=info&#038;w=900&#038;ssl=1 900w,https:\/\/i2.wp.com\/www.cisa-arica.cl\/wp1\/wp-content\/uploads\/2024\/08\/IMG_1182-450x600.jpeg?strip=info&#038;w=1200&#038;ssl=1 1200w,https:\/\/i2.wp.com\/www.cisa-arica.cl\/wp1\/wp-content\/uploads\/2024\/08\/IMG_1182-450x600.jpeg?strip=info&#038;w=1500&#038;ssl=1 1500w,https:\/\/i2.wp.com\/www.cisa-arica.cl\/wp1\/wp-content\/uploads\/2024\/08\/IMG_1182-450x600.jpeg?strip=info&#038;w=1800&#038;ssl=1 1800w,https:\/\/i2.wp.com\/www.cisa-arica.cl\/wp1\/wp-content\/uploads\/2024\/08\/IMG_1182-450x600.jpeg?strip=info&#038;w=1920&#038;ssl=1 1920w\" alt=\"\" data-height=\"2560\" data-id=\"26435\" data-link=\"https:\/\/www.cisa-arica.cl\/wp1\/?attachment_id=26435\" data-url=\"https:\/\/www.cisa-arica.cl\/wp1\/wp-content\/uploads\/2024\/08\/IMG_1182-450x600.jpeg\" data-width=\"1920\" src=\"https:\/\/i2.wp.com\/www.cisa-arica.cl\/wp1\/wp-content\/uploads\/2024\/08\/IMG_1182-450x600.jpeg?ssl=1\" data-amp-layout=\"responsive\"\/><\/figure><\/div><\/div><div class=\"tiled-gallery__row\"><div class=\"tiled-gallery__col\" style=\"flex-basis:33.33333%\"><figure class=\"tiled-gallery__item\"><img decoding=\"async\" data-attachment-id=\"26436\" data-permalink=\"https:\/\/www.cisa-arica.cl\/wp1\/2024\/08\/29\/participacion-cisa-en-iv-feria-literaria-2024\/img_1185\/\" data-orig-file=\"https:\/\/www.cisa-arica.cl\/wp1\/wp-content\/uploads\/2024\/08\/IMG_1185-scaled.jpeg\" data-orig-size=\"1920,2560\" data-comments-opened=\"0\" data-image-meta=\"{&quot;aperture&quot;:&quot;1.6&quot;,&quot;credit&quot;:&quot;&quot;,&quot;camera&quot;:&quot;iPhone 12 Pro&quot;,&quot;caption&quot;:&quot;&quot;,&quot;created_timestamp&quot;:&quot;1724840598&quot;,&quot;copyright&quot;:&quot;&quot;,&quot;focal_length&quot;:&quot;4.2&quot;,&quot;iso&quot;:&quot;32&quot;,&quot;shutter_speed&quot;:&quot;0.00095057034220532&quot;,&quot;title&quot;:&quot;&quot;,&quot;orientation&quot;:&quot;1&quot;}\" data-image-title=\"IMG_1185\" data-image-description=\"\" data-image-caption=\"\" data-large-file=\"https:\/\/www.cisa-arica.cl\/wp1\/wp-content\/uploads\/2024\/08\/IMG_1185-450x600.jpeg\" data-attachment-id=\"26436\" data-permalink=\"https:\/\/www.cisa-arica.cl\/wp1\/2024\/08\/29\/participacion-cisa-en-iv-feria-literaria-2024\/img_1185\/\" data-orig-file=\"https:\/\/www.cisa-arica.cl\/wp1\/wp-content\/uploads\/2024\/08\/IMG_1185-scaled.jpeg\" data-orig-size=\"1920,2560\" data-comments-opened=\"0\" data-image-meta=\"{&quot;aperture&quot;:&quot;1.6&quot;,&quot;credit&quot;:&quot;&quot;,&quot;camera&quot;:&quot;iPhone 12 Pro&quot;,&quot;caption&quot;:&quot;&quot;,&quot;created_timestamp&quot;:&quot;1724840598&quot;,&quot;copyright&quot;:&quot;&quot;,&quot;focal_length&quot;:&quot;4.2&quot;,&quot;iso&quot;:&quot;32&quot;,&quot;shutter_speed&quot;:&quot;0.00095057034220532&quot;,&quot;title&quot;:&quot;&quot;,&quot;orientation&quot;:&quot;1&quot;}\" data-image-title=\"IMG_1185\" data-image-description=\"\" data-image-caption=\"\" data-large-file=\"https:\/\/www.cisa-arica.cl\/wp1\/wp-content\/uploads\/2024\/08\/IMG_1185-450x600.jpeg\" role=\"button\" tabindex=\"0\" aria-label=\"Abrir la imagen 25 de 57 en pantalla completa\"srcset=\"https:\/\/i0.wp.com\/www.cisa-arica.cl\/wp1\/wp-content\/uploads\/2024\/08\/IMG_1185-450x600.jpeg?strip=info&#038;w=600&#038;ssl=1 600w,https:\/\/i0.wp.com\/www.cisa-arica.cl\/wp1\/wp-content\/uploads\/2024\/08\/IMG_1185-450x600.jpeg?strip=info&#038;w=900&#038;ssl=1 900w,https:\/\/i0.wp.com\/www.cisa-arica.cl\/wp1\/wp-content\/uploads\/2024\/08\/IMG_1185-450x600.jpeg?strip=info&#038;w=1200&#038;ssl=1 1200w,https:\/\/i0.wp.com\/www.cisa-arica.cl\/wp1\/wp-content\/uploads\/2024\/08\/IMG_1185-450x600.jpeg?strip=info&#038;w=1500&#038;ssl=1 1500w,https:\/\/i0.wp.com\/www.cisa-arica.cl\/wp1\/wp-content\/uploads\/2024\/08\/IMG_1185-450x600.jpeg?strip=info&#038;w=1800&#038;ssl=1 1800w,https:\/\/i0.wp.com\/www.cisa-arica.cl\/wp1\/wp-content\/uploads\/2024\/08\/IMG_1185-450x600.jpeg?strip=info&#038;w=1920&#038;ssl=1 1920w\" alt=\"\" data-height=\"2560\" data-id=\"26436\" data-link=\"https:\/\/www.cisa-arica.cl\/wp1\/?attachment_id=26436\" data-url=\"https:\/\/www.cisa-arica.cl\/wp1\/wp-content\/uploads\/2024\/08\/IMG_1185-450x600.jpeg\" data-width=\"1920\" src=\"https:\/\/i0.wp.com\/www.cisa-arica.cl\/wp1\/wp-content\/uploads\/2024\/08\/IMG_1185-450x600.jpeg?ssl=1\" data-amp-layout=\"responsive\"\/><\/figure><\/div><div class=\"tiled-gallery__col\" style=\"flex-basis:33.33333%\"><figure class=\"tiled-gallery__item\"><img decoding=\"async\" data-attachment-id=\"26437\" data-permalink=\"https:\/\/www.cisa-arica.cl\/wp1\/2024\/08\/29\/participacion-cisa-en-iv-feria-literaria-2024\/img_1184\/\" data-orig-file=\"https:\/\/www.cisa-arica.cl\/wp1\/wp-content\/uploads\/2024\/08\/IMG_1184-scaled.jpeg\" data-orig-size=\"1920,2560\" data-comments-opened=\"0\" data-image-meta=\"{&quot;aperture&quot;:&quot;1.6&quot;,&quot;credit&quot;:&quot;&quot;,&quot;camera&quot;:&quot;iPhone 12 Pro&quot;,&quot;caption&quot;:&quot;&quot;,&quot;created_timestamp&quot;:&quot;1724840431&quot;,&quot;copyright&quot;:&quot;&quot;,&quot;focal_length&quot;:&quot;4.2&quot;,&quot;iso&quot;:&quot;32&quot;,&quot;shutter_speed&quot;:&quot;0.0016420361247947&quot;,&quot;title&quot;:&quot;&quot;,&quot;orientation&quot;:&quot;1&quot;}\" data-image-title=\"IMG_1184\" data-image-description=\"\" data-image-caption=\"\" data-large-file=\"https:\/\/www.cisa-arica.cl\/wp1\/wp-content\/uploads\/2024\/08\/IMG_1184-450x600.jpeg\" data-attachment-id=\"26437\" data-permalink=\"https:\/\/www.cisa-arica.cl\/wp1\/2024\/08\/29\/participacion-cisa-en-iv-feria-literaria-2024\/img_1184\/\" data-orig-file=\"https:\/\/www.cisa-arica.cl\/wp1\/wp-content\/uploads\/2024\/08\/IMG_1184-scaled.jpeg\" data-orig-size=\"1920,2560\" data-comments-opened=\"0\" data-image-meta=\"{&quot;aperture&quot;:&quot;1.6&quot;,&quot;credit&quot;:&quot;&quot;,&quot;camera&quot;:&quot;iPhone 12 Pro&quot;,&quot;caption&quot;:&quot;&quot;,&quot;created_timestamp&quot;:&quot;1724840431&quot;,&quot;copyright&quot;:&quot;&quot;,&quot;focal_length&quot;:&quot;4.2&quot;,&quot;iso&quot;:&quot;32&quot;,&quot;shutter_speed&quot;:&quot;0.0016420361247947&quot;,&quot;title&quot;:&quot;&quot;,&quot;orientation&quot;:&quot;1&quot;}\" data-image-title=\"IMG_1184\" data-image-description=\"\" data-image-caption=\"\" data-large-file=\"https:\/\/www.cisa-arica.cl\/wp1\/wp-content\/uploads\/2024\/08\/IMG_1184-450x600.jpeg\" role=\"button\" tabindex=\"0\" aria-label=\"Abrir la imagen 26 de 57 en pantalla completa\"srcset=\"https:\/\/i2.wp.com\/www.cisa-arica.cl\/wp1\/wp-content\/uploads\/2024\/08\/IMG_1184-450x600.jpeg?strip=info&#038;w=600&#038;ssl=1 600w,https:\/\/i2.wp.com\/www.cisa-arica.cl\/wp1\/wp-content\/uploads\/2024\/08\/IMG_1184-450x600.jpeg?strip=info&#038;w=900&#038;ssl=1 900w,https:\/\/i2.wp.com\/www.cisa-arica.cl\/wp1\/wp-content\/uploads\/2024\/08\/IMG_1184-450x600.jpeg?strip=info&#038;w=1200&#038;ssl=1 1200w,https:\/\/i2.wp.com\/www.cisa-arica.cl\/wp1\/wp-content\/uploads\/2024\/08\/IMG_1184-450x600.jpeg?strip=info&#038;w=1500&#038;ssl=1 1500w,https:\/\/i2.wp.com\/www.cisa-arica.cl\/wp1\/wp-content\/uploads\/2024\/08\/IMG_1184-450x600.jpeg?strip=info&#038;w=1800&#038;ssl=1 1800w,https:\/\/i2.wp.com\/www.cisa-arica.cl\/wp1\/wp-content\/uploads\/2024\/08\/IMG_1184-450x600.jpeg?strip=info&#038;w=1920&#038;ssl=1 1920w\" alt=\"\" data-height=\"2560\" data-id=\"26437\" data-link=\"https:\/\/www.cisa-arica.cl\/wp1\/?attachment_id=26437\" data-url=\"https:\/\/www.cisa-arica.cl\/wp1\/wp-content\/uploads\/2024\/08\/IMG_1184-450x600.jpeg\" data-width=\"1920\" src=\"https:\/\/i2.wp.com\/www.cisa-arica.cl\/wp1\/wp-content\/uploads\/2024\/08\/IMG_1184-450x600.jpeg?ssl=1\" data-amp-layout=\"responsive\"\/><\/figure><\/div><div class=\"tiled-gallery__col\" style=\"flex-basis:33.33333%\"><figure class=\"tiled-gallery__item\"><img decoding=\"async\" data-attachment-id=\"26438\" data-permalink=\"https:\/\/www.cisa-arica.cl\/wp1\/2024\/08\/29\/participacion-cisa-en-iv-feria-literaria-2024\/img_1187\/\" data-orig-file=\"https:\/\/www.cisa-arica.cl\/wp1\/wp-content\/uploads\/2024\/08\/IMG_1187-scaled.jpeg\" data-orig-size=\"1920,2560\" data-comments-opened=\"0\" data-image-meta=\"{&quot;aperture&quot;:&quot;1.6&quot;,&quot;credit&quot;:&quot;&quot;,&quot;camera&quot;:&quot;iPhone 12 Pro&quot;,&quot;caption&quot;:&quot;&quot;,&quot;created_timestamp&quot;:&quot;1724840709&quot;,&quot;copyright&quot;:&quot;&quot;,&quot;focal_length&quot;:&quot;4.2&quot;,&quot;iso&quot;:&quot;32&quot;,&quot;shutter_speed&quot;:&quot;0.00085397096498719&quot;,&quot;title&quot;:&quot;&quot;,&quot;orientation&quot;:&quot;1&quot;}\" data-image-title=\"IMG_1187\" data-image-description=\"\" data-image-caption=\"\" data-large-file=\"https:\/\/www.cisa-arica.cl\/wp1\/wp-content\/uploads\/2024\/08\/IMG_1187-450x600.jpeg\" data-attachment-id=\"26438\" data-permalink=\"https:\/\/www.cisa-arica.cl\/wp1\/2024\/08\/29\/participacion-cisa-en-iv-feria-literaria-2024\/img_1187\/\" data-orig-file=\"https:\/\/www.cisa-arica.cl\/wp1\/wp-content\/uploads\/2024\/08\/IMG_1187-scaled.jpeg\" data-orig-size=\"1920,2560\" data-comments-opened=\"0\" data-image-meta=\"{&quot;aperture&quot;:&quot;1.6&quot;,&quot;credit&quot;:&quot;&quot;,&quot;camera&quot;:&quot;iPhone 12 Pro&quot;,&quot;caption&quot;:&quot;&quot;,&quot;created_timestamp&quot;:&quot;1724840709&quot;,&quot;copyright&quot;:&quot;&quot;,&quot;focal_length&quot;:&quot;4.2&quot;,&quot;iso&quot;:&quot;32&quot;,&quot;shutter_speed&quot;:&quot;0.00085397096498719&quot;,&quot;title&quot;:&quot;&quot;,&quot;orientation&quot;:&quot;1&quot;}\" data-image-title=\"IMG_1187\" data-image-description=\"\" data-image-caption=\"\" data-large-file=\"https:\/\/www.cisa-arica.cl\/wp1\/wp-content\/uploads\/2024\/08\/IMG_1187-450x600.jpeg\" role=\"button\" tabindex=\"0\" aria-label=\"Abrir la imagen 27 de 57 en pantalla completa\"srcset=\"https:\/\/i1.wp.com\/www.cisa-arica.cl\/wp1\/wp-content\/uploads\/2024\/08\/IMG_1187-450x600.jpeg?strip=info&#038;w=600&#038;ssl=1 600w,https:\/\/i1.wp.com\/www.cisa-arica.cl\/wp1\/wp-content\/uploads\/2024\/08\/IMG_1187-450x600.jpeg?strip=info&#038;w=900&#038;ssl=1 900w,https:\/\/i1.wp.com\/www.cisa-arica.cl\/wp1\/wp-content\/uploads\/2024\/08\/IMG_1187-450x600.jpeg?strip=info&#038;w=1200&#038;ssl=1 1200w,https:\/\/i1.wp.com\/www.cisa-arica.cl\/wp1\/wp-content\/uploads\/2024\/08\/IMG_1187-450x600.jpeg?strip=info&#038;w=1500&#038;ssl=1 1500w,https:\/\/i1.wp.com\/www.cisa-arica.cl\/wp1\/wp-content\/uploads\/2024\/08\/IMG_1187-450x600.jpeg?strip=info&#038;w=1800&#038;ssl=1 1800w,https:\/\/i1.wp.com\/www.cisa-arica.cl\/wp1\/wp-content\/uploads\/2024\/08\/IMG_1187-450x600.jpeg?strip=info&#038;w=1920&#038;ssl=1 1920w\" alt=\"\" data-height=\"2560\" data-id=\"26438\" data-link=\"https:\/\/www.cisa-arica.cl\/wp1\/?attachment_id=26438\" data-url=\"https:\/\/www.cisa-arica.cl\/wp1\/wp-content\/uploads\/2024\/08\/IMG_1187-450x600.jpeg\" data-width=\"1920\" src=\"https:\/\/i1.wp.com\/www.cisa-arica.cl\/wp1\/wp-content\/uploads\/2024\/08\/IMG_1187-450x600.jpeg?ssl=1\" data-amp-layout=\"responsive\"\/><\/figure><\/div><\/div><div class=\"tiled-gallery__row\"><div class=\"tiled-gallery__col\" style=\"flex-basis:25.00000%\"><figure class=\"tiled-gallery__item\"><img decoding=\"async\" data-attachment-id=\"26439\" data-permalink=\"https:\/\/www.cisa-arica.cl\/wp1\/2024\/08\/29\/participacion-cisa-en-iv-feria-literaria-2024\/img_1188\/\" data-orig-file=\"https:\/\/www.cisa-arica.cl\/wp1\/wp-content\/uploads\/2024\/08\/IMG_1188-scaled.jpeg\" data-orig-size=\"1920,2560\" data-comments-opened=\"0\" data-image-meta=\"{&quot;aperture&quot;:&quot;1.6&quot;,&quot;credit&quot;:&quot;&quot;,&quot;camera&quot;:&quot;iPhone 12 Pro&quot;,&quot;caption&quot;:&quot;&quot;,&quot;created_timestamp&quot;:&quot;1724840800&quot;,&quot;copyright&quot;:&quot;&quot;,&quot;focal_length&quot;:&quot;4.2&quot;,&quot;iso&quot;:&quot;32&quot;,&quot;shutter_speed&quot;:&quot;0.0014925373134328&quot;,&quot;title&quot;:&quot;&quot;,&quot;orientation&quot;:&quot;1&quot;}\" data-image-title=\"IMG_1188\" data-image-description=\"\" data-image-caption=\"\" data-large-file=\"https:\/\/www.cisa-arica.cl\/wp1\/wp-content\/uploads\/2024\/08\/IMG_1188-450x600.jpeg\" data-attachment-id=\"26439\" data-permalink=\"https:\/\/www.cisa-arica.cl\/wp1\/2024\/08\/29\/participacion-cisa-en-iv-feria-literaria-2024\/img_1188\/\" data-orig-file=\"https:\/\/www.cisa-arica.cl\/wp1\/wp-content\/uploads\/2024\/08\/IMG_1188-scaled.jpeg\" data-orig-size=\"1920,2560\" data-comments-opened=\"0\" data-image-meta=\"{&quot;aperture&quot;:&quot;1.6&quot;,&quot;credit&quot;:&quot;&quot;,&quot;camera&quot;:&quot;iPhone 12 Pro&quot;,&quot;caption&quot;:&quot;&quot;,&quot;created_timestamp&quot;:&quot;1724840800&quot;,&quot;copyright&quot;:&quot;&quot;,&quot;focal_length&quot;:&quot;4.2&quot;,&quot;iso&quot;:&quot;32&quot;,&quot;shutter_speed&quot;:&quot;0.0014925373134328&quot;,&quot;title&quot;:&quot;&quot;,&quot;orientation&quot;:&quot;1&quot;}\" data-image-title=\"IMG_1188\" data-image-description=\"\" data-image-caption=\"\" data-large-file=\"https:\/\/www.cisa-arica.cl\/wp1\/wp-content\/uploads\/2024\/08\/IMG_1188-450x600.jpeg\" role=\"button\" tabindex=\"0\" aria-label=\"Abrir la imagen 28 de 57 en pantalla completa\"srcset=\"https:\/\/i0.wp.com\/www.cisa-arica.cl\/wp1\/wp-content\/uploads\/2024\/08\/IMG_1188-450x600.jpeg?strip=info&#038;w=600&#038;ssl=1 600w,https:\/\/i0.wp.com\/www.cisa-arica.cl\/wp1\/wp-content\/uploads\/2024\/08\/IMG_1188-450x600.jpeg?strip=info&#038;w=900&#038;ssl=1 900w,https:\/\/i0.wp.com\/www.cisa-arica.cl\/wp1\/wp-content\/uploads\/2024\/08\/IMG_1188-450x600.jpeg?strip=info&#038;w=1200&#038;ssl=1 1200w,https:\/\/i0.wp.com\/www.cisa-arica.cl\/wp1\/wp-content\/uploads\/2024\/08\/IMG_1188-450x600.jpeg?strip=info&#038;w=1500&#038;ssl=1 1500w,https:\/\/i0.wp.com\/www.cisa-arica.cl\/wp1\/wp-content\/uploads\/2024\/08\/IMG_1188-450x600.jpeg?strip=info&#038;w=1800&#038;ssl=1 1800w,https:\/\/i0.wp.com\/www.cisa-arica.cl\/wp1\/wp-content\/uploads\/2024\/08\/IMG_1188-450x600.jpeg?strip=info&#038;w=1920&#038;ssl=1 1920w\" alt=\"\" data-height=\"2560\" data-id=\"26439\" data-link=\"https:\/\/www.cisa-arica.cl\/wp1\/?attachment_id=26439\" data-url=\"https:\/\/www.cisa-arica.cl\/wp1\/wp-content\/uploads\/2024\/08\/IMG_1188-450x600.jpeg\" data-width=\"1920\" src=\"https:\/\/i0.wp.com\/www.cisa-arica.cl\/wp1\/wp-content\/uploads\/2024\/08\/IMG_1188-450x600.jpeg?ssl=1\" data-amp-layout=\"responsive\"\/><\/figure><\/div><div class=\"tiled-gallery__col\" style=\"flex-basis:25.00000%\"><figure class=\"tiled-gallery__item\"><img decoding=\"async\" data-attachment-id=\"26440\" data-permalink=\"https:\/\/www.cisa-arica.cl\/wp1\/2024\/08\/29\/participacion-cisa-en-iv-feria-literaria-2024\/img_1191\/\" data-orig-file=\"https:\/\/www.cisa-arica.cl\/wp1\/wp-content\/uploads\/2024\/08\/IMG_1191-scaled.jpeg\" data-orig-size=\"1920,2560\" data-comments-opened=\"0\" data-image-meta=\"{&quot;aperture&quot;:&quot;1.6&quot;,&quot;credit&quot;:&quot;&quot;,&quot;camera&quot;:&quot;iPhone 12 Pro&quot;,&quot;caption&quot;:&quot;&quot;,&quot;created_timestamp&quot;:&quot;1724840829&quot;,&quot;copyright&quot;:&quot;&quot;,&quot;focal_length&quot;:&quot;4.2&quot;,&quot;iso&quot;:&quot;32&quot;,&quot;shutter_speed&quot;:&quot;0.00095057034220532&quot;,&quot;title&quot;:&quot;&quot;,&quot;orientation&quot;:&quot;1&quot;}\" data-image-title=\"IMG_1191\" data-image-description=\"\" data-image-caption=\"\" data-large-file=\"https:\/\/www.cisa-arica.cl\/wp1\/wp-content\/uploads\/2024\/08\/IMG_1191-450x600.jpeg\" data-attachment-id=\"26440\" data-permalink=\"https:\/\/www.cisa-arica.cl\/wp1\/2024\/08\/29\/participacion-cisa-en-iv-feria-literaria-2024\/img_1191\/\" data-orig-file=\"https:\/\/www.cisa-arica.cl\/wp1\/wp-content\/uploads\/2024\/08\/IMG_1191-scaled.jpeg\" data-orig-size=\"1920,2560\" data-comments-opened=\"0\" data-image-meta=\"{&quot;aperture&quot;:&quot;1.6&quot;,&quot;credit&quot;:&quot;&quot;,&quot;camera&quot;:&quot;iPhone 12 Pro&quot;,&quot;caption&quot;:&quot;&quot;,&quot;created_timestamp&quot;:&quot;1724840829&quot;,&quot;copyright&quot;:&quot;&quot;,&quot;focal_length&quot;:&quot;4.2&quot;,&quot;iso&quot;:&quot;32&quot;,&quot;shutter_speed&quot;:&quot;0.00095057034220532&quot;,&quot;title&quot;:&quot;&quot;,&quot;orientation&quot;:&quot;1&quot;}\" data-image-title=\"IMG_1191\" data-image-description=\"\" data-image-caption=\"\" data-large-file=\"https:\/\/www.cisa-arica.cl\/wp1\/wp-content\/uploads\/2024\/08\/IMG_1191-450x600.jpeg\" role=\"button\" tabindex=\"0\" aria-label=\"Abrir la imagen 29 de 57 en pantalla completa\"srcset=\"https:\/\/i2.wp.com\/www.cisa-arica.cl\/wp1\/wp-content\/uploads\/2024\/08\/IMG_1191-450x600.jpeg?strip=info&#038;w=600&#038;ssl=1 600w,https:\/\/i2.wp.com\/www.cisa-arica.cl\/wp1\/wp-content\/uploads\/2024\/08\/IMG_1191-450x600.jpeg?strip=info&#038;w=900&#038;ssl=1 900w,https:\/\/i2.wp.com\/www.cisa-arica.cl\/wp1\/wp-content\/uploads\/2024\/08\/IMG_1191-450x600.jpeg?strip=info&#038;w=1200&#038;ssl=1 1200w,https:\/\/i2.wp.com\/www.cisa-arica.cl\/wp1\/wp-content\/uploads\/2024\/08\/IMG_1191-450x600.jpeg?strip=info&#038;w=1500&#038;ssl=1 1500w,https:\/\/i2.wp.com\/www.cisa-arica.cl\/wp1\/wp-content\/uploads\/2024\/08\/IMG_1191-450x600.jpeg?strip=info&#038;w=1800&#038;ssl=1 1800w,https:\/\/i2.wp.com\/www.cisa-arica.cl\/wp1\/wp-content\/uploads\/2024\/08\/IMG_1191-450x600.jpeg?strip=info&#038;w=1920&#038;ssl=1 1920w\" alt=\"\" data-height=\"2560\" data-id=\"26440\" data-link=\"https:\/\/www.cisa-arica.cl\/wp1\/?attachment_id=26440\" data-url=\"https:\/\/www.cisa-arica.cl\/wp1\/wp-content\/uploads\/2024\/08\/IMG_1191-450x600.jpeg\" data-width=\"1920\" src=\"https:\/\/i2.wp.com\/www.cisa-arica.cl\/wp1\/wp-content\/uploads\/2024\/08\/IMG_1191-450x600.jpeg?ssl=1\" data-amp-layout=\"responsive\"\/><\/figure><\/div><div class=\"tiled-gallery__col\" style=\"flex-basis:25.00000%\"><figure class=\"tiled-gallery__item\"><img decoding=\"async\" data-attachment-id=\"26441\" data-permalink=\"https:\/\/www.cisa-arica.cl\/wp1\/2024\/08\/29\/participacion-cisa-en-iv-feria-literaria-2024\/img_1190\/\" data-orig-file=\"https:\/\/www.cisa-arica.cl\/wp1\/wp-content\/uploads\/2024\/08\/IMG_1190-scaled.jpeg\" data-orig-size=\"1920,2560\" data-comments-opened=\"0\" data-image-meta=\"{&quot;aperture&quot;:&quot;1.6&quot;,&quot;credit&quot;:&quot;&quot;,&quot;camera&quot;:&quot;iPhone 12 Pro&quot;,&quot;caption&quot;:&quot;&quot;,&quot;created_timestamp&quot;:&quot;1724840810&quot;,&quot;copyright&quot;:&quot;&quot;,&quot;focal_length&quot;:&quot;4.2&quot;,&quot;iso&quot;:&quot;32&quot;,&quot;shutter_speed&quot;:&quot;0.001063829787234&quot;,&quot;title&quot;:&quot;&quot;,&quot;orientation&quot;:&quot;1&quot;}\" data-image-title=\"IMG_1190\" data-image-description=\"\" data-image-caption=\"\" data-large-file=\"https:\/\/www.cisa-arica.cl\/wp1\/wp-content\/uploads\/2024\/08\/IMG_1190-450x600.jpeg\" data-attachment-id=\"26441\" data-permalink=\"https:\/\/www.cisa-arica.cl\/wp1\/2024\/08\/29\/participacion-cisa-en-iv-feria-literaria-2024\/img_1190\/\" data-orig-file=\"https:\/\/www.cisa-arica.cl\/wp1\/wp-content\/uploads\/2024\/08\/IMG_1190-scaled.jpeg\" data-orig-size=\"1920,2560\" data-comments-opened=\"0\" data-image-meta=\"{&quot;aperture&quot;:&quot;1.6&quot;,&quot;credit&quot;:&quot;&quot;,&quot;camera&quot;:&quot;iPhone 12 Pro&quot;,&quot;caption&quot;:&quot;&quot;,&quot;created_timestamp&quot;:&quot;1724840810&quot;,&quot;copyright&quot;:&quot;&quot;,&quot;focal_length&quot;:&quot;4.2&quot;,&quot;iso&quot;:&quot;32&quot;,&quot;shutter_speed&quot;:&quot;0.001063829787234&quot;,&quot;title&quot;:&quot;&quot;,&quot;orientation&quot;:&quot;1&quot;}\" data-image-title=\"IMG_1190\" data-image-description=\"\" data-image-caption=\"\" data-large-file=\"https:\/\/www.cisa-arica.cl\/wp1\/wp-content\/uploads\/2024\/08\/IMG_1190-450x600.jpeg\" role=\"button\" tabindex=\"0\" aria-label=\"Abrir la imagen 30 de 57 en pantalla completa\"srcset=\"https:\/\/i1.wp.com\/www.cisa-arica.cl\/wp1\/wp-content\/uploads\/2024\/08\/IMG_1190-450x600.jpeg?strip=info&#038;w=600&#038;ssl=1 600w,https:\/\/i1.wp.com\/www.cisa-arica.cl\/wp1\/wp-content\/uploads\/2024\/08\/IMG_1190-450x600.jpeg?strip=info&#038;w=900&#038;ssl=1 900w,https:\/\/i1.wp.com\/www.cisa-arica.cl\/wp1\/wp-content\/uploads\/2024\/08\/IMG_1190-450x600.jpeg?strip=info&#038;w=1200&#038;ssl=1 1200w,https:\/\/i1.wp.com\/www.cisa-arica.cl\/wp1\/wp-content\/uploads\/2024\/08\/IMG_1190-450x600.jpeg?strip=info&#038;w=1500&#038;ssl=1 1500w,https:\/\/i1.wp.com\/www.cisa-arica.cl\/wp1\/wp-content\/uploads\/2024\/08\/IMG_1190-450x600.jpeg?strip=info&#038;w=1800&#038;ssl=1 1800w,https:\/\/i1.wp.com\/www.cisa-arica.cl\/wp1\/wp-content\/uploads\/2024\/08\/IMG_1190-450x600.jpeg?strip=info&#038;w=1920&#038;ssl=1 1920w\" alt=\"\" data-height=\"2560\" data-id=\"26441\" data-link=\"https:\/\/www.cisa-arica.cl\/wp1\/?attachment_id=26441\" data-url=\"https:\/\/www.cisa-arica.cl\/wp1\/wp-content\/uploads\/2024\/08\/IMG_1190-450x600.jpeg\" data-width=\"1920\" src=\"https:\/\/i1.wp.com\/www.cisa-arica.cl\/wp1\/wp-content\/uploads\/2024\/08\/IMG_1190-450x600.jpeg?ssl=1\" data-amp-layout=\"responsive\"\/><\/figure><\/div><div class=\"tiled-gallery__col\" style=\"flex-basis:25.00000%\"><figure class=\"tiled-gallery__item\"><img decoding=\"async\" data-attachment-id=\"26442\" data-permalink=\"https:\/\/www.cisa-arica.cl\/wp1\/2024\/08\/29\/participacion-cisa-en-iv-feria-literaria-2024\/img_1201\/\" data-orig-file=\"https:\/\/www.cisa-arica.cl\/wp1\/wp-content\/uploads\/2024\/08\/IMG_1201-scaled.jpeg\" data-orig-size=\"1920,2560\" data-comments-opened=\"0\" data-image-meta=\"{&quot;aperture&quot;:&quot;1.6&quot;,&quot;credit&quot;:&quot;&quot;,&quot;camera&quot;:&quot;iPhone 12 Pro&quot;,&quot;caption&quot;:&quot;&quot;,&quot;created_timestamp&quot;:&quot;1724844074&quot;,&quot;copyright&quot;:&quot;&quot;,&quot;focal_length&quot;:&quot;4.2&quot;,&quot;iso&quot;:&quot;32&quot;,&quot;shutter_speed&quot;:&quot;0.00058309037900875&quot;,&quot;title&quot;:&quot;&quot;,&quot;orientation&quot;:&quot;1&quot;}\" data-image-title=\"IMG_1201\" data-image-description=\"\" data-image-caption=\"\" data-large-file=\"https:\/\/www.cisa-arica.cl\/wp1\/wp-content\/uploads\/2024\/08\/IMG_1201-450x600.jpeg\" data-attachment-id=\"26442\" data-permalink=\"https:\/\/www.cisa-arica.cl\/wp1\/2024\/08\/29\/participacion-cisa-en-iv-feria-literaria-2024\/img_1201\/\" data-orig-file=\"https:\/\/www.cisa-arica.cl\/wp1\/wp-content\/uploads\/2024\/08\/IMG_1201-scaled.jpeg\" data-orig-size=\"1920,2560\" data-comments-opened=\"0\" data-image-meta=\"{&quot;aperture&quot;:&quot;1.6&quot;,&quot;credit&quot;:&quot;&quot;,&quot;camera&quot;:&quot;iPhone 12 Pro&quot;,&quot;caption&quot;:&quot;&quot;,&quot;created_timestamp&quot;:&quot;1724844074&quot;,&quot;copyright&quot;:&quot;&quot;,&quot;focal_length&quot;:&quot;4.2&quot;,&quot;iso&quot;:&quot;32&quot;,&quot;shutter_speed&quot;:&quot;0.00058309037900875&quot;,&quot;title&quot;:&quot;&quot;,&quot;orientation&quot;:&quot;1&quot;}\" data-image-title=\"IMG_1201\" data-image-description=\"\" data-image-caption=\"\" data-large-file=\"https:\/\/www.cisa-arica.cl\/wp1\/wp-content\/uploads\/2024\/08\/IMG_1201-450x600.jpeg\" role=\"button\" tabindex=\"0\" aria-label=\"Abrir la imagen 31 de 57 en pantalla completa\"srcset=\"https:\/\/i0.wp.com\/www.cisa-arica.cl\/wp1\/wp-content\/uploads\/2024\/08\/IMG_1201-450x600.jpeg?strip=info&#038;w=600&#038;ssl=1 600w,https:\/\/i0.wp.com\/www.cisa-arica.cl\/wp1\/wp-content\/uploads\/2024\/08\/IMG_1201-450x600.jpeg?strip=info&#038;w=900&#038;ssl=1 900w,https:\/\/i0.wp.com\/www.cisa-arica.cl\/wp1\/wp-content\/uploads\/2024\/08\/IMG_1201-450x600.jpeg?strip=info&#038;w=1200&#038;ssl=1 1200w,https:\/\/i0.wp.com\/www.cisa-arica.cl\/wp1\/wp-content\/uploads\/2024\/08\/IMG_1201-450x600.jpeg?strip=info&#038;w=1500&#038;ssl=1 1500w,https:\/\/i0.wp.com\/www.cisa-arica.cl\/wp1\/wp-content\/uploads\/2024\/08\/IMG_1201-450x600.jpeg?strip=info&#038;w=1800&#038;ssl=1 1800w,https:\/\/i0.wp.com\/www.cisa-arica.cl\/wp1\/wp-content\/uploads\/2024\/08\/IMG_1201-450x600.jpeg?strip=info&#038;w=1920&#038;ssl=1 1920w\" alt=\"\" data-height=\"2560\" data-id=\"26442\" data-link=\"https:\/\/www.cisa-arica.cl\/wp1\/?attachment_id=26442\" data-url=\"https:\/\/www.cisa-arica.cl\/wp1\/wp-content\/uploads\/2024\/08\/IMG_1201-450x600.jpeg\" data-width=\"1920\" src=\"https:\/\/i0.wp.com\/www.cisa-arica.cl\/wp1\/wp-content\/uploads\/2024\/08\/IMG_1201-450x600.jpeg?ssl=1\" data-amp-layout=\"responsive\"\/><\/figure><\/div><\/div><div class=\"tiled-gallery__row\"><div class=\"tiled-gallery__col\" style=\"flex-basis:50.00000%\"><figure class=\"tiled-gallery__item\"><img decoding=\"async\" data-attachment-id=\"26443\" data-permalink=\"https:\/\/www.cisa-arica.cl\/wp1\/2024\/08\/29\/participacion-cisa-en-iv-feria-literaria-2024\/img_1200\/\" data-orig-file=\"https:\/\/www.cisa-arica.cl\/wp1\/wp-content\/uploads\/2024\/08\/IMG_1200-scaled.jpeg\" data-orig-size=\"1920,2560\" data-comments-opened=\"0\" data-image-meta=\"{&quot;aperture&quot;:&quot;1.6&quot;,&quot;credit&quot;:&quot;&quot;,&quot;camera&quot;:&quot;iPhone 12 Pro&quot;,&quot;caption&quot;:&quot;&quot;,&quot;created_timestamp&quot;:&quot;1724844060&quot;,&quot;copyright&quot;:&quot;&quot;,&quot;focal_length&quot;:&quot;4.2&quot;,&quot;iso&quot;:&quot;32&quot;,&quot;shutter_speed&quot;:&quot;0.00051308363263212&quot;,&quot;title&quot;:&quot;&quot;,&quot;orientation&quot;:&quot;1&quot;}\" data-image-title=\"IMG_1200\" data-image-description=\"\" data-image-caption=\"\" data-large-file=\"https:\/\/www.cisa-arica.cl\/wp1\/wp-content\/uploads\/2024\/08\/IMG_1200-450x600.jpeg\" data-attachment-id=\"26443\" data-permalink=\"https:\/\/www.cisa-arica.cl\/wp1\/2024\/08\/29\/participacion-cisa-en-iv-feria-literaria-2024\/img_1200\/\" data-orig-file=\"https:\/\/www.cisa-arica.cl\/wp1\/wp-content\/uploads\/2024\/08\/IMG_1200-scaled.jpeg\" data-orig-size=\"1920,2560\" data-comments-opened=\"0\" data-image-meta=\"{&quot;aperture&quot;:&quot;1.6&quot;,&quot;credit&quot;:&quot;&quot;,&quot;camera&quot;:&quot;iPhone 12 Pro&quot;,&quot;caption&quot;:&quot;&quot;,&quot;created_timestamp&quot;:&quot;1724844060&quot;,&quot;copyright&quot;:&quot;&quot;,&quot;focal_length&quot;:&quot;4.2&quot;,&quot;iso&quot;:&quot;32&quot;,&quot;shutter_speed&quot;:&quot;0.00051308363263212&quot;,&quot;title&quot;:&quot;&quot;,&quot;orientation&quot;:&quot;1&quot;}\" data-image-title=\"IMG_1200\" data-image-description=\"\" data-image-caption=\"\" data-large-file=\"https:\/\/www.cisa-arica.cl\/wp1\/wp-content\/uploads\/2024\/08\/IMG_1200-450x600.jpeg\" role=\"button\" tabindex=\"0\" aria-label=\"Abrir la imagen 32 de 57 en pantalla completa\"srcset=\"https:\/\/i0.wp.com\/www.cisa-arica.cl\/wp1\/wp-content\/uploads\/2024\/08\/IMG_1200-450x600.jpeg?strip=info&#038;w=600&#038;ssl=1 600w,https:\/\/i0.wp.com\/www.cisa-arica.cl\/wp1\/wp-content\/uploads\/2024\/08\/IMG_1200-450x600.jpeg?strip=info&#038;w=900&#038;ssl=1 900w,https:\/\/i0.wp.com\/www.cisa-arica.cl\/wp1\/wp-content\/uploads\/2024\/08\/IMG_1200-450x600.jpeg?strip=info&#038;w=1200&#038;ssl=1 1200w,https:\/\/i0.wp.com\/www.cisa-arica.cl\/wp1\/wp-content\/uploads\/2024\/08\/IMG_1200-450x600.jpeg?strip=info&#038;w=1500&#038;ssl=1 1500w,https:\/\/i0.wp.com\/www.cisa-arica.cl\/wp1\/wp-content\/uploads\/2024\/08\/IMG_1200-450x600.jpeg?strip=info&#038;w=1800&#038;ssl=1 1800w,https:\/\/i0.wp.com\/www.cisa-arica.cl\/wp1\/wp-content\/uploads\/2024\/08\/IMG_1200-450x600.jpeg?strip=info&#038;w=1920&#038;ssl=1 1920w\" alt=\"\" data-height=\"2560\" data-id=\"26443\" data-link=\"https:\/\/www.cisa-arica.cl\/wp1\/?attachment_id=26443\" data-url=\"https:\/\/www.cisa-arica.cl\/wp1\/wp-content\/uploads\/2024\/08\/IMG_1200-450x600.jpeg\" data-width=\"1920\" src=\"https:\/\/i0.wp.com\/www.cisa-arica.cl\/wp1\/wp-content\/uploads\/2024\/08\/IMG_1200-450x600.jpeg?ssl=1\" data-amp-layout=\"responsive\"\/><\/figure><\/div><div class=\"tiled-gallery__col\" style=\"flex-basis:50.00000%\"><figure class=\"tiled-gallery__item\"><img decoding=\"async\" data-attachment-id=\"26444\" data-permalink=\"https:\/\/www.cisa-arica.cl\/wp1\/2024\/08\/29\/participacion-cisa-en-iv-feria-literaria-2024\/img_1198\/\" data-orig-file=\"https:\/\/www.cisa-arica.cl\/wp1\/wp-content\/uploads\/2024\/08\/IMG_1198-scaled.jpeg\" data-orig-size=\"1920,2560\" data-comments-opened=\"0\" data-image-meta=\"{&quot;aperture&quot;:&quot;1.6&quot;,&quot;credit&quot;:&quot;&quot;,&quot;camera&quot;:&quot;iPhone 12 Pro&quot;,&quot;caption&quot;:&quot;&quot;,&quot;created_timestamp&quot;:&quot;1724843690&quot;,&quot;copyright&quot;:&quot;&quot;,&quot;focal_length&quot;:&quot;4.2&quot;,&quot;iso&quot;:&quot;32&quot;,&quot;shutter_speed&quot;:&quot;0.0006269592476489&quot;,&quot;title&quot;:&quot;&quot;,&quot;orientation&quot;:&quot;1&quot;}\" data-image-title=\"IMG_1198\" data-image-description=\"\" data-image-caption=\"\" data-large-file=\"https:\/\/www.cisa-arica.cl\/wp1\/wp-content\/uploads\/2024\/08\/IMG_1198-450x600.jpeg\" data-attachment-id=\"26444\" data-permalink=\"https:\/\/www.cisa-arica.cl\/wp1\/2024\/08\/29\/participacion-cisa-en-iv-feria-literaria-2024\/img_1198\/\" data-orig-file=\"https:\/\/www.cisa-arica.cl\/wp1\/wp-content\/uploads\/2024\/08\/IMG_1198-scaled.jpeg\" data-orig-size=\"1920,2560\" data-comments-opened=\"0\" data-image-meta=\"{&quot;aperture&quot;:&quot;1.6&quot;,&quot;credit&quot;:&quot;&quot;,&quot;camera&quot;:&quot;iPhone 12 Pro&quot;,&quot;caption&quot;:&quot;&quot;,&quot;created_timestamp&quot;:&quot;1724843690&quot;,&quot;copyright&quot;:&quot;&quot;,&quot;focal_length&quot;:&quot;4.2&quot;,&quot;iso&quot;:&quot;32&quot;,&quot;shutter_speed&quot;:&quot;0.0006269592476489&quot;,&quot;title&quot;:&quot;&quot;,&quot;orientation&quot;:&quot;1&quot;}\" data-image-title=\"IMG_1198\" data-image-description=\"\" data-image-caption=\"\" data-large-file=\"https:\/\/www.cisa-arica.cl\/wp1\/wp-content\/uploads\/2024\/08\/IMG_1198-450x600.jpeg\" role=\"button\" tabindex=\"0\" aria-label=\"Abrir la imagen 33 de 57 en pantalla completa\"srcset=\"https:\/\/i1.wp.com\/www.cisa-arica.cl\/wp1\/wp-content\/uploads\/2024\/08\/IMG_1198-450x600.jpeg?strip=info&#038;w=600&#038;ssl=1 600w,https:\/\/i1.wp.com\/www.cisa-arica.cl\/wp1\/wp-content\/uploads\/2024\/08\/IMG_1198-450x600.jpeg?strip=info&#038;w=900&#038;ssl=1 900w,https:\/\/i1.wp.com\/www.cisa-arica.cl\/wp1\/wp-content\/uploads\/2024\/08\/IMG_1198-450x600.jpeg?strip=info&#038;w=1200&#038;ssl=1 1200w,https:\/\/i1.wp.com\/www.cisa-arica.cl\/wp1\/wp-content\/uploads\/2024\/08\/IMG_1198-450x600.jpeg?strip=info&#038;w=1500&#038;ssl=1 1500w,https:\/\/i1.wp.com\/www.cisa-arica.cl\/wp1\/wp-content\/uploads\/2024\/08\/IMG_1198-450x600.jpeg?strip=info&#038;w=1800&#038;ssl=1 1800w,https:\/\/i1.wp.com\/www.cisa-arica.cl\/wp1\/wp-content\/uploads\/2024\/08\/IMG_1198-450x600.jpeg?strip=info&#038;w=1920&#038;ssl=1 1920w\" alt=\"\" data-height=\"2560\" data-id=\"26444\" data-link=\"https:\/\/www.cisa-arica.cl\/wp1\/?attachment_id=26444\" data-url=\"https:\/\/www.cisa-arica.cl\/wp1\/wp-content\/uploads\/2024\/08\/IMG_1198-450x600.jpeg\" data-width=\"1920\" src=\"https:\/\/i1.wp.com\/www.cisa-arica.cl\/wp1\/wp-content\/uploads\/2024\/08\/IMG_1198-450x600.jpeg?ssl=1\" data-amp-layout=\"responsive\"\/><\/figure><\/div><\/div><div class=\"tiled-gallery__row\"><div class=\"tiled-gallery__col\" style=\"flex-basis:36.02851%\"><figure class=\"tiled-gallery__item\"><img decoding=\"async\" data-attachment-id=\"26445\" data-permalink=\"https:\/\/www.cisa-arica.cl\/wp1\/2024\/08\/29\/participacion-cisa-en-iv-feria-literaria-2024\/img_1202\/\" data-orig-file=\"https:\/\/www.cisa-arica.cl\/wp1\/wp-content\/uploads\/2024\/08\/IMG_1202-scaled.jpeg\" data-orig-size=\"1920,2560\" data-comments-opened=\"0\" data-image-meta=\"{&quot;aperture&quot;:&quot;1.6&quot;,&quot;credit&quot;:&quot;&quot;,&quot;camera&quot;:&quot;iPhone 12 Pro&quot;,&quot;caption&quot;:&quot;&quot;,&quot;created_timestamp&quot;:&quot;1724844122&quot;,&quot;copyright&quot;:&quot;&quot;,&quot;focal_length&quot;:&quot;4.2&quot;,&quot;iso&quot;:&quot;32&quot;,&quot;shutter_speed&quot;:&quot;0.00065316786414108&quot;,&quot;title&quot;:&quot;&quot;,&quot;orientation&quot;:&quot;1&quot;}\" data-image-title=\"IMG_1202\" data-image-description=\"\" data-image-caption=\"\" data-large-file=\"https:\/\/www.cisa-arica.cl\/wp1\/wp-content\/uploads\/2024\/08\/IMG_1202-450x600.jpeg\" data-attachment-id=\"26445\" data-permalink=\"https:\/\/www.cisa-arica.cl\/wp1\/2024\/08\/29\/participacion-cisa-en-iv-feria-literaria-2024\/img_1202\/\" data-orig-file=\"https:\/\/www.cisa-arica.cl\/wp1\/wp-content\/uploads\/2024\/08\/IMG_1202-scaled.jpeg\" data-orig-size=\"1920,2560\" data-comments-opened=\"0\" data-image-meta=\"{&quot;aperture&quot;:&quot;1.6&quot;,&quot;credit&quot;:&quot;&quot;,&quot;camera&quot;:&quot;iPhone 12 Pro&quot;,&quot;caption&quot;:&quot;&quot;,&quot;created_timestamp&quot;:&quot;1724844122&quot;,&quot;copyright&quot;:&quot;&quot;,&quot;focal_length&quot;:&quot;4.2&quot;,&quot;iso&quot;:&quot;32&quot;,&quot;shutter_speed&quot;:&quot;0.00065316786414108&quot;,&quot;title&quot;:&quot;&quot;,&quot;orientation&quot;:&quot;1&quot;}\" data-image-title=\"IMG_1202\" data-image-description=\"\" data-image-caption=\"\" data-large-file=\"https:\/\/www.cisa-arica.cl\/wp1\/wp-content\/uploads\/2024\/08\/IMG_1202-450x600.jpeg\" role=\"button\" tabindex=\"0\" aria-label=\"Abrir la imagen 34 de 57 en pantalla completa\"srcset=\"https:\/\/i1.wp.com\/www.cisa-arica.cl\/wp1\/wp-content\/uploads\/2024\/08\/IMG_1202-450x600.jpeg?strip=info&#038;w=600&#038;ssl=1 600w,https:\/\/i1.wp.com\/www.cisa-arica.cl\/wp1\/wp-content\/uploads\/2024\/08\/IMG_1202-450x600.jpeg?strip=info&#038;w=900&#038;ssl=1 900w,https:\/\/i1.wp.com\/www.cisa-arica.cl\/wp1\/wp-content\/uploads\/2024\/08\/IMG_1202-450x600.jpeg?strip=info&#038;w=1200&#038;ssl=1 1200w,https:\/\/i1.wp.com\/www.cisa-arica.cl\/wp1\/wp-content\/uploads\/2024\/08\/IMG_1202-450x600.jpeg?strip=info&#038;w=1500&#038;ssl=1 1500w,https:\/\/i1.wp.com\/www.cisa-arica.cl\/wp1\/wp-content\/uploads\/2024\/08\/IMG_1202-450x600.jpeg?strip=info&#038;w=1800&#038;ssl=1 1800w,https:\/\/i1.wp.com\/www.cisa-arica.cl\/wp1\/wp-content\/uploads\/2024\/08\/IMG_1202-450x600.jpeg?strip=info&#038;w=1920&#038;ssl=1 1920w\" alt=\"\" data-height=\"2560\" data-id=\"26445\" data-link=\"https:\/\/www.cisa-arica.cl\/wp1\/?attachment_id=26445\" data-url=\"https:\/\/www.cisa-arica.cl\/wp1\/wp-content\/uploads\/2024\/08\/IMG_1202-450x600.jpeg\" data-width=\"1920\" src=\"https:\/\/i1.wp.com\/www.cisa-arica.cl\/wp1\/wp-content\/uploads\/2024\/08\/IMG_1202-450x600.jpeg?ssl=1\" data-amp-layout=\"responsive\"\/><\/figure><\/div><div class=\"tiled-gallery__col\" style=\"flex-basis:63.97149%\"><figure class=\"tiled-gallery__item\"><img decoding=\"async\" data-attachment-id=\"26447\" data-permalink=\"https:\/\/www.cisa-arica.cl\/wp1\/2024\/08\/29\/participacion-cisa-en-iv-feria-literaria-2024\/img_1205\/\" data-orig-file=\"https:\/\/www.cisa-arica.cl\/wp1\/wp-content\/uploads\/2024\/08\/IMG_1205-scaled.jpeg\" data-orig-size=\"2560,1920\" data-comments-opened=\"0\" data-image-meta=\"{&quot;aperture&quot;:&quot;1.6&quot;,&quot;credit&quot;:&quot;&quot;,&quot;camera&quot;:&quot;iPhone 12 Pro&quot;,&quot;caption&quot;:&quot;&quot;,&quot;created_timestamp&quot;:&quot;1724845426&quot;,&quot;copyright&quot;:&quot;&quot;,&quot;focal_length&quot;:&quot;4.2&quot;,&quot;iso&quot;:&quot;32&quot;,&quot;shutter_speed&quot;:&quot;0.00038197097020626&quot;,&quot;title&quot;:&quot;&quot;,&quot;orientation&quot;:&quot;1&quot;}\" data-image-title=\"IMG_1205\" data-image-description=\"\" data-image-caption=\"\" data-large-file=\"https:\/\/www.cisa-arica.cl\/wp1\/wp-content\/uploads\/2024\/08\/IMG_1205-600x450.jpeg\" data-attachment-id=\"26447\" data-permalink=\"https:\/\/www.cisa-arica.cl\/wp1\/2024\/08\/29\/participacion-cisa-en-iv-feria-literaria-2024\/img_1205\/\" data-orig-file=\"https:\/\/www.cisa-arica.cl\/wp1\/wp-content\/uploads\/2024\/08\/IMG_1205-scaled.jpeg\" data-orig-size=\"2560,1920\" data-comments-opened=\"0\" data-image-meta=\"{&quot;aperture&quot;:&quot;1.6&quot;,&quot;credit&quot;:&quot;&quot;,&quot;camera&quot;:&quot;iPhone 12 Pro&quot;,&quot;caption&quot;:&quot;&quot;,&quot;created_timestamp&quot;:&quot;1724845426&quot;,&quot;copyright&quot;:&quot;&quot;,&quot;focal_length&quot;:&quot;4.2&quot;,&quot;iso&quot;:&quot;32&quot;,&quot;shutter_speed&quot;:&quot;0.00038197097020626&quot;,&quot;title&quot;:&quot;&quot;,&quot;orientation&quot;:&quot;1&quot;}\" data-image-title=\"IMG_1205\" data-image-description=\"\" data-image-caption=\"\" data-large-file=\"https:\/\/www.cisa-arica.cl\/wp1\/wp-content\/uploads\/2024\/08\/IMG_1205-600x450.jpeg\" role=\"button\" tabindex=\"0\" aria-label=\"Abrir la imagen 35 de 57 en pantalla completa\"srcset=\"https:\/\/i1.wp.com\/www.cisa-arica.cl\/wp1\/wp-content\/uploads\/2024\/08\/IMG_1205-600x450.jpeg?strip=info&#038;w=600&#038;ssl=1 600w,https:\/\/i1.wp.com\/www.cisa-arica.cl\/wp1\/wp-content\/uploads\/2024\/08\/IMG_1205-600x450.jpeg?strip=info&#038;w=900&#038;ssl=1 900w,https:\/\/i1.wp.com\/www.cisa-arica.cl\/wp1\/wp-content\/uploads\/2024\/08\/IMG_1205-600x450.jpeg?strip=info&#038;w=1200&#038;ssl=1 1200w,https:\/\/i1.wp.com\/www.cisa-arica.cl\/wp1\/wp-content\/uploads\/2024\/08\/IMG_1205-600x450.jpeg?strip=info&#038;w=1500&#038;ssl=1 1500w,https:\/\/i1.wp.com\/www.cisa-arica.cl\/wp1\/wp-content\/uploads\/2024\/08\/IMG_1205-600x450.jpeg?strip=info&#038;w=1800&#038;ssl=1 1800w,https:\/\/i1.wp.com\/www.cisa-arica.cl\/wp1\/wp-content\/uploads\/2024\/08\/IMG_1205-600x450.jpeg?strip=info&#038;w=2000&#038;ssl=1 2000w\" alt=\"\" data-height=\"1920\" data-id=\"26447\" data-link=\"https:\/\/www.cisa-arica.cl\/wp1\/?attachment_id=26447\" data-url=\"https:\/\/www.cisa-arica.cl\/wp1\/wp-content\/uploads\/2024\/08\/IMG_1205-600x450.jpeg\" data-width=\"2560\" src=\"https:\/\/i1.wp.com\/www.cisa-arica.cl\/wp1\/wp-content\/uploads\/2024\/08\/IMG_1205-600x450.jpeg?ssl=1\" data-amp-layout=\"responsive\"\/><\/figure><\/div><\/div><div class=\"tiled-gallery__row\"><div class=\"tiled-gallery__col\" style=\"flex-basis:26.48967%\"><figure class=\"tiled-gallery__item\"><img decoding=\"async\" data-attachment-id=\"26448\" data-permalink=\"https:\/\/www.cisa-arica.cl\/wp1\/2024\/08\/29\/participacion-cisa-en-iv-feria-literaria-2024\/img_1208\/\" data-orig-file=\"https:\/\/www.cisa-arica.cl\/wp1\/wp-content\/uploads\/2024\/08\/IMG_1208-scaled.jpeg\" data-orig-size=\"1920,2560\" data-comments-opened=\"0\" data-image-meta=\"{&quot;aperture&quot;:&quot;2.4&quot;,&quot;credit&quot;:&quot;&quot;,&quot;camera&quot;:&quot;iPhone 12 Pro&quot;,&quot;caption&quot;:&quot;&quot;,&quot;created_timestamp&quot;:&quot;1724845452&quot;,&quot;copyright&quot;:&quot;&quot;,&quot;focal_length&quot;:&quot;1.54&quot;,&quot;iso&quot;:&quot;25&quot;,&quot;shutter_speed&quot;:&quot;0.0023980815347722&quot;,&quot;title&quot;:&quot;&quot;,&quot;orientation&quot;:&quot;1&quot;}\" data-image-title=\"IMG_1208\" data-image-description=\"\" data-image-caption=\"\" data-large-file=\"https:\/\/www.cisa-arica.cl\/wp1\/wp-content\/uploads\/2024\/08\/IMG_1208-450x600.jpeg\" data-attachment-id=\"26448\" data-permalink=\"https:\/\/www.cisa-arica.cl\/wp1\/2024\/08\/29\/participacion-cisa-en-iv-feria-literaria-2024\/img_1208\/\" data-orig-file=\"https:\/\/www.cisa-arica.cl\/wp1\/wp-content\/uploads\/2024\/08\/IMG_1208-scaled.jpeg\" data-orig-size=\"1920,2560\" data-comments-opened=\"0\" data-image-meta=\"{&quot;aperture&quot;:&quot;2.4&quot;,&quot;credit&quot;:&quot;&quot;,&quot;camera&quot;:&quot;iPhone 12 Pro&quot;,&quot;caption&quot;:&quot;&quot;,&quot;created_timestamp&quot;:&quot;1724845452&quot;,&quot;copyright&quot;:&quot;&quot;,&quot;focal_length&quot;:&quot;1.54&quot;,&quot;iso&quot;:&quot;25&quot;,&quot;shutter_speed&quot;:&quot;0.0023980815347722&quot;,&quot;title&quot;:&quot;&quot;,&quot;orientation&quot;:&quot;1&quot;}\" data-image-title=\"IMG_1208\" data-image-description=\"\" data-image-caption=\"\" data-large-file=\"https:\/\/www.cisa-arica.cl\/wp1\/wp-content\/uploads\/2024\/08\/IMG_1208-450x600.jpeg\" role=\"button\" tabindex=\"0\" aria-label=\"Abrir la imagen 36 de 57 en pantalla completa\"srcset=\"https:\/\/i1.wp.com\/www.cisa-arica.cl\/wp1\/wp-content\/uploads\/2024\/08\/IMG_1208-450x600.jpeg?strip=info&#038;w=600&#038;ssl=1 600w,https:\/\/i1.wp.com\/www.cisa-arica.cl\/wp1\/wp-content\/uploads\/2024\/08\/IMG_1208-450x600.jpeg?strip=info&#038;w=900&#038;ssl=1 900w,https:\/\/i1.wp.com\/www.cisa-arica.cl\/wp1\/wp-content\/uploads\/2024\/08\/IMG_1208-450x600.jpeg?strip=info&#038;w=1200&#038;ssl=1 1200w,https:\/\/i1.wp.com\/www.cisa-arica.cl\/wp1\/wp-content\/uploads\/2024\/08\/IMG_1208-450x600.jpeg?strip=info&#038;w=1500&#038;ssl=1 1500w,https:\/\/i1.wp.com\/www.cisa-arica.cl\/wp1\/wp-content\/uploads\/2024\/08\/IMG_1208-450x600.jpeg?strip=info&#038;w=1800&#038;ssl=1 1800w,https:\/\/i1.wp.com\/www.cisa-arica.cl\/wp1\/wp-content\/uploads\/2024\/08\/IMG_1208-450x600.jpeg?strip=info&#038;w=1920&#038;ssl=1 1920w\" alt=\"\" data-height=\"2560\" data-id=\"26448\" data-link=\"https:\/\/www.cisa-arica.cl\/wp1\/?attachment_id=26448\" data-url=\"https:\/\/www.cisa-arica.cl\/wp1\/wp-content\/uploads\/2024\/08\/IMG_1208-450x600.jpeg\" data-width=\"1920\" src=\"https:\/\/i1.wp.com\/www.cisa-arica.cl\/wp1\/wp-content\/uploads\/2024\/08\/IMG_1208-450x600.jpeg?ssl=1\" data-amp-layout=\"responsive\"\/><\/figure><\/div><div class=\"tiled-gallery__col\" style=\"flex-basis:47.02066%\"><figure class=\"tiled-gallery__item\"><img decoding=\"async\" data-attachment-id=\"26449\" data-permalink=\"https:\/\/www.cisa-arica.cl\/wp1\/2024\/08\/29\/participacion-cisa-en-iv-feria-literaria-2024\/img_1209\/\" data-orig-file=\"https:\/\/www.cisa-arica.cl\/wp1\/wp-content\/uploads\/2024\/08\/IMG_1209-scaled.jpeg\" data-orig-size=\"2560,1920\" data-comments-opened=\"0\" data-image-meta=\"{&quot;aperture&quot;:&quot;2.4&quot;,&quot;credit&quot;:&quot;&quot;,&quot;camera&quot;:&quot;iPhone 12 Pro&quot;,&quot;caption&quot;:&quot;&quot;,&quot;created_timestamp&quot;:&quot;1724845462&quot;,&quot;copyright&quot;:&quot;&quot;,&quot;focal_length&quot;:&quot;1.54&quot;,&quot;iso&quot;:&quot;25&quot;,&quot;shutter_speed&quot;:&quot;0.0018975332068311&quot;,&quot;title&quot;:&quot;&quot;,&quot;orientation&quot;:&quot;1&quot;}\" data-image-title=\"IMG_1209\" data-image-description=\"\" data-image-caption=\"\" data-large-file=\"https:\/\/www.cisa-arica.cl\/wp1\/wp-content\/uploads\/2024\/08\/IMG_1209-600x450.jpeg\" data-attachment-id=\"26449\" data-permalink=\"https:\/\/www.cisa-arica.cl\/wp1\/2024\/08\/29\/participacion-cisa-en-iv-feria-literaria-2024\/img_1209\/\" data-orig-file=\"https:\/\/www.cisa-arica.cl\/wp1\/wp-content\/uploads\/2024\/08\/IMG_1209-scaled.jpeg\" data-orig-size=\"2560,1920\" data-comments-opened=\"0\" data-image-meta=\"{&quot;aperture&quot;:&quot;2.4&quot;,&quot;credit&quot;:&quot;&quot;,&quot;camera&quot;:&quot;iPhone 12 Pro&quot;,&quot;caption&quot;:&quot;&quot;,&quot;created_timestamp&quot;:&quot;1724845462&quot;,&quot;copyright&quot;:&quot;&quot;,&quot;focal_length&quot;:&quot;1.54&quot;,&quot;iso&quot;:&quot;25&quot;,&quot;shutter_speed&quot;:&quot;0.0018975332068311&quot;,&quot;title&quot;:&quot;&quot;,&quot;orientation&quot;:&quot;1&quot;}\" data-image-title=\"IMG_1209\" data-image-description=\"\" data-image-caption=\"\" data-large-file=\"https:\/\/www.cisa-arica.cl\/wp1\/wp-content\/uploads\/2024\/08\/IMG_1209-600x450.jpeg\" role=\"button\" tabindex=\"0\" aria-label=\"Abrir la imagen 37 de 57 en pantalla completa\"srcset=\"https:\/\/i1.wp.com\/www.cisa-arica.cl\/wp1\/wp-content\/uploads\/2024\/08\/IMG_1209-600x450.jpeg?strip=info&#038;w=600&#038;ssl=1 600w,https:\/\/i1.wp.com\/www.cisa-arica.cl\/wp1\/wp-content\/uploads\/2024\/08\/IMG_1209-600x450.jpeg?strip=info&#038;w=900&#038;ssl=1 900w,https:\/\/i1.wp.com\/www.cisa-arica.cl\/wp1\/wp-content\/uploads\/2024\/08\/IMG_1209-600x450.jpeg?strip=info&#038;w=1200&#038;ssl=1 1200w,https:\/\/i1.wp.com\/www.cisa-arica.cl\/wp1\/wp-content\/uploads\/2024\/08\/IMG_1209-600x450.jpeg?strip=info&#038;w=1500&#038;ssl=1 1500w,https:\/\/i1.wp.com\/www.cisa-arica.cl\/wp1\/wp-content\/uploads\/2024\/08\/IMG_1209-600x450.jpeg?strip=info&#038;w=1800&#038;ssl=1 1800w,https:\/\/i1.wp.com\/www.cisa-arica.cl\/wp1\/wp-content\/uploads\/2024\/08\/IMG_1209-600x450.jpeg?strip=info&#038;w=2000&#038;ssl=1 2000w\" alt=\"\" data-height=\"1920\" data-id=\"26449\" data-link=\"https:\/\/www.cisa-arica.cl\/wp1\/?attachment_id=26449\" data-url=\"https:\/\/www.cisa-arica.cl\/wp1\/wp-content\/uploads\/2024\/08\/IMG_1209-600x450.jpeg\" data-width=\"2560\" src=\"https:\/\/i1.wp.com\/www.cisa-arica.cl\/wp1\/wp-content\/uploads\/2024\/08\/IMG_1209-600x450.jpeg?ssl=1\" data-amp-layout=\"responsive\"\/><\/figure><\/div><div class=\"tiled-gallery__col\" style=\"flex-basis:26.48967%\"><figure class=\"tiled-gallery__item\"><img decoding=\"async\" data-attachment-id=\"26450\" data-permalink=\"https:\/\/www.cisa-arica.cl\/wp1\/2024\/08\/29\/participacion-cisa-en-iv-feria-literaria-2024\/img_1207\/\" data-orig-file=\"https:\/\/www.cisa-arica.cl\/wp1\/wp-content\/uploads\/2024\/08\/IMG_1207-scaled.jpeg\" data-orig-size=\"1920,2560\" data-comments-opened=\"0\" data-image-meta=\"{&quot;aperture&quot;:&quot;1.6&quot;,&quot;credit&quot;:&quot;&quot;,&quot;camera&quot;:&quot;iPhone 12 Pro&quot;,&quot;caption&quot;:&quot;&quot;,&quot;created_timestamp&quot;:&quot;1724845448&quot;,&quot;copyright&quot;:&quot;&quot;,&quot;focal_length&quot;:&quot;4.2&quot;,&quot;iso&quot;:&quot;32&quot;,&quot;shutter_speed&quot;:&quot;0.00069686411149826&quot;,&quot;title&quot;:&quot;&quot;,&quot;orientation&quot;:&quot;1&quot;}\" data-image-title=\"IMG_1207\" data-image-description=\"\" data-image-caption=\"\" data-large-file=\"https:\/\/www.cisa-arica.cl\/wp1\/wp-content\/uploads\/2024\/08\/IMG_1207-450x600.jpeg\" data-attachment-id=\"26450\" data-permalink=\"https:\/\/www.cisa-arica.cl\/wp1\/2024\/08\/29\/participacion-cisa-en-iv-feria-literaria-2024\/img_1207\/\" data-orig-file=\"https:\/\/www.cisa-arica.cl\/wp1\/wp-content\/uploads\/2024\/08\/IMG_1207-scaled.jpeg\" data-orig-size=\"1920,2560\" data-comments-opened=\"0\" data-image-meta=\"{&quot;aperture&quot;:&quot;1.6&quot;,&quot;credit&quot;:&quot;&quot;,&quot;camera&quot;:&quot;iPhone 12 Pro&quot;,&quot;caption&quot;:&quot;&quot;,&quot;created_timestamp&quot;:&quot;1724845448&quot;,&quot;copyright&quot;:&quot;&quot;,&quot;focal_length&quot;:&quot;4.2&quot;,&quot;iso&quot;:&quot;32&quot;,&quot;shutter_speed&quot;:&quot;0.00069686411149826&quot;,&quot;title&quot;:&quot;&quot;,&quot;orientation&quot;:&quot;1&quot;}\" data-image-title=\"IMG_1207\" data-image-description=\"\" data-image-caption=\"\" data-large-file=\"https:\/\/www.cisa-arica.cl\/wp1\/wp-content\/uploads\/2024\/08\/IMG_1207-450x600.jpeg\" role=\"button\" tabindex=\"0\" aria-label=\"Abrir la imagen 38 de 57 en pantalla completa\"srcset=\"https:\/\/i0.wp.com\/www.cisa-arica.cl\/wp1\/wp-content\/uploads\/2024\/08\/IMG_1207-450x600.jpeg?strip=info&#038;w=600&#038;ssl=1 600w,https:\/\/i0.wp.com\/www.cisa-arica.cl\/wp1\/wp-content\/uploads\/2024\/08\/IMG_1207-450x600.jpeg?strip=info&#038;w=900&#038;ssl=1 900w,https:\/\/i0.wp.com\/www.cisa-arica.cl\/wp1\/wp-content\/uploads\/2024\/08\/IMG_1207-450x600.jpeg?strip=info&#038;w=1200&#038;ssl=1 1200w,https:\/\/i0.wp.com\/www.cisa-arica.cl\/wp1\/wp-content\/uploads\/2024\/08\/IMG_1207-450x600.jpeg?strip=info&#038;w=1500&#038;ssl=1 1500w,https:\/\/i0.wp.com\/www.cisa-arica.cl\/wp1\/wp-content\/uploads\/2024\/08\/IMG_1207-450x600.jpeg?strip=info&#038;w=1800&#038;ssl=1 1800w,https:\/\/i0.wp.com\/www.cisa-arica.cl\/wp1\/wp-content\/uploads\/2024\/08\/IMG_1207-450x600.jpeg?strip=info&#038;w=1920&#038;ssl=1 1920w\" alt=\"\" data-height=\"2560\" data-id=\"26450\" data-link=\"https:\/\/www.cisa-arica.cl\/wp1\/?attachment_id=26450\" data-url=\"https:\/\/www.cisa-arica.cl\/wp1\/wp-content\/uploads\/2024\/08\/IMG_1207-450x600.jpeg\" data-width=\"1920\" src=\"https:\/\/i0.wp.com\/www.cisa-arica.cl\/wp1\/wp-content\/uploads\/2024\/08\/IMG_1207-450x600.jpeg?ssl=1\" data-amp-layout=\"responsive\"\/><\/figure><\/div><\/div><div class=\"tiled-gallery__row\"><div class=\"tiled-gallery__col\" style=\"flex-basis:36.02851%\"><figure class=\"tiled-gallery__item\"><img decoding=\"async\" data-attachment-id=\"26451\" data-permalink=\"https:\/\/www.cisa-arica.cl\/wp1\/2024\/08\/29\/participacion-cisa-en-iv-feria-literaria-2024\/img_1206\/\" data-orig-file=\"https:\/\/www.cisa-arica.cl\/wp1\/wp-content\/uploads\/2024\/08\/IMG_1206-scaled.jpeg\" data-orig-size=\"1920,2560\" data-comments-opened=\"0\" data-image-meta=\"{&quot;aperture&quot;:&quot;1.6&quot;,&quot;credit&quot;:&quot;&quot;,&quot;camera&quot;:&quot;iPhone 12 Pro&quot;,&quot;caption&quot;:&quot;&quot;,&quot;created_timestamp&quot;:&quot;1724845433&quot;,&quot;copyright&quot;:&quot;&quot;,&quot;focal_length&quot;:&quot;4.2&quot;,&quot;iso&quot;:&quot;32&quot;,&quot;shutter_speed&quot;:&quot;0.00068823124569855&quot;,&quot;title&quot;:&quot;&quot;,&quot;orientation&quot;:&quot;1&quot;}\" data-image-title=\"IMG_1206\" data-image-description=\"\" data-image-caption=\"\" data-large-file=\"https:\/\/www.cisa-arica.cl\/wp1\/wp-content\/uploads\/2024\/08\/IMG_1206-450x600.jpeg\" data-attachment-id=\"26451\" data-permalink=\"https:\/\/www.cisa-arica.cl\/wp1\/2024\/08\/29\/participacion-cisa-en-iv-feria-literaria-2024\/img_1206\/\" data-orig-file=\"https:\/\/www.cisa-arica.cl\/wp1\/wp-content\/uploads\/2024\/08\/IMG_1206-scaled.jpeg\" data-orig-size=\"1920,2560\" data-comments-opened=\"0\" data-image-meta=\"{&quot;aperture&quot;:&quot;1.6&quot;,&quot;credit&quot;:&quot;&quot;,&quot;camera&quot;:&quot;iPhone 12 Pro&quot;,&quot;caption&quot;:&quot;&quot;,&quot;created_timestamp&quot;:&quot;1724845433&quot;,&quot;copyright&quot;:&quot;&quot;,&quot;focal_length&quot;:&quot;4.2&quot;,&quot;iso&quot;:&quot;32&quot;,&quot;shutter_speed&quot;:&quot;0.00068823124569855&quot;,&quot;title&quot;:&quot;&quot;,&quot;orientation&quot;:&quot;1&quot;}\" data-image-title=\"IMG_1206\" data-image-description=\"\" data-image-caption=\"\" data-large-file=\"https:\/\/www.cisa-arica.cl\/wp1\/wp-content\/uploads\/2024\/08\/IMG_1206-450x600.jpeg\" role=\"button\" tabindex=\"0\" aria-label=\"Abrir la imagen 39 de 57 en pantalla completa\"srcset=\"https:\/\/i2.wp.com\/www.cisa-arica.cl\/wp1\/wp-content\/uploads\/2024\/08\/IMG_1206-450x600.jpeg?strip=info&#038;w=600&#038;ssl=1 600w,https:\/\/i2.wp.com\/www.cisa-arica.cl\/wp1\/wp-content\/uploads\/2024\/08\/IMG_1206-450x600.jpeg?strip=info&#038;w=900&#038;ssl=1 900w,https:\/\/i2.wp.com\/www.cisa-arica.cl\/wp1\/wp-content\/uploads\/2024\/08\/IMG_1206-450x600.jpeg?strip=info&#038;w=1200&#038;ssl=1 1200w,https:\/\/i2.wp.com\/www.cisa-arica.cl\/wp1\/wp-content\/uploads\/2024\/08\/IMG_1206-450x600.jpeg?strip=info&#038;w=1500&#038;ssl=1 1500w,https:\/\/i2.wp.com\/www.cisa-arica.cl\/wp1\/wp-content\/uploads\/2024\/08\/IMG_1206-450x600.jpeg?strip=info&#038;w=1800&#038;ssl=1 1800w,https:\/\/i2.wp.com\/www.cisa-arica.cl\/wp1\/wp-content\/uploads\/2024\/08\/IMG_1206-450x600.jpeg?strip=info&#038;w=1920&#038;ssl=1 1920w\" alt=\"\" data-height=\"2560\" data-id=\"26451\" data-link=\"https:\/\/www.cisa-arica.cl\/wp1\/?attachment_id=26451\" data-url=\"https:\/\/www.cisa-arica.cl\/wp1\/wp-content\/uploads\/2024\/08\/IMG_1206-450x600.jpeg\" data-width=\"1920\" src=\"https:\/\/i2.wp.com\/www.cisa-arica.cl\/wp1\/wp-content\/uploads\/2024\/08\/IMG_1206-450x600.jpeg?ssl=1\" data-amp-layout=\"responsive\"\/><\/figure><\/div><div class=\"tiled-gallery__col\" style=\"flex-basis:63.97149%\"><figure class=\"tiled-gallery__item\"><img decoding=\"async\" data-attachment-id=\"26452\" data-permalink=\"https:\/\/www.cisa-arica.cl\/wp1\/2024\/08\/29\/participacion-cisa-en-iv-feria-literaria-2024\/img_1213\/\" data-orig-file=\"https:\/\/www.cisa-arica.cl\/wp1\/wp-content\/uploads\/2024\/08\/IMG_1213-scaled.jpeg\" data-orig-size=\"2560,1920\" data-comments-opened=\"0\" data-image-meta=\"{&quot;aperture&quot;:&quot;1.6&quot;,&quot;credit&quot;:&quot;&quot;,&quot;camera&quot;:&quot;iPhone 12 Pro&quot;,&quot;caption&quot;:&quot;&quot;,&quot;created_timestamp&quot;:&quot;1724846334&quot;,&quot;copyright&quot;:&quot;&quot;,&quot;focal_length&quot;:&quot;4.2&quot;,&quot;iso&quot;:&quot;32&quot;,&quot;shutter_speed&quot;:&quot;0.00061804697156984&quot;,&quot;title&quot;:&quot;&quot;,&quot;orientation&quot;:&quot;1&quot;}\" data-image-title=\"IMG_1213\" data-image-description=\"\" data-image-caption=\"\" data-large-file=\"https:\/\/www.cisa-arica.cl\/wp1\/wp-content\/uploads\/2024\/08\/IMG_1213-600x450.jpeg\" data-attachment-id=\"26452\" data-permalink=\"https:\/\/www.cisa-arica.cl\/wp1\/2024\/08\/29\/participacion-cisa-en-iv-feria-literaria-2024\/img_1213\/\" data-orig-file=\"https:\/\/www.cisa-arica.cl\/wp1\/wp-content\/uploads\/2024\/08\/IMG_1213-scaled.jpeg\" data-orig-size=\"2560,1920\" data-comments-opened=\"0\" data-image-meta=\"{&quot;aperture&quot;:&quot;1.6&quot;,&quot;credit&quot;:&quot;&quot;,&quot;camera&quot;:&quot;iPhone 12 Pro&quot;,&quot;caption&quot;:&quot;&quot;,&quot;created_timestamp&quot;:&quot;1724846334&quot;,&quot;copyright&quot;:&quot;&quot;,&quot;focal_length&quot;:&quot;4.2&quot;,&quot;iso&quot;:&quot;32&quot;,&quot;shutter_speed&quot;:&quot;0.00061804697156984&quot;,&quot;title&quot;:&quot;&quot;,&quot;orientation&quot;:&quot;1&quot;}\" data-image-title=\"IMG_1213\" data-image-description=\"\" data-image-caption=\"\" data-large-file=\"https:\/\/www.cisa-arica.cl\/wp1\/wp-content\/uploads\/2024\/08\/IMG_1213-600x450.jpeg\" role=\"button\" tabindex=\"0\" aria-label=\"Abrir la imagen 40 de 57 en pantalla completa\"srcset=\"https:\/\/i0.wp.com\/www.cisa-arica.cl\/wp1\/wp-content\/uploads\/2024\/08\/IMG_1213-600x450.jpeg?strip=info&#038;w=600&#038;ssl=1 600w,https:\/\/i0.wp.com\/www.cisa-arica.cl\/wp1\/wp-content\/uploads\/2024\/08\/IMG_1213-600x450.jpeg?strip=info&#038;w=900&#038;ssl=1 900w,https:\/\/i0.wp.com\/www.cisa-arica.cl\/wp1\/wp-content\/uploads\/2024\/08\/IMG_1213-600x450.jpeg?strip=info&#038;w=1200&#038;ssl=1 1200w,https:\/\/i0.wp.com\/www.cisa-arica.cl\/wp1\/wp-content\/uploads\/2024\/08\/IMG_1213-600x450.jpeg?strip=info&#038;w=1500&#038;ssl=1 1500w,https:\/\/i0.wp.com\/www.cisa-arica.cl\/wp1\/wp-content\/uploads\/2024\/08\/IMG_1213-600x450.jpeg?strip=info&#038;w=1800&#038;ssl=1 1800w,https:\/\/i0.wp.com\/www.cisa-arica.cl\/wp1\/wp-content\/uploads\/2024\/08\/IMG_1213-600x450.jpeg?strip=info&#038;w=2000&#038;ssl=1 2000w\" alt=\"\" data-height=\"1920\" data-id=\"26452\" data-link=\"https:\/\/www.cisa-arica.cl\/wp1\/?attachment_id=26452\" data-url=\"https:\/\/www.cisa-arica.cl\/wp1\/wp-content\/uploads\/2024\/08\/IMG_1213-600x450.jpeg\" data-width=\"2560\" src=\"https:\/\/i0.wp.com\/www.cisa-arica.cl\/wp1\/wp-content\/uploads\/2024\/08\/IMG_1213-600x450.jpeg?ssl=1\" data-amp-layout=\"responsive\"\/><\/figure><\/div><\/div><div class=\"tiled-gallery__row\"><div class=\"tiled-gallery__col\" style=\"flex-basis:36.02851%\"><figure class=\"tiled-gallery__item\"><img decoding=\"async\" data-attachment-id=\"26453\" data-permalink=\"https:\/\/www.cisa-arica.cl\/wp1\/2024\/08\/29\/participacion-cisa-en-iv-feria-literaria-2024\/img_1216\/\" data-orig-file=\"https:\/\/www.cisa-arica.cl\/wp1\/wp-content\/uploads\/2024\/08\/IMG_1216-scaled.jpeg\" data-orig-size=\"1920,2560\" data-comments-opened=\"0\" data-image-meta=\"{&quot;aperture&quot;:&quot;2&quot;,&quot;credit&quot;:&quot;&quot;,&quot;camera&quot;:&quot;iPhone 12 Pro&quot;,&quot;caption&quot;:&quot;&quot;,&quot;created_timestamp&quot;:&quot;1724846387&quot;,&quot;copyright&quot;:&quot;&quot;,&quot;focal_length&quot;:&quot;6&quot;,&quot;iso&quot;:&quot;25&quot;,&quot;shutter_speed&quot;:&quot;0.001230012300123&quot;,&quot;title&quot;:&quot;&quot;,&quot;orientation&quot;:&quot;1&quot;}\" data-image-title=\"IMG_1216\" data-image-description=\"\" data-image-caption=\"\" data-large-file=\"https:\/\/www.cisa-arica.cl\/wp1\/wp-content\/uploads\/2024\/08\/IMG_1216-450x600.jpeg\" data-attachment-id=\"26453\" data-permalink=\"https:\/\/www.cisa-arica.cl\/wp1\/2024\/08\/29\/participacion-cisa-en-iv-feria-literaria-2024\/img_1216\/\" data-orig-file=\"https:\/\/www.cisa-arica.cl\/wp1\/wp-content\/uploads\/2024\/08\/IMG_1216-scaled.jpeg\" data-orig-size=\"1920,2560\" data-comments-opened=\"0\" data-image-meta=\"{&quot;aperture&quot;:&quot;2&quot;,&quot;credit&quot;:&quot;&quot;,&quot;camera&quot;:&quot;iPhone 12 Pro&quot;,&quot;caption&quot;:&quot;&quot;,&quot;created_timestamp&quot;:&quot;1724846387&quot;,&quot;copyright&quot;:&quot;&quot;,&quot;focal_length&quot;:&quot;6&quot;,&quot;iso&quot;:&quot;25&quot;,&quot;shutter_speed&quot;:&quot;0.001230012300123&quot;,&quot;title&quot;:&quot;&quot;,&quot;orientation&quot;:&quot;1&quot;}\" data-image-title=\"IMG_1216\" data-image-description=\"\" data-image-caption=\"\" data-large-file=\"https:\/\/www.cisa-arica.cl\/wp1\/wp-content\/uploads\/2024\/08\/IMG_1216-450x600.jpeg\" role=\"button\" tabindex=\"0\" aria-label=\"Abrir la imagen 41 de 57 en pantalla completa\"srcset=\"https:\/\/i1.wp.com\/www.cisa-arica.cl\/wp1\/wp-content\/uploads\/2024\/08\/IMG_1216-450x600.jpeg?strip=info&#038;w=600&#038;ssl=1 600w,https:\/\/i1.wp.com\/www.cisa-arica.cl\/wp1\/wp-content\/uploads\/2024\/08\/IMG_1216-450x600.jpeg?strip=info&#038;w=900&#038;ssl=1 900w,https:\/\/i1.wp.com\/www.cisa-arica.cl\/wp1\/wp-content\/uploads\/2024\/08\/IMG_1216-450x600.jpeg?strip=info&#038;w=1200&#038;ssl=1 1200w,https:\/\/i1.wp.com\/www.cisa-arica.cl\/wp1\/wp-content\/uploads\/2024\/08\/IMG_1216-450x600.jpeg?strip=info&#038;w=1500&#038;ssl=1 1500w,https:\/\/i1.wp.com\/www.cisa-arica.cl\/wp1\/wp-content\/uploads\/2024\/08\/IMG_1216-450x600.jpeg?strip=info&#038;w=1800&#038;ssl=1 1800w,https:\/\/i1.wp.com\/www.cisa-arica.cl\/wp1\/wp-content\/uploads\/2024\/08\/IMG_1216-450x600.jpeg?strip=info&#038;w=1920&#038;ssl=1 1920w\" alt=\"\" data-height=\"2560\" data-id=\"26453\" data-link=\"https:\/\/www.cisa-arica.cl\/wp1\/?attachment_id=26453\" data-url=\"https:\/\/www.cisa-arica.cl\/wp1\/wp-content\/uploads\/2024\/08\/IMG_1216-450x600.jpeg\" data-width=\"1920\" src=\"https:\/\/i1.wp.com\/www.cisa-arica.cl\/wp1\/wp-content\/uploads\/2024\/08\/IMG_1216-450x600.jpeg?ssl=1\" data-amp-layout=\"responsive\"\/><\/figure><\/div><div class=\"tiled-gallery__col\" style=\"flex-basis:63.97149%\"><figure class=\"tiled-gallery__item\"><img decoding=\"async\" data-attachment-id=\"26454\" data-permalink=\"https:\/\/www.cisa-arica.cl\/wp1\/2024\/08\/29\/participacion-cisa-en-iv-feria-literaria-2024\/img_1215\/\" data-orig-file=\"https:\/\/www.cisa-arica.cl\/wp1\/wp-content\/uploads\/2024\/08\/IMG_1215-scaled.jpeg\" data-orig-size=\"2560,1920\" data-comments-opened=\"0\" data-image-meta=\"{&quot;aperture&quot;:&quot;2&quot;,&quot;credit&quot;:&quot;&quot;,&quot;camera&quot;:&quot;iPhone 12 Pro&quot;,&quot;caption&quot;:&quot;&quot;,&quot;created_timestamp&quot;:&quot;1724846379&quot;,&quot;copyright&quot;:&quot;&quot;,&quot;focal_length&quot;:&quot;6&quot;,&quot;iso&quot;:&quot;25&quot;,&quot;shutter_speed&quot;:&quot;0.0012515644555695&quot;,&quot;title&quot;:&quot;&quot;,&quot;orientation&quot;:&quot;1&quot;}\" data-image-title=\"IMG_1215\" data-image-description=\"\" data-image-caption=\"\" data-large-file=\"https:\/\/www.cisa-arica.cl\/wp1\/wp-content\/uploads\/2024\/08\/IMG_1215-600x450.jpeg\" data-attachment-id=\"26454\" data-permalink=\"https:\/\/www.cisa-arica.cl\/wp1\/2024\/08\/29\/participacion-cisa-en-iv-feria-literaria-2024\/img_1215\/\" data-orig-file=\"https:\/\/www.cisa-arica.cl\/wp1\/wp-content\/uploads\/2024\/08\/IMG_1215-scaled.jpeg\" data-orig-size=\"2560,1920\" data-comments-opened=\"0\" data-image-meta=\"{&quot;aperture&quot;:&quot;2&quot;,&quot;credit&quot;:&quot;&quot;,&quot;camera&quot;:&quot;iPhone 12 Pro&quot;,&quot;caption&quot;:&quot;&quot;,&quot;created_timestamp&quot;:&quot;1724846379&quot;,&quot;copyright&quot;:&quot;&quot;,&quot;focal_length&quot;:&quot;6&quot;,&quot;iso&quot;:&quot;25&quot;,&quot;shutter_speed&quot;:&quot;0.0012515644555695&quot;,&quot;title&quot;:&quot;&quot;,&quot;orientation&quot;:&quot;1&quot;}\" data-image-title=\"IMG_1215\" data-image-description=\"\" data-image-caption=\"\" data-large-file=\"https:\/\/www.cisa-arica.cl\/wp1\/wp-content\/uploads\/2024\/08\/IMG_1215-600x450.jpeg\" role=\"button\" tabindex=\"0\" aria-label=\"Abrir la imagen 42 de 57 en pantalla completa\"srcset=\"https:\/\/i0.wp.com\/www.cisa-arica.cl\/wp1\/wp-content\/uploads\/2024\/08\/IMG_1215-600x450.jpeg?strip=info&#038;w=600&#038;ssl=1 600w,https:\/\/i0.wp.com\/www.cisa-arica.cl\/wp1\/wp-content\/uploads\/2024\/08\/IMG_1215-600x450.jpeg?strip=info&#038;w=900&#038;ssl=1 900w,https:\/\/i0.wp.com\/www.cisa-arica.cl\/wp1\/wp-content\/uploads\/2024\/08\/IMG_1215-600x450.jpeg?strip=info&#038;w=1200&#038;ssl=1 1200w,https:\/\/i0.wp.com\/www.cisa-arica.cl\/wp1\/wp-content\/uploads\/2024\/08\/IMG_1215-600x450.jpeg?strip=info&#038;w=1500&#038;ssl=1 1500w,https:\/\/i0.wp.com\/www.cisa-arica.cl\/wp1\/wp-content\/uploads\/2024\/08\/IMG_1215-600x450.jpeg?strip=info&#038;w=1800&#038;ssl=1 1800w,https:\/\/i0.wp.com\/www.cisa-arica.cl\/wp1\/wp-content\/uploads\/2024\/08\/IMG_1215-600x450.jpeg?strip=info&#038;w=2000&#038;ssl=1 2000w\" alt=\"\" data-height=\"1920\" data-id=\"26454\" data-link=\"https:\/\/www.cisa-arica.cl\/wp1\/?attachment_id=26454\" data-url=\"https:\/\/www.cisa-arica.cl\/wp1\/wp-content\/uploads\/2024\/08\/IMG_1215-600x450.jpeg\" data-width=\"2560\" src=\"https:\/\/i0.wp.com\/www.cisa-arica.cl\/wp1\/wp-content\/uploads\/2024\/08\/IMG_1215-600x450.jpeg?ssl=1\" data-amp-layout=\"responsive\"\/><\/figure><\/div><\/div><div class=\"tiled-gallery__row\"><div class=\"tiled-gallery__col\" style=\"flex-basis:25.00000%\"><figure class=\"tiled-gallery__item\"><img decoding=\"async\" data-attachment-id=\"26455\" data-permalink=\"https:\/\/www.cisa-arica.cl\/wp1\/2024\/08\/29\/participacion-cisa-en-iv-feria-literaria-2024\/img_1214\/\" data-orig-file=\"https:\/\/www.cisa-arica.cl\/wp1\/wp-content\/uploads\/2024\/08\/IMG_1214-scaled.jpeg\" data-orig-size=\"1920,2560\" data-comments-opened=\"0\" data-image-meta=\"{&quot;aperture&quot;:&quot;1.6&quot;,&quot;credit&quot;:&quot;&quot;,&quot;camera&quot;:&quot;iPhone 12 Pro&quot;,&quot;caption&quot;:&quot;&quot;,&quot;created_timestamp&quot;:&quot;1724846345&quot;,&quot;copyright&quot;:&quot;&quot;,&quot;focal_length&quot;:&quot;4.2&quot;,&quot;iso&quot;:&quot;32&quot;,&quot;shutter_speed&quot;:&quot;0.00054794520547945&quot;,&quot;title&quot;:&quot;&quot;,&quot;orientation&quot;:&quot;1&quot;}\" data-image-title=\"IMG_1214\" data-image-description=\"\" data-image-caption=\"\" data-large-file=\"https:\/\/www.cisa-arica.cl\/wp1\/wp-content\/uploads\/2024\/08\/IMG_1214-450x600.jpeg\" data-attachment-id=\"26455\" data-permalink=\"https:\/\/www.cisa-arica.cl\/wp1\/2024\/08\/29\/participacion-cisa-en-iv-feria-literaria-2024\/img_1214\/\" data-orig-file=\"https:\/\/www.cisa-arica.cl\/wp1\/wp-content\/uploads\/2024\/08\/IMG_1214-scaled.jpeg\" data-orig-size=\"1920,2560\" data-comments-opened=\"0\" data-image-meta=\"{&quot;aperture&quot;:&quot;1.6&quot;,&quot;credit&quot;:&quot;&quot;,&quot;camera&quot;:&quot;iPhone 12 Pro&quot;,&quot;caption&quot;:&quot;&quot;,&quot;created_timestamp&quot;:&quot;1724846345&quot;,&quot;copyright&quot;:&quot;&quot;,&quot;focal_length&quot;:&quot;4.2&quot;,&quot;iso&quot;:&quot;32&quot;,&quot;shutter_speed&quot;:&quot;0.00054794520547945&quot;,&quot;title&quot;:&quot;&quot;,&quot;orientation&quot;:&quot;1&quot;}\" data-image-title=\"IMG_1214\" data-image-description=\"\" data-image-caption=\"\" data-large-file=\"https:\/\/www.cisa-arica.cl\/wp1\/wp-content\/uploads\/2024\/08\/IMG_1214-450x600.jpeg\" role=\"button\" tabindex=\"0\" aria-label=\"Abrir la imagen 43 de 57 en pantalla completa\"srcset=\"https:\/\/i2.wp.com\/www.cisa-arica.cl\/wp1\/wp-content\/uploads\/2024\/08\/IMG_1214-450x600.jpeg?strip=info&#038;w=600&#038;ssl=1 600w,https:\/\/i2.wp.com\/www.cisa-arica.cl\/wp1\/wp-content\/uploads\/2024\/08\/IMG_1214-450x600.jpeg?strip=info&#038;w=900&#038;ssl=1 900w,https:\/\/i2.wp.com\/www.cisa-arica.cl\/wp1\/wp-content\/uploads\/2024\/08\/IMG_1214-450x600.jpeg?strip=info&#038;w=1200&#038;ssl=1 1200w,https:\/\/i2.wp.com\/www.cisa-arica.cl\/wp1\/wp-content\/uploads\/2024\/08\/IMG_1214-450x600.jpeg?strip=info&#038;w=1500&#038;ssl=1 1500w,https:\/\/i2.wp.com\/www.cisa-arica.cl\/wp1\/wp-content\/uploads\/2024\/08\/IMG_1214-450x600.jpeg?strip=info&#038;w=1800&#038;ssl=1 1800w,https:\/\/i2.wp.com\/www.cisa-arica.cl\/wp1\/wp-content\/uploads\/2024\/08\/IMG_1214-450x600.jpeg?strip=info&#038;w=1920&#038;ssl=1 1920w\" alt=\"\" data-height=\"2560\" data-id=\"26455\" data-link=\"https:\/\/www.cisa-arica.cl\/wp1\/?attachment_id=26455\" data-url=\"https:\/\/www.cisa-arica.cl\/wp1\/wp-content\/uploads\/2024\/08\/IMG_1214-450x600.jpeg\" data-width=\"1920\" src=\"https:\/\/i2.wp.com\/www.cisa-arica.cl\/wp1\/wp-content\/uploads\/2024\/08\/IMG_1214-450x600.jpeg?ssl=1\" data-amp-layout=\"responsive\"\/><\/figure><\/div><div class=\"tiled-gallery__col\" style=\"flex-basis:25.00000%\"><figure class=\"tiled-gallery__item\"><img decoding=\"async\" data-attachment-id=\"26456\" data-permalink=\"https:\/\/www.cisa-arica.cl\/wp1\/2024\/08\/29\/participacion-cisa-en-iv-feria-literaria-2024\/img_1219\/\" data-orig-file=\"https:\/\/www.cisa-arica.cl\/wp1\/wp-content\/uploads\/2024\/08\/IMG_1219-scaled.jpeg\" data-orig-size=\"1920,2560\" data-comments-opened=\"0\" data-image-meta=\"{&quot;aperture&quot;:&quot;1.6&quot;,&quot;credit&quot;:&quot;&quot;,&quot;camera&quot;:&quot;iPhone 12 Pro&quot;,&quot;caption&quot;:&quot;&quot;,&quot;created_timestamp&quot;:&quot;1724846545&quot;,&quot;copyright&quot;:&quot;&quot;,&quot;focal_length&quot;:&quot;4.2&quot;,&quot;iso&quot;:&quot;32&quot;,&quot;shutter_speed&quot;:&quot;0.00020699648105982&quot;,&quot;title&quot;:&quot;&quot;,&quot;orientation&quot;:&quot;1&quot;}\" data-image-title=\"IMG_1219\" data-image-description=\"\" data-image-caption=\"\" data-large-file=\"https:\/\/www.cisa-arica.cl\/wp1\/wp-content\/uploads\/2024\/08\/IMG_1219-450x600.jpeg\" data-attachment-id=\"26456\" data-permalink=\"https:\/\/www.cisa-arica.cl\/wp1\/2024\/08\/29\/participacion-cisa-en-iv-feria-literaria-2024\/img_1219\/\" data-orig-file=\"https:\/\/www.cisa-arica.cl\/wp1\/wp-content\/uploads\/2024\/08\/IMG_1219-scaled.jpeg\" data-orig-size=\"1920,2560\" data-comments-opened=\"0\" data-image-meta=\"{&quot;aperture&quot;:&quot;1.6&quot;,&quot;credit&quot;:&quot;&quot;,&quot;camera&quot;:&quot;iPhone 12 Pro&quot;,&quot;caption&quot;:&quot;&quot;,&quot;created_timestamp&quot;:&quot;1724846545&quot;,&quot;copyright&quot;:&quot;&quot;,&quot;focal_length&quot;:&quot;4.2&quot;,&quot;iso&quot;:&quot;32&quot;,&quot;shutter_speed&quot;:&quot;0.00020699648105982&quot;,&quot;title&quot;:&quot;&quot;,&quot;orientation&quot;:&quot;1&quot;}\" data-image-title=\"IMG_1219\" data-image-description=\"\" data-image-caption=\"\" data-large-file=\"https:\/\/www.cisa-arica.cl\/wp1\/wp-content\/uploads\/2024\/08\/IMG_1219-450x600.jpeg\" role=\"button\" tabindex=\"0\" aria-label=\"Abrir la imagen 44 de 57 en pantalla completa\"srcset=\"https:\/\/i0.wp.com\/www.cisa-arica.cl\/wp1\/wp-content\/uploads\/2024\/08\/IMG_1219-450x600.jpeg?strip=info&#038;w=600&#038;ssl=1 600w,https:\/\/i0.wp.com\/www.cisa-arica.cl\/wp1\/wp-content\/uploads\/2024\/08\/IMG_1219-450x600.jpeg?strip=info&#038;w=900&#038;ssl=1 900w,https:\/\/i0.wp.com\/www.cisa-arica.cl\/wp1\/wp-content\/uploads\/2024\/08\/IMG_1219-450x600.jpeg?strip=info&#038;w=1200&#038;ssl=1 1200w,https:\/\/i0.wp.com\/www.cisa-arica.cl\/wp1\/wp-content\/uploads\/2024\/08\/IMG_1219-450x600.jpeg?strip=info&#038;w=1500&#038;ssl=1 1500w,https:\/\/i0.wp.com\/www.cisa-arica.cl\/wp1\/wp-content\/uploads\/2024\/08\/IMG_1219-450x600.jpeg?strip=info&#038;w=1800&#038;ssl=1 1800w,https:\/\/i0.wp.com\/www.cisa-arica.cl\/wp1\/wp-content\/uploads\/2024\/08\/IMG_1219-450x600.jpeg?strip=info&#038;w=1920&#038;ssl=1 1920w\" alt=\"\" data-height=\"2560\" data-id=\"26456\" data-link=\"https:\/\/www.cisa-arica.cl\/wp1\/?attachment_id=26456\" data-url=\"https:\/\/www.cisa-arica.cl\/wp1\/wp-content\/uploads\/2024\/08\/IMG_1219-450x600.jpeg\" data-width=\"1920\" src=\"https:\/\/i0.wp.com\/www.cisa-arica.cl\/wp1\/wp-content\/uploads\/2024\/08\/IMG_1219-450x600.jpeg?ssl=1\" data-amp-layout=\"responsive\"\/><\/figure><\/div><div class=\"tiled-gallery__col\" style=\"flex-basis:25.00000%\"><figure class=\"tiled-gallery__item\"><img decoding=\"async\" data-attachment-id=\"26457\" data-permalink=\"https:\/\/www.cisa-arica.cl\/wp1\/2024\/08\/29\/participacion-cisa-en-iv-feria-literaria-2024\/img_1218\/\" data-orig-file=\"https:\/\/www.cisa-arica.cl\/wp1\/wp-content\/uploads\/2024\/08\/IMG_1218-scaled.jpeg\" data-orig-size=\"1920,2560\" data-comments-opened=\"0\" data-image-meta=\"{&quot;aperture&quot;:&quot;1.6&quot;,&quot;credit&quot;:&quot;&quot;,&quot;camera&quot;:&quot;iPhone 12 Pro&quot;,&quot;caption&quot;:&quot;&quot;,&quot;created_timestamp&quot;:&quot;1724846527&quot;,&quot;copyright&quot;:&quot;&quot;,&quot;focal_length&quot;:&quot;4.2&quot;,&quot;iso&quot;:&quot;32&quot;,&quot;shutter_speed&quot;:&quot;0.0003469812630118&quot;,&quot;title&quot;:&quot;&quot;,&quot;orientation&quot;:&quot;1&quot;}\" data-image-title=\"IMG_1218\" data-image-description=\"\" data-image-caption=\"\" data-large-file=\"https:\/\/www.cisa-arica.cl\/wp1\/wp-content\/uploads\/2024\/08\/IMG_1218-450x600.jpeg\" data-attachment-id=\"26457\" data-permalink=\"https:\/\/www.cisa-arica.cl\/wp1\/2024\/08\/29\/participacion-cisa-en-iv-feria-literaria-2024\/img_1218\/\" data-orig-file=\"https:\/\/www.cisa-arica.cl\/wp1\/wp-content\/uploads\/2024\/08\/IMG_1218-scaled.jpeg\" data-orig-size=\"1920,2560\" data-comments-opened=\"0\" data-image-meta=\"{&quot;aperture&quot;:&quot;1.6&quot;,&quot;credit&quot;:&quot;&quot;,&quot;camera&quot;:&quot;iPhone 12 Pro&quot;,&quot;caption&quot;:&quot;&quot;,&quot;created_timestamp&quot;:&quot;1724846527&quot;,&quot;copyright&quot;:&quot;&quot;,&quot;focal_length&quot;:&quot;4.2&quot;,&quot;iso&quot;:&quot;32&quot;,&quot;shutter_speed&quot;:&quot;0.0003469812630118&quot;,&quot;title&quot;:&quot;&quot;,&quot;orientation&quot;:&quot;1&quot;}\" data-image-title=\"IMG_1218\" data-image-description=\"\" data-image-caption=\"\" data-large-file=\"https:\/\/www.cisa-arica.cl\/wp1\/wp-content\/uploads\/2024\/08\/IMG_1218-450x600.jpeg\" role=\"button\" tabindex=\"0\" aria-label=\"Abrir la imagen 45 de 57 en pantalla completa\"srcset=\"https:\/\/i0.wp.com\/www.cisa-arica.cl\/wp1\/wp-content\/uploads\/2024\/08\/IMG_1218-450x600.jpeg?strip=info&#038;w=600&#038;ssl=1 600w,https:\/\/i0.wp.com\/www.cisa-arica.cl\/wp1\/wp-content\/uploads\/2024\/08\/IMG_1218-450x600.jpeg?strip=info&#038;w=900&#038;ssl=1 900w,https:\/\/i0.wp.com\/www.cisa-arica.cl\/wp1\/wp-content\/uploads\/2024\/08\/IMG_1218-450x600.jpeg?strip=info&#038;w=1200&#038;ssl=1 1200w,https:\/\/i0.wp.com\/www.cisa-arica.cl\/wp1\/wp-content\/uploads\/2024\/08\/IMG_1218-450x600.jpeg?strip=info&#038;w=1500&#038;ssl=1 1500w,https:\/\/i0.wp.com\/www.cisa-arica.cl\/wp1\/wp-content\/uploads\/2024\/08\/IMG_1218-450x600.jpeg?strip=info&#038;w=1800&#038;ssl=1 1800w,https:\/\/i0.wp.com\/www.cisa-arica.cl\/wp1\/wp-content\/uploads\/2024\/08\/IMG_1218-450x600.jpeg?strip=info&#038;w=1920&#038;ssl=1 1920w\" alt=\"\" data-height=\"2560\" data-id=\"26457\" data-link=\"https:\/\/www.cisa-arica.cl\/wp1\/?attachment_id=26457\" data-url=\"https:\/\/www.cisa-arica.cl\/wp1\/wp-content\/uploads\/2024\/08\/IMG_1218-450x600.jpeg\" data-width=\"1920\" src=\"https:\/\/i0.wp.com\/www.cisa-arica.cl\/wp1\/wp-content\/uploads\/2024\/08\/IMG_1218-450x600.jpeg?ssl=1\" data-amp-layout=\"responsive\"\/><\/figure><\/div><div class=\"tiled-gallery__col\" style=\"flex-basis:25.00000%\"><figure class=\"tiled-gallery__item\"><img decoding=\"async\" data-attachment-id=\"26458\" data-permalink=\"https:\/\/www.cisa-arica.cl\/wp1\/2024\/08\/29\/participacion-cisa-en-iv-feria-literaria-2024\/img_1217\/\" data-orig-file=\"https:\/\/www.cisa-arica.cl\/wp1\/wp-content\/uploads\/2024\/08\/IMG_1217-scaled.jpeg\" data-orig-size=\"1920,2560\" data-comments-opened=\"0\" data-image-meta=\"{&quot;aperture&quot;:&quot;1.6&quot;,&quot;credit&quot;:&quot;&quot;,&quot;camera&quot;:&quot;iPhone 12 Pro&quot;,&quot;caption&quot;:&quot;&quot;,&quot;created_timestamp&quot;:&quot;1724846513&quot;,&quot;copyright&quot;:&quot;&quot;,&quot;focal_length&quot;:&quot;4.2&quot;,&quot;iso&quot;:&quot;32&quot;,&quot;shutter_speed&quot;:&quot;0.00053908355795148&quot;,&quot;title&quot;:&quot;&quot;,&quot;orientation&quot;:&quot;1&quot;}\" data-image-title=\"IMG_1217\" data-image-description=\"\" data-image-caption=\"\" data-large-file=\"https:\/\/www.cisa-arica.cl\/wp1\/wp-content\/uploads\/2024\/08\/IMG_1217-450x600.jpeg\" data-attachment-id=\"26458\" data-permalink=\"https:\/\/www.cisa-arica.cl\/wp1\/2024\/08\/29\/participacion-cisa-en-iv-feria-literaria-2024\/img_1217\/\" data-orig-file=\"https:\/\/www.cisa-arica.cl\/wp1\/wp-content\/uploads\/2024\/08\/IMG_1217-scaled.jpeg\" data-orig-size=\"1920,2560\" data-comments-opened=\"0\" data-image-meta=\"{&quot;aperture&quot;:&quot;1.6&quot;,&quot;credit&quot;:&quot;&quot;,&quot;camera&quot;:&quot;iPhone 12 Pro&quot;,&quot;caption&quot;:&quot;&quot;,&quot;created_timestamp&quot;:&quot;1724846513&quot;,&quot;copyright&quot;:&quot;&quot;,&quot;focal_length&quot;:&quot;4.2&quot;,&quot;iso&quot;:&quot;32&quot;,&quot;shutter_speed&quot;:&quot;0.00053908355795148&quot;,&quot;title&quot;:&quot;&quot;,&quot;orientation&quot;:&quot;1&quot;}\" data-image-title=\"IMG_1217\" data-image-description=\"\" data-image-caption=\"\" data-large-file=\"https:\/\/www.cisa-arica.cl\/wp1\/wp-content\/uploads\/2024\/08\/IMG_1217-450x600.jpeg\" role=\"button\" tabindex=\"0\" aria-label=\"Abrir la imagen 46 de 57 en pantalla completa\"srcset=\"https:\/\/i0.wp.com\/www.cisa-arica.cl\/wp1\/wp-content\/uploads\/2024\/08\/IMG_1217-450x600.jpeg?strip=info&#038;w=600&#038;ssl=1 600w,https:\/\/i0.wp.com\/www.cisa-arica.cl\/wp1\/wp-content\/uploads\/2024\/08\/IMG_1217-450x600.jpeg?strip=info&#038;w=900&#038;ssl=1 900w,https:\/\/i0.wp.com\/www.cisa-arica.cl\/wp1\/wp-content\/uploads\/2024\/08\/IMG_1217-450x600.jpeg?strip=info&#038;w=1200&#038;ssl=1 1200w,https:\/\/i0.wp.com\/www.cisa-arica.cl\/wp1\/wp-content\/uploads\/2024\/08\/IMG_1217-450x600.jpeg?strip=info&#038;w=1500&#038;ssl=1 1500w,https:\/\/i0.wp.com\/www.cisa-arica.cl\/wp1\/wp-content\/uploads\/2024\/08\/IMG_1217-450x600.jpeg?strip=info&#038;w=1800&#038;ssl=1 1800w,https:\/\/i0.wp.com\/www.cisa-arica.cl\/wp1\/wp-content\/uploads\/2024\/08\/IMG_1217-450x600.jpeg?strip=info&#038;w=1920&#038;ssl=1 1920w\" alt=\"\" data-height=\"2560\" data-id=\"26458\" data-link=\"https:\/\/www.cisa-arica.cl\/wp1\/?attachment_id=26458\" data-url=\"https:\/\/www.cisa-arica.cl\/wp1\/wp-content\/uploads\/2024\/08\/IMG_1217-450x600.jpeg\" data-width=\"1920\" src=\"https:\/\/i0.wp.com\/www.cisa-arica.cl\/wp1\/wp-content\/uploads\/2024\/08\/IMG_1217-450x600.jpeg?ssl=1\" data-amp-layout=\"responsive\"\/><\/figure><\/div><\/div><div class=\"tiled-gallery__row\"><div class=\"tiled-gallery__col\" style=\"flex-basis:50.00000%\"><figure class=\"tiled-gallery__item\"><img decoding=\"async\" data-attachment-id=\"26459\" data-permalink=\"https:\/\/www.cisa-arica.cl\/wp1\/2024\/08\/29\/participacion-cisa-en-iv-feria-literaria-2024\/img_1221\/\" data-orig-file=\"https:\/\/www.cisa-arica.cl\/wp1\/wp-content\/uploads\/2024\/08\/IMG_1221-scaled.jpeg\" data-orig-size=\"1920,2560\" data-comments-opened=\"0\" data-image-meta=\"{&quot;aperture&quot;:&quot;1.6&quot;,&quot;credit&quot;:&quot;&quot;,&quot;camera&quot;:&quot;iPhone 12 Pro&quot;,&quot;caption&quot;:&quot;&quot;,&quot;created_timestamp&quot;:&quot;1724846629&quot;,&quot;copyright&quot;:&quot;&quot;,&quot;focal_length&quot;:&quot;4.2&quot;,&quot;iso&quot;:&quot;32&quot;,&quot;shutter_speed&quot;:&quot;0.00088105726872247&quot;,&quot;title&quot;:&quot;&quot;,&quot;orientation&quot;:&quot;1&quot;}\" data-image-title=\"IMG_1221\" data-image-description=\"\" data-image-caption=\"\" data-large-file=\"https:\/\/www.cisa-arica.cl\/wp1\/wp-content\/uploads\/2024\/08\/IMG_1221-450x600.jpeg\" data-attachment-id=\"26459\" data-permalink=\"https:\/\/www.cisa-arica.cl\/wp1\/2024\/08\/29\/participacion-cisa-en-iv-feria-literaria-2024\/img_1221\/\" data-orig-file=\"https:\/\/www.cisa-arica.cl\/wp1\/wp-content\/uploads\/2024\/08\/IMG_1221-scaled.jpeg\" data-orig-size=\"1920,2560\" data-comments-opened=\"0\" data-image-meta=\"{&quot;aperture&quot;:&quot;1.6&quot;,&quot;credit&quot;:&quot;&quot;,&quot;camera&quot;:&quot;iPhone 12 Pro&quot;,&quot;caption&quot;:&quot;&quot;,&quot;created_timestamp&quot;:&quot;1724846629&quot;,&quot;copyright&quot;:&quot;&quot;,&quot;focal_length&quot;:&quot;4.2&quot;,&quot;iso&quot;:&quot;32&quot;,&quot;shutter_speed&quot;:&quot;0.00088105726872247&quot;,&quot;title&quot;:&quot;&quot;,&quot;orientation&quot;:&quot;1&quot;}\" data-image-title=\"IMG_1221\" data-image-description=\"\" data-image-caption=\"\" data-large-file=\"https:\/\/www.cisa-arica.cl\/wp1\/wp-content\/uploads\/2024\/08\/IMG_1221-450x600.jpeg\" role=\"button\" tabindex=\"0\" aria-label=\"Abrir la imagen 47 de 57 en pantalla completa\"srcset=\"https:\/\/i0.wp.com\/www.cisa-arica.cl\/wp1\/wp-content\/uploads\/2024\/08\/IMG_1221-450x600.jpeg?strip=info&#038;w=600&#038;ssl=1 600w,https:\/\/i0.wp.com\/www.cisa-arica.cl\/wp1\/wp-content\/uploads\/2024\/08\/IMG_1221-450x600.jpeg?strip=info&#038;w=900&#038;ssl=1 900w,https:\/\/i0.wp.com\/www.cisa-arica.cl\/wp1\/wp-content\/uploads\/2024\/08\/IMG_1221-450x600.jpeg?strip=info&#038;w=1200&#038;ssl=1 1200w,https:\/\/i0.wp.com\/www.cisa-arica.cl\/wp1\/wp-content\/uploads\/2024\/08\/IMG_1221-450x600.jpeg?strip=info&#038;w=1500&#038;ssl=1 1500w,https:\/\/i0.wp.com\/www.cisa-arica.cl\/wp1\/wp-content\/uploads\/2024\/08\/IMG_1221-450x600.jpeg?strip=info&#038;w=1800&#038;ssl=1 1800w,https:\/\/i0.wp.com\/www.cisa-arica.cl\/wp1\/wp-content\/uploads\/2024\/08\/IMG_1221-450x600.jpeg?strip=info&#038;w=1920&#038;ssl=1 1920w\" alt=\"\" data-height=\"2560\" data-id=\"26459\" data-link=\"https:\/\/www.cisa-arica.cl\/wp1\/?attachment_id=26459\" data-url=\"https:\/\/www.cisa-arica.cl\/wp1\/wp-content\/uploads\/2024\/08\/IMG_1221-450x600.jpeg\" data-width=\"1920\" src=\"https:\/\/i0.wp.com\/www.cisa-arica.cl\/wp1\/wp-content\/uploads\/2024\/08\/IMG_1221-450x600.jpeg?ssl=1\" data-amp-layout=\"responsive\"\/><\/figure><\/div><div class=\"tiled-gallery__col\" style=\"flex-basis:50.00000%\"><figure class=\"tiled-gallery__item\"><img decoding=\"async\" data-attachment-id=\"26460\" data-permalink=\"https:\/\/www.cisa-arica.cl\/wp1\/2024\/08\/29\/participacion-cisa-en-iv-feria-literaria-2024\/img_1222\/\" data-orig-file=\"https:\/\/www.cisa-arica.cl\/wp1\/wp-content\/uploads\/2024\/08\/IMG_1222-scaled.jpeg\" data-orig-size=\"1920,2560\" data-comments-opened=\"0\" data-image-meta=\"{&quot;aperture&quot;:&quot;1.6&quot;,&quot;credit&quot;:&quot;&quot;,&quot;camera&quot;:&quot;iPhone 12 Pro&quot;,&quot;caption&quot;:&quot;&quot;,&quot;created_timestamp&quot;:&quot;1724846732&quot;,&quot;copyright&quot;:&quot;&quot;,&quot;focal_length&quot;:&quot;4.2&quot;,&quot;iso&quot;:&quot;32&quot;,&quot;shutter_speed&quot;:&quot;0.00073206442166911&quot;,&quot;title&quot;:&quot;&quot;,&quot;orientation&quot;:&quot;1&quot;}\" data-image-title=\"IMG_1222\" data-image-description=\"\" data-image-caption=\"\" data-large-file=\"https:\/\/www.cisa-arica.cl\/wp1\/wp-content\/uploads\/2024\/08\/IMG_1222-450x600.jpeg\" data-attachment-id=\"26460\" data-permalink=\"https:\/\/www.cisa-arica.cl\/wp1\/2024\/08\/29\/participacion-cisa-en-iv-feria-literaria-2024\/img_1222\/\" data-orig-file=\"https:\/\/www.cisa-arica.cl\/wp1\/wp-content\/uploads\/2024\/08\/IMG_1222-scaled.jpeg\" data-orig-size=\"1920,2560\" data-comments-opened=\"0\" data-image-meta=\"{&quot;aperture&quot;:&quot;1.6&quot;,&quot;credit&quot;:&quot;&quot;,&quot;camera&quot;:&quot;iPhone 12 Pro&quot;,&quot;caption&quot;:&quot;&quot;,&quot;created_timestamp&quot;:&quot;1724846732&quot;,&quot;copyright&quot;:&quot;&quot;,&quot;focal_length&quot;:&quot;4.2&quot;,&quot;iso&quot;:&quot;32&quot;,&quot;shutter_speed&quot;:&quot;0.00073206442166911&quot;,&quot;title&quot;:&quot;&quot;,&quot;orientation&quot;:&quot;1&quot;}\" data-image-title=\"IMG_1222\" data-image-description=\"\" data-image-caption=\"\" data-large-file=\"https:\/\/www.cisa-arica.cl\/wp1\/wp-content\/uploads\/2024\/08\/IMG_1222-450x600.jpeg\" role=\"button\" tabindex=\"0\" aria-label=\"Abrir la imagen 48 de 57 en pantalla completa\"srcset=\"https:\/\/i2.wp.com\/www.cisa-arica.cl\/wp1\/wp-content\/uploads\/2024\/08\/IMG_1222-450x600.jpeg?strip=info&#038;w=600&#038;ssl=1 600w,https:\/\/i2.wp.com\/www.cisa-arica.cl\/wp1\/wp-content\/uploads\/2024\/08\/IMG_1222-450x600.jpeg?strip=info&#038;w=900&#038;ssl=1 900w,https:\/\/i2.wp.com\/www.cisa-arica.cl\/wp1\/wp-content\/uploads\/2024\/08\/IMG_1222-450x600.jpeg?strip=info&#038;w=1200&#038;ssl=1 1200w,https:\/\/i2.wp.com\/www.cisa-arica.cl\/wp1\/wp-content\/uploads\/2024\/08\/IMG_1222-450x600.jpeg?strip=info&#038;w=1500&#038;ssl=1 1500w,https:\/\/i2.wp.com\/www.cisa-arica.cl\/wp1\/wp-content\/uploads\/2024\/08\/IMG_1222-450x600.jpeg?strip=info&#038;w=1800&#038;ssl=1 1800w,https:\/\/i2.wp.com\/www.cisa-arica.cl\/wp1\/wp-content\/uploads\/2024\/08\/IMG_1222-450x600.jpeg?strip=info&#038;w=1920&#038;ssl=1 1920w\" alt=\"\" data-height=\"2560\" data-id=\"26460\" data-link=\"https:\/\/www.cisa-arica.cl\/wp1\/?attachment_id=26460\" data-url=\"https:\/\/www.cisa-arica.cl\/wp1\/wp-content\/uploads\/2024\/08\/IMG_1222-450x600.jpeg\" data-width=\"1920\" src=\"https:\/\/i2.wp.com\/www.cisa-arica.cl\/wp1\/wp-content\/uploads\/2024\/08\/IMG_1222-450x600.jpeg?ssl=1\" data-amp-layout=\"responsive\"\/><\/figure><\/div><\/div><div class=\"tiled-gallery__row\"><div class=\"tiled-gallery__col\" style=\"flex-basis:59.85931%\"><figure class=\"tiled-gallery__item\"><img decoding=\"async\" data-attachment-id=\"26461\" data-permalink=\"https:\/\/www.cisa-arica.cl\/wp1\/2024\/08\/29\/participacion-cisa-en-iv-feria-literaria-2024\/img_1220\/\" data-orig-file=\"https:\/\/www.cisa-arica.cl\/wp1\/wp-content\/uploads\/2024\/08\/IMG_1220-scaled.jpeg\" data-orig-size=\"2560,1920\" data-comments-opened=\"0\" data-image-meta=\"{&quot;aperture&quot;:&quot;1.6&quot;,&quot;credit&quot;:&quot;&quot;,&quot;camera&quot;:&quot;iPhone 12 Pro&quot;,&quot;caption&quot;:&quot;&quot;,&quot;created_timestamp&quot;:&quot;1724846583&quot;,&quot;copyright&quot;:&quot;&quot;,&quot;focal_length&quot;:&quot;4.2&quot;,&quot;iso&quot;:&quot;32&quot;,&quot;shutter_speed&quot;:&quot;0.00046904315196998&quot;,&quot;title&quot;:&quot;&quot;,&quot;orientation&quot;:&quot;1&quot;}\" data-image-title=\"IMG_1220\" data-image-description=\"\" data-image-caption=\"\" data-large-file=\"https:\/\/www.cisa-arica.cl\/wp1\/wp-content\/uploads\/2024\/08\/IMG_1220-600x450.jpeg\" data-attachment-id=\"26461\" data-permalink=\"https:\/\/www.cisa-arica.cl\/wp1\/2024\/08\/29\/participacion-cisa-en-iv-feria-literaria-2024\/img_1220\/\" data-orig-file=\"https:\/\/www.cisa-arica.cl\/wp1\/wp-content\/uploads\/2024\/08\/IMG_1220-scaled.jpeg\" data-orig-size=\"2560,1920\" data-comments-opened=\"0\" data-image-meta=\"{&quot;aperture&quot;:&quot;1.6&quot;,&quot;credit&quot;:&quot;&quot;,&quot;camera&quot;:&quot;iPhone 12 Pro&quot;,&quot;caption&quot;:&quot;&quot;,&quot;created_timestamp&quot;:&quot;1724846583&quot;,&quot;copyright&quot;:&quot;&quot;,&quot;focal_length&quot;:&quot;4.2&quot;,&quot;iso&quot;:&quot;32&quot;,&quot;shutter_speed&quot;:&quot;0.00046904315196998&quot;,&quot;title&quot;:&quot;&quot;,&quot;orientation&quot;:&quot;1&quot;}\" data-image-title=\"IMG_1220\" data-image-description=\"\" data-image-caption=\"\" data-large-file=\"https:\/\/www.cisa-arica.cl\/wp1\/wp-content\/uploads\/2024\/08\/IMG_1220-600x450.jpeg\" role=\"button\" tabindex=\"0\" aria-label=\"Abrir la imagen 49 de 57 en pantalla completa\"srcset=\"https:\/\/i2.wp.com\/www.cisa-arica.cl\/wp1\/wp-content\/uploads\/2024\/08\/IMG_1220-600x450.jpeg?strip=info&#038;w=600&#038;ssl=1 600w,https:\/\/i2.wp.com\/www.cisa-arica.cl\/wp1\/wp-content\/uploads\/2024\/08\/IMG_1220-600x450.jpeg?strip=info&#038;w=900&#038;ssl=1 900w,https:\/\/i2.wp.com\/www.cisa-arica.cl\/wp1\/wp-content\/uploads\/2024\/08\/IMG_1220-600x450.jpeg?strip=info&#038;w=1200&#038;ssl=1 1200w,https:\/\/i2.wp.com\/www.cisa-arica.cl\/wp1\/wp-content\/uploads\/2024\/08\/IMG_1220-600x450.jpeg?strip=info&#038;w=1500&#038;ssl=1 1500w,https:\/\/i2.wp.com\/www.cisa-arica.cl\/wp1\/wp-content\/uploads\/2024\/08\/IMG_1220-600x450.jpeg?strip=info&#038;w=1800&#038;ssl=1 1800w,https:\/\/i2.wp.com\/www.cisa-arica.cl\/wp1\/wp-content\/uploads\/2024\/08\/IMG_1220-600x450.jpeg?strip=info&#038;w=2000&#038;ssl=1 2000w\" alt=\"\" data-height=\"1920\" data-id=\"26461\" data-link=\"https:\/\/www.cisa-arica.cl\/wp1\/?attachment_id=26461\" data-url=\"https:\/\/www.cisa-arica.cl\/wp1\/wp-content\/uploads\/2024\/08\/IMG_1220-600x450.jpeg\" data-width=\"2560\" src=\"https:\/\/i2.wp.com\/www.cisa-arica.cl\/wp1\/wp-content\/uploads\/2024\/08\/IMG_1220-600x450.jpeg?ssl=1\" data-amp-layout=\"responsive\"\/><\/figure><\/div><div class=\"tiled-gallery__col\" style=\"flex-basis:40.14069%\"><figure class=\"tiled-gallery__item\"><img decoding=\"async\" data-attachment-id=\"26462\" data-permalink=\"https:\/\/www.cisa-arica.cl\/wp1\/2024\/08\/29\/participacion-cisa-en-iv-feria-literaria-2024\/img_1244\/\" data-orig-file=\"https:\/\/www.cisa-arica.cl\/wp1\/wp-content\/uploads\/2024\/08\/IMG_1244.jpeg\" data-orig-size=\"2098,1170\" data-comments-opened=\"0\" data-image-meta=\"{&quot;aperture&quot;:&quot;0&quot;,&quot;credit&quot;:&quot;&quot;,&quot;camera&quot;:&quot;&quot;,&quot;caption&quot;:&quot;&quot;,&quot;created_timestamp&quot;:&quot;1725101781&quot;,&quot;copyright&quot;:&quot;&quot;,&quot;focal_length&quot;:&quot;0&quot;,&quot;iso&quot;:&quot;0&quot;,&quot;shutter_speed&quot;:&quot;0&quot;,&quot;title&quot;:&quot;&quot;,&quot;orientation&quot;:&quot;1&quot;}\" data-image-title=\"IMG_1244\" data-image-description=\"\" data-image-caption=\"\" data-large-file=\"https:\/\/www.cisa-arica.cl\/wp1\/wp-content\/uploads\/2024\/08\/IMG_1244-600x335.jpeg\" data-attachment-id=\"26462\" data-permalink=\"https:\/\/www.cisa-arica.cl\/wp1\/2024\/08\/29\/participacion-cisa-en-iv-feria-literaria-2024\/img_1244\/\" data-orig-file=\"https:\/\/www.cisa-arica.cl\/wp1\/wp-content\/uploads\/2024\/08\/IMG_1244.jpeg\" data-orig-size=\"2098,1170\" data-comments-opened=\"0\" data-image-meta=\"{&quot;aperture&quot;:&quot;0&quot;,&quot;credit&quot;:&quot;&quot;,&quot;camera&quot;:&quot;&quot;,&quot;caption&quot;:&quot;&quot;,&quot;created_timestamp&quot;:&quot;1725101781&quot;,&quot;copyright&quot;:&quot;&quot;,&quot;focal_length&quot;:&quot;0&quot;,&quot;iso&quot;:&quot;0&quot;,&quot;shutter_speed&quot;:&quot;0&quot;,&quot;title&quot;:&quot;&quot;,&quot;orientation&quot;:&quot;1&quot;}\" data-image-title=\"IMG_1244\" data-image-description=\"\" data-image-caption=\"\" data-large-file=\"https:\/\/www.cisa-arica.cl\/wp1\/wp-content\/uploads\/2024\/08\/IMG_1244-600x335.jpeg\" role=\"button\" tabindex=\"0\" aria-label=\"Abrir la imagen 50 de 57 en pantalla completa\"srcset=\"https:\/\/i0.wp.com\/www.cisa-arica.cl\/wp1\/wp-content\/uploads\/2024\/08\/IMG_1244-600x335.jpeg?strip=info&#038;w=600&#038;ssl=1 600w,https:\/\/i0.wp.com\/www.cisa-arica.cl\/wp1\/wp-content\/uploads\/2024\/08\/IMG_1244-600x335.jpeg?strip=info&#038;w=900&#038;ssl=1 900w,https:\/\/i0.wp.com\/www.cisa-arica.cl\/wp1\/wp-content\/uploads\/2024\/08\/IMG_1244-600x335.jpeg?strip=info&#038;w=1200&#038;ssl=1 1200w,https:\/\/i0.wp.com\/www.cisa-arica.cl\/wp1\/wp-content\/uploads\/2024\/08\/IMG_1244-600x335.jpeg?strip=info&#038;w=1500&#038;ssl=1 1500w,https:\/\/i0.wp.com\/www.cisa-arica.cl\/wp1\/wp-content\/uploads\/2024\/08\/IMG_1244-600x335.jpeg?strip=info&#038;w=1800&#038;ssl=1 1800w,https:\/\/i0.wp.com\/www.cisa-arica.cl\/wp1\/wp-content\/uploads\/2024\/08\/IMG_1244-600x335.jpeg?strip=info&#038;w=2000&#038;ssl=1 2000w\" alt=\"\" data-height=\"1170\" data-id=\"26462\" data-link=\"https:\/\/www.cisa-arica.cl\/wp1\/?attachment_id=26462\" data-url=\"https:\/\/www.cisa-arica.cl\/wp1\/wp-content\/uploads\/2024\/08\/IMG_1244-600x335.jpeg\" data-width=\"2098\" src=\"https:\/\/i0.wp.com\/www.cisa-arica.cl\/wp1\/wp-content\/uploads\/2024\/08\/IMG_1244-600x335.jpeg?ssl=1\" data-amp-layout=\"responsive\"\/><\/figure><figure class=\"tiled-gallery__item\"><img decoding=\"async\" data-attachment-id=\"26463\" data-permalink=\"https:\/\/www.cisa-arica.cl\/wp1\/2024\/08\/29\/participacion-cisa-en-iv-feria-literaria-2024\/img_1245\/\" data-orig-file=\"https:\/\/www.cisa-arica.cl\/wp1\/wp-content\/uploads\/2024\/08\/IMG_1245.jpeg\" data-orig-size=\"2112,1170\" data-comments-opened=\"0\" data-image-meta=\"{&quot;aperture&quot;:&quot;0&quot;,&quot;credit&quot;:&quot;&quot;,&quot;camera&quot;:&quot;&quot;,&quot;caption&quot;:&quot;&quot;,&quot;created_timestamp&quot;:&quot;1725101857&quot;,&quot;copyright&quot;:&quot;&quot;,&quot;focal_length&quot;:&quot;0&quot;,&quot;iso&quot;:&quot;0&quot;,&quot;shutter_speed&quot;:&quot;0&quot;,&quot;title&quot;:&quot;&quot;,&quot;orientation&quot;:&quot;1&quot;}\" data-image-title=\"IMG_1245\" data-image-description=\"\" data-image-caption=\"\" data-large-file=\"https:\/\/www.cisa-arica.cl\/wp1\/wp-content\/uploads\/2024\/08\/IMG_1245-600x332.jpeg\" data-attachment-id=\"26463\" data-permalink=\"https:\/\/www.cisa-arica.cl\/wp1\/2024\/08\/29\/participacion-cisa-en-iv-feria-literaria-2024\/img_1245\/\" data-orig-file=\"https:\/\/www.cisa-arica.cl\/wp1\/wp-content\/uploads\/2024\/08\/IMG_1245.jpeg\" data-orig-size=\"2112,1170\" data-comments-opened=\"0\" data-image-meta=\"{&quot;aperture&quot;:&quot;0&quot;,&quot;credit&quot;:&quot;&quot;,&quot;camera&quot;:&quot;&quot;,&quot;caption&quot;:&quot;&quot;,&quot;created_timestamp&quot;:&quot;1725101857&quot;,&quot;copyright&quot;:&quot;&quot;,&quot;focal_length&quot;:&quot;0&quot;,&quot;iso&quot;:&quot;0&quot;,&quot;shutter_speed&quot;:&quot;0&quot;,&quot;title&quot;:&quot;&quot;,&quot;orientation&quot;:&quot;1&quot;}\" data-image-title=\"IMG_1245\" data-image-description=\"\" data-image-caption=\"\" data-large-file=\"https:\/\/www.cisa-arica.cl\/wp1\/wp-content\/uploads\/2024\/08\/IMG_1245-600x332.jpeg\" role=\"button\" tabindex=\"0\" aria-label=\"Abrir la imagen 51 de 57 en pantalla completa\"srcset=\"https:\/\/i0.wp.com\/www.cisa-arica.cl\/wp1\/wp-content\/uploads\/2024\/08\/IMG_1245-600x332.jpeg?strip=info&#038;w=600&#038;ssl=1 600w,https:\/\/i0.wp.com\/www.cisa-arica.cl\/wp1\/wp-content\/uploads\/2024\/08\/IMG_1245-600x332.jpeg?strip=info&#038;w=900&#038;ssl=1 900w,https:\/\/i0.wp.com\/www.cisa-arica.cl\/wp1\/wp-content\/uploads\/2024\/08\/IMG_1245-600x332.jpeg?strip=info&#038;w=1200&#038;ssl=1 1200w,https:\/\/i0.wp.com\/www.cisa-arica.cl\/wp1\/wp-content\/uploads\/2024\/08\/IMG_1245-600x332.jpeg?strip=info&#038;w=1500&#038;ssl=1 1500w,https:\/\/i0.wp.com\/www.cisa-arica.cl\/wp1\/wp-content\/uploads\/2024\/08\/IMG_1245-600x332.jpeg?strip=info&#038;w=1800&#038;ssl=1 1800w,https:\/\/i0.wp.com\/www.cisa-arica.cl\/wp1\/wp-content\/uploads\/2024\/08\/IMG_1245-600x332.jpeg?strip=info&#038;w=2000&#038;ssl=1 2000w\" alt=\"\" data-height=\"1170\" data-id=\"26463\" data-link=\"https:\/\/www.cisa-arica.cl\/wp1\/?attachment_id=26463\" data-url=\"https:\/\/www.cisa-arica.cl\/wp1\/wp-content\/uploads\/2024\/08\/IMG_1245-600x332.jpeg\" data-width=\"2112\" src=\"https:\/\/i0.wp.com\/www.cisa-arica.cl\/wp1\/wp-content\/uploads\/2024\/08\/IMG_1245-600x332.jpeg?ssl=1\" data-amp-layout=\"responsive\"\/><\/figure><\/div><\/div><div class=\"tiled-gallery__row\"><div class=\"tiled-gallery__col\" style=\"flex-basis:54.21277%\"><figure class=\"tiled-gallery__item\"><img decoding=\"async\" data-attachment-id=\"26464\" data-permalink=\"https:\/\/www.cisa-arica.cl\/wp1\/2024\/08\/29\/participacion-cisa-en-iv-feria-literaria-2024\/img_1246\/\" data-orig-file=\"https:\/\/www.cisa-arica.cl\/wp1\/wp-content\/uploads\/2024\/08\/IMG_1246.jpeg\" data-orig-size=\"2089,1170\" data-comments-opened=\"0\" data-image-meta=\"{&quot;aperture&quot;:&quot;0&quot;,&quot;credit&quot;:&quot;&quot;,&quot;camera&quot;:&quot;&quot;,&quot;caption&quot;:&quot;&quot;,&quot;created_timestamp&quot;:&quot;1725101885&quot;,&quot;copyright&quot;:&quot;&quot;,&quot;focal_length&quot;:&quot;0&quot;,&quot;iso&quot;:&quot;0&quot;,&quot;shutter_speed&quot;:&quot;0&quot;,&quot;title&quot;:&quot;&quot;,&quot;orientation&quot;:&quot;1&quot;}\" data-image-title=\"IMG_1246\" data-image-description=\"\" data-image-caption=\"\" data-large-file=\"https:\/\/www.cisa-arica.cl\/wp1\/wp-content\/uploads\/2024\/08\/IMG_1246-600x336.jpeg\" data-attachment-id=\"26464\" data-permalink=\"https:\/\/www.cisa-arica.cl\/wp1\/2024\/08\/29\/participacion-cisa-en-iv-feria-literaria-2024\/img_1246\/\" data-orig-file=\"https:\/\/www.cisa-arica.cl\/wp1\/wp-content\/uploads\/2024\/08\/IMG_1246.jpeg\" data-orig-size=\"2089,1170\" data-comments-opened=\"0\" data-image-meta=\"{&quot;aperture&quot;:&quot;0&quot;,&quot;credit&quot;:&quot;&quot;,&quot;camera&quot;:&quot;&quot;,&quot;caption&quot;:&quot;&quot;,&quot;created_timestamp&quot;:&quot;1725101885&quot;,&quot;copyright&quot;:&quot;&quot;,&quot;focal_length&quot;:&quot;0&quot;,&quot;iso&quot;:&quot;0&quot;,&quot;shutter_speed&quot;:&quot;0&quot;,&quot;title&quot;:&quot;&quot;,&quot;orientation&quot;:&quot;1&quot;}\" data-image-title=\"IMG_1246\" data-image-description=\"\" data-image-caption=\"\" data-large-file=\"https:\/\/www.cisa-arica.cl\/wp1\/wp-content\/uploads\/2024\/08\/IMG_1246-600x336.jpeg\" role=\"button\" tabindex=\"0\" aria-label=\"Abrir la imagen 52 de 57 en pantalla completa\"srcset=\"https:\/\/i2.wp.com\/www.cisa-arica.cl\/wp1\/wp-content\/uploads\/2024\/08\/IMG_1246-600x336.jpeg?strip=info&#038;w=600&#038;ssl=1 600w,https:\/\/i2.wp.com\/www.cisa-arica.cl\/wp1\/wp-content\/uploads\/2024\/08\/IMG_1246-600x336.jpeg?strip=info&#038;w=900&#038;ssl=1 900w,https:\/\/i2.wp.com\/www.cisa-arica.cl\/wp1\/wp-content\/uploads\/2024\/08\/IMG_1246-600x336.jpeg?strip=info&#038;w=1200&#038;ssl=1 1200w,https:\/\/i2.wp.com\/www.cisa-arica.cl\/wp1\/wp-content\/uploads\/2024\/08\/IMG_1246-600x336.jpeg?strip=info&#038;w=1500&#038;ssl=1 1500w,https:\/\/i2.wp.com\/www.cisa-arica.cl\/wp1\/wp-content\/uploads\/2024\/08\/IMG_1246-600x336.jpeg?strip=info&#038;w=1800&#038;ssl=1 1800w,https:\/\/i2.wp.com\/www.cisa-arica.cl\/wp1\/wp-content\/uploads\/2024\/08\/IMG_1246-600x336.jpeg?strip=info&#038;w=2000&#038;ssl=1 2000w\" alt=\"\" data-height=\"1170\" data-id=\"26464\" data-link=\"https:\/\/www.cisa-arica.cl\/wp1\/?attachment_id=26464\" data-url=\"https:\/\/www.cisa-arica.cl\/wp1\/wp-content\/uploads\/2024\/08\/IMG_1246-600x336.jpeg\" data-width=\"2089\" src=\"https:\/\/i2.wp.com\/www.cisa-arica.cl\/wp1\/wp-content\/uploads\/2024\/08\/IMG_1246-600x336.jpeg?ssl=1\" data-amp-layout=\"responsive\"\/><\/figure><figure class=\"tiled-gallery__item\"><img decoding=\"async\" data-attachment-id=\"26465\" data-permalink=\"https:\/\/www.cisa-arica.cl\/wp1\/2024\/08\/29\/participacion-cisa-en-iv-feria-literaria-2024\/img_1247\/\" data-orig-file=\"https:\/\/www.cisa-arica.cl\/wp1\/wp-content\/uploads\/2024\/08\/IMG_1247.jpeg\" data-orig-size=\"2067,1170\" data-comments-opened=\"0\" data-image-meta=\"{&quot;aperture&quot;:&quot;0&quot;,&quot;credit&quot;:&quot;&quot;,&quot;camera&quot;:&quot;&quot;,&quot;caption&quot;:&quot;&quot;,&quot;created_timestamp&quot;:&quot;1725101943&quot;,&quot;copyright&quot;:&quot;&quot;,&quot;focal_length&quot;:&quot;0&quot;,&quot;iso&quot;:&quot;0&quot;,&quot;shutter_speed&quot;:&quot;0&quot;,&quot;title&quot;:&quot;&quot;,&quot;orientation&quot;:&quot;1&quot;}\" data-image-title=\"IMG_1247\" data-image-description=\"\" data-image-caption=\"\" data-large-file=\"https:\/\/www.cisa-arica.cl\/wp1\/wp-content\/uploads\/2024\/08\/IMG_1247-600x340.jpeg\" data-attachment-id=\"26465\" data-permalink=\"https:\/\/www.cisa-arica.cl\/wp1\/2024\/08\/29\/participacion-cisa-en-iv-feria-literaria-2024\/img_1247\/\" data-orig-file=\"https:\/\/www.cisa-arica.cl\/wp1\/wp-content\/uploads\/2024\/08\/IMG_1247.jpeg\" data-orig-size=\"2067,1170\" data-comments-opened=\"0\" data-image-meta=\"{&quot;aperture&quot;:&quot;0&quot;,&quot;credit&quot;:&quot;&quot;,&quot;camera&quot;:&quot;&quot;,&quot;caption&quot;:&quot;&quot;,&quot;created_timestamp&quot;:&quot;1725101943&quot;,&quot;copyright&quot;:&quot;&quot;,&quot;focal_length&quot;:&quot;0&quot;,&quot;iso&quot;:&quot;0&quot;,&quot;shutter_speed&quot;:&quot;0&quot;,&quot;title&quot;:&quot;&quot;,&quot;orientation&quot;:&quot;1&quot;}\" data-image-title=\"IMG_1247\" data-image-description=\"\" data-image-caption=\"\" data-large-file=\"https:\/\/www.cisa-arica.cl\/wp1\/wp-content\/uploads\/2024\/08\/IMG_1247-600x340.jpeg\" role=\"button\" tabindex=\"0\" aria-label=\"Abrir la imagen 53 de 57 en pantalla completa\"srcset=\"https:\/\/i1.wp.com\/www.cisa-arica.cl\/wp1\/wp-content\/uploads\/2024\/08\/IMG_1247-600x340.jpeg?strip=info&#038;w=600&#038;ssl=1 600w,https:\/\/i1.wp.com\/www.cisa-arica.cl\/wp1\/wp-content\/uploads\/2024\/08\/IMG_1247-600x340.jpeg?strip=info&#038;w=900&#038;ssl=1 900w,https:\/\/i1.wp.com\/www.cisa-arica.cl\/wp1\/wp-content\/uploads\/2024\/08\/IMG_1247-600x340.jpeg?strip=info&#038;w=1200&#038;ssl=1 1200w,https:\/\/i1.wp.com\/www.cisa-arica.cl\/wp1\/wp-content\/uploads\/2024\/08\/IMG_1247-600x340.jpeg?strip=info&#038;w=1500&#038;ssl=1 1500w,https:\/\/i1.wp.com\/www.cisa-arica.cl\/wp1\/wp-content\/uploads\/2024\/08\/IMG_1247-600x340.jpeg?strip=info&#038;w=1800&#038;ssl=1 1800w,https:\/\/i1.wp.com\/www.cisa-arica.cl\/wp1\/wp-content\/uploads\/2024\/08\/IMG_1247-600x340.jpeg?strip=info&#038;w=2000&#038;ssl=1 2000w\" alt=\"\" data-height=\"1170\" data-id=\"26465\" data-link=\"https:\/\/www.cisa-arica.cl\/wp1\/?attachment_id=26465\" data-url=\"https:\/\/www.cisa-arica.cl\/wp1\/wp-content\/uploads\/2024\/08\/IMG_1247-600x340.jpeg\" data-width=\"2067\" src=\"https:\/\/i1.wp.com\/www.cisa-arica.cl\/wp1\/wp-content\/uploads\/2024\/08\/IMG_1247-600x340.jpeg?ssl=1\" data-amp-layout=\"responsive\"\/><\/figure><\/div><div class=\"tiled-gallery__col\" style=\"flex-basis:45.78723%\"><figure class=\"tiled-gallery__item\"><img decoding=\"async\" data-attachment-id=\"26467\" data-permalink=\"https:\/\/www.cisa-arica.cl\/wp1\/2024\/08\/29\/participacion-cisa-en-iv-feria-literaria-2024\/img_1249\/\" data-orig-file=\"https:\/\/www.cisa-arica.cl\/wp1\/wp-content\/uploads\/2024\/08\/IMG_1249.jpeg\" data-orig-size=\"871,1170\" data-comments-opened=\"0\" data-image-meta=\"{&quot;aperture&quot;:&quot;0&quot;,&quot;credit&quot;:&quot;&quot;,&quot;camera&quot;:&quot;&quot;,&quot;caption&quot;:&quot;&quot;,&quot;created_timestamp&quot;:&quot;1725101981&quot;,&quot;copyright&quot;:&quot;&quot;,&quot;focal_length&quot;:&quot;0&quot;,&quot;iso&quot;:&quot;0&quot;,&quot;shutter_speed&quot;:&quot;0&quot;,&quot;title&quot;:&quot;&quot;,&quot;orientation&quot;:&quot;1&quot;}\" data-image-title=\"IMG_1249\" data-image-description=\"\" data-image-caption=\"\" data-large-file=\"https:\/\/www.cisa-arica.cl\/wp1\/wp-content\/uploads\/2024\/08\/IMG_1249-447x600.jpeg\" data-attachment-id=\"26467\" data-permalink=\"https:\/\/www.cisa-arica.cl\/wp1\/2024\/08\/29\/participacion-cisa-en-iv-feria-literaria-2024\/img_1249\/\" data-orig-file=\"https:\/\/www.cisa-arica.cl\/wp1\/wp-content\/uploads\/2024\/08\/IMG_1249.jpeg\" data-orig-size=\"871,1170\" data-comments-opened=\"0\" data-image-meta=\"{&quot;aperture&quot;:&quot;0&quot;,&quot;credit&quot;:&quot;&quot;,&quot;camera&quot;:&quot;&quot;,&quot;caption&quot;:&quot;&quot;,&quot;created_timestamp&quot;:&quot;1725101981&quot;,&quot;copyright&quot;:&quot;&quot;,&quot;focal_length&quot;:&quot;0&quot;,&quot;iso&quot;:&quot;0&quot;,&quot;shutter_speed&quot;:&quot;0&quot;,&quot;title&quot;:&quot;&quot;,&quot;orientation&quot;:&quot;1&quot;}\" data-image-title=\"IMG_1249\" data-image-description=\"\" data-image-caption=\"\" data-large-file=\"https:\/\/www.cisa-arica.cl\/wp1\/wp-content\/uploads\/2024\/08\/IMG_1249-447x600.jpeg\" role=\"button\" tabindex=\"0\" aria-label=\"Abrir la imagen 54 de 57 en pantalla completa\"srcset=\"https:\/\/i1.wp.com\/www.cisa-arica.cl\/wp1\/wp-content\/uploads\/2024\/08\/IMG_1249-447x600.jpeg?strip=info&#038;w=600&#038;ssl=1 600w,https:\/\/i1.wp.com\/www.cisa-arica.cl\/wp1\/wp-content\/uploads\/2024\/08\/IMG_1249-447x600.jpeg?strip=info&#038;w=871&#038;ssl=1 871w\" alt=\"\" data-height=\"1170\" data-id=\"26467\" data-link=\"https:\/\/www.cisa-arica.cl\/wp1\/?attachment_id=26467\" data-url=\"https:\/\/www.cisa-arica.cl\/wp1\/wp-content\/uploads\/2024\/08\/IMG_1249-447x600.jpeg\" data-width=\"871\" src=\"https:\/\/i1.wp.com\/www.cisa-arica.cl\/wp1\/wp-content\/uploads\/2024\/08\/IMG_1249-447x600.jpeg?ssl=1\" data-amp-layout=\"responsive\"\/><\/figure><\/div><\/div><div class=\"tiled-gallery__row\"><div class=\"tiled-gallery__col\" style=\"flex-basis:32.42611%\"><figure class=\"tiled-gallery__item\"><img decoding=\"async\" data-attachment-id=\"26468\" data-permalink=\"https:\/\/www.cisa-arica.cl\/wp1\/2024\/08\/29\/participacion-cisa-en-iv-feria-literaria-2024\/img_1250\/\" data-orig-file=\"https:\/\/www.cisa-arica.cl\/wp1\/wp-content\/uploads\/2024\/08\/IMG_1250.jpeg\" data-orig-size=\"844,1170\" data-comments-opened=\"0\" data-image-meta=\"{&quot;aperture&quot;:&quot;0&quot;,&quot;credit&quot;:&quot;&quot;,&quot;camera&quot;:&quot;&quot;,&quot;caption&quot;:&quot;&quot;,&quot;created_timestamp&quot;:&quot;1725102056&quot;,&quot;copyright&quot;:&quot;&quot;,&quot;focal_length&quot;:&quot;0&quot;,&quot;iso&quot;:&quot;0&quot;,&quot;shutter_speed&quot;:&quot;0&quot;,&quot;title&quot;:&quot;&quot;,&quot;orientation&quot;:&quot;1&quot;}\" data-image-title=\"IMG_1250\" data-image-description=\"\" data-image-caption=\"\" data-large-file=\"https:\/\/www.cisa-arica.cl\/wp1\/wp-content\/uploads\/2024\/08\/IMG_1250-433x600.jpeg\" data-attachment-id=\"26468\" data-permalink=\"https:\/\/www.cisa-arica.cl\/wp1\/2024\/08\/29\/participacion-cisa-en-iv-feria-literaria-2024\/img_1250\/\" data-orig-file=\"https:\/\/www.cisa-arica.cl\/wp1\/wp-content\/uploads\/2024\/08\/IMG_1250.jpeg\" data-orig-size=\"844,1170\" data-comments-opened=\"0\" data-image-meta=\"{&quot;aperture&quot;:&quot;0&quot;,&quot;credit&quot;:&quot;&quot;,&quot;camera&quot;:&quot;&quot;,&quot;caption&quot;:&quot;&quot;,&quot;created_timestamp&quot;:&quot;1725102056&quot;,&quot;copyright&quot;:&quot;&quot;,&quot;focal_length&quot;:&quot;0&quot;,&quot;iso&quot;:&quot;0&quot;,&quot;shutter_speed&quot;:&quot;0&quot;,&quot;title&quot;:&quot;&quot;,&quot;orientation&quot;:&quot;1&quot;}\" data-image-title=\"IMG_1250\" data-image-description=\"\" data-image-caption=\"\" data-large-file=\"https:\/\/www.cisa-arica.cl\/wp1\/wp-content\/uploads\/2024\/08\/IMG_1250-433x600.jpeg\" role=\"button\" tabindex=\"0\" aria-label=\"Abrir la imagen 55 de 57 en pantalla completa\"srcset=\"https:\/\/i2.wp.com\/www.cisa-arica.cl\/wp1\/wp-content\/uploads\/2024\/08\/IMG_1250-433x600.jpeg?strip=info&#038;w=600&#038;ssl=1 600w,https:\/\/i2.wp.com\/www.cisa-arica.cl\/wp1\/wp-content\/uploads\/2024\/08\/IMG_1250-433x600.jpeg?strip=info&#038;w=844&#038;ssl=1 844w\" alt=\"\" data-height=\"1170\" data-id=\"26468\" data-link=\"https:\/\/www.cisa-arica.cl\/wp1\/?attachment_id=26468\" data-url=\"https:\/\/www.cisa-arica.cl\/wp1\/wp-content\/uploads\/2024\/08\/IMG_1250-433x600.jpeg\" data-width=\"844\" src=\"https:\/\/i2.wp.com\/www.cisa-arica.cl\/wp1\/wp-content\/uploads\/2024\/08\/IMG_1250-433x600.jpeg?ssl=1\" data-amp-layout=\"responsive\"\/><\/figure><\/div><div class=\"tiled-gallery__col\" style=\"flex-basis:33.92111%\"><figure class=\"tiled-gallery__item\"><img decoding=\"async\" data-attachment-id=\"26469\" data-permalink=\"https:\/\/www.cisa-arica.cl\/wp1\/2024\/08\/29\/participacion-cisa-en-iv-feria-literaria-2024\/img_1251\/\" data-orig-file=\"https:\/\/www.cisa-arica.cl\/wp1\/wp-content\/uploads\/2024\/08\/IMG_1251.jpeg\" data-orig-size=\"883,1170\" data-comments-opened=\"0\" data-image-meta=\"{&quot;aperture&quot;:&quot;0&quot;,&quot;credit&quot;:&quot;&quot;,&quot;camera&quot;:&quot;&quot;,&quot;caption&quot;:&quot;&quot;,&quot;created_timestamp&quot;:&quot;1725102155&quot;,&quot;copyright&quot;:&quot;&quot;,&quot;focal_length&quot;:&quot;0&quot;,&quot;iso&quot;:&quot;0&quot;,&quot;shutter_speed&quot;:&quot;0&quot;,&quot;title&quot;:&quot;&quot;,&quot;orientation&quot;:&quot;1&quot;}\" data-image-title=\"IMG_1251\" data-image-description=\"\" data-image-caption=\"\" data-large-file=\"https:\/\/www.cisa-arica.cl\/wp1\/wp-content\/uploads\/2024\/08\/IMG_1251-453x600.jpeg\" data-attachment-id=\"26469\" data-permalink=\"https:\/\/www.cisa-arica.cl\/wp1\/2024\/08\/29\/participacion-cisa-en-iv-feria-literaria-2024\/img_1251\/\" data-orig-file=\"https:\/\/www.cisa-arica.cl\/wp1\/wp-content\/uploads\/2024\/08\/IMG_1251.jpeg\" data-orig-size=\"883,1170\" data-comments-opened=\"0\" data-image-meta=\"{&quot;aperture&quot;:&quot;0&quot;,&quot;credit&quot;:&quot;&quot;,&quot;camera&quot;:&quot;&quot;,&quot;caption&quot;:&quot;&quot;,&quot;created_timestamp&quot;:&quot;1725102155&quot;,&quot;copyright&quot;:&quot;&quot;,&quot;focal_length&quot;:&quot;0&quot;,&quot;iso&quot;:&quot;0&quot;,&quot;shutter_speed&quot;:&quot;0&quot;,&quot;title&quot;:&quot;&quot;,&quot;orientation&quot;:&quot;1&quot;}\" data-image-title=\"IMG_1251\" data-image-description=\"\" data-image-caption=\"\" data-large-file=\"https:\/\/www.cisa-arica.cl\/wp1\/wp-content\/uploads\/2024\/08\/IMG_1251-453x600.jpeg\" role=\"button\" tabindex=\"0\" aria-label=\"Abrir la imagen 56 de 57 en pantalla completa\"srcset=\"https:\/\/i1.wp.com\/www.cisa-arica.cl\/wp1\/wp-content\/uploads\/2024\/08\/IMG_1251-453x600.jpeg?strip=info&#038;w=600&#038;ssl=1 600w,https:\/\/i1.wp.com\/www.cisa-arica.cl\/wp1\/wp-content\/uploads\/2024\/08\/IMG_1251-453x600.jpeg?strip=info&#038;w=883&#038;ssl=1 883w\" alt=\"\" data-height=\"1170\" data-id=\"26469\" data-link=\"https:\/\/www.cisa-arica.cl\/wp1\/?attachment_id=26469\" data-url=\"https:\/\/www.cisa-arica.cl\/wp1\/wp-content\/uploads\/2024\/08\/IMG_1251-453x600.jpeg\" data-width=\"883\" src=\"https:\/\/i1.wp.com\/www.cisa-arica.cl\/wp1\/wp-content\/uploads\/2024\/08\/IMG_1251-453x600.jpeg?ssl=1\" data-amp-layout=\"responsive\"\/><\/figure><\/div><div class=\"tiled-gallery__col\" style=\"flex-basis:33.65278%\"><figure class=\"tiled-gallery__item\"><img decoding=\"async\" data-attachment-id=\"26470\" data-permalink=\"https:\/\/www.cisa-arica.cl\/wp1\/2024\/08\/29\/participacion-cisa-en-iv-feria-literaria-2024\/img_1252\/\" data-orig-file=\"https:\/\/www.cisa-arica.cl\/wp1\/wp-content\/uploads\/2024\/08\/IMG_1252.jpeg\" data-orig-size=\"876,1170\" data-comments-opened=\"0\" data-image-meta=\"{&quot;aperture&quot;:&quot;0&quot;,&quot;credit&quot;:&quot;&quot;,&quot;camera&quot;:&quot;&quot;,&quot;caption&quot;:&quot;&quot;,&quot;created_timestamp&quot;:&quot;1725102159&quot;,&quot;copyright&quot;:&quot;&quot;,&quot;focal_length&quot;:&quot;0&quot;,&quot;iso&quot;:&quot;0&quot;,&quot;shutter_speed&quot;:&quot;0&quot;,&quot;title&quot;:&quot;&quot;,&quot;orientation&quot;:&quot;1&quot;}\" data-image-title=\"IMG_1252\" data-image-description=\"\" data-image-caption=\"\" data-large-file=\"https:\/\/www.cisa-arica.cl\/wp1\/wp-content\/uploads\/2024\/08\/IMG_1252-449x600.jpeg\" data-attachment-id=\"26470\" data-permalink=\"https:\/\/www.cisa-arica.cl\/wp1\/2024\/08\/29\/participacion-cisa-en-iv-feria-literaria-2024\/img_1252\/\" data-orig-file=\"https:\/\/www.cisa-arica.cl\/wp1\/wp-content\/uploads\/2024\/08\/IMG_1252.jpeg\" data-orig-size=\"876,1170\" data-comments-opened=\"0\" data-image-meta=\"{&quot;aperture&quot;:&quot;0&quot;,&quot;credit&quot;:&quot;&quot;,&quot;camera&quot;:&quot;&quot;,&quot;caption&quot;:&quot;&quot;,&quot;created_timestamp&quot;:&quot;1725102159&quot;,&quot;copyright&quot;:&quot;&quot;,&quot;focal_length&quot;:&quot;0&quot;,&quot;iso&quot;:&quot;0&quot;,&quot;shutter_speed&quot;:&quot;0&quot;,&quot;title&quot;:&quot;&quot;,&quot;orientation&quot;:&quot;1&quot;}\" data-image-title=\"IMG_1252\" data-image-description=\"\" data-image-caption=\"\" data-large-file=\"https:\/\/www.cisa-arica.cl\/wp1\/wp-content\/uploads\/2024\/08\/IMG_1252-449x600.jpeg\" role=\"button\" tabindex=\"0\" aria-label=\"Abrir la imagen 57 de 57 en pantalla completa\"srcset=\"https:\/\/i2.wp.com\/www.cisa-arica.cl\/wp1\/wp-content\/uploads\/2024\/08\/IMG_1252-449x600.jpeg?strip=info&#038;w=600&#038;ssl=1 600w,https:\/\/i2.wp.com\/www.cisa-arica.cl\/wp1\/wp-content\/uploads\/2024\/08\/IMG_1252-449x600.jpeg?strip=info&#038;w=876&#038;ssl=1 876w\" alt=\"\" data-height=\"1170\" data-id=\"26470\" data-link=\"https:\/\/www.cisa-arica.cl\/wp1\/?attachment_id=26470\" data-url=\"https:\/\/www.cisa-arica.cl\/wp1\/wp-content\/uploads\/2024\/08\/IMG_1252-449x600.jpeg\" data-width=\"876\" src=\"https:\/\/i2.wp.com\/www.cisa-arica.cl\/wp1\/wp-content\/uploads\/2024\/08\/IMG_1252-449x600.jpeg?ssl=1\" data-amp-layout=\"responsive\"\/><\/figure><\/div><\/div><\/div><\/div>\n\n\n\n<p>Presentaci\u00f3n de Obra infantil : <a href=\"https:\/\/youtu.be\/sQgUQu9Acnk\">https:\/\/youtu.be\/sQgUQu9Acnk<\/a><\/p>\n\n\n\n<p>Presentaci\u00f3n de Anastasia    : <a href=\"https:\/\/youtu.be\/yPhFRGU3ulQ\">https:\/\/youtu.be\/yPhFRGU3ulQ<\/a><\/p>\n","protected":false},"excerpt":{"rendered":"<p>Nuestro colegio tuvo una destacada y activa participaci\u00f3n en la IV Feria Literaria de los Cra de Arica. El evento se realiz\u00f3 el pasado mi\u00e9rcoles 28 de agosto en la plaza Vicu\u00f1a Mackenna y, en la oportunidad, nuestro stand, a cargo de la estudiante de 4to medio B Yanis Calfulaf , se destac\u00f3 por la <a class=\"read-more\" href=\"https:\/\/www.cisa-arica.cl\/wp1\/2024\/08\/29\/participacion-cisa-en-iv-feria-literaria-2024\/\">Continuar leyendo<\/a><\/p>\n","protected":false},"author":5,"featured_media":26417,"comment_status":"closed","ping_status":"open","sticky":false,"template":"","format":"standard","meta":{"_jetpack_memberships_contains_paid_content":false,"footnotes":"","jetpack_publicize_message":"","jetpack_publicize_feature_enabled":true,"jetpack_social_post_already_shared":true,"jetpack_social_options":{"image_generator_settings":{"template":"highway","default_image_id":0,"font":"","enabled":false},"version":2}},"categories":[5],"tags":[],"class_list":["post-26408","post","type-post","status-publish","format-standard","has-post-thumbnail","hentry","category-uncategorized"],"jetpack_publicize_connections":[],"jetpack_featured_media_url":"https:\/\/www.cisa-arica.cl\/wp1\/wp-content\/uploads\/2024\/08\/IMG_1154-scaled.jpeg","jetpack_sharing_enabled":true,"jetpack_shortlink":"https:\/\/wp.me\/p84wcz-6RW","jetpack-related-posts":[{"id":19577,"url":"https:\/\/www.cisa-arica.cl\/wp1\/2023\/03\/31\/destacada-participacion-en-concurso-pictorico\/","url_meta":{"origin":26408,"position":0},"title":"Destacada participaci\u00f3n en Concurso Pict\u00f3rico","author":"Jeannette Rivera","date":"31 de Marzo de 2023","format":false,"excerpt":"Una destacada participaci\u00f3n tuvo la profesora de Artes Cristina Ordo\u00f1ez junto a la estudiante del 4to medio A Constanza Iba\u00f1ez quien obtuvo el tercer lugar en su categor\u00eda, mientras que la profesora obtuvo el segundo lugar. Ambas fueron premiadas por sus respectivos trabajos. Muchas felicitaciones y esperamos que este sea\u2026","rel":"","context":"Entrada similar ","block_context":{"text":"Entrada similar ","link":""},"img":{"alt_text":"","src":"https:\/\/i0.wp.com\/www.cisa-arica.cl\/wp1\/wp-content\/uploads\/2023\/03\/6AAA58AD-6005-487B-AE9E-C6B1E62CBED2.jpeg?resize=350%2C200&ssl=1","width":350,"height":200,"srcset":"https:\/\/i0.wp.com\/www.cisa-arica.cl\/wp1\/wp-content\/uploads\/2023\/03\/6AAA58AD-6005-487B-AE9E-C6B1E62CBED2.jpeg?resize=350%2C200&ssl=1 1x, https:\/\/i0.wp.com\/www.cisa-arica.cl\/wp1\/wp-content\/uploads\/2023\/03\/6AAA58AD-6005-487B-AE9E-C6B1E62CBED2.jpeg?resize=525%2C300&ssl=1 1.5x, https:\/\/i0.wp.com\/www.cisa-arica.cl\/wp1\/wp-content\/uploads\/2023\/03\/6AAA58AD-6005-487B-AE9E-C6B1E62CBED2.jpeg?resize=700%2C400&ssl=1 2x, https:\/\/i0.wp.com\/www.cisa-arica.cl\/wp1\/wp-content\/uploads\/2023\/03\/6AAA58AD-6005-487B-AE9E-C6B1E62CBED2.jpeg?resize=1050%2C600&ssl=1 3x, https:\/\/i0.wp.com\/www.cisa-arica.cl\/wp1\/wp-content\/uploads\/2023\/03\/6AAA58AD-6005-487B-AE9E-C6B1E62CBED2.jpeg?resize=1400%2C800&ssl=1 4x"},"classes":[]},{"id":21194,"url":"https:\/\/www.cisa-arica.cl\/wp1\/2023\/07\/19\/participacion-en-campeonato-interescolar-mixto-de-atletismo\/","url_meta":{"origin":26408,"position":1},"title":"Participaci\u00f3n en Campeonato Interescolar Mixto de Atletismo","author":"Jeannette Rivera","date":"19 de Julio de 2023","format":false,"excerpt":"Con una activa y destacada participaci\u00f3n, un grupo de estudiantes de nuestro colegio, se dieron cita para representarnos en el Campeonato Interescolar Mixto de Atletismo Zona Norte. El encuentro se realiz\u00f3 en el estadio Carlos Dittborn el s\u00e1bado 01 de julio, en donde las estudiantes fueron acompa\u00f1adas por la profesora\u2026","rel":"","context":"Entrada similar ","block_context":{"text":"Entrada similar ","link":""},"img":{"alt_text":"","src":"https:\/\/i0.wp.com\/www.cisa-arica.cl\/wp1\/wp-content\/uploads\/2023\/07\/WhatsApp-Image-2023-07-19-at-11.42.45-1.jpeg?resize=350%2C200&ssl=1","width":350,"height":200,"srcset":"https:\/\/i0.wp.com\/www.cisa-arica.cl\/wp1\/wp-content\/uploads\/2023\/07\/WhatsApp-Image-2023-07-19-at-11.42.45-1.jpeg?resize=350%2C200&ssl=1 1x, https:\/\/i0.wp.com\/www.cisa-arica.cl\/wp1\/wp-content\/uploads\/2023\/07\/WhatsApp-Image-2023-07-19-at-11.42.45-1.jpeg?resize=525%2C300&ssl=1 1.5x, https:\/\/i0.wp.com\/www.cisa-arica.cl\/wp1\/wp-content\/uploads\/2023\/07\/WhatsApp-Image-2023-07-19-at-11.42.45-1.jpeg?resize=700%2C400&ssl=1 2x, https:\/\/i0.wp.com\/www.cisa-arica.cl\/wp1\/wp-content\/uploads\/2023\/07\/WhatsApp-Image-2023-07-19-at-11.42.45-1.jpeg?resize=1050%2C600&ssl=1 3x, https:\/\/i0.wp.com\/www.cisa-arica.cl\/wp1\/wp-content\/uploads\/2023\/07\/WhatsApp-Image-2023-07-19-at-11.42.45-1.jpeg?resize=1400%2C800&ssl=1 4x"},"classes":[]},{"id":20504,"url":"https:\/\/www.cisa-arica.cl\/wp1\/2023\/05\/19\/desfile-escolar-conmemorando-las-glorias-navales\/","url_meta":{"origin":26408,"position":2},"title":"Desfile Escolar Conmemorando las Glorias Navales","author":"Jeannette Rivera","date":"19 de Mayo de 2023","format":false,"excerpt":"Una destacada participaci\u00f3n tuvo la delegaci\u00f3n de estudiantes de nuestro colegio en el Desfile Escolar de Conmemoraci\u00f3n por las Glorias Navales el jueves 18 de mayo. En esta ocasi\u00f3n, fueron las estudiantes de los cuartos medios y la estudiantes del kinder quienes nos representaron frente a las autoridades locales. El\u2026","rel":"","context":"Entrada similar ","block_context":{"text":"Entrada similar ","link":""},"img":{"alt_text":"","src":"https:\/\/i0.wp.com\/www.cisa-arica.cl\/wp1\/wp-content\/uploads\/2023\/05\/FOTO2.jpg?resize=350%2C200&ssl=1","width":350,"height":200,"srcset":"https:\/\/i0.wp.com\/www.cisa-arica.cl\/wp1\/wp-content\/uploads\/2023\/05\/FOTO2.jpg?resize=350%2C200&ssl=1 1x, https:\/\/i0.wp.com\/www.cisa-arica.cl\/wp1\/wp-content\/uploads\/2023\/05\/FOTO2.jpg?resize=525%2C300&ssl=1 1.5x, https:\/\/i0.wp.com\/www.cisa-arica.cl\/wp1\/wp-content\/uploads\/2023\/05\/FOTO2.jpg?resize=700%2C400&ssl=1 2x, https:\/\/i0.wp.com\/www.cisa-arica.cl\/wp1\/wp-content\/uploads\/2023\/05\/FOTO2.jpg?resize=1050%2C600&ssl=1 3x"},"classes":[]},{"id":9937,"url":"https:\/\/www.cisa-arica.cl\/wp1\/2019\/10\/14\/destacada-participacion-de-kinder-y-1o-basico-en-vii-feria-explora\/","url_meta":{"origin":26408,"position":3},"title":"Destacada participaci\u00f3n de Kinder y 1\u00ba b\u00e1sico en VII Feria Explora","author":"Jeannette Rivera","date":"14 de Octubre de 2019","format":false,"excerpt":"Felicitamos a nuestras alumnas representantes de los cursos de kinder y 1\u00ba b\u00e1sico, quienes tuvieron una destacada participaci\u00f3n en la VII Feria Infantil de la Ciencia y la Tecnolog\u00eda Explora, donde expusieron sus proyectos al p\u00fablico: \"Cuidemos el planeta, reciclemos y reutilicemos\" y \"Plantas medicinales de la zona norte.\"","rel":"","context":"En &quot;galeria&quot;","block_context":{"text":"galeria","link":"https:\/\/www.cisa-arica.cl\/wp1\/category\/galeria\/"},"img":{"alt_text":"","src":"https:\/\/i0.wp.com\/www.cisa-arica.cl\/wp1\/wp-content\/uploads\/2019\/10\/aag-1.jpeg?resize=350%2C200&ssl=1","width":350,"height":200,"srcset":"https:\/\/i0.wp.com\/www.cisa-arica.cl\/wp1\/wp-content\/uploads\/2019\/10\/aag-1.jpeg?resize=350%2C200&ssl=1 1x, https:\/\/i0.wp.com\/www.cisa-arica.cl\/wp1\/wp-content\/uploads\/2019\/10\/aag-1.jpeg?resize=525%2C300&ssl=1 1.5x, https:\/\/i0.wp.com\/www.cisa-arica.cl\/wp1\/wp-content\/uploads\/2019\/10\/aag-1.jpeg?resize=700%2C400&ssl=1 2x"},"classes":[]},{"id":28176,"url":"https:\/\/www.cisa-arica.cl\/wp1\/2025\/04\/17\/nueva-academia-para-estudiantes-de-7o-a-4to-medio\/","url_meta":{"origin":26408,"position":4},"title":"Nueva Academia para estudiantes de 7\u00ba a 4to Medio","author":"Jeannette Rivera","date":"17 de Abril de 2025","format":false,"excerpt":"Estimados Padres y Apoderados A trav\u00e9s del presente tengo el agrado de invitar a las estudiantes a participar de una nueva academia denominada\u00a0\"TALLER DE ACONDICIONAMIENTO F\u00cdSICO\"\u00a0que ser\u00e1 dictada por la Profesora Mirtha Vargas perteneciente al IND (Instituto Nacional del Deporte). La academia es para las estudiantes de 7\u00ba a 4\u00ba\u2026","rel":"","context":"Entrada similar ","block_context":{"text":"Entrada similar ","link":""},"img":{"alt_text":"","src":"https:\/\/i0.wp.com\/www.cisa-arica.cl\/wp1\/wp-content\/uploads\/2025\/04\/01.jpg?resize=350%2C200&ssl=1","width":350,"height":200},"classes":[]},{"id":20688,"url":"https:\/\/www.cisa-arica.cl\/wp1\/2023\/06\/03\/salida-a-feria-literaria\/","url_meta":{"origin":26408,"position":5},"title":"Salida a Feria Literaria","author":"Jeannette Rivera","date":"3 de Junio de 2023","format":false,"excerpt":"El jueves 01 de Junio, estudiantes de los 8vos a\u00f1os A y B visitaron la Feria Literaria \u00a0organizada por los Cra-Arica en el poblado artesanal. En la oportunidad pudieron observar diferentes stand de otros colegios en donde se expusieron trabajos ligados a la literatura, \u00a0as\u00ed como tambi\u00e9n, stand de nuevos\u2026","rel":"","context":"Entrada similar ","block_context":{"text":"Entrada similar ","link":""},"img":{"alt_text":"","src":"https:\/\/i0.wp.com\/www.cisa-arica.cl\/wp1\/wp-content\/uploads\/2023\/06\/D8763D73-FA52-4EBA-8483-2CBE1B6E89F5-scaled.jpeg?resize=350%2C200&ssl=1","width":350,"height":200,"srcset":"https:\/\/i0.wp.com\/www.cisa-arica.cl\/wp1\/wp-content\/uploads\/2023\/06\/D8763D73-FA52-4EBA-8483-2CBE1B6E89F5-scaled.jpeg?resize=350%2C200&ssl=1 1x, https:\/\/i0.wp.com\/www.cisa-arica.cl\/wp1\/wp-content\/uploads\/2023\/06\/D8763D73-FA52-4EBA-8483-2CBE1B6E89F5-scaled.jpeg?resize=525%2C300&ssl=1 1.5x, https:\/\/i0.wp.com\/www.cisa-arica.cl\/wp1\/wp-content\/uploads\/2023\/06\/D8763D73-FA52-4EBA-8483-2CBE1B6E89F5-scaled.jpeg?resize=700%2C400&ssl=1 2x, https:\/\/i0.wp.com\/www.cisa-arica.cl\/wp1\/wp-content\/uploads\/2023\/06\/D8763D73-FA52-4EBA-8483-2CBE1B6E89F5-scaled.jpeg?resize=1050%2C600&ssl=1 3x, https:\/\/i0.wp.com\/www.cisa-arica.cl\/wp1\/wp-content\/uploads\/2023\/06\/D8763D73-FA52-4EBA-8483-2CBE1B6E89F5-scaled.jpeg?resize=1400%2C800&ssl=1 4x"},"classes":[]}],"_links":{"self":[{"href":"https:\/\/www.cisa-arica.cl\/wp1\/wp-json\/wp\/v2\/posts\/26408","targetHints":{"allow":["GET"]}}],"collection":[{"href":"https:\/\/www.cisa-arica.cl\/wp1\/wp-json\/wp\/v2\/posts"}],"about":[{"href":"https:\/\/www.cisa-arica.cl\/wp1\/wp-json\/wp\/v2\/types\/post"}],"author":[{"embeddable":true,"href":"https:\/\/www.cisa-arica.cl\/wp1\/wp-json\/wp\/v2\/users\/5"}],"replies":[{"embeddable":true,"href":"https:\/\/www.cisa-arica.cl\/wp1\/wp-json\/wp\/v2\/comments?post=26408"}],"version-history":[{"count":4,"href":"https:\/\/www.cisa-arica.cl\/wp1\/wp-json\/wp\/v2\/posts\/26408\/revisions"}],"predecessor-version":[{"id":26473,"href":"https:\/\/www.cisa-arica.cl\/wp1\/wp-json\/wp\/v2\/posts\/26408\/revisions\/26473"}],"wp:featuredmedia":[{"embeddable":true,"href":"https:\/\/www.cisa-arica.cl\/wp1\/wp-json\/wp\/v2\/media\/26417"}],"wp:attachment":[{"href":"https:\/\/www.cisa-arica.cl\/wp1\/wp-json\/wp\/v2\/media?parent=26408"}],"wp:term":[{"taxonomy":"category","embeddable":true,"href":"https:\/\/www.cisa-arica.cl\/wp1\/wp-json\/wp\/v2\/categories?post=26408"},{"taxonomy":"post_tag","embeddable":true,"href":"https:\/\/www.cisa-arica.cl\/wp1\/wp-json\/wp\/v2\/tags?post=26408"}],"curies":[{"name":"wp","href":"https:\/\/api.w.org\/{rel}","templated":true}]}}