{"id":26398,"date":"2024-08-26T15:41:11","date_gmt":"2024-08-26T19:41:11","guid":{"rendered":"https:\/\/www.cisa-arica.cl\/wp1\/?p=26398"},"modified":"2024-08-26T15:41:13","modified_gmt":"2024-08-26T19:41:13","slug":"estudiante-de-8o-ano-se-destaca-en-torneo-nacional-de-tiro-con-arco","status":"publish","type":"post","link":"https:\/\/www.cisa-arica.cl\/wp1\/2024\/08\/26\/estudiante-de-8o-ano-se-destaca-en-torneo-nacional-de-tiro-con-arco\/","title":{"rendered":"Estudiante de 8\u00ba a\u00f1o se destaca en Torneo Nacional de Tiro con Arco."},"content":{"rendered":"<div dir=\"auto\"><span style=\"font-size: small;\">Se Informa a toda la Comunidad Educativa que\u00a0 <b>Sabrina N\u00fa\u00f1ez Castillo<\/b> estudiante del curso <b>8\u00b0 A <\/b>deportista del Club Ajayu Thaya Arica,\u00a0 y del Programa Promesas Chile del IND\u00a0 particip\u00f3 en el 3er. Ranking Nacional del deporte TIRO CON ARCO, en categor\u00eda Sub15, realizado en la ciudad de Santiago en donde se destac\u00f3 por obtener los siguientes lugares:<\/span><\/div>\n<div dir=\"auto\"><span style=\"font-size: small;\">MEDALLA DE ORO: competencia equipo femenino;<\/span><\/div>\n<div><span style=\"font-size: small;\">MEDALLA DE PLATA: competencia equipo mixto;<\/span><\/div>\n<div><span style=\"font-size: small;\">MEDALLA DE BRONCE: competencia individual.<br \/><\/span><\/div>\n<div dir=\"auto\"><span style=\"font-size: small;\">\u00a0<\/span><\/div>\n<div><span style=\"font-size: small;\">Hacemos presente que Sabrina ha sido convocada para participar en la <i><u>COMPETENCIA MUNDIAL <\/u><\/i>(Ranking Evento 2024) que se llevar\u00e1 a cabo en Iguaz\u00fa, Rep\u00fablica de\u00a0 Argentina, desde el 02 al 08 de septiembre de 2024.<\/span><\/div>\n<div><span style=\"font-size: small;\">Como Colegio Italiano Santa Ana nos sentimos felices y orgullosos por Sabrina y le deseamos el mayor de los \u00e9xitos en este nuevo desaf\u00edo deportivo.<\/span><\/div>\n\n\n<div class=\"wp-block-jetpack-tiled-gallery aligncenter is-style-rectangular\"><div class=\"tiled-gallery__gallery\"><div class=\"tiled-gallery__row\"><div class=\"tiled-gallery__col\" style=\"flex-basis:33.33333%\"><figure class=\"tiled-gallery__item\"><img decoding=\"async\" data-attachment-id=\"26401\" data-permalink=\"https:\/\/www.cisa-arica.cl\/wp1\/2024\/08\/26\/estudiante-de-8o-ano-se-destaca-en-torneo-nacional-de-tiro-con-arco\/img-20240826-wa0017\/\" data-orig-file=\"https:\/\/www.cisa-arica.cl\/wp1\/wp-content\/uploads\/2024\/08\/IMG-20240826-WA0017.jpg\" data-orig-size=\"1200,1600\" data-comments-opened=\"0\" data-image-meta=\"{&quot;aperture&quot;:&quot;0&quot;,&quot;credit&quot;:&quot;&quot;,&quot;camera&quot;:&quot;&quot;,&quot;caption&quot;:&quot;&quot;,&quot;created_timestamp&quot;:&quot;0&quot;,&quot;copyright&quot;:&quot;&quot;,&quot;focal_length&quot;:&quot;0&quot;,&quot;iso&quot;:&quot;0&quot;,&quot;shutter_speed&quot;:&quot;0&quot;,&quot;title&quot;:&quot;&quot;,&quot;orientation&quot;:&quot;0&quot;}\" data-image-title=\"IMG-20240826-WA0017\" data-image-description=\"\" data-image-caption=\"\" data-large-file=\"https:\/\/www.cisa-arica.cl\/wp1\/wp-content\/uploads\/2024\/08\/IMG-20240826-WA0017-450x600.jpg\" data-attachment-id=\"26401\" data-permalink=\"https:\/\/www.cisa-arica.cl\/wp1\/2024\/08\/26\/estudiante-de-8o-ano-se-destaca-en-torneo-nacional-de-tiro-con-arco\/img-20240826-wa0017\/\" data-orig-file=\"https:\/\/www.cisa-arica.cl\/wp1\/wp-content\/uploads\/2024\/08\/IMG-20240826-WA0017.jpg\" data-orig-size=\"1200,1600\" data-comments-opened=\"0\" data-image-meta=\"{&quot;aperture&quot;:&quot;0&quot;,&quot;credit&quot;:&quot;&quot;,&quot;camera&quot;:&quot;&quot;,&quot;caption&quot;:&quot;&quot;,&quot;created_timestamp&quot;:&quot;0&quot;,&quot;copyright&quot;:&quot;&quot;,&quot;focal_length&quot;:&quot;0&quot;,&quot;iso&quot;:&quot;0&quot;,&quot;shutter_speed&quot;:&quot;0&quot;,&quot;title&quot;:&quot;&quot;,&quot;orientation&quot;:&quot;0&quot;}\" data-image-title=\"IMG-20240826-WA0017\" data-image-description=\"\" data-image-caption=\"\" data-large-file=\"https:\/\/www.cisa-arica.cl\/wp1\/wp-content\/uploads\/2024\/08\/IMG-20240826-WA0017-450x600.jpg\" role=\"button\" tabindex=\"0\" aria-label=\"Abrir la imagen 1 de 5 en pantalla completa\"srcset=\"https:\/\/i0.wp.com\/www.cisa-arica.cl\/wp1\/wp-content\/uploads\/2024\/08\/IMG-20240826-WA0017-450x600.jpg?strip=info&#038;w=600&#038;ssl=1 600w,https:\/\/i0.wp.com\/www.cisa-arica.cl\/wp1\/wp-content\/uploads\/2024\/08\/IMG-20240826-WA0017-450x600.jpg?strip=info&#038;w=900&#038;ssl=1 900w,https:\/\/i0.wp.com\/www.cisa-arica.cl\/wp1\/wp-content\/uploads\/2024\/08\/IMG-20240826-WA0017-450x600.jpg?strip=info&#038;w=1200&#038;ssl=1 1200w\" alt=\"\" data-height=\"1600\" data-id=\"26401\" data-link=\"https:\/\/www.cisa-arica.cl\/wp1\/?attachment_id=26401\" data-url=\"https:\/\/www.cisa-arica.cl\/wp1\/wp-content\/uploads\/2024\/08\/IMG-20240826-WA0017-450x600.jpg\" data-width=\"1200\" src=\"https:\/\/i0.wp.com\/www.cisa-arica.cl\/wp1\/wp-content\/uploads\/2024\/08\/IMG-20240826-WA0017-450x600.jpg?ssl=1\" data-amp-layout=\"responsive\"\/><\/figure><\/div><div class=\"tiled-gallery__col\" style=\"flex-basis:33.33333%\"><figure class=\"tiled-gallery__item\"><img decoding=\"async\" data-attachment-id=\"26402\" data-permalink=\"https:\/\/www.cisa-arica.cl\/wp1\/2024\/08\/26\/estudiante-de-8o-ano-se-destaca-en-torneo-nacional-de-tiro-con-arco\/img-20240826-wa0014\/\" data-orig-file=\"https:\/\/www.cisa-arica.cl\/wp1\/wp-content\/uploads\/2024\/08\/IMG-20240826-WA0014.jpg\" data-orig-size=\"1200,1600\" data-comments-opened=\"0\" data-image-meta=\"{&quot;aperture&quot;:&quot;0&quot;,&quot;credit&quot;:&quot;&quot;,&quot;camera&quot;:&quot;&quot;,&quot;caption&quot;:&quot;&quot;,&quot;created_timestamp&quot;:&quot;0&quot;,&quot;copyright&quot;:&quot;&quot;,&quot;focal_length&quot;:&quot;0&quot;,&quot;iso&quot;:&quot;0&quot;,&quot;shutter_speed&quot;:&quot;0&quot;,&quot;title&quot;:&quot;&quot;,&quot;orientation&quot;:&quot;0&quot;}\" data-image-title=\"IMG-20240826-WA0014\" data-image-description=\"\" data-image-caption=\"\" data-large-file=\"https:\/\/www.cisa-arica.cl\/wp1\/wp-content\/uploads\/2024\/08\/IMG-20240826-WA0014-450x600.jpg\" data-attachment-id=\"26402\" data-permalink=\"https:\/\/www.cisa-arica.cl\/wp1\/2024\/08\/26\/estudiante-de-8o-ano-se-destaca-en-torneo-nacional-de-tiro-con-arco\/img-20240826-wa0014\/\" data-orig-file=\"https:\/\/www.cisa-arica.cl\/wp1\/wp-content\/uploads\/2024\/08\/IMG-20240826-WA0014.jpg\" data-orig-size=\"1200,1600\" data-comments-opened=\"0\" data-image-meta=\"{&quot;aperture&quot;:&quot;0&quot;,&quot;credit&quot;:&quot;&quot;,&quot;camera&quot;:&quot;&quot;,&quot;caption&quot;:&quot;&quot;,&quot;created_timestamp&quot;:&quot;0&quot;,&quot;copyright&quot;:&quot;&quot;,&quot;focal_length&quot;:&quot;0&quot;,&quot;iso&quot;:&quot;0&quot;,&quot;shutter_speed&quot;:&quot;0&quot;,&quot;title&quot;:&quot;&quot;,&quot;orientation&quot;:&quot;0&quot;}\" data-image-title=\"IMG-20240826-WA0014\" data-image-description=\"\" data-image-caption=\"\" data-large-file=\"https:\/\/www.cisa-arica.cl\/wp1\/wp-content\/uploads\/2024\/08\/IMG-20240826-WA0014-450x600.jpg\" role=\"button\" tabindex=\"0\" aria-label=\"Abrir la imagen 2 de 5 en pantalla completa\"srcset=\"https:\/\/i1.wp.com\/www.cisa-arica.cl\/wp1\/wp-content\/uploads\/2024\/08\/IMG-20240826-WA0014-450x600.jpg?strip=info&#038;w=600&#038;ssl=1 600w,https:\/\/i1.wp.com\/www.cisa-arica.cl\/wp1\/wp-content\/uploads\/2024\/08\/IMG-20240826-WA0014-450x600.jpg?strip=info&#038;w=900&#038;ssl=1 900w,https:\/\/i1.wp.com\/www.cisa-arica.cl\/wp1\/wp-content\/uploads\/2024\/08\/IMG-20240826-WA0014-450x600.jpg?strip=info&#038;w=1200&#038;ssl=1 1200w\" alt=\"\" data-height=\"1600\" data-id=\"26402\" data-link=\"https:\/\/www.cisa-arica.cl\/wp1\/?attachment_id=26402\" data-url=\"https:\/\/www.cisa-arica.cl\/wp1\/wp-content\/uploads\/2024\/08\/IMG-20240826-WA0014-450x600.jpg\" data-width=\"1200\" src=\"https:\/\/i1.wp.com\/www.cisa-arica.cl\/wp1\/wp-content\/uploads\/2024\/08\/IMG-20240826-WA0014-450x600.jpg?ssl=1\" data-amp-layout=\"responsive\"\/><\/figure><\/div><div class=\"tiled-gallery__col\" style=\"flex-basis:33.33333%\"><figure class=\"tiled-gallery__item\"><img decoding=\"async\" data-attachment-id=\"26403\" data-permalink=\"https:\/\/www.cisa-arica.cl\/wp1\/2024\/08\/26\/estudiante-de-8o-ano-se-destaca-en-torneo-nacional-de-tiro-con-arco\/img-20240826-wa0012\/\" data-orig-file=\"https:\/\/www.cisa-arica.cl\/wp1\/wp-content\/uploads\/2024\/08\/IMG-20240826-WA0012.jpg\" data-orig-size=\"1200,1600\" data-comments-opened=\"0\" data-image-meta=\"{&quot;aperture&quot;:&quot;0&quot;,&quot;credit&quot;:&quot;&quot;,&quot;camera&quot;:&quot;&quot;,&quot;caption&quot;:&quot;&quot;,&quot;created_timestamp&quot;:&quot;0&quot;,&quot;copyright&quot;:&quot;&quot;,&quot;focal_length&quot;:&quot;0&quot;,&quot;iso&quot;:&quot;0&quot;,&quot;shutter_speed&quot;:&quot;0&quot;,&quot;title&quot;:&quot;&quot;,&quot;orientation&quot;:&quot;0&quot;}\" data-image-title=\"IMG-20240826-WA0012\" data-image-description=\"\" data-image-caption=\"\" data-large-file=\"https:\/\/www.cisa-arica.cl\/wp1\/wp-content\/uploads\/2024\/08\/IMG-20240826-WA0012-450x600.jpg\" data-attachment-id=\"26403\" data-permalink=\"https:\/\/www.cisa-arica.cl\/wp1\/2024\/08\/26\/estudiante-de-8o-ano-se-destaca-en-torneo-nacional-de-tiro-con-arco\/img-20240826-wa0012\/\" data-orig-file=\"https:\/\/www.cisa-arica.cl\/wp1\/wp-content\/uploads\/2024\/08\/IMG-20240826-WA0012.jpg\" data-orig-size=\"1200,1600\" data-comments-opened=\"0\" data-image-meta=\"{&quot;aperture&quot;:&quot;0&quot;,&quot;credit&quot;:&quot;&quot;,&quot;camera&quot;:&quot;&quot;,&quot;caption&quot;:&quot;&quot;,&quot;created_timestamp&quot;:&quot;0&quot;,&quot;copyright&quot;:&quot;&quot;,&quot;focal_length&quot;:&quot;0&quot;,&quot;iso&quot;:&quot;0&quot;,&quot;shutter_speed&quot;:&quot;0&quot;,&quot;title&quot;:&quot;&quot;,&quot;orientation&quot;:&quot;0&quot;}\" data-image-title=\"IMG-20240826-WA0012\" data-image-description=\"\" data-image-caption=\"\" data-large-file=\"https:\/\/www.cisa-arica.cl\/wp1\/wp-content\/uploads\/2024\/08\/IMG-20240826-WA0012-450x600.jpg\" role=\"button\" tabindex=\"0\" aria-label=\"Abrir la imagen 3 de 5 en pantalla completa\"srcset=\"https:\/\/i0.wp.com\/www.cisa-arica.cl\/wp1\/wp-content\/uploads\/2024\/08\/IMG-20240826-WA0012-450x600.jpg?strip=info&#038;w=600&#038;ssl=1 600w,https:\/\/i0.wp.com\/www.cisa-arica.cl\/wp1\/wp-content\/uploads\/2024\/08\/IMG-20240826-WA0012-450x600.jpg?strip=info&#038;w=900&#038;ssl=1 900w,https:\/\/i0.wp.com\/www.cisa-arica.cl\/wp1\/wp-content\/uploads\/2024\/08\/IMG-20240826-WA0012-450x600.jpg?strip=info&#038;w=1200&#038;ssl=1 1200w\" alt=\"\" data-height=\"1600\" data-id=\"26403\" data-link=\"https:\/\/www.cisa-arica.cl\/wp1\/?attachment_id=26403\" data-url=\"https:\/\/www.cisa-arica.cl\/wp1\/wp-content\/uploads\/2024\/08\/IMG-20240826-WA0012-450x600.jpg\" data-width=\"1200\" src=\"https:\/\/i0.wp.com\/www.cisa-arica.cl\/wp1\/wp-content\/uploads\/2024\/08\/IMG-20240826-WA0012-450x600.jpg?ssl=1\" data-amp-layout=\"responsive\"\/><\/figure><\/div><\/div><div class=\"tiled-gallery__row\"><div class=\"tiled-gallery__col\" style=\"flex-basis:44.68938%\"><figure class=\"tiled-gallery__item\"><img decoding=\"async\" data-attachment-id=\"26404\" data-permalink=\"https:\/\/www.cisa-arica.cl\/wp1\/2024\/08\/26\/estudiante-de-8o-ano-se-destaca-en-torneo-nacional-de-tiro-con-arco\/img-20240825-wa0020\/\" data-orig-file=\"https:\/\/www.cisa-arica.cl\/wp1\/wp-content\/uploads\/2024\/08\/IMG-20240825-WA0020.jpg\" data-orig-size=\"630,780\" data-comments-opened=\"0\" data-image-meta=\"{&quot;aperture&quot;:&quot;0&quot;,&quot;credit&quot;:&quot;&quot;,&quot;camera&quot;:&quot;&quot;,&quot;caption&quot;:&quot;&quot;,&quot;created_timestamp&quot;:&quot;0&quot;,&quot;copyright&quot;:&quot;&quot;,&quot;focal_length&quot;:&quot;0&quot;,&quot;iso&quot;:&quot;0&quot;,&quot;shutter_speed&quot;:&quot;0&quot;,&quot;title&quot;:&quot;&quot;,&quot;orientation&quot;:&quot;1&quot;}\" data-image-title=\"IMG-20240825-WA0020\" data-image-description=\"\" data-image-caption=\"\" data-large-file=\"https:\/\/www.cisa-arica.cl\/wp1\/wp-content\/uploads\/2024\/08\/IMG-20240825-WA0020-485x600.jpg\" data-attachment-id=\"26404\" data-permalink=\"https:\/\/www.cisa-arica.cl\/wp1\/2024\/08\/26\/estudiante-de-8o-ano-se-destaca-en-torneo-nacional-de-tiro-con-arco\/img-20240825-wa0020\/\" data-orig-file=\"https:\/\/www.cisa-arica.cl\/wp1\/wp-content\/uploads\/2024\/08\/IMG-20240825-WA0020.jpg\" data-orig-size=\"630,780\" data-comments-opened=\"0\" data-image-meta=\"{&quot;aperture&quot;:&quot;0&quot;,&quot;credit&quot;:&quot;&quot;,&quot;camera&quot;:&quot;&quot;,&quot;caption&quot;:&quot;&quot;,&quot;created_timestamp&quot;:&quot;0&quot;,&quot;copyright&quot;:&quot;&quot;,&quot;focal_length&quot;:&quot;0&quot;,&quot;iso&quot;:&quot;0&quot;,&quot;shutter_speed&quot;:&quot;0&quot;,&quot;title&quot;:&quot;&quot;,&quot;orientation&quot;:&quot;1&quot;}\" data-image-title=\"IMG-20240825-WA0020\" data-image-description=\"\" data-image-caption=\"\" data-large-file=\"https:\/\/www.cisa-arica.cl\/wp1\/wp-content\/uploads\/2024\/08\/IMG-20240825-WA0020-485x600.jpg\" role=\"button\" tabindex=\"0\" aria-label=\"Abrir la imagen 4 de 5 en pantalla completa\"srcset=\"https:\/\/i2.wp.com\/www.cisa-arica.cl\/wp1\/wp-content\/uploads\/2024\/08\/IMG-20240825-WA0020-485x600.jpg?strip=info&#038;w=600&#038;ssl=1 600w,https:\/\/i2.wp.com\/www.cisa-arica.cl\/wp1\/wp-content\/uploads\/2024\/08\/IMG-20240825-WA0020-485x600.jpg?strip=info&#038;w=630&#038;ssl=1 630w\" alt=\"\" data-height=\"780\" data-id=\"26404\" data-link=\"https:\/\/www.cisa-arica.cl\/wp1\/?attachment_id=26404\" data-url=\"https:\/\/www.cisa-arica.cl\/wp1\/wp-content\/uploads\/2024\/08\/IMG-20240825-WA0020-485x600.jpg\" data-width=\"630\" src=\"https:\/\/i2.wp.com\/www.cisa-arica.cl\/wp1\/wp-content\/uploads\/2024\/08\/IMG-20240825-WA0020-485x600.jpg?ssl=1\" data-amp-layout=\"responsive\"\/><\/figure><\/div><div class=\"tiled-gallery__col\" style=\"flex-basis:55.31062%\"><figure class=\"tiled-gallery__item\"><img decoding=\"async\" data-attachment-id=\"26405\" data-permalink=\"https:\/\/www.cisa-arica.cl\/wp1\/2024\/08\/26\/estudiante-de-8o-ano-se-destaca-en-torneo-nacional-de-tiro-con-arco\/img_20240327_112653_527\/\" data-orig-file=\"https:\/\/www.cisa-arica.cl\/wp1\/wp-content\/uploads\/2024\/08\/IMG_20240327_112653_527.webp\" data-orig-size=\"1066,1066\" data-comments-opened=\"0\" data-image-meta=\"{&quot;aperture&quot;:&quot;0&quot;,&quot;credit&quot;:&quot;&quot;,&quot;camera&quot;:&quot;&quot;,&quot;caption&quot;:&quot;&quot;,&quot;created_timestamp&quot;:&quot;0&quot;,&quot;copyright&quot;:&quot;&quot;,&quot;focal_length&quot;:&quot;0&quot;,&quot;iso&quot;:&quot;0&quot;,&quot;shutter_speed&quot;:&quot;0&quot;,&quot;title&quot;:&quot;&quot;,&quot;orientation&quot;:&quot;0&quot;}\" data-image-title=\"IMG_20240327_112653_527\" data-image-description=\"\" data-image-caption=\"\" data-large-file=\"https:\/\/www.cisa-arica.cl\/wp1\/wp-content\/uploads\/2024\/08\/IMG_20240327_112653_527-600x600.webp\" data-attachment-id=\"26405\" data-permalink=\"https:\/\/www.cisa-arica.cl\/wp1\/2024\/08\/26\/estudiante-de-8o-ano-se-destaca-en-torneo-nacional-de-tiro-con-arco\/img_20240327_112653_527\/\" data-orig-file=\"https:\/\/www.cisa-arica.cl\/wp1\/wp-content\/uploads\/2024\/08\/IMG_20240327_112653_527.webp\" data-orig-size=\"1066,1066\" data-comments-opened=\"0\" data-image-meta=\"{&quot;aperture&quot;:&quot;0&quot;,&quot;credit&quot;:&quot;&quot;,&quot;camera&quot;:&quot;&quot;,&quot;caption&quot;:&quot;&quot;,&quot;created_timestamp&quot;:&quot;0&quot;,&quot;copyright&quot;:&quot;&quot;,&quot;focal_length&quot;:&quot;0&quot;,&quot;iso&quot;:&quot;0&quot;,&quot;shutter_speed&quot;:&quot;0&quot;,&quot;title&quot;:&quot;&quot;,&quot;orientation&quot;:&quot;0&quot;}\" data-image-title=\"IMG_20240327_112653_527\" data-image-description=\"\" data-image-caption=\"\" data-large-file=\"https:\/\/www.cisa-arica.cl\/wp1\/wp-content\/uploads\/2024\/08\/IMG_20240327_112653_527-600x600.webp\" role=\"button\" tabindex=\"0\" aria-label=\"Abrir la imagen 5 de 5 en pantalla completa\"srcset=\"https:\/\/i2.wp.com\/www.cisa-arica.cl\/wp1\/wp-content\/uploads\/2024\/08\/IMG_20240327_112653_527-600x600.webp?strip=info&#038;w=600&#038;ssl=1 600w,https:\/\/i2.wp.com\/www.cisa-arica.cl\/wp1\/wp-content\/uploads\/2024\/08\/IMG_20240327_112653_527-600x600.webp?strip=info&#038;w=900&#038;ssl=1 900w,https:\/\/i2.wp.com\/www.cisa-arica.cl\/wp1\/wp-content\/uploads\/2024\/08\/IMG_20240327_112653_527-600x600.webp?strip=info&#038;w=1066&#038;ssl=1 1066w\" alt=\"\" data-height=\"1066\" data-id=\"26405\" data-link=\"https:\/\/www.cisa-arica.cl\/wp1\/?attachment_id=26405\" data-url=\"https:\/\/www.cisa-arica.cl\/wp1\/wp-content\/uploads\/2024\/08\/IMG_20240327_112653_527-600x600.webp\" data-width=\"1066\" src=\"https:\/\/i2.wp.com\/www.cisa-arica.cl\/wp1\/wp-content\/uploads\/2024\/08\/IMG_20240327_112653_527-600x600.webp?ssl=1\" data-amp-layout=\"responsive\"\/><\/figure><\/div><\/div><\/div><\/div>\n","protected":false},"excerpt":{"rendered":"<p>Se Informa a toda la Comunidad Educativa que\u00a0 Sabrina N\u00fa\u00f1ez Castillo estudiante del curso 8\u00b0 A deportista del Club Ajayu Thaya Arica,\u00a0 y del Programa Promesas Chile del IND\u00a0 particip\u00f3 en el 3er. Ranking Nacional del deporte TIRO CON ARCO, en categor\u00eda Sub15, realizado en la ciudad de Santiago en donde se destac\u00f3 por obtener <a class=\"read-more\" href=\"https:\/\/www.cisa-arica.cl\/wp1\/2024\/08\/26\/estudiante-de-8o-ano-se-destaca-en-torneo-nacional-de-tiro-con-arco\/\">Continuar leyendo<\/a><\/p>\n","protected":false},"author":5,"featured_media":26405,"comment_status":"closed","ping_status":"open","sticky":false,"template":"","format":"standard","meta":{"_jetpack_memberships_contains_paid_content":false,"footnotes":"","jetpack_publicize_message":"","jetpack_publicize_feature_enabled":true,"jetpack_social_post_already_shared":true,"jetpack_social_options":{"image_generator_settings":{"template":"highway","default_image_id":0,"font":"","enabled":false},"version":2}},"categories":[5],"tags":[],"class_list":["post-26398","post","type-post","status-publish","format-standard","has-post-thumbnail","hentry","category-uncategorized"],"jetpack_publicize_connections":[],"jetpack_featured_media_url":"https:\/\/www.cisa-arica.cl\/wp1\/wp-content\/uploads\/2024\/08\/IMG_20240327_112653_527.webp","jetpack_sharing_enabled":true,"jetpack_shortlink":"https:\/\/wp.me\/p84wcz-6RM","jetpack-related-posts":[{"id":28008,"url":"https:\/\/www.cisa-arica.cl\/wp1\/2025\/03\/18\/estudiante-cisa-es-campeona-sudamericana\/","url_meta":{"origin":26398,"position":0},"title":"Estudiante Cisa es Campeona Sudamericana","author":"Jeannette Rivera","date":"18 de Marzo de 2025","format":false,"excerpt":"Con mucho orgullo nos complace informar que la estudiante Sabrina Nicolette Nu\u00f1ez Castillo,\u00a0 seleccionada nacional, alumna de 1\u00b0 medio A de nuestro colegio, \u00a0ha obtenido los siguientes resultados en la COMPETENCIA SUDAMERICANA DE TIRO CON ARCO, Categor\u00eda Arco Recurvo Under 15 women,\u00a0 realizado\u00a0 en el Estadio Nacional, Santiago-Chile. - Sabrina\u2026","rel":"","context":"Entrada similar ","block_context":{"text":"Entrada similar ","link":""},"img":{"alt_text":"","src":"https:\/\/i0.wp.com\/www.cisa-arica.cl\/wp1\/wp-content\/uploads\/2025\/03\/FB_IMG_1742171560772-1.jpeg?resize=350%2C200&ssl=1","width":350,"height":200,"srcset":"https:\/\/i0.wp.com\/www.cisa-arica.cl\/wp1\/wp-content\/uploads\/2025\/03\/FB_IMG_1742171560772-1.jpeg?resize=350%2C200&ssl=1 1x, https:\/\/i0.wp.com\/www.cisa-arica.cl\/wp1\/wp-content\/uploads\/2025\/03\/FB_IMG_1742171560772-1.jpeg?resize=525%2C300&ssl=1 1.5x, https:\/\/i0.wp.com\/www.cisa-arica.cl\/wp1\/wp-content\/uploads\/2025\/03\/FB_IMG_1742171560772-1.jpeg?resize=700%2C400&ssl=1 2x, https:\/\/i0.wp.com\/www.cisa-arica.cl\/wp1\/wp-content\/uploads\/2025\/03\/FB_IMG_1742171560772-1.jpeg?resize=1050%2C600&ssl=1 3x"},"classes":[]},{"id":27333,"url":"https:\/\/www.cisa-arica.cl\/wp1\/2024\/11\/19\/estudiante-cisa-campeona-de-chile-2024\/","url_meta":{"origin":26398,"position":1},"title":"Estudiante Cisa Campeona de Chile 2024","author":"Jeannette Rivera","date":"19 de Noviembre de 2024","format":false,"excerpt":"Como Comunidad Educativa nos enorgullece informar que la estudiante Sabrina N\u00fa\u00f1ez Castillo del 8\u00b0A, deportista de la disciplina de TIRO CON ARCO, del club Ajayu Thaya Arica, e integrante del Programa Promesas Chile del IND,\u00a0 luego de haber participado durante el presente a\u00f1o en cuatro\u00a0 Ranking nacional realizados en la\u2026","rel":"","context":"Entrada similar ","block_context":{"text":"Entrada similar ","link":""},"img":{"alt_text":"","src":"https:\/\/i0.wp.com\/www.cisa-arica.cl\/wp1\/wp-content\/uploads\/2024\/11\/Final-Nacional-3.jpeg?resize=350%2C200&ssl=1","width":350,"height":200,"srcset":"https:\/\/i0.wp.com\/www.cisa-arica.cl\/wp1\/wp-content\/uploads\/2024\/11\/Final-Nacional-3.jpeg?resize=350%2C200&ssl=1 1x, https:\/\/i0.wp.com\/www.cisa-arica.cl\/wp1\/wp-content\/uploads\/2024\/11\/Final-Nacional-3.jpeg?resize=525%2C300&ssl=1 1.5x, https:\/\/i0.wp.com\/www.cisa-arica.cl\/wp1\/wp-content\/uploads\/2024\/11\/Final-Nacional-3.jpeg?resize=700%2C400&ssl=1 2x, https:\/\/i0.wp.com\/www.cisa-arica.cl\/wp1\/wp-content\/uploads\/2024\/11\/Final-Nacional-3.jpeg?resize=1050%2C600&ssl=1 3x"},"classes":[]},{"id":12176,"url":"https:\/\/www.cisa-arica.cl\/wp1\/2021\/03\/30\/tarjeta-nacional-del-estudiante\/","url_meta":{"origin":26398,"position":2},"title":"Tarjeta Nacional del Estudiante","author":"CISA","date":"30 de Marzo de 2021","format":false,"excerpt":"Estimada Familia Santa Ana. Se informa que para el proceso de obtenci\u00f3n de la TNE (Tarjeta Nacional del Estudiante) y captura fotogr\u00e1fica 2021, es a partir de 5to a\u00f1o de Ense\u00f1anza B\u00e1sica a 4to a\u00f1o medio. Para acceder pueden acercarse a los siguientes puntos: - JUNAEB, Las acacias N\u20222006, horario\u2026","rel":"","context":"Entrada similar ","block_context":{"text":"Entrada similar ","link":""},"img":{"alt_text":"","src":"https:\/\/i0.wp.com\/www.cisa-arica.cl\/wp1\/wp-content\/uploads\/2021\/03\/img_7391.jpg?resize=350%2C200&ssl=1","width":350,"height":200,"srcset":"https:\/\/i0.wp.com\/www.cisa-arica.cl\/wp1\/wp-content\/uploads\/2021\/03\/img_7391.jpg?resize=350%2C200&ssl=1 1x, https:\/\/i0.wp.com\/www.cisa-arica.cl\/wp1\/wp-content\/uploads\/2021\/03\/img_7391.jpg?resize=525%2C300&ssl=1 1.5x, https:\/\/i0.wp.com\/www.cisa-arica.cl\/wp1\/wp-content\/uploads\/2021\/03\/img_7391.jpg?resize=700%2C400&ssl=1 2x"},"classes":[]},{"id":8719,"url":"https:\/\/www.cisa-arica.cl\/wp1\/2019\/08\/26\/destacada-participacion-de-alumnas-en-gymkana-matematica\/","url_meta":{"origin":26398,"position":3},"title":"Destacada participaci\u00f3n de alumnas en Gymkana Matem\u00e1tica","author":"Jeannette Rivera","date":"26 de Agosto de 2019","format":false,"excerpt":"El viernes pasado delegaciones de alumnas desde 5\u00ba b\u00e1sico a 4\u00ba medio participaron en la IV Gymkhana Escolar Matem\u00e1tica organizada por el PAR Explora CONICYT junto con el Departamento de matem\u00e1tica de la Universidad de Tarapac\u00e1. Las alumnas acompa\u00f1adas por los profesores de nuestro Dpto. de matem\u00e1tica Roberto Tapia y\u2026","rel":"","context":"En &quot;galeria&quot;","block_context":{"text":"galeria","link":"https:\/\/www.cisa-arica.cl\/wp1\/category\/galeria\/"},"img":{"alt_text":"","src":"https:\/\/i0.wp.com\/www.cisa-arica.cl\/wp1\/wp-content\/uploads\/2019\/08\/015-3.jpeg?resize=350%2C200&ssl=1","width":350,"height":200,"srcset":"https:\/\/i0.wp.com\/www.cisa-arica.cl\/wp1\/wp-content\/uploads\/2019\/08\/015-3.jpeg?resize=350%2C200&ssl=1 1x, https:\/\/i0.wp.com\/www.cisa-arica.cl\/wp1\/wp-content\/uploads\/2019\/08\/015-3.jpeg?resize=525%2C300&ssl=1 1.5x, https:\/\/i0.wp.com\/www.cisa-arica.cl\/wp1\/wp-content\/uploads\/2019\/08\/015-3.jpeg?resize=700%2C400&ssl=1 2x, https:\/\/i0.wp.com\/www.cisa-arica.cl\/wp1\/wp-content\/uploads\/2019\/08\/015-3.jpeg?resize=1050%2C600&ssl=1 3x"},"classes":[]},{"id":10783,"url":"https:\/\/www.cisa-arica.cl\/wp1\/2020\/06\/26\/estudiante-elige-tu-tema-para-el-boletin-semanal\/","url_meta":{"origin":26398,"position":4},"title":"Estudiante, elige tu tema para el bolet\u00edn semanal","author":"Jeannette Rivera","date":"26 de Junio de 2020","format":false,"excerpt":"Estimada comunidad educativa: Esperando se encuentren bien junto a los suyos, el Equipo Psicosocial invita a participar\u00a0de una encuesta para todas las estudiantes del establecimiento educacional, en donde pueden dar a conocer su inter\u00e9s en las tem\u00e1ticas que desean que nuestro equipo pudiese tratar en mayor profundidad en un bolet\u00edn\u2026","rel":"","context":"Entrada similar ","block_context":{"text":"Entrada similar ","link":""},"img":{"alt_text":"","src":"https:\/\/i0.wp.com\/www.cisa-arica.cl\/wp1\/wp-content\/uploads\/2020\/06\/Screenshot_3-2.png?resize=350%2C200&ssl=1","width":350,"height":200},"classes":[]},{"id":11140,"url":"https:\/\/www.cisa-arica.cl\/wp1\/2020\/07\/29\/activa-tu-cuenta-institucional-de-estudiante-cisa\/","url_meta":{"origin":26398,"position":5},"title":"Activa tu cuenta Institucional de estudiante CISA","author":"CISA","date":"29 de Julio de 2020","format":false,"excerpt":"Estimada Familia Santa Ana. Junto con saludar y desear que se encuentren bien, comunicamos que todas las estudiantes desde Educaci\u00f3n Parvularia hasta 4to a\u00f1o medio, deben activar sus cuentas institucionales personales con las que deben ingresar a las clases virtuales. El instructivo fue enviado a los correos electr\u00f3nicos de los\u2026","rel":"","context":"Entrada similar ","block_context":{"text":"Entrada similar ","link":""},"img":{"alt_text":"","src":"https:\/\/i0.wp.com\/www.cisa-arica.cl\/wp1\/wp-content\/uploads\/2020\/07\/img_2132-1.jpg?resize=350%2C200&ssl=1","width":350,"height":200,"srcset":"https:\/\/i0.wp.com\/www.cisa-arica.cl\/wp1\/wp-content\/uploads\/2020\/07\/img_2132-1.jpg?resize=350%2C200&ssl=1 1x, https:\/\/i0.wp.com\/www.cisa-arica.cl\/wp1\/wp-content\/uploads\/2020\/07\/img_2132-1.jpg?resize=525%2C300&ssl=1 1.5x"},"classes":[]}],"_links":{"self":[{"href":"https:\/\/www.cisa-arica.cl\/wp1\/wp-json\/wp\/v2\/posts\/26398","targetHints":{"allow":["GET"]}}],"collection":[{"href":"https:\/\/www.cisa-arica.cl\/wp1\/wp-json\/wp\/v2\/posts"}],"about":[{"href":"https:\/\/www.cisa-arica.cl\/wp1\/wp-json\/wp\/v2\/types\/post"}],"author":[{"embeddable":true,"href":"https:\/\/www.cisa-arica.cl\/wp1\/wp-json\/wp\/v2\/users\/5"}],"replies":[{"embeddable":true,"href":"https:\/\/www.cisa-arica.cl\/wp1\/wp-json\/wp\/v2\/comments?post=26398"}],"version-history":[{"count":3,"href":"https:\/\/www.cisa-arica.cl\/wp1\/wp-json\/wp\/v2\/posts\/26398\/revisions"}],"predecessor-version":[{"id":26406,"href":"https:\/\/www.cisa-arica.cl\/wp1\/wp-json\/wp\/v2\/posts\/26398\/revisions\/26406"}],"wp:featuredmedia":[{"embeddable":true,"href":"https:\/\/www.cisa-arica.cl\/wp1\/wp-json\/wp\/v2\/media\/26405"}],"wp:attachment":[{"href":"https:\/\/www.cisa-arica.cl\/wp1\/wp-json\/wp\/v2\/media?parent=26398"}],"wp:term":[{"taxonomy":"category","embeddable":true,"href":"https:\/\/www.cisa-arica.cl\/wp1\/wp-json\/wp\/v2\/categories?post=26398"},{"taxonomy":"post_tag","embeddable":true,"href":"https:\/\/www.cisa-arica.cl\/wp1\/wp-json\/wp\/v2\/tags?post=26398"}],"curies":[{"name":"wp","href":"https:\/\/api.w.org\/{rel}","templated":true}]}}