{"id":26385,"date":"2024-08-23T13:27:19","date_gmt":"2024-08-23T17:27:19","guid":{"rendered":"https:\/\/www.cisa-arica.cl\/wp1\/?p=26385"},"modified":"2024-08-23T13:27:19","modified_gmt":"2024-08-23T17:27:19","slug":"proceso-de-vacunacion-2024","status":"publish","type":"post","link":"https:\/\/www.cisa-arica.cl\/wp1\/2024\/08\/23\/proceso-de-vacunacion-2024\/","title":{"rendered":"Proceso de Vacunaci\u00f3n 2024"},"content":{"rendered":"<p>Se les recuerda a los padres y apoderados que durante los d\u00edas 26, 27 y 28 de agosto se llevar\u00e1 a cabo la vacunaci\u00f3n escolar durante la jornada escolar. Esta vacunaci\u00f3n\u00a0incluye la protecci\u00f3n contra difteria, t\u00e9tano y tos convulsiva (dTpa) para 1ros y 8vos b\u00e1sicos y virus del papiloma humano (VPH) para 4tos y 5tos b\u00e1sicos.\u00a0Tal como se describe en la siguiente tabla.<\/p>\n<table style=\"font-weight: 400;\">\n<tbody>\n<tr>\n<td width=\"141\">Vacuna<\/td>\n<td width=\"447\">Poblaci\u00f3n Objetivo<\/td>\n<\/tr>\n<tr>\n<td width=\"141\">dTpa<\/td>\n<td width=\"447\">Escolares que\u00a0<strong>cursan<\/strong>\u00a0<strong>1\u00b0 y 8\u00b0 b\u00e1sico<\/strong>\u00a0en establecimientos educacionales p\u00fablicos y privados.<\/p>\n<p>Ni\u00f1as, ni\u00f1os y adolescentes no escolarizados entre 6 a 7 a\u00f1os y 13 a 14 a\u00f1os respectivamente.<\/td>\n<\/tr>\n<tr>\n<td width=\"141\">VPH<\/td>\n<td width=\"447\">Escolares que\u00a0<strong>cursan 4\u00b0 y 5\u00b0 b\u00e1sico<\/strong>\u00a0en establecimientos educacionales p\u00fablicos y privados.<\/p>\n<p>Ni\u00f1as, ni\u00f1os y adolescentes no escolarizados entre 9 a 13 a\u00f1os.<\/td>\n<\/tr>\n<\/tbody>\n<\/table>\n<p style=\"font-weight: 400;\"><strong>Cabe destacar que estas vacunas est\u00e1n dentro\u00a0del plan del calendario nacional de vacunaci\u00f3n siendo \u00e9stas vacunas obligatorias.<\/strong><\/p>\n<p style=\"font-weight: 400;\"><strong>En los correos institucionales se les comparti\u00f3 informaci\u00f3n sobre este proceso y hoy viernes se env\u00edo de forma impresa a las estudiantes.<\/strong><\/p>\n<p style=\"font-weight: 400;\">Las fechas de vacunaci\u00f3n son:<\/p>\n<ul>\n<li style=\"font-weight: 400;\"><strong>Lunes 26\/08: 1ros y 8vos b\u00e1sicos.<\/strong><\/li>\n<li style=\"font-weight: 400;\"><strong>Martes 27\/08: 4tos y 5tos b\u00e1sicos.<\/strong><\/li>\n<li style=\"font-weight: 400;\"><strong>Mi\u00e9rcoles 28\/08: Rezagados.<\/strong><\/li>\n<\/ul>\n<p style=\"font-weight: 400;\"><strong>Importante: La\u00a0vacunaci\u00f3n\u00a0respecto al Virus del Papiloma Humano focalizada para estudiantes de\u00a04tos y 5tos b\u00e1sicos contempla una charla para los apoderados.<\/strong><\/p>\n<p>\u00a0 \u00a0 \u00a0 \u00a0 \u00a0 \u00a0 \u00a0 \u00a0 \u00a0 \u00a0 \u00a0 \u00a0 \u00a0 \u00a0 \u00a0 \u00a0 \u00a0 \u00a0 \u00a0 \u00a0 \u00a0 \u00a0 \u00a0 \u00a0 \u00a0 \u00a0 \u00a0Equipo Psicosocial<\/p>\n<p style=\"font-weight: 400;\">\n","protected":false},"excerpt":{"rendered":"<p>Se les recuerda a los padres y apoderados que durante los d\u00edas 26, 27 y 28 de agosto se llevar\u00e1 a cabo la vacunaci\u00f3n escolar durante la jornada escolar. Esta vacunaci\u00f3n\u00a0incluye la protecci\u00f3n contra difteria, t\u00e9tano y tos convulsiva (dTpa) para 1ros y 8vos b\u00e1sicos y virus del papiloma humano (VPH) para 4tos y 5tos <a class=\"read-more\" href=\"https:\/\/www.cisa-arica.cl\/wp1\/2024\/08\/23\/proceso-de-vacunacion-2024\/\">Continuar leyendo<\/a><\/p>\n","protected":false},"author":5,"featured_media":26386,"comment_status":"closed","ping_status":"open","sticky":false,"template":"","format":"standard","meta":{"_jetpack_memberships_contains_paid_content":false,"footnotes":"","jetpack_publicize_message":"","jetpack_publicize_feature_enabled":true,"jetpack_social_post_already_shared":true,"jetpack_social_options":{"image_generator_settings":{"template":"highway","default_image_id":0,"font":"","enabled":false},"version":2}},"categories":[5],"tags":[],"class_list":["post-26385","post","type-post","status-publish","format-standard","has-post-thumbnail","hentry","category-uncategorized"],"jetpack_publicize_connections":[],"jetpack_featured_media_url":"https:\/\/www.cisa-arica.cl\/wp1\/wp-content\/uploads\/2024\/08\/WhatsApp-Image-2024-08-22-at-5.45.29-PM.jpeg","jetpack_sharing_enabled":true,"jetpack_shortlink":"https:\/\/wp.me\/p84wcz-6Rz","jetpack-related-posts":[{"id":12894,"url":"https:\/\/www.cisa-arica.cl\/wp1\/2021\/08\/23\/vacunacion-escolar-2021\/","url_meta":{"origin":26385,"position":0},"title":"Vacunaci\u00f3n Escolar 2021","author":"CISA","date":"23 de Agosto de 2021","format":false,"excerpt":"Estimada Familia Santa Ana. Esperando tengan todos un buen inicio de semana, les comentamos que durante los d\u00edas jueves 26 y viernes 27 de agosto se llevar\u00e1 a cabo la campa\u00f1a de vacunaci\u00f3n escolar para los cursos 1eros, 4tos, 5tos y 8vos b\u00e1sicos , en el caso de las estudiantes\u2026","rel":"","context":"Entrada similar ","block_context":{"text":"Entrada similar ","link":""},"img":{"alt_text":"","src":"https:\/\/i0.wp.com\/www.cisa-arica.cl\/wp1\/wp-content\/uploads\/2021\/08\/WhatsApp-Image-2021-08-24-at-16.35.29.jpeg?resize=350%2C200&ssl=1","width":350,"height":200,"srcset":"https:\/\/i0.wp.com\/www.cisa-arica.cl\/wp1\/wp-content\/uploads\/2021\/08\/WhatsApp-Image-2021-08-24-at-16.35.29.jpeg?resize=350%2C200&ssl=1 1x, https:\/\/i0.wp.com\/www.cisa-arica.cl\/wp1\/wp-content\/uploads\/2021\/08\/WhatsApp-Image-2021-08-24-at-16.35.29.jpeg?resize=525%2C300&ssl=1 1.5x, https:\/\/i0.wp.com\/www.cisa-arica.cl\/wp1\/wp-content\/uploads\/2021\/08\/WhatsApp-Image-2021-08-24-at-16.35.29.jpeg?resize=700%2C400&ssl=1 2x, https:\/\/i0.wp.com\/www.cisa-arica.cl\/wp1\/wp-content\/uploads\/2021\/08\/WhatsApp-Image-2021-08-24-at-16.35.29.jpeg?resize=1050%2C600&ssl=1 3x"},"classes":[]},{"id":17252,"url":"https:\/\/www.cisa-arica.cl\/wp1\/2022\/09\/12\/proceso-de-vacunacion-escolar\/","url_meta":{"origin":26385,"position":1},"title":"Proceso de Vacunaci\u00f3n Escolar","author":"Jeannette Rivera","date":"12 de Septiembre de 2022","format":false,"excerpt":"Estimados\/as padres, madres y apoderados, esperando tengan\u00a0un buen inicio de\u00a0semana, les comentamos\u00a0que durante los d\u00edas\u00a026, 27 y 28 de Septiembre, se llevar\u00e1 a cabo el proceso de vacunaci\u00f3n escolar a las estudiantes de los siguientes cursos: 1\u00b0 b\u00e1sico, 4\u00b0 b\u00e1sico, 5\u00b0 b\u00e1sico y 8\u00b0 b\u00e1sico. El proceso de vacunaci\u00f3n\u00a0se llevar\u00e1\u2026","rel":"","context":"Entrada similar ","block_context":{"text":"Entrada similar ","link":""},"img":{"alt_text":"","src":"https:\/\/i0.wp.com\/www.cisa-arica.cl\/wp1\/wp-content\/uploads\/2022\/09\/FC5C8F27-9A30-44AC-964A-39869E90E02B.jpeg?resize=350%2C200&ssl=1","width":350,"height":200,"srcset":"https:\/\/i0.wp.com\/www.cisa-arica.cl\/wp1\/wp-content\/uploads\/2022\/09\/FC5C8F27-9A30-44AC-964A-39869E90E02B.jpeg?resize=350%2C200&ssl=1 1x, https:\/\/i0.wp.com\/www.cisa-arica.cl\/wp1\/wp-content\/uploads\/2022\/09\/FC5C8F27-9A30-44AC-964A-39869E90E02B.jpeg?resize=525%2C300&ssl=1 1.5x, https:\/\/i0.wp.com\/www.cisa-arica.cl\/wp1\/wp-content\/uploads\/2022\/09\/FC5C8F27-9A30-44AC-964A-39869E90E02B.jpeg?resize=700%2C400&ssl=1 2x, https:\/\/i0.wp.com\/www.cisa-arica.cl\/wp1\/wp-content\/uploads\/2022\/09\/FC5C8F27-9A30-44AC-964A-39869E90E02B.jpeg?resize=1050%2C600&ssl=1 3x"},"classes":[]},{"id":12885,"url":"https:\/\/www.cisa-arica.cl\/wp1\/2021\/08\/23\/charla-informativa-vacunacion-escolar\/","url_meta":{"origin":26385,"position":2},"title":"Charla Informativa sobre vacunaci\u00f3n Escolar","author":"CISA","date":"23 de Agosto de 2021","format":false,"excerpt":"Estimada Familia Santa Ana. Esperando que se encuentren bien junto a los suyos, queremos informar que, el CESFAM Remigio Sapunar realizar\u00e1 charlas para los apoderados explicando la importancia de la vacuna contra el virus del papiloma Humano.De igual manera compartimos ambos link de conexi\u00f3n los que se impartir\u00e1n a trav\u00e9s\u2026","rel":"","context":"Entrada similar ","block_context":{"text":"Entrada similar ","link":""},"img":{"alt_text":"","src":"https:\/\/i0.wp.com\/www.cisa-arica.cl\/wp1\/wp-content\/uploads\/2021\/08\/0afa4029-3d4b-4886-ac14-b1c00fff54d8.jpg?resize=350%2C200&ssl=1","width":350,"height":200,"srcset":"https:\/\/i0.wp.com\/www.cisa-arica.cl\/wp1\/wp-content\/uploads\/2021\/08\/0afa4029-3d4b-4886-ac14-b1c00fff54d8.jpg?resize=350%2C200&ssl=1 1x, https:\/\/i0.wp.com\/www.cisa-arica.cl\/wp1\/wp-content\/uploads\/2021\/08\/0afa4029-3d4b-4886-ac14-b1c00fff54d8.jpg?resize=525%2C300&ssl=1 1.5x, https:\/\/i0.wp.com\/www.cisa-arica.cl\/wp1\/wp-content\/uploads\/2021\/08\/0afa4029-3d4b-4886-ac14-b1c00fff54d8.jpg?resize=700%2C400&ssl=1 2x, https:\/\/i0.wp.com\/www.cisa-arica.cl\/wp1\/wp-content\/uploads\/2021\/08\/0afa4029-3d4b-4886-ac14-b1c00fff54d8.jpg?resize=1050%2C600&ssl=1 3x"},"classes":[]},{"id":9323,"url":"https:\/\/www.cisa-arica.cl\/wp1\/2019\/09\/11\/campana-de-vacunacion-1os-4os-5os-y-8os-basicos\/","url_meta":{"origin":26385,"position":3},"title":"Campa\u00f1a de vacunaci\u00f3n 1os, 4os, 5os y 8os b\u00e1sicos","author":"Jeannette Rivera","date":"11 de Septiembre de 2019","format":false,"excerpt":"Se informa que durante el d\u00eda martes 10 de septiembre se llev\u00f3 a cabo el proceso de vacunaci\u00f3n dirigida a la poblaci\u00f3n escolar a cargo del Programa Nacional de Inmunizaciones, se aplic\u00f3 la vacunaci\u00f3n espec\u00edfica en la imagen adjunta a los primeros, cuartos, quintos y octavos b\u00e1sicos, dando as\u00ed la\u2026","rel":"","context":"Entrada similar ","block_context":{"text":"Entrada similar ","link":""},"img":{"alt_text":"","src":"https:\/\/i0.wp.com\/www.cisa-arica.cl\/wp1\/wp-content\/uploads\/2019\/09\/Screenshot_1-2.jpg?resize=350%2C200&ssl=1","width":350,"height":200,"srcset":"https:\/\/i0.wp.com\/www.cisa-arica.cl\/wp1\/wp-content\/uploads\/2019\/09\/Screenshot_1-2.jpg?resize=350%2C200&ssl=1 1x, https:\/\/i0.wp.com\/www.cisa-arica.cl\/wp1\/wp-content\/uploads\/2019\/09\/Screenshot_1-2.jpg?resize=525%2C300&ssl=1 1.5x"},"classes":[]},{"id":11844,"url":"https:\/\/www.cisa-arica.cl\/wp1\/2020\/12\/09\/becas-junaeb-desde-el-10-de-diciembre-al-25-de-enero\/","url_meta":{"origin":26385,"position":4},"title":"Becas JUNAEB desde el 10 de Diciembre al 25 de Enero.","author":"CISA","date":"9 de Diciembre de 2020","format":false,"excerpt":"Estimada Familia Santa Ana.Junto con saludar y desear que se encuentren bien junto a los suyos, comunicamos que JUNAEB abrir\u00e1 su portal para la postulaci\u00f3n y renovaci\u00f3n de becas y beneficios estudiantiles desde el d\u00eda jueves 10 de Diciembre de 2020 hasta el d\u00eda Lunes 25 de Enero de 2021.visita\u2026","rel":"","context":"Entrada similar ","block_context":{"text":"Entrada similar ","link":""},"img":{"alt_text":"","src":"https:\/\/i0.wp.com\/www.cisa-arica.cl\/wp1\/wp-content\/uploads\/2020\/12\/img_6078.jpg?resize=350%2C200&ssl=1","width":350,"height":200,"srcset":"https:\/\/i0.wp.com\/www.cisa-arica.cl\/wp1\/wp-content\/uploads\/2020\/12\/img_6078.jpg?resize=350%2C200&ssl=1 1x, https:\/\/i0.wp.com\/www.cisa-arica.cl\/wp1\/wp-content\/uploads\/2020\/12\/img_6078.jpg?resize=525%2C300&ssl=1 1.5x, https:\/\/i0.wp.com\/www.cisa-arica.cl\/wp1\/wp-content\/uploads\/2020\/12\/img_6078.jpg?resize=700%2C400&ssl=1 2x"},"classes":[]},{"id":6252,"url":"https:\/\/www.cisa-arica.cl\/wp1\/2019\/04\/15\/autorizacion-vacunacion-contra-influenza-2019\/","url_meta":{"origin":26385,"position":5},"title":"Autorizaci\u00f3n vacunaci\u00f3n contra Influenza 2019","author":"Jeannette Rivera","date":"15 de Abril de 2019","format":false,"excerpt":"Se\u00f1or (a) Apoderado(a): Junto con saludarle afectuosamente, comunico a Ud. que en el marco del Programa de Inmunizaciones del Ministerio de Salud, el d\u00eda martes 16 de abril se llevar\u00e1 a cabo la vacunaci\u00f3n contra la influenza en dependencias de nuestro colegio.Solicitamos pueda enviar el d\u00eda martes 16 el cuaderno\u2026","rel":"","context":"Entrada similar ","block_context":{"text":"Entrada similar ","link":""},"img":{"alt_text":"","src":"","width":0,"height":0},"classes":[]}],"_links":{"self":[{"href":"https:\/\/www.cisa-arica.cl\/wp1\/wp-json\/wp\/v2\/posts\/26385","targetHints":{"allow":["GET"]}}],"collection":[{"href":"https:\/\/www.cisa-arica.cl\/wp1\/wp-json\/wp\/v2\/posts"}],"about":[{"href":"https:\/\/www.cisa-arica.cl\/wp1\/wp-json\/wp\/v2\/types\/post"}],"author":[{"embeddable":true,"href":"https:\/\/www.cisa-arica.cl\/wp1\/wp-json\/wp\/v2\/users\/5"}],"replies":[{"embeddable":true,"href":"https:\/\/www.cisa-arica.cl\/wp1\/wp-json\/wp\/v2\/comments?post=26385"}],"version-history":[{"count":1,"href":"https:\/\/www.cisa-arica.cl\/wp1\/wp-json\/wp\/v2\/posts\/26385\/revisions"}],"predecessor-version":[{"id":26387,"href":"https:\/\/www.cisa-arica.cl\/wp1\/wp-json\/wp\/v2\/posts\/26385\/revisions\/26387"}],"wp:featuredmedia":[{"embeddable":true,"href":"https:\/\/www.cisa-arica.cl\/wp1\/wp-json\/wp\/v2\/media\/26386"}],"wp:attachment":[{"href":"https:\/\/www.cisa-arica.cl\/wp1\/wp-json\/wp\/v2\/media?parent=26385"}],"wp:term":[{"taxonomy":"category","embeddable":true,"href":"https:\/\/www.cisa-arica.cl\/wp1\/wp-json\/wp\/v2\/categories?post=26385"},{"taxonomy":"post_tag","embeddable":true,"href":"https:\/\/www.cisa-arica.cl\/wp1\/wp-json\/wp\/v2\/tags?post=26385"}],"curies":[{"name":"wp","href":"https:\/\/api.w.org\/{rel}","templated":true}]}}