{"id":26363,"date":"2024-08-22T16:50:56","date_gmt":"2024-08-22T20:50:56","guid":{"rendered":"https:\/\/www.cisa-arica.cl\/wp1\/?p=26363"},"modified":"2024-08-22T16:50:58","modified_gmt":"2024-08-22T20:50:58","slug":"misa-de-los-5tos-basicos","status":"publish","type":"post","link":"https:\/\/www.cisa-arica.cl\/wp1\/2024\/08\/22\/misa-de-los-5tos-basicos\/","title":{"rendered":"Misa de los 5tos B\u00e1sicos"},"content":{"rendered":"<p>Hoy jueves 22 de agosto se realiz\u00f3 la Eucarist\u00eda de los Quintos a\u00f1os en donde el tema de la familia estuvo presente.<\/p>\n<p>En la oportunidad, las estudiantes tambi\u00e9n fueron acompa\u00f1adas por un grupo de apoderados de ambos cursos.<\/p>\n<p>\u00a0<\/p>\n\n\n<div class=\"wp-block-jetpack-tiled-gallery aligncenter is-style-rectangular\"><div class=\"tiled-gallery__gallery\"><div class=\"tiled-gallery__row\"><div class=\"tiled-gallery__col\" style=\"flex-basis:62.92468%\"><figure class=\"tiled-gallery__item\"><img decoding=\"async\" data-attachment-id=\"26365\" data-permalink=\"https:\/\/www.cisa-arica.cl\/wp1\/2024\/08\/22\/misa-de-los-5tos-basicos\/whatsapp-image-2024-08-22-at-1-41-27-pm\/\" data-orig-file=\"https:\/\/www.cisa-arica.cl\/wp1\/wp-content\/uploads\/2024\/08\/WhatsApp-Image-2024-08-22-at-1.41.27-PM.jpeg\" data-orig-size=\"960,1280\" data-comments-opened=\"0\" data-image-meta=\"{&quot;aperture&quot;:&quot;0&quot;,&quot;credit&quot;:&quot;&quot;,&quot;camera&quot;:&quot;&quot;,&quot;caption&quot;:&quot;&quot;,&quot;created_timestamp&quot;:&quot;0&quot;,&quot;copyright&quot;:&quot;&quot;,&quot;focal_length&quot;:&quot;0&quot;,&quot;iso&quot;:&quot;0&quot;,&quot;shutter_speed&quot;:&quot;0&quot;,&quot;title&quot;:&quot;&quot;,&quot;orientation&quot;:&quot;0&quot;}\" data-image-title=\"WhatsApp-Image-2024-08-22-at-1.41.27-PM\" data-image-description=\"\" data-image-caption=\"\" data-large-file=\"https:\/\/www.cisa-arica.cl\/wp1\/wp-content\/uploads\/2024\/08\/WhatsApp-Image-2024-08-22-at-1.41.27-PM-450x600.jpeg\" data-attachment-id=\"26365\" data-permalink=\"https:\/\/www.cisa-arica.cl\/wp1\/2024\/08\/22\/misa-de-los-5tos-basicos\/whatsapp-image-2024-08-22-at-1-41-27-pm\/\" data-orig-file=\"https:\/\/www.cisa-arica.cl\/wp1\/wp-content\/uploads\/2024\/08\/WhatsApp-Image-2024-08-22-at-1.41.27-PM.jpeg\" data-orig-size=\"960,1280\" data-comments-opened=\"0\" data-image-meta=\"{&quot;aperture&quot;:&quot;0&quot;,&quot;credit&quot;:&quot;&quot;,&quot;camera&quot;:&quot;&quot;,&quot;caption&quot;:&quot;&quot;,&quot;created_timestamp&quot;:&quot;0&quot;,&quot;copyright&quot;:&quot;&quot;,&quot;focal_length&quot;:&quot;0&quot;,&quot;iso&quot;:&quot;0&quot;,&quot;shutter_speed&quot;:&quot;0&quot;,&quot;title&quot;:&quot;&quot;,&quot;orientation&quot;:&quot;0&quot;}\" data-image-title=\"WhatsApp-Image-2024-08-22-at-1.41.27-PM\" data-image-description=\"\" data-image-caption=\"\" data-large-file=\"https:\/\/www.cisa-arica.cl\/wp1\/wp-content\/uploads\/2024\/08\/WhatsApp-Image-2024-08-22-at-1.41.27-PM-450x600.jpeg\" role=\"button\" tabindex=\"0\" aria-label=\"Abrir la imagen 1 de 8 en pantalla completa\"srcset=\"https:\/\/i1.wp.com\/www.cisa-arica.cl\/wp1\/wp-content\/uploads\/2024\/08\/WhatsApp-Image-2024-08-22-at-1.41.27-PM-450x600.jpeg?strip=info&#038;w=600&#038;ssl=1 600w,https:\/\/i1.wp.com\/www.cisa-arica.cl\/wp1\/wp-content\/uploads\/2024\/08\/WhatsApp-Image-2024-08-22-at-1.41.27-PM-450x600.jpeg?strip=info&#038;w=900&#038;ssl=1 900w,https:\/\/i1.wp.com\/www.cisa-arica.cl\/wp1\/wp-content\/uploads\/2024\/08\/WhatsApp-Image-2024-08-22-at-1.41.27-PM-450x600.jpeg?strip=info&#038;w=960&#038;ssl=1 960w\" alt=\"\" data-height=\"1280\" data-id=\"26365\" data-link=\"https:\/\/www.cisa-arica.cl\/wp1\/?attachment_id=26365\" data-url=\"https:\/\/www.cisa-arica.cl\/wp1\/wp-content\/uploads\/2024\/08\/WhatsApp-Image-2024-08-22-at-1.41.27-PM-450x600.jpeg\" data-width=\"960\" src=\"https:\/\/i1.wp.com\/www.cisa-arica.cl\/wp1\/wp-content\/uploads\/2024\/08\/WhatsApp-Image-2024-08-22-at-1.41.27-PM-450x600.jpeg?ssl=1\" data-amp-layout=\"responsive\"\/><\/figure><\/div><div class=\"tiled-gallery__col\" style=\"flex-basis:37.07532%\"><figure class=\"tiled-gallery__item\"><img decoding=\"async\" data-attachment-id=\"26366\" data-permalink=\"https:\/\/www.cisa-arica.cl\/wp1\/2024\/08\/22\/misa-de-los-5tos-basicos\/whatsapp-image-2024-08-22-at-1-41-26-pm\/\" data-orig-file=\"https:\/\/www.cisa-arica.cl\/wp1\/wp-content\/uploads\/2024\/08\/WhatsApp-Image-2024-08-22-at-1.41.26-PM.jpeg\" data-orig-size=\"1280,960\" data-comments-opened=\"0\" data-image-meta=\"{&quot;aperture&quot;:&quot;0&quot;,&quot;credit&quot;:&quot;&quot;,&quot;camera&quot;:&quot;&quot;,&quot;caption&quot;:&quot;&quot;,&quot;created_timestamp&quot;:&quot;0&quot;,&quot;copyright&quot;:&quot;&quot;,&quot;focal_length&quot;:&quot;0&quot;,&quot;iso&quot;:&quot;0&quot;,&quot;shutter_speed&quot;:&quot;0&quot;,&quot;title&quot;:&quot;&quot;,&quot;orientation&quot;:&quot;0&quot;}\" data-image-title=\"WhatsApp-Image-2024-08-22-at-1.41.26-PM\" data-image-description=\"\" data-image-caption=\"\" data-large-file=\"https:\/\/www.cisa-arica.cl\/wp1\/wp-content\/uploads\/2024\/08\/WhatsApp-Image-2024-08-22-at-1.41.26-PM-600x450.jpeg\" data-attachment-id=\"26366\" data-permalink=\"https:\/\/www.cisa-arica.cl\/wp1\/2024\/08\/22\/misa-de-los-5tos-basicos\/whatsapp-image-2024-08-22-at-1-41-26-pm\/\" data-orig-file=\"https:\/\/www.cisa-arica.cl\/wp1\/wp-content\/uploads\/2024\/08\/WhatsApp-Image-2024-08-22-at-1.41.26-PM.jpeg\" data-orig-size=\"1280,960\" data-comments-opened=\"0\" data-image-meta=\"{&quot;aperture&quot;:&quot;0&quot;,&quot;credit&quot;:&quot;&quot;,&quot;camera&quot;:&quot;&quot;,&quot;caption&quot;:&quot;&quot;,&quot;created_timestamp&quot;:&quot;0&quot;,&quot;copyright&quot;:&quot;&quot;,&quot;focal_length&quot;:&quot;0&quot;,&quot;iso&quot;:&quot;0&quot;,&quot;shutter_speed&quot;:&quot;0&quot;,&quot;title&quot;:&quot;&quot;,&quot;orientation&quot;:&quot;0&quot;}\" data-image-title=\"WhatsApp-Image-2024-08-22-at-1.41.26-PM\" data-image-description=\"\" data-image-caption=\"\" data-large-file=\"https:\/\/www.cisa-arica.cl\/wp1\/wp-content\/uploads\/2024\/08\/WhatsApp-Image-2024-08-22-at-1.41.26-PM-600x450.jpeg\" role=\"button\" tabindex=\"0\" aria-label=\"Abrir la imagen 2 de 8 en pantalla completa\"srcset=\"https:\/\/i0.wp.com\/www.cisa-arica.cl\/wp1\/wp-content\/uploads\/2024\/08\/WhatsApp-Image-2024-08-22-at-1.41.26-PM-600x450.jpeg?strip=info&#038;w=600&#038;ssl=1 600w,https:\/\/i0.wp.com\/www.cisa-arica.cl\/wp1\/wp-content\/uploads\/2024\/08\/WhatsApp-Image-2024-08-22-at-1.41.26-PM-600x450.jpeg?strip=info&#038;w=900&#038;ssl=1 900w,https:\/\/i0.wp.com\/www.cisa-arica.cl\/wp1\/wp-content\/uploads\/2024\/08\/WhatsApp-Image-2024-08-22-at-1.41.26-PM-600x450.jpeg?strip=info&#038;w=1200&#038;ssl=1 1200w,https:\/\/i0.wp.com\/www.cisa-arica.cl\/wp1\/wp-content\/uploads\/2024\/08\/WhatsApp-Image-2024-08-22-at-1.41.26-PM-600x450.jpeg?strip=info&#038;w=1280&#038;ssl=1 1280w\" alt=\"\" data-height=\"960\" data-id=\"26366\" data-link=\"https:\/\/www.cisa-arica.cl\/wp1\/?attachment_id=26366\" data-url=\"https:\/\/www.cisa-arica.cl\/wp1\/wp-content\/uploads\/2024\/08\/WhatsApp-Image-2024-08-22-at-1.41.26-PM-600x450.jpeg\" data-width=\"1280\" src=\"https:\/\/i0.wp.com\/www.cisa-arica.cl\/wp1\/wp-content\/uploads\/2024\/08\/WhatsApp-Image-2024-08-22-at-1.41.26-PM-600x450.jpeg?ssl=1\" data-amp-layout=\"responsive\"\/><\/figure><figure class=\"tiled-gallery__item\"><img decoding=\"async\" data-attachment-id=\"26367\" data-permalink=\"https:\/\/www.cisa-arica.cl\/wp1\/2024\/08\/22\/misa-de-los-5tos-basicos\/whatsapp-image-2024-08-22-at-1-41-26-pm-3\/\" data-orig-file=\"https:\/\/www.cisa-arica.cl\/wp1\/wp-content\/uploads\/2024\/08\/WhatsApp-Image-2024-08-22-at-1.41.26-PM-3.jpeg\" data-orig-size=\"1280,960\" data-comments-opened=\"0\" data-image-meta=\"{&quot;aperture&quot;:&quot;0&quot;,&quot;credit&quot;:&quot;&quot;,&quot;camera&quot;:&quot;&quot;,&quot;caption&quot;:&quot;&quot;,&quot;created_timestamp&quot;:&quot;0&quot;,&quot;copyright&quot;:&quot;&quot;,&quot;focal_length&quot;:&quot;0&quot;,&quot;iso&quot;:&quot;0&quot;,&quot;shutter_speed&quot;:&quot;0&quot;,&quot;title&quot;:&quot;&quot;,&quot;orientation&quot;:&quot;0&quot;}\" data-image-title=\"WhatsApp-Image-2024-08-22-at-1.41.26-PM-3\" data-image-description=\"\" data-image-caption=\"\" data-large-file=\"https:\/\/www.cisa-arica.cl\/wp1\/wp-content\/uploads\/2024\/08\/WhatsApp-Image-2024-08-22-at-1.41.26-PM-3-600x450.jpeg\" data-attachment-id=\"26367\" data-permalink=\"https:\/\/www.cisa-arica.cl\/wp1\/2024\/08\/22\/misa-de-los-5tos-basicos\/whatsapp-image-2024-08-22-at-1-41-26-pm-3\/\" data-orig-file=\"https:\/\/www.cisa-arica.cl\/wp1\/wp-content\/uploads\/2024\/08\/WhatsApp-Image-2024-08-22-at-1.41.26-PM-3.jpeg\" data-orig-size=\"1280,960\" data-comments-opened=\"0\" data-image-meta=\"{&quot;aperture&quot;:&quot;0&quot;,&quot;credit&quot;:&quot;&quot;,&quot;camera&quot;:&quot;&quot;,&quot;caption&quot;:&quot;&quot;,&quot;created_timestamp&quot;:&quot;0&quot;,&quot;copyright&quot;:&quot;&quot;,&quot;focal_length&quot;:&quot;0&quot;,&quot;iso&quot;:&quot;0&quot;,&quot;shutter_speed&quot;:&quot;0&quot;,&quot;title&quot;:&quot;&quot;,&quot;orientation&quot;:&quot;0&quot;}\" data-image-title=\"WhatsApp-Image-2024-08-22-at-1.41.26-PM-3\" data-image-description=\"\" data-image-caption=\"\" data-large-file=\"https:\/\/www.cisa-arica.cl\/wp1\/wp-content\/uploads\/2024\/08\/WhatsApp-Image-2024-08-22-at-1.41.26-PM-3-600x450.jpeg\" role=\"button\" tabindex=\"0\" aria-label=\"Abrir la imagen 3 de 8 en pantalla completa\"srcset=\"https:\/\/i2.wp.com\/www.cisa-arica.cl\/wp1\/wp-content\/uploads\/2024\/08\/WhatsApp-Image-2024-08-22-at-1.41.26-PM-3-600x450.jpeg?strip=info&#038;w=600&#038;ssl=1 600w,https:\/\/i2.wp.com\/www.cisa-arica.cl\/wp1\/wp-content\/uploads\/2024\/08\/WhatsApp-Image-2024-08-22-at-1.41.26-PM-3-600x450.jpeg?strip=info&#038;w=900&#038;ssl=1 900w,https:\/\/i2.wp.com\/www.cisa-arica.cl\/wp1\/wp-content\/uploads\/2024\/08\/WhatsApp-Image-2024-08-22-at-1.41.26-PM-3-600x450.jpeg?strip=info&#038;w=1200&#038;ssl=1 1200w,https:\/\/i2.wp.com\/www.cisa-arica.cl\/wp1\/wp-content\/uploads\/2024\/08\/WhatsApp-Image-2024-08-22-at-1.41.26-PM-3-600x450.jpeg?strip=info&#038;w=1280&#038;ssl=1 1280w\" alt=\"\" data-height=\"960\" data-id=\"26367\" data-link=\"https:\/\/www.cisa-arica.cl\/wp1\/?attachment_id=26367\" data-url=\"https:\/\/www.cisa-arica.cl\/wp1\/wp-content\/uploads\/2024\/08\/WhatsApp-Image-2024-08-22-at-1.41.26-PM-3-600x450.jpeg\" data-width=\"1280\" src=\"https:\/\/i2.wp.com\/www.cisa-arica.cl\/wp1\/wp-content\/uploads\/2024\/08\/WhatsApp-Image-2024-08-22-at-1.41.26-PM-3-600x450.jpeg?ssl=1\" data-amp-layout=\"responsive\"\/><\/figure><figure class=\"tiled-gallery__item\"><img decoding=\"async\" data-attachment-id=\"26369\" data-permalink=\"https:\/\/www.cisa-arica.cl\/wp1\/2024\/08\/22\/misa-de-los-5tos-basicos\/whatsapp-image-2024-08-22-at-1-41-26-pm-1\/\" data-orig-file=\"https:\/\/www.cisa-arica.cl\/wp1\/wp-content\/uploads\/2024\/08\/WhatsApp-Image-2024-08-22-at-1.41.26-PM-1.jpeg\" data-orig-size=\"1280,960\" data-comments-opened=\"0\" data-image-meta=\"{&quot;aperture&quot;:&quot;0&quot;,&quot;credit&quot;:&quot;&quot;,&quot;camera&quot;:&quot;&quot;,&quot;caption&quot;:&quot;&quot;,&quot;created_timestamp&quot;:&quot;0&quot;,&quot;copyright&quot;:&quot;&quot;,&quot;focal_length&quot;:&quot;0&quot;,&quot;iso&quot;:&quot;0&quot;,&quot;shutter_speed&quot;:&quot;0&quot;,&quot;title&quot;:&quot;&quot;,&quot;orientation&quot;:&quot;0&quot;}\" data-image-title=\"WhatsApp-Image-2024-08-22-at-1.41.26-PM-1\" data-image-description=\"\" data-image-caption=\"\" data-large-file=\"https:\/\/www.cisa-arica.cl\/wp1\/wp-content\/uploads\/2024\/08\/WhatsApp-Image-2024-08-22-at-1.41.26-PM-1-600x450.jpeg\" data-attachment-id=\"26369\" data-permalink=\"https:\/\/www.cisa-arica.cl\/wp1\/2024\/08\/22\/misa-de-los-5tos-basicos\/whatsapp-image-2024-08-22-at-1-41-26-pm-1\/\" data-orig-file=\"https:\/\/www.cisa-arica.cl\/wp1\/wp-content\/uploads\/2024\/08\/WhatsApp-Image-2024-08-22-at-1.41.26-PM-1.jpeg\" data-orig-size=\"1280,960\" data-comments-opened=\"0\" data-image-meta=\"{&quot;aperture&quot;:&quot;0&quot;,&quot;credit&quot;:&quot;&quot;,&quot;camera&quot;:&quot;&quot;,&quot;caption&quot;:&quot;&quot;,&quot;created_timestamp&quot;:&quot;0&quot;,&quot;copyright&quot;:&quot;&quot;,&quot;focal_length&quot;:&quot;0&quot;,&quot;iso&quot;:&quot;0&quot;,&quot;shutter_speed&quot;:&quot;0&quot;,&quot;title&quot;:&quot;&quot;,&quot;orientation&quot;:&quot;0&quot;}\" data-image-title=\"WhatsApp-Image-2024-08-22-at-1.41.26-PM-1\" data-image-description=\"\" data-image-caption=\"\" data-large-file=\"https:\/\/www.cisa-arica.cl\/wp1\/wp-content\/uploads\/2024\/08\/WhatsApp-Image-2024-08-22-at-1.41.26-PM-1-600x450.jpeg\" role=\"button\" tabindex=\"0\" aria-label=\"Abrir la imagen 4 de 8 en pantalla completa\"srcset=\"https:\/\/i2.wp.com\/www.cisa-arica.cl\/wp1\/wp-content\/uploads\/2024\/08\/WhatsApp-Image-2024-08-22-at-1.41.26-PM-1-600x450.jpeg?strip=info&#038;w=600&#038;ssl=1 600w,https:\/\/i2.wp.com\/www.cisa-arica.cl\/wp1\/wp-content\/uploads\/2024\/08\/WhatsApp-Image-2024-08-22-at-1.41.26-PM-1-600x450.jpeg?strip=info&#038;w=900&#038;ssl=1 900w,https:\/\/i2.wp.com\/www.cisa-arica.cl\/wp1\/wp-content\/uploads\/2024\/08\/WhatsApp-Image-2024-08-22-at-1.41.26-PM-1-600x450.jpeg?strip=info&#038;w=1200&#038;ssl=1 1200w,https:\/\/i2.wp.com\/www.cisa-arica.cl\/wp1\/wp-content\/uploads\/2024\/08\/WhatsApp-Image-2024-08-22-at-1.41.26-PM-1-600x450.jpeg?strip=info&#038;w=1280&#038;ssl=1 1280w\" alt=\"\" data-height=\"960\" data-id=\"26369\" data-link=\"https:\/\/www.cisa-arica.cl\/wp1\/?attachment_id=26369\" data-url=\"https:\/\/www.cisa-arica.cl\/wp1\/wp-content\/uploads\/2024\/08\/WhatsApp-Image-2024-08-22-at-1.41.26-PM-1-600x450.jpeg\" data-width=\"1280\" src=\"https:\/\/i2.wp.com\/www.cisa-arica.cl\/wp1\/wp-content\/uploads\/2024\/08\/WhatsApp-Image-2024-08-22-at-1.41.26-PM-1-600x450.jpeg?ssl=1\" data-amp-layout=\"responsive\"\/><\/figure><\/div><\/div><div class=\"tiled-gallery__row\"><div class=\"tiled-gallery__col\" style=\"flex-basis:37.07532%\"><figure class=\"tiled-gallery__item\"><img decoding=\"async\" data-attachment-id=\"26370\" data-permalink=\"https:\/\/www.cisa-arica.cl\/wp1\/2024\/08\/22\/misa-de-los-5tos-basicos\/whatsapp-image-2024-08-22-at-1-06-06-pm\/\" data-orig-file=\"https:\/\/www.cisa-arica.cl\/wp1\/wp-content\/uploads\/2024\/08\/WhatsApp-Image-2024-08-22-at-1.06.06-PM.jpeg\" data-orig-size=\"1280,960\" data-comments-opened=\"0\" data-image-meta=\"{&quot;aperture&quot;:&quot;0&quot;,&quot;credit&quot;:&quot;&quot;,&quot;camera&quot;:&quot;&quot;,&quot;caption&quot;:&quot;&quot;,&quot;created_timestamp&quot;:&quot;0&quot;,&quot;copyright&quot;:&quot;&quot;,&quot;focal_length&quot;:&quot;0&quot;,&quot;iso&quot;:&quot;0&quot;,&quot;shutter_speed&quot;:&quot;0&quot;,&quot;title&quot;:&quot;&quot;,&quot;orientation&quot;:&quot;0&quot;}\" data-image-title=\"WhatsApp-Image-2024-08-22-at-1.06.06-PM\" data-image-description=\"\" data-image-caption=\"\" data-large-file=\"https:\/\/www.cisa-arica.cl\/wp1\/wp-content\/uploads\/2024\/08\/WhatsApp-Image-2024-08-22-at-1.06.06-PM-600x450.jpeg\" data-attachment-id=\"26370\" data-permalink=\"https:\/\/www.cisa-arica.cl\/wp1\/2024\/08\/22\/misa-de-los-5tos-basicos\/whatsapp-image-2024-08-22-at-1-06-06-pm\/\" data-orig-file=\"https:\/\/www.cisa-arica.cl\/wp1\/wp-content\/uploads\/2024\/08\/WhatsApp-Image-2024-08-22-at-1.06.06-PM.jpeg\" data-orig-size=\"1280,960\" data-comments-opened=\"0\" data-image-meta=\"{&quot;aperture&quot;:&quot;0&quot;,&quot;credit&quot;:&quot;&quot;,&quot;camera&quot;:&quot;&quot;,&quot;caption&quot;:&quot;&quot;,&quot;created_timestamp&quot;:&quot;0&quot;,&quot;copyright&quot;:&quot;&quot;,&quot;focal_length&quot;:&quot;0&quot;,&quot;iso&quot;:&quot;0&quot;,&quot;shutter_speed&quot;:&quot;0&quot;,&quot;title&quot;:&quot;&quot;,&quot;orientation&quot;:&quot;0&quot;}\" data-image-title=\"WhatsApp-Image-2024-08-22-at-1.06.06-PM\" data-image-description=\"\" data-image-caption=\"\" data-large-file=\"https:\/\/www.cisa-arica.cl\/wp1\/wp-content\/uploads\/2024\/08\/WhatsApp-Image-2024-08-22-at-1.06.06-PM-600x450.jpeg\" role=\"button\" tabindex=\"0\" aria-label=\"Abrir la imagen 5 de 8 en pantalla completa\"srcset=\"https:\/\/i2.wp.com\/www.cisa-arica.cl\/wp1\/wp-content\/uploads\/2024\/08\/WhatsApp-Image-2024-08-22-at-1.06.06-PM-600x450.jpeg?strip=info&#038;w=600&#038;ssl=1 600w,https:\/\/i2.wp.com\/www.cisa-arica.cl\/wp1\/wp-content\/uploads\/2024\/08\/WhatsApp-Image-2024-08-22-at-1.06.06-PM-600x450.jpeg?strip=info&#038;w=900&#038;ssl=1 900w,https:\/\/i2.wp.com\/www.cisa-arica.cl\/wp1\/wp-content\/uploads\/2024\/08\/WhatsApp-Image-2024-08-22-at-1.06.06-PM-600x450.jpeg?strip=info&#038;w=1200&#038;ssl=1 1200w,https:\/\/i2.wp.com\/www.cisa-arica.cl\/wp1\/wp-content\/uploads\/2024\/08\/WhatsApp-Image-2024-08-22-at-1.06.06-PM-600x450.jpeg?strip=info&#038;w=1280&#038;ssl=1 1280w\" alt=\"\" data-height=\"960\" data-id=\"26370\" data-link=\"https:\/\/www.cisa-arica.cl\/wp1\/?attachment_id=26370\" data-url=\"https:\/\/www.cisa-arica.cl\/wp1\/wp-content\/uploads\/2024\/08\/WhatsApp-Image-2024-08-22-at-1.06.06-PM-600x450.jpeg\" data-width=\"1280\" src=\"https:\/\/i2.wp.com\/www.cisa-arica.cl\/wp1\/wp-content\/uploads\/2024\/08\/WhatsApp-Image-2024-08-22-at-1.06.06-PM-600x450.jpeg?ssl=1\" data-amp-layout=\"responsive\"\/><\/figure><figure class=\"tiled-gallery__item\"><img decoding=\"async\" data-attachment-id=\"26371\" data-permalink=\"https:\/\/www.cisa-arica.cl\/wp1\/2024\/08\/22\/misa-de-los-5tos-basicos\/whatsapp-image-2024-08-22-at-1-06-06-pm-1\/\" data-orig-file=\"https:\/\/www.cisa-arica.cl\/wp1\/wp-content\/uploads\/2024\/08\/WhatsApp-Image-2024-08-22-at-1.06.06-PM-1.jpeg\" data-orig-size=\"1280,960\" data-comments-opened=\"0\" data-image-meta=\"{&quot;aperture&quot;:&quot;0&quot;,&quot;credit&quot;:&quot;&quot;,&quot;camera&quot;:&quot;&quot;,&quot;caption&quot;:&quot;&quot;,&quot;created_timestamp&quot;:&quot;0&quot;,&quot;copyright&quot;:&quot;&quot;,&quot;focal_length&quot;:&quot;0&quot;,&quot;iso&quot;:&quot;0&quot;,&quot;shutter_speed&quot;:&quot;0&quot;,&quot;title&quot;:&quot;&quot;,&quot;orientation&quot;:&quot;0&quot;}\" data-image-title=\"WhatsApp-Image-2024-08-22-at-1.06.06-PM-1\" data-image-description=\"\" data-image-caption=\"\" data-large-file=\"https:\/\/www.cisa-arica.cl\/wp1\/wp-content\/uploads\/2024\/08\/WhatsApp-Image-2024-08-22-at-1.06.06-PM-1-600x450.jpeg\" data-attachment-id=\"26371\" data-permalink=\"https:\/\/www.cisa-arica.cl\/wp1\/2024\/08\/22\/misa-de-los-5tos-basicos\/whatsapp-image-2024-08-22-at-1-06-06-pm-1\/\" data-orig-file=\"https:\/\/www.cisa-arica.cl\/wp1\/wp-content\/uploads\/2024\/08\/WhatsApp-Image-2024-08-22-at-1.06.06-PM-1.jpeg\" data-orig-size=\"1280,960\" data-comments-opened=\"0\" data-image-meta=\"{&quot;aperture&quot;:&quot;0&quot;,&quot;credit&quot;:&quot;&quot;,&quot;camera&quot;:&quot;&quot;,&quot;caption&quot;:&quot;&quot;,&quot;created_timestamp&quot;:&quot;0&quot;,&quot;copyright&quot;:&quot;&quot;,&quot;focal_length&quot;:&quot;0&quot;,&quot;iso&quot;:&quot;0&quot;,&quot;shutter_speed&quot;:&quot;0&quot;,&quot;title&quot;:&quot;&quot;,&quot;orientation&quot;:&quot;0&quot;}\" data-image-title=\"WhatsApp-Image-2024-08-22-at-1.06.06-PM-1\" data-image-description=\"\" data-image-caption=\"\" data-large-file=\"https:\/\/www.cisa-arica.cl\/wp1\/wp-content\/uploads\/2024\/08\/WhatsApp-Image-2024-08-22-at-1.06.06-PM-1-600x450.jpeg\" role=\"button\" tabindex=\"0\" aria-label=\"Abrir la imagen 6 de 8 en pantalla completa\"srcset=\"https:\/\/i1.wp.com\/www.cisa-arica.cl\/wp1\/wp-content\/uploads\/2024\/08\/WhatsApp-Image-2024-08-22-at-1.06.06-PM-1-600x450.jpeg?strip=info&#038;w=600&#038;ssl=1 600w,https:\/\/i1.wp.com\/www.cisa-arica.cl\/wp1\/wp-content\/uploads\/2024\/08\/WhatsApp-Image-2024-08-22-at-1.06.06-PM-1-600x450.jpeg?strip=info&#038;w=900&#038;ssl=1 900w,https:\/\/i1.wp.com\/www.cisa-arica.cl\/wp1\/wp-content\/uploads\/2024\/08\/WhatsApp-Image-2024-08-22-at-1.06.06-PM-1-600x450.jpeg?strip=info&#038;w=1200&#038;ssl=1 1200w,https:\/\/i1.wp.com\/www.cisa-arica.cl\/wp1\/wp-content\/uploads\/2024\/08\/WhatsApp-Image-2024-08-22-at-1.06.06-PM-1-600x450.jpeg?strip=info&#038;w=1280&#038;ssl=1 1280w\" alt=\"\" data-height=\"960\" data-id=\"26371\" data-link=\"https:\/\/www.cisa-arica.cl\/wp1\/?attachment_id=26371\" data-url=\"https:\/\/www.cisa-arica.cl\/wp1\/wp-content\/uploads\/2024\/08\/WhatsApp-Image-2024-08-22-at-1.06.06-PM-1-600x450.jpeg\" data-width=\"1280\" src=\"https:\/\/i1.wp.com\/www.cisa-arica.cl\/wp1\/wp-content\/uploads\/2024\/08\/WhatsApp-Image-2024-08-22-at-1.06.06-PM-1-600x450.jpeg?ssl=1\" data-amp-layout=\"responsive\"\/><\/figure><figure class=\"tiled-gallery__item\"><img decoding=\"async\" data-attachment-id=\"26372\" data-permalink=\"https:\/\/www.cisa-arica.cl\/wp1\/2024\/08\/22\/misa-de-los-5tos-basicos\/whatsapp-image-2024-08-22-at-1-06-05-pm\/\" data-orig-file=\"https:\/\/www.cisa-arica.cl\/wp1\/wp-content\/uploads\/2024\/08\/WhatsApp-Image-2024-08-22-at-1.06.05-PM.jpeg\" data-orig-size=\"1280,960\" data-comments-opened=\"0\" data-image-meta=\"{&quot;aperture&quot;:&quot;0&quot;,&quot;credit&quot;:&quot;&quot;,&quot;camera&quot;:&quot;&quot;,&quot;caption&quot;:&quot;&quot;,&quot;created_timestamp&quot;:&quot;0&quot;,&quot;copyright&quot;:&quot;&quot;,&quot;focal_length&quot;:&quot;0&quot;,&quot;iso&quot;:&quot;0&quot;,&quot;shutter_speed&quot;:&quot;0&quot;,&quot;title&quot;:&quot;&quot;,&quot;orientation&quot;:&quot;0&quot;}\" data-image-title=\"WhatsApp-Image-2024-08-22-at-1.06.05-PM\" data-image-description=\"\" data-image-caption=\"\" data-large-file=\"https:\/\/www.cisa-arica.cl\/wp1\/wp-content\/uploads\/2024\/08\/WhatsApp-Image-2024-08-22-at-1.06.05-PM-600x450.jpeg\" data-attachment-id=\"26372\" data-permalink=\"https:\/\/www.cisa-arica.cl\/wp1\/2024\/08\/22\/misa-de-los-5tos-basicos\/whatsapp-image-2024-08-22-at-1-06-05-pm\/\" data-orig-file=\"https:\/\/www.cisa-arica.cl\/wp1\/wp-content\/uploads\/2024\/08\/WhatsApp-Image-2024-08-22-at-1.06.05-PM.jpeg\" data-orig-size=\"1280,960\" data-comments-opened=\"0\" data-image-meta=\"{&quot;aperture&quot;:&quot;0&quot;,&quot;credit&quot;:&quot;&quot;,&quot;camera&quot;:&quot;&quot;,&quot;caption&quot;:&quot;&quot;,&quot;created_timestamp&quot;:&quot;0&quot;,&quot;copyright&quot;:&quot;&quot;,&quot;focal_length&quot;:&quot;0&quot;,&quot;iso&quot;:&quot;0&quot;,&quot;shutter_speed&quot;:&quot;0&quot;,&quot;title&quot;:&quot;&quot;,&quot;orientation&quot;:&quot;0&quot;}\" data-image-title=\"WhatsApp-Image-2024-08-22-at-1.06.05-PM\" data-image-description=\"\" data-image-caption=\"\" data-large-file=\"https:\/\/www.cisa-arica.cl\/wp1\/wp-content\/uploads\/2024\/08\/WhatsApp-Image-2024-08-22-at-1.06.05-PM-600x450.jpeg\" role=\"button\" tabindex=\"0\" aria-label=\"Abrir la imagen 7 de 8 en pantalla completa\"srcset=\"https:\/\/i1.wp.com\/www.cisa-arica.cl\/wp1\/wp-content\/uploads\/2024\/08\/WhatsApp-Image-2024-08-22-at-1.06.05-PM-600x450.jpeg?strip=info&#038;w=600&#038;ssl=1 600w,https:\/\/i1.wp.com\/www.cisa-arica.cl\/wp1\/wp-content\/uploads\/2024\/08\/WhatsApp-Image-2024-08-22-at-1.06.05-PM-600x450.jpeg?strip=info&#038;w=900&#038;ssl=1 900w,https:\/\/i1.wp.com\/www.cisa-arica.cl\/wp1\/wp-content\/uploads\/2024\/08\/WhatsApp-Image-2024-08-22-at-1.06.05-PM-600x450.jpeg?strip=info&#038;w=1200&#038;ssl=1 1200w,https:\/\/i1.wp.com\/www.cisa-arica.cl\/wp1\/wp-content\/uploads\/2024\/08\/WhatsApp-Image-2024-08-22-at-1.06.05-PM-600x450.jpeg?strip=info&#038;w=1280&#038;ssl=1 1280w\" alt=\"\" data-height=\"960\" data-id=\"26372\" data-link=\"https:\/\/www.cisa-arica.cl\/wp1\/?attachment_id=26372\" data-url=\"https:\/\/www.cisa-arica.cl\/wp1\/wp-content\/uploads\/2024\/08\/WhatsApp-Image-2024-08-22-at-1.06.05-PM-600x450.jpeg\" data-width=\"1280\" src=\"https:\/\/i1.wp.com\/www.cisa-arica.cl\/wp1\/wp-content\/uploads\/2024\/08\/WhatsApp-Image-2024-08-22-at-1.06.05-PM-600x450.jpeg?ssl=1\" data-amp-layout=\"responsive\"\/><\/figure><\/div><div class=\"tiled-gallery__col\" style=\"flex-basis:62.92468%\"><figure class=\"tiled-gallery__item\"><img decoding=\"async\" data-attachment-id=\"26373\" data-permalink=\"https:\/\/www.cisa-arica.cl\/wp1\/2024\/08\/22\/misa-de-los-5tos-basicos\/whatsapp-image-2024-08-22-at-1-06-04-pm\/\" data-orig-file=\"https:\/\/www.cisa-arica.cl\/wp1\/wp-content\/uploads\/2024\/08\/WhatsApp-Image-2024-08-22-at-1.06.04-PM.jpeg\" data-orig-size=\"960,1280\" data-comments-opened=\"0\" data-image-meta=\"{&quot;aperture&quot;:&quot;0&quot;,&quot;credit&quot;:&quot;&quot;,&quot;camera&quot;:&quot;&quot;,&quot;caption&quot;:&quot;&quot;,&quot;created_timestamp&quot;:&quot;0&quot;,&quot;copyright&quot;:&quot;&quot;,&quot;focal_length&quot;:&quot;0&quot;,&quot;iso&quot;:&quot;0&quot;,&quot;shutter_speed&quot;:&quot;0&quot;,&quot;title&quot;:&quot;&quot;,&quot;orientation&quot;:&quot;0&quot;}\" data-image-title=\"WhatsApp-Image-2024-08-22-at-1.06.04-PM\" data-image-description=\"\" data-image-caption=\"\" data-large-file=\"https:\/\/www.cisa-arica.cl\/wp1\/wp-content\/uploads\/2024\/08\/WhatsApp-Image-2024-08-22-at-1.06.04-PM-450x600.jpeg\" data-attachment-id=\"26373\" data-permalink=\"https:\/\/www.cisa-arica.cl\/wp1\/2024\/08\/22\/misa-de-los-5tos-basicos\/whatsapp-image-2024-08-22-at-1-06-04-pm\/\" data-orig-file=\"https:\/\/www.cisa-arica.cl\/wp1\/wp-content\/uploads\/2024\/08\/WhatsApp-Image-2024-08-22-at-1.06.04-PM.jpeg\" data-orig-size=\"960,1280\" data-comments-opened=\"0\" data-image-meta=\"{&quot;aperture&quot;:&quot;0&quot;,&quot;credit&quot;:&quot;&quot;,&quot;camera&quot;:&quot;&quot;,&quot;caption&quot;:&quot;&quot;,&quot;created_timestamp&quot;:&quot;0&quot;,&quot;copyright&quot;:&quot;&quot;,&quot;focal_length&quot;:&quot;0&quot;,&quot;iso&quot;:&quot;0&quot;,&quot;shutter_speed&quot;:&quot;0&quot;,&quot;title&quot;:&quot;&quot;,&quot;orientation&quot;:&quot;0&quot;}\" data-image-title=\"WhatsApp-Image-2024-08-22-at-1.06.04-PM\" data-image-description=\"\" data-image-caption=\"\" data-large-file=\"https:\/\/www.cisa-arica.cl\/wp1\/wp-content\/uploads\/2024\/08\/WhatsApp-Image-2024-08-22-at-1.06.04-PM-450x600.jpeg\" role=\"button\" tabindex=\"0\" aria-label=\"Abrir la imagen 8 de 8 en pantalla completa\"srcset=\"https:\/\/i2.wp.com\/www.cisa-arica.cl\/wp1\/wp-content\/uploads\/2024\/08\/WhatsApp-Image-2024-08-22-at-1.06.04-PM-450x600.jpeg?strip=info&#038;w=600&#038;ssl=1 600w,https:\/\/i2.wp.com\/www.cisa-arica.cl\/wp1\/wp-content\/uploads\/2024\/08\/WhatsApp-Image-2024-08-22-at-1.06.04-PM-450x600.jpeg?strip=info&#038;w=900&#038;ssl=1 900w,https:\/\/i2.wp.com\/www.cisa-arica.cl\/wp1\/wp-content\/uploads\/2024\/08\/WhatsApp-Image-2024-08-22-at-1.06.04-PM-450x600.jpeg?strip=info&#038;w=960&#038;ssl=1 960w\" alt=\"\" data-height=\"1280\" data-id=\"26373\" data-link=\"https:\/\/www.cisa-arica.cl\/wp1\/?attachment_id=26373\" data-url=\"https:\/\/www.cisa-arica.cl\/wp1\/wp-content\/uploads\/2024\/08\/WhatsApp-Image-2024-08-22-at-1.06.04-PM-450x600.jpeg\" data-width=\"960\" src=\"https:\/\/i2.wp.com\/www.cisa-arica.cl\/wp1\/wp-content\/uploads\/2024\/08\/WhatsApp-Image-2024-08-22-at-1.06.04-PM-450x600.jpeg?ssl=1\" data-amp-layout=\"responsive\"\/><\/figure><\/div><\/div><\/div><\/div>\n","protected":false},"excerpt":{"rendered":"<p>Hoy jueves 22 de agosto se realiz\u00f3 la Eucarist\u00eda de los Quintos a\u00f1os en donde el tema de la familia estuvo presente. En la oportunidad, las estudiantes tambi\u00e9n fueron acompa\u00f1adas por un grupo de apoderados de ambos cursos. \u00a0<\/p>\n","protected":false},"author":5,"featured_media":26370,"comment_status":"closed","ping_status":"open","sticky":false,"template":"","format":"standard","meta":{"_jetpack_memberships_contains_paid_content":false,"footnotes":"","jetpack_publicize_message":"","jetpack_publicize_feature_enabled":true,"jetpack_social_post_already_shared":true,"jetpack_social_options":{"image_generator_settings":{"template":"highway","default_image_id":0,"font":"","enabled":false},"version":2}},"categories":[5],"tags":[],"class_list":["post-26363","post","type-post","status-publish","format-standard","has-post-thumbnail","hentry","category-uncategorized"],"jetpack_publicize_connections":[],"jetpack_featured_media_url":"https:\/\/www.cisa-arica.cl\/wp1\/wp-content\/uploads\/2024\/08\/WhatsApp-Image-2024-08-22-at-1.06.06-PM.jpeg","jetpack_sharing_enabled":true,"jetpack_shortlink":"https:\/\/wp.me\/p84wcz-6Rd","jetpack-related-posts":[],"_links":{"self":[{"href":"https:\/\/www.cisa-arica.cl\/wp1\/wp-json\/wp\/v2\/posts\/26363","targetHints":{"allow":["GET"]}}],"collection":[{"href":"https:\/\/www.cisa-arica.cl\/wp1\/wp-json\/wp\/v2\/posts"}],"about":[{"href":"https:\/\/www.cisa-arica.cl\/wp1\/wp-json\/wp\/v2\/types\/post"}],"author":[{"embeddable":true,"href":"https:\/\/www.cisa-arica.cl\/wp1\/wp-json\/wp\/v2\/users\/5"}],"replies":[{"embeddable":true,"href":"https:\/\/www.cisa-arica.cl\/wp1\/wp-json\/wp\/v2\/comments?post=26363"}],"version-history":[{"count":2,"href":"https:\/\/www.cisa-arica.cl\/wp1\/wp-json\/wp\/v2\/posts\/26363\/revisions"}],"predecessor-version":[{"id":26375,"href":"https:\/\/www.cisa-arica.cl\/wp1\/wp-json\/wp\/v2\/posts\/26363\/revisions\/26375"}],"wp:featuredmedia":[{"embeddable":true,"href":"https:\/\/www.cisa-arica.cl\/wp1\/wp-json\/wp\/v2\/media\/26370"}],"wp:attachment":[{"href":"https:\/\/www.cisa-arica.cl\/wp1\/wp-json\/wp\/v2\/media?parent=26363"}],"wp:term":[{"taxonomy":"category","embeddable":true,"href":"https:\/\/www.cisa-arica.cl\/wp1\/wp-json\/wp\/v2\/categories?post=26363"},{"taxonomy":"post_tag","embeddable":true,"href":"https:\/\/www.cisa-arica.cl\/wp1\/wp-json\/wp\/v2\/tags?post=26363"}],"curies":[{"name":"wp","href":"https:\/\/api.w.org\/{rel}","templated":true}]}}