{"id":26361,"date":"2024-08-20T21:52:04","date_gmt":"2024-08-21T01:52:04","guid":{"rendered":"https:\/\/www.cisa-arica.cl\/wp1\/?p=26361"},"modified":"2024-08-20T21:52:04","modified_gmt":"2024-08-21T01:52:04","slug":"academias-de-pastorales","status":"publish","type":"post","link":"https:\/\/www.cisa-arica.cl\/wp1\/2024\/08\/20\/academias-de-pastorales\/","title":{"rendered":"Academias de Pastorales"},"content":{"rendered":"<div class=\"gmail_default\">Se informo que nuestras academias de:<\/div>\n<div class=\"gmail_default\">\n<ul>\n<li><b>Catequesis I,<\/b><\/li>\n<li><b>Catequesis juvenil,<\/b><\/li>\n<li><b>Confirmaci\u00f3n I y<\/b><\/li>\n<li><b>Coro Lit\u00fargico<\/b><\/li>\n<\/ul>\n<\/div>\n<div>\n<div class=\"gmail_default\"><b>se encuentran funcionando de manera<\/b><b>NORMAL <\/b>en los d\u00edas y horarios ya establecidos, por lo tanto estaremos esperando con mucho \u00e1nimo a nuestras estudiantes a participar activamente de estas academias pastorales.<\/div>\n<div class=\"gmail_default\"><\/div>\n<div class=\"gmail_default\">Recordar que Catequesis I se re\u00fane en la sala de 6\u00baA; Catequesis juvenil se re\u00fane en la Sacrist\u00eda; Coro Lit\u00fargico se re\u00fane en la Capilla y Confirmaci\u00f3n I se re\u00fane en la Sacrist\u00eda.<\/div>\n<div class=\"gmail_default\"><\/div>\n<div class=\"gmail_default\">Desde ya agradezco su colaboraci\u00f3n.<\/div>\n<div class=\"gmail_default\"><\/div>\n<div class=\"gmail_default\">Saluda atentamente,<\/div>\n<\/div>\n<p><span class=\"gmail_signature_prefix\">&#8212; <\/span><\/p>\n<div class=\"gmail_signature\" dir=\"ltr\" data-smartmail=\"gmail_signature\">\n<div dir=\"ltr\"><img decoding=\"async\" class=\"x-apple-edge-to-edge\" src=\"https:\/\/ci3.googleusercontent.com\/mail-sig\/AIorK4zNFih0fkUmEn0bEhByFZUGxw0tsIGbxBEe0wZV9N0LH9oEff-miFT7JpwayCKaN3nlQR4ODHUWeE8A\" \/><\/div>\n<\/div>\n","protected":false},"excerpt":{"rendered":"<p>Se informo que nuestras academias de: Catequesis I, Catequesis juvenil, Confirmaci\u00f3n I y Coro Lit\u00fargico se encuentran funcionando de maneraNORMAL en los d\u00edas y horarios ya establecidos, por lo tanto estaremos esperando con mucho \u00e1nimo a nuestras estudiantes a participar activamente de estas academias pastorales. Recordar que Catequesis I se re\u00fane en la sala de <a class=\"read-more\" href=\"https:\/\/www.cisa-arica.cl\/wp1\/2024\/08\/20\/academias-de-pastorales\/\">Continuar leyendo<\/a><\/p>\n","protected":false},"author":5,"featured_media":25663,"comment_status":"closed","ping_status":"open","sticky":false,"template":"","format":"standard","meta":{"_jetpack_memberships_contains_paid_content":false,"footnotes":"","jetpack_publicize_message":"","jetpack_publicize_feature_enabled":true,"jetpack_social_post_already_shared":true,"jetpack_social_options":{"image_generator_settings":{"template":"highway","default_image_id":0,"font":"","enabled":false},"version":2}},"categories":[5],"tags":[],"class_list":["post-26361","post","type-post","status-publish","format-standard","has-post-thumbnail","hentry","category-uncategorized"],"jetpack_publicize_connections":[],"jetpack_featured_media_url":"https:\/\/www.cisa-arica.cl\/wp1\/wp-content\/uploads\/2024\/05\/IMG_0144-scaled.jpeg","jetpack_sharing_enabled":true,"jetpack_shortlink":"https:\/\/wp.me\/p84wcz-6Rb","jetpack-related-posts":[{"id":16966,"url":"https:\/\/www.cisa-arica.cl\/wp1\/2022\/08\/05\/reforzamiento-y-academias\/","url_meta":{"origin":26361,"position":0},"title":"Reforzamiento y Academias","author":"Jeannette Rivera","date":"5 de Agosto de 2022","format":false,"excerpt":"Debido a la extensi\u00f3n de la Jornada Escolar Completa, los Reforzamientos y Academias modificaron sus horarios a partir del lunes 08 de agosto. En el caso de los Reforzamientos estos se iniciar\u00e1n una vez finalizadas las clases de cada nivel manteniendo los mismos d\u00edas. Las Academias presentan las siguientes modificaciones:\u2026","rel":"","context":"Entrada similar ","block_context":{"text":"Entrada similar ","link":""},"img":{"alt_text":"","src":"https:\/\/i0.wp.com\/www.cisa-arica.cl\/wp1\/wp-content\/uploads\/2022\/06\/DSC_9859.jpg?resize=350%2C200&ssl=1","width":350,"height":200,"srcset":"https:\/\/i0.wp.com\/www.cisa-arica.cl\/wp1\/wp-content\/uploads\/2022\/06\/DSC_9859.jpg?resize=350%2C200&ssl=1 1x, https:\/\/i0.wp.com\/www.cisa-arica.cl\/wp1\/wp-content\/uploads\/2022\/06\/DSC_9859.jpg?resize=525%2C300&ssl=1 1.5x, https:\/\/i0.wp.com\/www.cisa-arica.cl\/wp1\/wp-content\/uploads\/2022\/06\/DSC_9859.jpg?resize=700%2C400&ssl=1 2x, https:\/\/i0.wp.com\/www.cisa-arica.cl\/wp1\/wp-content\/uploads\/2022\/06\/DSC_9859.jpg?resize=1050%2C600&ssl=1 3x"},"classes":[]},{"id":26949,"url":"https:\/\/www.cisa-arica.cl\/wp1\/2024\/10\/17\/informacion-de-academias\/","url_meta":{"origin":26361,"position":1},"title":"Informaci\u00f3n de Academias","author":"Jeannette Rivera","date":"17 de Octubre de 2024","format":false,"excerpt":"Se informa la suspensi\u00f3n de las siguientes academias: ACADEMIA: JUNIOR DANCE TEAM CISA PROFESORA: CLAUDIA RINGELING SE SUSPENDE EL D\u00cdA VIERNES 18 DE OCTUBRE. MOTIVO: ENFERMEDAD DE LA PROFESORA. \u00a0 ACADEMIA: EXPLORANDO EL COSMOS PROFESOR: EDUARDO ROCO SE SUSPENDE EL D\u00cdA VIERNES 18 DE OCTUBRE MOTIVO: FERIA CIENT\u00cdFICA Las academias\u2026","rel":"","context":"Entrada similar ","block_context":{"text":"Entrada similar ","link":""},"img":{"alt_text":"","src":"https:\/\/i0.wp.com\/www.cisa-arica.cl\/wp1\/wp-content\/uploads\/2024\/10\/Suspension-de-Academias.png?resize=350%2C200&ssl=1","width":350,"height":200,"srcset":"https:\/\/i0.wp.com\/www.cisa-arica.cl\/wp1\/wp-content\/uploads\/2024\/10\/Suspension-de-Academias.png?resize=350%2C200&ssl=1 1x, https:\/\/i0.wp.com\/www.cisa-arica.cl\/wp1\/wp-content\/uploads\/2024\/10\/Suspension-de-Academias.png?resize=525%2C300&ssl=1 1.5x, https:\/\/i0.wp.com\/www.cisa-arica.cl\/wp1\/wp-content\/uploads\/2024\/10\/Suspension-de-Academias.png?resize=700%2C400&ssl=1 2x, https:\/\/i0.wp.com\/www.cisa-arica.cl\/wp1\/wp-content\/uploads\/2024\/10\/Suspension-de-Academias.png?resize=1050%2C600&ssl=1 3x, https:\/\/i0.wp.com\/www.cisa-arica.cl\/wp1\/wp-content\/uploads\/2024\/10\/Suspension-de-Academias.png?resize=1400%2C800&ssl=1 4x"},"classes":[]},{"id":12442,"url":"https:\/\/www.cisa-arica.cl\/wp1\/2021\/05\/07\/inicio-grupo-catequesis-primera-comunion\/","url_meta":{"origin":26361,"position":2},"title":"Inicio Grupo Catequesis Primera Comuni\u00f3n","author":"Jeannette Rivera","date":"7 de Mayo de 2021","format":false,"excerpt":"Estimada Comunidad Santa Ana: Ayer jueves 06 de Mayo, d\u00eda en el que se celebr\u00f3 la pascua de nuestra Madre, dimos inicio al proceso de formaci\u00f3n y Catequesis de nuestras estudiantes para la Primera Comuni\u00f3n. Con alegr\u00eda por la acogida a esta invitaci\u00f3n les dimos la bienvenida e iniciamos juntas\u2026","rel":"","context":"En &quot;Pastoral&quot;","block_context":{"text":"Pastoral","link":"https:\/\/www.cisa-arica.cl\/wp1\/category\/pastoral\/"},"img":{"alt_text":"","src":"https:\/\/i0.wp.com\/www.cisa-arica.cl\/wp1\/wp-content\/uploads\/2021\/05\/WhatsApp-Image-2021-05-06-at-20.38.22.jpeg?resize=350%2C200","width":350,"height":200,"srcset":"https:\/\/i0.wp.com\/www.cisa-arica.cl\/wp1\/wp-content\/uploads\/2021\/05\/WhatsApp-Image-2021-05-06-at-20.38.22.jpeg?resize=350%2C200 1x, https:\/\/i0.wp.com\/www.cisa-arica.cl\/wp1\/wp-content\/uploads\/2021\/05\/WhatsApp-Image-2021-05-06-at-20.38.22.jpeg?resize=525%2C300 1.5x, https:\/\/i0.wp.com\/www.cisa-arica.cl\/wp1\/wp-content\/uploads\/2021\/05\/WhatsApp-Image-2021-05-06-at-20.38.22.jpeg?resize=700%2C400 2x, https:\/\/i0.wp.com\/www.cisa-arica.cl\/wp1\/wp-content\/uploads\/2021\/05\/WhatsApp-Image-2021-05-06-at-20.38.22.jpeg?resize=1050%2C600 3x"},"classes":[]},{"id":13069,"url":"https:\/\/www.cisa-arica.cl\/wp1\/2021\/09\/07\/campana-solidaria-grupo-catequesis-primera-comunion\/","url_meta":{"origin":26361,"position":3},"title":"Campa\u00f1a Solidaria &#8211; Grupo Catequesis Primera Comuni\u00f3n","author":"Jeannette Rivera","date":"7 de Septiembre de 2021","format":false,"excerpt":"Estimada Comunidad Educativa: Sin quedar indiferentes a las necesitades del pr\u00f3jimo y con un sincero cari\u00f1o, nuestras estudiantes del Grupo Catequesis de Primera Comuni\u00f3n han realizado una campa\u00f1a solidaria junto a sus familias, comprendiendo que debemos practicar los importantes valores del amor, la bondad y la caridad. Atentamente, Equipo Pastoral\u2026","rel":"","context":"En &quot;Pastoral&quot;","block_context":{"text":"Pastoral","link":"https:\/\/www.cisa-arica.cl\/wp1\/category\/pastoral\/"},"img":{"alt_text":"","src":"https:\/\/i0.wp.com\/www.cisa-arica.cl\/wp1\/wp-content\/uploads\/2021\/09\/100.jpg?resize=350%2C200&ssl=1","width":350,"height":200,"srcset":"https:\/\/i0.wp.com\/www.cisa-arica.cl\/wp1\/wp-content\/uploads\/2021\/09\/100.jpg?resize=350%2C200&ssl=1 1x, https:\/\/i0.wp.com\/www.cisa-arica.cl\/wp1\/wp-content\/uploads\/2021\/09\/100.jpg?resize=525%2C300&ssl=1 1.5x, https:\/\/i0.wp.com\/www.cisa-arica.cl\/wp1\/wp-content\/uploads\/2021\/09\/100.jpg?resize=700%2C400&ssl=1 2x, https:\/\/i0.wp.com\/www.cisa-arica.cl\/wp1\/wp-content\/uploads\/2021\/09\/100.jpg?resize=1050%2C600&ssl=1 3x"},"classes":[]},{"id":14046,"url":"https:\/\/www.cisa-arica.cl\/wp1\/2021\/11\/30\/encuentro-de-catequesis-primer-ano\/","url_meta":{"origin":26361,"position":4},"title":"Encuentro de Catequesis Primer a\u00f1o","author":"Jeannette Rivera","date":"30 de Noviembre de 2021","format":false,"excerpt":"El pasado Jueves 25 de noviembre, el Equipo Pastoral junto a las estudiantes de Catequesis, hemos querido finalizar este primer a\u00f1o de formaci\u00f3n celebrando la Eucarist\u00eda, en la cual han recibido dos signos que fortalecer\u00e1n su formaci\u00f3n cristiana en el 2o a\u00f1o de Catequesis: la oraci\u00f3n del Credo y los\u2026","rel":"","context":"En &quot;galeria&quot;","block_context":{"text":"galeria","link":"https:\/\/www.cisa-arica.cl\/wp1\/category\/galeria\/"},"img":{"alt_text":"","src":"https:\/\/i0.wp.com\/www.cisa-arica.cl\/wp1\/wp-content\/uploads\/2021\/11\/DSC_1688.jpg?resize=350%2C200&ssl=1","width":350,"height":200,"srcset":"https:\/\/i0.wp.com\/www.cisa-arica.cl\/wp1\/wp-content\/uploads\/2021\/11\/DSC_1688.jpg?resize=350%2C200&ssl=1 1x, https:\/\/i0.wp.com\/www.cisa-arica.cl\/wp1\/wp-content\/uploads\/2021\/11\/DSC_1688.jpg?resize=525%2C300&ssl=1 1.5x, https:\/\/i0.wp.com\/www.cisa-arica.cl\/wp1\/wp-content\/uploads\/2021\/11\/DSC_1688.jpg?resize=700%2C400&ssl=1 2x, https:\/\/i0.wp.com\/www.cisa-arica.cl\/wp1\/wp-content\/uploads\/2021\/11\/DSC_1688.jpg?resize=1050%2C600&ssl=1 3x, https:\/\/i0.wp.com\/www.cisa-arica.cl\/wp1\/wp-content\/uploads\/2021\/11\/DSC_1688.jpg?resize=1400%2C800&ssl=1 4x"},"classes":[]},{"id":16422,"url":"https:\/\/www.cisa-arica.cl\/wp1\/2022\/06\/14\/suspension-salida-de-catequesis\/","url_meta":{"origin":26361,"position":5},"title":"Suspensi\u00f3n Salida de Catequesis","author":"Jeannette Rivera","date":"14 de Junio de 2022","format":false,"excerpt":"Estimadas familias de Catequesis: La salida programada para este jueves 16 a la parcela del colegio, se suspende por motivo de la visita de la astr\u00f3noma se\u00f1ora M\u00f3nica Rubio quien estar\u00e1 realizando una serie de actividades al interior de nuestro establecimiento con las estudiantes. Por este mismo motivo, quedan suspendidas\u2026","rel":"","context":"Entrada similar ","block_context":{"text":"Entrada similar ","link":""},"img":{"alt_text":"","src":"","width":0,"height":0},"classes":[]}],"_links":{"self":[{"href":"https:\/\/www.cisa-arica.cl\/wp1\/wp-json\/wp\/v2\/posts\/26361","targetHints":{"allow":["GET"]}}],"collection":[{"href":"https:\/\/www.cisa-arica.cl\/wp1\/wp-json\/wp\/v2\/posts"}],"about":[{"href":"https:\/\/www.cisa-arica.cl\/wp1\/wp-json\/wp\/v2\/types\/post"}],"author":[{"embeddable":true,"href":"https:\/\/www.cisa-arica.cl\/wp1\/wp-json\/wp\/v2\/users\/5"}],"replies":[{"embeddable":true,"href":"https:\/\/www.cisa-arica.cl\/wp1\/wp-json\/wp\/v2\/comments?post=26361"}],"version-history":[{"count":1,"href":"https:\/\/www.cisa-arica.cl\/wp1\/wp-json\/wp\/v2\/posts\/26361\/revisions"}],"predecessor-version":[{"id":26362,"href":"https:\/\/www.cisa-arica.cl\/wp1\/wp-json\/wp\/v2\/posts\/26361\/revisions\/26362"}],"wp:featuredmedia":[{"embeddable":true,"href":"https:\/\/www.cisa-arica.cl\/wp1\/wp-json\/wp\/v2\/media\/25663"}],"wp:attachment":[{"href":"https:\/\/www.cisa-arica.cl\/wp1\/wp-json\/wp\/v2\/media?parent=26361"}],"wp:term":[{"taxonomy":"category","embeddable":true,"href":"https:\/\/www.cisa-arica.cl\/wp1\/wp-json\/wp\/v2\/categories?post=26361"},{"taxonomy":"post_tag","embeddable":true,"href":"https:\/\/www.cisa-arica.cl\/wp1\/wp-json\/wp\/v2\/tags?post=26361"}],"curies":[{"name":"wp","href":"https:\/\/api.w.org\/{rel}","templated":true}]}}