{"id":26225,"date":"2024-08-14T13:02:48","date_gmt":"2024-08-14T17:02:48","guid":{"rendered":"https:\/\/www.cisa-arica.cl\/wp1\/?p=26225"},"modified":"2024-08-14T13:02:49","modified_gmt":"2024-08-14T17:02:49","slug":"dia-de-la-ninez-educacion-parvularia","status":"publish","type":"post","link":"https:\/\/www.cisa-arica.cl\/wp1\/2024\/08\/14\/dia-de-la-ninez-educacion-parvularia\/","title":{"rendered":"D\u00eda de la Ni\u00f1ez Educaci\u00f3n Parvularia"},"content":{"rendered":"<p>Con alegr\u00eda y entusiasmo, el nivel de educaci\u00f3n parvularia festej\u00f3 el D\u00eda de la Ni\u00f1ez con la planificaci\u00f3n de una serie de actividades en donde las peque\u00f1as estudiantes pudieron disfrutar de este d\u00eda junto a sus educadoras y t\u00edas t\u00e9cnicos.<\/p>\n<p>\u00a0<\/p>\n\n\n<div class=\"wp-block-jetpack-tiled-gallery aligncenter is-style-rectangular\"><div class=\"tiled-gallery__gallery\"><div class=\"tiled-gallery__row\"><div class=\"tiled-gallery__col\" style=\"flex-basis:63.97414%\"><figure class=\"tiled-gallery__item\"><img decoding=\"async\" data-attachment-id=\"26229\" data-permalink=\"https:\/\/www.cisa-arica.cl\/wp1\/2024\/08\/14\/dia-de-la-ninez-educacion-parvularia\/img_4645\/\" data-orig-file=\"https:\/\/www.cisa-arica.cl\/wp1\/wp-content\/uploads\/2024\/08\/IMG_4645-scaled.jpg\" data-orig-size=\"2560,1920\" data-comments-opened=\"0\" data-image-meta=\"{&quot;aperture&quot;:&quot;1.78&quot;,&quot;credit&quot;:&quot;&quot;,&quot;camera&quot;:&quot;iPhone 15 Pro&quot;,&quot;caption&quot;:&quot;&quot;,&quot;created_timestamp&quot;:&quot;1723469174&quot;,&quot;copyright&quot;:&quot;&quot;,&quot;focal_length&quot;:&quot;6.7649998656528&quot;,&quot;iso&quot;:&quot;160&quot;,&quot;shutter_speed&quot;:&quot;0.0082644628099174&quot;,&quot;title&quot;:&quot;&quot;,&quot;orientation&quot;:&quot;1&quot;}\" data-image-title=\"IMG_4645\" data-image-description=\"\" data-image-caption=\"\" data-large-file=\"https:\/\/www.cisa-arica.cl\/wp1\/wp-content\/uploads\/2024\/08\/IMG_4645-600x450.jpg\" data-attachment-id=\"26229\" data-permalink=\"https:\/\/www.cisa-arica.cl\/wp1\/2024\/08\/14\/dia-de-la-ninez-educacion-parvularia\/img_4645\/\" data-orig-file=\"https:\/\/www.cisa-arica.cl\/wp1\/wp-content\/uploads\/2024\/08\/IMG_4645-scaled.jpg\" data-orig-size=\"2560,1920\" data-comments-opened=\"0\" data-image-meta=\"{&quot;aperture&quot;:&quot;1.78&quot;,&quot;credit&quot;:&quot;&quot;,&quot;camera&quot;:&quot;iPhone 15 Pro&quot;,&quot;caption&quot;:&quot;&quot;,&quot;created_timestamp&quot;:&quot;1723469174&quot;,&quot;copyright&quot;:&quot;&quot;,&quot;focal_length&quot;:&quot;6.7649998656528&quot;,&quot;iso&quot;:&quot;160&quot;,&quot;shutter_speed&quot;:&quot;0.0082644628099174&quot;,&quot;title&quot;:&quot;&quot;,&quot;orientation&quot;:&quot;1&quot;}\" data-image-title=\"IMG_4645\" data-image-description=\"\" data-image-caption=\"\" data-large-file=\"https:\/\/www.cisa-arica.cl\/wp1\/wp-content\/uploads\/2024\/08\/IMG_4645-600x450.jpg\" role=\"button\" tabindex=\"0\" aria-label=\"Abrir la imagen 1 de 16 en pantalla completa\"srcset=\"https:\/\/i2.wp.com\/www.cisa-arica.cl\/wp1\/wp-content\/uploads\/2024\/08\/IMG_4645-600x450.jpg?strip=info&#038;w=600&#038;ssl=1 600w,https:\/\/i2.wp.com\/www.cisa-arica.cl\/wp1\/wp-content\/uploads\/2024\/08\/IMG_4645-600x450.jpg?strip=info&#038;w=900&#038;ssl=1 900w,https:\/\/i2.wp.com\/www.cisa-arica.cl\/wp1\/wp-content\/uploads\/2024\/08\/IMG_4645-600x450.jpg?strip=info&#038;w=1200&#038;ssl=1 1200w,https:\/\/i2.wp.com\/www.cisa-arica.cl\/wp1\/wp-content\/uploads\/2024\/08\/IMG_4645-600x450.jpg?strip=info&#038;w=1500&#038;ssl=1 1500w,https:\/\/i2.wp.com\/www.cisa-arica.cl\/wp1\/wp-content\/uploads\/2024\/08\/IMG_4645-600x450.jpg?strip=info&#038;w=1800&#038;ssl=1 1800w,https:\/\/i2.wp.com\/www.cisa-arica.cl\/wp1\/wp-content\/uploads\/2024\/08\/IMG_4645-600x450.jpg?strip=info&#038;w=2000&#038;ssl=1 2000w\" alt=\"\" data-height=\"1920\" data-id=\"26229\" data-link=\"https:\/\/www.cisa-arica.cl\/wp1\/?attachment_id=26229\" data-url=\"https:\/\/www.cisa-arica.cl\/wp1\/wp-content\/uploads\/2024\/08\/IMG_4645-600x450.jpg\" data-width=\"2560\" src=\"https:\/\/i2.wp.com\/www.cisa-arica.cl\/wp1\/wp-content\/uploads\/2024\/08\/IMG_4645-600x450.jpg?ssl=1\" data-amp-layout=\"responsive\"\/><\/figure><\/div><div class=\"tiled-gallery__col\" style=\"flex-basis:36.02586%\"><figure class=\"tiled-gallery__item\"><img decoding=\"async\" data-attachment-id=\"26230\" data-permalink=\"https:\/\/www.cisa-arica.cl\/wp1\/2024\/08\/14\/dia-de-la-ninez-educacion-parvularia\/img_4653-2\/\" data-orig-file=\"https:\/\/www.cisa-arica.cl\/wp1\/wp-content\/uploads\/2024\/08\/IMG_4653-scaled.jpg\" data-orig-size=\"1920,2560\" data-comments-opened=\"0\" data-image-meta=\"{&quot;aperture&quot;:&quot;1.78&quot;,&quot;credit&quot;:&quot;&quot;,&quot;camera&quot;:&quot;iPhone 15 Pro&quot;,&quot;caption&quot;:&quot;&quot;,&quot;created_timestamp&quot;:&quot;1723469239&quot;,&quot;copyright&quot;:&quot;&quot;,&quot;focal_length&quot;:&quot;6.7649998656528&quot;,&quot;iso&quot;:&quot;200&quot;,&quot;shutter_speed&quot;:&quot;0.012987012987013&quot;,&quot;title&quot;:&quot;&quot;,&quot;orientation&quot;:&quot;1&quot;}\" data-image-title=\"IMG_4653\" data-image-description=\"\" data-image-caption=\"\" data-large-file=\"https:\/\/www.cisa-arica.cl\/wp1\/wp-content\/uploads\/2024\/08\/IMG_4653-450x600.jpg\" data-attachment-id=\"26230\" data-permalink=\"https:\/\/www.cisa-arica.cl\/wp1\/2024\/08\/14\/dia-de-la-ninez-educacion-parvularia\/img_4653-2\/\" data-orig-file=\"https:\/\/www.cisa-arica.cl\/wp1\/wp-content\/uploads\/2024\/08\/IMG_4653-scaled.jpg\" data-orig-size=\"1920,2560\" data-comments-opened=\"0\" data-image-meta=\"{&quot;aperture&quot;:&quot;1.78&quot;,&quot;credit&quot;:&quot;&quot;,&quot;camera&quot;:&quot;iPhone 15 Pro&quot;,&quot;caption&quot;:&quot;&quot;,&quot;created_timestamp&quot;:&quot;1723469239&quot;,&quot;copyright&quot;:&quot;&quot;,&quot;focal_length&quot;:&quot;6.7649998656528&quot;,&quot;iso&quot;:&quot;200&quot;,&quot;shutter_speed&quot;:&quot;0.012987012987013&quot;,&quot;title&quot;:&quot;&quot;,&quot;orientation&quot;:&quot;1&quot;}\" data-image-title=\"IMG_4653\" data-image-description=\"\" data-image-caption=\"\" data-large-file=\"https:\/\/www.cisa-arica.cl\/wp1\/wp-content\/uploads\/2024\/08\/IMG_4653-450x600.jpg\" role=\"button\" tabindex=\"0\" aria-label=\"Abrir la imagen 2 de 16 en pantalla completa\"srcset=\"https:\/\/i1.wp.com\/www.cisa-arica.cl\/wp1\/wp-content\/uploads\/2024\/08\/IMG_4653-450x600.jpg?strip=info&#038;w=600&#038;ssl=1 600w,https:\/\/i1.wp.com\/www.cisa-arica.cl\/wp1\/wp-content\/uploads\/2024\/08\/IMG_4653-450x600.jpg?strip=info&#038;w=900&#038;ssl=1 900w,https:\/\/i1.wp.com\/www.cisa-arica.cl\/wp1\/wp-content\/uploads\/2024\/08\/IMG_4653-450x600.jpg?strip=info&#038;w=1200&#038;ssl=1 1200w,https:\/\/i1.wp.com\/www.cisa-arica.cl\/wp1\/wp-content\/uploads\/2024\/08\/IMG_4653-450x600.jpg?strip=info&#038;w=1500&#038;ssl=1 1500w,https:\/\/i1.wp.com\/www.cisa-arica.cl\/wp1\/wp-content\/uploads\/2024\/08\/IMG_4653-450x600.jpg?strip=info&#038;w=1800&#038;ssl=1 1800w,https:\/\/i1.wp.com\/www.cisa-arica.cl\/wp1\/wp-content\/uploads\/2024\/08\/IMG_4653-450x600.jpg?strip=info&#038;w=1920&#038;ssl=1 1920w\" alt=\"\" data-height=\"2560\" data-id=\"26230\" data-link=\"https:\/\/www.cisa-arica.cl\/wp1\/?attachment_id=26230\" data-url=\"https:\/\/www.cisa-arica.cl\/wp1\/wp-content\/uploads\/2024\/08\/IMG_4653-450x600.jpg\" data-width=\"1920\" src=\"https:\/\/i1.wp.com\/www.cisa-arica.cl\/wp1\/wp-content\/uploads\/2024\/08\/IMG_4653-450x600.jpg?ssl=1\" data-amp-layout=\"responsive\"\/><\/figure><\/div><\/div><div class=\"tiled-gallery__row\"><div class=\"tiled-gallery__col\" style=\"flex-basis:25.00000%\"><figure class=\"tiled-gallery__item\"><img decoding=\"async\" data-attachment-id=\"26231\" data-permalink=\"https:\/\/www.cisa-arica.cl\/wp1\/2024\/08\/14\/dia-de-la-ninez-educacion-parvularia\/img_4657\/\" data-orig-file=\"https:\/\/www.cisa-arica.cl\/wp1\/wp-content\/uploads\/2024\/08\/IMG_4657-scaled.jpg\" data-orig-size=\"1920,2560\" data-comments-opened=\"0\" data-image-meta=\"{&quot;aperture&quot;:&quot;1.78&quot;,&quot;credit&quot;:&quot;&quot;,&quot;camera&quot;:&quot;iPhone 15 Pro&quot;,&quot;caption&quot;:&quot;&quot;,&quot;created_timestamp&quot;:&quot;1723469269&quot;,&quot;copyright&quot;:&quot;&quot;,&quot;focal_length&quot;:&quot;6.7649998656528&quot;,&quot;iso&quot;:&quot;80&quot;,&quot;shutter_speed&quot;:&quot;0.0082644628099174&quot;,&quot;title&quot;:&quot;&quot;,&quot;orientation&quot;:&quot;1&quot;}\" data-image-title=\"IMG_4657\" data-image-description=\"\" data-image-caption=\"\" data-large-file=\"https:\/\/www.cisa-arica.cl\/wp1\/wp-content\/uploads\/2024\/08\/IMG_4657-450x600.jpg\" data-attachment-id=\"26231\" data-permalink=\"https:\/\/www.cisa-arica.cl\/wp1\/2024\/08\/14\/dia-de-la-ninez-educacion-parvularia\/img_4657\/\" data-orig-file=\"https:\/\/www.cisa-arica.cl\/wp1\/wp-content\/uploads\/2024\/08\/IMG_4657-scaled.jpg\" data-orig-size=\"1920,2560\" data-comments-opened=\"0\" data-image-meta=\"{&quot;aperture&quot;:&quot;1.78&quot;,&quot;credit&quot;:&quot;&quot;,&quot;camera&quot;:&quot;iPhone 15 Pro&quot;,&quot;caption&quot;:&quot;&quot;,&quot;created_timestamp&quot;:&quot;1723469269&quot;,&quot;copyright&quot;:&quot;&quot;,&quot;focal_length&quot;:&quot;6.7649998656528&quot;,&quot;iso&quot;:&quot;80&quot;,&quot;shutter_speed&quot;:&quot;0.0082644628099174&quot;,&quot;title&quot;:&quot;&quot;,&quot;orientation&quot;:&quot;1&quot;}\" data-image-title=\"IMG_4657\" data-image-description=\"\" data-image-caption=\"\" data-large-file=\"https:\/\/www.cisa-arica.cl\/wp1\/wp-content\/uploads\/2024\/08\/IMG_4657-450x600.jpg\" role=\"button\" tabindex=\"0\" aria-label=\"Abrir la imagen 3 de 16 en pantalla completa\"srcset=\"https:\/\/i1.wp.com\/www.cisa-arica.cl\/wp1\/wp-content\/uploads\/2024\/08\/IMG_4657-450x600.jpg?strip=info&#038;w=600&#038;ssl=1 600w,https:\/\/i1.wp.com\/www.cisa-arica.cl\/wp1\/wp-content\/uploads\/2024\/08\/IMG_4657-450x600.jpg?strip=info&#038;w=900&#038;ssl=1 900w,https:\/\/i1.wp.com\/www.cisa-arica.cl\/wp1\/wp-content\/uploads\/2024\/08\/IMG_4657-450x600.jpg?strip=info&#038;w=1200&#038;ssl=1 1200w,https:\/\/i1.wp.com\/www.cisa-arica.cl\/wp1\/wp-content\/uploads\/2024\/08\/IMG_4657-450x600.jpg?strip=info&#038;w=1500&#038;ssl=1 1500w,https:\/\/i1.wp.com\/www.cisa-arica.cl\/wp1\/wp-content\/uploads\/2024\/08\/IMG_4657-450x600.jpg?strip=info&#038;w=1800&#038;ssl=1 1800w,https:\/\/i1.wp.com\/www.cisa-arica.cl\/wp1\/wp-content\/uploads\/2024\/08\/IMG_4657-450x600.jpg?strip=info&#038;w=1920&#038;ssl=1 1920w\" alt=\"\" data-height=\"2560\" data-id=\"26231\" data-link=\"https:\/\/www.cisa-arica.cl\/wp1\/?attachment_id=26231\" data-url=\"https:\/\/www.cisa-arica.cl\/wp1\/wp-content\/uploads\/2024\/08\/IMG_4657-450x600.jpg\" data-width=\"1920\" src=\"https:\/\/i1.wp.com\/www.cisa-arica.cl\/wp1\/wp-content\/uploads\/2024\/08\/IMG_4657-450x600.jpg?ssl=1\" data-amp-layout=\"responsive\"\/><\/figure><\/div><div class=\"tiled-gallery__col\" style=\"flex-basis:25.00000%\"><figure class=\"tiled-gallery__item\"><img decoding=\"async\" data-attachment-id=\"26232\" data-permalink=\"https:\/\/www.cisa-arica.cl\/wp1\/2024\/08\/14\/dia-de-la-ninez-educacion-parvularia\/img_4661-2\/\" data-orig-file=\"https:\/\/www.cisa-arica.cl\/wp1\/wp-content\/uploads\/2024\/08\/IMG_4661-scaled.jpg\" data-orig-size=\"1920,2560\" data-comments-opened=\"0\" data-image-meta=\"{&quot;aperture&quot;:&quot;1.78&quot;,&quot;credit&quot;:&quot;&quot;,&quot;camera&quot;:&quot;iPhone 15 Pro&quot;,&quot;caption&quot;:&quot;&quot;,&quot;created_timestamp&quot;:&quot;1723469309&quot;,&quot;copyright&quot;:&quot;&quot;,&quot;focal_length&quot;:&quot;6.7649998656528&quot;,&quot;iso&quot;:&quot;160&quot;,&quot;shutter_speed&quot;:&quot;0.0082644628099174&quot;,&quot;title&quot;:&quot;&quot;,&quot;orientation&quot;:&quot;1&quot;}\" data-image-title=\"IMG_4661\" data-image-description=\"\" data-image-caption=\"\" data-large-file=\"https:\/\/www.cisa-arica.cl\/wp1\/wp-content\/uploads\/2024\/08\/IMG_4661-450x600.jpg\" data-attachment-id=\"26232\" data-permalink=\"https:\/\/www.cisa-arica.cl\/wp1\/2024\/08\/14\/dia-de-la-ninez-educacion-parvularia\/img_4661-2\/\" data-orig-file=\"https:\/\/www.cisa-arica.cl\/wp1\/wp-content\/uploads\/2024\/08\/IMG_4661-scaled.jpg\" data-orig-size=\"1920,2560\" data-comments-opened=\"0\" data-image-meta=\"{&quot;aperture&quot;:&quot;1.78&quot;,&quot;credit&quot;:&quot;&quot;,&quot;camera&quot;:&quot;iPhone 15 Pro&quot;,&quot;caption&quot;:&quot;&quot;,&quot;created_timestamp&quot;:&quot;1723469309&quot;,&quot;copyright&quot;:&quot;&quot;,&quot;focal_length&quot;:&quot;6.7649998656528&quot;,&quot;iso&quot;:&quot;160&quot;,&quot;shutter_speed&quot;:&quot;0.0082644628099174&quot;,&quot;title&quot;:&quot;&quot;,&quot;orientation&quot;:&quot;1&quot;}\" data-image-title=\"IMG_4661\" data-image-description=\"\" data-image-caption=\"\" data-large-file=\"https:\/\/www.cisa-arica.cl\/wp1\/wp-content\/uploads\/2024\/08\/IMG_4661-450x600.jpg\" role=\"button\" tabindex=\"0\" aria-label=\"Abrir la imagen 4 de 16 en pantalla completa\"srcset=\"https:\/\/i0.wp.com\/www.cisa-arica.cl\/wp1\/wp-content\/uploads\/2024\/08\/IMG_4661-450x600.jpg?strip=info&#038;w=600&#038;ssl=1 600w,https:\/\/i0.wp.com\/www.cisa-arica.cl\/wp1\/wp-content\/uploads\/2024\/08\/IMG_4661-450x600.jpg?strip=info&#038;w=900&#038;ssl=1 900w,https:\/\/i0.wp.com\/www.cisa-arica.cl\/wp1\/wp-content\/uploads\/2024\/08\/IMG_4661-450x600.jpg?strip=info&#038;w=1200&#038;ssl=1 1200w,https:\/\/i0.wp.com\/www.cisa-arica.cl\/wp1\/wp-content\/uploads\/2024\/08\/IMG_4661-450x600.jpg?strip=info&#038;w=1500&#038;ssl=1 1500w,https:\/\/i0.wp.com\/www.cisa-arica.cl\/wp1\/wp-content\/uploads\/2024\/08\/IMG_4661-450x600.jpg?strip=info&#038;w=1800&#038;ssl=1 1800w,https:\/\/i0.wp.com\/www.cisa-arica.cl\/wp1\/wp-content\/uploads\/2024\/08\/IMG_4661-450x600.jpg?strip=info&#038;w=1920&#038;ssl=1 1920w\" alt=\"\" data-height=\"2560\" data-id=\"26232\" data-link=\"https:\/\/www.cisa-arica.cl\/wp1\/?attachment_id=26232\" data-url=\"https:\/\/www.cisa-arica.cl\/wp1\/wp-content\/uploads\/2024\/08\/IMG_4661-450x600.jpg\" data-width=\"1920\" src=\"https:\/\/i0.wp.com\/www.cisa-arica.cl\/wp1\/wp-content\/uploads\/2024\/08\/IMG_4661-450x600.jpg?ssl=1\" data-amp-layout=\"responsive\"\/><\/figure><\/div><div class=\"tiled-gallery__col\" style=\"flex-basis:25.00000%\"><figure class=\"tiled-gallery__item\"><img decoding=\"async\" data-attachment-id=\"26233\" data-permalink=\"https:\/\/www.cisa-arica.cl\/wp1\/2024\/08\/14\/dia-de-la-ninez-educacion-parvularia\/img_4662\/\" data-orig-file=\"https:\/\/www.cisa-arica.cl\/wp1\/wp-content\/uploads\/2024\/08\/IMG_4662-scaled.jpg\" data-orig-size=\"1920,2560\" data-comments-opened=\"0\" data-image-meta=\"{&quot;aperture&quot;:&quot;1.78&quot;,&quot;credit&quot;:&quot;&quot;,&quot;camera&quot;:&quot;iPhone 15 Pro&quot;,&quot;caption&quot;:&quot;&quot;,&quot;created_timestamp&quot;:&quot;1723469313&quot;,&quot;copyright&quot;:&quot;&quot;,&quot;focal_length&quot;:&quot;6.7649998656528&quot;,&quot;iso&quot;:&quot;125&quot;,&quot;shutter_speed&quot;:&quot;0.0082644628099174&quot;,&quot;title&quot;:&quot;&quot;,&quot;orientation&quot;:&quot;1&quot;}\" data-image-title=\"IMG_4662\" data-image-description=\"\" data-image-caption=\"\" data-large-file=\"https:\/\/www.cisa-arica.cl\/wp1\/wp-content\/uploads\/2024\/08\/IMG_4662-450x600.jpg\" data-attachment-id=\"26233\" data-permalink=\"https:\/\/www.cisa-arica.cl\/wp1\/2024\/08\/14\/dia-de-la-ninez-educacion-parvularia\/img_4662\/\" data-orig-file=\"https:\/\/www.cisa-arica.cl\/wp1\/wp-content\/uploads\/2024\/08\/IMG_4662-scaled.jpg\" data-orig-size=\"1920,2560\" data-comments-opened=\"0\" data-image-meta=\"{&quot;aperture&quot;:&quot;1.78&quot;,&quot;credit&quot;:&quot;&quot;,&quot;camera&quot;:&quot;iPhone 15 Pro&quot;,&quot;caption&quot;:&quot;&quot;,&quot;created_timestamp&quot;:&quot;1723469313&quot;,&quot;copyright&quot;:&quot;&quot;,&quot;focal_length&quot;:&quot;6.7649998656528&quot;,&quot;iso&quot;:&quot;125&quot;,&quot;shutter_speed&quot;:&quot;0.0082644628099174&quot;,&quot;title&quot;:&quot;&quot;,&quot;orientation&quot;:&quot;1&quot;}\" data-image-title=\"IMG_4662\" data-image-description=\"\" data-image-caption=\"\" data-large-file=\"https:\/\/www.cisa-arica.cl\/wp1\/wp-content\/uploads\/2024\/08\/IMG_4662-450x600.jpg\" role=\"button\" tabindex=\"0\" aria-label=\"Abrir la imagen 5 de 16 en pantalla completa\"srcset=\"https:\/\/i0.wp.com\/www.cisa-arica.cl\/wp1\/wp-content\/uploads\/2024\/08\/IMG_4662-450x600.jpg?strip=info&#038;w=600&#038;ssl=1 600w,https:\/\/i0.wp.com\/www.cisa-arica.cl\/wp1\/wp-content\/uploads\/2024\/08\/IMG_4662-450x600.jpg?strip=info&#038;w=900&#038;ssl=1 900w,https:\/\/i0.wp.com\/www.cisa-arica.cl\/wp1\/wp-content\/uploads\/2024\/08\/IMG_4662-450x600.jpg?strip=info&#038;w=1200&#038;ssl=1 1200w,https:\/\/i0.wp.com\/www.cisa-arica.cl\/wp1\/wp-content\/uploads\/2024\/08\/IMG_4662-450x600.jpg?strip=info&#038;w=1500&#038;ssl=1 1500w,https:\/\/i0.wp.com\/www.cisa-arica.cl\/wp1\/wp-content\/uploads\/2024\/08\/IMG_4662-450x600.jpg?strip=info&#038;w=1800&#038;ssl=1 1800w,https:\/\/i0.wp.com\/www.cisa-arica.cl\/wp1\/wp-content\/uploads\/2024\/08\/IMG_4662-450x600.jpg?strip=info&#038;w=1920&#038;ssl=1 1920w\" alt=\"\" data-height=\"2560\" data-id=\"26233\" data-link=\"https:\/\/www.cisa-arica.cl\/wp1\/?attachment_id=26233\" data-url=\"https:\/\/www.cisa-arica.cl\/wp1\/wp-content\/uploads\/2024\/08\/IMG_4662-450x600.jpg\" data-width=\"1920\" src=\"https:\/\/i0.wp.com\/www.cisa-arica.cl\/wp1\/wp-content\/uploads\/2024\/08\/IMG_4662-450x600.jpg?ssl=1\" data-amp-layout=\"responsive\"\/><\/figure><\/div><div class=\"tiled-gallery__col\" style=\"flex-basis:25.00000%\"><figure class=\"tiled-gallery__item\"><img decoding=\"async\" data-attachment-id=\"26234\" data-permalink=\"https:\/\/www.cisa-arica.cl\/wp1\/2024\/08\/14\/dia-de-la-ninez-educacion-parvularia\/img_4667-2\/\" data-orig-file=\"https:\/\/www.cisa-arica.cl\/wp1\/wp-content\/uploads\/2024\/08\/IMG_4667-scaled.jpg\" data-orig-size=\"1920,2560\" data-comments-opened=\"0\" data-image-meta=\"{&quot;aperture&quot;:&quot;1.78&quot;,&quot;credit&quot;:&quot;&quot;,&quot;camera&quot;:&quot;iPhone 15 Pro&quot;,&quot;caption&quot;:&quot;&quot;,&quot;created_timestamp&quot;:&quot;1723469362&quot;,&quot;copyright&quot;:&quot;&quot;,&quot;focal_length&quot;:&quot;6.7649998656528&quot;,&quot;iso&quot;:&quot;100&quot;,&quot;shutter_speed&quot;:&quot;0.0061728395061728&quot;,&quot;title&quot;:&quot;&quot;,&quot;orientation&quot;:&quot;1&quot;}\" data-image-title=\"IMG_4667\" data-image-description=\"\" data-image-caption=\"\" data-large-file=\"https:\/\/www.cisa-arica.cl\/wp1\/wp-content\/uploads\/2024\/08\/IMG_4667-450x600.jpg\" data-attachment-id=\"26234\" data-permalink=\"https:\/\/www.cisa-arica.cl\/wp1\/2024\/08\/14\/dia-de-la-ninez-educacion-parvularia\/img_4667-2\/\" data-orig-file=\"https:\/\/www.cisa-arica.cl\/wp1\/wp-content\/uploads\/2024\/08\/IMG_4667-scaled.jpg\" data-orig-size=\"1920,2560\" data-comments-opened=\"0\" data-image-meta=\"{&quot;aperture&quot;:&quot;1.78&quot;,&quot;credit&quot;:&quot;&quot;,&quot;camera&quot;:&quot;iPhone 15 Pro&quot;,&quot;caption&quot;:&quot;&quot;,&quot;created_timestamp&quot;:&quot;1723469362&quot;,&quot;copyright&quot;:&quot;&quot;,&quot;focal_length&quot;:&quot;6.7649998656528&quot;,&quot;iso&quot;:&quot;100&quot;,&quot;shutter_speed&quot;:&quot;0.0061728395061728&quot;,&quot;title&quot;:&quot;&quot;,&quot;orientation&quot;:&quot;1&quot;}\" data-image-title=\"IMG_4667\" data-image-description=\"\" data-image-caption=\"\" data-large-file=\"https:\/\/www.cisa-arica.cl\/wp1\/wp-content\/uploads\/2024\/08\/IMG_4667-450x600.jpg\" role=\"button\" tabindex=\"0\" aria-label=\"Abrir la imagen 6 de 16 en pantalla completa\"srcset=\"https:\/\/i1.wp.com\/www.cisa-arica.cl\/wp1\/wp-content\/uploads\/2024\/08\/IMG_4667-450x600.jpg?strip=info&#038;w=600&#038;ssl=1 600w,https:\/\/i1.wp.com\/www.cisa-arica.cl\/wp1\/wp-content\/uploads\/2024\/08\/IMG_4667-450x600.jpg?strip=info&#038;w=900&#038;ssl=1 900w,https:\/\/i1.wp.com\/www.cisa-arica.cl\/wp1\/wp-content\/uploads\/2024\/08\/IMG_4667-450x600.jpg?strip=info&#038;w=1200&#038;ssl=1 1200w,https:\/\/i1.wp.com\/www.cisa-arica.cl\/wp1\/wp-content\/uploads\/2024\/08\/IMG_4667-450x600.jpg?strip=info&#038;w=1500&#038;ssl=1 1500w,https:\/\/i1.wp.com\/www.cisa-arica.cl\/wp1\/wp-content\/uploads\/2024\/08\/IMG_4667-450x600.jpg?strip=info&#038;w=1800&#038;ssl=1 1800w,https:\/\/i1.wp.com\/www.cisa-arica.cl\/wp1\/wp-content\/uploads\/2024\/08\/IMG_4667-450x600.jpg?strip=info&#038;w=1920&#038;ssl=1 1920w\" alt=\"\" data-height=\"2560\" data-id=\"26234\" data-link=\"https:\/\/www.cisa-arica.cl\/wp1\/?attachment_id=26234\" data-url=\"https:\/\/www.cisa-arica.cl\/wp1\/wp-content\/uploads\/2024\/08\/IMG_4667-450x600.jpg\" data-width=\"1920\" src=\"https:\/\/i1.wp.com\/www.cisa-arica.cl\/wp1\/wp-content\/uploads\/2024\/08\/IMG_4667-450x600.jpg?ssl=1\" data-amp-layout=\"responsive\"\/><\/figure><\/div><\/div><div class=\"tiled-gallery__row\"><div class=\"tiled-gallery__col\" style=\"flex-basis:33.33333%\"><figure class=\"tiled-gallery__item\"><img decoding=\"async\" data-attachment-id=\"26235\" data-permalink=\"https:\/\/www.cisa-arica.cl\/wp1\/2024\/08\/14\/dia-de-la-ninez-educacion-parvularia\/img_4668\/\" data-orig-file=\"https:\/\/www.cisa-arica.cl\/wp1\/wp-content\/uploads\/2024\/08\/IMG_4668-scaled.jpg\" data-orig-size=\"1920,2560\" data-comments-opened=\"0\" data-image-meta=\"{&quot;aperture&quot;:&quot;1.78&quot;,&quot;credit&quot;:&quot;&quot;,&quot;camera&quot;:&quot;iPhone 15 Pro&quot;,&quot;caption&quot;:&quot;&quot;,&quot;created_timestamp&quot;:&quot;1723469371&quot;,&quot;copyright&quot;:&quot;&quot;,&quot;focal_length&quot;:&quot;6.7649998656528&quot;,&quot;iso&quot;:&quot;160&quot;,&quot;shutter_speed&quot;:&quot;0.0082644628099174&quot;,&quot;title&quot;:&quot;&quot;,&quot;orientation&quot;:&quot;1&quot;}\" data-image-title=\"IMG_4668\" data-image-description=\"\" data-image-caption=\"\" data-large-file=\"https:\/\/www.cisa-arica.cl\/wp1\/wp-content\/uploads\/2024\/08\/IMG_4668-450x600.jpg\" data-attachment-id=\"26235\" data-permalink=\"https:\/\/www.cisa-arica.cl\/wp1\/2024\/08\/14\/dia-de-la-ninez-educacion-parvularia\/img_4668\/\" data-orig-file=\"https:\/\/www.cisa-arica.cl\/wp1\/wp-content\/uploads\/2024\/08\/IMG_4668-scaled.jpg\" data-orig-size=\"1920,2560\" data-comments-opened=\"0\" data-image-meta=\"{&quot;aperture&quot;:&quot;1.78&quot;,&quot;credit&quot;:&quot;&quot;,&quot;camera&quot;:&quot;iPhone 15 Pro&quot;,&quot;caption&quot;:&quot;&quot;,&quot;created_timestamp&quot;:&quot;1723469371&quot;,&quot;copyright&quot;:&quot;&quot;,&quot;focal_length&quot;:&quot;6.7649998656528&quot;,&quot;iso&quot;:&quot;160&quot;,&quot;shutter_speed&quot;:&quot;0.0082644628099174&quot;,&quot;title&quot;:&quot;&quot;,&quot;orientation&quot;:&quot;1&quot;}\" data-image-title=\"IMG_4668\" data-image-description=\"\" data-image-caption=\"\" data-large-file=\"https:\/\/www.cisa-arica.cl\/wp1\/wp-content\/uploads\/2024\/08\/IMG_4668-450x600.jpg\" role=\"button\" tabindex=\"0\" aria-label=\"Abrir la imagen 7 de 16 en pantalla completa\"srcset=\"https:\/\/i0.wp.com\/www.cisa-arica.cl\/wp1\/wp-content\/uploads\/2024\/08\/IMG_4668-450x600.jpg?strip=info&#038;w=600&#038;ssl=1 600w,https:\/\/i0.wp.com\/www.cisa-arica.cl\/wp1\/wp-content\/uploads\/2024\/08\/IMG_4668-450x600.jpg?strip=info&#038;w=900&#038;ssl=1 900w,https:\/\/i0.wp.com\/www.cisa-arica.cl\/wp1\/wp-content\/uploads\/2024\/08\/IMG_4668-450x600.jpg?strip=info&#038;w=1200&#038;ssl=1 1200w,https:\/\/i0.wp.com\/www.cisa-arica.cl\/wp1\/wp-content\/uploads\/2024\/08\/IMG_4668-450x600.jpg?strip=info&#038;w=1500&#038;ssl=1 1500w,https:\/\/i0.wp.com\/www.cisa-arica.cl\/wp1\/wp-content\/uploads\/2024\/08\/IMG_4668-450x600.jpg?strip=info&#038;w=1800&#038;ssl=1 1800w,https:\/\/i0.wp.com\/www.cisa-arica.cl\/wp1\/wp-content\/uploads\/2024\/08\/IMG_4668-450x600.jpg?strip=info&#038;w=1920&#038;ssl=1 1920w\" alt=\"\" data-height=\"2560\" data-id=\"26235\" data-link=\"https:\/\/www.cisa-arica.cl\/wp1\/?attachment_id=26235\" data-url=\"https:\/\/www.cisa-arica.cl\/wp1\/wp-content\/uploads\/2024\/08\/IMG_4668-450x600.jpg\" data-width=\"1920\" src=\"https:\/\/i0.wp.com\/www.cisa-arica.cl\/wp1\/wp-content\/uploads\/2024\/08\/IMG_4668-450x600.jpg?ssl=1\" data-amp-layout=\"responsive\"\/><\/figure><\/div><div class=\"tiled-gallery__col\" style=\"flex-basis:33.33333%\"><figure class=\"tiled-gallery__item\"><img decoding=\"async\" data-attachment-id=\"26236\" data-permalink=\"https:\/\/www.cisa-arica.cl\/wp1\/2024\/08\/14\/dia-de-la-ninez-educacion-parvularia\/img_4673-2\/\" data-orig-file=\"https:\/\/www.cisa-arica.cl\/wp1\/wp-content\/uploads\/2024\/08\/IMG_4673-scaled.jpg\" data-orig-size=\"1920,2560\" data-comments-opened=\"0\" data-image-meta=\"{&quot;aperture&quot;:&quot;1.78&quot;,&quot;credit&quot;:&quot;&quot;,&quot;camera&quot;:&quot;iPhone 15 Pro&quot;,&quot;caption&quot;:&quot;&quot;,&quot;created_timestamp&quot;:&quot;1723469439&quot;,&quot;copyright&quot;:&quot;&quot;,&quot;focal_length&quot;:&quot;6.7649998656528&quot;,&quot;iso&quot;:&quot;80&quot;,&quot;shutter_speed&quot;:&quot;0.00077821011673152&quot;,&quot;title&quot;:&quot;&quot;,&quot;orientation&quot;:&quot;1&quot;}\" data-image-title=\"IMG_4673\" data-image-description=\"\" data-image-caption=\"\" data-large-file=\"https:\/\/www.cisa-arica.cl\/wp1\/wp-content\/uploads\/2024\/08\/IMG_4673-450x600.jpg\" data-attachment-id=\"26236\" data-permalink=\"https:\/\/www.cisa-arica.cl\/wp1\/2024\/08\/14\/dia-de-la-ninez-educacion-parvularia\/img_4673-2\/\" data-orig-file=\"https:\/\/www.cisa-arica.cl\/wp1\/wp-content\/uploads\/2024\/08\/IMG_4673-scaled.jpg\" data-orig-size=\"1920,2560\" data-comments-opened=\"0\" data-image-meta=\"{&quot;aperture&quot;:&quot;1.78&quot;,&quot;credit&quot;:&quot;&quot;,&quot;camera&quot;:&quot;iPhone 15 Pro&quot;,&quot;caption&quot;:&quot;&quot;,&quot;created_timestamp&quot;:&quot;1723469439&quot;,&quot;copyright&quot;:&quot;&quot;,&quot;focal_length&quot;:&quot;6.7649998656528&quot;,&quot;iso&quot;:&quot;80&quot;,&quot;shutter_speed&quot;:&quot;0.00077821011673152&quot;,&quot;title&quot;:&quot;&quot;,&quot;orientation&quot;:&quot;1&quot;}\" data-image-title=\"IMG_4673\" data-image-description=\"\" data-image-caption=\"\" data-large-file=\"https:\/\/www.cisa-arica.cl\/wp1\/wp-content\/uploads\/2024\/08\/IMG_4673-450x600.jpg\" role=\"button\" tabindex=\"0\" aria-label=\"Abrir la imagen 8 de 16 en pantalla completa\"srcset=\"https:\/\/i1.wp.com\/www.cisa-arica.cl\/wp1\/wp-content\/uploads\/2024\/08\/IMG_4673-450x600.jpg?strip=info&#038;w=600&#038;ssl=1 600w,https:\/\/i1.wp.com\/www.cisa-arica.cl\/wp1\/wp-content\/uploads\/2024\/08\/IMG_4673-450x600.jpg?strip=info&#038;w=900&#038;ssl=1 900w,https:\/\/i1.wp.com\/www.cisa-arica.cl\/wp1\/wp-content\/uploads\/2024\/08\/IMG_4673-450x600.jpg?strip=info&#038;w=1200&#038;ssl=1 1200w,https:\/\/i1.wp.com\/www.cisa-arica.cl\/wp1\/wp-content\/uploads\/2024\/08\/IMG_4673-450x600.jpg?strip=info&#038;w=1500&#038;ssl=1 1500w,https:\/\/i1.wp.com\/www.cisa-arica.cl\/wp1\/wp-content\/uploads\/2024\/08\/IMG_4673-450x600.jpg?strip=info&#038;w=1800&#038;ssl=1 1800w,https:\/\/i1.wp.com\/www.cisa-arica.cl\/wp1\/wp-content\/uploads\/2024\/08\/IMG_4673-450x600.jpg?strip=info&#038;w=1920&#038;ssl=1 1920w\" alt=\"\" data-height=\"2560\" data-id=\"26236\" data-link=\"https:\/\/www.cisa-arica.cl\/wp1\/?attachment_id=26236\" data-url=\"https:\/\/www.cisa-arica.cl\/wp1\/wp-content\/uploads\/2024\/08\/IMG_4673-450x600.jpg\" data-width=\"1920\" src=\"https:\/\/i1.wp.com\/www.cisa-arica.cl\/wp1\/wp-content\/uploads\/2024\/08\/IMG_4673-450x600.jpg?ssl=1\" data-amp-layout=\"responsive\"\/><\/figure><\/div><div class=\"tiled-gallery__col\" style=\"flex-basis:33.33333%\"><figure class=\"tiled-gallery__item\"><img decoding=\"async\" data-attachment-id=\"26237\" data-permalink=\"https:\/\/www.cisa-arica.cl\/wp1\/2024\/08\/14\/dia-de-la-ninez-educacion-parvularia\/img_4674-2\/\" data-orig-file=\"https:\/\/www.cisa-arica.cl\/wp1\/wp-content\/uploads\/2024\/08\/IMG_4674-scaled.jpg\" data-orig-size=\"1920,2560\" data-comments-opened=\"0\" data-image-meta=\"{&quot;aperture&quot;:&quot;1.78&quot;,&quot;credit&quot;:&quot;&quot;,&quot;camera&quot;:&quot;iPhone 15 Pro&quot;,&quot;caption&quot;:&quot;&quot;,&quot;created_timestamp&quot;:&quot;1723469449&quot;,&quot;copyright&quot;:&quot;&quot;,&quot;focal_length&quot;:&quot;6.7649998656528&quot;,&quot;iso&quot;:&quot;64&quot;,&quot;shutter_speed&quot;:&quot;0.00055005500550055&quot;,&quot;title&quot;:&quot;&quot;,&quot;orientation&quot;:&quot;1&quot;}\" data-image-title=\"IMG_4674\" data-image-description=\"\" data-image-caption=\"\" data-large-file=\"https:\/\/www.cisa-arica.cl\/wp1\/wp-content\/uploads\/2024\/08\/IMG_4674-450x600.jpg\" data-attachment-id=\"26237\" data-permalink=\"https:\/\/www.cisa-arica.cl\/wp1\/2024\/08\/14\/dia-de-la-ninez-educacion-parvularia\/img_4674-2\/\" data-orig-file=\"https:\/\/www.cisa-arica.cl\/wp1\/wp-content\/uploads\/2024\/08\/IMG_4674-scaled.jpg\" data-orig-size=\"1920,2560\" data-comments-opened=\"0\" data-image-meta=\"{&quot;aperture&quot;:&quot;1.78&quot;,&quot;credit&quot;:&quot;&quot;,&quot;camera&quot;:&quot;iPhone 15 Pro&quot;,&quot;caption&quot;:&quot;&quot;,&quot;created_timestamp&quot;:&quot;1723469449&quot;,&quot;copyright&quot;:&quot;&quot;,&quot;focal_length&quot;:&quot;6.7649998656528&quot;,&quot;iso&quot;:&quot;64&quot;,&quot;shutter_speed&quot;:&quot;0.00055005500550055&quot;,&quot;title&quot;:&quot;&quot;,&quot;orientation&quot;:&quot;1&quot;}\" data-image-title=\"IMG_4674\" data-image-description=\"\" data-image-caption=\"\" data-large-file=\"https:\/\/www.cisa-arica.cl\/wp1\/wp-content\/uploads\/2024\/08\/IMG_4674-450x600.jpg\" role=\"button\" tabindex=\"0\" aria-label=\"Abrir la imagen 9 de 16 en pantalla completa\"srcset=\"https:\/\/i0.wp.com\/www.cisa-arica.cl\/wp1\/wp-content\/uploads\/2024\/08\/IMG_4674-450x600.jpg?strip=info&#038;w=600&#038;ssl=1 600w,https:\/\/i0.wp.com\/www.cisa-arica.cl\/wp1\/wp-content\/uploads\/2024\/08\/IMG_4674-450x600.jpg?strip=info&#038;w=900&#038;ssl=1 900w,https:\/\/i0.wp.com\/www.cisa-arica.cl\/wp1\/wp-content\/uploads\/2024\/08\/IMG_4674-450x600.jpg?strip=info&#038;w=1200&#038;ssl=1 1200w,https:\/\/i0.wp.com\/www.cisa-arica.cl\/wp1\/wp-content\/uploads\/2024\/08\/IMG_4674-450x600.jpg?strip=info&#038;w=1500&#038;ssl=1 1500w,https:\/\/i0.wp.com\/www.cisa-arica.cl\/wp1\/wp-content\/uploads\/2024\/08\/IMG_4674-450x600.jpg?strip=info&#038;w=1800&#038;ssl=1 1800w,https:\/\/i0.wp.com\/www.cisa-arica.cl\/wp1\/wp-content\/uploads\/2024\/08\/IMG_4674-450x600.jpg?strip=info&#038;w=1920&#038;ssl=1 1920w\" alt=\"\" data-height=\"2560\" data-id=\"26237\" data-link=\"https:\/\/www.cisa-arica.cl\/wp1\/?attachment_id=26237\" data-url=\"https:\/\/www.cisa-arica.cl\/wp1\/wp-content\/uploads\/2024\/08\/IMG_4674-450x600.jpg\" data-width=\"1920\" src=\"https:\/\/i0.wp.com\/www.cisa-arica.cl\/wp1\/wp-content\/uploads\/2024\/08\/IMG_4674-450x600.jpg?ssl=1\" data-amp-layout=\"responsive\"\/><\/figure><\/div><\/div><div class=\"tiled-gallery__row\"><div class=\"tiled-gallery__col\" style=\"flex-basis:25.00000%\"><figure class=\"tiled-gallery__item\"><img decoding=\"async\" data-attachment-id=\"26238\" data-permalink=\"https:\/\/www.cisa-arica.cl\/wp1\/2024\/08\/14\/dia-de-la-ninez-educacion-parvularia\/img_4675\/\" data-orig-file=\"https:\/\/www.cisa-arica.cl\/wp1\/wp-content\/uploads\/2024\/08\/IMG_4675-scaled.jpg\" data-orig-size=\"1920,2560\" data-comments-opened=\"0\" data-image-meta=\"{&quot;aperture&quot;:&quot;2.8&quot;,&quot;credit&quot;:&quot;&quot;,&quot;camera&quot;:&quot;iPhone 15 Pro&quot;,&quot;caption&quot;:&quot;&quot;,&quot;created_timestamp&quot;:&quot;1723469488&quot;,&quot;copyright&quot;:&quot;&quot;,&quot;focal_length&quot;:&quot;9&quot;,&quot;iso&quot;:&quot;25&quot;,&quot;shutter_speed&quot;:&quot;0.0081967213114754&quot;,&quot;title&quot;:&quot;&quot;,&quot;orientation&quot;:&quot;1&quot;}\" data-image-title=\"IMG_4675\" data-image-description=\"\" data-image-caption=\"\" data-large-file=\"https:\/\/www.cisa-arica.cl\/wp1\/wp-content\/uploads\/2024\/08\/IMG_4675-450x600.jpg\" data-attachment-id=\"26238\" data-permalink=\"https:\/\/www.cisa-arica.cl\/wp1\/2024\/08\/14\/dia-de-la-ninez-educacion-parvularia\/img_4675\/\" data-orig-file=\"https:\/\/www.cisa-arica.cl\/wp1\/wp-content\/uploads\/2024\/08\/IMG_4675-scaled.jpg\" data-orig-size=\"1920,2560\" data-comments-opened=\"0\" data-image-meta=\"{&quot;aperture&quot;:&quot;2.8&quot;,&quot;credit&quot;:&quot;&quot;,&quot;camera&quot;:&quot;iPhone 15 Pro&quot;,&quot;caption&quot;:&quot;&quot;,&quot;created_timestamp&quot;:&quot;1723469488&quot;,&quot;copyright&quot;:&quot;&quot;,&quot;focal_length&quot;:&quot;9&quot;,&quot;iso&quot;:&quot;25&quot;,&quot;shutter_speed&quot;:&quot;0.0081967213114754&quot;,&quot;title&quot;:&quot;&quot;,&quot;orientation&quot;:&quot;1&quot;}\" data-image-title=\"IMG_4675\" data-image-description=\"\" data-image-caption=\"\" data-large-file=\"https:\/\/www.cisa-arica.cl\/wp1\/wp-content\/uploads\/2024\/08\/IMG_4675-450x600.jpg\" role=\"button\" tabindex=\"0\" aria-label=\"Abrir la imagen 10 de 16 en pantalla completa\"srcset=\"https:\/\/i2.wp.com\/www.cisa-arica.cl\/wp1\/wp-content\/uploads\/2024\/08\/IMG_4675-450x600.jpg?strip=info&#038;w=600&#038;ssl=1 600w,https:\/\/i2.wp.com\/www.cisa-arica.cl\/wp1\/wp-content\/uploads\/2024\/08\/IMG_4675-450x600.jpg?strip=info&#038;w=900&#038;ssl=1 900w,https:\/\/i2.wp.com\/www.cisa-arica.cl\/wp1\/wp-content\/uploads\/2024\/08\/IMG_4675-450x600.jpg?strip=info&#038;w=1200&#038;ssl=1 1200w,https:\/\/i2.wp.com\/www.cisa-arica.cl\/wp1\/wp-content\/uploads\/2024\/08\/IMG_4675-450x600.jpg?strip=info&#038;w=1500&#038;ssl=1 1500w,https:\/\/i2.wp.com\/www.cisa-arica.cl\/wp1\/wp-content\/uploads\/2024\/08\/IMG_4675-450x600.jpg?strip=info&#038;w=1800&#038;ssl=1 1800w,https:\/\/i2.wp.com\/www.cisa-arica.cl\/wp1\/wp-content\/uploads\/2024\/08\/IMG_4675-450x600.jpg?strip=info&#038;w=1920&#038;ssl=1 1920w\" alt=\"\" data-height=\"2560\" data-id=\"26238\" data-link=\"https:\/\/www.cisa-arica.cl\/wp1\/?attachment_id=26238\" data-url=\"https:\/\/www.cisa-arica.cl\/wp1\/wp-content\/uploads\/2024\/08\/IMG_4675-450x600.jpg\" data-width=\"1920\" src=\"https:\/\/i2.wp.com\/www.cisa-arica.cl\/wp1\/wp-content\/uploads\/2024\/08\/IMG_4675-450x600.jpg?ssl=1\" data-amp-layout=\"responsive\"\/><\/figure><\/div><div class=\"tiled-gallery__col\" style=\"flex-basis:25.00000%\"><figure class=\"tiled-gallery__item\"><img decoding=\"async\" data-attachment-id=\"26239\" data-permalink=\"https:\/\/www.cisa-arica.cl\/wp1\/2024\/08\/14\/dia-de-la-ninez-educacion-parvularia\/img_4677\/\" data-orig-file=\"https:\/\/www.cisa-arica.cl\/wp1\/wp-content\/uploads\/2024\/08\/IMG_4677-scaled.jpg\" data-orig-size=\"1920,2560\" data-comments-opened=\"0\" data-image-meta=\"{&quot;aperture&quot;:&quot;2.8&quot;,&quot;credit&quot;:&quot;&quot;,&quot;camera&quot;:&quot;iPhone 15 Pro&quot;,&quot;caption&quot;:&quot;&quot;,&quot;created_timestamp&quot;:&quot;1723469492&quot;,&quot;copyright&quot;:&quot;&quot;,&quot;focal_length&quot;:&quot;9&quot;,&quot;iso&quot;:&quot;25&quot;,&quot;shutter_speed&quot;:&quot;0.01010101010101&quot;,&quot;title&quot;:&quot;&quot;,&quot;orientation&quot;:&quot;1&quot;}\" data-image-title=\"IMG_4677\" data-image-description=\"\" data-image-caption=\"\" data-large-file=\"https:\/\/www.cisa-arica.cl\/wp1\/wp-content\/uploads\/2024\/08\/IMG_4677-450x600.jpg\" data-attachment-id=\"26239\" data-permalink=\"https:\/\/www.cisa-arica.cl\/wp1\/2024\/08\/14\/dia-de-la-ninez-educacion-parvularia\/img_4677\/\" data-orig-file=\"https:\/\/www.cisa-arica.cl\/wp1\/wp-content\/uploads\/2024\/08\/IMG_4677-scaled.jpg\" data-orig-size=\"1920,2560\" data-comments-opened=\"0\" data-image-meta=\"{&quot;aperture&quot;:&quot;2.8&quot;,&quot;credit&quot;:&quot;&quot;,&quot;camera&quot;:&quot;iPhone 15 Pro&quot;,&quot;caption&quot;:&quot;&quot;,&quot;created_timestamp&quot;:&quot;1723469492&quot;,&quot;copyright&quot;:&quot;&quot;,&quot;focal_length&quot;:&quot;9&quot;,&quot;iso&quot;:&quot;25&quot;,&quot;shutter_speed&quot;:&quot;0.01010101010101&quot;,&quot;title&quot;:&quot;&quot;,&quot;orientation&quot;:&quot;1&quot;}\" data-image-title=\"IMG_4677\" data-image-description=\"\" data-image-caption=\"\" data-large-file=\"https:\/\/www.cisa-arica.cl\/wp1\/wp-content\/uploads\/2024\/08\/IMG_4677-450x600.jpg\" role=\"button\" tabindex=\"0\" aria-label=\"Abrir la imagen 11 de 16 en pantalla completa\"srcset=\"https:\/\/i0.wp.com\/www.cisa-arica.cl\/wp1\/wp-content\/uploads\/2024\/08\/IMG_4677-450x600.jpg?strip=info&#038;w=600&#038;ssl=1 600w,https:\/\/i0.wp.com\/www.cisa-arica.cl\/wp1\/wp-content\/uploads\/2024\/08\/IMG_4677-450x600.jpg?strip=info&#038;w=900&#038;ssl=1 900w,https:\/\/i0.wp.com\/www.cisa-arica.cl\/wp1\/wp-content\/uploads\/2024\/08\/IMG_4677-450x600.jpg?strip=info&#038;w=1200&#038;ssl=1 1200w,https:\/\/i0.wp.com\/www.cisa-arica.cl\/wp1\/wp-content\/uploads\/2024\/08\/IMG_4677-450x600.jpg?strip=info&#038;w=1500&#038;ssl=1 1500w,https:\/\/i0.wp.com\/www.cisa-arica.cl\/wp1\/wp-content\/uploads\/2024\/08\/IMG_4677-450x600.jpg?strip=info&#038;w=1800&#038;ssl=1 1800w,https:\/\/i0.wp.com\/www.cisa-arica.cl\/wp1\/wp-content\/uploads\/2024\/08\/IMG_4677-450x600.jpg?strip=info&#038;w=1920&#038;ssl=1 1920w\" alt=\"\" data-height=\"2560\" data-id=\"26239\" data-link=\"https:\/\/www.cisa-arica.cl\/wp1\/?attachment_id=26239\" data-url=\"https:\/\/www.cisa-arica.cl\/wp1\/wp-content\/uploads\/2024\/08\/IMG_4677-450x600.jpg\" data-width=\"1920\" src=\"https:\/\/i0.wp.com\/www.cisa-arica.cl\/wp1\/wp-content\/uploads\/2024\/08\/IMG_4677-450x600.jpg?ssl=1\" data-amp-layout=\"responsive\"\/><\/figure><\/div><div class=\"tiled-gallery__col\" style=\"flex-basis:25.00000%\"><figure class=\"tiled-gallery__item\"><img decoding=\"async\" data-attachment-id=\"26240\" data-permalink=\"https:\/\/www.cisa-arica.cl\/wp1\/2024\/08\/14\/dia-de-la-ninez-educacion-parvularia\/img_4688-2\/\" data-orig-file=\"https:\/\/www.cisa-arica.cl\/wp1\/wp-content\/uploads\/2024\/08\/IMG_4688-scaled.jpg\" data-orig-size=\"1920,2560\" data-comments-opened=\"0\" data-image-meta=\"{&quot;aperture&quot;:&quot;1.78&quot;,&quot;credit&quot;:&quot;&quot;,&quot;camera&quot;:&quot;iPhone 15 Pro&quot;,&quot;caption&quot;:&quot;&quot;,&quot;created_timestamp&quot;:&quot;1723469728&quot;,&quot;copyright&quot;:&quot;&quot;,&quot;focal_length&quot;:&quot;6.7649998656528&quot;,&quot;iso&quot;:&quot;80&quot;,&quot;shutter_speed&quot;:&quot;0.0012936610608021&quot;,&quot;title&quot;:&quot;&quot;,&quot;orientation&quot;:&quot;1&quot;}\" data-image-title=\"IMG_4688\" data-image-description=\"\" data-image-caption=\"\" data-large-file=\"https:\/\/www.cisa-arica.cl\/wp1\/wp-content\/uploads\/2024\/08\/IMG_4688-450x600.jpg\" data-attachment-id=\"26240\" data-permalink=\"https:\/\/www.cisa-arica.cl\/wp1\/2024\/08\/14\/dia-de-la-ninez-educacion-parvularia\/img_4688-2\/\" data-orig-file=\"https:\/\/www.cisa-arica.cl\/wp1\/wp-content\/uploads\/2024\/08\/IMG_4688-scaled.jpg\" data-orig-size=\"1920,2560\" data-comments-opened=\"0\" data-image-meta=\"{&quot;aperture&quot;:&quot;1.78&quot;,&quot;credit&quot;:&quot;&quot;,&quot;camera&quot;:&quot;iPhone 15 Pro&quot;,&quot;caption&quot;:&quot;&quot;,&quot;created_timestamp&quot;:&quot;1723469728&quot;,&quot;copyright&quot;:&quot;&quot;,&quot;focal_length&quot;:&quot;6.7649998656528&quot;,&quot;iso&quot;:&quot;80&quot;,&quot;shutter_speed&quot;:&quot;0.0012936610608021&quot;,&quot;title&quot;:&quot;&quot;,&quot;orientation&quot;:&quot;1&quot;}\" data-image-title=\"IMG_4688\" data-image-description=\"\" data-image-caption=\"\" data-large-file=\"https:\/\/www.cisa-arica.cl\/wp1\/wp-content\/uploads\/2024\/08\/IMG_4688-450x600.jpg\" role=\"button\" tabindex=\"0\" aria-label=\"Abrir la imagen 12 de 16 en pantalla completa\"srcset=\"https:\/\/i1.wp.com\/www.cisa-arica.cl\/wp1\/wp-content\/uploads\/2024\/08\/IMG_4688-450x600.jpg?strip=info&#038;w=600&#038;ssl=1 600w,https:\/\/i1.wp.com\/www.cisa-arica.cl\/wp1\/wp-content\/uploads\/2024\/08\/IMG_4688-450x600.jpg?strip=info&#038;w=900&#038;ssl=1 900w,https:\/\/i1.wp.com\/www.cisa-arica.cl\/wp1\/wp-content\/uploads\/2024\/08\/IMG_4688-450x600.jpg?strip=info&#038;w=1200&#038;ssl=1 1200w,https:\/\/i1.wp.com\/www.cisa-arica.cl\/wp1\/wp-content\/uploads\/2024\/08\/IMG_4688-450x600.jpg?strip=info&#038;w=1500&#038;ssl=1 1500w,https:\/\/i1.wp.com\/www.cisa-arica.cl\/wp1\/wp-content\/uploads\/2024\/08\/IMG_4688-450x600.jpg?strip=info&#038;w=1800&#038;ssl=1 1800w,https:\/\/i1.wp.com\/www.cisa-arica.cl\/wp1\/wp-content\/uploads\/2024\/08\/IMG_4688-450x600.jpg?strip=info&#038;w=1920&#038;ssl=1 1920w\" alt=\"\" data-height=\"2560\" data-id=\"26240\" data-link=\"https:\/\/www.cisa-arica.cl\/wp1\/?attachment_id=26240\" data-url=\"https:\/\/www.cisa-arica.cl\/wp1\/wp-content\/uploads\/2024\/08\/IMG_4688-450x600.jpg\" data-width=\"1920\" src=\"https:\/\/i1.wp.com\/www.cisa-arica.cl\/wp1\/wp-content\/uploads\/2024\/08\/IMG_4688-450x600.jpg?ssl=1\" data-amp-layout=\"responsive\"\/><\/figure><\/div><div class=\"tiled-gallery__col\" style=\"flex-basis:25.00000%\"><figure class=\"tiled-gallery__item\"><img decoding=\"async\" data-attachment-id=\"26241\" data-permalink=\"https:\/\/www.cisa-arica.cl\/wp1\/2024\/08\/14\/dia-de-la-ninez-educacion-parvularia\/img_4690-2\/\" data-orig-file=\"https:\/\/www.cisa-arica.cl\/wp1\/wp-content\/uploads\/2024\/08\/IMG_4690-scaled.jpg\" data-orig-size=\"1920,2560\" data-comments-opened=\"0\" data-image-meta=\"{&quot;aperture&quot;:&quot;1.78&quot;,&quot;credit&quot;:&quot;&quot;,&quot;camera&quot;:&quot;iPhone 15 Pro&quot;,&quot;caption&quot;:&quot;&quot;,&quot;created_timestamp&quot;:&quot;1723469740&quot;,&quot;copyright&quot;:&quot;&quot;,&quot;focal_length&quot;:&quot;6.7649998656528&quot;,&quot;iso&quot;:&quot;80&quot;,&quot;shutter_speed&quot;:&quot;0.0024570024570025&quot;,&quot;title&quot;:&quot;&quot;,&quot;orientation&quot;:&quot;1&quot;}\" data-image-title=\"IMG_4690\" data-image-description=\"\" data-image-caption=\"\" data-large-file=\"https:\/\/www.cisa-arica.cl\/wp1\/wp-content\/uploads\/2024\/08\/IMG_4690-450x600.jpg\" data-attachment-id=\"26241\" data-permalink=\"https:\/\/www.cisa-arica.cl\/wp1\/2024\/08\/14\/dia-de-la-ninez-educacion-parvularia\/img_4690-2\/\" data-orig-file=\"https:\/\/www.cisa-arica.cl\/wp1\/wp-content\/uploads\/2024\/08\/IMG_4690-scaled.jpg\" data-orig-size=\"1920,2560\" data-comments-opened=\"0\" data-image-meta=\"{&quot;aperture&quot;:&quot;1.78&quot;,&quot;credit&quot;:&quot;&quot;,&quot;camera&quot;:&quot;iPhone 15 Pro&quot;,&quot;caption&quot;:&quot;&quot;,&quot;created_timestamp&quot;:&quot;1723469740&quot;,&quot;copyright&quot;:&quot;&quot;,&quot;focal_length&quot;:&quot;6.7649998656528&quot;,&quot;iso&quot;:&quot;80&quot;,&quot;shutter_speed&quot;:&quot;0.0024570024570025&quot;,&quot;title&quot;:&quot;&quot;,&quot;orientation&quot;:&quot;1&quot;}\" data-image-title=\"IMG_4690\" data-image-description=\"\" data-image-caption=\"\" data-large-file=\"https:\/\/www.cisa-arica.cl\/wp1\/wp-content\/uploads\/2024\/08\/IMG_4690-450x600.jpg\" role=\"button\" tabindex=\"0\" aria-label=\"Abrir la imagen 13 de 16 en pantalla completa\"srcset=\"https:\/\/i2.wp.com\/www.cisa-arica.cl\/wp1\/wp-content\/uploads\/2024\/08\/IMG_4690-450x600.jpg?strip=info&#038;w=600&#038;ssl=1 600w,https:\/\/i2.wp.com\/www.cisa-arica.cl\/wp1\/wp-content\/uploads\/2024\/08\/IMG_4690-450x600.jpg?strip=info&#038;w=900&#038;ssl=1 900w,https:\/\/i2.wp.com\/www.cisa-arica.cl\/wp1\/wp-content\/uploads\/2024\/08\/IMG_4690-450x600.jpg?strip=info&#038;w=1200&#038;ssl=1 1200w,https:\/\/i2.wp.com\/www.cisa-arica.cl\/wp1\/wp-content\/uploads\/2024\/08\/IMG_4690-450x600.jpg?strip=info&#038;w=1500&#038;ssl=1 1500w,https:\/\/i2.wp.com\/www.cisa-arica.cl\/wp1\/wp-content\/uploads\/2024\/08\/IMG_4690-450x600.jpg?strip=info&#038;w=1800&#038;ssl=1 1800w,https:\/\/i2.wp.com\/www.cisa-arica.cl\/wp1\/wp-content\/uploads\/2024\/08\/IMG_4690-450x600.jpg?strip=info&#038;w=1920&#038;ssl=1 1920w\" alt=\"\" data-height=\"2560\" data-id=\"26241\" data-link=\"https:\/\/www.cisa-arica.cl\/wp1\/?attachment_id=26241\" data-url=\"https:\/\/www.cisa-arica.cl\/wp1\/wp-content\/uploads\/2024\/08\/IMG_4690-450x600.jpg\" data-width=\"1920\" src=\"https:\/\/i2.wp.com\/www.cisa-arica.cl\/wp1\/wp-content\/uploads\/2024\/08\/IMG_4690-450x600.jpg?ssl=1\" data-amp-layout=\"responsive\"\/><\/figure><\/div><\/div><div class=\"tiled-gallery__row\"><div class=\"tiled-gallery__col\" style=\"flex-basis:33.33333%\"><figure class=\"tiled-gallery__item\"><img decoding=\"async\" data-attachment-id=\"26242\" data-permalink=\"https:\/\/www.cisa-arica.cl\/wp1\/2024\/08\/14\/dia-de-la-ninez-educacion-parvularia\/img_4695-2\/\" data-orig-file=\"https:\/\/www.cisa-arica.cl\/wp1\/wp-content\/uploads\/2024\/08\/IMG_4695-scaled.jpg\" data-orig-size=\"1920,2560\" data-comments-opened=\"0\" data-image-meta=\"{&quot;aperture&quot;:&quot;1.78&quot;,&quot;credit&quot;:&quot;&quot;,&quot;camera&quot;:&quot;iPhone 15 Pro&quot;,&quot;caption&quot;:&quot;&quot;,&quot;created_timestamp&quot;:&quot;1723469918&quot;,&quot;copyright&quot;:&quot;&quot;,&quot;focal_length&quot;:&quot;6.7649998656528&quot;,&quot;iso&quot;:&quot;200&quot;,&quot;shutter_speed&quot;:&quot;0.0082644628099174&quot;,&quot;title&quot;:&quot;&quot;,&quot;orientation&quot;:&quot;1&quot;}\" data-image-title=\"IMG_4695\" data-image-description=\"\" data-image-caption=\"\" data-large-file=\"https:\/\/www.cisa-arica.cl\/wp1\/wp-content\/uploads\/2024\/08\/IMG_4695-450x600.jpg\" data-attachment-id=\"26242\" data-permalink=\"https:\/\/www.cisa-arica.cl\/wp1\/2024\/08\/14\/dia-de-la-ninez-educacion-parvularia\/img_4695-2\/\" data-orig-file=\"https:\/\/www.cisa-arica.cl\/wp1\/wp-content\/uploads\/2024\/08\/IMG_4695-scaled.jpg\" data-orig-size=\"1920,2560\" data-comments-opened=\"0\" data-image-meta=\"{&quot;aperture&quot;:&quot;1.78&quot;,&quot;credit&quot;:&quot;&quot;,&quot;camera&quot;:&quot;iPhone 15 Pro&quot;,&quot;caption&quot;:&quot;&quot;,&quot;created_timestamp&quot;:&quot;1723469918&quot;,&quot;copyright&quot;:&quot;&quot;,&quot;focal_length&quot;:&quot;6.7649998656528&quot;,&quot;iso&quot;:&quot;200&quot;,&quot;shutter_speed&quot;:&quot;0.0082644628099174&quot;,&quot;title&quot;:&quot;&quot;,&quot;orientation&quot;:&quot;1&quot;}\" data-image-title=\"IMG_4695\" data-image-description=\"\" data-image-caption=\"\" data-large-file=\"https:\/\/www.cisa-arica.cl\/wp1\/wp-content\/uploads\/2024\/08\/IMG_4695-450x600.jpg\" role=\"button\" tabindex=\"0\" aria-label=\"Abrir la imagen 14 de 16 en pantalla completa\"srcset=\"https:\/\/i1.wp.com\/www.cisa-arica.cl\/wp1\/wp-content\/uploads\/2024\/08\/IMG_4695-450x600.jpg?strip=info&#038;w=600&#038;ssl=1 600w,https:\/\/i1.wp.com\/www.cisa-arica.cl\/wp1\/wp-content\/uploads\/2024\/08\/IMG_4695-450x600.jpg?strip=info&#038;w=900&#038;ssl=1 900w,https:\/\/i1.wp.com\/www.cisa-arica.cl\/wp1\/wp-content\/uploads\/2024\/08\/IMG_4695-450x600.jpg?strip=info&#038;w=1200&#038;ssl=1 1200w,https:\/\/i1.wp.com\/www.cisa-arica.cl\/wp1\/wp-content\/uploads\/2024\/08\/IMG_4695-450x600.jpg?strip=info&#038;w=1500&#038;ssl=1 1500w,https:\/\/i1.wp.com\/www.cisa-arica.cl\/wp1\/wp-content\/uploads\/2024\/08\/IMG_4695-450x600.jpg?strip=info&#038;w=1800&#038;ssl=1 1800w,https:\/\/i1.wp.com\/www.cisa-arica.cl\/wp1\/wp-content\/uploads\/2024\/08\/IMG_4695-450x600.jpg?strip=info&#038;w=1920&#038;ssl=1 1920w\" alt=\"\" data-height=\"2560\" data-id=\"26242\" data-link=\"https:\/\/www.cisa-arica.cl\/wp1\/?attachment_id=26242\" data-url=\"https:\/\/www.cisa-arica.cl\/wp1\/wp-content\/uploads\/2024\/08\/IMG_4695-450x600.jpg\" data-width=\"1920\" src=\"https:\/\/i1.wp.com\/www.cisa-arica.cl\/wp1\/wp-content\/uploads\/2024\/08\/IMG_4695-450x600.jpg?ssl=1\" data-amp-layout=\"responsive\"\/><\/figure><\/div><div class=\"tiled-gallery__col\" style=\"flex-basis:33.33333%\"><figure class=\"tiled-gallery__item\"><img decoding=\"async\" data-attachment-id=\"26243\" data-permalink=\"https:\/\/www.cisa-arica.cl\/wp1\/2024\/08\/14\/dia-de-la-ninez-educacion-parvularia\/img_4701-2\/\" data-orig-file=\"https:\/\/www.cisa-arica.cl\/wp1\/wp-content\/uploads\/2024\/08\/IMG_4701-scaled.jpg\" data-orig-size=\"1920,2560\" data-comments-opened=\"0\" data-image-meta=\"{&quot;aperture&quot;:&quot;1.78&quot;,&quot;credit&quot;:&quot;&quot;,&quot;camera&quot;:&quot;iPhone 15 Pro&quot;,&quot;caption&quot;:&quot;&quot;,&quot;created_timestamp&quot;:&quot;1723470122&quot;,&quot;copyright&quot;:&quot;&quot;,&quot;focal_length&quot;:&quot;6.7649998656528&quot;,&quot;iso&quot;:&quot;64&quot;,&quot;shutter_speed&quot;:&quot;0.0082644628099174&quot;,&quot;title&quot;:&quot;&quot;,&quot;orientation&quot;:&quot;1&quot;}\" data-image-title=\"IMG_4701\" data-image-description=\"\" data-image-caption=\"\" data-large-file=\"https:\/\/www.cisa-arica.cl\/wp1\/wp-content\/uploads\/2024\/08\/IMG_4701-450x600.jpg\" data-attachment-id=\"26243\" data-permalink=\"https:\/\/www.cisa-arica.cl\/wp1\/2024\/08\/14\/dia-de-la-ninez-educacion-parvularia\/img_4701-2\/\" data-orig-file=\"https:\/\/www.cisa-arica.cl\/wp1\/wp-content\/uploads\/2024\/08\/IMG_4701-scaled.jpg\" data-orig-size=\"1920,2560\" data-comments-opened=\"0\" data-image-meta=\"{&quot;aperture&quot;:&quot;1.78&quot;,&quot;credit&quot;:&quot;&quot;,&quot;camera&quot;:&quot;iPhone 15 Pro&quot;,&quot;caption&quot;:&quot;&quot;,&quot;created_timestamp&quot;:&quot;1723470122&quot;,&quot;copyright&quot;:&quot;&quot;,&quot;focal_length&quot;:&quot;6.7649998656528&quot;,&quot;iso&quot;:&quot;64&quot;,&quot;shutter_speed&quot;:&quot;0.0082644628099174&quot;,&quot;title&quot;:&quot;&quot;,&quot;orientation&quot;:&quot;1&quot;}\" data-image-title=\"IMG_4701\" data-image-description=\"\" data-image-caption=\"\" data-large-file=\"https:\/\/www.cisa-arica.cl\/wp1\/wp-content\/uploads\/2024\/08\/IMG_4701-450x600.jpg\" role=\"button\" tabindex=\"0\" aria-label=\"Abrir la imagen 15 de 16 en pantalla completa\"srcset=\"https:\/\/i2.wp.com\/www.cisa-arica.cl\/wp1\/wp-content\/uploads\/2024\/08\/IMG_4701-450x600.jpg?strip=info&#038;w=600&#038;ssl=1 600w,https:\/\/i2.wp.com\/www.cisa-arica.cl\/wp1\/wp-content\/uploads\/2024\/08\/IMG_4701-450x600.jpg?strip=info&#038;w=900&#038;ssl=1 900w,https:\/\/i2.wp.com\/www.cisa-arica.cl\/wp1\/wp-content\/uploads\/2024\/08\/IMG_4701-450x600.jpg?strip=info&#038;w=1200&#038;ssl=1 1200w,https:\/\/i2.wp.com\/www.cisa-arica.cl\/wp1\/wp-content\/uploads\/2024\/08\/IMG_4701-450x600.jpg?strip=info&#038;w=1500&#038;ssl=1 1500w,https:\/\/i2.wp.com\/www.cisa-arica.cl\/wp1\/wp-content\/uploads\/2024\/08\/IMG_4701-450x600.jpg?strip=info&#038;w=1800&#038;ssl=1 1800w,https:\/\/i2.wp.com\/www.cisa-arica.cl\/wp1\/wp-content\/uploads\/2024\/08\/IMG_4701-450x600.jpg?strip=info&#038;w=1920&#038;ssl=1 1920w\" alt=\"\" data-height=\"2560\" data-id=\"26243\" data-link=\"https:\/\/www.cisa-arica.cl\/wp1\/?attachment_id=26243\" data-url=\"https:\/\/www.cisa-arica.cl\/wp1\/wp-content\/uploads\/2024\/08\/IMG_4701-450x600.jpg\" data-width=\"1920\" src=\"https:\/\/i2.wp.com\/www.cisa-arica.cl\/wp1\/wp-content\/uploads\/2024\/08\/IMG_4701-450x600.jpg?ssl=1\" data-amp-layout=\"responsive\"\/><\/figure><\/div><div class=\"tiled-gallery__col\" style=\"flex-basis:33.33333%\"><figure class=\"tiled-gallery__item\"><img decoding=\"async\" data-attachment-id=\"26244\" data-permalink=\"https:\/\/www.cisa-arica.cl\/wp1\/2024\/08\/14\/dia-de-la-ninez-educacion-parvularia\/img_4704\/\" data-orig-file=\"https:\/\/www.cisa-arica.cl\/wp1\/wp-content\/uploads\/2024\/08\/IMG_4704-scaled.jpg\" data-orig-size=\"1920,2560\" data-comments-opened=\"0\" data-image-meta=\"{&quot;aperture&quot;:&quot;1.78&quot;,&quot;credit&quot;:&quot;&quot;,&quot;camera&quot;:&quot;iPhone 15 Pro&quot;,&quot;caption&quot;:&quot;&quot;,&quot;created_timestamp&quot;:&quot;1723470132&quot;,&quot;copyright&quot;:&quot;&quot;,&quot;focal_length&quot;:&quot;6.7649998656528&quot;,&quot;iso&quot;:&quot;64&quot;,&quot;shutter_speed&quot;:&quot;0.0044052863436123&quot;,&quot;title&quot;:&quot;&quot;,&quot;orientation&quot;:&quot;1&quot;}\" data-image-title=\"IMG_4704\" data-image-description=\"\" data-image-caption=\"\" data-large-file=\"https:\/\/www.cisa-arica.cl\/wp1\/wp-content\/uploads\/2024\/08\/IMG_4704-450x600.jpg\" data-attachment-id=\"26244\" data-permalink=\"https:\/\/www.cisa-arica.cl\/wp1\/2024\/08\/14\/dia-de-la-ninez-educacion-parvularia\/img_4704\/\" data-orig-file=\"https:\/\/www.cisa-arica.cl\/wp1\/wp-content\/uploads\/2024\/08\/IMG_4704-scaled.jpg\" data-orig-size=\"1920,2560\" data-comments-opened=\"0\" data-image-meta=\"{&quot;aperture&quot;:&quot;1.78&quot;,&quot;credit&quot;:&quot;&quot;,&quot;camera&quot;:&quot;iPhone 15 Pro&quot;,&quot;caption&quot;:&quot;&quot;,&quot;created_timestamp&quot;:&quot;1723470132&quot;,&quot;copyright&quot;:&quot;&quot;,&quot;focal_length&quot;:&quot;6.7649998656528&quot;,&quot;iso&quot;:&quot;64&quot;,&quot;shutter_speed&quot;:&quot;0.0044052863436123&quot;,&quot;title&quot;:&quot;&quot;,&quot;orientation&quot;:&quot;1&quot;}\" data-image-title=\"IMG_4704\" data-image-description=\"\" data-image-caption=\"\" data-large-file=\"https:\/\/www.cisa-arica.cl\/wp1\/wp-content\/uploads\/2024\/08\/IMG_4704-450x600.jpg\" role=\"button\" tabindex=\"0\" aria-label=\"Abrir la imagen 16 de 16 en pantalla completa\"srcset=\"https:\/\/i0.wp.com\/www.cisa-arica.cl\/wp1\/wp-content\/uploads\/2024\/08\/IMG_4704-450x600.jpg?strip=info&#038;w=600&#038;ssl=1 600w,https:\/\/i0.wp.com\/www.cisa-arica.cl\/wp1\/wp-content\/uploads\/2024\/08\/IMG_4704-450x600.jpg?strip=info&#038;w=900&#038;ssl=1 900w,https:\/\/i0.wp.com\/www.cisa-arica.cl\/wp1\/wp-content\/uploads\/2024\/08\/IMG_4704-450x600.jpg?strip=info&#038;w=1200&#038;ssl=1 1200w,https:\/\/i0.wp.com\/www.cisa-arica.cl\/wp1\/wp-content\/uploads\/2024\/08\/IMG_4704-450x600.jpg?strip=info&#038;w=1500&#038;ssl=1 1500w,https:\/\/i0.wp.com\/www.cisa-arica.cl\/wp1\/wp-content\/uploads\/2024\/08\/IMG_4704-450x600.jpg?strip=info&#038;w=1800&#038;ssl=1 1800w,https:\/\/i0.wp.com\/www.cisa-arica.cl\/wp1\/wp-content\/uploads\/2024\/08\/IMG_4704-450x600.jpg?strip=info&#038;w=1920&#038;ssl=1 1920w\" alt=\"\" data-height=\"2560\" data-id=\"26244\" data-link=\"https:\/\/www.cisa-arica.cl\/wp1\/?attachment_id=26244\" data-url=\"https:\/\/www.cisa-arica.cl\/wp1\/wp-content\/uploads\/2024\/08\/IMG_4704-450x600.jpg\" data-width=\"1920\" src=\"https:\/\/i0.wp.com\/www.cisa-arica.cl\/wp1\/wp-content\/uploads\/2024\/08\/IMG_4704-450x600.jpg?ssl=1\" data-amp-layout=\"responsive\"\/><\/figure><\/div><\/div><\/div><\/div>\n","protected":false},"excerpt":{"rendered":"<p>Con alegr\u00eda y entusiasmo, el nivel de educaci\u00f3n parvularia festej\u00f3 el D\u00eda de la Ni\u00f1ez con la planificaci\u00f3n de una serie de actividades en donde las peque\u00f1as estudiantes pudieron disfrutar de este d\u00eda junto a sus educadoras y t\u00edas t\u00e9cnicos. \u00a0<\/p>\n","protected":false},"author":5,"featured_media":26235,"comment_status":"closed","ping_status":"open","sticky":false,"template":"","format":"standard","meta":{"_jetpack_memberships_contains_paid_content":false,"footnotes":"","jetpack_publicize_message":"","jetpack_publicize_feature_enabled":true,"jetpack_social_post_already_shared":true,"jetpack_social_options":{"image_generator_settings":{"template":"highway","default_image_id":0,"font":"","enabled":false},"version":2}},"categories":[5],"tags":[],"class_list":["post-26225","post","type-post","status-publish","format-standard","has-post-thumbnail","hentry","category-uncategorized"],"jetpack_publicize_connections":[],"jetpack_featured_media_url":"https:\/\/www.cisa-arica.cl\/wp1\/wp-content\/uploads\/2024\/08\/IMG_4668-scaled.jpg","jetpack_sharing_enabled":true,"jetpack_shortlink":"https:\/\/wp.me\/p84wcz-6OZ","jetpack-related-posts":[{"id":13128,"url":"https:\/\/www.cisa-arica.cl\/wp1\/2021\/09\/17\/educacion-parvularia-juegos-tipicos-chilenos\/","url_meta":{"origin":26225,"position":0},"title":"Educaci\u00f3n Parvularia &#8211; Juegos t\u00edpicos chilenos","author":"Jeannette Rivera","date":"17 de Septiembre de 2021","format":false,"excerpt":"Estimada Comunidad Educativa: Hoy Viernes 17 de septiembre queremos comenzar este fin de semana de Fiestas Patrias con todo el \u00e1nimo de nuestras educadoras y t\u00e9cnicos de aula de Educaci\u00f3n Parvularia, quienes prepararon esta c\u00e1psula dieciochera con distintos juegos t\u00edpicos del pa\u00eds. Equipo Educaci\u00f3n Parvularia \u00a0","rel":"","context":"En &quot;CISA&quot;","block_context":{"text":"CISA","link":"https:\/\/www.cisa-arica.cl\/wp1\/category\/cisa\/"},"img":{"alt_text":"","src":"https:\/\/i0.wp.com\/www.cisa-arica.cl\/wp1\/wp-content\/uploads\/2021\/09\/18.png?resize=350%2C200&ssl=1","width":350,"height":200},"classes":[]},{"id":18459,"url":"https:\/\/www.cisa-arica.cl\/wp1\/2022\/11\/25\/semana-de-la-educacion-parvularia\/","url_meta":{"origin":26225,"position":1},"title":"Semana de la Educaci\u00f3n Parvularia","author":"Jeannette Rivera","date":"25 de Noviembre de 2022","format":false,"excerpt":"Con una serie de actividades las peque\u00f1as estudiantes junto a sus educadoras y t\u00edas t\u00e9cnicos , celebraron la Semana de la Educaci\u00f3n Parvularia.","rel":"","context":"Entrada similar ","block_context":{"text":"Entrada similar ","link":""},"img":{"alt_text":"","src":"https:\/\/i0.wp.com\/www.cisa-arica.cl\/wp1\/wp-content\/uploads\/2022\/12\/5117145C-DAD8-4768-87C5-4BE73B3E5DC3.jpeg?resize=350%2C200&ssl=1","width":350,"height":200,"srcset":"https:\/\/i0.wp.com\/www.cisa-arica.cl\/wp1\/wp-content\/uploads\/2022\/12\/5117145C-DAD8-4768-87C5-4BE73B3E5DC3.jpeg?resize=350%2C200&ssl=1 1x, https:\/\/i0.wp.com\/www.cisa-arica.cl\/wp1\/wp-content\/uploads\/2022\/12\/5117145C-DAD8-4768-87C5-4BE73B3E5DC3.jpeg?resize=525%2C300&ssl=1 1.5x, https:\/\/i0.wp.com\/www.cisa-arica.cl\/wp1\/wp-content\/uploads\/2022\/12\/5117145C-DAD8-4768-87C5-4BE73B3E5DC3.jpeg?resize=700%2C400&ssl=1 2x, https:\/\/i0.wp.com\/www.cisa-arica.cl\/wp1\/wp-content\/uploads\/2022\/12\/5117145C-DAD8-4768-87C5-4BE73B3E5DC3.jpeg?resize=1050%2C600&ssl=1 3x"},"classes":[]},{"id":17259,"url":"https:\/\/www.cisa-arica.cl\/wp1\/2022\/09\/13\/juegos-tipicos-en-educacion-parvularia\/","url_meta":{"origin":26225,"position":2},"title":"Juegos T\u00edpicos en Educaci\u00f3n Parvularia","author":"Jeannette Rivera","date":"13 de Septiembre de 2022","format":false,"excerpt":"Adelantando la celebraci\u00f3n de nuestras Fiestas Patrias, las estudiantes de Educaci\u00f3n Parvularia disfrutaron de una entretenida jornada con Juegos T\u00edpicos junto a sus educadoras y t\u00edas t\u00e9cnicos. \u00a0","rel":"","context":"Entrada similar ","block_context":{"text":"Entrada similar ","link":""},"img":{"alt_text":"","src":"https:\/\/i0.wp.com\/www.cisa-arica.cl\/wp1\/wp-content\/uploads\/2022\/09\/46756AD0-54EF-4DD8-999E-5A43822F36A7.jpeg?resize=350%2C200&ssl=1","width":350,"height":200,"srcset":"https:\/\/i0.wp.com\/www.cisa-arica.cl\/wp1\/wp-content\/uploads\/2022\/09\/46756AD0-54EF-4DD8-999E-5A43822F36A7.jpeg?resize=350%2C200&ssl=1 1x, https:\/\/i0.wp.com\/www.cisa-arica.cl\/wp1\/wp-content\/uploads\/2022\/09\/46756AD0-54EF-4DD8-999E-5A43822F36A7.jpeg?resize=525%2C300&ssl=1 1.5x, https:\/\/i0.wp.com\/www.cisa-arica.cl\/wp1\/wp-content\/uploads\/2022\/09\/46756AD0-54EF-4DD8-999E-5A43822F36A7.jpeg?resize=700%2C400&ssl=1 2x"},"classes":[]},{"id":11411,"url":"https:\/\/www.cisa-arica.cl\/wp1\/2020\/09\/04\/horario-para-educacion-parvularia\/","url_meta":{"origin":26225,"position":3},"title":"Horario para Educaci\u00f3n Parvularia","author":"CISA","date":"4 de Septiembre de 2020","format":false,"excerpt":"Estimados apoderados:Esperando que se encuentren bien junto a sus familias, informamos que a partir de el lunes 7 de septiembre, Educaci\u00f3n Parvularia comenzar\u00e1 a tener clases virtuales todas las semanas y con un nuevo horario.Saludos cordiales.Equipo Directivo","rel":"","context":"Entrada similar ","block_context":{"text":"Entrada similar ","link":""},"img":{"alt_text":"","src":"https:\/\/i0.wp.com\/www.cisa-arica.cl\/wp1\/wp-content\/uploads\/2020\/09\/b0007741-b9fb-4947-ab71-210d30b5daf2.png?resize=350%2C200&ssl=1","width":350,"height":200,"srcset":"https:\/\/i0.wp.com\/www.cisa-arica.cl\/wp1\/wp-content\/uploads\/2020\/09\/b0007741-b9fb-4947-ab71-210d30b5daf2.png?resize=350%2C200&ssl=1 1x, https:\/\/i0.wp.com\/www.cisa-arica.cl\/wp1\/wp-content\/uploads\/2020\/09\/b0007741-b9fb-4947-ab71-210d30b5daf2.png?resize=525%2C300&ssl=1 1.5x, https:\/\/i0.wp.com\/www.cisa-arica.cl\/wp1\/wp-content\/uploads\/2020\/09\/b0007741-b9fb-4947-ab71-210d30b5daf2.png?resize=700%2C400&ssl=1 2x, https:\/\/i0.wp.com\/www.cisa-arica.cl\/wp1\/wp-content\/uploads\/2020\/09\/b0007741-b9fb-4947-ab71-210d30b5daf2.png?resize=1050%2C600&ssl=1 3x"},"classes":[]},{"id":25309,"url":"https:\/\/www.cisa-arica.cl\/wp1\/2024\/05\/14\/profesiones-y-oficio-educacion-parvularia\/","url_meta":{"origin":26225,"position":4},"title":"Profesiones y Oficio Educaci\u00f3n Parvularia","author":"Jeannette Rivera","date":"14 de Mayo de 2024","format":false,"excerpt":"Con un desfile, las estudiantes de Educaci\u00f3n Parvularia, finalizaron este viernes 10 de mayo la unidad de profesiones y oficios. Las ni\u00f1as con mucho desplante presentaron a sus compa\u00f1eras, educadoras, unidad t\u00e9cnica y asistentes su vestimenta y la funci\u00f3n que cumplen. Durante la unidad, los apoderados del nivel de educaci\u00f3n\u2026","rel":"","context":"Entrada similar ","block_context":{"text":"Entrada similar ","link":""},"img":{"alt_text":"","src":"https:\/\/i0.wp.com\/www.cisa-arica.cl\/wp1\/wp-content\/uploads\/2024\/05\/DSC_1902.jpg?resize=350%2C200&ssl=1","width":350,"height":200,"srcset":"https:\/\/i0.wp.com\/www.cisa-arica.cl\/wp1\/wp-content\/uploads\/2024\/05\/DSC_1902.jpg?resize=350%2C200&ssl=1 1x, https:\/\/i0.wp.com\/www.cisa-arica.cl\/wp1\/wp-content\/uploads\/2024\/05\/DSC_1902.jpg?resize=525%2C300&ssl=1 1.5x, https:\/\/i0.wp.com\/www.cisa-arica.cl\/wp1\/wp-content\/uploads\/2024\/05\/DSC_1902.jpg?resize=700%2C400&ssl=1 2x, https:\/\/i0.wp.com\/www.cisa-arica.cl\/wp1\/wp-content\/uploads\/2024\/05\/DSC_1902.jpg?resize=1050%2C600&ssl=1 3x, https:\/\/i0.wp.com\/www.cisa-arica.cl\/wp1\/wp-content\/uploads\/2024\/05\/DSC_1902.jpg?resize=1400%2C800&ssl=1 4x"},"classes":[]},{"id":26502,"url":"https:\/\/www.cisa-arica.cl\/wp1\/2024\/09\/13\/juegos-tradicionales-chilenos-en-educacion-parvularia\/","url_meta":{"origin":26225,"position":5},"title":"Juegos tradicionales chilenos en Educaci\u00f3n Parvularia","author":"Jeannette Rivera","date":"13 de Septiembre de 2024","format":false,"excerpt":"Una entretenida jornada tuvieron las estudiantes de Educaci\u00f3n Parvularia, el d\u00eda de ayer, para conocer y disfrutar de diversos juegos tradicionales chilenos junto a sus educadoras y t\u00edas t\u00e9cnicos.","rel":"","context":"Entrada similar ","block_context":{"text":"Entrada similar ","link":""},"img":{"alt_text":"","src":"https:\/\/i0.wp.com\/www.cisa-arica.cl\/wp1\/wp-content\/uploads\/2024\/09\/WhatsApp-Image-2024-09-12-at-7.04.50-PM-2.jpeg?resize=350%2C200&ssl=1","width":350,"height":200,"srcset":"https:\/\/i0.wp.com\/www.cisa-arica.cl\/wp1\/wp-content\/uploads\/2024\/09\/WhatsApp-Image-2024-09-12-at-7.04.50-PM-2.jpeg?resize=350%2C200&ssl=1 1x, https:\/\/i0.wp.com\/www.cisa-arica.cl\/wp1\/wp-content\/uploads\/2024\/09\/WhatsApp-Image-2024-09-12-at-7.04.50-PM-2.jpeg?resize=525%2C300&ssl=1 1.5x, https:\/\/i0.wp.com\/www.cisa-arica.cl\/wp1\/wp-content\/uploads\/2024\/09\/WhatsApp-Image-2024-09-12-at-7.04.50-PM-2.jpeg?resize=700%2C400&ssl=1 2x, https:\/\/i0.wp.com\/www.cisa-arica.cl\/wp1\/wp-content\/uploads\/2024\/09\/WhatsApp-Image-2024-09-12-at-7.04.50-PM-2.jpeg?resize=1050%2C600&ssl=1 3x, https:\/\/i0.wp.com\/www.cisa-arica.cl\/wp1\/wp-content\/uploads\/2024\/09\/WhatsApp-Image-2024-09-12-at-7.04.50-PM-2.jpeg?resize=1400%2C800&ssl=1 4x"},"classes":[]}],"_links":{"self":[{"href":"https:\/\/www.cisa-arica.cl\/wp1\/wp-json\/wp\/v2\/posts\/26225","targetHints":{"allow":["GET"]}}],"collection":[{"href":"https:\/\/www.cisa-arica.cl\/wp1\/wp-json\/wp\/v2\/posts"}],"about":[{"href":"https:\/\/www.cisa-arica.cl\/wp1\/wp-json\/wp\/v2\/types\/post"}],"author":[{"embeddable":true,"href":"https:\/\/www.cisa-arica.cl\/wp1\/wp-json\/wp\/v2\/users\/5"}],"replies":[{"embeddable":true,"href":"https:\/\/www.cisa-arica.cl\/wp1\/wp-json\/wp\/v2\/comments?post=26225"}],"version-history":[{"count":3,"href":"https:\/\/www.cisa-arica.cl\/wp1\/wp-json\/wp\/v2\/posts\/26225\/revisions"}],"predecessor-version":[{"id":26245,"href":"https:\/\/www.cisa-arica.cl\/wp1\/wp-json\/wp\/v2\/posts\/26225\/revisions\/26245"}],"wp:featuredmedia":[{"embeddable":true,"href":"https:\/\/www.cisa-arica.cl\/wp1\/wp-json\/wp\/v2\/media\/26235"}],"wp:attachment":[{"href":"https:\/\/www.cisa-arica.cl\/wp1\/wp-json\/wp\/v2\/media?parent=26225"}],"wp:term":[{"taxonomy":"category","embeddable":true,"href":"https:\/\/www.cisa-arica.cl\/wp1\/wp-json\/wp\/v2\/categories?post=26225"},{"taxonomy":"post_tag","embeddable":true,"href":"https:\/\/www.cisa-arica.cl\/wp1\/wp-json\/wp\/v2\/tags?post=26225"}],"curies":[{"name":"wp","href":"https:\/\/api.w.org\/{rel}","templated":true}]}}