{"id":26222,"date":"2024-08-13T12:28:07","date_gmt":"2024-08-13T16:28:07","guid":{"rendered":"https:\/\/www.cisa-arica.cl\/wp1\/?p=26222"},"modified":"2024-08-13T12:28:07","modified_gmt":"2024-08-13T16:28:07","slug":"recordatorio-suspension-viernes-16-08","status":"publish","type":"post","link":"https:\/\/www.cisa-arica.cl\/wp1\/2024\/08\/13\/recordatorio-suspension-viernes-16-08\/","title":{"rendered":"Recordatorio Suspensi\u00f3n Viernes 16-08"},"content":{"rendered":"<div>Estimados padres y apoderados:<\/div>\n<div>\u00a0 Se les recuerda que el d\u00eda <b>viernes 16 de agosto 2024<\/b> habr\u00e1 suspensi\u00f3n de clases con recuperaci\u00f3n. La fecha y horario de recuperaci\u00f3n se informar\u00e1 oportunamente. Esta suspensi\u00f3n fue avisada en la anterior reuni\u00f3n de apoderados que se realiz\u00f3 en el mes de Junio.<\/div>\n<div class=\"gmail_default\">\u00a0 Todas las academias y talleres de estudio de ese d\u00eda tambi\u00e9n quedan suspendidos.<\/div>\n<div>\u00a0 \u00a0Las clases y dem\u00e1s actividades se retoman de forma normal el lunes 20 de agosto.<\/div>\n<div>\u00a0 \u00a0 Atentamente<\/div>\n<div>\u00a0 \u00a0 \u00a0 \u00a0 \u00a0 \u00a0 \u00a0 \u00a0 \u00a0 \u00a0 \u00a0 \u00a0 \u00a0 \u00a0 \u00a0 \u00a0 \u00a0 \u00a0 \u00a0 \u00a0 La direcci\u00f3n<\/div>\n","protected":false},"excerpt":{"rendered":"<p>Estimados padres y apoderados: \u00a0 Se les recuerda que el d\u00eda viernes 16 de agosto 2024 habr\u00e1 suspensi\u00f3n de clases con recuperaci\u00f3n. La fecha y horario de recuperaci\u00f3n se informar\u00e1 oportunamente. Esta suspensi\u00f3n fue avisada en la anterior reuni\u00f3n de apoderados que se realiz\u00f3 en el mes de Junio. \u00a0 Todas las academias y talleres <a class=\"read-more\" href=\"https:\/\/www.cisa-arica.cl\/wp1\/2024\/08\/13\/recordatorio-suspension-viernes-16-08\/\">Continuar leyendo<\/a><\/p>\n","protected":false},"author":5,"featured_media":0,"comment_status":"closed","ping_status":"open","sticky":false,"template":"","format":"standard","meta":{"_jetpack_memberships_contains_paid_content":false,"footnotes":"","jetpack_publicize_message":"","jetpack_publicize_feature_enabled":true,"jetpack_social_post_already_shared":true,"jetpack_social_options":{"image_generator_settings":{"template":"highway","default_image_id":0,"font":"","enabled":false},"version":2}},"categories":[5],"tags":[],"class_list":["post-26222","post","type-post","status-publish","format-standard","hentry","category-uncategorized"],"jetpack_publicize_connections":[],"jetpack_featured_media_url":"","jetpack_sharing_enabled":true,"jetpack_shortlink":"https:\/\/wp.me\/p84wcz-6OW","jetpack-related-posts":[{"id":25780,"url":"https:\/\/www.cisa-arica.cl\/wp1\/2024\/06\/19\/viernes-21-06-sin-clases\/","url_meta":{"origin":26222,"position":0},"title":"Viernes 21-06 sin clases","author":"Jeannette Rivera","date":"19 de Junio de 2024","format":false,"excerpt":"Estimados padres y apoderados: Se recuerda que, tal como se inform\u00f3 en la primera reuni\u00f3n de apoderados,\u00a0 este JUEVES 20 DE JUNIO es feriado, por lo tanto, se realizar\u00e1 una SUSPENSI\u00d3N DE CLASES\u00a0el d\u00eda\u00a0VIERNES 21 DE JUNIO. Seg\u00fan la autorizaci\u00f3n emanada desde el Ministerio de Educaci\u00f3n, este d\u00eda debe recuperarse\u2026","rel":"","context":"Entrada similar ","block_context":{"text":"Entrada similar ","link":""},"img":{"alt_text":"","src":"https:\/\/i0.wp.com\/www.cisa-arica.cl\/wp1\/wp-content\/uploads\/2024\/06\/suspension-de-clases.jpg?resize=350%2C200&ssl=1","width":350,"height":200,"srcset":"https:\/\/i0.wp.com\/www.cisa-arica.cl\/wp1\/wp-content\/uploads\/2024\/06\/suspension-de-clases.jpg?resize=350%2C200&ssl=1 1x, https:\/\/i0.wp.com\/www.cisa-arica.cl\/wp1\/wp-content\/uploads\/2024\/06\/suspension-de-clases.jpg?resize=525%2C300&ssl=1 1.5x, https:\/\/i0.wp.com\/www.cisa-arica.cl\/wp1\/wp-content\/uploads\/2024\/06\/suspension-de-clases.jpg?resize=700%2C400&ssl=1 2x"},"classes":[]},{"id":26915,"url":"https:\/\/www.cisa-arica.cl\/wp1\/2024\/10\/04\/suspension-de-clases-hoy-viernes-04-10\/","url_meta":{"origin":26222,"position":1},"title":"SUSPENSI\u00d3N DE CLASES HOY VIERNES 04-10","author":"Jeannette Rivera","date":"4 de Octubre de 2024","format":false,"excerpt":"Por motivos de fuerzas ajenas al establecimiento, nos vemos en la obligaci\u00f3n de suspender las clases de hoy viernes 04 de octubre a partir de las 11:30 horas. Se solicita a los apoderados venir a retirar a las estudiantes\u00a0 por las mismas puertas de acceso de todos los d\u00edas. Todas\u2026","rel":"","context":"Entrada similar ","block_context":{"text":"Entrada similar ","link":""},"img":{"alt_text":"","src":"https:\/\/i0.wp.com\/www.cisa-arica.cl\/wp1\/wp-content\/uploads\/2024\/10\/WhatsApp-Image-2024-10-04-at-11.23.40-AM.jpeg?resize=350%2C200&ssl=1","width":350,"height":200,"srcset":"https:\/\/i0.wp.com\/www.cisa-arica.cl\/wp1\/wp-content\/uploads\/2024\/10\/WhatsApp-Image-2024-10-04-at-11.23.40-AM.jpeg?resize=350%2C200&ssl=1 1x, https:\/\/i0.wp.com\/www.cisa-arica.cl\/wp1\/wp-content\/uploads\/2024\/10\/WhatsApp-Image-2024-10-04-at-11.23.40-AM.jpeg?resize=525%2C300&ssl=1 1.5x, https:\/\/i0.wp.com\/www.cisa-arica.cl\/wp1\/wp-content\/uploads\/2024\/10\/WhatsApp-Image-2024-10-04-at-11.23.40-AM.jpeg?resize=700%2C400&ssl=1 2x"},"classes":[]},{"id":18424,"url":"https:\/\/www.cisa-arica.cl\/wp1\/2022\/11\/24\/suspension-de-clases\/","url_meta":{"origin":26222,"position":2},"title":"Suspensi\u00f3n de Clases","author":"Jeannette Rivera","date":"24 de Noviembre de 2022","format":false,"excerpt":"Estimados padres y apoderados: Las clases de ma\u00f1ana viernes 25 se suspenden debido a que se trabajar\u00e1 en la instalaci\u00f3n del ascensor. El d\u00eda lunes 28 las clases se retomar\u00e1n en su horario normal. La Direcci\u00f3n","rel":"","context":"Entrada similar ","block_context":{"text":"Entrada similar ","link":""},"img":{"alt_text":"","src":"https:\/\/i0.wp.com\/www.cisa-arica.cl\/wp1\/wp-content\/uploads\/2022\/11\/D017EEF1-E213-424B-BE0A-922DEC11EEBB.jpeg?resize=350%2C200&ssl=1","width":350,"height":200,"srcset":"https:\/\/i0.wp.com\/www.cisa-arica.cl\/wp1\/wp-content\/uploads\/2022\/11\/D017EEF1-E213-424B-BE0A-922DEC11EEBB.jpeg?resize=350%2C200&ssl=1 1x, https:\/\/i0.wp.com\/www.cisa-arica.cl\/wp1\/wp-content\/uploads\/2022\/11\/D017EEF1-E213-424B-BE0A-922DEC11EEBB.jpeg?resize=525%2C300&ssl=1 1.5x, https:\/\/i0.wp.com\/www.cisa-arica.cl\/wp1\/wp-content\/uploads\/2022\/11\/D017EEF1-E213-424B-BE0A-922DEC11EEBB.jpeg?resize=700%2C400&ssl=1 2x"},"classes":[]},{"id":10037,"url":"https:\/\/www.cisa-arica.cl\/wp1\/2019\/10\/22\/comunicado-oficial-suspension-de-clases-23-24-25-de-octubre\/","url_meta":{"origin":26222,"position":3},"title":"Comunicado oficial: Suspensi\u00f3n de clases 23, 24, 25 de octubre","author":"Jeannette Rivera","date":"22 de Octubre de 2019","format":false,"excerpt":"Estimados padres y apoderados: La Asociaci\u00f3n de Colegios Particulares y Particulares Subvencionados ha decidido SUSPENDER las clases los d\u00edas 23, 24 y 25 de octubre. Nuestro colegio ha acogido esta decisi\u00f3n velando siempre por la seguridad y resguardo de todas nuestras alumnas y funcionarios. La informaci\u00f3n respecto a la recuperaci\u00f3n\u2026","rel":"","context":"Entrada similar ","block_context":{"text":"Entrada similar ","link":""},"img":{"alt_text":"","src":"https:\/\/i0.wp.com\/www.cisa-arica.cl\/wp1\/wp-content\/uploads\/2019\/04\/cropped-LOGO_CISA_chico-2-e1557940881746.png?resize=350%2C200&ssl=1","width":350,"height":200},"classes":[]},{"id":27142,"url":"https:\/\/www.cisa-arica.cl\/wp1\/2024\/10\/24\/suspension-de-clases-2\/","url_meta":{"origin":26222,"position":4},"title":"Suspensi\u00f3n de Clases","author":"Jeannette Rivera","date":"24 de Octubre de 2024","format":false,"excerpt":"Estimados padres, apoderados y estudiantes: Se les recuerda que los d\u00edas jueves 24, viernes 25 y lunes 28 de octubre, las clases se encuentran suspendidas porque nuestro colegio es uno de los locales de votaci\u00f3n para este fin de semana. Las clases se retomar\u00e1n de forma normal el martes 29\u2026","rel":"","context":"Entrada similar ","block_context":{"text":"Entrada similar ","link":""},"img":{"alt_text":"","src":"https:\/\/i0.wp.com\/www.cisa-arica.cl\/wp1\/wp-content\/uploads\/2024\/10\/IMG_1998.jpeg?resize=350%2C200&ssl=1","width":350,"height":200,"srcset":"https:\/\/i0.wp.com\/www.cisa-arica.cl\/wp1\/wp-content\/uploads\/2024\/10\/IMG_1998.jpeg?resize=350%2C200&ssl=1 1x, https:\/\/i0.wp.com\/www.cisa-arica.cl\/wp1\/wp-content\/uploads\/2024\/10\/IMG_1998.jpeg?resize=525%2C300&ssl=1 1.5x, https:\/\/i0.wp.com\/www.cisa-arica.cl\/wp1\/wp-content\/uploads\/2024\/10\/IMG_1998.jpeg?resize=700%2C400&ssl=1 2x, https:\/\/i0.wp.com\/www.cisa-arica.cl\/wp1\/wp-content\/uploads\/2024\/10\/IMG_1998.jpeg?resize=1050%2C600&ssl=1 3x"},"classes":[]},{"id":20111,"url":"https:\/\/www.cisa-arica.cl\/wp1\/2023\/04\/27\/suspension-de-clases-y-academias\/","url_meta":{"origin":26222,"position":5},"title":"Suspensi\u00f3n de Clases y Academias","author":"Jeannette Rivera","date":"27 de Abril de 2023","format":false,"excerpt":"Estimados apoderados: Informamos que por primera vez nuestro colegio ser\u00e1 local de votaci\u00f3n para las pr\u00f3ximas elecciones que se realizar\u00e1n el domingo 07 de mayo del presente a\u00f1o. Por tal raz\u00f3n, los d\u00edas VIERNES 05 DE MAYO y\u00a0 LUNES 08 DE MAYO, NO HABR\u00c1 CLASES, ya que esos d\u00edas nuestro\u2026","rel":"","context":"Entrada similar ","block_context":{"text":"Entrada similar ","link":""},"img":{"alt_text":"","src":"","width":0,"height":0},"classes":[]}],"_links":{"self":[{"href":"https:\/\/www.cisa-arica.cl\/wp1\/wp-json\/wp\/v2\/posts\/26222","targetHints":{"allow":["GET"]}}],"collection":[{"href":"https:\/\/www.cisa-arica.cl\/wp1\/wp-json\/wp\/v2\/posts"}],"about":[{"href":"https:\/\/www.cisa-arica.cl\/wp1\/wp-json\/wp\/v2\/types\/post"}],"author":[{"embeddable":true,"href":"https:\/\/www.cisa-arica.cl\/wp1\/wp-json\/wp\/v2\/users\/5"}],"replies":[{"embeddable":true,"href":"https:\/\/www.cisa-arica.cl\/wp1\/wp-json\/wp\/v2\/comments?post=26222"}],"version-history":[{"count":1,"href":"https:\/\/www.cisa-arica.cl\/wp1\/wp-json\/wp\/v2\/posts\/26222\/revisions"}],"predecessor-version":[{"id":26223,"href":"https:\/\/www.cisa-arica.cl\/wp1\/wp-json\/wp\/v2\/posts\/26222\/revisions\/26223"}],"wp:attachment":[{"href":"https:\/\/www.cisa-arica.cl\/wp1\/wp-json\/wp\/v2\/media?parent=26222"}],"wp:term":[{"taxonomy":"category","embeddable":true,"href":"https:\/\/www.cisa-arica.cl\/wp1\/wp-json\/wp\/v2\/categories?post=26222"},{"taxonomy":"post_tag","embeddable":true,"href":"https:\/\/www.cisa-arica.cl\/wp1\/wp-json\/wp\/v2\/tags?post=26222"}],"curies":[{"name":"wp","href":"https:\/\/api.w.org\/{rel}","templated":true}]}}