{"id":26209,"date":"2024-08-05T08:41:49","date_gmt":"2024-08-05T12:41:49","guid":{"rendered":"https:\/\/www.cisa-arica.cl\/wp1\/?p=26209"},"modified":"2024-08-05T08:43:13","modified_gmt":"2024-08-05T12:43:13","slug":"salida-del-miercoles-07-08","status":"publish","type":"post","link":"https:\/\/www.cisa-arica.cl\/wp1\/2024\/08\/05\/salida-del-miercoles-07-08\/","title":{"rendered":"Salida del Mi\u00e9rcoles 07 de Agosto"},"content":{"rendered":"<p>Estimados padres y apoderados:<\/p>\n<p>Se recuerda que el d\u00eda\u00a0<b>MI\u00c9RCOLES 07 DE AGOSTO 2024<\/b>,\u00a0<b>TODAS\u00a0<\/b>las estudiantes (desde prekinder a 4\u00ba medio) se retirar\u00e1n a las\u00a0<b><u>15.00 horas.<\/u><\/b>\u00a0debido a que todos los funcionarios del Colegio\u00a0deben participar de una capacitaci\u00f3n con relaci\u00f3n a la Ley N\u00ba 21.643 conocida como Ley Karin.<\/p>\n<div class=\"gmail_default\">Para este d\u00eda mi\u00e9rcoles 07\/08, quedan suspendidas todas las academias y talleres de estudio.<\/div>\n<div class=\"gmail_default\"><\/div>\n<div class=\"gmail_default\">Es importante que\u00a0 ustedes sean puntuales en el retiro de las estudiantes ya que es necesaria la asistencia de todos los funcionarios a la capacitaci\u00f3n la cual debe socializarse por ley.<\/div>\n<div><\/div>\n<div>Esta informaci\u00f3n ya fue enviada a los correos institucionales el viernes 02 de agosto.<\/div>\n<div class=\"gmail_default\"><\/div>\n<div class=\"gmail_default\">Agradeciendo su comprensi\u00f3n, atentamente,<\/div>\n<div><\/div>\n<div>\u00a0 \u00a0 \u00a0 \u00a0 \u00a0 \u00a0 \u00a0 \u00a0 \u00a0 \u00a0 \u00a0 \u00a0 \u00a0 \u00a0 \u00a0 \u00a0 \u00a0 \u00a0 \u00a0 \u00a0 \u00a0 \u00a0 \u00a0La Direcci\u00f3n<\/div>\n","protected":false},"excerpt":{"rendered":"<p>Estimados padres y apoderados: Se recuerda que el d\u00eda\u00a0MI\u00c9RCOLES 07 DE AGOSTO 2024,\u00a0TODAS\u00a0las estudiantes (desde prekinder a 4\u00ba medio) se retirar\u00e1n a las\u00a015.00 horas.\u00a0debido a que todos los funcionarios del Colegio\u00a0deben participar de una capacitaci\u00f3n con relaci\u00f3n a la Ley N\u00ba 21.643 conocida como Ley Karin. Para este d\u00eda mi\u00e9rcoles 07\/08, quedan suspendidas todas las <a class=\"read-more\" href=\"https:\/\/www.cisa-arica.cl\/wp1\/2024\/08\/05\/salida-del-miercoles-07-08\/\">Continuar leyendo<\/a><\/p>\n","protected":false},"author":5,"featured_media":26210,"comment_status":"closed","ping_status":"open","sticky":false,"template":"","format":"standard","meta":{"_jetpack_memberships_contains_paid_content":false,"footnotes":"","jetpack_publicize_message":"","jetpack_publicize_feature_enabled":true,"jetpack_social_post_already_shared":true,"jetpack_social_options":{"image_generator_settings":{"template":"highway","default_image_id":0,"font":"","enabled":false},"version":2}},"categories":[5],"tags":[],"class_list":["post-26209","post","type-post","status-publish","format-standard","has-post-thumbnail","hentry","category-uncategorized"],"jetpack_publicize_connections":[],"jetpack_featured_media_url":"https:\/\/www.cisa-arica.cl\/wp1\/wp-content\/uploads\/2024\/08\/003-600x450-1.jpeg","jetpack_sharing_enabled":true,"jetpack_shortlink":"https:\/\/wp.me\/p84wcz-6OJ","jetpack-related-posts":[{"id":28180,"url":"https:\/\/www.cisa-arica.cl\/wp1\/2025\/04\/29\/28180\/","url_meta":{"origin":26209,"position":0},"title":"Informativo pr\u00f3ximas actividades","author":"Jeannette Rivera","date":"29 de Abril de 2025","format":false,"excerpt":"Estimadas Madres, Padres, Apoderados y Estudiantes: Se recuerda que el pasado jueves 24 de abril, se envi\u00f3 a los correos institucionales de todas las estudiantes la siguiente informaci\u00f3n por las actividades de los d\u00edas mi\u00e9rcoles 30, jueves 01\u00a0 y viernes 02: D\u00eda mi\u00e9rcoles 30\/04: Salida de todas las estudiantes (Prekinder\u2026","rel":"","context":"Entrada similar ","block_context":{"text":"Entrada similar ","link":""},"img":{"alt_text":"","src":"https:\/\/i0.wp.com\/www.cisa-arica.cl\/wp1\/wp-content\/uploads\/2025\/04\/Post-Aviso-Importante-.png?resize=350%2C200&ssl=1","width":350,"height":200,"srcset":"https:\/\/i0.wp.com\/www.cisa-arica.cl\/wp1\/wp-content\/uploads\/2025\/04\/Post-Aviso-Importante-.png?resize=350%2C200&ssl=1 1x, https:\/\/i0.wp.com\/www.cisa-arica.cl\/wp1\/wp-content\/uploads\/2025\/04\/Post-Aviso-Importante-.png?resize=525%2C300&ssl=1 1.5x, https:\/\/i0.wp.com\/www.cisa-arica.cl\/wp1\/wp-content\/uploads\/2025\/04\/Post-Aviso-Importante-.png?resize=700%2C400&ssl=1 2x, https:\/\/i0.wp.com\/www.cisa-arica.cl\/wp1\/wp-content\/uploads\/2025\/04\/Post-Aviso-Importante-.png?resize=1050%2C600&ssl=1 3x"},"classes":[]},{"id":26937,"url":"https:\/\/www.cisa-arica.cl\/wp1\/2024\/10\/11\/informativo-recordatorio\/","url_meta":{"origin":26209,"position":1},"title":"Informativo Recordatorio","author":"Jeannette Rivera","date":"11 de Octubre de 2024","format":false,"excerpt":"Estimados padres y apoderados: Se les recuerda sobre las distintas actividades y horarios programados para los d\u00edas 14, 15 y 16 de octubre: LUNES 14 DE OCTUBRE 2024 Hora de entrada: 07.45 am. Actividad: Pasacalle S\u00d3LO para estudiantes de Educaci\u00f3n Parvularia en horario de 10.30 a 12.00 horas. Hora de\u2026","rel":"","context":"Entrada similar ","block_context":{"text":"Entrada similar ","link":""},"img":{"alt_text":"","src":"https:\/\/i0.wp.com\/www.cisa-arica.cl\/wp1\/wp-content\/uploads\/2024\/10\/WhatsApp-Image-2024-10-11-at-2.10.00-PM.jpeg?resize=350%2C200&ssl=1","width":350,"height":200,"srcset":"https:\/\/i0.wp.com\/www.cisa-arica.cl\/wp1\/wp-content\/uploads\/2024\/10\/WhatsApp-Image-2024-10-11-at-2.10.00-PM.jpeg?resize=350%2C200&ssl=1 1x, https:\/\/i0.wp.com\/www.cisa-arica.cl\/wp1\/wp-content\/uploads\/2024\/10\/WhatsApp-Image-2024-10-11-at-2.10.00-PM.jpeg?resize=525%2C300&ssl=1 1.5x, https:\/\/i0.wp.com\/www.cisa-arica.cl\/wp1\/wp-content\/uploads\/2024\/10\/WhatsApp-Image-2024-10-11-at-2.10.00-PM.jpeg?resize=700%2C400&ssl=1 2x, https:\/\/i0.wp.com\/www.cisa-arica.cl\/wp1\/wp-content\/uploads\/2024\/10\/WhatsApp-Image-2024-10-11-at-2.10.00-PM.jpeg?resize=1050%2C600&ssl=1 3x"},"classes":[]},{"id":17171,"url":"https:\/\/www.cisa-arica.cl\/wp1\/2022\/08\/29\/suspension-de-academias-y-talleres-martes-30-08\/","url_meta":{"origin":26209,"position":2},"title":"SUSPENSI\u00d3N DE ACADEMIAS Y TALLERES MARTES 30-08","author":"Jeannette Rivera","date":"29 de Agosto de 2022","format":false,"excerpt":"Se informa a los padres y apoderados que ma\u00f1ana martes 30 de agosto se SUSPENDER\u00c1N LOS TALLERES DE REFORZAMIENTO Y ACADEMIAS. La salida para las estudiantes ser\u00e1 de acuerdo a su horario Normal de clases. Es importante que los apoderados retiren a las ni\u00f1as en el hora que corresponda. El\u2026","rel":"","context":"Entrada similar ","block_context":{"text":"Entrada similar ","link":""},"img":{"alt_text":"","src":"","width":0,"height":0},"classes":[]},{"id":26376,"url":"https:\/\/www.cisa-arica.cl\/wp1\/2024\/08\/23\/reuniones-de-apoderados\/","url_meta":{"origin":26209,"position":3},"title":"Reuniones de Apoderados","author":"Jeannette Rivera","date":"23 de Agosto de 2024","format":false,"excerpt":"Se recuerda a los padres y apoderados las fechas y horarios de la pr\u00f3xima reuni\u00f3n de Apoderados, las cuales fueron enviadas al correo institucional de las estudiantes el pasado martes 20 de agosto. ED. PARVULARIA Y ED. B\u00c1SICA MARTES 27 DE AGOSTO 2024 18.00 HRS. REUNIONES DESDE EDUCACI\u00d3N PARVULARIA (Prekinder,\u2026","rel":"","context":"Entrada similar ","block_context":{"text":"Entrada similar ","link":""},"img":{"alt_text":"","src":"https:\/\/i0.wp.com\/www.cisa-arica.cl\/wp1\/wp-content\/uploads\/2024\/08\/WhatsApp-Image-2024-08-23-at-1.34.10-PM.jpeg?resize=350%2C200&ssl=1","width":350,"height":200,"srcset":"https:\/\/i0.wp.com\/www.cisa-arica.cl\/wp1\/wp-content\/uploads\/2024\/08\/WhatsApp-Image-2024-08-23-at-1.34.10-PM.jpeg?resize=350%2C200&ssl=1 1x, https:\/\/i0.wp.com\/www.cisa-arica.cl\/wp1\/wp-content\/uploads\/2024\/08\/WhatsApp-Image-2024-08-23-at-1.34.10-PM.jpeg?resize=525%2C300&ssl=1 1.5x, https:\/\/i0.wp.com\/www.cisa-arica.cl\/wp1\/wp-content\/uploads\/2024\/08\/WhatsApp-Image-2024-08-23-at-1.34.10-PM.jpeg?resize=700%2C400&ssl=1 2x"},"classes":[]},{"id":28611,"url":"https:\/\/www.cisa-arica.cl\/wp1\/2025\/07\/28\/congreso-nacional-de-educacion-catolica-cisa-2025\/","url_meta":{"origin":26209,"position":4},"title":"Congreso Nacional de Educaci\u00f3n Cat\u00f3lica Cisa 2025","author":"Jeannette Rivera","date":"28 de Julio de 2025","format":false,"excerpt":"Se comunica que los d\u00edas JUEVES 31 DE JULIO Y VIERNES 01 DE AGOSTO\u00a02025\u00a0se realizar\u00e1\u00a0en nuestro colegio\u00a0el\u00a0CONGRESO NACIONAL de EDUCACI\u00d3N CAT\u00d3LICA\u00a0autorizado por el Ministerio de Educaci\u00f3n.\u00a0 A esta actividad asistir\u00e1n Docentes de todos los Colegios Cat\u00f3licos de Arica, por lo tanto, la jornada escolar de las estudiantes se modificar\u00e1 de\u2026","rel":"","context":"Entrada similar ","block_context":{"text":"Entrada similar ","link":""},"img":{"alt_text":"","src":"https:\/\/i0.wp.com\/www.cisa-arica.cl\/wp1\/wp-content\/uploads\/2025\/07\/COMUNICADO-Post-para-Facebook-1.png?resize=350%2C200&ssl=1","width":350,"height":200,"srcset":"https:\/\/i0.wp.com\/www.cisa-arica.cl\/wp1\/wp-content\/uploads\/2025\/07\/COMUNICADO-Post-para-Facebook-1.png?resize=350%2C200&ssl=1 1x, https:\/\/i0.wp.com\/www.cisa-arica.cl\/wp1\/wp-content\/uploads\/2025\/07\/COMUNICADO-Post-para-Facebook-1.png?resize=525%2C300&ssl=1 1.5x, https:\/\/i0.wp.com\/www.cisa-arica.cl\/wp1\/wp-content\/uploads\/2025\/07\/COMUNICADO-Post-para-Facebook-1.png?resize=700%2C400&ssl=1 2x"},"classes":[]},{"id":28816,"url":"https:\/\/www.cisa-arica.cl\/wp1\/2025\/08\/28\/actividades-de-fiestas-patrias-cisa-2025\/","url_meta":{"origin":26209,"position":5},"title":"Actividades de Fiestas Patrias Cisa 2025","author":"Jeannette Rivera","date":"28 de Agosto de 2025","format":false,"excerpt":"A d\u00edas de iniciar el mes de Septiembre, se da a conocer las diferentes actividades que se realizar\u00e1n en el marco de nuestras celebraciones de Fiestas Patrias: \u00a0Martes 02 de septiembre \u2013 Urban Day Solidario Todas las estudiantes pueden asistir con vestimenta ropa de calle desde Pre-K\u00ednder hasta Cuarto Medio,\u2026","rel":"","context":"Entrada similar ","block_context":{"text":"Entrada similar ","link":""},"img":{"alt_text":"","src":"https:\/\/i0.wp.com\/www.cisa-arica.cl\/wp1\/wp-content\/uploads\/2025\/08\/WhatsApp-Image-2025-08-28-at-12.05.44-PM.jpeg?resize=350%2C200&ssl=1","width":350,"height":200,"srcset":"https:\/\/i0.wp.com\/www.cisa-arica.cl\/wp1\/wp-content\/uploads\/2025\/08\/WhatsApp-Image-2025-08-28-at-12.05.44-PM.jpeg?resize=350%2C200&ssl=1 1x, https:\/\/i0.wp.com\/www.cisa-arica.cl\/wp1\/wp-content\/uploads\/2025\/08\/WhatsApp-Image-2025-08-28-at-12.05.44-PM.jpeg?resize=525%2C300&ssl=1 1.5x, https:\/\/i0.wp.com\/www.cisa-arica.cl\/wp1\/wp-content\/uploads\/2025\/08\/WhatsApp-Image-2025-08-28-at-12.05.44-PM.jpeg?resize=700%2C400&ssl=1 2x, https:\/\/i0.wp.com\/www.cisa-arica.cl\/wp1\/wp-content\/uploads\/2025\/08\/WhatsApp-Image-2025-08-28-at-12.05.44-PM.jpeg?resize=1050%2C600&ssl=1 3x"},"classes":[]}],"_links":{"self":[{"href":"https:\/\/www.cisa-arica.cl\/wp1\/wp-json\/wp\/v2\/posts\/26209","targetHints":{"allow":["GET"]}}],"collection":[{"href":"https:\/\/www.cisa-arica.cl\/wp1\/wp-json\/wp\/v2\/posts"}],"about":[{"href":"https:\/\/www.cisa-arica.cl\/wp1\/wp-json\/wp\/v2\/types\/post"}],"author":[{"embeddable":true,"href":"https:\/\/www.cisa-arica.cl\/wp1\/wp-json\/wp\/v2\/users\/5"}],"replies":[{"embeddable":true,"href":"https:\/\/www.cisa-arica.cl\/wp1\/wp-json\/wp\/v2\/comments?post=26209"}],"version-history":[{"count":3,"href":"https:\/\/www.cisa-arica.cl\/wp1\/wp-json\/wp\/v2\/posts\/26209\/revisions"}],"predecessor-version":[{"id":26213,"href":"https:\/\/www.cisa-arica.cl\/wp1\/wp-json\/wp\/v2\/posts\/26209\/revisions\/26213"}],"wp:featuredmedia":[{"embeddable":true,"href":"https:\/\/www.cisa-arica.cl\/wp1\/wp-json\/wp\/v2\/media\/26210"}],"wp:attachment":[{"href":"https:\/\/www.cisa-arica.cl\/wp1\/wp-json\/wp\/v2\/media?parent=26209"}],"wp:term":[{"taxonomy":"category","embeddable":true,"href":"https:\/\/www.cisa-arica.cl\/wp1\/wp-json\/wp\/v2\/categories?post=26209"},{"taxonomy":"post_tag","embeddable":true,"href":"https:\/\/www.cisa-arica.cl\/wp1\/wp-json\/wp\/v2\/tags?post=26209"}],"curies":[{"name":"wp","href":"https:\/\/api.w.org\/{rel}","templated":true}]}}