{"id":26194,"date":"2024-07-29T16:31:42","date_gmt":"2024-07-29T20:31:42","guid":{"rendered":"https:\/\/www.cisa-arica.cl\/wp1\/?p=26194"},"modified":"2024-07-29T17:24:27","modified_gmt":"2024-07-29T21:24:27","slug":"carta-uso-del-celular-cisa-2024","status":"publish","type":"post","link":"https:\/\/www.cisa-arica.cl\/wp1\/2024\/07\/29\/carta-uso-del-celular-cisa-2024\/","title":{"rendered":"Carta uso del celular Cisa 2024"},"content":{"rendered":"<blockquote><p>Estimados padres y apoderados:<\/p><\/blockquote>\n<p>Como es de su conocimiento, a partir del 01 de agosto se coloca en marcha la campa\u00f1a <strong>\u201cDescon\u00e9ctate de lo virtual, con\u00e9ctate con lo real\u201d<\/strong>. Les invitamos a leer la carta que se encuentra adjunto a este informativo, la cual adem\u00e1s, se har\u00e1 llegar a los correos institucionales de todas las estudiantes del colegio.<\/p>\n<p>Desde ya se agradece la colaboraci\u00f3n de ustedes como familia, pues estamos seguros que esta medida va en directo beneficio de la formaci\u00f3n integral de cada estudiantes que forma parte de esta instituci\u00f3n educativa llamada Colegio Italiano Santa Ana.<\/p>\n<p><a href=\"http:\/\/www.cisa-arica.cl\/wp1\/wp-content\/uploads\/2024\/07\/CARTA-CELULAR-CISA-2024.pdf\">CARTA CELULAR CISA 2024<\/a><\/p>\n","protected":false},"excerpt":{"rendered":"<p>Estimados padres y apoderados: Como es de su conocimiento, a partir del 01 de agosto se coloca en marcha la campa\u00f1a \u201cDescon\u00e9ctate de lo virtual, con\u00e9ctate con lo real\u201d. Les invitamos a leer la carta que se encuentra adjunto a este informativo, la cual adem\u00e1s, se har\u00e1 llegar a los correos institucionales de todas las <a class=\"read-more\" href=\"https:\/\/www.cisa-arica.cl\/wp1\/2024\/07\/29\/carta-uso-del-celular-cisa-2024\/\">Continuar leyendo<\/a><\/p>\n","protected":false},"author":5,"featured_media":25848,"comment_status":"closed","ping_status":"open","sticky":false,"template":"","format":"standard","meta":{"_jetpack_memberships_contains_paid_content":false,"footnotes":"","jetpack_publicize_message":"","jetpack_publicize_feature_enabled":true,"jetpack_social_post_already_shared":true,"jetpack_social_options":{"image_generator_settings":{"template":"highway","default_image_id":0,"font":"","enabled":false},"version":2}},"categories":[5],"tags":[],"class_list":["post-26194","post","type-post","status-publish","format-standard","has-post-thumbnail","hentry","category-uncategorized"],"jetpack_publicize_connections":[],"jetpack_featured_media_url":"https:\/\/www.cisa-arica.cl\/wp1\/wp-content\/uploads\/2024\/06\/WhatsApp-Image-2024-06-25-at-1.28.06-PM-1-e1719353452262.jpeg","jetpack_sharing_enabled":true,"jetpack_shortlink":"https:\/\/wp.me\/p84wcz-6Ou","jetpack-related-posts":[{"id":11859,"url":"https:\/\/www.cisa-arica.cl\/wp1\/2020\/12\/14\/carta-compromiso-textos-escolares-2021\/","url_meta":{"origin":26194,"position":0},"title":"Carta Compromiso Textos Escolares 2021","author":"Jeannette Rivera","date":"14 de Diciembre de 2020","format":false,"excerpt":"Estimada Comunidad Educativa: A continuaci\u00f3n publicamos la carta de compromiso del Ministerio de Educaci\u00f3n, donde nuestro establecimiento deja constancia de los Textos Escolares que se entregar\u00e1n a las estudiantes el a\u00f1o 2021. Recordamos que la toma de conocimiento de esta carta deber\u00e1 ser firmada por los apoderados al momento de\u2026","rel":"","context":"En &quot;CISA&quot;","block_context":{"text":"CISA","link":"https:\/\/www.cisa-arica.cl\/wp1\/category\/cisa\/"},"img":{"alt_text":"","src":"https:\/\/i0.wp.com\/www.cisa-arica.cl\/wp1\/wp-content\/uploads\/2020\/12\/port.png?resize=350%2C200&ssl=1","width":350,"height":200},"classes":[]},{"id":24014,"url":"https:\/\/www.cisa-arica.cl\/wp1\/2023\/12\/21\/carta-de-uso-de-los-textos-escolares-2024\/","url_meta":{"origin":26194,"position":1},"title":"Carta de uso de los Textos Escolares 2024","author":"Jeannette Rivera","date":"21 de Diciembre de 2023","format":false,"excerpt":"Estimada Comunidad Educativa: A continuaci\u00f3n se adjunta la carta en donde nuestro colegio toma la decisi\u00f3n se seguir trabajando con los textos escolares dispuestos por el Ministerio de Educaci\u00f3n, los cuales ser\u00e1n entregados a las estudiantes en el mes de marzo del a\u00f1o 2024, bajo firma de ellas, tal como\u2026","rel":"","context":"Entrada similar ","block_context":{"text":"Entrada similar ","link":""},"img":{"alt_text":"","src":"https:\/\/i0.wp.com\/www.cisa-arica.cl\/wp1\/wp-content\/uploads\/2023\/12\/articles-227752_imagen_portada_ok.jpg?resize=350%2C200&ssl=1","width":350,"height":200,"srcset":"https:\/\/i0.wp.com\/www.cisa-arica.cl\/wp1\/wp-content\/uploads\/2023\/12\/articles-227752_imagen_portada_ok.jpg?resize=350%2C200&ssl=1 1x, https:\/\/i0.wp.com\/www.cisa-arica.cl\/wp1\/wp-content\/uploads\/2023\/12\/articles-227752_imagen_portada_ok.jpg?resize=525%2C300&ssl=1 1.5x, https:\/\/i0.wp.com\/www.cisa-arica.cl\/wp1\/wp-content\/uploads\/2023\/12\/articles-227752_imagen_portada_ok.jpg?resize=700%2C400&ssl=1 2x, https:\/\/i0.wp.com\/www.cisa-arica.cl\/wp1\/wp-content\/uploads\/2023\/12\/articles-227752_imagen_portada_ok.jpg?resize=1050%2C600&ssl=1 3x, https:\/\/i0.wp.com\/www.cisa-arica.cl\/wp1\/wp-content\/uploads\/2023\/12\/articles-227752_imagen_portada_ok.jpg?resize=1400%2C800&ssl=1 4x"},"classes":[]},{"id":10447,"url":"https:\/\/www.cisa-arica.cl\/wp1\/2020\/04\/24\/informacion-importante-papinotas\/","url_meta":{"origin":26194,"position":2},"title":"Informaci\u00f3n Importante Papinotas","author":"Jeannette Rivera","date":"24 de Abril de 2020","format":false,"excerpt":"Estimados Apoderados:Siempre pensando en lo mejor para nuestras estudiantes y sus familias, es que queremos informar que el colegio ha contratado el servicio de Papinotas, una plataforma que permitir\u00e1 mejorar la entrega de informaci\u00f3n a Ustedes.Cuando el colegio env\u00ede informaci\u00f3n por Papinotas, esta llegar\u00e1 como mensaje de texto a sus\u2026","rel":"","context":"Entrada similar ","block_context":{"text":"Entrada similar ","link":""},"img":{"alt_text":"","src":"https:\/\/i0.wp.com\/www.cisa-arica.cl\/wp1\/wp-content\/uploads\/2019\/04\/cropped-LOGO_CISA_chico-2-e1557940881746.png?resize=350%2C200&ssl=1","width":350,"height":200},"classes":[]},{"id":10411,"url":"https:\/\/www.cisa-arica.cl\/wp1\/2020\/04\/09\/carta-dirigida-a-nuestras-estudiantes\/","url_meta":{"origin":26194,"position":3},"title":"Carta dirigida a nuestras Estudiantes","author":"Jeannette Rivera","date":"9 de Abril de 2020","format":false,"excerpt":"\u00a0\u00a0\u00a0\u00a0\u00a0\u00a0\u00a0\u00a0\u00a0\u00a0\u00a0\u00a0\u00a0\u00a0\u00a0\u00a0\u00a0\u00a0\u00a0\u00a0\u00a0\u00a0\u00a0\u00a0\u00a0\u00a0\u00a0\u00a0\u00a0\u00a0\u00a0\u00a0\u00a0\u00a0\u00a0\u00a0\u00a0\u00a0\u00a0\u00a0\u00a0\u00a0\u00a0\u00a0\u00a0\u00a0\u00a0\u00a0\u00a0\u00a0\u00a0\u00a0\u00a0\u00a0\u00a0\u00a0\u00a0\u00a0\u00a0\u00a0\u00a0\u00a0\u00a0\u00a0\u00a0\u00a0\u00a0\u00a0\u00a0\u00a0\u00a0\u00a0\u00a0\u00a0\u00a0\u00a0\u00a0\u00a0\u00a0\u00a0\u00a0\u00a0\u00a0\u00a0\u00a0\u00a0\u00a0\u00a0\u00a0\u00a0\u00a0\u00a0\u00a0\u00a0\u00a0\u00a0\u00a0\u00a0\u00a0\u00a0\u00a0\u00a0\u00a0\u00a0\u00a0\u00a0\u00a0\u00a0\u00a0\u00a0\u00a0\u00a0\u00a0\u00a0\u00a0\u00a0\u00a0\u00a0\u00a0\u00a0\u00a0\u00a0\u00a0\u00a0\u00a0\u00a0\u00a0\u00a0\u00a0\u00a0\u00a0\u00a0\u00a0\u00a0\u00a0\u00a0\u00a0\u00a0\u00a0\u00a0 \u00a0\u00a0\u00a0\u00a0\u00a0\u00a0\u00a0\u00a0 Jueves 9 de abril de 2020 Queridas Estudiantes \u00a0\u00a0\u00a0\u00a0\u00a0\u00a0\u00a0\u00a0\u00a0\u00a0\u00a0 Junto con saludarlas con mucho cari\u00f1o y esperando que se encuentren bien al igual que sus familias, me dirijo \u00a0a ustedes para compartirles lo que el colegio ha ido programando con el objetivo de responder de la mejor forma\u2026","rel":"","context":"Entrada similar ","block_context":{"text":"Entrada similar ","link":""},"img":{"alt_text":"","src":"https:\/\/i0.wp.com\/www.cisa-arica.cl\/wp1\/wp-content\/uploads\/2019\/04\/cropped-LOGO_CISA_chico-2-e1557940881746.png?resize=350%2C200&ssl=1","width":350,"height":200},"classes":[]},{"id":16867,"url":"https:\/\/www.cisa-arica.cl\/wp1\/2022\/08\/02\/aniversario-cisa-no-88\/","url_meta":{"origin":26194,"position":4},"title":"Aniversario Cisa N\u00ba 88","author":"Jeannette Rivera","date":"2 de Agosto de 2022","format":false,"excerpt":"Con una serie de actividades al interior del colegio, el Centro de Estudiantes organiz\u00f3 un nuevo aniversario,en donde nuestras estudiantes pudieron festejar con alegr\u00eda, m\u00fasica y divertidas pruebas. En cada una de ellas, las alianza por niveles participaron con una sana y buena convivencia.","rel":"","context":"Entrada similar ","block_context":{"text":"Entrada similar ","link":""},"img":{"alt_text":"","src":"https:\/\/i0.wp.com\/www.cisa-arica.cl\/wp1\/wp-content\/uploads\/2022\/08\/WhatsApp-Image-2022-08-04-at-10.53.20-AM-8.jpeg?resize=350%2C200&ssl=1","width":350,"height":200,"srcset":"https:\/\/i0.wp.com\/www.cisa-arica.cl\/wp1\/wp-content\/uploads\/2022\/08\/WhatsApp-Image-2022-08-04-at-10.53.20-AM-8.jpeg?resize=350%2C200&ssl=1 1x, https:\/\/i0.wp.com\/www.cisa-arica.cl\/wp1\/wp-content\/uploads\/2022\/08\/WhatsApp-Image-2022-08-04-at-10.53.20-AM-8.jpeg?resize=525%2C300&ssl=1 1.5x, https:\/\/i0.wp.com\/www.cisa-arica.cl\/wp1\/wp-content\/uploads\/2022\/08\/WhatsApp-Image-2022-08-04-at-10.53.20-AM-8.jpeg?resize=700%2C400&ssl=1 2x"},"classes":[]},{"id":12898,"url":"https:\/\/www.cisa-arica.cl\/wp1\/2021\/08\/23\/entrega-de-becas-tics-junaeb-a-estudiantes-de-7mos-basicos\/","url_meta":{"origin":26194,"position":5},"title":"Entrega de Becas Tics JUNAEB a estudiantes de 7os B\u00e1sicos.","author":"CISA","date":"23 de Agosto de 2021","format":false,"excerpt":"Estimada Comunidad Educativa: Colegio Italiano Santa Ana desea compartir las felicitaciones a nuestras estudiantes de 7os B\u00e1sicos quienes han sido Beneficiadas con la Beca TICs JUNAEB. Que su esfuerzo siga siendo premiado y esta nueva herramienta les sea de gran ayuda en su quehacer estudiantil.","rel":"","context":"Entrada similar ","block_context":{"text":"Entrada similar ","link":""},"img":{"alt_text":"","src":"https:\/\/i0.wp.com\/www.cisa-arica.cl\/wp1\/wp-content\/uploads\/2021\/08\/Screenshot_4.png?resize=350%2C200&ssl=1","width":350,"height":200},"classes":[]}],"_links":{"self":[{"href":"https:\/\/www.cisa-arica.cl\/wp1\/wp-json\/wp\/v2\/posts\/26194","targetHints":{"allow":["GET"]}}],"collection":[{"href":"https:\/\/www.cisa-arica.cl\/wp1\/wp-json\/wp\/v2\/posts"}],"about":[{"href":"https:\/\/www.cisa-arica.cl\/wp1\/wp-json\/wp\/v2\/types\/post"}],"author":[{"embeddable":true,"href":"https:\/\/www.cisa-arica.cl\/wp1\/wp-json\/wp\/v2\/users\/5"}],"replies":[{"embeddable":true,"href":"https:\/\/www.cisa-arica.cl\/wp1\/wp-json\/wp\/v2\/comments?post=26194"}],"version-history":[{"count":3,"href":"https:\/\/www.cisa-arica.cl\/wp1\/wp-json\/wp\/v2\/posts\/26194\/revisions"}],"predecessor-version":[{"id":26198,"href":"https:\/\/www.cisa-arica.cl\/wp1\/wp-json\/wp\/v2\/posts\/26194\/revisions\/26198"}],"wp:featuredmedia":[{"embeddable":true,"href":"https:\/\/www.cisa-arica.cl\/wp1\/wp-json\/wp\/v2\/media\/25848"}],"wp:attachment":[{"href":"https:\/\/www.cisa-arica.cl\/wp1\/wp-json\/wp\/v2\/media?parent=26194"}],"wp:term":[{"taxonomy":"category","embeddable":true,"href":"https:\/\/www.cisa-arica.cl\/wp1\/wp-json\/wp\/v2\/categories?post=26194"},{"taxonomy":"post_tag","embeddable":true,"href":"https:\/\/www.cisa-arica.cl\/wp1\/wp-json\/wp\/v2\/tags?post=26194"}],"curies":[{"name":"wp","href":"https:\/\/api.w.org\/{rel}","templated":true}]}}