{"id":26152,"date":"2024-07-04T16:39:18","date_gmt":"2024-07-04T20:39:18","guid":{"rendered":"https:\/\/www.cisa-arica.cl\/wp1\/?p=26152"},"modified":"2024-07-04T16:48:44","modified_gmt":"2024-07-04T20:48:44","slug":"felices-vacaciones-de-invierno","status":"publish","type":"post","link":"https:\/\/www.cisa-arica.cl\/wp1\/2024\/07\/04\/felices-vacaciones-de-invierno\/","title":{"rendered":"Felices Vacaciones de Invierno"},"content":{"rendered":"<p>Colegio Italiano Santa Ana les desea un merecido descanso durante este receso de invierno para que recarguen energ\u00edas y tengamos un alegre reencuentro el Lunes 22 de Julio.<\/p>\n<p>Educaci\u00f3n Parvularia, despidi\u00f3 el \u00faltimo d\u00eda de clases con diversas actividades las cuales quedaron plasmadas en el siguiente video.<\/p>\n<p><iframe loading=\"lazy\"  id=\"_ytid_51339\"  width=\"800\" height=\"600\"  data-origwidth=\"800\" data-origheight=\"600\" src=\"https:\/\/www.youtube.com\/embed\/1O3l5Z93fnY?enablejsapi=1&#038;autoplay=0&#038;cc_load_policy=0&#038;cc_lang_pref=&#038;iv_load_policy=1&#038;loop=0&#038;rel=1&#038;fs=1&#038;playsinline=0&#038;autohide=2&#038;theme=dark&#038;color=red&#038;controls=1&#038;disablekb=0&#038;\" class=\"__youtube_prefs__  epyt-is-override  no-lazyload\" title=\"YouTube player\"  allow=\"fullscreen; accelerometer; autoplay; clipboard-write; encrypted-media; gyroscope; picture-in-picture; web-share\" referrerpolicy=\"strict-origin-when-cross-origin\" allowfullscreen data-no-lazy=\"1\" data-skipgform_ajax_framebjll=\"\"><\/iframe><\/p>\n","protected":false},"excerpt":{"rendered":"<p>Colegio Italiano Santa Ana les desea un merecido descanso durante este receso de invierno para que recarguen energ\u00edas y tengamos un alegre reencuentro el Lunes 22 de Julio. Educaci\u00f3n Parvularia, despidi\u00f3 el \u00faltimo d\u00eda de clases con diversas actividades las cuales quedaron plasmadas en el siguiente video.<\/p>\n","protected":false},"author":5,"featured_media":26153,"comment_status":"closed","ping_status":"open","sticky":false,"template":"","format":"standard","meta":{"_jetpack_memberships_contains_paid_content":false,"footnotes":"","jetpack_publicize_message":"","jetpack_publicize_feature_enabled":true,"jetpack_social_post_already_shared":true,"jetpack_social_options":{"image_generator_settings":{"template":"highway","default_image_id":0,"font":"","enabled":false},"version":2}},"categories":[5],"tags":[],"class_list":["post-26152","post","type-post","status-publish","format-standard","has-post-thumbnail","hentry","category-uncategorized"],"jetpack_publicize_connections":[],"jetpack_featured_media_url":"https:\/\/www.cisa-arica.cl\/wp1\/wp-content\/uploads\/2024\/07\/FELICES-VACACIONES-DE-INVIERNO.png","jetpack_sharing_enabled":true,"jetpack_shortlink":"https:\/\/wp.me\/p84wcz-6NO","jetpack-related-posts":[{"id":16781,"url":"https:\/\/www.cisa-arica.cl\/wp1\/2022\/07\/02\/consejos-para-vacaciones-de-invierno-equipo-psicopedagogico\/","url_meta":{"origin":26152,"position":0},"title":"Consejos para Vacaciones de Invierno-Equipo Psicopedag\u00f3gico","author":"Jeannette Rivera","date":"2 de Julio de 2022","format":false,"excerpt":"Estimadas estudiantes: Hemos finalizado el primer semestre de este a\u00f1o lectivo 2022, en donde el reencuentro con ustedes, fue el motor de inicio para retomar la presencialidad. Luego de cuatro meses de arduo trabajo, comenzaron las vacaciones de invierno para renovar energ\u00edas y cuidarse en familia. Por esta raz\u00f3n, el\u2026","rel":"","context":"Entrada similar ","block_context":{"text":"Entrada similar ","link":""},"img":{"alt_text":"","src":"https:\/\/i0.wp.com\/www.cisa-arica.cl\/wp1\/wp-content\/uploads\/2022\/07\/WhatsApp-Image-2022-07-02-at-6.35.49-PM.jpeg?resize=350%2C200&ssl=1","width":350,"height":200,"srcset":"https:\/\/i0.wp.com\/www.cisa-arica.cl\/wp1\/wp-content\/uploads\/2022\/07\/WhatsApp-Image-2022-07-02-at-6.35.49-PM.jpeg?resize=350%2C200&ssl=1 1x, https:\/\/i0.wp.com\/www.cisa-arica.cl\/wp1\/wp-content\/uploads\/2022\/07\/WhatsApp-Image-2022-07-02-at-6.35.49-PM.jpeg?resize=525%2C300&ssl=1 1.5x, https:\/\/i0.wp.com\/www.cisa-arica.cl\/wp1\/wp-content\/uploads\/2022\/07\/WhatsApp-Image-2022-07-02-at-6.35.49-PM.jpeg?resize=700%2C400&ssl=1 2x"},"classes":[]},{"id":7383,"url":"https:\/\/www.cisa-arica.cl\/wp1\/2019\/06\/05\/informacion-uniforme-periodo-de-invierno\/","url_meta":{"origin":26152,"position":1},"title":"Informaci\u00f3n uniforme per\u00edodo de invierno","author":"Jeannette Rivera","date":"5 de Junio de 2019","format":false,"excerpt":"ESTIMADO APODERADO: Junto con saludarle muy cordialmente, comunico a usted que, debido a las fr\u00edas ma\u00f1anas que se han percibido estos d\u00edas, y anticipando que seguir\u00e1 m\u00e1s fr\u00edo a\u00fan, se autoriza a todas las alumnas del colegio a asistir a clases con el buzo institucional durante todo el per\u00edodo de\u2026","rel":"","context":"Entrada similar ","block_context":{"text":"Entrada similar ","link":""},"img":{"alt_text":"","src":"https:\/\/i0.wp.com\/www.cisa-arica.cl\/wp1\/wp-content\/uploads\/2019\/04\/cropped-LOGO_CISA_chico-2-e1557940881746.png?resize=350%2C200&ssl=1","width":350,"height":200},"classes":[]},{"id":21026,"url":"https:\/\/www.cisa-arica.cl\/wp1\/2023\/06\/23\/suspension-talleres-de-apoyo\/","url_meta":{"origin":26152,"position":2},"title":"Suspensi\u00f3n Talleres de Apoyo","author":"Jeannette Rivera","date":"23 de Junio de 2023","format":false,"excerpt":"Estimados padres y apoderados: Los distintos talleres de reforzamiento, se suspenden durante los d\u00edas martes 27 y mi\u00e9rcoles 28 de junio. Estos se reiniciar\u00e1n al regreso del per\u00edodo de vacaciones de Invierno, es decir el lunes 17 de Julio se retoman en sus respectivos horarios.","rel":"","context":"Entrada similar ","block_context":{"text":"Entrada similar ","link":""},"img":{"alt_text":"","src":"https:\/\/i0.wp.com\/www.cisa-arica.cl\/wp1\/wp-content\/uploads\/2023\/06\/17C51105-7187-44BF-B49C-6FB5181E9E49-scaled.jpeg?resize=350%2C200&ssl=1","width":350,"height":200,"srcset":"https:\/\/i0.wp.com\/www.cisa-arica.cl\/wp1\/wp-content\/uploads\/2023\/06\/17C51105-7187-44BF-B49C-6FB5181E9E49-scaled.jpeg?resize=350%2C200&ssl=1 1x, https:\/\/i0.wp.com\/www.cisa-arica.cl\/wp1\/wp-content\/uploads\/2023\/06\/17C51105-7187-44BF-B49C-6FB5181E9E49-scaled.jpeg?resize=525%2C300&ssl=1 1.5x, https:\/\/i0.wp.com\/www.cisa-arica.cl\/wp1\/wp-content\/uploads\/2023\/06\/17C51105-7187-44BF-B49C-6FB5181E9E49-scaled.jpeg?resize=700%2C400&ssl=1 2x, https:\/\/i0.wp.com\/www.cisa-arica.cl\/wp1\/wp-content\/uploads\/2023\/06\/17C51105-7187-44BF-B49C-6FB5181E9E49-scaled.jpeg?resize=1050%2C600&ssl=1 3x, https:\/\/i0.wp.com\/www.cisa-arica.cl\/wp1\/wp-content\/uploads\/2023\/06\/17C51105-7187-44BF-B49C-6FB5181E9E49-scaled.jpeg?resize=1400%2C800&ssl=1 4x"},"classes":[]},{"id":10558,"url":"https:\/\/www.cisa-arica.cl\/wp1\/2020\/05\/27\/ayudanos-a-ayudar\/","url_meta":{"origin":26152,"position":3},"title":"Ay\u00fadanos a ayudar","author":"Jeannette Rivera","date":"27 de Mayo de 2020","format":false,"excerpt":"Estimada Comunidad Educativa: Junto con saludar y deseando que se encuentren bien, queremos compartir con ustedes la campa\u00f1a\u00a0de invierno Ay\u00fadanos a Ayudar, cuyo objetivo es ir en apoyo de aquella familias de nuestras estudiantes que, producto de la crisis sanitaria est\u00e1n pasando fuertes necesidades.Ante dudas y consultas comun\u00edquese a:\u00a0ayudanosayudar@cisa-arica.cl Equipo\u2026","rel":"","context":"Entrada similar ","block_context":{"text":"Entrada similar ","link":""},"img":{"alt_text":"","src":"https:\/\/i0.wp.com\/www.cisa-arica.cl\/wp1\/wp-content\/uploads\/2020\/05\/20200527_133343.jpg?resize=350%2C200&ssl=1","width":350,"height":200,"srcset":"https:\/\/i0.wp.com\/www.cisa-arica.cl\/wp1\/wp-content\/uploads\/2020\/05\/20200527_133343.jpg?resize=350%2C200&ssl=1 1x, https:\/\/i0.wp.com\/www.cisa-arica.cl\/wp1\/wp-content\/uploads\/2020\/05\/20200527_133343.jpg?resize=525%2C300&ssl=1 1.5x, https:\/\/i0.wp.com\/www.cisa-arica.cl\/wp1\/wp-content\/uploads\/2020\/05\/20200527_133343.jpg?resize=700%2C400&ssl=1 2x"},"classes":[]},{"id":25835,"url":"https:\/\/www.cisa-arica.cl\/wp1\/2024\/06\/25\/finalizacion-de-academias-primer-semestre\/","url_meta":{"origin":26152,"position":4},"title":"Finalizaci\u00f3n de Academias Primer Semestre","author":"Jeannette Rivera","date":"25 de Junio de 2024","format":false,"excerpt":"Se comunica a la Comunidad Educativa que TODAS LAS ACADEMIAS finalizan esta semana (viernes 28\/06), por el per\u00edodo del primer semestre. La academia de BALONCESTO ED.\u00a0MEDIA\u00a0ser\u00e1 suspendida por este\u00a0jueves 28\/06\u00a0debido a que la Profesora Lidia debe participar de la Reuni\u00f3n de Apoderados. La Academia de Rositas, NO funcionar\u00e1 este viernes\u2026","rel":"","context":"Entrada similar ","block_context":{"text":"Entrada similar ","link":""},"img":{"alt_text":"","src":"https:\/\/i0.wp.com\/www.cisa-arica.cl\/wp1\/wp-content\/uploads\/2023\/11\/IMG_3804-scaled.jpg?resize=350%2C200&ssl=1","width":350,"height":200,"srcset":"https:\/\/i0.wp.com\/www.cisa-arica.cl\/wp1\/wp-content\/uploads\/2023\/11\/IMG_3804-scaled.jpg?resize=350%2C200&ssl=1 1x, https:\/\/i0.wp.com\/www.cisa-arica.cl\/wp1\/wp-content\/uploads\/2023\/11\/IMG_3804-scaled.jpg?resize=525%2C300&ssl=1 1.5x, https:\/\/i0.wp.com\/www.cisa-arica.cl\/wp1\/wp-content\/uploads\/2023\/11\/IMG_3804-scaled.jpg?resize=700%2C400&ssl=1 2x, https:\/\/i0.wp.com\/www.cisa-arica.cl\/wp1\/wp-content\/uploads\/2023\/11\/IMG_3804-scaled.jpg?resize=1050%2C600&ssl=1 3x, https:\/\/i0.wp.com\/www.cisa-arica.cl\/wp1\/wp-content\/uploads\/2023\/11\/IMG_3804-scaled.jpg?resize=1400%2C800&ssl=1 4x"},"classes":[]},{"id":28597,"url":"https:\/\/www.cisa-arica.cl\/wp1\/2025\/07\/19\/retorno-a-clases-21-de-julio\/","url_meta":{"origin":26152,"position":5},"title":"Retorno a Clases 21 de Julio","author":"Jeannette Rivera","date":"19 de Julio de 2025","format":false,"excerpt":"Estimado(a) Apoderado(a) Reciba usted un cordial saludo. A la espera que hayan disfrutado de este merecido descanso de invierno, informo a usted que retomamos las clases este lunes 21 de julio 2025 en horario normal. Se han modificado los lugares de ingreso y salida de las estudiantes quedando de la\u2026","rel":"","context":"En &quot;CISA&quot;","block_context":{"text":"CISA","link":"https:\/\/www.cisa-arica.cl\/wp1\/category\/cisa\/"},"img":{"alt_text":"","src":"https:\/\/i0.wp.com\/www.cisa-arica.cl\/wp1\/wp-content\/uploads\/2025\/07\/IMG_5399.webp?resize=350%2C200&ssl=1","width":350,"height":200,"srcset":"https:\/\/i0.wp.com\/www.cisa-arica.cl\/wp1\/wp-content\/uploads\/2025\/07\/IMG_5399.webp?resize=350%2C200&ssl=1 1x, https:\/\/i0.wp.com\/www.cisa-arica.cl\/wp1\/wp-content\/uploads\/2025\/07\/IMG_5399.webp?resize=525%2C300&ssl=1 1.5x, https:\/\/i0.wp.com\/www.cisa-arica.cl\/wp1\/wp-content\/uploads\/2025\/07\/IMG_5399.webp?resize=700%2C400&ssl=1 2x, https:\/\/i0.wp.com\/www.cisa-arica.cl\/wp1\/wp-content\/uploads\/2025\/07\/IMG_5399.webp?resize=1050%2C600&ssl=1 3x, https:\/\/i0.wp.com\/www.cisa-arica.cl\/wp1\/wp-content\/uploads\/2025\/07\/IMG_5399.webp?resize=1400%2C800&ssl=1 4x"},"classes":[]}],"_links":{"self":[{"href":"https:\/\/www.cisa-arica.cl\/wp1\/wp-json\/wp\/v2\/posts\/26152","targetHints":{"allow":["GET"]}}],"collection":[{"href":"https:\/\/www.cisa-arica.cl\/wp1\/wp-json\/wp\/v2\/posts"}],"about":[{"href":"https:\/\/www.cisa-arica.cl\/wp1\/wp-json\/wp\/v2\/types\/post"}],"author":[{"embeddable":true,"href":"https:\/\/www.cisa-arica.cl\/wp1\/wp-json\/wp\/v2\/users\/5"}],"replies":[{"embeddable":true,"href":"https:\/\/www.cisa-arica.cl\/wp1\/wp-json\/wp\/v2\/comments?post=26152"}],"version-history":[{"count":4,"href":"https:\/\/www.cisa-arica.cl\/wp1\/wp-json\/wp\/v2\/posts\/26152\/revisions"}],"predecessor-version":[{"id":26157,"href":"https:\/\/www.cisa-arica.cl\/wp1\/wp-json\/wp\/v2\/posts\/26152\/revisions\/26157"}],"wp:featuredmedia":[{"embeddable":true,"href":"https:\/\/www.cisa-arica.cl\/wp1\/wp-json\/wp\/v2\/media\/26153"}],"wp:attachment":[{"href":"https:\/\/www.cisa-arica.cl\/wp1\/wp-json\/wp\/v2\/media?parent=26152"}],"wp:term":[{"taxonomy":"category","embeddable":true,"href":"https:\/\/www.cisa-arica.cl\/wp1\/wp-json\/wp\/v2\/categories?post=26152"},{"taxonomy":"post_tag","embeddable":true,"href":"https:\/\/www.cisa-arica.cl\/wp1\/wp-json\/wp\/v2\/tags?post=26152"}],"curies":[{"name":"wp","href":"https:\/\/api.w.org\/{rel}","templated":true}]}}