{"id":26121,"date":"2024-05-27T18:27:31","date_gmt":"2024-05-27T22:27:31","guid":{"rendered":"https:\/\/www.cisa-arica.cl\/wp1\/?p=26121"},"modified":"2024-07-04T16:40:07","modified_gmt":"2024-07-04T20:40:07","slug":"3o-medio-a-visita-al-jardin-infantil-granitos-de-arena","status":"publish","type":"post","link":"https:\/\/www.cisa-arica.cl\/wp1\/2024\/05\/27\/3o-medio-a-visita-al-jardin-infantil-granitos-de-arena\/","title":{"rendered":"3\u00ba medio A visita al jard\u00edn infantil  &#8220;Granitos de Arena&#8221;"},"content":{"rendered":"<div>Solidarity work of students from 3rd year A in the &#8220;English Volunteering Unit&#8221;, providing a social service to the kindergarten: &#8220;Granitos de arena&#8221; with children from the lower and upper middle school and nursery.<\/div>\n<div><\/div>\n<div>Trabajo solidario de estudiantes del 3ero medio A en la &#8220;Unidad de Voluntariado de ingl\u00e9s&#8221;, prestando un servicio social al jard\u00edn infantil: &#8220;Granitos de arena&#8221; con ni\u00f1os nivel medio menor, medio mayor y sala cuna.<\/div>\n\n\n<div class=\"wp-block-jetpack-tiled-gallery aligncenter is-style-rectangular\"><div class=\"tiled-gallery__gallery\"><div class=\"tiled-gallery__row\"><div class=\"tiled-gallery__col\" style=\"flex-basis:66.74547%\"><figure class=\"tiled-gallery__item\"><img decoding=\"async\" data-attachment-id=\"26123\" data-permalink=\"https:\/\/www.cisa-arica.cl\/wp1\/2024\/05\/27\/3o-medio-a-visita-al-jardin-infantil-granitos-de-arena\/img_20240527_090618\/\" data-orig-file=\"https:\/\/www.cisa-arica.cl\/wp1\/wp-content\/uploads\/2024\/07\/IMG_20240527_090618-scaled.jpg\" data-orig-size=\"2560,1920\" data-comments-opened=\"0\" data-image-meta=\"{&quot;aperture&quot;:&quot;1.88&quot;,&quot;credit&quot;:&quot;&quot;,&quot;camera&quot;:&quot;22101316G&quot;,&quot;caption&quot;:&quot;&quot;,&quot;created_timestamp&quot;:&quot;1716800778&quot;,&quot;copyright&quot;:&quot;&quot;,&quot;focal_length&quot;:&quot;5.59&quot;,&quot;iso&quot;:&quot;385&quot;,&quot;shutter_speed&quot;:&quot;0.019977&quot;,&quot;title&quot;:&quot;&quot;,&quot;orientation&quot;:&quot;1&quot;}\" data-image-title=\"IMG_20240527_090618\" data-image-description=\"\" data-image-caption=\"\" data-large-file=\"https:\/\/www.cisa-arica.cl\/wp1\/wp-content\/uploads\/2024\/07\/IMG_20240527_090618-600x450.jpg\" data-attachment-id=\"26123\" data-permalink=\"https:\/\/www.cisa-arica.cl\/wp1\/2024\/05\/27\/3o-medio-a-visita-al-jardin-infantil-granitos-de-arena\/img_20240527_090618\/\" data-orig-file=\"https:\/\/www.cisa-arica.cl\/wp1\/wp-content\/uploads\/2024\/07\/IMG_20240527_090618-scaled.jpg\" data-orig-size=\"2560,1920\" data-comments-opened=\"0\" data-image-meta=\"{&quot;aperture&quot;:&quot;1.88&quot;,&quot;credit&quot;:&quot;&quot;,&quot;camera&quot;:&quot;22101316G&quot;,&quot;caption&quot;:&quot;&quot;,&quot;created_timestamp&quot;:&quot;1716800778&quot;,&quot;copyright&quot;:&quot;&quot;,&quot;focal_length&quot;:&quot;5.59&quot;,&quot;iso&quot;:&quot;385&quot;,&quot;shutter_speed&quot;:&quot;0.019977&quot;,&quot;title&quot;:&quot;&quot;,&quot;orientation&quot;:&quot;1&quot;}\" data-image-title=\"IMG_20240527_090618\" data-image-description=\"\" data-image-caption=\"\" data-large-file=\"https:\/\/www.cisa-arica.cl\/wp1\/wp-content\/uploads\/2024\/07\/IMG_20240527_090618-600x450.jpg\" role=\"button\" tabindex=\"0\" aria-label=\"Abrir la imagen 1 de 28 en pantalla completa\"srcset=\"https:\/\/i0.wp.com\/www.cisa-arica.cl\/wp1\/wp-content\/uploads\/2024\/07\/IMG_20240527_090618-600x450.jpg?strip=info&#038;w=600&#038;ssl=1 600w,https:\/\/i0.wp.com\/www.cisa-arica.cl\/wp1\/wp-content\/uploads\/2024\/07\/IMG_20240527_090618-600x450.jpg?strip=info&#038;w=900&#038;ssl=1 900w,https:\/\/i0.wp.com\/www.cisa-arica.cl\/wp1\/wp-content\/uploads\/2024\/07\/IMG_20240527_090618-600x450.jpg?strip=info&#038;w=1200&#038;ssl=1 1200w,https:\/\/i0.wp.com\/www.cisa-arica.cl\/wp1\/wp-content\/uploads\/2024\/07\/IMG_20240527_090618-600x450.jpg?strip=info&#038;w=1500&#038;ssl=1 1500w,https:\/\/i0.wp.com\/www.cisa-arica.cl\/wp1\/wp-content\/uploads\/2024\/07\/IMG_20240527_090618-600x450.jpg?strip=info&#038;w=1800&#038;ssl=1 1800w,https:\/\/i0.wp.com\/www.cisa-arica.cl\/wp1\/wp-content\/uploads\/2024\/07\/IMG_20240527_090618-600x450.jpg?strip=info&#038;w=2000&#038;ssl=1 2000w\" alt=\"\" data-height=\"1920\" data-id=\"26123\" data-link=\"https:\/\/www.cisa-arica.cl\/wp1\/?attachment_id=26123\" data-url=\"https:\/\/www.cisa-arica.cl\/wp1\/wp-content\/uploads\/2024\/07\/IMG_20240527_090618-600x450.jpg\" data-width=\"2560\" src=\"https:\/\/i0.wp.com\/www.cisa-arica.cl\/wp1\/wp-content\/uploads\/2024\/07\/IMG_20240527_090618-600x450.jpg?ssl=1\" data-amp-layout=\"responsive\"\/><\/figure><\/div><div class=\"tiled-gallery__col\" style=\"flex-basis:33.25453%\"><figure class=\"tiled-gallery__item\"><img decoding=\"async\" data-attachment-id=\"26124\" data-permalink=\"https:\/\/www.cisa-arica.cl\/wp1\/2024\/05\/27\/3o-medio-a-visita-al-jardin-infantil-granitos-de-arena\/img_20240527_090642\/\" data-orig-file=\"https:\/\/www.cisa-arica.cl\/wp1\/wp-content\/uploads\/2024\/07\/IMG_20240527_090642-scaled.jpg\" data-orig-size=\"2560,1920\" data-comments-opened=\"0\" data-image-meta=\"{&quot;aperture&quot;:&quot;1.88&quot;,&quot;credit&quot;:&quot;&quot;,&quot;camera&quot;:&quot;22101316G&quot;,&quot;caption&quot;:&quot;&quot;,&quot;created_timestamp&quot;:&quot;1716800802&quot;,&quot;copyright&quot;:&quot;&quot;,&quot;focal_length&quot;:&quot;5.59&quot;,&quot;iso&quot;:&quot;312&quot;,&quot;shutter_speed&quot;:&quot;0.019977&quot;,&quot;title&quot;:&quot;&quot;,&quot;orientation&quot;:&quot;1&quot;}\" data-image-title=\"IMG_20240527_090642\" data-image-description=\"\" data-image-caption=\"\" data-large-file=\"https:\/\/www.cisa-arica.cl\/wp1\/wp-content\/uploads\/2024\/07\/IMG_20240527_090642-600x450.jpg\" data-attachment-id=\"26124\" data-permalink=\"https:\/\/www.cisa-arica.cl\/wp1\/2024\/05\/27\/3o-medio-a-visita-al-jardin-infantil-granitos-de-arena\/img_20240527_090642\/\" data-orig-file=\"https:\/\/www.cisa-arica.cl\/wp1\/wp-content\/uploads\/2024\/07\/IMG_20240527_090642-scaled.jpg\" data-orig-size=\"2560,1920\" data-comments-opened=\"0\" data-image-meta=\"{&quot;aperture&quot;:&quot;1.88&quot;,&quot;credit&quot;:&quot;&quot;,&quot;camera&quot;:&quot;22101316G&quot;,&quot;caption&quot;:&quot;&quot;,&quot;created_timestamp&quot;:&quot;1716800802&quot;,&quot;copyright&quot;:&quot;&quot;,&quot;focal_length&quot;:&quot;5.59&quot;,&quot;iso&quot;:&quot;312&quot;,&quot;shutter_speed&quot;:&quot;0.019977&quot;,&quot;title&quot;:&quot;&quot;,&quot;orientation&quot;:&quot;1&quot;}\" data-image-title=\"IMG_20240527_090642\" data-image-description=\"\" data-image-caption=\"\" data-large-file=\"https:\/\/www.cisa-arica.cl\/wp1\/wp-content\/uploads\/2024\/07\/IMG_20240527_090642-600x450.jpg\" role=\"button\" tabindex=\"0\" aria-label=\"Abrir la imagen 2 de 28 en pantalla completa\"srcset=\"https:\/\/i0.wp.com\/www.cisa-arica.cl\/wp1\/wp-content\/uploads\/2024\/07\/IMG_20240527_090642-600x450.jpg?strip=info&#038;w=600&#038;ssl=1 600w,https:\/\/i0.wp.com\/www.cisa-arica.cl\/wp1\/wp-content\/uploads\/2024\/07\/IMG_20240527_090642-600x450.jpg?strip=info&#038;w=900&#038;ssl=1 900w,https:\/\/i0.wp.com\/www.cisa-arica.cl\/wp1\/wp-content\/uploads\/2024\/07\/IMG_20240527_090642-600x450.jpg?strip=info&#038;w=1200&#038;ssl=1 1200w,https:\/\/i0.wp.com\/www.cisa-arica.cl\/wp1\/wp-content\/uploads\/2024\/07\/IMG_20240527_090642-600x450.jpg?strip=info&#038;w=1500&#038;ssl=1 1500w,https:\/\/i0.wp.com\/www.cisa-arica.cl\/wp1\/wp-content\/uploads\/2024\/07\/IMG_20240527_090642-600x450.jpg?strip=info&#038;w=1800&#038;ssl=1 1800w,https:\/\/i0.wp.com\/www.cisa-arica.cl\/wp1\/wp-content\/uploads\/2024\/07\/IMG_20240527_090642-600x450.jpg?strip=info&#038;w=2000&#038;ssl=1 2000w\" alt=\"\" data-height=\"1920\" data-id=\"26124\" data-link=\"https:\/\/www.cisa-arica.cl\/wp1\/?attachment_id=26124\" data-url=\"https:\/\/www.cisa-arica.cl\/wp1\/wp-content\/uploads\/2024\/07\/IMG_20240527_090642-600x450.jpg\" data-width=\"2560\" src=\"https:\/\/i0.wp.com\/www.cisa-arica.cl\/wp1\/wp-content\/uploads\/2024\/07\/IMG_20240527_090642-600x450.jpg?ssl=1\" data-amp-layout=\"responsive\"\/><\/figure><figure class=\"tiled-gallery__item\"><img decoding=\"async\" data-attachment-id=\"26125\" data-permalink=\"https:\/\/www.cisa-arica.cl\/wp1\/2024\/05\/27\/3o-medio-a-visita-al-jardin-infantil-granitos-de-arena\/img_20240527_090648\/\" data-orig-file=\"https:\/\/www.cisa-arica.cl\/wp1\/wp-content\/uploads\/2024\/07\/IMG_20240527_090648-scaled.jpg\" data-orig-size=\"2560,1920\" data-comments-opened=\"0\" data-image-meta=\"{&quot;aperture&quot;:&quot;1.88&quot;,&quot;credit&quot;:&quot;&quot;,&quot;camera&quot;:&quot;22101316G&quot;,&quot;caption&quot;:&quot;&quot;,&quot;created_timestamp&quot;:&quot;1716800808&quot;,&quot;copyright&quot;:&quot;&quot;,&quot;focal_length&quot;:&quot;5.59&quot;,&quot;iso&quot;:&quot;600&quot;,&quot;shutter_speed&quot;:&quot;0.019977&quot;,&quot;title&quot;:&quot;&quot;,&quot;orientation&quot;:&quot;1&quot;}\" data-image-title=\"IMG_20240527_090648\" data-image-description=\"\" data-image-caption=\"\" data-large-file=\"https:\/\/www.cisa-arica.cl\/wp1\/wp-content\/uploads\/2024\/07\/IMG_20240527_090648-600x450.jpg\" data-attachment-id=\"26125\" data-permalink=\"https:\/\/www.cisa-arica.cl\/wp1\/2024\/05\/27\/3o-medio-a-visita-al-jardin-infantil-granitos-de-arena\/img_20240527_090648\/\" data-orig-file=\"https:\/\/www.cisa-arica.cl\/wp1\/wp-content\/uploads\/2024\/07\/IMG_20240527_090648-scaled.jpg\" data-orig-size=\"2560,1920\" data-comments-opened=\"0\" data-image-meta=\"{&quot;aperture&quot;:&quot;1.88&quot;,&quot;credit&quot;:&quot;&quot;,&quot;camera&quot;:&quot;22101316G&quot;,&quot;caption&quot;:&quot;&quot;,&quot;created_timestamp&quot;:&quot;1716800808&quot;,&quot;copyright&quot;:&quot;&quot;,&quot;focal_length&quot;:&quot;5.59&quot;,&quot;iso&quot;:&quot;600&quot;,&quot;shutter_speed&quot;:&quot;0.019977&quot;,&quot;title&quot;:&quot;&quot;,&quot;orientation&quot;:&quot;1&quot;}\" data-image-title=\"IMG_20240527_090648\" data-image-description=\"\" data-image-caption=\"\" data-large-file=\"https:\/\/www.cisa-arica.cl\/wp1\/wp-content\/uploads\/2024\/07\/IMG_20240527_090648-600x450.jpg\" role=\"button\" tabindex=\"0\" aria-label=\"Abrir la imagen 3 de 28 en pantalla completa\"srcset=\"https:\/\/i1.wp.com\/www.cisa-arica.cl\/wp1\/wp-content\/uploads\/2024\/07\/IMG_20240527_090648-600x450.jpg?strip=info&#038;w=600&#038;ssl=1 600w,https:\/\/i1.wp.com\/www.cisa-arica.cl\/wp1\/wp-content\/uploads\/2024\/07\/IMG_20240527_090648-600x450.jpg?strip=info&#038;w=900&#038;ssl=1 900w,https:\/\/i1.wp.com\/www.cisa-arica.cl\/wp1\/wp-content\/uploads\/2024\/07\/IMG_20240527_090648-600x450.jpg?strip=info&#038;w=1200&#038;ssl=1 1200w,https:\/\/i1.wp.com\/www.cisa-arica.cl\/wp1\/wp-content\/uploads\/2024\/07\/IMG_20240527_090648-600x450.jpg?strip=info&#038;w=1500&#038;ssl=1 1500w,https:\/\/i1.wp.com\/www.cisa-arica.cl\/wp1\/wp-content\/uploads\/2024\/07\/IMG_20240527_090648-600x450.jpg?strip=info&#038;w=1800&#038;ssl=1 1800w,https:\/\/i1.wp.com\/www.cisa-arica.cl\/wp1\/wp-content\/uploads\/2024\/07\/IMG_20240527_090648-600x450.jpg?strip=info&#038;w=2000&#038;ssl=1 2000w\" alt=\"\" data-height=\"1920\" data-id=\"26125\" data-link=\"https:\/\/www.cisa-arica.cl\/wp1\/?attachment_id=26125\" data-url=\"https:\/\/www.cisa-arica.cl\/wp1\/wp-content\/uploads\/2024\/07\/IMG_20240527_090648-600x450.jpg\" data-width=\"2560\" src=\"https:\/\/i1.wp.com\/www.cisa-arica.cl\/wp1\/wp-content\/uploads\/2024\/07\/IMG_20240527_090648-600x450.jpg?ssl=1\" data-amp-layout=\"responsive\"\/><\/figure><\/div><\/div><div class=\"tiled-gallery__row\"><div class=\"tiled-gallery__col\" style=\"flex-basis:33.33333%\"><figure class=\"tiled-gallery__item\"><img decoding=\"async\" data-attachment-id=\"26126\" data-permalink=\"https:\/\/www.cisa-arica.cl\/wp1\/2024\/05\/27\/3o-medio-a-visita-al-jardin-infantil-granitos-de-arena\/img_20240527_090835\/\" data-orig-file=\"https:\/\/www.cisa-arica.cl\/wp1\/wp-content\/uploads\/2024\/07\/IMG_20240527_090835-scaled.jpg\" data-orig-size=\"2560,1920\" data-comments-opened=\"0\" data-image-meta=\"{&quot;aperture&quot;:&quot;1.88&quot;,&quot;credit&quot;:&quot;&quot;,&quot;camera&quot;:&quot;22101316G&quot;,&quot;caption&quot;:&quot;&quot;,&quot;created_timestamp&quot;:&quot;1716800915&quot;,&quot;copyright&quot;:&quot;&quot;,&quot;focal_length&quot;:&quot;5.59&quot;,&quot;iso&quot;:&quot;646&quot;,&quot;shutter_speed&quot;:&quot;0.030005&quot;,&quot;title&quot;:&quot;&quot;,&quot;orientation&quot;:&quot;1&quot;}\" data-image-title=\"IMG_20240527_090835\" data-image-description=\"\" data-image-caption=\"\" data-large-file=\"https:\/\/www.cisa-arica.cl\/wp1\/wp-content\/uploads\/2024\/07\/IMG_20240527_090835-600x450.jpg\" data-attachment-id=\"26126\" data-permalink=\"https:\/\/www.cisa-arica.cl\/wp1\/2024\/05\/27\/3o-medio-a-visita-al-jardin-infantil-granitos-de-arena\/img_20240527_090835\/\" data-orig-file=\"https:\/\/www.cisa-arica.cl\/wp1\/wp-content\/uploads\/2024\/07\/IMG_20240527_090835-scaled.jpg\" data-orig-size=\"2560,1920\" data-comments-opened=\"0\" data-image-meta=\"{&quot;aperture&quot;:&quot;1.88&quot;,&quot;credit&quot;:&quot;&quot;,&quot;camera&quot;:&quot;22101316G&quot;,&quot;caption&quot;:&quot;&quot;,&quot;created_timestamp&quot;:&quot;1716800915&quot;,&quot;copyright&quot;:&quot;&quot;,&quot;focal_length&quot;:&quot;5.59&quot;,&quot;iso&quot;:&quot;646&quot;,&quot;shutter_speed&quot;:&quot;0.030005&quot;,&quot;title&quot;:&quot;&quot;,&quot;orientation&quot;:&quot;1&quot;}\" data-image-title=\"IMG_20240527_090835\" data-image-description=\"\" data-image-caption=\"\" data-large-file=\"https:\/\/www.cisa-arica.cl\/wp1\/wp-content\/uploads\/2024\/07\/IMG_20240527_090835-600x450.jpg\" role=\"button\" tabindex=\"0\" aria-label=\"Abrir la imagen 4 de 28 en pantalla completa\"srcset=\"https:\/\/i0.wp.com\/www.cisa-arica.cl\/wp1\/wp-content\/uploads\/2024\/07\/IMG_20240527_090835-600x450.jpg?strip=info&#038;w=600&#038;ssl=1 600w,https:\/\/i0.wp.com\/www.cisa-arica.cl\/wp1\/wp-content\/uploads\/2024\/07\/IMG_20240527_090835-600x450.jpg?strip=info&#038;w=900&#038;ssl=1 900w,https:\/\/i0.wp.com\/www.cisa-arica.cl\/wp1\/wp-content\/uploads\/2024\/07\/IMG_20240527_090835-600x450.jpg?strip=info&#038;w=1200&#038;ssl=1 1200w,https:\/\/i0.wp.com\/www.cisa-arica.cl\/wp1\/wp-content\/uploads\/2024\/07\/IMG_20240527_090835-600x450.jpg?strip=info&#038;w=1500&#038;ssl=1 1500w,https:\/\/i0.wp.com\/www.cisa-arica.cl\/wp1\/wp-content\/uploads\/2024\/07\/IMG_20240527_090835-600x450.jpg?strip=info&#038;w=1800&#038;ssl=1 1800w,https:\/\/i0.wp.com\/www.cisa-arica.cl\/wp1\/wp-content\/uploads\/2024\/07\/IMG_20240527_090835-600x450.jpg?strip=info&#038;w=2000&#038;ssl=1 2000w\" alt=\"\" data-height=\"1920\" data-id=\"26126\" data-link=\"https:\/\/www.cisa-arica.cl\/wp1\/?attachment_id=26126\" data-url=\"https:\/\/www.cisa-arica.cl\/wp1\/wp-content\/uploads\/2024\/07\/IMG_20240527_090835-600x450.jpg\" data-width=\"2560\" src=\"https:\/\/i0.wp.com\/www.cisa-arica.cl\/wp1\/wp-content\/uploads\/2024\/07\/IMG_20240527_090835-600x450.jpg?ssl=1\" data-amp-layout=\"responsive\"\/><\/figure><\/div><div class=\"tiled-gallery__col\" style=\"flex-basis:33.33333%\"><figure class=\"tiled-gallery__item\"><img decoding=\"async\" data-attachment-id=\"26127\" data-permalink=\"https:\/\/www.cisa-arica.cl\/wp1\/2024\/05\/27\/3o-medio-a-visita-al-jardin-infantil-granitos-de-arena\/img_20240527_090859\/\" data-orig-file=\"https:\/\/www.cisa-arica.cl\/wp1\/wp-content\/uploads\/2024\/07\/IMG_20240527_090859-scaled.jpg\" data-orig-size=\"2560,1920\" data-comments-opened=\"0\" data-image-meta=\"{&quot;aperture&quot;:&quot;1.88&quot;,&quot;credit&quot;:&quot;&quot;,&quot;camera&quot;:&quot;22101316G&quot;,&quot;caption&quot;:&quot;&quot;,&quot;created_timestamp&quot;:&quot;1716800939&quot;,&quot;copyright&quot;:&quot;&quot;,&quot;focal_length&quot;:&quot;5.59&quot;,&quot;iso&quot;:&quot;549&quot;,&quot;shutter_speed&quot;:&quot;0.019977&quot;,&quot;title&quot;:&quot;&quot;,&quot;orientation&quot;:&quot;1&quot;}\" data-image-title=\"IMG_20240527_090859\" data-image-description=\"\" data-image-caption=\"\" data-large-file=\"https:\/\/www.cisa-arica.cl\/wp1\/wp-content\/uploads\/2024\/07\/IMG_20240527_090859-600x450.jpg\" data-attachment-id=\"26127\" data-permalink=\"https:\/\/www.cisa-arica.cl\/wp1\/2024\/05\/27\/3o-medio-a-visita-al-jardin-infantil-granitos-de-arena\/img_20240527_090859\/\" data-orig-file=\"https:\/\/www.cisa-arica.cl\/wp1\/wp-content\/uploads\/2024\/07\/IMG_20240527_090859-scaled.jpg\" data-orig-size=\"2560,1920\" data-comments-opened=\"0\" data-image-meta=\"{&quot;aperture&quot;:&quot;1.88&quot;,&quot;credit&quot;:&quot;&quot;,&quot;camera&quot;:&quot;22101316G&quot;,&quot;caption&quot;:&quot;&quot;,&quot;created_timestamp&quot;:&quot;1716800939&quot;,&quot;copyright&quot;:&quot;&quot;,&quot;focal_length&quot;:&quot;5.59&quot;,&quot;iso&quot;:&quot;549&quot;,&quot;shutter_speed&quot;:&quot;0.019977&quot;,&quot;title&quot;:&quot;&quot;,&quot;orientation&quot;:&quot;1&quot;}\" data-image-title=\"IMG_20240527_090859\" data-image-description=\"\" data-image-caption=\"\" data-large-file=\"https:\/\/www.cisa-arica.cl\/wp1\/wp-content\/uploads\/2024\/07\/IMG_20240527_090859-600x450.jpg\" role=\"button\" tabindex=\"0\" aria-label=\"Abrir la imagen 5 de 28 en pantalla completa\"srcset=\"https:\/\/i1.wp.com\/www.cisa-arica.cl\/wp1\/wp-content\/uploads\/2024\/07\/IMG_20240527_090859-600x450.jpg?strip=info&#038;w=600&#038;ssl=1 600w,https:\/\/i1.wp.com\/www.cisa-arica.cl\/wp1\/wp-content\/uploads\/2024\/07\/IMG_20240527_090859-600x450.jpg?strip=info&#038;w=900&#038;ssl=1 900w,https:\/\/i1.wp.com\/www.cisa-arica.cl\/wp1\/wp-content\/uploads\/2024\/07\/IMG_20240527_090859-600x450.jpg?strip=info&#038;w=1200&#038;ssl=1 1200w,https:\/\/i1.wp.com\/www.cisa-arica.cl\/wp1\/wp-content\/uploads\/2024\/07\/IMG_20240527_090859-600x450.jpg?strip=info&#038;w=1500&#038;ssl=1 1500w,https:\/\/i1.wp.com\/www.cisa-arica.cl\/wp1\/wp-content\/uploads\/2024\/07\/IMG_20240527_090859-600x450.jpg?strip=info&#038;w=1800&#038;ssl=1 1800w,https:\/\/i1.wp.com\/www.cisa-arica.cl\/wp1\/wp-content\/uploads\/2024\/07\/IMG_20240527_090859-600x450.jpg?strip=info&#038;w=2000&#038;ssl=1 2000w\" alt=\"\" data-height=\"1920\" data-id=\"26127\" data-link=\"https:\/\/www.cisa-arica.cl\/wp1\/?attachment_id=26127\" data-url=\"https:\/\/www.cisa-arica.cl\/wp1\/wp-content\/uploads\/2024\/07\/IMG_20240527_090859-600x450.jpg\" data-width=\"2560\" src=\"https:\/\/i1.wp.com\/www.cisa-arica.cl\/wp1\/wp-content\/uploads\/2024\/07\/IMG_20240527_090859-600x450.jpg?ssl=1\" data-amp-layout=\"responsive\"\/><\/figure><\/div><div class=\"tiled-gallery__col\" style=\"flex-basis:33.33333%\"><figure class=\"tiled-gallery__item\"><img decoding=\"async\" data-attachment-id=\"26128\" data-permalink=\"https:\/\/www.cisa-arica.cl\/wp1\/2024\/05\/27\/3o-medio-a-visita-al-jardin-infantil-granitos-de-arena\/img_20240527_090903\/\" data-orig-file=\"https:\/\/www.cisa-arica.cl\/wp1\/wp-content\/uploads\/2024\/07\/IMG_20240527_090903-scaled.jpg\" data-orig-size=\"2560,1920\" data-comments-opened=\"0\" data-image-meta=\"{&quot;aperture&quot;:&quot;1.88&quot;,&quot;credit&quot;:&quot;&quot;,&quot;camera&quot;:&quot;22101316G&quot;,&quot;caption&quot;:&quot;&quot;,&quot;created_timestamp&quot;:&quot;1716800943&quot;,&quot;copyright&quot;:&quot;&quot;,&quot;focal_length&quot;:&quot;5.59&quot;,&quot;iso&quot;:&quot;532&quot;,&quot;shutter_speed&quot;:&quot;0.009949&quot;,&quot;title&quot;:&quot;&quot;,&quot;orientation&quot;:&quot;1&quot;}\" data-image-title=\"IMG_20240527_090903\" data-image-description=\"\" data-image-caption=\"\" data-large-file=\"https:\/\/www.cisa-arica.cl\/wp1\/wp-content\/uploads\/2024\/07\/IMG_20240527_090903-600x450.jpg\" data-attachment-id=\"26128\" data-permalink=\"https:\/\/www.cisa-arica.cl\/wp1\/2024\/05\/27\/3o-medio-a-visita-al-jardin-infantil-granitos-de-arena\/img_20240527_090903\/\" data-orig-file=\"https:\/\/www.cisa-arica.cl\/wp1\/wp-content\/uploads\/2024\/07\/IMG_20240527_090903-scaled.jpg\" data-orig-size=\"2560,1920\" data-comments-opened=\"0\" data-image-meta=\"{&quot;aperture&quot;:&quot;1.88&quot;,&quot;credit&quot;:&quot;&quot;,&quot;camera&quot;:&quot;22101316G&quot;,&quot;caption&quot;:&quot;&quot;,&quot;created_timestamp&quot;:&quot;1716800943&quot;,&quot;copyright&quot;:&quot;&quot;,&quot;focal_length&quot;:&quot;5.59&quot;,&quot;iso&quot;:&quot;532&quot;,&quot;shutter_speed&quot;:&quot;0.009949&quot;,&quot;title&quot;:&quot;&quot;,&quot;orientation&quot;:&quot;1&quot;}\" data-image-title=\"IMG_20240527_090903\" data-image-description=\"\" data-image-caption=\"\" data-large-file=\"https:\/\/www.cisa-arica.cl\/wp1\/wp-content\/uploads\/2024\/07\/IMG_20240527_090903-600x450.jpg\" role=\"button\" tabindex=\"0\" aria-label=\"Abrir la imagen 6 de 28 en pantalla completa\"srcset=\"https:\/\/i1.wp.com\/www.cisa-arica.cl\/wp1\/wp-content\/uploads\/2024\/07\/IMG_20240527_090903-600x450.jpg?strip=info&#038;w=600&#038;ssl=1 600w,https:\/\/i1.wp.com\/www.cisa-arica.cl\/wp1\/wp-content\/uploads\/2024\/07\/IMG_20240527_090903-600x450.jpg?strip=info&#038;w=900&#038;ssl=1 900w,https:\/\/i1.wp.com\/www.cisa-arica.cl\/wp1\/wp-content\/uploads\/2024\/07\/IMG_20240527_090903-600x450.jpg?strip=info&#038;w=1200&#038;ssl=1 1200w,https:\/\/i1.wp.com\/www.cisa-arica.cl\/wp1\/wp-content\/uploads\/2024\/07\/IMG_20240527_090903-600x450.jpg?strip=info&#038;w=1500&#038;ssl=1 1500w,https:\/\/i1.wp.com\/www.cisa-arica.cl\/wp1\/wp-content\/uploads\/2024\/07\/IMG_20240527_090903-600x450.jpg?strip=info&#038;w=1800&#038;ssl=1 1800w,https:\/\/i1.wp.com\/www.cisa-arica.cl\/wp1\/wp-content\/uploads\/2024\/07\/IMG_20240527_090903-600x450.jpg?strip=info&#038;w=2000&#038;ssl=1 2000w\" alt=\"\" data-height=\"1920\" data-id=\"26128\" data-link=\"https:\/\/www.cisa-arica.cl\/wp1\/?attachment_id=26128\" data-url=\"https:\/\/www.cisa-arica.cl\/wp1\/wp-content\/uploads\/2024\/07\/IMG_20240527_090903-600x450.jpg\" data-width=\"2560\" src=\"https:\/\/i1.wp.com\/www.cisa-arica.cl\/wp1\/wp-content\/uploads\/2024\/07\/IMG_20240527_090903-600x450.jpg?ssl=1\" data-amp-layout=\"responsive\"\/><\/figure><\/div><\/div><div class=\"tiled-gallery__row\"><div class=\"tiled-gallery__col\" style=\"flex-basis:33.25453%\"><figure class=\"tiled-gallery__item\"><img decoding=\"async\" data-attachment-id=\"26129\" data-permalink=\"https:\/\/www.cisa-arica.cl\/wp1\/2024\/05\/27\/3o-medio-a-visita-al-jardin-infantil-granitos-de-arena\/img_20240527_091023\/\" data-orig-file=\"https:\/\/www.cisa-arica.cl\/wp1\/wp-content\/uploads\/2024\/07\/IMG_20240527_091023-scaled.jpg\" data-orig-size=\"2560,1920\" data-comments-opened=\"0\" data-image-meta=\"{&quot;aperture&quot;:&quot;1.88&quot;,&quot;credit&quot;:&quot;&quot;,&quot;camera&quot;:&quot;22101316G&quot;,&quot;caption&quot;:&quot;&quot;,&quot;created_timestamp&quot;:&quot;1716801023&quot;,&quot;copyright&quot;:&quot;&quot;,&quot;focal_length&quot;:&quot;5.59&quot;,&quot;iso&quot;:&quot;318&quot;,&quot;shutter_speed&quot;:&quot;0.009949&quot;,&quot;title&quot;:&quot;&quot;,&quot;orientation&quot;:&quot;1&quot;}\" data-image-title=\"IMG_20240527_091023\" data-image-description=\"\" data-image-caption=\"\" data-large-file=\"https:\/\/www.cisa-arica.cl\/wp1\/wp-content\/uploads\/2024\/07\/IMG_20240527_091023-600x450.jpg\" data-attachment-id=\"26129\" data-permalink=\"https:\/\/www.cisa-arica.cl\/wp1\/2024\/05\/27\/3o-medio-a-visita-al-jardin-infantil-granitos-de-arena\/img_20240527_091023\/\" data-orig-file=\"https:\/\/www.cisa-arica.cl\/wp1\/wp-content\/uploads\/2024\/07\/IMG_20240527_091023-scaled.jpg\" data-orig-size=\"2560,1920\" data-comments-opened=\"0\" data-image-meta=\"{&quot;aperture&quot;:&quot;1.88&quot;,&quot;credit&quot;:&quot;&quot;,&quot;camera&quot;:&quot;22101316G&quot;,&quot;caption&quot;:&quot;&quot;,&quot;created_timestamp&quot;:&quot;1716801023&quot;,&quot;copyright&quot;:&quot;&quot;,&quot;focal_length&quot;:&quot;5.59&quot;,&quot;iso&quot;:&quot;318&quot;,&quot;shutter_speed&quot;:&quot;0.009949&quot;,&quot;title&quot;:&quot;&quot;,&quot;orientation&quot;:&quot;1&quot;}\" data-image-title=\"IMG_20240527_091023\" data-image-description=\"\" data-image-caption=\"\" data-large-file=\"https:\/\/www.cisa-arica.cl\/wp1\/wp-content\/uploads\/2024\/07\/IMG_20240527_091023-600x450.jpg\" role=\"button\" tabindex=\"0\" aria-label=\"Abrir la imagen 7 de 28 en pantalla completa\"srcset=\"https:\/\/i2.wp.com\/www.cisa-arica.cl\/wp1\/wp-content\/uploads\/2024\/07\/IMG_20240527_091023-600x450.jpg?strip=info&#038;w=600&#038;ssl=1 600w,https:\/\/i2.wp.com\/www.cisa-arica.cl\/wp1\/wp-content\/uploads\/2024\/07\/IMG_20240527_091023-600x450.jpg?strip=info&#038;w=900&#038;ssl=1 900w,https:\/\/i2.wp.com\/www.cisa-arica.cl\/wp1\/wp-content\/uploads\/2024\/07\/IMG_20240527_091023-600x450.jpg?strip=info&#038;w=1200&#038;ssl=1 1200w,https:\/\/i2.wp.com\/www.cisa-arica.cl\/wp1\/wp-content\/uploads\/2024\/07\/IMG_20240527_091023-600x450.jpg?strip=info&#038;w=1500&#038;ssl=1 1500w,https:\/\/i2.wp.com\/www.cisa-arica.cl\/wp1\/wp-content\/uploads\/2024\/07\/IMG_20240527_091023-600x450.jpg?strip=info&#038;w=1800&#038;ssl=1 1800w,https:\/\/i2.wp.com\/www.cisa-arica.cl\/wp1\/wp-content\/uploads\/2024\/07\/IMG_20240527_091023-600x450.jpg?strip=info&#038;w=2000&#038;ssl=1 2000w\" alt=\"\" data-height=\"1920\" data-id=\"26129\" data-link=\"https:\/\/www.cisa-arica.cl\/wp1\/?attachment_id=26129\" data-url=\"https:\/\/www.cisa-arica.cl\/wp1\/wp-content\/uploads\/2024\/07\/IMG_20240527_091023-600x450.jpg\" data-width=\"2560\" src=\"https:\/\/i2.wp.com\/www.cisa-arica.cl\/wp1\/wp-content\/uploads\/2024\/07\/IMG_20240527_091023-600x450.jpg?ssl=1\" data-amp-layout=\"responsive\"\/><\/figure><figure class=\"tiled-gallery__item\"><img decoding=\"async\" data-attachment-id=\"26130\" data-permalink=\"https:\/\/www.cisa-arica.cl\/wp1\/2024\/05\/27\/3o-medio-a-visita-al-jardin-infantil-granitos-de-arena\/img_20240527_091757\/\" data-orig-file=\"https:\/\/www.cisa-arica.cl\/wp1\/wp-content\/uploads\/2024\/07\/IMG_20240527_091757-scaled.jpg\" data-orig-size=\"2560,1920\" data-comments-opened=\"0\" data-image-meta=\"{&quot;aperture&quot;:&quot;1.88&quot;,&quot;credit&quot;:&quot;&quot;,&quot;camera&quot;:&quot;22101316G&quot;,&quot;caption&quot;:&quot;&quot;,&quot;created_timestamp&quot;:&quot;1716801477&quot;,&quot;copyright&quot;:&quot;&quot;,&quot;focal_length&quot;:&quot;5.59&quot;,&quot;iso&quot;:&quot;469&quot;,&quot;shutter_speed&quot;:&quot;0.009949&quot;,&quot;title&quot;:&quot;&quot;,&quot;orientation&quot;:&quot;1&quot;}\" data-image-title=\"IMG_20240527_091757\" data-image-description=\"\" data-image-caption=\"\" data-large-file=\"https:\/\/www.cisa-arica.cl\/wp1\/wp-content\/uploads\/2024\/07\/IMG_20240527_091757-600x450.jpg\" data-attachment-id=\"26130\" data-permalink=\"https:\/\/www.cisa-arica.cl\/wp1\/2024\/05\/27\/3o-medio-a-visita-al-jardin-infantil-granitos-de-arena\/img_20240527_091757\/\" data-orig-file=\"https:\/\/www.cisa-arica.cl\/wp1\/wp-content\/uploads\/2024\/07\/IMG_20240527_091757-scaled.jpg\" data-orig-size=\"2560,1920\" data-comments-opened=\"0\" data-image-meta=\"{&quot;aperture&quot;:&quot;1.88&quot;,&quot;credit&quot;:&quot;&quot;,&quot;camera&quot;:&quot;22101316G&quot;,&quot;caption&quot;:&quot;&quot;,&quot;created_timestamp&quot;:&quot;1716801477&quot;,&quot;copyright&quot;:&quot;&quot;,&quot;focal_length&quot;:&quot;5.59&quot;,&quot;iso&quot;:&quot;469&quot;,&quot;shutter_speed&quot;:&quot;0.009949&quot;,&quot;title&quot;:&quot;&quot;,&quot;orientation&quot;:&quot;1&quot;}\" data-image-title=\"IMG_20240527_091757\" data-image-description=\"\" data-image-caption=\"\" data-large-file=\"https:\/\/www.cisa-arica.cl\/wp1\/wp-content\/uploads\/2024\/07\/IMG_20240527_091757-600x450.jpg\" role=\"button\" tabindex=\"0\" aria-label=\"Abrir la imagen 8 de 28 en pantalla completa\"srcset=\"https:\/\/i2.wp.com\/www.cisa-arica.cl\/wp1\/wp-content\/uploads\/2024\/07\/IMG_20240527_091757-600x450.jpg?strip=info&#038;w=600&#038;ssl=1 600w,https:\/\/i2.wp.com\/www.cisa-arica.cl\/wp1\/wp-content\/uploads\/2024\/07\/IMG_20240527_091757-600x450.jpg?strip=info&#038;w=900&#038;ssl=1 900w,https:\/\/i2.wp.com\/www.cisa-arica.cl\/wp1\/wp-content\/uploads\/2024\/07\/IMG_20240527_091757-600x450.jpg?strip=info&#038;w=1200&#038;ssl=1 1200w,https:\/\/i2.wp.com\/www.cisa-arica.cl\/wp1\/wp-content\/uploads\/2024\/07\/IMG_20240527_091757-600x450.jpg?strip=info&#038;w=1500&#038;ssl=1 1500w,https:\/\/i2.wp.com\/www.cisa-arica.cl\/wp1\/wp-content\/uploads\/2024\/07\/IMG_20240527_091757-600x450.jpg?strip=info&#038;w=1800&#038;ssl=1 1800w,https:\/\/i2.wp.com\/www.cisa-arica.cl\/wp1\/wp-content\/uploads\/2024\/07\/IMG_20240527_091757-600x450.jpg?strip=info&#038;w=2000&#038;ssl=1 2000w\" alt=\"\" data-height=\"1920\" data-id=\"26130\" data-link=\"https:\/\/www.cisa-arica.cl\/wp1\/?attachment_id=26130\" data-url=\"https:\/\/www.cisa-arica.cl\/wp1\/wp-content\/uploads\/2024\/07\/IMG_20240527_091757-600x450.jpg\" data-width=\"2560\" src=\"https:\/\/i2.wp.com\/www.cisa-arica.cl\/wp1\/wp-content\/uploads\/2024\/07\/IMG_20240527_091757-600x450.jpg?ssl=1\" data-amp-layout=\"responsive\"\/><\/figure><\/div><div class=\"tiled-gallery__col\" style=\"flex-basis:66.74547%\"><figure class=\"tiled-gallery__item\"><img decoding=\"async\" data-attachment-id=\"26131\" data-permalink=\"https:\/\/www.cisa-arica.cl\/wp1\/2024\/05\/27\/3o-medio-a-visita-al-jardin-infantil-granitos-de-arena\/img_20240527_100200\/\" data-orig-file=\"https:\/\/www.cisa-arica.cl\/wp1\/wp-content\/uploads\/2024\/07\/IMG_20240527_100200-scaled.jpg\" data-orig-size=\"2560,1920\" data-comments-opened=\"0\" data-image-meta=\"{&quot;aperture&quot;:&quot;1.88&quot;,&quot;credit&quot;:&quot;&quot;,&quot;camera&quot;:&quot;22101316G&quot;,&quot;caption&quot;:&quot;&quot;,&quot;created_timestamp&quot;:&quot;1716804120&quot;,&quot;copyright&quot;:&quot;&quot;,&quot;focal_length&quot;:&quot;5.59&quot;,&quot;iso&quot;:&quot;474&quot;,&quot;shutter_speed&quot;:&quot;0.019977&quot;,&quot;title&quot;:&quot;&quot;,&quot;orientation&quot;:&quot;1&quot;}\" data-image-title=\"IMG_20240527_100200\" data-image-description=\"\" data-image-caption=\"\" data-large-file=\"https:\/\/www.cisa-arica.cl\/wp1\/wp-content\/uploads\/2024\/07\/IMG_20240527_100200-600x450.jpg\" data-attachment-id=\"26131\" data-permalink=\"https:\/\/www.cisa-arica.cl\/wp1\/2024\/05\/27\/3o-medio-a-visita-al-jardin-infantil-granitos-de-arena\/img_20240527_100200\/\" data-orig-file=\"https:\/\/www.cisa-arica.cl\/wp1\/wp-content\/uploads\/2024\/07\/IMG_20240527_100200-scaled.jpg\" data-orig-size=\"2560,1920\" data-comments-opened=\"0\" data-image-meta=\"{&quot;aperture&quot;:&quot;1.88&quot;,&quot;credit&quot;:&quot;&quot;,&quot;camera&quot;:&quot;22101316G&quot;,&quot;caption&quot;:&quot;&quot;,&quot;created_timestamp&quot;:&quot;1716804120&quot;,&quot;copyright&quot;:&quot;&quot;,&quot;focal_length&quot;:&quot;5.59&quot;,&quot;iso&quot;:&quot;474&quot;,&quot;shutter_speed&quot;:&quot;0.019977&quot;,&quot;title&quot;:&quot;&quot;,&quot;orientation&quot;:&quot;1&quot;}\" data-image-title=\"IMG_20240527_100200\" data-image-description=\"\" data-image-caption=\"\" data-large-file=\"https:\/\/www.cisa-arica.cl\/wp1\/wp-content\/uploads\/2024\/07\/IMG_20240527_100200-600x450.jpg\" role=\"button\" tabindex=\"0\" aria-label=\"Abrir la imagen 9 de 28 en pantalla completa\"srcset=\"https:\/\/i2.wp.com\/www.cisa-arica.cl\/wp1\/wp-content\/uploads\/2024\/07\/IMG_20240527_100200-600x450.jpg?strip=info&#038;w=600&#038;ssl=1 600w,https:\/\/i2.wp.com\/www.cisa-arica.cl\/wp1\/wp-content\/uploads\/2024\/07\/IMG_20240527_100200-600x450.jpg?strip=info&#038;w=900&#038;ssl=1 900w,https:\/\/i2.wp.com\/www.cisa-arica.cl\/wp1\/wp-content\/uploads\/2024\/07\/IMG_20240527_100200-600x450.jpg?strip=info&#038;w=1200&#038;ssl=1 1200w,https:\/\/i2.wp.com\/www.cisa-arica.cl\/wp1\/wp-content\/uploads\/2024\/07\/IMG_20240527_100200-600x450.jpg?strip=info&#038;w=1500&#038;ssl=1 1500w,https:\/\/i2.wp.com\/www.cisa-arica.cl\/wp1\/wp-content\/uploads\/2024\/07\/IMG_20240527_100200-600x450.jpg?strip=info&#038;w=1800&#038;ssl=1 1800w,https:\/\/i2.wp.com\/www.cisa-arica.cl\/wp1\/wp-content\/uploads\/2024\/07\/IMG_20240527_100200-600x450.jpg?strip=info&#038;w=2000&#038;ssl=1 2000w\" alt=\"\" data-height=\"1920\" data-id=\"26131\" data-link=\"https:\/\/www.cisa-arica.cl\/wp1\/?attachment_id=26131\" data-url=\"https:\/\/www.cisa-arica.cl\/wp1\/wp-content\/uploads\/2024\/07\/IMG_20240527_100200-600x450.jpg\" data-width=\"2560\" src=\"https:\/\/i2.wp.com\/www.cisa-arica.cl\/wp1\/wp-content\/uploads\/2024\/07\/IMG_20240527_100200-600x450.jpg?ssl=1\" data-amp-layout=\"responsive\"\/><\/figure><\/div><\/div><div class=\"tiled-gallery__row\"><div class=\"tiled-gallery__col\" style=\"flex-basis:50.00000%\"><figure class=\"tiled-gallery__item\"><img decoding=\"async\" data-attachment-id=\"26132\" data-permalink=\"https:\/\/www.cisa-arica.cl\/wp1\/2024\/05\/27\/3o-medio-a-visita-al-jardin-infantil-granitos-de-arena\/img_20240527_100206\/\" data-orig-file=\"https:\/\/www.cisa-arica.cl\/wp1\/wp-content\/uploads\/2024\/07\/IMG_20240527_100206-scaled.jpg\" data-orig-size=\"2560,1920\" data-comments-opened=\"0\" data-image-meta=\"{&quot;aperture&quot;:&quot;1.88&quot;,&quot;credit&quot;:&quot;&quot;,&quot;camera&quot;:&quot;22101316G&quot;,&quot;caption&quot;:&quot;&quot;,&quot;created_timestamp&quot;:&quot;1716804126&quot;,&quot;copyright&quot;:&quot;&quot;,&quot;focal_length&quot;:&quot;5.59&quot;,&quot;iso&quot;:&quot;440&quot;,&quot;shutter_speed&quot;:&quot;0.019977&quot;,&quot;title&quot;:&quot;&quot;,&quot;orientation&quot;:&quot;1&quot;}\" data-image-title=\"IMG_20240527_100206\" data-image-description=\"\" data-image-caption=\"\" data-large-file=\"https:\/\/www.cisa-arica.cl\/wp1\/wp-content\/uploads\/2024\/07\/IMG_20240527_100206-600x450.jpg\" data-attachment-id=\"26132\" data-permalink=\"https:\/\/www.cisa-arica.cl\/wp1\/2024\/05\/27\/3o-medio-a-visita-al-jardin-infantil-granitos-de-arena\/img_20240527_100206\/\" data-orig-file=\"https:\/\/www.cisa-arica.cl\/wp1\/wp-content\/uploads\/2024\/07\/IMG_20240527_100206-scaled.jpg\" data-orig-size=\"2560,1920\" data-comments-opened=\"0\" data-image-meta=\"{&quot;aperture&quot;:&quot;1.88&quot;,&quot;credit&quot;:&quot;&quot;,&quot;camera&quot;:&quot;22101316G&quot;,&quot;caption&quot;:&quot;&quot;,&quot;created_timestamp&quot;:&quot;1716804126&quot;,&quot;copyright&quot;:&quot;&quot;,&quot;focal_length&quot;:&quot;5.59&quot;,&quot;iso&quot;:&quot;440&quot;,&quot;shutter_speed&quot;:&quot;0.019977&quot;,&quot;title&quot;:&quot;&quot;,&quot;orientation&quot;:&quot;1&quot;}\" data-image-title=\"IMG_20240527_100206\" data-image-description=\"\" data-image-caption=\"\" data-large-file=\"https:\/\/www.cisa-arica.cl\/wp1\/wp-content\/uploads\/2024\/07\/IMG_20240527_100206-600x450.jpg\" role=\"button\" tabindex=\"0\" aria-label=\"Abrir la imagen 10 de 28 en pantalla completa\"srcset=\"https:\/\/i1.wp.com\/www.cisa-arica.cl\/wp1\/wp-content\/uploads\/2024\/07\/IMG_20240527_100206-600x450.jpg?strip=info&#038;w=600&#038;ssl=1 600w,https:\/\/i1.wp.com\/www.cisa-arica.cl\/wp1\/wp-content\/uploads\/2024\/07\/IMG_20240527_100206-600x450.jpg?strip=info&#038;w=900&#038;ssl=1 900w,https:\/\/i1.wp.com\/www.cisa-arica.cl\/wp1\/wp-content\/uploads\/2024\/07\/IMG_20240527_100206-600x450.jpg?strip=info&#038;w=1200&#038;ssl=1 1200w,https:\/\/i1.wp.com\/www.cisa-arica.cl\/wp1\/wp-content\/uploads\/2024\/07\/IMG_20240527_100206-600x450.jpg?strip=info&#038;w=1500&#038;ssl=1 1500w,https:\/\/i1.wp.com\/www.cisa-arica.cl\/wp1\/wp-content\/uploads\/2024\/07\/IMG_20240527_100206-600x450.jpg?strip=info&#038;w=1800&#038;ssl=1 1800w,https:\/\/i1.wp.com\/www.cisa-arica.cl\/wp1\/wp-content\/uploads\/2024\/07\/IMG_20240527_100206-600x450.jpg?strip=info&#038;w=2000&#038;ssl=1 2000w\" alt=\"\" data-height=\"1920\" data-id=\"26132\" data-link=\"https:\/\/www.cisa-arica.cl\/wp1\/?attachment_id=26132\" data-url=\"https:\/\/www.cisa-arica.cl\/wp1\/wp-content\/uploads\/2024\/07\/IMG_20240527_100206-600x450.jpg\" data-width=\"2560\" src=\"https:\/\/i1.wp.com\/www.cisa-arica.cl\/wp1\/wp-content\/uploads\/2024\/07\/IMG_20240527_100206-600x450.jpg?ssl=1\" data-amp-layout=\"responsive\"\/><\/figure><\/div><div class=\"tiled-gallery__col\" style=\"flex-basis:50.00000%\"><figure class=\"tiled-gallery__item\"><img decoding=\"async\" data-attachment-id=\"26133\" data-permalink=\"https:\/\/www.cisa-arica.cl\/wp1\/2024\/05\/27\/3o-medio-a-visita-al-jardin-infantil-granitos-de-arena\/img_20240527_100227\/\" data-orig-file=\"https:\/\/www.cisa-arica.cl\/wp1\/wp-content\/uploads\/2024\/07\/IMG_20240527_100227-scaled.jpg\" data-orig-size=\"2560,1920\" data-comments-opened=\"0\" data-image-meta=\"{&quot;aperture&quot;:&quot;1.88&quot;,&quot;credit&quot;:&quot;&quot;,&quot;camera&quot;:&quot;22101316G&quot;,&quot;caption&quot;:&quot;&quot;,&quot;created_timestamp&quot;:&quot;1716804148&quot;,&quot;copyright&quot;:&quot;&quot;,&quot;focal_length&quot;:&quot;5.59&quot;,&quot;iso&quot;:&quot;507&quot;,&quot;shutter_speed&quot;:&quot;0.009949&quot;,&quot;title&quot;:&quot;&quot;,&quot;orientation&quot;:&quot;1&quot;}\" data-image-title=\"IMG_20240527_100227\" data-image-description=\"\" data-image-caption=\"\" data-large-file=\"https:\/\/www.cisa-arica.cl\/wp1\/wp-content\/uploads\/2024\/07\/IMG_20240527_100227-600x450.jpg\" data-attachment-id=\"26133\" data-permalink=\"https:\/\/www.cisa-arica.cl\/wp1\/2024\/05\/27\/3o-medio-a-visita-al-jardin-infantil-granitos-de-arena\/img_20240527_100227\/\" data-orig-file=\"https:\/\/www.cisa-arica.cl\/wp1\/wp-content\/uploads\/2024\/07\/IMG_20240527_100227-scaled.jpg\" data-orig-size=\"2560,1920\" data-comments-opened=\"0\" data-image-meta=\"{&quot;aperture&quot;:&quot;1.88&quot;,&quot;credit&quot;:&quot;&quot;,&quot;camera&quot;:&quot;22101316G&quot;,&quot;caption&quot;:&quot;&quot;,&quot;created_timestamp&quot;:&quot;1716804148&quot;,&quot;copyright&quot;:&quot;&quot;,&quot;focal_length&quot;:&quot;5.59&quot;,&quot;iso&quot;:&quot;507&quot;,&quot;shutter_speed&quot;:&quot;0.009949&quot;,&quot;title&quot;:&quot;&quot;,&quot;orientation&quot;:&quot;1&quot;}\" data-image-title=\"IMG_20240527_100227\" data-image-description=\"\" data-image-caption=\"\" data-large-file=\"https:\/\/www.cisa-arica.cl\/wp1\/wp-content\/uploads\/2024\/07\/IMG_20240527_100227-600x450.jpg\" role=\"button\" tabindex=\"0\" aria-label=\"Abrir la imagen 11 de 28 en pantalla completa\"srcset=\"https:\/\/i0.wp.com\/www.cisa-arica.cl\/wp1\/wp-content\/uploads\/2024\/07\/IMG_20240527_100227-600x450.jpg?strip=info&#038;w=600&#038;ssl=1 600w,https:\/\/i0.wp.com\/www.cisa-arica.cl\/wp1\/wp-content\/uploads\/2024\/07\/IMG_20240527_100227-600x450.jpg?strip=info&#038;w=900&#038;ssl=1 900w,https:\/\/i0.wp.com\/www.cisa-arica.cl\/wp1\/wp-content\/uploads\/2024\/07\/IMG_20240527_100227-600x450.jpg?strip=info&#038;w=1200&#038;ssl=1 1200w,https:\/\/i0.wp.com\/www.cisa-arica.cl\/wp1\/wp-content\/uploads\/2024\/07\/IMG_20240527_100227-600x450.jpg?strip=info&#038;w=1500&#038;ssl=1 1500w,https:\/\/i0.wp.com\/www.cisa-arica.cl\/wp1\/wp-content\/uploads\/2024\/07\/IMG_20240527_100227-600x450.jpg?strip=info&#038;w=1800&#038;ssl=1 1800w,https:\/\/i0.wp.com\/www.cisa-arica.cl\/wp1\/wp-content\/uploads\/2024\/07\/IMG_20240527_100227-600x450.jpg?strip=info&#038;w=2000&#038;ssl=1 2000w\" alt=\"\" data-height=\"1920\" data-id=\"26133\" data-link=\"https:\/\/www.cisa-arica.cl\/wp1\/?attachment_id=26133\" data-url=\"https:\/\/www.cisa-arica.cl\/wp1\/wp-content\/uploads\/2024\/07\/IMG_20240527_100227-600x450.jpg\" data-width=\"2560\" src=\"https:\/\/i0.wp.com\/www.cisa-arica.cl\/wp1\/wp-content\/uploads\/2024\/07\/IMG_20240527_100227-600x450.jpg?ssl=1\" data-amp-layout=\"responsive\"\/><\/figure><\/div><\/div><div class=\"tiled-gallery__row\"><div class=\"tiled-gallery__col\" style=\"flex-basis:66.74547%\"><figure class=\"tiled-gallery__item\"><img decoding=\"async\" data-attachment-id=\"26134\" data-permalink=\"https:\/\/www.cisa-arica.cl\/wp1\/2024\/05\/27\/3o-medio-a-visita-al-jardin-infantil-granitos-de-arena\/img_20240527_100252\/\" data-orig-file=\"https:\/\/www.cisa-arica.cl\/wp1\/wp-content\/uploads\/2024\/07\/IMG_20240527_100252-scaled.jpg\" data-orig-size=\"2560,1920\" data-comments-opened=\"0\" data-image-meta=\"{&quot;aperture&quot;:&quot;1.88&quot;,&quot;credit&quot;:&quot;&quot;,&quot;camera&quot;:&quot;22101316G&quot;,&quot;caption&quot;:&quot;&quot;,&quot;created_timestamp&quot;:&quot;1716804173&quot;,&quot;copyright&quot;:&quot;&quot;,&quot;focal_length&quot;:&quot;5.59&quot;,&quot;iso&quot;:&quot;203&quot;,&quot;shutter_speed&quot;:&quot;0.009949&quot;,&quot;title&quot;:&quot;&quot;,&quot;orientation&quot;:&quot;1&quot;}\" data-image-title=\"IMG_20240527_100252\" data-image-description=\"\" data-image-caption=\"\" data-large-file=\"https:\/\/www.cisa-arica.cl\/wp1\/wp-content\/uploads\/2024\/07\/IMG_20240527_100252-600x450.jpg\" data-attachment-id=\"26134\" data-permalink=\"https:\/\/www.cisa-arica.cl\/wp1\/2024\/05\/27\/3o-medio-a-visita-al-jardin-infantil-granitos-de-arena\/img_20240527_100252\/\" data-orig-file=\"https:\/\/www.cisa-arica.cl\/wp1\/wp-content\/uploads\/2024\/07\/IMG_20240527_100252-scaled.jpg\" data-orig-size=\"2560,1920\" data-comments-opened=\"0\" data-image-meta=\"{&quot;aperture&quot;:&quot;1.88&quot;,&quot;credit&quot;:&quot;&quot;,&quot;camera&quot;:&quot;22101316G&quot;,&quot;caption&quot;:&quot;&quot;,&quot;created_timestamp&quot;:&quot;1716804173&quot;,&quot;copyright&quot;:&quot;&quot;,&quot;focal_length&quot;:&quot;5.59&quot;,&quot;iso&quot;:&quot;203&quot;,&quot;shutter_speed&quot;:&quot;0.009949&quot;,&quot;title&quot;:&quot;&quot;,&quot;orientation&quot;:&quot;1&quot;}\" data-image-title=\"IMG_20240527_100252\" data-image-description=\"\" data-image-caption=\"\" data-large-file=\"https:\/\/www.cisa-arica.cl\/wp1\/wp-content\/uploads\/2024\/07\/IMG_20240527_100252-600x450.jpg\" role=\"button\" tabindex=\"0\" aria-label=\"Abrir la imagen 12 de 28 en pantalla completa\"srcset=\"https:\/\/i1.wp.com\/www.cisa-arica.cl\/wp1\/wp-content\/uploads\/2024\/07\/IMG_20240527_100252-600x450.jpg?strip=info&#038;w=600&#038;ssl=1 600w,https:\/\/i1.wp.com\/www.cisa-arica.cl\/wp1\/wp-content\/uploads\/2024\/07\/IMG_20240527_100252-600x450.jpg?strip=info&#038;w=900&#038;ssl=1 900w,https:\/\/i1.wp.com\/www.cisa-arica.cl\/wp1\/wp-content\/uploads\/2024\/07\/IMG_20240527_100252-600x450.jpg?strip=info&#038;w=1200&#038;ssl=1 1200w,https:\/\/i1.wp.com\/www.cisa-arica.cl\/wp1\/wp-content\/uploads\/2024\/07\/IMG_20240527_100252-600x450.jpg?strip=info&#038;w=1500&#038;ssl=1 1500w,https:\/\/i1.wp.com\/www.cisa-arica.cl\/wp1\/wp-content\/uploads\/2024\/07\/IMG_20240527_100252-600x450.jpg?strip=info&#038;w=1800&#038;ssl=1 1800w,https:\/\/i1.wp.com\/www.cisa-arica.cl\/wp1\/wp-content\/uploads\/2024\/07\/IMG_20240527_100252-600x450.jpg?strip=info&#038;w=2000&#038;ssl=1 2000w\" alt=\"\" data-height=\"1920\" data-id=\"26134\" data-link=\"https:\/\/www.cisa-arica.cl\/wp1\/?attachment_id=26134\" data-url=\"https:\/\/www.cisa-arica.cl\/wp1\/wp-content\/uploads\/2024\/07\/IMG_20240527_100252-600x450.jpg\" data-width=\"2560\" src=\"https:\/\/i1.wp.com\/www.cisa-arica.cl\/wp1\/wp-content\/uploads\/2024\/07\/IMG_20240527_100252-600x450.jpg?ssl=1\" data-amp-layout=\"responsive\"\/><\/figure><\/div><div class=\"tiled-gallery__col\" style=\"flex-basis:33.25453%\"><figure class=\"tiled-gallery__item\"><img decoding=\"async\" data-attachment-id=\"26135\" data-permalink=\"https:\/\/www.cisa-arica.cl\/wp1\/2024\/05\/27\/3o-medio-a-visita-al-jardin-infantil-granitos-de-arena\/img_20240527_100331\/\" data-orig-file=\"https:\/\/www.cisa-arica.cl\/wp1\/wp-content\/uploads\/2024\/07\/IMG_20240527_100331-scaled.jpg\" data-orig-size=\"2560,1920\" data-comments-opened=\"0\" data-image-meta=\"{&quot;aperture&quot;:&quot;1.88&quot;,&quot;credit&quot;:&quot;&quot;,&quot;camera&quot;:&quot;22101316G&quot;,&quot;caption&quot;:&quot;&quot;,&quot;created_timestamp&quot;:&quot;1716804211&quot;,&quot;copyright&quot;:&quot;&quot;,&quot;focal_length&quot;:&quot;5.59&quot;,&quot;iso&quot;:&quot;172&quot;,&quot;shutter_speed&quot;:&quot;0.009949&quot;,&quot;title&quot;:&quot;&quot;,&quot;orientation&quot;:&quot;1&quot;}\" data-image-title=\"IMG_20240527_100331\" data-image-description=\"\" data-image-caption=\"\" data-large-file=\"https:\/\/www.cisa-arica.cl\/wp1\/wp-content\/uploads\/2024\/07\/IMG_20240527_100331-600x450.jpg\" data-attachment-id=\"26135\" data-permalink=\"https:\/\/www.cisa-arica.cl\/wp1\/2024\/05\/27\/3o-medio-a-visita-al-jardin-infantil-granitos-de-arena\/img_20240527_100331\/\" data-orig-file=\"https:\/\/www.cisa-arica.cl\/wp1\/wp-content\/uploads\/2024\/07\/IMG_20240527_100331-scaled.jpg\" data-orig-size=\"2560,1920\" data-comments-opened=\"0\" data-image-meta=\"{&quot;aperture&quot;:&quot;1.88&quot;,&quot;credit&quot;:&quot;&quot;,&quot;camera&quot;:&quot;22101316G&quot;,&quot;caption&quot;:&quot;&quot;,&quot;created_timestamp&quot;:&quot;1716804211&quot;,&quot;copyright&quot;:&quot;&quot;,&quot;focal_length&quot;:&quot;5.59&quot;,&quot;iso&quot;:&quot;172&quot;,&quot;shutter_speed&quot;:&quot;0.009949&quot;,&quot;title&quot;:&quot;&quot;,&quot;orientation&quot;:&quot;1&quot;}\" data-image-title=\"IMG_20240527_100331\" data-image-description=\"\" data-image-caption=\"\" data-large-file=\"https:\/\/www.cisa-arica.cl\/wp1\/wp-content\/uploads\/2024\/07\/IMG_20240527_100331-600x450.jpg\" role=\"button\" tabindex=\"0\" aria-label=\"Abrir la imagen 13 de 28 en pantalla completa\"srcset=\"https:\/\/i0.wp.com\/www.cisa-arica.cl\/wp1\/wp-content\/uploads\/2024\/07\/IMG_20240527_100331-600x450.jpg?strip=info&#038;w=600&#038;ssl=1 600w,https:\/\/i0.wp.com\/www.cisa-arica.cl\/wp1\/wp-content\/uploads\/2024\/07\/IMG_20240527_100331-600x450.jpg?strip=info&#038;w=900&#038;ssl=1 900w,https:\/\/i0.wp.com\/www.cisa-arica.cl\/wp1\/wp-content\/uploads\/2024\/07\/IMG_20240527_100331-600x450.jpg?strip=info&#038;w=1200&#038;ssl=1 1200w,https:\/\/i0.wp.com\/www.cisa-arica.cl\/wp1\/wp-content\/uploads\/2024\/07\/IMG_20240527_100331-600x450.jpg?strip=info&#038;w=1500&#038;ssl=1 1500w,https:\/\/i0.wp.com\/www.cisa-arica.cl\/wp1\/wp-content\/uploads\/2024\/07\/IMG_20240527_100331-600x450.jpg?strip=info&#038;w=1800&#038;ssl=1 1800w,https:\/\/i0.wp.com\/www.cisa-arica.cl\/wp1\/wp-content\/uploads\/2024\/07\/IMG_20240527_100331-600x450.jpg?strip=info&#038;w=2000&#038;ssl=1 2000w\" alt=\"\" data-height=\"1920\" data-id=\"26135\" data-link=\"https:\/\/www.cisa-arica.cl\/wp1\/?attachment_id=26135\" data-url=\"https:\/\/www.cisa-arica.cl\/wp1\/wp-content\/uploads\/2024\/07\/IMG_20240527_100331-600x450.jpg\" data-width=\"2560\" src=\"https:\/\/i0.wp.com\/www.cisa-arica.cl\/wp1\/wp-content\/uploads\/2024\/07\/IMG_20240527_100331-600x450.jpg?ssl=1\" data-amp-layout=\"responsive\"\/><\/figure><figure class=\"tiled-gallery__item\"><img decoding=\"async\" data-attachment-id=\"26136\" data-permalink=\"https:\/\/www.cisa-arica.cl\/wp1\/2024\/05\/27\/3o-medio-a-visita-al-jardin-infantil-granitos-de-arena\/img_20240527_100342\/\" data-orig-file=\"https:\/\/www.cisa-arica.cl\/wp1\/wp-content\/uploads\/2024\/07\/IMG_20240527_100342-scaled.jpg\" data-orig-size=\"2560,1920\" data-comments-opened=\"0\" data-image-meta=\"{&quot;aperture&quot;:&quot;1.88&quot;,&quot;credit&quot;:&quot;&quot;,&quot;camera&quot;:&quot;22101316G&quot;,&quot;caption&quot;:&quot;&quot;,&quot;created_timestamp&quot;:&quot;1716804222&quot;,&quot;copyright&quot;:&quot;&quot;,&quot;focal_length&quot;:&quot;5.59&quot;,&quot;iso&quot;:&quot;313&quot;,&quot;shutter_speed&quot;:&quot;0.019977&quot;,&quot;title&quot;:&quot;&quot;,&quot;orientation&quot;:&quot;1&quot;}\" data-image-title=\"IMG_20240527_100342\" data-image-description=\"\" data-image-caption=\"\" data-large-file=\"https:\/\/www.cisa-arica.cl\/wp1\/wp-content\/uploads\/2024\/07\/IMG_20240527_100342-600x450.jpg\" data-attachment-id=\"26136\" data-permalink=\"https:\/\/www.cisa-arica.cl\/wp1\/2024\/05\/27\/3o-medio-a-visita-al-jardin-infantil-granitos-de-arena\/img_20240527_100342\/\" data-orig-file=\"https:\/\/www.cisa-arica.cl\/wp1\/wp-content\/uploads\/2024\/07\/IMG_20240527_100342-scaled.jpg\" data-orig-size=\"2560,1920\" data-comments-opened=\"0\" data-image-meta=\"{&quot;aperture&quot;:&quot;1.88&quot;,&quot;credit&quot;:&quot;&quot;,&quot;camera&quot;:&quot;22101316G&quot;,&quot;caption&quot;:&quot;&quot;,&quot;created_timestamp&quot;:&quot;1716804222&quot;,&quot;copyright&quot;:&quot;&quot;,&quot;focal_length&quot;:&quot;5.59&quot;,&quot;iso&quot;:&quot;313&quot;,&quot;shutter_speed&quot;:&quot;0.019977&quot;,&quot;title&quot;:&quot;&quot;,&quot;orientation&quot;:&quot;1&quot;}\" data-image-title=\"IMG_20240527_100342\" data-image-description=\"\" data-image-caption=\"\" data-large-file=\"https:\/\/www.cisa-arica.cl\/wp1\/wp-content\/uploads\/2024\/07\/IMG_20240527_100342-600x450.jpg\" role=\"button\" tabindex=\"0\" aria-label=\"Abrir la imagen 14 de 28 en pantalla completa\"srcset=\"https:\/\/i0.wp.com\/www.cisa-arica.cl\/wp1\/wp-content\/uploads\/2024\/07\/IMG_20240527_100342-600x450.jpg?strip=info&#038;w=600&#038;ssl=1 600w,https:\/\/i0.wp.com\/www.cisa-arica.cl\/wp1\/wp-content\/uploads\/2024\/07\/IMG_20240527_100342-600x450.jpg?strip=info&#038;w=900&#038;ssl=1 900w,https:\/\/i0.wp.com\/www.cisa-arica.cl\/wp1\/wp-content\/uploads\/2024\/07\/IMG_20240527_100342-600x450.jpg?strip=info&#038;w=1200&#038;ssl=1 1200w,https:\/\/i0.wp.com\/www.cisa-arica.cl\/wp1\/wp-content\/uploads\/2024\/07\/IMG_20240527_100342-600x450.jpg?strip=info&#038;w=1500&#038;ssl=1 1500w,https:\/\/i0.wp.com\/www.cisa-arica.cl\/wp1\/wp-content\/uploads\/2024\/07\/IMG_20240527_100342-600x450.jpg?strip=info&#038;w=1800&#038;ssl=1 1800w,https:\/\/i0.wp.com\/www.cisa-arica.cl\/wp1\/wp-content\/uploads\/2024\/07\/IMG_20240527_100342-600x450.jpg?strip=info&#038;w=2000&#038;ssl=1 2000w\" alt=\"\" data-height=\"1920\" data-id=\"26136\" data-link=\"https:\/\/www.cisa-arica.cl\/wp1\/?attachment_id=26136\" data-url=\"https:\/\/www.cisa-arica.cl\/wp1\/wp-content\/uploads\/2024\/07\/IMG_20240527_100342-600x450.jpg\" data-width=\"2560\" src=\"https:\/\/i0.wp.com\/www.cisa-arica.cl\/wp1\/wp-content\/uploads\/2024\/07\/IMG_20240527_100342-600x450.jpg?ssl=1\" data-amp-layout=\"responsive\"\/><\/figure><\/div><\/div><div class=\"tiled-gallery__row\"><div class=\"tiled-gallery__col\" style=\"flex-basis:33.33333%\"><figure class=\"tiled-gallery__item\"><img decoding=\"async\" data-attachment-id=\"26137\" data-permalink=\"https:\/\/www.cisa-arica.cl\/wp1\/2024\/05\/27\/3o-medio-a-visita-al-jardin-infantil-granitos-de-arena\/img_20240527_100346\/\" data-orig-file=\"https:\/\/www.cisa-arica.cl\/wp1\/wp-content\/uploads\/2024\/07\/IMG_20240527_100346-scaled.jpg\" data-orig-size=\"2560,1920\" data-comments-opened=\"0\" data-image-meta=\"{&quot;aperture&quot;:&quot;1.88&quot;,&quot;credit&quot;:&quot;&quot;,&quot;camera&quot;:&quot;22101316G&quot;,&quot;caption&quot;:&quot;&quot;,&quot;created_timestamp&quot;:&quot;1716804226&quot;,&quot;copyright&quot;:&quot;&quot;,&quot;focal_length&quot;:&quot;5.59&quot;,&quot;iso&quot;:&quot;409&quot;,&quot;shutter_speed&quot;:&quot;0.009949&quot;,&quot;title&quot;:&quot;&quot;,&quot;orientation&quot;:&quot;1&quot;}\" data-image-title=\"IMG_20240527_100346\" data-image-description=\"\" data-image-caption=\"\" data-large-file=\"https:\/\/www.cisa-arica.cl\/wp1\/wp-content\/uploads\/2024\/07\/IMG_20240527_100346-600x450.jpg\" data-attachment-id=\"26137\" data-permalink=\"https:\/\/www.cisa-arica.cl\/wp1\/2024\/05\/27\/3o-medio-a-visita-al-jardin-infantil-granitos-de-arena\/img_20240527_100346\/\" data-orig-file=\"https:\/\/www.cisa-arica.cl\/wp1\/wp-content\/uploads\/2024\/07\/IMG_20240527_100346-scaled.jpg\" data-orig-size=\"2560,1920\" data-comments-opened=\"0\" data-image-meta=\"{&quot;aperture&quot;:&quot;1.88&quot;,&quot;credit&quot;:&quot;&quot;,&quot;camera&quot;:&quot;22101316G&quot;,&quot;caption&quot;:&quot;&quot;,&quot;created_timestamp&quot;:&quot;1716804226&quot;,&quot;copyright&quot;:&quot;&quot;,&quot;focal_length&quot;:&quot;5.59&quot;,&quot;iso&quot;:&quot;409&quot;,&quot;shutter_speed&quot;:&quot;0.009949&quot;,&quot;title&quot;:&quot;&quot;,&quot;orientation&quot;:&quot;1&quot;}\" data-image-title=\"IMG_20240527_100346\" data-image-description=\"\" data-image-caption=\"\" data-large-file=\"https:\/\/www.cisa-arica.cl\/wp1\/wp-content\/uploads\/2024\/07\/IMG_20240527_100346-600x450.jpg\" role=\"button\" tabindex=\"0\" aria-label=\"Abrir la imagen 15 de 28 en pantalla completa\"srcset=\"https:\/\/i2.wp.com\/www.cisa-arica.cl\/wp1\/wp-content\/uploads\/2024\/07\/IMG_20240527_100346-600x450.jpg?strip=info&#038;w=600&#038;ssl=1 600w,https:\/\/i2.wp.com\/www.cisa-arica.cl\/wp1\/wp-content\/uploads\/2024\/07\/IMG_20240527_100346-600x450.jpg?strip=info&#038;w=900&#038;ssl=1 900w,https:\/\/i2.wp.com\/www.cisa-arica.cl\/wp1\/wp-content\/uploads\/2024\/07\/IMG_20240527_100346-600x450.jpg?strip=info&#038;w=1200&#038;ssl=1 1200w,https:\/\/i2.wp.com\/www.cisa-arica.cl\/wp1\/wp-content\/uploads\/2024\/07\/IMG_20240527_100346-600x450.jpg?strip=info&#038;w=1500&#038;ssl=1 1500w,https:\/\/i2.wp.com\/www.cisa-arica.cl\/wp1\/wp-content\/uploads\/2024\/07\/IMG_20240527_100346-600x450.jpg?strip=info&#038;w=1800&#038;ssl=1 1800w,https:\/\/i2.wp.com\/www.cisa-arica.cl\/wp1\/wp-content\/uploads\/2024\/07\/IMG_20240527_100346-600x450.jpg?strip=info&#038;w=2000&#038;ssl=1 2000w\" alt=\"\" data-height=\"1920\" data-id=\"26137\" data-link=\"https:\/\/www.cisa-arica.cl\/wp1\/?attachment_id=26137\" data-url=\"https:\/\/www.cisa-arica.cl\/wp1\/wp-content\/uploads\/2024\/07\/IMG_20240527_100346-600x450.jpg\" data-width=\"2560\" src=\"https:\/\/i2.wp.com\/www.cisa-arica.cl\/wp1\/wp-content\/uploads\/2024\/07\/IMG_20240527_100346-600x450.jpg?ssl=1\" data-amp-layout=\"responsive\"\/><\/figure><\/div><div class=\"tiled-gallery__col\" style=\"flex-basis:33.33333%\"><figure class=\"tiled-gallery__item\"><img decoding=\"async\" data-attachment-id=\"26138\" data-permalink=\"https:\/\/www.cisa-arica.cl\/wp1\/2024\/05\/27\/3o-medio-a-visita-al-jardin-infantil-granitos-de-arena\/img_20240527_100403\/\" data-orig-file=\"https:\/\/www.cisa-arica.cl\/wp1\/wp-content\/uploads\/2024\/07\/IMG_20240527_100403-scaled.jpg\" data-orig-size=\"2560,1920\" data-comments-opened=\"0\" data-image-meta=\"{&quot;aperture&quot;:&quot;1.88&quot;,&quot;credit&quot;:&quot;&quot;,&quot;camera&quot;:&quot;22101316G&quot;,&quot;caption&quot;:&quot;&quot;,&quot;created_timestamp&quot;:&quot;1716804243&quot;,&quot;copyright&quot;:&quot;&quot;,&quot;focal_length&quot;:&quot;5.59&quot;,&quot;iso&quot;:&quot;444&quot;,&quot;shutter_speed&quot;:&quot;0.009949&quot;,&quot;title&quot;:&quot;&quot;,&quot;orientation&quot;:&quot;1&quot;}\" data-image-title=\"IMG_20240527_100403\" data-image-description=\"\" data-image-caption=\"\" data-large-file=\"https:\/\/www.cisa-arica.cl\/wp1\/wp-content\/uploads\/2024\/07\/IMG_20240527_100403-600x450.jpg\" data-attachment-id=\"26138\" data-permalink=\"https:\/\/www.cisa-arica.cl\/wp1\/2024\/05\/27\/3o-medio-a-visita-al-jardin-infantil-granitos-de-arena\/img_20240527_100403\/\" data-orig-file=\"https:\/\/www.cisa-arica.cl\/wp1\/wp-content\/uploads\/2024\/07\/IMG_20240527_100403-scaled.jpg\" data-orig-size=\"2560,1920\" data-comments-opened=\"0\" data-image-meta=\"{&quot;aperture&quot;:&quot;1.88&quot;,&quot;credit&quot;:&quot;&quot;,&quot;camera&quot;:&quot;22101316G&quot;,&quot;caption&quot;:&quot;&quot;,&quot;created_timestamp&quot;:&quot;1716804243&quot;,&quot;copyright&quot;:&quot;&quot;,&quot;focal_length&quot;:&quot;5.59&quot;,&quot;iso&quot;:&quot;444&quot;,&quot;shutter_speed&quot;:&quot;0.009949&quot;,&quot;title&quot;:&quot;&quot;,&quot;orientation&quot;:&quot;1&quot;}\" data-image-title=\"IMG_20240527_100403\" data-image-description=\"\" data-image-caption=\"\" data-large-file=\"https:\/\/www.cisa-arica.cl\/wp1\/wp-content\/uploads\/2024\/07\/IMG_20240527_100403-600x450.jpg\" role=\"button\" tabindex=\"0\" aria-label=\"Abrir la imagen 16 de 28 en pantalla completa\"srcset=\"https:\/\/i0.wp.com\/www.cisa-arica.cl\/wp1\/wp-content\/uploads\/2024\/07\/IMG_20240527_100403-600x450.jpg?strip=info&#038;w=600&#038;ssl=1 600w,https:\/\/i0.wp.com\/www.cisa-arica.cl\/wp1\/wp-content\/uploads\/2024\/07\/IMG_20240527_100403-600x450.jpg?strip=info&#038;w=900&#038;ssl=1 900w,https:\/\/i0.wp.com\/www.cisa-arica.cl\/wp1\/wp-content\/uploads\/2024\/07\/IMG_20240527_100403-600x450.jpg?strip=info&#038;w=1200&#038;ssl=1 1200w,https:\/\/i0.wp.com\/www.cisa-arica.cl\/wp1\/wp-content\/uploads\/2024\/07\/IMG_20240527_100403-600x450.jpg?strip=info&#038;w=1500&#038;ssl=1 1500w,https:\/\/i0.wp.com\/www.cisa-arica.cl\/wp1\/wp-content\/uploads\/2024\/07\/IMG_20240527_100403-600x450.jpg?strip=info&#038;w=1800&#038;ssl=1 1800w,https:\/\/i0.wp.com\/www.cisa-arica.cl\/wp1\/wp-content\/uploads\/2024\/07\/IMG_20240527_100403-600x450.jpg?strip=info&#038;w=2000&#038;ssl=1 2000w\" alt=\"\" data-height=\"1920\" data-id=\"26138\" data-link=\"https:\/\/www.cisa-arica.cl\/wp1\/?attachment_id=26138\" data-url=\"https:\/\/www.cisa-arica.cl\/wp1\/wp-content\/uploads\/2024\/07\/IMG_20240527_100403-600x450.jpg\" data-width=\"2560\" src=\"https:\/\/i0.wp.com\/www.cisa-arica.cl\/wp1\/wp-content\/uploads\/2024\/07\/IMG_20240527_100403-600x450.jpg?ssl=1\" data-amp-layout=\"responsive\"\/><\/figure><\/div><div class=\"tiled-gallery__col\" style=\"flex-basis:33.33333%\"><figure class=\"tiled-gallery__item\"><img decoding=\"async\" data-attachment-id=\"26139\" data-permalink=\"https:\/\/www.cisa-arica.cl\/wp1\/2024\/05\/27\/3o-medio-a-visita-al-jardin-infantil-granitos-de-arena\/img_20240527_100440\/\" data-orig-file=\"https:\/\/www.cisa-arica.cl\/wp1\/wp-content\/uploads\/2024\/07\/IMG_20240527_100440-scaled.jpg\" data-orig-size=\"2560,1920\" data-comments-opened=\"0\" data-image-meta=\"{&quot;aperture&quot;:&quot;1.88&quot;,&quot;credit&quot;:&quot;&quot;,&quot;camera&quot;:&quot;22101316G&quot;,&quot;caption&quot;:&quot;&quot;,&quot;created_timestamp&quot;:&quot;1716804280&quot;,&quot;copyright&quot;:&quot;&quot;,&quot;focal_length&quot;:&quot;5.59&quot;,&quot;iso&quot;:&quot;580&quot;,&quot;shutter_speed&quot;:&quot;0.01&quot;,&quot;title&quot;:&quot;&quot;,&quot;orientation&quot;:&quot;1&quot;}\" data-image-title=\"IMG_20240527_100440\" data-image-description=\"\" data-image-caption=\"\" data-large-file=\"https:\/\/www.cisa-arica.cl\/wp1\/wp-content\/uploads\/2024\/07\/IMG_20240527_100440-600x450.jpg\" data-attachment-id=\"26139\" data-permalink=\"https:\/\/www.cisa-arica.cl\/wp1\/2024\/05\/27\/3o-medio-a-visita-al-jardin-infantil-granitos-de-arena\/img_20240527_100440\/\" data-orig-file=\"https:\/\/www.cisa-arica.cl\/wp1\/wp-content\/uploads\/2024\/07\/IMG_20240527_100440-scaled.jpg\" data-orig-size=\"2560,1920\" data-comments-opened=\"0\" data-image-meta=\"{&quot;aperture&quot;:&quot;1.88&quot;,&quot;credit&quot;:&quot;&quot;,&quot;camera&quot;:&quot;22101316G&quot;,&quot;caption&quot;:&quot;&quot;,&quot;created_timestamp&quot;:&quot;1716804280&quot;,&quot;copyright&quot;:&quot;&quot;,&quot;focal_length&quot;:&quot;5.59&quot;,&quot;iso&quot;:&quot;580&quot;,&quot;shutter_speed&quot;:&quot;0.01&quot;,&quot;title&quot;:&quot;&quot;,&quot;orientation&quot;:&quot;1&quot;}\" data-image-title=\"IMG_20240527_100440\" data-image-description=\"\" data-image-caption=\"\" data-large-file=\"https:\/\/www.cisa-arica.cl\/wp1\/wp-content\/uploads\/2024\/07\/IMG_20240527_100440-600x450.jpg\" role=\"button\" tabindex=\"0\" aria-label=\"Abrir la imagen 17 de 28 en pantalla completa\"srcset=\"https:\/\/i2.wp.com\/www.cisa-arica.cl\/wp1\/wp-content\/uploads\/2024\/07\/IMG_20240527_100440-600x450.jpg?strip=info&#038;w=600&#038;ssl=1 600w,https:\/\/i2.wp.com\/www.cisa-arica.cl\/wp1\/wp-content\/uploads\/2024\/07\/IMG_20240527_100440-600x450.jpg?strip=info&#038;w=900&#038;ssl=1 900w,https:\/\/i2.wp.com\/www.cisa-arica.cl\/wp1\/wp-content\/uploads\/2024\/07\/IMG_20240527_100440-600x450.jpg?strip=info&#038;w=1200&#038;ssl=1 1200w,https:\/\/i2.wp.com\/www.cisa-arica.cl\/wp1\/wp-content\/uploads\/2024\/07\/IMG_20240527_100440-600x450.jpg?strip=info&#038;w=1500&#038;ssl=1 1500w,https:\/\/i2.wp.com\/www.cisa-arica.cl\/wp1\/wp-content\/uploads\/2024\/07\/IMG_20240527_100440-600x450.jpg?strip=info&#038;w=1800&#038;ssl=1 1800w,https:\/\/i2.wp.com\/www.cisa-arica.cl\/wp1\/wp-content\/uploads\/2024\/07\/IMG_20240527_100440-600x450.jpg?strip=info&#038;w=2000&#038;ssl=1 2000w\" alt=\"\" data-height=\"1920\" data-id=\"26139\" data-link=\"https:\/\/www.cisa-arica.cl\/wp1\/?attachment_id=26139\" data-url=\"https:\/\/www.cisa-arica.cl\/wp1\/wp-content\/uploads\/2024\/07\/IMG_20240527_100440-600x450.jpg\" data-width=\"2560\" src=\"https:\/\/i2.wp.com\/www.cisa-arica.cl\/wp1\/wp-content\/uploads\/2024\/07\/IMG_20240527_100440-600x450.jpg?ssl=1\" data-amp-layout=\"responsive\"\/><\/figure><\/div><\/div><div class=\"tiled-gallery__row\"><div class=\"tiled-gallery__col\" style=\"flex-basis:33.25453%\"><figure class=\"tiled-gallery__item\"><img decoding=\"async\" data-attachment-id=\"26140\" data-permalink=\"https:\/\/www.cisa-arica.cl\/wp1\/2024\/05\/27\/3o-medio-a-visita-al-jardin-infantil-granitos-de-arena\/img_20240527_100505\/\" data-orig-file=\"https:\/\/www.cisa-arica.cl\/wp1\/wp-content\/uploads\/2024\/07\/IMG_20240527_100505-scaled.jpg\" data-orig-size=\"2560,1920\" data-comments-opened=\"0\" data-image-meta=\"{&quot;aperture&quot;:&quot;1.88&quot;,&quot;credit&quot;:&quot;&quot;,&quot;camera&quot;:&quot;22101316G&quot;,&quot;caption&quot;:&quot;&quot;,&quot;created_timestamp&quot;:&quot;1716804305&quot;,&quot;copyright&quot;:&quot;&quot;,&quot;focal_length&quot;:&quot;5.59&quot;,&quot;iso&quot;:&quot;559&quot;,&quot;shutter_speed&quot;:&quot;0.019977&quot;,&quot;title&quot;:&quot;&quot;,&quot;orientation&quot;:&quot;1&quot;}\" data-image-title=\"IMG_20240527_100505\" data-image-description=\"\" data-image-caption=\"\" data-large-file=\"https:\/\/www.cisa-arica.cl\/wp1\/wp-content\/uploads\/2024\/07\/IMG_20240527_100505-600x450.jpg\" data-attachment-id=\"26140\" data-permalink=\"https:\/\/www.cisa-arica.cl\/wp1\/2024\/05\/27\/3o-medio-a-visita-al-jardin-infantil-granitos-de-arena\/img_20240527_100505\/\" data-orig-file=\"https:\/\/www.cisa-arica.cl\/wp1\/wp-content\/uploads\/2024\/07\/IMG_20240527_100505-scaled.jpg\" data-orig-size=\"2560,1920\" data-comments-opened=\"0\" data-image-meta=\"{&quot;aperture&quot;:&quot;1.88&quot;,&quot;credit&quot;:&quot;&quot;,&quot;camera&quot;:&quot;22101316G&quot;,&quot;caption&quot;:&quot;&quot;,&quot;created_timestamp&quot;:&quot;1716804305&quot;,&quot;copyright&quot;:&quot;&quot;,&quot;focal_length&quot;:&quot;5.59&quot;,&quot;iso&quot;:&quot;559&quot;,&quot;shutter_speed&quot;:&quot;0.019977&quot;,&quot;title&quot;:&quot;&quot;,&quot;orientation&quot;:&quot;1&quot;}\" data-image-title=\"IMG_20240527_100505\" data-image-description=\"\" data-image-caption=\"\" data-large-file=\"https:\/\/www.cisa-arica.cl\/wp1\/wp-content\/uploads\/2024\/07\/IMG_20240527_100505-600x450.jpg\" role=\"button\" tabindex=\"0\" aria-label=\"Abrir la imagen 18 de 28 en pantalla completa\"srcset=\"https:\/\/i1.wp.com\/www.cisa-arica.cl\/wp1\/wp-content\/uploads\/2024\/07\/IMG_20240527_100505-600x450.jpg?strip=info&#038;w=600&#038;ssl=1 600w,https:\/\/i1.wp.com\/www.cisa-arica.cl\/wp1\/wp-content\/uploads\/2024\/07\/IMG_20240527_100505-600x450.jpg?strip=info&#038;w=900&#038;ssl=1 900w,https:\/\/i1.wp.com\/www.cisa-arica.cl\/wp1\/wp-content\/uploads\/2024\/07\/IMG_20240527_100505-600x450.jpg?strip=info&#038;w=1200&#038;ssl=1 1200w,https:\/\/i1.wp.com\/www.cisa-arica.cl\/wp1\/wp-content\/uploads\/2024\/07\/IMG_20240527_100505-600x450.jpg?strip=info&#038;w=1500&#038;ssl=1 1500w,https:\/\/i1.wp.com\/www.cisa-arica.cl\/wp1\/wp-content\/uploads\/2024\/07\/IMG_20240527_100505-600x450.jpg?strip=info&#038;w=1800&#038;ssl=1 1800w,https:\/\/i1.wp.com\/www.cisa-arica.cl\/wp1\/wp-content\/uploads\/2024\/07\/IMG_20240527_100505-600x450.jpg?strip=info&#038;w=2000&#038;ssl=1 2000w\" alt=\"\" data-height=\"1920\" data-id=\"26140\" data-link=\"https:\/\/www.cisa-arica.cl\/wp1\/?attachment_id=26140\" data-url=\"https:\/\/www.cisa-arica.cl\/wp1\/wp-content\/uploads\/2024\/07\/IMG_20240527_100505-600x450.jpg\" data-width=\"2560\" src=\"https:\/\/i1.wp.com\/www.cisa-arica.cl\/wp1\/wp-content\/uploads\/2024\/07\/IMG_20240527_100505-600x450.jpg?ssl=1\" data-amp-layout=\"responsive\"\/><\/figure><figure class=\"tiled-gallery__item\"><img decoding=\"async\" data-attachment-id=\"26141\" data-permalink=\"https:\/\/www.cisa-arica.cl\/wp1\/2024\/05\/27\/3o-medio-a-visita-al-jardin-infantil-granitos-de-arena\/img_20240527_100537\/\" data-orig-file=\"https:\/\/www.cisa-arica.cl\/wp1\/wp-content\/uploads\/2024\/07\/IMG_20240527_100537-scaled.jpg\" data-orig-size=\"2560,1920\" data-comments-opened=\"0\" data-image-meta=\"{&quot;aperture&quot;:&quot;1.88&quot;,&quot;credit&quot;:&quot;&quot;,&quot;camera&quot;:&quot;22101316G&quot;,&quot;caption&quot;:&quot;&quot;,&quot;created_timestamp&quot;:&quot;1716804337&quot;,&quot;copyright&quot;:&quot;&quot;,&quot;focal_length&quot;:&quot;5.59&quot;,&quot;iso&quot;:&quot;434&quot;,&quot;shutter_speed&quot;:&quot;0.019977&quot;,&quot;title&quot;:&quot;&quot;,&quot;orientation&quot;:&quot;1&quot;}\" data-image-title=\"IMG_20240527_100537\" data-image-description=\"\" data-image-caption=\"\" data-large-file=\"https:\/\/www.cisa-arica.cl\/wp1\/wp-content\/uploads\/2024\/07\/IMG_20240527_100537-600x450.jpg\" data-attachment-id=\"26141\" data-permalink=\"https:\/\/www.cisa-arica.cl\/wp1\/2024\/05\/27\/3o-medio-a-visita-al-jardin-infantil-granitos-de-arena\/img_20240527_100537\/\" data-orig-file=\"https:\/\/www.cisa-arica.cl\/wp1\/wp-content\/uploads\/2024\/07\/IMG_20240527_100537-scaled.jpg\" data-orig-size=\"2560,1920\" data-comments-opened=\"0\" data-image-meta=\"{&quot;aperture&quot;:&quot;1.88&quot;,&quot;credit&quot;:&quot;&quot;,&quot;camera&quot;:&quot;22101316G&quot;,&quot;caption&quot;:&quot;&quot;,&quot;created_timestamp&quot;:&quot;1716804337&quot;,&quot;copyright&quot;:&quot;&quot;,&quot;focal_length&quot;:&quot;5.59&quot;,&quot;iso&quot;:&quot;434&quot;,&quot;shutter_speed&quot;:&quot;0.019977&quot;,&quot;title&quot;:&quot;&quot;,&quot;orientation&quot;:&quot;1&quot;}\" data-image-title=\"IMG_20240527_100537\" data-image-description=\"\" data-image-caption=\"\" data-large-file=\"https:\/\/www.cisa-arica.cl\/wp1\/wp-content\/uploads\/2024\/07\/IMG_20240527_100537-600x450.jpg\" role=\"button\" tabindex=\"0\" aria-label=\"Abrir la imagen 19 de 28 en pantalla completa\"srcset=\"https:\/\/i1.wp.com\/www.cisa-arica.cl\/wp1\/wp-content\/uploads\/2024\/07\/IMG_20240527_100537-600x450.jpg?strip=info&#038;w=600&#038;ssl=1 600w,https:\/\/i1.wp.com\/www.cisa-arica.cl\/wp1\/wp-content\/uploads\/2024\/07\/IMG_20240527_100537-600x450.jpg?strip=info&#038;w=900&#038;ssl=1 900w,https:\/\/i1.wp.com\/www.cisa-arica.cl\/wp1\/wp-content\/uploads\/2024\/07\/IMG_20240527_100537-600x450.jpg?strip=info&#038;w=1200&#038;ssl=1 1200w,https:\/\/i1.wp.com\/www.cisa-arica.cl\/wp1\/wp-content\/uploads\/2024\/07\/IMG_20240527_100537-600x450.jpg?strip=info&#038;w=1500&#038;ssl=1 1500w,https:\/\/i1.wp.com\/www.cisa-arica.cl\/wp1\/wp-content\/uploads\/2024\/07\/IMG_20240527_100537-600x450.jpg?strip=info&#038;w=1800&#038;ssl=1 1800w,https:\/\/i1.wp.com\/www.cisa-arica.cl\/wp1\/wp-content\/uploads\/2024\/07\/IMG_20240527_100537-600x450.jpg?strip=info&#038;w=2000&#038;ssl=1 2000w\" alt=\"\" data-height=\"1920\" data-id=\"26141\" data-link=\"https:\/\/www.cisa-arica.cl\/wp1\/?attachment_id=26141\" data-url=\"https:\/\/www.cisa-arica.cl\/wp1\/wp-content\/uploads\/2024\/07\/IMG_20240527_100537-600x450.jpg\" data-width=\"2560\" src=\"https:\/\/i1.wp.com\/www.cisa-arica.cl\/wp1\/wp-content\/uploads\/2024\/07\/IMG_20240527_100537-600x450.jpg?ssl=1\" data-amp-layout=\"responsive\"\/><\/figure><\/div><div class=\"tiled-gallery__col\" style=\"flex-basis:66.74547%\"><figure class=\"tiled-gallery__item\"><img decoding=\"async\" data-attachment-id=\"26142\" data-permalink=\"https:\/\/www.cisa-arica.cl\/wp1\/2024\/05\/27\/3o-medio-a-visita-al-jardin-infantil-granitos-de-arena\/img_20240527_100539\/\" data-orig-file=\"https:\/\/www.cisa-arica.cl\/wp1\/wp-content\/uploads\/2024\/07\/IMG_20240527_100539-scaled.jpg\" data-orig-size=\"2560,1920\" data-comments-opened=\"0\" data-image-meta=\"{&quot;aperture&quot;:&quot;1.88&quot;,&quot;credit&quot;:&quot;&quot;,&quot;camera&quot;:&quot;22101316G&quot;,&quot;caption&quot;:&quot;&quot;,&quot;created_timestamp&quot;:&quot;1716804339&quot;,&quot;copyright&quot;:&quot;&quot;,&quot;focal_length&quot;:&quot;5.59&quot;,&quot;iso&quot;:&quot;456&quot;,&quot;shutter_speed&quot;:&quot;0.019977&quot;,&quot;title&quot;:&quot;&quot;,&quot;orientation&quot;:&quot;1&quot;}\" data-image-title=\"IMG_20240527_100539\" data-image-description=\"\" data-image-caption=\"\" data-large-file=\"https:\/\/www.cisa-arica.cl\/wp1\/wp-content\/uploads\/2024\/07\/IMG_20240527_100539-600x450.jpg\" data-attachment-id=\"26142\" data-permalink=\"https:\/\/www.cisa-arica.cl\/wp1\/2024\/05\/27\/3o-medio-a-visita-al-jardin-infantil-granitos-de-arena\/img_20240527_100539\/\" data-orig-file=\"https:\/\/www.cisa-arica.cl\/wp1\/wp-content\/uploads\/2024\/07\/IMG_20240527_100539-scaled.jpg\" data-orig-size=\"2560,1920\" data-comments-opened=\"0\" data-image-meta=\"{&quot;aperture&quot;:&quot;1.88&quot;,&quot;credit&quot;:&quot;&quot;,&quot;camera&quot;:&quot;22101316G&quot;,&quot;caption&quot;:&quot;&quot;,&quot;created_timestamp&quot;:&quot;1716804339&quot;,&quot;copyright&quot;:&quot;&quot;,&quot;focal_length&quot;:&quot;5.59&quot;,&quot;iso&quot;:&quot;456&quot;,&quot;shutter_speed&quot;:&quot;0.019977&quot;,&quot;title&quot;:&quot;&quot;,&quot;orientation&quot;:&quot;1&quot;}\" data-image-title=\"IMG_20240527_100539\" data-image-description=\"\" data-image-caption=\"\" data-large-file=\"https:\/\/www.cisa-arica.cl\/wp1\/wp-content\/uploads\/2024\/07\/IMG_20240527_100539-600x450.jpg\" role=\"button\" tabindex=\"0\" aria-label=\"Abrir la imagen 20 de 28 en pantalla completa\"srcset=\"https:\/\/i2.wp.com\/www.cisa-arica.cl\/wp1\/wp-content\/uploads\/2024\/07\/IMG_20240527_100539-600x450.jpg?strip=info&#038;w=600&#038;ssl=1 600w,https:\/\/i2.wp.com\/www.cisa-arica.cl\/wp1\/wp-content\/uploads\/2024\/07\/IMG_20240527_100539-600x450.jpg?strip=info&#038;w=900&#038;ssl=1 900w,https:\/\/i2.wp.com\/www.cisa-arica.cl\/wp1\/wp-content\/uploads\/2024\/07\/IMG_20240527_100539-600x450.jpg?strip=info&#038;w=1200&#038;ssl=1 1200w,https:\/\/i2.wp.com\/www.cisa-arica.cl\/wp1\/wp-content\/uploads\/2024\/07\/IMG_20240527_100539-600x450.jpg?strip=info&#038;w=1500&#038;ssl=1 1500w,https:\/\/i2.wp.com\/www.cisa-arica.cl\/wp1\/wp-content\/uploads\/2024\/07\/IMG_20240527_100539-600x450.jpg?strip=info&#038;w=1800&#038;ssl=1 1800w,https:\/\/i2.wp.com\/www.cisa-arica.cl\/wp1\/wp-content\/uploads\/2024\/07\/IMG_20240527_100539-600x450.jpg?strip=info&#038;w=2000&#038;ssl=1 2000w\" alt=\"\" data-height=\"1920\" data-id=\"26142\" data-link=\"https:\/\/www.cisa-arica.cl\/wp1\/?attachment_id=26142\" data-url=\"https:\/\/www.cisa-arica.cl\/wp1\/wp-content\/uploads\/2024\/07\/IMG_20240527_100539-600x450.jpg\" data-width=\"2560\" src=\"https:\/\/i2.wp.com\/www.cisa-arica.cl\/wp1\/wp-content\/uploads\/2024\/07\/IMG_20240527_100539-600x450.jpg?ssl=1\" data-amp-layout=\"responsive\"\/><\/figure><\/div><\/div><div class=\"tiled-gallery__row\"><div class=\"tiled-gallery__col\" style=\"flex-basis:50.00000%\"><figure class=\"tiled-gallery__item\"><img decoding=\"async\" data-attachment-id=\"26143\" data-permalink=\"https:\/\/www.cisa-arica.cl\/wp1\/2024\/05\/27\/3o-medio-a-visita-al-jardin-infantil-granitos-de-arena\/img_20240527_100625\/\" data-orig-file=\"https:\/\/www.cisa-arica.cl\/wp1\/wp-content\/uploads\/2024\/07\/IMG_20240527_100625-scaled.jpg\" data-orig-size=\"2560,1920\" data-comments-opened=\"0\" data-image-meta=\"{&quot;aperture&quot;:&quot;1.88&quot;,&quot;credit&quot;:&quot;&quot;,&quot;camera&quot;:&quot;22101316G&quot;,&quot;caption&quot;:&quot;&quot;,&quot;created_timestamp&quot;:&quot;1716804385&quot;,&quot;copyright&quot;:&quot;&quot;,&quot;focal_length&quot;:&quot;5.59&quot;,&quot;iso&quot;:&quot;621&quot;,&quot;shutter_speed&quot;:&quot;0.019977&quot;,&quot;title&quot;:&quot;&quot;,&quot;orientation&quot;:&quot;1&quot;}\" data-image-title=\"IMG_20240527_100625\" data-image-description=\"\" data-image-caption=\"\" data-large-file=\"https:\/\/www.cisa-arica.cl\/wp1\/wp-content\/uploads\/2024\/07\/IMG_20240527_100625-600x450.jpg\" data-attachment-id=\"26143\" data-permalink=\"https:\/\/www.cisa-arica.cl\/wp1\/2024\/05\/27\/3o-medio-a-visita-al-jardin-infantil-granitos-de-arena\/img_20240527_100625\/\" data-orig-file=\"https:\/\/www.cisa-arica.cl\/wp1\/wp-content\/uploads\/2024\/07\/IMG_20240527_100625-scaled.jpg\" data-orig-size=\"2560,1920\" data-comments-opened=\"0\" data-image-meta=\"{&quot;aperture&quot;:&quot;1.88&quot;,&quot;credit&quot;:&quot;&quot;,&quot;camera&quot;:&quot;22101316G&quot;,&quot;caption&quot;:&quot;&quot;,&quot;created_timestamp&quot;:&quot;1716804385&quot;,&quot;copyright&quot;:&quot;&quot;,&quot;focal_length&quot;:&quot;5.59&quot;,&quot;iso&quot;:&quot;621&quot;,&quot;shutter_speed&quot;:&quot;0.019977&quot;,&quot;title&quot;:&quot;&quot;,&quot;orientation&quot;:&quot;1&quot;}\" data-image-title=\"IMG_20240527_100625\" data-image-description=\"\" data-image-caption=\"\" data-large-file=\"https:\/\/www.cisa-arica.cl\/wp1\/wp-content\/uploads\/2024\/07\/IMG_20240527_100625-600x450.jpg\" role=\"button\" tabindex=\"0\" aria-label=\"Abrir la imagen 21 de 28 en pantalla completa\"srcset=\"https:\/\/i0.wp.com\/www.cisa-arica.cl\/wp1\/wp-content\/uploads\/2024\/07\/IMG_20240527_100625-600x450.jpg?strip=info&#038;w=600&#038;ssl=1 600w,https:\/\/i0.wp.com\/www.cisa-arica.cl\/wp1\/wp-content\/uploads\/2024\/07\/IMG_20240527_100625-600x450.jpg?strip=info&#038;w=900&#038;ssl=1 900w,https:\/\/i0.wp.com\/www.cisa-arica.cl\/wp1\/wp-content\/uploads\/2024\/07\/IMG_20240527_100625-600x450.jpg?strip=info&#038;w=1200&#038;ssl=1 1200w,https:\/\/i0.wp.com\/www.cisa-arica.cl\/wp1\/wp-content\/uploads\/2024\/07\/IMG_20240527_100625-600x450.jpg?strip=info&#038;w=1500&#038;ssl=1 1500w,https:\/\/i0.wp.com\/www.cisa-arica.cl\/wp1\/wp-content\/uploads\/2024\/07\/IMG_20240527_100625-600x450.jpg?strip=info&#038;w=1800&#038;ssl=1 1800w,https:\/\/i0.wp.com\/www.cisa-arica.cl\/wp1\/wp-content\/uploads\/2024\/07\/IMG_20240527_100625-600x450.jpg?strip=info&#038;w=2000&#038;ssl=1 2000w\" alt=\"\" data-height=\"1920\" data-id=\"26143\" data-link=\"https:\/\/www.cisa-arica.cl\/wp1\/?attachment_id=26143\" data-url=\"https:\/\/www.cisa-arica.cl\/wp1\/wp-content\/uploads\/2024\/07\/IMG_20240527_100625-600x450.jpg\" data-width=\"2560\" src=\"https:\/\/i0.wp.com\/www.cisa-arica.cl\/wp1\/wp-content\/uploads\/2024\/07\/IMG_20240527_100625-600x450.jpg?ssl=1\" data-amp-layout=\"responsive\"\/><\/figure><\/div><div class=\"tiled-gallery__col\" style=\"flex-basis:50.00000%\"><figure class=\"tiled-gallery__item\"><img decoding=\"async\" data-attachment-id=\"26144\" data-permalink=\"https:\/\/www.cisa-arica.cl\/wp1\/2024\/05\/27\/3o-medio-a-visita-al-jardin-infantil-granitos-de-arena\/img_20240527_100635\/\" data-orig-file=\"https:\/\/www.cisa-arica.cl\/wp1\/wp-content\/uploads\/2024\/07\/IMG_20240527_100635-scaled.jpg\" data-orig-size=\"2560,1920\" data-comments-opened=\"0\" data-image-meta=\"{&quot;aperture&quot;:&quot;1.88&quot;,&quot;credit&quot;:&quot;&quot;,&quot;camera&quot;:&quot;22101316G&quot;,&quot;caption&quot;:&quot;&quot;,&quot;created_timestamp&quot;:&quot;1716804395&quot;,&quot;copyright&quot;:&quot;&quot;,&quot;focal_length&quot;:&quot;5.59&quot;,&quot;iso&quot;:&quot;418&quot;,&quot;shutter_speed&quot;:&quot;0.019977&quot;,&quot;title&quot;:&quot;&quot;,&quot;orientation&quot;:&quot;1&quot;}\" data-image-title=\"IMG_20240527_100635\" data-image-description=\"\" data-image-caption=\"\" data-large-file=\"https:\/\/www.cisa-arica.cl\/wp1\/wp-content\/uploads\/2024\/07\/IMG_20240527_100635-600x450.jpg\" data-attachment-id=\"26144\" data-permalink=\"https:\/\/www.cisa-arica.cl\/wp1\/2024\/05\/27\/3o-medio-a-visita-al-jardin-infantil-granitos-de-arena\/img_20240527_100635\/\" data-orig-file=\"https:\/\/www.cisa-arica.cl\/wp1\/wp-content\/uploads\/2024\/07\/IMG_20240527_100635-scaled.jpg\" data-orig-size=\"2560,1920\" data-comments-opened=\"0\" data-image-meta=\"{&quot;aperture&quot;:&quot;1.88&quot;,&quot;credit&quot;:&quot;&quot;,&quot;camera&quot;:&quot;22101316G&quot;,&quot;caption&quot;:&quot;&quot;,&quot;created_timestamp&quot;:&quot;1716804395&quot;,&quot;copyright&quot;:&quot;&quot;,&quot;focal_length&quot;:&quot;5.59&quot;,&quot;iso&quot;:&quot;418&quot;,&quot;shutter_speed&quot;:&quot;0.019977&quot;,&quot;title&quot;:&quot;&quot;,&quot;orientation&quot;:&quot;1&quot;}\" data-image-title=\"IMG_20240527_100635\" data-image-description=\"\" data-image-caption=\"\" data-large-file=\"https:\/\/www.cisa-arica.cl\/wp1\/wp-content\/uploads\/2024\/07\/IMG_20240527_100635-600x450.jpg\" role=\"button\" tabindex=\"0\" aria-label=\"Abrir la imagen 22 de 28 en pantalla completa\"srcset=\"https:\/\/i2.wp.com\/www.cisa-arica.cl\/wp1\/wp-content\/uploads\/2024\/07\/IMG_20240527_100635-600x450.jpg?strip=info&#038;w=600&#038;ssl=1 600w,https:\/\/i2.wp.com\/www.cisa-arica.cl\/wp1\/wp-content\/uploads\/2024\/07\/IMG_20240527_100635-600x450.jpg?strip=info&#038;w=900&#038;ssl=1 900w,https:\/\/i2.wp.com\/www.cisa-arica.cl\/wp1\/wp-content\/uploads\/2024\/07\/IMG_20240527_100635-600x450.jpg?strip=info&#038;w=1200&#038;ssl=1 1200w,https:\/\/i2.wp.com\/www.cisa-arica.cl\/wp1\/wp-content\/uploads\/2024\/07\/IMG_20240527_100635-600x450.jpg?strip=info&#038;w=1500&#038;ssl=1 1500w,https:\/\/i2.wp.com\/www.cisa-arica.cl\/wp1\/wp-content\/uploads\/2024\/07\/IMG_20240527_100635-600x450.jpg?strip=info&#038;w=1800&#038;ssl=1 1800w,https:\/\/i2.wp.com\/www.cisa-arica.cl\/wp1\/wp-content\/uploads\/2024\/07\/IMG_20240527_100635-600x450.jpg?strip=info&#038;w=2000&#038;ssl=1 2000w\" alt=\"\" data-height=\"1920\" data-id=\"26144\" data-link=\"https:\/\/www.cisa-arica.cl\/wp1\/?attachment_id=26144\" data-url=\"https:\/\/www.cisa-arica.cl\/wp1\/wp-content\/uploads\/2024\/07\/IMG_20240527_100635-600x450.jpg\" data-width=\"2560\" src=\"https:\/\/i2.wp.com\/www.cisa-arica.cl\/wp1\/wp-content\/uploads\/2024\/07\/IMG_20240527_100635-600x450.jpg?ssl=1\" data-amp-layout=\"responsive\"\/><\/figure><\/div><\/div><div class=\"tiled-gallery__row\"><div class=\"tiled-gallery__col\" style=\"flex-basis:66.74547%\"><figure class=\"tiled-gallery__item\"><img decoding=\"async\" data-attachment-id=\"26145\" data-permalink=\"https:\/\/www.cisa-arica.cl\/wp1\/2024\/05\/27\/3o-medio-a-visita-al-jardin-infantil-granitos-de-arena\/img_20240527_100643\/\" data-orig-file=\"https:\/\/www.cisa-arica.cl\/wp1\/wp-content\/uploads\/2024\/07\/IMG_20240527_100643-scaled.jpg\" data-orig-size=\"2560,1920\" data-comments-opened=\"0\" data-image-meta=\"{&quot;aperture&quot;:&quot;1.88&quot;,&quot;credit&quot;:&quot;&quot;,&quot;camera&quot;:&quot;22101316G&quot;,&quot;caption&quot;:&quot;&quot;,&quot;created_timestamp&quot;:&quot;1716804403&quot;,&quot;copyright&quot;:&quot;&quot;,&quot;focal_length&quot;:&quot;5.59&quot;,&quot;iso&quot;:&quot;368&quot;,&quot;shutter_speed&quot;:&quot;0.019977&quot;,&quot;title&quot;:&quot;&quot;,&quot;orientation&quot;:&quot;1&quot;}\" data-image-title=\"IMG_20240527_100643\" data-image-description=\"\" data-image-caption=\"\" data-large-file=\"https:\/\/www.cisa-arica.cl\/wp1\/wp-content\/uploads\/2024\/07\/IMG_20240527_100643-600x450.jpg\" data-attachment-id=\"26145\" data-permalink=\"https:\/\/www.cisa-arica.cl\/wp1\/2024\/05\/27\/3o-medio-a-visita-al-jardin-infantil-granitos-de-arena\/img_20240527_100643\/\" data-orig-file=\"https:\/\/www.cisa-arica.cl\/wp1\/wp-content\/uploads\/2024\/07\/IMG_20240527_100643-scaled.jpg\" data-orig-size=\"2560,1920\" data-comments-opened=\"0\" data-image-meta=\"{&quot;aperture&quot;:&quot;1.88&quot;,&quot;credit&quot;:&quot;&quot;,&quot;camera&quot;:&quot;22101316G&quot;,&quot;caption&quot;:&quot;&quot;,&quot;created_timestamp&quot;:&quot;1716804403&quot;,&quot;copyright&quot;:&quot;&quot;,&quot;focal_length&quot;:&quot;5.59&quot;,&quot;iso&quot;:&quot;368&quot;,&quot;shutter_speed&quot;:&quot;0.019977&quot;,&quot;title&quot;:&quot;&quot;,&quot;orientation&quot;:&quot;1&quot;}\" data-image-title=\"IMG_20240527_100643\" data-image-description=\"\" data-image-caption=\"\" data-large-file=\"https:\/\/www.cisa-arica.cl\/wp1\/wp-content\/uploads\/2024\/07\/IMG_20240527_100643-600x450.jpg\" role=\"button\" tabindex=\"0\" aria-label=\"Abrir la imagen 23 de 28 en pantalla completa\"srcset=\"https:\/\/i2.wp.com\/www.cisa-arica.cl\/wp1\/wp-content\/uploads\/2024\/07\/IMG_20240527_100643-600x450.jpg?strip=info&#038;w=600&#038;ssl=1 600w,https:\/\/i2.wp.com\/www.cisa-arica.cl\/wp1\/wp-content\/uploads\/2024\/07\/IMG_20240527_100643-600x450.jpg?strip=info&#038;w=900&#038;ssl=1 900w,https:\/\/i2.wp.com\/www.cisa-arica.cl\/wp1\/wp-content\/uploads\/2024\/07\/IMG_20240527_100643-600x450.jpg?strip=info&#038;w=1200&#038;ssl=1 1200w,https:\/\/i2.wp.com\/www.cisa-arica.cl\/wp1\/wp-content\/uploads\/2024\/07\/IMG_20240527_100643-600x450.jpg?strip=info&#038;w=1500&#038;ssl=1 1500w,https:\/\/i2.wp.com\/www.cisa-arica.cl\/wp1\/wp-content\/uploads\/2024\/07\/IMG_20240527_100643-600x450.jpg?strip=info&#038;w=1800&#038;ssl=1 1800w,https:\/\/i2.wp.com\/www.cisa-arica.cl\/wp1\/wp-content\/uploads\/2024\/07\/IMG_20240527_100643-600x450.jpg?strip=info&#038;w=2000&#038;ssl=1 2000w\" alt=\"\" data-height=\"1920\" data-id=\"26145\" data-link=\"https:\/\/www.cisa-arica.cl\/wp1\/?attachment_id=26145\" data-url=\"https:\/\/www.cisa-arica.cl\/wp1\/wp-content\/uploads\/2024\/07\/IMG_20240527_100643-600x450.jpg\" data-width=\"2560\" src=\"https:\/\/i2.wp.com\/www.cisa-arica.cl\/wp1\/wp-content\/uploads\/2024\/07\/IMG_20240527_100643-600x450.jpg?ssl=1\" data-amp-layout=\"responsive\"\/><\/figure><\/div><div class=\"tiled-gallery__col\" style=\"flex-basis:33.25453%\"><figure class=\"tiled-gallery__item\"><img decoding=\"async\" data-attachment-id=\"26146\" data-permalink=\"https:\/\/www.cisa-arica.cl\/wp1\/2024\/05\/27\/3o-medio-a-visita-al-jardin-infantil-granitos-de-arena\/img_20240527_101701\/\" data-orig-file=\"https:\/\/www.cisa-arica.cl\/wp1\/wp-content\/uploads\/2024\/07\/IMG_20240527_101701-scaled.jpg\" data-orig-size=\"2560,1920\" data-comments-opened=\"0\" data-image-meta=\"{&quot;aperture&quot;:&quot;1.88&quot;,&quot;credit&quot;:&quot;&quot;,&quot;camera&quot;:&quot;22101316G&quot;,&quot;caption&quot;:&quot;&quot;,&quot;created_timestamp&quot;:&quot;1716805021&quot;,&quot;copyright&quot;:&quot;&quot;,&quot;focal_length&quot;:&quot;5.59&quot;,&quot;iso&quot;:&quot;324&quot;,&quot;shutter_speed&quot;:&quot;0.019977&quot;,&quot;title&quot;:&quot;&quot;,&quot;orientation&quot;:&quot;1&quot;}\" data-image-title=\"IMG_20240527_101701\" data-image-description=\"\" data-image-caption=\"\" data-large-file=\"https:\/\/www.cisa-arica.cl\/wp1\/wp-content\/uploads\/2024\/07\/IMG_20240527_101701-600x450.jpg\" data-attachment-id=\"26146\" data-permalink=\"https:\/\/www.cisa-arica.cl\/wp1\/2024\/05\/27\/3o-medio-a-visita-al-jardin-infantil-granitos-de-arena\/img_20240527_101701\/\" data-orig-file=\"https:\/\/www.cisa-arica.cl\/wp1\/wp-content\/uploads\/2024\/07\/IMG_20240527_101701-scaled.jpg\" data-orig-size=\"2560,1920\" data-comments-opened=\"0\" data-image-meta=\"{&quot;aperture&quot;:&quot;1.88&quot;,&quot;credit&quot;:&quot;&quot;,&quot;camera&quot;:&quot;22101316G&quot;,&quot;caption&quot;:&quot;&quot;,&quot;created_timestamp&quot;:&quot;1716805021&quot;,&quot;copyright&quot;:&quot;&quot;,&quot;focal_length&quot;:&quot;5.59&quot;,&quot;iso&quot;:&quot;324&quot;,&quot;shutter_speed&quot;:&quot;0.019977&quot;,&quot;title&quot;:&quot;&quot;,&quot;orientation&quot;:&quot;1&quot;}\" data-image-title=\"IMG_20240527_101701\" data-image-description=\"\" data-image-caption=\"\" data-large-file=\"https:\/\/www.cisa-arica.cl\/wp1\/wp-content\/uploads\/2024\/07\/IMG_20240527_101701-600x450.jpg\" role=\"button\" tabindex=\"0\" aria-label=\"Abrir la imagen 24 de 28 en pantalla completa\"srcset=\"https:\/\/i2.wp.com\/www.cisa-arica.cl\/wp1\/wp-content\/uploads\/2024\/07\/IMG_20240527_101701-600x450.jpg?strip=info&#038;w=600&#038;ssl=1 600w,https:\/\/i2.wp.com\/www.cisa-arica.cl\/wp1\/wp-content\/uploads\/2024\/07\/IMG_20240527_101701-600x450.jpg?strip=info&#038;w=900&#038;ssl=1 900w,https:\/\/i2.wp.com\/www.cisa-arica.cl\/wp1\/wp-content\/uploads\/2024\/07\/IMG_20240527_101701-600x450.jpg?strip=info&#038;w=1200&#038;ssl=1 1200w,https:\/\/i2.wp.com\/www.cisa-arica.cl\/wp1\/wp-content\/uploads\/2024\/07\/IMG_20240527_101701-600x450.jpg?strip=info&#038;w=1500&#038;ssl=1 1500w,https:\/\/i2.wp.com\/www.cisa-arica.cl\/wp1\/wp-content\/uploads\/2024\/07\/IMG_20240527_101701-600x450.jpg?strip=info&#038;w=1800&#038;ssl=1 1800w,https:\/\/i2.wp.com\/www.cisa-arica.cl\/wp1\/wp-content\/uploads\/2024\/07\/IMG_20240527_101701-600x450.jpg?strip=info&#038;w=2000&#038;ssl=1 2000w\" alt=\"\" data-height=\"1920\" data-id=\"26146\" data-link=\"https:\/\/www.cisa-arica.cl\/wp1\/?attachment_id=26146\" data-url=\"https:\/\/www.cisa-arica.cl\/wp1\/wp-content\/uploads\/2024\/07\/IMG_20240527_101701-600x450.jpg\" data-width=\"2560\" src=\"https:\/\/i2.wp.com\/www.cisa-arica.cl\/wp1\/wp-content\/uploads\/2024\/07\/IMG_20240527_101701-600x450.jpg?ssl=1\" data-amp-layout=\"responsive\"\/><\/figure><figure class=\"tiled-gallery__item\"><img decoding=\"async\" data-attachment-id=\"26147\" data-permalink=\"https:\/\/www.cisa-arica.cl\/wp1\/2024\/05\/27\/3o-medio-a-visita-al-jardin-infantil-granitos-de-arena\/img_20240527_101859\/\" data-orig-file=\"https:\/\/www.cisa-arica.cl\/wp1\/wp-content\/uploads\/2024\/07\/IMG_20240527_101859-scaled.jpg\" data-orig-size=\"2560,1920\" data-comments-opened=\"0\" data-image-meta=\"{&quot;aperture&quot;:&quot;1.88&quot;,&quot;credit&quot;:&quot;&quot;,&quot;camera&quot;:&quot;22101316G&quot;,&quot;caption&quot;:&quot;&quot;,&quot;created_timestamp&quot;:&quot;1716805139&quot;,&quot;copyright&quot;:&quot;&quot;,&quot;focal_length&quot;:&quot;5.59&quot;,&quot;iso&quot;:&quot;474&quot;,&quot;shutter_speed&quot;:&quot;0.009949&quot;,&quot;title&quot;:&quot;&quot;,&quot;orientation&quot;:&quot;1&quot;}\" data-image-title=\"IMG_20240527_101859\" data-image-description=\"\" data-image-caption=\"\" data-large-file=\"https:\/\/www.cisa-arica.cl\/wp1\/wp-content\/uploads\/2024\/07\/IMG_20240527_101859-600x450.jpg\" data-attachment-id=\"26147\" data-permalink=\"https:\/\/www.cisa-arica.cl\/wp1\/2024\/05\/27\/3o-medio-a-visita-al-jardin-infantil-granitos-de-arena\/img_20240527_101859\/\" data-orig-file=\"https:\/\/www.cisa-arica.cl\/wp1\/wp-content\/uploads\/2024\/07\/IMG_20240527_101859-scaled.jpg\" data-orig-size=\"2560,1920\" data-comments-opened=\"0\" data-image-meta=\"{&quot;aperture&quot;:&quot;1.88&quot;,&quot;credit&quot;:&quot;&quot;,&quot;camera&quot;:&quot;22101316G&quot;,&quot;caption&quot;:&quot;&quot;,&quot;created_timestamp&quot;:&quot;1716805139&quot;,&quot;copyright&quot;:&quot;&quot;,&quot;focal_length&quot;:&quot;5.59&quot;,&quot;iso&quot;:&quot;474&quot;,&quot;shutter_speed&quot;:&quot;0.009949&quot;,&quot;title&quot;:&quot;&quot;,&quot;orientation&quot;:&quot;1&quot;}\" data-image-title=\"IMG_20240527_101859\" data-image-description=\"\" data-image-caption=\"\" data-large-file=\"https:\/\/www.cisa-arica.cl\/wp1\/wp-content\/uploads\/2024\/07\/IMG_20240527_101859-600x450.jpg\" role=\"button\" tabindex=\"0\" aria-label=\"Abrir la imagen 25 de 28 en pantalla completa\"srcset=\"https:\/\/i0.wp.com\/www.cisa-arica.cl\/wp1\/wp-content\/uploads\/2024\/07\/IMG_20240527_101859-600x450.jpg?strip=info&#038;w=600&#038;ssl=1 600w,https:\/\/i0.wp.com\/www.cisa-arica.cl\/wp1\/wp-content\/uploads\/2024\/07\/IMG_20240527_101859-600x450.jpg?strip=info&#038;w=900&#038;ssl=1 900w,https:\/\/i0.wp.com\/www.cisa-arica.cl\/wp1\/wp-content\/uploads\/2024\/07\/IMG_20240527_101859-600x450.jpg?strip=info&#038;w=1200&#038;ssl=1 1200w,https:\/\/i0.wp.com\/www.cisa-arica.cl\/wp1\/wp-content\/uploads\/2024\/07\/IMG_20240527_101859-600x450.jpg?strip=info&#038;w=1500&#038;ssl=1 1500w,https:\/\/i0.wp.com\/www.cisa-arica.cl\/wp1\/wp-content\/uploads\/2024\/07\/IMG_20240527_101859-600x450.jpg?strip=info&#038;w=1800&#038;ssl=1 1800w,https:\/\/i0.wp.com\/www.cisa-arica.cl\/wp1\/wp-content\/uploads\/2024\/07\/IMG_20240527_101859-600x450.jpg?strip=info&#038;w=2000&#038;ssl=1 2000w\" alt=\"\" data-height=\"1920\" data-id=\"26147\" data-link=\"https:\/\/www.cisa-arica.cl\/wp1\/?attachment_id=26147\" data-url=\"https:\/\/www.cisa-arica.cl\/wp1\/wp-content\/uploads\/2024\/07\/IMG_20240527_101859-600x450.jpg\" data-width=\"2560\" src=\"https:\/\/i0.wp.com\/www.cisa-arica.cl\/wp1\/wp-content\/uploads\/2024\/07\/IMG_20240527_101859-600x450.jpg?ssl=1\" data-amp-layout=\"responsive\"\/><\/figure><\/div><\/div><div class=\"tiled-gallery__row\"><div class=\"tiled-gallery__col\" style=\"flex-basis:33.33333%\"><figure class=\"tiled-gallery__item\"><img decoding=\"async\" data-attachment-id=\"26148\" data-permalink=\"https:\/\/www.cisa-arica.cl\/wp1\/2024\/05\/27\/3o-medio-a-visita-al-jardin-infantil-granitos-de-arena\/img_20240527_101920\/\" data-orig-file=\"https:\/\/www.cisa-arica.cl\/wp1\/wp-content\/uploads\/2024\/07\/IMG_20240527_101920-scaled.jpg\" data-orig-size=\"2560,1920\" data-comments-opened=\"0\" data-image-meta=\"{&quot;aperture&quot;:&quot;1.88&quot;,&quot;credit&quot;:&quot;&quot;,&quot;camera&quot;:&quot;22101316G&quot;,&quot;caption&quot;:&quot;&quot;,&quot;created_timestamp&quot;:&quot;1716805160&quot;,&quot;copyright&quot;:&quot;&quot;,&quot;focal_length&quot;:&quot;5.59&quot;,&quot;iso&quot;:&quot;494&quot;,&quot;shutter_speed&quot;:&quot;0.009949&quot;,&quot;title&quot;:&quot;&quot;,&quot;orientation&quot;:&quot;1&quot;}\" data-image-title=\"IMG_20240527_101920\" data-image-description=\"\" data-image-caption=\"\" data-large-file=\"https:\/\/www.cisa-arica.cl\/wp1\/wp-content\/uploads\/2024\/07\/IMG_20240527_101920-600x450.jpg\" data-attachment-id=\"26148\" data-permalink=\"https:\/\/www.cisa-arica.cl\/wp1\/2024\/05\/27\/3o-medio-a-visita-al-jardin-infantil-granitos-de-arena\/img_20240527_101920\/\" data-orig-file=\"https:\/\/www.cisa-arica.cl\/wp1\/wp-content\/uploads\/2024\/07\/IMG_20240527_101920-scaled.jpg\" data-orig-size=\"2560,1920\" data-comments-opened=\"0\" data-image-meta=\"{&quot;aperture&quot;:&quot;1.88&quot;,&quot;credit&quot;:&quot;&quot;,&quot;camera&quot;:&quot;22101316G&quot;,&quot;caption&quot;:&quot;&quot;,&quot;created_timestamp&quot;:&quot;1716805160&quot;,&quot;copyright&quot;:&quot;&quot;,&quot;focal_length&quot;:&quot;5.59&quot;,&quot;iso&quot;:&quot;494&quot;,&quot;shutter_speed&quot;:&quot;0.009949&quot;,&quot;title&quot;:&quot;&quot;,&quot;orientation&quot;:&quot;1&quot;}\" data-image-title=\"IMG_20240527_101920\" data-image-description=\"\" data-image-caption=\"\" data-large-file=\"https:\/\/www.cisa-arica.cl\/wp1\/wp-content\/uploads\/2024\/07\/IMG_20240527_101920-600x450.jpg\" role=\"button\" tabindex=\"0\" aria-label=\"Abrir la imagen 26 de 28 en pantalla completa\"srcset=\"https:\/\/i2.wp.com\/www.cisa-arica.cl\/wp1\/wp-content\/uploads\/2024\/07\/IMG_20240527_101920-600x450.jpg?strip=info&#038;w=600&#038;ssl=1 600w,https:\/\/i2.wp.com\/www.cisa-arica.cl\/wp1\/wp-content\/uploads\/2024\/07\/IMG_20240527_101920-600x450.jpg?strip=info&#038;w=900&#038;ssl=1 900w,https:\/\/i2.wp.com\/www.cisa-arica.cl\/wp1\/wp-content\/uploads\/2024\/07\/IMG_20240527_101920-600x450.jpg?strip=info&#038;w=1200&#038;ssl=1 1200w,https:\/\/i2.wp.com\/www.cisa-arica.cl\/wp1\/wp-content\/uploads\/2024\/07\/IMG_20240527_101920-600x450.jpg?strip=info&#038;w=1500&#038;ssl=1 1500w,https:\/\/i2.wp.com\/www.cisa-arica.cl\/wp1\/wp-content\/uploads\/2024\/07\/IMG_20240527_101920-600x450.jpg?strip=info&#038;w=1800&#038;ssl=1 1800w,https:\/\/i2.wp.com\/www.cisa-arica.cl\/wp1\/wp-content\/uploads\/2024\/07\/IMG_20240527_101920-600x450.jpg?strip=info&#038;w=2000&#038;ssl=1 2000w\" alt=\"\" data-height=\"1920\" data-id=\"26148\" data-link=\"https:\/\/www.cisa-arica.cl\/wp1\/?attachment_id=26148\" data-url=\"https:\/\/www.cisa-arica.cl\/wp1\/wp-content\/uploads\/2024\/07\/IMG_20240527_101920-600x450.jpg\" data-width=\"2560\" src=\"https:\/\/i2.wp.com\/www.cisa-arica.cl\/wp1\/wp-content\/uploads\/2024\/07\/IMG_20240527_101920-600x450.jpg?ssl=1\" data-amp-layout=\"responsive\"\/><\/figure><\/div><div class=\"tiled-gallery__col\" style=\"flex-basis:33.33333%\"><figure class=\"tiled-gallery__item\"><img decoding=\"async\" data-attachment-id=\"26149\" data-permalink=\"https:\/\/www.cisa-arica.cl\/wp1\/2024\/05\/27\/3o-medio-a-visita-al-jardin-infantil-granitos-de-arena\/img_20240527_101930_1\/\" data-orig-file=\"https:\/\/www.cisa-arica.cl\/wp1\/wp-content\/uploads\/2024\/07\/IMG_20240527_101930_1-scaled.jpg\" data-orig-size=\"2560,1920\" data-comments-opened=\"0\" data-image-meta=\"{&quot;aperture&quot;:&quot;1.88&quot;,&quot;credit&quot;:&quot;&quot;,&quot;camera&quot;:&quot;22101316G&quot;,&quot;caption&quot;:&quot;&quot;,&quot;created_timestamp&quot;:&quot;1716805170&quot;,&quot;copyright&quot;:&quot;&quot;,&quot;focal_length&quot;:&quot;5.59&quot;,&quot;iso&quot;:&quot;499&quot;,&quot;shutter_speed&quot;:&quot;0.009949&quot;,&quot;title&quot;:&quot;&quot;,&quot;orientation&quot;:&quot;1&quot;}\" data-image-title=\"IMG_20240527_101930_1\" data-image-description=\"\" data-image-caption=\"\" data-large-file=\"https:\/\/www.cisa-arica.cl\/wp1\/wp-content\/uploads\/2024\/07\/IMG_20240527_101930_1-600x450.jpg\" data-attachment-id=\"26149\" data-permalink=\"https:\/\/www.cisa-arica.cl\/wp1\/2024\/05\/27\/3o-medio-a-visita-al-jardin-infantil-granitos-de-arena\/img_20240527_101930_1\/\" data-orig-file=\"https:\/\/www.cisa-arica.cl\/wp1\/wp-content\/uploads\/2024\/07\/IMG_20240527_101930_1-scaled.jpg\" data-orig-size=\"2560,1920\" data-comments-opened=\"0\" data-image-meta=\"{&quot;aperture&quot;:&quot;1.88&quot;,&quot;credit&quot;:&quot;&quot;,&quot;camera&quot;:&quot;22101316G&quot;,&quot;caption&quot;:&quot;&quot;,&quot;created_timestamp&quot;:&quot;1716805170&quot;,&quot;copyright&quot;:&quot;&quot;,&quot;focal_length&quot;:&quot;5.59&quot;,&quot;iso&quot;:&quot;499&quot;,&quot;shutter_speed&quot;:&quot;0.009949&quot;,&quot;title&quot;:&quot;&quot;,&quot;orientation&quot;:&quot;1&quot;}\" data-image-title=\"IMG_20240527_101930_1\" data-image-description=\"\" data-image-caption=\"\" data-large-file=\"https:\/\/www.cisa-arica.cl\/wp1\/wp-content\/uploads\/2024\/07\/IMG_20240527_101930_1-600x450.jpg\" role=\"button\" tabindex=\"0\" aria-label=\"Abrir la imagen 27 de 28 en pantalla completa\"srcset=\"https:\/\/i0.wp.com\/www.cisa-arica.cl\/wp1\/wp-content\/uploads\/2024\/07\/IMG_20240527_101930_1-600x450.jpg?strip=info&#038;w=600&#038;ssl=1 600w,https:\/\/i0.wp.com\/www.cisa-arica.cl\/wp1\/wp-content\/uploads\/2024\/07\/IMG_20240527_101930_1-600x450.jpg?strip=info&#038;w=900&#038;ssl=1 900w,https:\/\/i0.wp.com\/www.cisa-arica.cl\/wp1\/wp-content\/uploads\/2024\/07\/IMG_20240527_101930_1-600x450.jpg?strip=info&#038;w=1200&#038;ssl=1 1200w,https:\/\/i0.wp.com\/www.cisa-arica.cl\/wp1\/wp-content\/uploads\/2024\/07\/IMG_20240527_101930_1-600x450.jpg?strip=info&#038;w=1500&#038;ssl=1 1500w,https:\/\/i0.wp.com\/www.cisa-arica.cl\/wp1\/wp-content\/uploads\/2024\/07\/IMG_20240527_101930_1-600x450.jpg?strip=info&#038;w=1800&#038;ssl=1 1800w,https:\/\/i0.wp.com\/www.cisa-arica.cl\/wp1\/wp-content\/uploads\/2024\/07\/IMG_20240527_101930_1-600x450.jpg?strip=info&#038;w=2000&#038;ssl=1 2000w\" alt=\"\" data-height=\"1920\" data-id=\"26149\" data-link=\"https:\/\/www.cisa-arica.cl\/wp1\/?attachment_id=26149\" data-url=\"https:\/\/www.cisa-arica.cl\/wp1\/wp-content\/uploads\/2024\/07\/IMG_20240527_101930_1-600x450.jpg\" data-width=\"2560\" src=\"https:\/\/i0.wp.com\/www.cisa-arica.cl\/wp1\/wp-content\/uploads\/2024\/07\/IMG_20240527_101930_1-600x450.jpg?ssl=1\" data-amp-layout=\"responsive\"\/><\/figure><\/div><div class=\"tiled-gallery__col\" style=\"flex-basis:33.33333%\"><figure class=\"tiled-gallery__item\"><img decoding=\"async\" data-attachment-id=\"26150\" data-permalink=\"https:\/\/www.cisa-arica.cl\/wp1\/2024\/05\/27\/3o-medio-a-visita-al-jardin-infantil-granitos-de-arena\/img_20240527_102000\/\" data-orig-file=\"https:\/\/www.cisa-arica.cl\/wp1\/wp-content\/uploads\/2024\/07\/IMG_20240527_102000-scaled.jpg\" data-orig-size=\"2560,1920\" data-comments-opened=\"0\" data-image-meta=\"{&quot;aperture&quot;:&quot;2.45&quot;,&quot;credit&quot;:&quot;&quot;,&quot;camera&quot;:&quot;22101316G&quot;,&quot;caption&quot;:&quot;&quot;,&quot;created_timestamp&quot;:&quot;1716805200&quot;,&quot;copyright&quot;:&quot;&quot;,&quot;focal_length&quot;:&quot;3.24&quot;,&quot;iso&quot;:&quot;169&quot;,&quot;shutter_speed&quot;:&quot;0.029997&quot;,&quot;title&quot;:&quot;&quot;,&quot;orientation&quot;:&quot;1&quot;}\" data-image-title=\"IMG_20240527_102000\" data-image-description=\"\" data-image-caption=\"\" data-large-file=\"https:\/\/www.cisa-arica.cl\/wp1\/wp-content\/uploads\/2024\/07\/IMG_20240527_102000-600x450.jpg\" data-attachment-id=\"26150\" data-permalink=\"https:\/\/www.cisa-arica.cl\/wp1\/2024\/05\/27\/3o-medio-a-visita-al-jardin-infantil-granitos-de-arena\/img_20240527_102000\/\" data-orig-file=\"https:\/\/www.cisa-arica.cl\/wp1\/wp-content\/uploads\/2024\/07\/IMG_20240527_102000-scaled.jpg\" data-orig-size=\"2560,1920\" data-comments-opened=\"0\" data-image-meta=\"{&quot;aperture&quot;:&quot;2.45&quot;,&quot;credit&quot;:&quot;&quot;,&quot;camera&quot;:&quot;22101316G&quot;,&quot;caption&quot;:&quot;&quot;,&quot;created_timestamp&quot;:&quot;1716805200&quot;,&quot;copyright&quot;:&quot;&quot;,&quot;focal_length&quot;:&quot;3.24&quot;,&quot;iso&quot;:&quot;169&quot;,&quot;shutter_speed&quot;:&quot;0.029997&quot;,&quot;title&quot;:&quot;&quot;,&quot;orientation&quot;:&quot;1&quot;}\" data-image-title=\"IMG_20240527_102000\" data-image-description=\"\" data-image-caption=\"\" data-large-file=\"https:\/\/www.cisa-arica.cl\/wp1\/wp-content\/uploads\/2024\/07\/IMG_20240527_102000-600x450.jpg\" role=\"button\" tabindex=\"0\" aria-label=\"Abrir la imagen 28 de 28 en pantalla completa\"srcset=\"https:\/\/i0.wp.com\/www.cisa-arica.cl\/wp1\/wp-content\/uploads\/2024\/07\/IMG_20240527_102000-600x450.jpg?strip=info&#038;w=600&#038;ssl=1 600w,https:\/\/i0.wp.com\/www.cisa-arica.cl\/wp1\/wp-content\/uploads\/2024\/07\/IMG_20240527_102000-600x450.jpg?strip=info&#038;w=900&#038;ssl=1 900w,https:\/\/i0.wp.com\/www.cisa-arica.cl\/wp1\/wp-content\/uploads\/2024\/07\/IMG_20240527_102000-600x450.jpg?strip=info&#038;w=1200&#038;ssl=1 1200w,https:\/\/i0.wp.com\/www.cisa-arica.cl\/wp1\/wp-content\/uploads\/2024\/07\/IMG_20240527_102000-600x450.jpg?strip=info&#038;w=1500&#038;ssl=1 1500w,https:\/\/i0.wp.com\/www.cisa-arica.cl\/wp1\/wp-content\/uploads\/2024\/07\/IMG_20240527_102000-600x450.jpg?strip=info&#038;w=1800&#038;ssl=1 1800w,https:\/\/i0.wp.com\/www.cisa-arica.cl\/wp1\/wp-content\/uploads\/2024\/07\/IMG_20240527_102000-600x450.jpg?strip=info&#038;w=2000&#038;ssl=1 2000w\" alt=\"\" data-height=\"1920\" data-id=\"26150\" data-link=\"https:\/\/www.cisa-arica.cl\/wp1\/?attachment_id=26150\" data-url=\"https:\/\/www.cisa-arica.cl\/wp1\/wp-content\/uploads\/2024\/07\/IMG_20240527_102000-600x450.jpg\" data-width=\"2560\" src=\"https:\/\/i0.wp.com\/www.cisa-arica.cl\/wp1\/wp-content\/uploads\/2024\/07\/IMG_20240527_102000-600x450.jpg?ssl=1\" data-amp-layout=\"responsive\"\/><\/figure><\/div><\/div><\/div><\/div>\n","protected":false},"excerpt":{"rendered":"<p>Solidarity work of students from 3rd year A in the &#8220;English Volunteering Unit&#8221;, providing a social service to the kindergarten: &#8220;Granitos de arena&#8221; with children from the lower and upper middle school and nursery. Trabajo solidario de estudiantes del 3ero medio A en la &#8220;Unidad de Voluntariado de ingl\u00e9s&#8221;, prestando un servicio social al jard\u00edn <a class=\"read-more\" href=\"https:\/\/www.cisa-arica.cl\/wp1\/2024\/05\/27\/3o-medio-a-visita-al-jardin-infantil-granitos-de-arena\/\">Continuar leyendo<\/a><\/p>\n","protected":false},"author":5,"featured_media":26148,"comment_status":"closed","ping_status":"open","sticky":false,"template":"","format":"standard","meta":{"_jetpack_memberships_contains_paid_content":false,"footnotes":"","jetpack_publicize_message":"","jetpack_publicize_feature_enabled":true,"jetpack_social_post_already_shared":true,"jetpack_social_options":{"image_generator_settings":{"template":"highway","default_image_id":0,"font":"","enabled":false},"version":2}},"categories":[5],"tags":[],"class_list":["post-26121","post","type-post","status-publish","format-standard","has-post-thumbnail","hentry","category-uncategorized"],"jetpack_publicize_connections":[],"jetpack_featured_media_url":"https:\/\/www.cisa-arica.cl\/wp1\/wp-content\/uploads\/2024\/07\/IMG_20240527_101920-scaled.jpg","jetpack_sharing_enabled":true,"jetpack_shortlink":"https:\/\/wp.me\/p84wcz-6Nj","jetpack-related-posts":[{"id":9819,"url":"https:\/\/www.cisa-arica.cl\/wp1\/2019\/10\/10\/actividad-alumnas-4o-medio-a-jardin-infantil-sombrerito\/","url_meta":{"origin":26121,"position":0},"title":"Actividad alumnas 4\u00ba medio A Jard\u00edn Infantil Sombrerito","author":"Jeannette Rivera","date":"10 de Octubre de 2019","format":false,"excerpt":"Las alumnas del 4\u00ba medio A en su clase de Religi\u00f3n visitan al Jard\u00edn Infantil Sombrerito de la Fundaci\u00f3n Integra planificando para ellos un taller sobre el cuidado de la naturaleza; aportando as\u00ed a su proyecto educativo y a su vez, haciendo vida a la invitaci\u00f3n que nos hace el\u2026","rel":"","context":"En &quot;galeria&quot;","block_context":{"text":"galeria","link":"https:\/\/www.cisa-arica.cl\/wp1\/category\/galeria\/"},"img":{"alt_text":"","src":"https:\/\/i0.wp.com\/www.cisa-arica.cl\/wp1\/wp-content\/uploads\/2019\/10\/000-1-600x450.jpeg?resize=350%2C200","width":350,"height":200,"srcset":"https:\/\/i0.wp.com\/www.cisa-arica.cl\/wp1\/wp-content\/uploads\/2019\/10\/000-1-600x450.jpeg?resize=350%2C200 1x, https:\/\/i0.wp.com\/www.cisa-arica.cl\/wp1\/wp-content\/uploads\/2019\/10\/000-1-600x450.jpeg?resize=525%2C300 1.5x"},"classes":[]},{"id":15966,"url":"https:\/\/www.cisa-arica.cl\/wp1\/2022\/05\/30\/clases-de-quimica-con-1-medio\/","url_meta":{"origin":26121,"position":1},"title":"Laboratorio de Taller Cient\u00edfico 1 Medio","author":"CISA","date":"30 de Mayo de 2022","format":false,"excerpt":"Reconocimiento de hierro en arena de playa \"Arenillas negras\" Reconocimiento de cloro en distintos tipos de agua. Reconocimiento de minerales en frutas y verduras, mediante la conducci\u00f3n el\u00e9ctrica.","rel":"","context":"Entrada similar ","block_context":{"text":"Entrada similar ","link":""},"img":{"alt_text":"","src":"https:\/\/i0.wp.com\/www.cisa-arica.cl\/wp1\/wp-content\/uploads\/2022\/05\/DSC_7812.jpg?resize=350%2C200&ssl=1","width":350,"height":200,"srcset":"https:\/\/i0.wp.com\/www.cisa-arica.cl\/wp1\/wp-content\/uploads\/2022\/05\/DSC_7812.jpg?resize=350%2C200&ssl=1 1x, https:\/\/i0.wp.com\/www.cisa-arica.cl\/wp1\/wp-content\/uploads\/2022\/05\/DSC_7812.jpg?resize=525%2C300&ssl=1 1.5x, https:\/\/i0.wp.com\/www.cisa-arica.cl\/wp1\/wp-content\/uploads\/2022\/05\/DSC_7812.jpg?resize=700%2C400&ssl=1 2x, https:\/\/i0.wp.com\/www.cisa-arica.cl\/wp1\/wp-content\/uploads\/2022\/05\/DSC_7812.jpg?resize=1050%2C600&ssl=1 3x"},"classes":[]},{"id":26408,"url":"https:\/\/www.cisa-arica.cl\/wp1\/2024\/08\/29\/participacion-cisa-en-iv-feria-literaria-2024\/","url_meta":{"origin":26121,"position":2},"title":"Participaci\u00f3n Cisa en IV Feria Literaria 2024","author":"Jeannette Rivera","date":"29 de Agosto de 2024","format":false,"excerpt":"Nuestro colegio tuvo una destacada y activa participaci\u00f3n en la IV Feria Literaria de los Cra de Arica. El evento se realiz\u00f3 el pasado mi\u00e9rcoles 28 de agosto en la plaza Vicu\u00f1a Mackenna y, en la oportunidad, nuestro stand, a cargo de la estudiante de 4to medio B Yanis Calfulaf\u2026","rel":"","context":"Entrada similar ","block_context":{"text":"Entrada similar ","link":""},"img":{"alt_text":"","src":"https:\/\/i0.wp.com\/www.cisa-arica.cl\/wp1\/wp-content\/uploads\/2024\/08\/IMG_1154-scaled.jpeg?resize=350%2C200&ssl=1","width":350,"height":200,"srcset":"https:\/\/i0.wp.com\/www.cisa-arica.cl\/wp1\/wp-content\/uploads\/2024\/08\/IMG_1154-scaled.jpeg?resize=350%2C200&ssl=1 1x, https:\/\/i0.wp.com\/www.cisa-arica.cl\/wp1\/wp-content\/uploads\/2024\/08\/IMG_1154-scaled.jpeg?resize=525%2C300&ssl=1 1.5x, https:\/\/i0.wp.com\/www.cisa-arica.cl\/wp1\/wp-content\/uploads\/2024\/08\/IMG_1154-scaled.jpeg?resize=700%2C400&ssl=1 2x, https:\/\/i0.wp.com\/www.cisa-arica.cl\/wp1\/wp-content\/uploads\/2024\/08\/IMG_1154-scaled.jpeg?resize=1050%2C600&ssl=1 3x, https:\/\/i0.wp.com\/www.cisa-arica.cl\/wp1\/wp-content\/uploads\/2024\/08\/IMG_1154-scaled.jpeg?resize=1400%2C800&ssl=1 4x"},"classes":[]},{"id":5819,"url":"https:\/\/www.cisa-arica.cl\/wp1\/2019\/03\/07\/bienvenido-primer-dia-de-clases\/","url_meta":{"origin":26121,"position":3},"title":"\u00a1Bienvenido primer d\u00eda de clases!","author":"Jeannette Rivera","date":"7 de Marzo de 2019","format":false,"excerpt":"Nuestras alumnas desde prekinder hasta cuarto medio saludan con entusiasmo a un nuevo a\u00f1o escolar. Prekinder APrekinder BKinder AKinder BPrimero APrimero BTercero ATercero BCuarto ACuarto BQuinto AQuinto BSexto ASexto BS\u00e9ptimo AS\u00e9ptimo BOctavo AOctavo BPrimero Medio APrimero Medio BSegundo Medio ASegundo Medio BTercero Medio ATercero Medio BCuarto Medio ACuarto Medio B","rel":"","context":"En &quot;galeria&quot;","block_context":{"text":"galeria","link":"https:\/\/www.cisa-arica.cl\/wp1\/category\/galeria\/"},"img":{"alt_text":"","src":"https:\/\/i0.wp.com\/www.cisa-arica.cl\/wp1\/wp-content\/uploads\/2019\/03\/WhatsApp-Image-2019-03-06-at-8.32.15-AM.jpeg?resize=350%2C200&ssl=1","width":350,"height":200,"srcset":"https:\/\/i0.wp.com\/www.cisa-arica.cl\/wp1\/wp-content\/uploads\/2019\/03\/WhatsApp-Image-2019-03-06-at-8.32.15-AM.jpeg?resize=350%2C200&ssl=1 1x, https:\/\/i0.wp.com\/www.cisa-arica.cl\/wp1\/wp-content\/uploads\/2019\/03\/WhatsApp-Image-2019-03-06-at-8.32.15-AM.jpeg?resize=525%2C300&ssl=1 1.5x, https:\/\/i0.wp.com\/www.cisa-arica.cl\/wp1\/wp-content\/uploads\/2019\/03\/WhatsApp-Image-2019-03-06-at-8.32.15-AM.jpeg?resize=700%2C400&ssl=1 2x, https:\/\/i0.wp.com\/www.cisa-arica.cl\/wp1\/wp-content\/uploads\/2019\/03\/WhatsApp-Image-2019-03-06-at-8.32.15-AM.jpeg?resize=1050%2C600&ssl=1 3x"},"classes":[]},{"id":12572,"url":"https:\/\/www.cisa-arica.cl\/wp1\/2021\/05\/25\/ganadoras-concursos-dia-del-libro-2021\/","url_meta":{"origin":26121,"position":4},"title":"Ganadoras Concursos D\u00eda del Libro 2021","author":"Jeannette Rivera","date":"25 de Mayo de 2021","format":false,"excerpt":"El Departamento de Lenguaje y Comunicaci\u00f3n desea agradecer la gran recepci\u00f3n que tuvieron los Concursos Literarios \"Eres lo que lees\" 2021, con m\u00e1s de 150 participantes de todos los niveles que se hicieron presente con sus creaciones art\u00edsticas, creativas y literarias. Las ganadoras ser\u00e1n contactadas v\u00eda correo electr\u00f3nico institucional para\u2026","rel":"","context":"En &quot;CISA&quot;","block_context":{"text":"CISA","link":"https:\/\/www.cisa-arica.cl\/wp1\/category\/cisa\/"},"img":{"alt_text":"","src":"https:\/\/i0.wp.com\/www.cisa-arica.cl\/wp1\/wp-content\/uploads\/2021\/05\/00-e1621907141169.png?resize=350%2C200&ssl=1","width":350,"height":200},"classes":[]},{"id":11971,"url":"https:\/\/www.cisa-arica.cl\/wp1\/2021\/02\/26\/lista-de-estudiantes-por-curso\/","url_meta":{"origin":26121,"position":5},"title":"Lista de Estudiantes por Curso","author":"CISA","date":"26 de Febrero de 2021","format":false,"excerpt":"Cursos: PREKINDER ADescargar KINDER-ADescargar KINDER-BDescargar PRIMERO-BASICO-ADescargar PRIMERO-BASICO-BDescargar SEGUNDO-BASICO-ADescargar SEGUNDO-BASICO-BDescargar TERCERO-BASICO-ADescargar TERCERO-BASICO-BDescargar CUARTO-BASICO-ADescargar CUARTO-BASICO-BDescargar QUINTO-BASICO-ADescargar QUINTO-BASICO-BDescargar SEXTO-BASICO-ADescargar SEXTO-BASICO-BDescargar SEPTIMO-BASICO-ADescargar SEPTIMO-BASICO-BDescargar OCTAVO-BASICO-ADescargar OCTAVO-BASICO-BDescargar PRIMERO-MEDIO-ADescargar PRIMERO-MEDIO-BDescargar SEGUNDO-MEDIO-ADescargar SEGUNDO-MEDIO-BDescargar TERCERO-MEDIO-ADescargar TERCERO-MEDIO-BDescargar CUARTO-MEDIO-ADescargar CUARTO-MEDIO-BDescargar","rel":"","context":"Entrada similar ","block_context":{"text":"Entrada similar ","link":""},"img":{"alt_text":"","src":"https:\/\/i0.wp.com\/www.cisa-arica.cl\/wp1\/wp-content\/uploads\/2021\/02\/WhatsApp-Image-2021-02-26-at-10.41.08.jpeg?resize=350%2C200&ssl=1","width":350,"height":200,"srcset":"https:\/\/i0.wp.com\/www.cisa-arica.cl\/wp1\/wp-content\/uploads\/2021\/02\/WhatsApp-Image-2021-02-26-at-10.41.08.jpeg?resize=350%2C200&ssl=1 1x, https:\/\/i0.wp.com\/www.cisa-arica.cl\/wp1\/wp-content\/uploads\/2021\/02\/WhatsApp-Image-2021-02-26-at-10.41.08.jpeg?resize=525%2C300&ssl=1 1.5x, https:\/\/i0.wp.com\/www.cisa-arica.cl\/wp1\/wp-content\/uploads\/2021\/02\/WhatsApp-Image-2021-02-26-at-10.41.08.jpeg?resize=700%2C400&ssl=1 2x, https:\/\/i0.wp.com\/www.cisa-arica.cl\/wp1\/wp-content\/uploads\/2021\/02\/WhatsApp-Image-2021-02-26-at-10.41.08.jpeg?resize=1050%2C600&ssl=1 3x"},"classes":[]}],"_links":{"self":[{"href":"https:\/\/www.cisa-arica.cl\/wp1\/wp-json\/wp\/v2\/posts\/26121","targetHints":{"allow":["GET"]}}],"collection":[{"href":"https:\/\/www.cisa-arica.cl\/wp1\/wp-json\/wp\/v2\/posts"}],"about":[{"href":"https:\/\/www.cisa-arica.cl\/wp1\/wp-json\/wp\/v2\/types\/post"}],"author":[{"embeddable":true,"href":"https:\/\/www.cisa-arica.cl\/wp1\/wp-json\/wp\/v2\/users\/5"}],"replies":[{"embeddable":true,"href":"https:\/\/www.cisa-arica.cl\/wp1\/wp-json\/wp\/v2\/comments?post=26121"}],"version-history":[{"count":2,"href":"https:\/\/www.cisa-arica.cl\/wp1\/wp-json\/wp\/v2\/posts\/26121\/revisions"}],"predecessor-version":[{"id":26151,"href":"https:\/\/www.cisa-arica.cl\/wp1\/wp-json\/wp\/v2\/posts\/26121\/revisions\/26151"}],"wp:featuredmedia":[{"embeddable":true,"href":"https:\/\/www.cisa-arica.cl\/wp1\/wp-json\/wp\/v2\/media\/26148"}],"wp:attachment":[{"href":"https:\/\/www.cisa-arica.cl\/wp1\/wp-json\/wp\/v2\/media?parent=26121"}],"wp:term":[{"taxonomy":"category","embeddable":true,"href":"https:\/\/www.cisa-arica.cl\/wp1\/wp-json\/wp\/v2\/categories?post=26121"},{"taxonomy":"post_tag","embeddable":true,"href":"https:\/\/www.cisa-arica.cl\/wp1\/wp-json\/wp\/v2\/tags?post=26121"}],"curies":[{"name":"wp","href":"https:\/\/api.w.org\/{rel}","templated":true}]}}