{"id":25854,"date":"2024-07-01T18:18:05","date_gmt":"2024-07-01T22:18:05","guid":{"rendered":"https:\/\/www.cisa-arica.cl\/wp1\/?p=25854"},"modified":"2024-07-01T18:18:05","modified_gmt":"2024-07-01T22:18:05","slug":"termino-del-semestre","status":"publish","type":"post","link":"https:\/\/www.cisa-arica.cl\/wp1\/2024\/07\/01\/termino-del-semestre\/","title":{"rendered":"T\u00e9rmino del Semestre"},"content":{"rendered":"<p>Estimados padres y apoderados:<\/p>\n<p>Se les recuerda que este <b>mi\u00e9rcoles 03 de julio 2024<\/b> es el \u00faltimo d\u00eda de clases del primer semestre para nuestras estudiantes, en donde tendremos clases normales en los primeros cuatro bloques, para luego realizar una jornada de reflexi\u00f3n al interior de cada curso. Recreos, desayuno y almuerzo Junaeb se entregar\u00e1n de forma normal.<\/p>\n<p>Las convivencias de cierre de semestre est\u00e1n programadas a partir de las 13:00 horas.<\/p>\n<div class=\"gmail_default\">\u00a0 \u00a0 \u00a0 \u00a0El horario de salida para TODOS los cursos ser\u00e1 a las 14:00 horas, por lo que se solicita puntualidad en el retiro de las estudiantes.<\/div>\n<div><\/div>\n<div class=\"gmail_default\"><span style=\"font-size: 15px;\">\u00a0 \u00a0 \u00a0 \u00a0 \u00a0Atentamente<\/span><\/div>\n<div>\u00a0 \u00a0 \u00a0 \u00a0 \u00a0 \u00a0 \u00a0 \u00a0 \u00a0 \u00a0 \u00a0 \u00a0 \u00a0 \u00a0 \u00a0 \u00a0 \u00a0 \u00a0La Direcci\u00f3n<\/div>\n","protected":false},"excerpt":{"rendered":"<p>Estimados padres y apoderados: Se les recuerda que este mi\u00e9rcoles 03 de julio 2024 es el \u00faltimo d\u00eda de clases del primer semestre para nuestras estudiantes, en donde tendremos clases normales en los primeros cuatro bloques, para luego realizar una jornada de reflexi\u00f3n al interior de cada curso. Recreos, desayuno y almuerzo Junaeb se entregar\u00e1n <a class=\"read-more\" href=\"https:\/\/www.cisa-arica.cl\/wp1\/2024\/07\/01\/termino-del-semestre\/\">Continuar leyendo<\/a><\/p>\n","protected":false},"author":5,"featured_media":25855,"comment_status":"closed","ping_status":"open","sticky":false,"template":"","format":"standard","meta":{"_jetpack_memberships_contains_paid_content":false,"footnotes":"","jetpack_publicize_message":"","jetpack_publicize_feature_enabled":true,"jetpack_social_post_already_shared":true,"jetpack_social_options":{"image_generator_settings":{"template":"highway","default_image_id":0,"font":"","enabled":false},"version":2}},"categories":[5],"tags":[],"class_list":["post-25854","post","type-post","status-publish","format-standard","has-post-thumbnail","hentry","category-uncategorized"],"jetpack_publicize_connections":[],"jetpack_featured_media_url":"https:\/\/www.cisa-arica.cl\/wp1\/wp-content\/uploads\/2024\/07\/65ccb2_3c02bc07f3ac4844b21cad4c45fc4291mv2.webp","jetpack_sharing_enabled":true,"jetpack_shortlink":"https:\/\/wp.me\/p84wcz-6J0","jetpack-related-posts":[{"id":26159,"url":"https:\/\/www.cisa-arica.cl\/wp1\/2024\/07\/23\/bienvenidos-al-segundo-semestre-2024-e-informativo\/","url_meta":{"origin":25854,"position":0},"title":"Bienvenidos al Segundo Semestre 2024 e Informativo","author":"Jeannette Rivera","date":"23 de Julio de 2024","format":false,"excerpt":"Estimadas estudiantes, padres y apoderados: Les damos la m\u00e1s cordial bienvenida a este segundo semestre lectivo, esperando que en este receso de vacaciones de invierno, hayan tenido un tiempo para descansar y reponer energ\u00edas, ya que en este per\u00edodo, tenemos varios desaf\u00edos que alcanzar y esperamos que todas las estudiantes\u2026","rel":"","context":"Entrada similar ","block_context":{"text":"Entrada similar ","link":""},"img":{"alt_text":"","src":"https:\/\/i0.wp.com\/www.cisa-arica.cl\/wp1\/wp-content\/uploads\/2024\/07\/klklkllklk-39.png?resize=350%2C200&ssl=1","width":350,"height":200,"srcset":"https:\/\/i0.wp.com\/www.cisa-arica.cl\/wp1\/wp-content\/uploads\/2024\/07\/klklkllklk-39.png?resize=350%2C200&ssl=1 1x, https:\/\/i0.wp.com\/www.cisa-arica.cl\/wp1\/wp-content\/uploads\/2024\/07\/klklkllklk-39.png?resize=525%2C300&ssl=1 1.5x, https:\/\/i0.wp.com\/www.cisa-arica.cl\/wp1\/wp-content\/uploads\/2024\/07\/klklkllklk-39.png?resize=700%2C400&ssl=1 2x, https:\/\/i0.wp.com\/www.cisa-arica.cl\/wp1\/wp-content\/uploads\/2024\/07\/klklkllklk-39.png?resize=1050%2C600&ssl=1 3x, https:\/\/i0.wp.com\/www.cisa-arica.cl\/wp1\/wp-content\/uploads\/2024\/07\/klklkllklk-39.png?resize=1400%2C800&ssl=1 4x"},"classes":[]},{"id":16612,"url":"https:\/\/www.cisa-arica.cl\/wp1\/2022\/06\/21\/borrador-automatico\/","url_meta":{"origin":25854,"position":1},"title":"Cierre del Primer Semestre","author":"Jeannette Rivera","date":"21 de Junio de 2022","format":false,"excerpt":"Estimados Apoderados:Junto con saludar y esperando se encuentren bien, comunicamos a ustedes que el Ministerio de Educaci\u00f3n como medida sanitaria ha dispuesto ampliar el periodo de vacaciones de invierno, siendo el \u00faltimo d\u00eda de clases el mi\u00e9rcoles 29 de junio y con retorno el lunes 25 de julio.Como colegio se\u2026","rel":"","context":"Entrada similar ","block_context":{"text":"Entrada similar ","link":""},"img":{"alt_text":"","src":"https:\/\/i0.wp.com\/www.cisa-arica.cl\/wp1\/wp-content\/uploads\/2022\/06\/WhatsApp-Image-2022-06-03-at-9.39.53-PM-1.jpeg?resize=350%2C200&ssl=1","width":350,"height":200,"srcset":"https:\/\/i0.wp.com\/www.cisa-arica.cl\/wp1\/wp-content\/uploads\/2022\/06\/WhatsApp-Image-2022-06-03-at-9.39.53-PM-1.jpeg?resize=350%2C200&ssl=1 1x, https:\/\/i0.wp.com\/www.cisa-arica.cl\/wp1\/wp-content\/uploads\/2022\/06\/WhatsApp-Image-2022-06-03-at-9.39.53-PM-1.jpeg?resize=525%2C300&ssl=1 1.5x, https:\/\/i0.wp.com\/www.cisa-arica.cl\/wp1\/wp-content\/uploads\/2022\/06\/WhatsApp-Image-2022-06-03-at-9.39.53-PM-1.jpeg?resize=700%2C400&ssl=1 2x"},"classes":[]},{"id":28597,"url":"https:\/\/www.cisa-arica.cl\/wp1\/2025\/07\/19\/retorno-a-clases-21-de-julio\/","url_meta":{"origin":25854,"position":2},"title":"Retorno a Clases 21 de Julio","author":"Jeannette Rivera","date":"19 de Julio de 2025","format":false,"excerpt":"Estimado(a) Apoderado(a) Reciba usted un cordial saludo. A la espera que hayan disfrutado de este merecido descanso de invierno, informo a usted que retomamos las clases este lunes 21 de julio 2025 en horario normal. Se han modificado los lugares de ingreso y salida de las estudiantes quedando de la\u2026","rel":"","context":"En &quot;CISA&quot;","block_context":{"text":"CISA","link":"https:\/\/www.cisa-arica.cl\/wp1\/category\/cisa\/"},"img":{"alt_text":"","src":"https:\/\/i0.wp.com\/www.cisa-arica.cl\/wp1\/wp-content\/uploads\/2025\/07\/IMG_5399.webp?resize=350%2C200&ssl=1","width":350,"height":200,"srcset":"https:\/\/i0.wp.com\/www.cisa-arica.cl\/wp1\/wp-content\/uploads\/2025\/07\/IMG_5399.webp?resize=350%2C200&ssl=1 1x, https:\/\/i0.wp.com\/www.cisa-arica.cl\/wp1\/wp-content\/uploads\/2025\/07\/IMG_5399.webp?resize=525%2C300&ssl=1 1.5x, https:\/\/i0.wp.com\/www.cisa-arica.cl\/wp1\/wp-content\/uploads\/2025\/07\/IMG_5399.webp?resize=700%2C400&ssl=1 2x, https:\/\/i0.wp.com\/www.cisa-arica.cl\/wp1\/wp-content\/uploads\/2025\/07\/IMG_5399.webp?resize=1050%2C600&ssl=1 3x, https:\/\/i0.wp.com\/www.cisa-arica.cl\/wp1\/wp-content\/uploads\/2025\/07\/IMG_5399.webp?resize=1400%2C800&ssl=1 4x"},"classes":[]},{"id":21180,"url":"https:\/\/www.cisa-arica.cl\/wp1\/2023\/07\/16\/informativo-reingreso-a-clases\/","url_meta":{"origin":25854,"position":3},"title":"INFORMATIVO REINGRESO A CLASES","author":"Jeannette Rivera","date":"16 de Julio de 2023","format":false,"excerpt":"Estimada Comunidad: Esperando que estas dos semana hayan sido de recuperaci\u00f3n de energ\u00eda y un merecido descanso, informamos lo siguiente en relaci\u00f3n al reingreso a clases: -Ma\u00f1ana lunes 17 de julio, es el reingreso oficial a las clases en nuestro colegio. -Los horarios de entrada y salida en los diferentes\u2026","rel":"","context":"Entrada similar ","block_context":{"text":"Entrada similar ","link":""},"img":{"alt_text":"","src":"","width":0,"height":0},"classes":[]},{"id":16810,"url":"https:\/\/www.cisa-arica.cl\/wp1\/2022\/07\/26\/de-regreso-al-colegio\/","url_meta":{"origin":25854,"position":4},"title":"De regreso al colegio","author":"Jeannette Rivera","date":"26 de Julio de 2022","format":false,"excerpt":"Este Lunes 25 de julio se retorn\u00f3 al colegio y las estudiantes fueron recibidas con la alegr\u00eda de siempre por todo el personal del Colegio Italiano santa Ana. En el primer bloque cada curso estuvo con su respectiva jefatura y luego las clases fueron retomadas en forma normal de acuerdo\u2026","rel":"","context":"Entrada similar ","block_context":{"text":"Entrada similar ","link":""},"img":{"alt_text":"","src":"https:\/\/i0.wp.com\/www.cisa-arica.cl\/wp1\/wp-content\/uploads\/2022\/07\/WhatsApp-Image-2022-07-26-at-8.24.46-PM-5.jpeg?resize=350%2C200&ssl=1","width":350,"height":200,"srcset":"https:\/\/i0.wp.com\/www.cisa-arica.cl\/wp1\/wp-content\/uploads\/2022\/07\/WhatsApp-Image-2022-07-26-at-8.24.46-PM-5.jpeg?resize=350%2C200&ssl=1 1x, https:\/\/i0.wp.com\/www.cisa-arica.cl\/wp1\/wp-content\/uploads\/2022\/07\/WhatsApp-Image-2022-07-26-at-8.24.46-PM-5.jpeg?resize=525%2C300&ssl=1 1.5x, https:\/\/i0.wp.com\/www.cisa-arica.cl\/wp1\/wp-content\/uploads\/2022\/07\/WhatsApp-Image-2022-07-26-at-8.24.46-PM-5.jpeg?resize=700%2C400&ssl=1 2x"},"classes":[]},{"id":19278,"url":"https:\/\/www.cisa-arica.cl\/wp1\/2023\/02\/28\/entradas-y-salidas-de-clases-2023\/","url_meta":{"origin":25854,"position":5},"title":"ENTRADAS Y SALIDAS DE CLASES 2023","author":"Jeannette Rivera","date":"28 de Febrero de 2023","format":false,"excerpt":"Estimados padres y apoderados: Le damos una cordial bienvenida esperando que en estas vacaciones hayan renovado su energ\u00eda para comenzar un nuevo a\u00f1o escolar junto a nuestra comunidad escolar Colegio Italiano Santa Ana. Las clases, oficialmente, comienzan este viernes 03 de marzo y los horarios de entrada y salida son\u2026","rel":"","context":"Entrada similar ","block_context":{"text":"Entrada similar ","link":""},"img":{"alt_text":"","src":"https:\/\/i0.wp.com\/www.cisa-arica.cl\/wp1\/wp-content\/uploads\/2022\/11\/DSC0963_tonemapped.jpg?resize=350%2C200&ssl=1","width":350,"height":200,"srcset":"https:\/\/i0.wp.com\/www.cisa-arica.cl\/wp1\/wp-content\/uploads\/2022\/11\/DSC0963_tonemapped.jpg?resize=350%2C200&ssl=1 1x, https:\/\/i0.wp.com\/www.cisa-arica.cl\/wp1\/wp-content\/uploads\/2022\/11\/DSC0963_tonemapped.jpg?resize=525%2C300&ssl=1 1.5x, https:\/\/i0.wp.com\/www.cisa-arica.cl\/wp1\/wp-content\/uploads\/2022\/11\/DSC0963_tonemapped.jpg?resize=700%2C400&ssl=1 2x, https:\/\/i0.wp.com\/www.cisa-arica.cl\/wp1\/wp-content\/uploads\/2022\/11\/DSC0963_tonemapped.jpg?resize=1050%2C600&ssl=1 3x, https:\/\/i0.wp.com\/www.cisa-arica.cl\/wp1\/wp-content\/uploads\/2022\/11\/DSC0963_tonemapped.jpg?resize=1400%2C800&ssl=1 4x"},"classes":[]}],"_links":{"self":[{"href":"https:\/\/www.cisa-arica.cl\/wp1\/wp-json\/wp\/v2\/posts\/25854","targetHints":{"allow":["GET"]}}],"collection":[{"href":"https:\/\/www.cisa-arica.cl\/wp1\/wp-json\/wp\/v2\/posts"}],"about":[{"href":"https:\/\/www.cisa-arica.cl\/wp1\/wp-json\/wp\/v2\/types\/post"}],"author":[{"embeddable":true,"href":"https:\/\/www.cisa-arica.cl\/wp1\/wp-json\/wp\/v2\/users\/5"}],"replies":[{"embeddable":true,"href":"https:\/\/www.cisa-arica.cl\/wp1\/wp-json\/wp\/v2\/comments?post=25854"}],"version-history":[{"count":1,"href":"https:\/\/www.cisa-arica.cl\/wp1\/wp-json\/wp\/v2\/posts\/25854\/revisions"}],"predecessor-version":[{"id":25856,"href":"https:\/\/www.cisa-arica.cl\/wp1\/wp-json\/wp\/v2\/posts\/25854\/revisions\/25856"}],"wp:featuredmedia":[{"embeddable":true,"href":"https:\/\/www.cisa-arica.cl\/wp1\/wp-json\/wp\/v2\/media\/25855"}],"wp:attachment":[{"href":"https:\/\/www.cisa-arica.cl\/wp1\/wp-json\/wp\/v2\/media?parent=25854"}],"wp:term":[{"taxonomy":"category","embeddable":true,"href":"https:\/\/www.cisa-arica.cl\/wp1\/wp-json\/wp\/v2\/categories?post=25854"},{"taxonomy":"post_tag","embeddable":true,"href":"https:\/\/www.cisa-arica.cl\/wp1\/wp-json\/wp\/v2\/tags?post=25854"}],"curies":[{"name":"wp","href":"https:\/\/api.w.org\/{rel}","templated":true}]}}