{"id":25835,"date":"2024-06-25T12:43:59","date_gmt":"2024-06-25T16:43:59","guid":{"rendered":"https:\/\/www.cisa-arica.cl\/wp1\/?p=25835"},"modified":"2024-06-25T17:40:41","modified_gmt":"2024-06-25T21:40:41","slug":"finalizacion-de-academias-primer-semestre","status":"publish","type":"post","link":"https:\/\/www.cisa-arica.cl\/wp1\/2024\/06\/25\/finalizacion-de-academias-primer-semestre\/","title":{"rendered":"Finalizaci\u00f3n de Academias Primer Semestre"},"content":{"rendered":"<p>Se comunica a la Comunidad Educativa que <b>TODAS LAS ACADEMIAS<\/b> finalizan esta semana (viernes 28\/06), por el per\u00edodo del primer semestre.<\/p>\n<p>La academia de <b>BALONCESTO ED.\u00a0<u>MEDIA<\/u><\/b><u>\u00a0<\/u>ser\u00e1 suspendida por este\u00a0<b>jueves 28\/06<\/b>\u00a0debido a que la Profesora Lidia debe participar de la Reuni\u00f3n de Apoderados.<\/p>\n<p>La Academia de Rositas, NO funcionar\u00e1 este viernes 28 por motivo de salud de la profesora.<\/p>\n<div class=\"gmail_default\">\u00a0 \u00a0 \u00a0Todas las academia se retomar\u00e1n al regreso del per\u00edodo de vacaciones de Invierno el cual ser\u00e1 el d\u00eda <b>lunes 22 de julio 2024<\/b>.<\/div>\n<div>\u00a0 \u00a0 \u00a0Atentamente<\/div>\n<div><\/div>\n<div>\u00a0 \u00a0 \u00a0 \u00a0 \u00a0 \u00a0 \u00a0 \u00a0 \u00a0 \u00a0 \u00a0 \u00a0 \u00a0 \u00a0 \u00a0 \u00a0La Direcci\u00f3n<\/div>\n","protected":false},"excerpt":{"rendered":"<p>Se comunica a la Comunidad Educativa que TODAS LAS ACADEMIAS finalizan esta semana (viernes 28\/06), por el per\u00edodo del primer semestre. La academia de BALONCESTO ED.\u00a0MEDIA\u00a0ser\u00e1 suspendida por este\u00a0jueves 28\/06\u00a0debido a que la Profesora Lidia debe participar de la Reuni\u00f3n de Apoderados. La Academia de Rositas, NO funcionar\u00e1 este viernes 28 por motivo de salud <a class=\"read-more\" href=\"https:\/\/www.cisa-arica.cl\/wp1\/2024\/06\/25\/finalizacion-de-academias-primer-semestre\/\">Continuar leyendo<\/a><\/p>\n","protected":false},"author":5,"featured_media":22986,"comment_status":"closed","ping_status":"open","sticky":false,"template":"","format":"standard","meta":{"_jetpack_memberships_contains_paid_content":false,"footnotes":"","jetpack_publicize_message":"","jetpack_publicize_feature_enabled":true,"jetpack_social_post_already_shared":true,"jetpack_social_options":{"image_generator_settings":{"template":"highway","default_image_id":0,"font":"","enabled":false},"version":2}},"categories":[5],"tags":[],"class_list":["post-25835","post","type-post","status-publish","format-standard","has-post-thumbnail","hentry","category-uncategorized"],"jetpack_publicize_connections":[],"jetpack_featured_media_url":"https:\/\/www.cisa-arica.cl\/wp1\/wp-content\/uploads\/2023\/11\/IMG_3804-scaled.jpg","jetpack_sharing_enabled":true,"jetpack_shortlink":"https:\/\/wp.me\/p84wcz-6IH","jetpack-related-posts":[{"id":26949,"url":"https:\/\/www.cisa-arica.cl\/wp1\/2024\/10\/17\/informacion-de-academias\/","url_meta":{"origin":25835,"position":0},"title":"Informaci\u00f3n de Academias","author":"Jeannette Rivera","date":"17 de Octubre de 2024","format":false,"excerpt":"Se informa la suspensi\u00f3n de las siguientes academias: ACADEMIA: JUNIOR DANCE TEAM CISA PROFESORA: CLAUDIA RINGELING SE SUSPENDE EL D\u00cdA VIERNES 18 DE OCTUBRE. MOTIVO: ENFERMEDAD DE LA PROFESORA. \u00a0 ACADEMIA: EXPLORANDO EL COSMOS PROFESOR: EDUARDO ROCO SE SUSPENDE EL D\u00cdA VIERNES 18 DE OCTUBRE MOTIVO: FERIA CIENT\u00cdFICA Las academias\u2026","rel":"","context":"Entrada similar ","block_context":{"text":"Entrada similar ","link":""},"img":{"alt_text":"","src":"https:\/\/i0.wp.com\/www.cisa-arica.cl\/wp1\/wp-content\/uploads\/2024\/10\/Suspension-de-Academias.png?resize=350%2C200&ssl=1","width":350,"height":200,"srcset":"https:\/\/i0.wp.com\/www.cisa-arica.cl\/wp1\/wp-content\/uploads\/2024\/10\/Suspension-de-Academias.png?resize=350%2C200&ssl=1 1x, https:\/\/i0.wp.com\/www.cisa-arica.cl\/wp1\/wp-content\/uploads\/2024\/10\/Suspension-de-Academias.png?resize=525%2C300&ssl=1 1.5x, https:\/\/i0.wp.com\/www.cisa-arica.cl\/wp1\/wp-content\/uploads\/2024\/10\/Suspension-de-Academias.png?resize=700%2C400&ssl=1 2x, https:\/\/i0.wp.com\/www.cisa-arica.cl\/wp1\/wp-content\/uploads\/2024\/10\/Suspension-de-Academias.png?resize=1050%2C600&ssl=1 3x, https:\/\/i0.wp.com\/www.cisa-arica.cl\/wp1\/wp-content\/uploads\/2024\/10\/Suspension-de-Academias.png?resize=1400%2C800&ssl=1 4x"},"classes":[]},{"id":26159,"url":"https:\/\/www.cisa-arica.cl\/wp1\/2024\/07\/23\/bienvenidos-al-segundo-semestre-2024-e-informativo\/","url_meta":{"origin":25835,"position":1},"title":"Bienvenidos al Segundo Semestre 2024 e Informativo","author":"Jeannette Rivera","date":"23 de Julio de 2024","format":false,"excerpt":"Estimadas estudiantes, padres y apoderados: Les damos la m\u00e1s cordial bienvenida a este segundo semestre lectivo, esperando que en este receso de vacaciones de invierno, hayan tenido un tiempo para descansar y reponer energ\u00edas, ya que en este per\u00edodo, tenemos varios desaf\u00edos que alcanzar y esperamos que todas las estudiantes\u2026","rel":"","context":"Entrada similar ","block_context":{"text":"Entrada similar ","link":""},"img":{"alt_text":"","src":"https:\/\/i0.wp.com\/www.cisa-arica.cl\/wp1\/wp-content\/uploads\/2024\/07\/klklkllklk-39.png?resize=350%2C200&ssl=1","width":350,"height":200,"srcset":"https:\/\/i0.wp.com\/www.cisa-arica.cl\/wp1\/wp-content\/uploads\/2024\/07\/klklkllklk-39.png?resize=350%2C200&ssl=1 1x, https:\/\/i0.wp.com\/www.cisa-arica.cl\/wp1\/wp-content\/uploads\/2024\/07\/klklkllklk-39.png?resize=525%2C300&ssl=1 1.5x, https:\/\/i0.wp.com\/www.cisa-arica.cl\/wp1\/wp-content\/uploads\/2024\/07\/klklkllklk-39.png?resize=700%2C400&ssl=1 2x, https:\/\/i0.wp.com\/www.cisa-arica.cl\/wp1\/wp-content\/uploads\/2024\/07\/klklkllklk-39.png?resize=1050%2C600&ssl=1 3x, https:\/\/i0.wp.com\/www.cisa-arica.cl\/wp1\/wp-content\/uploads\/2024\/07\/klklkllklk-39.png?resize=1400%2C800&ssl=1 4x"},"classes":[]},{"id":29025,"url":"https:\/\/www.cisa-arica.cl\/wp1\/2025\/09\/30\/suspension-de-academias-de-voleibol-y-basquetbol\/","url_meta":{"origin":25835,"position":2},"title":"Suspensi\u00f3n de Academias de Voleibol y Basquetbol","author":"Jeannette Rivera","date":"30 de Septiembre de 2025","format":false,"excerpt":"Comunico a usted que por motivos de fuerza mayor, se suspenden las siguientes academias en esta semana: MI\u00c9RCOLES 01 Y VIERNES 03 DE OCTUBRE SE SUSPENDE ACADEMIA DE V\u00d3LEIBOL MEDIA de la profesora SOF\u00cdA ORT\u00daZAR JUEVES 02 DE OCTUBRE SE SUSPENDE ACADEMIA DE B\u00c1SQUETBOL B\u00c1SICA Y MEDIA de la profesora\u2026","rel":"","context":"Entrada similar ","block_context":{"text":"Entrada similar ","link":""},"img":{"alt_text":"","src":"","width":0,"height":0},"classes":[]},{"id":29128,"url":"https:\/\/www.cisa-arica.cl\/wp1\/2025\/11\/18\/invitacion-gala-de-cierre\/","url_meta":{"origin":25835,"position":3},"title":"Invitaci\u00f3n Gala de Cierre","author":"Jeannette Rivera","date":"18 de Noviembre de 2025","format":false,"excerpt":"Colegio Italiano Santa Ana tiene el agrado de invitar a las familias de la Unidad Educativa a la GALA DE FINALIZACI\u00d3N DE ACADEMIAS, a realizarse el d\u00eda viernes 21 de noviembre a las 17.30 hrs. en primera citaci\u00f3n, para comenzar a las 18.00 hrs. en punto. Cada \u00a0profesora y\/o profesor\u2026","rel":"","context":"Entrada similar ","block_context":{"text":"Entrada similar ","link":""},"img":{"alt_text":"","src":"https:\/\/i0.wp.com\/www.cisa-arica.cl\/wp1\/wp-content\/uploads\/2025\/11\/IMG_6896.jpeg?resize=350%2C200&ssl=1","width":350,"height":200,"srcset":"https:\/\/i0.wp.com\/www.cisa-arica.cl\/wp1\/wp-content\/uploads\/2025\/11\/IMG_6896.jpeg?resize=350%2C200&ssl=1 1x, https:\/\/i0.wp.com\/www.cisa-arica.cl\/wp1\/wp-content\/uploads\/2025\/11\/IMG_6896.jpeg?resize=525%2C300&ssl=1 1.5x, https:\/\/i0.wp.com\/www.cisa-arica.cl\/wp1\/wp-content\/uploads\/2025\/11\/IMG_6896.jpeg?resize=700%2C400&ssl=1 2x, https:\/\/i0.wp.com\/www.cisa-arica.cl\/wp1\/wp-content\/uploads\/2025\/11\/IMG_6896.jpeg?resize=1050%2C600&ssl=1 3x"},"classes":[]},{"id":16768,"url":"https:\/\/www.cisa-arica.cl\/wp1\/2022\/06\/27\/actividades-de-academia-rosita\/","url_meta":{"origin":25835,"position":4},"title":"Actividades de Academia &#8220;Rosita&#8221;","author":"Jeannette Rivera","date":"27 de Junio de 2022","format":false,"excerpt":"Una serie de actividades en el semestre han realizado las estudiantes que participan en la Academia de Rosita a cargo de la profesora Carola Ram\u00edrez.\u00a0 El pasado viernes 24, las estudiantes tuvieron una actividad de cierre en la parcela de la Congregaci\u00f3n, donde disfrutaron de una tarde con oraci\u00f3n y\u2026","rel":"","context":"Entrada similar ","block_context":{"text":"Entrada similar ","link":""},"img":{"alt_text":"","src":"https:\/\/i0.wp.com\/www.cisa-arica.cl\/wp1\/wp-content\/uploads\/2022\/06\/WhatsApp-Image-2022-06-25-at-2.37.43-PM-2.jpeg?resize=350%2C200&ssl=1","width":350,"height":200,"srcset":"https:\/\/i0.wp.com\/www.cisa-arica.cl\/wp1\/wp-content\/uploads\/2022\/06\/WhatsApp-Image-2022-06-25-at-2.37.43-PM-2.jpeg?resize=350%2C200&ssl=1 1x, https:\/\/i0.wp.com\/www.cisa-arica.cl\/wp1\/wp-content\/uploads\/2022\/06\/WhatsApp-Image-2022-06-25-at-2.37.43-PM-2.jpeg?resize=525%2C300&ssl=1 1.5x, https:\/\/i0.wp.com\/www.cisa-arica.cl\/wp1\/wp-content\/uploads\/2022\/06\/WhatsApp-Image-2022-06-25-at-2.37.43-PM-2.jpeg?resize=700%2C400&ssl=1 2x, https:\/\/i0.wp.com\/www.cisa-arica.cl\/wp1\/wp-content\/uploads\/2022\/06\/WhatsApp-Image-2022-06-25-at-2.37.43-PM-2.jpeg?resize=1050%2C600&ssl=1 3x"},"classes":[]},{"id":8804,"url":"https:\/\/www.cisa-arica.cl\/wp1\/2019\/08\/28\/inicio-nueva-academia-coro-liturgico\/","url_meta":{"origin":25835,"position":5},"title":"Inicio academia &#8220;Coro Lit\u00fargico&#8221;","author":"Jeannette Rivera","date":"28 de Agosto de 2019","format":false,"excerpt":"Este martes 27 de Agosto se dio inicio a la academia \"Coro Lit\u00fargico\", a cargo de la profesora de religi\u00f3n Catherine Canario. Felices por la asistencia y acogida de las alumnas ya comenzaron a ensayar y preparar los cantos de lo que ser\u00e1 nuestra Misa a la chilena \ud83c\udde8\ud83c\uddf1 el\u2026","rel":"","context":"En &quot;Academias CISA&quot;","block_context":{"text":"Academias CISA","link":"https:\/\/www.cisa-arica.cl\/wp1\/category\/academias-cisa\/"},"img":{"alt_text":"","src":"https:\/\/i0.wp.com\/www.cisa-arica.cl\/wp1\/wp-content\/uploads\/2019\/08\/aab-2.jpeg?resize=350%2C200&ssl=1","width":350,"height":200,"srcset":"https:\/\/i0.wp.com\/www.cisa-arica.cl\/wp1\/wp-content\/uploads\/2019\/08\/aab-2.jpeg?resize=350%2C200&ssl=1 1x, https:\/\/i0.wp.com\/www.cisa-arica.cl\/wp1\/wp-content\/uploads\/2019\/08\/aab-2.jpeg?resize=525%2C300&ssl=1 1.5x, https:\/\/i0.wp.com\/www.cisa-arica.cl\/wp1\/wp-content\/uploads\/2019\/08\/aab-2.jpeg?resize=700%2C400&ssl=1 2x, https:\/\/i0.wp.com\/www.cisa-arica.cl\/wp1\/wp-content\/uploads\/2019\/08\/aab-2.jpeg?resize=1050%2C600&ssl=1 3x"},"classes":[]}],"_links":{"self":[{"href":"https:\/\/www.cisa-arica.cl\/wp1\/wp-json\/wp\/v2\/posts\/25835","targetHints":{"allow":["GET"]}}],"collection":[{"href":"https:\/\/www.cisa-arica.cl\/wp1\/wp-json\/wp\/v2\/posts"}],"about":[{"href":"https:\/\/www.cisa-arica.cl\/wp1\/wp-json\/wp\/v2\/types\/post"}],"author":[{"embeddable":true,"href":"https:\/\/www.cisa-arica.cl\/wp1\/wp-json\/wp\/v2\/users\/5"}],"replies":[{"embeddable":true,"href":"https:\/\/www.cisa-arica.cl\/wp1\/wp-json\/wp\/v2\/comments?post=25835"}],"version-history":[{"count":4,"href":"https:\/\/www.cisa-arica.cl\/wp1\/wp-json\/wp\/v2\/posts\/25835\/revisions"}],"predecessor-version":[{"id":25843,"href":"https:\/\/www.cisa-arica.cl\/wp1\/wp-json\/wp\/v2\/posts\/25835\/revisions\/25843"}],"wp:featuredmedia":[{"embeddable":true,"href":"https:\/\/www.cisa-arica.cl\/wp1\/wp-json\/wp\/v2\/media\/22986"}],"wp:attachment":[{"href":"https:\/\/www.cisa-arica.cl\/wp1\/wp-json\/wp\/v2\/media?parent=25835"}],"wp:term":[{"taxonomy":"category","embeddable":true,"href":"https:\/\/www.cisa-arica.cl\/wp1\/wp-json\/wp\/v2\/categories?post=25835"},{"taxonomy":"post_tag","embeddable":true,"href":"https:\/\/www.cisa-arica.cl\/wp1\/wp-json\/wp\/v2\/tags?post=25835"}],"curies":[{"name":"wp","href":"https:\/\/api.w.org\/{rel}","templated":true}]}}