{"id":25807,"date":"2024-06-10T18:18:42","date_gmt":"2024-06-10T22:18:42","guid":{"rendered":"https:\/\/www.cisa-arica.cl\/wp1\/?p=25807"},"modified":"2024-06-19T18:22:35","modified_gmt":"2024-06-19T22:22:35","slug":"conmemoracion-7-de-junio-y-aniversario-de-la-provincia-sor-ana-del-salvatore-orsi","status":"publish","type":"post","link":"https:\/\/www.cisa-arica.cl\/wp1\/2024\/06\/10\/conmemoracion-7-de-junio-y-aniversario-de-la-provincia-sor-ana-del-salvatore-orsi\/","title":{"rendered":"Conmemoraci\u00f3n 7 de Junio y Aniversario de la Provincia Sor Ana del Salvatore Orsi"},"content":{"rendered":"<p>Los Octavos a\u00f1os b\u00e1sicos junto a sus respectivos profesores jefes Samuel Parra y Michael V\u00e9liz, fueron los organizadores de este acto tan significativo para nuestra ciudad como es la Conmemoraci\u00f3n del 7 de Junio y la celebraci\u00f3n de un nuevo aniversario de la Provincia Chile -Per\u00fa de Sor Ana de Salvatore Orsi.\u00a0 En la oportunidad, la comunidad escolar fue part\u00edcipe de ambas efem\u00e9rides con un acto en donde qued\u00f3 de manifiesto los lazos que unen a ambos pa\u00edses pese a los conflictos de anta\u00f1o.<\/p>\n\n\n<div class=\"wp-block-jetpack-tiled-gallery aligncenter is-style-rectangular\"><div class=\"tiled-gallery__gallery\"><div class=\"tiled-gallery__row\"><div class=\"tiled-gallery__col\" style=\"flex-basis:66.75534%\"><figure class=\"tiled-gallery__item\"><img decoding=\"async\" data-attachment-id=\"25809\" data-permalink=\"https:\/\/www.cisa-arica.cl\/wp1\/2024\/06\/10\/conmemoracion-7-de-junio-y-aniversario-de-la-provincia-sor-ana-del-salvatore-orsi\/img_3296\/\" data-orig-file=\"https:\/\/www.cisa-arica.cl\/wp1\/wp-content\/uploads\/2024\/06\/IMG_3296.jpg\" data-orig-size=\"2048,1365\" data-comments-opened=\"0\" data-image-meta=\"{&quot;aperture&quot;:&quot;1.4&quot;,&quot;credit&quot;:&quot;Mahadeva Das&quot;,&quot;camera&quot;:&quot;Canon EOS 60D&quot;,&quot;caption&quot;:&quot;&quot;,&quot;created_timestamp&quot;:&quot;1717677550&quot;,&quot;copyright&quot;:&quot;osomahadev@hotmail.com         Funkerrante@Gmail.com&quot;,&quot;focal_length&quot;:&quot;50&quot;,&quot;iso&quot;:&quot;320&quot;,&quot;shutter_speed&quot;:&quot;0.0015625&quot;,&quot;title&quot;:&quot;&quot;,&quot;orientation&quot;:&quot;0&quot;}\" data-image-title=\"IMG_3296\" data-image-description=\"\" data-image-caption=\"\" data-large-file=\"https:\/\/www.cisa-arica.cl\/wp1\/wp-content\/uploads\/2024\/06\/IMG_3296-600x400.jpg\" data-attachment-id=\"25809\" data-permalink=\"https:\/\/www.cisa-arica.cl\/wp1\/2024\/06\/10\/conmemoracion-7-de-junio-y-aniversario-de-la-provincia-sor-ana-del-salvatore-orsi\/img_3296\/\" data-orig-file=\"https:\/\/www.cisa-arica.cl\/wp1\/wp-content\/uploads\/2024\/06\/IMG_3296.jpg\" data-orig-size=\"2048,1365\" data-comments-opened=\"0\" data-image-meta=\"{&quot;aperture&quot;:&quot;1.4&quot;,&quot;credit&quot;:&quot;Mahadeva Das&quot;,&quot;camera&quot;:&quot;Canon EOS 60D&quot;,&quot;caption&quot;:&quot;&quot;,&quot;created_timestamp&quot;:&quot;1717677550&quot;,&quot;copyright&quot;:&quot;osomahadev@hotmail.com         Funkerrante@Gmail.com&quot;,&quot;focal_length&quot;:&quot;50&quot;,&quot;iso&quot;:&quot;320&quot;,&quot;shutter_speed&quot;:&quot;0.0015625&quot;,&quot;title&quot;:&quot;&quot;,&quot;orientation&quot;:&quot;0&quot;}\" data-image-title=\"IMG_3296\" data-image-description=\"\" data-image-caption=\"\" data-large-file=\"https:\/\/www.cisa-arica.cl\/wp1\/wp-content\/uploads\/2024\/06\/IMG_3296-600x400.jpg\" role=\"button\" tabindex=\"0\" aria-label=\"Abrir la imagen 1 de 25 en pantalla completa\"srcset=\"https:\/\/i0.wp.com\/www.cisa-arica.cl\/wp1\/wp-content\/uploads\/2024\/06\/IMG_3296-600x400.jpg?strip=info&#038;w=600&#038;ssl=1 600w,https:\/\/i0.wp.com\/www.cisa-arica.cl\/wp1\/wp-content\/uploads\/2024\/06\/IMG_3296-600x400.jpg?strip=info&#038;w=900&#038;ssl=1 900w,https:\/\/i0.wp.com\/www.cisa-arica.cl\/wp1\/wp-content\/uploads\/2024\/06\/IMG_3296-600x400.jpg?strip=info&#038;w=1200&#038;ssl=1 1200w,https:\/\/i0.wp.com\/www.cisa-arica.cl\/wp1\/wp-content\/uploads\/2024\/06\/IMG_3296-600x400.jpg?strip=info&#038;w=1500&#038;ssl=1 1500w,https:\/\/i0.wp.com\/www.cisa-arica.cl\/wp1\/wp-content\/uploads\/2024\/06\/IMG_3296-600x400.jpg?strip=info&#038;w=1800&#038;ssl=1 1800w,https:\/\/i0.wp.com\/www.cisa-arica.cl\/wp1\/wp-content\/uploads\/2024\/06\/IMG_3296-600x400.jpg?strip=info&#038;w=2000&#038;ssl=1 2000w\" alt=\"\" data-height=\"1365\" data-id=\"25809\" data-link=\"https:\/\/www.cisa-arica.cl\/wp1\/?attachment_id=25809\" data-url=\"https:\/\/www.cisa-arica.cl\/wp1\/wp-content\/uploads\/2024\/06\/IMG_3296-600x400.jpg\" data-width=\"2048\" src=\"https:\/\/i0.wp.com\/www.cisa-arica.cl\/wp1\/wp-content\/uploads\/2024\/06\/IMG_3296-600x400.jpg?ssl=1\" data-amp-layout=\"responsive\"\/><\/figure><\/div><div class=\"tiled-gallery__col\" style=\"flex-basis:33.24466%\"><figure class=\"tiled-gallery__item\"><img decoding=\"async\" data-attachment-id=\"25810\" data-permalink=\"https:\/\/www.cisa-arica.cl\/wp1\/2024\/06\/10\/conmemoracion-7-de-junio-y-aniversario-de-la-provincia-sor-ana-del-salvatore-orsi\/img_3300\/\" data-orig-file=\"https:\/\/www.cisa-arica.cl\/wp1\/wp-content\/uploads\/2024\/06\/IMG_3300-e1719352740982.jpg\" data-orig-size=\"668,445\" data-comments-opened=\"0\" data-image-meta=\"{&quot;aperture&quot;:&quot;1.4&quot;,&quot;credit&quot;:&quot;Mahadeva Das&quot;,&quot;camera&quot;:&quot;Canon EOS 60D&quot;,&quot;caption&quot;:&quot;&quot;,&quot;created_timestamp&quot;:&quot;1717677632&quot;,&quot;copyright&quot;:&quot;osomahadev@hotmail.com         Funkerrante@Gmail.com&quot;,&quot;focal_length&quot;:&quot;50&quot;,&quot;iso&quot;:&quot;320&quot;,&quot;shutter_speed&quot;:&quot;0.001&quot;,&quot;title&quot;:&quot;&quot;,&quot;orientation&quot;:&quot;0&quot;}\" data-image-title=\"IMG_3300\" data-image-description=\"\" data-image-caption=\"\" data-large-file=\"https:\/\/www.cisa-arica.cl\/wp1\/wp-content\/uploads\/2024\/06\/IMG_3300-e1719352740982-600x400.jpg\" data-attachment-id=\"25810\" data-permalink=\"https:\/\/www.cisa-arica.cl\/wp1\/2024\/06\/10\/conmemoracion-7-de-junio-y-aniversario-de-la-provincia-sor-ana-del-salvatore-orsi\/img_3300\/\" data-orig-file=\"https:\/\/www.cisa-arica.cl\/wp1\/wp-content\/uploads\/2024\/06\/IMG_3300-e1719352740982.jpg\" data-orig-size=\"668,445\" data-comments-opened=\"0\" data-image-meta=\"{&quot;aperture&quot;:&quot;1.4&quot;,&quot;credit&quot;:&quot;Mahadeva Das&quot;,&quot;camera&quot;:&quot;Canon EOS 60D&quot;,&quot;caption&quot;:&quot;&quot;,&quot;created_timestamp&quot;:&quot;1717677632&quot;,&quot;copyright&quot;:&quot;osomahadev@hotmail.com         Funkerrante@Gmail.com&quot;,&quot;focal_length&quot;:&quot;50&quot;,&quot;iso&quot;:&quot;320&quot;,&quot;shutter_speed&quot;:&quot;0.001&quot;,&quot;title&quot;:&quot;&quot;,&quot;orientation&quot;:&quot;0&quot;}\" data-image-title=\"IMG_3300\" data-image-description=\"\" data-image-caption=\"\" data-large-file=\"https:\/\/www.cisa-arica.cl\/wp1\/wp-content\/uploads\/2024\/06\/IMG_3300-e1719352740982-600x400.jpg\" role=\"button\" tabindex=\"0\" aria-label=\"Abrir la imagen 2 de 25 en pantalla completa\"srcset=\"https:\/\/i1.wp.com\/www.cisa-arica.cl\/wp1\/wp-content\/uploads\/2024\/06\/IMG_3300-600x400.jpg?strip=info&#038;w=600&#038;ssl=1 600w,https:\/\/i1.wp.com\/www.cisa-arica.cl\/wp1\/wp-content\/uploads\/2024\/06\/IMG_3300-600x400.jpg?strip=info&#038;w=900&#038;ssl=1 900w,https:\/\/i1.wp.com\/www.cisa-arica.cl\/wp1\/wp-content\/uploads\/2024\/06\/IMG_3300-600x400.jpg?strip=info&#038;w=1200&#038;ssl=1 1200w,https:\/\/i1.wp.com\/www.cisa-arica.cl\/wp1\/wp-content\/uploads\/2024\/06\/IMG_3300-600x400.jpg?strip=info&#038;w=1500&#038;ssl=1 1500w,https:\/\/i1.wp.com\/www.cisa-arica.cl\/wp1\/wp-content\/uploads\/2024\/06\/IMG_3300-600x400.jpg?strip=info&#038;w=1800&#038;ssl=1 1800w,https:\/\/i1.wp.com\/www.cisa-arica.cl\/wp1\/wp-content\/uploads\/2024\/06\/IMG_3300-600x400.jpg?strip=info&#038;w=2000&#038;ssl=1 2000w\" alt=\"\" data-height=\"1365\" data-id=\"25810\" data-link=\"https:\/\/www.cisa-arica.cl\/wp1\/?attachment_id=25810\" data-url=\"https:\/\/www.cisa-arica.cl\/wp1\/wp-content\/uploads\/2024\/06\/IMG_3300-600x400.jpg\" data-width=\"2048\" src=\"https:\/\/i1.wp.com\/www.cisa-arica.cl\/wp1\/wp-content\/uploads\/2024\/06\/IMG_3300-600x400.jpg?ssl=1\" data-amp-layout=\"responsive\"\/><\/figure><figure class=\"tiled-gallery__item\"><img decoding=\"async\" data-attachment-id=\"25811\" data-permalink=\"https:\/\/www.cisa-arica.cl\/wp1\/2024\/06\/10\/conmemoracion-7-de-junio-y-aniversario-de-la-provincia-sor-ana-del-salvatore-orsi\/img_3302\/\" data-orig-file=\"https:\/\/www.cisa-arica.cl\/wp1\/wp-content\/uploads\/2024\/06\/IMG_3302.jpg\" data-orig-size=\"2048,1365\" data-comments-opened=\"0\" data-image-meta=\"{&quot;aperture&quot;:&quot;1.4&quot;,&quot;credit&quot;:&quot;Mahadeva Das&quot;,&quot;camera&quot;:&quot;Canon EOS 60D&quot;,&quot;caption&quot;:&quot;&quot;,&quot;created_timestamp&quot;:&quot;1717677914&quot;,&quot;copyright&quot;:&quot;osomahadev@hotmail.com         Funkerrante@Gmail.com&quot;,&quot;focal_length&quot;:&quot;50&quot;,&quot;iso&quot;:&quot;320&quot;,&quot;shutter_speed&quot;:&quot;0.00125&quot;,&quot;title&quot;:&quot;&quot;,&quot;orientation&quot;:&quot;0&quot;}\" data-image-title=\"IMG_3302\" data-image-description=\"\" data-image-caption=\"\" data-large-file=\"https:\/\/www.cisa-arica.cl\/wp1\/wp-content\/uploads\/2024\/06\/IMG_3302-600x400.jpg\" data-attachment-id=\"25811\" data-permalink=\"https:\/\/www.cisa-arica.cl\/wp1\/2024\/06\/10\/conmemoracion-7-de-junio-y-aniversario-de-la-provincia-sor-ana-del-salvatore-orsi\/img_3302\/\" data-orig-file=\"https:\/\/www.cisa-arica.cl\/wp1\/wp-content\/uploads\/2024\/06\/IMG_3302.jpg\" data-orig-size=\"2048,1365\" data-comments-opened=\"0\" data-image-meta=\"{&quot;aperture&quot;:&quot;1.4&quot;,&quot;credit&quot;:&quot;Mahadeva Das&quot;,&quot;camera&quot;:&quot;Canon EOS 60D&quot;,&quot;caption&quot;:&quot;&quot;,&quot;created_timestamp&quot;:&quot;1717677914&quot;,&quot;copyright&quot;:&quot;osomahadev@hotmail.com         Funkerrante@Gmail.com&quot;,&quot;focal_length&quot;:&quot;50&quot;,&quot;iso&quot;:&quot;320&quot;,&quot;shutter_speed&quot;:&quot;0.00125&quot;,&quot;title&quot;:&quot;&quot;,&quot;orientation&quot;:&quot;0&quot;}\" data-image-title=\"IMG_3302\" data-image-description=\"\" data-image-caption=\"\" data-large-file=\"https:\/\/www.cisa-arica.cl\/wp1\/wp-content\/uploads\/2024\/06\/IMG_3302-600x400.jpg\" role=\"button\" tabindex=\"0\" aria-label=\"Abrir la imagen 3 de 25 en pantalla completa\"srcset=\"https:\/\/i2.wp.com\/www.cisa-arica.cl\/wp1\/wp-content\/uploads\/2024\/06\/IMG_3302-600x400.jpg?strip=info&#038;w=600&#038;ssl=1 600w,https:\/\/i2.wp.com\/www.cisa-arica.cl\/wp1\/wp-content\/uploads\/2024\/06\/IMG_3302-600x400.jpg?strip=info&#038;w=900&#038;ssl=1 900w,https:\/\/i2.wp.com\/www.cisa-arica.cl\/wp1\/wp-content\/uploads\/2024\/06\/IMG_3302-600x400.jpg?strip=info&#038;w=1200&#038;ssl=1 1200w,https:\/\/i2.wp.com\/www.cisa-arica.cl\/wp1\/wp-content\/uploads\/2024\/06\/IMG_3302-600x400.jpg?strip=info&#038;w=1500&#038;ssl=1 1500w,https:\/\/i2.wp.com\/www.cisa-arica.cl\/wp1\/wp-content\/uploads\/2024\/06\/IMG_3302-600x400.jpg?strip=info&#038;w=1800&#038;ssl=1 1800w,https:\/\/i2.wp.com\/www.cisa-arica.cl\/wp1\/wp-content\/uploads\/2024\/06\/IMG_3302-600x400.jpg?strip=info&#038;w=2000&#038;ssl=1 2000w\" alt=\"\" data-height=\"1365\" data-id=\"25811\" data-link=\"https:\/\/www.cisa-arica.cl\/wp1\/?attachment_id=25811\" data-url=\"https:\/\/www.cisa-arica.cl\/wp1\/wp-content\/uploads\/2024\/06\/IMG_3302-600x400.jpg\" data-width=\"2048\" src=\"https:\/\/i2.wp.com\/www.cisa-arica.cl\/wp1\/wp-content\/uploads\/2024\/06\/IMG_3302-600x400.jpg?ssl=1\" data-amp-layout=\"responsive\"\/><\/figure><\/div><\/div><div class=\"tiled-gallery__row\"><div class=\"tiled-gallery__col\" style=\"flex-basis:33.33333%\"><figure class=\"tiled-gallery__item\"><img decoding=\"async\" data-attachment-id=\"25812\" data-permalink=\"https:\/\/www.cisa-arica.cl\/wp1\/2024\/06\/10\/conmemoracion-7-de-junio-y-aniversario-de-la-provincia-sor-ana-del-salvatore-orsi\/img_3306\/\" data-orig-file=\"https:\/\/www.cisa-arica.cl\/wp1\/wp-content\/uploads\/2024\/06\/IMG_3306.jpg\" data-orig-size=\"2048,1365\" data-comments-opened=\"0\" data-image-meta=\"{&quot;aperture&quot;:&quot;1.4&quot;,&quot;credit&quot;:&quot;Mahadeva Das&quot;,&quot;camera&quot;:&quot;Canon EOS 60D&quot;,&quot;caption&quot;:&quot;&quot;,&quot;created_timestamp&quot;:&quot;1717677985&quot;,&quot;copyright&quot;:&quot;osomahadev@hotmail.com         Funkerrante@Gmail.com&quot;,&quot;focal_length&quot;:&quot;50&quot;,&quot;iso&quot;:&quot;200&quot;,&quot;shutter_speed&quot;:&quot;0.0015625&quot;,&quot;title&quot;:&quot;&quot;,&quot;orientation&quot;:&quot;0&quot;}\" data-image-title=\"IMG_3306\" data-image-description=\"\" data-image-caption=\"\" data-large-file=\"https:\/\/www.cisa-arica.cl\/wp1\/wp-content\/uploads\/2024\/06\/IMG_3306-600x400.jpg\" data-attachment-id=\"25812\" data-permalink=\"https:\/\/www.cisa-arica.cl\/wp1\/2024\/06\/10\/conmemoracion-7-de-junio-y-aniversario-de-la-provincia-sor-ana-del-salvatore-orsi\/img_3306\/\" data-orig-file=\"https:\/\/www.cisa-arica.cl\/wp1\/wp-content\/uploads\/2024\/06\/IMG_3306.jpg\" data-orig-size=\"2048,1365\" data-comments-opened=\"0\" data-image-meta=\"{&quot;aperture&quot;:&quot;1.4&quot;,&quot;credit&quot;:&quot;Mahadeva Das&quot;,&quot;camera&quot;:&quot;Canon EOS 60D&quot;,&quot;caption&quot;:&quot;&quot;,&quot;created_timestamp&quot;:&quot;1717677985&quot;,&quot;copyright&quot;:&quot;osomahadev@hotmail.com         Funkerrante@Gmail.com&quot;,&quot;focal_length&quot;:&quot;50&quot;,&quot;iso&quot;:&quot;200&quot;,&quot;shutter_speed&quot;:&quot;0.0015625&quot;,&quot;title&quot;:&quot;&quot;,&quot;orientation&quot;:&quot;0&quot;}\" data-image-title=\"IMG_3306\" data-image-description=\"\" data-image-caption=\"\" data-large-file=\"https:\/\/www.cisa-arica.cl\/wp1\/wp-content\/uploads\/2024\/06\/IMG_3306-600x400.jpg\" role=\"button\" tabindex=\"0\" aria-label=\"Abrir la imagen 4 de 25 en pantalla completa\"srcset=\"https:\/\/i2.wp.com\/www.cisa-arica.cl\/wp1\/wp-content\/uploads\/2024\/06\/IMG_3306-600x400.jpg?strip=info&#038;w=600&#038;ssl=1 600w,https:\/\/i2.wp.com\/www.cisa-arica.cl\/wp1\/wp-content\/uploads\/2024\/06\/IMG_3306-600x400.jpg?strip=info&#038;w=900&#038;ssl=1 900w,https:\/\/i2.wp.com\/www.cisa-arica.cl\/wp1\/wp-content\/uploads\/2024\/06\/IMG_3306-600x400.jpg?strip=info&#038;w=1200&#038;ssl=1 1200w,https:\/\/i2.wp.com\/www.cisa-arica.cl\/wp1\/wp-content\/uploads\/2024\/06\/IMG_3306-600x400.jpg?strip=info&#038;w=1500&#038;ssl=1 1500w,https:\/\/i2.wp.com\/www.cisa-arica.cl\/wp1\/wp-content\/uploads\/2024\/06\/IMG_3306-600x400.jpg?strip=info&#038;w=1800&#038;ssl=1 1800w,https:\/\/i2.wp.com\/www.cisa-arica.cl\/wp1\/wp-content\/uploads\/2024\/06\/IMG_3306-600x400.jpg?strip=info&#038;w=2000&#038;ssl=1 2000w\" alt=\"\" data-height=\"1365\" data-id=\"25812\" data-link=\"https:\/\/www.cisa-arica.cl\/wp1\/?attachment_id=25812\" data-url=\"https:\/\/www.cisa-arica.cl\/wp1\/wp-content\/uploads\/2024\/06\/IMG_3306-600x400.jpg\" data-width=\"2048\" src=\"https:\/\/i2.wp.com\/www.cisa-arica.cl\/wp1\/wp-content\/uploads\/2024\/06\/IMG_3306-600x400.jpg?ssl=1\" data-amp-layout=\"responsive\"\/><\/figure><\/div><div class=\"tiled-gallery__col\" style=\"flex-basis:33.33333%\"><figure class=\"tiled-gallery__item\"><img decoding=\"async\" data-attachment-id=\"25813\" data-permalink=\"https:\/\/www.cisa-arica.cl\/wp1\/2024\/06\/10\/conmemoracion-7-de-junio-y-aniversario-de-la-provincia-sor-ana-del-salvatore-orsi\/img_3310\/\" data-orig-file=\"https:\/\/www.cisa-arica.cl\/wp1\/wp-content\/uploads\/2024\/06\/IMG_3310.jpg\" data-orig-size=\"2048,1365\" data-comments-opened=\"0\" data-image-meta=\"{&quot;aperture&quot;:&quot;1.4&quot;,&quot;credit&quot;:&quot;Mahadeva Das&quot;,&quot;camera&quot;:&quot;Canon EOS 60D&quot;,&quot;caption&quot;:&quot;&quot;,&quot;created_timestamp&quot;:&quot;1717678052&quot;,&quot;copyright&quot;:&quot;osomahadev@hotmail.com         Funkerrante@Gmail.com&quot;,&quot;focal_length&quot;:&quot;50&quot;,&quot;iso&quot;:&quot;200&quot;,&quot;shutter_speed&quot;:&quot;0.0015625&quot;,&quot;title&quot;:&quot;&quot;,&quot;orientation&quot;:&quot;0&quot;}\" data-image-title=\"IMG_3310\" data-image-description=\"\" data-image-caption=\"\" data-large-file=\"https:\/\/www.cisa-arica.cl\/wp1\/wp-content\/uploads\/2024\/06\/IMG_3310-600x400.jpg\" data-attachment-id=\"25813\" data-permalink=\"https:\/\/www.cisa-arica.cl\/wp1\/2024\/06\/10\/conmemoracion-7-de-junio-y-aniversario-de-la-provincia-sor-ana-del-salvatore-orsi\/img_3310\/\" data-orig-file=\"https:\/\/www.cisa-arica.cl\/wp1\/wp-content\/uploads\/2024\/06\/IMG_3310.jpg\" data-orig-size=\"2048,1365\" data-comments-opened=\"0\" data-image-meta=\"{&quot;aperture&quot;:&quot;1.4&quot;,&quot;credit&quot;:&quot;Mahadeva Das&quot;,&quot;camera&quot;:&quot;Canon EOS 60D&quot;,&quot;caption&quot;:&quot;&quot;,&quot;created_timestamp&quot;:&quot;1717678052&quot;,&quot;copyright&quot;:&quot;osomahadev@hotmail.com         Funkerrante@Gmail.com&quot;,&quot;focal_length&quot;:&quot;50&quot;,&quot;iso&quot;:&quot;200&quot;,&quot;shutter_speed&quot;:&quot;0.0015625&quot;,&quot;title&quot;:&quot;&quot;,&quot;orientation&quot;:&quot;0&quot;}\" data-image-title=\"IMG_3310\" data-image-description=\"\" data-image-caption=\"\" data-large-file=\"https:\/\/www.cisa-arica.cl\/wp1\/wp-content\/uploads\/2024\/06\/IMG_3310-600x400.jpg\" role=\"button\" tabindex=\"0\" aria-label=\"Abrir la imagen 5 de 25 en pantalla completa\"srcset=\"https:\/\/i0.wp.com\/www.cisa-arica.cl\/wp1\/wp-content\/uploads\/2024\/06\/IMG_3310-600x400.jpg?strip=info&#038;w=600&#038;ssl=1 600w,https:\/\/i0.wp.com\/www.cisa-arica.cl\/wp1\/wp-content\/uploads\/2024\/06\/IMG_3310-600x400.jpg?strip=info&#038;w=900&#038;ssl=1 900w,https:\/\/i0.wp.com\/www.cisa-arica.cl\/wp1\/wp-content\/uploads\/2024\/06\/IMG_3310-600x400.jpg?strip=info&#038;w=1200&#038;ssl=1 1200w,https:\/\/i0.wp.com\/www.cisa-arica.cl\/wp1\/wp-content\/uploads\/2024\/06\/IMG_3310-600x400.jpg?strip=info&#038;w=1500&#038;ssl=1 1500w,https:\/\/i0.wp.com\/www.cisa-arica.cl\/wp1\/wp-content\/uploads\/2024\/06\/IMG_3310-600x400.jpg?strip=info&#038;w=1800&#038;ssl=1 1800w,https:\/\/i0.wp.com\/www.cisa-arica.cl\/wp1\/wp-content\/uploads\/2024\/06\/IMG_3310-600x400.jpg?strip=info&#038;w=2000&#038;ssl=1 2000w\" alt=\"\" data-height=\"1365\" data-id=\"25813\" data-link=\"https:\/\/www.cisa-arica.cl\/wp1\/?attachment_id=25813\" data-url=\"https:\/\/www.cisa-arica.cl\/wp1\/wp-content\/uploads\/2024\/06\/IMG_3310-600x400.jpg\" data-width=\"2048\" src=\"https:\/\/i0.wp.com\/www.cisa-arica.cl\/wp1\/wp-content\/uploads\/2024\/06\/IMG_3310-600x400.jpg?ssl=1\" data-amp-layout=\"responsive\"\/><\/figure><\/div><div class=\"tiled-gallery__col\" style=\"flex-basis:33.33333%\"><figure class=\"tiled-gallery__item\"><img decoding=\"async\" data-attachment-id=\"25814\" data-permalink=\"https:\/\/www.cisa-arica.cl\/wp1\/2024\/06\/10\/conmemoracion-7-de-junio-y-aniversario-de-la-provincia-sor-ana-del-salvatore-orsi\/img_3313\/\" data-orig-file=\"https:\/\/www.cisa-arica.cl\/wp1\/wp-content\/uploads\/2024\/06\/IMG_3313.jpg\" data-orig-size=\"2048,1365\" data-comments-opened=\"0\" data-image-meta=\"{&quot;aperture&quot;:&quot;1.4&quot;,&quot;credit&quot;:&quot;Mahadeva Das&quot;,&quot;camera&quot;:&quot;Canon EOS 60D&quot;,&quot;caption&quot;:&quot;&quot;,&quot;created_timestamp&quot;:&quot;1717678337&quot;,&quot;copyright&quot;:&quot;osomahadev@hotmail.com         Funkerrante@Gmail.com&quot;,&quot;focal_length&quot;:&quot;50&quot;,&quot;iso&quot;:&quot;200&quot;,&quot;shutter_speed&quot;:&quot;0.002&quot;,&quot;title&quot;:&quot;&quot;,&quot;orientation&quot;:&quot;0&quot;}\" data-image-title=\"IMG_3313\" data-image-description=\"\" data-image-caption=\"\" data-large-file=\"https:\/\/www.cisa-arica.cl\/wp1\/wp-content\/uploads\/2024\/06\/IMG_3313-600x400.jpg\" data-attachment-id=\"25814\" data-permalink=\"https:\/\/www.cisa-arica.cl\/wp1\/2024\/06\/10\/conmemoracion-7-de-junio-y-aniversario-de-la-provincia-sor-ana-del-salvatore-orsi\/img_3313\/\" data-orig-file=\"https:\/\/www.cisa-arica.cl\/wp1\/wp-content\/uploads\/2024\/06\/IMG_3313.jpg\" data-orig-size=\"2048,1365\" data-comments-opened=\"0\" data-image-meta=\"{&quot;aperture&quot;:&quot;1.4&quot;,&quot;credit&quot;:&quot;Mahadeva Das&quot;,&quot;camera&quot;:&quot;Canon EOS 60D&quot;,&quot;caption&quot;:&quot;&quot;,&quot;created_timestamp&quot;:&quot;1717678337&quot;,&quot;copyright&quot;:&quot;osomahadev@hotmail.com         Funkerrante@Gmail.com&quot;,&quot;focal_length&quot;:&quot;50&quot;,&quot;iso&quot;:&quot;200&quot;,&quot;shutter_speed&quot;:&quot;0.002&quot;,&quot;title&quot;:&quot;&quot;,&quot;orientation&quot;:&quot;0&quot;}\" data-image-title=\"IMG_3313\" data-image-description=\"\" data-image-caption=\"\" data-large-file=\"https:\/\/www.cisa-arica.cl\/wp1\/wp-content\/uploads\/2024\/06\/IMG_3313-600x400.jpg\" role=\"button\" tabindex=\"0\" aria-label=\"Abrir la imagen 6 de 25 en pantalla completa\"srcset=\"https:\/\/i2.wp.com\/www.cisa-arica.cl\/wp1\/wp-content\/uploads\/2024\/06\/IMG_3313-600x400.jpg?strip=info&#038;w=600&#038;ssl=1 600w,https:\/\/i2.wp.com\/www.cisa-arica.cl\/wp1\/wp-content\/uploads\/2024\/06\/IMG_3313-600x400.jpg?strip=info&#038;w=900&#038;ssl=1 900w,https:\/\/i2.wp.com\/www.cisa-arica.cl\/wp1\/wp-content\/uploads\/2024\/06\/IMG_3313-600x400.jpg?strip=info&#038;w=1200&#038;ssl=1 1200w,https:\/\/i2.wp.com\/www.cisa-arica.cl\/wp1\/wp-content\/uploads\/2024\/06\/IMG_3313-600x400.jpg?strip=info&#038;w=1500&#038;ssl=1 1500w,https:\/\/i2.wp.com\/www.cisa-arica.cl\/wp1\/wp-content\/uploads\/2024\/06\/IMG_3313-600x400.jpg?strip=info&#038;w=1800&#038;ssl=1 1800w,https:\/\/i2.wp.com\/www.cisa-arica.cl\/wp1\/wp-content\/uploads\/2024\/06\/IMG_3313-600x400.jpg?strip=info&#038;w=2000&#038;ssl=1 2000w\" alt=\"\" data-height=\"1365\" data-id=\"25814\" data-link=\"https:\/\/www.cisa-arica.cl\/wp1\/?attachment_id=25814\" data-url=\"https:\/\/www.cisa-arica.cl\/wp1\/wp-content\/uploads\/2024\/06\/IMG_3313-600x400.jpg\" data-width=\"2048\" src=\"https:\/\/i2.wp.com\/www.cisa-arica.cl\/wp1\/wp-content\/uploads\/2024\/06\/IMG_3313-600x400.jpg?ssl=1\" data-amp-layout=\"responsive\"\/><\/figure><\/div><\/div><div class=\"tiled-gallery__row\"><div class=\"tiled-gallery__col\" style=\"flex-basis:33.24466%\"><figure class=\"tiled-gallery__item\"><img decoding=\"async\" data-attachment-id=\"25815\" data-permalink=\"https:\/\/www.cisa-arica.cl\/wp1\/2024\/06\/10\/conmemoracion-7-de-junio-y-aniversario-de-la-provincia-sor-ana-del-salvatore-orsi\/img_3315\/\" data-orig-file=\"https:\/\/www.cisa-arica.cl\/wp1\/wp-content\/uploads\/2024\/06\/IMG_3315.jpg\" data-orig-size=\"2048,1365\" data-comments-opened=\"0\" data-image-meta=\"{&quot;aperture&quot;:&quot;1.4&quot;,&quot;credit&quot;:&quot;Mahadeva Das&quot;,&quot;camera&quot;:&quot;Canon EOS 60D&quot;,&quot;caption&quot;:&quot;&quot;,&quot;created_timestamp&quot;:&quot;1717678342&quot;,&quot;copyright&quot;:&quot;osomahadev@hotmail.com         Funkerrante@Gmail.com&quot;,&quot;focal_length&quot;:&quot;50&quot;,&quot;iso&quot;:&quot;200&quot;,&quot;shutter_speed&quot;:&quot;0.002&quot;,&quot;title&quot;:&quot;&quot;,&quot;orientation&quot;:&quot;0&quot;}\" data-image-title=\"IMG_3315\" data-image-description=\"\" data-image-caption=\"\" data-large-file=\"https:\/\/www.cisa-arica.cl\/wp1\/wp-content\/uploads\/2024\/06\/IMG_3315-600x400.jpg\" data-attachment-id=\"25815\" data-permalink=\"https:\/\/www.cisa-arica.cl\/wp1\/2024\/06\/10\/conmemoracion-7-de-junio-y-aniversario-de-la-provincia-sor-ana-del-salvatore-orsi\/img_3315\/\" data-orig-file=\"https:\/\/www.cisa-arica.cl\/wp1\/wp-content\/uploads\/2024\/06\/IMG_3315.jpg\" data-orig-size=\"2048,1365\" data-comments-opened=\"0\" data-image-meta=\"{&quot;aperture&quot;:&quot;1.4&quot;,&quot;credit&quot;:&quot;Mahadeva Das&quot;,&quot;camera&quot;:&quot;Canon EOS 60D&quot;,&quot;caption&quot;:&quot;&quot;,&quot;created_timestamp&quot;:&quot;1717678342&quot;,&quot;copyright&quot;:&quot;osomahadev@hotmail.com         Funkerrante@Gmail.com&quot;,&quot;focal_length&quot;:&quot;50&quot;,&quot;iso&quot;:&quot;200&quot;,&quot;shutter_speed&quot;:&quot;0.002&quot;,&quot;title&quot;:&quot;&quot;,&quot;orientation&quot;:&quot;0&quot;}\" data-image-title=\"IMG_3315\" data-image-description=\"\" data-image-caption=\"\" data-large-file=\"https:\/\/www.cisa-arica.cl\/wp1\/wp-content\/uploads\/2024\/06\/IMG_3315-600x400.jpg\" role=\"button\" tabindex=\"0\" aria-label=\"Abrir la imagen 7 de 25 en pantalla completa\"srcset=\"https:\/\/i0.wp.com\/www.cisa-arica.cl\/wp1\/wp-content\/uploads\/2024\/06\/IMG_3315-600x400.jpg?strip=info&#038;w=600&#038;ssl=1 600w,https:\/\/i0.wp.com\/www.cisa-arica.cl\/wp1\/wp-content\/uploads\/2024\/06\/IMG_3315-600x400.jpg?strip=info&#038;w=900&#038;ssl=1 900w,https:\/\/i0.wp.com\/www.cisa-arica.cl\/wp1\/wp-content\/uploads\/2024\/06\/IMG_3315-600x400.jpg?strip=info&#038;w=1200&#038;ssl=1 1200w,https:\/\/i0.wp.com\/www.cisa-arica.cl\/wp1\/wp-content\/uploads\/2024\/06\/IMG_3315-600x400.jpg?strip=info&#038;w=1500&#038;ssl=1 1500w,https:\/\/i0.wp.com\/www.cisa-arica.cl\/wp1\/wp-content\/uploads\/2024\/06\/IMG_3315-600x400.jpg?strip=info&#038;w=1800&#038;ssl=1 1800w,https:\/\/i0.wp.com\/www.cisa-arica.cl\/wp1\/wp-content\/uploads\/2024\/06\/IMG_3315-600x400.jpg?strip=info&#038;w=2000&#038;ssl=1 2000w\" alt=\"\" data-height=\"1365\" data-id=\"25815\" data-link=\"https:\/\/www.cisa-arica.cl\/wp1\/?attachment_id=25815\" data-url=\"https:\/\/www.cisa-arica.cl\/wp1\/wp-content\/uploads\/2024\/06\/IMG_3315-600x400.jpg\" data-width=\"2048\" src=\"https:\/\/i0.wp.com\/www.cisa-arica.cl\/wp1\/wp-content\/uploads\/2024\/06\/IMG_3315-600x400.jpg?ssl=1\" data-amp-layout=\"responsive\"\/><\/figure><figure class=\"tiled-gallery__item\"><img decoding=\"async\" data-attachment-id=\"25816\" data-permalink=\"https:\/\/www.cisa-arica.cl\/wp1\/2024\/06\/10\/conmemoracion-7-de-junio-y-aniversario-de-la-provincia-sor-ana-del-salvatore-orsi\/img_3317\/\" data-orig-file=\"https:\/\/www.cisa-arica.cl\/wp1\/wp-content\/uploads\/2024\/06\/IMG_3317.jpg\" data-orig-size=\"2048,1365\" data-comments-opened=\"0\" data-image-meta=\"{&quot;aperture&quot;:&quot;1.4&quot;,&quot;credit&quot;:&quot;Mahadeva Das&quot;,&quot;camera&quot;:&quot;Canon EOS 60D&quot;,&quot;caption&quot;:&quot;&quot;,&quot;created_timestamp&quot;:&quot;1717678399&quot;,&quot;copyright&quot;:&quot;osomahadev@hotmail.com         Funkerrante@Gmail.com&quot;,&quot;focal_length&quot;:&quot;50&quot;,&quot;iso&quot;:&quot;200&quot;,&quot;shutter_speed&quot;:&quot;0.002&quot;,&quot;title&quot;:&quot;&quot;,&quot;orientation&quot;:&quot;0&quot;}\" data-image-title=\"IMG_3317\" data-image-description=\"\" data-image-caption=\"\" data-large-file=\"https:\/\/www.cisa-arica.cl\/wp1\/wp-content\/uploads\/2024\/06\/IMG_3317-600x400.jpg\" data-attachment-id=\"25816\" data-permalink=\"https:\/\/www.cisa-arica.cl\/wp1\/2024\/06\/10\/conmemoracion-7-de-junio-y-aniversario-de-la-provincia-sor-ana-del-salvatore-orsi\/img_3317\/\" data-orig-file=\"https:\/\/www.cisa-arica.cl\/wp1\/wp-content\/uploads\/2024\/06\/IMG_3317.jpg\" data-orig-size=\"2048,1365\" data-comments-opened=\"0\" data-image-meta=\"{&quot;aperture&quot;:&quot;1.4&quot;,&quot;credit&quot;:&quot;Mahadeva Das&quot;,&quot;camera&quot;:&quot;Canon EOS 60D&quot;,&quot;caption&quot;:&quot;&quot;,&quot;created_timestamp&quot;:&quot;1717678399&quot;,&quot;copyright&quot;:&quot;osomahadev@hotmail.com         Funkerrante@Gmail.com&quot;,&quot;focal_length&quot;:&quot;50&quot;,&quot;iso&quot;:&quot;200&quot;,&quot;shutter_speed&quot;:&quot;0.002&quot;,&quot;title&quot;:&quot;&quot;,&quot;orientation&quot;:&quot;0&quot;}\" data-image-title=\"IMG_3317\" data-image-description=\"\" data-image-caption=\"\" data-large-file=\"https:\/\/www.cisa-arica.cl\/wp1\/wp-content\/uploads\/2024\/06\/IMG_3317-600x400.jpg\" role=\"button\" tabindex=\"0\" aria-label=\"Abrir la imagen 8 de 25 en pantalla completa\"srcset=\"https:\/\/i1.wp.com\/www.cisa-arica.cl\/wp1\/wp-content\/uploads\/2024\/06\/IMG_3317-600x400.jpg?strip=info&#038;w=600&#038;ssl=1 600w,https:\/\/i1.wp.com\/www.cisa-arica.cl\/wp1\/wp-content\/uploads\/2024\/06\/IMG_3317-600x400.jpg?strip=info&#038;w=900&#038;ssl=1 900w,https:\/\/i1.wp.com\/www.cisa-arica.cl\/wp1\/wp-content\/uploads\/2024\/06\/IMG_3317-600x400.jpg?strip=info&#038;w=1200&#038;ssl=1 1200w,https:\/\/i1.wp.com\/www.cisa-arica.cl\/wp1\/wp-content\/uploads\/2024\/06\/IMG_3317-600x400.jpg?strip=info&#038;w=1500&#038;ssl=1 1500w,https:\/\/i1.wp.com\/www.cisa-arica.cl\/wp1\/wp-content\/uploads\/2024\/06\/IMG_3317-600x400.jpg?strip=info&#038;w=1800&#038;ssl=1 1800w,https:\/\/i1.wp.com\/www.cisa-arica.cl\/wp1\/wp-content\/uploads\/2024\/06\/IMG_3317-600x400.jpg?strip=info&#038;w=2000&#038;ssl=1 2000w\" alt=\"\" data-height=\"1365\" data-id=\"25816\" data-link=\"https:\/\/www.cisa-arica.cl\/wp1\/?attachment_id=25816\" data-url=\"https:\/\/www.cisa-arica.cl\/wp1\/wp-content\/uploads\/2024\/06\/IMG_3317-600x400.jpg\" data-width=\"2048\" src=\"https:\/\/i1.wp.com\/www.cisa-arica.cl\/wp1\/wp-content\/uploads\/2024\/06\/IMG_3317-600x400.jpg?ssl=1\" data-amp-layout=\"responsive\"\/><\/figure><\/div><div class=\"tiled-gallery__col\" style=\"flex-basis:66.75534%\"><figure class=\"tiled-gallery__item\"><img decoding=\"async\" data-attachment-id=\"25817\" data-permalink=\"https:\/\/www.cisa-arica.cl\/wp1\/2024\/06\/10\/conmemoracion-7-de-junio-y-aniversario-de-la-provincia-sor-ana-del-salvatore-orsi\/img_3324\/\" data-orig-file=\"https:\/\/www.cisa-arica.cl\/wp1\/wp-content\/uploads\/2024\/06\/IMG_3324.jpg\" data-orig-size=\"2048,1365\" data-comments-opened=\"0\" data-image-meta=\"{&quot;aperture&quot;:&quot;1.4&quot;,&quot;credit&quot;:&quot;Mahadeva Das&quot;,&quot;camera&quot;:&quot;Canon EOS 60D&quot;,&quot;caption&quot;:&quot;&quot;,&quot;created_timestamp&quot;:&quot;1717678429&quot;,&quot;copyright&quot;:&quot;osomahadev@hotmail.com         Funkerrante@Gmail.com&quot;,&quot;focal_length&quot;:&quot;50&quot;,&quot;iso&quot;:&quot;200&quot;,&quot;shutter_speed&quot;:&quot;0.002&quot;,&quot;title&quot;:&quot;&quot;,&quot;orientation&quot;:&quot;0&quot;}\" data-image-title=\"IMG_3324\" data-image-description=\"\" data-image-caption=\"\" data-large-file=\"https:\/\/www.cisa-arica.cl\/wp1\/wp-content\/uploads\/2024\/06\/IMG_3324-600x400.jpg\" data-attachment-id=\"25817\" data-permalink=\"https:\/\/www.cisa-arica.cl\/wp1\/2024\/06\/10\/conmemoracion-7-de-junio-y-aniversario-de-la-provincia-sor-ana-del-salvatore-orsi\/img_3324\/\" data-orig-file=\"https:\/\/www.cisa-arica.cl\/wp1\/wp-content\/uploads\/2024\/06\/IMG_3324.jpg\" data-orig-size=\"2048,1365\" data-comments-opened=\"0\" data-image-meta=\"{&quot;aperture&quot;:&quot;1.4&quot;,&quot;credit&quot;:&quot;Mahadeva Das&quot;,&quot;camera&quot;:&quot;Canon EOS 60D&quot;,&quot;caption&quot;:&quot;&quot;,&quot;created_timestamp&quot;:&quot;1717678429&quot;,&quot;copyright&quot;:&quot;osomahadev@hotmail.com         Funkerrante@Gmail.com&quot;,&quot;focal_length&quot;:&quot;50&quot;,&quot;iso&quot;:&quot;200&quot;,&quot;shutter_speed&quot;:&quot;0.002&quot;,&quot;title&quot;:&quot;&quot;,&quot;orientation&quot;:&quot;0&quot;}\" data-image-title=\"IMG_3324\" data-image-description=\"\" data-image-caption=\"\" data-large-file=\"https:\/\/www.cisa-arica.cl\/wp1\/wp-content\/uploads\/2024\/06\/IMG_3324-600x400.jpg\" role=\"button\" tabindex=\"0\" aria-label=\"Abrir la imagen 9 de 25 en pantalla completa\"srcset=\"https:\/\/i1.wp.com\/www.cisa-arica.cl\/wp1\/wp-content\/uploads\/2024\/06\/IMG_3324-600x400.jpg?strip=info&#038;w=600&#038;ssl=1 600w,https:\/\/i1.wp.com\/www.cisa-arica.cl\/wp1\/wp-content\/uploads\/2024\/06\/IMG_3324-600x400.jpg?strip=info&#038;w=900&#038;ssl=1 900w,https:\/\/i1.wp.com\/www.cisa-arica.cl\/wp1\/wp-content\/uploads\/2024\/06\/IMG_3324-600x400.jpg?strip=info&#038;w=1200&#038;ssl=1 1200w,https:\/\/i1.wp.com\/www.cisa-arica.cl\/wp1\/wp-content\/uploads\/2024\/06\/IMG_3324-600x400.jpg?strip=info&#038;w=1500&#038;ssl=1 1500w,https:\/\/i1.wp.com\/www.cisa-arica.cl\/wp1\/wp-content\/uploads\/2024\/06\/IMG_3324-600x400.jpg?strip=info&#038;w=1800&#038;ssl=1 1800w,https:\/\/i1.wp.com\/www.cisa-arica.cl\/wp1\/wp-content\/uploads\/2024\/06\/IMG_3324-600x400.jpg?strip=info&#038;w=2000&#038;ssl=1 2000w\" alt=\"\" data-height=\"1365\" data-id=\"25817\" data-link=\"https:\/\/www.cisa-arica.cl\/wp1\/?attachment_id=25817\" data-url=\"https:\/\/www.cisa-arica.cl\/wp1\/wp-content\/uploads\/2024\/06\/IMG_3324-600x400.jpg\" data-width=\"2048\" src=\"https:\/\/i1.wp.com\/www.cisa-arica.cl\/wp1\/wp-content\/uploads\/2024\/06\/IMG_3324-600x400.jpg?ssl=1\" data-amp-layout=\"responsive\"\/><\/figure><\/div><\/div><div class=\"tiled-gallery__row\"><div class=\"tiled-gallery__col\" style=\"flex-basis:50.00000%\"><figure class=\"tiled-gallery__item\"><img decoding=\"async\" data-attachment-id=\"25818\" data-permalink=\"https:\/\/www.cisa-arica.cl\/wp1\/2024\/06\/10\/conmemoracion-7-de-junio-y-aniversario-de-la-provincia-sor-ana-del-salvatore-orsi\/img_3327\/\" data-orig-file=\"https:\/\/www.cisa-arica.cl\/wp1\/wp-content\/uploads\/2024\/06\/IMG_3327.jpg\" data-orig-size=\"2048,1365\" data-comments-opened=\"0\" data-image-meta=\"{&quot;aperture&quot;:&quot;1.4&quot;,&quot;credit&quot;:&quot;Mahadeva Das&quot;,&quot;camera&quot;:&quot;Canon EOS 60D&quot;,&quot;caption&quot;:&quot;&quot;,&quot;created_timestamp&quot;:&quot;1717678444&quot;,&quot;copyright&quot;:&quot;osomahadev@hotmail.com         Funkerrante@Gmail.com&quot;,&quot;focal_length&quot;:&quot;50&quot;,&quot;iso&quot;:&quot;200&quot;,&quot;shutter_speed&quot;:&quot;0.002&quot;,&quot;title&quot;:&quot;&quot;,&quot;orientation&quot;:&quot;0&quot;}\" data-image-title=\"IMG_3327\" data-image-description=\"\" data-image-caption=\"\" data-large-file=\"https:\/\/www.cisa-arica.cl\/wp1\/wp-content\/uploads\/2024\/06\/IMG_3327-600x400.jpg\" data-attachment-id=\"25818\" data-permalink=\"https:\/\/www.cisa-arica.cl\/wp1\/2024\/06\/10\/conmemoracion-7-de-junio-y-aniversario-de-la-provincia-sor-ana-del-salvatore-orsi\/img_3327\/\" data-orig-file=\"https:\/\/www.cisa-arica.cl\/wp1\/wp-content\/uploads\/2024\/06\/IMG_3327.jpg\" data-orig-size=\"2048,1365\" data-comments-opened=\"0\" data-image-meta=\"{&quot;aperture&quot;:&quot;1.4&quot;,&quot;credit&quot;:&quot;Mahadeva Das&quot;,&quot;camera&quot;:&quot;Canon EOS 60D&quot;,&quot;caption&quot;:&quot;&quot;,&quot;created_timestamp&quot;:&quot;1717678444&quot;,&quot;copyright&quot;:&quot;osomahadev@hotmail.com         Funkerrante@Gmail.com&quot;,&quot;focal_length&quot;:&quot;50&quot;,&quot;iso&quot;:&quot;200&quot;,&quot;shutter_speed&quot;:&quot;0.002&quot;,&quot;title&quot;:&quot;&quot;,&quot;orientation&quot;:&quot;0&quot;}\" data-image-title=\"IMG_3327\" data-image-description=\"\" data-image-caption=\"\" data-large-file=\"https:\/\/www.cisa-arica.cl\/wp1\/wp-content\/uploads\/2024\/06\/IMG_3327-600x400.jpg\" role=\"button\" tabindex=\"0\" aria-label=\"Abrir la imagen 10 de 25 en pantalla completa\"srcset=\"https:\/\/i1.wp.com\/www.cisa-arica.cl\/wp1\/wp-content\/uploads\/2024\/06\/IMG_3327-600x400.jpg?strip=info&#038;w=600&#038;ssl=1 600w,https:\/\/i1.wp.com\/www.cisa-arica.cl\/wp1\/wp-content\/uploads\/2024\/06\/IMG_3327-600x400.jpg?strip=info&#038;w=900&#038;ssl=1 900w,https:\/\/i1.wp.com\/www.cisa-arica.cl\/wp1\/wp-content\/uploads\/2024\/06\/IMG_3327-600x400.jpg?strip=info&#038;w=1200&#038;ssl=1 1200w,https:\/\/i1.wp.com\/www.cisa-arica.cl\/wp1\/wp-content\/uploads\/2024\/06\/IMG_3327-600x400.jpg?strip=info&#038;w=1500&#038;ssl=1 1500w,https:\/\/i1.wp.com\/www.cisa-arica.cl\/wp1\/wp-content\/uploads\/2024\/06\/IMG_3327-600x400.jpg?strip=info&#038;w=1800&#038;ssl=1 1800w,https:\/\/i1.wp.com\/www.cisa-arica.cl\/wp1\/wp-content\/uploads\/2024\/06\/IMG_3327-600x400.jpg?strip=info&#038;w=2000&#038;ssl=1 2000w\" alt=\"\" data-height=\"1365\" data-id=\"25818\" data-link=\"https:\/\/www.cisa-arica.cl\/wp1\/?attachment_id=25818\" data-url=\"https:\/\/www.cisa-arica.cl\/wp1\/wp-content\/uploads\/2024\/06\/IMG_3327-600x400.jpg\" data-width=\"2048\" src=\"https:\/\/i1.wp.com\/www.cisa-arica.cl\/wp1\/wp-content\/uploads\/2024\/06\/IMG_3327-600x400.jpg?ssl=1\" data-amp-layout=\"responsive\"\/><\/figure><\/div><div class=\"tiled-gallery__col\" style=\"flex-basis:50.00000%\"><figure class=\"tiled-gallery__item\"><img decoding=\"async\" data-attachment-id=\"25819\" data-permalink=\"https:\/\/www.cisa-arica.cl\/wp1\/2024\/06\/10\/conmemoracion-7-de-junio-y-aniversario-de-la-provincia-sor-ana-del-salvatore-orsi\/img_3328\/\" data-orig-file=\"https:\/\/www.cisa-arica.cl\/wp1\/wp-content\/uploads\/2024\/06\/IMG_3328.jpg\" data-orig-size=\"2048,1365\" data-comments-opened=\"0\" data-image-meta=\"{&quot;aperture&quot;:&quot;1.4&quot;,&quot;credit&quot;:&quot;Mahadeva Das&quot;,&quot;camera&quot;:&quot;Canon EOS 60D&quot;,&quot;caption&quot;:&quot;&quot;,&quot;created_timestamp&quot;:&quot;1717678580&quot;,&quot;copyright&quot;:&quot;osomahadev@hotmail.com         Funkerrante@Gmail.com&quot;,&quot;focal_length&quot;:&quot;50&quot;,&quot;iso&quot;:&quot;320&quot;,&quot;shutter_speed&quot;:&quot;0.003125&quot;,&quot;title&quot;:&quot;&quot;,&quot;orientation&quot;:&quot;0&quot;}\" data-image-title=\"IMG_3328\" data-image-description=\"\" data-image-caption=\"\" data-large-file=\"https:\/\/www.cisa-arica.cl\/wp1\/wp-content\/uploads\/2024\/06\/IMG_3328-600x400.jpg\" data-attachment-id=\"25819\" data-permalink=\"https:\/\/www.cisa-arica.cl\/wp1\/2024\/06\/10\/conmemoracion-7-de-junio-y-aniversario-de-la-provincia-sor-ana-del-salvatore-orsi\/img_3328\/\" data-orig-file=\"https:\/\/www.cisa-arica.cl\/wp1\/wp-content\/uploads\/2024\/06\/IMG_3328.jpg\" data-orig-size=\"2048,1365\" data-comments-opened=\"0\" data-image-meta=\"{&quot;aperture&quot;:&quot;1.4&quot;,&quot;credit&quot;:&quot;Mahadeva Das&quot;,&quot;camera&quot;:&quot;Canon EOS 60D&quot;,&quot;caption&quot;:&quot;&quot;,&quot;created_timestamp&quot;:&quot;1717678580&quot;,&quot;copyright&quot;:&quot;osomahadev@hotmail.com         Funkerrante@Gmail.com&quot;,&quot;focal_length&quot;:&quot;50&quot;,&quot;iso&quot;:&quot;320&quot;,&quot;shutter_speed&quot;:&quot;0.003125&quot;,&quot;title&quot;:&quot;&quot;,&quot;orientation&quot;:&quot;0&quot;}\" data-image-title=\"IMG_3328\" data-image-description=\"\" data-image-caption=\"\" data-large-file=\"https:\/\/www.cisa-arica.cl\/wp1\/wp-content\/uploads\/2024\/06\/IMG_3328-600x400.jpg\" role=\"button\" tabindex=\"0\" aria-label=\"Abrir la imagen 11 de 25 en pantalla completa\"srcset=\"https:\/\/i2.wp.com\/www.cisa-arica.cl\/wp1\/wp-content\/uploads\/2024\/06\/IMG_3328-600x400.jpg?strip=info&#038;w=600&#038;ssl=1 600w,https:\/\/i2.wp.com\/www.cisa-arica.cl\/wp1\/wp-content\/uploads\/2024\/06\/IMG_3328-600x400.jpg?strip=info&#038;w=900&#038;ssl=1 900w,https:\/\/i2.wp.com\/www.cisa-arica.cl\/wp1\/wp-content\/uploads\/2024\/06\/IMG_3328-600x400.jpg?strip=info&#038;w=1200&#038;ssl=1 1200w,https:\/\/i2.wp.com\/www.cisa-arica.cl\/wp1\/wp-content\/uploads\/2024\/06\/IMG_3328-600x400.jpg?strip=info&#038;w=1500&#038;ssl=1 1500w,https:\/\/i2.wp.com\/www.cisa-arica.cl\/wp1\/wp-content\/uploads\/2024\/06\/IMG_3328-600x400.jpg?strip=info&#038;w=1800&#038;ssl=1 1800w,https:\/\/i2.wp.com\/www.cisa-arica.cl\/wp1\/wp-content\/uploads\/2024\/06\/IMG_3328-600x400.jpg?strip=info&#038;w=2000&#038;ssl=1 2000w\" alt=\"\" data-height=\"1365\" data-id=\"25819\" data-link=\"https:\/\/www.cisa-arica.cl\/wp1\/?attachment_id=25819\" data-url=\"https:\/\/www.cisa-arica.cl\/wp1\/wp-content\/uploads\/2024\/06\/IMG_3328-600x400.jpg\" data-width=\"2048\" src=\"https:\/\/i2.wp.com\/www.cisa-arica.cl\/wp1\/wp-content\/uploads\/2024\/06\/IMG_3328-600x400.jpg?ssl=1\" data-amp-layout=\"responsive\"\/><\/figure><\/div><\/div><div class=\"tiled-gallery__row\"><div class=\"tiled-gallery__col\" style=\"flex-basis:66.75534%\"><figure class=\"tiled-gallery__item\"><img decoding=\"async\" data-attachment-id=\"25820\" data-permalink=\"https:\/\/www.cisa-arica.cl\/wp1\/2024\/06\/10\/conmemoracion-7-de-junio-y-aniversario-de-la-provincia-sor-ana-del-salvatore-orsi\/img_3330\/\" data-orig-file=\"https:\/\/www.cisa-arica.cl\/wp1\/wp-content\/uploads\/2024\/06\/IMG_3330.jpg\" data-orig-size=\"2048,1365\" data-comments-opened=\"0\" data-image-meta=\"{&quot;aperture&quot;:&quot;1.4&quot;,&quot;credit&quot;:&quot;Mahadeva Das&quot;,&quot;camera&quot;:&quot;Canon EOS 60D&quot;,&quot;caption&quot;:&quot;&quot;,&quot;created_timestamp&quot;:&quot;1717678620&quot;,&quot;copyright&quot;:&quot;osomahadev@hotmail.com         Funkerrante@Gmail.com&quot;,&quot;focal_length&quot;:&quot;50&quot;,&quot;iso&quot;:&quot;320&quot;,&quot;shutter_speed&quot;:&quot;0.003125&quot;,&quot;title&quot;:&quot;&quot;,&quot;orientation&quot;:&quot;0&quot;}\" data-image-title=\"IMG_3330\" data-image-description=\"\" data-image-caption=\"\" data-large-file=\"https:\/\/www.cisa-arica.cl\/wp1\/wp-content\/uploads\/2024\/06\/IMG_3330-600x400.jpg\" data-attachment-id=\"25820\" data-permalink=\"https:\/\/www.cisa-arica.cl\/wp1\/2024\/06\/10\/conmemoracion-7-de-junio-y-aniversario-de-la-provincia-sor-ana-del-salvatore-orsi\/img_3330\/\" data-orig-file=\"https:\/\/www.cisa-arica.cl\/wp1\/wp-content\/uploads\/2024\/06\/IMG_3330.jpg\" data-orig-size=\"2048,1365\" data-comments-opened=\"0\" data-image-meta=\"{&quot;aperture&quot;:&quot;1.4&quot;,&quot;credit&quot;:&quot;Mahadeva Das&quot;,&quot;camera&quot;:&quot;Canon EOS 60D&quot;,&quot;caption&quot;:&quot;&quot;,&quot;created_timestamp&quot;:&quot;1717678620&quot;,&quot;copyright&quot;:&quot;osomahadev@hotmail.com         Funkerrante@Gmail.com&quot;,&quot;focal_length&quot;:&quot;50&quot;,&quot;iso&quot;:&quot;320&quot;,&quot;shutter_speed&quot;:&quot;0.003125&quot;,&quot;title&quot;:&quot;&quot;,&quot;orientation&quot;:&quot;0&quot;}\" data-image-title=\"IMG_3330\" data-image-description=\"\" data-image-caption=\"\" data-large-file=\"https:\/\/www.cisa-arica.cl\/wp1\/wp-content\/uploads\/2024\/06\/IMG_3330-600x400.jpg\" role=\"button\" tabindex=\"0\" aria-label=\"Abrir la imagen 12 de 25 en pantalla completa\"srcset=\"https:\/\/i1.wp.com\/www.cisa-arica.cl\/wp1\/wp-content\/uploads\/2024\/06\/IMG_3330-600x400.jpg?strip=info&#038;w=600&#038;ssl=1 600w,https:\/\/i1.wp.com\/www.cisa-arica.cl\/wp1\/wp-content\/uploads\/2024\/06\/IMG_3330-600x400.jpg?strip=info&#038;w=900&#038;ssl=1 900w,https:\/\/i1.wp.com\/www.cisa-arica.cl\/wp1\/wp-content\/uploads\/2024\/06\/IMG_3330-600x400.jpg?strip=info&#038;w=1200&#038;ssl=1 1200w,https:\/\/i1.wp.com\/www.cisa-arica.cl\/wp1\/wp-content\/uploads\/2024\/06\/IMG_3330-600x400.jpg?strip=info&#038;w=1500&#038;ssl=1 1500w,https:\/\/i1.wp.com\/www.cisa-arica.cl\/wp1\/wp-content\/uploads\/2024\/06\/IMG_3330-600x400.jpg?strip=info&#038;w=1800&#038;ssl=1 1800w,https:\/\/i1.wp.com\/www.cisa-arica.cl\/wp1\/wp-content\/uploads\/2024\/06\/IMG_3330-600x400.jpg?strip=info&#038;w=2000&#038;ssl=1 2000w\" alt=\"\" data-height=\"1365\" data-id=\"25820\" data-link=\"https:\/\/www.cisa-arica.cl\/wp1\/?attachment_id=25820\" data-url=\"https:\/\/www.cisa-arica.cl\/wp1\/wp-content\/uploads\/2024\/06\/IMG_3330-600x400.jpg\" data-width=\"2048\" src=\"https:\/\/i1.wp.com\/www.cisa-arica.cl\/wp1\/wp-content\/uploads\/2024\/06\/IMG_3330-600x400.jpg?ssl=1\" data-amp-layout=\"responsive\"\/><\/figure><\/div><div class=\"tiled-gallery__col\" style=\"flex-basis:33.24466%\"><figure class=\"tiled-gallery__item\"><img decoding=\"async\" data-attachment-id=\"25821\" data-permalink=\"https:\/\/www.cisa-arica.cl\/wp1\/2024\/06\/10\/conmemoracion-7-de-junio-y-aniversario-de-la-provincia-sor-ana-del-salvatore-orsi\/img_3331\/\" data-orig-file=\"https:\/\/www.cisa-arica.cl\/wp1\/wp-content\/uploads\/2024\/06\/IMG_3331.jpg\" data-orig-size=\"2048,1365\" data-comments-opened=\"0\" data-image-meta=\"{&quot;aperture&quot;:&quot;1.4&quot;,&quot;credit&quot;:&quot;Mahadeva Das&quot;,&quot;camera&quot;:&quot;Canon EOS 60D&quot;,&quot;caption&quot;:&quot;&quot;,&quot;created_timestamp&quot;:&quot;1717678622&quot;,&quot;copyright&quot;:&quot;osomahadev@hotmail.com         Funkerrante@Gmail.com&quot;,&quot;focal_length&quot;:&quot;50&quot;,&quot;iso&quot;:&quot;320&quot;,&quot;shutter_speed&quot;:&quot;0.003125&quot;,&quot;title&quot;:&quot;&quot;,&quot;orientation&quot;:&quot;0&quot;}\" data-image-title=\"IMG_3331\" data-image-description=\"\" data-image-caption=\"\" data-large-file=\"https:\/\/www.cisa-arica.cl\/wp1\/wp-content\/uploads\/2024\/06\/IMG_3331-600x400.jpg\" data-attachment-id=\"25821\" data-permalink=\"https:\/\/www.cisa-arica.cl\/wp1\/2024\/06\/10\/conmemoracion-7-de-junio-y-aniversario-de-la-provincia-sor-ana-del-salvatore-orsi\/img_3331\/\" data-orig-file=\"https:\/\/www.cisa-arica.cl\/wp1\/wp-content\/uploads\/2024\/06\/IMG_3331.jpg\" data-orig-size=\"2048,1365\" data-comments-opened=\"0\" data-image-meta=\"{&quot;aperture&quot;:&quot;1.4&quot;,&quot;credit&quot;:&quot;Mahadeva Das&quot;,&quot;camera&quot;:&quot;Canon EOS 60D&quot;,&quot;caption&quot;:&quot;&quot;,&quot;created_timestamp&quot;:&quot;1717678622&quot;,&quot;copyright&quot;:&quot;osomahadev@hotmail.com         Funkerrante@Gmail.com&quot;,&quot;focal_length&quot;:&quot;50&quot;,&quot;iso&quot;:&quot;320&quot;,&quot;shutter_speed&quot;:&quot;0.003125&quot;,&quot;title&quot;:&quot;&quot;,&quot;orientation&quot;:&quot;0&quot;}\" data-image-title=\"IMG_3331\" data-image-description=\"\" data-image-caption=\"\" data-large-file=\"https:\/\/www.cisa-arica.cl\/wp1\/wp-content\/uploads\/2024\/06\/IMG_3331-600x400.jpg\" role=\"button\" tabindex=\"0\" aria-label=\"Abrir la imagen 13 de 25 en pantalla completa\"srcset=\"https:\/\/i1.wp.com\/www.cisa-arica.cl\/wp1\/wp-content\/uploads\/2024\/06\/IMG_3331-600x400.jpg?strip=info&#038;w=600&#038;ssl=1 600w,https:\/\/i1.wp.com\/www.cisa-arica.cl\/wp1\/wp-content\/uploads\/2024\/06\/IMG_3331-600x400.jpg?strip=info&#038;w=900&#038;ssl=1 900w,https:\/\/i1.wp.com\/www.cisa-arica.cl\/wp1\/wp-content\/uploads\/2024\/06\/IMG_3331-600x400.jpg?strip=info&#038;w=1200&#038;ssl=1 1200w,https:\/\/i1.wp.com\/www.cisa-arica.cl\/wp1\/wp-content\/uploads\/2024\/06\/IMG_3331-600x400.jpg?strip=info&#038;w=1500&#038;ssl=1 1500w,https:\/\/i1.wp.com\/www.cisa-arica.cl\/wp1\/wp-content\/uploads\/2024\/06\/IMG_3331-600x400.jpg?strip=info&#038;w=1800&#038;ssl=1 1800w,https:\/\/i1.wp.com\/www.cisa-arica.cl\/wp1\/wp-content\/uploads\/2024\/06\/IMG_3331-600x400.jpg?strip=info&#038;w=2000&#038;ssl=1 2000w\" alt=\"\" data-height=\"1365\" data-id=\"25821\" data-link=\"https:\/\/www.cisa-arica.cl\/wp1\/?attachment_id=25821\" data-url=\"https:\/\/www.cisa-arica.cl\/wp1\/wp-content\/uploads\/2024\/06\/IMG_3331-600x400.jpg\" data-width=\"2048\" src=\"https:\/\/i1.wp.com\/www.cisa-arica.cl\/wp1\/wp-content\/uploads\/2024\/06\/IMG_3331-600x400.jpg?ssl=1\" data-amp-layout=\"responsive\"\/><\/figure><figure class=\"tiled-gallery__item\"><img decoding=\"async\" data-attachment-id=\"25822\" data-permalink=\"https:\/\/www.cisa-arica.cl\/wp1\/2024\/06\/10\/conmemoracion-7-de-junio-y-aniversario-de-la-provincia-sor-ana-del-salvatore-orsi\/img_3334\/\" data-orig-file=\"https:\/\/www.cisa-arica.cl\/wp1\/wp-content\/uploads\/2024\/06\/IMG_3334.jpg\" data-orig-size=\"2048,1365\" data-comments-opened=\"0\" data-image-meta=\"{&quot;aperture&quot;:&quot;1.4&quot;,&quot;credit&quot;:&quot;Mahadeva Das&quot;,&quot;camera&quot;:&quot;Canon EOS 60D&quot;,&quot;caption&quot;:&quot;&quot;,&quot;created_timestamp&quot;:&quot;1717678650&quot;,&quot;copyright&quot;:&quot;osomahadev@hotmail.com         Funkerrante@Gmail.com&quot;,&quot;focal_length&quot;:&quot;50&quot;,&quot;iso&quot;:&quot;320&quot;,&quot;shutter_speed&quot;:&quot;0.003125&quot;,&quot;title&quot;:&quot;&quot;,&quot;orientation&quot;:&quot;0&quot;}\" data-image-title=\"IMG_3334\" data-image-description=\"\" data-image-caption=\"\" data-large-file=\"https:\/\/www.cisa-arica.cl\/wp1\/wp-content\/uploads\/2024\/06\/IMG_3334-600x400.jpg\" data-attachment-id=\"25822\" data-permalink=\"https:\/\/www.cisa-arica.cl\/wp1\/2024\/06\/10\/conmemoracion-7-de-junio-y-aniversario-de-la-provincia-sor-ana-del-salvatore-orsi\/img_3334\/\" data-orig-file=\"https:\/\/www.cisa-arica.cl\/wp1\/wp-content\/uploads\/2024\/06\/IMG_3334.jpg\" data-orig-size=\"2048,1365\" data-comments-opened=\"0\" data-image-meta=\"{&quot;aperture&quot;:&quot;1.4&quot;,&quot;credit&quot;:&quot;Mahadeva Das&quot;,&quot;camera&quot;:&quot;Canon EOS 60D&quot;,&quot;caption&quot;:&quot;&quot;,&quot;created_timestamp&quot;:&quot;1717678650&quot;,&quot;copyright&quot;:&quot;osomahadev@hotmail.com         Funkerrante@Gmail.com&quot;,&quot;focal_length&quot;:&quot;50&quot;,&quot;iso&quot;:&quot;320&quot;,&quot;shutter_speed&quot;:&quot;0.003125&quot;,&quot;title&quot;:&quot;&quot;,&quot;orientation&quot;:&quot;0&quot;}\" data-image-title=\"IMG_3334\" data-image-description=\"\" data-image-caption=\"\" data-large-file=\"https:\/\/www.cisa-arica.cl\/wp1\/wp-content\/uploads\/2024\/06\/IMG_3334-600x400.jpg\" role=\"button\" tabindex=\"0\" aria-label=\"Abrir la imagen 14 de 25 en pantalla completa\"srcset=\"https:\/\/i0.wp.com\/www.cisa-arica.cl\/wp1\/wp-content\/uploads\/2024\/06\/IMG_3334-600x400.jpg?strip=info&#038;w=600&#038;ssl=1 600w,https:\/\/i0.wp.com\/www.cisa-arica.cl\/wp1\/wp-content\/uploads\/2024\/06\/IMG_3334-600x400.jpg?strip=info&#038;w=900&#038;ssl=1 900w,https:\/\/i0.wp.com\/www.cisa-arica.cl\/wp1\/wp-content\/uploads\/2024\/06\/IMG_3334-600x400.jpg?strip=info&#038;w=1200&#038;ssl=1 1200w,https:\/\/i0.wp.com\/www.cisa-arica.cl\/wp1\/wp-content\/uploads\/2024\/06\/IMG_3334-600x400.jpg?strip=info&#038;w=1500&#038;ssl=1 1500w,https:\/\/i0.wp.com\/www.cisa-arica.cl\/wp1\/wp-content\/uploads\/2024\/06\/IMG_3334-600x400.jpg?strip=info&#038;w=1800&#038;ssl=1 1800w,https:\/\/i0.wp.com\/www.cisa-arica.cl\/wp1\/wp-content\/uploads\/2024\/06\/IMG_3334-600x400.jpg?strip=info&#038;w=2000&#038;ssl=1 2000w\" alt=\"\" data-height=\"1365\" data-id=\"25822\" data-link=\"https:\/\/www.cisa-arica.cl\/wp1\/?attachment_id=25822\" data-url=\"https:\/\/www.cisa-arica.cl\/wp1\/wp-content\/uploads\/2024\/06\/IMG_3334-600x400.jpg\" data-width=\"2048\" src=\"https:\/\/i0.wp.com\/www.cisa-arica.cl\/wp1\/wp-content\/uploads\/2024\/06\/IMG_3334-600x400.jpg?ssl=1\" data-amp-layout=\"responsive\"\/><\/figure><\/div><\/div><div class=\"tiled-gallery__row\"><div class=\"tiled-gallery__col\" style=\"flex-basis:33.33333%\"><figure class=\"tiled-gallery__item\"><img decoding=\"async\" data-attachment-id=\"25823\" data-permalink=\"https:\/\/www.cisa-arica.cl\/wp1\/2024\/06\/10\/conmemoracion-7-de-junio-y-aniversario-de-la-provincia-sor-ana-del-salvatore-orsi\/img_3339\/\" data-orig-file=\"https:\/\/www.cisa-arica.cl\/wp1\/wp-content\/uploads\/2024\/06\/IMG_3339.jpg\" data-orig-size=\"2048,1365\" data-comments-opened=\"0\" data-image-meta=\"{&quot;aperture&quot;:&quot;1.4&quot;,&quot;credit&quot;:&quot;Mahadeva Das&quot;,&quot;camera&quot;:&quot;Canon EOS 60D&quot;,&quot;caption&quot;:&quot;&quot;,&quot;created_timestamp&quot;:&quot;1717678757&quot;,&quot;copyright&quot;:&quot;osomahadev@hotmail.com         Funkerrante@Gmail.com&quot;,&quot;focal_length&quot;:&quot;50&quot;,&quot;iso&quot;:&quot;320&quot;,&quot;shutter_speed&quot;:&quot;0.003125&quot;,&quot;title&quot;:&quot;&quot;,&quot;orientation&quot;:&quot;0&quot;}\" data-image-title=\"IMG_3339\" data-image-description=\"\" data-image-caption=\"\" data-large-file=\"https:\/\/www.cisa-arica.cl\/wp1\/wp-content\/uploads\/2024\/06\/IMG_3339-600x400.jpg\" data-attachment-id=\"25823\" data-permalink=\"https:\/\/www.cisa-arica.cl\/wp1\/2024\/06\/10\/conmemoracion-7-de-junio-y-aniversario-de-la-provincia-sor-ana-del-salvatore-orsi\/img_3339\/\" data-orig-file=\"https:\/\/www.cisa-arica.cl\/wp1\/wp-content\/uploads\/2024\/06\/IMG_3339.jpg\" data-orig-size=\"2048,1365\" data-comments-opened=\"0\" data-image-meta=\"{&quot;aperture&quot;:&quot;1.4&quot;,&quot;credit&quot;:&quot;Mahadeva Das&quot;,&quot;camera&quot;:&quot;Canon EOS 60D&quot;,&quot;caption&quot;:&quot;&quot;,&quot;created_timestamp&quot;:&quot;1717678757&quot;,&quot;copyright&quot;:&quot;osomahadev@hotmail.com         Funkerrante@Gmail.com&quot;,&quot;focal_length&quot;:&quot;50&quot;,&quot;iso&quot;:&quot;320&quot;,&quot;shutter_speed&quot;:&quot;0.003125&quot;,&quot;title&quot;:&quot;&quot;,&quot;orientation&quot;:&quot;0&quot;}\" data-image-title=\"IMG_3339\" data-image-description=\"\" data-image-caption=\"\" data-large-file=\"https:\/\/www.cisa-arica.cl\/wp1\/wp-content\/uploads\/2024\/06\/IMG_3339-600x400.jpg\" role=\"button\" tabindex=\"0\" aria-label=\"Abrir la imagen 15 de 25 en pantalla completa\"srcset=\"https:\/\/i1.wp.com\/www.cisa-arica.cl\/wp1\/wp-content\/uploads\/2024\/06\/IMG_3339-600x400.jpg?strip=info&#038;w=600&#038;ssl=1 600w,https:\/\/i1.wp.com\/www.cisa-arica.cl\/wp1\/wp-content\/uploads\/2024\/06\/IMG_3339-600x400.jpg?strip=info&#038;w=900&#038;ssl=1 900w,https:\/\/i1.wp.com\/www.cisa-arica.cl\/wp1\/wp-content\/uploads\/2024\/06\/IMG_3339-600x400.jpg?strip=info&#038;w=1200&#038;ssl=1 1200w,https:\/\/i1.wp.com\/www.cisa-arica.cl\/wp1\/wp-content\/uploads\/2024\/06\/IMG_3339-600x400.jpg?strip=info&#038;w=1500&#038;ssl=1 1500w,https:\/\/i1.wp.com\/www.cisa-arica.cl\/wp1\/wp-content\/uploads\/2024\/06\/IMG_3339-600x400.jpg?strip=info&#038;w=1800&#038;ssl=1 1800w,https:\/\/i1.wp.com\/www.cisa-arica.cl\/wp1\/wp-content\/uploads\/2024\/06\/IMG_3339-600x400.jpg?strip=info&#038;w=2000&#038;ssl=1 2000w\" alt=\"\" data-height=\"1365\" data-id=\"25823\" data-link=\"https:\/\/www.cisa-arica.cl\/wp1\/?attachment_id=25823\" data-url=\"https:\/\/www.cisa-arica.cl\/wp1\/wp-content\/uploads\/2024\/06\/IMG_3339-600x400.jpg\" data-width=\"2048\" src=\"https:\/\/i1.wp.com\/www.cisa-arica.cl\/wp1\/wp-content\/uploads\/2024\/06\/IMG_3339-600x400.jpg?ssl=1\" data-amp-layout=\"responsive\"\/><\/figure><\/div><div class=\"tiled-gallery__col\" style=\"flex-basis:33.33333%\"><figure class=\"tiled-gallery__item\"><img decoding=\"async\" data-attachment-id=\"25824\" data-permalink=\"https:\/\/www.cisa-arica.cl\/wp1\/2024\/06\/10\/conmemoracion-7-de-junio-y-aniversario-de-la-provincia-sor-ana-del-salvatore-orsi\/img_3351\/\" data-orig-file=\"https:\/\/www.cisa-arica.cl\/wp1\/wp-content\/uploads\/2024\/06\/IMG_3351.jpg\" data-orig-size=\"2048,1365\" data-comments-opened=\"0\" data-image-meta=\"{&quot;aperture&quot;:&quot;1.4&quot;,&quot;credit&quot;:&quot;Mahadeva Das&quot;,&quot;camera&quot;:&quot;Canon EOS 60D&quot;,&quot;caption&quot;:&quot;&quot;,&quot;created_timestamp&quot;:&quot;1717678869&quot;,&quot;copyright&quot;:&quot;osomahadev@hotmail.com         Funkerrante@Gmail.com&quot;,&quot;focal_length&quot;:&quot;50&quot;,&quot;iso&quot;:&quot;320&quot;,&quot;shutter_speed&quot;:&quot;0.003125&quot;,&quot;title&quot;:&quot;&quot;,&quot;orientation&quot;:&quot;0&quot;}\" data-image-title=\"IMG_3351\" data-image-description=\"\" data-image-caption=\"\" data-large-file=\"https:\/\/www.cisa-arica.cl\/wp1\/wp-content\/uploads\/2024\/06\/IMG_3351-600x400.jpg\" data-attachment-id=\"25824\" data-permalink=\"https:\/\/www.cisa-arica.cl\/wp1\/2024\/06\/10\/conmemoracion-7-de-junio-y-aniversario-de-la-provincia-sor-ana-del-salvatore-orsi\/img_3351\/\" data-orig-file=\"https:\/\/www.cisa-arica.cl\/wp1\/wp-content\/uploads\/2024\/06\/IMG_3351.jpg\" data-orig-size=\"2048,1365\" data-comments-opened=\"0\" data-image-meta=\"{&quot;aperture&quot;:&quot;1.4&quot;,&quot;credit&quot;:&quot;Mahadeva Das&quot;,&quot;camera&quot;:&quot;Canon EOS 60D&quot;,&quot;caption&quot;:&quot;&quot;,&quot;created_timestamp&quot;:&quot;1717678869&quot;,&quot;copyright&quot;:&quot;osomahadev@hotmail.com         Funkerrante@Gmail.com&quot;,&quot;focal_length&quot;:&quot;50&quot;,&quot;iso&quot;:&quot;320&quot;,&quot;shutter_speed&quot;:&quot;0.003125&quot;,&quot;title&quot;:&quot;&quot;,&quot;orientation&quot;:&quot;0&quot;}\" data-image-title=\"IMG_3351\" data-image-description=\"\" data-image-caption=\"\" data-large-file=\"https:\/\/www.cisa-arica.cl\/wp1\/wp-content\/uploads\/2024\/06\/IMG_3351-600x400.jpg\" role=\"button\" tabindex=\"0\" aria-label=\"Abrir la imagen 16 de 25 en pantalla completa\"srcset=\"https:\/\/i1.wp.com\/www.cisa-arica.cl\/wp1\/wp-content\/uploads\/2024\/06\/IMG_3351-600x400.jpg?strip=info&#038;w=600&#038;ssl=1 600w,https:\/\/i1.wp.com\/www.cisa-arica.cl\/wp1\/wp-content\/uploads\/2024\/06\/IMG_3351-600x400.jpg?strip=info&#038;w=900&#038;ssl=1 900w,https:\/\/i1.wp.com\/www.cisa-arica.cl\/wp1\/wp-content\/uploads\/2024\/06\/IMG_3351-600x400.jpg?strip=info&#038;w=1200&#038;ssl=1 1200w,https:\/\/i1.wp.com\/www.cisa-arica.cl\/wp1\/wp-content\/uploads\/2024\/06\/IMG_3351-600x400.jpg?strip=info&#038;w=1500&#038;ssl=1 1500w,https:\/\/i1.wp.com\/www.cisa-arica.cl\/wp1\/wp-content\/uploads\/2024\/06\/IMG_3351-600x400.jpg?strip=info&#038;w=1800&#038;ssl=1 1800w,https:\/\/i1.wp.com\/www.cisa-arica.cl\/wp1\/wp-content\/uploads\/2024\/06\/IMG_3351-600x400.jpg?strip=info&#038;w=2000&#038;ssl=1 2000w\" alt=\"\" data-height=\"1365\" data-id=\"25824\" data-link=\"https:\/\/www.cisa-arica.cl\/wp1\/?attachment_id=25824\" data-url=\"https:\/\/www.cisa-arica.cl\/wp1\/wp-content\/uploads\/2024\/06\/IMG_3351-600x400.jpg\" data-width=\"2048\" src=\"https:\/\/i1.wp.com\/www.cisa-arica.cl\/wp1\/wp-content\/uploads\/2024\/06\/IMG_3351-600x400.jpg?ssl=1\" data-amp-layout=\"responsive\"\/><\/figure><\/div><div class=\"tiled-gallery__col\" style=\"flex-basis:33.33333%\"><figure class=\"tiled-gallery__item\"><img decoding=\"async\" data-attachment-id=\"25825\" data-permalink=\"https:\/\/www.cisa-arica.cl\/wp1\/2024\/06\/10\/conmemoracion-7-de-junio-y-aniversario-de-la-provincia-sor-ana-del-salvatore-orsi\/img_3367\/\" data-orig-file=\"https:\/\/www.cisa-arica.cl\/wp1\/wp-content\/uploads\/2024\/06\/IMG_3367.jpg\" data-orig-size=\"2048,1365\" data-comments-opened=\"0\" data-image-meta=\"{&quot;aperture&quot;:&quot;1.4&quot;,&quot;credit&quot;:&quot;Mahadeva Das&quot;,&quot;camera&quot;:&quot;Canon EOS 60D&quot;,&quot;caption&quot;:&quot;&quot;,&quot;created_timestamp&quot;:&quot;1717679010&quot;,&quot;copyright&quot;:&quot;osomahadev@hotmail.com         Funkerrante@Gmail.com&quot;,&quot;focal_length&quot;:&quot;50&quot;,&quot;iso&quot;:&quot;320&quot;,&quot;shutter_speed&quot;:&quot;0.003125&quot;,&quot;title&quot;:&quot;&quot;,&quot;orientation&quot;:&quot;0&quot;}\" data-image-title=\"IMG_3367\" data-image-description=\"\" data-image-caption=\"\" data-large-file=\"https:\/\/www.cisa-arica.cl\/wp1\/wp-content\/uploads\/2024\/06\/IMG_3367-600x400.jpg\" data-attachment-id=\"25825\" data-permalink=\"https:\/\/www.cisa-arica.cl\/wp1\/2024\/06\/10\/conmemoracion-7-de-junio-y-aniversario-de-la-provincia-sor-ana-del-salvatore-orsi\/img_3367\/\" data-orig-file=\"https:\/\/www.cisa-arica.cl\/wp1\/wp-content\/uploads\/2024\/06\/IMG_3367.jpg\" data-orig-size=\"2048,1365\" data-comments-opened=\"0\" data-image-meta=\"{&quot;aperture&quot;:&quot;1.4&quot;,&quot;credit&quot;:&quot;Mahadeva Das&quot;,&quot;camera&quot;:&quot;Canon EOS 60D&quot;,&quot;caption&quot;:&quot;&quot;,&quot;created_timestamp&quot;:&quot;1717679010&quot;,&quot;copyright&quot;:&quot;osomahadev@hotmail.com         Funkerrante@Gmail.com&quot;,&quot;focal_length&quot;:&quot;50&quot;,&quot;iso&quot;:&quot;320&quot;,&quot;shutter_speed&quot;:&quot;0.003125&quot;,&quot;title&quot;:&quot;&quot;,&quot;orientation&quot;:&quot;0&quot;}\" data-image-title=\"IMG_3367\" data-image-description=\"\" data-image-caption=\"\" data-large-file=\"https:\/\/www.cisa-arica.cl\/wp1\/wp-content\/uploads\/2024\/06\/IMG_3367-600x400.jpg\" role=\"button\" tabindex=\"0\" aria-label=\"Abrir la imagen 17 de 25 en pantalla completa\"srcset=\"https:\/\/i0.wp.com\/www.cisa-arica.cl\/wp1\/wp-content\/uploads\/2024\/06\/IMG_3367-600x400.jpg?strip=info&#038;w=600&#038;ssl=1 600w,https:\/\/i0.wp.com\/www.cisa-arica.cl\/wp1\/wp-content\/uploads\/2024\/06\/IMG_3367-600x400.jpg?strip=info&#038;w=900&#038;ssl=1 900w,https:\/\/i0.wp.com\/www.cisa-arica.cl\/wp1\/wp-content\/uploads\/2024\/06\/IMG_3367-600x400.jpg?strip=info&#038;w=1200&#038;ssl=1 1200w,https:\/\/i0.wp.com\/www.cisa-arica.cl\/wp1\/wp-content\/uploads\/2024\/06\/IMG_3367-600x400.jpg?strip=info&#038;w=1500&#038;ssl=1 1500w,https:\/\/i0.wp.com\/www.cisa-arica.cl\/wp1\/wp-content\/uploads\/2024\/06\/IMG_3367-600x400.jpg?strip=info&#038;w=1800&#038;ssl=1 1800w,https:\/\/i0.wp.com\/www.cisa-arica.cl\/wp1\/wp-content\/uploads\/2024\/06\/IMG_3367-600x400.jpg?strip=info&#038;w=2000&#038;ssl=1 2000w\" alt=\"\" data-height=\"1365\" data-id=\"25825\" data-link=\"https:\/\/www.cisa-arica.cl\/wp1\/?attachment_id=25825\" data-url=\"https:\/\/www.cisa-arica.cl\/wp1\/wp-content\/uploads\/2024\/06\/IMG_3367-600x400.jpg\" data-width=\"2048\" src=\"https:\/\/i0.wp.com\/www.cisa-arica.cl\/wp1\/wp-content\/uploads\/2024\/06\/IMG_3367-600x400.jpg?ssl=1\" data-amp-layout=\"responsive\"\/><\/figure><\/div><\/div><div class=\"tiled-gallery__row\"><div class=\"tiled-gallery__col\" style=\"flex-basis:33.24466%\"><figure class=\"tiled-gallery__item\"><img decoding=\"async\" data-attachment-id=\"25826\" data-permalink=\"https:\/\/www.cisa-arica.cl\/wp1\/2024\/06\/10\/conmemoracion-7-de-junio-y-aniversario-de-la-provincia-sor-ana-del-salvatore-orsi\/img_3370\/\" data-orig-file=\"https:\/\/www.cisa-arica.cl\/wp1\/wp-content\/uploads\/2024\/06\/IMG_3370.jpg\" data-orig-size=\"2048,1365\" data-comments-opened=\"0\" data-image-meta=\"{&quot;aperture&quot;:&quot;1.4&quot;,&quot;credit&quot;:&quot;Mahadeva Das&quot;,&quot;camera&quot;:&quot;Canon EOS 60D&quot;,&quot;caption&quot;:&quot;&quot;,&quot;created_timestamp&quot;:&quot;1717679106&quot;,&quot;copyright&quot;:&quot;osomahadev@hotmail.com         Funkerrante@Gmail.com&quot;,&quot;focal_length&quot;:&quot;50&quot;,&quot;iso&quot;:&quot;320&quot;,&quot;shutter_speed&quot;:&quot;0.003125&quot;,&quot;title&quot;:&quot;&quot;,&quot;orientation&quot;:&quot;0&quot;}\" data-image-title=\"IMG_3370\" data-image-description=\"\" data-image-caption=\"\" data-large-file=\"https:\/\/www.cisa-arica.cl\/wp1\/wp-content\/uploads\/2024\/06\/IMG_3370-600x400.jpg\" data-attachment-id=\"25826\" data-permalink=\"https:\/\/www.cisa-arica.cl\/wp1\/2024\/06\/10\/conmemoracion-7-de-junio-y-aniversario-de-la-provincia-sor-ana-del-salvatore-orsi\/img_3370\/\" data-orig-file=\"https:\/\/www.cisa-arica.cl\/wp1\/wp-content\/uploads\/2024\/06\/IMG_3370.jpg\" data-orig-size=\"2048,1365\" data-comments-opened=\"0\" data-image-meta=\"{&quot;aperture&quot;:&quot;1.4&quot;,&quot;credit&quot;:&quot;Mahadeva Das&quot;,&quot;camera&quot;:&quot;Canon EOS 60D&quot;,&quot;caption&quot;:&quot;&quot;,&quot;created_timestamp&quot;:&quot;1717679106&quot;,&quot;copyright&quot;:&quot;osomahadev@hotmail.com         Funkerrante@Gmail.com&quot;,&quot;focal_length&quot;:&quot;50&quot;,&quot;iso&quot;:&quot;320&quot;,&quot;shutter_speed&quot;:&quot;0.003125&quot;,&quot;title&quot;:&quot;&quot;,&quot;orientation&quot;:&quot;0&quot;}\" data-image-title=\"IMG_3370\" data-image-description=\"\" data-image-caption=\"\" data-large-file=\"https:\/\/www.cisa-arica.cl\/wp1\/wp-content\/uploads\/2024\/06\/IMG_3370-600x400.jpg\" role=\"button\" tabindex=\"0\" aria-label=\"Abrir la imagen 18 de 25 en pantalla completa\"srcset=\"https:\/\/i1.wp.com\/www.cisa-arica.cl\/wp1\/wp-content\/uploads\/2024\/06\/IMG_3370-600x400.jpg?strip=info&#038;w=600&#038;ssl=1 600w,https:\/\/i1.wp.com\/www.cisa-arica.cl\/wp1\/wp-content\/uploads\/2024\/06\/IMG_3370-600x400.jpg?strip=info&#038;w=900&#038;ssl=1 900w,https:\/\/i1.wp.com\/www.cisa-arica.cl\/wp1\/wp-content\/uploads\/2024\/06\/IMG_3370-600x400.jpg?strip=info&#038;w=1200&#038;ssl=1 1200w,https:\/\/i1.wp.com\/www.cisa-arica.cl\/wp1\/wp-content\/uploads\/2024\/06\/IMG_3370-600x400.jpg?strip=info&#038;w=1500&#038;ssl=1 1500w,https:\/\/i1.wp.com\/www.cisa-arica.cl\/wp1\/wp-content\/uploads\/2024\/06\/IMG_3370-600x400.jpg?strip=info&#038;w=1800&#038;ssl=1 1800w,https:\/\/i1.wp.com\/www.cisa-arica.cl\/wp1\/wp-content\/uploads\/2024\/06\/IMG_3370-600x400.jpg?strip=info&#038;w=2000&#038;ssl=1 2000w\" alt=\"\" data-height=\"1365\" data-id=\"25826\" data-link=\"https:\/\/www.cisa-arica.cl\/wp1\/?attachment_id=25826\" data-url=\"https:\/\/www.cisa-arica.cl\/wp1\/wp-content\/uploads\/2024\/06\/IMG_3370-600x400.jpg\" data-width=\"2048\" src=\"https:\/\/i1.wp.com\/www.cisa-arica.cl\/wp1\/wp-content\/uploads\/2024\/06\/IMG_3370-600x400.jpg?ssl=1\" data-amp-layout=\"responsive\"\/><\/figure><figure class=\"tiled-gallery__item\"><img decoding=\"async\" data-attachment-id=\"25827\" data-permalink=\"https:\/\/www.cisa-arica.cl\/wp1\/2024\/06\/10\/conmemoracion-7-de-junio-y-aniversario-de-la-provincia-sor-ana-del-salvatore-orsi\/img_3373\/\" data-orig-file=\"https:\/\/www.cisa-arica.cl\/wp1\/wp-content\/uploads\/2024\/06\/IMG_3373.jpg\" data-orig-size=\"2048,1365\" data-comments-opened=\"0\" data-image-meta=\"{&quot;aperture&quot;:&quot;1.4&quot;,&quot;credit&quot;:&quot;Mahadeva Das&quot;,&quot;camera&quot;:&quot;Canon EOS 60D&quot;,&quot;caption&quot;:&quot;&quot;,&quot;created_timestamp&quot;:&quot;1717679115&quot;,&quot;copyright&quot;:&quot;osomahadev@hotmail.com         Funkerrante@Gmail.com&quot;,&quot;focal_length&quot;:&quot;50&quot;,&quot;iso&quot;:&quot;320&quot;,&quot;shutter_speed&quot;:&quot;0.003125&quot;,&quot;title&quot;:&quot;&quot;,&quot;orientation&quot;:&quot;0&quot;}\" data-image-title=\"IMG_3373\" data-image-description=\"\" data-image-caption=\"\" data-large-file=\"https:\/\/www.cisa-arica.cl\/wp1\/wp-content\/uploads\/2024\/06\/IMG_3373-600x400.jpg\" data-attachment-id=\"25827\" data-permalink=\"https:\/\/www.cisa-arica.cl\/wp1\/2024\/06\/10\/conmemoracion-7-de-junio-y-aniversario-de-la-provincia-sor-ana-del-salvatore-orsi\/img_3373\/\" data-orig-file=\"https:\/\/www.cisa-arica.cl\/wp1\/wp-content\/uploads\/2024\/06\/IMG_3373.jpg\" data-orig-size=\"2048,1365\" data-comments-opened=\"0\" data-image-meta=\"{&quot;aperture&quot;:&quot;1.4&quot;,&quot;credit&quot;:&quot;Mahadeva Das&quot;,&quot;camera&quot;:&quot;Canon EOS 60D&quot;,&quot;caption&quot;:&quot;&quot;,&quot;created_timestamp&quot;:&quot;1717679115&quot;,&quot;copyright&quot;:&quot;osomahadev@hotmail.com         Funkerrante@Gmail.com&quot;,&quot;focal_length&quot;:&quot;50&quot;,&quot;iso&quot;:&quot;320&quot;,&quot;shutter_speed&quot;:&quot;0.003125&quot;,&quot;title&quot;:&quot;&quot;,&quot;orientation&quot;:&quot;0&quot;}\" data-image-title=\"IMG_3373\" data-image-description=\"\" data-image-caption=\"\" data-large-file=\"https:\/\/www.cisa-arica.cl\/wp1\/wp-content\/uploads\/2024\/06\/IMG_3373-600x400.jpg\" role=\"button\" tabindex=\"0\" aria-label=\"Abrir la imagen 19 de 25 en pantalla completa\"srcset=\"https:\/\/i2.wp.com\/www.cisa-arica.cl\/wp1\/wp-content\/uploads\/2024\/06\/IMG_3373-600x400.jpg?strip=info&#038;w=600&#038;ssl=1 600w,https:\/\/i2.wp.com\/www.cisa-arica.cl\/wp1\/wp-content\/uploads\/2024\/06\/IMG_3373-600x400.jpg?strip=info&#038;w=900&#038;ssl=1 900w,https:\/\/i2.wp.com\/www.cisa-arica.cl\/wp1\/wp-content\/uploads\/2024\/06\/IMG_3373-600x400.jpg?strip=info&#038;w=1200&#038;ssl=1 1200w,https:\/\/i2.wp.com\/www.cisa-arica.cl\/wp1\/wp-content\/uploads\/2024\/06\/IMG_3373-600x400.jpg?strip=info&#038;w=1500&#038;ssl=1 1500w,https:\/\/i2.wp.com\/www.cisa-arica.cl\/wp1\/wp-content\/uploads\/2024\/06\/IMG_3373-600x400.jpg?strip=info&#038;w=1800&#038;ssl=1 1800w,https:\/\/i2.wp.com\/www.cisa-arica.cl\/wp1\/wp-content\/uploads\/2024\/06\/IMG_3373-600x400.jpg?strip=info&#038;w=2000&#038;ssl=1 2000w\" alt=\"\" data-height=\"1365\" data-id=\"25827\" data-link=\"https:\/\/www.cisa-arica.cl\/wp1\/?attachment_id=25827\" data-url=\"https:\/\/www.cisa-arica.cl\/wp1\/wp-content\/uploads\/2024\/06\/IMG_3373-600x400.jpg\" data-width=\"2048\" src=\"https:\/\/i2.wp.com\/www.cisa-arica.cl\/wp1\/wp-content\/uploads\/2024\/06\/IMG_3373-600x400.jpg?ssl=1\" data-amp-layout=\"responsive\"\/><\/figure><\/div><div class=\"tiled-gallery__col\" style=\"flex-basis:66.75534%\"><figure class=\"tiled-gallery__item\"><img decoding=\"async\" data-attachment-id=\"25828\" data-permalink=\"https:\/\/www.cisa-arica.cl\/wp1\/2024\/06\/10\/conmemoracion-7-de-junio-y-aniversario-de-la-provincia-sor-ana-del-salvatore-orsi\/img_3382\/\" data-orig-file=\"https:\/\/www.cisa-arica.cl\/wp1\/wp-content\/uploads\/2024\/06\/IMG_3382.jpg\" data-orig-size=\"2048,1365\" data-comments-opened=\"0\" data-image-meta=\"{&quot;aperture&quot;:&quot;1.4&quot;,&quot;credit&quot;:&quot;Mahadeva Das&quot;,&quot;camera&quot;:&quot;Canon EOS 60D&quot;,&quot;caption&quot;:&quot;&quot;,&quot;created_timestamp&quot;:&quot;1717679227&quot;,&quot;copyright&quot;:&quot;osomahadev@hotmail.com         Funkerrante@Gmail.com&quot;,&quot;focal_length&quot;:&quot;50&quot;,&quot;iso&quot;:&quot;320&quot;,&quot;shutter_speed&quot;:&quot;0.003125&quot;,&quot;title&quot;:&quot;&quot;,&quot;orientation&quot;:&quot;0&quot;}\" data-image-title=\"IMG_3382\" data-image-description=\"\" data-image-caption=\"\" data-large-file=\"https:\/\/www.cisa-arica.cl\/wp1\/wp-content\/uploads\/2024\/06\/IMG_3382-600x400.jpg\" data-attachment-id=\"25828\" data-permalink=\"https:\/\/www.cisa-arica.cl\/wp1\/2024\/06\/10\/conmemoracion-7-de-junio-y-aniversario-de-la-provincia-sor-ana-del-salvatore-orsi\/img_3382\/\" data-orig-file=\"https:\/\/www.cisa-arica.cl\/wp1\/wp-content\/uploads\/2024\/06\/IMG_3382.jpg\" data-orig-size=\"2048,1365\" data-comments-opened=\"0\" data-image-meta=\"{&quot;aperture&quot;:&quot;1.4&quot;,&quot;credit&quot;:&quot;Mahadeva Das&quot;,&quot;camera&quot;:&quot;Canon EOS 60D&quot;,&quot;caption&quot;:&quot;&quot;,&quot;created_timestamp&quot;:&quot;1717679227&quot;,&quot;copyright&quot;:&quot;osomahadev@hotmail.com         Funkerrante@Gmail.com&quot;,&quot;focal_length&quot;:&quot;50&quot;,&quot;iso&quot;:&quot;320&quot;,&quot;shutter_speed&quot;:&quot;0.003125&quot;,&quot;title&quot;:&quot;&quot;,&quot;orientation&quot;:&quot;0&quot;}\" data-image-title=\"IMG_3382\" data-image-description=\"\" data-image-caption=\"\" data-large-file=\"https:\/\/www.cisa-arica.cl\/wp1\/wp-content\/uploads\/2024\/06\/IMG_3382-600x400.jpg\" role=\"button\" tabindex=\"0\" aria-label=\"Abrir la imagen 20 de 25 en pantalla completa\"srcset=\"https:\/\/i0.wp.com\/www.cisa-arica.cl\/wp1\/wp-content\/uploads\/2024\/06\/IMG_3382-600x400.jpg?strip=info&#038;w=600&#038;ssl=1 600w,https:\/\/i0.wp.com\/www.cisa-arica.cl\/wp1\/wp-content\/uploads\/2024\/06\/IMG_3382-600x400.jpg?strip=info&#038;w=900&#038;ssl=1 900w,https:\/\/i0.wp.com\/www.cisa-arica.cl\/wp1\/wp-content\/uploads\/2024\/06\/IMG_3382-600x400.jpg?strip=info&#038;w=1200&#038;ssl=1 1200w,https:\/\/i0.wp.com\/www.cisa-arica.cl\/wp1\/wp-content\/uploads\/2024\/06\/IMG_3382-600x400.jpg?strip=info&#038;w=1500&#038;ssl=1 1500w,https:\/\/i0.wp.com\/www.cisa-arica.cl\/wp1\/wp-content\/uploads\/2024\/06\/IMG_3382-600x400.jpg?strip=info&#038;w=1800&#038;ssl=1 1800w,https:\/\/i0.wp.com\/www.cisa-arica.cl\/wp1\/wp-content\/uploads\/2024\/06\/IMG_3382-600x400.jpg?strip=info&#038;w=2000&#038;ssl=1 2000w\" alt=\"\" data-height=\"1365\" data-id=\"25828\" data-link=\"https:\/\/www.cisa-arica.cl\/wp1\/?attachment_id=25828\" data-url=\"https:\/\/www.cisa-arica.cl\/wp1\/wp-content\/uploads\/2024\/06\/IMG_3382-600x400.jpg\" data-width=\"2048\" src=\"https:\/\/i0.wp.com\/www.cisa-arica.cl\/wp1\/wp-content\/uploads\/2024\/06\/IMG_3382-600x400.jpg?ssl=1\" data-amp-layout=\"responsive\"\/><\/figure><\/div><\/div><div class=\"tiled-gallery__row\"><div class=\"tiled-gallery__col\" style=\"flex-basis:50.00000%\"><figure class=\"tiled-gallery__item\"><img decoding=\"async\" data-attachment-id=\"25829\" data-permalink=\"https:\/\/www.cisa-arica.cl\/wp1\/2024\/06\/10\/conmemoracion-7-de-junio-y-aniversario-de-la-provincia-sor-ana-del-salvatore-orsi\/img_3392\/\" data-orig-file=\"https:\/\/www.cisa-arica.cl\/wp1\/wp-content\/uploads\/2024\/06\/IMG_3392.jpg\" data-orig-size=\"2048,1365\" data-comments-opened=\"0\" data-image-meta=\"{&quot;aperture&quot;:&quot;1.4&quot;,&quot;credit&quot;:&quot;Mahadeva Das&quot;,&quot;camera&quot;:&quot;Canon EOS 60D&quot;,&quot;caption&quot;:&quot;&quot;,&quot;created_timestamp&quot;:&quot;1717679421&quot;,&quot;copyright&quot;:&quot;osomahadev@hotmail.com         Funkerrante@Gmail.com&quot;,&quot;focal_length&quot;:&quot;50&quot;,&quot;iso&quot;:&quot;320&quot;,&quot;shutter_speed&quot;:&quot;0.0025&quot;,&quot;title&quot;:&quot;&quot;,&quot;orientation&quot;:&quot;0&quot;}\" data-image-title=\"IMG_3392\" data-image-description=\"\" data-image-caption=\"\" data-large-file=\"https:\/\/www.cisa-arica.cl\/wp1\/wp-content\/uploads\/2024\/06\/IMG_3392-600x400.jpg\" data-attachment-id=\"25829\" data-permalink=\"https:\/\/www.cisa-arica.cl\/wp1\/2024\/06\/10\/conmemoracion-7-de-junio-y-aniversario-de-la-provincia-sor-ana-del-salvatore-orsi\/img_3392\/\" data-orig-file=\"https:\/\/www.cisa-arica.cl\/wp1\/wp-content\/uploads\/2024\/06\/IMG_3392.jpg\" data-orig-size=\"2048,1365\" data-comments-opened=\"0\" data-image-meta=\"{&quot;aperture&quot;:&quot;1.4&quot;,&quot;credit&quot;:&quot;Mahadeva Das&quot;,&quot;camera&quot;:&quot;Canon EOS 60D&quot;,&quot;caption&quot;:&quot;&quot;,&quot;created_timestamp&quot;:&quot;1717679421&quot;,&quot;copyright&quot;:&quot;osomahadev@hotmail.com         Funkerrante@Gmail.com&quot;,&quot;focal_length&quot;:&quot;50&quot;,&quot;iso&quot;:&quot;320&quot;,&quot;shutter_speed&quot;:&quot;0.0025&quot;,&quot;title&quot;:&quot;&quot;,&quot;orientation&quot;:&quot;0&quot;}\" data-image-title=\"IMG_3392\" data-image-description=\"\" data-image-caption=\"\" data-large-file=\"https:\/\/www.cisa-arica.cl\/wp1\/wp-content\/uploads\/2024\/06\/IMG_3392-600x400.jpg\" role=\"button\" tabindex=\"0\" aria-label=\"Abrir la imagen 21 de 25 en pantalla completa\"srcset=\"https:\/\/i1.wp.com\/www.cisa-arica.cl\/wp1\/wp-content\/uploads\/2024\/06\/IMG_3392-600x400.jpg?strip=info&#038;w=600&#038;ssl=1 600w,https:\/\/i1.wp.com\/www.cisa-arica.cl\/wp1\/wp-content\/uploads\/2024\/06\/IMG_3392-600x400.jpg?strip=info&#038;w=900&#038;ssl=1 900w,https:\/\/i1.wp.com\/www.cisa-arica.cl\/wp1\/wp-content\/uploads\/2024\/06\/IMG_3392-600x400.jpg?strip=info&#038;w=1200&#038;ssl=1 1200w,https:\/\/i1.wp.com\/www.cisa-arica.cl\/wp1\/wp-content\/uploads\/2024\/06\/IMG_3392-600x400.jpg?strip=info&#038;w=1500&#038;ssl=1 1500w,https:\/\/i1.wp.com\/www.cisa-arica.cl\/wp1\/wp-content\/uploads\/2024\/06\/IMG_3392-600x400.jpg?strip=info&#038;w=1800&#038;ssl=1 1800w,https:\/\/i1.wp.com\/www.cisa-arica.cl\/wp1\/wp-content\/uploads\/2024\/06\/IMG_3392-600x400.jpg?strip=info&#038;w=2000&#038;ssl=1 2000w\" alt=\"\" data-height=\"1365\" data-id=\"25829\" data-link=\"https:\/\/www.cisa-arica.cl\/wp1\/?attachment_id=25829\" data-url=\"https:\/\/www.cisa-arica.cl\/wp1\/wp-content\/uploads\/2024\/06\/IMG_3392-600x400.jpg\" data-width=\"2048\" src=\"https:\/\/i1.wp.com\/www.cisa-arica.cl\/wp1\/wp-content\/uploads\/2024\/06\/IMG_3392-600x400.jpg?ssl=1\" data-amp-layout=\"responsive\"\/><\/figure><\/div><div class=\"tiled-gallery__col\" style=\"flex-basis:50.00000%\"><figure class=\"tiled-gallery__item\"><img decoding=\"async\" data-attachment-id=\"25830\" data-permalink=\"https:\/\/www.cisa-arica.cl\/wp1\/2024\/06\/10\/conmemoracion-7-de-junio-y-aniversario-de-la-provincia-sor-ana-del-salvatore-orsi\/img_3403\/\" data-orig-file=\"https:\/\/www.cisa-arica.cl\/wp1\/wp-content\/uploads\/2024\/06\/IMG_3403.jpg\" data-orig-size=\"2048,1365\" data-comments-opened=\"0\" data-image-meta=\"{&quot;aperture&quot;:&quot;1.4&quot;,&quot;credit&quot;:&quot;Mahadeva Das&quot;,&quot;camera&quot;:&quot;Canon EOS 60D&quot;,&quot;caption&quot;:&quot;&quot;,&quot;created_timestamp&quot;:&quot;1717679579&quot;,&quot;copyright&quot;:&quot;osomahadev@hotmail.com         Funkerrante@Gmail.com&quot;,&quot;focal_length&quot;:&quot;50&quot;,&quot;iso&quot;:&quot;200&quot;,&quot;shutter_speed&quot;:&quot;0.0008&quot;,&quot;title&quot;:&quot;&quot;,&quot;orientation&quot;:&quot;0&quot;}\" data-image-title=\"IMG_3403\" data-image-description=\"\" data-image-caption=\"\" data-large-file=\"https:\/\/www.cisa-arica.cl\/wp1\/wp-content\/uploads\/2024\/06\/IMG_3403-600x400.jpg\" data-attachment-id=\"25830\" data-permalink=\"https:\/\/www.cisa-arica.cl\/wp1\/2024\/06\/10\/conmemoracion-7-de-junio-y-aniversario-de-la-provincia-sor-ana-del-salvatore-orsi\/img_3403\/\" data-orig-file=\"https:\/\/www.cisa-arica.cl\/wp1\/wp-content\/uploads\/2024\/06\/IMG_3403.jpg\" data-orig-size=\"2048,1365\" data-comments-opened=\"0\" data-image-meta=\"{&quot;aperture&quot;:&quot;1.4&quot;,&quot;credit&quot;:&quot;Mahadeva Das&quot;,&quot;camera&quot;:&quot;Canon EOS 60D&quot;,&quot;caption&quot;:&quot;&quot;,&quot;created_timestamp&quot;:&quot;1717679579&quot;,&quot;copyright&quot;:&quot;osomahadev@hotmail.com         Funkerrante@Gmail.com&quot;,&quot;focal_length&quot;:&quot;50&quot;,&quot;iso&quot;:&quot;200&quot;,&quot;shutter_speed&quot;:&quot;0.0008&quot;,&quot;title&quot;:&quot;&quot;,&quot;orientation&quot;:&quot;0&quot;}\" data-image-title=\"IMG_3403\" data-image-description=\"\" data-image-caption=\"\" data-large-file=\"https:\/\/www.cisa-arica.cl\/wp1\/wp-content\/uploads\/2024\/06\/IMG_3403-600x400.jpg\" role=\"button\" tabindex=\"0\" aria-label=\"Abrir la imagen 22 de 25 en pantalla completa\"srcset=\"https:\/\/i0.wp.com\/www.cisa-arica.cl\/wp1\/wp-content\/uploads\/2024\/06\/IMG_3403-600x400.jpg?strip=info&#038;w=600&#038;ssl=1 600w,https:\/\/i0.wp.com\/www.cisa-arica.cl\/wp1\/wp-content\/uploads\/2024\/06\/IMG_3403-600x400.jpg?strip=info&#038;w=900&#038;ssl=1 900w,https:\/\/i0.wp.com\/www.cisa-arica.cl\/wp1\/wp-content\/uploads\/2024\/06\/IMG_3403-600x400.jpg?strip=info&#038;w=1200&#038;ssl=1 1200w,https:\/\/i0.wp.com\/www.cisa-arica.cl\/wp1\/wp-content\/uploads\/2024\/06\/IMG_3403-600x400.jpg?strip=info&#038;w=1500&#038;ssl=1 1500w,https:\/\/i0.wp.com\/www.cisa-arica.cl\/wp1\/wp-content\/uploads\/2024\/06\/IMG_3403-600x400.jpg?strip=info&#038;w=1800&#038;ssl=1 1800w,https:\/\/i0.wp.com\/www.cisa-arica.cl\/wp1\/wp-content\/uploads\/2024\/06\/IMG_3403-600x400.jpg?strip=info&#038;w=2000&#038;ssl=1 2000w\" alt=\"\" data-height=\"1365\" data-id=\"25830\" data-link=\"https:\/\/www.cisa-arica.cl\/wp1\/?attachment_id=25830\" data-url=\"https:\/\/www.cisa-arica.cl\/wp1\/wp-content\/uploads\/2024\/06\/IMG_3403-600x400.jpg\" data-width=\"2048\" src=\"https:\/\/i0.wp.com\/www.cisa-arica.cl\/wp1\/wp-content\/uploads\/2024\/06\/IMG_3403-600x400.jpg?ssl=1\" data-amp-layout=\"responsive\"\/><\/figure><\/div><\/div><div class=\"tiled-gallery__row\"><div class=\"tiled-gallery__col\" style=\"flex-basis:66.75534%\"><figure class=\"tiled-gallery__item\"><img decoding=\"async\" data-attachment-id=\"25831\" data-permalink=\"https:\/\/www.cisa-arica.cl\/wp1\/2024\/06\/10\/conmemoracion-7-de-junio-y-aniversario-de-la-provincia-sor-ana-del-salvatore-orsi\/img_3415\/\" data-orig-file=\"https:\/\/www.cisa-arica.cl\/wp1\/wp-content\/uploads\/2024\/06\/IMG_3415.jpg\" data-orig-size=\"2048,1365\" data-comments-opened=\"0\" data-image-meta=\"{&quot;aperture&quot;:&quot;1.4&quot;,&quot;credit&quot;:&quot;Mahadeva Das&quot;,&quot;camera&quot;:&quot;Canon EOS 60D&quot;,&quot;caption&quot;:&quot;&quot;,&quot;created_timestamp&quot;:&quot;1717679736&quot;,&quot;copyright&quot;:&quot;osomahadev@hotmail.com         Funkerrante@Gmail.com&quot;,&quot;focal_length&quot;:&quot;50&quot;,&quot;iso&quot;:&quot;320&quot;,&quot;shutter_speed&quot;:&quot;0.001&quot;,&quot;title&quot;:&quot;&quot;,&quot;orientation&quot;:&quot;0&quot;}\" data-image-title=\"IMG_3415\" data-image-description=\"\" data-image-caption=\"\" data-large-file=\"https:\/\/www.cisa-arica.cl\/wp1\/wp-content\/uploads\/2024\/06\/IMG_3415-600x400.jpg\" data-attachment-id=\"25831\" data-permalink=\"https:\/\/www.cisa-arica.cl\/wp1\/2024\/06\/10\/conmemoracion-7-de-junio-y-aniversario-de-la-provincia-sor-ana-del-salvatore-orsi\/img_3415\/\" data-orig-file=\"https:\/\/www.cisa-arica.cl\/wp1\/wp-content\/uploads\/2024\/06\/IMG_3415.jpg\" data-orig-size=\"2048,1365\" data-comments-opened=\"0\" data-image-meta=\"{&quot;aperture&quot;:&quot;1.4&quot;,&quot;credit&quot;:&quot;Mahadeva Das&quot;,&quot;camera&quot;:&quot;Canon EOS 60D&quot;,&quot;caption&quot;:&quot;&quot;,&quot;created_timestamp&quot;:&quot;1717679736&quot;,&quot;copyright&quot;:&quot;osomahadev@hotmail.com         Funkerrante@Gmail.com&quot;,&quot;focal_length&quot;:&quot;50&quot;,&quot;iso&quot;:&quot;320&quot;,&quot;shutter_speed&quot;:&quot;0.001&quot;,&quot;title&quot;:&quot;&quot;,&quot;orientation&quot;:&quot;0&quot;}\" data-image-title=\"IMG_3415\" data-image-description=\"\" data-image-caption=\"\" data-large-file=\"https:\/\/www.cisa-arica.cl\/wp1\/wp-content\/uploads\/2024\/06\/IMG_3415-600x400.jpg\" role=\"button\" tabindex=\"0\" aria-label=\"Abrir la imagen 23 de 25 en pantalla completa\"srcset=\"https:\/\/i2.wp.com\/www.cisa-arica.cl\/wp1\/wp-content\/uploads\/2024\/06\/IMG_3415-600x400.jpg?strip=info&#038;w=600&#038;ssl=1 600w,https:\/\/i2.wp.com\/www.cisa-arica.cl\/wp1\/wp-content\/uploads\/2024\/06\/IMG_3415-600x400.jpg?strip=info&#038;w=900&#038;ssl=1 900w,https:\/\/i2.wp.com\/www.cisa-arica.cl\/wp1\/wp-content\/uploads\/2024\/06\/IMG_3415-600x400.jpg?strip=info&#038;w=1200&#038;ssl=1 1200w,https:\/\/i2.wp.com\/www.cisa-arica.cl\/wp1\/wp-content\/uploads\/2024\/06\/IMG_3415-600x400.jpg?strip=info&#038;w=1500&#038;ssl=1 1500w,https:\/\/i2.wp.com\/www.cisa-arica.cl\/wp1\/wp-content\/uploads\/2024\/06\/IMG_3415-600x400.jpg?strip=info&#038;w=1800&#038;ssl=1 1800w,https:\/\/i2.wp.com\/www.cisa-arica.cl\/wp1\/wp-content\/uploads\/2024\/06\/IMG_3415-600x400.jpg?strip=info&#038;w=2000&#038;ssl=1 2000w\" alt=\"\" data-height=\"1365\" data-id=\"25831\" data-link=\"https:\/\/www.cisa-arica.cl\/wp1\/?attachment_id=25831\" data-url=\"https:\/\/www.cisa-arica.cl\/wp1\/wp-content\/uploads\/2024\/06\/IMG_3415-600x400.jpg\" data-width=\"2048\" src=\"https:\/\/i2.wp.com\/www.cisa-arica.cl\/wp1\/wp-content\/uploads\/2024\/06\/IMG_3415-600x400.jpg?ssl=1\" data-amp-layout=\"responsive\"\/><\/figure><\/div><div class=\"tiled-gallery__col\" style=\"flex-basis:33.24466%\"><figure class=\"tiled-gallery__item\"><img decoding=\"async\" data-attachment-id=\"25832\" data-permalink=\"https:\/\/www.cisa-arica.cl\/wp1\/2024\/06\/10\/conmemoracion-7-de-junio-y-aniversario-de-la-provincia-sor-ana-del-salvatore-orsi\/img_3418\/\" data-orig-file=\"https:\/\/www.cisa-arica.cl\/wp1\/wp-content\/uploads\/2024\/06\/IMG_3418.jpg\" data-orig-size=\"2048,1365\" data-comments-opened=\"0\" data-image-meta=\"{&quot;aperture&quot;:&quot;2.8&quot;,&quot;credit&quot;:&quot;Mahadeva Das&quot;,&quot;camera&quot;:&quot;Canon EOS 60D&quot;,&quot;caption&quot;:&quot;&quot;,&quot;created_timestamp&quot;:&quot;1717680126&quot;,&quot;copyright&quot;:&quot;osomahadev@hotmail.com         Funkerrante@Gmail.com&quot;,&quot;focal_length&quot;:&quot;20&quot;,&quot;iso&quot;:&quot;640&quot;,&quot;shutter_speed&quot;:&quot;0.0025&quot;,&quot;title&quot;:&quot;&quot;,&quot;orientation&quot;:&quot;0&quot;}\" data-image-title=\"IMG_3418\" data-image-description=\"\" data-image-caption=\"\" data-large-file=\"https:\/\/www.cisa-arica.cl\/wp1\/wp-content\/uploads\/2024\/06\/IMG_3418-600x400.jpg\" data-attachment-id=\"25832\" data-permalink=\"https:\/\/www.cisa-arica.cl\/wp1\/2024\/06\/10\/conmemoracion-7-de-junio-y-aniversario-de-la-provincia-sor-ana-del-salvatore-orsi\/img_3418\/\" data-orig-file=\"https:\/\/www.cisa-arica.cl\/wp1\/wp-content\/uploads\/2024\/06\/IMG_3418.jpg\" data-orig-size=\"2048,1365\" data-comments-opened=\"0\" data-image-meta=\"{&quot;aperture&quot;:&quot;2.8&quot;,&quot;credit&quot;:&quot;Mahadeva Das&quot;,&quot;camera&quot;:&quot;Canon EOS 60D&quot;,&quot;caption&quot;:&quot;&quot;,&quot;created_timestamp&quot;:&quot;1717680126&quot;,&quot;copyright&quot;:&quot;osomahadev@hotmail.com         Funkerrante@Gmail.com&quot;,&quot;focal_length&quot;:&quot;20&quot;,&quot;iso&quot;:&quot;640&quot;,&quot;shutter_speed&quot;:&quot;0.0025&quot;,&quot;title&quot;:&quot;&quot;,&quot;orientation&quot;:&quot;0&quot;}\" data-image-title=\"IMG_3418\" data-image-description=\"\" data-image-caption=\"\" data-large-file=\"https:\/\/www.cisa-arica.cl\/wp1\/wp-content\/uploads\/2024\/06\/IMG_3418-600x400.jpg\" role=\"button\" tabindex=\"0\" aria-label=\"Abrir la imagen 24 de 25 en pantalla completa\"srcset=\"https:\/\/i1.wp.com\/www.cisa-arica.cl\/wp1\/wp-content\/uploads\/2024\/06\/IMG_3418-600x400.jpg?strip=info&#038;w=600&#038;ssl=1 600w,https:\/\/i1.wp.com\/www.cisa-arica.cl\/wp1\/wp-content\/uploads\/2024\/06\/IMG_3418-600x400.jpg?strip=info&#038;w=900&#038;ssl=1 900w,https:\/\/i1.wp.com\/www.cisa-arica.cl\/wp1\/wp-content\/uploads\/2024\/06\/IMG_3418-600x400.jpg?strip=info&#038;w=1200&#038;ssl=1 1200w,https:\/\/i1.wp.com\/www.cisa-arica.cl\/wp1\/wp-content\/uploads\/2024\/06\/IMG_3418-600x400.jpg?strip=info&#038;w=1500&#038;ssl=1 1500w,https:\/\/i1.wp.com\/www.cisa-arica.cl\/wp1\/wp-content\/uploads\/2024\/06\/IMG_3418-600x400.jpg?strip=info&#038;w=1800&#038;ssl=1 1800w,https:\/\/i1.wp.com\/www.cisa-arica.cl\/wp1\/wp-content\/uploads\/2024\/06\/IMG_3418-600x400.jpg?strip=info&#038;w=2000&#038;ssl=1 2000w\" alt=\"\" data-height=\"1365\" data-id=\"25832\" data-link=\"https:\/\/www.cisa-arica.cl\/wp1\/?attachment_id=25832\" data-url=\"https:\/\/www.cisa-arica.cl\/wp1\/wp-content\/uploads\/2024\/06\/IMG_3418-600x400.jpg\" data-width=\"2048\" src=\"https:\/\/i1.wp.com\/www.cisa-arica.cl\/wp1\/wp-content\/uploads\/2024\/06\/IMG_3418-600x400.jpg?ssl=1\" data-amp-layout=\"responsive\"\/><\/figure><figure class=\"tiled-gallery__item\"><img decoding=\"async\" data-attachment-id=\"25833\" data-permalink=\"https:\/\/www.cisa-arica.cl\/wp1\/2024\/06\/10\/conmemoracion-7-de-junio-y-aniversario-de-la-provincia-sor-ana-del-salvatore-orsi\/img_3422-2\/\" data-orig-file=\"https:\/\/www.cisa-arica.cl\/wp1\/wp-content\/uploads\/2024\/06\/IMG_3422.jpg\" data-orig-size=\"2048,1365\" data-comments-opened=\"0\" data-image-meta=\"{&quot;aperture&quot;:&quot;2.8&quot;,&quot;credit&quot;:&quot;Mahadeva Das&quot;,&quot;camera&quot;:&quot;Canon EOS 60D&quot;,&quot;caption&quot;:&quot;&quot;,&quot;created_timestamp&quot;:&quot;1717680145&quot;,&quot;copyright&quot;:&quot;osomahadev@hotmail.com         Funkerrante@Gmail.com&quot;,&quot;focal_length&quot;:&quot;20&quot;,&quot;iso&quot;:&quot;640&quot;,&quot;shutter_speed&quot;:&quot;0.0025&quot;,&quot;title&quot;:&quot;&quot;,&quot;orientation&quot;:&quot;0&quot;}\" data-image-title=\"IMG_3422\" data-image-description=\"\" data-image-caption=\"\" data-large-file=\"https:\/\/www.cisa-arica.cl\/wp1\/wp-content\/uploads\/2024\/06\/IMG_3422-600x400.jpg\" data-attachment-id=\"25833\" data-permalink=\"https:\/\/www.cisa-arica.cl\/wp1\/2024\/06\/10\/conmemoracion-7-de-junio-y-aniversario-de-la-provincia-sor-ana-del-salvatore-orsi\/img_3422-2\/\" data-orig-file=\"https:\/\/www.cisa-arica.cl\/wp1\/wp-content\/uploads\/2024\/06\/IMG_3422.jpg\" data-orig-size=\"2048,1365\" data-comments-opened=\"0\" data-image-meta=\"{&quot;aperture&quot;:&quot;2.8&quot;,&quot;credit&quot;:&quot;Mahadeva Das&quot;,&quot;camera&quot;:&quot;Canon EOS 60D&quot;,&quot;caption&quot;:&quot;&quot;,&quot;created_timestamp&quot;:&quot;1717680145&quot;,&quot;copyright&quot;:&quot;osomahadev@hotmail.com         Funkerrante@Gmail.com&quot;,&quot;focal_length&quot;:&quot;20&quot;,&quot;iso&quot;:&quot;640&quot;,&quot;shutter_speed&quot;:&quot;0.0025&quot;,&quot;title&quot;:&quot;&quot;,&quot;orientation&quot;:&quot;0&quot;}\" data-image-title=\"IMG_3422\" data-image-description=\"\" data-image-caption=\"\" data-large-file=\"https:\/\/www.cisa-arica.cl\/wp1\/wp-content\/uploads\/2024\/06\/IMG_3422-600x400.jpg\" role=\"button\" tabindex=\"0\" aria-label=\"Abrir la imagen 25 de 25 en pantalla completa\"srcset=\"https:\/\/i0.wp.com\/www.cisa-arica.cl\/wp1\/wp-content\/uploads\/2024\/06\/IMG_3422-600x400.jpg?strip=info&#038;w=600&#038;ssl=1 600w,https:\/\/i0.wp.com\/www.cisa-arica.cl\/wp1\/wp-content\/uploads\/2024\/06\/IMG_3422-600x400.jpg?strip=info&#038;w=900&#038;ssl=1 900w,https:\/\/i0.wp.com\/www.cisa-arica.cl\/wp1\/wp-content\/uploads\/2024\/06\/IMG_3422-600x400.jpg?strip=info&#038;w=1200&#038;ssl=1 1200w,https:\/\/i0.wp.com\/www.cisa-arica.cl\/wp1\/wp-content\/uploads\/2024\/06\/IMG_3422-600x400.jpg?strip=info&#038;w=1500&#038;ssl=1 1500w,https:\/\/i0.wp.com\/www.cisa-arica.cl\/wp1\/wp-content\/uploads\/2024\/06\/IMG_3422-600x400.jpg?strip=info&#038;w=1800&#038;ssl=1 1800w,https:\/\/i0.wp.com\/www.cisa-arica.cl\/wp1\/wp-content\/uploads\/2024\/06\/IMG_3422-600x400.jpg?strip=info&#038;w=2000&#038;ssl=1 2000w\" alt=\"\" data-height=\"1365\" data-id=\"25833\" data-link=\"https:\/\/www.cisa-arica.cl\/wp1\/?attachment_id=25833\" data-url=\"https:\/\/www.cisa-arica.cl\/wp1\/wp-content\/uploads\/2024\/06\/IMG_3422-600x400.jpg\" data-width=\"2048\" src=\"https:\/\/i0.wp.com\/www.cisa-arica.cl\/wp1\/wp-content\/uploads\/2024\/06\/IMG_3422-600x400.jpg?ssl=1\" data-amp-layout=\"responsive\"\/><\/figure><\/div><\/div><\/div><\/div>\n","protected":false},"excerpt":{"rendered":"<p>Los Octavos a\u00f1os b\u00e1sicos junto a sus respectivos profesores jefes Samuel Parra y Michael V\u00e9liz, fueron los organizadores de este acto tan significativo para nuestra ciudad como es la Conmemoraci\u00f3n del 7 de Junio y la celebraci\u00f3n de un nuevo aniversario de la Provincia Chile -Per\u00fa de Sor Ana de Salvatore Orsi.\u00a0 En la oportunidad, <a class=\"read-more\" href=\"https:\/\/www.cisa-arica.cl\/wp1\/2024\/06\/10\/conmemoracion-7-de-junio-y-aniversario-de-la-provincia-sor-ana-del-salvatore-orsi\/\">Continuar leyendo<\/a><\/p>\n","protected":false},"author":5,"featured_media":25810,"comment_status":"closed","ping_status":"open","sticky":false,"template":"","format":"standard","meta":{"_jetpack_memberships_contains_paid_content":false,"footnotes":"","jetpack_publicize_message":"","jetpack_publicize_feature_enabled":true,"jetpack_social_post_already_shared":true,"jetpack_social_options":{"image_generator_settings":{"template":"highway","default_image_id":0,"font":"","enabled":false},"version":2}},"categories":[5],"tags":[],"class_list":["post-25807","post","type-post","status-publish","format-standard","has-post-thumbnail","hentry","category-uncategorized"],"jetpack_publicize_connections":[],"jetpack_featured_media_url":"https:\/\/www.cisa-arica.cl\/wp1\/wp-content\/uploads\/2024\/06\/IMG_3300-e1719352740982.jpg","jetpack_sharing_enabled":true,"jetpack_shortlink":"https:\/\/wp.me\/p84wcz-6If","jetpack-related-posts":[{"id":20772,"url":"https:\/\/www.cisa-arica.cl\/wp1\/2023\/06\/08\/conmemoracion-del-asalto-y-toma-del-morro-de-arica\/","url_meta":{"origin":25807,"position":0},"title":"Conmemoraci\u00f3n del Asalto y Toma del Morro de Arica","author":"Jeannette Rivera","date":"8 de Junio de 2023","format":false,"excerpt":"Este martes 06 de junio se realiz\u00f3 el acto en conmemoraci\u00f3n del 07 de Junio el cual estuvo a cargo de los Cuartos A\u00f1os B\u00e1sicos A y B. Para iniciar el acto, se entonaron\u00a0 los Himnos Nacional y del Colegio, los cuales fueron dirigidos por el profesor Cristian Tobar. Seguidamente,\u2026","rel":"","context":"Entrada similar ","block_context":{"text":"Entrada similar ","link":""},"img":{"alt_text":"","src":"https:\/\/i0.wp.com\/www.cisa-arica.cl\/wp1\/wp-content\/uploads\/2023\/06\/IMG_0011.jpg?resize=350%2C200&ssl=1","width":350,"height":200,"srcset":"https:\/\/i0.wp.com\/www.cisa-arica.cl\/wp1\/wp-content\/uploads\/2023\/06\/IMG_0011.jpg?resize=350%2C200&ssl=1 1x, https:\/\/i0.wp.com\/www.cisa-arica.cl\/wp1\/wp-content\/uploads\/2023\/06\/IMG_0011.jpg?resize=525%2C300&ssl=1 1.5x, https:\/\/i0.wp.com\/www.cisa-arica.cl\/wp1\/wp-content\/uploads\/2023\/06\/IMG_0011.jpg?resize=700%2C400&ssl=1 2x, https:\/\/i0.wp.com\/www.cisa-arica.cl\/wp1\/wp-content\/uploads\/2023\/06\/IMG_0011.jpg?resize=1050%2C600&ssl=1 3x, https:\/\/i0.wp.com\/www.cisa-arica.cl\/wp1\/wp-content\/uploads\/2023\/06\/IMG_0011.jpg?resize=1400%2C800&ssl=1 4x"},"classes":[]},{"id":25753,"url":"https:\/\/www.cisa-arica.cl\/wp1\/2024\/06\/05\/informativo-6\/","url_meta":{"origin":25807,"position":1},"title":"Informativo","author":"Jeannette Rivera","date":"5 de Junio de 2024","format":false,"excerpt":"A la Comunidad se informa que el d\u00eda JUEVES 06 DE JUNIO se realizar\u00e1 el acto c\u00edvico interno a las 11.15 am. en conmemoraci\u00f3n al Asalto y Toma del Morro de Arica y a la celebraci\u00f3n del D\u00eda de la Provincia Sor Ana Salvatore Chile - Per\u00fa. Luego del acto\u2026","rel":"","context":"Entrada similar ","block_context":{"text":"Entrada similar ","link":""},"img":{"alt_text":"","src":"","width":0,"height":0},"classes":[]},{"id":7502,"url":"https:\/\/www.cisa-arica.cl\/wp1\/2019\/06\/10\/con-un-acto-civico-enfocado-en-la-hermandad-entre-paises-se-conmemoro-este-7-de-junio\/","url_meta":{"origin":25807,"position":2},"title":"Con un enfoque en la unidad entre pa\u00edses se conmemor\u00f3 este 7 de junio","author":"Jeannette Rivera","date":"10 de Junio de 2019","format":false,"excerpt":"El pasado 6 de junio se realiz\u00f3 en el colegio un acto c\u00edvico a cargo del Dpto. de Historia y Geograf\u00eda el cual record\u00f3 el Asalto y Toma del Morro de Arica. Esta conmemoraci\u00f3n tuvo la participaci\u00f3n de nuestras alumnas de los 3os b\u00e1sicos y academias de baile, y se\u2026","rel":"","context":"En &quot;galeria&quot;","block_context":{"text":"galeria","link":"https:\/\/www.cisa-arica.cl\/wp1\/category\/galeria\/"},"img":{"alt_text":"","src":"https:\/\/i0.wp.com\/www.cisa-arica.cl\/wp1\/wp-content\/uploads\/2019\/06\/037.jpg?resize=350%2C200&ssl=1","width":350,"height":200,"srcset":"https:\/\/i0.wp.com\/www.cisa-arica.cl\/wp1\/wp-content\/uploads\/2019\/06\/037.jpg?resize=350%2C200&ssl=1 1x, https:\/\/i0.wp.com\/www.cisa-arica.cl\/wp1\/wp-content\/uploads\/2019\/06\/037.jpg?resize=525%2C300&ssl=1 1.5x, https:\/\/i0.wp.com\/www.cisa-arica.cl\/wp1\/wp-content\/uploads\/2019\/06\/037.jpg?resize=700%2C400&ssl=1 2x"},"classes":[]},{"id":24545,"url":"https:\/\/www.cisa-arica.cl\/wp1\/2024\/03\/11\/conmemoracion-dia-de-la-mujer\/","url_meta":{"origin":25807,"position":3},"title":"Conmemoraci\u00f3n D\u00eda de la Mujer","author":"Jeannette Rivera","date":"11 de Marzo de 2024","format":false,"excerpt":"Con un acto cargado de sentimiento y mensajes positivos, se realiz\u00f3 hoy lunes 11, la conmemoraci\u00f3n por el d\u00eda de la mujer en donde se destac\u00f3 el gran aporte, a lo largo de la historia, que han realizado diversas mujeres y c\u00f3mo, hasta el d\u00eda de hoy, muchas siguen dando\u2026","rel":"","context":"Entrada similar ","block_context":{"text":"Entrada similar ","link":""},"img":{"alt_text":"","src":"https:\/\/i0.wp.com\/www.cisa-arica.cl\/wp1\/wp-content\/uploads\/2024\/03\/PHOTO-2024-03-08-10-08-39.jpg?resize=350%2C200&ssl=1","width":350,"height":200,"srcset":"https:\/\/i0.wp.com\/www.cisa-arica.cl\/wp1\/wp-content\/uploads\/2024\/03\/PHOTO-2024-03-08-10-08-39.jpg?resize=350%2C200&ssl=1 1x, https:\/\/i0.wp.com\/www.cisa-arica.cl\/wp1\/wp-content\/uploads\/2024\/03\/PHOTO-2024-03-08-10-08-39.jpg?resize=525%2C300&ssl=1 1.5x, https:\/\/i0.wp.com\/www.cisa-arica.cl\/wp1\/wp-content\/uploads\/2024\/03\/PHOTO-2024-03-08-10-08-39.jpg?resize=700%2C400&ssl=1 2x, https:\/\/i0.wp.com\/www.cisa-arica.cl\/wp1\/wp-content\/uploads\/2024\/03\/PHOTO-2024-03-08-10-08-39.jpg?resize=1050%2C600&ssl=1 3x"},"classes":[]},{"id":8260,"url":"https:\/\/www.cisa-arica.cl\/wp1\/2019\/07\/29\/misa-en-conmemoracion-dia-de-santa-ana\/","url_meta":{"origin":25807,"position":4},"title":"Misa Conmemorativa D\u00eda de Santa Ana","author":"Jeannette Rivera","date":"29 de Julio de 2019","format":false,"excerpt":"Posterior a la procesi\u00f3n del d\u00eda viernes 26 de julio, la conmemoraci\u00f3n fue llevada a nuestro establecimiento, donde se celebr\u00f3 una Eucarist\u00eda en honor a Santa Ana la que reuni\u00f3 a toda la comunidad del colegio: Hermanas de la congregaci\u00f3n, profesores, alumnas y ex-alumnas.","rel":"","context":"En &quot;galeria&quot;","block_context":{"text":"galeria","link":"https:\/\/www.cisa-arica.cl\/wp1\/category\/galeria\/"},"img":{"alt_text":"","src":"https:\/\/i0.wp.com\/www.cisa-arica.cl\/wp1\/wp-content\/uploads\/2019\/07\/242.jpg?resize=350%2C200&ssl=1","width":350,"height":200,"srcset":"https:\/\/i0.wp.com\/www.cisa-arica.cl\/wp1\/wp-content\/uploads\/2019\/07\/242.jpg?resize=350%2C200&ssl=1 1x, https:\/\/i0.wp.com\/www.cisa-arica.cl\/wp1\/wp-content\/uploads\/2019\/07\/242.jpg?resize=525%2C300&ssl=1 1.5x, https:\/\/i0.wp.com\/www.cisa-arica.cl\/wp1\/wp-content\/uploads\/2019\/07\/242.jpg?resize=700%2C400&ssl=1 2x"},"classes":[]},{"id":28194,"url":"https:\/\/www.cisa-arica.cl\/wp1\/2025\/04\/30\/conmemoracion-dia-del-libro-2025\/","url_meta":{"origin":25807,"position":5},"title":"Conmemoraci\u00f3n D\u00eda del Libro 2025","author":"Jeannette Rivera","date":"30 de Abril de 2025","format":false,"excerpt":"El pasado mi\u00e9rcoles 23 de abril se conmemor\u00f3 el D\u00eda Internacional del Libro y Derecho de Autor, fue un d\u00eda cargado de actividades para recordar la importancia que tiene el libro en la vida de cada uno de nosotros. En el acto tambi\u00e9n se record\u00f3 a nuestra insigne escritora y\u2026","rel":"","context":"Entrada similar ","block_context":{"text":"Entrada similar ","link":""},"img":{"alt_text":"","src":"https:\/\/i0.wp.com\/www.cisa-arica.cl\/wp1\/wp-content\/uploads\/2025\/05\/IMG_0320.jpg?resize=350%2C200&ssl=1","width":350,"height":200,"srcset":"https:\/\/i0.wp.com\/www.cisa-arica.cl\/wp1\/wp-content\/uploads\/2025\/05\/IMG_0320.jpg?resize=350%2C200&ssl=1 1x, https:\/\/i0.wp.com\/www.cisa-arica.cl\/wp1\/wp-content\/uploads\/2025\/05\/IMG_0320.jpg?resize=525%2C300&ssl=1 1.5x, https:\/\/i0.wp.com\/www.cisa-arica.cl\/wp1\/wp-content\/uploads\/2025\/05\/IMG_0320.jpg?resize=700%2C400&ssl=1 2x, https:\/\/i0.wp.com\/www.cisa-arica.cl\/wp1\/wp-content\/uploads\/2025\/05\/IMG_0320.jpg?resize=1050%2C600&ssl=1 3x, https:\/\/i0.wp.com\/www.cisa-arica.cl\/wp1\/wp-content\/uploads\/2025\/05\/IMG_0320.jpg?resize=1400%2C800&ssl=1 4x"},"classes":[]}],"_links":{"self":[{"href":"https:\/\/www.cisa-arica.cl\/wp1\/wp-json\/wp\/v2\/posts\/25807","targetHints":{"allow":["GET"]}}],"collection":[{"href":"https:\/\/www.cisa-arica.cl\/wp1\/wp-json\/wp\/v2\/posts"}],"about":[{"href":"https:\/\/www.cisa-arica.cl\/wp1\/wp-json\/wp\/v2\/types\/post"}],"author":[{"embeddable":true,"href":"https:\/\/www.cisa-arica.cl\/wp1\/wp-json\/wp\/v2\/users\/5"}],"replies":[{"embeddable":true,"href":"https:\/\/www.cisa-arica.cl\/wp1\/wp-json\/wp\/v2\/comments?post=25807"}],"version-history":[{"count":2,"href":"https:\/\/www.cisa-arica.cl\/wp1\/wp-json\/wp\/v2\/posts\/25807\/revisions"}],"predecessor-version":[{"id":25834,"href":"https:\/\/www.cisa-arica.cl\/wp1\/wp-json\/wp\/v2\/posts\/25807\/revisions\/25834"}],"wp:featuredmedia":[{"embeddable":true,"href":"https:\/\/www.cisa-arica.cl\/wp1\/wp-json\/wp\/v2\/media\/25810"}],"wp:attachment":[{"href":"https:\/\/www.cisa-arica.cl\/wp1\/wp-json\/wp\/v2\/media?parent=25807"}],"wp:term":[{"taxonomy":"category","embeddable":true,"href":"https:\/\/www.cisa-arica.cl\/wp1\/wp-json\/wp\/v2\/categories?post=25807"},{"taxonomy":"post_tag","embeddable":true,"href":"https:\/\/www.cisa-arica.cl\/wp1\/wp-json\/wp\/v2\/tags?post=25807"}],"curies":[{"name":"wp","href":"https:\/\/api.w.org\/{rel}","templated":true}]}}