{"id":25782,"date":"2024-06-19T17:53:25","date_gmt":"2024-06-19T21:53:25","guid":{"rendered":"https:\/\/www.cisa-arica.cl\/wp1\/?p=25782"},"modified":"2024-06-19T17:53:25","modified_gmt":"2024-06-19T21:53:25","slug":"reuniones-de-apoderados-en-junio","status":"publish","type":"post","link":"https:\/\/www.cisa-arica.cl\/wp1\/2024\/06\/19\/reuniones-de-apoderados-en-junio\/","title":{"rendered":"Reuniones de Apoderados en Junio"},"content":{"rendered":"<div class=\"gmail_default\">Informo a usted las fechas y horarios de la pr\u00f3xima reuni\u00f3n de Padres y Apoderados:<\/div>\n<div class=\"gmail_default\"><\/div>\n<div class=\"gmail_default\"><strong><u>ED. PARVULARIA Y ED. B\u00c1SICA\u00a0<\/u><u>(Prekinder, kinder hasta 6\u00ba B\u00e1sico)<\/u><\/strong><\/div>\n<div class=\"gmail_default\"><b>MI\u00c9RCOLES 26 DE JUNIO 2024<\/b><\/div>\n<div class=\"gmail_default\"><b>18.00 HRS.<\/b><\/div>\n<div class=\"gmail_default\"><\/div>\n<div class=\"gmail_default\"><b><u>EDUCACI\u00d3N MEDIA (7\u00ba b\u00e1sico a 4\u00ba medio)<\/u><\/b><\/div>\n<div class=\"gmail_default\"><b>JUEVES 27 DE JUNIO 2024<\/b><\/div>\n<div class=\"gmail_default\"><b>18.00 HRS.<\/b><\/div>\n<div class=\"gmail_default\"><\/div>\n<div class=\"gmail_default\">\n<div class=\"gmail_default\">Como siempre su asistencia es importante ya que en el proceso pedag\u00f3gico usted y la familia tienen un rol fundamental. Por tal motivo, para que usted reciba adecuadamente toda la informaci\u00f3n que se entregar\u00e1, es que en necesario que a la reuni\u00f3n asistan <b>S\u00d3LO ADULTOS.<\/b>.<\/div>\n<div class=\"gmail_default\">Desde ya agradezco su compromiso, asistencia y puntualidad.<\/div>\n<div class=\"gmail_default\">Atentamente,<\/div>\n<div class=\"gmail_default\"><\/div>\n<div class=\"gmail_default\"><b><u>LA DIRECCI\u00d3N<\/u><\/b><\/div>\n<div class=\"gmail_default\"><\/div>\n<\/div>\n","protected":false},"excerpt":{"rendered":"<p>Informo a usted las fechas y horarios de la pr\u00f3xima reuni\u00f3n de Padres y Apoderados: ED. PARVULARIA Y ED. B\u00c1SICA\u00a0(Prekinder, kinder hasta 6\u00ba B\u00e1sico) MI\u00c9RCOLES 26 DE JUNIO 2024 18.00 HRS. EDUCACI\u00d3N MEDIA (7\u00ba b\u00e1sico a 4\u00ba medio) JUEVES 27 DE JUNIO 2024 18.00 HRS. Como siempre su asistencia es importante ya que en el <a class=\"read-more\" href=\"https:\/\/www.cisa-arica.cl\/wp1\/2024\/06\/19\/reuniones-de-apoderados-en-junio\/\">Continuar leyendo<\/a><\/p>\n","protected":false},"author":5,"featured_media":25783,"comment_status":"closed","ping_status":"open","sticky":false,"template":"","format":"standard","meta":{"_jetpack_memberships_contains_paid_content":false,"footnotes":"","jetpack_publicize_message":"","jetpack_publicize_feature_enabled":true,"jetpack_social_post_already_shared":true,"jetpack_social_options":{"image_generator_settings":{"template":"highway","default_image_id":0,"font":"","enabled":false},"version":2}},"categories":[5],"tags":[],"class_list":["post-25782","post","type-post","status-publish","format-standard","has-post-thumbnail","hentry","category-uncategorized"],"jetpack_publicize_connections":[],"jetpack_featured_media_url":"https:\/\/www.cisa-arica.cl\/wp1\/wp-content\/uploads\/2024\/06\/Reuniones-Junio.png","jetpack_sharing_enabled":true,"jetpack_shortlink":"https:\/\/wp.me\/p84wcz-6HQ","jetpack-related-posts":[{"id":26376,"url":"https:\/\/www.cisa-arica.cl\/wp1\/2024\/08\/23\/reuniones-de-apoderados\/","url_meta":{"origin":25782,"position":0},"title":"Reuniones de Apoderados","author":"Jeannette Rivera","date":"23 de Agosto de 2024","format":false,"excerpt":"Se recuerda a los padres y apoderados las fechas y horarios de la pr\u00f3xima reuni\u00f3n de Apoderados, las cuales fueron enviadas al correo institucional de las estudiantes el pasado martes 20 de agosto. ED. PARVULARIA Y ED. B\u00c1SICA MARTES 27 DE AGOSTO 2024 18.00 HRS. REUNIONES DESDE EDUCACI\u00d3N PARVULARIA (Prekinder,\u2026","rel":"","context":"Entrada similar ","block_context":{"text":"Entrada similar ","link":""},"img":{"alt_text":"","src":"https:\/\/i0.wp.com\/www.cisa-arica.cl\/wp1\/wp-content\/uploads\/2024\/08\/WhatsApp-Image-2024-08-23-at-1.34.10-PM.jpeg?resize=350%2C200&ssl=1","width":350,"height":200,"srcset":"https:\/\/i0.wp.com\/www.cisa-arica.cl\/wp1\/wp-content\/uploads\/2024\/08\/WhatsApp-Image-2024-08-23-at-1.34.10-PM.jpeg?resize=350%2C200&ssl=1 1x, https:\/\/i0.wp.com\/www.cisa-arica.cl\/wp1\/wp-content\/uploads\/2024\/08\/WhatsApp-Image-2024-08-23-at-1.34.10-PM.jpeg?resize=525%2C300&ssl=1 1.5x, https:\/\/i0.wp.com\/www.cisa-arica.cl\/wp1\/wp-content\/uploads\/2024\/08\/WhatsApp-Image-2024-08-23-at-1.34.10-PM.jpeg?resize=700%2C400&ssl=1 2x"},"classes":[]},{"id":28027,"url":"https:\/\/www.cisa-arica.cl\/wp1\/2025\/03\/26\/primera-reunion-de-apoderados-2025\/","url_meta":{"origin":25782,"position":1},"title":"Primera Reuni\u00f3n de Apoderados 2025","author":"Jeannette Rivera","date":"26 de Marzo de 2025","format":false,"excerpt":"Se cita a todos los padres y apoderados a la primera reuni\u00f3n del a\u00f1o 2025 la cual se realizar\u00e1 en las siguientes fechas: MARTES 01 DE ABRIL 2025\u00a0 18.00 HRS. DESDE EDUCACI\u00d3N PARVULARIA HASTA 6\u00ba B\u00c1SICO. MI\u00c9RCOLES 02 DE ABRIL 2025\u00a0 \u00a0 18.00 HRS. DESDE 7\u00ba B\u00c1SICO HASTA 4\u00ba MEDIO.\u2026","rel":"","context":"Entrada similar ","block_context":{"text":"Entrada similar ","link":""},"img":{"alt_text":"","src":"https:\/\/i0.wp.com\/www.cisa-arica.cl\/wp1\/wp-content\/uploads\/2025\/03\/Reunion-de-padres-y-apoderados-1.png?resize=350%2C200&ssl=1","width":350,"height":200,"srcset":"https:\/\/i0.wp.com\/www.cisa-arica.cl\/wp1\/wp-content\/uploads\/2025\/03\/Reunion-de-padres-y-apoderados-1.png?resize=350%2C200&ssl=1 1x, https:\/\/i0.wp.com\/www.cisa-arica.cl\/wp1\/wp-content\/uploads\/2025\/03\/Reunion-de-padres-y-apoderados-1.png?resize=525%2C300&ssl=1 1.5x, https:\/\/i0.wp.com\/www.cisa-arica.cl\/wp1\/wp-content\/uploads\/2025\/03\/Reunion-de-padres-y-apoderados-1.png?resize=700%2C400&ssl=1 2x, https:\/\/i0.wp.com\/www.cisa-arica.cl\/wp1\/wp-content\/uploads\/2025\/03\/Reunion-de-padres-y-apoderados-1.png?resize=1050%2C600&ssl=1 3x, https:\/\/i0.wp.com\/www.cisa-arica.cl\/wp1\/wp-content\/uploads\/2025\/03\/Reunion-de-padres-y-apoderados-1.png?resize=1400%2C800&ssl=1 4x"},"classes":[]},{"id":20577,"url":"https:\/\/www.cisa-arica.cl\/wp1\/2023\/05\/27\/citacion-a-2da-reunion-de-padres-y-apoderados\/","url_meta":{"origin":25782,"position":2},"title":"Citaci\u00f3n a 2da Reuni\u00f3n de Padres y Apoderados","author":"Jeannette Rivera","date":"27 de Mayo de 2023","format":false,"excerpt":"Estimado(a) Apoderado(a) muy buenos d\u00edas. Junto con saludarle y a la espera que se encuentre bien de salud informo\u00a0a usted que la pr\u00f3xima semana se realizar\u00e1n las Reuniones de Apoderados correspondientes a este mes. A continuaci\u00f3n env\u00edo el detalle: LUNES 29 DE MAYO 2023 Educaci\u00f3n Parvularia y Educaci\u00f3n B\u00e1sica Niveles:\u2026","rel":"","context":"Entrada similar ","block_context":{"text":"Entrada similar ","link":""},"img":{"alt_text":"","src":"","width":0,"height":0},"classes":[]},{"id":7791,"url":"https:\/\/www.cisa-arica.cl\/wp1\/2019\/06\/24\/reunion-de-apoderados-8\/","url_meta":{"origin":25782,"position":3},"title":"Reuni\u00f3n de Apoderados","author":"Jeannette Rivera","date":"24 de Junio de 2019","format":false,"excerpt":"Estimado Padre y Apoderado:Junto con saludarle muy cordialmente, informo a usted d\u00eda y hora de las Reuniones de Apoderados para el presente mes. Es muy importante su asistencia ya que se realizar\u00e1 la incripci\u00f3n de PREMATR\u00cdCULA A\u00d1O 2020: MARTES 25 DE JUNIO 19.00 HRS. PRE KINDER A Y B \u2013\u2026","rel":"","context":"Entrada similar ","block_context":{"text":"Entrada similar ","link":""},"img":{"alt_text":"","src":"https:\/\/i0.wp.com\/www.cisa-arica.cl\/wp1\/wp-content\/uploads\/2019\/04\/cropped-LOGO_CISA_chico-2-e1557940881746.png?resize=350%2C200&ssl=1","width":350,"height":200},"classes":[]},{"id":28458,"url":"https:\/\/www.cisa-arica.cl\/wp1\/2025\/05\/27\/reuniones-de-apoderados-3\/","url_meta":{"origin":25782,"position":4},"title":"Reuniones de Apoderados","author":"Jeannette Rivera","date":"27 de Mayo de 2025","format":false,"excerpt":"Estimado(a) Apoderado(a) Se comunica que la pr\u00f3xima semana se realizar\u00e1n las reuniones de apoderados en las siguientes fechas: PREKINDER HASTA 6\u00ba B\u00c1SICO MARTES 03 DE JUNIO 2025 18.00 HRS. \u00a0 \u00a07\u00ba B\u00c1SICO HASTA 4\u00ba MEDIO MI\u00c9RCOLES 04 DE JUNIO 2025 18.00 HRS. El ingreso para ambas jornadas de reuniones ser\u00e1\u2026","rel":"","context":"Entrada similar ","block_context":{"text":"Entrada similar ","link":""},"img":{"alt_text":"","src":"https:\/\/i0.wp.com\/www.cisa-arica.cl\/wp1\/wp-content\/uploads\/2025\/05\/Reunion-de-padres-y-apoderados-2025.png?resize=350%2C200&ssl=1","width":350,"height":200,"srcset":"https:\/\/i0.wp.com\/www.cisa-arica.cl\/wp1\/wp-content\/uploads\/2025\/05\/Reunion-de-padres-y-apoderados-2025.png?resize=350%2C200&ssl=1 1x, https:\/\/i0.wp.com\/www.cisa-arica.cl\/wp1\/wp-content\/uploads\/2025\/05\/Reunion-de-padres-y-apoderados-2025.png?resize=525%2C300&ssl=1 1.5x, https:\/\/i0.wp.com\/www.cisa-arica.cl\/wp1\/wp-content\/uploads\/2025\/05\/Reunion-de-padres-y-apoderados-2025.png?resize=700%2C400&ssl=1 2x, https:\/\/i0.wp.com\/www.cisa-arica.cl\/wp1\/wp-content\/uploads\/2025\/05\/Reunion-de-padres-y-apoderados-2025.png?resize=1050%2C600&ssl=1 3x, https:\/\/i0.wp.com\/www.cisa-arica.cl\/wp1\/wp-content\/uploads\/2025\/05\/Reunion-de-padres-y-apoderados-2025.png?resize=1400%2C800&ssl=1 4x"},"classes":[]},{"id":29052,"url":"https:\/\/www.cisa-arica.cl\/wp1\/2025\/10\/10\/reunion-de-apoderados-12\/","url_meta":{"origin":25782,"position":5},"title":"Reuni\u00f3n de Apoderados","author":"Jeannette Rivera","date":"10 de Octubre de 2025","format":false,"excerpt":"Estimados padres y apoderados: Se comunica las fechas de las pr\u00f3ximas reuniones de apoderados las cuales ya fueron enviadas a los correos institucionales de las estudiantes. MARTES 14.10.2025 18.00 HRS. Reuniones para los niveles desde Educaci\u00f3n Parvularia a 6\u00b0 B\u00e1sico, incluyendo la reuni\u00f3n del 8\u00b0 B\u00e1sico B de la profesora\u2026","rel":"","context":"Entrada similar ","block_context":{"text":"Entrada similar ","link":""},"img":{"alt_text":"","src":"https:\/\/i0.wp.com\/www.cisa-arica.cl\/wp1\/wp-content\/uploads\/2025\/10\/Reunion-de-padres-y-apoderados-2025.png?resize=350%2C200&ssl=1","width":350,"height":200,"srcset":"https:\/\/i0.wp.com\/www.cisa-arica.cl\/wp1\/wp-content\/uploads\/2025\/10\/Reunion-de-padres-y-apoderados-2025.png?resize=350%2C200&ssl=1 1x, https:\/\/i0.wp.com\/www.cisa-arica.cl\/wp1\/wp-content\/uploads\/2025\/10\/Reunion-de-padres-y-apoderados-2025.png?resize=525%2C300&ssl=1 1.5x, https:\/\/i0.wp.com\/www.cisa-arica.cl\/wp1\/wp-content\/uploads\/2025\/10\/Reunion-de-padres-y-apoderados-2025.png?resize=700%2C400&ssl=1 2x, https:\/\/i0.wp.com\/www.cisa-arica.cl\/wp1\/wp-content\/uploads\/2025\/10\/Reunion-de-padres-y-apoderados-2025.png?resize=1050%2C600&ssl=1 3x, https:\/\/i0.wp.com\/www.cisa-arica.cl\/wp1\/wp-content\/uploads\/2025\/10\/Reunion-de-padres-y-apoderados-2025.png?resize=1400%2C800&ssl=1 4x"},"classes":[]}],"_links":{"self":[{"href":"https:\/\/www.cisa-arica.cl\/wp1\/wp-json\/wp\/v2\/posts\/25782","targetHints":{"allow":["GET"]}}],"collection":[{"href":"https:\/\/www.cisa-arica.cl\/wp1\/wp-json\/wp\/v2\/posts"}],"about":[{"href":"https:\/\/www.cisa-arica.cl\/wp1\/wp-json\/wp\/v2\/types\/post"}],"author":[{"embeddable":true,"href":"https:\/\/www.cisa-arica.cl\/wp1\/wp-json\/wp\/v2\/users\/5"}],"replies":[{"embeddable":true,"href":"https:\/\/www.cisa-arica.cl\/wp1\/wp-json\/wp\/v2\/comments?post=25782"}],"version-history":[{"count":1,"href":"https:\/\/www.cisa-arica.cl\/wp1\/wp-json\/wp\/v2\/posts\/25782\/revisions"}],"predecessor-version":[{"id":25784,"href":"https:\/\/www.cisa-arica.cl\/wp1\/wp-json\/wp\/v2\/posts\/25782\/revisions\/25784"}],"wp:featuredmedia":[{"embeddable":true,"href":"https:\/\/www.cisa-arica.cl\/wp1\/wp-json\/wp\/v2\/media\/25783"}],"wp:attachment":[{"href":"https:\/\/www.cisa-arica.cl\/wp1\/wp-json\/wp\/v2\/media?parent=25782"}],"wp:term":[{"taxonomy":"category","embeddable":true,"href":"https:\/\/www.cisa-arica.cl\/wp1\/wp-json\/wp\/v2\/categories?post=25782"},{"taxonomy":"post_tag","embeddable":true,"href":"https:\/\/www.cisa-arica.cl\/wp1\/wp-json\/wp\/v2\/tags?post=25782"}],"curies":[{"name":"wp","href":"https:\/\/api.w.org\/{rel}","templated":true}]}}