{"id":25780,"date":"2024-06-19T17:24:57","date_gmt":"2024-06-19T21:24:57","guid":{"rendered":"https:\/\/www.cisa-arica.cl\/wp1\/?p=25780"},"modified":"2024-06-19T17:54:04","modified_gmt":"2024-06-19T21:54:04","slug":"viernes-21-06-sin-clases","status":"publish","type":"post","link":"https:\/\/www.cisa-arica.cl\/wp1\/2024\/06\/19\/viernes-21-06-sin-clases\/","title":{"rendered":"Viernes 21-06 sin clases"},"content":{"rendered":"<p>Estimados padres y apoderados:<\/p>\n<div class=\"gmail_default\">Se recuerda que, tal como se inform\u00f3 en la primera reuni\u00f3n de apoderados,\u00a0 este <b>JUEVES 20 DE JUNIO<\/b> es feriado, por lo tanto, se realizar\u00e1 una <b>SUSPENSI\u00d3N DE CLASES<\/b>\u00a0el d\u00eda\u00a0<b>VIERNES 21 DE JUNIO<\/b>.<\/div>\n<div class=\"gmail_default\">Seg\u00fan la autorizaci\u00f3n emanada desde el Ministerio de Educaci\u00f3n, este d\u00eda debe recuperarse el d\u00eda\u00a0<u>s\u00e1bado 26 de octubre<\/u>\u00a0del a\u00f1o en curso.\u00a0 Le informaremos oportunamente la modalidad de recuperaci\u00f3n de clases.<\/div>\n<div class=\"gmail_default\"><\/div>\n<div class=\"gmail_default\">Saluda atentamente,<\/div>\n<div class=\"gmail_default\"><\/div>\n<div class=\"gmail_default\"><b><u>LA DIRECCI\u00d3N<\/u><\/b><\/div>\n","protected":false},"excerpt":{"rendered":"<p>Estimados padres y apoderados: Se recuerda que, tal como se inform\u00f3 en la primera reuni\u00f3n de apoderados,\u00a0 este JUEVES 20 DE JUNIO es feriado, por lo tanto, se realizar\u00e1 una SUSPENSI\u00d3N DE CLASES\u00a0el d\u00eda\u00a0VIERNES 21 DE JUNIO. Seg\u00fan la autorizaci\u00f3n emanada desde el Ministerio de Educaci\u00f3n, este d\u00eda debe recuperarse el d\u00eda\u00a0s\u00e1bado 26 de octubre\u00a0del <a class=\"read-more\" href=\"https:\/\/www.cisa-arica.cl\/wp1\/2024\/06\/19\/viernes-21-06-sin-clases\/\">Continuar leyendo<\/a><\/p>\n","protected":false},"author":5,"featured_media":25785,"comment_status":"closed","ping_status":"open","sticky":false,"template":"","format":"standard","meta":{"_jetpack_memberships_contains_paid_content":false,"footnotes":"","jetpack_publicize_message":"","jetpack_publicize_feature_enabled":true,"jetpack_social_post_already_shared":true,"jetpack_social_options":{"image_generator_settings":{"template":"highway","default_image_id":0,"font":"","enabled":false},"version":2}},"categories":[5],"tags":[],"class_list":["post-25780","post","type-post","status-publish","format-standard","has-post-thumbnail","hentry","category-uncategorized"],"jetpack_publicize_connections":[],"jetpack_featured_media_url":"https:\/\/www.cisa-arica.cl\/wp1\/wp-content\/uploads\/2024\/06\/suspension-de-clases.jpg","jetpack_sharing_enabled":true,"jetpack_shortlink":"https:\/\/wp.me\/p84wcz-6HO","jetpack-related-posts":[{"id":26222,"url":"https:\/\/www.cisa-arica.cl\/wp1\/2024\/08\/13\/recordatorio-suspension-viernes-16-08\/","url_meta":{"origin":25780,"position":0},"title":"Recordatorio Suspensi\u00f3n Viernes 16-08","author":"Jeannette Rivera","date":"13 de Agosto de 2024","format":false,"excerpt":"Estimados padres y apoderados: \u00a0 Se les recuerda que el d\u00eda viernes 16 de agosto 2024 habr\u00e1 suspensi\u00f3n de clases con recuperaci\u00f3n. La fecha y horario de recuperaci\u00f3n se informar\u00e1 oportunamente. Esta suspensi\u00f3n fue avisada en la anterior reuni\u00f3n de apoderados que se realiz\u00f3 en el mes de Junio. \u00a0\u2026","rel":"","context":"Entrada similar ","block_context":{"text":"Entrada similar ","link":""},"img":{"alt_text":"","src":"","width":0,"height":0},"classes":[]},{"id":8521,"url":"https:\/\/www.cisa-arica.cl\/wp1\/2019\/08\/13\/informacion-apoderados-viernes-16\/","url_meta":{"origin":25780,"position":1},"title":"Informaci\u00f3n apoderados viernes 16","author":"Jeannette Rivera","date":"13 de Agosto de 2019","format":false,"excerpt":"Estimado padre y apoderado: Junto con saludarle muy cordialmente, informo a usted que este viernes 16 de agosto no habr\u00e1 clases, ya que estas se recuperar\u00e1n en diciembre seg\u00fan resoluci\u00f3n 263 del Ministerio de Educaci\u00f3n. Sin otro particular, saluda atentamente a usted, Hna. Adela Espinoza Zapatel Directora","rel":"","context":"Entrada similar ","block_context":{"text":"Entrada similar ","link":""},"img":{"alt_text":"","src":"https:\/\/i0.wp.com\/www.cisa-arica.cl\/wp1\/wp-content\/uploads\/2019\/04\/cropped-LOGO_CISA_chico-2-e1557940881746.png?resize=350%2C200&ssl=1","width":350,"height":200},"classes":[]},{"id":16439,"url":"https:\/\/www.cisa-arica.cl\/wp1\/2022\/06\/16\/suspension-de-clases-lunes-20-06\/","url_meta":{"origin":25780,"position":2},"title":"Suspensi\u00f3n de Clases Lunes 20-06","author":"Jeannette Rivera","date":"16 de Junio de 2022","format":false,"excerpt":"Estimados Padres y\/o Apoderados: Comunicamos que fue solicitado al Ministerio\u00a0 la Suspensi\u00f3n de Clases del d\u00eda lunes 20 de junio\u00a0 la cual fue aceptada. Este d\u00eda \u00a0ser\u00e1 recuperado en el mes de diciembre. Las clases se retomar\u00e1n de forma normal el mi\u00e9rcoles 22 de junio. Atentamente, \u00a0 \u00a0 Equipo Directivo","rel":"","context":"Entrada similar ","block_context":{"text":"Entrada similar ","link":""},"img":{"alt_text":"","src":"","width":0,"height":0},"classes":[]},{"id":20929,"url":"https:\/\/www.cisa-arica.cl\/wp1\/2023\/06\/15\/clases-normales-viernes-16-06\/","url_meta":{"origin":25780,"position":3},"title":"CLASES NORMALES VIERNES 16-06","author":"Jeannette Rivera","date":"15 de Junio de 2023","format":false,"excerpt":"Estimados padres y apoderados: La siguiente informaci\u00f3n fue enviada a los correos institucionales de las estudiantes, en donde se corrobora que ma\u00f1ana viernes 16 las CLASES SON TOTALMENTE NORMALES.","rel":"","context":"Entrada similar ","block_context":{"text":"Entrada similar ","link":""},"img":{"alt_text":"","src":"https:\/\/i0.wp.com\/www.cisa-arica.cl\/wp1\/wp-content\/uploads\/2023\/06\/18E83285-8D05-412B-A291-62DBB69BE48A.jpeg?resize=350%2C200&ssl=1","width":350,"height":200,"srcset":"https:\/\/i0.wp.com\/www.cisa-arica.cl\/wp1\/wp-content\/uploads\/2023\/06\/18E83285-8D05-412B-A291-62DBB69BE48A.jpeg?resize=350%2C200&ssl=1 1x, https:\/\/i0.wp.com\/www.cisa-arica.cl\/wp1\/wp-content\/uploads\/2023\/06\/18E83285-8D05-412B-A291-62DBB69BE48A.jpeg?resize=525%2C300&ssl=1 1.5x, https:\/\/i0.wp.com\/www.cisa-arica.cl\/wp1\/wp-content\/uploads\/2023\/06\/18E83285-8D05-412B-A291-62DBB69BE48A.jpeg?resize=700%2C400&ssl=1 2x"},"classes":[]},{"id":28601,"url":"https:\/\/www.cisa-arica.cl\/wp1\/2025\/07\/22\/salida-de-clases-viernes-25-07\/","url_meta":{"origin":25780,"position":4},"title":"Salida de clases Viernes 25-07","author":"Jeannette Rivera","date":"22 de Julio de 2025","format":false,"excerpt":"Se recuerda a los padres y apoderados que con motivo de conmemorarse un nuevo aniversario de San Joaqu\u00edn y Santa Ana, este VIERNES 25 DE JULIO DE 2025 TODAS las estudiantes desde Prekinder hasta 4\u00ba medio saldr\u00e1n a las 12.30 hrs. Se solicita encarecidamente retirar puntualmente a las estudiantes, ya\u2026","rel":"","context":"Entrada similar ","block_context":{"text":"Entrada similar ","link":""},"img":{"alt_text":"","src":"https:\/\/i0.wp.com\/www.cisa-arica.cl\/wp1\/wp-content\/uploads\/2025\/07\/IMG_5424.jpeg?resize=350%2C200&ssl=1","width":350,"height":200,"srcset":"https:\/\/i0.wp.com\/www.cisa-arica.cl\/wp1\/wp-content\/uploads\/2025\/07\/IMG_5424.jpeg?resize=350%2C200&ssl=1 1x, https:\/\/i0.wp.com\/www.cisa-arica.cl\/wp1\/wp-content\/uploads\/2025\/07\/IMG_5424.jpeg?resize=525%2C300&ssl=1 1.5x, https:\/\/i0.wp.com\/www.cisa-arica.cl\/wp1\/wp-content\/uploads\/2025\/07\/IMG_5424.jpeg?resize=700%2C400&ssl=1 2x, https:\/\/i0.wp.com\/www.cisa-arica.cl\/wp1\/wp-content\/uploads\/2025\/07\/IMG_5424.jpeg?resize=1050%2C600&ssl=1 3x"},"classes":[]},{"id":27142,"url":"https:\/\/www.cisa-arica.cl\/wp1\/2024\/10\/24\/suspension-de-clases-2\/","url_meta":{"origin":25780,"position":5},"title":"Suspensi\u00f3n de Clases","author":"Jeannette Rivera","date":"24 de Octubre de 2024","format":false,"excerpt":"Estimados padres, apoderados y estudiantes: Se les recuerda que los d\u00edas jueves 24, viernes 25 y lunes 28 de octubre, las clases se encuentran suspendidas porque nuestro colegio es uno de los locales de votaci\u00f3n para este fin de semana. Las clases se retomar\u00e1n de forma normal el martes 29\u2026","rel":"","context":"Entrada similar ","block_context":{"text":"Entrada similar ","link":""},"img":{"alt_text":"","src":"https:\/\/i0.wp.com\/www.cisa-arica.cl\/wp1\/wp-content\/uploads\/2024\/10\/IMG_1998.jpeg?resize=350%2C200&ssl=1","width":350,"height":200,"srcset":"https:\/\/i0.wp.com\/www.cisa-arica.cl\/wp1\/wp-content\/uploads\/2024\/10\/IMG_1998.jpeg?resize=350%2C200&ssl=1 1x, https:\/\/i0.wp.com\/www.cisa-arica.cl\/wp1\/wp-content\/uploads\/2024\/10\/IMG_1998.jpeg?resize=525%2C300&ssl=1 1.5x, https:\/\/i0.wp.com\/www.cisa-arica.cl\/wp1\/wp-content\/uploads\/2024\/10\/IMG_1998.jpeg?resize=700%2C400&ssl=1 2x, https:\/\/i0.wp.com\/www.cisa-arica.cl\/wp1\/wp-content\/uploads\/2024\/10\/IMG_1998.jpeg?resize=1050%2C600&ssl=1 3x"},"classes":[]}],"_links":{"self":[{"href":"https:\/\/www.cisa-arica.cl\/wp1\/wp-json\/wp\/v2\/posts\/25780","targetHints":{"allow":["GET"]}}],"collection":[{"href":"https:\/\/www.cisa-arica.cl\/wp1\/wp-json\/wp\/v2\/posts"}],"about":[{"href":"https:\/\/www.cisa-arica.cl\/wp1\/wp-json\/wp\/v2\/types\/post"}],"author":[{"embeddable":true,"href":"https:\/\/www.cisa-arica.cl\/wp1\/wp-json\/wp\/v2\/users\/5"}],"replies":[{"embeddable":true,"href":"https:\/\/www.cisa-arica.cl\/wp1\/wp-json\/wp\/v2\/comments?post=25780"}],"version-history":[{"count":1,"href":"https:\/\/www.cisa-arica.cl\/wp1\/wp-json\/wp\/v2\/posts\/25780\/revisions"}],"predecessor-version":[{"id":25781,"href":"https:\/\/www.cisa-arica.cl\/wp1\/wp-json\/wp\/v2\/posts\/25780\/revisions\/25781"}],"wp:featuredmedia":[{"embeddable":true,"href":"https:\/\/www.cisa-arica.cl\/wp1\/wp-json\/wp\/v2\/media\/25785"}],"wp:attachment":[{"href":"https:\/\/www.cisa-arica.cl\/wp1\/wp-json\/wp\/v2\/media?parent=25780"}],"wp:term":[{"taxonomy":"category","embeddable":true,"href":"https:\/\/www.cisa-arica.cl\/wp1\/wp-json\/wp\/v2\/categories?post=25780"},{"taxonomy":"post_tag","embeddable":true,"href":"https:\/\/www.cisa-arica.cl\/wp1\/wp-json\/wp\/v2\/tags?post=25780"}],"curies":[{"name":"wp","href":"https:\/\/api.w.org\/{rel}","templated":true}]}}