{"id":25777,"date":"2024-06-19T11:29:18","date_gmt":"2024-06-19T15:29:18","guid":{"rendered":"https:\/\/www.cisa-arica.cl\/wp1\/?p=25777"},"modified":"2024-07-29T16:33:26","modified_gmt":"2024-07-29T20:33:26","slug":"conectate-con-lo-real","status":"publish","type":"post","link":"https:\/\/www.cisa-arica.cl\/wp1\/2024\/06\/19\/conectate-con-lo-real\/","title":{"rendered":"CON\u00c9CTATE CON LO REAL"},"content":{"rendered":"<p>A partir del segundo semestre, en nuestro comienza la campa\u00f1a DESCON\u00c9CTATE DE LO VIRTUAL, CONECTA CON TU REALIDAD, cuya finalidad es que las estudiantes no usen los celulares en el colegio para retomar el di\u00e1logo continuo y verdadero entre las estudiantes.<\/p>\n\n\n<div class=\"wp-block-jetpack-tiled-gallery aligncenter is-style-rectangular\"><div class=\"tiled-gallery__gallery\"><div class=\"tiled-gallery__row\"><div class=\"tiled-gallery__col\" style=\"flex-basis:49.78247%\"><figure class=\"tiled-gallery__item\"><img decoding=\"async\" data-attachment-id=\"25848\" data-permalink=\"https:\/\/www.cisa-arica.cl\/wp1\/2024\/06\/19\/conectate-con-lo-real\/whatsapp-image-2024-06-25-at-1-28-06-pm-2\/\" data-orig-file=\"https:\/\/www.cisa-arica.cl\/wp1\/wp-content\/uploads\/2024\/06\/WhatsApp-Image-2024-06-25-at-1.28.06-PM-1-e1719353452262.jpeg\" data-orig-size=\"1028,1037\" data-comments-opened=\"0\" data-image-meta=\"{&quot;aperture&quot;:&quot;0&quot;,&quot;credit&quot;:&quot;&quot;,&quot;camera&quot;:&quot;&quot;,&quot;caption&quot;:&quot;&quot;,&quot;created_timestamp&quot;:&quot;0&quot;,&quot;copyright&quot;:&quot;&quot;,&quot;focal_length&quot;:&quot;0&quot;,&quot;iso&quot;:&quot;0&quot;,&quot;shutter_speed&quot;:&quot;0&quot;,&quot;title&quot;:&quot;&quot;,&quot;orientation&quot;:&quot;0&quot;}\" data-image-title=\"WhatsApp Image 2024-06-25 at 1.28.06 PM\" data-image-description=\"\" data-image-caption=\"\" data-large-file=\"https:\/\/www.cisa-arica.cl\/wp1\/wp-content\/uploads\/2024\/06\/WhatsApp-Image-2024-06-25-at-1.28.06-PM-1-e1719353452262-595x600.jpeg\" data-attachment-id=\"25848\" data-permalink=\"https:\/\/www.cisa-arica.cl\/wp1\/2024\/06\/19\/conectate-con-lo-real\/whatsapp-image-2024-06-25-at-1-28-06-pm-2\/\" data-orig-file=\"https:\/\/www.cisa-arica.cl\/wp1\/wp-content\/uploads\/2024\/06\/WhatsApp-Image-2024-06-25-at-1.28.06-PM-1-e1719353452262.jpeg\" data-orig-size=\"1028,1037\" data-comments-opened=\"0\" data-image-meta=\"{&quot;aperture&quot;:&quot;0&quot;,&quot;credit&quot;:&quot;&quot;,&quot;camera&quot;:&quot;&quot;,&quot;caption&quot;:&quot;&quot;,&quot;created_timestamp&quot;:&quot;0&quot;,&quot;copyright&quot;:&quot;&quot;,&quot;focal_length&quot;:&quot;0&quot;,&quot;iso&quot;:&quot;0&quot;,&quot;shutter_speed&quot;:&quot;0&quot;,&quot;title&quot;:&quot;&quot;,&quot;orientation&quot;:&quot;0&quot;}\" data-image-title=\"WhatsApp Image 2024-06-25 at 1.28.06 PM\" data-image-description=\"\" data-image-caption=\"\" data-large-file=\"https:\/\/www.cisa-arica.cl\/wp1\/wp-content\/uploads\/2024\/06\/WhatsApp-Image-2024-06-25-at-1.28.06-PM-1-e1719353452262-595x600.jpeg\" role=\"button\" tabindex=\"0\" aria-label=\"Abrir la imagen 1 de 2 en pantalla completa\"srcset=\"https:\/\/i1.wp.com\/www.cisa-arica.cl\/wp1\/wp-content\/uploads\/2024\/06\/WhatsApp-Image-2024-06-25-at-1.28.06-PM-1-595x600.jpeg?strip=info&#038;w=600 600w,https:\/\/i1.wp.com\/www.cisa-arica.cl\/wp1\/wp-content\/uploads\/2024\/06\/WhatsApp-Image-2024-06-25-at-1.28.06-PM-1-595x600.jpeg?strip=info&#038;w=900 900w,https:\/\/i1.wp.com\/www.cisa-arica.cl\/wp1\/wp-content\/uploads\/2024\/06\/WhatsApp-Image-2024-06-25-at-1.28.06-PM-1-595x600.jpeg?strip=info&#038;w=1028 1028w\" alt=\"\" data-height=\"1037\" data-id=\"25848\" data-link=\"https:\/\/www.cisa-arica.cl\/wp1\/?attachment_id=25848\" data-url=\"http:\/\/www.cisa-arica.cl\/wp1\/wp-content\/uploads\/2024\/06\/WhatsApp-Image-2024-06-25-at-1.28.06-PM-1-595x600.jpeg\" data-width=\"1028\" src=\"https:\/\/i1.wp.com\/www.cisa-arica.cl\/wp1\/wp-content\/uploads\/2024\/06\/WhatsApp-Image-2024-06-25-at-1.28.06-PM-1-595x600.jpeg\" data-amp-layout=\"responsive\"\/><\/figure><\/div><div class=\"tiled-gallery__col\" style=\"flex-basis:50.21753%\"><figure class=\"tiled-gallery__item\"><img decoding=\"async\" data-attachment-id=\"25846\" data-permalink=\"https:\/\/www.cisa-arica.cl\/wp1\/2024\/06\/19\/conectate-con-lo-real\/img-20240619-wa0003-1\/\" data-orig-file=\"https:\/\/www.cisa-arica.cl\/wp1\/wp-content\/uploads\/2024\/06\/IMG-20240619-WA0003-1.jpg\" data-orig-size=\"1080,1080\" data-comments-opened=\"0\" data-image-meta=\"{&quot;aperture&quot;:&quot;0&quot;,&quot;credit&quot;:&quot;&quot;,&quot;camera&quot;:&quot;&quot;,&quot;caption&quot;:&quot;&quot;,&quot;created_timestamp&quot;:&quot;0&quot;,&quot;copyright&quot;:&quot;&quot;,&quot;focal_length&quot;:&quot;0&quot;,&quot;iso&quot;:&quot;0&quot;,&quot;shutter_speed&quot;:&quot;0&quot;,&quot;title&quot;:&quot;&quot;,&quot;orientation&quot;:&quot;0&quot;}\" data-image-title=\"IMG-20240619-WA0003-1\" data-image-description=\"\" data-image-caption=\"\" data-large-file=\"https:\/\/www.cisa-arica.cl\/wp1\/wp-content\/uploads\/2024\/06\/IMG-20240619-WA0003-1-600x600.jpg\" data-attachment-id=\"25846\" data-permalink=\"https:\/\/www.cisa-arica.cl\/wp1\/2024\/06\/19\/conectate-con-lo-real\/img-20240619-wa0003-1\/\" data-orig-file=\"https:\/\/www.cisa-arica.cl\/wp1\/wp-content\/uploads\/2024\/06\/IMG-20240619-WA0003-1.jpg\" data-orig-size=\"1080,1080\" data-comments-opened=\"0\" data-image-meta=\"{&quot;aperture&quot;:&quot;0&quot;,&quot;credit&quot;:&quot;&quot;,&quot;camera&quot;:&quot;&quot;,&quot;caption&quot;:&quot;&quot;,&quot;created_timestamp&quot;:&quot;0&quot;,&quot;copyright&quot;:&quot;&quot;,&quot;focal_length&quot;:&quot;0&quot;,&quot;iso&quot;:&quot;0&quot;,&quot;shutter_speed&quot;:&quot;0&quot;,&quot;title&quot;:&quot;&quot;,&quot;orientation&quot;:&quot;0&quot;}\" data-image-title=\"IMG-20240619-WA0003-1\" data-image-description=\"\" data-image-caption=\"\" data-large-file=\"https:\/\/www.cisa-arica.cl\/wp1\/wp-content\/uploads\/2024\/06\/IMG-20240619-WA0003-1-600x600.jpg\" role=\"button\" tabindex=\"0\" aria-label=\"Abrir la imagen 2 de 2 en pantalla completa\"srcset=\"https:\/\/i0.wp.com\/www.cisa-arica.cl\/wp1\/wp-content\/uploads\/2024\/06\/IMG-20240619-WA0003-1-600x600.jpg?strip=info&#038;w=600 600w,https:\/\/i0.wp.com\/www.cisa-arica.cl\/wp1\/wp-content\/uploads\/2024\/06\/IMG-20240619-WA0003-1-600x600.jpg?strip=info&#038;w=900 900w,https:\/\/i0.wp.com\/www.cisa-arica.cl\/wp1\/wp-content\/uploads\/2024\/06\/IMG-20240619-WA0003-1-600x600.jpg?strip=info&#038;w=1080 1080w\" alt=\"\" data-height=\"1080\" data-id=\"25846\" data-link=\"https:\/\/www.cisa-arica.cl\/wp1\/?attachment_id=25846\" data-url=\"http:\/\/www.cisa-arica.cl\/wp1\/wp-content\/uploads\/2024\/06\/IMG-20240619-WA0003-1-600x600.jpg\" data-width=\"1080\" src=\"https:\/\/i0.wp.com\/www.cisa-arica.cl\/wp1\/wp-content\/uploads\/2024\/06\/IMG-20240619-WA0003-1-600x600.jpg\" data-amp-layout=\"responsive\"\/><\/figure><\/div><\/div><\/div><\/div>\n","protected":false},"excerpt":{"rendered":"<p>A partir del segundo semestre, en nuestro comienza la campa\u00f1a DESCON\u00c9CTATE DE LO VIRTUAL, CONECTA CON TU REALIDAD, cuya finalidad es que las estudiantes no usen los celulares en el colegio para retomar el di\u00e1logo continuo y verdadero entre las estudiantes.<\/p>\n","protected":false},"author":5,"featured_media":25848,"comment_status":"closed","ping_status":"open","sticky":false,"template":"","format":"standard","meta":{"_jetpack_memberships_contains_paid_content":false,"footnotes":"","jetpack_publicize_message":"","jetpack_publicize_feature_enabled":true,"jetpack_social_post_already_shared":true,"jetpack_social_options":{"image_generator_settings":{"template":"highway","default_image_id":0,"font":"","enabled":false},"version":2}},"categories":[5],"tags":[],"class_list":["post-25777","post","type-post","status-publish","format-standard","has-post-thumbnail","hentry","category-uncategorized"],"jetpack_publicize_connections":[],"jetpack_featured_media_url":"https:\/\/www.cisa-arica.cl\/wp1\/wp-content\/uploads\/2024\/06\/WhatsApp-Image-2024-06-25-at-1.28.06-PM-1-e1719353452262.jpeg","jetpack_sharing_enabled":true,"jetpack_shortlink":"https:\/\/wp.me\/p84wcz-6HL","jetpack-related-posts":[{"id":23668,"url":"https:\/\/www.cisa-arica.cl\/wp1\/2023\/12\/12\/proceso-matricula-2024-para-estudiantes-nuevas\/","url_meta":{"origin":25777,"position":0},"title":"Proceso Matr\u00edcula 2024 para Estudiantes Nuevas","author":"Jeannette Rivera","date":"12 de Diciembre de 2023","format":false,"excerpt":"Las matr\u00edculas para estudiantes nuevas se inicia desde el lunes 11 al jueves 21 de Diciembre. Para completar el proceso de matr\u00edcula 2024 se requiere la siguientes documentaci\u00f3n por parte de los apoderados: Documentaci\u00f3n para estudiantes nuevas de Educaci\u00f3n Parvularia Comprobante de aceptaci\u00f3n de matr\u00edcula. Certificado de nacimiento para todo\u2026","rel":"","context":"Entrada similar ","block_context":{"text":"Entrada similar ","link":""},"img":{"alt_text":"","src":"https:\/\/i0.wp.com\/www.cisa-arica.cl\/wp1\/wp-content\/uploads\/2023\/12\/WhatsApp-Image-2023-12-12-at-08.23.37.jpeg?resize=350%2C200&ssl=1","width":350,"height":200,"srcset":"https:\/\/i0.wp.com\/www.cisa-arica.cl\/wp1\/wp-content\/uploads\/2023\/12\/WhatsApp-Image-2023-12-12-at-08.23.37.jpeg?resize=350%2C200&ssl=1 1x, https:\/\/i0.wp.com\/www.cisa-arica.cl\/wp1\/wp-content\/uploads\/2023\/12\/WhatsApp-Image-2023-12-12-at-08.23.37.jpeg?resize=525%2C300&ssl=1 1.5x, https:\/\/i0.wp.com\/www.cisa-arica.cl\/wp1\/wp-content\/uploads\/2023\/12\/WhatsApp-Image-2023-12-12-at-08.23.37.jpeg?resize=700%2C400&ssl=1 2x"},"classes":[]},{"id":20514,"url":"https:\/\/www.cisa-arica.cl\/wp1\/2023\/05\/17\/charla-dictaron-estudiantes-de-la-uta-a-6tos-basicos\/","url_meta":{"origin":25777,"position":1},"title":"Charla dictaron estudiantes de la UTA a 6tos b\u00e1sicos","author":"Jeannette Rivera","date":"17 de Mayo de 2023","format":false,"excerpt":"Estudiantes de la carrera de Ingenier\u00eda en Inform\u00e1tica de la UTA dictaron la charla \"Ciber-consejos para una navegaci\u00f3n segura por internet y redes sociales\" la cual busca promover estrategias de autocuidado, detecci\u00f3n y prevenci\u00f3n del riesgo inform\u00e1tico en la comunidad escolar. Todo esto en el contexto en que las estudiantes\u2026","rel":"","context":"Entrada similar ","block_context":{"text":"Entrada similar ","link":""},"img":{"alt_text":"","src":"https:\/\/i0.wp.com\/www.cisa-arica.cl\/wp1\/wp-content\/uploads\/2023\/05\/WhatsApp-Image-2023-05-18-at-14.37.441.jpeg?resize=350%2C200&ssl=1","width":350,"height":200,"srcset":"https:\/\/i0.wp.com\/www.cisa-arica.cl\/wp1\/wp-content\/uploads\/2023\/05\/WhatsApp-Image-2023-05-18-at-14.37.441.jpeg?resize=350%2C200&ssl=1 1x, https:\/\/i0.wp.com\/www.cisa-arica.cl\/wp1\/wp-content\/uploads\/2023\/05\/WhatsApp-Image-2023-05-18-at-14.37.441.jpeg?resize=525%2C300&ssl=1 1.5x, https:\/\/i0.wp.com\/www.cisa-arica.cl\/wp1\/wp-content\/uploads\/2023\/05\/WhatsApp-Image-2023-05-18-at-14.37.441.jpeg?resize=700%2C400&ssl=1 2x, https:\/\/i0.wp.com\/www.cisa-arica.cl\/wp1\/wp-content\/uploads\/2023\/05\/WhatsApp-Image-2023-05-18-at-14.37.441.jpeg?resize=1050%2C600&ssl=1 3x"},"classes":[]},{"id":20850,"url":"https:\/\/www.cisa-arica.cl\/wp1\/2023\/06\/01\/proceso-de-eleccion-centro-de-estudiantes-2023\/","url_meta":{"origin":25777,"position":2},"title":"Proceso de Elecci\u00f3n Centro de Estudiantes 2023","author":"Jeannette Rivera","date":"1 de Junio de 2023","format":false,"excerpt":"El pasado martes 30 de mayo se llev\u00f3 a cabo un nuevo proceso eleccionario para el per\u00edodo 2023 del Centro de Estudiantes en nuestro establecimiento. El proceso estuvo guiado por las profesoras Alexa Aburto y Pamela El\u00edas, adem\u00e1s personeros del Servel se hicieron presente para ser observadores del proceso. Las\u2026","rel":"","context":"Entrada similar ","block_context":{"text":"Entrada similar ","link":""},"img":{"alt_text":"","src":"https:\/\/i0.wp.com\/www.cisa-arica.cl\/wp1\/wp-content\/uploads\/2023\/06\/WhatsApp-Image-2023-06-01-at-13.16.26.jpeg?resize=350%2C200&ssl=1","width":350,"height":200,"srcset":"https:\/\/i0.wp.com\/www.cisa-arica.cl\/wp1\/wp-content\/uploads\/2023\/06\/WhatsApp-Image-2023-06-01-at-13.16.26.jpeg?resize=350%2C200&ssl=1 1x, https:\/\/i0.wp.com\/www.cisa-arica.cl\/wp1\/wp-content\/uploads\/2023\/06\/WhatsApp-Image-2023-06-01-at-13.16.26.jpeg?resize=525%2C300&ssl=1 1.5x, https:\/\/i0.wp.com\/www.cisa-arica.cl\/wp1\/wp-content\/uploads\/2023\/06\/WhatsApp-Image-2023-06-01-at-13.16.26.jpeg?resize=700%2C400&ssl=1 2x"},"classes":[]},{"id":27387,"url":"https:\/\/www.cisa-arica.cl\/wp1\/2024\/11\/18\/estudiantes-participantes-concurso-museo-del-mar\/","url_meta":{"origin":25777,"position":3},"title":"Estudiantes participantes concurso Museo del Mar","author":"Jeannette Rivera","date":"18 de Noviembre de 2024","format":false,"excerpt":"Un grupo de estudiantes acept\u00f3 la convocatoria al 2do concurso del Museo del Mar que se realiz\u00f3 el s\u00e1bado 16 de noviembre en el Plaza Grecia. En la oportunidad se obtuvo los siguientes lugares: Categor\u00eda 10- 12 Pascal Monz\u00f3n 7\u00b0A 1er lugarKendra D\u00edaz 6\u00b0B 2do lugar Categor\u00eda 13-15 Kather\u00edn Peralta\u2026","rel":"","context":"Entrada similar ","block_context":{"text":"Entrada similar ","link":""},"img":{"alt_text":"","src":"https:\/\/i0.wp.com\/www.cisa-arica.cl\/wp1\/wp-content\/uploads\/2024\/11\/WhatsApp-Image-2024-11-19-at-5.30.18-PM.jpeg?resize=350%2C200&ssl=1","width":350,"height":200,"srcset":"https:\/\/i0.wp.com\/www.cisa-arica.cl\/wp1\/wp-content\/uploads\/2024\/11\/WhatsApp-Image-2024-11-19-at-5.30.18-PM.jpeg?resize=350%2C200&ssl=1 1x, https:\/\/i0.wp.com\/www.cisa-arica.cl\/wp1\/wp-content\/uploads\/2024\/11\/WhatsApp-Image-2024-11-19-at-5.30.18-PM.jpeg?resize=525%2C300&ssl=1 1.5x, https:\/\/i0.wp.com\/www.cisa-arica.cl\/wp1\/wp-content\/uploads\/2024\/11\/WhatsApp-Image-2024-11-19-at-5.30.18-PM.jpeg?resize=700%2C400&ssl=1 2x, https:\/\/i0.wp.com\/www.cisa-arica.cl\/wp1\/wp-content\/uploads\/2024\/11\/WhatsApp-Image-2024-11-19-at-5.30.18-PM.jpeg?resize=1050%2C600&ssl=1 3x"},"classes":[]},{"id":12898,"url":"https:\/\/www.cisa-arica.cl\/wp1\/2021\/08\/23\/entrega-de-becas-tics-junaeb-a-estudiantes-de-7mos-basicos\/","url_meta":{"origin":25777,"position":4},"title":"Entrega de Becas Tics JUNAEB a estudiantes de 7os B\u00e1sicos.","author":"CISA","date":"23 de Agosto de 2021","format":false,"excerpt":"Estimada Comunidad Educativa: Colegio Italiano Santa Ana desea compartir las felicitaciones a nuestras estudiantes de 7os B\u00e1sicos quienes han sido Beneficiadas con la Beca TICs JUNAEB. Que su esfuerzo siga siendo premiado y esta nueva herramienta les sea de gran ayuda en su quehacer estudiantil.","rel":"","context":"Entrada similar ","block_context":{"text":"Entrada similar ","link":""},"img":{"alt_text":"","src":"https:\/\/i0.wp.com\/www.cisa-arica.cl\/wp1\/wp-content\/uploads\/2021\/08\/Screenshot_4.png?resize=350%2C200&ssl=1","width":350,"height":200},"classes":[]},{"id":27992,"url":"https:\/\/www.cisa-arica.cl\/wp1\/2025\/03\/03\/accesos-para-entrada-y-salida-de-las-estudiantes\/","url_meta":{"origin":25777,"position":5},"title":"Accesos para Entrada y Salida de las Estudiantes","author":"Jeannette Rivera","date":"3 de Marzo de 2025","format":false,"excerpt":"Se informan los accesos para el ingreso y salida de las estudiantes: PUERTA PRINCIPAL DE 21 DE MAYO ENTRADA Y SALIDA DE ESTUDIANTES DE 7\u00ba A 4\u00ba MEDIO Y FUNCIONARIOS. \u00a0 PUERTA CHICA DE SOTOMAYOR ENTRADA Y SALIDA DE PREKINDER, KINDER, 1\u00ba Y 2\u00ba B\u00c1SICOS. \u00a0 PORT\u00d3N DE SOTOMAYOR ENTRADA\u2026","rel":"","context":"Entrada similar ","block_context":{"text":"Entrada similar ","link":""},"img":{"alt_text":"","src":"https:\/\/i0.wp.com\/www.cisa-arica.cl\/wp1\/wp-content\/uploads\/2025\/03\/LOGO_CISA_2015.webp?resize=350%2C200&ssl=1","width":350,"height":200,"srcset":"https:\/\/i0.wp.com\/www.cisa-arica.cl\/wp1\/wp-content\/uploads\/2025\/03\/LOGO_CISA_2015.webp?resize=350%2C200&ssl=1 1x, https:\/\/i0.wp.com\/www.cisa-arica.cl\/wp1\/wp-content\/uploads\/2025\/03\/LOGO_CISA_2015.webp?resize=525%2C300&ssl=1 1.5x, https:\/\/i0.wp.com\/www.cisa-arica.cl\/wp1\/wp-content\/uploads\/2025\/03\/LOGO_CISA_2015.webp?resize=700%2C400&ssl=1 2x, https:\/\/i0.wp.com\/www.cisa-arica.cl\/wp1\/wp-content\/uploads\/2025\/03\/LOGO_CISA_2015.webp?resize=1050%2C600&ssl=1 3x"},"classes":[]}],"_links":{"self":[{"href":"https:\/\/www.cisa-arica.cl\/wp1\/wp-json\/wp\/v2\/posts\/25777","targetHints":{"allow":["GET"]}}],"collection":[{"href":"https:\/\/www.cisa-arica.cl\/wp1\/wp-json\/wp\/v2\/posts"}],"about":[{"href":"https:\/\/www.cisa-arica.cl\/wp1\/wp-json\/wp\/v2\/types\/post"}],"author":[{"embeddable":true,"href":"https:\/\/www.cisa-arica.cl\/wp1\/wp-json\/wp\/v2\/users\/5"}],"replies":[{"embeddable":true,"href":"https:\/\/www.cisa-arica.cl\/wp1\/wp-json\/wp\/v2\/comments?post=25777"}],"version-history":[{"count":3,"href":"https:\/\/www.cisa-arica.cl\/wp1\/wp-json\/wp\/v2\/posts\/25777\/revisions"}],"predecessor-version":[{"id":25849,"href":"https:\/\/www.cisa-arica.cl\/wp1\/wp-json\/wp\/v2\/posts\/25777\/revisions\/25849"}],"wp:featuredmedia":[{"embeddable":true,"href":"https:\/\/www.cisa-arica.cl\/wp1\/wp-json\/wp\/v2\/media\/25848"}],"wp:attachment":[{"href":"https:\/\/www.cisa-arica.cl\/wp1\/wp-json\/wp\/v2\/media?parent=25777"}],"wp:term":[{"taxonomy":"category","embeddable":true,"href":"https:\/\/www.cisa-arica.cl\/wp1\/wp-json\/wp\/v2\/categories?post=25777"},{"taxonomy":"post_tag","embeddable":true,"href":"https:\/\/www.cisa-arica.cl\/wp1\/wp-json\/wp\/v2\/tags?post=25777"}],"curies":[{"name":"wp","href":"https:\/\/api.w.org\/{rel}","templated":true}]}}