{"id":25767,"date":"2024-06-09T18:59:02","date_gmt":"2024-06-09T22:59:02","guid":{"rendered":"https:\/\/www.cisa-arica.cl\/wp1\/?p=25767"},"modified":"2024-06-09T19:10:03","modified_gmt":"2024-06-09T23:10:03","slug":"concurso-convivencia-escolar-cisa","status":"publish","type":"post","link":"https:\/\/www.cisa-arica.cl\/wp1\/2024\/06\/09\/concurso-convivencia-escolar-cisa\/","title":{"rendered":"Concurso Convivencia Escolar Cisa"},"content":{"rendered":"<p>Se entregaron los resultados del Concurso realizado por el Equipo de Convivencia Escolar en el cual se buscaba que las estudiantes crearan un video en relaci\u00f3n al ciberbullying y c\u00f3mo prevenirlo. En esta primera versi\u00f3n salieron ganadoras las estudiantes Mariana Ya\u00f1ez, Bel\u00e9n Videla, Isabella Ya\u00f1ez y Trinidad Bustamante pertenecientes al 7o a\u00f1o B. Felicitaciones para cada una de ellas y las instamos a seguir contribuyendo por el bienestar emocional de sus compa\u00f1eras de colegio.<\/p>\n<p><a href=\"https:\/\/app.youcut.net\/BestEditor\">https:\/\/app.youcut.net\/BestEditor<\/a><\/p>\n","protected":false},"excerpt":{"rendered":"<p>Se entregaron los resultados del Concurso realizado por el Equipo de Convivencia Escolar en el cual se buscaba que las estudiantes crearan un video en relaci\u00f3n al ciberbullying y c\u00f3mo prevenirlo. En esta primera versi\u00f3n salieron ganadoras las estudiantes Mariana Ya\u00f1ez, Bel\u00e9n Videla, Isabella Ya\u00f1ez y Trinidad Bustamante pertenecientes al 7o a\u00f1o B. Felicitaciones para <a class=\"read-more\" href=\"https:\/\/www.cisa-arica.cl\/wp1\/2024\/06\/09\/concurso-convivencia-escolar-cisa\/\">Continuar leyendo<\/a><\/p>\n","protected":false},"author":5,"featured_media":25770,"comment_status":"closed","ping_status":"open","sticky":false,"template":"","format":"standard","meta":{"_jetpack_memberships_contains_paid_content":false,"footnotes":"","jetpack_publicize_message":"","jetpack_publicize_feature_enabled":true,"jetpack_social_post_already_shared":true,"jetpack_social_options":{"image_generator_settings":{"template":"highway","default_image_id":0,"font":"","enabled":false},"version":2}},"categories":[5],"tags":[],"class_list":["post-25767","post","type-post","status-publish","format-standard","has-post-thumbnail","hentry","category-uncategorized"],"jetpack_publicize_connections":[],"jetpack_featured_media_url":"https:\/\/www.cisa-arica.cl\/wp1\/wp-content\/uploads\/2024\/06\/915f3b2f-3d2c-4cf3-90c9-c6b60e055e25.jpeg","jetpack_sharing_enabled":true,"jetpack_shortlink":"https:\/\/wp.me\/p84wcz-6HB","jetpack-related-posts":[{"id":10527,"url":"https:\/\/www.cisa-arica.cl\/wp1\/2020\/05\/22\/concurso-fotocisa\/","url_meta":{"origin":25767,"position":0},"title":"Concurso FOTOCISA","author":"CISA","date":"22 de Mayo de 2020","format":false,"excerpt":"Estimada Comunidad Educativa.Junto con saludar y deseando que se encuentren bien junto a su familia, el Equipo Psicosocial junto a Convivencia Escolar, los invita a participar del concurso\u00a0 de fotograf\u00eda\u00a0\"Me expreso en cuarentena\", para ello se adjuntan las bases del concurso el cual tiene 4 categor\u00edas. 1era Categor\u00eda: Estudiantes de\u2026","rel":"","context":"Entrada similar ","block_context":{"text":"Entrada similar ","link":""},"img":{"alt_text":"","src":"https:\/\/i0.wp.com\/www.cisa-arica.cl\/wp1\/wp-content\/uploads\/2020\/05\/1.png?resize=350%2C200&ssl=1","width":350,"height":200,"srcset":"https:\/\/i0.wp.com\/www.cisa-arica.cl\/wp1\/wp-content\/uploads\/2020\/05\/1.png?resize=350%2C200&ssl=1 1x, https:\/\/i0.wp.com\/www.cisa-arica.cl\/wp1\/wp-content\/uploads\/2020\/05\/1.png?resize=525%2C300&ssl=1 1.5x, https:\/\/i0.wp.com\/www.cisa-arica.cl\/wp1\/wp-content\/uploads\/2020\/05\/1.png?resize=700%2C400&ssl=1 2x, https:\/\/i0.wp.com\/www.cisa-arica.cl\/wp1\/wp-content\/uploads\/2020\/05\/1.png?resize=1050%2C600&ssl=1 3x, https:\/\/i0.wp.com\/www.cisa-arica.cl\/wp1\/wp-content\/uploads\/2020\/05\/1.png?resize=1400%2C800&ssl=1 4x"},"classes":[]},{"id":10826,"url":"https:\/\/www.cisa-arica.cl\/wp1\/2020\/06\/30\/ganadoras-del-concurso-de-fotografia-como-me-siento-en-cuarentena\/","url_meta":{"origin":25767,"position":1},"title":"Ganadoras del concurso de Fotograf\u00eda \u00bfC\u00f3mo me siento en cuarentena?","author":"cisa","date":"30 de Junio de 2020","format":false,"excerpt":"Estimada comunidad educativa.Junto con saludar y deseando que se\u00a0encuentren bien, el equipo Psicosocial y Convivencia Escolar quiere compartir\u00a0algunas im\u00e1genes de las ganadoras \u00a0del concurso de fotograf\u00eda en\u00a0las diferentes categor\u00edas. Felicitamos y agradecemos la participaci\u00f3n de las estudiantes y sus apoderados. Equipo Psicosocial y Convivencia Escolar.","rel":"","context":"Entrada similar ","block_context":{"text":"Entrada similar ","link":""},"img":{"alt_text":"","src":"https:\/\/i0.wp.com\/www.cisa-arica.cl\/wp1\/wp-content\/uploads\/2020\/06\/Azul-Rosa-Pastel-Gradiente-Collage-5-Fotos-Orgullo-Historia-Instagram.png?resize=350%2C200&ssl=1","width":350,"height":200,"srcset":"https:\/\/i0.wp.com\/www.cisa-arica.cl\/wp1\/wp-content\/uploads\/2020\/06\/Azul-Rosa-Pastel-Gradiente-Collage-5-Fotos-Orgullo-Historia-Instagram.png?resize=350%2C200&ssl=1 1x, https:\/\/i0.wp.com\/www.cisa-arica.cl\/wp1\/wp-content\/uploads\/2020\/06\/Azul-Rosa-Pastel-Gradiente-Collage-5-Fotos-Orgullo-Historia-Instagram.png?resize=525%2C300&ssl=1 1.5x, https:\/\/i0.wp.com\/www.cisa-arica.cl\/wp1\/wp-content\/uploads\/2020\/06\/Azul-Rosa-Pastel-Gradiente-Collage-5-Fotos-Orgullo-Historia-Instagram.png?resize=700%2C400&ssl=1 2x, https:\/\/i0.wp.com\/www.cisa-arica.cl\/wp1\/wp-content\/uploads\/2020\/06\/Azul-Rosa-Pastel-Gradiente-Collage-5-Fotos-Orgullo-Historia-Instagram.png?resize=1050%2C600&ssl=1 3x"},"classes":[]},{"id":10878,"url":"https:\/\/www.cisa-arica.cl\/wp1\/2020\/07\/10\/ganadores-concurso-literario\/","url_meta":{"origin":25767,"position":2},"title":"Resultados Concurso Literario","author":"Jeannette Rivera","date":"10 de Julio de 2020","format":false,"excerpt":"Estimada comunidad educativa: Invitamos a conocer los ganadores del concurso literario \u201cMi vida en cuarentena\", recordar que las categor\u00edas del concurso son las siguientes: 1\u00b0 Categor\u00eda: Estudiantes de 5\u00b0 y 6\u00b0 b\u00e1sico.2\u00b0 Categor\u00eda: Estudiantes de 7\u00b0b\u00e1sico a 1\u00b0 medio.3\u00b0 categor\u00eda: Estudiantes de 2\u00b0 a 4\u00b0 medio.4\u00b0 categor\u00eda: Padres y Apoderados\u2026","rel":"","context":"Entrada similar ","block_context":{"text":"Entrada similar ","link":""},"img":{"alt_text":"","src":"https:\/\/i0.wp.com\/www.cisa-arica.cl\/wp1\/wp-content\/uploads\/2020\/07\/resultados.png?resize=350%2C200&ssl=1","width":350,"height":200},"classes":[]},{"id":10831,"url":"https:\/\/www.cisa-arica.cl\/wp1\/2020\/06\/30\/concurso-de-ciencias-creando-me-protejo\/","url_meta":{"origin":25767,"position":3},"title":"Concurso de Ciencias &#8220;Creando me protejo&#8221;","author":"cisa","date":"30 de Junio de 2020","format":false,"excerpt":"Estimada comunidad educativa.Junto con saludar y desear que se encuentren bien junto a los suyos, el departamento de\u00a0ciencias\u00a0junto a convivencia escolar, los invitan a participar del\u00a0\u00a0concurso\u00a0titulado\u00a0\"Creando me protejo\"\u00a0para \u00e9sto deben utilizar toda su creatividad y desarrollar un producto innovador y \u00fatil para este tiempo de pandemia.\u00a0An\u00edmate a participar en una\u2026","rel":"","context":"Entrada similar ","block_context":{"text":"Entrada similar ","link":""},"img":{"alt_text":"","src":"https:\/\/i0.wp.com\/www.cisa-arica.cl\/wp1\/wp-content\/uploads\/2020\/06\/2-2.png?resize=350%2C200&ssl=1","width":350,"height":200,"srcset":"https:\/\/i0.wp.com\/www.cisa-arica.cl\/wp1\/wp-content\/uploads\/2020\/06\/2-2.png?resize=350%2C200&ssl=1 1x, https:\/\/i0.wp.com\/www.cisa-arica.cl\/wp1\/wp-content\/uploads\/2020\/06\/2-2.png?resize=525%2C300&ssl=1 1.5x, https:\/\/i0.wp.com\/www.cisa-arica.cl\/wp1\/wp-content\/uploads\/2020\/06\/2-2.png?resize=700%2C400&ssl=1 2x, https:\/\/i0.wp.com\/www.cisa-arica.cl\/wp1\/wp-content\/uploads\/2020\/06\/2-2.png?resize=1050%2C600&ssl=1 3x, https:\/\/i0.wp.com\/www.cisa-arica.cl\/wp1\/wp-content\/uploads\/2020\/06\/2-2.png?resize=1400%2C800&ssl=1 4x"},"classes":[]},{"id":11112,"url":"https:\/\/www.cisa-arica.cl\/wp1\/2020\/07\/26\/resultados-concurso-de-ciencias\/","url_meta":{"origin":25767,"position":4},"title":"Resultados Concurso de Ciencias","author":"cisa","date":"26 de Julio de 2020","format":false,"excerpt":"Estimada comunidad educativa: Invitamos a conocer los ganadores del concurso de Ciencias \u201cCreando me protejo\u201d, recordar que las categor\u00edas del concurso son las siguientes: 1era Categor\u00eda: Estudiantes de 5to a 6to B\u00e1sico. 2da Categor\u00eda: Estudiantes de 7mo a 1ro medio. 3era categor\u00eda: Estudiantes de 2do a 4to medio. 4ta categor\u00eda:\u2026","rel":"","context":"Entrada similar ","block_context":{"text":"Entrada similar ","link":""},"img":{"alt_text":"","src":"https:\/\/i0.wp.com\/www.cisa-arica.cl\/wp1\/wp-content\/uploads\/2020\/07\/1.jpg?resize=350%2C200&ssl=1","width":350,"height":200,"srcset":"https:\/\/i0.wp.com\/www.cisa-arica.cl\/wp1\/wp-content\/uploads\/2020\/07\/1.jpg?resize=350%2C200&ssl=1 1x, https:\/\/i0.wp.com\/www.cisa-arica.cl\/wp1\/wp-content\/uploads\/2020\/07\/1.jpg?resize=525%2C300&ssl=1 1.5x, https:\/\/i0.wp.com\/www.cisa-arica.cl\/wp1\/wp-content\/uploads\/2020\/07\/1.jpg?resize=700%2C400&ssl=1 2x, https:\/\/i0.wp.com\/www.cisa-arica.cl\/wp1\/wp-content\/uploads\/2020\/07\/1.jpg?resize=1050%2C600&ssl=1 3x"},"classes":[]},{"id":25068,"url":"https:\/\/www.cisa-arica.cl\/wp1\/2024\/04\/25\/concurso-convivencia-escolar\/","url_meta":{"origin":25767,"position":5},"title":"Concurso Convivencia Escolar","author":"Jeannette Rivera","date":"25 de Abril de 2024","format":false,"excerpt":"Con el lema \u00bfQu\u00e9 hacer\u00a0 para lograr una buena convivencia en mi colegio? Se abri\u00f3 el concurso el cual consiste en enviar un mensaje positivo que nos permita reflexionar sobre la mejor manera de buscar soluciones frente a los conflictos. Las bases se encuentran en el afiche adjunto. \u00a0","rel":"","context":"Entrada similar ","block_context":{"text":"Entrada similar ","link":""},"img":{"alt_text":"","src":"https:\/\/i0.wp.com\/www.cisa-arica.cl\/wp1\/wp-content\/uploads\/2024\/04\/WhatsApp-Image-2024-04-23-at-08.20.27-1.jpeg?resize=350%2C200&ssl=1","width":350,"height":200,"srcset":"https:\/\/i0.wp.com\/www.cisa-arica.cl\/wp1\/wp-content\/uploads\/2024\/04\/WhatsApp-Image-2024-04-23-at-08.20.27-1.jpeg?resize=350%2C200&ssl=1 1x, https:\/\/i0.wp.com\/www.cisa-arica.cl\/wp1\/wp-content\/uploads\/2024\/04\/WhatsApp-Image-2024-04-23-at-08.20.27-1.jpeg?resize=525%2C300&ssl=1 1.5x"},"classes":[]}],"_links":{"self":[{"href":"https:\/\/www.cisa-arica.cl\/wp1\/wp-json\/wp\/v2\/posts\/25767","targetHints":{"allow":["GET"]}}],"collection":[{"href":"https:\/\/www.cisa-arica.cl\/wp1\/wp-json\/wp\/v2\/posts"}],"about":[{"href":"https:\/\/www.cisa-arica.cl\/wp1\/wp-json\/wp\/v2\/types\/post"}],"author":[{"embeddable":true,"href":"https:\/\/www.cisa-arica.cl\/wp1\/wp-json\/wp\/v2\/users\/5"}],"replies":[{"embeddable":true,"href":"https:\/\/www.cisa-arica.cl\/wp1\/wp-json\/wp\/v2\/comments?post=25767"}],"version-history":[{"count":2,"href":"https:\/\/www.cisa-arica.cl\/wp1\/wp-json\/wp\/v2\/posts\/25767\/revisions"}],"predecessor-version":[{"id":25769,"href":"https:\/\/www.cisa-arica.cl\/wp1\/wp-json\/wp\/v2\/posts\/25767\/revisions\/25769"}],"wp:featuredmedia":[{"embeddable":true,"href":"https:\/\/www.cisa-arica.cl\/wp1\/wp-json\/wp\/v2\/media\/25770"}],"wp:attachment":[{"href":"https:\/\/www.cisa-arica.cl\/wp1\/wp-json\/wp\/v2\/media?parent=25767"}],"wp:term":[{"taxonomy":"category","embeddable":true,"href":"https:\/\/www.cisa-arica.cl\/wp1\/wp-json\/wp\/v2\/categories?post=25767"},{"taxonomy":"post_tag","embeddable":true,"href":"https:\/\/www.cisa-arica.cl\/wp1\/wp-json\/wp\/v2\/tags?post=25767"}],"curies":[{"name":"wp","href":"https:\/\/api.w.org\/{rel}","templated":true}]}}