{"id":25756,"date":"2024-06-09T18:51:53","date_gmt":"2024-06-09T22:51:53","guid":{"rendered":"https:\/\/www.cisa-arica.cl\/wp1\/?p=25756"},"modified":"2024-06-09T18:51:55","modified_gmt":"2024-06-09T22:51:55","slug":"concurso-glorias-navales-2024","status":"publish","type":"post","link":"https:\/\/www.cisa-arica.cl\/wp1\/2024\/06\/09\/concurso-glorias-navales-2024\/","title":{"rendered":"Concurso Glorias Navales 2024"},"content":{"rendered":"\n<p>La Gobernaci\u00f3n Mar\u00edtima de Arica dio a conocer a los ganadores de su concurso pict\u00f3rico versi\u00f3n 2024, en la cual nuestra estudiante del 7o a\u00f1o A obtuvo el primer a la mejor tem\u00e1tica relacionada  a las Glorias Navales. Estamos muy felices por el trabajo de Catalina y esperamos que siga fortaleciendo sus habilidades art\u00edsticas.<\/p>\n\n\n\n<div class=\"wp-block-jetpack-tiled-gallery aligncenter is-style-rectangular\"><div class=\"tiled-gallery__gallery\"><div class=\"tiled-gallery__row\"><div class=\"tiled-gallery__col\" style=\"flex-basis:63.65614%\"><figure class=\"tiled-gallery__item\"><img decoding=\"async\" data-attachment-id=\"25758\" data-permalink=\"https:\/\/www.cisa-arica.cl\/wp1\/2024\/06\/09\/concurso-glorias-navales-2024\/cd7fdb69-4508-44a3-9d21-db257f2c32ca\/\" data-orig-file=\"https:\/\/www.cisa-arica.cl\/wp1\/wp-content\/uploads\/2024\/06\/cd7fdb69-4508-44a3-9d21-db257f2c32ca.jpeg\" data-orig-size=\"720,729\" data-comments-opened=\"0\" data-image-meta=\"{&quot;aperture&quot;:&quot;0&quot;,&quot;credit&quot;:&quot;&quot;,&quot;camera&quot;:&quot;&quot;,&quot;caption&quot;:&quot;&quot;,&quot;created_timestamp&quot;:&quot;1717865969&quot;,&quot;copyright&quot;:&quot;&quot;,&quot;focal_length&quot;:&quot;0&quot;,&quot;iso&quot;:&quot;0&quot;,&quot;shutter_speed&quot;:&quot;0&quot;,&quot;title&quot;:&quot;&quot;,&quot;orientation&quot;:&quot;1&quot;}\" data-image-title=\"cd7fdb69-4508-44a3-9d21-db257f2c32ca\" data-image-description=\"\" data-image-caption=\"\" data-large-file=\"https:\/\/www.cisa-arica.cl\/wp1\/wp-content\/uploads\/2024\/06\/cd7fdb69-4508-44a3-9d21-db257f2c32ca-593x600.jpeg\" data-attachment-id=\"25758\" data-permalink=\"https:\/\/www.cisa-arica.cl\/wp1\/2024\/06\/09\/concurso-glorias-navales-2024\/cd7fdb69-4508-44a3-9d21-db257f2c32ca\/\" data-orig-file=\"https:\/\/www.cisa-arica.cl\/wp1\/wp-content\/uploads\/2024\/06\/cd7fdb69-4508-44a3-9d21-db257f2c32ca.jpeg\" data-orig-size=\"720,729\" data-comments-opened=\"0\" data-image-meta=\"{&quot;aperture&quot;:&quot;0&quot;,&quot;credit&quot;:&quot;&quot;,&quot;camera&quot;:&quot;&quot;,&quot;caption&quot;:&quot;&quot;,&quot;created_timestamp&quot;:&quot;1717865969&quot;,&quot;copyright&quot;:&quot;&quot;,&quot;focal_length&quot;:&quot;0&quot;,&quot;iso&quot;:&quot;0&quot;,&quot;shutter_speed&quot;:&quot;0&quot;,&quot;title&quot;:&quot;&quot;,&quot;orientation&quot;:&quot;1&quot;}\" data-image-title=\"cd7fdb69-4508-44a3-9d21-db257f2c32ca\" data-image-description=\"\" data-image-caption=\"\" data-large-file=\"https:\/\/www.cisa-arica.cl\/wp1\/wp-content\/uploads\/2024\/06\/cd7fdb69-4508-44a3-9d21-db257f2c32ca-593x600.jpeg\" role=\"button\" tabindex=\"0\" aria-label=\"Abrir la imagen 1 de 7 en pantalla completa\"srcset=\"https:\/\/i1.wp.com\/www.cisa-arica.cl\/wp1\/wp-content\/uploads\/2024\/06\/cd7fdb69-4508-44a3-9d21-db257f2c32ca-593x600.jpeg?strip=info&#038;w=600&#038;ssl=1 600w,https:\/\/i1.wp.com\/www.cisa-arica.cl\/wp1\/wp-content\/uploads\/2024\/06\/cd7fdb69-4508-44a3-9d21-db257f2c32ca-593x600.jpeg?strip=info&#038;w=720&#038;ssl=1 720w\" alt=\"\" data-height=\"729\" data-id=\"25758\" data-link=\"https:\/\/www.cisa-arica.cl\/wp1\/?attachment_id=25758\" data-url=\"https:\/\/www.cisa-arica.cl\/wp1\/wp-content\/uploads\/2024\/06\/cd7fdb69-4508-44a3-9d21-db257f2c32ca-593x600.jpeg\" data-width=\"720\" src=\"https:\/\/i1.wp.com\/www.cisa-arica.cl\/wp1\/wp-content\/uploads\/2024\/06\/cd7fdb69-4508-44a3-9d21-db257f2c32ca-593x600.jpeg?ssl=1\" data-amp-layout=\"responsive\"\/><\/figure><\/div><div class=\"tiled-gallery__col\" style=\"flex-basis:36.34386%\"><figure class=\"tiled-gallery__item\"><img decoding=\"async\" data-attachment-id=\"25759\" data-permalink=\"https:\/\/www.cisa-arica.cl\/wp1\/2024\/06\/09\/concurso-glorias-navales-2024\/fd0d3e5e-b1d7-4159-a985-fbe96055183f\/\" data-orig-file=\"https:\/\/www.cisa-arica.cl\/wp1\/wp-content\/uploads\/2024\/06\/fd0d3e5e-b1d7-4159-a985-fbe96055183f.jpeg\" data-orig-size=\"899,1599\" data-comments-opened=\"0\" data-image-meta=\"{&quot;aperture&quot;:&quot;0&quot;,&quot;credit&quot;:&quot;&quot;,&quot;camera&quot;:&quot;&quot;,&quot;caption&quot;:&quot;&quot;,&quot;created_timestamp&quot;:&quot;0&quot;,&quot;copyright&quot;:&quot;&quot;,&quot;focal_length&quot;:&quot;0&quot;,&quot;iso&quot;:&quot;0&quot;,&quot;shutter_speed&quot;:&quot;0&quot;,&quot;title&quot;:&quot;&quot;,&quot;orientation&quot;:&quot;0&quot;}\" data-image-title=\"fd0d3e5e-b1d7-4159-a985-fbe96055183f\" data-image-description=\"\" data-image-caption=\"\" data-large-file=\"https:\/\/www.cisa-arica.cl\/wp1\/wp-content\/uploads\/2024\/06\/fd0d3e5e-b1d7-4159-a985-fbe96055183f-337x600.jpeg\" data-attachment-id=\"25759\" data-permalink=\"https:\/\/www.cisa-arica.cl\/wp1\/2024\/06\/09\/concurso-glorias-navales-2024\/fd0d3e5e-b1d7-4159-a985-fbe96055183f\/\" data-orig-file=\"https:\/\/www.cisa-arica.cl\/wp1\/wp-content\/uploads\/2024\/06\/fd0d3e5e-b1d7-4159-a985-fbe96055183f.jpeg\" data-orig-size=\"899,1599\" data-comments-opened=\"0\" data-image-meta=\"{&quot;aperture&quot;:&quot;0&quot;,&quot;credit&quot;:&quot;&quot;,&quot;camera&quot;:&quot;&quot;,&quot;caption&quot;:&quot;&quot;,&quot;created_timestamp&quot;:&quot;0&quot;,&quot;copyright&quot;:&quot;&quot;,&quot;focal_length&quot;:&quot;0&quot;,&quot;iso&quot;:&quot;0&quot;,&quot;shutter_speed&quot;:&quot;0&quot;,&quot;title&quot;:&quot;&quot;,&quot;orientation&quot;:&quot;0&quot;}\" data-image-title=\"fd0d3e5e-b1d7-4159-a985-fbe96055183f\" data-image-description=\"\" data-image-caption=\"\" data-large-file=\"https:\/\/www.cisa-arica.cl\/wp1\/wp-content\/uploads\/2024\/06\/fd0d3e5e-b1d7-4159-a985-fbe96055183f-337x600.jpeg\" role=\"button\" tabindex=\"0\" aria-label=\"Abrir la imagen 2 de 7 en pantalla completa\"srcset=\"https:\/\/i2.wp.com\/www.cisa-arica.cl\/wp1\/wp-content\/uploads\/2024\/06\/fd0d3e5e-b1d7-4159-a985-fbe96055183f-337x600.jpeg?strip=info&#038;w=600&#038;ssl=1 600w,https:\/\/i2.wp.com\/www.cisa-arica.cl\/wp1\/wp-content\/uploads\/2024\/06\/fd0d3e5e-b1d7-4159-a985-fbe96055183f-337x600.jpeg?strip=info&#038;w=899&#038;ssl=1 899w\" alt=\"\" data-height=\"1599\" data-id=\"25759\" data-link=\"https:\/\/www.cisa-arica.cl\/wp1\/?attachment_id=25759\" data-url=\"https:\/\/www.cisa-arica.cl\/wp1\/wp-content\/uploads\/2024\/06\/fd0d3e5e-b1d7-4159-a985-fbe96055183f-337x600.jpeg\" data-width=\"899\" src=\"https:\/\/i2.wp.com\/www.cisa-arica.cl\/wp1\/wp-content\/uploads\/2024\/06\/fd0d3e5e-b1d7-4159-a985-fbe96055183f-337x600.jpeg?ssl=1\" data-amp-layout=\"responsive\"\/><\/figure><\/div><\/div><div class=\"tiled-gallery__row\"><div class=\"tiled-gallery__col\" style=\"flex-basis:63.90622%\"><figure class=\"tiled-gallery__item\"><img decoding=\"async\" data-attachment-id=\"25760\" data-permalink=\"https:\/\/www.cisa-arica.cl\/wp1\/2024\/06\/09\/concurso-glorias-navales-2024\/5968729c-6e85-4510-8a3a-6361628e2bc0\/\" data-orig-file=\"https:\/\/www.cisa-arica.cl\/wp1\/wp-content\/uploads\/2024\/06\/5968729c-6e85-4510-8a3a-6361628e2bc0.jpeg\" data-orig-size=\"1600,1200\" data-comments-opened=\"0\" data-image-meta=\"{&quot;aperture&quot;:&quot;0&quot;,&quot;credit&quot;:&quot;&quot;,&quot;camera&quot;:&quot;&quot;,&quot;caption&quot;:&quot;&quot;,&quot;created_timestamp&quot;:&quot;1717865686&quot;,&quot;copyright&quot;:&quot;&quot;,&quot;focal_length&quot;:&quot;0&quot;,&quot;iso&quot;:&quot;0&quot;,&quot;shutter_speed&quot;:&quot;0&quot;,&quot;title&quot;:&quot;&quot;,&quot;orientation&quot;:&quot;1&quot;}\" data-image-title=\"5968729c-6e85-4510-8a3a-6361628e2bc0\" data-image-description=\"\" data-image-caption=\"\" data-large-file=\"https:\/\/www.cisa-arica.cl\/wp1\/wp-content\/uploads\/2024\/06\/5968729c-6e85-4510-8a3a-6361628e2bc0-600x450.jpeg\" data-attachment-id=\"25760\" data-permalink=\"https:\/\/www.cisa-arica.cl\/wp1\/2024\/06\/09\/concurso-glorias-navales-2024\/5968729c-6e85-4510-8a3a-6361628e2bc0\/\" data-orig-file=\"https:\/\/www.cisa-arica.cl\/wp1\/wp-content\/uploads\/2024\/06\/5968729c-6e85-4510-8a3a-6361628e2bc0.jpeg\" data-orig-size=\"1600,1200\" data-comments-opened=\"0\" data-image-meta=\"{&quot;aperture&quot;:&quot;0&quot;,&quot;credit&quot;:&quot;&quot;,&quot;camera&quot;:&quot;&quot;,&quot;caption&quot;:&quot;&quot;,&quot;created_timestamp&quot;:&quot;1717865686&quot;,&quot;copyright&quot;:&quot;&quot;,&quot;focal_length&quot;:&quot;0&quot;,&quot;iso&quot;:&quot;0&quot;,&quot;shutter_speed&quot;:&quot;0&quot;,&quot;title&quot;:&quot;&quot;,&quot;orientation&quot;:&quot;1&quot;}\" data-image-title=\"5968729c-6e85-4510-8a3a-6361628e2bc0\" data-image-description=\"\" data-image-caption=\"\" data-large-file=\"https:\/\/www.cisa-arica.cl\/wp1\/wp-content\/uploads\/2024\/06\/5968729c-6e85-4510-8a3a-6361628e2bc0-600x450.jpeg\" role=\"button\" tabindex=\"0\" aria-label=\"Abrir la imagen 3 de 7 en pantalla completa\"srcset=\"https:\/\/i2.wp.com\/www.cisa-arica.cl\/wp1\/wp-content\/uploads\/2024\/06\/5968729c-6e85-4510-8a3a-6361628e2bc0-600x450.jpeg?strip=info&#038;w=600&#038;ssl=1 600w,https:\/\/i2.wp.com\/www.cisa-arica.cl\/wp1\/wp-content\/uploads\/2024\/06\/5968729c-6e85-4510-8a3a-6361628e2bc0-600x450.jpeg?strip=info&#038;w=900&#038;ssl=1 900w,https:\/\/i2.wp.com\/www.cisa-arica.cl\/wp1\/wp-content\/uploads\/2024\/06\/5968729c-6e85-4510-8a3a-6361628e2bc0-600x450.jpeg?strip=info&#038;w=1200&#038;ssl=1 1200w,https:\/\/i2.wp.com\/www.cisa-arica.cl\/wp1\/wp-content\/uploads\/2024\/06\/5968729c-6e85-4510-8a3a-6361628e2bc0-600x450.jpeg?strip=info&#038;w=1500&#038;ssl=1 1500w,https:\/\/i2.wp.com\/www.cisa-arica.cl\/wp1\/wp-content\/uploads\/2024\/06\/5968729c-6e85-4510-8a3a-6361628e2bc0-600x450.jpeg?strip=info&#038;w=1600&#038;ssl=1 1600w\" alt=\"\" data-height=\"1200\" data-id=\"25760\" data-link=\"https:\/\/www.cisa-arica.cl\/wp1\/?attachment_id=25760\" data-url=\"https:\/\/www.cisa-arica.cl\/wp1\/wp-content\/uploads\/2024\/06\/5968729c-6e85-4510-8a3a-6361628e2bc0-600x450.jpeg\" data-width=\"1600\" src=\"https:\/\/i2.wp.com\/www.cisa-arica.cl\/wp1\/wp-content\/uploads\/2024\/06\/5968729c-6e85-4510-8a3a-6361628e2bc0-600x450.jpeg?ssl=1\" data-amp-layout=\"responsive\"\/><\/figure><\/div><div class=\"tiled-gallery__col\" style=\"flex-basis:36.09378%\"><figure class=\"tiled-gallery__item\"><img decoding=\"async\" data-attachment-id=\"25761\" data-permalink=\"https:\/\/www.cisa-arica.cl\/wp1\/2024\/06\/09\/concurso-glorias-navales-2024\/446cb33f-01b0-4ccf-baa3-5857d0637361\/\" data-orig-file=\"https:\/\/www.cisa-arica.cl\/wp1\/wp-content\/uploads\/2024\/06\/446cb33f-01b0-4ccf-baa3-5857d0637361.jpeg\" data-orig-size=\"1200,1600\" data-comments-opened=\"0\" data-image-meta=\"{&quot;aperture&quot;:&quot;0&quot;,&quot;credit&quot;:&quot;&quot;,&quot;camera&quot;:&quot;&quot;,&quot;caption&quot;:&quot;&quot;,&quot;created_timestamp&quot;:&quot;1717865686&quot;,&quot;copyright&quot;:&quot;&quot;,&quot;focal_length&quot;:&quot;0&quot;,&quot;iso&quot;:&quot;0&quot;,&quot;shutter_speed&quot;:&quot;0&quot;,&quot;title&quot;:&quot;&quot;,&quot;orientation&quot;:&quot;1&quot;}\" data-image-title=\"446cb33f-01b0-4ccf-baa3-5857d0637361\" data-image-description=\"\" data-image-caption=\"\" data-large-file=\"https:\/\/www.cisa-arica.cl\/wp1\/wp-content\/uploads\/2024\/06\/446cb33f-01b0-4ccf-baa3-5857d0637361-450x600.jpeg\" data-attachment-id=\"25761\" data-permalink=\"https:\/\/www.cisa-arica.cl\/wp1\/2024\/06\/09\/concurso-glorias-navales-2024\/446cb33f-01b0-4ccf-baa3-5857d0637361\/\" data-orig-file=\"https:\/\/www.cisa-arica.cl\/wp1\/wp-content\/uploads\/2024\/06\/446cb33f-01b0-4ccf-baa3-5857d0637361.jpeg\" data-orig-size=\"1200,1600\" data-comments-opened=\"0\" data-image-meta=\"{&quot;aperture&quot;:&quot;0&quot;,&quot;credit&quot;:&quot;&quot;,&quot;camera&quot;:&quot;&quot;,&quot;caption&quot;:&quot;&quot;,&quot;created_timestamp&quot;:&quot;1717865686&quot;,&quot;copyright&quot;:&quot;&quot;,&quot;focal_length&quot;:&quot;0&quot;,&quot;iso&quot;:&quot;0&quot;,&quot;shutter_speed&quot;:&quot;0&quot;,&quot;title&quot;:&quot;&quot;,&quot;orientation&quot;:&quot;1&quot;}\" data-image-title=\"446cb33f-01b0-4ccf-baa3-5857d0637361\" data-image-description=\"\" data-image-caption=\"\" data-large-file=\"https:\/\/www.cisa-arica.cl\/wp1\/wp-content\/uploads\/2024\/06\/446cb33f-01b0-4ccf-baa3-5857d0637361-450x600.jpeg\" role=\"button\" tabindex=\"0\" aria-label=\"Abrir la imagen 4 de 7 en pantalla completa\"srcset=\"https:\/\/i2.wp.com\/www.cisa-arica.cl\/wp1\/wp-content\/uploads\/2024\/06\/446cb33f-01b0-4ccf-baa3-5857d0637361-450x600.jpeg?strip=info&#038;w=600&#038;ssl=1 600w,https:\/\/i2.wp.com\/www.cisa-arica.cl\/wp1\/wp-content\/uploads\/2024\/06\/446cb33f-01b0-4ccf-baa3-5857d0637361-450x600.jpeg?strip=info&#038;w=900&#038;ssl=1 900w,https:\/\/i2.wp.com\/www.cisa-arica.cl\/wp1\/wp-content\/uploads\/2024\/06\/446cb33f-01b0-4ccf-baa3-5857d0637361-450x600.jpeg?strip=info&#038;w=1200&#038;ssl=1 1200w\" alt=\"\" data-height=\"1600\" data-id=\"25761\" data-link=\"https:\/\/www.cisa-arica.cl\/wp1\/?attachment_id=25761\" data-url=\"https:\/\/www.cisa-arica.cl\/wp1\/wp-content\/uploads\/2024\/06\/446cb33f-01b0-4ccf-baa3-5857d0637361-450x600.jpeg\" data-width=\"1200\" src=\"https:\/\/i2.wp.com\/www.cisa-arica.cl\/wp1\/wp-content\/uploads\/2024\/06\/446cb33f-01b0-4ccf-baa3-5857d0637361-450x600.jpeg?ssl=1\" data-amp-layout=\"responsive\"\/><\/figure><\/div><\/div><div class=\"tiled-gallery__row\"><div class=\"tiled-gallery__col\" style=\"flex-basis:33.33333%\"><figure class=\"tiled-gallery__item\"><img decoding=\"async\" data-attachment-id=\"25762\" data-permalink=\"https:\/\/www.cisa-arica.cl\/wp1\/2024\/06\/09\/concurso-glorias-navales-2024\/a81440ce-7d47-4ea1-9d17-d94bca2de193\/\" data-orig-file=\"https:\/\/www.cisa-arica.cl\/wp1\/wp-content\/uploads\/2024\/06\/a81440ce-7d47-4ea1-9d17-d94bca2de193.jpeg\" data-orig-size=\"1200,1600\" data-comments-opened=\"0\" data-image-meta=\"{&quot;aperture&quot;:&quot;0&quot;,&quot;credit&quot;:&quot;&quot;,&quot;camera&quot;:&quot;&quot;,&quot;caption&quot;:&quot;&quot;,&quot;created_timestamp&quot;:&quot;1717865686&quot;,&quot;copyright&quot;:&quot;&quot;,&quot;focal_length&quot;:&quot;0&quot;,&quot;iso&quot;:&quot;0&quot;,&quot;shutter_speed&quot;:&quot;0&quot;,&quot;title&quot;:&quot;&quot;,&quot;orientation&quot;:&quot;1&quot;}\" data-image-title=\"a81440ce-7d47-4ea1-9d17-d94bca2de193\" data-image-description=\"\" data-image-caption=\"\" data-large-file=\"https:\/\/www.cisa-arica.cl\/wp1\/wp-content\/uploads\/2024\/06\/a81440ce-7d47-4ea1-9d17-d94bca2de193-450x600.jpeg\" data-attachment-id=\"25762\" data-permalink=\"https:\/\/www.cisa-arica.cl\/wp1\/2024\/06\/09\/concurso-glorias-navales-2024\/a81440ce-7d47-4ea1-9d17-d94bca2de193\/\" data-orig-file=\"https:\/\/www.cisa-arica.cl\/wp1\/wp-content\/uploads\/2024\/06\/a81440ce-7d47-4ea1-9d17-d94bca2de193.jpeg\" data-orig-size=\"1200,1600\" data-comments-opened=\"0\" data-image-meta=\"{&quot;aperture&quot;:&quot;0&quot;,&quot;credit&quot;:&quot;&quot;,&quot;camera&quot;:&quot;&quot;,&quot;caption&quot;:&quot;&quot;,&quot;created_timestamp&quot;:&quot;1717865686&quot;,&quot;copyright&quot;:&quot;&quot;,&quot;focal_length&quot;:&quot;0&quot;,&quot;iso&quot;:&quot;0&quot;,&quot;shutter_speed&quot;:&quot;0&quot;,&quot;title&quot;:&quot;&quot;,&quot;orientation&quot;:&quot;1&quot;}\" data-image-title=\"a81440ce-7d47-4ea1-9d17-d94bca2de193\" data-image-description=\"\" data-image-caption=\"\" data-large-file=\"https:\/\/www.cisa-arica.cl\/wp1\/wp-content\/uploads\/2024\/06\/a81440ce-7d47-4ea1-9d17-d94bca2de193-450x600.jpeg\" role=\"button\" tabindex=\"0\" aria-label=\"Abrir la imagen 5 de 7 en pantalla completa\"srcset=\"https:\/\/i1.wp.com\/www.cisa-arica.cl\/wp1\/wp-content\/uploads\/2024\/06\/a81440ce-7d47-4ea1-9d17-d94bca2de193-450x600.jpeg?strip=info&#038;w=600&#038;ssl=1 600w,https:\/\/i1.wp.com\/www.cisa-arica.cl\/wp1\/wp-content\/uploads\/2024\/06\/a81440ce-7d47-4ea1-9d17-d94bca2de193-450x600.jpeg?strip=info&#038;w=900&#038;ssl=1 900w,https:\/\/i1.wp.com\/www.cisa-arica.cl\/wp1\/wp-content\/uploads\/2024\/06\/a81440ce-7d47-4ea1-9d17-d94bca2de193-450x600.jpeg?strip=info&#038;w=1200&#038;ssl=1 1200w\" alt=\"\" data-height=\"1600\" data-id=\"25762\" data-link=\"https:\/\/www.cisa-arica.cl\/wp1\/?attachment_id=25762\" data-url=\"https:\/\/www.cisa-arica.cl\/wp1\/wp-content\/uploads\/2024\/06\/a81440ce-7d47-4ea1-9d17-d94bca2de193-450x600.jpeg\" data-width=\"1200\" src=\"https:\/\/i1.wp.com\/www.cisa-arica.cl\/wp1\/wp-content\/uploads\/2024\/06\/a81440ce-7d47-4ea1-9d17-d94bca2de193-450x600.jpeg?ssl=1\" data-amp-layout=\"responsive\"\/><\/figure><\/div><div class=\"tiled-gallery__col\" style=\"flex-basis:33.33333%\"><figure class=\"tiled-gallery__item\"><img decoding=\"async\" data-attachment-id=\"25763\" data-permalink=\"https:\/\/www.cisa-arica.cl\/wp1\/2024\/06\/09\/concurso-glorias-navales-2024\/d1aad733-2fca-4d85-b778-aafcaf78c307\/\" data-orig-file=\"https:\/\/www.cisa-arica.cl\/wp1\/wp-content\/uploads\/2024\/06\/d1aad733-2fca-4d85-b778-aafcaf78c307.jpeg\" data-orig-size=\"1200,1600\" data-comments-opened=\"0\" data-image-meta=\"{&quot;aperture&quot;:&quot;0&quot;,&quot;credit&quot;:&quot;&quot;,&quot;camera&quot;:&quot;&quot;,&quot;caption&quot;:&quot;&quot;,&quot;created_timestamp&quot;:&quot;1717865686&quot;,&quot;copyright&quot;:&quot;&quot;,&quot;focal_length&quot;:&quot;0&quot;,&quot;iso&quot;:&quot;0&quot;,&quot;shutter_speed&quot;:&quot;0&quot;,&quot;title&quot;:&quot;&quot;,&quot;orientation&quot;:&quot;1&quot;}\" data-image-title=\"d1aad733-2fca-4d85-b778-aafcaf78c307\" data-image-description=\"\" data-image-caption=\"\" data-large-file=\"https:\/\/www.cisa-arica.cl\/wp1\/wp-content\/uploads\/2024\/06\/d1aad733-2fca-4d85-b778-aafcaf78c307-450x600.jpeg\" data-attachment-id=\"25763\" data-permalink=\"https:\/\/www.cisa-arica.cl\/wp1\/2024\/06\/09\/concurso-glorias-navales-2024\/d1aad733-2fca-4d85-b778-aafcaf78c307\/\" data-orig-file=\"https:\/\/www.cisa-arica.cl\/wp1\/wp-content\/uploads\/2024\/06\/d1aad733-2fca-4d85-b778-aafcaf78c307.jpeg\" data-orig-size=\"1200,1600\" data-comments-opened=\"0\" data-image-meta=\"{&quot;aperture&quot;:&quot;0&quot;,&quot;credit&quot;:&quot;&quot;,&quot;camera&quot;:&quot;&quot;,&quot;caption&quot;:&quot;&quot;,&quot;created_timestamp&quot;:&quot;1717865686&quot;,&quot;copyright&quot;:&quot;&quot;,&quot;focal_length&quot;:&quot;0&quot;,&quot;iso&quot;:&quot;0&quot;,&quot;shutter_speed&quot;:&quot;0&quot;,&quot;title&quot;:&quot;&quot;,&quot;orientation&quot;:&quot;1&quot;}\" data-image-title=\"d1aad733-2fca-4d85-b778-aafcaf78c307\" data-image-description=\"\" data-image-caption=\"\" data-large-file=\"https:\/\/www.cisa-arica.cl\/wp1\/wp-content\/uploads\/2024\/06\/d1aad733-2fca-4d85-b778-aafcaf78c307-450x600.jpeg\" role=\"button\" tabindex=\"0\" aria-label=\"Abrir la imagen 6 de 7 en pantalla completa\"srcset=\"https:\/\/i2.wp.com\/www.cisa-arica.cl\/wp1\/wp-content\/uploads\/2024\/06\/d1aad733-2fca-4d85-b778-aafcaf78c307-450x600.jpeg?strip=info&#038;w=600&#038;ssl=1 600w,https:\/\/i2.wp.com\/www.cisa-arica.cl\/wp1\/wp-content\/uploads\/2024\/06\/d1aad733-2fca-4d85-b778-aafcaf78c307-450x600.jpeg?strip=info&#038;w=900&#038;ssl=1 900w,https:\/\/i2.wp.com\/www.cisa-arica.cl\/wp1\/wp-content\/uploads\/2024\/06\/d1aad733-2fca-4d85-b778-aafcaf78c307-450x600.jpeg?strip=info&#038;w=1200&#038;ssl=1 1200w\" alt=\"\" data-height=\"1600\" data-id=\"25763\" data-link=\"https:\/\/www.cisa-arica.cl\/wp1\/?attachment_id=25763\" data-url=\"https:\/\/www.cisa-arica.cl\/wp1\/wp-content\/uploads\/2024\/06\/d1aad733-2fca-4d85-b778-aafcaf78c307-450x600.jpeg\" data-width=\"1200\" src=\"https:\/\/i2.wp.com\/www.cisa-arica.cl\/wp1\/wp-content\/uploads\/2024\/06\/d1aad733-2fca-4d85-b778-aafcaf78c307-450x600.jpeg?ssl=1\" data-amp-layout=\"responsive\"\/><\/figure><\/div><div class=\"tiled-gallery__col\" style=\"flex-basis:33.33333%\"><figure class=\"tiled-gallery__item\"><img decoding=\"async\" data-attachment-id=\"25764\" data-permalink=\"https:\/\/www.cisa-arica.cl\/wp1\/2024\/06\/09\/concurso-glorias-navales-2024\/fbbac07c-7360-4306-bf33-46d6d8e1eb0a\/\" data-orig-file=\"https:\/\/www.cisa-arica.cl\/wp1\/wp-content\/uploads\/2024\/06\/fbbac07c-7360-4306-bf33-46d6d8e1eb0a.jpeg\" data-orig-size=\"1200,1600\" data-comments-opened=\"0\" data-image-meta=\"{&quot;aperture&quot;:&quot;0&quot;,&quot;credit&quot;:&quot;&quot;,&quot;camera&quot;:&quot;&quot;,&quot;caption&quot;:&quot;&quot;,&quot;created_timestamp&quot;:&quot;1717865685&quot;,&quot;copyright&quot;:&quot;&quot;,&quot;focal_length&quot;:&quot;0&quot;,&quot;iso&quot;:&quot;0&quot;,&quot;shutter_speed&quot;:&quot;0&quot;,&quot;title&quot;:&quot;&quot;,&quot;orientation&quot;:&quot;1&quot;}\" data-image-title=\"fbbac07c-7360-4306-bf33-46d6d8e1eb0a\" data-image-description=\"\" data-image-caption=\"\" data-large-file=\"https:\/\/www.cisa-arica.cl\/wp1\/wp-content\/uploads\/2024\/06\/fbbac07c-7360-4306-bf33-46d6d8e1eb0a-450x600.jpeg\" data-attachment-id=\"25764\" data-permalink=\"https:\/\/www.cisa-arica.cl\/wp1\/2024\/06\/09\/concurso-glorias-navales-2024\/fbbac07c-7360-4306-bf33-46d6d8e1eb0a\/\" data-orig-file=\"https:\/\/www.cisa-arica.cl\/wp1\/wp-content\/uploads\/2024\/06\/fbbac07c-7360-4306-bf33-46d6d8e1eb0a.jpeg\" data-orig-size=\"1200,1600\" data-comments-opened=\"0\" data-image-meta=\"{&quot;aperture&quot;:&quot;0&quot;,&quot;credit&quot;:&quot;&quot;,&quot;camera&quot;:&quot;&quot;,&quot;caption&quot;:&quot;&quot;,&quot;created_timestamp&quot;:&quot;1717865685&quot;,&quot;copyright&quot;:&quot;&quot;,&quot;focal_length&quot;:&quot;0&quot;,&quot;iso&quot;:&quot;0&quot;,&quot;shutter_speed&quot;:&quot;0&quot;,&quot;title&quot;:&quot;&quot;,&quot;orientation&quot;:&quot;1&quot;}\" data-image-title=\"fbbac07c-7360-4306-bf33-46d6d8e1eb0a\" data-image-description=\"\" data-image-caption=\"\" data-large-file=\"https:\/\/www.cisa-arica.cl\/wp1\/wp-content\/uploads\/2024\/06\/fbbac07c-7360-4306-bf33-46d6d8e1eb0a-450x600.jpeg\" role=\"button\" tabindex=\"0\" aria-label=\"Abrir la imagen 7 de 7 en pantalla completa\"srcset=\"https:\/\/i1.wp.com\/www.cisa-arica.cl\/wp1\/wp-content\/uploads\/2024\/06\/fbbac07c-7360-4306-bf33-46d6d8e1eb0a-450x600.jpeg?strip=info&#038;w=600&#038;ssl=1 600w,https:\/\/i1.wp.com\/www.cisa-arica.cl\/wp1\/wp-content\/uploads\/2024\/06\/fbbac07c-7360-4306-bf33-46d6d8e1eb0a-450x600.jpeg?strip=info&#038;w=900&#038;ssl=1 900w,https:\/\/i1.wp.com\/www.cisa-arica.cl\/wp1\/wp-content\/uploads\/2024\/06\/fbbac07c-7360-4306-bf33-46d6d8e1eb0a-450x600.jpeg?strip=info&#038;w=1200&#038;ssl=1 1200w\" alt=\"\" data-height=\"1600\" data-id=\"25764\" data-link=\"https:\/\/www.cisa-arica.cl\/wp1\/?attachment_id=25764\" data-url=\"https:\/\/www.cisa-arica.cl\/wp1\/wp-content\/uploads\/2024\/06\/fbbac07c-7360-4306-bf33-46d6d8e1eb0a-450x600.jpeg\" data-width=\"1200\" src=\"https:\/\/i1.wp.com\/www.cisa-arica.cl\/wp1\/wp-content\/uploads\/2024\/06\/fbbac07c-7360-4306-bf33-46d6d8e1eb0a-450x600.jpeg?ssl=1\" data-amp-layout=\"responsive\"\/><\/figure><\/div><\/div><\/div><\/div>\n","protected":false},"excerpt":{"rendered":"<p>La Gobernaci\u00f3n Mar\u00edtima de Arica dio a conocer a los ganadores de su concurso pict\u00f3rico versi\u00f3n 2024, en la cual nuestra estudiante del 7o a\u00f1o A obtuvo el primer a la mejor tem\u00e1tica relacionada a las Glorias Navales. Estamos muy felices por el trabajo de Catalina y esperamos que siga fortaleciendo sus habilidades art\u00edsticas.<\/p>\n","protected":false},"author":5,"featured_media":25765,"comment_status":"closed","ping_status":"open","sticky":false,"template":"","format":"standard","meta":{"_jetpack_memberships_contains_paid_content":false,"footnotes":"","jetpack_publicize_message":"","jetpack_publicize_feature_enabled":true,"jetpack_social_post_already_shared":true,"jetpack_social_options":{"image_generator_settings":{"template":"highway","default_image_id":0,"font":"","enabled":false},"version":2}},"categories":[5],"tags":[],"class_list":["post-25756","post","type-post","status-publish","format-standard","has-post-thumbnail","hentry","category-uncategorized"],"jetpack_publicize_connections":[],"jetpack_featured_media_url":"https:\/\/www.cisa-arica.cl\/wp1\/wp-content\/uploads\/2024\/06\/fbbac07c-7360-4306-bf33-46d6d8e1eb0a-1.jpeg","jetpack_sharing_enabled":true,"jetpack_shortlink":"https:\/\/wp.me\/p84wcz-6Hq","jetpack-related-posts":[{"id":7181,"url":"https:\/\/www.cisa-arica.cl\/wp1\/2019\/05\/17\/santa-ana-presente-en-el-desfile-a-glorias-navales\/","url_meta":{"origin":25756,"position":0},"title":"Santa Ana presente en el Desfile a Glorias Navales","author":"Jeannette Rivera","date":"17 de Mayo de 2019","format":false,"excerpt":"Una delegaci\u00f3n compuesta por nuestras alumnas de cuarto medio participaron hoy 17 de mayo en el desfile escolar a las Glorias Navales, el cual se realiza cada a\u00f1o a los pies del Morro y reuni\u00f3 a establecimientos municipales y particulares subvencionados.","rel":"","context":"Entrada similar ","block_context":{"text":"Entrada similar ","link":""},"img":{"alt_text":"","src":"https:\/\/i0.wp.com\/www.cisa-arica.cl\/wp1\/wp-content\/uploads\/2019\/05\/002-5.jpg?resize=350%2C200&ssl=1","width":350,"height":200,"srcset":"https:\/\/i0.wp.com\/www.cisa-arica.cl\/wp1\/wp-content\/uploads\/2019\/05\/002-5.jpg?resize=350%2C200&ssl=1 1x, https:\/\/i0.wp.com\/www.cisa-arica.cl\/wp1\/wp-content\/uploads\/2019\/05\/002-5.jpg?resize=525%2C300&ssl=1 1.5x, https:\/\/i0.wp.com\/www.cisa-arica.cl\/wp1\/wp-content\/uploads\/2019\/05\/002-5.jpg?resize=700%2C400&ssl=1 2x"},"classes":[]},{"id":25560,"url":"https:\/\/www.cisa-arica.cl\/wp1\/2024\/05\/17\/desfile-escolar-glorias-navales\/","url_meta":{"origin":25756,"position":1},"title":"Desfile Escolar Glorias Navales","author":"Jeannette Rivera","date":"17 de Mayo de 2024","format":false,"excerpt":"Con una destacada participaci\u00f3n las estudiantes de ambos Cuartos Medios junto a sus profesoras Begonia Vega y Raquel \u00c1lvarez y Hermana Mar\u00eda Isabel Poma, se presentaron en el desfile escolar de este mi\u00e9rcoles 14 en honor a las Glorias Navales. El evento se desarrollo en la P\u00e9rgola de las Flores\u2026","rel":"","context":"Entrada similar ","block_context":{"text":"Entrada similar ","link":""},"img":{"alt_text":"","src":"https:\/\/i0.wp.com\/www.cisa-arica.cl\/wp1\/wp-content\/uploads\/2024\/05\/WhatsApp-Image-2024-05-16-at-12.23.02-5.jpeg?resize=350%2C200&ssl=1","width":350,"height":200,"srcset":"https:\/\/i0.wp.com\/www.cisa-arica.cl\/wp1\/wp-content\/uploads\/2024\/05\/WhatsApp-Image-2024-05-16-at-12.23.02-5.jpeg?resize=350%2C200&ssl=1 1x, https:\/\/i0.wp.com\/www.cisa-arica.cl\/wp1\/wp-content\/uploads\/2024\/05\/WhatsApp-Image-2024-05-16-at-12.23.02-5.jpeg?resize=525%2C300&ssl=1 1.5x, https:\/\/i0.wp.com\/www.cisa-arica.cl\/wp1\/wp-content\/uploads\/2024\/05\/WhatsApp-Image-2024-05-16-at-12.23.02-5.jpeg?resize=700%2C400&ssl=1 2x, https:\/\/i0.wp.com\/www.cisa-arica.cl\/wp1\/wp-content\/uploads\/2024\/05\/WhatsApp-Image-2024-05-16-at-12.23.02-5.jpeg?resize=1050%2C600&ssl=1 3x"},"classes":[]},{"id":12418,"url":"https:\/\/www.cisa-arica.cl\/wp1\/2021\/05\/21\/dia-de-las-glorias-navales\/","url_meta":{"origin":25756,"position":2},"title":"Calendario de Efem\u00e9rides: D\u00eda de las Glorias Navales","author":"CISA","date":"21 de Mayo de 2021","format":false,"excerpt":"Hoy viernes 21 de mayo en Chile es el D\u00eda de las Glorias Navales, fecha donde se conmemora el Combate Naval de Iquique, el cual se desarroll\u00f3 en la rada de Iquique un 21 de Mayo de 1879, en el marco de la Guerra del Pac\u00edfico y donde se recuerda\u2026","rel":"","context":"En &quot;CISA&quot;","block_context":{"text":"CISA","link":"https:\/\/www.cisa-arica.cl\/wp1\/category\/cisa\/"},"img":{"alt_text":"","src":"https:\/\/i0.wp.com\/www.cisa-arica.cl\/wp1\/wp-content\/uploads\/2021\/05\/Screenshot_2021-05-20-Fondo-con-Rosas-Rosadas-Frases-Para-El-Dia-De-Las-Madres1.png?resize=350%2C200&ssl=1","width":350,"height":200,"srcset":"https:\/\/i0.wp.com\/www.cisa-arica.cl\/wp1\/wp-content\/uploads\/2021\/05\/Screenshot_2021-05-20-Fondo-con-Rosas-Rosadas-Frases-Para-El-Dia-De-Las-Madres1.png?resize=350%2C200&ssl=1 1x, https:\/\/i0.wp.com\/www.cisa-arica.cl\/wp1\/wp-content\/uploads\/2021\/05\/Screenshot_2021-05-20-Fondo-con-Rosas-Rosadas-Frases-Para-El-Dia-De-Las-Madres1.png?resize=525%2C300&ssl=1 1.5x"},"classes":[]},{"id":20504,"url":"https:\/\/www.cisa-arica.cl\/wp1\/2023\/05\/19\/desfile-escolar-conmemorando-las-glorias-navales\/","url_meta":{"origin":25756,"position":3},"title":"Desfile Escolar Conmemorando las Glorias Navales","author":"Jeannette Rivera","date":"19 de Mayo de 2023","format":false,"excerpt":"Una destacada participaci\u00f3n tuvo la delegaci\u00f3n de estudiantes de nuestro colegio en el Desfile Escolar de Conmemoraci\u00f3n por las Glorias Navales el jueves 18 de mayo. En esta ocasi\u00f3n, fueron las estudiantes de los cuartos medios y la estudiantes del kinder quienes nos representaron frente a las autoridades locales. El\u2026","rel":"","context":"Entrada similar ","block_context":{"text":"Entrada similar ","link":""},"img":{"alt_text":"","src":"https:\/\/i0.wp.com\/www.cisa-arica.cl\/wp1\/wp-content\/uploads\/2023\/05\/FOTO2.jpg?resize=350%2C200&ssl=1","width":350,"height":200,"srcset":"https:\/\/i0.wp.com\/www.cisa-arica.cl\/wp1\/wp-content\/uploads\/2023\/05\/FOTO2.jpg?resize=350%2C200&ssl=1 1x, https:\/\/i0.wp.com\/www.cisa-arica.cl\/wp1\/wp-content\/uploads\/2023\/05\/FOTO2.jpg?resize=525%2C300&ssl=1 1.5x, https:\/\/i0.wp.com\/www.cisa-arica.cl\/wp1\/wp-content\/uploads\/2023\/05\/FOTO2.jpg?resize=700%2C400&ssl=1 2x, https:\/\/i0.wp.com\/www.cisa-arica.cl\/wp1\/wp-content\/uploads\/2023\/05\/FOTO2.jpg?resize=1050%2C600&ssl=1 3x"},"classes":[]},{"id":20526,"url":"https:\/\/www.cisa-arica.cl\/wp1\/2023\/05\/23\/acto-glorias-navales\/","url_meta":{"origin":25756,"position":4},"title":"Acto Glorias Navales","author":"CISA","date":"23 de Mayo de 2023","format":false,"excerpt":"Con un hermoso y significativo acto se Conmemoraron 144 a\u00f1os del Combate Naval de Iquique y la gesta heroica del capit\u00e1n Arturo Prat y su tripulaci\u00f3n que estaba a su cargo. El acto en honor a la Glorias Navales, estuvo a cargo de los Primeros y Segundos a\u00f1os b\u00e1sicos, en\u2026","rel":"","context":"Entrada similar ","block_context":{"text":"Entrada similar ","link":""},"img":{"alt_text":"","src":"https:\/\/i0.wp.com\/www.cisa-arica.cl\/wp1\/wp-content\/uploads\/2023\/05\/IMG_9547.jpg?resize=350%2C200&ssl=1","width":350,"height":200,"srcset":"https:\/\/i0.wp.com\/www.cisa-arica.cl\/wp1\/wp-content\/uploads\/2023\/05\/IMG_9547.jpg?resize=350%2C200&ssl=1 1x, https:\/\/i0.wp.com\/www.cisa-arica.cl\/wp1\/wp-content\/uploads\/2023\/05\/IMG_9547.jpg?resize=525%2C300&ssl=1 1.5x, https:\/\/i0.wp.com\/www.cisa-arica.cl\/wp1\/wp-content\/uploads\/2023\/05\/IMG_9547.jpg?resize=700%2C400&ssl=1 2x"},"classes":[]},{"id":15882,"url":"https:\/\/www.cisa-arica.cl\/wp1\/2022\/05\/21\/recordando-las-glorias-navales-con-esperanza\/","url_meta":{"origin":25756,"position":5},"title":"RECORDANDO LAS GLORIAS NAVALES CON ESPERANZA","author":"Jeannette Rivera","date":"21 de Mayo de 2022","format":false,"excerpt":"Este 21 de Mayo se celebra el D\u00eda de las Glorias Navales, y nuestro colegio, lo ha recordado de una manera diferente. La actividad estuvo a cargo de Educaci\u00f3n Parvularia, 1\u00b0\u00a0 y 2\u00b0 b\u00e1sicos. El objetivo era recordar la efem\u00e9ride entregando un mensaje de paz y esperanza por parte de\u2026","rel":"","context":"Entrada similar ","block_context":{"text":"Entrada similar ","link":""},"img":{"alt_text":"","src":"https:\/\/i0.wp.com\/www.cisa-arica.cl\/wp1\/wp-content\/uploads\/2022\/05\/WhatsApp-Image-2022-05-20-at-6.50.31-PM.jpeg?resize=350%2C200&ssl=1","width":350,"height":200,"srcset":"https:\/\/i0.wp.com\/www.cisa-arica.cl\/wp1\/wp-content\/uploads\/2022\/05\/WhatsApp-Image-2022-05-20-at-6.50.31-PM.jpeg?resize=350%2C200&ssl=1 1x, https:\/\/i0.wp.com\/www.cisa-arica.cl\/wp1\/wp-content\/uploads\/2022\/05\/WhatsApp-Image-2022-05-20-at-6.50.31-PM.jpeg?resize=525%2C300&ssl=1 1.5x, https:\/\/i0.wp.com\/www.cisa-arica.cl\/wp1\/wp-content\/uploads\/2022\/05\/WhatsApp-Image-2022-05-20-at-6.50.31-PM.jpeg?resize=700%2C400&ssl=1 2x, https:\/\/i0.wp.com\/www.cisa-arica.cl\/wp1\/wp-content\/uploads\/2022\/05\/WhatsApp-Image-2022-05-20-at-6.50.31-PM.jpeg?resize=1050%2C600&ssl=1 3x"},"classes":[]}],"_links":{"self":[{"href":"https:\/\/www.cisa-arica.cl\/wp1\/wp-json\/wp\/v2\/posts\/25756","targetHints":{"allow":["GET"]}}],"collection":[{"href":"https:\/\/www.cisa-arica.cl\/wp1\/wp-json\/wp\/v2\/posts"}],"about":[{"href":"https:\/\/www.cisa-arica.cl\/wp1\/wp-json\/wp\/v2\/types\/post"}],"author":[{"embeddable":true,"href":"https:\/\/www.cisa-arica.cl\/wp1\/wp-json\/wp\/v2\/users\/5"}],"replies":[{"embeddable":true,"href":"https:\/\/www.cisa-arica.cl\/wp1\/wp-json\/wp\/v2\/comments?post=25756"}],"version-history":[{"count":2,"href":"https:\/\/www.cisa-arica.cl\/wp1\/wp-json\/wp\/v2\/posts\/25756\/revisions"}],"predecessor-version":[{"id":25766,"href":"https:\/\/www.cisa-arica.cl\/wp1\/wp-json\/wp\/v2\/posts\/25756\/revisions\/25766"}],"wp:featuredmedia":[{"embeddable":true,"href":"https:\/\/www.cisa-arica.cl\/wp1\/wp-json\/wp\/v2\/media\/25765"}],"wp:attachment":[{"href":"https:\/\/www.cisa-arica.cl\/wp1\/wp-json\/wp\/v2\/media?parent=25756"}],"wp:term":[{"taxonomy":"category","embeddable":true,"href":"https:\/\/www.cisa-arica.cl\/wp1\/wp-json\/wp\/v2\/categories?post=25756"},{"taxonomy":"post_tag","embeddable":true,"href":"https:\/\/www.cisa-arica.cl\/wp1\/wp-json\/wp\/v2\/tags?post=25756"}],"curies":[{"name":"wp","href":"https:\/\/api.w.org\/{rel}","templated":true}]}}