{"id":25753,"date":"2024-06-05T16:05:34","date_gmt":"2024-06-05T20:05:34","guid":{"rendered":"https:\/\/www.cisa-arica.cl\/wp1\/?p=25753"},"modified":"2024-06-05T16:05:34","modified_gmt":"2024-06-05T20:05:34","slug":"informativo-6","status":"publish","type":"post","link":"https:\/\/www.cisa-arica.cl\/wp1\/2024\/06\/05\/informativo-6\/","title":{"rendered":"Informativo"},"content":{"rendered":"<p>A la Comunidad se informa que el d\u00eda JUEVES 06 DE JUNIO se realizar\u00e1 el acto c\u00edvico interno a las 11.15 am. en conmemoraci\u00f3n al Asalto y Toma del Morro de Arica y a la celebraci\u00f3n del D\u00eda de la Provincia Sor Ana Salvatore Chile &#8211; Per\u00fa.<br \/>\nLuego del acto se realizar\u00e1 una peque\u00f1a convivencia en el Patio Esperanza.<br \/>\nLas clases para ese d\u00eda son <strong>NORMALES<\/strong>. Horario de entrada, salida, alimentaci\u00f3n Junaeb, academias y talleres de estudio en forma normal.<br \/>\nRecuerde que el d\u00eda VIERNES 07 DE JUNIO es feriado regional, por lo tanto, no hay clases.<\/p>\n<p>Atentamente<\/p>\n<p>La Direcci\u00f3n<\/p>\n","protected":false},"excerpt":{"rendered":"<p>A la Comunidad se informa que el d\u00eda JUEVES 06 DE JUNIO se realizar\u00e1 el acto c\u00edvico interno a las 11.15 am. en conmemoraci\u00f3n al Asalto y Toma del Morro de Arica y a la celebraci\u00f3n del D\u00eda de la Provincia Sor Ana Salvatore Chile &#8211; Per\u00fa. Luego del acto se realizar\u00e1 una peque\u00f1a convivencia <a class=\"read-more\" href=\"https:\/\/www.cisa-arica.cl\/wp1\/2024\/06\/05\/informativo-6\/\">Continuar leyendo<\/a><\/p>\n","protected":false},"author":5,"featured_media":0,"comment_status":"closed","ping_status":"open","sticky":false,"template":"","format":"standard","meta":{"_jetpack_memberships_contains_paid_content":false,"footnotes":"","jetpack_publicize_message":"","jetpack_publicize_feature_enabled":true,"jetpack_social_post_already_shared":true,"jetpack_social_options":{"image_generator_settings":{"template":"highway","default_image_id":0,"font":"","enabled":false},"version":2}},"categories":[5],"tags":[],"class_list":["post-25753","post","type-post","status-publish","format-standard","hentry","category-uncategorized"],"jetpack_publicize_connections":[],"jetpack_featured_media_url":"","jetpack_sharing_enabled":true,"jetpack_shortlink":"https:\/\/wp.me\/p84wcz-6Hn","jetpack-related-posts":[{"id":25780,"url":"https:\/\/www.cisa-arica.cl\/wp1\/2024\/06\/19\/viernes-21-06-sin-clases\/","url_meta":{"origin":25753,"position":0},"title":"Viernes 21-06 sin clases","author":"Jeannette Rivera","date":"19 de Junio de 2024","format":false,"excerpt":"Estimados padres y apoderados: Se recuerda que, tal como se inform\u00f3 en la primera reuni\u00f3n de apoderados,\u00a0 este JUEVES 20 DE JUNIO es feriado, por lo tanto, se realizar\u00e1 una SUSPENSI\u00d3N DE CLASES\u00a0el d\u00eda\u00a0VIERNES 21 DE JUNIO. Seg\u00fan la autorizaci\u00f3n emanada desde el Ministerio de Educaci\u00f3n, este d\u00eda debe recuperarse\u2026","rel":"","context":"Entrada similar ","block_context":{"text":"Entrada similar ","link":""},"img":{"alt_text":"","src":"https:\/\/i0.wp.com\/www.cisa-arica.cl\/wp1\/wp-content\/uploads\/2024\/06\/suspension-de-clases.jpg?resize=350%2C200&ssl=1","width":350,"height":200,"srcset":"https:\/\/i0.wp.com\/www.cisa-arica.cl\/wp1\/wp-content\/uploads\/2024\/06\/suspension-de-clases.jpg?resize=350%2C200&ssl=1 1x, https:\/\/i0.wp.com\/www.cisa-arica.cl\/wp1\/wp-content\/uploads\/2024\/06\/suspension-de-clases.jpg?resize=525%2C300&ssl=1 1.5x, https:\/\/i0.wp.com\/www.cisa-arica.cl\/wp1\/wp-content\/uploads\/2024\/06\/suspension-de-clases.jpg?resize=700%2C400&ssl=1 2x"},"classes":[]},{"id":12678,"url":"https:\/\/www.cisa-arica.cl\/wp1\/2021\/06\/16\/semana-de-evaluacion-sin-clases-virtuales\/","url_meta":{"origin":25753,"position":1},"title":"Semana de evaluaci\u00f3n sin clases virtuales","author":"CISA","date":"16 de Junio de 2021","format":false,"excerpt":"Estimada comunidad educativa. Esperando que se encuentren bien, les comunicamos que la Pr\u00f3xima semana, desde el lunes 21 al viernes 25 de junio , no habr\u00e1 conexi\u00f3n a clases virtuales debido a que es una semana de evaluaciones, la motivaci\u00f3n es que las estudiantes y sus familias puedan rendir y\u2026","rel":"","context":"Entrada similar ","block_context":{"text":"Entrada similar ","link":""},"img":{"alt_text":"","src":"https:\/\/i0.wp.com\/www.cisa-arica.cl\/wp1\/wp-content\/uploads\/2021\/06\/img_8552.jpg?resize=350%2C200&ssl=1","width":350,"height":200,"srcset":"https:\/\/i0.wp.com\/www.cisa-arica.cl\/wp1\/wp-content\/uploads\/2021\/06\/img_8552.jpg?resize=350%2C200&ssl=1 1x, https:\/\/i0.wp.com\/www.cisa-arica.cl\/wp1\/wp-content\/uploads\/2021\/06\/img_8552.jpg?resize=525%2C300&ssl=1 1.5x, https:\/\/i0.wp.com\/www.cisa-arica.cl\/wp1\/wp-content\/uploads\/2021\/06\/img_8552.jpg?resize=700%2C400&ssl=1 2x"},"classes":[]},{"id":29142,"url":"https:\/\/www.cisa-arica.cl\/wp1\/2025\/12\/06\/actividad-martes-09-12\/","url_meta":{"origin":25753,"position":2},"title":"Actividad Martes 09-12","author":"Jeannette Rivera","date":"6 de Diciembre de 2025","format":false,"excerpt":"Se informa que el d\u00eda\u00a0MARTES 09 DE DICIEMBRE DEL 2025: Se realizar\u00e1 el Acto de cierre de a\u00f1o\u00a0que organiza el Centro de Estudiantes y el Departamento de Convivencia Escolar. El horario de la\u00a0jornada de clases\u00a0es el normal: de 7.45 a 13.00 hrs. Las estudiantes pueden asistir con un\u00a0disfraz navide\u00f1o\u00a0o con\u2026","rel":"","context":"Entrada similar ","block_context":{"text":"Entrada similar ","link":""},"img":{"alt_text":"","src":"https:\/\/i0.wp.com\/www.cisa-arica.cl\/wp1\/wp-content\/uploads\/2025\/12\/Actividad-de-Cierre.png?resize=350%2C200&ssl=1","width":350,"height":200,"srcset":"https:\/\/i0.wp.com\/www.cisa-arica.cl\/wp1\/wp-content\/uploads\/2025\/12\/Actividad-de-Cierre.png?resize=350%2C200&ssl=1 1x, https:\/\/i0.wp.com\/www.cisa-arica.cl\/wp1\/wp-content\/uploads\/2025\/12\/Actividad-de-Cierre.png?resize=525%2C300&ssl=1 1.5x, https:\/\/i0.wp.com\/www.cisa-arica.cl\/wp1\/wp-content\/uploads\/2025\/12\/Actividad-de-Cierre.png?resize=700%2C400&ssl=1 2x, https:\/\/i0.wp.com\/www.cisa-arica.cl\/wp1\/wp-content\/uploads\/2025\/12\/Actividad-de-Cierre.png?resize=1050%2C600&ssl=1 3x, https:\/\/i0.wp.com\/www.cisa-arica.cl\/wp1\/wp-content\/uploads\/2025\/12\/Actividad-de-Cierre.png?resize=1400%2C800&ssl=1 4x"},"classes":[]},{"id":25356,"url":"https:\/\/www.cisa-arica.cl\/wp1\/2024\/05\/17\/suspension-de-clases-lunes-20-05\/","url_meta":{"origin":25753,"position":3},"title":"Suspensi\u00f3n de clases Lunes 20-05","author":"Jeannette Rivera","date":"17 de Mayo de 2024","format":false,"excerpt":"\u00a0Se informa a toda la Comunidad Educativa que el lunes 20 de mayo se realizar\u00e1 una suspensi\u00f3n de clases con RECUPERACI\u00d3N para el s\u00e1bado 07 de septiembre de 2024. La suspensi\u00f3n de clases del d\u00eda lunes 20 es total, por lo tanto, NO se realizar\u00e1 ninguna academia ni taller de\u2026","rel":"","context":"Entrada similar ","block_context":{"text":"Entrada similar ","link":""},"img":{"alt_text":"","src":"https:\/\/i0.wp.com\/www.cisa-arica.cl\/wp1\/wp-content\/uploads\/2024\/05\/suspension-de-clases.jpg?resize=350%2C200&ssl=1","width":350,"height":200,"srcset":"https:\/\/i0.wp.com\/www.cisa-arica.cl\/wp1\/wp-content\/uploads\/2024\/05\/suspension-de-clases.jpg?resize=350%2C200&ssl=1 1x, https:\/\/i0.wp.com\/www.cisa-arica.cl\/wp1\/wp-content\/uploads\/2024\/05\/suspension-de-clases.jpg?resize=525%2C300&ssl=1 1.5x, https:\/\/i0.wp.com\/www.cisa-arica.cl\/wp1\/wp-content\/uploads\/2024\/05\/suspension-de-clases.jpg?resize=700%2C400&ssl=1 2x"},"classes":[]},{"id":16439,"url":"https:\/\/www.cisa-arica.cl\/wp1\/2022\/06\/16\/suspension-de-clases-lunes-20-06\/","url_meta":{"origin":25753,"position":4},"title":"Suspensi\u00f3n de Clases Lunes 20-06","author":"Jeannette Rivera","date":"16 de Junio de 2022","format":false,"excerpt":"Estimados Padres y\/o Apoderados: Comunicamos que fue solicitado al Ministerio\u00a0 la Suspensi\u00f3n de Clases del d\u00eda lunes 20 de junio\u00a0 la cual fue aceptada. Este d\u00eda \u00a0ser\u00e1 recuperado en el mes de diciembre. Las clases se retomar\u00e1n de forma normal el mi\u00e9rcoles 22 de junio. Atentamente, \u00a0 \u00a0 Equipo Directivo","rel":"","context":"Entrada similar ","block_context":{"text":"Entrada similar ","link":""},"img":{"alt_text":"","src":"","width":0,"height":0},"classes":[]},{"id":20352,"url":"https:\/\/www.cisa-arica.cl\/wp1\/2023\/05\/10\/dia-del-estudiante\/","url_meta":{"origin":25753,"position":5},"title":"D\u00eda del Estudiante","author":"Jeannette Rivera","date":"10 de Mayo de 2023","format":false,"excerpt":"Estimada Comunidad Educativa: Junto con saludar y esperando se encuentre bien con la familia el motivo de este comunicado es para informar que\u00a0ma\u00f1ana Jueves 11\/05 celebraremos \"El d\u00eda del estudiante\" : El horario\u00a0de entrada para todas las estudiantes desde\u00a0Pre K\u00ednder a Cuarto Medio\u00a0 es a las\u00a007:45 y la Salida ser\u00e1\u2026","rel":"","context":"Entrada similar ","block_context":{"text":"Entrada similar ","link":""},"img":{"alt_text":"","src":"https:\/\/i0.wp.com\/www.cisa-arica.cl\/wp1\/wp-content\/uploads\/2023\/05\/52034B99-86D6-4432-9FC0-BA62558C00C3.jpeg?resize=350%2C200&ssl=1","width":350,"height":200,"srcset":"https:\/\/i0.wp.com\/www.cisa-arica.cl\/wp1\/wp-content\/uploads\/2023\/05\/52034B99-86D6-4432-9FC0-BA62558C00C3.jpeg?resize=350%2C200&ssl=1 1x, https:\/\/i0.wp.com\/www.cisa-arica.cl\/wp1\/wp-content\/uploads\/2023\/05\/52034B99-86D6-4432-9FC0-BA62558C00C3.jpeg?resize=525%2C300&ssl=1 1.5x, https:\/\/i0.wp.com\/www.cisa-arica.cl\/wp1\/wp-content\/uploads\/2023\/05\/52034B99-86D6-4432-9FC0-BA62558C00C3.jpeg?resize=700%2C400&ssl=1 2x"},"classes":[]}],"_links":{"self":[{"href":"https:\/\/www.cisa-arica.cl\/wp1\/wp-json\/wp\/v2\/posts\/25753","targetHints":{"allow":["GET"]}}],"collection":[{"href":"https:\/\/www.cisa-arica.cl\/wp1\/wp-json\/wp\/v2\/posts"}],"about":[{"href":"https:\/\/www.cisa-arica.cl\/wp1\/wp-json\/wp\/v2\/types\/post"}],"author":[{"embeddable":true,"href":"https:\/\/www.cisa-arica.cl\/wp1\/wp-json\/wp\/v2\/users\/5"}],"replies":[{"embeddable":true,"href":"https:\/\/www.cisa-arica.cl\/wp1\/wp-json\/wp\/v2\/comments?post=25753"}],"version-history":[{"count":1,"href":"https:\/\/www.cisa-arica.cl\/wp1\/wp-json\/wp\/v2\/posts\/25753\/revisions"}],"predecessor-version":[{"id":25754,"href":"https:\/\/www.cisa-arica.cl\/wp1\/wp-json\/wp\/v2\/posts\/25753\/revisions\/25754"}],"wp:attachment":[{"href":"https:\/\/www.cisa-arica.cl\/wp1\/wp-json\/wp\/v2\/media?parent=25753"}],"wp:term":[{"taxonomy":"category","embeddable":true,"href":"https:\/\/www.cisa-arica.cl\/wp1\/wp-json\/wp\/v2\/categories?post=25753"},{"taxonomy":"post_tag","embeddable":true,"href":"https:\/\/www.cisa-arica.cl\/wp1\/wp-json\/wp\/v2\/tags?post=25753"}],"curies":[{"name":"wp","href":"https:\/\/api.w.org\/{rel}","templated":true}]}}