{"id":25742,"date":"2024-06-03T16:46:09","date_gmt":"2024-06-03T20:46:09","guid":{"rendered":"https:\/\/www.cisa-arica.cl\/wp1\/?p=25742"},"modified":"2024-06-03T16:46:11","modified_gmt":"2024-06-03T20:46:11","slug":"charla-educativa-para-3eros-y-4tos-medios","status":"publish","type":"post","link":"https:\/\/www.cisa-arica.cl\/wp1\/2024\/06\/03\/charla-educativa-para-3eros-y-4tos-medios\/","title":{"rendered":"Charla educativa para 3eros y 4tos medios"},"content":{"rendered":"\n<p>Estimadas familias y comunidad educativa:<\/p>\n\n\n\n<p>Nos complace compartir el inicio del lanzamiento de visitas, conversatorios y charlas educativas para nuestras estudiantes de 3\u00b0 y 4\u00b0 medios pertenecientes al electivo \u201cLectura y escritura especializadas\u201d, que imparten los docentes Maureen Michell M. y Samuel Parra G. Esta iniciativa tiene como objetivo enriquecer la experiencia educativa de nuestras estudiantes, ofreci\u00e9ndoles la oportunidad de aprender directamente de profesionales y expertos en diversos campos especializados, observar el funcionamiento interno, aprender sobre las diferentes profesiones y \u00e1reas de conocimiento, as\u00ed como tambi\u00e9n, brindarles un espacio para el di\u00e1logo, la reflexi\u00f3n y el intercambio de ideas.<\/p>\n\n\n\n<p>Agradecemos el d\u00eda de hoy a la Acad\u00e9mica y Periodista de la Universidad de Tarapac\u00e1, Sra. Rosa Gamarra A. por su visita, su exposici\u00f3n, apoyo y entusiasmo en este nuevo emprendimiento educativo.<\/p>\n\n\n\n<div class=\"wp-block-jetpack-tiled-gallery aligncenter is-style-rectangular\"><div class=\"tiled-gallery__gallery\"><div class=\"tiled-gallery__row\"><div class=\"tiled-gallery__col\" style=\"flex-basis:36.02586%\"><figure class=\"tiled-gallery__item\"><img decoding=\"async\" data-attachment-id=\"25743\" data-permalink=\"https:\/\/www.cisa-arica.cl\/wp1\/2024\/06\/03\/charla-educativa-para-3eros-y-4tos-medios\/whatsapp-image-2024-06-03-at-2-31-01-pm\/\" data-orig-file=\"https:\/\/www.cisa-arica.cl\/wp1\/wp-content\/uploads\/2024\/06\/WhatsApp-Image-2024-06-03-at-2.31.01-PM.jpeg\" data-orig-size=\"1200,1600\" data-comments-opened=\"0\" data-image-meta=\"{&quot;aperture&quot;:&quot;0&quot;,&quot;credit&quot;:&quot;&quot;,&quot;camera&quot;:&quot;&quot;,&quot;caption&quot;:&quot;&quot;,&quot;created_timestamp&quot;:&quot;0&quot;,&quot;copyright&quot;:&quot;&quot;,&quot;focal_length&quot;:&quot;0&quot;,&quot;iso&quot;:&quot;0&quot;,&quot;shutter_speed&quot;:&quot;0&quot;,&quot;title&quot;:&quot;&quot;,&quot;orientation&quot;:&quot;0&quot;}\" data-image-title=\"WhatsApp-Image-2024-06-03-at-2.31.01-PM\" data-image-description=\"\" data-image-caption=\"\" data-large-file=\"https:\/\/www.cisa-arica.cl\/wp1\/wp-content\/uploads\/2024\/06\/WhatsApp-Image-2024-06-03-at-2.31.01-PM-450x600.jpeg\" data-attachment-id=\"25743\" data-permalink=\"https:\/\/www.cisa-arica.cl\/wp1\/2024\/06\/03\/charla-educativa-para-3eros-y-4tos-medios\/whatsapp-image-2024-06-03-at-2-31-01-pm\/\" data-orig-file=\"https:\/\/www.cisa-arica.cl\/wp1\/wp-content\/uploads\/2024\/06\/WhatsApp-Image-2024-06-03-at-2.31.01-PM.jpeg\" data-orig-size=\"1200,1600\" data-comments-opened=\"0\" data-image-meta=\"{&quot;aperture&quot;:&quot;0&quot;,&quot;credit&quot;:&quot;&quot;,&quot;camera&quot;:&quot;&quot;,&quot;caption&quot;:&quot;&quot;,&quot;created_timestamp&quot;:&quot;0&quot;,&quot;copyright&quot;:&quot;&quot;,&quot;focal_length&quot;:&quot;0&quot;,&quot;iso&quot;:&quot;0&quot;,&quot;shutter_speed&quot;:&quot;0&quot;,&quot;title&quot;:&quot;&quot;,&quot;orientation&quot;:&quot;0&quot;}\" data-image-title=\"WhatsApp-Image-2024-06-03-at-2.31.01-PM\" data-image-description=\"\" data-image-caption=\"\" data-large-file=\"https:\/\/www.cisa-arica.cl\/wp1\/wp-content\/uploads\/2024\/06\/WhatsApp-Image-2024-06-03-at-2.31.01-PM-450x600.jpeg\" role=\"button\" tabindex=\"0\" aria-label=\"Abrir la imagen 1 de 6 en pantalla completa\"srcset=\"https:\/\/i0.wp.com\/www.cisa-arica.cl\/wp1\/wp-content\/uploads\/2024\/06\/WhatsApp-Image-2024-06-03-at-2.31.01-PM-450x600.jpeg?strip=info&#038;w=600&#038;ssl=1 600w,https:\/\/i0.wp.com\/www.cisa-arica.cl\/wp1\/wp-content\/uploads\/2024\/06\/WhatsApp-Image-2024-06-03-at-2.31.01-PM-450x600.jpeg?strip=info&#038;w=900&#038;ssl=1 900w,https:\/\/i0.wp.com\/www.cisa-arica.cl\/wp1\/wp-content\/uploads\/2024\/06\/WhatsApp-Image-2024-06-03-at-2.31.01-PM-450x600.jpeg?strip=info&#038;w=1200&#038;ssl=1 1200w\" alt=\"\" data-height=\"1600\" data-id=\"25743\" data-link=\"https:\/\/www.cisa-arica.cl\/wp1\/?attachment_id=25743\" data-url=\"https:\/\/www.cisa-arica.cl\/wp1\/wp-content\/uploads\/2024\/06\/WhatsApp-Image-2024-06-03-at-2.31.01-PM-450x600.jpeg\" data-width=\"1200\" src=\"https:\/\/i0.wp.com\/www.cisa-arica.cl\/wp1\/wp-content\/uploads\/2024\/06\/WhatsApp-Image-2024-06-03-at-2.31.01-PM-450x600.jpeg?ssl=1\" data-amp-layout=\"responsive\"\/><\/figure><\/div><div class=\"tiled-gallery__col\" style=\"flex-basis:63.97414%\"><figure class=\"tiled-gallery__item\"><img decoding=\"async\" data-attachment-id=\"25744\" data-permalink=\"https:\/\/www.cisa-arica.cl\/wp1\/2024\/06\/03\/charla-educativa-para-3eros-y-4tos-medios\/whatsapp-image-2024-06-03-at-2-30-59-pm\/\" data-orig-file=\"https:\/\/www.cisa-arica.cl\/wp1\/wp-content\/uploads\/2024\/06\/WhatsApp-Image-2024-06-03-at-2.30.59-PM.jpeg\" data-orig-size=\"1600,1200\" data-comments-opened=\"0\" data-image-meta=\"{&quot;aperture&quot;:&quot;0&quot;,&quot;credit&quot;:&quot;&quot;,&quot;camera&quot;:&quot;&quot;,&quot;caption&quot;:&quot;&quot;,&quot;created_timestamp&quot;:&quot;0&quot;,&quot;copyright&quot;:&quot;&quot;,&quot;focal_length&quot;:&quot;0&quot;,&quot;iso&quot;:&quot;0&quot;,&quot;shutter_speed&quot;:&quot;0&quot;,&quot;title&quot;:&quot;&quot;,&quot;orientation&quot;:&quot;0&quot;}\" data-image-title=\"WhatsApp-Image-2024-06-03-at-2.30.59-PM\" data-image-description=\"\" data-image-caption=\"\" data-large-file=\"https:\/\/www.cisa-arica.cl\/wp1\/wp-content\/uploads\/2024\/06\/WhatsApp-Image-2024-06-03-at-2.30.59-PM-600x450.jpeg\" data-attachment-id=\"25744\" data-permalink=\"https:\/\/www.cisa-arica.cl\/wp1\/2024\/06\/03\/charla-educativa-para-3eros-y-4tos-medios\/whatsapp-image-2024-06-03-at-2-30-59-pm\/\" data-orig-file=\"https:\/\/www.cisa-arica.cl\/wp1\/wp-content\/uploads\/2024\/06\/WhatsApp-Image-2024-06-03-at-2.30.59-PM.jpeg\" data-orig-size=\"1600,1200\" data-comments-opened=\"0\" data-image-meta=\"{&quot;aperture&quot;:&quot;0&quot;,&quot;credit&quot;:&quot;&quot;,&quot;camera&quot;:&quot;&quot;,&quot;caption&quot;:&quot;&quot;,&quot;created_timestamp&quot;:&quot;0&quot;,&quot;copyright&quot;:&quot;&quot;,&quot;focal_length&quot;:&quot;0&quot;,&quot;iso&quot;:&quot;0&quot;,&quot;shutter_speed&quot;:&quot;0&quot;,&quot;title&quot;:&quot;&quot;,&quot;orientation&quot;:&quot;0&quot;}\" data-image-title=\"WhatsApp-Image-2024-06-03-at-2.30.59-PM\" data-image-description=\"\" data-image-caption=\"\" data-large-file=\"https:\/\/www.cisa-arica.cl\/wp1\/wp-content\/uploads\/2024\/06\/WhatsApp-Image-2024-06-03-at-2.30.59-PM-600x450.jpeg\" role=\"button\" tabindex=\"0\" aria-label=\"Abrir la imagen 2 de 6 en pantalla completa\"srcset=\"https:\/\/i1.wp.com\/www.cisa-arica.cl\/wp1\/wp-content\/uploads\/2024\/06\/WhatsApp-Image-2024-06-03-at-2.30.59-PM-600x450.jpeg?strip=info&#038;w=600&#038;ssl=1 600w,https:\/\/i1.wp.com\/www.cisa-arica.cl\/wp1\/wp-content\/uploads\/2024\/06\/WhatsApp-Image-2024-06-03-at-2.30.59-PM-600x450.jpeg?strip=info&#038;w=900&#038;ssl=1 900w,https:\/\/i1.wp.com\/www.cisa-arica.cl\/wp1\/wp-content\/uploads\/2024\/06\/WhatsApp-Image-2024-06-03-at-2.30.59-PM-600x450.jpeg?strip=info&#038;w=1200&#038;ssl=1 1200w,https:\/\/i1.wp.com\/www.cisa-arica.cl\/wp1\/wp-content\/uploads\/2024\/06\/WhatsApp-Image-2024-06-03-at-2.30.59-PM-600x450.jpeg?strip=info&#038;w=1500&#038;ssl=1 1500w,https:\/\/i1.wp.com\/www.cisa-arica.cl\/wp1\/wp-content\/uploads\/2024\/06\/WhatsApp-Image-2024-06-03-at-2.30.59-PM-600x450.jpeg?strip=info&#038;w=1600&#038;ssl=1 1600w\" alt=\"\" data-height=\"1200\" data-id=\"25744\" data-link=\"https:\/\/www.cisa-arica.cl\/wp1\/?attachment_id=25744\" data-url=\"https:\/\/www.cisa-arica.cl\/wp1\/wp-content\/uploads\/2024\/06\/WhatsApp-Image-2024-06-03-at-2.30.59-PM-600x450.jpeg\" data-width=\"1600\" src=\"https:\/\/i1.wp.com\/www.cisa-arica.cl\/wp1\/wp-content\/uploads\/2024\/06\/WhatsApp-Image-2024-06-03-at-2.30.59-PM-600x450.jpeg?ssl=1\" data-amp-layout=\"responsive\"\/><\/figure><\/div><\/div><div class=\"tiled-gallery__row\"><div class=\"tiled-gallery__col\" style=\"flex-basis:20.94325%\"><figure class=\"tiled-gallery__item\"><img decoding=\"async\" data-attachment-id=\"25745\" data-permalink=\"https:\/\/www.cisa-arica.cl\/wp1\/2024\/06\/03\/charla-educativa-para-3eros-y-4tos-medios\/whatsapp-image-2024-06-03-at-1-06-41-pm\/\" data-orig-file=\"https:\/\/www.cisa-arica.cl\/wp1\/wp-content\/uploads\/2024\/06\/WhatsApp-Image-2024-06-03-at-1.06.41-PM.jpeg\" data-orig-size=\"1200,1600\" data-comments-opened=\"0\" data-image-meta=\"{&quot;aperture&quot;:&quot;0&quot;,&quot;credit&quot;:&quot;&quot;,&quot;camera&quot;:&quot;&quot;,&quot;caption&quot;:&quot;&quot;,&quot;created_timestamp&quot;:&quot;0&quot;,&quot;copyright&quot;:&quot;&quot;,&quot;focal_length&quot;:&quot;0&quot;,&quot;iso&quot;:&quot;0&quot;,&quot;shutter_speed&quot;:&quot;0&quot;,&quot;title&quot;:&quot;&quot;,&quot;orientation&quot;:&quot;0&quot;}\" data-image-title=\"WhatsApp-Image-2024-06-03-at-1.06.41-PM\" data-image-description=\"\" data-image-caption=\"\" data-large-file=\"https:\/\/www.cisa-arica.cl\/wp1\/wp-content\/uploads\/2024\/06\/WhatsApp-Image-2024-06-03-at-1.06.41-PM-450x600.jpeg\" data-attachment-id=\"25745\" data-permalink=\"https:\/\/www.cisa-arica.cl\/wp1\/2024\/06\/03\/charla-educativa-para-3eros-y-4tos-medios\/whatsapp-image-2024-06-03-at-1-06-41-pm\/\" data-orig-file=\"https:\/\/www.cisa-arica.cl\/wp1\/wp-content\/uploads\/2024\/06\/WhatsApp-Image-2024-06-03-at-1.06.41-PM.jpeg\" data-orig-size=\"1200,1600\" data-comments-opened=\"0\" data-image-meta=\"{&quot;aperture&quot;:&quot;0&quot;,&quot;credit&quot;:&quot;&quot;,&quot;camera&quot;:&quot;&quot;,&quot;caption&quot;:&quot;&quot;,&quot;created_timestamp&quot;:&quot;0&quot;,&quot;copyright&quot;:&quot;&quot;,&quot;focal_length&quot;:&quot;0&quot;,&quot;iso&quot;:&quot;0&quot;,&quot;shutter_speed&quot;:&quot;0&quot;,&quot;title&quot;:&quot;&quot;,&quot;orientation&quot;:&quot;0&quot;}\" data-image-title=\"WhatsApp-Image-2024-06-03-at-1.06.41-PM\" data-image-description=\"\" data-image-caption=\"\" data-large-file=\"https:\/\/www.cisa-arica.cl\/wp1\/wp-content\/uploads\/2024\/06\/WhatsApp-Image-2024-06-03-at-1.06.41-PM-450x600.jpeg\" role=\"button\" tabindex=\"0\" aria-label=\"Abrir la imagen 3 de 6 en pantalla completa\"srcset=\"https:\/\/i2.wp.com\/www.cisa-arica.cl\/wp1\/wp-content\/uploads\/2024\/06\/WhatsApp-Image-2024-06-03-at-1.06.41-PM-450x600.jpeg?strip=info&#038;w=600&#038;ssl=1 600w,https:\/\/i2.wp.com\/www.cisa-arica.cl\/wp1\/wp-content\/uploads\/2024\/06\/WhatsApp-Image-2024-06-03-at-1.06.41-PM-450x600.jpeg?strip=info&#038;w=900&#038;ssl=1 900w,https:\/\/i2.wp.com\/www.cisa-arica.cl\/wp1\/wp-content\/uploads\/2024\/06\/WhatsApp-Image-2024-06-03-at-1.06.41-PM-450x600.jpeg?strip=info&#038;w=1200&#038;ssl=1 1200w\" alt=\"\" data-height=\"1600\" data-id=\"25745\" data-link=\"https:\/\/www.cisa-arica.cl\/wp1\/?attachment_id=25745\" data-url=\"https:\/\/www.cisa-arica.cl\/wp1\/wp-content\/uploads\/2024\/06\/WhatsApp-Image-2024-06-03-at-1.06.41-PM-450x600.jpeg\" data-width=\"1200\" src=\"https:\/\/i2.wp.com\/www.cisa-arica.cl\/wp1\/wp-content\/uploads\/2024\/06\/WhatsApp-Image-2024-06-03-at-1.06.41-PM-450x600.jpeg?ssl=1\" data-amp-layout=\"responsive\"\/><\/figure><\/div><div class=\"tiled-gallery__col\" style=\"flex-basis:37.17024%\"><figure class=\"tiled-gallery__item\"><img decoding=\"async\" data-attachment-id=\"25746\" data-permalink=\"https:\/\/www.cisa-arica.cl\/wp1\/2024\/06\/03\/charla-educativa-para-3eros-y-4tos-medios\/whatsapp-image-2024-06-03-at-1-06-41-pm-2\/\" data-orig-file=\"https:\/\/www.cisa-arica.cl\/wp1\/wp-content\/uploads\/2024\/06\/WhatsApp-Image-2024-06-03-at-1.06.41-PM-2.jpeg\" data-orig-size=\"1600,1200\" data-comments-opened=\"0\" data-image-meta=\"{&quot;aperture&quot;:&quot;0&quot;,&quot;credit&quot;:&quot;&quot;,&quot;camera&quot;:&quot;&quot;,&quot;caption&quot;:&quot;&quot;,&quot;created_timestamp&quot;:&quot;0&quot;,&quot;copyright&quot;:&quot;&quot;,&quot;focal_length&quot;:&quot;0&quot;,&quot;iso&quot;:&quot;0&quot;,&quot;shutter_speed&quot;:&quot;0&quot;,&quot;title&quot;:&quot;&quot;,&quot;orientation&quot;:&quot;0&quot;}\" data-image-title=\"WhatsApp-Image-2024-06-03-at-1.06.41-PM-2\" data-image-description=\"\" data-image-caption=\"\" data-large-file=\"https:\/\/www.cisa-arica.cl\/wp1\/wp-content\/uploads\/2024\/06\/WhatsApp-Image-2024-06-03-at-1.06.41-PM-2-600x450.jpeg\" data-attachment-id=\"25746\" data-permalink=\"https:\/\/www.cisa-arica.cl\/wp1\/2024\/06\/03\/charla-educativa-para-3eros-y-4tos-medios\/whatsapp-image-2024-06-03-at-1-06-41-pm-2\/\" data-orig-file=\"https:\/\/www.cisa-arica.cl\/wp1\/wp-content\/uploads\/2024\/06\/WhatsApp-Image-2024-06-03-at-1.06.41-PM-2.jpeg\" data-orig-size=\"1600,1200\" data-comments-opened=\"0\" data-image-meta=\"{&quot;aperture&quot;:&quot;0&quot;,&quot;credit&quot;:&quot;&quot;,&quot;camera&quot;:&quot;&quot;,&quot;caption&quot;:&quot;&quot;,&quot;created_timestamp&quot;:&quot;0&quot;,&quot;copyright&quot;:&quot;&quot;,&quot;focal_length&quot;:&quot;0&quot;,&quot;iso&quot;:&quot;0&quot;,&quot;shutter_speed&quot;:&quot;0&quot;,&quot;title&quot;:&quot;&quot;,&quot;orientation&quot;:&quot;0&quot;}\" data-image-title=\"WhatsApp-Image-2024-06-03-at-1.06.41-PM-2\" data-image-description=\"\" data-image-caption=\"\" data-large-file=\"https:\/\/www.cisa-arica.cl\/wp1\/wp-content\/uploads\/2024\/06\/WhatsApp-Image-2024-06-03-at-1.06.41-PM-2-600x450.jpeg\" role=\"button\" tabindex=\"0\" aria-label=\"Abrir la imagen 4 de 6 en pantalla completa\"srcset=\"https:\/\/i2.wp.com\/www.cisa-arica.cl\/wp1\/wp-content\/uploads\/2024\/06\/WhatsApp-Image-2024-06-03-at-1.06.41-PM-2-600x450.jpeg?strip=info&#038;w=600&#038;ssl=1 600w,https:\/\/i2.wp.com\/www.cisa-arica.cl\/wp1\/wp-content\/uploads\/2024\/06\/WhatsApp-Image-2024-06-03-at-1.06.41-PM-2-600x450.jpeg?strip=info&#038;w=900&#038;ssl=1 900w,https:\/\/i2.wp.com\/www.cisa-arica.cl\/wp1\/wp-content\/uploads\/2024\/06\/WhatsApp-Image-2024-06-03-at-1.06.41-PM-2-600x450.jpeg?strip=info&#038;w=1200&#038;ssl=1 1200w,https:\/\/i2.wp.com\/www.cisa-arica.cl\/wp1\/wp-content\/uploads\/2024\/06\/WhatsApp-Image-2024-06-03-at-1.06.41-PM-2-600x450.jpeg?strip=info&#038;w=1500&#038;ssl=1 1500w,https:\/\/i2.wp.com\/www.cisa-arica.cl\/wp1\/wp-content\/uploads\/2024\/06\/WhatsApp-Image-2024-06-03-at-1.06.41-PM-2-600x450.jpeg?strip=info&#038;w=1600&#038;ssl=1 1600w\" alt=\"\" data-height=\"1200\" data-id=\"25746\" data-link=\"https:\/\/www.cisa-arica.cl\/wp1\/?attachment_id=25746\" data-url=\"https:\/\/www.cisa-arica.cl\/wp1\/wp-content\/uploads\/2024\/06\/WhatsApp-Image-2024-06-03-at-1.06.41-PM-2-600x450.jpeg\" data-width=\"1600\" src=\"https:\/\/i2.wp.com\/www.cisa-arica.cl\/wp1\/wp-content\/uploads\/2024\/06\/WhatsApp-Image-2024-06-03-at-1.06.41-PM-2-600x450.jpeg?ssl=1\" data-amp-layout=\"responsive\"\/><\/figure><\/div><div class=\"tiled-gallery__col\" style=\"flex-basis:20.94325%\"><figure class=\"tiled-gallery__item\"><img decoding=\"async\" data-attachment-id=\"25747\" data-permalink=\"https:\/\/www.cisa-arica.cl\/wp1\/2024\/06\/03\/charla-educativa-para-3eros-y-4tos-medios\/whatsapp-image-2024-06-03-at-1-06-41-pm-1\/\" data-orig-file=\"https:\/\/www.cisa-arica.cl\/wp1\/wp-content\/uploads\/2024\/06\/WhatsApp-Image-2024-06-03-at-1.06.41-PM-1.jpeg\" data-orig-size=\"1200,1600\" data-comments-opened=\"0\" data-image-meta=\"{&quot;aperture&quot;:&quot;0&quot;,&quot;credit&quot;:&quot;&quot;,&quot;camera&quot;:&quot;&quot;,&quot;caption&quot;:&quot;&quot;,&quot;created_timestamp&quot;:&quot;0&quot;,&quot;copyright&quot;:&quot;&quot;,&quot;focal_length&quot;:&quot;0&quot;,&quot;iso&quot;:&quot;0&quot;,&quot;shutter_speed&quot;:&quot;0&quot;,&quot;title&quot;:&quot;&quot;,&quot;orientation&quot;:&quot;0&quot;}\" data-image-title=\"WhatsApp-Image-2024-06-03-at-1.06.41-PM-1\" data-image-description=\"\" data-image-caption=\"\" data-large-file=\"https:\/\/www.cisa-arica.cl\/wp1\/wp-content\/uploads\/2024\/06\/WhatsApp-Image-2024-06-03-at-1.06.41-PM-1-450x600.jpeg\" data-attachment-id=\"25747\" data-permalink=\"https:\/\/www.cisa-arica.cl\/wp1\/2024\/06\/03\/charla-educativa-para-3eros-y-4tos-medios\/whatsapp-image-2024-06-03-at-1-06-41-pm-1\/\" data-orig-file=\"https:\/\/www.cisa-arica.cl\/wp1\/wp-content\/uploads\/2024\/06\/WhatsApp-Image-2024-06-03-at-1.06.41-PM-1.jpeg\" data-orig-size=\"1200,1600\" data-comments-opened=\"0\" data-image-meta=\"{&quot;aperture&quot;:&quot;0&quot;,&quot;credit&quot;:&quot;&quot;,&quot;camera&quot;:&quot;&quot;,&quot;caption&quot;:&quot;&quot;,&quot;created_timestamp&quot;:&quot;0&quot;,&quot;copyright&quot;:&quot;&quot;,&quot;focal_length&quot;:&quot;0&quot;,&quot;iso&quot;:&quot;0&quot;,&quot;shutter_speed&quot;:&quot;0&quot;,&quot;title&quot;:&quot;&quot;,&quot;orientation&quot;:&quot;0&quot;}\" data-image-title=\"WhatsApp-Image-2024-06-03-at-1.06.41-PM-1\" data-image-description=\"\" data-image-caption=\"\" data-large-file=\"https:\/\/www.cisa-arica.cl\/wp1\/wp-content\/uploads\/2024\/06\/WhatsApp-Image-2024-06-03-at-1.06.41-PM-1-450x600.jpeg\" role=\"button\" tabindex=\"0\" aria-label=\"Abrir la imagen 5 de 6 en pantalla completa\"srcset=\"https:\/\/i0.wp.com\/www.cisa-arica.cl\/wp1\/wp-content\/uploads\/2024\/06\/WhatsApp-Image-2024-06-03-at-1.06.41-PM-1-450x600.jpeg?strip=info&#038;w=600&#038;ssl=1 600w,https:\/\/i0.wp.com\/www.cisa-arica.cl\/wp1\/wp-content\/uploads\/2024\/06\/WhatsApp-Image-2024-06-03-at-1.06.41-PM-1-450x600.jpeg?strip=info&#038;w=900&#038;ssl=1 900w,https:\/\/i0.wp.com\/www.cisa-arica.cl\/wp1\/wp-content\/uploads\/2024\/06\/WhatsApp-Image-2024-06-03-at-1.06.41-PM-1-450x600.jpeg?strip=info&#038;w=1200&#038;ssl=1 1200w\" alt=\"\" data-height=\"1600\" data-id=\"25747\" data-link=\"https:\/\/www.cisa-arica.cl\/wp1\/?attachment_id=25747\" data-url=\"https:\/\/www.cisa-arica.cl\/wp1\/wp-content\/uploads\/2024\/06\/WhatsApp-Image-2024-06-03-at-1.06.41-PM-1-450x600.jpeg\" data-width=\"1200\" src=\"https:\/\/i0.wp.com\/www.cisa-arica.cl\/wp1\/wp-content\/uploads\/2024\/06\/WhatsApp-Image-2024-06-03-at-1.06.41-PM-1-450x600.jpeg?ssl=1\" data-amp-layout=\"responsive\"\/><\/figure><\/div><div class=\"tiled-gallery__col\" style=\"flex-basis:20.94325%\"><figure class=\"tiled-gallery__item\"><img decoding=\"async\" data-attachment-id=\"25748\" data-permalink=\"https:\/\/www.cisa-arica.cl\/wp1\/2024\/06\/03\/charla-educativa-para-3eros-y-4tos-medios\/whatsapp-image-2024-06-03-at-1-06-39-pm\/\" data-orig-file=\"https:\/\/www.cisa-arica.cl\/wp1\/wp-content\/uploads\/2024\/06\/WhatsApp-Image-2024-06-03-at-1.06.39-PM.jpeg\" data-orig-size=\"1200,1600\" data-comments-opened=\"0\" data-image-meta=\"{&quot;aperture&quot;:&quot;0&quot;,&quot;credit&quot;:&quot;&quot;,&quot;camera&quot;:&quot;&quot;,&quot;caption&quot;:&quot;&quot;,&quot;created_timestamp&quot;:&quot;0&quot;,&quot;copyright&quot;:&quot;&quot;,&quot;focal_length&quot;:&quot;0&quot;,&quot;iso&quot;:&quot;0&quot;,&quot;shutter_speed&quot;:&quot;0&quot;,&quot;title&quot;:&quot;&quot;,&quot;orientation&quot;:&quot;0&quot;}\" data-image-title=\"WhatsApp-Image-2024-06-03-at-1.06.39-PM\" data-image-description=\"\" data-image-caption=\"\" data-large-file=\"https:\/\/www.cisa-arica.cl\/wp1\/wp-content\/uploads\/2024\/06\/WhatsApp-Image-2024-06-03-at-1.06.39-PM-450x600.jpeg\" data-attachment-id=\"25748\" data-permalink=\"https:\/\/www.cisa-arica.cl\/wp1\/2024\/06\/03\/charla-educativa-para-3eros-y-4tos-medios\/whatsapp-image-2024-06-03-at-1-06-39-pm\/\" data-orig-file=\"https:\/\/www.cisa-arica.cl\/wp1\/wp-content\/uploads\/2024\/06\/WhatsApp-Image-2024-06-03-at-1.06.39-PM.jpeg\" data-orig-size=\"1200,1600\" data-comments-opened=\"0\" data-image-meta=\"{&quot;aperture&quot;:&quot;0&quot;,&quot;credit&quot;:&quot;&quot;,&quot;camera&quot;:&quot;&quot;,&quot;caption&quot;:&quot;&quot;,&quot;created_timestamp&quot;:&quot;0&quot;,&quot;copyright&quot;:&quot;&quot;,&quot;focal_length&quot;:&quot;0&quot;,&quot;iso&quot;:&quot;0&quot;,&quot;shutter_speed&quot;:&quot;0&quot;,&quot;title&quot;:&quot;&quot;,&quot;orientation&quot;:&quot;0&quot;}\" data-image-title=\"WhatsApp-Image-2024-06-03-at-1.06.39-PM\" data-image-description=\"\" data-image-caption=\"\" data-large-file=\"https:\/\/www.cisa-arica.cl\/wp1\/wp-content\/uploads\/2024\/06\/WhatsApp-Image-2024-06-03-at-1.06.39-PM-450x600.jpeg\" role=\"button\" tabindex=\"0\" aria-label=\"Abrir la imagen 6 de 6 en pantalla completa\"srcset=\"https:\/\/i1.wp.com\/www.cisa-arica.cl\/wp1\/wp-content\/uploads\/2024\/06\/WhatsApp-Image-2024-06-03-at-1.06.39-PM-450x600.jpeg?strip=info&#038;w=600&#038;ssl=1 600w,https:\/\/i1.wp.com\/www.cisa-arica.cl\/wp1\/wp-content\/uploads\/2024\/06\/WhatsApp-Image-2024-06-03-at-1.06.39-PM-450x600.jpeg?strip=info&#038;w=900&#038;ssl=1 900w,https:\/\/i1.wp.com\/www.cisa-arica.cl\/wp1\/wp-content\/uploads\/2024\/06\/WhatsApp-Image-2024-06-03-at-1.06.39-PM-450x600.jpeg?strip=info&#038;w=1200&#038;ssl=1 1200w\" alt=\"\" data-height=\"1600\" data-id=\"25748\" data-link=\"https:\/\/www.cisa-arica.cl\/wp1\/?attachment_id=25748\" data-url=\"https:\/\/www.cisa-arica.cl\/wp1\/wp-content\/uploads\/2024\/06\/WhatsApp-Image-2024-06-03-at-1.06.39-PM-450x600.jpeg\" data-width=\"1200\" src=\"https:\/\/i1.wp.com\/www.cisa-arica.cl\/wp1\/wp-content\/uploads\/2024\/06\/WhatsApp-Image-2024-06-03-at-1.06.39-PM-450x600.jpeg?ssl=1\" data-amp-layout=\"responsive\"\/><\/figure><\/div><\/div><\/div><\/div>\n","protected":false},"excerpt":{"rendered":"<p>Estimadas familias y comunidad educativa: Nos complace compartir el inicio del lanzamiento de visitas, conversatorios y charlas educativas para nuestras estudiantes de 3\u00b0 y 4\u00b0 medios pertenecientes al electivo \u201cLectura y escritura especializadas\u201d, que imparten los docentes Maureen Michell M. y Samuel Parra G. Esta iniciativa tiene como objetivo enriquecer la experiencia educativa de nuestras <a class=\"read-more\" href=\"https:\/\/www.cisa-arica.cl\/wp1\/2024\/06\/03\/charla-educativa-para-3eros-y-4tos-medios\/\">Continuar leyendo<\/a><\/p>\n","protected":false},"author":5,"featured_media":25744,"comment_status":"closed","ping_status":"open","sticky":false,"template":"","format":"standard","meta":{"_jetpack_memberships_contains_paid_content":false,"footnotes":"","jetpack_publicize_message":"","jetpack_publicize_feature_enabled":true,"jetpack_social_post_already_shared":true,"jetpack_social_options":{"image_generator_settings":{"template":"highway","default_image_id":0,"font":"","enabled":false},"version":2}},"categories":[5],"tags":[],"class_list":["post-25742","post","type-post","status-publish","format-standard","has-post-thumbnail","hentry","category-uncategorized"],"jetpack_publicize_connections":[],"jetpack_featured_media_url":"https:\/\/www.cisa-arica.cl\/wp1\/wp-content\/uploads\/2024\/06\/WhatsApp-Image-2024-06-03-at-2.30.59-PM.jpeg","jetpack_sharing_enabled":true,"jetpack_shortlink":"https:\/\/wp.me\/p84wcz-6Hc","jetpack-related-posts":[{"id":13831,"url":"https:\/\/www.cisa-arica.cl\/wp1\/2021\/11\/24\/celebracion-eucaristia-3os-medios\/","url_meta":{"origin":25742,"position":0},"title":"Celebraci\u00f3n Eucarist\u00eda 3os Medios","author":"CISA","date":"24 de Noviembre de 2021","format":false,"excerpt":"Estimada Comunidad Educativa: El pasado Lunes 24 de Noviembre, nuestras estudiantes de los Terceros Medios A y B junto a sus profesores se reunieron ante el altar para dar gracias por sus vidas y la de sus familias. Poniendo a los pies de Jes\u00fas su trayectoria como estudiantes y el\u2026","rel":"","context":"En &quot;galeria&quot;","block_context":{"text":"galeria","link":"https:\/\/www.cisa-arica.cl\/wp1\/category\/galeria\/"},"img":{"alt_text":"","src":"https:\/\/i0.wp.com\/www.cisa-arica.cl\/wp1\/wp-content\/uploads\/2021\/11\/003-5.jpg?resize=350%2C200&ssl=1","width":350,"height":200,"srcset":"https:\/\/i0.wp.com\/www.cisa-arica.cl\/wp1\/wp-content\/uploads\/2021\/11\/003-5.jpg?resize=350%2C200&ssl=1 1x, https:\/\/i0.wp.com\/www.cisa-arica.cl\/wp1\/wp-content\/uploads\/2021\/11\/003-5.jpg?resize=525%2C300&ssl=1 1.5x, https:\/\/i0.wp.com\/www.cisa-arica.cl\/wp1\/wp-content\/uploads\/2021\/11\/003-5.jpg?resize=700%2C400&ssl=1 2x, https:\/\/i0.wp.com\/www.cisa-arica.cl\/wp1\/wp-content\/uploads\/2021\/11\/003-5.jpg?resize=1050%2C600&ssl=1 3x"},"classes":[]},{"id":13682,"url":"https:\/\/www.cisa-arica.cl\/wp1\/2021\/11\/15\/misa-despedida-4tos-medios\/","url_meta":{"origin":25742,"position":1},"title":"Misa despedida 4tos Medios","author":"CISA","date":"15 de Noviembre de 2021","format":false,"excerpt":"Estimada Comunidad Educativa: El pasado Viernes 12 de noviembre se realiz\u00f3 la misa de despedida a nuestros Cuartos Medios Generaci\u00f3n 2021 . Una sentida ceremonia en la cual nuestras estudiantes con alegr\u00eda y emoci\u00f3n le dijeron adi\u00f3s a sus compa\u00f1eras m\u00e1s peque\u00f1as. Colegio Italiano Santa Ana","rel":"","context":"Entrada similar ","block_context":{"text":"Entrada similar ","link":""},"img":{"alt_text":"","src":"https:\/\/i0.wp.com\/www.cisa-arica.cl\/wp1\/wp-content\/uploads\/2021\/11\/DSC2728.jpg?resize=350%2C200&ssl=1","width":350,"height":200,"srcset":"https:\/\/i0.wp.com\/www.cisa-arica.cl\/wp1\/wp-content\/uploads\/2021\/11\/DSC2728.jpg?resize=350%2C200&ssl=1 1x, https:\/\/i0.wp.com\/www.cisa-arica.cl\/wp1\/wp-content\/uploads\/2021\/11\/DSC2728.jpg?resize=525%2C300&ssl=1 1.5x, https:\/\/i0.wp.com\/www.cisa-arica.cl\/wp1\/wp-content\/uploads\/2021\/11\/DSC2728.jpg?resize=700%2C400&ssl=1 2x, https:\/\/i0.wp.com\/www.cisa-arica.cl\/wp1\/wp-content\/uploads\/2021\/11\/DSC2728.jpg?resize=1050%2C600&ssl=1 3x, https:\/\/i0.wp.com\/www.cisa-arica.cl\/wp1\/wp-content\/uploads\/2021\/11\/DSC2728.jpg?resize=1400%2C800&ssl=1 4x"},"classes":[]},{"id":27770,"url":"https:\/\/www.cisa-arica.cl\/wp1\/2024\/12\/11\/licenciatura-4tos-medios-cisa-2014\/","url_meta":{"origin":25742,"position":2},"title":"Licenciatura 4tos Medios Cisa 2024","author":"Jeannette Rivera","date":"11 de Diciembre de 2024","format":false,"excerpt":"El pasado viernes 06 de diciembre, el Colegio Italiano Santa Ana, con gran orgullo y emoci\u00f3n,\u00a0 celebr\u00f3\u00a0 la licenciatura de los Cuartos Medios, un momento significativo que marca el cierre de una etapa inolvidable en la vida de nuestras estudiantes. Este d\u00eda, m\u00e1s que un punto final, simboliza un nuevo\u2026","rel":"","context":"Entrada similar ","block_context":{"text":"Entrada similar ","link":""},"img":{"alt_text":"","src":"https:\/\/i0.wp.com\/www.cisa-arica.cl\/wp1\/wp-content\/uploads\/2024\/12\/IMG_2618-scaled.jpeg?resize=350%2C200&ssl=1","width":350,"height":200,"srcset":"https:\/\/i0.wp.com\/www.cisa-arica.cl\/wp1\/wp-content\/uploads\/2024\/12\/IMG_2618-scaled.jpeg?resize=350%2C200&ssl=1 1x, https:\/\/i0.wp.com\/www.cisa-arica.cl\/wp1\/wp-content\/uploads\/2024\/12\/IMG_2618-scaled.jpeg?resize=525%2C300&ssl=1 1.5x, https:\/\/i0.wp.com\/www.cisa-arica.cl\/wp1\/wp-content\/uploads\/2024\/12\/IMG_2618-scaled.jpeg?resize=700%2C400&ssl=1 2x, https:\/\/i0.wp.com\/www.cisa-arica.cl\/wp1\/wp-content\/uploads\/2024\/12\/IMG_2618-scaled.jpeg?resize=1050%2C600&ssl=1 3x, https:\/\/i0.wp.com\/www.cisa-arica.cl\/wp1\/wp-content\/uploads\/2024\/12\/IMG_2618-scaled.jpeg?resize=1400%2C800&ssl=1 4x"},"classes":[]},{"id":24573,"url":"https:\/\/www.cisa-arica.cl\/wp1\/2024\/03\/12\/resultados-simce-2023\/","url_meta":{"origin":25742,"position":3},"title":"Resultados Simce 2023","author":"Jeannette Rivera","date":"12 de Marzo de 2024","format":false,"excerpt":"Con mucho orgullo felicitamos a las estudiantes de los Cuartos B\u00e1sicos A y B \u00a0y a las estudiantes de los Segundos Medios A y B del a\u00f1o 2023, \u00a0quienes obtuvieron una destacada participaci\u00f3n en l prueba Simce \u00a0de ese a\u00f1o,,obteniendo altos resultados que las hicieron destacar \u00a0en la regi\u00f3n. Como\u2026","rel":"","context":"Entrada similar ","block_context":{"text":"Entrada similar ","link":""},"img":{"alt_text":"","src":"","width":0,"height":0},"classes":[]},{"id":13344,"url":"https:\/\/www.cisa-arica.cl\/wp1\/2021\/10\/15\/cisa-celebra-el-dia-del-profesor\/","url_meta":{"origin":25742,"position":4},"title":"CISA celebra el D\u00eda del Profesor","author":"Jeannette Rivera","date":"15 de Octubre de 2021","format":false,"excerpt":"Este 16 de octubre celebramos el D\u00eda del Profesor y la Profesora 2021 y el Colegio Italiano Santa Ana desea saludar con mucho cari\u00f1o a todos los docentes que forman nuestra comunidad educativa, y que se esfuerzan d\u00eda a d\u00eda en educar y formar a nuestras estudiantes. Ayer Jueves 14\u2026","rel":"","context":"En &quot;galeria&quot;","block_context":{"text":"galeria","link":"https:\/\/www.cisa-arica.cl\/wp1\/category\/galeria\/"},"img":{"alt_text":"","src":"https:\/\/i0.wp.com\/www.cisa-arica.cl\/wp1\/wp-content\/uploads\/2021\/10\/Screenshot_16.jpg?resize=350%2C200&ssl=1","width":350,"height":200,"srcset":"https:\/\/i0.wp.com\/www.cisa-arica.cl\/wp1\/wp-content\/uploads\/2021\/10\/Screenshot_16.jpg?resize=350%2C200&ssl=1 1x, https:\/\/i0.wp.com\/www.cisa-arica.cl\/wp1\/wp-content\/uploads\/2021\/10\/Screenshot_16.jpg?resize=525%2C300&ssl=1 1.5x"},"classes":[]},{"id":14377,"url":"https:\/\/www.cisa-arica.cl\/wp1\/2021\/12\/16\/licenciatura-4to-medio-b\/","url_meta":{"origin":25742,"position":5},"title":"Licenciatura 4to Medio B","author":"CISA","date":"16 de Diciembre de 2021","format":false,"excerpt":"Estimada Comunidad Educativa: Este Jueves 16 de diciembre se llev\u00f3 a cabo la segunda licenciatura de cuartos medios, esta vez del Cuarto Medio B, ceremonia llena de emoci\u00f3n y alegr\u00eda en la que nuestras estudiantes dieron fin a su etapa escolar despidi\u00e9ndose del colegio y sus profesores que las acogieron\u2026","rel":"","context":"Entrada similar ","block_context":{"text":"Entrada similar ","link":""},"img":{"alt_text":"","src":"https:\/\/i0.wp.com\/www.cisa-arica.cl\/wp1\/wp-content\/uploads\/2021\/12\/DSC_3008-2.jpg?resize=350%2C200&ssl=1","width":350,"height":200,"srcset":"https:\/\/i0.wp.com\/www.cisa-arica.cl\/wp1\/wp-content\/uploads\/2021\/12\/DSC_3008-2.jpg?resize=350%2C200&ssl=1 1x, https:\/\/i0.wp.com\/www.cisa-arica.cl\/wp1\/wp-content\/uploads\/2021\/12\/DSC_3008-2.jpg?resize=525%2C300&ssl=1 1.5x, https:\/\/i0.wp.com\/www.cisa-arica.cl\/wp1\/wp-content\/uploads\/2021\/12\/DSC_3008-2.jpg?resize=700%2C400&ssl=1 2x, https:\/\/i0.wp.com\/www.cisa-arica.cl\/wp1\/wp-content\/uploads\/2021\/12\/DSC_3008-2.jpg?resize=1050%2C600&ssl=1 3x, https:\/\/i0.wp.com\/www.cisa-arica.cl\/wp1\/wp-content\/uploads\/2021\/12\/DSC_3008-2.jpg?resize=1400%2C800&ssl=1 4x"},"classes":[]}],"_links":{"self":[{"href":"https:\/\/www.cisa-arica.cl\/wp1\/wp-json\/wp\/v2\/posts\/25742","targetHints":{"allow":["GET"]}}],"collection":[{"href":"https:\/\/www.cisa-arica.cl\/wp1\/wp-json\/wp\/v2\/posts"}],"about":[{"href":"https:\/\/www.cisa-arica.cl\/wp1\/wp-json\/wp\/v2\/types\/post"}],"author":[{"embeddable":true,"href":"https:\/\/www.cisa-arica.cl\/wp1\/wp-json\/wp\/v2\/users\/5"}],"replies":[{"embeddable":true,"href":"https:\/\/www.cisa-arica.cl\/wp1\/wp-json\/wp\/v2\/comments?post=25742"}],"version-history":[{"count":1,"href":"https:\/\/www.cisa-arica.cl\/wp1\/wp-json\/wp\/v2\/posts\/25742\/revisions"}],"predecessor-version":[{"id":25749,"href":"https:\/\/www.cisa-arica.cl\/wp1\/wp-json\/wp\/v2\/posts\/25742\/revisions\/25749"}],"wp:featuredmedia":[{"embeddable":true,"href":"https:\/\/www.cisa-arica.cl\/wp1\/wp-json\/wp\/v2\/media\/25744"}],"wp:attachment":[{"href":"https:\/\/www.cisa-arica.cl\/wp1\/wp-json\/wp\/v2\/media?parent=25742"}],"wp:term":[{"taxonomy":"category","embeddable":true,"href":"https:\/\/www.cisa-arica.cl\/wp1\/wp-json\/wp\/v2\/categories?post=25742"},{"taxonomy":"post_tag","embeddable":true,"href":"https:\/\/www.cisa-arica.cl\/wp1\/wp-json\/wp\/v2\/tags?post=25742"}],"curies":[{"name":"wp","href":"https:\/\/api.w.org\/{rel}","templated":true}]}}