{"id":25713,"date":"2024-05-31T17:53:24","date_gmt":"2024-05-31T21:53:24","guid":{"rendered":"https:\/\/www.cisa-arica.cl\/wp1\/?p=25713"},"modified":"2024-06-02T14:21:17","modified_gmt":"2024-06-02T18:21:17","slug":"dia-de-la-familia-2","status":"publish","type":"post","link":"https:\/\/www.cisa-arica.cl\/wp1\/2024\/05\/31\/dia-de-la-familia-2\/","title":{"rendered":"D\u00eda de la Familia"},"content":{"rendered":"<p>Estimada Comunidad:<\/p>\n<p>Se invita cordialmente a celebrar este s\u00e1bado 01 de Junio el <span style=\"font-size: 15px; -webkit-text-size-adjust: 100%;\">D\u00cdA DE LA FAMILIA, desde las 15 a 20 horas. Habr\u00e1n distintos stand con completos, empanadas, bebestibles, dulces y juegos, para que usted y familia puedan disfrutar de una entretenida tarde en donde varios cursos han preparado diversos n\u00fameros art\u00edsticos.<br \/>\nLa entrada ser\u00e1 por calle Sotomayor.<\/span><\/p>\n<p>&nbsp;<\/p>\n","protected":false},"excerpt":{"rendered":"<p>Estimada Comunidad: Se invita cordialmente a celebrar este s\u00e1bado 01 de Junio el D\u00cdA DE LA FAMILIA, desde las 15 a 20 horas. Habr\u00e1n distintos stand con completos, empanadas, bebestibles, dulces y juegos, para que usted y familia puedan disfrutar de una entretenida tarde en donde varios cursos han preparado diversos n\u00fameros art\u00edsticos. La entrada <a class=\"read-more\" href=\"https:\/\/www.cisa-arica.cl\/wp1\/2024\/05\/31\/dia-de-la-familia-2\/\">Continuar leyendo<\/a><\/p>\n","protected":false},"author":5,"featured_media":25715,"comment_status":"closed","ping_status":"open","sticky":false,"template":"","format":"standard","meta":{"_jetpack_memberships_contains_paid_content":false,"footnotes":"","jetpack_publicize_message":"","jetpack_publicize_feature_enabled":true,"jetpack_social_post_already_shared":true,"jetpack_social_options":{"image_generator_settings":{"template":"highway","default_image_id":0,"font":"","enabled":false},"version":2}},"categories":[5],"tags":[],"class_list":["post-25713","post","type-post","status-publish","format-standard","has-post-thumbnail","hentry","category-uncategorized"],"jetpack_publicize_connections":[],"jetpack_featured_media_url":"https:\/\/www.cisa-arica.cl\/wp1\/wp-content\/uploads\/2024\/05\/deadf0a7-6847-4122-afd1-770af9627894.jpeg","jetpack_sharing_enabled":true,"jetpack_shortlink":"https:\/\/wp.me\/p84wcz-6GJ","jetpack-related-posts":[{"id":12947,"url":"https:\/\/www.cisa-arica.cl\/wp1\/2021\/08\/30\/concurso-fotografico-celebro-en-familia\/","url_meta":{"origin":25713,"position":0},"title":"Concurso Fotogr\u00e1fico: &#8220;Celebro en Familia&#8221;","author":"Jeannette Rivera","date":"30 de Agosto de 2021","format":false,"excerpt":"Estimada Comunidad Educativa: El Departamento de Educaci\u00f3n F\u00edsica del Colegio Italiano Santa Ana invita a todas las familias pertenecientes a nuestra Comunidad Educativa desde Prek\u00ednder a Cuarto medio a participar del concurso Celebro el 18 en familia. Para participar, deben crear una fotograf\u00eda junto a su familia donde ambienten sus\u2026","rel":"","context":"En &quot;CISA&quot;","block_context":{"text":"CISA","link":"https:\/\/www.cisa-arica.cl\/wp1\/category\/cisa\/"},"img":{"alt_text":"","src":"https:\/\/i0.wp.com\/www.cisa-arica.cl\/wp1\/wp-content\/uploads\/2021\/08\/Screenshot_4-1.png?resize=350%2C200&ssl=1","width":350,"height":200,"srcset":"https:\/\/i0.wp.com\/www.cisa-arica.cl\/wp1\/wp-content\/uploads\/2021\/08\/Screenshot_4-1.png?resize=350%2C200&ssl=1 1x, https:\/\/i0.wp.com\/www.cisa-arica.cl\/wp1\/wp-content\/uploads\/2021\/08\/Screenshot_4-1.png?resize=525%2C300&ssl=1 1.5x, https:\/\/i0.wp.com\/www.cisa-arica.cl\/wp1\/wp-content\/uploads\/2021\/08\/Screenshot_4-1.png?resize=700%2C400&ssl=1 2x"},"classes":[]},{"id":28476,"url":"https:\/\/www.cisa-arica.cl\/wp1\/2025\/06\/24\/invitacion-para-el-dia-de-la-familia-cisa\/","url_meta":{"origin":25713,"position":1},"title":"Invitaci\u00f3n para el D\u00eda de la Familia Cisa","author":"Jeannette Rivera","date":"24 de Junio de 2025","format":false,"excerpt":"Estimada Comunidad Educativa: Hacemos extensiva la invitaci\u00f3n para que este s\u00e1bado 28 de junio nos acompa\u00f1en a celebrar el D\u00eda de la Familia y puedan disfrutar de una alegre tarde con n\u00fameros art\u00edsticos preparados por las estudiantes y diversos stand a cargo de algunos cursos en donde tendr\u00e1n a la\u2026","rel":"","context":"Entrada similar ","block_context":{"text":"Entrada similar ","link":""},"img":{"alt_text":"","src":"https:\/\/i0.wp.com\/www.cisa-arica.cl\/wp1\/wp-content\/uploads\/2025\/06\/WhatsApp-Image-2025-06-23-at-11.03.09-AM.jpeg?resize=350%2C200&ssl=1","width":350,"height":200,"srcset":"https:\/\/i0.wp.com\/www.cisa-arica.cl\/wp1\/wp-content\/uploads\/2025\/06\/WhatsApp-Image-2025-06-23-at-11.03.09-AM.jpeg?resize=350%2C200&ssl=1 1x, https:\/\/i0.wp.com\/www.cisa-arica.cl\/wp1\/wp-content\/uploads\/2025\/06\/WhatsApp-Image-2025-06-23-at-11.03.09-AM.jpeg?resize=525%2C300&ssl=1 1.5x, https:\/\/i0.wp.com\/www.cisa-arica.cl\/wp1\/wp-content\/uploads\/2025\/06\/WhatsApp-Image-2025-06-23-at-11.03.09-AM.jpeg?resize=700%2C400&ssl=1 2x"},"classes":[]},{"id":25717,"url":"https:\/\/www.cisa-arica.cl\/wp1\/2024\/06\/02\/dia-de-la-familia-cisa2024\/","url_meta":{"origin":25713,"position":2},"title":"D\u00eda de la Familia Cisa2024","author":"Jeannette Rivera","date":"2 de Junio de 2024","format":false,"excerpt":"Con la participaci\u00f3n de todos los cursos m\u00e1s la academia de danza y la masiva concurrencia de los apoderados y sus familias, se realiz\u00f3 el s\u00e1bado 01 de Junio, la celebraci\u00f3n del D\u00eda de la Familia. Fue una hermosa tarde en donde las estudiantes se lucieron con sus n\u00fameros art\u00edsticos\u2026","rel":"","context":"Entrada similar ","block_context":{"text":"Entrada similar ","link":""},"img":{"alt_text":"","src":"https:\/\/i0.wp.com\/www.cisa-arica.cl\/wp1\/wp-content\/uploads\/2024\/06\/IMG_0216-scaled.jpeg?resize=350%2C200&ssl=1","width":350,"height":200,"srcset":"https:\/\/i0.wp.com\/www.cisa-arica.cl\/wp1\/wp-content\/uploads\/2024\/06\/IMG_0216-scaled.jpeg?resize=350%2C200&ssl=1 1x, https:\/\/i0.wp.com\/www.cisa-arica.cl\/wp1\/wp-content\/uploads\/2024\/06\/IMG_0216-scaled.jpeg?resize=525%2C300&ssl=1 1.5x, https:\/\/i0.wp.com\/www.cisa-arica.cl\/wp1\/wp-content\/uploads\/2024\/06\/IMG_0216-scaled.jpeg?resize=700%2C400&ssl=1 2x, https:\/\/i0.wp.com\/www.cisa-arica.cl\/wp1\/wp-content\/uploads\/2024\/06\/IMG_0216-scaled.jpeg?resize=1050%2C600&ssl=1 3x, https:\/\/i0.wp.com\/www.cisa-arica.cl\/wp1\/wp-content\/uploads\/2024\/06\/IMG_0216-scaled.jpeg?resize=1400%2C800&ssl=1 4x"},"classes":[]},{"id":21035,"url":"https:\/\/www.cisa-arica.cl\/wp1\/2023\/06\/25\/dia-de-la-familia\/","url_meta":{"origin":25713,"position":3},"title":"D\u00eda de la Familia","author":"Jeannette Rivera","date":"25 de Junio de 2023","format":false,"excerpt":"Con una concurrida asistencia de padres, apoderados, estudiantes, se festej\u00f3 el s\u00e1bado 24 el D\u00eda de la Familia, en donde los asistentes pudieron disfrutar de una entretenida tarde con bailes, m\u00fasica, sabrosos stand \u00a0con diversos productos, pero por sobretodo, de mucho cari\u00f1o y buena energ\u00eda, por todos quienes estuvieron en\u2026","rel":"","context":"Entrada similar ","block_context":{"text":"Entrada similar ","link":""},"img":{"alt_text":"","src":"https:\/\/i0.wp.com\/www.cisa-arica.cl\/wp1\/wp-content\/uploads\/2023\/06\/B4349312-433F-4324-B4AF-9851BD08789D-scaled.jpeg?resize=350%2C200&ssl=1","width":350,"height":200,"srcset":"https:\/\/i0.wp.com\/www.cisa-arica.cl\/wp1\/wp-content\/uploads\/2023\/06\/B4349312-433F-4324-B4AF-9851BD08789D-scaled.jpeg?resize=350%2C200&ssl=1 1x, https:\/\/i0.wp.com\/www.cisa-arica.cl\/wp1\/wp-content\/uploads\/2023\/06\/B4349312-433F-4324-B4AF-9851BD08789D-scaled.jpeg?resize=525%2C300&ssl=1 1.5x, https:\/\/i0.wp.com\/www.cisa-arica.cl\/wp1\/wp-content\/uploads\/2023\/06\/B4349312-433F-4324-B4AF-9851BD08789D-scaled.jpeg?resize=700%2C400&ssl=1 2x, https:\/\/i0.wp.com\/www.cisa-arica.cl\/wp1\/wp-content\/uploads\/2023\/06\/B4349312-433F-4324-B4AF-9851BD08789D-scaled.jpeg?resize=1050%2C600&ssl=1 3x, https:\/\/i0.wp.com\/www.cisa-arica.cl\/wp1\/wp-content\/uploads\/2023\/06\/B4349312-433F-4324-B4AF-9851BD08789D-scaled.jpeg?resize=1400%2C800&ssl=1 4x"},"classes":[]},{"id":20933,"url":"https:\/\/www.cisa-arica.cl\/wp1\/2023\/06\/16\/invitacion-dia-de-la-familia\/","url_meta":{"origin":25713,"position":4},"title":"Invitaci\u00f3n D\u00eda de la Familia","author":"Jeannette Rivera","date":"16 de Junio de 2023","format":false,"excerpt":"Estimadas Madres, Padres, Apoderados y Estudiantes: Nuestra Comunidad Educativa tiene el agrado de invitar a usted y familia para compartir un grato momento en nuestro colegio. Encontrar\u00e1n diversos Stand de comida, juegos, m\u00fasica, n\u00fameros art\u00edsticos y muchas otras sorpresas m\u00e1s!!!!\u00a0\u00a0 Esta Celebraci\u00f3n se llevar\u00e1 a cabo el d\u00eda S\u00e1bado 24\u2026","rel":"","context":"Entrada similar ","block_context":{"text":"Entrada similar ","link":""},"img":{"alt_text":"","src":"https:\/\/i0.wp.com\/www.cisa-arica.cl\/wp1\/wp-content\/uploads\/2023\/06\/DIA-DE-LA-FAMILIA-Invitacion.png?resize=350%2C200&ssl=1","width":350,"height":200,"srcset":"https:\/\/i0.wp.com\/www.cisa-arica.cl\/wp1\/wp-content\/uploads\/2023\/06\/DIA-DE-LA-FAMILIA-Invitacion.png?resize=350%2C200&ssl=1 1x, https:\/\/i0.wp.com\/www.cisa-arica.cl\/wp1\/wp-content\/uploads\/2023\/06\/DIA-DE-LA-FAMILIA-Invitacion.png?resize=525%2C300&ssl=1 1.5x, https:\/\/i0.wp.com\/www.cisa-arica.cl\/wp1\/wp-content\/uploads\/2023\/06\/DIA-DE-LA-FAMILIA-Invitacion.png?resize=700%2C400&ssl=1 2x, https:\/\/i0.wp.com\/www.cisa-arica.cl\/wp1\/wp-content\/uploads\/2023\/06\/DIA-DE-LA-FAMILIA-Invitacion.png?resize=1050%2C600&ssl=1 3x"},"classes":[]},{"id":28466,"url":"https:\/\/www.cisa-arica.cl\/wp1\/2025\/06\/11\/invitacion-a-vivir-pentecostes-en-familia\/","url_meta":{"origin":25713,"position":5},"title":"Invitaci\u00f3n a vivir Pentecost\u00e9s en familia","author":"Jeannette Rivera","date":"11 de Junio de 2025","format":false,"excerpt":"Estimada Comunidad: Con cari\u00f1o se invita a todos los miembros de la Comunidad Educativa a vivir\u00a0 juntos el encuentro de Pentecost\u00e9s y recibir la bendici\u00f3n del Esp\u00edritu Santo de Dios. Esperamos a todas las familias de nuestro Colegio para el d\u00eda VIERNES 13 DE JUNIO DE 18.00 A 20.00 HRS.\u00a0en\u2026","rel":"","context":"Entrada similar ","block_context":{"text":"Entrada similar ","link":""},"img":{"alt_text":"","src":"https:\/\/i0.wp.com\/www.cisa-arica.cl\/wp1\/wp-content\/uploads\/2025\/06\/Imagen-de-WhatsApp-2025-06-09-a-las-11.37.41_08f6e34a.jpg?resize=350%2C200&ssl=1","width":350,"height":200,"srcset":"https:\/\/i0.wp.com\/www.cisa-arica.cl\/wp1\/wp-content\/uploads\/2025\/06\/Imagen-de-WhatsApp-2025-06-09-a-las-11.37.41_08f6e34a.jpg?resize=350%2C200&ssl=1 1x, https:\/\/i0.wp.com\/www.cisa-arica.cl\/wp1\/wp-content\/uploads\/2025\/06\/Imagen-de-WhatsApp-2025-06-09-a-las-11.37.41_08f6e34a.jpg?resize=525%2C300&ssl=1 1.5x, https:\/\/i0.wp.com\/www.cisa-arica.cl\/wp1\/wp-content\/uploads\/2025\/06\/Imagen-de-WhatsApp-2025-06-09-a-las-11.37.41_08f6e34a.jpg?resize=700%2C400&ssl=1 2x, https:\/\/i0.wp.com\/www.cisa-arica.cl\/wp1\/wp-content\/uploads\/2025\/06\/Imagen-de-WhatsApp-2025-06-09-a-las-11.37.41_08f6e34a.jpg?resize=1050%2C600&ssl=1 3x"},"classes":[]}],"_links":{"self":[{"href":"https:\/\/www.cisa-arica.cl\/wp1\/wp-json\/wp\/v2\/posts\/25713","targetHints":{"allow":["GET"]}}],"collection":[{"href":"https:\/\/www.cisa-arica.cl\/wp1\/wp-json\/wp\/v2\/posts"}],"about":[{"href":"https:\/\/www.cisa-arica.cl\/wp1\/wp-json\/wp\/v2\/types\/post"}],"author":[{"embeddable":true,"href":"https:\/\/www.cisa-arica.cl\/wp1\/wp-json\/wp\/v2\/users\/5"}],"replies":[{"embeddable":true,"href":"https:\/\/www.cisa-arica.cl\/wp1\/wp-json\/wp\/v2\/comments?post=25713"}],"version-history":[{"count":2,"href":"https:\/\/www.cisa-arica.cl\/wp1\/wp-json\/wp\/v2\/posts\/25713\/revisions"}],"predecessor-version":[{"id":25716,"href":"https:\/\/www.cisa-arica.cl\/wp1\/wp-json\/wp\/v2\/posts\/25713\/revisions\/25716"}],"wp:featuredmedia":[{"embeddable":true,"href":"https:\/\/www.cisa-arica.cl\/wp1\/wp-json\/wp\/v2\/media\/25715"}],"wp:attachment":[{"href":"https:\/\/www.cisa-arica.cl\/wp1\/wp-json\/wp\/v2\/media?parent=25713"}],"wp:term":[{"taxonomy":"category","embeddable":true,"href":"https:\/\/www.cisa-arica.cl\/wp1\/wp-json\/wp\/v2\/categories?post=25713"},{"taxonomy":"post_tag","embeddable":true,"href":"https:\/\/www.cisa-arica.cl\/wp1\/wp-json\/wp\/v2\/tags?post=25713"}],"curies":[{"name":"wp","href":"https:\/\/api.w.org\/{rel}","templated":true}]}}