{"id":25630,"date":"2024-05-23T18:23:26","date_gmt":"2024-05-23T22:23:26","guid":{"rendered":"https:\/\/www.cisa-arica.cl\/wp1\/?p=25630"},"modified":"2024-05-23T21:31:46","modified_gmt":"2024-05-24T01:31:46","slug":"suspension-de-academias-viernes-24-05","status":"publish","type":"post","link":"https:\/\/www.cisa-arica.cl\/wp1\/2024\/05\/23\/suspension-de-academias-viernes-24-05\/","title":{"rendered":"Suspensi\u00f3n de Academias Viernes 24-05"},"content":{"rendered":"<div>Se informa a la Comunidad Educativa que para ma\u00f1ana <b><span dir=\"ltr\">viernes 24 de mayo de 2024<\/span><\/b>se <u>suspender\u00e1<\/u> la <b>ACADEMIA DE ROSITAS<\/b> debido a que durante la tarde se preparar\u00e1n las dependencias del Colegio para el Encuentro Familiar de Pentecost\u00e9s. \u00a0 \u00a0 \u00a0Hacemos extensible la invitaci\u00f3n para que usted y su familia puedan participar de esta actividad planificada por el Equipo de Pastoral.<\/div>\n<div>\u00a0 Las clases de ma\u00f1ana viernes se desarrollar\u00e1n de forma normal.<\/div>\n<div><\/div>\n<div><b>\u00a0 \u00a0 \u00a0 \u00a0 \u00a0 \u00a0 \u00a0LA DIRECCI\u00d3N<\/b><\/div>\n","protected":false},"excerpt":{"rendered":"<p>Se informa a la Comunidad Educativa que para ma\u00f1ana viernes 24 de mayo de 2024se suspender\u00e1 la ACADEMIA DE ROSITAS debido a que durante la tarde se preparar\u00e1n las dependencias del Colegio para el Encuentro Familiar de Pentecost\u00e9s. \u00a0 \u00a0 \u00a0Hacemos extensible la invitaci\u00f3n para que usted y su familia puedan participar de esta actividad <a class=\"read-more\" href=\"https:\/\/www.cisa-arica.cl\/wp1\/2024\/05\/23\/suspension-de-academias-viernes-24-05\/\">Continuar leyendo<\/a><\/p>\n","protected":false},"author":5,"featured_media":24888,"comment_status":"closed","ping_status":"open","sticky":false,"template":"","format":"standard","meta":{"_jetpack_memberships_contains_paid_content":false,"footnotes":"","jetpack_publicize_message":"","jetpack_publicize_feature_enabled":true,"jetpack_social_post_already_shared":true,"jetpack_social_options":{"image_generator_settings":{"template":"highway","default_image_id":0,"font":"","enabled":false},"version":2}},"categories":[5],"tags":[],"class_list":["post-25630","post","type-post","status-publish","format-standard","has-post-thumbnail","hentry","category-uncategorized"],"jetpack_publicize_connections":[],"jetpack_featured_media_url":"https:\/\/www.cisa-arica.cl\/wp1\/wp-content\/uploads\/2024\/04\/IMG_9576-scaled.jpg","jetpack_sharing_enabled":true,"jetpack_shortlink":"https:\/\/wp.me\/p84wcz-6Fo","jetpack-related-posts":[{"id":20929,"url":"https:\/\/www.cisa-arica.cl\/wp1\/2023\/06\/15\/clases-normales-viernes-16-06\/","url_meta":{"origin":25630,"position":0},"title":"CLASES NORMALES VIERNES 16-06","author":"Jeannette Rivera","date":"15 de Junio de 2023","format":false,"excerpt":"Estimados padres y apoderados: La siguiente informaci\u00f3n fue enviada a los correos institucionales de las estudiantes, en donde se corrobora que ma\u00f1ana viernes 16 las CLASES SON TOTALMENTE NORMALES.","rel":"","context":"Entrada similar ","block_context":{"text":"Entrada similar ","link":""},"img":{"alt_text":"","src":"https:\/\/i0.wp.com\/www.cisa-arica.cl\/wp1\/wp-content\/uploads\/2023\/06\/18E83285-8D05-412B-A291-62DBB69BE48A.jpeg?resize=350%2C200&ssl=1","width":350,"height":200,"srcset":"https:\/\/i0.wp.com\/www.cisa-arica.cl\/wp1\/wp-content\/uploads\/2023\/06\/18E83285-8D05-412B-A291-62DBB69BE48A.jpeg?resize=350%2C200&ssl=1 1x, https:\/\/i0.wp.com\/www.cisa-arica.cl\/wp1\/wp-content\/uploads\/2023\/06\/18E83285-8D05-412B-A291-62DBB69BE48A.jpeg?resize=525%2C300&ssl=1 1.5x, https:\/\/i0.wp.com\/www.cisa-arica.cl\/wp1\/wp-content\/uploads\/2023\/06\/18E83285-8D05-412B-A291-62DBB69BE48A.jpeg?resize=700%2C400&ssl=1 2x"},"classes":[]},{"id":11618,"url":"https:\/\/www.cisa-arica.cl\/wp1\/2020\/10\/15\/viernes-16-de-octubre-cambio-de-actividades-sin-estudiantes\/","url_meta":{"origin":25630,"position":1},"title":"Viernes 16 de Octubre, cambio de actividades sin estudiantes.","author":"CISA","date":"15 de Octubre de 2020","format":false,"excerpt":"Estimada familia Santa Ana:Junto con saludarlos, informamos a Ustedes que ma\u00f1ana viernes 16 de Octubre, por motivo del d\u00eda del profesor(a) se realizar\u00e1n cambios de actividades SIN alumnas, por lo que no se realizar\u00e1n clases virtuales.Agradeciendo su comprensi\u00f3nEquipo Directivo","rel":"","context":"Entrada similar ","block_context":{"text":"Entrada similar ","link":""},"img":{"alt_text":"","src":"https:\/\/i0.wp.com\/www.cisa-arica.cl\/wp1\/wp-content\/uploads\/2020\/10\/e7aa8612-79f1-4fb2-a4b6-85591edda3f6-1.png?resize=350%2C200&ssl=1","width":350,"height":200},"classes":[]},{"id":28021,"url":"https:\/\/www.cisa-arica.cl\/wp1\/2025\/03\/20\/dia-sindrome-de-down\/","url_meta":{"origin":25630,"position":2},"title":"D\u00eda Mundial S\u00edndrome de Down","author":"Jeannette Rivera","date":"20 de Marzo de 2025","format":false,"excerpt":"Todos nos sumamos para decir que en la diferencia somos iguales. Ma\u00f1ana viernes 21 asiste con buzo y con medias de diferente color para ser parte de la campa\u00f1a. \u00a0","rel":"","context":"Entrada similar ","block_context":{"text":"Entrada similar ","link":""},"img":{"alt_text":"","src":"https:\/\/i0.wp.com\/www.cisa-arica.cl\/wp1\/wp-content\/uploads\/2025\/03\/IMG_3738.jpeg?resize=350%2C200&ssl=1","width":350,"height":200,"srcset":"https:\/\/i0.wp.com\/www.cisa-arica.cl\/wp1\/wp-content\/uploads\/2025\/03\/IMG_3738.jpeg?resize=350%2C200&ssl=1 1x, https:\/\/i0.wp.com\/www.cisa-arica.cl\/wp1\/wp-content\/uploads\/2025\/03\/IMG_3738.jpeg?resize=525%2C300&ssl=1 1.5x, https:\/\/i0.wp.com\/www.cisa-arica.cl\/wp1\/wp-content\/uploads\/2025\/03\/IMG_3738.jpeg?resize=700%2C400&ssl=1 2x"},"classes":[]},{"id":18424,"url":"https:\/\/www.cisa-arica.cl\/wp1\/2022\/11\/24\/suspension-de-clases\/","url_meta":{"origin":25630,"position":3},"title":"Suspensi\u00f3n de Clases","author":"Jeannette Rivera","date":"24 de Noviembre de 2022","format":false,"excerpt":"Estimados padres y apoderados: Las clases de ma\u00f1ana viernes 25 se suspenden debido a que se trabajar\u00e1 en la instalaci\u00f3n del ascensor. El d\u00eda lunes 28 las clases se retomar\u00e1n en su horario normal. La Direcci\u00f3n","rel":"","context":"Entrada similar ","block_context":{"text":"Entrada similar ","link":""},"img":{"alt_text":"","src":"https:\/\/i0.wp.com\/www.cisa-arica.cl\/wp1\/wp-content\/uploads\/2022\/11\/D017EEF1-E213-424B-BE0A-922DEC11EEBB.jpeg?resize=350%2C200&ssl=1","width":350,"height":200,"srcset":"https:\/\/i0.wp.com\/www.cisa-arica.cl\/wp1\/wp-content\/uploads\/2022\/11\/D017EEF1-E213-424B-BE0A-922DEC11EEBB.jpeg?resize=350%2C200&ssl=1 1x, https:\/\/i0.wp.com\/www.cisa-arica.cl\/wp1\/wp-content\/uploads\/2022\/11\/D017EEF1-E213-424B-BE0A-922DEC11EEBB.jpeg?resize=525%2C300&ssl=1 1.5x, https:\/\/i0.wp.com\/www.cisa-arica.cl\/wp1\/wp-content\/uploads\/2022\/11\/D017EEF1-E213-424B-BE0A-922DEC11EEBB.jpeg?resize=700%2C400&ssl=1 2x"},"classes":[]},{"id":16057,"url":"https:\/\/www.cisa-arica.cl\/wp1\/2022\/06\/02\/continua-proceso-de-vacunacion-en-el-colegio\/","url_meta":{"origin":25630,"position":4},"title":"Continua Proceso de Vacunaci\u00f3n en el colegio","author":"Jeannette Rivera","date":"2 de Junio de 2022","format":false,"excerpt":"Se informa a los padres y apoderados, que ma\u00f1ana viernes 03 se Junio,\u00a0 se continuar\u00e1 con el proceso de vacunaci\u00f3n, el cual estar\u00e1 dirigido a las estudiantes de 7\u00b0 y 8\u00b0 a\u00f1os b\u00e1sicos con la inoculaci\u00f3n\u00a0 de Covid . Adem\u00e1s se incluir\u00e1n a las estudiantes rezagadas de los cursos menores.\u2026","rel":"","context":"Entrada similar ","block_context":{"text":"Entrada similar ","link":""},"img":{"alt_text":"","src":"https:\/\/i0.wp.com\/www.cisa-arica.cl\/wp1\/wp-content\/uploads\/2022\/06\/WhatsApp-Image-2022-06-02-at-4.23.03-PM.jpeg?resize=350%2C200&ssl=1","width":350,"height":200,"srcset":"https:\/\/i0.wp.com\/www.cisa-arica.cl\/wp1\/wp-content\/uploads\/2022\/06\/WhatsApp-Image-2022-06-02-at-4.23.03-PM.jpeg?resize=350%2C200&ssl=1 1x, https:\/\/i0.wp.com\/www.cisa-arica.cl\/wp1\/wp-content\/uploads\/2022\/06\/WhatsApp-Image-2022-06-02-at-4.23.03-PM.jpeg?resize=525%2C300&ssl=1 1.5x, https:\/\/i0.wp.com\/www.cisa-arica.cl\/wp1\/wp-content\/uploads\/2022\/06\/WhatsApp-Image-2022-06-02-at-4.23.03-PM.jpeg?resize=700%2C400&ssl=1 2x"},"classes":[]},{"id":10367,"url":"https:\/\/www.cisa-arica.cl\/wp1\/2020\/03\/26\/segunda-entrega-de-canastas-junaeb\/","url_meta":{"origin":25630,"position":5},"title":"Segunda entrega de canastas JUNAEB","author":"Jeannette Rivera","date":"26 de Marzo de 2020","format":false,"excerpt":"Estimados Padres y Apoderados: Esperando que se encuentren bien, informamos que ma\u00f1ana Viernes 27 de marzo ser\u00e1 el \u00faltimo plazo para retirar su canasta JUNAEB, desde las 8:00 hasta las 10:00 de la ma\u00f1ana, si no llega en ese per\u00edodo de tiempo, su beneficio ser\u00e1 entregado a otra estudiante. Reiteramos\u2026","rel":"","context":"Entrada similar ","block_context":{"text":"Entrada similar ","link":""},"img":{"alt_text":"","src":"https:\/\/i0.wp.com\/www.cisa-arica.cl\/wp1\/wp-content\/uploads\/2019\/04\/cropped-LOGO_CISA_chico-2-e1557940881746.png?resize=350%2C200&ssl=1","width":350,"height":200},"classes":[]}],"_links":{"self":[{"href":"https:\/\/www.cisa-arica.cl\/wp1\/wp-json\/wp\/v2\/posts\/25630","targetHints":{"allow":["GET"]}}],"collection":[{"href":"https:\/\/www.cisa-arica.cl\/wp1\/wp-json\/wp\/v2\/posts"}],"about":[{"href":"https:\/\/www.cisa-arica.cl\/wp1\/wp-json\/wp\/v2\/types\/post"}],"author":[{"embeddable":true,"href":"https:\/\/www.cisa-arica.cl\/wp1\/wp-json\/wp\/v2\/users\/5"}],"replies":[{"embeddable":true,"href":"https:\/\/www.cisa-arica.cl\/wp1\/wp-json\/wp\/v2\/comments?post=25630"}],"version-history":[{"count":1,"href":"https:\/\/www.cisa-arica.cl\/wp1\/wp-json\/wp\/v2\/posts\/25630\/revisions"}],"predecessor-version":[{"id":25631,"href":"https:\/\/www.cisa-arica.cl\/wp1\/wp-json\/wp\/v2\/posts\/25630\/revisions\/25631"}],"wp:featuredmedia":[{"embeddable":true,"href":"https:\/\/www.cisa-arica.cl\/wp1\/wp-json\/wp\/v2\/media\/24888"}],"wp:attachment":[{"href":"https:\/\/www.cisa-arica.cl\/wp1\/wp-json\/wp\/v2\/media?parent=25630"}],"wp:term":[{"taxonomy":"category","embeddable":true,"href":"https:\/\/www.cisa-arica.cl\/wp1\/wp-json\/wp\/v2\/categories?post=25630"},{"taxonomy":"post_tag","embeddable":true,"href":"https:\/\/www.cisa-arica.cl\/wp1\/wp-json\/wp\/v2\/tags?post=25630"}],"curies":[{"name":"wp","href":"https:\/\/api.w.org\/{rel}","templated":true}]}}