{"id":25598,"date":"2024-05-17T14:26:09","date_gmt":"2024-05-17T18:26:09","guid":{"rendered":"https:\/\/www.cisa-arica.cl\/wp1\/?p=25598"},"modified":"2024-05-17T14:26:09","modified_gmt":"2024-05-17T18:26:09","slug":"encuentro-familiar-pentecostes","status":"publish","type":"post","link":"https:\/\/www.cisa-arica.cl\/wp1\/2024\/05\/17\/encuentro-familiar-pentecostes\/","title":{"rendered":"Encuentro Familiar Pentecost\u00e9s"},"content":{"rendered":"<p>Se invita a toda la Comunidad Educativa a un hermoso encuentro familiar\u00a0 para esperar la venida del Esp\u00edritu Santo o Pentecost\u00e9s. La actividad se realizar\u00e1 el pr\u00f3ximo viernes 24 de mayo desde las 18 a 20 horas ingresando por por Sotomayor.<\/p>\n<p>Los esperamos con el coraz\u00f3n abierto de alegr\u00eda y esperanza.<\/p>\n<p>Equipo Pastoral<\/p>\n","protected":false},"excerpt":{"rendered":"<p>Se invita a toda la Comunidad Educativa a un hermoso encuentro familiar\u00a0 para esperar la venida del Esp\u00edritu Santo o Pentecost\u00e9s. La actividad se realizar\u00e1 el pr\u00f3ximo viernes 24 de mayo desde las 18 a 20 horas ingresando por por Sotomayor. Los esperamos con el coraz\u00f3n abierto de alegr\u00eda y esperanza. Equipo Pastoral<\/p>\n","protected":false},"author":5,"featured_media":25599,"comment_status":"closed","ping_status":"open","sticky":false,"template":"","format":"standard","meta":{"_jetpack_memberships_contains_paid_content":false,"footnotes":"","jetpack_publicize_message":"","jetpack_publicize_feature_enabled":true,"jetpack_social_post_already_shared":true,"jetpack_social_options":{"image_generator_settings":{"template":"highway","default_image_id":0,"font":"","enabled":false},"version":2}},"categories":[5],"tags":[],"class_list":["post-25598","post","type-post","status-publish","format-standard","has-post-thumbnail","hentry","category-uncategorized"],"jetpack_publicize_connections":[],"jetpack_featured_media_url":"https:\/\/www.cisa-arica.cl\/wp1\/wp-content\/uploads\/2024\/05\/WhatsApp-Image-2024-05-17-at-14.21.18.jpeg","jetpack_sharing_enabled":true,"jetpack_shortlink":"https:\/\/wp.me\/p84wcz-6ES","jetpack-related-posts":[{"id":25634,"url":"https:\/\/www.cisa-arica.cl\/wp1\/2024\/05\/25\/encuentro-familiar-de-pentecostes\/","url_meta":{"origin":25598,"position":0},"title":"Encuentro Familiar de Pentecost\u00e9s","author":"Jeannette Rivera","date":"25 de Mayo de 2024","format":false,"excerpt":"El pasado viernes 24 de mayo se realiz\u00f3 la actividad familiar de Pentecost\u00e9s en el patio Esperanza de nuestro colegio. Fue un hermoso encuentro en donde participaron familias que recibieron el llamado del Esp\u00edritu Santo.","rel":"","context":"Entrada similar ","block_context":{"text":"Entrada similar ","link":""},"img":{"alt_text":"","src":"https:\/\/i0.wp.com\/www.cisa-arica.cl\/wp1\/wp-content\/uploads\/2024\/05\/IMG_0164-scaled.jpeg?resize=350%2C200&ssl=1","width":350,"height":200,"srcset":"https:\/\/i0.wp.com\/www.cisa-arica.cl\/wp1\/wp-content\/uploads\/2024\/05\/IMG_0164-scaled.jpeg?resize=350%2C200&ssl=1 1x, https:\/\/i0.wp.com\/www.cisa-arica.cl\/wp1\/wp-content\/uploads\/2024\/05\/IMG_0164-scaled.jpeg?resize=525%2C300&ssl=1 1.5x, https:\/\/i0.wp.com\/www.cisa-arica.cl\/wp1\/wp-content\/uploads\/2024\/05\/IMG_0164-scaled.jpeg?resize=700%2C400&ssl=1 2x, https:\/\/i0.wp.com\/www.cisa-arica.cl\/wp1\/wp-content\/uploads\/2024\/05\/IMG_0164-scaled.jpeg?resize=1050%2C600&ssl=1 3x, https:\/\/i0.wp.com\/www.cisa-arica.cl\/wp1\/wp-content\/uploads\/2024\/05\/IMG_0164-scaled.jpeg?resize=1400%2C800&ssl=1 4x"},"classes":[]},{"id":20501,"url":"https:\/\/www.cisa-arica.cl\/wp1\/2023\/05\/19\/invitacion-a-celebracion-de-pentecostes\/","url_meta":{"origin":25598,"position":1},"title":"Invitaci\u00f3n a celebraci\u00f3n de Pentecost\u00e9s","author":"Jeannette Rivera","date":"19 de Mayo de 2023","format":false,"excerpt":"Estimadas Familias del Colegio Italiano Santa Ana: Con alegr\u00eda la pastoral de nuestro colegio les invita a un encuentro familiar para celebrar la venida del Esp\u00edritu Santo.\u00a0 La actividad se realizar\u00e1 el viernes 26 de mayo en el patio Esperanza desde las 18:30 a 20:00 horas. Los esperamos \u2764\ufe0f","rel":"","context":"Entrada similar ","block_context":{"text":"Entrada similar ","link":""},"img":{"alt_text":"","src":"https:\/\/i0.wp.com\/www.cisa-arica.cl\/wp1\/wp-content\/uploads\/2023\/05\/WhatsApp-Image-2023-05-17-at-14.43.49.jpeg?resize=350%2C200&ssl=1","width":350,"height":200,"srcset":"https:\/\/i0.wp.com\/www.cisa-arica.cl\/wp1\/wp-content\/uploads\/2023\/05\/WhatsApp-Image-2023-05-17-at-14.43.49.jpeg?resize=350%2C200&ssl=1 1x, https:\/\/i0.wp.com\/www.cisa-arica.cl\/wp1\/wp-content\/uploads\/2023\/05\/WhatsApp-Image-2023-05-17-at-14.43.49.jpeg?resize=525%2C300&ssl=1 1.5x, https:\/\/i0.wp.com\/www.cisa-arica.cl\/wp1\/wp-content\/uploads\/2023\/05\/WhatsApp-Image-2023-05-17-at-14.43.49.jpeg?resize=700%2C400&ssl=1 2x"},"classes":[]},{"id":28466,"url":"https:\/\/www.cisa-arica.cl\/wp1\/2025\/06\/11\/invitacion-a-vivir-pentecostes-en-familia\/","url_meta":{"origin":25598,"position":2},"title":"Invitaci\u00f3n a vivir Pentecost\u00e9s en familia","author":"Jeannette Rivera","date":"11 de Junio de 2025","format":false,"excerpt":"Estimada Comunidad: Con cari\u00f1o se invita a todos los miembros de la Comunidad Educativa a vivir\u00a0 juntos el encuentro de Pentecost\u00e9s y recibir la bendici\u00f3n del Esp\u00edritu Santo de Dios. Esperamos a todas las familias de nuestro Colegio para el d\u00eda VIERNES 13 DE JUNIO DE 18.00 A 20.00 HRS.\u00a0en\u2026","rel":"","context":"Entrada similar ","block_context":{"text":"Entrada similar ","link":""},"img":{"alt_text":"","src":"https:\/\/i0.wp.com\/www.cisa-arica.cl\/wp1\/wp-content\/uploads\/2025\/06\/Imagen-de-WhatsApp-2025-06-09-a-las-11.37.41_08f6e34a.jpg?resize=350%2C200&ssl=1","width":350,"height":200,"srcset":"https:\/\/i0.wp.com\/www.cisa-arica.cl\/wp1\/wp-content\/uploads\/2025\/06\/Imagen-de-WhatsApp-2025-06-09-a-las-11.37.41_08f6e34a.jpg?resize=350%2C200&ssl=1 1x, https:\/\/i0.wp.com\/www.cisa-arica.cl\/wp1\/wp-content\/uploads\/2025\/06\/Imagen-de-WhatsApp-2025-06-09-a-las-11.37.41_08f6e34a.jpg?resize=525%2C300&ssl=1 1.5x, https:\/\/i0.wp.com\/www.cisa-arica.cl\/wp1\/wp-content\/uploads\/2025\/06\/Imagen-de-WhatsApp-2025-06-09-a-las-11.37.41_08f6e34a.jpg?resize=700%2C400&ssl=1 2x, https:\/\/i0.wp.com\/www.cisa-arica.cl\/wp1\/wp-content\/uploads\/2025\/06\/Imagen-de-WhatsApp-2025-06-09-a-las-11.37.41_08f6e34a.jpg?resize=1050%2C600&ssl=1 3x"},"classes":[]},{"id":25630,"url":"https:\/\/www.cisa-arica.cl\/wp1\/2024\/05\/23\/suspension-de-academias-viernes-24-05\/","url_meta":{"origin":25598,"position":3},"title":"Suspensi\u00f3n de Academias Viernes 24-05","author":"Jeannette Rivera","date":"23 de Mayo de 2024","format":false,"excerpt":"Se informa a la Comunidad Educativa que para ma\u00f1ana viernes 24 de mayo de 2024se suspender\u00e1 la ACADEMIA DE ROSITAS debido a que durante la tarde se preparar\u00e1n las dependencias del Colegio para el Encuentro Familiar de Pentecost\u00e9s. \u00a0 \u00a0 \u00a0Hacemos extensible la invitaci\u00f3n para que usted y su familia\u2026","rel":"","context":"Entrada similar ","block_context":{"text":"Entrada similar ","link":""},"img":{"alt_text":"","src":"https:\/\/i0.wp.com\/www.cisa-arica.cl\/wp1\/wp-content\/uploads\/2024\/04\/IMG_9576-scaled.jpg?resize=350%2C200&ssl=1","width":350,"height":200,"srcset":"https:\/\/i0.wp.com\/www.cisa-arica.cl\/wp1\/wp-content\/uploads\/2024\/04\/IMG_9576-scaled.jpg?resize=350%2C200&ssl=1 1x, https:\/\/i0.wp.com\/www.cisa-arica.cl\/wp1\/wp-content\/uploads\/2024\/04\/IMG_9576-scaled.jpg?resize=525%2C300&ssl=1 1.5x, https:\/\/i0.wp.com\/www.cisa-arica.cl\/wp1\/wp-content\/uploads\/2024\/04\/IMG_9576-scaled.jpg?resize=700%2C400&ssl=1 2x, https:\/\/i0.wp.com\/www.cisa-arica.cl\/wp1\/wp-content\/uploads\/2024\/04\/IMG_9576-scaled.jpg?resize=1050%2C600&ssl=1 3x, https:\/\/i0.wp.com\/www.cisa-arica.cl\/wp1\/wp-content\/uploads\/2024\/04\/IMG_9576-scaled.jpg?resize=1400%2C800&ssl=1 4x"},"classes":[]},{"id":20654,"url":"https:\/\/www.cisa-arica.cl\/wp1\/2023\/06\/03\/celebracion-de-pentecostes\/","url_meta":{"origin":25598,"position":4},"title":"Celebraci\u00f3n de Pentecost\u00e9s","author":"Jeannette Rivera","date":"3 de Junio de 2023","format":false,"excerpt":"Pentecost\u00e9s es la Celebraci\u00f3n de la llegada del Esp\u00edritu Santo quien nos entrega sus dones para hacerlos parte de nuestra vida. Esta celebraci\u00f3n estuvo a cargo de la Pastoral Cisa y se realiz\u00f3 ayer viernes desde la 18:00 horas en el patio Esperanza, donde asistieron varias familias de nuestra comunidad.","rel":"","context":"Entrada similar ","block_context":{"text":"Entrada similar ","link":""},"img":{"alt_text":"","src":"https:\/\/i0.wp.com\/www.cisa-arica.cl\/wp1\/wp-content\/uploads\/2023\/06\/89A6DA98-1765-471D-B869-A17A4607CCBD.jpeg?resize=350%2C200&ssl=1","width":350,"height":200,"srcset":"https:\/\/i0.wp.com\/www.cisa-arica.cl\/wp1\/wp-content\/uploads\/2023\/06\/89A6DA98-1765-471D-B869-A17A4607CCBD.jpeg?resize=350%2C200&ssl=1 1x, https:\/\/i0.wp.com\/www.cisa-arica.cl\/wp1\/wp-content\/uploads\/2023\/06\/89A6DA98-1765-471D-B869-A17A4607CCBD.jpeg?resize=525%2C300&ssl=1 1.5x, https:\/\/i0.wp.com\/www.cisa-arica.cl\/wp1\/wp-content\/uploads\/2023\/06\/89A6DA98-1765-471D-B869-A17A4607CCBD.jpeg?resize=700%2C400&ssl=1 2x, https:\/\/i0.wp.com\/www.cisa-arica.cl\/wp1\/wp-content\/uploads\/2023\/06\/89A6DA98-1765-471D-B869-A17A4607CCBD.jpeg?resize=1050%2C600&ssl=1 3x, https:\/\/i0.wp.com\/www.cisa-arica.cl\/wp1\/wp-content\/uploads\/2023\/06\/89A6DA98-1765-471D-B869-A17A4607CCBD.jpeg?resize=1400%2C800&ssl=1 4x"},"classes":[]},{"id":12568,"url":"https:\/\/www.cisa-arica.cl\/wp1\/2021\/05\/24\/feliz-fiesta-de-pentecostes\/","url_meta":{"origin":25598,"position":5},"title":"Feliz Fiesta de Pentecost\u00e9s","author":"Jeannette Rivera","date":"24 de Mayo de 2021","format":false,"excerpt":"Estimada Comunidad Educativa: Hoy como Iglesia celebramos la Venida del Esp\u00edritu Santo, tercera persona de la Sant\u00edsima Trinidad. Amor del Padre y del Hijo derramado a la humanidad. Que el Esp\u00edritu Santo nos colme con sus dones y llene de fortaleza principalmente a las familias que estan pasando por momentos\u2026","rel":"","context":"En &quot;Pastoral&quot;","block_context":{"text":"Pastoral","link":"https:\/\/www.cisa-arica.cl\/wp1\/category\/pastoral\/"},"img":{"alt_text":"","src":"https:\/\/i0.wp.com\/www.cisa-arica.cl\/wp1\/wp-content\/uploads\/2021\/05\/IMG-20210523-WA0001.jpg?resize=350%2C200&ssl=1","width":350,"height":200,"srcset":"https:\/\/i0.wp.com\/www.cisa-arica.cl\/wp1\/wp-content\/uploads\/2021\/05\/IMG-20210523-WA0001.jpg?resize=350%2C200&ssl=1 1x, https:\/\/i0.wp.com\/www.cisa-arica.cl\/wp1\/wp-content\/uploads\/2021\/05\/IMG-20210523-WA0001.jpg?resize=525%2C300&ssl=1 1.5x"},"classes":[]}],"_links":{"self":[{"href":"https:\/\/www.cisa-arica.cl\/wp1\/wp-json\/wp\/v2\/posts\/25598","targetHints":{"allow":["GET"]}}],"collection":[{"href":"https:\/\/www.cisa-arica.cl\/wp1\/wp-json\/wp\/v2\/posts"}],"about":[{"href":"https:\/\/www.cisa-arica.cl\/wp1\/wp-json\/wp\/v2\/types\/post"}],"author":[{"embeddable":true,"href":"https:\/\/www.cisa-arica.cl\/wp1\/wp-json\/wp\/v2\/users\/5"}],"replies":[{"embeddable":true,"href":"https:\/\/www.cisa-arica.cl\/wp1\/wp-json\/wp\/v2\/comments?post=25598"}],"version-history":[{"count":1,"href":"https:\/\/www.cisa-arica.cl\/wp1\/wp-json\/wp\/v2\/posts\/25598\/revisions"}],"predecessor-version":[{"id":25600,"href":"https:\/\/www.cisa-arica.cl\/wp1\/wp-json\/wp\/v2\/posts\/25598\/revisions\/25600"}],"wp:featuredmedia":[{"embeddable":true,"href":"https:\/\/www.cisa-arica.cl\/wp1\/wp-json\/wp\/v2\/media\/25599"}],"wp:attachment":[{"href":"https:\/\/www.cisa-arica.cl\/wp1\/wp-json\/wp\/v2\/media?parent=25598"}],"wp:term":[{"taxonomy":"category","embeddable":true,"href":"https:\/\/www.cisa-arica.cl\/wp1\/wp-json\/wp\/v2\/categories?post=25598"},{"taxonomy":"post_tag","embeddable":true,"href":"https:\/\/www.cisa-arica.cl\/wp1\/wp-json\/wp\/v2\/tags?post=25598"}],"curies":[{"name":"wp","href":"https:\/\/api.w.org\/{rel}","templated":true}]}}