{"id":25560,"date":"2024-05-17T14:19:03","date_gmt":"2024-05-17T18:19:03","guid":{"rendered":"https:\/\/www.cisa-arica.cl\/wp1\/?p=25560"},"modified":"2024-05-17T14:19:05","modified_gmt":"2024-05-17T18:19:05","slug":"desfile-escolar-glorias-navales","status":"publish","type":"post","link":"https:\/\/www.cisa-arica.cl\/wp1\/2024\/05\/17\/desfile-escolar-glorias-navales\/","title":{"rendered":"Desfile Escolar Glorias Navales"},"content":{"rendered":"<p>Con una destacada participaci\u00f3n las estudiantes de ambos Cuartos Medios junto a sus profesoras Begonia Vega y Raquel \u00c1lvarez y Hermana Mar\u00eda Isabel Poma, se presentaron en el desfile escolar de este mi\u00e9rcoles 14 en honor a las Glorias Navales. El evento se desarrollo en la P\u00e9rgola de las Flores frente a la Gobernaci\u00f3n Mar\u00edtima.<\/p>\n<p>\u00a0<\/p>\n\n\n<div class=\"wp-block-jetpack-tiled-gallery aligncenter is-style-rectangular\"><div class=\"tiled-gallery__gallery\"><div class=\"tiled-gallery__row\"><div class=\"tiled-gallery__col\" style=\"flex-basis:44.46414%\"><figure class=\"tiled-gallery__item\"><img decoding=\"async\" data-attachment-id=\"25562\" data-permalink=\"https:\/\/www.cisa-arica.cl\/wp1\/2024\/05\/17\/desfile-escolar-glorias-navales\/whatsapp-image-2024-05-16-at-12-23-03\/\" data-orig-file=\"https:\/\/www.cisa-arica.cl\/wp1\/wp-content\/uploads\/2024\/05\/WhatsApp-Image-2024-05-16-at-12.23.03.jpeg\" data-orig-size=\"1280,720\" data-comments-opened=\"0\" data-image-meta=\"{&quot;aperture&quot;:&quot;0&quot;,&quot;credit&quot;:&quot;&quot;,&quot;camera&quot;:&quot;&quot;,&quot;caption&quot;:&quot;&quot;,&quot;created_timestamp&quot;:&quot;0&quot;,&quot;copyright&quot;:&quot;&quot;,&quot;focal_length&quot;:&quot;0&quot;,&quot;iso&quot;:&quot;0&quot;,&quot;shutter_speed&quot;:&quot;0&quot;,&quot;title&quot;:&quot;&quot;,&quot;orientation&quot;:&quot;0&quot;}\" data-image-title=\"WhatsApp-Image-2024-05-16-at-12.23.03\" data-image-description=\"\" data-image-caption=\"\" data-large-file=\"https:\/\/www.cisa-arica.cl\/wp1\/wp-content\/uploads\/2024\/05\/WhatsApp-Image-2024-05-16-at-12.23.03-600x338.jpeg\" data-attachment-id=\"25562\" data-permalink=\"https:\/\/www.cisa-arica.cl\/wp1\/2024\/05\/17\/desfile-escolar-glorias-navales\/whatsapp-image-2024-05-16-at-12-23-03\/\" data-orig-file=\"https:\/\/www.cisa-arica.cl\/wp1\/wp-content\/uploads\/2024\/05\/WhatsApp-Image-2024-05-16-at-12.23.03.jpeg\" data-orig-size=\"1280,720\" data-comments-opened=\"0\" data-image-meta=\"{&quot;aperture&quot;:&quot;0&quot;,&quot;credit&quot;:&quot;&quot;,&quot;camera&quot;:&quot;&quot;,&quot;caption&quot;:&quot;&quot;,&quot;created_timestamp&quot;:&quot;0&quot;,&quot;copyright&quot;:&quot;&quot;,&quot;focal_length&quot;:&quot;0&quot;,&quot;iso&quot;:&quot;0&quot;,&quot;shutter_speed&quot;:&quot;0&quot;,&quot;title&quot;:&quot;&quot;,&quot;orientation&quot;:&quot;0&quot;}\" data-image-title=\"WhatsApp-Image-2024-05-16-at-12.23.03\" data-image-description=\"\" data-image-caption=\"\" data-large-file=\"https:\/\/www.cisa-arica.cl\/wp1\/wp-content\/uploads\/2024\/05\/WhatsApp-Image-2024-05-16-at-12.23.03-600x338.jpeg\" role=\"button\" tabindex=\"0\" aria-label=\"Abrir la imagen 1 de 35 en pantalla completa\"srcset=\"https:\/\/i1.wp.com\/www.cisa-arica.cl\/wp1\/wp-content\/uploads\/2024\/05\/WhatsApp-Image-2024-05-16-at-12.23.03-600x338.jpeg?strip=info&#038;w=600&#038;ssl=1 600w,https:\/\/i1.wp.com\/www.cisa-arica.cl\/wp1\/wp-content\/uploads\/2024\/05\/WhatsApp-Image-2024-05-16-at-12.23.03-600x338.jpeg?strip=info&#038;w=900&#038;ssl=1 900w,https:\/\/i1.wp.com\/www.cisa-arica.cl\/wp1\/wp-content\/uploads\/2024\/05\/WhatsApp-Image-2024-05-16-at-12.23.03-600x338.jpeg?strip=info&#038;w=1200&#038;ssl=1 1200w,https:\/\/i1.wp.com\/www.cisa-arica.cl\/wp1\/wp-content\/uploads\/2024\/05\/WhatsApp-Image-2024-05-16-at-12.23.03-600x338.jpeg?strip=info&#038;w=1280&#038;ssl=1 1280w\" alt=\"\" data-height=\"720\" data-id=\"25562\" data-link=\"https:\/\/www.cisa-arica.cl\/wp1\/?attachment_id=25562\" data-url=\"https:\/\/www.cisa-arica.cl\/wp1\/wp-content\/uploads\/2024\/05\/WhatsApp-Image-2024-05-16-at-12.23.03-600x338.jpeg\" data-width=\"1280\" src=\"https:\/\/i1.wp.com\/www.cisa-arica.cl\/wp1\/wp-content\/uploads\/2024\/05\/WhatsApp-Image-2024-05-16-at-12.23.03-600x338.jpeg?ssl=1\" data-amp-layout=\"responsive\"\/><\/figure><\/div><div class=\"tiled-gallery__col\" style=\"flex-basis:55.53586%\"><figure class=\"tiled-gallery__item\"><img decoding=\"async\" data-attachment-id=\"25563\" data-permalink=\"https:\/\/www.cisa-arica.cl\/wp1\/2024\/05\/17\/desfile-escolar-glorias-navales\/whatsapp-image-2024-05-16-at-12-23-02\/\" data-orig-file=\"https:\/\/www.cisa-arica.cl\/wp1\/wp-content\/uploads\/2024\/05\/WhatsApp-Image-2024-05-16-at-12.23.02.jpeg\" data-orig-size=\"1280,576\" data-comments-opened=\"0\" data-image-meta=\"{&quot;aperture&quot;:&quot;0&quot;,&quot;credit&quot;:&quot;&quot;,&quot;camera&quot;:&quot;&quot;,&quot;caption&quot;:&quot;&quot;,&quot;created_timestamp&quot;:&quot;0&quot;,&quot;copyright&quot;:&quot;&quot;,&quot;focal_length&quot;:&quot;0&quot;,&quot;iso&quot;:&quot;0&quot;,&quot;shutter_speed&quot;:&quot;0&quot;,&quot;title&quot;:&quot;&quot;,&quot;orientation&quot;:&quot;0&quot;}\" data-image-title=\"WhatsApp-Image-2024-05-16-at-12.23.02\" data-image-description=\"\" data-image-caption=\"\" data-large-file=\"https:\/\/www.cisa-arica.cl\/wp1\/wp-content\/uploads\/2024\/05\/WhatsApp-Image-2024-05-16-at-12.23.02-600x270.jpeg\" data-attachment-id=\"25563\" data-permalink=\"https:\/\/www.cisa-arica.cl\/wp1\/2024\/05\/17\/desfile-escolar-glorias-navales\/whatsapp-image-2024-05-16-at-12-23-02\/\" data-orig-file=\"https:\/\/www.cisa-arica.cl\/wp1\/wp-content\/uploads\/2024\/05\/WhatsApp-Image-2024-05-16-at-12.23.02.jpeg\" data-orig-size=\"1280,576\" data-comments-opened=\"0\" data-image-meta=\"{&quot;aperture&quot;:&quot;0&quot;,&quot;credit&quot;:&quot;&quot;,&quot;camera&quot;:&quot;&quot;,&quot;caption&quot;:&quot;&quot;,&quot;created_timestamp&quot;:&quot;0&quot;,&quot;copyright&quot;:&quot;&quot;,&quot;focal_length&quot;:&quot;0&quot;,&quot;iso&quot;:&quot;0&quot;,&quot;shutter_speed&quot;:&quot;0&quot;,&quot;title&quot;:&quot;&quot;,&quot;orientation&quot;:&quot;0&quot;}\" data-image-title=\"WhatsApp-Image-2024-05-16-at-12.23.02\" data-image-description=\"\" data-image-caption=\"\" data-large-file=\"https:\/\/www.cisa-arica.cl\/wp1\/wp-content\/uploads\/2024\/05\/WhatsApp-Image-2024-05-16-at-12.23.02-600x270.jpeg\" role=\"button\" tabindex=\"0\" aria-label=\"Abrir la imagen 2 de 35 en pantalla completa\"srcset=\"https:\/\/i1.wp.com\/www.cisa-arica.cl\/wp1\/wp-content\/uploads\/2024\/05\/WhatsApp-Image-2024-05-16-at-12.23.02-600x270.jpeg?strip=info&#038;w=600&#038;ssl=1 600w,https:\/\/i1.wp.com\/www.cisa-arica.cl\/wp1\/wp-content\/uploads\/2024\/05\/WhatsApp-Image-2024-05-16-at-12.23.02-600x270.jpeg?strip=info&#038;w=900&#038;ssl=1 900w,https:\/\/i1.wp.com\/www.cisa-arica.cl\/wp1\/wp-content\/uploads\/2024\/05\/WhatsApp-Image-2024-05-16-at-12.23.02-600x270.jpeg?strip=info&#038;w=1200&#038;ssl=1 1200w,https:\/\/i1.wp.com\/www.cisa-arica.cl\/wp1\/wp-content\/uploads\/2024\/05\/WhatsApp-Image-2024-05-16-at-12.23.02-600x270.jpeg?strip=info&#038;w=1280&#038;ssl=1 1280w\" alt=\"\" data-height=\"576\" data-id=\"25563\" data-link=\"https:\/\/www.cisa-arica.cl\/wp1\/?attachment_id=25563\" data-url=\"https:\/\/www.cisa-arica.cl\/wp1\/wp-content\/uploads\/2024\/05\/WhatsApp-Image-2024-05-16-at-12.23.02-600x270.jpeg\" data-width=\"1280\" src=\"https:\/\/i1.wp.com\/www.cisa-arica.cl\/wp1\/wp-content\/uploads\/2024\/05\/WhatsApp-Image-2024-05-16-at-12.23.02-600x270.jpeg?ssl=1\" data-amp-layout=\"responsive\"\/><\/figure><\/div><\/div><div class=\"tiled-gallery__row\"><div class=\"tiled-gallery__col\" style=\"flex-basis:44.46414%\"><figure class=\"tiled-gallery__item\"><img decoding=\"async\" data-attachment-id=\"25564\" data-permalink=\"https:\/\/www.cisa-arica.cl\/wp1\/2024\/05\/17\/desfile-escolar-glorias-navales\/whatsapp-image-2024-05-16-at-12-23-02-9\/\" data-orig-file=\"https:\/\/www.cisa-arica.cl\/wp1\/wp-content\/uploads\/2024\/05\/WhatsApp-Image-2024-05-16-at-12.23.02-9.jpeg\" data-orig-size=\"1280,720\" data-comments-opened=\"0\" data-image-meta=\"{&quot;aperture&quot;:&quot;0&quot;,&quot;credit&quot;:&quot;&quot;,&quot;camera&quot;:&quot;&quot;,&quot;caption&quot;:&quot;&quot;,&quot;created_timestamp&quot;:&quot;0&quot;,&quot;copyright&quot;:&quot;&quot;,&quot;focal_length&quot;:&quot;0&quot;,&quot;iso&quot;:&quot;0&quot;,&quot;shutter_speed&quot;:&quot;0&quot;,&quot;title&quot;:&quot;&quot;,&quot;orientation&quot;:&quot;0&quot;}\" data-image-title=\"WhatsApp-Image-2024-05-16-at-12.23.02-9\" data-image-description=\"\" data-image-caption=\"\" data-large-file=\"https:\/\/www.cisa-arica.cl\/wp1\/wp-content\/uploads\/2024\/05\/WhatsApp-Image-2024-05-16-at-12.23.02-9-600x338.jpeg\" data-attachment-id=\"25564\" data-permalink=\"https:\/\/www.cisa-arica.cl\/wp1\/2024\/05\/17\/desfile-escolar-glorias-navales\/whatsapp-image-2024-05-16-at-12-23-02-9\/\" data-orig-file=\"https:\/\/www.cisa-arica.cl\/wp1\/wp-content\/uploads\/2024\/05\/WhatsApp-Image-2024-05-16-at-12.23.02-9.jpeg\" data-orig-size=\"1280,720\" data-comments-opened=\"0\" data-image-meta=\"{&quot;aperture&quot;:&quot;0&quot;,&quot;credit&quot;:&quot;&quot;,&quot;camera&quot;:&quot;&quot;,&quot;caption&quot;:&quot;&quot;,&quot;created_timestamp&quot;:&quot;0&quot;,&quot;copyright&quot;:&quot;&quot;,&quot;focal_length&quot;:&quot;0&quot;,&quot;iso&quot;:&quot;0&quot;,&quot;shutter_speed&quot;:&quot;0&quot;,&quot;title&quot;:&quot;&quot;,&quot;orientation&quot;:&quot;0&quot;}\" data-image-title=\"WhatsApp-Image-2024-05-16-at-12.23.02-9\" data-image-description=\"\" data-image-caption=\"\" data-large-file=\"https:\/\/www.cisa-arica.cl\/wp1\/wp-content\/uploads\/2024\/05\/WhatsApp-Image-2024-05-16-at-12.23.02-9-600x338.jpeg\" role=\"button\" tabindex=\"0\" aria-label=\"Abrir la imagen 3 de 35 en pantalla completa\"srcset=\"https:\/\/i1.wp.com\/www.cisa-arica.cl\/wp1\/wp-content\/uploads\/2024\/05\/WhatsApp-Image-2024-05-16-at-12.23.02-9-600x338.jpeg?strip=info&#038;w=600&#038;ssl=1 600w,https:\/\/i1.wp.com\/www.cisa-arica.cl\/wp1\/wp-content\/uploads\/2024\/05\/WhatsApp-Image-2024-05-16-at-12.23.02-9-600x338.jpeg?strip=info&#038;w=900&#038;ssl=1 900w,https:\/\/i1.wp.com\/www.cisa-arica.cl\/wp1\/wp-content\/uploads\/2024\/05\/WhatsApp-Image-2024-05-16-at-12.23.02-9-600x338.jpeg?strip=info&#038;w=1200&#038;ssl=1 1200w,https:\/\/i1.wp.com\/www.cisa-arica.cl\/wp1\/wp-content\/uploads\/2024\/05\/WhatsApp-Image-2024-05-16-at-12.23.02-9-600x338.jpeg?strip=info&#038;w=1280&#038;ssl=1 1280w\" alt=\"\" data-height=\"720\" data-id=\"25564\" data-link=\"https:\/\/www.cisa-arica.cl\/wp1\/?attachment_id=25564\" data-url=\"https:\/\/www.cisa-arica.cl\/wp1\/wp-content\/uploads\/2024\/05\/WhatsApp-Image-2024-05-16-at-12.23.02-9-600x338.jpeg\" data-width=\"1280\" src=\"https:\/\/i1.wp.com\/www.cisa-arica.cl\/wp1\/wp-content\/uploads\/2024\/05\/WhatsApp-Image-2024-05-16-at-12.23.02-9-600x338.jpeg?ssl=1\" data-amp-layout=\"responsive\"\/><\/figure><\/div><div class=\"tiled-gallery__col\" style=\"flex-basis:55.53586%\"><figure class=\"tiled-gallery__item\"><img decoding=\"async\" data-attachment-id=\"25565\" data-permalink=\"https:\/\/www.cisa-arica.cl\/wp1\/2024\/05\/17\/desfile-escolar-glorias-navales\/whatsapp-image-2024-05-16-at-12-23-02-8\/\" data-orig-file=\"https:\/\/www.cisa-arica.cl\/wp1\/wp-content\/uploads\/2024\/05\/WhatsApp-Image-2024-05-16-at-12.23.02-8.jpeg\" data-orig-size=\"1280,576\" data-comments-opened=\"0\" data-image-meta=\"{&quot;aperture&quot;:&quot;0&quot;,&quot;credit&quot;:&quot;&quot;,&quot;camera&quot;:&quot;&quot;,&quot;caption&quot;:&quot;&quot;,&quot;created_timestamp&quot;:&quot;0&quot;,&quot;copyright&quot;:&quot;&quot;,&quot;focal_length&quot;:&quot;0&quot;,&quot;iso&quot;:&quot;0&quot;,&quot;shutter_speed&quot;:&quot;0&quot;,&quot;title&quot;:&quot;&quot;,&quot;orientation&quot;:&quot;0&quot;}\" data-image-title=\"WhatsApp-Image-2024-05-16-at-12.23.02-8\" data-image-description=\"\" data-image-caption=\"\" data-large-file=\"https:\/\/www.cisa-arica.cl\/wp1\/wp-content\/uploads\/2024\/05\/WhatsApp-Image-2024-05-16-at-12.23.02-8-600x270.jpeg\" data-attachment-id=\"25565\" data-permalink=\"https:\/\/www.cisa-arica.cl\/wp1\/2024\/05\/17\/desfile-escolar-glorias-navales\/whatsapp-image-2024-05-16-at-12-23-02-8\/\" data-orig-file=\"https:\/\/www.cisa-arica.cl\/wp1\/wp-content\/uploads\/2024\/05\/WhatsApp-Image-2024-05-16-at-12.23.02-8.jpeg\" data-orig-size=\"1280,576\" data-comments-opened=\"0\" data-image-meta=\"{&quot;aperture&quot;:&quot;0&quot;,&quot;credit&quot;:&quot;&quot;,&quot;camera&quot;:&quot;&quot;,&quot;caption&quot;:&quot;&quot;,&quot;created_timestamp&quot;:&quot;0&quot;,&quot;copyright&quot;:&quot;&quot;,&quot;focal_length&quot;:&quot;0&quot;,&quot;iso&quot;:&quot;0&quot;,&quot;shutter_speed&quot;:&quot;0&quot;,&quot;title&quot;:&quot;&quot;,&quot;orientation&quot;:&quot;0&quot;}\" data-image-title=\"WhatsApp-Image-2024-05-16-at-12.23.02-8\" data-image-description=\"\" data-image-caption=\"\" data-large-file=\"https:\/\/www.cisa-arica.cl\/wp1\/wp-content\/uploads\/2024\/05\/WhatsApp-Image-2024-05-16-at-12.23.02-8-600x270.jpeg\" role=\"button\" tabindex=\"0\" aria-label=\"Abrir la imagen 4 de 35 en pantalla completa\"srcset=\"https:\/\/i0.wp.com\/www.cisa-arica.cl\/wp1\/wp-content\/uploads\/2024\/05\/WhatsApp-Image-2024-05-16-at-12.23.02-8-600x270.jpeg?strip=info&#038;w=600&#038;ssl=1 600w,https:\/\/i0.wp.com\/www.cisa-arica.cl\/wp1\/wp-content\/uploads\/2024\/05\/WhatsApp-Image-2024-05-16-at-12.23.02-8-600x270.jpeg?strip=info&#038;w=900&#038;ssl=1 900w,https:\/\/i0.wp.com\/www.cisa-arica.cl\/wp1\/wp-content\/uploads\/2024\/05\/WhatsApp-Image-2024-05-16-at-12.23.02-8-600x270.jpeg?strip=info&#038;w=1200&#038;ssl=1 1200w,https:\/\/i0.wp.com\/www.cisa-arica.cl\/wp1\/wp-content\/uploads\/2024\/05\/WhatsApp-Image-2024-05-16-at-12.23.02-8-600x270.jpeg?strip=info&#038;w=1280&#038;ssl=1 1280w\" alt=\"\" data-height=\"576\" data-id=\"25565\" data-link=\"https:\/\/www.cisa-arica.cl\/wp1\/?attachment_id=25565\" data-url=\"https:\/\/www.cisa-arica.cl\/wp1\/wp-content\/uploads\/2024\/05\/WhatsApp-Image-2024-05-16-at-12.23.02-8-600x270.jpeg\" data-width=\"1280\" src=\"https:\/\/i0.wp.com\/www.cisa-arica.cl\/wp1\/wp-content\/uploads\/2024\/05\/WhatsApp-Image-2024-05-16-at-12.23.02-8-600x270.jpeg?ssl=1\" data-amp-layout=\"responsive\"\/><\/figure><\/div><\/div><div class=\"tiled-gallery__row\"><div class=\"tiled-gallery__col\" style=\"flex-basis:100.00000%\"><figure class=\"tiled-gallery__item\"><img decoding=\"async\" data-attachment-id=\"25566\" data-permalink=\"https:\/\/www.cisa-arica.cl\/wp1\/2024\/05\/17\/desfile-escolar-glorias-navales\/whatsapp-image-2024-05-16-at-12-23-02-7\/\" data-orig-file=\"https:\/\/www.cisa-arica.cl\/wp1\/wp-content\/uploads\/2024\/05\/WhatsApp-Image-2024-05-16-at-12.23.02-7.jpeg\" data-orig-size=\"1280,576\" data-comments-opened=\"0\" data-image-meta=\"{&quot;aperture&quot;:&quot;0&quot;,&quot;credit&quot;:&quot;&quot;,&quot;camera&quot;:&quot;&quot;,&quot;caption&quot;:&quot;&quot;,&quot;created_timestamp&quot;:&quot;0&quot;,&quot;copyright&quot;:&quot;&quot;,&quot;focal_length&quot;:&quot;0&quot;,&quot;iso&quot;:&quot;0&quot;,&quot;shutter_speed&quot;:&quot;0&quot;,&quot;title&quot;:&quot;&quot;,&quot;orientation&quot;:&quot;0&quot;}\" data-image-title=\"WhatsApp-Image-2024-05-16-at-12.23.02-7\" data-image-description=\"\" data-image-caption=\"\" data-large-file=\"https:\/\/www.cisa-arica.cl\/wp1\/wp-content\/uploads\/2024\/05\/WhatsApp-Image-2024-05-16-at-12.23.02-7-600x270.jpeg\" data-attachment-id=\"25566\" data-permalink=\"https:\/\/www.cisa-arica.cl\/wp1\/2024\/05\/17\/desfile-escolar-glorias-navales\/whatsapp-image-2024-05-16-at-12-23-02-7\/\" data-orig-file=\"https:\/\/www.cisa-arica.cl\/wp1\/wp-content\/uploads\/2024\/05\/WhatsApp-Image-2024-05-16-at-12.23.02-7.jpeg\" data-orig-size=\"1280,576\" data-comments-opened=\"0\" data-image-meta=\"{&quot;aperture&quot;:&quot;0&quot;,&quot;credit&quot;:&quot;&quot;,&quot;camera&quot;:&quot;&quot;,&quot;caption&quot;:&quot;&quot;,&quot;created_timestamp&quot;:&quot;0&quot;,&quot;copyright&quot;:&quot;&quot;,&quot;focal_length&quot;:&quot;0&quot;,&quot;iso&quot;:&quot;0&quot;,&quot;shutter_speed&quot;:&quot;0&quot;,&quot;title&quot;:&quot;&quot;,&quot;orientation&quot;:&quot;0&quot;}\" data-image-title=\"WhatsApp-Image-2024-05-16-at-12.23.02-7\" data-image-description=\"\" data-image-caption=\"\" data-large-file=\"https:\/\/www.cisa-arica.cl\/wp1\/wp-content\/uploads\/2024\/05\/WhatsApp-Image-2024-05-16-at-12.23.02-7-600x270.jpeg\" role=\"button\" tabindex=\"0\" aria-label=\"Abrir la imagen 5 de 35 en pantalla completa\"srcset=\"https:\/\/i1.wp.com\/www.cisa-arica.cl\/wp1\/wp-content\/uploads\/2024\/05\/WhatsApp-Image-2024-05-16-at-12.23.02-7-600x270.jpeg?strip=info&#038;w=600&#038;ssl=1 600w,https:\/\/i1.wp.com\/www.cisa-arica.cl\/wp1\/wp-content\/uploads\/2024\/05\/WhatsApp-Image-2024-05-16-at-12.23.02-7-600x270.jpeg?strip=info&#038;w=900&#038;ssl=1 900w,https:\/\/i1.wp.com\/www.cisa-arica.cl\/wp1\/wp-content\/uploads\/2024\/05\/WhatsApp-Image-2024-05-16-at-12.23.02-7-600x270.jpeg?strip=info&#038;w=1200&#038;ssl=1 1200w,https:\/\/i1.wp.com\/www.cisa-arica.cl\/wp1\/wp-content\/uploads\/2024\/05\/WhatsApp-Image-2024-05-16-at-12.23.02-7-600x270.jpeg?strip=info&#038;w=1280&#038;ssl=1 1280w\" alt=\"\" data-height=\"576\" data-id=\"25566\" data-link=\"https:\/\/www.cisa-arica.cl\/wp1\/?attachment_id=25566\" data-url=\"https:\/\/www.cisa-arica.cl\/wp1\/wp-content\/uploads\/2024\/05\/WhatsApp-Image-2024-05-16-at-12.23.02-7-600x270.jpeg\" data-width=\"1280\" src=\"https:\/\/i1.wp.com\/www.cisa-arica.cl\/wp1\/wp-content\/uploads\/2024\/05\/WhatsApp-Image-2024-05-16-at-12.23.02-7-600x270.jpeg?ssl=1\" data-amp-layout=\"responsive\"\/><\/figure><\/div><\/div><div class=\"tiled-gallery__row\"><div class=\"tiled-gallery__col\" style=\"flex-basis:43.38528%\"><figure class=\"tiled-gallery__item\"><img decoding=\"async\" data-attachment-id=\"25567\" data-permalink=\"https:\/\/www.cisa-arica.cl\/wp1\/2024\/05\/17\/desfile-escolar-glorias-navales\/whatsapp-image-2024-05-16-at-12-23-02-6\/\" data-orig-file=\"https:\/\/www.cisa-arica.cl\/wp1\/wp-content\/uploads\/2024\/05\/WhatsApp-Image-2024-05-16-at-12.23.02-6.jpeg\" data-orig-size=\"576,1280\" data-comments-opened=\"0\" data-image-meta=\"{&quot;aperture&quot;:&quot;0&quot;,&quot;credit&quot;:&quot;&quot;,&quot;camera&quot;:&quot;&quot;,&quot;caption&quot;:&quot;&quot;,&quot;created_timestamp&quot;:&quot;0&quot;,&quot;copyright&quot;:&quot;&quot;,&quot;focal_length&quot;:&quot;0&quot;,&quot;iso&quot;:&quot;0&quot;,&quot;shutter_speed&quot;:&quot;0&quot;,&quot;title&quot;:&quot;&quot;,&quot;orientation&quot;:&quot;0&quot;}\" data-image-title=\"WhatsApp-Image-2024-05-16-at-12.23.02-6\" data-image-description=\"\" data-image-caption=\"\" data-large-file=\"https:\/\/www.cisa-arica.cl\/wp1\/wp-content\/uploads\/2024\/05\/WhatsApp-Image-2024-05-16-at-12.23.02-6-270x600.jpeg\" data-attachment-id=\"25567\" data-permalink=\"https:\/\/www.cisa-arica.cl\/wp1\/2024\/05\/17\/desfile-escolar-glorias-navales\/whatsapp-image-2024-05-16-at-12-23-02-6\/\" data-orig-file=\"https:\/\/www.cisa-arica.cl\/wp1\/wp-content\/uploads\/2024\/05\/WhatsApp-Image-2024-05-16-at-12.23.02-6.jpeg\" data-orig-size=\"576,1280\" data-comments-opened=\"0\" data-image-meta=\"{&quot;aperture&quot;:&quot;0&quot;,&quot;credit&quot;:&quot;&quot;,&quot;camera&quot;:&quot;&quot;,&quot;caption&quot;:&quot;&quot;,&quot;created_timestamp&quot;:&quot;0&quot;,&quot;copyright&quot;:&quot;&quot;,&quot;focal_length&quot;:&quot;0&quot;,&quot;iso&quot;:&quot;0&quot;,&quot;shutter_speed&quot;:&quot;0&quot;,&quot;title&quot;:&quot;&quot;,&quot;orientation&quot;:&quot;0&quot;}\" data-image-title=\"WhatsApp-Image-2024-05-16-at-12.23.02-6\" data-image-description=\"\" data-image-caption=\"\" data-large-file=\"https:\/\/www.cisa-arica.cl\/wp1\/wp-content\/uploads\/2024\/05\/WhatsApp-Image-2024-05-16-at-12.23.02-6-270x600.jpeg\" role=\"button\" tabindex=\"0\" aria-label=\"Abrir la imagen 6 de 35 en pantalla completa\"srcset=\"https:\/\/i0.wp.com\/www.cisa-arica.cl\/wp1\/wp-content\/uploads\/2024\/05\/WhatsApp-Image-2024-05-16-at-12.23.02-6-270x600.jpeg?strip=info&#038;w=576&#038;ssl=1 576w\" alt=\"\" data-height=\"1280\" data-id=\"25567\" data-link=\"https:\/\/www.cisa-arica.cl\/wp1\/?attachment_id=25567\" data-url=\"https:\/\/www.cisa-arica.cl\/wp1\/wp-content\/uploads\/2024\/05\/WhatsApp-Image-2024-05-16-at-12.23.02-6-270x600.jpeg\" data-width=\"576\" src=\"https:\/\/i0.wp.com\/www.cisa-arica.cl\/wp1\/wp-content\/uploads\/2024\/05\/WhatsApp-Image-2024-05-16-at-12.23.02-6-270x600.jpeg?ssl=1\" data-amp-layout=\"responsive\"\/><\/figure><\/div><div class=\"tiled-gallery__col\" style=\"flex-basis:56.61472%\"><figure class=\"tiled-gallery__item\"><img decoding=\"async\" data-attachment-id=\"25568\" data-permalink=\"https:\/\/www.cisa-arica.cl\/wp1\/2024\/05\/17\/desfile-escolar-glorias-navales\/whatsapp-image-2024-05-16-at-12-23-02-5\/\" data-orig-file=\"https:\/\/www.cisa-arica.cl\/wp1\/wp-content\/uploads\/2024\/05\/WhatsApp-Image-2024-05-16-at-12.23.02-5.jpeg\" data-orig-size=\"1280,720\" data-comments-opened=\"0\" data-image-meta=\"{&quot;aperture&quot;:&quot;0&quot;,&quot;credit&quot;:&quot;&quot;,&quot;camera&quot;:&quot;&quot;,&quot;caption&quot;:&quot;&quot;,&quot;created_timestamp&quot;:&quot;0&quot;,&quot;copyright&quot;:&quot;&quot;,&quot;focal_length&quot;:&quot;0&quot;,&quot;iso&quot;:&quot;0&quot;,&quot;shutter_speed&quot;:&quot;0&quot;,&quot;title&quot;:&quot;&quot;,&quot;orientation&quot;:&quot;0&quot;}\" data-image-title=\"WhatsApp-Image-2024-05-16-at-12.23.02-5\" data-image-description=\"\" data-image-caption=\"\" data-large-file=\"https:\/\/www.cisa-arica.cl\/wp1\/wp-content\/uploads\/2024\/05\/WhatsApp-Image-2024-05-16-at-12.23.02-5-600x338.jpeg\" data-attachment-id=\"25568\" data-permalink=\"https:\/\/www.cisa-arica.cl\/wp1\/2024\/05\/17\/desfile-escolar-glorias-navales\/whatsapp-image-2024-05-16-at-12-23-02-5\/\" data-orig-file=\"https:\/\/www.cisa-arica.cl\/wp1\/wp-content\/uploads\/2024\/05\/WhatsApp-Image-2024-05-16-at-12.23.02-5.jpeg\" data-orig-size=\"1280,720\" data-comments-opened=\"0\" data-image-meta=\"{&quot;aperture&quot;:&quot;0&quot;,&quot;credit&quot;:&quot;&quot;,&quot;camera&quot;:&quot;&quot;,&quot;caption&quot;:&quot;&quot;,&quot;created_timestamp&quot;:&quot;0&quot;,&quot;copyright&quot;:&quot;&quot;,&quot;focal_length&quot;:&quot;0&quot;,&quot;iso&quot;:&quot;0&quot;,&quot;shutter_speed&quot;:&quot;0&quot;,&quot;title&quot;:&quot;&quot;,&quot;orientation&quot;:&quot;0&quot;}\" data-image-title=\"WhatsApp-Image-2024-05-16-at-12.23.02-5\" data-image-description=\"\" data-image-caption=\"\" data-large-file=\"https:\/\/www.cisa-arica.cl\/wp1\/wp-content\/uploads\/2024\/05\/WhatsApp-Image-2024-05-16-at-12.23.02-5-600x338.jpeg\" role=\"button\" tabindex=\"0\" aria-label=\"Abrir la imagen 7 de 35 en pantalla completa\"srcset=\"https:\/\/i2.wp.com\/www.cisa-arica.cl\/wp1\/wp-content\/uploads\/2024\/05\/WhatsApp-Image-2024-05-16-at-12.23.02-5-600x338.jpeg?strip=info&#038;w=600&#038;ssl=1 600w,https:\/\/i2.wp.com\/www.cisa-arica.cl\/wp1\/wp-content\/uploads\/2024\/05\/WhatsApp-Image-2024-05-16-at-12.23.02-5-600x338.jpeg?strip=info&#038;w=900&#038;ssl=1 900w,https:\/\/i2.wp.com\/www.cisa-arica.cl\/wp1\/wp-content\/uploads\/2024\/05\/WhatsApp-Image-2024-05-16-at-12.23.02-5-600x338.jpeg?strip=info&#038;w=1200&#038;ssl=1 1200w,https:\/\/i2.wp.com\/www.cisa-arica.cl\/wp1\/wp-content\/uploads\/2024\/05\/WhatsApp-Image-2024-05-16-at-12.23.02-5-600x338.jpeg?strip=info&#038;w=1280&#038;ssl=1 1280w\" alt=\"\" data-height=\"720\" data-id=\"25568\" data-link=\"https:\/\/www.cisa-arica.cl\/wp1\/?attachment_id=25568\" data-url=\"https:\/\/www.cisa-arica.cl\/wp1\/wp-content\/uploads\/2024\/05\/WhatsApp-Image-2024-05-16-at-12.23.02-5-600x338.jpeg\" data-width=\"1280\" src=\"https:\/\/i2.wp.com\/www.cisa-arica.cl\/wp1\/wp-content\/uploads\/2024\/05\/WhatsApp-Image-2024-05-16-at-12.23.02-5-600x338.jpeg?ssl=1\" data-amp-layout=\"responsive\"\/><\/figure><figure class=\"tiled-gallery__item\"><img decoding=\"async\" data-attachment-id=\"25569\" data-permalink=\"https:\/\/www.cisa-arica.cl\/wp1\/2024\/05\/17\/desfile-escolar-glorias-navales\/whatsapp-image-2024-05-16-at-12-23-02-4\/\" data-orig-file=\"https:\/\/www.cisa-arica.cl\/wp1\/wp-content\/uploads\/2024\/05\/WhatsApp-Image-2024-05-16-at-12.23.02-4.jpeg\" data-orig-size=\"1280,720\" data-comments-opened=\"0\" data-image-meta=\"{&quot;aperture&quot;:&quot;0&quot;,&quot;credit&quot;:&quot;&quot;,&quot;camera&quot;:&quot;&quot;,&quot;caption&quot;:&quot;&quot;,&quot;created_timestamp&quot;:&quot;0&quot;,&quot;copyright&quot;:&quot;&quot;,&quot;focal_length&quot;:&quot;0&quot;,&quot;iso&quot;:&quot;0&quot;,&quot;shutter_speed&quot;:&quot;0&quot;,&quot;title&quot;:&quot;&quot;,&quot;orientation&quot;:&quot;0&quot;}\" data-image-title=\"WhatsApp-Image-2024-05-16-at-12.23.02-4\" data-image-description=\"\" data-image-caption=\"\" data-large-file=\"https:\/\/www.cisa-arica.cl\/wp1\/wp-content\/uploads\/2024\/05\/WhatsApp-Image-2024-05-16-at-12.23.02-4-600x338.jpeg\" data-attachment-id=\"25569\" data-permalink=\"https:\/\/www.cisa-arica.cl\/wp1\/2024\/05\/17\/desfile-escolar-glorias-navales\/whatsapp-image-2024-05-16-at-12-23-02-4\/\" data-orig-file=\"https:\/\/www.cisa-arica.cl\/wp1\/wp-content\/uploads\/2024\/05\/WhatsApp-Image-2024-05-16-at-12.23.02-4.jpeg\" data-orig-size=\"1280,720\" data-comments-opened=\"0\" data-image-meta=\"{&quot;aperture&quot;:&quot;0&quot;,&quot;credit&quot;:&quot;&quot;,&quot;camera&quot;:&quot;&quot;,&quot;caption&quot;:&quot;&quot;,&quot;created_timestamp&quot;:&quot;0&quot;,&quot;copyright&quot;:&quot;&quot;,&quot;focal_length&quot;:&quot;0&quot;,&quot;iso&quot;:&quot;0&quot;,&quot;shutter_speed&quot;:&quot;0&quot;,&quot;title&quot;:&quot;&quot;,&quot;orientation&quot;:&quot;0&quot;}\" data-image-title=\"WhatsApp-Image-2024-05-16-at-12.23.02-4\" data-image-description=\"\" data-image-caption=\"\" data-large-file=\"https:\/\/www.cisa-arica.cl\/wp1\/wp-content\/uploads\/2024\/05\/WhatsApp-Image-2024-05-16-at-12.23.02-4-600x338.jpeg\" role=\"button\" tabindex=\"0\" aria-label=\"Abrir la imagen 8 de 35 en pantalla completa\"srcset=\"https:\/\/i2.wp.com\/www.cisa-arica.cl\/wp1\/wp-content\/uploads\/2024\/05\/WhatsApp-Image-2024-05-16-at-12.23.02-4-600x338.jpeg?strip=info&#038;w=600&#038;ssl=1 600w,https:\/\/i2.wp.com\/www.cisa-arica.cl\/wp1\/wp-content\/uploads\/2024\/05\/WhatsApp-Image-2024-05-16-at-12.23.02-4-600x338.jpeg?strip=info&#038;w=900&#038;ssl=1 900w,https:\/\/i2.wp.com\/www.cisa-arica.cl\/wp1\/wp-content\/uploads\/2024\/05\/WhatsApp-Image-2024-05-16-at-12.23.02-4-600x338.jpeg?strip=info&#038;w=1200&#038;ssl=1 1200w,https:\/\/i2.wp.com\/www.cisa-arica.cl\/wp1\/wp-content\/uploads\/2024\/05\/WhatsApp-Image-2024-05-16-at-12.23.02-4-600x338.jpeg?strip=info&#038;w=1280&#038;ssl=1 1280w\" alt=\"\" data-height=\"720\" data-id=\"25569\" data-link=\"https:\/\/www.cisa-arica.cl\/wp1\/?attachment_id=25569\" data-url=\"https:\/\/www.cisa-arica.cl\/wp1\/wp-content\/uploads\/2024\/05\/WhatsApp-Image-2024-05-16-at-12.23.02-4-600x338.jpeg\" data-width=\"1280\" src=\"https:\/\/i2.wp.com\/www.cisa-arica.cl\/wp1\/wp-content\/uploads\/2024\/05\/WhatsApp-Image-2024-05-16-at-12.23.02-4-600x338.jpeg?ssl=1\" data-amp-layout=\"responsive\"\/><\/figure><figure class=\"tiled-gallery__item\"><img decoding=\"async\" data-attachment-id=\"25570\" data-permalink=\"https:\/\/www.cisa-arica.cl\/wp1\/2024\/05\/17\/desfile-escolar-glorias-navales\/whatsapp-image-2024-05-16-at-12-23-02-3\/\" data-orig-file=\"https:\/\/www.cisa-arica.cl\/wp1\/wp-content\/uploads\/2024\/05\/WhatsApp-Image-2024-05-16-at-12.23.02-3.jpeg\" data-orig-size=\"1280,720\" data-comments-opened=\"0\" data-image-meta=\"{&quot;aperture&quot;:&quot;0&quot;,&quot;credit&quot;:&quot;&quot;,&quot;camera&quot;:&quot;&quot;,&quot;caption&quot;:&quot;&quot;,&quot;created_timestamp&quot;:&quot;0&quot;,&quot;copyright&quot;:&quot;&quot;,&quot;focal_length&quot;:&quot;0&quot;,&quot;iso&quot;:&quot;0&quot;,&quot;shutter_speed&quot;:&quot;0&quot;,&quot;title&quot;:&quot;&quot;,&quot;orientation&quot;:&quot;0&quot;}\" data-image-title=\"WhatsApp-Image-2024-05-16-at-12.23.02-3\" data-image-description=\"\" data-image-caption=\"\" data-large-file=\"https:\/\/www.cisa-arica.cl\/wp1\/wp-content\/uploads\/2024\/05\/WhatsApp-Image-2024-05-16-at-12.23.02-3-600x338.jpeg\" data-attachment-id=\"25570\" data-permalink=\"https:\/\/www.cisa-arica.cl\/wp1\/2024\/05\/17\/desfile-escolar-glorias-navales\/whatsapp-image-2024-05-16-at-12-23-02-3\/\" data-orig-file=\"https:\/\/www.cisa-arica.cl\/wp1\/wp-content\/uploads\/2024\/05\/WhatsApp-Image-2024-05-16-at-12.23.02-3.jpeg\" data-orig-size=\"1280,720\" data-comments-opened=\"0\" data-image-meta=\"{&quot;aperture&quot;:&quot;0&quot;,&quot;credit&quot;:&quot;&quot;,&quot;camera&quot;:&quot;&quot;,&quot;caption&quot;:&quot;&quot;,&quot;created_timestamp&quot;:&quot;0&quot;,&quot;copyright&quot;:&quot;&quot;,&quot;focal_length&quot;:&quot;0&quot;,&quot;iso&quot;:&quot;0&quot;,&quot;shutter_speed&quot;:&quot;0&quot;,&quot;title&quot;:&quot;&quot;,&quot;orientation&quot;:&quot;0&quot;}\" data-image-title=\"WhatsApp-Image-2024-05-16-at-12.23.02-3\" data-image-description=\"\" data-image-caption=\"\" data-large-file=\"https:\/\/www.cisa-arica.cl\/wp1\/wp-content\/uploads\/2024\/05\/WhatsApp-Image-2024-05-16-at-12.23.02-3-600x338.jpeg\" role=\"button\" tabindex=\"0\" aria-label=\"Abrir la imagen 9 de 35 en pantalla completa\"srcset=\"https:\/\/i2.wp.com\/www.cisa-arica.cl\/wp1\/wp-content\/uploads\/2024\/05\/WhatsApp-Image-2024-05-16-at-12.23.02-3-600x338.jpeg?strip=info&#038;w=600&#038;ssl=1 600w,https:\/\/i2.wp.com\/www.cisa-arica.cl\/wp1\/wp-content\/uploads\/2024\/05\/WhatsApp-Image-2024-05-16-at-12.23.02-3-600x338.jpeg?strip=info&#038;w=900&#038;ssl=1 900w,https:\/\/i2.wp.com\/www.cisa-arica.cl\/wp1\/wp-content\/uploads\/2024\/05\/WhatsApp-Image-2024-05-16-at-12.23.02-3-600x338.jpeg?strip=info&#038;w=1200&#038;ssl=1 1200w,https:\/\/i2.wp.com\/www.cisa-arica.cl\/wp1\/wp-content\/uploads\/2024\/05\/WhatsApp-Image-2024-05-16-at-12.23.02-3-600x338.jpeg?strip=info&#038;w=1280&#038;ssl=1 1280w\" alt=\"\" data-height=\"720\" data-id=\"25570\" data-link=\"https:\/\/www.cisa-arica.cl\/wp1\/?attachment_id=25570\" data-url=\"https:\/\/www.cisa-arica.cl\/wp1\/wp-content\/uploads\/2024\/05\/WhatsApp-Image-2024-05-16-at-12.23.02-3-600x338.jpeg\" data-width=\"1280\" src=\"https:\/\/i2.wp.com\/www.cisa-arica.cl\/wp1\/wp-content\/uploads\/2024\/05\/WhatsApp-Image-2024-05-16-at-12.23.02-3-600x338.jpeg?ssl=1\" data-amp-layout=\"responsive\"\/><\/figure><\/div><\/div><div class=\"tiled-gallery__row\"><div class=\"tiled-gallery__col\" style=\"flex-basis:49.96541%\"><figure class=\"tiled-gallery__item\"><img decoding=\"async\" data-attachment-id=\"25571\" data-permalink=\"https:\/\/www.cisa-arica.cl\/wp1\/2024\/05\/17\/desfile-escolar-glorias-navales\/whatsapp-image-2024-05-16-at-12-23-02-2\/\" data-orig-file=\"https:\/\/www.cisa-arica.cl\/wp1\/wp-content\/uploads\/2024\/05\/WhatsApp-Image-2024-05-16-at-12.23.02-2.jpeg\" data-orig-size=\"1280,721\" data-comments-opened=\"0\" data-image-meta=\"{&quot;aperture&quot;:&quot;0&quot;,&quot;credit&quot;:&quot;&quot;,&quot;camera&quot;:&quot;&quot;,&quot;caption&quot;:&quot;&quot;,&quot;created_timestamp&quot;:&quot;0&quot;,&quot;copyright&quot;:&quot;&quot;,&quot;focal_length&quot;:&quot;0&quot;,&quot;iso&quot;:&quot;0&quot;,&quot;shutter_speed&quot;:&quot;0&quot;,&quot;title&quot;:&quot;&quot;,&quot;orientation&quot;:&quot;0&quot;}\" data-image-title=\"WhatsApp-Image-2024-05-16-at-12.23.02-2\" data-image-description=\"\" data-image-caption=\"\" data-large-file=\"https:\/\/www.cisa-arica.cl\/wp1\/wp-content\/uploads\/2024\/05\/WhatsApp-Image-2024-05-16-at-12.23.02-2-600x338.jpeg\" data-attachment-id=\"25571\" data-permalink=\"https:\/\/www.cisa-arica.cl\/wp1\/2024\/05\/17\/desfile-escolar-glorias-navales\/whatsapp-image-2024-05-16-at-12-23-02-2\/\" data-orig-file=\"https:\/\/www.cisa-arica.cl\/wp1\/wp-content\/uploads\/2024\/05\/WhatsApp-Image-2024-05-16-at-12.23.02-2.jpeg\" data-orig-size=\"1280,721\" data-comments-opened=\"0\" data-image-meta=\"{&quot;aperture&quot;:&quot;0&quot;,&quot;credit&quot;:&quot;&quot;,&quot;camera&quot;:&quot;&quot;,&quot;caption&quot;:&quot;&quot;,&quot;created_timestamp&quot;:&quot;0&quot;,&quot;copyright&quot;:&quot;&quot;,&quot;focal_length&quot;:&quot;0&quot;,&quot;iso&quot;:&quot;0&quot;,&quot;shutter_speed&quot;:&quot;0&quot;,&quot;title&quot;:&quot;&quot;,&quot;orientation&quot;:&quot;0&quot;}\" data-image-title=\"WhatsApp-Image-2024-05-16-at-12.23.02-2\" data-image-description=\"\" data-image-caption=\"\" data-large-file=\"https:\/\/www.cisa-arica.cl\/wp1\/wp-content\/uploads\/2024\/05\/WhatsApp-Image-2024-05-16-at-12.23.02-2-600x338.jpeg\" role=\"button\" tabindex=\"0\" aria-label=\"Abrir la imagen 10 de 35 en pantalla completa\"srcset=\"https:\/\/i0.wp.com\/www.cisa-arica.cl\/wp1\/wp-content\/uploads\/2024\/05\/WhatsApp-Image-2024-05-16-at-12.23.02-2-600x338.jpeg?strip=info&#038;w=600&#038;ssl=1 600w,https:\/\/i0.wp.com\/www.cisa-arica.cl\/wp1\/wp-content\/uploads\/2024\/05\/WhatsApp-Image-2024-05-16-at-12.23.02-2-600x338.jpeg?strip=info&#038;w=900&#038;ssl=1 900w,https:\/\/i0.wp.com\/www.cisa-arica.cl\/wp1\/wp-content\/uploads\/2024\/05\/WhatsApp-Image-2024-05-16-at-12.23.02-2-600x338.jpeg?strip=info&#038;w=1200&#038;ssl=1 1200w,https:\/\/i0.wp.com\/www.cisa-arica.cl\/wp1\/wp-content\/uploads\/2024\/05\/WhatsApp-Image-2024-05-16-at-12.23.02-2-600x338.jpeg?strip=info&#038;w=1280&#038;ssl=1 1280w\" alt=\"\" data-height=\"721\" data-id=\"25571\" data-link=\"https:\/\/www.cisa-arica.cl\/wp1\/?attachment_id=25571\" data-url=\"https:\/\/www.cisa-arica.cl\/wp1\/wp-content\/uploads\/2024\/05\/WhatsApp-Image-2024-05-16-at-12.23.02-2-600x338.jpeg\" data-width=\"1280\" src=\"https:\/\/i0.wp.com\/www.cisa-arica.cl\/wp1\/wp-content\/uploads\/2024\/05\/WhatsApp-Image-2024-05-16-at-12.23.02-2-600x338.jpeg?ssl=1\" data-amp-layout=\"responsive\"\/><\/figure><\/div><div class=\"tiled-gallery__col\" style=\"flex-basis:50.03459%\"><figure class=\"tiled-gallery__item\"><img decoding=\"async\" data-attachment-id=\"25572\" data-permalink=\"https:\/\/www.cisa-arica.cl\/wp1\/2024\/05\/17\/desfile-escolar-glorias-navales\/whatsapp-image-2024-05-16-at-12-23-02-1\/\" data-orig-file=\"https:\/\/www.cisa-arica.cl\/wp1\/wp-content\/uploads\/2024\/05\/WhatsApp-Image-2024-05-16-at-12.23.02-1.jpeg\" data-orig-size=\"1280,720\" data-comments-opened=\"0\" data-image-meta=\"{&quot;aperture&quot;:&quot;0&quot;,&quot;credit&quot;:&quot;&quot;,&quot;camera&quot;:&quot;&quot;,&quot;caption&quot;:&quot;&quot;,&quot;created_timestamp&quot;:&quot;0&quot;,&quot;copyright&quot;:&quot;&quot;,&quot;focal_length&quot;:&quot;0&quot;,&quot;iso&quot;:&quot;0&quot;,&quot;shutter_speed&quot;:&quot;0&quot;,&quot;title&quot;:&quot;&quot;,&quot;orientation&quot;:&quot;0&quot;}\" data-image-title=\"WhatsApp-Image-2024-05-16-at-12.23.02-1\" data-image-description=\"\" data-image-caption=\"\" data-large-file=\"https:\/\/www.cisa-arica.cl\/wp1\/wp-content\/uploads\/2024\/05\/WhatsApp-Image-2024-05-16-at-12.23.02-1-600x338.jpeg\" data-attachment-id=\"25572\" data-permalink=\"https:\/\/www.cisa-arica.cl\/wp1\/2024\/05\/17\/desfile-escolar-glorias-navales\/whatsapp-image-2024-05-16-at-12-23-02-1\/\" data-orig-file=\"https:\/\/www.cisa-arica.cl\/wp1\/wp-content\/uploads\/2024\/05\/WhatsApp-Image-2024-05-16-at-12.23.02-1.jpeg\" data-orig-size=\"1280,720\" data-comments-opened=\"0\" data-image-meta=\"{&quot;aperture&quot;:&quot;0&quot;,&quot;credit&quot;:&quot;&quot;,&quot;camera&quot;:&quot;&quot;,&quot;caption&quot;:&quot;&quot;,&quot;created_timestamp&quot;:&quot;0&quot;,&quot;copyright&quot;:&quot;&quot;,&quot;focal_length&quot;:&quot;0&quot;,&quot;iso&quot;:&quot;0&quot;,&quot;shutter_speed&quot;:&quot;0&quot;,&quot;title&quot;:&quot;&quot;,&quot;orientation&quot;:&quot;0&quot;}\" data-image-title=\"WhatsApp-Image-2024-05-16-at-12.23.02-1\" data-image-description=\"\" data-image-caption=\"\" data-large-file=\"https:\/\/www.cisa-arica.cl\/wp1\/wp-content\/uploads\/2024\/05\/WhatsApp-Image-2024-05-16-at-12.23.02-1-600x338.jpeg\" role=\"button\" tabindex=\"0\" aria-label=\"Abrir la imagen 11 de 35 en pantalla completa\"srcset=\"https:\/\/i1.wp.com\/www.cisa-arica.cl\/wp1\/wp-content\/uploads\/2024\/05\/WhatsApp-Image-2024-05-16-at-12.23.02-1-600x338.jpeg?strip=info&#038;w=600&#038;ssl=1 600w,https:\/\/i1.wp.com\/www.cisa-arica.cl\/wp1\/wp-content\/uploads\/2024\/05\/WhatsApp-Image-2024-05-16-at-12.23.02-1-600x338.jpeg?strip=info&#038;w=900&#038;ssl=1 900w,https:\/\/i1.wp.com\/www.cisa-arica.cl\/wp1\/wp-content\/uploads\/2024\/05\/WhatsApp-Image-2024-05-16-at-12.23.02-1-600x338.jpeg?strip=info&#038;w=1200&#038;ssl=1 1200w,https:\/\/i1.wp.com\/www.cisa-arica.cl\/wp1\/wp-content\/uploads\/2024\/05\/WhatsApp-Image-2024-05-16-at-12.23.02-1-600x338.jpeg?strip=info&#038;w=1280&#038;ssl=1 1280w\" alt=\"\" data-height=\"720\" data-id=\"25572\" data-link=\"https:\/\/www.cisa-arica.cl\/wp1\/?attachment_id=25572\" data-url=\"https:\/\/www.cisa-arica.cl\/wp1\/wp-content\/uploads\/2024\/05\/WhatsApp-Image-2024-05-16-at-12.23.02-1-600x338.jpeg\" data-width=\"1280\" src=\"https:\/\/i1.wp.com\/www.cisa-arica.cl\/wp1\/wp-content\/uploads\/2024\/05\/WhatsApp-Image-2024-05-16-at-12.23.02-1-600x338.jpeg?ssl=1\" data-amp-layout=\"responsive\"\/><\/figure><\/div><\/div><div class=\"tiled-gallery__row\"><div class=\"tiled-gallery__col\" style=\"flex-basis:100.00000%\"><figure class=\"tiled-gallery__item\"><img decoding=\"async\" data-attachment-id=\"25573\" data-permalink=\"https:\/\/www.cisa-arica.cl\/wp1\/2024\/05\/17\/desfile-escolar-glorias-navales\/whatsapp-image-2024-05-16-at-12-23-01\/\" data-orig-file=\"https:\/\/www.cisa-arica.cl\/wp1\/wp-content\/uploads\/2024\/05\/WhatsApp-Image-2024-05-16-at-12.23.01.jpeg\" data-orig-size=\"1280,576\" data-comments-opened=\"0\" data-image-meta=\"{&quot;aperture&quot;:&quot;0&quot;,&quot;credit&quot;:&quot;&quot;,&quot;camera&quot;:&quot;&quot;,&quot;caption&quot;:&quot;&quot;,&quot;created_timestamp&quot;:&quot;0&quot;,&quot;copyright&quot;:&quot;&quot;,&quot;focal_length&quot;:&quot;0&quot;,&quot;iso&quot;:&quot;0&quot;,&quot;shutter_speed&quot;:&quot;0&quot;,&quot;title&quot;:&quot;&quot;,&quot;orientation&quot;:&quot;0&quot;}\" data-image-title=\"WhatsApp-Image-2024-05-16-at-12.23.01\" data-image-description=\"\" data-image-caption=\"\" data-large-file=\"https:\/\/www.cisa-arica.cl\/wp1\/wp-content\/uploads\/2024\/05\/WhatsApp-Image-2024-05-16-at-12.23.01-600x270.jpeg\" data-attachment-id=\"25573\" data-permalink=\"https:\/\/www.cisa-arica.cl\/wp1\/2024\/05\/17\/desfile-escolar-glorias-navales\/whatsapp-image-2024-05-16-at-12-23-01\/\" data-orig-file=\"https:\/\/www.cisa-arica.cl\/wp1\/wp-content\/uploads\/2024\/05\/WhatsApp-Image-2024-05-16-at-12.23.01.jpeg\" data-orig-size=\"1280,576\" data-comments-opened=\"0\" data-image-meta=\"{&quot;aperture&quot;:&quot;0&quot;,&quot;credit&quot;:&quot;&quot;,&quot;camera&quot;:&quot;&quot;,&quot;caption&quot;:&quot;&quot;,&quot;created_timestamp&quot;:&quot;0&quot;,&quot;copyright&quot;:&quot;&quot;,&quot;focal_length&quot;:&quot;0&quot;,&quot;iso&quot;:&quot;0&quot;,&quot;shutter_speed&quot;:&quot;0&quot;,&quot;title&quot;:&quot;&quot;,&quot;orientation&quot;:&quot;0&quot;}\" data-image-title=\"WhatsApp-Image-2024-05-16-at-12.23.01\" data-image-description=\"\" data-image-caption=\"\" data-large-file=\"https:\/\/www.cisa-arica.cl\/wp1\/wp-content\/uploads\/2024\/05\/WhatsApp-Image-2024-05-16-at-12.23.01-600x270.jpeg\" role=\"button\" tabindex=\"0\" aria-label=\"Abrir la imagen 12 de 35 en pantalla completa\"srcset=\"https:\/\/i0.wp.com\/www.cisa-arica.cl\/wp1\/wp-content\/uploads\/2024\/05\/WhatsApp-Image-2024-05-16-at-12.23.01-600x270.jpeg?strip=info&#038;w=600&#038;ssl=1 600w,https:\/\/i0.wp.com\/www.cisa-arica.cl\/wp1\/wp-content\/uploads\/2024\/05\/WhatsApp-Image-2024-05-16-at-12.23.01-600x270.jpeg?strip=info&#038;w=900&#038;ssl=1 900w,https:\/\/i0.wp.com\/www.cisa-arica.cl\/wp1\/wp-content\/uploads\/2024\/05\/WhatsApp-Image-2024-05-16-at-12.23.01-600x270.jpeg?strip=info&#038;w=1200&#038;ssl=1 1200w,https:\/\/i0.wp.com\/www.cisa-arica.cl\/wp1\/wp-content\/uploads\/2024\/05\/WhatsApp-Image-2024-05-16-at-12.23.01-600x270.jpeg?strip=info&#038;w=1280&#038;ssl=1 1280w\" alt=\"\" data-height=\"576\" data-id=\"25573\" data-link=\"https:\/\/www.cisa-arica.cl\/wp1\/?attachment_id=25573\" data-url=\"https:\/\/www.cisa-arica.cl\/wp1\/wp-content\/uploads\/2024\/05\/WhatsApp-Image-2024-05-16-at-12.23.01-600x270.jpeg\" data-width=\"1280\" src=\"https:\/\/i0.wp.com\/www.cisa-arica.cl\/wp1\/wp-content\/uploads\/2024\/05\/WhatsApp-Image-2024-05-16-at-12.23.01-600x270.jpeg?ssl=1\" data-amp-layout=\"responsive\"\/><\/figure><\/div><\/div><div class=\"tiled-gallery__row\"><div class=\"tiled-gallery__col\" style=\"flex-basis:14.41685%\"><figure class=\"tiled-gallery__item\"><img decoding=\"async\" data-attachment-id=\"25574\" data-permalink=\"https:\/\/www.cisa-arica.cl\/wp1\/2024\/05\/17\/desfile-escolar-glorias-navales\/whatsapp-image-2024-05-16-at-12-23-01-12\/\" data-orig-file=\"https:\/\/www.cisa-arica.cl\/wp1\/wp-content\/uploads\/2024\/05\/WhatsApp-Image-2024-05-16-at-12.23.01-12.jpeg\" data-orig-size=\"576,1280\" data-comments-opened=\"0\" data-image-meta=\"{&quot;aperture&quot;:&quot;0&quot;,&quot;credit&quot;:&quot;&quot;,&quot;camera&quot;:&quot;&quot;,&quot;caption&quot;:&quot;&quot;,&quot;created_timestamp&quot;:&quot;0&quot;,&quot;copyright&quot;:&quot;&quot;,&quot;focal_length&quot;:&quot;0&quot;,&quot;iso&quot;:&quot;0&quot;,&quot;shutter_speed&quot;:&quot;0&quot;,&quot;title&quot;:&quot;&quot;,&quot;orientation&quot;:&quot;0&quot;}\" data-image-title=\"WhatsApp-Image-2024-05-16-at-12.23.01-12\" data-image-description=\"\" data-image-caption=\"\" data-large-file=\"https:\/\/www.cisa-arica.cl\/wp1\/wp-content\/uploads\/2024\/05\/WhatsApp-Image-2024-05-16-at-12.23.01-12-270x600.jpeg\" data-attachment-id=\"25574\" data-permalink=\"https:\/\/www.cisa-arica.cl\/wp1\/2024\/05\/17\/desfile-escolar-glorias-navales\/whatsapp-image-2024-05-16-at-12-23-01-12\/\" data-orig-file=\"https:\/\/www.cisa-arica.cl\/wp1\/wp-content\/uploads\/2024\/05\/WhatsApp-Image-2024-05-16-at-12.23.01-12.jpeg\" data-orig-size=\"576,1280\" data-comments-opened=\"0\" data-image-meta=\"{&quot;aperture&quot;:&quot;0&quot;,&quot;credit&quot;:&quot;&quot;,&quot;camera&quot;:&quot;&quot;,&quot;caption&quot;:&quot;&quot;,&quot;created_timestamp&quot;:&quot;0&quot;,&quot;copyright&quot;:&quot;&quot;,&quot;focal_length&quot;:&quot;0&quot;,&quot;iso&quot;:&quot;0&quot;,&quot;shutter_speed&quot;:&quot;0&quot;,&quot;title&quot;:&quot;&quot;,&quot;orientation&quot;:&quot;0&quot;}\" data-image-title=\"WhatsApp-Image-2024-05-16-at-12.23.01-12\" data-image-description=\"\" data-image-caption=\"\" data-large-file=\"https:\/\/www.cisa-arica.cl\/wp1\/wp-content\/uploads\/2024\/05\/WhatsApp-Image-2024-05-16-at-12.23.01-12-270x600.jpeg\" role=\"button\" tabindex=\"0\" aria-label=\"Abrir la imagen 13 de 35 en pantalla completa\"srcset=\"https:\/\/i0.wp.com\/www.cisa-arica.cl\/wp1\/wp-content\/uploads\/2024\/05\/WhatsApp-Image-2024-05-16-at-12.23.01-12-270x600.jpeg?strip=info&#038;w=576&#038;ssl=1 576w\" alt=\"\" data-height=\"1280\" data-id=\"25574\" data-link=\"https:\/\/www.cisa-arica.cl\/wp1\/?attachment_id=25574\" data-url=\"https:\/\/www.cisa-arica.cl\/wp1\/wp-content\/uploads\/2024\/05\/WhatsApp-Image-2024-05-16-at-12.23.01-12-270x600.jpeg\" data-width=\"576\" src=\"https:\/\/i0.wp.com\/www.cisa-arica.cl\/wp1\/wp-content\/uploads\/2024\/05\/WhatsApp-Image-2024-05-16-at-12.23.01-12-270x600.jpeg?ssl=1\" data-amp-layout=\"responsive\"\/><\/figure><\/div><div class=\"tiled-gallery__col\" style=\"flex-basis:14.41685%\"><figure class=\"tiled-gallery__item\"><img decoding=\"async\" data-attachment-id=\"25575\" data-permalink=\"https:\/\/www.cisa-arica.cl\/wp1\/2024\/05\/17\/desfile-escolar-glorias-navales\/whatsapp-image-2024-05-16-at-12-23-01-11\/\" data-orig-file=\"https:\/\/www.cisa-arica.cl\/wp1\/wp-content\/uploads\/2024\/05\/WhatsApp-Image-2024-05-16-at-12.23.01-11.jpeg\" data-orig-size=\"576,1280\" data-comments-opened=\"0\" data-image-meta=\"{&quot;aperture&quot;:&quot;0&quot;,&quot;credit&quot;:&quot;&quot;,&quot;camera&quot;:&quot;&quot;,&quot;caption&quot;:&quot;&quot;,&quot;created_timestamp&quot;:&quot;0&quot;,&quot;copyright&quot;:&quot;&quot;,&quot;focal_length&quot;:&quot;0&quot;,&quot;iso&quot;:&quot;0&quot;,&quot;shutter_speed&quot;:&quot;0&quot;,&quot;title&quot;:&quot;&quot;,&quot;orientation&quot;:&quot;0&quot;}\" data-image-title=\"WhatsApp-Image-2024-05-16-at-12.23.01-11\" data-image-description=\"\" data-image-caption=\"\" data-large-file=\"https:\/\/www.cisa-arica.cl\/wp1\/wp-content\/uploads\/2024\/05\/WhatsApp-Image-2024-05-16-at-12.23.01-11-270x600.jpeg\" data-attachment-id=\"25575\" data-permalink=\"https:\/\/www.cisa-arica.cl\/wp1\/2024\/05\/17\/desfile-escolar-glorias-navales\/whatsapp-image-2024-05-16-at-12-23-01-11\/\" data-orig-file=\"https:\/\/www.cisa-arica.cl\/wp1\/wp-content\/uploads\/2024\/05\/WhatsApp-Image-2024-05-16-at-12.23.01-11.jpeg\" data-orig-size=\"576,1280\" data-comments-opened=\"0\" data-image-meta=\"{&quot;aperture&quot;:&quot;0&quot;,&quot;credit&quot;:&quot;&quot;,&quot;camera&quot;:&quot;&quot;,&quot;caption&quot;:&quot;&quot;,&quot;created_timestamp&quot;:&quot;0&quot;,&quot;copyright&quot;:&quot;&quot;,&quot;focal_length&quot;:&quot;0&quot;,&quot;iso&quot;:&quot;0&quot;,&quot;shutter_speed&quot;:&quot;0&quot;,&quot;title&quot;:&quot;&quot;,&quot;orientation&quot;:&quot;0&quot;}\" data-image-title=\"WhatsApp-Image-2024-05-16-at-12.23.01-11\" data-image-description=\"\" data-image-caption=\"\" data-large-file=\"https:\/\/www.cisa-arica.cl\/wp1\/wp-content\/uploads\/2024\/05\/WhatsApp-Image-2024-05-16-at-12.23.01-11-270x600.jpeg\" role=\"button\" tabindex=\"0\" aria-label=\"Abrir la imagen 14 de 35 en pantalla completa\"srcset=\"https:\/\/i1.wp.com\/www.cisa-arica.cl\/wp1\/wp-content\/uploads\/2024\/05\/WhatsApp-Image-2024-05-16-at-12.23.01-11-270x600.jpeg?strip=info&#038;w=576&#038;ssl=1 576w\" alt=\"\" data-height=\"1280\" data-id=\"25575\" data-link=\"https:\/\/www.cisa-arica.cl\/wp1\/?attachment_id=25575\" data-url=\"https:\/\/www.cisa-arica.cl\/wp1\/wp-content\/uploads\/2024\/05\/WhatsApp-Image-2024-05-16-at-12.23.01-11-270x600.jpeg\" data-width=\"576\" src=\"https:\/\/i1.wp.com\/www.cisa-arica.cl\/wp1\/wp-content\/uploads\/2024\/05\/WhatsApp-Image-2024-05-16-at-12.23.01-11-270x600.jpeg?ssl=1\" data-amp-layout=\"responsive\"\/><\/figure><\/div><div class=\"tiled-gallery__col\" style=\"flex-basis:56.74945%\"><figure class=\"tiled-gallery__item\"><img decoding=\"async\" data-attachment-id=\"25576\" data-permalink=\"https:\/\/www.cisa-arica.cl\/wp1\/2024\/05\/17\/desfile-escolar-glorias-navales\/whatsapp-image-2024-05-16-at-12-23-01-10\/\" data-orig-file=\"https:\/\/www.cisa-arica.cl\/wp1\/wp-content\/uploads\/2024\/05\/WhatsApp-Image-2024-05-16-at-12.23.01-10.jpeg\" data-orig-size=\"1280,720\" data-comments-opened=\"0\" data-image-meta=\"{&quot;aperture&quot;:&quot;0&quot;,&quot;credit&quot;:&quot;&quot;,&quot;camera&quot;:&quot;&quot;,&quot;caption&quot;:&quot;&quot;,&quot;created_timestamp&quot;:&quot;0&quot;,&quot;copyright&quot;:&quot;&quot;,&quot;focal_length&quot;:&quot;0&quot;,&quot;iso&quot;:&quot;0&quot;,&quot;shutter_speed&quot;:&quot;0&quot;,&quot;title&quot;:&quot;&quot;,&quot;orientation&quot;:&quot;0&quot;}\" data-image-title=\"WhatsApp-Image-2024-05-16-at-12.23.01-10\" data-image-description=\"\" data-image-caption=\"\" data-large-file=\"https:\/\/www.cisa-arica.cl\/wp1\/wp-content\/uploads\/2024\/05\/WhatsApp-Image-2024-05-16-at-12.23.01-10-600x338.jpeg\" data-attachment-id=\"25576\" data-permalink=\"https:\/\/www.cisa-arica.cl\/wp1\/2024\/05\/17\/desfile-escolar-glorias-navales\/whatsapp-image-2024-05-16-at-12-23-01-10\/\" data-orig-file=\"https:\/\/www.cisa-arica.cl\/wp1\/wp-content\/uploads\/2024\/05\/WhatsApp-Image-2024-05-16-at-12.23.01-10.jpeg\" data-orig-size=\"1280,720\" data-comments-opened=\"0\" data-image-meta=\"{&quot;aperture&quot;:&quot;0&quot;,&quot;credit&quot;:&quot;&quot;,&quot;camera&quot;:&quot;&quot;,&quot;caption&quot;:&quot;&quot;,&quot;created_timestamp&quot;:&quot;0&quot;,&quot;copyright&quot;:&quot;&quot;,&quot;focal_length&quot;:&quot;0&quot;,&quot;iso&quot;:&quot;0&quot;,&quot;shutter_speed&quot;:&quot;0&quot;,&quot;title&quot;:&quot;&quot;,&quot;orientation&quot;:&quot;0&quot;}\" data-image-title=\"WhatsApp-Image-2024-05-16-at-12.23.01-10\" data-image-description=\"\" data-image-caption=\"\" data-large-file=\"https:\/\/www.cisa-arica.cl\/wp1\/wp-content\/uploads\/2024\/05\/WhatsApp-Image-2024-05-16-at-12.23.01-10-600x338.jpeg\" role=\"button\" tabindex=\"0\" aria-label=\"Abrir la imagen 15 de 35 en pantalla completa\"srcset=\"https:\/\/i2.wp.com\/www.cisa-arica.cl\/wp1\/wp-content\/uploads\/2024\/05\/WhatsApp-Image-2024-05-16-at-12.23.01-10-600x338.jpeg?strip=info&#038;w=600&#038;ssl=1 600w,https:\/\/i2.wp.com\/www.cisa-arica.cl\/wp1\/wp-content\/uploads\/2024\/05\/WhatsApp-Image-2024-05-16-at-12.23.01-10-600x338.jpeg?strip=info&#038;w=900&#038;ssl=1 900w,https:\/\/i2.wp.com\/www.cisa-arica.cl\/wp1\/wp-content\/uploads\/2024\/05\/WhatsApp-Image-2024-05-16-at-12.23.01-10-600x338.jpeg?strip=info&#038;w=1200&#038;ssl=1 1200w,https:\/\/i2.wp.com\/www.cisa-arica.cl\/wp1\/wp-content\/uploads\/2024\/05\/WhatsApp-Image-2024-05-16-at-12.23.01-10-600x338.jpeg?strip=info&#038;w=1280&#038;ssl=1 1280w\" alt=\"\" data-height=\"720\" data-id=\"25576\" data-link=\"https:\/\/www.cisa-arica.cl\/wp1\/?attachment_id=25576\" data-url=\"https:\/\/www.cisa-arica.cl\/wp1\/wp-content\/uploads\/2024\/05\/WhatsApp-Image-2024-05-16-at-12.23.01-10-600x338.jpeg\" data-width=\"1280\" src=\"https:\/\/i2.wp.com\/www.cisa-arica.cl\/wp1\/wp-content\/uploads\/2024\/05\/WhatsApp-Image-2024-05-16-at-12.23.01-10-600x338.jpeg?ssl=1\" data-amp-layout=\"responsive\"\/><\/figure><\/div><div class=\"tiled-gallery__col\" style=\"flex-basis:14.41685%\"><figure class=\"tiled-gallery__item\"><img decoding=\"async\" data-attachment-id=\"25577\" data-permalink=\"https:\/\/www.cisa-arica.cl\/wp1\/2024\/05\/17\/desfile-escolar-glorias-navales\/whatsapp-image-2024-05-16-at-12-23-01-9\/\" data-orig-file=\"https:\/\/www.cisa-arica.cl\/wp1\/wp-content\/uploads\/2024\/05\/WhatsApp-Image-2024-05-16-at-12.23.01-9.jpeg\" data-orig-size=\"576,1280\" data-comments-opened=\"0\" data-image-meta=\"{&quot;aperture&quot;:&quot;0&quot;,&quot;credit&quot;:&quot;&quot;,&quot;camera&quot;:&quot;&quot;,&quot;caption&quot;:&quot;&quot;,&quot;created_timestamp&quot;:&quot;0&quot;,&quot;copyright&quot;:&quot;&quot;,&quot;focal_length&quot;:&quot;0&quot;,&quot;iso&quot;:&quot;0&quot;,&quot;shutter_speed&quot;:&quot;0&quot;,&quot;title&quot;:&quot;&quot;,&quot;orientation&quot;:&quot;0&quot;}\" data-image-title=\"WhatsApp-Image-2024-05-16-at-12.23.01-9\" data-image-description=\"\" data-image-caption=\"\" data-large-file=\"https:\/\/www.cisa-arica.cl\/wp1\/wp-content\/uploads\/2024\/05\/WhatsApp-Image-2024-05-16-at-12.23.01-9-270x600.jpeg\" data-attachment-id=\"25577\" data-permalink=\"https:\/\/www.cisa-arica.cl\/wp1\/2024\/05\/17\/desfile-escolar-glorias-navales\/whatsapp-image-2024-05-16-at-12-23-01-9\/\" data-orig-file=\"https:\/\/www.cisa-arica.cl\/wp1\/wp-content\/uploads\/2024\/05\/WhatsApp-Image-2024-05-16-at-12.23.01-9.jpeg\" data-orig-size=\"576,1280\" data-comments-opened=\"0\" data-image-meta=\"{&quot;aperture&quot;:&quot;0&quot;,&quot;credit&quot;:&quot;&quot;,&quot;camera&quot;:&quot;&quot;,&quot;caption&quot;:&quot;&quot;,&quot;created_timestamp&quot;:&quot;0&quot;,&quot;copyright&quot;:&quot;&quot;,&quot;focal_length&quot;:&quot;0&quot;,&quot;iso&quot;:&quot;0&quot;,&quot;shutter_speed&quot;:&quot;0&quot;,&quot;title&quot;:&quot;&quot;,&quot;orientation&quot;:&quot;0&quot;}\" data-image-title=\"WhatsApp-Image-2024-05-16-at-12.23.01-9\" data-image-description=\"\" data-image-caption=\"\" data-large-file=\"https:\/\/www.cisa-arica.cl\/wp1\/wp-content\/uploads\/2024\/05\/WhatsApp-Image-2024-05-16-at-12.23.01-9-270x600.jpeg\" role=\"button\" tabindex=\"0\" aria-label=\"Abrir la imagen 16 de 35 en pantalla completa\"srcset=\"https:\/\/i0.wp.com\/www.cisa-arica.cl\/wp1\/wp-content\/uploads\/2024\/05\/WhatsApp-Image-2024-05-16-at-12.23.01-9-270x600.jpeg?strip=info&#038;w=576&#038;ssl=1 576w\" alt=\"\" data-height=\"1280\" data-id=\"25577\" data-link=\"https:\/\/www.cisa-arica.cl\/wp1\/?attachment_id=25577\" data-url=\"https:\/\/www.cisa-arica.cl\/wp1\/wp-content\/uploads\/2024\/05\/WhatsApp-Image-2024-05-16-at-12.23.01-9-270x600.jpeg\" data-width=\"576\" src=\"https:\/\/i0.wp.com\/www.cisa-arica.cl\/wp1\/wp-content\/uploads\/2024\/05\/WhatsApp-Image-2024-05-16-at-12.23.01-9-270x600.jpeg?ssl=1\" data-amp-layout=\"responsive\"\/><\/figure><\/div><\/div><div class=\"tiled-gallery__row\"><div class=\"tiled-gallery__col\" style=\"flex-basis:33.33333%\"><figure class=\"tiled-gallery__item\"><img decoding=\"async\" data-attachment-id=\"25578\" data-permalink=\"https:\/\/www.cisa-arica.cl\/wp1\/2024\/05\/17\/desfile-escolar-glorias-navales\/whatsapp-image-2024-05-16-at-12-23-01-8\/\" data-orig-file=\"https:\/\/www.cisa-arica.cl\/wp1\/wp-content\/uploads\/2024\/05\/WhatsApp-Image-2024-05-16-at-12.23.01-8.jpeg\" data-orig-size=\"576,1280\" data-comments-opened=\"0\" data-image-meta=\"{&quot;aperture&quot;:&quot;0&quot;,&quot;credit&quot;:&quot;&quot;,&quot;camera&quot;:&quot;&quot;,&quot;caption&quot;:&quot;&quot;,&quot;created_timestamp&quot;:&quot;0&quot;,&quot;copyright&quot;:&quot;&quot;,&quot;focal_length&quot;:&quot;0&quot;,&quot;iso&quot;:&quot;0&quot;,&quot;shutter_speed&quot;:&quot;0&quot;,&quot;title&quot;:&quot;&quot;,&quot;orientation&quot;:&quot;0&quot;}\" data-image-title=\"WhatsApp-Image-2024-05-16-at-12.23.01-8\" data-image-description=\"\" data-image-caption=\"\" data-large-file=\"https:\/\/www.cisa-arica.cl\/wp1\/wp-content\/uploads\/2024\/05\/WhatsApp-Image-2024-05-16-at-12.23.01-8-270x600.jpeg\" data-attachment-id=\"25578\" data-permalink=\"https:\/\/www.cisa-arica.cl\/wp1\/2024\/05\/17\/desfile-escolar-glorias-navales\/whatsapp-image-2024-05-16-at-12-23-01-8\/\" data-orig-file=\"https:\/\/www.cisa-arica.cl\/wp1\/wp-content\/uploads\/2024\/05\/WhatsApp-Image-2024-05-16-at-12.23.01-8.jpeg\" data-orig-size=\"576,1280\" data-comments-opened=\"0\" data-image-meta=\"{&quot;aperture&quot;:&quot;0&quot;,&quot;credit&quot;:&quot;&quot;,&quot;camera&quot;:&quot;&quot;,&quot;caption&quot;:&quot;&quot;,&quot;created_timestamp&quot;:&quot;0&quot;,&quot;copyright&quot;:&quot;&quot;,&quot;focal_length&quot;:&quot;0&quot;,&quot;iso&quot;:&quot;0&quot;,&quot;shutter_speed&quot;:&quot;0&quot;,&quot;title&quot;:&quot;&quot;,&quot;orientation&quot;:&quot;0&quot;}\" data-image-title=\"WhatsApp-Image-2024-05-16-at-12.23.01-8\" data-image-description=\"\" data-image-caption=\"\" data-large-file=\"https:\/\/www.cisa-arica.cl\/wp1\/wp-content\/uploads\/2024\/05\/WhatsApp-Image-2024-05-16-at-12.23.01-8-270x600.jpeg\" role=\"button\" tabindex=\"0\" aria-label=\"Abrir la imagen 17 de 35 en pantalla completa\"srcset=\"https:\/\/i2.wp.com\/www.cisa-arica.cl\/wp1\/wp-content\/uploads\/2024\/05\/WhatsApp-Image-2024-05-16-at-12.23.01-8-270x600.jpeg?strip=info&#038;w=576&#038;ssl=1 576w\" alt=\"\" data-height=\"1280\" data-id=\"25578\" data-link=\"https:\/\/www.cisa-arica.cl\/wp1\/?attachment_id=25578\" data-url=\"https:\/\/www.cisa-arica.cl\/wp1\/wp-content\/uploads\/2024\/05\/WhatsApp-Image-2024-05-16-at-12.23.01-8-270x600.jpeg\" data-width=\"576\" src=\"https:\/\/i2.wp.com\/www.cisa-arica.cl\/wp1\/wp-content\/uploads\/2024\/05\/WhatsApp-Image-2024-05-16-at-12.23.01-8-270x600.jpeg?ssl=1\" data-amp-layout=\"responsive\"\/><\/figure><\/div><div class=\"tiled-gallery__col\" style=\"flex-basis:33.33333%\"><figure class=\"tiled-gallery__item\"><img decoding=\"async\" data-attachment-id=\"25579\" data-permalink=\"https:\/\/www.cisa-arica.cl\/wp1\/2024\/05\/17\/desfile-escolar-glorias-navales\/whatsapp-image-2024-05-16-at-12-23-01-7\/\" data-orig-file=\"https:\/\/www.cisa-arica.cl\/wp1\/wp-content\/uploads\/2024\/05\/WhatsApp-Image-2024-05-16-at-12.23.01-7.jpeg\" data-orig-size=\"576,1280\" data-comments-opened=\"0\" data-image-meta=\"{&quot;aperture&quot;:&quot;0&quot;,&quot;credit&quot;:&quot;&quot;,&quot;camera&quot;:&quot;&quot;,&quot;caption&quot;:&quot;&quot;,&quot;created_timestamp&quot;:&quot;0&quot;,&quot;copyright&quot;:&quot;&quot;,&quot;focal_length&quot;:&quot;0&quot;,&quot;iso&quot;:&quot;0&quot;,&quot;shutter_speed&quot;:&quot;0&quot;,&quot;title&quot;:&quot;&quot;,&quot;orientation&quot;:&quot;0&quot;}\" data-image-title=\"WhatsApp-Image-2024-05-16-at-12.23.01-7\" data-image-description=\"\" data-image-caption=\"\" data-large-file=\"https:\/\/www.cisa-arica.cl\/wp1\/wp-content\/uploads\/2024\/05\/WhatsApp-Image-2024-05-16-at-12.23.01-7-270x600.jpeg\" data-attachment-id=\"25579\" data-permalink=\"https:\/\/www.cisa-arica.cl\/wp1\/2024\/05\/17\/desfile-escolar-glorias-navales\/whatsapp-image-2024-05-16-at-12-23-01-7\/\" data-orig-file=\"https:\/\/www.cisa-arica.cl\/wp1\/wp-content\/uploads\/2024\/05\/WhatsApp-Image-2024-05-16-at-12.23.01-7.jpeg\" data-orig-size=\"576,1280\" data-comments-opened=\"0\" data-image-meta=\"{&quot;aperture&quot;:&quot;0&quot;,&quot;credit&quot;:&quot;&quot;,&quot;camera&quot;:&quot;&quot;,&quot;caption&quot;:&quot;&quot;,&quot;created_timestamp&quot;:&quot;0&quot;,&quot;copyright&quot;:&quot;&quot;,&quot;focal_length&quot;:&quot;0&quot;,&quot;iso&quot;:&quot;0&quot;,&quot;shutter_speed&quot;:&quot;0&quot;,&quot;title&quot;:&quot;&quot;,&quot;orientation&quot;:&quot;0&quot;}\" data-image-title=\"WhatsApp-Image-2024-05-16-at-12.23.01-7\" data-image-description=\"\" data-image-caption=\"\" data-large-file=\"https:\/\/www.cisa-arica.cl\/wp1\/wp-content\/uploads\/2024\/05\/WhatsApp-Image-2024-05-16-at-12.23.01-7-270x600.jpeg\" role=\"button\" tabindex=\"0\" aria-label=\"Abrir la imagen 18 de 35 en pantalla completa\"srcset=\"https:\/\/i2.wp.com\/www.cisa-arica.cl\/wp1\/wp-content\/uploads\/2024\/05\/WhatsApp-Image-2024-05-16-at-12.23.01-7-270x600.jpeg?strip=info&#038;w=576&#038;ssl=1 576w\" alt=\"\" data-height=\"1280\" data-id=\"25579\" data-link=\"https:\/\/www.cisa-arica.cl\/wp1\/?attachment_id=25579\" data-url=\"https:\/\/www.cisa-arica.cl\/wp1\/wp-content\/uploads\/2024\/05\/WhatsApp-Image-2024-05-16-at-12.23.01-7-270x600.jpeg\" data-width=\"576\" src=\"https:\/\/i2.wp.com\/www.cisa-arica.cl\/wp1\/wp-content\/uploads\/2024\/05\/WhatsApp-Image-2024-05-16-at-12.23.01-7-270x600.jpeg?ssl=1\" data-amp-layout=\"responsive\"\/><\/figure><\/div><div class=\"tiled-gallery__col\" style=\"flex-basis:33.33333%\"><figure class=\"tiled-gallery__item\"><img decoding=\"async\" data-attachment-id=\"25580\" data-permalink=\"https:\/\/www.cisa-arica.cl\/wp1\/2024\/05\/17\/desfile-escolar-glorias-navales\/whatsapp-image-2024-05-16-at-12-23-01-6\/\" data-orig-file=\"https:\/\/www.cisa-arica.cl\/wp1\/wp-content\/uploads\/2024\/05\/WhatsApp-Image-2024-05-16-at-12.23.01-6.jpeg\" data-orig-size=\"576,1280\" data-comments-opened=\"0\" data-image-meta=\"{&quot;aperture&quot;:&quot;0&quot;,&quot;credit&quot;:&quot;&quot;,&quot;camera&quot;:&quot;&quot;,&quot;caption&quot;:&quot;&quot;,&quot;created_timestamp&quot;:&quot;0&quot;,&quot;copyright&quot;:&quot;&quot;,&quot;focal_length&quot;:&quot;0&quot;,&quot;iso&quot;:&quot;0&quot;,&quot;shutter_speed&quot;:&quot;0&quot;,&quot;title&quot;:&quot;&quot;,&quot;orientation&quot;:&quot;0&quot;}\" data-image-title=\"WhatsApp-Image-2024-05-16-at-12.23.01-6\" data-image-description=\"\" data-image-caption=\"\" data-large-file=\"https:\/\/www.cisa-arica.cl\/wp1\/wp-content\/uploads\/2024\/05\/WhatsApp-Image-2024-05-16-at-12.23.01-6-270x600.jpeg\" data-attachment-id=\"25580\" data-permalink=\"https:\/\/www.cisa-arica.cl\/wp1\/2024\/05\/17\/desfile-escolar-glorias-navales\/whatsapp-image-2024-05-16-at-12-23-01-6\/\" data-orig-file=\"https:\/\/www.cisa-arica.cl\/wp1\/wp-content\/uploads\/2024\/05\/WhatsApp-Image-2024-05-16-at-12.23.01-6.jpeg\" data-orig-size=\"576,1280\" data-comments-opened=\"0\" data-image-meta=\"{&quot;aperture&quot;:&quot;0&quot;,&quot;credit&quot;:&quot;&quot;,&quot;camera&quot;:&quot;&quot;,&quot;caption&quot;:&quot;&quot;,&quot;created_timestamp&quot;:&quot;0&quot;,&quot;copyright&quot;:&quot;&quot;,&quot;focal_length&quot;:&quot;0&quot;,&quot;iso&quot;:&quot;0&quot;,&quot;shutter_speed&quot;:&quot;0&quot;,&quot;title&quot;:&quot;&quot;,&quot;orientation&quot;:&quot;0&quot;}\" data-image-title=\"WhatsApp-Image-2024-05-16-at-12.23.01-6\" data-image-description=\"\" data-image-caption=\"\" data-large-file=\"https:\/\/www.cisa-arica.cl\/wp1\/wp-content\/uploads\/2024\/05\/WhatsApp-Image-2024-05-16-at-12.23.01-6-270x600.jpeg\" role=\"button\" tabindex=\"0\" aria-label=\"Abrir la imagen 19 de 35 en pantalla completa\"srcset=\"https:\/\/i2.wp.com\/www.cisa-arica.cl\/wp1\/wp-content\/uploads\/2024\/05\/WhatsApp-Image-2024-05-16-at-12.23.01-6-270x600.jpeg?strip=info&#038;w=576&#038;ssl=1 576w\" alt=\"\" data-height=\"1280\" data-id=\"25580\" data-link=\"https:\/\/www.cisa-arica.cl\/wp1\/?attachment_id=25580\" data-url=\"https:\/\/www.cisa-arica.cl\/wp1\/wp-content\/uploads\/2024\/05\/WhatsApp-Image-2024-05-16-at-12.23.01-6-270x600.jpeg\" data-width=\"576\" src=\"https:\/\/i2.wp.com\/www.cisa-arica.cl\/wp1\/wp-content\/uploads\/2024\/05\/WhatsApp-Image-2024-05-16-at-12.23.01-6-270x600.jpeg?ssl=1\" data-amp-layout=\"responsive\"\/><\/figure><\/div><\/div><div class=\"tiled-gallery__row\"><div class=\"tiled-gallery__col\" style=\"flex-basis:100.00000%\"><figure class=\"tiled-gallery__item\"><img decoding=\"async\" data-attachment-id=\"25581\" data-permalink=\"https:\/\/www.cisa-arica.cl\/wp1\/2024\/05\/17\/desfile-escolar-glorias-navales\/whatsapp-image-2024-05-16-at-12-23-01-5\/\" data-orig-file=\"https:\/\/www.cisa-arica.cl\/wp1\/wp-content\/uploads\/2024\/05\/WhatsApp-Image-2024-05-16-at-12.23.01-5.jpeg\" data-orig-size=\"1280,576\" data-comments-opened=\"0\" data-image-meta=\"{&quot;aperture&quot;:&quot;0&quot;,&quot;credit&quot;:&quot;&quot;,&quot;camera&quot;:&quot;&quot;,&quot;caption&quot;:&quot;&quot;,&quot;created_timestamp&quot;:&quot;0&quot;,&quot;copyright&quot;:&quot;&quot;,&quot;focal_length&quot;:&quot;0&quot;,&quot;iso&quot;:&quot;0&quot;,&quot;shutter_speed&quot;:&quot;0&quot;,&quot;title&quot;:&quot;&quot;,&quot;orientation&quot;:&quot;0&quot;}\" data-image-title=\"WhatsApp-Image-2024-05-16-at-12.23.01-5\" data-image-description=\"\" data-image-caption=\"\" data-large-file=\"https:\/\/www.cisa-arica.cl\/wp1\/wp-content\/uploads\/2024\/05\/WhatsApp-Image-2024-05-16-at-12.23.01-5-600x270.jpeg\" data-attachment-id=\"25581\" data-permalink=\"https:\/\/www.cisa-arica.cl\/wp1\/2024\/05\/17\/desfile-escolar-glorias-navales\/whatsapp-image-2024-05-16-at-12-23-01-5\/\" data-orig-file=\"https:\/\/www.cisa-arica.cl\/wp1\/wp-content\/uploads\/2024\/05\/WhatsApp-Image-2024-05-16-at-12.23.01-5.jpeg\" data-orig-size=\"1280,576\" data-comments-opened=\"0\" data-image-meta=\"{&quot;aperture&quot;:&quot;0&quot;,&quot;credit&quot;:&quot;&quot;,&quot;camera&quot;:&quot;&quot;,&quot;caption&quot;:&quot;&quot;,&quot;created_timestamp&quot;:&quot;0&quot;,&quot;copyright&quot;:&quot;&quot;,&quot;focal_length&quot;:&quot;0&quot;,&quot;iso&quot;:&quot;0&quot;,&quot;shutter_speed&quot;:&quot;0&quot;,&quot;title&quot;:&quot;&quot;,&quot;orientation&quot;:&quot;0&quot;}\" data-image-title=\"WhatsApp-Image-2024-05-16-at-12.23.01-5\" data-image-description=\"\" data-image-caption=\"\" data-large-file=\"https:\/\/www.cisa-arica.cl\/wp1\/wp-content\/uploads\/2024\/05\/WhatsApp-Image-2024-05-16-at-12.23.01-5-600x270.jpeg\" role=\"button\" tabindex=\"0\" aria-label=\"Abrir la imagen 20 de 35 en pantalla completa\"srcset=\"https:\/\/i2.wp.com\/www.cisa-arica.cl\/wp1\/wp-content\/uploads\/2024\/05\/WhatsApp-Image-2024-05-16-at-12.23.01-5-600x270.jpeg?strip=info&#038;w=600&#038;ssl=1 600w,https:\/\/i2.wp.com\/www.cisa-arica.cl\/wp1\/wp-content\/uploads\/2024\/05\/WhatsApp-Image-2024-05-16-at-12.23.01-5-600x270.jpeg?strip=info&#038;w=900&#038;ssl=1 900w,https:\/\/i2.wp.com\/www.cisa-arica.cl\/wp1\/wp-content\/uploads\/2024\/05\/WhatsApp-Image-2024-05-16-at-12.23.01-5-600x270.jpeg?strip=info&#038;w=1200&#038;ssl=1 1200w,https:\/\/i2.wp.com\/www.cisa-arica.cl\/wp1\/wp-content\/uploads\/2024\/05\/WhatsApp-Image-2024-05-16-at-12.23.01-5-600x270.jpeg?strip=info&#038;w=1280&#038;ssl=1 1280w\" alt=\"\" data-height=\"576\" data-id=\"25581\" data-link=\"https:\/\/www.cisa-arica.cl\/wp1\/?attachment_id=25581\" data-url=\"https:\/\/www.cisa-arica.cl\/wp1\/wp-content\/uploads\/2024\/05\/WhatsApp-Image-2024-05-16-at-12.23.01-5-600x270.jpeg\" data-width=\"1280\" src=\"https:\/\/i2.wp.com\/www.cisa-arica.cl\/wp1\/wp-content\/uploads\/2024\/05\/WhatsApp-Image-2024-05-16-at-12.23.01-5-600x270.jpeg?ssl=1\" data-amp-layout=\"responsive\"\/><\/figure><\/div><\/div><div class=\"tiled-gallery__row\"><div class=\"tiled-gallery__col\" style=\"flex-basis:100.00000%\"><figure class=\"tiled-gallery__item\"><img decoding=\"async\" data-attachment-id=\"25582\" data-permalink=\"https:\/\/www.cisa-arica.cl\/wp1\/2024\/05\/17\/desfile-escolar-glorias-navales\/whatsapp-image-2024-05-16-at-12-23-01-4\/\" data-orig-file=\"https:\/\/www.cisa-arica.cl\/wp1\/wp-content\/uploads\/2024\/05\/WhatsApp-Image-2024-05-16-at-12.23.01-4.jpeg\" data-orig-size=\"1280,576\" data-comments-opened=\"0\" data-image-meta=\"{&quot;aperture&quot;:&quot;0&quot;,&quot;credit&quot;:&quot;&quot;,&quot;camera&quot;:&quot;&quot;,&quot;caption&quot;:&quot;&quot;,&quot;created_timestamp&quot;:&quot;0&quot;,&quot;copyright&quot;:&quot;&quot;,&quot;focal_length&quot;:&quot;0&quot;,&quot;iso&quot;:&quot;0&quot;,&quot;shutter_speed&quot;:&quot;0&quot;,&quot;title&quot;:&quot;&quot;,&quot;orientation&quot;:&quot;0&quot;}\" data-image-title=\"WhatsApp-Image-2024-05-16-at-12.23.01-4\" data-image-description=\"\" data-image-caption=\"\" data-large-file=\"https:\/\/www.cisa-arica.cl\/wp1\/wp-content\/uploads\/2024\/05\/WhatsApp-Image-2024-05-16-at-12.23.01-4-600x270.jpeg\" data-attachment-id=\"25582\" data-permalink=\"https:\/\/www.cisa-arica.cl\/wp1\/2024\/05\/17\/desfile-escolar-glorias-navales\/whatsapp-image-2024-05-16-at-12-23-01-4\/\" data-orig-file=\"https:\/\/www.cisa-arica.cl\/wp1\/wp-content\/uploads\/2024\/05\/WhatsApp-Image-2024-05-16-at-12.23.01-4.jpeg\" data-orig-size=\"1280,576\" data-comments-opened=\"0\" data-image-meta=\"{&quot;aperture&quot;:&quot;0&quot;,&quot;credit&quot;:&quot;&quot;,&quot;camera&quot;:&quot;&quot;,&quot;caption&quot;:&quot;&quot;,&quot;created_timestamp&quot;:&quot;0&quot;,&quot;copyright&quot;:&quot;&quot;,&quot;focal_length&quot;:&quot;0&quot;,&quot;iso&quot;:&quot;0&quot;,&quot;shutter_speed&quot;:&quot;0&quot;,&quot;title&quot;:&quot;&quot;,&quot;orientation&quot;:&quot;0&quot;}\" data-image-title=\"WhatsApp-Image-2024-05-16-at-12.23.01-4\" data-image-description=\"\" data-image-caption=\"\" data-large-file=\"https:\/\/www.cisa-arica.cl\/wp1\/wp-content\/uploads\/2024\/05\/WhatsApp-Image-2024-05-16-at-12.23.01-4-600x270.jpeg\" role=\"button\" tabindex=\"0\" aria-label=\"Abrir la imagen 21 de 35 en pantalla completa\"srcset=\"https:\/\/i2.wp.com\/www.cisa-arica.cl\/wp1\/wp-content\/uploads\/2024\/05\/WhatsApp-Image-2024-05-16-at-12.23.01-4-600x270.jpeg?strip=info&#038;w=600&#038;ssl=1 600w,https:\/\/i2.wp.com\/www.cisa-arica.cl\/wp1\/wp-content\/uploads\/2024\/05\/WhatsApp-Image-2024-05-16-at-12.23.01-4-600x270.jpeg?strip=info&#038;w=900&#038;ssl=1 900w,https:\/\/i2.wp.com\/www.cisa-arica.cl\/wp1\/wp-content\/uploads\/2024\/05\/WhatsApp-Image-2024-05-16-at-12.23.01-4-600x270.jpeg?strip=info&#038;w=1200&#038;ssl=1 1200w,https:\/\/i2.wp.com\/www.cisa-arica.cl\/wp1\/wp-content\/uploads\/2024\/05\/WhatsApp-Image-2024-05-16-at-12.23.01-4-600x270.jpeg?strip=info&#038;w=1280&#038;ssl=1 1280w\" alt=\"\" data-height=\"576\" data-id=\"25582\" data-link=\"https:\/\/www.cisa-arica.cl\/wp1\/?attachment_id=25582\" data-url=\"https:\/\/www.cisa-arica.cl\/wp1\/wp-content\/uploads\/2024\/05\/WhatsApp-Image-2024-05-16-at-12.23.01-4-600x270.jpeg\" data-width=\"1280\" src=\"https:\/\/i2.wp.com\/www.cisa-arica.cl\/wp1\/wp-content\/uploads\/2024\/05\/WhatsApp-Image-2024-05-16-at-12.23.01-4-600x270.jpeg?ssl=1\" data-amp-layout=\"responsive\"\/><\/figure><\/div><\/div><div class=\"tiled-gallery__row\"><div class=\"tiled-gallery__col\" style=\"flex-basis:16.91847%\"><figure class=\"tiled-gallery__item\"><img decoding=\"async\" data-attachment-id=\"25583\" data-permalink=\"https:\/\/www.cisa-arica.cl\/wp1\/2024\/05\/17\/desfile-escolar-glorias-navales\/whatsapp-image-2024-05-16-at-12-23-01-3\/\" data-orig-file=\"https:\/\/www.cisa-arica.cl\/wp1\/wp-content\/uploads\/2024\/05\/WhatsApp-Image-2024-05-16-at-12.23.01-3.jpeg\" data-orig-size=\"576,1280\" data-comments-opened=\"0\" data-image-meta=\"{&quot;aperture&quot;:&quot;0&quot;,&quot;credit&quot;:&quot;&quot;,&quot;camera&quot;:&quot;&quot;,&quot;caption&quot;:&quot;&quot;,&quot;created_timestamp&quot;:&quot;0&quot;,&quot;copyright&quot;:&quot;&quot;,&quot;focal_length&quot;:&quot;0&quot;,&quot;iso&quot;:&quot;0&quot;,&quot;shutter_speed&quot;:&quot;0&quot;,&quot;title&quot;:&quot;&quot;,&quot;orientation&quot;:&quot;0&quot;}\" data-image-title=\"WhatsApp-Image-2024-05-16-at-12.23.01-3\" data-image-description=\"\" data-image-caption=\"\" data-large-file=\"https:\/\/www.cisa-arica.cl\/wp1\/wp-content\/uploads\/2024\/05\/WhatsApp-Image-2024-05-16-at-12.23.01-3-270x600.jpeg\" data-attachment-id=\"25583\" data-permalink=\"https:\/\/www.cisa-arica.cl\/wp1\/2024\/05\/17\/desfile-escolar-glorias-navales\/whatsapp-image-2024-05-16-at-12-23-01-3\/\" data-orig-file=\"https:\/\/www.cisa-arica.cl\/wp1\/wp-content\/uploads\/2024\/05\/WhatsApp-Image-2024-05-16-at-12.23.01-3.jpeg\" data-orig-size=\"576,1280\" data-comments-opened=\"0\" data-image-meta=\"{&quot;aperture&quot;:&quot;0&quot;,&quot;credit&quot;:&quot;&quot;,&quot;camera&quot;:&quot;&quot;,&quot;caption&quot;:&quot;&quot;,&quot;created_timestamp&quot;:&quot;0&quot;,&quot;copyright&quot;:&quot;&quot;,&quot;focal_length&quot;:&quot;0&quot;,&quot;iso&quot;:&quot;0&quot;,&quot;shutter_speed&quot;:&quot;0&quot;,&quot;title&quot;:&quot;&quot;,&quot;orientation&quot;:&quot;0&quot;}\" data-image-title=\"WhatsApp-Image-2024-05-16-at-12.23.01-3\" data-image-description=\"\" data-image-caption=\"\" data-large-file=\"https:\/\/www.cisa-arica.cl\/wp1\/wp-content\/uploads\/2024\/05\/WhatsApp-Image-2024-05-16-at-12.23.01-3-270x600.jpeg\" role=\"button\" tabindex=\"0\" aria-label=\"Abrir la imagen 22 de 35 en pantalla completa\"srcset=\"https:\/\/i0.wp.com\/www.cisa-arica.cl\/wp1\/wp-content\/uploads\/2024\/05\/WhatsApp-Image-2024-05-16-at-12.23.01-3-270x600.jpeg?strip=info&#038;w=576&#038;ssl=1 576w\" alt=\"\" data-height=\"1280\" data-id=\"25583\" data-link=\"https:\/\/www.cisa-arica.cl\/wp1\/?attachment_id=25583\" data-url=\"https:\/\/www.cisa-arica.cl\/wp1\/wp-content\/uploads\/2024\/05\/WhatsApp-Image-2024-05-16-at-12.23.01-3-270x600.jpeg\" data-width=\"576\" src=\"https:\/\/i0.wp.com\/www.cisa-arica.cl\/wp1\/wp-content\/uploads\/2024\/05\/WhatsApp-Image-2024-05-16-at-12.23.01-3-270x600.jpeg?ssl=1\" data-amp-layout=\"responsive\"\/><\/figure><\/div><div class=\"tiled-gallery__col\" style=\"flex-basis:83.08153%\"><figure class=\"tiled-gallery__item\"><img decoding=\"async\" data-attachment-id=\"25584\" data-permalink=\"https:\/\/www.cisa-arica.cl\/wp1\/2024\/05\/17\/desfile-escolar-glorias-navales\/whatsapp-image-2024-05-16-at-12-23-01-2\/\" data-orig-file=\"https:\/\/www.cisa-arica.cl\/wp1\/wp-content\/uploads\/2024\/05\/WhatsApp-Image-2024-05-16-at-12.23.01-2.jpeg\" data-orig-size=\"1280,576\" data-comments-opened=\"0\" data-image-meta=\"{&quot;aperture&quot;:&quot;0&quot;,&quot;credit&quot;:&quot;&quot;,&quot;camera&quot;:&quot;&quot;,&quot;caption&quot;:&quot;&quot;,&quot;created_timestamp&quot;:&quot;0&quot;,&quot;copyright&quot;:&quot;&quot;,&quot;focal_length&quot;:&quot;0&quot;,&quot;iso&quot;:&quot;0&quot;,&quot;shutter_speed&quot;:&quot;0&quot;,&quot;title&quot;:&quot;&quot;,&quot;orientation&quot;:&quot;0&quot;}\" data-image-title=\"WhatsApp-Image-2024-05-16-at-12.23.01-2\" data-image-description=\"\" data-image-caption=\"\" data-large-file=\"https:\/\/www.cisa-arica.cl\/wp1\/wp-content\/uploads\/2024\/05\/WhatsApp-Image-2024-05-16-at-12.23.01-2-600x270.jpeg\" data-attachment-id=\"25584\" data-permalink=\"https:\/\/www.cisa-arica.cl\/wp1\/2024\/05\/17\/desfile-escolar-glorias-navales\/whatsapp-image-2024-05-16-at-12-23-01-2\/\" data-orig-file=\"https:\/\/www.cisa-arica.cl\/wp1\/wp-content\/uploads\/2024\/05\/WhatsApp-Image-2024-05-16-at-12.23.01-2.jpeg\" data-orig-size=\"1280,576\" data-comments-opened=\"0\" data-image-meta=\"{&quot;aperture&quot;:&quot;0&quot;,&quot;credit&quot;:&quot;&quot;,&quot;camera&quot;:&quot;&quot;,&quot;caption&quot;:&quot;&quot;,&quot;created_timestamp&quot;:&quot;0&quot;,&quot;copyright&quot;:&quot;&quot;,&quot;focal_length&quot;:&quot;0&quot;,&quot;iso&quot;:&quot;0&quot;,&quot;shutter_speed&quot;:&quot;0&quot;,&quot;title&quot;:&quot;&quot;,&quot;orientation&quot;:&quot;0&quot;}\" data-image-title=\"WhatsApp-Image-2024-05-16-at-12.23.01-2\" data-image-description=\"\" data-image-caption=\"\" data-large-file=\"https:\/\/www.cisa-arica.cl\/wp1\/wp-content\/uploads\/2024\/05\/WhatsApp-Image-2024-05-16-at-12.23.01-2-600x270.jpeg\" role=\"button\" tabindex=\"0\" aria-label=\"Abrir la imagen 23 de 35 en pantalla completa\"srcset=\"https:\/\/i2.wp.com\/www.cisa-arica.cl\/wp1\/wp-content\/uploads\/2024\/05\/WhatsApp-Image-2024-05-16-at-12.23.01-2-600x270.jpeg?strip=info&#038;w=600&#038;ssl=1 600w,https:\/\/i2.wp.com\/www.cisa-arica.cl\/wp1\/wp-content\/uploads\/2024\/05\/WhatsApp-Image-2024-05-16-at-12.23.01-2-600x270.jpeg?strip=info&#038;w=900&#038;ssl=1 900w,https:\/\/i2.wp.com\/www.cisa-arica.cl\/wp1\/wp-content\/uploads\/2024\/05\/WhatsApp-Image-2024-05-16-at-12.23.01-2-600x270.jpeg?strip=info&#038;w=1200&#038;ssl=1 1200w,https:\/\/i2.wp.com\/www.cisa-arica.cl\/wp1\/wp-content\/uploads\/2024\/05\/WhatsApp-Image-2024-05-16-at-12.23.01-2-600x270.jpeg?strip=info&#038;w=1280&#038;ssl=1 1280w\" alt=\"\" data-height=\"576\" data-id=\"25584\" data-link=\"https:\/\/www.cisa-arica.cl\/wp1\/?attachment_id=25584\" data-url=\"https:\/\/www.cisa-arica.cl\/wp1\/wp-content\/uploads\/2024\/05\/WhatsApp-Image-2024-05-16-at-12.23.01-2-600x270.jpeg\" data-width=\"1280\" src=\"https:\/\/i2.wp.com\/www.cisa-arica.cl\/wp1\/wp-content\/uploads\/2024\/05\/WhatsApp-Image-2024-05-16-at-12.23.01-2-600x270.jpeg?ssl=1\" data-amp-layout=\"responsive\"\/><\/figure><\/div><\/div><div class=\"tiled-gallery__row\"><div class=\"tiled-gallery__col\" style=\"flex-basis:16.91847%\"><figure class=\"tiled-gallery__item\"><img decoding=\"async\" data-attachment-id=\"25585\" data-permalink=\"https:\/\/www.cisa-arica.cl\/wp1\/2024\/05\/17\/desfile-escolar-glorias-navales\/whatsapp-image-2024-05-16-at-12-23-01-1\/\" data-orig-file=\"https:\/\/www.cisa-arica.cl\/wp1\/wp-content\/uploads\/2024\/05\/WhatsApp-Image-2024-05-16-at-12.23.01-1.jpeg\" data-orig-size=\"576,1280\" data-comments-opened=\"0\" data-image-meta=\"{&quot;aperture&quot;:&quot;0&quot;,&quot;credit&quot;:&quot;&quot;,&quot;camera&quot;:&quot;&quot;,&quot;caption&quot;:&quot;&quot;,&quot;created_timestamp&quot;:&quot;0&quot;,&quot;copyright&quot;:&quot;&quot;,&quot;focal_length&quot;:&quot;0&quot;,&quot;iso&quot;:&quot;0&quot;,&quot;shutter_speed&quot;:&quot;0&quot;,&quot;title&quot;:&quot;&quot;,&quot;orientation&quot;:&quot;0&quot;}\" data-image-title=\"WhatsApp-Image-2024-05-16-at-12.23.01-1\" data-image-description=\"\" data-image-caption=\"\" data-large-file=\"https:\/\/www.cisa-arica.cl\/wp1\/wp-content\/uploads\/2024\/05\/WhatsApp-Image-2024-05-16-at-12.23.01-1-270x600.jpeg\" data-attachment-id=\"25585\" data-permalink=\"https:\/\/www.cisa-arica.cl\/wp1\/2024\/05\/17\/desfile-escolar-glorias-navales\/whatsapp-image-2024-05-16-at-12-23-01-1\/\" data-orig-file=\"https:\/\/www.cisa-arica.cl\/wp1\/wp-content\/uploads\/2024\/05\/WhatsApp-Image-2024-05-16-at-12.23.01-1.jpeg\" data-orig-size=\"576,1280\" data-comments-opened=\"0\" data-image-meta=\"{&quot;aperture&quot;:&quot;0&quot;,&quot;credit&quot;:&quot;&quot;,&quot;camera&quot;:&quot;&quot;,&quot;caption&quot;:&quot;&quot;,&quot;created_timestamp&quot;:&quot;0&quot;,&quot;copyright&quot;:&quot;&quot;,&quot;focal_length&quot;:&quot;0&quot;,&quot;iso&quot;:&quot;0&quot;,&quot;shutter_speed&quot;:&quot;0&quot;,&quot;title&quot;:&quot;&quot;,&quot;orientation&quot;:&quot;0&quot;}\" data-image-title=\"WhatsApp-Image-2024-05-16-at-12.23.01-1\" data-image-description=\"\" data-image-caption=\"\" data-large-file=\"https:\/\/www.cisa-arica.cl\/wp1\/wp-content\/uploads\/2024\/05\/WhatsApp-Image-2024-05-16-at-12.23.01-1-270x600.jpeg\" role=\"button\" tabindex=\"0\" aria-label=\"Abrir la imagen 24 de 35 en pantalla completa\"srcset=\"https:\/\/i1.wp.com\/www.cisa-arica.cl\/wp1\/wp-content\/uploads\/2024\/05\/WhatsApp-Image-2024-05-16-at-12.23.01-1-270x600.jpeg?strip=info&#038;w=576&#038;ssl=1 576w\" alt=\"\" data-height=\"1280\" data-id=\"25585\" data-link=\"https:\/\/www.cisa-arica.cl\/wp1\/?attachment_id=25585\" data-url=\"https:\/\/www.cisa-arica.cl\/wp1\/wp-content\/uploads\/2024\/05\/WhatsApp-Image-2024-05-16-at-12.23.01-1-270x600.jpeg\" data-width=\"576\" src=\"https:\/\/i1.wp.com\/www.cisa-arica.cl\/wp1\/wp-content\/uploads\/2024\/05\/WhatsApp-Image-2024-05-16-at-12.23.01-1-270x600.jpeg?ssl=1\" data-amp-layout=\"responsive\"\/><\/figure><\/div><div class=\"tiled-gallery__col\" style=\"flex-basis:83.08153%\"><figure class=\"tiled-gallery__item\"><img decoding=\"async\" data-attachment-id=\"25586\" data-permalink=\"https:\/\/www.cisa-arica.cl\/wp1\/2024\/05\/17\/desfile-escolar-glorias-navales\/whatsapp-image-2024-05-16-at-12-23-00\/\" data-orig-file=\"https:\/\/www.cisa-arica.cl\/wp1\/wp-content\/uploads\/2024\/05\/WhatsApp-Image-2024-05-16-at-12.23.00.jpeg\" data-orig-size=\"1280,576\" data-comments-opened=\"0\" data-image-meta=\"{&quot;aperture&quot;:&quot;0&quot;,&quot;credit&quot;:&quot;&quot;,&quot;camera&quot;:&quot;&quot;,&quot;caption&quot;:&quot;&quot;,&quot;created_timestamp&quot;:&quot;0&quot;,&quot;copyright&quot;:&quot;&quot;,&quot;focal_length&quot;:&quot;0&quot;,&quot;iso&quot;:&quot;0&quot;,&quot;shutter_speed&quot;:&quot;0&quot;,&quot;title&quot;:&quot;&quot;,&quot;orientation&quot;:&quot;0&quot;}\" data-image-title=\"WhatsApp-Image-2024-05-16-at-12.23.00\" data-image-description=\"\" data-image-caption=\"\" data-large-file=\"https:\/\/www.cisa-arica.cl\/wp1\/wp-content\/uploads\/2024\/05\/WhatsApp-Image-2024-05-16-at-12.23.00-600x270.jpeg\" data-attachment-id=\"25586\" data-permalink=\"https:\/\/www.cisa-arica.cl\/wp1\/2024\/05\/17\/desfile-escolar-glorias-navales\/whatsapp-image-2024-05-16-at-12-23-00\/\" data-orig-file=\"https:\/\/www.cisa-arica.cl\/wp1\/wp-content\/uploads\/2024\/05\/WhatsApp-Image-2024-05-16-at-12.23.00.jpeg\" data-orig-size=\"1280,576\" data-comments-opened=\"0\" data-image-meta=\"{&quot;aperture&quot;:&quot;0&quot;,&quot;credit&quot;:&quot;&quot;,&quot;camera&quot;:&quot;&quot;,&quot;caption&quot;:&quot;&quot;,&quot;created_timestamp&quot;:&quot;0&quot;,&quot;copyright&quot;:&quot;&quot;,&quot;focal_length&quot;:&quot;0&quot;,&quot;iso&quot;:&quot;0&quot;,&quot;shutter_speed&quot;:&quot;0&quot;,&quot;title&quot;:&quot;&quot;,&quot;orientation&quot;:&quot;0&quot;}\" data-image-title=\"WhatsApp-Image-2024-05-16-at-12.23.00\" data-image-description=\"\" data-image-caption=\"\" data-large-file=\"https:\/\/www.cisa-arica.cl\/wp1\/wp-content\/uploads\/2024\/05\/WhatsApp-Image-2024-05-16-at-12.23.00-600x270.jpeg\" role=\"button\" tabindex=\"0\" aria-label=\"Abrir la imagen 25 de 35 en pantalla completa\"srcset=\"https:\/\/i2.wp.com\/www.cisa-arica.cl\/wp1\/wp-content\/uploads\/2024\/05\/WhatsApp-Image-2024-05-16-at-12.23.00-600x270.jpeg?strip=info&#038;w=600&#038;ssl=1 600w,https:\/\/i2.wp.com\/www.cisa-arica.cl\/wp1\/wp-content\/uploads\/2024\/05\/WhatsApp-Image-2024-05-16-at-12.23.00-600x270.jpeg?strip=info&#038;w=900&#038;ssl=1 900w,https:\/\/i2.wp.com\/www.cisa-arica.cl\/wp1\/wp-content\/uploads\/2024\/05\/WhatsApp-Image-2024-05-16-at-12.23.00-600x270.jpeg?strip=info&#038;w=1200&#038;ssl=1 1200w,https:\/\/i2.wp.com\/www.cisa-arica.cl\/wp1\/wp-content\/uploads\/2024\/05\/WhatsApp-Image-2024-05-16-at-12.23.00-600x270.jpeg?strip=info&#038;w=1280&#038;ssl=1 1280w\" alt=\"\" data-height=\"576\" data-id=\"25586\" data-link=\"https:\/\/www.cisa-arica.cl\/wp1\/?attachment_id=25586\" data-url=\"https:\/\/www.cisa-arica.cl\/wp1\/wp-content\/uploads\/2024\/05\/WhatsApp-Image-2024-05-16-at-12.23.00-600x270.jpeg\" data-width=\"1280\" src=\"https:\/\/i2.wp.com\/www.cisa-arica.cl\/wp1\/wp-content\/uploads\/2024\/05\/WhatsApp-Image-2024-05-16-at-12.23.00-600x270.jpeg?ssl=1\" data-amp-layout=\"responsive\"\/><\/figure><\/div><\/div><div class=\"tiled-gallery__row\"><div class=\"tiled-gallery__col\" style=\"flex-basis:45.35039%\"><figure class=\"tiled-gallery__item\"><img decoding=\"async\" data-attachment-id=\"25587\" data-permalink=\"https:\/\/www.cisa-arica.cl\/wp1\/2024\/05\/17\/desfile-escolar-glorias-navales\/whatsapp-image-2024-05-16-at-12-23-00-9\/\" data-orig-file=\"https:\/\/www.cisa-arica.cl\/wp1\/wp-content\/uploads\/2024\/05\/WhatsApp-Image-2024-05-16-at-12.23.00-9.jpeg\" data-orig-size=\"1280,576\" data-comments-opened=\"0\" data-image-meta=\"{&quot;aperture&quot;:&quot;0&quot;,&quot;credit&quot;:&quot;&quot;,&quot;camera&quot;:&quot;&quot;,&quot;caption&quot;:&quot;&quot;,&quot;created_timestamp&quot;:&quot;0&quot;,&quot;copyright&quot;:&quot;&quot;,&quot;focal_length&quot;:&quot;0&quot;,&quot;iso&quot;:&quot;0&quot;,&quot;shutter_speed&quot;:&quot;0&quot;,&quot;title&quot;:&quot;&quot;,&quot;orientation&quot;:&quot;0&quot;}\" data-image-title=\"WhatsApp-Image-2024-05-16-at-12.23.00-9\" data-image-description=\"\" data-image-caption=\"\" data-large-file=\"https:\/\/www.cisa-arica.cl\/wp1\/wp-content\/uploads\/2024\/05\/WhatsApp-Image-2024-05-16-at-12.23.00-9-600x270.jpeg\" data-attachment-id=\"25587\" data-permalink=\"https:\/\/www.cisa-arica.cl\/wp1\/2024\/05\/17\/desfile-escolar-glorias-navales\/whatsapp-image-2024-05-16-at-12-23-00-9\/\" data-orig-file=\"https:\/\/www.cisa-arica.cl\/wp1\/wp-content\/uploads\/2024\/05\/WhatsApp-Image-2024-05-16-at-12.23.00-9.jpeg\" data-orig-size=\"1280,576\" data-comments-opened=\"0\" data-image-meta=\"{&quot;aperture&quot;:&quot;0&quot;,&quot;credit&quot;:&quot;&quot;,&quot;camera&quot;:&quot;&quot;,&quot;caption&quot;:&quot;&quot;,&quot;created_timestamp&quot;:&quot;0&quot;,&quot;copyright&quot;:&quot;&quot;,&quot;focal_length&quot;:&quot;0&quot;,&quot;iso&quot;:&quot;0&quot;,&quot;shutter_speed&quot;:&quot;0&quot;,&quot;title&quot;:&quot;&quot;,&quot;orientation&quot;:&quot;0&quot;}\" data-image-title=\"WhatsApp-Image-2024-05-16-at-12.23.00-9\" data-image-description=\"\" data-image-caption=\"\" data-large-file=\"https:\/\/www.cisa-arica.cl\/wp1\/wp-content\/uploads\/2024\/05\/WhatsApp-Image-2024-05-16-at-12.23.00-9-600x270.jpeg\" role=\"button\" tabindex=\"0\" aria-label=\"Abrir la imagen 26 de 35 en pantalla completa\"srcset=\"https:\/\/i1.wp.com\/www.cisa-arica.cl\/wp1\/wp-content\/uploads\/2024\/05\/WhatsApp-Image-2024-05-16-at-12.23.00-9-600x270.jpeg?strip=info&#038;w=600&#038;ssl=1 600w,https:\/\/i1.wp.com\/www.cisa-arica.cl\/wp1\/wp-content\/uploads\/2024\/05\/WhatsApp-Image-2024-05-16-at-12.23.00-9-600x270.jpeg?strip=info&#038;w=900&#038;ssl=1 900w,https:\/\/i1.wp.com\/www.cisa-arica.cl\/wp1\/wp-content\/uploads\/2024\/05\/WhatsApp-Image-2024-05-16-at-12.23.00-9-600x270.jpeg?strip=info&#038;w=1200&#038;ssl=1 1200w,https:\/\/i1.wp.com\/www.cisa-arica.cl\/wp1\/wp-content\/uploads\/2024\/05\/WhatsApp-Image-2024-05-16-at-12.23.00-9-600x270.jpeg?strip=info&#038;w=1280&#038;ssl=1 1280w\" alt=\"\" data-height=\"576\" data-id=\"25587\" data-link=\"https:\/\/www.cisa-arica.cl\/wp1\/?attachment_id=25587\" data-url=\"https:\/\/www.cisa-arica.cl\/wp1\/wp-content\/uploads\/2024\/05\/WhatsApp-Image-2024-05-16-at-12.23.00-9-600x270.jpeg\" data-width=\"1280\" src=\"https:\/\/i1.wp.com\/www.cisa-arica.cl\/wp1\/wp-content\/uploads\/2024\/05\/WhatsApp-Image-2024-05-16-at-12.23.00-9-600x270.jpeg?ssl=1\" data-amp-layout=\"responsive\"\/><\/figure><\/div><div class=\"tiled-gallery__col\" style=\"flex-basis:9.29921%\"><figure class=\"tiled-gallery__item\"><img decoding=\"async\" data-attachment-id=\"25588\" data-permalink=\"https:\/\/www.cisa-arica.cl\/wp1\/2024\/05\/17\/desfile-escolar-glorias-navales\/whatsapp-image-2024-05-16-at-12-23-00-8\/\" data-orig-file=\"https:\/\/www.cisa-arica.cl\/wp1\/wp-content\/uploads\/2024\/05\/WhatsApp-Image-2024-05-16-at-12.23.00-8.jpeg\" data-orig-size=\"576,1280\" data-comments-opened=\"0\" data-image-meta=\"{&quot;aperture&quot;:&quot;0&quot;,&quot;credit&quot;:&quot;&quot;,&quot;camera&quot;:&quot;&quot;,&quot;caption&quot;:&quot;&quot;,&quot;created_timestamp&quot;:&quot;0&quot;,&quot;copyright&quot;:&quot;&quot;,&quot;focal_length&quot;:&quot;0&quot;,&quot;iso&quot;:&quot;0&quot;,&quot;shutter_speed&quot;:&quot;0&quot;,&quot;title&quot;:&quot;&quot;,&quot;orientation&quot;:&quot;0&quot;}\" data-image-title=\"WhatsApp-Image-2024-05-16-at-12.23.00-8\" data-image-description=\"\" data-image-caption=\"\" data-large-file=\"https:\/\/www.cisa-arica.cl\/wp1\/wp-content\/uploads\/2024\/05\/WhatsApp-Image-2024-05-16-at-12.23.00-8-270x600.jpeg\" data-attachment-id=\"25588\" data-permalink=\"https:\/\/www.cisa-arica.cl\/wp1\/2024\/05\/17\/desfile-escolar-glorias-navales\/whatsapp-image-2024-05-16-at-12-23-00-8\/\" data-orig-file=\"https:\/\/www.cisa-arica.cl\/wp1\/wp-content\/uploads\/2024\/05\/WhatsApp-Image-2024-05-16-at-12.23.00-8.jpeg\" data-orig-size=\"576,1280\" data-comments-opened=\"0\" data-image-meta=\"{&quot;aperture&quot;:&quot;0&quot;,&quot;credit&quot;:&quot;&quot;,&quot;camera&quot;:&quot;&quot;,&quot;caption&quot;:&quot;&quot;,&quot;created_timestamp&quot;:&quot;0&quot;,&quot;copyright&quot;:&quot;&quot;,&quot;focal_length&quot;:&quot;0&quot;,&quot;iso&quot;:&quot;0&quot;,&quot;shutter_speed&quot;:&quot;0&quot;,&quot;title&quot;:&quot;&quot;,&quot;orientation&quot;:&quot;0&quot;}\" data-image-title=\"WhatsApp-Image-2024-05-16-at-12.23.00-8\" data-image-description=\"\" data-image-caption=\"\" data-large-file=\"https:\/\/www.cisa-arica.cl\/wp1\/wp-content\/uploads\/2024\/05\/WhatsApp-Image-2024-05-16-at-12.23.00-8-270x600.jpeg\" role=\"button\" tabindex=\"0\" aria-label=\"Abrir la imagen 27 de 35 en pantalla completa\"srcset=\"https:\/\/i2.wp.com\/www.cisa-arica.cl\/wp1\/wp-content\/uploads\/2024\/05\/WhatsApp-Image-2024-05-16-at-12.23.00-8-270x600.jpeg?strip=info&#038;w=576&#038;ssl=1 576w\" alt=\"\" data-height=\"1280\" data-id=\"25588\" data-link=\"https:\/\/www.cisa-arica.cl\/wp1\/?attachment_id=25588\" data-url=\"https:\/\/www.cisa-arica.cl\/wp1\/wp-content\/uploads\/2024\/05\/WhatsApp-Image-2024-05-16-at-12.23.00-8-270x600.jpeg\" data-width=\"576\" src=\"https:\/\/i2.wp.com\/www.cisa-arica.cl\/wp1\/wp-content\/uploads\/2024\/05\/WhatsApp-Image-2024-05-16-at-12.23.00-8-270x600.jpeg?ssl=1\" data-amp-layout=\"responsive\"\/><\/figure><\/div><div class=\"tiled-gallery__col\" style=\"flex-basis:45.35039%\"><figure class=\"tiled-gallery__item\"><img decoding=\"async\" data-attachment-id=\"25589\" data-permalink=\"https:\/\/www.cisa-arica.cl\/wp1\/2024\/05\/17\/desfile-escolar-glorias-navales\/whatsapp-image-2024-05-16-at-12-23-00-7\/\" data-orig-file=\"https:\/\/www.cisa-arica.cl\/wp1\/wp-content\/uploads\/2024\/05\/WhatsApp-Image-2024-05-16-at-12.23.00-7.jpeg\" data-orig-size=\"1280,576\" data-comments-opened=\"0\" data-image-meta=\"{&quot;aperture&quot;:&quot;0&quot;,&quot;credit&quot;:&quot;&quot;,&quot;camera&quot;:&quot;&quot;,&quot;caption&quot;:&quot;&quot;,&quot;created_timestamp&quot;:&quot;0&quot;,&quot;copyright&quot;:&quot;&quot;,&quot;focal_length&quot;:&quot;0&quot;,&quot;iso&quot;:&quot;0&quot;,&quot;shutter_speed&quot;:&quot;0&quot;,&quot;title&quot;:&quot;&quot;,&quot;orientation&quot;:&quot;0&quot;}\" data-image-title=\"WhatsApp-Image-2024-05-16-at-12.23.00-7\" data-image-description=\"\" data-image-caption=\"\" data-large-file=\"https:\/\/www.cisa-arica.cl\/wp1\/wp-content\/uploads\/2024\/05\/WhatsApp-Image-2024-05-16-at-12.23.00-7-600x270.jpeg\" data-attachment-id=\"25589\" data-permalink=\"https:\/\/www.cisa-arica.cl\/wp1\/2024\/05\/17\/desfile-escolar-glorias-navales\/whatsapp-image-2024-05-16-at-12-23-00-7\/\" data-orig-file=\"https:\/\/www.cisa-arica.cl\/wp1\/wp-content\/uploads\/2024\/05\/WhatsApp-Image-2024-05-16-at-12.23.00-7.jpeg\" data-orig-size=\"1280,576\" data-comments-opened=\"0\" data-image-meta=\"{&quot;aperture&quot;:&quot;0&quot;,&quot;credit&quot;:&quot;&quot;,&quot;camera&quot;:&quot;&quot;,&quot;caption&quot;:&quot;&quot;,&quot;created_timestamp&quot;:&quot;0&quot;,&quot;copyright&quot;:&quot;&quot;,&quot;focal_length&quot;:&quot;0&quot;,&quot;iso&quot;:&quot;0&quot;,&quot;shutter_speed&quot;:&quot;0&quot;,&quot;title&quot;:&quot;&quot;,&quot;orientation&quot;:&quot;0&quot;}\" data-image-title=\"WhatsApp-Image-2024-05-16-at-12.23.00-7\" data-image-description=\"\" data-image-caption=\"\" data-large-file=\"https:\/\/www.cisa-arica.cl\/wp1\/wp-content\/uploads\/2024\/05\/WhatsApp-Image-2024-05-16-at-12.23.00-7-600x270.jpeg\" role=\"button\" tabindex=\"0\" aria-label=\"Abrir la imagen 28 de 35 en pantalla completa\"srcset=\"https:\/\/i2.wp.com\/www.cisa-arica.cl\/wp1\/wp-content\/uploads\/2024\/05\/WhatsApp-Image-2024-05-16-at-12.23.00-7-600x270.jpeg?strip=info&#038;w=600&#038;ssl=1 600w,https:\/\/i2.wp.com\/www.cisa-arica.cl\/wp1\/wp-content\/uploads\/2024\/05\/WhatsApp-Image-2024-05-16-at-12.23.00-7-600x270.jpeg?strip=info&#038;w=900&#038;ssl=1 900w,https:\/\/i2.wp.com\/www.cisa-arica.cl\/wp1\/wp-content\/uploads\/2024\/05\/WhatsApp-Image-2024-05-16-at-12.23.00-7-600x270.jpeg?strip=info&#038;w=1200&#038;ssl=1 1200w,https:\/\/i2.wp.com\/www.cisa-arica.cl\/wp1\/wp-content\/uploads\/2024\/05\/WhatsApp-Image-2024-05-16-at-12.23.00-7-600x270.jpeg?strip=info&#038;w=1280&#038;ssl=1 1280w\" alt=\"\" data-height=\"576\" data-id=\"25589\" data-link=\"https:\/\/www.cisa-arica.cl\/wp1\/?attachment_id=25589\" data-url=\"https:\/\/www.cisa-arica.cl\/wp1\/wp-content\/uploads\/2024\/05\/WhatsApp-Image-2024-05-16-at-12.23.00-7-600x270.jpeg\" data-width=\"1280\" src=\"https:\/\/i2.wp.com\/www.cisa-arica.cl\/wp1\/wp-content\/uploads\/2024\/05\/WhatsApp-Image-2024-05-16-at-12.23.00-7-600x270.jpeg?ssl=1\" data-amp-layout=\"responsive\"\/><\/figure><\/div><\/div><div class=\"tiled-gallery__row\"><div class=\"tiled-gallery__col\" style=\"flex-basis:100.00000%\"><figure class=\"tiled-gallery__item\"><img decoding=\"async\" data-attachment-id=\"25590\" data-permalink=\"https:\/\/www.cisa-arica.cl\/wp1\/2024\/05\/17\/desfile-escolar-glorias-navales\/whatsapp-image-2024-05-16-at-12-23-00-6\/\" data-orig-file=\"https:\/\/www.cisa-arica.cl\/wp1\/wp-content\/uploads\/2024\/05\/WhatsApp-Image-2024-05-16-at-12.23.00-6.jpeg\" data-orig-size=\"1280,576\" data-comments-opened=\"0\" data-image-meta=\"{&quot;aperture&quot;:&quot;0&quot;,&quot;credit&quot;:&quot;&quot;,&quot;camera&quot;:&quot;&quot;,&quot;caption&quot;:&quot;&quot;,&quot;created_timestamp&quot;:&quot;0&quot;,&quot;copyright&quot;:&quot;&quot;,&quot;focal_length&quot;:&quot;0&quot;,&quot;iso&quot;:&quot;0&quot;,&quot;shutter_speed&quot;:&quot;0&quot;,&quot;title&quot;:&quot;&quot;,&quot;orientation&quot;:&quot;0&quot;}\" data-image-title=\"WhatsApp-Image-2024-05-16-at-12.23.00-6\" data-image-description=\"\" data-image-caption=\"\" data-large-file=\"https:\/\/www.cisa-arica.cl\/wp1\/wp-content\/uploads\/2024\/05\/WhatsApp-Image-2024-05-16-at-12.23.00-6-600x270.jpeg\" data-attachment-id=\"25590\" data-permalink=\"https:\/\/www.cisa-arica.cl\/wp1\/2024\/05\/17\/desfile-escolar-glorias-navales\/whatsapp-image-2024-05-16-at-12-23-00-6\/\" data-orig-file=\"https:\/\/www.cisa-arica.cl\/wp1\/wp-content\/uploads\/2024\/05\/WhatsApp-Image-2024-05-16-at-12.23.00-6.jpeg\" data-orig-size=\"1280,576\" data-comments-opened=\"0\" data-image-meta=\"{&quot;aperture&quot;:&quot;0&quot;,&quot;credit&quot;:&quot;&quot;,&quot;camera&quot;:&quot;&quot;,&quot;caption&quot;:&quot;&quot;,&quot;created_timestamp&quot;:&quot;0&quot;,&quot;copyright&quot;:&quot;&quot;,&quot;focal_length&quot;:&quot;0&quot;,&quot;iso&quot;:&quot;0&quot;,&quot;shutter_speed&quot;:&quot;0&quot;,&quot;title&quot;:&quot;&quot;,&quot;orientation&quot;:&quot;0&quot;}\" data-image-title=\"WhatsApp-Image-2024-05-16-at-12.23.00-6\" data-image-description=\"\" data-image-caption=\"\" data-large-file=\"https:\/\/www.cisa-arica.cl\/wp1\/wp-content\/uploads\/2024\/05\/WhatsApp-Image-2024-05-16-at-12.23.00-6-600x270.jpeg\" role=\"button\" tabindex=\"0\" aria-label=\"Abrir la imagen 29 de 35 en pantalla completa\"srcset=\"https:\/\/i2.wp.com\/www.cisa-arica.cl\/wp1\/wp-content\/uploads\/2024\/05\/WhatsApp-Image-2024-05-16-at-12.23.00-6-600x270.jpeg?strip=info&#038;w=600&#038;ssl=1 600w,https:\/\/i2.wp.com\/www.cisa-arica.cl\/wp1\/wp-content\/uploads\/2024\/05\/WhatsApp-Image-2024-05-16-at-12.23.00-6-600x270.jpeg?strip=info&#038;w=900&#038;ssl=1 900w,https:\/\/i2.wp.com\/www.cisa-arica.cl\/wp1\/wp-content\/uploads\/2024\/05\/WhatsApp-Image-2024-05-16-at-12.23.00-6-600x270.jpeg?strip=info&#038;w=1200&#038;ssl=1 1200w,https:\/\/i2.wp.com\/www.cisa-arica.cl\/wp1\/wp-content\/uploads\/2024\/05\/WhatsApp-Image-2024-05-16-at-12.23.00-6-600x270.jpeg?strip=info&#038;w=1280&#038;ssl=1 1280w\" alt=\"\" data-height=\"576\" data-id=\"25590\" data-link=\"https:\/\/www.cisa-arica.cl\/wp1\/?attachment_id=25590\" data-url=\"https:\/\/www.cisa-arica.cl\/wp1\/wp-content\/uploads\/2024\/05\/WhatsApp-Image-2024-05-16-at-12.23.00-6-600x270.jpeg\" data-width=\"1280\" src=\"https:\/\/i2.wp.com\/www.cisa-arica.cl\/wp1\/wp-content\/uploads\/2024\/05\/WhatsApp-Image-2024-05-16-at-12.23.00-6-600x270.jpeg?ssl=1\" data-amp-layout=\"responsive\"\/><\/figure><\/div><\/div><div class=\"tiled-gallery__row\"><div class=\"tiled-gallery__col\" style=\"flex-basis:100.00000%\"><figure class=\"tiled-gallery__item\"><img decoding=\"async\" data-attachment-id=\"25591\" data-permalink=\"https:\/\/www.cisa-arica.cl\/wp1\/2024\/05\/17\/desfile-escolar-glorias-navales\/whatsapp-image-2024-05-16-at-12-23-00-5\/\" data-orig-file=\"https:\/\/www.cisa-arica.cl\/wp1\/wp-content\/uploads\/2024\/05\/WhatsApp-Image-2024-05-16-at-12.23.00-5.jpeg\" data-orig-size=\"1280,576\" data-comments-opened=\"0\" data-image-meta=\"{&quot;aperture&quot;:&quot;0&quot;,&quot;credit&quot;:&quot;&quot;,&quot;camera&quot;:&quot;&quot;,&quot;caption&quot;:&quot;&quot;,&quot;created_timestamp&quot;:&quot;0&quot;,&quot;copyright&quot;:&quot;&quot;,&quot;focal_length&quot;:&quot;0&quot;,&quot;iso&quot;:&quot;0&quot;,&quot;shutter_speed&quot;:&quot;0&quot;,&quot;title&quot;:&quot;&quot;,&quot;orientation&quot;:&quot;0&quot;}\" data-image-title=\"WhatsApp-Image-2024-05-16-at-12.23.00-5\" data-image-description=\"\" data-image-caption=\"\" data-large-file=\"https:\/\/www.cisa-arica.cl\/wp1\/wp-content\/uploads\/2024\/05\/WhatsApp-Image-2024-05-16-at-12.23.00-5-600x270.jpeg\" data-attachment-id=\"25591\" data-permalink=\"https:\/\/www.cisa-arica.cl\/wp1\/2024\/05\/17\/desfile-escolar-glorias-navales\/whatsapp-image-2024-05-16-at-12-23-00-5\/\" data-orig-file=\"https:\/\/www.cisa-arica.cl\/wp1\/wp-content\/uploads\/2024\/05\/WhatsApp-Image-2024-05-16-at-12.23.00-5.jpeg\" data-orig-size=\"1280,576\" data-comments-opened=\"0\" data-image-meta=\"{&quot;aperture&quot;:&quot;0&quot;,&quot;credit&quot;:&quot;&quot;,&quot;camera&quot;:&quot;&quot;,&quot;caption&quot;:&quot;&quot;,&quot;created_timestamp&quot;:&quot;0&quot;,&quot;copyright&quot;:&quot;&quot;,&quot;focal_length&quot;:&quot;0&quot;,&quot;iso&quot;:&quot;0&quot;,&quot;shutter_speed&quot;:&quot;0&quot;,&quot;title&quot;:&quot;&quot;,&quot;orientation&quot;:&quot;0&quot;}\" data-image-title=\"WhatsApp-Image-2024-05-16-at-12.23.00-5\" data-image-description=\"\" data-image-caption=\"\" data-large-file=\"https:\/\/www.cisa-arica.cl\/wp1\/wp-content\/uploads\/2024\/05\/WhatsApp-Image-2024-05-16-at-12.23.00-5-600x270.jpeg\" role=\"button\" tabindex=\"0\" aria-label=\"Abrir la imagen 30 de 35 en pantalla completa\"srcset=\"https:\/\/i1.wp.com\/www.cisa-arica.cl\/wp1\/wp-content\/uploads\/2024\/05\/WhatsApp-Image-2024-05-16-at-12.23.00-5-600x270.jpeg?strip=info&#038;w=600&#038;ssl=1 600w,https:\/\/i1.wp.com\/www.cisa-arica.cl\/wp1\/wp-content\/uploads\/2024\/05\/WhatsApp-Image-2024-05-16-at-12.23.00-5-600x270.jpeg?strip=info&#038;w=900&#038;ssl=1 900w,https:\/\/i1.wp.com\/www.cisa-arica.cl\/wp1\/wp-content\/uploads\/2024\/05\/WhatsApp-Image-2024-05-16-at-12.23.00-5-600x270.jpeg?strip=info&#038;w=1200&#038;ssl=1 1200w,https:\/\/i1.wp.com\/www.cisa-arica.cl\/wp1\/wp-content\/uploads\/2024\/05\/WhatsApp-Image-2024-05-16-at-12.23.00-5-600x270.jpeg?strip=info&#038;w=1280&#038;ssl=1 1280w\" alt=\"\" data-height=\"576\" data-id=\"25591\" data-link=\"https:\/\/www.cisa-arica.cl\/wp1\/?attachment_id=25591\" data-url=\"https:\/\/www.cisa-arica.cl\/wp1\/wp-content\/uploads\/2024\/05\/WhatsApp-Image-2024-05-16-at-12.23.00-5-600x270.jpeg\" data-width=\"1280\" src=\"https:\/\/i1.wp.com\/www.cisa-arica.cl\/wp1\/wp-content\/uploads\/2024\/05\/WhatsApp-Image-2024-05-16-at-12.23.00-5-600x270.jpeg?ssl=1\" data-amp-layout=\"responsive\"\/><\/figure><\/div><\/div><div class=\"tiled-gallery__row\"><div class=\"tiled-gallery__col\" style=\"flex-basis:100.00000%\"><figure class=\"tiled-gallery__item\"><img decoding=\"async\" data-attachment-id=\"25592\" data-permalink=\"https:\/\/www.cisa-arica.cl\/wp1\/2024\/05\/17\/desfile-escolar-glorias-navales\/whatsapp-image-2024-05-16-at-12-23-00-4\/\" data-orig-file=\"https:\/\/www.cisa-arica.cl\/wp1\/wp-content\/uploads\/2024\/05\/WhatsApp-Image-2024-05-16-at-12.23.00-4.jpeg\" data-orig-size=\"1280,576\" data-comments-opened=\"0\" data-image-meta=\"{&quot;aperture&quot;:&quot;0&quot;,&quot;credit&quot;:&quot;&quot;,&quot;camera&quot;:&quot;&quot;,&quot;caption&quot;:&quot;&quot;,&quot;created_timestamp&quot;:&quot;0&quot;,&quot;copyright&quot;:&quot;&quot;,&quot;focal_length&quot;:&quot;0&quot;,&quot;iso&quot;:&quot;0&quot;,&quot;shutter_speed&quot;:&quot;0&quot;,&quot;title&quot;:&quot;&quot;,&quot;orientation&quot;:&quot;0&quot;}\" data-image-title=\"WhatsApp-Image-2024-05-16-at-12.23.00-4\" data-image-description=\"\" data-image-caption=\"\" data-large-file=\"https:\/\/www.cisa-arica.cl\/wp1\/wp-content\/uploads\/2024\/05\/WhatsApp-Image-2024-05-16-at-12.23.00-4-600x270.jpeg\" data-attachment-id=\"25592\" data-permalink=\"https:\/\/www.cisa-arica.cl\/wp1\/2024\/05\/17\/desfile-escolar-glorias-navales\/whatsapp-image-2024-05-16-at-12-23-00-4\/\" data-orig-file=\"https:\/\/www.cisa-arica.cl\/wp1\/wp-content\/uploads\/2024\/05\/WhatsApp-Image-2024-05-16-at-12.23.00-4.jpeg\" data-orig-size=\"1280,576\" data-comments-opened=\"0\" data-image-meta=\"{&quot;aperture&quot;:&quot;0&quot;,&quot;credit&quot;:&quot;&quot;,&quot;camera&quot;:&quot;&quot;,&quot;caption&quot;:&quot;&quot;,&quot;created_timestamp&quot;:&quot;0&quot;,&quot;copyright&quot;:&quot;&quot;,&quot;focal_length&quot;:&quot;0&quot;,&quot;iso&quot;:&quot;0&quot;,&quot;shutter_speed&quot;:&quot;0&quot;,&quot;title&quot;:&quot;&quot;,&quot;orientation&quot;:&quot;0&quot;}\" data-image-title=\"WhatsApp-Image-2024-05-16-at-12.23.00-4\" data-image-description=\"\" data-image-caption=\"\" data-large-file=\"https:\/\/www.cisa-arica.cl\/wp1\/wp-content\/uploads\/2024\/05\/WhatsApp-Image-2024-05-16-at-12.23.00-4-600x270.jpeg\" role=\"button\" tabindex=\"0\" aria-label=\"Abrir la imagen 31 de 35 en pantalla completa\"srcset=\"https:\/\/i2.wp.com\/www.cisa-arica.cl\/wp1\/wp-content\/uploads\/2024\/05\/WhatsApp-Image-2024-05-16-at-12.23.00-4-600x270.jpeg?strip=info&#038;w=600&#038;ssl=1 600w,https:\/\/i2.wp.com\/www.cisa-arica.cl\/wp1\/wp-content\/uploads\/2024\/05\/WhatsApp-Image-2024-05-16-at-12.23.00-4-600x270.jpeg?strip=info&#038;w=900&#038;ssl=1 900w,https:\/\/i2.wp.com\/www.cisa-arica.cl\/wp1\/wp-content\/uploads\/2024\/05\/WhatsApp-Image-2024-05-16-at-12.23.00-4-600x270.jpeg?strip=info&#038;w=1200&#038;ssl=1 1200w,https:\/\/i2.wp.com\/www.cisa-arica.cl\/wp1\/wp-content\/uploads\/2024\/05\/WhatsApp-Image-2024-05-16-at-12.23.00-4-600x270.jpeg?strip=info&#038;w=1280&#038;ssl=1 1280w\" alt=\"\" data-height=\"576\" data-id=\"25592\" data-link=\"https:\/\/www.cisa-arica.cl\/wp1\/?attachment_id=25592\" data-url=\"https:\/\/www.cisa-arica.cl\/wp1\/wp-content\/uploads\/2024\/05\/WhatsApp-Image-2024-05-16-at-12.23.00-4-600x270.jpeg\" data-width=\"1280\" src=\"https:\/\/i2.wp.com\/www.cisa-arica.cl\/wp1\/wp-content\/uploads\/2024\/05\/WhatsApp-Image-2024-05-16-at-12.23.00-4-600x270.jpeg?ssl=1\" data-amp-layout=\"responsive\"\/><\/figure><\/div><\/div><div class=\"tiled-gallery__row\"><div class=\"tiled-gallery__col\" style=\"flex-basis:7.32453%\"><figure class=\"tiled-gallery__item\"><img decoding=\"async\" data-attachment-id=\"25593\" data-permalink=\"https:\/\/www.cisa-arica.cl\/wp1\/2024\/05\/17\/desfile-escolar-glorias-navales\/whatsapp-image-2024-05-16-at-12-23-00-3\/\" data-orig-file=\"https:\/\/www.cisa-arica.cl\/wp1\/wp-content\/uploads\/2024\/05\/WhatsApp-Image-2024-05-16-at-12.23.00-3.jpeg\" data-orig-size=\"576,1280\" data-comments-opened=\"0\" data-image-meta=\"{&quot;aperture&quot;:&quot;0&quot;,&quot;credit&quot;:&quot;&quot;,&quot;camera&quot;:&quot;&quot;,&quot;caption&quot;:&quot;&quot;,&quot;created_timestamp&quot;:&quot;0&quot;,&quot;copyright&quot;:&quot;&quot;,&quot;focal_length&quot;:&quot;0&quot;,&quot;iso&quot;:&quot;0&quot;,&quot;shutter_speed&quot;:&quot;0&quot;,&quot;title&quot;:&quot;&quot;,&quot;orientation&quot;:&quot;0&quot;}\" data-image-title=\"WhatsApp-Image-2024-05-16-at-12.23.00-3\" data-image-description=\"\" data-image-caption=\"\" data-large-file=\"https:\/\/www.cisa-arica.cl\/wp1\/wp-content\/uploads\/2024\/05\/WhatsApp-Image-2024-05-16-at-12.23.00-3-270x600.jpeg\" data-attachment-id=\"25593\" data-permalink=\"https:\/\/www.cisa-arica.cl\/wp1\/2024\/05\/17\/desfile-escolar-glorias-navales\/whatsapp-image-2024-05-16-at-12-23-00-3\/\" data-orig-file=\"https:\/\/www.cisa-arica.cl\/wp1\/wp-content\/uploads\/2024\/05\/WhatsApp-Image-2024-05-16-at-12.23.00-3.jpeg\" data-orig-size=\"576,1280\" data-comments-opened=\"0\" data-image-meta=\"{&quot;aperture&quot;:&quot;0&quot;,&quot;credit&quot;:&quot;&quot;,&quot;camera&quot;:&quot;&quot;,&quot;caption&quot;:&quot;&quot;,&quot;created_timestamp&quot;:&quot;0&quot;,&quot;copyright&quot;:&quot;&quot;,&quot;focal_length&quot;:&quot;0&quot;,&quot;iso&quot;:&quot;0&quot;,&quot;shutter_speed&quot;:&quot;0&quot;,&quot;title&quot;:&quot;&quot;,&quot;orientation&quot;:&quot;0&quot;}\" data-image-title=\"WhatsApp-Image-2024-05-16-at-12.23.00-3\" data-image-description=\"\" data-image-caption=\"\" data-large-file=\"https:\/\/www.cisa-arica.cl\/wp1\/wp-content\/uploads\/2024\/05\/WhatsApp-Image-2024-05-16-at-12.23.00-3-270x600.jpeg\" role=\"button\" tabindex=\"0\" aria-label=\"Abrir la imagen 32 de 35 en pantalla completa\"srcset=\"https:\/\/i0.wp.com\/www.cisa-arica.cl\/wp1\/wp-content\/uploads\/2024\/05\/WhatsApp-Image-2024-05-16-at-12.23.00-3-270x600.jpeg?strip=info&#038;w=576&#038;ssl=1 576w\" alt=\"\" data-height=\"1280\" data-id=\"25593\" data-link=\"https:\/\/www.cisa-arica.cl\/wp1\/?attachment_id=25593\" data-url=\"https:\/\/www.cisa-arica.cl\/wp1\/wp-content\/uploads\/2024\/05\/WhatsApp-Image-2024-05-16-at-12.23.00-3-270x600.jpeg\" data-width=\"576\" src=\"https:\/\/i0.wp.com\/www.cisa-arica.cl\/wp1\/wp-content\/uploads\/2024\/05\/WhatsApp-Image-2024-05-16-at-12.23.00-3-270x600.jpeg?ssl=1\" data-amp-layout=\"responsive\"\/><\/figure><\/div><div class=\"tiled-gallery__col\" style=\"flex-basis:35.62303%\"><figure class=\"tiled-gallery__item\"><img decoding=\"async\" data-attachment-id=\"25594\" data-permalink=\"https:\/\/www.cisa-arica.cl\/wp1\/2024\/05\/17\/desfile-escolar-glorias-navales\/whatsapp-image-2024-05-16-at-12-23-00-2\/\" data-orig-file=\"https:\/\/www.cisa-arica.cl\/wp1\/wp-content\/uploads\/2024\/05\/WhatsApp-Image-2024-05-16-at-12.23.00-2.jpeg\" data-orig-size=\"1280,576\" data-comments-opened=\"0\" data-image-meta=\"{&quot;aperture&quot;:&quot;0&quot;,&quot;credit&quot;:&quot;&quot;,&quot;camera&quot;:&quot;&quot;,&quot;caption&quot;:&quot;&quot;,&quot;created_timestamp&quot;:&quot;0&quot;,&quot;copyright&quot;:&quot;&quot;,&quot;focal_length&quot;:&quot;0&quot;,&quot;iso&quot;:&quot;0&quot;,&quot;shutter_speed&quot;:&quot;0&quot;,&quot;title&quot;:&quot;&quot;,&quot;orientation&quot;:&quot;0&quot;}\" data-image-title=\"WhatsApp-Image-2024-05-16-at-12.23.00-2\" data-image-description=\"\" data-image-caption=\"\" data-large-file=\"https:\/\/www.cisa-arica.cl\/wp1\/wp-content\/uploads\/2024\/05\/WhatsApp-Image-2024-05-16-at-12.23.00-2-600x270.jpeg\" data-attachment-id=\"25594\" data-permalink=\"https:\/\/www.cisa-arica.cl\/wp1\/2024\/05\/17\/desfile-escolar-glorias-navales\/whatsapp-image-2024-05-16-at-12-23-00-2\/\" data-orig-file=\"https:\/\/www.cisa-arica.cl\/wp1\/wp-content\/uploads\/2024\/05\/WhatsApp-Image-2024-05-16-at-12.23.00-2.jpeg\" data-orig-size=\"1280,576\" data-comments-opened=\"0\" data-image-meta=\"{&quot;aperture&quot;:&quot;0&quot;,&quot;credit&quot;:&quot;&quot;,&quot;camera&quot;:&quot;&quot;,&quot;caption&quot;:&quot;&quot;,&quot;created_timestamp&quot;:&quot;0&quot;,&quot;copyright&quot;:&quot;&quot;,&quot;focal_length&quot;:&quot;0&quot;,&quot;iso&quot;:&quot;0&quot;,&quot;shutter_speed&quot;:&quot;0&quot;,&quot;title&quot;:&quot;&quot;,&quot;orientation&quot;:&quot;0&quot;}\" data-image-title=\"WhatsApp-Image-2024-05-16-at-12.23.00-2\" data-image-description=\"\" data-image-caption=\"\" data-large-file=\"https:\/\/www.cisa-arica.cl\/wp1\/wp-content\/uploads\/2024\/05\/WhatsApp-Image-2024-05-16-at-12.23.00-2-600x270.jpeg\" role=\"button\" tabindex=\"0\" aria-label=\"Abrir la imagen 33 de 35 en pantalla completa\"srcset=\"https:\/\/i0.wp.com\/www.cisa-arica.cl\/wp1\/wp-content\/uploads\/2024\/05\/WhatsApp-Image-2024-05-16-at-12.23.00-2-600x270.jpeg?strip=info&#038;w=600&#038;ssl=1 600w,https:\/\/i0.wp.com\/www.cisa-arica.cl\/wp1\/wp-content\/uploads\/2024\/05\/WhatsApp-Image-2024-05-16-at-12.23.00-2-600x270.jpeg?strip=info&#038;w=900&#038;ssl=1 900w,https:\/\/i0.wp.com\/www.cisa-arica.cl\/wp1\/wp-content\/uploads\/2024\/05\/WhatsApp-Image-2024-05-16-at-12.23.00-2-600x270.jpeg?strip=info&#038;w=1200&#038;ssl=1 1200w,https:\/\/i0.wp.com\/www.cisa-arica.cl\/wp1\/wp-content\/uploads\/2024\/05\/WhatsApp-Image-2024-05-16-at-12.23.00-2-600x270.jpeg?strip=info&#038;w=1280&#038;ssl=1 1280w\" alt=\"\" data-height=\"576\" data-id=\"25594\" data-link=\"https:\/\/www.cisa-arica.cl\/wp1\/?attachment_id=25594\" data-url=\"https:\/\/www.cisa-arica.cl\/wp1\/wp-content\/uploads\/2024\/05\/WhatsApp-Image-2024-05-16-at-12.23.00-2-600x270.jpeg\" data-width=\"1280\" src=\"https:\/\/i0.wp.com\/www.cisa-arica.cl\/wp1\/wp-content\/uploads\/2024\/05\/WhatsApp-Image-2024-05-16-at-12.23.00-2-600x270.jpeg?ssl=1\" data-amp-layout=\"responsive\"\/><\/figure><\/div><div class=\"tiled-gallery__col\" style=\"flex-basis:35.62303%\"><figure class=\"tiled-gallery__item\"><img decoding=\"async\" data-attachment-id=\"25595\" data-permalink=\"https:\/\/www.cisa-arica.cl\/wp1\/2024\/05\/17\/desfile-escolar-glorias-navales\/whatsapp-image-2024-05-16-at-12-23-00-1\/\" data-orig-file=\"https:\/\/www.cisa-arica.cl\/wp1\/wp-content\/uploads\/2024\/05\/WhatsApp-Image-2024-05-16-at-12.23.00-1.jpeg\" data-orig-size=\"1280,576\" data-comments-opened=\"0\" data-image-meta=\"{&quot;aperture&quot;:&quot;0&quot;,&quot;credit&quot;:&quot;&quot;,&quot;camera&quot;:&quot;&quot;,&quot;caption&quot;:&quot;&quot;,&quot;created_timestamp&quot;:&quot;0&quot;,&quot;copyright&quot;:&quot;&quot;,&quot;focal_length&quot;:&quot;0&quot;,&quot;iso&quot;:&quot;0&quot;,&quot;shutter_speed&quot;:&quot;0&quot;,&quot;title&quot;:&quot;&quot;,&quot;orientation&quot;:&quot;0&quot;}\" data-image-title=\"WhatsApp-Image-2024-05-16-at-12.23.00-1\" data-image-description=\"\" data-image-caption=\"\" data-large-file=\"https:\/\/www.cisa-arica.cl\/wp1\/wp-content\/uploads\/2024\/05\/WhatsApp-Image-2024-05-16-at-12.23.00-1-600x270.jpeg\" data-attachment-id=\"25595\" data-permalink=\"https:\/\/www.cisa-arica.cl\/wp1\/2024\/05\/17\/desfile-escolar-glorias-navales\/whatsapp-image-2024-05-16-at-12-23-00-1\/\" data-orig-file=\"https:\/\/www.cisa-arica.cl\/wp1\/wp-content\/uploads\/2024\/05\/WhatsApp-Image-2024-05-16-at-12.23.00-1.jpeg\" data-orig-size=\"1280,576\" data-comments-opened=\"0\" data-image-meta=\"{&quot;aperture&quot;:&quot;0&quot;,&quot;credit&quot;:&quot;&quot;,&quot;camera&quot;:&quot;&quot;,&quot;caption&quot;:&quot;&quot;,&quot;created_timestamp&quot;:&quot;0&quot;,&quot;copyright&quot;:&quot;&quot;,&quot;focal_length&quot;:&quot;0&quot;,&quot;iso&quot;:&quot;0&quot;,&quot;shutter_speed&quot;:&quot;0&quot;,&quot;title&quot;:&quot;&quot;,&quot;orientation&quot;:&quot;0&quot;}\" data-image-title=\"WhatsApp-Image-2024-05-16-at-12.23.00-1\" data-image-description=\"\" data-image-caption=\"\" data-large-file=\"https:\/\/www.cisa-arica.cl\/wp1\/wp-content\/uploads\/2024\/05\/WhatsApp-Image-2024-05-16-at-12.23.00-1-600x270.jpeg\" role=\"button\" tabindex=\"0\" aria-label=\"Abrir la imagen 34 de 35 en pantalla completa\"srcset=\"https:\/\/i0.wp.com\/www.cisa-arica.cl\/wp1\/wp-content\/uploads\/2024\/05\/WhatsApp-Image-2024-05-16-at-12.23.00-1-600x270.jpeg?strip=info&#038;w=600&#038;ssl=1 600w,https:\/\/i0.wp.com\/www.cisa-arica.cl\/wp1\/wp-content\/uploads\/2024\/05\/WhatsApp-Image-2024-05-16-at-12.23.00-1-600x270.jpeg?strip=info&#038;w=900&#038;ssl=1 900w,https:\/\/i0.wp.com\/www.cisa-arica.cl\/wp1\/wp-content\/uploads\/2024\/05\/WhatsApp-Image-2024-05-16-at-12.23.00-1-600x270.jpeg?strip=info&#038;w=1200&#038;ssl=1 1200w,https:\/\/i0.wp.com\/www.cisa-arica.cl\/wp1\/wp-content\/uploads\/2024\/05\/WhatsApp-Image-2024-05-16-at-12.23.00-1-600x270.jpeg?strip=info&#038;w=1280&#038;ssl=1 1280w\" alt=\"\" data-height=\"576\" data-id=\"25595\" data-link=\"https:\/\/www.cisa-arica.cl\/wp1\/?attachment_id=25595\" data-url=\"https:\/\/www.cisa-arica.cl\/wp1\/wp-content\/uploads\/2024\/05\/WhatsApp-Image-2024-05-16-at-12.23.00-1-600x270.jpeg\" data-width=\"1280\" src=\"https:\/\/i0.wp.com\/www.cisa-arica.cl\/wp1\/wp-content\/uploads\/2024\/05\/WhatsApp-Image-2024-05-16-at-12.23.00-1-600x270.jpeg?ssl=1\" data-amp-layout=\"responsive\"\/><\/figure><\/div><div class=\"tiled-gallery__col\" style=\"flex-basis:21.42942%\"><figure class=\"tiled-gallery__item\"><img decoding=\"async\" data-attachment-id=\"25596\" data-permalink=\"https:\/\/www.cisa-arica.cl\/wp1\/2024\/05\/17\/desfile-escolar-glorias-navales\/whatsapp-image-2024-05-15-at-15-58-41-4-1\/\" data-orig-file=\"https:\/\/www.cisa-arica.cl\/wp1\/wp-content\/uploads\/2024\/05\/WhatsApp-Image-2024-05-15-at-15.58.41-4-1.jpeg\" data-orig-size=\"1280,960\" data-comments-opened=\"0\" data-image-meta=\"{&quot;aperture&quot;:&quot;0&quot;,&quot;credit&quot;:&quot;&quot;,&quot;camera&quot;:&quot;&quot;,&quot;caption&quot;:&quot;&quot;,&quot;created_timestamp&quot;:&quot;0&quot;,&quot;copyright&quot;:&quot;&quot;,&quot;focal_length&quot;:&quot;0&quot;,&quot;iso&quot;:&quot;0&quot;,&quot;shutter_speed&quot;:&quot;0&quot;,&quot;title&quot;:&quot;&quot;,&quot;orientation&quot;:&quot;0&quot;}\" data-image-title=\"WhatsApp-Image-2024-05-15-at-15.58.41-4-1\" data-image-description=\"\" data-image-caption=\"\" data-large-file=\"https:\/\/www.cisa-arica.cl\/wp1\/wp-content\/uploads\/2024\/05\/WhatsApp-Image-2024-05-15-at-15.58.41-4-1-600x450.jpeg\" data-attachment-id=\"25596\" data-permalink=\"https:\/\/www.cisa-arica.cl\/wp1\/2024\/05\/17\/desfile-escolar-glorias-navales\/whatsapp-image-2024-05-15-at-15-58-41-4-1\/\" data-orig-file=\"https:\/\/www.cisa-arica.cl\/wp1\/wp-content\/uploads\/2024\/05\/WhatsApp-Image-2024-05-15-at-15.58.41-4-1.jpeg\" data-orig-size=\"1280,960\" data-comments-opened=\"0\" data-image-meta=\"{&quot;aperture&quot;:&quot;0&quot;,&quot;credit&quot;:&quot;&quot;,&quot;camera&quot;:&quot;&quot;,&quot;caption&quot;:&quot;&quot;,&quot;created_timestamp&quot;:&quot;0&quot;,&quot;copyright&quot;:&quot;&quot;,&quot;focal_length&quot;:&quot;0&quot;,&quot;iso&quot;:&quot;0&quot;,&quot;shutter_speed&quot;:&quot;0&quot;,&quot;title&quot;:&quot;&quot;,&quot;orientation&quot;:&quot;0&quot;}\" data-image-title=\"WhatsApp-Image-2024-05-15-at-15.58.41-4-1\" data-image-description=\"\" data-image-caption=\"\" data-large-file=\"https:\/\/www.cisa-arica.cl\/wp1\/wp-content\/uploads\/2024\/05\/WhatsApp-Image-2024-05-15-at-15.58.41-4-1-600x450.jpeg\" role=\"button\" tabindex=\"0\" aria-label=\"Abrir la imagen 35 de 35 en pantalla completa\"srcset=\"https:\/\/i2.wp.com\/www.cisa-arica.cl\/wp1\/wp-content\/uploads\/2024\/05\/WhatsApp-Image-2024-05-15-at-15.58.41-4-1-600x450.jpeg?strip=info&#038;w=600&#038;ssl=1 600w,https:\/\/i2.wp.com\/www.cisa-arica.cl\/wp1\/wp-content\/uploads\/2024\/05\/WhatsApp-Image-2024-05-15-at-15.58.41-4-1-600x450.jpeg?strip=info&#038;w=900&#038;ssl=1 900w,https:\/\/i2.wp.com\/www.cisa-arica.cl\/wp1\/wp-content\/uploads\/2024\/05\/WhatsApp-Image-2024-05-15-at-15.58.41-4-1-600x450.jpeg?strip=info&#038;w=1200&#038;ssl=1 1200w,https:\/\/i2.wp.com\/www.cisa-arica.cl\/wp1\/wp-content\/uploads\/2024\/05\/WhatsApp-Image-2024-05-15-at-15.58.41-4-1-600x450.jpeg?strip=info&#038;w=1280&#038;ssl=1 1280w\" alt=\"\" data-height=\"960\" data-id=\"25596\" data-link=\"https:\/\/www.cisa-arica.cl\/wp1\/?attachment_id=25596\" data-url=\"https:\/\/www.cisa-arica.cl\/wp1\/wp-content\/uploads\/2024\/05\/WhatsApp-Image-2024-05-15-at-15.58.41-4-1-600x450.jpeg\" data-width=\"1280\" src=\"https:\/\/i2.wp.com\/www.cisa-arica.cl\/wp1\/wp-content\/uploads\/2024\/05\/WhatsApp-Image-2024-05-15-at-15.58.41-4-1-600x450.jpeg?ssl=1\" data-amp-layout=\"responsive\"\/><\/figure><\/div><\/div><\/div><\/div>\n","protected":false},"excerpt":{"rendered":"<p>Con una destacada participaci\u00f3n las estudiantes de ambos Cuartos Medios junto a sus profesoras Begonia Vega y Raquel \u00c1lvarez y Hermana Mar\u00eda Isabel Poma, se presentaron en el desfile escolar de este mi\u00e9rcoles 14 en honor a las Glorias Navales. El evento se desarrollo en la P\u00e9rgola de las Flores frente a la Gobernaci\u00f3n Mar\u00edtima. <a class=\"read-more\" href=\"https:\/\/www.cisa-arica.cl\/wp1\/2024\/05\/17\/desfile-escolar-glorias-navales\/\">Continuar leyendo<\/a><\/p>\n","protected":false},"author":5,"featured_media":25568,"comment_status":"closed","ping_status":"open","sticky":false,"template":"","format":"standard","meta":{"_jetpack_memberships_contains_paid_content":false,"footnotes":"","jetpack_publicize_message":"","jetpack_publicize_feature_enabled":true,"jetpack_social_post_already_shared":true,"jetpack_social_options":{"image_generator_settings":{"template":"highway","default_image_id":0,"font":"","enabled":false},"version":2}},"categories":[5],"tags":[],"class_list":["post-25560","post","type-post","status-publish","format-standard","has-post-thumbnail","hentry","category-uncategorized"],"jetpack_publicize_connections":[],"jetpack_featured_media_url":"https:\/\/www.cisa-arica.cl\/wp1\/wp-content\/uploads\/2024\/05\/WhatsApp-Image-2024-05-16-at-12.23.02-5.jpeg","jetpack_sharing_enabled":true,"jetpack_shortlink":"https:\/\/wp.me\/p84wcz-6Eg","jetpack-related-posts":[{"id":20504,"url":"https:\/\/www.cisa-arica.cl\/wp1\/2023\/05\/19\/desfile-escolar-conmemorando-las-glorias-navales\/","url_meta":{"origin":25560,"position":0},"title":"Desfile Escolar Conmemorando las Glorias Navales","author":"Jeannette Rivera","date":"19 de Mayo de 2023","format":false,"excerpt":"Una destacada participaci\u00f3n tuvo la delegaci\u00f3n de estudiantes de nuestro colegio en el Desfile Escolar de Conmemoraci\u00f3n por las Glorias Navales el jueves 18 de mayo. En esta ocasi\u00f3n, fueron las estudiantes de los cuartos medios y la estudiantes del kinder quienes nos representaron frente a las autoridades locales. El\u2026","rel":"","context":"Entrada similar ","block_context":{"text":"Entrada similar ","link":""},"img":{"alt_text":"","src":"https:\/\/i0.wp.com\/www.cisa-arica.cl\/wp1\/wp-content\/uploads\/2023\/05\/FOTO2.jpg?resize=350%2C200&ssl=1","width":350,"height":200,"srcset":"https:\/\/i0.wp.com\/www.cisa-arica.cl\/wp1\/wp-content\/uploads\/2023\/05\/FOTO2.jpg?resize=350%2C200&ssl=1 1x, https:\/\/i0.wp.com\/www.cisa-arica.cl\/wp1\/wp-content\/uploads\/2023\/05\/FOTO2.jpg?resize=525%2C300&ssl=1 1.5x, https:\/\/i0.wp.com\/www.cisa-arica.cl\/wp1\/wp-content\/uploads\/2023\/05\/FOTO2.jpg?resize=700%2C400&ssl=1 2x, https:\/\/i0.wp.com\/www.cisa-arica.cl\/wp1\/wp-content\/uploads\/2023\/05\/FOTO2.jpg?resize=1050%2C600&ssl=1 3x"},"classes":[]},{"id":7181,"url":"https:\/\/www.cisa-arica.cl\/wp1\/2019\/05\/17\/santa-ana-presente-en-el-desfile-a-glorias-navales\/","url_meta":{"origin":25560,"position":1},"title":"Santa Ana presente en el Desfile a Glorias Navales","author":"Jeannette Rivera","date":"17 de Mayo de 2019","format":false,"excerpt":"Una delegaci\u00f3n compuesta por nuestras alumnas de cuarto medio participaron hoy 17 de mayo en el desfile escolar a las Glorias Navales, el cual se realiza cada a\u00f1o a los pies del Morro y reuni\u00f3 a establecimientos municipales y particulares subvencionados.","rel":"","context":"Entrada similar ","block_context":{"text":"Entrada similar ","link":""},"img":{"alt_text":"","src":"https:\/\/i0.wp.com\/www.cisa-arica.cl\/wp1\/wp-content\/uploads\/2019\/05\/002-5.jpg?resize=350%2C200&ssl=1","width":350,"height":200,"srcset":"https:\/\/i0.wp.com\/www.cisa-arica.cl\/wp1\/wp-content\/uploads\/2019\/05\/002-5.jpg?resize=350%2C200&ssl=1 1x, https:\/\/i0.wp.com\/www.cisa-arica.cl\/wp1\/wp-content\/uploads\/2019\/05\/002-5.jpg?resize=525%2C300&ssl=1 1.5x, https:\/\/i0.wp.com\/www.cisa-arica.cl\/wp1\/wp-content\/uploads\/2019\/05\/002-5.jpg?resize=700%2C400&ssl=1 2x"},"classes":[]},{"id":15930,"url":"https:\/\/www.cisa-arica.cl\/wp1\/2022\/05\/25\/destacada-participacion-en-desfile-escolar\/","url_meta":{"origin":25560,"position":2},"title":"Destacada participaci\u00f3n en desfile escolar.","author":"Jeannette Rivera","date":"25 de Mayo de 2022","format":false,"excerpt":"El pasado s\u00e1bado 21 de mayo,\u00a0 las estudiantes representantes de los cuartos medios, tuvieron una destacada participaci\u00f3n en el desfile escolar en homenaje a las Glorias Navales. En esta oportunidad, las estandartes fueron acompa\u00f1adas por la Hermana Mar\u00eda Isabel Poma y el profesor Eduardo Roco. \u00a0","rel":"","context":"Entrada similar ","block_context":{"text":"Entrada similar ","link":""},"img":{"alt_text":"","src":"https:\/\/i0.wp.com\/www.cisa-arica.cl\/wp1\/wp-content\/uploads\/2022\/05\/WhatsApp-Image-2022-05-25-at-9.13.03-AM.jpeg?resize=350%2C200&ssl=1","width":350,"height":200,"srcset":"https:\/\/i0.wp.com\/www.cisa-arica.cl\/wp1\/wp-content\/uploads\/2022\/05\/WhatsApp-Image-2022-05-25-at-9.13.03-AM.jpeg?resize=350%2C200&ssl=1 1x, https:\/\/i0.wp.com\/www.cisa-arica.cl\/wp1\/wp-content\/uploads\/2022\/05\/WhatsApp-Image-2022-05-25-at-9.13.03-AM.jpeg?resize=525%2C300&ssl=1 1.5x, https:\/\/i0.wp.com\/www.cisa-arica.cl\/wp1\/wp-content\/uploads\/2022\/05\/WhatsApp-Image-2022-05-25-at-9.13.03-AM.jpeg?resize=700%2C400&ssl=1 2x, https:\/\/i0.wp.com\/www.cisa-arica.cl\/wp1\/wp-content\/uploads\/2022\/05\/WhatsApp-Image-2022-05-25-at-9.13.03-AM.jpeg?resize=1050%2C600&ssl=1 3x"},"classes":[]},{"id":25756,"url":"https:\/\/www.cisa-arica.cl\/wp1\/2024\/06\/09\/concurso-glorias-navales-2024\/","url_meta":{"origin":25560,"position":3},"title":"Concurso Glorias Navales 2024","author":"Jeannette Rivera","date":"9 de Junio de 2024","format":false,"excerpt":"La Gobernaci\u00f3n Mar\u00edtima de Arica dio a conocer a los ganadores de su concurso pict\u00f3rico versi\u00f3n 2024, en la cual nuestra estudiante del 7o a\u00f1o A obtuvo el primer a la mejor tem\u00e1tica relacionada a las Glorias Navales. Estamos muy felices por el trabajo de Catalina y esperamos que siga\u2026","rel":"","context":"Entrada similar ","block_context":{"text":"Entrada similar ","link":""},"img":{"alt_text":"","src":"https:\/\/i0.wp.com\/www.cisa-arica.cl\/wp1\/wp-content\/uploads\/2024\/06\/fbbac07c-7360-4306-bf33-46d6d8e1eb0a-1.jpeg?resize=350%2C200&ssl=1","width":350,"height":200,"srcset":"https:\/\/i0.wp.com\/www.cisa-arica.cl\/wp1\/wp-content\/uploads\/2024\/06\/fbbac07c-7360-4306-bf33-46d6d8e1eb0a-1.jpeg?resize=350%2C200&ssl=1 1x, https:\/\/i0.wp.com\/www.cisa-arica.cl\/wp1\/wp-content\/uploads\/2024\/06\/fbbac07c-7360-4306-bf33-46d6d8e1eb0a-1.jpeg?resize=525%2C300&ssl=1 1.5x, https:\/\/i0.wp.com\/www.cisa-arica.cl\/wp1\/wp-content\/uploads\/2024\/06\/fbbac07c-7360-4306-bf33-46d6d8e1eb0a-1.jpeg?resize=700%2C400&ssl=1 2x, https:\/\/i0.wp.com\/www.cisa-arica.cl\/wp1\/wp-content\/uploads\/2024\/06\/fbbac07c-7360-4306-bf33-46d6d8e1eb0a-1.jpeg?resize=1050%2C600&ssl=1 3x"},"classes":[]},{"id":12418,"url":"https:\/\/www.cisa-arica.cl\/wp1\/2021\/05\/21\/dia-de-las-glorias-navales\/","url_meta":{"origin":25560,"position":4},"title":"Calendario de Efem\u00e9rides: D\u00eda de las Glorias Navales","author":"CISA","date":"21 de Mayo de 2021","format":false,"excerpt":"Hoy viernes 21 de mayo en Chile es el D\u00eda de las Glorias Navales, fecha donde se conmemora el Combate Naval de Iquique, el cual se desarroll\u00f3 en la rada de Iquique un 21 de Mayo de 1879, en el marco de la Guerra del Pac\u00edfico y donde se recuerda\u2026","rel":"","context":"En &quot;CISA&quot;","block_context":{"text":"CISA","link":"https:\/\/www.cisa-arica.cl\/wp1\/category\/cisa\/"},"img":{"alt_text":"","src":"https:\/\/i0.wp.com\/www.cisa-arica.cl\/wp1\/wp-content\/uploads\/2021\/05\/Screenshot_2021-05-20-Fondo-con-Rosas-Rosadas-Frases-Para-El-Dia-De-Las-Madres1.png?resize=350%2C200&ssl=1","width":350,"height":200,"srcset":"https:\/\/i0.wp.com\/www.cisa-arica.cl\/wp1\/wp-content\/uploads\/2021\/05\/Screenshot_2021-05-20-Fondo-con-Rosas-Rosadas-Frases-Para-El-Dia-De-Las-Madres1.png?resize=350%2C200&ssl=1 1x, https:\/\/i0.wp.com\/www.cisa-arica.cl\/wp1\/wp-content\/uploads\/2021\/05\/Screenshot_2021-05-20-Fondo-con-Rosas-Rosadas-Frases-Para-El-Dia-De-Las-Madres1.png?resize=525%2C300&ssl=1 1.5x"},"classes":[]},{"id":20526,"url":"https:\/\/www.cisa-arica.cl\/wp1\/2023\/05\/23\/acto-glorias-navales\/","url_meta":{"origin":25560,"position":5},"title":"Acto Glorias Navales","author":"CISA","date":"23 de Mayo de 2023","format":false,"excerpt":"Con un hermoso y significativo acto se Conmemoraron 144 a\u00f1os del Combate Naval de Iquique y la gesta heroica del capit\u00e1n Arturo Prat y su tripulaci\u00f3n que estaba a su cargo. El acto en honor a la Glorias Navales, estuvo a cargo de los Primeros y Segundos a\u00f1os b\u00e1sicos, en\u2026","rel":"","context":"Entrada similar ","block_context":{"text":"Entrada similar ","link":""},"img":{"alt_text":"","src":"https:\/\/i0.wp.com\/www.cisa-arica.cl\/wp1\/wp-content\/uploads\/2023\/05\/IMG_9547.jpg?resize=350%2C200&ssl=1","width":350,"height":200,"srcset":"https:\/\/i0.wp.com\/www.cisa-arica.cl\/wp1\/wp-content\/uploads\/2023\/05\/IMG_9547.jpg?resize=350%2C200&ssl=1 1x, https:\/\/i0.wp.com\/www.cisa-arica.cl\/wp1\/wp-content\/uploads\/2023\/05\/IMG_9547.jpg?resize=525%2C300&ssl=1 1.5x, https:\/\/i0.wp.com\/www.cisa-arica.cl\/wp1\/wp-content\/uploads\/2023\/05\/IMG_9547.jpg?resize=700%2C400&ssl=1 2x"},"classes":[]}],"_links":{"self":[{"href":"https:\/\/www.cisa-arica.cl\/wp1\/wp-json\/wp\/v2\/posts\/25560","targetHints":{"allow":["GET"]}}],"collection":[{"href":"https:\/\/www.cisa-arica.cl\/wp1\/wp-json\/wp\/v2\/posts"}],"about":[{"href":"https:\/\/www.cisa-arica.cl\/wp1\/wp-json\/wp\/v2\/types\/post"}],"author":[{"embeddable":true,"href":"https:\/\/www.cisa-arica.cl\/wp1\/wp-json\/wp\/v2\/users\/5"}],"replies":[{"embeddable":true,"href":"https:\/\/www.cisa-arica.cl\/wp1\/wp-json\/wp\/v2\/comments?post=25560"}],"version-history":[{"count":2,"href":"https:\/\/www.cisa-arica.cl\/wp1\/wp-json\/wp\/v2\/posts\/25560\/revisions"}],"predecessor-version":[{"id":25597,"href":"https:\/\/www.cisa-arica.cl\/wp1\/wp-json\/wp\/v2\/posts\/25560\/revisions\/25597"}],"wp:featuredmedia":[{"embeddable":true,"href":"https:\/\/www.cisa-arica.cl\/wp1\/wp-json\/wp\/v2\/media\/25568"}],"wp:attachment":[{"href":"https:\/\/www.cisa-arica.cl\/wp1\/wp-json\/wp\/v2\/media?parent=25560"}],"wp:term":[{"taxonomy":"category","embeddable":true,"href":"https:\/\/www.cisa-arica.cl\/wp1\/wp-json\/wp\/v2\/categories?post=25560"},{"taxonomy":"post_tag","embeddable":true,"href":"https:\/\/www.cisa-arica.cl\/wp1\/wp-json\/wp\/v2\/tags?post=25560"}],"curies":[{"name":"wp","href":"https:\/\/api.w.org\/{rel}","templated":true}]}}