{"id":25360,"date":"2024-05-16T11:46:55","date_gmt":"2024-05-16T15:46:55","guid":{"rendered":"https:\/\/www.cisa-arica.cl\/wp1\/?p=25360"},"modified":"2024-05-17T12:04:01","modified_gmt":"2024-05-17T16:04:01","slug":"suspension-academia-de-danza","status":"publish","type":"post","link":"https:\/\/www.cisa-arica.cl\/wp1\/2024\/05\/16\/suspension-academia-de-danza\/","title":{"rendered":"Suspensi\u00f3n Academia de Danza"},"content":{"rendered":"<p>Por motivos de fuerza mayor, la academia de Danza de la profesora Andrea Quiroga queda totalmente suspendida hasta la pr\u00f3xima. Es importante que las estudiantes sean retiradas en el horario que corresponde a sus respectivos cursos.<\/p>\n<p>La Direcci\u00f3n<\/p>\n","protected":false},"excerpt":{"rendered":"<p>Por motivos de fuerza mayor, la academia de Danza de la profesora Andrea Quiroga queda totalmente suspendida hasta la pr\u00f3xima. Es importante que las estudiantes sean retiradas en el horario que corresponde a sus respectivos cursos. La Direcci\u00f3n<\/p>\n","protected":false},"author":5,"featured_media":25361,"comment_status":"closed","ping_status":"open","sticky":false,"template":"","format":"standard","meta":{"_jetpack_memberships_contains_paid_content":false,"footnotes":"","jetpack_publicize_message":"","jetpack_publicize_feature_enabled":true,"jetpack_social_post_already_shared":true,"jetpack_social_options":{"image_generator_settings":{"template":"highway","default_image_id":0,"font":"","enabled":false},"version":2}},"categories":[5],"tags":[],"class_list":["post-25360","post","type-post","status-publish","format-standard","has-post-thumbnail","hentry","category-uncategorized"],"jetpack_publicize_connections":[],"jetpack_featured_media_url":"https:\/\/www.cisa-arica.cl\/wp1\/wp-content\/uploads\/2024\/05\/IMG_3804-scaled.jpg","jetpack_sharing_enabled":true,"jetpack_shortlink":"https:\/\/wp.me\/p84wcz-6B2","jetpack-related-posts":[{"id":6861,"url":"https:\/\/www.cisa-arica.cl\/wp1\/2019\/05\/09\/salida-a-terreno-academia-de-teatro\/","url_meta":{"origin":25360,"position":0},"title":"Salida a terreno Academia de Teatro","author":"Jeannette Rivera","date":"9 de Mayo de 2019","format":false,"excerpt":"El pasado martes 07 de mayo las estudiantes de la Academia de Teatro del Colegio Italiano Santa Ana fueron invitadas a ser parte de la obra de Teatro \"Trilog\u00eda Clown\" de la Compa\u00f1\u00eda ReciclaTeatro provenientes de Santiago, toda esta actividad se realiza en el marco del FINTDAZ 2019 (Festival Internacional\u2026","rel":"","context":"En &quot;Academias CISA&quot;","block_context":{"text":"Academias CISA","link":"https:\/\/www.cisa-arica.cl\/wp1\/category\/academias-cisa\/"},"img":{"alt_text":"","src":"https:\/\/i0.wp.com\/www.cisa-arica.cl\/wp1\/wp-content\/uploads\/2019\/05\/113-2.jpeg?resize=350%2C200&ssl=1","width":350,"height":200,"srcset":"https:\/\/i0.wp.com\/www.cisa-arica.cl\/wp1\/wp-content\/uploads\/2019\/05\/113-2.jpeg?resize=350%2C200&ssl=1 1x, https:\/\/i0.wp.com\/www.cisa-arica.cl\/wp1\/wp-content\/uploads\/2019\/05\/113-2.jpeg?resize=525%2C300&ssl=1 1.5x, https:\/\/i0.wp.com\/www.cisa-arica.cl\/wp1\/wp-content\/uploads\/2019\/05\/113-2.jpeg?resize=700%2C400&ssl=1 2x, https:\/\/i0.wp.com\/www.cisa-arica.cl\/wp1\/wp-content\/uploads\/2019\/05\/113-2.jpeg?resize=1050%2C600&ssl=1 3x"},"classes":[]},{"id":26949,"url":"https:\/\/www.cisa-arica.cl\/wp1\/2024\/10\/17\/informacion-de-academias\/","url_meta":{"origin":25360,"position":1},"title":"Informaci\u00f3n de Academias","author":"Jeannette Rivera","date":"17 de Octubre de 2024","format":false,"excerpt":"Se informa la suspensi\u00f3n de las siguientes academias: ACADEMIA: JUNIOR DANCE TEAM CISA PROFESORA: CLAUDIA RINGELING SE SUSPENDE EL D\u00cdA VIERNES 18 DE OCTUBRE. MOTIVO: ENFERMEDAD DE LA PROFESORA. \u00a0 ACADEMIA: EXPLORANDO EL COSMOS PROFESOR: EDUARDO ROCO SE SUSPENDE EL D\u00cdA VIERNES 18 DE OCTUBRE MOTIVO: FERIA CIENT\u00cdFICA Las academias\u2026","rel":"","context":"Entrada similar ","block_context":{"text":"Entrada similar ","link":""},"img":{"alt_text":"","src":"https:\/\/i0.wp.com\/www.cisa-arica.cl\/wp1\/wp-content\/uploads\/2024\/10\/Suspension-de-Academias.png?resize=350%2C200&ssl=1","width":350,"height":200,"srcset":"https:\/\/i0.wp.com\/www.cisa-arica.cl\/wp1\/wp-content\/uploads\/2024\/10\/Suspension-de-Academias.png?resize=350%2C200&ssl=1 1x, https:\/\/i0.wp.com\/www.cisa-arica.cl\/wp1\/wp-content\/uploads\/2024\/10\/Suspension-de-Academias.png?resize=525%2C300&ssl=1 1.5x, https:\/\/i0.wp.com\/www.cisa-arica.cl\/wp1\/wp-content\/uploads\/2024\/10\/Suspension-de-Academias.png?resize=700%2C400&ssl=1 2x, https:\/\/i0.wp.com\/www.cisa-arica.cl\/wp1\/wp-content\/uploads\/2024\/10\/Suspension-de-Academias.png?resize=1050%2C600&ssl=1 3x, https:\/\/i0.wp.com\/www.cisa-arica.cl\/wp1\/wp-content\/uploads\/2024\/10\/Suspension-de-Academias.png?resize=1400%2C800&ssl=1 4x"},"classes":[]},{"id":20043,"url":"https:\/\/www.cisa-arica.cl\/wp1\/2023\/04\/21\/informacion-de-academias-2023\/","url_meta":{"origin":25360,"position":2},"title":"Informaci\u00f3n de Academias 2023","author":"Jeannette Rivera","date":"21 de Abril de 2023","format":false,"excerpt":"Estimado\u00a0 apoderado, muy buenos d\u00edas. Con respecto a las Academias, se solicita por favor que frente a cualquier duda se dirija mediante correo institucional a los docentes que imparten las academias: Todo lo que corresponde a Pastoral (Infancia Misionera, Rositas, Confirmaci\u00f3n, Coro Lit\u00fargico, Misioneras de la Esperanza) dirigirse a catherine.canario@cisa-arica.cl\u2026","rel":"","context":"Entrada similar ","block_context":{"text":"Entrada similar ","link":""},"img":{"alt_text":"","src":"https:\/\/i0.wp.com\/www.cisa-arica.cl\/wp1\/wp-content\/uploads\/2023\/03\/WhatsApp-Image-2023-03-15-at-12.33.4115.jpeg?resize=350%2C200&ssl=1","width":350,"height":200,"srcset":"https:\/\/i0.wp.com\/www.cisa-arica.cl\/wp1\/wp-content\/uploads\/2023\/03\/WhatsApp-Image-2023-03-15-at-12.33.4115.jpeg?resize=350%2C200&ssl=1 1x, https:\/\/i0.wp.com\/www.cisa-arica.cl\/wp1\/wp-content\/uploads\/2023\/03\/WhatsApp-Image-2023-03-15-at-12.33.4115.jpeg?resize=525%2C300&ssl=1 1.5x, https:\/\/i0.wp.com\/www.cisa-arica.cl\/wp1\/wp-content\/uploads\/2023\/03\/WhatsApp-Image-2023-03-15-at-12.33.4115.jpeg?resize=700%2C400&ssl=1 2x, https:\/\/i0.wp.com\/www.cisa-arica.cl\/wp1\/wp-content\/uploads\/2023\/03\/WhatsApp-Image-2023-03-15-at-12.33.4115.jpeg?resize=1050%2C600&ssl=1 3x"},"classes":[]},{"id":25717,"url":"https:\/\/www.cisa-arica.cl\/wp1\/2024\/06\/02\/dia-de-la-familia-cisa2024\/","url_meta":{"origin":25360,"position":3},"title":"D\u00eda de la Familia Cisa2024","author":"Jeannette Rivera","date":"2 de Junio de 2024","format":false,"excerpt":"Con la participaci\u00f3n de todos los cursos m\u00e1s la academia de danza y la masiva concurrencia de los apoderados y sus familias, se realiz\u00f3 el s\u00e1bado 01 de Junio, la celebraci\u00f3n del D\u00eda de la Familia. Fue una hermosa tarde en donde las estudiantes se lucieron con sus n\u00fameros art\u00edsticos\u2026","rel":"","context":"Entrada similar ","block_context":{"text":"Entrada similar ","link":""},"img":{"alt_text":"","src":"https:\/\/i0.wp.com\/www.cisa-arica.cl\/wp1\/wp-content\/uploads\/2024\/06\/IMG_0216-scaled.jpeg?resize=350%2C200&ssl=1","width":350,"height":200,"srcset":"https:\/\/i0.wp.com\/www.cisa-arica.cl\/wp1\/wp-content\/uploads\/2024\/06\/IMG_0216-scaled.jpeg?resize=350%2C200&ssl=1 1x, https:\/\/i0.wp.com\/www.cisa-arica.cl\/wp1\/wp-content\/uploads\/2024\/06\/IMG_0216-scaled.jpeg?resize=525%2C300&ssl=1 1.5x, https:\/\/i0.wp.com\/www.cisa-arica.cl\/wp1\/wp-content\/uploads\/2024\/06\/IMG_0216-scaled.jpeg?resize=700%2C400&ssl=1 2x, https:\/\/i0.wp.com\/www.cisa-arica.cl\/wp1\/wp-content\/uploads\/2024\/06\/IMG_0216-scaled.jpeg?resize=1050%2C600&ssl=1 3x, https:\/\/i0.wp.com\/www.cisa-arica.cl\/wp1\/wp-content\/uploads\/2024\/06\/IMG_0216-scaled.jpeg?resize=1400%2C800&ssl=1 4x"},"classes":[]},{"id":28188,"url":"https:\/\/www.cisa-arica.cl\/wp1\/2025\/05\/05\/28188\/","url_meta":{"origin":25360,"position":4},"title":"Vestimenta para Academias desde Prekinder a Sexto b\u00e1sico","author":"Jeannette Rivera","date":"5 de Mayo de 2025","format":false,"excerpt":"A partir de hoy y durante todo el\u00a0PRIMER SEMESTRE, las estudiantes DESDE\u00a0PREKINDER A 6\u00ba B\u00c1SICO\u00a0que asistan a las siguientes academias: - Danza (5\u00ba y 6\u00ba b\u00e1sico) - B\u00e1squetbol (3\u00ba a 6\u00ba b\u00e1sico) - Psicomotricidad (1\u00ba y 2\u00ba b\u00e1sico) - Youth dance (1\u00ba, 2\u00ba y 3\u00ba b\u00e1sico) - Folclore (1\u00ba y\u2026","rel":"","context":"Entrada similar ","block_context":{"text":"Entrada similar ","link":""},"img":{"alt_text":"","src":"https:\/\/i0.wp.com\/www.cisa-arica.cl\/wp1\/wp-content\/uploads\/2024\/10\/DSC_2304-scaled.jpg?resize=350%2C200&ssl=1","width":350,"height":200,"srcset":"https:\/\/i0.wp.com\/www.cisa-arica.cl\/wp1\/wp-content\/uploads\/2024\/10\/DSC_2304-scaled.jpg?resize=350%2C200&ssl=1 1x, https:\/\/i0.wp.com\/www.cisa-arica.cl\/wp1\/wp-content\/uploads\/2024\/10\/DSC_2304-scaled.jpg?resize=525%2C300&ssl=1 1.5x, https:\/\/i0.wp.com\/www.cisa-arica.cl\/wp1\/wp-content\/uploads\/2024\/10\/DSC_2304-scaled.jpg?resize=700%2C400&ssl=1 2x, https:\/\/i0.wp.com\/www.cisa-arica.cl\/wp1\/wp-content\/uploads\/2024\/10\/DSC_2304-scaled.jpg?resize=1050%2C600&ssl=1 3x, https:\/\/i0.wp.com\/www.cisa-arica.cl\/wp1\/wp-content\/uploads\/2024\/10\/DSC_2304-scaled.jpg?resize=1400%2C800&ssl=1 4x"},"classes":[]},{"id":19184,"url":"https:\/\/www.cisa-arica.cl\/wp1\/2022\/12\/21\/graduacion-kinder\/","url_meta":{"origin":25360,"position":5},"title":"Graduaci\u00f3n Kinder","author":"CISA","date":"21 de Diciembre de 2022","format":false,"excerpt":"El martes 20 de Diciembre, se realiz\u00f3 la graduaci\u00f3n del Kinder en la cual, las estudiantes fueron acompa\u00f1adas por las Hermanas de la Congregaci\u00f3n, profesores, sus educadoras, t\u00edas t\u00e9cnicos y sus apoderados. En la oportunidad, se destacaron aquellas estudiantes que por su esfuerzo y participaci\u00f3n en algunas academias sobresalieron. La\u2026","rel":"","context":"Entrada similar ","block_context":{"text":"Entrada similar ","link":""},"img":{"alt_text":"","src":"https:\/\/i0.wp.com\/www.cisa-arica.cl\/wp1\/wp-content\/uploads\/2022\/12\/DSC_6153.jpg?resize=350%2C200&ssl=1","width":350,"height":200,"srcset":"https:\/\/i0.wp.com\/www.cisa-arica.cl\/wp1\/wp-content\/uploads\/2022\/12\/DSC_6153.jpg?resize=350%2C200&ssl=1 1x, https:\/\/i0.wp.com\/www.cisa-arica.cl\/wp1\/wp-content\/uploads\/2022\/12\/DSC_6153.jpg?resize=525%2C300&ssl=1 1.5x, https:\/\/i0.wp.com\/www.cisa-arica.cl\/wp1\/wp-content\/uploads\/2022\/12\/DSC_6153.jpg?resize=700%2C400&ssl=1 2x, https:\/\/i0.wp.com\/www.cisa-arica.cl\/wp1\/wp-content\/uploads\/2022\/12\/DSC_6153.jpg?resize=1050%2C600&ssl=1 3x, https:\/\/i0.wp.com\/www.cisa-arica.cl\/wp1\/wp-content\/uploads\/2022\/12\/DSC_6153.jpg?resize=1400%2C800&ssl=1 4x"},"classes":[]}],"_links":{"self":[{"href":"https:\/\/www.cisa-arica.cl\/wp1\/wp-json\/wp\/v2\/posts\/25360","targetHints":{"allow":["GET"]}}],"collection":[{"href":"https:\/\/www.cisa-arica.cl\/wp1\/wp-json\/wp\/v2\/posts"}],"about":[{"href":"https:\/\/www.cisa-arica.cl\/wp1\/wp-json\/wp\/v2\/types\/post"}],"author":[{"embeddable":true,"href":"https:\/\/www.cisa-arica.cl\/wp1\/wp-json\/wp\/v2\/users\/5"}],"replies":[{"embeddable":true,"href":"https:\/\/www.cisa-arica.cl\/wp1\/wp-json\/wp\/v2\/comments?post=25360"}],"version-history":[{"count":1,"href":"https:\/\/www.cisa-arica.cl\/wp1\/wp-json\/wp\/v2\/posts\/25360\/revisions"}],"predecessor-version":[{"id":25362,"href":"https:\/\/www.cisa-arica.cl\/wp1\/wp-json\/wp\/v2\/posts\/25360\/revisions\/25362"}],"wp:featuredmedia":[{"embeddable":true,"href":"https:\/\/www.cisa-arica.cl\/wp1\/wp-json\/wp\/v2\/media\/25361"}],"wp:attachment":[{"href":"https:\/\/www.cisa-arica.cl\/wp1\/wp-json\/wp\/v2\/media?parent=25360"}],"wp:term":[{"taxonomy":"category","embeddable":true,"href":"https:\/\/www.cisa-arica.cl\/wp1\/wp-json\/wp\/v2\/categories?post=25360"},{"taxonomy":"post_tag","embeddable":true,"href":"https:\/\/www.cisa-arica.cl\/wp1\/wp-json\/wp\/v2\/tags?post=25360"}],"curies":[{"name":"wp","href":"https:\/\/api.w.org\/{rel}","templated":true}]}}