{"id":23343,"date":"2023-11-08T10:56:00","date_gmt":"2023-11-08T14:56:00","guid":{"rendered":"https:\/\/www.cisa-arica.cl\/wp1\/?p=23343"},"modified":"2023-12-28T11:53:40","modified_gmt":"2023-12-28T15:53:40","slug":"mes-de-maria-2","status":"publish","type":"post","link":"https:\/\/www.cisa-arica.cl\/wp1\/2023\/11\/08\/mes-de-maria-2\/","title":{"rendered":"Mes de Mar\u00eda"},"content":{"rendered":"<p>Hoy 08 de noviembre damos inicio al Mes de Mar\u00eda con una hermosa oraci\u00f3n inicial&nbsp; &#8220;CAMINANDO CON MAR\u00cdA&#8221;, rezada por las estudiantes de Prekinder y Kinder de nuestro colegio, quienes tambi\u00e9n participaron de la liturgia junto a sus educadoras y t\u00edas t\u00e9cnicos.<\/p>\n\n\n<div class=\"wp-block-jetpack-tiled-gallery aligncenter is-style-rectangular\"><div class=\"tiled-gallery__gallery\"><div class=\"tiled-gallery__row\"><div class=\"tiled-gallery__col\" style=\"flex-basis:63.94539%\"><figure class=\"tiled-gallery__item\"><img decoding=\"async\" data-attachment-id=\"23368\" data-permalink=\"https:\/\/www.cisa-arica.cl\/wp1\/2023\/11\/08\/mes-de-maria-2\/whatsapp-image-2023-11-08-at-20-29-29-4\/\" data-orig-file=\"https:\/\/www.cisa-arica.cl\/wp1\/wp-content\/uploads\/2023\/11\/WhatsApp-Image-2023-11-08-at-20.29.29-4.jpeg\" data-orig-size=\"1599,1200\" data-comments-opened=\"0\" data-image-meta=\"{&quot;aperture&quot;:&quot;0&quot;,&quot;credit&quot;:&quot;&quot;,&quot;camera&quot;:&quot;&quot;,&quot;caption&quot;:&quot;&quot;,&quot;created_timestamp&quot;:&quot;0&quot;,&quot;copyright&quot;:&quot;&quot;,&quot;focal_length&quot;:&quot;0&quot;,&quot;iso&quot;:&quot;0&quot;,&quot;shutter_speed&quot;:&quot;0&quot;,&quot;title&quot;:&quot;&quot;,&quot;orientation&quot;:&quot;0&quot;}\" data-image-title=\"WhatsApp-Image-2023-11-08-at-20.29.29-4\" data-image-description=\"\" data-image-caption=\"\" data-large-file=\"https:\/\/www.cisa-arica.cl\/wp1\/wp-content\/uploads\/2023\/11\/WhatsApp-Image-2023-11-08-at-20.29.29-4-600x450.jpeg\" data-attachment-id=\"23368\" data-permalink=\"https:\/\/www.cisa-arica.cl\/wp1\/2023\/11\/08\/mes-de-maria-2\/whatsapp-image-2023-11-08-at-20-29-29-4\/\" data-orig-file=\"https:\/\/www.cisa-arica.cl\/wp1\/wp-content\/uploads\/2023\/11\/WhatsApp-Image-2023-11-08-at-20.29.29-4.jpeg\" data-orig-size=\"1599,1200\" data-comments-opened=\"0\" data-image-meta=\"{&quot;aperture&quot;:&quot;0&quot;,&quot;credit&quot;:&quot;&quot;,&quot;camera&quot;:&quot;&quot;,&quot;caption&quot;:&quot;&quot;,&quot;created_timestamp&quot;:&quot;0&quot;,&quot;copyright&quot;:&quot;&quot;,&quot;focal_length&quot;:&quot;0&quot;,&quot;iso&quot;:&quot;0&quot;,&quot;shutter_speed&quot;:&quot;0&quot;,&quot;title&quot;:&quot;&quot;,&quot;orientation&quot;:&quot;0&quot;}\" data-image-title=\"WhatsApp-Image-2023-11-08-at-20.29.29-4\" data-image-description=\"\" data-image-caption=\"\" data-large-file=\"https:\/\/www.cisa-arica.cl\/wp1\/wp-content\/uploads\/2023\/11\/WhatsApp-Image-2023-11-08-at-20.29.29-4-600x450.jpeg\" role=\"button\" tabindex=\"0\" aria-label=\"Abrir la imagen 1 de 18 en pantalla completa\"srcset=\"https:\/\/i0.wp.com\/www.cisa-arica.cl\/wp1\/wp-content\/uploads\/2023\/11\/WhatsApp-Image-2023-11-08-at-20.29.29-4-600x450.jpeg?strip=info&#038;w=600&#038;ssl=1 600w,https:\/\/i0.wp.com\/www.cisa-arica.cl\/wp1\/wp-content\/uploads\/2023\/11\/WhatsApp-Image-2023-11-08-at-20.29.29-4-600x450.jpeg?strip=info&#038;w=900&#038;ssl=1 900w,https:\/\/i0.wp.com\/www.cisa-arica.cl\/wp1\/wp-content\/uploads\/2023\/11\/WhatsApp-Image-2023-11-08-at-20.29.29-4-600x450.jpeg?strip=info&#038;w=1200&#038;ssl=1 1200w,https:\/\/i0.wp.com\/www.cisa-arica.cl\/wp1\/wp-content\/uploads\/2023\/11\/WhatsApp-Image-2023-11-08-at-20.29.29-4-600x450.jpeg?strip=info&#038;w=1500&#038;ssl=1 1500w,https:\/\/i0.wp.com\/www.cisa-arica.cl\/wp1\/wp-content\/uploads\/2023\/11\/WhatsApp-Image-2023-11-08-at-20.29.29-4-600x450.jpeg?strip=info&#038;w=1599&#038;ssl=1 1599w\" alt=\"\" data-height=\"1200\" data-id=\"23368\" data-link=\"https:\/\/www.cisa-arica.cl\/wp1\/?attachment_id=23368\" data-url=\"https:\/\/www.cisa-arica.cl\/wp1\/wp-content\/uploads\/2023\/11\/WhatsApp-Image-2023-11-08-at-20.29.29-4-600x450.jpeg\" data-width=\"1599\" src=\"https:\/\/i0.wp.com\/www.cisa-arica.cl\/wp1\/wp-content\/uploads\/2023\/11\/WhatsApp-Image-2023-11-08-at-20.29.29-4-600x450.jpeg?ssl=1\" data-amp-layout=\"responsive\"\/><\/figure><\/div><div class=\"tiled-gallery__col\" style=\"flex-basis:36.05461%\"><figure class=\"tiled-gallery__item\"><img decoding=\"async\" data-attachment-id=\"23369\" data-permalink=\"https:\/\/www.cisa-arica.cl\/wp1\/2023\/11\/08\/mes-de-maria-2\/whatsapp-image-2023-11-08-at-20-29-29-3-1\/\" data-orig-file=\"https:\/\/www.cisa-arica.cl\/wp1\/wp-content\/uploads\/2023\/11\/WhatsApp-Image-2023-11-08-at-20.29.29-3-1.jpeg\" data-orig-size=\"1200,1599\" data-comments-opened=\"0\" data-image-meta=\"{&quot;aperture&quot;:&quot;0&quot;,&quot;credit&quot;:&quot;&quot;,&quot;camera&quot;:&quot;&quot;,&quot;caption&quot;:&quot;&quot;,&quot;created_timestamp&quot;:&quot;0&quot;,&quot;copyright&quot;:&quot;&quot;,&quot;focal_length&quot;:&quot;0&quot;,&quot;iso&quot;:&quot;0&quot;,&quot;shutter_speed&quot;:&quot;0&quot;,&quot;title&quot;:&quot;&quot;,&quot;orientation&quot;:&quot;0&quot;}\" data-image-title=\"WhatsApp-Image-2023-11-08-at-20.29.29-3-1\" data-image-description=\"\" data-image-caption=\"\" data-large-file=\"https:\/\/www.cisa-arica.cl\/wp1\/wp-content\/uploads\/2023\/11\/WhatsApp-Image-2023-11-08-at-20.29.29-3-1-450x600.jpeg\" data-attachment-id=\"23369\" data-permalink=\"https:\/\/www.cisa-arica.cl\/wp1\/2023\/11\/08\/mes-de-maria-2\/whatsapp-image-2023-11-08-at-20-29-29-3-1\/\" data-orig-file=\"https:\/\/www.cisa-arica.cl\/wp1\/wp-content\/uploads\/2023\/11\/WhatsApp-Image-2023-11-08-at-20.29.29-3-1.jpeg\" data-orig-size=\"1200,1599\" data-comments-opened=\"0\" data-image-meta=\"{&quot;aperture&quot;:&quot;0&quot;,&quot;credit&quot;:&quot;&quot;,&quot;camera&quot;:&quot;&quot;,&quot;caption&quot;:&quot;&quot;,&quot;created_timestamp&quot;:&quot;0&quot;,&quot;copyright&quot;:&quot;&quot;,&quot;focal_length&quot;:&quot;0&quot;,&quot;iso&quot;:&quot;0&quot;,&quot;shutter_speed&quot;:&quot;0&quot;,&quot;title&quot;:&quot;&quot;,&quot;orientation&quot;:&quot;0&quot;}\" data-image-title=\"WhatsApp-Image-2023-11-08-at-20.29.29-3-1\" data-image-description=\"\" data-image-caption=\"\" data-large-file=\"https:\/\/www.cisa-arica.cl\/wp1\/wp-content\/uploads\/2023\/11\/WhatsApp-Image-2023-11-08-at-20.29.29-3-1-450x600.jpeg\" role=\"button\" tabindex=\"0\" aria-label=\"Abrir la imagen 2 de 18 en pantalla completa\"srcset=\"https:\/\/i0.wp.com\/www.cisa-arica.cl\/wp1\/wp-content\/uploads\/2023\/11\/WhatsApp-Image-2023-11-08-at-20.29.29-3-1-450x600.jpeg?strip=info&#038;w=600&#038;ssl=1 600w,https:\/\/i0.wp.com\/www.cisa-arica.cl\/wp1\/wp-content\/uploads\/2023\/11\/WhatsApp-Image-2023-11-08-at-20.29.29-3-1-450x600.jpeg?strip=info&#038;w=900&#038;ssl=1 900w,https:\/\/i0.wp.com\/www.cisa-arica.cl\/wp1\/wp-content\/uploads\/2023\/11\/WhatsApp-Image-2023-11-08-at-20.29.29-3-1-450x600.jpeg?strip=info&#038;w=1200&#038;ssl=1 1200w\" alt=\"\" data-height=\"1599\" data-id=\"23369\" data-link=\"https:\/\/www.cisa-arica.cl\/wp1\/?attachment_id=23369\" data-url=\"https:\/\/www.cisa-arica.cl\/wp1\/wp-content\/uploads\/2023\/11\/WhatsApp-Image-2023-11-08-at-20.29.29-3-1-450x600.jpeg\" data-width=\"1200\" src=\"https:\/\/i0.wp.com\/www.cisa-arica.cl\/wp1\/wp-content\/uploads\/2023\/11\/WhatsApp-Image-2023-11-08-at-20.29.29-3-1-450x600.jpeg?ssl=1\" data-amp-layout=\"responsive\"\/><\/figure><\/div><\/div><div class=\"tiled-gallery__row\"><div class=\"tiled-gallery__col\" style=\"flex-basis:63.95976%\"><figure class=\"tiled-gallery__item\"><img decoding=\"async\" data-attachment-id=\"23370\" data-permalink=\"https:\/\/www.cisa-arica.cl\/wp1\/2023\/11\/08\/mes-de-maria-2\/whatsapp-image-2023-11-08-at-20-29-29-2-1\/\" data-orig-file=\"https:\/\/www.cisa-arica.cl\/wp1\/wp-content\/uploads\/2023\/11\/WhatsApp-Image-2023-11-08-at-20.29.29-2-1.jpeg\" data-orig-size=\"1280,960\" data-comments-opened=\"0\" data-image-meta=\"{&quot;aperture&quot;:&quot;0&quot;,&quot;credit&quot;:&quot;&quot;,&quot;camera&quot;:&quot;&quot;,&quot;caption&quot;:&quot;&quot;,&quot;created_timestamp&quot;:&quot;0&quot;,&quot;copyright&quot;:&quot;&quot;,&quot;focal_length&quot;:&quot;0&quot;,&quot;iso&quot;:&quot;0&quot;,&quot;shutter_speed&quot;:&quot;0&quot;,&quot;title&quot;:&quot;&quot;,&quot;orientation&quot;:&quot;0&quot;}\" data-image-title=\"WhatsApp-Image-2023-11-08-at-20.29.29-2-1\" data-image-description=\"\" data-image-caption=\"\" data-large-file=\"https:\/\/www.cisa-arica.cl\/wp1\/wp-content\/uploads\/2023\/11\/WhatsApp-Image-2023-11-08-at-20.29.29-2-1-600x450.jpeg\" data-attachment-id=\"23370\" data-permalink=\"https:\/\/www.cisa-arica.cl\/wp1\/2023\/11\/08\/mes-de-maria-2\/whatsapp-image-2023-11-08-at-20-29-29-2-1\/\" data-orig-file=\"https:\/\/www.cisa-arica.cl\/wp1\/wp-content\/uploads\/2023\/11\/WhatsApp-Image-2023-11-08-at-20.29.29-2-1.jpeg\" data-orig-size=\"1280,960\" data-comments-opened=\"0\" data-image-meta=\"{&quot;aperture&quot;:&quot;0&quot;,&quot;credit&quot;:&quot;&quot;,&quot;camera&quot;:&quot;&quot;,&quot;caption&quot;:&quot;&quot;,&quot;created_timestamp&quot;:&quot;0&quot;,&quot;copyright&quot;:&quot;&quot;,&quot;focal_length&quot;:&quot;0&quot;,&quot;iso&quot;:&quot;0&quot;,&quot;shutter_speed&quot;:&quot;0&quot;,&quot;title&quot;:&quot;&quot;,&quot;orientation&quot;:&quot;0&quot;}\" data-image-title=\"WhatsApp-Image-2023-11-08-at-20.29.29-2-1\" data-image-description=\"\" data-image-caption=\"\" data-large-file=\"https:\/\/www.cisa-arica.cl\/wp1\/wp-content\/uploads\/2023\/11\/WhatsApp-Image-2023-11-08-at-20.29.29-2-1-600x450.jpeg\" role=\"button\" tabindex=\"0\" aria-label=\"Abrir la imagen 3 de 18 en pantalla completa\"srcset=\"https:\/\/i2.wp.com\/www.cisa-arica.cl\/wp1\/wp-content\/uploads\/2023\/11\/WhatsApp-Image-2023-11-08-at-20.29.29-2-1-600x450.jpeg?strip=info&#038;w=600&#038;ssl=1 600w,https:\/\/i2.wp.com\/www.cisa-arica.cl\/wp1\/wp-content\/uploads\/2023\/11\/WhatsApp-Image-2023-11-08-at-20.29.29-2-1-600x450.jpeg?strip=info&#038;w=900&#038;ssl=1 900w,https:\/\/i2.wp.com\/www.cisa-arica.cl\/wp1\/wp-content\/uploads\/2023\/11\/WhatsApp-Image-2023-11-08-at-20.29.29-2-1-600x450.jpeg?strip=info&#038;w=1200&#038;ssl=1 1200w,https:\/\/i2.wp.com\/www.cisa-arica.cl\/wp1\/wp-content\/uploads\/2023\/11\/WhatsApp-Image-2023-11-08-at-20.29.29-2-1-600x450.jpeg?strip=info&#038;w=1280&#038;ssl=1 1280w\" alt=\"\" data-height=\"960\" data-id=\"23370\" data-link=\"https:\/\/www.cisa-arica.cl\/wp1\/?attachment_id=23370\" data-url=\"https:\/\/www.cisa-arica.cl\/wp1\/wp-content\/uploads\/2023\/11\/WhatsApp-Image-2023-11-08-at-20.29.29-2-1-600x450.jpeg\" data-width=\"1280\" src=\"https:\/\/i2.wp.com\/www.cisa-arica.cl\/wp1\/wp-content\/uploads\/2023\/11\/WhatsApp-Image-2023-11-08-at-20.29.29-2-1-600x450.jpeg?ssl=1\" data-amp-layout=\"responsive\"\/><\/figure><\/div><div class=\"tiled-gallery__col\" style=\"flex-basis:36.04024%\"><figure class=\"tiled-gallery__item\"><img decoding=\"async\" data-attachment-id=\"23371\" data-permalink=\"https:\/\/www.cisa-arica.cl\/wp1\/2023\/11\/08\/mes-de-maria-2\/whatsapp-image-2023-11-08-at-20-29-29-1-1\/\" data-orig-file=\"https:\/\/www.cisa-arica.cl\/wp1\/wp-content\/uploads\/2023\/11\/WhatsApp-Image-2023-11-08-at-20.29.29-1-1.jpeg\" data-orig-size=\"1200,1599\" data-comments-opened=\"0\" data-image-meta=\"{&quot;aperture&quot;:&quot;0&quot;,&quot;credit&quot;:&quot;&quot;,&quot;camera&quot;:&quot;&quot;,&quot;caption&quot;:&quot;&quot;,&quot;created_timestamp&quot;:&quot;0&quot;,&quot;copyright&quot;:&quot;&quot;,&quot;focal_length&quot;:&quot;0&quot;,&quot;iso&quot;:&quot;0&quot;,&quot;shutter_speed&quot;:&quot;0&quot;,&quot;title&quot;:&quot;&quot;,&quot;orientation&quot;:&quot;0&quot;}\" data-image-title=\"WhatsApp-Image-2023-11-08-at-20.29.29-1-1\" data-image-description=\"\" data-image-caption=\"\" data-large-file=\"https:\/\/www.cisa-arica.cl\/wp1\/wp-content\/uploads\/2023\/11\/WhatsApp-Image-2023-11-08-at-20.29.29-1-1-450x600.jpeg\" data-attachment-id=\"23371\" data-permalink=\"https:\/\/www.cisa-arica.cl\/wp1\/2023\/11\/08\/mes-de-maria-2\/whatsapp-image-2023-11-08-at-20-29-29-1-1\/\" data-orig-file=\"https:\/\/www.cisa-arica.cl\/wp1\/wp-content\/uploads\/2023\/11\/WhatsApp-Image-2023-11-08-at-20.29.29-1-1.jpeg\" data-orig-size=\"1200,1599\" data-comments-opened=\"0\" data-image-meta=\"{&quot;aperture&quot;:&quot;0&quot;,&quot;credit&quot;:&quot;&quot;,&quot;camera&quot;:&quot;&quot;,&quot;caption&quot;:&quot;&quot;,&quot;created_timestamp&quot;:&quot;0&quot;,&quot;copyright&quot;:&quot;&quot;,&quot;focal_length&quot;:&quot;0&quot;,&quot;iso&quot;:&quot;0&quot;,&quot;shutter_speed&quot;:&quot;0&quot;,&quot;title&quot;:&quot;&quot;,&quot;orientation&quot;:&quot;0&quot;}\" data-image-title=\"WhatsApp-Image-2023-11-08-at-20.29.29-1-1\" data-image-description=\"\" data-image-caption=\"\" data-large-file=\"https:\/\/www.cisa-arica.cl\/wp1\/wp-content\/uploads\/2023\/11\/WhatsApp-Image-2023-11-08-at-20.29.29-1-1-450x600.jpeg\" role=\"button\" tabindex=\"0\" aria-label=\"Abrir la imagen 4 de 18 en pantalla completa\"srcset=\"https:\/\/i2.wp.com\/www.cisa-arica.cl\/wp1\/wp-content\/uploads\/2023\/11\/WhatsApp-Image-2023-11-08-at-20.29.29-1-1-450x600.jpeg?strip=info&#038;w=600&#038;ssl=1 600w,https:\/\/i2.wp.com\/www.cisa-arica.cl\/wp1\/wp-content\/uploads\/2023\/11\/WhatsApp-Image-2023-11-08-at-20.29.29-1-1-450x600.jpeg?strip=info&#038;w=900&#038;ssl=1 900w,https:\/\/i2.wp.com\/www.cisa-arica.cl\/wp1\/wp-content\/uploads\/2023\/11\/WhatsApp-Image-2023-11-08-at-20.29.29-1-1-450x600.jpeg?strip=info&#038;w=1200&#038;ssl=1 1200w\" alt=\"\" data-height=\"1599\" data-id=\"23371\" data-link=\"https:\/\/www.cisa-arica.cl\/wp1\/?attachment_id=23371\" data-url=\"https:\/\/www.cisa-arica.cl\/wp1\/wp-content\/uploads\/2023\/11\/WhatsApp-Image-2023-11-08-at-20.29.29-1-1-450x600.jpeg\" data-width=\"1200\" src=\"https:\/\/i2.wp.com\/www.cisa-arica.cl\/wp1\/wp-content\/uploads\/2023\/11\/WhatsApp-Image-2023-11-08-at-20.29.29-1-1-450x600.jpeg?ssl=1\" data-amp-layout=\"responsive\"\/><\/figure><\/div><\/div><div class=\"tiled-gallery__row\"><div class=\"tiled-gallery__col\" style=\"flex-basis:66.73852%\"><figure class=\"tiled-gallery__item\"><img decoding=\"async\" data-attachment-id=\"23372\" data-permalink=\"https:\/\/www.cisa-arica.cl\/wp1\/2023\/11\/08\/mes-de-maria-2\/whatsapp-image-2023-11-08-at-20-29-28-1\/\" data-orig-file=\"https:\/\/www.cisa-arica.cl\/wp1\/wp-content\/uploads\/2023\/11\/WhatsApp-Image-2023-11-08-at-20.29.28-1.jpeg\" data-orig-size=\"1599,1200\" data-comments-opened=\"0\" data-image-meta=\"{&quot;aperture&quot;:&quot;0&quot;,&quot;credit&quot;:&quot;&quot;,&quot;camera&quot;:&quot;&quot;,&quot;caption&quot;:&quot;&quot;,&quot;created_timestamp&quot;:&quot;0&quot;,&quot;copyright&quot;:&quot;&quot;,&quot;focal_length&quot;:&quot;0&quot;,&quot;iso&quot;:&quot;0&quot;,&quot;shutter_speed&quot;:&quot;0&quot;,&quot;title&quot;:&quot;&quot;,&quot;orientation&quot;:&quot;0&quot;}\" data-image-title=\"WhatsApp-Image-2023-11-08-at-20.29.28-1\" data-image-description=\"\" data-image-caption=\"\" data-large-file=\"https:\/\/www.cisa-arica.cl\/wp1\/wp-content\/uploads\/2023\/11\/WhatsApp-Image-2023-11-08-at-20.29.28-1-600x450.jpeg\" data-attachment-id=\"23372\" data-permalink=\"https:\/\/www.cisa-arica.cl\/wp1\/2023\/11\/08\/mes-de-maria-2\/whatsapp-image-2023-11-08-at-20-29-28-1\/\" data-orig-file=\"https:\/\/www.cisa-arica.cl\/wp1\/wp-content\/uploads\/2023\/11\/WhatsApp-Image-2023-11-08-at-20.29.28-1.jpeg\" data-orig-size=\"1599,1200\" data-comments-opened=\"0\" data-image-meta=\"{&quot;aperture&quot;:&quot;0&quot;,&quot;credit&quot;:&quot;&quot;,&quot;camera&quot;:&quot;&quot;,&quot;caption&quot;:&quot;&quot;,&quot;created_timestamp&quot;:&quot;0&quot;,&quot;copyright&quot;:&quot;&quot;,&quot;focal_length&quot;:&quot;0&quot;,&quot;iso&quot;:&quot;0&quot;,&quot;shutter_speed&quot;:&quot;0&quot;,&quot;title&quot;:&quot;&quot;,&quot;orientation&quot;:&quot;0&quot;}\" data-image-title=\"WhatsApp-Image-2023-11-08-at-20.29.28-1\" data-image-description=\"\" data-image-caption=\"\" data-large-file=\"https:\/\/www.cisa-arica.cl\/wp1\/wp-content\/uploads\/2023\/11\/WhatsApp-Image-2023-11-08-at-20.29.28-1-600x450.jpeg\" role=\"button\" tabindex=\"0\" aria-label=\"Abrir la imagen 5 de 18 en pantalla completa\"srcset=\"https:\/\/i2.wp.com\/www.cisa-arica.cl\/wp1\/wp-content\/uploads\/2023\/11\/WhatsApp-Image-2023-11-08-at-20.29.28-1-600x450.jpeg?strip=info&#038;w=600&#038;ssl=1 600w,https:\/\/i2.wp.com\/www.cisa-arica.cl\/wp1\/wp-content\/uploads\/2023\/11\/WhatsApp-Image-2023-11-08-at-20.29.28-1-600x450.jpeg?strip=info&#038;w=900&#038;ssl=1 900w,https:\/\/i2.wp.com\/www.cisa-arica.cl\/wp1\/wp-content\/uploads\/2023\/11\/WhatsApp-Image-2023-11-08-at-20.29.28-1-600x450.jpeg?strip=info&#038;w=1200&#038;ssl=1 1200w,https:\/\/i2.wp.com\/www.cisa-arica.cl\/wp1\/wp-content\/uploads\/2023\/11\/WhatsApp-Image-2023-11-08-at-20.29.28-1-600x450.jpeg?strip=info&#038;w=1500&#038;ssl=1 1500w,https:\/\/i2.wp.com\/www.cisa-arica.cl\/wp1\/wp-content\/uploads\/2023\/11\/WhatsApp-Image-2023-11-08-at-20.29.28-1-600x450.jpeg?strip=info&#038;w=1599&#038;ssl=1 1599w\" alt=\"\" data-height=\"1200\" data-id=\"23372\" data-link=\"https:\/\/www.cisa-arica.cl\/wp1\/?attachment_id=23372\" data-url=\"https:\/\/www.cisa-arica.cl\/wp1\/wp-content\/uploads\/2023\/11\/WhatsApp-Image-2023-11-08-at-20.29.28-1-600x450.jpeg\" data-width=\"1599\" src=\"https:\/\/i2.wp.com\/www.cisa-arica.cl\/wp1\/wp-content\/uploads\/2023\/11\/WhatsApp-Image-2023-11-08-at-20.29.28-1-600x450.jpeg?ssl=1\" data-amp-layout=\"responsive\"\/><\/figure><\/div><div class=\"tiled-gallery__col\" style=\"flex-basis:33.26148%\"><figure class=\"tiled-gallery__item\"><img decoding=\"async\" data-attachment-id=\"23373\" data-permalink=\"https:\/\/www.cisa-arica.cl\/wp1\/2023\/11\/08\/mes-de-maria-2\/whatsapp-image-2023-11-08-at-20-29-26-2\/\" data-orig-file=\"https:\/\/www.cisa-arica.cl\/wp1\/wp-content\/uploads\/2023\/11\/WhatsApp-Image-2023-11-08-at-20.29.26-2.jpeg\" data-orig-size=\"1599,1200\" data-comments-opened=\"0\" data-image-meta=\"{&quot;aperture&quot;:&quot;0&quot;,&quot;credit&quot;:&quot;&quot;,&quot;camera&quot;:&quot;&quot;,&quot;caption&quot;:&quot;&quot;,&quot;created_timestamp&quot;:&quot;0&quot;,&quot;copyright&quot;:&quot;&quot;,&quot;focal_length&quot;:&quot;0&quot;,&quot;iso&quot;:&quot;0&quot;,&quot;shutter_speed&quot;:&quot;0&quot;,&quot;title&quot;:&quot;&quot;,&quot;orientation&quot;:&quot;0&quot;}\" data-image-title=\"WhatsApp-Image-2023-11-08-at-20.29.26-2\" data-image-description=\"\" data-image-caption=\"\" data-large-file=\"https:\/\/www.cisa-arica.cl\/wp1\/wp-content\/uploads\/2023\/11\/WhatsApp-Image-2023-11-08-at-20.29.26-2-600x450.jpeg\" data-attachment-id=\"23373\" data-permalink=\"https:\/\/www.cisa-arica.cl\/wp1\/2023\/11\/08\/mes-de-maria-2\/whatsapp-image-2023-11-08-at-20-29-26-2\/\" data-orig-file=\"https:\/\/www.cisa-arica.cl\/wp1\/wp-content\/uploads\/2023\/11\/WhatsApp-Image-2023-11-08-at-20.29.26-2.jpeg\" data-orig-size=\"1599,1200\" data-comments-opened=\"0\" data-image-meta=\"{&quot;aperture&quot;:&quot;0&quot;,&quot;credit&quot;:&quot;&quot;,&quot;camera&quot;:&quot;&quot;,&quot;caption&quot;:&quot;&quot;,&quot;created_timestamp&quot;:&quot;0&quot;,&quot;copyright&quot;:&quot;&quot;,&quot;focal_length&quot;:&quot;0&quot;,&quot;iso&quot;:&quot;0&quot;,&quot;shutter_speed&quot;:&quot;0&quot;,&quot;title&quot;:&quot;&quot;,&quot;orientation&quot;:&quot;0&quot;}\" data-image-title=\"WhatsApp-Image-2023-11-08-at-20.29.26-2\" data-image-description=\"\" data-image-caption=\"\" data-large-file=\"https:\/\/www.cisa-arica.cl\/wp1\/wp-content\/uploads\/2023\/11\/WhatsApp-Image-2023-11-08-at-20.29.26-2-600x450.jpeg\" role=\"button\" tabindex=\"0\" aria-label=\"Abrir la imagen 6 de 18 en pantalla completa\"srcset=\"https:\/\/i2.wp.com\/www.cisa-arica.cl\/wp1\/wp-content\/uploads\/2023\/11\/WhatsApp-Image-2023-11-08-at-20.29.26-2-600x450.jpeg?strip=info&#038;w=600&#038;ssl=1 600w,https:\/\/i2.wp.com\/www.cisa-arica.cl\/wp1\/wp-content\/uploads\/2023\/11\/WhatsApp-Image-2023-11-08-at-20.29.26-2-600x450.jpeg?strip=info&#038;w=900&#038;ssl=1 900w,https:\/\/i2.wp.com\/www.cisa-arica.cl\/wp1\/wp-content\/uploads\/2023\/11\/WhatsApp-Image-2023-11-08-at-20.29.26-2-600x450.jpeg?strip=info&#038;w=1200&#038;ssl=1 1200w,https:\/\/i2.wp.com\/www.cisa-arica.cl\/wp1\/wp-content\/uploads\/2023\/11\/WhatsApp-Image-2023-11-08-at-20.29.26-2-600x450.jpeg?strip=info&#038;w=1500&#038;ssl=1 1500w,https:\/\/i2.wp.com\/www.cisa-arica.cl\/wp1\/wp-content\/uploads\/2023\/11\/WhatsApp-Image-2023-11-08-at-20.29.26-2-600x450.jpeg?strip=info&#038;w=1599&#038;ssl=1 1599w\" alt=\"\" data-height=\"1200\" data-id=\"23373\" data-link=\"https:\/\/www.cisa-arica.cl\/wp1\/?attachment_id=23373\" data-url=\"https:\/\/www.cisa-arica.cl\/wp1\/wp-content\/uploads\/2023\/11\/WhatsApp-Image-2023-11-08-at-20.29.26-2-600x450.jpeg\" data-width=\"1599\" src=\"https:\/\/i2.wp.com\/www.cisa-arica.cl\/wp1\/wp-content\/uploads\/2023\/11\/WhatsApp-Image-2023-11-08-at-20.29.26-2-600x450.jpeg?ssl=1\" data-amp-layout=\"responsive\"\/><\/figure><figure class=\"tiled-gallery__item\"><img decoding=\"async\" data-attachment-id=\"23374\" data-permalink=\"https:\/\/www.cisa-arica.cl\/wp1\/2023\/11\/08\/mes-de-maria-2\/whatsapp-image-2023-11-08-at-20-29-26-1-1\/\" data-orig-file=\"https:\/\/www.cisa-arica.cl\/wp1\/wp-content\/uploads\/2023\/11\/WhatsApp-Image-2023-11-08-at-20.29.26-1-1.jpeg\" data-orig-size=\"1152,864\" data-comments-opened=\"0\" data-image-meta=\"{&quot;aperture&quot;:&quot;0&quot;,&quot;credit&quot;:&quot;&quot;,&quot;camera&quot;:&quot;&quot;,&quot;caption&quot;:&quot;&quot;,&quot;created_timestamp&quot;:&quot;0&quot;,&quot;copyright&quot;:&quot;&quot;,&quot;focal_length&quot;:&quot;0&quot;,&quot;iso&quot;:&quot;0&quot;,&quot;shutter_speed&quot;:&quot;0&quot;,&quot;title&quot;:&quot;&quot;,&quot;orientation&quot;:&quot;0&quot;}\" data-image-title=\"WhatsApp-Image-2023-11-08-at-20.29.26-1-1\" data-image-description=\"\" data-image-caption=\"\" data-large-file=\"https:\/\/www.cisa-arica.cl\/wp1\/wp-content\/uploads\/2023\/11\/WhatsApp-Image-2023-11-08-at-20.29.26-1-1-600x450.jpeg\" data-attachment-id=\"23374\" data-permalink=\"https:\/\/www.cisa-arica.cl\/wp1\/2023\/11\/08\/mes-de-maria-2\/whatsapp-image-2023-11-08-at-20-29-26-1-1\/\" data-orig-file=\"https:\/\/www.cisa-arica.cl\/wp1\/wp-content\/uploads\/2023\/11\/WhatsApp-Image-2023-11-08-at-20.29.26-1-1.jpeg\" data-orig-size=\"1152,864\" data-comments-opened=\"0\" data-image-meta=\"{&quot;aperture&quot;:&quot;0&quot;,&quot;credit&quot;:&quot;&quot;,&quot;camera&quot;:&quot;&quot;,&quot;caption&quot;:&quot;&quot;,&quot;created_timestamp&quot;:&quot;0&quot;,&quot;copyright&quot;:&quot;&quot;,&quot;focal_length&quot;:&quot;0&quot;,&quot;iso&quot;:&quot;0&quot;,&quot;shutter_speed&quot;:&quot;0&quot;,&quot;title&quot;:&quot;&quot;,&quot;orientation&quot;:&quot;0&quot;}\" data-image-title=\"WhatsApp-Image-2023-11-08-at-20.29.26-1-1\" data-image-description=\"\" data-image-caption=\"\" data-large-file=\"https:\/\/www.cisa-arica.cl\/wp1\/wp-content\/uploads\/2023\/11\/WhatsApp-Image-2023-11-08-at-20.29.26-1-1-600x450.jpeg\" role=\"button\" tabindex=\"0\" aria-label=\"Abrir la imagen 7 de 18 en pantalla completa\"srcset=\"https:\/\/i1.wp.com\/www.cisa-arica.cl\/wp1\/wp-content\/uploads\/2023\/11\/WhatsApp-Image-2023-11-08-at-20.29.26-1-1-600x450.jpeg?strip=info&#038;w=600&#038;ssl=1 600w,https:\/\/i1.wp.com\/www.cisa-arica.cl\/wp1\/wp-content\/uploads\/2023\/11\/WhatsApp-Image-2023-11-08-at-20.29.26-1-1-600x450.jpeg?strip=info&#038;w=900&#038;ssl=1 900w,https:\/\/i1.wp.com\/www.cisa-arica.cl\/wp1\/wp-content\/uploads\/2023\/11\/WhatsApp-Image-2023-11-08-at-20.29.26-1-1-600x450.jpeg?strip=info&#038;w=1152&#038;ssl=1 1152w\" alt=\"\" data-height=\"864\" data-id=\"23374\" data-link=\"https:\/\/www.cisa-arica.cl\/wp1\/?attachment_id=23374\" data-url=\"https:\/\/www.cisa-arica.cl\/wp1\/wp-content\/uploads\/2023\/11\/WhatsApp-Image-2023-11-08-at-20.29.26-1-1-600x450.jpeg\" data-width=\"1152\" src=\"https:\/\/i1.wp.com\/www.cisa-arica.cl\/wp1\/wp-content\/uploads\/2023\/11\/WhatsApp-Image-2023-11-08-at-20.29.26-1-1-600x450.jpeg?ssl=1\" data-amp-layout=\"responsive\"\/><\/figure><\/div><\/div><div class=\"tiled-gallery__row\"><div class=\"tiled-gallery__col\" style=\"flex-basis:33.33333%\"><figure class=\"tiled-gallery__item\"><img decoding=\"async\" data-attachment-id=\"23375\" data-permalink=\"https:\/\/www.cisa-arica.cl\/wp1\/2023\/11\/08\/mes-de-maria-2\/whatsapp-image-2023-11-08-at-20-29-25-3\/\" data-orig-file=\"https:\/\/www.cisa-arica.cl\/wp1\/wp-content\/uploads\/2023\/11\/WhatsApp-Image-2023-11-08-at-20.29.25-3.jpeg\" data-orig-size=\"1599,1200\" data-comments-opened=\"0\" data-image-meta=\"{&quot;aperture&quot;:&quot;0&quot;,&quot;credit&quot;:&quot;&quot;,&quot;camera&quot;:&quot;&quot;,&quot;caption&quot;:&quot;&quot;,&quot;created_timestamp&quot;:&quot;0&quot;,&quot;copyright&quot;:&quot;&quot;,&quot;focal_length&quot;:&quot;0&quot;,&quot;iso&quot;:&quot;0&quot;,&quot;shutter_speed&quot;:&quot;0&quot;,&quot;title&quot;:&quot;&quot;,&quot;orientation&quot;:&quot;0&quot;}\" data-image-title=\"WhatsApp-Image-2023-11-08-at-20.29.25-3\" data-image-description=\"\" data-image-caption=\"\" data-large-file=\"https:\/\/www.cisa-arica.cl\/wp1\/wp-content\/uploads\/2023\/11\/WhatsApp-Image-2023-11-08-at-20.29.25-3-600x450.jpeg\" data-attachment-id=\"23375\" data-permalink=\"https:\/\/www.cisa-arica.cl\/wp1\/2023\/11\/08\/mes-de-maria-2\/whatsapp-image-2023-11-08-at-20-29-25-3\/\" data-orig-file=\"https:\/\/www.cisa-arica.cl\/wp1\/wp-content\/uploads\/2023\/11\/WhatsApp-Image-2023-11-08-at-20.29.25-3.jpeg\" data-orig-size=\"1599,1200\" data-comments-opened=\"0\" data-image-meta=\"{&quot;aperture&quot;:&quot;0&quot;,&quot;credit&quot;:&quot;&quot;,&quot;camera&quot;:&quot;&quot;,&quot;caption&quot;:&quot;&quot;,&quot;created_timestamp&quot;:&quot;0&quot;,&quot;copyright&quot;:&quot;&quot;,&quot;focal_length&quot;:&quot;0&quot;,&quot;iso&quot;:&quot;0&quot;,&quot;shutter_speed&quot;:&quot;0&quot;,&quot;title&quot;:&quot;&quot;,&quot;orientation&quot;:&quot;0&quot;}\" data-image-title=\"WhatsApp-Image-2023-11-08-at-20.29.25-3\" data-image-description=\"\" data-image-caption=\"\" data-large-file=\"https:\/\/www.cisa-arica.cl\/wp1\/wp-content\/uploads\/2023\/11\/WhatsApp-Image-2023-11-08-at-20.29.25-3-600x450.jpeg\" role=\"button\" tabindex=\"0\" aria-label=\"Abrir la imagen 8 de 18 en pantalla completa\"srcset=\"https:\/\/i2.wp.com\/www.cisa-arica.cl\/wp1\/wp-content\/uploads\/2023\/11\/WhatsApp-Image-2023-11-08-at-20.29.25-3-600x450.jpeg?strip=info&#038;w=600&#038;ssl=1 600w,https:\/\/i2.wp.com\/www.cisa-arica.cl\/wp1\/wp-content\/uploads\/2023\/11\/WhatsApp-Image-2023-11-08-at-20.29.25-3-600x450.jpeg?strip=info&#038;w=900&#038;ssl=1 900w,https:\/\/i2.wp.com\/www.cisa-arica.cl\/wp1\/wp-content\/uploads\/2023\/11\/WhatsApp-Image-2023-11-08-at-20.29.25-3-600x450.jpeg?strip=info&#038;w=1200&#038;ssl=1 1200w,https:\/\/i2.wp.com\/www.cisa-arica.cl\/wp1\/wp-content\/uploads\/2023\/11\/WhatsApp-Image-2023-11-08-at-20.29.25-3-600x450.jpeg?strip=info&#038;w=1500&#038;ssl=1 1500w,https:\/\/i2.wp.com\/www.cisa-arica.cl\/wp1\/wp-content\/uploads\/2023\/11\/WhatsApp-Image-2023-11-08-at-20.29.25-3-600x450.jpeg?strip=info&#038;w=1599&#038;ssl=1 1599w\" alt=\"\" data-height=\"1200\" data-id=\"23375\" data-link=\"https:\/\/www.cisa-arica.cl\/wp1\/?attachment_id=23375\" data-url=\"https:\/\/www.cisa-arica.cl\/wp1\/wp-content\/uploads\/2023\/11\/WhatsApp-Image-2023-11-08-at-20.29.25-3-600x450.jpeg\" data-width=\"1599\" src=\"https:\/\/i2.wp.com\/www.cisa-arica.cl\/wp1\/wp-content\/uploads\/2023\/11\/WhatsApp-Image-2023-11-08-at-20.29.25-3-600x450.jpeg?ssl=1\" data-amp-layout=\"responsive\"\/><\/figure><\/div><div class=\"tiled-gallery__col\" style=\"flex-basis:33.33333%\"><figure class=\"tiled-gallery__item\"><img decoding=\"async\" data-attachment-id=\"23376\" data-permalink=\"https:\/\/www.cisa-arica.cl\/wp1\/2023\/11\/08\/mes-de-maria-2\/whatsapp-image-2023-11-08-at-20-29-25-2-1\/\" data-orig-file=\"https:\/\/www.cisa-arica.cl\/wp1\/wp-content\/uploads\/2023\/11\/WhatsApp-Image-2023-11-08-at-20.29.25-2-1.jpeg\" data-orig-size=\"1599,1200\" data-comments-opened=\"0\" data-image-meta=\"{&quot;aperture&quot;:&quot;0&quot;,&quot;credit&quot;:&quot;&quot;,&quot;camera&quot;:&quot;&quot;,&quot;caption&quot;:&quot;&quot;,&quot;created_timestamp&quot;:&quot;0&quot;,&quot;copyright&quot;:&quot;&quot;,&quot;focal_length&quot;:&quot;0&quot;,&quot;iso&quot;:&quot;0&quot;,&quot;shutter_speed&quot;:&quot;0&quot;,&quot;title&quot;:&quot;&quot;,&quot;orientation&quot;:&quot;0&quot;}\" data-image-title=\"WhatsApp-Image-2023-11-08-at-20.29.25-2-1\" data-image-description=\"\" data-image-caption=\"\" data-large-file=\"https:\/\/www.cisa-arica.cl\/wp1\/wp-content\/uploads\/2023\/11\/WhatsApp-Image-2023-11-08-at-20.29.25-2-1-600x450.jpeg\" data-attachment-id=\"23376\" data-permalink=\"https:\/\/www.cisa-arica.cl\/wp1\/2023\/11\/08\/mes-de-maria-2\/whatsapp-image-2023-11-08-at-20-29-25-2-1\/\" data-orig-file=\"https:\/\/www.cisa-arica.cl\/wp1\/wp-content\/uploads\/2023\/11\/WhatsApp-Image-2023-11-08-at-20.29.25-2-1.jpeg\" data-orig-size=\"1599,1200\" data-comments-opened=\"0\" data-image-meta=\"{&quot;aperture&quot;:&quot;0&quot;,&quot;credit&quot;:&quot;&quot;,&quot;camera&quot;:&quot;&quot;,&quot;caption&quot;:&quot;&quot;,&quot;created_timestamp&quot;:&quot;0&quot;,&quot;copyright&quot;:&quot;&quot;,&quot;focal_length&quot;:&quot;0&quot;,&quot;iso&quot;:&quot;0&quot;,&quot;shutter_speed&quot;:&quot;0&quot;,&quot;title&quot;:&quot;&quot;,&quot;orientation&quot;:&quot;0&quot;}\" data-image-title=\"WhatsApp-Image-2023-11-08-at-20.29.25-2-1\" data-image-description=\"\" data-image-caption=\"\" data-large-file=\"https:\/\/www.cisa-arica.cl\/wp1\/wp-content\/uploads\/2023\/11\/WhatsApp-Image-2023-11-08-at-20.29.25-2-1-600x450.jpeg\" role=\"button\" tabindex=\"0\" aria-label=\"Abrir la imagen 9 de 18 en pantalla completa\"srcset=\"https:\/\/i1.wp.com\/www.cisa-arica.cl\/wp1\/wp-content\/uploads\/2023\/11\/WhatsApp-Image-2023-11-08-at-20.29.25-2-1-600x450.jpeg?strip=info&#038;w=600&#038;ssl=1 600w,https:\/\/i1.wp.com\/www.cisa-arica.cl\/wp1\/wp-content\/uploads\/2023\/11\/WhatsApp-Image-2023-11-08-at-20.29.25-2-1-600x450.jpeg?strip=info&#038;w=900&#038;ssl=1 900w,https:\/\/i1.wp.com\/www.cisa-arica.cl\/wp1\/wp-content\/uploads\/2023\/11\/WhatsApp-Image-2023-11-08-at-20.29.25-2-1-600x450.jpeg?strip=info&#038;w=1200&#038;ssl=1 1200w,https:\/\/i1.wp.com\/www.cisa-arica.cl\/wp1\/wp-content\/uploads\/2023\/11\/WhatsApp-Image-2023-11-08-at-20.29.25-2-1-600x450.jpeg?strip=info&#038;w=1500&#038;ssl=1 1500w,https:\/\/i1.wp.com\/www.cisa-arica.cl\/wp1\/wp-content\/uploads\/2023\/11\/WhatsApp-Image-2023-11-08-at-20.29.25-2-1-600x450.jpeg?strip=info&#038;w=1599&#038;ssl=1 1599w\" alt=\"\" data-height=\"1200\" data-id=\"23376\" data-link=\"https:\/\/www.cisa-arica.cl\/wp1\/?attachment_id=23376\" data-url=\"https:\/\/www.cisa-arica.cl\/wp1\/wp-content\/uploads\/2023\/11\/WhatsApp-Image-2023-11-08-at-20.29.25-2-1-600x450.jpeg\" data-width=\"1599\" src=\"https:\/\/i1.wp.com\/www.cisa-arica.cl\/wp1\/wp-content\/uploads\/2023\/11\/WhatsApp-Image-2023-11-08-at-20.29.25-2-1-600x450.jpeg?ssl=1\" data-amp-layout=\"responsive\"\/><\/figure><\/div><div class=\"tiled-gallery__col\" style=\"flex-basis:33.33333%\"><figure class=\"tiled-gallery__item\"><img decoding=\"async\" data-attachment-id=\"23377\" data-permalink=\"https:\/\/www.cisa-arica.cl\/wp1\/2023\/11\/08\/mes-de-maria-2\/whatsapp-image-2023-11-08-at-20-29-25-1-1\/\" data-orig-file=\"https:\/\/www.cisa-arica.cl\/wp1\/wp-content\/uploads\/2023\/11\/WhatsApp-Image-2023-11-08-at-20.29.25-1-1.jpeg\" data-orig-size=\"1599,1200\" data-comments-opened=\"0\" data-image-meta=\"{&quot;aperture&quot;:&quot;0&quot;,&quot;credit&quot;:&quot;&quot;,&quot;camera&quot;:&quot;&quot;,&quot;caption&quot;:&quot;&quot;,&quot;created_timestamp&quot;:&quot;0&quot;,&quot;copyright&quot;:&quot;&quot;,&quot;focal_length&quot;:&quot;0&quot;,&quot;iso&quot;:&quot;0&quot;,&quot;shutter_speed&quot;:&quot;0&quot;,&quot;title&quot;:&quot;&quot;,&quot;orientation&quot;:&quot;0&quot;}\" data-image-title=\"WhatsApp-Image-2023-11-08-at-20.29.25-1-1\" data-image-description=\"\" data-image-caption=\"\" data-large-file=\"https:\/\/www.cisa-arica.cl\/wp1\/wp-content\/uploads\/2023\/11\/WhatsApp-Image-2023-11-08-at-20.29.25-1-1-600x450.jpeg\" data-attachment-id=\"23377\" data-permalink=\"https:\/\/www.cisa-arica.cl\/wp1\/2023\/11\/08\/mes-de-maria-2\/whatsapp-image-2023-11-08-at-20-29-25-1-1\/\" data-orig-file=\"https:\/\/www.cisa-arica.cl\/wp1\/wp-content\/uploads\/2023\/11\/WhatsApp-Image-2023-11-08-at-20.29.25-1-1.jpeg\" data-orig-size=\"1599,1200\" data-comments-opened=\"0\" data-image-meta=\"{&quot;aperture&quot;:&quot;0&quot;,&quot;credit&quot;:&quot;&quot;,&quot;camera&quot;:&quot;&quot;,&quot;caption&quot;:&quot;&quot;,&quot;created_timestamp&quot;:&quot;0&quot;,&quot;copyright&quot;:&quot;&quot;,&quot;focal_length&quot;:&quot;0&quot;,&quot;iso&quot;:&quot;0&quot;,&quot;shutter_speed&quot;:&quot;0&quot;,&quot;title&quot;:&quot;&quot;,&quot;orientation&quot;:&quot;0&quot;}\" data-image-title=\"WhatsApp-Image-2023-11-08-at-20.29.25-1-1\" data-image-description=\"\" data-image-caption=\"\" data-large-file=\"https:\/\/www.cisa-arica.cl\/wp1\/wp-content\/uploads\/2023\/11\/WhatsApp-Image-2023-11-08-at-20.29.25-1-1-600x450.jpeg\" role=\"button\" tabindex=\"0\" aria-label=\"Abrir la imagen 10 de 18 en pantalla completa\"srcset=\"https:\/\/i1.wp.com\/www.cisa-arica.cl\/wp1\/wp-content\/uploads\/2023\/11\/WhatsApp-Image-2023-11-08-at-20.29.25-1-1-600x450.jpeg?strip=info&#038;w=600&#038;ssl=1 600w,https:\/\/i1.wp.com\/www.cisa-arica.cl\/wp1\/wp-content\/uploads\/2023\/11\/WhatsApp-Image-2023-11-08-at-20.29.25-1-1-600x450.jpeg?strip=info&#038;w=900&#038;ssl=1 900w,https:\/\/i1.wp.com\/www.cisa-arica.cl\/wp1\/wp-content\/uploads\/2023\/11\/WhatsApp-Image-2023-11-08-at-20.29.25-1-1-600x450.jpeg?strip=info&#038;w=1200&#038;ssl=1 1200w,https:\/\/i1.wp.com\/www.cisa-arica.cl\/wp1\/wp-content\/uploads\/2023\/11\/WhatsApp-Image-2023-11-08-at-20.29.25-1-1-600x450.jpeg?strip=info&#038;w=1500&#038;ssl=1 1500w,https:\/\/i1.wp.com\/www.cisa-arica.cl\/wp1\/wp-content\/uploads\/2023\/11\/WhatsApp-Image-2023-11-08-at-20.29.25-1-1-600x450.jpeg?strip=info&#038;w=1599&#038;ssl=1 1599w\" alt=\"\" data-height=\"1200\" data-id=\"23377\" data-link=\"https:\/\/www.cisa-arica.cl\/wp1\/?attachment_id=23377\" data-url=\"https:\/\/www.cisa-arica.cl\/wp1\/wp-content\/uploads\/2023\/11\/WhatsApp-Image-2023-11-08-at-20.29.25-1-1-600x450.jpeg\" data-width=\"1599\" src=\"https:\/\/i1.wp.com\/www.cisa-arica.cl\/wp1\/wp-content\/uploads\/2023\/11\/WhatsApp-Image-2023-11-08-at-20.29.25-1-1-600x450.jpeg?ssl=1\" data-amp-layout=\"responsive\"\/><\/figure><\/div><\/div><div class=\"tiled-gallery__row\"><div class=\"tiled-gallery__col\" style=\"flex-basis:100.00000%\"><figure class=\"tiled-gallery__item\"><img decoding=\"async\" data-attachment-id=\"23378\" data-permalink=\"https:\/\/www.cisa-arica.cl\/wp1\/2023\/11\/08\/mes-de-maria-2\/whatsapp-image-2023-11-08-at-16-52-01-2\/\" data-orig-file=\"https:\/\/www.cisa-arica.cl\/wp1\/wp-content\/uploads\/2023\/11\/WhatsApp-Image-2023-11-08-at-16.52.01-2-rotated.jpeg\" data-orig-size=\"1600,666\" data-comments-opened=\"0\" data-image-meta=\"{&quot;aperture&quot;:&quot;0&quot;,&quot;credit&quot;:&quot;&quot;,&quot;camera&quot;:&quot;&quot;,&quot;caption&quot;:&quot;&quot;,&quot;created_timestamp&quot;:&quot;0&quot;,&quot;copyright&quot;:&quot;&quot;,&quot;focal_length&quot;:&quot;0&quot;,&quot;iso&quot;:&quot;0&quot;,&quot;shutter_speed&quot;:&quot;0&quot;,&quot;title&quot;:&quot;&quot;,&quot;orientation&quot;:&quot;1&quot;}\" data-image-title=\"WhatsApp-Image-2023-11-08-at-16.52.01-2\" data-image-description=\"\" data-image-caption=\"\" data-large-file=\"https:\/\/www.cisa-arica.cl\/wp1\/wp-content\/uploads\/2023\/11\/WhatsApp-Image-2023-11-08-at-16.52.01-2-600x250.jpeg\" data-attachment-id=\"23378\" data-permalink=\"https:\/\/www.cisa-arica.cl\/wp1\/2023\/11\/08\/mes-de-maria-2\/whatsapp-image-2023-11-08-at-16-52-01-2\/\" data-orig-file=\"https:\/\/www.cisa-arica.cl\/wp1\/wp-content\/uploads\/2023\/11\/WhatsApp-Image-2023-11-08-at-16.52.01-2-rotated.jpeg\" data-orig-size=\"1600,666\" data-comments-opened=\"0\" data-image-meta=\"{&quot;aperture&quot;:&quot;0&quot;,&quot;credit&quot;:&quot;&quot;,&quot;camera&quot;:&quot;&quot;,&quot;caption&quot;:&quot;&quot;,&quot;created_timestamp&quot;:&quot;0&quot;,&quot;copyright&quot;:&quot;&quot;,&quot;focal_length&quot;:&quot;0&quot;,&quot;iso&quot;:&quot;0&quot;,&quot;shutter_speed&quot;:&quot;0&quot;,&quot;title&quot;:&quot;&quot;,&quot;orientation&quot;:&quot;1&quot;}\" data-image-title=\"WhatsApp-Image-2023-11-08-at-16.52.01-2\" data-image-description=\"\" data-image-caption=\"\" data-large-file=\"https:\/\/www.cisa-arica.cl\/wp1\/wp-content\/uploads\/2023\/11\/WhatsApp-Image-2023-11-08-at-16.52.01-2-600x250.jpeg\" role=\"button\" tabindex=\"0\" aria-label=\"Abrir la imagen 11 de 18 en pantalla completa\"srcset=\"https:\/\/i2.wp.com\/www.cisa-arica.cl\/wp1\/wp-content\/uploads\/2023\/11\/WhatsApp-Image-2023-11-08-at-16.52.01-2-600x250.jpeg?strip=info&#038;w=600&#038;ssl=1 600w,https:\/\/i2.wp.com\/www.cisa-arica.cl\/wp1\/wp-content\/uploads\/2023\/11\/WhatsApp-Image-2023-11-08-at-16.52.01-2-600x250.jpeg?strip=info&#038;w=900&#038;ssl=1 900w,https:\/\/i2.wp.com\/www.cisa-arica.cl\/wp1\/wp-content\/uploads\/2023\/11\/WhatsApp-Image-2023-11-08-at-16.52.01-2-600x250.jpeg?strip=info&#038;w=1200&#038;ssl=1 1200w,https:\/\/i2.wp.com\/www.cisa-arica.cl\/wp1\/wp-content\/uploads\/2023\/11\/WhatsApp-Image-2023-11-08-at-16.52.01-2-600x250.jpeg?strip=info&#038;w=1500&#038;ssl=1 1500w,https:\/\/i2.wp.com\/www.cisa-arica.cl\/wp1\/wp-content\/uploads\/2023\/11\/WhatsApp-Image-2023-11-08-at-16.52.01-2-600x250.jpeg?strip=info&#038;w=1600&#038;ssl=1 1600w\" alt=\"\" data-height=\"666\" data-id=\"23378\" data-link=\"https:\/\/www.cisa-arica.cl\/wp1\/?attachment_id=23378\" data-url=\"https:\/\/www.cisa-arica.cl\/wp1\/wp-content\/uploads\/2023\/11\/WhatsApp-Image-2023-11-08-at-16.52.01-2-600x250.jpeg\" data-width=\"1600\" src=\"https:\/\/i2.wp.com\/www.cisa-arica.cl\/wp1\/wp-content\/uploads\/2023\/11\/WhatsApp-Image-2023-11-08-at-16.52.01-2-600x250.jpeg?ssl=1\" data-amp-layout=\"responsive\"\/><\/figure><\/div><\/div><div class=\"tiled-gallery__row\"><div class=\"tiled-gallery__col\" style=\"flex-basis:49.44408%\"><figure class=\"tiled-gallery__item\"><img decoding=\"async\" data-attachment-id=\"23379\" data-permalink=\"https:\/\/www.cisa-arica.cl\/wp1\/2023\/11\/08\/mes-de-maria-2\/whatsapp-image-2023-11-08-at-16-52-01-1-1\/\" data-orig-file=\"https:\/\/www.cisa-arica.cl\/wp1\/wp-content\/uploads\/2023\/11\/WhatsApp-Image-2023-11-08-at-16.52.01-1-1-rotated.jpeg\" data-orig-size=\"1280,776\" data-comments-opened=\"0\" data-image-meta=\"{&quot;aperture&quot;:&quot;0&quot;,&quot;credit&quot;:&quot;&quot;,&quot;camera&quot;:&quot;&quot;,&quot;caption&quot;:&quot;&quot;,&quot;created_timestamp&quot;:&quot;0&quot;,&quot;copyright&quot;:&quot;&quot;,&quot;focal_length&quot;:&quot;0&quot;,&quot;iso&quot;:&quot;0&quot;,&quot;shutter_speed&quot;:&quot;0&quot;,&quot;title&quot;:&quot;&quot;,&quot;orientation&quot;:&quot;1&quot;}\" data-image-title=\"WhatsApp-Image-2023-11-08-at-16.52.01-1-1\" data-image-description=\"\" data-image-caption=\"\" data-large-file=\"https:\/\/www.cisa-arica.cl\/wp1\/wp-content\/uploads\/2023\/11\/WhatsApp-Image-2023-11-08-at-16.52.01-1-1-600x364.jpeg\" data-attachment-id=\"23379\" data-permalink=\"https:\/\/www.cisa-arica.cl\/wp1\/2023\/11\/08\/mes-de-maria-2\/whatsapp-image-2023-11-08-at-16-52-01-1-1\/\" data-orig-file=\"https:\/\/www.cisa-arica.cl\/wp1\/wp-content\/uploads\/2023\/11\/WhatsApp-Image-2023-11-08-at-16.52.01-1-1-rotated.jpeg\" data-orig-size=\"1280,776\" data-comments-opened=\"0\" data-image-meta=\"{&quot;aperture&quot;:&quot;0&quot;,&quot;credit&quot;:&quot;&quot;,&quot;camera&quot;:&quot;&quot;,&quot;caption&quot;:&quot;&quot;,&quot;created_timestamp&quot;:&quot;0&quot;,&quot;copyright&quot;:&quot;&quot;,&quot;focal_length&quot;:&quot;0&quot;,&quot;iso&quot;:&quot;0&quot;,&quot;shutter_speed&quot;:&quot;0&quot;,&quot;title&quot;:&quot;&quot;,&quot;orientation&quot;:&quot;1&quot;}\" data-image-title=\"WhatsApp-Image-2023-11-08-at-16.52.01-1-1\" data-image-description=\"\" data-image-caption=\"\" data-large-file=\"https:\/\/www.cisa-arica.cl\/wp1\/wp-content\/uploads\/2023\/11\/WhatsApp-Image-2023-11-08-at-16.52.01-1-1-600x364.jpeg\" role=\"button\" tabindex=\"0\" aria-label=\"Abrir la imagen 12 de 18 en pantalla completa\"srcset=\"https:\/\/i1.wp.com\/www.cisa-arica.cl\/wp1\/wp-content\/uploads\/2023\/11\/WhatsApp-Image-2023-11-08-at-16.52.01-1-1-600x364.jpeg?strip=info&#038;w=600&#038;ssl=1 600w,https:\/\/i1.wp.com\/www.cisa-arica.cl\/wp1\/wp-content\/uploads\/2023\/11\/WhatsApp-Image-2023-11-08-at-16.52.01-1-1-600x364.jpeg?strip=info&#038;w=900&#038;ssl=1 900w,https:\/\/i1.wp.com\/www.cisa-arica.cl\/wp1\/wp-content\/uploads\/2023\/11\/WhatsApp-Image-2023-11-08-at-16.52.01-1-1-600x364.jpeg?strip=info&#038;w=1200&#038;ssl=1 1200w,https:\/\/i1.wp.com\/www.cisa-arica.cl\/wp1\/wp-content\/uploads\/2023\/11\/WhatsApp-Image-2023-11-08-at-16.52.01-1-1-600x364.jpeg?strip=info&#038;w=1280&#038;ssl=1 1280w\" alt=\"\" data-height=\"776\" data-id=\"23379\" data-link=\"https:\/\/www.cisa-arica.cl\/wp1\/?attachment_id=23379\" data-url=\"https:\/\/www.cisa-arica.cl\/wp1\/wp-content\/uploads\/2023\/11\/WhatsApp-Image-2023-11-08-at-16.52.01-1-1-600x364.jpeg\" data-width=\"1280\" src=\"https:\/\/i1.wp.com\/www.cisa-arica.cl\/wp1\/wp-content\/uploads\/2023\/11\/WhatsApp-Image-2023-11-08-at-16.52.01-1-1-600x364.jpeg?ssl=1\" data-amp-layout=\"responsive\"\/><\/figure><figure class=\"tiled-gallery__item\"><img decoding=\"async\" data-attachment-id=\"23380\" data-permalink=\"https:\/\/www.cisa-arica.cl\/wp1\/2023\/11\/08\/mes-de-maria-2\/whatsapp-image-2023-11-08-at-16-51-13-2\/\" data-orig-file=\"https:\/\/www.cisa-arica.cl\/wp1\/wp-content\/uploads\/2023\/11\/WhatsApp-Image-2023-11-08-at-16.51.13-2.jpeg\" data-orig-size=\"1600,1200\" data-comments-opened=\"0\" data-image-meta=\"{&quot;aperture&quot;:&quot;0&quot;,&quot;credit&quot;:&quot;&quot;,&quot;camera&quot;:&quot;&quot;,&quot;caption&quot;:&quot;&quot;,&quot;created_timestamp&quot;:&quot;0&quot;,&quot;copyright&quot;:&quot;&quot;,&quot;focal_length&quot;:&quot;0&quot;,&quot;iso&quot;:&quot;0&quot;,&quot;shutter_speed&quot;:&quot;0&quot;,&quot;title&quot;:&quot;&quot;,&quot;orientation&quot;:&quot;0&quot;}\" data-image-title=\"WhatsApp-Image-2023-11-08-at-16.51.13-2\" data-image-description=\"\" data-image-caption=\"\" data-large-file=\"https:\/\/www.cisa-arica.cl\/wp1\/wp-content\/uploads\/2023\/11\/WhatsApp-Image-2023-11-08-at-16.51.13-2-600x450.jpeg\" data-attachment-id=\"23380\" data-permalink=\"https:\/\/www.cisa-arica.cl\/wp1\/2023\/11\/08\/mes-de-maria-2\/whatsapp-image-2023-11-08-at-16-51-13-2\/\" data-orig-file=\"https:\/\/www.cisa-arica.cl\/wp1\/wp-content\/uploads\/2023\/11\/WhatsApp-Image-2023-11-08-at-16.51.13-2.jpeg\" data-orig-size=\"1600,1200\" data-comments-opened=\"0\" data-image-meta=\"{&quot;aperture&quot;:&quot;0&quot;,&quot;credit&quot;:&quot;&quot;,&quot;camera&quot;:&quot;&quot;,&quot;caption&quot;:&quot;&quot;,&quot;created_timestamp&quot;:&quot;0&quot;,&quot;copyright&quot;:&quot;&quot;,&quot;focal_length&quot;:&quot;0&quot;,&quot;iso&quot;:&quot;0&quot;,&quot;shutter_speed&quot;:&quot;0&quot;,&quot;title&quot;:&quot;&quot;,&quot;orientation&quot;:&quot;0&quot;}\" data-image-title=\"WhatsApp-Image-2023-11-08-at-16.51.13-2\" data-image-description=\"\" data-image-caption=\"\" data-large-file=\"https:\/\/www.cisa-arica.cl\/wp1\/wp-content\/uploads\/2023\/11\/WhatsApp-Image-2023-11-08-at-16.51.13-2-600x450.jpeg\" role=\"button\" tabindex=\"0\" aria-label=\"Abrir la imagen 13 de 18 en pantalla completa\"srcset=\"https:\/\/i2.wp.com\/www.cisa-arica.cl\/wp1\/wp-content\/uploads\/2023\/11\/WhatsApp-Image-2023-11-08-at-16.51.13-2-600x450.jpeg?strip=info&#038;w=600&#038;ssl=1 600w,https:\/\/i2.wp.com\/www.cisa-arica.cl\/wp1\/wp-content\/uploads\/2023\/11\/WhatsApp-Image-2023-11-08-at-16.51.13-2-600x450.jpeg?strip=info&#038;w=900&#038;ssl=1 900w,https:\/\/i2.wp.com\/www.cisa-arica.cl\/wp1\/wp-content\/uploads\/2023\/11\/WhatsApp-Image-2023-11-08-at-16.51.13-2-600x450.jpeg?strip=info&#038;w=1200&#038;ssl=1 1200w,https:\/\/i2.wp.com\/www.cisa-arica.cl\/wp1\/wp-content\/uploads\/2023\/11\/WhatsApp-Image-2023-11-08-at-16.51.13-2-600x450.jpeg?strip=info&#038;w=1500&#038;ssl=1 1500w,https:\/\/i2.wp.com\/www.cisa-arica.cl\/wp1\/wp-content\/uploads\/2023\/11\/WhatsApp-Image-2023-11-08-at-16.51.13-2-600x450.jpeg?strip=info&#038;w=1600&#038;ssl=1 1600w\" alt=\"\" data-height=\"1200\" data-id=\"23380\" data-link=\"https:\/\/www.cisa-arica.cl\/wp1\/?attachment_id=23380\" data-url=\"https:\/\/www.cisa-arica.cl\/wp1\/wp-content\/uploads\/2023\/11\/WhatsApp-Image-2023-11-08-at-16.51.13-2-600x450.jpeg\" data-width=\"1600\" src=\"https:\/\/i2.wp.com\/www.cisa-arica.cl\/wp1\/wp-content\/uploads\/2023\/11\/WhatsApp-Image-2023-11-08-at-16.51.13-2-600x450.jpeg?ssl=1\" data-amp-layout=\"responsive\"\/><\/figure><\/div><div class=\"tiled-gallery__col\" style=\"flex-basis:50.55592%\"><figure class=\"tiled-gallery__item\"><img decoding=\"async\" data-attachment-id=\"23381\" data-permalink=\"https:\/\/www.cisa-arica.cl\/wp1\/2023\/11\/08\/mes-de-maria-2\/whatsapp-image-2023-11-08-at-16-51-13-1-1\/\" data-orig-file=\"https:\/\/www.cisa-arica.cl\/wp1\/wp-content\/uploads\/2023\/11\/WhatsApp-Image-2023-11-08-at-16.51.13-1-1.jpeg\" data-orig-size=\"1200,1600\" data-comments-opened=\"0\" data-image-meta=\"{&quot;aperture&quot;:&quot;0&quot;,&quot;credit&quot;:&quot;&quot;,&quot;camera&quot;:&quot;&quot;,&quot;caption&quot;:&quot;&quot;,&quot;created_timestamp&quot;:&quot;0&quot;,&quot;copyright&quot;:&quot;&quot;,&quot;focal_length&quot;:&quot;0&quot;,&quot;iso&quot;:&quot;0&quot;,&quot;shutter_speed&quot;:&quot;0&quot;,&quot;title&quot;:&quot;&quot;,&quot;orientation&quot;:&quot;0&quot;}\" data-image-title=\"WhatsApp-Image-2023-11-08-at-16.51.13-1-1\" data-image-description=\"\" data-image-caption=\"\" data-large-file=\"https:\/\/www.cisa-arica.cl\/wp1\/wp-content\/uploads\/2023\/11\/WhatsApp-Image-2023-11-08-at-16.51.13-1-1-450x600.jpeg\" data-attachment-id=\"23381\" data-permalink=\"https:\/\/www.cisa-arica.cl\/wp1\/2023\/11\/08\/mes-de-maria-2\/whatsapp-image-2023-11-08-at-16-51-13-1-1\/\" data-orig-file=\"https:\/\/www.cisa-arica.cl\/wp1\/wp-content\/uploads\/2023\/11\/WhatsApp-Image-2023-11-08-at-16.51.13-1-1.jpeg\" data-orig-size=\"1200,1600\" data-comments-opened=\"0\" data-image-meta=\"{&quot;aperture&quot;:&quot;0&quot;,&quot;credit&quot;:&quot;&quot;,&quot;camera&quot;:&quot;&quot;,&quot;caption&quot;:&quot;&quot;,&quot;created_timestamp&quot;:&quot;0&quot;,&quot;copyright&quot;:&quot;&quot;,&quot;focal_length&quot;:&quot;0&quot;,&quot;iso&quot;:&quot;0&quot;,&quot;shutter_speed&quot;:&quot;0&quot;,&quot;title&quot;:&quot;&quot;,&quot;orientation&quot;:&quot;0&quot;}\" data-image-title=\"WhatsApp-Image-2023-11-08-at-16.51.13-1-1\" data-image-description=\"\" data-image-caption=\"\" data-large-file=\"https:\/\/www.cisa-arica.cl\/wp1\/wp-content\/uploads\/2023\/11\/WhatsApp-Image-2023-11-08-at-16.51.13-1-1-450x600.jpeg\" role=\"button\" tabindex=\"0\" aria-label=\"Abrir la imagen 14 de 18 en pantalla completa\"srcset=\"https:\/\/i1.wp.com\/www.cisa-arica.cl\/wp1\/wp-content\/uploads\/2023\/11\/WhatsApp-Image-2023-11-08-at-16.51.13-1-1-450x600.jpeg?strip=info&#038;w=600&#038;ssl=1 600w,https:\/\/i1.wp.com\/www.cisa-arica.cl\/wp1\/wp-content\/uploads\/2023\/11\/WhatsApp-Image-2023-11-08-at-16.51.13-1-1-450x600.jpeg?strip=info&#038;w=900&#038;ssl=1 900w,https:\/\/i1.wp.com\/www.cisa-arica.cl\/wp1\/wp-content\/uploads\/2023\/11\/WhatsApp-Image-2023-11-08-at-16.51.13-1-1-450x600.jpeg?strip=info&#038;w=1200&#038;ssl=1 1200w\" alt=\"\" data-height=\"1600\" data-id=\"23381\" data-link=\"https:\/\/www.cisa-arica.cl\/wp1\/?attachment_id=23381\" data-url=\"https:\/\/www.cisa-arica.cl\/wp1\/wp-content\/uploads\/2023\/11\/WhatsApp-Image-2023-11-08-at-16.51.13-1-1-450x600.jpeg\" data-width=\"1200\" src=\"https:\/\/i1.wp.com\/www.cisa-arica.cl\/wp1\/wp-content\/uploads\/2023\/11\/WhatsApp-Image-2023-11-08-at-16.51.13-1-1-450x600.jpeg?ssl=1\" data-amp-layout=\"responsive\"\/><\/figure><\/div><\/div><div class=\"tiled-gallery__row\"><div class=\"tiled-gallery__col\" style=\"flex-basis:7.32453%\"><figure class=\"tiled-gallery__item\"><img decoding=\"async\" data-attachment-id=\"23382\" data-permalink=\"https:\/\/www.cisa-arica.cl\/wp1\/2023\/11\/08\/mes-de-maria-2\/whatsapp-image-2023-11-08-at-16-51-12-3\/\" data-orig-file=\"https:\/\/www.cisa-arica.cl\/wp1\/wp-content\/uploads\/2023\/11\/WhatsApp-Image-2023-11-08-at-16.51.12-3.jpeg\" data-orig-size=\"576,1280\" data-comments-opened=\"0\" data-image-meta=\"{&quot;aperture&quot;:&quot;0&quot;,&quot;credit&quot;:&quot;&quot;,&quot;camera&quot;:&quot;&quot;,&quot;caption&quot;:&quot;&quot;,&quot;created_timestamp&quot;:&quot;0&quot;,&quot;copyright&quot;:&quot;&quot;,&quot;focal_length&quot;:&quot;0&quot;,&quot;iso&quot;:&quot;0&quot;,&quot;shutter_speed&quot;:&quot;0&quot;,&quot;title&quot;:&quot;&quot;,&quot;orientation&quot;:&quot;0&quot;}\" data-image-title=\"WhatsApp-Image-2023-11-08-at-16.51.12-3\" data-image-description=\"\" data-image-caption=\"\" data-large-file=\"https:\/\/www.cisa-arica.cl\/wp1\/wp-content\/uploads\/2023\/11\/WhatsApp-Image-2023-11-08-at-16.51.12-3-270x600.jpeg\" data-attachment-id=\"23382\" data-permalink=\"https:\/\/www.cisa-arica.cl\/wp1\/2023\/11\/08\/mes-de-maria-2\/whatsapp-image-2023-11-08-at-16-51-12-3\/\" data-orig-file=\"https:\/\/www.cisa-arica.cl\/wp1\/wp-content\/uploads\/2023\/11\/WhatsApp-Image-2023-11-08-at-16.51.12-3.jpeg\" data-orig-size=\"576,1280\" data-comments-opened=\"0\" data-image-meta=\"{&quot;aperture&quot;:&quot;0&quot;,&quot;credit&quot;:&quot;&quot;,&quot;camera&quot;:&quot;&quot;,&quot;caption&quot;:&quot;&quot;,&quot;created_timestamp&quot;:&quot;0&quot;,&quot;copyright&quot;:&quot;&quot;,&quot;focal_length&quot;:&quot;0&quot;,&quot;iso&quot;:&quot;0&quot;,&quot;shutter_speed&quot;:&quot;0&quot;,&quot;title&quot;:&quot;&quot;,&quot;orientation&quot;:&quot;0&quot;}\" data-image-title=\"WhatsApp-Image-2023-11-08-at-16.51.12-3\" data-image-description=\"\" data-image-caption=\"\" data-large-file=\"https:\/\/www.cisa-arica.cl\/wp1\/wp-content\/uploads\/2023\/11\/WhatsApp-Image-2023-11-08-at-16.51.12-3-270x600.jpeg\" role=\"button\" tabindex=\"0\" aria-label=\"Abrir la imagen 15 de 18 en pantalla completa\"srcset=\"https:\/\/i2.wp.com\/www.cisa-arica.cl\/wp1\/wp-content\/uploads\/2023\/11\/WhatsApp-Image-2023-11-08-at-16.51.12-3-270x600.jpeg?strip=info&#038;w=576&#038;ssl=1 576w\" alt=\"\" data-height=\"1280\" data-id=\"23382\" data-link=\"https:\/\/www.cisa-arica.cl\/wp1\/?attachment_id=23382\" data-url=\"https:\/\/www.cisa-arica.cl\/wp1\/wp-content\/uploads\/2023\/11\/WhatsApp-Image-2023-11-08-at-16.51.12-3-270x600.jpeg\" data-width=\"576\" src=\"https:\/\/i2.wp.com\/www.cisa-arica.cl\/wp1\/wp-content\/uploads\/2023\/11\/WhatsApp-Image-2023-11-08-at-16.51.12-3-270x600.jpeg?ssl=1\" data-amp-layout=\"responsive\"\/><\/figure><\/div><div class=\"tiled-gallery__col\" style=\"flex-basis:21.42942%\"><figure class=\"tiled-gallery__item\"><img decoding=\"async\" data-attachment-id=\"23383\" data-permalink=\"https:\/\/www.cisa-arica.cl\/wp1\/2023\/11\/08\/mes-de-maria-2\/whatsapp-image-2023-11-08-at-16-51-12-2-1\/\" data-orig-file=\"https:\/\/www.cisa-arica.cl\/wp1\/wp-content\/uploads\/2023\/11\/WhatsApp-Image-2023-11-08-at-16.51.12-2-1.jpeg\" data-orig-size=\"1600,1200\" data-comments-opened=\"0\" data-image-meta=\"{&quot;aperture&quot;:&quot;0&quot;,&quot;credit&quot;:&quot;&quot;,&quot;camera&quot;:&quot;&quot;,&quot;caption&quot;:&quot;&quot;,&quot;created_timestamp&quot;:&quot;0&quot;,&quot;copyright&quot;:&quot;&quot;,&quot;focal_length&quot;:&quot;0&quot;,&quot;iso&quot;:&quot;0&quot;,&quot;shutter_speed&quot;:&quot;0&quot;,&quot;title&quot;:&quot;&quot;,&quot;orientation&quot;:&quot;0&quot;}\" data-image-title=\"WhatsApp-Image-2023-11-08-at-16.51.12-2-1\" data-image-description=\"\" data-image-caption=\"\" data-large-file=\"https:\/\/www.cisa-arica.cl\/wp1\/wp-content\/uploads\/2023\/11\/WhatsApp-Image-2023-11-08-at-16.51.12-2-1-600x450.jpeg\" data-attachment-id=\"23383\" data-permalink=\"https:\/\/www.cisa-arica.cl\/wp1\/2023\/11\/08\/mes-de-maria-2\/whatsapp-image-2023-11-08-at-16-51-12-2-1\/\" data-orig-file=\"https:\/\/www.cisa-arica.cl\/wp1\/wp-content\/uploads\/2023\/11\/WhatsApp-Image-2023-11-08-at-16.51.12-2-1.jpeg\" data-orig-size=\"1600,1200\" data-comments-opened=\"0\" data-image-meta=\"{&quot;aperture&quot;:&quot;0&quot;,&quot;credit&quot;:&quot;&quot;,&quot;camera&quot;:&quot;&quot;,&quot;caption&quot;:&quot;&quot;,&quot;created_timestamp&quot;:&quot;0&quot;,&quot;copyright&quot;:&quot;&quot;,&quot;focal_length&quot;:&quot;0&quot;,&quot;iso&quot;:&quot;0&quot;,&quot;shutter_speed&quot;:&quot;0&quot;,&quot;title&quot;:&quot;&quot;,&quot;orientation&quot;:&quot;0&quot;}\" data-image-title=\"WhatsApp-Image-2023-11-08-at-16.51.12-2-1\" data-image-description=\"\" data-image-caption=\"\" data-large-file=\"https:\/\/www.cisa-arica.cl\/wp1\/wp-content\/uploads\/2023\/11\/WhatsApp-Image-2023-11-08-at-16.51.12-2-1-600x450.jpeg\" role=\"button\" tabindex=\"0\" aria-label=\"Abrir la imagen 16 de 18 en pantalla completa\"srcset=\"https:\/\/i0.wp.com\/www.cisa-arica.cl\/wp1\/wp-content\/uploads\/2023\/11\/WhatsApp-Image-2023-11-08-at-16.51.12-2-1-600x450.jpeg?strip=info&#038;w=600&#038;ssl=1 600w,https:\/\/i0.wp.com\/www.cisa-arica.cl\/wp1\/wp-content\/uploads\/2023\/11\/WhatsApp-Image-2023-11-08-at-16.51.12-2-1-600x450.jpeg?strip=info&#038;w=900&#038;ssl=1 900w,https:\/\/i0.wp.com\/www.cisa-arica.cl\/wp1\/wp-content\/uploads\/2023\/11\/WhatsApp-Image-2023-11-08-at-16.51.12-2-1-600x450.jpeg?strip=info&#038;w=1200&#038;ssl=1 1200w,https:\/\/i0.wp.com\/www.cisa-arica.cl\/wp1\/wp-content\/uploads\/2023\/11\/WhatsApp-Image-2023-11-08-at-16.51.12-2-1-600x450.jpeg?strip=info&#038;w=1500&#038;ssl=1 1500w,https:\/\/i0.wp.com\/www.cisa-arica.cl\/wp1\/wp-content\/uploads\/2023\/11\/WhatsApp-Image-2023-11-08-at-16.51.12-2-1-600x450.jpeg?strip=info&#038;w=1600&#038;ssl=1 1600w\" alt=\"\" data-height=\"1200\" data-id=\"23383\" data-link=\"https:\/\/www.cisa-arica.cl\/wp1\/?attachment_id=23383\" data-url=\"https:\/\/www.cisa-arica.cl\/wp1\/wp-content\/uploads\/2023\/11\/WhatsApp-Image-2023-11-08-at-16.51.12-2-1-600x450.jpeg\" data-width=\"1600\" src=\"https:\/\/i0.wp.com\/www.cisa-arica.cl\/wp1\/wp-content\/uploads\/2023\/11\/WhatsApp-Image-2023-11-08-at-16.51.12-2-1-600x450.jpeg?ssl=1\" data-amp-layout=\"responsive\"\/><\/figure><\/div><div class=\"tiled-gallery__col\" style=\"flex-basis:35.62303%\"><figure class=\"tiled-gallery__item\"><img decoding=\"async\" data-attachment-id=\"23384\" data-permalink=\"https:\/\/www.cisa-arica.cl\/wp1\/2023\/11\/08\/mes-de-maria-2\/whatsapp-image-2023-11-08-at-16-51-12-1-1\/\" data-orig-file=\"https:\/\/www.cisa-arica.cl\/wp1\/wp-content\/uploads\/2023\/11\/WhatsApp-Image-2023-11-08-at-16.51.12-1-1.jpeg\" data-orig-size=\"1280,576\" data-comments-opened=\"0\" data-image-meta=\"{&quot;aperture&quot;:&quot;0&quot;,&quot;credit&quot;:&quot;&quot;,&quot;camera&quot;:&quot;&quot;,&quot;caption&quot;:&quot;&quot;,&quot;created_timestamp&quot;:&quot;0&quot;,&quot;copyright&quot;:&quot;&quot;,&quot;focal_length&quot;:&quot;0&quot;,&quot;iso&quot;:&quot;0&quot;,&quot;shutter_speed&quot;:&quot;0&quot;,&quot;title&quot;:&quot;&quot;,&quot;orientation&quot;:&quot;0&quot;}\" data-image-title=\"WhatsApp-Image-2023-11-08-at-16.51.12-1-1\" data-image-description=\"\" data-image-caption=\"\" data-large-file=\"https:\/\/www.cisa-arica.cl\/wp1\/wp-content\/uploads\/2023\/11\/WhatsApp-Image-2023-11-08-at-16.51.12-1-1-600x270.jpeg\" data-attachment-id=\"23384\" data-permalink=\"https:\/\/www.cisa-arica.cl\/wp1\/2023\/11\/08\/mes-de-maria-2\/whatsapp-image-2023-11-08-at-16-51-12-1-1\/\" data-orig-file=\"https:\/\/www.cisa-arica.cl\/wp1\/wp-content\/uploads\/2023\/11\/WhatsApp-Image-2023-11-08-at-16.51.12-1-1.jpeg\" data-orig-size=\"1280,576\" data-comments-opened=\"0\" data-image-meta=\"{&quot;aperture&quot;:&quot;0&quot;,&quot;credit&quot;:&quot;&quot;,&quot;camera&quot;:&quot;&quot;,&quot;caption&quot;:&quot;&quot;,&quot;created_timestamp&quot;:&quot;0&quot;,&quot;copyright&quot;:&quot;&quot;,&quot;focal_length&quot;:&quot;0&quot;,&quot;iso&quot;:&quot;0&quot;,&quot;shutter_speed&quot;:&quot;0&quot;,&quot;title&quot;:&quot;&quot;,&quot;orientation&quot;:&quot;0&quot;}\" data-image-title=\"WhatsApp-Image-2023-11-08-at-16.51.12-1-1\" data-image-description=\"\" data-image-caption=\"\" data-large-file=\"https:\/\/www.cisa-arica.cl\/wp1\/wp-content\/uploads\/2023\/11\/WhatsApp-Image-2023-11-08-at-16.51.12-1-1-600x270.jpeg\" role=\"button\" tabindex=\"0\" aria-label=\"Abrir la imagen 17 de 18 en pantalla completa\"srcset=\"https:\/\/i0.wp.com\/www.cisa-arica.cl\/wp1\/wp-content\/uploads\/2023\/11\/WhatsApp-Image-2023-11-08-at-16.51.12-1-1-600x270.jpeg?strip=info&#038;w=600&#038;ssl=1 600w,https:\/\/i0.wp.com\/www.cisa-arica.cl\/wp1\/wp-content\/uploads\/2023\/11\/WhatsApp-Image-2023-11-08-at-16.51.12-1-1-600x270.jpeg?strip=info&#038;w=900&#038;ssl=1 900w,https:\/\/i0.wp.com\/www.cisa-arica.cl\/wp1\/wp-content\/uploads\/2023\/11\/WhatsApp-Image-2023-11-08-at-16.51.12-1-1-600x270.jpeg?strip=info&#038;w=1200&#038;ssl=1 1200w,https:\/\/i0.wp.com\/www.cisa-arica.cl\/wp1\/wp-content\/uploads\/2023\/11\/WhatsApp-Image-2023-11-08-at-16.51.12-1-1-600x270.jpeg?strip=info&#038;w=1280&#038;ssl=1 1280w\" alt=\"\" data-height=\"576\" data-id=\"23384\" data-link=\"https:\/\/www.cisa-arica.cl\/wp1\/?attachment_id=23384\" data-url=\"https:\/\/www.cisa-arica.cl\/wp1\/wp-content\/uploads\/2023\/11\/WhatsApp-Image-2023-11-08-at-16.51.12-1-1-600x270.jpeg\" data-width=\"1280\" src=\"https:\/\/i0.wp.com\/www.cisa-arica.cl\/wp1\/wp-content\/uploads\/2023\/11\/WhatsApp-Image-2023-11-08-at-16.51.12-1-1-600x270.jpeg?ssl=1\" data-amp-layout=\"responsive\"\/><\/figure><\/div><div class=\"tiled-gallery__col\" style=\"flex-basis:35.62303%\"><figure class=\"tiled-gallery__item\"><img decoding=\"async\" data-attachment-id=\"23385\" data-permalink=\"https:\/\/www.cisa-arica.cl\/wp1\/2023\/11\/08\/mes-de-maria-2\/whatsapp-image-2023-11-08-at-16-51-11-1\/\" data-orig-file=\"https:\/\/www.cisa-arica.cl\/wp1\/wp-content\/uploads\/2023\/11\/WhatsApp-Image-2023-11-08-at-16.51.11-1.jpeg\" data-orig-size=\"1280,576\" data-comments-opened=\"0\" data-image-meta=\"{&quot;aperture&quot;:&quot;0&quot;,&quot;credit&quot;:&quot;&quot;,&quot;camera&quot;:&quot;&quot;,&quot;caption&quot;:&quot;&quot;,&quot;created_timestamp&quot;:&quot;0&quot;,&quot;copyright&quot;:&quot;&quot;,&quot;focal_length&quot;:&quot;0&quot;,&quot;iso&quot;:&quot;0&quot;,&quot;shutter_speed&quot;:&quot;0&quot;,&quot;title&quot;:&quot;&quot;,&quot;orientation&quot;:&quot;0&quot;}\" data-image-title=\"WhatsApp-Image-2023-11-08-at-16.51.11-1\" data-image-description=\"\" data-image-caption=\"\" data-large-file=\"https:\/\/www.cisa-arica.cl\/wp1\/wp-content\/uploads\/2023\/11\/WhatsApp-Image-2023-11-08-at-16.51.11-1-600x270.jpeg\" data-attachment-id=\"23385\" data-permalink=\"https:\/\/www.cisa-arica.cl\/wp1\/2023\/11\/08\/mes-de-maria-2\/whatsapp-image-2023-11-08-at-16-51-11-1\/\" data-orig-file=\"https:\/\/www.cisa-arica.cl\/wp1\/wp-content\/uploads\/2023\/11\/WhatsApp-Image-2023-11-08-at-16.51.11-1.jpeg\" data-orig-size=\"1280,576\" data-comments-opened=\"0\" data-image-meta=\"{&quot;aperture&quot;:&quot;0&quot;,&quot;credit&quot;:&quot;&quot;,&quot;camera&quot;:&quot;&quot;,&quot;caption&quot;:&quot;&quot;,&quot;created_timestamp&quot;:&quot;0&quot;,&quot;copyright&quot;:&quot;&quot;,&quot;focal_length&quot;:&quot;0&quot;,&quot;iso&quot;:&quot;0&quot;,&quot;shutter_speed&quot;:&quot;0&quot;,&quot;title&quot;:&quot;&quot;,&quot;orientation&quot;:&quot;0&quot;}\" data-image-title=\"WhatsApp-Image-2023-11-08-at-16.51.11-1\" data-image-description=\"\" data-image-caption=\"\" data-large-file=\"https:\/\/www.cisa-arica.cl\/wp1\/wp-content\/uploads\/2023\/11\/WhatsApp-Image-2023-11-08-at-16.51.11-1-600x270.jpeg\" role=\"button\" tabindex=\"0\" aria-label=\"Abrir la imagen 18 de 18 en pantalla completa\"srcset=\"https:\/\/i0.wp.com\/www.cisa-arica.cl\/wp1\/wp-content\/uploads\/2023\/11\/WhatsApp-Image-2023-11-08-at-16.51.11-1-600x270.jpeg?strip=info&#038;w=600&#038;ssl=1 600w,https:\/\/i0.wp.com\/www.cisa-arica.cl\/wp1\/wp-content\/uploads\/2023\/11\/WhatsApp-Image-2023-11-08-at-16.51.11-1-600x270.jpeg?strip=info&#038;w=900&#038;ssl=1 900w,https:\/\/i0.wp.com\/www.cisa-arica.cl\/wp1\/wp-content\/uploads\/2023\/11\/WhatsApp-Image-2023-11-08-at-16.51.11-1-600x270.jpeg?strip=info&#038;w=1200&#038;ssl=1 1200w,https:\/\/i0.wp.com\/www.cisa-arica.cl\/wp1\/wp-content\/uploads\/2023\/11\/WhatsApp-Image-2023-11-08-at-16.51.11-1-600x270.jpeg?strip=info&#038;w=1280&#038;ssl=1 1280w\" alt=\"\" data-height=\"576\" data-id=\"23385\" data-link=\"https:\/\/www.cisa-arica.cl\/wp1\/?attachment_id=23385\" data-url=\"https:\/\/www.cisa-arica.cl\/wp1\/wp-content\/uploads\/2023\/11\/WhatsApp-Image-2023-11-08-at-16.51.11-1-600x270.jpeg\" data-width=\"1280\" src=\"https:\/\/i0.wp.com\/www.cisa-arica.cl\/wp1\/wp-content\/uploads\/2023\/11\/WhatsApp-Image-2023-11-08-at-16.51.11-1-600x270.jpeg?ssl=1\" data-amp-layout=\"responsive\"\/><\/figure><\/div><\/div><\/div><\/div>\n","protected":false},"excerpt":{"rendered":"<p>Hoy 08 de noviembre damos inicio al Mes de Mar\u00eda con una hermosa oraci\u00f3n inicial&nbsp; &#8220;CAMINANDO CON MAR\u00cdA&#8221;, rezada por las estudiantes de Prekinder y Kinder de nuestro colegio, quienes tambi\u00e9n participaron de la liturgia junto a sus educadoras y t\u00edas t\u00e9cnicos.<\/p>\n","protected":false},"author":5,"featured_media":24454,"comment_status":"closed","ping_status":"open","sticky":false,"template":"","format":"standard","meta":{"_jetpack_memberships_contains_paid_content":false,"footnotes":"","jetpack_publicize_message":"","jetpack_publicize_feature_enabled":true,"jetpack_social_post_already_shared":true,"jetpack_social_options":{"image_generator_settings":{"template":"highway","default_image_id":0,"font":"","enabled":false},"version":2}},"categories":[5],"tags":[],"class_list":["post-23343","post","type-post","status-publish","format-standard","has-post-thumbnail","hentry","category-uncategorized"],"jetpack_publicize_connections":[],"jetpack_featured_media_url":"https:\/\/www.cisa-arica.cl\/wp1\/wp-content\/uploads\/2023\/11\/WhatsApp-Image-2023-11-08-at-20.29.29-3-1-450x600-1.webp","jetpack_sharing_enabled":true,"jetpack_shortlink":"https:\/\/wp.me\/p84wcz-64v","jetpack-related-posts":[{"id":27704,"url":"https:\/\/www.cisa-arica.cl\/wp1\/2024\/12\/09\/mes-de-maria-2024\/","url_meta":{"origin":23343,"position":0},"title":"Mes de Mar\u00eda 2024","author":"Jeannette Rivera","date":"9 de Diciembre de 2024","format":false,"excerpt":"En este mes de Mar\u00eda, todos los cursos fueron bendecidos con la visita de la Virgen Peregrina que lleg\u00f3 a cada uno de los cursos con un mensaje de fe \u00a0y esperanza. \u00a0 \u00a0","rel":"","context":"Entrada similar ","block_context":{"text":"Entrada similar ","link":""},"img":{"alt_text":"","src":"https:\/\/i0.wp.com\/www.cisa-arica.cl\/wp1\/wp-content\/uploads\/2024\/12\/WhatsApp-Image-2024-12-05-at-11.01.31-AM.jpeg?resize=350%2C200&ssl=1","width":350,"height":200,"srcset":"https:\/\/i0.wp.com\/www.cisa-arica.cl\/wp1\/wp-content\/uploads\/2024\/12\/WhatsApp-Image-2024-12-05-at-11.01.31-AM.jpeg?resize=350%2C200&ssl=1 1x, https:\/\/i0.wp.com\/www.cisa-arica.cl\/wp1\/wp-content\/uploads\/2024\/12\/WhatsApp-Image-2024-12-05-at-11.01.31-AM.jpeg?resize=525%2C300&ssl=1 1.5x, https:\/\/i0.wp.com\/www.cisa-arica.cl\/wp1\/wp-content\/uploads\/2024\/12\/WhatsApp-Image-2024-12-05-at-11.01.31-AM.jpeg?resize=700%2C400&ssl=1 2x"},"classes":[]},{"id":27300,"url":"https:\/\/www.cisa-arica.cl\/wp1\/2024\/11\/12\/inicio-mes-de-maria-2024\/","url_meta":{"origin":23343,"position":1},"title":"Inicio Mes de Mar\u00eda 2024","author":"Jeannette Rivera","date":"12 de Noviembre de 2024","format":false,"excerpt":"El pasado jueves 08 de Noviembre se dio inicio al Mes de Mar\u00eda, Virgencita que ir\u00e1 peregrinando por todos los cursos. En este inicio participaron las estudiantes de Educaci\u00f3n Parvularia\u00a0 y ambos Cuartos Medios.","rel":"","context":"Entrada similar ","block_context":{"text":"Entrada similar ","link":""},"img":{"alt_text":"","src":"https:\/\/i0.wp.com\/www.cisa-arica.cl\/wp1\/wp-content\/uploads\/2024\/11\/IMG_7123-scaled.jpg?resize=350%2C200&ssl=1","width":350,"height":200,"srcset":"https:\/\/i0.wp.com\/www.cisa-arica.cl\/wp1\/wp-content\/uploads\/2024\/11\/IMG_7123-scaled.jpg?resize=350%2C200&ssl=1 1x, https:\/\/i0.wp.com\/www.cisa-arica.cl\/wp1\/wp-content\/uploads\/2024\/11\/IMG_7123-scaled.jpg?resize=525%2C300&ssl=1 1.5x, https:\/\/i0.wp.com\/www.cisa-arica.cl\/wp1\/wp-content\/uploads\/2024\/11\/IMG_7123-scaled.jpg?resize=700%2C400&ssl=1 2x, https:\/\/i0.wp.com\/www.cisa-arica.cl\/wp1\/wp-content\/uploads\/2024\/11\/IMG_7123-scaled.jpg?resize=1050%2C600&ssl=1 3x, https:\/\/i0.wp.com\/www.cisa-arica.cl\/wp1\/wp-content\/uploads\/2024\/11\/IMG_7123-scaled.jpg?resize=1400%2C800&ssl=1 4x"},"classes":[]},{"id":23641,"url":"https:\/\/www.cisa-arica.cl\/wp1\/2023\/12\/07\/cierre-del-mes-de-maria\/","url_meta":{"origin":23343,"position":2},"title":"Cierre del Mes de Mar\u00eda","author":"Jeannette Rivera","date":"7 de Diciembre de 2023","format":false,"excerpt":"Con una hermosa liturgia finaliz\u00f3 el Mes de Mar\u00eda en la Capilla de nuestro colegio. En esta oportunidad las estudiantes del 5to a\u00f1o B entregaron la Virgen a los sextos a\u00f1os, quienes la recibieron con el coraz\u00f3n abierto para agradecer lo vivido y pedir por todos aquellos que sufren.","rel":"","context":"Entrada similar ","block_context":{"text":"Entrada similar ","link":""},"img":{"alt_text":"","src":"https:\/\/i0.wp.com\/www.cisa-arica.cl\/wp1\/wp-content\/uploads\/2023\/12\/B05EA715-5DD4-4886-B13C-FADEBF4F7B94-scaled.jpeg?resize=350%2C200&ssl=1","width":350,"height":200,"srcset":"https:\/\/i0.wp.com\/www.cisa-arica.cl\/wp1\/wp-content\/uploads\/2023\/12\/B05EA715-5DD4-4886-B13C-FADEBF4F7B94-scaled.jpeg?resize=350%2C200&ssl=1 1x, https:\/\/i0.wp.com\/www.cisa-arica.cl\/wp1\/wp-content\/uploads\/2023\/12\/B05EA715-5DD4-4886-B13C-FADEBF4F7B94-scaled.jpeg?resize=525%2C300&ssl=1 1.5x, https:\/\/i0.wp.com\/www.cisa-arica.cl\/wp1\/wp-content\/uploads\/2023\/12\/B05EA715-5DD4-4886-B13C-FADEBF4F7B94-scaled.jpeg?resize=700%2C400&ssl=1 2x, https:\/\/i0.wp.com\/www.cisa-arica.cl\/wp1\/wp-content\/uploads\/2023\/12\/B05EA715-5DD4-4886-B13C-FADEBF4F7B94-scaled.jpeg?resize=1050%2C600&ssl=1 3x, https:\/\/i0.wp.com\/www.cisa-arica.cl\/wp1\/wp-content\/uploads\/2023\/12\/B05EA715-5DD4-4886-B13C-FADEBF4F7B94-scaled.jpeg?resize=1400%2C800&ssl=1 4x"},"classes":[]},{"id":13574,"url":"https:\/\/www.cisa-arica.cl\/wp1\/2021\/11\/08\/inicio-mes-de-maria-2021\/","url_meta":{"origin":23343,"position":3},"title":"Inicio Mes de Mar\u00eda 2021","author":"Jeannette Rivera","date":"8 de Noviembre de 2021","format":false,"excerpt":"Estimada Comunidad Educativa: Bajo el lema: \"Mar\u00eda, nuestra esperanza est\u00e1 en ti\" hemos dado inicio hoy Lunes 8 de noviembre al mes dedicado a la Madre de Jes\u00fas. De forma muy emotiva han sido nuestras estudiantes de Cuartos Medios quienes han dado inicio a la peregrinaci\u00f3n de la Virgen; la\u2026","rel":"","context":"En &quot;galeria&quot;","block_context":{"text":"galeria","link":"https:\/\/www.cisa-arica.cl\/wp1\/category\/galeria\/"},"img":{"alt_text":"","src":"https:\/\/i0.wp.com\/www.cisa-arica.cl\/wp1\/wp-content\/uploads\/2021\/11\/010-1.jpg?resize=350%2C200&ssl=1","width":350,"height":200,"srcset":"https:\/\/i0.wp.com\/www.cisa-arica.cl\/wp1\/wp-content\/uploads\/2021\/11\/010-1.jpg?resize=350%2C200&ssl=1 1x, https:\/\/i0.wp.com\/www.cisa-arica.cl\/wp1\/wp-content\/uploads\/2021\/11\/010-1.jpg?resize=525%2C300&ssl=1 1.5x, https:\/\/i0.wp.com\/www.cisa-arica.cl\/wp1\/wp-content\/uploads\/2021\/11\/010-1.jpg?resize=700%2C400&ssl=1 2x, https:\/\/i0.wp.com\/www.cisa-arica.cl\/wp1\/wp-content\/uploads\/2021\/11\/010-1.jpg?resize=1050%2C600&ssl=1 3x"},"classes":[]},{"id":11833,"url":"https:\/\/www.cisa-arica.cl\/wp1\/2020\/12\/08\/finalizacion-mes-de-maria-2020\/","url_meta":{"origin":23343,"position":4},"title":"Finalizaci\u00f3n Mes de Mar\u00eda 2020","author":"Jeannette Rivera","date":"8 de Diciembre de 2020","format":false,"excerpt":"Ayer 7 de diciembre nuestra Familia Santa Ana celebr\u00f3 una Liturgia online por el cierre del Mes de Mar\u00eda 2020, actividad organizada por los Equipos Pastorales, y que reuni\u00f3 a las comunidades educativas de los colegios Italiano Santa Ana y Polit\u00e9cnico Santa Ana de Santiago. Muchas Gracias a todos quienes\u2026","rel":"","context":"En &quot;Pastoral&quot;","block_context":{"text":"Pastoral","link":"https:\/\/www.cisa-arica.cl\/wp1\/category\/pastoral\/"},"img":{"alt_text":"","src":"https:\/\/i0.wp.com\/www.cisa-arica.cl\/wp1\/wp-content\/uploads\/2020\/12\/Rosa-Blanco-C%C3%ADrculo-Flor-Verano-Citas-Instagram-Publicaci%C3%B3n-e1607451315692.jpg?resize=350%2C200&ssl=1","width":350,"height":200},"classes":[]},{"id":11719,"url":"https:\/\/www.cisa-arica.cl\/wp1\/2020\/11\/06\/inicio-mes-de-maria-2020\/","url_meta":{"origin":23343,"position":5},"title":"Inicio Mes de Mar\u00eda 2020","author":"Jeannette Rivera","date":"6 de Noviembre de 2020","format":false,"excerpt":"Estimados Padres y Apoderados, queridas Alumnas, Comunidad Educativa: Esperando que se encuentren todos muy bien, los queremos invitar a contar desde este lunes 09 de noviembre y todos los d\u00edas, a celebrar el mes de Mar\u00eda 2020. Revisa nuestra p\u00e1gina web e Instagram para que no te pierdas todo lo\u2026","rel":"","context":"Entrada similar ","block_context":{"text":"Entrada similar ","link":""},"img":{"alt_text":"","src":"https:\/\/i0.wp.com\/www.cisa-arica.cl\/wp1\/wp-content\/uploads\/2020\/11\/WhatsApp-Image-2020-11-06-at-18.22.36.jpeg?resize=350%2C200&ssl=1","width":350,"height":200,"srcset":"https:\/\/i0.wp.com\/www.cisa-arica.cl\/wp1\/wp-content\/uploads\/2020\/11\/WhatsApp-Image-2020-11-06-at-18.22.36.jpeg?resize=350%2C200&ssl=1 1x, https:\/\/i0.wp.com\/www.cisa-arica.cl\/wp1\/wp-content\/uploads\/2020\/11\/WhatsApp-Image-2020-11-06-at-18.22.36.jpeg?resize=525%2C300&ssl=1 1.5x, https:\/\/i0.wp.com\/www.cisa-arica.cl\/wp1\/wp-content\/uploads\/2020\/11\/WhatsApp-Image-2020-11-06-at-18.22.36.jpeg?resize=700%2C400&ssl=1 2x, https:\/\/i0.wp.com\/www.cisa-arica.cl\/wp1\/wp-content\/uploads\/2020\/11\/WhatsApp-Image-2020-11-06-at-18.22.36.jpeg?resize=1050%2C600&ssl=1 3x"},"classes":[]}],"_links":{"self":[{"href":"https:\/\/www.cisa-arica.cl\/wp1\/wp-json\/wp\/v2\/posts\/23343","targetHints":{"allow":["GET"]}}],"collection":[{"href":"https:\/\/www.cisa-arica.cl\/wp1\/wp-json\/wp\/v2\/posts"}],"about":[{"href":"https:\/\/www.cisa-arica.cl\/wp1\/wp-json\/wp\/v2\/types\/post"}],"author":[{"embeddable":true,"href":"https:\/\/www.cisa-arica.cl\/wp1\/wp-json\/wp\/v2\/users\/5"}],"replies":[{"embeddable":true,"href":"https:\/\/www.cisa-arica.cl\/wp1\/wp-json\/wp\/v2\/comments?post=23343"}],"version-history":[{"count":5,"href":"https:\/\/www.cisa-arica.cl\/wp1\/wp-json\/wp\/v2\/posts\/23343\/revisions"}],"predecessor-version":[{"id":24456,"href":"https:\/\/www.cisa-arica.cl\/wp1\/wp-json\/wp\/v2\/posts\/23343\/revisions\/24456"}],"wp:featuredmedia":[{"embeddable":true,"href":"https:\/\/www.cisa-arica.cl\/wp1\/wp-json\/wp\/v2\/media\/24454"}],"wp:attachment":[{"href":"https:\/\/www.cisa-arica.cl\/wp1\/wp-json\/wp\/v2\/media?parent=23343"}],"wp:term":[{"taxonomy":"category","embeddable":true,"href":"https:\/\/www.cisa-arica.cl\/wp1\/wp-json\/wp\/v2\/categories?post=23343"},{"taxonomy":"post_tag","embeddable":true,"href":"https:\/\/www.cisa-arica.cl\/wp1\/wp-json\/wp\/v2\/tags?post=23343"}],"curies":[{"name":"wp","href":"https:\/\/api.w.org\/{rel}","templated":true}]}}