{"id":23139,"date":"2023-11-10T21:20:00","date_gmt":"2023-11-11T01:20:00","guid":{"rendered":"https:\/\/www.cisa-arica.cl\/wp1\/?p=23139"},"modified":"2023-11-21T10:13:01","modified_gmt":"2023-11-21T14:13:01","slug":"visita-al-hogar-de-ancianos-hermanitas-de-los-pobres","status":"publish","type":"post","link":"https:\/\/www.cisa-arica.cl\/wp1\/2023\/11\/10\/visita-al-hogar-de-ancianos-hermanitas-de-los-pobres\/","title":{"rendered":"Visita al Hogar de Ancianos Hermanitas de los Pobres"},"content":{"rendered":"<p>Las estudiantes del 6 a\u00f1o B visitaron ayer jueves el Hogar de Ancianos Hermanitas de los Pobres, en donde se hicieron presente con el proyecto DE Orientaci\u00f3n denominado \u201cUNA VISITA CON AMOR Y ALEGRIA\u201d.<\/p>\n<p>En la oportunidad se presentaron un poema y dos n\u00fameros musicales, disfrutaron de un entretenido bingo con premios, y de un sabroso snack.<\/p>\n<p>Tambi\u00e9n se entregaron las siguientes donaciones:<span style=\"font-size: 15px; -webkit-text-size-adjust: 100%;\">-Pa\u00f1ales de adultos<\/span><span style=\"font-size: 15px; -webkit-text-size-adjust: 100%;\">-\u00datiles de aseo personal<\/span><span style=\"font-size: 15px; -webkit-text-size-adjust: 100%;\">-Alimentos<\/span><span style=\"font-size: 15px; -webkit-text-size-adjust: 100%;\">-Guirnada decorativa la cual fue tejida por la estudiante Sophie Carvajal.<\/span><\/p>\n\n\n<div class=\"wp-block-jetpack-tiled-gallery aligncenter is-style-rectangular\"><div class=\"tiled-gallery__gallery\"><div class=\"tiled-gallery__row\"><div class=\"tiled-gallery__col\" style=\"flex-basis:66.93440%\"><figure class=\"tiled-gallery__item\"><img decoding=\"async\" data-attachment-id=\"23141\" data-permalink=\"https:\/\/www.cisa-arica.cl\/wp1\/2023\/11\/10\/visita-al-hogar-de-ancianos-hermanitas-de-los-pobres\/2a18f3a7-a328-4463-ac71-da2d94b333f3\/\" data-orig-file=\"https:\/\/www.cisa-arica.cl\/wp1\/wp-content\/uploads\/2023\/11\/2A18F3A7-A328-4463-AC71-DA2D94B333F3-scaled.jpeg\" data-orig-size=\"2560,1920\" data-comments-opened=\"0\" data-image-meta=\"{&quot;aperture&quot;:&quot;0&quot;,&quot;credit&quot;:&quot;&quot;,&quot;camera&quot;:&quot;&quot;,&quot;caption&quot;:&quot;&quot;,&quot;created_timestamp&quot;:&quot;0&quot;,&quot;copyright&quot;:&quot;&quot;,&quot;focal_length&quot;:&quot;0&quot;,&quot;iso&quot;:&quot;0&quot;,&quot;shutter_speed&quot;:&quot;0&quot;,&quot;title&quot;:&quot;&quot;,&quot;orientation&quot;:&quot;1&quot;}\" data-image-title=\"2A18F3A7-A328-4463-AC71-DA2D94B333F3\" data-image-description=\"\" data-image-caption=\"\" data-large-file=\"https:\/\/www.cisa-arica.cl\/wp1\/wp-content\/uploads\/2023\/11\/2A18F3A7-A328-4463-AC71-DA2D94B333F3-600x450.jpeg\" data-attachment-id=\"23141\" data-permalink=\"https:\/\/www.cisa-arica.cl\/wp1\/2023\/11\/10\/visita-al-hogar-de-ancianos-hermanitas-de-los-pobres\/2a18f3a7-a328-4463-ac71-da2d94b333f3\/\" data-orig-file=\"https:\/\/www.cisa-arica.cl\/wp1\/wp-content\/uploads\/2023\/11\/2A18F3A7-A328-4463-AC71-DA2D94B333F3-scaled.jpeg\" data-orig-size=\"2560,1920\" data-comments-opened=\"0\" data-image-meta=\"{&quot;aperture&quot;:&quot;0&quot;,&quot;credit&quot;:&quot;&quot;,&quot;camera&quot;:&quot;&quot;,&quot;caption&quot;:&quot;&quot;,&quot;created_timestamp&quot;:&quot;0&quot;,&quot;copyright&quot;:&quot;&quot;,&quot;focal_length&quot;:&quot;0&quot;,&quot;iso&quot;:&quot;0&quot;,&quot;shutter_speed&quot;:&quot;0&quot;,&quot;title&quot;:&quot;&quot;,&quot;orientation&quot;:&quot;1&quot;}\" data-image-title=\"2A18F3A7-A328-4463-AC71-DA2D94B333F3\" data-image-description=\"\" data-image-caption=\"\" data-large-file=\"https:\/\/www.cisa-arica.cl\/wp1\/wp-content\/uploads\/2023\/11\/2A18F3A7-A328-4463-AC71-DA2D94B333F3-600x450.jpeg\" role=\"button\" tabindex=\"0\" aria-label=\"Abrir la imagen 1 de 30 en pantalla completa\"srcset=\"https:\/\/i2.wp.com\/www.cisa-arica.cl\/wp1\/wp-content\/uploads\/2023\/11\/2A18F3A7-A328-4463-AC71-DA2D94B333F3-600x450.jpeg?strip=info&#038;w=600&#038;ssl=1 600w,https:\/\/i2.wp.com\/www.cisa-arica.cl\/wp1\/wp-content\/uploads\/2023\/11\/2A18F3A7-A328-4463-AC71-DA2D94B333F3-600x450.jpeg?strip=info&#038;w=900&#038;ssl=1 900w,https:\/\/i2.wp.com\/www.cisa-arica.cl\/wp1\/wp-content\/uploads\/2023\/11\/2A18F3A7-A328-4463-AC71-DA2D94B333F3-600x450.jpeg?strip=info&#038;w=1200&#038;ssl=1 1200w,https:\/\/i2.wp.com\/www.cisa-arica.cl\/wp1\/wp-content\/uploads\/2023\/11\/2A18F3A7-A328-4463-AC71-DA2D94B333F3-600x450.jpeg?strip=info&#038;w=1500&#038;ssl=1 1500w,https:\/\/i2.wp.com\/www.cisa-arica.cl\/wp1\/wp-content\/uploads\/2023\/11\/2A18F3A7-A328-4463-AC71-DA2D94B333F3-600x450.jpeg?strip=info&#038;w=1800&#038;ssl=1 1800w,https:\/\/i2.wp.com\/www.cisa-arica.cl\/wp1\/wp-content\/uploads\/2023\/11\/2A18F3A7-A328-4463-AC71-DA2D94B333F3-600x450.jpeg?strip=info&#038;w=2000&#038;ssl=1 2000w\" alt=\"\" data-height=\"1920\" data-id=\"23141\" data-link=\"https:\/\/www.cisa-arica.cl\/wp1\/?attachment_id=23141\" data-url=\"https:\/\/www.cisa-arica.cl\/wp1\/wp-content\/uploads\/2023\/11\/2A18F3A7-A328-4463-AC71-DA2D94B333F3-600x450.jpeg\" data-width=\"2560\" src=\"https:\/\/i2.wp.com\/www.cisa-arica.cl\/wp1\/wp-content\/uploads\/2023\/11\/2A18F3A7-A328-4463-AC71-DA2D94B333F3-600x450.jpeg?ssl=1\" data-amp-layout=\"responsive\"\/><\/figure><\/div><div class=\"tiled-gallery__col\" style=\"flex-basis:33.06560%\"><figure class=\"tiled-gallery__item\"><img decoding=\"async\" data-attachment-id=\"23142\" data-permalink=\"https:\/\/www.cisa-arica.cl\/wp1\/2023\/11\/10\/visita-al-hogar-de-ancianos-hermanitas-de-los-pobres\/ec777337-bdd7-469a-a9e0-17e671e5eb2b\/\" data-orig-file=\"https:\/\/www.cisa-arica.cl\/wp1\/wp-content\/uploads\/2023\/11\/EC777337-BDD7-469A-A9E0-17E671E5EB2B-scaled.jpeg\" data-orig-size=\"2560,1920\" data-comments-opened=\"0\" data-image-meta=\"{&quot;aperture&quot;:&quot;0&quot;,&quot;credit&quot;:&quot;&quot;,&quot;camera&quot;:&quot;&quot;,&quot;caption&quot;:&quot;&quot;,&quot;created_timestamp&quot;:&quot;0&quot;,&quot;copyright&quot;:&quot;&quot;,&quot;focal_length&quot;:&quot;0&quot;,&quot;iso&quot;:&quot;0&quot;,&quot;shutter_speed&quot;:&quot;0&quot;,&quot;title&quot;:&quot;&quot;,&quot;orientation&quot;:&quot;1&quot;}\" data-image-title=\"EC777337-BDD7-469A-A9E0-17E671E5EB2B\" data-image-description=\"\" data-image-caption=\"\" data-large-file=\"https:\/\/www.cisa-arica.cl\/wp1\/wp-content\/uploads\/2023\/11\/EC777337-BDD7-469A-A9E0-17E671E5EB2B-600x450.jpeg\" data-attachment-id=\"23142\" data-permalink=\"https:\/\/www.cisa-arica.cl\/wp1\/2023\/11\/10\/visita-al-hogar-de-ancianos-hermanitas-de-los-pobres\/ec777337-bdd7-469a-a9e0-17e671e5eb2b\/\" data-orig-file=\"https:\/\/www.cisa-arica.cl\/wp1\/wp-content\/uploads\/2023\/11\/EC777337-BDD7-469A-A9E0-17E671E5EB2B-scaled.jpeg\" data-orig-size=\"2560,1920\" data-comments-opened=\"0\" data-image-meta=\"{&quot;aperture&quot;:&quot;0&quot;,&quot;credit&quot;:&quot;&quot;,&quot;camera&quot;:&quot;&quot;,&quot;caption&quot;:&quot;&quot;,&quot;created_timestamp&quot;:&quot;0&quot;,&quot;copyright&quot;:&quot;&quot;,&quot;focal_length&quot;:&quot;0&quot;,&quot;iso&quot;:&quot;0&quot;,&quot;shutter_speed&quot;:&quot;0&quot;,&quot;title&quot;:&quot;&quot;,&quot;orientation&quot;:&quot;1&quot;}\" data-image-title=\"EC777337-BDD7-469A-A9E0-17E671E5EB2B\" data-image-description=\"\" data-image-caption=\"\" data-large-file=\"https:\/\/www.cisa-arica.cl\/wp1\/wp-content\/uploads\/2023\/11\/EC777337-BDD7-469A-A9E0-17E671E5EB2B-600x450.jpeg\" role=\"button\" tabindex=\"0\" aria-label=\"Abrir la imagen 2 de 30 en pantalla completa\"srcset=\"https:\/\/i2.wp.com\/www.cisa-arica.cl\/wp1\/wp-content\/uploads\/2023\/11\/EC777337-BDD7-469A-A9E0-17E671E5EB2B-600x450.jpeg?strip=info&#038;w=600&#038;ssl=1 600w,https:\/\/i2.wp.com\/www.cisa-arica.cl\/wp1\/wp-content\/uploads\/2023\/11\/EC777337-BDD7-469A-A9E0-17E671E5EB2B-600x450.jpeg?strip=info&#038;w=900&#038;ssl=1 900w,https:\/\/i2.wp.com\/www.cisa-arica.cl\/wp1\/wp-content\/uploads\/2023\/11\/EC777337-BDD7-469A-A9E0-17E671E5EB2B-600x450.jpeg?strip=info&#038;w=1200&#038;ssl=1 1200w,https:\/\/i2.wp.com\/www.cisa-arica.cl\/wp1\/wp-content\/uploads\/2023\/11\/EC777337-BDD7-469A-A9E0-17E671E5EB2B-600x450.jpeg?strip=info&#038;w=1500&#038;ssl=1 1500w,https:\/\/i2.wp.com\/www.cisa-arica.cl\/wp1\/wp-content\/uploads\/2023\/11\/EC777337-BDD7-469A-A9E0-17E671E5EB2B-600x450.jpeg?strip=info&#038;w=1800&#038;ssl=1 1800w,https:\/\/i2.wp.com\/www.cisa-arica.cl\/wp1\/wp-content\/uploads\/2023\/11\/EC777337-BDD7-469A-A9E0-17E671E5EB2B-600x450.jpeg?strip=info&#038;w=2000&#038;ssl=1 2000w\" alt=\"\" data-height=\"1920\" data-id=\"23142\" data-link=\"https:\/\/www.cisa-arica.cl\/wp1\/?attachment_id=23142\" data-url=\"https:\/\/www.cisa-arica.cl\/wp1\/wp-content\/uploads\/2023\/11\/EC777337-BDD7-469A-A9E0-17E671E5EB2B-600x450.jpeg\" data-width=\"2560\" src=\"https:\/\/i2.wp.com\/www.cisa-arica.cl\/wp1\/wp-content\/uploads\/2023\/11\/EC777337-BDD7-469A-A9E0-17E671E5EB2B-600x450.jpeg?ssl=1\" data-amp-layout=\"responsive\"\/><\/figure><figure class=\"tiled-gallery__item\"><img decoding=\"async\" data-attachment-id=\"23143\" data-permalink=\"https:\/\/www.cisa-arica.cl\/wp1\/2023\/11\/10\/visita-al-hogar-de-ancianos-hermanitas-de-los-pobres\/27b43121-dd46-4cbb-bf70-5682da4b5344\/\" data-orig-file=\"https:\/\/www.cisa-arica.cl\/wp1\/wp-content\/uploads\/2023\/11\/27B43121-DD46-4CBB-BF70-5682DA4B5344-scaled.jpeg\" data-orig-size=\"2560,1920\" data-comments-opened=\"0\" data-image-meta=\"{&quot;aperture&quot;:&quot;0&quot;,&quot;credit&quot;:&quot;&quot;,&quot;camera&quot;:&quot;&quot;,&quot;caption&quot;:&quot;&quot;,&quot;created_timestamp&quot;:&quot;0&quot;,&quot;copyright&quot;:&quot;&quot;,&quot;focal_length&quot;:&quot;0&quot;,&quot;iso&quot;:&quot;0&quot;,&quot;shutter_speed&quot;:&quot;0&quot;,&quot;title&quot;:&quot;&quot;,&quot;orientation&quot;:&quot;1&quot;}\" data-image-title=\"27B43121-DD46-4CBB-BF70-5682DA4B5344\" data-image-description=\"\" data-image-caption=\"\" data-large-file=\"https:\/\/www.cisa-arica.cl\/wp1\/wp-content\/uploads\/2023\/11\/27B43121-DD46-4CBB-BF70-5682DA4B5344-600x450.jpeg\" data-attachment-id=\"23143\" data-permalink=\"https:\/\/www.cisa-arica.cl\/wp1\/2023\/11\/10\/visita-al-hogar-de-ancianos-hermanitas-de-los-pobres\/27b43121-dd46-4cbb-bf70-5682da4b5344\/\" data-orig-file=\"https:\/\/www.cisa-arica.cl\/wp1\/wp-content\/uploads\/2023\/11\/27B43121-DD46-4CBB-BF70-5682DA4B5344-scaled.jpeg\" data-orig-size=\"2560,1920\" data-comments-opened=\"0\" data-image-meta=\"{&quot;aperture&quot;:&quot;0&quot;,&quot;credit&quot;:&quot;&quot;,&quot;camera&quot;:&quot;&quot;,&quot;caption&quot;:&quot;&quot;,&quot;created_timestamp&quot;:&quot;0&quot;,&quot;copyright&quot;:&quot;&quot;,&quot;focal_length&quot;:&quot;0&quot;,&quot;iso&quot;:&quot;0&quot;,&quot;shutter_speed&quot;:&quot;0&quot;,&quot;title&quot;:&quot;&quot;,&quot;orientation&quot;:&quot;1&quot;}\" data-image-title=\"27B43121-DD46-4CBB-BF70-5682DA4B5344\" data-image-description=\"\" data-image-caption=\"\" data-large-file=\"https:\/\/www.cisa-arica.cl\/wp1\/wp-content\/uploads\/2023\/11\/27B43121-DD46-4CBB-BF70-5682DA4B5344-600x450.jpeg\" role=\"button\" tabindex=\"0\" aria-label=\"Abrir la imagen 3 de 30 en pantalla completa\"srcset=\"https:\/\/i1.wp.com\/www.cisa-arica.cl\/wp1\/wp-content\/uploads\/2023\/11\/27B43121-DD46-4CBB-BF70-5682DA4B5344-600x450.jpeg?strip=info&#038;w=600&#038;ssl=1 600w,https:\/\/i1.wp.com\/www.cisa-arica.cl\/wp1\/wp-content\/uploads\/2023\/11\/27B43121-DD46-4CBB-BF70-5682DA4B5344-600x450.jpeg?strip=info&#038;w=900&#038;ssl=1 900w,https:\/\/i1.wp.com\/www.cisa-arica.cl\/wp1\/wp-content\/uploads\/2023\/11\/27B43121-DD46-4CBB-BF70-5682DA4B5344-600x450.jpeg?strip=info&#038;w=1200&#038;ssl=1 1200w,https:\/\/i1.wp.com\/www.cisa-arica.cl\/wp1\/wp-content\/uploads\/2023\/11\/27B43121-DD46-4CBB-BF70-5682DA4B5344-600x450.jpeg?strip=info&#038;w=1500&#038;ssl=1 1500w,https:\/\/i1.wp.com\/www.cisa-arica.cl\/wp1\/wp-content\/uploads\/2023\/11\/27B43121-DD46-4CBB-BF70-5682DA4B5344-600x450.jpeg?strip=info&#038;w=1800&#038;ssl=1 1800w,https:\/\/i1.wp.com\/www.cisa-arica.cl\/wp1\/wp-content\/uploads\/2023\/11\/27B43121-DD46-4CBB-BF70-5682DA4B5344-600x450.jpeg?strip=info&#038;w=2000&#038;ssl=1 2000w\" alt=\"\" data-height=\"1920\" data-id=\"23143\" data-link=\"https:\/\/www.cisa-arica.cl\/wp1\/?attachment_id=23143\" data-url=\"https:\/\/www.cisa-arica.cl\/wp1\/wp-content\/uploads\/2023\/11\/27B43121-DD46-4CBB-BF70-5682DA4B5344-600x450.jpeg\" data-width=\"2560\" src=\"https:\/\/i1.wp.com\/www.cisa-arica.cl\/wp1\/wp-content\/uploads\/2023\/11\/27B43121-DD46-4CBB-BF70-5682DA4B5344-600x450.jpeg?ssl=1\" data-amp-layout=\"responsive\"\/><\/figure><\/div><\/div><div class=\"tiled-gallery__row\"><div class=\"tiled-gallery__col\" style=\"flex-basis:33.33333%\"><figure class=\"tiled-gallery__item\"><img decoding=\"async\" data-attachment-id=\"23144\" data-permalink=\"https:\/\/www.cisa-arica.cl\/wp1\/2023\/11\/10\/visita-al-hogar-de-ancianos-hermanitas-de-los-pobres\/d1db1c27-19f5-4ec0-a8fd-56598e7063fc\/\" data-orig-file=\"https:\/\/www.cisa-arica.cl\/wp1\/wp-content\/uploads\/2023\/11\/D1DB1C27-19F5-4EC0-A8FD-56598E7063FC-scaled.jpeg\" data-orig-size=\"2560,1920\" data-comments-opened=\"0\" data-image-meta=\"{&quot;aperture&quot;:&quot;0&quot;,&quot;credit&quot;:&quot;&quot;,&quot;camera&quot;:&quot;&quot;,&quot;caption&quot;:&quot;&quot;,&quot;created_timestamp&quot;:&quot;0&quot;,&quot;copyright&quot;:&quot;&quot;,&quot;focal_length&quot;:&quot;0&quot;,&quot;iso&quot;:&quot;0&quot;,&quot;shutter_speed&quot;:&quot;0&quot;,&quot;title&quot;:&quot;&quot;,&quot;orientation&quot;:&quot;1&quot;}\" data-image-title=\"D1DB1C27-19F5-4EC0-A8FD-56598E7063FC\" data-image-description=\"\" data-image-caption=\"\" data-large-file=\"https:\/\/www.cisa-arica.cl\/wp1\/wp-content\/uploads\/2023\/11\/D1DB1C27-19F5-4EC0-A8FD-56598E7063FC-600x450.jpeg\" data-attachment-id=\"23144\" data-permalink=\"https:\/\/www.cisa-arica.cl\/wp1\/2023\/11\/10\/visita-al-hogar-de-ancianos-hermanitas-de-los-pobres\/d1db1c27-19f5-4ec0-a8fd-56598e7063fc\/\" data-orig-file=\"https:\/\/www.cisa-arica.cl\/wp1\/wp-content\/uploads\/2023\/11\/D1DB1C27-19F5-4EC0-A8FD-56598E7063FC-scaled.jpeg\" data-orig-size=\"2560,1920\" data-comments-opened=\"0\" data-image-meta=\"{&quot;aperture&quot;:&quot;0&quot;,&quot;credit&quot;:&quot;&quot;,&quot;camera&quot;:&quot;&quot;,&quot;caption&quot;:&quot;&quot;,&quot;created_timestamp&quot;:&quot;0&quot;,&quot;copyright&quot;:&quot;&quot;,&quot;focal_length&quot;:&quot;0&quot;,&quot;iso&quot;:&quot;0&quot;,&quot;shutter_speed&quot;:&quot;0&quot;,&quot;title&quot;:&quot;&quot;,&quot;orientation&quot;:&quot;1&quot;}\" data-image-title=\"D1DB1C27-19F5-4EC0-A8FD-56598E7063FC\" data-image-description=\"\" data-image-caption=\"\" data-large-file=\"https:\/\/www.cisa-arica.cl\/wp1\/wp-content\/uploads\/2023\/11\/D1DB1C27-19F5-4EC0-A8FD-56598E7063FC-600x450.jpeg\" role=\"button\" tabindex=\"0\" aria-label=\"Abrir la imagen 4 de 30 en pantalla completa\"srcset=\"https:\/\/i0.wp.com\/www.cisa-arica.cl\/wp1\/wp-content\/uploads\/2023\/11\/D1DB1C27-19F5-4EC0-A8FD-56598E7063FC-600x450.jpeg?strip=info&#038;w=600&#038;ssl=1 600w,https:\/\/i0.wp.com\/www.cisa-arica.cl\/wp1\/wp-content\/uploads\/2023\/11\/D1DB1C27-19F5-4EC0-A8FD-56598E7063FC-600x450.jpeg?strip=info&#038;w=900&#038;ssl=1 900w,https:\/\/i0.wp.com\/www.cisa-arica.cl\/wp1\/wp-content\/uploads\/2023\/11\/D1DB1C27-19F5-4EC0-A8FD-56598E7063FC-600x450.jpeg?strip=info&#038;w=1200&#038;ssl=1 1200w,https:\/\/i0.wp.com\/www.cisa-arica.cl\/wp1\/wp-content\/uploads\/2023\/11\/D1DB1C27-19F5-4EC0-A8FD-56598E7063FC-600x450.jpeg?strip=info&#038;w=1500&#038;ssl=1 1500w,https:\/\/i0.wp.com\/www.cisa-arica.cl\/wp1\/wp-content\/uploads\/2023\/11\/D1DB1C27-19F5-4EC0-A8FD-56598E7063FC-600x450.jpeg?strip=info&#038;w=1800&#038;ssl=1 1800w,https:\/\/i0.wp.com\/www.cisa-arica.cl\/wp1\/wp-content\/uploads\/2023\/11\/D1DB1C27-19F5-4EC0-A8FD-56598E7063FC-600x450.jpeg?strip=info&#038;w=2000&#038;ssl=1 2000w\" alt=\"\" data-height=\"1920\" data-id=\"23144\" data-link=\"https:\/\/www.cisa-arica.cl\/wp1\/?attachment_id=23144\" data-url=\"https:\/\/www.cisa-arica.cl\/wp1\/wp-content\/uploads\/2023\/11\/D1DB1C27-19F5-4EC0-A8FD-56598E7063FC-600x450.jpeg\" data-width=\"2560\" src=\"https:\/\/i0.wp.com\/www.cisa-arica.cl\/wp1\/wp-content\/uploads\/2023\/11\/D1DB1C27-19F5-4EC0-A8FD-56598E7063FC-600x450.jpeg?ssl=1\" data-amp-layout=\"responsive\"\/><\/figure><\/div><div class=\"tiled-gallery__col\" style=\"flex-basis:33.33333%\"><figure class=\"tiled-gallery__item\"><img decoding=\"async\" data-attachment-id=\"23145\" data-permalink=\"https:\/\/www.cisa-arica.cl\/wp1\/2023\/11\/10\/visita-al-hogar-de-ancianos-hermanitas-de-los-pobres\/4178b345-b1d0-41f5-9131-d4f128d4b388\/\" data-orig-file=\"https:\/\/www.cisa-arica.cl\/wp1\/wp-content\/uploads\/2023\/11\/4178B345-B1D0-41F5-9131-D4F128D4B388-scaled.jpeg\" data-orig-size=\"2560,1920\" data-comments-opened=\"0\" data-image-meta=\"{&quot;aperture&quot;:&quot;0&quot;,&quot;credit&quot;:&quot;&quot;,&quot;camera&quot;:&quot;&quot;,&quot;caption&quot;:&quot;&quot;,&quot;created_timestamp&quot;:&quot;0&quot;,&quot;copyright&quot;:&quot;&quot;,&quot;focal_length&quot;:&quot;0&quot;,&quot;iso&quot;:&quot;0&quot;,&quot;shutter_speed&quot;:&quot;0&quot;,&quot;title&quot;:&quot;&quot;,&quot;orientation&quot;:&quot;1&quot;}\" data-image-title=\"4178B345-B1D0-41F5-9131-D4F128D4B388\" data-image-description=\"\" data-image-caption=\"\" data-large-file=\"https:\/\/www.cisa-arica.cl\/wp1\/wp-content\/uploads\/2023\/11\/4178B345-B1D0-41F5-9131-D4F128D4B388-600x450.jpeg\" data-attachment-id=\"23145\" data-permalink=\"https:\/\/www.cisa-arica.cl\/wp1\/2023\/11\/10\/visita-al-hogar-de-ancianos-hermanitas-de-los-pobres\/4178b345-b1d0-41f5-9131-d4f128d4b388\/\" data-orig-file=\"https:\/\/www.cisa-arica.cl\/wp1\/wp-content\/uploads\/2023\/11\/4178B345-B1D0-41F5-9131-D4F128D4B388-scaled.jpeg\" data-orig-size=\"2560,1920\" data-comments-opened=\"0\" data-image-meta=\"{&quot;aperture&quot;:&quot;0&quot;,&quot;credit&quot;:&quot;&quot;,&quot;camera&quot;:&quot;&quot;,&quot;caption&quot;:&quot;&quot;,&quot;created_timestamp&quot;:&quot;0&quot;,&quot;copyright&quot;:&quot;&quot;,&quot;focal_length&quot;:&quot;0&quot;,&quot;iso&quot;:&quot;0&quot;,&quot;shutter_speed&quot;:&quot;0&quot;,&quot;title&quot;:&quot;&quot;,&quot;orientation&quot;:&quot;1&quot;}\" data-image-title=\"4178B345-B1D0-41F5-9131-D4F128D4B388\" data-image-description=\"\" data-image-caption=\"\" data-large-file=\"https:\/\/www.cisa-arica.cl\/wp1\/wp-content\/uploads\/2023\/11\/4178B345-B1D0-41F5-9131-D4F128D4B388-600x450.jpeg\" role=\"button\" tabindex=\"0\" aria-label=\"Abrir la imagen 5 de 30 en pantalla completa\"srcset=\"https:\/\/i2.wp.com\/www.cisa-arica.cl\/wp1\/wp-content\/uploads\/2023\/11\/4178B345-B1D0-41F5-9131-D4F128D4B388-600x450.jpeg?strip=info&#038;w=600&#038;ssl=1 600w,https:\/\/i2.wp.com\/www.cisa-arica.cl\/wp1\/wp-content\/uploads\/2023\/11\/4178B345-B1D0-41F5-9131-D4F128D4B388-600x450.jpeg?strip=info&#038;w=900&#038;ssl=1 900w,https:\/\/i2.wp.com\/www.cisa-arica.cl\/wp1\/wp-content\/uploads\/2023\/11\/4178B345-B1D0-41F5-9131-D4F128D4B388-600x450.jpeg?strip=info&#038;w=1200&#038;ssl=1 1200w,https:\/\/i2.wp.com\/www.cisa-arica.cl\/wp1\/wp-content\/uploads\/2023\/11\/4178B345-B1D0-41F5-9131-D4F128D4B388-600x450.jpeg?strip=info&#038;w=1500&#038;ssl=1 1500w,https:\/\/i2.wp.com\/www.cisa-arica.cl\/wp1\/wp-content\/uploads\/2023\/11\/4178B345-B1D0-41F5-9131-D4F128D4B388-600x450.jpeg?strip=info&#038;w=1800&#038;ssl=1 1800w,https:\/\/i2.wp.com\/www.cisa-arica.cl\/wp1\/wp-content\/uploads\/2023\/11\/4178B345-B1D0-41F5-9131-D4F128D4B388-600x450.jpeg?strip=info&#038;w=2000&#038;ssl=1 2000w\" alt=\"\" data-height=\"1920\" data-id=\"23145\" data-link=\"https:\/\/www.cisa-arica.cl\/wp1\/?attachment_id=23145\" data-url=\"https:\/\/www.cisa-arica.cl\/wp1\/wp-content\/uploads\/2023\/11\/4178B345-B1D0-41F5-9131-D4F128D4B388-600x450.jpeg\" data-width=\"2560\" src=\"https:\/\/i2.wp.com\/www.cisa-arica.cl\/wp1\/wp-content\/uploads\/2023\/11\/4178B345-B1D0-41F5-9131-D4F128D4B388-600x450.jpeg?ssl=1\" data-amp-layout=\"responsive\"\/><\/figure><\/div><div class=\"tiled-gallery__col\" style=\"flex-basis:33.33333%\"><figure class=\"tiled-gallery__item\"><img decoding=\"async\" data-attachment-id=\"23146\" data-permalink=\"https:\/\/www.cisa-arica.cl\/wp1\/2023\/11\/10\/visita-al-hogar-de-ancianos-hermanitas-de-los-pobres\/542e7275-c7dc-4fbb-b1f8-149c964bda19\/\" data-orig-file=\"https:\/\/www.cisa-arica.cl\/wp1\/wp-content\/uploads\/2023\/11\/542E7275-C7DC-4FBB-B1F8-149C964BDA19-scaled.jpeg\" data-orig-size=\"2560,1920\" data-comments-opened=\"0\" data-image-meta=\"{&quot;aperture&quot;:&quot;0&quot;,&quot;credit&quot;:&quot;&quot;,&quot;camera&quot;:&quot;&quot;,&quot;caption&quot;:&quot;&quot;,&quot;created_timestamp&quot;:&quot;0&quot;,&quot;copyright&quot;:&quot;&quot;,&quot;focal_length&quot;:&quot;0&quot;,&quot;iso&quot;:&quot;0&quot;,&quot;shutter_speed&quot;:&quot;0&quot;,&quot;title&quot;:&quot;&quot;,&quot;orientation&quot;:&quot;1&quot;}\" data-image-title=\"542E7275-C7DC-4FBB-B1F8-149C964BDA19\" data-image-description=\"\" data-image-caption=\"\" data-large-file=\"https:\/\/www.cisa-arica.cl\/wp1\/wp-content\/uploads\/2023\/11\/542E7275-C7DC-4FBB-B1F8-149C964BDA19-600x450.jpeg\" data-attachment-id=\"23146\" data-permalink=\"https:\/\/www.cisa-arica.cl\/wp1\/2023\/11\/10\/visita-al-hogar-de-ancianos-hermanitas-de-los-pobres\/542e7275-c7dc-4fbb-b1f8-149c964bda19\/\" data-orig-file=\"https:\/\/www.cisa-arica.cl\/wp1\/wp-content\/uploads\/2023\/11\/542E7275-C7DC-4FBB-B1F8-149C964BDA19-scaled.jpeg\" data-orig-size=\"2560,1920\" data-comments-opened=\"0\" data-image-meta=\"{&quot;aperture&quot;:&quot;0&quot;,&quot;credit&quot;:&quot;&quot;,&quot;camera&quot;:&quot;&quot;,&quot;caption&quot;:&quot;&quot;,&quot;created_timestamp&quot;:&quot;0&quot;,&quot;copyright&quot;:&quot;&quot;,&quot;focal_length&quot;:&quot;0&quot;,&quot;iso&quot;:&quot;0&quot;,&quot;shutter_speed&quot;:&quot;0&quot;,&quot;title&quot;:&quot;&quot;,&quot;orientation&quot;:&quot;1&quot;}\" data-image-title=\"542E7275-C7DC-4FBB-B1F8-149C964BDA19\" data-image-description=\"\" data-image-caption=\"\" data-large-file=\"https:\/\/www.cisa-arica.cl\/wp1\/wp-content\/uploads\/2023\/11\/542E7275-C7DC-4FBB-B1F8-149C964BDA19-600x450.jpeg\" role=\"button\" tabindex=\"0\" aria-label=\"Abrir la imagen 6 de 30 en pantalla completa\"srcset=\"https:\/\/i0.wp.com\/www.cisa-arica.cl\/wp1\/wp-content\/uploads\/2023\/11\/542E7275-C7DC-4FBB-B1F8-149C964BDA19-600x450.jpeg?strip=info&#038;w=600&#038;ssl=1 600w,https:\/\/i0.wp.com\/www.cisa-arica.cl\/wp1\/wp-content\/uploads\/2023\/11\/542E7275-C7DC-4FBB-B1F8-149C964BDA19-600x450.jpeg?strip=info&#038;w=900&#038;ssl=1 900w,https:\/\/i0.wp.com\/www.cisa-arica.cl\/wp1\/wp-content\/uploads\/2023\/11\/542E7275-C7DC-4FBB-B1F8-149C964BDA19-600x450.jpeg?strip=info&#038;w=1200&#038;ssl=1 1200w,https:\/\/i0.wp.com\/www.cisa-arica.cl\/wp1\/wp-content\/uploads\/2023\/11\/542E7275-C7DC-4FBB-B1F8-149C964BDA19-600x450.jpeg?strip=info&#038;w=1500&#038;ssl=1 1500w,https:\/\/i0.wp.com\/www.cisa-arica.cl\/wp1\/wp-content\/uploads\/2023\/11\/542E7275-C7DC-4FBB-B1F8-149C964BDA19-600x450.jpeg?strip=info&#038;w=1800&#038;ssl=1 1800w,https:\/\/i0.wp.com\/www.cisa-arica.cl\/wp1\/wp-content\/uploads\/2023\/11\/542E7275-C7DC-4FBB-B1F8-149C964BDA19-600x450.jpeg?strip=info&#038;w=2000&#038;ssl=1 2000w\" alt=\"\" data-height=\"1920\" data-id=\"23146\" data-link=\"https:\/\/www.cisa-arica.cl\/wp1\/?attachment_id=23146\" data-url=\"https:\/\/www.cisa-arica.cl\/wp1\/wp-content\/uploads\/2023\/11\/542E7275-C7DC-4FBB-B1F8-149C964BDA19-600x450.jpeg\" data-width=\"2560\" src=\"https:\/\/i0.wp.com\/www.cisa-arica.cl\/wp1\/wp-content\/uploads\/2023\/11\/542E7275-C7DC-4FBB-B1F8-149C964BDA19-600x450.jpeg?ssl=1\" data-amp-layout=\"responsive\"\/><\/figure><\/div><\/div><div class=\"tiled-gallery__row\"><div class=\"tiled-gallery__col\" style=\"flex-basis:33.06560%\"><figure class=\"tiled-gallery__item\"><img decoding=\"async\" data-attachment-id=\"23147\" data-permalink=\"https:\/\/www.cisa-arica.cl\/wp1\/2023\/11\/10\/visita-al-hogar-de-ancianos-hermanitas-de-los-pobres\/ba2fadbb-669a-40d2-890a-c2860bf0d663\/\" data-orig-file=\"https:\/\/www.cisa-arica.cl\/wp1\/wp-content\/uploads\/2023\/11\/BA2FADBB-669A-40D2-890A-C2860BF0D663-scaled.jpeg\" data-orig-size=\"2560,1920\" data-comments-opened=\"0\" data-image-meta=\"{&quot;aperture&quot;:&quot;0&quot;,&quot;credit&quot;:&quot;&quot;,&quot;camera&quot;:&quot;&quot;,&quot;caption&quot;:&quot;&quot;,&quot;created_timestamp&quot;:&quot;0&quot;,&quot;copyright&quot;:&quot;&quot;,&quot;focal_length&quot;:&quot;0&quot;,&quot;iso&quot;:&quot;0&quot;,&quot;shutter_speed&quot;:&quot;0&quot;,&quot;title&quot;:&quot;&quot;,&quot;orientation&quot;:&quot;1&quot;}\" data-image-title=\"BA2FADBB-669A-40D2-890A-C2860BF0D663\" data-image-description=\"\" data-image-caption=\"\" data-large-file=\"https:\/\/www.cisa-arica.cl\/wp1\/wp-content\/uploads\/2023\/11\/BA2FADBB-669A-40D2-890A-C2860BF0D663-600x450.jpeg\" data-attachment-id=\"23147\" data-permalink=\"https:\/\/www.cisa-arica.cl\/wp1\/2023\/11\/10\/visita-al-hogar-de-ancianos-hermanitas-de-los-pobres\/ba2fadbb-669a-40d2-890a-c2860bf0d663\/\" data-orig-file=\"https:\/\/www.cisa-arica.cl\/wp1\/wp-content\/uploads\/2023\/11\/BA2FADBB-669A-40D2-890A-C2860BF0D663-scaled.jpeg\" data-orig-size=\"2560,1920\" data-comments-opened=\"0\" data-image-meta=\"{&quot;aperture&quot;:&quot;0&quot;,&quot;credit&quot;:&quot;&quot;,&quot;camera&quot;:&quot;&quot;,&quot;caption&quot;:&quot;&quot;,&quot;created_timestamp&quot;:&quot;0&quot;,&quot;copyright&quot;:&quot;&quot;,&quot;focal_length&quot;:&quot;0&quot;,&quot;iso&quot;:&quot;0&quot;,&quot;shutter_speed&quot;:&quot;0&quot;,&quot;title&quot;:&quot;&quot;,&quot;orientation&quot;:&quot;1&quot;}\" data-image-title=\"BA2FADBB-669A-40D2-890A-C2860BF0D663\" data-image-description=\"\" data-image-caption=\"\" data-large-file=\"https:\/\/www.cisa-arica.cl\/wp1\/wp-content\/uploads\/2023\/11\/BA2FADBB-669A-40D2-890A-C2860BF0D663-600x450.jpeg\" role=\"button\" tabindex=\"0\" aria-label=\"Abrir la imagen 7 de 30 en pantalla completa\"srcset=\"https:\/\/i1.wp.com\/www.cisa-arica.cl\/wp1\/wp-content\/uploads\/2023\/11\/BA2FADBB-669A-40D2-890A-C2860BF0D663-600x450.jpeg?strip=info&#038;w=600&#038;ssl=1 600w,https:\/\/i1.wp.com\/www.cisa-arica.cl\/wp1\/wp-content\/uploads\/2023\/11\/BA2FADBB-669A-40D2-890A-C2860BF0D663-600x450.jpeg?strip=info&#038;w=900&#038;ssl=1 900w,https:\/\/i1.wp.com\/www.cisa-arica.cl\/wp1\/wp-content\/uploads\/2023\/11\/BA2FADBB-669A-40D2-890A-C2860BF0D663-600x450.jpeg?strip=info&#038;w=1200&#038;ssl=1 1200w,https:\/\/i1.wp.com\/www.cisa-arica.cl\/wp1\/wp-content\/uploads\/2023\/11\/BA2FADBB-669A-40D2-890A-C2860BF0D663-600x450.jpeg?strip=info&#038;w=1500&#038;ssl=1 1500w,https:\/\/i1.wp.com\/www.cisa-arica.cl\/wp1\/wp-content\/uploads\/2023\/11\/BA2FADBB-669A-40D2-890A-C2860BF0D663-600x450.jpeg?strip=info&#038;w=1800&#038;ssl=1 1800w,https:\/\/i1.wp.com\/www.cisa-arica.cl\/wp1\/wp-content\/uploads\/2023\/11\/BA2FADBB-669A-40D2-890A-C2860BF0D663-600x450.jpeg?strip=info&#038;w=2000&#038;ssl=1 2000w\" alt=\"\" data-height=\"1920\" data-id=\"23147\" data-link=\"https:\/\/www.cisa-arica.cl\/wp1\/?attachment_id=23147\" data-url=\"https:\/\/www.cisa-arica.cl\/wp1\/wp-content\/uploads\/2023\/11\/BA2FADBB-669A-40D2-890A-C2860BF0D663-600x450.jpeg\" data-width=\"2560\" src=\"https:\/\/i1.wp.com\/www.cisa-arica.cl\/wp1\/wp-content\/uploads\/2023\/11\/BA2FADBB-669A-40D2-890A-C2860BF0D663-600x450.jpeg?ssl=1\" data-amp-layout=\"responsive\"\/><\/figure><figure class=\"tiled-gallery__item\"><img decoding=\"async\" data-attachment-id=\"23148\" data-permalink=\"https:\/\/www.cisa-arica.cl\/wp1\/2023\/11\/10\/visita-al-hogar-de-ancianos-hermanitas-de-los-pobres\/3b579b49-63f0-49c3-ad90-96399428912f\/\" data-orig-file=\"https:\/\/www.cisa-arica.cl\/wp1\/wp-content\/uploads\/2023\/11\/3B579B49-63F0-49C3-AD90-96399428912F-scaled.jpeg\" data-orig-size=\"2560,1920\" data-comments-opened=\"0\" data-image-meta=\"{&quot;aperture&quot;:&quot;0&quot;,&quot;credit&quot;:&quot;&quot;,&quot;camera&quot;:&quot;&quot;,&quot;caption&quot;:&quot;&quot;,&quot;created_timestamp&quot;:&quot;0&quot;,&quot;copyright&quot;:&quot;&quot;,&quot;focal_length&quot;:&quot;0&quot;,&quot;iso&quot;:&quot;0&quot;,&quot;shutter_speed&quot;:&quot;0&quot;,&quot;title&quot;:&quot;&quot;,&quot;orientation&quot;:&quot;1&quot;}\" data-image-title=\"3B579B49-63F0-49C3-AD90-96399428912F\" data-image-description=\"\" data-image-caption=\"\" data-large-file=\"https:\/\/www.cisa-arica.cl\/wp1\/wp-content\/uploads\/2023\/11\/3B579B49-63F0-49C3-AD90-96399428912F-600x450.jpeg\" data-attachment-id=\"23148\" data-permalink=\"https:\/\/www.cisa-arica.cl\/wp1\/2023\/11\/10\/visita-al-hogar-de-ancianos-hermanitas-de-los-pobres\/3b579b49-63f0-49c3-ad90-96399428912f\/\" data-orig-file=\"https:\/\/www.cisa-arica.cl\/wp1\/wp-content\/uploads\/2023\/11\/3B579B49-63F0-49C3-AD90-96399428912F-scaled.jpeg\" data-orig-size=\"2560,1920\" data-comments-opened=\"0\" data-image-meta=\"{&quot;aperture&quot;:&quot;0&quot;,&quot;credit&quot;:&quot;&quot;,&quot;camera&quot;:&quot;&quot;,&quot;caption&quot;:&quot;&quot;,&quot;created_timestamp&quot;:&quot;0&quot;,&quot;copyright&quot;:&quot;&quot;,&quot;focal_length&quot;:&quot;0&quot;,&quot;iso&quot;:&quot;0&quot;,&quot;shutter_speed&quot;:&quot;0&quot;,&quot;title&quot;:&quot;&quot;,&quot;orientation&quot;:&quot;1&quot;}\" data-image-title=\"3B579B49-63F0-49C3-AD90-96399428912F\" data-image-description=\"\" data-image-caption=\"\" data-large-file=\"https:\/\/www.cisa-arica.cl\/wp1\/wp-content\/uploads\/2023\/11\/3B579B49-63F0-49C3-AD90-96399428912F-600x450.jpeg\" role=\"button\" tabindex=\"0\" aria-label=\"Abrir la imagen 8 de 30 en pantalla completa\"srcset=\"https:\/\/i1.wp.com\/www.cisa-arica.cl\/wp1\/wp-content\/uploads\/2023\/11\/3B579B49-63F0-49C3-AD90-96399428912F-600x450.jpeg?strip=info&#038;w=600&#038;ssl=1 600w,https:\/\/i1.wp.com\/www.cisa-arica.cl\/wp1\/wp-content\/uploads\/2023\/11\/3B579B49-63F0-49C3-AD90-96399428912F-600x450.jpeg?strip=info&#038;w=900&#038;ssl=1 900w,https:\/\/i1.wp.com\/www.cisa-arica.cl\/wp1\/wp-content\/uploads\/2023\/11\/3B579B49-63F0-49C3-AD90-96399428912F-600x450.jpeg?strip=info&#038;w=1200&#038;ssl=1 1200w,https:\/\/i1.wp.com\/www.cisa-arica.cl\/wp1\/wp-content\/uploads\/2023\/11\/3B579B49-63F0-49C3-AD90-96399428912F-600x450.jpeg?strip=info&#038;w=1500&#038;ssl=1 1500w,https:\/\/i1.wp.com\/www.cisa-arica.cl\/wp1\/wp-content\/uploads\/2023\/11\/3B579B49-63F0-49C3-AD90-96399428912F-600x450.jpeg?strip=info&#038;w=1800&#038;ssl=1 1800w,https:\/\/i1.wp.com\/www.cisa-arica.cl\/wp1\/wp-content\/uploads\/2023\/11\/3B579B49-63F0-49C3-AD90-96399428912F-600x450.jpeg?strip=info&#038;w=2000&#038;ssl=1 2000w\" alt=\"\" data-height=\"1920\" data-id=\"23148\" data-link=\"https:\/\/www.cisa-arica.cl\/wp1\/?attachment_id=23148\" data-url=\"https:\/\/www.cisa-arica.cl\/wp1\/wp-content\/uploads\/2023\/11\/3B579B49-63F0-49C3-AD90-96399428912F-600x450.jpeg\" data-width=\"2560\" src=\"https:\/\/i1.wp.com\/www.cisa-arica.cl\/wp1\/wp-content\/uploads\/2023\/11\/3B579B49-63F0-49C3-AD90-96399428912F-600x450.jpeg?ssl=1\" data-amp-layout=\"responsive\"\/><\/figure><\/div><div class=\"tiled-gallery__col\" style=\"flex-basis:66.93440%\"><figure class=\"tiled-gallery__item\"><img decoding=\"async\" data-attachment-id=\"23149\" data-permalink=\"https:\/\/www.cisa-arica.cl\/wp1\/2023\/11\/10\/visita-al-hogar-de-ancianos-hermanitas-de-los-pobres\/fe7a23a7-7d86-46fd-8c2b-e93b589ac413\/\" data-orig-file=\"https:\/\/www.cisa-arica.cl\/wp1\/wp-content\/uploads\/2023\/11\/FE7A23A7-7D86-46FD-8C2B-E93B589AC413-scaled.jpeg\" data-orig-size=\"2560,1920\" data-comments-opened=\"0\" data-image-meta=\"{&quot;aperture&quot;:&quot;0&quot;,&quot;credit&quot;:&quot;&quot;,&quot;camera&quot;:&quot;&quot;,&quot;caption&quot;:&quot;&quot;,&quot;created_timestamp&quot;:&quot;0&quot;,&quot;copyright&quot;:&quot;&quot;,&quot;focal_length&quot;:&quot;0&quot;,&quot;iso&quot;:&quot;0&quot;,&quot;shutter_speed&quot;:&quot;0&quot;,&quot;title&quot;:&quot;&quot;,&quot;orientation&quot;:&quot;1&quot;}\" data-image-title=\"FE7A23A7-7D86-46FD-8C2B-E93B589AC413\" data-image-description=\"\" data-image-caption=\"\" data-large-file=\"https:\/\/www.cisa-arica.cl\/wp1\/wp-content\/uploads\/2023\/11\/FE7A23A7-7D86-46FD-8C2B-E93B589AC413-600x450.jpeg\" data-attachment-id=\"23149\" data-permalink=\"https:\/\/www.cisa-arica.cl\/wp1\/2023\/11\/10\/visita-al-hogar-de-ancianos-hermanitas-de-los-pobres\/fe7a23a7-7d86-46fd-8c2b-e93b589ac413\/\" data-orig-file=\"https:\/\/www.cisa-arica.cl\/wp1\/wp-content\/uploads\/2023\/11\/FE7A23A7-7D86-46FD-8C2B-E93B589AC413-scaled.jpeg\" data-orig-size=\"2560,1920\" data-comments-opened=\"0\" data-image-meta=\"{&quot;aperture&quot;:&quot;0&quot;,&quot;credit&quot;:&quot;&quot;,&quot;camera&quot;:&quot;&quot;,&quot;caption&quot;:&quot;&quot;,&quot;created_timestamp&quot;:&quot;0&quot;,&quot;copyright&quot;:&quot;&quot;,&quot;focal_length&quot;:&quot;0&quot;,&quot;iso&quot;:&quot;0&quot;,&quot;shutter_speed&quot;:&quot;0&quot;,&quot;title&quot;:&quot;&quot;,&quot;orientation&quot;:&quot;1&quot;}\" data-image-title=\"FE7A23A7-7D86-46FD-8C2B-E93B589AC413\" data-image-description=\"\" data-image-caption=\"\" data-large-file=\"https:\/\/www.cisa-arica.cl\/wp1\/wp-content\/uploads\/2023\/11\/FE7A23A7-7D86-46FD-8C2B-E93B589AC413-600x450.jpeg\" role=\"button\" tabindex=\"0\" aria-label=\"Abrir la imagen 9 de 30 en pantalla completa\"srcset=\"https:\/\/i1.wp.com\/www.cisa-arica.cl\/wp1\/wp-content\/uploads\/2023\/11\/FE7A23A7-7D86-46FD-8C2B-E93B589AC413-600x450.jpeg?strip=info&#038;w=600&#038;ssl=1 600w,https:\/\/i1.wp.com\/www.cisa-arica.cl\/wp1\/wp-content\/uploads\/2023\/11\/FE7A23A7-7D86-46FD-8C2B-E93B589AC413-600x450.jpeg?strip=info&#038;w=900&#038;ssl=1 900w,https:\/\/i1.wp.com\/www.cisa-arica.cl\/wp1\/wp-content\/uploads\/2023\/11\/FE7A23A7-7D86-46FD-8C2B-E93B589AC413-600x450.jpeg?strip=info&#038;w=1200&#038;ssl=1 1200w,https:\/\/i1.wp.com\/www.cisa-arica.cl\/wp1\/wp-content\/uploads\/2023\/11\/FE7A23A7-7D86-46FD-8C2B-E93B589AC413-600x450.jpeg?strip=info&#038;w=1500&#038;ssl=1 1500w,https:\/\/i1.wp.com\/www.cisa-arica.cl\/wp1\/wp-content\/uploads\/2023\/11\/FE7A23A7-7D86-46FD-8C2B-E93B589AC413-600x450.jpeg?strip=info&#038;w=1800&#038;ssl=1 1800w,https:\/\/i1.wp.com\/www.cisa-arica.cl\/wp1\/wp-content\/uploads\/2023\/11\/FE7A23A7-7D86-46FD-8C2B-E93B589AC413-600x450.jpeg?strip=info&#038;w=2000&#038;ssl=1 2000w\" alt=\"\" data-height=\"1920\" data-id=\"23149\" data-link=\"https:\/\/www.cisa-arica.cl\/wp1\/?attachment_id=23149\" data-url=\"https:\/\/www.cisa-arica.cl\/wp1\/wp-content\/uploads\/2023\/11\/FE7A23A7-7D86-46FD-8C2B-E93B589AC413-600x450.jpeg\" data-width=\"2560\" src=\"https:\/\/i1.wp.com\/www.cisa-arica.cl\/wp1\/wp-content\/uploads\/2023\/11\/FE7A23A7-7D86-46FD-8C2B-E93B589AC413-600x450.jpeg?ssl=1\" data-amp-layout=\"responsive\"\/><\/figure><\/div><\/div><div class=\"tiled-gallery__row\"><div class=\"tiled-gallery__col\" style=\"flex-basis:50.00000%\"><figure class=\"tiled-gallery__item\"><img decoding=\"async\" data-attachment-id=\"23150\" data-permalink=\"https:\/\/www.cisa-arica.cl\/wp1\/2023\/11\/10\/visita-al-hogar-de-ancianos-hermanitas-de-los-pobres\/10caaad6-4f6d-434e-b2ea-b36459ca1d2d\/\" data-orig-file=\"https:\/\/www.cisa-arica.cl\/wp1\/wp-content\/uploads\/2023\/11\/10CAAAD6-4F6D-434E-B2EA-B36459CA1D2D-scaled.jpeg\" data-orig-size=\"2560,1920\" data-comments-opened=\"0\" data-image-meta=\"{&quot;aperture&quot;:&quot;0&quot;,&quot;credit&quot;:&quot;&quot;,&quot;camera&quot;:&quot;&quot;,&quot;caption&quot;:&quot;&quot;,&quot;created_timestamp&quot;:&quot;0&quot;,&quot;copyright&quot;:&quot;&quot;,&quot;focal_length&quot;:&quot;0&quot;,&quot;iso&quot;:&quot;0&quot;,&quot;shutter_speed&quot;:&quot;0&quot;,&quot;title&quot;:&quot;&quot;,&quot;orientation&quot;:&quot;1&quot;}\" data-image-title=\"10CAAAD6-4F6D-434E-B2EA-B36459CA1D2D\" data-image-description=\"\" data-image-caption=\"\" data-large-file=\"https:\/\/www.cisa-arica.cl\/wp1\/wp-content\/uploads\/2023\/11\/10CAAAD6-4F6D-434E-B2EA-B36459CA1D2D-600x450.jpeg\" data-attachment-id=\"23150\" data-permalink=\"https:\/\/www.cisa-arica.cl\/wp1\/2023\/11\/10\/visita-al-hogar-de-ancianos-hermanitas-de-los-pobres\/10caaad6-4f6d-434e-b2ea-b36459ca1d2d\/\" data-orig-file=\"https:\/\/www.cisa-arica.cl\/wp1\/wp-content\/uploads\/2023\/11\/10CAAAD6-4F6D-434E-B2EA-B36459CA1D2D-scaled.jpeg\" data-orig-size=\"2560,1920\" data-comments-opened=\"0\" data-image-meta=\"{&quot;aperture&quot;:&quot;0&quot;,&quot;credit&quot;:&quot;&quot;,&quot;camera&quot;:&quot;&quot;,&quot;caption&quot;:&quot;&quot;,&quot;created_timestamp&quot;:&quot;0&quot;,&quot;copyright&quot;:&quot;&quot;,&quot;focal_length&quot;:&quot;0&quot;,&quot;iso&quot;:&quot;0&quot;,&quot;shutter_speed&quot;:&quot;0&quot;,&quot;title&quot;:&quot;&quot;,&quot;orientation&quot;:&quot;1&quot;}\" data-image-title=\"10CAAAD6-4F6D-434E-B2EA-B36459CA1D2D\" data-image-description=\"\" data-image-caption=\"\" data-large-file=\"https:\/\/www.cisa-arica.cl\/wp1\/wp-content\/uploads\/2023\/11\/10CAAAD6-4F6D-434E-B2EA-B36459CA1D2D-600x450.jpeg\" role=\"button\" tabindex=\"0\" aria-label=\"Abrir la imagen 10 de 30 en pantalla completa\"srcset=\"https:\/\/i0.wp.com\/www.cisa-arica.cl\/wp1\/wp-content\/uploads\/2023\/11\/10CAAAD6-4F6D-434E-B2EA-B36459CA1D2D-600x450.jpeg?strip=info&#038;w=600&#038;ssl=1 600w,https:\/\/i0.wp.com\/www.cisa-arica.cl\/wp1\/wp-content\/uploads\/2023\/11\/10CAAAD6-4F6D-434E-B2EA-B36459CA1D2D-600x450.jpeg?strip=info&#038;w=900&#038;ssl=1 900w,https:\/\/i0.wp.com\/www.cisa-arica.cl\/wp1\/wp-content\/uploads\/2023\/11\/10CAAAD6-4F6D-434E-B2EA-B36459CA1D2D-600x450.jpeg?strip=info&#038;w=1200&#038;ssl=1 1200w,https:\/\/i0.wp.com\/www.cisa-arica.cl\/wp1\/wp-content\/uploads\/2023\/11\/10CAAAD6-4F6D-434E-B2EA-B36459CA1D2D-600x450.jpeg?strip=info&#038;w=1500&#038;ssl=1 1500w,https:\/\/i0.wp.com\/www.cisa-arica.cl\/wp1\/wp-content\/uploads\/2023\/11\/10CAAAD6-4F6D-434E-B2EA-B36459CA1D2D-600x450.jpeg?strip=info&#038;w=1800&#038;ssl=1 1800w,https:\/\/i0.wp.com\/www.cisa-arica.cl\/wp1\/wp-content\/uploads\/2023\/11\/10CAAAD6-4F6D-434E-B2EA-B36459CA1D2D-600x450.jpeg?strip=info&#038;w=2000&#038;ssl=1 2000w\" alt=\"\" data-height=\"1920\" data-id=\"23150\" data-link=\"https:\/\/www.cisa-arica.cl\/wp1\/?attachment_id=23150\" data-url=\"https:\/\/www.cisa-arica.cl\/wp1\/wp-content\/uploads\/2023\/11\/10CAAAD6-4F6D-434E-B2EA-B36459CA1D2D-600x450.jpeg\" data-width=\"2560\" src=\"https:\/\/i0.wp.com\/www.cisa-arica.cl\/wp1\/wp-content\/uploads\/2023\/11\/10CAAAD6-4F6D-434E-B2EA-B36459CA1D2D-600x450.jpeg?ssl=1\" data-amp-layout=\"responsive\"\/><\/figure><\/div><div class=\"tiled-gallery__col\" style=\"flex-basis:50.00000%\"><figure class=\"tiled-gallery__item\"><img decoding=\"async\" data-attachment-id=\"23151\" data-permalink=\"https:\/\/www.cisa-arica.cl\/wp1\/2023\/11\/10\/visita-al-hogar-de-ancianos-hermanitas-de-los-pobres\/753369eb-efab-43c6-97a4-cf69524bacca\/\" data-orig-file=\"https:\/\/www.cisa-arica.cl\/wp1\/wp-content\/uploads\/2023\/11\/753369EB-EFAB-43C6-97A4-CF69524BACCA-scaled.jpeg\" data-orig-size=\"2560,1920\" data-comments-opened=\"0\" data-image-meta=\"{&quot;aperture&quot;:&quot;0&quot;,&quot;credit&quot;:&quot;&quot;,&quot;camera&quot;:&quot;&quot;,&quot;caption&quot;:&quot;&quot;,&quot;created_timestamp&quot;:&quot;0&quot;,&quot;copyright&quot;:&quot;&quot;,&quot;focal_length&quot;:&quot;0&quot;,&quot;iso&quot;:&quot;0&quot;,&quot;shutter_speed&quot;:&quot;0&quot;,&quot;title&quot;:&quot;&quot;,&quot;orientation&quot;:&quot;1&quot;}\" data-image-title=\"753369EB-EFAB-43C6-97A4-CF69524BACCA\" data-image-description=\"\" data-image-caption=\"\" data-large-file=\"https:\/\/www.cisa-arica.cl\/wp1\/wp-content\/uploads\/2023\/11\/753369EB-EFAB-43C6-97A4-CF69524BACCA-600x450.jpeg\" data-attachment-id=\"23151\" data-permalink=\"https:\/\/www.cisa-arica.cl\/wp1\/2023\/11\/10\/visita-al-hogar-de-ancianos-hermanitas-de-los-pobres\/753369eb-efab-43c6-97a4-cf69524bacca\/\" data-orig-file=\"https:\/\/www.cisa-arica.cl\/wp1\/wp-content\/uploads\/2023\/11\/753369EB-EFAB-43C6-97A4-CF69524BACCA-scaled.jpeg\" data-orig-size=\"2560,1920\" data-comments-opened=\"0\" data-image-meta=\"{&quot;aperture&quot;:&quot;0&quot;,&quot;credit&quot;:&quot;&quot;,&quot;camera&quot;:&quot;&quot;,&quot;caption&quot;:&quot;&quot;,&quot;created_timestamp&quot;:&quot;0&quot;,&quot;copyright&quot;:&quot;&quot;,&quot;focal_length&quot;:&quot;0&quot;,&quot;iso&quot;:&quot;0&quot;,&quot;shutter_speed&quot;:&quot;0&quot;,&quot;title&quot;:&quot;&quot;,&quot;orientation&quot;:&quot;1&quot;}\" data-image-title=\"753369EB-EFAB-43C6-97A4-CF69524BACCA\" data-image-description=\"\" data-image-caption=\"\" data-large-file=\"https:\/\/www.cisa-arica.cl\/wp1\/wp-content\/uploads\/2023\/11\/753369EB-EFAB-43C6-97A4-CF69524BACCA-600x450.jpeg\" role=\"button\" tabindex=\"0\" aria-label=\"Abrir la imagen 11 de 30 en pantalla completa\"srcset=\"https:\/\/i2.wp.com\/www.cisa-arica.cl\/wp1\/wp-content\/uploads\/2023\/11\/753369EB-EFAB-43C6-97A4-CF69524BACCA-600x450.jpeg?strip=info&#038;w=600&#038;ssl=1 600w,https:\/\/i2.wp.com\/www.cisa-arica.cl\/wp1\/wp-content\/uploads\/2023\/11\/753369EB-EFAB-43C6-97A4-CF69524BACCA-600x450.jpeg?strip=info&#038;w=900&#038;ssl=1 900w,https:\/\/i2.wp.com\/www.cisa-arica.cl\/wp1\/wp-content\/uploads\/2023\/11\/753369EB-EFAB-43C6-97A4-CF69524BACCA-600x450.jpeg?strip=info&#038;w=1200&#038;ssl=1 1200w,https:\/\/i2.wp.com\/www.cisa-arica.cl\/wp1\/wp-content\/uploads\/2023\/11\/753369EB-EFAB-43C6-97A4-CF69524BACCA-600x450.jpeg?strip=info&#038;w=1500&#038;ssl=1 1500w,https:\/\/i2.wp.com\/www.cisa-arica.cl\/wp1\/wp-content\/uploads\/2023\/11\/753369EB-EFAB-43C6-97A4-CF69524BACCA-600x450.jpeg?strip=info&#038;w=1800&#038;ssl=1 1800w,https:\/\/i2.wp.com\/www.cisa-arica.cl\/wp1\/wp-content\/uploads\/2023\/11\/753369EB-EFAB-43C6-97A4-CF69524BACCA-600x450.jpeg?strip=info&#038;w=2000&#038;ssl=1 2000w\" alt=\"\" data-height=\"1920\" data-id=\"23151\" data-link=\"https:\/\/www.cisa-arica.cl\/wp1\/?attachment_id=23151\" data-url=\"https:\/\/www.cisa-arica.cl\/wp1\/wp-content\/uploads\/2023\/11\/753369EB-EFAB-43C6-97A4-CF69524BACCA-600x450.jpeg\" data-width=\"2560\" src=\"https:\/\/i2.wp.com\/www.cisa-arica.cl\/wp1\/wp-content\/uploads\/2023\/11\/753369EB-EFAB-43C6-97A4-CF69524BACCA-600x450.jpeg?ssl=1\" data-amp-layout=\"responsive\"\/><\/figure><\/div><\/div><div class=\"tiled-gallery__row\"><div class=\"tiled-gallery__col\" style=\"flex-basis:66.93440%\"><figure class=\"tiled-gallery__item\"><img decoding=\"async\" data-attachment-id=\"23152\" data-permalink=\"https:\/\/www.cisa-arica.cl\/wp1\/2023\/11\/10\/visita-al-hogar-de-ancianos-hermanitas-de-los-pobres\/adb0f776-bad0-4efd-9eab-a74022b33207\/\" data-orig-file=\"https:\/\/www.cisa-arica.cl\/wp1\/wp-content\/uploads\/2023\/11\/ADB0F776-BAD0-4EFD-9EAB-A74022B33207-scaled.jpeg\" data-orig-size=\"2560,1920\" data-comments-opened=\"0\" data-image-meta=\"{&quot;aperture&quot;:&quot;0&quot;,&quot;credit&quot;:&quot;&quot;,&quot;camera&quot;:&quot;&quot;,&quot;caption&quot;:&quot;&quot;,&quot;created_timestamp&quot;:&quot;0&quot;,&quot;copyright&quot;:&quot;&quot;,&quot;focal_length&quot;:&quot;0&quot;,&quot;iso&quot;:&quot;0&quot;,&quot;shutter_speed&quot;:&quot;0&quot;,&quot;title&quot;:&quot;&quot;,&quot;orientation&quot;:&quot;1&quot;}\" data-image-title=\"ADB0F776-BAD0-4EFD-9EAB-A74022B33207\" data-image-description=\"\" data-image-caption=\"\" data-large-file=\"https:\/\/www.cisa-arica.cl\/wp1\/wp-content\/uploads\/2023\/11\/ADB0F776-BAD0-4EFD-9EAB-A74022B33207-600x450.jpeg\" data-attachment-id=\"23152\" data-permalink=\"https:\/\/www.cisa-arica.cl\/wp1\/2023\/11\/10\/visita-al-hogar-de-ancianos-hermanitas-de-los-pobres\/adb0f776-bad0-4efd-9eab-a74022b33207\/\" data-orig-file=\"https:\/\/www.cisa-arica.cl\/wp1\/wp-content\/uploads\/2023\/11\/ADB0F776-BAD0-4EFD-9EAB-A74022B33207-scaled.jpeg\" data-orig-size=\"2560,1920\" data-comments-opened=\"0\" data-image-meta=\"{&quot;aperture&quot;:&quot;0&quot;,&quot;credit&quot;:&quot;&quot;,&quot;camera&quot;:&quot;&quot;,&quot;caption&quot;:&quot;&quot;,&quot;created_timestamp&quot;:&quot;0&quot;,&quot;copyright&quot;:&quot;&quot;,&quot;focal_length&quot;:&quot;0&quot;,&quot;iso&quot;:&quot;0&quot;,&quot;shutter_speed&quot;:&quot;0&quot;,&quot;title&quot;:&quot;&quot;,&quot;orientation&quot;:&quot;1&quot;}\" data-image-title=\"ADB0F776-BAD0-4EFD-9EAB-A74022B33207\" data-image-description=\"\" data-image-caption=\"\" data-large-file=\"https:\/\/www.cisa-arica.cl\/wp1\/wp-content\/uploads\/2023\/11\/ADB0F776-BAD0-4EFD-9EAB-A74022B33207-600x450.jpeg\" role=\"button\" tabindex=\"0\" aria-label=\"Abrir la imagen 12 de 30 en pantalla completa\"srcset=\"https:\/\/i2.wp.com\/www.cisa-arica.cl\/wp1\/wp-content\/uploads\/2023\/11\/ADB0F776-BAD0-4EFD-9EAB-A74022B33207-600x450.jpeg?strip=info&#038;w=600&#038;ssl=1 600w,https:\/\/i2.wp.com\/www.cisa-arica.cl\/wp1\/wp-content\/uploads\/2023\/11\/ADB0F776-BAD0-4EFD-9EAB-A74022B33207-600x450.jpeg?strip=info&#038;w=900&#038;ssl=1 900w,https:\/\/i2.wp.com\/www.cisa-arica.cl\/wp1\/wp-content\/uploads\/2023\/11\/ADB0F776-BAD0-4EFD-9EAB-A74022B33207-600x450.jpeg?strip=info&#038;w=1200&#038;ssl=1 1200w,https:\/\/i2.wp.com\/www.cisa-arica.cl\/wp1\/wp-content\/uploads\/2023\/11\/ADB0F776-BAD0-4EFD-9EAB-A74022B33207-600x450.jpeg?strip=info&#038;w=1500&#038;ssl=1 1500w,https:\/\/i2.wp.com\/www.cisa-arica.cl\/wp1\/wp-content\/uploads\/2023\/11\/ADB0F776-BAD0-4EFD-9EAB-A74022B33207-600x450.jpeg?strip=info&#038;w=1800&#038;ssl=1 1800w,https:\/\/i2.wp.com\/www.cisa-arica.cl\/wp1\/wp-content\/uploads\/2023\/11\/ADB0F776-BAD0-4EFD-9EAB-A74022B33207-600x450.jpeg?strip=info&#038;w=2000&#038;ssl=1 2000w\" alt=\"\" data-height=\"1920\" data-id=\"23152\" data-link=\"https:\/\/www.cisa-arica.cl\/wp1\/?attachment_id=23152\" data-url=\"https:\/\/www.cisa-arica.cl\/wp1\/wp-content\/uploads\/2023\/11\/ADB0F776-BAD0-4EFD-9EAB-A74022B33207-600x450.jpeg\" data-width=\"2560\" src=\"https:\/\/i2.wp.com\/www.cisa-arica.cl\/wp1\/wp-content\/uploads\/2023\/11\/ADB0F776-BAD0-4EFD-9EAB-A74022B33207-600x450.jpeg?ssl=1\" data-amp-layout=\"responsive\"\/><\/figure><\/div><div class=\"tiled-gallery__col\" style=\"flex-basis:33.06560%\"><figure class=\"tiled-gallery__item\"><img decoding=\"async\" data-attachment-id=\"23153\" data-permalink=\"https:\/\/www.cisa-arica.cl\/wp1\/2023\/11\/10\/visita-al-hogar-de-ancianos-hermanitas-de-los-pobres\/9be9303b-9762-4a2b-9054-94b2c0c05d32\/\" data-orig-file=\"https:\/\/www.cisa-arica.cl\/wp1\/wp-content\/uploads\/2023\/11\/9BE9303B-9762-4A2B-9054-94B2C0C05D32-scaled.jpeg\" data-orig-size=\"2560,1920\" data-comments-opened=\"0\" data-image-meta=\"{&quot;aperture&quot;:&quot;0&quot;,&quot;credit&quot;:&quot;&quot;,&quot;camera&quot;:&quot;&quot;,&quot;caption&quot;:&quot;&quot;,&quot;created_timestamp&quot;:&quot;0&quot;,&quot;copyright&quot;:&quot;&quot;,&quot;focal_length&quot;:&quot;0&quot;,&quot;iso&quot;:&quot;0&quot;,&quot;shutter_speed&quot;:&quot;0&quot;,&quot;title&quot;:&quot;&quot;,&quot;orientation&quot;:&quot;1&quot;}\" data-image-title=\"9BE9303B-9762-4A2B-9054-94B2C0C05D32\" data-image-description=\"\" data-image-caption=\"\" data-large-file=\"https:\/\/www.cisa-arica.cl\/wp1\/wp-content\/uploads\/2023\/11\/9BE9303B-9762-4A2B-9054-94B2C0C05D32-600x450.jpeg\" data-attachment-id=\"23153\" data-permalink=\"https:\/\/www.cisa-arica.cl\/wp1\/2023\/11\/10\/visita-al-hogar-de-ancianos-hermanitas-de-los-pobres\/9be9303b-9762-4a2b-9054-94b2c0c05d32\/\" data-orig-file=\"https:\/\/www.cisa-arica.cl\/wp1\/wp-content\/uploads\/2023\/11\/9BE9303B-9762-4A2B-9054-94B2C0C05D32-scaled.jpeg\" data-orig-size=\"2560,1920\" data-comments-opened=\"0\" data-image-meta=\"{&quot;aperture&quot;:&quot;0&quot;,&quot;credit&quot;:&quot;&quot;,&quot;camera&quot;:&quot;&quot;,&quot;caption&quot;:&quot;&quot;,&quot;created_timestamp&quot;:&quot;0&quot;,&quot;copyright&quot;:&quot;&quot;,&quot;focal_length&quot;:&quot;0&quot;,&quot;iso&quot;:&quot;0&quot;,&quot;shutter_speed&quot;:&quot;0&quot;,&quot;title&quot;:&quot;&quot;,&quot;orientation&quot;:&quot;1&quot;}\" data-image-title=\"9BE9303B-9762-4A2B-9054-94B2C0C05D32\" data-image-description=\"\" data-image-caption=\"\" data-large-file=\"https:\/\/www.cisa-arica.cl\/wp1\/wp-content\/uploads\/2023\/11\/9BE9303B-9762-4A2B-9054-94B2C0C05D32-600x450.jpeg\" role=\"button\" tabindex=\"0\" aria-label=\"Abrir la imagen 13 de 30 en pantalla completa\"srcset=\"https:\/\/i2.wp.com\/www.cisa-arica.cl\/wp1\/wp-content\/uploads\/2023\/11\/9BE9303B-9762-4A2B-9054-94B2C0C05D32-600x450.jpeg?strip=info&#038;w=600&#038;ssl=1 600w,https:\/\/i2.wp.com\/www.cisa-arica.cl\/wp1\/wp-content\/uploads\/2023\/11\/9BE9303B-9762-4A2B-9054-94B2C0C05D32-600x450.jpeg?strip=info&#038;w=900&#038;ssl=1 900w,https:\/\/i2.wp.com\/www.cisa-arica.cl\/wp1\/wp-content\/uploads\/2023\/11\/9BE9303B-9762-4A2B-9054-94B2C0C05D32-600x450.jpeg?strip=info&#038;w=1200&#038;ssl=1 1200w,https:\/\/i2.wp.com\/www.cisa-arica.cl\/wp1\/wp-content\/uploads\/2023\/11\/9BE9303B-9762-4A2B-9054-94B2C0C05D32-600x450.jpeg?strip=info&#038;w=1500&#038;ssl=1 1500w,https:\/\/i2.wp.com\/www.cisa-arica.cl\/wp1\/wp-content\/uploads\/2023\/11\/9BE9303B-9762-4A2B-9054-94B2C0C05D32-600x450.jpeg?strip=info&#038;w=1800&#038;ssl=1 1800w,https:\/\/i2.wp.com\/www.cisa-arica.cl\/wp1\/wp-content\/uploads\/2023\/11\/9BE9303B-9762-4A2B-9054-94B2C0C05D32-600x450.jpeg?strip=info&#038;w=2000&#038;ssl=1 2000w\" alt=\"\" data-height=\"1920\" data-id=\"23153\" data-link=\"https:\/\/www.cisa-arica.cl\/wp1\/?attachment_id=23153\" data-url=\"https:\/\/www.cisa-arica.cl\/wp1\/wp-content\/uploads\/2023\/11\/9BE9303B-9762-4A2B-9054-94B2C0C05D32-600x450.jpeg\" data-width=\"2560\" src=\"https:\/\/i2.wp.com\/www.cisa-arica.cl\/wp1\/wp-content\/uploads\/2023\/11\/9BE9303B-9762-4A2B-9054-94B2C0C05D32-600x450.jpeg?ssl=1\" data-amp-layout=\"responsive\"\/><\/figure><figure class=\"tiled-gallery__item\"><img decoding=\"async\" data-attachment-id=\"23154\" data-permalink=\"https:\/\/www.cisa-arica.cl\/wp1\/2023\/11\/10\/visita-al-hogar-de-ancianos-hermanitas-de-los-pobres\/6544c93d-98f8-49c6-954e-a2815c5416bf\/\" data-orig-file=\"https:\/\/www.cisa-arica.cl\/wp1\/wp-content\/uploads\/2023\/11\/6544C93D-98F8-49C6-954E-A2815C5416BF-scaled.jpeg\" data-orig-size=\"2560,1920\" data-comments-opened=\"0\" data-image-meta=\"{&quot;aperture&quot;:&quot;0&quot;,&quot;credit&quot;:&quot;&quot;,&quot;camera&quot;:&quot;&quot;,&quot;caption&quot;:&quot;&quot;,&quot;created_timestamp&quot;:&quot;0&quot;,&quot;copyright&quot;:&quot;&quot;,&quot;focal_length&quot;:&quot;0&quot;,&quot;iso&quot;:&quot;0&quot;,&quot;shutter_speed&quot;:&quot;0&quot;,&quot;title&quot;:&quot;&quot;,&quot;orientation&quot;:&quot;1&quot;}\" data-image-title=\"6544C93D-98F8-49C6-954E-A2815C5416BF\" data-image-description=\"\" data-image-caption=\"\" data-large-file=\"https:\/\/www.cisa-arica.cl\/wp1\/wp-content\/uploads\/2023\/11\/6544C93D-98F8-49C6-954E-A2815C5416BF-600x450.jpeg\" data-attachment-id=\"23154\" data-permalink=\"https:\/\/www.cisa-arica.cl\/wp1\/2023\/11\/10\/visita-al-hogar-de-ancianos-hermanitas-de-los-pobres\/6544c93d-98f8-49c6-954e-a2815c5416bf\/\" data-orig-file=\"https:\/\/www.cisa-arica.cl\/wp1\/wp-content\/uploads\/2023\/11\/6544C93D-98F8-49C6-954E-A2815C5416BF-scaled.jpeg\" data-orig-size=\"2560,1920\" data-comments-opened=\"0\" data-image-meta=\"{&quot;aperture&quot;:&quot;0&quot;,&quot;credit&quot;:&quot;&quot;,&quot;camera&quot;:&quot;&quot;,&quot;caption&quot;:&quot;&quot;,&quot;created_timestamp&quot;:&quot;0&quot;,&quot;copyright&quot;:&quot;&quot;,&quot;focal_length&quot;:&quot;0&quot;,&quot;iso&quot;:&quot;0&quot;,&quot;shutter_speed&quot;:&quot;0&quot;,&quot;title&quot;:&quot;&quot;,&quot;orientation&quot;:&quot;1&quot;}\" data-image-title=\"6544C93D-98F8-49C6-954E-A2815C5416BF\" data-image-description=\"\" data-image-caption=\"\" data-large-file=\"https:\/\/www.cisa-arica.cl\/wp1\/wp-content\/uploads\/2023\/11\/6544C93D-98F8-49C6-954E-A2815C5416BF-600x450.jpeg\" role=\"button\" tabindex=\"0\" aria-label=\"Abrir la imagen 14 de 30 en pantalla completa\"srcset=\"https:\/\/i2.wp.com\/www.cisa-arica.cl\/wp1\/wp-content\/uploads\/2023\/11\/6544C93D-98F8-49C6-954E-A2815C5416BF-600x450.jpeg?strip=info&#038;w=600&#038;ssl=1 600w,https:\/\/i2.wp.com\/www.cisa-arica.cl\/wp1\/wp-content\/uploads\/2023\/11\/6544C93D-98F8-49C6-954E-A2815C5416BF-600x450.jpeg?strip=info&#038;w=900&#038;ssl=1 900w,https:\/\/i2.wp.com\/www.cisa-arica.cl\/wp1\/wp-content\/uploads\/2023\/11\/6544C93D-98F8-49C6-954E-A2815C5416BF-600x450.jpeg?strip=info&#038;w=1200&#038;ssl=1 1200w,https:\/\/i2.wp.com\/www.cisa-arica.cl\/wp1\/wp-content\/uploads\/2023\/11\/6544C93D-98F8-49C6-954E-A2815C5416BF-600x450.jpeg?strip=info&#038;w=1500&#038;ssl=1 1500w,https:\/\/i2.wp.com\/www.cisa-arica.cl\/wp1\/wp-content\/uploads\/2023\/11\/6544C93D-98F8-49C6-954E-A2815C5416BF-600x450.jpeg?strip=info&#038;w=1800&#038;ssl=1 1800w,https:\/\/i2.wp.com\/www.cisa-arica.cl\/wp1\/wp-content\/uploads\/2023\/11\/6544C93D-98F8-49C6-954E-A2815C5416BF-600x450.jpeg?strip=info&#038;w=2000&#038;ssl=1 2000w\" alt=\"\" data-height=\"1920\" data-id=\"23154\" data-link=\"https:\/\/www.cisa-arica.cl\/wp1\/?attachment_id=23154\" data-url=\"https:\/\/www.cisa-arica.cl\/wp1\/wp-content\/uploads\/2023\/11\/6544C93D-98F8-49C6-954E-A2815C5416BF-600x450.jpeg\" data-width=\"2560\" src=\"https:\/\/i2.wp.com\/www.cisa-arica.cl\/wp1\/wp-content\/uploads\/2023\/11\/6544C93D-98F8-49C6-954E-A2815C5416BF-600x450.jpeg?ssl=1\" data-amp-layout=\"responsive\"\/><\/figure><\/div><\/div><div class=\"tiled-gallery__row\"><div class=\"tiled-gallery__col\" style=\"flex-basis:38.96511%\"><figure class=\"tiled-gallery__item\"><img decoding=\"async\" data-attachment-id=\"23155\" data-permalink=\"https:\/\/www.cisa-arica.cl\/wp1\/2023\/11\/10\/visita-al-hogar-de-ancianos-hermanitas-de-los-pobres\/e074d0fc-0bcd-4117-ad0f-42f601f17174\/\" data-orig-file=\"https:\/\/www.cisa-arica.cl\/wp1\/wp-content\/uploads\/2023\/11\/E074D0FC-0BCD-4117-AD0F-42F601F17174-scaled.jpeg\" data-orig-size=\"2560,1920\" data-comments-opened=\"0\" data-image-meta=\"{&quot;aperture&quot;:&quot;0&quot;,&quot;credit&quot;:&quot;&quot;,&quot;camera&quot;:&quot;&quot;,&quot;caption&quot;:&quot;&quot;,&quot;created_timestamp&quot;:&quot;0&quot;,&quot;copyright&quot;:&quot;&quot;,&quot;focal_length&quot;:&quot;0&quot;,&quot;iso&quot;:&quot;0&quot;,&quot;shutter_speed&quot;:&quot;0&quot;,&quot;title&quot;:&quot;&quot;,&quot;orientation&quot;:&quot;1&quot;}\" data-image-title=\"E074D0FC-0BCD-4117-AD0F-42F601F17174\" data-image-description=\"\" data-image-caption=\"\" data-large-file=\"https:\/\/www.cisa-arica.cl\/wp1\/wp-content\/uploads\/2023\/11\/E074D0FC-0BCD-4117-AD0F-42F601F17174-600x450.jpeg\" data-attachment-id=\"23155\" data-permalink=\"https:\/\/www.cisa-arica.cl\/wp1\/2023\/11\/10\/visita-al-hogar-de-ancianos-hermanitas-de-los-pobres\/e074d0fc-0bcd-4117-ad0f-42f601f17174\/\" data-orig-file=\"https:\/\/www.cisa-arica.cl\/wp1\/wp-content\/uploads\/2023\/11\/E074D0FC-0BCD-4117-AD0F-42F601F17174-scaled.jpeg\" data-orig-size=\"2560,1920\" data-comments-opened=\"0\" data-image-meta=\"{&quot;aperture&quot;:&quot;0&quot;,&quot;credit&quot;:&quot;&quot;,&quot;camera&quot;:&quot;&quot;,&quot;caption&quot;:&quot;&quot;,&quot;created_timestamp&quot;:&quot;0&quot;,&quot;copyright&quot;:&quot;&quot;,&quot;focal_length&quot;:&quot;0&quot;,&quot;iso&quot;:&quot;0&quot;,&quot;shutter_speed&quot;:&quot;0&quot;,&quot;title&quot;:&quot;&quot;,&quot;orientation&quot;:&quot;1&quot;}\" data-image-title=\"E074D0FC-0BCD-4117-AD0F-42F601F17174\" data-image-description=\"\" data-image-caption=\"\" data-large-file=\"https:\/\/www.cisa-arica.cl\/wp1\/wp-content\/uploads\/2023\/11\/E074D0FC-0BCD-4117-AD0F-42F601F17174-600x450.jpeg\" role=\"button\" tabindex=\"0\" aria-label=\"Abrir la imagen 15 de 30 en pantalla completa\"srcset=\"https:\/\/i2.wp.com\/www.cisa-arica.cl\/wp1\/wp-content\/uploads\/2023\/11\/E074D0FC-0BCD-4117-AD0F-42F601F17174-600x450.jpeg?strip=info&#038;w=600&#038;ssl=1 600w,https:\/\/i2.wp.com\/www.cisa-arica.cl\/wp1\/wp-content\/uploads\/2023\/11\/E074D0FC-0BCD-4117-AD0F-42F601F17174-600x450.jpeg?strip=info&#038;w=900&#038;ssl=1 900w,https:\/\/i2.wp.com\/www.cisa-arica.cl\/wp1\/wp-content\/uploads\/2023\/11\/E074D0FC-0BCD-4117-AD0F-42F601F17174-600x450.jpeg?strip=info&#038;w=1200&#038;ssl=1 1200w,https:\/\/i2.wp.com\/www.cisa-arica.cl\/wp1\/wp-content\/uploads\/2023\/11\/E074D0FC-0BCD-4117-AD0F-42F601F17174-600x450.jpeg?strip=info&#038;w=1500&#038;ssl=1 1500w,https:\/\/i2.wp.com\/www.cisa-arica.cl\/wp1\/wp-content\/uploads\/2023\/11\/E074D0FC-0BCD-4117-AD0F-42F601F17174-600x450.jpeg?strip=info&#038;w=1800&#038;ssl=1 1800w,https:\/\/i2.wp.com\/www.cisa-arica.cl\/wp1\/wp-content\/uploads\/2023\/11\/E074D0FC-0BCD-4117-AD0F-42F601F17174-600x450.jpeg?strip=info&#038;w=2000&#038;ssl=1 2000w\" alt=\"\" data-height=\"1920\" data-id=\"23155\" data-link=\"https:\/\/www.cisa-arica.cl\/wp1\/?attachment_id=23155\" data-url=\"https:\/\/www.cisa-arica.cl\/wp1\/wp-content\/uploads\/2023\/11\/E074D0FC-0BCD-4117-AD0F-42F601F17174-600x450.jpeg\" data-width=\"2560\" src=\"https:\/\/i2.wp.com\/www.cisa-arica.cl\/wp1\/wp-content\/uploads\/2023\/11\/E074D0FC-0BCD-4117-AD0F-42F601F17174-600x450.jpeg?ssl=1\" data-amp-layout=\"responsive\"\/><\/figure><\/div><div class=\"tiled-gallery__col\" style=\"flex-basis:22.06978%\"><figure class=\"tiled-gallery__item\"><img decoding=\"async\" data-attachment-id=\"23156\" data-permalink=\"https:\/\/www.cisa-arica.cl\/wp1\/2023\/11\/10\/visita-al-hogar-de-ancianos-hermanitas-de-los-pobres\/4bd3031c-e761-4a9f-b609-0cf0aad7aec7\/\" data-orig-file=\"https:\/\/www.cisa-arica.cl\/wp1\/wp-content\/uploads\/2023\/11\/4BD3031C-E761-4A9F-B609-0CF0AAD7AEC7-scaled.jpeg\" data-orig-size=\"1920,2560\" data-comments-opened=\"0\" data-image-meta=\"{&quot;aperture&quot;:&quot;0&quot;,&quot;credit&quot;:&quot;&quot;,&quot;camera&quot;:&quot;&quot;,&quot;caption&quot;:&quot;&quot;,&quot;created_timestamp&quot;:&quot;0&quot;,&quot;copyright&quot;:&quot;&quot;,&quot;focal_length&quot;:&quot;0&quot;,&quot;iso&quot;:&quot;0&quot;,&quot;shutter_speed&quot;:&quot;0&quot;,&quot;title&quot;:&quot;&quot;,&quot;orientation&quot;:&quot;1&quot;}\" data-image-title=\"4BD3031C-E761-4A9F-B609-0CF0AAD7AEC7\" data-image-description=\"\" data-image-caption=\"\" data-large-file=\"https:\/\/www.cisa-arica.cl\/wp1\/wp-content\/uploads\/2023\/11\/4BD3031C-E761-4A9F-B609-0CF0AAD7AEC7-450x600.jpeg\" data-attachment-id=\"23156\" data-permalink=\"https:\/\/www.cisa-arica.cl\/wp1\/2023\/11\/10\/visita-al-hogar-de-ancianos-hermanitas-de-los-pobres\/4bd3031c-e761-4a9f-b609-0cf0aad7aec7\/\" data-orig-file=\"https:\/\/www.cisa-arica.cl\/wp1\/wp-content\/uploads\/2023\/11\/4BD3031C-E761-4A9F-B609-0CF0AAD7AEC7-scaled.jpeg\" data-orig-size=\"1920,2560\" data-comments-opened=\"0\" data-image-meta=\"{&quot;aperture&quot;:&quot;0&quot;,&quot;credit&quot;:&quot;&quot;,&quot;camera&quot;:&quot;&quot;,&quot;caption&quot;:&quot;&quot;,&quot;created_timestamp&quot;:&quot;0&quot;,&quot;copyright&quot;:&quot;&quot;,&quot;focal_length&quot;:&quot;0&quot;,&quot;iso&quot;:&quot;0&quot;,&quot;shutter_speed&quot;:&quot;0&quot;,&quot;title&quot;:&quot;&quot;,&quot;orientation&quot;:&quot;1&quot;}\" data-image-title=\"4BD3031C-E761-4A9F-B609-0CF0AAD7AEC7\" data-image-description=\"\" data-image-caption=\"\" data-large-file=\"https:\/\/www.cisa-arica.cl\/wp1\/wp-content\/uploads\/2023\/11\/4BD3031C-E761-4A9F-B609-0CF0AAD7AEC7-450x600.jpeg\" role=\"button\" tabindex=\"0\" aria-label=\"Abrir la imagen 16 de 30 en pantalla completa\"srcset=\"https:\/\/i2.wp.com\/www.cisa-arica.cl\/wp1\/wp-content\/uploads\/2023\/11\/4BD3031C-E761-4A9F-B609-0CF0AAD7AEC7-450x600.jpeg?strip=info&#038;w=600&#038;ssl=1 600w,https:\/\/i2.wp.com\/www.cisa-arica.cl\/wp1\/wp-content\/uploads\/2023\/11\/4BD3031C-E761-4A9F-B609-0CF0AAD7AEC7-450x600.jpeg?strip=info&#038;w=900&#038;ssl=1 900w,https:\/\/i2.wp.com\/www.cisa-arica.cl\/wp1\/wp-content\/uploads\/2023\/11\/4BD3031C-E761-4A9F-B609-0CF0AAD7AEC7-450x600.jpeg?strip=info&#038;w=1200&#038;ssl=1 1200w,https:\/\/i2.wp.com\/www.cisa-arica.cl\/wp1\/wp-content\/uploads\/2023\/11\/4BD3031C-E761-4A9F-B609-0CF0AAD7AEC7-450x600.jpeg?strip=info&#038;w=1500&#038;ssl=1 1500w,https:\/\/i2.wp.com\/www.cisa-arica.cl\/wp1\/wp-content\/uploads\/2023\/11\/4BD3031C-E761-4A9F-B609-0CF0AAD7AEC7-450x600.jpeg?strip=info&#038;w=1800&#038;ssl=1 1800w,https:\/\/i2.wp.com\/www.cisa-arica.cl\/wp1\/wp-content\/uploads\/2023\/11\/4BD3031C-E761-4A9F-B609-0CF0AAD7AEC7-450x600.jpeg?strip=info&#038;w=1920&#038;ssl=1 1920w\" alt=\"\" data-height=\"2560\" data-id=\"23156\" data-link=\"https:\/\/www.cisa-arica.cl\/wp1\/?attachment_id=23156\" data-url=\"https:\/\/www.cisa-arica.cl\/wp1\/wp-content\/uploads\/2023\/11\/4BD3031C-E761-4A9F-B609-0CF0AAD7AEC7-450x600.jpeg\" data-width=\"1920\" src=\"https:\/\/i2.wp.com\/www.cisa-arica.cl\/wp1\/wp-content\/uploads\/2023\/11\/4BD3031C-E761-4A9F-B609-0CF0AAD7AEC7-450x600.jpeg?ssl=1\" data-amp-layout=\"responsive\"\/><\/figure><\/div><div class=\"tiled-gallery__col\" style=\"flex-basis:38.96511%\"><figure class=\"tiled-gallery__item\"><img decoding=\"async\" data-attachment-id=\"23157\" data-permalink=\"https:\/\/www.cisa-arica.cl\/wp1\/2023\/11\/10\/visita-al-hogar-de-ancianos-hermanitas-de-los-pobres\/7a9492af-bf5e-4e2d-bfb1-a30c920ac751\/\" data-orig-file=\"https:\/\/www.cisa-arica.cl\/wp1\/wp-content\/uploads\/2023\/11\/7A9492AF-BF5E-4E2D-BFB1-A30C920AC751-scaled.jpeg\" data-orig-size=\"2560,1920\" data-comments-opened=\"0\" data-image-meta=\"{&quot;aperture&quot;:&quot;0&quot;,&quot;credit&quot;:&quot;&quot;,&quot;camera&quot;:&quot;&quot;,&quot;caption&quot;:&quot;&quot;,&quot;created_timestamp&quot;:&quot;0&quot;,&quot;copyright&quot;:&quot;&quot;,&quot;focal_length&quot;:&quot;0&quot;,&quot;iso&quot;:&quot;0&quot;,&quot;shutter_speed&quot;:&quot;0&quot;,&quot;title&quot;:&quot;&quot;,&quot;orientation&quot;:&quot;1&quot;}\" data-image-title=\"7A9492AF-BF5E-4E2D-BFB1-A30C920AC751\" data-image-description=\"\" data-image-caption=\"\" data-large-file=\"https:\/\/www.cisa-arica.cl\/wp1\/wp-content\/uploads\/2023\/11\/7A9492AF-BF5E-4E2D-BFB1-A30C920AC751-600x450.jpeg\" data-attachment-id=\"23157\" data-permalink=\"https:\/\/www.cisa-arica.cl\/wp1\/2023\/11\/10\/visita-al-hogar-de-ancianos-hermanitas-de-los-pobres\/7a9492af-bf5e-4e2d-bfb1-a30c920ac751\/\" data-orig-file=\"https:\/\/www.cisa-arica.cl\/wp1\/wp-content\/uploads\/2023\/11\/7A9492AF-BF5E-4E2D-BFB1-A30C920AC751-scaled.jpeg\" data-orig-size=\"2560,1920\" data-comments-opened=\"0\" data-image-meta=\"{&quot;aperture&quot;:&quot;0&quot;,&quot;credit&quot;:&quot;&quot;,&quot;camera&quot;:&quot;&quot;,&quot;caption&quot;:&quot;&quot;,&quot;created_timestamp&quot;:&quot;0&quot;,&quot;copyright&quot;:&quot;&quot;,&quot;focal_length&quot;:&quot;0&quot;,&quot;iso&quot;:&quot;0&quot;,&quot;shutter_speed&quot;:&quot;0&quot;,&quot;title&quot;:&quot;&quot;,&quot;orientation&quot;:&quot;1&quot;}\" data-image-title=\"7A9492AF-BF5E-4E2D-BFB1-A30C920AC751\" data-image-description=\"\" data-image-caption=\"\" data-large-file=\"https:\/\/www.cisa-arica.cl\/wp1\/wp-content\/uploads\/2023\/11\/7A9492AF-BF5E-4E2D-BFB1-A30C920AC751-600x450.jpeg\" role=\"button\" tabindex=\"0\" aria-label=\"Abrir la imagen 17 de 30 en pantalla completa\"srcset=\"https:\/\/i2.wp.com\/www.cisa-arica.cl\/wp1\/wp-content\/uploads\/2023\/11\/7A9492AF-BF5E-4E2D-BFB1-A30C920AC751-600x450.jpeg?strip=info&#038;w=600&#038;ssl=1 600w,https:\/\/i2.wp.com\/www.cisa-arica.cl\/wp1\/wp-content\/uploads\/2023\/11\/7A9492AF-BF5E-4E2D-BFB1-A30C920AC751-600x450.jpeg?strip=info&#038;w=900&#038;ssl=1 900w,https:\/\/i2.wp.com\/www.cisa-arica.cl\/wp1\/wp-content\/uploads\/2023\/11\/7A9492AF-BF5E-4E2D-BFB1-A30C920AC751-600x450.jpeg?strip=info&#038;w=1200&#038;ssl=1 1200w,https:\/\/i2.wp.com\/www.cisa-arica.cl\/wp1\/wp-content\/uploads\/2023\/11\/7A9492AF-BF5E-4E2D-BFB1-A30C920AC751-600x450.jpeg?strip=info&#038;w=1500&#038;ssl=1 1500w,https:\/\/i2.wp.com\/www.cisa-arica.cl\/wp1\/wp-content\/uploads\/2023\/11\/7A9492AF-BF5E-4E2D-BFB1-A30C920AC751-600x450.jpeg?strip=info&#038;w=1800&#038;ssl=1 1800w,https:\/\/i2.wp.com\/www.cisa-arica.cl\/wp1\/wp-content\/uploads\/2023\/11\/7A9492AF-BF5E-4E2D-BFB1-A30C920AC751-600x450.jpeg?strip=info&#038;w=2000&#038;ssl=1 2000w\" alt=\"\" data-height=\"1920\" data-id=\"23157\" data-link=\"https:\/\/www.cisa-arica.cl\/wp1\/?attachment_id=23157\" data-url=\"https:\/\/www.cisa-arica.cl\/wp1\/wp-content\/uploads\/2023\/11\/7A9492AF-BF5E-4E2D-BFB1-A30C920AC751-600x450.jpeg\" data-width=\"2560\" src=\"https:\/\/i2.wp.com\/www.cisa-arica.cl\/wp1\/wp-content\/uploads\/2023\/11\/7A9492AF-BF5E-4E2D-BFB1-A30C920AC751-600x450.jpeg?ssl=1\" data-amp-layout=\"responsive\"\/><\/figure><\/div><\/div><div class=\"tiled-gallery__row\"><div class=\"tiled-gallery__col\" style=\"flex-basis:46.67567%\"><figure class=\"tiled-gallery__item\"><img decoding=\"async\" data-attachment-id=\"23158\" data-permalink=\"https:\/\/www.cisa-arica.cl\/wp1\/2023\/11\/10\/visita-al-hogar-de-ancianos-hermanitas-de-los-pobres\/2bc0fe18-f15e-463c-8c8b-047c433f6d23\/\" data-orig-file=\"https:\/\/www.cisa-arica.cl\/wp1\/wp-content\/uploads\/2023\/11\/2BC0FE18-F15E-463C-8C8B-047C433F6D23-scaled.jpeg\" data-orig-size=\"2560,1920\" data-comments-opened=\"0\" data-image-meta=\"{&quot;aperture&quot;:&quot;0&quot;,&quot;credit&quot;:&quot;&quot;,&quot;camera&quot;:&quot;&quot;,&quot;caption&quot;:&quot;&quot;,&quot;created_timestamp&quot;:&quot;0&quot;,&quot;copyright&quot;:&quot;&quot;,&quot;focal_length&quot;:&quot;0&quot;,&quot;iso&quot;:&quot;0&quot;,&quot;shutter_speed&quot;:&quot;0&quot;,&quot;title&quot;:&quot;&quot;,&quot;orientation&quot;:&quot;1&quot;}\" data-image-title=\"2BC0FE18-F15E-463C-8C8B-047C433F6D23\" data-image-description=\"\" data-image-caption=\"\" data-large-file=\"https:\/\/www.cisa-arica.cl\/wp1\/wp-content\/uploads\/2023\/11\/2BC0FE18-F15E-463C-8C8B-047C433F6D23-600x450.jpeg\" data-attachment-id=\"23158\" data-permalink=\"https:\/\/www.cisa-arica.cl\/wp1\/2023\/11\/10\/visita-al-hogar-de-ancianos-hermanitas-de-los-pobres\/2bc0fe18-f15e-463c-8c8b-047c433f6d23\/\" data-orig-file=\"https:\/\/www.cisa-arica.cl\/wp1\/wp-content\/uploads\/2023\/11\/2BC0FE18-F15E-463C-8C8B-047C433F6D23-scaled.jpeg\" data-orig-size=\"2560,1920\" data-comments-opened=\"0\" data-image-meta=\"{&quot;aperture&quot;:&quot;0&quot;,&quot;credit&quot;:&quot;&quot;,&quot;camera&quot;:&quot;&quot;,&quot;caption&quot;:&quot;&quot;,&quot;created_timestamp&quot;:&quot;0&quot;,&quot;copyright&quot;:&quot;&quot;,&quot;focal_length&quot;:&quot;0&quot;,&quot;iso&quot;:&quot;0&quot;,&quot;shutter_speed&quot;:&quot;0&quot;,&quot;title&quot;:&quot;&quot;,&quot;orientation&quot;:&quot;1&quot;}\" data-image-title=\"2BC0FE18-F15E-463C-8C8B-047C433F6D23\" data-image-description=\"\" data-image-caption=\"\" data-large-file=\"https:\/\/www.cisa-arica.cl\/wp1\/wp-content\/uploads\/2023\/11\/2BC0FE18-F15E-463C-8C8B-047C433F6D23-600x450.jpeg\" role=\"button\" tabindex=\"0\" aria-label=\"Abrir la imagen 18 de 30 en pantalla completa\"srcset=\"https:\/\/i2.wp.com\/www.cisa-arica.cl\/wp1\/wp-content\/uploads\/2023\/11\/2BC0FE18-F15E-463C-8C8B-047C433F6D23-600x450.jpeg?strip=info&#038;w=600&#038;ssl=1 600w,https:\/\/i2.wp.com\/www.cisa-arica.cl\/wp1\/wp-content\/uploads\/2023\/11\/2BC0FE18-F15E-463C-8C8B-047C433F6D23-600x450.jpeg?strip=info&#038;w=900&#038;ssl=1 900w,https:\/\/i2.wp.com\/www.cisa-arica.cl\/wp1\/wp-content\/uploads\/2023\/11\/2BC0FE18-F15E-463C-8C8B-047C433F6D23-600x450.jpeg?strip=info&#038;w=1200&#038;ssl=1 1200w,https:\/\/i2.wp.com\/www.cisa-arica.cl\/wp1\/wp-content\/uploads\/2023\/11\/2BC0FE18-F15E-463C-8C8B-047C433F6D23-600x450.jpeg?strip=info&#038;w=1500&#038;ssl=1 1500w,https:\/\/i2.wp.com\/www.cisa-arica.cl\/wp1\/wp-content\/uploads\/2023\/11\/2BC0FE18-F15E-463C-8C8B-047C433F6D23-600x450.jpeg?strip=info&#038;w=1800&#038;ssl=1 1800w,https:\/\/i2.wp.com\/www.cisa-arica.cl\/wp1\/wp-content\/uploads\/2023\/11\/2BC0FE18-F15E-463C-8C8B-047C433F6D23-600x450.jpeg?strip=info&#038;w=2000&#038;ssl=1 2000w\" alt=\"\" data-height=\"1920\" data-id=\"23158\" data-link=\"https:\/\/www.cisa-arica.cl\/wp1\/?attachment_id=23158\" data-url=\"https:\/\/www.cisa-arica.cl\/wp1\/wp-content\/uploads\/2023\/11\/2BC0FE18-F15E-463C-8C8B-047C433F6D23-600x450.jpeg\" data-width=\"2560\" src=\"https:\/\/i2.wp.com\/www.cisa-arica.cl\/wp1\/wp-content\/uploads\/2023\/11\/2BC0FE18-F15E-463C-8C8B-047C433F6D23-600x450.jpeg?ssl=1\" data-amp-layout=\"responsive\"\/><\/figure><figure class=\"tiled-gallery__item\"><img decoding=\"async\" data-attachment-id=\"23159\" data-permalink=\"https:\/\/www.cisa-arica.cl\/wp1\/2023\/11\/10\/visita-al-hogar-de-ancianos-hermanitas-de-los-pobres\/86958375-719e-4435-a0bb-61f1c1d5e434\/\" data-orig-file=\"https:\/\/www.cisa-arica.cl\/wp1\/wp-content\/uploads\/2023\/11\/86958375-719E-4435-A0BB-61F1C1D5E434-scaled.jpeg\" data-orig-size=\"2560,1920\" data-comments-opened=\"0\" data-image-meta=\"{&quot;aperture&quot;:&quot;0&quot;,&quot;credit&quot;:&quot;&quot;,&quot;camera&quot;:&quot;&quot;,&quot;caption&quot;:&quot;&quot;,&quot;created_timestamp&quot;:&quot;0&quot;,&quot;copyright&quot;:&quot;&quot;,&quot;focal_length&quot;:&quot;0&quot;,&quot;iso&quot;:&quot;0&quot;,&quot;shutter_speed&quot;:&quot;0&quot;,&quot;title&quot;:&quot;&quot;,&quot;orientation&quot;:&quot;1&quot;}\" data-image-title=\"86958375-719E-4435-A0BB-61F1C1D5E434\" data-image-description=\"\" data-image-caption=\"\" data-large-file=\"https:\/\/www.cisa-arica.cl\/wp1\/wp-content\/uploads\/2023\/11\/86958375-719E-4435-A0BB-61F1C1D5E434-600x450.jpeg\" data-attachment-id=\"23159\" data-permalink=\"https:\/\/www.cisa-arica.cl\/wp1\/2023\/11\/10\/visita-al-hogar-de-ancianos-hermanitas-de-los-pobres\/86958375-719e-4435-a0bb-61f1c1d5e434\/\" data-orig-file=\"https:\/\/www.cisa-arica.cl\/wp1\/wp-content\/uploads\/2023\/11\/86958375-719E-4435-A0BB-61F1C1D5E434-scaled.jpeg\" data-orig-size=\"2560,1920\" data-comments-opened=\"0\" data-image-meta=\"{&quot;aperture&quot;:&quot;0&quot;,&quot;credit&quot;:&quot;&quot;,&quot;camera&quot;:&quot;&quot;,&quot;caption&quot;:&quot;&quot;,&quot;created_timestamp&quot;:&quot;0&quot;,&quot;copyright&quot;:&quot;&quot;,&quot;focal_length&quot;:&quot;0&quot;,&quot;iso&quot;:&quot;0&quot;,&quot;shutter_speed&quot;:&quot;0&quot;,&quot;title&quot;:&quot;&quot;,&quot;orientation&quot;:&quot;1&quot;}\" data-image-title=\"86958375-719E-4435-A0BB-61F1C1D5E434\" data-image-description=\"\" data-image-caption=\"\" data-large-file=\"https:\/\/www.cisa-arica.cl\/wp1\/wp-content\/uploads\/2023\/11\/86958375-719E-4435-A0BB-61F1C1D5E434-600x450.jpeg\" role=\"button\" tabindex=\"0\" aria-label=\"Abrir la imagen 19 de 30 en pantalla completa\"srcset=\"https:\/\/i1.wp.com\/www.cisa-arica.cl\/wp1\/wp-content\/uploads\/2023\/11\/86958375-719E-4435-A0BB-61F1C1D5E434-600x450.jpeg?strip=info&#038;w=600&#038;ssl=1 600w,https:\/\/i1.wp.com\/www.cisa-arica.cl\/wp1\/wp-content\/uploads\/2023\/11\/86958375-719E-4435-A0BB-61F1C1D5E434-600x450.jpeg?strip=info&#038;w=900&#038;ssl=1 900w,https:\/\/i1.wp.com\/www.cisa-arica.cl\/wp1\/wp-content\/uploads\/2023\/11\/86958375-719E-4435-A0BB-61F1C1D5E434-600x450.jpeg?strip=info&#038;w=1200&#038;ssl=1 1200w,https:\/\/i1.wp.com\/www.cisa-arica.cl\/wp1\/wp-content\/uploads\/2023\/11\/86958375-719E-4435-A0BB-61F1C1D5E434-600x450.jpeg?strip=info&#038;w=1500&#038;ssl=1 1500w,https:\/\/i1.wp.com\/www.cisa-arica.cl\/wp1\/wp-content\/uploads\/2023\/11\/86958375-719E-4435-A0BB-61F1C1D5E434-600x450.jpeg?strip=info&#038;w=1800&#038;ssl=1 1800w,https:\/\/i1.wp.com\/www.cisa-arica.cl\/wp1\/wp-content\/uploads\/2023\/11\/86958375-719E-4435-A0BB-61F1C1D5E434-600x450.jpeg?strip=info&#038;w=2000&#038;ssl=1 2000w\" alt=\"\" data-height=\"1920\" data-id=\"23159\" data-link=\"https:\/\/www.cisa-arica.cl\/wp1\/?attachment_id=23159\" data-url=\"https:\/\/www.cisa-arica.cl\/wp1\/wp-content\/uploads\/2023\/11\/86958375-719E-4435-A0BB-61F1C1D5E434-600x450.jpeg\" data-width=\"2560\" src=\"https:\/\/i1.wp.com\/www.cisa-arica.cl\/wp1\/wp-content\/uploads\/2023\/11\/86958375-719E-4435-A0BB-61F1C1D5E434-600x450.jpeg?ssl=1\" data-amp-layout=\"responsive\"\/><\/figure><\/div><div class=\"tiled-gallery__col\" style=\"flex-basis:53.32433%\"><figure class=\"tiled-gallery__item\"><img decoding=\"async\" data-attachment-id=\"23160\" data-permalink=\"https:\/\/www.cisa-arica.cl\/wp1\/2023\/11\/10\/visita-al-hogar-de-ancianos-hermanitas-de-los-pobres\/7a38298f-dc77-42e6-b635-08dab6dc8f09\/\" data-orig-file=\"https:\/\/www.cisa-arica.cl\/wp1\/wp-content\/uploads\/2023\/11\/7A38298F-DC77-42E6-B635-08DAB6DC8F09-scaled.jpeg\" data-orig-size=\"1920,2560\" data-comments-opened=\"0\" data-image-meta=\"{&quot;aperture&quot;:&quot;0&quot;,&quot;credit&quot;:&quot;&quot;,&quot;camera&quot;:&quot;&quot;,&quot;caption&quot;:&quot;&quot;,&quot;created_timestamp&quot;:&quot;0&quot;,&quot;copyright&quot;:&quot;&quot;,&quot;focal_length&quot;:&quot;0&quot;,&quot;iso&quot;:&quot;0&quot;,&quot;shutter_speed&quot;:&quot;0&quot;,&quot;title&quot;:&quot;&quot;,&quot;orientation&quot;:&quot;1&quot;}\" data-image-title=\"7A38298F-DC77-42E6-B635-08DAB6DC8F09\" data-image-description=\"\" data-image-caption=\"\" data-large-file=\"https:\/\/www.cisa-arica.cl\/wp1\/wp-content\/uploads\/2023\/11\/7A38298F-DC77-42E6-B635-08DAB6DC8F09-450x600.jpeg\" data-attachment-id=\"23160\" data-permalink=\"https:\/\/www.cisa-arica.cl\/wp1\/2023\/11\/10\/visita-al-hogar-de-ancianos-hermanitas-de-los-pobres\/7a38298f-dc77-42e6-b635-08dab6dc8f09\/\" data-orig-file=\"https:\/\/www.cisa-arica.cl\/wp1\/wp-content\/uploads\/2023\/11\/7A38298F-DC77-42E6-B635-08DAB6DC8F09-scaled.jpeg\" data-orig-size=\"1920,2560\" data-comments-opened=\"0\" data-image-meta=\"{&quot;aperture&quot;:&quot;0&quot;,&quot;credit&quot;:&quot;&quot;,&quot;camera&quot;:&quot;&quot;,&quot;caption&quot;:&quot;&quot;,&quot;created_timestamp&quot;:&quot;0&quot;,&quot;copyright&quot;:&quot;&quot;,&quot;focal_length&quot;:&quot;0&quot;,&quot;iso&quot;:&quot;0&quot;,&quot;shutter_speed&quot;:&quot;0&quot;,&quot;title&quot;:&quot;&quot;,&quot;orientation&quot;:&quot;1&quot;}\" data-image-title=\"7A38298F-DC77-42E6-B635-08DAB6DC8F09\" data-image-description=\"\" data-image-caption=\"\" data-large-file=\"https:\/\/www.cisa-arica.cl\/wp1\/wp-content\/uploads\/2023\/11\/7A38298F-DC77-42E6-B635-08DAB6DC8F09-450x600.jpeg\" role=\"button\" tabindex=\"0\" aria-label=\"Abrir la imagen 20 de 30 en pantalla completa\"srcset=\"https:\/\/i1.wp.com\/www.cisa-arica.cl\/wp1\/wp-content\/uploads\/2023\/11\/7A38298F-DC77-42E6-B635-08DAB6DC8F09-450x600.jpeg?strip=info&#038;w=600&#038;ssl=1 600w,https:\/\/i1.wp.com\/www.cisa-arica.cl\/wp1\/wp-content\/uploads\/2023\/11\/7A38298F-DC77-42E6-B635-08DAB6DC8F09-450x600.jpeg?strip=info&#038;w=900&#038;ssl=1 900w,https:\/\/i1.wp.com\/www.cisa-arica.cl\/wp1\/wp-content\/uploads\/2023\/11\/7A38298F-DC77-42E6-B635-08DAB6DC8F09-450x600.jpeg?strip=info&#038;w=1200&#038;ssl=1 1200w,https:\/\/i1.wp.com\/www.cisa-arica.cl\/wp1\/wp-content\/uploads\/2023\/11\/7A38298F-DC77-42E6-B635-08DAB6DC8F09-450x600.jpeg?strip=info&#038;w=1500&#038;ssl=1 1500w,https:\/\/i1.wp.com\/www.cisa-arica.cl\/wp1\/wp-content\/uploads\/2023\/11\/7A38298F-DC77-42E6-B635-08DAB6DC8F09-450x600.jpeg?strip=info&#038;w=1800&#038;ssl=1 1800w,https:\/\/i1.wp.com\/www.cisa-arica.cl\/wp1\/wp-content\/uploads\/2023\/11\/7A38298F-DC77-42E6-B635-08DAB6DC8F09-450x600.jpeg?strip=info&#038;w=1920&#038;ssl=1 1920w\" alt=\"\" data-height=\"2560\" data-id=\"23160\" data-link=\"https:\/\/www.cisa-arica.cl\/wp1\/?attachment_id=23160\" data-url=\"https:\/\/www.cisa-arica.cl\/wp1\/wp-content\/uploads\/2023\/11\/7A38298F-DC77-42E6-B635-08DAB6DC8F09-450x600.jpeg\" data-width=\"1920\" src=\"https:\/\/i1.wp.com\/www.cisa-arica.cl\/wp1\/wp-content\/uploads\/2023\/11\/7A38298F-DC77-42E6-B635-08DAB6DC8F09-450x600.jpeg?ssl=1\" data-amp-layout=\"responsive\"\/><\/figure><\/div><\/div><div class=\"tiled-gallery__row\"><div class=\"tiled-gallery__col\" style=\"flex-basis:50.00000%\"><figure class=\"tiled-gallery__item\"><img decoding=\"async\" data-attachment-id=\"23161\" data-permalink=\"https:\/\/www.cisa-arica.cl\/wp1\/2023\/11\/10\/visita-al-hogar-de-ancianos-hermanitas-de-los-pobres\/64f9966f-5979-4792-a3b7-8e8eaf871572\/\" data-orig-file=\"https:\/\/www.cisa-arica.cl\/wp1\/wp-content\/uploads\/2023\/11\/64F9966F-5979-4792-A3B7-8E8EAF871572-scaled.jpeg\" data-orig-size=\"1920,2560\" data-comments-opened=\"0\" data-image-meta=\"{&quot;aperture&quot;:&quot;0&quot;,&quot;credit&quot;:&quot;&quot;,&quot;camera&quot;:&quot;&quot;,&quot;caption&quot;:&quot;&quot;,&quot;created_timestamp&quot;:&quot;0&quot;,&quot;copyright&quot;:&quot;&quot;,&quot;focal_length&quot;:&quot;0&quot;,&quot;iso&quot;:&quot;0&quot;,&quot;shutter_speed&quot;:&quot;0&quot;,&quot;title&quot;:&quot;&quot;,&quot;orientation&quot;:&quot;1&quot;}\" data-image-title=\"64F9966F-5979-4792-A3B7-8E8EAF871572\" data-image-description=\"\" data-image-caption=\"\" data-large-file=\"https:\/\/www.cisa-arica.cl\/wp1\/wp-content\/uploads\/2023\/11\/64F9966F-5979-4792-A3B7-8E8EAF871572-450x600.jpeg\" data-attachment-id=\"23161\" data-permalink=\"https:\/\/www.cisa-arica.cl\/wp1\/2023\/11\/10\/visita-al-hogar-de-ancianos-hermanitas-de-los-pobres\/64f9966f-5979-4792-a3b7-8e8eaf871572\/\" data-orig-file=\"https:\/\/www.cisa-arica.cl\/wp1\/wp-content\/uploads\/2023\/11\/64F9966F-5979-4792-A3B7-8E8EAF871572-scaled.jpeg\" data-orig-size=\"1920,2560\" data-comments-opened=\"0\" data-image-meta=\"{&quot;aperture&quot;:&quot;0&quot;,&quot;credit&quot;:&quot;&quot;,&quot;camera&quot;:&quot;&quot;,&quot;caption&quot;:&quot;&quot;,&quot;created_timestamp&quot;:&quot;0&quot;,&quot;copyright&quot;:&quot;&quot;,&quot;focal_length&quot;:&quot;0&quot;,&quot;iso&quot;:&quot;0&quot;,&quot;shutter_speed&quot;:&quot;0&quot;,&quot;title&quot;:&quot;&quot;,&quot;orientation&quot;:&quot;1&quot;}\" data-image-title=\"64F9966F-5979-4792-A3B7-8E8EAF871572\" data-image-description=\"\" data-image-caption=\"\" data-large-file=\"https:\/\/www.cisa-arica.cl\/wp1\/wp-content\/uploads\/2023\/11\/64F9966F-5979-4792-A3B7-8E8EAF871572-450x600.jpeg\" role=\"button\" tabindex=\"0\" aria-label=\"Abrir la imagen 21 de 30 en pantalla completa\"srcset=\"https:\/\/i2.wp.com\/www.cisa-arica.cl\/wp1\/wp-content\/uploads\/2023\/11\/64F9966F-5979-4792-A3B7-8E8EAF871572-450x600.jpeg?strip=info&#038;w=600&#038;ssl=1 600w,https:\/\/i2.wp.com\/www.cisa-arica.cl\/wp1\/wp-content\/uploads\/2023\/11\/64F9966F-5979-4792-A3B7-8E8EAF871572-450x600.jpeg?strip=info&#038;w=900&#038;ssl=1 900w,https:\/\/i2.wp.com\/www.cisa-arica.cl\/wp1\/wp-content\/uploads\/2023\/11\/64F9966F-5979-4792-A3B7-8E8EAF871572-450x600.jpeg?strip=info&#038;w=1200&#038;ssl=1 1200w,https:\/\/i2.wp.com\/www.cisa-arica.cl\/wp1\/wp-content\/uploads\/2023\/11\/64F9966F-5979-4792-A3B7-8E8EAF871572-450x600.jpeg?strip=info&#038;w=1500&#038;ssl=1 1500w,https:\/\/i2.wp.com\/www.cisa-arica.cl\/wp1\/wp-content\/uploads\/2023\/11\/64F9966F-5979-4792-A3B7-8E8EAF871572-450x600.jpeg?strip=info&#038;w=1800&#038;ssl=1 1800w,https:\/\/i2.wp.com\/www.cisa-arica.cl\/wp1\/wp-content\/uploads\/2023\/11\/64F9966F-5979-4792-A3B7-8E8EAF871572-450x600.jpeg?strip=info&#038;w=1920&#038;ssl=1 1920w\" alt=\"\" data-height=\"2560\" data-id=\"23161\" data-link=\"https:\/\/www.cisa-arica.cl\/wp1\/?attachment_id=23161\" data-url=\"https:\/\/www.cisa-arica.cl\/wp1\/wp-content\/uploads\/2023\/11\/64F9966F-5979-4792-A3B7-8E8EAF871572-450x600.jpeg\" data-width=\"1920\" src=\"https:\/\/i2.wp.com\/www.cisa-arica.cl\/wp1\/wp-content\/uploads\/2023\/11\/64F9966F-5979-4792-A3B7-8E8EAF871572-450x600.jpeg?ssl=1\" data-amp-layout=\"responsive\"\/><\/figure><\/div><div class=\"tiled-gallery__col\" style=\"flex-basis:50.00000%\"><figure class=\"tiled-gallery__item\"><img decoding=\"async\" data-attachment-id=\"23162\" data-permalink=\"https:\/\/www.cisa-arica.cl\/wp1\/2023\/11\/10\/visita-al-hogar-de-ancianos-hermanitas-de-los-pobres\/d968250f-90d9-4cc7-b756-7065a55e3ab0\/\" data-orig-file=\"https:\/\/www.cisa-arica.cl\/wp1\/wp-content\/uploads\/2023\/11\/D968250F-90D9-4CC7-B756-7065A55E3AB0-scaled.jpeg\" data-orig-size=\"1920,2560\" data-comments-opened=\"0\" data-image-meta=\"{&quot;aperture&quot;:&quot;0&quot;,&quot;credit&quot;:&quot;&quot;,&quot;camera&quot;:&quot;&quot;,&quot;caption&quot;:&quot;&quot;,&quot;created_timestamp&quot;:&quot;0&quot;,&quot;copyright&quot;:&quot;&quot;,&quot;focal_length&quot;:&quot;0&quot;,&quot;iso&quot;:&quot;0&quot;,&quot;shutter_speed&quot;:&quot;0&quot;,&quot;title&quot;:&quot;&quot;,&quot;orientation&quot;:&quot;1&quot;}\" data-image-title=\"D968250F-90D9-4CC7-B756-7065A55E3AB0\" data-image-description=\"\" data-image-caption=\"\" data-large-file=\"https:\/\/www.cisa-arica.cl\/wp1\/wp-content\/uploads\/2023\/11\/D968250F-90D9-4CC7-B756-7065A55E3AB0-450x600.jpeg\" data-attachment-id=\"23162\" data-permalink=\"https:\/\/www.cisa-arica.cl\/wp1\/2023\/11\/10\/visita-al-hogar-de-ancianos-hermanitas-de-los-pobres\/d968250f-90d9-4cc7-b756-7065a55e3ab0\/\" data-orig-file=\"https:\/\/www.cisa-arica.cl\/wp1\/wp-content\/uploads\/2023\/11\/D968250F-90D9-4CC7-B756-7065A55E3AB0-scaled.jpeg\" data-orig-size=\"1920,2560\" data-comments-opened=\"0\" data-image-meta=\"{&quot;aperture&quot;:&quot;0&quot;,&quot;credit&quot;:&quot;&quot;,&quot;camera&quot;:&quot;&quot;,&quot;caption&quot;:&quot;&quot;,&quot;created_timestamp&quot;:&quot;0&quot;,&quot;copyright&quot;:&quot;&quot;,&quot;focal_length&quot;:&quot;0&quot;,&quot;iso&quot;:&quot;0&quot;,&quot;shutter_speed&quot;:&quot;0&quot;,&quot;title&quot;:&quot;&quot;,&quot;orientation&quot;:&quot;1&quot;}\" data-image-title=\"D968250F-90D9-4CC7-B756-7065A55E3AB0\" data-image-description=\"\" data-image-caption=\"\" data-large-file=\"https:\/\/www.cisa-arica.cl\/wp1\/wp-content\/uploads\/2023\/11\/D968250F-90D9-4CC7-B756-7065A55E3AB0-450x600.jpeg\" role=\"button\" tabindex=\"0\" aria-label=\"Abrir la imagen 22 de 30 en pantalla completa\"srcset=\"https:\/\/i2.wp.com\/www.cisa-arica.cl\/wp1\/wp-content\/uploads\/2023\/11\/D968250F-90D9-4CC7-B756-7065A55E3AB0-450x600.jpeg?strip=info&#038;w=600&#038;ssl=1 600w,https:\/\/i2.wp.com\/www.cisa-arica.cl\/wp1\/wp-content\/uploads\/2023\/11\/D968250F-90D9-4CC7-B756-7065A55E3AB0-450x600.jpeg?strip=info&#038;w=900&#038;ssl=1 900w,https:\/\/i2.wp.com\/www.cisa-arica.cl\/wp1\/wp-content\/uploads\/2023\/11\/D968250F-90D9-4CC7-B756-7065A55E3AB0-450x600.jpeg?strip=info&#038;w=1200&#038;ssl=1 1200w,https:\/\/i2.wp.com\/www.cisa-arica.cl\/wp1\/wp-content\/uploads\/2023\/11\/D968250F-90D9-4CC7-B756-7065A55E3AB0-450x600.jpeg?strip=info&#038;w=1500&#038;ssl=1 1500w,https:\/\/i2.wp.com\/www.cisa-arica.cl\/wp1\/wp-content\/uploads\/2023\/11\/D968250F-90D9-4CC7-B756-7065A55E3AB0-450x600.jpeg?strip=info&#038;w=1800&#038;ssl=1 1800w,https:\/\/i2.wp.com\/www.cisa-arica.cl\/wp1\/wp-content\/uploads\/2023\/11\/D968250F-90D9-4CC7-B756-7065A55E3AB0-450x600.jpeg?strip=info&#038;w=1920&#038;ssl=1 1920w\" alt=\"\" data-height=\"2560\" data-id=\"23162\" data-link=\"https:\/\/www.cisa-arica.cl\/wp1\/?attachment_id=23162\" data-url=\"https:\/\/www.cisa-arica.cl\/wp1\/wp-content\/uploads\/2023\/11\/D968250F-90D9-4CC7-B756-7065A55E3AB0-450x600.jpeg\" data-width=\"1920\" src=\"https:\/\/i2.wp.com\/www.cisa-arica.cl\/wp1\/wp-content\/uploads\/2023\/11\/D968250F-90D9-4CC7-B756-7065A55E3AB0-450x600.jpeg?ssl=1\" data-amp-layout=\"responsive\"\/><\/figure><\/div><\/div><div class=\"tiled-gallery__row\"><div class=\"tiled-gallery__col\" style=\"flex-basis:36.08785%\"><figure class=\"tiled-gallery__item\"><img decoding=\"async\" data-attachment-id=\"23163\" data-permalink=\"https:\/\/www.cisa-arica.cl\/wp1\/2023\/11\/10\/visita-al-hogar-de-ancianos-hermanitas-de-los-pobres\/6bc3b3c3-fdf9-4881-b42b-407291b6546d\/\" data-orig-file=\"https:\/\/www.cisa-arica.cl\/wp1\/wp-content\/uploads\/2023\/11\/6BC3B3C3-FDF9-4881-B42B-407291B6546D-scaled.jpeg\" data-orig-size=\"1920,2560\" data-comments-opened=\"0\" data-image-meta=\"{&quot;aperture&quot;:&quot;0&quot;,&quot;credit&quot;:&quot;&quot;,&quot;camera&quot;:&quot;&quot;,&quot;caption&quot;:&quot;&quot;,&quot;created_timestamp&quot;:&quot;0&quot;,&quot;copyright&quot;:&quot;&quot;,&quot;focal_length&quot;:&quot;0&quot;,&quot;iso&quot;:&quot;0&quot;,&quot;shutter_speed&quot;:&quot;0&quot;,&quot;title&quot;:&quot;&quot;,&quot;orientation&quot;:&quot;1&quot;}\" data-image-title=\"6BC3B3C3-FDF9-4881-B42B-407291B6546D\" data-image-description=\"\" data-image-caption=\"\" data-large-file=\"https:\/\/www.cisa-arica.cl\/wp1\/wp-content\/uploads\/2023\/11\/6BC3B3C3-FDF9-4881-B42B-407291B6546D-450x600.jpeg\" data-attachment-id=\"23163\" data-permalink=\"https:\/\/www.cisa-arica.cl\/wp1\/2023\/11\/10\/visita-al-hogar-de-ancianos-hermanitas-de-los-pobres\/6bc3b3c3-fdf9-4881-b42b-407291b6546d\/\" data-orig-file=\"https:\/\/www.cisa-arica.cl\/wp1\/wp-content\/uploads\/2023\/11\/6BC3B3C3-FDF9-4881-B42B-407291B6546D-scaled.jpeg\" data-orig-size=\"1920,2560\" data-comments-opened=\"0\" data-image-meta=\"{&quot;aperture&quot;:&quot;0&quot;,&quot;credit&quot;:&quot;&quot;,&quot;camera&quot;:&quot;&quot;,&quot;caption&quot;:&quot;&quot;,&quot;created_timestamp&quot;:&quot;0&quot;,&quot;copyright&quot;:&quot;&quot;,&quot;focal_length&quot;:&quot;0&quot;,&quot;iso&quot;:&quot;0&quot;,&quot;shutter_speed&quot;:&quot;0&quot;,&quot;title&quot;:&quot;&quot;,&quot;orientation&quot;:&quot;1&quot;}\" data-image-title=\"6BC3B3C3-FDF9-4881-B42B-407291B6546D\" data-image-description=\"\" data-image-caption=\"\" data-large-file=\"https:\/\/www.cisa-arica.cl\/wp1\/wp-content\/uploads\/2023\/11\/6BC3B3C3-FDF9-4881-B42B-407291B6546D-450x600.jpeg\" role=\"button\" tabindex=\"0\" aria-label=\"Abrir la imagen 23 de 30 en pantalla completa\"srcset=\"https:\/\/i2.wp.com\/www.cisa-arica.cl\/wp1\/wp-content\/uploads\/2023\/11\/6BC3B3C3-FDF9-4881-B42B-407291B6546D-450x600.jpeg?strip=info&#038;w=600&#038;ssl=1 600w,https:\/\/i2.wp.com\/www.cisa-arica.cl\/wp1\/wp-content\/uploads\/2023\/11\/6BC3B3C3-FDF9-4881-B42B-407291B6546D-450x600.jpeg?strip=info&#038;w=900&#038;ssl=1 900w,https:\/\/i2.wp.com\/www.cisa-arica.cl\/wp1\/wp-content\/uploads\/2023\/11\/6BC3B3C3-FDF9-4881-B42B-407291B6546D-450x600.jpeg?strip=info&#038;w=1200&#038;ssl=1 1200w,https:\/\/i2.wp.com\/www.cisa-arica.cl\/wp1\/wp-content\/uploads\/2023\/11\/6BC3B3C3-FDF9-4881-B42B-407291B6546D-450x600.jpeg?strip=info&#038;w=1500&#038;ssl=1 1500w,https:\/\/i2.wp.com\/www.cisa-arica.cl\/wp1\/wp-content\/uploads\/2023\/11\/6BC3B3C3-FDF9-4881-B42B-407291B6546D-450x600.jpeg?strip=info&#038;w=1800&#038;ssl=1 1800w,https:\/\/i2.wp.com\/www.cisa-arica.cl\/wp1\/wp-content\/uploads\/2023\/11\/6BC3B3C3-FDF9-4881-B42B-407291B6546D-450x600.jpeg?strip=info&#038;w=1920&#038;ssl=1 1920w\" alt=\"\" data-height=\"2560\" data-id=\"23163\" data-link=\"https:\/\/www.cisa-arica.cl\/wp1\/?attachment_id=23163\" data-url=\"https:\/\/www.cisa-arica.cl\/wp1\/wp-content\/uploads\/2023\/11\/6BC3B3C3-FDF9-4881-B42B-407291B6546D-450x600.jpeg\" data-width=\"1920\" src=\"https:\/\/i2.wp.com\/www.cisa-arica.cl\/wp1\/wp-content\/uploads\/2023\/11\/6BC3B3C3-FDF9-4881-B42B-407291B6546D-450x600.jpeg?ssl=1\" data-amp-layout=\"responsive\"\/><\/figure><\/div><div class=\"tiled-gallery__col\" style=\"flex-basis:63.91215%\"><figure class=\"tiled-gallery__item\"><img decoding=\"async\" data-attachment-id=\"23164\" data-permalink=\"https:\/\/www.cisa-arica.cl\/wp1\/2023\/11\/10\/visita-al-hogar-de-ancianos-hermanitas-de-los-pobres\/5047f4d5-fee0-4256-ab9e-62ab31716b6f\/\" data-orig-file=\"https:\/\/www.cisa-arica.cl\/wp1\/wp-content\/uploads\/2023\/11\/5047F4D5-FEE0-4256-AB9E-62AB31716B6F-scaled.jpeg\" data-orig-size=\"2560,1920\" data-comments-opened=\"0\" data-image-meta=\"{&quot;aperture&quot;:&quot;0&quot;,&quot;credit&quot;:&quot;&quot;,&quot;camera&quot;:&quot;&quot;,&quot;caption&quot;:&quot;&quot;,&quot;created_timestamp&quot;:&quot;0&quot;,&quot;copyright&quot;:&quot;&quot;,&quot;focal_length&quot;:&quot;0&quot;,&quot;iso&quot;:&quot;0&quot;,&quot;shutter_speed&quot;:&quot;0&quot;,&quot;title&quot;:&quot;&quot;,&quot;orientation&quot;:&quot;1&quot;}\" data-image-title=\"5047F4D5-FEE0-4256-AB9E-62AB31716B6F\" data-image-description=\"\" data-image-caption=\"\" data-large-file=\"https:\/\/www.cisa-arica.cl\/wp1\/wp-content\/uploads\/2023\/11\/5047F4D5-FEE0-4256-AB9E-62AB31716B6F-600x450.jpeg\" data-attachment-id=\"23164\" data-permalink=\"https:\/\/www.cisa-arica.cl\/wp1\/2023\/11\/10\/visita-al-hogar-de-ancianos-hermanitas-de-los-pobres\/5047f4d5-fee0-4256-ab9e-62ab31716b6f\/\" data-orig-file=\"https:\/\/www.cisa-arica.cl\/wp1\/wp-content\/uploads\/2023\/11\/5047F4D5-FEE0-4256-AB9E-62AB31716B6F-scaled.jpeg\" data-orig-size=\"2560,1920\" data-comments-opened=\"0\" data-image-meta=\"{&quot;aperture&quot;:&quot;0&quot;,&quot;credit&quot;:&quot;&quot;,&quot;camera&quot;:&quot;&quot;,&quot;caption&quot;:&quot;&quot;,&quot;created_timestamp&quot;:&quot;0&quot;,&quot;copyright&quot;:&quot;&quot;,&quot;focal_length&quot;:&quot;0&quot;,&quot;iso&quot;:&quot;0&quot;,&quot;shutter_speed&quot;:&quot;0&quot;,&quot;title&quot;:&quot;&quot;,&quot;orientation&quot;:&quot;1&quot;}\" data-image-title=\"5047F4D5-FEE0-4256-AB9E-62AB31716B6F\" data-image-description=\"\" data-image-caption=\"\" data-large-file=\"https:\/\/www.cisa-arica.cl\/wp1\/wp-content\/uploads\/2023\/11\/5047F4D5-FEE0-4256-AB9E-62AB31716B6F-600x450.jpeg\" role=\"button\" tabindex=\"0\" aria-label=\"Abrir la imagen 24 de 30 en pantalla completa\"srcset=\"https:\/\/i2.wp.com\/www.cisa-arica.cl\/wp1\/wp-content\/uploads\/2023\/11\/5047F4D5-FEE0-4256-AB9E-62AB31716B6F-600x450.jpeg?strip=info&#038;w=600&#038;ssl=1 600w,https:\/\/i2.wp.com\/www.cisa-arica.cl\/wp1\/wp-content\/uploads\/2023\/11\/5047F4D5-FEE0-4256-AB9E-62AB31716B6F-600x450.jpeg?strip=info&#038;w=900&#038;ssl=1 900w,https:\/\/i2.wp.com\/www.cisa-arica.cl\/wp1\/wp-content\/uploads\/2023\/11\/5047F4D5-FEE0-4256-AB9E-62AB31716B6F-600x450.jpeg?strip=info&#038;w=1200&#038;ssl=1 1200w,https:\/\/i2.wp.com\/www.cisa-arica.cl\/wp1\/wp-content\/uploads\/2023\/11\/5047F4D5-FEE0-4256-AB9E-62AB31716B6F-600x450.jpeg?strip=info&#038;w=1500&#038;ssl=1 1500w,https:\/\/i2.wp.com\/www.cisa-arica.cl\/wp1\/wp-content\/uploads\/2023\/11\/5047F4D5-FEE0-4256-AB9E-62AB31716B6F-600x450.jpeg?strip=info&#038;w=1800&#038;ssl=1 1800w,https:\/\/i2.wp.com\/www.cisa-arica.cl\/wp1\/wp-content\/uploads\/2023\/11\/5047F4D5-FEE0-4256-AB9E-62AB31716B6F-600x450.jpeg?strip=info&#038;w=2000&#038;ssl=1 2000w\" alt=\"\" data-height=\"1920\" data-id=\"23164\" data-link=\"https:\/\/www.cisa-arica.cl\/wp1\/?attachment_id=23164\" data-url=\"https:\/\/www.cisa-arica.cl\/wp1\/wp-content\/uploads\/2023\/11\/5047F4D5-FEE0-4256-AB9E-62AB31716B6F-600x450.jpeg\" data-width=\"2560\" src=\"https:\/\/i2.wp.com\/www.cisa-arica.cl\/wp1\/wp-content\/uploads\/2023\/11\/5047F4D5-FEE0-4256-AB9E-62AB31716B6F-600x450.jpeg?ssl=1\" data-amp-layout=\"responsive\"\/><\/figure><\/div><\/div><div class=\"tiled-gallery__row\"><div class=\"tiled-gallery__col\" style=\"flex-basis:50.00000%\"><figure class=\"tiled-gallery__item\"><img decoding=\"async\" data-attachment-id=\"23165\" data-permalink=\"https:\/\/www.cisa-arica.cl\/wp1\/2023\/11\/10\/visita-al-hogar-de-ancianos-hermanitas-de-los-pobres\/f33e0582-f811-4465-95ee-81f04784eeaa\/\" data-orig-file=\"https:\/\/www.cisa-arica.cl\/wp1\/wp-content\/uploads\/2023\/11\/F33E0582-F811-4465-95EE-81F04784EEAA-scaled.jpeg\" data-orig-size=\"1920,2560\" data-comments-opened=\"0\" data-image-meta=\"{&quot;aperture&quot;:&quot;0&quot;,&quot;credit&quot;:&quot;&quot;,&quot;camera&quot;:&quot;&quot;,&quot;caption&quot;:&quot;&quot;,&quot;created_timestamp&quot;:&quot;0&quot;,&quot;copyright&quot;:&quot;&quot;,&quot;focal_length&quot;:&quot;0&quot;,&quot;iso&quot;:&quot;0&quot;,&quot;shutter_speed&quot;:&quot;0&quot;,&quot;title&quot;:&quot;&quot;,&quot;orientation&quot;:&quot;1&quot;}\" data-image-title=\"F33E0582-F811-4465-95EE-81F04784EEAA\" data-image-description=\"\" data-image-caption=\"\" data-large-file=\"https:\/\/www.cisa-arica.cl\/wp1\/wp-content\/uploads\/2023\/11\/F33E0582-F811-4465-95EE-81F04784EEAA-450x600.jpeg\" data-attachment-id=\"23165\" data-permalink=\"https:\/\/www.cisa-arica.cl\/wp1\/2023\/11\/10\/visita-al-hogar-de-ancianos-hermanitas-de-los-pobres\/f33e0582-f811-4465-95ee-81f04784eeaa\/\" data-orig-file=\"https:\/\/www.cisa-arica.cl\/wp1\/wp-content\/uploads\/2023\/11\/F33E0582-F811-4465-95EE-81F04784EEAA-scaled.jpeg\" data-orig-size=\"1920,2560\" data-comments-opened=\"0\" data-image-meta=\"{&quot;aperture&quot;:&quot;0&quot;,&quot;credit&quot;:&quot;&quot;,&quot;camera&quot;:&quot;&quot;,&quot;caption&quot;:&quot;&quot;,&quot;created_timestamp&quot;:&quot;0&quot;,&quot;copyright&quot;:&quot;&quot;,&quot;focal_length&quot;:&quot;0&quot;,&quot;iso&quot;:&quot;0&quot;,&quot;shutter_speed&quot;:&quot;0&quot;,&quot;title&quot;:&quot;&quot;,&quot;orientation&quot;:&quot;1&quot;}\" data-image-title=\"F33E0582-F811-4465-95EE-81F04784EEAA\" data-image-description=\"\" data-image-caption=\"\" data-large-file=\"https:\/\/www.cisa-arica.cl\/wp1\/wp-content\/uploads\/2023\/11\/F33E0582-F811-4465-95EE-81F04784EEAA-450x600.jpeg\" role=\"button\" tabindex=\"0\" aria-label=\"Abrir la imagen 25 de 30 en pantalla completa\"srcset=\"https:\/\/i1.wp.com\/www.cisa-arica.cl\/wp1\/wp-content\/uploads\/2023\/11\/F33E0582-F811-4465-95EE-81F04784EEAA-450x600.jpeg?strip=info&#038;w=600&#038;ssl=1 600w,https:\/\/i1.wp.com\/www.cisa-arica.cl\/wp1\/wp-content\/uploads\/2023\/11\/F33E0582-F811-4465-95EE-81F04784EEAA-450x600.jpeg?strip=info&#038;w=900&#038;ssl=1 900w,https:\/\/i1.wp.com\/www.cisa-arica.cl\/wp1\/wp-content\/uploads\/2023\/11\/F33E0582-F811-4465-95EE-81F04784EEAA-450x600.jpeg?strip=info&#038;w=1200&#038;ssl=1 1200w,https:\/\/i1.wp.com\/www.cisa-arica.cl\/wp1\/wp-content\/uploads\/2023\/11\/F33E0582-F811-4465-95EE-81F04784EEAA-450x600.jpeg?strip=info&#038;w=1500&#038;ssl=1 1500w,https:\/\/i1.wp.com\/www.cisa-arica.cl\/wp1\/wp-content\/uploads\/2023\/11\/F33E0582-F811-4465-95EE-81F04784EEAA-450x600.jpeg?strip=info&#038;w=1800&#038;ssl=1 1800w,https:\/\/i1.wp.com\/www.cisa-arica.cl\/wp1\/wp-content\/uploads\/2023\/11\/F33E0582-F811-4465-95EE-81F04784EEAA-450x600.jpeg?strip=info&#038;w=1920&#038;ssl=1 1920w\" alt=\"\" data-height=\"2560\" data-id=\"23165\" data-link=\"https:\/\/www.cisa-arica.cl\/wp1\/?attachment_id=23165\" data-url=\"https:\/\/www.cisa-arica.cl\/wp1\/wp-content\/uploads\/2023\/11\/F33E0582-F811-4465-95EE-81F04784EEAA-450x600.jpeg\" data-width=\"1920\" src=\"https:\/\/i1.wp.com\/www.cisa-arica.cl\/wp1\/wp-content\/uploads\/2023\/11\/F33E0582-F811-4465-95EE-81F04784EEAA-450x600.jpeg?ssl=1\" data-amp-layout=\"responsive\"\/><\/figure><\/div><div class=\"tiled-gallery__col\" style=\"flex-basis:50.00000%\"><figure class=\"tiled-gallery__item\"><img decoding=\"async\" data-attachment-id=\"23166\" data-permalink=\"https:\/\/www.cisa-arica.cl\/wp1\/2023\/11\/10\/visita-al-hogar-de-ancianos-hermanitas-de-los-pobres\/58140631-7920-41ac-84a6-79f4706b7ff2\/\" data-orig-file=\"https:\/\/www.cisa-arica.cl\/wp1\/wp-content\/uploads\/2023\/11\/58140631-7920-41AC-84A6-79F4706B7FF2-scaled.jpeg\" data-orig-size=\"1920,2560\" data-comments-opened=\"0\" data-image-meta=\"{&quot;aperture&quot;:&quot;0&quot;,&quot;credit&quot;:&quot;&quot;,&quot;camera&quot;:&quot;&quot;,&quot;caption&quot;:&quot;&quot;,&quot;created_timestamp&quot;:&quot;0&quot;,&quot;copyright&quot;:&quot;&quot;,&quot;focal_length&quot;:&quot;0&quot;,&quot;iso&quot;:&quot;0&quot;,&quot;shutter_speed&quot;:&quot;0&quot;,&quot;title&quot;:&quot;&quot;,&quot;orientation&quot;:&quot;1&quot;}\" data-image-title=\"58140631-7920-41AC-84A6-79F4706B7FF2\" data-image-description=\"\" data-image-caption=\"\" data-large-file=\"https:\/\/www.cisa-arica.cl\/wp1\/wp-content\/uploads\/2023\/11\/58140631-7920-41AC-84A6-79F4706B7FF2-450x600.jpeg\" data-attachment-id=\"23166\" data-permalink=\"https:\/\/www.cisa-arica.cl\/wp1\/2023\/11\/10\/visita-al-hogar-de-ancianos-hermanitas-de-los-pobres\/58140631-7920-41ac-84a6-79f4706b7ff2\/\" data-orig-file=\"https:\/\/www.cisa-arica.cl\/wp1\/wp-content\/uploads\/2023\/11\/58140631-7920-41AC-84A6-79F4706B7FF2-scaled.jpeg\" data-orig-size=\"1920,2560\" data-comments-opened=\"0\" data-image-meta=\"{&quot;aperture&quot;:&quot;0&quot;,&quot;credit&quot;:&quot;&quot;,&quot;camera&quot;:&quot;&quot;,&quot;caption&quot;:&quot;&quot;,&quot;created_timestamp&quot;:&quot;0&quot;,&quot;copyright&quot;:&quot;&quot;,&quot;focal_length&quot;:&quot;0&quot;,&quot;iso&quot;:&quot;0&quot;,&quot;shutter_speed&quot;:&quot;0&quot;,&quot;title&quot;:&quot;&quot;,&quot;orientation&quot;:&quot;1&quot;}\" data-image-title=\"58140631-7920-41AC-84A6-79F4706B7FF2\" data-image-description=\"\" data-image-caption=\"\" data-large-file=\"https:\/\/www.cisa-arica.cl\/wp1\/wp-content\/uploads\/2023\/11\/58140631-7920-41AC-84A6-79F4706B7FF2-450x600.jpeg\" role=\"button\" tabindex=\"0\" aria-label=\"Abrir la imagen 26 de 30 en pantalla completa\"srcset=\"https:\/\/i2.wp.com\/www.cisa-arica.cl\/wp1\/wp-content\/uploads\/2023\/11\/58140631-7920-41AC-84A6-79F4706B7FF2-450x600.jpeg?strip=info&#038;w=600&#038;ssl=1 600w,https:\/\/i2.wp.com\/www.cisa-arica.cl\/wp1\/wp-content\/uploads\/2023\/11\/58140631-7920-41AC-84A6-79F4706B7FF2-450x600.jpeg?strip=info&#038;w=900&#038;ssl=1 900w,https:\/\/i2.wp.com\/www.cisa-arica.cl\/wp1\/wp-content\/uploads\/2023\/11\/58140631-7920-41AC-84A6-79F4706B7FF2-450x600.jpeg?strip=info&#038;w=1200&#038;ssl=1 1200w,https:\/\/i2.wp.com\/www.cisa-arica.cl\/wp1\/wp-content\/uploads\/2023\/11\/58140631-7920-41AC-84A6-79F4706B7FF2-450x600.jpeg?strip=info&#038;w=1500&#038;ssl=1 1500w,https:\/\/i2.wp.com\/www.cisa-arica.cl\/wp1\/wp-content\/uploads\/2023\/11\/58140631-7920-41AC-84A6-79F4706B7FF2-450x600.jpeg?strip=info&#038;w=1800&#038;ssl=1 1800w,https:\/\/i2.wp.com\/www.cisa-arica.cl\/wp1\/wp-content\/uploads\/2023\/11\/58140631-7920-41AC-84A6-79F4706B7FF2-450x600.jpeg?strip=info&#038;w=1920&#038;ssl=1 1920w\" alt=\"\" data-height=\"2560\" data-id=\"23166\" data-link=\"https:\/\/www.cisa-arica.cl\/wp1\/?attachment_id=23166\" data-url=\"https:\/\/www.cisa-arica.cl\/wp1\/wp-content\/uploads\/2023\/11\/58140631-7920-41AC-84A6-79F4706B7FF2-450x600.jpeg\" data-width=\"1920\" src=\"https:\/\/i2.wp.com\/www.cisa-arica.cl\/wp1\/wp-content\/uploads\/2023\/11\/58140631-7920-41AC-84A6-79F4706B7FF2-450x600.jpeg?ssl=1\" data-amp-layout=\"responsive\"\/><\/figure><\/div><\/div><div class=\"tiled-gallery__row\"><div class=\"tiled-gallery__col\" style=\"flex-basis:31.90998%\"><figure class=\"tiled-gallery__item\"><img decoding=\"async\" data-attachment-id=\"23167\" data-permalink=\"https:\/\/www.cisa-arica.cl\/wp1\/2023\/11\/10\/visita-al-hogar-de-ancianos-hermanitas-de-los-pobres\/599e4e66-6399-439d-ae0d-3c144f8db9b3\/\" data-orig-file=\"https:\/\/www.cisa-arica.cl\/wp1\/wp-content\/uploads\/2023\/11\/599E4E66-6399-439D-AE0D-3C144F8DB9B3-scaled.jpeg\" data-orig-size=\"2560,1920\" data-comments-opened=\"0\" data-image-meta=\"{&quot;aperture&quot;:&quot;0&quot;,&quot;credit&quot;:&quot;&quot;,&quot;camera&quot;:&quot;&quot;,&quot;caption&quot;:&quot;&quot;,&quot;created_timestamp&quot;:&quot;0&quot;,&quot;copyright&quot;:&quot;&quot;,&quot;focal_length&quot;:&quot;0&quot;,&quot;iso&quot;:&quot;0&quot;,&quot;shutter_speed&quot;:&quot;0&quot;,&quot;title&quot;:&quot;&quot;,&quot;orientation&quot;:&quot;1&quot;}\" data-image-title=\"599E4E66-6399-439D-AE0D-3C144F8DB9B3\" data-image-description=\"\" data-image-caption=\"\" data-large-file=\"https:\/\/www.cisa-arica.cl\/wp1\/wp-content\/uploads\/2023\/11\/599E4E66-6399-439D-AE0D-3C144F8DB9B3-600x450.jpeg\" data-attachment-id=\"23167\" data-permalink=\"https:\/\/www.cisa-arica.cl\/wp1\/2023\/11\/10\/visita-al-hogar-de-ancianos-hermanitas-de-los-pobres\/599e4e66-6399-439d-ae0d-3c144f8db9b3\/\" data-orig-file=\"https:\/\/www.cisa-arica.cl\/wp1\/wp-content\/uploads\/2023\/11\/599E4E66-6399-439D-AE0D-3C144F8DB9B3-scaled.jpeg\" data-orig-size=\"2560,1920\" data-comments-opened=\"0\" data-image-meta=\"{&quot;aperture&quot;:&quot;0&quot;,&quot;credit&quot;:&quot;&quot;,&quot;camera&quot;:&quot;&quot;,&quot;caption&quot;:&quot;&quot;,&quot;created_timestamp&quot;:&quot;0&quot;,&quot;copyright&quot;:&quot;&quot;,&quot;focal_length&quot;:&quot;0&quot;,&quot;iso&quot;:&quot;0&quot;,&quot;shutter_speed&quot;:&quot;0&quot;,&quot;title&quot;:&quot;&quot;,&quot;orientation&quot;:&quot;1&quot;}\" data-image-title=\"599E4E66-6399-439D-AE0D-3C144F8DB9B3\" data-image-description=\"\" data-image-caption=\"\" data-large-file=\"https:\/\/www.cisa-arica.cl\/wp1\/wp-content\/uploads\/2023\/11\/599E4E66-6399-439D-AE0D-3C144F8DB9B3-600x450.jpeg\" role=\"button\" tabindex=\"0\" aria-label=\"Abrir la imagen 27 de 30 en pantalla completa\"srcset=\"https:\/\/i0.wp.com\/www.cisa-arica.cl\/wp1\/wp-content\/uploads\/2023\/11\/599E4E66-6399-439D-AE0D-3C144F8DB9B3-600x450.jpeg?strip=info&#038;w=600&#038;ssl=1 600w,https:\/\/i0.wp.com\/www.cisa-arica.cl\/wp1\/wp-content\/uploads\/2023\/11\/599E4E66-6399-439D-AE0D-3C144F8DB9B3-600x450.jpeg?strip=info&#038;w=900&#038;ssl=1 900w,https:\/\/i0.wp.com\/www.cisa-arica.cl\/wp1\/wp-content\/uploads\/2023\/11\/599E4E66-6399-439D-AE0D-3C144F8DB9B3-600x450.jpeg?strip=info&#038;w=1200&#038;ssl=1 1200w,https:\/\/i0.wp.com\/www.cisa-arica.cl\/wp1\/wp-content\/uploads\/2023\/11\/599E4E66-6399-439D-AE0D-3C144F8DB9B3-600x450.jpeg?strip=info&#038;w=1500&#038;ssl=1 1500w,https:\/\/i0.wp.com\/www.cisa-arica.cl\/wp1\/wp-content\/uploads\/2023\/11\/599E4E66-6399-439D-AE0D-3C144F8DB9B3-600x450.jpeg?strip=info&#038;w=1800&#038;ssl=1 1800w,https:\/\/i0.wp.com\/www.cisa-arica.cl\/wp1\/wp-content\/uploads\/2023\/11\/599E4E66-6399-439D-AE0D-3C144F8DB9B3-600x450.jpeg?strip=info&#038;w=2000&#038;ssl=1 2000w\" alt=\"\" data-height=\"1920\" data-id=\"23167\" data-link=\"https:\/\/www.cisa-arica.cl\/wp1\/?attachment_id=23167\" data-url=\"https:\/\/www.cisa-arica.cl\/wp1\/wp-content\/uploads\/2023\/11\/599E4E66-6399-439D-AE0D-3C144F8DB9B3-600x450.jpeg\" data-width=\"2560\" src=\"https:\/\/i0.wp.com\/www.cisa-arica.cl\/wp1\/wp-content\/uploads\/2023\/11\/599E4E66-6399-439D-AE0D-3C144F8DB9B3-600x450.jpeg?ssl=1\" data-amp-layout=\"responsive\"\/><\/figure><\/div><div class=\"tiled-gallery__col\" style=\"flex-basis:18.09002%\"><figure class=\"tiled-gallery__item\"><img decoding=\"async\" data-attachment-id=\"23168\" data-permalink=\"https:\/\/www.cisa-arica.cl\/wp1\/2023\/11\/10\/visita-al-hogar-de-ancianos-hermanitas-de-los-pobres\/526ea5ad-6ea0-4ed3-b0eb-23027c38684f\/\" data-orig-file=\"https:\/\/www.cisa-arica.cl\/wp1\/wp-content\/uploads\/2023\/11\/526EA5AD-6EA0-4ED3-B0EB-23027C38684F-scaled.jpeg\" data-orig-size=\"1920,2560\" data-comments-opened=\"0\" data-image-meta=\"{&quot;aperture&quot;:&quot;0&quot;,&quot;credit&quot;:&quot;&quot;,&quot;camera&quot;:&quot;&quot;,&quot;caption&quot;:&quot;&quot;,&quot;created_timestamp&quot;:&quot;0&quot;,&quot;copyright&quot;:&quot;&quot;,&quot;focal_length&quot;:&quot;0&quot;,&quot;iso&quot;:&quot;0&quot;,&quot;shutter_speed&quot;:&quot;0&quot;,&quot;title&quot;:&quot;&quot;,&quot;orientation&quot;:&quot;1&quot;}\" data-image-title=\"526EA5AD-6EA0-4ED3-B0EB-23027C38684F\" data-image-description=\"\" data-image-caption=\"\" data-large-file=\"https:\/\/www.cisa-arica.cl\/wp1\/wp-content\/uploads\/2023\/11\/526EA5AD-6EA0-4ED3-B0EB-23027C38684F-450x600.jpeg\" data-attachment-id=\"23168\" data-permalink=\"https:\/\/www.cisa-arica.cl\/wp1\/2023\/11\/10\/visita-al-hogar-de-ancianos-hermanitas-de-los-pobres\/526ea5ad-6ea0-4ed3-b0eb-23027c38684f\/\" data-orig-file=\"https:\/\/www.cisa-arica.cl\/wp1\/wp-content\/uploads\/2023\/11\/526EA5AD-6EA0-4ED3-B0EB-23027C38684F-scaled.jpeg\" data-orig-size=\"1920,2560\" data-comments-opened=\"0\" data-image-meta=\"{&quot;aperture&quot;:&quot;0&quot;,&quot;credit&quot;:&quot;&quot;,&quot;camera&quot;:&quot;&quot;,&quot;caption&quot;:&quot;&quot;,&quot;created_timestamp&quot;:&quot;0&quot;,&quot;copyright&quot;:&quot;&quot;,&quot;focal_length&quot;:&quot;0&quot;,&quot;iso&quot;:&quot;0&quot;,&quot;shutter_speed&quot;:&quot;0&quot;,&quot;title&quot;:&quot;&quot;,&quot;orientation&quot;:&quot;1&quot;}\" data-image-title=\"526EA5AD-6EA0-4ED3-B0EB-23027C38684F\" data-image-description=\"\" data-image-caption=\"\" data-large-file=\"https:\/\/www.cisa-arica.cl\/wp1\/wp-content\/uploads\/2023\/11\/526EA5AD-6EA0-4ED3-B0EB-23027C38684F-450x600.jpeg\" role=\"button\" tabindex=\"0\" aria-label=\"Abrir la imagen 28 de 30 en pantalla completa\"srcset=\"https:\/\/i0.wp.com\/www.cisa-arica.cl\/wp1\/wp-content\/uploads\/2023\/11\/526EA5AD-6EA0-4ED3-B0EB-23027C38684F-450x600.jpeg?strip=info&#038;w=600&#038;ssl=1 600w,https:\/\/i0.wp.com\/www.cisa-arica.cl\/wp1\/wp-content\/uploads\/2023\/11\/526EA5AD-6EA0-4ED3-B0EB-23027C38684F-450x600.jpeg?strip=info&#038;w=900&#038;ssl=1 900w,https:\/\/i0.wp.com\/www.cisa-arica.cl\/wp1\/wp-content\/uploads\/2023\/11\/526EA5AD-6EA0-4ED3-B0EB-23027C38684F-450x600.jpeg?strip=info&#038;w=1200&#038;ssl=1 1200w,https:\/\/i0.wp.com\/www.cisa-arica.cl\/wp1\/wp-content\/uploads\/2023\/11\/526EA5AD-6EA0-4ED3-B0EB-23027C38684F-450x600.jpeg?strip=info&#038;w=1500&#038;ssl=1 1500w,https:\/\/i0.wp.com\/www.cisa-arica.cl\/wp1\/wp-content\/uploads\/2023\/11\/526EA5AD-6EA0-4ED3-B0EB-23027C38684F-450x600.jpeg?strip=info&#038;w=1800&#038;ssl=1 1800w,https:\/\/i0.wp.com\/www.cisa-arica.cl\/wp1\/wp-content\/uploads\/2023\/11\/526EA5AD-6EA0-4ED3-B0EB-23027C38684F-450x600.jpeg?strip=info&#038;w=1920&#038;ssl=1 1920w\" alt=\"\" data-height=\"2560\" data-id=\"23168\" data-link=\"https:\/\/www.cisa-arica.cl\/wp1\/?attachment_id=23168\" data-url=\"https:\/\/www.cisa-arica.cl\/wp1\/wp-content\/uploads\/2023\/11\/526EA5AD-6EA0-4ED3-B0EB-23027C38684F-450x600.jpeg\" data-width=\"1920\" src=\"https:\/\/i0.wp.com\/www.cisa-arica.cl\/wp1\/wp-content\/uploads\/2023\/11\/526EA5AD-6EA0-4ED3-B0EB-23027C38684F-450x600.jpeg?ssl=1\" data-amp-layout=\"responsive\"\/><\/figure><\/div><div class=\"tiled-gallery__col\" style=\"flex-basis:18.09002%\"><figure class=\"tiled-gallery__item\"><img decoding=\"async\" data-attachment-id=\"23169\" data-permalink=\"https:\/\/www.cisa-arica.cl\/wp1\/2023\/11\/10\/visita-al-hogar-de-ancianos-hermanitas-de-los-pobres\/39062a6f-586a-4729-b6e4-e5e3b782cacf\/\" data-orig-file=\"https:\/\/www.cisa-arica.cl\/wp1\/wp-content\/uploads\/2023\/11\/39062A6F-586A-4729-B6E4-E5E3B782CACF-scaled.jpeg\" data-orig-size=\"1920,2560\" data-comments-opened=\"0\" data-image-meta=\"{&quot;aperture&quot;:&quot;0&quot;,&quot;credit&quot;:&quot;&quot;,&quot;camera&quot;:&quot;&quot;,&quot;caption&quot;:&quot;&quot;,&quot;created_timestamp&quot;:&quot;0&quot;,&quot;copyright&quot;:&quot;&quot;,&quot;focal_length&quot;:&quot;0&quot;,&quot;iso&quot;:&quot;0&quot;,&quot;shutter_speed&quot;:&quot;0&quot;,&quot;title&quot;:&quot;&quot;,&quot;orientation&quot;:&quot;1&quot;}\" data-image-title=\"39062A6F-586A-4729-B6E4-E5E3B782CACF\" data-image-description=\"\" data-image-caption=\"\" data-large-file=\"https:\/\/www.cisa-arica.cl\/wp1\/wp-content\/uploads\/2023\/11\/39062A6F-586A-4729-B6E4-E5E3B782CACF-450x600.jpeg\" data-attachment-id=\"23169\" data-permalink=\"https:\/\/www.cisa-arica.cl\/wp1\/2023\/11\/10\/visita-al-hogar-de-ancianos-hermanitas-de-los-pobres\/39062a6f-586a-4729-b6e4-e5e3b782cacf\/\" data-orig-file=\"https:\/\/www.cisa-arica.cl\/wp1\/wp-content\/uploads\/2023\/11\/39062A6F-586A-4729-B6E4-E5E3B782CACF-scaled.jpeg\" data-orig-size=\"1920,2560\" data-comments-opened=\"0\" data-image-meta=\"{&quot;aperture&quot;:&quot;0&quot;,&quot;credit&quot;:&quot;&quot;,&quot;camera&quot;:&quot;&quot;,&quot;caption&quot;:&quot;&quot;,&quot;created_timestamp&quot;:&quot;0&quot;,&quot;copyright&quot;:&quot;&quot;,&quot;focal_length&quot;:&quot;0&quot;,&quot;iso&quot;:&quot;0&quot;,&quot;shutter_speed&quot;:&quot;0&quot;,&quot;title&quot;:&quot;&quot;,&quot;orientation&quot;:&quot;1&quot;}\" data-image-title=\"39062A6F-586A-4729-B6E4-E5E3B782CACF\" data-image-description=\"\" data-image-caption=\"\" data-large-file=\"https:\/\/www.cisa-arica.cl\/wp1\/wp-content\/uploads\/2023\/11\/39062A6F-586A-4729-B6E4-E5E3B782CACF-450x600.jpeg\" role=\"button\" tabindex=\"0\" aria-label=\"Abrir la imagen 29 de 30 en pantalla completa\"srcset=\"https:\/\/i2.wp.com\/www.cisa-arica.cl\/wp1\/wp-content\/uploads\/2023\/11\/39062A6F-586A-4729-B6E4-E5E3B782CACF-450x600.jpeg?strip=info&#038;w=600&#038;ssl=1 600w,https:\/\/i2.wp.com\/www.cisa-arica.cl\/wp1\/wp-content\/uploads\/2023\/11\/39062A6F-586A-4729-B6E4-E5E3B782CACF-450x600.jpeg?strip=info&#038;w=900&#038;ssl=1 900w,https:\/\/i2.wp.com\/www.cisa-arica.cl\/wp1\/wp-content\/uploads\/2023\/11\/39062A6F-586A-4729-B6E4-E5E3B782CACF-450x600.jpeg?strip=info&#038;w=1200&#038;ssl=1 1200w,https:\/\/i2.wp.com\/www.cisa-arica.cl\/wp1\/wp-content\/uploads\/2023\/11\/39062A6F-586A-4729-B6E4-E5E3B782CACF-450x600.jpeg?strip=info&#038;w=1500&#038;ssl=1 1500w,https:\/\/i2.wp.com\/www.cisa-arica.cl\/wp1\/wp-content\/uploads\/2023\/11\/39062A6F-586A-4729-B6E4-E5E3B782CACF-450x600.jpeg?strip=info&#038;w=1800&#038;ssl=1 1800w,https:\/\/i2.wp.com\/www.cisa-arica.cl\/wp1\/wp-content\/uploads\/2023\/11\/39062A6F-586A-4729-B6E4-E5E3B782CACF-450x600.jpeg?strip=info&#038;w=1920&#038;ssl=1 1920w\" alt=\"\" data-height=\"2560\" data-id=\"23169\" data-link=\"https:\/\/www.cisa-arica.cl\/wp1\/?attachment_id=23169\" data-url=\"https:\/\/www.cisa-arica.cl\/wp1\/wp-content\/uploads\/2023\/11\/39062A6F-586A-4729-B6E4-E5E3B782CACF-450x600.jpeg\" data-width=\"1920\" src=\"https:\/\/i2.wp.com\/www.cisa-arica.cl\/wp1\/wp-content\/uploads\/2023\/11\/39062A6F-586A-4729-B6E4-E5E3B782CACF-450x600.jpeg?ssl=1\" data-amp-layout=\"responsive\"\/><\/figure><\/div><div class=\"tiled-gallery__col\" style=\"flex-basis:31.90998%\"><figure class=\"tiled-gallery__item\"><img decoding=\"async\" data-attachment-id=\"23170\" data-permalink=\"https:\/\/www.cisa-arica.cl\/wp1\/2023\/11\/10\/visita-al-hogar-de-ancianos-hermanitas-de-los-pobres\/3293475f-0019-4a7f-b6e2-e2090c8ef4bf\/\" data-orig-file=\"https:\/\/www.cisa-arica.cl\/wp1\/wp-content\/uploads\/2023\/11\/3293475F-0019-4A7F-B6E2-E2090C8EF4BF-scaled.jpeg\" data-orig-size=\"2560,1920\" data-comments-opened=\"0\" data-image-meta=\"{&quot;aperture&quot;:&quot;0&quot;,&quot;credit&quot;:&quot;&quot;,&quot;camera&quot;:&quot;&quot;,&quot;caption&quot;:&quot;&quot;,&quot;created_timestamp&quot;:&quot;0&quot;,&quot;copyright&quot;:&quot;&quot;,&quot;focal_length&quot;:&quot;0&quot;,&quot;iso&quot;:&quot;0&quot;,&quot;shutter_speed&quot;:&quot;0&quot;,&quot;title&quot;:&quot;&quot;,&quot;orientation&quot;:&quot;1&quot;}\" data-image-title=\"3293475F-0019-4A7F-B6E2-E2090C8EF4BF\" data-image-description=\"\" data-image-caption=\"\" data-large-file=\"https:\/\/www.cisa-arica.cl\/wp1\/wp-content\/uploads\/2023\/11\/3293475F-0019-4A7F-B6E2-E2090C8EF4BF-600x450.jpeg\" data-attachment-id=\"23170\" data-permalink=\"https:\/\/www.cisa-arica.cl\/wp1\/2023\/11\/10\/visita-al-hogar-de-ancianos-hermanitas-de-los-pobres\/3293475f-0019-4a7f-b6e2-e2090c8ef4bf\/\" data-orig-file=\"https:\/\/www.cisa-arica.cl\/wp1\/wp-content\/uploads\/2023\/11\/3293475F-0019-4A7F-B6E2-E2090C8EF4BF-scaled.jpeg\" data-orig-size=\"2560,1920\" data-comments-opened=\"0\" data-image-meta=\"{&quot;aperture&quot;:&quot;0&quot;,&quot;credit&quot;:&quot;&quot;,&quot;camera&quot;:&quot;&quot;,&quot;caption&quot;:&quot;&quot;,&quot;created_timestamp&quot;:&quot;0&quot;,&quot;copyright&quot;:&quot;&quot;,&quot;focal_length&quot;:&quot;0&quot;,&quot;iso&quot;:&quot;0&quot;,&quot;shutter_speed&quot;:&quot;0&quot;,&quot;title&quot;:&quot;&quot;,&quot;orientation&quot;:&quot;1&quot;}\" data-image-title=\"3293475F-0019-4A7F-B6E2-E2090C8EF4BF\" data-image-description=\"\" data-image-caption=\"\" data-large-file=\"https:\/\/www.cisa-arica.cl\/wp1\/wp-content\/uploads\/2023\/11\/3293475F-0019-4A7F-B6E2-E2090C8EF4BF-600x450.jpeg\" role=\"button\" tabindex=\"0\" aria-label=\"Abrir la imagen 30 de 30 en pantalla completa\"srcset=\"https:\/\/i1.wp.com\/www.cisa-arica.cl\/wp1\/wp-content\/uploads\/2023\/11\/3293475F-0019-4A7F-B6E2-E2090C8EF4BF-600x450.jpeg?strip=info&#038;w=600&#038;ssl=1 600w,https:\/\/i1.wp.com\/www.cisa-arica.cl\/wp1\/wp-content\/uploads\/2023\/11\/3293475F-0019-4A7F-B6E2-E2090C8EF4BF-600x450.jpeg?strip=info&#038;w=900&#038;ssl=1 900w,https:\/\/i1.wp.com\/www.cisa-arica.cl\/wp1\/wp-content\/uploads\/2023\/11\/3293475F-0019-4A7F-B6E2-E2090C8EF4BF-600x450.jpeg?strip=info&#038;w=1200&#038;ssl=1 1200w,https:\/\/i1.wp.com\/www.cisa-arica.cl\/wp1\/wp-content\/uploads\/2023\/11\/3293475F-0019-4A7F-B6E2-E2090C8EF4BF-600x450.jpeg?strip=info&#038;w=1500&#038;ssl=1 1500w,https:\/\/i1.wp.com\/www.cisa-arica.cl\/wp1\/wp-content\/uploads\/2023\/11\/3293475F-0019-4A7F-B6E2-E2090C8EF4BF-600x450.jpeg?strip=info&#038;w=1800&#038;ssl=1 1800w,https:\/\/i1.wp.com\/www.cisa-arica.cl\/wp1\/wp-content\/uploads\/2023\/11\/3293475F-0019-4A7F-B6E2-E2090C8EF4BF-600x450.jpeg?strip=info&#038;w=2000&#038;ssl=1 2000w\" alt=\"\" data-height=\"1920\" data-id=\"23170\" data-link=\"https:\/\/www.cisa-arica.cl\/wp1\/?attachment_id=23170\" data-url=\"https:\/\/www.cisa-arica.cl\/wp1\/wp-content\/uploads\/2023\/11\/3293475F-0019-4A7F-B6E2-E2090C8EF4BF-600x450.jpeg\" data-width=\"2560\" src=\"https:\/\/i1.wp.com\/www.cisa-arica.cl\/wp1\/wp-content\/uploads\/2023\/11\/3293475F-0019-4A7F-B6E2-E2090C8EF4BF-600x450.jpeg?ssl=1\" data-amp-layout=\"responsive\"\/><\/figure><\/div><\/div><\/div><\/div>\n\n\n\n<div class=\"wp-block-jetpack-tiled-gallery aligncenter is-style-rectangular\"><div class=\"tiled-gallery__gallery\"><div class=\"tiled-gallery__row\"><div class=\"tiled-gallery__col\" style=\"flex-basis:28.69943%\"><figure class=\"tiled-gallery__item\"><img decoding=\"async\" data-attachment-id=\"23171\" data-permalink=\"https:\/\/www.cisa-arica.cl\/wp1\/2023\/11\/10\/visita-al-hogar-de-ancianos-hermanitas-de-los-pobres\/d3e4b76f-1397-4bcc-a3f3-4eb706385ace\/\" data-orig-file=\"https:\/\/www.cisa-arica.cl\/wp1\/wp-content\/uploads\/2023\/11\/D3E4B76F-1397-4BCC-A3F3-4EB706385ACE.jpeg\" data-orig-size=\"828,1012\" data-comments-opened=\"0\" data-image-meta=\"{&quot;aperture&quot;:&quot;0&quot;,&quot;credit&quot;:&quot;&quot;,&quot;camera&quot;:&quot;&quot;,&quot;caption&quot;:&quot;&quot;,&quot;created_timestamp&quot;:&quot;0&quot;,&quot;copyright&quot;:&quot;&quot;,&quot;focal_length&quot;:&quot;0&quot;,&quot;iso&quot;:&quot;0&quot;,&quot;shutter_speed&quot;:&quot;0&quot;,&quot;title&quot;:&quot;&quot;,&quot;orientation&quot;:&quot;1&quot;}\" data-image-title=\"D3E4B76F-1397-4BCC-A3F3-4EB706385ACE\" data-image-description=\"\" data-image-caption=\"\" data-large-file=\"https:\/\/www.cisa-arica.cl\/wp1\/wp-content\/uploads\/2023\/11\/D3E4B76F-1397-4BCC-A3F3-4EB706385ACE-491x600.jpeg\" data-attachment-id=\"23171\" data-permalink=\"https:\/\/www.cisa-arica.cl\/wp1\/2023\/11\/10\/visita-al-hogar-de-ancianos-hermanitas-de-los-pobres\/d3e4b76f-1397-4bcc-a3f3-4eb706385ace\/\" data-orig-file=\"https:\/\/www.cisa-arica.cl\/wp1\/wp-content\/uploads\/2023\/11\/D3E4B76F-1397-4BCC-A3F3-4EB706385ACE.jpeg\" data-orig-size=\"828,1012\" data-comments-opened=\"0\" data-image-meta=\"{&quot;aperture&quot;:&quot;0&quot;,&quot;credit&quot;:&quot;&quot;,&quot;camera&quot;:&quot;&quot;,&quot;caption&quot;:&quot;&quot;,&quot;created_timestamp&quot;:&quot;0&quot;,&quot;copyright&quot;:&quot;&quot;,&quot;focal_length&quot;:&quot;0&quot;,&quot;iso&quot;:&quot;0&quot;,&quot;shutter_speed&quot;:&quot;0&quot;,&quot;title&quot;:&quot;&quot;,&quot;orientation&quot;:&quot;1&quot;}\" data-image-title=\"D3E4B76F-1397-4BCC-A3F3-4EB706385ACE\" data-image-description=\"\" data-image-caption=\"\" data-large-file=\"https:\/\/www.cisa-arica.cl\/wp1\/wp-content\/uploads\/2023\/11\/D3E4B76F-1397-4BCC-A3F3-4EB706385ACE-491x600.jpeg\" role=\"button\" tabindex=\"0\" aria-label=\"Abrir la imagen 1 de 33 en pantalla completa\"srcset=\"https:\/\/i1.wp.com\/www.cisa-arica.cl\/wp1\/wp-content\/uploads\/2023\/11\/D3E4B76F-1397-4BCC-A3F3-4EB706385ACE-491x600.jpeg?strip=info&#038;w=600&#038;ssl=1 600w,https:\/\/i1.wp.com\/www.cisa-arica.cl\/wp1\/wp-content\/uploads\/2023\/11\/D3E4B76F-1397-4BCC-A3F3-4EB706385ACE-491x600.jpeg?strip=info&#038;w=828&#038;ssl=1 828w\" alt=\"\" data-height=\"1012\" data-id=\"23171\" data-link=\"https:\/\/www.cisa-arica.cl\/wp1\/?attachment_id=23171\" data-url=\"https:\/\/www.cisa-arica.cl\/wp1\/wp-content\/uploads\/2023\/11\/D3E4B76F-1397-4BCC-A3F3-4EB706385ACE-491x600.jpeg\" data-width=\"828\" src=\"https:\/\/i1.wp.com\/www.cisa-arica.cl\/wp1\/wp-content\/uploads\/2023\/11\/D3E4B76F-1397-4BCC-A3F3-4EB706385ACE-491x600.jpeg?ssl=1\" data-amp-layout=\"responsive\"\/><\/figure><\/div><div class=\"tiled-gallery__col\" style=\"flex-basis:16.30313%\"><figure class=\"tiled-gallery__item\"><img decoding=\"async\" data-attachment-id=\"23172\" data-permalink=\"https:\/\/www.cisa-arica.cl\/wp1\/2023\/11\/10\/visita-al-hogar-de-ancianos-hermanitas-de-los-pobres\/e74c7a4f-51af-4d1b-8e96-1f783e0d4cbd\/\" data-orig-file=\"https:\/\/www.cisa-arica.cl\/wp1\/wp-content\/uploads\/2023\/11\/E74C7A4F-51AF-4D1B-8E96-1F783E0D4CBD.png\" data-orig-size=\"828,1792\" data-comments-opened=\"0\" data-image-meta=\"{&quot;aperture&quot;:&quot;0&quot;,&quot;credit&quot;:&quot;&quot;,&quot;camera&quot;:&quot;&quot;,&quot;caption&quot;:&quot;&quot;,&quot;created_timestamp&quot;:&quot;0&quot;,&quot;copyright&quot;:&quot;&quot;,&quot;focal_length&quot;:&quot;0&quot;,&quot;iso&quot;:&quot;0&quot;,&quot;shutter_speed&quot;:&quot;0&quot;,&quot;title&quot;:&quot;&quot;,&quot;orientation&quot;:&quot;0&quot;}\" data-image-title=\"E74C7A4F-51AF-4D1B-8E96-1F783E0D4CBD\" data-image-description=\"\" data-image-caption=\"\" data-large-file=\"https:\/\/www.cisa-arica.cl\/wp1\/wp-content\/uploads\/2023\/11\/E74C7A4F-51AF-4D1B-8E96-1F783E0D4CBD-277x600.png\" data-attachment-id=\"23172\" data-permalink=\"https:\/\/www.cisa-arica.cl\/wp1\/2023\/11\/10\/visita-al-hogar-de-ancianos-hermanitas-de-los-pobres\/e74c7a4f-51af-4d1b-8e96-1f783e0d4cbd\/\" data-orig-file=\"https:\/\/www.cisa-arica.cl\/wp1\/wp-content\/uploads\/2023\/11\/E74C7A4F-51AF-4D1B-8E96-1F783E0D4CBD.png\" data-orig-size=\"828,1792\" data-comments-opened=\"0\" data-image-meta=\"{&quot;aperture&quot;:&quot;0&quot;,&quot;credit&quot;:&quot;&quot;,&quot;camera&quot;:&quot;&quot;,&quot;caption&quot;:&quot;&quot;,&quot;created_timestamp&quot;:&quot;0&quot;,&quot;copyright&quot;:&quot;&quot;,&quot;focal_length&quot;:&quot;0&quot;,&quot;iso&quot;:&quot;0&quot;,&quot;shutter_speed&quot;:&quot;0&quot;,&quot;title&quot;:&quot;&quot;,&quot;orientation&quot;:&quot;0&quot;}\" data-image-title=\"E74C7A4F-51AF-4D1B-8E96-1F783E0D4CBD\" data-image-description=\"\" data-image-caption=\"\" data-large-file=\"https:\/\/www.cisa-arica.cl\/wp1\/wp-content\/uploads\/2023\/11\/E74C7A4F-51AF-4D1B-8E96-1F783E0D4CBD-277x600.png\" role=\"button\" tabindex=\"0\" aria-label=\"Abrir la imagen 2 de 33 en pantalla completa\"srcset=\"https:\/\/i0.wp.com\/www.cisa-arica.cl\/wp1\/wp-content\/uploads\/2023\/11\/E74C7A4F-51AF-4D1B-8E96-1F783E0D4CBD-277x600.png?strip=info&#038;w=600&#038;ssl=1 600w,https:\/\/i0.wp.com\/www.cisa-arica.cl\/wp1\/wp-content\/uploads\/2023\/11\/E74C7A4F-51AF-4D1B-8E96-1F783E0D4CBD-277x600.png?strip=info&#038;w=828&#038;ssl=1 828w\" alt=\"\" data-height=\"1792\" data-id=\"23172\" data-link=\"https:\/\/www.cisa-arica.cl\/wp1\/?attachment_id=23172\" data-url=\"https:\/\/www.cisa-arica.cl\/wp1\/wp-content\/uploads\/2023\/11\/E74C7A4F-51AF-4D1B-8E96-1F783E0D4CBD-277x600.png\" data-width=\"828\" src=\"https:\/\/i0.wp.com\/www.cisa-arica.cl\/wp1\/wp-content\/uploads\/2023\/11\/E74C7A4F-51AF-4D1B-8E96-1F783E0D4CBD-277x600.png?ssl=1\" data-amp-layout=\"responsive\"\/><\/figure><\/div><div class=\"tiled-gallery__col\" style=\"flex-basis:28.67132%\"><figure class=\"tiled-gallery__item\"><img decoding=\"async\" data-attachment-id=\"23173\" data-permalink=\"https:\/\/www.cisa-arica.cl\/wp1\/2023\/11\/10\/visita-al-hogar-de-ancianos-hermanitas-de-los-pobres\/b4f4e1e0-f756-41bc-8777-4c26fb96d9fb\/\" data-orig-file=\"https:\/\/www.cisa-arica.cl\/wp1\/wp-content\/uploads\/2023\/11\/B4F4E1E0-F756-41BC-8777-4C26FB96D9FB.jpeg\" data-orig-size=\"828,1013\" data-comments-opened=\"0\" data-image-meta=\"{&quot;aperture&quot;:&quot;0&quot;,&quot;credit&quot;:&quot;&quot;,&quot;camera&quot;:&quot;&quot;,&quot;caption&quot;:&quot;&quot;,&quot;created_timestamp&quot;:&quot;0&quot;,&quot;copyright&quot;:&quot;&quot;,&quot;focal_length&quot;:&quot;0&quot;,&quot;iso&quot;:&quot;0&quot;,&quot;shutter_speed&quot;:&quot;0&quot;,&quot;title&quot;:&quot;&quot;,&quot;orientation&quot;:&quot;1&quot;}\" data-image-title=\"B4F4E1E0-F756-41BC-8777-4C26FB96D9FB\" data-image-description=\"\" data-image-caption=\"\" data-large-file=\"https:\/\/www.cisa-arica.cl\/wp1\/wp-content\/uploads\/2023\/11\/B4F4E1E0-F756-41BC-8777-4C26FB96D9FB-490x600.jpeg\" data-attachment-id=\"23173\" data-permalink=\"https:\/\/www.cisa-arica.cl\/wp1\/2023\/11\/10\/visita-al-hogar-de-ancianos-hermanitas-de-los-pobres\/b4f4e1e0-f756-41bc-8777-4c26fb96d9fb\/\" data-orig-file=\"https:\/\/www.cisa-arica.cl\/wp1\/wp-content\/uploads\/2023\/11\/B4F4E1E0-F756-41BC-8777-4C26FB96D9FB.jpeg\" data-orig-size=\"828,1013\" data-comments-opened=\"0\" data-image-meta=\"{&quot;aperture&quot;:&quot;0&quot;,&quot;credit&quot;:&quot;&quot;,&quot;camera&quot;:&quot;&quot;,&quot;caption&quot;:&quot;&quot;,&quot;created_timestamp&quot;:&quot;0&quot;,&quot;copyright&quot;:&quot;&quot;,&quot;focal_length&quot;:&quot;0&quot;,&quot;iso&quot;:&quot;0&quot;,&quot;shutter_speed&quot;:&quot;0&quot;,&quot;title&quot;:&quot;&quot;,&quot;orientation&quot;:&quot;1&quot;}\" data-image-title=\"B4F4E1E0-F756-41BC-8777-4C26FB96D9FB\" data-image-description=\"\" data-image-caption=\"\" data-large-file=\"https:\/\/www.cisa-arica.cl\/wp1\/wp-content\/uploads\/2023\/11\/B4F4E1E0-F756-41BC-8777-4C26FB96D9FB-490x600.jpeg\" role=\"button\" tabindex=\"0\" aria-label=\"Abrir la imagen 3 de 33 en pantalla completa\"srcset=\"https:\/\/i2.wp.com\/www.cisa-arica.cl\/wp1\/wp-content\/uploads\/2023\/11\/B4F4E1E0-F756-41BC-8777-4C26FB96D9FB-490x600.jpeg?strip=info&#038;w=600&#038;ssl=1 600w,https:\/\/i2.wp.com\/www.cisa-arica.cl\/wp1\/wp-content\/uploads\/2023\/11\/B4F4E1E0-F756-41BC-8777-4C26FB96D9FB-490x600.jpeg?strip=info&#038;w=828&#038;ssl=1 828w\" alt=\"\" data-height=\"1013\" data-id=\"23173\" data-link=\"https:\/\/www.cisa-arica.cl\/wp1\/?attachment_id=23173\" data-url=\"https:\/\/www.cisa-arica.cl\/wp1\/wp-content\/uploads\/2023\/11\/B4F4E1E0-F756-41BC-8777-4C26FB96D9FB-490x600.jpeg\" data-width=\"828\" src=\"https:\/\/i2.wp.com\/www.cisa-arica.cl\/wp1\/wp-content\/uploads\/2023\/11\/B4F4E1E0-F756-41BC-8777-4C26FB96D9FB-490x600.jpeg?ssl=1\" data-amp-layout=\"responsive\"\/><\/figure><\/div><div class=\"tiled-gallery__col\" style=\"flex-basis:26.32612%\"><figure class=\"tiled-gallery__item\"><img decoding=\"async\" data-attachment-id=\"23174\" data-permalink=\"https:\/\/www.cisa-arica.cl\/wp1\/2023\/11\/10\/visita-al-hogar-de-ancianos-hermanitas-de-los-pobres\/c7b93159-3c43-4df0-b6dc-ba50ad6f3efa\/\" data-orig-file=\"https:\/\/www.cisa-arica.cl\/wp1\/wp-content\/uploads\/2023\/11\/C7B93159-3C43-4DF0-B6DC-BA50AD6F3EFA-scaled.jpeg\" data-orig-size=\"1920,2560\" data-comments-opened=\"0\" data-image-meta=\"{&quot;aperture&quot;:&quot;0&quot;,&quot;credit&quot;:&quot;&quot;,&quot;camera&quot;:&quot;&quot;,&quot;caption&quot;:&quot;&quot;,&quot;created_timestamp&quot;:&quot;0&quot;,&quot;copyright&quot;:&quot;&quot;,&quot;focal_length&quot;:&quot;0&quot;,&quot;iso&quot;:&quot;0&quot;,&quot;shutter_speed&quot;:&quot;0&quot;,&quot;title&quot;:&quot;&quot;,&quot;orientation&quot;:&quot;1&quot;}\" data-image-title=\"C7B93159-3C43-4DF0-B6DC-BA50AD6F3EFA\" data-image-description=\"\" data-image-caption=\"\" data-large-file=\"https:\/\/www.cisa-arica.cl\/wp1\/wp-content\/uploads\/2023\/11\/C7B93159-3C43-4DF0-B6DC-BA50AD6F3EFA-450x600.jpeg\" data-attachment-id=\"23174\" data-permalink=\"https:\/\/www.cisa-arica.cl\/wp1\/2023\/11\/10\/visita-al-hogar-de-ancianos-hermanitas-de-los-pobres\/c7b93159-3c43-4df0-b6dc-ba50ad6f3efa\/\" data-orig-file=\"https:\/\/www.cisa-arica.cl\/wp1\/wp-content\/uploads\/2023\/11\/C7B93159-3C43-4DF0-B6DC-BA50AD6F3EFA-scaled.jpeg\" data-orig-size=\"1920,2560\" data-comments-opened=\"0\" data-image-meta=\"{&quot;aperture&quot;:&quot;0&quot;,&quot;credit&quot;:&quot;&quot;,&quot;camera&quot;:&quot;&quot;,&quot;caption&quot;:&quot;&quot;,&quot;created_timestamp&quot;:&quot;0&quot;,&quot;copyright&quot;:&quot;&quot;,&quot;focal_length&quot;:&quot;0&quot;,&quot;iso&quot;:&quot;0&quot;,&quot;shutter_speed&quot;:&quot;0&quot;,&quot;title&quot;:&quot;&quot;,&quot;orientation&quot;:&quot;1&quot;}\" data-image-title=\"C7B93159-3C43-4DF0-B6DC-BA50AD6F3EFA\" data-image-description=\"\" data-image-caption=\"\" data-large-file=\"https:\/\/www.cisa-arica.cl\/wp1\/wp-content\/uploads\/2023\/11\/C7B93159-3C43-4DF0-B6DC-BA50AD6F3EFA-450x600.jpeg\" role=\"button\" tabindex=\"0\" aria-label=\"Abrir la imagen 4 de 33 en pantalla completa\"srcset=\"https:\/\/i0.wp.com\/www.cisa-arica.cl\/wp1\/wp-content\/uploads\/2023\/11\/C7B93159-3C43-4DF0-B6DC-BA50AD6F3EFA-450x600.jpeg?strip=info&#038;w=600&#038;ssl=1 600w,https:\/\/i0.wp.com\/www.cisa-arica.cl\/wp1\/wp-content\/uploads\/2023\/11\/C7B93159-3C43-4DF0-B6DC-BA50AD6F3EFA-450x600.jpeg?strip=info&#038;w=900&#038;ssl=1 900w,https:\/\/i0.wp.com\/www.cisa-arica.cl\/wp1\/wp-content\/uploads\/2023\/11\/C7B93159-3C43-4DF0-B6DC-BA50AD6F3EFA-450x600.jpeg?strip=info&#038;w=1200&#038;ssl=1 1200w,https:\/\/i0.wp.com\/www.cisa-arica.cl\/wp1\/wp-content\/uploads\/2023\/11\/C7B93159-3C43-4DF0-B6DC-BA50AD6F3EFA-450x600.jpeg?strip=info&#038;w=1500&#038;ssl=1 1500w,https:\/\/i0.wp.com\/www.cisa-arica.cl\/wp1\/wp-content\/uploads\/2023\/11\/C7B93159-3C43-4DF0-B6DC-BA50AD6F3EFA-450x600.jpeg?strip=info&#038;w=1800&#038;ssl=1 1800w,https:\/\/i0.wp.com\/www.cisa-arica.cl\/wp1\/wp-content\/uploads\/2023\/11\/C7B93159-3C43-4DF0-B6DC-BA50AD6F3EFA-450x600.jpeg?strip=info&#038;w=1920&#038;ssl=1 1920w\" alt=\"\" data-height=\"2560\" data-id=\"23174\" data-link=\"https:\/\/www.cisa-arica.cl\/wp1\/?attachment_id=23174\" data-url=\"https:\/\/www.cisa-arica.cl\/wp1\/wp-content\/uploads\/2023\/11\/C7B93159-3C43-4DF0-B6DC-BA50AD6F3EFA-450x600.jpeg\" data-width=\"1920\" src=\"https:\/\/i0.wp.com\/www.cisa-arica.cl\/wp1\/wp-content\/uploads\/2023\/11\/C7B93159-3C43-4DF0-B6DC-BA50AD6F3EFA-450x600.jpeg?ssl=1\" data-amp-layout=\"responsive\"\/><\/figure><\/div><\/div><div class=\"tiled-gallery__row\"><div class=\"tiled-gallery__col\" style=\"flex-basis:33.33333%\"><figure class=\"tiled-gallery__item\"><img decoding=\"async\" data-attachment-id=\"23175\" data-permalink=\"https:\/\/www.cisa-arica.cl\/wp1\/2023\/11\/10\/visita-al-hogar-de-ancianos-hermanitas-de-los-pobres\/c242886e-af6b-4918-94ce-f54078f3af6d\/\" data-orig-file=\"https:\/\/www.cisa-arica.cl\/wp1\/wp-content\/uploads\/2023\/11\/C242886E-AF6B-4918-94CE-F54078F3AF6D-scaled.jpeg\" data-orig-size=\"1920,2560\" data-comments-opened=\"0\" data-image-meta=\"{&quot;aperture&quot;:&quot;0&quot;,&quot;credit&quot;:&quot;&quot;,&quot;camera&quot;:&quot;&quot;,&quot;caption&quot;:&quot;&quot;,&quot;created_timestamp&quot;:&quot;0&quot;,&quot;copyright&quot;:&quot;&quot;,&quot;focal_length&quot;:&quot;0&quot;,&quot;iso&quot;:&quot;0&quot;,&quot;shutter_speed&quot;:&quot;0&quot;,&quot;title&quot;:&quot;&quot;,&quot;orientation&quot;:&quot;1&quot;}\" data-image-title=\"C242886E-AF6B-4918-94CE-F54078F3AF6D\" data-image-description=\"\" data-image-caption=\"\" data-large-file=\"https:\/\/www.cisa-arica.cl\/wp1\/wp-content\/uploads\/2023\/11\/C242886E-AF6B-4918-94CE-F54078F3AF6D-450x600.jpeg\" data-attachment-id=\"23175\" data-permalink=\"https:\/\/www.cisa-arica.cl\/wp1\/2023\/11\/10\/visita-al-hogar-de-ancianos-hermanitas-de-los-pobres\/c242886e-af6b-4918-94ce-f54078f3af6d\/\" data-orig-file=\"https:\/\/www.cisa-arica.cl\/wp1\/wp-content\/uploads\/2023\/11\/C242886E-AF6B-4918-94CE-F54078F3AF6D-scaled.jpeg\" data-orig-size=\"1920,2560\" data-comments-opened=\"0\" data-image-meta=\"{&quot;aperture&quot;:&quot;0&quot;,&quot;credit&quot;:&quot;&quot;,&quot;camera&quot;:&quot;&quot;,&quot;caption&quot;:&quot;&quot;,&quot;created_timestamp&quot;:&quot;0&quot;,&quot;copyright&quot;:&quot;&quot;,&quot;focal_length&quot;:&quot;0&quot;,&quot;iso&quot;:&quot;0&quot;,&quot;shutter_speed&quot;:&quot;0&quot;,&quot;title&quot;:&quot;&quot;,&quot;orientation&quot;:&quot;1&quot;}\" data-image-title=\"C242886E-AF6B-4918-94CE-F54078F3AF6D\" data-image-description=\"\" data-image-caption=\"\" data-large-file=\"https:\/\/www.cisa-arica.cl\/wp1\/wp-content\/uploads\/2023\/11\/C242886E-AF6B-4918-94CE-F54078F3AF6D-450x600.jpeg\" role=\"button\" tabindex=\"0\" aria-label=\"Abrir la imagen 5 de 33 en pantalla completa\"srcset=\"https:\/\/i1.wp.com\/www.cisa-arica.cl\/wp1\/wp-content\/uploads\/2023\/11\/C242886E-AF6B-4918-94CE-F54078F3AF6D-450x600.jpeg?strip=info&#038;w=600&#038;ssl=1 600w,https:\/\/i1.wp.com\/www.cisa-arica.cl\/wp1\/wp-content\/uploads\/2023\/11\/C242886E-AF6B-4918-94CE-F54078F3AF6D-450x600.jpeg?strip=info&#038;w=900&#038;ssl=1 900w,https:\/\/i1.wp.com\/www.cisa-arica.cl\/wp1\/wp-content\/uploads\/2023\/11\/C242886E-AF6B-4918-94CE-F54078F3AF6D-450x600.jpeg?strip=info&#038;w=1200&#038;ssl=1 1200w,https:\/\/i1.wp.com\/www.cisa-arica.cl\/wp1\/wp-content\/uploads\/2023\/11\/C242886E-AF6B-4918-94CE-F54078F3AF6D-450x600.jpeg?strip=info&#038;w=1500&#038;ssl=1 1500w,https:\/\/i1.wp.com\/www.cisa-arica.cl\/wp1\/wp-content\/uploads\/2023\/11\/C242886E-AF6B-4918-94CE-F54078F3AF6D-450x600.jpeg?strip=info&#038;w=1800&#038;ssl=1 1800w,https:\/\/i1.wp.com\/www.cisa-arica.cl\/wp1\/wp-content\/uploads\/2023\/11\/C242886E-AF6B-4918-94CE-F54078F3AF6D-450x600.jpeg?strip=info&#038;w=1920&#038;ssl=1 1920w\" alt=\"\" data-height=\"2560\" data-id=\"23175\" data-link=\"https:\/\/www.cisa-arica.cl\/wp1\/?attachment_id=23175\" data-url=\"https:\/\/www.cisa-arica.cl\/wp1\/wp-content\/uploads\/2023\/11\/C242886E-AF6B-4918-94CE-F54078F3AF6D-450x600.jpeg\" data-width=\"1920\" src=\"https:\/\/i1.wp.com\/www.cisa-arica.cl\/wp1\/wp-content\/uploads\/2023\/11\/C242886E-AF6B-4918-94CE-F54078F3AF6D-450x600.jpeg?ssl=1\" data-amp-layout=\"responsive\"\/><\/figure><\/div><div class=\"tiled-gallery__col\" style=\"flex-basis:33.33333%\"><figure class=\"tiled-gallery__item\"><img decoding=\"async\" data-attachment-id=\"23176\" data-permalink=\"https:\/\/www.cisa-arica.cl\/wp1\/2023\/11\/10\/visita-al-hogar-de-ancianos-hermanitas-de-los-pobres\/76470f07-019b-4566-9c01-74dd555a427f\/\" data-orig-file=\"https:\/\/www.cisa-arica.cl\/wp1\/wp-content\/uploads\/2023\/11\/76470F07-019B-4566-9C01-74DD555A427F-scaled.jpeg\" data-orig-size=\"1920,2560\" data-comments-opened=\"0\" data-image-meta=\"{&quot;aperture&quot;:&quot;0&quot;,&quot;credit&quot;:&quot;&quot;,&quot;camera&quot;:&quot;&quot;,&quot;caption&quot;:&quot;&quot;,&quot;created_timestamp&quot;:&quot;0&quot;,&quot;copyright&quot;:&quot;&quot;,&quot;focal_length&quot;:&quot;0&quot;,&quot;iso&quot;:&quot;0&quot;,&quot;shutter_speed&quot;:&quot;0&quot;,&quot;title&quot;:&quot;&quot;,&quot;orientation&quot;:&quot;1&quot;}\" data-image-title=\"76470F07-019B-4566-9C01-74DD555A427F\" data-image-description=\"\" data-image-caption=\"\" data-large-file=\"https:\/\/www.cisa-arica.cl\/wp1\/wp-content\/uploads\/2023\/11\/76470F07-019B-4566-9C01-74DD555A427F-450x600.jpeg\" data-attachment-id=\"23176\" data-permalink=\"https:\/\/www.cisa-arica.cl\/wp1\/2023\/11\/10\/visita-al-hogar-de-ancianos-hermanitas-de-los-pobres\/76470f07-019b-4566-9c01-74dd555a427f\/\" data-orig-file=\"https:\/\/www.cisa-arica.cl\/wp1\/wp-content\/uploads\/2023\/11\/76470F07-019B-4566-9C01-74DD555A427F-scaled.jpeg\" data-orig-size=\"1920,2560\" data-comments-opened=\"0\" data-image-meta=\"{&quot;aperture&quot;:&quot;0&quot;,&quot;credit&quot;:&quot;&quot;,&quot;camera&quot;:&quot;&quot;,&quot;caption&quot;:&quot;&quot;,&quot;created_timestamp&quot;:&quot;0&quot;,&quot;copyright&quot;:&quot;&quot;,&quot;focal_length&quot;:&quot;0&quot;,&quot;iso&quot;:&quot;0&quot;,&quot;shutter_speed&quot;:&quot;0&quot;,&quot;title&quot;:&quot;&quot;,&quot;orientation&quot;:&quot;1&quot;}\" data-image-title=\"76470F07-019B-4566-9C01-74DD555A427F\" data-image-description=\"\" data-image-caption=\"\" data-large-file=\"https:\/\/www.cisa-arica.cl\/wp1\/wp-content\/uploads\/2023\/11\/76470F07-019B-4566-9C01-74DD555A427F-450x600.jpeg\" role=\"button\" tabindex=\"0\" aria-label=\"Abrir la imagen 6 de 33 en pantalla completa\"srcset=\"https:\/\/i1.wp.com\/www.cisa-arica.cl\/wp1\/wp-content\/uploads\/2023\/11\/76470F07-019B-4566-9C01-74DD555A427F-450x600.jpeg?strip=info&#038;w=600&#038;ssl=1 600w,https:\/\/i1.wp.com\/www.cisa-arica.cl\/wp1\/wp-content\/uploads\/2023\/11\/76470F07-019B-4566-9C01-74DD555A427F-450x600.jpeg?strip=info&#038;w=900&#038;ssl=1 900w,https:\/\/i1.wp.com\/www.cisa-arica.cl\/wp1\/wp-content\/uploads\/2023\/11\/76470F07-019B-4566-9C01-74DD555A427F-450x600.jpeg?strip=info&#038;w=1200&#038;ssl=1 1200w,https:\/\/i1.wp.com\/www.cisa-arica.cl\/wp1\/wp-content\/uploads\/2023\/11\/76470F07-019B-4566-9C01-74DD555A427F-450x600.jpeg?strip=info&#038;w=1500&#038;ssl=1 1500w,https:\/\/i1.wp.com\/www.cisa-arica.cl\/wp1\/wp-content\/uploads\/2023\/11\/76470F07-019B-4566-9C01-74DD555A427F-450x600.jpeg?strip=info&#038;w=1800&#038;ssl=1 1800w,https:\/\/i1.wp.com\/www.cisa-arica.cl\/wp1\/wp-content\/uploads\/2023\/11\/76470F07-019B-4566-9C01-74DD555A427F-450x600.jpeg?strip=info&#038;w=1920&#038;ssl=1 1920w\" alt=\"\" data-height=\"2560\" data-id=\"23176\" data-link=\"https:\/\/www.cisa-arica.cl\/wp1\/?attachment_id=23176\" data-url=\"https:\/\/www.cisa-arica.cl\/wp1\/wp-content\/uploads\/2023\/11\/76470F07-019B-4566-9C01-74DD555A427F-450x600.jpeg\" data-width=\"1920\" src=\"https:\/\/i1.wp.com\/www.cisa-arica.cl\/wp1\/wp-content\/uploads\/2023\/11\/76470F07-019B-4566-9C01-74DD555A427F-450x600.jpeg?ssl=1\" data-amp-layout=\"responsive\"\/><\/figure><\/div><div class=\"tiled-gallery__col\" style=\"flex-basis:33.33333%\"><figure class=\"tiled-gallery__item\"><img decoding=\"async\" data-attachment-id=\"23177\" data-permalink=\"https:\/\/www.cisa-arica.cl\/wp1\/2023\/11\/10\/visita-al-hogar-de-ancianos-hermanitas-de-los-pobres\/d8c24ea6-b129-4391-be89-94f3cc95aecb\/\" data-orig-file=\"https:\/\/www.cisa-arica.cl\/wp1\/wp-content\/uploads\/2023\/11\/D8C24EA6-B129-4391-BE89-94F3CC95AECB-scaled.jpeg\" data-orig-size=\"1920,2560\" data-comments-opened=\"0\" data-image-meta=\"{&quot;aperture&quot;:&quot;0&quot;,&quot;credit&quot;:&quot;&quot;,&quot;camera&quot;:&quot;&quot;,&quot;caption&quot;:&quot;&quot;,&quot;created_timestamp&quot;:&quot;0&quot;,&quot;copyright&quot;:&quot;&quot;,&quot;focal_length&quot;:&quot;0&quot;,&quot;iso&quot;:&quot;0&quot;,&quot;shutter_speed&quot;:&quot;0&quot;,&quot;title&quot;:&quot;&quot;,&quot;orientation&quot;:&quot;1&quot;}\" data-image-title=\"D8C24EA6-B129-4391-BE89-94F3CC95AECB\" data-image-description=\"\" data-image-caption=\"\" data-large-file=\"https:\/\/www.cisa-arica.cl\/wp1\/wp-content\/uploads\/2023\/11\/D8C24EA6-B129-4391-BE89-94F3CC95AECB-450x600.jpeg\" data-attachment-id=\"23177\" data-permalink=\"https:\/\/www.cisa-arica.cl\/wp1\/2023\/11\/10\/visita-al-hogar-de-ancianos-hermanitas-de-los-pobres\/d8c24ea6-b129-4391-be89-94f3cc95aecb\/\" data-orig-file=\"https:\/\/www.cisa-arica.cl\/wp1\/wp-content\/uploads\/2023\/11\/D8C24EA6-B129-4391-BE89-94F3CC95AECB-scaled.jpeg\" data-orig-size=\"1920,2560\" data-comments-opened=\"0\" data-image-meta=\"{&quot;aperture&quot;:&quot;0&quot;,&quot;credit&quot;:&quot;&quot;,&quot;camera&quot;:&quot;&quot;,&quot;caption&quot;:&quot;&quot;,&quot;created_timestamp&quot;:&quot;0&quot;,&quot;copyright&quot;:&quot;&quot;,&quot;focal_length&quot;:&quot;0&quot;,&quot;iso&quot;:&quot;0&quot;,&quot;shutter_speed&quot;:&quot;0&quot;,&quot;title&quot;:&quot;&quot;,&quot;orientation&quot;:&quot;1&quot;}\" data-image-title=\"D8C24EA6-B129-4391-BE89-94F3CC95AECB\" data-image-description=\"\" data-image-caption=\"\" data-large-file=\"https:\/\/www.cisa-arica.cl\/wp1\/wp-content\/uploads\/2023\/11\/D8C24EA6-B129-4391-BE89-94F3CC95AECB-450x600.jpeg\" role=\"button\" tabindex=\"0\" aria-label=\"Abrir la imagen 7 de 33 en pantalla completa\"srcset=\"https:\/\/i0.wp.com\/www.cisa-arica.cl\/wp1\/wp-content\/uploads\/2023\/11\/D8C24EA6-B129-4391-BE89-94F3CC95AECB-450x600.jpeg?strip=info&#038;w=600&#038;ssl=1 600w,https:\/\/i0.wp.com\/www.cisa-arica.cl\/wp1\/wp-content\/uploads\/2023\/11\/D8C24EA6-B129-4391-BE89-94F3CC95AECB-450x600.jpeg?strip=info&#038;w=900&#038;ssl=1 900w,https:\/\/i0.wp.com\/www.cisa-arica.cl\/wp1\/wp-content\/uploads\/2023\/11\/D8C24EA6-B129-4391-BE89-94F3CC95AECB-450x600.jpeg?strip=info&#038;w=1200&#038;ssl=1 1200w,https:\/\/i0.wp.com\/www.cisa-arica.cl\/wp1\/wp-content\/uploads\/2023\/11\/D8C24EA6-B129-4391-BE89-94F3CC95AECB-450x600.jpeg?strip=info&#038;w=1500&#038;ssl=1 1500w,https:\/\/i0.wp.com\/www.cisa-arica.cl\/wp1\/wp-content\/uploads\/2023\/11\/D8C24EA6-B129-4391-BE89-94F3CC95AECB-450x600.jpeg?strip=info&#038;w=1800&#038;ssl=1 1800w,https:\/\/i0.wp.com\/www.cisa-arica.cl\/wp1\/wp-content\/uploads\/2023\/11\/D8C24EA6-B129-4391-BE89-94F3CC95AECB-450x600.jpeg?strip=info&#038;w=1920&#038;ssl=1 1920w\" alt=\"\" data-height=\"2560\" data-id=\"23177\" data-link=\"https:\/\/www.cisa-arica.cl\/wp1\/?attachment_id=23177\" data-url=\"https:\/\/www.cisa-arica.cl\/wp1\/wp-content\/uploads\/2023\/11\/D8C24EA6-B129-4391-BE89-94F3CC95AECB-450x600.jpeg\" data-width=\"1920\" src=\"https:\/\/i0.wp.com\/www.cisa-arica.cl\/wp1\/wp-content\/uploads\/2023\/11\/D8C24EA6-B129-4391-BE89-94F3CC95AECB-450x600.jpeg?ssl=1\" data-amp-layout=\"responsive\"\/><\/figure><\/div><\/div><div class=\"tiled-gallery__row\"><div class=\"tiled-gallery__col\" style=\"flex-basis:25.00000%\"><figure class=\"tiled-gallery__item\"><img decoding=\"async\" data-attachment-id=\"23178\" data-permalink=\"https:\/\/www.cisa-arica.cl\/wp1\/2023\/11\/10\/visita-al-hogar-de-ancianos-hermanitas-de-los-pobres\/93f2da56-bf59-4f4f-9894-5f3073468ef9\/\" data-orig-file=\"https:\/\/www.cisa-arica.cl\/wp1\/wp-content\/uploads\/2023\/11\/93F2DA56-BF59-4F4F-9894-5F3073468EF9-scaled.jpeg\" data-orig-size=\"1920,2560\" data-comments-opened=\"0\" data-image-meta=\"{&quot;aperture&quot;:&quot;0&quot;,&quot;credit&quot;:&quot;&quot;,&quot;camera&quot;:&quot;&quot;,&quot;caption&quot;:&quot;&quot;,&quot;created_timestamp&quot;:&quot;0&quot;,&quot;copyright&quot;:&quot;&quot;,&quot;focal_length&quot;:&quot;0&quot;,&quot;iso&quot;:&quot;0&quot;,&quot;shutter_speed&quot;:&quot;0&quot;,&quot;title&quot;:&quot;&quot;,&quot;orientation&quot;:&quot;1&quot;}\" data-image-title=\"93F2DA56-BF59-4F4F-9894-5F3073468EF9\" data-image-description=\"\" data-image-caption=\"\" data-large-file=\"https:\/\/www.cisa-arica.cl\/wp1\/wp-content\/uploads\/2023\/11\/93F2DA56-BF59-4F4F-9894-5F3073468EF9-450x600.jpeg\" data-attachment-id=\"23178\" data-permalink=\"https:\/\/www.cisa-arica.cl\/wp1\/2023\/11\/10\/visita-al-hogar-de-ancianos-hermanitas-de-los-pobres\/93f2da56-bf59-4f4f-9894-5f3073468ef9\/\" data-orig-file=\"https:\/\/www.cisa-arica.cl\/wp1\/wp-content\/uploads\/2023\/11\/93F2DA56-BF59-4F4F-9894-5F3073468EF9-scaled.jpeg\" data-orig-size=\"1920,2560\" data-comments-opened=\"0\" data-image-meta=\"{&quot;aperture&quot;:&quot;0&quot;,&quot;credit&quot;:&quot;&quot;,&quot;camera&quot;:&quot;&quot;,&quot;caption&quot;:&quot;&quot;,&quot;created_timestamp&quot;:&quot;0&quot;,&quot;copyright&quot;:&quot;&quot;,&quot;focal_length&quot;:&quot;0&quot;,&quot;iso&quot;:&quot;0&quot;,&quot;shutter_speed&quot;:&quot;0&quot;,&quot;title&quot;:&quot;&quot;,&quot;orientation&quot;:&quot;1&quot;}\" data-image-title=\"93F2DA56-BF59-4F4F-9894-5F3073468EF9\" data-image-description=\"\" data-image-caption=\"\" data-large-file=\"https:\/\/www.cisa-arica.cl\/wp1\/wp-content\/uploads\/2023\/11\/93F2DA56-BF59-4F4F-9894-5F3073468EF9-450x600.jpeg\" role=\"button\" tabindex=\"0\" aria-label=\"Abrir la imagen 8 de 33 en pantalla completa\"srcset=\"https:\/\/i1.wp.com\/www.cisa-arica.cl\/wp1\/wp-content\/uploads\/2023\/11\/93F2DA56-BF59-4F4F-9894-5F3073468EF9-450x600.jpeg?strip=info&#038;w=600&#038;ssl=1 600w,https:\/\/i1.wp.com\/www.cisa-arica.cl\/wp1\/wp-content\/uploads\/2023\/11\/93F2DA56-BF59-4F4F-9894-5F3073468EF9-450x600.jpeg?strip=info&#038;w=900&#038;ssl=1 900w,https:\/\/i1.wp.com\/www.cisa-arica.cl\/wp1\/wp-content\/uploads\/2023\/11\/93F2DA56-BF59-4F4F-9894-5F3073468EF9-450x600.jpeg?strip=info&#038;w=1200&#038;ssl=1 1200w,https:\/\/i1.wp.com\/www.cisa-arica.cl\/wp1\/wp-content\/uploads\/2023\/11\/93F2DA56-BF59-4F4F-9894-5F3073468EF9-450x600.jpeg?strip=info&#038;w=1500&#038;ssl=1 1500w,https:\/\/i1.wp.com\/www.cisa-arica.cl\/wp1\/wp-content\/uploads\/2023\/11\/93F2DA56-BF59-4F4F-9894-5F3073468EF9-450x600.jpeg?strip=info&#038;w=1800&#038;ssl=1 1800w,https:\/\/i1.wp.com\/www.cisa-arica.cl\/wp1\/wp-content\/uploads\/2023\/11\/93F2DA56-BF59-4F4F-9894-5F3073468EF9-450x600.jpeg?strip=info&#038;w=1920&#038;ssl=1 1920w\" alt=\"\" data-height=\"2560\" data-id=\"23178\" data-link=\"https:\/\/www.cisa-arica.cl\/wp1\/?attachment_id=23178\" data-url=\"https:\/\/www.cisa-arica.cl\/wp1\/wp-content\/uploads\/2023\/11\/93F2DA56-BF59-4F4F-9894-5F3073468EF9-450x600.jpeg\" data-width=\"1920\" src=\"https:\/\/i1.wp.com\/www.cisa-arica.cl\/wp1\/wp-content\/uploads\/2023\/11\/93F2DA56-BF59-4F4F-9894-5F3073468EF9-450x600.jpeg?ssl=1\" data-amp-layout=\"responsive\"\/><\/figure><\/div><div class=\"tiled-gallery__col\" style=\"flex-basis:25.00000%\"><figure class=\"tiled-gallery__item\"><img decoding=\"async\" data-attachment-id=\"23179\" data-permalink=\"https:\/\/www.cisa-arica.cl\/wp1\/2023\/11\/10\/visita-al-hogar-de-ancianos-hermanitas-de-los-pobres\/3bed5f13-0c6a-4d4d-a05d-55c867a79805\/\" data-orig-file=\"https:\/\/www.cisa-arica.cl\/wp1\/wp-content\/uploads\/2023\/11\/3BED5F13-0C6A-4D4D-A05D-55C867A79805-scaled.jpeg\" data-orig-size=\"1920,2560\" data-comments-opened=\"0\" data-image-meta=\"{&quot;aperture&quot;:&quot;0&quot;,&quot;credit&quot;:&quot;&quot;,&quot;camera&quot;:&quot;&quot;,&quot;caption&quot;:&quot;&quot;,&quot;created_timestamp&quot;:&quot;0&quot;,&quot;copyright&quot;:&quot;&quot;,&quot;focal_length&quot;:&quot;0&quot;,&quot;iso&quot;:&quot;0&quot;,&quot;shutter_speed&quot;:&quot;0&quot;,&quot;title&quot;:&quot;&quot;,&quot;orientation&quot;:&quot;1&quot;}\" data-image-title=\"3BED5F13-0C6A-4D4D-A05D-55C867A79805\" data-image-description=\"\" data-image-caption=\"\" data-large-file=\"https:\/\/www.cisa-arica.cl\/wp1\/wp-content\/uploads\/2023\/11\/3BED5F13-0C6A-4D4D-A05D-55C867A79805-450x600.jpeg\" data-attachment-id=\"23179\" data-permalink=\"https:\/\/www.cisa-arica.cl\/wp1\/2023\/11\/10\/visita-al-hogar-de-ancianos-hermanitas-de-los-pobres\/3bed5f13-0c6a-4d4d-a05d-55c867a79805\/\" data-orig-file=\"https:\/\/www.cisa-arica.cl\/wp1\/wp-content\/uploads\/2023\/11\/3BED5F13-0C6A-4D4D-A05D-55C867A79805-scaled.jpeg\" data-orig-size=\"1920,2560\" data-comments-opened=\"0\" data-image-meta=\"{&quot;aperture&quot;:&quot;0&quot;,&quot;credit&quot;:&quot;&quot;,&quot;camera&quot;:&quot;&quot;,&quot;caption&quot;:&quot;&quot;,&quot;created_timestamp&quot;:&quot;0&quot;,&quot;copyright&quot;:&quot;&quot;,&quot;focal_length&quot;:&quot;0&quot;,&quot;iso&quot;:&quot;0&quot;,&quot;shutter_speed&quot;:&quot;0&quot;,&quot;title&quot;:&quot;&quot;,&quot;orientation&quot;:&quot;1&quot;}\" data-image-title=\"3BED5F13-0C6A-4D4D-A05D-55C867A79805\" data-image-description=\"\" data-image-caption=\"\" data-large-file=\"https:\/\/www.cisa-arica.cl\/wp1\/wp-content\/uploads\/2023\/11\/3BED5F13-0C6A-4D4D-A05D-55C867A79805-450x600.jpeg\" role=\"button\" tabindex=\"0\" aria-label=\"Abrir la imagen 9 de 33 en pantalla completa\"srcset=\"https:\/\/i0.wp.com\/www.cisa-arica.cl\/wp1\/wp-content\/uploads\/2023\/11\/3BED5F13-0C6A-4D4D-A05D-55C867A79805-450x600.jpeg?strip=info&#038;w=600&#038;ssl=1 600w,https:\/\/i0.wp.com\/www.cisa-arica.cl\/wp1\/wp-content\/uploads\/2023\/11\/3BED5F13-0C6A-4D4D-A05D-55C867A79805-450x600.jpeg?strip=info&#038;w=900&#038;ssl=1 900w,https:\/\/i0.wp.com\/www.cisa-arica.cl\/wp1\/wp-content\/uploads\/2023\/11\/3BED5F13-0C6A-4D4D-A05D-55C867A79805-450x600.jpeg?strip=info&#038;w=1200&#038;ssl=1 1200w,https:\/\/i0.wp.com\/www.cisa-arica.cl\/wp1\/wp-content\/uploads\/2023\/11\/3BED5F13-0C6A-4D4D-A05D-55C867A79805-450x600.jpeg?strip=info&#038;w=1500&#038;ssl=1 1500w,https:\/\/i0.wp.com\/www.cisa-arica.cl\/wp1\/wp-content\/uploads\/2023\/11\/3BED5F13-0C6A-4D4D-A05D-55C867A79805-450x600.jpeg?strip=info&#038;w=1800&#038;ssl=1 1800w,https:\/\/i0.wp.com\/www.cisa-arica.cl\/wp1\/wp-content\/uploads\/2023\/11\/3BED5F13-0C6A-4D4D-A05D-55C867A79805-450x600.jpeg?strip=info&#038;w=1920&#038;ssl=1 1920w\" alt=\"\" data-height=\"2560\" data-id=\"23179\" data-link=\"https:\/\/www.cisa-arica.cl\/wp1\/?attachment_id=23179\" data-url=\"https:\/\/www.cisa-arica.cl\/wp1\/wp-content\/uploads\/2023\/11\/3BED5F13-0C6A-4D4D-A05D-55C867A79805-450x600.jpeg\" data-width=\"1920\" src=\"https:\/\/i0.wp.com\/www.cisa-arica.cl\/wp1\/wp-content\/uploads\/2023\/11\/3BED5F13-0C6A-4D4D-A05D-55C867A79805-450x600.jpeg?ssl=1\" data-amp-layout=\"responsive\"\/><\/figure><\/div><div class=\"tiled-gallery__col\" style=\"flex-basis:25.00000%\"><figure class=\"tiled-gallery__item\"><img decoding=\"async\" data-attachment-id=\"23180\" data-permalink=\"https:\/\/www.cisa-arica.cl\/wp1\/2023\/11\/10\/visita-al-hogar-de-ancianos-hermanitas-de-los-pobres\/5ec28326-4898-4dca-97e6-946051cd0412\/\" data-orig-file=\"https:\/\/www.cisa-arica.cl\/wp1\/wp-content\/uploads\/2023\/11\/5EC28326-4898-4DCA-97E6-946051CD0412-scaled.jpeg\" data-orig-size=\"1920,2560\" data-comments-opened=\"0\" data-image-meta=\"{&quot;aperture&quot;:&quot;0&quot;,&quot;credit&quot;:&quot;&quot;,&quot;camera&quot;:&quot;&quot;,&quot;caption&quot;:&quot;&quot;,&quot;created_timestamp&quot;:&quot;0&quot;,&quot;copyright&quot;:&quot;&quot;,&quot;focal_length&quot;:&quot;0&quot;,&quot;iso&quot;:&quot;0&quot;,&quot;shutter_speed&quot;:&quot;0&quot;,&quot;title&quot;:&quot;&quot;,&quot;orientation&quot;:&quot;1&quot;}\" data-image-title=\"5EC28326-4898-4DCA-97E6-946051CD0412\" data-image-description=\"\" data-image-caption=\"\" data-large-file=\"https:\/\/www.cisa-arica.cl\/wp1\/wp-content\/uploads\/2023\/11\/5EC28326-4898-4DCA-97E6-946051CD0412-450x600.jpeg\" data-attachment-id=\"23180\" data-permalink=\"https:\/\/www.cisa-arica.cl\/wp1\/2023\/11\/10\/visita-al-hogar-de-ancianos-hermanitas-de-los-pobres\/5ec28326-4898-4dca-97e6-946051cd0412\/\" data-orig-file=\"https:\/\/www.cisa-arica.cl\/wp1\/wp-content\/uploads\/2023\/11\/5EC28326-4898-4DCA-97E6-946051CD0412-scaled.jpeg\" data-orig-size=\"1920,2560\" data-comments-opened=\"0\" data-image-meta=\"{&quot;aperture&quot;:&quot;0&quot;,&quot;credit&quot;:&quot;&quot;,&quot;camera&quot;:&quot;&quot;,&quot;caption&quot;:&quot;&quot;,&quot;created_timestamp&quot;:&quot;0&quot;,&quot;copyright&quot;:&quot;&quot;,&quot;focal_length&quot;:&quot;0&quot;,&quot;iso&quot;:&quot;0&quot;,&quot;shutter_speed&quot;:&quot;0&quot;,&quot;title&quot;:&quot;&quot;,&quot;orientation&quot;:&quot;1&quot;}\" data-image-title=\"5EC28326-4898-4DCA-97E6-946051CD0412\" data-image-description=\"\" data-image-caption=\"\" data-large-file=\"https:\/\/www.cisa-arica.cl\/wp1\/wp-content\/uploads\/2023\/11\/5EC28326-4898-4DCA-97E6-946051CD0412-450x600.jpeg\" role=\"button\" tabindex=\"0\" aria-label=\"Abrir la imagen 10 de 33 en pantalla completa\"srcset=\"https:\/\/i0.wp.com\/www.cisa-arica.cl\/wp1\/wp-content\/uploads\/2023\/11\/5EC28326-4898-4DCA-97E6-946051CD0412-450x600.jpeg?strip=info&#038;w=600&#038;ssl=1 600w,https:\/\/i0.wp.com\/www.cisa-arica.cl\/wp1\/wp-content\/uploads\/2023\/11\/5EC28326-4898-4DCA-97E6-946051CD0412-450x600.jpeg?strip=info&#038;w=900&#038;ssl=1 900w,https:\/\/i0.wp.com\/www.cisa-arica.cl\/wp1\/wp-content\/uploads\/2023\/11\/5EC28326-4898-4DCA-97E6-946051CD0412-450x600.jpeg?strip=info&#038;w=1200&#038;ssl=1 1200w,https:\/\/i0.wp.com\/www.cisa-arica.cl\/wp1\/wp-content\/uploads\/2023\/11\/5EC28326-4898-4DCA-97E6-946051CD0412-450x600.jpeg?strip=info&#038;w=1500&#038;ssl=1 1500w,https:\/\/i0.wp.com\/www.cisa-arica.cl\/wp1\/wp-content\/uploads\/2023\/11\/5EC28326-4898-4DCA-97E6-946051CD0412-450x600.jpeg?strip=info&#038;w=1800&#038;ssl=1 1800w,https:\/\/i0.wp.com\/www.cisa-arica.cl\/wp1\/wp-content\/uploads\/2023\/11\/5EC28326-4898-4DCA-97E6-946051CD0412-450x600.jpeg?strip=info&#038;w=1920&#038;ssl=1 1920w\" alt=\"\" data-height=\"2560\" data-id=\"23180\" data-link=\"https:\/\/www.cisa-arica.cl\/wp1\/?attachment_id=23180\" data-url=\"https:\/\/www.cisa-arica.cl\/wp1\/wp-content\/uploads\/2023\/11\/5EC28326-4898-4DCA-97E6-946051CD0412-450x600.jpeg\" data-width=\"1920\" src=\"https:\/\/i0.wp.com\/www.cisa-arica.cl\/wp1\/wp-content\/uploads\/2023\/11\/5EC28326-4898-4DCA-97E6-946051CD0412-450x600.jpeg?ssl=1\" data-amp-layout=\"responsive\"\/><\/figure><\/div><div class=\"tiled-gallery__col\" style=\"flex-basis:25.00000%\"><figure class=\"tiled-gallery__item\"><img decoding=\"async\" data-attachment-id=\"23181\" data-permalink=\"https:\/\/www.cisa-arica.cl\/wp1\/2023\/11\/10\/visita-al-hogar-de-ancianos-hermanitas-de-los-pobres\/345d2664-4dfa-43b2-bb4e-a841ec7d96c2\/\" data-orig-file=\"https:\/\/www.cisa-arica.cl\/wp1\/wp-content\/uploads\/2023\/11\/345D2664-4DFA-43B2-BB4E-A841EC7D96C2-scaled.jpeg\" data-orig-size=\"1920,2560\" data-comments-opened=\"0\" data-image-meta=\"{&quot;aperture&quot;:&quot;0&quot;,&quot;credit&quot;:&quot;&quot;,&quot;camera&quot;:&quot;&quot;,&quot;caption&quot;:&quot;&quot;,&quot;created_timestamp&quot;:&quot;0&quot;,&quot;copyright&quot;:&quot;&quot;,&quot;focal_length&quot;:&quot;0&quot;,&quot;iso&quot;:&quot;0&quot;,&quot;shutter_speed&quot;:&quot;0&quot;,&quot;title&quot;:&quot;&quot;,&quot;orientation&quot;:&quot;1&quot;}\" data-image-title=\"345D2664-4DFA-43B2-BB4E-A841EC7D96C2\" data-image-description=\"\" data-image-caption=\"\" data-large-file=\"https:\/\/www.cisa-arica.cl\/wp1\/wp-content\/uploads\/2023\/11\/345D2664-4DFA-43B2-BB4E-A841EC7D96C2-450x600.jpeg\" data-attachment-id=\"23181\" data-permalink=\"https:\/\/www.cisa-arica.cl\/wp1\/2023\/11\/10\/visita-al-hogar-de-ancianos-hermanitas-de-los-pobres\/345d2664-4dfa-43b2-bb4e-a841ec7d96c2\/\" data-orig-file=\"https:\/\/www.cisa-arica.cl\/wp1\/wp-content\/uploads\/2023\/11\/345D2664-4DFA-43B2-BB4E-A841EC7D96C2-scaled.jpeg\" data-orig-size=\"1920,2560\" data-comments-opened=\"0\" data-image-meta=\"{&quot;aperture&quot;:&quot;0&quot;,&quot;credit&quot;:&quot;&quot;,&quot;camera&quot;:&quot;&quot;,&quot;caption&quot;:&quot;&quot;,&quot;created_timestamp&quot;:&quot;0&quot;,&quot;copyright&quot;:&quot;&quot;,&quot;focal_length&quot;:&quot;0&quot;,&quot;iso&quot;:&quot;0&quot;,&quot;shutter_speed&quot;:&quot;0&quot;,&quot;title&quot;:&quot;&quot;,&quot;orientation&quot;:&quot;1&quot;}\" data-image-title=\"345D2664-4DFA-43B2-BB4E-A841EC7D96C2\" data-image-description=\"\" data-image-caption=\"\" data-large-file=\"https:\/\/www.cisa-arica.cl\/wp1\/wp-content\/uploads\/2023\/11\/345D2664-4DFA-43B2-BB4E-A841EC7D96C2-450x600.jpeg\" role=\"button\" tabindex=\"0\" aria-label=\"Abrir la imagen 11 de 33 en pantalla completa\"srcset=\"https:\/\/i0.wp.com\/www.cisa-arica.cl\/wp1\/wp-content\/uploads\/2023\/11\/345D2664-4DFA-43B2-BB4E-A841EC7D96C2-450x600.jpeg?strip=info&#038;w=600&#038;ssl=1 600w,https:\/\/i0.wp.com\/www.cisa-arica.cl\/wp1\/wp-content\/uploads\/2023\/11\/345D2664-4DFA-43B2-BB4E-A841EC7D96C2-450x600.jpeg?strip=info&#038;w=900&#038;ssl=1 900w,https:\/\/i0.wp.com\/www.cisa-arica.cl\/wp1\/wp-content\/uploads\/2023\/11\/345D2664-4DFA-43B2-BB4E-A841EC7D96C2-450x600.jpeg?strip=info&#038;w=1200&#038;ssl=1 1200w,https:\/\/i0.wp.com\/www.cisa-arica.cl\/wp1\/wp-content\/uploads\/2023\/11\/345D2664-4DFA-43B2-BB4E-A841EC7D96C2-450x600.jpeg?strip=info&#038;w=1500&#038;ssl=1 1500w,https:\/\/i0.wp.com\/www.cisa-arica.cl\/wp1\/wp-content\/uploads\/2023\/11\/345D2664-4DFA-43B2-BB4E-A841EC7D96C2-450x600.jpeg?strip=info&#038;w=1800&#038;ssl=1 1800w,https:\/\/i0.wp.com\/www.cisa-arica.cl\/wp1\/wp-content\/uploads\/2023\/11\/345D2664-4DFA-43B2-BB4E-A841EC7D96C2-450x600.jpeg?strip=info&#038;w=1920&#038;ssl=1 1920w\" alt=\"\" data-height=\"2560\" data-id=\"23181\" data-link=\"https:\/\/www.cisa-arica.cl\/wp1\/?attachment_id=23181\" data-url=\"https:\/\/www.cisa-arica.cl\/wp1\/wp-content\/uploads\/2023\/11\/345D2664-4DFA-43B2-BB4E-A841EC7D96C2-450x600.jpeg\" data-width=\"1920\" src=\"https:\/\/i0.wp.com\/www.cisa-arica.cl\/wp1\/wp-content\/uploads\/2023\/11\/345D2664-4DFA-43B2-BB4E-A841EC7D96C2-450x600.jpeg?ssl=1\" data-amp-layout=\"responsive\"\/><\/figure><\/div><\/div><div class=\"tiled-gallery__row\"><div class=\"tiled-gallery__col\" style=\"flex-basis:50.00000%\"><figure class=\"tiled-gallery__item\"><img decoding=\"async\" data-attachment-id=\"23182\" data-permalink=\"https:\/\/www.cisa-arica.cl\/wp1\/2023\/11\/10\/visita-al-hogar-de-ancianos-hermanitas-de-los-pobres\/b92c3bad-b698-4de6-b5b7-90600bd818eb\/\" data-orig-file=\"https:\/\/www.cisa-arica.cl\/wp1\/wp-content\/uploads\/2023\/11\/B92C3BAD-B698-4DE6-B5B7-90600BD818EB-scaled.jpeg\" data-orig-size=\"1920,2560\" data-comments-opened=\"0\" data-image-meta=\"{&quot;aperture&quot;:&quot;0&quot;,&quot;credit&quot;:&quot;&quot;,&quot;camera&quot;:&quot;&quot;,&quot;caption&quot;:&quot;&quot;,&quot;created_timestamp&quot;:&quot;0&quot;,&quot;copyright&quot;:&quot;&quot;,&quot;focal_length&quot;:&quot;0&quot;,&quot;iso&quot;:&quot;0&quot;,&quot;shutter_speed&quot;:&quot;0&quot;,&quot;title&quot;:&quot;&quot;,&quot;orientation&quot;:&quot;1&quot;}\" data-image-title=\"B92C3BAD-B698-4DE6-B5B7-90600BD818EB\" data-image-description=\"\" data-image-caption=\"\" data-large-file=\"https:\/\/www.cisa-arica.cl\/wp1\/wp-content\/uploads\/2023\/11\/B92C3BAD-B698-4DE6-B5B7-90600BD818EB-450x600.jpeg\" data-attachment-id=\"23182\" data-permalink=\"https:\/\/www.cisa-arica.cl\/wp1\/2023\/11\/10\/visita-al-hogar-de-ancianos-hermanitas-de-los-pobres\/b92c3bad-b698-4de6-b5b7-90600bd818eb\/\" data-orig-file=\"https:\/\/www.cisa-arica.cl\/wp1\/wp-content\/uploads\/2023\/11\/B92C3BAD-B698-4DE6-B5B7-90600BD818EB-scaled.jpeg\" data-orig-size=\"1920,2560\" data-comments-opened=\"0\" data-image-meta=\"{&quot;aperture&quot;:&quot;0&quot;,&quot;credit&quot;:&quot;&quot;,&quot;camera&quot;:&quot;&quot;,&quot;caption&quot;:&quot;&quot;,&quot;created_timestamp&quot;:&quot;0&quot;,&quot;copyright&quot;:&quot;&quot;,&quot;focal_length&quot;:&quot;0&quot;,&quot;iso&quot;:&quot;0&quot;,&quot;shutter_speed&quot;:&quot;0&quot;,&quot;title&quot;:&quot;&quot;,&quot;orientation&quot;:&quot;1&quot;}\" data-image-title=\"B92C3BAD-B698-4DE6-B5B7-90600BD818EB\" data-image-description=\"\" data-image-caption=\"\" data-large-file=\"https:\/\/www.cisa-arica.cl\/wp1\/wp-content\/uploads\/2023\/11\/B92C3BAD-B698-4DE6-B5B7-90600BD818EB-450x600.jpeg\" role=\"button\" tabindex=\"0\" aria-label=\"Abrir la imagen 12 de 33 en pantalla completa\"srcset=\"https:\/\/i0.wp.com\/www.cisa-arica.cl\/wp1\/wp-content\/uploads\/2023\/11\/B92C3BAD-B698-4DE6-B5B7-90600BD818EB-450x600.jpeg?strip=info&#038;w=600&#038;ssl=1 600w,https:\/\/i0.wp.com\/www.cisa-arica.cl\/wp1\/wp-content\/uploads\/2023\/11\/B92C3BAD-B698-4DE6-B5B7-90600BD818EB-450x600.jpeg?strip=info&#038;w=900&#038;ssl=1 900w,https:\/\/i0.wp.com\/www.cisa-arica.cl\/wp1\/wp-content\/uploads\/2023\/11\/B92C3BAD-B698-4DE6-B5B7-90600BD818EB-450x600.jpeg?strip=info&#038;w=1200&#038;ssl=1 1200w,https:\/\/i0.wp.com\/www.cisa-arica.cl\/wp1\/wp-content\/uploads\/2023\/11\/B92C3BAD-B698-4DE6-B5B7-90600BD818EB-450x600.jpeg?strip=info&#038;w=1500&#038;ssl=1 1500w,https:\/\/i0.wp.com\/www.cisa-arica.cl\/wp1\/wp-content\/uploads\/2023\/11\/B92C3BAD-B698-4DE6-B5B7-90600BD818EB-450x600.jpeg?strip=info&#038;w=1800&#038;ssl=1 1800w,https:\/\/i0.wp.com\/www.cisa-arica.cl\/wp1\/wp-content\/uploads\/2023\/11\/B92C3BAD-B698-4DE6-B5B7-90600BD818EB-450x600.jpeg?strip=info&#038;w=1920&#038;ssl=1 1920w\" alt=\"\" data-height=\"2560\" data-id=\"23182\" data-link=\"https:\/\/www.cisa-arica.cl\/wp1\/?attachment_id=23182\" data-url=\"https:\/\/www.cisa-arica.cl\/wp1\/wp-content\/uploads\/2023\/11\/B92C3BAD-B698-4DE6-B5B7-90600BD818EB-450x600.jpeg\" data-width=\"1920\" src=\"https:\/\/i0.wp.com\/www.cisa-arica.cl\/wp1\/wp-content\/uploads\/2023\/11\/B92C3BAD-B698-4DE6-B5B7-90600BD818EB-450x600.jpeg?ssl=1\" data-amp-layout=\"responsive\"\/><\/figure><\/div><div class=\"tiled-gallery__col\" style=\"flex-basis:50.00000%\"><figure class=\"tiled-gallery__item\"><img decoding=\"async\" data-attachment-id=\"23183\" data-permalink=\"https:\/\/www.cisa-arica.cl\/wp1\/2023\/11\/10\/visita-al-hogar-de-ancianos-hermanitas-de-los-pobres\/335b4e96-3ebd-4ad6-9fbe-c3b3e12843ce\/\" data-orig-file=\"https:\/\/www.cisa-arica.cl\/wp1\/wp-content\/uploads\/2023\/11\/335B4E96-3EBD-4AD6-9FBE-C3B3E12843CE-scaled.jpeg\" data-orig-size=\"1920,2560\" data-comments-opened=\"0\" data-image-meta=\"{&quot;aperture&quot;:&quot;0&quot;,&quot;credit&quot;:&quot;&quot;,&quot;camera&quot;:&quot;&quot;,&quot;caption&quot;:&quot;&quot;,&quot;created_timestamp&quot;:&quot;0&quot;,&quot;copyright&quot;:&quot;&quot;,&quot;focal_length&quot;:&quot;0&quot;,&quot;iso&quot;:&quot;0&quot;,&quot;shutter_speed&quot;:&quot;0&quot;,&quot;title&quot;:&quot;&quot;,&quot;orientation&quot;:&quot;1&quot;}\" data-image-title=\"335B4E96-3EBD-4AD6-9FBE-C3B3E12843CE\" data-image-description=\"\" data-image-caption=\"\" data-large-file=\"https:\/\/www.cisa-arica.cl\/wp1\/wp-content\/uploads\/2023\/11\/335B4E96-3EBD-4AD6-9FBE-C3B3E12843CE-450x600.jpeg\" data-attachment-id=\"23183\" data-permalink=\"https:\/\/www.cisa-arica.cl\/wp1\/2023\/11\/10\/visita-al-hogar-de-ancianos-hermanitas-de-los-pobres\/335b4e96-3ebd-4ad6-9fbe-c3b3e12843ce\/\" data-orig-file=\"https:\/\/www.cisa-arica.cl\/wp1\/wp-content\/uploads\/2023\/11\/335B4E96-3EBD-4AD6-9FBE-C3B3E12843CE-scaled.jpeg\" data-orig-size=\"1920,2560\" data-comments-opened=\"0\" data-image-meta=\"{&quot;aperture&quot;:&quot;0&quot;,&quot;credit&quot;:&quot;&quot;,&quot;camera&quot;:&quot;&quot;,&quot;caption&quot;:&quot;&quot;,&quot;created_timestamp&quot;:&quot;0&quot;,&quot;copyright&quot;:&quot;&quot;,&quot;focal_length&quot;:&quot;0&quot;,&quot;iso&quot;:&quot;0&quot;,&quot;shutter_speed&quot;:&quot;0&quot;,&quot;title&quot;:&quot;&quot;,&quot;orientation&quot;:&quot;1&quot;}\" data-image-title=\"335B4E96-3EBD-4AD6-9FBE-C3B3E12843CE\" data-image-description=\"\" data-image-caption=\"\" data-large-file=\"https:\/\/www.cisa-arica.cl\/wp1\/wp-content\/uploads\/2023\/11\/335B4E96-3EBD-4AD6-9FBE-C3B3E12843CE-450x600.jpeg\" role=\"button\" tabindex=\"0\" aria-label=\"Abrir la imagen 13 de 33 en pantalla completa\"srcset=\"https:\/\/i1.wp.com\/www.cisa-arica.cl\/wp1\/wp-content\/uploads\/2023\/11\/335B4E96-3EBD-4AD6-9FBE-C3B3E12843CE-450x600.jpeg?strip=info&#038;w=600&#038;ssl=1 600w,https:\/\/i1.wp.com\/www.cisa-arica.cl\/wp1\/wp-content\/uploads\/2023\/11\/335B4E96-3EBD-4AD6-9FBE-C3B3E12843CE-450x600.jpeg?strip=info&#038;w=900&#038;ssl=1 900w,https:\/\/i1.wp.com\/www.cisa-arica.cl\/wp1\/wp-content\/uploads\/2023\/11\/335B4E96-3EBD-4AD6-9FBE-C3B3E12843CE-450x600.jpeg?strip=info&#038;w=1200&#038;ssl=1 1200w,https:\/\/i1.wp.com\/www.cisa-arica.cl\/wp1\/wp-content\/uploads\/2023\/11\/335B4E96-3EBD-4AD6-9FBE-C3B3E12843CE-450x600.jpeg?strip=info&#038;w=1500&#038;ssl=1 1500w,https:\/\/i1.wp.com\/www.cisa-arica.cl\/wp1\/wp-content\/uploads\/2023\/11\/335B4E96-3EBD-4AD6-9FBE-C3B3E12843CE-450x600.jpeg?strip=info&#038;w=1800&#038;ssl=1 1800w,https:\/\/i1.wp.com\/www.cisa-arica.cl\/wp1\/wp-content\/uploads\/2023\/11\/335B4E96-3EBD-4AD6-9FBE-C3B3E12843CE-450x600.jpeg?strip=info&#038;w=1920&#038;ssl=1 1920w\" alt=\"\" data-height=\"2560\" data-id=\"23183\" data-link=\"https:\/\/www.cisa-arica.cl\/wp1\/?attachment_id=23183\" data-url=\"https:\/\/www.cisa-arica.cl\/wp1\/wp-content\/uploads\/2023\/11\/335B4E96-3EBD-4AD6-9FBE-C3B3E12843CE-450x600.jpeg\" data-width=\"1920\" src=\"https:\/\/i1.wp.com\/www.cisa-arica.cl\/wp1\/wp-content\/uploads\/2023\/11\/335B4E96-3EBD-4AD6-9FBE-C3B3E12843CE-450x600.jpeg?ssl=1\" data-amp-layout=\"responsive\"\/><\/figure><\/div><\/div><div class=\"tiled-gallery__row\"><div class=\"tiled-gallery__col\" style=\"flex-basis:63.91215%\"><figure class=\"tiled-gallery__item\"><img decoding=\"async\" data-attachment-id=\"23184\" data-permalink=\"https:\/\/www.cisa-arica.cl\/wp1\/2023\/11\/10\/visita-al-hogar-de-ancianos-hermanitas-de-los-pobres\/be30e261-5d18-4628-aaad-e142b91dcde8\/\" data-orig-file=\"https:\/\/www.cisa-arica.cl\/wp1\/wp-content\/uploads\/2023\/11\/BE30E261-5D18-4628-AAAD-E142B91DCDE8-scaled.jpeg\" data-orig-size=\"2560,1920\" data-comments-opened=\"0\" data-image-meta=\"{&quot;aperture&quot;:&quot;0&quot;,&quot;credit&quot;:&quot;&quot;,&quot;camera&quot;:&quot;&quot;,&quot;caption&quot;:&quot;&quot;,&quot;created_timestamp&quot;:&quot;0&quot;,&quot;copyright&quot;:&quot;&quot;,&quot;focal_length&quot;:&quot;0&quot;,&quot;iso&quot;:&quot;0&quot;,&quot;shutter_speed&quot;:&quot;0&quot;,&quot;title&quot;:&quot;&quot;,&quot;orientation&quot;:&quot;1&quot;}\" data-image-title=\"BE30E261-5D18-4628-AAAD-E142B91DCDE8\" data-image-description=\"\" data-image-caption=\"\" data-large-file=\"https:\/\/www.cisa-arica.cl\/wp1\/wp-content\/uploads\/2023\/11\/BE30E261-5D18-4628-AAAD-E142B91DCDE8-600x450.jpeg\" data-attachment-id=\"23184\" data-permalink=\"https:\/\/www.cisa-arica.cl\/wp1\/2023\/11\/10\/visita-al-hogar-de-ancianos-hermanitas-de-los-pobres\/be30e261-5d18-4628-aaad-e142b91dcde8\/\" data-orig-file=\"https:\/\/www.cisa-arica.cl\/wp1\/wp-content\/uploads\/2023\/11\/BE30E261-5D18-4628-AAAD-E142B91DCDE8-scaled.jpeg\" data-orig-size=\"2560,1920\" data-comments-opened=\"0\" data-image-meta=\"{&quot;aperture&quot;:&quot;0&quot;,&quot;credit&quot;:&quot;&quot;,&quot;camera&quot;:&quot;&quot;,&quot;caption&quot;:&quot;&quot;,&quot;created_timestamp&quot;:&quot;0&quot;,&quot;copyright&quot;:&quot;&quot;,&quot;focal_length&quot;:&quot;0&quot;,&quot;iso&quot;:&quot;0&quot;,&quot;shutter_speed&quot;:&quot;0&quot;,&quot;title&quot;:&quot;&quot;,&quot;orientation&quot;:&quot;1&quot;}\" data-image-title=\"BE30E261-5D18-4628-AAAD-E142B91DCDE8\" data-image-description=\"\" data-image-caption=\"\" data-large-file=\"https:\/\/www.cisa-arica.cl\/wp1\/wp-content\/uploads\/2023\/11\/BE30E261-5D18-4628-AAAD-E142B91DCDE8-600x450.jpeg\" role=\"button\" tabindex=\"0\" aria-label=\"Abrir la imagen 14 de 33 en pantalla completa\"srcset=\"https:\/\/i0.wp.com\/www.cisa-arica.cl\/wp1\/wp-content\/uploads\/2023\/11\/BE30E261-5D18-4628-AAAD-E142B91DCDE8-600x450.jpeg?strip=info&#038;w=600&#038;ssl=1 600w,https:\/\/i0.wp.com\/www.cisa-arica.cl\/wp1\/wp-content\/uploads\/2023\/11\/BE30E261-5D18-4628-AAAD-E142B91DCDE8-600x450.jpeg?strip=info&#038;w=900&#038;ssl=1 900w,https:\/\/i0.wp.com\/www.cisa-arica.cl\/wp1\/wp-content\/uploads\/2023\/11\/BE30E261-5D18-4628-AAAD-E142B91DCDE8-600x450.jpeg?strip=info&#038;w=1200&#038;ssl=1 1200w,https:\/\/i0.wp.com\/www.cisa-arica.cl\/wp1\/wp-content\/uploads\/2023\/11\/BE30E261-5D18-4628-AAAD-E142B91DCDE8-600x450.jpeg?strip=info&#038;w=1500&#038;ssl=1 1500w,https:\/\/i0.wp.com\/www.cisa-arica.cl\/wp1\/wp-content\/uploads\/2023\/11\/BE30E261-5D18-4628-AAAD-E142B91DCDE8-600x450.jpeg?strip=info&#038;w=1800&#038;ssl=1 1800w,https:\/\/i0.wp.com\/www.cisa-arica.cl\/wp1\/wp-content\/uploads\/2023\/11\/BE30E261-5D18-4628-AAAD-E142B91DCDE8-600x450.jpeg?strip=info&#038;w=2000&#038;ssl=1 2000w\" alt=\"\" data-height=\"1920\" data-id=\"23184\" data-link=\"https:\/\/www.cisa-arica.cl\/wp1\/?attachment_id=23184\" data-url=\"https:\/\/www.cisa-arica.cl\/wp1\/wp-content\/uploads\/2023\/11\/BE30E261-5D18-4628-AAAD-E142B91DCDE8-600x450.jpeg\" data-width=\"2560\" src=\"https:\/\/i0.wp.com\/www.cisa-arica.cl\/wp1\/wp-content\/uploads\/2023\/11\/BE30E261-5D18-4628-AAAD-E142B91DCDE8-600x450.jpeg?ssl=1\" data-amp-layout=\"responsive\"\/><\/figure><\/div><div class=\"tiled-gallery__col\" style=\"flex-basis:36.08785%\"><figure class=\"tiled-gallery__item\"><img decoding=\"async\" data-attachment-id=\"23185\" data-permalink=\"https:\/\/www.cisa-arica.cl\/wp1\/2023\/11\/10\/visita-al-hogar-de-ancianos-hermanitas-de-los-pobres\/91585e38-2428-449e-8e55-b8cd3500de5f\/\" data-orig-file=\"https:\/\/www.cisa-arica.cl\/wp1\/wp-content\/uploads\/2023\/11\/91585E38-2428-449E-8E55-B8CD3500DE5F-scaled.jpeg\" data-orig-size=\"1920,2560\" data-comments-opened=\"0\" data-image-meta=\"{&quot;aperture&quot;:&quot;0&quot;,&quot;credit&quot;:&quot;&quot;,&quot;camera&quot;:&quot;&quot;,&quot;caption&quot;:&quot;&quot;,&quot;created_timestamp&quot;:&quot;0&quot;,&quot;copyright&quot;:&quot;&quot;,&quot;focal_length&quot;:&quot;0&quot;,&quot;iso&quot;:&quot;0&quot;,&quot;shutter_speed&quot;:&quot;0&quot;,&quot;title&quot;:&quot;&quot;,&quot;orientation&quot;:&quot;1&quot;}\" data-image-title=\"91585E38-2428-449E-8E55-B8CD3500DE5F\" data-image-description=\"\" data-image-caption=\"\" data-large-file=\"https:\/\/www.cisa-arica.cl\/wp1\/wp-content\/uploads\/2023\/11\/91585E38-2428-449E-8E55-B8CD3500DE5F-450x600.jpeg\" data-attachment-id=\"23185\" data-permalink=\"https:\/\/www.cisa-arica.cl\/wp1\/2023\/11\/10\/visita-al-hogar-de-ancianos-hermanitas-de-los-pobres\/91585e38-2428-449e-8e55-b8cd3500de5f\/\" data-orig-file=\"https:\/\/www.cisa-arica.cl\/wp1\/wp-content\/uploads\/2023\/11\/91585E38-2428-449E-8E55-B8CD3500DE5F-scaled.jpeg\" data-orig-size=\"1920,2560\" data-comments-opened=\"0\" data-image-meta=\"{&quot;aperture&quot;:&quot;0&quot;,&quot;credit&quot;:&quot;&quot;,&quot;camera&quot;:&quot;&quot;,&quot;caption&quot;:&quot;&quot;,&quot;created_timestamp&quot;:&quot;0&quot;,&quot;copyright&quot;:&quot;&quot;,&quot;focal_length&quot;:&quot;0&quot;,&quot;iso&quot;:&quot;0&quot;,&quot;shutter_speed&quot;:&quot;0&quot;,&quot;title&quot;:&quot;&quot;,&quot;orientation&quot;:&quot;1&quot;}\" data-image-title=\"91585E38-2428-449E-8E55-B8CD3500DE5F\" data-image-description=\"\" data-image-caption=\"\" data-large-file=\"https:\/\/www.cisa-arica.cl\/wp1\/wp-content\/uploads\/2023\/11\/91585E38-2428-449E-8E55-B8CD3500DE5F-450x600.jpeg\" role=\"button\" tabindex=\"0\" aria-label=\"Abrir la imagen 15 de 33 en pantalla completa\"srcset=\"https:\/\/i2.wp.com\/www.cisa-arica.cl\/wp1\/wp-content\/uploads\/2023\/11\/91585E38-2428-449E-8E55-B8CD3500DE5F-450x600.jpeg?strip=info&#038;w=600&#038;ssl=1 600w,https:\/\/i2.wp.com\/www.cisa-arica.cl\/wp1\/wp-content\/uploads\/2023\/11\/91585E38-2428-449E-8E55-B8CD3500DE5F-450x600.jpeg?strip=info&#038;w=900&#038;ssl=1 900w,https:\/\/i2.wp.com\/www.cisa-arica.cl\/wp1\/wp-content\/uploads\/2023\/11\/91585E38-2428-449E-8E55-B8CD3500DE5F-450x600.jpeg?strip=info&#038;w=1200&#038;ssl=1 1200w,https:\/\/i2.wp.com\/www.cisa-arica.cl\/wp1\/wp-content\/uploads\/2023\/11\/91585E38-2428-449E-8E55-B8CD3500DE5F-450x600.jpeg?strip=info&#038;w=1500&#038;ssl=1 1500w,https:\/\/i2.wp.com\/www.cisa-arica.cl\/wp1\/wp-content\/uploads\/2023\/11\/91585E38-2428-449E-8E55-B8CD3500DE5F-450x600.jpeg?strip=info&#038;w=1800&#038;ssl=1 1800w,https:\/\/i2.wp.com\/www.cisa-arica.cl\/wp1\/wp-content\/uploads\/2023\/11\/91585E38-2428-449E-8E55-B8CD3500DE5F-450x600.jpeg?strip=info&#038;w=1920&#038;ssl=1 1920w\" alt=\"\" data-height=\"2560\" data-id=\"23185\" data-link=\"https:\/\/www.cisa-arica.cl\/wp1\/?attachment_id=23185\" data-url=\"https:\/\/www.cisa-arica.cl\/wp1\/wp-content\/uploads\/2023\/11\/91585E38-2428-449E-8E55-B8CD3500DE5F-450x600.jpeg\" data-width=\"1920\" src=\"https:\/\/i2.wp.com\/www.cisa-arica.cl\/wp1\/wp-content\/uploads\/2023\/11\/91585E38-2428-449E-8E55-B8CD3500DE5F-450x600.jpeg?ssl=1\" data-amp-layout=\"responsive\"\/><\/figure><\/div><\/div><div class=\"tiled-gallery__row\"><div class=\"tiled-gallery__col\" style=\"flex-basis:50.00000%\"><figure class=\"tiled-gallery__item\"><img decoding=\"async\" data-attachment-id=\"23186\" data-permalink=\"https:\/\/www.cisa-arica.cl\/wp1\/2023\/11\/10\/visita-al-hogar-de-ancianos-hermanitas-de-los-pobres\/5cf23dfc-a3d2-4e25-aff9-5516c77aaea3\/\" data-orig-file=\"https:\/\/www.cisa-arica.cl\/wp1\/wp-content\/uploads\/2023\/11\/5CF23DFC-A3D2-4E25-AFF9-5516C77AAEA3-scaled.jpeg\" data-orig-size=\"1920,2560\" data-comments-opened=\"0\" data-image-meta=\"{&quot;aperture&quot;:&quot;0&quot;,&quot;credit&quot;:&quot;&quot;,&quot;camera&quot;:&quot;&quot;,&quot;caption&quot;:&quot;&quot;,&quot;created_timestamp&quot;:&quot;0&quot;,&quot;copyright&quot;:&quot;&quot;,&quot;focal_length&quot;:&quot;0&quot;,&quot;iso&quot;:&quot;0&quot;,&quot;shutter_speed&quot;:&quot;0&quot;,&quot;title&quot;:&quot;&quot;,&quot;orientation&quot;:&quot;1&quot;}\" data-image-title=\"5CF23DFC-A3D2-4E25-AFF9-5516C77AAEA3\" data-image-description=\"\" data-image-caption=\"\" data-large-file=\"https:\/\/www.cisa-arica.cl\/wp1\/wp-content\/uploads\/2023\/11\/5CF23DFC-A3D2-4E25-AFF9-5516C77AAEA3-450x600.jpeg\" data-attachment-id=\"23186\" data-permalink=\"https:\/\/www.cisa-arica.cl\/wp1\/2023\/11\/10\/visita-al-hogar-de-ancianos-hermanitas-de-los-pobres\/5cf23dfc-a3d2-4e25-aff9-5516c77aaea3\/\" data-orig-file=\"https:\/\/www.cisa-arica.cl\/wp1\/wp-content\/uploads\/2023\/11\/5CF23DFC-A3D2-4E25-AFF9-5516C77AAEA3-scaled.jpeg\" data-orig-size=\"1920,2560\" data-comments-opened=\"0\" data-image-meta=\"{&quot;aperture&quot;:&quot;0&quot;,&quot;credit&quot;:&quot;&quot;,&quot;camera&quot;:&quot;&quot;,&quot;caption&quot;:&quot;&quot;,&quot;created_timestamp&quot;:&quot;0&quot;,&quot;copyright&quot;:&quot;&quot;,&quot;focal_length&quot;:&quot;0&quot;,&quot;iso&quot;:&quot;0&quot;,&quot;shutter_speed&quot;:&quot;0&quot;,&quot;title&quot;:&quot;&quot;,&quot;orientation&quot;:&quot;1&quot;}\" data-image-title=\"5CF23DFC-A3D2-4E25-AFF9-5516C77AAEA3\" data-image-description=\"\" data-image-caption=\"\" data-large-file=\"https:\/\/www.cisa-arica.cl\/wp1\/wp-content\/uploads\/2023\/11\/5CF23DFC-A3D2-4E25-AFF9-5516C77AAEA3-450x600.jpeg\" role=\"button\" tabindex=\"0\" aria-label=\"Abrir la imagen 16 de 33 en pantalla completa\"srcset=\"https:\/\/i2.wp.com\/www.cisa-arica.cl\/wp1\/wp-content\/uploads\/2023\/11\/5CF23DFC-A3D2-4E25-AFF9-5516C77AAEA3-450x600.jpeg?strip=info&#038;w=600&#038;ssl=1 600w,https:\/\/i2.wp.com\/www.cisa-arica.cl\/wp1\/wp-content\/uploads\/2023\/11\/5CF23DFC-A3D2-4E25-AFF9-5516C77AAEA3-450x600.jpeg?strip=info&#038;w=900&#038;ssl=1 900w,https:\/\/i2.wp.com\/www.cisa-arica.cl\/wp1\/wp-content\/uploads\/2023\/11\/5CF23DFC-A3D2-4E25-AFF9-5516C77AAEA3-450x600.jpeg?strip=info&#038;w=1200&#038;ssl=1 1200w,https:\/\/i2.wp.com\/www.cisa-arica.cl\/wp1\/wp-content\/uploads\/2023\/11\/5CF23DFC-A3D2-4E25-AFF9-5516C77AAEA3-450x600.jpeg?strip=info&#038;w=1500&#038;ssl=1 1500w,https:\/\/i2.wp.com\/www.cisa-arica.cl\/wp1\/wp-content\/uploads\/2023\/11\/5CF23DFC-A3D2-4E25-AFF9-5516C77AAEA3-450x600.jpeg?strip=info&#038;w=1800&#038;ssl=1 1800w,https:\/\/i2.wp.com\/www.cisa-arica.cl\/wp1\/wp-content\/uploads\/2023\/11\/5CF23DFC-A3D2-4E25-AFF9-5516C77AAEA3-450x600.jpeg?strip=info&#038;w=1920&#038;ssl=1 1920w\" alt=\"\" data-height=\"2560\" data-id=\"23186\" data-link=\"https:\/\/www.cisa-arica.cl\/wp1\/?attachment_id=23186\" data-url=\"https:\/\/www.cisa-arica.cl\/wp1\/wp-content\/uploads\/2023\/11\/5CF23DFC-A3D2-4E25-AFF9-5516C77AAEA3-450x600.jpeg\" data-width=\"1920\" src=\"https:\/\/i2.wp.com\/www.cisa-arica.cl\/wp1\/wp-content\/uploads\/2023\/11\/5CF23DFC-A3D2-4E25-AFF9-5516C77AAEA3-450x600.jpeg?ssl=1\" data-amp-layout=\"responsive\"\/><\/figure><\/div><div class=\"tiled-gallery__col\" style=\"flex-basis:50.00000%\"><figure class=\"tiled-gallery__item\"><img decoding=\"async\" data-attachment-id=\"23187\" data-permalink=\"https:\/\/www.cisa-arica.cl\/wp1\/2023\/11\/10\/visita-al-hogar-de-ancianos-hermanitas-de-los-pobres\/5cb17537-47fa-46ee-ab48-c1cfe5c46b1a\/\" data-orig-file=\"https:\/\/www.cisa-arica.cl\/wp1\/wp-content\/uploads\/2023\/11\/5CB17537-47FA-46EE-AB48-C1CFE5C46B1A-scaled.jpeg\" data-orig-size=\"1920,2560\" data-comments-opened=\"0\" data-image-meta=\"{&quot;aperture&quot;:&quot;0&quot;,&quot;credit&quot;:&quot;&quot;,&quot;camera&quot;:&quot;&quot;,&quot;caption&quot;:&quot;&quot;,&quot;created_timestamp&quot;:&quot;0&quot;,&quot;copyright&quot;:&quot;&quot;,&quot;focal_length&quot;:&quot;0&quot;,&quot;iso&quot;:&quot;0&quot;,&quot;shutter_speed&quot;:&quot;0&quot;,&quot;title&quot;:&quot;&quot;,&quot;orientation&quot;:&quot;1&quot;}\" data-image-title=\"5CB17537-47FA-46EE-AB48-C1CFE5C46B1A\" data-image-description=\"\" data-image-caption=\"\" data-large-file=\"https:\/\/www.cisa-arica.cl\/wp1\/wp-content\/uploads\/2023\/11\/5CB17537-47FA-46EE-AB48-C1CFE5C46B1A-450x600.jpeg\" data-attachment-id=\"23187\" data-permalink=\"https:\/\/www.cisa-arica.cl\/wp1\/2023\/11\/10\/visita-al-hogar-de-ancianos-hermanitas-de-los-pobres\/5cb17537-47fa-46ee-ab48-c1cfe5c46b1a\/\" data-orig-file=\"https:\/\/www.cisa-arica.cl\/wp1\/wp-content\/uploads\/2023\/11\/5CB17537-47FA-46EE-AB48-C1CFE5C46B1A-scaled.jpeg\" data-orig-size=\"1920,2560\" data-comments-opened=\"0\" data-image-meta=\"{&quot;aperture&quot;:&quot;0&quot;,&quot;credit&quot;:&quot;&quot;,&quot;camera&quot;:&quot;&quot;,&quot;caption&quot;:&quot;&quot;,&quot;created_timestamp&quot;:&quot;0&quot;,&quot;copyright&quot;:&quot;&quot;,&quot;focal_length&quot;:&quot;0&quot;,&quot;iso&quot;:&quot;0&quot;,&quot;shutter_speed&quot;:&quot;0&quot;,&quot;title&quot;:&quot;&quot;,&quot;orientation&quot;:&quot;1&quot;}\" data-image-title=\"5CB17537-47FA-46EE-AB48-C1CFE5C46B1A\" data-image-description=\"\" data-image-caption=\"\" data-large-file=\"https:\/\/www.cisa-arica.cl\/wp1\/wp-content\/uploads\/2023\/11\/5CB17537-47FA-46EE-AB48-C1CFE5C46B1A-450x600.jpeg\" role=\"button\" tabindex=\"0\" aria-label=\"Abrir la imagen 17 de 33 en pantalla completa\"srcset=\"https:\/\/i1.wp.com\/www.cisa-arica.cl\/wp1\/wp-content\/uploads\/2023\/11\/5CB17537-47FA-46EE-AB48-C1CFE5C46B1A-450x600.jpeg?strip=info&#038;w=600&#038;ssl=1 600w,https:\/\/i1.wp.com\/www.cisa-arica.cl\/wp1\/wp-content\/uploads\/2023\/11\/5CB17537-47FA-46EE-AB48-C1CFE5C46B1A-450x600.jpeg?strip=info&#038;w=900&#038;ssl=1 900w,https:\/\/i1.wp.com\/www.cisa-arica.cl\/wp1\/wp-content\/uploads\/2023\/11\/5CB17537-47FA-46EE-AB48-C1CFE5C46B1A-450x600.jpeg?strip=info&#038;w=1200&#038;ssl=1 1200w,https:\/\/i1.wp.com\/www.cisa-arica.cl\/wp1\/wp-content\/uploads\/2023\/11\/5CB17537-47FA-46EE-AB48-C1CFE5C46B1A-450x600.jpeg?strip=info&#038;w=1500&#038;ssl=1 1500w,https:\/\/i1.wp.com\/www.cisa-arica.cl\/wp1\/wp-content\/uploads\/2023\/11\/5CB17537-47FA-46EE-AB48-C1CFE5C46B1A-450x600.jpeg?strip=info&#038;w=1800&#038;ssl=1 1800w,https:\/\/i1.wp.com\/www.cisa-arica.cl\/wp1\/wp-content\/uploads\/2023\/11\/5CB17537-47FA-46EE-AB48-C1CFE5C46B1A-450x600.jpeg?strip=info&#038;w=1920&#038;ssl=1 1920w\" alt=\"\" data-height=\"2560\" data-id=\"23187\" data-link=\"https:\/\/www.cisa-arica.cl\/wp1\/?attachment_id=23187\" data-url=\"https:\/\/www.cisa-arica.cl\/wp1\/wp-content\/uploads\/2023\/11\/5CB17537-47FA-46EE-AB48-C1CFE5C46B1A-450x600.jpeg\" data-width=\"1920\" src=\"https:\/\/i1.wp.com\/www.cisa-arica.cl\/wp1\/wp-content\/uploads\/2023\/11\/5CB17537-47FA-46EE-AB48-C1CFE5C46B1A-450x600.jpeg?ssl=1\" data-amp-layout=\"responsive\"\/><\/figure><\/div><\/div><div class=\"tiled-gallery__row\"><div class=\"tiled-gallery__col\" style=\"flex-basis:46.67567%\"><figure class=\"tiled-gallery__item\"><img decoding=\"async\" data-attachment-id=\"23188\" data-permalink=\"https:\/\/www.cisa-arica.cl\/wp1\/2023\/11\/10\/visita-al-hogar-de-ancianos-hermanitas-de-los-pobres\/11982d31-b1e9-423e-888f-7c5bb933a5f0\/\" data-orig-file=\"https:\/\/www.cisa-arica.cl\/wp1\/wp-content\/uploads\/2023\/11\/11982D31-B1E9-423E-888F-7C5BB933A5F0-scaled.jpeg\" data-orig-size=\"2560,1920\" data-comments-opened=\"0\" data-image-meta=\"{&quot;aperture&quot;:&quot;0&quot;,&quot;credit&quot;:&quot;&quot;,&quot;camera&quot;:&quot;&quot;,&quot;caption&quot;:&quot;&quot;,&quot;created_timestamp&quot;:&quot;0&quot;,&quot;copyright&quot;:&quot;&quot;,&quot;focal_length&quot;:&quot;0&quot;,&quot;iso&quot;:&quot;0&quot;,&quot;shutter_speed&quot;:&quot;0&quot;,&quot;title&quot;:&quot;&quot;,&quot;orientation&quot;:&quot;1&quot;}\" data-image-title=\"11982D31-B1E9-423E-888F-7C5BB933A5F0\" data-image-description=\"\" data-image-caption=\"\" data-large-file=\"https:\/\/www.cisa-arica.cl\/wp1\/wp-content\/uploads\/2023\/11\/11982D31-B1E9-423E-888F-7C5BB933A5F0-600x450.jpeg\" data-attachment-id=\"23188\" data-permalink=\"https:\/\/www.cisa-arica.cl\/wp1\/2023\/11\/10\/visita-al-hogar-de-ancianos-hermanitas-de-los-pobres\/11982d31-b1e9-423e-888f-7c5bb933a5f0\/\" data-orig-file=\"https:\/\/www.cisa-arica.cl\/wp1\/wp-content\/uploads\/2023\/11\/11982D31-B1E9-423E-888F-7C5BB933A5F0-scaled.jpeg\" data-orig-size=\"2560,1920\" data-comments-opened=\"0\" data-image-meta=\"{&quot;aperture&quot;:&quot;0&quot;,&quot;credit&quot;:&quot;&quot;,&quot;camera&quot;:&quot;&quot;,&quot;caption&quot;:&quot;&quot;,&quot;created_timestamp&quot;:&quot;0&quot;,&quot;copyright&quot;:&quot;&quot;,&quot;focal_length&quot;:&quot;0&quot;,&quot;iso&quot;:&quot;0&quot;,&quot;shutter_speed&quot;:&quot;0&quot;,&quot;title&quot;:&quot;&quot;,&quot;orientation&quot;:&quot;1&quot;}\" data-image-title=\"11982D31-B1E9-423E-888F-7C5BB933A5F0\" data-image-description=\"\" data-image-caption=\"\" data-large-file=\"https:\/\/www.cisa-arica.cl\/wp1\/wp-content\/uploads\/2023\/11\/11982D31-B1E9-423E-888F-7C5BB933A5F0-600x450.jpeg\" role=\"button\" tabindex=\"0\" aria-label=\"Abrir la imagen 18 de 33 en pantalla completa\"srcset=\"https:\/\/i2.wp.com\/www.cisa-arica.cl\/wp1\/wp-content\/uploads\/2023\/11\/11982D31-B1E9-423E-888F-7C5BB933A5F0-600x450.jpeg?strip=info&#038;w=600&#038;ssl=1 600w,https:\/\/i2.wp.com\/www.cisa-arica.cl\/wp1\/wp-content\/uploads\/2023\/11\/11982D31-B1E9-423E-888F-7C5BB933A5F0-600x450.jpeg?strip=info&#038;w=900&#038;ssl=1 900w,https:\/\/i2.wp.com\/www.cisa-arica.cl\/wp1\/wp-content\/uploads\/2023\/11\/11982D31-B1E9-423E-888F-7C5BB933A5F0-600x450.jpeg?strip=info&#038;w=1200&#038;ssl=1 1200w,https:\/\/i2.wp.com\/www.cisa-arica.cl\/wp1\/wp-content\/uploads\/2023\/11\/11982D31-B1E9-423E-888F-7C5BB933A5F0-600x450.jpeg?strip=info&#038;w=1500&#038;ssl=1 1500w,https:\/\/i2.wp.com\/www.cisa-arica.cl\/wp1\/wp-content\/uploads\/2023\/11\/11982D31-B1E9-423E-888F-7C5BB933A5F0-600x450.jpeg?strip=info&#038;w=1800&#038;ssl=1 1800w,https:\/\/i2.wp.com\/www.cisa-arica.cl\/wp1\/wp-content\/uploads\/2023\/11\/11982D31-B1E9-423E-888F-7C5BB933A5F0-600x450.jpeg?strip=info&#038;w=2000&#038;ssl=1 2000w\" alt=\"\" data-height=\"1920\" data-id=\"23188\" data-link=\"https:\/\/www.cisa-arica.cl\/wp1\/?attachment_id=23188\" data-url=\"https:\/\/www.cisa-arica.cl\/wp1\/wp-content\/uploads\/2023\/11\/11982D31-B1E9-423E-888F-7C5BB933A5F0-600x450.jpeg\" data-width=\"2560\" src=\"https:\/\/i2.wp.com\/www.cisa-arica.cl\/wp1\/wp-content\/uploads\/2023\/11\/11982D31-B1E9-423E-888F-7C5BB933A5F0-600x450.jpeg?ssl=1\" data-amp-layout=\"responsive\"\/><\/figure><figure class=\"tiled-gallery__item\"><img decoding=\"async\" data-attachment-id=\"23189\" data-permalink=\"https:\/\/www.cisa-arica.cl\/wp1\/2023\/11\/10\/visita-al-hogar-de-ancianos-hermanitas-de-los-pobres\/dd0c9570-8dd5-4877-9526-7942ffa6cdd9\/\" data-orig-file=\"https:\/\/www.cisa-arica.cl\/wp1\/wp-content\/uploads\/2023\/11\/DD0C9570-8DD5-4877-9526-7942FFA6CDD9-scaled.jpeg\" data-orig-size=\"2560,1920\" data-comments-opened=\"0\" data-image-meta=\"{&quot;aperture&quot;:&quot;0&quot;,&quot;credit&quot;:&quot;&quot;,&quot;camera&quot;:&quot;&quot;,&quot;caption&quot;:&quot;&quot;,&quot;created_timestamp&quot;:&quot;0&quot;,&quot;copyright&quot;:&quot;&quot;,&quot;focal_length&quot;:&quot;0&quot;,&quot;iso&quot;:&quot;0&quot;,&quot;shutter_speed&quot;:&quot;0&quot;,&quot;title&quot;:&quot;&quot;,&quot;orientation&quot;:&quot;1&quot;}\" data-image-title=\"DD0C9570-8DD5-4877-9526-7942FFA6CDD9\" data-image-description=\"\" data-image-caption=\"\" data-large-file=\"https:\/\/www.cisa-arica.cl\/wp1\/wp-content\/uploads\/2023\/11\/DD0C9570-8DD5-4877-9526-7942FFA6CDD9-600x450.jpeg\" data-attachment-id=\"23189\" data-permalink=\"https:\/\/www.cisa-arica.cl\/wp1\/2023\/11\/10\/visita-al-hogar-de-ancianos-hermanitas-de-los-pobres\/dd0c9570-8dd5-4877-9526-7942ffa6cdd9\/\" data-orig-file=\"https:\/\/www.cisa-arica.cl\/wp1\/wp-content\/uploads\/2023\/11\/DD0C9570-8DD5-4877-9526-7942FFA6CDD9-scaled.jpeg\" data-orig-size=\"2560,1920\" data-comments-opened=\"0\" data-image-meta=\"{&quot;aperture&quot;:&quot;0&quot;,&quot;credit&quot;:&quot;&quot;,&quot;camera&quot;:&quot;&quot;,&quot;caption&quot;:&quot;&quot;,&quot;created_timestamp&quot;:&quot;0&quot;,&quot;copyright&quot;:&quot;&quot;,&quot;focal_length&quot;:&quot;0&quot;,&quot;iso&quot;:&quot;0&quot;,&quot;shutter_speed&quot;:&quot;0&quot;,&quot;title&quot;:&quot;&quot;,&quot;orientation&quot;:&quot;1&quot;}\" data-image-title=\"DD0C9570-8DD5-4877-9526-7942FFA6CDD9\" data-image-description=\"\" data-image-caption=\"\" data-large-file=\"https:\/\/www.cisa-arica.cl\/wp1\/wp-content\/uploads\/2023\/11\/DD0C9570-8DD5-4877-9526-7942FFA6CDD9-600x450.jpeg\" role=\"button\" tabindex=\"0\" aria-label=\"Abrir la imagen 19 de 33 en pantalla completa\"srcset=\"https:\/\/i0.wp.com\/www.cisa-arica.cl\/wp1\/wp-content\/uploads\/2023\/11\/DD0C9570-8DD5-4877-9526-7942FFA6CDD9-600x450.jpeg?strip=info&#038;w=600&#038;ssl=1 600w,https:\/\/i0.wp.com\/www.cisa-arica.cl\/wp1\/wp-content\/uploads\/2023\/11\/DD0C9570-8DD5-4877-9526-7942FFA6CDD9-600x450.jpeg?strip=info&#038;w=900&#038;ssl=1 900w,https:\/\/i0.wp.com\/www.cisa-arica.cl\/wp1\/wp-content\/uploads\/2023\/11\/DD0C9570-8DD5-4877-9526-7942FFA6CDD9-600x450.jpeg?strip=info&#038;w=1200&#038;ssl=1 1200w,https:\/\/i0.wp.com\/www.cisa-arica.cl\/wp1\/wp-content\/uploads\/2023\/11\/DD0C9570-8DD5-4877-9526-7942FFA6CDD9-600x450.jpeg?strip=info&#038;w=1500&#038;ssl=1 1500w,https:\/\/i0.wp.com\/www.cisa-arica.cl\/wp1\/wp-content\/uploads\/2023\/11\/DD0C9570-8DD5-4877-9526-7942FFA6CDD9-600x450.jpeg?strip=info&#038;w=1800&#038;ssl=1 1800w,https:\/\/i0.wp.com\/www.cisa-arica.cl\/wp1\/wp-content\/uploads\/2023\/11\/DD0C9570-8DD5-4877-9526-7942FFA6CDD9-600x450.jpeg?strip=info&#038;w=2000&#038;ssl=1 2000w\" alt=\"\" data-height=\"1920\" data-id=\"23189\" data-link=\"https:\/\/www.cisa-arica.cl\/wp1\/?attachment_id=23189\" data-url=\"https:\/\/www.cisa-arica.cl\/wp1\/wp-content\/uploads\/2023\/11\/DD0C9570-8DD5-4877-9526-7942FFA6CDD9-600x450.jpeg\" data-width=\"2560\" src=\"https:\/\/i0.wp.com\/www.cisa-arica.cl\/wp1\/wp-content\/uploads\/2023\/11\/DD0C9570-8DD5-4877-9526-7942FFA6CDD9-600x450.jpeg?ssl=1\" data-amp-layout=\"responsive\"\/><\/figure><\/div><div class=\"tiled-gallery__col\" style=\"flex-basis:53.32433%\"><figure class=\"tiled-gallery__item\"><img decoding=\"async\" data-attachment-id=\"23190\" data-permalink=\"https:\/\/www.cisa-arica.cl\/wp1\/2023\/11\/10\/visita-al-hogar-de-ancianos-hermanitas-de-los-pobres\/d11fdcf4-16c6-47c5-a4b5-191069e3d1bd\/\" data-orig-file=\"https:\/\/www.cisa-arica.cl\/wp1\/wp-content\/uploads\/2023\/11\/D11FDCF4-16C6-47C5-A4B5-191069E3D1BD-scaled.jpeg\" data-orig-size=\"1920,2560\" data-comments-opened=\"0\" data-image-meta=\"{&quot;aperture&quot;:&quot;0&quot;,&quot;credit&quot;:&quot;&quot;,&quot;camera&quot;:&quot;&quot;,&quot;caption&quot;:&quot;&quot;,&quot;created_timestamp&quot;:&quot;0&quot;,&quot;copyright&quot;:&quot;&quot;,&quot;focal_length&quot;:&quot;0&quot;,&quot;iso&quot;:&quot;0&quot;,&quot;shutter_speed&quot;:&quot;0&quot;,&quot;title&quot;:&quot;&quot;,&quot;orientation&quot;:&quot;1&quot;}\" data-image-title=\"D11FDCF4-16C6-47C5-A4B5-191069E3D1BD\" data-image-description=\"\" data-image-caption=\"\" data-large-file=\"https:\/\/www.cisa-arica.cl\/wp1\/wp-content\/uploads\/2023\/11\/D11FDCF4-16C6-47C5-A4B5-191069E3D1BD-450x600.jpeg\" data-attachment-id=\"23190\" data-permalink=\"https:\/\/www.cisa-arica.cl\/wp1\/2023\/11\/10\/visita-al-hogar-de-ancianos-hermanitas-de-los-pobres\/d11fdcf4-16c6-47c5-a4b5-191069e3d1bd\/\" data-orig-file=\"https:\/\/www.cisa-arica.cl\/wp1\/wp-content\/uploads\/2023\/11\/D11FDCF4-16C6-47C5-A4B5-191069E3D1BD-scaled.jpeg\" data-orig-size=\"1920,2560\" data-comments-opened=\"0\" data-image-meta=\"{&quot;aperture&quot;:&quot;0&quot;,&quot;credit&quot;:&quot;&quot;,&quot;camera&quot;:&quot;&quot;,&quot;caption&quot;:&quot;&quot;,&quot;created_timestamp&quot;:&quot;0&quot;,&quot;copyright&quot;:&quot;&quot;,&quot;focal_length&quot;:&quot;0&quot;,&quot;iso&quot;:&quot;0&quot;,&quot;shutter_speed&quot;:&quot;0&quot;,&quot;title&quot;:&quot;&quot;,&quot;orientation&quot;:&quot;1&quot;}\" data-image-title=\"D11FDCF4-16C6-47C5-A4B5-191069E3D1BD\" data-image-description=\"\" data-image-caption=\"\" data-large-file=\"https:\/\/www.cisa-arica.cl\/wp1\/wp-content\/uploads\/2023\/11\/D11FDCF4-16C6-47C5-A4B5-191069E3D1BD-450x600.jpeg\" role=\"button\" tabindex=\"0\" aria-label=\"Abrir la imagen 20 de 33 en pantalla completa\"srcset=\"https:\/\/i1.wp.com\/www.cisa-arica.cl\/wp1\/wp-content\/uploads\/2023\/11\/D11FDCF4-16C6-47C5-A4B5-191069E3D1BD-450x600.jpeg?strip=info&#038;w=600&#038;ssl=1 600w,https:\/\/i1.wp.com\/www.cisa-arica.cl\/wp1\/wp-content\/uploads\/2023\/11\/D11FDCF4-16C6-47C5-A4B5-191069E3D1BD-450x600.jpeg?strip=info&#038;w=900&#038;ssl=1 900w,https:\/\/i1.wp.com\/www.cisa-arica.cl\/wp1\/wp-content\/uploads\/2023\/11\/D11FDCF4-16C6-47C5-A4B5-191069E3D1BD-450x600.jpeg?strip=info&#038;w=1200&#038;ssl=1 1200w,https:\/\/i1.wp.com\/www.cisa-arica.cl\/wp1\/wp-content\/uploads\/2023\/11\/D11FDCF4-16C6-47C5-A4B5-191069E3D1BD-450x600.jpeg?strip=info&#038;w=1500&#038;ssl=1 1500w,https:\/\/i1.wp.com\/www.cisa-arica.cl\/wp1\/wp-content\/uploads\/2023\/11\/D11FDCF4-16C6-47C5-A4B5-191069E3D1BD-450x600.jpeg?strip=info&#038;w=1800&#038;ssl=1 1800w,https:\/\/i1.wp.com\/www.cisa-arica.cl\/wp1\/wp-content\/uploads\/2023\/11\/D11FDCF4-16C6-47C5-A4B5-191069E3D1BD-450x600.jpeg?strip=info&#038;w=1920&#038;ssl=1 1920w\" alt=\"\" data-height=\"2560\" data-id=\"23190\" data-link=\"https:\/\/www.cisa-arica.cl\/wp1\/?attachment_id=23190\" data-url=\"https:\/\/www.cisa-arica.cl\/wp1\/wp-content\/uploads\/2023\/11\/D11FDCF4-16C6-47C5-A4B5-191069E3D1BD-450x600.jpeg\" data-width=\"1920\" src=\"https:\/\/i1.wp.com\/www.cisa-arica.cl\/wp1\/wp-content\/uploads\/2023\/11\/D11FDCF4-16C6-47C5-A4B5-191069E3D1BD-450x600.jpeg?ssl=1\" data-amp-layout=\"responsive\"\/><\/figure><\/div><\/div><div class=\"tiled-gallery__row\"><div class=\"tiled-gallery__col\" style=\"flex-basis:25.00000%\"><figure class=\"tiled-gallery__item\"><img decoding=\"async\" data-attachment-id=\"23191\" data-permalink=\"https:\/\/www.cisa-arica.cl\/wp1\/2023\/11\/10\/visita-al-hogar-de-ancianos-hermanitas-de-los-pobres\/798b07ad-6f6b-4ed8-a2c8-85c8ebec26f6\/\" data-orig-file=\"https:\/\/www.cisa-arica.cl\/wp1\/wp-content\/uploads\/2023\/11\/798B07AD-6F6B-4ED8-A2C8-85C8EBEC26F6-scaled.jpeg\" data-orig-size=\"1920,2560\" data-comments-opened=\"0\" data-image-meta=\"{&quot;aperture&quot;:&quot;0&quot;,&quot;credit&quot;:&quot;&quot;,&quot;camera&quot;:&quot;&quot;,&quot;caption&quot;:&quot;&quot;,&quot;created_timestamp&quot;:&quot;0&quot;,&quot;copyright&quot;:&quot;&quot;,&quot;focal_length&quot;:&quot;0&quot;,&quot;iso&quot;:&quot;0&quot;,&quot;shutter_speed&quot;:&quot;0&quot;,&quot;title&quot;:&quot;&quot;,&quot;orientation&quot;:&quot;1&quot;}\" data-image-title=\"798B07AD-6F6B-4ED8-A2C8-85C8EBEC26F6\" data-image-description=\"\" data-image-caption=\"\" data-large-file=\"https:\/\/www.cisa-arica.cl\/wp1\/wp-content\/uploads\/2023\/11\/798B07AD-6F6B-4ED8-A2C8-85C8EBEC26F6-450x600.jpeg\" data-attachment-id=\"23191\" data-permalink=\"https:\/\/www.cisa-arica.cl\/wp1\/2023\/11\/10\/visita-al-hogar-de-ancianos-hermanitas-de-los-pobres\/798b07ad-6f6b-4ed8-a2c8-85c8ebec26f6\/\" data-orig-file=\"https:\/\/www.cisa-arica.cl\/wp1\/wp-content\/uploads\/2023\/11\/798B07AD-6F6B-4ED8-A2C8-85C8EBEC26F6-scaled.jpeg\" data-orig-size=\"1920,2560\" data-comments-opened=\"0\" data-image-meta=\"{&quot;aperture&quot;:&quot;0&quot;,&quot;credit&quot;:&quot;&quot;,&quot;camera&quot;:&quot;&quot;,&quot;caption&quot;:&quot;&quot;,&quot;created_timestamp&quot;:&quot;0&quot;,&quot;copyright&quot;:&quot;&quot;,&quot;focal_length&quot;:&quot;0&quot;,&quot;iso&quot;:&quot;0&quot;,&quot;shutter_speed&quot;:&quot;0&quot;,&quot;title&quot;:&quot;&quot;,&quot;orientation&quot;:&quot;1&quot;}\" data-image-title=\"798B07AD-6F6B-4ED8-A2C8-85C8EBEC26F6\" data-image-description=\"\" data-image-caption=\"\" data-large-file=\"https:\/\/www.cisa-arica.cl\/wp1\/wp-content\/uploads\/2023\/11\/798B07AD-6F6B-4ED8-A2C8-85C8EBEC26F6-450x600.jpeg\" role=\"button\" tabindex=\"0\" aria-label=\"Abrir la imagen 21 de 33 en pantalla completa\"srcset=\"https:\/\/i1.wp.com\/www.cisa-arica.cl\/wp1\/wp-content\/uploads\/2023\/11\/798B07AD-6F6B-4ED8-A2C8-85C8EBEC26F6-450x600.jpeg?strip=info&#038;w=600&#038;ssl=1 600w,https:\/\/i1.wp.com\/www.cisa-arica.cl\/wp1\/wp-content\/uploads\/2023\/11\/798B07AD-6F6B-4ED8-A2C8-85C8EBEC26F6-450x600.jpeg?strip=info&#038;w=900&#038;ssl=1 900w,https:\/\/i1.wp.com\/www.cisa-arica.cl\/wp1\/wp-content\/uploads\/2023\/11\/798B07AD-6F6B-4ED8-A2C8-85C8EBEC26F6-450x600.jpeg?strip=info&#038;w=1200&#038;ssl=1 1200w,https:\/\/i1.wp.com\/www.cisa-arica.cl\/wp1\/wp-content\/uploads\/2023\/11\/798B07AD-6F6B-4ED8-A2C8-85C8EBEC26F6-450x600.jpeg?strip=info&#038;w=1500&#038;ssl=1 1500w,https:\/\/i1.wp.com\/www.cisa-arica.cl\/wp1\/wp-content\/uploads\/2023\/11\/798B07AD-6F6B-4ED8-A2C8-85C8EBEC26F6-450x600.jpeg?strip=info&#038;w=1800&#038;ssl=1 1800w,https:\/\/i1.wp.com\/www.cisa-arica.cl\/wp1\/wp-content\/uploads\/2023\/11\/798B07AD-6F6B-4ED8-A2C8-85C8EBEC26F6-450x600.jpeg?strip=info&#038;w=1920&#038;ssl=1 1920w\" alt=\"\" data-height=\"2560\" data-id=\"23191\" data-link=\"https:\/\/www.cisa-arica.cl\/wp1\/?attachment_id=23191\" data-url=\"https:\/\/www.cisa-arica.cl\/wp1\/wp-content\/uploads\/2023\/11\/798B07AD-6F6B-4ED8-A2C8-85C8EBEC26F6-450x600.jpeg\" data-width=\"1920\" src=\"https:\/\/i1.wp.com\/www.cisa-arica.cl\/wp1\/wp-content\/uploads\/2023\/11\/798B07AD-6F6B-4ED8-A2C8-85C8EBEC26F6-450x600.jpeg?ssl=1\" data-amp-layout=\"responsive\"\/><\/figure><\/div><div class=\"tiled-gallery__col\" style=\"flex-basis:25.00000%\"><figure class=\"tiled-gallery__item\"><img decoding=\"async\" data-attachment-id=\"23192\" data-permalink=\"https:\/\/www.cisa-arica.cl\/wp1\/2023\/11\/10\/visita-al-hogar-de-ancianos-hermanitas-de-los-pobres\/277fa7cf-896e-4978-a779-82f560dfb655\/\" data-orig-file=\"https:\/\/www.cisa-arica.cl\/wp1\/wp-content\/uploads\/2023\/11\/277FA7CF-896E-4978-A779-82F560DFB655-scaled.jpeg\" data-orig-size=\"1920,2560\" data-comments-opened=\"0\" data-image-meta=\"{&quot;aperture&quot;:&quot;0&quot;,&quot;credit&quot;:&quot;&quot;,&quot;camera&quot;:&quot;&quot;,&quot;caption&quot;:&quot;&quot;,&quot;created_timestamp&quot;:&quot;0&quot;,&quot;copyright&quot;:&quot;&quot;,&quot;focal_length&quot;:&quot;0&quot;,&quot;iso&quot;:&quot;0&quot;,&quot;shutter_speed&quot;:&quot;0&quot;,&quot;title&quot;:&quot;&quot;,&quot;orientation&quot;:&quot;1&quot;}\" data-image-title=\"277FA7CF-896E-4978-A779-82F560DFB655\" data-image-description=\"\" data-image-caption=\"\" data-large-file=\"https:\/\/www.cisa-arica.cl\/wp1\/wp-content\/uploads\/2023\/11\/277FA7CF-896E-4978-A779-82F560DFB655-450x600.jpeg\" data-attachment-id=\"23192\" data-permalink=\"https:\/\/www.cisa-arica.cl\/wp1\/2023\/11\/10\/visita-al-hogar-de-ancianos-hermanitas-de-los-pobres\/277fa7cf-896e-4978-a779-82f560dfb655\/\" data-orig-file=\"https:\/\/www.cisa-arica.cl\/wp1\/wp-content\/uploads\/2023\/11\/277FA7CF-896E-4978-A779-82F560DFB655-scaled.jpeg\" data-orig-size=\"1920,2560\" data-comments-opened=\"0\" data-image-meta=\"{&quot;aperture&quot;:&quot;0&quot;,&quot;credit&quot;:&quot;&quot;,&quot;camera&quot;:&quot;&quot;,&quot;caption&quot;:&quot;&quot;,&quot;created_timestamp&quot;:&quot;0&quot;,&quot;copyright&quot;:&quot;&quot;,&quot;focal_length&quot;:&quot;0&quot;,&quot;iso&quot;:&quot;0&quot;,&quot;shutter_speed&quot;:&quot;0&quot;,&quot;title&quot;:&quot;&quot;,&quot;orientation&quot;:&quot;1&quot;}\" data-image-title=\"277FA7CF-896E-4978-A779-82F560DFB655\" data-image-description=\"\" data-image-caption=\"\" data-large-file=\"https:\/\/www.cisa-arica.cl\/wp1\/wp-content\/uploads\/2023\/11\/277FA7CF-896E-4978-A779-82F560DFB655-450x600.jpeg\" role=\"button\" tabindex=\"0\" aria-label=\"Abrir la imagen 22 de 33 en pantalla completa\"srcset=\"https:\/\/i2.wp.com\/www.cisa-arica.cl\/wp1\/wp-content\/uploads\/2023\/11\/277FA7CF-896E-4978-A779-82F560DFB655-450x600.jpeg?strip=info&#038;w=600&#038;ssl=1 600w,https:\/\/i2.wp.com\/www.cisa-arica.cl\/wp1\/wp-content\/uploads\/2023\/11\/277FA7CF-896E-4978-A779-82F560DFB655-450x600.jpeg?strip=info&#038;w=900&#038;ssl=1 900w,https:\/\/i2.wp.com\/www.cisa-arica.cl\/wp1\/wp-content\/uploads\/2023\/11\/277FA7CF-896E-4978-A779-82F560DFB655-450x600.jpeg?strip=info&#038;w=1200&#038;ssl=1 1200w,https:\/\/i2.wp.com\/www.cisa-arica.cl\/wp1\/wp-content\/uploads\/2023\/11\/277FA7CF-896E-4978-A779-82F560DFB655-450x600.jpeg?strip=info&#038;w=1500&#038;ssl=1 1500w,https:\/\/i2.wp.com\/www.cisa-arica.cl\/wp1\/wp-content\/uploads\/2023\/11\/277FA7CF-896E-4978-A779-82F560DFB655-450x600.jpeg?strip=info&#038;w=1800&#038;ssl=1 1800w,https:\/\/i2.wp.com\/www.cisa-arica.cl\/wp1\/wp-content\/uploads\/2023\/11\/277FA7CF-896E-4978-A779-82F560DFB655-450x600.jpeg?strip=info&#038;w=1920&#038;ssl=1 1920w\" alt=\"\" data-height=\"2560\" data-id=\"23192\" data-link=\"https:\/\/www.cisa-arica.cl\/wp1\/?attachment_id=23192\" data-url=\"https:\/\/www.cisa-arica.cl\/wp1\/wp-content\/uploads\/2023\/11\/277FA7CF-896E-4978-A779-82F560DFB655-450x600.jpeg\" data-width=\"1920\" src=\"https:\/\/i2.wp.com\/www.cisa-arica.cl\/wp1\/wp-content\/uploads\/2023\/11\/277FA7CF-896E-4978-A779-82F560DFB655-450x600.jpeg?ssl=1\" data-amp-layout=\"responsive\"\/><\/figure><\/div><div class=\"tiled-gallery__col\" style=\"flex-basis:25.00000%\"><figure class=\"tiled-gallery__item\"><img decoding=\"async\" data-attachment-id=\"23193\" data-permalink=\"https:\/\/www.cisa-arica.cl\/wp1\/2023\/11\/10\/visita-al-hogar-de-ancianos-hermanitas-de-los-pobres\/22e96375-2216-43c8-943e-4c8151ae813e\/\" data-orig-file=\"https:\/\/www.cisa-arica.cl\/wp1\/wp-content\/uploads\/2023\/11\/22E96375-2216-43C8-943E-4C8151AE813E-scaled.jpeg\" data-orig-size=\"1920,2560\" data-comments-opened=\"0\" data-image-meta=\"{&quot;aperture&quot;:&quot;0&quot;,&quot;credit&quot;:&quot;&quot;,&quot;camera&quot;:&quot;&quot;,&quot;caption&quot;:&quot;&quot;,&quot;created_timestamp&quot;:&quot;0&quot;,&quot;copyright&quot;:&quot;&quot;,&quot;focal_length&quot;:&quot;0&quot;,&quot;iso&quot;:&quot;0&quot;,&quot;shutter_speed&quot;:&quot;0&quot;,&quot;title&quot;:&quot;&quot;,&quot;orientation&quot;:&quot;1&quot;}\" data-image-title=\"22E96375-2216-43C8-943E-4C8151AE813E\" data-image-description=\"\" data-image-caption=\"\" data-large-file=\"https:\/\/www.cisa-arica.cl\/wp1\/wp-content\/uploads\/2023\/11\/22E96375-2216-43C8-943E-4C8151AE813E-450x600.jpeg\" data-attachment-id=\"23193\" data-permalink=\"https:\/\/www.cisa-arica.cl\/wp1\/2023\/11\/10\/visita-al-hogar-de-ancianos-hermanitas-de-los-pobres\/22e96375-2216-43c8-943e-4c8151ae813e\/\" data-orig-file=\"https:\/\/www.cisa-arica.cl\/wp1\/wp-content\/uploads\/2023\/11\/22E96375-2216-43C8-943E-4C8151AE813E-scaled.jpeg\" data-orig-size=\"1920,2560\" data-comments-opened=\"0\" data-image-meta=\"{&quot;aperture&quot;:&quot;0&quot;,&quot;credit&quot;:&quot;&quot;,&quot;camera&quot;:&quot;&quot;,&quot;caption&quot;:&quot;&quot;,&quot;created_timestamp&quot;:&quot;0&quot;,&quot;copyright&quot;:&quot;&quot;,&quot;focal_length&quot;:&quot;0&quot;,&quot;iso&quot;:&quot;0&quot;,&quot;shutter_speed&quot;:&quot;0&quot;,&quot;title&quot;:&quot;&quot;,&quot;orientation&quot;:&quot;1&quot;}\" data-image-title=\"22E96375-2216-43C8-943E-4C8151AE813E\" data-image-description=\"\" data-image-caption=\"\" data-large-file=\"https:\/\/www.cisa-arica.cl\/wp1\/wp-content\/uploads\/2023\/11\/22E96375-2216-43C8-943E-4C8151AE813E-450x600.jpeg\" role=\"button\" tabindex=\"0\" aria-label=\"Abrir la imagen 23 de 33 en pantalla completa\"srcset=\"https:\/\/i1.wp.com\/www.cisa-arica.cl\/wp1\/wp-content\/uploads\/2023\/11\/22E96375-2216-43C8-943E-4C8151AE813E-450x600.jpeg?strip=info&#038;w=600&#038;ssl=1 600w,https:\/\/i1.wp.com\/www.cisa-arica.cl\/wp1\/wp-content\/uploads\/2023\/11\/22E96375-2216-43C8-943E-4C8151AE813E-450x600.jpeg?strip=info&#038;w=900&#038;ssl=1 900w,https:\/\/i1.wp.com\/www.cisa-arica.cl\/wp1\/wp-content\/uploads\/2023\/11\/22E96375-2216-43C8-943E-4C8151AE813E-450x600.jpeg?strip=info&#038;w=1200&#038;ssl=1 1200w,https:\/\/i1.wp.com\/www.cisa-arica.cl\/wp1\/wp-content\/uploads\/2023\/11\/22E96375-2216-43C8-943E-4C8151AE813E-450x600.jpeg?strip=info&#038;w=1500&#038;ssl=1 1500w,https:\/\/i1.wp.com\/www.cisa-arica.cl\/wp1\/wp-content\/uploads\/2023\/11\/22E96375-2216-43C8-943E-4C8151AE813E-450x600.jpeg?strip=info&#038;w=1800&#038;ssl=1 1800w,https:\/\/i1.wp.com\/www.cisa-arica.cl\/wp1\/wp-content\/uploads\/2023\/11\/22E96375-2216-43C8-943E-4C8151AE813E-450x600.jpeg?strip=info&#038;w=1920&#038;ssl=1 1920w\" alt=\"\" data-height=\"2560\" data-id=\"23193\" data-link=\"https:\/\/www.cisa-arica.cl\/wp1\/?attachment_id=23193\" data-url=\"https:\/\/www.cisa-arica.cl\/wp1\/wp-content\/uploads\/2023\/11\/22E96375-2216-43C8-943E-4C8151AE813E-450x600.jpeg\" data-width=\"1920\" src=\"https:\/\/i1.wp.com\/www.cisa-arica.cl\/wp1\/wp-content\/uploads\/2023\/11\/22E96375-2216-43C8-943E-4C8151AE813E-450x600.jpeg?ssl=1\" data-amp-layout=\"responsive\"\/><\/figure><\/div><div class=\"tiled-gallery__col\" style=\"flex-basis:25.00000%\"><figure class=\"tiled-gallery__item\"><img decoding=\"async\" data-attachment-id=\"23194\" data-permalink=\"https:\/\/www.cisa-arica.cl\/wp1\/2023\/11\/10\/visita-al-hogar-de-ancianos-hermanitas-de-los-pobres\/27b5bc60-baa7-47ee-99bf-9d8b61d907b8\/\" data-orig-file=\"https:\/\/www.cisa-arica.cl\/wp1\/wp-content\/uploads\/2023\/11\/27B5BC60-BAA7-47EE-99BF-9D8B61D907B8-scaled.jpeg\" data-orig-size=\"1920,2560\" data-comments-opened=\"0\" data-image-meta=\"{&quot;aperture&quot;:&quot;0&quot;,&quot;credit&quot;:&quot;&quot;,&quot;camera&quot;:&quot;&quot;,&quot;caption&quot;:&quot;&quot;,&quot;created_timestamp&quot;:&quot;0&quot;,&quot;copyright&quot;:&quot;&quot;,&quot;focal_length&quot;:&quot;0&quot;,&quot;iso&quot;:&quot;0&quot;,&quot;shutter_speed&quot;:&quot;0&quot;,&quot;title&quot;:&quot;&quot;,&quot;orientation&quot;:&quot;1&quot;}\" data-image-title=\"27B5BC60-BAA7-47EE-99BF-9D8B61D907B8\" data-image-description=\"\" data-image-caption=\"\" data-large-file=\"https:\/\/www.cisa-arica.cl\/wp1\/wp-content\/uploads\/2023\/11\/27B5BC60-BAA7-47EE-99BF-9D8B61D907B8-450x600.jpeg\" data-attachment-id=\"23194\" data-permalink=\"https:\/\/www.cisa-arica.cl\/wp1\/2023\/11\/10\/visita-al-hogar-de-ancianos-hermanitas-de-los-pobres\/27b5bc60-baa7-47ee-99bf-9d8b61d907b8\/\" data-orig-file=\"https:\/\/www.cisa-arica.cl\/wp1\/wp-content\/uploads\/2023\/11\/27B5BC60-BAA7-47EE-99BF-9D8B61D907B8-scaled.jpeg\" data-orig-size=\"1920,2560\" data-comments-opened=\"0\" data-image-meta=\"{&quot;aperture&quot;:&quot;0&quot;,&quot;credit&quot;:&quot;&quot;,&quot;camera&quot;:&quot;&quot;,&quot;caption&quot;:&quot;&quot;,&quot;created_timestamp&quot;:&quot;0&quot;,&quot;copyright&quot;:&quot;&quot;,&quot;focal_length&quot;:&quot;0&quot;,&quot;iso&quot;:&quot;0&quot;,&quot;shutter_speed&quot;:&quot;0&quot;,&quot;title&quot;:&quot;&quot;,&quot;orientation&quot;:&quot;1&quot;}\" data-image-title=\"27B5BC60-BAA7-47EE-99BF-9D8B61D907B8\" data-image-description=\"\" data-image-caption=\"\" data-large-file=\"https:\/\/www.cisa-arica.cl\/wp1\/wp-content\/uploads\/2023\/11\/27B5BC60-BAA7-47EE-99BF-9D8B61D907B8-450x600.jpeg\" role=\"button\" tabindex=\"0\" aria-label=\"Abrir la imagen 24 de 33 en pantalla completa\"srcset=\"https:\/\/i2.wp.com\/www.cisa-arica.cl\/wp1\/wp-content\/uploads\/2023\/11\/27B5BC60-BAA7-47EE-99BF-9D8B61D907B8-450x600.jpeg?strip=info&#038;w=600&#038;ssl=1 600w,https:\/\/i2.wp.com\/www.cisa-arica.cl\/wp1\/wp-content\/uploads\/2023\/11\/27B5BC60-BAA7-47EE-99BF-9D8B61D907B8-450x600.jpeg?strip=info&#038;w=900&#038;ssl=1 900w,https:\/\/i2.wp.com\/www.cisa-arica.cl\/wp1\/wp-content\/uploads\/2023\/11\/27B5BC60-BAA7-47EE-99BF-9D8B61D907B8-450x600.jpeg?strip=info&#038;w=1200&#038;ssl=1 1200w,https:\/\/i2.wp.com\/www.cisa-arica.cl\/wp1\/wp-content\/uploads\/2023\/11\/27B5BC60-BAA7-47EE-99BF-9D8B61D907B8-450x600.jpeg?strip=info&#038;w=1500&#038;ssl=1 1500w,https:\/\/i2.wp.com\/www.cisa-arica.cl\/wp1\/wp-content\/uploads\/2023\/11\/27B5BC60-BAA7-47EE-99BF-9D8B61D907B8-450x600.jpeg?strip=info&#038;w=1800&#038;ssl=1 1800w,https:\/\/i2.wp.com\/www.cisa-arica.cl\/wp1\/wp-content\/uploads\/2023\/11\/27B5BC60-BAA7-47EE-99BF-9D8B61D907B8-450x600.jpeg?strip=info&#038;w=1920&#038;ssl=1 1920w\" alt=\"\" data-height=\"2560\" data-id=\"23194\" data-link=\"https:\/\/www.cisa-arica.cl\/wp1\/?attachment_id=23194\" data-url=\"https:\/\/www.cisa-arica.cl\/wp1\/wp-content\/uploads\/2023\/11\/27B5BC60-BAA7-47EE-99BF-9D8B61D907B8-450x600.jpeg\" data-width=\"1920\" src=\"https:\/\/i2.wp.com\/www.cisa-arica.cl\/wp1\/wp-content\/uploads\/2023\/11\/27B5BC60-BAA7-47EE-99BF-9D8B61D907B8-450x600.jpeg?ssl=1\" data-amp-layout=\"responsive\"\/><\/figure><\/div><\/div><div class=\"tiled-gallery__row\"><div class=\"tiled-gallery__col\" style=\"flex-basis:33.33333%\"><figure class=\"tiled-gallery__item\"><img decoding=\"async\" data-attachment-id=\"23195\" data-permalink=\"https:\/\/www.cisa-arica.cl\/wp1\/2023\/11\/10\/visita-al-hogar-de-ancianos-hermanitas-de-los-pobres\/76cf3dee-9378-4146-af93-4c05599b084f\/\" data-orig-file=\"https:\/\/www.cisa-arica.cl\/wp1\/wp-content\/uploads\/2023\/11\/76CF3DEE-9378-4146-AF93-4C05599B084F-scaled.jpeg\" data-orig-size=\"1920,2560\" data-comments-opened=\"0\" data-image-meta=\"{&quot;aperture&quot;:&quot;0&quot;,&quot;credit&quot;:&quot;&quot;,&quot;camera&quot;:&quot;&quot;,&quot;caption&quot;:&quot;&quot;,&quot;created_timestamp&quot;:&quot;0&quot;,&quot;copyright&quot;:&quot;&quot;,&quot;focal_length&quot;:&quot;0&quot;,&quot;iso&quot;:&quot;0&quot;,&quot;shutter_speed&quot;:&quot;0&quot;,&quot;title&quot;:&quot;&quot;,&quot;orientation&quot;:&quot;1&quot;}\" data-image-title=\"76CF3DEE-9378-4146-AF93-4C05599B084F\" data-image-description=\"\" data-image-caption=\"\" data-large-file=\"https:\/\/www.cisa-arica.cl\/wp1\/wp-content\/uploads\/2023\/11\/76CF3DEE-9378-4146-AF93-4C05599B084F-450x600.jpeg\" data-attachment-id=\"23195\" data-permalink=\"https:\/\/www.cisa-arica.cl\/wp1\/2023\/11\/10\/visita-al-hogar-de-ancianos-hermanitas-de-los-pobres\/76cf3dee-9378-4146-af93-4c05599b084f\/\" data-orig-file=\"https:\/\/www.cisa-arica.cl\/wp1\/wp-content\/uploads\/2023\/11\/76CF3DEE-9378-4146-AF93-4C05599B084F-scaled.jpeg\" data-orig-size=\"1920,2560\" data-comments-opened=\"0\" data-image-meta=\"{&quot;aperture&quot;:&quot;0&quot;,&quot;credit&quot;:&quot;&quot;,&quot;camera&quot;:&quot;&quot;,&quot;caption&quot;:&quot;&quot;,&quot;created_timestamp&quot;:&quot;0&quot;,&quot;copyright&quot;:&quot;&quot;,&quot;focal_length&quot;:&quot;0&quot;,&quot;iso&quot;:&quot;0&quot;,&quot;shutter_speed&quot;:&quot;0&quot;,&quot;title&quot;:&quot;&quot;,&quot;orientation&quot;:&quot;1&quot;}\" data-image-title=\"76CF3DEE-9378-4146-AF93-4C05599B084F\" data-image-description=\"\" data-image-caption=\"\" data-large-file=\"https:\/\/www.cisa-arica.cl\/wp1\/wp-content\/uploads\/2023\/11\/76CF3DEE-9378-4146-AF93-4C05599B084F-450x600.jpeg\" role=\"button\" tabindex=\"0\" aria-label=\"Abrir la imagen 25 de 33 en pantalla completa\"srcset=\"https:\/\/i1.wp.com\/www.cisa-arica.cl\/wp1\/wp-content\/uploads\/2023\/11\/76CF3DEE-9378-4146-AF93-4C05599B084F-450x600.jpeg?strip=info&#038;w=600&#038;ssl=1 600w,https:\/\/i1.wp.com\/www.cisa-arica.cl\/wp1\/wp-content\/uploads\/2023\/11\/76CF3DEE-9378-4146-AF93-4C05599B084F-450x600.jpeg?strip=info&#038;w=900&#038;ssl=1 900w,https:\/\/i1.wp.com\/www.cisa-arica.cl\/wp1\/wp-content\/uploads\/2023\/11\/76CF3DEE-9378-4146-AF93-4C05599B084F-450x600.jpeg?strip=info&#038;w=1200&#038;ssl=1 1200w,https:\/\/i1.wp.com\/www.cisa-arica.cl\/wp1\/wp-content\/uploads\/2023\/11\/76CF3DEE-9378-4146-AF93-4C05599B084F-450x600.jpeg?strip=info&#038;w=1500&#038;ssl=1 1500w,https:\/\/i1.wp.com\/www.cisa-arica.cl\/wp1\/wp-content\/uploads\/2023\/11\/76CF3DEE-9378-4146-AF93-4C05599B084F-450x600.jpeg?strip=info&#038;w=1800&#038;ssl=1 1800w,https:\/\/i1.wp.com\/www.cisa-arica.cl\/wp1\/wp-content\/uploads\/2023\/11\/76CF3DEE-9378-4146-AF93-4C05599B084F-450x600.jpeg?strip=info&#038;w=1920&#038;ssl=1 1920w\" alt=\"\" data-height=\"2560\" data-id=\"23195\" data-link=\"https:\/\/www.cisa-arica.cl\/wp1\/?attachment_id=23195\" data-url=\"https:\/\/www.cisa-arica.cl\/wp1\/wp-content\/uploads\/2023\/11\/76CF3DEE-9378-4146-AF93-4C05599B084F-450x600.jpeg\" data-width=\"1920\" src=\"https:\/\/i1.wp.com\/www.cisa-arica.cl\/wp1\/wp-content\/uploads\/2023\/11\/76CF3DEE-9378-4146-AF93-4C05599B084F-450x600.jpeg?ssl=1\" data-amp-layout=\"responsive\"\/><\/figure><\/div><div class=\"tiled-gallery__col\" style=\"flex-basis:33.33333%\"><figure class=\"tiled-gallery__item\"><img decoding=\"async\" data-attachment-id=\"23196\" data-permalink=\"https:\/\/www.cisa-arica.cl\/wp1\/2023\/11\/10\/visita-al-hogar-de-ancianos-hermanitas-de-los-pobres\/c19e1767-047b-4b51-b0a1-5872d1bbfce8\/\" data-orig-file=\"https:\/\/www.cisa-arica.cl\/wp1\/wp-content\/uploads\/2023\/11\/C19E1767-047B-4B51-B0A1-5872D1BBFCE8-scaled.jpeg\" data-orig-size=\"1920,2560\" data-comments-opened=\"0\" data-image-meta=\"{&quot;aperture&quot;:&quot;0&quot;,&quot;credit&quot;:&quot;&quot;,&quot;camera&quot;:&quot;&quot;,&quot;caption&quot;:&quot;&quot;,&quot;created_timestamp&quot;:&quot;0&quot;,&quot;copyright&quot;:&quot;&quot;,&quot;focal_length&quot;:&quot;0&quot;,&quot;iso&quot;:&quot;0&quot;,&quot;shutter_speed&quot;:&quot;0&quot;,&quot;title&quot;:&quot;&quot;,&quot;orientation&quot;:&quot;1&quot;}\" data-image-title=\"C19E1767-047B-4B51-B0A1-5872D1BBFCE8\" data-image-description=\"\" data-image-caption=\"\" data-large-file=\"https:\/\/www.cisa-arica.cl\/wp1\/wp-content\/uploads\/2023\/11\/C19E1767-047B-4B51-B0A1-5872D1BBFCE8-450x600.jpeg\" data-attachment-id=\"23196\" data-permalink=\"https:\/\/www.cisa-arica.cl\/wp1\/2023\/11\/10\/visita-al-hogar-de-ancianos-hermanitas-de-los-pobres\/c19e1767-047b-4b51-b0a1-5872d1bbfce8\/\" data-orig-file=\"https:\/\/www.cisa-arica.cl\/wp1\/wp-content\/uploads\/2023\/11\/C19E1767-047B-4B51-B0A1-5872D1BBFCE8-scaled.jpeg\" data-orig-size=\"1920,2560\" data-comments-opened=\"0\" data-image-meta=\"{&quot;aperture&quot;:&quot;0&quot;,&quot;credit&quot;:&quot;&quot;,&quot;camera&quot;:&quot;&quot;,&quot;caption&quot;:&quot;&quot;,&quot;created_timestamp&quot;:&quot;0&quot;,&quot;copyright&quot;:&quot;&quot;,&quot;focal_length&quot;:&quot;0&quot;,&quot;iso&quot;:&quot;0&quot;,&quot;shutter_speed&quot;:&quot;0&quot;,&quot;title&quot;:&quot;&quot;,&quot;orientation&quot;:&quot;1&quot;}\" data-image-title=\"C19E1767-047B-4B51-B0A1-5872D1BBFCE8\" data-image-description=\"\" data-image-caption=\"\" data-large-file=\"https:\/\/www.cisa-arica.cl\/wp1\/wp-content\/uploads\/2023\/11\/C19E1767-047B-4B51-B0A1-5872D1BBFCE8-450x600.jpeg\" role=\"button\" tabindex=\"0\" aria-label=\"Abrir la imagen 26 de 33 en pantalla completa\"srcset=\"https:\/\/i0.wp.com\/www.cisa-arica.cl\/wp1\/wp-content\/uploads\/2023\/11\/C19E1767-047B-4B51-B0A1-5872D1BBFCE8-450x600.jpeg?strip=info&#038;w=600&#038;ssl=1 600w,https:\/\/i0.wp.com\/www.cisa-arica.cl\/wp1\/wp-content\/uploads\/2023\/11\/C19E1767-047B-4B51-B0A1-5872D1BBFCE8-450x600.jpeg?strip=info&#038;w=900&#038;ssl=1 900w,https:\/\/i0.wp.com\/www.cisa-arica.cl\/wp1\/wp-content\/uploads\/2023\/11\/C19E1767-047B-4B51-B0A1-5872D1BBFCE8-450x600.jpeg?strip=info&#038;w=1200&#038;ssl=1 1200w,https:\/\/i0.wp.com\/www.cisa-arica.cl\/wp1\/wp-content\/uploads\/2023\/11\/C19E1767-047B-4B51-B0A1-5872D1BBFCE8-450x600.jpeg?strip=info&#038;w=1500&#038;ssl=1 1500w,https:\/\/i0.wp.com\/www.cisa-arica.cl\/wp1\/wp-content\/uploads\/2023\/11\/C19E1767-047B-4B51-B0A1-5872D1BBFCE8-450x600.jpeg?strip=info&#038;w=1800&#038;ssl=1 1800w,https:\/\/i0.wp.com\/www.cisa-arica.cl\/wp1\/wp-content\/uploads\/2023\/11\/C19E1767-047B-4B51-B0A1-5872D1BBFCE8-450x600.jpeg?strip=info&#038;w=1920&#038;ssl=1 1920w\" alt=\"\" data-height=\"2560\" data-id=\"23196\" data-link=\"https:\/\/www.cisa-arica.cl\/wp1\/?attachment_id=23196\" data-url=\"https:\/\/www.cisa-arica.cl\/wp1\/wp-content\/uploads\/2023\/11\/C19E1767-047B-4B51-B0A1-5872D1BBFCE8-450x600.jpeg\" data-width=\"1920\" src=\"https:\/\/i0.wp.com\/www.cisa-arica.cl\/wp1\/wp-content\/uploads\/2023\/11\/C19E1767-047B-4B51-B0A1-5872D1BBFCE8-450x600.jpeg?ssl=1\" data-amp-layout=\"responsive\"\/><\/figure><\/div><div class=\"tiled-gallery__col\" style=\"flex-basis:33.33333%\"><figure class=\"tiled-gallery__item\"><img decoding=\"async\" data-attachment-id=\"23197\" data-permalink=\"https:\/\/www.cisa-arica.cl\/wp1\/2023\/11\/10\/visita-al-hogar-de-ancianos-hermanitas-de-los-pobres\/33e6e821-4786-440c-8ec0-d677bf92218f\/\" data-orig-file=\"https:\/\/www.cisa-arica.cl\/wp1\/wp-content\/uploads\/2023\/11\/33E6E821-4786-440C-8EC0-D677BF92218F-scaled.jpeg\" data-orig-size=\"1920,2560\" data-comments-opened=\"0\" data-image-meta=\"{&quot;aperture&quot;:&quot;0&quot;,&quot;credit&quot;:&quot;&quot;,&quot;camera&quot;:&quot;&quot;,&quot;caption&quot;:&quot;&quot;,&quot;created_timestamp&quot;:&quot;0&quot;,&quot;copyright&quot;:&quot;&quot;,&quot;focal_length&quot;:&quot;0&quot;,&quot;iso&quot;:&quot;0&quot;,&quot;shutter_speed&quot;:&quot;0&quot;,&quot;title&quot;:&quot;&quot;,&quot;orientation&quot;:&quot;1&quot;}\" data-image-title=\"33E6E821-4786-440C-8EC0-D677BF92218F\" data-image-description=\"\" data-image-caption=\"\" data-large-file=\"https:\/\/www.cisa-arica.cl\/wp1\/wp-content\/uploads\/2023\/11\/33E6E821-4786-440C-8EC0-D677BF92218F-450x600.jpeg\" data-attachment-id=\"23197\" data-permalink=\"https:\/\/www.cisa-arica.cl\/wp1\/2023\/11\/10\/visita-al-hogar-de-ancianos-hermanitas-de-los-pobres\/33e6e821-4786-440c-8ec0-d677bf92218f\/\" data-orig-file=\"https:\/\/www.cisa-arica.cl\/wp1\/wp-content\/uploads\/2023\/11\/33E6E821-4786-440C-8EC0-D677BF92218F-scaled.jpeg\" data-orig-size=\"1920,2560\" data-comments-opened=\"0\" data-image-meta=\"{&quot;aperture&quot;:&quot;0&quot;,&quot;credit&quot;:&quot;&quot;,&quot;camera&quot;:&quot;&quot;,&quot;caption&quot;:&quot;&quot;,&quot;created_timestamp&quot;:&quot;0&quot;,&quot;copyright&quot;:&quot;&quot;,&quot;focal_length&quot;:&quot;0&quot;,&quot;iso&quot;:&quot;0&quot;,&quot;shutter_speed&quot;:&quot;0&quot;,&quot;title&quot;:&quot;&quot;,&quot;orientation&quot;:&quot;1&quot;}\" data-image-title=\"33E6E821-4786-440C-8EC0-D677BF92218F\" data-image-description=\"\" data-image-caption=\"\" data-large-file=\"https:\/\/www.cisa-arica.cl\/wp1\/wp-content\/uploads\/2023\/11\/33E6E821-4786-440C-8EC0-D677BF92218F-450x600.jpeg\" role=\"button\" tabindex=\"0\" aria-label=\"Abrir la imagen 27 de 33 en pantalla completa\"srcset=\"https:\/\/i0.wp.com\/www.cisa-arica.cl\/wp1\/wp-content\/uploads\/2023\/11\/33E6E821-4786-440C-8EC0-D677BF92218F-450x600.jpeg?strip=info&#038;w=600&#038;ssl=1 600w,https:\/\/i0.wp.com\/www.cisa-arica.cl\/wp1\/wp-content\/uploads\/2023\/11\/33E6E821-4786-440C-8EC0-D677BF92218F-450x600.jpeg?strip=info&#038;w=900&#038;ssl=1 900w,https:\/\/i0.wp.com\/www.cisa-arica.cl\/wp1\/wp-content\/uploads\/2023\/11\/33E6E821-4786-440C-8EC0-D677BF92218F-450x600.jpeg?strip=info&#038;w=1200&#038;ssl=1 1200w,https:\/\/i0.wp.com\/www.cisa-arica.cl\/wp1\/wp-content\/uploads\/2023\/11\/33E6E821-4786-440C-8EC0-D677BF92218F-450x600.jpeg?strip=info&#038;w=1500&#038;ssl=1 1500w,https:\/\/i0.wp.com\/www.cisa-arica.cl\/wp1\/wp-content\/uploads\/2023\/11\/33E6E821-4786-440C-8EC0-D677BF92218F-450x600.jpeg?strip=info&#038;w=1800&#038;ssl=1 1800w,https:\/\/i0.wp.com\/www.cisa-arica.cl\/wp1\/wp-content\/uploads\/2023\/11\/33E6E821-4786-440C-8EC0-D677BF92218F-450x600.jpeg?strip=info&#038;w=1920&#038;ssl=1 1920w\" alt=\"\" data-height=\"2560\" data-id=\"23197\" data-link=\"https:\/\/www.cisa-arica.cl\/wp1\/?attachment_id=23197\" data-url=\"https:\/\/www.cisa-arica.cl\/wp1\/wp-content\/uploads\/2023\/11\/33E6E821-4786-440C-8EC0-D677BF92218F-450x600.jpeg\" data-width=\"1920\" src=\"https:\/\/i0.wp.com\/www.cisa-arica.cl\/wp1\/wp-content\/uploads\/2023\/11\/33E6E821-4786-440C-8EC0-D677BF92218F-450x600.jpeg?ssl=1\" data-amp-layout=\"responsive\"\/><\/figure><\/div><\/div><div class=\"tiled-gallery__row\"><div class=\"tiled-gallery__col\" style=\"flex-basis:25.00000%\"><figure class=\"tiled-gallery__item\"><img decoding=\"async\" data-attachment-id=\"23198\" data-permalink=\"https:\/\/www.cisa-arica.cl\/wp1\/2023\/11\/10\/visita-al-hogar-de-ancianos-hermanitas-de-los-pobres\/36ac3cd8-a180-4f13-b1e5-77357d6bf4c8\/\" data-orig-file=\"https:\/\/www.cisa-arica.cl\/wp1\/wp-content\/uploads\/2023\/11\/36AC3CD8-A180-4F13-B1E5-77357D6BF4C8-scaled.jpeg\" data-orig-size=\"1920,2560\" data-comments-opened=\"0\" data-image-meta=\"{&quot;aperture&quot;:&quot;0&quot;,&quot;credit&quot;:&quot;&quot;,&quot;camera&quot;:&quot;&quot;,&quot;caption&quot;:&quot;&quot;,&quot;created_timestamp&quot;:&quot;0&quot;,&quot;copyright&quot;:&quot;&quot;,&quot;focal_length&quot;:&quot;0&quot;,&quot;iso&quot;:&quot;0&quot;,&quot;shutter_speed&quot;:&quot;0&quot;,&quot;title&quot;:&quot;&quot;,&quot;orientation&quot;:&quot;1&quot;}\" data-image-title=\"36AC3CD8-A180-4F13-B1E5-77357D6BF4C8\" data-image-description=\"\" data-image-caption=\"\" data-large-file=\"https:\/\/www.cisa-arica.cl\/wp1\/wp-content\/uploads\/2023\/11\/36AC3CD8-A180-4F13-B1E5-77357D6BF4C8-450x600.jpeg\" data-attachment-id=\"23198\" data-permalink=\"https:\/\/www.cisa-arica.cl\/wp1\/2023\/11\/10\/visita-al-hogar-de-ancianos-hermanitas-de-los-pobres\/36ac3cd8-a180-4f13-b1e5-77357d6bf4c8\/\" data-orig-file=\"https:\/\/www.cisa-arica.cl\/wp1\/wp-content\/uploads\/2023\/11\/36AC3CD8-A180-4F13-B1E5-77357D6BF4C8-scaled.jpeg\" data-orig-size=\"1920,2560\" data-comments-opened=\"0\" data-image-meta=\"{&quot;aperture&quot;:&quot;0&quot;,&quot;credit&quot;:&quot;&quot;,&quot;camera&quot;:&quot;&quot;,&quot;caption&quot;:&quot;&quot;,&quot;created_timestamp&quot;:&quot;0&quot;,&quot;copyright&quot;:&quot;&quot;,&quot;focal_length&quot;:&quot;0&quot;,&quot;iso&quot;:&quot;0&quot;,&quot;shutter_speed&quot;:&quot;0&quot;,&quot;title&quot;:&quot;&quot;,&quot;orientation&quot;:&quot;1&quot;}\" data-image-title=\"36AC3CD8-A180-4F13-B1E5-77357D6BF4C8\" data-image-description=\"\" data-image-caption=\"\" data-large-file=\"https:\/\/www.cisa-arica.cl\/wp1\/wp-content\/uploads\/2023\/11\/36AC3CD8-A180-4F13-B1E5-77357D6BF4C8-450x600.jpeg\" role=\"button\" tabindex=\"0\" aria-label=\"Abrir la imagen 28 de 33 en pantalla completa\"srcset=\"https:\/\/i2.wp.com\/www.cisa-arica.cl\/wp1\/wp-content\/uploads\/2023\/11\/36AC3CD8-A180-4F13-B1E5-77357D6BF4C8-450x600.jpeg?strip=info&#038;w=600&#038;ssl=1 600w,https:\/\/i2.wp.com\/www.cisa-arica.cl\/wp1\/wp-content\/uploads\/2023\/11\/36AC3CD8-A180-4F13-B1E5-77357D6BF4C8-450x600.jpeg?strip=info&#038;w=900&#038;ssl=1 900w,https:\/\/i2.wp.com\/www.cisa-arica.cl\/wp1\/wp-content\/uploads\/2023\/11\/36AC3CD8-A180-4F13-B1E5-77357D6BF4C8-450x600.jpeg?strip=info&#038;w=1200&#038;ssl=1 1200w,https:\/\/i2.wp.com\/www.cisa-arica.cl\/wp1\/wp-content\/uploads\/2023\/11\/36AC3CD8-A180-4F13-B1E5-77357D6BF4C8-450x600.jpeg?strip=info&#038;w=1500&#038;ssl=1 1500w,https:\/\/i2.wp.com\/www.cisa-arica.cl\/wp1\/wp-content\/uploads\/2023\/11\/36AC3CD8-A180-4F13-B1E5-77357D6BF4C8-450x600.jpeg?strip=info&#038;w=1800&#038;ssl=1 1800w,https:\/\/i2.wp.com\/www.cisa-arica.cl\/wp1\/wp-content\/uploads\/2023\/11\/36AC3CD8-A180-4F13-B1E5-77357D6BF4C8-450x600.jpeg?strip=info&#038;w=1920&#038;ssl=1 1920w\" alt=\"\" data-height=\"2560\" data-id=\"23198\" data-link=\"https:\/\/www.cisa-arica.cl\/wp1\/?attachment_id=23198\" data-url=\"https:\/\/www.cisa-arica.cl\/wp1\/wp-content\/uploads\/2023\/11\/36AC3CD8-A180-4F13-B1E5-77357D6BF4C8-450x600.jpeg\" data-width=\"1920\" src=\"https:\/\/i2.wp.com\/www.cisa-arica.cl\/wp1\/wp-content\/uploads\/2023\/11\/36AC3CD8-A180-4F13-B1E5-77357D6BF4C8-450x600.jpeg?ssl=1\" data-amp-layout=\"responsive\"\/><\/figure><\/div><div class=\"tiled-gallery__col\" style=\"flex-basis:25.00000%\"><figure class=\"tiled-gallery__item\"><img decoding=\"async\" data-attachment-id=\"23199\" data-permalink=\"https:\/\/www.cisa-arica.cl\/wp1\/2023\/11\/10\/visita-al-hogar-de-ancianos-hermanitas-de-los-pobres\/1b333920-fb2e-47cb-b3e1-9db2df0ff589\/\" data-orig-file=\"https:\/\/www.cisa-arica.cl\/wp1\/wp-content\/uploads\/2023\/11\/1B333920-FB2E-47CB-B3E1-9DB2DF0FF589-scaled.jpeg\" data-orig-size=\"1920,2560\" data-comments-opened=\"0\" data-image-meta=\"{&quot;aperture&quot;:&quot;0&quot;,&quot;credit&quot;:&quot;&quot;,&quot;camera&quot;:&quot;&quot;,&quot;caption&quot;:&quot;&quot;,&quot;created_timestamp&quot;:&quot;0&quot;,&quot;copyright&quot;:&quot;&quot;,&quot;focal_length&quot;:&quot;0&quot;,&quot;iso&quot;:&quot;0&quot;,&quot;shutter_speed&quot;:&quot;0&quot;,&quot;title&quot;:&quot;&quot;,&quot;orientation&quot;:&quot;1&quot;}\" data-image-title=\"1B333920-FB2E-47CB-B3E1-9DB2DF0FF589\" data-image-description=\"\" data-image-caption=\"\" data-large-file=\"https:\/\/www.cisa-arica.cl\/wp1\/wp-content\/uploads\/2023\/11\/1B333920-FB2E-47CB-B3E1-9DB2DF0FF589-450x600.jpeg\" data-attachment-id=\"23199\" data-permalink=\"https:\/\/www.cisa-arica.cl\/wp1\/2023\/11\/10\/visita-al-hogar-de-ancianos-hermanitas-de-los-pobres\/1b333920-fb2e-47cb-b3e1-9db2df0ff589\/\" data-orig-file=\"https:\/\/www.cisa-arica.cl\/wp1\/wp-content\/uploads\/2023\/11\/1B333920-FB2E-47CB-B3E1-9DB2DF0FF589-scaled.jpeg\" data-orig-size=\"1920,2560\" data-comments-opened=\"0\" data-image-meta=\"{&quot;aperture&quot;:&quot;0&quot;,&quot;credit&quot;:&quot;&quot;,&quot;camera&quot;:&quot;&quot;,&quot;caption&quot;:&quot;&quot;,&quot;created_timestamp&quot;:&quot;0&quot;,&quot;copyright&quot;:&quot;&quot;,&quot;focal_length&quot;:&quot;0&quot;,&quot;iso&quot;:&quot;0&quot;,&quot;shutter_speed&quot;:&quot;0&quot;,&quot;title&quot;:&quot;&quot;,&quot;orientation&quot;:&quot;1&quot;}\" data-image-title=\"1B333920-FB2E-47CB-B3E1-9DB2DF0FF589\" data-image-description=\"\" data-image-caption=\"\" data-large-file=\"https:\/\/www.cisa-arica.cl\/wp1\/wp-content\/uploads\/2023\/11\/1B333920-FB2E-47CB-B3E1-9DB2DF0FF589-450x600.jpeg\" role=\"button\" tabindex=\"0\" aria-label=\"Abrir la imagen 29 de 33 en pantalla completa\"srcset=\"https:\/\/i0.wp.com\/www.cisa-arica.cl\/wp1\/wp-content\/uploads\/2023\/11\/1B333920-FB2E-47CB-B3E1-9DB2DF0FF589-450x600.jpeg?strip=info&#038;w=600&#038;ssl=1 600w,https:\/\/i0.wp.com\/www.cisa-arica.cl\/wp1\/wp-content\/uploads\/2023\/11\/1B333920-FB2E-47CB-B3E1-9DB2DF0FF589-450x600.jpeg?strip=info&#038;w=900&#038;ssl=1 900w,https:\/\/i0.wp.com\/www.cisa-arica.cl\/wp1\/wp-content\/uploads\/2023\/11\/1B333920-FB2E-47CB-B3E1-9DB2DF0FF589-450x600.jpeg?strip=info&#038;w=1200&#038;ssl=1 1200w,https:\/\/i0.wp.com\/www.cisa-arica.cl\/wp1\/wp-content\/uploads\/2023\/11\/1B333920-FB2E-47CB-B3E1-9DB2DF0FF589-450x600.jpeg?strip=info&#038;w=1500&#038;ssl=1 1500w,https:\/\/i0.wp.com\/www.cisa-arica.cl\/wp1\/wp-content\/uploads\/2023\/11\/1B333920-FB2E-47CB-B3E1-9DB2DF0FF589-450x600.jpeg?strip=info&#038;w=1800&#038;ssl=1 1800w,https:\/\/i0.wp.com\/www.cisa-arica.cl\/wp1\/wp-content\/uploads\/2023\/11\/1B333920-FB2E-47CB-B3E1-9DB2DF0FF589-450x600.jpeg?strip=info&#038;w=1920&#038;ssl=1 1920w\" alt=\"\" data-height=\"2560\" data-id=\"23199\" data-link=\"https:\/\/www.cisa-arica.cl\/wp1\/?attachment_id=23199\" data-url=\"https:\/\/www.cisa-arica.cl\/wp1\/wp-content\/uploads\/2023\/11\/1B333920-FB2E-47CB-B3E1-9DB2DF0FF589-450x600.jpeg\" data-width=\"1920\" src=\"https:\/\/i0.wp.com\/www.cisa-arica.cl\/wp1\/wp-content\/uploads\/2023\/11\/1B333920-FB2E-47CB-B3E1-9DB2DF0FF589-450x600.jpeg?ssl=1\" data-amp-layout=\"responsive\"\/><\/figure><\/div><div class=\"tiled-gallery__col\" style=\"flex-basis:25.00000%\"><figure class=\"tiled-gallery__item\"><img decoding=\"async\" data-attachment-id=\"23200\" data-permalink=\"https:\/\/www.cisa-arica.cl\/wp1\/2023\/11\/10\/visita-al-hogar-de-ancianos-hermanitas-de-los-pobres\/c7eb7f6b-14df-44e2-b0f2-b908dfba349a\/\" data-orig-file=\"https:\/\/www.cisa-arica.cl\/wp1\/wp-content\/uploads\/2023\/11\/C7EB7F6B-14DF-44E2-B0F2-B908DFBA349A-scaled.jpeg\" data-orig-size=\"1920,2560\" data-comments-opened=\"0\" data-image-meta=\"{&quot;aperture&quot;:&quot;0&quot;,&quot;credit&quot;:&quot;&quot;,&quot;camera&quot;:&quot;&quot;,&quot;caption&quot;:&quot;&quot;,&quot;created_timestamp&quot;:&quot;0&quot;,&quot;copyright&quot;:&quot;&quot;,&quot;focal_length&quot;:&quot;0&quot;,&quot;iso&quot;:&quot;0&quot;,&quot;shutter_speed&quot;:&quot;0&quot;,&quot;title&quot;:&quot;&quot;,&quot;orientation&quot;:&quot;1&quot;}\" data-image-title=\"C7EB7F6B-14DF-44E2-B0F2-B908DFBA349A\" data-image-description=\"\" data-image-caption=\"\" data-large-file=\"https:\/\/www.cisa-arica.cl\/wp1\/wp-content\/uploads\/2023\/11\/C7EB7F6B-14DF-44E2-B0F2-B908DFBA349A-450x600.jpeg\" data-attachment-id=\"23200\" data-permalink=\"https:\/\/www.cisa-arica.cl\/wp1\/2023\/11\/10\/visita-al-hogar-de-ancianos-hermanitas-de-los-pobres\/c7eb7f6b-14df-44e2-b0f2-b908dfba349a\/\" data-orig-file=\"https:\/\/www.cisa-arica.cl\/wp1\/wp-content\/uploads\/2023\/11\/C7EB7F6B-14DF-44E2-B0F2-B908DFBA349A-scaled.jpeg\" data-orig-size=\"1920,2560\" data-comments-opened=\"0\" data-image-meta=\"{&quot;aperture&quot;:&quot;0&quot;,&quot;credit&quot;:&quot;&quot;,&quot;camera&quot;:&quot;&quot;,&quot;caption&quot;:&quot;&quot;,&quot;created_timestamp&quot;:&quot;0&quot;,&quot;copyright&quot;:&quot;&quot;,&quot;focal_length&quot;:&quot;0&quot;,&quot;iso&quot;:&quot;0&quot;,&quot;shutter_speed&quot;:&quot;0&quot;,&quot;title&quot;:&quot;&quot;,&quot;orientation&quot;:&quot;1&quot;}\" data-image-title=\"C7EB7F6B-14DF-44E2-B0F2-B908DFBA349A\" data-image-description=\"\" data-image-caption=\"\" data-large-file=\"https:\/\/www.cisa-arica.cl\/wp1\/wp-content\/uploads\/2023\/11\/C7EB7F6B-14DF-44E2-B0F2-B908DFBA349A-450x600.jpeg\" role=\"button\" tabindex=\"0\" aria-label=\"Abrir la imagen 30 de 33 en pantalla completa\"srcset=\"https:\/\/i1.wp.com\/www.cisa-arica.cl\/wp1\/wp-content\/uploads\/2023\/11\/C7EB7F6B-14DF-44E2-B0F2-B908DFBA349A-450x600.jpeg?strip=info&#038;w=600&#038;ssl=1 600w,https:\/\/i1.wp.com\/www.cisa-arica.cl\/wp1\/wp-content\/uploads\/2023\/11\/C7EB7F6B-14DF-44E2-B0F2-B908DFBA349A-450x600.jpeg?strip=info&#038;w=900&#038;ssl=1 900w,https:\/\/i1.wp.com\/www.cisa-arica.cl\/wp1\/wp-content\/uploads\/2023\/11\/C7EB7F6B-14DF-44E2-B0F2-B908DFBA349A-450x600.jpeg?strip=info&#038;w=1200&#038;ssl=1 1200w,https:\/\/i1.wp.com\/www.cisa-arica.cl\/wp1\/wp-content\/uploads\/2023\/11\/C7EB7F6B-14DF-44E2-B0F2-B908DFBA349A-450x600.jpeg?strip=info&#038;w=1500&#038;ssl=1 1500w,https:\/\/i1.wp.com\/www.cisa-arica.cl\/wp1\/wp-content\/uploads\/2023\/11\/C7EB7F6B-14DF-44E2-B0F2-B908DFBA349A-450x600.jpeg?strip=info&#038;w=1800&#038;ssl=1 1800w,https:\/\/i1.wp.com\/www.cisa-arica.cl\/wp1\/wp-content\/uploads\/2023\/11\/C7EB7F6B-14DF-44E2-B0F2-B908DFBA349A-450x600.jpeg?strip=info&#038;w=1920&#038;ssl=1 1920w\" alt=\"\" data-height=\"2560\" data-id=\"23200\" data-link=\"https:\/\/www.cisa-arica.cl\/wp1\/?attachment_id=23200\" data-url=\"https:\/\/www.cisa-arica.cl\/wp1\/wp-content\/uploads\/2023\/11\/C7EB7F6B-14DF-44E2-B0F2-B908DFBA349A-450x600.jpeg\" data-width=\"1920\" src=\"https:\/\/i1.wp.com\/www.cisa-arica.cl\/wp1\/wp-content\/uploads\/2023\/11\/C7EB7F6B-14DF-44E2-B0F2-B908DFBA349A-450x600.jpeg?ssl=1\" data-amp-layout=\"responsive\"\/><\/figure><\/div><div class=\"tiled-gallery__col\" style=\"flex-basis:25.00000%\"><figure class=\"tiled-gallery__item\"><img decoding=\"async\" data-attachment-id=\"23201\" data-permalink=\"https:\/\/www.cisa-arica.cl\/wp1\/2023\/11\/10\/visita-al-hogar-de-ancianos-hermanitas-de-los-pobres\/d08d8744-70ca-4ed7-b3ee-27f017d5d655\/\" data-orig-file=\"https:\/\/www.cisa-arica.cl\/wp1\/wp-content\/uploads\/2023\/11\/D08D8744-70CA-4ED7-B3EE-27F017D5D655-scaled.jpeg\" data-orig-size=\"1920,2560\" data-comments-opened=\"0\" data-image-meta=\"{&quot;aperture&quot;:&quot;0&quot;,&quot;credit&quot;:&quot;&quot;,&quot;camera&quot;:&quot;&quot;,&quot;caption&quot;:&quot;&quot;,&quot;created_timestamp&quot;:&quot;0&quot;,&quot;copyright&quot;:&quot;&quot;,&quot;focal_length&quot;:&quot;0&quot;,&quot;iso&quot;:&quot;0&quot;,&quot;shutter_speed&quot;:&quot;0&quot;,&quot;title&quot;:&quot;&quot;,&quot;orientation&quot;:&quot;1&quot;}\" data-image-title=\"D08D8744-70CA-4ED7-B3EE-27F017D5D655\" data-image-description=\"\" data-image-caption=\"\" data-large-file=\"https:\/\/www.cisa-arica.cl\/wp1\/wp-content\/uploads\/2023\/11\/D08D8744-70CA-4ED7-B3EE-27F017D5D655-450x600.jpeg\" data-attachment-id=\"23201\" data-permalink=\"https:\/\/www.cisa-arica.cl\/wp1\/2023\/11\/10\/visita-al-hogar-de-ancianos-hermanitas-de-los-pobres\/d08d8744-70ca-4ed7-b3ee-27f017d5d655\/\" data-orig-file=\"https:\/\/www.cisa-arica.cl\/wp1\/wp-content\/uploads\/2023\/11\/D08D8744-70CA-4ED7-B3EE-27F017D5D655-scaled.jpeg\" data-orig-size=\"1920,2560\" data-comments-opened=\"0\" data-image-meta=\"{&quot;aperture&quot;:&quot;0&quot;,&quot;credit&quot;:&quot;&quot;,&quot;camera&quot;:&quot;&quot;,&quot;caption&quot;:&quot;&quot;,&quot;created_timestamp&quot;:&quot;0&quot;,&quot;copyright&quot;:&quot;&quot;,&quot;focal_length&quot;:&quot;0&quot;,&quot;iso&quot;:&quot;0&quot;,&quot;shutter_speed&quot;:&quot;0&quot;,&quot;title&quot;:&quot;&quot;,&quot;orientation&quot;:&quot;1&quot;}\" data-image-title=\"D08D8744-70CA-4ED7-B3EE-27F017D5D655\" data-image-description=\"\" data-image-caption=\"\" data-large-file=\"https:\/\/www.cisa-arica.cl\/wp1\/wp-content\/uploads\/2023\/11\/D08D8744-70CA-4ED7-B3EE-27F017D5D655-450x600.jpeg\" role=\"button\" tabindex=\"0\" aria-label=\"Abrir la imagen 31 de 33 en pantalla completa\"srcset=\"https:\/\/i2.wp.com\/www.cisa-arica.cl\/wp1\/wp-content\/uploads\/2023\/11\/D08D8744-70CA-4ED7-B3EE-27F017D5D655-450x600.jpeg?strip=info&#038;w=600&#038;ssl=1 600w,https:\/\/i2.wp.com\/www.cisa-arica.cl\/wp1\/wp-content\/uploads\/2023\/11\/D08D8744-70CA-4ED7-B3EE-27F017D5D655-450x600.jpeg?strip=info&#038;w=900&#038;ssl=1 900w,https:\/\/i2.wp.com\/www.cisa-arica.cl\/wp1\/wp-content\/uploads\/2023\/11\/D08D8744-70CA-4ED7-B3EE-27F017D5D655-450x600.jpeg?strip=info&#038;w=1200&#038;ssl=1 1200w,https:\/\/i2.wp.com\/www.cisa-arica.cl\/wp1\/wp-content\/uploads\/2023\/11\/D08D8744-70CA-4ED7-B3EE-27F017D5D655-450x600.jpeg?strip=info&#038;w=1500&#038;ssl=1 1500w,https:\/\/i2.wp.com\/www.cisa-arica.cl\/wp1\/wp-content\/uploads\/2023\/11\/D08D8744-70CA-4ED7-B3EE-27F017D5D655-450x600.jpeg?strip=info&#038;w=1800&#038;ssl=1 1800w,https:\/\/i2.wp.com\/www.cisa-arica.cl\/wp1\/wp-content\/uploads\/2023\/11\/D08D8744-70CA-4ED7-B3EE-27F017D5D655-450x600.jpeg?strip=info&#038;w=1920&#038;ssl=1 1920w\" alt=\"\" data-height=\"2560\" data-id=\"23201\" data-link=\"https:\/\/www.cisa-arica.cl\/wp1\/?attachment_id=23201\" data-url=\"https:\/\/www.cisa-arica.cl\/wp1\/wp-content\/uploads\/2023\/11\/D08D8744-70CA-4ED7-B3EE-27F017D5D655-450x600.jpeg\" data-width=\"1920\" src=\"https:\/\/i2.wp.com\/www.cisa-arica.cl\/wp1\/wp-content\/uploads\/2023\/11\/D08D8744-70CA-4ED7-B3EE-27F017D5D655-450x600.jpeg?ssl=1\" data-amp-layout=\"responsive\"\/><\/figure><\/div><\/div><div class=\"tiled-gallery__row\"><div class=\"tiled-gallery__col\" style=\"flex-basis:50.00000%\"><figure class=\"tiled-gallery__item\"><img decoding=\"async\" data-attachment-id=\"23202\" data-permalink=\"https:\/\/www.cisa-arica.cl\/wp1\/2023\/11\/10\/visita-al-hogar-de-ancianos-hermanitas-de-los-pobres\/98152f66-9883-45d6-ba7b-f830a98a49c6\/\" data-orig-file=\"https:\/\/www.cisa-arica.cl\/wp1\/wp-content\/uploads\/2023\/11\/98152F66-9883-45D6-BA7B-F830A98A49C6-scaled.jpeg\" data-orig-size=\"1920,2560\" data-comments-opened=\"0\" data-image-meta=\"{&quot;aperture&quot;:&quot;0&quot;,&quot;credit&quot;:&quot;&quot;,&quot;camera&quot;:&quot;&quot;,&quot;caption&quot;:&quot;&quot;,&quot;created_timestamp&quot;:&quot;0&quot;,&quot;copyright&quot;:&quot;&quot;,&quot;focal_length&quot;:&quot;0&quot;,&quot;iso&quot;:&quot;0&quot;,&quot;shutter_speed&quot;:&quot;0&quot;,&quot;title&quot;:&quot;&quot;,&quot;orientation&quot;:&quot;1&quot;}\" data-image-title=\"98152F66-9883-45D6-BA7B-F830A98A49C6\" data-image-description=\"\" data-image-caption=\"\" data-large-file=\"https:\/\/www.cisa-arica.cl\/wp1\/wp-content\/uploads\/2023\/11\/98152F66-9883-45D6-BA7B-F830A98A49C6-450x600.jpeg\" data-attachment-id=\"23202\" data-permalink=\"https:\/\/www.cisa-arica.cl\/wp1\/2023\/11\/10\/visita-al-hogar-de-ancianos-hermanitas-de-los-pobres\/98152f66-9883-45d6-ba7b-f830a98a49c6\/\" data-orig-file=\"https:\/\/www.cisa-arica.cl\/wp1\/wp-content\/uploads\/2023\/11\/98152F66-9883-45D6-BA7B-F830A98A49C6-scaled.jpeg\" data-orig-size=\"1920,2560\" data-comments-opened=\"0\" data-image-meta=\"{&quot;aperture&quot;:&quot;0&quot;,&quot;credit&quot;:&quot;&quot;,&quot;camera&quot;:&quot;&quot;,&quot;caption&quot;:&quot;&quot;,&quot;created_timestamp&quot;:&quot;0&quot;,&quot;copyright&quot;:&quot;&quot;,&quot;focal_length&quot;:&quot;0&quot;,&quot;iso&quot;:&quot;0&quot;,&quot;shutter_speed&quot;:&quot;0&quot;,&quot;title&quot;:&quot;&quot;,&quot;orientation&quot;:&quot;1&quot;}\" data-image-title=\"98152F66-9883-45D6-BA7B-F830A98A49C6\" data-image-description=\"\" data-image-caption=\"\" data-large-file=\"https:\/\/www.cisa-arica.cl\/wp1\/wp-content\/uploads\/2023\/11\/98152F66-9883-45D6-BA7B-F830A98A49C6-450x600.jpeg\" role=\"button\" tabindex=\"0\" aria-label=\"Abrir la imagen 32 de 33 en pantalla completa\"srcset=\"https:\/\/i1.wp.com\/www.cisa-arica.cl\/wp1\/wp-content\/uploads\/2023\/11\/98152F66-9883-45D6-BA7B-F830A98A49C6-450x600.jpeg?strip=info&#038;w=600&#038;ssl=1 600w,https:\/\/i1.wp.com\/www.cisa-arica.cl\/wp1\/wp-content\/uploads\/2023\/11\/98152F66-9883-45D6-BA7B-F830A98A49C6-450x600.jpeg?strip=info&#038;w=900&#038;ssl=1 900w,https:\/\/i1.wp.com\/www.cisa-arica.cl\/wp1\/wp-content\/uploads\/2023\/11\/98152F66-9883-45D6-BA7B-F830A98A49C6-450x600.jpeg?strip=info&#038;w=1200&#038;ssl=1 1200w,https:\/\/i1.wp.com\/www.cisa-arica.cl\/wp1\/wp-content\/uploads\/2023\/11\/98152F66-9883-45D6-BA7B-F830A98A49C6-450x600.jpeg?strip=info&#038;w=1500&#038;ssl=1 1500w,https:\/\/i1.wp.com\/www.cisa-arica.cl\/wp1\/wp-content\/uploads\/2023\/11\/98152F66-9883-45D6-BA7B-F830A98A49C6-450x600.jpeg?strip=info&#038;w=1800&#038;ssl=1 1800w,https:\/\/i1.wp.com\/www.cisa-arica.cl\/wp1\/wp-content\/uploads\/2023\/11\/98152F66-9883-45D6-BA7B-F830A98A49C6-450x600.jpeg?strip=info&#038;w=1920&#038;ssl=1 1920w\" alt=\"\" data-height=\"2560\" data-id=\"23202\" data-link=\"https:\/\/www.cisa-arica.cl\/wp1\/?attachment_id=23202\" data-url=\"https:\/\/www.cisa-arica.cl\/wp1\/wp-content\/uploads\/2023\/11\/98152F66-9883-45D6-BA7B-F830A98A49C6-450x600.jpeg\" data-width=\"1920\" src=\"https:\/\/i1.wp.com\/www.cisa-arica.cl\/wp1\/wp-content\/uploads\/2023\/11\/98152F66-9883-45D6-BA7B-F830A98A49C6-450x600.jpeg?ssl=1\" data-amp-layout=\"responsive\"\/><\/figure><\/div><div class=\"tiled-gallery__col\" style=\"flex-basis:50.00000%\"><figure class=\"tiled-gallery__item\"><img decoding=\"async\" data-attachment-id=\"23203\" data-permalink=\"https:\/\/www.cisa-arica.cl\/wp1\/2023\/11\/10\/visita-al-hogar-de-ancianos-hermanitas-de-los-pobres\/cf02a506-25d0-4b70-b52e-0a95271219eb\/\" data-orig-file=\"https:\/\/www.cisa-arica.cl\/wp1\/wp-content\/uploads\/2023\/11\/CF02A506-25D0-4B70-B52E-0A95271219EB-scaled.jpeg\" data-orig-size=\"1920,2560\" data-comments-opened=\"0\" data-image-meta=\"{&quot;aperture&quot;:&quot;0&quot;,&quot;credit&quot;:&quot;&quot;,&quot;camera&quot;:&quot;&quot;,&quot;caption&quot;:&quot;&quot;,&quot;created_timestamp&quot;:&quot;0&quot;,&quot;copyright&quot;:&quot;&quot;,&quot;focal_length&quot;:&quot;0&quot;,&quot;iso&quot;:&quot;0&quot;,&quot;shutter_speed&quot;:&quot;0&quot;,&quot;title&quot;:&quot;&quot;,&quot;orientation&quot;:&quot;1&quot;}\" data-image-title=\"CF02A506-25D0-4B70-B52E-0A95271219EB\" data-image-description=\"\" data-image-caption=\"\" data-large-file=\"https:\/\/www.cisa-arica.cl\/wp1\/wp-content\/uploads\/2023\/11\/CF02A506-25D0-4B70-B52E-0A95271219EB-450x600.jpeg\" data-attachment-id=\"23203\" data-permalink=\"https:\/\/www.cisa-arica.cl\/wp1\/2023\/11\/10\/visita-al-hogar-de-ancianos-hermanitas-de-los-pobres\/cf02a506-25d0-4b70-b52e-0a95271219eb\/\" data-orig-file=\"https:\/\/www.cisa-arica.cl\/wp1\/wp-content\/uploads\/2023\/11\/CF02A506-25D0-4B70-B52E-0A95271219EB-scaled.jpeg\" data-orig-size=\"1920,2560\" data-comments-opened=\"0\" data-image-meta=\"{&quot;aperture&quot;:&quot;0&quot;,&quot;credit&quot;:&quot;&quot;,&quot;camera&quot;:&quot;&quot;,&quot;caption&quot;:&quot;&quot;,&quot;created_timestamp&quot;:&quot;0&quot;,&quot;copyright&quot;:&quot;&quot;,&quot;focal_length&quot;:&quot;0&quot;,&quot;iso&quot;:&quot;0&quot;,&quot;shutter_speed&quot;:&quot;0&quot;,&quot;title&quot;:&quot;&quot;,&quot;orientation&quot;:&quot;1&quot;}\" data-image-title=\"CF02A506-25D0-4B70-B52E-0A95271219EB\" data-image-description=\"\" data-image-caption=\"\" data-large-file=\"https:\/\/www.cisa-arica.cl\/wp1\/wp-content\/uploads\/2023\/11\/CF02A506-25D0-4B70-B52E-0A95271219EB-450x600.jpeg\" role=\"button\" tabindex=\"0\" aria-label=\"Abrir la imagen 33 de 33 en pantalla completa\"srcset=\"https:\/\/i1.wp.com\/www.cisa-arica.cl\/wp1\/wp-content\/uploads\/2023\/11\/CF02A506-25D0-4B70-B52E-0A95271219EB-450x600.jpeg?strip=info&#038;w=600&#038;ssl=1 600w,https:\/\/i1.wp.com\/www.cisa-arica.cl\/wp1\/wp-content\/uploads\/2023\/11\/CF02A506-25D0-4B70-B52E-0A95271219EB-450x600.jpeg?strip=info&#038;w=900&#038;ssl=1 900w,https:\/\/i1.wp.com\/www.cisa-arica.cl\/wp1\/wp-content\/uploads\/2023\/11\/CF02A506-25D0-4B70-B52E-0A95271219EB-450x600.jpeg?strip=info&#038;w=1200&#038;ssl=1 1200w,https:\/\/i1.wp.com\/www.cisa-arica.cl\/wp1\/wp-content\/uploads\/2023\/11\/CF02A506-25D0-4B70-B52E-0A95271219EB-450x600.jpeg?strip=info&#038;w=1500&#038;ssl=1 1500w,https:\/\/i1.wp.com\/www.cisa-arica.cl\/wp1\/wp-content\/uploads\/2023\/11\/CF02A506-25D0-4B70-B52E-0A95271219EB-450x600.jpeg?strip=info&#038;w=1800&#038;ssl=1 1800w,https:\/\/i1.wp.com\/www.cisa-arica.cl\/wp1\/wp-content\/uploads\/2023\/11\/CF02A506-25D0-4B70-B52E-0A95271219EB-450x600.jpeg?strip=info&#038;w=1920&#038;ssl=1 1920w\" alt=\"\" data-height=\"2560\" data-id=\"23203\" data-link=\"https:\/\/www.cisa-arica.cl\/wp1\/?attachment_id=23203\" data-url=\"https:\/\/www.cisa-arica.cl\/wp1\/wp-content\/uploads\/2023\/11\/CF02A506-25D0-4B70-B52E-0A95271219EB-450x600.jpeg\" data-width=\"1920\" src=\"https:\/\/i1.wp.com\/www.cisa-arica.cl\/wp1\/wp-content\/uploads\/2023\/11\/CF02A506-25D0-4B70-B52E-0A95271219EB-450x600.jpeg?ssl=1\" data-amp-layout=\"responsive\"\/><\/figure><\/div><\/div><\/div><\/div>\n","protected":false},"excerpt":{"rendered":"<p>Las estudiantes del 6 a\u00f1o B visitaron ayer jueves el Hogar de Ancianos Hermanitas de los Pobres, en donde se hicieron presente con el proyecto DE Orientaci\u00f3n denominado \u201cUNA VISITA CON AMOR Y ALEGRIA\u201d. En la oportunidad se presentaron un poema y dos n\u00fameros musicales, disfrutaron de un entretenido bingo con premios, y de un <a class=\"read-more\" href=\"https:\/\/www.cisa-arica.cl\/wp1\/2023\/11\/10\/visita-al-hogar-de-ancianos-hermanitas-de-los-pobres\/\">Continuar leyendo<\/a><\/p>\n","protected":false},"author":5,"featured_media":23186,"comment_status":"closed","ping_status":"open","sticky":false,"template":"","format":"standard","meta":{"_jetpack_memberships_contains_paid_content":false,"footnotes":"","jetpack_publicize_message":"","jetpack_publicize_feature_enabled":true,"jetpack_social_post_already_shared":true,"jetpack_social_options":{"image_generator_settings":{"template":"highway","default_image_id":0,"font":"","enabled":false},"version":2}},"categories":[5],"tags":[],"class_list":["post-23139","post","type-post","status-publish","format-standard","has-post-thumbnail","hentry","category-uncategorized"],"jetpack_publicize_connections":[],"jetpack_featured_media_url":"https:\/\/www.cisa-arica.cl\/wp1\/wp-content\/uploads\/2023\/11\/5CF23DFC-A3D2-4E25-AFF9-5516C77AAEA3-scaled.jpeg","jetpack_sharing_enabled":true,"jetpack_shortlink":"https:\/\/wp.me\/p84wcz-61d","jetpack-related-posts":[{"id":11450,"url":"https:\/\/www.cisa-arica.cl\/wp1\/2020\/09\/08\/ayudemos-a-nuestros-abuelitos\/","url_meta":{"origin":23139,"position":0},"title":"Ayudemos a nuestros abuelitos","author":"Jeannette Rivera","date":"8 de Septiembre de 2020","format":false,"excerpt":"Estimados Padres y Apoderados: Nos es grato saludarlos , esperando que se encuentren todos muy bien y en familia. Le informamos que el Hogar de Ancianos \"Hermanitas de los pobres\" todos los a\u00f1os realizan una rifa para solventar los gastos que esta Instituci\u00f3n requiere, pero este a\u00f1o las circunstancias las\u2026","rel":"","context":"En &quot;Pastoral&quot;","block_context":{"text":"Pastoral","link":"https:\/\/www.cisa-arica.cl\/wp1\/category\/pastoral\/"},"img":{"alt_text":"","src":"https:\/\/i0.wp.com\/www.cisa-arica.cl\/wp1\/wp-content\/uploads\/2020\/09\/Confeti-Borde-Venta-de-Reposter%C3%ADa-P%C3%B3ster.png?resize=350%2C200&ssl=1","width":350,"height":200,"srcset":"https:\/\/i0.wp.com\/www.cisa-arica.cl\/wp1\/wp-content\/uploads\/2020\/09\/Confeti-Borde-Venta-de-Reposter%C3%ADa-P%C3%B3ster.png?resize=350%2C200&ssl=1 1x, https:\/\/i0.wp.com\/www.cisa-arica.cl\/wp1\/wp-content\/uploads\/2020\/09\/Confeti-Borde-Venta-de-Reposter%C3%ADa-P%C3%B3ster.png?resize=525%2C300&ssl=1 1.5x, https:\/\/i0.wp.com\/www.cisa-arica.cl\/wp1\/wp-content\/uploads\/2020\/09\/Confeti-Borde-Venta-de-Reposter%C3%ADa-P%C3%B3ster.png?resize=700%2C400&ssl=1 2x"},"classes":[]},{"id":18539,"url":"https:\/\/www.cisa-arica.cl\/wp1\/2022\/12\/05\/actividad-volunteers-in-action-con-3ros-medios\/","url_meta":{"origin":23139,"position":1},"title":"Actividad \u201cVolunteers in Action\u201d con 3ros Medios","author":"CISA","date":"5 de Diciembre de 2022","format":false,"excerpt":"Fue una acci\u00f3n realizada por las estudiantes de 3eros medios A y B de nuestro colegio,qui\u00e9nes en la unidad de voluntariado de la asignatura de ingl\u00e9s, contextualizaron el uso del idioma llevando a cabo diversas actividades con los abuelitos de hogares del adulto mayor.\"Hermanitas de los pobres\" y \"Hogar y\u2026","rel":"","context":"Entrada similar ","block_context":{"text":"Entrada similar ","link":""},"img":{"alt_text":"","src":"https:\/\/i0.wp.com\/www.cisa-arica.cl\/wp1\/wp-content\/uploads\/2022\/12\/IMG_3774-scaled.jpg?resize=350%2C200&ssl=1","width":350,"height":200,"srcset":"https:\/\/i0.wp.com\/www.cisa-arica.cl\/wp1\/wp-content\/uploads\/2022\/12\/IMG_3774-scaled.jpg?resize=350%2C200&ssl=1 1x, https:\/\/i0.wp.com\/www.cisa-arica.cl\/wp1\/wp-content\/uploads\/2022\/12\/IMG_3774-scaled.jpg?resize=525%2C300&ssl=1 1.5x, https:\/\/i0.wp.com\/www.cisa-arica.cl\/wp1\/wp-content\/uploads\/2022\/12\/IMG_3774-scaled.jpg?resize=700%2C400&ssl=1 2x, https:\/\/i0.wp.com\/www.cisa-arica.cl\/wp1\/wp-content\/uploads\/2022\/12\/IMG_3774-scaled.jpg?resize=1050%2C600&ssl=1 3x, https:\/\/i0.wp.com\/www.cisa-arica.cl\/wp1\/wp-content\/uploads\/2022\/12\/IMG_3774-scaled.jpg?resize=1400%2C800&ssl=1 4x"},"classes":[]},{"id":26012,"url":"https:\/\/www.cisa-arica.cl\/wp1\/2024\/05\/27\/visita-al-hogar-de-ancianos\/","url_meta":{"origin":23139,"position":2},"title":"Visita al Hogar de Ancianos","author":"Jeannette Rivera","date":"27 de Mayo de 2024","format":false,"excerpt":"Las estudiantes del tercer a\u00f1o medio A junto a su profesora Patricia Vera realizaron una visita al Hogar de Ancianos entregando alegr\u00eda, donaciones y una jornada de entretenimiento a los adultos mayores quienes viven all\u00ed. Fue en resumen, un compartir de amor.","rel":"","context":"Entrada similar ","block_context":{"text":"Entrada similar ","link":""},"img":{"alt_text":"","src":"https:\/\/i0.wp.com\/www.cisa-arica.cl\/wp1\/wp-content\/uploads\/2024\/07\/IMG_20240524_115411-scaled.jpg?resize=350%2C200&ssl=1","width":350,"height":200,"srcset":"https:\/\/i0.wp.com\/www.cisa-arica.cl\/wp1\/wp-content\/uploads\/2024\/07\/IMG_20240524_115411-scaled.jpg?resize=350%2C200&ssl=1 1x, https:\/\/i0.wp.com\/www.cisa-arica.cl\/wp1\/wp-content\/uploads\/2024\/07\/IMG_20240524_115411-scaled.jpg?resize=525%2C300&ssl=1 1.5x, https:\/\/i0.wp.com\/www.cisa-arica.cl\/wp1\/wp-content\/uploads\/2024\/07\/IMG_20240524_115411-scaled.jpg?resize=700%2C400&ssl=1 2x, https:\/\/i0.wp.com\/www.cisa-arica.cl\/wp1\/wp-content\/uploads\/2024\/07\/IMG_20240524_115411-scaled.jpg?resize=1050%2C600&ssl=1 3x, https:\/\/i0.wp.com\/www.cisa-arica.cl\/wp1\/wp-content\/uploads\/2024\/07\/IMG_20240524_115411-scaled.jpg?resize=1400%2C800&ssl=1 4x"},"classes":[]},{"id":9950,"url":"https:\/\/www.cisa-arica.cl\/wp1\/2019\/10\/15\/visita-de-4o-medio-b-a-hogar-de-abuelitos\/","url_meta":{"origin":23139,"position":3},"title":"Visita de 4\u00ba medio B a Hogar de abuelitos","author":"Jeannette Rivera","date":"15 de Octubre de 2019","format":false,"excerpt":"El pasado viernes 11 de octubre en la \u00faltima clase de religi\u00f3n de nuestro 4\u00ba medio B, las alumnas realizaron en compa\u00f1\u00eda de la profesora Catherine Canario una \u00faltima visita y emotiva despedida a sus queridos abuelitos del Hogar de Azapa, llevando de regalo para ellos un peluche y un\u2026","rel":"","context":"En &quot;galeria&quot;","block_context":{"text":"galeria","link":"https:\/\/www.cisa-arica.cl\/wp1\/category\/galeria\/"},"img":{"alt_text":"","src":"https:\/\/i0.wp.com\/www.cisa-arica.cl\/wp1\/wp-content\/uploads\/2019\/10\/002-6.jpeg?resize=350%2C200&ssl=1","width":350,"height":200,"srcset":"https:\/\/i0.wp.com\/www.cisa-arica.cl\/wp1\/wp-content\/uploads\/2019\/10\/002-6.jpeg?resize=350%2C200&ssl=1 1x, https:\/\/i0.wp.com\/www.cisa-arica.cl\/wp1\/wp-content\/uploads\/2019\/10\/002-6.jpeg?resize=525%2C300&ssl=1 1.5x, https:\/\/i0.wp.com\/www.cisa-arica.cl\/wp1\/wp-content\/uploads\/2019\/10\/002-6.jpeg?resize=700%2C400&ssl=1 2x, https:\/\/i0.wp.com\/www.cisa-arica.cl\/wp1\/wp-content\/uploads\/2019\/10\/002-6.jpeg?resize=1050%2C600&ssl=1 3x"},"classes":[]},{"id":11311,"url":"https:\/\/www.cisa-arica.cl\/wp1\/2020\/08\/18\/san-alberto-hurtado-dia-de-la-solidaridad\/","url_meta":{"origin":23139,"position":4},"title":"San Alberto Hurtado \u201cD\u00eda de la Solidaridad\u201d","author":"CISA","date":"18 de Agosto de 2020","format":false,"excerpt":"Familia Santa Ana. El 18 de Agosto de 1952 un hombre de extraordinario carisma dej\u00f3 este mundo para nacer al cielo. San Alberto Hurtado Cruchaga, fue un sacerdote Jesuita de profunda fe, de un car\u00e1cter solidario y emp\u00e1tico a toda prueba. Luch\u00f3 con la clase obrera, ancianos, indigentes, adultos, j\u00f3venes\u2026","rel":"","context":"En &quot;CISA&quot;","block_context":{"text":"CISA","link":"https:\/\/www.cisa-arica.cl\/wp1\/category\/cisa\/"},"img":{"alt_text":"","src":"https:\/\/i0.wp.com\/www.cisa-arica.cl\/wp1\/wp-content\/uploads\/2020\/08\/d78758e6-59ed-4023-8a6f-1ff6739004d0.png?resize=350%2C200&ssl=1","width":350,"height":200,"srcset":"https:\/\/i0.wp.com\/www.cisa-arica.cl\/wp1\/wp-content\/uploads\/2020\/08\/d78758e6-59ed-4023-8a6f-1ff6739004d0.png?resize=350%2C200&ssl=1 1x, https:\/\/i0.wp.com\/www.cisa-arica.cl\/wp1\/wp-content\/uploads\/2020\/08\/d78758e6-59ed-4023-8a6f-1ff6739004d0.png?resize=525%2C300&ssl=1 1.5x, https:\/\/i0.wp.com\/www.cisa-arica.cl\/wp1\/wp-content\/uploads\/2020\/08\/d78758e6-59ed-4023-8a6f-1ff6739004d0.png?resize=700%2C400&ssl=1 2x, https:\/\/i0.wp.com\/www.cisa-arica.cl\/wp1\/wp-content\/uploads\/2020\/08\/d78758e6-59ed-4023-8a6f-1ff6739004d0.png?resize=1050%2C600&ssl=1 3x"},"classes":[]},{"id":23668,"url":"https:\/\/www.cisa-arica.cl\/wp1\/2023\/12\/12\/proceso-matricula-2024-para-estudiantes-nuevas\/","url_meta":{"origin":23139,"position":5},"title":"Proceso Matr\u00edcula 2024 para Estudiantes Nuevas","author":"Jeannette Rivera","date":"12 de Diciembre de 2023","format":false,"excerpt":"Las matr\u00edculas para estudiantes nuevas se inicia desde el lunes 11 al jueves 21 de Diciembre. Para completar el proceso de matr\u00edcula 2024 se requiere la siguientes documentaci\u00f3n por parte de los apoderados: Documentaci\u00f3n para estudiantes nuevas de Educaci\u00f3n Parvularia Comprobante de aceptaci\u00f3n de matr\u00edcula. Certificado de nacimiento para todo\u2026","rel":"","context":"Entrada similar ","block_context":{"text":"Entrada similar ","link":""},"img":{"alt_text":"","src":"https:\/\/i0.wp.com\/www.cisa-arica.cl\/wp1\/wp-content\/uploads\/2023\/12\/WhatsApp-Image-2023-12-12-at-08.23.37.jpeg?resize=350%2C200&ssl=1","width":350,"height":200,"srcset":"https:\/\/i0.wp.com\/www.cisa-arica.cl\/wp1\/wp-content\/uploads\/2023\/12\/WhatsApp-Image-2023-12-12-at-08.23.37.jpeg?resize=350%2C200&ssl=1 1x, https:\/\/i0.wp.com\/www.cisa-arica.cl\/wp1\/wp-content\/uploads\/2023\/12\/WhatsApp-Image-2023-12-12-at-08.23.37.jpeg?resize=525%2C300&ssl=1 1.5x, https:\/\/i0.wp.com\/www.cisa-arica.cl\/wp1\/wp-content\/uploads\/2023\/12\/WhatsApp-Image-2023-12-12-at-08.23.37.jpeg?resize=700%2C400&ssl=1 2x"},"classes":[]}],"_links":{"self":[{"href":"https:\/\/www.cisa-arica.cl\/wp1\/wp-json\/wp\/v2\/posts\/23139","targetHints":{"allow":["GET"]}}],"collection":[{"href":"https:\/\/www.cisa-arica.cl\/wp1\/wp-json\/wp\/v2\/posts"}],"about":[{"href":"https:\/\/www.cisa-arica.cl\/wp1\/wp-json\/wp\/v2\/types\/post"}],"author":[{"embeddable":true,"href":"https:\/\/www.cisa-arica.cl\/wp1\/wp-json\/wp\/v2\/users\/5"}],"replies":[{"embeddable":true,"href":"https:\/\/www.cisa-arica.cl\/wp1\/wp-json\/wp\/v2\/comments?post=23139"}],"version-history":[{"count":2,"href":"https:\/\/www.cisa-arica.cl\/wp1\/wp-json\/wp\/v2\/posts\/23139\/revisions"}],"predecessor-version":[{"id":23204,"href":"https:\/\/www.cisa-arica.cl\/wp1\/wp-json\/wp\/v2\/posts\/23139\/revisions\/23204"}],"wp:featuredmedia":[{"embeddable":true,"href":"https:\/\/www.cisa-arica.cl\/wp1\/wp-json\/wp\/v2\/media\/23186"}],"wp:attachment":[{"href":"https:\/\/www.cisa-arica.cl\/wp1\/wp-json\/wp\/v2\/media?parent=23139"}],"wp:term":[{"taxonomy":"category","embeddable":true,"href":"https:\/\/www.cisa-arica.cl\/wp1\/wp-json\/wp\/v2\/categories?post=23139"},{"taxonomy":"post_tag","embeddable":true,"href":"https:\/\/www.cisa-arica.cl\/wp1\/wp-json\/wp\/v2\/tags?post=23139"}],"curies":[{"name":"wp","href":"https:\/\/api.w.org\/{rel}","templated":true}]}}