{"id":22711,"date":"2023-10-20T17:58:30","date_gmt":"2023-10-20T21:58:30","guid":{"rendered":"https:\/\/www.cisa-arica.cl\/wp1\/?p=22711"},"modified":"2023-11-08T13:12:55","modified_gmt":"2023-11-08T17:12:55","slug":"feria-de-la-ciencia-y-matematica-2023","status":"publish","type":"post","link":"https:\/\/www.cisa-arica.cl\/wp1\/2023\/10\/20\/feria-de-la-ciencia-y-matematica-2023\/","title":{"rendered":"Feria de la Ciencia y Matem\u00e1tica 2023"},"content":{"rendered":"<p>Una nueva versi\u00f3n de la Feria de la Ciencia y Matem\u00e1tica se realiz\u00f3 en nuestro colegio ayer jueves 19 de octubre. En la oportunidad las estudiantes del colegio pudieron participar como expositoras, o bien, como visitantes. La actividad fue todo un \u00e9xito por lo que felicitamos a los profesores organizadores, profesores colaboradores en sus respectivos cursos como a cada una de las estudiantes participantes del evento.<\/p>\n\n\n<div class=\"wp-block-jetpack-tiled-gallery aligncenter is-style-rectangular\"><div class=\"tiled-gallery__gallery\"><div class=\"tiled-gallery__row\"><div class=\"tiled-gallery__col\" style=\"flex-basis:63.24591%\"><figure class=\"tiled-gallery__item\"><img decoding=\"async\" data-attachment-id=\"22714\" data-permalink=\"https:\/\/www.cisa-arica.cl\/wp1\/2023\/10\/20\/feria-de-la-ciencia-y-matematica-2023\/0bb46257-4468-46e9-aa08-d5295283402d\/\" data-orig-file=\"https:\/\/www.cisa-arica.cl\/wp1\/wp-content\/uploads\/2023\/10\/0BB46257-4468-46E9-AA08-D5295283402D-scaled.jpeg\" data-orig-size=\"1920,2560\" data-comments-opened=\"0\" data-image-meta=\"{&quot;aperture&quot;:&quot;0&quot;,&quot;credit&quot;:&quot;&quot;,&quot;camera&quot;:&quot;&quot;,&quot;caption&quot;:&quot;&quot;,&quot;created_timestamp&quot;:&quot;0&quot;,&quot;copyright&quot;:&quot;&quot;,&quot;focal_length&quot;:&quot;0&quot;,&quot;iso&quot;:&quot;0&quot;,&quot;shutter_speed&quot;:&quot;0&quot;,&quot;title&quot;:&quot;&quot;,&quot;orientation&quot;:&quot;1&quot;}\" data-image-title=\"0BB46257-4468-46E9-AA08-D5295283402D\" data-image-description=\"\" data-image-caption=\"\" data-large-file=\"https:\/\/www.cisa-arica.cl\/wp1\/wp-content\/uploads\/2023\/10\/0BB46257-4468-46E9-AA08-D5295283402D-450x600.jpeg\" data-attachment-id=\"22714\" data-permalink=\"https:\/\/www.cisa-arica.cl\/wp1\/2023\/10\/20\/feria-de-la-ciencia-y-matematica-2023\/0bb46257-4468-46e9-aa08-d5295283402d\/\" data-orig-file=\"https:\/\/www.cisa-arica.cl\/wp1\/wp-content\/uploads\/2023\/10\/0BB46257-4468-46E9-AA08-D5295283402D-scaled.jpeg\" data-orig-size=\"1920,2560\" data-comments-opened=\"0\" data-image-meta=\"{&quot;aperture&quot;:&quot;0&quot;,&quot;credit&quot;:&quot;&quot;,&quot;camera&quot;:&quot;&quot;,&quot;caption&quot;:&quot;&quot;,&quot;created_timestamp&quot;:&quot;0&quot;,&quot;copyright&quot;:&quot;&quot;,&quot;focal_length&quot;:&quot;0&quot;,&quot;iso&quot;:&quot;0&quot;,&quot;shutter_speed&quot;:&quot;0&quot;,&quot;title&quot;:&quot;&quot;,&quot;orientation&quot;:&quot;1&quot;}\" data-image-title=\"0BB46257-4468-46E9-AA08-D5295283402D\" data-image-description=\"\" data-image-caption=\"\" data-large-file=\"https:\/\/www.cisa-arica.cl\/wp1\/wp-content\/uploads\/2023\/10\/0BB46257-4468-46E9-AA08-D5295283402D-450x600.jpeg\" role=\"button\" tabindex=\"0\" aria-label=\"Abrir la imagen 1 de 95 en pantalla completa\"srcset=\"https:\/\/i0.wp.com\/www.cisa-arica.cl\/wp1\/wp-content\/uploads\/2023\/10\/0BB46257-4468-46E9-AA08-D5295283402D-450x600.jpeg?strip=info&#038;w=600&#038;ssl=1 600w,https:\/\/i0.wp.com\/www.cisa-arica.cl\/wp1\/wp-content\/uploads\/2023\/10\/0BB46257-4468-46E9-AA08-D5295283402D-450x600.jpeg?strip=info&#038;w=900&#038;ssl=1 900w,https:\/\/i0.wp.com\/www.cisa-arica.cl\/wp1\/wp-content\/uploads\/2023\/10\/0BB46257-4468-46E9-AA08-D5295283402D-450x600.jpeg?strip=info&#038;w=1200&#038;ssl=1 1200w,https:\/\/i0.wp.com\/www.cisa-arica.cl\/wp1\/wp-content\/uploads\/2023\/10\/0BB46257-4468-46E9-AA08-D5295283402D-450x600.jpeg?strip=info&#038;w=1500&#038;ssl=1 1500w,https:\/\/i0.wp.com\/www.cisa-arica.cl\/wp1\/wp-content\/uploads\/2023\/10\/0BB46257-4468-46E9-AA08-D5295283402D-450x600.jpeg?strip=info&#038;w=1800&#038;ssl=1 1800w,https:\/\/i0.wp.com\/www.cisa-arica.cl\/wp1\/wp-content\/uploads\/2023\/10\/0BB46257-4468-46E9-AA08-D5295283402D-450x600.jpeg?strip=info&#038;w=1920&#038;ssl=1 1920w\" alt=\"\" data-height=\"2560\" data-id=\"22714\" data-link=\"https:\/\/www.cisa-arica.cl\/wp1\/?attachment_id=22714\" data-url=\"https:\/\/www.cisa-arica.cl\/wp1\/wp-content\/uploads\/2023\/10\/0BB46257-4468-46E9-AA08-D5295283402D-450x600.jpeg\" data-width=\"1920\" src=\"https:\/\/i0.wp.com\/www.cisa-arica.cl\/wp1\/wp-content\/uploads\/2023\/10\/0BB46257-4468-46E9-AA08-D5295283402D-450x600.jpeg?ssl=1\" data-amp-layout=\"responsive\"\/><\/figure><\/div><div class=\"tiled-gallery__col\" style=\"flex-basis:36.75409%\"><figure class=\"tiled-gallery__item\"><img decoding=\"async\" data-attachment-id=\"22715\" data-permalink=\"https:\/\/www.cisa-arica.cl\/wp1\/2023\/10\/20\/feria-de-la-ciencia-y-matematica-2023\/2a28150a-6820-4a57-a602-bedf91ef7072\/\" data-orig-file=\"https:\/\/www.cisa-arica.cl\/wp1\/wp-content\/uploads\/2023\/10\/2A28150A-6820-4A57-A602-BEDF91EF7072-scaled.jpeg\" data-orig-size=\"2560,1920\" data-comments-opened=\"0\" data-image-meta=\"{&quot;aperture&quot;:&quot;0&quot;,&quot;credit&quot;:&quot;&quot;,&quot;camera&quot;:&quot;&quot;,&quot;caption&quot;:&quot;&quot;,&quot;created_timestamp&quot;:&quot;0&quot;,&quot;copyright&quot;:&quot;&quot;,&quot;focal_length&quot;:&quot;0&quot;,&quot;iso&quot;:&quot;0&quot;,&quot;shutter_speed&quot;:&quot;0&quot;,&quot;title&quot;:&quot;&quot;,&quot;orientation&quot;:&quot;1&quot;}\" data-image-title=\"2A28150A-6820-4A57-A602-BEDF91EF7072\" data-image-description=\"\" data-image-caption=\"\" data-large-file=\"https:\/\/www.cisa-arica.cl\/wp1\/wp-content\/uploads\/2023\/10\/2A28150A-6820-4A57-A602-BEDF91EF7072-600x450.jpeg\" data-attachment-id=\"22715\" data-permalink=\"https:\/\/www.cisa-arica.cl\/wp1\/2023\/10\/20\/feria-de-la-ciencia-y-matematica-2023\/2a28150a-6820-4a57-a602-bedf91ef7072\/\" data-orig-file=\"https:\/\/www.cisa-arica.cl\/wp1\/wp-content\/uploads\/2023\/10\/2A28150A-6820-4A57-A602-BEDF91EF7072-scaled.jpeg\" data-orig-size=\"2560,1920\" data-comments-opened=\"0\" data-image-meta=\"{&quot;aperture&quot;:&quot;0&quot;,&quot;credit&quot;:&quot;&quot;,&quot;camera&quot;:&quot;&quot;,&quot;caption&quot;:&quot;&quot;,&quot;created_timestamp&quot;:&quot;0&quot;,&quot;copyright&quot;:&quot;&quot;,&quot;focal_length&quot;:&quot;0&quot;,&quot;iso&quot;:&quot;0&quot;,&quot;shutter_speed&quot;:&quot;0&quot;,&quot;title&quot;:&quot;&quot;,&quot;orientation&quot;:&quot;1&quot;}\" data-image-title=\"2A28150A-6820-4A57-A602-BEDF91EF7072\" data-image-description=\"\" data-image-caption=\"\" data-large-file=\"https:\/\/www.cisa-arica.cl\/wp1\/wp-content\/uploads\/2023\/10\/2A28150A-6820-4A57-A602-BEDF91EF7072-600x450.jpeg\" role=\"button\" tabindex=\"0\" aria-label=\"Abrir la imagen 2 de 95 en pantalla completa\"srcset=\"https:\/\/i0.wp.com\/www.cisa-arica.cl\/wp1\/wp-content\/uploads\/2023\/10\/2A28150A-6820-4A57-A602-BEDF91EF7072-600x450.jpeg?strip=info&#038;w=600&#038;ssl=1 600w,https:\/\/i0.wp.com\/www.cisa-arica.cl\/wp1\/wp-content\/uploads\/2023\/10\/2A28150A-6820-4A57-A602-BEDF91EF7072-600x450.jpeg?strip=info&#038;w=900&#038;ssl=1 900w,https:\/\/i0.wp.com\/www.cisa-arica.cl\/wp1\/wp-content\/uploads\/2023\/10\/2A28150A-6820-4A57-A602-BEDF91EF7072-600x450.jpeg?strip=info&#038;w=1200&#038;ssl=1 1200w,https:\/\/i0.wp.com\/www.cisa-arica.cl\/wp1\/wp-content\/uploads\/2023\/10\/2A28150A-6820-4A57-A602-BEDF91EF7072-600x450.jpeg?strip=info&#038;w=1500&#038;ssl=1 1500w,https:\/\/i0.wp.com\/www.cisa-arica.cl\/wp1\/wp-content\/uploads\/2023\/10\/2A28150A-6820-4A57-A602-BEDF91EF7072-600x450.jpeg?strip=info&#038;w=1800&#038;ssl=1 1800w,https:\/\/i0.wp.com\/www.cisa-arica.cl\/wp1\/wp-content\/uploads\/2023\/10\/2A28150A-6820-4A57-A602-BEDF91EF7072-600x450.jpeg?strip=info&#038;w=2000&#038;ssl=1 2000w\" alt=\"\" data-height=\"1920\" data-id=\"22715\" data-link=\"https:\/\/www.cisa-arica.cl\/wp1\/?attachment_id=22715\" data-url=\"https:\/\/www.cisa-arica.cl\/wp1\/wp-content\/uploads\/2023\/10\/2A28150A-6820-4A57-A602-BEDF91EF7072-600x450.jpeg\" data-width=\"2560\" src=\"https:\/\/i0.wp.com\/www.cisa-arica.cl\/wp1\/wp-content\/uploads\/2023\/10\/2A28150A-6820-4A57-A602-BEDF91EF7072-600x450.jpeg?ssl=1\" data-amp-layout=\"responsive\"\/><\/figure><figure class=\"tiled-gallery__item\"><img decoding=\"async\" data-attachment-id=\"22716\" data-permalink=\"https:\/\/www.cisa-arica.cl\/wp1\/2023\/10\/20\/feria-de-la-ciencia-y-matematica-2023\/56718f24-5218-436e-bc58-8bd42afedc7c\/\" data-orig-file=\"https:\/\/www.cisa-arica.cl\/wp1\/wp-content\/uploads\/2023\/10\/56718F24-5218-436E-BC58-8BD42AFEDC7C-scaled.jpeg\" data-orig-size=\"2560,1920\" data-comments-opened=\"0\" data-image-meta=\"{&quot;aperture&quot;:&quot;0&quot;,&quot;credit&quot;:&quot;&quot;,&quot;camera&quot;:&quot;&quot;,&quot;caption&quot;:&quot;&quot;,&quot;created_timestamp&quot;:&quot;0&quot;,&quot;copyright&quot;:&quot;&quot;,&quot;focal_length&quot;:&quot;0&quot;,&quot;iso&quot;:&quot;0&quot;,&quot;shutter_speed&quot;:&quot;0&quot;,&quot;title&quot;:&quot;&quot;,&quot;orientation&quot;:&quot;1&quot;}\" data-image-title=\"56718F24-5218-436E-BC58-8BD42AFEDC7C\" data-image-description=\"\" data-image-caption=\"\" data-large-file=\"https:\/\/www.cisa-arica.cl\/wp1\/wp-content\/uploads\/2023\/10\/56718F24-5218-436E-BC58-8BD42AFEDC7C-600x450.jpeg\" data-attachment-id=\"22716\" data-permalink=\"https:\/\/www.cisa-arica.cl\/wp1\/2023\/10\/20\/feria-de-la-ciencia-y-matematica-2023\/56718f24-5218-436e-bc58-8bd42afedc7c\/\" data-orig-file=\"https:\/\/www.cisa-arica.cl\/wp1\/wp-content\/uploads\/2023\/10\/56718F24-5218-436E-BC58-8BD42AFEDC7C-scaled.jpeg\" data-orig-size=\"2560,1920\" data-comments-opened=\"0\" data-image-meta=\"{&quot;aperture&quot;:&quot;0&quot;,&quot;credit&quot;:&quot;&quot;,&quot;camera&quot;:&quot;&quot;,&quot;caption&quot;:&quot;&quot;,&quot;created_timestamp&quot;:&quot;0&quot;,&quot;copyright&quot;:&quot;&quot;,&quot;focal_length&quot;:&quot;0&quot;,&quot;iso&quot;:&quot;0&quot;,&quot;shutter_speed&quot;:&quot;0&quot;,&quot;title&quot;:&quot;&quot;,&quot;orientation&quot;:&quot;1&quot;}\" data-image-title=\"56718F24-5218-436E-BC58-8BD42AFEDC7C\" data-image-description=\"\" data-image-caption=\"\" data-large-file=\"https:\/\/www.cisa-arica.cl\/wp1\/wp-content\/uploads\/2023\/10\/56718F24-5218-436E-BC58-8BD42AFEDC7C-600x450.jpeg\" role=\"button\" tabindex=\"0\" aria-label=\"Abrir la imagen 3 de 95 en pantalla completa\"srcset=\"https:\/\/i2.wp.com\/www.cisa-arica.cl\/wp1\/wp-content\/uploads\/2023\/10\/56718F24-5218-436E-BC58-8BD42AFEDC7C-600x450.jpeg?strip=info&#038;w=600&#038;ssl=1 600w,https:\/\/i2.wp.com\/www.cisa-arica.cl\/wp1\/wp-content\/uploads\/2023\/10\/56718F24-5218-436E-BC58-8BD42AFEDC7C-600x450.jpeg?strip=info&#038;w=900&#038;ssl=1 900w,https:\/\/i2.wp.com\/www.cisa-arica.cl\/wp1\/wp-content\/uploads\/2023\/10\/56718F24-5218-436E-BC58-8BD42AFEDC7C-600x450.jpeg?strip=info&#038;w=1200&#038;ssl=1 1200w,https:\/\/i2.wp.com\/www.cisa-arica.cl\/wp1\/wp-content\/uploads\/2023\/10\/56718F24-5218-436E-BC58-8BD42AFEDC7C-600x450.jpeg?strip=info&#038;w=1500&#038;ssl=1 1500w,https:\/\/i2.wp.com\/www.cisa-arica.cl\/wp1\/wp-content\/uploads\/2023\/10\/56718F24-5218-436E-BC58-8BD42AFEDC7C-600x450.jpeg?strip=info&#038;w=1800&#038;ssl=1 1800w,https:\/\/i2.wp.com\/www.cisa-arica.cl\/wp1\/wp-content\/uploads\/2023\/10\/56718F24-5218-436E-BC58-8BD42AFEDC7C-600x450.jpeg?strip=info&#038;w=2000&#038;ssl=1 2000w\" alt=\"\" data-height=\"1920\" data-id=\"22716\" data-link=\"https:\/\/www.cisa-arica.cl\/wp1\/?attachment_id=22716\" data-url=\"https:\/\/www.cisa-arica.cl\/wp1\/wp-content\/uploads\/2023\/10\/56718F24-5218-436E-BC58-8BD42AFEDC7C-600x450.jpeg\" data-width=\"2560\" src=\"https:\/\/i2.wp.com\/www.cisa-arica.cl\/wp1\/wp-content\/uploads\/2023\/10\/56718F24-5218-436E-BC58-8BD42AFEDC7C-600x450.jpeg?ssl=1\" data-amp-layout=\"responsive\"\/><\/figure><figure class=\"tiled-gallery__item\"><img decoding=\"async\" data-attachment-id=\"22717\" data-permalink=\"https:\/\/www.cisa-arica.cl\/wp1\/2023\/10\/20\/feria-de-la-ciencia-y-matematica-2023\/458ddaa3-c9a3-4b98-bd45-6c1473285016\/\" data-orig-file=\"https:\/\/www.cisa-arica.cl\/wp1\/wp-content\/uploads\/2023\/10\/458DDAA3-C9A3-4B98-BD45-6C1473285016-scaled.jpeg\" data-orig-size=\"2560,1920\" data-comments-opened=\"0\" data-image-meta=\"{&quot;aperture&quot;:&quot;0&quot;,&quot;credit&quot;:&quot;&quot;,&quot;camera&quot;:&quot;&quot;,&quot;caption&quot;:&quot;&quot;,&quot;created_timestamp&quot;:&quot;0&quot;,&quot;copyright&quot;:&quot;&quot;,&quot;focal_length&quot;:&quot;0&quot;,&quot;iso&quot;:&quot;0&quot;,&quot;shutter_speed&quot;:&quot;0&quot;,&quot;title&quot;:&quot;&quot;,&quot;orientation&quot;:&quot;1&quot;}\" data-image-title=\"458DDAA3-C9A3-4B98-BD45-6C1473285016\" data-image-description=\"\" data-image-caption=\"\" data-large-file=\"https:\/\/www.cisa-arica.cl\/wp1\/wp-content\/uploads\/2023\/10\/458DDAA3-C9A3-4B98-BD45-6C1473285016-600x450.jpeg\" data-attachment-id=\"22717\" data-permalink=\"https:\/\/www.cisa-arica.cl\/wp1\/2023\/10\/20\/feria-de-la-ciencia-y-matematica-2023\/458ddaa3-c9a3-4b98-bd45-6c1473285016\/\" data-orig-file=\"https:\/\/www.cisa-arica.cl\/wp1\/wp-content\/uploads\/2023\/10\/458DDAA3-C9A3-4B98-BD45-6C1473285016-scaled.jpeg\" data-orig-size=\"2560,1920\" data-comments-opened=\"0\" data-image-meta=\"{&quot;aperture&quot;:&quot;0&quot;,&quot;credit&quot;:&quot;&quot;,&quot;camera&quot;:&quot;&quot;,&quot;caption&quot;:&quot;&quot;,&quot;created_timestamp&quot;:&quot;0&quot;,&quot;copyright&quot;:&quot;&quot;,&quot;focal_length&quot;:&quot;0&quot;,&quot;iso&quot;:&quot;0&quot;,&quot;shutter_speed&quot;:&quot;0&quot;,&quot;title&quot;:&quot;&quot;,&quot;orientation&quot;:&quot;1&quot;}\" data-image-title=\"458DDAA3-C9A3-4B98-BD45-6C1473285016\" data-image-description=\"\" data-image-caption=\"\" data-large-file=\"https:\/\/www.cisa-arica.cl\/wp1\/wp-content\/uploads\/2023\/10\/458DDAA3-C9A3-4B98-BD45-6C1473285016-600x450.jpeg\" role=\"button\" tabindex=\"0\" aria-label=\"Abrir la imagen 4 de 95 en pantalla completa\"srcset=\"https:\/\/i1.wp.com\/www.cisa-arica.cl\/wp1\/wp-content\/uploads\/2023\/10\/458DDAA3-C9A3-4B98-BD45-6C1473285016-600x450.jpeg?strip=info&#038;w=600&#038;ssl=1 600w,https:\/\/i1.wp.com\/www.cisa-arica.cl\/wp1\/wp-content\/uploads\/2023\/10\/458DDAA3-C9A3-4B98-BD45-6C1473285016-600x450.jpeg?strip=info&#038;w=900&#038;ssl=1 900w,https:\/\/i1.wp.com\/www.cisa-arica.cl\/wp1\/wp-content\/uploads\/2023\/10\/458DDAA3-C9A3-4B98-BD45-6C1473285016-600x450.jpeg?strip=info&#038;w=1200&#038;ssl=1 1200w,https:\/\/i1.wp.com\/www.cisa-arica.cl\/wp1\/wp-content\/uploads\/2023\/10\/458DDAA3-C9A3-4B98-BD45-6C1473285016-600x450.jpeg?strip=info&#038;w=1500&#038;ssl=1 1500w,https:\/\/i1.wp.com\/www.cisa-arica.cl\/wp1\/wp-content\/uploads\/2023\/10\/458DDAA3-C9A3-4B98-BD45-6C1473285016-600x450.jpeg?strip=info&#038;w=1800&#038;ssl=1 1800w,https:\/\/i1.wp.com\/www.cisa-arica.cl\/wp1\/wp-content\/uploads\/2023\/10\/458DDAA3-C9A3-4B98-BD45-6C1473285016-600x450.jpeg?strip=info&#038;w=2000&#038;ssl=1 2000w\" alt=\"\" data-height=\"1920\" data-id=\"22717\" data-link=\"https:\/\/www.cisa-arica.cl\/wp1\/?attachment_id=22717\" data-url=\"https:\/\/www.cisa-arica.cl\/wp1\/wp-content\/uploads\/2023\/10\/458DDAA3-C9A3-4B98-BD45-6C1473285016-600x450.jpeg\" data-width=\"2560\" src=\"https:\/\/i1.wp.com\/www.cisa-arica.cl\/wp1\/wp-content\/uploads\/2023\/10\/458DDAA3-C9A3-4B98-BD45-6C1473285016-600x450.jpeg?ssl=1\" data-amp-layout=\"responsive\"\/><\/figure><\/div><\/div><div class=\"tiled-gallery__row\"><div class=\"tiled-gallery__col\" style=\"flex-basis:36.75409%\"><figure class=\"tiled-gallery__item\"><img decoding=\"async\" data-attachment-id=\"22718\" data-permalink=\"https:\/\/www.cisa-arica.cl\/wp1\/2023\/10\/20\/feria-de-la-ciencia-y-matematica-2023\/994f7b82-35e1-4de5-a889-abec956b4808\/\" data-orig-file=\"https:\/\/www.cisa-arica.cl\/wp1\/wp-content\/uploads\/2023\/10\/994F7B82-35E1-4DE5-A889-ABEC956B4808-scaled.jpeg\" data-orig-size=\"2560,1920\" data-comments-opened=\"0\" data-image-meta=\"{&quot;aperture&quot;:&quot;0&quot;,&quot;credit&quot;:&quot;&quot;,&quot;camera&quot;:&quot;&quot;,&quot;caption&quot;:&quot;&quot;,&quot;created_timestamp&quot;:&quot;0&quot;,&quot;copyright&quot;:&quot;&quot;,&quot;focal_length&quot;:&quot;0&quot;,&quot;iso&quot;:&quot;0&quot;,&quot;shutter_speed&quot;:&quot;0&quot;,&quot;title&quot;:&quot;&quot;,&quot;orientation&quot;:&quot;1&quot;}\" data-image-title=\"994F7B82-35E1-4DE5-A889-ABEC956B4808\" data-image-description=\"\" data-image-caption=\"\" data-large-file=\"https:\/\/www.cisa-arica.cl\/wp1\/wp-content\/uploads\/2023\/10\/994F7B82-35E1-4DE5-A889-ABEC956B4808-600x450.jpeg\" data-attachment-id=\"22718\" data-permalink=\"https:\/\/www.cisa-arica.cl\/wp1\/2023\/10\/20\/feria-de-la-ciencia-y-matematica-2023\/994f7b82-35e1-4de5-a889-abec956b4808\/\" data-orig-file=\"https:\/\/www.cisa-arica.cl\/wp1\/wp-content\/uploads\/2023\/10\/994F7B82-35E1-4DE5-A889-ABEC956B4808-scaled.jpeg\" data-orig-size=\"2560,1920\" data-comments-opened=\"0\" data-image-meta=\"{&quot;aperture&quot;:&quot;0&quot;,&quot;credit&quot;:&quot;&quot;,&quot;camera&quot;:&quot;&quot;,&quot;caption&quot;:&quot;&quot;,&quot;created_timestamp&quot;:&quot;0&quot;,&quot;copyright&quot;:&quot;&quot;,&quot;focal_length&quot;:&quot;0&quot;,&quot;iso&quot;:&quot;0&quot;,&quot;shutter_speed&quot;:&quot;0&quot;,&quot;title&quot;:&quot;&quot;,&quot;orientation&quot;:&quot;1&quot;}\" data-image-title=\"994F7B82-35E1-4DE5-A889-ABEC956B4808\" data-image-description=\"\" data-image-caption=\"\" data-large-file=\"https:\/\/www.cisa-arica.cl\/wp1\/wp-content\/uploads\/2023\/10\/994F7B82-35E1-4DE5-A889-ABEC956B4808-600x450.jpeg\" role=\"button\" tabindex=\"0\" aria-label=\"Abrir la imagen 5 de 95 en pantalla completa\"srcset=\"https:\/\/i2.wp.com\/www.cisa-arica.cl\/wp1\/wp-content\/uploads\/2023\/10\/994F7B82-35E1-4DE5-A889-ABEC956B4808-600x450.jpeg?strip=info&#038;w=600&#038;ssl=1 600w,https:\/\/i2.wp.com\/www.cisa-arica.cl\/wp1\/wp-content\/uploads\/2023\/10\/994F7B82-35E1-4DE5-A889-ABEC956B4808-600x450.jpeg?strip=info&#038;w=900&#038;ssl=1 900w,https:\/\/i2.wp.com\/www.cisa-arica.cl\/wp1\/wp-content\/uploads\/2023\/10\/994F7B82-35E1-4DE5-A889-ABEC956B4808-600x450.jpeg?strip=info&#038;w=1200&#038;ssl=1 1200w,https:\/\/i2.wp.com\/www.cisa-arica.cl\/wp1\/wp-content\/uploads\/2023\/10\/994F7B82-35E1-4DE5-A889-ABEC956B4808-600x450.jpeg?strip=info&#038;w=1500&#038;ssl=1 1500w,https:\/\/i2.wp.com\/www.cisa-arica.cl\/wp1\/wp-content\/uploads\/2023\/10\/994F7B82-35E1-4DE5-A889-ABEC956B4808-600x450.jpeg?strip=info&#038;w=1800&#038;ssl=1 1800w,https:\/\/i2.wp.com\/www.cisa-arica.cl\/wp1\/wp-content\/uploads\/2023\/10\/994F7B82-35E1-4DE5-A889-ABEC956B4808-600x450.jpeg?strip=info&#038;w=2000&#038;ssl=1 2000w\" alt=\"\" data-height=\"1920\" data-id=\"22718\" data-link=\"https:\/\/www.cisa-arica.cl\/wp1\/?attachment_id=22718\" data-url=\"https:\/\/www.cisa-arica.cl\/wp1\/wp-content\/uploads\/2023\/10\/994F7B82-35E1-4DE5-A889-ABEC956B4808-600x450.jpeg\" data-width=\"2560\" src=\"https:\/\/i2.wp.com\/www.cisa-arica.cl\/wp1\/wp-content\/uploads\/2023\/10\/994F7B82-35E1-4DE5-A889-ABEC956B4808-600x450.jpeg?ssl=1\" data-amp-layout=\"responsive\"\/><\/figure><figure class=\"tiled-gallery__item\"><img decoding=\"async\" data-attachment-id=\"22719\" data-permalink=\"https:\/\/www.cisa-arica.cl\/wp1\/2023\/10\/20\/feria-de-la-ciencia-y-matematica-2023\/d8612384-f99b-4c4e-b3df-7ad708d37cd7\/\" data-orig-file=\"https:\/\/www.cisa-arica.cl\/wp1\/wp-content\/uploads\/2023\/10\/D8612384-F99B-4C4E-B3DF-7AD708D37CD7-scaled.jpeg\" data-orig-size=\"2560,1920\" data-comments-opened=\"0\" data-image-meta=\"{&quot;aperture&quot;:&quot;0&quot;,&quot;credit&quot;:&quot;&quot;,&quot;camera&quot;:&quot;&quot;,&quot;caption&quot;:&quot;&quot;,&quot;created_timestamp&quot;:&quot;0&quot;,&quot;copyright&quot;:&quot;&quot;,&quot;focal_length&quot;:&quot;0&quot;,&quot;iso&quot;:&quot;0&quot;,&quot;shutter_speed&quot;:&quot;0&quot;,&quot;title&quot;:&quot;&quot;,&quot;orientation&quot;:&quot;1&quot;}\" data-image-title=\"D8612384-F99B-4C4E-B3DF-7AD708D37CD7\" data-image-description=\"\" data-image-caption=\"\" data-large-file=\"https:\/\/www.cisa-arica.cl\/wp1\/wp-content\/uploads\/2023\/10\/D8612384-F99B-4C4E-B3DF-7AD708D37CD7-600x450.jpeg\" data-attachment-id=\"22719\" data-permalink=\"https:\/\/www.cisa-arica.cl\/wp1\/2023\/10\/20\/feria-de-la-ciencia-y-matematica-2023\/d8612384-f99b-4c4e-b3df-7ad708d37cd7\/\" data-orig-file=\"https:\/\/www.cisa-arica.cl\/wp1\/wp-content\/uploads\/2023\/10\/D8612384-F99B-4C4E-B3DF-7AD708D37CD7-scaled.jpeg\" data-orig-size=\"2560,1920\" data-comments-opened=\"0\" data-image-meta=\"{&quot;aperture&quot;:&quot;0&quot;,&quot;credit&quot;:&quot;&quot;,&quot;camera&quot;:&quot;&quot;,&quot;caption&quot;:&quot;&quot;,&quot;created_timestamp&quot;:&quot;0&quot;,&quot;copyright&quot;:&quot;&quot;,&quot;focal_length&quot;:&quot;0&quot;,&quot;iso&quot;:&quot;0&quot;,&quot;shutter_speed&quot;:&quot;0&quot;,&quot;title&quot;:&quot;&quot;,&quot;orientation&quot;:&quot;1&quot;}\" data-image-title=\"D8612384-F99B-4C4E-B3DF-7AD708D37CD7\" data-image-description=\"\" data-image-caption=\"\" data-large-file=\"https:\/\/www.cisa-arica.cl\/wp1\/wp-content\/uploads\/2023\/10\/D8612384-F99B-4C4E-B3DF-7AD708D37CD7-600x450.jpeg\" role=\"button\" tabindex=\"0\" aria-label=\"Abrir la imagen 6 de 95 en pantalla completa\"srcset=\"https:\/\/i2.wp.com\/www.cisa-arica.cl\/wp1\/wp-content\/uploads\/2023\/10\/D8612384-F99B-4C4E-B3DF-7AD708D37CD7-600x450.jpeg?strip=info&#038;w=600&#038;ssl=1 600w,https:\/\/i2.wp.com\/www.cisa-arica.cl\/wp1\/wp-content\/uploads\/2023\/10\/D8612384-F99B-4C4E-B3DF-7AD708D37CD7-600x450.jpeg?strip=info&#038;w=900&#038;ssl=1 900w,https:\/\/i2.wp.com\/www.cisa-arica.cl\/wp1\/wp-content\/uploads\/2023\/10\/D8612384-F99B-4C4E-B3DF-7AD708D37CD7-600x450.jpeg?strip=info&#038;w=1200&#038;ssl=1 1200w,https:\/\/i2.wp.com\/www.cisa-arica.cl\/wp1\/wp-content\/uploads\/2023\/10\/D8612384-F99B-4C4E-B3DF-7AD708D37CD7-600x450.jpeg?strip=info&#038;w=1500&#038;ssl=1 1500w,https:\/\/i2.wp.com\/www.cisa-arica.cl\/wp1\/wp-content\/uploads\/2023\/10\/D8612384-F99B-4C4E-B3DF-7AD708D37CD7-600x450.jpeg?strip=info&#038;w=1800&#038;ssl=1 1800w,https:\/\/i2.wp.com\/www.cisa-arica.cl\/wp1\/wp-content\/uploads\/2023\/10\/D8612384-F99B-4C4E-B3DF-7AD708D37CD7-600x450.jpeg?strip=info&#038;w=2000&#038;ssl=1 2000w\" alt=\"\" data-height=\"1920\" data-id=\"22719\" data-link=\"https:\/\/www.cisa-arica.cl\/wp1\/?attachment_id=22719\" data-url=\"https:\/\/www.cisa-arica.cl\/wp1\/wp-content\/uploads\/2023\/10\/D8612384-F99B-4C4E-B3DF-7AD708D37CD7-600x450.jpeg\" data-width=\"2560\" src=\"https:\/\/i2.wp.com\/www.cisa-arica.cl\/wp1\/wp-content\/uploads\/2023\/10\/D8612384-F99B-4C4E-B3DF-7AD708D37CD7-600x450.jpeg?ssl=1\" data-amp-layout=\"responsive\"\/><\/figure><figure class=\"tiled-gallery__item\"><img decoding=\"async\" data-attachment-id=\"22720\" data-permalink=\"https:\/\/www.cisa-arica.cl\/wp1\/2023\/10\/20\/feria-de-la-ciencia-y-matematica-2023\/c8c6ef08-1de8-4d5f-bb3b-524c6078808c\/\" data-orig-file=\"https:\/\/www.cisa-arica.cl\/wp1\/wp-content\/uploads\/2023\/10\/C8C6EF08-1DE8-4D5F-BB3B-524C6078808C-scaled.jpeg\" data-orig-size=\"2560,1920\" data-comments-opened=\"0\" data-image-meta=\"{&quot;aperture&quot;:&quot;0&quot;,&quot;credit&quot;:&quot;&quot;,&quot;camera&quot;:&quot;&quot;,&quot;caption&quot;:&quot;&quot;,&quot;created_timestamp&quot;:&quot;0&quot;,&quot;copyright&quot;:&quot;&quot;,&quot;focal_length&quot;:&quot;0&quot;,&quot;iso&quot;:&quot;0&quot;,&quot;shutter_speed&quot;:&quot;0&quot;,&quot;title&quot;:&quot;&quot;,&quot;orientation&quot;:&quot;1&quot;}\" data-image-title=\"C8C6EF08-1DE8-4D5F-BB3B-524C6078808C\" data-image-description=\"\" data-image-caption=\"\" data-large-file=\"https:\/\/www.cisa-arica.cl\/wp1\/wp-content\/uploads\/2023\/10\/C8C6EF08-1DE8-4D5F-BB3B-524C6078808C-600x450.jpeg\" data-attachment-id=\"22720\" data-permalink=\"https:\/\/www.cisa-arica.cl\/wp1\/2023\/10\/20\/feria-de-la-ciencia-y-matematica-2023\/c8c6ef08-1de8-4d5f-bb3b-524c6078808c\/\" data-orig-file=\"https:\/\/www.cisa-arica.cl\/wp1\/wp-content\/uploads\/2023\/10\/C8C6EF08-1DE8-4D5F-BB3B-524C6078808C-scaled.jpeg\" data-orig-size=\"2560,1920\" data-comments-opened=\"0\" data-image-meta=\"{&quot;aperture&quot;:&quot;0&quot;,&quot;credit&quot;:&quot;&quot;,&quot;camera&quot;:&quot;&quot;,&quot;caption&quot;:&quot;&quot;,&quot;created_timestamp&quot;:&quot;0&quot;,&quot;copyright&quot;:&quot;&quot;,&quot;focal_length&quot;:&quot;0&quot;,&quot;iso&quot;:&quot;0&quot;,&quot;shutter_speed&quot;:&quot;0&quot;,&quot;title&quot;:&quot;&quot;,&quot;orientation&quot;:&quot;1&quot;}\" data-image-title=\"C8C6EF08-1DE8-4D5F-BB3B-524C6078808C\" data-image-description=\"\" data-image-caption=\"\" data-large-file=\"https:\/\/www.cisa-arica.cl\/wp1\/wp-content\/uploads\/2023\/10\/C8C6EF08-1DE8-4D5F-BB3B-524C6078808C-600x450.jpeg\" role=\"button\" tabindex=\"0\" aria-label=\"Abrir la imagen 7 de 95 en pantalla completa\"srcset=\"https:\/\/i1.wp.com\/www.cisa-arica.cl\/wp1\/wp-content\/uploads\/2023\/10\/C8C6EF08-1DE8-4D5F-BB3B-524C6078808C-600x450.jpeg?strip=info&#038;w=600&#038;ssl=1 600w,https:\/\/i1.wp.com\/www.cisa-arica.cl\/wp1\/wp-content\/uploads\/2023\/10\/C8C6EF08-1DE8-4D5F-BB3B-524C6078808C-600x450.jpeg?strip=info&#038;w=900&#038;ssl=1 900w,https:\/\/i1.wp.com\/www.cisa-arica.cl\/wp1\/wp-content\/uploads\/2023\/10\/C8C6EF08-1DE8-4D5F-BB3B-524C6078808C-600x450.jpeg?strip=info&#038;w=1200&#038;ssl=1 1200w,https:\/\/i1.wp.com\/www.cisa-arica.cl\/wp1\/wp-content\/uploads\/2023\/10\/C8C6EF08-1DE8-4D5F-BB3B-524C6078808C-600x450.jpeg?strip=info&#038;w=1500&#038;ssl=1 1500w,https:\/\/i1.wp.com\/www.cisa-arica.cl\/wp1\/wp-content\/uploads\/2023\/10\/C8C6EF08-1DE8-4D5F-BB3B-524C6078808C-600x450.jpeg?strip=info&#038;w=1800&#038;ssl=1 1800w,https:\/\/i1.wp.com\/www.cisa-arica.cl\/wp1\/wp-content\/uploads\/2023\/10\/C8C6EF08-1DE8-4D5F-BB3B-524C6078808C-600x450.jpeg?strip=info&#038;w=2000&#038;ssl=1 2000w\" alt=\"\" data-height=\"1920\" data-id=\"22720\" data-link=\"https:\/\/www.cisa-arica.cl\/wp1\/?attachment_id=22720\" data-url=\"https:\/\/www.cisa-arica.cl\/wp1\/wp-content\/uploads\/2023\/10\/C8C6EF08-1DE8-4D5F-BB3B-524C6078808C-600x450.jpeg\" data-width=\"2560\" src=\"https:\/\/i1.wp.com\/www.cisa-arica.cl\/wp1\/wp-content\/uploads\/2023\/10\/C8C6EF08-1DE8-4D5F-BB3B-524C6078808C-600x450.jpeg?ssl=1\" data-amp-layout=\"responsive\"\/><\/figure><\/div><div class=\"tiled-gallery__col\" style=\"flex-basis:63.24591%\"><figure class=\"tiled-gallery__item\"><img decoding=\"async\" data-attachment-id=\"22721\" data-permalink=\"https:\/\/www.cisa-arica.cl\/wp1\/2023\/10\/20\/feria-de-la-ciencia-y-matematica-2023\/53fa0397-a964-43f5-8f5c-e851a9ce44bf\/\" data-orig-file=\"https:\/\/www.cisa-arica.cl\/wp1\/wp-content\/uploads\/2023\/10\/53FA0397-A964-43F5-8F5C-E851A9CE44BF-scaled.jpeg\" data-orig-size=\"1920,2560\" data-comments-opened=\"0\" data-image-meta=\"{&quot;aperture&quot;:&quot;0&quot;,&quot;credit&quot;:&quot;&quot;,&quot;camera&quot;:&quot;&quot;,&quot;caption&quot;:&quot;&quot;,&quot;created_timestamp&quot;:&quot;0&quot;,&quot;copyright&quot;:&quot;&quot;,&quot;focal_length&quot;:&quot;0&quot;,&quot;iso&quot;:&quot;0&quot;,&quot;shutter_speed&quot;:&quot;0&quot;,&quot;title&quot;:&quot;&quot;,&quot;orientation&quot;:&quot;1&quot;}\" data-image-title=\"53FA0397-A964-43F5-8F5C-E851A9CE44BF\" data-image-description=\"\" data-image-caption=\"\" data-large-file=\"https:\/\/www.cisa-arica.cl\/wp1\/wp-content\/uploads\/2023\/10\/53FA0397-A964-43F5-8F5C-E851A9CE44BF-450x600.jpeg\" data-attachment-id=\"22721\" data-permalink=\"https:\/\/www.cisa-arica.cl\/wp1\/2023\/10\/20\/feria-de-la-ciencia-y-matematica-2023\/53fa0397-a964-43f5-8f5c-e851a9ce44bf\/\" data-orig-file=\"https:\/\/www.cisa-arica.cl\/wp1\/wp-content\/uploads\/2023\/10\/53FA0397-A964-43F5-8F5C-E851A9CE44BF-scaled.jpeg\" data-orig-size=\"1920,2560\" data-comments-opened=\"0\" data-image-meta=\"{&quot;aperture&quot;:&quot;0&quot;,&quot;credit&quot;:&quot;&quot;,&quot;camera&quot;:&quot;&quot;,&quot;caption&quot;:&quot;&quot;,&quot;created_timestamp&quot;:&quot;0&quot;,&quot;copyright&quot;:&quot;&quot;,&quot;focal_length&quot;:&quot;0&quot;,&quot;iso&quot;:&quot;0&quot;,&quot;shutter_speed&quot;:&quot;0&quot;,&quot;title&quot;:&quot;&quot;,&quot;orientation&quot;:&quot;1&quot;}\" data-image-title=\"53FA0397-A964-43F5-8F5C-E851A9CE44BF\" data-image-description=\"\" data-image-caption=\"\" data-large-file=\"https:\/\/www.cisa-arica.cl\/wp1\/wp-content\/uploads\/2023\/10\/53FA0397-A964-43F5-8F5C-E851A9CE44BF-450x600.jpeg\" role=\"button\" tabindex=\"0\" aria-label=\"Abrir la imagen 8 de 95 en pantalla completa\"srcset=\"https:\/\/i1.wp.com\/www.cisa-arica.cl\/wp1\/wp-content\/uploads\/2023\/10\/53FA0397-A964-43F5-8F5C-E851A9CE44BF-450x600.jpeg?strip=info&#038;w=600&#038;ssl=1 600w,https:\/\/i1.wp.com\/www.cisa-arica.cl\/wp1\/wp-content\/uploads\/2023\/10\/53FA0397-A964-43F5-8F5C-E851A9CE44BF-450x600.jpeg?strip=info&#038;w=900&#038;ssl=1 900w,https:\/\/i1.wp.com\/www.cisa-arica.cl\/wp1\/wp-content\/uploads\/2023\/10\/53FA0397-A964-43F5-8F5C-E851A9CE44BF-450x600.jpeg?strip=info&#038;w=1200&#038;ssl=1 1200w,https:\/\/i1.wp.com\/www.cisa-arica.cl\/wp1\/wp-content\/uploads\/2023\/10\/53FA0397-A964-43F5-8F5C-E851A9CE44BF-450x600.jpeg?strip=info&#038;w=1500&#038;ssl=1 1500w,https:\/\/i1.wp.com\/www.cisa-arica.cl\/wp1\/wp-content\/uploads\/2023\/10\/53FA0397-A964-43F5-8F5C-E851A9CE44BF-450x600.jpeg?strip=info&#038;w=1800&#038;ssl=1 1800w,https:\/\/i1.wp.com\/www.cisa-arica.cl\/wp1\/wp-content\/uploads\/2023\/10\/53FA0397-A964-43F5-8F5C-E851A9CE44BF-450x600.jpeg?strip=info&#038;w=1920&#038;ssl=1 1920w\" alt=\"\" data-height=\"2560\" data-id=\"22721\" data-link=\"https:\/\/www.cisa-arica.cl\/wp1\/?attachment_id=22721\" data-url=\"https:\/\/www.cisa-arica.cl\/wp1\/wp-content\/uploads\/2023\/10\/53FA0397-A964-43F5-8F5C-E851A9CE44BF-450x600.jpeg\" data-width=\"1920\" src=\"https:\/\/i1.wp.com\/www.cisa-arica.cl\/wp1\/wp-content\/uploads\/2023\/10\/53FA0397-A964-43F5-8F5C-E851A9CE44BF-450x600.jpeg?ssl=1\" data-amp-layout=\"responsive\"\/><\/figure><\/div><\/div><div class=\"tiled-gallery__row\"><div class=\"tiled-gallery__col\" style=\"flex-basis:33.33333%\"><figure class=\"tiled-gallery__item\"><img decoding=\"async\" data-attachment-id=\"22722\" data-permalink=\"https:\/\/www.cisa-arica.cl\/wp1\/2023\/10\/20\/feria-de-la-ciencia-y-matematica-2023\/049b1819-6aca-4df7-8f36-15d61e275213\/\" data-orig-file=\"https:\/\/www.cisa-arica.cl\/wp1\/wp-content\/uploads\/2023\/10\/049B1819-6ACA-4DF7-8F36-15D61E275213-scaled.jpeg\" data-orig-size=\"1920,2560\" data-comments-opened=\"0\" data-image-meta=\"{&quot;aperture&quot;:&quot;0&quot;,&quot;credit&quot;:&quot;&quot;,&quot;camera&quot;:&quot;&quot;,&quot;caption&quot;:&quot;&quot;,&quot;created_timestamp&quot;:&quot;0&quot;,&quot;copyright&quot;:&quot;&quot;,&quot;focal_length&quot;:&quot;0&quot;,&quot;iso&quot;:&quot;0&quot;,&quot;shutter_speed&quot;:&quot;0&quot;,&quot;title&quot;:&quot;&quot;,&quot;orientation&quot;:&quot;1&quot;}\" data-image-title=\"049B1819-6ACA-4DF7-8F36-15D61E275213\" data-image-description=\"\" data-image-caption=\"\" data-large-file=\"https:\/\/www.cisa-arica.cl\/wp1\/wp-content\/uploads\/2023\/10\/049B1819-6ACA-4DF7-8F36-15D61E275213-450x600.jpeg\" data-attachment-id=\"22722\" data-permalink=\"https:\/\/www.cisa-arica.cl\/wp1\/2023\/10\/20\/feria-de-la-ciencia-y-matematica-2023\/049b1819-6aca-4df7-8f36-15d61e275213\/\" data-orig-file=\"https:\/\/www.cisa-arica.cl\/wp1\/wp-content\/uploads\/2023\/10\/049B1819-6ACA-4DF7-8F36-15D61E275213-scaled.jpeg\" data-orig-size=\"1920,2560\" data-comments-opened=\"0\" data-image-meta=\"{&quot;aperture&quot;:&quot;0&quot;,&quot;credit&quot;:&quot;&quot;,&quot;camera&quot;:&quot;&quot;,&quot;caption&quot;:&quot;&quot;,&quot;created_timestamp&quot;:&quot;0&quot;,&quot;copyright&quot;:&quot;&quot;,&quot;focal_length&quot;:&quot;0&quot;,&quot;iso&quot;:&quot;0&quot;,&quot;shutter_speed&quot;:&quot;0&quot;,&quot;title&quot;:&quot;&quot;,&quot;orientation&quot;:&quot;1&quot;}\" data-image-title=\"049B1819-6ACA-4DF7-8F36-15D61E275213\" data-image-description=\"\" data-image-caption=\"\" data-large-file=\"https:\/\/www.cisa-arica.cl\/wp1\/wp-content\/uploads\/2023\/10\/049B1819-6ACA-4DF7-8F36-15D61E275213-450x600.jpeg\" role=\"button\" tabindex=\"0\" aria-label=\"Abrir la imagen 9 de 95 en pantalla completa\"srcset=\"https:\/\/i0.wp.com\/www.cisa-arica.cl\/wp1\/wp-content\/uploads\/2023\/10\/049B1819-6ACA-4DF7-8F36-15D61E275213-450x600.jpeg?strip=info&#038;w=600&#038;ssl=1 600w,https:\/\/i0.wp.com\/www.cisa-arica.cl\/wp1\/wp-content\/uploads\/2023\/10\/049B1819-6ACA-4DF7-8F36-15D61E275213-450x600.jpeg?strip=info&#038;w=900&#038;ssl=1 900w,https:\/\/i0.wp.com\/www.cisa-arica.cl\/wp1\/wp-content\/uploads\/2023\/10\/049B1819-6ACA-4DF7-8F36-15D61E275213-450x600.jpeg?strip=info&#038;w=1200&#038;ssl=1 1200w,https:\/\/i0.wp.com\/www.cisa-arica.cl\/wp1\/wp-content\/uploads\/2023\/10\/049B1819-6ACA-4DF7-8F36-15D61E275213-450x600.jpeg?strip=info&#038;w=1500&#038;ssl=1 1500w,https:\/\/i0.wp.com\/www.cisa-arica.cl\/wp1\/wp-content\/uploads\/2023\/10\/049B1819-6ACA-4DF7-8F36-15D61E275213-450x600.jpeg?strip=info&#038;w=1800&#038;ssl=1 1800w,https:\/\/i0.wp.com\/www.cisa-arica.cl\/wp1\/wp-content\/uploads\/2023\/10\/049B1819-6ACA-4DF7-8F36-15D61E275213-450x600.jpeg?strip=info&#038;w=1920&#038;ssl=1 1920w\" alt=\"\" data-height=\"2560\" data-id=\"22722\" data-link=\"https:\/\/www.cisa-arica.cl\/wp1\/?attachment_id=22722\" data-url=\"https:\/\/www.cisa-arica.cl\/wp1\/wp-content\/uploads\/2023\/10\/049B1819-6ACA-4DF7-8F36-15D61E275213-450x600.jpeg\" data-width=\"1920\" src=\"https:\/\/i0.wp.com\/www.cisa-arica.cl\/wp1\/wp-content\/uploads\/2023\/10\/049B1819-6ACA-4DF7-8F36-15D61E275213-450x600.jpeg?ssl=1\" data-amp-layout=\"responsive\"\/><\/figure><\/div><div class=\"tiled-gallery__col\" style=\"flex-basis:33.33333%\"><figure class=\"tiled-gallery__item\"><img decoding=\"async\" data-attachment-id=\"22723\" data-permalink=\"https:\/\/www.cisa-arica.cl\/wp1\/2023\/10\/20\/feria-de-la-ciencia-y-matematica-2023\/89b472d8-a467-4a9e-92a0-d75b374a9780\/\" data-orig-file=\"https:\/\/www.cisa-arica.cl\/wp1\/wp-content\/uploads\/2023\/10\/89B472D8-A467-4A9E-92A0-D75B374A9780-scaled.jpeg\" data-orig-size=\"1920,2560\" data-comments-opened=\"0\" data-image-meta=\"{&quot;aperture&quot;:&quot;0&quot;,&quot;credit&quot;:&quot;&quot;,&quot;camera&quot;:&quot;&quot;,&quot;caption&quot;:&quot;&quot;,&quot;created_timestamp&quot;:&quot;0&quot;,&quot;copyright&quot;:&quot;&quot;,&quot;focal_length&quot;:&quot;0&quot;,&quot;iso&quot;:&quot;0&quot;,&quot;shutter_speed&quot;:&quot;0&quot;,&quot;title&quot;:&quot;&quot;,&quot;orientation&quot;:&quot;1&quot;}\" data-image-title=\"89B472D8-A467-4A9E-92A0-D75B374A9780\" data-image-description=\"\" data-image-caption=\"\" data-large-file=\"https:\/\/www.cisa-arica.cl\/wp1\/wp-content\/uploads\/2023\/10\/89B472D8-A467-4A9E-92A0-D75B374A9780-450x600.jpeg\" data-attachment-id=\"22723\" data-permalink=\"https:\/\/www.cisa-arica.cl\/wp1\/2023\/10\/20\/feria-de-la-ciencia-y-matematica-2023\/89b472d8-a467-4a9e-92a0-d75b374a9780\/\" data-orig-file=\"https:\/\/www.cisa-arica.cl\/wp1\/wp-content\/uploads\/2023\/10\/89B472D8-A467-4A9E-92A0-D75B374A9780-scaled.jpeg\" data-orig-size=\"1920,2560\" data-comments-opened=\"0\" data-image-meta=\"{&quot;aperture&quot;:&quot;0&quot;,&quot;credit&quot;:&quot;&quot;,&quot;camera&quot;:&quot;&quot;,&quot;caption&quot;:&quot;&quot;,&quot;created_timestamp&quot;:&quot;0&quot;,&quot;copyright&quot;:&quot;&quot;,&quot;focal_length&quot;:&quot;0&quot;,&quot;iso&quot;:&quot;0&quot;,&quot;shutter_speed&quot;:&quot;0&quot;,&quot;title&quot;:&quot;&quot;,&quot;orientation&quot;:&quot;1&quot;}\" data-image-title=\"89B472D8-A467-4A9E-92A0-D75B374A9780\" data-image-description=\"\" data-image-caption=\"\" data-large-file=\"https:\/\/www.cisa-arica.cl\/wp1\/wp-content\/uploads\/2023\/10\/89B472D8-A467-4A9E-92A0-D75B374A9780-450x600.jpeg\" role=\"button\" tabindex=\"0\" aria-label=\"Abrir la imagen 10 de 95 en pantalla completa\"srcset=\"https:\/\/i2.wp.com\/www.cisa-arica.cl\/wp1\/wp-content\/uploads\/2023\/10\/89B472D8-A467-4A9E-92A0-D75B374A9780-450x600.jpeg?strip=info&#038;w=600&#038;ssl=1 600w,https:\/\/i2.wp.com\/www.cisa-arica.cl\/wp1\/wp-content\/uploads\/2023\/10\/89B472D8-A467-4A9E-92A0-D75B374A9780-450x600.jpeg?strip=info&#038;w=900&#038;ssl=1 900w,https:\/\/i2.wp.com\/www.cisa-arica.cl\/wp1\/wp-content\/uploads\/2023\/10\/89B472D8-A467-4A9E-92A0-D75B374A9780-450x600.jpeg?strip=info&#038;w=1200&#038;ssl=1 1200w,https:\/\/i2.wp.com\/www.cisa-arica.cl\/wp1\/wp-content\/uploads\/2023\/10\/89B472D8-A467-4A9E-92A0-D75B374A9780-450x600.jpeg?strip=info&#038;w=1500&#038;ssl=1 1500w,https:\/\/i2.wp.com\/www.cisa-arica.cl\/wp1\/wp-content\/uploads\/2023\/10\/89B472D8-A467-4A9E-92A0-D75B374A9780-450x600.jpeg?strip=info&#038;w=1800&#038;ssl=1 1800w,https:\/\/i2.wp.com\/www.cisa-arica.cl\/wp1\/wp-content\/uploads\/2023\/10\/89B472D8-A467-4A9E-92A0-D75B374A9780-450x600.jpeg?strip=info&#038;w=1920&#038;ssl=1 1920w\" alt=\"\" data-height=\"2560\" data-id=\"22723\" data-link=\"https:\/\/www.cisa-arica.cl\/wp1\/?attachment_id=22723\" data-url=\"https:\/\/www.cisa-arica.cl\/wp1\/wp-content\/uploads\/2023\/10\/89B472D8-A467-4A9E-92A0-D75B374A9780-450x600.jpeg\" data-width=\"1920\" src=\"https:\/\/i2.wp.com\/www.cisa-arica.cl\/wp1\/wp-content\/uploads\/2023\/10\/89B472D8-A467-4A9E-92A0-D75B374A9780-450x600.jpeg?ssl=1\" data-amp-layout=\"responsive\"\/><\/figure><\/div><div class=\"tiled-gallery__col\" style=\"flex-basis:33.33333%\"><figure class=\"tiled-gallery__item\"><img decoding=\"async\" data-attachment-id=\"22724\" data-permalink=\"https:\/\/www.cisa-arica.cl\/wp1\/2023\/10\/20\/feria-de-la-ciencia-y-matematica-2023\/15457cd6-7cb5-49e0-99f5-4ab65e4172c3\/\" data-orig-file=\"https:\/\/www.cisa-arica.cl\/wp1\/wp-content\/uploads\/2023\/10\/15457CD6-7CB5-49E0-99F5-4AB65E4172C3-scaled.jpeg\" data-orig-size=\"1920,2560\" data-comments-opened=\"0\" data-image-meta=\"{&quot;aperture&quot;:&quot;0&quot;,&quot;credit&quot;:&quot;&quot;,&quot;camera&quot;:&quot;&quot;,&quot;caption&quot;:&quot;&quot;,&quot;created_timestamp&quot;:&quot;0&quot;,&quot;copyright&quot;:&quot;&quot;,&quot;focal_length&quot;:&quot;0&quot;,&quot;iso&quot;:&quot;0&quot;,&quot;shutter_speed&quot;:&quot;0&quot;,&quot;title&quot;:&quot;&quot;,&quot;orientation&quot;:&quot;1&quot;}\" data-image-title=\"15457CD6-7CB5-49E0-99F5-4AB65E4172C3\" data-image-description=\"\" data-image-caption=\"\" data-large-file=\"https:\/\/www.cisa-arica.cl\/wp1\/wp-content\/uploads\/2023\/10\/15457CD6-7CB5-49E0-99F5-4AB65E4172C3-450x600.jpeg\" data-attachment-id=\"22724\" data-permalink=\"https:\/\/www.cisa-arica.cl\/wp1\/2023\/10\/20\/feria-de-la-ciencia-y-matematica-2023\/15457cd6-7cb5-49e0-99f5-4ab65e4172c3\/\" data-orig-file=\"https:\/\/www.cisa-arica.cl\/wp1\/wp-content\/uploads\/2023\/10\/15457CD6-7CB5-49E0-99F5-4AB65E4172C3-scaled.jpeg\" data-orig-size=\"1920,2560\" data-comments-opened=\"0\" data-image-meta=\"{&quot;aperture&quot;:&quot;0&quot;,&quot;credit&quot;:&quot;&quot;,&quot;camera&quot;:&quot;&quot;,&quot;caption&quot;:&quot;&quot;,&quot;created_timestamp&quot;:&quot;0&quot;,&quot;copyright&quot;:&quot;&quot;,&quot;focal_length&quot;:&quot;0&quot;,&quot;iso&quot;:&quot;0&quot;,&quot;shutter_speed&quot;:&quot;0&quot;,&quot;title&quot;:&quot;&quot;,&quot;orientation&quot;:&quot;1&quot;}\" data-image-title=\"15457CD6-7CB5-49E0-99F5-4AB65E4172C3\" data-image-description=\"\" data-image-caption=\"\" data-large-file=\"https:\/\/www.cisa-arica.cl\/wp1\/wp-content\/uploads\/2023\/10\/15457CD6-7CB5-49E0-99F5-4AB65E4172C3-450x600.jpeg\" role=\"button\" tabindex=\"0\" aria-label=\"Abrir la imagen 11 de 95 en pantalla completa\"srcset=\"https:\/\/i1.wp.com\/www.cisa-arica.cl\/wp1\/wp-content\/uploads\/2023\/10\/15457CD6-7CB5-49E0-99F5-4AB65E4172C3-450x600.jpeg?strip=info&#038;w=600&#038;ssl=1 600w,https:\/\/i1.wp.com\/www.cisa-arica.cl\/wp1\/wp-content\/uploads\/2023\/10\/15457CD6-7CB5-49E0-99F5-4AB65E4172C3-450x600.jpeg?strip=info&#038;w=900&#038;ssl=1 900w,https:\/\/i1.wp.com\/www.cisa-arica.cl\/wp1\/wp-content\/uploads\/2023\/10\/15457CD6-7CB5-49E0-99F5-4AB65E4172C3-450x600.jpeg?strip=info&#038;w=1200&#038;ssl=1 1200w,https:\/\/i1.wp.com\/www.cisa-arica.cl\/wp1\/wp-content\/uploads\/2023\/10\/15457CD6-7CB5-49E0-99F5-4AB65E4172C3-450x600.jpeg?strip=info&#038;w=1500&#038;ssl=1 1500w,https:\/\/i1.wp.com\/www.cisa-arica.cl\/wp1\/wp-content\/uploads\/2023\/10\/15457CD6-7CB5-49E0-99F5-4AB65E4172C3-450x600.jpeg?strip=info&#038;w=1800&#038;ssl=1 1800w,https:\/\/i1.wp.com\/www.cisa-arica.cl\/wp1\/wp-content\/uploads\/2023\/10\/15457CD6-7CB5-49E0-99F5-4AB65E4172C3-450x600.jpeg?strip=info&#038;w=1920&#038;ssl=1 1920w\" alt=\"\" data-height=\"2560\" data-id=\"22724\" data-link=\"https:\/\/www.cisa-arica.cl\/wp1\/?attachment_id=22724\" data-url=\"https:\/\/www.cisa-arica.cl\/wp1\/wp-content\/uploads\/2023\/10\/15457CD6-7CB5-49E0-99F5-4AB65E4172C3-450x600.jpeg\" data-width=\"1920\" src=\"https:\/\/i1.wp.com\/www.cisa-arica.cl\/wp1\/wp-content\/uploads\/2023\/10\/15457CD6-7CB5-49E0-99F5-4AB65E4172C3-450x600.jpeg?ssl=1\" data-amp-layout=\"responsive\"\/><\/figure><\/div><\/div><div class=\"tiled-gallery__row\"><div class=\"tiled-gallery__col\" style=\"flex-basis:66.93440%\"><figure class=\"tiled-gallery__item\"><img decoding=\"async\" data-attachment-id=\"22725\" data-permalink=\"https:\/\/www.cisa-arica.cl\/wp1\/2023\/10\/20\/feria-de-la-ciencia-y-matematica-2023\/5e76083f-4a44-49d8-98ba-7e3668a9d602\/\" data-orig-file=\"https:\/\/www.cisa-arica.cl\/wp1\/wp-content\/uploads\/2023\/10\/5E76083F-4A44-49D8-98BA-7E3668A9D602-scaled.jpeg\" data-orig-size=\"2560,1920\" data-comments-opened=\"0\" data-image-meta=\"{&quot;aperture&quot;:&quot;0&quot;,&quot;credit&quot;:&quot;&quot;,&quot;camera&quot;:&quot;&quot;,&quot;caption&quot;:&quot;&quot;,&quot;created_timestamp&quot;:&quot;0&quot;,&quot;copyright&quot;:&quot;&quot;,&quot;focal_length&quot;:&quot;0&quot;,&quot;iso&quot;:&quot;0&quot;,&quot;shutter_speed&quot;:&quot;0&quot;,&quot;title&quot;:&quot;&quot;,&quot;orientation&quot;:&quot;1&quot;}\" data-image-title=\"5E76083F-4A44-49D8-98BA-7E3668A9D602\" data-image-description=\"\" data-image-caption=\"\" data-large-file=\"https:\/\/www.cisa-arica.cl\/wp1\/wp-content\/uploads\/2023\/10\/5E76083F-4A44-49D8-98BA-7E3668A9D602-600x450.jpeg\" data-attachment-id=\"22725\" data-permalink=\"https:\/\/www.cisa-arica.cl\/wp1\/2023\/10\/20\/feria-de-la-ciencia-y-matematica-2023\/5e76083f-4a44-49d8-98ba-7e3668a9d602\/\" data-orig-file=\"https:\/\/www.cisa-arica.cl\/wp1\/wp-content\/uploads\/2023\/10\/5E76083F-4A44-49D8-98BA-7E3668A9D602-scaled.jpeg\" data-orig-size=\"2560,1920\" data-comments-opened=\"0\" data-image-meta=\"{&quot;aperture&quot;:&quot;0&quot;,&quot;credit&quot;:&quot;&quot;,&quot;camera&quot;:&quot;&quot;,&quot;caption&quot;:&quot;&quot;,&quot;created_timestamp&quot;:&quot;0&quot;,&quot;copyright&quot;:&quot;&quot;,&quot;focal_length&quot;:&quot;0&quot;,&quot;iso&quot;:&quot;0&quot;,&quot;shutter_speed&quot;:&quot;0&quot;,&quot;title&quot;:&quot;&quot;,&quot;orientation&quot;:&quot;1&quot;}\" data-image-title=\"5E76083F-4A44-49D8-98BA-7E3668A9D602\" data-image-description=\"\" data-image-caption=\"\" data-large-file=\"https:\/\/www.cisa-arica.cl\/wp1\/wp-content\/uploads\/2023\/10\/5E76083F-4A44-49D8-98BA-7E3668A9D602-600x450.jpeg\" role=\"button\" tabindex=\"0\" aria-label=\"Abrir la imagen 12 de 95 en pantalla completa\"srcset=\"https:\/\/i2.wp.com\/www.cisa-arica.cl\/wp1\/wp-content\/uploads\/2023\/10\/5E76083F-4A44-49D8-98BA-7E3668A9D602-600x450.jpeg?strip=info&#038;w=600&#038;ssl=1 600w,https:\/\/i2.wp.com\/www.cisa-arica.cl\/wp1\/wp-content\/uploads\/2023\/10\/5E76083F-4A44-49D8-98BA-7E3668A9D602-600x450.jpeg?strip=info&#038;w=900&#038;ssl=1 900w,https:\/\/i2.wp.com\/www.cisa-arica.cl\/wp1\/wp-content\/uploads\/2023\/10\/5E76083F-4A44-49D8-98BA-7E3668A9D602-600x450.jpeg?strip=info&#038;w=1200&#038;ssl=1 1200w,https:\/\/i2.wp.com\/www.cisa-arica.cl\/wp1\/wp-content\/uploads\/2023\/10\/5E76083F-4A44-49D8-98BA-7E3668A9D602-600x450.jpeg?strip=info&#038;w=1500&#038;ssl=1 1500w,https:\/\/i2.wp.com\/www.cisa-arica.cl\/wp1\/wp-content\/uploads\/2023\/10\/5E76083F-4A44-49D8-98BA-7E3668A9D602-600x450.jpeg?strip=info&#038;w=1800&#038;ssl=1 1800w,https:\/\/i2.wp.com\/www.cisa-arica.cl\/wp1\/wp-content\/uploads\/2023\/10\/5E76083F-4A44-49D8-98BA-7E3668A9D602-600x450.jpeg?strip=info&#038;w=2000&#038;ssl=1 2000w\" alt=\"\" data-height=\"1920\" data-id=\"22725\" data-link=\"https:\/\/www.cisa-arica.cl\/wp1\/?attachment_id=22725\" data-url=\"https:\/\/www.cisa-arica.cl\/wp1\/wp-content\/uploads\/2023\/10\/5E76083F-4A44-49D8-98BA-7E3668A9D602-600x450.jpeg\" data-width=\"2560\" src=\"https:\/\/i2.wp.com\/www.cisa-arica.cl\/wp1\/wp-content\/uploads\/2023\/10\/5E76083F-4A44-49D8-98BA-7E3668A9D602-600x450.jpeg?ssl=1\" data-amp-layout=\"responsive\"\/><\/figure><\/div><div class=\"tiled-gallery__col\" style=\"flex-basis:33.06560%\"><figure class=\"tiled-gallery__item\"><img decoding=\"async\" data-attachment-id=\"22726\" data-permalink=\"https:\/\/www.cisa-arica.cl\/wp1\/2023\/10\/20\/feria-de-la-ciencia-y-matematica-2023\/f28e26cd-0042-4682-9e9c-e7499a40e0fd\/\" data-orig-file=\"https:\/\/www.cisa-arica.cl\/wp1\/wp-content\/uploads\/2023\/10\/F28E26CD-0042-4682-9E9C-E7499A40E0FD-scaled.jpeg\" data-orig-size=\"2560,1920\" data-comments-opened=\"0\" data-image-meta=\"{&quot;aperture&quot;:&quot;0&quot;,&quot;credit&quot;:&quot;&quot;,&quot;camera&quot;:&quot;&quot;,&quot;caption&quot;:&quot;&quot;,&quot;created_timestamp&quot;:&quot;0&quot;,&quot;copyright&quot;:&quot;&quot;,&quot;focal_length&quot;:&quot;0&quot;,&quot;iso&quot;:&quot;0&quot;,&quot;shutter_speed&quot;:&quot;0&quot;,&quot;title&quot;:&quot;&quot;,&quot;orientation&quot;:&quot;1&quot;}\" data-image-title=\"F28E26CD-0042-4682-9E9C-E7499A40E0FD\" data-image-description=\"\" data-image-caption=\"\" data-large-file=\"https:\/\/www.cisa-arica.cl\/wp1\/wp-content\/uploads\/2023\/10\/F28E26CD-0042-4682-9E9C-E7499A40E0FD-600x450.jpeg\" data-attachment-id=\"22726\" data-permalink=\"https:\/\/www.cisa-arica.cl\/wp1\/2023\/10\/20\/feria-de-la-ciencia-y-matematica-2023\/f28e26cd-0042-4682-9e9c-e7499a40e0fd\/\" data-orig-file=\"https:\/\/www.cisa-arica.cl\/wp1\/wp-content\/uploads\/2023\/10\/F28E26CD-0042-4682-9E9C-E7499A40E0FD-scaled.jpeg\" data-orig-size=\"2560,1920\" data-comments-opened=\"0\" data-image-meta=\"{&quot;aperture&quot;:&quot;0&quot;,&quot;credit&quot;:&quot;&quot;,&quot;camera&quot;:&quot;&quot;,&quot;caption&quot;:&quot;&quot;,&quot;created_timestamp&quot;:&quot;0&quot;,&quot;copyright&quot;:&quot;&quot;,&quot;focal_length&quot;:&quot;0&quot;,&quot;iso&quot;:&quot;0&quot;,&quot;shutter_speed&quot;:&quot;0&quot;,&quot;title&quot;:&quot;&quot;,&quot;orientation&quot;:&quot;1&quot;}\" data-image-title=\"F28E26CD-0042-4682-9E9C-E7499A40E0FD\" data-image-description=\"\" data-image-caption=\"\" data-large-file=\"https:\/\/www.cisa-arica.cl\/wp1\/wp-content\/uploads\/2023\/10\/F28E26CD-0042-4682-9E9C-E7499A40E0FD-600x450.jpeg\" role=\"button\" tabindex=\"0\" aria-label=\"Abrir la imagen 13 de 95 en pantalla completa\"srcset=\"https:\/\/i1.wp.com\/www.cisa-arica.cl\/wp1\/wp-content\/uploads\/2023\/10\/F28E26CD-0042-4682-9E9C-E7499A40E0FD-600x450.jpeg?strip=info&#038;w=600&#038;ssl=1 600w,https:\/\/i1.wp.com\/www.cisa-arica.cl\/wp1\/wp-content\/uploads\/2023\/10\/F28E26CD-0042-4682-9E9C-E7499A40E0FD-600x450.jpeg?strip=info&#038;w=900&#038;ssl=1 900w,https:\/\/i1.wp.com\/www.cisa-arica.cl\/wp1\/wp-content\/uploads\/2023\/10\/F28E26CD-0042-4682-9E9C-E7499A40E0FD-600x450.jpeg?strip=info&#038;w=1200&#038;ssl=1 1200w,https:\/\/i1.wp.com\/www.cisa-arica.cl\/wp1\/wp-content\/uploads\/2023\/10\/F28E26CD-0042-4682-9E9C-E7499A40E0FD-600x450.jpeg?strip=info&#038;w=1500&#038;ssl=1 1500w,https:\/\/i1.wp.com\/www.cisa-arica.cl\/wp1\/wp-content\/uploads\/2023\/10\/F28E26CD-0042-4682-9E9C-E7499A40E0FD-600x450.jpeg?strip=info&#038;w=1800&#038;ssl=1 1800w,https:\/\/i1.wp.com\/www.cisa-arica.cl\/wp1\/wp-content\/uploads\/2023\/10\/F28E26CD-0042-4682-9E9C-E7499A40E0FD-600x450.jpeg?strip=info&#038;w=2000&#038;ssl=1 2000w\" alt=\"\" data-height=\"1920\" data-id=\"22726\" data-link=\"https:\/\/www.cisa-arica.cl\/wp1\/?attachment_id=22726\" data-url=\"https:\/\/www.cisa-arica.cl\/wp1\/wp-content\/uploads\/2023\/10\/F28E26CD-0042-4682-9E9C-E7499A40E0FD-600x450.jpeg\" data-width=\"2560\" src=\"https:\/\/i1.wp.com\/www.cisa-arica.cl\/wp1\/wp-content\/uploads\/2023\/10\/F28E26CD-0042-4682-9E9C-E7499A40E0FD-600x450.jpeg?ssl=1\" data-amp-layout=\"responsive\"\/><\/figure><figure class=\"tiled-gallery__item\"><img decoding=\"async\" data-attachment-id=\"22727\" data-permalink=\"https:\/\/www.cisa-arica.cl\/wp1\/2023\/10\/20\/feria-de-la-ciencia-y-matematica-2023\/9708d269-cb2b-4506-827e-03030d3854ad\/\" data-orig-file=\"https:\/\/www.cisa-arica.cl\/wp1\/wp-content\/uploads\/2023\/10\/9708D269-CB2B-4506-827E-03030D3854AD-scaled.jpeg\" data-orig-size=\"2560,1920\" data-comments-opened=\"0\" data-image-meta=\"{&quot;aperture&quot;:&quot;0&quot;,&quot;credit&quot;:&quot;&quot;,&quot;camera&quot;:&quot;&quot;,&quot;caption&quot;:&quot;&quot;,&quot;created_timestamp&quot;:&quot;0&quot;,&quot;copyright&quot;:&quot;&quot;,&quot;focal_length&quot;:&quot;0&quot;,&quot;iso&quot;:&quot;0&quot;,&quot;shutter_speed&quot;:&quot;0&quot;,&quot;title&quot;:&quot;&quot;,&quot;orientation&quot;:&quot;1&quot;}\" data-image-title=\"9708D269-CB2B-4506-827E-03030D3854AD\" data-image-description=\"\" data-image-caption=\"\" data-large-file=\"https:\/\/www.cisa-arica.cl\/wp1\/wp-content\/uploads\/2023\/10\/9708D269-CB2B-4506-827E-03030D3854AD-600x450.jpeg\" data-attachment-id=\"22727\" data-permalink=\"https:\/\/www.cisa-arica.cl\/wp1\/2023\/10\/20\/feria-de-la-ciencia-y-matematica-2023\/9708d269-cb2b-4506-827e-03030d3854ad\/\" data-orig-file=\"https:\/\/www.cisa-arica.cl\/wp1\/wp-content\/uploads\/2023\/10\/9708D269-CB2B-4506-827E-03030D3854AD-scaled.jpeg\" data-orig-size=\"2560,1920\" data-comments-opened=\"0\" data-image-meta=\"{&quot;aperture&quot;:&quot;0&quot;,&quot;credit&quot;:&quot;&quot;,&quot;camera&quot;:&quot;&quot;,&quot;caption&quot;:&quot;&quot;,&quot;created_timestamp&quot;:&quot;0&quot;,&quot;copyright&quot;:&quot;&quot;,&quot;focal_length&quot;:&quot;0&quot;,&quot;iso&quot;:&quot;0&quot;,&quot;shutter_speed&quot;:&quot;0&quot;,&quot;title&quot;:&quot;&quot;,&quot;orientation&quot;:&quot;1&quot;}\" data-image-title=\"9708D269-CB2B-4506-827E-03030D3854AD\" data-image-description=\"\" data-image-caption=\"\" data-large-file=\"https:\/\/www.cisa-arica.cl\/wp1\/wp-content\/uploads\/2023\/10\/9708D269-CB2B-4506-827E-03030D3854AD-600x450.jpeg\" role=\"button\" tabindex=\"0\" aria-label=\"Abrir la imagen 14 de 95 en pantalla completa\"srcset=\"https:\/\/i2.wp.com\/www.cisa-arica.cl\/wp1\/wp-content\/uploads\/2023\/10\/9708D269-CB2B-4506-827E-03030D3854AD-600x450.jpeg?strip=info&#038;w=600&#038;ssl=1 600w,https:\/\/i2.wp.com\/www.cisa-arica.cl\/wp1\/wp-content\/uploads\/2023\/10\/9708D269-CB2B-4506-827E-03030D3854AD-600x450.jpeg?strip=info&#038;w=900&#038;ssl=1 900w,https:\/\/i2.wp.com\/www.cisa-arica.cl\/wp1\/wp-content\/uploads\/2023\/10\/9708D269-CB2B-4506-827E-03030D3854AD-600x450.jpeg?strip=info&#038;w=1200&#038;ssl=1 1200w,https:\/\/i2.wp.com\/www.cisa-arica.cl\/wp1\/wp-content\/uploads\/2023\/10\/9708D269-CB2B-4506-827E-03030D3854AD-600x450.jpeg?strip=info&#038;w=1500&#038;ssl=1 1500w,https:\/\/i2.wp.com\/www.cisa-arica.cl\/wp1\/wp-content\/uploads\/2023\/10\/9708D269-CB2B-4506-827E-03030D3854AD-600x450.jpeg?strip=info&#038;w=1800&#038;ssl=1 1800w,https:\/\/i2.wp.com\/www.cisa-arica.cl\/wp1\/wp-content\/uploads\/2023\/10\/9708D269-CB2B-4506-827E-03030D3854AD-600x450.jpeg?strip=info&#038;w=2000&#038;ssl=1 2000w\" alt=\"\" data-height=\"1920\" data-id=\"22727\" data-link=\"https:\/\/www.cisa-arica.cl\/wp1\/?attachment_id=22727\" data-url=\"https:\/\/www.cisa-arica.cl\/wp1\/wp-content\/uploads\/2023\/10\/9708D269-CB2B-4506-827E-03030D3854AD-600x450.jpeg\" data-width=\"2560\" src=\"https:\/\/i2.wp.com\/www.cisa-arica.cl\/wp1\/wp-content\/uploads\/2023\/10\/9708D269-CB2B-4506-827E-03030D3854AD-600x450.jpeg?ssl=1\" data-amp-layout=\"responsive\"\/><\/figure><\/div><\/div><div class=\"tiled-gallery__row\"><div class=\"tiled-gallery__col\" style=\"flex-basis:46.67567%\"><figure class=\"tiled-gallery__item\"><img decoding=\"async\" data-attachment-id=\"22728\" data-permalink=\"https:\/\/www.cisa-arica.cl\/wp1\/2023\/10\/20\/feria-de-la-ciencia-y-matematica-2023\/fcb0a7e8-5acf-4870-b42f-bae30254ba18\/\" data-orig-file=\"https:\/\/www.cisa-arica.cl\/wp1\/wp-content\/uploads\/2023\/10\/FCB0A7E8-5ACF-4870-B42F-BAE30254BA18-scaled.jpeg\" data-orig-size=\"2560,1920\" data-comments-opened=\"0\" data-image-meta=\"{&quot;aperture&quot;:&quot;0&quot;,&quot;credit&quot;:&quot;&quot;,&quot;camera&quot;:&quot;&quot;,&quot;caption&quot;:&quot;&quot;,&quot;created_timestamp&quot;:&quot;0&quot;,&quot;copyright&quot;:&quot;&quot;,&quot;focal_length&quot;:&quot;0&quot;,&quot;iso&quot;:&quot;0&quot;,&quot;shutter_speed&quot;:&quot;0&quot;,&quot;title&quot;:&quot;&quot;,&quot;orientation&quot;:&quot;1&quot;}\" data-image-title=\"FCB0A7E8-5ACF-4870-B42F-BAE30254BA18\" data-image-description=\"\" data-image-caption=\"\" data-large-file=\"https:\/\/www.cisa-arica.cl\/wp1\/wp-content\/uploads\/2023\/10\/FCB0A7E8-5ACF-4870-B42F-BAE30254BA18-600x450.jpeg\" data-attachment-id=\"22728\" data-permalink=\"https:\/\/www.cisa-arica.cl\/wp1\/2023\/10\/20\/feria-de-la-ciencia-y-matematica-2023\/fcb0a7e8-5acf-4870-b42f-bae30254ba18\/\" data-orig-file=\"https:\/\/www.cisa-arica.cl\/wp1\/wp-content\/uploads\/2023\/10\/FCB0A7E8-5ACF-4870-B42F-BAE30254BA18-scaled.jpeg\" data-orig-size=\"2560,1920\" data-comments-opened=\"0\" data-image-meta=\"{&quot;aperture&quot;:&quot;0&quot;,&quot;credit&quot;:&quot;&quot;,&quot;camera&quot;:&quot;&quot;,&quot;caption&quot;:&quot;&quot;,&quot;created_timestamp&quot;:&quot;0&quot;,&quot;copyright&quot;:&quot;&quot;,&quot;focal_length&quot;:&quot;0&quot;,&quot;iso&quot;:&quot;0&quot;,&quot;shutter_speed&quot;:&quot;0&quot;,&quot;title&quot;:&quot;&quot;,&quot;orientation&quot;:&quot;1&quot;}\" data-image-title=\"FCB0A7E8-5ACF-4870-B42F-BAE30254BA18\" data-image-description=\"\" data-image-caption=\"\" data-large-file=\"https:\/\/www.cisa-arica.cl\/wp1\/wp-content\/uploads\/2023\/10\/FCB0A7E8-5ACF-4870-B42F-BAE30254BA18-600x450.jpeg\" role=\"button\" tabindex=\"0\" aria-label=\"Abrir la imagen 15 de 95 en pantalla completa\"srcset=\"https:\/\/i1.wp.com\/www.cisa-arica.cl\/wp1\/wp-content\/uploads\/2023\/10\/FCB0A7E8-5ACF-4870-B42F-BAE30254BA18-600x450.jpeg?strip=info&#038;w=600&#038;ssl=1 600w,https:\/\/i1.wp.com\/www.cisa-arica.cl\/wp1\/wp-content\/uploads\/2023\/10\/FCB0A7E8-5ACF-4870-B42F-BAE30254BA18-600x450.jpeg?strip=info&#038;w=900&#038;ssl=1 900w,https:\/\/i1.wp.com\/www.cisa-arica.cl\/wp1\/wp-content\/uploads\/2023\/10\/FCB0A7E8-5ACF-4870-B42F-BAE30254BA18-600x450.jpeg?strip=info&#038;w=1200&#038;ssl=1 1200w,https:\/\/i1.wp.com\/www.cisa-arica.cl\/wp1\/wp-content\/uploads\/2023\/10\/FCB0A7E8-5ACF-4870-B42F-BAE30254BA18-600x450.jpeg?strip=info&#038;w=1500&#038;ssl=1 1500w,https:\/\/i1.wp.com\/www.cisa-arica.cl\/wp1\/wp-content\/uploads\/2023\/10\/FCB0A7E8-5ACF-4870-B42F-BAE30254BA18-600x450.jpeg?strip=info&#038;w=1800&#038;ssl=1 1800w,https:\/\/i1.wp.com\/www.cisa-arica.cl\/wp1\/wp-content\/uploads\/2023\/10\/FCB0A7E8-5ACF-4870-B42F-BAE30254BA18-600x450.jpeg?strip=info&#038;w=2000&#038;ssl=1 2000w\" alt=\"\" data-height=\"1920\" data-id=\"22728\" data-link=\"https:\/\/www.cisa-arica.cl\/wp1\/?attachment_id=22728\" data-url=\"https:\/\/www.cisa-arica.cl\/wp1\/wp-content\/uploads\/2023\/10\/FCB0A7E8-5ACF-4870-B42F-BAE30254BA18-600x450.jpeg\" data-width=\"2560\" src=\"https:\/\/i1.wp.com\/www.cisa-arica.cl\/wp1\/wp-content\/uploads\/2023\/10\/FCB0A7E8-5ACF-4870-B42F-BAE30254BA18-600x450.jpeg?ssl=1\" data-amp-layout=\"responsive\"\/><\/figure><figure class=\"tiled-gallery__item\"><img decoding=\"async\" data-attachment-id=\"22729\" data-permalink=\"https:\/\/www.cisa-arica.cl\/wp1\/2023\/10\/20\/feria-de-la-ciencia-y-matematica-2023\/2d0b05c1-0ebc-40e9-a01d-df5703d7c389\/\" data-orig-file=\"https:\/\/www.cisa-arica.cl\/wp1\/wp-content\/uploads\/2023\/10\/2D0B05C1-0EBC-40E9-A01D-DF5703D7C389-scaled.jpeg\" data-orig-size=\"2560,1920\" data-comments-opened=\"0\" data-image-meta=\"{&quot;aperture&quot;:&quot;0&quot;,&quot;credit&quot;:&quot;&quot;,&quot;camera&quot;:&quot;&quot;,&quot;caption&quot;:&quot;&quot;,&quot;created_timestamp&quot;:&quot;0&quot;,&quot;copyright&quot;:&quot;&quot;,&quot;focal_length&quot;:&quot;0&quot;,&quot;iso&quot;:&quot;0&quot;,&quot;shutter_speed&quot;:&quot;0&quot;,&quot;title&quot;:&quot;&quot;,&quot;orientation&quot;:&quot;1&quot;}\" data-image-title=\"2D0B05C1-0EBC-40E9-A01D-DF5703D7C389\" data-image-description=\"\" data-image-caption=\"\" data-large-file=\"https:\/\/www.cisa-arica.cl\/wp1\/wp-content\/uploads\/2023\/10\/2D0B05C1-0EBC-40E9-A01D-DF5703D7C389-600x450.jpeg\" data-attachment-id=\"22729\" data-permalink=\"https:\/\/www.cisa-arica.cl\/wp1\/2023\/10\/20\/feria-de-la-ciencia-y-matematica-2023\/2d0b05c1-0ebc-40e9-a01d-df5703d7c389\/\" data-orig-file=\"https:\/\/www.cisa-arica.cl\/wp1\/wp-content\/uploads\/2023\/10\/2D0B05C1-0EBC-40E9-A01D-DF5703D7C389-scaled.jpeg\" data-orig-size=\"2560,1920\" data-comments-opened=\"0\" data-image-meta=\"{&quot;aperture&quot;:&quot;0&quot;,&quot;credit&quot;:&quot;&quot;,&quot;camera&quot;:&quot;&quot;,&quot;caption&quot;:&quot;&quot;,&quot;created_timestamp&quot;:&quot;0&quot;,&quot;copyright&quot;:&quot;&quot;,&quot;focal_length&quot;:&quot;0&quot;,&quot;iso&quot;:&quot;0&quot;,&quot;shutter_speed&quot;:&quot;0&quot;,&quot;title&quot;:&quot;&quot;,&quot;orientation&quot;:&quot;1&quot;}\" data-image-title=\"2D0B05C1-0EBC-40E9-A01D-DF5703D7C389\" data-image-description=\"\" data-image-caption=\"\" data-large-file=\"https:\/\/www.cisa-arica.cl\/wp1\/wp-content\/uploads\/2023\/10\/2D0B05C1-0EBC-40E9-A01D-DF5703D7C389-600x450.jpeg\" role=\"button\" tabindex=\"0\" aria-label=\"Abrir la imagen 16 de 95 en pantalla completa\"srcset=\"https:\/\/i1.wp.com\/www.cisa-arica.cl\/wp1\/wp-content\/uploads\/2023\/10\/2D0B05C1-0EBC-40E9-A01D-DF5703D7C389-600x450.jpeg?strip=info&#038;w=600&#038;ssl=1 600w,https:\/\/i1.wp.com\/www.cisa-arica.cl\/wp1\/wp-content\/uploads\/2023\/10\/2D0B05C1-0EBC-40E9-A01D-DF5703D7C389-600x450.jpeg?strip=info&#038;w=900&#038;ssl=1 900w,https:\/\/i1.wp.com\/www.cisa-arica.cl\/wp1\/wp-content\/uploads\/2023\/10\/2D0B05C1-0EBC-40E9-A01D-DF5703D7C389-600x450.jpeg?strip=info&#038;w=1200&#038;ssl=1 1200w,https:\/\/i1.wp.com\/www.cisa-arica.cl\/wp1\/wp-content\/uploads\/2023\/10\/2D0B05C1-0EBC-40E9-A01D-DF5703D7C389-600x450.jpeg?strip=info&#038;w=1500&#038;ssl=1 1500w,https:\/\/i1.wp.com\/www.cisa-arica.cl\/wp1\/wp-content\/uploads\/2023\/10\/2D0B05C1-0EBC-40E9-A01D-DF5703D7C389-600x450.jpeg?strip=info&#038;w=1800&#038;ssl=1 1800w,https:\/\/i1.wp.com\/www.cisa-arica.cl\/wp1\/wp-content\/uploads\/2023\/10\/2D0B05C1-0EBC-40E9-A01D-DF5703D7C389-600x450.jpeg?strip=info&#038;w=2000&#038;ssl=1 2000w\" alt=\"\" data-height=\"1920\" data-id=\"22729\" data-link=\"https:\/\/www.cisa-arica.cl\/wp1\/?attachment_id=22729\" data-url=\"https:\/\/www.cisa-arica.cl\/wp1\/wp-content\/uploads\/2023\/10\/2D0B05C1-0EBC-40E9-A01D-DF5703D7C389-600x450.jpeg\" data-width=\"2560\" src=\"https:\/\/i1.wp.com\/www.cisa-arica.cl\/wp1\/wp-content\/uploads\/2023\/10\/2D0B05C1-0EBC-40E9-A01D-DF5703D7C389-600x450.jpeg?ssl=1\" data-amp-layout=\"responsive\"\/><\/figure><\/div><div class=\"tiled-gallery__col\" style=\"flex-basis:53.32433%\"><figure class=\"tiled-gallery__item\"><img decoding=\"async\" data-attachment-id=\"22730\" data-permalink=\"https:\/\/www.cisa-arica.cl\/wp1\/2023\/10\/20\/feria-de-la-ciencia-y-matematica-2023\/e21a761f-c932-464b-a2d6-af703c8eaf2c\/\" data-orig-file=\"https:\/\/www.cisa-arica.cl\/wp1\/wp-content\/uploads\/2023\/10\/E21A761F-C932-464B-A2D6-AF703C8EAF2C-scaled.jpeg\" data-orig-size=\"1920,2560\" data-comments-opened=\"0\" data-image-meta=\"{&quot;aperture&quot;:&quot;0&quot;,&quot;credit&quot;:&quot;&quot;,&quot;camera&quot;:&quot;&quot;,&quot;caption&quot;:&quot;&quot;,&quot;created_timestamp&quot;:&quot;0&quot;,&quot;copyright&quot;:&quot;&quot;,&quot;focal_length&quot;:&quot;0&quot;,&quot;iso&quot;:&quot;0&quot;,&quot;shutter_speed&quot;:&quot;0&quot;,&quot;title&quot;:&quot;&quot;,&quot;orientation&quot;:&quot;1&quot;}\" data-image-title=\"E21A761F-C932-464B-A2D6-AF703C8EAF2C\" data-image-description=\"\" data-image-caption=\"\" data-large-file=\"https:\/\/www.cisa-arica.cl\/wp1\/wp-content\/uploads\/2023\/10\/E21A761F-C932-464B-A2D6-AF703C8EAF2C-450x600.jpeg\" data-attachment-id=\"22730\" data-permalink=\"https:\/\/www.cisa-arica.cl\/wp1\/2023\/10\/20\/feria-de-la-ciencia-y-matematica-2023\/e21a761f-c932-464b-a2d6-af703c8eaf2c\/\" data-orig-file=\"https:\/\/www.cisa-arica.cl\/wp1\/wp-content\/uploads\/2023\/10\/E21A761F-C932-464B-A2D6-AF703C8EAF2C-scaled.jpeg\" data-orig-size=\"1920,2560\" data-comments-opened=\"0\" data-image-meta=\"{&quot;aperture&quot;:&quot;0&quot;,&quot;credit&quot;:&quot;&quot;,&quot;camera&quot;:&quot;&quot;,&quot;caption&quot;:&quot;&quot;,&quot;created_timestamp&quot;:&quot;0&quot;,&quot;copyright&quot;:&quot;&quot;,&quot;focal_length&quot;:&quot;0&quot;,&quot;iso&quot;:&quot;0&quot;,&quot;shutter_speed&quot;:&quot;0&quot;,&quot;title&quot;:&quot;&quot;,&quot;orientation&quot;:&quot;1&quot;}\" data-image-title=\"E21A761F-C932-464B-A2D6-AF703C8EAF2C\" data-image-description=\"\" data-image-caption=\"\" data-large-file=\"https:\/\/www.cisa-arica.cl\/wp1\/wp-content\/uploads\/2023\/10\/E21A761F-C932-464B-A2D6-AF703C8EAF2C-450x600.jpeg\" role=\"button\" tabindex=\"0\" aria-label=\"Abrir la imagen 17 de 95 en pantalla completa\"srcset=\"https:\/\/i2.wp.com\/www.cisa-arica.cl\/wp1\/wp-content\/uploads\/2023\/10\/E21A761F-C932-464B-A2D6-AF703C8EAF2C-450x600.jpeg?strip=info&#038;w=600&#038;ssl=1 600w,https:\/\/i2.wp.com\/www.cisa-arica.cl\/wp1\/wp-content\/uploads\/2023\/10\/E21A761F-C932-464B-A2D6-AF703C8EAF2C-450x600.jpeg?strip=info&#038;w=900&#038;ssl=1 900w,https:\/\/i2.wp.com\/www.cisa-arica.cl\/wp1\/wp-content\/uploads\/2023\/10\/E21A761F-C932-464B-A2D6-AF703C8EAF2C-450x600.jpeg?strip=info&#038;w=1200&#038;ssl=1 1200w,https:\/\/i2.wp.com\/www.cisa-arica.cl\/wp1\/wp-content\/uploads\/2023\/10\/E21A761F-C932-464B-A2D6-AF703C8EAF2C-450x600.jpeg?strip=info&#038;w=1500&#038;ssl=1 1500w,https:\/\/i2.wp.com\/www.cisa-arica.cl\/wp1\/wp-content\/uploads\/2023\/10\/E21A761F-C932-464B-A2D6-AF703C8EAF2C-450x600.jpeg?strip=info&#038;w=1800&#038;ssl=1 1800w,https:\/\/i2.wp.com\/www.cisa-arica.cl\/wp1\/wp-content\/uploads\/2023\/10\/E21A761F-C932-464B-A2D6-AF703C8EAF2C-450x600.jpeg?strip=info&#038;w=1920&#038;ssl=1 1920w\" alt=\"\" data-height=\"2560\" data-id=\"22730\" data-link=\"https:\/\/www.cisa-arica.cl\/wp1\/?attachment_id=22730\" data-url=\"https:\/\/www.cisa-arica.cl\/wp1\/wp-content\/uploads\/2023\/10\/E21A761F-C932-464B-A2D6-AF703C8EAF2C-450x600.jpeg\" data-width=\"1920\" src=\"https:\/\/i2.wp.com\/www.cisa-arica.cl\/wp1\/wp-content\/uploads\/2023\/10\/E21A761F-C932-464B-A2D6-AF703C8EAF2C-450x600.jpeg?ssl=1\" data-amp-layout=\"responsive\"\/><\/figure><\/div><\/div><div class=\"tiled-gallery__row\"><div class=\"tiled-gallery__col\" style=\"flex-basis:25.00000%\"><figure class=\"tiled-gallery__item\"><img decoding=\"async\" data-attachment-id=\"22731\" data-permalink=\"https:\/\/www.cisa-arica.cl\/wp1\/2023\/10\/20\/feria-de-la-ciencia-y-matematica-2023\/b1e654fa-720f-4561-9f57-c44c3109ce0f\/\" data-orig-file=\"https:\/\/www.cisa-arica.cl\/wp1\/wp-content\/uploads\/2023\/10\/B1E654FA-720F-4561-9F57-C44C3109CE0F-scaled.jpeg\" data-orig-size=\"1920,2560\" data-comments-opened=\"0\" data-image-meta=\"{&quot;aperture&quot;:&quot;0&quot;,&quot;credit&quot;:&quot;&quot;,&quot;camera&quot;:&quot;&quot;,&quot;caption&quot;:&quot;&quot;,&quot;created_timestamp&quot;:&quot;0&quot;,&quot;copyright&quot;:&quot;&quot;,&quot;focal_length&quot;:&quot;0&quot;,&quot;iso&quot;:&quot;0&quot;,&quot;shutter_speed&quot;:&quot;0&quot;,&quot;title&quot;:&quot;&quot;,&quot;orientation&quot;:&quot;1&quot;}\" data-image-title=\"B1E654FA-720F-4561-9F57-C44C3109CE0F\" data-image-description=\"\" data-image-caption=\"\" data-large-file=\"https:\/\/www.cisa-arica.cl\/wp1\/wp-content\/uploads\/2023\/10\/B1E654FA-720F-4561-9F57-C44C3109CE0F-450x600.jpeg\" data-attachment-id=\"22731\" data-permalink=\"https:\/\/www.cisa-arica.cl\/wp1\/2023\/10\/20\/feria-de-la-ciencia-y-matematica-2023\/b1e654fa-720f-4561-9f57-c44c3109ce0f\/\" data-orig-file=\"https:\/\/www.cisa-arica.cl\/wp1\/wp-content\/uploads\/2023\/10\/B1E654FA-720F-4561-9F57-C44C3109CE0F-scaled.jpeg\" data-orig-size=\"1920,2560\" data-comments-opened=\"0\" data-image-meta=\"{&quot;aperture&quot;:&quot;0&quot;,&quot;credit&quot;:&quot;&quot;,&quot;camera&quot;:&quot;&quot;,&quot;caption&quot;:&quot;&quot;,&quot;created_timestamp&quot;:&quot;0&quot;,&quot;copyright&quot;:&quot;&quot;,&quot;focal_length&quot;:&quot;0&quot;,&quot;iso&quot;:&quot;0&quot;,&quot;shutter_speed&quot;:&quot;0&quot;,&quot;title&quot;:&quot;&quot;,&quot;orientation&quot;:&quot;1&quot;}\" data-image-title=\"B1E654FA-720F-4561-9F57-C44C3109CE0F\" data-image-description=\"\" data-image-caption=\"\" data-large-file=\"https:\/\/www.cisa-arica.cl\/wp1\/wp-content\/uploads\/2023\/10\/B1E654FA-720F-4561-9F57-C44C3109CE0F-450x600.jpeg\" role=\"button\" tabindex=\"0\" aria-label=\"Abrir la imagen 18 de 95 en pantalla completa\"srcset=\"https:\/\/i2.wp.com\/www.cisa-arica.cl\/wp1\/wp-content\/uploads\/2023\/10\/B1E654FA-720F-4561-9F57-C44C3109CE0F-450x600.jpeg?strip=info&#038;w=600&#038;ssl=1 600w,https:\/\/i2.wp.com\/www.cisa-arica.cl\/wp1\/wp-content\/uploads\/2023\/10\/B1E654FA-720F-4561-9F57-C44C3109CE0F-450x600.jpeg?strip=info&#038;w=900&#038;ssl=1 900w,https:\/\/i2.wp.com\/www.cisa-arica.cl\/wp1\/wp-content\/uploads\/2023\/10\/B1E654FA-720F-4561-9F57-C44C3109CE0F-450x600.jpeg?strip=info&#038;w=1200&#038;ssl=1 1200w,https:\/\/i2.wp.com\/www.cisa-arica.cl\/wp1\/wp-content\/uploads\/2023\/10\/B1E654FA-720F-4561-9F57-C44C3109CE0F-450x600.jpeg?strip=info&#038;w=1500&#038;ssl=1 1500w,https:\/\/i2.wp.com\/www.cisa-arica.cl\/wp1\/wp-content\/uploads\/2023\/10\/B1E654FA-720F-4561-9F57-C44C3109CE0F-450x600.jpeg?strip=info&#038;w=1800&#038;ssl=1 1800w,https:\/\/i2.wp.com\/www.cisa-arica.cl\/wp1\/wp-content\/uploads\/2023\/10\/B1E654FA-720F-4561-9F57-C44C3109CE0F-450x600.jpeg?strip=info&#038;w=1920&#038;ssl=1 1920w\" alt=\"\" data-height=\"2560\" data-id=\"22731\" data-link=\"https:\/\/www.cisa-arica.cl\/wp1\/?attachment_id=22731\" data-url=\"https:\/\/www.cisa-arica.cl\/wp1\/wp-content\/uploads\/2023\/10\/B1E654FA-720F-4561-9F57-C44C3109CE0F-450x600.jpeg\" data-width=\"1920\" src=\"https:\/\/i2.wp.com\/www.cisa-arica.cl\/wp1\/wp-content\/uploads\/2023\/10\/B1E654FA-720F-4561-9F57-C44C3109CE0F-450x600.jpeg?ssl=1\" data-amp-layout=\"responsive\"\/><\/figure><\/div><div class=\"tiled-gallery__col\" style=\"flex-basis:25.00000%\"><figure class=\"tiled-gallery__item\"><img decoding=\"async\" data-attachment-id=\"22732\" data-permalink=\"https:\/\/www.cisa-arica.cl\/wp1\/2023\/10\/20\/feria-de-la-ciencia-y-matematica-2023\/f4f24b85-de88-4f9f-b557-ef45770e8f76\/\" data-orig-file=\"https:\/\/www.cisa-arica.cl\/wp1\/wp-content\/uploads\/2023\/10\/F4F24B85-DE88-4F9F-B557-EF45770E8F76-scaled.jpeg\" data-orig-size=\"1920,2560\" data-comments-opened=\"0\" data-image-meta=\"{&quot;aperture&quot;:&quot;0&quot;,&quot;credit&quot;:&quot;&quot;,&quot;camera&quot;:&quot;&quot;,&quot;caption&quot;:&quot;&quot;,&quot;created_timestamp&quot;:&quot;0&quot;,&quot;copyright&quot;:&quot;&quot;,&quot;focal_length&quot;:&quot;0&quot;,&quot;iso&quot;:&quot;0&quot;,&quot;shutter_speed&quot;:&quot;0&quot;,&quot;title&quot;:&quot;&quot;,&quot;orientation&quot;:&quot;1&quot;}\" data-image-title=\"F4F24B85-DE88-4F9F-B557-EF45770E8F76\" data-image-description=\"\" data-image-caption=\"\" data-large-file=\"https:\/\/www.cisa-arica.cl\/wp1\/wp-content\/uploads\/2023\/10\/F4F24B85-DE88-4F9F-B557-EF45770E8F76-450x600.jpeg\" data-attachment-id=\"22732\" data-permalink=\"https:\/\/www.cisa-arica.cl\/wp1\/2023\/10\/20\/feria-de-la-ciencia-y-matematica-2023\/f4f24b85-de88-4f9f-b557-ef45770e8f76\/\" data-orig-file=\"https:\/\/www.cisa-arica.cl\/wp1\/wp-content\/uploads\/2023\/10\/F4F24B85-DE88-4F9F-B557-EF45770E8F76-scaled.jpeg\" data-orig-size=\"1920,2560\" data-comments-opened=\"0\" data-image-meta=\"{&quot;aperture&quot;:&quot;0&quot;,&quot;credit&quot;:&quot;&quot;,&quot;camera&quot;:&quot;&quot;,&quot;caption&quot;:&quot;&quot;,&quot;created_timestamp&quot;:&quot;0&quot;,&quot;copyright&quot;:&quot;&quot;,&quot;focal_length&quot;:&quot;0&quot;,&quot;iso&quot;:&quot;0&quot;,&quot;shutter_speed&quot;:&quot;0&quot;,&quot;title&quot;:&quot;&quot;,&quot;orientation&quot;:&quot;1&quot;}\" data-image-title=\"F4F24B85-DE88-4F9F-B557-EF45770E8F76\" data-image-description=\"\" data-image-caption=\"\" data-large-file=\"https:\/\/www.cisa-arica.cl\/wp1\/wp-content\/uploads\/2023\/10\/F4F24B85-DE88-4F9F-B557-EF45770E8F76-450x600.jpeg\" role=\"button\" tabindex=\"0\" aria-label=\"Abrir la imagen 19 de 95 en pantalla completa\"srcset=\"https:\/\/i1.wp.com\/www.cisa-arica.cl\/wp1\/wp-content\/uploads\/2023\/10\/F4F24B85-DE88-4F9F-B557-EF45770E8F76-450x600.jpeg?strip=info&#038;w=600&#038;ssl=1 600w,https:\/\/i1.wp.com\/www.cisa-arica.cl\/wp1\/wp-content\/uploads\/2023\/10\/F4F24B85-DE88-4F9F-B557-EF45770E8F76-450x600.jpeg?strip=info&#038;w=900&#038;ssl=1 900w,https:\/\/i1.wp.com\/www.cisa-arica.cl\/wp1\/wp-content\/uploads\/2023\/10\/F4F24B85-DE88-4F9F-B557-EF45770E8F76-450x600.jpeg?strip=info&#038;w=1200&#038;ssl=1 1200w,https:\/\/i1.wp.com\/www.cisa-arica.cl\/wp1\/wp-content\/uploads\/2023\/10\/F4F24B85-DE88-4F9F-B557-EF45770E8F76-450x600.jpeg?strip=info&#038;w=1500&#038;ssl=1 1500w,https:\/\/i1.wp.com\/www.cisa-arica.cl\/wp1\/wp-content\/uploads\/2023\/10\/F4F24B85-DE88-4F9F-B557-EF45770E8F76-450x600.jpeg?strip=info&#038;w=1800&#038;ssl=1 1800w,https:\/\/i1.wp.com\/www.cisa-arica.cl\/wp1\/wp-content\/uploads\/2023\/10\/F4F24B85-DE88-4F9F-B557-EF45770E8F76-450x600.jpeg?strip=info&#038;w=1920&#038;ssl=1 1920w\" alt=\"\" data-height=\"2560\" data-id=\"22732\" data-link=\"https:\/\/www.cisa-arica.cl\/wp1\/?attachment_id=22732\" data-url=\"https:\/\/www.cisa-arica.cl\/wp1\/wp-content\/uploads\/2023\/10\/F4F24B85-DE88-4F9F-B557-EF45770E8F76-450x600.jpeg\" data-width=\"1920\" src=\"https:\/\/i1.wp.com\/www.cisa-arica.cl\/wp1\/wp-content\/uploads\/2023\/10\/F4F24B85-DE88-4F9F-B557-EF45770E8F76-450x600.jpeg?ssl=1\" data-amp-layout=\"responsive\"\/><\/figure><\/div><div class=\"tiled-gallery__col\" style=\"flex-basis:25.00000%\"><figure class=\"tiled-gallery__item\"><img decoding=\"async\" data-attachment-id=\"22733\" data-permalink=\"https:\/\/www.cisa-arica.cl\/wp1\/2023\/10\/20\/feria-de-la-ciencia-y-matematica-2023\/4fa1934b-6cec-43a8-a4fc-471122744577\/\" data-orig-file=\"https:\/\/www.cisa-arica.cl\/wp1\/wp-content\/uploads\/2023\/10\/4FA1934B-6CEC-43A8-A4FC-471122744577-scaled.jpeg\" data-orig-size=\"1920,2560\" data-comments-opened=\"0\" data-image-meta=\"{&quot;aperture&quot;:&quot;0&quot;,&quot;credit&quot;:&quot;&quot;,&quot;camera&quot;:&quot;&quot;,&quot;caption&quot;:&quot;&quot;,&quot;created_timestamp&quot;:&quot;0&quot;,&quot;copyright&quot;:&quot;&quot;,&quot;focal_length&quot;:&quot;0&quot;,&quot;iso&quot;:&quot;0&quot;,&quot;shutter_speed&quot;:&quot;0&quot;,&quot;title&quot;:&quot;&quot;,&quot;orientation&quot;:&quot;1&quot;}\" data-image-title=\"4FA1934B-6CEC-43A8-A4FC-471122744577\" data-image-description=\"\" data-image-caption=\"\" data-large-file=\"https:\/\/www.cisa-arica.cl\/wp1\/wp-content\/uploads\/2023\/10\/4FA1934B-6CEC-43A8-A4FC-471122744577-450x600.jpeg\" data-attachment-id=\"22733\" data-permalink=\"https:\/\/www.cisa-arica.cl\/wp1\/2023\/10\/20\/feria-de-la-ciencia-y-matematica-2023\/4fa1934b-6cec-43a8-a4fc-471122744577\/\" data-orig-file=\"https:\/\/www.cisa-arica.cl\/wp1\/wp-content\/uploads\/2023\/10\/4FA1934B-6CEC-43A8-A4FC-471122744577-scaled.jpeg\" data-orig-size=\"1920,2560\" data-comments-opened=\"0\" data-image-meta=\"{&quot;aperture&quot;:&quot;0&quot;,&quot;credit&quot;:&quot;&quot;,&quot;camera&quot;:&quot;&quot;,&quot;caption&quot;:&quot;&quot;,&quot;created_timestamp&quot;:&quot;0&quot;,&quot;copyright&quot;:&quot;&quot;,&quot;focal_length&quot;:&quot;0&quot;,&quot;iso&quot;:&quot;0&quot;,&quot;shutter_speed&quot;:&quot;0&quot;,&quot;title&quot;:&quot;&quot;,&quot;orientation&quot;:&quot;1&quot;}\" data-image-title=\"4FA1934B-6CEC-43A8-A4FC-471122744577\" data-image-description=\"\" data-image-caption=\"\" data-large-file=\"https:\/\/www.cisa-arica.cl\/wp1\/wp-content\/uploads\/2023\/10\/4FA1934B-6CEC-43A8-A4FC-471122744577-450x600.jpeg\" role=\"button\" tabindex=\"0\" aria-label=\"Abrir la imagen 20 de 95 en pantalla completa\"srcset=\"https:\/\/i1.wp.com\/www.cisa-arica.cl\/wp1\/wp-content\/uploads\/2023\/10\/4FA1934B-6CEC-43A8-A4FC-471122744577-450x600.jpeg?strip=info&#038;w=600&#038;ssl=1 600w,https:\/\/i1.wp.com\/www.cisa-arica.cl\/wp1\/wp-content\/uploads\/2023\/10\/4FA1934B-6CEC-43A8-A4FC-471122744577-450x600.jpeg?strip=info&#038;w=900&#038;ssl=1 900w,https:\/\/i1.wp.com\/www.cisa-arica.cl\/wp1\/wp-content\/uploads\/2023\/10\/4FA1934B-6CEC-43A8-A4FC-471122744577-450x600.jpeg?strip=info&#038;w=1200&#038;ssl=1 1200w,https:\/\/i1.wp.com\/www.cisa-arica.cl\/wp1\/wp-content\/uploads\/2023\/10\/4FA1934B-6CEC-43A8-A4FC-471122744577-450x600.jpeg?strip=info&#038;w=1500&#038;ssl=1 1500w,https:\/\/i1.wp.com\/www.cisa-arica.cl\/wp1\/wp-content\/uploads\/2023\/10\/4FA1934B-6CEC-43A8-A4FC-471122744577-450x600.jpeg?strip=info&#038;w=1800&#038;ssl=1 1800w,https:\/\/i1.wp.com\/www.cisa-arica.cl\/wp1\/wp-content\/uploads\/2023\/10\/4FA1934B-6CEC-43A8-A4FC-471122744577-450x600.jpeg?strip=info&#038;w=1920&#038;ssl=1 1920w\" alt=\"\" data-height=\"2560\" data-id=\"22733\" data-link=\"https:\/\/www.cisa-arica.cl\/wp1\/?attachment_id=22733\" data-url=\"https:\/\/www.cisa-arica.cl\/wp1\/wp-content\/uploads\/2023\/10\/4FA1934B-6CEC-43A8-A4FC-471122744577-450x600.jpeg\" data-width=\"1920\" src=\"https:\/\/i1.wp.com\/www.cisa-arica.cl\/wp1\/wp-content\/uploads\/2023\/10\/4FA1934B-6CEC-43A8-A4FC-471122744577-450x600.jpeg?ssl=1\" data-amp-layout=\"responsive\"\/><\/figure><\/div><div class=\"tiled-gallery__col\" style=\"flex-basis:25.00000%\"><figure class=\"tiled-gallery__item\"><img decoding=\"async\" data-attachment-id=\"22734\" data-permalink=\"https:\/\/www.cisa-arica.cl\/wp1\/2023\/10\/20\/feria-de-la-ciencia-y-matematica-2023\/a829bbb1-6d6f-4781-b308-1199316a12ba\/\" data-orig-file=\"https:\/\/www.cisa-arica.cl\/wp1\/wp-content\/uploads\/2023\/10\/A829BBB1-6D6F-4781-B308-1199316A12BA-scaled.jpeg\" data-orig-size=\"1920,2560\" data-comments-opened=\"0\" data-image-meta=\"{&quot;aperture&quot;:&quot;0&quot;,&quot;credit&quot;:&quot;&quot;,&quot;camera&quot;:&quot;&quot;,&quot;caption&quot;:&quot;&quot;,&quot;created_timestamp&quot;:&quot;0&quot;,&quot;copyright&quot;:&quot;&quot;,&quot;focal_length&quot;:&quot;0&quot;,&quot;iso&quot;:&quot;0&quot;,&quot;shutter_speed&quot;:&quot;0&quot;,&quot;title&quot;:&quot;&quot;,&quot;orientation&quot;:&quot;1&quot;}\" data-image-title=\"A829BBB1-6D6F-4781-B308-1199316A12BA\" data-image-description=\"\" data-image-caption=\"\" data-large-file=\"https:\/\/www.cisa-arica.cl\/wp1\/wp-content\/uploads\/2023\/10\/A829BBB1-6D6F-4781-B308-1199316A12BA-450x600.jpeg\" data-attachment-id=\"22734\" data-permalink=\"https:\/\/www.cisa-arica.cl\/wp1\/2023\/10\/20\/feria-de-la-ciencia-y-matematica-2023\/a829bbb1-6d6f-4781-b308-1199316a12ba\/\" data-orig-file=\"https:\/\/www.cisa-arica.cl\/wp1\/wp-content\/uploads\/2023\/10\/A829BBB1-6D6F-4781-B308-1199316A12BA-scaled.jpeg\" data-orig-size=\"1920,2560\" data-comments-opened=\"0\" data-image-meta=\"{&quot;aperture&quot;:&quot;0&quot;,&quot;credit&quot;:&quot;&quot;,&quot;camera&quot;:&quot;&quot;,&quot;caption&quot;:&quot;&quot;,&quot;created_timestamp&quot;:&quot;0&quot;,&quot;copyright&quot;:&quot;&quot;,&quot;focal_length&quot;:&quot;0&quot;,&quot;iso&quot;:&quot;0&quot;,&quot;shutter_speed&quot;:&quot;0&quot;,&quot;title&quot;:&quot;&quot;,&quot;orientation&quot;:&quot;1&quot;}\" data-image-title=\"A829BBB1-6D6F-4781-B308-1199316A12BA\" data-image-description=\"\" data-image-caption=\"\" data-large-file=\"https:\/\/www.cisa-arica.cl\/wp1\/wp-content\/uploads\/2023\/10\/A829BBB1-6D6F-4781-B308-1199316A12BA-450x600.jpeg\" role=\"button\" tabindex=\"0\" aria-label=\"Abrir la imagen 21 de 95 en pantalla completa\"srcset=\"https:\/\/i2.wp.com\/www.cisa-arica.cl\/wp1\/wp-content\/uploads\/2023\/10\/A829BBB1-6D6F-4781-B308-1199316A12BA-450x600.jpeg?strip=info&#038;w=600&#038;ssl=1 600w,https:\/\/i2.wp.com\/www.cisa-arica.cl\/wp1\/wp-content\/uploads\/2023\/10\/A829BBB1-6D6F-4781-B308-1199316A12BA-450x600.jpeg?strip=info&#038;w=900&#038;ssl=1 900w,https:\/\/i2.wp.com\/www.cisa-arica.cl\/wp1\/wp-content\/uploads\/2023\/10\/A829BBB1-6D6F-4781-B308-1199316A12BA-450x600.jpeg?strip=info&#038;w=1200&#038;ssl=1 1200w,https:\/\/i2.wp.com\/www.cisa-arica.cl\/wp1\/wp-content\/uploads\/2023\/10\/A829BBB1-6D6F-4781-B308-1199316A12BA-450x600.jpeg?strip=info&#038;w=1500&#038;ssl=1 1500w,https:\/\/i2.wp.com\/www.cisa-arica.cl\/wp1\/wp-content\/uploads\/2023\/10\/A829BBB1-6D6F-4781-B308-1199316A12BA-450x600.jpeg?strip=info&#038;w=1800&#038;ssl=1 1800w,https:\/\/i2.wp.com\/www.cisa-arica.cl\/wp1\/wp-content\/uploads\/2023\/10\/A829BBB1-6D6F-4781-B308-1199316A12BA-450x600.jpeg?strip=info&#038;w=1920&#038;ssl=1 1920w\" alt=\"\" data-height=\"2560\" data-id=\"22734\" data-link=\"https:\/\/www.cisa-arica.cl\/wp1\/?attachment_id=22734\" data-url=\"https:\/\/www.cisa-arica.cl\/wp1\/wp-content\/uploads\/2023\/10\/A829BBB1-6D6F-4781-B308-1199316A12BA-450x600.jpeg\" data-width=\"1920\" src=\"https:\/\/i2.wp.com\/www.cisa-arica.cl\/wp1\/wp-content\/uploads\/2023\/10\/A829BBB1-6D6F-4781-B308-1199316A12BA-450x600.jpeg?ssl=1\" data-amp-layout=\"responsive\"\/><\/figure><\/div><\/div><div class=\"tiled-gallery__row\"><div class=\"tiled-gallery__col\" style=\"flex-basis:34.87531%\"><figure class=\"tiled-gallery__item\"><img decoding=\"async\" data-attachment-id=\"22735\" data-permalink=\"https:\/\/www.cisa-arica.cl\/wp1\/2023\/10\/20\/feria-de-la-ciencia-y-matematica-2023\/c4003ce0-95bd-4a7a-93ad-033796352eb1\/\" data-orig-file=\"https:\/\/www.cisa-arica.cl\/wp1\/wp-content\/uploads\/2023\/10\/C4003CE0-95BD-4A7A-93AD-033796352EB1-scaled.jpeg\" data-orig-size=\"1920,2560\" data-comments-opened=\"0\" data-image-meta=\"{&quot;aperture&quot;:&quot;0&quot;,&quot;credit&quot;:&quot;&quot;,&quot;camera&quot;:&quot;&quot;,&quot;caption&quot;:&quot;&quot;,&quot;created_timestamp&quot;:&quot;0&quot;,&quot;copyright&quot;:&quot;&quot;,&quot;focal_length&quot;:&quot;0&quot;,&quot;iso&quot;:&quot;0&quot;,&quot;shutter_speed&quot;:&quot;0&quot;,&quot;title&quot;:&quot;&quot;,&quot;orientation&quot;:&quot;1&quot;}\" data-image-title=\"C4003CE0-95BD-4A7A-93AD-033796352EB1\" data-image-description=\"\" data-image-caption=\"\" data-large-file=\"https:\/\/www.cisa-arica.cl\/wp1\/wp-content\/uploads\/2023\/10\/C4003CE0-95BD-4A7A-93AD-033796352EB1-450x600.jpeg\" data-attachment-id=\"22735\" data-permalink=\"https:\/\/www.cisa-arica.cl\/wp1\/2023\/10\/20\/feria-de-la-ciencia-y-matematica-2023\/c4003ce0-95bd-4a7a-93ad-033796352eb1\/\" data-orig-file=\"https:\/\/www.cisa-arica.cl\/wp1\/wp-content\/uploads\/2023\/10\/C4003CE0-95BD-4A7A-93AD-033796352EB1-scaled.jpeg\" data-orig-size=\"1920,2560\" data-comments-opened=\"0\" data-image-meta=\"{&quot;aperture&quot;:&quot;0&quot;,&quot;credit&quot;:&quot;&quot;,&quot;camera&quot;:&quot;&quot;,&quot;caption&quot;:&quot;&quot;,&quot;created_timestamp&quot;:&quot;0&quot;,&quot;copyright&quot;:&quot;&quot;,&quot;focal_length&quot;:&quot;0&quot;,&quot;iso&quot;:&quot;0&quot;,&quot;shutter_speed&quot;:&quot;0&quot;,&quot;title&quot;:&quot;&quot;,&quot;orientation&quot;:&quot;1&quot;}\" data-image-title=\"C4003CE0-95BD-4A7A-93AD-033796352EB1\" data-image-description=\"\" data-image-caption=\"\" data-large-file=\"https:\/\/www.cisa-arica.cl\/wp1\/wp-content\/uploads\/2023\/10\/C4003CE0-95BD-4A7A-93AD-033796352EB1-450x600.jpeg\" role=\"button\" tabindex=\"0\" aria-label=\"Abrir la imagen 22 de 95 en pantalla completa\"srcset=\"https:\/\/i1.wp.com\/www.cisa-arica.cl\/wp1\/wp-content\/uploads\/2023\/10\/C4003CE0-95BD-4A7A-93AD-033796352EB1-450x600.jpeg?strip=info&#038;w=600&#038;ssl=1 600w,https:\/\/i1.wp.com\/www.cisa-arica.cl\/wp1\/wp-content\/uploads\/2023\/10\/C4003CE0-95BD-4A7A-93AD-033796352EB1-450x600.jpeg?strip=info&#038;w=900&#038;ssl=1 900w,https:\/\/i1.wp.com\/www.cisa-arica.cl\/wp1\/wp-content\/uploads\/2023\/10\/C4003CE0-95BD-4A7A-93AD-033796352EB1-450x600.jpeg?strip=info&#038;w=1200&#038;ssl=1 1200w,https:\/\/i1.wp.com\/www.cisa-arica.cl\/wp1\/wp-content\/uploads\/2023\/10\/C4003CE0-95BD-4A7A-93AD-033796352EB1-450x600.jpeg?strip=info&#038;w=1500&#038;ssl=1 1500w,https:\/\/i1.wp.com\/www.cisa-arica.cl\/wp1\/wp-content\/uploads\/2023\/10\/C4003CE0-95BD-4A7A-93AD-033796352EB1-450x600.jpeg?strip=info&#038;w=1800&#038;ssl=1 1800w,https:\/\/i1.wp.com\/www.cisa-arica.cl\/wp1\/wp-content\/uploads\/2023\/10\/C4003CE0-95BD-4A7A-93AD-033796352EB1-450x600.jpeg?strip=info&#038;w=1920&#038;ssl=1 1920w\" alt=\"\" data-height=\"2560\" data-id=\"22735\" data-link=\"https:\/\/www.cisa-arica.cl\/wp1\/?attachment_id=22735\" data-url=\"https:\/\/www.cisa-arica.cl\/wp1\/wp-content\/uploads\/2023\/10\/C4003CE0-95BD-4A7A-93AD-033796352EB1-450x600.jpeg\" data-width=\"1920\" src=\"https:\/\/i1.wp.com\/www.cisa-arica.cl\/wp1\/wp-content\/uploads\/2023\/10\/C4003CE0-95BD-4A7A-93AD-033796352EB1-450x600.jpeg?ssl=1\" data-amp-layout=\"responsive\"\/><\/figure><\/div><div class=\"tiled-gallery__col\" style=\"flex-basis:30.24937%\"><figure class=\"tiled-gallery__item\"><img decoding=\"async\" data-attachment-id=\"22736\" data-permalink=\"https:\/\/www.cisa-arica.cl\/wp1\/2023\/10\/20\/feria-de-la-ciencia-y-matematica-2023\/9c93bfa2-4ba9-4cb1-abae-11da840995f3\/\" data-orig-file=\"https:\/\/www.cisa-arica.cl\/wp1\/wp-content\/uploads\/2023\/10\/9C93BFA2-4BA9-4CB1-ABAE-11DA840995F3-scaled.jpeg\" data-orig-size=\"2560,1920\" data-comments-opened=\"0\" data-image-meta=\"{&quot;aperture&quot;:&quot;0&quot;,&quot;credit&quot;:&quot;&quot;,&quot;camera&quot;:&quot;&quot;,&quot;caption&quot;:&quot;&quot;,&quot;created_timestamp&quot;:&quot;0&quot;,&quot;copyright&quot;:&quot;&quot;,&quot;focal_length&quot;:&quot;0&quot;,&quot;iso&quot;:&quot;0&quot;,&quot;shutter_speed&quot;:&quot;0&quot;,&quot;title&quot;:&quot;&quot;,&quot;orientation&quot;:&quot;1&quot;}\" data-image-title=\"9C93BFA2-4BA9-4CB1-ABAE-11DA840995F3\" data-image-description=\"\" data-image-caption=\"\" data-large-file=\"https:\/\/www.cisa-arica.cl\/wp1\/wp-content\/uploads\/2023\/10\/9C93BFA2-4BA9-4CB1-ABAE-11DA840995F3-600x450.jpeg\" data-attachment-id=\"22736\" data-permalink=\"https:\/\/www.cisa-arica.cl\/wp1\/2023\/10\/20\/feria-de-la-ciencia-y-matematica-2023\/9c93bfa2-4ba9-4cb1-abae-11da840995f3\/\" data-orig-file=\"https:\/\/www.cisa-arica.cl\/wp1\/wp-content\/uploads\/2023\/10\/9C93BFA2-4BA9-4CB1-ABAE-11DA840995F3-scaled.jpeg\" data-orig-size=\"2560,1920\" data-comments-opened=\"0\" data-image-meta=\"{&quot;aperture&quot;:&quot;0&quot;,&quot;credit&quot;:&quot;&quot;,&quot;camera&quot;:&quot;&quot;,&quot;caption&quot;:&quot;&quot;,&quot;created_timestamp&quot;:&quot;0&quot;,&quot;copyright&quot;:&quot;&quot;,&quot;focal_length&quot;:&quot;0&quot;,&quot;iso&quot;:&quot;0&quot;,&quot;shutter_speed&quot;:&quot;0&quot;,&quot;title&quot;:&quot;&quot;,&quot;orientation&quot;:&quot;1&quot;}\" data-image-title=\"9C93BFA2-4BA9-4CB1-ABAE-11DA840995F3\" data-image-description=\"\" data-image-caption=\"\" data-large-file=\"https:\/\/www.cisa-arica.cl\/wp1\/wp-content\/uploads\/2023\/10\/9C93BFA2-4BA9-4CB1-ABAE-11DA840995F3-600x450.jpeg\" role=\"button\" tabindex=\"0\" aria-label=\"Abrir la imagen 23 de 95 en pantalla completa\"srcset=\"https:\/\/i1.wp.com\/www.cisa-arica.cl\/wp1\/wp-content\/uploads\/2023\/10\/9C93BFA2-4BA9-4CB1-ABAE-11DA840995F3-600x450.jpeg?strip=info&#038;w=600&#038;ssl=1 600w,https:\/\/i1.wp.com\/www.cisa-arica.cl\/wp1\/wp-content\/uploads\/2023\/10\/9C93BFA2-4BA9-4CB1-ABAE-11DA840995F3-600x450.jpeg?strip=info&#038;w=900&#038;ssl=1 900w,https:\/\/i1.wp.com\/www.cisa-arica.cl\/wp1\/wp-content\/uploads\/2023\/10\/9C93BFA2-4BA9-4CB1-ABAE-11DA840995F3-600x450.jpeg?strip=info&#038;w=1200&#038;ssl=1 1200w,https:\/\/i1.wp.com\/www.cisa-arica.cl\/wp1\/wp-content\/uploads\/2023\/10\/9C93BFA2-4BA9-4CB1-ABAE-11DA840995F3-600x450.jpeg?strip=info&#038;w=1500&#038;ssl=1 1500w,https:\/\/i1.wp.com\/www.cisa-arica.cl\/wp1\/wp-content\/uploads\/2023\/10\/9C93BFA2-4BA9-4CB1-ABAE-11DA840995F3-600x450.jpeg?strip=info&#038;w=1800&#038;ssl=1 1800w,https:\/\/i1.wp.com\/www.cisa-arica.cl\/wp1\/wp-content\/uploads\/2023\/10\/9C93BFA2-4BA9-4CB1-ABAE-11DA840995F3-600x450.jpeg?strip=info&#038;w=2000&#038;ssl=1 2000w\" alt=\"\" data-height=\"1920\" data-id=\"22736\" data-link=\"https:\/\/www.cisa-arica.cl\/wp1\/?attachment_id=22736\" data-url=\"https:\/\/www.cisa-arica.cl\/wp1\/wp-content\/uploads\/2023\/10\/9C93BFA2-4BA9-4CB1-ABAE-11DA840995F3-600x450.jpeg\" data-width=\"2560\" src=\"https:\/\/i1.wp.com\/www.cisa-arica.cl\/wp1\/wp-content\/uploads\/2023\/10\/9C93BFA2-4BA9-4CB1-ABAE-11DA840995F3-600x450.jpeg?ssl=1\" data-amp-layout=\"responsive\"\/><\/figure><figure class=\"tiled-gallery__item\"><img decoding=\"async\" data-attachment-id=\"22737\" data-permalink=\"https:\/\/www.cisa-arica.cl\/wp1\/2023\/10\/20\/feria-de-la-ciencia-y-matematica-2023\/43d7d168-18b1-41b5-a06b-e29ad9b13d52\/\" data-orig-file=\"https:\/\/www.cisa-arica.cl\/wp1\/wp-content\/uploads\/2023\/10\/43D7D168-18B1-41B5-A06B-E29AD9B13D52-scaled.jpeg\" data-orig-size=\"2560,1920\" data-comments-opened=\"0\" data-image-meta=\"{&quot;aperture&quot;:&quot;0&quot;,&quot;credit&quot;:&quot;&quot;,&quot;camera&quot;:&quot;&quot;,&quot;caption&quot;:&quot;&quot;,&quot;created_timestamp&quot;:&quot;0&quot;,&quot;copyright&quot;:&quot;&quot;,&quot;focal_length&quot;:&quot;0&quot;,&quot;iso&quot;:&quot;0&quot;,&quot;shutter_speed&quot;:&quot;0&quot;,&quot;title&quot;:&quot;&quot;,&quot;orientation&quot;:&quot;1&quot;}\" data-image-title=\"43D7D168-18B1-41B5-A06B-E29AD9B13D52\" data-image-description=\"\" data-image-caption=\"\" data-large-file=\"https:\/\/www.cisa-arica.cl\/wp1\/wp-content\/uploads\/2023\/10\/43D7D168-18B1-41B5-A06B-E29AD9B13D52-600x450.jpeg\" data-attachment-id=\"22737\" data-permalink=\"https:\/\/www.cisa-arica.cl\/wp1\/2023\/10\/20\/feria-de-la-ciencia-y-matematica-2023\/43d7d168-18b1-41b5-a06b-e29ad9b13d52\/\" data-orig-file=\"https:\/\/www.cisa-arica.cl\/wp1\/wp-content\/uploads\/2023\/10\/43D7D168-18B1-41B5-A06B-E29AD9B13D52-scaled.jpeg\" data-orig-size=\"2560,1920\" data-comments-opened=\"0\" data-image-meta=\"{&quot;aperture&quot;:&quot;0&quot;,&quot;credit&quot;:&quot;&quot;,&quot;camera&quot;:&quot;&quot;,&quot;caption&quot;:&quot;&quot;,&quot;created_timestamp&quot;:&quot;0&quot;,&quot;copyright&quot;:&quot;&quot;,&quot;focal_length&quot;:&quot;0&quot;,&quot;iso&quot;:&quot;0&quot;,&quot;shutter_speed&quot;:&quot;0&quot;,&quot;title&quot;:&quot;&quot;,&quot;orientation&quot;:&quot;1&quot;}\" data-image-title=\"43D7D168-18B1-41B5-A06B-E29AD9B13D52\" data-image-description=\"\" data-image-caption=\"\" data-large-file=\"https:\/\/www.cisa-arica.cl\/wp1\/wp-content\/uploads\/2023\/10\/43D7D168-18B1-41B5-A06B-E29AD9B13D52-600x450.jpeg\" role=\"button\" tabindex=\"0\" aria-label=\"Abrir la imagen 24 de 95 en pantalla completa\"srcset=\"https:\/\/i0.wp.com\/www.cisa-arica.cl\/wp1\/wp-content\/uploads\/2023\/10\/43D7D168-18B1-41B5-A06B-E29AD9B13D52-600x450.jpeg?strip=info&#038;w=600&#038;ssl=1 600w,https:\/\/i0.wp.com\/www.cisa-arica.cl\/wp1\/wp-content\/uploads\/2023\/10\/43D7D168-18B1-41B5-A06B-E29AD9B13D52-600x450.jpeg?strip=info&#038;w=900&#038;ssl=1 900w,https:\/\/i0.wp.com\/www.cisa-arica.cl\/wp1\/wp-content\/uploads\/2023\/10\/43D7D168-18B1-41B5-A06B-E29AD9B13D52-600x450.jpeg?strip=info&#038;w=1200&#038;ssl=1 1200w,https:\/\/i0.wp.com\/www.cisa-arica.cl\/wp1\/wp-content\/uploads\/2023\/10\/43D7D168-18B1-41B5-A06B-E29AD9B13D52-600x450.jpeg?strip=info&#038;w=1500&#038;ssl=1 1500w,https:\/\/i0.wp.com\/www.cisa-arica.cl\/wp1\/wp-content\/uploads\/2023\/10\/43D7D168-18B1-41B5-A06B-E29AD9B13D52-600x450.jpeg?strip=info&#038;w=1800&#038;ssl=1 1800w,https:\/\/i0.wp.com\/www.cisa-arica.cl\/wp1\/wp-content\/uploads\/2023\/10\/43D7D168-18B1-41B5-A06B-E29AD9B13D52-600x450.jpeg?strip=info&#038;w=2000&#038;ssl=1 2000w\" alt=\"\" data-height=\"1920\" data-id=\"22737\" data-link=\"https:\/\/www.cisa-arica.cl\/wp1\/?attachment_id=22737\" data-url=\"https:\/\/www.cisa-arica.cl\/wp1\/wp-content\/uploads\/2023\/10\/43D7D168-18B1-41B5-A06B-E29AD9B13D52-600x450.jpeg\" data-width=\"2560\" src=\"https:\/\/i0.wp.com\/www.cisa-arica.cl\/wp1\/wp-content\/uploads\/2023\/10\/43D7D168-18B1-41B5-A06B-E29AD9B13D52-600x450.jpeg?ssl=1\" data-amp-layout=\"responsive\"\/><\/figure><\/div><div class=\"tiled-gallery__col\" style=\"flex-basis:34.87531%\"><figure class=\"tiled-gallery__item\"><img decoding=\"async\" data-attachment-id=\"22738\" data-permalink=\"https:\/\/www.cisa-arica.cl\/wp1\/2023\/10\/20\/feria-de-la-ciencia-y-matematica-2023\/b103a2c8-34a3-44b4-bd95-a0678687f2b1\/\" data-orig-file=\"https:\/\/www.cisa-arica.cl\/wp1\/wp-content\/uploads\/2023\/10\/B103A2C8-34A3-44B4-BD95-A0678687F2B1-scaled.jpeg\" data-orig-size=\"1920,2560\" data-comments-opened=\"0\" data-image-meta=\"{&quot;aperture&quot;:&quot;0&quot;,&quot;credit&quot;:&quot;&quot;,&quot;camera&quot;:&quot;&quot;,&quot;caption&quot;:&quot;&quot;,&quot;created_timestamp&quot;:&quot;0&quot;,&quot;copyright&quot;:&quot;&quot;,&quot;focal_length&quot;:&quot;0&quot;,&quot;iso&quot;:&quot;0&quot;,&quot;shutter_speed&quot;:&quot;0&quot;,&quot;title&quot;:&quot;&quot;,&quot;orientation&quot;:&quot;1&quot;}\" data-image-title=\"B103A2C8-34A3-44B4-BD95-A0678687F2B1\" data-image-description=\"\" data-image-caption=\"\" data-large-file=\"https:\/\/www.cisa-arica.cl\/wp1\/wp-content\/uploads\/2023\/10\/B103A2C8-34A3-44B4-BD95-A0678687F2B1-450x600.jpeg\" data-attachment-id=\"22738\" data-permalink=\"https:\/\/www.cisa-arica.cl\/wp1\/2023\/10\/20\/feria-de-la-ciencia-y-matematica-2023\/b103a2c8-34a3-44b4-bd95-a0678687f2b1\/\" data-orig-file=\"https:\/\/www.cisa-arica.cl\/wp1\/wp-content\/uploads\/2023\/10\/B103A2C8-34A3-44B4-BD95-A0678687F2B1-scaled.jpeg\" data-orig-size=\"1920,2560\" data-comments-opened=\"0\" data-image-meta=\"{&quot;aperture&quot;:&quot;0&quot;,&quot;credit&quot;:&quot;&quot;,&quot;camera&quot;:&quot;&quot;,&quot;caption&quot;:&quot;&quot;,&quot;created_timestamp&quot;:&quot;0&quot;,&quot;copyright&quot;:&quot;&quot;,&quot;focal_length&quot;:&quot;0&quot;,&quot;iso&quot;:&quot;0&quot;,&quot;shutter_speed&quot;:&quot;0&quot;,&quot;title&quot;:&quot;&quot;,&quot;orientation&quot;:&quot;1&quot;}\" data-image-title=\"B103A2C8-34A3-44B4-BD95-A0678687F2B1\" data-image-description=\"\" data-image-caption=\"\" data-large-file=\"https:\/\/www.cisa-arica.cl\/wp1\/wp-content\/uploads\/2023\/10\/B103A2C8-34A3-44B4-BD95-A0678687F2B1-450x600.jpeg\" role=\"button\" tabindex=\"0\" aria-label=\"Abrir la imagen 25 de 95 en pantalla completa\"srcset=\"https:\/\/i1.wp.com\/www.cisa-arica.cl\/wp1\/wp-content\/uploads\/2023\/10\/B103A2C8-34A3-44B4-BD95-A0678687F2B1-450x600.jpeg?strip=info&#038;w=600&#038;ssl=1 600w,https:\/\/i1.wp.com\/www.cisa-arica.cl\/wp1\/wp-content\/uploads\/2023\/10\/B103A2C8-34A3-44B4-BD95-A0678687F2B1-450x600.jpeg?strip=info&#038;w=900&#038;ssl=1 900w,https:\/\/i1.wp.com\/www.cisa-arica.cl\/wp1\/wp-content\/uploads\/2023\/10\/B103A2C8-34A3-44B4-BD95-A0678687F2B1-450x600.jpeg?strip=info&#038;w=1200&#038;ssl=1 1200w,https:\/\/i1.wp.com\/www.cisa-arica.cl\/wp1\/wp-content\/uploads\/2023\/10\/B103A2C8-34A3-44B4-BD95-A0678687F2B1-450x600.jpeg?strip=info&#038;w=1500&#038;ssl=1 1500w,https:\/\/i1.wp.com\/www.cisa-arica.cl\/wp1\/wp-content\/uploads\/2023\/10\/B103A2C8-34A3-44B4-BD95-A0678687F2B1-450x600.jpeg?strip=info&#038;w=1800&#038;ssl=1 1800w,https:\/\/i1.wp.com\/www.cisa-arica.cl\/wp1\/wp-content\/uploads\/2023\/10\/B103A2C8-34A3-44B4-BD95-A0678687F2B1-450x600.jpeg?strip=info&#038;w=1920&#038;ssl=1 1920w\" alt=\"\" data-height=\"2560\" data-id=\"22738\" data-link=\"https:\/\/www.cisa-arica.cl\/wp1\/?attachment_id=22738\" data-url=\"https:\/\/www.cisa-arica.cl\/wp1\/wp-content\/uploads\/2023\/10\/B103A2C8-34A3-44B4-BD95-A0678687F2B1-450x600.jpeg\" data-width=\"1920\" src=\"https:\/\/i1.wp.com\/www.cisa-arica.cl\/wp1\/wp-content\/uploads\/2023\/10\/B103A2C8-34A3-44B4-BD95-A0678687F2B1-450x600.jpeg?ssl=1\" data-amp-layout=\"responsive\"\/><\/figure><\/div><\/div><div class=\"tiled-gallery__row\"><div class=\"tiled-gallery__col\" style=\"flex-basis:63.91215%\"><figure class=\"tiled-gallery__item\"><img decoding=\"async\" data-attachment-id=\"22739\" data-permalink=\"https:\/\/www.cisa-arica.cl\/wp1\/2023\/10\/20\/feria-de-la-ciencia-y-matematica-2023\/21cce094-73eb-4057-8198-1a60cea38e01\/\" data-orig-file=\"https:\/\/www.cisa-arica.cl\/wp1\/wp-content\/uploads\/2023\/10\/21CCE094-73EB-4057-8198-1A60CEA38E01-scaled.jpeg\" data-orig-size=\"2560,1920\" data-comments-opened=\"0\" data-image-meta=\"{&quot;aperture&quot;:&quot;0&quot;,&quot;credit&quot;:&quot;&quot;,&quot;camera&quot;:&quot;&quot;,&quot;caption&quot;:&quot;&quot;,&quot;created_timestamp&quot;:&quot;0&quot;,&quot;copyright&quot;:&quot;&quot;,&quot;focal_length&quot;:&quot;0&quot;,&quot;iso&quot;:&quot;0&quot;,&quot;shutter_speed&quot;:&quot;0&quot;,&quot;title&quot;:&quot;&quot;,&quot;orientation&quot;:&quot;1&quot;}\" data-image-title=\"21CCE094-73EB-4057-8198-1A60CEA38E01\" data-image-description=\"\" data-image-caption=\"\" data-large-file=\"https:\/\/www.cisa-arica.cl\/wp1\/wp-content\/uploads\/2023\/10\/21CCE094-73EB-4057-8198-1A60CEA38E01-600x450.jpeg\" data-attachment-id=\"22739\" data-permalink=\"https:\/\/www.cisa-arica.cl\/wp1\/2023\/10\/20\/feria-de-la-ciencia-y-matematica-2023\/21cce094-73eb-4057-8198-1a60cea38e01\/\" data-orig-file=\"https:\/\/www.cisa-arica.cl\/wp1\/wp-content\/uploads\/2023\/10\/21CCE094-73EB-4057-8198-1A60CEA38E01-scaled.jpeg\" data-orig-size=\"2560,1920\" data-comments-opened=\"0\" data-image-meta=\"{&quot;aperture&quot;:&quot;0&quot;,&quot;credit&quot;:&quot;&quot;,&quot;camera&quot;:&quot;&quot;,&quot;caption&quot;:&quot;&quot;,&quot;created_timestamp&quot;:&quot;0&quot;,&quot;copyright&quot;:&quot;&quot;,&quot;focal_length&quot;:&quot;0&quot;,&quot;iso&quot;:&quot;0&quot;,&quot;shutter_speed&quot;:&quot;0&quot;,&quot;title&quot;:&quot;&quot;,&quot;orientation&quot;:&quot;1&quot;}\" data-image-title=\"21CCE094-73EB-4057-8198-1A60CEA38E01\" data-image-description=\"\" data-image-caption=\"\" data-large-file=\"https:\/\/www.cisa-arica.cl\/wp1\/wp-content\/uploads\/2023\/10\/21CCE094-73EB-4057-8198-1A60CEA38E01-600x450.jpeg\" role=\"button\" tabindex=\"0\" aria-label=\"Abrir la imagen 26 de 95 en pantalla completa\"srcset=\"https:\/\/i1.wp.com\/www.cisa-arica.cl\/wp1\/wp-content\/uploads\/2023\/10\/21CCE094-73EB-4057-8198-1A60CEA38E01-600x450.jpeg?strip=info&#038;w=600&#038;ssl=1 600w,https:\/\/i1.wp.com\/www.cisa-arica.cl\/wp1\/wp-content\/uploads\/2023\/10\/21CCE094-73EB-4057-8198-1A60CEA38E01-600x450.jpeg?strip=info&#038;w=900&#038;ssl=1 900w,https:\/\/i1.wp.com\/www.cisa-arica.cl\/wp1\/wp-content\/uploads\/2023\/10\/21CCE094-73EB-4057-8198-1A60CEA38E01-600x450.jpeg?strip=info&#038;w=1200&#038;ssl=1 1200w,https:\/\/i1.wp.com\/www.cisa-arica.cl\/wp1\/wp-content\/uploads\/2023\/10\/21CCE094-73EB-4057-8198-1A60CEA38E01-600x450.jpeg?strip=info&#038;w=1500&#038;ssl=1 1500w,https:\/\/i1.wp.com\/www.cisa-arica.cl\/wp1\/wp-content\/uploads\/2023\/10\/21CCE094-73EB-4057-8198-1A60CEA38E01-600x450.jpeg?strip=info&#038;w=1800&#038;ssl=1 1800w,https:\/\/i1.wp.com\/www.cisa-arica.cl\/wp1\/wp-content\/uploads\/2023\/10\/21CCE094-73EB-4057-8198-1A60CEA38E01-600x450.jpeg?strip=info&#038;w=2000&#038;ssl=1 2000w\" alt=\"\" data-height=\"1920\" data-id=\"22739\" data-link=\"https:\/\/www.cisa-arica.cl\/wp1\/?attachment_id=22739\" data-url=\"https:\/\/www.cisa-arica.cl\/wp1\/wp-content\/uploads\/2023\/10\/21CCE094-73EB-4057-8198-1A60CEA38E01-600x450.jpeg\" data-width=\"2560\" src=\"https:\/\/i1.wp.com\/www.cisa-arica.cl\/wp1\/wp-content\/uploads\/2023\/10\/21CCE094-73EB-4057-8198-1A60CEA38E01-600x450.jpeg?ssl=1\" data-amp-layout=\"responsive\"\/><\/figure><\/div><div class=\"tiled-gallery__col\" style=\"flex-basis:36.08785%\"><figure class=\"tiled-gallery__item\"><img decoding=\"async\" data-attachment-id=\"22740\" data-permalink=\"https:\/\/www.cisa-arica.cl\/wp1\/2023\/10\/20\/feria-de-la-ciencia-y-matematica-2023\/297107ce-3d40-4bbf-8a9a-8da13cd27fa6\/\" data-orig-file=\"https:\/\/www.cisa-arica.cl\/wp1\/wp-content\/uploads\/2023\/10\/297107CE-3D40-4BBF-8A9A-8DA13CD27FA6-scaled.jpeg\" data-orig-size=\"1920,2560\" data-comments-opened=\"0\" data-image-meta=\"{&quot;aperture&quot;:&quot;0&quot;,&quot;credit&quot;:&quot;&quot;,&quot;camera&quot;:&quot;&quot;,&quot;caption&quot;:&quot;&quot;,&quot;created_timestamp&quot;:&quot;0&quot;,&quot;copyright&quot;:&quot;&quot;,&quot;focal_length&quot;:&quot;0&quot;,&quot;iso&quot;:&quot;0&quot;,&quot;shutter_speed&quot;:&quot;0&quot;,&quot;title&quot;:&quot;&quot;,&quot;orientation&quot;:&quot;1&quot;}\" data-image-title=\"297107CE-3D40-4BBF-8A9A-8DA13CD27FA6\" data-image-description=\"\" data-image-caption=\"\" data-large-file=\"https:\/\/www.cisa-arica.cl\/wp1\/wp-content\/uploads\/2023\/10\/297107CE-3D40-4BBF-8A9A-8DA13CD27FA6-450x600.jpeg\" data-attachment-id=\"22740\" data-permalink=\"https:\/\/www.cisa-arica.cl\/wp1\/2023\/10\/20\/feria-de-la-ciencia-y-matematica-2023\/297107ce-3d40-4bbf-8a9a-8da13cd27fa6\/\" data-orig-file=\"https:\/\/www.cisa-arica.cl\/wp1\/wp-content\/uploads\/2023\/10\/297107CE-3D40-4BBF-8A9A-8DA13CD27FA6-scaled.jpeg\" data-orig-size=\"1920,2560\" data-comments-opened=\"0\" data-image-meta=\"{&quot;aperture&quot;:&quot;0&quot;,&quot;credit&quot;:&quot;&quot;,&quot;camera&quot;:&quot;&quot;,&quot;caption&quot;:&quot;&quot;,&quot;created_timestamp&quot;:&quot;0&quot;,&quot;copyright&quot;:&quot;&quot;,&quot;focal_length&quot;:&quot;0&quot;,&quot;iso&quot;:&quot;0&quot;,&quot;shutter_speed&quot;:&quot;0&quot;,&quot;title&quot;:&quot;&quot;,&quot;orientation&quot;:&quot;1&quot;}\" data-image-title=\"297107CE-3D40-4BBF-8A9A-8DA13CD27FA6\" data-image-description=\"\" data-image-caption=\"\" data-large-file=\"https:\/\/www.cisa-arica.cl\/wp1\/wp-content\/uploads\/2023\/10\/297107CE-3D40-4BBF-8A9A-8DA13CD27FA6-450x600.jpeg\" role=\"button\" tabindex=\"0\" aria-label=\"Abrir la imagen 27 de 95 en pantalla completa\"srcset=\"https:\/\/i0.wp.com\/www.cisa-arica.cl\/wp1\/wp-content\/uploads\/2023\/10\/297107CE-3D40-4BBF-8A9A-8DA13CD27FA6-450x600.jpeg?strip=info&#038;w=600&#038;ssl=1 600w,https:\/\/i0.wp.com\/www.cisa-arica.cl\/wp1\/wp-content\/uploads\/2023\/10\/297107CE-3D40-4BBF-8A9A-8DA13CD27FA6-450x600.jpeg?strip=info&#038;w=900&#038;ssl=1 900w,https:\/\/i0.wp.com\/www.cisa-arica.cl\/wp1\/wp-content\/uploads\/2023\/10\/297107CE-3D40-4BBF-8A9A-8DA13CD27FA6-450x600.jpeg?strip=info&#038;w=1200&#038;ssl=1 1200w,https:\/\/i0.wp.com\/www.cisa-arica.cl\/wp1\/wp-content\/uploads\/2023\/10\/297107CE-3D40-4BBF-8A9A-8DA13CD27FA6-450x600.jpeg?strip=info&#038;w=1500&#038;ssl=1 1500w,https:\/\/i0.wp.com\/www.cisa-arica.cl\/wp1\/wp-content\/uploads\/2023\/10\/297107CE-3D40-4BBF-8A9A-8DA13CD27FA6-450x600.jpeg?strip=info&#038;w=1800&#038;ssl=1 1800w,https:\/\/i0.wp.com\/www.cisa-arica.cl\/wp1\/wp-content\/uploads\/2023\/10\/297107CE-3D40-4BBF-8A9A-8DA13CD27FA6-450x600.jpeg?strip=info&#038;w=1920&#038;ssl=1 1920w\" alt=\"\" data-height=\"2560\" data-id=\"22740\" data-link=\"https:\/\/www.cisa-arica.cl\/wp1\/?attachment_id=22740\" data-url=\"https:\/\/www.cisa-arica.cl\/wp1\/wp-content\/uploads\/2023\/10\/297107CE-3D40-4BBF-8A9A-8DA13CD27FA6-450x600.jpeg\" data-width=\"1920\" src=\"https:\/\/i0.wp.com\/www.cisa-arica.cl\/wp1\/wp-content\/uploads\/2023\/10\/297107CE-3D40-4BBF-8A9A-8DA13CD27FA6-450x600.jpeg?ssl=1\" data-amp-layout=\"responsive\"\/><\/figure><\/div><\/div><div class=\"tiled-gallery__row\"><div class=\"tiled-gallery__col\" style=\"flex-basis:53.32433%\"><figure class=\"tiled-gallery__item\"><img decoding=\"async\" data-attachment-id=\"22741\" data-permalink=\"https:\/\/www.cisa-arica.cl\/wp1\/2023\/10\/20\/feria-de-la-ciencia-y-matematica-2023\/500cdfe4-a338-4dd1-a03d-6abbc560bef5\/\" data-orig-file=\"https:\/\/www.cisa-arica.cl\/wp1\/wp-content\/uploads\/2023\/10\/500CDFE4-A338-4DD1-A03D-6ABBC560BEF5-scaled.jpeg\" data-orig-size=\"1920,2560\" data-comments-opened=\"0\" data-image-meta=\"{&quot;aperture&quot;:&quot;0&quot;,&quot;credit&quot;:&quot;&quot;,&quot;camera&quot;:&quot;&quot;,&quot;caption&quot;:&quot;&quot;,&quot;created_timestamp&quot;:&quot;0&quot;,&quot;copyright&quot;:&quot;&quot;,&quot;focal_length&quot;:&quot;0&quot;,&quot;iso&quot;:&quot;0&quot;,&quot;shutter_speed&quot;:&quot;0&quot;,&quot;title&quot;:&quot;&quot;,&quot;orientation&quot;:&quot;1&quot;}\" data-image-title=\"500CDFE4-A338-4DD1-A03D-6ABBC560BEF5\" data-image-description=\"\" data-image-caption=\"\" data-large-file=\"https:\/\/www.cisa-arica.cl\/wp1\/wp-content\/uploads\/2023\/10\/500CDFE4-A338-4DD1-A03D-6ABBC560BEF5-450x600.jpeg\" data-attachment-id=\"22741\" data-permalink=\"https:\/\/www.cisa-arica.cl\/wp1\/2023\/10\/20\/feria-de-la-ciencia-y-matematica-2023\/500cdfe4-a338-4dd1-a03d-6abbc560bef5\/\" data-orig-file=\"https:\/\/www.cisa-arica.cl\/wp1\/wp-content\/uploads\/2023\/10\/500CDFE4-A338-4DD1-A03D-6ABBC560BEF5-scaled.jpeg\" data-orig-size=\"1920,2560\" data-comments-opened=\"0\" data-image-meta=\"{&quot;aperture&quot;:&quot;0&quot;,&quot;credit&quot;:&quot;&quot;,&quot;camera&quot;:&quot;&quot;,&quot;caption&quot;:&quot;&quot;,&quot;created_timestamp&quot;:&quot;0&quot;,&quot;copyright&quot;:&quot;&quot;,&quot;focal_length&quot;:&quot;0&quot;,&quot;iso&quot;:&quot;0&quot;,&quot;shutter_speed&quot;:&quot;0&quot;,&quot;title&quot;:&quot;&quot;,&quot;orientation&quot;:&quot;1&quot;}\" data-image-title=\"500CDFE4-A338-4DD1-A03D-6ABBC560BEF5\" data-image-description=\"\" data-image-caption=\"\" data-large-file=\"https:\/\/www.cisa-arica.cl\/wp1\/wp-content\/uploads\/2023\/10\/500CDFE4-A338-4DD1-A03D-6ABBC560BEF5-450x600.jpeg\" role=\"button\" tabindex=\"0\" aria-label=\"Abrir la imagen 28 de 95 en pantalla completa\"srcset=\"https:\/\/i2.wp.com\/www.cisa-arica.cl\/wp1\/wp-content\/uploads\/2023\/10\/500CDFE4-A338-4DD1-A03D-6ABBC560BEF5-450x600.jpeg?strip=info&#038;w=600&#038;ssl=1 600w,https:\/\/i2.wp.com\/www.cisa-arica.cl\/wp1\/wp-content\/uploads\/2023\/10\/500CDFE4-A338-4DD1-A03D-6ABBC560BEF5-450x600.jpeg?strip=info&#038;w=900&#038;ssl=1 900w,https:\/\/i2.wp.com\/www.cisa-arica.cl\/wp1\/wp-content\/uploads\/2023\/10\/500CDFE4-A338-4DD1-A03D-6ABBC560BEF5-450x600.jpeg?strip=info&#038;w=1200&#038;ssl=1 1200w,https:\/\/i2.wp.com\/www.cisa-arica.cl\/wp1\/wp-content\/uploads\/2023\/10\/500CDFE4-A338-4DD1-A03D-6ABBC560BEF5-450x600.jpeg?strip=info&#038;w=1500&#038;ssl=1 1500w,https:\/\/i2.wp.com\/www.cisa-arica.cl\/wp1\/wp-content\/uploads\/2023\/10\/500CDFE4-A338-4DD1-A03D-6ABBC560BEF5-450x600.jpeg?strip=info&#038;w=1800&#038;ssl=1 1800w,https:\/\/i2.wp.com\/www.cisa-arica.cl\/wp1\/wp-content\/uploads\/2023\/10\/500CDFE4-A338-4DD1-A03D-6ABBC560BEF5-450x600.jpeg?strip=info&#038;w=1920&#038;ssl=1 1920w\" alt=\"\" data-height=\"2560\" data-id=\"22741\" data-link=\"https:\/\/www.cisa-arica.cl\/wp1\/?attachment_id=22741\" data-url=\"https:\/\/www.cisa-arica.cl\/wp1\/wp-content\/uploads\/2023\/10\/500CDFE4-A338-4DD1-A03D-6ABBC560BEF5-450x600.jpeg\" data-width=\"1920\" src=\"https:\/\/i2.wp.com\/www.cisa-arica.cl\/wp1\/wp-content\/uploads\/2023\/10\/500CDFE4-A338-4DD1-A03D-6ABBC560BEF5-450x600.jpeg?ssl=1\" data-amp-layout=\"responsive\"\/><\/figure><\/div><div class=\"tiled-gallery__col\" style=\"flex-basis:46.67567%\"><figure class=\"tiled-gallery__item\"><img decoding=\"async\" data-attachment-id=\"22742\" data-permalink=\"https:\/\/www.cisa-arica.cl\/wp1\/2023\/10\/20\/feria-de-la-ciencia-y-matematica-2023\/3bb87a99-b229-48f1-adb9-7eda60414763\/\" data-orig-file=\"https:\/\/www.cisa-arica.cl\/wp1\/wp-content\/uploads\/2023\/10\/3BB87A99-B229-48F1-ADB9-7EDA60414763-scaled.jpeg\" data-orig-size=\"2560,1920\" data-comments-opened=\"0\" data-image-meta=\"{&quot;aperture&quot;:&quot;0&quot;,&quot;credit&quot;:&quot;&quot;,&quot;camera&quot;:&quot;&quot;,&quot;caption&quot;:&quot;&quot;,&quot;created_timestamp&quot;:&quot;0&quot;,&quot;copyright&quot;:&quot;&quot;,&quot;focal_length&quot;:&quot;0&quot;,&quot;iso&quot;:&quot;0&quot;,&quot;shutter_speed&quot;:&quot;0&quot;,&quot;title&quot;:&quot;&quot;,&quot;orientation&quot;:&quot;1&quot;}\" data-image-title=\"3BB87A99-B229-48F1-ADB9-7EDA60414763\" data-image-description=\"\" data-image-caption=\"\" data-large-file=\"https:\/\/www.cisa-arica.cl\/wp1\/wp-content\/uploads\/2023\/10\/3BB87A99-B229-48F1-ADB9-7EDA60414763-600x450.jpeg\" data-attachment-id=\"22742\" data-permalink=\"https:\/\/www.cisa-arica.cl\/wp1\/2023\/10\/20\/feria-de-la-ciencia-y-matematica-2023\/3bb87a99-b229-48f1-adb9-7eda60414763\/\" data-orig-file=\"https:\/\/www.cisa-arica.cl\/wp1\/wp-content\/uploads\/2023\/10\/3BB87A99-B229-48F1-ADB9-7EDA60414763-scaled.jpeg\" data-orig-size=\"2560,1920\" data-comments-opened=\"0\" data-image-meta=\"{&quot;aperture&quot;:&quot;0&quot;,&quot;credit&quot;:&quot;&quot;,&quot;camera&quot;:&quot;&quot;,&quot;caption&quot;:&quot;&quot;,&quot;created_timestamp&quot;:&quot;0&quot;,&quot;copyright&quot;:&quot;&quot;,&quot;focal_length&quot;:&quot;0&quot;,&quot;iso&quot;:&quot;0&quot;,&quot;shutter_speed&quot;:&quot;0&quot;,&quot;title&quot;:&quot;&quot;,&quot;orientation&quot;:&quot;1&quot;}\" data-image-title=\"3BB87A99-B229-48F1-ADB9-7EDA60414763\" data-image-description=\"\" data-image-caption=\"\" data-large-file=\"https:\/\/www.cisa-arica.cl\/wp1\/wp-content\/uploads\/2023\/10\/3BB87A99-B229-48F1-ADB9-7EDA60414763-600x450.jpeg\" role=\"button\" tabindex=\"0\" aria-label=\"Abrir la imagen 29 de 95 en pantalla completa\"srcset=\"https:\/\/i2.wp.com\/www.cisa-arica.cl\/wp1\/wp-content\/uploads\/2023\/10\/3BB87A99-B229-48F1-ADB9-7EDA60414763-600x450.jpeg?strip=info&#038;w=600&#038;ssl=1 600w,https:\/\/i2.wp.com\/www.cisa-arica.cl\/wp1\/wp-content\/uploads\/2023\/10\/3BB87A99-B229-48F1-ADB9-7EDA60414763-600x450.jpeg?strip=info&#038;w=900&#038;ssl=1 900w,https:\/\/i2.wp.com\/www.cisa-arica.cl\/wp1\/wp-content\/uploads\/2023\/10\/3BB87A99-B229-48F1-ADB9-7EDA60414763-600x450.jpeg?strip=info&#038;w=1200&#038;ssl=1 1200w,https:\/\/i2.wp.com\/www.cisa-arica.cl\/wp1\/wp-content\/uploads\/2023\/10\/3BB87A99-B229-48F1-ADB9-7EDA60414763-600x450.jpeg?strip=info&#038;w=1500&#038;ssl=1 1500w,https:\/\/i2.wp.com\/www.cisa-arica.cl\/wp1\/wp-content\/uploads\/2023\/10\/3BB87A99-B229-48F1-ADB9-7EDA60414763-600x450.jpeg?strip=info&#038;w=1800&#038;ssl=1 1800w,https:\/\/i2.wp.com\/www.cisa-arica.cl\/wp1\/wp-content\/uploads\/2023\/10\/3BB87A99-B229-48F1-ADB9-7EDA60414763-600x450.jpeg?strip=info&#038;w=2000&#038;ssl=1 2000w\" alt=\"\" data-height=\"1920\" data-id=\"22742\" data-link=\"https:\/\/www.cisa-arica.cl\/wp1\/?attachment_id=22742\" data-url=\"https:\/\/www.cisa-arica.cl\/wp1\/wp-content\/uploads\/2023\/10\/3BB87A99-B229-48F1-ADB9-7EDA60414763-600x450.jpeg\" data-width=\"2560\" src=\"https:\/\/i2.wp.com\/www.cisa-arica.cl\/wp1\/wp-content\/uploads\/2023\/10\/3BB87A99-B229-48F1-ADB9-7EDA60414763-600x450.jpeg?ssl=1\" data-amp-layout=\"responsive\"\/><\/figure><figure class=\"tiled-gallery__item\"><img decoding=\"async\" data-attachment-id=\"22743\" data-permalink=\"https:\/\/www.cisa-arica.cl\/wp1\/2023\/10\/20\/feria-de-la-ciencia-y-matematica-2023\/bee736c7-1d73-40e8-95ef-5b4571507bd3\/\" data-orig-file=\"https:\/\/www.cisa-arica.cl\/wp1\/wp-content\/uploads\/2023\/10\/BEE736C7-1D73-40E8-95EF-5B4571507BD3-scaled.jpeg\" data-orig-size=\"2560,1920\" data-comments-opened=\"0\" data-image-meta=\"{&quot;aperture&quot;:&quot;0&quot;,&quot;credit&quot;:&quot;&quot;,&quot;camera&quot;:&quot;&quot;,&quot;caption&quot;:&quot;&quot;,&quot;created_timestamp&quot;:&quot;0&quot;,&quot;copyright&quot;:&quot;&quot;,&quot;focal_length&quot;:&quot;0&quot;,&quot;iso&quot;:&quot;0&quot;,&quot;shutter_speed&quot;:&quot;0&quot;,&quot;title&quot;:&quot;&quot;,&quot;orientation&quot;:&quot;1&quot;}\" data-image-title=\"BEE736C7-1D73-40E8-95EF-5B4571507BD3\" data-image-description=\"\" data-image-caption=\"\" data-large-file=\"https:\/\/www.cisa-arica.cl\/wp1\/wp-content\/uploads\/2023\/10\/BEE736C7-1D73-40E8-95EF-5B4571507BD3-600x450.jpeg\" data-attachment-id=\"22743\" data-permalink=\"https:\/\/www.cisa-arica.cl\/wp1\/2023\/10\/20\/feria-de-la-ciencia-y-matematica-2023\/bee736c7-1d73-40e8-95ef-5b4571507bd3\/\" data-orig-file=\"https:\/\/www.cisa-arica.cl\/wp1\/wp-content\/uploads\/2023\/10\/BEE736C7-1D73-40E8-95EF-5B4571507BD3-scaled.jpeg\" data-orig-size=\"2560,1920\" data-comments-opened=\"0\" data-image-meta=\"{&quot;aperture&quot;:&quot;0&quot;,&quot;credit&quot;:&quot;&quot;,&quot;camera&quot;:&quot;&quot;,&quot;caption&quot;:&quot;&quot;,&quot;created_timestamp&quot;:&quot;0&quot;,&quot;copyright&quot;:&quot;&quot;,&quot;focal_length&quot;:&quot;0&quot;,&quot;iso&quot;:&quot;0&quot;,&quot;shutter_speed&quot;:&quot;0&quot;,&quot;title&quot;:&quot;&quot;,&quot;orientation&quot;:&quot;1&quot;}\" data-image-title=\"BEE736C7-1D73-40E8-95EF-5B4571507BD3\" data-image-description=\"\" data-image-caption=\"\" data-large-file=\"https:\/\/www.cisa-arica.cl\/wp1\/wp-content\/uploads\/2023\/10\/BEE736C7-1D73-40E8-95EF-5B4571507BD3-600x450.jpeg\" role=\"button\" tabindex=\"0\" aria-label=\"Abrir la imagen 30 de 95 en pantalla completa\"srcset=\"https:\/\/i0.wp.com\/www.cisa-arica.cl\/wp1\/wp-content\/uploads\/2023\/10\/BEE736C7-1D73-40E8-95EF-5B4571507BD3-600x450.jpeg?strip=info&#038;w=600&#038;ssl=1 600w,https:\/\/i0.wp.com\/www.cisa-arica.cl\/wp1\/wp-content\/uploads\/2023\/10\/BEE736C7-1D73-40E8-95EF-5B4571507BD3-600x450.jpeg?strip=info&#038;w=900&#038;ssl=1 900w,https:\/\/i0.wp.com\/www.cisa-arica.cl\/wp1\/wp-content\/uploads\/2023\/10\/BEE736C7-1D73-40E8-95EF-5B4571507BD3-600x450.jpeg?strip=info&#038;w=1200&#038;ssl=1 1200w,https:\/\/i0.wp.com\/www.cisa-arica.cl\/wp1\/wp-content\/uploads\/2023\/10\/BEE736C7-1D73-40E8-95EF-5B4571507BD3-600x450.jpeg?strip=info&#038;w=1500&#038;ssl=1 1500w,https:\/\/i0.wp.com\/www.cisa-arica.cl\/wp1\/wp-content\/uploads\/2023\/10\/BEE736C7-1D73-40E8-95EF-5B4571507BD3-600x450.jpeg?strip=info&#038;w=1800&#038;ssl=1 1800w,https:\/\/i0.wp.com\/www.cisa-arica.cl\/wp1\/wp-content\/uploads\/2023\/10\/BEE736C7-1D73-40E8-95EF-5B4571507BD3-600x450.jpeg?strip=info&#038;w=2000&#038;ssl=1 2000w\" alt=\"\" data-height=\"1920\" data-id=\"22743\" data-link=\"https:\/\/www.cisa-arica.cl\/wp1\/?attachment_id=22743\" data-url=\"https:\/\/www.cisa-arica.cl\/wp1\/wp-content\/uploads\/2023\/10\/BEE736C7-1D73-40E8-95EF-5B4571507BD3-600x450.jpeg\" data-width=\"2560\" src=\"https:\/\/i0.wp.com\/www.cisa-arica.cl\/wp1\/wp-content\/uploads\/2023\/10\/BEE736C7-1D73-40E8-95EF-5B4571507BD3-600x450.jpeg?ssl=1\" data-amp-layout=\"responsive\"\/><\/figure><\/div><\/div><div class=\"tiled-gallery__row\"><div class=\"tiled-gallery__col\" style=\"flex-basis:25.00000%\"><figure class=\"tiled-gallery__item\"><img decoding=\"async\" data-attachment-id=\"22744\" data-permalink=\"https:\/\/www.cisa-arica.cl\/wp1\/2023\/10\/20\/feria-de-la-ciencia-y-matematica-2023\/5efec53b-7161-4bdd-8dc0-4621d7bc35d5\/\" data-orig-file=\"https:\/\/www.cisa-arica.cl\/wp1\/wp-content\/uploads\/2023\/10\/5EFEC53B-7161-4BDD-8DC0-4621D7BC35D5-scaled.jpeg\" data-orig-size=\"1920,2560\" data-comments-opened=\"0\" data-image-meta=\"{&quot;aperture&quot;:&quot;0&quot;,&quot;credit&quot;:&quot;&quot;,&quot;camera&quot;:&quot;&quot;,&quot;caption&quot;:&quot;&quot;,&quot;created_timestamp&quot;:&quot;0&quot;,&quot;copyright&quot;:&quot;&quot;,&quot;focal_length&quot;:&quot;0&quot;,&quot;iso&quot;:&quot;0&quot;,&quot;shutter_speed&quot;:&quot;0&quot;,&quot;title&quot;:&quot;&quot;,&quot;orientation&quot;:&quot;1&quot;}\" data-image-title=\"5EFEC53B-7161-4BDD-8DC0-4621D7BC35D5\" data-image-description=\"\" data-image-caption=\"\" data-large-file=\"https:\/\/www.cisa-arica.cl\/wp1\/wp-content\/uploads\/2023\/10\/5EFEC53B-7161-4BDD-8DC0-4621D7BC35D5-450x600.jpeg\" data-attachment-id=\"22744\" data-permalink=\"https:\/\/www.cisa-arica.cl\/wp1\/2023\/10\/20\/feria-de-la-ciencia-y-matematica-2023\/5efec53b-7161-4bdd-8dc0-4621d7bc35d5\/\" data-orig-file=\"https:\/\/www.cisa-arica.cl\/wp1\/wp-content\/uploads\/2023\/10\/5EFEC53B-7161-4BDD-8DC0-4621D7BC35D5-scaled.jpeg\" data-orig-size=\"1920,2560\" data-comments-opened=\"0\" data-image-meta=\"{&quot;aperture&quot;:&quot;0&quot;,&quot;credit&quot;:&quot;&quot;,&quot;camera&quot;:&quot;&quot;,&quot;caption&quot;:&quot;&quot;,&quot;created_timestamp&quot;:&quot;0&quot;,&quot;copyright&quot;:&quot;&quot;,&quot;focal_length&quot;:&quot;0&quot;,&quot;iso&quot;:&quot;0&quot;,&quot;shutter_speed&quot;:&quot;0&quot;,&quot;title&quot;:&quot;&quot;,&quot;orientation&quot;:&quot;1&quot;}\" data-image-title=\"5EFEC53B-7161-4BDD-8DC0-4621D7BC35D5\" data-image-description=\"\" data-image-caption=\"\" data-large-file=\"https:\/\/www.cisa-arica.cl\/wp1\/wp-content\/uploads\/2023\/10\/5EFEC53B-7161-4BDD-8DC0-4621D7BC35D5-450x600.jpeg\" role=\"button\" tabindex=\"0\" aria-label=\"Abrir la imagen 31 de 95 en pantalla completa\"srcset=\"https:\/\/i0.wp.com\/www.cisa-arica.cl\/wp1\/wp-content\/uploads\/2023\/10\/5EFEC53B-7161-4BDD-8DC0-4621D7BC35D5-450x600.jpeg?strip=info&#038;w=600&#038;ssl=1 600w,https:\/\/i0.wp.com\/www.cisa-arica.cl\/wp1\/wp-content\/uploads\/2023\/10\/5EFEC53B-7161-4BDD-8DC0-4621D7BC35D5-450x600.jpeg?strip=info&#038;w=900&#038;ssl=1 900w,https:\/\/i0.wp.com\/www.cisa-arica.cl\/wp1\/wp-content\/uploads\/2023\/10\/5EFEC53B-7161-4BDD-8DC0-4621D7BC35D5-450x600.jpeg?strip=info&#038;w=1200&#038;ssl=1 1200w,https:\/\/i0.wp.com\/www.cisa-arica.cl\/wp1\/wp-content\/uploads\/2023\/10\/5EFEC53B-7161-4BDD-8DC0-4621D7BC35D5-450x600.jpeg?strip=info&#038;w=1500&#038;ssl=1 1500w,https:\/\/i0.wp.com\/www.cisa-arica.cl\/wp1\/wp-content\/uploads\/2023\/10\/5EFEC53B-7161-4BDD-8DC0-4621D7BC35D5-450x600.jpeg?strip=info&#038;w=1800&#038;ssl=1 1800w,https:\/\/i0.wp.com\/www.cisa-arica.cl\/wp1\/wp-content\/uploads\/2023\/10\/5EFEC53B-7161-4BDD-8DC0-4621D7BC35D5-450x600.jpeg?strip=info&#038;w=1920&#038;ssl=1 1920w\" alt=\"\" data-height=\"2560\" data-id=\"22744\" data-link=\"https:\/\/www.cisa-arica.cl\/wp1\/?attachment_id=22744\" data-url=\"https:\/\/www.cisa-arica.cl\/wp1\/wp-content\/uploads\/2023\/10\/5EFEC53B-7161-4BDD-8DC0-4621D7BC35D5-450x600.jpeg\" data-width=\"1920\" src=\"https:\/\/i0.wp.com\/www.cisa-arica.cl\/wp1\/wp-content\/uploads\/2023\/10\/5EFEC53B-7161-4BDD-8DC0-4621D7BC35D5-450x600.jpeg?ssl=1\" data-amp-layout=\"responsive\"\/><\/figure><\/div><div class=\"tiled-gallery__col\" style=\"flex-basis:25.00000%\"><figure class=\"tiled-gallery__item\"><img decoding=\"async\" data-attachment-id=\"22745\" data-permalink=\"https:\/\/www.cisa-arica.cl\/wp1\/2023\/10\/20\/feria-de-la-ciencia-y-matematica-2023\/99eeb7f9-b034-4fb1-a2bc-9432db4c4659\/\" data-orig-file=\"https:\/\/www.cisa-arica.cl\/wp1\/wp-content\/uploads\/2023\/10\/99EEB7F9-B034-4FB1-A2BC-9432DB4C4659-scaled.jpeg\" data-orig-size=\"1920,2560\" data-comments-opened=\"0\" data-image-meta=\"{&quot;aperture&quot;:&quot;0&quot;,&quot;credit&quot;:&quot;&quot;,&quot;camera&quot;:&quot;&quot;,&quot;caption&quot;:&quot;&quot;,&quot;created_timestamp&quot;:&quot;0&quot;,&quot;copyright&quot;:&quot;&quot;,&quot;focal_length&quot;:&quot;0&quot;,&quot;iso&quot;:&quot;0&quot;,&quot;shutter_speed&quot;:&quot;0&quot;,&quot;title&quot;:&quot;&quot;,&quot;orientation&quot;:&quot;1&quot;}\" data-image-title=\"99EEB7F9-B034-4FB1-A2BC-9432DB4C4659\" data-image-description=\"\" data-image-caption=\"\" data-large-file=\"https:\/\/www.cisa-arica.cl\/wp1\/wp-content\/uploads\/2023\/10\/99EEB7F9-B034-4FB1-A2BC-9432DB4C4659-450x600.jpeg\" data-attachment-id=\"22745\" data-permalink=\"https:\/\/www.cisa-arica.cl\/wp1\/2023\/10\/20\/feria-de-la-ciencia-y-matematica-2023\/99eeb7f9-b034-4fb1-a2bc-9432db4c4659\/\" data-orig-file=\"https:\/\/www.cisa-arica.cl\/wp1\/wp-content\/uploads\/2023\/10\/99EEB7F9-B034-4FB1-A2BC-9432DB4C4659-scaled.jpeg\" data-orig-size=\"1920,2560\" data-comments-opened=\"0\" data-image-meta=\"{&quot;aperture&quot;:&quot;0&quot;,&quot;credit&quot;:&quot;&quot;,&quot;camera&quot;:&quot;&quot;,&quot;caption&quot;:&quot;&quot;,&quot;created_timestamp&quot;:&quot;0&quot;,&quot;copyright&quot;:&quot;&quot;,&quot;focal_length&quot;:&quot;0&quot;,&quot;iso&quot;:&quot;0&quot;,&quot;shutter_speed&quot;:&quot;0&quot;,&quot;title&quot;:&quot;&quot;,&quot;orientation&quot;:&quot;1&quot;}\" data-image-title=\"99EEB7F9-B034-4FB1-A2BC-9432DB4C4659\" data-image-description=\"\" data-image-caption=\"\" data-large-file=\"https:\/\/www.cisa-arica.cl\/wp1\/wp-content\/uploads\/2023\/10\/99EEB7F9-B034-4FB1-A2BC-9432DB4C4659-450x600.jpeg\" role=\"button\" tabindex=\"0\" aria-label=\"Abrir la imagen 32 de 95 en pantalla completa\"srcset=\"https:\/\/i2.wp.com\/www.cisa-arica.cl\/wp1\/wp-content\/uploads\/2023\/10\/99EEB7F9-B034-4FB1-A2BC-9432DB4C4659-450x600.jpeg?strip=info&#038;w=600&#038;ssl=1 600w,https:\/\/i2.wp.com\/www.cisa-arica.cl\/wp1\/wp-content\/uploads\/2023\/10\/99EEB7F9-B034-4FB1-A2BC-9432DB4C4659-450x600.jpeg?strip=info&#038;w=900&#038;ssl=1 900w,https:\/\/i2.wp.com\/www.cisa-arica.cl\/wp1\/wp-content\/uploads\/2023\/10\/99EEB7F9-B034-4FB1-A2BC-9432DB4C4659-450x600.jpeg?strip=info&#038;w=1200&#038;ssl=1 1200w,https:\/\/i2.wp.com\/www.cisa-arica.cl\/wp1\/wp-content\/uploads\/2023\/10\/99EEB7F9-B034-4FB1-A2BC-9432DB4C4659-450x600.jpeg?strip=info&#038;w=1500&#038;ssl=1 1500w,https:\/\/i2.wp.com\/www.cisa-arica.cl\/wp1\/wp-content\/uploads\/2023\/10\/99EEB7F9-B034-4FB1-A2BC-9432DB4C4659-450x600.jpeg?strip=info&#038;w=1800&#038;ssl=1 1800w,https:\/\/i2.wp.com\/www.cisa-arica.cl\/wp1\/wp-content\/uploads\/2023\/10\/99EEB7F9-B034-4FB1-A2BC-9432DB4C4659-450x600.jpeg?strip=info&#038;w=1920&#038;ssl=1 1920w\" alt=\"\" data-height=\"2560\" data-id=\"22745\" data-link=\"https:\/\/www.cisa-arica.cl\/wp1\/?attachment_id=22745\" data-url=\"https:\/\/www.cisa-arica.cl\/wp1\/wp-content\/uploads\/2023\/10\/99EEB7F9-B034-4FB1-A2BC-9432DB4C4659-450x600.jpeg\" data-width=\"1920\" src=\"https:\/\/i2.wp.com\/www.cisa-arica.cl\/wp1\/wp-content\/uploads\/2023\/10\/99EEB7F9-B034-4FB1-A2BC-9432DB4C4659-450x600.jpeg?ssl=1\" data-amp-layout=\"responsive\"\/><\/figure><\/div><div class=\"tiled-gallery__col\" style=\"flex-basis:25.00000%\"><figure class=\"tiled-gallery__item\"><img decoding=\"async\" data-attachment-id=\"22746\" data-permalink=\"https:\/\/www.cisa-arica.cl\/wp1\/2023\/10\/20\/feria-de-la-ciencia-y-matematica-2023\/612937a5-17b2-4f9d-a750-77c8cb1a1469\/\" data-orig-file=\"https:\/\/www.cisa-arica.cl\/wp1\/wp-content\/uploads\/2023\/10\/612937A5-17B2-4F9D-A750-77C8CB1A1469-scaled.jpeg\" data-orig-size=\"1920,2560\" data-comments-opened=\"0\" data-image-meta=\"{&quot;aperture&quot;:&quot;0&quot;,&quot;credit&quot;:&quot;&quot;,&quot;camera&quot;:&quot;&quot;,&quot;caption&quot;:&quot;&quot;,&quot;created_timestamp&quot;:&quot;0&quot;,&quot;copyright&quot;:&quot;&quot;,&quot;focal_length&quot;:&quot;0&quot;,&quot;iso&quot;:&quot;0&quot;,&quot;shutter_speed&quot;:&quot;0&quot;,&quot;title&quot;:&quot;&quot;,&quot;orientation&quot;:&quot;1&quot;}\" data-image-title=\"612937A5-17B2-4F9D-A750-77C8CB1A1469\" data-image-description=\"\" data-image-caption=\"\" data-large-file=\"https:\/\/www.cisa-arica.cl\/wp1\/wp-content\/uploads\/2023\/10\/612937A5-17B2-4F9D-A750-77C8CB1A1469-450x600.jpeg\" data-attachment-id=\"22746\" data-permalink=\"https:\/\/www.cisa-arica.cl\/wp1\/2023\/10\/20\/feria-de-la-ciencia-y-matematica-2023\/612937a5-17b2-4f9d-a750-77c8cb1a1469\/\" data-orig-file=\"https:\/\/www.cisa-arica.cl\/wp1\/wp-content\/uploads\/2023\/10\/612937A5-17B2-4F9D-A750-77C8CB1A1469-scaled.jpeg\" data-orig-size=\"1920,2560\" data-comments-opened=\"0\" data-image-meta=\"{&quot;aperture&quot;:&quot;0&quot;,&quot;credit&quot;:&quot;&quot;,&quot;camera&quot;:&quot;&quot;,&quot;caption&quot;:&quot;&quot;,&quot;created_timestamp&quot;:&quot;0&quot;,&quot;copyright&quot;:&quot;&quot;,&quot;focal_length&quot;:&quot;0&quot;,&quot;iso&quot;:&quot;0&quot;,&quot;shutter_speed&quot;:&quot;0&quot;,&quot;title&quot;:&quot;&quot;,&quot;orientation&quot;:&quot;1&quot;}\" data-image-title=\"612937A5-17B2-4F9D-A750-77C8CB1A1469\" data-image-description=\"\" data-image-caption=\"\" data-large-file=\"https:\/\/www.cisa-arica.cl\/wp1\/wp-content\/uploads\/2023\/10\/612937A5-17B2-4F9D-A750-77C8CB1A1469-450x600.jpeg\" role=\"button\" tabindex=\"0\" aria-label=\"Abrir la imagen 33 de 95 en pantalla completa\"srcset=\"https:\/\/i2.wp.com\/www.cisa-arica.cl\/wp1\/wp-content\/uploads\/2023\/10\/612937A5-17B2-4F9D-A750-77C8CB1A1469-450x600.jpeg?strip=info&#038;w=600&#038;ssl=1 600w,https:\/\/i2.wp.com\/www.cisa-arica.cl\/wp1\/wp-content\/uploads\/2023\/10\/612937A5-17B2-4F9D-A750-77C8CB1A1469-450x600.jpeg?strip=info&#038;w=900&#038;ssl=1 900w,https:\/\/i2.wp.com\/www.cisa-arica.cl\/wp1\/wp-content\/uploads\/2023\/10\/612937A5-17B2-4F9D-A750-77C8CB1A1469-450x600.jpeg?strip=info&#038;w=1200&#038;ssl=1 1200w,https:\/\/i2.wp.com\/www.cisa-arica.cl\/wp1\/wp-content\/uploads\/2023\/10\/612937A5-17B2-4F9D-A750-77C8CB1A1469-450x600.jpeg?strip=info&#038;w=1500&#038;ssl=1 1500w,https:\/\/i2.wp.com\/www.cisa-arica.cl\/wp1\/wp-content\/uploads\/2023\/10\/612937A5-17B2-4F9D-A750-77C8CB1A1469-450x600.jpeg?strip=info&#038;w=1800&#038;ssl=1 1800w,https:\/\/i2.wp.com\/www.cisa-arica.cl\/wp1\/wp-content\/uploads\/2023\/10\/612937A5-17B2-4F9D-A750-77C8CB1A1469-450x600.jpeg?strip=info&#038;w=1920&#038;ssl=1 1920w\" alt=\"\" data-height=\"2560\" data-id=\"22746\" data-link=\"https:\/\/www.cisa-arica.cl\/wp1\/?attachment_id=22746\" data-url=\"https:\/\/www.cisa-arica.cl\/wp1\/wp-content\/uploads\/2023\/10\/612937A5-17B2-4F9D-A750-77C8CB1A1469-450x600.jpeg\" data-width=\"1920\" src=\"https:\/\/i2.wp.com\/www.cisa-arica.cl\/wp1\/wp-content\/uploads\/2023\/10\/612937A5-17B2-4F9D-A750-77C8CB1A1469-450x600.jpeg?ssl=1\" data-amp-layout=\"responsive\"\/><\/figure><\/div><div class=\"tiled-gallery__col\" style=\"flex-basis:25.00000%\"><figure class=\"tiled-gallery__item\"><img decoding=\"async\" data-attachment-id=\"22747\" data-permalink=\"https:\/\/www.cisa-arica.cl\/wp1\/2023\/10\/20\/feria-de-la-ciencia-y-matematica-2023\/716d469f-b1c8-4677-9ea9-69055ff5430e\/\" data-orig-file=\"https:\/\/www.cisa-arica.cl\/wp1\/wp-content\/uploads\/2023\/10\/716D469F-B1C8-4677-9EA9-69055FF5430E-scaled.jpeg\" data-orig-size=\"1920,2560\" data-comments-opened=\"0\" data-image-meta=\"{&quot;aperture&quot;:&quot;0&quot;,&quot;credit&quot;:&quot;&quot;,&quot;camera&quot;:&quot;&quot;,&quot;caption&quot;:&quot;&quot;,&quot;created_timestamp&quot;:&quot;0&quot;,&quot;copyright&quot;:&quot;&quot;,&quot;focal_length&quot;:&quot;0&quot;,&quot;iso&quot;:&quot;0&quot;,&quot;shutter_speed&quot;:&quot;0&quot;,&quot;title&quot;:&quot;&quot;,&quot;orientation&quot;:&quot;1&quot;}\" data-image-title=\"716D469F-B1C8-4677-9EA9-69055FF5430E\" data-image-description=\"\" data-image-caption=\"\" data-large-file=\"https:\/\/www.cisa-arica.cl\/wp1\/wp-content\/uploads\/2023\/10\/716D469F-B1C8-4677-9EA9-69055FF5430E-450x600.jpeg\" data-attachment-id=\"22747\" data-permalink=\"https:\/\/www.cisa-arica.cl\/wp1\/2023\/10\/20\/feria-de-la-ciencia-y-matematica-2023\/716d469f-b1c8-4677-9ea9-69055ff5430e\/\" data-orig-file=\"https:\/\/www.cisa-arica.cl\/wp1\/wp-content\/uploads\/2023\/10\/716D469F-B1C8-4677-9EA9-69055FF5430E-scaled.jpeg\" data-orig-size=\"1920,2560\" data-comments-opened=\"0\" data-image-meta=\"{&quot;aperture&quot;:&quot;0&quot;,&quot;credit&quot;:&quot;&quot;,&quot;camera&quot;:&quot;&quot;,&quot;caption&quot;:&quot;&quot;,&quot;created_timestamp&quot;:&quot;0&quot;,&quot;copyright&quot;:&quot;&quot;,&quot;focal_length&quot;:&quot;0&quot;,&quot;iso&quot;:&quot;0&quot;,&quot;shutter_speed&quot;:&quot;0&quot;,&quot;title&quot;:&quot;&quot;,&quot;orientation&quot;:&quot;1&quot;}\" data-image-title=\"716D469F-B1C8-4677-9EA9-69055FF5430E\" data-image-description=\"\" data-image-caption=\"\" data-large-file=\"https:\/\/www.cisa-arica.cl\/wp1\/wp-content\/uploads\/2023\/10\/716D469F-B1C8-4677-9EA9-69055FF5430E-450x600.jpeg\" role=\"button\" tabindex=\"0\" aria-label=\"Abrir la imagen 34 de 95 en pantalla completa\"srcset=\"https:\/\/i2.wp.com\/www.cisa-arica.cl\/wp1\/wp-content\/uploads\/2023\/10\/716D469F-B1C8-4677-9EA9-69055FF5430E-450x600.jpeg?strip=info&#038;w=600&#038;ssl=1 600w,https:\/\/i2.wp.com\/www.cisa-arica.cl\/wp1\/wp-content\/uploads\/2023\/10\/716D469F-B1C8-4677-9EA9-69055FF5430E-450x600.jpeg?strip=info&#038;w=900&#038;ssl=1 900w,https:\/\/i2.wp.com\/www.cisa-arica.cl\/wp1\/wp-content\/uploads\/2023\/10\/716D469F-B1C8-4677-9EA9-69055FF5430E-450x600.jpeg?strip=info&#038;w=1200&#038;ssl=1 1200w,https:\/\/i2.wp.com\/www.cisa-arica.cl\/wp1\/wp-content\/uploads\/2023\/10\/716D469F-B1C8-4677-9EA9-69055FF5430E-450x600.jpeg?strip=info&#038;w=1500&#038;ssl=1 1500w,https:\/\/i2.wp.com\/www.cisa-arica.cl\/wp1\/wp-content\/uploads\/2023\/10\/716D469F-B1C8-4677-9EA9-69055FF5430E-450x600.jpeg?strip=info&#038;w=1800&#038;ssl=1 1800w,https:\/\/i2.wp.com\/www.cisa-arica.cl\/wp1\/wp-content\/uploads\/2023\/10\/716D469F-B1C8-4677-9EA9-69055FF5430E-450x600.jpeg?strip=info&#038;w=1920&#038;ssl=1 1920w\" alt=\"\" data-height=\"2560\" data-id=\"22747\" data-link=\"https:\/\/www.cisa-arica.cl\/wp1\/?attachment_id=22747\" data-url=\"https:\/\/www.cisa-arica.cl\/wp1\/wp-content\/uploads\/2023\/10\/716D469F-B1C8-4677-9EA9-69055FF5430E-450x600.jpeg\" data-width=\"1920\" src=\"https:\/\/i2.wp.com\/www.cisa-arica.cl\/wp1\/wp-content\/uploads\/2023\/10\/716D469F-B1C8-4677-9EA9-69055FF5430E-450x600.jpeg?ssl=1\" data-amp-layout=\"responsive\"\/><\/figure><\/div><\/div><div class=\"tiled-gallery__row\"><div class=\"tiled-gallery__col\" style=\"flex-basis:38.96511%\"><figure class=\"tiled-gallery__item\"><img decoding=\"async\" data-attachment-id=\"22748\" data-permalink=\"https:\/\/www.cisa-arica.cl\/wp1\/2023\/10\/20\/feria-de-la-ciencia-y-matematica-2023\/c5dec3be-e79b-4bf5-a87b-daa57c6a1722\/\" data-orig-file=\"https:\/\/www.cisa-arica.cl\/wp1\/wp-content\/uploads\/2023\/10\/C5DEC3BE-E79B-4BF5-A87B-DAA57C6A1722-scaled.jpeg\" data-orig-size=\"2560,1920\" data-comments-opened=\"0\" data-image-meta=\"{&quot;aperture&quot;:&quot;0&quot;,&quot;credit&quot;:&quot;&quot;,&quot;camera&quot;:&quot;&quot;,&quot;caption&quot;:&quot;&quot;,&quot;created_timestamp&quot;:&quot;0&quot;,&quot;copyright&quot;:&quot;&quot;,&quot;focal_length&quot;:&quot;0&quot;,&quot;iso&quot;:&quot;0&quot;,&quot;shutter_speed&quot;:&quot;0&quot;,&quot;title&quot;:&quot;&quot;,&quot;orientation&quot;:&quot;1&quot;}\" data-image-title=\"C5DEC3BE-E79B-4BF5-A87B-DAA57C6A1722\" data-image-description=\"\" data-image-caption=\"\" data-large-file=\"https:\/\/www.cisa-arica.cl\/wp1\/wp-content\/uploads\/2023\/10\/C5DEC3BE-E79B-4BF5-A87B-DAA57C6A1722-600x450.jpeg\" data-attachment-id=\"22748\" data-permalink=\"https:\/\/www.cisa-arica.cl\/wp1\/2023\/10\/20\/feria-de-la-ciencia-y-matematica-2023\/c5dec3be-e79b-4bf5-a87b-daa57c6a1722\/\" data-orig-file=\"https:\/\/www.cisa-arica.cl\/wp1\/wp-content\/uploads\/2023\/10\/C5DEC3BE-E79B-4BF5-A87B-DAA57C6A1722-scaled.jpeg\" data-orig-size=\"2560,1920\" data-comments-opened=\"0\" data-image-meta=\"{&quot;aperture&quot;:&quot;0&quot;,&quot;credit&quot;:&quot;&quot;,&quot;camera&quot;:&quot;&quot;,&quot;caption&quot;:&quot;&quot;,&quot;created_timestamp&quot;:&quot;0&quot;,&quot;copyright&quot;:&quot;&quot;,&quot;focal_length&quot;:&quot;0&quot;,&quot;iso&quot;:&quot;0&quot;,&quot;shutter_speed&quot;:&quot;0&quot;,&quot;title&quot;:&quot;&quot;,&quot;orientation&quot;:&quot;1&quot;}\" data-image-title=\"C5DEC3BE-E79B-4BF5-A87B-DAA57C6A1722\" data-image-description=\"\" data-image-caption=\"\" data-large-file=\"https:\/\/www.cisa-arica.cl\/wp1\/wp-content\/uploads\/2023\/10\/C5DEC3BE-E79B-4BF5-A87B-DAA57C6A1722-600x450.jpeg\" role=\"button\" tabindex=\"0\" aria-label=\"Abrir la imagen 35 de 95 en pantalla completa\"srcset=\"https:\/\/i2.wp.com\/www.cisa-arica.cl\/wp1\/wp-content\/uploads\/2023\/10\/C5DEC3BE-E79B-4BF5-A87B-DAA57C6A1722-600x450.jpeg?strip=info&#038;w=600&#038;ssl=1 600w,https:\/\/i2.wp.com\/www.cisa-arica.cl\/wp1\/wp-content\/uploads\/2023\/10\/C5DEC3BE-E79B-4BF5-A87B-DAA57C6A1722-600x450.jpeg?strip=info&#038;w=900&#038;ssl=1 900w,https:\/\/i2.wp.com\/www.cisa-arica.cl\/wp1\/wp-content\/uploads\/2023\/10\/C5DEC3BE-E79B-4BF5-A87B-DAA57C6A1722-600x450.jpeg?strip=info&#038;w=1200&#038;ssl=1 1200w,https:\/\/i2.wp.com\/www.cisa-arica.cl\/wp1\/wp-content\/uploads\/2023\/10\/C5DEC3BE-E79B-4BF5-A87B-DAA57C6A1722-600x450.jpeg?strip=info&#038;w=1500&#038;ssl=1 1500w,https:\/\/i2.wp.com\/www.cisa-arica.cl\/wp1\/wp-content\/uploads\/2023\/10\/C5DEC3BE-E79B-4BF5-A87B-DAA57C6A1722-600x450.jpeg?strip=info&#038;w=1800&#038;ssl=1 1800w,https:\/\/i2.wp.com\/www.cisa-arica.cl\/wp1\/wp-content\/uploads\/2023\/10\/C5DEC3BE-E79B-4BF5-A87B-DAA57C6A1722-600x450.jpeg?strip=info&#038;w=2000&#038;ssl=1 2000w\" alt=\"\" data-height=\"1920\" data-id=\"22748\" data-link=\"https:\/\/www.cisa-arica.cl\/wp1\/?attachment_id=22748\" data-url=\"https:\/\/www.cisa-arica.cl\/wp1\/wp-content\/uploads\/2023\/10\/C5DEC3BE-E79B-4BF5-A87B-DAA57C6A1722-600x450.jpeg\" data-width=\"2560\" src=\"https:\/\/i2.wp.com\/www.cisa-arica.cl\/wp1\/wp-content\/uploads\/2023\/10\/C5DEC3BE-E79B-4BF5-A87B-DAA57C6A1722-600x450.jpeg?ssl=1\" data-amp-layout=\"responsive\"\/><\/figure><\/div><div class=\"tiled-gallery__col\" style=\"flex-basis:22.06978%\"><figure class=\"tiled-gallery__item\"><img decoding=\"async\" data-attachment-id=\"22749\" data-permalink=\"https:\/\/www.cisa-arica.cl\/wp1\/2023\/10\/20\/feria-de-la-ciencia-y-matematica-2023\/d76c1d18-22de-4472-895e-77738d6bb4e5\/\" data-orig-file=\"https:\/\/www.cisa-arica.cl\/wp1\/wp-content\/uploads\/2023\/10\/D76C1D18-22DE-4472-895E-77738D6BB4E5-scaled.jpeg\" data-orig-size=\"1920,2560\" data-comments-opened=\"0\" data-image-meta=\"{&quot;aperture&quot;:&quot;0&quot;,&quot;credit&quot;:&quot;&quot;,&quot;camera&quot;:&quot;&quot;,&quot;caption&quot;:&quot;&quot;,&quot;created_timestamp&quot;:&quot;0&quot;,&quot;copyright&quot;:&quot;&quot;,&quot;focal_length&quot;:&quot;0&quot;,&quot;iso&quot;:&quot;0&quot;,&quot;shutter_speed&quot;:&quot;0&quot;,&quot;title&quot;:&quot;&quot;,&quot;orientation&quot;:&quot;1&quot;}\" data-image-title=\"D76C1D18-22DE-4472-895E-77738D6BB4E5\" data-image-description=\"\" data-image-caption=\"\" data-large-file=\"https:\/\/www.cisa-arica.cl\/wp1\/wp-content\/uploads\/2023\/10\/D76C1D18-22DE-4472-895E-77738D6BB4E5-450x600.jpeg\" data-attachment-id=\"22749\" data-permalink=\"https:\/\/www.cisa-arica.cl\/wp1\/2023\/10\/20\/feria-de-la-ciencia-y-matematica-2023\/d76c1d18-22de-4472-895e-77738d6bb4e5\/\" data-orig-file=\"https:\/\/www.cisa-arica.cl\/wp1\/wp-content\/uploads\/2023\/10\/D76C1D18-22DE-4472-895E-77738D6BB4E5-scaled.jpeg\" data-orig-size=\"1920,2560\" data-comments-opened=\"0\" data-image-meta=\"{&quot;aperture&quot;:&quot;0&quot;,&quot;credit&quot;:&quot;&quot;,&quot;camera&quot;:&quot;&quot;,&quot;caption&quot;:&quot;&quot;,&quot;created_timestamp&quot;:&quot;0&quot;,&quot;copyright&quot;:&quot;&quot;,&quot;focal_length&quot;:&quot;0&quot;,&quot;iso&quot;:&quot;0&quot;,&quot;shutter_speed&quot;:&quot;0&quot;,&quot;title&quot;:&quot;&quot;,&quot;orientation&quot;:&quot;1&quot;}\" data-image-title=\"D76C1D18-22DE-4472-895E-77738D6BB4E5\" data-image-description=\"\" data-image-caption=\"\" data-large-file=\"https:\/\/www.cisa-arica.cl\/wp1\/wp-content\/uploads\/2023\/10\/D76C1D18-22DE-4472-895E-77738D6BB4E5-450x600.jpeg\" role=\"button\" tabindex=\"0\" aria-label=\"Abrir la imagen 36 de 95 en pantalla completa\"srcset=\"https:\/\/i2.wp.com\/www.cisa-arica.cl\/wp1\/wp-content\/uploads\/2023\/10\/D76C1D18-22DE-4472-895E-77738D6BB4E5-450x600.jpeg?strip=info&#038;w=600&#038;ssl=1 600w,https:\/\/i2.wp.com\/www.cisa-arica.cl\/wp1\/wp-content\/uploads\/2023\/10\/D76C1D18-22DE-4472-895E-77738D6BB4E5-450x600.jpeg?strip=info&#038;w=900&#038;ssl=1 900w,https:\/\/i2.wp.com\/www.cisa-arica.cl\/wp1\/wp-content\/uploads\/2023\/10\/D76C1D18-22DE-4472-895E-77738D6BB4E5-450x600.jpeg?strip=info&#038;w=1200&#038;ssl=1 1200w,https:\/\/i2.wp.com\/www.cisa-arica.cl\/wp1\/wp-content\/uploads\/2023\/10\/D76C1D18-22DE-4472-895E-77738D6BB4E5-450x600.jpeg?strip=info&#038;w=1500&#038;ssl=1 1500w,https:\/\/i2.wp.com\/www.cisa-arica.cl\/wp1\/wp-content\/uploads\/2023\/10\/D76C1D18-22DE-4472-895E-77738D6BB4E5-450x600.jpeg?strip=info&#038;w=1800&#038;ssl=1 1800w,https:\/\/i2.wp.com\/www.cisa-arica.cl\/wp1\/wp-content\/uploads\/2023\/10\/D76C1D18-22DE-4472-895E-77738D6BB4E5-450x600.jpeg?strip=info&#038;w=1920&#038;ssl=1 1920w\" alt=\"\" data-height=\"2560\" data-id=\"22749\" data-link=\"https:\/\/www.cisa-arica.cl\/wp1\/?attachment_id=22749\" data-url=\"https:\/\/www.cisa-arica.cl\/wp1\/wp-content\/uploads\/2023\/10\/D76C1D18-22DE-4472-895E-77738D6BB4E5-450x600.jpeg\" data-width=\"1920\" src=\"https:\/\/i2.wp.com\/www.cisa-arica.cl\/wp1\/wp-content\/uploads\/2023\/10\/D76C1D18-22DE-4472-895E-77738D6BB4E5-450x600.jpeg?ssl=1\" data-amp-layout=\"responsive\"\/><\/figure><\/div><div class=\"tiled-gallery__col\" style=\"flex-basis:38.96511%\"><figure class=\"tiled-gallery__item\"><img decoding=\"async\" data-attachment-id=\"22750\" data-permalink=\"https:\/\/www.cisa-arica.cl\/wp1\/2023\/10\/20\/feria-de-la-ciencia-y-matematica-2023\/e5da4fd8-cd3f-4ef0-8bc1-f04f22051a7b\/\" data-orig-file=\"https:\/\/www.cisa-arica.cl\/wp1\/wp-content\/uploads\/2023\/10\/E5DA4FD8-CD3F-4EF0-8BC1-F04F22051A7B-scaled.jpeg\" data-orig-size=\"2560,1920\" data-comments-opened=\"0\" data-image-meta=\"{&quot;aperture&quot;:&quot;0&quot;,&quot;credit&quot;:&quot;&quot;,&quot;camera&quot;:&quot;&quot;,&quot;caption&quot;:&quot;&quot;,&quot;created_timestamp&quot;:&quot;0&quot;,&quot;copyright&quot;:&quot;&quot;,&quot;focal_length&quot;:&quot;0&quot;,&quot;iso&quot;:&quot;0&quot;,&quot;shutter_speed&quot;:&quot;0&quot;,&quot;title&quot;:&quot;&quot;,&quot;orientation&quot;:&quot;1&quot;}\" data-image-title=\"E5DA4FD8-CD3F-4EF0-8BC1-F04F22051A7B\" data-image-description=\"\" data-image-caption=\"\" data-large-file=\"https:\/\/www.cisa-arica.cl\/wp1\/wp-content\/uploads\/2023\/10\/E5DA4FD8-CD3F-4EF0-8BC1-F04F22051A7B-600x450.jpeg\" data-attachment-id=\"22750\" data-permalink=\"https:\/\/www.cisa-arica.cl\/wp1\/2023\/10\/20\/feria-de-la-ciencia-y-matematica-2023\/e5da4fd8-cd3f-4ef0-8bc1-f04f22051a7b\/\" data-orig-file=\"https:\/\/www.cisa-arica.cl\/wp1\/wp-content\/uploads\/2023\/10\/E5DA4FD8-CD3F-4EF0-8BC1-F04F22051A7B-scaled.jpeg\" data-orig-size=\"2560,1920\" data-comments-opened=\"0\" data-image-meta=\"{&quot;aperture&quot;:&quot;0&quot;,&quot;credit&quot;:&quot;&quot;,&quot;camera&quot;:&quot;&quot;,&quot;caption&quot;:&quot;&quot;,&quot;created_timestamp&quot;:&quot;0&quot;,&quot;copyright&quot;:&quot;&quot;,&quot;focal_length&quot;:&quot;0&quot;,&quot;iso&quot;:&quot;0&quot;,&quot;shutter_speed&quot;:&quot;0&quot;,&quot;title&quot;:&quot;&quot;,&quot;orientation&quot;:&quot;1&quot;}\" data-image-title=\"E5DA4FD8-CD3F-4EF0-8BC1-F04F22051A7B\" data-image-description=\"\" data-image-caption=\"\" data-large-file=\"https:\/\/www.cisa-arica.cl\/wp1\/wp-content\/uploads\/2023\/10\/E5DA4FD8-CD3F-4EF0-8BC1-F04F22051A7B-600x450.jpeg\" role=\"button\" tabindex=\"0\" aria-label=\"Abrir la imagen 37 de 95 en pantalla completa\"srcset=\"https:\/\/i0.wp.com\/www.cisa-arica.cl\/wp1\/wp-content\/uploads\/2023\/10\/E5DA4FD8-CD3F-4EF0-8BC1-F04F22051A7B-600x450.jpeg?strip=info&#038;w=600&#038;ssl=1 600w,https:\/\/i0.wp.com\/www.cisa-arica.cl\/wp1\/wp-content\/uploads\/2023\/10\/E5DA4FD8-CD3F-4EF0-8BC1-F04F22051A7B-600x450.jpeg?strip=info&#038;w=900&#038;ssl=1 900w,https:\/\/i0.wp.com\/www.cisa-arica.cl\/wp1\/wp-content\/uploads\/2023\/10\/E5DA4FD8-CD3F-4EF0-8BC1-F04F22051A7B-600x450.jpeg?strip=info&#038;w=1200&#038;ssl=1 1200w,https:\/\/i0.wp.com\/www.cisa-arica.cl\/wp1\/wp-content\/uploads\/2023\/10\/E5DA4FD8-CD3F-4EF0-8BC1-F04F22051A7B-600x450.jpeg?strip=info&#038;w=1500&#038;ssl=1 1500w,https:\/\/i0.wp.com\/www.cisa-arica.cl\/wp1\/wp-content\/uploads\/2023\/10\/E5DA4FD8-CD3F-4EF0-8BC1-F04F22051A7B-600x450.jpeg?strip=info&#038;w=1800&#038;ssl=1 1800w,https:\/\/i0.wp.com\/www.cisa-arica.cl\/wp1\/wp-content\/uploads\/2023\/10\/E5DA4FD8-CD3F-4EF0-8BC1-F04F22051A7B-600x450.jpeg?strip=info&#038;w=2000&#038;ssl=1 2000w\" alt=\"\" data-height=\"1920\" data-id=\"22750\" data-link=\"https:\/\/www.cisa-arica.cl\/wp1\/?attachment_id=22750\" data-url=\"https:\/\/www.cisa-arica.cl\/wp1\/wp-content\/uploads\/2023\/10\/E5DA4FD8-CD3F-4EF0-8BC1-F04F22051A7B-600x450.jpeg\" data-width=\"2560\" src=\"https:\/\/i0.wp.com\/www.cisa-arica.cl\/wp1\/wp-content\/uploads\/2023\/10\/E5DA4FD8-CD3F-4EF0-8BC1-F04F22051A7B-600x450.jpeg?ssl=1\" data-amp-layout=\"responsive\"\/><\/figure><\/div><\/div><div class=\"tiled-gallery__row\"><div class=\"tiled-gallery__col\" style=\"flex-basis:33.06560%\"><figure class=\"tiled-gallery__item\"><img decoding=\"async\" data-attachment-id=\"22751\" data-permalink=\"https:\/\/www.cisa-arica.cl\/wp1\/2023\/10\/20\/feria-de-la-ciencia-y-matematica-2023\/6de7b5c9-c4ae-4f0a-9fd5-c861ee357523\/\" data-orig-file=\"https:\/\/www.cisa-arica.cl\/wp1\/wp-content\/uploads\/2023\/10\/6DE7B5C9-C4AE-4F0A-9FD5-C861EE357523-scaled.jpeg\" data-orig-size=\"2560,1920\" data-comments-opened=\"0\" data-image-meta=\"{&quot;aperture&quot;:&quot;0&quot;,&quot;credit&quot;:&quot;&quot;,&quot;camera&quot;:&quot;&quot;,&quot;caption&quot;:&quot;&quot;,&quot;created_timestamp&quot;:&quot;0&quot;,&quot;copyright&quot;:&quot;&quot;,&quot;focal_length&quot;:&quot;0&quot;,&quot;iso&quot;:&quot;0&quot;,&quot;shutter_speed&quot;:&quot;0&quot;,&quot;title&quot;:&quot;&quot;,&quot;orientation&quot;:&quot;1&quot;}\" data-image-title=\"6DE7B5C9-C4AE-4F0A-9FD5-C861EE357523\" data-image-description=\"\" data-image-caption=\"\" data-large-file=\"https:\/\/www.cisa-arica.cl\/wp1\/wp-content\/uploads\/2023\/10\/6DE7B5C9-C4AE-4F0A-9FD5-C861EE357523-600x450.jpeg\" data-attachment-id=\"22751\" data-permalink=\"https:\/\/www.cisa-arica.cl\/wp1\/2023\/10\/20\/feria-de-la-ciencia-y-matematica-2023\/6de7b5c9-c4ae-4f0a-9fd5-c861ee357523\/\" data-orig-file=\"https:\/\/www.cisa-arica.cl\/wp1\/wp-content\/uploads\/2023\/10\/6DE7B5C9-C4AE-4F0A-9FD5-C861EE357523-scaled.jpeg\" data-orig-size=\"2560,1920\" data-comments-opened=\"0\" data-image-meta=\"{&quot;aperture&quot;:&quot;0&quot;,&quot;credit&quot;:&quot;&quot;,&quot;camera&quot;:&quot;&quot;,&quot;caption&quot;:&quot;&quot;,&quot;created_timestamp&quot;:&quot;0&quot;,&quot;copyright&quot;:&quot;&quot;,&quot;focal_length&quot;:&quot;0&quot;,&quot;iso&quot;:&quot;0&quot;,&quot;shutter_speed&quot;:&quot;0&quot;,&quot;title&quot;:&quot;&quot;,&quot;orientation&quot;:&quot;1&quot;}\" data-image-title=\"6DE7B5C9-C4AE-4F0A-9FD5-C861EE357523\" data-image-description=\"\" data-image-caption=\"\" data-large-file=\"https:\/\/www.cisa-arica.cl\/wp1\/wp-content\/uploads\/2023\/10\/6DE7B5C9-C4AE-4F0A-9FD5-C861EE357523-600x450.jpeg\" role=\"button\" tabindex=\"0\" aria-label=\"Abrir la imagen 38 de 95 en pantalla completa\"srcset=\"https:\/\/i2.wp.com\/www.cisa-arica.cl\/wp1\/wp-content\/uploads\/2023\/10\/6DE7B5C9-C4AE-4F0A-9FD5-C861EE357523-600x450.jpeg?strip=info&#038;w=600&#038;ssl=1 600w,https:\/\/i2.wp.com\/www.cisa-arica.cl\/wp1\/wp-content\/uploads\/2023\/10\/6DE7B5C9-C4AE-4F0A-9FD5-C861EE357523-600x450.jpeg?strip=info&#038;w=900&#038;ssl=1 900w,https:\/\/i2.wp.com\/www.cisa-arica.cl\/wp1\/wp-content\/uploads\/2023\/10\/6DE7B5C9-C4AE-4F0A-9FD5-C861EE357523-600x450.jpeg?strip=info&#038;w=1200&#038;ssl=1 1200w,https:\/\/i2.wp.com\/www.cisa-arica.cl\/wp1\/wp-content\/uploads\/2023\/10\/6DE7B5C9-C4AE-4F0A-9FD5-C861EE357523-600x450.jpeg?strip=info&#038;w=1500&#038;ssl=1 1500w,https:\/\/i2.wp.com\/www.cisa-arica.cl\/wp1\/wp-content\/uploads\/2023\/10\/6DE7B5C9-C4AE-4F0A-9FD5-C861EE357523-600x450.jpeg?strip=info&#038;w=1800&#038;ssl=1 1800w,https:\/\/i2.wp.com\/www.cisa-arica.cl\/wp1\/wp-content\/uploads\/2023\/10\/6DE7B5C9-C4AE-4F0A-9FD5-C861EE357523-600x450.jpeg?strip=info&#038;w=2000&#038;ssl=1 2000w\" alt=\"\" data-height=\"1920\" data-id=\"22751\" data-link=\"https:\/\/www.cisa-arica.cl\/wp1\/?attachment_id=22751\" data-url=\"https:\/\/www.cisa-arica.cl\/wp1\/wp-content\/uploads\/2023\/10\/6DE7B5C9-C4AE-4F0A-9FD5-C861EE357523-600x450.jpeg\" data-width=\"2560\" src=\"https:\/\/i2.wp.com\/www.cisa-arica.cl\/wp1\/wp-content\/uploads\/2023\/10\/6DE7B5C9-C4AE-4F0A-9FD5-C861EE357523-600x450.jpeg?ssl=1\" data-amp-layout=\"responsive\"\/><\/figure><figure class=\"tiled-gallery__item\"><img decoding=\"async\" data-attachment-id=\"22752\" data-permalink=\"https:\/\/www.cisa-arica.cl\/wp1\/2023\/10\/20\/feria-de-la-ciencia-y-matematica-2023\/38911ca6-f13f-44b7-bbd3-82ecadcca759\/\" data-orig-file=\"https:\/\/www.cisa-arica.cl\/wp1\/wp-content\/uploads\/2023\/10\/38911CA6-F13F-44B7-BBD3-82ECADCCA759-scaled.jpeg\" data-orig-size=\"2560,1920\" data-comments-opened=\"0\" data-image-meta=\"{&quot;aperture&quot;:&quot;0&quot;,&quot;credit&quot;:&quot;&quot;,&quot;camera&quot;:&quot;&quot;,&quot;caption&quot;:&quot;&quot;,&quot;created_timestamp&quot;:&quot;0&quot;,&quot;copyright&quot;:&quot;&quot;,&quot;focal_length&quot;:&quot;0&quot;,&quot;iso&quot;:&quot;0&quot;,&quot;shutter_speed&quot;:&quot;0&quot;,&quot;title&quot;:&quot;&quot;,&quot;orientation&quot;:&quot;1&quot;}\" data-image-title=\"38911CA6-F13F-44B7-BBD3-82ECADCCA759\" data-image-description=\"\" data-image-caption=\"\" data-large-file=\"https:\/\/www.cisa-arica.cl\/wp1\/wp-content\/uploads\/2023\/10\/38911CA6-F13F-44B7-BBD3-82ECADCCA759-600x450.jpeg\" data-attachment-id=\"22752\" data-permalink=\"https:\/\/www.cisa-arica.cl\/wp1\/2023\/10\/20\/feria-de-la-ciencia-y-matematica-2023\/38911ca6-f13f-44b7-bbd3-82ecadcca759\/\" data-orig-file=\"https:\/\/www.cisa-arica.cl\/wp1\/wp-content\/uploads\/2023\/10\/38911CA6-F13F-44B7-BBD3-82ECADCCA759-scaled.jpeg\" data-orig-size=\"2560,1920\" data-comments-opened=\"0\" data-image-meta=\"{&quot;aperture&quot;:&quot;0&quot;,&quot;credit&quot;:&quot;&quot;,&quot;camera&quot;:&quot;&quot;,&quot;caption&quot;:&quot;&quot;,&quot;created_timestamp&quot;:&quot;0&quot;,&quot;copyright&quot;:&quot;&quot;,&quot;focal_length&quot;:&quot;0&quot;,&quot;iso&quot;:&quot;0&quot;,&quot;shutter_speed&quot;:&quot;0&quot;,&quot;title&quot;:&quot;&quot;,&quot;orientation&quot;:&quot;1&quot;}\" data-image-title=\"38911CA6-F13F-44B7-BBD3-82ECADCCA759\" data-image-description=\"\" data-image-caption=\"\" data-large-file=\"https:\/\/www.cisa-arica.cl\/wp1\/wp-content\/uploads\/2023\/10\/38911CA6-F13F-44B7-BBD3-82ECADCCA759-600x450.jpeg\" role=\"button\" tabindex=\"0\" aria-label=\"Abrir la imagen 39 de 95 en pantalla completa\"srcset=\"https:\/\/i0.wp.com\/www.cisa-arica.cl\/wp1\/wp-content\/uploads\/2023\/10\/38911CA6-F13F-44B7-BBD3-82ECADCCA759-600x450.jpeg?strip=info&#038;w=600&#038;ssl=1 600w,https:\/\/i0.wp.com\/www.cisa-arica.cl\/wp1\/wp-content\/uploads\/2023\/10\/38911CA6-F13F-44B7-BBD3-82ECADCCA759-600x450.jpeg?strip=info&#038;w=900&#038;ssl=1 900w,https:\/\/i0.wp.com\/www.cisa-arica.cl\/wp1\/wp-content\/uploads\/2023\/10\/38911CA6-F13F-44B7-BBD3-82ECADCCA759-600x450.jpeg?strip=info&#038;w=1200&#038;ssl=1 1200w,https:\/\/i0.wp.com\/www.cisa-arica.cl\/wp1\/wp-content\/uploads\/2023\/10\/38911CA6-F13F-44B7-BBD3-82ECADCCA759-600x450.jpeg?strip=info&#038;w=1500&#038;ssl=1 1500w,https:\/\/i0.wp.com\/www.cisa-arica.cl\/wp1\/wp-content\/uploads\/2023\/10\/38911CA6-F13F-44B7-BBD3-82ECADCCA759-600x450.jpeg?strip=info&#038;w=1800&#038;ssl=1 1800w,https:\/\/i0.wp.com\/www.cisa-arica.cl\/wp1\/wp-content\/uploads\/2023\/10\/38911CA6-F13F-44B7-BBD3-82ECADCCA759-600x450.jpeg?strip=info&#038;w=2000&#038;ssl=1 2000w\" alt=\"\" data-height=\"1920\" data-id=\"22752\" data-link=\"https:\/\/www.cisa-arica.cl\/wp1\/?attachment_id=22752\" data-url=\"https:\/\/www.cisa-arica.cl\/wp1\/wp-content\/uploads\/2023\/10\/38911CA6-F13F-44B7-BBD3-82ECADCCA759-600x450.jpeg\" data-width=\"2560\" src=\"https:\/\/i0.wp.com\/www.cisa-arica.cl\/wp1\/wp-content\/uploads\/2023\/10\/38911CA6-F13F-44B7-BBD3-82ECADCCA759-600x450.jpeg?ssl=1\" data-amp-layout=\"responsive\"\/><\/figure><\/div><div class=\"tiled-gallery__col\" style=\"flex-basis:66.93440%\"><figure class=\"tiled-gallery__item\"><img decoding=\"async\" data-attachment-id=\"22753\" data-permalink=\"https:\/\/www.cisa-arica.cl\/wp1\/2023\/10\/20\/feria-de-la-ciencia-y-matematica-2023\/01bf4528-f8b3-4847-a50c-b5b509b6f0e8\/\" data-orig-file=\"https:\/\/www.cisa-arica.cl\/wp1\/wp-content\/uploads\/2023\/10\/01BF4528-F8B3-4847-A50C-B5B509B6F0E8-scaled.jpeg\" data-orig-size=\"2560,1920\" data-comments-opened=\"0\" data-image-meta=\"{&quot;aperture&quot;:&quot;0&quot;,&quot;credit&quot;:&quot;&quot;,&quot;camera&quot;:&quot;&quot;,&quot;caption&quot;:&quot;&quot;,&quot;created_timestamp&quot;:&quot;0&quot;,&quot;copyright&quot;:&quot;&quot;,&quot;focal_length&quot;:&quot;0&quot;,&quot;iso&quot;:&quot;0&quot;,&quot;shutter_speed&quot;:&quot;0&quot;,&quot;title&quot;:&quot;&quot;,&quot;orientation&quot;:&quot;1&quot;}\" data-image-title=\"01BF4528-F8B3-4847-A50C-B5B509B6F0E8\" data-image-description=\"\" data-image-caption=\"\" data-large-file=\"https:\/\/www.cisa-arica.cl\/wp1\/wp-content\/uploads\/2023\/10\/01BF4528-F8B3-4847-A50C-B5B509B6F0E8-600x450.jpeg\" data-attachment-id=\"22753\" data-permalink=\"https:\/\/www.cisa-arica.cl\/wp1\/2023\/10\/20\/feria-de-la-ciencia-y-matematica-2023\/01bf4528-f8b3-4847-a50c-b5b509b6f0e8\/\" data-orig-file=\"https:\/\/www.cisa-arica.cl\/wp1\/wp-content\/uploads\/2023\/10\/01BF4528-F8B3-4847-A50C-B5B509B6F0E8-scaled.jpeg\" data-orig-size=\"2560,1920\" data-comments-opened=\"0\" data-image-meta=\"{&quot;aperture&quot;:&quot;0&quot;,&quot;credit&quot;:&quot;&quot;,&quot;camera&quot;:&quot;&quot;,&quot;caption&quot;:&quot;&quot;,&quot;created_timestamp&quot;:&quot;0&quot;,&quot;copyright&quot;:&quot;&quot;,&quot;focal_length&quot;:&quot;0&quot;,&quot;iso&quot;:&quot;0&quot;,&quot;shutter_speed&quot;:&quot;0&quot;,&quot;title&quot;:&quot;&quot;,&quot;orientation&quot;:&quot;1&quot;}\" data-image-title=\"01BF4528-F8B3-4847-A50C-B5B509B6F0E8\" data-image-description=\"\" data-image-caption=\"\" data-large-file=\"https:\/\/www.cisa-arica.cl\/wp1\/wp-content\/uploads\/2023\/10\/01BF4528-F8B3-4847-A50C-B5B509B6F0E8-600x450.jpeg\" role=\"button\" tabindex=\"0\" aria-label=\"Abrir la imagen 40 de 95 en pantalla completa\"srcset=\"https:\/\/i1.wp.com\/www.cisa-arica.cl\/wp1\/wp-content\/uploads\/2023\/10\/01BF4528-F8B3-4847-A50C-B5B509B6F0E8-600x450.jpeg?strip=info&#038;w=600&#038;ssl=1 600w,https:\/\/i1.wp.com\/www.cisa-arica.cl\/wp1\/wp-content\/uploads\/2023\/10\/01BF4528-F8B3-4847-A50C-B5B509B6F0E8-600x450.jpeg?strip=info&#038;w=900&#038;ssl=1 900w,https:\/\/i1.wp.com\/www.cisa-arica.cl\/wp1\/wp-content\/uploads\/2023\/10\/01BF4528-F8B3-4847-A50C-B5B509B6F0E8-600x450.jpeg?strip=info&#038;w=1200&#038;ssl=1 1200w,https:\/\/i1.wp.com\/www.cisa-arica.cl\/wp1\/wp-content\/uploads\/2023\/10\/01BF4528-F8B3-4847-A50C-B5B509B6F0E8-600x450.jpeg?strip=info&#038;w=1500&#038;ssl=1 1500w,https:\/\/i1.wp.com\/www.cisa-arica.cl\/wp1\/wp-content\/uploads\/2023\/10\/01BF4528-F8B3-4847-A50C-B5B509B6F0E8-600x450.jpeg?strip=info&#038;w=1800&#038;ssl=1 1800w,https:\/\/i1.wp.com\/www.cisa-arica.cl\/wp1\/wp-content\/uploads\/2023\/10\/01BF4528-F8B3-4847-A50C-B5B509B6F0E8-600x450.jpeg?strip=info&#038;w=2000&#038;ssl=1 2000w\" alt=\"\" data-height=\"1920\" data-id=\"22753\" data-link=\"https:\/\/www.cisa-arica.cl\/wp1\/?attachment_id=22753\" data-url=\"https:\/\/www.cisa-arica.cl\/wp1\/wp-content\/uploads\/2023\/10\/01BF4528-F8B3-4847-A50C-B5B509B6F0E8-600x450.jpeg\" data-width=\"2560\" src=\"https:\/\/i1.wp.com\/www.cisa-arica.cl\/wp1\/wp-content\/uploads\/2023\/10\/01BF4528-F8B3-4847-A50C-B5B509B6F0E8-600x450.jpeg?ssl=1\" data-amp-layout=\"responsive\"\/><\/figure><\/div><\/div><div class=\"tiled-gallery__row\"><div class=\"tiled-gallery__col\" style=\"flex-basis:31.74289%\"><figure class=\"tiled-gallery__item\"><img decoding=\"async\" data-attachment-id=\"22754\" data-permalink=\"https:\/\/www.cisa-arica.cl\/wp1\/2023\/10\/20\/feria-de-la-ciencia-y-matematica-2023\/376ad120-d4ff-432f-884b-a36f664d6aed\/\" data-orig-file=\"https:\/\/www.cisa-arica.cl\/wp1\/wp-content\/uploads\/2023\/10\/376AD120-D4FF-432F-884B-A36F664D6AED-scaled.jpeg\" data-orig-size=\"2560,1920\" data-comments-opened=\"0\" data-image-meta=\"{&quot;aperture&quot;:&quot;0&quot;,&quot;credit&quot;:&quot;&quot;,&quot;camera&quot;:&quot;&quot;,&quot;caption&quot;:&quot;&quot;,&quot;created_timestamp&quot;:&quot;0&quot;,&quot;copyright&quot;:&quot;&quot;,&quot;focal_length&quot;:&quot;0&quot;,&quot;iso&quot;:&quot;0&quot;,&quot;shutter_speed&quot;:&quot;0&quot;,&quot;title&quot;:&quot;&quot;,&quot;orientation&quot;:&quot;1&quot;}\" data-image-title=\"376AD120-D4FF-432F-884B-A36F664D6AED\" data-image-description=\"\" data-image-caption=\"\" data-large-file=\"https:\/\/www.cisa-arica.cl\/wp1\/wp-content\/uploads\/2023\/10\/376AD120-D4FF-432F-884B-A36F664D6AED-600x450.jpeg\" data-attachment-id=\"22754\" data-permalink=\"https:\/\/www.cisa-arica.cl\/wp1\/2023\/10\/20\/feria-de-la-ciencia-y-matematica-2023\/376ad120-d4ff-432f-884b-a36f664d6aed\/\" data-orig-file=\"https:\/\/www.cisa-arica.cl\/wp1\/wp-content\/uploads\/2023\/10\/376AD120-D4FF-432F-884B-A36F664D6AED-scaled.jpeg\" data-orig-size=\"2560,1920\" data-comments-opened=\"0\" data-image-meta=\"{&quot;aperture&quot;:&quot;0&quot;,&quot;credit&quot;:&quot;&quot;,&quot;camera&quot;:&quot;&quot;,&quot;caption&quot;:&quot;&quot;,&quot;created_timestamp&quot;:&quot;0&quot;,&quot;copyright&quot;:&quot;&quot;,&quot;focal_length&quot;:&quot;0&quot;,&quot;iso&quot;:&quot;0&quot;,&quot;shutter_speed&quot;:&quot;0&quot;,&quot;title&quot;:&quot;&quot;,&quot;orientation&quot;:&quot;1&quot;}\" data-image-title=\"376AD120-D4FF-432F-884B-A36F664D6AED\" data-image-description=\"\" data-image-caption=\"\" data-large-file=\"https:\/\/www.cisa-arica.cl\/wp1\/wp-content\/uploads\/2023\/10\/376AD120-D4FF-432F-884B-A36F664D6AED-600x450.jpeg\" role=\"button\" tabindex=\"0\" aria-label=\"Abrir la imagen 41 de 95 en pantalla completa\"srcset=\"https:\/\/i1.wp.com\/www.cisa-arica.cl\/wp1\/wp-content\/uploads\/2023\/10\/376AD120-D4FF-432F-884B-A36F664D6AED-600x450.jpeg?strip=info&#038;w=600&#038;ssl=1 600w,https:\/\/i1.wp.com\/www.cisa-arica.cl\/wp1\/wp-content\/uploads\/2023\/10\/376AD120-D4FF-432F-884B-A36F664D6AED-600x450.jpeg?strip=info&#038;w=900&#038;ssl=1 900w,https:\/\/i1.wp.com\/www.cisa-arica.cl\/wp1\/wp-content\/uploads\/2023\/10\/376AD120-D4FF-432F-884B-A36F664D6AED-600x450.jpeg?strip=info&#038;w=1200&#038;ssl=1 1200w,https:\/\/i1.wp.com\/www.cisa-arica.cl\/wp1\/wp-content\/uploads\/2023\/10\/376AD120-D4FF-432F-884B-A36F664D6AED-600x450.jpeg?strip=info&#038;w=1500&#038;ssl=1 1500w,https:\/\/i1.wp.com\/www.cisa-arica.cl\/wp1\/wp-content\/uploads\/2023\/10\/376AD120-D4FF-432F-884B-A36F664D6AED-600x450.jpeg?strip=info&#038;w=1800&#038;ssl=1 1800w,https:\/\/i1.wp.com\/www.cisa-arica.cl\/wp1\/wp-content\/uploads\/2023\/10\/376AD120-D4FF-432F-884B-A36F664D6AED-600x450.jpeg?strip=info&#038;w=2000&#038;ssl=1 2000w\" alt=\"\" data-height=\"1920\" data-id=\"22754\" data-link=\"https:\/\/www.cisa-arica.cl\/wp1\/?attachment_id=22754\" data-url=\"https:\/\/www.cisa-arica.cl\/wp1\/wp-content\/uploads\/2023\/10\/376AD120-D4FF-432F-884B-A36F664D6AED-600x450.jpeg\" data-width=\"2560\" src=\"https:\/\/i1.wp.com\/www.cisa-arica.cl\/wp1\/wp-content\/uploads\/2023\/10\/376AD120-D4FF-432F-884B-A36F664D6AED-600x450.jpeg?ssl=1\" data-amp-layout=\"responsive\"\/><\/figure><figure class=\"tiled-gallery__item\"><img decoding=\"async\" data-attachment-id=\"22755\" data-permalink=\"https:\/\/www.cisa-arica.cl\/wp1\/2023\/10\/20\/feria-de-la-ciencia-y-matematica-2023\/cfedd5fe-da0b-4743-ab53-04e48ca218f4\/\" data-orig-file=\"https:\/\/www.cisa-arica.cl\/wp1\/wp-content\/uploads\/2023\/10\/CFEDD5FE-DA0B-4743-AB53-04E48CA218F4-scaled.jpeg\" data-orig-size=\"2560,1920\" data-comments-opened=\"0\" data-image-meta=\"{&quot;aperture&quot;:&quot;0&quot;,&quot;credit&quot;:&quot;&quot;,&quot;camera&quot;:&quot;&quot;,&quot;caption&quot;:&quot;&quot;,&quot;created_timestamp&quot;:&quot;0&quot;,&quot;copyright&quot;:&quot;&quot;,&quot;focal_length&quot;:&quot;0&quot;,&quot;iso&quot;:&quot;0&quot;,&quot;shutter_speed&quot;:&quot;0&quot;,&quot;title&quot;:&quot;&quot;,&quot;orientation&quot;:&quot;1&quot;}\" data-image-title=\"CFEDD5FE-DA0B-4743-AB53-04E48CA218F4\" data-image-description=\"\" data-image-caption=\"\" data-large-file=\"https:\/\/www.cisa-arica.cl\/wp1\/wp-content\/uploads\/2023\/10\/CFEDD5FE-DA0B-4743-AB53-04E48CA218F4-600x450.jpeg\" data-attachment-id=\"22755\" data-permalink=\"https:\/\/www.cisa-arica.cl\/wp1\/2023\/10\/20\/feria-de-la-ciencia-y-matematica-2023\/cfedd5fe-da0b-4743-ab53-04e48ca218f4\/\" data-orig-file=\"https:\/\/www.cisa-arica.cl\/wp1\/wp-content\/uploads\/2023\/10\/CFEDD5FE-DA0B-4743-AB53-04E48CA218F4-scaled.jpeg\" data-orig-size=\"2560,1920\" data-comments-opened=\"0\" data-image-meta=\"{&quot;aperture&quot;:&quot;0&quot;,&quot;credit&quot;:&quot;&quot;,&quot;camera&quot;:&quot;&quot;,&quot;caption&quot;:&quot;&quot;,&quot;created_timestamp&quot;:&quot;0&quot;,&quot;copyright&quot;:&quot;&quot;,&quot;focal_length&quot;:&quot;0&quot;,&quot;iso&quot;:&quot;0&quot;,&quot;shutter_speed&quot;:&quot;0&quot;,&quot;title&quot;:&quot;&quot;,&quot;orientation&quot;:&quot;1&quot;}\" data-image-title=\"CFEDD5FE-DA0B-4743-AB53-04E48CA218F4\" data-image-description=\"\" data-image-caption=\"\" data-large-file=\"https:\/\/www.cisa-arica.cl\/wp1\/wp-content\/uploads\/2023\/10\/CFEDD5FE-DA0B-4743-AB53-04E48CA218F4-600x450.jpeg\" role=\"button\" tabindex=\"0\" aria-label=\"Abrir la imagen 42 de 95 en pantalla completa\"srcset=\"https:\/\/i0.wp.com\/www.cisa-arica.cl\/wp1\/wp-content\/uploads\/2023\/10\/CFEDD5FE-DA0B-4743-AB53-04E48CA218F4-600x450.jpeg?strip=info&#038;w=600&#038;ssl=1 600w,https:\/\/i0.wp.com\/www.cisa-arica.cl\/wp1\/wp-content\/uploads\/2023\/10\/CFEDD5FE-DA0B-4743-AB53-04E48CA218F4-600x450.jpeg?strip=info&#038;w=900&#038;ssl=1 900w,https:\/\/i0.wp.com\/www.cisa-arica.cl\/wp1\/wp-content\/uploads\/2023\/10\/CFEDD5FE-DA0B-4743-AB53-04E48CA218F4-600x450.jpeg?strip=info&#038;w=1200&#038;ssl=1 1200w,https:\/\/i0.wp.com\/www.cisa-arica.cl\/wp1\/wp-content\/uploads\/2023\/10\/CFEDD5FE-DA0B-4743-AB53-04E48CA218F4-600x450.jpeg?strip=info&#038;w=1500&#038;ssl=1 1500w,https:\/\/i0.wp.com\/www.cisa-arica.cl\/wp1\/wp-content\/uploads\/2023\/10\/CFEDD5FE-DA0B-4743-AB53-04E48CA218F4-600x450.jpeg?strip=info&#038;w=1800&#038;ssl=1 1800w,https:\/\/i0.wp.com\/www.cisa-arica.cl\/wp1\/wp-content\/uploads\/2023\/10\/CFEDD5FE-DA0B-4743-AB53-04E48CA218F4-600x450.jpeg?strip=info&#038;w=2000&#038;ssl=1 2000w\" alt=\"\" data-height=\"1920\" data-id=\"22755\" data-link=\"https:\/\/www.cisa-arica.cl\/wp1\/?attachment_id=22755\" data-url=\"https:\/\/www.cisa-arica.cl\/wp1\/wp-content\/uploads\/2023\/10\/CFEDD5FE-DA0B-4743-AB53-04E48CA218F4-600x450.jpeg\" data-width=\"2560\" src=\"https:\/\/i0.wp.com\/www.cisa-arica.cl\/wp1\/wp-content\/uploads\/2023\/10\/CFEDD5FE-DA0B-4743-AB53-04E48CA218F4-600x450.jpeg?ssl=1\" data-amp-layout=\"responsive\"\/><\/figure><\/div><div class=\"tiled-gallery__col\" style=\"flex-basis:36.51423%\"><figure class=\"tiled-gallery__item\"><img decoding=\"async\" data-attachment-id=\"22756\" data-permalink=\"https:\/\/www.cisa-arica.cl\/wp1\/2023\/10\/20\/feria-de-la-ciencia-y-matematica-2023\/854abbe6-e833-4908-a218-9963e586f8c4\/\" data-orig-file=\"https:\/\/www.cisa-arica.cl\/wp1\/wp-content\/uploads\/2023\/10\/854ABBE6-E833-4908-A218-9963E586F8C4-scaled.jpeg\" data-orig-size=\"1920,2560\" data-comments-opened=\"0\" data-image-meta=\"{&quot;aperture&quot;:&quot;0&quot;,&quot;credit&quot;:&quot;&quot;,&quot;camera&quot;:&quot;&quot;,&quot;caption&quot;:&quot;&quot;,&quot;created_timestamp&quot;:&quot;0&quot;,&quot;copyright&quot;:&quot;&quot;,&quot;focal_length&quot;:&quot;0&quot;,&quot;iso&quot;:&quot;0&quot;,&quot;shutter_speed&quot;:&quot;0&quot;,&quot;title&quot;:&quot;&quot;,&quot;orientation&quot;:&quot;1&quot;}\" data-image-title=\"854ABBE6-E833-4908-A218-9963E586F8C4\" data-image-description=\"\" data-image-caption=\"\" data-large-file=\"https:\/\/www.cisa-arica.cl\/wp1\/wp-content\/uploads\/2023\/10\/854ABBE6-E833-4908-A218-9963E586F8C4-450x600.jpeg\" data-attachment-id=\"22756\" data-permalink=\"https:\/\/www.cisa-arica.cl\/wp1\/2023\/10\/20\/feria-de-la-ciencia-y-matematica-2023\/854abbe6-e833-4908-a218-9963e586f8c4\/\" data-orig-file=\"https:\/\/www.cisa-arica.cl\/wp1\/wp-content\/uploads\/2023\/10\/854ABBE6-E833-4908-A218-9963E586F8C4-scaled.jpeg\" data-orig-size=\"1920,2560\" data-comments-opened=\"0\" data-image-meta=\"{&quot;aperture&quot;:&quot;0&quot;,&quot;credit&quot;:&quot;&quot;,&quot;camera&quot;:&quot;&quot;,&quot;caption&quot;:&quot;&quot;,&quot;created_timestamp&quot;:&quot;0&quot;,&quot;copyright&quot;:&quot;&quot;,&quot;focal_length&quot;:&quot;0&quot;,&quot;iso&quot;:&quot;0&quot;,&quot;shutter_speed&quot;:&quot;0&quot;,&quot;title&quot;:&quot;&quot;,&quot;orientation&quot;:&quot;1&quot;}\" data-image-title=\"854ABBE6-E833-4908-A218-9963E586F8C4\" data-image-description=\"\" data-image-caption=\"\" data-large-file=\"https:\/\/www.cisa-arica.cl\/wp1\/wp-content\/uploads\/2023\/10\/854ABBE6-E833-4908-A218-9963E586F8C4-450x600.jpeg\" role=\"button\" tabindex=\"0\" aria-label=\"Abrir la imagen 43 de 95 en pantalla completa\"srcset=\"https:\/\/i2.wp.com\/www.cisa-arica.cl\/wp1\/wp-content\/uploads\/2023\/10\/854ABBE6-E833-4908-A218-9963E586F8C4-450x600.jpeg?strip=info&#038;w=600&#038;ssl=1 600w,https:\/\/i2.wp.com\/www.cisa-arica.cl\/wp1\/wp-content\/uploads\/2023\/10\/854ABBE6-E833-4908-A218-9963E586F8C4-450x600.jpeg?strip=info&#038;w=900&#038;ssl=1 900w,https:\/\/i2.wp.com\/www.cisa-arica.cl\/wp1\/wp-content\/uploads\/2023\/10\/854ABBE6-E833-4908-A218-9963E586F8C4-450x600.jpeg?strip=info&#038;w=1200&#038;ssl=1 1200w,https:\/\/i2.wp.com\/www.cisa-arica.cl\/wp1\/wp-content\/uploads\/2023\/10\/854ABBE6-E833-4908-A218-9963E586F8C4-450x600.jpeg?strip=info&#038;w=1500&#038;ssl=1 1500w,https:\/\/i2.wp.com\/www.cisa-arica.cl\/wp1\/wp-content\/uploads\/2023\/10\/854ABBE6-E833-4908-A218-9963E586F8C4-450x600.jpeg?strip=info&#038;w=1800&#038;ssl=1 1800w,https:\/\/i2.wp.com\/www.cisa-arica.cl\/wp1\/wp-content\/uploads\/2023\/10\/854ABBE6-E833-4908-A218-9963E586F8C4-450x600.jpeg?strip=info&#038;w=1920&#038;ssl=1 1920w\" alt=\"\" data-height=\"2560\" data-id=\"22756\" data-link=\"https:\/\/www.cisa-arica.cl\/wp1\/?attachment_id=22756\" data-url=\"https:\/\/www.cisa-arica.cl\/wp1\/wp-content\/uploads\/2023\/10\/854ABBE6-E833-4908-A218-9963E586F8C4-450x600.jpeg\" data-width=\"1920\" src=\"https:\/\/i2.wp.com\/www.cisa-arica.cl\/wp1\/wp-content\/uploads\/2023\/10\/854ABBE6-E833-4908-A218-9963E586F8C4-450x600.jpeg?ssl=1\" data-amp-layout=\"responsive\"\/><\/figure><\/div><div class=\"tiled-gallery__col\" style=\"flex-basis:31.74289%\"><figure class=\"tiled-gallery__item\"><img decoding=\"async\" data-attachment-id=\"22757\" data-permalink=\"https:\/\/www.cisa-arica.cl\/wp1\/2023\/10\/20\/feria-de-la-ciencia-y-matematica-2023\/02718293-4585-4d9d-9906-9953a46909eb\/\" data-orig-file=\"https:\/\/www.cisa-arica.cl\/wp1\/wp-content\/uploads\/2023\/10\/02718293-4585-4D9D-9906-9953A46909EB-scaled.jpeg\" data-orig-size=\"2560,1920\" data-comments-opened=\"0\" data-image-meta=\"{&quot;aperture&quot;:&quot;0&quot;,&quot;credit&quot;:&quot;&quot;,&quot;camera&quot;:&quot;&quot;,&quot;caption&quot;:&quot;&quot;,&quot;created_timestamp&quot;:&quot;0&quot;,&quot;copyright&quot;:&quot;&quot;,&quot;focal_length&quot;:&quot;0&quot;,&quot;iso&quot;:&quot;0&quot;,&quot;shutter_speed&quot;:&quot;0&quot;,&quot;title&quot;:&quot;&quot;,&quot;orientation&quot;:&quot;1&quot;}\" data-image-title=\"02718293-4585-4D9D-9906-9953A46909EB\" data-image-description=\"\" data-image-caption=\"\" data-large-file=\"https:\/\/www.cisa-arica.cl\/wp1\/wp-content\/uploads\/2023\/10\/02718293-4585-4D9D-9906-9953A46909EB-600x450.jpeg\" data-attachment-id=\"22757\" data-permalink=\"https:\/\/www.cisa-arica.cl\/wp1\/2023\/10\/20\/feria-de-la-ciencia-y-matematica-2023\/02718293-4585-4d9d-9906-9953a46909eb\/\" data-orig-file=\"https:\/\/www.cisa-arica.cl\/wp1\/wp-content\/uploads\/2023\/10\/02718293-4585-4D9D-9906-9953A46909EB-scaled.jpeg\" data-orig-size=\"2560,1920\" data-comments-opened=\"0\" data-image-meta=\"{&quot;aperture&quot;:&quot;0&quot;,&quot;credit&quot;:&quot;&quot;,&quot;camera&quot;:&quot;&quot;,&quot;caption&quot;:&quot;&quot;,&quot;created_timestamp&quot;:&quot;0&quot;,&quot;copyright&quot;:&quot;&quot;,&quot;focal_length&quot;:&quot;0&quot;,&quot;iso&quot;:&quot;0&quot;,&quot;shutter_speed&quot;:&quot;0&quot;,&quot;title&quot;:&quot;&quot;,&quot;orientation&quot;:&quot;1&quot;}\" data-image-title=\"02718293-4585-4D9D-9906-9953A46909EB\" data-image-description=\"\" data-image-caption=\"\" data-large-file=\"https:\/\/www.cisa-arica.cl\/wp1\/wp-content\/uploads\/2023\/10\/02718293-4585-4D9D-9906-9953A46909EB-600x450.jpeg\" role=\"button\" tabindex=\"0\" aria-label=\"Abrir la imagen 44 de 95 en pantalla completa\"srcset=\"https:\/\/i0.wp.com\/www.cisa-arica.cl\/wp1\/wp-content\/uploads\/2023\/10\/02718293-4585-4D9D-9906-9953A46909EB-600x450.jpeg?strip=info&#038;w=600&#038;ssl=1 600w,https:\/\/i0.wp.com\/www.cisa-arica.cl\/wp1\/wp-content\/uploads\/2023\/10\/02718293-4585-4D9D-9906-9953A46909EB-600x450.jpeg?strip=info&#038;w=900&#038;ssl=1 900w,https:\/\/i0.wp.com\/www.cisa-arica.cl\/wp1\/wp-content\/uploads\/2023\/10\/02718293-4585-4D9D-9906-9953A46909EB-600x450.jpeg?strip=info&#038;w=1200&#038;ssl=1 1200w,https:\/\/i0.wp.com\/www.cisa-arica.cl\/wp1\/wp-content\/uploads\/2023\/10\/02718293-4585-4D9D-9906-9953A46909EB-600x450.jpeg?strip=info&#038;w=1500&#038;ssl=1 1500w,https:\/\/i0.wp.com\/www.cisa-arica.cl\/wp1\/wp-content\/uploads\/2023\/10\/02718293-4585-4D9D-9906-9953A46909EB-600x450.jpeg?strip=info&#038;w=1800&#038;ssl=1 1800w,https:\/\/i0.wp.com\/www.cisa-arica.cl\/wp1\/wp-content\/uploads\/2023\/10\/02718293-4585-4D9D-9906-9953A46909EB-600x450.jpeg?strip=info&#038;w=2000&#038;ssl=1 2000w\" alt=\"\" data-height=\"1920\" data-id=\"22757\" data-link=\"https:\/\/www.cisa-arica.cl\/wp1\/?attachment_id=22757\" data-url=\"https:\/\/www.cisa-arica.cl\/wp1\/wp-content\/uploads\/2023\/10\/02718293-4585-4D9D-9906-9953A46909EB-600x450.jpeg\" data-width=\"2560\" src=\"https:\/\/i0.wp.com\/www.cisa-arica.cl\/wp1\/wp-content\/uploads\/2023\/10\/02718293-4585-4D9D-9906-9953A46909EB-600x450.jpeg?ssl=1\" data-amp-layout=\"responsive\"\/><\/figure><figure class=\"tiled-gallery__item\"><img decoding=\"async\" data-attachment-id=\"22758\" data-permalink=\"https:\/\/www.cisa-arica.cl\/wp1\/2023\/10\/20\/feria-de-la-ciencia-y-matematica-2023\/a6b9e94d-9b15-4397-92b5-bd664c16b6c1\/\" data-orig-file=\"https:\/\/www.cisa-arica.cl\/wp1\/wp-content\/uploads\/2023\/10\/A6B9E94D-9B15-4397-92B5-BD664C16B6C1-scaled.jpeg\" data-orig-size=\"2560,1920\" data-comments-opened=\"0\" data-image-meta=\"{&quot;aperture&quot;:&quot;0&quot;,&quot;credit&quot;:&quot;&quot;,&quot;camera&quot;:&quot;&quot;,&quot;caption&quot;:&quot;&quot;,&quot;created_timestamp&quot;:&quot;0&quot;,&quot;copyright&quot;:&quot;&quot;,&quot;focal_length&quot;:&quot;0&quot;,&quot;iso&quot;:&quot;0&quot;,&quot;shutter_speed&quot;:&quot;0&quot;,&quot;title&quot;:&quot;&quot;,&quot;orientation&quot;:&quot;1&quot;}\" data-image-title=\"A6B9E94D-9B15-4397-92B5-BD664C16B6C1\" data-image-description=\"\" data-image-caption=\"\" data-large-file=\"https:\/\/www.cisa-arica.cl\/wp1\/wp-content\/uploads\/2023\/10\/A6B9E94D-9B15-4397-92B5-BD664C16B6C1-600x450.jpeg\" data-attachment-id=\"22758\" data-permalink=\"https:\/\/www.cisa-arica.cl\/wp1\/2023\/10\/20\/feria-de-la-ciencia-y-matematica-2023\/a6b9e94d-9b15-4397-92b5-bd664c16b6c1\/\" data-orig-file=\"https:\/\/www.cisa-arica.cl\/wp1\/wp-content\/uploads\/2023\/10\/A6B9E94D-9B15-4397-92B5-BD664C16B6C1-scaled.jpeg\" data-orig-size=\"2560,1920\" data-comments-opened=\"0\" data-image-meta=\"{&quot;aperture&quot;:&quot;0&quot;,&quot;credit&quot;:&quot;&quot;,&quot;camera&quot;:&quot;&quot;,&quot;caption&quot;:&quot;&quot;,&quot;created_timestamp&quot;:&quot;0&quot;,&quot;copyright&quot;:&quot;&quot;,&quot;focal_length&quot;:&quot;0&quot;,&quot;iso&quot;:&quot;0&quot;,&quot;shutter_speed&quot;:&quot;0&quot;,&quot;title&quot;:&quot;&quot;,&quot;orientation&quot;:&quot;1&quot;}\" data-image-title=\"A6B9E94D-9B15-4397-92B5-BD664C16B6C1\" data-image-description=\"\" data-image-caption=\"\" data-large-file=\"https:\/\/www.cisa-arica.cl\/wp1\/wp-content\/uploads\/2023\/10\/A6B9E94D-9B15-4397-92B5-BD664C16B6C1-600x450.jpeg\" role=\"button\" tabindex=\"0\" aria-label=\"Abrir la imagen 45 de 95 en pantalla completa\"srcset=\"https:\/\/i2.wp.com\/www.cisa-arica.cl\/wp1\/wp-content\/uploads\/2023\/10\/A6B9E94D-9B15-4397-92B5-BD664C16B6C1-600x450.jpeg?strip=info&#038;w=600&#038;ssl=1 600w,https:\/\/i2.wp.com\/www.cisa-arica.cl\/wp1\/wp-content\/uploads\/2023\/10\/A6B9E94D-9B15-4397-92B5-BD664C16B6C1-600x450.jpeg?strip=info&#038;w=900&#038;ssl=1 900w,https:\/\/i2.wp.com\/www.cisa-arica.cl\/wp1\/wp-content\/uploads\/2023\/10\/A6B9E94D-9B15-4397-92B5-BD664C16B6C1-600x450.jpeg?strip=info&#038;w=1200&#038;ssl=1 1200w,https:\/\/i2.wp.com\/www.cisa-arica.cl\/wp1\/wp-content\/uploads\/2023\/10\/A6B9E94D-9B15-4397-92B5-BD664C16B6C1-600x450.jpeg?strip=info&#038;w=1500&#038;ssl=1 1500w,https:\/\/i2.wp.com\/www.cisa-arica.cl\/wp1\/wp-content\/uploads\/2023\/10\/A6B9E94D-9B15-4397-92B5-BD664C16B6C1-600x450.jpeg?strip=info&#038;w=1800&#038;ssl=1 1800w,https:\/\/i2.wp.com\/www.cisa-arica.cl\/wp1\/wp-content\/uploads\/2023\/10\/A6B9E94D-9B15-4397-92B5-BD664C16B6C1-600x450.jpeg?strip=info&#038;w=2000&#038;ssl=1 2000w\" alt=\"\" data-height=\"1920\" data-id=\"22758\" data-link=\"https:\/\/www.cisa-arica.cl\/wp1\/?attachment_id=22758\" data-url=\"https:\/\/www.cisa-arica.cl\/wp1\/wp-content\/uploads\/2023\/10\/A6B9E94D-9B15-4397-92B5-BD664C16B6C1-600x450.jpeg\" data-width=\"2560\" src=\"https:\/\/i2.wp.com\/www.cisa-arica.cl\/wp1\/wp-content\/uploads\/2023\/10\/A6B9E94D-9B15-4397-92B5-BD664C16B6C1-600x450.jpeg?ssl=1\" data-amp-layout=\"responsive\"\/><\/figure><\/div><\/div><div class=\"tiled-gallery__row\"><div class=\"tiled-gallery__col\" style=\"flex-basis:66.93440%\"><figure class=\"tiled-gallery__item\"><img decoding=\"async\" data-attachment-id=\"22759\" data-permalink=\"https:\/\/www.cisa-arica.cl\/wp1\/2023\/10\/20\/feria-de-la-ciencia-y-matematica-2023\/f26c2d16-0e2d-4752-8186-5716ea0f526e\/\" data-orig-file=\"https:\/\/www.cisa-arica.cl\/wp1\/wp-content\/uploads\/2023\/10\/F26C2D16-0E2D-4752-8186-5716EA0F526E-scaled.jpeg\" data-orig-size=\"2560,1920\" data-comments-opened=\"0\" data-image-meta=\"{&quot;aperture&quot;:&quot;0&quot;,&quot;credit&quot;:&quot;&quot;,&quot;camera&quot;:&quot;&quot;,&quot;caption&quot;:&quot;&quot;,&quot;created_timestamp&quot;:&quot;0&quot;,&quot;copyright&quot;:&quot;&quot;,&quot;focal_length&quot;:&quot;0&quot;,&quot;iso&quot;:&quot;0&quot;,&quot;shutter_speed&quot;:&quot;0&quot;,&quot;title&quot;:&quot;&quot;,&quot;orientation&quot;:&quot;1&quot;}\" data-image-title=\"F26C2D16-0E2D-4752-8186-5716EA0F526E\" data-image-description=\"\" data-image-caption=\"\" data-large-file=\"https:\/\/www.cisa-arica.cl\/wp1\/wp-content\/uploads\/2023\/10\/F26C2D16-0E2D-4752-8186-5716EA0F526E-600x450.jpeg\" data-attachment-id=\"22759\" data-permalink=\"https:\/\/www.cisa-arica.cl\/wp1\/2023\/10\/20\/feria-de-la-ciencia-y-matematica-2023\/f26c2d16-0e2d-4752-8186-5716ea0f526e\/\" data-orig-file=\"https:\/\/www.cisa-arica.cl\/wp1\/wp-content\/uploads\/2023\/10\/F26C2D16-0E2D-4752-8186-5716EA0F526E-scaled.jpeg\" data-orig-size=\"2560,1920\" data-comments-opened=\"0\" data-image-meta=\"{&quot;aperture&quot;:&quot;0&quot;,&quot;credit&quot;:&quot;&quot;,&quot;camera&quot;:&quot;&quot;,&quot;caption&quot;:&quot;&quot;,&quot;created_timestamp&quot;:&quot;0&quot;,&quot;copyright&quot;:&quot;&quot;,&quot;focal_length&quot;:&quot;0&quot;,&quot;iso&quot;:&quot;0&quot;,&quot;shutter_speed&quot;:&quot;0&quot;,&quot;title&quot;:&quot;&quot;,&quot;orientation&quot;:&quot;1&quot;}\" data-image-title=\"F26C2D16-0E2D-4752-8186-5716EA0F526E\" data-image-description=\"\" data-image-caption=\"\" data-large-file=\"https:\/\/www.cisa-arica.cl\/wp1\/wp-content\/uploads\/2023\/10\/F26C2D16-0E2D-4752-8186-5716EA0F526E-600x450.jpeg\" role=\"button\" tabindex=\"0\" aria-label=\"Abrir la imagen 46 de 95 en pantalla completa\"srcset=\"https:\/\/i2.wp.com\/www.cisa-arica.cl\/wp1\/wp-content\/uploads\/2023\/10\/F26C2D16-0E2D-4752-8186-5716EA0F526E-600x450.jpeg?strip=info&#038;w=600&#038;ssl=1 600w,https:\/\/i2.wp.com\/www.cisa-arica.cl\/wp1\/wp-content\/uploads\/2023\/10\/F26C2D16-0E2D-4752-8186-5716EA0F526E-600x450.jpeg?strip=info&#038;w=900&#038;ssl=1 900w,https:\/\/i2.wp.com\/www.cisa-arica.cl\/wp1\/wp-content\/uploads\/2023\/10\/F26C2D16-0E2D-4752-8186-5716EA0F526E-600x450.jpeg?strip=info&#038;w=1200&#038;ssl=1 1200w,https:\/\/i2.wp.com\/www.cisa-arica.cl\/wp1\/wp-content\/uploads\/2023\/10\/F26C2D16-0E2D-4752-8186-5716EA0F526E-600x450.jpeg?strip=info&#038;w=1500&#038;ssl=1 1500w,https:\/\/i2.wp.com\/www.cisa-arica.cl\/wp1\/wp-content\/uploads\/2023\/10\/F26C2D16-0E2D-4752-8186-5716EA0F526E-600x450.jpeg?strip=info&#038;w=1800&#038;ssl=1 1800w,https:\/\/i2.wp.com\/www.cisa-arica.cl\/wp1\/wp-content\/uploads\/2023\/10\/F26C2D16-0E2D-4752-8186-5716EA0F526E-600x450.jpeg?strip=info&#038;w=2000&#038;ssl=1 2000w\" alt=\"\" data-height=\"1920\" data-id=\"22759\" data-link=\"https:\/\/www.cisa-arica.cl\/wp1\/?attachment_id=22759\" data-url=\"https:\/\/www.cisa-arica.cl\/wp1\/wp-content\/uploads\/2023\/10\/F26C2D16-0E2D-4752-8186-5716EA0F526E-600x450.jpeg\" data-width=\"2560\" src=\"https:\/\/i2.wp.com\/www.cisa-arica.cl\/wp1\/wp-content\/uploads\/2023\/10\/F26C2D16-0E2D-4752-8186-5716EA0F526E-600x450.jpeg?ssl=1\" data-amp-layout=\"responsive\"\/><\/figure><\/div><div class=\"tiled-gallery__col\" style=\"flex-basis:33.06560%\"><figure class=\"tiled-gallery__item\"><img decoding=\"async\" data-attachment-id=\"22760\" data-permalink=\"https:\/\/www.cisa-arica.cl\/wp1\/2023\/10\/20\/feria-de-la-ciencia-y-matematica-2023\/10254a38-6397-4721-a9cc-614a7fb0c350\/\" data-orig-file=\"https:\/\/www.cisa-arica.cl\/wp1\/wp-content\/uploads\/2023\/10\/10254A38-6397-4721-A9CC-614A7FB0C350-scaled.jpeg\" data-orig-size=\"2560,1920\" data-comments-opened=\"0\" data-image-meta=\"{&quot;aperture&quot;:&quot;0&quot;,&quot;credit&quot;:&quot;&quot;,&quot;camera&quot;:&quot;&quot;,&quot;caption&quot;:&quot;&quot;,&quot;created_timestamp&quot;:&quot;0&quot;,&quot;copyright&quot;:&quot;&quot;,&quot;focal_length&quot;:&quot;0&quot;,&quot;iso&quot;:&quot;0&quot;,&quot;shutter_speed&quot;:&quot;0&quot;,&quot;title&quot;:&quot;&quot;,&quot;orientation&quot;:&quot;1&quot;}\" data-image-title=\"10254A38-6397-4721-A9CC-614A7FB0C350\" data-image-description=\"\" data-image-caption=\"\" data-large-file=\"https:\/\/www.cisa-arica.cl\/wp1\/wp-content\/uploads\/2023\/10\/10254A38-6397-4721-A9CC-614A7FB0C350-600x450.jpeg\" data-attachment-id=\"22760\" data-permalink=\"https:\/\/www.cisa-arica.cl\/wp1\/2023\/10\/20\/feria-de-la-ciencia-y-matematica-2023\/10254a38-6397-4721-a9cc-614a7fb0c350\/\" data-orig-file=\"https:\/\/www.cisa-arica.cl\/wp1\/wp-content\/uploads\/2023\/10\/10254A38-6397-4721-A9CC-614A7FB0C350-scaled.jpeg\" data-orig-size=\"2560,1920\" data-comments-opened=\"0\" data-image-meta=\"{&quot;aperture&quot;:&quot;0&quot;,&quot;credit&quot;:&quot;&quot;,&quot;camera&quot;:&quot;&quot;,&quot;caption&quot;:&quot;&quot;,&quot;created_timestamp&quot;:&quot;0&quot;,&quot;copyright&quot;:&quot;&quot;,&quot;focal_length&quot;:&quot;0&quot;,&quot;iso&quot;:&quot;0&quot;,&quot;shutter_speed&quot;:&quot;0&quot;,&quot;title&quot;:&quot;&quot;,&quot;orientation&quot;:&quot;1&quot;}\" data-image-title=\"10254A38-6397-4721-A9CC-614A7FB0C350\" data-image-description=\"\" data-image-caption=\"\" data-large-file=\"https:\/\/www.cisa-arica.cl\/wp1\/wp-content\/uploads\/2023\/10\/10254A38-6397-4721-A9CC-614A7FB0C350-600x450.jpeg\" role=\"button\" tabindex=\"0\" aria-label=\"Abrir la imagen 47 de 95 en pantalla completa\"srcset=\"https:\/\/i0.wp.com\/www.cisa-arica.cl\/wp1\/wp-content\/uploads\/2023\/10\/10254A38-6397-4721-A9CC-614A7FB0C350-600x450.jpeg?strip=info&#038;w=600&#038;ssl=1 600w,https:\/\/i0.wp.com\/www.cisa-arica.cl\/wp1\/wp-content\/uploads\/2023\/10\/10254A38-6397-4721-A9CC-614A7FB0C350-600x450.jpeg?strip=info&#038;w=900&#038;ssl=1 900w,https:\/\/i0.wp.com\/www.cisa-arica.cl\/wp1\/wp-content\/uploads\/2023\/10\/10254A38-6397-4721-A9CC-614A7FB0C350-600x450.jpeg?strip=info&#038;w=1200&#038;ssl=1 1200w,https:\/\/i0.wp.com\/www.cisa-arica.cl\/wp1\/wp-content\/uploads\/2023\/10\/10254A38-6397-4721-A9CC-614A7FB0C350-600x450.jpeg?strip=info&#038;w=1500&#038;ssl=1 1500w,https:\/\/i0.wp.com\/www.cisa-arica.cl\/wp1\/wp-content\/uploads\/2023\/10\/10254A38-6397-4721-A9CC-614A7FB0C350-600x450.jpeg?strip=info&#038;w=1800&#038;ssl=1 1800w,https:\/\/i0.wp.com\/www.cisa-arica.cl\/wp1\/wp-content\/uploads\/2023\/10\/10254A38-6397-4721-A9CC-614A7FB0C350-600x450.jpeg?strip=info&#038;w=2000&#038;ssl=1 2000w\" alt=\"\" data-height=\"1920\" data-id=\"22760\" data-link=\"https:\/\/www.cisa-arica.cl\/wp1\/?attachment_id=22760\" data-url=\"https:\/\/www.cisa-arica.cl\/wp1\/wp-content\/uploads\/2023\/10\/10254A38-6397-4721-A9CC-614A7FB0C350-600x450.jpeg\" data-width=\"2560\" src=\"https:\/\/i0.wp.com\/www.cisa-arica.cl\/wp1\/wp-content\/uploads\/2023\/10\/10254A38-6397-4721-A9CC-614A7FB0C350-600x450.jpeg?ssl=1\" data-amp-layout=\"responsive\"\/><\/figure><figure class=\"tiled-gallery__item\"><img decoding=\"async\" data-attachment-id=\"22761\" data-permalink=\"https:\/\/www.cisa-arica.cl\/wp1\/2023\/10\/20\/feria-de-la-ciencia-y-matematica-2023\/531f8769-c696-474f-917a-f20c86238663\/\" data-orig-file=\"https:\/\/www.cisa-arica.cl\/wp1\/wp-content\/uploads\/2023\/10\/531F8769-C696-474F-917A-F20C86238663-scaled.jpeg\" data-orig-size=\"2560,1920\" data-comments-opened=\"0\" data-image-meta=\"{&quot;aperture&quot;:&quot;0&quot;,&quot;credit&quot;:&quot;&quot;,&quot;camera&quot;:&quot;&quot;,&quot;caption&quot;:&quot;&quot;,&quot;created_timestamp&quot;:&quot;0&quot;,&quot;copyright&quot;:&quot;&quot;,&quot;focal_length&quot;:&quot;0&quot;,&quot;iso&quot;:&quot;0&quot;,&quot;shutter_speed&quot;:&quot;0&quot;,&quot;title&quot;:&quot;&quot;,&quot;orientation&quot;:&quot;1&quot;}\" data-image-title=\"531F8769-C696-474F-917A-F20C86238663\" data-image-description=\"\" data-image-caption=\"\" data-large-file=\"https:\/\/www.cisa-arica.cl\/wp1\/wp-content\/uploads\/2023\/10\/531F8769-C696-474F-917A-F20C86238663-600x450.jpeg\" data-attachment-id=\"22761\" data-permalink=\"https:\/\/www.cisa-arica.cl\/wp1\/2023\/10\/20\/feria-de-la-ciencia-y-matematica-2023\/531f8769-c696-474f-917a-f20c86238663\/\" data-orig-file=\"https:\/\/www.cisa-arica.cl\/wp1\/wp-content\/uploads\/2023\/10\/531F8769-C696-474F-917A-F20C86238663-scaled.jpeg\" data-orig-size=\"2560,1920\" data-comments-opened=\"0\" data-image-meta=\"{&quot;aperture&quot;:&quot;0&quot;,&quot;credit&quot;:&quot;&quot;,&quot;camera&quot;:&quot;&quot;,&quot;caption&quot;:&quot;&quot;,&quot;created_timestamp&quot;:&quot;0&quot;,&quot;copyright&quot;:&quot;&quot;,&quot;focal_length&quot;:&quot;0&quot;,&quot;iso&quot;:&quot;0&quot;,&quot;shutter_speed&quot;:&quot;0&quot;,&quot;title&quot;:&quot;&quot;,&quot;orientation&quot;:&quot;1&quot;}\" data-image-title=\"531F8769-C696-474F-917A-F20C86238663\" data-image-description=\"\" data-image-caption=\"\" data-large-file=\"https:\/\/www.cisa-arica.cl\/wp1\/wp-content\/uploads\/2023\/10\/531F8769-C696-474F-917A-F20C86238663-600x450.jpeg\" role=\"button\" tabindex=\"0\" aria-label=\"Abrir la imagen 48 de 95 en pantalla completa\"srcset=\"https:\/\/i2.wp.com\/www.cisa-arica.cl\/wp1\/wp-content\/uploads\/2023\/10\/531F8769-C696-474F-917A-F20C86238663-600x450.jpeg?strip=info&#038;w=600&#038;ssl=1 600w,https:\/\/i2.wp.com\/www.cisa-arica.cl\/wp1\/wp-content\/uploads\/2023\/10\/531F8769-C696-474F-917A-F20C86238663-600x450.jpeg?strip=info&#038;w=900&#038;ssl=1 900w,https:\/\/i2.wp.com\/www.cisa-arica.cl\/wp1\/wp-content\/uploads\/2023\/10\/531F8769-C696-474F-917A-F20C86238663-600x450.jpeg?strip=info&#038;w=1200&#038;ssl=1 1200w,https:\/\/i2.wp.com\/www.cisa-arica.cl\/wp1\/wp-content\/uploads\/2023\/10\/531F8769-C696-474F-917A-F20C86238663-600x450.jpeg?strip=info&#038;w=1500&#038;ssl=1 1500w,https:\/\/i2.wp.com\/www.cisa-arica.cl\/wp1\/wp-content\/uploads\/2023\/10\/531F8769-C696-474F-917A-F20C86238663-600x450.jpeg?strip=info&#038;w=1800&#038;ssl=1 1800w,https:\/\/i2.wp.com\/www.cisa-arica.cl\/wp1\/wp-content\/uploads\/2023\/10\/531F8769-C696-474F-917A-F20C86238663-600x450.jpeg?strip=info&#038;w=2000&#038;ssl=1 2000w\" alt=\"\" data-height=\"1920\" data-id=\"22761\" data-link=\"https:\/\/www.cisa-arica.cl\/wp1\/?attachment_id=22761\" data-url=\"https:\/\/www.cisa-arica.cl\/wp1\/wp-content\/uploads\/2023\/10\/531F8769-C696-474F-917A-F20C86238663-600x450.jpeg\" data-width=\"2560\" src=\"https:\/\/i2.wp.com\/www.cisa-arica.cl\/wp1\/wp-content\/uploads\/2023\/10\/531F8769-C696-474F-917A-F20C86238663-600x450.jpeg?ssl=1\" data-amp-layout=\"responsive\"\/><\/figure><\/div><\/div><div class=\"tiled-gallery__row\"><div class=\"tiled-gallery__col\" style=\"flex-basis:36.75409%\"><figure class=\"tiled-gallery__item\"><img decoding=\"async\" data-attachment-id=\"22762\" data-permalink=\"https:\/\/www.cisa-arica.cl\/wp1\/2023\/10\/20\/feria-de-la-ciencia-y-matematica-2023\/54ca0c87-c05e-47ae-bfc0-c8bd92e7d165\/\" data-orig-file=\"https:\/\/www.cisa-arica.cl\/wp1\/wp-content\/uploads\/2023\/10\/54CA0C87-C05E-47AE-BFC0-C8BD92E7D165-scaled.jpeg\" data-orig-size=\"2560,1920\" data-comments-opened=\"0\" data-image-meta=\"{&quot;aperture&quot;:&quot;0&quot;,&quot;credit&quot;:&quot;&quot;,&quot;camera&quot;:&quot;&quot;,&quot;caption&quot;:&quot;&quot;,&quot;created_timestamp&quot;:&quot;0&quot;,&quot;copyright&quot;:&quot;&quot;,&quot;focal_length&quot;:&quot;0&quot;,&quot;iso&quot;:&quot;0&quot;,&quot;shutter_speed&quot;:&quot;0&quot;,&quot;title&quot;:&quot;&quot;,&quot;orientation&quot;:&quot;1&quot;}\" data-image-title=\"54CA0C87-C05E-47AE-BFC0-C8BD92E7D165\" data-image-description=\"\" data-image-caption=\"\" data-large-file=\"https:\/\/www.cisa-arica.cl\/wp1\/wp-content\/uploads\/2023\/10\/54CA0C87-C05E-47AE-BFC0-C8BD92E7D165-600x450.jpeg\" data-attachment-id=\"22762\" data-permalink=\"https:\/\/www.cisa-arica.cl\/wp1\/2023\/10\/20\/feria-de-la-ciencia-y-matematica-2023\/54ca0c87-c05e-47ae-bfc0-c8bd92e7d165\/\" data-orig-file=\"https:\/\/www.cisa-arica.cl\/wp1\/wp-content\/uploads\/2023\/10\/54CA0C87-C05E-47AE-BFC0-C8BD92E7D165-scaled.jpeg\" data-orig-size=\"2560,1920\" data-comments-opened=\"0\" data-image-meta=\"{&quot;aperture&quot;:&quot;0&quot;,&quot;credit&quot;:&quot;&quot;,&quot;camera&quot;:&quot;&quot;,&quot;caption&quot;:&quot;&quot;,&quot;created_timestamp&quot;:&quot;0&quot;,&quot;copyright&quot;:&quot;&quot;,&quot;focal_length&quot;:&quot;0&quot;,&quot;iso&quot;:&quot;0&quot;,&quot;shutter_speed&quot;:&quot;0&quot;,&quot;title&quot;:&quot;&quot;,&quot;orientation&quot;:&quot;1&quot;}\" data-image-title=\"54CA0C87-C05E-47AE-BFC0-C8BD92E7D165\" data-image-description=\"\" data-image-caption=\"\" data-large-file=\"https:\/\/www.cisa-arica.cl\/wp1\/wp-content\/uploads\/2023\/10\/54CA0C87-C05E-47AE-BFC0-C8BD92E7D165-600x450.jpeg\" role=\"button\" tabindex=\"0\" aria-label=\"Abrir la imagen 49 de 95 en pantalla completa\"srcset=\"https:\/\/i2.wp.com\/www.cisa-arica.cl\/wp1\/wp-content\/uploads\/2023\/10\/54CA0C87-C05E-47AE-BFC0-C8BD92E7D165-600x450.jpeg?strip=info&#038;w=600&#038;ssl=1 600w,https:\/\/i2.wp.com\/www.cisa-arica.cl\/wp1\/wp-content\/uploads\/2023\/10\/54CA0C87-C05E-47AE-BFC0-C8BD92E7D165-600x450.jpeg?strip=info&#038;w=900&#038;ssl=1 900w,https:\/\/i2.wp.com\/www.cisa-arica.cl\/wp1\/wp-content\/uploads\/2023\/10\/54CA0C87-C05E-47AE-BFC0-C8BD92E7D165-600x450.jpeg?strip=info&#038;w=1200&#038;ssl=1 1200w,https:\/\/i2.wp.com\/www.cisa-arica.cl\/wp1\/wp-content\/uploads\/2023\/10\/54CA0C87-C05E-47AE-BFC0-C8BD92E7D165-600x450.jpeg?strip=info&#038;w=1500&#038;ssl=1 1500w,https:\/\/i2.wp.com\/www.cisa-arica.cl\/wp1\/wp-content\/uploads\/2023\/10\/54CA0C87-C05E-47AE-BFC0-C8BD92E7D165-600x450.jpeg?strip=info&#038;w=1800&#038;ssl=1 1800w,https:\/\/i2.wp.com\/www.cisa-arica.cl\/wp1\/wp-content\/uploads\/2023\/10\/54CA0C87-C05E-47AE-BFC0-C8BD92E7D165-600x450.jpeg?strip=info&#038;w=2000&#038;ssl=1 2000w\" alt=\"\" data-height=\"1920\" data-id=\"22762\" data-link=\"https:\/\/www.cisa-arica.cl\/wp1\/?attachment_id=22762\" data-url=\"https:\/\/www.cisa-arica.cl\/wp1\/wp-content\/uploads\/2023\/10\/54CA0C87-C05E-47AE-BFC0-C8BD92E7D165-600x450.jpeg\" data-width=\"2560\" src=\"https:\/\/i2.wp.com\/www.cisa-arica.cl\/wp1\/wp-content\/uploads\/2023\/10\/54CA0C87-C05E-47AE-BFC0-C8BD92E7D165-600x450.jpeg?ssl=1\" data-amp-layout=\"responsive\"\/><\/figure><figure class=\"tiled-gallery__item\"><img decoding=\"async\" data-attachment-id=\"22763\" data-permalink=\"https:\/\/www.cisa-arica.cl\/wp1\/2023\/10\/20\/feria-de-la-ciencia-y-matematica-2023\/7613efd5-ce9e-4704-9804-59d034ff3262\/\" data-orig-file=\"https:\/\/www.cisa-arica.cl\/wp1\/wp-content\/uploads\/2023\/10\/7613EFD5-CE9E-4704-9804-59D034FF3262-scaled.jpeg\" data-orig-size=\"2560,1920\" data-comments-opened=\"0\" data-image-meta=\"{&quot;aperture&quot;:&quot;0&quot;,&quot;credit&quot;:&quot;&quot;,&quot;camera&quot;:&quot;&quot;,&quot;caption&quot;:&quot;&quot;,&quot;created_timestamp&quot;:&quot;0&quot;,&quot;copyright&quot;:&quot;&quot;,&quot;focal_length&quot;:&quot;0&quot;,&quot;iso&quot;:&quot;0&quot;,&quot;shutter_speed&quot;:&quot;0&quot;,&quot;title&quot;:&quot;&quot;,&quot;orientation&quot;:&quot;1&quot;}\" data-image-title=\"7613EFD5-CE9E-4704-9804-59D034FF3262\" data-image-description=\"\" data-image-caption=\"\" data-large-file=\"https:\/\/www.cisa-arica.cl\/wp1\/wp-content\/uploads\/2023\/10\/7613EFD5-CE9E-4704-9804-59D034FF3262-600x450.jpeg\" data-attachment-id=\"22763\" data-permalink=\"https:\/\/www.cisa-arica.cl\/wp1\/2023\/10\/20\/feria-de-la-ciencia-y-matematica-2023\/7613efd5-ce9e-4704-9804-59d034ff3262\/\" data-orig-file=\"https:\/\/www.cisa-arica.cl\/wp1\/wp-content\/uploads\/2023\/10\/7613EFD5-CE9E-4704-9804-59D034FF3262-scaled.jpeg\" data-orig-size=\"2560,1920\" data-comments-opened=\"0\" data-image-meta=\"{&quot;aperture&quot;:&quot;0&quot;,&quot;credit&quot;:&quot;&quot;,&quot;camera&quot;:&quot;&quot;,&quot;caption&quot;:&quot;&quot;,&quot;created_timestamp&quot;:&quot;0&quot;,&quot;copyright&quot;:&quot;&quot;,&quot;focal_length&quot;:&quot;0&quot;,&quot;iso&quot;:&quot;0&quot;,&quot;shutter_speed&quot;:&quot;0&quot;,&quot;title&quot;:&quot;&quot;,&quot;orientation&quot;:&quot;1&quot;}\" data-image-title=\"7613EFD5-CE9E-4704-9804-59D034FF3262\" data-image-description=\"\" data-image-caption=\"\" data-large-file=\"https:\/\/www.cisa-arica.cl\/wp1\/wp-content\/uploads\/2023\/10\/7613EFD5-CE9E-4704-9804-59D034FF3262-600x450.jpeg\" role=\"button\" tabindex=\"0\" aria-label=\"Abrir la imagen 50 de 95 en pantalla completa\"srcset=\"https:\/\/i1.wp.com\/www.cisa-arica.cl\/wp1\/wp-content\/uploads\/2023\/10\/7613EFD5-CE9E-4704-9804-59D034FF3262-600x450.jpeg?strip=info&#038;w=600&#038;ssl=1 600w,https:\/\/i1.wp.com\/www.cisa-arica.cl\/wp1\/wp-content\/uploads\/2023\/10\/7613EFD5-CE9E-4704-9804-59D034FF3262-600x450.jpeg?strip=info&#038;w=900&#038;ssl=1 900w,https:\/\/i1.wp.com\/www.cisa-arica.cl\/wp1\/wp-content\/uploads\/2023\/10\/7613EFD5-CE9E-4704-9804-59D034FF3262-600x450.jpeg?strip=info&#038;w=1200&#038;ssl=1 1200w,https:\/\/i1.wp.com\/www.cisa-arica.cl\/wp1\/wp-content\/uploads\/2023\/10\/7613EFD5-CE9E-4704-9804-59D034FF3262-600x450.jpeg?strip=info&#038;w=1500&#038;ssl=1 1500w,https:\/\/i1.wp.com\/www.cisa-arica.cl\/wp1\/wp-content\/uploads\/2023\/10\/7613EFD5-CE9E-4704-9804-59D034FF3262-600x450.jpeg?strip=info&#038;w=1800&#038;ssl=1 1800w,https:\/\/i1.wp.com\/www.cisa-arica.cl\/wp1\/wp-content\/uploads\/2023\/10\/7613EFD5-CE9E-4704-9804-59D034FF3262-600x450.jpeg?strip=info&#038;w=2000&#038;ssl=1 2000w\" alt=\"\" data-height=\"1920\" data-id=\"22763\" data-link=\"https:\/\/www.cisa-arica.cl\/wp1\/?attachment_id=22763\" data-url=\"https:\/\/www.cisa-arica.cl\/wp1\/wp-content\/uploads\/2023\/10\/7613EFD5-CE9E-4704-9804-59D034FF3262-600x450.jpeg\" data-width=\"2560\" src=\"https:\/\/i1.wp.com\/www.cisa-arica.cl\/wp1\/wp-content\/uploads\/2023\/10\/7613EFD5-CE9E-4704-9804-59D034FF3262-600x450.jpeg?ssl=1\" data-amp-layout=\"responsive\"\/><\/figure><figure class=\"tiled-gallery__item\"><img decoding=\"async\" data-attachment-id=\"22764\" data-permalink=\"https:\/\/www.cisa-arica.cl\/wp1\/2023\/10\/20\/feria-de-la-ciencia-y-matematica-2023\/afa13a6c-3b80-4aa3-a28a-efca689548fa\/\" data-orig-file=\"https:\/\/www.cisa-arica.cl\/wp1\/wp-content\/uploads\/2023\/10\/AFA13A6C-3B80-4AA3-A28A-EFCA689548FA-scaled.jpeg\" data-orig-size=\"2560,1920\" data-comments-opened=\"0\" data-image-meta=\"{&quot;aperture&quot;:&quot;0&quot;,&quot;credit&quot;:&quot;&quot;,&quot;camera&quot;:&quot;&quot;,&quot;caption&quot;:&quot;&quot;,&quot;created_timestamp&quot;:&quot;0&quot;,&quot;copyright&quot;:&quot;&quot;,&quot;focal_length&quot;:&quot;0&quot;,&quot;iso&quot;:&quot;0&quot;,&quot;shutter_speed&quot;:&quot;0&quot;,&quot;title&quot;:&quot;&quot;,&quot;orientation&quot;:&quot;1&quot;}\" data-image-title=\"AFA13A6C-3B80-4AA3-A28A-EFCA689548FA\" data-image-description=\"\" data-image-caption=\"\" data-large-file=\"https:\/\/www.cisa-arica.cl\/wp1\/wp-content\/uploads\/2023\/10\/AFA13A6C-3B80-4AA3-A28A-EFCA689548FA-600x450.jpeg\" data-attachment-id=\"22764\" data-permalink=\"https:\/\/www.cisa-arica.cl\/wp1\/2023\/10\/20\/feria-de-la-ciencia-y-matematica-2023\/afa13a6c-3b80-4aa3-a28a-efca689548fa\/\" data-orig-file=\"https:\/\/www.cisa-arica.cl\/wp1\/wp-content\/uploads\/2023\/10\/AFA13A6C-3B80-4AA3-A28A-EFCA689548FA-scaled.jpeg\" data-orig-size=\"2560,1920\" data-comments-opened=\"0\" data-image-meta=\"{&quot;aperture&quot;:&quot;0&quot;,&quot;credit&quot;:&quot;&quot;,&quot;camera&quot;:&quot;&quot;,&quot;caption&quot;:&quot;&quot;,&quot;created_timestamp&quot;:&quot;0&quot;,&quot;copyright&quot;:&quot;&quot;,&quot;focal_length&quot;:&quot;0&quot;,&quot;iso&quot;:&quot;0&quot;,&quot;shutter_speed&quot;:&quot;0&quot;,&quot;title&quot;:&quot;&quot;,&quot;orientation&quot;:&quot;1&quot;}\" data-image-title=\"AFA13A6C-3B80-4AA3-A28A-EFCA689548FA\" data-image-description=\"\" data-image-caption=\"\" data-large-file=\"https:\/\/www.cisa-arica.cl\/wp1\/wp-content\/uploads\/2023\/10\/AFA13A6C-3B80-4AA3-A28A-EFCA689548FA-600x450.jpeg\" role=\"button\" tabindex=\"0\" aria-label=\"Abrir la imagen 51 de 95 en pantalla completa\"srcset=\"https:\/\/i1.wp.com\/www.cisa-arica.cl\/wp1\/wp-content\/uploads\/2023\/10\/AFA13A6C-3B80-4AA3-A28A-EFCA689548FA-600x450.jpeg?strip=info&#038;w=600&#038;ssl=1 600w,https:\/\/i1.wp.com\/www.cisa-arica.cl\/wp1\/wp-content\/uploads\/2023\/10\/AFA13A6C-3B80-4AA3-A28A-EFCA689548FA-600x450.jpeg?strip=info&#038;w=900&#038;ssl=1 900w,https:\/\/i1.wp.com\/www.cisa-arica.cl\/wp1\/wp-content\/uploads\/2023\/10\/AFA13A6C-3B80-4AA3-A28A-EFCA689548FA-600x450.jpeg?strip=info&#038;w=1200&#038;ssl=1 1200w,https:\/\/i1.wp.com\/www.cisa-arica.cl\/wp1\/wp-content\/uploads\/2023\/10\/AFA13A6C-3B80-4AA3-A28A-EFCA689548FA-600x450.jpeg?strip=info&#038;w=1500&#038;ssl=1 1500w,https:\/\/i1.wp.com\/www.cisa-arica.cl\/wp1\/wp-content\/uploads\/2023\/10\/AFA13A6C-3B80-4AA3-A28A-EFCA689548FA-600x450.jpeg?strip=info&#038;w=1800&#038;ssl=1 1800w,https:\/\/i1.wp.com\/www.cisa-arica.cl\/wp1\/wp-content\/uploads\/2023\/10\/AFA13A6C-3B80-4AA3-A28A-EFCA689548FA-600x450.jpeg?strip=info&#038;w=2000&#038;ssl=1 2000w\" alt=\"\" data-height=\"1920\" data-id=\"22764\" data-link=\"https:\/\/www.cisa-arica.cl\/wp1\/?attachment_id=22764\" data-url=\"https:\/\/www.cisa-arica.cl\/wp1\/wp-content\/uploads\/2023\/10\/AFA13A6C-3B80-4AA3-A28A-EFCA689548FA-600x450.jpeg\" data-width=\"2560\" src=\"https:\/\/i1.wp.com\/www.cisa-arica.cl\/wp1\/wp-content\/uploads\/2023\/10\/AFA13A6C-3B80-4AA3-A28A-EFCA689548FA-600x450.jpeg?ssl=1\" data-amp-layout=\"responsive\"\/><\/figure><\/div><div class=\"tiled-gallery__col\" style=\"flex-basis:63.24591%\"><figure class=\"tiled-gallery__item\"><img decoding=\"async\" data-attachment-id=\"22765\" data-permalink=\"https:\/\/www.cisa-arica.cl\/wp1\/2023\/10\/20\/feria-de-la-ciencia-y-matematica-2023\/c8810e6c-6f05-4104-a3d3-b9468ca27b43\/\" data-orig-file=\"https:\/\/www.cisa-arica.cl\/wp1\/wp-content\/uploads\/2023\/10\/C8810E6C-6F05-4104-A3D3-B9468CA27B43-scaled.jpeg\" data-orig-size=\"1920,2560\" data-comments-opened=\"0\" data-image-meta=\"{&quot;aperture&quot;:&quot;0&quot;,&quot;credit&quot;:&quot;&quot;,&quot;camera&quot;:&quot;&quot;,&quot;caption&quot;:&quot;&quot;,&quot;created_timestamp&quot;:&quot;0&quot;,&quot;copyright&quot;:&quot;&quot;,&quot;focal_length&quot;:&quot;0&quot;,&quot;iso&quot;:&quot;0&quot;,&quot;shutter_speed&quot;:&quot;0&quot;,&quot;title&quot;:&quot;&quot;,&quot;orientation&quot;:&quot;1&quot;}\" data-image-title=\"C8810E6C-6F05-4104-A3D3-B9468CA27B43\" data-image-description=\"\" data-image-caption=\"\" data-large-file=\"https:\/\/www.cisa-arica.cl\/wp1\/wp-content\/uploads\/2023\/10\/C8810E6C-6F05-4104-A3D3-B9468CA27B43-450x600.jpeg\" data-attachment-id=\"22765\" data-permalink=\"https:\/\/www.cisa-arica.cl\/wp1\/2023\/10\/20\/feria-de-la-ciencia-y-matematica-2023\/c8810e6c-6f05-4104-a3d3-b9468ca27b43\/\" data-orig-file=\"https:\/\/www.cisa-arica.cl\/wp1\/wp-content\/uploads\/2023\/10\/C8810E6C-6F05-4104-A3D3-B9468CA27B43-scaled.jpeg\" data-orig-size=\"1920,2560\" data-comments-opened=\"0\" data-image-meta=\"{&quot;aperture&quot;:&quot;0&quot;,&quot;credit&quot;:&quot;&quot;,&quot;camera&quot;:&quot;&quot;,&quot;caption&quot;:&quot;&quot;,&quot;created_timestamp&quot;:&quot;0&quot;,&quot;copyright&quot;:&quot;&quot;,&quot;focal_length&quot;:&quot;0&quot;,&quot;iso&quot;:&quot;0&quot;,&quot;shutter_speed&quot;:&quot;0&quot;,&quot;title&quot;:&quot;&quot;,&quot;orientation&quot;:&quot;1&quot;}\" data-image-title=\"C8810E6C-6F05-4104-A3D3-B9468CA27B43\" data-image-description=\"\" data-image-caption=\"\" data-large-file=\"https:\/\/www.cisa-arica.cl\/wp1\/wp-content\/uploads\/2023\/10\/C8810E6C-6F05-4104-A3D3-B9468CA27B43-450x600.jpeg\" role=\"button\" tabindex=\"0\" aria-label=\"Abrir la imagen 52 de 95 en pantalla completa\"srcset=\"https:\/\/i2.wp.com\/www.cisa-arica.cl\/wp1\/wp-content\/uploads\/2023\/10\/C8810E6C-6F05-4104-A3D3-B9468CA27B43-450x600.jpeg?strip=info&#038;w=600&#038;ssl=1 600w,https:\/\/i2.wp.com\/www.cisa-arica.cl\/wp1\/wp-content\/uploads\/2023\/10\/C8810E6C-6F05-4104-A3D3-B9468CA27B43-450x600.jpeg?strip=info&#038;w=900&#038;ssl=1 900w,https:\/\/i2.wp.com\/www.cisa-arica.cl\/wp1\/wp-content\/uploads\/2023\/10\/C8810E6C-6F05-4104-A3D3-B9468CA27B43-450x600.jpeg?strip=info&#038;w=1200&#038;ssl=1 1200w,https:\/\/i2.wp.com\/www.cisa-arica.cl\/wp1\/wp-content\/uploads\/2023\/10\/C8810E6C-6F05-4104-A3D3-B9468CA27B43-450x600.jpeg?strip=info&#038;w=1500&#038;ssl=1 1500w,https:\/\/i2.wp.com\/www.cisa-arica.cl\/wp1\/wp-content\/uploads\/2023\/10\/C8810E6C-6F05-4104-A3D3-B9468CA27B43-450x600.jpeg?strip=info&#038;w=1800&#038;ssl=1 1800w,https:\/\/i2.wp.com\/www.cisa-arica.cl\/wp1\/wp-content\/uploads\/2023\/10\/C8810E6C-6F05-4104-A3D3-B9468CA27B43-450x600.jpeg?strip=info&#038;w=1920&#038;ssl=1 1920w\" alt=\"\" data-height=\"2560\" data-id=\"22765\" data-link=\"https:\/\/www.cisa-arica.cl\/wp1\/?attachment_id=22765\" data-url=\"https:\/\/www.cisa-arica.cl\/wp1\/wp-content\/uploads\/2023\/10\/C8810E6C-6F05-4104-A3D3-B9468CA27B43-450x600.jpeg\" data-width=\"1920\" src=\"https:\/\/i2.wp.com\/www.cisa-arica.cl\/wp1\/wp-content\/uploads\/2023\/10\/C8810E6C-6F05-4104-A3D3-B9468CA27B43-450x600.jpeg?ssl=1\" data-amp-layout=\"responsive\"\/><\/figure><\/div><\/div><div class=\"tiled-gallery__row\"><div class=\"tiled-gallery__col\" style=\"flex-basis:25.00000%\"><figure class=\"tiled-gallery__item\"><img decoding=\"async\" data-attachment-id=\"22766\" data-permalink=\"https:\/\/www.cisa-arica.cl\/wp1\/2023\/10\/20\/feria-de-la-ciencia-y-matematica-2023\/9cf7425d-fb3b-4acd-a7de-c0583ad3d152\/\" data-orig-file=\"https:\/\/www.cisa-arica.cl\/wp1\/wp-content\/uploads\/2023\/10\/9CF7425D-FB3B-4ACD-A7DE-C0583AD3D152-scaled.jpeg\" data-orig-size=\"1920,2560\" data-comments-opened=\"0\" data-image-meta=\"{&quot;aperture&quot;:&quot;0&quot;,&quot;credit&quot;:&quot;&quot;,&quot;camera&quot;:&quot;&quot;,&quot;caption&quot;:&quot;&quot;,&quot;created_timestamp&quot;:&quot;0&quot;,&quot;copyright&quot;:&quot;&quot;,&quot;focal_length&quot;:&quot;0&quot;,&quot;iso&quot;:&quot;0&quot;,&quot;shutter_speed&quot;:&quot;0&quot;,&quot;title&quot;:&quot;&quot;,&quot;orientation&quot;:&quot;1&quot;}\" data-image-title=\"9CF7425D-FB3B-4ACD-A7DE-C0583AD3D152\" data-image-description=\"\" data-image-caption=\"\" data-large-file=\"https:\/\/www.cisa-arica.cl\/wp1\/wp-content\/uploads\/2023\/10\/9CF7425D-FB3B-4ACD-A7DE-C0583AD3D152-450x600.jpeg\" data-attachment-id=\"22766\" data-permalink=\"https:\/\/www.cisa-arica.cl\/wp1\/2023\/10\/20\/feria-de-la-ciencia-y-matematica-2023\/9cf7425d-fb3b-4acd-a7de-c0583ad3d152\/\" data-orig-file=\"https:\/\/www.cisa-arica.cl\/wp1\/wp-content\/uploads\/2023\/10\/9CF7425D-FB3B-4ACD-A7DE-C0583AD3D152-scaled.jpeg\" data-orig-size=\"1920,2560\" data-comments-opened=\"0\" data-image-meta=\"{&quot;aperture&quot;:&quot;0&quot;,&quot;credit&quot;:&quot;&quot;,&quot;camera&quot;:&quot;&quot;,&quot;caption&quot;:&quot;&quot;,&quot;created_timestamp&quot;:&quot;0&quot;,&quot;copyright&quot;:&quot;&quot;,&quot;focal_length&quot;:&quot;0&quot;,&quot;iso&quot;:&quot;0&quot;,&quot;shutter_speed&quot;:&quot;0&quot;,&quot;title&quot;:&quot;&quot;,&quot;orientation&quot;:&quot;1&quot;}\" data-image-title=\"9CF7425D-FB3B-4ACD-A7DE-C0583AD3D152\" data-image-description=\"\" data-image-caption=\"\" data-large-file=\"https:\/\/www.cisa-arica.cl\/wp1\/wp-content\/uploads\/2023\/10\/9CF7425D-FB3B-4ACD-A7DE-C0583AD3D152-450x600.jpeg\" role=\"button\" tabindex=\"0\" aria-label=\"Abrir la imagen 53 de 95 en pantalla completa\"srcset=\"https:\/\/i1.wp.com\/www.cisa-arica.cl\/wp1\/wp-content\/uploads\/2023\/10\/9CF7425D-FB3B-4ACD-A7DE-C0583AD3D152-450x600.jpeg?strip=info&#038;w=600&#038;ssl=1 600w,https:\/\/i1.wp.com\/www.cisa-arica.cl\/wp1\/wp-content\/uploads\/2023\/10\/9CF7425D-FB3B-4ACD-A7DE-C0583AD3D152-450x600.jpeg?strip=info&#038;w=900&#038;ssl=1 900w,https:\/\/i1.wp.com\/www.cisa-arica.cl\/wp1\/wp-content\/uploads\/2023\/10\/9CF7425D-FB3B-4ACD-A7DE-C0583AD3D152-450x600.jpeg?strip=info&#038;w=1200&#038;ssl=1 1200w,https:\/\/i1.wp.com\/www.cisa-arica.cl\/wp1\/wp-content\/uploads\/2023\/10\/9CF7425D-FB3B-4ACD-A7DE-C0583AD3D152-450x600.jpeg?strip=info&#038;w=1500&#038;ssl=1 1500w,https:\/\/i1.wp.com\/www.cisa-arica.cl\/wp1\/wp-content\/uploads\/2023\/10\/9CF7425D-FB3B-4ACD-A7DE-C0583AD3D152-450x600.jpeg?strip=info&#038;w=1800&#038;ssl=1 1800w,https:\/\/i1.wp.com\/www.cisa-arica.cl\/wp1\/wp-content\/uploads\/2023\/10\/9CF7425D-FB3B-4ACD-A7DE-C0583AD3D152-450x600.jpeg?strip=info&#038;w=1920&#038;ssl=1 1920w\" alt=\"\" data-height=\"2560\" data-id=\"22766\" data-link=\"https:\/\/www.cisa-arica.cl\/wp1\/?attachment_id=22766\" data-url=\"https:\/\/www.cisa-arica.cl\/wp1\/wp-content\/uploads\/2023\/10\/9CF7425D-FB3B-4ACD-A7DE-C0583AD3D152-450x600.jpeg\" data-width=\"1920\" src=\"https:\/\/i1.wp.com\/www.cisa-arica.cl\/wp1\/wp-content\/uploads\/2023\/10\/9CF7425D-FB3B-4ACD-A7DE-C0583AD3D152-450x600.jpeg?ssl=1\" data-amp-layout=\"responsive\"\/><\/figure><\/div><div class=\"tiled-gallery__col\" style=\"flex-basis:25.00000%\"><figure class=\"tiled-gallery__item\"><img decoding=\"async\" data-attachment-id=\"22767\" data-permalink=\"https:\/\/www.cisa-arica.cl\/wp1\/2023\/10\/20\/feria-de-la-ciencia-y-matematica-2023\/7ab1b1ae-8905-4934-a4ba-29fa382957ea\/\" data-orig-file=\"https:\/\/www.cisa-arica.cl\/wp1\/wp-content\/uploads\/2023\/10\/7AB1B1AE-8905-4934-A4BA-29FA382957EA-scaled.jpeg\" data-orig-size=\"1920,2560\" data-comments-opened=\"0\" data-image-meta=\"{&quot;aperture&quot;:&quot;0&quot;,&quot;credit&quot;:&quot;&quot;,&quot;camera&quot;:&quot;&quot;,&quot;caption&quot;:&quot;&quot;,&quot;created_timestamp&quot;:&quot;0&quot;,&quot;copyright&quot;:&quot;&quot;,&quot;focal_length&quot;:&quot;0&quot;,&quot;iso&quot;:&quot;0&quot;,&quot;shutter_speed&quot;:&quot;0&quot;,&quot;title&quot;:&quot;&quot;,&quot;orientation&quot;:&quot;1&quot;}\" data-image-title=\"7AB1B1AE-8905-4934-A4BA-29FA382957EA\" data-image-description=\"\" data-image-caption=\"\" data-large-file=\"https:\/\/www.cisa-arica.cl\/wp1\/wp-content\/uploads\/2023\/10\/7AB1B1AE-8905-4934-A4BA-29FA382957EA-450x600.jpeg\" data-attachment-id=\"22767\" data-permalink=\"https:\/\/www.cisa-arica.cl\/wp1\/2023\/10\/20\/feria-de-la-ciencia-y-matematica-2023\/7ab1b1ae-8905-4934-a4ba-29fa382957ea\/\" data-orig-file=\"https:\/\/www.cisa-arica.cl\/wp1\/wp-content\/uploads\/2023\/10\/7AB1B1AE-8905-4934-A4BA-29FA382957EA-scaled.jpeg\" data-orig-size=\"1920,2560\" data-comments-opened=\"0\" data-image-meta=\"{&quot;aperture&quot;:&quot;0&quot;,&quot;credit&quot;:&quot;&quot;,&quot;camera&quot;:&quot;&quot;,&quot;caption&quot;:&quot;&quot;,&quot;created_timestamp&quot;:&quot;0&quot;,&quot;copyright&quot;:&quot;&quot;,&quot;focal_length&quot;:&quot;0&quot;,&quot;iso&quot;:&quot;0&quot;,&quot;shutter_speed&quot;:&quot;0&quot;,&quot;title&quot;:&quot;&quot;,&quot;orientation&quot;:&quot;1&quot;}\" data-image-title=\"7AB1B1AE-8905-4934-A4BA-29FA382957EA\" data-image-description=\"\" data-image-caption=\"\" data-large-file=\"https:\/\/www.cisa-arica.cl\/wp1\/wp-content\/uploads\/2023\/10\/7AB1B1AE-8905-4934-A4BA-29FA382957EA-450x600.jpeg\" role=\"button\" tabindex=\"0\" aria-label=\"Abrir la imagen 54 de 95 en pantalla completa\"srcset=\"https:\/\/i1.wp.com\/www.cisa-arica.cl\/wp1\/wp-content\/uploads\/2023\/10\/7AB1B1AE-8905-4934-A4BA-29FA382957EA-450x600.jpeg?strip=info&#038;w=600&#038;ssl=1 600w,https:\/\/i1.wp.com\/www.cisa-arica.cl\/wp1\/wp-content\/uploads\/2023\/10\/7AB1B1AE-8905-4934-A4BA-29FA382957EA-450x600.jpeg?strip=info&#038;w=900&#038;ssl=1 900w,https:\/\/i1.wp.com\/www.cisa-arica.cl\/wp1\/wp-content\/uploads\/2023\/10\/7AB1B1AE-8905-4934-A4BA-29FA382957EA-450x600.jpeg?strip=info&#038;w=1200&#038;ssl=1 1200w,https:\/\/i1.wp.com\/www.cisa-arica.cl\/wp1\/wp-content\/uploads\/2023\/10\/7AB1B1AE-8905-4934-A4BA-29FA382957EA-450x600.jpeg?strip=info&#038;w=1500&#038;ssl=1 1500w,https:\/\/i1.wp.com\/www.cisa-arica.cl\/wp1\/wp-content\/uploads\/2023\/10\/7AB1B1AE-8905-4934-A4BA-29FA382957EA-450x600.jpeg?strip=info&#038;w=1800&#038;ssl=1 1800w,https:\/\/i1.wp.com\/www.cisa-arica.cl\/wp1\/wp-content\/uploads\/2023\/10\/7AB1B1AE-8905-4934-A4BA-29FA382957EA-450x600.jpeg?strip=info&#038;w=1920&#038;ssl=1 1920w\" alt=\"\" data-height=\"2560\" data-id=\"22767\" data-link=\"https:\/\/www.cisa-arica.cl\/wp1\/?attachment_id=22767\" data-url=\"https:\/\/www.cisa-arica.cl\/wp1\/wp-content\/uploads\/2023\/10\/7AB1B1AE-8905-4934-A4BA-29FA382957EA-450x600.jpeg\" data-width=\"1920\" src=\"https:\/\/i1.wp.com\/www.cisa-arica.cl\/wp1\/wp-content\/uploads\/2023\/10\/7AB1B1AE-8905-4934-A4BA-29FA382957EA-450x600.jpeg?ssl=1\" data-amp-layout=\"responsive\"\/><\/figure><\/div><div class=\"tiled-gallery__col\" style=\"flex-basis:25.00000%\"><figure class=\"tiled-gallery__item\"><img decoding=\"async\" data-attachment-id=\"22768\" data-permalink=\"https:\/\/www.cisa-arica.cl\/wp1\/2023\/10\/20\/feria-de-la-ciencia-y-matematica-2023\/7740294f-e9b1-4bd8-8711-60c4a9987910\/\" data-orig-file=\"https:\/\/www.cisa-arica.cl\/wp1\/wp-content\/uploads\/2023\/10\/7740294F-E9B1-4BD8-8711-60C4A9987910-scaled.jpeg\" data-orig-size=\"1920,2560\" data-comments-opened=\"0\" data-image-meta=\"{&quot;aperture&quot;:&quot;0&quot;,&quot;credit&quot;:&quot;&quot;,&quot;camera&quot;:&quot;&quot;,&quot;caption&quot;:&quot;&quot;,&quot;created_timestamp&quot;:&quot;0&quot;,&quot;copyright&quot;:&quot;&quot;,&quot;focal_length&quot;:&quot;0&quot;,&quot;iso&quot;:&quot;0&quot;,&quot;shutter_speed&quot;:&quot;0&quot;,&quot;title&quot;:&quot;&quot;,&quot;orientation&quot;:&quot;1&quot;}\" data-image-title=\"7740294F-E9B1-4BD8-8711-60C4A9987910\" data-image-description=\"\" data-image-caption=\"\" data-large-file=\"https:\/\/www.cisa-arica.cl\/wp1\/wp-content\/uploads\/2023\/10\/7740294F-E9B1-4BD8-8711-60C4A9987910-450x600.jpeg\" data-attachment-id=\"22768\" data-permalink=\"https:\/\/www.cisa-arica.cl\/wp1\/2023\/10\/20\/feria-de-la-ciencia-y-matematica-2023\/7740294f-e9b1-4bd8-8711-60c4a9987910\/\" data-orig-file=\"https:\/\/www.cisa-arica.cl\/wp1\/wp-content\/uploads\/2023\/10\/7740294F-E9B1-4BD8-8711-60C4A9987910-scaled.jpeg\" data-orig-size=\"1920,2560\" data-comments-opened=\"0\" data-image-meta=\"{&quot;aperture&quot;:&quot;0&quot;,&quot;credit&quot;:&quot;&quot;,&quot;camera&quot;:&quot;&quot;,&quot;caption&quot;:&quot;&quot;,&quot;created_timestamp&quot;:&quot;0&quot;,&quot;copyright&quot;:&quot;&quot;,&quot;focal_length&quot;:&quot;0&quot;,&quot;iso&quot;:&quot;0&quot;,&quot;shutter_speed&quot;:&quot;0&quot;,&quot;title&quot;:&quot;&quot;,&quot;orientation&quot;:&quot;1&quot;}\" data-image-title=\"7740294F-E9B1-4BD8-8711-60C4A9987910\" data-image-description=\"\" data-image-caption=\"\" data-large-file=\"https:\/\/www.cisa-arica.cl\/wp1\/wp-content\/uploads\/2023\/10\/7740294F-E9B1-4BD8-8711-60C4A9987910-450x600.jpeg\" role=\"button\" tabindex=\"0\" aria-label=\"Abrir la imagen 55 de 95 en pantalla completa\"srcset=\"https:\/\/i1.wp.com\/www.cisa-arica.cl\/wp1\/wp-content\/uploads\/2023\/10\/7740294F-E9B1-4BD8-8711-60C4A9987910-450x600.jpeg?strip=info&#038;w=600&#038;ssl=1 600w,https:\/\/i1.wp.com\/www.cisa-arica.cl\/wp1\/wp-content\/uploads\/2023\/10\/7740294F-E9B1-4BD8-8711-60C4A9987910-450x600.jpeg?strip=info&#038;w=900&#038;ssl=1 900w,https:\/\/i1.wp.com\/www.cisa-arica.cl\/wp1\/wp-content\/uploads\/2023\/10\/7740294F-E9B1-4BD8-8711-60C4A9987910-450x600.jpeg?strip=info&#038;w=1200&#038;ssl=1 1200w,https:\/\/i1.wp.com\/www.cisa-arica.cl\/wp1\/wp-content\/uploads\/2023\/10\/7740294F-E9B1-4BD8-8711-60C4A9987910-450x600.jpeg?strip=info&#038;w=1500&#038;ssl=1 1500w,https:\/\/i1.wp.com\/www.cisa-arica.cl\/wp1\/wp-content\/uploads\/2023\/10\/7740294F-E9B1-4BD8-8711-60C4A9987910-450x600.jpeg?strip=info&#038;w=1800&#038;ssl=1 1800w,https:\/\/i1.wp.com\/www.cisa-arica.cl\/wp1\/wp-content\/uploads\/2023\/10\/7740294F-E9B1-4BD8-8711-60C4A9987910-450x600.jpeg?strip=info&#038;w=1920&#038;ssl=1 1920w\" alt=\"\" data-height=\"2560\" data-id=\"22768\" data-link=\"https:\/\/www.cisa-arica.cl\/wp1\/?attachment_id=22768\" data-url=\"https:\/\/www.cisa-arica.cl\/wp1\/wp-content\/uploads\/2023\/10\/7740294F-E9B1-4BD8-8711-60C4A9987910-450x600.jpeg\" data-width=\"1920\" src=\"https:\/\/i1.wp.com\/www.cisa-arica.cl\/wp1\/wp-content\/uploads\/2023\/10\/7740294F-E9B1-4BD8-8711-60C4A9987910-450x600.jpeg?ssl=1\" data-amp-layout=\"responsive\"\/><\/figure><\/div><div class=\"tiled-gallery__col\" style=\"flex-basis:25.00000%\"><figure class=\"tiled-gallery__item\"><img decoding=\"async\" data-attachment-id=\"22769\" data-permalink=\"https:\/\/www.cisa-arica.cl\/wp1\/2023\/10\/20\/feria-de-la-ciencia-y-matematica-2023\/6d24dc2c-29db-4e92-842c-3c21fe0dfe01\/\" data-orig-file=\"https:\/\/www.cisa-arica.cl\/wp1\/wp-content\/uploads\/2023\/10\/6D24DC2C-29DB-4E92-842C-3C21FE0DFE01-scaled.jpeg\" data-orig-size=\"1920,2560\" data-comments-opened=\"0\" data-image-meta=\"{&quot;aperture&quot;:&quot;0&quot;,&quot;credit&quot;:&quot;&quot;,&quot;camera&quot;:&quot;&quot;,&quot;caption&quot;:&quot;&quot;,&quot;created_timestamp&quot;:&quot;0&quot;,&quot;copyright&quot;:&quot;&quot;,&quot;focal_length&quot;:&quot;0&quot;,&quot;iso&quot;:&quot;0&quot;,&quot;shutter_speed&quot;:&quot;0&quot;,&quot;title&quot;:&quot;&quot;,&quot;orientation&quot;:&quot;1&quot;}\" data-image-title=\"6D24DC2C-29DB-4E92-842C-3C21FE0DFE01\" data-image-description=\"\" data-image-caption=\"\" data-large-file=\"https:\/\/www.cisa-arica.cl\/wp1\/wp-content\/uploads\/2023\/10\/6D24DC2C-29DB-4E92-842C-3C21FE0DFE01-450x600.jpeg\" data-attachment-id=\"22769\" data-permalink=\"https:\/\/www.cisa-arica.cl\/wp1\/2023\/10\/20\/feria-de-la-ciencia-y-matematica-2023\/6d24dc2c-29db-4e92-842c-3c21fe0dfe01\/\" data-orig-file=\"https:\/\/www.cisa-arica.cl\/wp1\/wp-content\/uploads\/2023\/10\/6D24DC2C-29DB-4E92-842C-3C21FE0DFE01-scaled.jpeg\" data-orig-size=\"1920,2560\" data-comments-opened=\"0\" data-image-meta=\"{&quot;aperture&quot;:&quot;0&quot;,&quot;credit&quot;:&quot;&quot;,&quot;camera&quot;:&quot;&quot;,&quot;caption&quot;:&quot;&quot;,&quot;created_timestamp&quot;:&quot;0&quot;,&quot;copyright&quot;:&quot;&quot;,&quot;focal_length&quot;:&quot;0&quot;,&quot;iso&quot;:&quot;0&quot;,&quot;shutter_speed&quot;:&quot;0&quot;,&quot;title&quot;:&quot;&quot;,&quot;orientation&quot;:&quot;1&quot;}\" data-image-title=\"6D24DC2C-29DB-4E92-842C-3C21FE0DFE01\" data-image-description=\"\" data-image-caption=\"\" data-large-file=\"https:\/\/www.cisa-arica.cl\/wp1\/wp-content\/uploads\/2023\/10\/6D24DC2C-29DB-4E92-842C-3C21FE0DFE01-450x600.jpeg\" role=\"button\" tabindex=\"0\" aria-label=\"Abrir la imagen 56 de 95 en pantalla completa\"srcset=\"https:\/\/i1.wp.com\/www.cisa-arica.cl\/wp1\/wp-content\/uploads\/2023\/10\/6D24DC2C-29DB-4E92-842C-3C21FE0DFE01-450x600.jpeg?strip=info&#038;w=600&#038;ssl=1 600w,https:\/\/i1.wp.com\/www.cisa-arica.cl\/wp1\/wp-content\/uploads\/2023\/10\/6D24DC2C-29DB-4E92-842C-3C21FE0DFE01-450x600.jpeg?strip=info&#038;w=900&#038;ssl=1 900w,https:\/\/i1.wp.com\/www.cisa-arica.cl\/wp1\/wp-content\/uploads\/2023\/10\/6D24DC2C-29DB-4E92-842C-3C21FE0DFE01-450x600.jpeg?strip=info&#038;w=1200&#038;ssl=1 1200w,https:\/\/i1.wp.com\/www.cisa-arica.cl\/wp1\/wp-content\/uploads\/2023\/10\/6D24DC2C-29DB-4E92-842C-3C21FE0DFE01-450x600.jpeg?strip=info&#038;w=1500&#038;ssl=1 1500w,https:\/\/i1.wp.com\/www.cisa-arica.cl\/wp1\/wp-content\/uploads\/2023\/10\/6D24DC2C-29DB-4E92-842C-3C21FE0DFE01-450x600.jpeg?strip=info&#038;w=1800&#038;ssl=1 1800w,https:\/\/i1.wp.com\/www.cisa-arica.cl\/wp1\/wp-content\/uploads\/2023\/10\/6D24DC2C-29DB-4E92-842C-3C21FE0DFE01-450x600.jpeg?strip=info&#038;w=1920&#038;ssl=1 1920w\" alt=\"\" data-height=\"2560\" data-id=\"22769\" data-link=\"https:\/\/www.cisa-arica.cl\/wp1\/?attachment_id=22769\" data-url=\"https:\/\/www.cisa-arica.cl\/wp1\/wp-content\/uploads\/2023\/10\/6D24DC2C-29DB-4E92-842C-3C21FE0DFE01-450x600.jpeg\" data-width=\"1920\" src=\"https:\/\/i1.wp.com\/www.cisa-arica.cl\/wp1\/wp-content\/uploads\/2023\/10\/6D24DC2C-29DB-4E92-842C-3C21FE0DFE01-450x600.jpeg?ssl=1\" data-amp-layout=\"responsive\"\/><\/figure><\/div><\/div><div class=\"tiled-gallery__row\"><div class=\"tiled-gallery__col\" style=\"flex-basis:33.33333%\"><figure class=\"tiled-gallery__item\"><img decoding=\"async\" data-attachment-id=\"22770\" data-permalink=\"https:\/\/www.cisa-arica.cl\/wp1\/2023\/10\/20\/feria-de-la-ciencia-y-matematica-2023\/37b2de58-3e3a-4c36-905e-3ef4b2ee5503\/\" data-orig-file=\"https:\/\/www.cisa-arica.cl\/wp1\/wp-content\/uploads\/2023\/10\/37B2DE58-3E3A-4C36-905E-3EF4B2EE5503-scaled.jpeg\" data-orig-size=\"1920,2560\" data-comments-opened=\"0\" data-image-meta=\"{&quot;aperture&quot;:&quot;0&quot;,&quot;credit&quot;:&quot;&quot;,&quot;camera&quot;:&quot;&quot;,&quot;caption&quot;:&quot;&quot;,&quot;created_timestamp&quot;:&quot;0&quot;,&quot;copyright&quot;:&quot;&quot;,&quot;focal_length&quot;:&quot;0&quot;,&quot;iso&quot;:&quot;0&quot;,&quot;shutter_speed&quot;:&quot;0&quot;,&quot;title&quot;:&quot;&quot;,&quot;orientation&quot;:&quot;1&quot;}\" data-image-title=\"37B2DE58-3E3A-4C36-905E-3EF4B2EE5503\" data-image-description=\"\" data-image-caption=\"\" data-large-file=\"https:\/\/www.cisa-arica.cl\/wp1\/wp-content\/uploads\/2023\/10\/37B2DE58-3E3A-4C36-905E-3EF4B2EE5503-450x600.jpeg\" data-attachment-id=\"22770\" data-permalink=\"https:\/\/www.cisa-arica.cl\/wp1\/2023\/10\/20\/feria-de-la-ciencia-y-matematica-2023\/37b2de58-3e3a-4c36-905e-3ef4b2ee5503\/\" data-orig-file=\"https:\/\/www.cisa-arica.cl\/wp1\/wp-content\/uploads\/2023\/10\/37B2DE58-3E3A-4C36-905E-3EF4B2EE5503-scaled.jpeg\" data-orig-size=\"1920,2560\" data-comments-opened=\"0\" data-image-meta=\"{&quot;aperture&quot;:&quot;0&quot;,&quot;credit&quot;:&quot;&quot;,&quot;camera&quot;:&quot;&quot;,&quot;caption&quot;:&quot;&quot;,&quot;created_timestamp&quot;:&quot;0&quot;,&quot;copyright&quot;:&quot;&quot;,&quot;focal_length&quot;:&quot;0&quot;,&quot;iso&quot;:&quot;0&quot;,&quot;shutter_speed&quot;:&quot;0&quot;,&quot;title&quot;:&quot;&quot;,&quot;orientation&quot;:&quot;1&quot;}\" data-image-title=\"37B2DE58-3E3A-4C36-905E-3EF4B2EE5503\" data-image-description=\"\" data-image-caption=\"\" data-large-file=\"https:\/\/www.cisa-arica.cl\/wp1\/wp-content\/uploads\/2023\/10\/37B2DE58-3E3A-4C36-905E-3EF4B2EE5503-450x600.jpeg\" role=\"button\" tabindex=\"0\" aria-label=\"Abrir la imagen 57 de 95 en pantalla completa\"srcset=\"https:\/\/i2.wp.com\/www.cisa-arica.cl\/wp1\/wp-content\/uploads\/2023\/10\/37B2DE58-3E3A-4C36-905E-3EF4B2EE5503-450x600.jpeg?strip=info&#038;w=600&#038;ssl=1 600w,https:\/\/i2.wp.com\/www.cisa-arica.cl\/wp1\/wp-content\/uploads\/2023\/10\/37B2DE58-3E3A-4C36-905E-3EF4B2EE5503-450x600.jpeg?strip=info&#038;w=900&#038;ssl=1 900w,https:\/\/i2.wp.com\/www.cisa-arica.cl\/wp1\/wp-content\/uploads\/2023\/10\/37B2DE58-3E3A-4C36-905E-3EF4B2EE5503-450x600.jpeg?strip=info&#038;w=1200&#038;ssl=1 1200w,https:\/\/i2.wp.com\/www.cisa-arica.cl\/wp1\/wp-content\/uploads\/2023\/10\/37B2DE58-3E3A-4C36-905E-3EF4B2EE5503-450x600.jpeg?strip=info&#038;w=1500&#038;ssl=1 1500w,https:\/\/i2.wp.com\/www.cisa-arica.cl\/wp1\/wp-content\/uploads\/2023\/10\/37B2DE58-3E3A-4C36-905E-3EF4B2EE5503-450x600.jpeg?strip=info&#038;w=1800&#038;ssl=1 1800w,https:\/\/i2.wp.com\/www.cisa-arica.cl\/wp1\/wp-content\/uploads\/2023\/10\/37B2DE58-3E3A-4C36-905E-3EF4B2EE5503-450x600.jpeg?strip=info&#038;w=1920&#038;ssl=1 1920w\" alt=\"\" data-height=\"2560\" data-id=\"22770\" data-link=\"https:\/\/www.cisa-arica.cl\/wp1\/?attachment_id=22770\" data-url=\"https:\/\/www.cisa-arica.cl\/wp1\/wp-content\/uploads\/2023\/10\/37B2DE58-3E3A-4C36-905E-3EF4B2EE5503-450x600.jpeg\" data-width=\"1920\" src=\"https:\/\/i2.wp.com\/www.cisa-arica.cl\/wp1\/wp-content\/uploads\/2023\/10\/37B2DE58-3E3A-4C36-905E-3EF4B2EE5503-450x600.jpeg?ssl=1\" data-amp-layout=\"responsive\"\/><\/figure><\/div><div class=\"tiled-gallery__col\" style=\"flex-basis:33.33333%\"><figure class=\"tiled-gallery__item\"><img decoding=\"async\" data-attachment-id=\"22771\" data-permalink=\"https:\/\/www.cisa-arica.cl\/wp1\/2023\/10\/20\/feria-de-la-ciencia-y-matematica-2023\/5755655c-6a24-4ad1-ae1b-7297009b199a\/\" data-orig-file=\"https:\/\/www.cisa-arica.cl\/wp1\/wp-content\/uploads\/2023\/10\/5755655C-6A24-4AD1-AE1B-7297009B199A-scaled.jpeg\" data-orig-size=\"1920,2560\" data-comments-opened=\"0\" data-image-meta=\"{&quot;aperture&quot;:&quot;0&quot;,&quot;credit&quot;:&quot;&quot;,&quot;camera&quot;:&quot;&quot;,&quot;caption&quot;:&quot;&quot;,&quot;created_timestamp&quot;:&quot;0&quot;,&quot;copyright&quot;:&quot;&quot;,&quot;focal_length&quot;:&quot;0&quot;,&quot;iso&quot;:&quot;0&quot;,&quot;shutter_speed&quot;:&quot;0&quot;,&quot;title&quot;:&quot;&quot;,&quot;orientation&quot;:&quot;1&quot;}\" data-image-title=\"5755655C-6A24-4AD1-AE1B-7297009B199A\" data-image-description=\"\" data-image-caption=\"\" data-large-file=\"https:\/\/www.cisa-arica.cl\/wp1\/wp-content\/uploads\/2023\/10\/5755655C-6A24-4AD1-AE1B-7297009B199A-450x600.jpeg\" data-attachment-id=\"22771\" data-permalink=\"https:\/\/www.cisa-arica.cl\/wp1\/2023\/10\/20\/feria-de-la-ciencia-y-matematica-2023\/5755655c-6a24-4ad1-ae1b-7297009b199a\/\" data-orig-file=\"https:\/\/www.cisa-arica.cl\/wp1\/wp-content\/uploads\/2023\/10\/5755655C-6A24-4AD1-AE1B-7297009B199A-scaled.jpeg\" data-orig-size=\"1920,2560\" data-comments-opened=\"0\" data-image-meta=\"{&quot;aperture&quot;:&quot;0&quot;,&quot;credit&quot;:&quot;&quot;,&quot;camera&quot;:&quot;&quot;,&quot;caption&quot;:&quot;&quot;,&quot;created_timestamp&quot;:&quot;0&quot;,&quot;copyright&quot;:&quot;&quot;,&quot;focal_length&quot;:&quot;0&quot;,&quot;iso&quot;:&quot;0&quot;,&quot;shutter_speed&quot;:&quot;0&quot;,&quot;title&quot;:&quot;&quot;,&quot;orientation&quot;:&quot;1&quot;}\" data-image-title=\"5755655C-6A24-4AD1-AE1B-7297009B199A\" data-image-description=\"\" data-image-caption=\"\" data-large-file=\"https:\/\/www.cisa-arica.cl\/wp1\/wp-content\/uploads\/2023\/10\/5755655C-6A24-4AD1-AE1B-7297009B199A-450x600.jpeg\" role=\"button\" tabindex=\"0\" aria-label=\"Abrir la imagen 58 de 95 en pantalla completa\"srcset=\"https:\/\/i2.wp.com\/www.cisa-arica.cl\/wp1\/wp-content\/uploads\/2023\/10\/5755655C-6A24-4AD1-AE1B-7297009B199A-450x600.jpeg?strip=info&#038;w=600&#038;ssl=1 600w,https:\/\/i2.wp.com\/www.cisa-arica.cl\/wp1\/wp-content\/uploads\/2023\/10\/5755655C-6A24-4AD1-AE1B-7297009B199A-450x600.jpeg?strip=info&#038;w=900&#038;ssl=1 900w,https:\/\/i2.wp.com\/www.cisa-arica.cl\/wp1\/wp-content\/uploads\/2023\/10\/5755655C-6A24-4AD1-AE1B-7297009B199A-450x600.jpeg?strip=info&#038;w=1200&#038;ssl=1 1200w,https:\/\/i2.wp.com\/www.cisa-arica.cl\/wp1\/wp-content\/uploads\/2023\/10\/5755655C-6A24-4AD1-AE1B-7297009B199A-450x600.jpeg?strip=info&#038;w=1500&#038;ssl=1 1500w,https:\/\/i2.wp.com\/www.cisa-arica.cl\/wp1\/wp-content\/uploads\/2023\/10\/5755655C-6A24-4AD1-AE1B-7297009B199A-450x600.jpeg?strip=info&#038;w=1800&#038;ssl=1 1800w,https:\/\/i2.wp.com\/www.cisa-arica.cl\/wp1\/wp-content\/uploads\/2023\/10\/5755655C-6A24-4AD1-AE1B-7297009B199A-450x600.jpeg?strip=info&#038;w=1920&#038;ssl=1 1920w\" alt=\"\" data-height=\"2560\" data-id=\"22771\" data-link=\"https:\/\/www.cisa-arica.cl\/wp1\/?attachment_id=22771\" data-url=\"https:\/\/www.cisa-arica.cl\/wp1\/wp-content\/uploads\/2023\/10\/5755655C-6A24-4AD1-AE1B-7297009B199A-450x600.jpeg\" data-width=\"1920\" src=\"https:\/\/i2.wp.com\/www.cisa-arica.cl\/wp1\/wp-content\/uploads\/2023\/10\/5755655C-6A24-4AD1-AE1B-7297009B199A-450x600.jpeg?ssl=1\" data-amp-layout=\"responsive\"\/><\/figure><\/div><div class=\"tiled-gallery__col\" style=\"flex-basis:33.33333%\"><figure class=\"tiled-gallery__item\"><img decoding=\"async\" data-attachment-id=\"22772\" data-permalink=\"https:\/\/www.cisa-arica.cl\/wp1\/2023\/10\/20\/feria-de-la-ciencia-y-matematica-2023\/17fdaaa6-b6ac-45a8-8a9b-26a51b01ac92\/\" data-orig-file=\"https:\/\/www.cisa-arica.cl\/wp1\/wp-content\/uploads\/2023\/10\/17FDAAA6-B6AC-45A8-8A9B-26A51B01AC92-scaled.jpeg\" data-orig-size=\"1920,2560\" data-comments-opened=\"0\" data-image-meta=\"{&quot;aperture&quot;:&quot;0&quot;,&quot;credit&quot;:&quot;&quot;,&quot;camera&quot;:&quot;&quot;,&quot;caption&quot;:&quot;&quot;,&quot;created_timestamp&quot;:&quot;0&quot;,&quot;copyright&quot;:&quot;&quot;,&quot;focal_length&quot;:&quot;0&quot;,&quot;iso&quot;:&quot;0&quot;,&quot;shutter_speed&quot;:&quot;0&quot;,&quot;title&quot;:&quot;&quot;,&quot;orientation&quot;:&quot;1&quot;}\" data-image-title=\"17FDAAA6-B6AC-45A8-8A9B-26A51B01AC92\" data-image-description=\"\" data-image-caption=\"\" data-large-file=\"https:\/\/www.cisa-arica.cl\/wp1\/wp-content\/uploads\/2023\/10\/17FDAAA6-B6AC-45A8-8A9B-26A51B01AC92-450x600.jpeg\" data-attachment-id=\"22772\" data-permalink=\"https:\/\/www.cisa-arica.cl\/wp1\/2023\/10\/20\/feria-de-la-ciencia-y-matematica-2023\/17fdaaa6-b6ac-45a8-8a9b-26a51b01ac92\/\" data-orig-file=\"https:\/\/www.cisa-arica.cl\/wp1\/wp-content\/uploads\/2023\/10\/17FDAAA6-B6AC-45A8-8A9B-26A51B01AC92-scaled.jpeg\" data-orig-size=\"1920,2560\" data-comments-opened=\"0\" data-image-meta=\"{&quot;aperture&quot;:&quot;0&quot;,&quot;credit&quot;:&quot;&quot;,&quot;camera&quot;:&quot;&quot;,&quot;caption&quot;:&quot;&quot;,&quot;created_timestamp&quot;:&quot;0&quot;,&quot;copyright&quot;:&quot;&quot;,&quot;focal_length&quot;:&quot;0&quot;,&quot;iso&quot;:&quot;0&quot;,&quot;shutter_speed&quot;:&quot;0&quot;,&quot;title&quot;:&quot;&quot;,&quot;orientation&quot;:&quot;1&quot;}\" data-image-title=\"17FDAAA6-B6AC-45A8-8A9B-26A51B01AC92\" data-image-description=\"\" data-image-caption=\"\" data-large-file=\"https:\/\/www.cisa-arica.cl\/wp1\/wp-content\/uploads\/2023\/10\/17FDAAA6-B6AC-45A8-8A9B-26A51B01AC92-450x600.jpeg\" role=\"button\" tabindex=\"0\" aria-label=\"Abrir la imagen 59 de 95 en pantalla completa\"srcset=\"https:\/\/i0.wp.com\/www.cisa-arica.cl\/wp1\/wp-content\/uploads\/2023\/10\/17FDAAA6-B6AC-45A8-8A9B-26A51B01AC92-450x600.jpeg?strip=info&#038;w=600&#038;ssl=1 600w,https:\/\/i0.wp.com\/www.cisa-arica.cl\/wp1\/wp-content\/uploads\/2023\/10\/17FDAAA6-B6AC-45A8-8A9B-26A51B01AC92-450x600.jpeg?strip=info&#038;w=900&#038;ssl=1 900w,https:\/\/i0.wp.com\/www.cisa-arica.cl\/wp1\/wp-content\/uploads\/2023\/10\/17FDAAA6-B6AC-45A8-8A9B-26A51B01AC92-450x600.jpeg?strip=info&#038;w=1200&#038;ssl=1 1200w,https:\/\/i0.wp.com\/www.cisa-arica.cl\/wp1\/wp-content\/uploads\/2023\/10\/17FDAAA6-B6AC-45A8-8A9B-26A51B01AC92-450x600.jpeg?strip=info&#038;w=1500&#038;ssl=1 1500w,https:\/\/i0.wp.com\/www.cisa-arica.cl\/wp1\/wp-content\/uploads\/2023\/10\/17FDAAA6-B6AC-45A8-8A9B-26A51B01AC92-450x600.jpeg?strip=info&#038;w=1800&#038;ssl=1 1800w,https:\/\/i0.wp.com\/www.cisa-arica.cl\/wp1\/wp-content\/uploads\/2023\/10\/17FDAAA6-B6AC-45A8-8A9B-26A51B01AC92-450x600.jpeg?strip=info&#038;w=1920&#038;ssl=1 1920w\" alt=\"\" data-height=\"2560\" data-id=\"22772\" data-link=\"https:\/\/www.cisa-arica.cl\/wp1\/?attachment_id=22772\" data-url=\"https:\/\/www.cisa-arica.cl\/wp1\/wp-content\/uploads\/2023\/10\/17FDAAA6-B6AC-45A8-8A9B-26A51B01AC92-450x600.jpeg\" data-width=\"1920\" src=\"https:\/\/i0.wp.com\/www.cisa-arica.cl\/wp1\/wp-content\/uploads\/2023\/10\/17FDAAA6-B6AC-45A8-8A9B-26A51B01AC92-450x600.jpeg?ssl=1\" data-amp-layout=\"responsive\"\/><\/figure><\/div><\/div><div class=\"tiled-gallery__row\"><div class=\"tiled-gallery__col\" style=\"flex-basis:46.67567%\"><figure class=\"tiled-gallery__item\"><img decoding=\"async\" data-attachment-id=\"22773\" data-permalink=\"https:\/\/www.cisa-arica.cl\/wp1\/2023\/10\/20\/feria-de-la-ciencia-y-matematica-2023\/22d4612b-ac31-4ad6-92ee-d34effe93e39\/\" data-orig-file=\"https:\/\/www.cisa-arica.cl\/wp1\/wp-content\/uploads\/2023\/10\/22D4612B-AC31-4AD6-92EE-D34EFFE93E39-scaled.jpeg\" data-orig-size=\"2560,1920\" data-comments-opened=\"0\" data-image-meta=\"{&quot;aperture&quot;:&quot;0&quot;,&quot;credit&quot;:&quot;&quot;,&quot;camera&quot;:&quot;&quot;,&quot;caption&quot;:&quot;&quot;,&quot;created_timestamp&quot;:&quot;0&quot;,&quot;copyright&quot;:&quot;&quot;,&quot;focal_length&quot;:&quot;0&quot;,&quot;iso&quot;:&quot;0&quot;,&quot;shutter_speed&quot;:&quot;0&quot;,&quot;title&quot;:&quot;&quot;,&quot;orientation&quot;:&quot;1&quot;}\" data-image-title=\"22D4612B-AC31-4AD6-92EE-D34EFFE93E39\" data-image-description=\"\" data-image-caption=\"\" data-large-file=\"https:\/\/www.cisa-arica.cl\/wp1\/wp-content\/uploads\/2023\/10\/22D4612B-AC31-4AD6-92EE-D34EFFE93E39-600x450.jpeg\" data-attachment-id=\"22773\" data-permalink=\"https:\/\/www.cisa-arica.cl\/wp1\/2023\/10\/20\/feria-de-la-ciencia-y-matematica-2023\/22d4612b-ac31-4ad6-92ee-d34effe93e39\/\" data-orig-file=\"https:\/\/www.cisa-arica.cl\/wp1\/wp-content\/uploads\/2023\/10\/22D4612B-AC31-4AD6-92EE-D34EFFE93E39-scaled.jpeg\" data-orig-size=\"2560,1920\" data-comments-opened=\"0\" data-image-meta=\"{&quot;aperture&quot;:&quot;0&quot;,&quot;credit&quot;:&quot;&quot;,&quot;camera&quot;:&quot;&quot;,&quot;caption&quot;:&quot;&quot;,&quot;created_timestamp&quot;:&quot;0&quot;,&quot;copyright&quot;:&quot;&quot;,&quot;focal_length&quot;:&quot;0&quot;,&quot;iso&quot;:&quot;0&quot;,&quot;shutter_speed&quot;:&quot;0&quot;,&quot;title&quot;:&quot;&quot;,&quot;orientation&quot;:&quot;1&quot;}\" data-image-title=\"22D4612B-AC31-4AD6-92EE-D34EFFE93E39\" data-image-description=\"\" data-image-caption=\"\" data-large-file=\"https:\/\/www.cisa-arica.cl\/wp1\/wp-content\/uploads\/2023\/10\/22D4612B-AC31-4AD6-92EE-D34EFFE93E39-600x450.jpeg\" role=\"button\" tabindex=\"0\" aria-label=\"Abrir la imagen 60 de 95 en pantalla completa\"srcset=\"https:\/\/i1.wp.com\/www.cisa-arica.cl\/wp1\/wp-content\/uploads\/2023\/10\/22D4612B-AC31-4AD6-92EE-D34EFFE93E39-600x450.jpeg?strip=info&#038;w=600&#038;ssl=1 600w,https:\/\/i1.wp.com\/www.cisa-arica.cl\/wp1\/wp-content\/uploads\/2023\/10\/22D4612B-AC31-4AD6-92EE-D34EFFE93E39-600x450.jpeg?strip=info&#038;w=900&#038;ssl=1 900w,https:\/\/i1.wp.com\/www.cisa-arica.cl\/wp1\/wp-content\/uploads\/2023\/10\/22D4612B-AC31-4AD6-92EE-D34EFFE93E39-600x450.jpeg?strip=info&#038;w=1200&#038;ssl=1 1200w,https:\/\/i1.wp.com\/www.cisa-arica.cl\/wp1\/wp-content\/uploads\/2023\/10\/22D4612B-AC31-4AD6-92EE-D34EFFE93E39-600x450.jpeg?strip=info&#038;w=1500&#038;ssl=1 1500w,https:\/\/i1.wp.com\/www.cisa-arica.cl\/wp1\/wp-content\/uploads\/2023\/10\/22D4612B-AC31-4AD6-92EE-D34EFFE93E39-600x450.jpeg?strip=info&#038;w=1800&#038;ssl=1 1800w,https:\/\/i1.wp.com\/www.cisa-arica.cl\/wp1\/wp-content\/uploads\/2023\/10\/22D4612B-AC31-4AD6-92EE-D34EFFE93E39-600x450.jpeg?strip=info&#038;w=2000&#038;ssl=1 2000w\" alt=\"\" data-height=\"1920\" data-id=\"22773\" data-link=\"https:\/\/www.cisa-arica.cl\/wp1\/?attachment_id=22773\" data-url=\"https:\/\/www.cisa-arica.cl\/wp1\/wp-content\/uploads\/2023\/10\/22D4612B-AC31-4AD6-92EE-D34EFFE93E39-600x450.jpeg\" data-width=\"2560\" src=\"https:\/\/i1.wp.com\/www.cisa-arica.cl\/wp1\/wp-content\/uploads\/2023\/10\/22D4612B-AC31-4AD6-92EE-D34EFFE93E39-600x450.jpeg?ssl=1\" data-amp-layout=\"responsive\"\/><\/figure><figure class=\"tiled-gallery__item\"><img decoding=\"async\" data-attachment-id=\"22774\" data-permalink=\"https:\/\/www.cisa-arica.cl\/wp1\/2023\/10\/20\/feria-de-la-ciencia-y-matematica-2023\/d7e2caa5-998c-44d5-9382-55e5559d9207\/\" data-orig-file=\"https:\/\/www.cisa-arica.cl\/wp1\/wp-content\/uploads\/2023\/10\/D7E2CAA5-998C-44D5-9382-55E5559D9207-scaled.jpeg\" data-orig-size=\"2560,1920\" data-comments-opened=\"0\" data-image-meta=\"{&quot;aperture&quot;:&quot;0&quot;,&quot;credit&quot;:&quot;&quot;,&quot;camera&quot;:&quot;&quot;,&quot;caption&quot;:&quot;&quot;,&quot;created_timestamp&quot;:&quot;0&quot;,&quot;copyright&quot;:&quot;&quot;,&quot;focal_length&quot;:&quot;0&quot;,&quot;iso&quot;:&quot;0&quot;,&quot;shutter_speed&quot;:&quot;0&quot;,&quot;title&quot;:&quot;&quot;,&quot;orientation&quot;:&quot;1&quot;}\" data-image-title=\"D7E2CAA5-998C-44D5-9382-55E5559D9207\" data-image-description=\"\" data-image-caption=\"\" data-large-file=\"https:\/\/www.cisa-arica.cl\/wp1\/wp-content\/uploads\/2023\/10\/D7E2CAA5-998C-44D5-9382-55E5559D9207-600x450.jpeg\" data-attachment-id=\"22774\" data-permalink=\"https:\/\/www.cisa-arica.cl\/wp1\/2023\/10\/20\/feria-de-la-ciencia-y-matematica-2023\/d7e2caa5-998c-44d5-9382-55e5559d9207\/\" data-orig-file=\"https:\/\/www.cisa-arica.cl\/wp1\/wp-content\/uploads\/2023\/10\/D7E2CAA5-998C-44D5-9382-55E5559D9207-scaled.jpeg\" data-orig-size=\"2560,1920\" data-comments-opened=\"0\" data-image-meta=\"{&quot;aperture&quot;:&quot;0&quot;,&quot;credit&quot;:&quot;&quot;,&quot;camera&quot;:&quot;&quot;,&quot;caption&quot;:&quot;&quot;,&quot;created_timestamp&quot;:&quot;0&quot;,&quot;copyright&quot;:&quot;&quot;,&quot;focal_length&quot;:&quot;0&quot;,&quot;iso&quot;:&quot;0&quot;,&quot;shutter_speed&quot;:&quot;0&quot;,&quot;title&quot;:&quot;&quot;,&quot;orientation&quot;:&quot;1&quot;}\" data-image-title=\"D7E2CAA5-998C-44D5-9382-55E5559D9207\" data-image-description=\"\" data-image-caption=\"\" data-large-file=\"https:\/\/www.cisa-arica.cl\/wp1\/wp-content\/uploads\/2023\/10\/D7E2CAA5-998C-44D5-9382-55E5559D9207-600x450.jpeg\" role=\"button\" tabindex=\"0\" aria-label=\"Abrir la imagen 61 de 95 en pantalla completa\"srcset=\"https:\/\/i2.wp.com\/www.cisa-arica.cl\/wp1\/wp-content\/uploads\/2023\/10\/D7E2CAA5-998C-44D5-9382-55E5559D9207-600x450.jpeg?strip=info&#038;w=600&#038;ssl=1 600w,https:\/\/i2.wp.com\/www.cisa-arica.cl\/wp1\/wp-content\/uploads\/2023\/10\/D7E2CAA5-998C-44D5-9382-55E5559D9207-600x450.jpeg?strip=info&#038;w=900&#038;ssl=1 900w,https:\/\/i2.wp.com\/www.cisa-arica.cl\/wp1\/wp-content\/uploads\/2023\/10\/D7E2CAA5-998C-44D5-9382-55E5559D9207-600x450.jpeg?strip=info&#038;w=1200&#038;ssl=1 1200w,https:\/\/i2.wp.com\/www.cisa-arica.cl\/wp1\/wp-content\/uploads\/2023\/10\/D7E2CAA5-998C-44D5-9382-55E5559D9207-600x450.jpeg?strip=info&#038;w=1500&#038;ssl=1 1500w,https:\/\/i2.wp.com\/www.cisa-arica.cl\/wp1\/wp-content\/uploads\/2023\/10\/D7E2CAA5-998C-44D5-9382-55E5559D9207-600x450.jpeg?strip=info&#038;w=1800&#038;ssl=1 1800w,https:\/\/i2.wp.com\/www.cisa-arica.cl\/wp1\/wp-content\/uploads\/2023\/10\/D7E2CAA5-998C-44D5-9382-55E5559D9207-600x450.jpeg?strip=info&#038;w=2000&#038;ssl=1 2000w\" alt=\"\" data-height=\"1920\" data-id=\"22774\" data-link=\"https:\/\/www.cisa-arica.cl\/wp1\/?attachment_id=22774\" data-url=\"https:\/\/www.cisa-arica.cl\/wp1\/wp-content\/uploads\/2023\/10\/D7E2CAA5-998C-44D5-9382-55E5559D9207-600x450.jpeg\" data-width=\"2560\" src=\"https:\/\/i2.wp.com\/www.cisa-arica.cl\/wp1\/wp-content\/uploads\/2023\/10\/D7E2CAA5-998C-44D5-9382-55E5559D9207-600x450.jpeg?ssl=1\" data-amp-layout=\"responsive\"\/><\/figure><\/div><div class=\"tiled-gallery__col\" style=\"flex-basis:53.32433%\"><figure class=\"tiled-gallery__item\"><img decoding=\"async\" data-attachment-id=\"22775\" data-permalink=\"https:\/\/www.cisa-arica.cl\/wp1\/2023\/10\/20\/feria-de-la-ciencia-y-matematica-2023\/4026a669-4dde-4453-b92f-ab45dabebe57\/\" data-orig-file=\"https:\/\/www.cisa-arica.cl\/wp1\/wp-content\/uploads\/2023\/10\/4026A669-4DDE-4453-B92F-AB45DABEBE57-scaled.jpeg\" data-orig-size=\"1920,2560\" data-comments-opened=\"0\" data-image-meta=\"{&quot;aperture&quot;:&quot;0&quot;,&quot;credit&quot;:&quot;&quot;,&quot;camera&quot;:&quot;&quot;,&quot;caption&quot;:&quot;&quot;,&quot;created_timestamp&quot;:&quot;0&quot;,&quot;copyright&quot;:&quot;&quot;,&quot;focal_length&quot;:&quot;0&quot;,&quot;iso&quot;:&quot;0&quot;,&quot;shutter_speed&quot;:&quot;0&quot;,&quot;title&quot;:&quot;&quot;,&quot;orientation&quot;:&quot;1&quot;}\" data-image-title=\"4026A669-4DDE-4453-B92F-AB45DABEBE57\" data-image-description=\"\" data-image-caption=\"\" data-large-file=\"https:\/\/www.cisa-arica.cl\/wp1\/wp-content\/uploads\/2023\/10\/4026A669-4DDE-4453-B92F-AB45DABEBE57-450x600.jpeg\" data-attachment-id=\"22775\" data-permalink=\"https:\/\/www.cisa-arica.cl\/wp1\/2023\/10\/20\/feria-de-la-ciencia-y-matematica-2023\/4026a669-4dde-4453-b92f-ab45dabebe57\/\" data-orig-file=\"https:\/\/www.cisa-arica.cl\/wp1\/wp-content\/uploads\/2023\/10\/4026A669-4DDE-4453-B92F-AB45DABEBE57-scaled.jpeg\" data-orig-size=\"1920,2560\" data-comments-opened=\"0\" data-image-meta=\"{&quot;aperture&quot;:&quot;0&quot;,&quot;credit&quot;:&quot;&quot;,&quot;camera&quot;:&quot;&quot;,&quot;caption&quot;:&quot;&quot;,&quot;created_timestamp&quot;:&quot;0&quot;,&quot;copyright&quot;:&quot;&quot;,&quot;focal_length&quot;:&quot;0&quot;,&quot;iso&quot;:&quot;0&quot;,&quot;shutter_speed&quot;:&quot;0&quot;,&quot;title&quot;:&quot;&quot;,&quot;orientation&quot;:&quot;1&quot;}\" data-image-title=\"4026A669-4DDE-4453-B92F-AB45DABEBE57\" data-image-description=\"\" data-image-caption=\"\" data-large-file=\"https:\/\/www.cisa-arica.cl\/wp1\/wp-content\/uploads\/2023\/10\/4026A669-4DDE-4453-B92F-AB45DABEBE57-450x600.jpeg\" role=\"button\" tabindex=\"0\" aria-label=\"Abrir la imagen 62 de 95 en pantalla completa\"srcset=\"https:\/\/i0.wp.com\/www.cisa-arica.cl\/wp1\/wp-content\/uploads\/2023\/10\/4026A669-4DDE-4453-B92F-AB45DABEBE57-450x600.jpeg?strip=info&#038;w=600&#038;ssl=1 600w,https:\/\/i0.wp.com\/www.cisa-arica.cl\/wp1\/wp-content\/uploads\/2023\/10\/4026A669-4DDE-4453-B92F-AB45DABEBE57-450x600.jpeg?strip=info&#038;w=900&#038;ssl=1 900w,https:\/\/i0.wp.com\/www.cisa-arica.cl\/wp1\/wp-content\/uploads\/2023\/10\/4026A669-4DDE-4453-B92F-AB45DABEBE57-450x600.jpeg?strip=info&#038;w=1200&#038;ssl=1 1200w,https:\/\/i0.wp.com\/www.cisa-arica.cl\/wp1\/wp-content\/uploads\/2023\/10\/4026A669-4DDE-4453-B92F-AB45DABEBE57-450x600.jpeg?strip=info&#038;w=1500&#038;ssl=1 1500w,https:\/\/i0.wp.com\/www.cisa-arica.cl\/wp1\/wp-content\/uploads\/2023\/10\/4026A669-4DDE-4453-B92F-AB45DABEBE57-450x600.jpeg?strip=info&#038;w=1800&#038;ssl=1 1800w,https:\/\/i0.wp.com\/www.cisa-arica.cl\/wp1\/wp-content\/uploads\/2023\/10\/4026A669-4DDE-4453-B92F-AB45DABEBE57-450x600.jpeg?strip=info&#038;w=1920&#038;ssl=1 1920w\" alt=\"\" data-height=\"2560\" data-id=\"22775\" data-link=\"https:\/\/www.cisa-arica.cl\/wp1\/?attachment_id=22775\" data-url=\"https:\/\/www.cisa-arica.cl\/wp1\/wp-content\/uploads\/2023\/10\/4026A669-4DDE-4453-B92F-AB45DABEBE57-450x600.jpeg\" data-width=\"1920\" src=\"https:\/\/i0.wp.com\/www.cisa-arica.cl\/wp1\/wp-content\/uploads\/2023\/10\/4026A669-4DDE-4453-B92F-AB45DABEBE57-450x600.jpeg?ssl=1\" data-amp-layout=\"responsive\"\/><\/figure><\/div><\/div><div class=\"tiled-gallery__row\"><div class=\"tiled-gallery__col\" style=\"flex-basis:63.24591%\"><figure class=\"tiled-gallery__item\"><img decoding=\"async\" data-attachment-id=\"22776\" data-permalink=\"https:\/\/www.cisa-arica.cl\/wp1\/2023\/10\/20\/feria-de-la-ciencia-y-matematica-2023\/9f9c01f1-0fb1-4096-a866-ee3518e03b72\/\" data-orig-file=\"https:\/\/www.cisa-arica.cl\/wp1\/wp-content\/uploads\/2023\/10\/9F9C01F1-0FB1-4096-A866-EE3518E03B72-scaled.jpeg\" data-orig-size=\"1920,2560\" data-comments-opened=\"0\" data-image-meta=\"{&quot;aperture&quot;:&quot;0&quot;,&quot;credit&quot;:&quot;&quot;,&quot;camera&quot;:&quot;&quot;,&quot;caption&quot;:&quot;&quot;,&quot;created_timestamp&quot;:&quot;0&quot;,&quot;copyright&quot;:&quot;&quot;,&quot;focal_length&quot;:&quot;0&quot;,&quot;iso&quot;:&quot;0&quot;,&quot;shutter_speed&quot;:&quot;0&quot;,&quot;title&quot;:&quot;&quot;,&quot;orientation&quot;:&quot;1&quot;}\" data-image-title=\"9F9C01F1-0FB1-4096-A866-EE3518E03B72\" data-image-description=\"\" data-image-caption=\"\" data-large-file=\"https:\/\/www.cisa-arica.cl\/wp1\/wp-content\/uploads\/2023\/10\/9F9C01F1-0FB1-4096-A866-EE3518E03B72-450x600.jpeg\" data-attachment-id=\"22776\" data-permalink=\"https:\/\/www.cisa-arica.cl\/wp1\/2023\/10\/20\/feria-de-la-ciencia-y-matematica-2023\/9f9c01f1-0fb1-4096-a866-ee3518e03b72\/\" data-orig-file=\"https:\/\/www.cisa-arica.cl\/wp1\/wp-content\/uploads\/2023\/10\/9F9C01F1-0FB1-4096-A866-EE3518E03B72-scaled.jpeg\" data-orig-size=\"1920,2560\" data-comments-opened=\"0\" data-image-meta=\"{&quot;aperture&quot;:&quot;0&quot;,&quot;credit&quot;:&quot;&quot;,&quot;camera&quot;:&quot;&quot;,&quot;caption&quot;:&quot;&quot;,&quot;created_timestamp&quot;:&quot;0&quot;,&quot;copyright&quot;:&quot;&quot;,&quot;focal_length&quot;:&quot;0&quot;,&quot;iso&quot;:&quot;0&quot;,&quot;shutter_speed&quot;:&quot;0&quot;,&quot;title&quot;:&quot;&quot;,&quot;orientation&quot;:&quot;1&quot;}\" data-image-title=\"9F9C01F1-0FB1-4096-A866-EE3518E03B72\" data-image-description=\"\" data-image-caption=\"\" data-large-file=\"https:\/\/www.cisa-arica.cl\/wp1\/wp-content\/uploads\/2023\/10\/9F9C01F1-0FB1-4096-A866-EE3518E03B72-450x600.jpeg\" role=\"button\" tabindex=\"0\" aria-label=\"Abrir la imagen 63 de 95 en pantalla completa\"srcset=\"https:\/\/i2.wp.com\/www.cisa-arica.cl\/wp1\/wp-content\/uploads\/2023\/10\/9F9C01F1-0FB1-4096-A866-EE3518E03B72-450x600.jpeg?strip=info&#038;w=600&#038;ssl=1 600w,https:\/\/i2.wp.com\/www.cisa-arica.cl\/wp1\/wp-content\/uploads\/2023\/10\/9F9C01F1-0FB1-4096-A866-EE3518E03B72-450x600.jpeg?strip=info&#038;w=900&#038;ssl=1 900w,https:\/\/i2.wp.com\/www.cisa-arica.cl\/wp1\/wp-content\/uploads\/2023\/10\/9F9C01F1-0FB1-4096-A866-EE3518E03B72-450x600.jpeg?strip=info&#038;w=1200&#038;ssl=1 1200w,https:\/\/i2.wp.com\/www.cisa-arica.cl\/wp1\/wp-content\/uploads\/2023\/10\/9F9C01F1-0FB1-4096-A866-EE3518E03B72-450x600.jpeg?strip=info&#038;w=1500&#038;ssl=1 1500w,https:\/\/i2.wp.com\/www.cisa-arica.cl\/wp1\/wp-content\/uploads\/2023\/10\/9F9C01F1-0FB1-4096-A866-EE3518E03B72-450x600.jpeg?strip=info&#038;w=1800&#038;ssl=1 1800w,https:\/\/i2.wp.com\/www.cisa-arica.cl\/wp1\/wp-content\/uploads\/2023\/10\/9F9C01F1-0FB1-4096-A866-EE3518E03B72-450x600.jpeg?strip=info&#038;w=1920&#038;ssl=1 1920w\" alt=\"\" data-height=\"2560\" data-id=\"22776\" data-link=\"https:\/\/www.cisa-arica.cl\/wp1\/?attachment_id=22776\" data-url=\"https:\/\/www.cisa-arica.cl\/wp1\/wp-content\/uploads\/2023\/10\/9F9C01F1-0FB1-4096-A866-EE3518E03B72-450x600.jpeg\" data-width=\"1920\" src=\"https:\/\/i2.wp.com\/www.cisa-arica.cl\/wp1\/wp-content\/uploads\/2023\/10\/9F9C01F1-0FB1-4096-A866-EE3518E03B72-450x600.jpeg?ssl=1\" data-amp-layout=\"responsive\"\/><\/figure><\/div><div class=\"tiled-gallery__col\" style=\"flex-basis:36.75409%\"><figure class=\"tiled-gallery__item\"><img decoding=\"async\" data-attachment-id=\"22777\" data-permalink=\"https:\/\/www.cisa-arica.cl\/wp1\/2023\/10\/20\/feria-de-la-ciencia-y-matematica-2023\/206a9d61-c84f-4b50-8e95-b4582d47e153\/\" data-orig-file=\"https:\/\/www.cisa-arica.cl\/wp1\/wp-content\/uploads\/2023\/10\/206A9D61-C84F-4B50-8E95-B4582D47E153-scaled.jpeg\" data-orig-size=\"2560,1920\" data-comments-opened=\"0\" data-image-meta=\"{&quot;aperture&quot;:&quot;0&quot;,&quot;credit&quot;:&quot;&quot;,&quot;camera&quot;:&quot;&quot;,&quot;caption&quot;:&quot;&quot;,&quot;created_timestamp&quot;:&quot;0&quot;,&quot;copyright&quot;:&quot;&quot;,&quot;focal_length&quot;:&quot;0&quot;,&quot;iso&quot;:&quot;0&quot;,&quot;shutter_speed&quot;:&quot;0&quot;,&quot;title&quot;:&quot;&quot;,&quot;orientation&quot;:&quot;1&quot;}\" data-image-title=\"206A9D61-C84F-4B50-8E95-B4582D47E153\" data-image-description=\"\" data-image-caption=\"\" data-large-file=\"https:\/\/www.cisa-arica.cl\/wp1\/wp-content\/uploads\/2023\/10\/206A9D61-C84F-4B50-8E95-B4582D47E153-600x450.jpeg\" data-attachment-id=\"22777\" data-permalink=\"https:\/\/www.cisa-arica.cl\/wp1\/2023\/10\/20\/feria-de-la-ciencia-y-matematica-2023\/206a9d61-c84f-4b50-8e95-b4582d47e153\/\" data-orig-file=\"https:\/\/www.cisa-arica.cl\/wp1\/wp-content\/uploads\/2023\/10\/206A9D61-C84F-4B50-8E95-B4582D47E153-scaled.jpeg\" data-orig-size=\"2560,1920\" data-comments-opened=\"0\" data-image-meta=\"{&quot;aperture&quot;:&quot;0&quot;,&quot;credit&quot;:&quot;&quot;,&quot;camera&quot;:&quot;&quot;,&quot;caption&quot;:&quot;&quot;,&quot;created_timestamp&quot;:&quot;0&quot;,&quot;copyright&quot;:&quot;&quot;,&quot;focal_length&quot;:&quot;0&quot;,&quot;iso&quot;:&quot;0&quot;,&quot;shutter_speed&quot;:&quot;0&quot;,&quot;title&quot;:&quot;&quot;,&quot;orientation&quot;:&quot;1&quot;}\" data-image-title=\"206A9D61-C84F-4B50-8E95-B4582D47E153\" data-image-description=\"\" data-image-caption=\"\" data-large-file=\"https:\/\/www.cisa-arica.cl\/wp1\/wp-content\/uploads\/2023\/10\/206A9D61-C84F-4B50-8E95-B4582D47E153-600x450.jpeg\" role=\"button\" tabindex=\"0\" aria-label=\"Abrir la imagen 64 de 95 en pantalla completa\"srcset=\"https:\/\/i0.wp.com\/www.cisa-arica.cl\/wp1\/wp-content\/uploads\/2023\/10\/206A9D61-C84F-4B50-8E95-B4582D47E153-600x450.jpeg?strip=info&#038;w=600&#038;ssl=1 600w,https:\/\/i0.wp.com\/www.cisa-arica.cl\/wp1\/wp-content\/uploads\/2023\/10\/206A9D61-C84F-4B50-8E95-B4582D47E153-600x450.jpeg?strip=info&#038;w=900&#038;ssl=1 900w,https:\/\/i0.wp.com\/www.cisa-arica.cl\/wp1\/wp-content\/uploads\/2023\/10\/206A9D61-C84F-4B50-8E95-B4582D47E153-600x450.jpeg?strip=info&#038;w=1200&#038;ssl=1 1200w,https:\/\/i0.wp.com\/www.cisa-arica.cl\/wp1\/wp-content\/uploads\/2023\/10\/206A9D61-C84F-4B50-8E95-B4582D47E153-600x450.jpeg?strip=info&#038;w=1500&#038;ssl=1 1500w,https:\/\/i0.wp.com\/www.cisa-arica.cl\/wp1\/wp-content\/uploads\/2023\/10\/206A9D61-C84F-4B50-8E95-B4582D47E153-600x450.jpeg?strip=info&#038;w=1800&#038;ssl=1 1800w,https:\/\/i0.wp.com\/www.cisa-arica.cl\/wp1\/wp-content\/uploads\/2023\/10\/206A9D61-C84F-4B50-8E95-B4582D47E153-600x450.jpeg?strip=info&#038;w=2000&#038;ssl=1 2000w\" alt=\"\" data-height=\"1920\" data-id=\"22777\" data-link=\"https:\/\/www.cisa-arica.cl\/wp1\/?attachment_id=22777\" data-url=\"https:\/\/www.cisa-arica.cl\/wp1\/wp-content\/uploads\/2023\/10\/206A9D61-C84F-4B50-8E95-B4582D47E153-600x450.jpeg\" data-width=\"2560\" src=\"https:\/\/i0.wp.com\/www.cisa-arica.cl\/wp1\/wp-content\/uploads\/2023\/10\/206A9D61-C84F-4B50-8E95-B4582D47E153-600x450.jpeg?ssl=1\" data-amp-layout=\"responsive\"\/><\/figure><figure class=\"tiled-gallery__item\"><img decoding=\"async\" data-attachment-id=\"22778\" data-permalink=\"https:\/\/www.cisa-arica.cl\/wp1\/2023\/10\/20\/feria-de-la-ciencia-y-matematica-2023\/5642616a-fdfb-4568-9979-be59cccc1a70\/\" data-orig-file=\"https:\/\/www.cisa-arica.cl\/wp1\/wp-content\/uploads\/2023\/10\/5642616A-FDFB-4568-9979-BE59CCCC1A70-scaled.jpeg\" data-orig-size=\"2560,1920\" data-comments-opened=\"0\" data-image-meta=\"{&quot;aperture&quot;:&quot;0&quot;,&quot;credit&quot;:&quot;&quot;,&quot;camera&quot;:&quot;&quot;,&quot;caption&quot;:&quot;&quot;,&quot;created_timestamp&quot;:&quot;0&quot;,&quot;copyright&quot;:&quot;&quot;,&quot;focal_length&quot;:&quot;0&quot;,&quot;iso&quot;:&quot;0&quot;,&quot;shutter_speed&quot;:&quot;0&quot;,&quot;title&quot;:&quot;&quot;,&quot;orientation&quot;:&quot;1&quot;}\" data-image-title=\"5642616A-FDFB-4568-9979-BE59CCCC1A70\" data-image-description=\"\" data-image-caption=\"\" data-large-file=\"https:\/\/www.cisa-arica.cl\/wp1\/wp-content\/uploads\/2023\/10\/5642616A-FDFB-4568-9979-BE59CCCC1A70-600x450.jpeg\" data-attachment-id=\"22778\" data-permalink=\"https:\/\/www.cisa-arica.cl\/wp1\/2023\/10\/20\/feria-de-la-ciencia-y-matematica-2023\/5642616a-fdfb-4568-9979-be59cccc1a70\/\" data-orig-file=\"https:\/\/www.cisa-arica.cl\/wp1\/wp-content\/uploads\/2023\/10\/5642616A-FDFB-4568-9979-BE59CCCC1A70-scaled.jpeg\" data-orig-size=\"2560,1920\" data-comments-opened=\"0\" data-image-meta=\"{&quot;aperture&quot;:&quot;0&quot;,&quot;credit&quot;:&quot;&quot;,&quot;camera&quot;:&quot;&quot;,&quot;caption&quot;:&quot;&quot;,&quot;created_timestamp&quot;:&quot;0&quot;,&quot;copyright&quot;:&quot;&quot;,&quot;focal_length&quot;:&quot;0&quot;,&quot;iso&quot;:&quot;0&quot;,&quot;shutter_speed&quot;:&quot;0&quot;,&quot;title&quot;:&quot;&quot;,&quot;orientation&quot;:&quot;1&quot;}\" data-image-title=\"5642616A-FDFB-4568-9979-BE59CCCC1A70\" data-image-description=\"\" data-image-caption=\"\" data-large-file=\"https:\/\/www.cisa-arica.cl\/wp1\/wp-content\/uploads\/2023\/10\/5642616A-FDFB-4568-9979-BE59CCCC1A70-600x450.jpeg\" role=\"button\" tabindex=\"0\" aria-label=\"Abrir la imagen 65 de 95 en pantalla completa\"srcset=\"https:\/\/i2.wp.com\/www.cisa-arica.cl\/wp1\/wp-content\/uploads\/2023\/10\/5642616A-FDFB-4568-9979-BE59CCCC1A70-600x450.jpeg?strip=info&#038;w=600&#038;ssl=1 600w,https:\/\/i2.wp.com\/www.cisa-arica.cl\/wp1\/wp-content\/uploads\/2023\/10\/5642616A-FDFB-4568-9979-BE59CCCC1A70-600x450.jpeg?strip=info&#038;w=900&#038;ssl=1 900w,https:\/\/i2.wp.com\/www.cisa-arica.cl\/wp1\/wp-content\/uploads\/2023\/10\/5642616A-FDFB-4568-9979-BE59CCCC1A70-600x450.jpeg?strip=info&#038;w=1200&#038;ssl=1 1200w,https:\/\/i2.wp.com\/www.cisa-arica.cl\/wp1\/wp-content\/uploads\/2023\/10\/5642616A-FDFB-4568-9979-BE59CCCC1A70-600x450.jpeg?strip=info&#038;w=1500&#038;ssl=1 1500w,https:\/\/i2.wp.com\/www.cisa-arica.cl\/wp1\/wp-content\/uploads\/2023\/10\/5642616A-FDFB-4568-9979-BE59CCCC1A70-600x450.jpeg?strip=info&#038;w=1800&#038;ssl=1 1800w,https:\/\/i2.wp.com\/www.cisa-arica.cl\/wp1\/wp-content\/uploads\/2023\/10\/5642616A-FDFB-4568-9979-BE59CCCC1A70-600x450.jpeg?strip=info&#038;w=2000&#038;ssl=1 2000w\" alt=\"\" data-height=\"1920\" data-id=\"22778\" data-link=\"https:\/\/www.cisa-arica.cl\/wp1\/?attachment_id=22778\" data-url=\"https:\/\/www.cisa-arica.cl\/wp1\/wp-content\/uploads\/2023\/10\/5642616A-FDFB-4568-9979-BE59CCCC1A70-600x450.jpeg\" data-width=\"2560\" src=\"https:\/\/i2.wp.com\/www.cisa-arica.cl\/wp1\/wp-content\/uploads\/2023\/10\/5642616A-FDFB-4568-9979-BE59CCCC1A70-600x450.jpeg?ssl=1\" data-amp-layout=\"responsive\"\/><\/figure><figure class=\"tiled-gallery__item\"><img decoding=\"async\" data-attachment-id=\"22779\" data-permalink=\"https:\/\/www.cisa-arica.cl\/wp1\/2023\/10\/20\/feria-de-la-ciencia-y-matematica-2023\/01b904d4-f1e3-45b3-99e5-e6822014169c\/\" data-orig-file=\"https:\/\/www.cisa-arica.cl\/wp1\/wp-content\/uploads\/2023\/10\/01B904D4-F1E3-45B3-99E5-E6822014169C-scaled.jpeg\" data-orig-size=\"2560,1920\" data-comments-opened=\"0\" data-image-meta=\"{&quot;aperture&quot;:&quot;0&quot;,&quot;credit&quot;:&quot;&quot;,&quot;camera&quot;:&quot;&quot;,&quot;caption&quot;:&quot;&quot;,&quot;created_timestamp&quot;:&quot;0&quot;,&quot;copyright&quot;:&quot;&quot;,&quot;focal_length&quot;:&quot;0&quot;,&quot;iso&quot;:&quot;0&quot;,&quot;shutter_speed&quot;:&quot;0&quot;,&quot;title&quot;:&quot;&quot;,&quot;orientation&quot;:&quot;1&quot;}\" data-image-title=\"01B904D4-F1E3-45B3-99E5-E6822014169C\" data-image-description=\"\" data-image-caption=\"\" data-large-file=\"https:\/\/www.cisa-arica.cl\/wp1\/wp-content\/uploads\/2023\/10\/01B904D4-F1E3-45B3-99E5-E6822014169C-600x450.jpeg\" data-attachment-id=\"22779\" data-permalink=\"https:\/\/www.cisa-arica.cl\/wp1\/2023\/10\/20\/feria-de-la-ciencia-y-matematica-2023\/01b904d4-f1e3-45b3-99e5-e6822014169c\/\" data-orig-file=\"https:\/\/www.cisa-arica.cl\/wp1\/wp-content\/uploads\/2023\/10\/01B904D4-F1E3-45B3-99E5-E6822014169C-scaled.jpeg\" data-orig-size=\"2560,1920\" data-comments-opened=\"0\" data-image-meta=\"{&quot;aperture&quot;:&quot;0&quot;,&quot;credit&quot;:&quot;&quot;,&quot;camera&quot;:&quot;&quot;,&quot;caption&quot;:&quot;&quot;,&quot;created_timestamp&quot;:&quot;0&quot;,&quot;copyright&quot;:&quot;&quot;,&quot;focal_length&quot;:&quot;0&quot;,&quot;iso&quot;:&quot;0&quot;,&quot;shutter_speed&quot;:&quot;0&quot;,&quot;title&quot;:&quot;&quot;,&quot;orientation&quot;:&quot;1&quot;}\" data-image-title=\"01B904D4-F1E3-45B3-99E5-E6822014169C\" data-image-description=\"\" data-image-caption=\"\" data-large-file=\"https:\/\/www.cisa-arica.cl\/wp1\/wp-content\/uploads\/2023\/10\/01B904D4-F1E3-45B3-99E5-E6822014169C-600x450.jpeg\" role=\"button\" tabindex=\"0\" aria-label=\"Abrir la imagen 66 de 95 en pantalla completa\"srcset=\"https:\/\/i2.wp.com\/www.cisa-arica.cl\/wp1\/wp-content\/uploads\/2023\/10\/01B904D4-F1E3-45B3-99E5-E6822014169C-600x450.jpeg?strip=info&#038;w=600&#038;ssl=1 600w,https:\/\/i2.wp.com\/www.cisa-arica.cl\/wp1\/wp-content\/uploads\/2023\/10\/01B904D4-F1E3-45B3-99E5-E6822014169C-600x450.jpeg?strip=info&#038;w=900&#038;ssl=1 900w,https:\/\/i2.wp.com\/www.cisa-arica.cl\/wp1\/wp-content\/uploads\/2023\/10\/01B904D4-F1E3-45B3-99E5-E6822014169C-600x450.jpeg?strip=info&#038;w=1200&#038;ssl=1 1200w,https:\/\/i2.wp.com\/www.cisa-arica.cl\/wp1\/wp-content\/uploads\/2023\/10\/01B904D4-F1E3-45B3-99E5-E6822014169C-600x450.jpeg?strip=info&#038;w=1500&#038;ssl=1 1500w,https:\/\/i2.wp.com\/www.cisa-arica.cl\/wp1\/wp-content\/uploads\/2023\/10\/01B904D4-F1E3-45B3-99E5-E6822014169C-600x450.jpeg?strip=info&#038;w=1800&#038;ssl=1 1800w,https:\/\/i2.wp.com\/www.cisa-arica.cl\/wp1\/wp-content\/uploads\/2023\/10\/01B904D4-F1E3-45B3-99E5-E6822014169C-600x450.jpeg?strip=info&#038;w=2000&#038;ssl=1 2000w\" alt=\"\" data-height=\"1920\" data-id=\"22779\" data-link=\"https:\/\/www.cisa-arica.cl\/wp1\/?attachment_id=22779\" data-url=\"https:\/\/www.cisa-arica.cl\/wp1\/wp-content\/uploads\/2023\/10\/01B904D4-F1E3-45B3-99E5-E6822014169C-600x450.jpeg\" data-width=\"2560\" src=\"https:\/\/i2.wp.com\/www.cisa-arica.cl\/wp1\/wp-content\/uploads\/2023\/10\/01B904D4-F1E3-45B3-99E5-E6822014169C-600x450.jpeg?ssl=1\" data-amp-layout=\"responsive\"\/><\/figure><\/div><\/div><div class=\"tiled-gallery__row\"><div class=\"tiled-gallery__col\" style=\"flex-basis:66.93440%\"><figure class=\"tiled-gallery__item\"><img decoding=\"async\" data-attachment-id=\"22780\" data-permalink=\"https:\/\/www.cisa-arica.cl\/wp1\/2023\/10\/20\/feria-de-la-ciencia-y-matematica-2023\/b1efd72e-18e8-4ab6-b124-3ce83a237450\/\" data-orig-file=\"https:\/\/www.cisa-arica.cl\/wp1\/wp-content\/uploads\/2023\/10\/B1EFD72E-18E8-4AB6-B124-3CE83A237450-scaled.jpeg\" data-orig-size=\"2560,1920\" data-comments-opened=\"0\" data-image-meta=\"{&quot;aperture&quot;:&quot;0&quot;,&quot;credit&quot;:&quot;&quot;,&quot;camera&quot;:&quot;&quot;,&quot;caption&quot;:&quot;&quot;,&quot;created_timestamp&quot;:&quot;0&quot;,&quot;copyright&quot;:&quot;&quot;,&quot;focal_length&quot;:&quot;0&quot;,&quot;iso&quot;:&quot;0&quot;,&quot;shutter_speed&quot;:&quot;0&quot;,&quot;title&quot;:&quot;&quot;,&quot;orientation&quot;:&quot;1&quot;}\" data-image-title=\"B1EFD72E-18E8-4AB6-B124-3CE83A237450\" data-image-description=\"\" data-image-caption=\"\" data-large-file=\"https:\/\/www.cisa-arica.cl\/wp1\/wp-content\/uploads\/2023\/10\/B1EFD72E-18E8-4AB6-B124-3CE83A237450-600x450.jpeg\" data-attachment-id=\"22780\" data-permalink=\"https:\/\/www.cisa-arica.cl\/wp1\/2023\/10\/20\/feria-de-la-ciencia-y-matematica-2023\/b1efd72e-18e8-4ab6-b124-3ce83a237450\/\" data-orig-file=\"https:\/\/www.cisa-arica.cl\/wp1\/wp-content\/uploads\/2023\/10\/B1EFD72E-18E8-4AB6-B124-3CE83A237450-scaled.jpeg\" data-orig-size=\"2560,1920\" data-comments-opened=\"0\" data-image-meta=\"{&quot;aperture&quot;:&quot;0&quot;,&quot;credit&quot;:&quot;&quot;,&quot;camera&quot;:&quot;&quot;,&quot;caption&quot;:&quot;&quot;,&quot;created_timestamp&quot;:&quot;0&quot;,&quot;copyright&quot;:&quot;&quot;,&quot;focal_length&quot;:&quot;0&quot;,&quot;iso&quot;:&quot;0&quot;,&quot;shutter_speed&quot;:&quot;0&quot;,&quot;title&quot;:&quot;&quot;,&quot;orientation&quot;:&quot;1&quot;}\" data-image-title=\"B1EFD72E-18E8-4AB6-B124-3CE83A237450\" data-image-description=\"\" data-image-caption=\"\" data-large-file=\"https:\/\/www.cisa-arica.cl\/wp1\/wp-content\/uploads\/2023\/10\/B1EFD72E-18E8-4AB6-B124-3CE83A237450-600x450.jpeg\" role=\"button\" tabindex=\"0\" aria-label=\"Abrir la imagen 67 de 95 en pantalla completa\"srcset=\"https:\/\/i1.wp.com\/www.cisa-arica.cl\/wp1\/wp-content\/uploads\/2023\/10\/B1EFD72E-18E8-4AB6-B124-3CE83A237450-600x450.jpeg?strip=info&#038;w=600&#038;ssl=1 600w,https:\/\/i1.wp.com\/www.cisa-arica.cl\/wp1\/wp-content\/uploads\/2023\/10\/B1EFD72E-18E8-4AB6-B124-3CE83A237450-600x450.jpeg?strip=info&#038;w=900&#038;ssl=1 900w,https:\/\/i1.wp.com\/www.cisa-arica.cl\/wp1\/wp-content\/uploads\/2023\/10\/B1EFD72E-18E8-4AB6-B124-3CE83A237450-600x450.jpeg?strip=info&#038;w=1200&#038;ssl=1 1200w,https:\/\/i1.wp.com\/www.cisa-arica.cl\/wp1\/wp-content\/uploads\/2023\/10\/B1EFD72E-18E8-4AB6-B124-3CE83A237450-600x450.jpeg?strip=info&#038;w=1500&#038;ssl=1 1500w,https:\/\/i1.wp.com\/www.cisa-arica.cl\/wp1\/wp-content\/uploads\/2023\/10\/B1EFD72E-18E8-4AB6-B124-3CE83A237450-600x450.jpeg?strip=info&#038;w=1800&#038;ssl=1 1800w,https:\/\/i1.wp.com\/www.cisa-arica.cl\/wp1\/wp-content\/uploads\/2023\/10\/B1EFD72E-18E8-4AB6-B124-3CE83A237450-600x450.jpeg?strip=info&#038;w=2000&#038;ssl=1 2000w\" alt=\"\" data-height=\"1920\" data-id=\"22780\" data-link=\"https:\/\/www.cisa-arica.cl\/wp1\/?attachment_id=22780\" data-url=\"https:\/\/www.cisa-arica.cl\/wp1\/wp-content\/uploads\/2023\/10\/B1EFD72E-18E8-4AB6-B124-3CE83A237450-600x450.jpeg\" data-width=\"2560\" src=\"https:\/\/i1.wp.com\/www.cisa-arica.cl\/wp1\/wp-content\/uploads\/2023\/10\/B1EFD72E-18E8-4AB6-B124-3CE83A237450-600x450.jpeg?ssl=1\" data-amp-layout=\"responsive\"\/><\/figure><\/div><div class=\"tiled-gallery__col\" style=\"flex-basis:33.06560%\"><figure class=\"tiled-gallery__item\"><img decoding=\"async\" data-attachment-id=\"22781\" data-permalink=\"https:\/\/www.cisa-arica.cl\/wp1\/2023\/10\/20\/feria-de-la-ciencia-y-matematica-2023\/c5c3baff-d552-4dc6-b1da-75c5b6c35098\/\" data-orig-file=\"https:\/\/www.cisa-arica.cl\/wp1\/wp-content\/uploads\/2023\/10\/C5C3BAFF-D552-4DC6-B1DA-75C5B6C35098-scaled.jpeg\" data-orig-size=\"2560,1920\" data-comments-opened=\"0\" data-image-meta=\"{&quot;aperture&quot;:&quot;0&quot;,&quot;credit&quot;:&quot;&quot;,&quot;camera&quot;:&quot;&quot;,&quot;caption&quot;:&quot;&quot;,&quot;created_timestamp&quot;:&quot;0&quot;,&quot;copyright&quot;:&quot;&quot;,&quot;focal_length&quot;:&quot;0&quot;,&quot;iso&quot;:&quot;0&quot;,&quot;shutter_speed&quot;:&quot;0&quot;,&quot;title&quot;:&quot;&quot;,&quot;orientation&quot;:&quot;1&quot;}\" data-image-title=\"C5C3BAFF-D552-4DC6-B1DA-75C5B6C35098\" data-image-description=\"\" data-image-caption=\"\" data-large-file=\"https:\/\/www.cisa-arica.cl\/wp1\/wp-content\/uploads\/2023\/10\/C5C3BAFF-D552-4DC6-B1DA-75C5B6C35098-600x450.jpeg\" data-attachment-id=\"22781\" data-permalink=\"https:\/\/www.cisa-arica.cl\/wp1\/2023\/10\/20\/feria-de-la-ciencia-y-matematica-2023\/c5c3baff-d552-4dc6-b1da-75c5b6c35098\/\" data-orig-file=\"https:\/\/www.cisa-arica.cl\/wp1\/wp-content\/uploads\/2023\/10\/C5C3BAFF-D552-4DC6-B1DA-75C5B6C35098-scaled.jpeg\" data-orig-size=\"2560,1920\" data-comments-opened=\"0\" data-image-meta=\"{&quot;aperture&quot;:&quot;0&quot;,&quot;credit&quot;:&quot;&quot;,&quot;camera&quot;:&quot;&quot;,&quot;caption&quot;:&quot;&quot;,&quot;created_timestamp&quot;:&quot;0&quot;,&quot;copyright&quot;:&quot;&quot;,&quot;focal_length&quot;:&quot;0&quot;,&quot;iso&quot;:&quot;0&quot;,&quot;shutter_speed&quot;:&quot;0&quot;,&quot;title&quot;:&quot;&quot;,&quot;orientation&quot;:&quot;1&quot;}\" data-image-title=\"C5C3BAFF-D552-4DC6-B1DA-75C5B6C35098\" data-image-description=\"\" data-image-caption=\"\" data-large-file=\"https:\/\/www.cisa-arica.cl\/wp1\/wp-content\/uploads\/2023\/10\/C5C3BAFF-D552-4DC6-B1DA-75C5B6C35098-600x450.jpeg\" role=\"button\" tabindex=\"0\" aria-label=\"Abrir la imagen 68 de 95 en pantalla completa\"srcset=\"https:\/\/i1.wp.com\/www.cisa-arica.cl\/wp1\/wp-content\/uploads\/2023\/10\/C5C3BAFF-D552-4DC6-B1DA-75C5B6C35098-600x450.jpeg?strip=info&#038;w=600&#038;ssl=1 600w,https:\/\/i1.wp.com\/www.cisa-arica.cl\/wp1\/wp-content\/uploads\/2023\/10\/C5C3BAFF-D552-4DC6-B1DA-75C5B6C35098-600x450.jpeg?strip=info&#038;w=900&#038;ssl=1 900w,https:\/\/i1.wp.com\/www.cisa-arica.cl\/wp1\/wp-content\/uploads\/2023\/10\/C5C3BAFF-D552-4DC6-B1DA-75C5B6C35098-600x450.jpeg?strip=info&#038;w=1200&#038;ssl=1 1200w,https:\/\/i1.wp.com\/www.cisa-arica.cl\/wp1\/wp-content\/uploads\/2023\/10\/C5C3BAFF-D552-4DC6-B1DA-75C5B6C35098-600x450.jpeg?strip=info&#038;w=1500&#038;ssl=1 1500w,https:\/\/i1.wp.com\/www.cisa-arica.cl\/wp1\/wp-content\/uploads\/2023\/10\/C5C3BAFF-D552-4DC6-B1DA-75C5B6C35098-600x450.jpeg?strip=info&#038;w=1800&#038;ssl=1 1800w,https:\/\/i1.wp.com\/www.cisa-arica.cl\/wp1\/wp-content\/uploads\/2023\/10\/C5C3BAFF-D552-4DC6-B1DA-75C5B6C35098-600x450.jpeg?strip=info&#038;w=2000&#038;ssl=1 2000w\" alt=\"\" data-height=\"1920\" data-id=\"22781\" data-link=\"https:\/\/www.cisa-arica.cl\/wp1\/?attachment_id=22781\" data-url=\"https:\/\/www.cisa-arica.cl\/wp1\/wp-content\/uploads\/2023\/10\/C5C3BAFF-D552-4DC6-B1DA-75C5B6C35098-600x450.jpeg\" data-width=\"2560\" src=\"https:\/\/i1.wp.com\/www.cisa-arica.cl\/wp1\/wp-content\/uploads\/2023\/10\/C5C3BAFF-D552-4DC6-B1DA-75C5B6C35098-600x450.jpeg?ssl=1\" data-amp-layout=\"responsive\"\/><\/figure><figure class=\"tiled-gallery__item\"><img decoding=\"async\" data-attachment-id=\"22782\" data-permalink=\"https:\/\/www.cisa-arica.cl\/wp1\/2023\/10\/20\/feria-de-la-ciencia-y-matematica-2023\/3cbee92d-46c7-4f1d-823c-510529ba25b0\/\" data-orig-file=\"https:\/\/www.cisa-arica.cl\/wp1\/wp-content\/uploads\/2023\/10\/3CBEE92D-46C7-4F1D-823C-510529BA25B0-scaled.jpeg\" data-orig-size=\"2560,1920\" data-comments-opened=\"0\" data-image-meta=\"{&quot;aperture&quot;:&quot;0&quot;,&quot;credit&quot;:&quot;&quot;,&quot;camera&quot;:&quot;&quot;,&quot;caption&quot;:&quot;&quot;,&quot;created_timestamp&quot;:&quot;0&quot;,&quot;copyright&quot;:&quot;&quot;,&quot;focal_length&quot;:&quot;0&quot;,&quot;iso&quot;:&quot;0&quot;,&quot;shutter_speed&quot;:&quot;0&quot;,&quot;title&quot;:&quot;&quot;,&quot;orientation&quot;:&quot;1&quot;}\" data-image-title=\"3CBEE92D-46C7-4F1D-823C-510529BA25B0\" data-image-description=\"\" data-image-caption=\"\" data-large-file=\"https:\/\/www.cisa-arica.cl\/wp1\/wp-content\/uploads\/2023\/10\/3CBEE92D-46C7-4F1D-823C-510529BA25B0-600x450.jpeg\" data-attachment-id=\"22782\" data-permalink=\"https:\/\/www.cisa-arica.cl\/wp1\/2023\/10\/20\/feria-de-la-ciencia-y-matematica-2023\/3cbee92d-46c7-4f1d-823c-510529ba25b0\/\" data-orig-file=\"https:\/\/www.cisa-arica.cl\/wp1\/wp-content\/uploads\/2023\/10\/3CBEE92D-46C7-4F1D-823C-510529BA25B0-scaled.jpeg\" data-orig-size=\"2560,1920\" data-comments-opened=\"0\" data-image-meta=\"{&quot;aperture&quot;:&quot;0&quot;,&quot;credit&quot;:&quot;&quot;,&quot;camera&quot;:&quot;&quot;,&quot;caption&quot;:&quot;&quot;,&quot;created_timestamp&quot;:&quot;0&quot;,&quot;copyright&quot;:&quot;&quot;,&quot;focal_length&quot;:&quot;0&quot;,&quot;iso&quot;:&quot;0&quot;,&quot;shutter_speed&quot;:&quot;0&quot;,&quot;title&quot;:&quot;&quot;,&quot;orientation&quot;:&quot;1&quot;}\" data-image-title=\"3CBEE92D-46C7-4F1D-823C-510529BA25B0\" data-image-description=\"\" data-image-caption=\"\" data-large-file=\"https:\/\/www.cisa-arica.cl\/wp1\/wp-content\/uploads\/2023\/10\/3CBEE92D-46C7-4F1D-823C-510529BA25B0-600x450.jpeg\" role=\"button\" tabindex=\"0\" aria-label=\"Abrir la imagen 69 de 95 en pantalla completa\"srcset=\"https:\/\/i1.wp.com\/www.cisa-arica.cl\/wp1\/wp-content\/uploads\/2023\/10\/3CBEE92D-46C7-4F1D-823C-510529BA25B0-600x450.jpeg?strip=info&#038;w=600&#038;ssl=1 600w,https:\/\/i1.wp.com\/www.cisa-arica.cl\/wp1\/wp-content\/uploads\/2023\/10\/3CBEE92D-46C7-4F1D-823C-510529BA25B0-600x450.jpeg?strip=info&#038;w=900&#038;ssl=1 900w,https:\/\/i1.wp.com\/www.cisa-arica.cl\/wp1\/wp-content\/uploads\/2023\/10\/3CBEE92D-46C7-4F1D-823C-510529BA25B0-600x450.jpeg?strip=info&#038;w=1200&#038;ssl=1 1200w,https:\/\/i1.wp.com\/www.cisa-arica.cl\/wp1\/wp-content\/uploads\/2023\/10\/3CBEE92D-46C7-4F1D-823C-510529BA25B0-600x450.jpeg?strip=info&#038;w=1500&#038;ssl=1 1500w,https:\/\/i1.wp.com\/www.cisa-arica.cl\/wp1\/wp-content\/uploads\/2023\/10\/3CBEE92D-46C7-4F1D-823C-510529BA25B0-600x450.jpeg?strip=info&#038;w=1800&#038;ssl=1 1800w,https:\/\/i1.wp.com\/www.cisa-arica.cl\/wp1\/wp-content\/uploads\/2023\/10\/3CBEE92D-46C7-4F1D-823C-510529BA25B0-600x450.jpeg?strip=info&#038;w=2000&#038;ssl=1 2000w\" alt=\"\" data-height=\"1920\" data-id=\"22782\" data-link=\"https:\/\/www.cisa-arica.cl\/wp1\/?attachment_id=22782\" data-url=\"https:\/\/www.cisa-arica.cl\/wp1\/wp-content\/uploads\/2023\/10\/3CBEE92D-46C7-4F1D-823C-510529BA25B0-600x450.jpeg\" data-width=\"2560\" src=\"https:\/\/i1.wp.com\/www.cisa-arica.cl\/wp1\/wp-content\/uploads\/2023\/10\/3CBEE92D-46C7-4F1D-823C-510529BA25B0-600x450.jpeg?ssl=1\" data-amp-layout=\"responsive\"\/><\/figure><\/div><\/div><div class=\"tiled-gallery__row\"><div class=\"tiled-gallery__col\" style=\"flex-basis:33.33333%\"><figure class=\"tiled-gallery__item\"><img decoding=\"async\" data-attachment-id=\"22783\" data-permalink=\"https:\/\/www.cisa-arica.cl\/wp1\/2023\/10\/20\/feria-de-la-ciencia-y-matematica-2023\/3a008df9-376c-47ba-a701-3079feeef762\/\" data-orig-file=\"https:\/\/www.cisa-arica.cl\/wp1\/wp-content\/uploads\/2023\/10\/3A008DF9-376C-47BA-A701-3079FEEEF762-scaled.jpeg\" data-orig-size=\"2560,1920\" data-comments-opened=\"0\" data-image-meta=\"{&quot;aperture&quot;:&quot;0&quot;,&quot;credit&quot;:&quot;&quot;,&quot;camera&quot;:&quot;&quot;,&quot;caption&quot;:&quot;&quot;,&quot;created_timestamp&quot;:&quot;0&quot;,&quot;copyright&quot;:&quot;&quot;,&quot;focal_length&quot;:&quot;0&quot;,&quot;iso&quot;:&quot;0&quot;,&quot;shutter_speed&quot;:&quot;0&quot;,&quot;title&quot;:&quot;&quot;,&quot;orientation&quot;:&quot;1&quot;}\" data-image-title=\"3A008DF9-376C-47BA-A701-3079FEEEF762\" data-image-description=\"\" data-image-caption=\"\" data-large-file=\"https:\/\/www.cisa-arica.cl\/wp1\/wp-content\/uploads\/2023\/10\/3A008DF9-376C-47BA-A701-3079FEEEF762-600x450.jpeg\" data-attachment-id=\"22783\" data-permalink=\"https:\/\/www.cisa-arica.cl\/wp1\/2023\/10\/20\/feria-de-la-ciencia-y-matematica-2023\/3a008df9-376c-47ba-a701-3079feeef762\/\" data-orig-file=\"https:\/\/www.cisa-arica.cl\/wp1\/wp-content\/uploads\/2023\/10\/3A008DF9-376C-47BA-A701-3079FEEEF762-scaled.jpeg\" data-orig-size=\"2560,1920\" data-comments-opened=\"0\" data-image-meta=\"{&quot;aperture&quot;:&quot;0&quot;,&quot;credit&quot;:&quot;&quot;,&quot;camera&quot;:&quot;&quot;,&quot;caption&quot;:&quot;&quot;,&quot;created_timestamp&quot;:&quot;0&quot;,&quot;copyright&quot;:&quot;&quot;,&quot;focal_length&quot;:&quot;0&quot;,&quot;iso&quot;:&quot;0&quot;,&quot;shutter_speed&quot;:&quot;0&quot;,&quot;title&quot;:&quot;&quot;,&quot;orientation&quot;:&quot;1&quot;}\" data-image-title=\"3A008DF9-376C-47BA-A701-3079FEEEF762\" data-image-description=\"\" data-image-caption=\"\" data-large-file=\"https:\/\/www.cisa-arica.cl\/wp1\/wp-content\/uploads\/2023\/10\/3A008DF9-376C-47BA-A701-3079FEEEF762-600x450.jpeg\" role=\"button\" tabindex=\"0\" aria-label=\"Abrir la imagen 70 de 95 en pantalla completa\"srcset=\"https:\/\/i0.wp.com\/www.cisa-arica.cl\/wp1\/wp-content\/uploads\/2023\/10\/3A008DF9-376C-47BA-A701-3079FEEEF762-600x450.jpeg?strip=info&#038;w=600&#038;ssl=1 600w,https:\/\/i0.wp.com\/www.cisa-arica.cl\/wp1\/wp-content\/uploads\/2023\/10\/3A008DF9-376C-47BA-A701-3079FEEEF762-600x450.jpeg?strip=info&#038;w=900&#038;ssl=1 900w,https:\/\/i0.wp.com\/www.cisa-arica.cl\/wp1\/wp-content\/uploads\/2023\/10\/3A008DF9-376C-47BA-A701-3079FEEEF762-600x450.jpeg?strip=info&#038;w=1200&#038;ssl=1 1200w,https:\/\/i0.wp.com\/www.cisa-arica.cl\/wp1\/wp-content\/uploads\/2023\/10\/3A008DF9-376C-47BA-A701-3079FEEEF762-600x450.jpeg?strip=info&#038;w=1500&#038;ssl=1 1500w,https:\/\/i0.wp.com\/www.cisa-arica.cl\/wp1\/wp-content\/uploads\/2023\/10\/3A008DF9-376C-47BA-A701-3079FEEEF762-600x450.jpeg?strip=info&#038;w=1800&#038;ssl=1 1800w,https:\/\/i0.wp.com\/www.cisa-arica.cl\/wp1\/wp-content\/uploads\/2023\/10\/3A008DF9-376C-47BA-A701-3079FEEEF762-600x450.jpeg?strip=info&#038;w=2000&#038;ssl=1 2000w\" alt=\"\" data-height=\"1920\" data-id=\"22783\" data-link=\"https:\/\/www.cisa-arica.cl\/wp1\/?attachment_id=22783\" data-url=\"https:\/\/www.cisa-arica.cl\/wp1\/wp-content\/uploads\/2023\/10\/3A008DF9-376C-47BA-A701-3079FEEEF762-600x450.jpeg\" data-width=\"2560\" src=\"https:\/\/i0.wp.com\/www.cisa-arica.cl\/wp1\/wp-content\/uploads\/2023\/10\/3A008DF9-376C-47BA-A701-3079FEEEF762-600x450.jpeg?ssl=1\" data-amp-layout=\"responsive\"\/><\/figure><\/div><div class=\"tiled-gallery__col\" style=\"flex-basis:33.33333%\"><figure class=\"tiled-gallery__item\"><img decoding=\"async\" data-attachment-id=\"22784\" data-permalink=\"https:\/\/www.cisa-arica.cl\/wp1\/2023\/10\/20\/feria-de-la-ciencia-y-matematica-2023\/76f557a7-e19e-455e-ae47-2a34582eeff2\/\" data-orig-file=\"https:\/\/www.cisa-arica.cl\/wp1\/wp-content\/uploads\/2023\/10\/76F557A7-E19E-455E-AE47-2A34582EEFF2-scaled.jpeg\" data-orig-size=\"2560,1920\" data-comments-opened=\"0\" data-image-meta=\"{&quot;aperture&quot;:&quot;0&quot;,&quot;credit&quot;:&quot;&quot;,&quot;camera&quot;:&quot;&quot;,&quot;caption&quot;:&quot;&quot;,&quot;created_timestamp&quot;:&quot;0&quot;,&quot;copyright&quot;:&quot;&quot;,&quot;focal_length&quot;:&quot;0&quot;,&quot;iso&quot;:&quot;0&quot;,&quot;shutter_speed&quot;:&quot;0&quot;,&quot;title&quot;:&quot;&quot;,&quot;orientation&quot;:&quot;1&quot;}\" data-image-title=\"76F557A7-E19E-455E-AE47-2A34582EEFF2\" data-image-description=\"\" data-image-caption=\"\" data-large-file=\"https:\/\/www.cisa-arica.cl\/wp1\/wp-content\/uploads\/2023\/10\/76F557A7-E19E-455E-AE47-2A34582EEFF2-600x450.jpeg\" data-attachment-id=\"22784\" data-permalink=\"https:\/\/www.cisa-arica.cl\/wp1\/2023\/10\/20\/feria-de-la-ciencia-y-matematica-2023\/76f557a7-e19e-455e-ae47-2a34582eeff2\/\" data-orig-file=\"https:\/\/www.cisa-arica.cl\/wp1\/wp-content\/uploads\/2023\/10\/76F557A7-E19E-455E-AE47-2A34582EEFF2-scaled.jpeg\" data-orig-size=\"2560,1920\" data-comments-opened=\"0\" data-image-meta=\"{&quot;aperture&quot;:&quot;0&quot;,&quot;credit&quot;:&quot;&quot;,&quot;camera&quot;:&quot;&quot;,&quot;caption&quot;:&quot;&quot;,&quot;created_timestamp&quot;:&quot;0&quot;,&quot;copyright&quot;:&quot;&quot;,&quot;focal_length&quot;:&quot;0&quot;,&quot;iso&quot;:&quot;0&quot;,&quot;shutter_speed&quot;:&quot;0&quot;,&quot;title&quot;:&quot;&quot;,&quot;orientation&quot;:&quot;1&quot;}\" data-image-title=\"76F557A7-E19E-455E-AE47-2A34582EEFF2\" data-image-description=\"\" data-image-caption=\"\" data-large-file=\"https:\/\/www.cisa-arica.cl\/wp1\/wp-content\/uploads\/2023\/10\/76F557A7-E19E-455E-AE47-2A34582EEFF2-600x450.jpeg\" role=\"button\" tabindex=\"0\" aria-label=\"Abrir la imagen 71 de 95 en pantalla completa\"srcset=\"https:\/\/i1.wp.com\/www.cisa-arica.cl\/wp1\/wp-content\/uploads\/2023\/10\/76F557A7-E19E-455E-AE47-2A34582EEFF2-600x450.jpeg?strip=info&#038;w=600&#038;ssl=1 600w,https:\/\/i1.wp.com\/www.cisa-arica.cl\/wp1\/wp-content\/uploads\/2023\/10\/76F557A7-E19E-455E-AE47-2A34582EEFF2-600x450.jpeg?strip=info&#038;w=900&#038;ssl=1 900w,https:\/\/i1.wp.com\/www.cisa-arica.cl\/wp1\/wp-content\/uploads\/2023\/10\/76F557A7-E19E-455E-AE47-2A34582EEFF2-600x450.jpeg?strip=info&#038;w=1200&#038;ssl=1 1200w,https:\/\/i1.wp.com\/www.cisa-arica.cl\/wp1\/wp-content\/uploads\/2023\/10\/76F557A7-E19E-455E-AE47-2A34582EEFF2-600x450.jpeg?strip=info&#038;w=1500&#038;ssl=1 1500w,https:\/\/i1.wp.com\/www.cisa-arica.cl\/wp1\/wp-content\/uploads\/2023\/10\/76F557A7-E19E-455E-AE47-2A34582EEFF2-600x450.jpeg?strip=info&#038;w=1800&#038;ssl=1 1800w,https:\/\/i1.wp.com\/www.cisa-arica.cl\/wp1\/wp-content\/uploads\/2023\/10\/76F557A7-E19E-455E-AE47-2A34582EEFF2-600x450.jpeg?strip=info&#038;w=2000&#038;ssl=1 2000w\" alt=\"\" data-height=\"1920\" data-id=\"22784\" data-link=\"https:\/\/www.cisa-arica.cl\/wp1\/?attachment_id=22784\" data-url=\"https:\/\/www.cisa-arica.cl\/wp1\/wp-content\/uploads\/2023\/10\/76F557A7-E19E-455E-AE47-2A34582EEFF2-600x450.jpeg\" data-width=\"2560\" src=\"https:\/\/i1.wp.com\/www.cisa-arica.cl\/wp1\/wp-content\/uploads\/2023\/10\/76F557A7-E19E-455E-AE47-2A34582EEFF2-600x450.jpeg?ssl=1\" data-amp-layout=\"responsive\"\/><\/figure><\/div><div class=\"tiled-gallery__col\" style=\"flex-basis:33.33333%\"><figure class=\"tiled-gallery__item\"><img decoding=\"async\" data-attachment-id=\"22785\" data-permalink=\"https:\/\/www.cisa-arica.cl\/wp1\/2023\/10\/20\/feria-de-la-ciencia-y-matematica-2023\/51027d16-2dc8-4a54-88af-b77d96e3eb3d\/\" data-orig-file=\"https:\/\/www.cisa-arica.cl\/wp1\/wp-content\/uploads\/2023\/10\/51027D16-2DC8-4A54-88AF-B77D96E3EB3D-scaled.jpeg\" data-orig-size=\"2560,1920\" data-comments-opened=\"0\" data-image-meta=\"{&quot;aperture&quot;:&quot;0&quot;,&quot;credit&quot;:&quot;&quot;,&quot;camera&quot;:&quot;&quot;,&quot;caption&quot;:&quot;&quot;,&quot;created_timestamp&quot;:&quot;0&quot;,&quot;copyright&quot;:&quot;&quot;,&quot;focal_length&quot;:&quot;0&quot;,&quot;iso&quot;:&quot;0&quot;,&quot;shutter_speed&quot;:&quot;0&quot;,&quot;title&quot;:&quot;&quot;,&quot;orientation&quot;:&quot;1&quot;}\" data-image-title=\"51027D16-2DC8-4A54-88AF-B77D96E3EB3D\" data-image-description=\"\" data-image-caption=\"\" data-large-file=\"https:\/\/www.cisa-arica.cl\/wp1\/wp-content\/uploads\/2023\/10\/51027D16-2DC8-4A54-88AF-B77D96E3EB3D-600x450.jpeg\" data-attachment-id=\"22785\" data-permalink=\"https:\/\/www.cisa-arica.cl\/wp1\/2023\/10\/20\/feria-de-la-ciencia-y-matematica-2023\/51027d16-2dc8-4a54-88af-b77d96e3eb3d\/\" data-orig-file=\"https:\/\/www.cisa-arica.cl\/wp1\/wp-content\/uploads\/2023\/10\/51027D16-2DC8-4A54-88AF-B77D96E3EB3D-scaled.jpeg\" data-orig-size=\"2560,1920\" data-comments-opened=\"0\" data-image-meta=\"{&quot;aperture&quot;:&quot;0&quot;,&quot;credit&quot;:&quot;&quot;,&quot;camera&quot;:&quot;&quot;,&quot;caption&quot;:&quot;&quot;,&quot;created_timestamp&quot;:&quot;0&quot;,&quot;copyright&quot;:&quot;&quot;,&quot;focal_length&quot;:&quot;0&quot;,&quot;iso&quot;:&quot;0&quot;,&quot;shutter_speed&quot;:&quot;0&quot;,&quot;title&quot;:&quot;&quot;,&quot;orientation&quot;:&quot;1&quot;}\" data-image-title=\"51027D16-2DC8-4A54-88AF-B77D96E3EB3D\" data-image-description=\"\" data-image-caption=\"\" data-large-file=\"https:\/\/www.cisa-arica.cl\/wp1\/wp-content\/uploads\/2023\/10\/51027D16-2DC8-4A54-88AF-B77D96E3EB3D-600x450.jpeg\" role=\"button\" tabindex=\"0\" aria-label=\"Abrir la imagen 72 de 95 en pantalla completa\"srcset=\"https:\/\/i1.wp.com\/www.cisa-arica.cl\/wp1\/wp-content\/uploads\/2023\/10\/51027D16-2DC8-4A54-88AF-B77D96E3EB3D-600x450.jpeg?strip=info&#038;w=600&#038;ssl=1 600w,https:\/\/i1.wp.com\/www.cisa-arica.cl\/wp1\/wp-content\/uploads\/2023\/10\/51027D16-2DC8-4A54-88AF-B77D96E3EB3D-600x450.jpeg?strip=info&#038;w=900&#038;ssl=1 900w,https:\/\/i1.wp.com\/www.cisa-arica.cl\/wp1\/wp-content\/uploads\/2023\/10\/51027D16-2DC8-4A54-88AF-B77D96E3EB3D-600x450.jpeg?strip=info&#038;w=1200&#038;ssl=1 1200w,https:\/\/i1.wp.com\/www.cisa-arica.cl\/wp1\/wp-content\/uploads\/2023\/10\/51027D16-2DC8-4A54-88AF-B77D96E3EB3D-600x450.jpeg?strip=info&#038;w=1500&#038;ssl=1 1500w,https:\/\/i1.wp.com\/www.cisa-arica.cl\/wp1\/wp-content\/uploads\/2023\/10\/51027D16-2DC8-4A54-88AF-B77D96E3EB3D-600x450.jpeg?strip=info&#038;w=1800&#038;ssl=1 1800w,https:\/\/i1.wp.com\/www.cisa-arica.cl\/wp1\/wp-content\/uploads\/2023\/10\/51027D16-2DC8-4A54-88AF-B77D96E3EB3D-600x450.jpeg?strip=info&#038;w=2000&#038;ssl=1 2000w\" alt=\"\" data-height=\"1920\" data-id=\"22785\" data-link=\"https:\/\/www.cisa-arica.cl\/wp1\/?attachment_id=22785\" data-url=\"https:\/\/www.cisa-arica.cl\/wp1\/wp-content\/uploads\/2023\/10\/51027D16-2DC8-4A54-88AF-B77D96E3EB3D-600x450.jpeg\" data-width=\"2560\" src=\"https:\/\/i1.wp.com\/www.cisa-arica.cl\/wp1\/wp-content\/uploads\/2023\/10\/51027D16-2DC8-4A54-88AF-B77D96E3EB3D-600x450.jpeg?ssl=1\" data-amp-layout=\"responsive\"\/><\/figure><\/div><\/div><div class=\"tiled-gallery__row\"><div class=\"tiled-gallery__col\" style=\"flex-basis:63.91215%\"><figure class=\"tiled-gallery__item\"><img decoding=\"async\" data-attachment-id=\"22786\" data-permalink=\"https:\/\/www.cisa-arica.cl\/wp1\/2023\/10\/20\/feria-de-la-ciencia-y-matematica-2023\/3f64ac72-0656-48ea-9180-f6d37ec27d0d\/\" data-orig-file=\"https:\/\/www.cisa-arica.cl\/wp1\/wp-content\/uploads\/2023\/10\/3F64AC72-0656-48EA-9180-F6D37EC27D0D-scaled.jpeg\" data-orig-size=\"2560,1920\" data-comments-opened=\"0\" data-image-meta=\"{&quot;aperture&quot;:&quot;0&quot;,&quot;credit&quot;:&quot;&quot;,&quot;camera&quot;:&quot;&quot;,&quot;caption&quot;:&quot;&quot;,&quot;created_timestamp&quot;:&quot;0&quot;,&quot;copyright&quot;:&quot;&quot;,&quot;focal_length&quot;:&quot;0&quot;,&quot;iso&quot;:&quot;0&quot;,&quot;shutter_speed&quot;:&quot;0&quot;,&quot;title&quot;:&quot;&quot;,&quot;orientation&quot;:&quot;1&quot;}\" data-image-title=\"3F64AC72-0656-48EA-9180-F6D37EC27D0D\" data-image-description=\"\" data-image-caption=\"\" data-large-file=\"https:\/\/www.cisa-arica.cl\/wp1\/wp-content\/uploads\/2023\/10\/3F64AC72-0656-48EA-9180-F6D37EC27D0D-600x450.jpeg\" data-attachment-id=\"22786\" data-permalink=\"https:\/\/www.cisa-arica.cl\/wp1\/2023\/10\/20\/feria-de-la-ciencia-y-matematica-2023\/3f64ac72-0656-48ea-9180-f6d37ec27d0d\/\" data-orig-file=\"https:\/\/www.cisa-arica.cl\/wp1\/wp-content\/uploads\/2023\/10\/3F64AC72-0656-48EA-9180-F6D37EC27D0D-scaled.jpeg\" data-orig-size=\"2560,1920\" data-comments-opened=\"0\" data-image-meta=\"{&quot;aperture&quot;:&quot;0&quot;,&quot;credit&quot;:&quot;&quot;,&quot;camera&quot;:&quot;&quot;,&quot;caption&quot;:&quot;&quot;,&quot;created_timestamp&quot;:&quot;0&quot;,&quot;copyright&quot;:&quot;&quot;,&quot;focal_length&quot;:&quot;0&quot;,&quot;iso&quot;:&quot;0&quot;,&quot;shutter_speed&quot;:&quot;0&quot;,&quot;title&quot;:&quot;&quot;,&quot;orientation&quot;:&quot;1&quot;}\" data-image-title=\"3F64AC72-0656-48EA-9180-F6D37EC27D0D\" data-image-description=\"\" data-image-caption=\"\" data-large-file=\"https:\/\/www.cisa-arica.cl\/wp1\/wp-content\/uploads\/2023\/10\/3F64AC72-0656-48EA-9180-F6D37EC27D0D-600x450.jpeg\" role=\"button\" tabindex=\"0\" aria-label=\"Abrir la imagen 73 de 95 en pantalla completa\"srcset=\"https:\/\/i2.wp.com\/www.cisa-arica.cl\/wp1\/wp-content\/uploads\/2023\/10\/3F64AC72-0656-48EA-9180-F6D37EC27D0D-600x450.jpeg?strip=info&#038;w=600&#038;ssl=1 600w,https:\/\/i2.wp.com\/www.cisa-arica.cl\/wp1\/wp-content\/uploads\/2023\/10\/3F64AC72-0656-48EA-9180-F6D37EC27D0D-600x450.jpeg?strip=info&#038;w=900&#038;ssl=1 900w,https:\/\/i2.wp.com\/www.cisa-arica.cl\/wp1\/wp-content\/uploads\/2023\/10\/3F64AC72-0656-48EA-9180-F6D37EC27D0D-600x450.jpeg?strip=info&#038;w=1200&#038;ssl=1 1200w,https:\/\/i2.wp.com\/www.cisa-arica.cl\/wp1\/wp-content\/uploads\/2023\/10\/3F64AC72-0656-48EA-9180-F6D37EC27D0D-600x450.jpeg?strip=info&#038;w=1500&#038;ssl=1 1500w,https:\/\/i2.wp.com\/www.cisa-arica.cl\/wp1\/wp-content\/uploads\/2023\/10\/3F64AC72-0656-48EA-9180-F6D37EC27D0D-600x450.jpeg?strip=info&#038;w=1800&#038;ssl=1 1800w,https:\/\/i2.wp.com\/www.cisa-arica.cl\/wp1\/wp-content\/uploads\/2023\/10\/3F64AC72-0656-48EA-9180-F6D37EC27D0D-600x450.jpeg?strip=info&#038;w=2000&#038;ssl=1 2000w\" alt=\"\" data-height=\"1920\" data-id=\"22786\" data-link=\"https:\/\/www.cisa-arica.cl\/wp1\/?attachment_id=22786\" data-url=\"https:\/\/www.cisa-arica.cl\/wp1\/wp-content\/uploads\/2023\/10\/3F64AC72-0656-48EA-9180-F6D37EC27D0D-600x450.jpeg\" data-width=\"2560\" src=\"https:\/\/i2.wp.com\/www.cisa-arica.cl\/wp1\/wp-content\/uploads\/2023\/10\/3F64AC72-0656-48EA-9180-F6D37EC27D0D-600x450.jpeg?ssl=1\" data-amp-layout=\"responsive\"\/><\/figure><\/div><div class=\"tiled-gallery__col\" style=\"flex-basis:36.08785%\"><figure class=\"tiled-gallery__item\"><img decoding=\"async\" data-attachment-id=\"22787\" data-permalink=\"https:\/\/www.cisa-arica.cl\/wp1\/2023\/10\/20\/feria-de-la-ciencia-y-matematica-2023\/dcde5973-60c7-4222-aadc-feeff6bdf01e\/\" data-orig-file=\"https:\/\/www.cisa-arica.cl\/wp1\/wp-content\/uploads\/2023\/10\/DCDE5973-60C7-4222-AADC-FEEFF6BDF01E-scaled.jpeg\" data-orig-size=\"1920,2560\" data-comments-opened=\"0\" data-image-meta=\"{&quot;aperture&quot;:&quot;0&quot;,&quot;credit&quot;:&quot;&quot;,&quot;camera&quot;:&quot;&quot;,&quot;caption&quot;:&quot;&quot;,&quot;created_timestamp&quot;:&quot;0&quot;,&quot;copyright&quot;:&quot;&quot;,&quot;focal_length&quot;:&quot;0&quot;,&quot;iso&quot;:&quot;0&quot;,&quot;shutter_speed&quot;:&quot;0&quot;,&quot;title&quot;:&quot;&quot;,&quot;orientation&quot;:&quot;1&quot;}\" data-image-title=\"DCDE5973-60C7-4222-AADC-FEEFF6BDF01E\" data-image-description=\"\" data-image-caption=\"\" data-large-file=\"https:\/\/www.cisa-arica.cl\/wp1\/wp-content\/uploads\/2023\/10\/DCDE5973-60C7-4222-AADC-FEEFF6BDF01E-450x600.jpeg\" data-attachment-id=\"22787\" data-permalink=\"https:\/\/www.cisa-arica.cl\/wp1\/2023\/10\/20\/feria-de-la-ciencia-y-matematica-2023\/dcde5973-60c7-4222-aadc-feeff6bdf01e\/\" data-orig-file=\"https:\/\/www.cisa-arica.cl\/wp1\/wp-content\/uploads\/2023\/10\/DCDE5973-60C7-4222-AADC-FEEFF6BDF01E-scaled.jpeg\" data-orig-size=\"1920,2560\" data-comments-opened=\"0\" data-image-meta=\"{&quot;aperture&quot;:&quot;0&quot;,&quot;credit&quot;:&quot;&quot;,&quot;camera&quot;:&quot;&quot;,&quot;caption&quot;:&quot;&quot;,&quot;created_timestamp&quot;:&quot;0&quot;,&quot;copyright&quot;:&quot;&quot;,&quot;focal_length&quot;:&quot;0&quot;,&quot;iso&quot;:&quot;0&quot;,&quot;shutter_speed&quot;:&quot;0&quot;,&quot;title&quot;:&quot;&quot;,&quot;orientation&quot;:&quot;1&quot;}\" data-image-title=\"DCDE5973-60C7-4222-AADC-FEEFF6BDF01E\" data-image-description=\"\" data-image-caption=\"\" data-large-file=\"https:\/\/www.cisa-arica.cl\/wp1\/wp-content\/uploads\/2023\/10\/DCDE5973-60C7-4222-AADC-FEEFF6BDF01E-450x600.jpeg\" role=\"button\" tabindex=\"0\" aria-label=\"Abrir la imagen 74 de 95 en pantalla completa\"srcset=\"https:\/\/i2.wp.com\/www.cisa-arica.cl\/wp1\/wp-content\/uploads\/2023\/10\/DCDE5973-60C7-4222-AADC-FEEFF6BDF01E-450x600.jpeg?strip=info&#038;w=600&#038;ssl=1 600w,https:\/\/i2.wp.com\/www.cisa-arica.cl\/wp1\/wp-content\/uploads\/2023\/10\/DCDE5973-60C7-4222-AADC-FEEFF6BDF01E-450x600.jpeg?strip=info&#038;w=900&#038;ssl=1 900w,https:\/\/i2.wp.com\/www.cisa-arica.cl\/wp1\/wp-content\/uploads\/2023\/10\/DCDE5973-60C7-4222-AADC-FEEFF6BDF01E-450x600.jpeg?strip=info&#038;w=1200&#038;ssl=1 1200w,https:\/\/i2.wp.com\/www.cisa-arica.cl\/wp1\/wp-content\/uploads\/2023\/10\/DCDE5973-60C7-4222-AADC-FEEFF6BDF01E-450x600.jpeg?strip=info&#038;w=1500&#038;ssl=1 1500w,https:\/\/i2.wp.com\/www.cisa-arica.cl\/wp1\/wp-content\/uploads\/2023\/10\/DCDE5973-60C7-4222-AADC-FEEFF6BDF01E-450x600.jpeg?strip=info&#038;w=1800&#038;ssl=1 1800w,https:\/\/i2.wp.com\/www.cisa-arica.cl\/wp1\/wp-content\/uploads\/2023\/10\/DCDE5973-60C7-4222-AADC-FEEFF6BDF01E-450x600.jpeg?strip=info&#038;w=1920&#038;ssl=1 1920w\" alt=\"\" data-height=\"2560\" data-id=\"22787\" data-link=\"https:\/\/www.cisa-arica.cl\/wp1\/?attachment_id=22787\" data-url=\"https:\/\/www.cisa-arica.cl\/wp1\/wp-content\/uploads\/2023\/10\/DCDE5973-60C7-4222-AADC-FEEFF6BDF01E-450x600.jpeg\" data-width=\"1920\" src=\"https:\/\/i2.wp.com\/www.cisa-arica.cl\/wp1\/wp-content\/uploads\/2023\/10\/DCDE5973-60C7-4222-AADC-FEEFF6BDF01E-450x600.jpeg?ssl=1\" data-amp-layout=\"responsive\"\/><\/figure><\/div><\/div><div class=\"tiled-gallery__row\"><div class=\"tiled-gallery__col\" style=\"flex-basis:63.91215%\"><figure class=\"tiled-gallery__item\"><img decoding=\"async\" data-attachment-id=\"22788\" data-permalink=\"https:\/\/www.cisa-arica.cl\/wp1\/2023\/10\/20\/feria-de-la-ciencia-y-matematica-2023\/b7d53cb7-0dbb-4cbd-828a-96e203f21496\/\" data-orig-file=\"https:\/\/www.cisa-arica.cl\/wp1\/wp-content\/uploads\/2023\/10\/B7D53CB7-0DBB-4CBD-828A-96E203F21496-scaled.jpeg\" data-orig-size=\"2560,1920\" data-comments-opened=\"0\" data-image-meta=\"{&quot;aperture&quot;:&quot;0&quot;,&quot;credit&quot;:&quot;&quot;,&quot;camera&quot;:&quot;&quot;,&quot;caption&quot;:&quot;&quot;,&quot;created_timestamp&quot;:&quot;0&quot;,&quot;copyright&quot;:&quot;&quot;,&quot;focal_length&quot;:&quot;0&quot;,&quot;iso&quot;:&quot;0&quot;,&quot;shutter_speed&quot;:&quot;0&quot;,&quot;title&quot;:&quot;&quot;,&quot;orientation&quot;:&quot;1&quot;}\" data-image-title=\"B7D53CB7-0DBB-4CBD-828A-96E203F21496\" data-image-description=\"\" data-image-caption=\"\" data-large-file=\"https:\/\/www.cisa-arica.cl\/wp1\/wp-content\/uploads\/2023\/10\/B7D53CB7-0DBB-4CBD-828A-96E203F21496-600x450.jpeg\" data-attachment-id=\"22788\" data-permalink=\"https:\/\/www.cisa-arica.cl\/wp1\/2023\/10\/20\/feria-de-la-ciencia-y-matematica-2023\/b7d53cb7-0dbb-4cbd-828a-96e203f21496\/\" data-orig-file=\"https:\/\/www.cisa-arica.cl\/wp1\/wp-content\/uploads\/2023\/10\/B7D53CB7-0DBB-4CBD-828A-96E203F21496-scaled.jpeg\" data-orig-size=\"2560,1920\" data-comments-opened=\"0\" data-image-meta=\"{&quot;aperture&quot;:&quot;0&quot;,&quot;credit&quot;:&quot;&quot;,&quot;camera&quot;:&quot;&quot;,&quot;caption&quot;:&quot;&quot;,&quot;created_timestamp&quot;:&quot;0&quot;,&quot;copyright&quot;:&quot;&quot;,&quot;focal_length&quot;:&quot;0&quot;,&quot;iso&quot;:&quot;0&quot;,&quot;shutter_speed&quot;:&quot;0&quot;,&quot;title&quot;:&quot;&quot;,&quot;orientation&quot;:&quot;1&quot;}\" data-image-title=\"B7D53CB7-0DBB-4CBD-828A-96E203F21496\" data-image-description=\"\" data-image-caption=\"\" data-large-file=\"https:\/\/www.cisa-arica.cl\/wp1\/wp-content\/uploads\/2023\/10\/B7D53CB7-0DBB-4CBD-828A-96E203F21496-600x450.jpeg\" role=\"button\" tabindex=\"0\" aria-label=\"Abrir la imagen 75 de 95 en pantalla completa\"srcset=\"https:\/\/i1.wp.com\/www.cisa-arica.cl\/wp1\/wp-content\/uploads\/2023\/10\/B7D53CB7-0DBB-4CBD-828A-96E203F21496-600x450.jpeg?strip=info&#038;w=600&#038;ssl=1 600w,https:\/\/i1.wp.com\/www.cisa-arica.cl\/wp1\/wp-content\/uploads\/2023\/10\/B7D53CB7-0DBB-4CBD-828A-96E203F21496-600x450.jpeg?strip=info&#038;w=900&#038;ssl=1 900w,https:\/\/i1.wp.com\/www.cisa-arica.cl\/wp1\/wp-content\/uploads\/2023\/10\/B7D53CB7-0DBB-4CBD-828A-96E203F21496-600x450.jpeg?strip=info&#038;w=1200&#038;ssl=1 1200w,https:\/\/i1.wp.com\/www.cisa-arica.cl\/wp1\/wp-content\/uploads\/2023\/10\/B7D53CB7-0DBB-4CBD-828A-96E203F21496-600x450.jpeg?strip=info&#038;w=1500&#038;ssl=1 1500w,https:\/\/i1.wp.com\/www.cisa-arica.cl\/wp1\/wp-content\/uploads\/2023\/10\/B7D53CB7-0DBB-4CBD-828A-96E203F21496-600x450.jpeg?strip=info&#038;w=1800&#038;ssl=1 1800w,https:\/\/i1.wp.com\/www.cisa-arica.cl\/wp1\/wp-content\/uploads\/2023\/10\/B7D53CB7-0DBB-4CBD-828A-96E203F21496-600x450.jpeg?strip=info&#038;w=2000&#038;ssl=1 2000w\" alt=\"\" data-height=\"1920\" data-id=\"22788\" data-link=\"https:\/\/www.cisa-arica.cl\/wp1\/?attachment_id=22788\" data-url=\"https:\/\/www.cisa-arica.cl\/wp1\/wp-content\/uploads\/2023\/10\/B7D53CB7-0DBB-4CBD-828A-96E203F21496-600x450.jpeg\" data-width=\"2560\" src=\"https:\/\/i1.wp.com\/www.cisa-arica.cl\/wp1\/wp-content\/uploads\/2023\/10\/B7D53CB7-0DBB-4CBD-828A-96E203F21496-600x450.jpeg?ssl=1\" data-amp-layout=\"responsive\"\/><\/figure><\/div><div class=\"tiled-gallery__col\" style=\"flex-basis:36.08785%\"><figure class=\"tiled-gallery__item\"><img decoding=\"async\" data-attachment-id=\"22789\" data-permalink=\"https:\/\/www.cisa-arica.cl\/wp1\/2023\/10\/20\/feria-de-la-ciencia-y-matematica-2023\/80bfc040-ad66-4eb4-913a-0a2c55743410\/\" data-orig-file=\"https:\/\/www.cisa-arica.cl\/wp1\/wp-content\/uploads\/2023\/10\/80BFC040-AD66-4EB4-913A-0A2C55743410-scaled.jpeg\" data-orig-size=\"1920,2560\" data-comments-opened=\"0\" data-image-meta=\"{&quot;aperture&quot;:&quot;0&quot;,&quot;credit&quot;:&quot;&quot;,&quot;camera&quot;:&quot;&quot;,&quot;caption&quot;:&quot;&quot;,&quot;created_timestamp&quot;:&quot;0&quot;,&quot;copyright&quot;:&quot;&quot;,&quot;focal_length&quot;:&quot;0&quot;,&quot;iso&quot;:&quot;0&quot;,&quot;shutter_speed&quot;:&quot;0&quot;,&quot;title&quot;:&quot;&quot;,&quot;orientation&quot;:&quot;1&quot;}\" data-image-title=\"80BFC040-AD66-4EB4-913A-0A2C55743410\" data-image-description=\"\" data-image-caption=\"\" data-large-file=\"https:\/\/www.cisa-arica.cl\/wp1\/wp-content\/uploads\/2023\/10\/80BFC040-AD66-4EB4-913A-0A2C55743410-450x600.jpeg\" data-attachment-id=\"22789\" data-permalink=\"https:\/\/www.cisa-arica.cl\/wp1\/2023\/10\/20\/feria-de-la-ciencia-y-matematica-2023\/80bfc040-ad66-4eb4-913a-0a2c55743410\/\" data-orig-file=\"https:\/\/www.cisa-arica.cl\/wp1\/wp-content\/uploads\/2023\/10\/80BFC040-AD66-4EB4-913A-0A2C55743410-scaled.jpeg\" data-orig-size=\"1920,2560\" data-comments-opened=\"0\" data-image-meta=\"{&quot;aperture&quot;:&quot;0&quot;,&quot;credit&quot;:&quot;&quot;,&quot;camera&quot;:&quot;&quot;,&quot;caption&quot;:&quot;&quot;,&quot;created_timestamp&quot;:&quot;0&quot;,&quot;copyright&quot;:&quot;&quot;,&quot;focal_length&quot;:&quot;0&quot;,&quot;iso&quot;:&quot;0&quot;,&quot;shutter_speed&quot;:&quot;0&quot;,&quot;title&quot;:&quot;&quot;,&quot;orientation&quot;:&quot;1&quot;}\" data-image-title=\"80BFC040-AD66-4EB4-913A-0A2C55743410\" data-image-description=\"\" data-image-caption=\"\" data-large-file=\"https:\/\/www.cisa-arica.cl\/wp1\/wp-content\/uploads\/2023\/10\/80BFC040-AD66-4EB4-913A-0A2C55743410-450x600.jpeg\" role=\"button\" tabindex=\"0\" aria-label=\"Abrir la imagen 76 de 95 en pantalla completa\"srcset=\"https:\/\/i1.wp.com\/www.cisa-arica.cl\/wp1\/wp-content\/uploads\/2023\/10\/80BFC040-AD66-4EB4-913A-0A2C55743410-450x600.jpeg?strip=info&#038;w=600&#038;ssl=1 600w,https:\/\/i1.wp.com\/www.cisa-arica.cl\/wp1\/wp-content\/uploads\/2023\/10\/80BFC040-AD66-4EB4-913A-0A2C55743410-450x600.jpeg?strip=info&#038;w=900&#038;ssl=1 900w,https:\/\/i1.wp.com\/www.cisa-arica.cl\/wp1\/wp-content\/uploads\/2023\/10\/80BFC040-AD66-4EB4-913A-0A2C55743410-450x600.jpeg?strip=info&#038;w=1200&#038;ssl=1 1200w,https:\/\/i1.wp.com\/www.cisa-arica.cl\/wp1\/wp-content\/uploads\/2023\/10\/80BFC040-AD66-4EB4-913A-0A2C55743410-450x600.jpeg?strip=info&#038;w=1500&#038;ssl=1 1500w,https:\/\/i1.wp.com\/www.cisa-arica.cl\/wp1\/wp-content\/uploads\/2023\/10\/80BFC040-AD66-4EB4-913A-0A2C55743410-450x600.jpeg?strip=info&#038;w=1800&#038;ssl=1 1800w,https:\/\/i1.wp.com\/www.cisa-arica.cl\/wp1\/wp-content\/uploads\/2023\/10\/80BFC040-AD66-4EB4-913A-0A2C55743410-450x600.jpeg?strip=info&#038;w=1920&#038;ssl=1 1920w\" alt=\"\" data-height=\"2560\" data-id=\"22789\" data-link=\"https:\/\/www.cisa-arica.cl\/wp1\/?attachment_id=22789\" data-url=\"https:\/\/www.cisa-arica.cl\/wp1\/wp-content\/uploads\/2023\/10\/80BFC040-AD66-4EB4-913A-0A2C55743410-450x600.jpeg\" data-width=\"1920\" src=\"https:\/\/i1.wp.com\/www.cisa-arica.cl\/wp1\/wp-content\/uploads\/2023\/10\/80BFC040-AD66-4EB4-913A-0A2C55743410-450x600.jpeg?ssl=1\" data-amp-layout=\"responsive\"\/><\/figure><\/div><\/div><div class=\"tiled-gallery__row\"><div class=\"tiled-gallery__col\" style=\"flex-basis:50.00000%\"><figure class=\"tiled-gallery__item\"><img decoding=\"async\" data-attachment-id=\"22790\" data-permalink=\"https:\/\/www.cisa-arica.cl\/wp1\/2023\/10\/20\/feria-de-la-ciencia-y-matematica-2023\/2bd34255-178e-4303-9760-b1581ed7c187\/\" data-orig-file=\"https:\/\/www.cisa-arica.cl\/wp1\/wp-content\/uploads\/2023\/10\/2BD34255-178E-4303-9760-B1581ED7C187-scaled.jpeg\" data-orig-size=\"1920,2560\" data-comments-opened=\"0\" data-image-meta=\"{&quot;aperture&quot;:&quot;0&quot;,&quot;credit&quot;:&quot;&quot;,&quot;camera&quot;:&quot;&quot;,&quot;caption&quot;:&quot;&quot;,&quot;created_timestamp&quot;:&quot;0&quot;,&quot;copyright&quot;:&quot;&quot;,&quot;focal_length&quot;:&quot;0&quot;,&quot;iso&quot;:&quot;0&quot;,&quot;shutter_speed&quot;:&quot;0&quot;,&quot;title&quot;:&quot;&quot;,&quot;orientation&quot;:&quot;1&quot;}\" data-image-title=\"2BD34255-178E-4303-9760-B1581ED7C187\" data-image-description=\"\" data-image-caption=\"\" data-large-file=\"https:\/\/www.cisa-arica.cl\/wp1\/wp-content\/uploads\/2023\/10\/2BD34255-178E-4303-9760-B1581ED7C187-450x600.jpeg\" data-attachment-id=\"22790\" data-permalink=\"https:\/\/www.cisa-arica.cl\/wp1\/2023\/10\/20\/feria-de-la-ciencia-y-matematica-2023\/2bd34255-178e-4303-9760-b1581ed7c187\/\" data-orig-file=\"https:\/\/www.cisa-arica.cl\/wp1\/wp-content\/uploads\/2023\/10\/2BD34255-178E-4303-9760-B1581ED7C187-scaled.jpeg\" data-orig-size=\"1920,2560\" data-comments-opened=\"0\" data-image-meta=\"{&quot;aperture&quot;:&quot;0&quot;,&quot;credit&quot;:&quot;&quot;,&quot;camera&quot;:&quot;&quot;,&quot;caption&quot;:&quot;&quot;,&quot;created_timestamp&quot;:&quot;0&quot;,&quot;copyright&quot;:&quot;&quot;,&quot;focal_length&quot;:&quot;0&quot;,&quot;iso&quot;:&quot;0&quot;,&quot;shutter_speed&quot;:&quot;0&quot;,&quot;title&quot;:&quot;&quot;,&quot;orientation&quot;:&quot;1&quot;}\" data-image-title=\"2BD34255-178E-4303-9760-B1581ED7C187\" data-image-description=\"\" data-image-caption=\"\" data-large-file=\"https:\/\/www.cisa-arica.cl\/wp1\/wp-content\/uploads\/2023\/10\/2BD34255-178E-4303-9760-B1581ED7C187-450x600.jpeg\" role=\"button\" tabindex=\"0\" aria-label=\"Abrir la imagen 77 de 95 en pantalla completa\"srcset=\"https:\/\/i1.wp.com\/www.cisa-arica.cl\/wp1\/wp-content\/uploads\/2023\/10\/2BD34255-178E-4303-9760-B1581ED7C187-450x600.jpeg?strip=info&#038;w=600&#038;ssl=1 600w,https:\/\/i1.wp.com\/www.cisa-arica.cl\/wp1\/wp-content\/uploads\/2023\/10\/2BD34255-178E-4303-9760-B1581ED7C187-450x600.jpeg?strip=info&#038;w=900&#038;ssl=1 900w,https:\/\/i1.wp.com\/www.cisa-arica.cl\/wp1\/wp-content\/uploads\/2023\/10\/2BD34255-178E-4303-9760-B1581ED7C187-450x600.jpeg?strip=info&#038;w=1200&#038;ssl=1 1200w,https:\/\/i1.wp.com\/www.cisa-arica.cl\/wp1\/wp-content\/uploads\/2023\/10\/2BD34255-178E-4303-9760-B1581ED7C187-450x600.jpeg?strip=info&#038;w=1500&#038;ssl=1 1500w,https:\/\/i1.wp.com\/www.cisa-arica.cl\/wp1\/wp-content\/uploads\/2023\/10\/2BD34255-178E-4303-9760-B1581ED7C187-450x600.jpeg?strip=info&#038;w=1800&#038;ssl=1 1800w,https:\/\/i1.wp.com\/www.cisa-arica.cl\/wp1\/wp-content\/uploads\/2023\/10\/2BD34255-178E-4303-9760-B1581ED7C187-450x600.jpeg?strip=info&#038;w=1920&#038;ssl=1 1920w\" alt=\"\" data-height=\"2560\" data-id=\"22790\" data-link=\"https:\/\/www.cisa-arica.cl\/wp1\/?attachment_id=22790\" data-url=\"https:\/\/www.cisa-arica.cl\/wp1\/wp-content\/uploads\/2023\/10\/2BD34255-178E-4303-9760-B1581ED7C187-450x600.jpeg\" data-width=\"1920\" src=\"https:\/\/i1.wp.com\/www.cisa-arica.cl\/wp1\/wp-content\/uploads\/2023\/10\/2BD34255-178E-4303-9760-B1581ED7C187-450x600.jpeg?ssl=1\" data-amp-layout=\"responsive\"\/><\/figure><\/div><div class=\"tiled-gallery__col\" style=\"flex-basis:50.00000%\"><figure class=\"tiled-gallery__item\"><img decoding=\"async\" data-attachment-id=\"22791\" data-permalink=\"https:\/\/www.cisa-arica.cl\/wp1\/2023\/10\/20\/feria-de-la-ciencia-y-matematica-2023\/de47455d-a772-48e9-a37c-dcc411ba0877\/\" data-orig-file=\"https:\/\/www.cisa-arica.cl\/wp1\/wp-content\/uploads\/2023\/10\/DE47455D-A772-48E9-A37C-DCC411BA0877-scaled.jpeg\" data-orig-size=\"1920,2560\" data-comments-opened=\"0\" data-image-meta=\"{&quot;aperture&quot;:&quot;0&quot;,&quot;credit&quot;:&quot;&quot;,&quot;camera&quot;:&quot;&quot;,&quot;caption&quot;:&quot;&quot;,&quot;created_timestamp&quot;:&quot;0&quot;,&quot;copyright&quot;:&quot;&quot;,&quot;focal_length&quot;:&quot;0&quot;,&quot;iso&quot;:&quot;0&quot;,&quot;shutter_speed&quot;:&quot;0&quot;,&quot;title&quot;:&quot;&quot;,&quot;orientation&quot;:&quot;1&quot;}\" data-image-title=\"DE47455D-A772-48E9-A37C-DCC411BA0877\" data-image-description=\"\" data-image-caption=\"\" data-large-file=\"https:\/\/www.cisa-arica.cl\/wp1\/wp-content\/uploads\/2023\/10\/DE47455D-A772-48E9-A37C-DCC411BA0877-450x600.jpeg\" data-attachment-id=\"22791\" data-permalink=\"https:\/\/www.cisa-arica.cl\/wp1\/2023\/10\/20\/feria-de-la-ciencia-y-matematica-2023\/de47455d-a772-48e9-a37c-dcc411ba0877\/\" data-orig-file=\"https:\/\/www.cisa-arica.cl\/wp1\/wp-content\/uploads\/2023\/10\/DE47455D-A772-48E9-A37C-DCC411BA0877-scaled.jpeg\" data-orig-size=\"1920,2560\" data-comments-opened=\"0\" data-image-meta=\"{&quot;aperture&quot;:&quot;0&quot;,&quot;credit&quot;:&quot;&quot;,&quot;camera&quot;:&quot;&quot;,&quot;caption&quot;:&quot;&quot;,&quot;created_timestamp&quot;:&quot;0&quot;,&quot;copyright&quot;:&quot;&quot;,&quot;focal_length&quot;:&quot;0&quot;,&quot;iso&quot;:&quot;0&quot;,&quot;shutter_speed&quot;:&quot;0&quot;,&quot;title&quot;:&quot;&quot;,&quot;orientation&quot;:&quot;1&quot;}\" data-image-title=\"DE47455D-A772-48E9-A37C-DCC411BA0877\" data-image-description=\"\" data-image-caption=\"\" data-large-file=\"https:\/\/www.cisa-arica.cl\/wp1\/wp-content\/uploads\/2023\/10\/DE47455D-A772-48E9-A37C-DCC411BA0877-450x600.jpeg\" role=\"button\" tabindex=\"0\" aria-label=\"Abrir la imagen 78 de 95 en pantalla completa\"srcset=\"https:\/\/i0.wp.com\/www.cisa-arica.cl\/wp1\/wp-content\/uploads\/2023\/10\/DE47455D-A772-48E9-A37C-DCC411BA0877-450x600.jpeg?strip=info&#038;w=600&#038;ssl=1 600w,https:\/\/i0.wp.com\/www.cisa-arica.cl\/wp1\/wp-content\/uploads\/2023\/10\/DE47455D-A772-48E9-A37C-DCC411BA0877-450x600.jpeg?strip=info&#038;w=900&#038;ssl=1 900w,https:\/\/i0.wp.com\/www.cisa-arica.cl\/wp1\/wp-content\/uploads\/2023\/10\/DE47455D-A772-48E9-A37C-DCC411BA0877-450x600.jpeg?strip=info&#038;w=1200&#038;ssl=1 1200w,https:\/\/i0.wp.com\/www.cisa-arica.cl\/wp1\/wp-content\/uploads\/2023\/10\/DE47455D-A772-48E9-A37C-DCC411BA0877-450x600.jpeg?strip=info&#038;w=1500&#038;ssl=1 1500w,https:\/\/i0.wp.com\/www.cisa-arica.cl\/wp1\/wp-content\/uploads\/2023\/10\/DE47455D-A772-48E9-A37C-DCC411BA0877-450x600.jpeg?strip=info&#038;w=1800&#038;ssl=1 1800w,https:\/\/i0.wp.com\/www.cisa-arica.cl\/wp1\/wp-content\/uploads\/2023\/10\/DE47455D-A772-48E9-A37C-DCC411BA0877-450x600.jpeg?strip=info&#038;w=1920&#038;ssl=1 1920w\" alt=\"\" data-height=\"2560\" data-id=\"22791\" data-link=\"https:\/\/www.cisa-arica.cl\/wp1\/?attachment_id=22791\" data-url=\"https:\/\/www.cisa-arica.cl\/wp1\/wp-content\/uploads\/2023\/10\/DE47455D-A772-48E9-A37C-DCC411BA0877-450x600.jpeg\" data-width=\"1920\" src=\"https:\/\/i0.wp.com\/www.cisa-arica.cl\/wp1\/wp-content\/uploads\/2023\/10\/DE47455D-A772-48E9-A37C-DCC411BA0877-450x600.jpeg?ssl=1\" data-amp-layout=\"responsive\"\/><\/figure><\/div><\/div><div class=\"tiled-gallery__row\"><div class=\"tiled-gallery__col\" style=\"flex-basis:63.91215%\"><figure class=\"tiled-gallery__item\"><img decoding=\"async\" data-attachment-id=\"22792\" data-permalink=\"https:\/\/www.cisa-arica.cl\/wp1\/2023\/10\/20\/feria-de-la-ciencia-y-matematica-2023\/de09553e-a2a9-433f-906f-a8d386e93b77\/\" data-orig-file=\"https:\/\/www.cisa-arica.cl\/wp1\/wp-content\/uploads\/2023\/10\/DE09553E-A2A9-433F-906F-A8D386E93B77-scaled.jpeg\" data-orig-size=\"2560,1920\" data-comments-opened=\"0\" data-image-meta=\"{&quot;aperture&quot;:&quot;0&quot;,&quot;credit&quot;:&quot;&quot;,&quot;camera&quot;:&quot;&quot;,&quot;caption&quot;:&quot;&quot;,&quot;created_timestamp&quot;:&quot;0&quot;,&quot;copyright&quot;:&quot;&quot;,&quot;focal_length&quot;:&quot;0&quot;,&quot;iso&quot;:&quot;0&quot;,&quot;shutter_speed&quot;:&quot;0&quot;,&quot;title&quot;:&quot;&quot;,&quot;orientation&quot;:&quot;1&quot;}\" data-image-title=\"DE09553E-A2A9-433F-906F-A8D386E93B77\" data-image-description=\"\" data-image-caption=\"\" data-large-file=\"https:\/\/www.cisa-arica.cl\/wp1\/wp-content\/uploads\/2023\/10\/DE09553E-A2A9-433F-906F-A8D386E93B77-600x450.jpeg\" data-attachment-id=\"22792\" data-permalink=\"https:\/\/www.cisa-arica.cl\/wp1\/2023\/10\/20\/feria-de-la-ciencia-y-matematica-2023\/de09553e-a2a9-433f-906f-a8d386e93b77\/\" data-orig-file=\"https:\/\/www.cisa-arica.cl\/wp1\/wp-content\/uploads\/2023\/10\/DE09553E-A2A9-433F-906F-A8D386E93B77-scaled.jpeg\" data-orig-size=\"2560,1920\" data-comments-opened=\"0\" data-image-meta=\"{&quot;aperture&quot;:&quot;0&quot;,&quot;credit&quot;:&quot;&quot;,&quot;camera&quot;:&quot;&quot;,&quot;caption&quot;:&quot;&quot;,&quot;created_timestamp&quot;:&quot;0&quot;,&quot;copyright&quot;:&quot;&quot;,&quot;focal_length&quot;:&quot;0&quot;,&quot;iso&quot;:&quot;0&quot;,&quot;shutter_speed&quot;:&quot;0&quot;,&quot;title&quot;:&quot;&quot;,&quot;orientation&quot;:&quot;1&quot;}\" data-image-title=\"DE09553E-A2A9-433F-906F-A8D386E93B77\" data-image-description=\"\" data-image-caption=\"\" data-large-file=\"https:\/\/www.cisa-arica.cl\/wp1\/wp-content\/uploads\/2023\/10\/DE09553E-A2A9-433F-906F-A8D386E93B77-600x450.jpeg\" role=\"button\" tabindex=\"0\" aria-label=\"Abrir la imagen 79 de 95 en pantalla completa\"srcset=\"https:\/\/i1.wp.com\/www.cisa-arica.cl\/wp1\/wp-content\/uploads\/2023\/10\/DE09553E-A2A9-433F-906F-A8D386E93B77-600x450.jpeg?strip=info&#038;w=600&#038;ssl=1 600w,https:\/\/i1.wp.com\/www.cisa-arica.cl\/wp1\/wp-content\/uploads\/2023\/10\/DE09553E-A2A9-433F-906F-A8D386E93B77-600x450.jpeg?strip=info&#038;w=900&#038;ssl=1 900w,https:\/\/i1.wp.com\/www.cisa-arica.cl\/wp1\/wp-content\/uploads\/2023\/10\/DE09553E-A2A9-433F-906F-A8D386E93B77-600x450.jpeg?strip=info&#038;w=1200&#038;ssl=1 1200w,https:\/\/i1.wp.com\/www.cisa-arica.cl\/wp1\/wp-content\/uploads\/2023\/10\/DE09553E-A2A9-433F-906F-A8D386E93B77-600x450.jpeg?strip=info&#038;w=1500&#038;ssl=1 1500w,https:\/\/i1.wp.com\/www.cisa-arica.cl\/wp1\/wp-content\/uploads\/2023\/10\/DE09553E-A2A9-433F-906F-A8D386E93B77-600x450.jpeg?strip=info&#038;w=1800&#038;ssl=1 1800w,https:\/\/i1.wp.com\/www.cisa-arica.cl\/wp1\/wp-content\/uploads\/2023\/10\/DE09553E-A2A9-433F-906F-A8D386E93B77-600x450.jpeg?strip=info&#038;w=2000&#038;ssl=1 2000w\" alt=\"\" data-height=\"1920\" data-id=\"22792\" data-link=\"https:\/\/www.cisa-arica.cl\/wp1\/?attachment_id=22792\" data-url=\"https:\/\/www.cisa-arica.cl\/wp1\/wp-content\/uploads\/2023\/10\/DE09553E-A2A9-433F-906F-A8D386E93B77-600x450.jpeg\" data-width=\"2560\" src=\"https:\/\/i1.wp.com\/www.cisa-arica.cl\/wp1\/wp-content\/uploads\/2023\/10\/DE09553E-A2A9-433F-906F-A8D386E93B77-600x450.jpeg?ssl=1\" data-amp-layout=\"responsive\"\/><\/figure><\/div><div class=\"tiled-gallery__col\" style=\"flex-basis:36.08785%\"><figure class=\"tiled-gallery__item\"><img decoding=\"async\" data-attachment-id=\"22793\" data-permalink=\"https:\/\/www.cisa-arica.cl\/wp1\/2023\/10\/20\/feria-de-la-ciencia-y-matematica-2023\/9b54be27-f2df-4bac-ae06-1024b5680588\/\" data-orig-file=\"https:\/\/www.cisa-arica.cl\/wp1\/wp-content\/uploads\/2023\/10\/9B54BE27-F2DF-4BAC-AE06-1024B5680588-scaled.jpeg\" data-orig-size=\"1920,2560\" data-comments-opened=\"0\" data-image-meta=\"{&quot;aperture&quot;:&quot;0&quot;,&quot;credit&quot;:&quot;&quot;,&quot;camera&quot;:&quot;&quot;,&quot;caption&quot;:&quot;&quot;,&quot;created_timestamp&quot;:&quot;0&quot;,&quot;copyright&quot;:&quot;&quot;,&quot;focal_length&quot;:&quot;0&quot;,&quot;iso&quot;:&quot;0&quot;,&quot;shutter_speed&quot;:&quot;0&quot;,&quot;title&quot;:&quot;&quot;,&quot;orientation&quot;:&quot;1&quot;}\" data-image-title=\"9B54BE27-F2DF-4BAC-AE06-1024B5680588\" data-image-description=\"\" data-image-caption=\"\" data-large-file=\"https:\/\/www.cisa-arica.cl\/wp1\/wp-content\/uploads\/2023\/10\/9B54BE27-F2DF-4BAC-AE06-1024B5680588-450x600.jpeg\" data-attachment-id=\"22793\" data-permalink=\"https:\/\/www.cisa-arica.cl\/wp1\/2023\/10\/20\/feria-de-la-ciencia-y-matematica-2023\/9b54be27-f2df-4bac-ae06-1024b5680588\/\" data-orig-file=\"https:\/\/www.cisa-arica.cl\/wp1\/wp-content\/uploads\/2023\/10\/9B54BE27-F2DF-4BAC-AE06-1024B5680588-scaled.jpeg\" data-orig-size=\"1920,2560\" data-comments-opened=\"0\" data-image-meta=\"{&quot;aperture&quot;:&quot;0&quot;,&quot;credit&quot;:&quot;&quot;,&quot;camera&quot;:&quot;&quot;,&quot;caption&quot;:&quot;&quot;,&quot;created_timestamp&quot;:&quot;0&quot;,&quot;copyright&quot;:&quot;&quot;,&quot;focal_length&quot;:&quot;0&quot;,&quot;iso&quot;:&quot;0&quot;,&quot;shutter_speed&quot;:&quot;0&quot;,&quot;title&quot;:&quot;&quot;,&quot;orientation&quot;:&quot;1&quot;}\" data-image-title=\"9B54BE27-F2DF-4BAC-AE06-1024B5680588\" data-image-description=\"\" data-image-caption=\"\" data-large-file=\"https:\/\/www.cisa-arica.cl\/wp1\/wp-content\/uploads\/2023\/10\/9B54BE27-F2DF-4BAC-AE06-1024B5680588-450x600.jpeg\" role=\"button\" tabindex=\"0\" aria-label=\"Abrir la imagen 80 de 95 en pantalla completa\"srcset=\"https:\/\/i2.wp.com\/www.cisa-arica.cl\/wp1\/wp-content\/uploads\/2023\/10\/9B54BE27-F2DF-4BAC-AE06-1024B5680588-450x600.jpeg?strip=info&#038;w=600&#038;ssl=1 600w,https:\/\/i2.wp.com\/www.cisa-arica.cl\/wp1\/wp-content\/uploads\/2023\/10\/9B54BE27-F2DF-4BAC-AE06-1024B5680588-450x600.jpeg?strip=info&#038;w=900&#038;ssl=1 900w,https:\/\/i2.wp.com\/www.cisa-arica.cl\/wp1\/wp-content\/uploads\/2023\/10\/9B54BE27-F2DF-4BAC-AE06-1024B5680588-450x600.jpeg?strip=info&#038;w=1200&#038;ssl=1 1200w,https:\/\/i2.wp.com\/www.cisa-arica.cl\/wp1\/wp-content\/uploads\/2023\/10\/9B54BE27-F2DF-4BAC-AE06-1024B5680588-450x600.jpeg?strip=info&#038;w=1500&#038;ssl=1 1500w,https:\/\/i2.wp.com\/www.cisa-arica.cl\/wp1\/wp-content\/uploads\/2023\/10\/9B54BE27-F2DF-4BAC-AE06-1024B5680588-450x600.jpeg?strip=info&#038;w=1800&#038;ssl=1 1800w,https:\/\/i2.wp.com\/www.cisa-arica.cl\/wp1\/wp-content\/uploads\/2023\/10\/9B54BE27-F2DF-4BAC-AE06-1024B5680588-450x600.jpeg?strip=info&#038;w=1920&#038;ssl=1 1920w\" alt=\"\" data-height=\"2560\" data-id=\"22793\" data-link=\"https:\/\/www.cisa-arica.cl\/wp1\/?attachment_id=22793\" data-url=\"https:\/\/www.cisa-arica.cl\/wp1\/wp-content\/uploads\/2023\/10\/9B54BE27-F2DF-4BAC-AE06-1024B5680588-450x600.jpeg\" data-width=\"1920\" src=\"https:\/\/i2.wp.com\/www.cisa-arica.cl\/wp1\/wp-content\/uploads\/2023\/10\/9B54BE27-F2DF-4BAC-AE06-1024B5680588-450x600.jpeg?ssl=1\" data-amp-layout=\"responsive\"\/><\/figure><\/div><\/div><div class=\"tiled-gallery__row\"><div class=\"tiled-gallery__col\" style=\"flex-basis:25.00000%\"><figure class=\"tiled-gallery__item\"><img decoding=\"async\" data-attachment-id=\"22794\" data-permalink=\"https:\/\/www.cisa-arica.cl\/wp1\/2023\/10\/20\/feria-de-la-ciencia-y-matematica-2023\/e7d6de41-bbde-4474-816f-6e06cf556411\/\" data-orig-file=\"https:\/\/www.cisa-arica.cl\/wp1\/wp-content\/uploads\/2023\/10\/E7D6DE41-BBDE-4474-816F-6E06CF556411-scaled.jpeg\" data-orig-size=\"1920,2560\" data-comments-opened=\"0\" data-image-meta=\"{&quot;aperture&quot;:&quot;0&quot;,&quot;credit&quot;:&quot;&quot;,&quot;camera&quot;:&quot;&quot;,&quot;caption&quot;:&quot;&quot;,&quot;created_timestamp&quot;:&quot;0&quot;,&quot;copyright&quot;:&quot;&quot;,&quot;focal_length&quot;:&quot;0&quot;,&quot;iso&quot;:&quot;0&quot;,&quot;shutter_speed&quot;:&quot;0&quot;,&quot;title&quot;:&quot;&quot;,&quot;orientation&quot;:&quot;1&quot;}\" data-image-title=\"E7D6DE41-BBDE-4474-816F-6E06CF556411\" data-image-description=\"\" data-image-caption=\"\" data-large-file=\"https:\/\/www.cisa-arica.cl\/wp1\/wp-content\/uploads\/2023\/10\/E7D6DE41-BBDE-4474-816F-6E06CF556411-450x600.jpeg\" data-attachment-id=\"22794\" data-permalink=\"https:\/\/www.cisa-arica.cl\/wp1\/2023\/10\/20\/feria-de-la-ciencia-y-matematica-2023\/e7d6de41-bbde-4474-816f-6e06cf556411\/\" data-orig-file=\"https:\/\/www.cisa-arica.cl\/wp1\/wp-content\/uploads\/2023\/10\/E7D6DE41-BBDE-4474-816F-6E06CF556411-scaled.jpeg\" data-orig-size=\"1920,2560\" data-comments-opened=\"0\" data-image-meta=\"{&quot;aperture&quot;:&quot;0&quot;,&quot;credit&quot;:&quot;&quot;,&quot;camera&quot;:&quot;&quot;,&quot;caption&quot;:&quot;&quot;,&quot;created_timestamp&quot;:&quot;0&quot;,&quot;copyright&quot;:&quot;&quot;,&quot;focal_length&quot;:&quot;0&quot;,&quot;iso&quot;:&quot;0&quot;,&quot;shutter_speed&quot;:&quot;0&quot;,&quot;title&quot;:&quot;&quot;,&quot;orientation&quot;:&quot;1&quot;}\" data-image-title=\"E7D6DE41-BBDE-4474-816F-6E06CF556411\" data-image-description=\"\" data-image-caption=\"\" data-large-file=\"https:\/\/www.cisa-arica.cl\/wp1\/wp-content\/uploads\/2023\/10\/E7D6DE41-BBDE-4474-816F-6E06CF556411-450x600.jpeg\" role=\"button\" tabindex=\"0\" aria-label=\"Abrir la imagen 81 de 95 en pantalla completa\"srcset=\"https:\/\/i0.wp.com\/www.cisa-arica.cl\/wp1\/wp-content\/uploads\/2023\/10\/E7D6DE41-BBDE-4474-816F-6E06CF556411-450x600.jpeg?strip=info&#038;w=600&#038;ssl=1 600w,https:\/\/i0.wp.com\/www.cisa-arica.cl\/wp1\/wp-content\/uploads\/2023\/10\/E7D6DE41-BBDE-4474-816F-6E06CF556411-450x600.jpeg?strip=info&#038;w=900&#038;ssl=1 900w,https:\/\/i0.wp.com\/www.cisa-arica.cl\/wp1\/wp-content\/uploads\/2023\/10\/E7D6DE41-BBDE-4474-816F-6E06CF556411-450x600.jpeg?strip=info&#038;w=1200&#038;ssl=1 1200w,https:\/\/i0.wp.com\/www.cisa-arica.cl\/wp1\/wp-content\/uploads\/2023\/10\/E7D6DE41-BBDE-4474-816F-6E06CF556411-450x600.jpeg?strip=info&#038;w=1500&#038;ssl=1 1500w,https:\/\/i0.wp.com\/www.cisa-arica.cl\/wp1\/wp-content\/uploads\/2023\/10\/E7D6DE41-BBDE-4474-816F-6E06CF556411-450x600.jpeg?strip=info&#038;w=1800&#038;ssl=1 1800w,https:\/\/i0.wp.com\/www.cisa-arica.cl\/wp1\/wp-content\/uploads\/2023\/10\/E7D6DE41-BBDE-4474-816F-6E06CF556411-450x600.jpeg?strip=info&#038;w=1920&#038;ssl=1 1920w\" alt=\"\" data-height=\"2560\" data-id=\"22794\" data-link=\"https:\/\/www.cisa-arica.cl\/wp1\/?attachment_id=22794\" data-url=\"https:\/\/www.cisa-arica.cl\/wp1\/wp-content\/uploads\/2023\/10\/E7D6DE41-BBDE-4474-816F-6E06CF556411-450x600.jpeg\" data-width=\"1920\" src=\"https:\/\/i0.wp.com\/www.cisa-arica.cl\/wp1\/wp-content\/uploads\/2023\/10\/E7D6DE41-BBDE-4474-816F-6E06CF556411-450x600.jpeg?ssl=1\" data-amp-layout=\"responsive\"\/><\/figure><\/div><div class=\"tiled-gallery__col\" style=\"flex-basis:25.00000%\"><figure class=\"tiled-gallery__item\"><img decoding=\"async\" data-attachment-id=\"22795\" data-permalink=\"https:\/\/www.cisa-arica.cl\/wp1\/2023\/10\/20\/feria-de-la-ciencia-y-matematica-2023\/c6d4dc83-b83c-402e-9b32-dc03280a88db\/\" data-orig-file=\"https:\/\/www.cisa-arica.cl\/wp1\/wp-content\/uploads\/2023\/10\/C6D4DC83-B83C-402E-9B32-DC03280A88DB-scaled.jpeg\" data-orig-size=\"1920,2560\" data-comments-opened=\"0\" data-image-meta=\"{&quot;aperture&quot;:&quot;0&quot;,&quot;credit&quot;:&quot;&quot;,&quot;camera&quot;:&quot;&quot;,&quot;caption&quot;:&quot;&quot;,&quot;created_timestamp&quot;:&quot;0&quot;,&quot;copyright&quot;:&quot;&quot;,&quot;focal_length&quot;:&quot;0&quot;,&quot;iso&quot;:&quot;0&quot;,&quot;shutter_speed&quot;:&quot;0&quot;,&quot;title&quot;:&quot;&quot;,&quot;orientation&quot;:&quot;1&quot;}\" data-image-title=\"C6D4DC83-B83C-402E-9B32-DC03280A88DB\" data-image-description=\"\" data-image-caption=\"\" data-large-file=\"https:\/\/www.cisa-arica.cl\/wp1\/wp-content\/uploads\/2023\/10\/C6D4DC83-B83C-402E-9B32-DC03280A88DB-450x600.jpeg\" data-attachment-id=\"22795\" data-permalink=\"https:\/\/www.cisa-arica.cl\/wp1\/2023\/10\/20\/feria-de-la-ciencia-y-matematica-2023\/c6d4dc83-b83c-402e-9b32-dc03280a88db\/\" data-orig-file=\"https:\/\/www.cisa-arica.cl\/wp1\/wp-content\/uploads\/2023\/10\/C6D4DC83-B83C-402E-9B32-DC03280A88DB-scaled.jpeg\" data-orig-size=\"1920,2560\" data-comments-opened=\"0\" data-image-meta=\"{&quot;aperture&quot;:&quot;0&quot;,&quot;credit&quot;:&quot;&quot;,&quot;camera&quot;:&quot;&quot;,&quot;caption&quot;:&quot;&quot;,&quot;created_timestamp&quot;:&quot;0&quot;,&quot;copyright&quot;:&quot;&quot;,&quot;focal_length&quot;:&quot;0&quot;,&quot;iso&quot;:&quot;0&quot;,&quot;shutter_speed&quot;:&quot;0&quot;,&quot;title&quot;:&quot;&quot;,&quot;orientation&quot;:&quot;1&quot;}\" data-image-title=\"C6D4DC83-B83C-402E-9B32-DC03280A88DB\" data-image-description=\"\" data-image-caption=\"\" data-large-file=\"https:\/\/www.cisa-arica.cl\/wp1\/wp-content\/uploads\/2023\/10\/C6D4DC83-B83C-402E-9B32-DC03280A88DB-450x600.jpeg\" role=\"button\" tabindex=\"0\" aria-label=\"Abrir la imagen 82 de 95 en pantalla completa\"srcset=\"https:\/\/i0.wp.com\/www.cisa-arica.cl\/wp1\/wp-content\/uploads\/2023\/10\/C6D4DC83-B83C-402E-9B32-DC03280A88DB-450x600.jpeg?strip=info&#038;w=600&#038;ssl=1 600w,https:\/\/i0.wp.com\/www.cisa-arica.cl\/wp1\/wp-content\/uploads\/2023\/10\/C6D4DC83-B83C-402E-9B32-DC03280A88DB-450x600.jpeg?strip=info&#038;w=900&#038;ssl=1 900w,https:\/\/i0.wp.com\/www.cisa-arica.cl\/wp1\/wp-content\/uploads\/2023\/10\/C6D4DC83-B83C-402E-9B32-DC03280A88DB-450x600.jpeg?strip=info&#038;w=1200&#038;ssl=1 1200w,https:\/\/i0.wp.com\/www.cisa-arica.cl\/wp1\/wp-content\/uploads\/2023\/10\/C6D4DC83-B83C-402E-9B32-DC03280A88DB-450x600.jpeg?strip=info&#038;w=1500&#038;ssl=1 1500w,https:\/\/i0.wp.com\/www.cisa-arica.cl\/wp1\/wp-content\/uploads\/2023\/10\/C6D4DC83-B83C-402E-9B32-DC03280A88DB-450x600.jpeg?strip=info&#038;w=1800&#038;ssl=1 1800w,https:\/\/i0.wp.com\/www.cisa-arica.cl\/wp1\/wp-content\/uploads\/2023\/10\/C6D4DC83-B83C-402E-9B32-DC03280A88DB-450x600.jpeg?strip=info&#038;w=1920&#038;ssl=1 1920w\" alt=\"\" data-height=\"2560\" data-id=\"22795\" data-link=\"https:\/\/www.cisa-arica.cl\/wp1\/?attachment_id=22795\" data-url=\"https:\/\/www.cisa-arica.cl\/wp1\/wp-content\/uploads\/2023\/10\/C6D4DC83-B83C-402E-9B32-DC03280A88DB-450x600.jpeg\" data-width=\"1920\" src=\"https:\/\/i0.wp.com\/www.cisa-arica.cl\/wp1\/wp-content\/uploads\/2023\/10\/C6D4DC83-B83C-402E-9B32-DC03280A88DB-450x600.jpeg?ssl=1\" data-amp-layout=\"responsive\"\/><\/figure><\/div><div class=\"tiled-gallery__col\" style=\"flex-basis:25.00000%\"><figure class=\"tiled-gallery__item\"><img decoding=\"async\" data-attachment-id=\"22796\" data-permalink=\"https:\/\/www.cisa-arica.cl\/wp1\/2023\/10\/20\/feria-de-la-ciencia-y-matematica-2023\/e115151e-8791-41f6-bd14-008f9823b407\/\" data-orig-file=\"https:\/\/www.cisa-arica.cl\/wp1\/wp-content\/uploads\/2023\/10\/E115151E-8791-41F6-BD14-008F9823B407-scaled.jpeg\" data-orig-size=\"1920,2560\" data-comments-opened=\"0\" data-image-meta=\"{&quot;aperture&quot;:&quot;0&quot;,&quot;credit&quot;:&quot;&quot;,&quot;camera&quot;:&quot;&quot;,&quot;caption&quot;:&quot;&quot;,&quot;created_timestamp&quot;:&quot;0&quot;,&quot;copyright&quot;:&quot;&quot;,&quot;focal_length&quot;:&quot;0&quot;,&quot;iso&quot;:&quot;0&quot;,&quot;shutter_speed&quot;:&quot;0&quot;,&quot;title&quot;:&quot;&quot;,&quot;orientation&quot;:&quot;1&quot;}\" data-image-title=\"E115151E-8791-41F6-BD14-008F9823B407\" data-image-description=\"\" data-image-caption=\"\" data-large-file=\"https:\/\/www.cisa-arica.cl\/wp1\/wp-content\/uploads\/2023\/10\/E115151E-8791-41F6-BD14-008F9823B407-450x600.jpeg\" data-attachment-id=\"22796\" data-permalink=\"https:\/\/www.cisa-arica.cl\/wp1\/2023\/10\/20\/feria-de-la-ciencia-y-matematica-2023\/e115151e-8791-41f6-bd14-008f9823b407\/\" data-orig-file=\"https:\/\/www.cisa-arica.cl\/wp1\/wp-content\/uploads\/2023\/10\/E115151E-8791-41F6-BD14-008F9823B407-scaled.jpeg\" data-orig-size=\"1920,2560\" data-comments-opened=\"0\" data-image-meta=\"{&quot;aperture&quot;:&quot;0&quot;,&quot;credit&quot;:&quot;&quot;,&quot;camera&quot;:&quot;&quot;,&quot;caption&quot;:&quot;&quot;,&quot;created_timestamp&quot;:&quot;0&quot;,&quot;copyright&quot;:&quot;&quot;,&quot;focal_length&quot;:&quot;0&quot;,&quot;iso&quot;:&quot;0&quot;,&quot;shutter_speed&quot;:&quot;0&quot;,&quot;title&quot;:&quot;&quot;,&quot;orientation&quot;:&quot;1&quot;}\" data-image-title=\"E115151E-8791-41F6-BD14-008F9823B407\" data-image-description=\"\" data-image-caption=\"\" data-large-file=\"https:\/\/www.cisa-arica.cl\/wp1\/wp-content\/uploads\/2023\/10\/E115151E-8791-41F6-BD14-008F9823B407-450x600.jpeg\" role=\"button\" tabindex=\"0\" aria-label=\"Abrir la imagen 83 de 95 en pantalla completa\"srcset=\"https:\/\/i2.wp.com\/www.cisa-arica.cl\/wp1\/wp-content\/uploads\/2023\/10\/E115151E-8791-41F6-BD14-008F9823B407-450x600.jpeg?strip=info&#038;w=600&#038;ssl=1 600w,https:\/\/i2.wp.com\/www.cisa-arica.cl\/wp1\/wp-content\/uploads\/2023\/10\/E115151E-8791-41F6-BD14-008F9823B407-450x600.jpeg?strip=info&#038;w=900&#038;ssl=1 900w,https:\/\/i2.wp.com\/www.cisa-arica.cl\/wp1\/wp-content\/uploads\/2023\/10\/E115151E-8791-41F6-BD14-008F9823B407-450x600.jpeg?strip=info&#038;w=1200&#038;ssl=1 1200w,https:\/\/i2.wp.com\/www.cisa-arica.cl\/wp1\/wp-content\/uploads\/2023\/10\/E115151E-8791-41F6-BD14-008F9823B407-450x600.jpeg?strip=info&#038;w=1500&#038;ssl=1 1500w,https:\/\/i2.wp.com\/www.cisa-arica.cl\/wp1\/wp-content\/uploads\/2023\/10\/E115151E-8791-41F6-BD14-008F9823B407-450x600.jpeg?strip=info&#038;w=1800&#038;ssl=1 1800w,https:\/\/i2.wp.com\/www.cisa-arica.cl\/wp1\/wp-content\/uploads\/2023\/10\/E115151E-8791-41F6-BD14-008F9823B407-450x600.jpeg?strip=info&#038;w=1920&#038;ssl=1 1920w\" alt=\"\" data-height=\"2560\" data-id=\"22796\" data-link=\"https:\/\/www.cisa-arica.cl\/wp1\/?attachment_id=22796\" data-url=\"https:\/\/www.cisa-arica.cl\/wp1\/wp-content\/uploads\/2023\/10\/E115151E-8791-41F6-BD14-008F9823B407-450x600.jpeg\" data-width=\"1920\" src=\"https:\/\/i2.wp.com\/www.cisa-arica.cl\/wp1\/wp-content\/uploads\/2023\/10\/E115151E-8791-41F6-BD14-008F9823B407-450x600.jpeg?ssl=1\" data-amp-layout=\"responsive\"\/><\/figure><\/div><div class=\"tiled-gallery__col\" style=\"flex-basis:25.00000%\"><figure class=\"tiled-gallery__item\"><img decoding=\"async\" data-attachment-id=\"22797\" data-permalink=\"https:\/\/www.cisa-arica.cl\/wp1\/2023\/10\/20\/feria-de-la-ciencia-y-matematica-2023\/ded4ae2f-038e-4929-a2e7-0a6e18d31119\/\" data-orig-file=\"https:\/\/www.cisa-arica.cl\/wp1\/wp-content\/uploads\/2023\/10\/DED4AE2F-038E-4929-A2E7-0A6E18D31119-scaled.jpeg\" data-orig-size=\"1920,2560\" data-comments-opened=\"0\" data-image-meta=\"{&quot;aperture&quot;:&quot;0&quot;,&quot;credit&quot;:&quot;&quot;,&quot;camera&quot;:&quot;&quot;,&quot;caption&quot;:&quot;&quot;,&quot;created_timestamp&quot;:&quot;0&quot;,&quot;copyright&quot;:&quot;&quot;,&quot;focal_length&quot;:&quot;0&quot;,&quot;iso&quot;:&quot;0&quot;,&quot;shutter_speed&quot;:&quot;0&quot;,&quot;title&quot;:&quot;&quot;,&quot;orientation&quot;:&quot;1&quot;}\" data-image-title=\"DED4AE2F-038E-4929-A2E7-0A6E18D31119\" data-image-description=\"\" data-image-caption=\"\" data-large-file=\"https:\/\/www.cisa-arica.cl\/wp1\/wp-content\/uploads\/2023\/10\/DED4AE2F-038E-4929-A2E7-0A6E18D31119-450x600.jpeg\" data-attachment-id=\"22797\" data-permalink=\"https:\/\/www.cisa-arica.cl\/wp1\/2023\/10\/20\/feria-de-la-ciencia-y-matematica-2023\/ded4ae2f-038e-4929-a2e7-0a6e18d31119\/\" data-orig-file=\"https:\/\/www.cisa-arica.cl\/wp1\/wp-content\/uploads\/2023\/10\/DED4AE2F-038E-4929-A2E7-0A6E18D31119-scaled.jpeg\" data-orig-size=\"1920,2560\" data-comments-opened=\"0\" data-image-meta=\"{&quot;aperture&quot;:&quot;0&quot;,&quot;credit&quot;:&quot;&quot;,&quot;camera&quot;:&quot;&quot;,&quot;caption&quot;:&quot;&quot;,&quot;created_timestamp&quot;:&quot;0&quot;,&quot;copyright&quot;:&quot;&quot;,&quot;focal_length&quot;:&quot;0&quot;,&quot;iso&quot;:&quot;0&quot;,&quot;shutter_speed&quot;:&quot;0&quot;,&quot;title&quot;:&quot;&quot;,&quot;orientation&quot;:&quot;1&quot;}\" data-image-title=\"DED4AE2F-038E-4929-A2E7-0A6E18D31119\" data-image-description=\"\" data-image-caption=\"\" data-large-file=\"https:\/\/www.cisa-arica.cl\/wp1\/wp-content\/uploads\/2023\/10\/DED4AE2F-038E-4929-A2E7-0A6E18D31119-450x600.jpeg\" role=\"button\" tabindex=\"0\" aria-label=\"Abrir la imagen 84 de 95 en pantalla completa\"srcset=\"https:\/\/i1.wp.com\/www.cisa-arica.cl\/wp1\/wp-content\/uploads\/2023\/10\/DED4AE2F-038E-4929-A2E7-0A6E18D31119-450x600.jpeg?strip=info&#038;w=600&#038;ssl=1 600w,https:\/\/i1.wp.com\/www.cisa-arica.cl\/wp1\/wp-content\/uploads\/2023\/10\/DED4AE2F-038E-4929-A2E7-0A6E18D31119-450x600.jpeg?strip=info&#038;w=900&#038;ssl=1 900w,https:\/\/i1.wp.com\/www.cisa-arica.cl\/wp1\/wp-content\/uploads\/2023\/10\/DED4AE2F-038E-4929-A2E7-0A6E18D31119-450x600.jpeg?strip=info&#038;w=1200&#038;ssl=1 1200w,https:\/\/i1.wp.com\/www.cisa-arica.cl\/wp1\/wp-content\/uploads\/2023\/10\/DED4AE2F-038E-4929-A2E7-0A6E18D31119-450x600.jpeg?strip=info&#038;w=1500&#038;ssl=1 1500w,https:\/\/i1.wp.com\/www.cisa-arica.cl\/wp1\/wp-content\/uploads\/2023\/10\/DED4AE2F-038E-4929-A2E7-0A6E18D31119-450x600.jpeg?strip=info&#038;w=1800&#038;ssl=1 1800w,https:\/\/i1.wp.com\/www.cisa-arica.cl\/wp1\/wp-content\/uploads\/2023\/10\/DED4AE2F-038E-4929-A2E7-0A6E18D31119-450x600.jpeg?strip=info&#038;w=1920&#038;ssl=1 1920w\" alt=\"\" data-height=\"2560\" data-id=\"22797\" data-link=\"https:\/\/www.cisa-arica.cl\/wp1\/?attachment_id=22797\" data-url=\"https:\/\/www.cisa-arica.cl\/wp1\/wp-content\/uploads\/2023\/10\/DED4AE2F-038E-4929-A2E7-0A6E18D31119-450x600.jpeg\" data-width=\"1920\" src=\"https:\/\/i1.wp.com\/www.cisa-arica.cl\/wp1\/wp-content\/uploads\/2023\/10\/DED4AE2F-038E-4929-A2E7-0A6E18D31119-450x600.jpeg?ssl=1\" data-amp-layout=\"responsive\"\/><\/figure><\/div><\/div><div class=\"tiled-gallery__row\"><div class=\"tiled-gallery__col\" style=\"flex-basis:33.33333%\"><figure class=\"tiled-gallery__item\"><img decoding=\"async\" data-attachment-id=\"22798\" data-permalink=\"https:\/\/www.cisa-arica.cl\/wp1\/2023\/10\/20\/feria-de-la-ciencia-y-matematica-2023\/575eac16-3a84-4e61-94cc-92add3663a24\/\" data-orig-file=\"https:\/\/www.cisa-arica.cl\/wp1\/wp-content\/uploads\/2023\/10\/575EAC16-3A84-4E61-94CC-92ADD3663A24-scaled.jpeg\" data-orig-size=\"1920,2560\" data-comments-opened=\"0\" data-image-meta=\"{&quot;aperture&quot;:&quot;0&quot;,&quot;credit&quot;:&quot;&quot;,&quot;camera&quot;:&quot;&quot;,&quot;caption&quot;:&quot;&quot;,&quot;created_timestamp&quot;:&quot;0&quot;,&quot;copyright&quot;:&quot;&quot;,&quot;focal_length&quot;:&quot;0&quot;,&quot;iso&quot;:&quot;0&quot;,&quot;shutter_speed&quot;:&quot;0&quot;,&quot;title&quot;:&quot;&quot;,&quot;orientation&quot;:&quot;1&quot;}\" data-image-title=\"575EAC16-3A84-4E61-94CC-92ADD3663A24\" data-image-description=\"\" data-image-caption=\"\" data-large-file=\"https:\/\/www.cisa-arica.cl\/wp1\/wp-content\/uploads\/2023\/10\/575EAC16-3A84-4E61-94CC-92ADD3663A24-450x600.jpeg\" data-attachment-id=\"22798\" data-permalink=\"https:\/\/www.cisa-arica.cl\/wp1\/2023\/10\/20\/feria-de-la-ciencia-y-matematica-2023\/575eac16-3a84-4e61-94cc-92add3663a24\/\" data-orig-file=\"https:\/\/www.cisa-arica.cl\/wp1\/wp-content\/uploads\/2023\/10\/575EAC16-3A84-4E61-94CC-92ADD3663A24-scaled.jpeg\" data-orig-size=\"1920,2560\" data-comments-opened=\"0\" data-image-meta=\"{&quot;aperture&quot;:&quot;0&quot;,&quot;credit&quot;:&quot;&quot;,&quot;camera&quot;:&quot;&quot;,&quot;caption&quot;:&quot;&quot;,&quot;created_timestamp&quot;:&quot;0&quot;,&quot;copyright&quot;:&quot;&quot;,&quot;focal_length&quot;:&quot;0&quot;,&quot;iso&quot;:&quot;0&quot;,&quot;shutter_speed&quot;:&quot;0&quot;,&quot;title&quot;:&quot;&quot;,&quot;orientation&quot;:&quot;1&quot;}\" data-image-title=\"575EAC16-3A84-4E61-94CC-92ADD3663A24\" data-image-description=\"\" data-image-caption=\"\" data-large-file=\"https:\/\/www.cisa-arica.cl\/wp1\/wp-content\/uploads\/2023\/10\/575EAC16-3A84-4E61-94CC-92ADD3663A24-450x600.jpeg\" role=\"button\" tabindex=\"0\" aria-label=\"Abrir la imagen 85 de 95 en pantalla completa\"srcset=\"https:\/\/i2.wp.com\/www.cisa-arica.cl\/wp1\/wp-content\/uploads\/2023\/10\/575EAC16-3A84-4E61-94CC-92ADD3663A24-450x600.jpeg?strip=info&#038;w=600&#038;ssl=1 600w,https:\/\/i2.wp.com\/www.cisa-arica.cl\/wp1\/wp-content\/uploads\/2023\/10\/575EAC16-3A84-4E61-94CC-92ADD3663A24-450x600.jpeg?strip=info&#038;w=900&#038;ssl=1 900w,https:\/\/i2.wp.com\/www.cisa-arica.cl\/wp1\/wp-content\/uploads\/2023\/10\/575EAC16-3A84-4E61-94CC-92ADD3663A24-450x600.jpeg?strip=info&#038;w=1200&#038;ssl=1 1200w,https:\/\/i2.wp.com\/www.cisa-arica.cl\/wp1\/wp-content\/uploads\/2023\/10\/575EAC16-3A84-4E61-94CC-92ADD3663A24-450x600.jpeg?strip=info&#038;w=1500&#038;ssl=1 1500w,https:\/\/i2.wp.com\/www.cisa-arica.cl\/wp1\/wp-content\/uploads\/2023\/10\/575EAC16-3A84-4E61-94CC-92ADD3663A24-450x600.jpeg?strip=info&#038;w=1800&#038;ssl=1 1800w,https:\/\/i2.wp.com\/www.cisa-arica.cl\/wp1\/wp-content\/uploads\/2023\/10\/575EAC16-3A84-4E61-94CC-92ADD3663A24-450x600.jpeg?strip=info&#038;w=1920&#038;ssl=1 1920w\" alt=\"\" data-height=\"2560\" data-id=\"22798\" data-link=\"https:\/\/www.cisa-arica.cl\/wp1\/?attachment_id=22798\" data-url=\"https:\/\/www.cisa-arica.cl\/wp1\/wp-content\/uploads\/2023\/10\/575EAC16-3A84-4E61-94CC-92ADD3663A24-450x600.jpeg\" data-width=\"1920\" src=\"https:\/\/i2.wp.com\/www.cisa-arica.cl\/wp1\/wp-content\/uploads\/2023\/10\/575EAC16-3A84-4E61-94CC-92ADD3663A24-450x600.jpeg?ssl=1\" data-amp-layout=\"responsive\"\/><\/figure><\/div><div class=\"tiled-gallery__col\" style=\"flex-basis:33.33333%\"><figure class=\"tiled-gallery__item\"><img decoding=\"async\" data-attachment-id=\"22799\" data-permalink=\"https:\/\/www.cisa-arica.cl\/wp1\/2023\/10\/20\/feria-de-la-ciencia-y-matematica-2023\/1ac0bcf9-3dc0-4ef3-82da-6e414acd621f\/\" data-orig-file=\"https:\/\/www.cisa-arica.cl\/wp1\/wp-content\/uploads\/2023\/10\/1AC0BCF9-3DC0-4EF3-82DA-6E414ACD621F-scaled.jpeg\" data-orig-size=\"1920,2560\" data-comments-opened=\"0\" data-image-meta=\"{&quot;aperture&quot;:&quot;0&quot;,&quot;credit&quot;:&quot;&quot;,&quot;camera&quot;:&quot;&quot;,&quot;caption&quot;:&quot;&quot;,&quot;created_timestamp&quot;:&quot;0&quot;,&quot;copyright&quot;:&quot;&quot;,&quot;focal_length&quot;:&quot;0&quot;,&quot;iso&quot;:&quot;0&quot;,&quot;shutter_speed&quot;:&quot;0&quot;,&quot;title&quot;:&quot;&quot;,&quot;orientation&quot;:&quot;1&quot;}\" data-image-title=\"1AC0BCF9-3DC0-4EF3-82DA-6E414ACD621F\" data-image-description=\"\" data-image-caption=\"\" data-large-file=\"https:\/\/www.cisa-arica.cl\/wp1\/wp-content\/uploads\/2023\/10\/1AC0BCF9-3DC0-4EF3-82DA-6E414ACD621F-450x600.jpeg\" data-attachment-id=\"22799\" data-permalink=\"https:\/\/www.cisa-arica.cl\/wp1\/2023\/10\/20\/feria-de-la-ciencia-y-matematica-2023\/1ac0bcf9-3dc0-4ef3-82da-6e414acd621f\/\" data-orig-file=\"https:\/\/www.cisa-arica.cl\/wp1\/wp-content\/uploads\/2023\/10\/1AC0BCF9-3DC0-4EF3-82DA-6E414ACD621F-scaled.jpeg\" data-orig-size=\"1920,2560\" data-comments-opened=\"0\" data-image-meta=\"{&quot;aperture&quot;:&quot;0&quot;,&quot;credit&quot;:&quot;&quot;,&quot;camera&quot;:&quot;&quot;,&quot;caption&quot;:&quot;&quot;,&quot;created_timestamp&quot;:&quot;0&quot;,&quot;copyright&quot;:&quot;&quot;,&quot;focal_length&quot;:&quot;0&quot;,&quot;iso&quot;:&quot;0&quot;,&quot;shutter_speed&quot;:&quot;0&quot;,&quot;title&quot;:&quot;&quot;,&quot;orientation&quot;:&quot;1&quot;}\" data-image-title=\"1AC0BCF9-3DC0-4EF3-82DA-6E414ACD621F\" data-image-description=\"\" data-image-caption=\"\" data-large-file=\"https:\/\/www.cisa-arica.cl\/wp1\/wp-content\/uploads\/2023\/10\/1AC0BCF9-3DC0-4EF3-82DA-6E414ACD621F-450x600.jpeg\" role=\"button\" tabindex=\"0\" aria-label=\"Abrir la imagen 86 de 95 en pantalla completa\"srcset=\"https:\/\/i1.wp.com\/www.cisa-arica.cl\/wp1\/wp-content\/uploads\/2023\/10\/1AC0BCF9-3DC0-4EF3-82DA-6E414ACD621F-450x600.jpeg?strip=info&#038;w=600&#038;ssl=1 600w,https:\/\/i1.wp.com\/www.cisa-arica.cl\/wp1\/wp-content\/uploads\/2023\/10\/1AC0BCF9-3DC0-4EF3-82DA-6E414ACD621F-450x600.jpeg?strip=info&#038;w=900&#038;ssl=1 900w,https:\/\/i1.wp.com\/www.cisa-arica.cl\/wp1\/wp-content\/uploads\/2023\/10\/1AC0BCF9-3DC0-4EF3-82DA-6E414ACD621F-450x600.jpeg?strip=info&#038;w=1200&#038;ssl=1 1200w,https:\/\/i1.wp.com\/www.cisa-arica.cl\/wp1\/wp-content\/uploads\/2023\/10\/1AC0BCF9-3DC0-4EF3-82DA-6E414ACD621F-450x600.jpeg?strip=info&#038;w=1500&#038;ssl=1 1500w,https:\/\/i1.wp.com\/www.cisa-arica.cl\/wp1\/wp-content\/uploads\/2023\/10\/1AC0BCF9-3DC0-4EF3-82DA-6E414ACD621F-450x600.jpeg?strip=info&#038;w=1800&#038;ssl=1 1800w,https:\/\/i1.wp.com\/www.cisa-arica.cl\/wp1\/wp-content\/uploads\/2023\/10\/1AC0BCF9-3DC0-4EF3-82DA-6E414ACD621F-450x600.jpeg?strip=info&#038;w=1920&#038;ssl=1 1920w\" alt=\"\" data-height=\"2560\" data-id=\"22799\" data-link=\"https:\/\/www.cisa-arica.cl\/wp1\/?attachment_id=22799\" data-url=\"https:\/\/www.cisa-arica.cl\/wp1\/wp-content\/uploads\/2023\/10\/1AC0BCF9-3DC0-4EF3-82DA-6E414ACD621F-450x600.jpeg\" data-width=\"1920\" src=\"https:\/\/i1.wp.com\/www.cisa-arica.cl\/wp1\/wp-content\/uploads\/2023\/10\/1AC0BCF9-3DC0-4EF3-82DA-6E414ACD621F-450x600.jpeg?ssl=1\" data-amp-layout=\"responsive\"\/><\/figure><\/div><div class=\"tiled-gallery__col\" style=\"flex-basis:33.33333%\"><figure class=\"tiled-gallery__item\"><img decoding=\"async\" data-attachment-id=\"22800\" data-permalink=\"https:\/\/www.cisa-arica.cl\/wp1\/2023\/10\/20\/feria-de-la-ciencia-y-matematica-2023\/8abd8105-7a44-4567-9760-76b2fe96f4d0\/\" data-orig-file=\"https:\/\/www.cisa-arica.cl\/wp1\/wp-content\/uploads\/2023\/10\/8ABD8105-7A44-4567-9760-76B2FE96F4D0-scaled.jpeg\" data-orig-size=\"1920,2560\" data-comments-opened=\"0\" data-image-meta=\"{&quot;aperture&quot;:&quot;0&quot;,&quot;credit&quot;:&quot;&quot;,&quot;camera&quot;:&quot;&quot;,&quot;caption&quot;:&quot;&quot;,&quot;created_timestamp&quot;:&quot;0&quot;,&quot;copyright&quot;:&quot;&quot;,&quot;focal_length&quot;:&quot;0&quot;,&quot;iso&quot;:&quot;0&quot;,&quot;shutter_speed&quot;:&quot;0&quot;,&quot;title&quot;:&quot;&quot;,&quot;orientation&quot;:&quot;1&quot;}\" data-image-title=\"8ABD8105-7A44-4567-9760-76B2FE96F4D0\" data-image-description=\"\" data-image-caption=\"\" data-large-file=\"https:\/\/www.cisa-arica.cl\/wp1\/wp-content\/uploads\/2023\/10\/8ABD8105-7A44-4567-9760-76B2FE96F4D0-450x600.jpeg\" data-attachment-id=\"22800\" data-permalink=\"https:\/\/www.cisa-arica.cl\/wp1\/2023\/10\/20\/feria-de-la-ciencia-y-matematica-2023\/8abd8105-7a44-4567-9760-76b2fe96f4d0\/\" data-orig-file=\"https:\/\/www.cisa-arica.cl\/wp1\/wp-content\/uploads\/2023\/10\/8ABD8105-7A44-4567-9760-76B2FE96F4D0-scaled.jpeg\" data-orig-size=\"1920,2560\" data-comments-opened=\"0\" data-image-meta=\"{&quot;aperture&quot;:&quot;0&quot;,&quot;credit&quot;:&quot;&quot;,&quot;camera&quot;:&quot;&quot;,&quot;caption&quot;:&quot;&quot;,&quot;created_timestamp&quot;:&quot;0&quot;,&quot;copyright&quot;:&quot;&quot;,&quot;focal_length&quot;:&quot;0&quot;,&quot;iso&quot;:&quot;0&quot;,&quot;shutter_speed&quot;:&quot;0&quot;,&quot;title&quot;:&quot;&quot;,&quot;orientation&quot;:&quot;1&quot;}\" data-image-title=\"8ABD8105-7A44-4567-9760-76B2FE96F4D0\" data-image-description=\"\" data-image-caption=\"\" data-large-file=\"https:\/\/www.cisa-arica.cl\/wp1\/wp-content\/uploads\/2023\/10\/8ABD8105-7A44-4567-9760-76B2FE96F4D0-450x600.jpeg\" role=\"button\" tabindex=\"0\" aria-label=\"Abrir la imagen 87 de 95 en pantalla completa\"srcset=\"https:\/\/i0.wp.com\/www.cisa-arica.cl\/wp1\/wp-content\/uploads\/2023\/10\/8ABD8105-7A44-4567-9760-76B2FE96F4D0-450x600.jpeg?strip=info&#038;w=600&#038;ssl=1 600w,https:\/\/i0.wp.com\/www.cisa-arica.cl\/wp1\/wp-content\/uploads\/2023\/10\/8ABD8105-7A44-4567-9760-76B2FE96F4D0-450x600.jpeg?strip=info&#038;w=900&#038;ssl=1 900w,https:\/\/i0.wp.com\/www.cisa-arica.cl\/wp1\/wp-content\/uploads\/2023\/10\/8ABD8105-7A44-4567-9760-76B2FE96F4D0-450x600.jpeg?strip=info&#038;w=1200&#038;ssl=1 1200w,https:\/\/i0.wp.com\/www.cisa-arica.cl\/wp1\/wp-content\/uploads\/2023\/10\/8ABD8105-7A44-4567-9760-76B2FE96F4D0-450x600.jpeg?strip=info&#038;w=1500&#038;ssl=1 1500w,https:\/\/i0.wp.com\/www.cisa-arica.cl\/wp1\/wp-content\/uploads\/2023\/10\/8ABD8105-7A44-4567-9760-76B2FE96F4D0-450x600.jpeg?strip=info&#038;w=1800&#038;ssl=1 1800w,https:\/\/i0.wp.com\/www.cisa-arica.cl\/wp1\/wp-content\/uploads\/2023\/10\/8ABD8105-7A44-4567-9760-76B2FE96F4D0-450x600.jpeg?strip=info&#038;w=1920&#038;ssl=1 1920w\" alt=\"\" data-height=\"2560\" data-id=\"22800\" data-link=\"https:\/\/www.cisa-arica.cl\/wp1\/?attachment_id=22800\" data-url=\"https:\/\/www.cisa-arica.cl\/wp1\/wp-content\/uploads\/2023\/10\/8ABD8105-7A44-4567-9760-76B2FE96F4D0-450x600.jpeg\" data-width=\"1920\" src=\"https:\/\/i0.wp.com\/www.cisa-arica.cl\/wp1\/wp-content\/uploads\/2023\/10\/8ABD8105-7A44-4567-9760-76B2FE96F4D0-450x600.jpeg?ssl=1\" data-amp-layout=\"responsive\"\/><\/figure><\/div><\/div><div class=\"tiled-gallery__row\"><div class=\"tiled-gallery__col\" style=\"flex-basis:66.93440%\"><figure class=\"tiled-gallery__item\"><img decoding=\"async\" data-attachment-id=\"22801\" data-permalink=\"https:\/\/www.cisa-arica.cl\/wp1\/2023\/10\/20\/feria-de-la-ciencia-y-matematica-2023\/8eff6958-90b9-4261-b5f7-0cc16389b243\/\" data-orig-file=\"https:\/\/www.cisa-arica.cl\/wp1\/wp-content\/uploads\/2023\/10\/8EFF6958-90B9-4261-B5F7-0CC16389B243-scaled.jpeg\" data-orig-size=\"2560,1920\" data-comments-opened=\"0\" data-image-meta=\"{&quot;aperture&quot;:&quot;0&quot;,&quot;credit&quot;:&quot;&quot;,&quot;camera&quot;:&quot;&quot;,&quot;caption&quot;:&quot;&quot;,&quot;created_timestamp&quot;:&quot;0&quot;,&quot;copyright&quot;:&quot;&quot;,&quot;focal_length&quot;:&quot;0&quot;,&quot;iso&quot;:&quot;0&quot;,&quot;shutter_speed&quot;:&quot;0&quot;,&quot;title&quot;:&quot;&quot;,&quot;orientation&quot;:&quot;1&quot;}\" data-image-title=\"8EFF6958-90B9-4261-B5F7-0CC16389B243\" data-image-description=\"\" data-image-caption=\"\" data-large-file=\"https:\/\/www.cisa-arica.cl\/wp1\/wp-content\/uploads\/2023\/10\/8EFF6958-90B9-4261-B5F7-0CC16389B243-600x450.jpeg\" data-attachment-id=\"22801\" data-permalink=\"https:\/\/www.cisa-arica.cl\/wp1\/2023\/10\/20\/feria-de-la-ciencia-y-matematica-2023\/8eff6958-90b9-4261-b5f7-0cc16389b243\/\" data-orig-file=\"https:\/\/www.cisa-arica.cl\/wp1\/wp-content\/uploads\/2023\/10\/8EFF6958-90B9-4261-B5F7-0CC16389B243-scaled.jpeg\" data-orig-size=\"2560,1920\" data-comments-opened=\"0\" data-image-meta=\"{&quot;aperture&quot;:&quot;0&quot;,&quot;credit&quot;:&quot;&quot;,&quot;camera&quot;:&quot;&quot;,&quot;caption&quot;:&quot;&quot;,&quot;created_timestamp&quot;:&quot;0&quot;,&quot;copyright&quot;:&quot;&quot;,&quot;focal_length&quot;:&quot;0&quot;,&quot;iso&quot;:&quot;0&quot;,&quot;shutter_speed&quot;:&quot;0&quot;,&quot;title&quot;:&quot;&quot;,&quot;orientation&quot;:&quot;1&quot;}\" data-image-title=\"8EFF6958-90B9-4261-B5F7-0CC16389B243\" data-image-description=\"\" data-image-caption=\"\" data-large-file=\"https:\/\/www.cisa-arica.cl\/wp1\/wp-content\/uploads\/2023\/10\/8EFF6958-90B9-4261-B5F7-0CC16389B243-600x450.jpeg\" role=\"button\" tabindex=\"0\" aria-label=\"Abrir la imagen 88 de 95 en pantalla completa\"srcset=\"https:\/\/i1.wp.com\/www.cisa-arica.cl\/wp1\/wp-content\/uploads\/2023\/10\/8EFF6958-90B9-4261-B5F7-0CC16389B243-600x450.jpeg?strip=info&#038;w=600&#038;ssl=1 600w,https:\/\/i1.wp.com\/www.cisa-arica.cl\/wp1\/wp-content\/uploads\/2023\/10\/8EFF6958-90B9-4261-B5F7-0CC16389B243-600x450.jpeg?strip=info&#038;w=900&#038;ssl=1 900w,https:\/\/i1.wp.com\/www.cisa-arica.cl\/wp1\/wp-content\/uploads\/2023\/10\/8EFF6958-90B9-4261-B5F7-0CC16389B243-600x450.jpeg?strip=info&#038;w=1200&#038;ssl=1 1200w,https:\/\/i1.wp.com\/www.cisa-arica.cl\/wp1\/wp-content\/uploads\/2023\/10\/8EFF6958-90B9-4261-B5F7-0CC16389B243-600x450.jpeg?strip=info&#038;w=1500&#038;ssl=1 1500w,https:\/\/i1.wp.com\/www.cisa-arica.cl\/wp1\/wp-content\/uploads\/2023\/10\/8EFF6958-90B9-4261-B5F7-0CC16389B243-600x450.jpeg?strip=info&#038;w=1800&#038;ssl=1 1800w,https:\/\/i1.wp.com\/www.cisa-arica.cl\/wp1\/wp-content\/uploads\/2023\/10\/8EFF6958-90B9-4261-B5F7-0CC16389B243-600x450.jpeg?strip=info&#038;w=2000&#038;ssl=1 2000w\" alt=\"\" data-height=\"1920\" data-id=\"22801\" data-link=\"https:\/\/www.cisa-arica.cl\/wp1\/?attachment_id=22801\" data-url=\"https:\/\/www.cisa-arica.cl\/wp1\/wp-content\/uploads\/2023\/10\/8EFF6958-90B9-4261-B5F7-0CC16389B243-600x450.jpeg\" data-width=\"2560\" src=\"https:\/\/i1.wp.com\/www.cisa-arica.cl\/wp1\/wp-content\/uploads\/2023\/10\/8EFF6958-90B9-4261-B5F7-0CC16389B243-600x450.jpeg?ssl=1\" data-amp-layout=\"responsive\"\/><\/figure><\/div><div class=\"tiled-gallery__col\" style=\"flex-basis:33.06560%\"><figure class=\"tiled-gallery__item\"><img decoding=\"async\" data-attachment-id=\"22802\" data-permalink=\"https:\/\/www.cisa-arica.cl\/wp1\/2023\/10\/20\/feria-de-la-ciencia-y-matematica-2023\/d779a30d-4d47-4003-bc41-db332db236ba\/\" data-orig-file=\"https:\/\/www.cisa-arica.cl\/wp1\/wp-content\/uploads\/2023\/10\/D779A30D-4D47-4003-BC41-DB332DB236BA-scaled.jpeg\" data-orig-size=\"2560,1920\" data-comments-opened=\"0\" data-image-meta=\"{&quot;aperture&quot;:&quot;0&quot;,&quot;credit&quot;:&quot;&quot;,&quot;camera&quot;:&quot;&quot;,&quot;caption&quot;:&quot;&quot;,&quot;created_timestamp&quot;:&quot;0&quot;,&quot;copyright&quot;:&quot;&quot;,&quot;focal_length&quot;:&quot;0&quot;,&quot;iso&quot;:&quot;0&quot;,&quot;shutter_speed&quot;:&quot;0&quot;,&quot;title&quot;:&quot;&quot;,&quot;orientation&quot;:&quot;1&quot;}\" data-image-title=\"D779A30D-4D47-4003-BC41-DB332DB236BA\" data-image-description=\"\" data-image-caption=\"\" data-large-file=\"https:\/\/www.cisa-arica.cl\/wp1\/wp-content\/uploads\/2023\/10\/D779A30D-4D47-4003-BC41-DB332DB236BA-600x450.jpeg\" data-attachment-id=\"22802\" data-permalink=\"https:\/\/www.cisa-arica.cl\/wp1\/2023\/10\/20\/feria-de-la-ciencia-y-matematica-2023\/d779a30d-4d47-4003-bc41-db332db236ba\/\" data-orig-file=\"https:\/\/www.cisa-arica.cl\/wp1\/wp-content\/uploads\/2023\/10\/D779A30D-4D47-4003-BC41-DB332DB236BA-scaled.jpeg\" data-orig-size=\"2560,1920\" data-comments-opened=\"0\" data-image-meta=\"{&quot;aperture&quot;:&quot;0&quot;,&quot;credit&quot;:&quot;&quot;,&quot;camera&quot;:&quot;&quot;,&quot;caption&quot;:&quot;&quot;,&quot;created_timestamp&quot;:&quot;0&quot;,&quot;copyright&quot;:&quot;&quot;,&quot;focal_length&quot;:&quot;0&quot;,&quot;iso&quot;:&quot;0&quot;,&quot;shutter_speed&quot;:&quot;0&quot;,&quot;title&quot;:&quot;&quot;,&quot;orientation&quot;:&quot;1&quot;}\" data-image-title=\"D779A30D-4D47-4003-BC41-DB332DB236BA\" data-image-description=\"\" data-image-caption=\"\" data-large-file=\"https:\/\/www.cisa-arica.cl\/wp1\/wp-content\/uploads\/2023\/10\/D779A30D-4D47-4003-BC41-DB332DB236BA-600x450.jpeg\" role=\"button\" tabindex=\"0\" aria-label=\"Abrir la imagen 89 de 95 en pantalla completa\"srcset=\"https:\/\/i1.wp.com\/www.cisa-arica.cl\/wp1\/wp-content\/uploads\/2023\/10\/D779A30D-4D47-4003-BC41-DB332DB236BA-600x450.jpeg?strip=info&#038;w=600&#038;ssl=1 600w,https:\/\/i1.wp.com\/www.cisa-arica.cl\/wp1\/wp-content\/uploads\/2023\/10\/D779A30D-4D47-4003-BC41-DB332DB236BA-600x450.jpeg?strip=info&#038;w=900&#038;ssl=1 900w,https:\/\/i1.wp.com\/www.cisa-arica.cl\/wp1\/wp-content\/uploads\/2023\/10\/D779A30D-4D47-4003-BC41-DB332DB236BA-600x450.jpeg?strip=info&#038;w=1200&#038;ssl=1 1200w,https:\/\/i1.wp.com\/www.cisa-arica.cl\/wp1\/wp-content\/uploads\/2023\/10\/D779A30D-4D47-4003-BC41-DB332DB236BA-600x450.jpeg?strip=info&#038;w=1500&#038;ssl=1 1500w,https:\/\/i1.wp.com\/www.cisa-arica.cl\/wp1\/wp-content\/uploads\/2023\/10\/D779A30D-4D47-4003-BC41-DB332DB236BA-600x450.jpeg?strip=info&#038;w=1800&#038;ssl=1 1800w,https:\/\/i1.wp.com\/www.cisa-arica.cl\/wp1\/wp-content\/uploads\/2023\/10\/D779A30D-4D47-4003-BC41-DB332DB236BA-600x450.jpeg?strip=info&#038;w=2000&#038;ssl=1 2000w\" alt=\"\" data-height=\"1920\" data-id=\"22802\" data-link=\"https:\/\/www.cisa-arica.cl\/wp1\/?attachment_id=22802\" data-url=\"https:\/\/www.cisa-arica.cl\/wp1\/wp-content\/uploads\/2023\/10\/D779A30D-4D47-4003-BC41-DB332DB236BA-600x450.jpeg\" data-width=\"2560\" src=\"https:\/\/i1.wp.com\/www.cisa-arica.cl\/wp1\/wp-content\/uploads\/2023\/10\/D779A30D-4D47-4003-BC41-DB332DB236BA-600x450.jpeg?ssl=1\" data-amp-layout=\"responsive\"\/><\/figure><figure class=\"tiled-gallery__item\"><img decoding=\"async\" data-attachment-id=\"22803\" data-permalink=\"https:\/\/www.cisa-arica.cl\/wp1\/2023\/10\/20\/feria-de-la-ciencia-y-matematica-2023\/401c9ed3-265f-49f4-b61d-0cf734976403\/\" data-orig-file=\"https:\/\/www.cisa-arica.cl\/wp1\/wp-content\/uploads\/2023\/10\/401C9ED3-265F-49F4-B61D-0CF734976403-scaled.jpeg\" data-orig-size=\"2560,1920\" data-comments-opened=\"0\" data-image-meta=\"{&quot;aperture&quot;:&quot;0&quot;,&quot;credit&quot;:&quot;&quot;,&quot;camera&quot;:&quot;&quot;,&quot;caption&quot;:&quot;&quot;,&quot;created_timestamp&quot;:&quot;0&quot;,&quot;copyright&quot;:&quot;&quot;,&quot;focal_length&quot;:&quot;0&quot;,&quot;iso&quot;:&quot;0&quot;,&quot;shutter_speed&quot;:&quot;0&quot;,&quot;title&quot;:&quot;&quot;,&quot;orientation&quot;:&quot;1&quot;}\" data-image-title=\"401C9ED3-265F-49F4-B61D-0CF734976403\" data-image-description=\"\" data-image-caption=\"\" data-large-file=\"https:\/\/www.cisa-arica.cl\/wp1\/wp-content\/uploads\/2023\/10\/401C9ED3-265F-49F4-B61D-0CF734976403-600x450.jpeg\" data-attachment-id=\"22803\" data-permalink=\"https:\/\/www.cisa-arica.cl\/wp1\/2023\/10\/20\/feria-de-la-ciencia-y-matematica-2023\/401c9ed3-265f-49f4-b61d-0cf734976403\/\" data-orig-file=\"https:\/\/www.cisa-arica.cl\/wp1\/wp-content\/uploads\/2023\/10\/401C9ED3-265F-49F4-B61D-0CF734976403-scaled.jpeg\" data-orig-size=\"2560,1920\" data-comments-opened=\"0\" data-image-meta=\"{&quot;aperture&quot;:&quot;0&quot;,&quot;credit&quot;:&quot;&quot;,&quot;camera&quot;:&quot;&quot;,&quot;caption&quot;:&quot;&quot;,&quot;created_timestamp&quot;:&quot;0&quot;,&quot;copyright&quot;:&quot;&quot;,&quot;focal_length&quot;:&quot;0&quot;,&quot;iso&quot;:&quot;0&quot;,&quot;shutter_speed&quot;:&quot;0&quot;,&quot;title&quot;:&quot;&quot;,&quot;orientation&quot;:&quot;1&quot;}\" data-image-title=\"401C9ED3-265F-49F4-B61D-0CF734976403\" data-image-description=\"\" data-image-caption=\"\" data-large-file=\"https:\/\/www.cisa-arica.cl\/wp1\/wp-content\/uploads\/2023\/10\/401C9ED3-265F-49F4-B61D-0CF734976403-600x450.jpeg\" role=\"button\" tabindex=\"0\" aria-label=\"Abrir la imagen 90 de 95 en pantalla completa\"srcset=\"https:\/\/i1.wp.com\/www.cisa-arica.cl\/wp1\/wp-content\/uploads\/2023\/10\/401C9ED3-265F-49F4-B61D-0CF734976403-600x450.jpeg?strip=info&#038;w=600&#038;ssl=1 600w,https:\/\/i1.wp.com\/www.cisa-arica.cl\/wp1\/wp-content\/uploads\/2023\/10\/401C9ED3-265F-49F4-B61D-0CF734976403-600x450.jpeg?strip=info&#038;w=900&#038;ssl=1 900w,https:\/\/i1.wp.com\/www.cisa-arica.cl\/wp1\/wp-content\/uploads\/2023\/10\/401C9ED3-265F-49F4-B61D-0CF734976403-600x450.jpeg?strip=info&#038;w=1200&#038;ssl=1 1200w,https:\/\/i1.wp.com\/www.cisa-arica.cl\/wp1\/wp-content\/uploads\/2023\/10\/401C9ED3-265F-49F4-B61D-0CF734976403-600x450.jpeg?strip=info&#038;w=1500&#038;ssl=1 1500w,https:\/\/i1.wp.com\/www.cisa-arica.cl\/wp1\/wp-content\/uploads\/2023\/10\/401C9ED3-265F-49F4-B61D-0CF734976403-600x450.jpeg?strip=info&#038;w=1800&#038;ssl=1 1800w,https:\/\/i1.wp.com\/www.cisa-arica.cl\/wp1\/wp-content\/uploads\/2023\/10\/401C9ED3-265F-49F4-B61D-0CF734976403-600x450.jpeg?strip=info&#038;w=2000&#038;ssl=1 2000w\" alt=\"\" data-height=\"1920\" data-id=\"22803\" data-link=\"https:\/\/www.cisa-arica.cl\/wp1\/?attachment_id=22803\" data-url=\"https:\/\/www.cisa-arica.cl\/wp1\/wp-content\/uploads\/2023\/10\/401C9ED3-265F-49F4-B61D-0CF734976403-600x450.jpeg\" data-width=\"2560\" src=\"https:\/\/i1.wp.com\/www.cisa-arica.cl\/wp1\/wp-content\/uploads\/2023\/10\/401C9ED3-265F-49F4-B61D-0CF734976403-600x450.jpeg?ssl=1\" data-amp-layout=\"responsive\"\/><\/figure><\/div><\/div><div class=\"tiled-gallery__row\"><div class=\"tiled-gallery__col\" style=\"flex-basis:29.80493%\"><figure class=\"tiled-gallery__item\"><img decoding=\"async\" data-attachment-id=\"22804\" data-permalink=\"https:\/\/www.cisa-arica.cl\/wp1\/2023\/10\/20\/feria-de-la-ciencia-y-matematica-2023\/9e36a9be-57a5-46b4-9b7e-e0fed676e35c\/\" data-orig-file=\"https:\/\/www.cisa-arica.cl\/wp1\/wp-content\/uploads\/2023\/10\/9E36A9BE-57A5-46B4-9B7E-E0FED676E35C-scaled.jpeg\" data-orig-size=\"2560,1920\" data-comments-opened=\"0\" data-image-meta=\"{&quot;aperture&quot;:&quot;0&quot;,&quot;credit&quot;:&quot;&quot;,&quot;camera&quot;:&quot;&quot;,&quot;caption&quot;:&quot;&quot;,&quot;created_timestamp&quot;:&quot;0&quot;,&quot;copyright&quot;:&quot;&quot;,&quot;focal_length&quot;:&quot;0&quot;,&quot;iso&quot;:&quot;0&quot;,&quot;shutter_speed&quot;:&quot;0&quot;,&quot;title&quot;:&quot;&quot;,&quot;orientation&quot;:&quot;1&quot;}\" data-image-title=\"9E36A9BE-57A5-46B4-9B7E-E0FED676E35C\" data-image-description=\"\" data-image-caption=\"\" data-large-file=\"https:\/\/www.cisa-arica.cl\/wp1\/wp-content\/uploads\/2023\/10\/9E36A9BE-57A5-46B4-9B7E-E0FED676E35C-600x450.jpeg\" data-attachment-id=\"22804\" data-permalink=\"https:\/\/www.cisa-arica.cl\/wp1\/2023\/10\/20\/feria-de-la-ciencia-y-matematica-2023\/9e36a9be-57a5-46b4-9b7e-e0fed676e35c\/\" data-orig-file=\"https:\/\/www.cisa-arica.cl\/wp1\/wp-content\/uploads\/2023\/10\/9E36A9BE-57A5-46B4-9B7E-E0FED676E35C-scaled.jpeg\" data-orig-size=\"2560,1920\" data-comments-opened=\"0\" data-image-meta=\"{&quot;aperture&quot;:&quot;0&quot;,&quot;credit&quot;:&quot;&quot;,&quot;camera&quot;:&quot;&quot;,&quot;caption&quot;:&quot;&quot;,&quot;created_timestamp&quot;:&quot;0&quot;,&quot;copyright&quot;:&quot;&quot;,&quot;focal_length&quot;:&quot;0&quot;,&quot;iso&quot;:&quot;0&quot;,&quot;shutter_speed&quot;:&quot;0&quot;,&quot;title&quot;:&quot;&quot;,&quot;orientation&quot;:&quot;1&quot;}\" data-image-title=\"9E36A9BE-57A5-46B4-9B7E-E0FED676E35C\" data-image-description=\"\" data-image-caption=\"\" data-large-file=\"https:\/\/www.cisa-arica.cl\/wp1\/wp-content\/uploads\/2023\/10\/9E36A9BE-57A5-46B4-9B7E-E0FED676E35C-600x450.jpeg\" role=\"button\" tabindex=\"0\" aria-label=\"Abrir la imagen 91 de 95 en pantalla completa\"srcset=\"https:\/\/i0.wp.com\/www.cisa-arica.cl\/wp1\/wp-content\/uploads\/2023\/10\/9E36A9BE-57A5-46B4-9B7E-E0FED676E35C-600x450.jpeg?strip=info&#038;w=600&#038;ssl=1 600w,https:\/\/i0.wp.com\/www.cisa-arica.cl\/wp1\/wp-content\/uploads\/2023\/10\/9E36A9BE-57A5-46B4-9B7E-E0FED676E35C-600x450.jpeg?strip=info&#038;w=900&#038;ssl=1 900w,https:\/\/i0.wp.com\/www.cisa-arica.cl\/wp1\/wp-content\/uploads\/2023\/10\/9E36A9BE-57A5-46B4-9B7E-E0FED676E35C-600x450.jpeg?strip=info&#038;w=1200&#038;ssl=1 1200w,https:\/\/i0.wp.com\/www.cisa-arica.cl\/wp1\/wp-content\/uploads\/2023\/10\/9E36A9BE-57A5-46B4-9B7E-E0FED676E35C-600x450.jpeg?strip=info&#038;w=1500&#038;ssl=1 1500w,https:\/\/i0.wp.com\/www.cisa-arica.cl\/wp1\/wp-content\/uploads\/2023\/10\/9E36A9BE-57A5-46B4-9B7E-E0FED676E35C-600x450.jpeg?strip=info&#038;w=1800&#038;ssl=1 1800w,https:\/\/i0.wp.com\/www.cisa-arica.cl\/wp1\/wp-content\/uploads\/2023\/10\/9E36A9BE-57A5-46B4-9B7E-E0FED676E35C-600x450.jpeg?strip=info&#038;w=2000&#038;ssl=1 2000w\" alt=\"\" data-height=\"1920\" data-id=\"22804\" data-link=\"https:\/\/www.cisa-arica.cl\/wp1\/?attachment_id=22804\" data-url=\"https:\/\/www.cisa-arica.cl\/wp1\/wp-content\/uploads\/2023\/10\/9E36A9BE-57A5-46B4-9B7E-E0FED676E35C-600x450.jpeg\" data-width=\"2560\" src=\"https:\/\/i0.wp.com\/www.cisa-arica.cl\/wp1\/wp-content\/uploads\/2023\/10\/9E36A9BE-57A5-46B4-9B7E-E0FED676E35C-600x450.jpeg?ssl=1\" data-amp-layout=\"responsive\"\/><\/figure><figure class=\"tiled-gallery__item\"><img decoding=\"async\" data-attachment-id=\"22805\" data-permalink=\"https:\/\/www.cisa-arica.cl\/wp1\/2023\/10\/20\/feria-de-la-ciencia-y-matematica-2023\/f95c9b6e-419a-4fb9-aa67-156f8e5f0bb6\/\" data-orig-file=\"https:\/\/www.cisa-arica.cl\/wp1\/wp-content\/uploads\/2023\/10\/F95C9B6E-419A-4FB9-AA67-156F8E5F0BB6-scaled.jpeg\" data-orig-size=\"2560,1920\" data-comments-opened=\"0\" data-image-meta=\"{&quot;aperture&quot;:&quot;0&quot;,&quot;credit&quot;:&quot;&quot;,&quot;camera&quot;:&quot;&quot;,&quot;caption&quot;:&quot;&quot;,&quot;created_timestamp&quot;:&quot;0&quot;,&quot;copyright&quot;:&quot;&quot;,&quot;focal_length&quot;:&quot;0&quot;,&quot;iso&quot;:&quot;0&quot;,&quot;shutter_speed&quot;:&quot;0&quot;,&quot;title&quot;:&quot;&quot;,&quot;orientation&quot;:&quot;1&quot;}\" data-image-title=\"F95C9B6E-419A-4FB9-AA67-156F8E5F0BB6\" data-image-description=\"\" data-image-caption=\"\" data-large-file=\"https:\/\/www.cisa-arica.cl\/wp1\/wp-content\/uploads\/2023\/10\/F95C9B6E-419A-4FB9-AA67-156F8E5F0BB6-600x450.jpeg\" data-attachment-id=\"22805\" data-permalink=\"https:\/\/www.cisa-arica.cl\/wp1\/2023\/10\/20\/feria-de-la-ciencia-y-matematica-2023\/f95c9b6e-419a-4fb9-aa67-156f8e5f0bb6\/\" data-orig-file=\"https:\/\/www.cisa-arica.cl\/wp1\/wp-content\/uploads\/2023\/10\/F95C9B6E-419A-4FB9-AA67-156F8E5F0BB6-scaled.jpeg\" data-orig-size=\"2560,1920\" data-comments-opened=\"0\" data-image-meta=\"{&quot;aperture&quot;:&quot;0&quot;,&quot;credit&quot;:&quot;&quot;,&quot;camera&quot;:&quot;&quot;,&quot;caption&quot;:&quot;&quot;,&quot;created_timestamp&quot;:&quot;0&quot;,&quot;copyright&quot;:&quot;&quot;,&quot;focal_length&quot;:&quot;0&quot;,&quot;iso&quot;:&quot;0&quot;,&quot;shutter_speed&quot;:&quot;0&quot;,&quot;title&quot;:&quot;&quot;,&quot;orientation&quot;:&quot;1&quot;}\" data-image-title=\"F95C9B6E-419A-4FB9-AA67-156F8E5F0BB6\" data-image-description=\"\" data-image-caption=\"\" data-large-file=\"https:\/\/www.cisa-arica.cl\/wp1\/wp-content\/uploads\/2023\/10\/F95C9B6E-419A-4FB9-AA67-156F8E5F0BB6-600x450.jpeg\" alt=\"\" data-id=\"22805\" data-link=\"https:\/\/www.cisa-arica.cl\/wp1\/?attachment_id=22805\" data-url=\"https:\/\/www.cisa-arica.cl\/wp1\/wp-content\/uploads\/2023\/10\/F95C9B6E-419A-4FB9-AA67-156F8E5F0BB6-600x450.jpeg\" src=\"https:\/\/www.cisa-arica.cl\/wp1\/wp-content\/uploads\/2023\/10\/F95C9B6E-419A-4FB9-AA67-156F8E5F0BB6-600x450.jpeg\" data-amp-layout=\"responsive\"\/><\/figure><\/div><div class=\"tiled-gallery__col\" style=\"flex-basis:70.19507%\"><figure class=\"tiled-gallery__item\"><img decoding=\"async\" data-attachment-id=\"22806\" data-permalink=\"https:\/\/www.cisa-arica.cl\/wp1\/2023\/10\/20\/feria-de-la-ciencia-y-matematica-2023\/4d363fd6-bfda-4d02-a9c0-66537ac34c94\/\" data-orig-file=\"https:\/\/www.cisa-arica.cl\/wp1\/wp-content\/uploads\/2023\/10\/4D363FD6-BFDA-4D02-A9C0-66537AC34C94-scaled.jpeg\" data-orig-size=\"2560,1920\" data-comments-opened=\"0\" data-image-meta=\"{&quot;aperture&quot;:&quot;0&quot;,&quot;credit&quot;:&quot;&quot;,&quot;camera&quot;:&quot;&quot;,&quot;caption&quot;:&quot;&quot;,&quot;created_timestamp&quot;:&quot;0&quot;,&quot;copyright&quot;:&quot;&quot;,&quot;focal_length&quot;:&quot;0&quot;,&quot;iso&quot;:&quot;0&quot;,&quot;shutter_speed&quot;:&quot;0&quot;,&quot;title&quot;:&quot;&quot;,&quot;orientation&quot;:&quot;1&quot;}\" data-image-title=\"4D363FD6-BFDA-4D02-A9C0-66537AC34C94\" data-image-description=\"\" data-image-caption=\"\" data-large-file=\"https:\/\/www.cisa-arica.cl\/wp1\/wp-content\/uploads\/2023\/10\/4D363FD6-BFDA-4D02-A9C0-66537AC34C94-600x450.jpeg\" data-attachment-id=\"22806\" data-permalink=\"https:\/\/www.cisa-arica.cl\/wp1\/2023\/10\/20\/feria-de-la-ciencia-y-matematica-2023\/4d363fd6-bfda-4d02-a9c0-66537ac34c94\/\" data-orig-file=\"https:\/\/www.cisa-arica.cl\/wp1\/wp-content\/uploads\/2023\/10\/4D363FD6-BFDA-4D02-A9C0-66537AC34C94-scaled.jpeg\" data-orig-size=\"2560,1920\" data-comments-opened=\"0\" data-image-meta=\"{&quot;aperture&quot;:&quot;0&quot;,&quot;credit&quot;:&quot;&quot;,&quot;camera&quot;:&quot;&quot;,&quot;caption&quot;:&quot;&quot;,&quot;created_timestamp&quot;:&quot;0&quot;,&quot;copyright&quot;:&quot;&quot;,&quot;focal_length&quot;:&quot;0&quot;,&quot;iso&quot;:&quot;0&quot;,&quot;shutter_speed&quot;:&quot;0&quot;,&quot;title&quot;:&quot;&quot;,&quot;orientation&quot;:&quot;1&quot;}\" data-image-title=\"4D363FD6-BFDA-4D02-A9C0-66537AC34C94\" data-image-description=\"\" data-image-caption=\"\" data-large-file=\"https:\/\/www.cisa-arica.cl\/wp1\/wp-content\/uploads\/2023\/10\/4D363FD6-BFDA-4D02-A9C0-66537AC34C94-600x450.jpeg\" role=\"button\" tabindex=\"0\" aria-label=\"Abrir la imagen 92 de 95 en pantalla completa\"srcset=\"https:\/\/i0.wp.com\/www.cisa-arica.cl\/wp1\/wp-content\/uploads\/2023\/10\/4D363FD6-BFDA-4D02-A9C0-66537AC34C94-600x450.jpeg?strip=info&#038;w=600&#038;ssl=1 600w,https:\/\/i0.wp.com\/www.cisa-arica.cl\/wp1\/wp-content\/uploads\/2023\/10\/4D363FD6-BFDA-4D02-A9C0-66537AC34C94-600x450.jpeg?strip=info&#038;w=900&#038;ssl=1 900w,https:\/\/i0.wp.com\/www.cisa-arica.cl\/wp1\/wp-content\/uploads\/2023\/10\/4D363FD6-BFDA-4D02-A9C0-66537AC34C94-600x450.jpeg?strip=info&#038;w=1200&#038;ssl=1 1200w,https:\/\/i0.wp.com\/www.cisa-arica.cl\/wp1\/wp-content\/uploads\/2023\/10\/4D363FD6-BFDA-4D02-A9C0-66537AC34C94-600x450.jpeg?strip=info&#038;w=1500&#038;ssl=1 1500w,https:\/\/i0.wp.com\/www.cisa-arica.cl\/wp1\/wp-content\/uploads\/2023\/10\/4D363FD6-BFDA-4D02-A9C0-66537AC34C94-600x450.jpeg?strip=info&#038;w=1800&#038;ssl=1 1800w,https:\/\/i0.wp.com\/www.cisa-arica.cl\/wp1\/wp-content\/uploads\/2023\/10\/4D363FD6-BFDA-4D02-A9C0-66537AC34C94-600x450.jpeg?strip=info&#038;w=2000&#038;ssl=1 2000w\" alt=\"\" data-height=\"1920\" data-id=\"22806\" data-link=\"https:\/\/www.cisa-arica.cl\/wp1\/?attachment_id=22806\" data-url=\"https:\/\/www.cisa-arica.cl\/wp1\/wp-content\/uploads\/2023\/10\/4D363FD6-BFDA-4D02-A9C0-66537AC34C94-600x450.jpeg\" data-width=\"2560\" src=\"https:\/\/i0.wp.com\/www.cisa-arica.cl\/wp1\/wp-content\/uploads\/2023\/10\/4D363FD6-BFDA-4D02-A9C0-66537AC34C94-600x450.jpeg?ssl=1\" data-amp-layout=\"responsive\"\/><\/figure><\/div><\/div><div class=\"tiled-gallery__row\"><div class=\"tiled-gallery__col\" style=\"flex-basis:57.09266%\"><figure class=\"tiled-gallery__item\"><img decoding=\"async\" data-attachment-id=\"22807\" data-permalink=\"https:\/\/www.cisa-arica.cl\/wp1\/2023\/10\/20\/feria-de-la-ciencia-y-matematica-2023\/cda09eb5-8649-437d-a1da-8b1bdc9fc93a\/\" data-orig-file=\"https:\/\/www.cisa-arica.cl\/wp1\/wp-content\/uploads\/2023\/10\/CDA09EB5-8649-437D-A1DA-8B1BDC9FC93A-scaled.jpeg\" data-orig-size=\"2560,1920\" data-comments-opened=\"0\" data-image-meta=\"{&quot;aperture&quot;:&quot;0&quot;,&quot;credit&quot;:&quot;&quot;,&quot;camera&quot;:&quot;&quot;,&quot;caption&quot;:&quot;&quot;,&quot;created_timestamp&quot;:&quot;0&quot;,&quot;copyright&quot;:&quot;&quot;,&quot;focal_length&quot;:&quot;0&quot;,&quot;iso&quot;:&quot;0&quot;,&quot;shutter_speed&quot;:&quot;0&quot;,&quot;title&quot;:&quot;&quot;,&quot;orientation&quot;:&quot;1&quot;}\" data-image-title=\"CDA09EB5-8649-437D-A1DA-8B1BDC9FC93A\" data-image-description=\"\" data-image-caption=\"\" data-large-file=\"https:\/\/www.cisa-arica.cl\/wp1\/wp-content\/uploads\/2023\/10\/CDA09EB5-8649-437D-A1DA-8B1BDC9FC93A-600x450.jpeg\" data-attachment-id=\"22807\" data-permalink=\"https:\/\/www.cisa-arica.cl\/wp1\/2023\/10\/20\/feria-de-la-ciencia-y-matematica-2023\/cda09eb5-8649-437d-a1da-8b1bdc9fc93a\/\" data-orig-file=\"https:\/\/www.cisa-arica.cl\/wp1\/wp-content\/uploads\/2023\/10\/CDA09EB5-8649-437D-A1DA-8B1BDC9FC93A-scaled.jpeg\" data-orig-size=\"2560,1920\" data-comments-opened=\"0\" data-image-meta=\"{&quot;aperture&quot;:&quot;0&quot;,&quot;credit&quot;:&quot;&quot;,&quot;camera&quot;:&quot;&quot;,&quot;caption&quot;:&quot;&quot;,&quot;created_timestamp&quot;:&quot;0&quot;,&quot;copyright&quot;:&quot;&quot;,&quot;focal_length&quot;:&quot;0&quot;,&quot;iso&quot;:&quot;0&quot;,&quot;shutter_speed&quot;:&quot;0&quot;,&quot;title&quot;:&quot;&quot;,&quot;orientation&quot;:&quot;1&quot;}\" data-image-title=\"CDA09EB5-8649-437D-A1DA-8B1BDC9FC93A\" data-image-description=\"\" data-image-caption=\"\" data-large-file=\"https:\/\/www.cisa-arica.cl\/wp1\/wp-content\/uploads\/2023\/10\/CDA09EB5-8649-437D-A1DA-8B1BDC9FC93A-600x450.jpeg\" role=\"button\" tabindex=\"0\" aria-label=\"Abrir la imagen 93 de 95 en pantalla completa\"srcset=\"https:\/\/i2.wp.com\/www.cisa-arica.cl\/wp1\/wp-content\/uploads\/2023\/10\/CDA09EB5-8649-437D-A1DA-8B1BDC9FC93A-600x450.jpeg?strip=info&#038;w=600&#038;ssl=1 600w,https:\/\/i2.wp.com\/www.cisa-arica.cl\/wp1\/wp-content\/uploads\/2023\/10\/CDA09EB5-8649-437D-A1DA-8B1BDC9FC93A-600x450.jpeg?strip=info&#038;w=900&#038;ssl=1 900w,https:\/\/i2.wp.com\/www.cisa-arica.cl\/wp1\/wp-content\/uploads\/2023\/10\/CDA09EB5-8649-437D-A1DA-8B1BDC9FC93A-600x450.jpeg?strip=info&#038;w=1200&#038;ssl=1 1200w,https:\/\/i2.wp.com\/www.cisa-arica.cl\/wp1\/wp-content\/uploads\/2023\/10\/CDA09EB5-8649-437D-A1DA-8B1BDC9FC93A-600x450.jpeg?strip=info&#038;w=1500&#038;ssl=1 1500w,https:\/\/i2.wp.com\/www.cisa-arica.cl\/wp1\/wp-content\/uploads\/2023\/10\/CDA09EB5-8649-437D-A1DA-8B1BDC9FC93A-600x450.jpeg?strip=info&#038;w=1800&#038;ssl=1 1800w,https:\/\/i2.wp.com\/www.cisa-arica.cl\/wp1\/wp-content\/uploads\/2023\/10\/CDA09EB5-8649-437D-A1DA-8B1BDC9FC93A-600x450.jpeg?strip=info&#038;w=2000&#038;ssl=1 2000w\" alt=\"\" data-height=\"1920\" data-id=\"22807\" data-link=\"https:\/\/www.cisa-arica.cl\/wp1\/?attachment_id=22807\" data-url=\"https:\/\/www.cisa-arica.cl\/wp1\/wp-content\/uploads\/2023\/10\/CDA09EB5-8649-437D-A1DA-8B1BDC9FC93A-600x450.jpeg\" data-width=\"2560\" src=\"https:\/\/i2.wp.com\/www.cisa-arica.cl\/wp1\/wp-content\/uploads\/2023\/10\/CDA09EB5-8649-437D-A1DA-8B1BDC9FC93A-600x450.jpeg?ssl=1\" data-amp-layout=\"responsive\"\/><\/figure><\/div><div class=\"tiled-gallery__col\" style=\"flex-basis:42.90734%\"><figure class=\"tiled-gallery__item\"><img decoding=\"async\" data-attachment-id=\"22808\" data-permalink=\"https:\/\/www.cisa-arica.cl\/wp1\/2023\/10\/20\/feria-de-la-ciencia-y-matematica-2023\/786036f7-d267-4377-875d-dea94939aeb2\/\" data-orig-file=\"https:\/\/www.cisa-arica.cl\/wp1\/wp-content\/uploads\/2023\/10\/786036F7-D267-4377-875D-DEA94939AEB2-scaled.jpeg\" data-orig-size=\"2560,1920\" data-comments-opened=\"0\" data-image-meta=\"{&quot;aperture&quot;:&quot;0&quot;,&quot;credit&quot;:&quot;&quot;,&quot;camera&quot;:&quot;&quot;,&quot;caption&quot;:&quot;&quot;,&quot;created_timestamp&quot;:&quot;0&quot;,&quot;copyright&quot;:&quot;&quot;,&quot;focal_length&quot;:&quot;0&quot;,&quot;iso&quot;:&quot;0&quot;,&quot;shutter_speed&quot;:&quot;0&quot;,&quot;title&quot;:&quot;&quot;,&quot;orientation&quot;:&quot;1&quot;}\" data-image-title=\"786036F7-D267-4377-875D-DEA94939AEB2\" data-image-description=\"\" data-image-caption=\"\" data-large-file=\"https:\/\/www.cisa-arica.cl\/wp1\/wp-content\/uploads\/2023\/10\/786036F7-D267-4377-875D-DEA94939AEB2-600x450.jpeg\" data-attachment-id=\"22808\" data-permalink=\"https:\/\/www.cisa-arica.cl\/wp1\/2023\/10\/20\/feria-de-la-ciencia-y-matematica-2023\/786036f7-d267-4377-875d-dea94939aeb2\/\" data-orig-file=\"https:\/\/www.cisa-arica.cl\/wp1\/wp-content\/uploads\/2023\/10\/786036F7-D267-4377-875D-DEA94939AEB2-scaled.jpeg\" data-orig-size=\"2560,1920\" data-comments-opened=\"0\" data-image-meta=\"{&quot;aperture&quot;:&quot;0&quot;,&quot;credit&quot;:&quot;&quot;,&quot;camera&quot;:&quot;&quot;,&quot;caption&quot;:&quot;&quot;,&quot;created_timestamp&quot;:&quot;0&quot;,&quot;copyright&quot;:&quot;&quot;,&quot;focal_length&quot;:&quot;0&quot;,&quot;iso&quot;:&quot;0&quot;,&quot;shutter_speed&quot;:&quot;0&quot;,&quot;title&quot;:&quot;&quot;,&quot;orientation&quot;:&quot;1&quot;}\" data-image-title=\"786036F7-D267-4377-875D-DEA94939AEB2\" data-image-description=\"\" data-image-caption=\"\" data-large-file=\"https:\/\/www.cisa-arica.cl\/wp1\/wp-content\/uploads\/2023\/10\/786036F7-D267-4377-875D-DEA94939AEB2-600x450.jpeg\" alt=\"\" data-id=\"22808\" data-link=\"https:\/\/www.cisa-arica.cl\/wp1\/?attachment_id=22808\" data-url=\"https:\/\/www.cisa-arica.cl\/wp1\/wp-content\/uploads\/2023\/10\/786036F7-D267-4377-875D-DEA94939AEB2-600x450.jpeg\" src=\"https:\/\/www.cisa-arica.cl\/wp1\/wp-content\/uploads\/2023\/10\/786036F7-D267-4377-875D-DEA94939AEB2-600x450.jpeg\" data-amp-layout=\"responsive\"\/><\/figure><\/div><\/div><div class=\"tiled-gallery__row\"><div class=\"tiled-gallery__col\" style=\"flex-basis:33.33333%\"><\/div><div class=\"tiled-gallery__col\" style=\"flex-basis:33.33333%\"><\/div><div class=\"tiled-gallery__col\" style=\"flex-basis:33.33333%\"><\/div><\/div><div class=\"tiled-gallery__row\"><div class=\"tiled-gallery__col\" style=\"flex-basis:66.86747%\"><\/div><div class=\"tiled-gallery__col\" style=\"flex-basis:33.13253%\"><\/div><\/div><div class=\"tiled-gallery__row\"><div class=\"tiled-gallery__col\" style=\"flex-basis:33.13253%\"><\/div><div class=\"tiled-gallery__col\" style=\"flex-basis:66.86747%\"><\/div><\/div><div class=\"tiled-gallery__row\"><div class=\"tiled-gallery__col\" style=\"flex-basis:50.00000%\"><\/div><div class=\"tiled-gallery__col\" style=\"flex-basis:50.00000%\"><\/div><\/div><div class=\"tiled-gallery__row\"><div class=\"tiled-gallery__col\" style=\"flex-basis:33.33333%\"><\/div><div class=\"tiled-gallery__col\" style=\"flex-basis:33.33333%\"><\/div><div class=\"tiled-gallery__col\" style=\"flex-basis:33.33333%\"><\/div><\/div><div class=\"tiled-gallery__row\"><div class=\"tiled-gallery__col\" style=\"flex-basis:66.86747%\"><\/div><div class=\"tiled-gallery__col\" style=\"flex-basis:33.13253%\"><\/div><\/div><div class=\"tiled-gallery__row\"><div class=\"tiled-gallery__col\" style=\"flex-basis:33.13253%\"><\/div><div class=\"tiled-gallery__col\" style=\"flex-basis:66.86747%\"><\/div><\/div><\/div><\/div>\n","protected":false},"excerpt":{"rendered":"<p>Una nueva versi\u00f3n de la Feria de la Ciencia y Matem\u00e1tica se realiz\u00f3 en nuestro colegio ayer jueves 19 de octubre. En la oportunidad las estudiantes del colegio pudieron participar como expositoras, o bien, como visitantes. La actividad fue todo un \u00e9xito por lo que felicitamos a los profesores organizadores, profesores colaboradores en sus respectivos <a class=\"read-more\" href=\"https:\/\/www.cisa-arica.cl\/wp1\/2023\/10\/20\/feria-de-la-ciencia-y-matematica-2023\/\">Continuar leyendo<\/a><\/p>\n","protected":false},"author":5,"featured_media":22804,"comment_status":"closed","ping_status":"open","sticky":false,"template":"","format":"standard","meta":{"_jetpack_memberships_contains_paid_content":false,"footnotes":"","jetpack_publicize_message":"","jetpack_publicize_feature_enabled":true,"jetpack_social_post_already_shared":true,"jetpack_social_options":{"image_generator_settings":{"template":"highway","default_image_id":0,"font":"","enabled":false},"version":2}},"categories":[5],"tags":[],"class_list":["post-22711","post","type-post","status-publish","format-standard","has-post-thumbnail","hentry","category-uncategorized"],"jetpack_publicize_connections":[],"jetpack_featured_media_url":"https:\/\/www.cisa-arica.cl\/wp1\/wp-content\/uploads\/2023\/10\/9E36A9BE-57A5-46B4-9B7E-E0FED676E35C-scaled.jpeg","jetpack_sharing_enabled":true,"jetpack_shortlink":"https:\/\/wp.me\/p84wcz-5Uj","jetpack-related-posts":[{"id":17684,"url":"https:\/\/www.cisa-arica.cl\/wp1\/2022\/10\/21\/feria-cientifica-3\/","url_meta":{"origin":22711,"position":0},"title":"Feria Cient\u00edfica","author":"CISA","date":"21 de Octubre de 2022","format":false,"excerpt":"Una gran jornada cient\u00edfica-matem\u00e1tica vivieron nuestras estudiantes en la Feria de Ciencias y Matem\u00e1tica que se realiz\u00f3 el pasado viernes 21. En la oportunidad profesores de las asignaturas junto a sus estudiantes prepararon varios stand con diversas actividades l\u00fadicas para que todos los cursos tuviesen la oportunidad de participar de\u2026","rel":"","context":"Entrada similar ","block_context":{"text":"Entrada similar ","link":""},"img":{"alt_text":"","src":"https:\/\/i0.wp.com\/www.cisa-arica.cl\/wp1\/wp-content\/uploads\/2022\/10\/DSC_2840.jpg?resize=350%2C200&ssl=1","width":350,"height":200,"srcset":"https:\/\/i0.wp.com\/www.cisa-arica.cl\/wp1\/wp-content\/uploads\/2022\/10\/DSC_2840.jpg?resize=350%2C200&ssl=1 1x, https:\/\/i0.wp.com\/www.cisa-arica.cl\/wp1\/wp-content\/uploads\/2022\/10\/DSC_2840.jpg?resize=525%2C300&ssl=1 1.5x, https:\/\/i0.wp.com\/www.cisa-arica.cl\/wp1\/wp-content\/uploads\/2022\/10\/DSC_2840.jpg?resize=700%2C400&ssl=1 2x, https:\/\/i0.wp.com\/www.cisa-arica.cl\/wp1\/wp-content\/uploads\/2022\/10\/DSC_2840.jpg?resize=1050%2C600&ssl=1 3x"},"classes":[]},{"id":27947,"url":"https:\/\/www.cisa-arica.cl\/wp1\/2024\/12\/30\/preuniversitario-2025\/","url_meta":{"origin":22711,"position":1},"title":"PREUNIVERSITARIO 2025","author":"Jeannette Rivera","date":"30 de Diciembre de 2024","format":false,"excerpt":"Estimadas estudiantes: Para el a\u00f1o 2025, nuestro colegio les brindar\u00e1 un preuniversitario con profesores de calidad para su preparaci\u00f3n PAES. \u00a1Prep\u00e1rate para el futuro con el Preuniversitario 2025 del Colegio Italiano Santa Ana! Dirigido a: Estudiantes de 3\u00b0 y 4\u00b0 medio que buscan fortalecer sus conocimientos y asegurar un excelente\u2026","rel":"","context":"Entrada similar ","block_context":{"text":"Entrada similar ","link":""},"img":{"alt_text":"","src":"","width":0,"height":0},"classes":[]},{"id":20688,"url":"https:\/\/www.cisa-arica.cl\/wp1\/2023\/06\/03\/salida-a-feria-literaria\/","url_meta":{"origin":22711,"position":2},"title":"Salida a Feria Literaria","author":"Jeannette Rivera","date":"3 de Junio de 2023","format":false,"excerpt":"El jueves 01 de Junio, estudiantes de los 8vos a\u00f1os A y B visitaron la Feria Literaria \u00a0organizada por los Cra-Arica en el poblado artesanal. En la oportunidad pudieron observar diferentes stand de otros colegios en donde se expusieron trabajos ligados a la literatura, \u00a0as\u00ed como tambi\u00e9n, stand de nuevos\u2026","rel":"","context":"Entrada similar ","block_context":{"text":"Entrada similar ","link":""},"img":{"alt_text":"","src":"https:\/\/i0.wp.com\/www.cisa-arica.cl\/wp1\/wp-content\/uploads\/2023\/06\/D8763D73-FA52-4EBA-8483-2CBE1B6E89F5-scaled.jpeg?resize=350%2C200&ssl=1","width":350,"height":200,"srcset":"https:\/\/i0.wp.com\/www.cisa-arica.cl\/wp1\/wp-content\/uploads\/2023\/06\/D8763D73-FA52-4EBA-8483-2CBE1B6E89F5-scaled.jpeg?resize=350%2C200&ssl=1 1x, https:\/\/i0.wp.com\/www.cisa-arica.cl\/wp1\/wp-content\/uploads\/2023\/06\/D8763D73-FA52-4EBA-8483-2CBE1B6E89F5-scaled.jpeg?resize=525%2C300&ssl=1 1.5x, https:\/\/i0.wp.com\/www.cisa-arica.cl\/wp1\/wp-content\/uploads\/2023\/06\/D8763D73-FA52-4EBA-8483-2CBE1B6E89F5-scaled.jpeg?resize=700%2C400&ssl=1 2x, https:\/\/i0.wp.com\/www.cisa-arica.cl\/wp1\/wp-content\/uploads\/2023\/06\/D8763D73-FA52-4EBA-8483-2CBE1B6E89F5-scaled.jpeg?resize=1050%2C600&ssl=1 3x, https:\/\/i0.wp.com\/www.cisa-arica.cl\/wp1\/wp-content\/uploads\/2023\/06\/D8763D73-FA52-4EBA-8483-2CBE1B6E89F5-scaled.jpeg?resize=1400%2C800&ssl=1 4x"},"classes":[]},{"id":17425,"url":"https:\/\/www.cisa-arica.cl\/wp1\/2022\/10\/07\/visita-a-feria-de-ciencia-e-innovacion\/","url_meta":{"origin":22711,"position":3},"title":"Visita a Feria de Ciencia e Innovaci\u00f3n","author":"Jeannette Rivera","date":"7 de Octubre de 2022","format":false,"excerpt":"Un grupo de nuestras estudiantes participaron de una nueva versi\u00f3n de la Feria de Ciencia e Innovaci\u00f3n \u201cCada gota cuenta\u201d organizada por Explora Conicyt. Explora \u2013 UTA","rel":"","context":"Entrada similar ","block_context":{"text":"Entrada similar ","link":""},"img":{"alt_text":"","src":"https:\/\/i0.wp.com\/www.cisa-arica.cl\/wp1\/wp-content\/uploads\/2022\/10\/83E0D6A0-2B46-4132-8C2E-A2EDA01EC689.jpeg?resize=350%2C200&ssl=1","width":350,"height":200,"srcset":"https:\/\/i0.wp.com\/www.cisa-arica.cl\/wp1\/wp-content\/uploads\/2022\/10\/83E0D6A0-2B46-4132-8C2E-A2EDA01EC689.jpeg?resize=350%2C200&ssl=1 1x, https:\/\/i0.wp.com\/www.cisa-arica.cl\/wp1\/wp-content\/uploads\/2022\/10\/83E0D6A0-2B46-4132-8C2E-A2EDA01EC689.jpeg?resize=525%2C300&ssl=1 1.5x, https:\/\/i0.wp.com\/www.cisa-arica.cl\/wp1\/wp-content\/uploads\/2022\/10\/83E0D6A0-2B46-4132-8C2E-A2EDA01EC689.jpeg?resize=700%2C400&ssl=1 2x"},"classes":[]},{"id":10787,"url":"https:\/\/www.cisa-arica.cl\/wp1\/2020\/06\/26\/informativo-trabajo-pedagogico\/","url_meta":{"origin":22711,"position":4},"title":"Informativo Trabajo Pedag\u00f3gico","author":"Jeannette Rivera","date":"26 de Junio de 2020","format":false,"excerpt":"Debido a la situaci\u00f3n que afecta al pa\u00eds y la suspensi\u00f3n de clases presenciales, el colegio decide adquirir una plataforma virtual www.aulavirtualsantaana.cl para facilitar la entrega de aprendizajes a nuestras estudiantes y adem\u00e1s se adquiere la aplicaci\u00f3n de mensajer\u00eda de textos \u201cPapinotas\u201d, la cual no requiere de\u00a0 conexi\u00f3n a Internet,\u2026","rel":"","context":"Entrada similar ","block_context":{"text":"Entrada similar ","link":""},"img":{"alt_text":"","src":"https:\/\/i0.wp.com\/www.cisa-arica.cl\/wp1\/wp-content\/uploads\/2020\/06\/Amarillo-Rosa-Azul-Rebajas-Hashtag-Ganar-Redes-Sociales-Publicaci%C3%B3n.png?resize=350%2C200&ssl=1","width":350,"height":200,"srcset":"https:\/\/i0.wp.com\/www.cisa-arica.cl\/wp1\/wp-content\/uploads\/2020\/06\/Amarillo-Rosa-Azul-Rebajas-Hashtag-Ganar-Redes-Sociales-Publicaci%C3%B3n.png?resize=350%2C200&ssl=1 1x, https:\/\/i0.wp.com\/www.cisa-arica.cl\/wp1\/wp-content\/uploads\/2020\/06\/Amarillo-Rosa-Azul-Rebajas-Hashtag-Ganar-Redes-Sociales-Publicaci%C3%B3n.png?resize=525%2C300&ssl=1 1.5x, https:\/\/i0.wp.com\/www.cisa-arica.cl\/wp1\/wp-content\/uploads\/2020\/06\/Amarillo-Rosa-Azul-Rebajas-Hashtag-Ganar-Redes-Sociales-Publicaci%C3%B3n.png?resize=700%2C400&ssl=1 2x"},"classes":[]},{"id":7642,"url":"https:\/\/www.cisa-arica.cl\/wp1\/2019\/06\/20\/happy-english-day\/","url_meta":{"origin":22711,"position":5},"title":"\u00a1Happy English Day!","author":"Jeannette Rivera","date":"20 de Junio de 2019","format":false,"excerpt":"Ayer mi\u00e9rcoles 19 de junio se celebr\u00f3 en el colegio el D\u00eda del Ingl\u00e9s, por lo que los profesores del Departamento de Ingl\u00e9s y nuestras alumnas organizaron la feria \"CISA's Fairy Tales\", la que cual fue una creativa instancia para familiarizarse con este idioma y adem\u00e1s de entretenimiento, especialmente para\u2026","rel":"","context":"En &quot;galeria&quot;","block_context":{"text":"galeria","link":"https:\/\/www.cisa-arica.cl\/wp1\/category\/galeria\/"},"img":{"alt_text":"","src":"https:\/\/i0.wp.com\/www.cisa-arica.cl\/wp1\/wp-content\/uploads\/2019\/06\/0000.jpg?resize=350%2C200&ssl=1","width":350,"height":200,"srcset":"https:\/\/i0.wp.com\/www.cisa-arica.cl\/wp1\/wp-content\/uploads\/2019\/06\/0000.jpg?resize=350%2C200&ssl=1 1x, https:\/\/i0.wp.com\/www.cisa-arica.cl\/wp1\/wp-content\/uploads\/2019\/06\/0000.jpg?resize=525%2C300&ssl=1 1.5x, https:\/\/i0.wp.com\/www.cisa-arica.cl\/wp1\/wp-content\/uploads\/2019\/06\/0000.jpg?resize=700%2C400&ssl=1 2x, https:\/\/i0.wp.com\/www.cisa-arica.cl\/wp1\/wp-content\/uploads\/2019\/06\/0000.jpg?resize=1050%2C600&ssl=1 3x, https:\/\/i0.wp.com\/www.cisa-arica.cl\/wp1\/wp-content\/uploads\/2019\/06\/0000.jpg?resize=1400%2C800&ssl=1 4x"},"classes":[]}],"_links":{"self":[{"href":"https:\/\/www.cisa-arica.cl\/wp1\/wp-json\/wp\/v2\/posts\/22711","targetHints":{"allow":["GET"]}}],"collection":[{"href":"https:\/\/www.cisa-arica.cl\/wp1\/wp-json\/wp\/v2\/posts"}],"about":[{"href":"https:\/\/www.cisa-arica.cl\/wp1\/wp-json\/wp\/v2\/types\/post"}],"author":[{"embeddable":true,"href":"https:\/\/www.cisa-arica.cl\/wp1\/wp-json\/wp\/v2\/users\/5"}],"replies":[{"embeddable":true,"href":"https:\/\/www.cisa-arica.cl\/wp1\/wp-json\/wp\/v2\/comments?post=22711"}],"version-history":[{"count":4,"href":"https:\/\/www.cisa-arica.cl\/wp1\/wp-json\/wp\/v2\/posts\/22711\/revisions"}],"predecessor-version":[{"id":22812,"href":"https:\/\/www.cisa-arica.cl\/wp1\/wp-json\/wp\/v2\/posts\/22711\/revisions\/22812"}],"wp:featuredmedia":[{"embeddable":true,"href":"https:\/\/www.cisa-arica.cl\/wp1\/wp-json\/wp\/v2\/media\/22804"}],"wp:attachment":[{"href":"https:\/\/www.cisa-arica.cl\/wp1\/wp-json\/wp\/v2\/media?parent=22711"}],"wp:term":[{"taxonomy":"category","embeddable":true,"href":"https:\/\/www.cisa-arica.cl\/wp1\/wp-json\/wp\/v2\/categories?post=22711"},{"taxonomy":"post_tag","embeddable":true,"href":"https:\/\/www.cisa-arica.cl\/wp1\/wp-json\/wp\/v2\/tags?post=22711"}],"curies":[{"name":"wp","href":"https:\/\/api.w.org\/{rel}","templated":true}]}}