{"id":22626,"date":"2023-10-12T13:21:31","date_gmt":"2023-10-12T17:21:31","guid":{"rendered":"https:\/\/www.cisa-arica.cl\/wp1\/?p=22626"},"modified":"2023-11-08T13:26:21","modified_gmt":"2023-11-08T17:26:21","slug":"misa-de-los-sextos-anos-basicos","status":"publish","type":"post","link":"https:\/\/www.cisa-arica.cl\/wp1\/2023\/10\/12\/misa-de-los-sextos-anos-basicos\/","title":{"rendered":"Misa de los Sextos a\u00f1os B\u00e1sicos"},"content":{"rendered":"<p>Este mi\u00e9rcoles 11 de octubre se celebr\u00f3 la misa de los 6tos a\u00f1os A y B, oportunidad en donde las estudiantes, profesoras, Hermanas de la Congregaci\u00f3n y apoderados invitados, rezaron por la paz mundial, las familias y cada uno de los presentes.<\/p>\n<p><\/p>\n\n\n<div class=\"wp-block-jetpack-tiled-gallery aligncenter is-style-rectangular\"><div class=\"tiled-gallery__gallery\"><div class=\"tiled-gallery__row\"><div class=\"tiled-gallery__col\" style=\"flex-basis:37.07532%\"><figure class=\"tiled-gallery__item\"><img decoding=\"async\" data-attachment-id=\"22629\" data-permalink=\"https:\/\/www.cisa-arica.cl\/wp1\/2023\/10\/12\/misa-de-los-sextos-anos-basicos\/img_6921\/\" data-orig-file=\"https:\/\/www.cisa-arica.cl\/wp1\/wp-content\/uploads\/2023\/10\/IMG_6921.jpg\" data-orig-size=\"320,240\" data-comments-opened=\"0\" data-image-meta=\"{&quot;aperture&quot;:&quot;0&quot;,&quot;credit&quot;:&quot;&quot;,&quot;camera&quot;:&quot;&quot;,&quot;caption&quot;:&quot;&quot;,&quot;created_timestamp&quot;:&quot;0&quot;,&quot;copyright&quot;:&quot;&quot;,&quot;focal_length&quot;:&quot;0&quot;,&quot;iso&quot;:&quot;0&quot;,&quot;shutter_speed&quot;:&quot;0&quot;,&quot;title&quot;:&quot;&quot;,&quot;orientation&quot;:&quot;1&quot;}\" data-image-title=\"IMG_6921\" data-image-description=\"\" data-image-caption=\"\" data-large-file=\"https:\/\/www.cisa-arica.cl\/wp1\/wp-content\/uploads\/2023\/10\/IMG_6921.jpg\" data-attachment-id=\"22629\" data-permalink=\"https:\/\/www.cisa-arica.cl\/wp1\/2023\/10\/12\/misa-de-los-sextos-anos-basicos\/img_6921\/\" data-orig-file=\"https:\/\/www.cisa-arica.cl\/wp1\/wp-content\/uploads\/2023\/10\/IMG_6921.jpg\" data-orig-size=\"320,240\" data-comments-opened=\"0\" data-image-meta=\"{&quot;aperture&quot;:&quot;0&quot;,&quot;credit&quot;:&quot;&quot;,&quot;camera&quot;:&quot;&quot;,&quot;caption&quot;:&quot;&quot;,&quot;created_timestamp&quot;:&quot;0&quot;,&quot;copyright&quot;:&quot;&quot;,&quot;focal_length&quot;:&quot;0&quot;,&quot;iso&quot;:&quot;0&quot;,&quot;shutter_speed&quot;:&quot;0&quot;,&quot;title&quot;:&quot;&quot;,&quot;orientation&quot;:&quot;1&quot;}\" data-image-title=\"IMG_6921\" data-image-description=\"\" data-image-caption=\"\" data-large-file=\"https:\/\/www.cisa-arica.cl\/wp1\/wp-content\/uploads\/2023\/10\/IMG_6921.jpg\" role=\"button\" tabindex=\"0\" aria-label=\"Abrir la imagen 1 de 50 en pantalla completa\"srcset=\"https:\/\/i2.wp.com\/www.cisa-arica.cl\/wp1\/wp-content\/uploads\/2023\/10\/IMG_6921.jpg?strip=info&#038;w=320&#038;ssl=1 320w\" alt=\"\" data-height=\"240\" data-id=\"22629\" data-link=\"https:\/\/www.cisa-arica.cl\/wp1\/?attachment_id=22629\" data-url=\"https:\/\/www.cisa-arica.cl\/wp1\/wp-content\/uploads\/2023\/10\/IMG_6921.jpg\" data-width=\"320\" src=\"https:\/\/i2.wp.com\/www.cisa-arica.cl\/wp1\/wp-content\/uploads\/2023\/10\/IMG_6921.jpg?ssl=1\" data-amp-layout=\"responsive\"\/><\/figure><figure class=\"tiled-gallery__item\"><img decoding=\"async\" data-attachment-id=\"22630\" data-permalink=\"https:\/\/www.cisa-arica.cl\/wp1\/2023\/10\/12\/misa-de-los-sextos-anos-basicos\/img_6922\/\" data-orig-file=\"https:\/\/www.cisa-arica.cl\/wp1\/wp-content\/uploads\/2023\/10\/IMG_6922.jpg\" data-orig-size=\"320,240\" data-comments-opened=\"0\" data-image-meta=\"{&quot;aperture&quot;:&quot;0&quot;,&quot;credit&quot;:&quot;&quot;,&quot;camera&quot;:&quot;&quot;,&quot;caption&quot;:&quot;&quot;,&quot;created_timestamp&quot;:&quot;0&quot;,&quot;copyright&quot;:&quot;&quot;,&quot;focal_length&quot;:&quot;0&quot;,&quot;iso&quot;:&quot;0&quot;,&quot;shutter_speed&quot;:&quot;0&quot;,&quot;title&quot;:&quot;&quot;,&quot;orientation&quot;:&quot;1&quot;}\" data-image-title=\"IMG_6922\" data-image-description=\"\" data-image-caption=\"\" data-large-file=\"https:\/\/www.cisa-arica.cl\/wp1\/wp-content\/uploads\/2023\/10\/IMG_6922.jpg\" data-attachment-id=\"22630\" data-permalink=\"https:\/\/www.cisa-arica.cl\/wp1\/2023\/10\/12\/misa-de-los-sextos-anos-basicos\/img_6922\/\" data-orig-file=\"https:\/\/www.cisa-arica.cl\/wp1\/wp-content\/uploads\/2023\/10\/IMG_6922.jpg\" data-orig-size=\"320,240\" data-comments-opened=\"0\" data-image-meta=\"{&quot;aperture&quot;:&quot;0&quot;,&quot;credit&quot;:&quot;&quot;,&quot;camera&quot;:&quot;&quot;,&quot;caption&quot;:&quot;&quot;,&quot;created_timestamp&quot;:&quot;0&quot;,&quot;copyright&quot;:&quot;&quot;,&quot;focal_length&quot;:&quot;0&quot;,&quot;iso&quot;:&quot;0&quot;,&quot;shutter_speed&quot;:&quot;0&quot;,&quot;title&quot;:&quot;&quot;,&quot;orientation&quot;:&quot;1&quot;}\" data-image-title=\"IMG_6922\" data-image-description=\"\" data-image-caption=\"\" data-large-file=\"https:\/\/www.cisa-arica.cl\/wp1\/wp-content\/uploads\/2023\/10\/IMG_6922.jpg\" role=\"button\" tabindex=\"0\" aria-label=\"Abrir la imagen 2 de 50 en pantalla completa\"srcset=\"https:\/\/i0.wp.com\/www.cisa-arica.cl\/wp1\/wp-content\/uploads\/2023\/10\/IMG_6922.jpg?strip=info&#038;w=320&#038;ssl=1 320w\" alt=\"\" data-height=\"240\" data-id=\"22630\" data-link=\"https:\/\/www.cisa-arica.cl\/wp1\/?attachment_id=22630\" data-url=\"https:\/\/www.cisa-arica.cl\/wp1\/wp-content\/uploads\/2023\/10\/IMG_6922.jpg\" data-width=\"320\" src=\"https:\/\/i0.wp.com\/www.cisa-arica.cl\/wp1\/wp-content\/uploads\/2023\/10\/IMG_6922.jpg?ssl=1\" data-amp-layout=\"responsive\"\/><\/figure><figure class=\"tiled-gallery__item\"><img decoding=\"async\" data-attachment-id=\"22631\" data-permalink=\"https:\/\/www.cisa-arica.cl\/wp1\/2023\/10\/12\/misa-de-los-sextos-anos-basicos\/img_6923\/\" data-orig-file=\"https:\/\/www.cisa-arica.cl\/wp1\/wp-content\/uploads\/2023\/10\/IMG_6923.jpg\" data-orig-size=\"320,240\" data-comments-opened=\"0\" data-image-meta=\"{&quot;aperture&quot;:&quot;0&quot;,&quot;credit&quot;:&quot;&quot;,&quot;camera&quot;:&quot;&quot;,&quot;caption&quot;:&quot;&quot;,&quot;created_timestamp&quot;:&quot;0&quot;,&quot;copyright&quot;:&quot;&quot;,&quot;focal_length&quot;:&quot;0&quot;,&quot;iso&quot;:&quot;0&quot;,&quot;shutter_speed&quot;:&quot;0&quot;,&quot;title&quot;:&quot;&quot;,&quot;orientation&quot;:&quot;1&quot;}\" data-image-title=\"IMG_6923\" data-image-description=\"\" data-image-caption=\"\" data-large-file=\"https:\/\/www.cisa-arica.cl\/wp1\/wp-content\/uploads\/2023\/10\/IMG_6923.jpg\" data-attachment-id=\"22631\" data-permalink=\"https:\/\/www.cisa-arica.cl\/wp1\/2023\/10\/12\/misa-de-los-sextos-anos-basicos\/img_6923\/\" data-orig-file=\"https:\/\/www.cisa-arica.cl\/wp1\/wp-content\/uploads\/2023\/10\/IMG_6923.jpg\" data-orig-size=\"320,240\" data-comments-opened=\"0\" data-image-meta=\"{&quot;aperture&quot;:&quot;0&quot;,&quot;credit&quot;:&quot;&quot;,&quot;camera&quot;:&quot;&quot;,&quot;caption&quot;:&quot;&quot;,&quot;created_timestamp&quot;:&quot;0&quot;,&quot;copyright&quot;:&quot;&quot;,&quot;focal_length&quot;:&quot;0&quot;,&quot;iso&quot;:&quot;0&quot;,&quot;shutter_speed&quot;:&quot;0&quot;,&quot;title&quot;:&quot;&quot;,&quot;orientation&quot;:&quot;1&quot;}\" data-image-title=\"IMG_6923\" data-image-description=\"\" data-image-caption=\"\" data-large-file=\"https:\/\/www.cisa-arica.cl\/wp1\/wp-content\/uploads\/2023\/10\/IMG_6923.jpg\" role=\"button\" tabindex=\"0\" aria-label=\"Abrir la imagen 3 de 50 en pantalla completa\"srcset=\"https:\/\/i0.wp.com\/www.cisa-arica.cl\/wp1\/wp-content\/uploads\/2023\/10\/IMG_6923.jpg?strip=info&#038;w=320&#038;ssl=1 320w\" alt=\"\" data-height=\"240\" data-id=\"22631\" data-link=\"https:\/\/www.cisa-arica.cl\/wp1\/?attachment_id=22631\" data-url=\"https:\/\/www.cisa-arica.cl\/wp1\/wp-content\/uploads\/2023\/10\/IMG_6923.jpg\" data-width=\"320\" src=\"https:\/\/i0.wp.com\/www.cisa-arica.cl\/wp1\/wp-content\/uploads\/2023\/10\/IMG_6923.jpg?ssl=1\" data-amp-layout=\"responsive\"\/><\/figure><\/div><div class=\"tiled-gallery__col\" style=\"flex-basis:62.92468%\"><figure class=\"tiled-gallery__item\"><img decoding=\"async\" data-attachment-id=\"22632\" data-permalink=\"https:\/\/www.cisa-arica.cl\/wp1\/2023\/10\/12\/misa-de-los-sextos-anos-basicos\/img_6928\/\" data-orig-file=\"https:\/\/www.cisa-arica.cl\/wp1\/wp-content\/uploads\/2023\/10\/IMG_6928-rotated.jpg\" data-orig-size=\"240,320\" data-comments-opened=\"0\" data-image-meta=\"{&quot;aperture&quot;:&quot;0&quot;,&quot;credit&quot;:&quot;&quot;,&quot;camera&quot;:&quot;&quot;,&quot;caption&quot;:&quot;&quot;,&quot;created_timestamp&quot;:&quot;0&quot;,&quot;copyright&quot;:&quot;&quot;,&quot;focal_length&quot;:&quot;0&quot;,&quot;iso&quot;:&quot;0&quot;,&quot;shutter_speed&quot;:&quot;0&quot;,&quot;title&quot;:&quot;&quot;,&quot;orientation&quot;:&quot;1&quot;}\" data-image-title=\"IMG_6928\" data-image-description=\"\" data-image-caption=\"\" data-large-file=\"https:\/\/www.cisa-arica.cl\/wp1\/wp-content\/uploads\/2023\/10\/IMG_6928-rotated.jpg\" data-attachment-id=\"22632\" data-permalink=\"https:\/\/www.cisa-arica.cl\/wp1\/2023\/10\/12\/misa-de-los-sextos-anos-basicos\/img_6928\/\" data-orig-file=\"https:\/\/www.cisa-arica.cl\/wp1\/wp-content\/uploads\/2023\/10\/IMG_6928-rotated.jpg\" data-orig-size=\"240,320\" data-comments-opened=\"0\" data-image-meta=\"{&quot;aperture&quot;:&quot;0&quot;,&quot;credit&quot;:&quot;&quot;,&quot;camera&quot;:&quot;&quot;,&quot;caption&quot;:&quot;&quot;,&quot;created_timestamp&quot;:&quot;0&quot;,&quot;copyright&quot;:&quot;&quot;,&quot;focal_length&quot;:&quot;0&quot;,&quot;iso&quot;:&quot;0&quot;,&quot;shutter_speed&quot;:&quot;0&quot;,&quot;title&quot;:&quot;&quot;,&quot;orientation&quot;:&quot;1&quot;}\" data-image-title=\"IMG_6928\" data-image-description=\"\" data-image-caption=\"\" data-large-file=\"https:\/\/www.cisa-arica.cl\/wp1\/wp-content\/uploads\/2023\/10\/IMG_6928-rotated.jpg\" role=\"button\" tabindex=\"0\" aria-label=\"Abrir la imagen 4 de 50 en pantalla completa\"srcset=\"https:\/\/i0.wp.com\/www.cisa-arica.cl\/wp1\/wp-content\/uploads\/2023\/10\/IMG_6928-rotated.jpg?strip=info&#038;w=240&#038;ssl=1 240w\" alt=\"\" data-height=\"320\" data-id=\"22632\" data-link=\"https:\/\/www.cisa-arica.cl\/wp1\/?attachment_id=22632\" data-url=\"https:\/\/www.cisa-arica.cl\/wp1\/wp-content\/uploads\/2023\/10\/IMG_6928-rotated.jpg\" data-width=\"240\" src=\"https:\/\/i0.wp.com\/www.cisa-arica.cl\/wp1\/wp-content\/uploads\/2023\/10\/IMG_6928-rotated.jpg?ssl=1\" data-amp-layout=\"responsive\"\/><\/figure><\/div><\/div><div class=\"tiled-gallery__row\"><div class=\"tiled-gallery__col\" style=\"flex-basis:25.00000%\"><figure class=\"tiled-gallery__item\"><img decoding=\"async\" data-attachment-id=\"22633\" data-permalink=\"https:\/\/www.cisa-arica.cl\/wp1\/2023\/10\/12\/misa-de-los-sextos-anos-basicos\/img_6930\/\" data-orig-file=\"https:\/\/www.cisa-arica.cl\/wp1\/wp-content\/uploads\/2023\/10\/IMG_6930-rotated.jpg\" data-orig-size=\"240,320\" data-comments-opened=\"0\" data-image-meta=\"{&quot;aperture&quot;:&quot;0&quot;,&quot;credit&quot;:&quot;&quot;,&quot;camera&quot;:&quot;&quot;,&quot;caption&quot;:&quot;&quot;,&quot;created_timestamp&quot;:&quot;0&quot;,&quot;copyright&quot;:&quot;&quot;,&quot;focal_length&quot;:&quot;0&quot;,&quot;iso&quot;:&quot;0&quot;,&quot;shutter_speed&quot;:&quot;0&quot;,&quot;title&quot;:&quot;&quot;,&quot;orientation&quot;:&quot;1&quot;}\" data-image-title=\"IMG_6930\" data-image-description=\"\" data-image-caption=\"\" data-large-file=\"https:\/\/www.cisa-arica.cl\/wp1\/wp-content\/uploads\/2023\/10\/IMG_6930-rotated.jpg\" data-attachment-id=\"22633\" data-permalink=\"https:\/\/www.cisa-arica.cl\/wp1\/2023\/10\/12\/misa-de-los-sextos-anos-basicos\/img_6930\/\" data-orig-file=\"https:\/\/www.cisa-arica.cl\/wp1\/wp-content\/uploads\/2023\/10\/IMG_6930-rotated.jpg\" data-orig-size=\"240,320\" data-comments-opened=\"0\" data-image-meta=\"{&quot;aperture&quot;:&quot;0&quot;,&quot;credit&quot;:&quot;&quot;,&quot;camera&quot;:&quot;&quot;,&quot;caption&quot;:&quot;&quot;,&quot;created_timestamp&quot;:&quot;0&quot;,&quot;copyright&quot;:&quot;&quot;,&quot;focal_length&quot;:&quot;0&quot;,&quot;iso&quot;:&quot;0&quot;,&quot;shutter_speed&quot;:&quot;0&quot;,&quot;title&quot;:&quot;&quot;,&quot;orientation&quot;:&quot;1&quot;}\" data-image-title=\"IMG_6930\" data-image-description=\"\" data-image-caption=\"\" data-large-file=\"https:\/\/www.cisa-arica.cl\/wp1\/wp-content\/uploads\/2023\/10\/IMG_6930-rotated.jpg\" role=\"button\" tabindex=\"0\" aria-label=\"Abrir la imagen 5 de 50 en pantalla completa\"srcset=\"https:\/\/i0.wp.com\/www.cisa-arica.cl\/wp1\/wp-content\/uploads\/2023\/10\/IMG_6930-rotated.jpg?strip=info&#038;w=240&#038;ssl=1 240w\" alt=\"\" data-height=\"320\" data-id=\"22633\" data-link=\"https:\/\/www.cisa-arica.cl\/wp1\/?attachment_id=22633\" data-url=\"https:\/\/www.cisa-arica.cl\/wp1\/wp-content\/uploads\/2023\/10\/IMG_6930-rotated.jpg\" data-width=\"240\" src=\"https:\/\/i0.wp.com\/www.cisa-arica.cl\/wp1\/wp-content\/uploads\/2023\/10\/IMG_6930-rotated.jpg?ssl=1\" data-amp-layout=\"responsive\"\/><\/figure><\/div><div class=\"tiled-gallery__col\" style=\"flex-basis:25.00000%\"><figure class=\"tiled-gallery__item\"><img decoding=\"async\" data-attachment-id=\"22634\" data-permalink=\"https:\/\/www.cisa-arica.cl\/wp1\/2023\/10\/12\/misa-de-los-sextos-anos-basicos\/img_6931\/\" data-orig-file=\"https:\/\/www.cisa-arica.cl\/wp1\/wp-content\/uploads\/2023\/10\/IMG_6931-rotated.jpg\" data-orig-size=\"240,320\" data-comments-opened=\"0\" data-image-meta=\"{&quot;aperture&quot;:&quot;0&quot;,&quot;credit&quot;:&quot;&quot;,&quot;camera&quot;:&quot;&quot;,&quot;caption&quot;:&quot;&quot;,&quot;created_timestamp&quot;:&quot;0&quot;,&quot;copyright&quot;:&quot;&quot;,&quot;focal_length&quot;:&quot;0&quot;,&quot;iso&quot;:&quot;0&quot;,&quot;shutter_speed&quot;:&quot;0&quot;,&quot;title&quot;:&quot;&quot;,&quot;orientation&quot;:&quot;1&quot;}\" data-image-title=\"IMG_6931\" data-image-description=\"\" data-image-caption=\"\" data-large-file=\"https:\/\/www.cisa-arica.cl\/wp1\/wp-content\/uploads\/2023\/10\/IMG_6931-rotated.jpg\" data-attachment-id=\"22634\" data-permalink=\"https:\/\/www.cisa-arica.cl\/wp1\/2023\/10\/12\/misa-de-los-sextos-anos-basicos\/img_6931\/\" data-orig-file=\"https:\/\/www.cisa-arica.cl\/wp1\/wp-content\/uploads\/2023\/10\/IMG_6931-rotated.jpg\" data-orig-size=\"240,320\" data-comments-opened=\"0\" data-image-meta=\"{&quot;aperture&quot;:&quot;0&quot;,&quot;credit&quot;:&quot;&quot;,&quot;camera&quot;:&quot;&quot;,&quot;caption&quot;:&quot;&quot;,&quot;created_timestamp&quot;:&quot;0&quot;,&quot;copyright&quot;:&quot;&quot;,&quot;focal_length&quot;:&quot;0&quot;,&quot;iso&quot;:&quot;0&quot;,&quot;shutter_speed&quot;:&quot;0&quot;,&quot;title&quot;:&quot;&quot;,&quot;orientation&quot;:&quot;1&quot;}\" data-image-title=\"IMG_6931\" data-image-description=\"\" data-image-caption=\"\" data-large-file=\"https:\/\/www.cisa-arica.cl\/wp1\/wp-content\/uploads\/2023\/10\/IMG_6931-rotated.jpg\" role=\"button\" tabindex=\"0\" aria-label=\"Abrir la imagen 6 de 50 en pantalla completa\"srcset=\"https:\/\/i0.wp.com\/www.cisa-arica.cl\/wp1\/wp-content\/uploads\/2023\/10\/IMG_6931-rotated.jpg?strip=info&#038;w=240&#038;ssl=1 240w\" alt=\"\" data-height=\"320\" data-id=\"22634\" data-link=\"https:\/\/www.cisa-arica.cl\/wp1\/?attachment_id=22634\" data-url=\"https:\/\/www.cisa-arica.cl\/wp1\/wp-content\/uploads\/2023\/10\/IMG_6931-rotated.jpg\" data-width=\"240\" src=\"https:\/\/i0.wp.com\/www.cisa-arica.cl\/wp1\/wp-content\/uploads\/2023\/10\/IMG_6931-rotated.jpg?ssl=1\" data-amp-layout=\"responsive\"\/><\/figure><\/div><div class=\"tiled-gallery__col\" style=\"flex-basis:25.00000%\"><figure class=\"tiled-gallery__item\"><img decoding=\"async\" data-attachment-id=\"22635\" data-permalink=\"https:\/\/www.cisa-arica.cl\/wp1\/2023\/10\/12\/misa-de-los-sextos-anos-basicos\/img_6933\/\" data-orig-file=\"https:\/\/www.cisa-arica.cl\/wp1\/wp-content\/uploads\/2023\/10\/IMG_6933-rotated.jpg\" data-orig-size=\"240,320\" data-comments-opened=\"0\" data-image-meta=\"{&quot;aperture&quot;:&quot;0&quot;,&quot;credit&quot;:&quot;&quot;,&quot;camera&quot;:&quot;&quot;,&quot;caption&quot;:&quot;&quot;,&quot;created_timestamp&quot;:&quot;0&quot;,&quot;copyright&quot;:&quot;&quot;,&quot;focal_length&quot;:&quot;0&quot;,&quot;iso&quot;:&quot;0&quot;,&quot;shutter_speed&quot;:&quot;0&quot;,&quot;title&quot;:&quot;&quot;,&quot;orientation&quot;:&quot;1&quot;}\" data-image-title=\"IMG_6933\" data-image-description=\"\" data-image-caption=\"\" data-large-file=\"https:\/\/www.cisa-arica.cl\/wp1\/wp-content\/uploads\/2023\/10\/IMG_6933-rotated.jpg\" data-attachment-id=\"22635\" data-permalink=\"https:\/\/www.cisa-arica.cl\/wp1\/2023\/10\/12\/misa-de-los-sextos-anos-basicos\/img_6933\/\" data-orig-file=\"https:\/\/www.cisa-arica.cl\/wp1\/wp-content\/uploads\/2023\/10\/IMG_6933-rotated.jpg\" data-orig-size=\"240,320\" data-comments-opened=\"0\" data-image-meta=\"{&quot;aperture&quot;:&quot;0&quot;,&quot;credit&quot;:&quot;&quot;,&quot;camera&quot;:&quot;&quot;,&quot;caption&quot;:&quot;&quot;,&quot;created_timestamp&quot;:&quot;0&quot;,&quot;copyright&quot;:&quot;&quot;,&quot;focal_length&quot;:&quot;0&quot;,&quot;iso&quot;:&quot;0&quot;,&quot;shutter_speed&quot;:&quot;0&quot;,&quot;title&quot;:&quot;&quot;,&quot;orientation&quot;:&quot;1&quot;}\" data-image-title=\"IMG_6933\" data-image-description=\"\" data-image-caption=\"\" data-large-file=\"https:\/\/www.cisa-arica.cl\/wp1\/wp-content\/uploads\/2023\/10\/IMG_6933-rotated.jpg\" role=\"button\" tabindex=\"0\" aria-label=\"Abrir la imagen 7 de 50 en pantalla completa\"srcset=\"https:\/\/i2.wp.com\/www.cisa-arica.cl\/wp1\/wp-content\/uploads\/2023\/10\/IMG_6933-rotated.jpg?strip=info&#038;w=240&#038;ssl=1 240w\" alt=\"\" data-height=\"320\" data-id=\"22635\" data-link=\"https:\/\/www.cisa-arica.cl\/wp1\/?attachment_id=22635\" data-url=\"https:\/\/www.cisa-arica.cl\/wp1\/wp-content\/uploads\/2023\/10\/IMG_6933-rotated.jpg\" data-width=\"240\" src=\"https:\/\/i2.wp.com\/www.cisa-arica.cl\/wp1\/wp-content\/uploads\/2023\/10\/IMG_6933-rotated.jpg?ssl=1\" data-amp-layout=\"responsive\"\/><\/figure><\/div><div class=\"tiled-gallery__col\" style=\"flex-basis:25.00000%\"><figure class=\"tiled-gallery__item\"><img decoding=\"async\" data-attachment-id=\"22636\" data-permalink=\"https:\/\/www.cisa-arica.cl\/wp1\/2023\/10\/12\/misa-de-los-sextos-anos-basicos\/img_6936\/\" data-orig-file=\"https:\/\/www.cisa-arica.cl\/wp1\/wp-content\/uploads\/2023\/10\/IMG_6936-rotated.jpg\" data-orig-size=\"240,320\" data-comments-opened=\"0\" data-image-meta=\"{&quot;aperture&quot;:&quot;0&quot;,&quot;credit&quot;:&quot;&quot;,&quot;camera&quot;:&quot;&quot;,&quot;caption&quot;:&quot;&quot;,&quot;created_timestamp&quot;:&quot;0&quot;,&quot;copyright&quot;:&quot;&quot;,&quot;focal_length&quot;:&quot;0&quot;,&quot;iso&quot;:&quot;0&quot;,&quot;shutter_speed&quot;:&quot;0&quot;,&quot;title&quot;:&quot;&quot;,&quot;orientation&quot;:&quot;1&quot;}\" data-image-title=\"IMG_6936\" data-image-description=\"\" data-image-caption=\"\" data-large-file=\"https:\/\/www.cisa-arica.cl\/wp1\/wp-content\/uploads\/2023\/10\/IMG_6936-rotated.jpg\" data-attachment-id=\"22636\" data-permalink=\"https:\/\/www.cisa-arica.cl\/wp1\/2023\/10\/12\/misa-de-los-sextos-anos-basicos\/img_6936\/\" data-orig-file=\"https:\/\/www.cisa-arica.cl\/wp1\/wp-content\/uploads\/2023\/10\/IMG_6936-rotated.jpg\" data-orig-size=\"240,320\" data-comments-opened=\"0\" data-image-meta=\"{&quot;aperture&quot;:&quot;0&quot;,&quot;credit&quot;:&quot;&quot;,&quot;camera&quot;:&quot;&quot;,&quot;caption&quot;:&quot;&quot;,&quot;created_timestamp&quot;:&quot;0&quot;,&quot;copyright&quot;:&quot;&quot;,&quot;focal_length&quot;:&quot;0&quot;,&quot;iso&quot;:&quot;0&quot;,&quot;shutter_speed&quot;:&quot;0&quot;,&quot;title&quot;:&quot;&quot;,&quot;orientation&quot;:&quot;1&quot;}\" data-image-title=\"IMG_6936\" data-image-description=\"\" data-image-caption=\"\" data-large-file=\"https:\/\/www.cisa-arica.cl\/wp1\/wp-content\/uploads\/2023\/10\/IMG_6936-rotated.jpg\" role=\"button\" tabindex=\"0\" aria-label=\"Abrir la imagen 8 de 50 en pantalla completa\"srcset=\"https:\/\/i2.wp.com\/www.cisa-arica.cl\/wp1\/wp-content\/uploads\/2023\/10\/IMG_6936-rotated.jpg?strip=info&#038;w=240&#038;ssl=1 240w\" alt=\"\" data-height=\"320\" data-id=\"22636\" data-link=\"https:\/\/www.cisa-arica.cl\/wp1\/?attachment_id=22636\" data-url=\"https:\/\/www.cisa-arica.cl\/wp1\/wp-content\/uploads\/2023\/10\/IMG_6936-rotated.jpg\" data-width=\"240\" src=\"https:\/\/i2.wp.com\/www.cisa-arica.cl\/wp1\/wp-content\/uploads\/2023\/10\/IMG_6936-rotated.jpg?ssl=1\" data-amp-layout=\"responsive\"\/><\/figure><\/div><\/div><div class=\"tiled-gallery__row\"><div class=\"tiled-gallery__col\" style=\"flex-basis:33.33333%\"><figure class=\"tiled-gallery__item\"><img decoding=\"async\" data-attachment-id=\"22637\" data-permalink=\"https:\/\/www.cisa-arica.cl\/wp1\/2023\/10\/12\/misa-de-los-sextos-anos-basicos\/img_6937\/\" data-orig-file=\"https:\/\/www.cisa-arica.cl\/wp1\/wp-content\/uploads\/2023\/10\/IMG_6937-rotated.jpg\" data-orig-size=\"240,320\" data-comments-opened=\"0\" data-image-meta=\"{&quot;aperture&quot;:&quot;0&quot;,&quot;credit&quot;:&quot;&quot;,&quot;camera&quot;:&quot;&quot;,&quot;caption&quot;:&quot;&quot;,&quot;created_timestamp&quot;:&quot;0&quot;,&quot;copyright&quot;:&quot;&quot;,&quot;focal_length&quot;:&quot;0&quot;,&quot;iso&quot;:&quot;0&quot;,&quot;shutter_speed&quot;:&quot;0&quot;,&quot;title&quot;:&quot;&quot;,&quot;orientation&quot;:&quot;1&quot;}\" data-image-title=\"IMG_6937\" data-image-description=\"\" data-image-caption=\"\" data-large-file=\"https:\/\/www.cisa-arica.cl\/wp1\/wp-content\/uploads\/2023\/10\/IMG_6937-rotated.jpg\" data-attachment-id=\"22637\" data-permalink=\"https:\/\/www.cisa-arica.cl\/wp1\/2023\/10\/12\/misa-de-los-sextos-anos-basicos\/img_6937\/\" data-orig-file=\"https:\/\/www.cisa-arica.cl\/wp1\/wp-content\/uploads\/2023\/10\/IMG_6937-rotated.jpg\" data-orig-size=\"240,320\" data-comments-opened=\"0\" data-image-meta=\"{&quot;aperture&quot;:&quot;0&quot;,&quot;credit&quot;:&quot;&quot;,&quot;camera&quot;:&quot;&quot;,&quot;caption&quot;:&quot;&quot;,&quot;created_timestamp&quot;:&quot;0&quot;,&quot;copyright&quot;:&quot;&quot;,&quot;focal_length&quot;:&quot;0&quot;,&quot;iso&quot;:&quot;0&quot;,&quot;shutter_speed&quot;:&quot;0&quot;,&quot;title&quot;:&quot;&quot;,&quot;orientation&quot;:&quot;1&quot;}\" data-image-title=\"IMG_6937\" data-image-description=\"\" data-image-caption=\"\" data-large-file=\"https:\/\/www.cisa-arica.cl\/wp1\/wp-content\/uploads\/2023\/10\/IMG_6937-rotated.jpg\" role=\"button\" tabindex=\"0\" aria-label=\"Abrir la imagen 9 de 50 en pantalla completa\"srcset=\"https:\/\/i0.wp.com\/www.cisa-arica.cl\/wp1\/wp-content\/uploads\/2023\/10\/IMG_6937-rotated.jpg?strip=info&#038;w=240&#038;ssl=1 240w\" alt=\"\" data-height=\"320\" data-id=\"22637\" data-link=\"https:\/\/www.cisa-arica.cl\/wp1\/?attachment_id=22637\" data-url=\"https:\/\/www.cisa-arica.cl\/wp1\/wp-content\/uploads\/2023\/10\/IMG_6937-rotated.jpg\" data-width=\"240\" src=\"https:\/\/i0.wp.com\/www.cisa-arica.cl\/wp1\/wp-content\/uploads\/2023\/10\/IMG_6937-rotated.jpg?ssl=1\" data-amp-layout=\"responsive\"\/><\/figure><\/div><div class=\"tiled-gallery__col\" style=\"flex-basis:33.33333%\"><figure class=\"tiled-gallery__item\"><img decoding=\"async\" data-attachment-id=\"22638\" data-permalink=\"https:\/\/www.cisa-arica.cl\/wp1\/2023\/10\/12\/misa-de-los-sextos-anos-basicos\/img_6938\/\" data-orig-file=\"https:\/\/www.cisa-arica.cl\/wp1\/wp-content\/uploads\/2023\/10\/IMG_6938-rotated.jpg\" data-orig-size=\"240,320\" data-comments-opened=\"0\" data-image-meta=\"{&quot;aperture&quot;:&quot;0&quot;,&quot;credit&quot;:&quot;&quot;,&quot;camera&quot;:&quot;&quot;,&quot;caption&quot;:&quot;&quot;,&quot;created_timestamp&quot;:&quot;0&quot;,&quot;copyright&quot;:&quot;&quot;,&quot;focal_length&quot;:&quot;0&quot;,&quot;iso&quot;:&quot;0&quot;,&quot;shutter_speed&quot;:&quot;0&quot;,&quot;title&quot;:&quot;&quot;,&quot;orientation&quot;:&quot;1&quot;}\" data-image-title=\"IMG_6938\" data-image-description=\"\" data-image-caption=\"\" data-large-file=\"https:\/\/www.cisa-arica.cl\/wp1\/wp-content\/uploads\/2023\/10\/IMG_6938-rotated.jpg\" data-attachment-id=\"22638\" data-permalink=\"https:\/\/www.cisa-arica.cl\/wp1\/2023\/10\/12\/misa-de-los-sextos-anos-basicos\/img_6938\/\" data-orig-file=\"https:\/\/www.cisa-arica.cl\/wp1\/wp-content\/uploads\/2023\/10\/IMG_6938-rotated.jpg\" data-orig-size=\"240,320\" data-comments-opened=\"0\" data-image-meta=\"{&quot;aperture&quot;:&quot;0&quot;,&quot;credit&quot;:&quot;&quot;,&quot;camera&quot;:&quot;&quot;,&quot;caption&quot;:&quot;&quot;,&quot;created_timestamp&quot;:&quot;0&quot;,&quot;copyright&quot;:&quot;&quot;,&quot;focal_length&quot;:&quot;0&quot;,&quot;iso&quot;:&quot;0&quot;,&quot;shutter_speed&quot;:&quot;0&quot;,&quot;title&quot;:&quot;&quot;,&quot;orientation&quot;:&quot;1&quot;}\" data-image-title=\"IMG_6938\" data-image-description=\"\" data-image-caption=\"\" data-large-file=\"https:\/\/www.cisa-arica.cl\/wp1\/wp-content\/uploads\/2023\/10\/IMG_6938-rotated.jpg\" role=\"button\" tabindex=\"0\" aria-label=\"Abrir la imagen 10 de 50 en pantalla completa\"srcset=\"https:\/\/i0.wp.com\/www.cisa-arica.cl\/wp1\/wp-content\/uploads\/2023\/10\/IMG_6938-rotated.jpg?strip=info&#038;w=240&#038;ssl=1 240w\" alt=\"\" data-height=\"320\" data-id=\"22638\" data-link=\"https:\/\/www.cisa-arica.cl\/wp1\/?attachment_id=22638\" data-url=\"https:\/\/www.cisa-arica.cl\/wp1\/wp-content\/uploads\/2023\/10\/IMG_6938-rotated.jpg\" data-width=\"240\" src=\"https:\/\/i0.wp.com\/www.cisa-arica.cl\/wp1\/wp-content\/uploads\/2023\/10\/IMG_6938-rotated.jpg?ssl=1\" data-amp-layout=\"responsive\"\/><\/figure><\/div><div class=\"tiled-gallery__col\" style=\"flex-basis:33.33333%\"><figure class=\"tiled-gallery__item\"><img decoding=\"async\" data-attachment-id=\"22639\" data-permalink=\"https:\/\/www.cisa-arica.cl\/wp1\/2023\/10\/12\/misa-de-los-sextos-anos-basicos\/img_6939\/\" data-orig-file=\"https:\/\/www.cisa-arica.cl\/wp1\/wp-content\/uploads\/2023\/10\/IMG_6939-rotated.jpg\" data-orig-size=\"240,320\" data-comments-opened=\"0\" data-image-meta=\"{&quot;aperture&quot;:&quot;0&quot;,&quot;credit&quot;:&quot;&quot;,&quot;camera&quot;:&quot;&quot;,&quot;caption&quot;:&quot;&quot;,&quot;created_timestamp&quot;:&quot;0&quot;,&quot;copyright&quot;:&quot;&quot;,&quot;focal_length&quot;:&quot;0&quot;,&quot;iso&quot;:&quot;0&quot;,&quot;shutter_speed&quot;:&quot;0&quot;,&quot;title&quot;:&quot;&quot;,&quot;orientation&quot;:&quot;1&quot;}\" data-image-title=\"IMG_6939\" data-image-description=\"\" data-image-caption=\"\" data-large-file=\"https:\/\/www.cisa-arica.cl\/wp1\/wp-content\/uploads\/2023\/10\/IMG_6939-rotated.jpg\" data-attachment-id=\"22639\" data-permalink=\"https:\/\/www.cisa-arica.cl\/wp1\/2023\/10\/12\/misa-de-los-sextos-anos-basicos\/img_6939\/\" data-orig-file=\"https:\/\/www.cisa-arica.cl\/wp1\/wp-content\/uploads\/2023\/10\/IMG_6939-rotated.jpg\" data-orig-size=\"240,320\" data-comments-opened=\"0\" data-image-meta=\"{&quot;aperture&quot;:&quot;0&quot;,&quot;credit&quot;:&quot;&quot;,&quot;camera&quot;:&quot;&quot;,&quot;caption&quot;:&quot;&quot;,&quot;created_timestamp&quot;:&quot;0&quot;,&quot;copyright&quot;:&quot;&quot;,&quot;focal_length&quot;:&quot;0&quot;,&quot;iso&quot;:&quot;0&quot;,&quot;shutter_speed&quot;:&quot;0&quot;,&quot;title&quot;:&quot;&quot;,&quot;orientation&quot;:&quot;1&quot;}\" data-image-title=\"IMG_6939\" data-image-description=\"\" data-image-caption=\"\" data-large-file=\"https:\/\/www.cisa-arica.cl\/wp1\/wp-content\/uploads\/2023\/10\/IMG_6939-rotated.jpg\" role=\"button\" tabindex=\"0\" aria-label=\"Abrir la imagen 11 de 50 en pantalla completa\"srcset=\"https:\/\/i0.wp.com\/www.cisa-arica.cl\/wp1\/wp-content\/uploads\/2023\/10\/IMG_6939-rotated.jpg?strip=info&#038;w=240&#038;ssl=1 240w\" alt=\"\" data-height=\"320\" data-id=\"22639\" data-link=\"https:\/\/www.cisa-arica.cl\/wp1\/?attachment_id=22639\" data-url=\"https:\/\/www.cisa-arica.cl\/wp1\/wp-content\/uploads\/2023\/10\/IMG_6939-rotated.jpg\" data-width=\"240\" src=\"https:\/\/i0.wp.com\/www.cisa-arica.cl\/wp1\/wp-content\/uploads\/2023\/10\/IMG_6939-rotated.jpg?ssl=1\" data-amp-layout=\"responsive\"\/><\/figure><\/div><\/div><div class=\"tiled-gallery__row\"><div class=\"tiled-gallery__col\" style=\"flex-basis:25.00000%\"><figure class=\"tiled-gallery__item\"><img decoding=\"async\" data-attachment-id=\"22640\" data-permalink=\"https:\/\/www.cisa-arica.cl\/wp1\/2023\/10\/12\/misa-de-los-sextos-anos-basicos\/img_6942\/\" data-orig-file=\"https:\/\/www.cisa-arica.cl\/wp1\/wp-content\/uploads\/2023\/10\/IMG_6942-rotated.jpg\" data-orig-size=\"240,320\" data-comments-opened=\"0\" data-image-meta=\"{&quot;aperture&quot;:&quot;0&quot;,&quot;credit&quot;:&quot;&quot;,&quot;camera&quot;:&quot;&quot;,&quot;caption&quot;:&quot;&quot;,&quot;created_timestamp&quot;:&quot;0&quot;,&quot;copyright&quot;:&quot;&quot;,&quot;focal_length&quot;:&quot;0&quot;,&quot;iso&quot;:&quot;0&quot;,&quot;shutter_speed&quot;:&quot;0&quot;,&quot;title&quot;:&quot;&quot;,&quot;orientation&quot;:&quot;1&quot;}\" data-image-title=\"IMG_6942\" data-image-description=\"\" data-image-caption=\"\" data-large-file=\"https:\/\/www.cisa-arica.cl\/wp1\/wp-content\/uploads\/2023\/10\/IMG_6942-rotated.jpg\" data-attachment-id=\"22640\" data-permalink=\"https:\/\/www.cisa-arica.cl\/wp1\/2023\/10\/12\/misa-de-los-sextos-anos-basicos\/img_6942\/\" data-orig-file=\"https:\/\/www.cisa-arica.cl\/wp1\/wp-content\/uploads\/2023\/10\/IMG_6942-rotated.jpg\" data-orig-size=\"240,320\" data-comments-opened=\"0\" data-image-meta=\"{&quot;aperture&quot;:&quot;0&quot;,&quot;credit&quot;:&quot;&quot;,&quot;camera&quot;:&quot;&quot;,&quot;caption&quot;:&quot;&quot;,&quot;created_timestamp&quot;:&quot;0&quot;,&quot;copyright&quot;:&quot;&quot;,&quot;focal_length&quot;:&quot;0&quot;,&quot;iso&quot;:&quot;0&quot;,&quot;shutter_speed&quot;:&quot;0&quot;,&quot;title&quot;:&quot;&quot;,&quot;orientation&quot;:&quot;1&quot;}\" data-image-title=\"IMG_6942\" data-image-description=\"\" data-image-caption=\"\" data-large-file=\"https:\/\/www.cisa-arica.cl\/wp1\/wp-content\/uploads\/2023\/10\/IMG_6942-rotated.jpg\" role=\"button\" tabindex=\"0\" aria-label=\"Abrir la imagen 12 de 50 en pantalla completa\"srcset=\"https:\/\/i2.wp.com\/www.cisa-arica.cl\/wp1\/wp-content\/uploads\/2023\/10\/IMG_6942-rotated.jpg?strip=info&#038;w=240&#038;ssl=1 240w\" alt=\"\" data-height=\"320\" data-id=\"22640\" data-link=\"https:\/\/www.cisa-arica.cl\/wp1\/?attachment_id=22640\" data-url=\"https:\/\/www.cisa-arica.cl\/wp1\/wp-content\/uploads\/2023\/10\/IMG_6942-rotated.jpg\" data-width=\"240\" src=\"https:\/\/i2.wp.com\/www.cisa-arica.cl\/wp1\/wp-content\/uploads\/2023\/10\/IMG_6942-rotated.jpg?ssl=1\" data-amp-layout=\"responsive\"\/><\/figure><\/div><div class=\"tiled-gallery__col\" style=\"flex-basis:25.00000%\"><figure class=\"tiled-gallery__item\"><img decoding=\"async\" data-attachment-id=\"22641\" data-permalink=\"https:\/\/www.cisa-arica.cl\/wp1\/2023\/10\/12\/misa-de-los-sextos-anos-basicos\/img_6943\/\" data-orig-file=\"https:\/\/www.cisa-arica.cl\/wp1\/wp-content\/uploads\/2023\/10\/IMG_6943-rotated.jpg\" data-orig-size=\"240,320\" data-comments-opened=\"0\" data-image-meta=\"{&quot;aperture&quot;:&quot;0&quot;,&quot;credit&quot;:&quot;&quot;,&quot;camera&quot;:&quot;&quot;,&quot;caption&quot;:&quot;&quot;,&quot;created_timestamp&quot;:&quot;0&quot;,&quot;copyright&quot;:&quot;&quot;,&quot;focal_length&quot;:&quot;0&quot;,&quot;iso&quot;:&quot;0&quot;,&quot;shutter_speed&quot;:&quot;0&quot;,&quot;title&quot;:&quot;&quot;,&quot;orientation&quot;:&quot;1&quot;}\" data-image-title=\"IMG_6943\" data-image-description=\"\" data-image-caption=\"\" data-large-file=\"https:\/\/www.cisa-arica.cl\/wp1\/wp-content\/uploads\/2023\/10\/IMG_6943-rotated.jpg\" data-attachment-id=\"22641\" data-permalink=\"https:\/\/www.cisa-arica.cl\/wp1\/2023\/10\/12\/misa-de-los-sextos-anos-basicos\/img_6943\/\" data-orig-file=\"https:\/\/www.cisa-arica.cl\/wp1\/wp-content\/uploads\/2023\/10\/IMG_6943-rotated.jpg\" data-orig-size=\"240,320\" data-comments-opened=\"0\" data-image-meta=\"{&quot;aperture&quot;:&quot;0&quot;,&quot;credit&quot;:&quot;&quot;,&quot;camera&quot;:&quot;&quot;,&quot;caption&quot;:&quot;&quot;,&quot;created_timestamp&quot;:&quot;0&quot;,&quot;copyright&quot;:&quot;&quot;,&quot;focal_length&quot;:&quot;0&quot;,&quot;iso&quot;:&quot;0&quot;,&quot;shutter_speed&quot;:&quot;0&quot;,&quot;title&quot;:&quot;&quot;,&quot;orientation&quot;:&quot;1&quot;}\" data-image-title=\"IMG_6943\" data-image-description=\"\" data-image-caption=\"\" data-large-file=\"https:\/\/www.cisa-arica.cl\/wp1\/wp-content\/uploads\/2023\/10\/IMG_6943-rotated.jpg\" role=\"button\" tabindex=\"0\" aria-label=\"Abrir la imagen 13 de 50 en pantalla completa\"srcset=\"https:\/\/i2.wp.com\/www.cisa-arica.cl\/wp1\/wp-content\/uploads\/2023\/10\/IMG_6943-rotated.jpg?strip=info&#038;w=240&#038;ssl=1 240w\" alt=\"\" data-height=\"320\" data-id=\"22641\" data-link=\"https:\/\/www.cisa-arica.cl\/wp1\/?attachment_id=22641\" data-url=\"https:\/\/www.cisa-arica.cl\/wp1\/wp-content\/uploads\/2023\/10\/IMG_6943-rotated.jpg\" data-width=\"240\" src=\"https:\/\/i2.wp.com\/www.cisa-arica.cl\/wp1\/wp-content\/uploads\/2023\/10\/IMG_6943-rotated.jpg?ssl=1\" data-amp-layout=\"responsive\"\/><\/figure><\/div><div class=\"tiled-gallery__col\" style=\"flex-basis:25.00000%\"><figure class=\"tiled-gallery__item\"><img decoding=\"async\" data-attachment-id=\"22642\" data-permalink=\"https:\/\/www.cisa-arica.cl\/wp1\/2023\/10\/12\/misa-de-los-sextos-anos-basicos\/img_6944\/\" data-orig-file=\"https:\/\/www.cisa-arica.cl\/wp1\/wp-content\/uploads\/2023\/10\/IMG_6944-rotated.jpg\" data-orig-size=\"240,320\" data-comments-opened=\"0\" data-image-meta=\"{&quot;aperture&quot;:&quot;0&quot;,&quot;credit&quot;:&quot;&quot;,&quot;camera&quot;:&quot;&quot;,&quot;caption&quot;:&quot;&quot;,&quot;created_timestamp&quot;:&quot;0&quot;,&quot;copyright&quot;:&quot;&quot;,&quot;focal_length&quot;:&quot;0&quot;,&quot;iso&quot;:&quot;0&quot;,&quot;shutter_speed&quot;:&quot;0&quot;,&quot;title&quot;:&quot;&quot;,&quot;orientation&quot;:&quot;1&quot;}\" data-image-title=\"IMG_6944\" data-image-description=\"\" data-image-caption=\"\" data-large-file=\"https:\/\/www.cisa-arica.cl\/wp1\/wp-content\/uploads\/2023\/10\/IMG_6944-rotated.jpg\" data-attachment-id=\"22642\" data-permalink=\"https:\/\/www.cisa-arica.cl\/wp1\/2023\/10\/12\/misa-de-los-sextos-anos-basicos\/img_6944\/\" data-orig-file=\"https:\/\/www.cisa-arica.cl\/wp1\/wp-content\/uploads\/2023\/10\/IMG_6944-rotated.jpg\" data-orig-size=\"240,320\" data-comments-opened=\"0\" data-image-meta=\"{&quot;aperture&quot;:&quot;0&quot;,&quot;credit&quot;:&quot;&quot;,&quot;camera&quot;:&quot;&quot;,&quot;caption&quot;:&quot;&quot;,&quot;created_timestamp&quot;:&quot;0&quot;,&quot;copyright&quot;:&quot;&quot;,&quot;focal_length&quot;:&quot;0&quot;,&quot;iso&quot;:&quot;0&quot;,&quot;shutter_speed&quot;:&quot;0&quot;,&quot;title&quot;:&quot;&quot;,&quot;orientation&quot;:&quot;1&quot;}\" data-image-title=\"IMG_6944\" data-image-description=\"\" data-image-caption=\"\" data-large-file=\"https:\/\/www.cisa-arica.cl\/wp1\/wp-content\/uploads\/2023\/10\/IMG_6944-rotated.jpg\" role=\"button\" tabindex=\"0\" aria-label=\"Abrir la imagen 14 de 50 en pantalla completa\"srcset=\"https:\/\/i1.wp.com\/www.cisa-arica.cl\/wp1\/wp-content\/uploads\/2023\/10\/IMG_6944-rotated.jpg?strip=info&#038;w=240&#038;ssl=1 240w\" alt=\"\" data-height=\"320\" data-id=\"22642\" data-link=\"https:\/\/www.cisa-arica.cl\/wp1\/?attachment_id=22642\" data-url=\"https:\/\/www.cisa-arica.cl\/wp1\/wp-content\/uploads\/2023\/10\/IMG_6944-rotated.jpg\" data-width=\"240\" src=\"https:\/\/i1.wp.com\/www.cisa-arica.cl\/wp1\/wp-content\/uploads\/2023\/10\/IMG_6944-rotated.jpg?ssl=1\" data-amp-layout=\"responsive\"\/><\/figure><\/div><div class=\"tiled-gallery__col\" style=\"flex-basis:25.00000%\"><figure class=\"tiled-gallery__item\"><img decoding=\"async\" data-attachment-id=\"22643\" data-permalink=\"https:\/\/www.cisa-arica.cl\/wp1\/2023\/10\/12\/misa-de-los-sextos-anos-basicos\/img_6946\/\" data-orig-file=\"https:\/\/www.cisa-arica.cl\/wp1\/wp-content\/uploads\/2023\/10\/IMG_6946-rotated.jpg\" data-orig-size=\"240,320\" data-comments-opened=\"0\" data-image-meta=\"{&quot;aperture&quot;:&quot;0&quot;,&quot;credit&quot;:&quot;&quot;,&quot;camera&quot;:&quot;&quot;,&quot;caption&quot;:&quot;&quot;,&quot;created_timestamp&quot;:&quot;0&quot;,&quot;copyright&quot;:&quot;&quot;,&quot;focal_length&quot;:&quot;0&quot;,&quot;iso&quot;:&quot;0&quot;,&quot;shutter_speed&quot;:&quot;0&quot;,&quot;title&quot;:&quot;&quot;,&quot;orientation&quot;:&quot;1&quot;}\" data-image-title=\"IMG_6946\" data-image-description=\"\" data-image-caption=\"\" data-large-file=\"https:\/\/www.cisa-arica.cl\/wp1\/wp-content\/uploads\/2023\/10\/IMG_6946-rotated.jpg\" data-attachment-id=\"22643\" data-permalink=\"https:\/\/www.cisa-arica.cl\/wp1\/2023\/10\/12\/misa-de-los-sextos-anos-basicos\/img_6946\/\" data-orig-file=\"https:\/\/www.cisa-arica.cl\/wp1\/wp-content\/uploads\/2023\/10\/IMG_6946-rotated.jpg\" data-orig-size=\"240,320\" data-comments-opened=\"0\" data-image-meta=\"{&quot;aperture&quot;:&quot;0&quot;,&quot;credit&quot;:&quot;&quot;,&quot;camera&quot;:&quot;&quot;,&quot;caption&quot;:&quot;&quot;,&quot;created_timestamp&quot;:&quot;0&quot;,&quot;copyright&quot;:&quot;&quot;,&quot;focal_length&quot;:&quot;0&quot;,&quot;iso&quot;:&quot;0&quot;,&quot;shutter_speed&quot;:&quot;0&quot;,&quot;title&quot;:&quot;&quot;,&quot;orientation&quot;:&quot;1&quot;}\" data-image-title=\"IMG_6946\" data-image-description=\"\" data-image-caption=\"\" data-large-file=\"https:\/\/www.cisa-arica.cl\/wp1\/wp-content\/uploads\/2023\/10\/IMG_6946-rotated.jpg\" role=\"button\" tabindex=\"0\" aria-label=\"Abrir la imagen 15 de 50 en pantalla completa\"srcset=\"https:\/\/i1.wp.com\/www.cisa-arica.cl\/wp1\/wp-content\/uploads\/2023\/10\/IMG_6946-rotated.jpg?strip=info&#038;w=240&#038;ssl=1 240w\" alt=\"\" data-height=\"320\" data-id=\"22643\" data-link=\"https:\/\/www.cisa-arica.cl\/wp1\/?attachment_id=22643\" data-url=\"https:\/\/www.cisa-arica.cl\/wp1\/wp-content\/uploads\/2023\/10\/IMG_6946-rotated.jpg\" data-width=\"240\" src=\"https:\/\/i1.wp.com\/www.cisa-arica.cl\/wp1\/wp-content\/uploads\/2023\/10\/IMG_6946-rotated.jpg?ssl=1\" data-amp-layout=\"responsive\"\/><\/figure><\/div><\/div><div class=\"tiled-gallery__row\"><div class=\"tiled-gallery__col\" style=\"flex-basis:36.02586%\"><figure class=\"tiled-gallery__item\"><img decoding=\"async\" data-attachment-id=\"22644\" data-permalink=\"https:\/\/www.cisa-arica.cl\/wp1\/2023\/10\/12\/misa-de-los-sextos-anos-basicos\/img_6947\/\" data-orig-file=\"https:\/\/www.cisa-arica.cl\/wp1\/wp-content\/uploads\/2023\/10\/IMG_6947-rotated.jpg\" data-orig-size=\"240,320\" data-comments-opened=\"0\" data-image-meta=\"{&quot;aperture&quot;:&quot;0&quot;,&quot;credit&quot;:&quot;&quot;,&quot;camera&quot;:&quot;&quot;,&quot;caption&quot;:&quot;&quot;,&quot;created_timestamp&quot;:&quot;0&quot;,&quot;copyright&quot;:&quot;&quot;,&quot;focal_length&quot;:&quot;0&quot;,&quot;iso&quot;:&quot;0&quot;,&quot;shutter_speed&quot;:&quot;0&quot;,&quot;title&quot;:&quot;&quot;,&quot;orientation&quot;:&quot;1&quot;}\" data-image-title=\"IMG_6947\" data-image-description=\"\" data-image-caption=\"\" data-large-file=\"https:\/\/www.cisa-arica.cl\/wp1\/wp-content\/uploads\/2023\/10\/IMG_6947-rotated.jpg\" data-attachment-id=\"22644\" data-permalink=\"https:\/\/www.cisa-arica.cl\/wp1\/2023\/10\/12\/misa-de-los-sextos-anos-basicos\/img_6947\/\" data-orig-file=\"https:\/\/www.cisa-arica.cl\/wp1\/wp-content\/uploads\/2023\/10\/IMG_6947-rotated.jpg\" data-orig-size=\"240,320\" data-comments-opened=\"0\" data-image-meta=\"{&quot;aperture&quot;:&quot;0&quot;,&quot;credit&quot;:&quot;&quot;,&quot;camera&quot;:&quot;&quot;,&quot;caption&quot;:&quot;&quot;,&quot;created_timestamp&quot;:&quot;0&quot;,&quot;copyright&quot;:&quot;&quot;,&quot;focal_length&quot;:&quot;0&quot;,&quot;iso&quot;:&quot;0&quot;,&quot;shutter_speed&quot;:&quot;0&quot;,&quot;title&quot;:&quot;&quot;,&quot;orientation&quot;:&quot;1&quot;}\" data-image-title=\"IMG_6947\" data-image-description=\"\" data-image-caption=\"\" data-large-file=\"https:\/\/www.cisa-arica.cl\/wp1\/wp-content\/uploads\/2023\/10\/IMG_6947-rotated.jpg\" role=\"button\" tabindex=\"0\" aria-label=\"Abrir la imagen 16 de 50 en pantalla completa\"srcset=\"https:\/\/i2.wp.com\/www.cisa-arica.cl\/wp1\/wp-content\/uploads\/2023\/10\/IMG_6947-rotated.jpg?strip=info&#038;w=240&#038;ssl=1 240w\" alt=\"\" data-height=\"320\" data-id=\"22644\" data-link=\"https:\/\/www.cisa-arica.cl\/wp1\/?attachment_id=22644\" data-url=\"https:\/\/www.cisa-arica.cl\/wp1\/wp-content\/uploads\/2023\/10\/IMG_6947-rotated.jpg\" data-width=\"240\" src=\"https:\/\/i2.wp.com\/www.cisa-arica.cl\/wp1\/wp-content\/uploads\/2023\/10\/IMG_6947-rotated.jpg?ssl=1\" data-amp-layout=\"responsive\"\/><\/figure><\/div><div class=\"tiled-gallery__col\" style=\"flex-basis:63.97414%\"><figure class=\"tiled-gallery__item\"><img decoding=\"async\" data-attachment-id=\"22646\" data-permalink=\"https:\/\/www.cisa-arica.cl\/wp1\/2023\/10\/12\/misa-de-los-sextos-anos-basicos\/img_6949\/\" data-orig-file=\"https:\/\/www.cisa-arica.cl\/wp1\/wp-content\/uploads\/2023\/10\/IMG_6949.jpg\" data-orig-size=\"320,240\" data-comments-opened=\"0\" data-image-meta=\"{&quot;aperture&quot;:&quot;0&quot;,&quot;credit&quot;:&quot;&quot;,&quot;camera&quot;:&quot;&quot;,&quot;caption&quot;:&quot;&quot;,&quot;created_timestamp&quot;:&quot;0&quot;,&quot;copyright&quot;:&quot;&quot;,&quot;focal_length&quot;:&quot;0&quot;,&quot;iso&quot;:&quot;0&quot;,&quot;shutter_speed&quot;:&quot;0&quot;,&quot;title&quot;:&quot;&quot;,&quot;orientation&quot;:&quot;1&quot;}\" data-image-title=\"IMG_6949\" data-image-description=\"\" data-image-caption=\"\" data-large-file=\"https:\/\/www.cisa-arica.cl\/wp1\/wp-content\/uploads\/2023\/10\/IMG_6949.jpg\" data-attachment-id=\"22646\" data-permalink=\"https:\/\/www.cisa-arica.cl\/wp1\/2023\/10\/12\/misa-de-los-sextos-anos-basicos\/img_6949\/\" data-orig-file=\"https:\/\/www.cisa-arica.cl\/wp1\/wp-content\/uploads\/2023\/10\/IMG_6949.jpg\" data-orig-size=\"320,240\" data-comments-opened=\"0\" data-image-meta=\"{&quot;aperture&quot;:&quot;0&quot;,&quot;credit&quot;:&quot;&quot;,&quot;camera&quot;:&quot;&quot;,&quot;caption&quot;:&quot;&quot;,&quot;created_timestamp&quot;:&quot;0&quot;,&quot;copyright&quot;:&quot;&quot;,&quot;focal_length&quot;:&quot;0&quot;,&quot;iso&quot;:&quot;0&quot;,&quot;shutter_speed&quot;:&quot;0&quot;,&quot;title&quot;:&quot;&quot;,&quot;orientation&quot;:&quot;1&quot;}\" data-image-title=\"IMG_6949\" data-image-description=\"\" data-image-caption=\"\" data-large-file=\"https:\/\/www.cisa-arica.cl\/wp1\/wp-content\/uploads\/2023\/10\/IMG_6949.jpg\" role=\"button\" tabindex=\"0\" aria-label=\"Abrir la imagen 17 de 50 en pantalla completa\"srcset=\"https:\/\/i1.wp.com\/www.cisa-arica.cl\/wp1\/wp-content\/uploads\/2023\/10\/IMG_6949.jpg?strip=info&#038;w=320&#038;ssl=1 320w\" alt=\"\" data-height=\"240\" data-id=\"22646\" data-link=\"https:\/\/www.cisa-arica.cl\/wp1\/?attachment_id=22646\" data-url=\"https:\/\/www.cisa-arica.cl\/wp1\/wp-content\/uploads\/2023\/10\/IMG_6949.jpg\" data-width=\"320\" src=\"https:\/\/i1.wp.com\/www.cisa-arica.cl\/wp1\/wp-content\/uploads\/2023\/10\/IMG_6949.jpg?ssl=1\" data-amp-layout=\"responsive\"\/><\/figure><\/div><\/div><div class=\"tiled-gallery__row\"><div class=\"tiled-gallery__col\" style=\"flex-basis:25.00000%\"><figure class=\"tiled-gallery__item\"><img decoding=\"async\" data-attachment-id=\"22647\" data-permalink=\"https:\/\/www.cisa-arica.cl\/wp1\/2023\/10\/12\/misa-de-los-sextos-anos-basicos\/img_6950\/\" data-orig-file=\"https:\/\/www.cisa-arica.cl\/wp1\/wp-content\/uploads\/2023\/10\/IMG_6950-rotated.jpg\" data-orig-size=\"240,320\" data-comments-opened=\"0\" data-image-meta=\"{&quot;aperture&quot;:&quot;0&quot;,&quot;credit&quot;:&quot;&quot;,&quot;camera&quot;:&quot;&quot;,&quot;caption&quot;:&quot;&quot;,&quot;created_timestamp&quot;:&quot;0&quot;,&quot;copyright&quot;:&quot;&quot;,&quot;focal_length&quot;:&quot;0&quot;,&quot;iso&quot;:&quot;0&quot;,&quot;shutter_speed&quot;:&quot;0&quot;,&quot;title&quot;:&quot;&quot;,&quot;orientation&quot;:&quot;1&quot;}\" data-image-title=\"IMG_6950\" data-image-description=\"\" data-image-caption=\"\" data-large-file=\"https:\/\/www.cisa-arica.cl\/wp1\/wp-content\/uploads\/2023\/10\/IMG_6950-rotated.jpg\" data-attachment-id=\"22647\" data-permalink=\"https:\/\/www.cisa-arica.cl\/wp1\/2023\/10\/12\/misa-de-los-sextos-anos-basicos\/img_6950\/\" data-orig-file=\"https:\/\/www.cisa-arica.cl\/wp1\/wp-content\/uploads\/2023\/10\/IMG_6950-rotated.jpg\" data-orig-size=\"240,320\" data-comments-opened=\"0\" data-image-meta=\"{&quot;aperture&quot;:&quot;0&quot;,&quot;credit&quot;:&quot;&quot;,&quot;camera&quot;:&quot;&quot;,&quot;caption&quot;:&quot;&quot;,&quot;created_timestamp&quot;:&quot;0&quot;,&quot;copyright&quot;:&quot;&quot;,&quot;focal_length&quot;:&quot;0&quot;,&quot;iso&quot;:&quot;0&quot;,&quot;shutter_speed&quot;:&quot;0&quot;,&quot;title&quot;:&quot;&quot;,&quot;orientation&quot;:&quot;1&quot;}\" data-image-title=\"IMG_6950\" data-image-description=\"\" data-image-caption=\"\" data-large-file=\"https:\/\/www.cisa-arica.cl\/wp1\/wp-content\/uploads\/2023\/10\/IMG_6950-rotated.jpg\" role=\"button\" tabindex=\"0\" aria-label=\"Abrir la imagen 18 de 50 en pantalla completa\"srcset=\"https:\/\/i1.wp.com\/www.cisa-arica.cl\/wp1\/wp-content\/uploads\/2023\/10\/IMG_6950-rotated.jpg?strip=info&#038;w=240&#038;ssl=1 240w\" alt=\"\" data-height=\"320\" data-id=\"22647\" data-link=\"https:\/\/www.cisa-arica.cl\/wp1\/?attachment_id=22647\" data-url=\"https:\/\/www.cisa-arica.cl\/wp1\/wp-content\/uploads\/2023\/10\/IMG_6950-rotated.jpg\" data-width=\"240\" src=\"https:\/\/i1.wp.com\/www.cisa-arica.cl\/wp1\/wp-content\/uploads\/2023\/10\/IMG_6950-rotated.jpg?ssl=1\" data-amp-layout=\"responsive\"\/><\/figure><\/div><div class=\"tiled-gallery__col\" style=\"flex-basis:25.00000%\"><figure class=\"tiled-gallery__item\"><img decoding=\"async\" data-attachment-id=\"22648\" data-permalink=\"https:\/\/www.cisa-arica.cl\/wp1\/2023\/10\/12\/misa-de-los-sextos-anos-basicos\/img_6951\/\" data-orig-file=\"https:\/\/www.cisa-arica.cl\/wp1\/wp-content\/uploads\/2023\/10\/IMG_6951-rotated.jpg\" data-orig-size=\"240,320\" data-comments-opened=\"0\" data-image-meta=\"{&quot;aperture&quot;:&quot;0&quot;,&quot;credit&quot;:&quot;&quot;,&quot;camera&quot;:&quot;&quot;,&quot;caption&quot;:&quot;&quot;,&quot;created_timestamp&quot;:&quot;0&quot;,&quot;copyright&quot;:&quot;&quot;,&quot;focal_length&quot;:&quot;0&quot;,&quot;iso&quot;:&quot;0&quot;,&quot;shutter_speed&quot;:&quot;0&quot;,&quot;title&quot;:&quot;&quot;,&quot;orientation&quot;:&quot;1&quot;}\" data-image-title=\"IMG_6951\" data-image-description=\"\" data-image-caption=\"\" data-large-file=\"https:\/\/www.cisa-arica.cl\/wp1\/wp-content\/uploads\/2023\/10\/IMG_6951-rotated.jpg\" data-attachment-id=\"22648\" data-permalink=\"https:\/\/www.cisa-arica.cl\/wp1\/2023\/10\/12\/misa-de-los-sextos-anos-basicos\/img_6951\/\" data-orig-file=\"https:\/\/www.cisa-arica.cl\/wp1\/wp-content\/uploads\/2023\/10\/IMG_6951-rotated.jpg\" data-orig-size=\"240,320\" data-comments-opened=\"0\" data-image-meta=\"{&quot;aperture&quot;:&quot;0&quot;,&quot;credit&quot;:&quot;&quot;,&quot;camera&quot;:&quot;&quot;,&quot;caption&quot;:&quot;&quot;,&quot;created_timestamp&quot;:&quot;0&quot;,&quot;copyright&quot;:&quot;&quot;,&quot;focal_length&quot;:&quot;0&quot;,&quot;iso&quot;:&quot;0&quot;,&quot;shutter_speed&quot;:&quot;0&quot;,&quot;title&quot;:&quot;&quot;,&quot;orientation&quot;:&quot;1&quot;}\" data-image-title=\"IMG_6951\" data-image-description=\"\" data-image-caption=\"\" data-large-file=\"https:\/\/www.cisa-arica.cl\/wp1\/wp-content\/uploads\/2023\/10\/IMG_6951-rotated.jpg\" role=\"button\" tabindex=\"0\" aria-label=\"Abrir la imagen 19 de 50 en pantalla completa\"srcset=\"https:\/\/i1.wp.com\/www.cisa-arica.cl\/wp1\/wp-content\/uploads\/2023\/10\/IMG_6951-rotated.jpg?strip=info&#038;w=240&#038;ssl=1 240w\" alt=\"\" data-height=\"320\" data-id=\"22648\" data-link=\"https:\/\/www.cisa-arica.cl\/wp1\/?attachment_id=22648\" data-url=\"https:\/\/www.cisa-arica.cl\/wp1\/wp-content\/uploads\/2023\/10\/IMG_6951-rotated.jpg\" data-width=\"240\" src=\"https:\/\/i1.wp.com\/www.cisa-arica.cl\/wp1\/wp-content\/uploads\/2023\/10\/IMG_6951-rotated.jpg?ssl=1\" data-amp-layout=\"responsive\"\/><\/figure><\/div><div class=\"tiled-gallery__col\" style=\"flex-basis:25.00000%\"><figure class=\"tiled-gallery__item\"><img decoding=\"async\" data-attachment-id=\"22649\" data-permalink=\"https:\/\/www.cisa-arica.cl\/wp1\/2023\/10\/12\/misa-de-los-sextos-anos-basicos\/img_6952\/\" data-orig-file=\"https:\/\/www.cisa-arica.cl\/wp1\/wp-content\/uploads\/2023\/10\/IMG_6952-rotated.jpg\" data-orig-size=\"240,320\" data-comments-opened=\"0\" data-image-meta=\"{&quot;aperture&quot;:&quot;0&quot;,&quot;credit&quot;:&quot;&quot;,&quot;camera&quot;:&quot;&quot;,&quot;caption&quot;:&quot;&quot;,&quot;created_timestamp&quot;:&quot;0&quot;,&quot;copyright&quot;:&quot;&quot;,&quot;focal_length&quot;:&quot;0&quot;,&quot;iso&quot;:&quot;0&quot;,&quot;shutter_speed&quot;:&quot;0&quot;,&quot;title&quot;:&quot;&quot;,&quot;orientation&quot;:&quot;1&quot;}\" data-image-title=\"IMG_6952\" data-image-description=\"\" data-image-caption=\"\" data-large-file=\"https:\/\/www.cisa-arica.cl\/wp1\/wp-content\/uploads\/2023\/10\/IMG_6952-rotated.jpg\" data-attachment-id=\"22649\" data-permalink=\"https:\/\/www.cisa-arica.cl\/wp1\/2023\/10\/12\/misa-de-los-sextos-anos-basicos\/img_6952\/\" data-orig-file=\"https:\/\/www.cisa-arica.cl\/wp1\/wp-content\/uploads\/2023\/10\/IMG_6952-rotated.jpg\" data-orig-size=\"240,320\" data-comments-opened=\"0\" data-image-meta=\"{&quot;aperture&quot;:&quot;0&quot;,&quot;credit&quot;:&quot;&quot;,&quot;camera&quot;:&quot;&quot;,&quot;caption&quot;:&quot;&quot;,&quot;created_timestamp&quot;:&quot;0&quot;,&quot;copyright&quot;:&quot;&quot;,&quot;focal_length&quot;:&quot;0&quot;,&quot;iso&quot;:&quot;0&quot;,&quot;shutter_speed&quot;:&quot;0&quot;,&quot;title&quot;:&quot;&quot;,&quot;orientation&quot;:&quot;1&quot;}\" data-image-title=\"IMG_6952\" data-image-description=\"\" data-image-caption=\"\" data-large-file=\"https:\/\/www.cisa-arica.cl\/wp1\/wp-content\/uploads\/2023\/10\/IMG_6952-rotated.jpg\" role=\"button\" tabindex=\"0\" aria-label=\"Abrir la imagen 20 de 50 en pantalla completa\"srcset=\"https:\/\/i2.wp.com\/www.cisa-arica.cl\/wp1\/wp-content\/uploads\/2023\/10\/IMG_6952-rotated.jpg?strip=info&#038;w=240&#038;ssl=1 240w\" alt=\"\" data-height=\"320\" data-id=\"22649\" data-link=\"https:\/\/www.cisa-arica.cl\/wp1\/?attachment_id=22649\" data-url=\"https:\/\/www.cisa-arica.cl\/wp1\/wp-content\/uploads\/2023\/10\/IMG_6952-rotated.jpg\" data-width=\"240\" src=\"https:\/\/i2.wp.com\/www.cisa-arica.cl\/wp1\/wp-content\/uploads\/2023\/10\/IMG_6952-rotated.jpg?ssl=1\" data-amp-layout=\"responsive\"\/><\/figure><\/div><div class=\"tiled-gallery__col\" style=\"flex-basis:25.00000%\"><figure class=\"tiled-gallery__item\"><img decoding=\"async\" data-attachment-id=\"22650\" data-permalink=\"https:\/\/www.cisa-arica.cl\/wp1\/2023\/10\/12\/misa-de-los-sextos-anos-basicos\/img_6953\/\" data-orig-file=\"https:\/\/www.cisa-arica.cl\/wp1\/wp-content\/uploads\/2023\/10\/IMG_6953-rotated.jpg\" data-orig-size=\"240,320\" data-comments-opened=\"0\" data-image-meta=\"{&quot;aperture&quot;:&quot;0&quot;,&quot;credit&quot;:&quot;&quot;,&quot;camera&quot;:&quot;&quot;,&quot;caption&quot;:&quot;&quot;,&quot;created_timestamp&quot;:&quot;0&quot;,&quot;copyright&quot;:&quot;&quot;,&quot;focal_length&quot;:&quot;0&quot;,&quot;iso&quot;:&quot;0&quot;,&quot;shutter_speed&quot;:&quot;0&quot;,&quot;title&quot;:&quot;&quot;,&quot;orientation&quot;:&quot;1&quot;}\" data-image-title=\"IMG_6953\" data-image-description=\"\" data-image-caption=\"\" data-large-file=\"https:\/\/www.cisa-arica.cl\/wp1\/wp-content\/uploads\/2023\/10\/IMG_6953-rotated.jpg\" data-attachment-id=\"22650\" data-permalink=\"https:\/\/www.cisa-arica.cl\/wp1\/2023\/10\/12\/misa-de-los-sextos-anos-basicos\/img_6953\/\" data-orig-file=\"https:\/\/www.cisa-arica.cl\/wp1\/wp-content\/uploads\/2023\/10\/IMG_6953-rotated.jpg\" data-orig-size=\"240,320\" data-comments-opened=\"0\" data-image-meta=\"{&quot;aperture&quot;:&quot;0&quot;,&quot;credit&quot;:&quot;&quot;,&quot;camera&quot;:&quot;&quot;,&quot;caption&quot;:&quot;&quot;,&quot;created_timestamp&quot;:&quot;0&quot;,&quot;copyright&quot;:&quot;&quot;,&quot;focal_length&quot;:&quot;0&quot;,&quot;iso&quot;:&quot;0&quot;,&quot;shutter_speed&quot;:&quot;0&quot;,&quot;title&quot;:&quot;&quot;,&quot;orientation&quot;:&quot;1&quot;}\" data-image-title=\"IMG_6953\" data-image-description=\"\" data-image-caption=\"\" data-large-file=\"https:\/\/www.cisa-arica.cl\/wp1\/wp-content\/uploads\/2023\/10\/IMG_6953-rotated.jpg\" role=\"button\" tabindex=\"0\" aria-label=\"Abrir la imagen 21 de 50 en pantalla completa\"srcset=\"https:\/\/i1.wp.com\/www.cisa-arica.cl\/wp1\/wp-content\/uploads\/2023\/10\/IMG_6953-rotated.jpg?strip=info&#038;w=240&#038;ssl=1 240w\" alt=\"\" data-height=\"320\" data-id=\"22650\" data-link=\"https:\/\/www.cisa-arica.cl\/wp1\/?attachment_id=22650\" data-url=\"https:\/\/www.cisa-arica.cl\/wp1\/wp-content\/uploads\/2023\/10\/IMG_6953-rotated.jpg\" data-width=\"240\" src=\"https:\/\/i1.wp.com\/www.cisa-arica.cl\/wp1\/wp-content\/uploads\/2023\/10\/IMG_6953-rotated.jpg?ssl=1\" data-amp-layout=\"responsive\"\/><\/figure><\/div><\/div><div class=\"tiled-gallery__row\"><div class=\"tiled-gallery__col\" style=\"flex-basis:33.33333%\"><figure class=\"tiled-gallery__item\"><img decoding=\"async\" data-attachment-id=\"22651\" data-permalink=\"https:\/\/www.cisa-arica.cl\/wp1\/2023\/10\/12\/misa-de-los-sextos-anos-basicos\/img_6954\/\" data-orig-file=\"https:\/\/www.cisa-arica.cl\/wp1\/wp-content\/uploads\/2023\/10\/IMG_6954-rotated.jpg\" data-orig-size=\"240,320\" data-comments-opened=\"0\" data-image-meta=\"{&quot;aperture&quot;:&quot;0&quot;,&quot;credit&quot;:&quot;&quot;,&quot;camera&quot;:&quot;&quot;,&quot;caption&quot;:&quot;&quot;,&quot;created_timestamp&quot;:&quot;0&quot;,&quot;copyright&quot;:&quot;&quot;,&quot;focal_length&quot;:&quot;0&quot;,&quot;iso&quot;:&quot;0&quot;,&quot;shutter_speed&quot;:&quot;0&quot;,&quot;title&quot;:&quot;&quot;,&quot;orientation&quot;:&quot;1&quot;}\" data-image-title=\"IMG_6954\" data-image-description=\"\" data-image-caption=\"\" data-large-file=\"https:\/\/www.cisa-arica.cl\/wp1\/wp-content\/uploads\/2023\/10\/IMG_6954-rotated.jpg\" data-attachment-id=\"22651\" data-permalink=\"https:\/\/www.cisa-arica.cl\/wp1\/2023\/10\/12\/misa-de-los-sextos-anos-basicos\/img_6954\/\" data-orig-file=\"https:\/\/www.cisa-arica.cl\/wp1\/wp-content\/uploads\/2023\/10\/IMG_6954-rotated.jpg\" data-orig-size=\"240,320\" data-comments-opened=\"0\" data-image-meta=\"{&quot;aperture&quot;:&quot;0&quot;,&quot;credit&quot;:&quot;&quot;,&quot;camera&quot;:&quot;&quot;,&quot;caption&quot;:&quot;&quot;,&quot;created_timestamp&quot;:&quot;0&quot;,&quot;copyright&quot;:&quot;&quot;,&quot;focal_length&quot;:&quot;0&quot;,&quot;iso&quot;:&quot;0&quot;,&quot;shutter_speed&quot;:&quot;0&quot;,&quot;title&quot;:&quot;&quot;,&quot;orientation&quot;:&quot;1&quot;}\" data-image-title=\"IMG_6954\" data-image-description=\"\" data-image-caption=\"\" data-large-file=\"https:\/\/www.cisa-arica.cl\/wp1\/wp-content\/uploads\/2023\/10\/IMG_6954-rotated.jpg\" role=\"button\" tabindex=\"0\" aria-label=\"Abrir la imagen 22 de 50 en pantalla completa\"srcset=\"https:\/\/i1.wp.com\/www.cisa-arica.cl\/wp1\/wp-content\/uploads\/2023\/10\/IMG_6954-rotated.jpg?strip=info&#038;w=240&#038;ssl=1 240w\" alt=\"\" data-height=\"320\" data-id=\"22651\" data-link=\"https:\/\/www.cisa-arica.cl\/wp1\/?attachment_id=22651\" data-url=\"https:\/\/www.cisa-arica.cl\/wp1\/wp-content\/uploads\/2023\/10\/IMG_6954-rotated.jpg\" data-width=\"240\" src=\"https:\/\/i1.wp.com\/www.cisa-arica.cl\/wp1\/wp-content\/uploads\/2023\/10\/IMG_6954-rotated.jpg?ssl=1\" data-amp-layout=\"responsive\"\/><\/figure><\/div><div class=\"tiled-gallery__col\" style=\"flex-basis:33.33333%\"><figure class=\"tiled-gallery__item\"><img decoding=\"async\" data-attachment-id=\"22652\" data-permalink=\"https:\/\/www.cisa-arica.cl\/wp1\/2023\/10\/12\/misa-de-los-sextos-anos-basicos\/img_6955\/\" data-orig-file=\"https:\/\/www.cisa-arica.cl\/wp1\/wp-content\/uploads\/2023\/10\/IMG_6955-rotated.jpg\" data-orig-size=\"240,320\" data-comments-opened=\"0\" data-image-meta=\"{&quot;aperture&quot;:&quot;0&quot;,&quot;credit&quot;:&quot;&quot;,&quot;camera&quot;:&quot;&quot;,&quot;caption&quot;:&quot;&quot;,&quot;created_timestamp&quot;:&quot;0&quot;,&quot;copyright&quot;:&quot;&quot;,&quot;focal_length&quot;:&quot;0&quot;,&quot;iso&quot;:&quot;0&quot;,&quot;shutter_speed&quot;:&quot;0&quot;,&quot;title&quot;:&quot;&quot;,&quot;orientation&quot;:&quot;1&quot;}\" data-image-title=\"IMG_6955\" data-image-description=\"\" data-image-caption=\"\" data-large-file=\"https:\/\/www.cisa-arica.cl\/wp1\/wp-content\/uploads\/2023\/10\/IMG_6955-rotated.jpg\" data-attachment-id=\"22652\" data-permalink=\"https:\/\/www.cisa-arica.cl\/wp1\/2023\/10\/12\/misa-de-los-sextos-anos-basicos\/img_6955\/\" data-orig-file=\"https:\/\/www.cisa-arica.cl\/wp1\/wp-content\/uploads\/2023\/10\/IMG_6955-rotated.jpg\" data-orig-size=\"240,320\" data-comments-opened=\"0\" data-image-meta=\"{&quot;aperture&quot;:&quot;0&quot;,&quot;credit&quot;:&quot;&quot;,&quot;camera&quot;:&quot;&quot;,&quot;caption&quot;:&quot;&quot;,&quot;created_timestamp&quot;:&quot;0&quot;,&quot;copyright&quot;:&quot;&quot;,&quot;focal_length&quot;:&quot;0&quot;,&quot;iso&quot;:&quot;0&quot;,&quot;shutter_speed&quot;:&quot;0&quot;,&quot;title&quot;:&quot;&quot;,&quot;orientation&quot;:&quot;1&quot;}\" data-image-title=\"IMG_6955\" data-image-description=\"\" data-image-caption=\"\" data-large-file=\"https:\/\/www.cisa-arica.cl\/wp1\/wp-content\/uploads\/2023\/10\/IMG_6955-rotated.jpg\" role=\"button\" tabindex=\"0\" aria-label=\"Abrir la imagen 23 de 50 en pantalla completa\"srcset=\"https:\/\/i2.wp.com\/www.cisa-arica.cl\/wp1\/wp-content\/uploads\/2023\/10\/IMG_6955-rotated.jpg?strip=info&#038;w=240&#038;ssl=1 240w\" alt=\"\" data-height=\"320\" data-id=\"22652\" data-link=\"https:\/\/www.cisa-arica.cl\/wp1\/?attachment_id=22652\" data-url=\"https:\/\/www.cisa-arica.cl\/wp1\/wp-content\/uploads\/2023\/10\/IMG_6955-rotated.jpg\" data-width=\"240\" src=\"https:\/\/i2.wp.com\/www.cisa-arica.cl\/wp1\/wp-content\/uploads\/2023\/10\/IMG_6955-rotated.jpg?ssl=1\" data-amp-layout=\"responsive\"\/><\/figure><\/div><div class=\"tiled-gallery__col\" style=\"flex-basis:33.33333%\"><figure class=\"tiled-gallery__item\"><img decoding=\"async\" data-attachment-id=\"22653\" data-permalink=\"https:\/\/www.cisa-arica.cl\/wp1\/2023\/10\/12\/misa-de-los-sextos-anos-basicos\/img_6956\/\" data-orig-file=\"https:\/\/www.cisa-arica.cl\/wp1\/wp-content\/uploads\/2023\/10\/IMG_6956-rotated.jpg\" data-orig-size=\"240,320\" data-comments-opened=\"0\" data-image-meta=\"{&quot;aperture&quot;:&quot;0&quot;,&quot;credit&quot;:&quot;&quot;,&quot;camera&quot;:&quot;&quot;,&quot;caption&quot;:&quot;&quot;,&quot;created_timestamp&quot;:&quot;0&quot;,&quot;copyright&quot;:&quot;&quot;,&quot;focal_length&quot;:&quot;0&quot;,&quot;iso&quot;:&quot;0&quot;,&quot;shutter_speed&quot;:&quot;0&quot;,&quot;title&quot;:&quot;&quot;,&quot;orientation&quot;:&quot;1&quot;}\" data-image-title=\"IMG_6956\" data-image-description=\"\" data-image-caption=\"\" data-large-file=\"https:\/\/www.cisa-arica.cl\/wp1\/wp-content\/uploads\/2023\/10\/IMG_6956-rotated.jpg\" data-attachment-id=\"22653\" data-permalink=\"https:\/\/www.cisa-arica.cl\/wp1\/2023\/10\/12\/misa-de-los-sextos-anos-basicos\/img_6956\/\" data-orig-file=\"https:\/\/www.cisa-arica.cl\/wp1\/wp-content\/uploads\/2023\/10\/IMG_6956-rotated.jpg\" data-orig-size=\"240,320\" data-comments-opened=\"0\" data-image-meta=\"{&quot;aperture&quot;:&quot;0&quot;,&quot;credit&quot;:&quot;&quot;,&quot;camera&quot;:&quot;&quot;,&quot;caption&quot;:&quot;&quot;,&quot;created_timestamp&quot;:&quot;0&quot;,&quot;copyright&quot;:&quot;&quot;,&quot;focal_length&quot;:&quot;0&quot;,&quot;iso&quot;:&quot;0&quot;,&quot;shutter_speed&quot;:&quot;0&quot;,&quot;title&quot;:&quot;&quot;,&quot;orientation&quot;:&quot;1&quot;}\" data-image-title=\"IMG_6956\" data-image-description=\"\" data-image-caption=\"\" data-large-file=\"https:\/\/www.cisa-arica.cl\/wp1\/wp-content\/uploads\/2023\/10\/IMG_6956-rotated.jpg\" role=\"button\" tabindex=\"0\" aria-label=\"Abrir la imagen 24 de 50 en pantalla completa\"srcset=\"https:\/\/i0.wp.com\/www.cisa-arica.cl\/wp1\/wp-content\/uploads\/2023\/10\/IMG_6956-rotated.jpg?strip=info&#038;w=240&#038;ssl=1 240w\" alt=\"\" data-height=\"320\" data-id=\"22653\" data-link=\"https:\/\/www.cisa-arica.cl\/wp1\/?attachment_id=22653\" data-url=\"https:\/\/www.cisa-arica.cl\/wp1\/wp-content\/uploads\/2023\/10\/IMG_6956-rotated.jpg\" data-width=\"240\" src=\"https:\/\/i0.wp.com\/www.cisa-arica.cl\/wp1\/wp-content\/uploads\/2023\/10\/IMG_6956-rotated.jpg?ssl=1\" data-amp-layout=\"responsive\"\/><\/figure><\/div><\/div><div class=\"tiled-gallery__row\"><div class=\"tiled-gallery__col\" style=\"flex-basis:25.00000%\"><figure class=\"tiled-gallery__item\"><img decoding=\"async\" data-attachment-id=\"22654\" data-permalink=\"https:\/\/www.cisa-arica.cl\/wp1\/2023\/10\/12\/misa-de-los-sextos-anos-basicos\/img_6959\/\" data-orig-file=\"https:\/\/www.cisa-arica.cl\/wp1\/wp-content\/uploads\/2023\/10\/IMG_6959-rotated.jpg\" data-orig-size=\"240,320\" data-comments-opened=\"0\" data-image-meta=\"{&quot;aperture&quot;:&quot;0&quot;,&quot;credit&quot;:&quot;&quot;,&quot;camera&quot;:&quot;&quot;,&quot;caption&quot;:&quot;&quot;,&quot;created_timestamp&quot;:&quot;0&quot;,&quot;copyright&quot;:&quot;&quot;,&quot;focal_length&quot;:&quot;0&quot;,&quot;iso&quot;:&quot;0&quot;,&quot;shutter_speed&quot;:&quot;0&quot;,&quot;title&quot;:&quot;&quot;,&quot;orientation&quot;:&quot;1&quot;}\" data-image-title=\"IMG_6959\" data-image-description=\"\" data-image-caption=\"\" data-large-file=\"https:\/\/www.cisa-arica.cl\/wp1\/wp-content\/uploads\/2023\/10\/IMG_6959-rotated.jpg\" data-attachment-id=\"22654\" data-permalink=\"https:\/\/www.cisa-arica.cl\/wp1\/2023\/10\/12\/misa-de-los-sextos-anos-basicos\/img_6959\/\" data-orig-file=\"https:\/\/www.cisa-arica.cl\/wp1\/wp-content\/uploads\/2023\/10\/IMG_6959-rotated.jpg\" data-orig-size=\"240,320\" data-comments-opened=\"0\" data-image-meta=\"{&quot;aperture&quot;:&quot;0&quot;,&quot;credit&quot;:&quot;&quot;,&quot;camera&quot;:&quot;&quot;,&quot;caption&quot;:&quot;&quot;,&quot;created_timestamp&quot;:&quot;0&quot;,&quot;copyright&quot;:&quot;&quot;,&quot;focal_length&quot;:&quot;0&quot;,&quot;iso&quot;:&quot;0&quot;,&quot;shutter_speed&quot;:&quot;0&quot;,&quot;title&quot;:&quot;&quot;,&quot;orientation&quot;:&quot;1&quot;}\" data-image-title=\"IMG_6959\" data-image-description=\"\" data-image-caption=\"\" data-large-file=\"https:\/\/www.cisa-arica.cl\/wp1\/wp-content\/uploads\/2023\/10\/IMG_6959-rotated.jpg\" role=\"button\" tabindex=\"0\" aria-label=\"Abrir la imagen 25 de 50 en pantalla completa\"srcset=\"https:\/\/i1.wp.com\/www.cisa-arica.cl\/wp1\/wp-content\/uploads\/2023\/10\/IMG_6959-rotated.jpg?strip=info&#038;w=240&#038;ssl=1 240w\" alt=\"\" data-height=\"320\" data-id=\"22654\" data-link=\"https:\/\/www.cisa-arica.cl\/wp1\/?attachment_id=22654\" data-url=\"https:\/\/www.cisa-arica.cl\/wp1\/wp-content\/uploads\/2023\/10\/IMG_6959-rotated.jpg\" data-width=\"240\" src=\"https:\/\/i1.wp.com\/www.cisa-arica.cl\/wp1\/wp-content\/uploads\/2023\/10\/IMG_6959-rotated.jpg?ssl=1\" data-amp-layout=\"responsive\"\/><\/figure><\/div><div class=\"tiled-gallery__col\" style=\"flex-basis:25.00000%\"><figure class=\"tiled-gallery__item\"><img decoding=\"async\" data-attachment-id=\"22655\" data-permalink=\"https:\/\/www.cisa-arica.cl\/wp1\/2023\/10\/12\/misa-de-los-sextos-anos-basicos\/img_6960\/\" data-orig-file=\"https:\/\/www.cisa-arica.cl\/wp1\/wp-content\/uploads\/2023\/10\/IMG_6960-rotated.jpg\" data-orig-size=\"240,320\" data-comments-opened=\"0\" data-image-meta=\"{&quot;aperture&quot;:&quot;0&quot;,&quot;credit&quot;:&quot;&quot;,&quot;camera&quot;:&quot;&quot;,&quot;caption&quot;:&quot;&quot;,&quot;created_timestamp&quot;:&quot;0&quot;,&quot;copyright&quot;:&quot;&quot;,&quot;focal_length&quot;:&quot;0&quot;,&quot;iso&quot;:&quot;0&quot;,&quot;shutter_speed&quot;:&quot;0&quot;,&quot;title&quot;:&quot;&quot;,&quot;orientation&quot;:&quot;1&quot;}\" data-image-title=\"IMG_6960\" data-image-description=\"\" data-image-caption=\"\" data-large-file=\"https:\/\/www.cisa-arica.cl\/wp1\/wp-content\/uploads\/2023\/10\/IMG_6960-rotated.jpg\" data-attachment-id=\"22655\" data-permalink=\"https:\/\/www.cisa-arica.cl\/wp1\/2023\/10\/12\/misa-de-los-sextos-anos-basicos\/img_6960\/\" data-orig-file=\"https:\/\/www.cisa-arica.cl\/wp1\/wp-content\/uploads\/2023\/10\/IMG_6960-rotated.jpg\" data-orig-size=\"240,320\" data-comments-opened=\"0\" data-image-meta=\"{&quot;aperture&quot;:&quot;0&quot;,&quot;credit&quot;:&quot;&quot;,&quot;camera&quot;:&quot;&quot;,&quot;caption&quot;:&quot;&quot;,&quot;created_timestamp&quot;:&quot;0&quot;,&quot;copyright&quot;:&quot;&quot;,&quot;focal_length&quot;:&quot;0&quot;,&quot;iso&quot;:&quot;0&quot;,&quot;shutter_speed&quot;:&quot;0&quot;,&quot;title&quot;:&quot;&quot;,&quot;orientation&quot;:&quot;1&quot;}\" data-image-title=\"IMG_6960\" data-image-description=\"\" data-image-caption=\"\" data-large-file=\"https:\/\/www.cisa-arica.cl\/wp1\/wp-content\/uploads\/2023\/10\/IMG_6960-rotated.jpg\" role=\"button\" tabindex=\"0\" aria-label=\"Abrir la imagen 26 de 50 en pantalla completa\"srcset=\"https:\/\/i2.wp.com\/www.cisa-arica.cl\/wp1\/wp-content\/uploads\/2023\/10\/IMG_6960-rotated.jpg?strip=info&#038;w=240&#038;ssl=1 240w\" alt=\"\" data-height=\"320\" data-id=\"22655\" data-link=\"https:\/\/www.cisa-arica.cl\/wp1\/?attachment_id=22655\" data-url=\"https:\/\/www.cisa-arica.cl\/wp1\/wp-content\/uploads\/2023\/10\/IMG_6960-rotated.jpg\" data-width=\"240\" src=\"https:\/\/i2.wp.com\/www.cisa-arica.cl\/wp1\/wp-content\/uploads\/2023\/10\/IMG_6960-rotated.jpg?ssl=1\" data-amp-layout=\"responsive\"\/><\/figure><\/div><div class=\"tiled-gallery__col\" style=\"flex-basis:25.00000%\"><figure class=\"tiled-gallery__item\"><img decoding=\"async\" data-attachment-id=\"22656\" data-permalink=\"https:\/\/www.cisa-arica.cl\/wp1\/2023\/10\/12\/misa-de-los-sextos-anos-basicos\/img_6961\/\" data-orig-file=\"https:\/\/www.cisa-arica.cl\/wp1\/wp-content\/uploads\/2023\/10\/IMG_6961-rotated.jpg\" data-orig-size=\"240,320\" data-comments-opened=\"0\" data-image-meta=\"{&quot;aperture&quot;:&quot;0&quot;,&quot;credit&quot;:&quot;&quot;,&quot;camera&quot;:&quot;&quot;,&quot;caption&quot;:&quot;&quot;,&quot;created_timestamp&quot;:&quot;0&quot;,&quot;copyright&quot;:&quot;&quot;,&quot;focal_length&quot;:&quot;0&quot;,&quot;iso&quot;:&quot;0&quot;,&quot;shutter_speed&quot;:&quot;0&quot;,&quot;title&quot;:&quot;&quot;,&quot;orientation&quot;:&quot;1&quot;}\" data-image-title=\"IMG_6961\" data-image-description=\"\" data-image-caption=\"\" data-large-file=\"https:\/\/www.cisa-arica.cl\/wp1\/wp-content\/uploads\/2023\/10\/IMG_6961-rotated.jpg\" data-attachment-id=\"22656\" data-permalink=\"https:\/\/www.cisa-arica.cl\/wp1\/2023\/10\/12\/misa-de-los-sextos-anos-basicos\/img_6961\/\" data-orig-file=\"https:\/\/www.cisa-arica.cl\/wp1\/wp-content\/uploads\/2023\/10\/IMG_6961-rotated.jpg\" data-orig-size=\"240,320\" data-comments-opened=\"0\" data-image-meta=\"{&quot;aperture&quot;:&quot;0&quot;,&quot;credit&quot;:&quot;&quot;,&quot;camera&quot;:&quot;&quot;,&quot;caption&quot;:&quot;&quot;,&quot;created_timestamp&quot;:&quot;0&quot;,&quot;copyright&quot;:&quot;&quot;,&quot;focal_length&quot;:&quot;0&quot;,&quot;iso&quot;:&quot;0&quot;,&quot;shutter_speed&quot;:&quot;0&quot;,&quot;title&quot;:&quot;&quot;,&quot;orientation&quot;:&quot;1&quot;}\" data-image-title=\"IMG_6961\" data-image-description=\"\" data-image-caption=\"\" data-large-file=\"https:\/\/www.cisa-arica.cl\/wp1\/wp-content\/uploads\/2023\/10\/IMG_6961-rotated.jpg\" role=\"button\" tabindex=\"0\" aria-label=\"Abrir la imagen 27 de 50 en pantalla completa\"srcset=\"https:\/\/i0.wp.com\/www.cisa-arica.cl\/wp1\/wp-content\/uploads\/2023\/10\/IMG_6961-rotated.jpg?strip=info&#038;w=240&#038;ssl=1 240w\" alt=\"\" data-height=\"320\" data-id=\"22656\" data-link=\"https:\/\/www.cisa-arica.cl\/wp1\/?attachment_id=22656\" data-url=\"https:\/\/www.cisa-arica.cl\/wp1\/wp-content\/uploads\/2023\/10\/IMG_6961-rotated.jpg\" data-width=\"240\" src=\"https:\/\/i0.wp.com\/www.cisa-arica.cl\/wp1\/wp-content\/uploads\/2023\/10\/IMG_6961-rotated.jpg?ssl=1\" data-amp-layout=\"responsive\"\/><\/figure><\/div><div class=\"tiled-gallery__col\" style=\"flex-basis:25.00000%\"><figure class=\"tiled-gallery__item\"><img decoding=\"async\" data-attachment-id=\"22657\" data-permalink=\"https:\/\/www.cisa-arica.cl\/wp1\/2023\/10\/12\/misa-de-los-sextos-anos-basicos\/img_6962\/\" data-orig-file=\"https:\/\/www.cisa-arica.cl\/wp1\/wp-content\/uploads\/2023\/10\/IMG_6962-rotated.jpg\" data-orig-size=\"240,320\" data-comments-opened=\"0\" data-image-meta=\"{&quot;aperture&quot;:&quot;0&quot;,&quot;credit&quot;:&quot;&quot;,&quot;camera&quot;:&quot;&quot;,&quot;caption&quot;:&quot;&quot;,&quot;created_timestamp&quot;:&quot;0&quot;,&quot;copyright&quot;:&quot;&quot;,&quot;focal_length&quot;:&quot;0&quot;,&quot;iso&quot;:&quot;0&quot;,&quot;shutter_speed&quot;:&quot;0&quot;,&quot;title&quot;:&quot;&quot;,&quot;orientation&quot;:&quot;1&quot;}\" data-image-title=\"IMG_6962\" data-image-description=\"\" data-image-caption=\"\" data-large-file=\"https:\/\/www.cisa-arica.cl\/wp1\/wp-content\/uploads\/2023\/10\/IMG_6962-rotated.jpg\" data-attachment-id=\"22657\" data-permalink=\"https:\/\/www.cisa-arica.cl\/wp1\/2023\/10\/12\/misa-de-los-sextos-anos-basicos\/img_6962\/\" data-orig-file=\"https:\/\/www.cisa-arica.cl\/wp1\/wp-content\/uploads\/2023\/10\/IMG_6962-rotated.jpg\" data-orig-size=\"240,320\" data-comments-opened=\"0\" data-image-meta=\"{&quot;aperture&quot;:&quot;0&quot;,&quot;credit&quot;:&quot;&quot;,&quot;camera&quot;:&quot;&quot;,&quot;caption&quot;:&quot;&quot;,&quot;created_timestamp&quot;:&quot;0&quot;,&quot;copyright&quot;:&quot;&quot;,&quot;focal_length&quot;:&quot;0&quot;,&quot;iso&quot;:&quot;0&quot;,&quot;shutter_speed&quot;:&quot;0&quot;,&quot;title&quot;:&quot;&quot;,&quot;orientation&quot;:&quot;1&quot;}\" data-image-title=\"IMG_6962\" data-image-description=\"\" data-image-caption=\"\" data-large-file=\"https:\/\/www.cisa-arica.cl\/wp1\/wp-content\/uploads\/2023\/10\/IMG_6962-rotated.jpg\" role=\"button\" tabindex=\"0\" aria-label=\"Abrir la imagen 28 de 50 en pantalla completa\"srcset=\"https:\/\/i2.wp.com\/www.cisa-arica.cl\/wp1\/wp-content\/uploads\/2023\/10\/IMG_6962-rotated.jpg?strip=info&#038;w=240&#038;ssl=1 240w\" alt=\"\" data-height=\"320\" data-id=\"22657\" data-link=\"https:\/\/www.cisa-arica.cl\/wp1\/?attachment_id=22657\" data-url=\"https:\/\/www.cisa-arica.cl\/wp1\/wp-content\/uploads\/2023\/10\/IMG_6962-rotated.jpg\" data-width=\"240\" src=\"https:\/\/i2.wp.com\/www.cisa-arica.cl\/wp1\/wp-content\/uploads\/2023\/10\/IMG_6962-rotated.jpg?ssl=1\" data-amp-layout=\"responsive\"\/><\/figure><\/div><\/div><div class=\"tiled-gallery__row\"><div class=\"tiled-gallery__col\" style=\"flex-basis:50.00000%\"><figure class=\"tiled-gallery__item\"><img decoding=\"async\" data-attachment-id=\"22659\" data-permalink=\"https:\/\/www.cisa-arica.cl\/wp1\/2023\/10\/12\/misa-de-los-sextos-anos-basicos\/img_6964\/\" data-orig-file=\"https:\/\/www.cisa-arica.cl\/wp1\/wp-content\/uploads\/2023\/10\/IMG_6964-rotated.jpg\" data-orig-size=\"240,320\" data-comments-opened=\"0\" data-image-meta=\"{&quot;aperture&quot;:&quot;0&quot;,&quot;credit&quot;:&quot;&quot;,&quot;camera&quot;:&quot;&quot;,&quot;caption&quot;:&quot;&quot;,&quot;created_timestamp&quot;:&quot;0&quot;,&quot;copyright&quot;:&quot;&quot;,&quot;focal_length&quot;:&quot;0&quot;,&quot;iso&quot;:&quot;0&quot;,&quot;shutter_speed&quot;:&quot;0&quot;,&quot;title&quot;:&quot;&quot;,&quot;orientation&quot;:&quot;1&quot;}\" data-image-title=\"IMG_6964\" data-image-description=\"\" data-image-caption=\"\" data-large-file=\"https:\/\/www.cisa-arica.cl\/wp1\/wp-content\/uploads\/2023\/10\/IMG_6964-rotated.jpg\" data-attachment-id=\"22659\" data-permalink=\"https:\/\/www.cisa-arica.cl\/wp1\/2023\/10\/12\/misa-de-los-sextos-anos-basicos\/img_6964\/\" data-orig-file=\"https:\/\/www.cisa-arica.cl\/wp1\/wp-content\/uploads\/2023\/10\/IMG_6964-rotated.jpg\" data-orig-size=\"240,320\" data-comments-opened=\"0\" data-image-meta=\"{&quot;aperture&quot;:&quot;0&quot;,&quot;credit&quot;:&quot;&quot;,&quot;camera&quot;:&quot;&quot;,&quot;caption&quot;:&quot;&quot;,&quot;created_timestamp&quot;:&quot;0&quot;,&quot;copyright&quot;:&quot;&quot;,&quot;focal_length&quot;:&quot;0&quot;,&quot;iso&quot;:&quot;0&quot;,&quot;shutter_speed&quot;:&quot;0&quot;,&quot;title&quot;:&quot;&quot;,&quot;orientation&quot;:&quot;1&quot;}\" data-image-title=\"IMG_6964\" data-image-description=\"\" data-image-caption=\"\" data-large-file=\"https:\/\/www.cisa-arica.cl\/wp1\/wp-content\/uploads\/2023\/10\/IMG_6964-rotated.jpg\" role=\"button\" tabindex=\"0\" aria-label=\"Abrir la imagen 29 de 50 en pantalla completa\"srcset=\"https:\/\/i0.wp.com\/www.cisa-arica.cl\/wp1\/wp-content\/uploads\/2023\/10\/IMG_6964-rotated.jpg?strip=info&#038;w=240&#038;ssl=1 240w\" alt=\"\" data-height=\"320\" data-id=\"22659\" data-link=\"https:\/\/www.cisa-arica.cl\/wp1\/?attachment_id=22659\" data-url=\"https:\/\/www.cisa-arica.cl\/wp1\/wp-content\/uploads\/2023\/10\/IMG_6964-rotated.jpg\" data-width=\"240\" src=\"https:\/\/i0.wp.com\/www.cisa-arica.cl\/wp1\/wp-content\/uploads\/2023\/10\/IMG_6964-rotated.jpg?ssl=1\" data-amp-layout=\"responsive\"\/><\/figure><\/div><div class=\"tiled-gallery__col\" style=\"flex-basis:50.00000%\"><figure class=\"tiled-gallery__item\"><img decoding=\"async\" data-attachment-id=\"22660\" data-permalink=\"https:\/\/www.cisa-arica.cl\/wp1\/2023\/10\/12\/misa-de-los-sextos-anos-basicos\/img_6966\/\" data-orig-file=\"https:\/\/www.cisa-arica.cl\/wp1\/wp-content\/uploads\/2023\/10\/IMG_6966-rotated.jpg\" data-orig-size=\"240,320\" data-comments-opened=\"0\" data-image-meta=\"{&quot;aperture&quot;:&quot;0&quot;,&quot;credit&quot;:&quot;&quot;,&quot;camera&quot;:&quot;&quot;,&quot;caption&quot;:&quot;&quot;,&quot;created_timestamp&quot;:&quot;0&quot;,&quot;copyright&quot;:&quot;&quot;,&quot;focal_length&quot;:&quot;0&quot;,&quot;iso&quot;:&quot;0&quot;,&quot;shutter_speed&quot;:&quot;0&quot;,&quot;title&quot;:&quot;&quot;,&quot;orientation&quot;:&quot;1&quot;}\" data-image-title=\"IMG_6966\" data-image-description=\"\" data-image-caption=\"\" data-large-file=\"https:\/\/www.cisa-arica.cl\/wp1\/wp-content\/uploads\/2023\/10\/IMG_6966-rotated.jpg\" data-attachment-id=\"22660\" data-permalink=\"https:\/\/www.cisa-arica.cl\/wp1\/2023\/10\/12\/misa-de-los-sextos-anos-basicos\/img_6966\/\" data-orig-file=\"https:\/\/www.cisa-arica.cl\/wp1\/wp-content\/uploads\/2023\/10\/IMG_6966-rotated.jpg\" data-orig-size=\"240,320\" data-comments-opened=\"0\" data-image-meta=\"{&quot;aperture&quot;:&quot;0&quot;,&quot;credit&quot;:&quot;&quot;,&quot;camera&quot;:&quot;&quot;,&quot;caption&quot;:&quot;&quot;,&quot;created_timestamp&quot;:&quot;0&quot;,&quot;copyright&quot;:&quot;&quot;,&quot;focal_length&quot;:&quot;0&quot;,&quot;iso&quot;:&quot;0&quot;,&quot;shutter_speed&quot;:&quot;0&quot;,&quot;title&quot;:&quot;&quot;,&quot;orientation&quot;:&quot;1&quot;}\" data-image-title=\"IMG_6966\" data-image-description=\"\" data-image-caption=\"\" data-large-file=\"https:\/\/www.cisa-arica.cl\/wp1\/wp-content\/uploads\/2023\/10\/IMG_6966-rotated.jpg\" role=\"button\" tabindex=\"0\" aria-label=\"Abrir la imagen 30 de 50 en pantalla completa\"srcset=\"https:\/\/i1.wp.com\/www.cisa-arica.cl\/wp1\/wp-content\/uploads\/2023\/10\/IMG_6966-rotated.jpg?strip=info&#038;w=240&#038;ssl=1 240w\" alt=\"\" data-height=\"320\" data-id=\"22660\" data-link=\"https:\/\/www.cisa-arica.cl\/wp1\/?attachment_id=22660\" data-url=\"https:\/\/www.cisa-arica.cl\/wp1\/wp-content\/uploads\/2023\/10\/IMG_6966-rotated.jpg\" data-width=\"240\" src=\"https:\/\/i1.wp.com\/www.cisa-arica.cl\/wp1\/wp-content\/uploads\/2023\/10\/IMG_6966-rotated.jpg?ssl=1\" data-amp-layout=\"responsive\"\/><\/figure><\/div><\/div><div class=\"tiled-gallery__row\"><div class=\"tiled-gallery__col\" style=\"flex-basis:25.00000%\"><figure class=\"tiled-gallery__item\"><img decoding=\"async\" data-attachment-id=\"22661\" data-permalink=\"https:\/\/www.cisa-arica.cl\/wp1\/2023\/10\/12\/misa-de-los-sextos-anos-basicos\/img_6967\/\" data-orig-file=\"https:\/\/www.cisa-arica.cl\/wp1\/wp-content\/uploads\/2023\/10\/IMG_6967-rotated.jpg\" data-orig-size=\"240,320\" data-comments-opened=\"0\" data-image-meta=\"{&quot;aperture&quot;:&quot;0&quot;,&quot;credit&quot;:&quot;&quot;,&quot;camera&quot;:&quot;&quot;,&quot;caption&quot;:&quot;&quot;,&quot;created_timestamp&quot;:&quot;0&quot;,&quot;copyright&quot;:&quot;&quot;,&quot;focal_length&quot;:&quot;0&quot;,&quot;iso&quot;:&quot;0&quot;,&quot;shutter_speed&quot;:&quot;0&quot;,&quot;title&quot;:&quot;&quot;,&quot;orientation&quot;:&quot;1&quot;}\" data-image-title=\"IMG_6967\" data-image-description=\"\" data-image-caption=\"\" data-large-file=\"https:\/\/www.cisa-arica.cl\/wp1\/wp-content\/uploads\/2023\/10\/IMG_6967-rotated.jpg\" data-attachment-id=\"22661\" data-permalink=\"https:\/\/www.cisa-arica.cl\/wp1\/2023\/10\/12\/misa-de-los-sextos-anos-basicos\/img_6967\/\" data-orig-file=\"https:\/\/www.cisa-arica.cl\/wp1\/wp-content\/uploads\/2023\/10\/IMG_6967-rotated.jpg\" data-orig-size=\"240,320\" data-comments-opened=\"0\" data-image-meta=\"{&quot;aperture&quot;:&quot;0&quot;,&quot;credit&quot;:&quot;&quot;,&quot;camera&quot;:&quot;&quot;,&quot;caption&quot;:&quot;&quot;,&quot;created_timestamp&quot;:&quot;0&quot;,&quot;copyright&quot;:&quot;&quot;,&quot;focal_length&quot;:&quot;0&quot;,&quot;iso&quot;:&quot;0&quot;,&quot;shutter_speed&quot;:&quot;0&quot;,&quot;title&quot;:&quot;&quot;,&quot;orientation&quot;:&quot;1&quot;}\" data-image-title=\"IMG_6967\" data-image-description=\"\" data-image-caption=\"\" data-large-file=\"https:\/\/www.cisa-arica.cl\/wp1\/wp-content\/uploads\/2023\/10\/IMG_6967-rotated.jpg\" role=\"button\" tabindex=\"0\" aria-label=\"Abrir la imagen 31 de 50 en pantalla completa\"srcset=\"https:\/\/i0.wp.com\/www.cisa-arica.cl\/wp1\/wp-content\/uploads\/2023\/10\/IMG_6967-rotated.jpg?strip=info&#038;w=240&#038;ssl=1 240w\" alt=\"\" data-height=\"320\" data-id=\"22661\" data-link=\"https:\/\/www.cisa-arica.cl\/wp1\/?attachment_id=22661\" data-url=\"https:\/\/www.cisa-arica.cl\/wp1\/wp-content\/uploads\/2023\/10\/IMG_6967-rotated.jpg\" data-width=\"240\" src=\"https:\/\/i0.wp.com\/www.cisa-arica.cl\/wp1\/wp-content\/uploads\/2023\/10\/IMG_6967-rotated.jpg?ssl=1\" data-amp-layout=\"responsive\"\/><\/figure><\/div><div class=\"tiled-gallery__col\" style=\"flex-basis:25.00000%\"><figure class=\"tiled-gallery__item\"><img decoding=\"async\" data-attachment-id=\"22662\" data-permalink=\"https:\/\/www.cisa-arica.cl\/wp1\/2023\/10\/12\/misa-de-los-sextos-anos-basicos\/img_6968\/\" data-orig-file=\"https:\/\/www.cisa-arica.cl\/wp1\/wp-content\/uploads\/2023\/10\/IMG_6968-rotated.jpg\" data-orig-size=\"240,320\" data-comments-opened=\"0\" data-image-meta=\"{&quot;aperture&quot;:&quot;0&quot;,&quot;credit&quot;:&quot;&quot;,&quot;camera&quot;:&quot;&quot;,&quot;caption&quot;:&quot;&quot;,&quot;created_timestamp&quot;:&quot;0&quot;,&quot;copyright&quot;:&quot;&quot;,&quot;focal_length&quot;:&quot;0&quot;,&quot;iso&quot;:&quot;0&quot;,&quot;shutter_speed&quot;:&quot;0&quot;,&quot;title&quot;:&quot;&quot;,&quot;orientation&quot;:&quot;1&quot;}\" data-image-title=\"IMG_6968\" data-image-description=\"\" data-image-caption=\"\" data-large-file=\"https:\/\/www.cisa-arica.cl\/wp1\/wp-content\/uploads\/2023\/10\/IMG_6968-rotated.jpg\" data-attachment-id=\"22662\" data-permalink=\"https:\/\/www.cisa-arica.cl\/wp1\/2023\/10\/12\/misa-de-los-sextos-anos-basicos\/img_6968\/\" data-orig-file=\"https:\/\/www.cisa-arica.cl\/wp1\/wp-content\/uploads\/2023\/10\/IMG_6968-rotated.jpg\" data-orig-size=\"240,320\" data-comments-opened=\"0\" data-image-meta=\"{&quot;aperture&quot;:&quot;0&quot;,&quot;credit&quot;:&quot;&quot;,&quot;camera&quot;:&quot;&quot;,&quot;caption&quot;:&quot;&quot;,&quot;created_timestamp&quot;:&quot;0&quot;,&quot;copyright&quot;:&quot;&quot;,&quot;focal_length&quot;:&quot;0&quot;,&quot;iso&quot;:&quot;0&quot;,&quot;shutter_speed&quot;:&quot;0&quot;,&quot;title&quot;:&quot;&quot;,&quot;orientation&quot;:&quot;1&quot;}\" data-image-title=\"IMG_6968\" data-image-description=\"\" data-image-caption=\"\" data-large-file=\"https:\/\/www.cisa-arica.cl\/wp1\/wp-content\/uploads\/2023\/10\/IMG_6968-rotated.jpg\" role=\"button\" tabindex=\"0\" aria-label=\"Abrir la imagen 32 de 50 en pantalla completa\"srcset=\"https:\/\/i1.wp.com\/www.cisa-arica.cl\/wp1\/wp-content\/uploads\/2023\/10\/IMG_6968-rotated.jpg?strip=info&#038;w=240&#038;ssl=1 240w\" alt=\"\" data-height=\"320\" data-id=\"22662\" data-link=\"https:\/\/www.cisa-arica.cl\/wp1\/?attachment_id=22662\" data-url=\"https:\/\/www.cisa-arica.cl\/wp1\/wp-content\/uploads\/2023\/10\/IMG_6968-rotated.jpg\" data-width=\"240\" src=\"https:\/\/i1.wp.com\/www.cisa-arica.cl\/wp1\/wp-content\/uploads\/2023\/10\/IMG_6968-rotated.jpg?ssl=1\" data-amp-layout=\"responsive\"\/><\/figure><\/div><div class=\"tiled-gallery__col\" style=\"flex-basis:25.00000%\"><figure class=\"tiled-gallery__item\"><img decoding=\"async\" data-attachment-id=\"22663\" data-permalink=\"https:\/\/www.cisa-arica.cl\/wp1\/2023\/10\/12\/misa-de-los-sextos-anos-basicos\/img_6972\/\" data-orig-file=\"https:\/\/www.cisa-arica.cl\/wp1\/wp-content\/uploads\/2023\/10\/IMG_6972-rotated.jpg\" data-orig-size=\"240,320\" data-comments-opened=\"0\" data-image-meta=\"{&quot;aperture&quot;:&quot;0&quot;,&quot;credit&quot;:&quot;&quot;,&quot;camera&quot;:&quot;&quot;,&quot;caption&quot;:&quot;&quot;,&quot;created_timestamp&quot;:&quot;0&quot;,&quot;copyright&quot;:&quot;&quot;,&quot;focal_length&quot;:&quot;0&quot;,&quot;iso&quot;:&quot;0&quot;,&quot;shutter_speed&quot;:&quot;0&quot;,&quot;title&quot;:&quot;&quot;,&quot;orientation&quot;:&quot;1&quot;}\" data-image-title=\"IMG_6972\" data-image-description=\"\" data-image-caption=\"\" data-large-file=\"https:\/\/www.cisa-arica.cl\/wp1\/wp-content\/uploads\/2023\/10\/IMG_6972-rotated.jpg\" data-attachment-id=\"22663\" data-permalink=\"https:\/\/www.cisa-arica.cl\/wp1\/2023\/10\/12\/misa-de-los-sextos-anos-basicos\/img_6972\/\" data-orig-file=\"https:\/\/www.cisa-arica.cl\/wp1\/wp-content\/uploads\/2023\/10\/IMG_6972-rotated.jpg\" data-orig-size=\"240,320\" data-comments-opened=\"0\" data-image-meta=\"{&quot;aperture&quot;:&quot;0&quot;,&quot;credit&quot;:&quot;&quot;,&quot;camera&quot;:&quot;&quot;,&quot;caption&quot;:&quot;&quot;,&quot;created_timestamp&quot;:&quot;0&quot;,&quot;copyright&quot;:&quot;&quot;,&quot;focal_length&quot;:&quot;0&quot;,&quot;iso&quot;:&quot;0&quot;,&quot;shutter_speed&quot;:&quot;0&quot;,&quot;title&quot;:&quot;&quot;,&quot;orientation&quot;:&quot;1&quot;}\" data-image-title=\"IMG_6972\" data-image-description=\"\" data-image-caption=\"\" data-large-file=\"https:\/\/www.cisa-arica.cl\/wp1\/wp-content\/uploads\/2023\/10\/IMG_6972-rotated.jpg\" role=\"button\" tabindex=\"0\" aria-label=\"Abrir la imagen 33 de 50 en pantalla completa\"srcset=\"https:\/\/i2.wp.com\/www.cisa-arica.cl\/wp1\/wp-content\/uploads\/2023\/10\/IMG_6972-rotated.jpg?strip=info&#038;w=240&#038;ssl=1 240w\" alt=\"\" data-height=\"320\" data-id=\"22663\" data-link=\"https:\/\/www.cisa-arica.cl\/wp1\/?attachment_id=22663\" data-url=\"https:\/\/www.cisa-arica.cl\/wp1\/wp-content\/uploads\/2023\/10\/IMG_6972-rotated.jpg\" data-width=\"240\" src=\"https:\/\/i2.wp.com\/www.cisa-arica.cl\/wp1\/wp-content\/uploads\/2023\/10\/IMG_6972-rotated.jpg?ssl=1\" data-amp-layout=\"responsive\"\/><\/figure><\/div><div class=\"tiled-gallery__col\" style=\"flex-basis:25.00000%\"><figure class=\"tiled-gallery__item\"><img decoding=\"async\" data-attachment-id=\"22664\" data-permalink=\"https:\/\/www.cisa-arica.cl\/wp1\/2023\/10\/12\/misa-de-los-sextos-anos-basicos\/img_6973\/\" data-orig-file=\"https:\/\/www.cisa-arica.cl\/wp1\/wp-content\/uploads\/2023\/10\/IMG_6973-rotated.jpg\" data-orig-size=\"240,320\" data-comments-opened=\"0\" data-image-meta=\"{&quot;aperture&quot;:&quot;0&quot;,&quot;credit&quot;:&quot;&quot;,&quot;camera&quot;:&quot;&quot;,&quot;caption&quot;:&quot;&quot;,&quot;created_timestamp&quot;:&quot;0&quot;,&quot;copyright&quot;:&quot;&quot;,&quot;focal_length&quot;:&quot;0&quot;,&quot;iso&quot;:&quot;0&quot;,&quot;shutter_speed&quot;:&quot;0&quot;,&quot;title&quot;:&quot;&quot;,&quot;orientation&quot;:&quot;1&quot;}\" data-image-title=\"IMG_6973\" data-image-description=\"\" data-image-caption=\"\" data-large-file=\"https:\/\/www.cisa-arica.cl\/wp1\/wp-content\/uploads\/2023\/10\/IMG_6973-rotated.jpg\" data-attachment-id=\"22664\" data-permalink=\"https:\/\/www.cisa-arica.cl\/wp1\/2023\/10\/12\/misa-de-los-sextos-anos-basicos\/img_6973\/\" data-orig-file=\"https:\/\/www.cisa-arica.cl\/wp1\/wp-content\/uploads\/2023\/10\/IMG_6973-rotated.jpg\" data-orig-size=\"240,320\" data-comments-opened=\"0\" data-image-meta=\"{&quot;aperture&quot;:&quot;0&quot;,&quot;credit&quot;:&quot;&quot;,&quot;camera&quot;:&quot;&quot;,&quot;caption&quot;:&quot;&quot;,&quot;created_timestamp&quot;:&quot;0&quot;,&quot;copyright&quot;:&quot;&quot;,&quot;focal_length&quot;:&quot;0&quot;,&quot;iso&quot;:&quot;0&quot;,&quot;shutter_speed&quot;:&quot;0&quot;,&quot;title&quot;:&quot;&quot;,&quot;orientation&quot;:&quot;1&quot;}\" data-image-title=\"IMG_6973\" data-image-description=\"\" data-image-caption=\"\" data-large-file=\"https:\/\/www.cisa-arica.cl\/wp1\/wp-content\/uploads\/2023\/10\/IMG_6973-rotated.jpg\" role=\"button\" tabindex=\"0\" aria-label=\"Abrir la imagen 34 de 50 en pantalla completa\"srcset=\"https:\/\/i1.wp.com\/www.cisa-arica.cl\/wp1\/wp-content\/uploads\/2023\/10\/IMG_6973-rotated.jpg?strip=info&#038;w=240&#038;ssl=1 240w\" alt=\"\" data-height=\"320\" data-id=\"22664\" data-link=\"https:\/\/www.cisa-arica.cl\/wp1\/?attachment_id=22664\" data-url=\"https:\/\/www.cisa-arica.cl\/wp1\/wp-content\/uploads\/2023\/10\/IMG_6973-rotated.jpg\" data-width=\"240\" src=\"https:\/\/i1.wp.com\/www.cisa-arica.cl\/wp1\/wp-content\/uploads\/2023\/10\/IMG_6973-rotated.jpg?ssl=1\" data-amp-layout=\"responsive\"\/><\/figure><\/div><\/div><div class=\"tiled-gallery__row\"><div class=\"tiled-gallery__col\" style=\"flex-basis:33.33333%\"><figure class=\"tiled-gallery__item\"><img decoding=\"async\" data-attachment-id=\"22665\" data-permalink=\"https:\/\/www.cisa-arica.cl\/wp1\/2023\/10\/12\/misa-de-los-sextos-anos-basicos\/img_6974\/\" data-orig-file=\"https:\/\/www.cisa-arica.cl\/wp1\/wp-content\/uploads\/2023\/10\/IMG_6974-rotated.jpg\" data-orig-size=\"240,320\" data-comments-opened=\"0\" data-image-meta=\"{&quot;aperture&quot;:&quot;0&quot;,&quot;credit&quot;:&quot;&quot;,&quot;camera&quot;:&quot;&quot;,&quot;caption&quot;:&quot;&quot;,&quot;created_timestamp&quot;:&quot;0&quot;,&quot;copyright&quot;:&quot;&quot;,&quot;focal_length&quot;:&quot;0&quot;,&quot;iso&quot;:&quot;0&quot;,&quot;shutter_speed&quot;:&quot;0&quot;,&quot;title&quot;:&quot;&quot;,&quot;orientation&quot;:&quot;1&quot;}\" data-image-title=\"IMG_6974\" data-image-description=\"\" data-image-caption=\"\" data-large-file=\"https:\/\/www.cisa-arica.cl\/wp1\/wp-content\/uploads\/2023\/10\/IMG_6974-rotated.jpg\" data-attachment-id=\"22665\" data-permalink=\"https:\/\/www.cisa-arica.cl\/wp1\/2023\/10\/12\/misa-de-los-sextos-anos-basicos\/img_6974\/\" data-orig-file=\"https:\/\/www.cisa-arica.cl\/wp1\/wp-content\/uploads\/2023\/10\/IMG_6974-rotated.jpg\" data-orig-size=\"240,320\" data-comments-opened=\"0\" data-image-meta=\"{&quot;aperture&quot;:&quot;0&quot;,&quot;credit&quot;:&quot;&quot;,&quot;camera&quot;:&quot;&quot;,&quot;caption&quot;:&quot;&quot;,&quot;created_timestamp&quot;:&quot;0&quot;,&quot;copyright&quot;:&quot;&quot;,&quot;focal_length&quot;:&quot;0&quot;,&quot;iso&quot;:&quot;0&quot;,&quot;shutter_speed&quot;:&quot;0&quot;,&quot;title&quot;:&quot;&quot;,&quot;orientation&quot;:&quot;1&quot;}\" data-image-title=\"IMG_6974\" data-image-description=\"\" data-image-caption=\"\" data-large-file=\"https:\/\/www.cisa-arica.cl\/wp1\/wp-content\/uploads\/2023\/10\/IMG_6974-rotated.jpg\" role=\"button\" tabindex=\"0\" aria-label=\"Abrir la imagen 35 de 50 en pantalla completa\"srcset=\"https:\/\/i1.wp.com\/www.cisa-arica.cl\/wp1\/wp-content\/uploads\/2023\/10\/IMG_6974-rotated.jpg?strip=info&#038;w=240&#038;ssl=1 240w\" alt=\"\" data-height=\"320\" data-id=\"22665\" data-link=\"https:\/\/www.cisa-arica.cl\/wp1\/?attachment_id=22665\" data-url=\"https:\/\/www.cisa-arica.cl\/wp1\/wp-content\/uploads\/2023\/10\/IMG_6974-rotated.jpg\" data-width=\"240\" src=\"https:\/\/i1.wp.com\/www.cisa-arica.cl\/wp1\/wp-content\/uploads\/2023\/10\/IMG_6974-rotated.jpg?ssl=1\" data-amp-layout=\"responsive\"\/><\/figure><\/div><div class=\"tiled-gallery__col\" style=\"flex-basis:33.33333%\"><figure class=\"tiled-gallery__item\"><img decoding=\"async\" data-attachment-id=\"22666\" data-permalink=\"https:\/\/www.cisa-arica.cl\/wp1\/2023\/10\/12\/misa-de-los-sextos-anos-basicos\/img_6975\/\" data-orig-file=\"https:\/\/www.cisa-arica.cl\/wp1\/wp-content\/uploads\/2023\/10\/IMG_6975-rotated.jpg\" data-orig-size=\"240,320\" data-comments-opened=\"0\" data-image-meta=\"{&quot;aperture&quot;:&quot;0&quot;,&quot;credit&quot;:&quot;&quot;,&quot;camera&quot;:&quot;&quot;,&quot;caption&quot;:&quot;&quot;,&quot;created_timestamp&quot;:&quot;0&quot;,&quot;copyright&quot;:&quot;&quot;,&quot;focal_length&quot;:&quot;0&quot;,&quot;iso&quot;:&quot;0&quot;,&quot;shutter_speed&quot;:&quot;0&quot;,&quot;title&quot;:&quot;&quot;,&quot;orientation&quot;:&quot;1&quot;}\" data-image-title=\"IMG_6975\" data-image-description=\"\" data-image-caption=\"\" data-large-file=\"https:\/\/www.cisa-arica.cl\/wp1\/wp-content\/uploads\/2023\/10\/IMG_6975-rotated.jpg\" data-attachment-id=\"22666\" data-permalink=\"https:\/\/www.cisa-arica.cl\/wp1\/2023\/10\/12\/misa-de-los-sextos-anos-basicos\/img_6975\/\" data-orig-file=\"https:\/\/www.cisa-arica.cl\/wp1\/wp-content\/uploads\/2023\/10\/IMG_6975-rotated.jpg\" data-orig-size=\"240,320\" data-comments-opened=\"0\" data-image-meta=\"{&quot;aperture&quot;:&quot;0&quot;,&quot;credit&quot;:&quot;&quot;,&quot;camera&quot;:&quot;&quot;,&quot;caption&quot;:&quot;&quot;,&quot;created_timestamp&quot;:&quot;0&quot;,&quot;copyright&quot;:&quot;&quot;,&quot;focal_length&quot;:&quot;0&quot;,&quot;iso&quot;:&quot;0&quot;,&quot;shutter_speed&quot;:&quot;0&quot;,&quot;title&quot;:&quot;&quot;,&quot;orientation&quot;:&quot;1&quot;}\" data-image-title=\"IMG_6975\" data-image-description=\"\" data-image-caption=\"\" data-large-file=\"https:\/\/www.cisa-arica.cl\/wp1\/wp-content\/uploads\/2023\/10\/IMG_6975-rotated.jpg\" role=\"button\" tabindex=\"0\" aria-label=\"Abrir la imagen 36 de 50 en pantalla completa\"srcset=\"https:\/\/i0.wp.com\/www.cisa-arica.cl\/wp1\/wp-content\/uploads\/2023\/10\/IMG_6975-rotated.jpg?strip=info&#038;w=240&#038;ssl=1 240w\" alt=\"\" data-height=\"320\" data-id=\"22666\" data-link=\"https:\/\/www.cisa-arica.cl\/wp1\/?attachment_id=22666\" data-url=\"https:\/\/www.cisa-arica.cl\/wp1\/wp-content\/uploads\/2023\/10\/IMG_6975-rotated.jpg\" data-width=\"240\" src=\"https:\/\/i0.wp.com\/www.cisa-arica.cl\/wp1\/wp-content\/uploads\/2023\/10\/IMG_6975-rotated.jpg?ssl=1\" data-amp-layout=\"responsive\"\/><\/figure><\/div><div class=\"tiled-gallery__col\" style=\"flex-basis:33.33333%\"><figure class=\"tiled-gallery__item\"><img decoding=\"async\" data-attachment-id=\"22667\" data-permalink=\"https:\/\/www.cisa-arica.cl\/wp1\/2023\/10\/12\/misa-de-los-sextos-anos-basicos\/img_6976\/\" data-orig-file=\"https:\/\/www.cisa-arica.cl\/wp1\/wp-content\/uploads\/2023\/10\/IMG_6976-rotated.jpg\" data-orig-size=\"240,320\" data-comments-opened=\"0\" data-image-meta=\"{&quot;aperture&quot;:&quot;0&quot;,&quot;credit&quot;:&quot;&quot;,&quot;camera&quot;:&quot;&quot;,&quot;caption&quot;:&quot;&quot;,&quot;created_timestamp&quot;:&quot;0&quot;,&quot;copyright&quot;:&quot;&quot;,&quot;focal_length&quot;:&quot;0&quot;,&quot;iso&quot;:&quot;0&quot;,&quot;shutter_speed&quot;:&quot;0&quot;,&quot;title&quot;:&quot;&quot;,&quot;orientation&quot;:&quot;1&quot;}\" data-image-title=\"IMG_6976\" data-image-description=\"\" data-image-caption=\"\" data-large-file=\"https:\/\/www.cisa-arica.cl\/wp1\/wp-content\/uploads\/2023\/10\/IMG_6976-rotated.jpg\" data-attachment-id=\"22667\" data-permalink=\"https:\/\/www.cisa-arica.cl\/wp1\/2023\/10\/12\/misa-de-los-sextos-anos-basicos\/img_6976\/\" data-orig-file=\"https:\/\/www.cisa-arica.cl\/wp1\/wp-content\/uploads\/2023\/10\/IMG_6976-rotated.jpg\" data-orig-size=\"240,320\" data-comments-opened=\"0\" data-image-meta=\"{&quot;aperture&quot;:&quot;0&quot;,&quot;credit&quot;:&quot;&quot;,&quot;camera&quot;:&quot;&quot;,&quot;caption&quot;:&quot;&quot;,&quot;created_timestamp&quot;:&quot;0&quot;,&quot;copyright&quot;:&quot;&quot;,&quot;focal_length&quot;:&quot;0&quot;,&quot;iso&quot;:&quot;0&quot;,&quot;shutter_speed&quot;:&quot;0&quot;,&quot;title&quot;:&quot;&quot;,&quot;orientation&quot;:&quot;1&quot;}\" data-image-title=\"IMG_6976\" data-image-description=\"\" data-image-caption=\"\" data-large-file=\"https:\/\/www.cisa-arica.cl\/wp1\/wp-content\/uploads\/2023\/10\/IMG_6976-rotated.jpg\" role=\"button\" tabindex=\"0\" aria-label=\"Abrir la imagen 37 de 50 en pantalla completa\"srcset=\"https:\/\/i1.wp.com\/www.cisa-arica.cl\/wp1\/wp-content\/uploads\/2023\/10\/IMG_6976-rotated.jpg?strip=info&#038;w=240&#038;ssl=1 240w\" alt=\"\" data-height=\"320\" data-id=\"22667\" data-link=\"https:\/\/www.cisa-arica.cl\/wp1\/?attachment_id=22667\" data-url=\"https:\/\/www.cisa-arica.cl\/wp1\/wp-content\/uploads\/2023\/10\/IMG_6976-rotated.jpg\" data-width=\"240\" src=\"https:\/\/i1.wp.com\/www.cisa-arica.cl\/wp1\/wp-content\/uploads\/2023\/10\/IMG_6976-rotated.jpg?ssl=1\" data-amp-layout=\"responsive\"\/><\/figure><\/div><\/div><div class=\"tiled-gallery__row\"><div class=\"tiled-gallery__col\" style=\"flex-basis:25.00000%\"><figure class=\"tiled-gallery__item\"><img decoding=\"async\" data-attachment-id=\"22668\" data-permalink=\"https:\/\/www.cisa-arica.cl\/wp1\/2023\/10\/12\/misa-de-los-sextos-anos-basicos\/img_6978\/\" data-orig-file=\"https:\/\/www.cisa-arica.cl\/wp1\/wp-content\/uploads\/2023\/10\/IMG_6978-rotated.jpg\" data-orig-size=\"240,320\" data-comments-opened=\"0\" data-image-meta=\"{&quot;aperture&quot;:&quot;0&quot;,&quot;credit&quot;:&quot;&quot;,&quot;camera&quot;:&quot;&quot;,&quot;caption&quot;:&quot;&quot;,&quot;created_timestamp&quot;:&quot;0&quot;,&quot;copyright&quot;:&quot;&quot;,&quot;focal_length&quot;:&quot;0&quot;,&quot;iso&quot;:&quot;0&quot;,&quot;shutter_speed&quot;:&quot;0&quot;,&quot;title&quot;:&quot;&quot;,&quot;orientation&quot;:&quot;1&quot;}\" data-image-title=\"IMG_6978\" data-image-description=\"\" data-image-caption=\"\" data-large-file=\"https:\/\/www.cisa-arica.cl\/wp1\/wp-content\/uploads\/2023\/10\/IMG_6978-rotated.jpg\" data-attachment-id=\"22668\" data-permalink=\"https:\/\/www.cisa-arica.cl\/wp1\/2023\/10\/12\/misa-de-los-sextos-anos-basicos\/img_6978\/\" data-orig-file=\"https:\/\/www.cisa-arica.cl\/wp1\/wp-content\/uploads\/2023\/10\/IMG_6978-rotated.jpg\" data-orig-size=\"240,320\" data-comments-opened=\"0\" data-image-meta=\"{&quot;aperture&quot;:&quot;0&quot;,&quot;credit&quot;:&quot;&quot;,&quot;camera&quot;:&quot;&quot;,&quot;caption&quot;:&quot;&quot;,&quot;created_timestamp&quot;:&quot;0&quot;,&quot;copyright&quot;:&quot;&quot;,&quot;focal_length&quot;:&quot;0&quot;,&quot;iso&quot;:&quot;0&quot;,&quot;shutter_speed&quot;:&quot;0&quot;,&quot;title&quot;:&quot;&quot;,&quot;orientation&quot;:&quot;1&quot;}\" data-image-title=\"IMG_6978\" data-image-description=\"\" data-image-caption=\"\" data-large-file=\"https:\/\/www.cisa-arica.cl\/wp1\/wp-content\/uploads\/2023\/10\/IMG_6978-rotated.jpg\" role=\"button\" tabindex=\"0\" aria-label=\"Abrir la imagen 38 de 50 en pantalla completa\"srcset=\"https:\/\/i2.wp.com\/www.cisa-arica.cl\/wp1\/wp-content\/uploads\/2023\/10\/IMG_6978-rotated.jpg?strip=info&#038;w=240&#038;ssl=1 240w\" alt=\"\" data-height=\"320\" data-id=\"22668\" data-link=\"https:\/\/www.cisa-arica.cl\/wp1\/?attachment_id=22668\" data-url=\"https:\/\/www.cisa-arica.cl\/wp1\/wp-content\/uploads\/2023\/10\/IMG_6978-rotated.jpg\" data-width=\"240\" src=\"https:\/\/i2.wp.com\/www.cisa-arica.cl\/wp1\/wp-content\/uploads\/2023\/10\/IMG_6978-rotated.jpg?ssl=1\" data-amp-layout=\"responsive\"\/><\/figure><\/div><div class=\"tiled-gallery__col\" style=\"flex-basis:25.00000%\"><figure class=\"tiled-gallery__item\"><img decoding=\"async\" data-attachment-id=\"22669\" data-permalink=\"https:\/\/www.cisa-arica.cl\/wp1\/2023\/10\/12\/misa-de-los-sextos-anos-basicos\/img_6980\/\" data-orig-file=\"https:\/\/www.cisa-arica.cl\/wp1\/wp-content\/uploads\/2023\/10\/IMG_6980-rotated.jpg\" data-orig-size=\"240,320\" data-comments-opened=\"0\" data-image-meta=\"{&quot;aperture&quot;:&quot;0&quot;,&quot;credit&quot;:&quot;&quot;,&quot;camera&quot;:&quot;&quot;,&quot;caption&quot;:&quot;&quot;,&quot;created_timestamp&quot;:&quot;0&quot;,&quot;copyright&quot;:&quot;&quot;,&quot;focal_length&quot;:&quot;0&quot;,&quot;iso&quot;:&quot;0&quot;,&quot;shutter_speed&quot;:&quot;0&quot;,&quot;title&quot;:&quot;&quot;,&quot;orientation&quot;:&quot;1&quot;}\" data-image-title=\"IMG_6980\" data-image-description=\"\" data-image-caption=\"\" data-large-file=\"https:\/\/www.cisa-arica.cl\/wp1\/wp-content\/uploads\/2023\/10\/IMG_6980-rotated.jpg\" data-attachment-id=\"22669\" data-permalink=\"https:\/\/www.cisa-arica.cl\/wp1\/2023\/10\/12\/misa-de-los-sextos-anos-basicos\/img_6980\/\" data-orig-file=\"https:\/\/www.cisa-arica.cl\/wp1\/wp-content\/uploads\/2023\/10\/IMG_6980-rotated.jpg\" data-orig-size=\"240,320\" data-comments-opened=\"0\" data-image-meta=\"{&quot;aperture&quot;:&quot;0&quot;,&quot;credit&quot;:&quot;&quot;,&quot;camera&quot;:&quot;&quot;,&quot;caption&quot;:&quot;&quot;,&quot;created_timestamp&quot;:&quot;0&quot;,&quot;copyright&quot;:&quot;&quot;,&quot;focal_length&quot;:&quot;0&quot;,&quot;iso&quot;:&quot;0&quot;,&quot;shutter_speed&quot;:&quot;0&quot;,&quot;title&quot;:&quot;&quot;,&quot;orientation&quot;:&quot;1&quot;}\" data-image-title=\"IMG_6980\" data-image-description=\"\" data-image-caption=\"\" data-large-file=\"https:\/\/www.cisa-arica.cl\/wp1\/wp-content\/uploads\/2023\/10\/IMG_6980-rotated.jpg\" role=\"button\" tabindex=\"0\" aria-label=\"Abrir la imagen 39 de 50 en pantalla completa\"srcset=\"https:\/\/i2.wp.com\/www.cisa-arica.cl\/wp1\/wp-content\/uploads\/2023\/10\/IMG_6980-rotated.jpg?strip=info&#038;w=240&#038;ssl=1 240w\" alt=\"\" data-height=\"320\" data-id=\"22669\" data-link=\"https:\/\/www.cisa-arica.cl\/wp1\/?attachment_id=22669\" data-url=\"https:\/\/www.cisa-arica.cl\/wp1\/wp-content\/uploads\/2023\/10\/IMG_6980-rotated.jpg\" data-width=\"240\" src=\"https:\/\/i2.wp.com\/www.cisa-arica.cl\/wp1\/wp-content\/uploads\/2023\/10\/IMG_6980-rotated.jpg?ssl=1\" data-amp-layout=\"responsive\"\/><\/figure><\/div><div class=\"tiled-gallery__col\" style=\"flex-basis:25.00000%\"><figure class=\"tiled-gallery__item\"><img decoding=\"async\" data-attachment-id=\"22670\" data-permalink=\"https:\/\/www.cisa-arica.cl\/wp1\/2023\/10\/12\/misa-de-los-sextos-anos-basicos\/img_6981\/\" data-orig-file=\"https:\/\/www.cisa-arica.cl\/wp1\/wp-content\/uploads\/2023\/10\/IMG_6981-rotated.jpg\" data-orig-size=\"240,320\" data-comments-opened=\"0\" data-image-meta=\"{&quot;aperture&quot;:&quot;0&quot;,&quot;credit&quot;:&quot;&quot;,&quot;camera&quot;:&quot;&quot;,&quot;caption&quot;:&quot;&quot;,&quot;created_timestamp&quot;:&quot;0&quot;,&quot;copyright&quot;:&quot;&quot;,&quot;focal_length&quot;:&quot;0&quot;,&quot;iso&quot;:&quot;0&quot;,&quot;shutter_speed&quot;:&quot;0&quot;,&quot;title&quot;:&quot;&quot;,&quot;orientation&quot;:&quot;1&quot;}\" data-image-title=\"IMG_6981\" data-image-description=\"\" data-image-caption=\"\" data-large-file=\"https:\/\/www.cisa-arica.cl\/wp1\/wp-content\/uploads\/2023\/10\/IMG_6981-rotated.jpg\" data-attachment-id=\"22670\" data-permalink=\"https:\/\/www.cisa-arica.cl\/wp1\/2023\/10\/12\/misa-de-los-sextos-anos-basicos\/img_6981\/\" data-orig-file=\"https:\/\/www.cisa-arica.cl\/wp1\/wp-content\/uploads\/2023\/10\/IMG_6981-rotated.jpg\" data-orig-size=\"240,320\" data-comments-opened=\"0\" data-image-meta=\"{&quot;aperture&quot;:&quot;0&quot;,&quot;credit&quot;:&quot;&quot;,&quot;camera&quot;:&quot;&quot;,&quot;caption&quot;:&quot;&quot;,&quot;created_timestamp&quot;:&quot;0&quot;,&quot;copyright&quot;:&quot;&quot;,&quot;focal_length&quot;:&quot;0&quot;,&quot;iso&quot;:&quot;0&quot;,&quot;shutter_speed&quot;:&quot;0&quot;,&quot;title&quot;:&quot;&quot;,&quot;orientation&quot;:&quot;1&quot;}\" data-image-title=\"IMG_6981\" data-image-description=\"\" data-image-caption=\"\" data-large-file=\"https:\/\/www.cisa-arica.cl\/wp1\/wp-content\/uploads\/2023\/10\/IMG_6981-rotated.jpg\" role=\"button\" tabindex=\"0\" aria-label=\"Abrir la imagen 40 de 50 en pantalla completa\"srcset=\"https:\/\/i1.wp.com\/www.cisa-arica.cl\/wp1\/wp-content\/uploads\/2023\/10\/IMG_6981-rotated.jpg?strip=info&#038;w=240&#038;ssl=1 240w\" alt=\"\" data-height=\"320\" data-id=\"22670\" data-link=\"https:\/\/www.cisa-arica.cl\/wp1\/?attachment_id=22670\" data-url=\"https:\/\/www.cisa-arica.cl\/wp1\/wp-content\/uploads\/2023\/10\/IMG_6981-rotated.jpg\" data-width=\"240\" src=\"https:\/\/i1.wp.com\/www.cisa-arica.cl\/wp1\/wp-content\/uploads\/2023\/10\/IMG_6981-rotated.jpg?ssl=1\" data-amp-layout=\"responsive\"\/><\/figure><\/div><div class=\"tiled-gallery__col\" style=\"flex-basis:25.00000%\"><figure class=\"tiled-gallery__item\"><img decoding=\"async\" data-attachment-id=\"22671\" data-permalink=\"https:\/\/www.cisa-arica.cl\/wp1\/2023\/10\/12\/misa-de-los-sextos-anos-basicos\/img_6982\/\" data-orig-file=\"https:\/\/www.cisa-arica.cl\/wp1\/wp-content\/uploads\/2023\/10\/IMG_6982-rotated.jpg\" data-orig-size=\"240,320\" data-comments-opened=\"0\" data-image-meta=\"{&quot;aperture&quot;:&quot;0&quot;,&quot;credit&quot;:&quot;&quot;,&quot;camera&quot;:&quot;&quot;,&quot;caption&quot;:&quot;&quot;,&quot;created_timestamp&quot;:&quot;0&quot;,&quot;copyright&quot;:&quot;&quot;,&quot;focal_length&quot;:&quot;0&quot;,&quot;iso&quot;:&quot;0&quot;,&quot;shutter_speed&quot;:&quot;0&quot;,&quot;title&quot;:&quot;&quot;,&quot;orientation&quot;:&quot;1&quot;}\" data-image-title=\"IMG_6982\" data-image-description=\"\" data-image-caption=\"\" data-large-file=\"https:\/\/www.cisa-arica.cl\/wp1\/wp-content\/uploads\/2023\/10\/IMG_6982-rotated.jpg\" data-attachment-id=\"22671\" data-permalink=\"https:\/\/www.cisa-arica.cl\/wp1\/2023\/10\/12\/misa-de-los-sextos-anos-basicos\/img_6982\/\" data-orig-file=\"https:\/\/www.cisa-arica.cl\/wp1\/wp-content\/uploads\/2023\/10\/IMG_6982-rotated.jpg\" data-orig-size=\"240,320\" data-comments-opened=\"0\" data-image-meta=\"{&quot;aperture&quot;:&quot;0&quot;,&quot;credit&quot;:&quot;&quot;,&quot;camera&quot;:&quot;&quot;,&quot;caption&quot;:&quot;&quot;,&quot;created_timestamp&quot;:&quot;0&quot;,&quot;copyright&quot;:&quot;&quot;,&quot;focal_length&quot;:&quot;0&quot;,&quot;iso&quot;:&quot;0&quot;,&quot;shutter_speed&quot;:&quot;0&quot;,&quot;title&quot;:&quot;&quot;,&quot;orientation&quot;:&quot;1&quot;}\" data-image-title=\"IMG_6982\" data-image-description=\"\" data-image-caption=\"\" data-large-file=\"https:\/\/www.cisa-arica.cl\/wp1\/wp-content\/uploads\/2023\/10\/IMG_6982-rotated.jpg\" role=\"button\" tabindex=\"0\" aria-label=\"Abrir la imagen 41 de 50 en pantalla completa\"srcset=\"https:\/\/i1.wp.com\/www.cisa-arica.cl\/wp1\/wp-content\/uploads\/2023\/10\/IMG_6982-rotated.jpg?strip=info&#038;w=240&#038;ssl=1 240w\" alt=\"\" data-height=\"320\" data-id=\"22671\" data-link=\"https:\/\/www.cisa-arica.cl\/wp1\/?attachment_id=22671\" data-url=\"https:\/\/www.cisa-arica.cl\/wp1\/wp-content\/uploads\/2023\/10\/IMG_6982-rotated.jpg\" data-width=\"240\" src=\"https:\/\/i1.wp.com\/www.cisa-arica.cl\/wp1\/wp-content\/uploads\/2023\/10\/IMG_6982-rotated.jpg?ssl=1\" data-amp-layout=\"responsive\"\/><\/figure><\/div><\/div><div class=\"tiled-gallery__row\"><div class=\"tiled-gallery__col\" style=\"flex-basis:50.00000%\"><figure class=\"tiled-gallery__item\"><img decoding=\"async\" data-attachment-id=\"22672\" data-permalink=\"https:\/\/www.cisa-arica.cl\/wp1\/2023\/10\/12\/misa-de-los-sextos-anos-basicos\/img_6983\/\" data-orig-file=\"https:\/\/www.cisa-arica.cl\/wp1\/wp-content\/uploads\/2023\/10\/IMG_6983-rotated.jpg\" data-orig-size=\"240,320\" data-comments-opened=\"0\" data-image-meta=\"{&quot;aperture&quot;:&quot;0&quot;,&quot;credit&quot;:&quot;&quot;,&quot;camera&quot;:&quot;&quot;,&quot;caption&quot;:&quot;&quot;,&quot;created_timestamp&quot;:&quot;0&quot;,&quot;copyright&quot;:&quot;&quot;,&quot;focal_length&quot;:&quot;0&quot;,&quot;iso&quot;:&quot;0&quot;,&quot;shutter_speed&quot;:&quot;0&quot;,&quot;title&quot;:&quot;&quot;,&quot;orientation&quot;:&quot;1&quot;}\" data-image-title=\"IMG_6983\" data-image-description=\"\" data-image-caption=\"\" data-large-file=\"https:\/\/www.cisa-arica.cl\/wp1\/wp-content\/uploads\/2023\/10\/IMG_6983-rotated.jpg\" data-attachment-id=\"22672\" data-permalink=\"https:\/\/www.cisa-arica.cl\/wp1\/2023\/10\/12\/misa-de-los-sextos-anos-basicos\/img_6983\/\" data-orig-file=\"https:\/\/www.cisa-arica.cl\/wp1\/wp-content\/uploads\/2023\/10\/IMG_6983-rotated.jpg\" data-orig-size=\"240,320\" data-comments-opened=\"0\" data-image-meta=\"{&quot;aperture&quot;:&quot;0&quot;,&quot;credit&quot;:&quot;&quot;,&quot;camera&quot;:&quot;&quot;,&quot;caption&quot;:&quot;&quot;,&quot;created_timestamp&quot;:&quot;0&quot;,&quot;copyright&quot;:&quot;&quot;,&quot;focal_length&quot;:&quot;0&quot;,&quot;iso&quot;:&quot;0&quot;,&quot;shutter_speed&quot;:&quot;0&quot;,&quot;title&quot;:&quot;&quot;,&quot;orientation&quot;:&quot;1&quot;}\" data-image-title=\"IMG_6983\" data-image-description=\"\" data-image-caption=\"\" data-large-file=\"https:\/\/www.cisa-arica.cl\/wp1\/wp-content\/uploads\/2023\/10\/IMG_6983-rotated.jpg\" role=\"button\" tabindex=\"0\" aria-label=\"Abrir la imagen 42 de 50 en pantalla completa\"srcset=\"https:\/\/i2.wp.com\/www.cisa-arica.cl\/wp1\/wp-content\/uploads\/2023\/10\/IMG_6983-rotated.jpg?strip=info&#038;w=240&#038;ssl=1 240w\" alt=\"\" data-height=\"320\" data-id=\"22672\" data-link=\"https:\/\/www.cisa-arica.cl\/wp1\/?attachment_id=22672\" data-url=\"https:\/\/www.cisa-arica.cl\/wp1\/wp-content\/uploads\/2023\/10\/IMG_6983-rotated.jpg\" data-width=\"240\" src=\"https:\/\/i2.wp.com\/www.cisa-arica.cl\/wp1\/wp-content\/uploads\/2023\/10\/IMG_6983-rotated.jpg?ssl=1\" data-amp-layout=\"responsive\"\/><\/figure><\/div><div class=\"tiled-gallery__col\" style=\"flex-basis:50.00000%\"><figure class=\"tiled-gallery__item\"><img decoding=\"async\" data-attachment-id=\"22673\" data-permalink=\"https:\/\/www.cisa-arica.cl\/wp1\/2023\/10\/12\/misa-de-los-sextos-anos-basicos\/img_6985\/\" data-orig-file=\"https:\/\/www.cisa-arica.cl\/wp1\/wp-content\/uploads\/2023\/10\/IMG_6985-rotated.jpg\" data-orig-size=\"240,320\" data-comments-opened=\"0\" data-image-meta=\"{&quot;aperture&quot;:&quot;0&quot;,&quot;credit&quot;:&quot;&quot;,&quot;camera&quot;:&quot;&quot;,&quot;caption&quot;:&quot;&quot;,&quot;created_timestamp&quot;:&quot;0&quot;,&quot;copyright&quot;:&quot;&quot;,&quot;focal_length&quot;:&quot;0&quot;,&quot;iso&quot;:&quot;0&quot;,&quot;shutter_speed&quot;:&quot;0&quot;,&quot;title&quot;:&quot;&quot;,&quot;orientation&quot;:&quot;1&quot;}\" data-image-title=\"IMG_6985\" data-image-description=\"\" data-image-caption=\"\" data-large-file=\"https:\/\/www.cisa-arica.cl\/wp1\/wp-content\/uploads\/2023\/10\/IMG_6985-rotated.jpg\" data-attachment-id=\"22673\" data-permalink=\"https:\/\/www.cisa-arica.cl\/wp1\/2023\/10\/12\/misa-de-los-sextos-anos-basicos\/img_6985\/\" data-orig-file=\"https:\/\/www.cisa-arica.cl\/wp1\/wp-content\/uploads\/2023\/10\/IMG_6985-rotated.jpg\" data-orig-size=\"240,320\" data-comments-opened=\"0\" data-image-meta=\"{&quot;aperture&quot;:&quot;0&quot;,&quot;credit&quot;:&quot;&quot;,&quot;camera&quot;:&quot;&quot;,&quot;caption&quot;:&quot;&quot;,&quot;created_timestamp&quot;:&quot;0&quot;,&quot;copyright&quot;:&quot;&quot;,&quot;focal_length&quot;:&quot;0&quot;,&quot;iso&quot;:&quot;0&quot;,&quot;shutter_speed&quot;:&quot;0&quot;,&quot;title&quot;:&quot;&quot;,&quot;orientation&quot;:&quot;1&quot;}\" data-image-title=\"IMG_6985\" data-image-description=\"\" data-image-caption=\"\" data-large-file=\"https:\/\/www.cisa-arica.cl\/wp1\/wp-content\/uploads\/2023\/10\/IMG_6985-rotated.jpg\" role=\"button\" tabindex=\"0\" aria-label=\"Abrir la imagen 43 de 50 en pantalla completa\"srcset=\"https:\/\/i0.wp.com\/www.cisa-arica.cl\/wp1\/wp-content\/uploads\/2023\/10\/IMG_6985-rotated.jpg?strip=info&#038;w=240&#038;ssl=1 240w\" alt=\"\" data-height=\"320\" data-id=\"22673\" data-link=\"https:\/\/www.cisa-arica.cl\/wp1\/?attachment_id=22673\" data-url=\"https:\/\/www.cisa-arica.cl\/wp1\/wp-content\/uploads\/2023\/10\/IMG_6985-rotated.jpg\" data-width=\"240\" src=\"https:\/\/i0.wp.com\/www.cisa-arica.cl\/wp1\/wp-content\/uploads\/2023\/10\/IMG_6985-rotated.jpg?ssl=1\" data-amp-layout=\"responsive\"\/><\/figure><\/div><\/div><div class=\"tiled-gallery__row\"><div class=\"tiled-gallery__col\" style=\"flex-basis:36.02586%\"><figure class=\"tiled-gallery__item\"><img decoding=\"async\" data-attachment-id=\"22674\" data-permalink=\"https:\/\/www.cisa-arica.cl\/wp1\/2023\/10\/12\/misa-de-los-sextos-anos-basicos\/img_6986\/\" data-orig-file=\"https:\/\/www.cisa-arica.cl\/wp1\/wp-content\/uploads\/2023\/10\/IMG_6986-rotated.jpg\" data-orig-size=\"240,320\" data-comments-opened=\"0\" data-image-meta=\"{&quot;aperture&quot;:&quot;0&quot;,&quot;credit&quot;:&quot;&quot;,&quot;camera&quot;:&quot;&quot;,&quot;caption&quot;:&quot;&quot;,&quot;created_timestamp&quot;:&quot;0&quot;,&quot;copyright&quot;:&quot;&quot;,&quot;focal_length&quot;:&quot;0&quot;,&quot;iso&quot;:&quot;0&quot;,&quot;shutter_speed&quot;:&quot;0&quot;,&quot;title&quot;:&quot;&quot;,&quot;orientation&quot;:&quot;1&quot;}\" data-image-title=\"IMG_6986\" data-image-description=\"\" data-image-caption=\"\" data-large-file=\"https:\/\/www.cisa-arica.cl\/wp1\/wp-content\/uploads\/2023\/10\/IMG_6986-rotated.jpg\" data-attachment-id=\"22674\" data-permalink=\"https:\/\/www.cisa-arica.cl\/wp1\/2023\/10\/12\/misa-de-los-sextos-anos-basicos\/img_6986\/\" data-orig-file=\"https:\/\/www.cisa-arica.cl\/wp1\/wp-content\/uploads\/2023\/10\/IMG_6986-rotated.jpg\" data-orig-size=\"240,320\" data-comments-opened=\"0\" data-image-meta=\"{&quot;aperture&quot;:&quot;0&quot;,&quot;credit&quot;:&quot;&quot;,&quot;camera&quot;:&quot;&quot;,&quot;caption&quot;:&quot;&quot;,&quot;created_timestamp&quot;:&quot;0&quot;,&quot;copyright&quot;:&quot;&quot;,&quot;focal_length&quot;:&quot;0&quot;,&quot;iso&quot;:&quot;0&quot;,&quot;shutter_speed&quot;:&quot;0&quot;,&quot;title&quot;:&quot;&quot;,&quot;orientation&quot;:&quot;1&quot;}\" data-image-title=\"IMG_6986\" data-image-description=\"\" data-image-caption=\"\" data-large-file=\"https:\/\/www.cisa-arica.cl\/wp1\/wp-content\/uploads\/2023\/10\/IMG_6986-rotated.jpg\" role=\"button\" tabindex=\"0\" aria-label=\"Abrir la imagen 44 de 50 en pantalla completa\"srcset=\"https:\/\/i2.wp.com\/www.cisa-arica.cl\/wp1\/wp-content\/uploads\/2023\/10\/IMG_6986-rotated.jpg?strip=info&#038;w=240&#038;ssl=1 240w\" alt=\"\" data-height=\"320\" data-id=\"22674\" data-link=\"https:\/\/www.cisa-arica.cl\/wp1\/?attachment_id=22674\" data-url=\"https:\/\/www.cisa-arica.cl\/wp1\/wp-content\/uploads\/2023\/10\/IMG_6986-rotated.jpg\" data-width=\"240\" src=\"https:\/\/i2.wp.com\/www.cisa-arica.cl\/wp1\/wp-content\/uploads\/2023\/10\/IMG_6986-rotated.jpg?ssl=1\" data-amp-layout=\"responsive\"\/><\/figure><\/div><div class=\"tiled-gallery__col\" style=\"flex-basis:63.97414%\"><figure class=\"tiled-gallery__item\"><img decoding=\"async\" data-attachment-id=\"22675\" data-permalink=\"https:\/\/www.cisa-arica.cl\/wp1\/2023\/10\/12\/misa-de-los-sextos-anos-basicos\/img_6987\/\" data-orig-file=\"https:\/\/www.cisa-arica.cl\/wp1\/wp-content\/uploads\/2023\/10\/IMG_6987.jpg\" data-orig-size=\"320,240\" data-comments-opened=\"0\" data-image-meta=\"{&quot;aperture&quot;:&quot;0&quot;,&quot;credit&quot;:&quot;&quot;,&quot;camera&quot;:&quot;&quot;,&quot;caption&quot;:&quot;&quot;,&quot;created_timestamp&quot;:&quot;0&quot;,&quot;copyright&quot;:&quot;&quot;,&quot;focal_length&quot;:&quot;0&quot;,&quot;iso&quot;:&quot;0&quot;,&quot;shutter_speed&quot;:&quot;0&quot;,&quot;title&quot;:&quot;&quot;,&quot;orientation&quot;:&quot;1&quot;}\" data-image-title=\"IMG_6987\" data-image-description=\"\" data-image-caption=\"\" data-large-file=\"https:\/\/www.cisa-arica.cl\/wp1\/wp-content\/uploads\/2023\/10\/IMG_6987.jpg\" data-attachment-id=\"22675\" data-permalink=\"https:\/\/www.cisa-arica.cl\/wp1\/2023\/10\/12\/misa-de-los-sextos-anos-basicos\/img_6987\/\" data-orig-file=\"https:\/\/www.cisa-arica.cl\/wp1\/wp-content\/uploads\/2023\/10\/IMG_6987.jpg\" data-orig-size=\"320,240\" data-comments-opened=\"0\" data-image-meta=\"{&quot;aperture&quot;:&quot;0&quot;,&quot;credit&quot;:&quot;&quot;,&quot;camera&quot;:&quot;&quot;,&quot;caption&quot;:&quot;&quot;,&quot;created_timestamp&quot;:&quot;0&quot;,&quot;copyright&quot;:&quot;&quot;,&quot;focal_length&quot;:&quot;0&quot;,&quot;iso&quot;:&quot;0&quot;,&quot;shutter_speed&quot;:&quot;0&quot;,&quot;title&quot;:&quot;&quot;,&quot;orientation&quot;:&quot;1&quot;}\" data-image-title=\"IMG_6987\" data-image-description=\"\" data-image-caption=\"\" data-large-file=\"https:\/\/www.cisa-arica.cl\/wp1\/wp-content\/uploads\/2023\/10\/IMG_6987.jpg\" role=\"button\" tabindex=\"0\" aria-label=\"Abrir la imagen 45 de 50 en pantalla completa\"srcset=\"https:\/\/i0.wp.com\/www.cisa-arica.cl\/wp1\/wp-content\/uploads\/2023\/10\/IMG_6987.jpg?strip=info&#038;w=320&#038;ssl=1 320w\" alt=\"\" data-height=\"240\" data-id=\"22675\" data-link=\"https:\/\/www.cisa-arica.cl\/wp1\/?attachment_id=22675\" data-url=\"https:\/\/www.cisa-arica.cl\/wp1\/wp-content\/uploads\/2023\/10\/IMG_6987.jpg\" data-width=\"320\" src=\"https:\/\/i0.wp.com\/www.cisa-arica.cl\/wp1\/wp-content\/uploads\/2023\/10\/IMG_6987.jpg?ssl=1\" data-amp-layout=\"responsive\"\/><\/figure><\/div><\/div><div class=\"tiled-gallery__row\"><div class=\"tiled-gallery__col\" style=\"flex-basis:50.00000%\"><figure class=\"tiled-gallery__item\"><img decoding=\"async\" data-attachment-id=\"22676\" data-permalink=\"https:\/\/www.cisa-arica.cl\/wp1\/2023\/10\/12\/misa-de-los-sextos-anos-basicos\/img_6988\/\" data-orig-file=\"https:\/\/www.cisa-arica.cl\/wp1\/wp-content\/uploads\/2023\/10\/IMG_6988-rotated.jpg\" data-orig-size=\"240,320\" data-comments-opened=\"0\" data-image-meta=\"{&quot;aperture&quot;:&quot;0&quot;,&quot;credit&quot;:&quot;&quot;,&quot;camera&quot;:&quot;&quot;,&quot;caption&quot;:&quot;&quot;,&quot;created_timestamp&quot;:&quot;0&quot;,&quot;copyright&quot;:&quot;&quot;,&quot;focal_length&quot;:&quot;0&quot;,&quot;iso&quot;:&quot;0&quot;,&quot;shutter_speed&quot;:&quot;0&quot;,&quot;title&quot;:&quot;&quot;,&quot;orientation&quot;:&quot;1&quot;}\" data-image-title=\"IMG_6988\" data-image-description=\"\" data-image-caption=\"\" data-large-file=\"https:\/\/www.cisa-arica.cl\/wp1\/wp-content\/uploads\/2023\/10\/IMG_6988-rotated.jpg\" data-attachment-id=\"22676\" data-permalink=\"https:\/\/www.cisa-arica.cl\/wp1\/2023\/10\/12\/misa-de-los-sextos-anos-basicos\/img_6988\/\" data-orig-file=\"https:\/\/www.cisa-arica.cl\/wp1\/wp-content\/uploads\/2023\/10\/IMG_6988-rotated.jpg\" data-orig-size=\"240,320\" data-comments-opened=\"0\" data-image-meta=\"{&quot;aperture&quot;:&quot;0&quot;,&quot;credit&quot;:&quot;&quot;,&quot;camera&quot;:&quot;&quot;,&quot;caption&quot;:&quot;&quot;,&quot;created_timestamp&quot;:&quot;0&quot;,&quot;copyright&quot;:&quot;&quot;,&quot;focal_length&quot;:&quot;0&quot;,&quot;iso&quot;:&quot;0&quot;,&quot;shutter_speed&quot;:&quot;0&quot;,&quot;title&quot;:&quot;&quot;,&quot;orientation&quot;:&quot;1&quot;}\" data-image-title=\"IMG_6988\" data-image-description=\"\" data-image-caption=\"\" data-large-file=\"https:\/\/www.cisa-arica.cl\/wp1\/wp-content\/uploads\/2023\/10\/IMG_6988-rotated.jpg\" role=\"button\" tabindex=\"0\" aria-label=\"Abrir la imagen 46 de 50 en pantalla completa\"srcset=\"https:\/\/i0.wp.com\/www.cisa-arica.cl\/wp1\/wp-content\/uploads\/2023\/10\/IMG_6988-rotated.jpg?strip=info&#038;w=240&#038;ssl=1 240w\" alt=\"\" data-height=\"320\" data-id=\"22676\" data-link=\"https:\/\/www.cisa-arica.cl\/wp1\/?attachment_id=22676\" data-url=\"https:\/\/www.cisa-arica.cl\/wp1\/wp-content\/uploads\/2023\/10\/IMG_6988-rotated.jpg\" data-width=\"240\" src=\"https:\/\/i0.wp.com\/www.cisa-arica.cl\/wp1\/wp-content\/uploads\/2023\/10\/IMG_6988-rotated.jpg?ssl=1\" data-amp-layout=\"responsive\"\/><\/figure><\/div><div class=\"tiled-gallery__col\" style=\"flex-basis:50.00000%\"><figure class=\"tiled-gallery__item\"><img decoding=\"async\" data-attachment-id=\"22681\" data-permalink=\"https:\/\/www.cisa-arica.cl\/wp1\/2023\/10\/12\/misa-de-los-sextos-anos-basicos\/img_6993\/\" data-orig-file=\"https:\/\/www.cisa-arica.cl\/wp1\/wp-content\/uploads\/2023\/10\/IMG_6993-rotated.jpg\" data-orig-size=\"240,320\" data-comments-opened=\"0\" data-image-meta=\"{&quot;aperture&quot;:&quot;0&quot;,&quot;credit&quot;:&quot;&quot;,&quot;camera&quot;:&quot;&quot;,&quot;caption&quot;:&quot;&quot;,&quot;created_timestamp&quot;:&quot;0&quot;,&quot;copyright&quot;:&quot;&quot;,&quot;focal_length&quot;:&quot;0&quot;,&quot;iso&quot;:&quot;0&quot;,&quot;shutter_speed&quot;:&quot;0&quot;,&quot;title&quot;:&quot;&quot;,&quot;orientation&quot;:&quot;1&quot;}\" data-image-title=\"IMG_6993\" data-image-description=\"\" data-image-caption=\"\" data-large-file=\"https:\/\/www.cisa-arica.cl\/wp1\/wp-content\/uploads\/2023\/10\/IMG_6993-rotated.jpg\" data-attachment-id=\"22681\" data-permalink=\"https:\/\/www.cisa-arica.cl\/wp1\/2023\/10\/12\/misa-de-los-sextos-anos-basicos\/img_6993\/\" data-orig-file=\"https:\/\/www.cisa-arica.cl\/wp1\/wp-content\/uploads\/2023\/10\/IMG_6993-rotated.jpg\" data-orig-size=\"240,320\" data-comments-opened=\"0\" data-image-meta=\"{&quot;aperture&quot;:&quot;0&quot;,&quot;credit&quot;:&quot;&quot;,&quot;camera&quot;:&quot;&quot;,&quot;caption&quot;:&quot;&quot;,&quot;created_timestamp&quot;:&quot;0&quot;,&quot;copyright&quot;:&quot;&quot;,&quot;focal_length&quot;:&quot;0&quot;,&quot;iso&quot;:&quot;0&quot;,&quot;shutter_speed&quot;:&quot;0&quot;,&quot;title&quot;:&quot;&quot;,&quot;orientation&quot;:&quot;1&quot;}\" data-image-title=\"IMG_6993\" data-image-description=\"\" data-image-caption=\"\" data-large-file=\"https:\/\/www.cisa-arica.cl\/wp1\/wp-content\/uploads\/2023\/10\/IMG_6993-rotated.jpg\" role=\"button\" tabindex=\"0\" aria-label=\"Abrir la imagen 47 de 50 en pantalla completa\"srcset=\"https:\/\/i1.wp.com\/www.cisa-arica.cl\/wp1\/wp-content\/uploads\/2023\/10\/IMG_6993-rotated.jpg?strip=info&#038;w=240&#038;ssl=1 240w\" alt=\"\" data-height=\"320\" data-id=\"22681\" data-link=\"https:\/\/www.cisa-arica.cl\/wp1\/?attachment_id=22681\" data-url=\"https:\/\/www.cisa-arica.cl\/wp1\/wp-content\/uploads\/2023\/10\/IMG_6993-rotated.jpg\" data-width=\"240\" src=\"https:\/\/i1.wp.com\/www.cisa-arica.cl\/wp1\/wp-content\/uploads\/2023\/10\/IMG_6993-rotated.jpg?ssl=1\" data-amp-layout=\"responsive\"\/><\/figure><\/div><\/div><div class=\"tiled-gallery__row\"><div class=\"tiled-gallery__col\" style=\"flex-basis:66.74547%\"><figure class=\"tiled-gallery__item\"><img decoding=\"async\" data-attachment-id=\"22682\" data-permalink=\"https:\/\/www.cisa-arica.cl\/wp1\/2023\/10\/12\/misa-de-los-sextos-anos-basicos\/whatsapp-image-2023-10-12-at-22-34-42\/\" data-orig-file=\"https:\/\/www.cisa-arica.cl\/wp1\/wp-content\/uploads\/2023\/10\/WhatsApp-Image-2023-10-12-at-22.34.42.jpeg\" data-orig-size=\"1024,768\" data-comments-opened=\"0\" data-image-meta=\"{&quot;aperture&quot;:&quot;0&quot;,&quot;credit&quot;:&quot;&quot;,&quot;camera&quot;:&quot;&quot;,&quot;caption&quot;:&quot;&quot;,&quot;created_timestamp&quot;:&quot;0&quot;,&quot;copyright&quot;:&quot;&quot;,&quot;focal_length&quot;:&quot;0&quot;,&quot;iso&quot;:&quot;0&quot;,&quot;shutter_speed&quot;:&quot;0&quot;,&quot;title&quot;:&quot;&quot;,&quot;orientation&quot;:&quot;0&quot;}\" data-image-title=\"WhatsApp-Image-2023-10-12-at-22.34.42\" data-image-description=\"\" data-image-caption=\"\" data-large-file=\"https:\/\/www.cisa-arica.cl\/wp1\/wp-content\/uploads\/2023\/10\/WhatsApp-Image-2023-10-12-at-22.34.42-600x450.jpeg\" data-attachment-id=\"22682\" data-permalink=\"https:\/\/www.cisa-arica.cl\/wp1\/2023\/10\/12\/misa-de-los-sextos-anos-basicos\/whatsapp-image-2023-10-12-at-22-34-42\/\" data-orig-file=\"https:\/\/www.cisa-arica.cl\/wp1\/wp-content\/uploads\/2023\/10\/WhatsApp-Image-2023-10-12-at-22.34.42.jpeg\" data-orig-size=\"1024,768\" data-comments-opened=\"0\" data-image-meta=\"{&quot;aperture&quot;:&quot;0&quot;,&quot;credit&quot;:&quot;&quot;,&quot;camera&quot;:&quot;&quot;,&quot;caption&quot;:&quot;&quot;,&quot;created_timestamp&quot;:&quot;0&quot;,&quot;copyright&quot;:&quot;&quot;,&quot;focal_length&quot;:&quot;0&quot;,&quot;iso&quot;:&quot;0&quot;,&quot;shutter_speed&quot;:&quot;0&quot;,&quot;title&quot;:&quot;&quot;,&quot;orientation&quot;:&quot;0&quot;}\" data-image-title=\"WhatsApp-Image-2023-10-12-at-22.34.42\" data-image-description=\"\" data-image-caption=\"\" data-large-file=\"https:\/\/www.cisa-arica.cl\/wp1\/wp-content\/uploads\/2023\/10\/WhatsApp-Image-2023-10-12-at-22.34.42-600x450.jpeg\" role=\"button\" tabindex=\"0\" aria-label=\"Abrir la imagen 48 de 50 en pantalla completa\"srcset=\"https:\/\/i1.wp.com\/www.cisa-arica.cl\/wp1\/wp-content\/uploads\/2023\/10\/WhatsApp-Image-2023-10-12-at-22.34.42-600x450.jpeg?strip=info&#038;w=600&#038;ssl=1 600w,https:\/\/i1.wp.com\/www.cisa-arica.cl\/wp1\/wp-content\/uploads\/2023\/10\/WhatsApp-Image-2023-10-12-at-22.34.42-600x450.jpeg?strip=info&#038;w=900&#038;ssl=1 900w,https:\/\/i1.wp.com\/www.cisa-arica.cl\/wp1\/wp-content\/uploads\/2023\/10\/WhatsApp-Image-2023-10-12-at-22.34.42-600x450.jpeg?strip=info&#038;w=1024&#038;ssl=1 1024w\" alt=\"\" data-height=\"768\" data-id=\"22682\" data-link=\"https:\/\/www.cisa-arica.cl\/wp1\/?attachment_id=22682\" data-url=\"https:\/\/www.cisa-arica.cl\/wp1\/wp-content\/uploads\/2023\/10\/WhatsApp-Image-2023-10-12-at-22.34.42-600x450.jpeg\" data-width=\"1024\" src=\"https:\/\/i1.wp.com\/www.cisa-arica.cl\/wp1\/wp-content\/uploads\/2023\/10\/WhatsApp-Image-2023-10-12-at-22.34.42-600x450.jpeg?ssl=1\" data-amp-layout=\"responsive\"\/><\/figure><\/div><div class=\"tiled-gallery__col\" style=\"flex-basis:33.25453%\"><figure class=\"tiled-gallery__item\"><img decoding=\"async\" data-attachment-id=\"22683\" data-permalink=\"https:\/\/www.cisa-arica.cl\/wp1\/2023\/10\/12\/misa-de-los-sextos-anos-basicos\/whatsapp-image-2023-10-12-at-22-34-42-2\/\" data-orig-file=\"https:\/\/www.cisa-arica.cl\/wp1\/wp-content\/uploads\/2023\/10\/WhatsApp-Image-2023-10-12-at-22.34.42-2.jpeg\" data-orig-size=\"1024,768\" data-comments-opened=\"0\" data-image-meta=\"{&quot;aperture&quot;:&quot;0&quot;,&quot;credit&quot;:&quot;&quot;,&quot;camera&quot;:&quot;&quot;,&quot;caption&quot;:&quot;&quot;,&quot;created_timestamp&quot;:&quot;0&quot;,&quot;copyright&quot;:&quot;&quot;,&quot;focal_length&quot;:&quot;0&quot;,&quot;iso&quot;:&quot;0&quot;,&quot;shutter_speed&quot;:&quot;0&quot;,&quot;title&quot;:&quot;&quot;,&quot;orientation&quot;:&quot;0&quot;}\" data-image-title=\"WhatsApp-Image-2023-10-12-at-22.34.42-2\" data-image-description=\"\" data-image-caption=\"\" data-large-file=\"https:\/\/www.cisa-arica.cl\/wp1\/wp-content\/uploads\/2023\/10\/WhatsApp-Image-2023-10-12-at-22.34.42-2-600x450.jpeg\" data-attachment-id=\"22683\" data-permalink=\"https:\/\/www.cisa-arica.cl\/wp1\/2023\/10\/12\/misa-de-los-sextos-anos-basicos\/whatsapp-image-2023-10-12-at-22-34-42-2\/\" data-orig-file=\"https:\/\/www.cisa-arica.cl\/wp1\/wp-content\/uploads\/2023\/10\/WhatsApp-Image-2023-10-12-at-22.34.42-2.jpeg\" data-orig-size=\"1024,768\" data-comments-opened=\"0\" data-image-meta=\"{&quot;aperture&quot;:&quot;0&quot;,&quot;credit&quot;:&quot;&quot;,&quot;camera&quot;:&quot;&quot;,&quot;caption&quot;:&quot;&quot;,&quot;created_timestamp&quot;:&quot;0&quot;,&quot;copyright&quot;:&quot;&quot;,&quot;focal_length&quot;:&quot;0&quot;,&quot;iso&quot;:&quot;0&quot;,&quot;shutter_speed&quot;:&quot;0&quot;,&quot;title&quot;:&quot;&quot;,&quot;orientation&quot;:&quot;0&quot;}\" data-image-title=\"WhatsApp-Image-2023-10-12-at-22.34.42-2\" data-image-description=\"\" data-image-caption=\"\" data-large-file=\"https:\/\/www.cisa-arica.cl\/wp1\/wp-content\/uploads\/2023\/10\/WhatsApp-Image-2023-10-12-at-22.34.42-2-600x450.jpeg\" role=\"button\" tabindex=\"0\" aria-label=\"Abrir la imagen 49 de 50 en pantalla completa\"srcset=\"https:\/\/i1.wp.com\/www.cisa-arica.cl\/wp1\/wp-content\/uploads\/2023\/10\/WhatsApp-Image-2023-10-12-at-22.34.42-2-600x450.jpeg?strip=info&#038;w=600&#038;ssl=1 600w,https:\/\/i1.wp.com\/www.cisa-arica.cl\/wp1\/wp-content\/uploads\/2023\/10\/WhatsApp-Image-2023-10-12-at-22.34.42-2-600x450.jpeg?strip=info&#038;w=900&#038;ssl=1 900w,https:\/\/i1.wp.com\/www.cisa-arica.cl\/wp1\/wp-content\/uploads\/2023\/10\/WhatsApp-Image-2023-10-12-at-22.34.42-2-600x450.jpeg?strip=info&#038;w=1024&#038;ssl=1 1024w\" alt=\"\" data-height=\"768\" data-id=\"22683\" data-link=\"https:\/\/www.cisa-arica.cl\/wp1\/?attachment_id=22683\" data-url=\"https:\/\/www.cisa-arica.cl\/wp1\/wp-content\/uploads\/2023\/10\/WhatsApp-Image-2023-10-12-at-22.34.42-2-600x450.jpeg\" data-width=\"1024\" src=\"https:\/\/i1.wp.com\/www.cisa-arica.cl\/wp1\/wp-content\/uploads\/2023\/10\/WhatsApp-Image-2023-10-12-at-22.34.42-2-600x450.jpeg?ssl=1\" data-amp-layout=\"responsive\"\/><\/figure><figure class=\"tiled-gallery__item\"><img decoding=\"async\" data-attachment-id=\"22684\" data-permalink=\"https:\/\/www.cisa-arica.cl\/wp1\/2023\/10\/12\/misa-de-los-sextos-anos-basicos\/whatsapp-image-2023-10-12-at-22-34-42-1\/\" data-orig-file=\"https:\/\/www.cisa-arica.cl\/wp1\/wp-content\/uploads\/2023\/10\/WhatsApp-Image-2023-10-12-at-22.34.42-1.jpeg\" data-orig-size=\"1024,768\" data-comments-opened=\"0\" data-image-meta=\"{&quot;aperture&quot;:&quot;0&quot;,&quot;credit&quot;:&quot;&quot;,&quot;camera&quot;:&quot;&quot;,&quot;caption&quot;:&quot;&quot;,&quot;created_timestamp&quot;:&quot;0&quot;,&quot;copyright&quot;:&quot;&quot;,&quot;focal_length&quot;:&quot;0&quot;,&quot;iso&quot;:&quot;0&quot;,&quot;shutter_speed&quot;:&quot;0&quot;,&quot;title&quot;:&quot;&quot;,&quot;orientation&quot;:&quot;0&quot;}\" data-image-title=\"WhatsApp-Image-2023-10-12-at-22.34.42-1\" data-image-description=\"\" data-image-caption=\"\" data-large-file=\"https:\/\/www.cisa-arica.cl\/wp1\/wp-content\/uploads\/2023\/10\/WhatsApp-Image-2023-10-12-at-22.34.42-1-600x450.jpeg\" data-attachment-id=\"22684\" data-permalink=\"https:\/\/www.cisa-arica.cl\/wp1\/2023\/10\/12\/misa-de-los-sextos-anos-basicos\/whatsapp-image-2023-10-12-at-22-34-42-1\/\" data-orig-file=\"https:\/\/www.cisa-arica.cl\/wp1\/wp-content\/uploads\/2023\/10\/WhatsApp-Image-2023-10-12-at-22.34.42-1.jpeg\" data-orig-size=\"1024,768\" data-comments-opened=\"0\" data-image-meta=\"{&quot;aperture&quot;:&quot;0&quot;,&quot;credit&quot;:&quot;&quot;,&quot;camera&quot;:&quot;&quot;,&quot;caption&quot;:&quot;&quot;,&quot;created_timestamp&quot;:&quot;0&quot;,&quot;copyright&quot;:&quot;&quot;,&quot;focal_length&quot;:&quot;0&quot;,&quot;iso&quot;:&quot;0&quot;,&quot;shutter_speed&quot;:&quot;0&quot;,&quot;title&quot;:&quot;&quot;,&quot;orientation&quot;:&quot;0&quot;}\" data-image-title=\"WhatsApp-Image-2023-10-12-at-22.34.42-1\" data-image-description=\"\" data-image-caption=\"\" data-large-file=\"https:\/\/www.cisa-arica.cl\/wp1\/wp-content\/uploads\/2023\/10\/WhatsApp-Image-2023-10-12-at-22.34.42-1-600x450.jpeg\" role=\"button\" tabindex=\"0\" aria-label=\"Abrir la imagen 50 de 50 en pantalla completa\"srcset=\"https:\/\/i2.wp.com\/www.cisa-arica.cl\/wp1\/wp-content\/uploads\/2023\/10\/WhatsApp-Image-2023-10-12-at-22.34.42-1-600x450.jpeg?strip=info&#038;w=600&#038;ssl=1 600w,https:\/\/i2.wp.com\/www.cisa-arica.cl\/wp1\/wp-content\/uploads\/2023\/10\/WhatsApp-Image-2023-10-12-at-22.34.42-1-600x450.jpeg?strip=info&#038;w=900&#038;ssl=1 900w,https:\/\/i2.wp.com\/www.cisa-arica.cl\/wp1\/wp-content\/uploads\/2023\/10\/WhatsApp-Image-2023-10-12-at-22.34.42-1-600x450.jpeg?strip=info&#038;w=1024&#038;ssl=1 1024w\" alt=\"\" data-height=\"768\" data-id=\"22684\" data-link=\"https:\/\/www.cisa-arica.cl\/wp1\/?attachment_id=22684\" data-url=\"https:\/\/www.cisa-arica.cl\/wp1\/wp-content\/uploads\/2023\/10\/WhatsApp-Image-2023-10-12-at-22.34.42-1-600x450.jpeg\" data-width=\"1024\" src=\"https:\/\/i2.wp.com\/www.cisa-arica.cl\/wp1\/wp-content\/uploads\/2023\/10\/WhatsApp-Image-2023-10-12-at-22.34.42-1-600x450.jpeg?ssl=1\" data-amp-layout=\"responsive\"\/><\/figure><\/div><\/div><\/div><\/div>\n","protected":false},"excerpt":{"rendered":"<p>Este mi\u00e9rcoles 11 de octubre se celebr\u00f3 la misa de los 6tos a\u00f1os A y B, oportunidad en donde las estudiantes, profesoras, Hermanas de la Congregaci\u00f3n y apoderados invitados, rezaron por la paz mundial, las familias y cada uno de los presentes.<\/p>\n","protected":false},"author":5,"featured_media":23131,"comment_status":"closed","ping_status":"open","sticky":false,"template":"","format":"standard","meta":{"_jetpack_memberships_contains_paid_content":false,"footnotes":"","jetpack_publicize_message":"","jetpack_publicize_feature_enabled":true,"jetpack_social_post_already_shared":true,"jetpack_social_options":{"image_generator_settings":{"template":"highway","default_image_id":0,"font":"","enabled":false},"version":2}},"categories":[5],"tags":[],"class_list":["post-22626","post","type-post","status-publish","format-standard","has-post-thumbnail","hentry","category-uncategorized"],"jetpack_publicize_connections":[],"jetpack_featured_media_url":"https:\/\/www.cisa-arica.cl\/wp1\/wp-content\/uploads\/2023\/10\/WhatsApp-Image-2023-10-12-at-22.34.42-3.jpeg","jetpack_sharing_enabled":true,"jetpack_shortlink":"https:\/\/wp.me\/p84wcz-5SW","jetpack-related-posts":[{"id":26563,"url":"https:\/\/www.cisa-arica.cl\/wp1\/2024\/09\/13\/misa-a-la-chilena-2024\/","url_meta":{"origin":22626,"position":0},"title":"Misa a la Chilena 2024","author":"Jeannette Rivera","date":"13 de Septiembre de 2024","format":false,"excerpt":"Con m\u00fasica, alegr\u00eda y nuestro baile nacional, celebramos la Misa a la Chilena para agradecer a Dios por sus bondades y pedir por nuestra Patria amada. La misa fue precedida por el padre Mario con la participaci\u00f3n de toda la Comunidad Educativa.","rel":"","context":"Entrada similar ","block_context":{"text":"Entrada similar ","link":""},"img":{"alt_text":"","src":"https:\/\/i0.wp.com\/www.cisa-arica.cl\/wp1\/wp-content\/uploads\/2024\/10\/IMG_5566-scaled.jpg?resize=350%2C200&ssl=1","width":350,"height":200,"srcset":"https:\/\/i0.wp.com\/www.cisa-arica.cl\/wp1\/wp-content\/uploads\/2024\/10\/IMG_5566-scaled.jpg?resize=350%2C200&ssl=1 1x, https:\/\/i0.wp.com\/www.cisa-arica.cl\/wp1\/wp-content\/uploads\/2024\/10\/IMG_5566-scaled.jpg?resize=525%2C300&ssl=1 1.5x, https:\/\/i0.wp.com\/www.cisa-arica.cl\/wp1\/wp-content\/uploads\/2024\/10\/IMG_5566-scaled.jpg?resize=700%2C400&ssl=1 2x, https:\/\/i0.wp.com\/www.cisa-arica.cl\/wp1\/wp-content\/uploads\/2024\/10\/IMG_5566-scaled.jpg?resize=1050%2C600&ssl=1 3x, https:\/\/i0.wp.com\/www.cisa-arica.cl\/wp1\/wp-content\/uploads\/2024\/10\/IMG_5566-scaled.jpg?resize=1400%2C800&ssl=1 4x"},"classes":[]},{"id":26479,"url":"https:\/\/www.cisa-arica.cl\/wp1\/2024\/08\/30\/misa-de-los-segundos-anos-basicos\/","url_meta":{"origin":22626,"position":1},"title":"Misa de los Segundos A\u00f1os B\u00e1sicos","author":"Jeannette Rivera","date":"30 de Agosto de 2024","format":false,"excerpt":"El pasado jueves 29 de agosto los segundos a\u00f1os b\u00e1sicos dedicaron sus oraciones en la Misa \u00a0junto a la \u00a0Hermana Lilian, sus profesoras, t\u00e9cnicos y apoderados que acompa\u00f1aron a las estudiantes. La misa fue presidida por el padre Mario. \u00a0","rel":"","context":"Entrada similar ","block_context":{"text":"Entrada similar ","link":""},"img":{"alt_text":"","src":"https:\/\/i0.wp.com\/www.cisa-arica.cl\/wp1\/wp-content\/uploads\/2024\/09\/2d4759b0-2b47-4d10-a547-529764f8c499.jpeg?resize=350%2C200&ssl=1","width":350,"height":200,"srcset":"https:\/\/i0.wp.com\/www.cisa-arica.cl\/wp1\/wp-content\/uploads\/2024\/09\/2d4759b0-2b47-4d10-a547-529764f8c499.jpeg?resize=350%2C200&ssl=1 1x, https:\/\/i0.wp.com\/www.cisa-arica.cl\/wp1\/wp-content\/uploads\/2024\/09\/2d4759b0-2b47-4d10-a547-529764f8c499.jpeg?resize=525%2C300&ssl=1 1.5x, https:\/\/i0.wp.com\/www.cisa-arica.cl\/wp1\/wp-content\/uploads\/2024\/09\/2d4759b0-2b47-4d10-a547-529764f8c499.jpeg?resize=700%2C400&ssl=1 2x, https:\/\/i0.wp.com\/www.cisa-arica.cl\/wp1\/wp-content\/uploads\/2024\/09\/2d4759b0-2b47-4d10-a547-529764f8c499.jpeg?resize=1050%2C600&ssl=1 3x"},"classes":[]},{"id":28986,"url":"https:\/\/www.cisa-arica.cl\/wp1\/2025\/09\/22\/misa-a-la-chilena-2\/","url_meta":{"origin":22626,"position":2},"title":"Misa a la chilena","author":"Jeannette Rivera","date":"22 de Septiembre de 2025","format":false,"excerpt":"El Mi\u00e9rcoles 10 de Septiembre, nuestra comunidad celebr\u00f3 la Misa a la Chilena para agradecer a Dios y a la Virgen por todas las bondades que hermosa Naci\u00f3n llamada Chile, nos proovee todos los d\u00edas. La misa fue precedida por el padre Mario y participaron las Hermanas de la Comunidad,\u2026","rel":"","context":"Entrada similar ","block_context":{"text":"Entrada similar ","link":""},"img":{"alt_text":"","src":"https:\/\/i0.wp.com\/www.cisa-arica.cl\/wp1\/wp-content\/uploads\/2025\/09\/IMG_9469.jpg?resize=350%2C200&ssl=1","width":350,"height":200,"srcset":"https:\/\/i0.wp.com\/www.cisa-arica.cl\/wp1\/wp-content\/uploads\/2025\/09\/IMG_9469.jpg?resize=350%2C200&ssl=1 1x, https:\/\/i0.wp.com\/www.cisa-arica.cl\/wp1\/wp-content\/uploads\/2025\/09\/IMG_9469.jpg?resize=525%2C300&ssl=1 1.5x, https:\/\/i0.wp.com\/www.cisa-arica.cl\/wp1\/wp-content\/uploads\/2025\/09\/IMG_9469.jpg?resize=700%2C400&ssl=1 2x, https:\/\/i0.wp.com\/www.cisa-arica.cl\/wp1\/wp-content\/uploads\/2025\/09\/IMG_9469.jpg?resize=1050%2C600&ssl=1 3x, https:\/\/i0.wp.com\/www.cisa-arica.cl\/wp1\/wp-content\/uploads\/2025\/09\/IMG_9469.jpg?resize=1400%2C800&ssl=1 4x"},"classes":[]},{"id":21669,"url":"https:\/\/www.cisa-arica.cl\/wp1\/2023\/08\/25\/misa-primeros-anos-basicos-a-y-b\/","url_meta":{"origin":22626,"position":3},"title":"Misa Primeros a\u00f1os b\u00e1sicos A y B","author":"Jeannette Rivera","date":"25 de Agosto de 2023","format":false,"excerpt":"El mi\u00e9rcoles 23, los primeros b\u00e1sicos participaron de la misa en muestra capilla.","rel":"","context":"Entrada similar ","block_context":{"text":"Entrada similar ","link":""},"img":{"alt_text":"","src":"https:\/\/i0.wp.com\/www.cisa-arica.cl\/wp1\/wp-content\/uploads\/2023\/08\/F1123321-A153-44AC-8FBC-BAFB5711F4E4.webp?resize=350%2C200&ssl=1","width":350,"height":200,"srcset":"https:\/\/i0.wp.com\/www.cisa-arica.cl\/wp1\/wp-content\/uploads\/2023\/08\/F1123321-A153-44AC-8FBC-BAFB5711F4E4.webp?resize=350%2C200&ssl=1 1x, https:\/\/i0.wp.com\/www.cisa-arica.cl\/wp1\/wp-content\/uploads\/2023\/08\/F1123321-A153-44AC-8FBC-BAFB5711F4E4.webp?resize=525%2C300&ssl=1 1.5x"},"classes":[]},{"id":18451,"url":"https:\/\/www.cisa-arica.cl\/wp1\/2022\/11\/30\/invitacion-a-misa-por-cuartos-medios\/","url_meta":{"origin":22626,"position":4},"title":"Invitaci\u00f3n a Misa por Cuartos Medios","author":"Jeannette Rivera","date":"30 de Noviembre de 2022","format":false,"excerpt":"Estimada Comunidad Educativa: Est\u00e1n cordialmente invitados a que nos acompa\u00f1en a celebrar la misa por los Cuartos Medios generaci\u00f3n 2022,\u00a0la cual tendr\u00e1 lugar en la Catedral San Marcos y ser\u00e1 precedida por el obispo Mois\u00e9s Atisha. La misa ser\u00e1 ma\u00f1ana jueves 01 de diciembre a las 18:00 horas. Esperamos contar\u2026","rel":"","context":"Entrada similar ","block_context":{"text":"Entrada similar ","link":""},"img":{"alt_text":"","src":"https:\/\/i0.wp.com\/www.cisa-arica.cl\/wp1\/wp-content\/uploads\/2022\/11\/0666FF7B-101E-4472-858F-3EAB95F06291.jpeg?resize=350%2C200&ssl=1","width":350,"height":200,"srcset":"https:\/\/i0.wp.com\/www.cisa-arica.cl\/wp1\/wp-content\/uploads\/2022\/11\/0666FF7B-101E-4472-858F-3EAB95F06291.jpeg?resize=350%2C200&ssl=1 1x, https:\/\/i0.wp.com\/www.cisa-arica.cl\/wp1\/wp-content\/uploads\/2022\/11\/0666FF7B-101E-4472-858F-3EAB95F06291.jpeg?resize=525%2C300&ssl=1 1.5x"},"classes":[]},{"id":29336,"url":"https:\/\/www.cisa-arica.cl\/wp1\/2025\/12\/03\/misa-de-despedida-a-los-cuartos-medios-2025\/","url_meta":{"origin":22626,"position":5},"title":"Misa de despedida a los Cuartos Medios 2025","author":"Jeannette Rivera","date":"3 de Diciembre de 2025","format":false,"excerpt":"Con una concurrida misa, nuestro colegio despidi\u00f3 a las estudiantes de los Cuartos Medios generaci\u00f3n 2025.","rel":"","context":"Entrada similar ","block_context":{"text":"Entrada similar ","link":""},"img":{"alt_text":"","src":"https:\/\/i0.wp.com\/www.cisa-arica.cl\/wp1\/wp-content\/uploads\/2025\/12\/IMG_0944-scaled.jpg?resize=350%2C200&ssl=1","width":350,"height":200,"srcset":"https:\/\/i0.wp.com\/www.cisa-arica.cl\/wp1\/wp-content\/uploads\/2025\/12\/IMG_0944-scaled.jpg?resize=350%2C200&ssl=1 1x, https:\/\/i0.wp.com\/www.cisa-arica.cl\/wp1\/wp-content\/uploads\/2025\/12\/IMG_0944-scaled.jpg?resize=525%2C300&ssl=1 1.5x, https:\/\/i0.wp.com\/www.cisa-arica.cl\/wp1\/wp-content\/uploads\/2025\/12\/IMG_0944-scaled.jpg?resize=700%2C400&ssl=1 2x, https:\/\/i0.wp.com\/www.cisa-arica.cl\/wp1\/wp-content\/uploads\/2025\/12\/IMG_0944-scaled.jpg?resize=1050%2C600&ssl=1 3x, https:\/\/i0.wp.com\/www.cisa-arica.cl\/wp1\/wp-content\/uploads\/2025\/12\/IMG_0944-scaled.jpg?resize=1400%2C800&ssl=1 4x"},"classes":[]}],"_links":{"self":[{"href":"https:\/\/www.cisa-arica.cl\/wp1\/wp-json\/wp\/v2\/posts\/22626","targetHints":{"allow":["GET"]}}],"collection":[{"href":"https:\/\/www.cisa-arica.cl\/wp1\/wp-json\/wp\/v2\/posts"}],"about":[{"href":"https:\/\/www.cisa-arica.cl\/wp1\/wp-json\/wp\/v2\/types\/post"}],"author":[{"embeddable":true,"href":"https:\/\/www.cisa-arica.cl\/wp1\/wp-json\/wp\/v2\/users\/5"}],"replies":[{"embeddable":true,"href":"https:\/\/www.cisa-arica.cl\/wp1\/wp-json\/wp\/v2\/comments?post=22626"}],"version-history":[{"count":3,"href":"https:\/\/www.cisa-arica.cl\/wp1\/wp-json\/wp\/v2\/posts\/22626\/revisions"}],"predecessor-version":[{"id":22686,"href":"https:\/\/www.cisa-arica.cl\/wp1\/wp-json\/wp\/v2\/posts\/22626\/revisions\/22686"}],"wp:featuredmedia":[{"embeddable":true,"href":"https:\/\/www.cisa-arica.cl\/wp1\/wp-json\/wp\/v2\/media\/23131"}],"wp:attachment":[{"href":"https:\/\/www.cisa-arica.cl\/wp1\/wp-json\/wp\/v2\/media?parent=22626"}],"wp:term":[{"taxonomy":"category","embeddable":true,"href":"https:\/\/www.cisa-arica.cl\/wp1\/wp-json\/wp\/v2\/categories?post=22626"},{"taxonomy":"post_tag","embeddable":true,"href":"https:\/\/www.cisa-arica.cl\/wp1\/wp-json\/wp\/v2\/tags?post=22626"}],"curies":[{"name":"wp","href":"https:\/\/api.w.org\/{rel}","templated":true}]}}