{"id":22553,"date":"2023-10-16T00:00:00","date_gmt":"2023-10-16T04:00:00","guid":{"rendered":"https:\/\/www.cisa-arica.cl\/wp1\/?p=22553"},"modified":"2023-12-28T11:51:14","modified_gmt":"2023-12-28T15:51:14","slug":"feliz-dia-del-profesor-y-profesora","status":"publish","type":"post","link":"https:\/\/www.cisa-arica.cl\/wp1\/2023\/10\/16\/feliz-dia-del-profesor-y-profesora\/","title":{"rendered":"Feliz d\u00eda del Profesor y Profesora"},"content":{"rendered":"<p>Cada 16 de Octubre, es el d\u00eda en que se hace un alto en los colegios, para conmemorar la noble&nbsp; profesi\u00f3n de ense\u00f1ar y su importancia en la formaci\u00f3n de tantos ni\u00f1os y j\u00f3venes de nuestro pa\u00eds.<\/p>\n<p>Colegio Italiano Santa Ana se suma a estos festejos brindando un cordial y cari\u00f1oso saludo a todo su cuerpo docente por el trabajo que a diario realizan con las estudiantes, no s\u00f3lo entregando conocimiento, sino que tambi\u00e9n valores para que sean personas de bien en esta sociedad.<\/p>\n<p><strong>&#8220;Ense\u00f1ar siempre: en el patio y en la calle como en la sala de clase. Ense\u00f1ar con la actitud, el gesto y la palabra.&#8221; (Gabriela Mistral)<\/strong><\/p>\n<p>\u00a1FELIZ&nbsp; D\u00cdA DEL PROFESOR Y PROFESORA! Que Dios y Santa Ana les bendiga.<\/p>\n\n\n<div class=\"wp-block-jetpack-tiled-gallery aligncenter is-style-rectangular\"><div class=\"tiled-gallery__gallery\"><div class=\"tiled-gallery__row\"><div class=\"tiled-gallery__col\" style=\"flex-basis:57.35777%\"><figure class=\"tiled-gallery__item\"><img decoding=\"async\" data-attachment-id=\"22329\" data-permalink=\"https:\/\/www.cisa-arica.cl\/wp1\/2023\/09\/11\/kermesse-cisa-2023\/dsc_0394-1\/\" data-orig-file=\"https:\/\/www.cisa-arica.cl\/wp1\/wp-content\/uploads\/2023\/09\/DSC_0394-1.jpg\" data-orig-size=\"1367,2048\" data-comments-opened=\"0\" data-image-meta=\"{&quot;aperture&quot;:&quot;4&quot;,&quot;credit&quot;:&quot;&quot;,&quot;camera&quot;:&quot;NIKON D7100&quot;,&quot;caption&quot;:&quot;&quot;,&quot;created_timestamp&quot;:&quot;1694283603&quot;,&quot;copyright&quot;:&quot;&quot;,&quot;focal_length&quot;:&quot;28&quot;,&quot;iso&quot;:&quot;2000&quot;,&quot;shutter_speed&quot;:&quot;0.033333333333333&quot;,&quot;title&quot;:&quot;&quot;,&quot;orientation&quot;:&quot;0&quot;}\" data-image-title=\"DSC_0394-1\" data-image-description=\"\" data-image-caption=\"\" data-large-file=\"https:\/\/www.cisa-arica.cl\/wp1\/wp-content\/uploads\/2023\/09\/DSC_0394-1-400x600.jpg\" data-attachment-id=\"22329\" data-permalink=\"https:\/\/www.cisa-arica.cl\/wp1\/2023\/09\/11\/kermesse-cisa-2023\/dsc_0394-1\/\" data-orig-file=\"https:\/\/www.cisa-arica.cl\/wp1\/wp-content\/uploads\/2023\/09\/DSC_0394-1.jpg\" data-orig-size=\"1367,2048\" data-comments-opened=\"0\" data-image-meta=\"{&quot;aperture&quot;:&quot;4&quot;,&quot;credit&quot;:&quot;&quot;,&quot;camera&quot;:&quot;NIKON D7100&quot;,&quot;caption&quot;:&quot;&quot;,&quot;created_timestamp&quot;:&quot;1694283603&quot;,&quot;copyright&quot;:&quot;&quot;,&quot;focal_length&quot;:&quot;28&quot;,&quot;iso&quot;:&quot;2000&quot;,&quot;shutter_speed&quot;:&quot;0.033333333333333&quot;,&quot;title&quot;:&quot;&quot;,&quot;orientation&quot;:&quot;0&quot;}\" data-image-title=\"DSC_0394-1\" data-image-description=\"\" data-image-caption=\"\" data-large-file=\"https:\/\/www.cisa-arica.cl\/wp1\/wp-content\/uploads\/2023\/09\/DSC_0394-1-400x600.jpg\" role=\"button\" tabindex=\"0\" aria-label=\"Abrir la imagen 1 de 43 en pantalla completa\"srcset=\"https:\/\/i1.wp.com\/www.cisa-arica.cl\/wp1\/wp-content\/uploads\/2023\/09\/DSC_0394-1-400x600.jpg?strip=info&#038;w=600 600w,https:\/\/i1.wp.com\/www.cisa-arica.cl\/wp1\/wp-content\/uploads\/2023\/09\/DSC_0394-1-400x600.jpg?strip=info&#038;w=900 900w,https:\/\/i1.wp.com\/www.cisa-arica.cl\/wp1\/wp-content\/uploads\/2023\/09\/DSC_0394-1-400x600.jpg?strip=info&#038;w=1200 1200w,https:\/\/i1.wp.com\/www.cisa-arica.cl\/wp1\/wp-content\/uploads\/2023\/09\/DSC_0394-1-400x600.jpg?strip=info&#038;w=1367 1367w\" alt=\"\" data-height=\"2048\" data-id=\"22329\" data-link=\"https:\/\/www.cisa-arica.cl\/wp1\/2023\/09\/11\/kermesse-cisa-2023\/dsc_0394-1\/\" data-url=\"http:\/\/www.cisa-arica.cl\/wp1\/wp-content\/uploads\/2023\/09\/DSC_0394-1-400x600.jpg\" data-width=\"1367\" src=\"https:\/\/i1.wp.com\/www.cisa-arica.cl\/wp1\/wp-content\/uploads\/2023\/09\/DSC_0394-1-400x600.jpg\" data-amp-layout=\"responsive\"\/><\/figure><\/div><div class=\"tiled-gallery__col\" style=\"flex-basis:42.64223%\"><figure class=\"tiled-gallery__item\"><img decoding=\"async\" data-attachment-id=\"22054\" data-permalink=\"https:\/\/www.cisa-arica.cl\/wp1\/2023\/08\/17\/congreso-pedagogico-y-curricular\/img_2823\/\" data-orig-file=\"https:\/\/www.cisa-arica.cl\/wp1\/wp-content\/uploads\/2023\/09\/IMG_2823-scaled.jpg\" data-orig-size=\"2560,1707\" data-comments-opened=\"0\" data-image-meta=\"{&quot;aperture&quot;:&quot;2.8&quot;,&quot;credit&quot;:&quot;Mahadeva Das&quot;,&quot;camera&quot;:&quot;Canon EOS 60D&quot;,&quot;caption&quot;:&quot;&quot;,&quot;created_timestamp&quot;:&quot;1692183715&quot;,&quot;copyright&quot;:&quot;osomahadev@hotmail.com         Funkerrante@Gmail.com&quot;,&quot;focal_length&quot;:&quot;20&quot;,&quot;iso&quot;:&quot;320&quot;,&quot;shutter_speed&quot;:&quot;0.0008&quot;,&quot;title&quot;:&quot;&quot;,&quot;orientation&quot;:&quot;1&quot;}\" data-image-title=\"IMG_2823\" data-image-description=\"\" data-image-caption=\"\" data-large-file=\"https:\/\/www.cisa-arica.cl\/wp1\/wp-content\/uploads\/2023\/09\/IMG_2823-600x400.jpg\" data-attachment-id=\"22054\" data-permalink=\"https:\/\/www.cisa-arica.cl\/wp1\/2023\/08\/17\/congreso-pedagogico-y-curricular\/img_2823\/\" data-orig-file=\"https:\/\/www.cisa-arica.cl\/wp1\/wp-content\/uploads\/2023\/09\/IMG_2823-scaled.jpg\" data-orig-size=\"2560,1707\" data-comments-opened=\"0\" data-image-meta=\"{&quot;aperture&quot;:&quot;2.8&quot;,&quot;credit&quot;:&quot;Mahadeva Das&quot;,&quot;camera&quot;:&quot;Canon EOS 60D&quot;,&quot;caption&quot;:&quot;&quot;,&quot;created_timestamp&quot;:&quot;1692183715&quot;,&quot;copyright&quot;:&quot;osomahadev@hotmail.com         Funkerrante@Gmail.com&quot;,&quot;focal_length&quot;:&quot;20&quot;,&quot;iso&quot;:&quot;320&quot;,&quot;shutter_speed&quot;:&quot;0.0008&quot;,&quot;title&quot;:&quot;&quot;,&quot;orientation&quot;:&quot;1&quot;}\" data-image-title=\"IMG_2823\" data-image-description=\"\" data-image-caption=\"\" data-large-file=\"https:\/\/www.cisa-arica.cl\/wp1\/wp-content\/uploads\/2023\/09\/IMG_2823-600x400.jpg\" role=\"button\" tabindex=\"0\" aria-label=\"Abrir la imagen 2 de 43 en pantalla completa\"srcset=\"https:\/\/i2.wp.com\/www.cisa-arica.cl\/wp1\/wp-content\/uploads\/2023\/09\/IMG_2823-600x400.jpg?strip=info&#038;w=600 600w,https:\/\/i2.wp.com\/www.cisa-arica.cl\/wp1\/wp-content\/uploads\/2023\/09\/IMG_2823-600x400.jpg?strip=info&#038;w=900 900w,https:\/\/i2.wp.com\/www.cisa-arica.cl\/wp1\/wp-content\/uploads\/2023\/09\/IMG_2823-600x400.jpg?strip=info&#038;w=1200 1200w,https:\/\/i2.wp.com\/www.cisa-arica.cl\/wp1\/wp-content\/uploads\/2023\/09\/IMG_2823-600x400.jpg?strip=info&#038;w=1500 1500w,https:\/\/i2.wp.com\/www.cisa-arica.cl\/wp1\/wp-content\/uploads\/2023\/09\/IMG_2823-600x400.jpg?strip=info&#038;w=1800 1800w,https:\/\/i2.wp.com\/www.cisa-arica.cl\/wp1\/wp-content\/uploads\/2023\/09\/IMG_2823-600x400.jpg?strip=info&#038;w=2000 2000w\" alt=\"\" data-height=\"1707\" data-id=\"22054\" data-link=\"https:\/\/www.cisa-arica.cl\/wp1\/2023\/08\/17\/congreso-pedagogico-y-curricular\/img_2823\/\" data-url=\"http:\/\/www.cisa-arica.cl\/wp1\/wp-content\/uploads\/2023\/09\/IMG_2823-600x400.jpg\" data-width=\"2560\" src=\"https:\/\/i2.wp.com\/www.cisa-arica.cl\/wp1\/wp-content\/uploads\/2023\/09\/IMG_2823-600x400.jpg\" data-amp-layout=\"responsive\"\/><\/figure><figure class=\"tiled-gallery__item\"><img decoding=\"async\" data-attachment-id=\"22052\" data-permalink=\"https:\/\/www.cisa-arica.cl\/wp1\/2023\/08\/17\/congreso-pedagogico-y-curricular\/img_2825\/\" data-orig-file=\"https:\/\/www.cisa-arica.cl\/wp1\/wp-content\/uploads\/2023\/09\/IMG_2825-scaled.jpg\" data-orig-size=\"2560,1707\" data-comments-opened=\"0\" data-image-meta=\"{&quot;aperture&quot;:&quot;2.8&quot;,&quot;credit&quot;:&quot;Mahadeva Das&quot;,&quot;camera&quot;:&quot;Canon EOS 60D&quot;,&quot;caption&quot;:&quot;&quot;,&quot;created_timestamp&quot;:&quot;1692183786&quot;,&quot;copyright&quot;:&quot;osomahadev@hotmail.com         Funkerrante@Gmail.com&quot;,&quot;focal_length&quot;:&quot;20&quot;,&quot;iso&quot;:&quot;640&quot;,&quot;shutter_speed&quot;:&quot;0.008&quot;,&quot;title&quot;:&quot;&quot;,&quot;orientation&quot;:&quot;1&quot;}\" data-image-title=\"IMG_2825\" data-image-description=\"\" data-image-caption=\"\" data-large-file=\"https:\/\/www.cisa-arica.cl\/wp1\/wp-content\/uploads\/2023\/09\/IMG_2825-600x400.jpg\" data-attachment-id=\"22052\" data-permalink=\"https:\/\/www.cisa-arica.cl\/wp1\/2023\/08\/17\/congreso-pedagogico-y-curricular\/img_2825\/\" data-orig-file=\"https:\/\/www.cisa-arica.cl\/wp1\/wp-content\/uploads\/2023\/09\/IMG_2825-scaled.jpg\" data-orig-size=\"2560,1707\" data-comments-opened=\"0\" data-image-meta=\"{&quot;aperture&quot;:&quot;2.8&quot;,&quot;credit&quot;:&quot;Mahadeva Das&quot;,&quot;camera&quot;:&quot;Canon EOS 60D&quot;,&quot;caption&quot;:&quot;&quot;,&quot;created_timestamp&quot;:&quot;1692183786&quot;,&quot;copyright&quot;:&quot;osomahadev@hotmail.com         Funkerrante@Gmail.com&quot;,&quot;focal_length&quot;:&quot;20&quot;,&quot;iso&quot;:&quot;640&quot;,&quot;shutter_speed&quot;:&quot;0.008&quot;,&quot;title&quot;:&quot;&quot;,&quot;orientation&quot;:&quot;1&quot;}\" data-image-title=\"IMG_2825\" data-image-description=\"\" data-image-caption=\"\" data-large-file=\"https:\/\/www.cisa-arica.cl\/wp1\/wp-content\/uploads\/2023\/09\/IMG_2825-600x400.jpg\" role=\"button\" tabindex=\"0\" aria-label=\"Abrir la imagen 3 de 43 en pantalla completa\"srcset=\"https:\/\/i1.wp.com\/www.cisa-arica.cl\/wp1\/wp-content\/uploads\/2023\/09\/IMG_2825-600x400.jpg?strip=info&#038;w=600 600w,https:\/\/i1.wp.com\/www.cisa-arica.cl\/wp1\/wp-content\/uploads\/2023\/09\/IMG_2825-600x400.jpg?strip=info&#038;w=900 900w,https:\/\/i1.wp.com\/www.cisa-arica.cl\/wp1\/wp-content\/uploads\/2023\/09\/IMG_2825-600x400.jpg?strip=info&#038;w=1200 1200w,https:\/\/i1.wp.com\/www.cisa-arica.cl\/wp1\/wp-content\/uploads\/2023\/09\/IMG_2825-600x400.jpg?strip=info&#038;w=1500 1500w,https:\/\/i1.wp.com\/www.cisa-arica.cl\/wp1\/wp-content\/uploads\/2023\/09\/IMG_2825-600x400.jpg?strip=info&#038;w=1800 1800w,https:\/\/i1.wp.com\/www.cisa-arica.cl\/wp1\/wp-content\/uploads\/2023\/09\/IMG_2825-600x400.jpg?strip=info&#038;w=2000 2000w\" alt=\"\" data-height=\"1707\" data-id=\"22052\" data-link=\"https:\/\/www.cisa-arica.cl\/wp1\/2023\/08\/17\/congreso-pedagogico-y-curricular\/img_2825\/\" data-url=\"http:\/\/www.cisa-arica.cl\/wp1\/wp-content\/uploads\/2023\/09\/IMG_2825-600x400.jpg\" data-width=\"2560\" src=\"https:\/\/i1.wp.com\/www.cisa-arica.cl\/wp1\/wp-content\/uploads\/2023\/09\/IMG_2825-600x400.jpg\" data-amp-layout=\"responsive\"\/><\/figure><figure class=\"tiled-gallery__item\"><img decoding=\"async\" data-attachment-id=\"22030\" data-permalink=\"https:\/\/www.cisa-arica.cl\/wp1\/2023\/08\/17\/congreso-pedagogico-y-curricular\/img_2848\/\" data-orig-file=\"https:\/\/www.cisa-arica.cl\/wp1\/wp-content\/uploads\/2023\/09\/IMG_2848-scaled.jpg\" data-orig-size=\"2560,1707\" data-comments-opened=\"0\" data-image-meta=\"{&quot;aperture&quot;:&quot;2.8&quot;,&quot;credit&quot;:&quot;Mahadeva Das&quot;,&quot;camera&quot;:&quot;Canon EOS 60D&quot;,&quot;caption&quot;:&quot;&quot;,&quot;created_timestamp&quot;:&quot;1692203211&quot;,&quot;copyright&quot;:&quot;osomahadev@hotmail.com         Funkerrante@Gmail.com&quot;,&quot;focal_length&quot;:&quot;20&quot;,&quot;iso&quot;:&quot;400&quot;,&quot;shutter_speed&quot;:&quot;0.02&quot;,&quot;title&quot;:&quot;&quot;,&quot;orientation&quot;:&quot;1&quot;}\" data-image-title=\"IMG_2848\" data-image-description=\"\" data-image-caption=\"\" data-large-file=\"https:\/\/www.cisa-arica.cl\/wp1\/wp-content\/uploads\/2023\/09\/IMG_2848-600x400.jpg\" data-attachment-id=\"22030\" data-permalink=\"https:\/\/www.cisa-arica.cl\/wp1\/2023\/08\/17\/congreso-pedagogico-y-curricular\/img_2848\/\" data-orig-file=\"https:\/\/www.cisa-arica.cl\/wp1\/wp-content\/uploads\/2023\/09\/IMG_2848-scaled.jpg\" data-orig-size=\"2560,1707\" data-comments-opened=\"0\" data-image-meta=\"{&quot;aperture&quot;:&quot;2.8&quot;,&quot;credit&quot;:&quot;Mahadeva Das&quot;,&quot;camera&quot;:&quot;Canon EOS 60D&quot;,&quot;caption&quot;:&quot;&quot;,&quot;created_timestamp&quot;:&quot;1692203211&quot;,&quot;copyright&quot;:&quot;osomahadev@hotmail.com         Funkerrante@Gmail.com&quot;,&quot;focal_length&quot;:&quot;20&quot;,&quot;iso&quot;:&quot;400&quot;,&quot;shutter_speed&quot;:&quot;0.02&quot;,&quot;title&quot;:&quot;&quot;,&quot;orientation&quot;:&quot;1&quot;}\" data-image-title=\"IMG_2848\" data-image-description=\"\" data-image-caption=\"\" data-large-file=\"https:\/\/www.cisa-arica.cl\/wp1\/wp-content\/uploads\/2023\/09\/IMG_2848-600x400.jpg\" role=\"button\" tabindex=\"0\" aria-label=\"Abrir la imagen 4 de 43 en pantalla completa\"srcset=\"https:\/\/i1.wp.com\/www.cisa-arica.cl\/wp1\/wp-content\/uploads\/2023\/09\/IMG_2848-600x400.jpg?strip=info&#038;w=600 600w,https:\/\/i1.wp.com\/www.cisa-arica.cl\/wp1\/wp-content\/uploads\/2023\/09\/IMG_2848-600x400.jpg?strip=info&#038;w=900 900w,https:\/\/i1.wp.com\/www.cisa-arica.cl\/wp1\/wp-content\/uploads\/2023\/09\/IMG_2848-600x400.jpg?strip=info&#038;w=1200 1200w,https:\/\/i1.wp.com\/www.cisa-arica.cl\/wp1\/wp-content\/uploads\/2023\/09\/IMG_2848-600x400.jpg?strip=info&#038;w=1500 1500w,https:\/\/i1.wp.com\/www.cisa-arica.cl\/wp1\/wp-content\/uploads\/2023\/09\/IMG_2848-600x400.jpg?strip=info&#038;w=1800 1800w,https:\/\/i1.wp.com\/www.cisa-arica.cl\/wp1\/wp-content\/uploads\/2023\/09\/IMG_2848-600x400.jpg?strip=info&#038;w=2000 2000w\" alt=\"\" data-height=\"1707\" data-id=\"22030\" data-link=\"https:\/\/www.cisa-arica.cl\/wp1\/2023\/08\/17\/congreso-pedagogico-y-curricular\/img_2848\/\" data-url=\"http:\/\/www.cisa-arica.cl\/wp1\/wp-content\/uploads\/2023\/09\/IMG_2848-600x400.jpg\" data-width=\"2560\" src=\"https:\/\/i1.wp.com\/www.cisa-arica.cl\/wp1\/wp-content\/uploads\/2023\/09\/IMG_2848-600x400.jpg\" data-amp-layout=\"responsive\"\/><\/figure><\/div><\/div><div class=\"tiled-gallery__row\"><div class=\"tiled-gallery__col\" style=\"flex-basis:66.76440%\"><figure class=\"tiled-gallery__item\"><img decoding=\"async\" data-attachment-id=\"22031\" data-permalink=\"https:\/\/www.cisa-arica.cl\/wp1\/2023\/08\/17\/congreso-pedagogico-y-curricular\/img_2847\/\" data-orig-file=\"https:\/\/www.cisa-arica.cl\/wp1\/wp-content\/uploads\/2023\/09\/IMG_2847-scaled.jpg\" data-orig-size=\"2560,1707\" data-comments-opened=\"0\" data-image-meta=\"{&quot;aperture&quot;:&quot;2.8&quot;,&quot;credit&quot;:&quot;Mahadeva Das&quot;,&quot;camera&quot;:&quot;Canon EOS 60D&quot;,&quot;caption&quot;:&quot;&quot;,&quot;created_timestamp&quot;:&quot;1692203198&quot;,&quot;copyright&quot;:&quot;osomahadev@hotmail.com         Funkerrante@Gmail.com&quot;,&quot;focal_length&quot;:&quot;20&quot;,&quot;iso&quot;:&quot;400&quot;,&quot;shutter_speed&quot;:&quot;0.02&quot;,&quot;title&quot;:&quot;&quot;,&quot;orientation&quot;:&quot;1&quot;}\" data-image-title=\"IMG_2847\" data-image-description=\"\" data-image-caption=\"\" data-large-file=\"https:\/\/www.cisa-arica.cl\/wp1\/wp-content\/uploads\/2023\/09\/IMG_2847-600x400.jpg\" data-attachment-id=\"22031\" data-permalink=\"https:\/\/www.cisa-arica.cl\/wp1\/2023\/08\/17\/congreso-pedagogico-y-curricular\/img_2847\/\" data-orig-file=\"https:\/\/www.cisa-arica.cl\/wp1\/wp-content\/uploads\/2023\/09\/IMG_2847-scaled.jpg\" data-orig-size=\"2560,1707\" data-comments-opened=\"0\" data-image-meta=\"{&quot;aperture&quot;:&quot;2.8&quot;,&quot;credit&quot;:&quot;Mahadeva Das&quot;,&quot;camera&quot;:&quot;Canon EOS 60D&quot;,&quot;caption&quot;:&quot;&quot;,&quot;created_timestamp&quot;:&quot;1692203198&quot;,&quot;copyright&quot;:&quot;osomahadev@hotmail.com         Funkerrante@Gmail.com&quot;,&quot;focal_length&quot;:&quot;20&quot;,&quot;iso&quot;:&quot;400&quot;,&quot;shutter_speed&quot;:&quot;0.02&quot;,&quot;title&quot;:&quot;&quot;,&quot;orientation&quot;:&quot;1&quot;}\" data-image-title=\"IMG_2847\" data-image-description=\"\" data-image-caption=\"\" data-large-file=\"https:\/\/www.cisa-arica.cl\/wp1\/wp-content\/uploads\/2023\/09\/IMG_2847-600x400.jpg\" role=\"button\" tabindex=\"0\" aria-label=\"Abrir la imagen 5 de 43 en pantalla completa\"srcset=\"https:\/\/i0.wp.com\/www.cisa-arica.cl\/wp1\/wp-content\/uploads\/2023\/09\/IMG_2847-600x400.jpg?strip=info&#038;w=600 600w,https:\/\/i0.wp.com\/www.cisa-arica.cl\/wp1\/wp-content\/uploads\/2023\/09\/IMG_2847-600x400.jpg?strip=info&#038;w=900 900w,https:\/\/i0.wp.com\/www.cisa-arica.cl\/wp1\/wp-content\/uploads\/2023\/09\/IMG_2847-600x400.jpg?strip=info&#038;w=1200 1200w,https:\/\/i0.wp.com\/www.cisa-arica.cl\/wp1\/wp-content\/uploads\/2023\/09\/IMG_2847-600x400.jpg?strip=info&#038;w=1500 1500w,https:\/\/i0.wp.com\/www.cisa-arica.cl\/wp1\/wp-content\/uploads\/2023\/09\/IMG_2847-600x400.jpg?strip=info&#038;w=1800 1800w,https:\/\/i0.wp.com\/www.cisa-arica.cl\/wp1\/wp-content\/uploads\/2023\/09\/IMG_2847-600x400.jpg?strip=info&#038;w=2000 2000w\" alt=\"\" data-height=\"1707\" data-id=\"22031\" data-link=\"https:\/\/www.cisa-arica.cl\/wp1\/2023\/08\/17\/congreso-pedagogico-y-curricular\/img_2847\/\" data-url=\"http:\/\/www.cisa-arica.cl\/wp1\/wp-content\/uploads\/2023\/09\/IMG_2847-600x400.jpg\" data-width=\"2560\" src=\"https:\/\/i0.wp.com\/www.cisa-arica.cl\/wp1\/wp-content\/uploads\/2023\/09\/IMG_2847-600x400.jpg\" data-amp-layout=\"responsive\"\/><\/figure><\/div><div class=\"tiled-gallery__col\" style=\"flex-basis:33.23560%\"><figure class=\"tiled-gallery__item\"><img decoding=\"async\" data-attachment-id=\"22032\" data-permalink=\"https:\/\/www.cisa-arica.cl\/wp1\/2023\/08\/17\/congreso-pedagogico-y-curricular\/img_2846\/\" data-orig-file=\"https:\/\/www.cisa-arica.cl\/wp1\/wp-content\/uploads\/2023\/09\/IMG_2846-scaled.jpg\" data-orig-size=\"2560,1707\" data-comments-opened=\"0\" data-image-meta=\"{&quot;aperture&quot;:&quot;2.8&quot;,&quot;credit&quot;:&quot;Mahadeva Das&quot;,&quot;camera&quot;:&quot;Canon EOS 60D&quot;,&quot;caption&quot;:&quot;&quot;,&quot;created_timestamp&quot;:&quot;1692203188&quot;,&quot;copyright&quot;:&quot;osomahadev@hotmail.com         Funkerrante@Gmail.com&quot;,&quot;focal_length&quot;:&quot;20&quot;,&quot;iso&quot;:&quot;400&quot;,&quot;shutter_speed&quot;:&quot;0.02&quot;,&quot;title&quot;:&quot;&quot;,&quot;orientation&quot;:&quot;1&quot;}\" data-image-title=\"IMG_2846\" data-image-description=\"\" data-image-caption=\"\" data-large-file=\"https:\/\/www.cisa-arica.cl\/wp1\/wp-content\/uploads\/2023\/09\/IMG_2846-600x400.jpg\" data-attachment-id=\"22032\" data-permalink=\"https:\/\/www.cisa-arica.cl\/wp1\/2023\/08\/17\/congreso-pedagogico-y-curricular\/img_2846\/\" data-orig-file=\"https:\/\/www.cisa-arica.cl\/wp1\/wp-content\/uploads\/2023\/09\/IMG_2846-scaled.jpg\" data-orig-size=\"2560,1707\" data-comments-opened=\"0\" data-image-meta=\"{&quot;aperture&quot;:&quot;2.8&quot;,&quot;credit&quot;:&quot;Mahadeva Das&quot;,&quot;camera&quot;:&quot;Canon EOS 60D&quot;,&quot;caption&quot;:&quot;&quot;,&quot;created_timestamp&quot;:&quot;1692203188&quot;,&quot;copyright&quot;:&quot;osomahadev@hotmail.com         Funkerrante@Gmail.com&quot;,&quot;focal_length&quot;:&quot;20&quot;,&quot;iso&quot;:&quot;400&quot;,&quot;shutter_speed&quot;:&quot;0.02&quot;,&quot;title&quot;:&quot;&quot;,&quot;orientation&quot;:&quot;1&quot;}\" data-image-title=\"IMG_2846\" data-image-description=\"\" data-image-caption=\"\" data-large-file=\"https:\/\/www.cisa-arica.cl\/wp1\/wp-content\/uploads\/2023\/09\/IMG_2846-600x400.jpg\" role=\"button\" tabindex=\"0\" aria-label=\"Abrir la imagen 6 de 43 en pantalla completa\"srcset=\"https:\/\/i1.wp.com\/www.cisa-arica.cl\/wp1\/wp-content\/uploads\/2023\/09\/IMG_2846-600x400.jpg?strip=info&#038;w=600 600w,https:\/\/i1.wp.com\/www.cisa-arica.cl\/wp1\/wp-content\/uploads\/2023\/09\/IMG_2846-600x400.jpg?strip=info&#038;w=900 900w,https:\/\/i1.wp.com\/www.cisa-arica.cl\/wp1\/wp-content\/uploads\/2023\/09\/IMG_2846-600x400.jpg?strip=info&#038;w=1200 1200w,https:\/\/i1.wp.com\/www.cisa-arica.cl\/wp1\/wp-content\/uploads\/2023\/09\/IMG_2846-600x400.jpg?strip=info&#038;w=1500 1500w,https:\/\/i1.wp.com\/www.cisa-arica.cl\/wp1\/wp-content\/uploads\/2023\/09\/IMG_2846-600x400.jpg?strip=info&#038;w=1800 1800w,https:\/\/i1.wp.com\/www.cisa-arica.cl\/wp1\/wp-content\/uploads\/2023\/09\/IMG_2846-600x400.jpg?strip=info&#038;w=2000 2000w\" alt=\"\" data-height=\"1707\" data-id=\"22032\" data-link=\"https:\/\/www.cisa-arica.cl\/wp1\/2023\/08\/17\/congreso-pedagogico-y-curricular\/img_2846\/\" data-url=\"http:\/\/www.cisa-arica.cl\/wp1\/wp-content\/uploads\/2023\/09\/IMG_2846-600x400.jpg\" data-width=\"2560\" src=\"https:\/\/i1.wp.com\/www.cisa-arica.cl\/wp1\/wp-content\/uploads\/2023\/09\/IMG_2846-600x400.jpg\" data-amp-layout=\"responsive\"\/><\/figure><figure class=\"tiled-gallery__item\"><img decoding=\"async\" data-attachment-id=\"22033\" data-permalink=\"https:\/\/www.cisa-arica.cl\/wp1\/2023\/08\/17\/congreso-pedagogico-y-curricular\/img_2845\/\" data-orig-file=\"https:\/\/www.cisa-arica.cl\/wp1\/wp-content\/uploads\/2023\/09\/IMG_2845-scaled.jpg\" data-orig-size=\"2560,1707\" data-comments-opened=\"0\" data-image-meta=\"{&quot;aperture&quot;:&quot;2.8&quot;,&quot;credit&quot;:&quot;Mahadeva Das&quot;,&quot;camera&quot;:&quot;Canon EOS 60D&quot;,&quot;caption&quot;:&quot;&quot;,&quot;created_timestamp&quot;:&quot;1692203174&quot;,&quot;copyright&quot;:&quot;osomahadev@hotmail.com         Funkerrante@Gmail.com&quot;,&quot;focal_length&quot;:&quot;20&quot;,&quot;iso&quot;:&quot;400&quot;,&quot;shutter_speed&quot;:&quot;0.02&quot;,&quot;title&quot;:&quot;&quot;,&quot;orientation&quot;:&quot;1&quot;}\" data-image-title=\"IMG_2845\" data-image-description=\"\" data-image-caption=\"\" data-large-file=\"https:\/\/www.cisa-arica.cl\/wp1\/wp-content\/uploads\/2023\/09\/IMG_2845-600x400.jpg\" data-attachment-id=\"22033\" data-permalink=\"https:\/\/www.cisa-arica.cl\/wp1\/2023\/08\/17\/congreso-pedagogico-y-curricular\/img_2845\/\" data-orig-file=\"https:\/\/www.cisa-arica.cl\/wp1\/wp-content\/uploads\/2023\/09\/IMG_2845-scaled.jpg\" data-orig-size=\"2560,1707\" data-comments-opened=\"0\" data-image-meta=\"{&quot;aperture&quot;:&quot;2.8&quot;,&quot;credit&quot;:&quot;Mahadeva Das&quot;,&quot;camera&quot;:&quot;Canon EOS 60D&quot;,&quot;caption&quot;:&quot;&quot;,&quot;created_timestamp&quot;:&quot;1692203174&quot;,&quot;copyright&quot;:&quot;osomahadev@hotmail.com         Funkerrante@Gmail.com&quot;,&quot;focal_length&quot;:&quot;20&quot;,&quot;iso&quot;:&quot;400&quot;,&quot;shutter_speed&quot;:&quot;0.02&quot;,&quot;title&quot;:&quot;&quot;,&quot;orientation&quot;:&quot;1&quot;}\" data-image-title=\"IMG_2845\" data-image-description=\"\" data-image-caption=\"\" data-large-file=\"https:\/\/www.cisa-arica.cl\/wp1\/wp-content\/uploads\/2023\/09\/IMG_2845-600x400.jpg\" role=\"button\" tabindex=\"0\" aria-label=\"Abrir la imagen 7 de 43 en pantalla completa\"srcset=\"https:\/\/i2.wp.com\/www.cisa-arica.cl\/wp1\/wp-content\/uploads\/2023\/09\/IMG_2845-600x400.jpg?strip=info&#038;w=600 600w,https:\/\/i2.wp.com\/www.cisa-arica.cl\/wp1\/wp-content\/uploads\/2023\/09\/IMG_2845-600x400.jpg?strip=info&#038;w=900 900w,https:\/\/i2.wp.com\/www.cisa-arica.cl\/wp1\/wp-content\/uploads\/2023\/09\/IMG_2845-600x400.jpg?strip=info&#038;w=1200 1200w,https:\/\/i2.wp.com\/www.cisa-arica.cl\/wp1\/wp-content\/uploads\/2023\/09\/IMG_2845-600x400.jpg?strip=info&#038;w=1500 1500w,https:\/\/i2.wp.com\/www.cisa-arica.cl\/wp1\/wp-content\/uploads\/2023\/09\/IMG_2845-600x400.jpg?strip=info&#038;w=1800 1800w,https:\/\/i2.wp.com\/www.cisa-arica.cl\/wp1\/wp-content\/uploads\/2023\/09\/IMG_2845-600x400.jpg?strip=info&#038;w=2000 2000w\" alt=\"\" data-height=\"1707\" data-id=\"22033\" data-link=\"https:\/\/www.cisa-arica.cl\/wp1\/2023\/08\/17\/congreso-pedagogico-y-curricular\/img_2845\/\" data-url=\"http:\/\/www.cisa-arica.cl\/wp1\/wp-content\/uploads\/2023\/09\/IMG_2845-600x400.jpg\" data-width=\"2560\" src=\"https:\/\/i2.wp.com\/www.cisa-arica.cl\/wp1\/wp-content\/uploads\/2023\/09\/IMG_2845-600x400.jpg\" data-amp-layout=\"responsive\"\/><\/figure><\/div><\/div><div class=\"tiled-gallery__row\"><div class=\"tiled-gallery__col\" style=\"flex-basis:33.33333%\"><figure class=\"tiled-gallery__item\"><img decoding=\"async\" data-attachment-id=\"22034\" data-permalink=\"https:\/\/www.cisa-arica.cl\/wp1\/2023\/08\/17\/congreso-pedagogico-y-curricular\/img_2844\/\" data-orig-file=\"https:\/\/www.cisa-arica.cl\/wp1\/wp-content\/uploads\/2023\/09\/IMG_2844-scaled.jpg\" data-orig-size=\"2560,1707\" data-comments-opened=\"0\" data-image-meta=\"{&quot;aperture&quot;:&quot;2.8&quot;,&quot;credit&quot;:&quot;Mahadeva Das&quot;,&quot;camera&quot;:&quot;Canon EOS 60D&quot;,&quot;caption&quot;:&quot;&quot;,&quot;created_timestamp&quot;:&quot;1692202777&quot;,&quot;copyright&quot;:&quot;osomahadev@hotmail.com         Funkerrante@Gmail.com&quot;,&quot;focal_length&quot;:&quot;20&quot;,&quot;iso&quot;:&quot;400&quot;,&quot;shutter_speed&quot;:&quot;0.016666666666667&quot;,&quot;title&quot;:&quot;&quot;,&quot;orientation&quot;:&quot;1&quot;}\" data-image-title=\"IMG_2844\" data-image-description=\"\" data-image-caption=\"\" data-large-file=\"https:\/\/www.cisa-arica.cl\/wp1\/wp-content\/uploads\/2023\/09\/IMG_2844-600x400.jpg\" data-attachment-id=\"22034\" data-permalink=\"https:\/\/www.cisa-arica.cl\/wp1\/2023\/08\/17\/congreso-pedagogico-y-curricular\/img_2844\/\" data-orig-file=\"https:\/\/www.cisa-arica.cl\/wp1\/wp-content\/uploads\/2023\/09\/IMG_2844-scaled.jpg\" data-orig-size=\"2560,1707\" data-comments-opened=\"0\" data-image-meta=\"{&quot;aperture&quot;:&quot;2.8&quot;,&quot;credit&quot;:&quot;Mahadeva Das&quot;,&quot;camera&quot;:&quot;Canon EOS 60D&quot;,&quot;caption&quot;:&quot;&quot;,&quot;created_timestamp&quot;:&quot;1692202777&quot;,&quot;copyright&quot;:&quot;osomahadev@hotmail.com         Funkerrante@Gmail.com&quot;,&quot;focal_length&quot;:&quot;20&quot;,&quot;iso&quot;:&quot;400&quot;,&quot;shutter_speed&quot;:&quot;0.016666666666667&quot;,&quot;title&quot;:&quot;&quot;,&quot;orientation&quot;:&quot;1&quot;}\" data-image-title=\"IMG_2844\" data-image-description=\"\" data-image-caption=\"\" data-large-file=\"https:\/\/www.cisa-arica.cl\/wp1\/wp-content\/uploads\/2023\/09\/IMG_2844-600x400.jpg\" role=\"button\" tabindex=\"0\" aria-label=\"Abrir la imagen 8 de 43 en pantalla completa\"srcset=\"https:\/\/i0.wp.com\/www.cisa-arica.cl\/wp1\/wp-content\/uploads\/2023\/09\/IMG_2844-600x400.jpg?strip=info&#038;w=600 600w,https:\/\/i0.wp.com\/www.cisa-arica.cl\/wp1\/wp-content\/uploads\/2023\/09\/IMG_2844-600x400.jpg?strip=info&#038;w=900 900w,https:\/\/i0.wp.com\/www.cisa-arica.cl\/wp1\/wp-content\/uploads\/2023\/09\/IMG_2844-600x400.jpg?strip=info&#038;w=1200 1200w,https:\/\/i0.wp.com\/www.cisa-arica.cl\/wp1\/wp-content\/uploads\/2023\/09\/IMG_2844-600x400.jpg?strip=info&#038;w=1500 1500w,https:\/\/i0.wp.com\/www.cisa-arica.cl\/wp1\/wp-content\/uploads\/2023\/09\/IMG_2844-600x400.jpg?strip=info&#038;w=1800 1800w,https:\/\/i0.wp.com\/www.cisa-arica.cl\/wp1\/wp-content\/uploads\/2023\/09\/IMG_2844-600x400.jpg?strip=info&#038;w=2000 2000w\" alt=\"\" data-height=\"1707\" data-id=\"22034\" data-link=\"https:\/\/www.cisa-arica.cl\/wp1\/2023\/08\/17\/congreso-pedagogico-y-curricular\/img_2844\/\" data-url=\"http:\/\/www.cisa-arica.cl\/wp1\/wp-content\/uploads\/2023\/09\/IMG_2844-600x400.jpg\" data-width=\"2560\" src=\"https:\/\/i0.wp.com\/www.cisa-arica.cl\/wp1\/wp-content\/uploads\/2023\/09\/IMG_2844-600x400.jpg\" data-amp-layout=\"responsive\"\/><\/figure><\/div><div class=\"tiled-gallery__col\" style=\"flex-basis:33.33333%\"><figure class=\"tiled-gallery__item\"><img decoding=\"async\" data-attachment-id=\"22029\" data-permalink=\"https:\/\/www.cisa-arica.cl\/wp1\/2023\/08\/17\/congreso-pedagogico-y-curricular\/img_2849\/\" data-orig-file=\"https:\/\/www.cisa-arica.cl\/wp1\/wp-content\/uploads\/2023\/09\/IMG_2849-scaled.jpg\" data-orig-size=\"2560,1707\" data-comments-opened=\"0\" data-image-meta=\"{&quot;aperture&quot;:&quot;2.8&quot;,&quot;credit&quot;:&quot;Mahadeva Das&quot;,&quot;camera&quot;:&quot;Canon EOS 60D&quot;,&quot;caption&quot;:&quot;&quot;,&quot;created_timestamp&quot;:&quot;1692203242&quot;,&quot;copyright&quot;:&quot;osomahadev@hotmail.com         Funkerrante@Gmail.com&quot;,&quot;focal_length&quot;:&quot;20&quot;,&quot;iso&quot;:&quot;400&quot;,&quot;shutter_speed&quot;:&quot;0.02&quot;,&quot;title&quot;:&quot;&quot;,&quot;orientation&quot;:&quot;1&quot;}\" data-image-title=\"IMG_2849\" data-image-description=\"\" data-image-caption=\"\" data-large-file=\"https:\/\/www.cisa-arica.cl\/wp1\/wp-content\/uploads\/2023\/09\/IMG_2849-600x400.jpg\" data-attachment-id=\"22029\" data-permalink=\"https:\/\/www.cisa-arica.cl\/wp1\/2023\/08\/17\/congreso-pedagogico-y-curricular\/img_2849\/\" data-orig-file=\"https:\/\/www.cisa-arica.cl\/wp1\/wp-content\/uploads\/2023\/09\/IMG_2849-scaled.jpg\" data-orig-size=\"2560,1707\" data-comments-opened=\"0\" data-image-meta=\"{&quot;aperture&quot;:&quot;2.8&quot;,&quot;credit&quot;:&quot;Mahadeva Das&quot;,&quot;camera&quot;:&quot;Canon EOS 60D&quot;,&quot;caption&quot;:&quot;&quot;,&quot;created_timestamp&quot;:&quot;1692203242&quot;,&quot;copyright&quot;:&quot;osomahadev@hotmail.com         Funkerrante@Gmail.com&quot;,&quot;focal_length&quot;:&quot;20&quot;,&quot;iso&quot;:&quot;400&quot;,&quot;shutter_speed&quot;:&quot;0.02&quot;,&quot;title&quot;:&quot;&quot;,&quot;orientation&quot;:&quot;1&quot;}\" data-image-title=\"IMG_2849\" data-image-description=\"\" data-image-caption=\"\" data-large-file=\"https:\/\/www.cisa-arica.cl\/wp1\/wp-content\/uploads\/2023\/09\/IMG_2849-600x400.jpg\" role=\"button\" tabindex=\"0\" aria-label=\"Abrir la imagen 9 de 43 en pantalla completa\"srcset=\"https:\/\/i2.wp.com\/www.cisa-arica.cl\/wp1\/wp-content\/uploads\/2023\/09\/IMG_2849-600x400.jpg?strip=info&#038;w=600 600w,https:\/\/i2.wp.com\/www.cisa-arica.cl\/wp1\/wp-content\/uploads\/2023\/09\/IMG_2849-600x400.jpg?strip=info&#038;w=900 900w,https:\/\/i2.wp.com\/www.cisa-arica.cl\/wp1\/wp-content\/uploads\/2023\/09\/IMG_2849-600x400.jpg?strip=info&#038;w=1200 1200w,https:\/\/i2.wp.com\/www.cisa-arica.cl\/wp1\/wp-content\/uploads\/2023\/09\/IMG_2849-600x400.jpg?strip=info&#038;w=1500 1500w,https:\/\/i2.wp.com\/www.cisa-arica.cl\/wp1\/wp-content\/uploads\/2023\/09\/IMG_2849-600x400.jpg?strip=info&#038;w=1800 1800w,https:\/\/i2.wp.com\/www.cisa-arica.cl\/wp1\/wp-content\/uploads\/2023\/09\/IMG_2849-600x400.jpg?strip=info&#038;w=2000 2000w\" alt=\"\" data-height=\"1707\" data-id=\"22029\" data-link=\"https:\/\/www.cisa-arica.cl\/wp1\/2023\/08\/17\/congreso-pedagogico-y-curricular\/img_2849\/\" data-url=\"http:\/\/www.cisa-arica.cl\/wp1\/wp-content\/uploads\/2023\/09\/IMG_2849-600x400.jpg\" data-width=\"2560\" src=\"https:\/\/i2.wp.com\/www.cisa-arica.cl\/wp1\/wp-content\/uploads\/2023\/09\/IMG_2849-600x400.jpg\" data-amp-layout=\"responsive\"\/><\/figure><\/div><div class=\"tiled-gallery__col\" style=\"flex-basis:33.33333%\"><figure class=\"tiled-gallery__item\"><img decoding=\"async\" data-attachment-id=\"22024\" data-permalink=\"https:\/\/www.cisa-arica.cl\/wp1\/2023\/08\/17\/congreso-pedagogico-y-curricular\/img_2854\/\" data-orig-file=\"https:\/\/www.cisa-arica.cl\/wp1\/wp-content\/uploads\/2023\/09\/IMG_2854-scaled.jpg\" data-orig-size=\"2560,1707\" data-comments-opened=\"0\" data-image-meta=\"{&quot;aperture&quot;:&quot;2.8&quot;,&quot;credit&quot;:&quot;Mahadeva Das&quot;,&quot;camera&quot;:&quot;Canon EOS 60D&quot;,&quot;caption&quot;:&quot;&quot;,&quot;created_timestamp&quot;:&quot;1692203348&quot;,&quot;copyright&quot;:&quot;osomahadev@hotmail.com         Funkerrante@Gmail.com&quot;,&quot;focal_length&quot;:&quot;20&quot;,&quot;iso&quot;:&quot;400&quot;,&quot;shutter_speed&quot;:&quot;0.0125&quot;,&quot;title&quot;:&quot;&quot;,&quot;orientation&quot;:&quot;1&quot;}\" data-image-title=\"IMG_2854\" data-image-description=\"\" data-image-caption=\"\" data-large-file=\"https:\/\/www.cisa-arica.cl\/wp1\/wp-content\/uploads\/2023\/09\/IMG_2854-600x400.jpg\" data-attachment-id=\"22024\" data-permalink=\"https:\/\/www.cisa-arica.cl\/wp1\/2023\/08\/17\/congreso-pedagogico-y-curricular\/img_2854\/\" data-orig-file=\"https:\/\/www.cisa-arica.cl\/wp1\/wp-content\/uploads\/2023\/09\/IMG_2854-scaled.jpg\" data-orig-size=\"2560,1707\" data-comments-opened=\"0\" data-image-meta=\"{&quot;aperture&quot;:&quot;2.8&quot;,&quot;credit&quot;:&quot;Mahadeva Das&quot;,&quot;camera&quot;:&quot;Canon EOS 60D&quot;,&quot;caption&quot;:&quot;&quot;,&quot;created_timestamp&quot;:&quot;1692203348&quot;,&quot;copyright&quot;:&quot;osomahadev@hotmail.com         Funkerrante@Gmail.com&quot;,&quot;focal_length&quot;:&quot;20&quot;,&quot;iso&quot;:&quot;400&quot;,&quot;shutter_speed&quot;:&quot;0.0125&quot;,&quot;title&quot;:&quot;&quot;,&quot;orientation&quot;:&quot;1&quot;}\" data-image-title=\"IMG_2854\" data-image-description=\"\" data-image-caption=\"\" data-large-file=\"https:\/\/www.cisa-arica.cl\/wp1\/wp-content\/uploads\/2023\/09\/IMG_2854-600x400.jpg\" role=\"button\" tabindex=\"0\" aria-label=\"Abrir la imagen 10 de 43 en pantalla completa\"srcset=\"https:\/\/i1.wp.com\/www.cisa-arica.cl\/wp1\/wp-content\/uploads\/2023\/09\/IMG_2854-600x400.jpg?strip=info&#038;w=600 600w,https:\/\/i1.wp.com\/www.cisa-arica.cl\/wp1\/wp-content\/uploads\/2023\/09\/IMG_2854-600x400.jpg?strip=info&#038;w=900 900w,https:\/\/i1.wp.com\/www.cisa-arica.cl\/wp1\/wp-content\/uploads\/2023\/09\/IMG_2854-600x400.jpg?strip=info&#038;w=1200 1200w,https:\/\/i1.wp.com\/www.cisa-arica.cl\/wp1\/wp-content\/uploads\/2023\/09\/IMG_2854-600x400.jpg?strip=info&#038;w=1500 1500w,https:\/\/i1.wp.com\/www.cisa-arica.cl\/wp1\/wp-content\/uploads\/2023\/09\/IMG_2854-600x400.jpg?strip=info&#038;w=1800 1800w,https:\/\/i1.wp.com\/www.cisa-arica.cl\/wp1\/wp-content\/uploads\/2023\/09\/IMG_2854-600x400.jpg?strip=info&#038;w=2000 2000w\" alt=\"\" data-height=\"1707\" data-id=\"22024\" data-link=\"https:\/\/www.cisa-arica.cl\/wp1\/2023\/08\/17\/congreso-pedagogico-y-curricular\/img_2854\/\" data-url=\"http:\/\/www.cisa-arica.cl\/wp1\/wp-content\/uploads\/2023\/09\/IMG_2854-600x400.jpg\" data-width=\"2560\" src=\"https:\/\/i1.wp.com\/www.cisa-arica.cl\/wp1\/wp-content\/uploads\/2023\/09\/IMG_2854-600x400.jpg\" data-amp-layout=\"responsive\"\/><\/figure><\/div><\/div><div class=\"tiled-gallery__row\"><div class=\"tiled-gallery__col\" style=\"flex-basis:35.88768%\"><figure class=\"tiled-gallery__item\"><img decoding=\"async\" data-attachment-id=\"22023\" data-permalink=\"https:\/\/www.cisa-arica.cl\/wp1\/2023\/08\/17\/congreso-pedagogico-y-curricular\/img_2855\/\" data-orig-file=\"https:\/\/www.cisa-arica.cl\/wp1\/wp-content\/uploads\/2023\/09\/IMG_2855-scaled.jpg\" data-orig-size=\"2560,1707\" data-comments-opened=\"0\" data-image-meta=\"{&quot;aperture&quot;:&quot;2.8&quot;,&quot;credit&quot;:&quot;Mahadeva Das&quot;,&quot;camera&quot;:&quot;Canon EOS 60D&quot;,&quot;caption&quot;:&quot;&quot;,&quot;created_timestamp&quot;:&quot;1692203358&quot;,&quot;copyright&quot;:&quot;osomahadev@hotmail.com         Funkerrante@Gmail.com&quot;,&quot;focal_length&quot;:&quot;20&quot;,&quot;iso&quot;:&quot;400&quot;,&quot;shutter_speed&quot;:&quot;0.0125&quot;,&quot;title&quot;:&quot;&quot;,&quot;orientation&quot;:&quot;1&quot;}\" data-image-title=\"IMG_2855\" data-image-description=\"\" data-image-caption=\"\" data-large-file=\"https:\/\/www.cisa-arica.cl\/wp1\/wp-content\/uploads\/2023\/09\/IMG_2855-600x400.jpg\" data-attachment-id=\"22023\" data-permalink=\"https:\/\/www.cisa-arica.cl\/wp1\/2023\/08\/17\/congreso-pedagogico-y-curricular\/img_2855\/\" data-orig-file=\"https:\/\/www.cisa-arica.cl\/wp1\/wp-content\/uploads\/2023\/09\/IMG_2855-scaled.jpg\" data-orig-size=\"2560,1707\" data-comments-opened=\"0\" data-image-meta=\"{&quot;aperture&quot;:&quot;2.8&quot;,&quot;credit&quot;:&quot;Mahadeva Das&quot;,&quot;camera&quot;:&quot;Canon EOS 60D&quot;,&quot;caption&quot;:&quot;&quot;,&quot;created_timestamp&quot;:&quot;1692203358&quot;,&quot;copyright&quot;:&quot;osomahadev@hotmail.com         Funkerrante@Gmail.com&quot;,&quot;focal_length&quot;:&quot;20&quot;,&quot;iso&quot;:&quot;400&quot;,&quot;shutter_speed&quot;:&quot;0.0125&quot;,&quot;title&quot;:&quot;&quot;,&quot;orientation&quot;:&quot;1&quot;}\" data-image-title=\"IMG_2855\" data-image-description=\"\" data-image-caption=\"\" data-large-file=\"https:\/\/www.cisa-arica.cl\/wp1\/wp-content\/uploads\/2023\/09\/IMG_2855-600x400.jpg\" role=\"button\" tabindex=\"0\" aria-label=\"Abrir la imagen 11 de 43 en pantalla completa\"srcset=\"https:\/\/i2.wp.com\/www.cisa-arica.cl\/wp1\/wp-content\/uploads\/2023\/09\/IMG_2855-600x400.jpg?strip=info&#038;w=600 600w,https:\/\/i2.wp.com\/www.cisa-arica.cl\/wp1\/wp-content\/uploads\/2023\/09\/IMG_2855-600x400.jpg?strip=info&#038;w=900 900w,https:\/\/i2.wp.com\/www.cisa-arica.cl\/wp1\/wp-content\/uploads\/2023\/09\/IMG_2855-600x400.jpg?strip=info&#038;w=1200 1200w,https:\/\/i2.wp.com\/www.cisa-arica.cl\/wp1\/wp-content\/uploads\/2023\/09\/IMG_2855-600x400.jpg?strip=info&#038;w=1500 1500w,https:\/\/i2.wp.com\/www.cisa-arica.cl\/wp1\/wp-content\/uploads\/2023\/09\/IMG_2855-600x400.jpg?strip=info&#038;w=1800 1800w,https:\/\/i2.wp.com\/www.cisa-arica.cl\/wp1\/wp-content\/uploads\/2023\/09\/IMG_2855-600x400.jpg?strip=info&#038;w=2000 2000w\" alt=\"\" data-height=\"1707\" data-id=\"22023\" data-link=\"https:\/\/www.cisa-arica.cl\/wp1\/2023\/08\/17\/congreso-pedagogico-y-curricular\/img_2855\/\" data-url=\"http:\/\/www.cisa-arica.cl\/wp1\/wp-content\/uploads\/2023\/09\/IMG_2855-600x400.jpg\" data-width=\"2560\" src=\"https:\/\/i2.wp.com\/www.cisa-arica.cl\/wp1\/wp-content\/uploads\/2023\/09\/IMG_2855-600x400.jpg\" data-amp-layout=\"responsive\"\/><\/figure><figure class=\"tiled-gallery__item\"><img decoding=\"async\" data-attachment-id=\"21897\" data-permalink=\"https:\/\/www.cisa-arica.cl\/wp1\/2023\/08\/30\/visita-al-museo-interactivo\/img_2950\/\" data-orig-file=\"https:\/\/www.cisa-arica.cl\/wp1\/wp-content\/uploads\/2023\/09\/IMG_2950-scaled.jpg\" data-orig-size=\"2560,1707\" data-comments-opened=\"0\" data-image-meta=\"{&quot;aperture&quot;:&quot;2.8&quot;,&quot;credit&quot;:&quot;Mahadeva Das&quot;,&quot;camera&quot;:&quot;Canon EOS 60D&quot;,&quot;caption&quot;:&quot;&quot;,&quot;created_timestamp&quot;:&quot;1692877137&quot;,&quot;copyright&quot;:&quot;osomahadev@hotmail.com         Funkerrante@Gmail.com&quot;,&quot;focal_length&quot;:&quot;50&quot;,&quot;iso&quot;:&quot;125&quot;,&quot;shutter_speed&quot;:&quot;0.003125&quot;,&quot;title&quot;:&quot;&quot;,&quot;orientation&quot;:&quot;1&quot;}\" data-image-title=\"IMG_2950\" data-image-description=\"\" data-image-caption=\"\" data-large-file=\"https:\/\/www.cisa-arica.cl\/wp1\/wp-content\/uploads\/2023\/09\/IMG_2950-600x400.jpg\" data-attachment-id=\"21897\" data-permalink=\"https:\/\/www.cisa-arica.cl\/wp1\/2023\/08\/30\/visita-al-museo-interactivo\/img_2950\/\" data-orig-file=\"https:\/\/www.cisa-arica.cl\/wp1\/wp-content\/uploads\/2023\/09\/IMG_2950-scaled.jpg\" data-orig-size=\"2560,1707\" data-comments-opened=\"0\" data-image-meta=\"{&quot;aperture&quot;:&quot;2.8&quot;,&quot;credit&quot;:&quot;Mahadeva Das&quot;,&quot;camera&quot;:&quot;Canon EOS 60D&quot;,&quot;caption&quot;:&quot;&quot;,&quot;created_timestamp&quot;:&quot;1692877137&quot;,&quot;copyright&quot;:&quot;osomahadev@hotmail.com         Funkerrante@Gmail.com&quot;,&quot;focal_length&quot;:&quot;50&quot;,&quot;iso&quot;:&quot;125&quot;,&quot;shutter_speed&quot;:&quot;0.003125&quot;,&quot;title&quot;:&quot;&quot;,&quot;orientation&quot;:&quot;1&quot;}\" data-image-title=\"IMG_2950\" data-image-description=\"\" data-image-caption=\"\" data-large-file=\"https:\/\/www.cisa-arica.cl\/wp1\/wp-content\/uploads\/2023\/09\/IMG_2950-600x400.jpg\" role=\"button\" tabindex=\"0\" aria-label=\"Abrir la imagen 12 de 43 en pantalla completa\"srcset=\"https:\/\/i2.wp.com\/www.cisa-arica.cl\/wp1\/wp-content\/uploads\/2023\/09\/IMG_2950-600x400.jpg?strip=info&#038;w=600 600w,https:\/\/i2.wp.com\/www.cisa-arica.cl\/wp1\/wp-content\/uploads\/2023\/09\/IMG_2950-600x400.jpg?strip=info&#038;w=900 900w,https:\/\/i2.wp.com\/www.cisa-arica.cl\/wp1\/wp-content\/uploads\/2023\/09\/IMG_2950-600x400.jpg?strip=info&#038;w=1200 1200w,https:\/\/i2.wp.com\/www.cisa-arica.cl\/wp1\/wp-content\/uploads\/2023\/09\/IMG_2950-600x400.jpg?strip=info&#038;w=1500 1500w,https:\/\/i2.wp.com\/www.cisa-arica.cl\/wp1\/wp-content\/uploads\/2023\/09\/IMG_2950-600x400.jpg?strip=info&#038;w=1800 1800w,https:\/\/i2.wp.com\/www.cisa-arica.cl\/wp1\/wp-content\/uploads\/2023\/09\/IMG_2950-600x400.jpg?strip=info&#038;w=2000 2000w\" alt=\"\" data-height=\"1707\" data-id=\"21897\" data-link=\"https:\/\/www.cisa-arica.cl\/wp1\/2023\/08\/30\/visita-al-museo-interactivo\/img_2950\/\" data-url=\"http:\/\/www.cisa-arica.cl\/wp1\/wp-content\/uploads\/2023\/09\/IMG_2950-600x400.jpg\" data-width=\"2560\" src=\"https:\/\/i2.wp.com\/www.cisa-arica.cl\/wp1\/wp-content\/uploads\/2023\/09\/IMG_2950-600x400.jpg\" data-amp-layout=\"responsive\"\/><\/figure><\/div><div class=\"tiled-gallery__col\" style=\"flex-basis:64.11232%\"><figure class=\"tiled-gallery__item\"><img decoding=\"async\" data-attachment-id=\"21796\" data-permalink=\"https:\/\/www.cisa-arica.cl\/wp1\/2023\/08\/21\/salida-a-terreno-de-los-terceros-medios\/photo-2023-08-18-08-10-34-1\/\" data-orig-file=\"https:\/\/www.cisa-arica.cl\/wp1\/wp-content\/uploads\/2023\/08\/PHOTO-2023-08-18-08-10-34-1.jpg\" data-orig-size=\"1600,1200\" data-comments-opened=\"0\" data-image-meta=\"{&quot;aperture&quot;:&quot;0&quot;,&quot;credit&quot;:&quot;&quot;,&quot;camera&quot;:&quot;&quot;,&quot;caption&quot;:&quot;&quot;,&quot;created_timestamp&quot;:&quot;0&quot;,&quot;copyright&quot;:&quot;&quot;,&quot;focal_length&quot;:&quot;0&quot;,&quot;iso&quot;:&quot;0&quot;,&quot;shutter_speed&quot;:&quot;0&quot;,&quot;title&quot;:&quot;&quot;,&quot;orientation&quot;:&quot;0&quot;}\" data-image-title=\"PHOTO-2023-08-18-08-10-34-1\" data-image-description=\"\" data-image-caption=\"\" data-large-file=\"https:\/\/www.cisa-arica.cl\/wp1\/wp-content\/uploads\/2023\/08\/PHOTO-2023-08-18-08-10-34-1-600x450.jpg\" data-attachment-id=\"21796\" data-permalink=\"https:\/\/www.cisa-arica.cl\/wp1\/2023\/08\/21\/salida-a-terreno-de-los-terceros-medios\/photo-2023-08-18-08-10-34-1\/\" data-orig-file=\"https:\/\/www.cisa-arica.cl\/wp1\/wp-content\/uploads\/2023\/08\/PHOTO-2023-08-18-08-10-34-1.jpg\" data-orig-size=\"1600,1200\" data-comments-opened=\"0\" data-image-meta=\"{&quot;aperture&quot;:&quot;0&quot;,&quot;credit&quot;:&quot;&quot;,&quot;camera&quot;:&quot;&quot;,&quot;caption&quot;:&quot;&quot;,&quot;created_timestamp&quot;:&quot;0&quot;,&quot;copyright&quot;:&quot;&quot;,&quot;focal_length&quot;:&quot;0&quot;,&quot;iso&quot;:&quot;0&quot;,&quot;shutter_speed&quot;:&quot;0&quot;,&quot;title&quot;:&quot;&quot;,&quot;orientation&quot;:&quot;0&quot;}\" data-image-title=\"PHOTO-2023-08-18-08-10-34-1\" data-image-description=\"\" data-image-caption=\"\" data-large-file=\"https:\/\/www.cisa-arica.cl\/wp1\/wp-content\/uploads\/2023\/08\/PHOTO-2023-08-18-08-10-34-1-600x450.jpg\" role=\"button\" tabindex=\"0\" aria-label=\"Abrir la imagen 13 de 43 en pantalla completa\"srcset=\"https:\/\/i2.wp.com\/www.cisa-arica.cl\/wp1\/wp-content\/uploads\/2023\/08\/PHOTO-2023-08-18-08-10-34-1-600x450.jpg?strip=info&#038;w=600 600w,https:\/\/i2.wp.com\/www.cisa-arica.cl\/wp1\/wp-content\/uploads\/2023\/08\/PHOTO-2023-08-18-08-10-34-1-600x450.jpg?strip=info&#038;w=900 900w,https:\/\/i2.wp.com\/www.cisa-arica.cl\/wp1\/wp-content\/uploads\/2023\/08\/PHOTO-2023-08-18-08-10-34-1-600x450.jpg?strip=info&#038;w=1200 1200w,https:\/\/i2.wp.com\/www.cisa-arica.cl\/wp1\/wp-content\/uploads\/2023\/08\/PHOTO-2023-08-18-08-10-34-1-600x450.jpg?strip=info&#038;w=1500 1500w,https:\/\/i2.wp.com\/www.cisa-arica.cl\/wp1\/wp-content\/uploads\/2023\/08\/PHOTO-2023-08-18-08-10-34-1-600x450.jpg?strip=info&#038;w=1600 1600w\" alt=\"\" data-height=\"1200\" data-id=\"21796\" data-link=\"https:\/\/www.cisa-arica.cl\/wp1\/2023\/08\/21\/salida-a-terreno-de-los-terceros-medios\/photo-2023-08-18-08-10-34-1\/\" data-url=\"http:\/\/www.cisa-arica.cl\/wp1\/wp-content\/uploads\/2023\/08\/PHOTO-2023-08-18-08-10-34-1-600x450.jpg\" data-width=\"1600\" src=\"https:\/\/i2.wp.com\/www.cisa-arica.cl\/wp1\/wp-content\/uploads\/2023\/08\/PHOTO-2023-08-18-08-10-34-1-600x450.jpg\" data-amp-layout=\"responsive\"\/><\/figure><\/div><\/div><div class=\"tiled-gallery__row\"><div class=\"tiled-gallery__col\" style=\"flex-basis:42.87887%\"><figure class=\"tiled-gallery__item\"><img decoding=\"async\" data-attachment-id=\"21771\" data-permalink=\"https:\/\/www.cisa-arica.cl\/wp1\/2023\/08\/17\/exposicion-de-quimica-de-los-8vos-basicos-a-y-b\/photo-2023-08-18-08-10-332\/\" data-orig-file=\"https:\/\/www.cisa-arica.cl\/wp1\/wp-content\/uploads\/2023\/08\/PHOTO-2023-08-18-08-10-332.jpg\" data-orig-size=\"1600,1200\" data-comments-opened=\"0\" data-image-meta=\"{&quot;aperture&quot;:&quot;0&quot;,&quot;credit&quot;:&quot;&quot;,&quot;camera&quot;:&quot;&quot;,&quot;caption&quot;:&quot;&quot;,&quot;created_timestamp&quot;:&quot;0&quot;,&quot;copyright&quot;:&quot;&quot;,&quot;focal_length&quot;:&quot;0&quot;,&quot;iso&quot;:&quot;0&quot;,&quot;shutter_speed&quot;:&quot;0&quot;,&quot;title&quot;:&quot;&quot;,&quot;orientation&quot;:&quot;0&quot;}\" data-image-title=\"PHOTO-2023-08-18-08-10-332\" data-image-description=\"\" data-image-caption=\"\" data-large-file=\"https:\/\/www.cisa-arica.cl\/wp1\/wp-content\/uploads\/2023\/08\/PHOTO-2023-08-18-08-10-332-600x450.jpg\" data-attachment-id=\"21771\" data-permalink=\"https:\/\/www.cisa-arica.cl\/wp1\/2023\/08\/17\/exposicion-de-quimica-de-los-8vos-basicos-a-y-b\/photo-2023-08-18-08-10-332\/\" data-orig-file=\"https:\/\/www.cisa-arica.cl\/wp1\/wp-content\/uploads\/2023\/08\/PHOTO-2023-08-18-08-10-332.jpg\" data-orig-size=\"1600,1200\" data-comments-opened=\"0\" data-image-meta=\"{&quot;aperture&quot;:&quot;0&quot;,&quot;credit&quot;:&quot;&quot;,&quot;camera&quot;:&quot;&quot;,&quot;caption&quot;:&quot;&quot;,&quot;created_timestamp&quot;:&quot;0&quot;,&quot;copyright&quot;:&quot;&quot;,&quot;focal_length&quot;:&quot;0&quot;,&quot;iso&quot;:&quot;0&quot;,&quot;shutter_speed&quot;:&quot;0&quot;,&quot;title&quot;:&quot;&quot;,&quot;orientation&quot;:&quot;0&quot;}\" data-image-title=\"PHOTO-2023-08-18-08-10-332\" data-image-description=\"\" data-image-caption=\"\" data-large-file=\"https:\/\/www.cisa-arica.cl\/wp1\/wp-content\/uploads\/2023\/08\/PHOTO-2023-08-18-08-10-332-600x450.jpg\" role=\"button\" tabindex=\"0\" aria-label=\"Abrir la imagen 14 de 43 en pantalla completa\"srcset=\"https:\/\/i2.wp.com\/www.cisa-arica.cl\/wp1\/wp-content\/uploads\/2023\/08\/PHOTO-2023-08-18-08-10-332-600x450.jpg?strip=info&#038;w=600 600w,https:\/\/i2.wp.com\/www.cisa-arica.cl\/wp1\/wp-content\/uploads\/2023\/08\/PHOTO-2023-08-18-08-10-332-600x450.jpg?strip=info&#038;w=900 900w,https:\/\/i2.wp.com\/www.cisa-arica.cl\/wp1\/wp-content\/uploads\/2023\/08\/PHOTO-2023-08-18-08-10-332-600x450.jpg?strip=info&#038;w=1200 1200w,https:\/\/i2.wp.com\/www.cisa-arica.cl\/wp1\/wp-content\/uploads\/2023\/08\/PHOTO-2023-08-18-08-10-332-600x450.jpg?strip=info&#038;w=1500 1500w,https:\/\/i2.wp.com\/www.cisa-arica.cl\/wp1\/wp-content\/uploads\/2023\/08\/PHOTO-2023-08-18-08-10-332-600x450.jpg?strip=info&#038;w=1600 1600w\" alt=\"\" data-height=\"1200\" data-id=\"21771\" data-link=\"https:\/\/www.cisa-arica.cl\/wp1\/2023\/08\/17\/exposicion-de-quimica-de-los-8vos-basicos-a-y-b\/photo-2023-08-18-08-10-332\/\" data-url=\"http:\/\/www.cisa-arica.cl\/wp1\/wp-content\/uploads\/2023\/08\/PHOTO-2023-08-18-08-10-332-600x450.jpg\" data-width=\"1600\" src=\"https:\/\/i2.wp.com\/www.cisa-arica.cl\/wp1\/wp-content\/uploads\/2023\/08\/PHOTO-2023-08-18-08-10-332-600x450.jpg\" data-amp-layout=\"responsive\"\/><\/figure><\/div><div class=\"tiled-gallery__col\" style=\"flex-basis:57.12113%\"><figure class=\"tiled-gallery__item\"><img decoding=\"async\" data-attachment-id=\"21233\" data-permalink=\"https:\/\/www.cisa-arica.cl\/wp1\/2023\/07\/24\/procesion-diocesana-santa-ana-y-san-joaquin\/2faf638e-1b85-4b6f-8368-0f660c9c59be\/\" data-orig-file=\"https:\/\/www.cisa-arica.cl\/wp1\/wp-content\/uploads\/2023\/07\/2FAF638E-1B85-4B6F-8368-0F660C9C59BE.jpeg\" data-orig-size=\"1600,900\" data-comments-opened=\"0\" data-image-meta=\"{&quot;aperture&quot;:&quot;0&quot;,&quot;credit&quot;:&quot;&quot;,&quot;camera&quot;:&quot;&quot;,&quot;caption&quot;:&quot;&quot;,&quot;created_timestamp&quot;:&quot;0&quot;,&quot;copyright&quot;:&quot;&quot;,&quot;focal_length&quot;:&quot;0&quot;,&quot;iso&quot;:&quot;0&quot;,&quot;shutter_speed&quot;:&quot;0&quot;,&quot;title&quot;:&quot;&quot;,&quot;orientation&quot;:&quot;0&quot;}\" data-image-title=\"2FAF638E-1B85-4B6F-8368-0F660C9C59BE\" data-image-description=\"\" data-image-caption=\"\" data-large-file=\"https:\/\/www.cisa-arica.cl\/wp1\/wp-content\/uploads\/2023\/07\/2FAF638E-1B85-4B6F-8368-0F660C9C59BE-600x338.jpeg\" data-attachment-id=\"21233\" data-permalink=\"https:\/\/www.cisa-arica.cl\/wp1\/2023\/07\/24\/procesion-diocesana-santa-ana-y-san-joaquin\/2faf638e-1b85-4b6f-8368-0f660c9c59be\/\" data-orig-file=\"https:\/\/www.cisa-arica.cl\/wp1\/wp-content\/uploads\/2023\/07\/2FAF638E-1B85-4B6F-8368-0F660C9C59BE.jpeg\" data-orig-size=\"1600,900\" data-comments-opened=\"0\" data-image-meta=\"{&quot;aperture&quot;:&quot;0&quot;,&quot;credit&quot;:&quot;&quot;,&quot;camera&quot;:&quot;&quot;,&quot;caption&quot;:&quot;&quot;,&quot;created_timestamp&quot;:&quot;0&quot;,&quot;copyright&quot;:&quot;&quot;,&quot;focal_length&quot;:&quot;0&quot;,&quot;iso&quot;:&quot;0&quot;,&quot;shutter_speed&quot;:&quot;0&quot;,&quot;title&quot;:&quot;&quot;,&quot;orientation&quot;:&quot;0&quot;}\" data-image-title=\"2FAF638E-1B85-4B6F-8368-0F660C9C59BE\" data-image-description=\"\" data-image-caption=\"\" data-large-file=\"https:\/\/www.cisa-arica.cl\/wp1\/wp-content\/uploads\/2023\/07\/2FAF638E-1B85-4B6F-8368-0F660C9C59BE-600x338.jpeg\" role=\"button\" tabindex=\"0\" aria-label=\"Abrir la imagen 15 de 43 en pantalla completa\"srcset=\"https:\/\/i2.wp.com\/www.cisa-arica.cl\/wp1\/wp-content\/uploads\/2023\/07\/2FAF638E-1B85-4B6F-8368-0F660C9C59BE-600x338.jpeg?strip=info&#038;w=600 600w,https:\/\/i2.wp.com\/www.cisa-arica.cl\/wp1\/wp-content\/uploads\/2023\/07\/2FAF638E-1B85-4B6F-8368-0F660C9C59BE-600x338.jpeg?strip=info&#038;w=900 900w,https:\/\/i2.wp.com\/www.cisa-arica.cl\/wp1\/wp-content\/uploads\/2023\/07\/2FAF638E-1B85-4B6F-8368-0F660C9C59BE-600x338.jpeg?strip=info&#038;w=1200 1200w,https:\/\/i2.wp.com\/www.cisa-arica.cl\/wp1\/wp-content\/uploads\/2023\/07\/2FAF638E-1B85-4B6F-8368-0F660C9C59BE-600x338.jpeg?strip=info&#038;w=1500 1500w,https:\/\/i2.wp.com\/www.cisa-arica.cl\/wp1\/wp-content\/uploads\/2023\/07\/2FAF638E-1B85-4B6F-8368-0F660C9C59BE-600x338.jpeg?strip=info&#038;w=1600 1600w\" alt=\"\" data-height=\"900\" data-id=\"21233\" data-link=\"https:\/\/www.cisa-arica.cl\/wp1\/2023\/07\/24\/procesion-diocesana-santa-ana-y-san-joaquin\/2faf638e-1b85-4b6f-8368-0f660c9c59be\/\" data-url=\"http:\/\/www.cisa-arica.cl\/wp1\/wp-content\/uploads\/2023\/07\/2FAF638E-1B85-4B6F-8368-0F660C9C59BE-600x338.jpeg\" data-width=\"1600\" src=\"https:\/\/i2.wp.com\/www.cisa-arica.cl\/wp1\/wp-content\/uploads\/2023\/07\/2FAF638E-1B85-4B6F-8368-0F660C9C59BE-600x338.jpeg\" data-amp-layout=\"responsive\"\/><\/figure><\/div><\/div><div class=\"tiled-gallery__row\"><div class=\"tiled-gallery__col\" style=\"flex-basis:27.77039%\"><figure class=\"tiled-gallery__item\"><img decoding=\"async\" data-attachment-id=\"21170\" data-permalink=\"https:\/\/www.cisa-arica.cl\/wp1\/2023\/06\/25\/dia-de-la-familia\/dc384a58-48bd-41ff-afce-3d4b09667a0b\/\" data-orig-file=\"https:\/\/www.cisa-arica.cl\/wp1\/wp-content\/uploads\/2023\/06\/DC384A58-48BD-41FF-AFCE-3D4B09667A0B.jpeg\" data-orig-size=\"1200,1600\" data-comments-opened=\"0\" data-image-meta=\"{&quot;aperture&quot;:&quot;0&quot;,&quot;credit&quot;:&quot;&quot;,&quot;camera&quot;:&quot;&quot;,&quot;caption&quot;:&quot;&quot;,&quot;created_timestamp&quot;:&quot;0&quot;,&quot;copyright&quot;:&quot;&quot;,&quot;focal_length&quot;:&quot;0&quot;,&quot;iso&quot;:&quot;0&quot;,&quot;shutter_speed&quot;:&quot;0&quot;,&quot;title&quot;:&quot;&quot;,&quot;orientation&quot;:&quot;0&quot;}\" data-image-title=\"DC384A58-48BD-41FF-AFCE-3D4B09667A0B\" data-image-description=\"\" data-image-caption=\"\" data-large-file=\"https:\/\/www.cisa-arica.cl\/wp1\/wp-content\/uploads\/2023\/06\/DC384A58-48BD-41FF-AFCE-3D4B09667A0B-450x600.jpeg\" data-attachment-id=\"21170\" data-permalink=\"https:\/\/www.cisa-arica.cl\/wp1\/2023\/06\/25\/dia-de-la-familia\/dc384a58-48bd-41ff-afce-3d4b09667a0b\/\" data-orig-file=\"https:\/\/www.cisa-arica.cl\/wp1\/wp-content\/uploads\/2023\/06\/DC384A58-48BD-41FF-AFCE-3D4B09667A0B.jpeg\" data-orig-size=\"1200,1600\" data-comments-opened=\"0\" data-image-meta=\"{&quot;aperture&quot;:&quot;0&quot;,&quot;credit&quot;:&quot;&quot;,&quot;camera&quot;:&quot;&quot;,&quot;caption&quot;:&quot;&quot;,&quot;created_timestamp&quot;:&quot;0&quot;,&quot;copyright&quot;:&quot;&quot;,&quot;focal_length&quot;:&quot;0&quot;,&quot;iso&quot;:&quot;0&quot;,&quot;shutter_speed&quot;:&quot;0&quot;,&quot;title&quot;:&quot;&quot;,&quot;orientation&quot;:&quot;0&quot;}\" data-image-title=\"DC384A58-48BD-41FF-AFCE-3D4B09667A0B\" data-image-description=\"\" data-image-caption=\"\" data-large-file=\"https:\/\/www.cisa-arica.cl\/wp1\/wp-content\/uploads\/2023\/06\/DC384A58-48BD-41FF-AFCE-3D4B09667A0B-450x600.jpeg\" role=\"button\" tabindex=\"0\" aria-label=\"Abrir la imagen 16 de 43 en pantalla completa\"srcset=\"https:\/\/i1.wp.com\/www.cisa-arica.cl\/wp1\/wp-content\/uploads\/2023\/06\/DC384A58-48BD-41FF-AFCE-3D4B09667A0B-450x600.jpeg?strip=info&#038;w=600 600w,https:\/\/i1.wp.com\/www.cisa-arica.cl\/wp1\/wp-content\/uploads\/2023\/06\/DC384A58-48BD-41FF-AFCE-3D4B09667A0B-450x600.jpeg?strip=info&#038;w=900 900w,https:\/\/i1.wp.com\/www.cisa-arica.cl\/wp1\/wp-content\/uploads\/2023\/06\/DC384A58-48BD-41FF-AFCE-3D4B09667A0B-450x600.jpeg?strip=info&#038;w=1200 1200w\" alt=\"\" data-height=\"1600\" data-id=\"21170\" data-link=\"https:\/\/www.cisa-arica.cl\/wp1\/2023\/06\/25\/dia-de-la-familia\/dc384a58-48bd-41ff-afce-3d4b09667a0b\/\" data-url=\"http:\/\/www.cisa-arica.cl\/wp1\/wp-content\/uploads\/2023\/06\/DC384A58-48BD-41FF-AFCE-3D4B09667A0B-450x600.jpeg\" data-width=\"1200\" src=\"https:\/\/i1.wp.com\/www.cisa-arica.cl\/wp1\/wp-content\/uploads\/2023\/06\/DC384A58-48BD-41FF-AFCE-3D4B09667A0B-450x600.jpeg\" data-amp-layout=\"responsive\"\/><\/figure><\/div><div class=\"tiled-gallery__col\" style=\"flex-basis:16.68883%\"><figure class=\"tiled-gallery__item\"><img decoding=\"async\" data-attachment-id=\"21161\" data-permalink=\"https:\/\/www.cisa-arica.cl\/wp1\/2023\/06\/25\/dia-de-la-familia\/92acb98e-23fe-462b-9702-a9df3d9fc04c\/\" data-orig-file=\"https:\/\/www.cisa-arica.cl\/wp1\/wp-content\/uploads\/2023\/06\/92ACB98E-23FE-462B-9702-A9DF3D9FC04C.jpeg\" data-orig-size=\"720,1600\" data-comments-opened=\"0\" data-image-meta=\"{&quot;aperture&quot;:&quot;0&quot;,&quot;credit&quot;:&quot;&quot;,&quot;camera&quot;:&quot;&quot;,&quot;caption&quot;:&quot;&quot;,&quot;created_timestamp&quot;:&quot;0&quot;,&quot;copyright&quot;:&quot;&quot;,&quot;focal_length&quot;:&quot;0&quot;,&quot;iso&quot;:&quot;0&quot;,&quot;shutter_speed&quot;:&quot;0&quot;,&quot;title&quot;:&quot;&quot;,&quot;orientation&quot;:&quot;0&quot;}\" data-image-title=\"92ACB98E-23FE-462B-9702-A9DF3D9FC04C\" data-image-description=\"\" data-image-caption=\"\" data-large-file=\"https:\/\/www.cisa-arica.cl\/wp1\/wp-content\/uploads\/2023\/06\/92ACB98E-23FE-462B-9702-A9DF3D9FC04C-270x600.jpeg\" data-attachment-id=\"21161\" data-permalink=\"https:\/\/www.cisa-arica.cl\/wp1\/2023\/06\/25\/dia-de-la-familia\/92acb98e-23fe-462b-9702-a9df3d9fc04c\/\" data-orig-file=\"https:\/\/www.cisa-arica.cl\/wp1\/wp-content\/uploads\/2023\/06\/92ACB98E-23FE-462B-9702-A9DF3D9FC04C.jpeg\" data-orig-size=\"720,1600\" data-comments-opened=\"0\" data-image-meta=\"{&quot;aperture&quot;:&quot;0&quot;,&quot;credit&quot;:&quot;&quot;,&quot;camera&quot;:&quot;&quot;,&quot;caption&quot;:&quot;&quot;,&quot;created_timestamp&quot;:&quot;0&quot;,&quot;copyright&quot;:&quot;&quot;,&quot;focal_length&quot;:&quot;0&quot;,&quot;iso&quot;:&quot;0&quot;,&quot;shutter_speed&quot;:&quot;0&quot;,&quot;title&quot;:&quot;&quot;,&quot;orientation&quot;:&quot;0&quot;}\" data-image-title=\"92ACB98E-23FE-462B-9702-A9DF3D9FC04C\" data-image-description=\"\" data-image-caption=\"\" data-large-file=\"https:\/\/www.cisa-arica.cl\/wp1\/wp-content\/uploads\/2023\/06\/92ACB98E-23FE-462B-9702-A9DF3D9FC04C-270x600.jpeg\" role=\"button\" tabindex=\"0\" aria-label=\"Abrir la imagen 17 de 43 en pantalla completa\"srcset=\"https:\/\/i0.wp.com\/www.cisa-arica.cl\/wp1\/wp-content\/uploads\/2023\/06\/92ACB98E-23FE-462B-9702-A9DF3D9FC04C-270x600.jpeg?strip=info&#038;w=600 600w,https:\/\/i0.wp.com\/www.cisa-arica.cl\/wp1\/wp-content\/uploads\/2023\/06\/92ACB98E-23FE-462B-9702-A9DF3D9FC04C-270x600.jpeg?strip=info&#038;w=720 720w\" alt=\"\" data-height=\"1600\" data-id=\"21161\" data-link=\"https:\/\/www.cisa-arica.cl\/wp1\/2023\/06\/25\/dia-de-la-familia\/92acb98e-23fe-462b-9702-a9df3d9fc04c\/\" data-url=\"http:\/\/www.cisa-arica.cl\/wp1\/wp-content\/uploads\/2023\/06\/92ACB98E-23FE-462B-9702-A9DF3D9FC04C-270x600.jpeg\" data-width=\"720\" src=\"https:\/\/i0.wp.com\/www.cisa-arica.cl\/wp1\/wp-content\/uploads\/2023\/06\/92ACB98E-23FE-462B-9702-A9DF3D9FC04C-270x600.jpeg\" data-amp-layout=\"responsive\"\/><\/figure><\/div><div class=\"tiled-gallery__col\" style=\"flex-basis:27.77039%\"><figure class=\"tiled-gallery__item\"><img decoding=\"async\" data-attachment-id=\"21142\" data-permalink=\"https:\/\/www.cisa-arica.cl\/wp1\/2023\/06\/25\/dia-de-la-familia\/8abd53a5-3ac9-4d96-a17f-889459b9192b\/\" data-orig-file=\"https:\/\/www.cisa-arica.cl\/wp1\/wp-content\/uploads\/2023\/06\/8ABD53A5-3AC9-4D96-A17F-889459B9192B-scaled.jpeg\" data-orig-size=\"1920,2560\" data-comments-opened=\"0\" data-image-meta=\"{&quot;aperture&quot;:&quot;0&quot;,&quot;credit&quot;:&quot;&quot;,&quot;camera&quot;:&quot;&quot;,&quot;caption&quot;:&quot;&quot;,&quot;created_timestamp&quot;:&quot;0&quot;,&quot;copyright&quot;:&quot;&quot;,&quot;focal_length&quot;:&quot;0&quot;,&quot;iso&quot;:&quot;0&quot;,&quot;shutter_speed&quot;:&quot;0&quot;,&quot;title&quot;:&quot;&quot;,&quot;orientation&quot;:&quot;1&quot;}\" data-image-title=\"8ABD53A5-3AC9-4D96-A17F-889459B9192B\" data-image-description=\"\" data-image-caption=\"\" data-large-file=\"https:\/\/www.cisa-arica.cl\/wp1\/wp-content\/uploads\/2023\/06\/8ABD53A5-3AC9-4D96-A17F-889459B9192B-450x600.jpeg\" data-attachment-id=\"21142\" data-permalink=\"https:\/\/www.cisa-arica.cl\/wp1\/2023\/06\/25\/dia-de-la-familia\/8abd53a5-3ac9-4d96-a17f-889459b9192b\/\" data-orig-file=\"https:\/\/www.cisa-arica.cl\/wp1\/wp-content\/uploads\/2023\/06\/8ABD53A5-3AC9-4D96-A17F-889459B9192B-scaled.jpeg\" data-orig-size=\"1920,2560\" data-comments-opened=\"0\" data-image-meta=\"{&quot;aperture&quot;:&quot;0&quot;,&quot;credit&quot;:&quot;&quot;,&quot;camera&quot;:&quot;&quot;,&quot;caption&quot;:&quot;&quot;,&quot;created_timestamp&quot;:&quot;0&quot;,&quot;copyright&quot;:&quot;&quot;,&quot;focal_length&quot;:&quot;0&quot;,&quot;iso&quot;:&quot;0&quot;,&quot;shutter_speed&quot;:&quot;0&quot;,&quot;title&quot;:&quot;&quot;,&quot;orientation&quot;:&quot;1&quot;}\" data-image-title=\"8ABD53A5-3AC9-4D96-A17F-889459B9192B\" data-image-description=\"\" data-image-caption=\"\" data-large-file=\"https:\/\/www.cisa-arica.cl\/wp1\/wp-content\/uploads\/2023\/06\/8ABD53A5-3AC9-4D96-A17F-889459B9192B-450x600.jpeg\" role=\"button\" tabindex=\"0\" aria-label=\"Abrir la imagen 18 de 43 en pantalla completa\"srcset=\"https:\/\/i1.wp.com\/www.cisa-arica.cl\/wp1\/wp-content\/uploads\/2023\/06\/8ABD53A5-3AC9-4D96-A17F-889459B9192B-450x600.jpeg?strip=info&#038;w=600 600w,https:\/\/i1.wp.com\/www.cisa-arica.cl\/wp1\/wp-content\/uploads\/2023\/06\/8ABD53A5-3AC9-4D96-A17F-889459B9192B-450x600.jpeg?strip=info&#038;w=900 900w,https:\/\/i1.wp.com\/www.cisa-arica.cl\/wp1\/wp-content\/uploads\/2023\/06\/8ABD53A5-3AC9-4D96-A17F-889459B9192B-450x600.jpeg?strip=info&#038;w=1200 1200w,https:\/\/i1.wp.com\/www.cisa-arica.cl\/wp1\/wp-content\/uploads\/2023\/06\/8ABD53A5-3AC9-4D96-A17F-889459B9192B-450x600.jpeg?strip=info&#038;w=1500 1500w,https:\/\/i1.wp.com\/www.cisa-arica.cl\/wp1\/wp-content\/uploads\/2023\/06\/8ABD53A5-3AC9-4D96-A17F-889459B9192B-450x600.jpeg?strip=info&#038;w=1800 1800w,https:\/\/i1.wp.com\/www.cisa-arica.cl\/wp1\/wp-content\/uploads\/2023\/06\/8ABD53A5-3AC9-4D96-A17F-889459B9192B-450x600.jpeg?strip=info&#038;w=1920 1920w\" alt=\"\" data-height=\"2560\" data-id=\"21142\" data-link=\"https:\/\/www.cisa-arica.cl\/wp1\/2023\/06\/25\/dia-de-la-familia\/8abd53a5-3ac9-4d96-a17f-889459b9192b\/\" data-url=\"http:\/\/www.cisa-arica.cl\/wp1\/wp-content\/uploads\/2023\/06\/8ABD53A5-3AC9-4D96-A17F-889459B9192B-450x600.jpeg\" data-width=\"1920\" src=\"https:\/\/i1.wp.com\/www.cisa-arica.cl\/wp1\/wp-content\/uploads\/2023\/06\/8ABD53A5-3AC9-4D96-A17F-889459B9192B-450x600.jpeg\" data-amp-layout=\"responsive\"\/><\/figure><\/div><div class=\"tiled-gallery__col\" style=\"flex-basis:27.77039%\"><figure class=\"tiled-gallery__item\"><img decoding=\"async\" data-attachment-id=\"21135\" data-permalink=\"https:\/\/www.cisa-arica.cl\/wp1\/2023\/06\/25\/dia-de-la-familia\/d3c7986d-9247-4df9-96bd-6acc1e827601\/\" data-orig-file=\"https:\/\/www.cisa-arica.cl\/wp1\/wp-content\/uploads\/2023\/06\/D3C7986D-9247-4DF9-96BD-6ACC1E827601-scaled.jpeg\" data-orig-size=\"1920,2560\" data-comments-opened=\"0\" data-image-meta=\"{&quot;aperture&quot;:&quot;0&quot;,&quot;credit&quot;:&quot;&quot;,&quot;camera&quot;:&quot;&quot;,&quot;caption&quot;:&quot;&quot;,&quot;created_timestamp&quot;:&quot;0&quot;,&quot;copyright&quot;:&quot;&quot;,&quot;focal_length&quot;:&quot;0&quot;,&quot;iso&quot;:&quot;0&quot;,&quot;shutter_speed&quot;:&quot;0&quot;,&quot;title&quot;:&quot;&quot;,&quot;orientation&quot;:&quot;1&quot;}\" data-image-title=\"D3C7986D-9247-4DF9-96BD-6ACC1E827601\" data-image-description=\"\" data-image-caption=\"\" data-large-file=\"https:\/\/www.cisa-arica.cl\/wp1\/wp-content\/uploads\/2023\/06\/D3C7986D-9247-4DF9-96BD-6ACC1E827601-450x600.jpeg\" data-attachment-id=\"21135\" data-permalink=\"https:\/\/www.cisa-arica.cl\/wp1\/2023\/06\/25\/dia-de-la-familia\/d3c7986d-9247-4df9-96bd-6acc1e827601\/\" data-orig-file=\"https:\/\/www.cisa-arica.cl\/wp1\/wp-content\/uploads\/2023\/06\/D3C7986D-9247-4DF9-96BD-6ACC1E827601-scaled.jpeg\" data-orig-size=\"1920,2560\" data-comments-opened=\"0\" data-image-meta=\"{&quot;aperture&quot;:&quot;0&quot;,&quot;credit&quot;:&quot;&quot;,&quot;camera&quot;:&quot;&quot;,&quot;caption&quot;:&quot;&quot;,&quot;created_timestamp&quot;:&quot;0&quot;,&quot;copyright&quot;:&quot;&quot;,&quot;focal_length&quot;:&quot;0&quot;,&quot;iso&quot;:&quot;0&quot;,&quot;shutter_speed&quot;:&quot;0&quot;,&quot;title&quot;:&quot;&quot;,&quot;orientation&quot;:&quot;1&quot;}\" data-image-title=\"D3C7986D-9247-4DF9-96BD-6ACC1E827601\" data-image-description=\"\" data-image-caption=\"\" data-large-file=\"https:\/\/www.cisa-arica.cl\/wp1\/wp-content\/uploads\/2023\/06\/D3C7986D-9247-4DF9-96BD-6ACC1E827601-450x600.jpeg\" role=\"button\" tabindex=\"0\" aria-label=\"Abrir la imagen 19 de 43 en pantalla completa\"srcset=\"https:\/\/i0.wp.com\/www.cisa-arica.cl\/wp1\/wp-content\/uploads\/2023\/06\/D3C7986D-9247-4DF9-96BD-6ACC1E827601-450x600.jpeg?strip=info&#038;w=600 600w,https:\/\/i0.wp.com\/www.cisa-arica.cl\/wp1\/wp-content\/uploads\/2023\/06\/D3C7986D-9247-4DF9-96BD-6ACC1E827601-450x600.jpeg?strip=info&#038;w=900 900w,https:\/\/i0.wp.com\/www.cisa-arica.cl\/wp1\/wp-content\/uploads\/2023\/06\/D3C7986D-9247-4DF9-96BD-6ACC1E827601-450x600.jpeg?strip=info&#038;w=1200 1200w,https:\/\/i0.wp.com\/www.cisa-arica.cl\/wp1\/wp-content\/uploads\/2023\/06\/D3C7986D-9247-4DF9-96BD-6ACC1E827601-450x600.jpeg?strip=info&#038;w=1500 1500w,https:\/\/i0.wp.com\/www.cisa-arica.cl\/wp1\/wp-content\/uploads\/2023\/06\/D3C7986D-9247-4DF9-96BD-6ACC1E827601-450x600.jpeg?strip=info&#038;w=1800 1800w,https:\/\/i0.wp.com\/www.cisa-arica.cl\/wp1\/wp-content\/uploads\/2023\/06\/D3C7986D-9247-4DF9-96BD-6ACC1E827601-450x600.jpeg?strip=info&#038;w=1920 1920w\" alt=\"\" data-height=\"2560\" data-id=\"21135\" data-link=\"https:\/\/www.cisa-arica.cl\/wp1\/2023\/06\/25\/dia-de-la-familia\/d3c7986d-9247-4df9-96bd-6acc1e827601\/\" data-url=\"http:\/\/www.cisa-arica.cl\/wp1\/wp-content\/uploads\/2023\/06\/D3C7986D-9247-4DF9-96BD-6ACC1E827601-450x600.jpeg\" data-width=\"1920\" src=\"https:\/\/i0.wp.com\/www.cisa-arica.cl\/wp1\/wp-content\/uploads\/2023\/06\/D3C7986D-9247-4DF9-96BD-6ACC1E827601-450x600.jpeg\" data-amp-layout=\"responsive\"\/><\/figure><\/div><\/div><div class=\"tiled-gallery__row\"><div class=\"tiled-gallery__col\" style=\"flex-basis:58.50089%\"><figure class=\"tiled-gallery__item\"><img decoding=\"async\" data-attachment-id=\"21046\" data-permalink=\"https:\/\/www.cisa-arica.cl\/wp1\/2023\/06\/25\/dia-de-la-familia\/6d3597a4-eb2c-41f4-84ee-9d17e05e8f36\/\" data-orig-file=\"https:\/\/www.cisa-arica.cl\/wp1\/wp-content\/uploads\/2023\/06\/6D3597A4-EB2C-41F4-84EE-9D17E05E8F36-scaled.jpeg\" data-orig-size=\"1920,2560\" data-comments-opened=\"0\" data-image-meta=\"{&quot;aperture&quot;:&quot;0&quot;,&quot;credit&quot;:&quot;&quot;,&quot;camera&quot;:&quot;&quot;,&quot;caption&quot;:&quot;&quot;,&quot;created_timestamp&quot;:&quot;0&quot;,&quot;copyright&quot;:&quot;&quot;,&quot;focal_length&quot;:&quot;0&quot;,&quot;iso&quot;:&quot;0&quot;,&quot;shutter_speed&quot;:&quot;0&quot;,&quot;title&quot;:&quot;&quot;,&quot;orientation&quot;:&quot;1&quot;}\" data-image-title=\"6D3597A4-EB2C-41F4-84EE-9D17E05E8F36\" data-image-description=\"\" data-image-caption=\"\" data-large-file=\"https:\/\/www.cisa-arica.cl\/wp1\/wp-content\/uploads\/2023\/06\/6D3597A4-EB2C-41F4-84EE-9D17E05E8F36-450x600.jpeg\" data-attachment-id=\"21046\" data-permalink=\"https:\/\/www.cisa-arica.cl\/wp1\/2023\/06\/25\/dia-de-la-familia\/6d3597a4-eb2c-41f4-84ee-9d17e05e8f36\/\" data-orig-file=\"https:\/\/www.cisa-arica.cl\/wp1\/wp-content\/uploads\/2023\/06\/6D3597A4-EB2C-41F4-84EE-9D17E05E8F36-scaled.jpeg\" data-orig-size=\"1920,2560\" data-comments-opened=\"0\" data-image-meta=\"{&quot;aperture&quot;:&quot;0&quot;,&quot;credit&quot;:&quot;&quot;,&quot;camera&quot;:&quot;&quot;,&quot;caption&quot;:&quot;&quot;,&quot;created_timestamp&quot;:&quot;0&quot;,&quot;copyright&quot;:&quot;&quot;,&quot;focal_length&quot;:&quot;0&quot;,&quot;iso&quot;:&quot;0&quot;,&quot;shutter_speed&quot;:&quot;0&quot;,&quot;title&quot;:&quot;&quot;,&quot;orientation&quot;:&quot;1&quot;}\" data-image-title=\"6D3597A4-EB2C-41F4-84EE-9D17E05E8F36\" data-image-description=\"\" data-image-caption=\"\" data-large-file=\"https:\/\/www.cisa-arica.cl\/wp1\/wp-content\/uploads\/2023\/06\/6D3597A4-EB2C-41F4-84EE-9D17E05E8F36-450x600.jpeg\" role=\"button\" tabindex=\"0\" aria-label=\"Abrir la imagen 20 de 43 en pantalla completa\"srcset=\"https:\/\/i2.wp.com\/www.cisa-arica.cl\/wp1\/wp-content\/uploads\/2023\/06\/6D3597A4-EB2C-41F4-84EE-9D17E05E8F36-450x600.jpeg?strip=info&#038;w=600 600w,https:\/\/i2.wp.com\/www.cisa-arica.cl\/wp1\/wp-content\/uploads\/2023\/06\/6D3597A4-EB2C-41F4-84EE-9D17E05E8F36-450x600.jpeg?strip=info&#038;w=900 900w,https:\/\/i2.wp.com\/www.cisa-arica.cl\/wp1\/wp-content\/uploads\/2023\/06\/6D3597A4-EB2C-41F4-84EE-9D17E05E8F36-450x600.jpeg?strip=info&#038;w=1200 1200w,https:\/\/i2.wp.com\/www.cisa-arica.cl\/wp1\/wp-content\/uploads\/2023\/06\/6D3597A4-EB2C-41F4-84EE-9D17E05E8F36-450x600.jpeg?strip=info&#038;w=1500 1500w,https:\/\/i2.wp.com\/www.cisa-arica.cl\/wp1\/wp-content\/uploads\/2023\/06\/6D3597A4-EB2C-41F4-84EE-9D17E05E8F36-450x600.jpeg?strip=info&#038;w=1800 1800w,https:\/\/i2.wp.com\/www.cisa-arica.cl\/wp1\/wp-content\/uploads\/2023\/06\/6D3597A4-EB2C-41F4-84EE-9D17E05E8F36-450x600.jpeg?strip=info&#038;w=1920 1920w\" alt=\"\" data-height=\"2560\" data-id=\"21046\" data-link=\"https:\/\/www.cisa-arica.cl\/wp1\/2023\/06\/25\/dia-de-la-familia\/6d3597a4-eb2c-41f4-84ee-9d17e05e8f36\/\" data-url=\"http:\/\/www.cisa-arica.cl\/wp1\/wp-content\/uploads\/2023\/06\/6D3597A4-EB2C-41F4-84EE-9D17E05E8F36-450x600.jpeg\" data-width=\"1920\" src=\"https:\/\/i2.wp.com\/www.cisa-arica.cl\/wp1\/wp-content\/uploads\/2023\/06\/6D3597A4-EB2C-41F4-84EE-9D17E05E8F36-450x600.jpeg\" data-amp-layout=\"responsive\"\/><\/figure><\/div><div class=\"tiled-gallery__col\" style=\"flex-basis:41.49911%\"><figure class=\"tiled-gallery__item\"><img decoding=\"async\" data-attachment-id=\"20904\" data-permalink=\"https:\/\/www.cisa-arica.cl\/wp1\/2023\/06\/08\/conmemoracion-del-asalto-y-toma-del-morro-de-arica\/img_0165\/\" data-orig-file=\"https:\/\/www.cisa-arica.cl\/wp1\/wp-content\/uploads\/2023\/06\/IMG_0165.jpg\" data-orig-size=\"2048,1365\" data-comments-opened=\"0\" data-image-meta=\"{&quot;aperture&quot;:&quot;1.4&quot;,&quot;credit&quot;:&quot;Mahadeva Das&quot;,&quot;camera&quot;:&quot;Canon EOS 60D&quot;,&quot;caption&quot;:&quot;&quot;,&quot;created_timestamp&quot;:&quot;1686054813&quot;,&quot;copyright&quot;:&quot;osomahadev@hotmail.com         Funkerrante@Gmail.com&quot;,&quot;focal_length&quot;:&quot;50&quot;,&quot;iso&quot;:&quot;1000&quot;,&quot;shutter_speed&quot;:&quot;0.000625&quot;,&quot;title&quot;:&quot;&quot;,&quot;orientation&quot;:&quot;0&quot;}\" data-image-title=\"IMG_0165\" data-image-description=\"\" data-image-caption=\"\" data-large-file=\"https:\/\/www.cisa-arica.cl\/wp1\/wp-content\/uploads\/2023\/06\/IMG_0165-600x400.jpg\" data-attachment-id=\"20904\" data-permalink=\"https:\/\/www.cisa-arica.cl\/wp1\/2023\/06\/08\/conmemoracion-del-asalto-y-toma-del-morro-de-arica\/img_0165\/\" data-orig-file=\"https:\/\/www.cisa-arica.cl\/wp1\/wp-content\/uploads\/2023\/06\/IMG_0165.jpg\" data-orig-size=\"2048,1365\" data-comments-opened=\"0\" data-image-meta=\"{&quot;aperture&quot;:&quot;1.4&quot;,&quot;credit&quot;:&quot;Mahadeva Das&quot;,&quot;camera&quot;:&quot;Canon EOS 60D&quot;,&quot;caption&quot;:&quot;&quot;,&quot;created_timestamp&quot;:&quot;1686054813&quot;,&quot;copyright&quot;:&quot;osomahadev@hotmail.com         Funkerrante@Gmail.com&quot;,&quot;focal_length&quot;:&quot;50&quot;,&quot;iso&quot;:&quot;1000&quot;,&quot;shutter_speed&quot;:&quot;0.000625&quot;,&quot;title&quot;:&quot;&quot;,&quot;orientation&quot;:&quot;0&quot;}\" data-image-title=\"IMG_0165\" data-image-description=\"\" data-image-caption=\"\" data-large-file=\"https:\/\/www.cisa-arica.cl\/wp1\/wp-content\/uploads\/2023\/06\/IMG_0165-600x400.jpg\" role=\"button\" tabindex=\"0\" aria-label=\"Abrir la imagen 21 de 43 en pantalla completa\"srcset=\"https:\/\/i0.wp.com\/www.cisa-arica.cl\/wp1\/wp-content\/uploads\/2023\/06\/IMG_0165-600x400.jpg?strip=info&#038;w=600 600w,https:\/\/i0.wp.com\/www.cisa-arica.cl\/wp1\/wp-content\/uploads\/2023\/06\/IMG_0165-600x400.jpg?strip=info&#038;w=900 900w,https:\/\/i0.wp.com\/www.cisa-arica.cl\/wp1\/wp-content\/uploads\/2023\/06\/IMG_0165-600x400.jpg?strip=info&#038;w=1200 1200w,https:\/\/i0.wp.com\/www.cisa-arica.cl\/wp1\/wp-content\/uploads\/2023\/06\/IMG_0165-600x400.jpg?strip=info&#038;w=1500 1500w,https:\/\/i0.wp.com\/www.cisa-arica.cl\/wp1\/wp-content\/uploads\/2023\/06\/IMG_0165-600x400.jpg?strip=info&#038;w=1800 1800w,https:\/\/i0.wp.com\/www.cisa-arica.cl\/wp1\/wp-content\/uploads\/2023\/06\/IMG_0165-600x400.jpg?strip=info&#038;w=2000 2000w\" alt=\"\" data-height=\"1365\" data-id=\"20904\" data-link=\"https:\/\/www.cisa-arica.cl\/wp1\/2023\/06\/08\/conmemoracion-del-asalto-y-toma-del-morro-de-arica\/img_0165\/\" data-url=\"http:\/\/www.cisa-arica.cl\/wp1\/wp-content\/uploads\/2023\/06\/IMG_0165-600x400.jpg\" data-width=\"2048\" src=\"https:\/\/i0.wp.com\/www.cisa-arica.cl\/wp1\/wp-content\/uploads\/2023\/06\/IMG_0165-600x400.jpg\" data-amp-layout=\"responsive\"\/><\/figure><figure class=\"tiled-gallery__item\"><img decoding=\"async\" data-attachment-id=\"20880\" data-permalink=\"https:\/\/www.cisa-arica.cl\/wp1\/2023\/06\/01\/proceso-de-eleccion-centro-de-estudiantes-2023\/whatsapp-image-2023-06-01-at-13-16-255\/\" data-orig-file=\"https:\/\/www.cisa-arica.cl\/wp1\/wp-content\/uploads\/2023\/06\/WhatsApp-Image-2023-06-01-at-13.16.255.jpeg\" data-orig-size=\"1000,667\" data-comments-opened=\"0\" data-image-meta=\"{&quot;aperture&quot;:&quot;0&quot;,&quot;credit&quot;:&quot;&quot;,&quot;camera&quot;:&quot;&quot;,&quot;caption&quot;:&quot;&quot;,&quot;created_timestamp&quot;:&quot;0&quot;,&quot;copyright&quot;:&quot;&quot;,&quot;focal_length&quot;:&quot;0&quot;,&quot;iso&quot;:&quot;0&quot;,&quot;shutter_speed&quot;:&quot;0&quot;,&quot;title&quot;:&quot;&quot;,&quot;orientation&quot;:&quot;0&quot;}\" data-image-title=\"WhatsApp-Image-2023-06-01-at-13.16.255\" data-image-description=\"\" data-image-caption=\"\" data-large-file=\"https:\/\/www.cisa-arica.cl\/wp1\/wp-content\/uploads\/2023\/06\/WhatsApp-Image-2023-06-01-at-13.16.255-600x400.jpeg\" data-attachment-id=\"20880\" data-permalink=\"https:\/\/www.cisa-arica.cl\/wp1\/2023\/06\/01\/proceso-de-eleccion-centro-de-estudiantes-2023\/whatsapp-image-2023-06-01-at-13-16-255\/\" data-orig-file=\"https:\/\/www.cisa-arica.cl\/wp1\/wp-content\/uploads\/2023\/06\/WhatsApp-Image-2023-06-01-at-13.16.255.jpeg\" data-orig-size=\"1000,667\" data-comments-opened=\"0\" data-image-meta=\"{&quot;aperture&quot;:&quot;0&quot;,&quot;credit&quot;:&quot;&quot;,&quot;camera&quot;:&quot;&quot;,&quot;caption&quot;:&quot;&quot;,&quot;created_timestamp&quot;:&quot;0&quot;,&quot;copyright&quot;:&quot;&quot;,&quot;focal_length&quot;:&quot;0&quot;,&quot;iso&quot;:&quot;0&quot;,&quot;shutter_speed&quot;:&quot;0&quot;,&quot;title&quot;:&quot;&quot;,&quot;orientation&quot;:&quot;0&quot;}\" data-image-title=\"WhatsApp-Image-2023-06-01-at-13.16.255\" data-image-description=\"\" data-image-caption=\"\" data-large-file=\"https:\/\/www.cisa-arica.cl\/wp1\/wp-content\/uploads\/2023\/06\/WhatsApp-Image-2023-06-01-at-13.16.255-600x400.jpeg\" role=\"button\" tabindex=\"0\" aria-label=\"Abrir la imagen 22 de 43 en pantalla completa\"srcset=\"https:\/\/i0.wp.com\/www.cisa-arica.cl\/wp1\/wp-content\/uploads\/2023\/06\/WhatsApp-Image-2023-06-01-at-13.16.255-600x400.jpeg?strip=info&#038;w=600 600w,https:\/\/i0.wp.com\/www.cisa-arica.cl\/wp1\/wp-content\/uploads\/2023\/06\/WhatsApp-Image-2023-06-01-at-13.16.255-600x400.jpeg?strip=info&#038;w=900 900w,https:\/\/i0.wp.com\/www.cisa-arica.cl\/wp1\/wp-content\/uploads\/2023\/06\/WhatsApp-Image-2023-06-01-at-13.16.255-600x400.jpeg?strip=info&#038;w=1000 1000w\" alt=\"\" data-height=\"667\" data-id=\"20880\" data-link=\"https:\/\/www.cisa-arica.cl\/wp1\/2023\/06\/01\/proceso-de-eleccion-centro-de-estudiantes-2023\/whatsapp-image-2023-06-01-at-13-16-255\/\" data-url=\"http:\/\/www.cisa-arica.cl\/wp1\/wp-content\/uploads\/2023\/06\/WhatsApp-Image-2023-06-01-at-13.16.255-600x400.jpeg\" data-width=\"1000\" src=\"https:\/\/i0.wp.com\/www.cisa-arica.cl\/wp1\/wp-content\/uploads\/2023\/06\/WhatsApp-Image-2023-06-01-at-13.16.255-600x400.jpeg\" data-amp-layout=\"responsive\"\/><\/figure><figure class=\"tiled-gallery__item\"><img decoding=\"async\" data-attachment-id=\"20844\" data-permalink=\"https:\/\/www.cisa-arica.cl\/wp1\/2023\/06\/12\/encuentro-pedagogico-arica-santiago\/11799b51-35cb-4ec8-86dd-01b2a57579f8\/\" data-orig-file=\"https:\/\/www.cisa-arica.cl\/wp1\/wp-content\/uploads\/2023\/06\/11799B51-35CB-4EC8-86DD-01B2A57579F8.jpeg\" data-orig-size=\"828,440\" data-comments-opened=\"0\" data-image-meta=\"{&quot;aperture&quot;:&quot;0&quot;,&quot;credit&quot;:&quot;&quot;,&quot;camera&quot;:&quot;&quot;,&quot;caption&quot;:&quot;&quot;,&quot;created_timestamp&quot;:&quot;0&quot;,&quot;copyright&quot;:&quot;&quot;,&quot;focal_length&quot;:&quot;0&quot;,&quot;iso&quot;:&quot;0&quot;,&quot;shutter_speed&quot;:&quot;0&quot;,&quot;title&quot;:&quot;&quot;,&quot;orientation&quot;:&quot;1&quot;}\" data-image-title=\"11799B51-35CB-4EC8-86DD-01B2A57579F8\" data-image-description=\"\" data-image-caption=\"\" data-large-file=\"https:\/\/www.cisa-arica.cl\/wp1\/wp-content\/uploads\/2023\/06\/11799B51-35CB-4EC8-86DD-01B2A57579F8-600x319.jpeg\" data-attachment-id=\"20844\" data-permalink=\"https:\/\/www.cisa-arica.cl\/wp1\/2023\/06\/12\/encuentro-pedagogico-arica-santiago\/11799b51-35cb-4ec8-86dd-01b2a57579f8\/\" data-orig-file=\"https:\/\/www.cisa-arica.cl\/wp1\/wp-content\/uploads\/2023\/06\/11799B51-35CB-4EC8-86DD-01B2A57579F8.jpeg\" data-orig-size=\"828,440\" data-comments-opened=\"0\" data-image-meta=\"{&quot;aperture&quot;:&quot;0&quot;,&quot;credit&quot;:&quot;&quot;,&quot;camera&quot;:&quot;&quot;,&quot;caption&quot;:&quot;&quot;,&quot;created_timestamp&quot;:&quot;0&quot;,&quot;copyright&quot;:&quot;&quot;,&quot;focal_length&quot;:&quot;0&quot;,&quot;iso&quot;:&quot;0&quot;,&quot;shutter_speed&quot;:&quot;0&quot;,&quot;title&quot;:&quot;&quot;,&quot;orientation&quot;:&quot;1&quot;}\" data-image-title=\"11799B51-35CB-4EC8-86DD-01B2A57579F8\" data-image-description=\"\" data-image-caption=\"\" data-large-file=\"https:\/\/www.cisa-arica.cl\/wp1\/wp-content\/uploads\/2023\/06\/11799B51-35CB-4EC8-86DD-01B2A57579F8-600x319.jpeg\" role=\"button\" tabindex=\"0\" aria-label=\"Abrir la imagen 23 de 43 en pantalla completa\"srcset=\"https:\/\/i2.wp.com\/www.cisa-arica.cl\/wp1\/wp-content\/uploads\/2023\/06\/11799B51-35CB-4EC8-86DD-01B2A57579F8-600x319.jpeg?strip=info&#038;w=600 600w,https:\/\/i2.wp.com\/www.cisa-arica.cl\/wp1\/wp-content\/uploads\/2023\/06\/11799B51-35CB-4EC8-86DD-01B2A57579F8-600x319.jpeg?strip=info&#038;w=828 828w\" alt=\"\" data-height=\"440\" data-id=\"20844\" data-link=\"https:\/\/www.cisa-arica.cl\/wp1\/2023\/06\/12\/encuentro-pedagogico-arica-santiago\/11799b51-35cb-4ec8-86dd-01b2a57579f8\/\" data-url=\"http:\/\/www.cisa-arica.cl\/wp1\/wp-content\/uploads\/2023\/06\/11799B51-35CB-4EC8-86DD-01B2A57579F8-600x319.jpeg\" data-width=\"828\" src=\"https:\/\/i2.wp.com\/www.cisa-arica.cl\/wp1\/wp-content\/uploads\/2023\/06\/11799B51-35CB-4EC8-86DD-01B2A57579F8-600x319.jpeg\" data-amp-layout=\"responsive\"\/><\/figure><\/div><\/div><div class=\"tiled-gallery__row\"><div class=\"tiled-gallery__col\" style=\"flex-basis:33.46723%\"><figure class=\"tiled-gallery__item\"><img decoding=\"async\" data-attachment-id=\"20834\" data-permalink=\"https:\/\/www.cisa-arica.cl\/wp1\/2023\/06\/12\/encuentro-pedagogico-arica-santiago\/c18c7103-b711-44fa-9586-cddf3b7d028a\/\" data-orig-file=\"https:\/\/www.cisa-arica.cl\/wp1\/wp-content\/uploads\/2023\/06\/C18C7103-B711-44FA-9586-CDDF3B7D028A.jpeg\" data-orig-size=\"828,550\" data-comments-opened=\"0\" data-image-meta=\"{&quot;aperture&quot;:&quot;0&quot;,&quot;credit&quot;:&quot;&quot;,&quot;camera&quot;:&quot;&quot;,&quot;caption&quot;:&quot;&quot;,&quot;created_timestamp&quot;:&quot;0&quot;,&quot;copyright&quot;:&quot;&quot;,&quot;focal_length&quot;:&quot;0&quot;,&quot;iso&quot;:&quot;0&quot;,&quot;shutter_speed&quot;:&quot;0&quot;,&quot;title&quot;:&quot;&quot;,&quot;orientation&quot;:&quot;1&quot;}\" data-image-title=\"C18C7103-B711-44FA-9586-CDDF3B7D028A\" data-image-description=\"\" data-image-caption=\"\" data-large-file=\"https:\/\/www.cisa-arica.cl\/wp1\/wp-content\/uploads\/2023\/06\/C18C7103-B711-44FA-9586-CDDF3B7D028A-600x399.jpeg\" data-attachment-id=\"20834\" data-permalink=\"https:\/\/www.cisa-arica.cl\/wp1\/2023\/06\/12\/encuentro-pedagogico-arica-santiago\/c18c7103-b711-44fa-9586-cddf3b7d028a\/\" data-orig-file=\"https:\/\/www.cisa-arica.cl\/wp1\/wp-content\/uploads\/2023\/06\/C18C7103-B711-44FA-9586-CDDF3B7D028A.jpeg\" data-orig-size=\"828,550\" data-comments-opened=\"0\" data-image-meta=\"{&quot;aperture&quot;:&quot;0&quot;,&quot;credit&quot;:&quot;&quot;,&quot;camera&quot;:&quot;&quot;,&quot;caption&quot;:&quot;&quot;,&quot;created_timestamp&quot;:&quot;0&quot;,&quot;copyright&quot;:&quot;&quot;,&quot;focal_length&quot;:&quot;0&quot;,&quot;iso&quot;:&quot;0&quot;,&quot;shutter_speed&quot;:&quot;0&quot;,&quot;title&quot;:&quot;&quot;,&quot;orientation&quot;:&quot;1&quot;}\" data-image-title=\"C18C7103-B711-44FA-9586-CDDF3B7D028A\" data-image-description=\"\" data-image-caption=\"\" data-large-file=\"https:\/\/www.cisa-arica.cl\/wp1\/wp-content\/uploads\/2023\/06\/C18C7103-B711-44FA-9586-CDDF3B7D028A-600x399.jpeg\" role=\"button\" tabindex=\"0\" aria-label=\"Abrir la imagen 24 de 43 en pantalla completa\"srcset=\"https:\/\/i1.wp.com\/www.cisa-arica.cl\/wp1\/wp-content\/uploads\/2023\/06\/C18C7103-B711-44FA-9586-CDDF3B7D028A-600x399.jpeg?strip=info&#038;w=600 600w,https:\/\/i1.wp.com\/www.cisa-arica.cl\/wp1\/wp-content\/uploads\/2023\/06\/C18C7103-B711-44FA-9586-CDDF3B7D028A-600x399.jpeg?strip=info&#038;w=828 828w\" alt=\"\" data-height=\"550\" data-id=\"20834\" data-link=\"https:\/\/www.cisa-arica.cl\/wp1\/2023\/06\/12\/encuentro-pedagogico-arica-santiago\/c18c7103-b711-44fa-9586-cddf3b7d028a\/\" data-url=\"http:\/\/www.cisa-arica.cl\/wp1\/wp-content\/uploads\/2023\/06\/C18C7103-B711-44FA-9586-CDDF3B7D028A-600x399.jpeg\" data-width=\"828\" src=\"https:\/\/i1.wp.com\/www.cisa-arica.cl\/wp1\/wp-content\/uploads\/2023\/06\/C18C7103-B711-44FA-9586-CDDF3B7D028A-600x399.jpeg\" data-amp-layout=\"responsive\"\/><\/figure><figure class=\"tiled-gallery__item\"><img decoding=\"async\" data-attachment-id=\"20753\" data-permalink=\"https:\/\/www.cisa-arica.cl\/wp1\/2023\/06\/08\/actividad-expositiva-de-ciencias-de-la-salud\/img_0217\/\" data-orig-file=\"https:\/\/www.cisa-arica.cl\/wp1\/wp-content\/uploads\/2023\/06\/IMG_0217.jpg\" data-orig-size=\"2048,1365\" data-comments-opened=\"0\" data-image-meta=\"{&quot;aperture&quot;:&quot;1.4&quot;,&quot;credit&quot;:&quot;Mahadeva Das&quot;,&quot;camera&quot;:&quot;Canon EOS 60D&quot;,&quot;caption&quot;:&quot;&quot;,&quot;created_timestamp&quot;:&quot;1686222070&quot;,&quot;copyright&quot;:&quot;osomahadev@hotmail.com         Funkerrante@Gmail.com&quot;,&quot;focal_length&quot;:&quot;50&quot;,&quot;iso&quot;:&quot;500&quot;,&quot;shutter_speed&quot;:&quot;0.005&quot;,&quot;title&quot;:&quot;&quot;,&quot;orientation&quot;:&quot;0&quot;}\" data-image-title=\"IMG_0217\" data-image-description=\"\" data-image-caption=\"\" data-large-file=\"https:\/\/www.cisa-arica.cl\/wp1\/wp-content\/uploads\/2023\/06\/IMG_0217-600x400.jpg\" data-attachment-id=\"20753\" data-permalink=\"https:\/\/www.cisa-arica.cl\/wp1\/2023\/06\/08\/actividad-expositiva-de-ciencias-de-la-salud\/img_0217\/\" data-orig-file=\"https:\/\/www.cisa-arica.cl\/wp1\/wp-content\/uploads\/2023\/06\/IMG_0217.jpg\" data-orig-size=\"2048,1365\" data-comments-opened=\"0\" data-image-meta=\"{&quot;aperture&quot;:&quot;1.4&quot;,&quot;credit&quot;:&quot;Mahadeva Das&quot;,&quot;camera&quot;:&quot;Canon EOS 60D&quot;,&quot;caption&quot;:&quot;&quot;,&quot;created_timestamp&quot;:&quot;1686222070&quot;,&quot;copyright&quot;:&quot;osomahadev@hotmail.com         Funkerrante@Gmail.com&quot;,&quot;focal_length&quot;:&quot;50&quot;,&quot;iso&quot;:&quot;500&quot;,&quot;shutter_speed&quot;:&quot;0.005&quot;,&quot;title&quot;:&quot;&quot;,&quot;orientation&quot;:&quot;0&quot;}\" data-image-title=\"IMG_0217\" data-image-description=\"\" data-image-caption=\"\" data-large-file=\"https:\/\/www.cisa-arica.cl\/wp1\/wp-content\/uploads\/2023\/06\/IMG_0217-600x400.jpg\" role=\"button\" tabindex=\"0\" aria-label=\"Abrir la imagen 25 de 43 en pantalla completa\"srcset=\"https:\/\/i2.wp.com\/www.cisa-arica.cl\/wp1\/wp-content\/uploads\/2023\/06\/IMG_0217-600x400.jpg?strip=info&#038;w=600 600w,https:\/\/i2.wp.com\/www.cisa-arica.cl\/wp1\/wp-content\/uploads\/2023\/06\/IMG_0217-600x400.jpg?strip=info&#038;w=900 900w,https:\/\/i2.wp.com\/www.cisa-arica.cl\/wp1\/wp-content\/uploads\/2023\/06\/IMG_0217-600x400.jpg?strip=info&#038;w=1200 1200w,https:\/\/i2.wp.com\/www.cisa-arica.cl\/wp1\/wp-content\/uploads\/2023\/06\/IMG_0217-600x400.jpg?strip=info&#038;w=1500 1500w,https:\/\/i2.wp.com\/www.cisa-arica.cl\/wp1\/wp-content\/uploads\/2023\/06\/IMG_0217-600x400.jpg?strip=info&#038;w=1800 1800w,https:\/\/i2.wp.com\/www.cisa-arica.cl\/wp1\/wp-content\/uploads\/2023\/06\/IMG_0217-600x400.jpg?strip=info&#038;w=2000 2000w\" alt=\"\" data-height=\"1365\" data-id=\"20753\" data-link=\"https:\/\/www.cisa-arica.cl\/wp1\/2023\/06\/08\/actividad-expositiva-de-ciencias-de-la-salud\/img_0217\/\" data-url=\"http:\/\/www.cisa-arica.cl\/wp1\/wp-content\/uploads\/2023\/06\/IMG_0217-600x400.jpg\" data-width=\"2048\" src=\"https:\/\/i2.wp.com\/www.cisa-arica.cl\/wp1\/wp-content\/uploads\/2023\/06\/IMG_0217-600x400.jpg\" data-amp-layout=\"responsive\"\/><\/figure><figure class=\"tiled-gallery__item\"><img decoding=\"async\" data-attachment-id=\"20705\" data-permalink=\"https:\/\/www.cisa-arica.cl\/wp1\/2023\/06\/03\/salida-a-feria-literaria\/d9ae48d7-300a-4328-803c-cfff7e72f5da\/\" data-orig-file=\"https:\/\/www.cisa-arica.cl\/wp1\/wp-content\/uploads\/2023\/06\/D9AE48D7-300A-4328-803C-CFFF7E72F5DA-scaled.jpeg\" data-orig-size=\"2560,1920\" data-comments-opened=\"0\" data-image-meta=\"{&quot;aperture&quot;:&quot;0&quot;,&quot;credit&quot;:&quot;&quot;,&quot;camera&quot;:&quot;&quot;,&quot;caption&quot;:&quot;&quot;,&quot;created_timestamp&quot;:&quot;0&quot;,&quot;copyright&quot;:&quot;&quot;,&quot;focal_length&quot;:&quot;0&quot;,&quot;iso&quot;:&quot;0&quot;,&quot;shutter_speed&quot;:&quot;0&quot;,&quot;title&quot;:&quot;&quot;,&quot;orientation&quot;:&quot;1&quot;}\" data-image-title=\"D9AE48D7-300A-4328-803C-CFFF7E72F5DA\" data-image-description=\"\" data-image-caption=\"\" data-large-file=\"https:\/\/www.cisa-arica.cl\/wp1\/wp-content\/uploads\/2023\/06\/D9AE48D7-300A-4328-803C-CFFF7E72F5DA-600x450.jpeg\" data-attachment-id=\"20705\" data-permalink=\"https:\/\/www.cisa-arica.cl\/wp1\/2023\/06\/03\/salida-a-feria-literaria\/d9ae48d7-300a-4328-803c-cfff7e72f5da\/\" data-orig-file=\"https:\/\/www.cisa-arica.cl\/wp1\/wp-content\/uploads\/2023\/06\/D9AE48D7-300A-4328-803C-CFFF7E72F5DA-scaled.jpeg\" data-orig-size=\"2560,1920\" data-comments-opened=\"0\" data-image-meta=\"{&quot;aperture&quot;:&quot;0&quot;,&quot;credit&quot;:&quot;&quot;,&quot;camera&quot;:&quot;&quot;,&quot;caption&quot;:&quot;&quot;,&quot;created_timestamp&quot;:&quot;0&quot;,&quot;copyright&quot;:&quot;&quot;,&quot;focal_length&quot;:&quot;0&quot;,&quot;iso&quot;:&quot;0&quot;,&quot;shutter_speed&quot;:&quot;0&quot;,&quot;title&quot;:&quot;&quot;,&quot;orientation&quot;:&quot;1&quot;}\" data-image-title=\"D9AE48D7-300A-4328-803C-CFFF7E72F5DA\" data-image-description=\"\" data-image-caption=\"\" data-large-file=\"https:\/\/www.cisa-arica.cl\/wp1\/wp-content\/uploads\/2023\/06\/D9AE48D7-300A-4328-803C-CFFF7E72F5DA-600x450.jpeg\" role=\"button\" tabindex=\"0\" aria-label=\"Abrir la imagen 26 de 43 en pantalla completa\"srcset=\"https:\/\/i0.wp.com\/www.cisa-arica.cl\/wp1\/wp-content\/uploads\/2023\/06\/D9AE48D7-300A-4328-803C-CFFF7E72F5DA-600x450.jpeg?strip=info&#038;w=600 600w,https:\/\/i0.wp.com\/www.cisa-arica.cl\/wp1\/wp-content\/uploads\/2023\/06\/D9AE48D7-300A-4328-803C-CFFF7E72F5DA-600x450.jpeg?strip=info&#038;w=900 900w,https:\/\/i0.wp.com\/www.cisa-arica.cl\/wp1\/wp-content\/uploads\/2023\/06\/D9AE48D7-300A-4328-803C-CFFF7E72F5DA-600x450.jpeg?strip=info&#038;w=1200 1200w,https:\/\/i0.wp.com\/www.cisa-arica.cl\/wp1\/wp-content\/uploads\/2023\/06\/D9AE48D7-300A-4328-803C-CFFF7E72F5DA-600x450.jpeg?strip=info&#038;w=1500 1500w,https:\/\/i0.wp.com\/www.cisa-arica.cl\/wp1\/wp-content\/uploads\/2023\/06\/D9AE48D7-300A-4328-803C-CFFF7E72F5DA-600x450.jpeg?strip=info&#038;w=1800 1800w,https:\/\/i0.wp.com\/www.cisa-arica.cl\/wp1\/wp-content\/uploads\/2023\/06\/D9AE48D7-300A-4328-803C-CFFF7E72F5DA-600x450.jpeg?strip=info&#038;w=2000 2000w\" alt=\"\" data-height=\"1920\" data-id=\"20705\" data-link=\"https:\/\/www.cisa-arica.cl\/wp1\/2023\/06\/03\/salida-a-feria-literaria\/d9ae48d7-300a-4328-803c-cfff7e72f5da\/\" data-url=\"http:\/\/www.cisa-arica.cl\/wp1\/wp-content\/uploads\/2023\/06\/D9AE48D7-300A-4328-803C-CFFF7E72F5DA-600x450.jpeg\" data-width=\"2560\" src=\"https:\/\/i0.wp.com\/www.cisa-arica.cl\/wp1\/wp-content\/uploads\/2023\/06\/D9AE48D7-300A-4328-803C-CFFF7E72F5DA-600x450.jpeg\" data-amp-layout=\"responsive\"\/><\/figure><\/div><div class=\"tiled-gallery__col\" style=\"flex-basis:31.71339%\"><figure class=\"tiled-gallery__item\"><img decoding=\"async\" data-attachment-id=\"20667\" data-permalink=\"https:\/\/www.cisa-arica.cl\/wp1\/2023\/06\/03\/celebracion-de-pentecostes\/756caf8c-fb97-4173-b69b-6b07fe7371f5\/\" data-orig-file=\"https:\/\/www.cisa-arica.cl\/wp1\/wp-content\/uploads\/2023\/06\/756CAF8C-FB97-4173-B69B-6B07FE7371F5.jpeg\" data-orig-size=\"720,1600\" data-comments-opened=\"0\" data-image-meta=\"{&quot;aperture&quot;:&quot;0&quot;,&quot;credit&quot;:&quot;&quot;,&quot;camera&quot;:&quot;&quot;,&quot;caption&quot;:&quot;&quot;,&quot;created_timestamp&quot;:&quot;0&quot;,&quot;copyright&quot;:&quot;&quot;,&quot;focal_length&quot;:&quot;0&quot;,&quot;iso&quot;:&quot;0&quot;,&quot;shutter_speed&quot;:&quot;0&quot;,&quot;title&quot;:&quot;&quot;,&quot;orientation&quot;:&quot;0&quot;}\" data-image-title=\"756CAF8C-FB97-4173-B69B-6B07FE7371F5\" data-image-description=\"\" data-image-caption=\"\" data-large-file=\"https:\/\/www.cisa-arica.cl\/wp1\/wp-content\/uploads\/2023\/06\/756CAF8C-FB97-4173-B69B-6B07FE7371F5-270x600.jpeg\" data-attachment-id=\"20667\" data-permalink=\"https:\/\/www.cisa-arica.cl\/wp1\/2023\/06\/03\/celebracion-de-pentecostes\/756caf8c-fb97-4173-b69b-6b07fe7371f5\/\" data-orig-file=\"https:\/\/www.cisa-arica.cl\/wp1\/wp-content\/uploads\/2023\/06\/756CAF8C-FB97-4173-B69B-6B07FE7371F5.jpeg\" data-orig-size=\"720,1600\" data-comments-opened=\"0\" data-image-meta=\"{&quot;aperture&quot;:&quot;0&quot;,&quot;credit&quot;:&quot;&quot;,&quot;camera&quot;:&quot;&quot;,&quot;caption&quot;:&quot;&quot;,&quot;created_timestamp&quot;:&quot;0&quot;,&quot;copyright&quot;:&quot;&quot;,&quot;focal_length&quot;:&quot;0&quot;,&quot;iso&quot;:&quot;0&quot;,&quot;shutter_speed&quot;:&quot;0&quot;,&quot;title&quot;:&quot;&quot;,&quot;orientation&quot;:&quot;0&quot;}\" data-image-title=\"756CAF8C-FB97-4173-B69B-6B07FE7371F5\" data-image-description=\"\" data-image-caption=\"\" data-large-file=\"https:\/\/www.cisa-arica.cl\/wp1\/wp-content\/uploads\/2023\/06\/756CAF8C-FB97-4173-B69B-6B07FE7371F5-270x600.jpeg\" role=\"button\" tabindex=\"0\" aria-label=\"Abrir la imagen 27 de 43 en pantalla completa\"srcset=\"https:\/\/i2.wp.com\/www.cisa-arica.cl\/wp1\/wp-content\/uploads\/2023\/06\/756CAF8C-FB97-4173-B69B-6B07FE7371F5-270x600.jpeg?strip=info&#038;w=600 600w,https:\/\/i2.wp.com\/www.cisa-arica.cl\/wp1\/wp-content\/uploads\/2023\/06\/756CAF8C-FB97-4173-B69B-6B07FE7371F5-270x600.jpeg?strip=info&#038;w=720 720w\" alt=\"\" data-height=\"1600\" data-id=\"20667\" data-link=\"https:\/\/www.cisa-arica.cl\/wp1\/2023\/06\/03\/celebracion-de-pentecostes\/756caf8c-fb97-4173-b69b-6b07fe7371f5\/\" data-url=\"http:\/\/www.cisa-arica.cl\/wp1\/wp-content\/uploads\/2023\/06\/756CAF8C-FB97-4173-B69B-6B07FE7371F5-270x600.jpeg\" data-width=\"720\" src=\"https:\/\/i2.wp.com\/www.cisa-arica.cl\/wp1\/wp-content\/uploads\/2023\/06\/756CAF8C-FB97-4173-B69B-6B07FE7371F5-270x600.jpeg\" data-amp-layout=\"responsive\"\/><\/figure><\/div><div class=\"tiled-gallery__col\" style=\"flex-basis:34.81937%\"><figure class=\"tiled-gallery__item\"><img decoding=\"async\" data-attachment-id=\"20416\" data-permalink=\"https:\/\/www.cisa-arica.cl\/wp1\/2023\/05\/11\/dia-de-la-estudiante-2\/dsc_8927\/\" data-orig-file=\"https:\/\/www.cisa-arica.cl\/wp1\/wp-content\/uploads\/2023\/05\/DSC_8927.jpg\" data-orig-size=\"1100,733\" data-comments-opened=\"0\" data-image-meta=\"{&quot;aperture&quot;:&quot;0&quot;,&quot;credit&quot;:&quot;&quot;,&quot;camera&quot;:&quot;&quot;,&quot;caption&quot;:&quot;&quot;,&quot;created_timestamp&quot;:&quot;0&quot;,&quot;copyright&quot;:&quot;&quot;,&quot;focal_length&quot;:&quot;0&quot;,&quot;iso&quot;:&quot;0&quot;,&quot;shutter_speed&quot;:&quot;0&quot;,&quot;title&quot;:&quot;&quot;,&quot;orientation&quot;:&quot;0&quot;}\" data-image-title=\"DSC_8927\" data-image-description=\"\" data-image-caption=\"\" data-large-file=\"https:\/\/www.cisa-arica.cl\/wp1\/wp-content\/uploads\/2023\/05\/DSC_8927-600x400.jpg\" data-attachment-id=\"20416\" data-permalink=\"https:\/\/www.cisa-arica.cl\/wp1\/2023\/05\/11\/dia-de-la-estudiante-2\/dsc_8927\/\" data-orig-file=\"https:\/\/www.cisa-arica.cl\/wp1\/wp-content\/uploads\/2023\/05\/DSC_8927.jpg\" data-orig-size=\"1100,733\" data-comments-opened=\"0\" data-image-meta=\"{&quot;aperture&quot;:&quot;0&quot;,&quot;credit&quot;:&quot;&quot;,&quot;camera&quot;:&quot;&quot;,&quot;caption&quot;:&quot;&quot;,&quot;created_timestamp&quot;:&quot;0&quot;,&quot;copyright&quot;:&quot;&quot;,&quot;focal_length&quot;:&quot;0&quot;,&quot;iso&quot;:&quot;0&quot;,&quot;shutter_speed&quot;:&quot;0&quot;,&quot;title&quot;:&quot;&quot;,&quot;orientation&quot;:&quot;0&quot;}\" data-image-title=\"DSC_8927\" data-image-description=\"\" data-image-caption=\"\" data-large-file=\"https:\/\/www.cisa-arica.cl\/wp1\/wp-content\/uploads\/2023\/05\/DSC_8927-600x400.jpg\" role=\"button\" tabindex=\"0\" aria-label=\"Abrir la imagen 28 de 43 en pantalla completa\"srcset=\"https:\/\/i2.wp.com\/www.cisa-arica.cl\/wp1\/wp-content\/uploads\/2023\/05\/DSC_8927-600x400.jpg?strip=info&#038;w=600 600w,https:\/\/i2.wp.com\/www.cisa-arica.cl\/wp1\/wp-content\/uploads\/2023\/05\/DSC_8927-600x400.jpg?strip=info&#038;w=900 900w,https:\/\/i2.wp.com\/www.cisa-arica.cl\/wp1\/wp-content\/uploads\/2023\/05\/DSC_8927-600x400.jpg?strip=info&#038;w=1100 1100w\" alt=\"\" data-height=\"733\" data-id=\"20416\" data-link=\"https:\/\/www.cisa-arica.cl\/wp1\/2023\/05\/11\/dia-de-la-estudiante-2\/dsc_8927\/\" data-url=\"http:\/\/www.cisa-arica.cl\/wp1\/wp-content\/uploads\/2023\/05\/DSC_8927-600x400.jpg\" data-width=\"1100\" src=\"https:\/\/i2.wp.com\/www.cisa-arica.cl\/wp1\/wp-content\/uploads\/2023\/05\/DSC_8927-600x400.jpg\" data-amp-layout=\"responsive\"\/><\/figure><figure class=\"tiled-gallery__item\"><img decoding=\"async\" data-attachment-id=\"20401\" data-permalink=\"https:\/\/www.cisa-arica.cl\/wp1\/2023\/05\/11\/dia-de-la-estudiante-2\/dsc_8843-2\/\" data-orig-file=\"https:\/\/www.cisa-arica.cl\/wp1\/wp-content\/uploads\/2023\/05\/DSC_8843.jpg\" data-orig-size=\"1100,733\" data-comments-opened=\"0\" data-image-meta=\"{&quot;aperture&quot;:&quot;0&quot;,&quot;credit&quot;:&quot;&quot;,&quot;camera&quot;:&quot;&quot;,&quot;caption&quot;:&quot;&quot;,&quot;created_timestamp&quot;:&quot;0&quot;,&quot;copyright&quot;:&quot;&quot;,&quot;focal_length&quot;:&quot;0&quot;,&quot;iso&quot;:&quot;0&quot;,&quot;shutter_speed&quot;:&quot;0&quot;,&quot;title&quot;:&quot;&quot;,&quot;orientation&quot;:&quot;0&quot;}\" data-image-title=\"DSC_8843\" data-image-description=\"\" data-image-caption=\"\" data-large-file=\"https:\/\/www.cisa-arica.cl\/wp1\/wp-content\/uploads\/2023\/05\/DSC_8843-600x400.jpg\" data-attachment-id=\"20401\" data-permalink=\"https:\/\/www.cisa-arica.cl\/wp1\/2023\/05\/11\/dia-de-la-estudiante-2\/dsc_8843-2\/\" data-orig-file=\"https:\/\/www.cisa-arica.cl\/wp1\/wp-content\/uploads\/2023\/05\/DSC_8843.jpg\" data-orig-size=\"1100,733\" data-comments-opened=\"0\" data-image-meta=\"{&quot;aperture&quot;:&quot;0&quot;,&quot;credit&quot;:&quot;&quot;,&quot;camera&quot;:&quot;&quot;,&quot;caption&quot;:&quot;&quot;,&quot;created_timestamp&quot;:&quot;0&quot;,&quot;copyright&quot;:&quot;&quot;,&quot;focal_length&quot;:&quot;0&quot;,&quot;iso&quot;:&quot;0&quot;,&quot;shutter_speed&quot;:&quot;0&quot;,&quot;title&quot;:&quot;&quot;,&quot;orientation&quot;:&quot;0&quot;}\" data-image-title=\"DSC_8843\" data-image-description=\"\" data-image-caption=\"\" data-large-file=\"https:\/\/www.cisa-arica.cl\/wp1\/wp-content\/uploads\/2023\/05\/DSC_8843-600x400.jpg\" role=\"button\" tabindex=\"0\" aria-label=\"Abrir la imagen 29 de 43 en pantalla completa\"srcset=\"https:\/\/i2.wp.com\/www.cisa-arica.cl\/wp1\/wp-content\/uploads\/2023\/05\/DSC_8843-600x400.jpg?strip=info&#038;w=600 600w,https:\/\/i2.wp.com\/www.cisa-arica.cl\/wp1\/wp-content\/uploads\/2023\/05\/DSC_8843-600x400.jpg?strip=info&#038;w=900 900w,https:\/\/i2.wp.com\/www.cisa-arica.cl\/wp1\/wp-content\/uploads\/2023\/05\/DSC_8843-600x400.jpg?strip=info&#038;w=1100 1100w\" alt=\"\" data-height=\"733\" data-id=\"20401\" data-link=\"https:\/\/www.cisa-arica.cl\/wp1\/2023\/05\/11\/dia-de-la-estudiante-2\/dsc_8843-2\/\" data-url=\"http:\/\/www.cisa-arica.cl\/wp1\/wp-content\/uploads\/2023\/05\/DSC_8843-600x400.jpg\" data-width=\"1100\" src=\"https:\/\/i2.wp.com\/www.cisa-arica.cl\/wp1\/wp-content\/uploads\/2023\/05\/DSC_8843-600x400.jpg\" data-amp-layout=\"responsive\"\/><\/figure><figure class=\"tiled-gallery__item\"><img decoding=\"async\" data-attachment-id=\"20378\" data-permalink=\"https:\/\/www.cisa-arica.cl\/wp1\/2023\/05\/11\/dia-de-la-estudiante-2\/dsc_8776\/\" data-orig-file=\"https:\/\/www.cisa-arica.cl\/wp1\/wp-content\/uploads\/2023\/05\/DSC_8776.jpg\" data-orig-size=\"1100,733\" data-comments-opened=\"0\" data-image-meta=\"{&quot;aperture&quot;:&quot;0&quot;,&quot;credit&quot;:&quot;&quot;,&quot;camera&quot;:&quot;&quot;,&quot;caption&quot;:&quot;&quot;,&quot;created_timestamp&quot;:&quot;0&quot;,&quot;copyright&quot;:&quot;&quot;,&quot;focal_length&quot;:&quot;0&quot;,&quot;iso&quot;:&quot;0&quot;,&quot;shutter_speed&quot;:&quot;0&quot;,&quot;title&quot;:&quot;&quot;,&quot;orientation&quot;:&quot;0&quot;}\" data-image-title=\"DSC_8776\" data-image-description=\"\" data-image-caption=\"\" data-large-file=\"https:\/\/www.cisa-arica.cl\/wp1\/wp-content\/uploads\/2023\/05\/DSC_8776-600x400.jpg\" data-attachment-id=\"20378\" data-permalink=\"https:\/\/www.cisa-arica.cl\/wp1\/2023\/05\/11\/dia-de-la-estudiante-2\/dsc_8776\/\" data-orig-file=\"https:\/\/www.cisa-arica.cl\/wp1\/wp-content\/uploads\/2023\/05\/DSC_8776.jpg\" data-orig-size=\"1100,733\" data-comments-opened=\"0\" data-image-meta=\"{&quot;aperture&quot;:&quot;0&quot;,&quot;credit&quot;:&quot;&quot;,&quot;camera&quot;:&quot;&quot;,&quot;caption&quot;:&quot;&quot;,&quot;created_timestamp&quot;:&quot;0&quot;,&quot;copyright&quot;:&quot;&quot;,&quot;focal_length&quot;:&quot;0&quot;,&quot;iso&quot;:&quot;0&quot;,&quot;shutter_speed&quot;:&quot;0&quot;,&quot;title&quot;:&quot;&quot;,&quot;orientation&quot;:&quot;0&quot;}\" data-image-title=\"DSC_8776\" data-image-description=\"\" data-image-caption=\"\" data-large-file=\"https:\/\/www.cisa-arica.cl\/wp1\/wp-content\/uploads\/2023\/05\/DSC_8776-600x400.jpg\" role=\"button\" tabindex=\"0\" aria-label=\"Abrir la imagen 30 de 43 en pantalla completa\"srcset=\"https:\/\/i1.wp.com\/www.cisa-arica.cl\/wp1\/wp-content\/uploads\/2023\/05\/DSC_8776-600x400.jpg?strip=info&#038;w=600 600w,https:\/\/i1.wp.com\/www.cisa-arica.cl\/wp1\/wp-content\/uploads\/2023\/05\/DSC_8776-600x400.jpg?strip=info&#038;w=900 900w,https:\/\/i1.wp.com\/www.cisa-arica.cl\/wp1\/wp-content\/uploads\/2023\/05\/DSC_8776-600x400.jpg?strip=info&#038;w=1100 1100w\" alt=\"\" data-height=\"733\" data-id=\"20378\" data-link=\"https:\/\/www.cisa-arica.cl\/wp1\/2023\/05\/11\/dia-de-la-estudiante-2\/dsc_8776\/\" data-url=\"http:\/\/www.cisa-arica.cl\/wp1\/wp-content\/uploads\/2023\/05\/DSC_8776-600x400.jpg\" data-width=\"1100\" src=\"https:\/\/i1.wp.com\/www.cisa-arica.cl\/wp1\/wp-content\/uploads\/2023\/05\/DSC_8776-600x400.jpg\" data-amp-layout=\"responsive\"\/><\/figure><\/div><\/div><div class=\"tiled-gallery__row\"><div class=\"tiled-gallery__col\" style=\"flex-basis:66.76446%\"><figure class=\"tiled-gallery__item\"><img decoding=\"async\" data-attachment-id=\"20383\" data-permalink=\"https:\/\/www.cisa-arica.cl\/wp1\/2023\/05\/11\/dia-de-la-estudiante-2\/dsc_8788-2\/\" data-orig-file=\"https:\/\/www.cisa-arica.cl\/wp1\/wp-content\/uploads\/2023\/05\/DSC_8788.jpg\" data-orig-size=\"1100,733\" data-comments-opened=\"0\" data-image-meta=\"{&quot;aperture&quot;:&quot;0&quot;,&quot;credit&quot;:&quot;&quot;,&quot;camera&quot;:&quot;&quot;,&quot;caption&quot;:&quot;&quot;,&quot;created_timestamp&quot;:&quot;0&quot;,&quot;copyright&quot;:&quot;&quot;,&quot;focal_length&quot;:&quot;0&quot;,&quot;iso&quot;:&quot;0&quot;,&quot;shutter_speed&quot;:&quot;0&quot;,&quot;title&quot;:&quot;&quot;,&quot;orientation&quot;:&quot;0&quot;}\" data-image-title=\"DSC_8788\" data-image-description=\"\" data-image-caption=\"\" data-large-file=\"https:\/\/www.cisa-arica.cl\/wp1\/wp-content\/uploads\/2023\/05\/DSC_8788-600x400.jpg\" data-attachment-id=\"20383\" data-permalink=\"https:\/\/www.cisa-arica.cl\/wp1\/2023\/05\/11\/dia-de-la-estudiante-2\/dsc_8788-2\/\" data-orig-file=\"https:\/\/www.cisa-arica.cl\/wp1\/wp-content\/uploads\/2023\/05\/DSC_8788.jpg\" data-orig-size=\"1100,733\" data-comments-opened=\"0\" data-image-meta=\"{&quot;aperture&quot;:&quot;0&quot;,&quot;credit&quot;:&quot;&quot;,&quot;camera&quot;:&quot;&quot;,&quot;caption&quot;:&quot;&quot;,&quot;created_timestamp&quot;:&quot;0&quot;,&quot;copyright&quot;:&quot;&quot;,&quot;focal_length&quot;:&quot;0&quot;,&quot;iso&quot;:&quot;0&quot;,&quot;shutter_speed&quot;:&quot;0&quot;,&quot;title&quot;:&quot;&quot;,&quot;orientation&quot;:&quot;0&quot;}\" data-image-title=\"DSC_8788\" data-image-description=\"\" data-image-caption=\"\" data-large-file=\"https:\/\/www.cisa-arica.cl\/wp1\/wp-content\/uploads\/2023\/05\/DSC_8788-600x400.jpg\" role=\"button\" tabindex=\"0\" aria-label=\"Abrir la imagen 31 de 43 en pantalla completa\"srcset=\"https:\/\/i0.wp.com\/www.cisa-arica.cl\/wp1\/wp-content\/uploads\/2023\/05\/DSC_8788-600x400.jpg?strip=info&#038;w=600 600w,https:\/\/i0.wp.com\/www.cisa-arica.cl\/wp1\/wp-content\/uploads\/2023\/05\/DSC_8788-600x400.jpg?strip=info&#038;w=900 900w,https:\/\/i0.wp.com\/www.cisa-arica.cl\/wp1\/wp-content\/uploads\/2023\/05\/DSC_8788-600x400.jpg?strip=info&#038;w=1100 1100w\" alt=\"\" data-height=\"733\" data-id=\"20383\" data-link=\"https:\/\/www.cisa-arica.cl\/wp1\/2023\/05\/11\/dia-de-la-estudiante-2\/dsc_8788-2\/\" data-url=\"http:\/\/www.cisa-arica.cl\/wp1\/wp-content\/uploads\/2023\/05\/DSC_8788-600x400.jpg\" data-width=\"1100\" src=\"https:\/\/i0.wp.com\/www.cisa-arica.cl\/wp1\/wp-content\/uploads\/2023\/05\/DSC_8788-600x400.jpg\" data-amp-layout=\"responsive\"\/><\/figure><\/div><div class=\"tiled-gallery__col\" style=\"flex-basis:33.23554%\"><figure class=\"tiled-gallery__item\"><img decoding=\"async\" data-attachment-id=\"20387\" data-permalink=\"https:\/\/www.cisa-arica.cl\/wp1\/2023\/05\/11\/dia-de-la-estudiante-2\/dsc_8799-2\/\" data-orig-file=\"https:\/\/www.cisa-arica.cl\/wp1\/wp-content\/uploads\/2023\/05\/DSC_8799.jpg\" data-orig-size=\"1100,733\" data-comments-opened=\"0\" data-image-meta=\"{&quot;aperture&quot;:&quot;0&quot;,&quot;credit&quot;:&quot;&quot;,&quot;camera&quot;:&quot;&quot;,&quot;caption&quot;:&quot;&quot;,&quot;created_timestamp&quot;:&quot;0&quot;,&quot;copyright&quot;:&quot;&quot;,&quot;focal_length&quot;:&quot;0&quot;,&quot;iso&quot;:&quot;0&quot;,&quot;shutter_speed&quot;:&quot;0&quot;,&quot;title&quot;:&quot;&quot;,&quot;orientation&quot;:&quot;0&quot;}\" data-image-title=\"DSC_8799\" data-image-description=\"\" data-image-caption=\"\" data-large-file=\"https:\/\/www.cisa-arica.cl\/wp1\/wp-content\/uploads\/2023\/05\/DSC_8799-600x400.jpg\" data-attachment-id=\"20387\" data-permalink=\"https:\/\/www.cisa-arica.cl\/wp1\/2023\/05\/11\/dia-de-la-estudiante-2\/dsc_8799-2\/\" data-orig-file=\"https:\/\/www.cisa-arica.cl\/wp1\/wp-content\/uploads\/2023\/05\/DSC_8799.jpg\" data-orig-size=\"1100,733\" data-comments-opened=\"0\" data-image-meta=\"{&quot;aperture&quot;:&quot;0&quot;,&quot;credit&quot;:&quot;&quot;,&quot;camera&quot;:&quot;&quot;,&quot;caption&quot;:&quot;&quot;,&quot;created_timestamp&quot;:&quot;0&quot;,&quot;copyright&quot;:&quot;&quot;,&quot;focal_length&quot;:&quot;0&quot;,&quot;iso&quot;:&quot;0&quot;,&quot;shutter_speed&quot;:&quot;0&quot;,&quot;title&quot;:&quot;&quot;,&quot;orientation&quot;:&quot;0&quot;}\" data-image-title=\"DSC_8799\" data-image-description=\"\" data-image-caption=\"\" data-large-file=\"https:\/\/www.cisa-arica.cl\/wp1\/wp-content\/uploads\/2023\/05\/DSC_8799-600x400.jpg\" role=\"button\" tabindex=\"0\" aria-label=\"Abrir la imagen 32 de 43 en pantalla completa\"srcset=\"https:\/\/i2.wp.com\/www.cisa-arica.cl\/wp1\/wp-content\/uploads\/2023\/05\/DSC_8799-600x400.jpg?strip=info&#038;w=600 600w,https:\/\/i2.wp.com\/www.cisa-arica.cl\/wp1\/wp-content\/uploads\/2023\/05\/DSC_8799-600x400.jpg?strip=info&#038;w=900 900w,https:\/\/i2.wp.com\/www.cisa-arica.cl\/wp1\/wp-content\/uploads\/2023\/05\/DSC_8799-600x400.jpg?strip=info&#038;w=1100 1100w\" alt=\"\" data-height=\"733\" data-id=\"20387\" data-link=\"https:\/\/www.cisa-arica.cl\/wp1\/2023\/05\/11\/dia-de-la-estudiante-2\/dsc_8799-2\/\" data-url=\"http:\/\/www.cisa-arica.cl\/wp1\/wp-content\/uploads\/2023\/05\/DSC_8799-600x400.jpg\" data-width=\"1100\" src=\"https:\/\/i2.wp.com\/www.cisa-arica.cl\/wp1\/wp-content\/uploads\/2023\/05\/DSC_8799-600x400.jpg\" data-amp-layout=\"responsive\"\/><\/figure><figure class=\"tiled-gallery__item\"><img decoding=\"async\" data-attachment-id=\"20370\" data-permalink=\"https:\/\/www.cisa-arica.cl\/wp1\/2023\/05\/11\/dia-de-la-estudiante-2\/dsc_8755\/\" data-orig-file=\"https:\/\/www.cisa-arica.cl\/wp1\/wp-content\/uploads\/2023\/05\/DSC_8755.jpg\" data-orig-size=\"1100,733\" data-comments-opened=\"0\" data-image-meta=\"{&quot;aperture&quot;:&quot;0&quot;,&quot;credit&quot;:&quot;&quot;,&quot;camera&quot;:&quot;&quot;,&quot;caption&quot;:&quot;&quot;,&quot;created_timestamp&quot;:&quot;0&quot;,&quot;copyright&quot;:&quot;&quot;,&quot;focal_length&quot;:&quot;0&quot;,&quot;iso&quot;:&quot;0&quot;,&quot;shutter_speed&quot;:&quot;0&quot;,&quot;title&quot;:&quot;&quot;,&quot;orientation&quot;:&quot;0&quot;}\" data-image-title=\"DSC_8755\" data-image-description=\"\" data-image-caption=\"\" data-large-file=\"https:\/\/www.cisa-arica.cl\/wp1\/wp-content\/uploads\/2023\/05\/DSC_8755-600x400.jpg\" data-attachment-id=\"20370\" data-permalink=\"https:\/\/www.cisa-arica.cl\/wp1\/2023\/05\/11\/dia-de-la-estudiante-2\/dsc_8755\/\" data-orig-file=\"https:\/\/www.cisa-arica.cl\/wp1\/wp-content\/uploads\/2023\/05\/DSC_8755.jpg\" data-orig-size=\"1100,733\" data-comments-opened=\"0\" data-image-meta=\"{&quot;aperture&quot;:&quot;0&quot;,&quot;credit&quot;:&quot;&quot;,&quot;camera&quot;:&quot;&quot;,&quot;caption&quot;:&quot;&quot;,&quot;created_timestamp&quot;:&quot;0&quot;,&quot;copyright&quot;:&quot;&quot;,&quot;focal_length&quot;:&quot;0&quot;,&quot;iso&quot;:&quot;0&quot;,&quot;shutter_speed&quot;:&quot;0&quot;,&quot;title&quot;:&quot;&quot;,&quot;orientation&quot;:&quot;0&quot;}\" data-image-title=\"DSC_8755\" data-image-description=\"\" data-image-caption=\"\" data-large-file=\"https:\/\/www.cisa-arica.cl\/wp1\/wp-content\/uploads\/2023\/05\/DSC_8755-600x400.jpg\" role=\"button\" tabindex=\"0\" aria-label=\"Abrir la imagen 33 de 43 en pantalla completa\"srcset=\"https:\/\/i2.wp.com\/www.cisa-arica.cl\/wp1\/wp-content\/uploads\/2023\/05\/DSC_8755-600x400.jpg?strip=info&#038;w=600 600w,https:\/\/i2.wp.com\/www.cisa-arica.cl\/wp1\/wp-content\/uploads\/2023\/05\/DSC_8755-600x400.jpg?strip=info&#038;w=900 900w,https:\/\/i2.wp.com\/www.cisa-arica.cl\/wp1\/wp-content\/uploads\/2023\/05\/DSC_8755-600x400.jpg?strip=info&#038;w=1100 1100w\" alt=\"\" data-height=\"733\" data-id=\"20370\" data-link=\"https:\/\/www.cisa-arica.cl\/wp1\/2023\/05\/11\/dia-de-la-estudiante-2\/dsc_8755\/\" data-url=\"http:\/\/www.cisa-arica.cl\/wp1\/wp-content\/uploads\/2023\/05\/DSC_8755-600x400.jpg\" data-width=\"1100\" src=\"https:\/\/i2.wp.com\/www.cisa-arica.cl\/wp1\/wp-content\/uploads\/2023\/05\/DSC_8755-600x400.jpg\" data-amp-layout=\"responsive\"\/><\/figure><\/div><\/div><div class=\"tiled-gallery__row\"><div class=\"tiled-gallery__col\" style=\"flex-basis:46.93448%\"><figure class=\"tiled-gallery__item\"><img decoding=\"async\" data-attachment-id=\"19821\" data-permalink=\"https:\/\/www.cisa-arica.cl\/wp1\/2023\/04\/03\/domingo-de-ramos-en-el-colegio\/whatsapp-image-2023-04-04-at-08-35-496-1\/\" data-orig-file=\"https:\/\/www.cisa-arica.cl\/wp1\/wp-content\/uploads\/2023\/04\/WhatsApp-Image-2023-04-04-at-08.35.496-1.jpeg\" data-orig-size=\"1024,768\" data-comments-opened=\"0\" data-image-meta=\"{&quot;aperture&quot;:&quot;0&quot;,&quot;credit&quot;:&quot;&quot;,&quot;camera&quot;:&quot;&quot;,&quot;caption&quot;:&quot;&quot;,&quot;created_timestamp&quot;:&quot;0&quot;,&quot;copyright&quot;:&quot;&quot;,&quot;focal_length&quot;:&quot;0&quot;,&quot;iso&quot;:&quot;0&quot;,&quot;shutter_speed&quot;:&quot;0&quot;,&quot;title&quot;:&quot;&quot;,&quot;orientation&quot;:&quot;0&quot;}\" data-image-title=\"WhatsApp-Image-2023-04-04-at-08.35.496-1\" data-image-description=\"\" data-image-caption=\"\" data-large-file=\"https:\/\/www.cisa-arica.cl\/wp1\/wp-content\/uploads\/2023\/04\/WhatsApp-Image-2023-04-04-at-08.35.496-1-600x450.jpeg\" data-attachment-id=\"19821\" data-permalink=\"https:\/\/www.cisa-arica.cl\/wp1\/2023\/04\/03\/domingo-de-ramos-en-el-colegio\/whatsapp-image-2023-04-04-at-08-35-496-1\/\" data-orig-file=\"https:\/\/www.cisa-arica.cl\/wp1\/wp-content\/uploads\/2023\/04\/WhatsApp-Image-2023-04-04-at-08.35.496-1.jpeg\" data-orig-size=\"1024,768\" data-comments-opened=\"0\" data-image-meta=\"{&quot;aperture&quot;:&quot;0&quot;,&quot;credit&quot;:&quot;&quot;,&quot;camera&quot;:&quot;&quot;,&quot;caption&quot;:&quot;&quot;,&quot;created_timestamp&quot;:&quot;0&quot;,&quot;copyright&quot;:&quot;&quot;,&quot;focal_length&quot;:&quot;0&quot;,&quot;iso&quot;:&quot;0&quot;,&quot;shutter_speed&quot;:&quot;0&quot;,&quot;title&quot;:&quot;&quot;,&quot;orientation&quot;:&quot;0&quot;}\" data-image-title=\"WhatsApp-Image-2023-04-04-at-08.35.496-1\" data-image-description=\"\" data-image-caption=\"\" data-large-file=\"https:\/\/www.cisa-arica.cl\/wp1\/wp-content\/uploads\/2023\/04\/WhatsApp-Image-2023-04-04-at-08.35.496-1-600x450.jpeg\" role=\"button\" tabindex=\"0\" aria-label=\"Abrir la imagen 34 de 43 en pantalla completa\"srcset=\"https:\/\/i2.wp.com\/www.cisa-arica.cl\/wp1\/wp-content\/uploads\/2023\/04\/WhatsApp-Image-2023-04-04-at-08.35.496-1-600x450.jpeg?strip=info&#038;w=600 600w,https:\/\/i2.wp.com\/www.cisa-arica.cl\/wp1\/wp-content\/uploads\/2023\/04\/WhatsApp-Image-2023-04-04-at-08.35.496-1-600x450.jpeg?strip=info&#038;w=900 900w,https:\/\/i2.wp.com\/www.cisa-arica.cl\/wp1\/wp-content\/uploads\/2023\/04\/WhatsApp-Image-2023-04-04-at-08.35.496-1-600x450.jpeg?strip=info&#038;w=1024 1024w\" alt=\"\" data-height=\"768\" data-id=\"19821\" data-link=\"https:\/\/www.cisa-arica.cl\/wp1\/2023\/04\/03\/domingo-de-ramos-en-el-colegio\/whatsapp-image-2023-04-04-at-08-35-496-1\/\" data-url=\"http:\/\/www.cisa-arica.cl\/wp1\/wp-content\/uploads\/2023\/04\/WhatsApp-Image-2023-04-04-at-08.35.496-1-600x450.jpeg\" data-width=\"1024\" src=\"https:\/\/i2.wp.com\/www.cisa-arica.cl\/wp1\/wp-content\/uploads\/2023\/04\/WhatsApp-Image-2023-04-04-at-08.35.496-1-600x450.jpeg\" data-amp-layout=\"responsive\"\/><\/figure><figure class=\"tiled-gallery__item\"><img decoding=\"async\" data-attachment-id=\"19775\" data-permalink=\"https:\/\/www.cisa-arica.cl\/wp1\/2023\/04\/03\/domingo-de-ramos-en-el-colegio\/whatsapp-image-2023-04-04-at-08-35-482\/\" data-orig-file=\"https:\/\/www.cisa-arica.cl\/wp1\/wp-content\/uploads\/2023\/04\/WhatsApp-Image-2023-04-04-at-08.35.482.jpeg\" data-orig-size=\"1024,768\" data-comments-opened=\"0\" data-image-meta=\"{&quot;aperture&quot;:&quot;0&quot;,&quot;credit&quot;:&quot;&quot;,&quot;camera&quot;:&quot;&quot;,&quot;caption&quot;:&quot;&quot;,&quot;created_timestamp&quot;:&quot;0&quot;,&quot;copyright&quot;:&quot;&quot;,&quot;focal_length&quot;:&quot;0&quot;,&quot;iso&quot;:&quot;0&quot;,&quot;shutter_speed&quot;:&quot;0&quot;,&quot;title&quot;:&quot;&quot;,&quot;orientation&quot;:&quot;0&quot;}\" data-image-title=\"WhatsApp-Image-2023-04-04-at-08.35.482\" data-image-description=\"\" data-image-caption=\"\" data-large-file=\"https:\/\/www.cisa-arica.cl\/wp1\/wp-content\/uploads\/2023\/04\/WhatsApp-Image-2023-04-04-at-08.35.482-600x450.jpeg\" data-attachment-id=\"19775\" data-permalink=\"https:\/\/www.cisa-arica.cl\/wp1\/2023\/04\/03\/domingo-de-ramos-en-el-colegio\/whatsapp-image-2023-04-04-at-08-35-482\/\" data-orig-file=\"https:\/\/www.cisa-arica.cl\/wp1\/wp-content\/uploads\/2023\/04\/WhatsApp-Image-2023-04-04-at-08.35.482.jpeg\" data-orig-size=\"1024,768\" data-comments-opened=\"0\" data-image-meta=\"{&quot;aperture&quot;:&quot;0&quot;,&quot;credit&quot;:&quot;&quot;,&quot;camera&quot;:&quot;&quot;,&quot;caption&quot;:&quot;&quot;,&quot;created_timestamp&quot;:&quot;0&quot;,&quot;copyright&quot;:&quot;&quot;,&quot;focal_length&quot;:&quot;0&quot;,&quot;iso&quot;:&quot;0&quot;,&quot;shutter_speed&quot;:&quot;0&quot;,&quot;title&quot;:&quot;&quot;,&quot;orientation&quot;:&quot;0&quot;}\" data-image-title=\"WhatsApp-Image-2023-04-04-at-08.35.482\" data-image-description=\"\" data-image-caption=\"\" data-large-file=\"https:\/\/www.cisa-arica.cl\/wp1\/wp-content\/uploads\/2023\/04\/WhatsApp-Image-2023-04-04-at-08.35.482-600x450.jpeg\" role=\"button\" tabindex=\"0\" aria-label=\"Abrir la imagen 35 de 43 en pantalla completa\"srcset=\"https:\/\/i0.wp.com\/www.cisa-arica.cl\/wp1\/wp-content\/uploads\/2023\/04\/WhatsApp-Image-2023-04-04-at-08.35.482-600x450.jpeg?strip=info&#038;w=600 600w,https:\/\/i0.wp.com\/www.cisa-arica.cl\/wp1\/wp-content\/uploads\/2023\/04\/WhatsApp-Image-2023-04-04-at-08.35.482-600x450.jpeg?strip=info&#038;w=900 900w,https:\/\/i0.wp.com\/www.cisa-arica.cl\/wp1\/wp-content\/uploads\/2023\/04\/WhatsApp-Image-2023-04-04-at-08.35.482-600x450.jpeg?strip=info&#038;w=1024 1024w\" alt=\"\" data-height=\"768\" data-id=\"19775\" data-link=\"https:\/\/www.cisa-arica.cl\/wp1\/2023\/04\/03\/domingo-de-ramos-en-el-colegio\/whatsapp-image-2023-04-04-at-08-35-482\/\" data-url=\"http:\/\/www.cisa-arica.cl\/wp1\/wp-content\/uploads\/2023\/04\/WhatsApp-Image-2023-04-04-at-08.35.482-600x450.jpeg\" data-width=\"1024\" src=\"https:\/\/i0.wp.com\/www.cisa-arica.cl\/wp1\/wp-content\/uploads\/2023\/04\/WhatsApp-Image-2023-04-04-at-08.35.482-600x450.jpeg\" data-amp-layout=\"responsive\"\/><\/figure><\/div><div class=\"tiled-gallery__col\" style=\"flex-basis:53.06552%\"><figure class=\"tiled-gallery__item\"><img decoding=\"async\" data-attachment-id=\"19582\" data-permalink=\"https:\/\/www.cisa-arica.cl\/wp1\/2023\/03\/31\/destacada-participacion-en-concurso-pictorico\/981d07a5-9524-4f42-b07b-602b1d39457e\/\" data-orig-file=\"https:\/\/www.cisa-arica.cl\/wp1\/wp-content\/uploads\/2023\/03\/981D07A5-9524-4F42-B07B-602B1D39457E.jpeg\" data-orig-size=\"1200,1600\" data-comments-opened=\"0\" data-image-meta=\"{&quot;aperture&quot;:&quot;0&quot;,&quot;credit&quot;:&quot;&quot;,&quot;camera&quot;:&quot;&quot;,&quot;caption&quot;:&quot;&quot;,&quot;created_timestamp&quot;:&quot;0&quot;,&quot;copyright&quot;:&quot;&quot;,&quot;focal_length&quot;:&quot;0&quot;,&quot;iso&quot;:&quot;0&quot;,&quot;shutter_speed&quot;:&quot;0&quot;,&quot;title&quot;:&quot;&quot;,&quot;orientation&quot;:&quot;0&quot;}\" data-image-title=\"981D07A5-9524-4F42-B07B-602B1D39457E\" data-image-description=\"\" data-image-caption=\"\" data-large-file=\"https:\/\/www.cisa-arica.cl\/wp1\/wp-content\/uploads\/2023\/03\/981D07A5-9524-4F42-B07B-602B1D39457E-450x600.jpeg\" data-attachment-id=\"19582\" data-permalink=\"https:\/\/www.cisa-arica.cl\/wp1\/2023\/03\/31\/destacada-participacion-en-concurso-pictorico\/981d07a5-9524-4f42-b07b-602b1d39457e\/\" data-orig-file=\"https:\/\/www.cisa-arica.cl\/wp1\/wp-content\/uploads\/2023\/03\/981D07A5-9524-4F42-B07B-602B1D39457E.jpeg\" data-orig-size=\"1200,1600\" data-comments-opened=\"0\" data-image-meta=\"{&quot;aperture&quot;:&quot;0&quot;,&quot;credit&quot;:&quot;&quot;,&quot;camera&quot;:&quot;&quot;,&quot;caption&quot;:&quot;&quot;,&quot;created_timestamp&quot;:&quot;0&quot;,&quot;copyright&quot;:&quot;&quot;,&quot;focal_length&quot;:&quot;0&quot;,&quot;iso&quot;:&quot;0&quot;,&quot;shutter_speed&quot;:&quot;0&quot;,&quot;title&quot;:&quot;&quot;,&quot;orientation&quot;:&quot;0&quot;}\" data-image-title=\"981D07A5-9524-4F42-B07B-602B1D39457E\" data-image-description=\"\" data-image-caption=\"\" data-large-file=\"https:\/\/www.cisa-arica.cl\/wp1\/wp-content\/uploads\/2023\/03\/981D07A5-9524-4F42-B07B-602B1D39457E-450x600.jpeg\" role=\"button\" tabindex=\"0\" aria-label=\"Abrir la imagen 36 de 43 en pantalla completa\"srcset=\"https:\/\/i2.wp.com\/www.cisa-arica.cl\/wp1\/wp-content\/uploads\/2023\/03\/981D07A5-9524-4F42-B07B-602B1D39457E-450x600.jpeg?strip=info&#038;w=600 600w,https:\/\/i2.wp.com\/www.cisa-arica.cl\/wp1\/wp-content\/uploads\/2023\/03\/981D07A5-9524-4F42-B07B-602B1D39457E-450x600.jpeg?strip=info&#038;w=900 900w,https:\/\/i2.wp.com\/www.cisa-arica.cl\/wp1\/wp-content\/uploads\/2023\/03\/981D07A5-9524-4F42-B07B-602B1D39457E-450x600.jpeg?strip=info&#038;w=1200 1200w\" alt=\"\" data-height=\"1600\" data-id=\"19582\" data-link=\"https:\/\/www.cisa-arica.cl\/wp1\/2023\/03\/31\/destacada-participacion-en-concurso-pictorico\/981d07a5-9524-4f42-b07b-602b1d39457e\/\" data-url=\"http:\/\/www.cisa-arica.cl\/wp1\/wp-content\/uploads\/2023\/03\/981D07A5-9524-4F42-B07B-602B1D39457E-450x600.jpeg\" data-width=\"1200\" src=\"https:\/\/i2.wp.com\/www.cisa-arica.cl\/wp1\/wp-content\/uploads\/2023\/03\/981D07A5-9524-4F42-B07B-602B1D39457E-450x600.jpeg\" data-amp-layout=\"responsive\"\/><\/figure><\/div><\/div><div class=\"tiled-gallery__row\"><div class=\"tiled-gallery__col\" style=\"flex-basis:45.76392%\"><figure class=\"tiled-gallery__item\"><img decoding=\"async\" data-attachment-id=\"19542\" data-permalink=\"https:\/\/www.cisa-arica.cl\/wp1\/2023\/03\/24\/jornada\/dsc_7206-1\/\" data-orig-file=\"https:\/\/www.cisa-arica.cl\/wp1\/wp-content\/uploads\/2023\/03\/DSC_7206-1.jpg\" data-orig-size=\"1000,667\" data-comments-opened=\"0\" data-image-meta=\"{&quot;aperture&quot;:&quot;5&quot;,&quot;credit&quot;:&quot;&quot;,&quot;camera&quot;:&quot;NIKON D7100&quot;,&quot;caption&quot;:&quot;&quot;,&quot;created_timestamp&quot;:&quot;1679649272&quot;,&quot;copyright&quot;:&quot;&quot;,&quot;focal_length&quot;:&quot;17&quot;,&quot;iso&quot;:&quot;3200&quot;,&quot;shutter_speed&quot;:&quot;0.004&quot;,&quot;title&quot;:&quot;&quot;,&quot;orientation&quot;:&quot;0&quot;}\" data-image-title=\"DSC_7206-1\" data-image-description=\"\" data-image-caption=\"\" data-large-file=\"https:\/\/www.cisa-arica.cl\/wp1\/wp-content\/uploads\/2023\/03\/DSC_7206-1-600x400.jpg\" data-attachment-id=\"19542\" data-permalink=\"https:\/\/www.cisa-arica.cl\/wp1\/2023\/03\/24\/jornada\/dsc_7206-1\/\" data-orig-file=\"https:\/\/www.cisa-arica.cl\/wp1\/wp-content\/uploads\/2023\/03\/DSC_7206-1.jpg\" data-orig-size=\"1000,667\" data-comments-opened=\"0\" data-image-meta=\"{&quot;aperture&quot;:&quot;5&quot;,&quot;credit&quot;:&quot;&quot;,&quot;camera&quot;:&quot;NIKON D7100&quot;,&quot;caption&quot;:&quot;&quot;,&quot;created_timestamp&quot;:&quot;1679649272&quot;,&quot;copyright&quot;:&quot;&quot;,&quot;focal_length&quot;:&quot;17&quot;,&quot;iso&quot;:&quot;3200&quot;,&quot;shutter_speed&quot;:&quot;0.004&quot;,&quot;title&quot;:&quot;&quot;,&quot;orientation&quot;:&quot;0&quot;}\" data-image-title=\"DSC_7206-1\" data-image-description=\"\" data-image-caption=\"\" data-large-file=\"https:\/\/www.cisa-arica.cl\/wp1\/wp-content\/uploads\/2023\/03\/DSC_7206-1-600x400.jpg\" role=\"button\" tabindex=\"0\" aria-label=\"Abrir la imagen 37 de 43 en pantalla completa\"srcset=\"https:\/\/i2.wp.com\/www.cisa-arica.cl\/wp1\/wp-content\/uploads\/2023\/03\/DSC_7206-1-600x400.jpg?strip=info&#038;w=600 600w,https:\/\/i2.wp.com\/www.cisa-arica.cl\/wp1\/wp-content\/uploads\/2023\/03\/DSC_7206-1-600x400.jpg?strip=info&#038;w=900 900w,https:\/\/i2.wp.com\/www.cisa-arica.cl\/wp1\/wp-content\/uploads\/2023\/03\/DSC_7206-1-600x400.jpg?strip=info&#038;w=1000 1000w\" alt=\"\" data-height=\"667\" data-id=\"19542\" data-link=\"https:\/\/www.cisa-arica.cl\/wp1\/2023\/03\/24\/jornada\/dsc_7206-1\/\" data-url=\"http:\/\/www.cisa-arica.cl\/wp1\/wp-content\/uploads\/2023\/03\/DSC_7206-1-600x400.jpg\" data-width=\"1000\" src=\"https:\/\/i2.wp.com\/www.cisa-arica.cl\/wp1\/wp-content\/uploads\/2023\/03\/DSC_7206-1-600x400.jpg\" data-amp-layout=\"responsive\"\/><\/figure><\/div><div class=\"tiled-gallery__col\" style=\"flex-basis:54.23608%\"><figure class=\"tiled-gallery__item\"><img decoding=\"async\" data-attachment-id=\"19441\" data-permalink=\"https:\/\/www.cisa-arica.cl\/wp1\/2023\/03\/15\/dia-internacional-de-la-matematica\/d9c45019-48e3-4eef-b74e-ebb575aa572c\/\" data-orig-file=\"https:\/\/www.cisa-arica.cl\/wp1\/wp-content\/uploads\/2023\/03\/D9C45019-48E3-4EEF-B74E-EBB575AA572C.jpeg\" data-orig-size=\"1600,900\" data-comments-opened=\"0\" data-image-meta=\"{&quot;aperture&quot;:&quot;0&quot;,&quot;credit&quot;:&quot;&quot;,&quot;camera&quot;:&quot;&quot;,&quot;caption&quot;:&quot;&quot;,&quot;created_timestamp&quot;:&quot;0&quot;,&quot;copyright&quot;:&quot;&quot;,&quot;focal_length&quot;:&quot;0&quot;,&quot;iso&quot;:&quot;0&quot;,&quot;shutter_speed&quot;:&quot;0&quot;,&quot;title&quot;:&quot;&quot;,&quot;orientation&quot;:&quot;0&quot;}\" data-image-title=\"D9C45019-48E3-4EEF-B74E-EBB575AA572C\" data-image-description=\"\" data-image-caption=\"\" data-large-file=\"https:\/\/www.cisa-arica.cl\/wp1\/wp-content\/uploads\/2023\/03\/D9C45019-48E3-4EEF-B74E-EBB575AA572C-600x338.jpeg\" data-attachment-id=\"19441\" data-permalink=\"https:\/\/www.cisa-arica.cl\/wp1\/2023\/03\/15\/dia-internacional-de-la-matematica\/d9c45019-48e3-4eef-b74e-ebb575aa572c\/\" data-orig-file=\"https:\/\/www.cisa-arica.cl\/wp1\/wp-content\/uploads\/2023\/03\/D9C45019-48E3-4EEF-B74E-EBB575AA572C.jpeg\" data-orig-size=\"1600,900\" data-comments-opened=\"0\" data-image-meta=\"{&quot;aperture&quot;:&quot;0&quot;,&quot;credit&quot;:&quot;&quot;,&quot;camera&quot;:&quot;&quot;,&quot;caption&quot;:&quot;&quot;,&quot;created_timestamp&quot;:&quot;0&quot;,&quot;copyright&quot;:&quot;&quot;,&quot;focal_length&quot;:&quot;0&quot;,&quot;iso&quot;:&quot;0&quot;,&quot;shutter_speed&quot;:&quot;0&quot;,&quot;title&quot;:&quot;&quot;,&quot;orientation&quot;:&quot;0&quot;}\" data-image-title=\"D9C45019-48E3-4EEF-B74E-EBB575AA572C\" data-image-description=\"\" data-image-caption=\"\" data-large-file=\"https:\/\/www.cisa-arica.cl\/wp1\/wp-content\/uploads\/2023\/03\/D9C45019-48E3-4EEF-B74E-EBB575AA572C-600x338.jpeg\" role=\"button\" tabindex=\"0\" aria-label=\"Abrir la imagen 38 de 43 en pantalla completa\"srcset=\"https:\/\/i0.wp.com\/www.cisa-arica.cl\/wp1\/wp-content\/uploads\/2023\/03\/D9C45019-48E3-4EEF-B74E-EBB575AA572C-600x338.jpeg?strip=info&#038;w=600 600w,https:\/\/i0.wp.com\/www.cisa-arica.cl\/wp1\/wp-content\/uploads\/2023\/03\/D9C45019-48E3-4EEF-B74E-EBB575AA572C-600x338.jpeg?strip=info&#038;w=900 900w,https:\/\/i0.wp.com\/www.cisa-arica.cl\/wp1\/wp-content\/uploads\/2023\/03\/D9C45019-48E3-4EEF-B74E-EBB575AA572C-600x338.jpeg?strip=info&#038;w=1200 1200w,https:\/\/i0.wp.com\/www.cisa-arica.cl\/wp1\/wp-content\/uploads\/2023\/03\/D9C45019-48E3-4EEF-B74E-EBB575AA572C-600x338.jpeg?strip=info&#038;w=1500 1500w,https:\/\/i0.wp.com\/www.cisa-arica.cl\/wp1\/wp-content\/uploads\/2023\/03\/D9C45019-48E3-4EEF-B74E-EBB575AA572C-600x338.jpeg?strip=info&#038;w=1600 1600w\" alt=\"\" data-height=\"900\" data-id=\"19441\" data-link=\"https:\/\/www.cisa-arica.cl\/wp1\/2023\/03\/15\/dia-internacional-de-la-matematica\/d9c45019-48e3-4eef-b74e-ebb575aa572c\/\" data-url=\"http:\/\/www.cisa-arica.cl\/wp1\/wp-content\/uploads\/2023\/03\/D9C45019-48E3-4EEF-B74E-EBB575AA572C-600x338.jpeg\" data-width=\"1600\" src=\"https:\/\/i0.wp.com\/www.cisa-arica.cl\/wp1\/wp-content\/uploads\/2023\/03\/D9C45019-48E3-4EEF-B74E-EBB575AA572C-600x338.jpeg\" data-amp-layout=\"responsive\"\/><\/figure><\/div><\/div><div class=\"tiled-gallery__row\"><div class=\"tiled-gallery__col\" style=\"flex-basis:33.33333%\"><figure class=\"tiled-gallery__item\"><img decoding=\"async\" data-attachment-id=\"19426\" data-permalink=\"https:\/\/www.cisa-arica.cl\/wp1\/2023\/03\/15\/reunion-de-bienvenida-a-los-apoderados-nuevos-2023\/whatsapp-image-2023-03-15-at-12-33-4111\/\" data-orig-file=\"https:\/\/www.cisa-arica.cl\/wp1\/wp-content\/uploads\/2023\/03\/WhatsApp-Image-2023-03-15-at-12.33.4111.jpeg\" data-orig-size=\"1100,733\" data-comments-opened=\"0\" data-image-meta=\"{&quot;aperture&quot;:&quot;0&quot;,&quot;credit&quot;:&quot;&quot;,&quot;camera&quot;:&quot;&quot;,&quot;caption&quot;:&quot;&quot;,&quot;created_timestamp&quot;:&quot;0&quot;,&quot;copyright&quot;:&quot;&quot;,&quot;focal_length&quot;:&quot;0&quot;,&quot;iso&quot;:&quot;0&quot;,&quot;shutter_speed&quot;:&quot;0&quot;,&quot;title&quot;:&quot;&quot;,&quot;orientation&quot;:&quot;0&quot;}\" data-image-title=\"WhatsApp-Image-2023-03-15-at-12.33.4111\" data-image-description=\"\" data-image-caption=\"\" data-large-file=\"https:\/\/www.cisa-arica.cl\/wp1\/wp-content\/uploads\/2023\/03\/WhatsApp-Image-2023-03-15-at-12.33.4111-600x400.jpeg\" data-attachment-id=\"19426\" data-permalink=\"https:\/\/www.cisa-arica.cl\/wp1\/2023\/03\/15\/reunion-de-bienvenida-a-los-apoderados-nuevos-2023\/whatsapp-image-2023-03-15-at-12-33-4111\/\" data-orig-file=\"https:\/\/www.cisa-arica.cl\/wp1\/wp-content\/uploads\/2023\/03\/WhatsApp-Image-2023-03-15-at-12.33.4111.jpeg\" data-orig-size=\"1100,733\" data-comments-opened=\"0\" data-image-meta=\"{&quot;aperture&quot;:&quot;0&quot;,&quot;credit&quot;:&quot;&quot;,&quot;camera&quot;:&quot;&quot;,&quot;caption&quot;:&quot;&quot;,&quot;created_timestamp&quot;:&quot;0&quot;,&quot;copyright&quot;:&quot;&quot;,&quot;focal_length&quot;:&quot;0&quot;,&quot;iso&quot;:&quot;0&quot;,&quot;shutter_speed&quot;:&quot;0&quot;,&quot;title&quot;:&quot;&quot;,&quot;orientation&quot;:&quot;0&quot;}\" data-image-title=\"WhatsApp-Image-2023-03-15-at-12.33.4111\" data-image-description=\"\" data-image-caption=\"\" data-large-file=\"https:\/\/www.cisa-arica.cl\/wp1\/wp-content\/uploads\/2023\/03\/WhatsApp-Image-2023-03-15-at-12.33.4111-600x400.jpeg\" role=\"button\" tabindex=\"0\" aria-label=\"Abrir la imagen 39 de 43 en pantalla completa\"srcset=\"https:\/\/i0.wp.com\/www.cisa-arica.cl\/wp1\/wp-content\/uploads\/2023\/03\/WhatsApp-Image-2023-03-15-at-12.33.4111-600x400.jpeg?strip=info&#038;w=600 600w,https:\/\/i0.wp.com\/www.cisa-arica.cl\/wp1\/wp-content\/uploads\/2023\/03\/WhatsApp-Image-2023-03-15-at-12.33.4111-600x400.jpeg?strip=info&#038;w=900 900w,https:\/\/i0.wp.com\/www.cisa-arica.cl\/wp1\/wp-content\/uploads\/2023\/03\/WhatsApp-Image-2023-03-15-at-12.33.4111-600x400.jpeg?strip=info&#038;w=1100 1100w\" alt=\"\" data-height=\"733\" data-id=\"19426\" data-link=\"https:\/\/www.cisa-arica.cl\/wp1\/2023\/03\/15\/reunion-de-bienvenida-a-los-apoderados-nuevos-2023\/whatsapp-image-2023-03-15-at-12-33-4111\/\" data-url=\"http:\/\/www.cisa-arica.cl\/wp1\/wp-content\/uploads\/2023\/03\/WhatsApp-Image-2023-03-15-at-12.33.4111-600x400.jpeg\" data-width=\"1100\" src=\"https:\/\/i0.wp.com\/www.cisa-arica.cl\/wp1\/wp-content\/uploads\/2023\/03\/WhatsApp-Image-2023-03-15-at-12.33.4111-600x400.jpeg\" data-amp-layout=\"responsive\"\/><\/figure><\/div><div class=\"tiled-gallery__col\" style=\"flex-basis:33.33333%\"><figure class=\"tiled-gallery__item\"><img decoding=\"async\" data-attachment-id=\"19427\" data-permalink=\"https:\/\/www.cisa-arica.cl\/wp1\/2023\/03\/15\/reunion-de-bienvenida-a-los-apoderados-nuevos-2023\/whatsapp-image-2023-03-15-at-12-33-4110\/\" data-orig-file=\"https:\/\/www.cisa-arica.cl\/wp1\/wp-content\/uploads\/2023\/03\/WhatsApp-Image-2023-03-15-at-12.33.4110.jpeg\" data-orig-size=\"1100,733\" data-comments-opened=\"0\" data-image-meta=\"{&quot;aperture&quot;:&quot;0&quot;,&quot;credit&quot;:&quot;&quot;,&quot;camera&quot;:&quot;&quot;,&quot;caption&quot;:&quot;&quot;,&quot;created_timestamp&quot;:&quot;0&quot;,&quot;copyright&quot;:&quot;&quot;,&quot;focal_length&quot;:&quot;0&quot;,&quot;iso&quot;:&quot;0&quot;,&quot;shutter_speed&quot;:&quot;0&quot;,&quot;title&quot;:&quot;&quot;,&quot;orientation&quot;:&quot;0&quot;}\" data-image-title=\"WhatsApp-Image-2023-03-15-at-12.33.4110\" data-image-description=\"\" data-image-caption=\"\" data-large-file=\"https:\/\/www.cisa-arica.cl\/wp1\/wp-content\/uploads\/2023\/03\/WhatsApp-Image-2023-03-15-at-12.33.4110-600x400.jpeg\" data-attachment-id=\"19427\" data-permalink=\"https:\/\/www.cisa-arica.cl\/wp1\/2023\/03\/15\/reunion-de-bienvenida-a-los-apoderados-nuevos-2023\/whatsapp-image-2023-03-15-at-12-33-4110\/\" data-orig-file=\"https:\/\/www.cisa-arica.cl\/wp1\/wp-content\/uploads\/2023\/03\/WhatsApp-Image-2023-03-15-at-12.33.4110.jpeg\" data-orig-size=\"1100,733\" data-comments-opened=\"0\" data-image-meta=\"{&quot;aperture&quot;:&quot;0&quot;,&quot;credit&quot;:&quot;&quot;,&quot;camera&quot;:&quot;&quot;,&quot;caption&quot;:&quot;&quot;,&quot;created_timestamp&quot;:&quot;0&quot;,&quot;copyright&quot;:&quot;&quot;,&quot;focal_length&quot;:&quot;0&quot;,&quot;iso&quot;:&quot;0&quot;,&quot;shutter_speed&quot;:&quot;0&quot;,&quot;title&quot;:&quot;&quot;,&quot;orientation&quot;:&quot;0&quot;}\" data-image-title=\"WhatsApp-Image-2023-03-15-at-12.33.4110\" data-image-description=\"\" data-image-caption=\"\" data-large-file=\"https:\/\/www.cisa-arica.cl\/wp1\/wp-content\/uploads\/2023\/03\/WhatsApp-Image-2023-03-15-at-12.33.4110-600x400.jpeg\" role=\"button\" tabindex=\"0\" aria-label=\"Abrir la imagen 40 de 43 en pantalla completa\"srcset=\"https:\/\/i0.wp.com\/www.cisa-arica.cl\/wp1\/wp-content\/uploads\/2023\/03\/WhatsApp-Image-2023-03-15-at-12.33.4110-600x400.jpeg?strip=info&#038;w=600 600w,https:\/\/i0.wp.com\/www.cisa-arica.cl\/wp1\/wp-content\/uploads\/2023\/03\/WhatsApp-Image-2023-03-15-at-12.33.4110-600x400.jpeg?strip=info&#038;w=900 900w,https:\/\/i0.wp.com\/www.cisa-arica.cl\/wp1\/wp-content\/uploads\/2023\/03\/WhatsApp-Image-2023-03-15-at-12.33.4110-600x400.jpeg?strip=info&#038;w=1100 1100w\" alt=\"\" data-height=\"733\" data-id=\"19427\" data-link=\"https:\/\/www.cisa-arica.cl\/wp1\/2023\/03\/15\/reunion-de-bienvenida-a-los-apoderados-nuevos-2023\/whatsapp-image-2023-03-15-at-12-33-4110\/\" data-url=\"http:\/\/www.cisa-arica.cl\/wp1\/wp-content\/uploads\/2023\/03\/WhatsApp-Image-2023-03-15-at-12.33.4110-600x400.jpeg\" data-width=\"1100\" src=\"https:\/\/i0.wp.com\/www.cisa-arica.cl\/wp1\/wp-content\/uploads\/2023\/03\/WhatsApp-Image-2023-03-15-at-12.33.4110-600x400.jpeg\" data-amp-layout=\"responsive\"\/><\/figure><\/div><div class=\"tiled-gallery__col\" style=\"flex-basis:33.33333%\"><figure class=\"tiled-gallery__item\"><img decoding=\"async\" data-attachment-id=\"19428\" data-permalink=\"https:\/\/www.cisa-arica.cl\/wp1\/2023\/03\/15\/reunion-de-bienvenida-a-los-apoderados-nuevos-2023\/whatsapp-image-2023-03-15-at-12-33-419\/\" data-orig-file=\"https:\/\/www.cisa-arica.cl\/wp1\/wp-content\/uploads\/2023\/03\/WhatsApp-Image-2023-03-15-at-12.33.419.jpeg\" data-orig-size=\"1100,733\" data-comments-opened=\"0\" data-image-meta=\"{&quot;aperture&quot;:&quot;0&quot;,&quot;credit&quot;:&quot;&quot;,&quot;camera&quot;:&quot;&quot;,&quot;caption&quot;:&quot;&quot;,&quot;created_timestamp&quot;:&quot;0&quot;,&quot;copyright&quot;:&quot;&quot;,&quot;focal_length&quot;:&quot;0&quot;,&quot;iso&quot;:&quot;0&quot;,&quot;shutter_speed&quot;:&quot;0&quot;,&quot;title&quot;:&quot;&quot;,&quot;orientation&quot;:&quot;0&quot;}\" data-image-title=\"WhatsApp-Image-2023-03-15-at-12.33.419\" data-image-description=\"\" data-image-caption=\"\" data-large-file=\"https:\/\/www.cisa-arica.cl\/wp1\/wp-content\/uploads\/2023\/03\/WhatsApp-Image-2023-03-15-at-12.33.419-600x400.jpeg\" data-attachment-id=\"19428\" data-permalink=\"https:\/\/www.cisa-arica.cl\/wp1\/2023\/03\/15\/reunion-de-bienvenida-a-los-apoderados-nuevos-2023\/whatsapp-image-2023-03-15-at-12-33-419\/\" data-orig-file=\"https:\/\/www.cisa-arica.cl\/wp1\/wp-content\/uploads\/2023\/03\/WhatsApp-Image-2023-03-15-at-12.33.419.jpeg\" data-orig-size=\"1100,733\" data-comments-opened=\"0\" data-image-meta=\"{&quot;aperture&quot;:&quot;0&quot;,&quot;credit&quot;:&quot;&quot;,&quot;camera&quot;:&quot;&quot;,&quot;caption&quot;:&quot;&quot;,&quot;created_timestamp&quot;:&quot;0&quot;,&quot;copyright&quot;:&quot;&quot;,&quot;focal_length&quot;:&quot;0&quot;,&quot;iso&quot;:&quot;0&quot;,&quot;shutter_speed&quot;:&quot;0&quot;,&quot;title&quot;:&quot;&quot;,&quot;orientation&quot;:&quot;0&quot;}\" data-image-title=\"WhatsApp-Image-2023-03-15-at-12.33.419\" data-image-description=\"\" data-image-caption=\"\" data-large-file=\"https:\/\/www.cisa-arica.cl\/wp1\/wp-content\/uploads\/2023\/03\/WhatsApp-Image-2023-03-15-at-12.33.419-600x400.jpeg\" role=\"button\" tabindex=\"0\" aria-label=\"Abrir la imagen 41 de 43 en pantalla completa\"srcset=\"https:\/\/i0.wp.com\/www.cisa-arica.cl\/wp1\/wp-content\/uploads\/2023\/03\/WhatsApp-Image-2023-03-15-at-12.33.419-600x400.jpeg?strip=info&#038;w=600 600w,https:\/\/i0.wp.com\/www.cisa-arica.cl\/wp1\/wp-content\/uploads\/2023\/03\/WhatsApp-Image-2023-03-15-at-12.33.419-600x400.jpeg?strip=info&#038;w=900 900w,https:\/\/i0.wp.com\/www.cisa-arica.cl\/wp1\/wp-content\/uploads\/2023\/03\/WhatsApp-Image-2023-03-15-at-12.33.419-600x400.jpeg?strip=info&#038;w=1100 1100w\" alt=\"\" data-height=\"733\" data-id=\"19428\" data-link=\"https:\/\/www.cisa-arica.cl\/wp1\/2023\/03\/15\/reunion-de-bienvenida-a-los-apoderados-nuevos-2023\/whatsapp-image-2023-03-15-at-12-33-419\/\" data-url=\"http:\/\/www.cisa-arica.cl\/wp1\/wp-content\/uploads\/2023\/03\/WhatsApp-Image-2023-03-15-at-12.33.419-600x400.jpeg\" data-width=\"1100\" src=\"https:\/\/i0.wp.com\/www.cisa-arica.cl\/wp1\/wp-content\/uploads\/2023\/03\/WhatsApp-Image-2023-03-15-at-12.33.419-600x400.jpeg\" data-amp-layout=\"responsive\"\/><\/figure><\/div><\/div><div class=\"tiled-gallery__row\"><div class=\"tiled-gallery__col\" style=\"flex-basis:50.00000%\"><figure class=\"tiled-gallery__item\"><img decoding=\"async\" data-attachment-id=\"19429\" data-permalink=\"https:\/\/www.cisa-arica.cl\/wp1\/2023\/03\/15\/reunion-de-bienvenida-a-los-apoderados-nuevos-2023\/whatsapp-image-2023-03-15-at-12-33-418\/\" data-orig-file=\"https:\/\/www.cisa-arica.cl\/wp1\/wp-content\/uploads\/2023\/03\/WhatsApp-Image-2023-03-15-at-12.33.418.jpeg\" data-orig-size=\"1100,733\" data-comments-opened=\"0\" data-image-meta=\"{&quot;aperture&quot;:&quot;0&quot;,&quot;credit&quot;:&quot;&quot;,&quot;camera&quot;:&quot;&quot;,&quot;caption&quot;:&quot;&quot;,&quot;created_timestamp&quot;:&quot;0&quot;,&quot;copyright&quot;:&quot;&quot;,&quot;focal_length&quot;:&quot;0&quot;,&quot;iso&quot;:&quot;0&quot;,&quot;shutter_speed&quot;:&quot;0&quot;,&quot;title&quot;:&quot;&quot;,&quot;orientation&quot;:&quot;0&quot;}\" data-image-title=\"WhatsApp-Image-2023-03-15-at-12.33.418\" data-image-description=\"\" data-image-caption=\"\" data-large-file=\"https:\/\/www.cisa-arica.cl\/wp1\/wp-content\/uploads\/2023\/03\/WhatsApp-Image-2023-03-15-at-12.33.418-600x400.jpeg\" data-attachment-id=\"19429\" data-permalink=\"https:\/\/www.cisa-arica.cl\/wp1\/2023\/03\/15\/reunion-de-bienvenida-a-los-apoderados-nuevos-2023\/whatsapp-image-2023-03-15-at-12-33-418\/\" data-orig-file=\"https:\/\/www.cisa-arica.cl\/wp1\/wp-content\/uploads\/2023\/03\/WhatsApp-Image-2023-03-15-at-12.33.418.jpeg\" data-orig-size=\"1100,733\" data-comments-opened=\"0\" data-image-meta=\"{&quot;aperture&quot;:&quot;0&quot;,&quot;credit&quot;:&quot;&quot;,&quot;camera&quot;:&quot;&quot;,&quot;caption&quot;:&quot;&quot;,&quot;created_timestamp&quot;:&quot;0&quot;,&quot;copyright&quot;:&quot;&quot;,&quot;focal_length&quot;:&quot;0&quot;,&quot;iso&quot;:&quot;0&quot;,&quot;shutter_speed&quot;:&quot;0&quot;,&quot;title&quot;:&quot;&quot;,&quot;orientation&quot;:&quot;0&quot;}\" data-image-title=\"WhatsApp-Image-2023-03-15-at-12.33.418\" data-image-description=\"\" data-image-caption=\"\" data-large-file=\"https:\/\/www.cisa-arica.cl\/wp1\/wp-content\/uploads\/2023\/03\/WhatsApp-Image-2023-03-15-at-12.33.418-600x400.jpeg\" role=\"button\" tabindex=\"0\" aria-label=\"Abrir la imagen 42 de 43 en pantalla completa\"srcset=\"https:\/\/i2.wp.com\/www.cisa-arica.cl\/wp1\/wp-content\/uploads\/2023\/03\/WhatsApp-Image-2023-03-15-at-12.33.418-600x400.jpeg?strip=info&#038;w=600 600w,https:\/\/i2.wp.com\/www.cisa-arica.cl\/wp1\/wp-content\/uploads\/2023\/03\/WhatsApp-Image-2023-03-15-at-12.33.418-600x400.jpeg?strip=info&#038;w=900 900w,https:\/\/i2.wp.com\/www.cisa-arica.cl\/wp1\/wp-content\/uploads\/2023\/03\/WhatsApp-Image-2023-03-15-at-12.33.418-600x400.jpeg?strip=info&#038;w=1100 1100w\" alt=\"\" data-height=\"733\" data-id=\"19429\" data-link=\"https:\/\/www.cisa-arica.cl\/wp1\/2023\/03\/15\/reunion-de-bienvenida-a-los-apoderados-nuevos-2023\/whatsapp-image-2023-03-15-at-12-33-418\/\" data-url=\"http:\/\/www.cisa-arica.cl\/wp1\/wp-content\/uploads\/2023\/03\/WhatsApp-Image-2023-03-15-at-12.33.418-600x400.jpeg\" data-width=\"1100\" src=\"https:\/\/i2.wp.com\/www.cisa-arica.cl\/wp1\/wp-content\/uploads\/2023\/03\/WhatsApp-Image-2023-03-15-at-12.33.418-600x400.jpeg\" data-amp-layout=\"responsive\"\/><\/figure><\/div><div class=\"tiled-gallery__col\" style=\"flex-basis:50.00000%\"><figure class=\"tiled-gallery__item\"><img decoding=\"async\" data-attachment-id=\"19424\" data-permalink=\"https:\/\/www.cisa-arica.cl\/wp1\/2023\/03\/15\/reunion-de-bienvenida-a-los-apoderados-nuevos-2023\/whatsapp-image-2023-03-15-at-12-33-4113\/\" data-orig-file=\"https:\/\/www.cisa-arica.cl\/wp1\/wp-content\/uploads\/2023\/03\/WhatsApp-Image-2023-03-15-at-12.33.4113.jpeg\" data-orig-size=\"1100,733\" data-comments-opened=\"0\" data-image-meta=\"{&quot;aperture&quot;:&quot;0&quot;,&quot;credit&quot;:&quot;&quot;,&quot;camera&quot;:&quot;&quot;,&quot;caption&quot;:&quot;&quot;,&quot;created_timestamp&quot;:&quot;0&quot;,&quot;copyright&quot;:&quot;&quot;,&quot;focal_length&quot;:&quot;0&quot;,&quot;iso&quot;:&quot;0&quot;,&quot;shutter_speed&quot;:&quot;0&quot;,&quot;title&quot;:&quot;&quot;,&quot;orientation&quot;:&quot;0&quot;}\" data-image-title=\"WhatsApp-Image-2023-03-15-at-12.33.4113\" data-image-description=\"\" data-image-caption=\"\" data-large-file=\"https:\/\/www.cisa-arica.cl\/wp1\/wp-content\/uploads\/2023\/03\/WhatsApp-Image-2023-03-15-at-12.33.4113-600x400.jpeg\" data-attachment-id=\"19424\" data-permalink=\"https:\/\/www.cisa-arica.cl\/wp1\/2023\/03\/15\/reunion-de-bienvenida-a-los-apoderados-nuevos-2023\/whatsapp-image-2023-03-15-at-12-33-4113\/\" data-orig-file=\"https:\/\/www.cisa-arica.cl\/wp1\/wp-content\/uploads\/2023\/03\/WhatsApp-Image-2023-03-15-at-12.33.4113.jpeg\" data-orig-size=\"1100,733\" data-comments-opened=\"0\" data-image-meta=\"{&quot;aperture&quot;:&quot;0&quot;,&quot;credit&quot;:&quot;&quot;,&quot;camera&quot;:&quot;&quot;,&quot;caption&quot;:&quot;&quot;,&quot;created_timestamp&quot;:&quot;0&quot;,&quot;copyright&quot;:&quot;&quot;,&quot;focal_length&quot;:&quot;0&quot;,&quot;iso&quot;:&quot;0&quot;,&quot;shutter_speed&quot;:&quot;0&quot;,&quot;title&quot;:&quot;&quot;,&quot;orientation&quot;:&quot;0&quot;}\" data-image-title=\"WhatsApp-Image-2023-03-15-at-12.33.4113\" data-image-description=\"\" data-image-caption=\"\" data-large-file=\"https:\/\/www.cisa-arica.cl\/wp1\/wp-content\/uploads\/2023\/03\/WhatsApp-Image-2023-03-15-at-12.33.4113-600x400.jpeg\" role=\"button\" tabindex=\"0\" aria-label=\"Abrir la imagen 43 de 43 en pantalla completa\"srcset=\"https:\/\/i1.wp.com\/www.cisa-arica.cl\/wp1\/wp-content\/uploads\/2023\/03\/WhatsApp-Image-2023-03-15-at-12.33.4113-600x400.jpeg?strip=info&#038;w=600 600w,https:\/\/i1.wp.com\/www.cisa-arica.cl\/wp1\/wp-content\/uploads\/2023\/03\/WhatsApp-Image-2023-03-15-at-12.33.4113-600x400.jpeg?strip=info&#038;w=900 900w,https:\/\/i1.wp.com\/www.cisa-arica.cl\/wp1\/wp-content\/uploads\/2023\/03\/WhatsApp-Image-2023-03-15-at-12.33.4113-600x400.jpeg?strip=info&#038;w=1100 1100w\" alt=\"\" data-height=\"733\" data-id=\"19424\" data-link=\"https:\/\/www.cisa-arica.cl\/wp1\/2023\/03\/15\/reunion-de-bienvenida-a-los-apoderados-nuevos-2023\/whatsapp-image-2023-03-15-at-12-33-4113\/\" data-url=\"http:\/\/www.cisa-arica.cl\/wp1\/wp-content\/uploads\/2023\/03\/WhatsApp-Image-2023-03-15-at-12.33.4113-600x400.jpeg\" data-width=\"1100\" src=\"https:\/\/i1.wp.com\/www.cisa-arica.cl\/wp1\/wp-content\/uploads\/2023\/03\/WhatsApp-Image-2023-03-15-at-12.33.4113-600x400.jpeg\" data-amp-layout=\"responsive\"\/><\/figure><\/div><\/div><\/div><\/div>\n","protected":false},"excerpt":{"rendered":"<p>Cada 16 de Octubre, es el d\u00eda en que se hace un alto en los colegios, para conmemorar la noble&nbsp; profesi\u00f3n de ense\u00f1ar y su importancia en la formaci\u00f3n de tantos ni\u00f1os y j\u00f3venes de nuestro pa\u00eds. Colegio Italiano Santa Ana se suma a estos festejos brindando un cordial y cari\u00f1oso saludo a todo su <a class=\"read-more\" href=\"https:\/\/www.cisa-arica.cl\/wp1\/2023\/10\/16\/feliz-dia-del-profesor-y-profesora\/\">Continuar leyendo<\/a><\/p>\n","protected":false},"author":5,"featured_media":24451,"comment_status":"closed","ping_status":"open","sticky":false,"template":"","format":"standard","meta":{"_jetpack_memberships_contains_paid_content":false,"footnotes":"","jetpack_publicize_message":"","jetpack_publicize_feature_enabled":true,"jetpack_social_post_already_shared":true,"jetpack_social_options":{"image_generator_settings":{"template":"highway","default_image_id":0,"font":"","enabled":false},"version":2}},"categories":[5],"tags":[],"class_list":["post-22553","post","type-post","status-publish","format-standard","has-post-thumbnail","hentry","category-uncategorized"],"jetpack_publicize_connections":[],"jetpack_featured_media_url":"https:\/\/www.cisa-arica.cl\/wp1\/wp-content\/uploads\/2023\/10\/C18C7103-B711-44FA-9586-CDDF3B7D028A-600x399-1.webp","jetpack_sharing_enabled":true,"jetpack_shortlink":"https:\/\/wp.me\/p84wcz-5RL","jetpack-related-posts":[{"id":11628,"url":"https:\/\/www.cisa-arica.cl\/wp1\/2020\/10\/15\/saludos-de-nuestra-director-en-el-dia-del-profesor-y-profesora\/","url_meta":{"origin":22553,"position":0},"title":"Saludos de nuestra Directora en el D\u00eda del Profesor y Profesora","author":"CISA","date":"15 de Octubre de 2020","format":"video","excerpt":"Familia santa Ana. Los invitamos ver el saludo de nuestra Directora Hermana Adela Espinoza Zapatel.","rel":"","context":"Entrada similar ","block_context":{"text":"Entrada similar ","link":""},"img":{"alt_text":"","src":"https:\/\/i0.wp.com\/www.cisa-arica.cl\/wp1\/wp-content\/uploads\/2020\/10\/WhatsApp-Image-2020-10-15-at-21.24.35.jpeg?resize=350%2C200&ssl=1","width":350,"height":200,"srcset":"https:\/\/i0.wp.com\/www.cisa-arica.cl\/wp1\/wp-content\/uploads\/2020\/10\/WhatsApp-Image-2020-10-15-at-21.24.35.jpeg?resize=350%2C200&ssl=1 1x, https:\/\/i0.wp.com\/www.cisa-arica.cl\/wp1\/wp-content\/uploads\/2020\/10\/WhatsApp-Image-2020-10-15-at-21.24.35.jpeg?resize=525%2C300&ssl=1 1.5x, https:\/\/i0.wp.com\/www.cisa-arica.cl\/wp1\/wp-content\/uploads\/2020\/10\/WhatsApp-Image-2020-10-15-at-21.24.35.jpeg?resize=700%2C400&ssl=1 2x, https:\/\/i0.wp.com\/www.cisa-arica.cl\/wp1\/wp-content\/uploads\/2020\/10\/WhatsApp-Image-2020-10-15-at-21.24.35.jpeg?resize=1050%2C600&ssl=1 3x"},"classes":[]},{"id":13344,"url":"https:\/\/www.cisa-arica.cl\/wp1\/2021\/10\/15\/cisa-celebra-el-dia-del-profesor\/","url_meta":{"origin":22553,"position":1},"title":"CISA celebra el D\u00eda del Profesor","author":"Jeannette Rivera","date":"15 de Octubre de 2021","format":false,"excerpt":"Este 16 de octubre celebramos el D\u00eda del Profesor y la Profesora 2021 y el Colegio Italiano Santa Ana desea saludar con mucho cari\u00f1o a todos los docentes que forman nuestra comunidad educativa, y que se esfuerzan d\u00eda a d\u00eda en educar y formar a nuestras estudiantes. Ayer Jueves 14\u2026","rel":"","context":"En &quot;galeria&quot;","block_context":{"text":"galeria","link":"https:\/\/www.cisa-arica.cl\/wp1\/category\/galeria\/"},"img":{"alt_text":"","src":"https:\/\/i0.wp.com\/www.cisa-arica.cl\/wp1\/wp-content\/uploads\/2021\/10\/Screenshot_16.jpg?resize=350%2C200&ssl=1","width":350,"height":200,"srcset":"https:\/\/i0.wp.com\/www.cisa-arica.cl\/wp1\/wp-content\/uploads\/2021\/10\/Screenshot_16.jpg?resize=350%2C200&ssl=1 1x, https:\/\/i0.wp.com\/www.cisa-arica.cl\/wp1\/wp-content\/uploads\/2021\/10\/Screenshot_16.jpg?resize=525%2C300&ssl=1 1.5x"},"classes":[]},{"id":11526,"url":"https:\/\/www.cisa-arica.cl\/wp1\/2020\/09\/25\/2da-reunion-de-apoderados\/","url_meta":{"origin":22553,"position":2},"title":"2da Reuni\u00f3n de Apoderados","author":"CISA","date":"25 de Septiembre de 2020","format":false,"excerpt":"Estimada Familia Santa Ana Junto con saludar y desear que se encuentren bien, comunicamos que se realizar\u00e1 la 2da reuni\u00f3n de padres y apoderados a trav\u00e9s de la aplicaci\u00f3n Meet a las 19:00 hrs. El profesor o profesora jefe le enviar\u00e1 la invitaci\u00f3n al correo de la estudiante y ser\u00e1\u2026","rel":"","context":"Entrada similar ","block_context":{"text":"Entrada similar ","link":""},"img":{"alt_text":"","src":"https:\/\/i0.wp.com\/www.cisa-arica.cl\/wp1\/wp-content\/uploads\/2020\/09\/bba921f0-41c0-4977-9f28-500b192234ef.png?resize=350%2C200&ssl=1","width":350,"height":200,"srcset":"https:\/\/i0.wp.com\/www.cisa-arica.cl\/wp1\/wp-content\/uploads\/2020\/09\/bba921f0-41c0-4977-9f28-500b192234ef.png?resize=350%2C200&ssl=1 1x, https:\/\/i0.wp.com\/www.cisa-arica.cl\/wp1\/wp-content\/uploads\/2020\/09\/bba921f0-41c0-4977-9f28-500b192234ef.png?resize=525%2C300&ssl=1 1.5x, https:\/\/i0.wp.com\/www.cisa-arica.cl\/wp1\/wp-content\/uploads\/2020\/09\/bba921f0-41c0-4977-9f28-500b192234ef.png?resize=700%2C400&ssl=1 2x, https:\/\/i0.wp.com\/www.cisa-arica.cl\/wp1\/wp-content\/uploads\/2020\/09\/bba921f0-41c0-4977-9f28-500b192234ef.png?resize=1050%2C600&ssl=1 3x, https:\/\/i0.wp.com\/www.cisa-arica.cl\/wp1\/wp-content\/uploads\/2020\/09\/bba921f0-41c0-4977-9f28-500b192234ef.png?resize=1400%2C800&ssl=1 4x"},"classes":[]},{"id":13548,"url":"https:\/\/www.cisa-arica.cl\/wp1\/2021\/11\/08\/reunion-de-apoderados-9\/","url_meta":{"origin":22553,"position":3},"title":"Reuni\u00f3n de Apoderados","author":"CISA","date":"8 de Noviembre de 2021","format":false,"excerpt":"Estimados\u00a0Apoderados\u00a0y Apoderadas: Junto con saludar y desear que se encuentren bien junto a su familia, informamos que se llevar\u00e1 a cabo la 5ta\u00a0Reuni\u00f3n\u00a0de Padres y\u00a0Apoderados, los siguientes d\u00edas a\u00a0las\u00a019:00\u00a0hrs\u00a0a trav\u00e9s de la aplicaci\u00f3n Meet. \u2022\u00a0Martes 09 de Noviembre, para Educaci\u00f3n Parvularia (Prekinder y Kinder). \u2022\u00a0Mi\u00e9rcoles 10 de Noviembre, para Educaci\u00f3n\u2026","rel":"","context":"Entrada similar ","block_context":{"text":"Entrada similar ","link":""},"img":{"alt_text":"reuni\u00f3n CISA","src":"https:\/\/i0.wp.com\/www.cisa-arica.cl\/wp1\/wp-content\/uploads\/2021\/11\/REUNION-DE-APODERADOS-TITULO.jpg?resize=350%2C200&ssl=1","width":350,"height":200,"srcset":"https:\/\/i0.wp.com\/www.cisa-arica.cl\/wp1\/wp-content\/uploads\/2021\/11\/REUNION-DE-APODERADOS-TITULO.jpg?resize=350%2C200&ssl=1 1x, https:\/\/i0.wp.com\/www.cisa-arica.cl\/wp1\/wp-content\/uploads\/2021\/11\/REUNION-DE-APODERADOS-TITULO.jpg?resize=525%2C300&ssl=1 1.5x, https:\/\/i0.wp.com\/www.cisa-arica.cl\/wp1\/wp-content\/uploads\/2021\/11\/REUNION-DE-APODERADOS-TITULO.jpg?resize=700%2C400&ssl=1 2x, https:\/\/i0.wp.com\/www.cisa-arica.cl\/wp1\/wp-content\/uploads\/2021\/11\/REUNION-DE-APODERADOS-TITULO.jpg?resize=1050%2C600&ssl=1 3x"},"classes":[]},{"id":29128,"url":"https:\/\/www.cisa-arica.cl\/wp1\/2025\/11\/18\/invitacion-gala-de-cierre\/","url_meta":{"origin":22553,"position":4},"title":"Invitaci\u00f3n Gala de Cierre","author":"Jeannette Rivera","date":"18 de Noviembre de 2025","format":false,"excerpt":"Colegio Italiano Santa Ana tiene el agrado de invitar a las familias de la Unidad Educativa a la GALA DE FINALIZACI\u00d3N DE ACADEMIAS, a realizarse el d\u00eda viernes 21 de noviembre a las 17.30 hrs. en primera citaci\u00f3n, para comenzar a las 18.00 hrs. en punto. Cada \u00a0profesora y\/o profesor\u2026","rel":"","context":"Entrada similar ","block_context":{"text":"Entrada similar ","link":""},"img":{"alt_text":"","src":"https:\/\/i0.wp.com\/www.cisa-arica.cl\/wp1\/wp-content\/uploads\/2025\/11\/IMG_6896.jpeg?resize=350%2C200&ssl=1","width":350,"height":200,"srcset":"https:\/\/i0.wp.com\/www.cisa-arica.cl\/wp1\/wp-content\/uploads\/2025\/11\/IMG_6896.jpeg?resize=350%2C200&ssl=1 1x, https:\/\/i0.wp.com\/www.cisa-arica.cl\/wp1\/wp-content\/uploads\/2025\/11\/IMG_6896.jpeg?resize=525%2C300&ssl=1 1.5x, https:\/\/i0.wp.com\/www.cisa-arica.cl\/wp1\/wp-content\/uploads\/2025\/11\/IMG_6896.jpeg?resize=700%2C400&ssl=1 2x, https:\/\/i0.wp.com\/www.cisa-arica.cl\/wp1\/wp-content\/uploads\/2025\/11\/IMG_6896.jpeg?resize=1050%2C600&ssl=1 3x"},"classes":[]},{"id":15876,"url":"https:\/\/www.cisa-arica.cl\/wp1\/2022\/05\/20\/2da-reunion-de-apoderados-virtual-prekinder-hasta-3ros-medios\/","url_meta":{"origin":22553,"position":5},"title":"2da Reuni\u00f3n de Apoderados Virtual (Prekinder hasta 3ros Medios)","author":"CISA","date":"20 de Mayo de 2022","format":false,"excerpt":"Estimados Apoderados y apoderadas: Junto con saludar y desear que se encuentren bien junto a su familia, informamos que se llevar\u00e1 a cabo la 2da\u00a0Reuni\u00f3n\u00a0de Padres y\u00a0Apoderados de manera\u00a0on line, los siguientes d\u00edas a\u00a0las\u00a019:00\u00a0hrs\u00a0a trav\u00e9s de la aplicaci\u00f3n\u00a0Meet. \u2022\u00a0Martes\u00a024 de mayo,\u00a0para Educaci\u00f3n Parvularia. \u2022\u00a0Mi\u00e9rcoles 25 de mayo,\u00a0para Educaci\u00f3n B\u00e1sica (1ero\u2026","rel":"","context":"Entrada similar ","block_context":{"text":"Entrada similar ","link":""},"img":{"alt_text":"","src":"https:\/\/i0.wp.com\/www.cisa-arica.cl\/wp1\/wp-content\/uploads\/2022\/05\/WhatsApp-Image-2022-05-20-at-4.27.13-PM.jpeg?resize=350%2C200&ssl=1","width":350,"height":200,"srcset":"https:\/\/i0.wp.com\/www.cisa-arica.cl\/wp1\/wp-content\/uploads\/2022\/05\/WhatsApp-Image-2022-05-20-at-4.27.13-PM.jpeg?resize=350%2C200&ssl=1 1x, https:\/\/i0.wp.com\/www.cisa-arica.cl\/wp1\/wp-content\/uploads\/2022\/05\/WhatsApp-Image-2022-05-20-at-4.27.13-PM.jpeg?resize=525%2C300&ssl=1 1.5x, https:\/\/i0.wp.com\/www.cisa-arica.cl\/wp1\/wp-content\/uploads\/2022\/05\/WhatsApp-Image-2022-05-20-at-4.27.13-PM.jpeg?resize=700%2C400&ssl=1 2x, https:\/\/i0.wp.com\/www.cisa-arica.cl\/wp1\/wp-content\/uploads\/2022\/05\/WhatsApp-Image-2022-05-20-at-4.27.13-PM.jpeg?resize=1050%2C600&ssl=1 3x"},"classes":[]}],"_links":{"self":[{"href":"https:\/\/www.cisa-arica.cl\/wp1\/wp-json\/wp\/v2\/posts\/22553","targetHints":{"allow":["GET"]}}],"collection":[{"href":"https:\/\/www.cisa-arica.cl\/wp1\/wp-json\/wp\/v2\/posts"}],"about":[{"href":"https:\/\/www.cisa-arica.cl\/wp1\/wp-json\/wp\/v2\/types\/post"}],"author":[{"embeddable":true,"href":"https:\/\/www.cisa-arica.cl\/wp1\/wp-json\/wp\/v2\/users\/5"}],"replies":[{"embeddable":true,"href":"https:\/\/www.cisa-arica.cl\/wp1\/wp-json\/wp\/v2\/comments?post=22553"}],"version-history":[{"count":5,"href":"https:\/\/www.cisa-arica.cl\/wp1\/wp-json\/wp\/v2\/posts\/22553\/revisions"}],"predecessor-version":[{"id":24453,"href":"https:\/\/www.cisa-arica.cl\/wp1\/wp-json\/wp\/v2\/posts\/22553\/revisions\/24453"}],"wp:featuredmedia":[{"embeddable":true,"href":"https:\/\/www.cisa-arica.cl\/wp1\/wp-json\/wp\/v2\/media\/24451"}],"wp:attachment":[{"href":"https:\/\/www.cisa-arica.cl\/wp1\/wp-json\/wp\/v2\/media?parent=22553"}],"wp:term":[{"taxonomy":"category","embeddable":true,"href":"https:\/\/www.cisa-arica.cl\/wp1\/wp-json\/wp\/v2\/categories?post=22553"},{"taxonomy":"post_tag","embeddable":true,"href":"https:\/\/www.cisa-arica.cl\/wp1\/wp-json\/wp\/v2\/tags?post=22553"}],"curies":[{"name":"wp","href":"https:\/\/api.w.org\/{rel}","templated":true}]}}