{"id":22550,"date":"2023-10-13T16:05:16","date_gmt":"2023-10-13T20:05:16","guid":{"rendered":"https:\/\/www.cisa-arica.cl\/wp1\/?p=22550"},"modified":"2023-10-14T16:13:23","modified_gmt":"2023-10-14T20:13:23","slug":"reunion-de-apoderados-11","status":"publish","type":"post","link":"https:\/\/www.cisa-arica.cl\/wp1\/2023\/10\/13\/reunion-de-apoderados-11\/","title":{"rendered":"Reuni\u00f3n de Apoderados"},"content":{"rendered":"<p>Estimados padres y apoderados:<\/p>\n<p>El pr\u00f3ximo martes 17 y mi\u00e9rcoles 18 tendremos nuestra cuarta reuni\u00f3n de apoderados en donde su presencia es importante, ya que la familia es fundamental como apoyo al proceso educativo. Los horarios de las reuniones son:<\/p>\n<p>Martes 16 de 18:00 a 20: 00 horas para \u00a0<strong>Educaci\u00f3n Parvularia y Educaci\u00f3n B\u00e1sica hasta 6tos a\u00f1os.<\/strong><\/p>\n<p>Mi\u00e9rcoles 18 de 18:00 a 20:00 horas desde <strong>7os a\u00f1os hasta 4tos a\u00f1os Medios<\/strong><\/p>\n","protected":false},"excerpt":{"rendered":"<p>Estimados padres y apoderados: El pr\u00f3ximo martes 17 y mi\u00e9rcoles 18 tendremos nuestra cuarta reuni\u00f3n de apoderados en donde su presencia es importante, ya que la familia es fundamental como apoyo al proceso educativo. Los horarios de las reuniones son: Martes 16 de 18:00 a 20: 00 horas para \u00a0Educaci\u00f3n Parvularia y Educaci\u00f3n B\u00e1sica hasta <a class=\"read-more\" href=\"https:\/\/www.cisa-arica.cl\/wp1\/2023\/10\/13\/reunion-de-apoderados-11\/\">Continuar leyendo<\/a><\/p>\n","protected":false},"author":5,"featured_media":22551,"comment_status":"closed","ping_status":"open","sticky":false,"template":"","format":"standard","meta":{"_jetpack_memberships_contains_paid_content":false,"footnotes":"","jetpack_publicize_message":"","jetpack_publicize_feature_enabled":true,"jetpack_social_post_already_shared":true,"jetpack_social_options":{"image_generator_settings":{"template":"highway","default_image_id":0,"font":"","enabled":false},"version":2}},"categories":[5],"tags":[],"class_list":["post-22550","post","type-post","status-publish","format-standard","has-post-thumbnail","hentry","category-uncategorized"],"jetpack_publicize_connections":[],"jetpack_featured_media_url":"https:\/\/www.cisa-arica.cl\/wp1\/wp-content\/uploads\/2023\/10\/C7EB3630-FDB7-4FAD-933F-3F3C9AB9ED91.jpeg","jetpack_sharing_enabled":true,"jetpack_shortlink":"https:\/\/wp.me\/p84wcz-5RI","jetpack-related-posts":[{"id":15876,"url":"https:\/\/www.cisa-arica.cl\/wp1\/2022\/05\/20\/2da-reunion-de-apoderados-virtual-prekinder-hasta-3ros-medios\/","url_meta":{"origin":22550,"position":0},"title":"2da Reuni\u00f3n de Apoderados Virtual (Prekinder hasta 3ros Medios)","author":"CISA","date":"20 de Mayo de 2022","format":false,"excerpt":"Estimados Apoderados y apoderadas: Junto con saludar y desear que se encuentren bien junto a su familia, informamos que se llevar\u00e1 a cabo la 2da\u00a0Reuni\u00f3n\u00a0de Padres y\u00a0Apoderados de manera\u00a0on line, los siguientes d\u00edas a\u00a0las\u00a019:00\u00a0hrs\u00a0a trav\u00e9s de la aplicaci\u00f3n\u00a0Meet. \u2022\u00a0Martes\u00a024 de mayo,\u00a0para Educaci\u00f3n Parvularia. \u2022\u00a0Mi\u00e9rcoles 25 de mayo,\u00a0para Educaci\u00f3n B\u00e1sica (1ero\u2026","rel":"","context":"Entrada similar ","block_context":{"text":"Entrada similar ","link":""},"img":{"alt_text":"","src":"https:\/\/i0.wp.com\/www.cisa-arica.cl\/wp1\/wp-content\/uploads\/2022\/05\/WhatsApp-Image-2022-05-20-at-4.27.13-PM.jpeg?resize=350%2C200&ssl=1","width":350,"height":200,"srcset":"https:\/\/i0.wp.com\/www.cisa-arica.cl\/wp1\/wp-content\/uploads\/2022\/05\/WhatsApp-Image-2022-05-20-at-4.27.13-PM.jpeg?resize=350%2C200&ssl=1 1x, https:\/\/i0.wp.com\/www.cisa-arica.cl\/wp1\/wp-content\/uploads\/2022\/05\/WhatsApp-Image-2022-05-20-at-4.27.13-PM.jpeg?resize=525%2C300&ssl=1 1.5x, https:\/\/i0.wp.com\/www.cisa-arica.cl\/wp1\/wp-content\/uploads\/2022\/05\/WhatsApp-Image-2022-05-20-at-4.27.13-PM.jpeg?resize=700%2C400&ssl=1 2x, https:\/\/i0.wp.com\/www.cisa-arica.cl\/wp1\/wp-content\/uploads\/2022\/05\/WhatsApp-Image-2022-05-20-at-4.27.13-PM.jpeg?resize=1050%2C600&ssl=1 3x"},"classes":[]},{"id":26376,"url":"https:\/\/www.cisa-arica.cl\/wp1\/2024\/08\/23\/reuniones-de-apoderados\/","url_meta":{"origin":22550,"position":1},"title":"Reuniones de Apoderados","author":"Jeannette Rivera","date":"23 de Agosto de 2024","format":false,"excerpt":"Se recuerda a los padres y apoderados las fechas y horarios de la pr\u00f3xima reuni\u00f3n de Apoderados, las cuales fueron enviadas al correo institucional de las estudiantes el pasado martes 20 de agosto. ED. PARVULARIA Y ED. B\u00c1SICA MARTES 27 DE AGOSTO 2024 18.00 HRS. REUNIONES DESDE EDUCACI\u00d3N PARVULARIA (Prekinder,\u2026","rel":"","context":"Entrada similar ","block_context":{"text":"Entrada similar ","link":""},"img":{"alt_text":"","src":"https:\/\/i0.wp.com\/www.cisa-arica.cl\/wp1\/wp-content\/uploads\/2024\/08\/WhatsApp-Image-2024-08-23-at-1.34.10-PM.jpeg?resize=350%2C200&ssl=1","width":350,"height":200,"srcset":"https:\/\/i0.wp.com\/www.cisa-arica.cl\/wp1\/wp-content\/uploads\/2024\/08\/WhatsApp-Image-2024-08-23-at-1.34.10-PM.jpeg?resize=350%2C200&ssl=1 1x, https:\/\/i0.wp.com\/www.cisa-arica.cl\/wp1\/wp-content\/uploads\/2024\/08\/WhatsApp-Image-2024-08-23-at-1.34.10-PM.jpeg?resize=525%2C300&ssl=1 1.5x, https:\/\/i0.wp.com\/www.cisa-arica.cl\/wp1\/wp-content\/uploads\/2024\/08\/WhatsApp-Image-2024-08-23-at-1.34.10-PM.jpeg?resize=700%2C400&ssl=1 2x"},"classes":[]},{"id":11763,"url":"https:\/\/www.cisa-arica.cl\/wp1\/2020\/11\/16\/3era-reunion-de-apoderados\/","url_meta":{"origin":22550,"position":2},"title":"3era Reuni\u00f3n de Apoderados","author":"CISA","date":"16 de Noviembre de 2020","format":false,"excerpt":"Estimados Apoderados y Apoderadas. Junto con saludar y desear que se encuentren bien junto a su familia, informamos que se llevar\u00e1 a cabo la 3era Reuni\u00f3n de Apoderados, los siguientes d\u00edas: \u2022 Martes 24 de noviembre, para Educaci\u00f3n Parvularia. \u2022 Mi\u00e9rcoles 25 de noviembre, para Educaci\u00f3n B\u00e1sica. \u2022 Jueves 26\u2026","rel":"","context":"Entrada similar ","block_context":{"text":"Entrada similar ","link":""},"img":{"alt_text":"","src":"https:\/\/i0.wp.com\/www.cisa-arica.cl\/wp1\/wp-content\/uploads\/2020\/11\/98776579-54bd-437e-9294-ce6302c2da2f.png?resize=350%2C200&ssl=1","width":350,"height":200,"srcset":"https:\/\/i0.wp.com\/www.cisa-arica.cl\/wp1\/wp-content\/uploads\/2020\/11\/98776579-54bd-437e-9294-ce6302c2da2f.png?resize=350%2C200&ssl=1 1x, https:\/\/i0.wp.com\/www.cisa-arica.cl\/wp1\/wp-content\/uploads\/2020\/11\/98776579-54bd-437e-9294-ce6302c2da2f.png?resize=525%2C300&ssl=1 1.5x, https:\/\/i0.wp.com\/www.cisa-arica.cl\/wp1\/wp-content\/uploads\/2020\/11\/98776579-54bd-437e-9294-ce6302c2da2f.png?resize=700%2C400&ssl=1 2x, https:\/\/i0.wp.com\/www.cisa-arica.cl\/wp1\/wp-content\/uploads\/2020\/11\/98776579-54bd-437e-9294-ce6302c2da2f.png?resize=1050%2C600&ssl=1 3x, https:\/\/i0.wp.com\/www.cisa-arica.cl\/wp1\/wp-content\/uploads\/2020\/11\/98776579-54bd-437e-9294-ce6302c2da2f.png?resize=1400%2C800&ssl=1 4x"},"classes":[]},{"id":12297,"url":"https:\/\/www.cisa-arica.cl\/wp1\/2021\/04\/22\/reunion-de-apoderados-5\/","url_meta":{"origin":22550,"position":3},"title":"Reuni\u00f3n de Apoderados","author":"CISA","date":"22 de Abril de 2021","format":false,"excerpt":"Estimados Apoderados y Apoderadas. Junto con saludar y desear que se encuentren bien junto a su familia, informamos que se llevar\u00e1 a cabo la 1era Reuni\u00f3n de Padres y Apoderados, los siguientes d\u00edas a\u00a0las 18:00\u00a0hrs a trav\u00e9s de la aplicaci\u00f3n Meet. \u2022 Martes\u00a027 de\u00a0Abril, para Educaci\u00f3n Parvularia. \u2022\u00a0Mi\u00e9rcoles 28 de\u2026","rel":"","context":"Entrada similar ","block_context":{"text":"Entrada similar ","link":""},"img":{"alt_text":"","src":"https:\/\/i0.wp.com\/www.cisa-arica.cl\/wp1\/wp-content\/uploads\/2021\/04\/img_7778.jpg?resize=350%2C200&ssl=1","width":350,"height":200,"srcset":"https:\/\/i0.wp.com\/www.cisa-arica.cl\/wp1\/wp-content\/uploads\/2021\/04\/img_7778.jpg?resize=350%2C200&ssl=1 1x, https:\/\/i0.wp.com\/www.cisa-arica.cl\/wp1\/wp-content\/uploads\/2021\/04\/img_7778.jpg?resize=525%2C300&ssl=1 1.5x, https:\/\/i0.wp.com\/www.cisa-arica.cl\/wp1\/wp-content\/uploads\/2021\/04\/img_7778.jpg?resize=700%2C400&ssl=1 2x"},"classes":[]},{"id":15049,"url":"https:\/\/www.cisa-arica.cl\/wp1\/2022\/03\/18\/informacion-1a-reunion-de-apoderados\/","url_meta":{"origin":22550,"position":4},"title":"Informaci\u00f3n 1\u00aa reuni\u00f3n de apoderados ON LINE","author":"Jeannette Rivera","date":"18 de Marzo de 2022","format":false,"excerpt":"Estimados Padres y Apoderados: Junto con saludar y desear que se encuentren bien junto a sus familias, informamos que se llevar\u00e1 a cabo la 1a\u00a0Reuni\u00f3n\u00a0de Padres y\u00a0Apoderados, las cuales se realizar\u00e1n On-Line v\u00eda Meet, de 19:00 hrs. a 20:00 hrs. La invitaci\u00f3n ser\u00e1 enviada a los correos institucionales de las\u2026","rel":"","context":"Entrada similar ","block_context":{"text":"Entrada similar ","link":""},"img":{"alt_text":"reuni\u00f3n CISA","src":"https:\/\/i0.wp.com\/www.cisa-arica.cl\/wp1\/wp-content\/uploads\/2021\/11\/REUNION-DE-APODERADOS-TITULO.jpg?resize=350%2C200&ssl=1","width":350,"height":200,"srcset":"https:\/\/i0.wp.com\/www.cisa-arica.cl\/wp1\/wp-content\/uploads\/2021\/11\/REUNION-DE-APODERADOS-TITULO.jpg?resize=350%2C200&ssl=1 1x, https:\/\/i0.wp.com\/www.cisa-arica.cl\/wp1\/wp-content\/uploads\/2021\/11\/REUNION-DE-APODERADOS-TITULO.jpg?resize=525%2C300&ssl=1 1.5x, https:\/\/i0.wp.com\/www.cisa-arica.cl\/wp1\/wp-content\/uploads\/2021\/11\/REUNION-DE-APODERADOS-TITULO.jpg?resize=700%2C400&ssl=1 2x, https:\/\/i0.wp.com\/www.cisa-arica.cl\/wp1\/wp-content\/uploads\/2021\/11\/REUNION-DE-APODERADOS-TITULO.jpg?resize=1050%2C600&ssl=1 3x"},"classes":[]},{"id":9267,"url":"https:\/\/www.cisa-arica.cl\/wp1\/2019\/09\/11\/informacion-importante-horario-de-salida-y-reunion-de-apoderados\/","url_meta":{"origin":22550,"position":5},"title":"Informaci\u00f3n importante: Reuni\u00f3n de apoderados","author":"Jeannette Rivera","date":"11 de Septiembre de 2019","format":false,"excerpt":"Estimado padre y apoderado: Junto con saludarlos, se comunica que las reuniones de apoderados para este mes se realizar\u00e1n en las siguientes fechas: - Martes 24 de septiembre 19.00 hrs. Educaci\u00f3n pre b\u00e1sica - Mi\u00e9rcoles 25 de septiembre 19.00 hrs. Educaci\u00f3n b\u00e1sica 1\u00ba a 6\u00ba a\u00f1o. - Jueves 26 de\u2026","rel":"","context":"Entrada similar ","block_context":{"text":"Entrada similar ","link":""},"img":{"alt_text":"","src":"https:\/\/i0.wp.com\/www.cisa-arica.cl\/wp1\/wp-content\/uploads\/2019\/04\/cropped-LOGO_CISA_chico-2-e1557940881746.png?resize=350%2C200&ssl=1","width":350,"height":200},"classes":[]}],"_links":{"self":[{"href":"https:\/\/www.cisa-arica.cl\/wp1\/wp-json\/wp\/v2\/posts\/22550","targetHints":{"allow":["GET"]}}],"collection":[{"href":"https:\/\/www.cisa-arica.cl\/wp1\/wp-json\/wp\/v2\/posts"}],"about":[{"href":"https:\/\/www.cisa-arica.cl\/wp1\/wp-json\/wp\/v2\/types\/post"}],"author":[{"embeddable":true,"href":"https:\/\/www.cisa-arica.cl\/wp1\/wp-json\/wp\/v2\/users\/5"}],"replies":[{"embeddable":true,"href":"https:\/\/www.cisa-arica.cl\/wp1\/wp-json\/wp\/v2\/comments?post=22550"}],"version-history":[{"count":1,"href":"https:\/\/www.cisa-arica.cl\/wp1\/wp-json\/wp\/v2\/posts\/22550\/revisions"}],"predecessor-version":[{"id":22552,"href":"https:\/\/www.cisa-arica.cl\/wp1\/wp-json\/wp\/v2\/posts\/22550\/revisions\/22552"}],"wp:featuredmedia":[{"embeddable":true,"href":"https:\/\/www.cisa-arica.cl\/wp1\/wp-json\/wp\/v2\/media\/22551"}],"wp:attachment":[{"href":"https:\/\/www.cisa-arica.cl\/wp1\/wp-json\/wp\/v2\/media?parent=22550"}],"wp:term":[{"taxonomy":"category","embeddable":true,"href":"https:\/\/www.cisa-arica.cl\/wp1\/wp-json\/wp\/v2\/categories?post=22550"},{"taxonomy":"post_tag","embeddable":true,"href":"https:\/\/www.cisa-arica.cl\/wp1\/wp-json\/wp\/v2\/tags?post=22550"}],"curies":[{"name":"wp","href":"https:\/\/api.w.org\/{rel}","templated":true}]}}