{"id":22548,"date":"2023-10-13T15:58:20","date_gmt":"2023-10-13T19:58:20","guid":{"rendered":"https:\/\/www.cisa-arica.cl\/wp1\/?p=22548"},"modified":"2023-10-14T16:17:54","modified_gmt":"2023-10-14T20:17:54","slug":"horario-de-salida-lunes-16-10","status":"publish","type":"post","link":"https:\/\/www.cisa-arica.cl\/wp1\/2023\/10\/13\/horario-de-salida-lunes-16-10\/","title":{"rendered":"Horario de Salida Lunes 16-10"},"content":{"rendered":"<div>Estimados Padres y Apoderados:<\/div>\n<div>Se informa que\u00a0<span dir=\"ltr\">el d\u00eda Lunes 16 de Octubre<\/span>\u00a0celebraremos &#8220;El d\u00eda de la Educadora, Profesor y Asistente de la Educaci\u00f3n&#8221;, por tal\u00a0<span style=\"font-size: 15px; -webkit-text-size-adjust: 100%;\">motivo se ajustaron las actividades quedando de la siguiente manera:<\/span><\/div>\n<div>1. El horario de ingreso para las estudiantes es el normal <span dir=\"ltr\">a las 07:45<\/span> Horas.<\/div>\n<div>2. Las estudiantes deben asistir con uniforme o buzo institucional de acuerdo a horario de curso.<\/div>\n<div>3. Las estudiantes tendr\u00e1n clases s\u00f3lo los primeros bloques, es decir hasta <span dir=\"ltr\">las 10:00<\/span> horas.<\/div>\n<div>4. Se realizar\u00e1 un acto interno <span dir=\"ltr\">a las 10:3<\/span><span dir=\"ltr\">0<\/span> horas.<\/div>\n<div>5. Las convivencias\u00a0 por curso NO est\u00e1n autorizadas.<\/div>\n<div>6. La\u00a0 alimentaci\u00f3n de Junaeb ser\u00e1 entregada con normalidad para las estudiantes que tengan el beneficio, s\u00f3lo tendr\u00e1 ajuste de horario.<\/div>\n<div>7. El horario de salida de todas las estudiantes es <span dir=\"ltr\">a las 12:45<\/span> horas.<\/div>\n<div>8. Todos los talleres de estudio y academias est\u00e1n suspendidas.<\/div>\n<div><b>\u00a0<\/b><\/div>\n<div>Se solicita puntualidad en el retiro de las estudiantes, porque el colegio quedar\u00e1 cerrado.<\/div>\n<div><b>\u00a0<\/b><\/div>\n<div>Desde el d\u00eda martes 17, horarios y actividades se retoman de forma normal.<\/div>\n<div>Agradeciendo su buena acogida y disposici\u00f3n.<\/div>\n<div><\/div>\n<div>Atentamente.<\/div>\n<div><\/div>\n<div><span style=\"color: #0b5394; font-family: arial, sans-serif;\">La Direcci\u00f3n<\/span><\/div>\n","protected":false},"excerpt":{"rendered":"<p>Estimados Padres y Apoderados: Se informa que\u00a0el d\u00eda Lunes 16 de Octubre\u00a0celebraremos &#8220;El d\u00eda de la Educadora, Profesor y Asistente de la Educaci\u00f3n&#8221;, por tal\u00a0motivo se ajustaron las actividades quedando de la siguiente manera: 1. El horario de ingreso para las estudiantes es el normal a las 07:45 Horas. 2. Las estudiantes deben asistir con <a class=\"read-more\" href=\"https:\/\/www.cisa-arica.cl\/wp1\/2023\/10\/13\/horario-de-salida-lunes-16-10\/\">Continuar leyendo<\/a><\/p>\n","protected":false},"author":5,"featured_media":20763,"comment_status":"closed","ping_status":"open","sticky":false,"template":"","format":"standard","meta":{"_jetpack_memberships_contains_paid_content":false,"footnotes":"","jetpack_publicize_message":"","jetpack_publicize_feature_enabled":true,"jetpack_social_post_already_shared":true,"jetpack_social_options":{"image_generator_settings":{"template":"highway","default_image_id":0,"font":"","enabled":false},"version":2}},"categories":[5],"tags":[],"class_list":["post-22548","post","type-post","status-publish","format-standard","has-post-thumbnail","hentry","category-uncategorized"],"jetpack_publicize_connections":[],"jetpack_featured_media_url":"https:\/\/www.cisa-arica.cl\/wp1\/wp-content\/uploads\/2023\/06\/IMG_0232.jpg","jetpack_sharing_enabled":true,"jetpack_shortlink":"https:\/\/wp.me\/p84wcz-5RG","jetpack-related-posts":[{"id":19278,"url":"https:\/\/www.cisa-arica.cl\/wp1\/2023\/02\/28\/entradas-y-salidas-de-clases-2023\/","url_meta":{"origin":22548,"position":0},"title":"ENTRADAS Y SALIDAS DE CLASES 2023","author":"Jeannette Rivera","date":"28 de Febrero de 2023","format":false,"excerpt":"Estimados padres y apoderados: Le damos una cordial bienvenida esperando que en estas vacaciones hayan renovado su energ\u00eda para comenzar un nuevo a\u00f1o escolar junto a nuestra comunidad escolar Colegio Italiano Santa Ana. Las clases, oficialmente, comienzan este viernes 03 de marzo y los horarios de entrada y salida son\u2026","rel":"","context":"Entrada similar ","block_context":{"text":"Entrada similar ","link":""},"img":{"alt_text":"","src":"https:\/\/i0.wp.com\/www.cisa-arica.cl\/wp1\/wp-content\/uploads\/2022\/11\/DSC0963_tonemapped.jpg?resize=350%2C200&ssl=1","width":350,"height":200,"srcset":"https:\/\/i0.wp.com\/www.cisa-arica.cl\/wp1\/wp-content\/uploads\/2022\/11\/DSC0963_tonemapped.jpg?resize=350%2C200&ssl=1 1x, https:\/\/i0.wp.com\/www.cisa-arica.cl\/wp1\/wp-content\/uploads\/2022\/11\/DSC0963_tonemapped.jpg?resize=525%2C300&ssl=1 1.5x, https:\/\/i0.wp.com\/www.cisa-arica.cl\/wp1\/wp-content\/uploads\/2022\/11\/DSC0963_tonemapped.jpg?resize=700%2C400&ssl=1 2x, https:\/\/i0.wp.com\/www.cisa-arica.cl\/wp1\/wp-content\/uploads\/2022\/11\/DSC0963_tonemapped.jpg?resize=1050%2C600&ssl=1 3x, https:\/\/i0.wp.com\/www.cisa-arica.cl\/wp1\/wp-content\/uploads\/2022\/11\/DSC0963_tonemapped.jpg?resize=1400%2C800&ssl=1 4x"},"classes":[]},{"id":27591,"url":"https:\/\/www.cisa-arica.cl\/wp1\/2024\/11\/30\/cambio-en-horario-de-salida\/","url_meta":{"origin":22548,"position":1},"title":"Cambio en horario de salida","author":"Jeannette Rivera","date":"30 de Noviembre de 2024","format":false,"excerpt":"Se recuerda que a partir del Lunes 02 de Diciembre el horario de salida ser\u00e1 a las 13:00 horas para todas las estudiantes. Se mantendr\u00e1 la entrada y salida por 21 de mayo de Educaci\u00f3n Parvularia y Primeros B\u00e1sicos. Esta informaci\u00f3n fue enviada con anticipaci\u00f3n a los correos institucionales de\u2026","rel":"","context":"Entrada similar ","block_context":{"text":"Entrada similar ","link":""},"img":{"alt_text":"","src":"https:\/\/i0.wp.com\/www.cisa-arica.cl\/wp1\/wp-content\/uploads\/2024\/12\/IMG_2575.jpeg?resize=350%2C200&ssl=1","width":350,"height":200,"srcset":"https:\/\/i0.wp.com\/www.cisa-arica.cl\/wp1\/wp-content\/uploads\/2024\/12\/IMG_2575.jpeg?resize=350%2C200&ssl=1 1x, https:\/\/i0.wp.com\/www.cisa-arica.cl\/wp1\/wp-content\/uploads\/2024\/12\/IMG_2575.jpeg?resize=525%2C300&ssl=1 1.5x, https:\/\/i0.wp.com\/www.cisa-arica.cl\/wp1\/wp-content\/uploads\/2024\/12\/IMG_2575.jpeg?resize=700%2C400&ssl=1 2x, https:\/\/i0.wp.com\/www.cisa-arica.cl\/wp1\/wp-content\/uploads\/2024\/12\/IMG_2575.jpeg?resize=1050%2C600&ssl=1 3x"},"classes":[]},{"id":26937,"url":"https:\/\/www.cisa-arica.cl\/wp1\/2024\/10\/11\/informativo-recordatorio\/","url_meta":{"origin":22548,"position":2},"title":"Informativo Recordatorio","author":"Jeannette Rivera","date":"11 de Octubre de 2024","format":false,"excerpt":"Estimados padres y apoderados: Se les recuerda sobre las distintas actividades y horarios programados para los d\u00edas 14, 15 y 16 de octubre: LUNES 14 DE OCTUBRE 2024 Hora de entrada: 07.45 am. Actividad: Pasacalle S\u00d3LO para estudiantes de Educaci\u00f3n Parvularia en horario de 10.30 a 12.00 horas. Hora de\u2026","rel":"","context":"Entrada similar ","block_context":{"text":"Entrada similar ","link":""},"img":{"alt_text":"","src":"https:\/\/i0.wp.com\/www.cisa-arica.cl\/wp1\/wp-content\/uploads\/2024\/10\/WhatsApp-Image-2024-10-11-at-2.10.00-PM.jpeg?resize=350%2C200&ssl=1","width":350,"height":200,"srcset":"https:\/\/i0.wp.com\/www.cisa-arica.cl\/wp1\/wp-content\/uploads\/2024\/10\/WhatsApp-Image-2024-10-11-at-2.10.00-PM.jpeg?resize=350%2C200&ssl=1 1x, https:\/\/i0.wp.com\/www.cisa-arica.cl\/wp1\/wp-content\/uploads\/2024\/10\/WhatsApp-Image-2024-10-11-at-2.10.00-PM.jpeg?resize=525%2C300&ssl=1 1.5x, https:\/\/i0.wp.com\/www.cisa-arica.cl\/wp1\/wp-content\/uploads\/2024\/10\/WhatsApp-Image-2024-10-11-at-2.10.00-PM.jpeg?resize=700%2C400&ssl=1 2x, https:\/\/i0.wp.com\/www.cisa-arica.cl\/wp1\/wp-content\/uploads\/2024\/10\/WhatsApp-Image-2024-10-11-at-2.10.00-PM.jpeg?resize=1050%2C600&ssl=1 3x"},"classes":[]},{"id":26499,"url":"https:\/\/www.cisa-arica.cl\/wp1\/2024\/09\/09\/actividades-viernes-13-09\/","url_meta":{"origin":22548,"position":3},"title":"Actividades Viernes 13-09","author":"Jeannette Rivera","date":"9 de Septiembre de 2024","format":false,"excerpt":"A los padres y apoderados se les informa que este viernes 13 de septiembre, se realizar\u00e1n las siguientes actividades con motivo de la Celebraci\u00f3n de las Fiestas Patrias. Hora de entrada: 7.45 am. El primer bloque de clases las estudiantes tendr\u00e1n CLASES NORMALES. Las estudiantes pueden\u00a0asistir voluntariamente con vestimenta t\u00edpica\u2026","rel":"","context":"Entrada similar ","block_context":{"text":"Entrada similar ","link":""},"img":{"alt_text":"","src":"https:\/\/i0.wp.com\/www.cisa-arica.cl\/wp1\/wp-content\/uploads\/2024\/09\/WhatsApp-Image-2024-09-09-at-4.19.15-PM.jpeg?resize=350%2C200&ssl=1","width":350,"height":200,"srcset":"https:\/\/i0.wp.com\/www.cisa-arica.cl\/wp1\/wp-content\/uploads\/2024\/09\/WhatsApp-Image-2024-09-09-at-4.19.15-PM.jpeg?resize=350%2C200&ssl=1 1x, https:\/\/i0.wp.com\/www.cisa-arica.cl\/wp1\/wp-content\/uploads\/2024\/09\/WhatsApp-Image-2024-09-09-at-4.19.15-PM.jpeg?resize=525%2C300&ssl=1 1.5x, https:\/\/i0.wp.com\/www.cisa-arica.cl\/wp1\/wp-content\/uploads\/2024\/09\/WhatsApp-Image-2024-09-09-at-4.19.15-PM.jpeg?resize=700%2C400&ssl=1 2x, https:\/\/i0.wp.com\/www.cisa-arica.cl\/wp1\/wp-content\/uploads\/2024\/09\/WhatsApp-Image-2024-09-09-at-4.19.15-PM.jpeg?resize=1050%2C600&ssl=1 3x"},"classes":[]},{"id":28816,"url":"https:\/\/www.cisa-arica.cl\/wp1\/2025\/08\/28\/actividades-de-fiestas-patrias-cisa-2025\/","url_meta":{"origin":22548,"position":4},"title":"Actividades de Fiestas Patrias Cisa 2025","author":"Jeannette Rivera","date":"28 de Agosto de 2025","format":false,"excerpt":"A d\u00edas de iniciar el mes de Septiembre, se da a conocer las diferentes actividades que se realizar\u00e1n en el marco de nuestras celebraciones de Fiestas Patrias: \u00a0Martes 02 de septiembre \u2013 Urban Day Solidario Todas las estudiantes pueden asistir con vestimenta ropa de calle desde Pre-K\u00ednder hasta Cuarto Medio,\u2026","rel":"","context":"Entrada similar ","block_context":{"text":"Entrada similar ","link":""},"img":{"alt_text":"","src":"https:\/\/i0.wp.com\/www.cisa-arica.cl\/wp1\/wp-content\/uploads\/2025\/08\/WhatsApp-Image-2025-08-28-at-12.05.44-PM.jpeg?resize=350%2C200&ssl=1","width":350,"height":200,"srcset":"https:\/\/i0.wp.com\/www.cisa-arica.cl\/wp1\/wp-content\/uploads\/2025\/08\/WhatsApp-Image-2025-08-28-at-12.05.44-PM.jpeg?resize=350%2C200&ssl=1 1x, https:\/\/i0.wp.com\/www.cisa-arica.cl\/wp1\/wp-content\/uploads\/2025\/08\/WhatsApp-Image-2025-08-28-at-12.05.44-PM.jpeg?resize=525%2C300&ssl=1 1.5x, https:\/\/i0.wp.com\/www.cisa-arica.cl\/wp1\/wp-content\/uploads\/2025\/08\/WhatsApp-Image-2025-08-28-at-12.05.44-PM.jpeg?resize=700%2C400&ssl=1 2x, https:\/\/i0.wp.com\/www.cisa-arica.cl\/wp1\/wp-content\/uploads\/2025\/08\/WhatsApp-Image-2025-08-28-at-12.05.44-PM.jpeg?resize=1050%2C600&ssl=1 3x"},"classes":[]},{"id":24506,"url":"https:\/\/www.cisa-arica.cl\/wp1\/2024\/03\/04\/horarios-de-entrada-y-salida\/","url_meta":{"origin":22548,"position":5},"title":"Informativo Inicio A\u00f1o Escolar 2024","author":"Jeannette Rivera","date":"4 de Marzo de 2024","format":false,"excerpt":"Estimados padres y apoderados: Se informa que esta primera semana de retorno a clases, la jornada se iniciar\u00e1 a las 07:45 horas y finalizar\u00e1 a las 13:00 horas. Este horario es para TODOS LOS NIVELES. Ma\u00f1ana martes, las estudiantes deben presentarse con su uniforme formal: jumper cuadrill\u00e9 gris, camisa y\u2026","rel":"","context":"Entrada similar ","block_context":{"text":"Entrada similar ","link":""},"img":{"alt_text":"","src":"https:\/\/i0.wp.com\/www.cisa-arica.cl\/wp1\/wp-content\/uploads\/2024\/03\/F67D5EC4-C42F-4EE7-B277-8E970F28171B.jpeg?resize=350%2C200&ssl=1","width":350,"height":200,"srcset":"https:\/\/i0.wp.com\/www.cisa-arica.cl\/wp1\/wp-content\/uploads\/2024\/03\/F67D5EC4-C42F-4EE7-B277-8E970F28171B.jpeg?resize=350%2C200&ssl=1 1x, https:\/\/i0.wp.com\/www.cisa-arica.cl\/wp1\/wp-content\/uploads\/2024\/03\/F67D5EC4-C42F-4EE7-B277-8E970F28171B.jpeg?resize=525%2C300&ssl=1 1.5x, https:\/\/i0.wp.com\/www.cisa-arica.cl\/wp1\/wp-content\/uploads\/2024\/03\/F67D5EC4-C42F-4EE7-B277-8E970F28171B.jpeg?resize=700%2C400&ssl=1 2x"},"classes":[]}],"_links":{"self":[{"href":"https:\/\/www.cisa-arica.cl\/wp1\/wp-json\/wp\/v2\/posts\/22548","targetHints":{"allow":["GET"]}}],"collection":[{"href":"https:\/\/www.cisa-arica.cl\/wp1\/wp-json\/wp\/v2\/posts"}],"about":[{"href":"https:\/\/www.cisa-arica.cl\/wp1\/wp-json\/wp\/v2\/types\/post"}],"author":[{"embeddable":true,"href":"https:\/\/www.cisa-arica.cl\/wp1\/wp-json\/wp\/v2\/users\/5"}],"replies":[{"embeddable":true,"href":"https:\/\/www.cisa-arica.cl\/wp1\/wp-json\/wp\/v2\/comments?post=22548"}],"version-history":[{"count":1,"href":"https:\/\/www.cisa-arica.cl\/wp1\/wp-json\/wp\/v2\/posts\/22548\/revisions"}],"predecessor-version":[{"id":22549,"href":"https:\/\/www.cisa-arica.cl\/wp1\/wp-json\/wp\/v2\/posts\/22548\/revisions\/22549"}],"wp:featuredmedia":[{"embeddable":true,"href":"https:\/\/www.cisa-arica.cl\/wp1\/wp-json\/wp\/v2\/media\/20763"}],"wp:attachment":[{"href":"https:\/\/www.cisa-arica.cl\/wp1\/wp-json\/wp\/v2\/media?parent=22548"}],"wp:term":[{"taxonomy":"category","embeddable":true,"href":"https:\/\/www.cisa-arica.cl\/wp1\/wp-json\/wp\/v2\/categories?post=22548"},{"taxonomy":"post_tag","embeddable":true,"href":"https:\/\/www.cisa-arica.cl\/wp1\/wp-json\/wp\/v2\/tags?post=22548"}],"curies":[{"name":"wp","href":"https:\/\/api.w.org\/{rel}","templated":true}]}}