{"id":22433,"date":"2023-10-01T01:20:00","date_gmt":"2023-10-01T05:20:00","guid":{"rendered":"https:\/\/www.cisa-arica.cl\/wp1\/?p=22433"},"modified":"2023-10-01T02:30:06","modified_gmt":"2023-10-01T06:30:06","slug":"dia-del-asistente-de-la-educacion-2","status":"publish","type":"post","link":"https:\/\/www.cisa-arica.cl\/wp1\/2023\/10\/01\/dia-del-asistente-de-la-educacion-2\/","title":{"rendered":"D\u00eda del Asistente de la Educaci\u00f3n"},"content":{"rendered":"<p>En el a\u00f1o 1993 se instituy\u00f3 el <em>D\u00eda<\/em>&nbsp;de las y los&nbsp;<em>Asistentes de la Educaci\u00f3n<\/em>, el cual se conmemora cada 1 de octubre.. En nuestra Instituci\u00f3n Educativa, cada asistente de la Educaci\u00f3n cumple un importante rol, es por ello, que en&nbsp; este d\u00eda le agradecemos por su servicio y su entrega a diario. Muchas bendiciones para su vida.<\/p>\n<p>\u00a1FELIZ D\u00cdA ASISTENTES DE LA EDUCACI\u00d3N!<\/p>\n<p>&nbsp;<\/p>\n\n\n<div class=\"wp-block-jetpack-tiled-gallery aligncenter is-style-rectangular\"><div class=\"tiled-gallery__gallery\"><div class=\"tiled-gallery__row\"><div class=\"tiled-gallery__col\" style=\"flex-basis:35.18740%\"><figure class=\"tiled-gallery__item\"><img decoding=\"async\" data-attachment-id=\"22434\" data-permalink=\"https:\/\/www.cisa-arica.cl\/wp1\/2023\/10\/01\/dia-del-asistente-de-la-educacion-2\/asistente-de-la-educacion-2\/\" data-orig-file=\"https:\/\/www.cisa-arica.cl\/wp1\/wp-content\/uploads\/2023\/09\/ASISTENTE-DE-LA-EDUCACION.-2.png\" data-orig-size=\"810,450\" data-comments-opened=\"0\" data-image-meta=\"{&quot;aperture&quot;:&quot;0&quot;,&quot;credit&quot;:&quot;&quot;,&quot;camera&quot;:&quot;&quot;,&quot;caption&quot;:&quot;&quot;,&quot;created_timestamp&quot;:&quot;0&quot;,&quot;copyright&quot;:&quot;&quot;,&quot;focal_length&quot;:&quot;0&quot;,&quot;iso&quot;:&quot;0&quot;,&quot;shutter_speed&quot;:&quot;0&quot;,&quot;title&quot;:&quot;&quot;,&quot;orientation&quot;:&quot;0&quot;}\" data-image-title=\"ASISTENTE DE LA EDUCACI\u00d3N. 2\" data-image-description=\"\" data-image-caption=\"\" data-large-file=\"https:\/\/www.cisa-arica.cl\/wp1\/wp-content\/uploads\/2023\/09\/ASISTENTE-DE-LA-EDUCACION.-2-600x333.png\" data-attachment-id=\"22434\" data-permalink=\"https:\/\/www.cisa-arica.cl\/wp1\/2023\/10\/01\/dia-del-asistente-de-la-educacion-2\/asistente-de-la-educacion-2\/\" data-orig-file=\"https:\/\/www.cisa-arica.cl\/wp1\/wp-content\/uploads\/2023\/09\/ASISTENTE-DE-LA-EDUCACION.-2.png\" data-orig-size=\"810,450\" data-comments-opened=\"0\" data-image-meta=\"{&quot;aperture&quot;:&quot;0&quot;,&quot;credit&quot;:&quot;&quot;,&quot;camera&quot;:&quot;&quot;,&quot;caption&quot;:&quot;&quot;,&quot;created_timestamp&quot;:&quot;0&quot;,&quot;copyright&quot;:&quot;&quot;,&quot;focal_length&quot;:&quot;0&quot;,&quot;iso&quot;:&quot;0&quot;,&quot;shutter_speed&quot;:&quot;0&quot;,&quot;title&quot;:&quot;&quot;,&quot;orientation&quot;:&quot;0&quot;}\" data-image-title=\"ASISTENTE DE LA EDUCACI\u00d3N. 2\" data-image-description=\"\" data-image-caption=\"\" data-large-file=\"https:\/\/www.cisa-arica.cl\/wp1\/wp-content\/uploads\/2023\/09\/ASISTENTE-DE-LA-EDUCACION.-2-600x333.png\" role=\"button\" tabindex=\"0\" aria-label=\"Abrir la imagen 1 de 11 en pantalla completa\"srcset=\"https:\/\/i0.wp.com\/www.cisa-arica.cl\/wp1\/wp-content\/uploads\/2023\/09\/ASISTENTE-DE-LA-EDUCACION.-2-600x333.png?strip=info&#038;w=600 600w,https:\/\/i0.wp.com\/www.cisa-arica.cl\/wp1\/wp-content\/uploads\/2023\/09\/ASISTENTE-DE-LA-EDUCACION.-2-600x333.png?strip=info&#038;w=810 810w\" alt=\"\" data-height=\"450\" data-id=\"22434\" data-link=\"https:\/\/www.cisa-arica.cl\/wp1\/?attachment_id=22434\" data-url=\"http:\/\/www.cisa-arica.cl\/wp1\/wp-content\/uploads\/2023\/09\/ASISTENTE-DE-LA-EDUCACION.-2-600x333.png\" data-width=\"810\" src=\"https:\/\/i0.wp.com\/www.cisa-arica.cl\/wp1\/wp-content\/uploads\/2023\/09\/ASISTENTE-DE-LA-EDUCACION.-2-600x333.png\" data-amp-layout=\"responsive\"\/><\/figure><figure class=\"tiled-gallery__item\"><img decoding=\"async\" data-attachment-id=\"22400\" data-permalink=\"https:\/\/www.cisa-arica.cl\/wp1\/2023\/09\/25\/misa-a-la-chilena\/img_3653\/\" data-orig-file=\"https:\/\/www.cisa-arica.cl\/wp1\/wp-content\/uploads\/2023\/09\/IMG_3653.jpg\" data-orig-size=\"2048,1365\" data-comments-opened=\"0\" data-image-meta=\"{&quot;aperture&quot;:&quot;1.4&quot;,&quot;credit&quot;:&quot;Mahadeva Das&quot;,&quot;camera&quot;:&quot;Canon EOS 60D&quot;,&quot;caption&quot;:&quot;&quot;,&quot;created_timestamp&quot;:&quot;1694689527&quot;,&quot;copyright&quot;:&quot;osomahadev@hotmail.com         Funkerrante@Gmail.com&quot;,&quot;focal_length&quot;:&quot;50&quot;,&quot;iso&quot;:&quot;400&quot;,&quot;shutter_speed&quot;:&quot;0.002&quot;,&quot;title&quot;:&quot;&quot;,&quot;orientation&quot;:&quot;0&quot;}\" data-image-title=\"IMG_3653\" data-image-description=\"\" data-image-caption=\"\" data-large-file=\"https:\/\/www.cisa-arica.cl\/wp1\/wp-content\/uploads\/2023\/09\/IMG_3653-600x400.jpg\" data-attachment-id=\"22400\" data-permalink=\"https:\/\/www.cisa-arica.cl\/wp1\/2023\/09\/25\/misa-a-la-chilena\/img_3653\/\" data-orig-file=\"https:\/\/www.cisa-arica.cl\/wp1\/wp-content\/uploads\/2023\/09\/IMG_3653.jpg\" data-orig-size=\"2048,1365\" data-comments-opened=\"0\" data-image-meta=\"{&quot;aperture&quot;:&quot;1.4&quot;,&quot;credit&quot;:&quot;Mahadeva Das&quot;,&quot;camera&quot;:&quot;Canon EOS 60D&quot;,&quot;caption&quot;:&quot;&quot;,&quot;created_timestamp&quot;:&quot;1694689527&quot;,&quot;copyright&quot;:&quot;osomahadev@hotmail.com         Funkerrante@Gmail.com&quot;,&quot;focal_length&quot;:&quot;50&quot;,&quot;iso&quot;:&quot;400&quot;,&quot;shutter_speed&quot;:&quot;0.002&quot;,&quot;title&quot;:&quot;&quot;,&quot;orientation&quot;:&quot;0&quot;}\" data-image-title=\"IMG_3653\" data-image-description=\"\" data-image-caption=\"\" data-large-file=\"https:\/\/www.cisa-arica.cl\/wp1\/wp-content\/uploads\/2023\/09\/IMG_3653-600x400.jpg\" role=\"button\" tabindex=\"0\" aria-label=\"Abrir la imagen 2 de 11 en pantalla completa\"srcset=\"https:\/\/i1.wp.com\/www.cisa-arica.cl\/wp1\/wp-content\/uploads\/2023\/09\/IMG_3653-600x400.jpg?strip=info&#038;w=600 600w,https:\/\/i1.wp.com\/www.cisa-arica.cl\/wp1\/wp-content\/uploads\/2023\/09\/IMG_3653-600x400.jpg?strip=info&#038;w=900 900w,https:\/\/i1.wp.com\/www.cisa-arica.cl\/wp1\/wp-content\/uploads\/2023\/09\/IMG_3653-600x400.jpg?strip=info&#038;w=1200 1200w,https:\/\/i1.wp.com\/www.cisa-arica.cl\/wp1\/wp-content\/uploads\/2023\/09\/IMG_3653-600x400.jpg?strip=info&#038;w=1500 1500w,https:\/\/i1.wp.com\/www.cisa-arica.cl\/wp1\/wp-content\/uploads\/2023\/09\/IMG_3653-600x400.jpg?strip=info&#038;w=1800 1800w,https:\/\/i1.wp.com\/www.cisa-arica.cl\/wp1\/wp-content\/uploads\/2023\/09\/IMG_3653-600x400.jpg?strip=info&#038;w=2000 2000w\" alt=\"\" data-height=\"1365\" data-id=\"22400\" data-link=\"https:\/\/www.cisa-arica.cl\/wp1\/2023\/09\/25\/misa-a-la-chilena\/img_3653\/\" data-url=\"http:\/\/www.cisa-arica.cl\/wp1\/wp-content\/uploads\/2023\/09\/IMG_3653-600x400.jpg\" data-width=\"2048\" src=\"https:\/\/i1.wp.com\/www.cisa-arica.cl\/wp1\/wp-content\/uploads\/2023\/09\/IMG_3653-600x400.jpg\" data-amp-layout=\"responsive\"\/><\/figure><\/div><div class=\"tiled-gallery__col\" style=\"flex-basis:64.81260%\"><figure class=\"tiled-gallery__item\"><img decoding=\"async\" data-attachment-id=\"22401\" data-permalink=\"https:\/\/www.cisa-arica.cl\/wp1\/2023\/09\/25\/misa-a-la-chilena\/img_3657\/\" data-orig-file=\"https:\/\/www.cisa-arica.cl\/wp1\/wp-content\/uploads\/2023\/09\/IMG_3657.jpg\" data-orig-size=\"2048,1365\" data-comments-opened=\"0\" data-image-meta=\"{&quot;aperture&quot;:&quot;1.4&quot;,&quot;credit&quot;:&quot;Mahadeva Das&quot;,&quot;camera&quot;:&quot;Canon EOS 60D&quot;,&quot;caption&quot;:&quot;&quot;,&quot;created_timestamp&quot;:&quot;1694689597&quot;,&quot;copyright&quot;:&quot;osomahadev@hotmail.com         Funkerrante@Gmail.com&quot;,&quot;focal_length&quot;:&quot;50&quot;,&quot;iso&quot;:&quot;400&quot;,&quot;shutter_speed&quot;:&quot;0.0015625&quot;,&quot;title&quot;:&quot;&quot;,&quot;orientation&quot;:&quot;0&quot;}\" data-image-title=\"IMG_3657\" data-image-description=\"\" data-image-caption=\"\" data-large-file=\"https:\/\/www.cisa-arica.cl\/wp1\/wp-content\/uploads\/2023\/09\/IMG_3657-600x400.jpg\" data-attachment-id=\"22401\" data-permalink=\"https:\/\/www.cisa-arica.cl\/wp1\/2023\/09\/25\/misa-a-la-chilena\/img_3657\/\" data-orig-file=\"https:\/\/www.cisa-arica.cl\/wp1\/wp-content\/uploads\/2023\/09\/IMG_3657.jpg\" data-orig-size=\"2048,1365\" data-comments-opened=\"0\" data-image-meta=\"{&quot;aperture&quot;:&quot;1.4&quot;,&quot;credit&quot;:&quot;Mahadeva Das&quot;,&quot;camera&quot;:&quot;Canon EOS 60D&quot;,&quot;caption&quot;:&quot;&quot;,&quot;created_timestamp&quot;:&quot;1694689597&quot;,&quot;copyright&quot;:&quot;osomahadev@hotmail.com         Funkerrante@Gmail.com&quot;,&quot;focal_length&quot;:&quot;50&quot;,&quot;iso&quot;:&quot;400&quot;,&quot;shutter_speed&quot;:&quot;0.0015625&quot;,&quot;title&quot;:&quot;&quot;,&quot;orientation&quot;:&quot;0&quot;}\" data-image-title=\"IMG_3657\" data-image-description=\"\" data-image-caption=\"\" data-large-file=\"https:\/\/www.cisa-arica.cl\/wp1\/wp-content\/uploads\/2023\/09\/IMG_3657-600x400.jpg\" role=\"button\" tabindex=\"0\" aria-label=\"Abrir la imagen 3 de 11 en pantalla completa\"srcset=\"https:\/\/i0.wp.com\/www.cisa-arica.cl\/wp1\/wp-content\/uploads\/2023\/09\/IMG_3657-600x400.jpg?strip=info&#038;w=600 600w,https:\/\/i0.wp.com\/www.cisa-arica.cl\/wp1\/wp-content\/uploads\/2023\/09\/IMG_3657-600x400.jpg?strip=info&#038;w=900 900w,https:\/\/i0.wp.com\/www.cisa-arica.cl\/wp1\/wp-content\/uploads\/2023\/09\/IMG_3657-600x400.jpg?strip=info&#038;w=1200 1200w,https:\/\/i0.wp.com\/www.cisa-arica.cl\/wp1\/wp-content\/uploads\/2023\/09\/IMG_3657-600x400.jpg?strip=info&#038;w=1500 1500w,https:\/\/i0.wp.com\/www.cisa-arica.cl\/wp1\/wp-content\/uploads\/2023\/09\/IMG_3657-600x400.jpg?strip=info&#038;w=1800 1800w,https:\/\/i0.wp.com\/www.cisa-arica.cl\/wp1\/wp-content\/uploads\/2023\/09\/IMG_3657-600x400.jpg?strip=info&#038;w=2000 2000w\" alt=\"\" data-height=\"1365\" data-id=\"22401\" data-link=\"https:\/\/www.cisa-arica.cl\/wp1\/2023\/09\/25\/misa-a-la-chilena\/img_3657\/\" data-url=\"http:\/\/www.cisa-arica.cl\/wp1\/wp-content\/uploads\/2023\/09\/IMG_3657-600x400.jpg\" data-width=\"2048\" src=\"https:\/\/i0.wp.com\/www.cisa-arica.cl\/wp1\/wp-content\/uploads\/2023\/09\/IMG_3657-600x400.jpg\" data-amp-layout=\"responsive\"\/><\/figure><\/div><\/div><div class=\"tiled-gallery__row\"><div class=\"tiled-gallery__col\" style=\"flex-basis:50.01096%\"><figure class=\"tiled-gallery__item\"><img decoding=\"async\" data-attachment-id=\"22252\" data-permalink=\"https:\/\/www.cisa-arica.cl\/wp1\/2023\/09\/11\/kermesse-cisa-2023\/056-1\/\" data-orig-file=\"https:\/\/www.cisa-arica.cl\/wp1\/wp-content\/uploads\/2023\/09\/056-1.jpg\" data-orig-size=\"2048,1365\" data-comments-opened=\"0\" data-image-meta=\"{&quot;aperture&quot;:&quot;1.4&quot;,&quot;credit&quot;:&quot;Mahadeva Das&quot;,&quot;camera&quot;:&quot;Canon EOS 60D&quot;,&quot;caption&quot;:&quot;&quot;,&quot;created_timestamp&quot;:&quot;1694278926&quot;,&quot;copyright&quot;:&quot;osomahadev@hotmail.com         Funkerrante@Gmail.com&quot;,&quot;focal_length&quot;:&quot;50&quot;,&quot;iso&quot;:&quot;800&quot;,&quot;shutter_speed&quot;:&quot;0.0004&quot;,&quot;title&quot;:&quot;&quot;,&quot;orientation&quot;:&quot;0&quot;}\" data-image-title=\"056-1\" data-image-description=\"\" data-image-caption=\"\" data-large-file=\"https:\/\/www.cisa-arica.cl\/wp1\/wp-content\/uploads\/2023\/09\/056-1-600x400.jpg\" data-attachment-id=\"22252\" data-permalink=\"https:\/\/www.cisa-arica.cl\/wp1\/2023\/09\/11\/kermesse-cisa-2023\/056-1\/\" data-orig-file=\"https:\/\/www.cisa-arica.cl\/wp1\/wp-content\/uploads\/2023\/09\/056-1.jpg\" data-orig-size=\"2048,1365\" data-comments-opened=\"0\" data-image-meta=\"{&quot;aperture&quot;:&quot;1.4&quot;,&quot;credit&quot;:&quot;Mahadeva Das&quot;,&quot;camera&quot;:&quot;Canon EOS 60D&quot;,&quot;caption&quot;:&quot;&quot;,&quot;created_timestamp&quot;:&quot;1694278926&quot;,&quot;copyright&quot;:&quot;osomahadev@hotmail.com         Funkerrante@Gmail.com&quot;,&quot;focal_length&quot;:&quot;50&quot;,&quot;iso&quot;:&quot;800&quot;,&quot;shutter_speed&quot;:&quot;0.0004&quot;,&quot;title&quot;:&quot;&quot;,&quot;orientation&quot;:&quot;0&quot;}\" data-image-title=\"056-1\" data-image-description=\"\" data-image-caption=\"\" data-large-file=\"https:\/\/www.cisa-arica.cl\/wp1\/wp-content\/uploads\/2023\/09\/056-1-600x400.jpg\" role=\"button\" tabindex=\"0\" aria-label=\"Abrir la imagen 4 de 11 en pantalla completa\"srcset=\"https:\/\/i1.wp.com\/www.cisa-arica.cl\/wp1\/wp-content\/uploads\/2023\/09\/056-1-600x400.jpg?strip=info&#038;w=600 600w,https:\/\/i1.wp.com\/www.cisa-arica.cl\/wp1\/wp-content\/uploads\/2023\/09\/056-1-600x400.jpg?strip=info&#038;w=900 900w,https:\/\/i1.wp.com\/www.cisa-arica.cl\/wp1\/wp-content\/uploads\/2023\/09\/056-1-600x400.jpg?strip=info&#038;w=1200 1200w,https:\/\/i1.wp.com\/www.cisa-arica.cl\/wp1\/wp-content\/uploads\/2023\/09\/056-1-600x400.jpg?strip=info&#038;w=1500 1500w,https:\/\/i1.wp.com\/www.cisa-arica.cl\/wp1\/wp-content\/uploads\/2023\/09\/056-1-600x400.jpg?strip=info&#038;w=1800 1800w,https:\/\/i1.wp.com\/www.cisa-arica.cl\/wp1\/wp-content\/uploads\/2023\/09\/056-1-600x400.jpg?strip=info&#038;w=2000 2000w\" alt=\"\" data-height=\"1365\" data-id=\"22252\" data-link=\"https:\/\/www.cisa-arica.cl\/wp1\/2023\/09\/11\/kermesse-cisa-2023\/056-1\/\" data-url=\"http:\/\/www.cisa-arica.cl\/wp1\/wp-content\/uploads\/2023\/09\/056-1-600x400.jpg\" data-width=\"2048\" src=\"https:\/\/i1.wp.com\/www.cisa-arica.cl\/wp1\/wp-content\/uploads\/2023\/09\/056-1-600x400.jpg\" data-amp-layout=\"responsive\"\/><\/figure><\/div><div class=\"tiled-gallery__col\" style=\"flex-basis:49.98904%\"><figure class=\"tiled-gallery__item\"><img decoding=\"async\" data-attachment-id=\"21598\" data-permalink=\"https:\/\/www.cisa-arica.cl\/wp1\/2023\/07\/28\/aniversario-no89-actividades-jueves-27-07\/img_2481-1\/\" data-orig-file=\"https:\/\/www.cisa-arica.cl\/wp1\/wp-content\/uploads\/2023\/08\/IMG_2481-1-scaled.jpg\" data-orig-size=\"2560,1707\" data-comments-opened=\"0\" data-image-meta=\"{&quot;aperture&quot;:&quot;1.4&quot;,&quot;credit&quot;:&quot;Mahadeva Das&quot;,&quot;camera&quot;:&quot;Canon EOS 60D&quot;,&quot;caption&quot;:&quot;&quot;,&quot;created_timestamp&quot;:&quot;1690473868&quot;,&quot;copyright&quot;:&quot;osomahadev@hotmail.com         Funkerrante@Gmail.com&quot;,&quot;focal_length&quot;:&quot;50&quot;,&quot;iso&quot;:&quot;200&quot;,&quot;shutter_speed&quot;:&quot;0.0015625&quot;,&quot;title&quot;:&quot;&quot;,&quot;orientation&quot;:&quot;1&quot;}\" data-image-title=\"IMG_2481-1\" data-image-description=\"\" data-image-caption=\"\" data-large-file=\"https:\/\/www.cisa-arica.cl\/wp1\/wp-content\/uploads\/2023\/08\/IMG_2481-1-600x400.jpg\" data-attachment-id=\"21598\" data-permalink=\"https:\/\/www.cisa-arica.cl\/wp1\/2023\/07\/28\/aniversario-no89-actividades-jueves-27-07\/img_2481-1\/\" data-orig-file=\"https:\/\/www.cisa-arica.cl\/wp1\/wp-content\/uploads\/2023\/08\/IMG_2481-1-scaled.jpg\" data-orig-size=\"2560,1707\" data-comments-opened=\"0\" data-image-meta=\"{&quot;aperture&quot;:&quot;1.4&quot;,&quot;credit&quot;:&quot;Mahadeva Das&quot;,&quot;camera&quot;:&quot;Canon EOS 60D&quot;,&quot;caption&quot;:&quot;&quot;,&quot;created_timestamp&quot;:&quot;1690473868&quot;,&quot;copyright&quot;:&quot;osomahadev@hotmail.com         Funkerrante@Gmail.com&quot;,&quot;focal_length&quot;:&quot;50&quot;,&quot;iso&quot;:&quot;200&quot;,&quot;shutter_speed&quot;:&quot;0.0015625&quot;,&quot;title&quot;:&quot;&quot;,&quot;orientation&quot;:&quot;1&quot;}\" data-image-title=\"IMG_2481-1\" data-image-description=\"\" data-image-caption=\"\" data-large-file=\"https:\/\/www.cisa-arica.cl\/wp1\/wp-content\/uploads\/2023\/08\/IMG_2481-1-600x400.jpg\" role=\"button\" tabindex=\"0\" aria-label=\"Abrir la imagen 5 de 11 en pantalla completa\"srcset=\"https:\/\/i1.wp.com\/www.cisa-arica.cl\/wp1\/wp-content\/uploads\/2023\/08\/IMG_2481-1-600x400.jpg?strip=info&#038;w=600 600w,https:\/\/i1.wp.com\/www.cisa-arica.cl\/wp1\/wp-content\/uploads\/2023\/08\/IMG_2481-1-600x400.jpg?strip=info&#038;w=900 900w,https:\/\/i1.wp.com\/www.cisa-arica.cl\/wp1\/wp-content\/uploads\/2023\/08\/IMG_2481-1-600x400.jpg?strip=info&#038;w=1200 1200w,https:\/\/i1.wp.com\/www.cisa-arica.cl\/wp1\/wp-content\/uploads\/2023\/08\/IMG_2481-1-600x400.jpg?strip=info&#038;w=1500 1500w,https:\/\/i1.wp.com\/www.cisa-arica.cl\/wp1\/wp-content\/uploads\/2023\/08\/IMG_2481-1-600x400.jpg?strip=info&#038;w=1800 1800w,https:\/\/i1.wp.com\/www.cisa-arica.cl\/wp1\/wp-content\/uploads\/2023\/08\/IMG_2481-1-600x400.jpg?strip=info&#038;w=2000 2000w\" alt=\"\" data-height=\"1707\" data-id=\"21598\" data-link=\"https:\/\/www.cisa-arica.cl\/wp1\/2023\/07\/28\/aniversario-no89-actividades-jueves-27-07\/img_2481-1\/\" data-url=\"http:\/\/www.cisa-arica.cl\/wp1\/wp-content\/uploads\/2023\/08\/IMG_2481-1-600x400.jpg\" data-width=\"2560\" src=\"https:\/\/i1.wp.com\/www.cisa-arica.cl\/wp1\/wp-content\/uploads\/2023\/08\/IMG_2481-1-600x400.jpg\" data-amp-layout=\"responsive\"\/><\/figure><\/div><\/div><div class=\"tiled-gallery__row\"><div class=\"tiled-gallery__col\" style=\"flex-basis:16.68676%\"><figure class=\"tiled-gallery__item\"><img decoding=\"async\" data-attachment-id=\"21150\" data-permalink=\"https:\/\/www.cisa-arica.cl\/wp1\/2023\/06\/25\/dia-de-la-familia\/a5fe3271-6cf7-40fc-ba01-aa9b0cf9c0b4\/\" data-orig-file=\"https:\/\/www.cisa-arica.cl\/wp1\/wp-content\/uploads\/2023\/06\/A5FE3271-6CF7-40FC-BA01-AA9B0CF9C0B4.jpeg\" data-orig-size=\"720,1600\" data-comments-opened=\"0\" data-image-meta=\"{&quot;aperture&quot;:&quot;0&quot;,&quot;credit&quot;:&quot;&quot;,&quot;camera&quot;:&quot;&quot;,&quot;caption&quot;:&quot;&quot;,&quot;created_timestamp&quot;:&quot;0&quot;,&quot;copyright&quot;:&quot;&quot;,&quot;focal_length&quot;:&quot;0&quot;,&quot;iso&quot;:&quot;0&quot;,&quot;shutter_speed&quot;:&quot;0&quot;,&quot;title&quot;:&quot;&quot;,&quot;orientation&quot;:&quot;0&quot;}\" data-image-title=\"A5FE3271-6CF7-40FC-BA01-AA9B0CF9C0B4\" data-image-description=\"\" data-image-caption=\"\" data-large-file=\"https:\/\/www.cisa-arica.cl\/wp1\/wp-content\/uploads\/2023\/06\/A5FE3271-6CF7-40FC-BA01-AA9B0CF9C0B4-270x600.jpeg\" data-attachment-id=\"21150\" data-permalink=\"https:\/\/www.cisa-arica.cl\/wp1\/2023\/06\/25\/dia-de-la-familia\/a5fe3271-6cf7-40fc-ba01-aa9b0cf9c0b4\/\" data-orig-file=\"https:\/\/www.cisa-arica.cl\/wp1\/wp-content\/uploads\/2023\/06\/A5FE3271-6CF7-40FC-BA01-AA9B0CF9C0B4.jpeg\" data-orig-size=\"720,1600\" data-comments-opened=\"0\" data-image-meta=\"{&quot;aperture&quot;:&quot;0&quot;,&quot;credit&quot;:&quot;&quot;,&quot;camera&quot;:&quot;&quot;,&quot;caption&quot;:&quot;&quot;,&quot;created_timestamp&quot;:&quot;0&quot;,&quot;copyright&quot;:&quot;&quot;,&quot;focal_length&quot;:&quot;0&quot;,&quot;iso&quot;:&quot;0&quot;,&quot;shutter_speed&quot;:&quot;0&quot;,&quot;title&quot;:&quot;&quot;,&quot;orientation&quot;:&quot;0&quot;}\" data-image-title=\"A5FE3271-6CF7-40FC-BA01-AA9B0CF9C0B4\" data-image-description=\"\" data-image-caption=\"\" data-large-file=\"https:\/\/www.cisa-arica.cl\/wp1\/wp-content\/uploads\/2023\/06\/A5FE3271-6CF7-40FC-BA01-AA9B0CF9C0B4-270x600.jpeg\" role=\"button\" tabindex=\"0\" aria-label=\"Abrir la imagen 6 de 11 en pantalla completa\"srcset=\"https:\/\/i0.wp.com\/www.cisa-arica.cl\/wp1\/wp-content\/uploads\/2023\/06\/A5FE3271-6CF7-40FC-BA01-AA9B0CF9C0B4-270x600.jpeg?strip=info&#038;w=600 600w,https:\/\/i0.wp.com\/www.cisa-arica.cl\/wp1\/wp-content\/uploads\/2023\/06\/A5FE3271-6CF7-40FC-BA01-AA9B0CF9C0B4-270x600.jpeg?strip=info&#038;w=720 720w\" alt=\"\" data-height=\"1600\" data-id=\"21150\" data-link=\"https:\/\/www.cisa-arica.cl\/wp1\/2023\/06\/25\/dia-de-la-familia\/a5fe3271-6cf7-40fc-ba01-aa9b0cf9c0b4\/\" data-url=\"http:\/\/www.cisa-arica.cl\/wp1\/wp-content\/uploads\/2023\/06\/A5FE3271-6CF7-40FC-BA01-AA9B0CF9C0B4-270x600.jpeg\" data-width=\"720\" src=\"https:\/\/i0.wp.com\/www.cisa-arica.cl\/wp1\/wp-content\/uploads\/2023\/06\/A5FE3271-6CF7-40FC-BA01-AA9B0CF9C0B4-270x600.jpeg\" data-amp-layout=\"responsive\"\/><\/figure><\/div><div class=\"tiled-gallery__col\" style=\"flex-basis:27.77108%\"><figure class=\"tiled-gallery__item\"><img decoding=\"async\" data-attachment-id=\"21100\" data-permalink=\"https:\/\/www.cisa-arica.cl\/wp1\/2023\/06\/25\/dia-de-la-familia\/532bf578-65b5-4fd8-b803-489e43431b84\/\" data-orig-file=\"https:\/\/www.cisa-arica.cl\/wp1\/wp-content\/uploads\/2023\/06\/532BF578-65B5-4FD8-B803-489E43431B84-scaled.jpeg\" data-orig-size=\"1920,2560\" data-comments-opened=\"0\" data-image-meta=\"{&quot;aperture&quot;:&quot;0&quot;,&quot;credit&quot;:&quot;&quot;,&quot;camera&quot;:&quot;&quot;,&quot;caption&quot;:&quot;&quot;,&quot;created_timestamp&quot;:&quot;0&quot;,&quot;copyright&quot;:&quot;&quot;,&quot;focal_length&quot;:&quot;0&quot;,&quot;iso&quot;:&quot;0&quot;,&quot;shutter_speed&quot;:&quot;0&quot;,&quot;title&quot;:&quot;&quot;,&quot;orientation&quot;:&quot;1&quot;}\" data-image-title=\"532BF578-65B5-4FD8-B803-489E43431B84\" data-image-description=\"\" data-image-caption=\"\" data-large-file=\"https:\/\/www.cisa-arica.cl\/wp1\/wp-content\/uploads\/2023\/06\/532BF578-65B5-4FD8-B803-489E43431B84-450x600.jpeg\" data-attachment-id=\"21100\" data-permalink=\"https:\/\/www.cisa-arica.cl\/wp1\/2023\/06\/25\/dia-de-la-familia\/532bf578-65b5-4fd8-b803-489e43431b84\/\" data-orig-file=\"https:\/\/www.cisa-arica.cl\/wp1\/wp-content\/uploads\/2023\/06\/532BF578-65B5-4FD8-B803-489E43431B84-scaled.jpeg\" data-orig-size=\"1920,2560\" data-comments-opened=\"0\" data-image-meta=\"{&quot;aperture&quot;:&quot;0&quot;,&quot;credit&quot;:&quot;&quot;,&quot;camera&quot;:&quot;&quot;,&quot;caption&quot;:&quot;&quot;,&quot;created_timestamp&quot;:&quot;0&quot;,&quot;copyright&quot;:&quot;&quot;,&quot;focal_length&quot;:&quot;0&quot;,&quot;iso&quot;:&quot;0&quot;,&quot;shutter_speed&quot;:&quot;0&quot;,&quot;title&quot;:&quot;&quot;,&quot;orientation&quot;:&quot;1&quot;}\" data-image-title=\"532BF578-65B5-4FD8-B803-489E43431B84\" data-image-description=\"\" data-image-caption=\"\" data-large-file=\"https:\/\/www.cisa-arica.cl\/wp1\/wp-content\/uploads\/2023\/06\/532BF578-65B5-4FD8-B803-489E43431B84-450x600.jpeg\" role=\"button\" tabindex=\"0\" aria-label=\"Abrir la imagen 7 de 11 en pantalla completa\"srcset=\"https:\/\/i1.wp.com\/www.cisa-arica.cl\/wp1\/wp-content\/uploads\/2023\/06\/532BF578-65B5-4FD8-B803-489E43431B84-450x600.jpeg?strip=info&#038;w=600 600w,https:\/\/i1.wp.com\/www.cisa-arica.cl\/wp1\/wp-content\/uploads\/2023\/06\/532BF578-65B5-4FD8-B803-489E43431B84-450x600.jpeg?strip=info&#038;w=900 900w,https:\/\/i1.wp.com\/www.cisa-arica.cl\/wp1\/wp-content\/uploads\/2023\/06\/532BF578-65B5-4FD8-B803-489E43431B84-450x600.jpeg?strip=info&#038;w=1200 1200w,https:\/\/i1.wp.com\/www.cisa-arica.cl\/wp1\/wp-content\/uploads\/2023\/06\/532BF578-65B5-4FD8-B803-489E43431B84-450x600.jpeg?strip=info&#038;w=1500 1500w,https:\/\/i1.wp.com\/www.cisa-arica.cl\/wp1\/wp-content\/uploads\/2023\/06\/532BF578-65B5-4FD8-B803-489E43431B84-450x600.jpeg?strip=info&#038;w=1800 1800w,https:\/\/i1.wp.com\/www.cisa-arica.cl\/wp1\/wp-content\/uploads\/2023\/06\/532BF578-65B5-4FD8-B803-489E43431B84-450x600.jpeg?strip=info&#038;w=1920 1920w\" alt=\"\" data-height=\"2560\" data-id=\"21100\" data-link=\"https:\/\/www.cisa-arica.cl\/wp1\/2023\/06\/25\/dia-de-la-familia\/532bf578-65b5-4fd8-b803-489e43431b84\/\" data-url=\"http:\/\/www.cisa-arica.cl\/wp1\/wp-content\/uploads\/2023\/06\/532BF578-65B5-4FD8-B803-489E43431B84-450x600.jpeg\" data-width=\"1920\" src=\"https:\/\/i1.wp.com\/www.cisa-arica.cl\/wp1\/wp-content\/uploads\/2023\/06\/532BF578-65B5-4FD8-B803-489E43431B84-450x600.jpeg\" data-amp-layout=\"responsive\"\/><\/figure><\/div><div class=\"tiled-gallery__col\" style=\"flex-basis:27.77108%\"><figure class=\"tiled-gallery__item\"><img decoding=\"async\" data-attachment-id=\"21082\" data-permalink=\"https:\/\/www.cisa-arica.cl\/wp1\/2023\/06\/25\/dia-de-la-familia\/f219af87-cd14-4852-9952-94ce9b5acaa2\/\" data-orig-file=\"https:\/\/www.cisa-arica.cl\/wp1\/wp-content\/uploads\/2023\/06\/F219AF87-CD14-4852-9952-94CE9B5ACAA2-scaled.jpeg\" data-orig-size=\"1920,2560\" data-comments-opened=\"0\" data-image-meta=\"{&quot;aperture&quot;:&quot;0&quot;,&quot;credit&quot;:&quot;&quot;,&quot;camera&quot;:&quot;&quot;,&quot;caption&quot;:&quot;&quot;,&quot;created_timestamp&quot;:&quot;0&quot;,&quot;copyright&quot;:&quot;&quot;,&quot;focal_length&quot;:&quot;0&quot;,&quot;iso&quot;:&quot;0&quot;,&quot;shutter_speed&quot;:&quot;0&quot;,&quot;title&quot;:&quot;&quot;,&quot;orientation&quot;:&quot;1&quot;}\" data-image-title=\"F219AF87-CD14-4852-9952-94CE9B5ACAA2\" data-image-description=\"\" data-image-caption=\"\" data-large-file=\"https:\/\/www.cisa-arica.cl\/wp1\/wp-content\/uploads\/2023\/06\/F219AF87-CD14-4852-9952-94CE9B5ACAA2-450x600.jpeg\" data-attachment-id=\"21082\" data-permalink=\"https:\/\/www.cisa-arica.cl\/wp1\/2023\/06\/25\/dia-de-la-familia\/f219af87-cd14-4852-9952-94ce9b5acaa2\/\" data-orig-file=\"https:\/\/www.cisa-arica.cl\/wp1\/wp-content\/uploads\/2023\/06\/F219AF87-CD14-4852-9952-94CE9B5ACAA2-scaled.jpeg\" data-orig-size=\"1920,2560\" data-comments-opened=\"0\" data-image-meta=\"{&quot;aperture&quot;:&quot;0&quot;,&quot;credit&quot;:&quot;&quot;,&quot;camera&quot;:&quot;&quot;,&quot;caption&quot;:&quot;&quot;,&quot;created_timestamp&quot;:&quot;0&quot;,&quot;copyright&quot;:&quot;&quot;,&quot;focal_length&quot;:&quot;0&quot;,&quot;iso&quot;:&quot;0&quot;,&quot;shutter_speed&quot;:&quot;0&quot;,&quot;title&quot;:&quot;&quot;,&quot;orientation&quot;:&quot;1&quot;}\" data-image-title=\"F219AF87-CD14-4852-9952-94CE9B5ACAA2\" data-image-description=\"\" data-image-caption=\"\" data-large-file=\"https:\/\/www.cisa-arica.cl\/wp1\/wp-content\/uploads\/2023\/06\/F219AF87-CD14-4852-9952-94CE9B5ACAA2-450x600.jpeg\" role=\"button\" tabindex=\"0\" aria-label=\"Abrir la imagen 8 de 11 en pantalla completa\"srcset=\"https:\/\/i1.wp.com\/www.cisa-arica.cl\/wp1\/wp-content\/uploads\/2023\/06\/F219AF87-CD14-4852-9952-94CE9B5ACAA2-450x600.jpeg?strip=info&#038;w=600 600w,https:\/\/i1.wp.com\/www.cisa-arica.cl\/wp1\/wp-content\/uploads\/2023\/06\/F219AF87-CD14-4852-9952-94CE9B5ACAA2-450x600.jpeg?strip=info&#038;w=900 900w,https:\/\/i1.wp.com\/www.cisa-arica.cl\/wp1\/wp-content\/uploads\/2023\/06\/F219AF87-CD14-4852-9952-94CE9B5ACAA2-450x600.jpeg?strip=info&#038;w=1200 1200w,https:\/\/i1.wp.com\/www.cisa-arica.cl\/wp1\/wp-content\/uploads\/2023\/06\/F219AF87-CD14-4852-9952-94CE9B5ACAA2-450x600.jpeg?strip=info&#038;w=1500 1500w,https:\/\/i1.wp.com\/www.cisa-arica.cl\/wp1\/wp-content\/uploads\/2023\/06\/F219AF87-CD14-4852-9952-94CE9B5ACAA2-450x600.jpeg?strip=info&#038;w=1800 1800w,https:\/\/i1.wp.com\/www.cisa-arica.cl\/wp1\/wp-content\/uploads\/2023\/06\/F219AF87-CD14-4852-9952-94CE9B5ACAA2-450x600.jpeg?strip=info&#038;w=1920 1920w\" alt=\"\" data-height=\"2560\" data-id=\"21082\" data-link=\"https:\/\/www.cisa-arica.cl\/wp1\/2023\/06\/25\/dia-de-la-familia\/f219af87-cd14-4852-9952-94ce9b5acaa2\/\" data-url=\"http:\/\/www.cisa-arica.cl\/wp1\/wp-content\/uploads\/2023\/06\/F219AF87-CD14-4852-9952-94CE9B5ACAA2-450x600.jpeg\" data-width=\"1920\" src=\"https:\/\/i1.wp.com\/www.cisa-arica.cl\/wp1\/wp-content\/uploads\/2023\/06\/F219AF87-CD14-4852-9952-94CE9B5ACAA2-450x600.jpeg\" data-amp-layout=\"responsive\"\/><\/figure><\/div><div class=\"tiled-gallery__col\" style=\"flex-basis:27.77108%\"><figure class=\"tiled-gallery__item\"><img decoding=\"async\" data-attachment-id=\"21080\" data-permalink=\"https:\/\/www.cisa-arica.cl\/wp1\/2023\/06\/25\/dia-de-la-familia\/d85e0a96-fa21-4ec7-be28-212039019ec8\/\" data-orig-file=\"https:\/\/www.cisa-arica.cl\/wp1\/wp-content\/uploads\/2023\/06\/D85E0A96-FA21-4EC7-BE28-212039019EC8-scaled.jpeg\" data-orig-size=\"1920,2560\" data-comments-opened=\"0\" data-image-meta=\"{&quot;aperture&quot;:&quot;0&quot;,&quot;credit&quot;:&quot;&quot;,&quot;camera&quot;:&quot;&quot;,&quot;caption&quot;:&quot;&quot;,&quot;created_timestamp&quot;:&quot;0&quot;,&quot;copyright&quot;:&quot;&quot;,&quot;focal_length&quot;:&quot;0&quot;,&quot;iso&quot;:&quot;0&quot;,&quot;shutter_speed&quot;:&quot;0&quot;,&quot;title&quot;:&quot;&quot;,&quot;orientation&quot;:&quot;1&quot;}\" data-image-title=\"D85E0A96-FA21-4EC7-BE28-212039019EC8\" data-image-description=\"\" data-image-caption=\"\" data-large-file=\"https:\/\/www.cisa-arica.cl\/wp1\/wp-content\/uploads\/2023\/06\/D85E0A96-FA21-4EC7-BE28-212039019EC8-450x600.jpeg\" data-attachment-id=\"21080\" data-permalink=\"https:\/\/www.cisa-arica.cl\/wp1\/2023\/06\/25\/dia-de-la-familia\/d85e0a96-fa21-4ec7-be28-212039019ec8\/\" data-orig-file=\"https:\/\/www.cisa-arica.cl\/wp1\/wp-content\/uploads\/2023\/06\/D85E0A96-FA21-4EC7-BE28-212039019EC8-scaled.jpeg\" data-orig-size=\"1920,2560\" data-comments-opened=\"0\" data-image-meta=\"{&quot;aperture&quot;:&quot;0&quot;,&quot;credit&quot;:&quot;&quot;,&quot;camera&quot;:&quot;&quot;,&quot;caption&quot;:&quot;&quot;,&quot;created_timestamp&quot;:&quot;0&quot;,&quot;copyright&quot;:&quot;&quot;,&quot;focal_length&quot;:&quot;0&quot;,&quot;iso&quot;:&quot;0&quot;,&quot;shutter_speed&quot;:&quot;0&quot;,&quot;title&quot;:&quot;&quot;,&quot;orientation&quot;:&quot;1&quot;}\" data-image-title=\"D85E0A96-FA21-4EC7-BE28-212039019EC8\" data-image-description=\"\" data-image-caption=\"\" data-large-file=\"https:\/\/www.cisa-arica.cl\/wp1\/wp-content\/uploads\/2023\/06\/D85E0A96-FA21-4EC7-BE28-212039019EC8-450x600.jpeg\" role=\"button\" tabindex=\"0\" aria-label=\"Abrir la imagen 9 de 11 en pantalla completa\"srcset=\"https:\/\/i0.wp.com\/www.cisa-arica.cl\/wp1\/wp-content\/uploads\/2023\/06\/D85E0A96-FA21-4EC7-BE28-212039019EC8-450x600.jpeg?strip=info&#038;w=600 600w,https:\/\/i0.wp.com\/www.cisa-arica.cl\/wp1\/wp-content\/uploads\/2023\/06\/D85E0A96-FA21-4EC7-BE28-212039019EC8-450x600.jpeg?strip=info&#038;w=900 900w,https:\/\/i0.wp.com\/www.cisa-arica.cl\/wp1\/wp-content\/uploads\/2023\/06\/D85E0A96-FA21-4EC7-BE28-212039019EC8-450x600.jpeg?strip=info&#038;w=1200 1200w,https:\/\/i0.wp.com\/www.cisa-arica.cl\/wp1\/wp-content\/uploads\/2023\/06\/D85E0A96-FA21-4EC7-BE28-212039019EC8-450x600.jpeg?strip=info&#038;w=1500 1500w,https:\/\/i0.wp.com\/www.cisa-arica.cl\/wp1\/wp-content\/uploads\/2023\/06\/D85E0A96-FA21-4EC7-BE28-212039019EC8-450x600.jpeg?strip=info&#038;w=1800 1800w,https:\/\/i0.wp.com\/www.cisa-arica.cl\/wp1\/wp-content\/uploads\/2023\/06\/D85E0A96-FA21-4EC7-BE28-212039019EC8-450x600.jpeg?strip=info&#038;w=1920 1920w\" alt=\"\" data-height=\"2560\" data-id=\"21080\" data-link=\"https:\/\/www.cisa-arica.cl\/wp1\/2023\/06\/25\/dia-de-la-familia\/d85e0a96-fa21-4ec7-be28-212039019ec8\/\" data-url=\"http:\/\/www.cisa-arica.cl\/wp1\/wp-content\/uploads\/2023\/06\/D85E0A96-FA21-4EC7-BE28-212039019EC8-450x600.jpeg\" data-width=\"1920\" src=\"https:\/\/i0.wp.com\/www.cisa-arica.cl\/wp1\/wp-content\/uploads\/2023\/06\/D85E0A96-FA21-4EC7-BE28-212039019EC8-450x600.jpeg\" data-amp-layout=\"responsive\"\/><\/figure><\/div><\/div><div class=\"tiled-gallery__row\"><div class=\"tiled-gallery__col\" style=\"flex-basis:33.35651%\"><figure class=\"tiled-gallery__item\"><img decoding=\"async\" data-attachment-id=\"19837\" data-permalink=\"https:\/\/www.cisa-arica.cl\/wp1\/2023\/04\/03\/domingo-de-ramos-en-el-colegio\/whatsapp-image-2023-04-04-at-08-37-167-1\/\" data-orig-file=\"https:\/\/www.cisa-arica.cl\/wp1\/wp-content\/uploads\/2023\/04\/WhatsApp-Image-2023-04-04-at-08.37.167-1.jpeg\" data-orig-size=\"768,1024\" data-comments-opened=\"0\" data-image-meta=\"{&quot;aperture&quot;:&quot;0&quot;,&quot;credit&quot;:&quot;&quot;,&quot;camera&quot;:&quot;&quot;,&quot;caption&quot;:&quot;&quot;,&quot;created_timestamp&quot;:&quot;0&quot;,&quot;copyright&quot;:&quot;&quot;,&quot;focal_length&quot;:&quot;0&quot;,&quot;iso&quot;:&quot;0&quot;,&quot;shutter_speed&quot;:&quot;0&quot;,&quot;title&quot;:&quot;&quot;,&quot;orientation&quot;:&quot;0&quot;}\" data-image-title=\"WhatsApp-Image-2023-04-04-at-08.37.167-1\" data-image-description=\"\" data-image-caption=\"\" data-large-file=\"https:\/\/www.cisa-arica.cl\/wp1\/wp-content\/uploads\/2023\/04\/WhatsApp-Image-2023-04-04-at-08.37.167-1-450x600.jpeg\" data-attachment-id=\"19837\" data-permalink=\"https:\/\/www.cisa-arica.cl\/wp1\/2023\/04\/03\/domingo-de-ramos-en-el-colegio\/whatsapp-image-2023-04-04-at-08-37-167-1\/\" data-orig-file=\"https:\/\/www.cisa-arica.cl\/wp1\/wp-content\/uploads\/2023\/04\/WhatsApp-Image-2023-04-04-at-08.37.167-1.jpeg\" data-orig-size=\"768,1024\" data-comments-opened=\"0\" data-image-meta=\"{&quot;aperture&quot;:&quot;0&quot;,&quot;credit&quot;:&quot;&quot;,&quot;camera&quot;:&quot;&quot;,&quot;caption&quot;:&quot;&quot;,&quot;created_timestamp&quot;:&quot;0&quot;,&quot;copyright&quot;:&quot;&quot;,&quot;focal_length&quot;:&quot;0&quot;,&quot;iso&quot;:&quot;0&quot;,&quot;shutter_speed&quot;:&quot;0&quot;,&quot;title&quot;:&quot;&quot;,&quot;orientation&quot;:&quot;0&quot;}\" data-image-title=\"WhatsApp-Image-2023-04-04-at-08.37.167-1\" data-image-description=\"\" data-image-caption=\"\" data-large-file=\"https:\/\/www.cisa-arica.cl\/wp1\/wp-content\/uploads\/2023\/04\/WhatsApp-Image-2023-04-04-at-08.37.167-1-450x600.jpeg\" role=\"button\" tabindex=\"0\" aria-label=\"Abrir la imagen 10 de 11 en pantalla completa\"srcset=\"https:\/\/i0.wp.com\/www.cisa-arica.cl\/wp1\/wp-content\/uploads\/2023\/04\/WhatsApp-Image-2023-04-04-at-08.37.167-1-450x600.jpeg?strip=info&#038;w=600 600w,https:\/\/i0.wp.com\/www.cisa-arica.cl\/wp1\/wp-content\/uploads\/2023\/04\/WhatsApp-Image-2023-04-04-at-08.37.167-1-450x600.jpeg?strip=info&#038;w=768 768w\" alt=\"\" data-height=\"1024\" data-id=\"19837\" data-link=\"https:\/\/www.cisa-arica.cl\/wp1\/2023\/04\/03\/domingo-de-ramos-en-el-colegio\/whatsapp-image-2023-04-04-at-08-37-167-1\/\" data-url=\"http:\/\/www.cisa-arica.cl\/wp1\/wp-content\/uploads\/2023\/04\/WhatsApp-Image-2023-04-04-at-08.37.167-1-450x600.jpeg\" data-width=\"768\" src=\"https:\/\/i0.wp.com\/www.cisa-arica.cl\/wp1\/wp-content\/uploads\/2023\/04\/WhatsApp-Image-2023-04-04-at-08.37.167-1-450x600.jpeg\" data-amp-layout=\"responsive\"\/><\/figure><\/div><div class=\"tiled-gallery__col\" style=\"flex-basis:66.64349%\"><figure class=\"tiled-gallery__item\"><img decoding=\"async\" data-attachment-id=\"19432\" data-permalink=\"https:\/\/www.cisa-arica.cl\/wp1\/2023\/03\/15\/reunion-de-bienvenida-a-los-apoderados-nuevos-2023\/whatsapp-image-2023-03-15-at-12-33-415\/\" data-orig-file=\"https:\/\/www.cisa-arica.cl\/wp1\/wp-content\/uploads\/2023\/03\/WhatsApp-Image-2023-03-15-at-12.33.415.jpeg\" data-orig-size=\"1100,733\" data-comments-opened=\"0\" data-image-meta=\"{&quot;aperture&quot;:&quot;0&quot;,&quot;credit&quot;:&quot;&quot;,&quot;camera&quot;:&quot;&quot;,&quot;caption&quot;:&quot;&quot;,&quot;created_timestamp&quot;:&quot;0&quot;,&quot;copyright&quot;:&quot;&quot;,&quot;focal_length&quot;:&quot;0&quot;,&quot;iso&quot;:&quot;0&quot;,&quot;shutter_speed&quot;:&quot;0&quot;,&quot;title&quot;:&quot;&quot;,&quot;orientation&quot;:&quot;0&quot;}\" data-image-title=\"WhatsApp-Image-2023-03-15-at-12.33.415\" data-image-description=\"\" data-image-caption=\"\" data-large-file=\"https:\/\/www.cisa-arica.cl\/wp1\/wp-content\/uploads\/2023\/03\/WhatsApp-Image-2023-03-15-at-12.33.415-600x400.jpeg\" data-attachment-id=\"19432\" data-permalink=\"https:\/\/www.cisa-arica.cl\/wp1\/2023\/03\/15\/reunion-de-bienvenida-a-los-apoderados-nuevos-2023\/whatsapp-image-2023-03-15-at-12-33-415\/\" data-orig-file=\"https:\/\/www.cisa-arica.cl\/wp1\/wp-content\/uploads\/2023\/03\/WhatsApp-Image-2023-03-15-at-12.33.415.jpeg\" data-orig-size=\"1100,733\" data-comments-opened=\"0\" data-image-meta=\"{&quot;aperture&quot;:&quot;0&quot;,&quot;credit&quot;:&quot;&quot;,&quot;camera&quot;:&quot;&quot;,&quot;caption&quot;:&quot;&quot;,&quot;created_timestamp&quot;:&quot;0&quot;,&quot;copyright&quot;:&quot;&quot;,&quot;focal_length&quot;:&quot;0&quot;,&quot;iso&quot;:&quot;0&quot;,&quot;shutter_speed&quot;:&quot;0&quot;,&quot;title&quot;:&quot;&quot;,&quot;orientation&quot;:&quot;0&quot;}\" data-image-title=\"WhatsApp-Image-2023-03-15-at-12.33.415\" data-image-description=\"\" data-image-caption=\"\" data-large-file=\"https:\/\/www.cisa-arica.cl\/wp1\/wp-content\/uploads\/2023\/03\/WhatsApp-Image-2023-03-15-at-12.33.415-600x400.jpeg\" role=\"button\" tabindex=\"0\" aria-label=\"Abrir la imagen 11 de 11 en pantalla completa\"srcset=\"https:\/\/i1.wp.com\/www.cisa-arica.cl\/wp1\/wp-content\/uploads\/2023\/03\/WhatsApp-Image-2023-03-15-at-12.33.415-600x400.jpeg?strip=info&#038;w=600 600w,https:\/\/i1.wp.com\/www.cisa-arica.cl\/wp1\/wp-content\/uploads\/2023\/03\/WhatsApp-Image-2023-03-15-at-12.33.415-600x400.jpeg?strip=info&#038;w=900 900w,https:\/\/i1.wp.com\/www.cisa-arica.cl\/wp1\/wp-content\/uploads\/2023\/03\/WhatsApp-Image-2023-03-15-at-12.33.415-600x400.jpeg?strip=info&#038;w=1100 1100w\" alt=\"\" data-height=\"733\" data-id=\"19432\" data-link=\"https:\/\/www.cisa-arica.cl\/wp1\/2023\/03\/15\/reunion-de-bienvenida-a-los-apoderados-nuevos-2023\/whatsapp-image-2023-03-15-at-12-33-415\/\" data-url=\"http:\/\/www.cisa-arica.cl\/wp1\/wp-content\/uploads\/2023\/03\/WhatsApp-Image-2023-03-15-at-12.33.415-600x400.jpeg\" data-width=\"1100\" src=\"https:\/\/i1.wp.com\/www.cisa-arica.cl\/wp1\/wp-content\/uploads\/2023\/03\/WhatsApp-Image-2023-03-15-at-12.33.415-600x400.jpeg\" data-amp-layout=\"responsive\"\/><\/figure><\/div><\/div><\/div><\/div>\n","protected":false},"excerpt":{"rendered":"<p>En el a\u00f1o 1993 se instituy\u00f3 el D\u00eda&nbsp;de las y los&nbsp;Asistentes de la Educaci\u00f3n, el cual se conmemora cada 1 de octubre.. En nuestra Instituci\u00f3n Educativa, cada asistente de la Educaci\u00f3n cumple un importante rol, es por ello, que en&nbsp; este d\u00eda le agradecemos por su servicio y su entrega a diario. Muchas bendiciones para <a class=\"read-more\" href=\"https:\/\/www.cisa-arica.cl\/wp1\/2023\/10\/01\/dia-del-asistente-de-la-educacion-2\/\">Continuar leyendo<\/a><\/p>\n","protected":false},"author":5,"featured_media":22434,"comment_status":"closed","ping_status":"open","sticky":false,"template":"","format":"standard","meta":{"_jetpack_memberships_contains_paid_content":false,"footnotes":"","jetpack_publicize_message":"","jetpack_publicize_feature_enabled":true,"jetpack_social_post_already_shared":true,"jetpack_social_options":{"image_generator_settings":{"template":"highway","default_image_id":0,"font":"","enabled":false},"version":2}},"categories":[5],"tags":[],"class_list":["post-22433","post","type-post","status-publish","format-standard","has-post-thumbnail","hentry","category-uncategorized"],"jetpack_publicize_connections":[],"jetpack_featured_media_url":"https:\/\/www.cisa-arica.cl\/wp1\/wp-content\/uploads\/2023\/09\/ASISTENTE-DE-LA-EDUCACION.-2.png","jetpack_sharing_enabled":true,"jetpack_shortlink":"https:\/\/wp.me\/p84wcz-5PP","jetpack-related-posts":[{"id":17329,"url":"https:\/\/www.cisa-arica.cl\/wp1\/2022\/09\/30\/dia-del-asistente-de-la-educacion\/","url_meta":{"origin":22433,"position":0},"title":"D\u00eda del Asistente de la Educaci\u00f3n","author":"Jeannette Rivera","date":"30 de Septiembre de 2022","format":false,"excerpt":"Un afectuoso saludo le brindamos a todos los Asistentes de la Educaci\u00f3n de nuestro colegio, quienes son parte importante del quehacer educativo de las estudiantes y del trabajo pedag\u00f3gico que se realiza. Que Dios y Santa Ana les bendiga a cada uno de ustedes. \u00a1Muchas felicidades en su d\u00eda!","rel":"","context":"Entrada similar ","block_context":{"text":"Entrada similar ","link":""},"img":{"alt_text":"","src":"https:\/\/i0.wp.com\/www.cisa-arica.cl\/wp1\/wp-content\/uploads\/2022\/09\/2293526B-518F-40A9-BB7E-39465F583012.jpeg?resize=350%2C200&ssl=1","width":350,"height":200,"srcset":"https:\/\/i0.wp.com\/www.cisa-arica.cl\/wp1\/wp-content\/uploads\/2022\/09\/2293526B-518F-40A9-BB7E-39465F583012.jpeg?resize=350%2C200&ssl=1 1x, https:\/\/i0.wp.com\/www.cisa-arica.cl\/wp1\/wp-content\/uploads\/2022\/09\/2293526B-518F-40A9-BB7E-39465F583012.jpeg?resize=525%2C300&ssl=1 1.5x, https:\/\/i0.wp.com\/www.cisa-arica.cl\/wp1\/wp-content\/uploads\/2022\/09\/2293526B-518F-40A9-BB7E-39465F583012.jpeg?resize=700%2C400&ssl=1 2x"},"classes":[]},{"id":29028,"url":"https:\/\/www.cisa-arica.cl\/wp1\/2025\/10\/01\/feliz-dia-asistente-de-la-educacion-cisa\/","url_meta":{"origin":22433,"position":1},"title":"Feliz d\u00eda Asistente de la Educaci\u00f3n Cisa","author":"Jeannette Rivera","date":"1 de Octubre de 2025","format":false,"excerpt":"Hoy 1\u00ba de Octubre, queremos expresar nuestro m\u00e1s sincero reconocimiento a todos los Asistentes de la Educaci\u00f3n del Colegio Italiano Santa Ana de Arica.Su dedicaci\u00f3n, compromiso y entrega diaria son un pilar fundamental para el desarrollo integral de cada estudiantes y para el buen funcionamiento de nuestra comunidad educativa. Gracias\u2026","rel":"","context":"Entrada similar ","block_context":{"text":"Entrada similar ","link":""},"img":{"alt_text":"","src":"https:\/\/i0.wp.com\/www.cisa-arica.cl\/wp1\/wp-content\/uploads\/2025\/10\/ASISTENTE-DE-LA-EDUCACION.-2.png?resize=350%2C200&ssl=1","width":350,"height":200,"srcset":"https:\/\/i0.wp.com\/www.cisa-arica.cl\/wp1\/wp-content\/uploads\/2025\/10\/ASISTENTE-DE-LA-EDUCACION.-2.png?resize=350%2C200&ssl=1 1x, https:\/\/i0.wp.com\/www.cisa-arica.cl\/wp1\/wp-content\/uploads\/2025\/10\/ASISTENTE-DE-LA-EDUCACION.-2.png?resize=525%2C300&ssl=1 1.5x, https:\/\/i0.wp.com\/www.cisa-arica.cl\/wp1\/wp-content\/uploads\/2025\/10\/ASISTENTE-DE-LA-EDUCACION.-2.png?resize=700%2C400&ssl=1 2x"},"classes":[]},{"id":11541,"url":"https:\/\/www.cisa-arica.cl\/wp1\/2020\/10\/01\/feliz-dia-del-asistente-de-la-educacion\/","url_meta":{"origin":22433,"position":2},"title":"Feliz D\u00eda del Asistente de la Educaci\u00f3n","author":"Jeannette Rivera","date":"1 de Octubre de 2020","format":false,"excerpt":"Hoy 1 de Octubre queremos celebrar a una parte fundamental de nuestra Comunidad Santa Ana: nuestros Asistentes de la Educaci\u00f3n, quienes d\u00eda a d\u00eda entregan\u00a0 todo su esfuerzo y coraz\u00f3n\u00a0 dentro del establecimiento en beneficio para nuestras ni\u00f1as; y especialmente durante estos tiempos dif\u00edciles que vivimos, donde sus funciones han\u2026","rel":"","context":"En &quot;CISA&quot;","block_context":{"text":"CISA","link":"https:\/\/www.cisa-arica.cl\/wp1\/category\/cisa\/"},"img":{"alt_text":"","src":"https:\/\/i0.wp.com\/www.cisa-arica.cl\/wp1\/wp-content\/uploads\/2020\/10\/DDADLE2.png?resize=350%2C200&ssl=1","width":350,"height":200,"srcset":"https:\/\/i0.wp.com\/www.cisa-arica.cl\/wp1\/wp-content\/uploads\/2020\/10\/DDADLE2.png?resize=350%2C200&ssl=1 1x, https:\/\/i0.wp.com\/www.cisa-arica.cl\/wp1\/wp-content\/uploads\/2020\/10\/DDADLE2.png?resize=525%2C300&ssl=1 1.5x, https:\/\/i0.wp.com\/www.cisa-arica.cl\/wp1\/wp-content\/uploads\/2020\/10\/DDADLE2.png?resize=700%2C400&ssl=1 2x"},"classes":[]},{"id":13188,"url":"https:\/\/www.cisa-arica.cl\/wp1\/2021\/10\/01\/feliz-dia-del-asistente-de-la-educacion-2\/","url_meta":{"origin":22433,"position":3},"title":"Feliz D\u00eda del Asistente de la Educaci\u00f3n","author":"Jeannette Rivera","date":"1 de Octubre de 2021","format":false,"excerpt":"Estimada comunidad educativa: Hoy 1 de Octubre queremos celebrar a una parte fundamental de la Comunidad Santa Ana: nuestros Asistentes de la Educaci\u00f3n, quienes d\u00eda a d\u00eda entregan\u00a0todo su esfuerzo y coraz\u00f3n\u00a0dentro del establecimiento en beneficio para nuestras ni\u00f1as; y especialmente durante estos tiempos dif\u00edciles que vivimos, donde sus funciones\u2026","rel":"","context":"En &quot;CISA&quot;","block_context":{"text":"CISA","link":"https:\/\/www.cisa-arica.cl\/wp1\/category\/cisa\/"},"img":{"alt_text":"","src":"https:\/\/i0.wp.com\/www.cisa-arica.cl\/wp1\/wp-content\/uploads\/2021\/10\/Screenshot_4.png?resize=350%2C200&ssl=1","width":350,"height":200,"srcset":"https:\/\/i0.wp.com\/www.cisa-arica.cl\/wp1\/wp-content\/uploads\/2021\/10\/Screenshot_4.png?resize=350%2C200&ssl=1 1x, https:\/\/i0.wp.com\/www.cisa-arica.cl\/wp1\/wp-content\/uploads\/2021\/10\/Screenshot_4.png?resize=525%2C300&ssl=1 1.5x"},"classes":[]},{"id":17490,"url":"https:\/\/www.cisa-arica.cl\/wp1\/2022\/10\/14\/celebramos-el-dia-del-profesor\/","url_meta":{"origin":22433,"position":4},"title":"Celebramos el D\u00eda del Profesor","author":"CISA","date":"14 de Octubre de 2022","format":false,"excerpt":"Con un significativo acto el Centro de Estudiantes festej\u00f3 el D\u00eda del Profesor, de la Educadora y del Asistente de la Educaci\u00f3n. En la oportunidad nuestras estudiantes con mucha alegr\u00eda prepararon diversos n\u00fameros art\u00edsticos para reconocer la importante labor que cumplen los profesores, educadoras y asistentes. Adem\u00e1s, este a\u00f1o destac\u00f3\u2026","rel":"","context":"Entrada similar ","block_context":{"text":"Entrada similar ","link":""},"img":{"alt_text":"","src":"https:\/\/i0.wp.com\/www.cisa-arica.cl\/wp1\/wp-content\/uploads\/2022\/10\/DSC_2470.jpg?resize=350%2C200&ssl=1","width":350,"height":200,"srcset":"https:\/\/i0.wp.com\/www.cisa-arica.cl\/wp1\/wp-content\/uploads\/2022\/10\/DSC_2470.jpg?resize=350%2C200&ssl=1 1x, https:\/\/i0.wp.com\/www.cisa-arica.cl\/wp1\/wp-content\/uploads\/2022\/10\/DSC_2470.jpg?resize=525%2C300&ssl=1 1.5x, https:\/\/i0.wp.com\/www.cisa-arica.cl\/wp1\/wp-content\/uploads\/2022\/10\/DSC_2470.jpg?resize=700%2C400&ssl=1 2x, https:\/\/i0.wp.com\/www.cisa-arica.cl\/wp1\/wp-content\/uploads\/2022\/10\/DSC_2470.jpg?resize=1050%2C600&ssl=1 3x, https:\/\/i0.wp.com\/www.cisa-arica.cl\/wp1\/wp-content\/uploads\/2022\/10\/DSC_2470.jpg?resize=1400%2C800&ssl=1 4x"},"classes":[]},{"id":26531,"url":"https:\/\/www.cisa-arica.cl\/wp1\/2024\/10\/01\/feliz-dia-de-la-asistentes-de-la-educacion\/","url_meta":{"origin":22433,"position":5},"title":"Feliz D\u00eda de la Asistentes de la Educaci\u00f3n","author":"Jeannette Rivera","date":"1 de Octubre de 2024","format":false,"excerpt":"Hoy 01 de Octubre, la Comunidad Educativa del Colegio Italiano Santa Ana, entrega un afectuoso saludo a todos los Asistentes de la Educaci\u00f3n que d\u00eda a d\u00eda realizan una gran labor al servicio de todas nuestras estudiantes. Muchas gracias por el trabajo y su apoyo constante. Que Dios y Santa\u2026","rel":"","context":"Entrada similar ","block_context":{"text":"Entrada similar ","link":""},"img":{"alt_text":"","src":"https:\/\/i0.wp.com\/www.cisa-arica.cl\/wp1\/wp-content\/uploads\/2024\/10\/ASISTENTE-DE-LA-EDUCACION.png?resize=350%2C200&ssl=1","width":350,"height":200,"srcset":"https:\/\/i0.wp.com\/www.cisa-arica.cl\/wp1\/wp-content\/uploads\/2024\/10\/ASISTENTE-DE-LA-EDUCACION.png?resize=350%2C200&ssl=1 1x, https:\/\/i0.wp.com\/www.cisa-arica.cl\/wp1\/wp-content\/uploads\/2024\/10\/ASISTENTE-DE-LA-EDUCACION.png?resize=525%2C300&ssl=1 1.5x"},"classes":[]}],"_links":{"self":[{"href":"https:\/\/www.cisa-arica.cl\/wp1\/wp-json\/wp\/v2\/posts\/22433","targetHints":{"allow":["GET"]}}],"collection":[{"href":"https:\/\/www.cisa-arica.cl\/wp1\/wp-json\/wp\/v2\/posts"}],"about":[{"href":"https:\/\/www.cisa-arica.cl\/wp1\/wp-json\/wp\/v2\/types\/post"}],"author":[{"embeddable":true,"href":"https:\/\/www.cisa-arica.cl\/wp1\/wp-json\/wp\/v2\/users\/5"}],"replies":[{"embeddable":true,"href":"https:\/\/www.cisa-arica.cl\/wp1\/wp-json\/wp\/v2\/comments?post=22433"}],"version-history":[{"count":2,"href":"https:\/\/www.cisa-arica.cl\/wp1\/wp-json\/wp\/v2\/posts\/22433\/revisions"}],"predecessor-version":[{"id":22436,"href":"https:\/\/www.cisa-arica.cl\/wp1\/wp-json\/wp\/v2\/posts\/22433\/revisions\/22436"}],"wp:featuredmedia":[{"embeddable":true,"href":"https:\/\/www.cisa-arica.cl\/wp1\/wp-json\/wp\/v2\/media\/22434"}],"wp:attachment":[{"href":"https:\/\/www.cisa-arica.cl\/wp1\/wp-json\/wp\/v2\/media?parent=22433"}],"wp:term":[{"taxonomy":"category","embeddable":true,"href":"https:\/\/www.cisa-arica.cl\/wp1\/wp-json\/wp\/v2\/categories?post=22433"},{"taxonomy":"post_tag","embeddable":true,"href":"https:\/\/www.cisa-arica.cl\/wp1\/wp-json\/wp\/v2\/tags?post=22433"}],"curies":[{"name":"wp","href":"https:\/\/api.w.org\/{rel}","templated":true}]}}