{"id":22373,"date":"2023-09-25T13:34:30","date_gmt":"2023-09-25T17:34:30","guid":{"rendered":"https:\/\/www.cisa-arica.cl\/wp1\/?p=22373"},"modified":"2023-09-25T13:44:33","modified_gmt":"2023-09-25T17:44:33","slug":"misa-a-la-chilena","status":"publish","type":"post","link":"https:\/\/www.cisa-arica.cl\/wp1\/2023\/09\/25\/misa-a-la-chilena\/","title":{"rendered":"Misa a la Chilena"},"content":{"rendered":"<p>Con una eucarist\u00eda celebrada por el padre Jes\u00fas Apiolaza Fern\u00e1ndez, nuestro colegio tuvo su misa a la chilena para agradecer por esta hermosa Patria que tenemos y por nuestra comunidad educativa, el pasado jueves 14 de septiembre. En la ceremonia religiosa se presentaron una serie de s\u00edmbolos relacionados con nuestras m\u00e1s preciadas tradiciones para su bendici\u00f3n.<\/p>\n<p><img loading=\"lazy\" decoding=\"async\" data-attachment-id=\"22377\" data-permalink=\"https:\/\/www.cisa-arica.cl\/wp1\/2023\/09\/25\/misa-a-la-chilena\/_dsc0478\/\" data-orig-file=\"https:\/\/www.cisa-arica.cl\/wp1\/wp-content\/uploads\/2023\/09\/DSC0478.jpg\" data-orig-size=\"2048,1365\" data-comments-opened=\"0\" data-image-meta=\"{&quot;aperture&quot;:&quot;3.5&quot;,&quot;credit&quot;:&quot;&quot;,&quot;camera&quot;:&quot;NIKON D7100&quot;,&quot;caption&quot;:&quot;&quot;,&quot;created_timestamp&quot;:&quot;1694683670&quot;,&quot;copyright&quot;:&quot;&quot;,&quot;focal_length&quot;:&quot;18&quot;,&quot;iso&quot;:&quot;800&quot;,&quot;shutter_speed&quot;:&quot;0.003125&quot;,&quot;title&quot;:&quot;&quot;,&quot;orientation&quot;:&quot;0&quot;}\" data-image-title=\"_DSC0478\" data-image-description=\"\" data-image-caption=\"\" data-large-file=\"https:\/\/www.cisa-arica.cl\/wp1\/wp-content\/uploads\/2023\/09\/DSC0478-600x400.jpg\" class=\"alignnone size-medium wp-image-22377\" src=\"http:\/\/www.cisa-arica.cl\/wp1\/wp-content\/uploads\/2023\/09\/DSC0478-300x200.jpg\" alt=\"\" width=\"300\" height=\"200\" srcset=\"https:\/\/www.cisa-arica.cl\/wp1\/wp-content\/uploads\/2023\/09\/DSC0478-300x200.jpg 300w, https:\/\/www.cisa-arica.cl\/wp1\/wp-content\/uploads\/2023\/09\/DSC0478-600x400.jpg 600w, https:\/\/www.cisa-arica.cl\/wp1\/wp-content\/uploads\/2023\/09\/DSC0478-768x512.jpg 768w, https:\/\/www.cisa-arica.cl\/wp1\/wp-content\/uploads\/2023\/09\/DSC0478-1536x1024.jpg 1536w, https:\/\/www.cisa-arica.cl\/wp1\/wp-content\/uploads\/2023\/09\/DSC0478.jpg 2048w\" sizes=\"auto, (max-width: 300px) 100vw, 300px\" \/> <img loading=\"lazy\" decoding=\"async\" data-attachment-id=\"22378\" data-permalink=\"https:\/\/www.cisa-arica.cl\/wp1\/2023\/09\/25\/misa-a-la-chilena\/_dsc0480\/\" data-orig-file=\"https:\/\/www.cisa-arica.cl\/wp1\/wp-content\/uploads\/2023\/09\/DSC0480.jpg\" data-orig-size=\"2048,1365\" data-comments-opened=\"0\" data-image-meta=\"{&quot;aperture&quot;:&quot;3.5&quot;,&quot;credit&quot;:&quot;&quot;,&quot;camera&quot;:&quot;NIKON D7100&quot;,&quot;caption&quot;:&quot;&quot;,&quot;created_timestamp&quot;:&quot;1694683709&quot;,&quot;copyright&quot;:&quot;&quot;,&quot;focal_length&quot;:&quot;18&quot;,&quot;iso&quot;:&quot;800&quot;,&quot;shutter_speed&quot;:&quot;0.003125&quot;,&quot;title&quot;:&quot;&quot;,&quot;orientation&quot;:&quot;0&quot;}\" data-image-title=\"_DSC0480\" data-image-description=\"\" data-image-caption=\"\" data-large-file=\"https:\/\/www.cisa-arica.cl\/wp1\/wp-content\/uploads\/2023\/09\/DSC0480-600x400.jpg\" class=\"alignnone size-medium wp-image-22378\" src=\"http:\/\/www.cisa-arica.cl\/wp1\/wp-content\/uploads\/2023\/09\/DSC0480-300x200.jpg\" alt=\"\" width=\"300\" height=\"200\" srcset=\"https:\/\/www.cisa-arica.cl\/wp1\/wp-content\/uploads\/2023\/09\/DSC0480-300x200.jpg 300w, https:\/\/www.cisa-arica.cl\/wp1\/wp-content\/uploads\/2023\/09\/DSC0480-600x400.jpg 600w, https:\/\/www.cisa-arica.cl\/wp1\/wp-content\/uploads\/2023\/09\/DSC0480-768x512.jpg 768w, https:\/\/www.cisa-arica.cl\/wp1\/wp-content\/uploads\/2023\/09\/DSC0480-1536x1024.jpg 1536w, https:\/\/www.cisa-arica.cl\/wp1\/wp-content\/uploads\/2023\/09\/DSC0480.jpg 2048w\" sizes=\"auto, (max-width: 300px) 100vw, 300px\" \/> <img loading=\"lazy\" decoding=\"async\" data-attachment-id=\"22379\" data-permalink=\"https:\/\/www.cisa-arica.cl\/wp1\/2023\/09\/25\/misa-a-la-chilena\/dsc_0487\/\" data-orig-file=\"https:\/\/www.cisa-arica.cl\/wp1\/wp-content\/uploads\/2023\/09\/DSC_0487.jpg\" data-orig-size=\"2048,1365\" data-comments-opened=\"0\" data-image-meta=\"{&quot;aperture&quot;:&quot;4.5&quot;,&quot;credit&quot;:&quot;&quot;,&quot;camera&quot;:&quot;NIKON D7100&quot;,&quot;caption&quot;:&quot;&quot;,&quot;created_timestamp&quot;:&quot;1694684117&quot;,&quot;copyright&quot;:&quot;&quot;,&quot;focal_length&quot;:&quot;40&quot;,&quot;iso&quot;:&quot;1000&quot;,&quot;shutter_speed&quot;:&quot;0.00625&quot;,&quot;title&quot;:&quot;&quot;,&quot;orientation&quot;:&quot;0&quot;}\" data-image-title=\"DSC_0487\" data-image-description=\"\" data-image-caption=\"\" data-large-file=\"https:\/\/www.cisa-arica.cl\/wp1\/wp-content\/uploads\/2023\/09\/DSC_0487-600x400.jpg\" class=\"alignnone size-medium wp-image-22379\" src=\"http:\/\/www.cisa-arica.cl\/wp1\/wp-content\/uploads\/2023\/09\/DSC_0487-300x200.jpg\" alt=\"\" width=\"300\" height=\"200\" srcset=\"https:\/\/www.cisa-arica.cl\/wp1\/wp-content\/uploads\/2023\/09\/DSC_0487-300x200.jpg 300w, https:\/\/www.cisa-arica.cl\/wp1\/wp-content\/uploads\/2023\/09\/DSC_0487-600x400.jpg 600w, https:\/\/www.cisa-arica.cl\/wp1\/wp-content\/uploads\/2023\/09\/DSC_0487-768x512.jpg 768w, https:\/\/www.cisa-arica.cl\/wp1\/wp-content\/uploads\/2023\/09\/DSC_0487-1536x1024.jpg 1536w, https:\/\/www.cisa-arica.cl\/wp1\/wp-content\/uploads\/2023\/09\/DSC_0487.jpg 2048w\" sizes=\"auto, (max-width: 300px) 100vw, 300px\" \/> <img loading=\"lazy\" decoding=\"async\" data-attachment-id=\"22380\" data-permalink=\"https:\/\/www.cisa-arica.cl\/wp1\/2023\/09\/25\/misa-a-la-chilena\/dsc_0488\/\" data-orig-file=\"https:\/\/www.cisa-arica.cl\/wp1\/wp-content\/uploads\/2023\/09\/DSC_0488.jpg\" data-orig-size=\"2048,1365\" data-comments-opened=\"0\" data-image-meta=\"{&quot;aperture&quot;:&quot;3.5&quot;,&quot;credit&quot;:&quot;&quot;,&quot;camera&quot;:&quot;NIKON D7100&quot;,&quot;caption&quot;:&quot;&quot;,&quot;created_timestamp&quot;:&quot;1694684132&quot;,&quot;copyright&quot;:&quot;&quot;,&quot;focal_length&quot;:&quot;18&quot;,&quot;iso&quot;:&quot;1000&quot;,&quot;shutter_speed&quot;:&quot;0.003125&quot;,&quot;title&quot;:&quot;&quot;,&quot;orientation&quot;:&quot;0&quot;}\" data-image-title=\"DSC_0488\" data-image-description=\"\" data-image-caption=\"\" data-large-file=\"https:\/\/www.cisa-arica.cl\/wp1\/wp-content\/uploads\/2023\/09\/DSC_0488-600x400.jpg\" class=\"alignnone size-medium wp-image-22380\" src=\"http:\/\/www.cisa-arica.cl\/wp1\/wp-content\/uploads\/2023\/09\/DSC_0488-300x200.jpg\" alt=\"\" width=\"300\" height=\"200\" srcset=\"https:\/\/www.cisa-arica.cl\/wp1\/wp-content\/uploads\/2023\/09\/DSC_0488-300x200.jpg 300w, https:\/\/www.cisa-arica.cl\/wp1\/wp-content\/uploads\/2023\/09\/DSC_0488-600x400.jpg 600w, https:\/\/www.cisa-arica.cl\/wp1\/wp-content\/uploads\/2023\/09\/DSC_0488-768x512.jpg 768w, https:\/\/www.cisa-arica.cl\/wp1\/wp-content\/uploads\/2023\/09\/DSC_0488-1536x1024.jpg 1536w, https:\/\/www.cisa-arica.cl\/wp1\/wp-content\/uploads\/2023\/09\/DSC_0488.jpg 2048w\" sizes=\"auto, (max-width: 300px) 100vw, 300px\" \/> <img loading=\"lazy\" decoding=\"async\" data-attachment-id=\"22381\" data-permalink=\"https:\/\/www.cisa-arica.cl\/wp1\/2023\/09\/25\/misa-a-la-chilena\/dsc_0490\/\" data-orig-file=\"https:\/\/www.cisa-arica.cl\/wp1\/wp-content\/uploads\/2023\/09\/DSC_0490.jpg\" data-orig-size=\"2048,1365\" data-comments-opened=\"0\" data-image-meta=\"{&quot;aperture&quot;:&quot;3.8&quot;,&quot;credit&quot;:&quot;&quot;,&quot;camera&quot;:&quot;NIKON D7100&quot;,&quot;caption&quot;:&quot;&quot;,&quot;created_timestamp&quot;:&quot;1694684407&quot;,&quot;copyright&quot;:&quot;&quot;,&quot;focal_length&quot;:&quot;21&quot;,&quot;iso&quot;:&quot;320&quot;,&quot;shutter_speed&quot;:&quot;0.0125&quot;,&quot;title&quot;:&quot;&quot;,&quot;orientation&quot;:&quot;0&quot;}\" data-image-title=\"DSC_0490\" data-image-description=\"\" data-image-caption=\"\" data-large-file=\"https:\/\/www.cisa-arica.cl\/wp1\/wp-content\/uploads\/2023\/09\/DSC_0490-600x400.jpg\" class=\"alignnone size-medium wp-image-22381\" src=\"http:\/\/www.cisa-arica.cl\/wp1\/wp-content\/uploads\/2023\/09\/DSC_0490-300x200.jpg\" alt=\"\" width=\"300\" height=\"200\" srcset=\"https:\/\/www.cisa-arica.cl\/wp1\/wp-content\/uploads\/2023\/09\/DSC_0490-300x200.jpg 300w, https:\/\/www.cisa-arica.cl\/wp1\/wp-content\/uploads\/2023\/09\/DSC_0490-600x400.jpg 600w, https:\/\/www.cisa-arica.cl\/wp1\/wp-content\/uploads\/2023\/09\/DSC_0490-768x512.jpg 768w, https:\/\/www.cisa-arica.cl\/wp1\/wp-content\/uploads\/2023\/09\/DSC_0490-1536x1024.jpg 1536w, https:\/\/www.cisa-arica.cl\/wp1\/wp-content\/uploads\/2023\/09\/DSC_0490.jpg 2048w\" sizes=\"auto, (max-width: 300px) 100vw, 300px\" \/> <img loading=\"lazy\" decoding=\"async\" data-attachment-id=\"22382\" data-permalink=\"https:\/\/www.cisa-arica.cl\/wp1\/2023\/09\/25\/misa-a-la-chilena\/dsc_0491\/\" data-orig-file=\"https:\/\/www.cisa-arica.cl\/wp1\/wp-content\/uploads\/2023\/09\/DSC_0491.jpg\" data-orig-size=\"2048,1365\" data-comments-opened=\"0\" data-image-meta=\"{&quot;aperture&quot;:&quot;3.5&quot;,&quot;credit&quot;:&quot;&quot;,&quot;camera&quot;:&quot;NIKON D7100&quot;,&quot;caption&quot;:&quot;&quot;,&quot;created_timestamp&quot;:&quot;1694684421&quot;,&quot;copyright&quot;:&quot;&quot;,&quot;focal_length&quot;:&quot;18&quot;,&quot;iso&quot;:&quot;320&quot;,&quot;shutter_speed&quot;:&quot;0.016666666666667&quot;,&quot;title&quot;:&quot;&quot;,&quot;orientation&quot;:&quot;0&quot;}\" data-image-title=\"DSC_0491\" data-image-description=\"\" data-image-caption=\"\" data-large-file=\"https:\/\/www.cisa-arica.cl\/wp1\/wp-content\/uploads\/2023\/09\/DSC_0491-600x400.jpg\" class=\"alignnone size-medium wp-image-22382\" src=\"http:\/\/www.cisa-arica.cl\/wp1\/wp-content\/uploads\/2023\/09\/DSC_0491-300x200.jpg\" alt=\"\" width=\"300\" height=\"200\" srcset=\"https:\/\/www.cisa-arica.cl\/wp1\/wp-content\/uploads\/2023\/09\/DSC_0491-300x200.jpg 300w, https:\/\/www.cisa-arica.cl\/wp1\/wp-content\/uploads\/2023\/09\/DSC_0491-600x400.jpg 600w, https:\/\/www.cisa-arica.cl\/wp1\/wp-content\/uploads\/2023\/09\/DSC_0491-768x512.jpg 768w, https:\/\/www.cisa-arica.cl\/wp1\/wp-content\/uploads\/2023\/09\/DSC_0491-1536x1024.jpg 1536w, https:\/\/www.cisa-arica.cl\/wp1\/wp-content\/uploads\/2023\/09\/DSC_0491.jpg 2048w\" sizes=\"auto, (max-width: 300px) 100vw, 300px\" \/> <img loading=\"lazy\" decoding=\"async\" data-attachment-id=\"22383\" data-permalink=\"https:\/\/www.cisa-arica.cl\/wp1\/2023\/09\/25\/misa-a-la-chilena\/dsc_0494\/\" data-orig-file=\"https:\/\/www.cisa-arica.cl\/wp1\/wp-content\/uploads\/2023\/09\/DSC_0494.jpg\" data-orig-size=\"2048,1365\" data-comments-opened=\"0\" data-image-meta=\"{&quot;aperture&quot;:&quot;3.5&quot;,&quot;credit&quot;:&quot;&quot;,&quot;camera&quot;:&quot;NIKON D7100&quot;,&quot;caption&quot;:&quot;&quot;,&quot;created_timestamp&quot;:&quot;1694688161&quot;,&quot;copyright&quot;:&quot;&quot;,&quot;focal_length&quot;:&quot;18&quot;,&quot;iso&quot;:&quot;320&quot;,&quot;shutter_speed&quot;:&quot;0.008&quot;,&quot;title&quot;:&quot;&quot;,&quot;orientation&quot;:&quot;0&quot;}\" data-image-title=\"DSC_0494\" data-image-description=\"\" data-image-caption=\"\" data-large-file=\"https:\/\/www.cisa-arica.cl\/wp1\/wp-content\/uploads\/2023\/09\/DSC_0494-600x400.jpg\" class=\"alignnone size-medium wp-image-22383\" src=\"http:\/\/www.cisa-arica.cl\/wp1\/wp-content\/uploads\/2023\/09\/DSC_0494-300x200.jpg\" alt=\"\" width=\"300\" height=\"200\" srcset=\"https:\/\/www.cisa-arica.cl\/wp1\/wp-content\/uploads\/2023\/09\/DSC_0494-300x200.jpg 300w, https:\/\/www.cisa-arica.cl\/wp1\/wp-content\/uploads\/2023\/09\/DSC_0494-600x400.jpg 600w, https:\/\/www.cisa-arica.cl\/wp1\/wp-content\/uploads\/2023\/09\/DSC_0494-768x512.jpg 768w, https:\/\/www.cisa-arica.cl\/wp1\/wp-content\/uploads\/2023\/09\/DSC_0494-1536x1024.jpg 1536w, https:\/\/www.cisa-arica.cl\/wp1\/wp-content\/uploads\/2023\/09\/DSC_0494.jpg 2048w\" sizes=\"auto, (max-width: 300px) 100vw, 300px\" \/> <img loading=\"lazy\" decoding=\"async\" data-attachment-id=\"22384\" data-permalink=\"https:\/\/www.cisa-arica.cl\/wp1\/2023\/09\/25\/misa-a-la-chilena\/img_3629\/\" data-orig-file=\"https:\/\/www.cisa-arica.cl\/wp1\/wp-content\/uploads\/2023\/09\/IMG_3629.jpg\" data-orig-size=\"2048,1365\" data-comments-opened=\"0\" data-image-meta=\"{&quot;aperture&quot;:&quot;1.4&quot;,&quot;credit&quot;:&quot;Mahadeva Das&quot;,&quot;camera&quot;:&quot;Canon EOS 60D&quot;,&quot;caption&quot;:&quot;&quot;,&quot;created_timestamp&quot;:&quot;1694687240&quot;,&quot;copyright&quot;:&quot;osomahadev@hotmail.com         Funkerrante@Gmail.com&quot;,&quot;focal_length&quot;:&quot;50&quot;,&quot;iso&quot;:&quot;320&quot;,&quot;shutter_speed&quot;:&quot;0.0002&quot;,&quot;title&quot;:&quot;&quot;,&quot;orientation&quot;:&quot;0&quot;}\" data-image-title=\"IMG_3629\" data-image-description=\"\" data-image-caption=\"\" data-large-file=\"https:\/\/www.cisa-arica.cl\/wp1\/wp-content\/uploads\/2023\/09\/IMG_3629-600x400.jpg\" class=\"alignnone size-medium wp-image-22384\" src=\"http:\/\/www.cisa-arica.cl\/wp1\/wp-content\/uploads\/2023\/09\/IMG_3629-300x200.jpg\" alt=\"\" width=\"300\" height=\"200\" srcset=\"https:\/\/www.cisa-arica.cl\/wp1\/wp-content\/uploads\/2023\/09\/IMG_3629-300x200.jpg 300w, https:\/\/www.cisa-arica.cl\/wp1\/wp-content\/uploads\/2023\/09\/IMG_3629-600x400.jpg 600w, https:\/\/www.cisa-arica.cl\/wp1\/wp-content\/uploads\/2023\/09\/IMG_3629-768x512.jpg 768w, https:\/\/www.cisa-arica.cl\/wp1\/wp-content\/uploads\/2023\/09\/IMG_3629-1536x1024.jpg 1536w, https:\/\/www.cisa-arica.cl\/wp1\/wp-content\/uploads\/2023\/09\/IMG_3629.jpg 2048w\" sizes=\"auto, (max-width: 300px) 100vw, 300px\" \/> <img loading=\"lazy\" decoding=\"async\" data-attachment-id=\"22385\" data-permalink=\"https:\/\/www.cisa-arica.cl\/wp1\/2023\/09\/25\/misa-a-la-chilena\/img_3630\/\" data-orig-file=\"https:\/\/www.cisa-arica.cl\/wp1\/wp-content\/uploads\/2023\/09\/IMG_3630.jpg\" data-orig-size=\"2048,1365\" data-comments-opened=\"0\" data-image-meta=\"{&quot;aperture&quot;:&quot;1.4&quot;,&quot;credit&quot;:&quot;Mahadeva Das&quot;,&quot;camera&quot;:&quot;Canon EOS 60D&quot;,&quot;caption&quot;:&quot;&quot;,&quot;created_timestamp&quot;:&quot;1694687245&quot;,&quot;copyright&quot;:&quot;osomahadev@hotmail.com         Funkerrante@Gmail.com&quot;,&quot;focal_length&quot;:&quot;50&quot;,&quot;iso&quot;:&quot;320&quot;,&quot;shutter_speed&quot;:&quot;0.0002&quot;,&quot;title&quot;:&quot;&quot;,&quot;orientation&quot;:&quot;0&quot;}\" data-image-title=\"IMG_3630\" data-image-description=\"\" data-image-caption=\"\" data-large-file=\"https:\/\/www.cisa-arica.cl\/wp1\/wp-content\/uploads\/2023\/09\/IMG_3630-600x400.jpg\" class=\"alignnone size-medium wp-image-22385\" src=\"http:\/\/www.cisa-arica.cl\/wp1\/wp-content\/uploads\/2023\/09\/IMG_3630-300x200.jpg\" alt=\"\" width=\"300\" height=\"200\" srcset=\"https:\/\/www.cisa-arica.cl\/wp1\/wp-content\/uploads\/2023\/09\/IMG_3630-300x200.jpg 300w, https:\/\/www.cisa-arica.cl\/wp1\/wp-content\/uploads\/2023\/09\/IMG_3630-600x400.jpg 600w, https:\/\/www.cisa-arica.cl\/wp1\/wp-content\/uploads\/2023\/09\/IMG_3630-768x512.jpg 768w, https:\/\/www.cisa-arica.cl\/wp1\/wp-content\/uploads\/2023\/09\/IMG_3630-1536x1024.jpg 1536w, https:\/\/www.cisa-arica.cl\/wp1\/wp-content\/uploads\/2023\/09\/IMG_3630.jpg 2048w\" sizes=\"auto, (max-width: 300px) 100vw, 300px\" \/> <img loading=\"lazy\" decoding=\"async\" data-attachment-id=\"22386\" data-permalink=\"https:\/\/www.cisa-arica.cl\/wp1\/2023\/09\/25\/misa-a-la-chilena\/img_3631\/\" data-orig-file=\"https:\/\/www.cisa-arica.cl\/wp1\/wp-content\/uploads\/2023\/09\/IMG_3631.jpg\" data-orig-size=\"2048,1365\" data-comments-opened=\"0\" data-image-meta=\"{&quot;aperture&quot;:&quot;1.4&quot;,&quot;credit&quot;:&quot;Mahadeva Das&quot;,&quot;camera&quot;:&quot;Canon EOS 60D&quot;,&quot;caption&quot;:&quot;&quot;,&quot;created_timestamp&quot;:&quot;1694688133&quot;,&quot;copyright&quot;:&quot;osomahadev@hotmail.com         Funkerrante@Gmail.com&quot;,&quot;focal_length&quot;:&quot;50&quot;,&quot;iso&quot;:&quot;320&quot;,&quot;shutter_speed&quot;:&quot;0.001&quot;,&quot;title&quot;:&quot;&quot;,&quot;orientation&quot;:&quot;0&quot;}\" data-image-title=\"IMG_3631\" data-image-description=\"\" data-image-caption=\"\" data-large-file=\"https:\/\/www.cisa-arica.cl\/wp1\/wp-content\/uploads\/2023\/09\/IMG_3631-600x400.jpg\" class=\"alignnone size-medium wp-image-22386\" src=\"http:\/\/www.cisa-arica.cl\/wp1\/wp-content\/uploads\/2023\/09\/IMG_3631-300x200.jpg\" alt=\"\" width=\"300\" height=\"200\" srcset=\"https:\/\/www.cisa-arica.cl\/wp1\/wp-content\/uploads\/2023\/09\/IMG_3631-300x200.jpg 300w, https:\/\/www.cisa-arica.cl\/wp1\/wp-content\/uploads\/2023\/09\/IMG_3631-600x400.jpg 600w, https:\/\/www.cisa-arica.cl\/wp1\/wp-content\/uploads\/2023\/09\/IMG_3631-768x512.jpg 768w, https:\/\/www.cisa-arica.cl\/wp1\/wp-content\/uploads\/2023\/09\/IMG_3631-1536x1024.jpg 1536w, https:\/\/www.cisa-arica.cl\/wp1\/wp-content\/uploads\/2023\/09\/IMG_3631.jpg 2048w\" sizes=\"auto, (max-width: 300px) 100vw, 300px\" \/> <img loading=\"lazy\" decoding=\"async\" data-attachment-id=\"22387\" data-permalink=\"https:\/\/www.cisa-arica.cl\/wp1\/2023\/09\/25\/misa-a-la-chilena\/img_3632\/\" data-orig-file=\"https:\/\/www.cisa-arica.cl\/wp1\/wp-content\/uploads\/2023\/09\/IMG_3632.jpg\" data-orig-size=\"2048,1365\" data-comments-opened=\"0\" data-image-meta=\"{&quot;aperture&quot;:&quot;1.4&quot;,&quot;credit&quot;:&quot;Mahadeva Das&quot;,&quot;camera&quot;:&quot;Canon EOS 60D&quot;,&quot;caption&quot;:&quot;&quot;,&quot;created_timestamp&quot;:&quot;1694688143&quot;,&quot;copyright&quot;:&quot;osomahadev@hotmail.com         Funkerrante@Gmail.com&quot;,&quot;focal_length&quot;:&quot;50&quot;,&quot;iso&quot;:&quot;320&quot;,&quot;shutter_speed&quot;:&quot;0.0025&quot;,&quot;title&quot;:&quot;&quot;,&quot;orientation&quot;:&quot;0&quot;}\" data-image-title=\"IMG_3632\" data-image-description=\"\" data-image-caption=\"\" data-large-file=\"https:\/\/www.cisa-arica.cl\/wp1\/wp-content\/uploads\/2023\/09\/IMG_3632-600x400.jpg\" class=\"alignnone size-medium wp-image-22387\" src=\"http:\/\/www.cisa-arica.cl\/wp1\/wp-content\/uploads\/2023\/09\/IMG_3632-300x200.jpg\" alt=\"\" width=\"300\" height=\"200\" srcset=\"https:\/\/www.cisa-arica.cl\/wp1\/wp-content\/uploads\/2023\/09\/IMG_3632-300x200.jpg 300w, https:\/\/www.cisa-arica.cl\/wp1\/wp-content\/uploads\/2023\/09\/IMG_3632-600x400.jpg 600w, https:\/\/www.cisa-arica.cl\/wp1\/wp-content\/uploads\/2023\/09\/IMG_3632-768x512.jpg 768w, https:\/\/www.cisa-arica.cl\/wp1\/wp-content\/uploads\/2023\/09\/IMG_3632-1536x1024.jpg 1536w, https:\/\/www.cisa-arica.cl\/wp1\/wp-content\/uploads\/2023\/09\/IMG_3632.jpg 2048w\" sizes=\"auto, (max-width: 300px) 100vw, 300px\" \/> <img loading=\"lazy\" decoding=\"async\" data-attachment-id=\"22388\" data-permalink=\"https:\/\/www.cisa-arica.cl\/wp1\/2023\/09\/25\/misa-a-la-chilena\/img_3635\/\" data-orig-file=\"https:\/\/www.cisa-arica.cl\/wp1\/wp-content\/uploads\/2023\/09\/IMG_3635.jpg\" data-orig-size=\"2048,1365\" data-comments-opened=\"0\" data-image-meta=\"{&quot;aperture&quot;:&quot;1.4&quot;,&quot;credit&quot;:&quot;Mahadeva Das&quot;,&quot;camera&quot;:&quot;Canon EOS 60D&quot;,&quot;caption&quot;:&quot;&quot;,&quot;created_timestamp&quot;:&quot;1694688164&quot;,&quot;copyright&quot;:&quot;osomahadev@hotmail.com         Funkerrante@Gmail.com&quot;,&quot;focal_length&quot;:&quot;50&quot;,&quot;iso&quot;:&quot;320&quot;,&quot;shutter_speed&quot;:&quot;0.004&quot;,&quot;title&quot;:&quot;&quot;,&quot;orientation&quot;:&quot;0&quot;}\" data-image-title=\"IMG_3635\" data-image-description=\"\" data-image-caption=\"\" data-large-file=\"https:\/\/www.cisa-arica.cl\/wp1\/wp-content\/uploads\/2023\/09\/IMG_3635-600x400.jpg\" class=\"alignnone size-medium wp-image-22388\" src=\"http:\/\/www.cisa-arica.cl\/wp1\/wp-content\/uploads\/2023\/09\/IMG_3635-300x200.jpg\" alt=\"\" width=\"300\" height=\"200\" srcset=\"https:\/\/www.cisa-arica.cl\/wp1\/wp-content\/uploads\/2023\/09\/IMG_3635-300x200.jpg 300w, https:\/\/www.cisa-arica.cl\/wp1\/wp-content\/uploads\/2023\/09\/IMG_3635-600x400.jpg 600w, https:\/\/www.cisa-arica.cl\/wp1\/wp-content\/uploads\/2023\/09\/IMG_3635-768x512.jpg 768w, https:\/\/www.cisa-arica.cl\/wp1\/wp-content\/uploads\/2023\/09\/IMG_3635-1536x1024.jpg 1536w, https:\/\/www.cisa-arica.cl\/wp1\/wp-content\/uploads\/2023\/09\/IMG_3635.jpg 2048w\" sizes=\"auto, (max-width: 300px) 100vw, 300px\" \/> <img loading=\"lazy\" decoding=\"async\" data-attachment-id=\"22389\" data-permalink=\"https:\/\/www.cisa-arica.cl\/wp1\/2023\/09\/25\/misa-a-la-chilena\/img_3637\/\" data-orig-file=\"https:\/\/www.cisa-arica.cl\/wp1\/wp-content\/uploads\/2023\/09\/IMG_3637.jpg\" data-orig-size=\"2048,1365\" data-comments-opened=\"0\" data-image-meta=\"{&quot;aperture&quot;:&quot;1.4&quot;,&quot;credit&quot;:&quot;Mahadeva Das&quot;,&quot;camera&quot;:&quot;Canon EOS 60D&quot;,&quot;caption&quot;:&quot;&quot;,&quot;created_timestamp&quot;:&quot;1694688181&quot;,&quot;copyright&quot;:&quot;osomahadev@hotmail.com         Funkerrante@Gmail.com&quot;,&quot;focal_length&quot;:&quot;50&quot;,&quot;iso&quot;:&quot;320&quot;,&quot;shutter_speed&quot;:&quot;0.002&quot;,&quot;title&quot;:&quot;&quot;,&quot;orientation&quot;:&quot;0&quot;}\" data-image-title=\"IMG_3637\" data-image-description=\"\" data-image-caption=\"\" data-large-file=\"https:\/\/www.cisa-arica.cl\/wp1\/wp-content\/uploads\/2023\/09\/IMG_3637-600x400.jpg\" class=\"alignnone size-medium wp-image-22389\" src=\"http:\/\/www.cisa-arica.cl\/wp1\/wp-content\/uploads\/2023\/09\/IMG_3637-300x200.jpg\" alt=\"\" width=\"300\" height=\"200\" srcset=\"https:\/\/www.cisa-arica.cl\/wp1\/wp-content\/uploads\/2023\/09\/IMG_3637-300x200.jpg 300w, https:\/\/www.cisa-arica.cl\/wp1\/wp-content\/uploads\/2023\/09\/IMG_3637-600x400.jpg 600w, https:\/\/www.cisa-arica.cl\/wp1\/wp-content\/uploads\/2023\/09\/IMG_3637-768x512.jpg 768w, https:\/\/www.cisa-arica.cl\/wp1\/wp-content\/uploads\/2023\/09\/IMG_3637-1536x1024.jpg 1536w, https:\/\/www.cisa-arica.cl\/wp1\/wp-content\/uploads\/2023\/09\/IMG_3637.jpg 2048w\" sizes=\"auto, (max-width: 300px) 100vw, 300px\" \/> <img loading=\"lazy\" decoding=\"async\" data-attachment-id=\"22390\" data-permalink=\"https:\/\/www.cisa-arica.cl\/wp1\/2023\/09\/25\/misa-a-la-chilena\/img_3638\/\" data-orig-file=\"https:\/\/www.cisa-arica.cl\/wp1\/wp-content\/uploads\/2023\/09\/IMG_3638.jpg\" data-orig-size=\"2048,1365\" data-comments-opened=\"0\" data-image-meta=\"{&quot;aperture&quot;:&quot;1.4&quot;,&quot;credit&quot;:&quot;Mahadeva Das&quot;,&quot;camera&quot;:&quot;Canon EOS 60D&quot;,&quot;caption&quot;:&quot;&quot;,&quot;created_timestamp&quot;:&quot;1694688189&quot;,&quot;copyright&quot;:&quot;osomahadev@hotmail.com         Funkerrante@Gmail.com&quot;,&quot;focal_length&quot;:&quot;50&quot;,&quot;iso&quot;:&quot;320&quot;,&quot;shutter_speed&quot;:&quot;0.002&quot;,&quot;title&quot;:&quot;&quot;,&quot;orientation&quot;:&quot;0&quot;}\" data-image-title=\"IMG_3638\" data-image-description=\"\" data-image-caption=\"\" data-large-file=\"https:\/\/www.cisa-arica.cl\/wp1\/wp-content\/uploads\/2023\/09\/IMG_3638-600x400.jpg\" class=\"alignnone size-medium wp-image-22390\" src=\"http:\/\/www.cisa-arica.cl\/wp1\/wp-content\/uploads\/2023\/09\/IMG_3638-300x200.jpg\" alt=\"\" width=\"300\" height=\"200\" srcset=\"https:\/\/www.cisa-arica.cl\/wp1\/wp-content\/uploads\/2023\/09\/IMG_3638-300x200.jpg 300w, https:\/\/www.cisa-arica.cl\/wp1\/wp-content\/uploads\/2023\/09\/IMG_3638-600x400.jpg 600w, https:\/\/www.cisa-arica.cl\/wp1\/wp-content\/uploads\/2023\/09\/IMG_3638-768x512.jpg 768w, https:\/\/www.cisa-arica.cl\/wp1\/wp-content\/uploads\/2023\/09\/IMG_3638-1536x1024.jpg 1536w, https:\/\/www.cisa-arica.cl\/wp1\/wp-content\/uploads\/2023\/09\/IMG_3638.jpg 2048w\" sizes=\"auto, (max-width: 300px) 100vw, 300px\" \/> <img loading=\"lazy\" decoding=\"async\" data-attachment-id=\"22391\" data-permalink=\"https:\/\/www.cisa-arica.cl\/wp1\/2023\/09\/25\/misa-a-la-chilena\/img_3639\/\" data-orig-file=\"https:\/\/www.cisa-arica.cl\/wp1\/wp-content\/uploads\/2023\/09\/IMG_3639.jpg\" data-orig-size=\"2048,1365\" data-comments-opened=\"0\" data-image-meta=\"{&quot;aperture&quot;:&quot;1.4&quot;,&quot;credit&quot;:&quot;Mahadeva Das&quot;,&quot;camera&quot;:&quot;Canon EOS 60D&quot;,&quot;caption&quot;:&quot;&quot;,&quot;created_timestamp&quot;:&quot;1694688194&quot;,&quot;copyright&quot;:&quot;osomahadev@hotmail.com         Funkerrante@Gmail.com&quot;,&quot;focal_length&quot;:&quot;50&quot;,&quot;iso&quot;:&quot;320&quot;,&quot;shutter_speed&quot;:&quot;0.002&quot;,&quot;title&quot;:&quot;&quot;,&quot;orientation&quot;:&quot;0&quot;}\" data-image-title=\"IMG_3639\" data-image-description=\"\" data-image-caption=\"\" data-large-file=\"https:\/\/www.cisa-arica.cl\/wp1\/wp-content\/uploads\/2023\/09\/IMG_3639-600x400.jpg\" class=\"alignnone size-medium wp-image-22391\" src=\"http:\/\/www.cisa-arica.cl\/wp1\/wp-content\/uploads\/2023\/09\/IMG_3639-300x200.jpg\" alt=\"\" width=\"300\" height=\"200\" srcset=\"https:\/\/www.cisa-arica.cl\/wp1\/wp-content\/uploads\/2023\/09\/IMG_3639-300x200.jpg 300w, https:\/\/www.cisa-arica.cl\/wp1\/wp-content\/uploads\/2023\/09\/IMG_3639-600x400.jpg 600w, https:\/\/www.cisa-arica.cl\/wp1\/wp-content\/uploads\/2023\/09\/IMG_3639-768x512.jpg 768w, https:\/\/www.cisa-arica.cl\/wp1\/wp-content\/uploads\/2023\/09\/IMG_3639-1536x1024.jpg 1536w, https:\/\/www.cisa-arica.cl\/wp1\/wp-content\/uploads\/2023\/09\/IMG_3639.jpg 2048w\" sizes=\"auto, (max-width: 300px) 100vw, 300px\" \/> <img loading=\"lazy\" decoding=\"async\" data-attachment-id=\"22392\" data-permalink=\"https:\/\/www.cisa-arica.cl\/wp1\/2023\/09\/25\/misa-a-la-chilena\/img_3640\/\" data-orig-file=\"https:\/\/www.cisa-arica.cl\/wp1\/wp-content\/uploads\/2023\/09\/IMG_3640.jpg\" data-orig-size=\"2048,1365\" data-comments-opened=\"0\" data-image-meta=\"{&quot;aperture&quot;:&quot;1.4&quot;,&quot;credit&quot;:&quot;Mahadeva Das&quot;,&quot;camera&quot;:&quot;Canon EOS 60D&quot;,&quot;caption&quot;:&quot;&quot;,&quot;created_timestamp&quot;:&quot;1694688199&quot;,&quot;copyright&quot;:&quot;osomahadev@hotmail.com         Funkerrante@Gmail.com&quot;,&quot;focal_length&quot;:&quot;50&quot;,&quot;iso&quot;:&quot;320&quot;,&quot;shutter_speed&quot;:&quot;0.002&quot;,&quot;title&quot;:&quot;&quot;,&quot;orientation&quot;:&quot;0&quot;}\" data-image-title=\"IMG_3640\" data-image-description=\"\" data-image-caption=\"\" data-large-file=\"https:\/\/www.cisa-arica.cl\/wp1\/wp-content\/uploads\/2023\/09\/IMG_3640-600x400.jpg\" class=\"alignnone size-medium wp-image-22392\" src=\"http:\/\/www.cisa-arica.cl\/wp1\/wp-content\/uploads\/2023\/09\/IMG_3640-300x200.jpg\" alt=\"\" width=\"300\" height=\"200\" srcset=\"https:\/\/www.cisa-arica.cl\/wp1\/wp-content\/uploads\/2023\/09\/IMG_3640-300x200.jpg 300w, https:\/\/www.cisa-arica.cl\/wp1\/wp-content\/uploads\/2023\/09\/IMG_3640-600x400.jpg 600w, https:\/\/www.cisa-arica.cl\/wp1\/wp-content\/uploads\/2023\/09\/IMG_3640-768x512.jpg 768w, https:\/\/www.cisa-arica.cl\/wp1\/wp-content\/uploads\/2023\/09\/IMG_3640-1536x1024.jpg 1536w, https:\/\/www.cisa-arica.cl\/wp1\/wp-content\/uploads\/2023\/09\/IMG_3640.jpg 2048w\" sizes=\"auto, (max-width: 300px) 100vw, 300px\" \/> <img loading=\"lazy\" decoding=\"async\" data-attachment-id=\"22393\" data-permalink=\"https:\/\/www.cisa-arica.cl\/wp1\/2023\/09\/25\/misa-a-la-chilena\/img_3641\/\" data-orig-file=\"https:\/\/www.cisa-arica.cl\/wp1\/wp-content\/uploads\/2023\/09\/IMG_3641.jpg\" data-orig-size=\"2048,1365\" data-comments-opened=\"0\" data-image-meta=\"{&quot;aperture&quot;:&quot;1.4&quot;,&quot;credit&quot;:&quot;Mahadeva Das&quot;,&quot;camera&quot;:&quot;Canon EOS 60D&quot;,&quot;caption&quot;:&quot;&quot;,&quot;created_timestamp&quot;:&quot;1694688218&quot;,&quot;copyright&quot;:&quot;osomahadev@hotmail.com         Funkerrante@Gmail.com&quot;,&quot;focal_length&quot;:&quot;50&quot;,&quot;iso&quot;:&quot;320&quot;,&quot;shutter_speed&quot;:&quot;0.0025&quot;,&quot;title&quot;:&quot;&quot;,&quot;orientation&quot;:&quot;0&quot;}\" data-image-title=\"IMG_3641\" data-image-description=\"\" data-image-caption=\"\" data-large-file=\"https:\/\/www.cisa-arica.cl\/wp1\/wp-content\/uploads\/2023\/09\/IMG_3641-600x400.jpg\" class=\"alignnone size-medium wp-image-22393\" src=\"http:\/\/www.cisa-arica.cl\/wp1\/wp-content\/uploads\/2023\/09\/IMG_3641-300x200.jpg\" alt=\"\" width=\"300\" height=\"200\" srcset=\"https:\/\/www.cisa-arica.cl\/wp1\/wp-content\/uploads\/2023\/09\/IMG_3641-300x200.jpg 300w, https:\/\/www.cisa-arica.cl\/wp1\/wp-content\/uploads\/2023\/09\/IMG_3641-600x400.jpg 600w, https:\/\/www.cisa-arica.cl\/wp1\/wp-content\/uploads\/2023\/09\/IMG_3641-768x512.jpg 768w, https:\/\/www.cisa-arica.cl\/wp1\/wp-content\/uploads\/2023\/09\/IMG_3641-1536x1024.jpg 1536w, https:\/\/www.cisa-arica.cl\/wp1\/wp-content\/uploads\/2023\/09\/IMG_3641.jpg 2048w\" sizes=\"auto, (max-width: 300px) 100vw, 300px\" \/> <img loading=\"lazy\" decoding=\"async\" data-attachment-id=\"22394\" data-permalink=\"https:\/\/www.cisa-arica.cl\/wp1\/2023\/09\/25\/misa-a-la-chilena\/img_3642\/\" data-orig-file=\"https:\/\/www.cisa-arica.cl\/wp1\/wp-content\/uploads\/2023\/09\/IMG_3642.jpg\" data-orig-size=\"2048,1365\" data-comments-opened=\"0\" data-image-meta=\"{&quot;aperture&quot;:&quot;1.4&quot;,&quot;credit&quot;:&quot;Mahadeva Das&quot;,&quot;camera&quot;:&quot;Canon EOS 60D&quot;,&quot;caption&quot;:&quot;&quot;,&quot;created_timestamp&quot;:&quot;1694688227&quot;,&quot;copyright&quot;:&quot;osomahadev@hotmail.com         Funkerrante@Gmail.com&quot;,&quot;focal_length&quot;:&quot;50&quot;,&quot;iso&quot;:&quot;320&quot;,&quot;shutter_speed&quot;:&quot;0.0025&quot;,&quot;title&quot;:&quot;&quot;,&quot;orientation&quot;:&quot;0&quot;}\" data-image-title=\"IMG_3642\" data-image-description=\"\" data-image-caption=\"\" data-large-file=\"https:\/\/www.cisa-arica.cl\/wp1\/wp-content\/uploads\/2023\/09\/IMG_3642-600x400.jpg\" class=\"alignnone size-medium wp-image-22394\" src=\"http:\/\/www.cisa-arica.cl\/wp1\/wp-content\/uploads\/2023\/09\/IMG_3642-300x200.jpg\" alt=\"\" width=\"300\" height=\"200\" srcset=\"https:\/\/www.cisa-arica.cl\/wp1\/wp-content\/uploads\/2023\/09\/IMG_3642-300x200.jpg 300w, https:\/\/www.cisa-arica.cl\/wp1\/wp-content\/uploads\/2023\/09\/IMG_3642-600x400.jpg 600w, https:\/\/www.cisa-arica.cl\/wp1\/wp-content\/uploads\/2023\/09\/IMG_3642-768x512.jpg 768w, https:\/\/www.cisa-arica.cl\/wp1\/wp-content\/uploads\/2023\/09\/IMG_3642-1536x1024.jpg 1536w, https:\/\/www.cisa-arica.cl\/wp1\/wp-content\/uploads\/2023\/09\/IMG_3642.jpg 2048w\" sizes=\"auto, (max-width: 300px) 100vw, 300px\" \/> <img loading=\"lazy\" decoding=\"async\" data-attachment-id=\"22395\" data-permalink=\"https:\/\/www.cisa-arica.cl\/wp1\/2023\/09\/25\/misa-a-la-chilena\/img_3644\/\" data-orig-file=\"https:\/\/www.cisa-arica.cl\/wp1\/wp-content\/uploads\/2023\/09\/IMG_3644.jpg\" data-orig-size=\"2048,1365\" data-comments-opened=\"0\" data-image-meta=\"{&quot;aperture&quot;:&quot;1.4&quot;,&quot;credit&quot;:&quot;Mahadeva Das&quot;,&quot;camera&quot;:&quot;Canon EOS 60D&quot;,&quot;caption&quot;:&quot;&quot;,&quot;created_timestamp&quot;:&quot;1694688463&quot;,&quot;copyright&quot;:&quot;osomahadev@hotmail.com         Funkerrante@Gmail.com&quot;,&quot;focal_length&quot;:&quot;50&quot;,&quot;iso&quot;:&quot;400&quot;,&quot;shutter_speed&quot;:&quot;0.003125&quot;,&quot;title&quot;:&quot;&quot;,&quot;orientation&quot;:&quot;0&quot;}\" data-image-title=\"IMG_3644\" data-image-description=\"\" data-image-caption=\"\" data-large-file=\"https:\/\/www.cisa-arica.cl\/wp1\/wp-content\/uploads\/2023\/09\/IMG_3644-600x400.jpg\" class=\"alignnone size-medium wp-image-22395\" src=\"http:\/\/www.cisa-arica.cl\/wp1\/wp-content\/uploads\/2023\/09\/IMG_3644-300x200.jpg\" alt=\"\" width=\"300\" height=\"200\" srcset=\"https:\/\/www.cisa-arica.cl\/wp1\/wp-content\/uploads\/2023\/09\/IMG_3644-300x200.jpg 300w, https:\/\/www.cisa-arica.cl\/wp1\/wp-content\/uploads\/2023\/09\/IMG_3644-600x400.jpg 600w, https:\/\/www.cisa-arica.cl\/wp1\/wp-content\/uploads\/2023\/09\/IMG_3644-768x512.jpg 768w, https:\/\/www.cisa-arica.cl\/wp1\/wp-content\/uploads\/2023\/09\/IMG_3644-1536x1024.jpg 1536w, https:\/\/www.cisa-arica.cl\/wp1\/wp-content\/uploads\/2023\/09\/IMG_3644.jpg 2048w\" sizes=\"auto, (max-width: 300px) 100vw, 300px\" \/> <img loading=\"lazy\" decoding=\"async\" data-attachment-id=\"22396\" data-permalink=\"https:\/\/www.cisa-arica.cl\/wp1\/2023\/09\/25\/misa-a-la-chilena\/img_3646\/\" data-orig-file=\"https:\/\/www.cisa-arica.cl\/wp1\/wp-content\/uploads\/2023\/09\/IMG_3646.jpg\" data-orig-size=\"2048,1365\" data-comments-opened=\"0\" data-image-meta=\"{&quot;aperture&quot;:&quot;1.4&quot;,&quot;credit&quot;:&quot;Mahadeva Das&quot;,&quot;camera&quot;:&quot;Canon EOS 60D&quot;,&quot;caption&quot;:&quot;&quot;,&quot;created_timestamp&quot;:&quot;1694688580&quot;,&quot;copyright&quot;:&quot;osomahadev@hotmail.com         Funkerrante@Gmail.com&quot;,&quot;focal_length&quot;:&quot;50&quot;,&quot;iso&quot;:&quot;400&quot;,&quot;shutter_speed&quot;:&quot;0.004&quot;,&quot;title&quot;:&quot;&quot;,&quot;orientation&quot;:&quot;0&quot;}\" data-image-title=\"IMG_3646\" data-image-description=\"\" data-image-caption=\"\" data-large-file=\"https:\/\/www.cisa-arica.cl\/wp1\/wp-content\/uploads\/2023\/09\/IMG_3646-600x400.jpg\" class=\"alignnone size-medium wp-image-22396\" src=\"http:\/\/www.cisa-arica.cl\/wp1\/wp-content\/uploads\/2023\/09\/IMG_3646-300x200.jpg\" alt=\"\" width=\"300\" height=\"200\" srcset=\"https:\/\/www.cisa-arica.cl\/wp1\/wp-content\/uploads\/2023\/09\/IMG_3646-300x200.jpg 300w, https:\/\/www.cisa-arica.cl\/wp1\/wp-content\/uploads\/2023\/09\/IMG_3646-600x400.jpg 600w, https:\/\/www.cisa-arica.cl\/wp1\/wp-content\/uploads\/2023\/09\/IMG_3646-768x512.jpg 768w, https:\/\/www.cisa-arica.cl\/wp1\/wp-content\/uploads\/2023\/09\/IMG_3646-1536x1024.jpg 1536w, https:\/\/www.cisa-arica.cl\/wp1\/wp-content\/uploads\/2023\/09\/IMG_3646.jpg 2048w\" sizes=\"auto, (max-width: 300px) 100vw, 300px\" \/> <img loading=\"lazy\" decoding=\"async\" data-attachment-id=\"22397\" data-permalink=\"https:\/\/www.cisa-arica.cl\/wp1\/2023\/09\/25\/misa-a-la-chilena\/img_3647\/\" data-orig-file=\"https:\/\/www.cisa-arica.cl\/wp1\/wp-content\/uploads\/2023\/09\/IMG_3647.jpg\" data-orig-size=\"2048,1365\" data-comments-opened=\"0\" data-image-meta=\"{&quot;aperture&quot;:&quot;1.4&quot;,&quot;credit&quot;:&quot;Mahadeva Das&quot;,&quot;camera&quot;:&quot;Canon EOS 60D&quot;,&quot;caption&quot;:&quot;&quot;,&quot;created_timestamp&quot;:&quot;1694688600&quot;,&quot;copyright&quot;:&quot;osomahadev@hotmail.com         Funkerrante@Gmail.com&quot;,&quot;focal_length&quot;:&quot;50&quot;,&quot;iso&quot;:&quot;400&quot;,&quot;shutter_speed&quot;:&quot;0.005&quot;,&quot;title&quot;:&quot;&quot;,&quot;orientation&quot;:&quot;0&quot;}\" data-image-title=\"IMG_3647\" data-image-description=\"\" data-image-caption=\"\" data-large-file=\"https:\/\/www.cisa-arica.cl\/wp1\/wp-content\/uploads\/2023\/09\/IMG_3647-600x400.jpg\" class=\"alignnone size-medium wp-image-22397\" src=\"http:\/\/www.cisa-arica.cl\/wp1\/wp-content\/uploads\/2023\/09\/IMG_3647-300x200.jpg\" alt=\"\" width=\"300\" height=\"200\" srcset=\"https:\/\/www.cisa-arica.cl\/wp1\/wp-content\/uploads\/2023\/09\/IMG_3647-300x200.jpg 300w, https:\/\/www.cisa-arica.cl\/wp1\/wp-content\/uploads\/2023\/09\/IMG_3647-600x400.jpg 600w, https:\/\/www.cisa-arica.cl\/wp1\/wp-content\/uploads\/2023\/09\/IMG_3647-768x512.jpg 768w, https:\/\/www.cisa-arica.cl\/wp1\/wp-content\/uploads\/2023\/09\/IMG_3647-1536x1024.jpg 1536w, https:\/\/www.cisa-arica.cl\/wp1\/wp-content\/uploads\/2023\/09\/IMG_3647.jpg 2048w\" sizes=\"auto, (max-width: 300px) 100vw, 300px\" \/> <img loading=\"lazy\" decoding=\"async\" data-attachment-id=\"22398\" data-permalink=\"https:\/\/www.cisa-arica.cl\/wp1\/2023\/09\/25\/misa-a-la-chilena\/img_3649\/\" data-orig-file=\"https:\/\/www.cisa-arica.cl\/wp1\/wp-content\/uploads\/2023\/09\/IMG_3649.jpg\" data-orig-size=\"2048,1365\" data-comments-opened=\"0\" data-image-meta=\"{&quot;aperture&quot;:&quot;1.4&quot;,&quot;credit&quot;:&quot;Mahadeva Das&quot;,&quot;camera&quot;:&quot;Canon EOS 60D&quot;,&quot;caption&quot;:&quot;&quot;,&quot;created_timestamp&quot;:&quot;1694688930&quot;,&quot;copyright&quot;:&quot;osomahadev@hotmail.com         Funkerrante@Gmail.com&quot;,&quot;focal_length&quot;:&quot;50&quot;,&quot;iso&quot;:&quot;400&quot;,&quot;shutter_speed&quot;:&quot;0.003125&quot;,&quot;title&quot;:&quot;&quot;,&quot;orientation&quot;:&quot;0&quot;}\" data-image-title=\"IMG_3649\" data-image-description=\"\" data-image-caption=\"\" data-large-file=\"https:\/\/www.cisa-arica.cl\/wp1\/wp-content\/uploads\/2023\/09\/IMG_3649-600x400.jpg\" class=\"alignnone size-medium wp-image-22398\" src=\"http:\/\/www.cisa-arica.cl\/wp1\/wp-content\/uploads\/2023\/09\/IMG_3649-300x200.jpg\" alt=\"\" width=\"300\" height=\"200\" srcset=\"https:\/\/www.cisa-arica.cl\/wp1\/wp-content\/uploads\/2023\/09\/IMG_3649-300x200.jpg 300w, https:\/\/www.cisa-arica.cl\/wp1\/wp-content\/uploads\/2023\/09\/IMG_3649-600x400.jpg 600w, https:\/\/www.cisa-arica.cl\/wp1\/wp-content\/uploads\/2023\/09\/IMG_3649-768x512.jpg 768w, https:\/\/www.cisa-arica.cl\/wp1\/wp-content\/uploads\/2023\/09\/IMG_3649-1536x1024.jpg 1536w, https:\/\/www.cisa-arica.cl\/wp1\/wp-content\/uploads\/2023\/09\/IMG_3649.jpg 2048w\" sizes=\"auto, (max-width: 300px) 100vw, 300px\" \/> <img loading=\"lazy\" decoding=\"async\" data-attachment-id=\"22399\" data-permalink=\"https:\/\/www.cisa-arica.cl\/wp1\/2023\/09\/25\/misa-a-la-chilena\/img_3650\/\" data-orig-file=\"https:\/\/www.cisa-arica.cl\/wp1\/wp-content\/uploads\/2023\/09\/IMG_3650.jpg\" data-orig-size=\"2048,1365\" data-comments-opened=\"0\" data-image-meta=\"{&quot;aperture&quot;:&quot;1.4&quot;,&quot;credit&quot;:&quot;Mahadeva Das&quot;,&quot;camera&quot;:&quot;Canon EOS 60D&quot;,&quot;caption&quot;:&quot;&quot;,&quot;created_timestamp&quot;:&quot;1694688995&quot;,&quot;copyright&quot;:&quot;osomahadev@hotmail.com         Funkerrante@Gmail.com&quot;,&quot;focal_length&quot;:&quot;50&quot;,&quot;iso&quot;:&quot;400&quot;,&quot;shutter_speed&quot;:&quot;0.004&quot;,&quot;title&quot;:&quot;&quot;,&quot;orientation&quot;:&quot;0&quot;}\" data-image-title=\"IMG_3650\" data-image-description=\"\" data-image-caption=\"\" data-large-file=\"https:\/\/www.cisa-arica.cl\/wp1\/wp-content\/uploads\/2023\/09\/IMG_3650-600x400.jpg\" class=\"alignnone size-medium wp-image-22399\" src=\"http:\/\/www.cisa-arica.cl\/wp1\/wp-content\/uploads\/2023\/09\/IMG_3650-300x200.jpg\" alt=\"\" width=\"300\" height=\"200\" srcset=\"https:\/\/www.cisa-arica.cl\/wp1\/wp-content\/uploads\/2023\/09\/IMG_3650-300x200.jpg 300w, https:\/\/www.cisa-arica.cl\/wp1\/wp-content\/uploads\/2023\/09\/IMG_3650-600x400.jpg 600w, https:\/\/www.cisa-arica.cl\/wp1\/wp-content\/uploads\/2023\/09\/IMG_3650-768x512.jpg 768w, https:\/\/www.cisa-arica.cl\/wp1\/wp-content\/uploads\/2023\/09\/IMG_3650-1536x1024.jpg 1536w, https:\/\/www.cisa-arica.cl\/wp1\/wp-content\/uploads\/2023\/09\/IMG_3650.jpg 2048w\" sizes=\"auto, (max-width: 300px) 100vw, 300px\" \/> <img loading=\"lazy\" decoding=\"async\" data-attachment-id=\"22400\" data-permalink=\"https:\/\/www.cisa-arica.cl\/wp1\/2023\/09\/25\/misa-a-la-chilena\/img_3653\/\" data-orig-file=\"https:\/\/www.cisa-arica.cl\/wp1\/wp-content\/uploads\/2023\/09\/IMG_3653.jpg\" data-orig-size=\"2048,1365\" data-comments-opened=\"0\" data-image-meta=\"{&quot;aperture&quot;:&quot;1.4&quot;,&quot;credit&quot;:&quot;Mahadeva Das&quot;,&quot;camera&quot;:&quot;Canon EOS 60D&quot;,&quot;caption&quot;:&quot;&quot;,&quot;created_timestamp&quot;:&quot;1694689527&quot;,&quot;copyright&quot;:&quot;osomahadev@hotmail.com         Funkerrante@Gmail.com&quot;,&quot;focal_length&quot;:&quot;50&quot;,&quot;iso&quot;:&quot;400&quot;,&quot;shutter_speed&quot;:&quot;0.002&quot;,&quot;title&quot;:&quot;&quot;,&quot;orientation&quot;:&quot;0&quot;}\" data-image-title=\"IMG_3653\" data-image-description=\"\" data-image-caption=\"\" data-large-file=\"https:\/\/www.cisa-arica.cl\/wp1\/wp-content\/uploads\/2023\/09\/IMG_3653-600x400.jpg\" class=\"alignnone size-medium wp-image-22400\" src=\"http:\/\/www.cisa-arica.cl\/wp1\/wp-content\/uploads\/2023\/09\/IMG_3653-300x200.jpg\" alt=\"\" width=\"300\" height=\"200\" srcset=\"https:\/\/www.cisa-arica.cl\/wp1\/wp-content\/uploads\/2023\/09\/IMG_3653-300x200.jpg 300w, https:\/\/www.cisa-arica.cl\/wp1\/wp-content\/uploads\/2023\/09\/IMG_3653-600x400.jpg 600w, https:\/\/www.cisa-arica.cl\/wp1\/wp-content\/uploads\/2023\/09\/IMG_3653-768x512.jpg 768w, https:\/\/www.cisa-arica.cl\/wp1\/wp-content\/uploads\/2023\/09\/IMG_3653-1536x1024.jpg 1536w, https:\/\/www.cisa-arica.cl\/wp1\/wp-content\/uploads\/2023\/09\/IMG_3653.jpg 2048w\" sizes=\"auto, (max-width: 300px) 100vw, 300px\" \/> <img loading=\"lazy\" decoding=\"async\" data-attachment-id=\"22401\" data-permalink=\"https:\/\/www.cisa-arica.cl\/wp1\/2023\/09\/25\/misa-a-la-chilena\/img_3657\/\" data-orig-file=\"https:\/\/www.cisa-arica.cl\/wp1\/wp-content\/uploads\/2023\/09\/IMG_3657.jpg\" data-orig-size=\"2048,1365\" data-comments-opened=\"0\" data-image-meta=\"{&quot;aperture&quot;:&quot;1.4&quot;,&quot;credit&quot;:&quot;Mahadeva Das&quot;,&quot;camera&quot;:&quot;Canon EOS 60D&quot;,&quot;caption&quot;:&quot;&quot;,&quot;created_timestamp&quot;:&quot;1694689597&quot;,&quot;copyright&quot;:&quot;osomahadev@hotmail.com         Funkerrante@Gmail.com&quot;,&quot;focal_length&quot;:&quot;50&quot;,&quot;iso&quot;:&quot;400&quot;,&quot;shutter_speed&quot;:&quot;0.0015625&quot;,&quot;title&quot;:&quot;&quot;,&quot;orientation&quot;:&quot;0&quot;}\" data-image-title=\"IMG_3657\" data-image-description=\"\" data-image-caption=\"\" data-large-file=\"https:\/\/www.cisa-arica.cl\/wp1\/wp-content\/uploads\/2023\/09\/IMG_3657-600x400.jpg\" class=\"alignnone size-medium wp-image-22401\" src=\"http:\/\/www.cisa-arica.cl\/wp1\/wp-content\/uploads\/2023\/09\/IMG_3657-300x200.jpg\" alt=\"\" width=\"300\" height=\"200\" srcset=\"https:\/\/www.cisa-arica.cl\/wp1\/wp-content\/uploads\/2023\/09\/IMG_3657-300x200.jpg 300w, https:\/\/www.cisa-arica.cl\/wp1\/wp-content\/uploads\/2023\/09\/IMG_3657-600x400.jpg 600w, https:\/\/www.cisa-arica.cl\/wp1\/wp-content\/uploads\/2023\/09\/IMG_3657-768x512.jpg 768w, https:\/\/www.cisa-arica.cl\/wp1\/wp-content\/uploads\/2023\/09\/IMG_3657-1536x1024.jpg 1536w, https:\/\/www.cisa-arica.cl\/wp1\/wp-content\/uploads\/2023\/09\/IMG_3657.jpg 2048w\" sizes=\"auto, (max-width: 300px) 100vw, 300px\" \/> <img loading=\"lazy\" decoding=\"async\" data-attachment-id=\"22402\" data-permalink=\"https:\/\/www.cisa-arica.cl\/wp1\/2023\/09\/25\/misa-a-la-chilena\/img_3660\/\" data-orig-file=\"https:\/\/www.cisa-arica.cl\/wp1\/wp-content\/uploads\/2023\/09\/IMG_3660.jpg\" data-orig-size=\"2048,1365\" data-comments-opened=\"0\" data-image-meta=\"{&quot;aperture&quot;:&quot;1.4&quot;,&quot;credit&quot;:&quot;Mahadeva Das&quot;,&quot;camera&quot;:&quot;Canon EOS 60D&quot;,&quot;caption&quot;:&quot;&quot;,&quot;created_timestamp&quot;:&quot;1694689632&quot;,&quot;copyright&quot;:&quot;osomahadev@hotmail.com         Funkerrante@Gmail.com&quot;,&quot;focal_length&quot;:&quot;50&quot;,&quot;iso&quot;:&quot;400&quot;,&quot;shutter_speed&quot;:&quot;0.0015625&quot;,&quot;title&quot;:&quot;&quot;,&quot;orientation&quot;:&quot;0&quot;}\" data-image-title=\"IMG_3660\" data-image-description=\"\" data-image-caption=\"\" data-large-file=\"https:\/\/www.cisa-arica.cl\/wp1\/wp-content\/uploads\/2023\/09\/IMG_3660-600x400.jpg\" class=\"alignnone size-medium wp-image-22402\" src=\"http:\/\/www.cisa-arica.cl\/wp1\/wp-content\/uploads\/2023\/09\/IMG_3660-300x200.jpg\" alt=\"\" width=\"300\" height=\"200\" srcset=\"https:\/\/www.cisa-arica.cl\/wp1\/wp-content\/uploads\/2023\/09\/IMG_3660-300x200.jpg 300w, https:\/\/www.cisa-arica.cl\/wp1\/wp-content\/uploads\/2023\/09\/IMG_3660-600x400.jpg 600w, https:\/\/www.cisa-arica.cl\/wp1\/wp-content\/uploads\/2023\/09\/IMG_3660-768x512.jpg 768w, https:\/\/www.cisa-arica.cl\/wp1\/wp-content\/uploads\/2023\/09\/IMG_3660-1536x1024.jpg 1536w, https:\/\/www.cisa-arica.cl\/wp1\/wp-content\/uploads\/2023\/09\/IMG_3660.jpg 2048w\" sizes=\"auto, (max-width: 300px) 100vw, 300px\" \/> <img loading=\"lazy\" decoding=\"async\" data-attachment-id=\"22403\" data-permalink=\"https:\/\/www.cisa-arica.cl\/wp1\/2023\/09\/25\/misa-a-la-chilena\/img_3661\/\" data-orig-file=\"https:\/\/www.cisa-arica.cl\/wp1\/wp-content\/uploads\/2023\/09\/IMG_3661.jpg\" data-orig-size=\"2048,1365\" data-comments-opened=\"0\" data-image-meta=\"{&quot;aperture&quot;:&quot;1.4&quot;,&quot;credit&quot;:&quot;Mahadeva Das&quot;,&quot;camera&quot;:&quot;Canon EOS 60D&quot;,&quot;caption&quot;:&quot;&quot;,&quot;created_timestamp&quot;:&quot;1694689720&quot;,&quot;copyright&quot;:&quot;osomahadev@hotmail.com         Funkerrante@Gmail.com&quot;,&quot;focal_length&quot;:&quot;50&quot;,&quot;iso&quot;:&quot;400&quot;,&quot;shutter_speed&quot;:&quot;0.0015625&quot;,&quot;title&quot;:&quot;&quot;,&quot;orientation&quot;:&quot;0&quot;}\" data-image-title=\"IMG_3661\" data-image-description=\"\" data-image-caption=\"\" data-large-file=\"https:\/\/www.cisa-arica.cl\/wp1\/wp-content\/uploads\/2023\/09\/IMG_3661-600x400.jpg\" class=\"alignnone size-medium wp-image-22403\" src=\"http:\/\/www.cisa-arica.cl\/wp1\/wp-content\/uploads\/2023\/09\/IMG_3661-300x200.jpg\" alt=\"\" width=\"300\" height=\"200\" srcset=\"https:\/\/www.cisa-arica.cl\/wp1\/wp-content\/uploads\/2023\/09\/IMG_3661-300x200.jpg 300w, https:\/\/www.cisa-arica.cl\/wp1\/wp-content\/uploads\/2023\/09\/IMG_3661-600x400.jpg 600w, https:\/\/www.cisa-arica.cl\/wp1\/wp-content\/uploads\/2023\/09\/IMG_3661-768x512.jpg 768w, https:\/\/www.cisa-arica.cl\/wp1\/wp-content\/uploads\/2023\/09\/IMG_3661-1536x1024.jpg 1536w, https:\/\/www.cisa-arica.cl\/wp1\/wp-content\/uploads\/2023\/09\/IMG_3661.jpg 2048w\" sizes=\"auto, (max-width: 300px) 100vw, 300px\" \/> <img loading=\"lazy\" decoding=\"async\" data-attachment-id=\"22404\" data-permalink=\"https:\/\/www.cisa-arica.cl\/wp1\/2023\/09\/25\/misa-a-la-chilena\/img_3663\/\" data-orig-file=\"https:\/\/www.cisa-arica.cl\/wp1\/wp-content\/uploads\/2023\/09\/IMG_3663.jpg\" data-orig-size=\"2048,1365\" data-comments-opened=\"0\" data-image-meta=\"{&quot;aperture&quot;:&quot;1.4&quot;,&quot;credit&quot;:&quot;Mahadeva Das&quot;,&quot;camera&quot;:&quot;Canon EOS 60D&quot;,&quot;caption&quot;:&quot;&quot;,&quot;created_timestamp&quot;:&quot;1694689732&quot;,&quot;copyright&quot;:&quot;osomahadev@hotmail.com         Funkerrante@Gmail.com&quot;,&quot;focal_length&quot;:&quot;50&quot;,&quot;iso&quot;:&quot;400&quot;,&quot;shutter_speed&quot;:&quot;0.002&quot;,&quot;title&quot;:&quot;&quot;,&quot;orientation&quot;:&quot;0&quot;}\" data-image-title=\"IMG_3663\" data-image-description=\"\" data-image-caption=\"\" data-large-file=\"https:\/\/www.cisa-arica.cl\/wp1\/wp-content\/uploads\/2023\/09\/IMG_3663-600x400.jpg\" class=\"alignnone size-medium wp-image-22404\" src=\"http:\/\/www.cisa-arica.cl\/wp1\/wp-content\/uploads\/2023\/09\/IMG_3663-300x200.jpg\" alt=\"\" width=\"300\" height=\"200\" srcset=\"https:\/\/www.cisa-arica.cl\/wp1\/wp-content\/uploads\/2023\/09\/IMG_3663-300x200.jpg 300w, https:\/\/www.cisa-arica.cl\/wp1\/wp-content\/uploads\/2023\/09\/IMG_3663-600x400.jpg 600w, https:\/\/www.cisa-arica.cl\/wp1\/wp-content\/uploads\/2023\/09\/IMG_3663-768x512.jpg 768w, https:\/\/www.cisa-arica.cl\/wp1\/wp-content\/uploads\/2023\/09\/IMG_3663-1536x1024.jpg 1536w, https:\/\/www.cisa-arica.cl\/wp1\/wp-content\/uploads\/2023\/09\/IMG_3663.jpg 2048w\" sizes=\"auto, (max-width: 300px) 100vw, 300px\" \/> <img loading=\"lazy\" decoding=\"async\" data-attachment-id=\"22405\" data-permalink=\"https:\/\/www.cisa-arica.cl\/wp1\/2023\/09\/25\/misa-a-la-chilena\/img_3664\/\" data-orig-file=\"https:\/\/www.cisa-arica.cl\/wp1\/wp-content\/uploads\/2023\/09\/IMG_3664.jpg\" data-orig-size=\"2048,1365\" data-comments-opened=\"0\" data-image-meta=\"{&quot;aperture&quot;:&quot;1.4&quot;,&quot;credit&quot;:&quot;Mahadeva Das&quot;,&quot;camera&quot;:&quot;Canon EOS 60D&quot;,&quot;caption&quot;:&quot;&quot;,&quot;created_timestamp&quot;:&quot;1694689745&quot;,&quot;copyright&quot;:&quot;osomahadev@hotmail.com         Funkerrante@Gmail.com&quot;,&quot;focal_length&quot;:&quot;50&quot;,&quot;iso&quot;:&quot;400&quot;,&quot;shutter_speed&quot;:&quot;0.002&quot;,&quot;title&quot;:&quot;&quot;,&quot;orientation&quot;:&quot;0&quot;}\" data-image-title=\"IMG_3664\" data-image-description=\"\" data-image-caption=\"\" data-large-file=\"https:\/\/www.cisa-arica.cl\/wp1\/wp-content\/uploads\/2023\/09\/IMG_3664-600x400.jpg\" class=\"alignnone size-medium wp-image-22405\" src=\"http:\/\/www.cisa-arica.cl\/wp1\/wp-content\/uploads\/2023\/09\/IMG_3664-300x200.jpg\" alt=\"\" width=\"300\" height=\"200\" srcset=\"https:\/\/www.cisa-arica.cl\/wp1\/wp-content\/uploads\/2023\/09\/IMG_3664-300x200.jpg 300w, https:\/\/www.cisa-arica.cl\/wp1\/wp-content\/uploads\/2023\/09\/IMG_3664-600x400.jpg 600w, https:\/\/www.cisa-arica.cl\/wp1\/wp-content\/uploads\/2023\/09\/IMG_3664-768x512.jpg 768w, https:\/\/www.cisa-arica.cl\/wp1\/wp-content\/uploads\/2023\/09\/IMG_3664-1536x1024.jpg 1536w, https:\/\/www.cisa-arica.cl\/wp1\/wp-content\/uploads\/2023\/09\/IMG_3664.jpg 2048w\" sizes=\"auto, (max-width: 300px) 100vw, 300px\" \/> <img loading=\"lazy\" decoding=\"async\" data-attachment-id=\"22406\" data-permalink=\"https:\/\/www.cisa-arica.cl\/wp1\/2023\/09\/25\/misa-a-la-chilena\/img_3665\/\" data-orig-file=\"https:\/\/www.cisa-arica.cl\/wp1\/wp-content\/uploads\/2023\/09\/IMG_3665.jpg\" data-orig-size=\"2048,1365\" data-comments-opened=\"0\" data-image-meta=\"{&quot;aperture&quot;:&quot;1.4&quot;,&quot;credit&quot;:&quot;Mahadeva Das&quot;,&quot;camera&quot;:&quot;Canon EOS 60D&quot;,&quot;caption&quot;:&quot;&quot;,&quot;created_timestamp&quot;:&quot;1694689750&quot;,&quot;copyright&quot;:&quot;osomahadev@hotmail.com         Funkerrante@Gmail.com&quot;,&quot;focal_length&quot;:&quot;50&quot;,&quot;iso&quot;:&quot;400&quot;,&quot;shutter_speed&quot;:&quot;0.002&quot;,&quot;title&quot;:&quot;&quot;,&quot;orientation&quot;:&quot;0&quot;}\" data-image-title=\"IMG_3665\" data-image-description=\"\" data-image-caption=\"\" data-large-file=\"https:\/\/www.cisa-arica.cl\/wp1\/wp-content\/uploads\/2023\/09\/IMG_3665-600x400.jpg\" class=\"alignnone size-medium wp-image-22406\" src=\"http:\/\/www.cisa-arica.cl\/wp1\/wp-content\/uploads\/2023\/09\/IMG_3665-300x200.jpg\" alt=\"\" width=\"300\" height=\"200\" srcset=\"https:\/\/www.cisa-arica.cl\/wp1\/wp-content\/uploads\/2023\/09\/IMG_3665-300x200.jpg 300w, https:\/\/www.cisa-arica.cl\/wp1\/wp-content\/uploads\/2023\/09\/IMG_3665-600x400.jpg 600w, https:\/\/www.cisa-arica.cl\/wp1\/wp-content\/uploads\/2023\/09\/IMG_3665-768x512.jpg 768w, https:\/\/www.cisa-arica.cl\/wp1\/wp-content\/uploads\/2023\/09\/IMG_3665-1536x1024.jpg 1536w, https:\/\/www.cisa-arica.cl\/wp1\/wp-content\/uploads\/2023\/09\/IMG_3665.jpg 2048w\" sizes=\"auto, (max-width: 300px) 100vw, 300px\" \/> <img loading=\"lazy\" decoding=\"async\" data-attachment-id=\"22407\" data-permalink=\"https:\/\/www.cisa-arica.cl\/wp1\/2023\/09\/25\/misa-a-la-chilena\/img_3666\/\" data-orig-file=\"https:\/\/www.cisa-arica.cl\/wp1\/wp-content\/uploads\/2023\/09\/IMG_3666.jpg\" data-orig-size=\"2048,1365\" data-comments-opened=\"0\" data-image-meta=\"{&quot;aperture&quot;:&quot;1.4&quot;,&quot;credit&quot;:&quot;Mahadeva Das&quot;,&quot;camera&quot;:&quot;Canon EOS 60D&quot;,&quot;caption&quot;:&quot;&quot;,&quot;created_timestamp&quot;:&quot;1694689753&quot;,&quot;copyright&quot;:&quot;osomahadev@hotmail.com         Funkerrante@Gmail.com&quot;,&quot;focal_length&quot;:&quot;50&quot;,&quot;iso&quot;:&quot;400&quot;,&quot;shutter_speed&quot;:&quot;0.002&quot;,&quot;title&quot;:&quot;&quot;,&quot;orientation&quot;:&quot;0&quot;}\" data-image-title=\"IMG_3666\" data-image-description=\"\" data-image-caption=\"\" data-large-file=\"https:\/\/www.cisa-arica.cl\/wp1\/wp-content\/uploads\/2023\/09\/IMG_3666-600x400.jpg\" class=\"alignnone size-medium wp-image-22407\" src=\"http:\/\/www.cisa-arica.cl\/wp1\/wp-content\/uploads\/2023\/09\/IMG_3666-300x200.jpg\" alt=\"\" width=\"300\" height=\"200\" srcset=\"https:\/\/www.cisa-arica.cl\/wp1\/wp-content\/uploads\/2023\/09\/IMG_3666-300x200.jpg 300w, https:\/\/www.cisa-arica.cl\/wp1\/wp-content\/uploads\/2023\/09\/IMG_3666-600x400.jpg 600w, https:\/\/www.cisa-arica.cl\/wp1\/wp-content\/uploads\/2023\/09\/IMG_3666-768x512.jpg 768w, https:\/\/www.cisa-arica.cl\/wp1\/wp-content\/uploads\/2023\/09\/IMG_3666-1536x1024.jpg 1536w, https:\/\/www.cisa-arica.cl\/wp1\/wp-content\/uploads\/2023\/09\/IMG_3666.jpg 2048w\" sizes=\"auto, (max-width: 300px) 100vw, 300px\" \/> <img loading=\"lazy\" decoding=\"async\" data-attachment-id=\"22408\" data-permalink=\"https:\/\/www.cisa-arica.cl\/wp1\/2023\/09\/25\/misa-a-la-chilena\/img_3667\/\" data-orig-file=\"https:\/\/www.cisa-arica.cl\/wp1\/wp-content\/uploads\/2023\/09\/IMG_3667.jpg\" data-orig-size=\"2048,1365\" data-comments-opened=\"0\" data-image-meta=\"{&quot;aperture&quot;:&quot;1.4&quot;,&quot;credit&quot;:&quot;Mahadeva Das&quot;,&quot;camera&quot;:&quot;Canon EOS 60D&quot;,&quot;caption&quot;:&quot;&quot;,&quot;created_timestamp&quot;:&quot;1694689754&quot;,&quot;copyright&quot;:&quot;osomahadev@hotmail.com         Funkerrante@Gmail.com&quot;,&quot;focal_length&quot;:&quot;50&quot;,&quot;iso&quot;:&quot;400&quot;,&quot;shutter_speed&quot;:&quot;0.002&quot;,&quot;title&quot;:&quot;&quot;,&quot;orientation&quot;:&quot;0&quot;}\" data-image-title=\"IMG_3667\" data-image-description=\"\" data-image-caption=\"\" data-large-file=\"https:\/\/www.cisa-arica.cl\/wp1\/wp-content\/uploads\/2023\/09\/IMG_3667-600x400.jpg\" class=\"alignnone size-medium wp-image-22408\" src=\"http:\/\/www.cisa-arica.cl\/wp1\/wp-content\/uploads\/2023\/09\/IMG_3667-300x200.jpg\" alt=\"\" width=\"300\" height=\"200\" srcset=\"https:\/\/www.cisa-arica.cl\/wp1\/wp-content\/uploads\/2023\/09\/IMG_3667-300x200.jpg 300w, https:\/\/www.cisa-arica.cl\/wp1\/wp-content\/uploads\/2023\/09\/IMG_3667-600x400.jpg 600w, https:\/\/www.cisa-arica.cl\/wp1\/wp-content\/uploads\/2023\/09\/IMG_3667-768x512.jpg 768w, https:\/\/www.cisa-arica.cl\/wp1\/wp-content\/uploads\/2023\/09\/IMG_3667-1536x1024.jpg 1536w, https:\/\/www.cisa-arica.cl\/wp1\/wp-content\/uploads\/2023\/09\/IMG_3667.jpg 2048w\" sizes=\"auto, (max-width: 300px) 100vw, 300px\" \/> <img loading=\"lazy\" decoding=\"async\" data-attachment-id=\"22409\" data-permalink=\"https:\/\/www.cisa-arica.cl\/wp1\/2023\/09\/25\/misa-a-la-chilena\/img_3671\/\" data-orig-file=\"https:\/\/www.cisa-arica.cl\/wp1\/wp-content\/uploads\/2023\/09\/IMG_3671.jpg\" data-orig-size=\"2048,1365\" data-comments-opened=\"0\" data-image-meta=\"{&quot;aperture&quot;:&quot;1.4&quot;,&quot;credit&quot;:&quot;Mahadeva Das&quot;,&quot;camera&quot;:&quot;Canon EOS 60D&quot;,&quot;caption&quot;:&quot;&quot;,&quot;created_timestamp&quot;:&quot;1694689819&quot;,&quot;copyright&quot;:&quot;osomahadev@hotmail.com         Funkerrante@Gmail.com&quot;,&quot;focal_length&quot;:&quot;50&quot;,&quot;iso&quot;:&quot;400&quot;,&quot;shutter_speed&quot;:&quot;0.0015625&quot;,&quot;title&quot;:&quot;&quot;,&quot;orientation&quot;:&quot;0&quot;}\" data-image-title=\"IMG_3671\" data-image-description=\"\" data-image-caption=\"\" data-large-file=\"https:\/\/www.cisa-arica.cl\/wp1\/wp-content\/uploads\/2023\/09\/IMG_3671-600x400.jpg\" class=\"alignnone size-medium wp-image-22409\" src=\"http:\/\/www.cisa-arica.cl\/wp1\/wp-content\/uploads\/2023\/09\/IMG_3671-300x200.jpg\" alt=\"\" width=\"300\" height=\"200\" srcset=\"https:\/\/www.cisa-arica.cl\/wp1\/wp-content\/uploads\/2023\/09\/IMG_3671-300x200.jpg 300w, https:\/\/www.cisa-arica.cl\/wp1\/wp-content\/uploads\/2023\/09\/IMG_3671-600x400.jpg 600w, https:\/\/www.cisa-arica.cl\/wp1\/wp-content\/uploads\/2023\/09\/IMG_3671-768x512.jpg 768w, https:\/\/www.cisa-arica.cl\/wp1\/wp-content\/uploads\/2023\/09\/IMG_3671-1536x1024.jpg 1536w, https:\/\/www.cisa-arica.cl\/wp1\/wp-content\/uploads\/2023\/09\/IMG_3671.jpg 2048w\" sizes=\"auto, (max-width: 300px) 100vw, 300px\" \/> <img loading=\"lazy\" decoding=\"async\" data-attachment-id=\"22410\" data-permalink=\"https:\/\/www.cisa-arica.cl\/wp1\/2023\/09\/25\/misa-a-la-chilena\/img_3673\/\" data-orig-file=\"https:\/\/www.cisa-arica.cl\/wp1\/wp-content\/uploads\/2023\/09\/IMG_3673.jpg\" data-orig-size=\"2048,1365\" data-comments-opened=\"0\" data-image-meta=\"{&quot;aperture&quot;:&quot;1.4&quot;,&quot;credit&quot;:&quot;Mahadeva Das&quot;,&quot;camera&quot;:&quot;Canon EOS 60D&quot;,&quot;caption&quot;:&quot;&quot;,&quot;created_timestamp&quot;:&quot;1694689837&quot;,&quot;copyright&quot;:&quot;osomahadev@hotmail.com         Funkerrante@Gmail.com&quot;,&quot;focal_length&quot;:&quot;50&quot;,&quot;iso&quot;:&quot;400&quot;,&quot;shutter_speed&quot;:&quot;0.002&quot;,&quot;title&quot;:&quot;&quot;,&quot;orientation&quot;:&quot;0&quot;}\" data-image-title=\"IMG_3673\" data-image-description=\"\" data-image-caption=\"\" data-large-file=\"https:\/\/www.cisa-arica.cl\/wp1\/wp-content\/uploads\/2023\/09\/IMG_3673-600x400.jpg\" class=\"alignnone size-medium wp-image-22410\" src=\"http:\/\/www.cisa-arica.cl\/wp1\/wp-content\/uploads\/2023\/09\/IMG_3673-300x200.jpg\" alt=\"\" width=\"300\" height=\"200\" srcset=\"https:\/\/www.cisa-arica.cl\/wp1\/wp-content\/uploads\/2023\/09\/IMG_3673-300x200.jpg 300w, https:\/\/www.cisa-arica.cl\/wp1\/wp-content\/uploads\/2023\/09\/IMG_3673-600x400.jpg 600w, https:\/\/www.cisa-arica.cl\/wp1\/wp-content\/uploads\/2023\/09\/IMG_3673-768x512.jpg 768w, https:\/\/www.cisa-arica.cl\/wp1\/wp-content\/uploads\/2023\/09\/IMG_3673-1536x1024.jpg 1536w, https:\/\/www.cisa-arica.cl\/wp1\/wp-content\/uploads\/2023\/09\/IMG_3673.jpg 2048w\" sizes=\"auto, (max-width: 300px) 100vw, 300px\" \/> <img loading=\"lazy\" decoding=\"async\" data-attachment-id=\"22411\" data-permalink=\"https:\/\/www.cisa-arica.cl\/wp1\/2023\/09\/25\/misa-a-la-chilena\/img_3674\/\" data-orig-file=\"https:\/\/www.cisa-arica.cl\/wp1\/wp-content\/uploads\/2023\/09\/IMG_3674.jpg\" data-orig-size=\"2048,1365\" data-comments-opened=\"0\" data-image-meta=\"{&quot;aperture&quot;:&quot;1.4&quot;,&quot;credit&quot;:&quot;Mahadeva Das&quot;,&quot;camera&quot;:&quot;Canon EOS 60D&quot;,&quot;caption&quot;:&quot;&quot;,&quot;created_timestamp&quot;:&quot;1694689848&quot;,&quot;copyright&quot;:&quot;osomahadev@hotmail.com         Funkerrante@Gmail.com&quot;,&quot;focal_length&quot;:&quot;50&quot;,&quot;iso&quot;:&quot;400&quot;,&quot;shutter_speed&quot;:&quot;0.002&quot;,&quot;title&quot;:&quot;&quot;,&quot;orientation&quot;:&quot;0&quot;}\" data-image-title=\"IMG_3674\" data-image-description=\"\" data-image-caption=\"\" data-large-file=\"https:\/\/www.cisa-arica.cl\/wp1\/wp-content\/uploads\/2023\/09\/IMG_3674-600x400.jpg\" class=\"alignnone size-medium wp-image-22411\" src=\"http:\/\/www.cisa-arica.cl\/wp1\/wp-content\/uploads\/2023\/09\/IMG_3674-300x200.jpg\" alt=\"\" width=\"300\" height=\"200\" srcset=\"https:\/\/www.cisa-arica.cl\/wp1\/wp-content\/uploads\/2023\/09\/IMG_3674-300x200.jpg 300w, https:\/\/www.cisa-arica.cl\/wp1\/wp-content\/uploads\/2023\/09\/IMG_3674-600x400.jpg 600w, https:\/\/www.cisa-arica.cl\/wp1\/wp-content\/uploads\/2023\/09\/IMG_3674-768x512.jpg 768w, https:\/\/www.cisa-arica.cl\/wp1\/wp-content\/uploads\/2023\/09\/IMG_3674-1536x1024.jpg 1536w, https:\/\/www.cisa-arica.cl\/wp1\/wp-content\/uploads\/2023\/09\/IMG_3674.jpg 2048w\" sizes=\"auto, (max-width: 300px) 100vw, 300px\" \/> <img loading=\"lazy\" decoding=\"async\" data-attachment-id=\"22412\" data-permalink=\"https:\/\/www.cisa-arica.cl\/wp1\/2023\/09\/25\/misa-a-la-chilena\/img_3675\/\" data-orig-file=\"https:\/\/www.cisa-arica.cl\/wp1\/wp-content\/uploads\/2023\/09\/IMG_3675.jpg\" data-orig-size=\"2048,1365\" data-comments-opened=\"0\" data-image-meta=\"{&quot;aperture&quot;:&quot;1.4&quot;,&quot;credit&quot;:&quot;Mahadeva Das&quot;,&quot;camera&quot;:&quot;Canon EOS 60D&quot;,&quot;caption&quot;:&quot;&quot;,&quot;created_timestamp&quot;:&quot;1694689849&quot;,&quot;copyright&quot;:&quot;osomahadev@hotmail.com         Funkerrante@Gmail.com&quot;,&quot;focal_length&quot;:&quot;50&quot;,&quot;iso&quot;:&quot;400&quot;,&quot;shutter_speed&quot;:&quot;0.002&quot;,&quot;title&quot;:&quot;&quot;,&quot;orientation&quot;:&quot;0&quot;}\" data-image-title=\"IMG_3675\" data-image-description=\"\" data-image-caption=\"\" data-large-file=\"https:\/\/www.cisa-arica.cl\/wp1\/wp-content\/uploads\/2023\/09\/IMG_3675-600x400.jpg\" class=\"alignnone size-medium wp-image-22412\" src=\"http:\/\/www.cisa-arica.cl\/wp1\/wp-content\/uploads\/2023\/09\/IMG_3675-300x200.jpg\" alt=\"\" width=\"300\" height=\"200\" srcset=\"https:\/\/www.cisa-arica.cl\/wp1\/wp-content\/uploads\/2023\/09\/IMG_3675-300x200.jpg 300w, https:\/\/www.cisa-arica.cl\/wp1\/wp-content\/uploads\/2023\/09\/IMG_3675-600x400.jpg 600w, https:\/\/www.cisa-arica.cl\/wp1\/wp-content\/uploads\/2023\/09\/IMG_3675-768x512.jpg 768w, https:\/\/www.cisa-arica.cl\/wp1\/wp-content\/uploads\/2023\/09\/IMG_3675-1536x1024.jpg 1536w, https:\/\/www.cisa-arica.cl\/wp1\/wp-content\/uploads\/2023\/09\/IMG_3675.jpg 2048w\" sizes=\"auto, (max-width: 300px) 100vw, 300px\" \/> <img loading=\"lazy\" decoding=\"async\" data-attachment-id=\"22413\" data-permalink=\"https:\/\/www.cisa-arica.cl\/wp1\/2023\/09\/25\/misa-a-la-chilena\/img_3676\/\" data-orig-file=\"https:\/\/www.cisa-arica.cl\/wp1\/wp-content\/uploads\/2023\/09\/IMG_3676.jpg\" data-orig-size=\"2048,1365\" data-comments-opened=\"0\" data-image-meta=\"{&quot;aperture&quot;:&quot;1.4&quot;,&quot;credit&quot;:&quot;Mahadeva Das&quot;,&quot;camera&quot;:&quot;Canon EOS 60D&quot;,&quot;caption&quot;:&quot;&quot;,&quot;created_timestamp&quot;:&quot;1694689854&quot;,&quot;copyright&quot;:&quot;osomahadev@hotmail.com         Funkerrante@Gmail.com&quot;,&quot;focal_length&quot;:&quot;50&quot;,&quot;iso&quot;:&quot;400&quot;,&quot;shutter_speed&quot;:&quot;0.002&quot;,&quot;title&quot;:&quot;&quot;,&quot;orientation&quot;:&quot;0&quot;}\" data-image-title=\"IMG_3676\" data-image-description=\"\" data-image-caption=\"\" data-large-file=\"https:\/\/www.cisa-arica.cl\/wp1\/wp-content\/uploads\/2023\/09\/IMG_3676-600x400.jpg\" class=\"alignnone size-medium wp-image-22413\" src=\"http:\/\/www.cisa-arica.cl\/wp1\/wp-content\/uploads\/2023\/09\/IMG_3676-300x200.jpg\" alt=\"\" width=\"300\" height=\"200\" srcset=\"https:\/\/www.cisa-arica.cl\/wp1\/wp-content\/uploads\/2023\/09\/IMG_3676-300x200.jpg 300w, https:\/\/www.cisa-arica.cl\/wp1\/wp-content\/uploads\/2023\/09\/IMG_3676-600x400.jpg 600w, https:\/\/www.cisa-arica.cl\/wp1\/wp-content\/uploads\/2023\/09\/IMG_3676-768x512.jpg 768w, https:\/\/www.cisa-arica.cl\/wp1\/wp-content\/uploads\/2023\/09\/IMG_3676-1536x1024.jpg 1536w, https:\/\/www.cisa-arica.cl\/wp1\/wp-content\/uploads\/2023\/09\/IMG_3676.jpg 2048w\" sizes=\"auto, (max-width: 300px) 100vw, 300px\" \/> <img loading=\"lazy\" decoding=\"async\" data-attachment-id=\"22414\" data-permalink=\"https:\/\/www.cisa-arica.cl\/wp1\/2023\/09\/25\/misa-a-la-chilena\/img_3677\/\" data-orig-file=\"https:\/\/www.cisa-arica.cl\/wp1\/wp-content\/uploads\/2023\/09\/IMG_3677.jpg\" data-orig-size=\"2048,1365\" data-comments-opened=\"0\" data-image-meta=\"{&quot;aperture&quot;:&quot;1.4&quot;,&quot;credit&quot;:&quot;Mahadeva Das&quot;,&quot;camera&quot;:&quot;Canon EOS 60D&quot;,&quot;caption&quot;:&quot;&quot;,&quot;created_timestamp&quot;:&quot;1694689858&quot;,&quot;copyright&quot;:&quot;osomahadev@hotmail.com         Funkerrante@Gmail.com&quot;,&quot;focal_length&quot;:&quot;50&quot;,&quot;iso&quot;:&quot;400&quot;,&quot;shutter_speed&quot;:&quot;0.002&quot;,&quot;title&quot;:&quot;&quot;,&quot;orientation&quot;:&quot;0&quot;}\" data-image-title=\"IMG_3677\" data-image-description=\"\" data-image-caption=\"\" data-large-file=\"https:\/\/www.cisa-arica.cl\/wp1\/wp-content\/uploads\/2023\/09\/IMG_3677-600x400.jpg\" class=\"alignnone size-medium wp-image-22414\" src=\"http:\/\/www.cisa-arica.cl\/wp1\/wp-content\/uploads\/2023\/09\/IMG_3677-300x200.jpg\" alt=\"\" width=\"300\" height=\"200\" srcset=\"https:\/\/www.cisa-arica.cl\/wp1\/wp-content\/uploads\/2023\/09\/IMG_3677-300x200.jpg 300w, https:\/\/www.cisa-arica.cl\/wp1\/wp-content\/uploads\/2023\/09\/IMG_3677-600x400.jpg 600w, https:\/\/www.cisa-arica.cl\/wp1\/wp-content\/uploads\/2023\/09\/IMG_3677-768x512.jpg 768w, https:\/\/www.cisa-arica.cl\/wp1\/wp-content\/uploads\/2023\/09\/IMG_3677-1536x1024.jpg 1536w, https:\/\/www.cisa-arica.cl\/wp1\/wp-content\/uploads\/2023\/09\/IMG_3677.jpg 2048w\" sizes=\"auto, (max-width: 300px) 100vw, 300px\" \/> <img loading=\"lazy\" decoding=\"async\" data-attachment-id=\"22415\" data-permalink=\"https:\/\/www.cisa-arica.cl\/wp1\/2023\/09\/25\/misa-a-la-chilena\/img_3678\/\" data-orig-file=\"https:\/\/www.cisa-arica.cl\/wp1\/wp-content\/uploads\/2023\/09\/IMG_3678.jpg\" data-orig-size=\"2048,1365\" data-comments-opened=\"0\" data-image-meta=\"{&quot;aperture&quot;:&quot;1.4&quot;,&quot;credit&quot;:&quot;Mahadeva Das&quot;,&quot;camera&quot;:&quot;Canon EOS 60D&quot;,&quot;caption&quot;:&quot;&quot;,&quot;created_timestamp&quot;:&quot;1694689859&quot;,&quot;copyright&quot;:&quot;osomahadev@hotmail.com         Funkerrante@Gmail.com&quot;,&quot;focal_length&quot;:&quot;50&quot;,&quot;iso&quot;:&quot;400&quot;,&quot;shutter_speed&quot;:&quot;0.002&quot;,&quot;title&quot;:&quot;&quot;,&quot;orientation&quot;:&quot;0&quot;}\" data-image-title=\"IMG_3678\" data-image-description=\"\" data-image-caption=\"\" data-large-file=\"https:\/\/www.cisa-arica.cl\/wp1\/wp-content\/uploads\/2023\/09\/IMG_3678-600x400.jpg\" class=\"alignnone size-medium wp-image-22415\" src=\"http:\/\/www.cisa-arica.cl\/wp1\/wp-content\/uploads\/2023\/09\/IMG_3678-300x200.jpg\" alt=\"\" width=\"300\" height=\"200\" srcset=\"https:\/\/www.cisa-arica.cl\/wp1\/wp-content\/uploads\/2023\/09\/IMG_3678-300x200.jpg 300w, https:\/\/www.cisa-arica.cl\/wp1\/wp-content\/uploads\/2023\/09\/IMG_3678-600x400.jpg 600w, https:\/\/www.cisa-arica.cl\/wp1\/wp-content\/uploads\/2023\/09\/IMG_3678-768x512.jpg 768w, https:\/\/www.cisa-arica.cl\/wp1\/wp-content\/uploads\/2023\/09\/IMG_3678-1536x1024.jpg 1536w, https:\/\/www.cisa-arica.cl\/wp1\/wp-content\/uploads\/2023\/09\/IMG_3678.jpg 2048w\" sizes=\"auto, (max-width: 300px) 100vw, 300px\" \/> <img loading=\"lazy\" decoding=\"async\" data-attachment-id=\"22416\" data-permalink=\"https:\/\/www.cisa-arica.cl\/wp1\/2023\/09\/25\/misa-a-la-chilena\/img_3679\/\" data-orig-file=\"https:\/\/www.cisa-arica.cl\/wp1\/wp-content\/uploads\/2023\/09\/IMG_3679.jpg\" data-orig-size=\"2048,1365\" data-comments-opened=\"0\" data-image-meta=\"{&quot;aperture&quot;:&quot;1.4&quot;,&quot;credit&quot;:&quot;Mahadeva Das&quot;,&quot;camera&quot;:&quot;Canon EOS 60D&quot;,&quot;caption&quot;:&quot;&quot;,&quot;created_timestamp&quot;:&quot;1694689865&quot;,&quot;copyright&quot;:&quot;osomahadev@hotmail.com         Funkerrante@Gmail.com&quot;,&quot;focal_length&quot;:&quot;50&quot;,&quot;iso&quot;:&quot;400&quot;,&quot;shutter_speed&quot;:&quot;0.002&quot;,&quot;title&quot;:&quot;&quot;,&quot;orientation&quot;:&quot;0&quot;}\" data-image-title=\"IMG_3679\" data-image-description=\"\" data-image-caption=\"\" data-large-file=\"https:\/\/www.cisa-arica.cl\/wp1\/wp-content\/uploads\/2023\/09\/IMG_3679-600x400.jpg\" class=\"alignnone size-medium wp-image-22416\" src=\"http:\/\/www.cisa-arica.cl\/wp1\/wp-content\/uploads\/2023\/09\/IMG_3679-300x200.jpg\" alt=\"\" width=\"300\" height=\"200\" srcset=\"https:\/\/www.cisa-arica.cl\/wp1\/wp-content\/uploads\/2023\/09\/IMG_3679-300x200.jpg 300w, https:\/\/www.cisa-arica.cl\/wp1\/wp-content\/uploads\/2023\/09\/IMG_3679-600x400.jpg 600w, https:\/\/www.cisa-arica.cl\/wp1\/wp-content\/uploads\/2023\/09\/IMG_3679-768x512.jpg 768w, https:\/\/www.cisa-arica.cl\/wp1\/wp-content\/uploads\/2023\/09\/IMG_3679-1536x1024.jpg 1536w, https:\/\/www.cisa-arica.cl\/wp1\/wp-content\/uploads\/2023\/09\/IMG_3679.jpg 2048w\" sizes=\"auto, (max-width: 300px) 100vw, 300px\" \/> <img loading=\"lazy\" decoding=\"async\" data-attachment-id=\"22417\" data-permalink=\"https:\/\/www.cisa-arica.cl\/wp1\/2023\/09\/25\/misa-a-la-chilena\/img_3682\/\" data-orig-file=\"https:\/\/www.cisa-arica.cl\/wp1\/wp-content\/uploads\/2023\/09\/IMG_3682.jpg\" data-orig-size=\"2048,1365\" data-comments-opened=\"0\" data-image-meta=\"{&quot;aperture&quot;:&quot;1.4&quot;,&quot;credit&quot;:&quot;Mahadeva Das&quot;,&quot;camera&quot;:&quot;Canon EOS 60D&quot;,&quot;caption&quot;:&quot;&quot;,&quot;created_timestamp&quot;:&quot;1694689944&quot;,&quot;copyright&quot;:&quot;osomahadev@hotmail.com         Funkerrante@Gmail.com&quot;,&quot;focal_length&quot;:&quot;50&quot;,&quot;iso&quot;:&quot;400&quot;,&quot;shutter_speed&quot;:&quot;0.002&quot;,&quot;title&quot;:&quot;&quot;,&quot;orientation&quot;:&quot;0&quot;}\" data-image-title=\"IMG_3682\" data-image-description=\"\" data-image-caption=\"\" data-large-file=\"https:\/\/www.cisa-arica.cl\/wp1\/wp-content\/uploads\/2023\/09\/IMG_3682-600x400.jpg\" class=\"alignnone size-medium wp-image-22417\" src=\"http:\/\/www.cisa-arica.cl\/wp1\/wp-content\/uploads\/2023\/09\/IMG_3682-300x200.jpg\" alt=\"\" width=\"300\" height=\"200\" srcset=\"https:\/\/www.cisa-arica.cl\/wp1\/wp-content\/uploads\/2023\/09\/IMG_3682-300x200.jpg 300w, https:\/\/www.cisa-arica.cl\/wp1\/wp-content\/uploads\/2023\/09\/IMG_3682-600x400.jpg 600w, https:\/\/www.cisa-arica.cl\/wp1\/wp-content\/uploads\/2023\/09\/IMG_3682-768x512.jpg 768w, https:\/\/www.cisa-arica.cl\/wp1\/wp-content\/uploads\/2023\/09\/IMG_3682-1536x1024.jpg 1536w, https:\/\/www.cisa-arica.cl\/wp1\/wp-content\/uploads\/2023\/09\/IMG_3682.jpg 2048w\" sizes=\"auto, (max-width: 300px) 100vw, 300px\" \/> <img loading=\"lazy\" decoding=\"async\" data-attachment-id=\"22418\" data-permalink=\"https:\/\/www.cisa-arica.cl\/wp1\/2023\/09\/25\/misa-a-la-chilena\/img_3687\/\" data-orig-file=\"https:\/\/www.cisa-arica.cl\/wp1\/wp-content\/uploads\/2023\/09\/IMG_3687.jpg\" data-orig-size=\"2048,1365\" data-comments-opened=\"0\" data-image-meta=\"{&quot;aperture&quot;:&quot;1.4&quot;,&quot;credit&quot;:&quot;Mahadeva Das&quot;,&quot;camera&quot;:&quot;Canon EOS 60D&quot;,&quot;caption&quot;:&quot;&quot;,&quot;created_timestamp&quot;:&quot;1694690000&quot;,&quot;copyright&quot;:&quot;osomahadev@hotmail.com         Funkerrante@Gmail.com&quot;,&quot;focal_length&quot;:&quot;50&quot;,&quot;iso&quot;:&quot;400&quot;,&quot;shutter_speed&quot;:&quot;0.002&quot;,&quot;title&quot;:&quot;&quot;,&quot;orientation&quot;:&quot;0&quot;}\" data-image-title=\"IMG_3687\" data-image-description=\"\" data-image-caption=\"\" data-large-file=\"https:\/\/www.cisa-arica.cl\/wp1\/wp-content\/uploads\/2023\/09\/IMG_3687-600x400.jpg\" class=\"alignnone size-medium wp-image-22418\" src=\"http:\/\/www.cisa-arica.cl\/wp1\/wp-content\/uploads\/2023\/09\/IMG_3687-300x200.jpg\" alt=\"\" width=\"300\" height=\"200\" srcset=\"https:\/\/www.cisa-arica.cl\/wp1\/wp-content\/uploads\/2023\/09\/IMG_3687-300x200.jpg 300w, https:\/\/www.cisa-arica.cl\/wp1\/wp-content\/uploads\/2023\/09\/IMG_3687-600x400.jpg 600w, https:\/\/www.cisa-arica.cl\/wp1\/wp-content\/uploads\/2023\/09\/IMG_3687-768x512.jpg 768w, https:\/\/www.cisa-arica.cl\/wp1\/wp-content\/uploads\/2023\/09\/IMG_3687-1536x1024.jpg 1536w, https:\/\/www.cisa-arica.cl\/wp1\/wp-content\/uploads\/2023\/09\/IMG_3687.jpg 2048w\" sizes=\"auto, (max-width: 300px) 100vw, 300px\" \/> <img loading=\"lazy\" decoding=\"async\" data-attachment-id=\"22419\" data-permalink=\"https:\/\/www.cisa-arica.cl\/wp1\/2023\/09\/25\/misa-a-la-chilena\/img_3688\/\" data-orig-file=\"https:\/\/www.cisa-arica.cl\/wp1\/wp-content\/uploads\/2023\/09\/IMG_3688.jpg\" data-orig-size=\"2048,1365\" data-comments-opened=\"0\" data-image-meta=\"{&quot;aperture&quot;:&quot;1.4&quot;,&quot;credit&quot;:&quot;Mahadeva Das&quot;,&quot;camera&quot;:&quot;Canon EOS 60D&quot;,&quot;caption&quot;:&quot;&quot;,&quot;created_timestamp&quot;:&quot;1694690022&quot;,&quot;copyright&quot;:&quot;osomahadev@hotmail.com         Funkerrante@Gmail.com&quot;,&quot;focal_length&quot;:&quot;50&quot;,&quot;iso&quot;:&quot;400&quot;,&quot;shutter_speed&quot;:&quot;0.0025&quot;,&quot;title&quot;:&quot;&quot;,&quot;orientation&quot;:&quot;0&quot;}\" data-image-title=\"IMG_3688\" data-image-description=\"\" data-image-caption=\"\" data-large-file=\"https:\/\/www.cisa-arica.cl\/wp1\/wp-content\/uploads\/2023\/09\/IMG_3688-600x400.jpg\" class=\"alignnone size-medium wp-image-22419\" src=\"http:\/\/www.cisa-arica.cl\/wp1\/wp-content\/uploads\/2023\/09\/IMG_3688-300x200.jpg\" alt=\"\" width=\"300\" height=\"200\" srcset=\"https:\/\/www.cisa-arica.cl\/wp1\/wp-content\/uploads\/2023\/09\/IMG_3688-300x200.jpg 300w, https:\/\/www.cisa-arica.cl\/wp1\/wp-content\/uploads\/2023\/09\/IMG_3688-600x400.jpg 600w, https:\/\/www.cisa-arica.cl\/wp1\/wp-content\/uploads\/2023\/09\/IMG_3688-768x512.jpg 768w, https:\/\/www.cisa-arica.cl\/wp1\/wp-content\/uploads\/2023\/09\/IMG_3688-1536x1024.jpg 1536w, https:\/\/www.cisa-arica.cl\/wp1\/wp-content\/uploads\/2023\/09\/IMG_3688.jpg 2048w\" sizes=\"auto, (max-width: 300px) 100vw, 300px\" \/> <img loading=\"lazy\" decoding=\"async\" data-attachment-id=\"22420\" data-permalink=\"https:\/\/www.cisa-arica.cl\/wp1\/2023\/09\/25\/misa-a-la-chilena\/img_3692\/\" data-orig-file=\"https:\/\/www.cisa-arica.cl\/wp1\/wp-content\/uploads\/2023\/09\/IMG_3692.jpg\" data-orig-size=\"2048,1365\" data-comments-opened=\"0\" data-image-meta=\"{&quot;aperture&quot;:&quot;1.4&quot;,&quot;credit&quot;:&quot;Mahadeva Das&quot;,&quot;camera&quot;:&quot;Canon EOS 60D&quot;,&quot;caption&quot;:&quot;&quot;,&quot;created_timestamp&quot;:&quot;1694690352&quot;,&quot;copyright&quot;:&quot;osomahadev@hotmail.com         Funkerrante@Gmail.com&quot;,&quot;focal_length&quot;:&quot;50&quot;,&quot;iso&quot;:&quot;400&quot;,&quot;shutter_speed&quot;:&quot;0.002&quot;,&quot;title&quot;:&quot;&quot;,&quot;orientation&quot;:&quot;0&quot;}\" data-image-title=\"IMG_3692\" data-image-description=\"\" data-image-caption=\"\" data-large-file=\"https:\/\/www.cisa-arica.cl\/wp1\/wp-content\/uploads\/2023\/09\/IMG_3692-600x400.jpg\" class=\"alignnone size-medium wp-image-22420\" src=\"http:\/\/www.cisa-arica.cl\/wp1\/wp-content\/uploads\/2023\/09\/IMG_3692-300x200.jpg\" alt=\"\" width=\"300\" height=\"200\" srcset=\"https:\/\/www.cisa-arica.cl\/wp1\/wp-content\/uploads\/2023\/09\/IMG_3692-300x200.jpg 300w, https:\/\/www.cisa-arica.cl\/wp1\/wp-content\/uploads\/2023\/09\/IMG_3692-600x400.jpg 600w, https:\/\/www.cisa-arica.cl\/wp1\/wp-content\/uploads\/2023\/09\/IMG_3692-768x512.jpg 768w, https:\/\/www.cisa-arica.cl\/wp1\/wp-content\/uploads\/2023\/09\/IMG_3692-1536x1024.jpg 1536w, https:\/\/www.cisa-arica.cl\/wp1\/wp-content\/uploads\/2023\/09\/IMG_3692.jpg 2048w\" sizes=\"auto, (max-width: 300px) 100vw, 300px\" \/> <img loading=\"lazy\" decoding=\"async\" data-attachment-id=\"22421\" data-permalink=\"https:\/\/www.cisa-arica.cl\/wp1\/2023\/09\/25\/misa-a-la-chilena\/img_3694\/\" data-orig-file=\"https:\/\/www.cisa-arica.cl\/wp1\/wp-content\/uploads\/2023\/09\/IMG_3694.jpg\" data-orig-size=\"2048,1365\" data-comments-opened=\"0\" data-image-meta=\"{&quot;aperture&quot;:&quot;1.4&quot;,&quot;credit&quot;:&quot;Mahadeva Das&quot;,&quot;camera&quot;:&quot;Canon EOS 60D&quot;,&quot;caption&quot;:&quot;&quot;,&quot;created_timestamp&quot;:&quot;1694690992&quot;,&quot;copyright&quot;:&quot;osomahadev@hotmail.com         Funkerrante@Gmail.com&quot;,&quot;focal_length&quot;:&quot;50&quot;,&quot;iso&quot;:&quot;400&quot;,&quot;shutter_speed&quot;:&quot;0.001&quot;,&quot;title&quot;:&quot;&quot;,&quot;orientation&quot;:&quot;0&quot;}\" data-image-title=\"IMG_3694\" data-image-description=\"\" data-image-caption=\"\" data-large-file=\"https:\/\/www.cisa-arica.cl\/wp1\/wp-content\/uploads\/2023\/09\/IMG_3694-600x400.jpg\" class=\"alignnone size-medium wp-image-22421\" src=\"http:\/\/www.cisa-arica.cl\/wp1\/wp-content\/uploads\/2023\/09\/IMG_3694-300x200.jpg\" alt=\"\" width=\"300\" height=\"200\" srcset=\"https:\/\/www.cisa-arica.cl\/wp1\/wp-content\/uploads\/2023\/09\/IMG_3694-300x200.jpg 300w, https:\/\/www.cisa-arica.cl\/wp1\/wp-content\/uploads\/2023\/09\/IMG_3694-600x400.jpg 600w, https:\/\/www.cisa-arica.cl\/wp1\/wp-content\/uploads\/2023\/09\/IMG_3694-768x512.jpg 768w, https:\/\/www.cisa-arica.cl\/wp1\/wp-content\/uploads\/2023\/09\/IMG_3694-1536x1024.jpg 1536w, https:\/\/www.cisa-arica.cl\/wp1\/wp-content\/uploads\/2023\/09\/IMG_3694.jpg 2048w\" sizes=\"auto, (max-width: 300px) 100vw, 300px\" \/> <img loading=\"lazy\" decoding=\"async\" data-attachment-id=\"22422\" data-permalink=\"https:\/\/www.cisa-arica.cl\/wp1\/2023\/09\/25\/misa-a-la-chilena\/img_3695\/\" data-orig-file=\"https:\/\/www.cisa-arica.cl\/wp1\/wp-content\/uploads\/2023\/09\/IMG_3695.jpg\" data-orig-size=\"2048,1365\" data-comments-opened=\"0\" data-image-meta=\"{&quot;aperture&quot;:&quot;1.4&quot;,&quot;credit&quot;:&quot;Mahadeva Das&quot;,&quot;camera&quot;:&quot;Canon EOS 60D&quot;,&quot;caption&quot;:&quot;&quot;,&quot;created_timestamp&quot;:&quot;1694690995&quot;,&quot;copyright&quot;:&quot;osomahadev@hotmail.com         Funkerrante@Gmail.com&quot;,&quot;focal_length&quot;:&quot;50&quot;,&quot;iso&quot;:&quot;400&quot;,&quot;shutter_speed&quot;:&quot;0.001&quot;,&quot;title&quot;:&quot;&quot;,&quot;orientation&quot;:&quot;0&quot;}\" data-image-title=\"IMG_3695\" data-image-description=\"\" data-image-caption=\"\" data-large-file=\"https:\/\/www.cisa-arica.cl\/wp1\/wp-content\/uploads\/2023\/09\/IMG_3695-600x400.jpg\" class=\"alignnone size-medium wp-image-22422\" src=\"http:\/\/www.cisa-arica.cl\/wp1\/wp-content\/uploads\/2023\/09\/IMG_3695-300x200.jpg\" alt=\"\" width=\"300\" height=\"200\" srcset=\"https:\/\/www.cisa-arica.cl\/wp1\/wp-content\/uploads\/2023\/09\/IMG_3695-300x200.jpg 300w, https:\/\/www.cisa-arica.cl\/wp1\/wp-content\/uploads\/2023\/09\/IMG_3695-600x400.jpg 600w, https:\/\/www.cisa-arica.cl\/wp1\/wp-content\/uploads\/2023\/09\/IMG_3695-768x512.jpg 768w, https:\/\/www.cisa-arica.cl\/wp1\/wp-content\/uploads\/2023\/09\/IMG_3695-1536x1024.jpg 1536w, https:\/\/www.cisa-arica.cl\/wp1\/wp-content\/uploads\/2023\/09\/IMG_3695.jpg 2048w\" sizes=\"auto, (max-width: 300px) 100vw, 300px\" \/> <img loading=\"lazy\" decoding=\"async\" data-attachment-id=\"22423\" data-permalink=\"https:\/\/www.cisa-arica.cl\/wp1\/2023\/09\/25\/misa-a-la-chilena\/img_3702-2\/\" data-orig-file=\"https:\/\/www.cisa-arica.cl\/wp1\/wp-content\/uploads\/2023\/09\/IMG_3702.jpg\" data-orig-size=\"2048,1365\" data-comments-opened=\"0\" data-image-meta=\"{&quot;aperture&quot;:&quot;1.4&quot;,&quot;credit&quot;:&quot;Mahadeva Das&quot;,&quot;camera&quot;:&quot;Canon EOS 60D&quot;,&quot;caption&quot;:&quot;&quot;,&quot;created_timestamp&quot;:&quot;1694691416&quot;,&quot;copyright&quot;:&quot;osomahadev@hotmail.com         Funkerrante@Gmail.com&quot;,&quot;focal_length&quot;:&quot;50&quot;,&quot;iso&quot;:&quot;400&quot;,&quot;shutter_speed&quot;:&quot;0.0015625&quot;,&quot;title&quot;:&quot;&quot;,&quot;orientation&quot;:&quot;0&quot;}\" data-image-title=\"IMG_3702\" data-image-description=\"\" data-image-caption=\"\" data-large-file=\"https:\/\/www.cisa-arica.cl\/wp1\/wp-content\/uploads\/2023\/09\/IMG_3702-600x400.jpg\" class=\"alignnone size-medium wp-image-22423\" src=\"http:\/\/www.cisa-arica.cl\/wp1\/wp-content\/uploads\/2023\/09\/IMG_3702-300x200.jpg\" alt=\"\" width=\"300\" height=\"200\" srcset=\"https:\/\/www.cisa-arica.cl\/wp1\/wp-content\/uploads\/2023\/09\/IMG_3702-300x200.jpg 300w, https:\/\/www.cisa-arica.cl\/wp1\/wp-content\/uploads\/2023\/09\/IMG_3702-600x400.jpg 600w, https:\/\/www.cisa-arica.cl\/wp1\/wp-content\/uploads\/2023\/09\/IMG_3702-768x512.jpg 768w, https:\/\/www.cisa-arica.cl\/wp1\/wp-content\/uploads\/2023\/09\/IMG_3702-1536x1024.jpg 1536w, https:\/\/www.cisa-arica.cl\/wp1\/wp-content\/uploads\/2023\/09\/IMG_3702.jpg 2048w\" sizes=\"auto, (max-width: 300px) 100vw, 300px\" \/> <img loading=\"lazy\" decoding=\"async\" data-attachment-id=\"22424\" data-permalink=\"https:\/\/www.cisa-arica.cl\/wp1\/2023\/09\/25\/misa-a-la-chilena\/img_3704-2\/\" data-orig-file=\"https:\/\/www.cisa-arica.cl\/wp1\/wp-content\/uploads\/2023\/09\/IMG_3704.jpg\" data-orig-size=\"2048,1365\" data-comments-opened=\"0\" data-image-meta=\"{&quot;aperture&quot;:&quot;1.4&quot;,&quot;credit&quot;:&quot;Mahadeva Das&quot;,&quot;camera&quot;:&quot;Canon EOS 60D&quot;,&quot;caption&quot;:&quot;&quot;,&quot;created_timestamp&quot;:&quot;1694691425&quot;,&quot;copyright&quot;:&quot;osomahadev@hotmail.com         Funkerrante@Gmail.com&quot;,&quot;focal_length&quot;:&quot;50&quot;,&quot;iso&quot;:&quot;400&quot;,&quot;shutter_speed&quot;:&quot;0.0015625&quot;,&quot;title&quot;:&quot;&quot;,&quot;orientation&quot;:&quot;0&quot;}\" data-image-title=\"IMG_3704\" data-image-description=\"\" data-image-caption=\"\" data-large-file=\"https:\/\/www.cisa-arica.cl\/wp1\/wp-content\/uploads\/2023\/09\/IMG_3704-600x400.jpg\" class=\"alignnone size-medium wp-image-22424\" src=\"http:\/\/www.cisa-arica.cl\/wp1\/wp-content\/uploads\/2023\/09\/IMG_3704-300x200.jpg\" alt=\"\" width=\"300\" height=\"200\" srcset=\"https:\/\/www.cisa-arica.cl\/wp1\/wp-content\/uploads\/2023\/09\/IMG_3704-300x200.jpg 300w, https:\/\/www.cisa-arica.cl\/wp1\/wp-content\/uploads\/2023\/09\/IMG_3704-600x400.jpg 600w, https:\/\/www.cisa-arica.cl\/wp1\/wp-content\/uploads\/2023\/09\/IMG_3704-768x512.jpg 768w, https:\/\/www.cisa-arica.cl\/wp1\/wp-content\/uploads\/2023\/09\/IMG_3704-1536x1024.jpg 1536w, https:\/\/www.cisa-arica.cl\/wp1\/wp-content\/uploads\/2023\/09\/IMG_3704.jpg 2048w\" sizes=\"auto, (max-width: 300px) 100vw, 300px\" \/> <img loading=\"lazy\" decoding=\"async\" data-attachment-id=\"22425\" data-permalink=\"https:\/\/www.cisa-arica.cl\/wp1\/2023\/09\/25\/misa-a-la-chilena\/img_3705-2\/\" data-orig-file=\"https:\/\/www.cisa-arica.cl\/wp1\/wp-content\/uploads\/2023\/09\/IMG_3705.jpg\" data-orig-size=\"2048,1365\" data-comments-opened=\"0\" data-image-meta=\"{&quot;aperture&quot;:&quot;1.4&quot;,&quot;credit&quot;:&quot;Mahadeva Das&quot;,&quot;camera&quot;:&quot;Canon EOS 60D&quot;,&quot;caption&quot;:&quot;&quot;,&quot;created_timestamp&quot;:&quot;1694691431&quot;,&quot;copyright&quot;:&quot;osomahadev@hotmail.com         Funkerrante@Gmail.com&quot;,&quot;focal_length&quot;:&quot;50&quot;,&quot;iso&quot;:&quot;400&quot;,&quot;shutter_speed&quot;:&quot;0.0015625&quot;,&quot;title&quot;:&quot;&quot;,&quot;orientation&quot;:&quot;0&quot;}\" data-image-title=\"IMG_3705\" data-image-description=\"\" data-image-caption=\"\" data-large-file=\"https:\/\/www.cisa-arica.cl\/wp1\/wp-content\/uploads\/2023\/09\/IMG_3705-600x400.jpg\" class=\"alignnone size-medium wp-image-22425\" src=\"http:\/\/www.cisa-arica.cl\/wp1\/wp-content\/uploads\/2023\/09\/IMG_3705-300x200.jpg\" alt=\"\" width=\"300\" height=\"200\" srcset=\"https:\/\/www.cisa-arica.cl\/wp1\/wp-content\/uploads\/2023\/09\/IMG_3705-300x200.jpg 300w, https:\/\/www.cisa-arica.cl\/wp1\/wp-content\/uploads\/2023\/09\/IMG_3705-600x400.jpg 600w, https:\/\/www.cisa-arica.cl\/wp1\/wp-content\/uploads\/2023\/09\/IMG_3705-768x512.jpg 768w, https:\/\/www.cisa-arica.cl\/wp1\/wp-content\/uploads\/2023\/09\/IMG_3705-1536x1024.jpg 1536w, https:\/\/www.cisa-arica.cl\/wp1\/wp-content\/uploads\/2023\/09\/IMG_3705.jpg 2048w\" sizes=\"auto, (max-width: 300px) 100vw, 300px\" \/> <img loading=\"lazy\" decoding=\"async\" data-attachment-id=\"22426\" data-permalink=\"https:\/\/www.cisa-arica.cl\/wp1\/2023\/09\/25\/misa-a-la-chilena\/img_3708-2\/\" data-orig-file=\"https:\/\/www.cisa-arica.cl\/wp1\/wp-content\/uploads\/2023\/09\/IMG_3708.jpg\" data-orig-size=\"2048,1365\" data-comments-opened=\"0\" data-image-meta=\"{&quot;aperture&quot;:&quot;1.4&quot;,&quot;credit&quot;:&quot;Mahadeva Das&quot;,&quot;camera&quot;:&quot;Canon EOS 60D&quot;,&quot;caption&quot;:&quot;&quot;,&quot;created_timestamp&quot;:&quot;1694691436&quot;,&quot;copyright&quot;:&quot;osomahadev@hotmail.com         Funkerrante@Gmail.com&quot;,&quot;focal_length&quot;:&quot;50&quot;,&quot;iso&quot;:&quot;400&quot;,&quot;shutter_speed&quot;:&quot;0.0015625&quot;,&quot;title&quot;:&quot;&quot;,&quot;orientation&quot;:&quot;0&quot;}\" data-image-title=\"IMG_3708\" data-image-description=\"\" data-image-caption=\"\" data-large-file=\"https:\/\/www.cisa-arica.cl\/wp1\/wp-content\/uploads\/2023\/09\/IMG_3708-600x400.jpg\" class=\"alignnone size-medium wp-image-22426\" src=\"http:\/\/www.cisa-arica.cl\/wp1\/wp-content\/uploads\/2023\/09\/IMG_3708-300x200.jpg\" alt=\"\" width=\"300\" height=\"200\" srcset=\"https:\/\/www.cisa-arica.cl\/wp1\/wp-content\/uploads\/2023\/09\/IMG_3708-300x200.jpg 300w, https:\/\/www.cisa-arica.cl\/wp1\/wp-content\/uploads\/2023\/09\/IMG_3708-600x400.jpg 600w, https:\/\/www.cisa-arica.cl\/wp1\/wp-content\/uploads\/2023\/09\/IMG_3708-768x512.jpg 768w, https:\/\/www.cisa-arica.cl\/wp1\/wp-content\/uploads\/2023\/09\/IMG_3708-1536x1024.jpg 1536w, https:\/\/www.cisa-arica.cl\/wp1\/wp-content\/uploads\/2023\/09\/IMG_3708.jpg 2048w\" sizes=\"auto, (max-width: 300px) 100vw, 300px\" \/> <img loading=\"lazy\" decoding=\"async\" data-attachment-id=\"22427\" data-permalink=\"https:\/\/www.cisa-arica.cl\/wp1\/2023\/09\/25\/misa-a-la-chilena\/img_3710-2\/\" data-orig-file=\"https:\/\/www.cisa-arica.cl\/wp1\/wp-content\/uploads\/2023\/09\/IMG_3710.jpg\" data-orig-size=\"2048,1365\" data-comments-opened=\"0\" data-image-meta=\"{&quot;aperture&quot;:&quot;1.4&quot;,&quot;credit&quot;:&quot;Mahadeva Das&quot;,&quot;camera&quot;:&quot;Canon EOS 60D&quot;,&quot;caption&quot;:&quot;&quot;,&quot;created_timestamp&quot;:&quot;1694691440&quot;,&quot;copyright&quot;:&quot;osomahadev@hotmail.com         Funkerrante@Gmail.com&quot;,&quot;focal_length&quot;:&quot;50&quot;,&quot;iso&quot;:&quot;400&quot;,&quot;shutter_speed&quot;:&quot;0.0015625&quot;,&quot;title&quot;:&quot;&quot;,&quot;orientation&quot;:&quot;0&quot;}\" data-image-title=\"IMG_3710\" data-image-description=\"\" data-image-caption=\"\" data-large-file=\"https:\/\/www.cisa-arica.cl\/wp1\/wp-content\/uploads\/2023\/09\/IMG_3710-600x400.jpg\" class=\"alignnone size-medium wp-image-22427\" src=\"http:\/\/www.cisa-arica.cl\/wp1\/wp-content\/uploads\/2023\/09\/IMG_3710-300x200.jpg\" alt=\"\" width=\"300\" height=\"200\" srcset=\"https:\/\/www.cisa-arica.cl\/wp1\/wp-content\/uploads\/2023\/09\/IMG_3710-300x200.jpg 300w, https:\/\/www.cisa-arica.cl\/wp1\/wp-content\/uploads\/2023\/09\/IMG_3710-600x400.jpg 600w, https:\/\/www.cisa-arica.cl\/wp1\/wp-content\/uploads\/2023\/09\/IMG_3710-768x512.jpg 768w, https:\/\/www.cisa-arica.cl\/wp1\/wp-content\/uploads\/2023\/09\/IMG_3710-1536x1024.jpg 1536w, https:\/\/www.cisa-arica.cl\/wp1\/wp-content\/uploads\/2023\/09\/IMG_3710.jpg 2048w\" sizes=\"auto, (max-width: 300px) 100vw, 300px\" \/> <img loading=\"lazy\" decoding=\"async\" data-attachment-id=\"22428\" data-permalink=\"https:\/\/www.cisa-arica.cl\/wp1\/2023\/09\/25\/misa-a-la-chilena\/img_3712-2\/\" data-orig-file=\"https:\/\/www.cisa-arica.cl\/wp1\/wp-content\/uploads\/2023\/09\/IMG_3712.jpg\" data-orig-size=\"2048,1365\" data-comments-opened=\"0\" data-image-meta=\"{&quot;aperture&quot;:&quot;1.4&quot;,&quot;credit&quot;:&quot;Mahadeva Das&quot;,&quot;camera&quot;:&quot;Canon EOS 60D&quot;,&quot;caption&quot;:&quot;&quot;,&quot;created_timestamp&quot;:&quot;1694691455&quot;,&quot;copyright&quot;:&quot;osomahadev@hotmail.com         Funkerrante@Gmail.com&quot;,&quot;focal_length&quot;:&quot;50&quot;,&quot;iso&quot;:&quot;400&quot;,&quot;shutter_speed&quot;:&quot;0.0025&quot;,&quot;title&quot;:&quot;&quot;,&quot;orientation&quot;:&quot;0&quot;}\" data-image-title=\"IMG_3712\" data-image-description=\"\" data-image-caption=\"\" data-large-file=\"https:\/\/www.cisa-arica.cl\/wp1\/wp-content\/uploads\/2023\/09\/IMG_3712-600x400.jpg\" class=\"alignnone size-medium wp-image-22428\" src=\"http:\/\/www.cisa-arica.cl\/wp1\/wp-content\/uploads\/2023\/09\/IMG_3712-300x200.jpg\" alt=\"\" width=\"300\" height=\"200\" srcset=\"https:\/\/www.cisa-arica.cl\/wp1\/wp-content\/uploads\/2023\/09\/IMG_3712-300x200.jpg 300w, https:\/\/www.cisa-arica.cl\/wp1\/wp-content\/uploads\/2023\/09\/IMG_3712-600x400.jpg 600w, https:\/\/www.cisa-arica.cl\/wp1\/wp-content\/uploads\/2023\/09\/IMG_3712-768x512.jpg 768w, https:\/\/www.cisa-arica.cl\/wp1\/wp-content\/uploads\/2023\/09\/IMG_3712-1536x1024.jpg 1536w, https:\/\/www.cisa-arica.cl\/wp1\/wp-content\/uploads\/2023\/09\/IMG_3712.jpg 2048w\" sizes=\"auto, (max-width: 300px) 100vw, 300px\" \/> <img loading=\"lazy\" decoding=\"async\" data-attachment-id=\"22429\" data-permalink=\"https:\/\/www.cisa-arica.cl\/wp1\/2023\/09\/25\/misa-a-la-chilena\/img_3723-2\/\" data-orig-file=\"https:\/\/www.cisa-arica.cl\/wp1\/wp-content\/uploads\/2023\/09\/IMG_3723.jpg\" data-orig-size=\"1671,2048\" data-comments-opened=\"0\" data-image-meta=\"{&quot;aperture&quot;:&quot;1.4&quot;,&quot;credit&quot;:&quot;Mahadeva Das&quot;,&quot;camera&quot;:&quot;Canon EOS 60D&quot;,&quot;caption&quot;:&quot;&quot;,&quot;created_timestamp&quot;:&quot;1694691613&quot;,&quot;copyright&quot;:&quot;osomahadev@hotmail.com         Funkerrante@Gmail.com&quot;,&quot;focal_length&quot;:&quot;50&quot;,&quot;iso&quot;:&quot;400&quot;,&quot;shutter_speed&quot;:&quot;0.0015625&quot;,&quot;title&quot;:&quot;&quot;,&quot;orientation&quot;:&quot;0&quot;}\" data-image-title=\"IMG_3723\" data-image-description=\"\" data-image-caption=\"\" data-large-file=\"https:\/\/www.cisa-arica.cl\/wp1\/wp-content\/uploads\/2023\/09\/IMG_3723-490x600.jpg\" class=\"alignnone size-medium wp-image-22429\" src=\"http:\/\/www.cisa-arica.cl\/wp1\/wp-content\/uploads\/2023\/09\/IMG_3723-245x300.jpg\" alt=\"\" width=\"245\" height=\"300\" srcset=\"https:\/\/www.cisa-arica.cl\/wp1\/wp-content\/uploads\/2023\/09\/IMG_3723-245x300.jpg 245w, https:\/\/www.cisa-arica.cl\/wp1\/wp-content\/uploads\/2023\/09\/IMG_3723-490x600.jpg 490w, https:\/\/www.cisa-arica.cl\/wp1\/wp-content\/uploads\/2023\/09\/IMG_3723-768x941.jpg 768w, https:\/\/www.cisa-arica.cl\/wp1\/wp-content\/uploads\/2023\/09\/IMG_3723-1253x1536.jpg 1253w, https:\/\/www.cisa-arica.cl\/wp1\/wp-content\/uploads\/2023\/09\/IMG_3723.jpg 1671w\" sizes=\"auto, (max-width: 245px) 100vw, 245px\" \/><\/p>\n","protected":false},"excerpt":{"rendered":"<p>Con una eucarist\u00eda celebrada por el padre Jes\u00fas Apiolaza Fern\u00e1ndez, nuestro colegio tuvo su misa a la chilena para agradecer por esta hermosa Patria que tenemos y por nuestra comunidad educativa, el pasado jueves 14 de septiembre. En la ceremonia religiosa se presentaron una serie de s\u00edmbolos relacionados con nuestras m\u00e1s preciadas tradiciones para su <a class=\"read-more\" href=\"https:\/\/www.cisa-arica.cl\/wp1\/2023\/09\/25\/misa-a-la-chilena\/\">Continuar leyendo<\/a><\/p>\n","protected":false},"author":5,"featured_media":22429,"comment_status":"closed","ping_status":"open","sticky":false,"template":"","format":"standard","meta":{"_jetpack_memberships_contains_paid_content":false,"footnotes":"","jetpack_publicize_message":"","jetpack_publicize_feature_enabled":true,"jetpack_social_post_already_shared":true,"jetpack_social_options":{"image_generator_settings":{"template":"highway","default_image_id":0,"font":"","enabled":false},"version":2}},"categories":[5],"tags":[],"class_list":["post-22373","post","type-post","status-publish","format-standard","has-post-thumbnail","hentry","category-uncategorized"],"jetpack_publicize_connections":[],"jetpack_featured_media_url":"https:\/\/www.cisa-arica.cl\/wp1\/wp-content\/uploads\/2023\/09\/IMG_3723.jpg","jetpack_sharing_enabled":true,"jetpack_shortlink":"https:\/\/wp.me\/p84wcz-5OR","jetpack-related-posts":[{"id":26563,"url":"https:\/\/www.cisa-arica.cl\/wp1\/2024\/09\/13\/misa-a-la-chilena-2024\/","url_meta":{"origin":22373,"position":0},"title":"Misa a la Chilena 2024","author":"Jeannette Rivera","date":"13 de Septiembre de 2024","format":false,"excerpt":"Con m\u00fasica, alegr\u00eda y nuestro baile nacional, celebramos la Misa a la Chilena para agradecer a Dios por sus bondades y pedir por nuestra Patria amada. La misa fue precedida por el padre Mario con la participaci\u00f3n de toda la Comunidad Educativa.","rel":"","context":"Entrada similar ","block_context":{"text":"Entrada similar ","link":""},"img":{"alt_text":"","src":"https:\/\/i0.wp.com\/www.cisa-arica.cl\/wp1\/wp-content\/uploads\/2024\/10\/IMG_5566-scaled.jpg?resize=350%2C200&ssl=1","width":350,"height":200,"srcset":"https:\/\/i0.wp.com\/www.cisa-arica.cl\/wp1\/wp-content\/uploads\/2024\/10\/IMG_5566-scaled.jpg?resize=350%2C200&ssl=1 1x, https:\/\/i0.wp.com\/www.cisa-arica.cl\/wp1\/wp-content\/uploads\/2024\/10\/IMG_5566-scaled.jpg?resize=525%2C300&ssl=1 1.5x, https:\/\/i0.wp.com\/www.cisa-arica.cl\/wp1\/wp-content\/uploads\/2024\/10\/IMG_5566-scaled.jpg?resize=700%2C400&ssl=1 2x, https:\/\/i0.wp.com\/www.cisa-arica.cl\/wp1\/wp-content\/uploads\/2024\/10\/IMG_5566-scaled.jpg?resize=1050%2C600&ssl=1 3x, https:\/\/i0.wp.com\/www.cisa-arica.cl\/wp1\/wp-content\/uploads\/2024\/10\/IMG_5566-scaled.jpg?resize=1400%2C800&ssl=1 4x"},"classes":[]},{"id":28986,"url":"https:\/\/www.cisa-arica.cl\/wp1\/2025\/09\/22\/misa-a-la-chilena-2\/","url_meta":{"origin":22373,"position":1},"title":"Misa a la chilena","author":"Jeannette Rivera","date":"22 de Septiembre de 2025","format":false,"excerpt":"El Mi\u00e9rcoles 10 de Septiembre, nuestra comunidad celebr\u00f3 la Misa a la Chilena para agradecer a Dios y a la Virgen por todas las bondades que hermosa Naci\u00f3n llamada Chile, nos proovee todos los d\u00edas. La misa fue precedida por el padre Mario y participaron las Hermanas de la Comunidad,\u2026","rel":"","context":"Entrada similar ","block_context":{"text":"Entrada similar ","link":""},"img":{"alt_text":"","src":"https:\/\/i0.wp.com\/www.cisa-arica.cl\/wp1\/wp-content\/uploads\/2025\/09\/IMG_9469.jpg?resize=350%2C200&ssl=1","width":350,"height":200,"srcset":"https:\/\/i0.wp.com\/www.cisa-arica.cl\/wp1\/wp-content\/uploads\/2025\/09\/IMG_9469.jpg?resize=350%2C200&ssl=1 1x, https:\/\/i0.wp.com\/www.cisa-arica.cl\/wp1\/wp-content\/uploads\/2025\/09\/IMG_9469.jpg?resize=525%2C300&ssl=1 1.5x, https:\/\/i0.wp.com\/www.cisa-arica.cl\/wp1\/wp-content\/uploads\/2025\/09\/IMG_9469.jpg?resize=700%2C400&ssl=1 2x, https:\/\/i0.wp.com\/www.cisa-arica.cl\/wp1\/wp-content\/uploads\/2025\/09\/IMG_9469.jpg?resize=1050%2C600&ssl=1 3x, https:\/\/i0.wp.com\/www.cisa-arica.cl\/wp1\/wp-content\/uploads\/2025\/09\/IMG_9469.jpg?resize=1400%2C800&ssl=1 4x"},"classes":[]},{"id":17300,"url":"https:\/\/www.cisa-arica.cl\/wp1\/2022\/09\/28\/misioneras-de-la-esperanza-celebran-misa-a-la-chilena\/","url_meta":{"origin":22373,"position":2},"title":"Misioneras de la Esperanza Celebran Misa a la Chilena","author":"Jeannette Rivera","date":"28 de Septiembre de 2022","format":false,"excerpt":"El viernes 16 de Septiembre estudiantes del grupo pastoral Misioneras de la Esperanza celebraron la tradicional Misa a la Chilena junto a la comunidad Juan Pablo II, en el poblado de Acha.Al t\u00e9rmino de la celebraci\u00f3n se dio paso a un compartir fraterno, entre juegos y danzas t\u00edpicas chilenas.","rel":"","context":"Entrada similar ","block_context":{"text":"Entrada similar ","link":""},"img":{"alt_text":"","src":"https:\/\/i0.wp.com\/www.cisa-arica.cl\/wp1\/wp-content\/uploads\/2022\/09\/BF3EE17B-23CE-4393-8A14-B369487E76CE.jpeg?resize=350%2C200&ssl=1","width":350,"height":200,"srcset":"https:\/\/i0.wp.com\/www.cisa-arica.cl\/wp1\/wp-content\/uploads\/2022\/09\/BF3EE17B-23CE-4393-8A14-B369487E76CE.jpeg?resize=350%2C200&ssl=1 1x, https:\/\/i0.wp.com\/www.cisa-arica.cl\/wp1\/wp-content\/uploads\/2022\/09\/BF3EE17B-23CE-4393-8A14-B369487E76CE.jpeg?resize=525%2C300&ssl=1 1.5x, https:\/\/i0.wp.com\/www.cisa-arica.cl\/wp1\/wp-content\/uploads\/2022\/09\/BF3EE17B-23CE-4393-8A14-B369487E76CE.jpeg?resize=700%2C400&ssl=1 2x, https:\/\/i0.wp.com\/www.cisa-arica.cl\/wp1\/wp-content\/uploads\/2022\/09\/BF3EE17B-23CE-4393-8A14-B369487E76CE.jpeg?resize=1050%2C600&ssl=1 3x"},"classes":[]},{"id":9362,"url":"https:\/\/www.cisa-arica.cl\/wp1\/2019\/09\/23\/santa-ana-celebro-con-una-misa-a-la-chilena\/","url_meta":{"origin":22373,"position":3},"title":"Colegio Santa Ana celebr\u00f3 con una misa a la chilena","author":"Jeannette Rivera","date":"23 de Septiembre de 2019","format":false,"excerpt":"Apreciemos las im\u00e1genes que nos dej\u00f3 la m\u00e1s reciente Misa a la Chilena, realizada el pasado 13 de septiembre, y en la cual nuestro colegio celebr\u00f3 a la Virgen del Carmen y a nuestra patria. Seguido de esta actividad se realiz\u00f3 un acto c\u00edvico lleno de m\u00fasica y bailes t\u00edpicos\u2026","rel":"","context":"En &quot;galeria&quot;","block_context":{"text":"galeria","link":"https:\/\/www.cisa-arica.cl\/wp1\/category\/galeria\/"},"img":{"alt_text":"","src":"https:\/\/i0.wp.com\/www.cisa-arica.cl\/wp1\/wp-content\/uploads\/2019\/09\/065.jpg?resize=350%2C200&ssl=1","width":350,"height":200,"srcset":"https:\/\/i0.wp.com\/www.cisa-arica.cl\/wp1\/wp-content\/uploads\/2019\/09\/065.jpg?resize=350%2C200&ssl=1 1x, https:\/\/i0.wp.com\/www.cisa-arica.cl\/wp1\/wp-content\/uploads\/2019\/09\/065.jpg?resize=525%2C300&ssl=1 1.5x, https:\/\/i0.wp.com\/www.cisa-arica.cl\/wp1\/wp-content\/uploads\/2019\/09\/065.jpg?resize=700%2C400&ssl=1 2x"},"classes":[]},{"id":28862,"url":"https:\/\/www.cisa-arica.cl\/wp1\/2025\/09\/08\/actividades-para-la-semana-del-08-al-12-de-septiembre\/","url_meta":{"origin":22373,"position":4},"title":"Actividades para la semana del 08 al 12 de septiembre","author":"Jeannette Rivera","date":"8 de Septiembre de 2025","format":false,"excerpt":"Estimados padres y apoderados: \u00a0Para esta semana del 08 al 12 de septiembre, tendremos las siguientes actividades: MI\u00c9RCOLES 10 - MISA A LA CHILENA Toda la Comunidad Educativa queda invitada a participar de esta\u00a0misa a las 18.00 hrs. El ingreso ser\u00e1 por la puerta principal de\u00a021 de mayo. Las estudiantes\u2026","rel":"","context":"Entrada similar ","block_context":{"text":"Entrada similar ","link":""},"img":{"alt_text":"","src":"https:\/\/i0.wp.com\/www.cisa-arica.cl\/wp1\/wp-content\/uploads\/2025\/08\/WhatsApp-Image-2025-08-28-at-12.16.44-PM.jpeg?resize=350%2C200&ssl=1","width":350,"height":200,"srcset":"https:\/\/i0.wp.com\/www.cisa-arica.cl\/wp1\/wp-content\/uploads\/2025\/08\/WhatsApp-Image-2025-08-28-at-12.16.44-PM.jpeg?resize=350%2C200&ssl=1 1x, https:\/\/i0.wp.com\/www.cisa-arica.cl\/wp1\/wp-content\/uploads\/2025\/08\/WhatsApp-Image-2025-08-28-at-12.16.44-PM.jpeg?resize=525%2C300&ssl=1 1.5x, https:\/\/i0.wp.com\/www.cisa-arica.cl\/wp1\/wp-content\/uploads\/2025\/08\/WhatsApp-Image-2025-08-28-at-12.16.44-PM.jpeg?resize=700%2C400&ssl=1 2x"},"classes":[]},{"id":8804,"url":"https:\/\/www.cisa-arica.cl\/wp1\/2019\/08\/28\/inicio-nueva-academia-coro-liturgico\/","url_meta":{"origin":22373,"position":5},"title":"Inicio academia &#8220;Coro Lit\u00fargico&#8221;","author":"Jeannette Rivera","date":"28 de Agosto de 2019","format":false,"excerpt":"Este martes 27 de Agosto se dio inicio a la academia \"Coro Lit\u00fargico\", a cargo de la profesora de religi\u00f3n Catherine Canario. Felices por la asistencia y acogida de las alumnas ya comenzaron a ensayar y preparar los cantos de lo que ser\u00e1 nuestra Misa a la chilena \ud83c\udde8\ud83c\uddf1 el\u2026","rel":"","context":"En &quot;Academias CISA&quot;","block_context":{"text":"Academias CISA","link":"https:\/\/www.cisa-arica.cl\/wp1\/category\/academias-cisa\/"},"img":{"alt_text":"","src":"https:\/\/i0.wp.com\/www.cisa-arica.cl\/wp1\/wp-content\/uploads\/2019\/08\/aab-2.jpeg?resize=350%2C200&ssl=1","width":350,"height":200,"srcset":"https:\/\/i0.wp.com\/www.cisa-arica.cl\/wp1\/wp-content\/uploads\/2019\/08\/aab-2.jpeg?resize=350%2C200&ssl=1 1x, https:\/\/i0.wp.com\/www.cisa-arica.cl\/wp1\/wp-content\/uploads\/2019\/08\/aab-2.jpeg?resize=525%2C300&ssl=1 1.5x, https:\/\/i0.wp.com\/www.cisa-arica.cl\/wp1\/wp-content\/uploads\/2019\/08\/aab-2.jpeg?resize=700%2C400&ssl=1 2x, https:\/\/i0.wp.com\/www.cisa-arica.cl\/wp1\/wp-content\/uploads\/2019\/08\/aab-2.jpeg?resize=1050%2C600&ssl=1 3x"},"classes":[]}],"_links":{"self":[{"href":"https:\/\/www.cisa-arica.cl\/wp1\/wp-json\/wp\/v2\/posts\/22373","targetHints":{"allow":["GET"]}}],"collection":[{"href":"https:\/\/www.cisa-arica.cl\/wp1\/wp-json\/wp\/v2\/posts"}],"about":[{"href":"https:\/\/www.cisa-arica.cl\/wp1\/wp-json\/wp\/v2\/types\/post"}],"author":[{"embeddable":true,"href":"https:\/\/www.cisa-arica.cl\/wp1\/wp-json\/wp\/v2\/users\/5"}],"replies":[{"embeddable":true,"href":"https:\/\/www.cisa-arica.cl\/wp1\/wp-json\/wp\/v2\/comments?post=22373"}],"version-history":[{"count":4,"href":"https:\/\/www.cisa-arica.cl\/wp1\/wp-json\/wp\/v2\/posts\/22373\/revisions"}],"predecessor-version":[{"id":22432,"href":"https:\/\/www.cisa-arica.cl\/wp1\/wp-json\/wp\/v2\/posts\/22373\/revisions\/22432"}],"wp:featuredmedia":[{"embeddable":true,"href":"https:\/\/www.cisa-arica.cl\/wp1\/wp-json\/wp\/v2\/media\/22429"}],"wp:attachment":[{"href":"https:\/\/www.cisa-arica.cl\/wp1\/wp-json\/wp\/v2\/media?parent=22373"}],"wp:term":[{"taxonomy":"category","embeddable":true,"href":"https:\/\/www.cisa-arica.cl\/wp1\/wp-json\/wp\/v2\/categories?post=22373"},{"taxonomy":"post_tag","embeddable":true,"href":"https:\/\/www.cisa-arica.cl\/wp1\/wp-json\/wp\/v2\/tags?post=22373"}],"curies":[{"name":"wp","href":"https:\/\/api.w.org\/{rel}","templated":true}]}}