{"id":22066,"date":"2023-09-08T14:38:34","date_gmt":"2023-09-08T18:38:34","guid":{"rendered":"https:\/\/www.cisa-arica.cl\/wp1\/?p=22066"},"modified":"2023-12-28T10:08:52","modified_gmt":"2023-12-28T14:08:52","slug":"comunicado-5","status":"publish","type":"post","link":"https:\/\/www.cisa-arica.cl\/wp1\/2023\/09\/08\/comunicado-5\/","title":{"rendered":"COMUNICADO"},"content":{"rendered":"<p><span class=\"s4\"><span class=\"bumpedFont15\">Estimada comunidad Educativa:<\/span><\/span><\/p>\n<p class=\"s5\"><span class=\"s4\"><span class=\"bumpedFont15\">Reciban un cordial saludo. Nos dirigimos a ustedes para comunicar que,<\/span><\/span> <span class=\"s4\"><span class=\"bumpedFont15\">como<\/span><\/span><span class=\"s4\"><span class=\"bumpedFont15\"> colegio Italiano Santa Ana, siempre nos hemos esforzado<\/span><\/span><span class=\"s4\"><span class=\"bumpedFont15\"> y distinguido<\/span><\/span><span class=\"s4\"><span class=\"bumpedFont15\"> por brindar una educaci\u00f3n que fomente los valores humanos y cristianos en nuestras estudiantes. Hoy, queremos abordar un tema importante que afecta tanto a nuestras estudiantes como a la comunidad en su conjunto: el uso inadecuado de las redes sociales.<\/span><\/span><\/p>\n<p class=\"s5\"><span class=\"s4\"><span class=\"bumpedFont15\">En la era digital en la que vivimos, las redes sociales se han convertido en una parte integral de nuestras vidas. Si bien estas plataformas pueden ser herramientas valiosas para la comunicaci\u00f3n, el aprendizaje y la interacci\u00f3n social, tambi\u00e9n han surgido desaf\u00edos relacionados con su uso inadecuado que afectan no solo a la individualidad de nuestras <\/span><\/span><span class=\"s4\"><span class=\"bumpedFont15\">estudiantes<\/span><\/span><span class=\"s4\"><span class=\"bumpedFont15\"> sino tambi\u00e9n al ambiente escolar y la imagen de nuestra instituci\u00f3n.<\/span><\/span><\/p>\n<p class=\"s5\"><span class=\"s4\"><span class=\"bumpedFont15\">Nos preocupa profundamente<\/span><\/span><span class=\"s4\"><span class=\"bumpedFont15\">,<\/span><\/span><span class=\"s4\"><span class=\"bumpedFont15\"> que algun<\/span><\/span><span class=\"s4\"><span class=\"bumpedFont15\">a<\/span><\/span><span class=\"s4\"><span class=\"bumpedFont15\">s de nuestras estudiantes <\/span><\/span><span class=\"s4\"><span class=\"bumpedFont15\">se <\/span><\/span><span class=\"s4\"><span class=\"bumpedFont15\">es<\/span><\/span><span class=\"s4\"><span class=\"bumpedFont15\">t\u00e1n viendo afectadas e involucradas en<\/span><\/span><span class=\"s4\"><span class=\"bumpedFont15\"> problemas relacionados con el uso indebido de las redes sociales, lo cual va en contra de los principios que sostenemos como instituci\u00f3n educativa cat\u00f3lica. Por lo tanto, deseamos recordarles a todos los miembros de nuestra comunidad <\/span><\/span><span class=\"s4\"><span class=\"bumpedFont15\">educativa <\/span><\/span><span class=\"s4\"><span class=\"bumpedFont15\">la importancia de mantener un uso responsable y \u00e9tico de las redes sociales<\/span><\/span><span class=\"s4\"><span class=\"bumpedFont15\">.<\/span><\/span><\/p>\n<p class=\"s5\"><span class=\"s4\"><span class=\"bumpedFont15\">Como<\/span><\/span> <span class=\"s4\"><span class=\"bumpedFont15\">comunidad educativa<\/span><\/span><span class=\"s4\"><span class=\"bumpedFont15\">,<\/span><\/span><span class=\"s4\"><span class=\"bumpedFont15\"> n<\/span><\/span><span class=\"s4\"><span class=\"bumpedFont15\">o <\/span><\/span><span class=\"s4\"><span class=\"bumpedFont15\">ampararemos ni toleraremos<\/span><\/span><span class=\"s4\"><span class=\"bumpedFont15\"> ning\u00fan tipo de <\/span><\/span><span class=\"s4\"><span class=\"bumpedFont15\">violencia, <\/span><\/span><span class=\"s4\"><span class=\"bumpedFont15\">acoso<\/span><\/span><span class=\"s4\"><span class=\"bumpedFont15\">, <\/span><\/span><span class=\"s4\"><span class=\"bumpedFont15\">discriminaci\u00f3n o comportamiento ofensivo en las redes sociales<\/span><\/span><span class=\"s4\"><span class=\"bumpedFont15\">, es por esto, que <\/span><\/span><span class=\"s4\"><span class=\"bumpedFont15\">pedimos a los padres y tutores que supervis<\/span><\/span><span class=\"s4\"><span class=\"bumpedFont15\">en<\/span><\/span><span class=\"s4\"><span class=\"bumpedFont15\"> el uso de las redes sociales en el hogar y <\/span><\/span><span class=\"s4\"><span class=\"bumpedFont15\">mantengan<\/span><\/span><span class=\"s4\"><span class=\"bumpedFont15\"> una comunicaci\u00f3n abierta sobre este tema<\/span><\/span><span class=\"s4\"><span class=\"bumpedFont15\">.<\/span><\/span><\/p>\n<p class=\"s5\"><span class=\"s4\"><span class=\"bumpedFont15\">A<\/span><\/span><span class=\"s4\"><span class=\"bumpedFont15\">gradecemos su colaboraci\u00f3n <\/span><\/span><span class=\"s4\"><span class=\"bumpedFont15\">y<\/span><\/span><span class=\"s4\"><span class=\"bumpedFont15\"> compromiso en la construcci\u00f3n de una convivencia escolar sostenida en los valores del respeto, la tolerancia y la dignidad de las personas.<\/span><\/span><\/p>\n<p class=\"s5\"><span class=\"s4\"><span class=\"bumpedFont15\">Agradeciendo su acogida y comprensi\u00f3n<\/span><\/span><\/p>\n<p class=\"s5\">\u200b\u200b\u200b\u200b\u200b<span class=\"s4\"><span class=\"bumpedFont15\">Atentamente<\/span><\/span><\/p>\n<p class=\"s6\">\u200b\u200b\u200b\u200b\u200b\u200b<span class=\"s4\"><span class=\"bumpedFont15\"> \u00a0 \u00a0 \u00a0 \u00a0 \u00a0 \u00a0 \u00a0 \u00a0La <\/span><\/span><span class=\"s4\"><span class=\"bumpedFont15\">Direcci\u00f3n<\/span><\/span><\/p>\n","protected":false},"excerpt":{"rendered":"<p>Estimada comunidad Educativa: Reciban un cordial saludo. Nos dirigimos a ustedes para comunicar que, como colegio Italiano Santa Ana, siempre nos hemos esforzado y distinguido por brindar una educaci\u00f3n que fomente los valores humanos y cristianos en nuestras estudiantes. Hoy, queremos abordar un tema importante que afecta tanto a nuestras estudiantes como a la comunidad <a class=\"read-more\" href=\"https:\/\/www.cisa-arica.cl\/wp1\/2023\/09\/08\/comunicado-5\/\">Continuar leyendo<\/a><\/p>\n","protected":false},"author":5,"featured_media":24440,"comment_status":"closed","ping_status":"open","sticky":false,"template":"","format":"standard","meta":{"_jetpack_memberships_contains_paid_content":false,"footnotes":"","jetpack_publicize_message":"","jetpack_publicize_feature_enabled":true,"jetpack_social_post_already_shared":true,"jetpack_social_options":{"image_generator_settings":{"template":"highway","default_image_id":0,"font":"","enabled":false},"version":2}},"categories":[5],"tags":[],"class_list":["post-22066","post","type-post","status-publish","format-standard","has-post-thumbnail","hentry","category-uncategorized"],"jetpack_publicize_connections":[],"jetpack_featured_media_url":"https:\/\/www.cisa-arica.cl\/wp1\/wp-content\/uploads\/2023\/09\/insignia.jpg","jetpack_sharing_enabled":true,"jetpack_shortlink":"https:\/\/wp.me\/p84wcz-5JU","jetpack-related-posts":[{"id":10792,"url":"https:\/\/www.cisa-arica.cl\/wp1\/2020\/06\/26\/felicitaciones-a-1eros-medios-2020-por-sus-resultados-simce\/","url_meta":{"origin":22066,"position":0},"title":"Felicitaciones a 1eros medios 2020 por sus resultados SIMCE","author":"cisa","date":"26 de Junio de 2020","format":false,"excerpt":"Estimada comunidad educativa.Junto con saludar y desear que se encuentren bien junto a sus familias, queremos FELICITAR a nuestras estudiantes de los 8avos a\u00f1os 2019 y actuales 1eros medios,\u00a0quienes el a\u00f1o pasado \u00a0rindieron\u00a0la prueba\u00a0SIMCE, obteniendo excelentes resultados; mostrando un alza en todas las asignaturas evaluadas: Lengua y literatura, matem\u00e1tica e\u2026","rel":"","context":"Entrada similar ","block_context":{"text":"Entrada similar ","link":""},"img":{"alt_text":"","src":"https:\/\/i0.wp.com\/www.cisa-arica.cl\/wp1\/wp-content\/uploads\/2020\/06\/Agregar-un-t%C3%ADtulo.png?resize=350%2C200&ssl=1","width":350,"height":200,"srcset":"https:\/\/i0.wp.com\/www.cisa-arica.cl\/wp1\/wp-content\/uploads\/2020\/06\/Agregar-un-t%C3%ADtulo.png?resize=350%2C200&ssl=1 1x, https:\/\/i0.wp.com\/www.cisa-arica.cl\/wp1\/wp-content\/uploads\/2020\/06\/Agregar-un-t%C3%ADtulo.png?resize=525%2C300&ssl=1 1.5x, https:\/\/i0.wp.com\/www.cisa-arica.cl\/wp1\/wp-content\/uploads\/2020\/06\/Agregar-un-t%C3%ADtulo.png?resize=700%2C400&ssl=1 2x, https:\/\/i0.wp.com\/www.cisa-arica.cl\/wp1\/wp-content\/uploads\/2020\/06\/Agregar-un-t%C3%ADtulo.png?resize=1050%2C600&ssl=1 3x"},"classes":[]},{"id":29982,"url":"https:\/\/www.cisa-arica.cl\/wp1\/2026\/03\/30\/resultados-simce\/","url_meta":{"origin":22066,"position":1},"title":"Resultados SIMCE","author":"Marketing","date":"30 de Marzo de 2026","format":false,"excerpt":"\u00a0\u00a1Felicitaciones, Familia CISA!Hoy celebramos con alegr\u00eda y orgullo los destacados resultados obtenidos por nuestras estudiantes en la prueba SIMCE \ud83d\udcda\ud83c\udf1fEste logro es fruto del esfuerzo, la dedicaci\u00f3n y el compromiso de nuestras estudiantes, docentes y familias, quienes d\u00eda a d\u00eda construyen una comunidad educativa basada en valores, fe y excelencia.Sigamos\u2026","rel":"","context":"Entrada similar ","block_context":{"text":"Entrada similar ","link":""},"img":{"alt_text":"","src":"https:\/\/i0.wp.com\/www.cisa-arica.cl\/wp1\/wp-content\/uploads\/2026\/03\/Gemini_Generated_Image_iir6r8iir6r8iir6.png?resize=350%2C200&ssl=1","width":350,"height":200,"srcset":"https:\/\/i0.wp.com\/www.cisa-arica.cl\/wp1\/wp-content\/uploads\/2026\/03\/Gemini_Generated_Image_iir6r8iir6r8iir6.png?resize=350%2C200&ssl=1 1x, https:\/\/i0.wp.com\/www.cisa-arica.cl\/wp1\/wp-content\/uploads\/2026\/03\/Gemini_Generated_Image_iir6r8iir6r8iir6.png?resize=525%2C300&ssl=1 1.5x, https:\/\/i0.wp.com\/www.cisa-arica.cl\/wp1\/wp-content\/uploads\/2026\/03\/Gemini_Generated_Image_iir6r8iir6r8iir6.png?resize=700%2C400&ssl=1 2x"},"classes":[]},{"id":10411,"url":"https:\/\/www.cisa-arica.cl\/wp1\/2020\/04\/09\/carta-dirigida-a-nuestras-estudiantes\/","url_meta":{"origin":22066,"position":2},"title":"Carta dirigida a nuestras Estudiantes","author":"Jeannette Rivera","date":"9 de Abril de 2020","format":false,"excerpt":"\u00a0\u00a0\u00a0\u00a0\u00a0\u00a0\u00a0\u00a0\u00a0\u00a0\u00a0\u00a0\u00a0\u00a0\u00a0\u00a0\u00a0\u00a0\u00a0\u00a0\u00a0\u00a0\u00a0\u00a0\u00a0\u00a0\u00a0\u00a0\u00a0\u00a0\u00a0\u00a0\u00a0\u00a0\u00a0\u00a0\u00a0\u00a0\u00a0\u00a0\u00a0\u00a0\u00a0\u00a0\u00a0\u00a0\u00a0\u00a0\u00a0\u00a0\u00a0\u00a0\u00a0\u00a0\u00a0\u00a0\u00a0\u00a0\u00a0\u00a0\u00a0\u00a0\u00a0\u00a0\u00a0\u00a0\u00a0\u00a0\u00a0\u00a0\u00a0\u00a0\u00a0\u00a0\u00a0\u00a0\u00a0\u00a0\u00a0\u00a0\u00a0\u00a0\u00a0\u00a0\u00a0\u00a0\u00a0\u00a0\u00a0\u00a0\u00a0\u00a0\u00a0\u00a0\u00a0\u00a0\u00a0\u00a0\u00a0\u00a0\u00a0\u00a0\u00a0\u00a0\u00a0\u00a0\u00a0\u00a0\u00a0\u00a0\u00a0\u00a0\u00a0\u00a0\u00a0\u00a0\u00a0\u00a0\u00a0\u00a0\u00a0\u00a0\u00a0\u00a0\u00a0\u00a0\u00a0\u00a0\u00a0\u00a0\u00a0\u00a0\u00a0\u00a0\u00a0\u00a0\u00a0\u00a0\u00a0\u00a0 \u00a0\u00a0\u00a0\u00a0\u00a0\u00a0\u00a0\u00a0 Jueves 9 de abril de 2020 Queridas Estudiantes \u00a0\u00a0\u00a0\u00a0\u00a0\u00a0\u00a0\u00a0\u00a0\u00a0\u00a0 Junto con saludarlas con mucho cari\u00f1o y esperando que se encuentren bien al igual que sus familias, me dirijo \u00a0a ustedes para compartirles lo que el colegio ha ido programando con el objetivo de responder de la mejor forma\u2026","rel":"","context":"Entrada similar ","block_context":{"text":"Entrada similar ","link":""},"img":{"alt_text":"","src":"https:\/\/i0.wp.com\/www.cisa-arica.cl\/wp1\/wp-content\/uploads\/2019\/04\/cropped-LOGO_CISA_chico-2-e1557940881746.png?resize=350%2C200&ssl=1","width":350,"height":200},"classes":[]},{"id":12898,"url":"https:\/\/www.cisa-arica.cl\/wp1\/2021\/08\/23\/entrega-de-becas-tics-junaeb-a-estudiantes-de-7mos-basicos\/","url_meta":{"origin":22066,"position":3},"title":"Entrega de Becas Tics JUNAEB a estudiantes de 7os B\u00e1sicos.","author":"CISA","date":"23 de Agosto de 2021","format":false,"excerpt":"Estimada Comunidad Educativa: Colegio Italiano Santa Ana desea compartir las felicitaciones a nuestras estudiantes de 7os B\u00e1sicos quienes han sido Beneficiadas con la Beca TICs JUNAEB. Que su esfuerzo siga siendo premiado y esta nueva herramienta les sea de gran ayuda en su quehacer estudiantil.","rel":"","context":"Entrada similar ","block_context":{"text":"Entrada similar ","link":""},"img":{"alt_text":"","src":"https:\/\/i0.wp.com\/www.cisa-arica.cl\/wp1\/wp-content\/uploads\/2021\/08\/Screenshot_4.png?resize=350%2C200&ssl=1","width":350,"height":200},"classes":[]},{"id":27942,"url":"https:\/\/www.cisa-arica.cl\/wp1\/2024\/12\/30\/video-de-clausura-2024\/","url_meta":{"origin":22066,"position":4},"title":"Video resumen de las actividades 2024","author":"Jeannette Rivera","date":"30 de Diciembre de 2024","format":false,"excerpt":"Estimada Comunidad Educativa del Colegio Italiano Santa Ana: Compartimos con ustedes un video que\u00a0 revive los mejores momentos de las distintas actividades realizadas durante el a\u00f1o 2024. Revive los mejores momentos del a\u00f1o 2024 en el Colegio Italiano Santa Ana con nuestro video resumen anual. En este emocionante video, podr\u00e1s\u2026","rel":"","context":"Entrada similar ","block_context":{"text":"Entrada similar ","link":""},"img":{"alt_text":"","src":"","width":0,"height":0},"classes":[]},{"id":5787,"url":"https:\/\/www.cisa-arica.cl\/wp1\/2019\/03\/07\/con-una-liturgia-que-integro-a-toda-la-comunidad-santa-ana-le-dimos-el-inicio-al-ano-escolar-2019\/","url_meta":{"origin":22066,"position":5},"title":"Con una liturgia que integr\u00f3 a toda la comunidad Santa Ana le dimos el inicio al A\u00f1o Escolar 2019","author":"Jeannette Rivera","date":"7 de Marzo de 2019","format":false,"excerpt":"Este martes 5 de marzo comenzaron las clases y para darles una c\u00e1lida bienvenida a alumnas y apoderados, el Colegio Italiano Santa Ana y el Equipo de Convivencia Escolar realiz\u00f3 un acto c\u00edvico en la cual pudo participar toda nuestra comunidad educativa. Adem\u00e1s de las palabras de bienvenida a nuestras\u2026","rel":"","context":"Entrada similar ","block_context":{"text":"Entrada similar ","link":""},"img":{"alt_text":"","src":"https:\/\/i0.wp.com\/www.cisa-arica.cl\/wp1\/wp-content\/uploads\/2019\/03\/IMG_8061-1.jpg?resize=350%2C200&ssl=1","width":350,"height":200,"srcset":"https:\/\/i0.wp.com\/www.cisa-arica.cl\/wp1\/wp-content\/uploads\/2019\/03\/IMG_8061-1.jpg?resize=350%2C200&ssl=1 1x, https:\/\/i0.wp.com\/www.cisa-arica.cl\/wp1\/wp-content\/uploads\/2019\/03\/IMG_8061-1.jpg?resize=525%2C300&ssl=1 1.5x, https:\/\/i0.wp.com\/www.cisa-arica.cl\/wp1\/wp-content\/uploads\/2019\/03\/IMG_8061-1.jpg?resize=700%2C400&ssl=1 2x, https:\/\/i0.wp.com\/www.cisa-arica.cl\/wp1\/wp-content\/uploads\/2019\/03\/IMG_8061-1.jpg?resize=1050%2C600&ssl=1 3x"},"classes":[]}],"_links":{"self":[{"href":"https:\/\/www.cisa-arica.cl\/wp1\/wp-json\/wp\/v2\/posts\/22066","targetHints":{"allow":["GET"]}}],"collection":[{"href":"https:\/\/www.cisa-arica.cl\/wp1\/wp-json\/wp\/v2\/posts"}],"about":[{"href":"https:\/\/www.cisa-arica.cl\/wp1\/wp-json\/wp\/v2\/types\/post"}],"author":[{"embeddable":true,"href":"https:\/\/www.cisa-arica.cl\/wp1\/wp-json\/wp\/v2\/users\/5"}],"replies":[{"embeddable":true,"href":"https:\/\/www.cisa-arica.cl\/wp1\/wp-json\/wp\/v2\/comments?post=22066"}],"version-history":[{"count":1,"href":"https:\/\/www.cisa-arica.cl\/wp1\/wp-json\/wp\/v2\/posts\/22066\/revisions"}],"predecessor-version":[{"id":22067,"href":"https:\/\/www.cisa-arica.cl\/wp1\/wp-json\/wp\/v2\/posts\/22066\/revisions\/22067"}],"wp:featuredmedia":[{"embeddable":true,"href":"https:\/\/www.cisa-arica.cl\/wp1\/wp-json\/wp\/v2\/media\/24440"}],"wp:attachment":[{"href":"https:\/\/www.cisa-arica.cl\/wp1\/wp-json\/wp\/v2\/media?parent=22066"}],"wp:term":[{"taxonomy":"category","embeddable":true,"href":"https:\/\/www.cisa-arica.cl\/wp1\/wp-json\/wp\/v2\/categories?post=22066"},{"taxonomy":"post_tag","embeddable":true,"href":"https:\/\/www.cisa-arica.cl\/wp1\/wp-json\/wp\/v2\/tags?post=22066"}],"curies":[{"name":"wp","href":"https:\/\/api.w.org\/{rel}","templated":true}]}}