{"id":22058,"date":"2023-09-07T11:32:00","date_gmt":"2023-09-07T15:32:00","guid":{"rendered":"https:\/\/www.cisa-arica.cl\/wp1\/?p=22058"},"modified":"2023-09-08T01:37:07","modified_gmt":"2023-09-08T05:37:07","slug":"invitacion-a-kermesse-2023","status":"publish","type":"post","link":"https:\/\/www.cisa-arica.cl\/wp1\/2023\/09\/07\/invitacion-a-kermesse-2023\/","title":{"rendered":"Invitaci\u00f3n a Kermesse 2023"},"content":{"rendered":"<p>Se invita a toda la comunidad Cisa, a participar de la Kermesse de este s\u00e1bado 09 de septiembre desde las 15:00 a 20:00 horas. Los cursos han preparado hermosos bailes t\u00edpicos para festejar un nuevo aniversario patrio, adem\u00e1s de variados stand con deliciosos productos para servirse y compartir en familia. La entrada ser\u00e1 por Sotomayor. Los esperamos con alegr\u00eda y con el coraz\u00f3n abierto para disfrutar de una dieciochera tarde sabatina.<\/p>\n","protected":false},"excerpt":{"rendered":"<p>Se invita a toda la comunidad Cisa, a participar de la Kermesse de este s\u00e1bado 09 de septiembre desde las 15:00 a 20:00 horas. Los cursos han preparado hermosos bailes t\u00edpicos para festejar un nuevo aniversario patrio, adem\u00e1s de variados stand con deliciosos productos para servirse y compartir en familia. La entrada ser\u00e1 por Sotomayor. <a class=\"read-more\" href=\"https:\/\/www.cisa-arica.cl\/wp1\/2023\/09\/07\/invitacion-a-kermesse-2023\/\">Continuar leyendo<\/a><\/p>\n","protected":false},"author":5,"featured_media":22059,"comment_status":"closed","ping_status":"open","sticky":false,"template":"","format":"standard","meta":{"_jetpack_memberships_contains_paid_content":false,"footnotes":"","jetpack_publicize_message":"","jetpack_publicize_feature_enabled":true,"jetpack_social_post_already_shared":true,"jetpack_social_options":{"image_generator_settings":{"template":"highway","default_image_id":0,"font":"","enabled":false},"version":2}},"categories":[5],"tags":[],"class_list":["post-22058","post","type-post","status-publish","format-standard","has-post-thumbnail","hentry","category-uncategorized"],"jetpack_publicize_connections":[],"jetpack_featured_media_url":"https:\/\/www.cisa-arica.cl\/wp1\/wp-content\/uploads\/2023\/09\/1B55CE61-2085-4E99-A1B4-636622F5F6B9-scaled.jpeg","jetpack_sharing_enabled":true,"jetpack_shortlink":"https:\/\/wp.me\/p84wcz-5JM","jetpack-related-posts":[{"id":28875,"url":"https:\/\/www.cisa-arica.cl\/wp1\/2025\/09\/09\/kermesse-cisa-2025\/","url_meta":{"origin":22058,"position":0},"title":"Kermesse Cisa 2025","author":"Jeannette Rivera","date":"9 de Septiembre de 2025","format":false,"excerpt":"Con una alegre tarde sabatina, la Comunidad y familias del Colegio Italiano Santa Ana, tuvieron su Kermesse Dieciochera.","rel":"","context":"Entrada similar ","block_context":{"text":"Entrada similar ","link":""},"img":{"alt_text":"","src":"https:\/\/i0.wp.com\/www.cisa-arica.cl\/wp1\/wp-content\/uploads\/2025\/09\/IMG_9338.jpg?resize=350%2C200&ssl=1","width":350,"height":200,"srcset":"https:\/\/i0.wp.com\/www.cisa-arica.cl\/wp1\/wp-content\/uploads\/2025\/09\/IMG_9338.jpg?resize=350%2C200&ssl=1 1x, https:\/\/i0.wp.com\/www.cisa-arica.cl\/wp1\/wp-content\/uploads\/2025\/09\/IMG_9338.jpg?resize=525%2C300&ssl=1 1.5x, https:\/\/i0.wp.com\/www.cisa-arica.cl\/wp1\/wp-content\/uploads\/2025\/09\/IMG_9338.jpg?resize=700%2C400&ssl=1 2x, https:\/\/i0.wp.com\/www.cisa-arica.cl\/wp1\/wp-content\/uploads\/2025\/09\/IMG_9338.jpg?resize=1050%2C600&ssl=1 3x, https:\/\/i0.wp.com\/www.cisa-arica.cl\/wp1\/wp-content\/uploads\/2025\/09\/IMG_9338.jpg?resize=1400%2C800&ssl=1 4x"},"classes":[]},{"id":26786,"url":"https:\/\/www.cisa-arica.cl\/wp1\/2024\/10\/01\/kermesse-2024\/","url_meta":{"origin":22058,"position":1},"title":"Kermesse 2024","author":"Jeannette Rivera","date":"1 de Octubre de 2024","format":false,"excerpt":"El pasado s\u00e1bado 28 de septiembre se dio cierre al mes de la chilenidad con una concurrida Kermesse en donde estudiantes, padres y apoderados tuvieron una activa participaci\u00f3n. Las estudiantes de los distintos cursos y la academia de folclor, prepararon bailes tradicionales, mientras que padres y apoderados se organizaron con\u2026","rel":"","context":"Entrada similar ","block_context":{"text":"Entrada similar ","link":""},"img":{"alt_text":"","src":"https:\/\/i0.wp.com\/www.cisa-arica.cl\/wp1\/wp-content\/uploads\/2024\/10\/IMG_5806-scaled.jpg?resize=350%2C200&ssl=1","width":350,"height":200,"srcset":"https:\/\/i0.wp.com\/www.cisa-arica.cl\/wp1\/wp-content\/uploads\/2024\/10\/IMG_5806-scaled.jpg?resize=350%2C200&ssl=1 1x, https:\/\/i0.wp.com\/www.cisa-arica.cl\/wp1\/wp-content\/uploads\/2024\/10\/IMG_5806-scaled.jpg?resize=525%2C300&ssl=1 1.5x, https:\/\/i0.wp.com\/www.cisa-arica.cl\/wp1\/wp-content\/uploads\/2024\/10\/IMG_5806-scaled.jpg?resize=700%2C400&ssl=1 2x, https:\/\/i0.wp.com\/www.cisa-arica.cl\/wp1\/wp-content\/uploads\/2024\/10\/IMG_5806-scaled.jpg?resize=1050%2C600&ssl=1 3x, https:\/\/i0.wp.com\/www.cisa-arica.cl\/wp1\/wp-content\/uploads\/2024\/10\/IMG_5806-scaled.jpg?resize=1400%2C800&ssl=1 4x"},"classes":[]},{"id":26525,"url":"https:\/\/www.cisa-arica.cl\/wp1\/2024\/09\/26\/invitacion-a-kermesse-dieciochera\/","url_meta":{"origin":22058,"position":2},"title":"Invitaci\u00f3n a Kermesse Dieciochera","author":"Jeannette Rivera","date":"26 de Septiembre de 2024","format":false,"excerpt":"Estimada Comunidad Cisa: Este s\u00e1bado 28 de septiembre celebraremos en familia la Kermesse para finalizar las actividades por celebraci\u00f3n por las Fiestas Patrias. Est\u00e1n todos invitados junto a sus familias, a pasar una entretenida tarde dieciochera con m\u00fasica, bailes, y una variedad de stand con sabrosa comida, deliciosos dulces, bebestibles\u2026","rel":"","context":"Entrada similar ","block_context":{"text":"Entrada similar ","link":""},"img":{"alt_text":"","src":"https:\/\/i0.wp.com\/www.cisa-arica.cl\/wp1\/wp-content\/uploads\/2024\/09\/WhatsApp-Image-2024-09-24-at-10.53.07-AM.jpeg?resize=350%2C200&ssl=1","width":350,"height":200,"srcset":"https:\/\/i0.wp.com\/www.cisa-arica.cl\/wp1\/wp-content\/uploads\/2024\/09\/WhatsApp-Image-2024-09-24-at-10.53.07-AM.jpeg?resize=350%2C200&ssl=1 1x, https:\/\/i0.wp.com\/www.cisa-arica.cl\/wp1\/wp-content\/uploads\/2024\/09\/WhatsApp-Image-2024-09-24-at-10.53.07-AM.jpeg?resize=525%2C300&ssl=1 1.5x"},"classes":[]},{"id":22068,"url":"https:\/\/www.cisa-arica.cl\/wp1\/2023\/09\/11\/kermesse-cisa-2023\/","url_meta":{"origin":22058,"position":3},"title":"Kermesse Cisa 2023","author":"Jeannette Rivera","date":"11 de Septiembre de 2023","format":false,"excerpt":"Con una dieciochera tarde sabatina, nuestro colegio dio inicio a todas las actividades para celebrar un nuevo aniversario Patrio . La kermesse se realiz\u00f3 el pasado s\u00e1bado 09 desde las 15 a 20 horas. Fue una jornada en donde el baile, las tradiciones, la buena y sana convivencia, y por\u2026","rel":"","context":"Entrada similar ","block_context":{"text":"Entrada similar ","link":""},"img":{"alt_text":"","src":"https:\/\/i0.wp.com\/www.cisa-arica.cl\/wp1\/wp-content\/uploads\/2023\/09\/WhatsApp-Image-2023-09-11-at-17.46.40.jpeg?resize=350%2C200&ssl=1","width":350,"height":200,"srcset":"https:\/\/i0.wp.com\/www.cisa-arica.cl\/wp1\/wp-content\/uploads\/2023\/09\/WhatsApp-Image-2023-09-11-at-17.46.40.jpeg?resize=350%2C200&ssl=1 1x, https:\/\/i0.wp.com\/www.cisa-arica.cl\/wp1\/wp-content\/uploads\/2023\/09\/WhatsApp-Image-2023-09-11-at-17.46.40.jpeg?resize=525%2C300&ssl=1 1.5x, https:\/\/i0.wp.com\/www.cisa-arica.cl\/wp1\/wp-content\/uploads\/2023\/09\/WhatsApp-Image-2023-09-11-at-17.46.40.jpeg?resize=700%2C400&ssl=1 2x"},"classes":[]},{"id":9461,"url":"https:\/\/www.cisa-arica.cl\/wp1\/2019\/09\/23\/kermesse-de-fiestas-patrias\/","url_meta":{"origin":22058,"position":4},"title":"Kermesse de Fiestas Patrias","author":"Jeannette Rivera","date":"23 de Septiembre de 2019","format":false,"excerpt":"M\u00fasica, baile, comida y harta chilenidad se vivi\u00f3 el pasado s\u00e1bado 14 de septiembre en la Kermesse \"Celebremos nuestra tierra\" realizada en nuestro colegio y organizada por el Centro de Padres y Convivencia Escolar. Los presentes pudieron visitar los stands organizados por cada curso y que entregaron una gran variedad\u2026","rel":"","context":"En &quot;galeria&quot;","block_context":{"text":"galeria","link":"https:\/\/www.cisa-arica.cl\/wp1\/category\/galeria\/"},"img":{"alt_text":"","src":"https:\/\/i0.wp.com\/www.cisa-arica.cl\/wp1\/wp-content\/uploads\/2019\/09\/IMG_5338.jpg?resize=350%2C200&ssl=1","width":350,"height":200,"srcset":"https:\/\/i0.wp.com\/www.cisa-arica.cl\/wp1\/wp-content\/uploads\/2019\/09\/IMG_5338.jpg?resize=350%2C200&ssl=1 1x, https:\/\/i0.wp.com\/www.cisa-arica.cl\/wp1\/wp-content\/uploads\/2019\/09\/IMG_5338.jpg?resize=525%2C300&ssl=1 1.5x, https:\/\/i0.wp.com\/www.cisa-arica.cl\/wp1\/wp-content\/uploads\/2019\/09\/IMG_5338.jpg?resize=700%2C400&ssl=1 2x, https:\/\/i0.wp.com\/www.cisa-arica.cl\/wp1\/wp-content\/uploads\/2019\/09\/IMG_5338.jpg?resize=1050%2C600&ssl=1 3x, https:\/\/i0.wp.com\/www.cisa-arica.cl\/wp1\/wp-content\/uploads\/2019\/09\/IMG_5338.jpg?resize=1400%2C800&ssl=1 4x"},"classes":[]},{"id":8342,"url":"https:\/\/www.cisa-arica.cl\/wp1\/2019\/08\/06\/informativo-de-reunion-centro-de-padres\/","url_meta":{"origin":22058,"position":5},"title":"Informativo de reuni\u00f3n Centro de Padres","author":"Jeannette Rivera","date":"6 de Agosto de 2019","format":false,"excerpt":"Estimados padres y apoderados: Este lunes 5 de agosto se realiz\u00f3 la 3\u00aa reuni\u00f3n de la directiva del Centro de Padres del Colegio, cuyo tema principal fue la organizaci\u00f3n de la Kermesse de Fiestas Patrias a realizarse el pr\u00f3ximo s\u00e1bado 14 de septiembre. Lo que se acord\u00f3 en dicha reuni\u00f3n\u2026","rel":"","context":"Entrada similar ","block_context":{"text":"Entrada similar ","link":""},"img":{"alt_text":"","src":"https:\/\/i0.wp.com\/www.cisa-arica.cl\/wp1\/wp-content\/uploads\/2019\/08\/Screenshot_3-1.jpg?resize=350%2C200&ssl=1","width":350,"height":200,"srcset":"https:\/\/i0.wp.com\/www.cisa-arica.cl\/wp1\/wp-content\/uploads\/2019\/08\/Screenshot_3-1.jpg?resize=350%2C200&ssl=1 1x, https:\/\/i0.wp.com\/www.cisa-arica.cl\/wp1\/wp-content\/uploads\/2019\/08\/Screenshot_3-1.jpg?resize=525%2C300&ssl=1 1.5x"},"classes":[]}],"_links":{"self":[{"href":"https:\/\/www.cisa-arica.cl\/wp1\/wp-json\/wp\/v2\/posts\/22058","targetHints":{"allow":["GET"]}}],"collection":[{"href":"https:\/\/www.cisa-arica.cl\/wp1\/wp-json\/wp\/v2\/posts"}],"about":[{"href":"https:\/\/www.cisa-arica.cl\/wp1\/wp-json\/wp\/v2\/types\/post"}],"author":[{"embeddable":true,"href":"https:\/\/www.cisa-arica.cl\/wp1\/wp-json\/wp\/v2\/users\/5"}],"replies":[{"embeddable":true,"href":"https:\/\/www.cisa-arica.cl\/wp1\/wp-json\/wp\/v2\/comments?post=22058"}],"version-history":[{"count":1,"href":"https:\/\/www.cisa-arica.cl\/wp1\/wp-json\/wp\/v2\/posts\/22058\/revisions"}],"predecessor-version":[{"id":22060,"href":"https:\/\/www.cisa-arica.cl\/wp1\/wp-json\/wp\/v2\/posts\/22058\/revisions\/22060"}],"wp:featuredmedia":[{"embeddable":true,"href":"https:\/\/www.cisa-arica.cl\/wp1\/wp-json\/wp\/v2\/media\/22059"}],"wp:attachment":[{"href":"https:\/\/www.cisa-arica.cl\/wp1\/wp-json\/wp\/v2\/media?parent=22058"}],"wp:term":[{"taxonomy":"category","embeddable":true,"href":"https:\/\/www.cisa-arica.cl\/wp1\/wp-json\/wp\/v2\/categories?post=22058"},{"taxonomy":"post_tag","embeddable":true,"href":"https:\/\/www.cisa-arica.cl\/wp1\/wp-json\/wp\/v2\/tags?post=22058"}],"curies":[{"name":"wp","href":"https:\/\/api.w.org\/{rel}","templated":true}]}}