{"id":21803,"date":"2023-08-22T13:25:20","date_gmt":"2023-08-22T17:25:20","guid":{"rendered":"https:\/\/www.cisa-arica.cl\/wp1\/?p=21803"},"modified":"2023-09-08T01:45:12","modified_gmt":"2023-09-08T05:45:12","slug":"salida-educ-parvularia-granja-educativa","status":"publish","type":"post","link":"https:\/\/www.cisa-arica.cl\/wp1\/2023\/08\/22\/salida-educ-parvularia-granja-educativa\/","title":{"rendered":"Salida Educ. Parvularia Granja Educativa"},"content":{"rendered":"<p>Una entretenida salida pedag\u00f3gica tuvieron las estudiantes de Educaci\u00f3n Parvularia a Granja Educativa ubicada en el Valle de Lluta. En la ocasi\u00f3n las ni\u00f1as pudieron conocer diversos animales de la zona y disfrutar del paisaje.<\/p>\n\n\n<div class=\"wp-block-jetpack-tiled-gallery aligncenter is-style-rectangular\"><div class=\"tiled-gallery__gallery\"><div class=\"tiled-gallery__row\"><div class=\"tiled-gallery__col\" style=\"flex-basis:46.94605%\"><figure class=\"tiled-gallery__item\"><img decoding=\"async\" data-attachment-id=\"21805\" data-permalink=\"https:\/\/www.cisa-arica.cl\/wp1\/2023\/08\/22\/salida-educ-parvularia-granja-educativa\/whatsapp-image-2023-08-24-at-15-39-29\/\" data-orig-file=\"https:\/\/www.cisa-arica.cl\/wp1\/wp-content\/uploads\/2023\/08\/WhatsApp-Image-2023-08-24-at-15.39.29.jpeg\" data-orig-size=\"1156,867\" data-comments-opened=\"0\" data-image-meta=\"{&quot;aperture&quot;:&quot;0&quot;,&quot;credit&quot;:&quot;&quot;,&quot;camera&quot;:&quot;&quot;,&quot;caption&quot;:&quot;&quot;,&quot;created_timestamp&quot;:&quot;0&quot;,&quot;copyright&quot;:&quot;&quot;,&quot;focal_length&quot;:&quot;0&quot;,&quot;iso&quot;:&quot;0&quot;,&quot;shutter_speed&quot;:&quot;0&quot;,&quot;title&quot;:&quot;&quot;,&quot;orientation&quot;:&quot;0&quot;}\" data-image-title=\"WhatsApp-Image-2023-08-24-at-15.39.29\" data-image-description=\"\" data-image-caption=\"\" data-large-file=\"https:\/\/www.cisa-arica.cl\/wp1\/wp-content\/uploads\/2023\/08\/WhatsApp-Image-2023-08-24-at-15.39.29-600x450.jpeg\" data-attachment-id=\"21805\" data-permalink=\"https:\/\/www.cisa-arica.cl\/wp1\/2023\/08\/22\/salida-educ-parvularia-granja-educativa\/whatsapp-image-2023-08-24-at-15-39-29\/\" data-orig-file=\"https:\/\/www.cisa-arica.cl\/wp1\/wp-content\/uploads\/2023\/08\/WhatsApp-Image-2023-08-24-at-15.39.29.jpeg\" data-orig-size=\"1156,867\" data-comments-opened=\"0\" data-image-meta=\"{&quot;aperture&quot;:&quot;0&quot;,&quot;credit&quot;:&quot;&quot;,&quot;camera&quot;:&quot;&quot;,&quot;caption&quot;:&quot;&quot;,&quot;created_timestamp&quot;:&quot;0&quot;,&quot;copyright&quot;:&quot;&quot;,&quot;focal_length&quot;:&quot;0&quot;,&quot;iso&quot;:&quot;0&quot;,&quot;shutter_speed&quot;:&quot;0&quot;,&quot;title&quot;:&quot;&quot;,&quot;orientation&quot;:&quot;0&quot;}\" data-image-title=\"WhatsApp-Image-2023-08-24-at-15.39.29\" data-image-description=\"\" data-image-caption=\"\" data-large-file=\"https:\/\/www.cisa-arica.cl\/wp1\/wp-content\/uploads\/2023\/08\/WhatsApp-Image-2023-08-24-at-15.39.29-600x450.jpeg\" role=\"button\" tabindex=\"0\" aria-label=\"Abrir la imagen 1 de 25 en pantalla completa\"srcset=\"https:\/\/i0.wp.com\/www.cisa-arica.cl\/wp1\/wp-content\/uploads\/2023\/08\/WhatsApp-Image-2023-08-24-at-15.39.29-600x450.jpeg?strip=info&#038;w=600&#038;ssl=1 600w,https:\/\/i0.wp.com\/www.cisa-arica.cl\/wp1\/wp-content\/uploads\/2023\/08\/WhatsApp-Image-2023-08-24-at-15.39.29-600x450.jpeg?strip=info&#038;w=900&#038;ssl=1 900w,https:\/\/i0.wp.com\/www.cisa-arica.cl\/wp1\/wp-content\/uploads\/2023\/08\/WhatsApp-Image-2023-08-24-at-15.39.29-600x450.jpeg?strip=info&#038;w=1156&#038;ssl=1 1156w\" alt=\"\" data-height=\"867\" data-id=\"21805\" data-link=\"https:\/\/www.cisa-arica.cl\/wp1\/?attachment_id=21805\" data-url=\"https:\/\/www.cisa-arica.cl\/wp1\/wp-content\/uploads\/2023\/08\/WhatsApp-Image-2023-08-24-at-15.39.29-600x450.jpeg\" data-width=\"1156\" src=\"https:\/\/i0.wp.com\/www.cisa-arica.cl\/wp1\/wp-content\/uploads\/2023\/08\/WhatsApp-Image-2023-08-24-at-15.39.29-600x450.jpeg?ssl=1\" data-amp-layout=\"responsive\"\/><\/figure><figure class=\"tiled-gallery__item\"><img decoding=\"async\" data-attachment-id=\"21806\" data-permalink=\"https:\/\/www.cisa-arica.cl\/wp1\/2023\/08\/22\/salida-educ-parvularia-granja-educativa\/whatsapp-image-2023-08-24-at-15-39-29-1\/\" data-orig-file=\"https:\/\/www.cisa-arica.cl\/wp1\/wp-content\/uploads\/2023\/08\/WhatsApp-Image-2023-08-24-at-15.39.29-1.jpeg\" data-orig-size=\"1156,867\" data-comments-opened=\"0\" data-image-meta=\"{&quot;aperture&quot;:&quot;0&quot;,&quot;credit&quot;:&quot;&quot;,&quot;camera&quot;:&quot;&quot;,&quot;caption&quot;:&quot;&quot;,&quot;created_timestamp&quot;:&quot;0&quot;,&quot;copyright&quot;:&quot;&quot;,&quot;focal_length&quot;:&quot;0&quot;,&quot;iso&quot;:&quot;0&quot;,&quot;shutter_speed&quot;:&quot;0&quot;,&quot;title&quot;:&quot;&quot;,&quot;orientation&quot;:&quot;0&quot;}\" data-image-title=\"WhatsApp-Image-2023-08-24-at-15.39.29-1\" data-image-description=\"\" data-image-caption=\"\" data-large-file=\"https:\/\/www.cisa-arica.cl\/wp1\/wp-content\/uploads\/2023\/08\/WhatsApp-Image-2023-08-24-at-15.39.29-1-600x450.jpeg\" data-attachment-id=\"21806\" data-permalink=\"https:\/\/www.cisa-arica.cl\/wp1\/2023\/08\/22\/salida-educ-parvularia-granja-educativa\/whatsapp-image-2023-08-24-at-15-39-29-1\/\" data-orig-file=\"https:\/\/www.cisa-arica.cl\/wp1\/wp-content\/uploads\/2023\/08\/WhatsApp-Image-2023-08-24-at-15.39.29-1.jpeg\" data-orig-size=\"1156,867\" data-comments-opened=\"0\" data-image-meta=\"{&quot;aperture&quot;:&quot;0&quot;,&quot;credit&quot;:&quot;&quot;,&quot;camera&quot;:&quot;&quot;,&quot;caption&quot;:&quot;&quot;,&quot;created_timestamp&quot;:&quot;0&quot;,&quot;copyright&quot;:&quot;&quot;,&quot;focal_length&quot;:&quot;0&quot;,&quot;iso&quot;:&quot;0&quot;,&quot;shutter_speed&quot;:&quot;0&quot;,&quot;title&quot;:&quot;&quot;,&quot;orientation&quot;:&quot;0&quot;}\" data-image-title=\"WhatsApp-Image-2023-08-24-at-15.39.29-1\" data-image-description=\"\" data-image-caption=\"\" data-large-file=\"https:\/\/www.cisa-arica.cl\/wp1\/wp-content\/uploads\/2023\/08\/WhatsApp-Image-2023-08-24-at-15.39.29-1-600x450.jpeg\" role=\"button\" tabindex=\"0\" aria-label=\"Abrir la imagen 2 de 25 en pantalla completa\"srcset=\"https:\/\/i1.wp.com\/www.cisa-arica.cl\/wp1\/wp-content\/uploads\/2023\/08\/WhatsApp-Image-2023-08-24-at-15.39.29-1-600x450.jpeg?strip=info&#038;w=600&#038;ssl=1 600w,https:\/\/i1.wp.com\/www.cisa-arica.cl\/wp1\/wp-content\/uploads\/2023\/08\/WhatsApp-Image-2023-08-24-at-15.39.29-1-600x450.jpeg?strip=info&#038;w=900&#038;ssl=1 900w,https:\/\/i1.wp.com\/www.cisa-arica.cl\/wp1\/wp-content\/uploads\/2023\/08\/WhatsApp-Image-2023-08-24-at-15.39.29-1-600x450.jpeg?strip=info&#038;w=1156&#038;ssl=1 1156w\" alt=\"\" data-height=\"867\" data-id=\"21806\" data-link=\"https:\/\/www.cisa-arica.cl\/wp1\/?attachment_id=21806\" data-url=\"https:\/\/www.cisa-arica.cl\/wp1\/wp-content\/uploads\/2023\/08\/WhatsApp-Image-2023-08-24-at-15.39.29-1-600x450.jpeg\" data-width=\"1156\" src=\"https:\/\/i1.wp.com\/www.cisa-arica.cl\/wp1\/wp-content\/uploads\/2023\/08\/WhatsApp-Image-2023-08-24-at-15.39.29-1-600x450.jpeg?ssl=1\" data-amp-layout=\"responsive\"\/><\/figure><\/div><div class=\"tiled-gallery__col\" style=\"flex-basis:53.05395%\"><figure class=\"tiled-gallery__item\"><img decoding=\"async\" data-attachment-id=\"21807\" data-permalink=\"https:\/\/www.cisa-arica.cl\/wp1\/2023\/08\/22\/salida-educ-parvularia-granja-educativa\/whatsapp-image-2023-08-24-at-15-39-28\/\" data-orig-file=\"https:\/\/www.cisa-arica.cl\/wp1\/wp-content\/uploads\/2023\/08\/WhatsApp-Image-2023-08-24-at-15.39.28.jpeg\" data-orig-size=\"867,1156\" data-comments-opened=\"0\" data-image-meta=\"{&quot;aperture&quot;:&quot;0&quot;,&quot;credit&quot;:&quot;&quot;,&quot;camera&quot;:&quot;&quot;,&quot;caption&quot;:&quot;&quot;,&quot;created_timestamp&quot;:&quot;0&quot;,&quot;copyright&quot;:&quot;&quot;,&quot;focal_length&quot;:&quot;0&quot;,&quot;iso&quot;:&quot;0&quot;,&quot;shutter_speed&quot;:&quot;0&quot;,&quot;title&quot;:&quot;&quot;,&quot;orientation&quot;:&quot;0&quot;}\" data-image-title=\"WhatsApp-Image-2023-08-24-at-15.39.28\" data-image-description=\"\" data-image-caption=\"\" data-large-file=\"https:\/\/www.cisa-arica.cl\/wp1\/wp-content\/uploads\/2023\/08\/WhatsApp-Image-2023-08-24-at-15.39.28-450x600.jpeg\" data-attachment-id=\"21807\" data-permalink=\"https:\/\/www.cisa-arica.cl\/wp1\/2023\/08\/22\/salida-educ-parvularia-granja-educativa\/whatsapp-image-2023-08-24-at-15-39-28\/\" data-orig-file=\"https:\/\/www.cisa-arica.cl\/wp1\/wp-content\/uploads\/2023\/08\/WhatsApp-Image-2023-08-24-at-15.39.28.jpeg\" data-orig-size=\"867,1156\" data-comments-opened=\"0\" data-image-meta=\"{&quot;aperture&quot;:&quot;0&quot;,&quot;credit&quot;:&quot;&quot;,&quot;camera&quot;:&quot;&quot;,&quot;caption&quot;:&quot;&quot;,&quot;created_timestamp&quot;:&quot;0&quot;,&quot;copyright&quot;:&quot;&quot;,&quot;focal_length&quot;:&quot;0&quot;,&quot;iso&quot;:&quot;0&quot;,&quot;shutter_speed&quot;:&quot;0&quot;,&quot;title&quot;:&quot;&quot;,&quot;orientation&quot;:&quot;0&quot;}\" data-image-title=\"WhatsApp-Image-2023-08-24-at-15.39.28\" data-image-description=\"\" data-image-caption=\"\" data-large-file=\"https:\/\/www.cisa-arica.cl\/wp1\/wp-content\/uploads\/2023\/08\/WhatsApp-Image-2023-08-24-at-15.39.28-450x600.jpeg\" role=\"button\" tabindex=\"0\" aria-label=\"Abrir la imagen 3 de 25 en pantalla completa\"srcset=\"https:\/\/i1.wp.com\/www.cisa-arica.cl\/wp1\/wp-content\/uploads\/2023\/08\/WhatsApp-Image-2023-08-24-at-15.39.28-450x600.jpeg?strip=info&#038;w=600&#038;ssl=1 600w,https:\/\/i1.wp.com\/www.cisa-arica.cl\/wp1\/wp-content\/uploads\/2023\/08\/WhatsApp-Image-2023-08-24-at-15.39.28-450x600.jpeg?strip=info&#038;w=867&#038;ssl=1 867w\" alt=\"\" data-height=\"1156\" data-id=\"21807\" data-link=\"https:\/\/www.cisa-arica.cl\/wp1\/?attachment_id=21807\" data-url=\"https:\/\/www.cisa-arica.cl\/wp1\/wp-content\/uploads\/2023\/08\/WhatsApp-Image-2023-08-24-at-15.39.28-450x600.jpeg\" data-width=\"867\" src=\"https:\/\/i1.wp.com\/www.cisa-arica.cl\/wp1\/wp-content\/uploads\/2023\/08\/WhatsApp-Image-2023-08-24-at-15.39.28-450x600.jpeg?ssl=1\" data-amp-layout=\"responsive\"\/><\/figure><\/div><\/div><div class=\"tiled-gallery__row\"><div class=\"tiled-gallery__col\" style=\"flex-basis:33.33333%\"><figure class=\"tiled-gallery__item\"><img decoding=\"async\" data-attachment-id=\"21808\" data-permalink=\"https:\/\/www.cisa-arica.cl\/wp1\/2023\/08\/22\/salida-educ-parvularia-granja-educativa\/whatsapp-image-2023-08-24-at-15-39-27\/\" data-orig-file=\"https:\/\/www.cisa-arica.cl\/wp1\/wp-content\/uploads\/2023\/08\/WhatsApp-Image-2023-08-24-at-15.39.27.jpeg\" data-orig-size=\"867,1156\" data-comments-opened=\"0\" data-image-meta=\"{&quot;aperture&quot;:&quot;0&quot;,&quot;credit&quot;:&quot;&quot;,&quot;camera&quot;:&quot;&quot;,&quot;caption&quot;:&quot;&quot;,&quot;created_timestamp&quot;:&quot;0&quot;,&quot;copyright&quot;:&quot;&quot;,&quot;focal_length&quot;:&quot;0&quot;,&quot;iso&quot;:&quot;0&quot;,&quot;shutter_speed&quot;:&quot;0&quot;,&quot;title&quot;:&quot;&quot;,&quot;orientation&quot;:&quot;0&quot;}\" data-image-title=\"WhatsApp-Image-2023-08-24-at-15.39.27\" data-image-description=\"\" data-image-caption=\"\" data-large-file=\"https:\/\/www.cisa-arica.cl\/wp1\/wp-content\/uploads\/2023\/08\/WhatsApp-Image-2023-08-24-at-15.39.27-450x600.jpeg\" data-attachment-id=\"21808\" data-permalink=\"https:\/\/www.cisa-arica.cl\/wp1\/2023\/08\/22\/salida-educ-parvularia-granja-educativa\/whatsapp-image-2023-08-24-at-15-39-27\/\" data-orig-file=\"https:\/\/www.cisa-arica.cl\/wp1\/wp-content\/uploads\/2023\/08\/WhatsApp-Image-2023-08-24-at-15.39.27.jpeg\" data-orig-size=\"867,1156\" data-comments-opened=\"0\" data-image-meta=\"{&quot;aperture&quot;:&quot;0&quot;,&quot;credit&quot;:&quot;&quot;,&quot;camera&quot;:&quot;&quot;,&quot;caption&quot;:&quot;&quot;,&quot;created_timestamp&quot;:&quot;0&quot;,&quot;copyright&quot;:&quot;&quot;,&quot;focal_length&quot;:&quot;0&quot;,&quot;iso&quot;:&quot;0&quot;,&quot;shutter_speed&quot;:&quot;0&quot;,&quot;title&quot;:&quot;&quot;,&quot;orientation&quot;:&quot;0&quot;}\" data-image-title=\"WhatsApp-Image-2023-08-24-at-15.39.27\" data-image-description=\"\" data-image-caption=\"\" data-large-file=\"https:\/\/www.cisa-arica.cl\/wp1\/wp-content\/uploads\/2023\/08\/WhatsApp-Image-2023-08-24-at-15.39.27-450x600.jpeg\" role=\"button\" tabindex=\"0\" aria-label=\"Abrir la imagen 4 de 25 en pantalla completa\"srcset=\"https:\/\/i2.wp.com\/www.cisa-arica.cl\/wp1\/wp-content\/uploads\/2023\/08\/WhatsApp-Image-2023-08-24-at-15.39.27-450x600.jpeg?strip=info&#038;w=600&#038;ssl=1 600w,https:\/\/i2.wp.com\/www.cisa-arica.cl\/wp1\/wp-content\/uploads\/2023\/08\/WhatsApp-Image-2023-08-24-at-15.39.27-450x600.jpeg?strip=info&#038;w=867&#038;ssl=1 867w\" alt=\"\" data-height=\"1156\" data-id=\"21808\" data-link=\"https:\/\/www.cisa-arica.cl\/wp1\/?attachment_id=21808\" data-url=\"https:\/\/www.cisa-arica.cl\/wp1\/wp-content\/uploads\/2023\/08\/WhatsApp-Image-2023-08-24-at-15.39.27-450x600.jpeg\" data-width=\"867\" src=\"https:\/\/i2.wp.com\/www.cisa-arica.cl\/wp1\/wp-content\/uploads\/2023\/08\/WhatsApp-Image-2023-08-24-at-15.39.27-450x600.jpeg?ssl=1\" data-amp-layout=\"responsive\"\/><\/figure><\/div><div class=\"tiled-gallery__col\" style=\"flex-basis:33.33333%\"><figure class=\"tiled-gallery__item\"><img decoding=\"async\" data-attachment-id=\"21809\" data-permalink=\"https:\/\/www.cisa-arica.cl\/wp1\/2023\/08\/22\/salida-educ-parvularia-granja-educativa\/whatsapp-image-2023-08-24-at-15-39-26-3\/\" data-orig-file=\"https:\/\/www.cisa-arica.cl\/wp1\/wp-content\/uploads\/2023\/08\/WhatsApp-Image-2023-08-24-at-15.39.26-3.jpeg\" data-orig-size=\"867,1156\" data-comments-opened=\"0\" data-image-meta=\"{&quot;aperture&quot;:&quot;0&quot;,&quot;credit&quot;:&quot;&quot;,&quot;camera&quot;:&quot;&quot;,&quot;caption&quot;:&quot;&quot;,&quot;created_timestamp&quot;:&quot;0&quot;,&quot;copyright&quot;:&quot;&quot;,&quot;focal_length&quot;:&quot;0&quot;,&quot;iso&quot;:&quot;0&quot;,&quot;shutter_speed&quot;:&quot;0&quot;,&quot;title&quot;:&quot;&quot;,&quot;orientation&quot;:&quot;0&quot;}\" data-image-title=\"WhatsApp-Image-2023-08-24-at-15.39.26-3\" data-image-description=\"\" data-image-caption=\"\" data-large-file=\"https:\/\/www.cisa-arica.cl\/wp1\/wp-content\/uploads\/2023\/08\/WhatsApp-Image-2023-08-24-at-15.39.26-3-450x600.jpeg\" data-attachment-id=\"21809\" data-permalink=\"https:\/\/www.cisa-arica.cl\/wp1\/2023\/08\/22\/salida-educ-parvularia-granja-educativa\/whatsapp-image-2023-08-24-at-15-39-26-3\/\" data-orig-file=\"https:\/\/www.cisa-arica.cl\/wp1\/wp-content\/uploads\/2023\/08\/WhatsApp-Image-2023-08-24-at-15.39.26-3.jpeg\" data-orig-size=\"867,1156\" data-comments-opened=\"0\" data-image-meta=\"{&quot;aperture&quot;:&quot;0&quot;,&quot;credit&quot;:&quot;&quot;,&quot;camera&quot;:&quot;&quot;,&quot;caption&quot;:&quot;&quot;,&quot;created_timestamp&quot;:&quot;0&quot;,&quot;copyright&quot;:&quot;&quot;,&quot;focal_length&quot;:&quot;0&quot;,&quot;iso&quot;:&quot;0&quot;,&quot;shutter_speed&quot;:&quot;0&quot;,&quot;title&quot;:&quot;&quot;,&quot;orientation&quot;:&quot;0&quot;}\" data-image-title=\"WhatsApp-Image-2023-08-24-at-15.39.26-3\" data-image-description=\"\" data-image-caption=\"\" data-large-file=\"https:\/\/www.cisa-arica.cl\/wp1\/wp-content\/uploads\/2023\/08\/WhatsApp-Image-2023-08-24-at-15.39.26-3-450x600.jpeg\" role=\"button\" tabindex=\"0\" aria-label=\"Abrir la imagen 5 de 25 en pantalla completa\"srcset=\"https:\/\/i2.wp.com\/www.cisa-arica.cl\/wp1\/wp-content\/uploads\/2023\/08\/WhatsApp-Image-2023-08-24-at-15.39.26-3-450x600.jpeg?strip=info&#038;w=600&#038;ssl=1 600w,https:\/\/i2.wp.com\/www.cisa-arica.cl\/wp1\/wp-content\/uploads\/2023\/08\/WhatsApp-Image-2023-08-24-at-15.39.26-3-450x600.jpeg?strip=info&#038;w=867&#038;ssl=1 867w\" alt=\"\" data-height=\"1156\" data-id=\"21809\" data-link=\"https:\/\/www.cisa-arica.cl\/wp1\/?attachment_id=21809\" data-url=\"https:\/\/www.cisa-arica.cl\/wp1\/wp-content\/uploads\/2023\/08\/WhatsApp-Image-2023-08-24-at-15.39.26-3-450x600.jpeg\" data-width=\"867\" src=\"https:\/\/i2.wp.com\/www.cisa-arica.cl\/wp1\/wp-content\/uploads\/2023\/08\/WhatsApp-Image-2023-08-24-at-15.39.26-3-450x600.jpeg?ssl=1\" data-amp-layout=\"responsive\"\/><\/figure><\/div><div class=\"tiled-gallery__col\" style=\"flex-basis:33.33333%\"><figure class=\"tiled-gallery__item\"><img decoding=\"async\" data-attachment-id=\"21810\" data-permalink=\"https:\/\/www.cisa-arica.cl\/wp1\/2023\/08\/22\/salida-educ-parvularia-granja-educativa\/whatsapp-image-2023-08-24-at-15-39-26-2\/\" data-orig-file=\"https:\/\/www.cisa-arica.cl\/wp1\/wp-content\/uploads\/2023\/08\/WhatsApp-Image-2023-08-24-at-15.39.26-2.jpeg\" data-orig-size=\"867,1156\" data-comments-opened=\"0\" data-image-meta=\"{&quot;aperture&quot;:&quot;0&quot;,&quot;credit&quot;:&quot;&quot;,&quot;camera&quot;:&quot;&quot;,&quot;caption&quot;:&quot;&quot;,&quot;created_timestamp&quot;:&quot;0&quot;,&quot;copyright&quot;:&quot;&quot;,&quot;focal_length&quot;:&quot;0&quot;,&quot;iso&quot;:&quot;0&quot;,&quot;shutter_speed&quot;:&quot;0&quot;,&quot;title&quot;:&quot;&quot;,&quot;orientation&quot;:&quot;0&quot;}\" data-image-title=\"WhatsApp-Image-2023-08-24-at-15.39.26-2\" data-image-description=\"\" data-image-caption=\"\" data-large-file=\"https:\/\/www.cisa-arica.cl\/wp1\/wp-content\/uploads\/2023\/08\/WhatsApp-Image-2023-08-24-at-15.39.26-2-450x600.jpeg\" data-attachment-id=\"21810\" data-permalink=\"https:\/\/www.cisa-arica.cl\/wp1\/2023\/08\/22\/salida-educ-parvularia-granja-educativa\/whatsapp-image-2023-08-24-at-15-39-26-2\/\" data-orig-file=\"https:\/\/www.cisa-arica.cl\/wp1\/wp-content\/uploads\/2023\/08\/WhatsApp-Image-2023-08-24-at-15.39.26-2.jpeg\" data-orig-size=\"867,1156\" data-comments-opened=\"0\" data-image-meta=\"{&quot;aperture&quot;:&quot;0&quot;,&quot;credit&quot;:&quot;&quot;,&quot;camera&quot;:&quot;&quot;,&quot;caption&quot;:&quot;&quot;,&quot;created_timestamp&quot;:&quot;0&quot;,&quot;copyright&quot;:&quot;&quot;,&quot;focal_length&quot;:&quot;0&quot;,&quot;iso&quot;:&quot;0&quot;,&quot;shutter_speed&quot;:&quot;0&quot;,&quot;title&quot;:&quot;&quot;,&quot;orientation&quot;:&quot;0&quot;}\" data-image-title=\"WhatsApp-Image-2023-08-24-at-15.39.26-2\" data-image-description=\"\" data-image-caption=\"\" data-large-file=\"https:\/\/www.cisa-arica.cl\/wp1\/wp-content\/uploads\/2023\/08\/WhatsApp-Image-2023-08-24-at-15.39.26-2-450x600.jpeg\" role=\"button\" tabindex=\"0\" aria-label=\"Abrir la imagen 6 de 25 en pantalla completa\"srcset=\"https:\/\/i1.wp.com\/www.cisa-arica.cl\/wp1\/wp-content\/uploads\/2023\/08\/WhatsApp-Image-2023-08-24-at-15.39.26-2-450x600.jpeg?strip=info&#038;w=600&#038;ssl=1 600w,https:\/\/i1.wp.com\/www.cisa-arica.cl\/wp1\/wp-content\/uploads\/2023\/08\/WhatsApp-Image-2023-08-24-at-15.39.26-2-450x600.jpeg?strip=info&#038;w=867&#038;ssl=1 867w\" alt=\"\" data-height=\"1156\" data-id=\"21810\" data-link=\"https:\/\/www.cisa-arica.cl\/wp1\/?attachment_id=21810\" data-url=\"https:\/\/www.cisa-arica.cl\/wp1\/wp-content\/uploads\/2023\/08\/WhatsApp-Image-2023-08-24-at-15.39.26-2-450x600.jpeg\" data-width=\"867\" src=\"https:\/\/i1.wp.com\/www.cisa-arica.cl\/wp1\/wp-content\/uploads\/2023\/08\/WhatsApp-Image-2023-08-24-at-15.39.26-2-450x600.jpeg?ssl=1\" data-amp-layout=\"responsive\"\/><\/figure><\/div><\/div><div class=\"tiled-gallery__row\"><div class=\"tiled-gallery__col\" style=\"flex-basis:63.97414%\"><figure class=\"tiled-gallery__item\"><img decoding=\"async\" data-attachment-id=\"21811\" data-permalink=\"https:\/\/www.cisa-arica.cl\/wp1\/2023\/08\/22\/salida-educ-parvularia-granja-educativa\/whatsapp-image-2023-08-24-at-15-39-25\/\" data-orig-file=\"https:\/\/www.cisa-arica.cl\/wp1\/wp-content\/uploads\/2023\/08\/WhatsApp-Image-2023-08-24-at-15.39.25.jpeg\" data-orig-size=\"1156,867\" data-comments-opened=\"0\" data-image-meta=\"{&quot;aperture&quot;:&quot;0&quot;,&quot;credit&quot;:&quot;&quot;,&quot;camera&quot;:&quot;&quot;,&quot;caption&quot;:&quot;&quot;,&quot;created_timestamp&quot;:&quot;0&quot;,&quot;copyright&quot;:&quot;&quot;,&quot;focal_length&quot;:&quot;0&quot;,&quot;iso&quot;:&quot;0&quot;,&quot;shutter_speed&quot;:&quot;0&quot;,&quot;title&quot;:&quot;&quot;,&quot;orientation&quot;:&quot;0&quot;}\" data-image-title=\"WhatsApp-Image-2023-08-24-at-15.39.25\" data-image-description=\"\" data-image-caption=\"\" data-large-file=\"https:\/\/www.cisa-arica.cl\/wp1\/wp-content\/uploads\/2023\/08\/WhatsApp-Image-2023-08-24-at-15.39.25-600x450.jpeg\" data-attachment-id=\"21811\" data-permalink=\"https:\/\/www.cisa-arica.cl\/wp1\/2023\/08\/22\/salida-educ-parvularia-granja-educativa\/whatsapp-image-2023-08-24-at-15-39-25\/\" data-orig-file=\"https:\/\/www.cisa-arica.cl\/wp1\/wp-content\/uploads\/2023\/08\/WhatsApp-Image-2023-08-24-at-15.39.25.jpeg\" data-orig-size=\"1156,867\" data-comments-opened=\"0\" data-image-meta=\"{&quot;aperture&quot;:&quot;0&quot;,&quot;credit&quot;:&quot;&quot;,&quot;camera&quot;:&quot;&quot;,&quot;caption&quot;:&quot;&quot;,&quot;created_timestamp&quot;:&quot;0&quot;,&quot;copyright&quot;:&quot;&quot;,&quot;focal_length&quot;:&quot;0&quot;,&quot;iso&quot;:&quot;0&quot;,&quot;shutter_speed&quot;:&quot;0&quot;,&quot;title&quot;:&quot;&quot;,&quot;orientation&quot;:&quot;0&quot;}\" data-image-title=\"WhatsApp-Image-2023-08-24-at-15.39.25\" data-image-description=\"\" data-image-caption=\"\" data-large-file=\"https:\/\/www.cisa-arica.cl\/wp1\/wp-content\/uploads\/2023\/08\/WhatsApp-Image-2023-08-24-at-15.39.25-600x450.jpeg\" role=\"button\" tabindex=\"0\" aria-label=\"Abrir la imagen 7 de 25 en pantalla completa\"srcset=\"https:\/\/i2.wp.com\/www.cisa-arica.cl\/wp1\/wp-content\/uploads\/2023\/08\/WhatsApp-Image-2023-08-24-at-15.39.25-600x450.jpeg?strip=info&#038;w=600&#038;ssl=1 600w,https:\/\/i2.wp.com\/www.cisa-arica.cl\/wp1\/wp-content\/uploads\/2023\/08\/WhatsApp-Image-2023-08-24-at-15.39.25-600x450.jpeg?strip=info&#038;w=900&#038;ssl=1 900w,https:\/\/i2.wp.com\/www.cisa-arica.cl\/wp1\/wp-content\/uploads\/2023\/08\/WhatsApp-Image-2023-08-24-at-15.39.25-600x450.jpeg?strip=info&#038;w=1156&#038;ssl=1 1156w\" alt=\"\" data-height=\"867\" data-id=\"21811\" data-link=\"https:\/\/www.cisa-arica.cl\/wp1\/?attachment_id=21811\" data-url=\"https:\/\/www.cisa-arica.cl\/wp1\/wp-content\/uploads\/2023\/08\/WhatsApp-Image-2023-08-24-at-15.39.25-600x450.jpeg\" data-width=\"1156\" src=\"https:\/\/i2.wp.com\/www.cisa-arica.cl\/wp1\/wp-content\/uploads\/2023\/08\/WhatsApp-Image-2023-08-24-at-15.39.25-600x450.jpeg?ssl=1\" data-amp-layout=\"responsive\"\/><\/figure><\/div><div class=\"tiled-gallery__col\" style=\"flex-basis:36.02586%\"><figure class=\"tiled-gallery__item\"><img decoding=\"async\" data-attachment-id=\"21812\" data-permalink=\"https:\/\/www.cisa-arica.cl\/wp1\/2023\/08\/22\/salida-educ-parvularia-granja-educativa\/whatsapp-image-2023-08-24-at-15-39-24\/\" data-orig-file=\"https:\/\/www.cisa-arica.cl\/wp1\/wp-content\/uploads\/2023\/08\/WhatsApp-Image-2023-08-24-at-15.39.24.jpeg\" data-orig-size=\"867,1156\" data-comments-opened=\"0\" data-image-meta=\"{&quot;aperture&quot;:&quot;0&quot;,&quot;credit&quot;:&quot;&quot;,&quot;camera&quot;:&quot;&quot;,&quot;caption&quot;:&quot;&quot;,&quot;created_timestamp&quot;:&quot;0&quot;,&quot;copyright&quot;:&quot;&quot;,&quot;focal_length&quot;:&quot;0&quot;,&quot;iso&quot;:&quot;0&quot;,&quot;shutter_speed&quot;:&quot;0&quot;,&quot;title&quot;:&quot;&quot;,&quot;orientation&quot;:&quot;0&quot;}\" data-image-title=\"WhatsApp-Image-2023-08-24-at-15.39.24\" data-image-description=\"\" data-image-caption=\"\" data-large-file=\"https:\/\/www.cisa-arica.cl\/wp1\/wp-content\/uploads\/2023\/08\/WhatsApp-Image-2023-08-24-at-15.39.24-450x600.jpeg\" data-attachment-id=\"21812\" data-permalink=\"https:\/\/www.cisa-arica.cl\/wp1\/2023\/08\/22\/salida-educ-parvularia-granja-educativa\/whatsapp-image-2023-08-24-at-15-39-24\/\" data-orig-file=\"https:\/\/www.cisa-arica.cl\/wp1\/wp-content\/uploads\/2023\/08\/WhatsApp-Image-2023-08-24-at-15.39.24.jpeg\" data-orig-size=\"867,1156\" data-comments-opened=\"0\" data-image-meta=\"{&quot;aperture&quot;:&quot;0&quot;,&quot;credit&quot;:&quot;&quot;,&quot;camera&quot;:&quot;&quot;,&quot;caption&quot;:&quot;&quot;,&quot;created_timestamp&quot;:&quot;0&quot;,&quot;copyright&quot;:&quot;&quot;,&quot;focal_length&quot;:&quot;0&quot;,&quot;iso&quot;:&quot;0&quot;,&quot;shutter_speed&quot;:&quot;0&quot;,&quot;title&quot;:&quot;&quot;,&quot;orientation&quot;:&quot;0&quot;}\" data-image-title=\"WhatsApp-Image-2023-08-24-at-15.39.24\" data-image-description=\"\" data-image-caption=\"\" data-large-file=\"https:\/\/www.cisa-arica.cl\/wp1\/wp-content\/uploads\/2023\/08\/WhatsApp-Image-2023-08-24-at-15.39.24-450x600.jpeg\" role=\"button\" tabindex=\"0\" aria-label=\"Abrir la imagen 8 de 25 en pantalla completa\"srcset=\"https:\/\/i1.wp.com\/www.cisa-arica.cl\/wp1\/wp-content\/uploads\/2023\/08\/WhatsApp-Image-2023-08-24-at-15.39.24-450x600.jpeg?strip=info&#038;w=600&#038;ssl=1 600w,https:\/\/i1.wp.com\/www.cisa-arica.cl\/wp1\/wp-content\/uploads\/2023\/08\/WhatsApp-Image-2023-08-24-at-15.39.24-450x600.jpeg?strip=info&#038;w=867&#038;ssl=1 867w\" alt=\"\" data-height=\"1156\" data-id=\"21812\" data-link=\"https:\/\/www.cisa-arica.cl\/wp1\/?attachment_id=21812\" data-url=\"https:\/\/www.cisa-arica.cl\/wp1\/wp-content\/uploads\/2023\/08\/WhatsApp-Image-2023-08-24-at-15.39.24-450x600.jpeg\" data-width=\"867\" src=\"https:\/\/i1.wp.com\/www.cisa-arica.cl\/wp1\/wp-content\/uploads\/2023\/08\/WhatsApp-Image-2023-08-24-at-15.39.24-450x600.jpeg?ssl=1\" data-amp-layout=\"responsive\"\/><\/figure><\/div><\/div><div class=\"tiled-gallery__row\"><div class=\"tiled-gallery__col\" style=\"flex-basis:50.00000%\"><figure class=\"tiled-gallery__item\"><img decoding=\"async\" data-attachment-id=\"21813\" data-permalink=\"https:\/\/www.cisa-arica.cl\/wp1\/2023\/08\/22\/salida-educ-parvularia-granja-educativa\/whatsapp-image-2023-08-24-at-15-39-24-3\/\" data-orig-file=\"https:\/\/www.cisa-arica.cl\/wp1\/wp-content\/uploads\/2023\/08\/WhatsApp-Image-2023-08-24-at-15.39.24-3.jpeg\" data-orig-size=\"867,1156\" data-comments-opened=\"0\" data-image-meta=\"{&quot;aperture&quot;:&quot;0&quot;,&quot;credit&quot;:&quot;&quot;,&quot;camera&quot;:&quot;&quot;,&quot;caption&quot;:&quot;&quot;,&quot;created_timestamp&quot;:&quot;0&quot;,&quot;copyright&quot;:&quot;&quot;,&quot;focal_length&quot;:&quot;0&quot;,&quot;iso&quot;:&quot;0&quot;,&quot;shutter_speed&quot;:&quot;0&quot;,&quot;title&quot;:&quot;&quot;,&quot;orientation&quot;:&quot;0&quot;}\" data-image-title=\"WhatsApp-Image-2023-08-24-at-15.39.24-3\" data-image-description=\"\" data-image-caption=\"\" data-large-file=\"https:\/\/www.cisa-arica.cl\/wp1\/wp-content\/uploads\/2023\/08\/WhatsApp-Image-2023-08-24-at-15.39.24-3-450x600.jpeg\" data-attachment-id=\"21813\" data-permalink=\"https:\/\/www.cisa-arica.cl\/wp1\/2023\/08\/22\/salida-educ-parvularia-granja-educativa\/whatsapp-image-2023-08-24-at-15-39-24-3\/\" data-orig-file=\"https:\/\/www.cisa-arica.cl\/wp1\/wp-content\/uploads\/2023\/08\/WhatsApp-Image-2023-08-24-at-15.39.24-3.jpeg\" data-orig-size=\"867,1156\" data-comments-opened=\"0\" data-image-meta=\"{&quot;aperture&quot;:&quot;0&quot;,&quot;credit&quot;:&quot;&quot;,&quot;camera&quot;:&quot;&quot;,&quot;caption&quot;:&quot;&quot;,&quot;created_timestamp&quot;:&quot;0&quot;,&quot;copyright&quot;:&quot;&quot;,&quot;focal_length&quot;:&quot;0&quot;,&quot;iso&quot;:&quot;0&quot;,&quot;shutter_speed&quot;:&quot;0&quot;,&quot;title&quot;:&quot;&quot;,&quot;orientation&quot;:&quot;0&quot;}\" data-image-title=\"WhatsApp-Image-2023-08-24-at-15.39.24-3\" data-image-description=\"\" data-image-caption=\"\" data-large-file=\"https:\/\/www.cisa-arica.cl\/wp1\/wp-content\/uploads\/2023\/08\/WhatsApp-Image-2023-08-24-at-15.39.24-3-450x600.jpeg\" role=\"button\" tabindex=\"0\" aria-label=\"Abrir la imagen 9 de 25 en pantalla completa\"srcset=\"https:\/\/i2.wp.com\/www.cisa-arica.cl\/wp1\/wp-content\/uploads\/2023\/08\/WhatsApp-Image-2023-08-24-at-15.39.24-3-450x600.jpeg?strip=info&#038;w=600&#038;ssl=1 600w,https:\/\/i2.wp.com\/www.cisa-arica.cl\/wp1\/wp-content\/uploads\/2023\/08\/WhatsApp-Image-2023-08-24-at-15.39.24-3-450x600.jpeg?strip=info&#038;w=867&#038;ssl=1 867w\" alt=\"\" data-height=\"1156\" data-id=\"21813\" data-link=\"https:\/\/www.cisa-arica.cl\/wp1\/?attachment_id=21813\" data-url=\"https:\/\/www.cisa-arica.cl\/wp1\/wp-content\/uploads\/2023\/08\/WhatsApp-Image-2023-08-24-at-15.39.24-3-450x600.jpeg\" data-width=\"867\" src=\"https:\/\/i2.wp.com\/www.cisa-arica.cl\/wp1\/wp-content\/uploads\/2023\/08\/WhatsApp-Image-2023-08-24-at-15.39.24-3-450x600.jpeg?ssl=1\" data-amp-layout=\"responsive\"\/><\/figure><\/div><div class=\"tiled-gallery__col\" style=\"flex-basis:50.00000%\"><figure class=\"tiled-gallery__item\"><img decoding=\"async\" data-attachment-id=\"21814\" data-permalink=\"https:\/\/www.cisa-arica.cl\/wp1\/2023\/08\/22\/salida-educ-parvularia-granja-educativa\/whatsapp-image-2023-08-24-at-15-39-24-1\/\" data-orig-file=\"https:\/\/www.cisa-arica.cl\/wp1\/wp-content\/uploads\/2023\/08\/WhatsApp-Image-2023-08-24-at-15.39.24-1.jpeg\" data-orig-size=\"867,1156\" data-comments-opened=\"0\" data-image-meta=\"{&quot;aperture&quot;:&quot;0&quot;,&quot;credit&quot;:&quot;&quot;,&quot;camera&quot;:&quot;&quot;,&quot;caption&quot;:&quot;&quot;,&quot;created_timestamp&quot;:&quot;0&quot;,&quot;copyright&quot;:&quot;&quot;,&quot;focal_length&quot;:&quot;0&quot;,&quot;iso&quot;:&quot;0&quot;,&quot;shutter_speed&quot;:&quot;0&quot;,&quot;title&quot;:&quot;&quot;,&quot;orientation&quot;:&quot;0&quot;}\" data-image-title=\"WhatsApp-Image-2023-08-24-at-15.39.24-1\" data-image-description=\"\" data-image-caption=\"\" data-large-file=\"https:\/\/www.cisa-arica.cl\/wp1\/wp-content\/uploads\/2023\/08\/WhatsApp-Image-2023-08-24-at-15.39.24-1-450x600.jpeg\" data-attachment-id=\"21814\" data-permalink=\"https:\/\/www.cisa-arica.cl\/wp1\/2023\/08\/22\/salida-educ-parvularia-granja-educativa\/whatsapp-image-2023-08-24-at-15-39-24-1\/\" data-orig-file=\"https:\/\/www.cisa-arica.cl\/wp1\/wp-content\/uploads\/2023\/08\/WhatsApp-Image-2023-08-24-at-15.39.24-1.jpeg\" data-orig-size=\"867,1156\" data-comments-opened=\"0\" data-image-meta=\"{&quot;aperture&quot;:&quot;0&quot;,&quot;credit&quot;:&quot;&quot;,&quot;camera&quot;:&quot;&quot;,&quot;caption&quot;:&quot;&quot;,&quot;created_timestamp&quot;:&quot;0&quot;,&quot;copyright&quot;:&quot;&quot;,&quot;focal_length&quot;:&quot;0&quot;,&quot;iso&quot;:&quot;0&quot;,&quot;shutter_speed&quot;:&quot;0&quot;,&quot;title&quot;:&quot;&quot;,&quot;orientation&quot;:&quot;0&quot;}\" data-image-title=\"WhatsApp-Image-2023-08-24-at-15.39.24-1\" data-image-description=\"\" data-image-caption=\"\" data-large-file=\"https:\/\/www.cisa-arica.cl\/wp1\/wp-content\/uploads\/2023\/08\/WhatsApp-Image-2023-08-24-at-15.39.24-1-450x600.jpeg\" role=\"button\" tabindex=\"0\" aria-label=\"Abrir la imagen 10 de 25 en pantalla completa\"srcset=\"https:\/\/i1.wp.com\/www.cisa-arica.cl\/wp1\/wp-content\/uploads\/2023\/08\/WhatsApp-Image-2023-08-24-at-15.39.24-1-450x600.jpeg?strip=info&#038;w=600&#038;ssl=1 600w,https:\/\/i1.wp.com\/www.cisa-arica.cl\/wp1\/wp-content\/uploads\/2023\/08\/WhatsApp-Image-2023-08-24-at-15.39.24-1-450x600.jpeg?strip=info&#038;w=867&#038;ssl=1 867w\" alt=\"\" data-height=\"1156\" data-id=\"21814\" data-link=\"https:\/\/www.cisa-arica.cl\/wp1\/?attachment_id=21814\" data-url=\"https:\/\/www.cisa-arica.cl\/wp1\/wp-content\/uploads\/2023\/08\/WhatsApp-Image-2023-08-24-at-15.39.24-1-450x600.jpeg\" data-width=\"867\" src=\"https:\/\/i1.wp.com\/www.cisa-arica.cl\/wp1\/wp-content\/uploads\/2023\/08\/WhatsApp-Image-2023-08-24-at-15.39.24-1-450x600.jpeg?ssl=1\" data-amp-layout=\"responsive\"\/><\/figure><\/div><\/div><div class=\"tiled-gallery__row\"><div class=\"tiled-gallery__col\" style=\"flex-basis:62.92468%\"><figure class=\"tiled-gallery__item\"><img decoding=\"async\" data-attachment-id=\"21815\" data-permalink=\"https:\/\/www.cisa-arica.cl\/wp1\/2023\/08\/22\/salida-educ-parvularia-granja-educativa\/whatsapp-image-2023-08-24-at-15-39-23\/\" data-orig-file=\"https:\/\/www.cisa-arica.cl\/wp1\/wp-content\/uploads\/2023\/08\/WhatsApp-Image-2023-08-24-at-15.39.23.jpeg\" data-orig-size=\"867,1156\" data-comments-opened=\"0\" data-image-meta=\"{&quot;aperture&quot;:&quot;0&quot;,&quot;credit&quot;:&quot;&quot;,&quot;camera&quot;:&quot;&quot;,&quot;caption&quot;:&quot;&quot;,&quot;created_timestamp&quot;:&quot;0&quot;,&quot;copyright&quot;:&quot;&quot;,&quot;focal_length&quot;:&quot;0&quot;,&quot;iso&quot;:&quot;0&quot;,&quot;shutter_speed&quot;:&quot;0&quot;,&quot;title&quot;:&quot;&quot;,&quot;orientation&quot;:&quot;0&quot;}\" data-image-title=\"WhatsApp-Image-2023-08-24-at-15.39.23\" data-image-description=\"\" data-image-caption=\"\" data-large-file=\"https:\/\/www.cisa-arica.cl\/wp1\/wp-content\/uploads\/2023\/08\/WhatsApp-Image-2023-08-24-at-15.39.23-450x600.jpeg\" data-attachment-id=\"21815\" data-permalink=\"https:\/\/www.cisa-arica.cl\/wp1\/2023\/08\/22\/salida-educ-parvularia-granja-educativa\/whatsapp-image-2023-08-24-at-15-39-23\/\" data-orig-file=\"https:\/\/www.cisa-arica.cl\/wp1\/wp-content\/uploads\/2023\/08\/WhatsApp-Image-2023-08-24-at-15.39.23.jpeg\" data-orig-size=\"867,1156\" data-comments-opened=\"0\" data-image-meta=\"{&quot;aperture&quot;:&quot;0&quot;,&quot;credit&quot;:&quot;&quot;,&quot;camera&quot;:&quot;&quot;,&quot;caption&quot;:&quot;&quot;,&quot;created_timestamp&quot;:&quot;0&quot;,&quot;copyright&quot;:&quot;&quot;,&quot;focal_length&quot;:&quot;0&quot;,&quot;iso&quot;:&quot;0&quot;,&quot;shutter_speed&quot;:&quot;0&quot;,&quot;title&quot;:&quot;&quot;,&quot;orientation&quot;:&quot;0&quot;}\" data-image-title=\"WhatsApp-Image-2023-08-24-at-15.39.23\" data-image-description=\"\" data-image-caption=\"\" data-large-file=\"https:\/\/www.cisa-arica.cl\/wp1\/wp-content\/uploads\/2023\/08\/WhatsApp-Image-2023-08-24-at-15.39.23-450x600.jpeg\" role=\"button\" tabindex=\"0\" aria-label=\"Abrir la imagen 11 de 25 en pantalla completa\"srcset=\"https:\/\/i1.wp.com\/www.cisa-arica.cl\/wp1\/wp-content\/uploads\/2023\/08\/WhatsApp-Image-2023-08-24-at-15.39.23-450x600.jpeg?strip=info&#038;w=600&#038;ssl=1 600w,https:\/\/i1.wp.com\/www.cisa-arica.cl\/wp1\/wp-content\/uploads\/2023\/08\/WhatsApp-Image-2023-08-24-at-15.39.23-450x600.jpeg?strip=info&#038;w=867&#038;ssl=1 867w\" alt=\"\" data-height=\"1156\" data-id=\"21815\" data-link=\"https:\/\/www.cisa-arica.cl\/wp1\/?attachment_id=21815\" data-url=\"https:\/\/www.cisa-arica.cl\/wp1\/wp-content\/uploads\/2023\/08\/WhatsApp-Image-2023-08-24-at-15.39.23-450x600.jpeg\" data-width=\"867\" src=\"https:\/\/i1.wp.com\/www.cisa-arica.cl\/wp1\/wp-content\/uploads\/2023\/08\/WhatsApp-Image-2023-08-24-at-15.39.23-450x600.jpeg?ssl=1\" data-amp-layout=\"responsive\"\/><\/figure><\/div><div class=\"tiled-gallery__col\" style=\"flex-basis:37.07532%\"><figure class=\"tiled-gallery__item\"><img decoding=\"async\" data-attachment-id=\"21816\" data-permalink=\"https:\/\/www.cisa-arica.cl\/wp1\/2023\/08\/22\/salida-educ-parvularia-granja-educativa\/whatsapp-image-2023-08-24-at-08-46-45\/\" data-orig-file=\"https:\/\/www.cisa-arica.cl\/wp1\/wp-content\/uploads\/2023\/08\/WhatsApp-Image-2023-08-24-at-08.46.45.jpeg\" data-orig-size=\"1600,1200\" data-comments-opened=\"0\" data-image-meta=\"{&quot;aperture&quot;:&quot;0&quot;,&quot;credit&quot;:&quot;&quot;,&quot;camera&quot;:&quot;&quot;,&quot;caption&quot;:&quot;&quot;,&quot;created_timestamp&quot;:&quot;0&quot;,&quot;copyright&quot;:&quot;&quot;,&quot;focal_length&quot;:&quot;0&quot;,&quot;iso&quot;:&quot;0&quot;,&quot;shutter_speed&quot;:&quot;0&quot;,&quot;title&quot;:&quot;&quot;,&quot;orientation&quot;:&quot;0&quot;}\" data-image-title=\"WhatsApp-Image-2023-08-24-at-08.46.45\" data-image-description=\"\" data-image-caption=\"\" data-large-file=\"https:\/\/www.cisa-arica.cl\/wp1\/wp-content\/uploads\/2023\/08\/WhatsApp-Image-2023-08-24-at-08.46.45-600x450.jpeg\" data-attachment-id=\"21816\" data-permalink=\"https:\/\/www.cisa-arica.cl\/wp1\/2023\/08\/22\/salida-educ-parvularia-granja-educativa\/whatsapp-image-2023-08-24-at-08-46-45\/\" data-orig-file=\"https:\/\/www.cisa-arica.cl\/wp1\/wp-content\/uploads\/2023\/08\/WhatsApp-Image-2023-08-24-at-08.46.45.jpeg\" data-orig-size=\"1600,1200\" data-comments-opened=\"0\" data-image-meta=\"{&quot;aperture&quot;:&quot;0&quot;,&quot;credit&quot;:&quot;&quot;,&quot;camera&quot;:&quot;&quot;,&quot;caption&quot;:&quot;&quot;,&quot;created_timestamp&quot;:&quot;0&quot;,&quot;copyright&quot;:&quot;&quot;,&quot;focal_length&quot;:&quot;0&quot;,&quot;iso&quot;:&quot;0&quot;,&quot;shutter_speed&quot;:&quot;0&quot;,&quot;title&quot;:&quot;&quot;,&quot;orientation&quot;:&quot;0&quot;}\" data-image-title=\"WhatsApp-Image-2023-08-24-at-08.46.45\" data-image-description=\"\" data-image-caption=\"\" data-large-file=\"https:\/\/www.cisa-arica.cl\/wp1\/wp-content\/uploads\/2023\/08\/WhatsApp-Image-2023-08-24-at-08.46.45-600x450.jpeg\" role=\"button\" tabindex=\"0\" aria-label=\"Abrir la imagen 12 de 25 en pantalla completa\"srcset=\"https:\/\/i1.wp.com\/www.cisa-arica.cl\/wp1\/wp-content\/uploads\/2023\/08\/WhatsApp-Image-2023-08-24-at-08.46.45-600x450.jpeg?strip=info&#038;w=600&#038;ssl=1 600w,https:\/\/i1.wp.com\/www.cisa-arica.cl\/wp1\/wp-content\/uploads\/2023\/08\/WhatsApp-Image-2023-08-24-at-08.46.45-600x450.jpeg?strip=info&#038;w=900&#038;ssl=1 900w,https:\/\/i1.wp.com\/www.cisa-arica.cl\/wp1\/wp-content\/uploads\/2023\/08\/WhatsApp-Image-2023-08-24-at-08.46.45-600x450.jpeg?strip=info&#038;w=1200&#038;ssl=1 1200w,https:\/\/i1.wp.com\/www.cisa-arica.cl\/wp1\/wp-content\/uploads\/2023\/08\/WhatsApp-Image-2023-08-24-at-08.46.45-600x450.jpeg?strip=info&#038;w=1500&#038;ssl=1 1500w,https:\/\/i1.wp.com\/www.cisa-arica.cl\/wp1\/wp-content\/uploads\/2023\/08\/WhatsApp-Image-2023-08-24-at-08.46.45-600x450.jpeg?strip=info&#038;w=1600&#038;ssl=1 1600w\" alt=\"\" data-height=\"1200\" data-id=\"21816\" data-link=\"https:\/\/www.cisa-arica.cl\/wp1\/?attachment_id=21816\" data-url=\"https:\/\/www.cisa-arica.cl\/wp1\/wp-content\/uploads\/2023\/08\/WhatsApp-Image-2023-08-24-at-08.46.45-600x450.jpeg\" data-width=\"1600\" src=\"https:\/\/i1.wp.com\/www.cisa-arica.cl\/wp1\/wp-content\/uploads\/2023\/08\/WhatsApp-Image-2023-08-24-at-08.46.45-600x450.jpeg?ssl=1\" data-amp-layout=\"responsive\"\/><\/figure><figure class=\"tiled-gallery__item\"><img decoding=\"async\" data-attachment-id=\"21817\" data-permalink=\"https:\/\/www.cisa-arica.cl\/wp1\/2023\/08\/22\/salida-educ-parvularia-granja-educativa\/whatsapp-image-2023-08-24-at-08-46-45-2\/\" data-orig-file=\"https:\/\/www.cisa-arica.cl\/wp1\/wp-content\/uploads\/2023\/08\/WhatsApp-Image-2023-08-24-at-08.46.45-2.jpeg\" data-orig-size=\"1600,1200\" data-comments-opened=\"0\" data-image-meta=\"{&quot;aperture&quot;:&quot;0&quot;,&quot;credit&quot;:&quot;&quot;,&quot;camera&quot;:&quot;&quot;,&quot;caption&quot;:&quot;&quot;,&quot;created_timestamp&quot;:&quot;0&quot;,&quot;copyright&quot;:&quot;&quot;,&quot;focal_length&quot;:&quot;0&quot;,&quot;iso&quot;:&quot;0&quot;,&quot;shutter_speed&quot;:&quot;0&quot;,&quot;title&quot;:&quot;&quot;,&quot;orientation&quot;:&quot;0&quot;}\" data-image-title=\"WhatsApp-Image-2023-08-24-at-08.46.45-2\" data-image-description=\"\" data-image-caption=\"\" data-large-file=\"https:\/\/www.cisa-arica.cl\/wp1\/wp-content\/uploads\/2023\/08\/WhatsApp-Image-2023-08-24-at-08.46.45-2-600x450.jpeg\" data-attachment-id=\"21817\" data-permalink=\"https:\/\/www.cisa-arica.cl\/wp1\/2023\/08\/22\/salida-educ-parvularia-granja-educativa\/whatsapp-image-2023-08-24-at-08-46-45-2\/\" data-orig-file=\"https:\/\/www.cisa-arica.cl\/wp1\/wp-content\/uploads\/2023\/08\/WhatsApp-Image-2023-08-24-at-08.46.45-2.jpeg\" data-orig-size=\"1600,1200\" data-comments-opened=\"0\" data-image-meta=\"{&quot;aperture&quot;:&quot;0&quot;,&quot;credit&quot;:&quot;&quot;,&quot;camera&quot;:&quot;&quot;,&quot;caption&quot;:&quot;&quot;,&quot;created_timestamp&quot;:&quot;0&quot;,&quot;copyright&quot;:&quot;&quot;,&quot;focal_length&quot;:&quot;0&quot;,&quot;iso&quot;:&quot;0&quot;,&quot;shutter_speed&quot;:&quot;0&quot;,&quot;title&quot;:&quot;&quot;,&quot;orientation&quot;:&quot;0&quot;}\" data-image-title=\"WhatsApp-Image-2023-08-24-at-08.46.45-2\" data-image-description=\"\" data-image-caption=\"\" data-large-file=\"https:\/\/www.cisa-arica.cl\/wp1\/wp-content\/uploads\/2023\/08\/WhatsApp-Image-2023-08-24-at-08.46.45-2-600x450.jpeg\" role=\"button\" tabindex=\"0\" aria-label=\"Abrir la imagen 13 de 25 en pantalla completa\"srcset=\"https:\/\/i1.wp.com\/www.cisa-arica.cl\/wp1\/wp-content\/uploads\/2023\/08\/WhatsApp-Image-2023-08-24-at-08.46.45-2-600x450.jpeg?strip=info&#038;w=600&#038;ssl=1 600w,https:\/\/i1.wp.com\/www.cisa-arica.cl\/wp1\/wp-content\/uploads\/2023\/08\/WhatsApp-Image-2023-08-24-at-08.46.45-2-600x450.jpeg?strip=info&#038;w=900&#038;ssl=1 900w,https:\/\/i1.wp.com\/www.cisa-arica.cl\/wp1\/wp-content\/uploads\/2023\/08\/WhatsApp-Image-2023-08-24-at-08.46.45-2-600x450.jpeg?strip=info&#038;w=1200&#038;ssl=1 1200w,https:\/\/i1.wp.com\/www.cisa-arica.cl\/wp1\/wp-content\/uploads\/2023\/08\/WhatsApp-Image-2023-08-24-at-08.46.45-2-600x450.jpeg?strip=info&#038;w=1500&#038;ssl=1 1500w,https:\/\/i1.wp.com\/www.cisa-arica.cl\/wp1\/wp-content\/uploads\/2023\/08\/WhatsApp-Image-2023-08-24-at-08.46.45-2-600x450.jpeg?strip=info&#038;w=1600&#038;ssl=1 1600w\" alt=\"\" data-height=\"1200\" data-id=\"21817\" data-link=\"https:\/\/www.cisa-arica.cl\/wp1\/?attachment_id=21817\" data-url=\"https:\/\/www.cisa-arica.cl\/wp1\/wp-content\/uploads\/2023\/08\/WhatsApp-Image-2023-08-24-at-08.46.45-2-600x450.jpeg\" data-width=\"1600\" src=\"https:\/\/i1.wp.com\/www.cisa-arica.cl\/wp1\/wp-content\/uploads\/2023\/08\/WhatsApp-Image-2023-08-24-at-08.46.45-2-600x450.jpeg?ssl=1\" data-amp-layout=\"responsive\"\/><\/figure><figure class=\"tiled-gallery__item\"><img decoding=\"async\" data-attachment-id=\"21818\" data-permalink=\"https:\/\/www.cisa-arica.cl\/wp1\/2023\/08\/22\/salida-educ-parvularia-granja-educativa\/whatsapp-image-2023-08-24-at-08-46-45-2-1\/\" data-orig-file=\"https:\/\/www.cisa-arica.cl\/wp1\/wp-content\/uploads\/2023\/08\/WhatsApp-Image-2023-08-24-at-08.46.45-2-1.jpeg\" data-orig-size=\"1600,1200\" data-comments-opened=\"0\" data-image-meta=\"{&quot;aperture&quot;:&quot;0&quot;,&quot;credit&quot;:&quot;&quot;,&quot;camera&quot;:&quot;&quot;,&quot;caption&quot;:&quot;&quot;,&quot;created_timestamp&quot;:&quot;0&quot;,&quot;copyright&quot;:&quot;&quot;,&quot;focal_length&quot;:&quot;0&quot;,&quot;iso&quot;:&quot;0&quot;,&quot;shutter_speed&quot;:&quot;0&quot;,&quot;title&quot;:&quot;&quot;,&quot;orientation&quot;:&quot;0&quot;}\" data-image-title=\"WhatsApp-Image-2023-08-24-at-08.46.45-2-1\" data-image-description=\"\" data-image-caption=\"\" data-large-file=\"https:\/\/www.cisa-arica.cl\/wp1\/wp-content\/uploads\/2023\/08\/WhatsApp-Image-2023-08-24-at-08.46.45-2-1-600x450.jpeg\" data-attachment-id=\"21818\" data-permalink=\"https:\/\/www.cisa-arica.cl\/wp1\/2023\/08\/22\/salida-educ-parvularia-granja-educativa\/whatsapp-image-2023-08-24-at-08-46-45-2-1\/\" data-orig-file=\"https:\/\/www.cisa-arica.cl\/wp1\/wp-content\/uploads\/2023\/08\/WhatsApp-Image-2023-08-24-at-08.46.45-2-1.jpeg\" data-orig-size=\"1600,1200\" data-comments-opened=\"0\" data-image-meta=\"{&quot;aperture&quot;:&quot;0&quot;,&quot;credit&quot;:&quot;&quot;,&quot;camera&quot;:&quot;&quot;,&quot;caption&quot;:&quot;&quot;,&quot;created_timestamp&quot;:&quot;0&quot;,&quot;copyright&quot;:&quot;&quot;,&quot;focal_length&quot;:&quot;0&quot;,&quot;iso&quot;:&quot;0&quot;,&quot;shutter_speed&quot;:&quot;0&quot;,&quot;title&quot;:&quot;&quot;,&quot;orientation&quot;:&quot;0&quot;}\" data-image-title=\"WhatsApp-Image-2023-08-24-at-08.46.45-2-1\" data-image-description=\"\" data-image-caption=\"\" data-large-file=\"https:\/\/www.cisa-arica.cl\/wp1\/wp-content\/uploads\/2023\/08\/WhatsApp-Image-2023-08-24-at-08.46.45-2-1-600x450.jpeg\" role=\"button\" tabindex=\"0\" aria-label=\"Abrir la imagen 14 de 25 en pantalla completa\"srcset=\"https:\/\/i2.wp.com\/www.cisa-arica.cl\/wp1\/wp-content\/uploads\/2023\/08\/WhatsApp-Image-2023-08-24-at-08.46.45-2-1-600x450.jpeg?strip=info&#038;w=600&#038;ssl=1 600w,https:\/\/i2.wp.com\/www.cisa-arica.cl\/wp1\/wp-content\/uploads\/2023\/08\/WhatsApp-Image-2023-08-24-at-08.46.45-2-1-600x450.jpeg?strip=info&#038;w=900&#038;ssl=1 900w,https:\/\/i2.wp.com\/www.cisa-arica.cl\/wp1\/wp-content\/uploads\/2023\/08\/WhatsApp-Image-2023-08-24-at-08.46.45-2-1-600x450.jpeg?strip=info&#038;w=1200&#038;ssl=1 1200w,https:\/\/i2.wp.com\/www.cisa-arica.cl\/wp1\/wp-content\/uploads\/2023\/08\/WhatsApp-Image-2023-08-24-at-08.46.45-2-1-600x450.jpeg?strip=info&#038;w=1500&#038;ssl=1 1500w,https:\/\/i2.wp.com\/www.cisa-arica.cl\/wp1\/wp-content\/uploads\/2023\/08\/WhatsApp-Image-2023-08-24-at-08.46.45-2-1-600x450.jpeg?strip=info&#038;w=1600&#038;ssl=1 1600w\" alt=\"\" data-height=\"1200\" data-id=\"21818\" data-link=\"https:\/\/www.cisa-arica.cl\/wp1\/?attachment_id=21818\" data-url=\"https:\/\/www.cisa-arica.cl\/wp1\/wp-content\/uploads\/2023\/08\/WhatsApp-Image-2023-08-24-at-08.46.45-2-1-600x450.jpeg\" data-width=\"1600\" src=\"https:\/\/i2.wp.com\/www.cisa-arica.cl\/wp1\/wp-content\/uploads\/2023\/08\/WhatsApp-Image-2023-08-24-at-08.46.45-2-1-600x450.jpeg?ssl=1\" data-amp-layout=\"responsive\"\/><\/figure><\/div><\/div><div class=\"tiled-gallery__row\"><div class=\"tiled-gallery__col\" style=\"flex-basis:46.94605%\"><figure class=\"tiled-gallery__item\"><img decoding=\"async\" data-attachment-id=\"21819\" data-permalink=\"https:\/\/www.cisa-arica.cl\/wp1\/2023\/08\/22\/salida-educ-parvularia-granja-educativa\/whatsapp-image-2023-08-24-at-08-46-45-1\/\" data-orig-file=\"https:\/\/www.cisa-arica.cl\/wp1\/wp-content\/uploads\/2023\/08\/WhatsApp-Image-2023-08-24-at-08.46.45-1.jpeg\" data-orig-size=\"1600,1200\" data-comments-opened=\"0\" data-image-meta=\"{&quot;aperture&quot;:&quot;0&quot;,&quot;credit&quot;:&quot;&quot;,&quot;camera&quot;:&quot;&quot;,&quot;caption&quot;:&quot;&quot;,&quot;created_timestamp&quot;:&quot;0&quot;,&quot;copyright&quot;:&quot;&quot;,&quot;focal_length&quot;:&quot;0&quot;,&quot;iso&quot;:&quot;0&quot;,&quot;shutter_speed&quot;:&quot;0&quot;,&quot;title&quot;:&quot;&quot;,&quot;orientation&quot;:&quot;0&quot;}\" data-image-title=\"WhatsApp-Image-2023-08-24-at-08.46.45-1\" data-image-description=\"\" data-image-caption=\"\" data-large-file=\"https:\/\/www.cisa-arica.cl\/wp1\/wp-content\/uploads\/2023\/08\/WhatsApp-Image-2023-08-24-at-08.46.45-1-600x450.jpeg\" data-attachment-id=\"21819\" data-permalink=\"https:\/\/www.cisa-arica.cl\/wp1\/2023\/08\/22\/salida-educ-parvularia-granja-educativa\/whatsapp-image-2023-08-24-at-08-46-45-1\/\" data-orig-file=\"https:\/\/www.cisa-arica.cl\/wp1\/wp-content\/uploads\/2023\/08\/WhatsApp-Image-2023-08-24-at-08.46.45-1.jpeg\" data-orig-size=\"1600,1200\" data-comments-opened=\"0\" data-image-meta=\"{&quot;aperture&quot;:&quot;0&quot;,&quot;credit&quot;:&quot;&quot;,&quot;camera&quot;:&quot;&quot;,&quot;caption&quot;:&quot;&quot;,&quot;created_timestamp&quot;:&quot;0&quot;,&quot;copyright&quot;:&quot;&quot;,&quot;focal_length&quot;:&quot;0&quot;,&quot;iso&quot;:&quot;0&quot;,&quot;shutter_speed&quot;:&quot;0&quot;,&quot;title&quot;:&quot;&quot;,&quot;orientation&quot;:&quot;0&quot;}\" data-image-title=\"WhatsApp-Image-2023-08-24-at-08.46.45-1\" data-image-description=\"\" data-image-caption=\"\" data-large-file=\"https:\/\/www.cisa-arica.cl\/wp1\/wp-content\/uploads\/2023\/08\/WhatsApp-Image-2023-08-24-at-08.46.45-1-600x450.jpeg\" role=\"button\" tabindex=\"0\" aria-label=\"Abrir la imagen 15 de 25 en pantalla completa\"srcset=\"https:\/\/i0.wp.com\/www.cisa-arica.cl\/wp1\/wp-content\/uploads\/2023\/08\/WhatsApp-Image-2023-08-24-at-08.46.45-1-600x450.jpeg?strip=info&#038;w=600&#038;ssl=1 600w,https:\/\/i0.wp.com\/www.cisa-arica.cl\/wp1\/wp-content\/uploads\/2023\/08\/WhatsApp-Image-2023-08-24-at-08.46.45-1-600x450.jpeg?strip=info&#038;w=900&#038;ssl=1 900w,https:\/\/i0.wp.com\/www.cisa-arica.cl\/wp1\/wp-content\/uploads\/2023\/08\/WhatsApp-Image-2023-08-24-at-08.46.45-1-600x450.jpeg?strip=info&#038;w=1200&#038;ssl=1 1200w,https:\/\/i0.wp.com\/www.cisa-arica.cl\/wp1\/wp-content\/uploads\/2023\/08\/WhatsApp-Image-2023-08-24-at-08.46.45-1-600x450.jpeg?strip=info&#038;w=1500&#038;ssl=1 1500w,https:\/\/i0.wp.com\/www.cisa-arica.cl\/wp1\/wp-content\/uploads\/2023\/08\/WhatsApp-Image-2023-08-24-at-08.46.45-1-600x450.jpeg?strip=info&#038;w=1600&#038;ssl=1 1600w\" alt=\"\" data-height=\"1200\" data-id=\"21819\" data-link=\"https:\/\/www.cisa-arica.cl\/wp1\/?attachment_id=21819\" data-url=\"https:\/\/www.cisa-arica.cl\/wp1\/wp-content\/uploads\/2023\/08\/WhatsApp-Image-2023-08-24-at-08.46.45-1-600x450.jpeg\" data-width=\"1600\" src=\"https:\/\/i0.wp.com\/www.cisa-arica.cl\/wp1\/wp-content\/uploads\/2023\/08\/WhatsApp-Image-2023-08-24-at-08.46.45-1-600x450.jpeg?ssl=1\" data-amp-layout=\"responsive\"\/><\/figure><figure class=\"tiled-gallery__item\"><img decoding=\"async\" data-attachment-id=\"21820\" data-permalink=\"https:\/\/www.cisa-arica.cl\/wp1\/2023\/08\/22\/salida-educ-parvularia-granja-educativa\/whatsapp-image-2023-08-24-at-08-46-44\/\" data-orig-file=\"https:\/\/www.cisa-arica.cl\/wp1\/wp-content\/uploads\/2023\/08\/WhatsApp-Image-2023-08-24-at-08.46.44.jpeg\" data-orig-size=\"1600,1200\" data-comments-opened=\"0\" data-image-meta=\"{&quot;aperture&quot;:&quot;0&quot;,&quot;credit&quot;:&quot;&quot;,&quot;camera&quot;:&quot;&quot;,&quot;caption&quot;:&quot;&quot;,&quot;created_timestamp&quot;:&quot;0&quot;,&quot;copyright&quot;:&quot;&quot;,&quot;focal_length&quot;:&quot;0&quot;,&quot;iso&quot;:&quot;0&quot;,&quot;shutter_speed&quot;:&quot;0&quot;,&quot;title&quot;:&quot;&quot;,&quot;orientation&quot;:&quot;0&quot;}\" data-image-title=\"WhatsApp-Image-2023-08-24-at-08.46.44\" data-image-description=\"\" data-image-caption=\"\" data-large-file=\"https:\/\/www.cisa-arica.cl\/wp1\/wp-content\/uploads\/2023\/08\/WhatsApp-Image-2023-08-24-at-08.46.44-600x450.jpeg\" data-attachment-id=\"21820\" data-permalink=\"https:\/\/www.cisa-arica.cl\/wp1\/2023\/08\/22\/salida-educ-parvularia-granja-educativa\/whatsapp-image-2023-08-24-at-08-46-44\/\" data-orig-file=\"https:\/\/www.cisa-arica.cl\/wp1\/wp-content\/uploads\/2023\/08\/WhatsApp-Image-2023-08-24-at-08.46.44.jpeg\" data-orig-size=\"1600,1200\" data-comments-opened=\"0\" data-image-meta=\"{&quot;aperture&quot;:&quot;0&quot;,&quot;credit&quot;:&quot;&quot;,&quot;camera&quot;:&quot;&quot;,&quot;caption&quot;:&quot;&quot;,&quot;created_timestamp&quot;:&quot;0&quot;,&quot;copyright&quot;:&quot;&quot;,&quot;focal_length&quot;:&quot;0&quot;,&quot;iso&quot;:&quot;0&quot;,&quot;shutter_speed&quot;:&quot;0&quot;,&quot;title&quot;:&quot;&quot;,&quot;orientation&quot;:&quot;0&quot;}\" data-image-title=\"WhatsApp-Image-2023-08-24-at-08.46.44\" data-image-description=\"\" data-image-caption=\"\" data-large-file=\"https:\/\/www.cisa-arica.cl\/wp1\/wp-content\/uploads\/2023\/08\/WhatsApp-Image-2023-08-24-at-08.46.44-600x450.jpeg\" role=\"button\" tabindex=\"0\" aria-label=\"Abrir la imagen 16 de 25 en pantalla completa\"srcset=\"https:\/\/i1.wp.com\/www.cisa-arica.cl\/wp1\/wp-content\/uploads\/2023\/08\/WhatsApp-Image-2023-08-24-at-08.46.44-600x450.jpeg?strip=info&#038;w=600&#038;ssl=1 600w,https:\/\/i1.wp.com\/www.cisa-arica.cl\/wp1\/wp-content\/uploads\/2023\/08\/WhatsApp-Image-2023-08-24-at-08.46.44-600x450.jpeg?strip=info&#038;w=900&#038;ssl=1 900w,https:\/\/i1.wp.com\/www.cisa-arica.cl\/wp1\/wp-content\/uploads\/2023\/08\/WhatsApp-Image-2023-08-24-at-08.46.44-600x450.jpeg?strip=info&#038;w=1200&#038;ssl=1 1200w,https:\/\/i1.wp.com\/www.cisa-arica.cl\/wp1\/wp-content\/uploads\/2023\/08\/WhatsApp-Image-2023-08-24-at-08.46.44-600x450.jpeg?strip=info&#038;w=1500&#038;ssl=1 1500w,https:\/\/i1.wp.com\/www.cisa-arica.cl\/wp1\/wp-content\/uploads\/2023\/08\/WhatsApp-Image-2023-08-24-at-08.46.44-600x450.jpeg?strip=info&#038;w=1600&#038;ssl=1 1600w\" alt=\"\" data-height=\"1200\" data-id=\"21820\" data-link=\"https:\/\/www.cisa-arica.cl\/wp1\/?attachment_id=21820\" data-url=\"https:\/\/www.cisa-arica.cl\/wp1\/wp-content\/uploads\/2023\/08\/WhatsApp-Image-2023-08-24-at-08.46.44-600x450.jpeg\" data-width=\"1600\" src=\"https:\/\/i1.wp.com\/www.cisa-arica.cl\/wp1\/wp-content\/uploads\/2023\/08\/WhatsApp-Image-2023-08-24-at-08.46.44-600x450.jpeg?ssl=1\" data-amp-layout=\"responsive\"\/><\/figure><\/div><div class=\"tiled-gallery__col\" style=\"flex-basis:53.05395%\"><figure class=\"tiled-gallery__item\"><img decoding=\"async\" data-attachment-id=\"21821\" data-permalink=\"https:\/\/www.cisa-arica.cl\/wp1\/2023\/08\/22\/salida-educ-parvularia-granja-educativa\/whatsapp-image-2023-08-24-at-08-46-43\/\" data-orig-file=\"https:\/\/www.cisa-arica.cl\/wp1\/wp-content\/uploads\/2023\/08\/WhatsApp-Image-2023-08-24-at-08.46.43.jpeg\" data-orig-size=\"1200,1600\" data-comments-opened=\"0\" data-image-meta=\"{&quot;aperture&quot;:&quot;0&quot;,&quot;credit&quot;:&quot;&quot;,&quot;camera&quot;:&quot;&quot;,&quot;caption&quot;:&quot;&quot;,&quot;created_timestamp&quot;:&quot;0&quot;,&quot;copyright&quot;:&quot;&quot;,&quot;focal_length&quot;:&quot;0&quot;,&quot;iso&quot;:&quot;0&quot;,&quot;shutter_speed&quot;:&quot;0&quot;,&quot;title&quot;:&quot;&quot;,&quot;orientation&quot;:&quot;0&quot;}\" data-image-title=\"WhatsApp-Image-2023-08-24-at-08.46.43\" data-image-description=\"\" data-image-caption=\"\" data-large-file=\"https:\/\/www.cisa-arica.cl\/wp1\/wp-content\/uploads\/2023\/08\/WhatsApp-Image-2023-08-24-at-08.46.43-450x600.jpeg\" data-attachment-id=\"21821\" data-permalink=\"https:\/\/www.cisa-arica.cl\/wp1\/2023\/08\/22\/salida-educ-parvularia-granja-educativa\/whatsapp-image-2023-08-24-at-08-46-43\/\" data-orig-file=\"https:\/\/www.cisa-arica.cl\/wp1\/wp-content\/uploads\/2023\/08\/WhatsApp-Image-2023-08-24-at-08.46.43.jpeg\" data-orig-size=\"1200,1600\" data-comments-opened=\"0\" data-image-meta=\"{&quot;aperture&quot;:&quot;0&quot;,&quot;credit&quot;:&quot;&quot;,&quot;camera&quot;:&quot;&quot;,&quot;caption&quot;:&quot;&quot;,&quot;created_timestamp&quot;:&quot;0&quot;,&quot;copyright&quot;:&quot;&quot;,&quot;focal_length&quot;:&quot;0&quot;,&quot;iso&quot;:&quot;0&quot;,&quot;shutter_speed&quot;:&quot;0&quot;,&quot;title&quot;:&quot;&quot;,&quot;orientation&quot;:&quot;0&quot;}\" data-image-title=\"WhatsApp-Image-2023-08-24-at-08.46.43\" data-image-description=\"\" data-image-caption=\"\" data-large-file=\"https:\/\/www.cisa-arica.cl\/wp1\/wp-content\/uploads\/2023\/08\/WhatsApp-Image-2023-08-24-at-08.46.43-450x600.jpeg\" role=\"button\" tabindex=\"0\" aria-label=\"Abrir la imagen 17 de 25 en pantalla completa\"srcset=\"https:\/\/i1.wp.com\/www.cisa-arica.cl\/wp1\/wp-content\/uploads\/2023\/08\/WhatsApp-Image-2023-08-24-at-08.46.43-450x600.jpeg?strip=info&#038;w=600&#038;ssl=1 600w,https:\/\/i1.wp.com\/www.cisa-arica.cl\/wp1\/wp-content\/uploads\/2023\/08\/WhatsApp-Image-2023-08-24-at-08.46.43-450x600.jpeg?strip=info&#038;w=900&#038;ssl=1 900w,https:\/\/i1.wp.com\/www.cisa-arica.cl\/wp1\/wp-content\/uploads\/2023\/08\/WhatsApp-Image-2023-08-24-at-08.46.43-450x600.jpeg?strip=info&#038;w=1200&#038;ssl=1 1200w\" alt=\"\" data-height=\"1600\" data-id=\"21821\" data-link=\"https:\/\/www.cisa-arica.cl\/wp1\/?attachment_id=21821\" data-url=\"https:\/\/www.cisa-arica.cl\/wp1\/wp-content\/uploads\/2023\/08\/WhatsApp-Image-2023-08-24-at-08.46.43-450x600.jpeg\" data-width=\"1200\" src=\"https:\/\/i1.wp.com\/www.cisa-arica.cl\/wp1\/wp-content\/uploads\/2023\/08\/WhatsApp-Image-2023-08-24-at-08.46.43-450x600.jpeg?ssl=1\" data-amp-layout=\"responsive\"\/><\/figure><\/div><\/div><div class=\"tiled-gallery__row\"><div class=\"tiled-gallery__col\" style=\"flex-basis:63.97414%\"><figure class=\"tiled-gallery__item\"><img decoding=\"async\" data-attachment-id=\"21822\" data-permalink=\"https:\/\/www.cisa-arica.cl\/wp1\/2023\/08\/22\/salida-educ-parvularia-granja-educativa\/whatsapp-image-2023-08-24-at-08-46-43-1\/\" data-orig-file=\"https:\/\/www.cisa-arica.cl\/wp1\/wp-content\/uploads\/2023\/08\/WhatsApp-Image-2023-08-24-at-08.46.43-1.jpeg\" data-orig-size=\"1600,1200\" data-comments-opened=\"0\" data-image-meta=\"{&quot;aperture&quot;:&quot;0&quot;,&quot;credit&quot;:&quot;&quot;,&quot;camera&quot;:&quot;&quot;,&quot;caption&quot;:&quot;&quot;,&quot;created_timestamp&quot;:&quot;0&quot;,&quot;copyright&quot;:&quot;&quot;,&quot;focal_length&quot;:&quot;0&quot;,&quot;iso&quot;:&quot;0&quot;,&quot;shutter_speed&quot;:&quot;0&quot;,&quot;title&quot;:&quot;&quot;,&quot;orientation&quot;:&quot;0&quot;}\" data-image-title=\"WhatsApp-Image-2023-08-24-at-08.46.43-1\" data-image-description=\"\" data-image-caption=\"\" data-large-file=\"https:\/\/www.cisa-arica.cl\/wp1\/wp-content\/uploads\/2023\/08\/WhatsApp-Image-2023-08-24-at-08.46.43-1-600x450.jpeg\" data-attachment-id=\"21822\" data-permalink=\"https:\/\/www.cisa-arica.cl\/wp1\/2023\/08\/22\/salida-educ-parvularia-granja-educativa\/whatsapp-image-2023-08-24-at-08-46-43-1\/\" data-orig-file=\"https:\/\/www.cisa-arica.cl\/wp1\/wp-content\/uploads\/2023\/08\/WhatsApp-Image-2023-08-24-at-08.46.43-1.jpeg\" data-orig-size=\"1600,1200\" data-comments-opened=\"0\" data-image-meta=\"{&quot;aperture&quot;:&quot;0&quot;,&quot;credit&quot;:&quot;&quot;,&quot;camera&quot;:&quot;&quot;,&quot;caption&quot;:&quot;&quot;,&quot;created_timestamp&quot;:&quot;0&quot;,&quot;copyright&quot;:&quot;&quot;,&quot;focal_length&quot;:&quot;0&quot;,&quot;iso&quot;:&quot;0&quot;,&quot;shutter_speed&quot;:&quot;0&quot;,&quot;title&quot;:&quot;&quot;,&quot;orientation&quot;:&quot;0&quot;}\" data-image-title=\"WhatsApp-Image-2023-08-24-at-08.46.43-1\" data-image-description=\"\" data-image-caption=\"\" data-large-file=\"https:\/\/www.cisa-arica.cl\/wp1\/wp-content\/uploads\/2023\/08\/WhatsApp-Image-2023-08-24-at-08.46.43-1-600x450.jpeg\" role=\"button\" tabindex=\"0\" aria-label=\"Abrir la imagen 18 de 25 en pantalla completa\"srcset=\"https:\/\/i2.wp.com\/www.cisa-arica.cl\/wp1\/wp-content\/uploads\/2023\/08\/WhatsApp-Image-2023-08-24-at-08.46.43-1-600x450.jpeg?strip=info&#038;w=600&#038;ssl=1 600w,https:\/\/i2.wp.com\/www.cisa-arica.cl\/wp1\/wp-content\/uploads\/2023\/08\/WhatsApp-Image-2023-08-24-at-08.46.43-1-600x450.jpeg?strip=info&#038;w=900&#038;ssl=1 900w,https:\/\/i2.wp.com\/www.cisa-arica.cl\/wp1\/wp-content\/uploads\/2023\/08\/WhatsApp-Image-2023-08-24-at-08.46.43-1-600x450.jpeg?strip=info&#038;w=1200&#038;ssl=1 1200w,https:\/\/i2.wp.com\/www.cisa-arica.cl\/wp1\/wp-content\/uploads\/2023\/08\/WhatsApp-Image-2023-08-24-at-08.46.43-1-600x450.jpeg?strip=info&#038;w=1500&#038;ssl=1 1500w,https:\/\/i2.wp.com\/www.cisa-arica.cl\/wp1\/wp-content\/uploads\/2023\/08\/WhatsApp-Image-2023-08-24-at-08.46.43-1-600x450.jpeg?strip=info&#038;w=1600&#038;ssl=1 1600w\" alt=\"\" data-height=\"1200\" data-id=\"21822\" data-link=\"https:\/\/www.cisa-arica.cl\/wp1\/?attachment_id=21822\" data-url=\"https:\/\/www.cisa-arica.cl\/wp1\/wp-content\/uploads\/2023\/08\/WhatsApp-Image-2023-08-24-at-08.46.43-1-600x450.jpeg\" data-width=\"1600\" src=\"https:\/\/i2.wp.com\/www.cisa-arica.cl\/wp1\/wp-content\/uploads\/2023\/08\/WhatsApp-Image-2023-08-24-at-08.46.43-1-600x450.jpeg?ssl=1\" data-amp-layout=\"responsive\"\/><\/figure><\/div><div class=\"tiled-gallery__col\" style=\"flex-basis:36.02586%\"><figure class=\"tiled-gallery__item\"><img decoding=\"async\" data-attachment-id=\"21823\" data-permalink=\"https:\/\/www.cisa-arica.cl\/wp1\/2023\/08\/22\/salida-educ-parvularia-granja-educativa\/whatsapp-image-2023-08-24-at-08-46-42\/\" data-orig-file=\"https:\/\/www.cisa-arica.cl\/wp1\/wp-content\/uploads\/2023\/08\/WhatsApp-Image-2023-08-24-at-08.46.42.jpeg\" data-orig-size=\"1200,1600\" data-comments-opened=\"0\" data-image-meta=\"{&quot;aperture&quot;:&quot;0&quot;,&quot;credit&quot;:&quot;&quot;,&quot;camera&quot;:&quot;&quot;,&quot;caption&quot;:&quot;&quot;,&quot;created_timestamp&quot;:&quot;0&quot;,&quot;copyright&quot;:&quot;&quot;,&quot;focal_length&quot;:&quot;0&quot;,&quot;iso&quot;:&quot;0&quot;,&quot;shutter_speed&quot;:&quot;0&quot;,&quot;title&quot;:&quot;&quot;,&quot;orientation&quot;:&quot;0&quot;}\" data-image-title=\"WhatsApp-Image-2023-08-24-at-08.46.42\" data-image-description=\"\" data-image-caption=\"\" data-large-file=\"https:\/\/www.cisa-arica.cl\/wp1\/wp-content\/uploads\/2023\/08\/WhatsApp-Image-2023-08-24-at-08.46.42-450x600.jpeg\" data-attachment-id=\"21823\" data-permalink=\"https:\/\/www.cisa-arica.cl\/wp1\/2023\/08\/22\/salida-educ-parvularia-granja-educativa\/whatsapp-image-2023-08-24-at-08-46-42\/\" data-orig-file=\"https:\/\/www.cisa-arica.cl\/wp1\/wp-content\/uploads\/2023\/08\/WhatsApp-Image-2023-08-24-at-08.46.42.jpeg\" data-orig-size=\"1200,1600\" data-comments-opened=\"0\" data-image-meta=\"{&quot;aperture&quot;:&quot;0&quot;,&quot;credit&quot;:&quot;&quot;,&quot;camera&quot;:&quot;&quot;,&quot;caption&quot;:&quot;&quot;,&quot;created_timestamp&quot;:&quot;0&quot;,&quot;copyright&quot;:&quot;&quot;,&quot;focal_length&quot;:&quot;0&quot;,&quot;iso&quot;:&quot;0&quot;,&quot;shutter_speed&quot;:&quot;0&quot;,&quot;title&quot;:&quot;&quot;,&quot;orientation&quot;:&quot;0&quot;}\" data-image-title=\"WhatsApp-Image-2023-08-24-at-08.46.42\" data-image-description=\"\" data-image-caption=\"\" data-large-file=\"https:\/\/www.cisa-arica.cl\/wp1\/wp-content\/uploads\/2023\/08\/WhatsApp-Image-2023-08-24-at-08.46.42-450x600.jpeg\" role=\"button\" tabindex=\"0\" aria-label=\"Abrir la imagen 19 de 25 en pantalla completa\"srcset=\"https:\/\/i2.wp.com\/www.cisa-arica.cl\/wp1\/wp-content\/uploads\/2023\/08\/WhatsApp-Image-2023-08-24-at-08.46.42-450x600.jpeg?strip=info&#038;w=600&#038;ssl=1 600w,https:\/\/i2.wp.com\/www.cisa-arica.cl\/wp1\/wp-content\/uploads\/2023\/08\/WhatsApp-Image-2023-08-24-at-08.46.42-450x600.jpeg?strip=info&#038;w=900&#038;ssl=1 900w,https:\/\/i2.wp.com\/www.cisa-arica.cl\/wp1\/wp-content\/uploads\/2023\/08\/WhatsApp-Image-2023-08-24-at-08.46.42-450x600.jpeg?strip=info&#038;w=1200&#038;ssl=1 1200w\" alt=\"\" data-height=\"1600\" data-id=\"21823\" data-link=\"https:\/\/www.cisa-arica.cl\/wp1\/?attachment_id=21823\" data-url=\"https:\/\/www.cisa-arica.cl\/wp1\/wp-content\/uploads\/2023\/08\/WhatsApp-Image-2023-08-24-at-08.46.42-450x600.jpeg\" data-width=\"1200\" src=\"https:\/\/i2.wp.com\/www.cisa-arica.cl\/wp1\/wp-content\/uploads\/2023\/08\/WhatsApp-Image-2023-08-24-at-08.46.42-450x600.jpeg?ssl=1\" data-amp-layout=\"responsive\"\/><\/figure><\/div><\/div><div class=\"tiled-gallery__row\"><div class=\"tiled-gallery__col\" style=\"flex-basis:25.00000%\"><figure class=\"tiled-gallery__item\"><img decoding=\"async\" data-attachment-id=\"21824\" data-permalink=\"https:\/\/www.cisa-arica.cl\/wp1\/2023\/08\/22\/salida-educ-parvularia-granja-educativa\/whatsapp-image-2023-08-24-at-08-46-41\/\" data-orig-file=\"https:\/\/www.cisa-arica.cl\/wp1\/wp-content\/uploads\/2023\/08\/WhatsApp-Image-2023-08-24-at-08.46.41.jpeg\" data-orig-size=\"1200,1600\" data-comments-opened=\"0\" data-image-meta=\"{&quot;aperture&quot;:&quot;0&quot;,&quot;credit&quot;:&quot;&quot;,&quot;camera&quot;:&quot;&quot;,&quot;caption&quot;:&quot;&quot;,&quot;created_timestamp&quot;:&quot;0&quot;,&quot;copyright&quot;:&quot;&quot;,&quot;focal_length&quot;:&quot;0&quot;,&quot;iso&quot;:&quot;0&quot;,&quot;shutter_speed&quot;:&quot;0&quot;,&quot;title&quot;:&quot;&quot;,&quot;orientation&quot;:&quot;0&quot;}\" data-image-title=\"WhatsApp-Image-2023-08-24-at-08.46.41\" data-image-description=\"\" data-image-caption=\"\" data-large-file=\"https:\/\/www.cisa-arica.cl\/wp1\/wp-content\/uploads\/2023\/08\/WhatsApp-Image-2023-08-24-at-08.46.41-450x600.jpeg\" data-attachment-id=\"21824\" data-permalink=\"https:\/\/www.cisa-arica.cl\/wp1\/2023\/08\/22\/salida-educ-parvularia-granja-educativa\/whatsapp-image-2023-08-24-at-08-46-41\/\" data-orig-file=\"https:\/\/www.cisa-arica.cl\/wp1\/wp-content\/uploads\/2023\/08\/WhatsApp-Image-2023-08-24-at-08.46.41.jpeg\" data-orig-size=\"1200,1600\" data-comments-opened=\"0\" data-image-meta=\"{&quot;aperture&quot;:&quot;0&quot;,&quot;credit&quot;:&quot;&quot;,&quot;camera&quot;:&quot;&quot;,&quot;caption&quot;:&quot;&quot;,&quot;created_timestamp&quot;:&quot;0&quot;,&quot;copyright&quot;:&quot;&quot;,&quot;focal_length&quot;:&quot;0&quot;,&quot;iso&quot;:&quot;0&quot;,&quot;shutter_speed&quot;:&quot;0&quot;,&quot;title&quot;:&quot;&quot;,&quot;orientation&quot;:&quot;0&quot;}\" data-image-title=\"WhatsApp-Image-2023-08-24-at-08.46.41\" data-image-description=\"\" data-image-caption=\"\" data-large-file=\"https:\/\/www.cisa-arica.cl\/wp1\/wp-content\/uploads\/2023\/08\/WhatsApp-Image-2023-08-24-at-08.46.41-450x600.jpeg\" role=\"button\" tabindex=\"0\" aria-label=\"Abrir la imagen 20 de 25 en pantalla completa\"srcset=\"https:\/\/i0.wp.com\/www.cisa-arica.cl\/wp1\/wp-content\/uploads\/2023\/08\/WhatsApp-Image-2023-08-24-at-08.46.41-450x600.jpeg?strip=info&#038;w=600&#038;ssl=1 600w,https:\/\/i0.wp.com\/www.cisa-arica.cl\/wp1\/wp-content\/uploads\/2023\/08\/WhatsApp-Image-2023-08-24-at-08.46.41-450x600.jpeg?strip=info&#038;w=900&#038;ssl=1 900w,https:\/\/i0.wp.com\/www.cisa-arica.cl\/wp1\/wp-content\/uploads\/2023\/08\/WhatsApp-Image-2023-08-24-at-08.46.41-450x600.jpeg?strip=info&#038;w=1200&#038;ssl=1 1200w\" alt=\"\" data-height=\"1600\" data-id=\"21824\" data-link=\"https:\/\/www.cisa-arica.cl\/wp1\/?attachment_id=21824\" data-url=\"https:\/\/www.cisa-arica.cl\/wp1\/wp-content\/uploads\/2023\/08\/WhatsApp-Image-2023-08-24-at-08.46.41-450x600.jpeg\" data-width=\"1200\" src=\"https:\/\/i0.wp.com\/www.cisa-arica.cl\/wp1\/wp-content\/uploads\/2023\/08\/WhatsApp-Image-2023-08-24-at-08.46.41-450x600.jpeg?ssl=1\" data-amp-layout=\"responsive\"\/><\/figure><\/div><div class=\"tiled-gallery__col\" style=\"flex-basis:25.00000%\"><figure class=\"tiled-gallery__item\"><img decoding=\"async\" data-attachment-id=\"21825\" data-permalink=\"https:\/\/www.cisa-arica.cl\/wp1\/2023\/08\/22\/salida-educ-parvularia-granja-educativa\/whatsapp-image-2023-08-24-at-08-46-41-2\/\" data-orig-file=\"https:\/\/www.cisa-arica.cl\/wp1\/wp-content\/uploads\/2023\/08\/WhatsApp-Image-2023-08-24-at-08.46.41-2.jpeg\" data-orig-size=\"1200,1600\" data-comments-opened=\"0\" data-image-meta=\"{&quot;aperture&quot;:&quot;0&quot;,&quot;credit&quot;:&quot;&quot;,&quot;camera&quot;:&quot;&quot;,&quot;caption&quot;:&quot;&quot;,&quot;created_timestamp&quot;:&quot;0&quot;,&quot;copyright&quot;:&quot;&quot;,&quot;focal_length&quot;:&quot;0&quot;,&quot;iso&quot;:&quot;0&quot;,&quot;shutter_speed&quot;:&quot;0&quot;,&quot;title&quot;:&quot;&quot;,&quot;orientation&quot;:&quot;0&quot;}\" data-image-title=\"WhatsApp-Image-2023-08-24-at-08.46.41-2\" data-image-description=\"\" data-image-caption=\"\" data-large-file=\"https:\/\/www.cisa-arica.cl\/wp1\/wp-content\/uploads\/2023\/08\/WhatsApp-Image-2023-08-24-at-08.46.41-2-450x600.jpeg\" data-attachment-id=\"21825\" data-permalink=\"https:\/\/www.cisa-arica.cl\/wp1\/2023\/08\/22\/salida-educ-parvularia-granja-educativa\/whatsapp-image-2023-08-24-at-08-46-41-2\/\" data-orig-file=\"https:\/\/www.cisa-arica.cl\/wp1\/wp-content\/uploads\/2023\/08\/WhatsApp-Image-2023-08-24-at-08.46.41-2.jpeg\" data-orig-size=\"1200,1600\" data-comments-opened=\"0\" data-image-meta=\"{&quot;aperture&quot;:&quot;0&quot;,&quot;credit&quot;:&quot;&quot;,&quot;camera&quot;:&quot;&quot;,&quot;caption&quot;:&quot;&quot;,&quot;created_timestamp&quot;:&quot;0&quot;,&quot;copyright&quot;:&quot;&quot;,&quot;focal_length&quot;:&quot;0&quot;,&quot;iso&quot;:&quot;0&quot;,&quot;shutter_speed&quot;:&quot;0&quot;,&quot;title&quot;:&quot;&quot;,&quot;orientation&quot;:&quot;0&quot;}\" data-image-title=\"WhatsApp-Image-2023-08-24-at-08.46.41-2\" data-image-description=\"\" data-image-caption=\"\" data-large-file=\"https:\/\/www.cisa-arica.cl\/wp1\/wp-content\/uploads\/2023\/08\/WhatsApp-Image-2023-08-24-at-08.46.41-2-450x600.jpeg\" role=\"button\" tabindex=\"0\" aria-label=\"Abrir la imagen 21 de 25 en pantalla completa\"srcset=\"https:\/\/i1.wp.com\/www.cisa-arica.cl\/wp1\/wp-content\/uploads\/2023\/08\/WhatsApp-Image-2023-08-24-at-08.46.41-2-450x600.jpeg?strip=info&#038;w=600&#038;ssl=1 600w,https:\/\/i1.wp.com\/www.cisa-arica.cl\/wp1\/wp-content\/uploads\/2023\/08\/WhatsApp-Image-2023-08-24-at-08.46.41-2-450x600.jpeg?strip=info&#038;w=900&#038;ssl=1 900w,https:\/\/i1.wp.com\/www.cisa-arica.cl\/wp1\/wp-content\/uploads\/2023\/08\/WhatsApp-Image-2023-08-24-at-08.46.41-2-450x600.jpeg?strip=info&#038;w=1200&#038;ssl=1 1200w\" alt=\"\" data-height=\"1600\" data-id=\"21825\" data-link=\"https:\/\/www.cisa-arica.cl\/wp1\/?attachment_id=21825\" data-url=\"https:\/\/www.cisa-arica.cl\/wp1\/wp-content\/uploads\/2023\/08\/WhatsApp-Image-2023-08-24-at-08.46.41-2-450x600.jpeg\" data-width=\"1200\" src=\"https:\/\/i1.wp.com\/www.cisa-arica.cl\/wp1\/wp-content\/uploads\/2023\/08\/WhatsApp-Image-2023-08-24-at-08.46.41-2-450x600.jpeg?ssl=1\" data-amp-layout=\"responsive\"\/><\/figure><\/div><div class=\"tiled-gallery__col\" style=\"flex-basis:25.00000%\"><figure class=\"tiled-gallery__item\"><img decoding=\"async\" data-attachment-id=\"21826\" data-permalink=\"https:\/\/www.cisa-arica.cl\/wp1\/2023\/08\/22\/salida-educ-parvularia-granja-educativa\/whatsapp-image-2023-08-24-at-08-46-41-1\/\" data-orig-file=\"https:\/\/www.cisa-arica.cl\/wp1\/wp-content\/uploads\/2023\/08\/WhatsApp-Image-2023-08-24-at-08.46.41-1.jpeg\" data-orig-size=\"1200,1600\" data-comments-opened=\"0\" data-image-meta=\"{&quot;aperture&quot;:&quot;0&quot;,&quot;credit&quot;:&quot;&quot;,&quot;camera&quot;:&quot;&quot;,&quot;caption&quot;:&quot;&quot;,&quot;created_timestamp&quot;:&quot;0&quot;,&quot;copyright&quot;:&quot;&quot;,&quot;focal_length&quot;:&quot;0&quot;,&quot;iso&quot;:&quot;0&quot;,&quot;shutter_speed&quot;:&quot;0&quot;,&quot;title&quot;:&quot;&quot;,&quot;orientation&quot;:&quot;0&quot;}\" data-image-title=\"WhatsApp-Image-2023-08-24-at-08.46.41-1\" data-image-description=\"\" data-image-caption=\"\" data-large-file=\"https:\/\/www.cisa-arica.cl\/wp1\/wp-content\/uploads\/2023\/08\/WhatsApp-Image-2023-08-24-at-08.46.41-1-450x600.jpeg\" data-attachment-id=\"21826\" data-permalink=\"https:\/\/www.cisa-arica.cl\/wp1\/2023\/08\/22\/salida-educ-parvularia-granja-educativa\/whatsapp-image-2023-08-24-at-08-46-41-1\/\" data-orig-file=\"https:\/\/www.cisa-arica.cl\/wp1\/wp-content\/uploads\/2023\/08\/WhatsApp-Image-2023-08-24-at-08.46.41-1.jpeg\" data-orig-size=\"1200,1600\" data-comments-opened=\"0\" data-image-meta=\"{&quot;aperture&quot;:&quot;0&quot;,&quot;credit&quot;:&quot;&quot;,&quot;camera&quot;:&quot;&quot;,&quot;caption&quot;:&quot;&quot;,&quot;created_timestamp&quot;:&quot;0&quot;,&quot;copyright&quot;:&quot;&quot;,&quot;focal_length&quot;:&quot;0&quot;,&quot;iso&quot;:&quot;0&quot;,&quot;shutter_speed&quot;:&quot;0&quot;,&quot;title&quot;:&quot;&quot;,&quot;orientation&quot;:&quot;0&quot;}\" data-image-title=\"WhatsApp-Image-2023-08-24-at-08.46.41-1\" data-image-description=\"\" data-image-caption=\"\" data-large-file=\"https:\/\/www.cisa-arica.cl\/wp1\/wp-content\/uploads\/2023\/08\/WhatsApp-Image-2023-08-24-at-08.46.41-1-450x600.jpeg\" role=\"button\" tabindex=\"0\" aria-label=\"Abrir la imagen 22 de 25 en pantalla completa\"srcset=\"https:\/\/i1.wp.com\/www.cisa-arica.cl\/wp1\/wp-content\/uploads\/2023\/08\/WhatsApp-Image-2023-08-24-at-08.46.41-1-450x600.jpeg?strip=info&#038;w=600&#038;ssl=1 600w,https:\/\/i1.wp.com\/www.cisa-arica.cl\/wp1\/wp-content\/uploads\/2023\/08\/WhatsApp-Image-2023-08-24-at-08.46.41-1-450x600.jpeg?strip=info&#038;w=900&#038;ssl=1 900w,https:\/\/i1.wp.com\/www.cisa-arica.cl\/wp1\/wp-content\/uploads\/2023\/08\/WhatsApp-Image-2023-08-24-at-08.46.41-1-450x600.jpeg?strip=info&#038;w=1200&#038;ssl=1 1200w\" alt=\"\" data-height=\"1600\" data-id=\"21826\" data-link=\"https:\/\/www.cisa-arica.cl\/wp1\/?attachment_id=21826\" data-url=\"https:\/\/www.cisa-arica.cl\/wp1\/wp-content\/uploads\/2023\/08\/WhatsApp-Image-2023-08-24-at-08.46.41-1-450x600.jpeg\" data-width=\"1200\" src=\"https:\/\/i1.wp.com\/www.cisa-arica.cl\/wp1\/wp-content\/uploads\/2023\/08\/WhatsApp-Image-2023-08-24-at-08.46.41-1-450x600.jpeg?ssl=1\" data-amp-layout=\"responsive\"\/><\/figure><\/div><div class=\"tiled-gallery__col\" style=\"flex-basis:25.00000%\"><figure class=\"tiled-gallery__item\"><img decoding=\"async\" data-attachment-id=\"21827\" data-permalink=\"https:\/\/www.cisa-arica.cl\/wp1\/2023\/08\/22\/salida-educ-parvularia-granja-educativa\/whatsapp-image-2023-08-24-at-08-46-40\/\" data-orig-file=\"https:\/\/www.cisa-arica.cl\/wp1\/wp-content\/uploads\/2023\/08\/WhatsApp-Image-2023-08-24-at-08.46.40.jpeg\" data-orig-size=\"1200,1600\" data-comments-opened=\"0\" data-image-meta=\"{&quot;aperture&quot;:&quot;0&quot;,&quot;credit&quot;:&quot;&quot;,&quot;camera&quot;:&quot;&quot;,&quot;caption&quot;:&quot;&quot;,&quot;created_timestamp&quot;:&quot;0&quot;,&quot;copyright&quot;:&quot;&quot;,&quot;focal_length&quot;:&quot;0&quot;,&quot;iso&quot;:&quot;0&quot;,&quot;shutter_speed&quot;:&quot;0&quot;,&quot;title&quot;:&quot;&quot;,&quot;orientation&quot;:&quot;0&quot;}\" data-image-title=\"WhatsApp-Image-2023-08-24-at-08.46.40\" data-image-description=\"\" data-image-caption=\"\" data-large-file=\"https:\/\/www.cisa-arica.cl\/wp1\/wp-content\/uploads\/2023\/08\/WhatsApp-Image-2023-08-24-at-08.46.40-450x600.jpeg\" data-attachment-id=\"21827\" data-permalink=\"https:\/\/www.cisa-arica.cl\/wp1\/2023\/08\/22\/salida-educ-parvularia-granja-educativa\/whatsapp-image-2023-08-24-at-08-46-40\/\" data-orig-file=\"https:\/\/www.cisa-arica.cl\/wp1\/wp-content\/uploads\/2023\/08\/WhatsApp-Image-2023-08-24-at-08.46.40.jpeg\" data-orig-size=\"1200,1600\" data-comments-opened=\"0\" data-image-meta=\"{&quot;aperture&quot;:&quot;0&quot;,&quot;credit&quot;:&quot;&quot;,&quot;camera&quot;:&quot;&quot;,&quot;caption&quot;:&quot;&quot;,&quot;created_timestamp&quot;:&quot;0&quot;,&quot;copyright&quot;:&quot;&quot;,&quot;focal_length&quot;:&quot;0&quot;,&quot;iso&quot;:&quot;0&quot;,&quot;shutter_speed&quot;:&quot;0&quot;,&quot;title&quot;:&quot;&quot;,&quot;orientation&quot;:&quot;0&quot;}\" data-image-title=\"WhatsApp-Image-2023-08-24-at-08.46.40\" data-image-description=\"\" data-image-caption=\"\" data-large-file=\"https:\/\/www.cisa-arica.cl\/wp1\/wp-content\/uploads\/2023\/08\/WhatsApp-Image-2023-08-24-at-08.46.40-450x600.jpeg\" role=\"button\" tabindex=\"0\" aria-label=\"Abrir la imagen 23 de 25 en pantalla completa\"srcset=\"https:\/\/i2.wp.com\/www.cisa-arica.cl\/wp1\/wp-content\/uploads\/2023\/08\/WhatsApp-Image-2023-08-24-at-08.46.40-450x600.jpeg?strip=info&#038;w=600&#038;ssl=1 600w,https:\/\/i2.wp.com\/www.cisa-arica.cl\/wp1\/wp-content\/uploads\/2023\/08\/WhatsApp-Image-2023-08-24-at-08.46.40-450x600.jpeg?strip=info&#038;w=900&#038;ssl=1 900w,https:\/\/i2.wp.com\/www.cisa-arica.cl\/wp1\/wp-content\/uploads\/2023\/08\/WhatsApp-Image-2023-08-24-at-08.46.40-450x600.jpeg?strip=info&#038;w=1200&#038;ssl=1 1200w\" alt=\"\" data-height=\"1600\" data-id=\"21827\" data-link=\"https:\/\/www.cisa-arica.cl\/wp1\/?attachment_id=21827\" data-url=\"https:\/\/www.cisa-arica.cl\/wp1\/wp-content\/uploads\/2023\/08\/WhatsApp-Image-2023-08-24-at-08.46.40-450x600.jpeg\" data-width=\"1200\" src=\"https:\/\/i2.wp.com\/www.cisa-arica.cl\/wp1\/wp-content\/uploads\/2023\/08\/WhatsApp-Image-2023-08-24-at-08.46.40-450x600.jpeg?ssl=1\" data-amp-layout=\"responsive\"\/><\/figure><\/div><\/div><div class=\"tiled-gallery__row\"><div class=\"tiled-gallery__col\" style=\"flex-basis:50.00000%\"><figure class=\"tiled-gallery__item\"><img decoding=\"async\" data-attachment-id=\"21828\" data-permalink=\"https:\/\/www.cisa-arica.cl\/wp1\/2023\/08\/22\/salida-educ-parvularia-granja-educativa\/whatsapp-image-2023-08-24-at-08-46-40-1\/\" data-orig-file=\"https:\/\/www.cisa-arica.cl\/wp1\/wp-content\/uploads\/2023\/08\/WhatsApp-Image-2023-08-24-at-08.46.40-1.jpeg\" data-orig-size=\"1200,1600\" data-comments-opened=\"0\" data-image-meta=\"{&quot;aperture&quot;:&quot;0&quot;,&quot;credit&quot;:&quot;&quot;,&quot;camera&quot;:&quot;&quot;,&quot;caption&quot;:&quot;&quot;,&quot;created_timestamp&quot;:&quot;0&quot;,&quot;copyright&quot;:&quot;&quot;,&quot;focal_length&quot;:&quot;0&quot;,&quot;iso&quot;:&quot;0&quot;,&quot;shutter_speed&quot;:&quot;0&quot;,&quot;title&quot;:&quot;&quot;,&quot;orientation&quot;:&quot;0&quot;}\" data-image-title=\"WhatsApp-Image-2023-08-24-at-08.46.40-1\" data-image-description=\"\" data-image-caption=\"\" data-large-file=\"https:\/\/www.cisa-arica.cl\/wp1\/wp-content\/uploads\/2023\/08\/WhatsApp-Image-2023-08-24-at-08.46.40-1-450x600.jpeg\" data-attachment-id=\"21828\" data-permalink=\"https:\/\/www.cisa-arica.cl\/wp1\/2023\/08\/22\/salida-educ-parvularia-granja-educativa\/whatsapp-image-2023-08-24-at-08-46-40-1\/\" data-orig-file=\"https:\/\/www.cisa-arica.cl\/wp1\/wp-content\/uploads\/2023\/08\/WhatsApp-Image-2023-08-24-at-08.46.40-1.jpeg\" data-orig-size=\"1200,1600\" data-comments-opened=\"0\" data-image-meta=\"{&quot;aperture&quot;:&quot;0&quot;,&quot;credit&quot;:&quot;&quot;,&quot;camera&quot;:&quot;&quot;,&quot;caption&quot;:&quot;&quot;,&quot;created_timestamp&quot;:&quot;0&quot;,&quot;copyright&quot;:&quot;&quot;,&quot;focal_length&quot;:&quot;0&quot;,&quot;iso&quot;:&quot;0&quot;,&quot;shutter_speed&quot;:&quot;0&quot;,&quot;title&quot;:&quot;&quot;,&quot;orientation&quot;:&quot;0&quot;}\" data-image-title=\"WhatsApp-Image-2023-08-24-at-08.46.40-1\" data-image-description=\"\" data-image-caption=\"\" data-large-file=\"https:\/\/www.cisa-arica.cl\/wp1\/wp-content\/uploads\/2023\/08\/WhatsApp-Image-2023-08-24-at-08.46.40-1-450x600.jpeg\" role=\"button\" tabindex=\"0\" aria-label=\"Abrir la imagen 24 de 25 en pantalla completa\"srcset=\"https:\/\/i2.wp.com\/www.cisa-arica.cl\/wp1\/wp-content\/uploads\/2023\/08\/WhatsApp-Image-2023-08-24-at-08.46.40-1-450x600.jpeg?strip=info&#038;w=600&#038;ssl=1 600w,https:\/\/i2.wp.com\/www.cisa-arica.cl\/wp1\/wp-content\/uploads\/2023\/08\/WhatsApp-Image-2023-08-24-at-08.46.40-1-450x600.jpeg?strip=info&#038;w=900&#038;ssl=1 900w,https:\/\/i2.wp.com\/www.cisa-arica.cl\/wp1\/wp-content\/uploads\/2023\/08\/WhatsApp-Image-2023-08-24-at-08.46.40-1-450x600.jpeg?strip=info&#038;w=1200&#038;ssl=1 1200w\" alt=\"\" data-height=\"1600\" data-id=\"21828\" data-link=\"https:\/\/www.cisa-arica.cl\/wp1\/?attachment_id=21828\" data-url=\"https:\/\/www.cisa-arica.cl\/wp1\/wp-content\/uploads\/2023\/08\/WhatsApp-Image-2023-08-24-at-08.46.40-1-450x600.jpeg\" data-width=\"1200\" src=\"https:\/\/i2.wp.com\/www.cisa-arica.cl\/wp1\/wp-content\/uploads\/2023\/08\/WhatsApp-Image-2023-08-24-at-08.46.40-1-450x600.jpeg?ssl=1\" data-amp-layout=\"responsive\"\/><\/figure><\/div><div class=\"tiled-gallery__col\" style=\"flex-basis:50.00000%\"><figure class=\"tiled-gallery__item\"><img decoding=\"async\" data-attachment-id=\"21829\" data-permalink=\"https:\/\/www.cisa-arica.cl\/wp1\/2023\/08\/22\/salida-educ-parvularia-granja-educativa\/whatsapp-image-2023-08-24-at-08-46-39\/\" data-orig-file=\"https:\/\/www.cisa-arica.cl\/wp1\/wp-content\/uploads\/2023\/08\/WhatsApp-Image-2023-08-24-at-08.46.39.jpeg\" data-orig-size=\"1200,1600\" data-comments-opened=\"0\" data-image-meta=\"{&quot;aperture&quot;:&quot;0&quot;,&quot;credit&quot;:&quot;&quot;,&quot;camera&quot;:&quot;&quot;,&quot;caption&quot;:&quot;&quot;,&quot;created_timestamp&quot;:&quot;0&quot;,&quot;copyright&quot;:&quot;&quot;,&quot;focal_length&quot;:&quot;0&quot;,&quot;iso&quot;:&quot;0&quot;,&quot;shutter_speed&quot;:&quot;0&quot;,&quot;title&quot;:&quot;&quot;,&quot;orientation&quot;:&quot;0&quot;}\" data-image-title=\"WhatsApp-Image-2023-08-24-at-08.46.39\" data-image-description=\"\" data-image-caption=\"\" data-large-file=\"https:\/\/www.cisa-arica.cl\/wp1\/wp-content\/uploads\/2023\/08\/WhatsApp-Image-2023-08-24-at-08.46.39-450x600.jpeg\" data-attachment-id=\"21829\" data-permalink=\"https:\/\/www.cisa-arica.cl\/wp1\/2023\/08\/22\/salida-educ-parvularia-granja-educativa\/whatsapp-image-2023-08-24-at-08-46-39\/\" data-orig-file=\"https:\/\/www.cisa-arica.cl\/wp1\/wp-content\/uploads\/2023\/08\/WhatsApp-Image-2023-08-24-at-08.46.39.jpeg\" data-orig-size=\"1200,1600\" data-comments-opened=\"0\" data-image-meta=\"{&quot;aperture&quot;:&quot;0&quot;,&quot;credit&quot;:&quot;&quot;,&quot;camera&quot;:&quot;&quot;,&quot;caption&quot;:&quot;&quot;,&quot;created_timestamp&quot;:&quot;0&quot;,&quot;copyright&quot;:&quot;&quot;,&quot;focal_length&quot;:&quot;0&quot;,&quot;iso&quot;:&quot;0&quot;,&quot;shutter_speed&quot;:&quot;0&quot;,&quot;title&quot;:&quot;&quot;,&quot;orientation&quot;:&quot;0&quot;}\" data-image-title=\"WhatsApp-Image-2023-08-24-at-08.46.39\" data-image-description=\"\" data-image-caption=\"\" data-large-file=\"https:\/\/www.cisa-arica.cl\/wp1\/wp-content\/uploads\/2023\/08\/WhatsApp-Image-2023-08-24-at-08.46.39-450x600.jpeg\" role=\"button\" tabindex=\"0\" aria-label=\"Abrir la imagen 25 de 25 en pantalla completa\"srcset=\"https:\/\/i0.wp.com\/www.cisa-arica.cl\/wp1\/wp-content\/uploads\/2023\/08\/WhatsApp-Image-2023-08-24-at-08.46.39-450x600.jpeg?strip=info&#038;w=600&#038;ssl=1 600w,https:\/\/i0.wp.com\/www.cisa-arica.cl\/wp1\/wp-content\/uploads\/2023\/08\/WhatsApp-Image-2023-08-24-at-08.46.39-450x600.jpeg?strip=info&#038;w=900&#038;ssl=1 900w,https:\/\/i0.wp.com\/www.cisa-arica.cl\/wp1\/wp-content\/uploads\/2023\/08\/WhatsApp-Image-2023-08-24-at-08.46.39-450x600.jpeg?strip=info&#038;w=1200&#038;ssl=1 1200w\" alt=\"\" data-height=\"1600\" data-id=\"21829\" data-link=\"https:\/\/www.cisa-arica.cl\/wp1\/?attachment_id=21829\" data-url=\"https:\/\/www.cisa-arica.cl\/wp1\/wp-content\/uploads\/2023\/08\/WhatsApp-Image-2023-08-24-at-08.46.39-450x600.jpeg\" data-width=\"1200\" src=\"https:\/\/i0.wp.com\/www.cisa-arica.cl\/wp1\/wp-content\/uploads\/2023\/08\/WhatsApp-Image-2023-08-24-at-08.46.39-450x600.jpeg?ssl=1\" data-amp-layout=\"responsive\"\/><\/figure><\/div><\/div><\/div><\/div>\n","protected":false},"excerpt":{"rendered":"<p>Una entretenida salida pedag\u00f3gica tuvieron las estudiantes de Educaci\u00f3n Parvularia a Granja Educativa ubicada en el Valle de Lluta. En la ocasi\u00f3n las ni\u00f1as pudieron conocer diversos animales de la zona y disfrutar del paisaje.<\/p>\n","protected":false},"author":5,"featured_media":21810,"comment_status":"closed","ping_status":"open","sticky":false,"template":"","format":"standard","meta":{"_jetpack_memberships_contains_paid_content":false,"footnotes":"","jetpack_publicize_message":"","jetpack_publicize_feature_enabled":true,"jetpack_social_post_already_shared":true,"jetpack_social_options":{"image_generator_settings":{"template":"highway","default_image_id":0,"font":"","enabled":false},"version":2}},"categories":[5],"tags":[],"class_list":["post-21803","post","type-post","status-publish","format-standard","has-post-thumbnail","hentry","category-uncategorized"],"jetpack_publicize_connections":[],"jetpack_featured_media_url":"https:\/\/www.cisa-arica.cl\/wp1\/wp-content\/uploads\/2023\/08\/WhatsApp-Image-2023-08-24-at-15.39.26-2.jpeg","jetpack_sharing_enabled":true,"jetpack_shortlink":"https:\/\/wp.me\/p84wcz-5FF","jetpack-related-posts":[{"id":7291,"url":"https:\/\/www.cisa-arica.cl\/wp1\/2019\/05\/31\/visita-de-alumnas-de-ed-parvularia-a-granja-interactiva\/","url_meta":{"origin":21803,"position":0},"title":"Visita de alumnas de Ed. Parvularia a Granja Interactiva","author":"Jeannette Rivera","date":"31 de Mayo de 2019","format":false,"excerpt":"Hoy viernes 31 de mayo nuestras alumnas m\u00e1s peque\u00f1itas, de pre kinder y kinder, disfrutaron de una educativa salida a terreno a la Granja Interactiva Zoopark, ubicada en el Valle de Lluta.","rel":"","context":"En &quot;galeria&quot;","block_context":{"text":"galeria","link":"https:\/\/www.cisa-arica.cl\/wp1\/category\/galeria\/"},"img":{"alt_text":"","src":"https:\/\/i0.wp.com\/www.cisa-arica.cl\/wp1\/wp-content\/uploads\/2019\/05\/000-20.jpeg?resize=350%2C200&ssl=1","width":350,"height":200,"srcset":"https:\/\/i0.wp.com\/www.cisa-arica.cl\/wp1\/wp-content\/uploads\/2019\/05\/000-20.jpeg?resize=350%2C200&ssl=1 1x, https:\/\/i0.wp.com\/www.cisa-arica.cl\/wp1\/wp-content\/uploads\/2019\/05\/000-20.jpeg?resize=525%2C300&ssl=1 1.5x, https:\/\/i0.wp.com\/www.cisa-arica.cl\/wp1\/wp-content\/uploads\/2019\/05\/000-20.jpeg?resize=700%2C400&ssl=1 2x"},"classes":[]},{"id":19453,"url":"https:\/\/www.cisa-arica.cl\/wp1\/2023\/03\/21\/experiencias-educativa-educ-parvularia\/","url_meta":{"origin":21803,"position":1},"title":"Experiencias Educativas Educ. Parvularia","author":"Jeannette Rivera","date":"21 de Marzo de 2023","format":false,"excerpt":"Las primeras experiencias educativas han tenido nuestras peque\u00f1as estudiante de Educaci\u00f3n Parvularia en donde han podido desarrollar una serie de actividades planificadas por sus , con el objetivo que puedan vivenciar su propio aprendizaje mediante el juego y sus \u00f3rganos sensoriales.","rel":"","context":"Entrada similar ","block_context":{"text":"Entrada similar ","link":""},"img":{"alt_text":"","src":"https:\/\/i0.wp.com\/www.cisa-arica.cl\/wp1\/wp-content\/uploads\/2023\/03\/96D7FD0A-AC71-4677-97D6-BC1A119D9378.jpeg?resize=350%2C200&ssl=1","width":350,"height":200,"srcset":"https:\/\/i0.wp.com\/www.cisa-arica.cl\/wp1\/wp-content\/uploads\/2023\/03\/96D7FD0A-AC71-4677-97D6-BC1A119D9378.jpeg?resize=350%2C200&ssl=1 1x, https:\/\/i0.wp.com\/www.cisa-arica.cl\/wp1\/wp-content\/uploads\/2023\/03\/96D7FD0A-AC71-4677-97D6-BC1A119D9378.jpeg?resize=525%2C300&ssl=1 1.5x, https:\/\/i0.wp.com\/www.cisa-arica.cl\/wp1\/wp-content\/uploads\/2023\/03\/96D7FD0A-AC71-4677-97D6-BC1A119D9378.jpeg?resize=700%2C400&ssl=1 2x, https:\/\/i0.wp.com\/www.cisa-arica.cl\/wp1\/wp-content\/uploads\/2023\/03\/96D7FD0A-AC71-4677-97D6-BC1A119D9378.jpeg?resize=1050%2C600&ssl=1 3x"},"classes":[]},{"id":13128,"url":"https:\/\/www.cisa-arica.cl\/wp1\/2021\/09\/17\/educacion-parvularia-juegos-tipicos-chilenos\/","url_meta":{"origin":21803,"position":2},"title":"Educaci\u00f3n Parvularia &#8211; Juegos t\u00edpicos chilenos","author":"Jeannette Rivera","date":"17 de Septiembre de 2021","format":false,"excerpt":"Estimada Comunidad Educativa: Hoy Viernes 17 de septiembre queremos comenzar este fin de semana de Fiestas Patrias con todo el \u00e1nimo de nuestras educadoras y t\u00e9cnicos de aula de Educaci\u00f3n Parvularia, quienes prepararon esta c\u00e1psula dieciochera con distintos juegos t\u00edpicos del pa\u00eds. Equipo Educaci\u00f3n Parvularia \u00a0","rel":"","context":"En &quot;CISA&quot;","block_context":{"text":"CISA","link":"https:\/\/www.cisa-arica.cl\/wp1\/category\/cisa\/"},"img":{"alt_text":"","src":"https:\/\/i0.wp.com\/www.cisa-arica.cl\/wp1\/wp-content\/uploads\/2021\/09\/18.png?resize=350%2C200&ssl=1","width":350,"height":200},"classes":[]},{"id":16411,"url":"https:\/\/www.cisa-arica.cl\/wp1\/2022\/06\/10\/medidas-para-salida-de-estudiantes-desde-educ-parvularia-a-6tos-anos\/","url_meta":{"origin":21803,"position":3},"title":"Medidas para Salida de Estudiantes desde Educ. Parvularia a 6tos a\u00f1os","author":"Jeannette Rivera","date":"10 de Junio de 2022","format":false,"excerpt":"Padres y apoderados: Se informa que por seguridad, es que a partir de hoy viernes 10 de junio la salida de las estudiantes desde Educaci\u00f3n Parvularia hasta Sexto a\u00f1o B\u00e1sico se realizar\u00e1\u00a0 sin el ingreso al establecimiento de los apoderados. Las estudiantes estar\u00e1n\u00a0en filas en el patio\u00a0 junto al profesor\u2026","rel":"","context":"Entrada similar ","block_context":{"text":"Entrada similar ","link":""},"img":{"alt_text":"","src":"","width":0,"height":0},"classes":[]},{"id":13062,"url":"https:\/\/www.cisa-arica.cl\/wp1\/2021\/09\/03\/actividades-en-clases-presenciales-educacion-parvularia\/","url_meta":{"origin":21803,"position":4},"title":"Actividades en clases presenciales Educaci\u00f3n Parvularia","author":"Jeannette Rivera","date":"3 de Septiembre de 2021","format":false,"excerpt":"Estimada Comunidad Educativa: Desde el equipo de Educaci\u00f3n Parvularia queremos compartir algunas de las actividades realizadas con las estudiantes de Prekinder y Kinder que han asistido en forma presencial. Iniciando la jornada con la bienvenida en el patio, hasta las clases y actividades pr\u00e1cticas en sala, nuestras m\u00e1s peque\u00f1itas se\u2026","rel":"","context":"En &quot;CISA&quot;","block_context":{"text":"CISA","link":"https:\/\/www.cisa-arica.cl\/wp1\/category\/cisa\/"},"img":{"alt_text":"","src":"https:\/\/i0.wp.com\/www.cisa-arica.cl\/wp1\/wp-content\/uploads\/2021\/09\/WhatsApp-Image-2021-09-03-at-15.06.531-e1630697926232.jpeg?resize=350%2C200&ssl=1","width":350,"height":200},"classes":[]},{"id":15399,"url":"https:\/\/www.cisa-arica.cl\/wp1\/2022\/04\/26\/dia-del-libro-2022-educacion-parvularia\/","url_meta":{"origin":21803,"position":5},"title":"D\u00eda del Libro 2022: Educaci\u00f3n Parvularia","author":"Jeannette Rivera","date":"26 de Abril de 2022","format":false,"excerpt":"Estimada Comunidad Educativa: Ayer Lunes 25 de abril nuestras estudiantes de Educaci\u00f3n Parvularia vivieron la Fiesta del Libro 2022, dentro del contexto del D\u00eda del Libro y el Derecho de Autor. Las m\u00e1s peque\u00f1itas participaron de un cuentacuentos en nuestro CRA del Establecimiento, actividad que finaliz\u00f3 con un entretenido desfile\u2026","rel":"","context":"En &quot;galeria&quot;","block_context":{"text":"galeria","link":"https:\/\/www.cisa-arica.cl\/wp1\/category\/galeria\/"},"img":{"alt_text":"","src":"https:\/\/i0.wp.com\/www.cisa-arica.cl\/wp1\/wp-content\/uploads\/2022\/04\/008-3.jpg?resize=350%2C200&ssl=1","width":350,"height":200,"srcset":"https:\/\/i0.wp.com\/www.cisa-arica.cl\/wp1\/wp-content\/uploads\/2022\/04\/008-3.jpg?resize=350%2C200&ssl=1 1x, https:\/\/i0.wp.com\/www.cisa-arica.cl\/wp1\/wp-content\/uploads\/2022\/04\/008-3.jpg?resize=525%2C300&ssl=1 1.5x, https:\/\/i0.wp.com\/www.cisa-arica.cl\/wp1\/wp-content\/uploads\/2022\/04\/008-3.jpg?resize=700%2C400&ssl=1 2x, https:\/\/i0.wp.com\/www.cisa-arica.cl\/wp1\/wp-content\/uploads\/2022\/04\/008-3.jpg?resize=1050%2C600&ssl=1 3x, https:\/\/i0.wp.com\/www.cisa-arica.cl\/wp1\/wp-content\/uploads\/2022\/04\/008-3.jpg?resize=1400%2C800&ssl=1 4x"},"classes":[]}],"_links":{"self":[{"href":"https:\/\/www.cisa-arica.cl\/wp1\/wp-json\/wp\/v2\/posts\/21803","targetHints":{"allow":["GET"]}}],"collection":[{"href":"https:\/\/www.cisa-arica.cl\/wp1\/wp-json\/wp\/v2\/posts"}],"about":[{"href":"https:\/\/www.cisa-arica.cl\/wp1\/wp-json\/wp\/v2\/types\/post"}],"author":[{"embeddable":true,"href":"https:\/\/www.cisa-arica.cl\/wp1\/wp-json\/wp\/v2\/users\/5"}],"replies":[{"embeddable":true,"href":"https:\/\/www.cisa-arica.cl\/wp1\/wp-json\/wp\/v2\/comments?post=21803"}],"version-history":[{"count":2,"href":"https:\/\/www.cisa-arica.cl\/wp1\/wp-json\/wp\/v2\/posts\/21803\/revisions"}],"predecessor-version":[{"id":21830,"href":"https:\/\/www.cisa-arica.cl\/wp1\/wp-json\/wp\/v2\/posts\/21803\/revisions\/21830"}],"wp:featuredmedia":[{"embeddable":true,"href":"https:\/\/www.cisa-arica.cl\/wp1\/wp-json\/wp\/v2\/media\/21810"}],"wp:attachment":[{"href":"https:\/\/www.cisa-arica.cl\/wp1\/wp-json\/wp\/v2\/media?parent=21803"}],"wp:term":[{"taxonomy":"category","embeddable":true,"href":"https:\/\/www.cisa-arica.cl\/wp1\/wp-json\/wp\/v2\/categories?post=21803"},{"taxonomy":"post_tag","embeddable":true,"href":"https:\/\/www.cisa-arica.cl\/wp1\/wp-json\/wp\/v2\/tags?post=21803"}],"curies":[{"name":"wp","href":"https:\/\/api.w.org\/{rel}","templated":true}]}}