{"id":21776,"date":"2023-08-21T11:22:38","date_gmt":"2023-08-21T15:22:38","guid":{"rendered":"https:\/\/www.cisa-arica.cl\/wp1\/?p=21776"},"modified":"2023-08-25T12:03:53","modified_gmt":"2023-08-25T16:03:53","slug":"salida-a-terreno-de-los-terceros-medios","status":"publish","type":"post","link":"https:\/\/www.cisa-arica.cl\/wp1\/2023\/08\/21\/salida-a-terreno-de-los-terceros-medios\/","title":{"rendered":"Salida a Terreno de los Terceros Medios"},"content":{"rendered":"<div>Las estudiantes de 3\u00ba medio realizaron una\u00a0 salida a terreno a la Playa Chinchorro por la asignatura de Ciencias para la Ciudadan\u00eda, con la finalidad de hacer una limpieza de este hermoso lugar tur\u00edstico.<\/div>\n<div>Unidad de trabajo: <strong>Medio Ambiente y Sostenibilidad<\/strong><\/div>\n<div>Objetivo: <strong>Limpiar un sector de la playa y recolectar los desechos, clasific\u00e1ndolos\u00a0seg\u00fan su origen y d\u00e1ndole un nuevo uso a los materiales reutilizables.<\/strong><\/div>\n\n\n<div class=\"wp-block-jetpack-tiled-gallery aligncenter is-style-rectangular\"><div class=\"tiled-gallery__gallery\"><div class=\"tiled-gallery__row\"><div class=\"tiled-gallery__col\" style=\"flex-basis:66.74547%\"><figure class=\"tiled-gallery__item\"><img decoding=\"async\" data-attachment-id=\"21779\" data-permalink=\"https:\/\/www.cisa-arica.cl\/wp1\/2023\/08\/21\/salida-a-terreno-de-los-terceros-medios\/photo-2023-08-18-08-11-15\/\" data-orig-file=\"https:\/\/www.cisa-arica.cl\/wp1\/wp-content\/uploads\/2023\/08\/PHOTO-2023-08-18-08-11-15.jpg\" data-orig-size=\"1600,1200\" data-comments-opened=\"0\" data-image-meta=\"{&quot;aperture&quot;:&quot;0&quot;,&quot;credit&quot;:&quot;&quot;,&quot;camera&quot;:&quot;&quot;,&quot;caption&quot;:&quot;&quot;,&quot;created_timestamp&quot;:&quot;0&quot;,&quot;copyright&quot;:&quot;&quot;,&quot;focal_length&quot;:&quot;0&quot;,&quot;iso&quot;:&quot;0&quot;,&quot;shutter_speed&quot;:&quot;0&quot;,&quot;title&quot;:&quot;&quot;,&quot;orientation&quot;:&quot;0&quot;}\" data-image-title=\"PHOTO-2023-08-18-08-11-15\" data-image-description=\"\" data-image-caption=\"\" data-large-file=\"https:\/\/www.cisa-arica.cl\/wp1\/wp-content\/uploads\/2023\/08\/PHOTO-2023-08-18-08-11-15-600x450.jpg\" data-attachment-id=\"21779\" data-permalink=\"https:\/\/www.cisa-arica.cl\/wp1\/2023\/08\/21\/salida-a-terreno-de-los-terceros-medios\/photo-2023-08-18-08-11-15\/\" data-orig-file=\"https:\/\/www.cisa-arica.cl\/wp1\/wp-content\/uploads\/2023\/08\/PHOTO-2023-08-18-08-11-15.jpg\" data-orig-size=\"1600,1200\" data-comments-opened=\"0\" data-image-meta=\"{&quot;aperture&quot;:&quot;0&quot;,&quot;credit&quot;:&quot;&quot;,&quot;camera&quot;:&quot;&quot;,&quot;caption&quot;:&quot;&quot;,&quot;created_timestamp&quot;:&quot;0&quot;,&quot;copyright&quot;:&quot;&quot;,&quot;focal_length&quot;:&quot;0&quot;,&quot;iso&quot;:&quot;0&quot;,&quot;shutter_speed&quot;:&quot;0&quot;,&quot;title&quot;:&quot;&quot;,&quot;orientation&quot;:&quot;0&quot;}\" data-image-title=\"PHOTO-2023-08-18-08-11-15\" data-image-description=\"\" data-image-caption=\"\" data-large-file=\"https:\/\/www.cisa-arica.cl\/wp1\/wp-content\/uploads\/2023\/08\/PHOTO-2023-08-18-08-11-15-600x450.jpg\" role=\"button\" tabindex=\"0\" aria-label=\"Abrir la imagen 1 de 23 en pantalla completa\"srcset=\"https:\/\/i1.wp.com\/www.cisa-arica.cl\/wp1\/wp-content\/uploads\/2023\/08\/PHOTO-2023-08-18-08-11-15-600x450.jpg?strip=info&#038;w=600&#038;ssl=1 600w,https:\/\/i1.wp.com\/www.cisa-arica.cl\/wp1\/wp-content\/uploads\/2023\/08\/PHOTO-2023-08-18-08-11-15-600x450.jpg?strip=info&#038;w=900&#038;ssl=1 900w,https:\/\/i1.wp.com\/www.cisa-arica.cl\/wp1\/wp-content\/uploads\/2023\/08\/PHOTO-2023-08-18-08-11-15-600x450.jpg?strip=info&#038;w=1200&#038;ssl=1 1200w,https:\/\/i1.wp.com\/www.cisa-arica.cl\/wp1\/wp-content\/uploads\/2023\/08\/PHOTO-2023-08-18-08-11-15-600x450.jpg?strip=info&#038;w=1500&#038;ssl=1 1500w,https:\/\/i1.wp.com\/www.cisa-arica.cl\/wp1\/wp-content\/uploads\/2023\/08\/PHOTO-2023-08-18-08-11-15-600x450.jpg?strip=info&#038;w=1600&#038;ssl=1 1600w\" alt=\"\" data-height=\"1200\" data-id=\"21779\" data-link=\"https:\/\/www.cisa-arica.cl\/wp1\/?attachment_id=21779\" data-url=\"https:\/\/www.cisa-arica.cl\/wp1\/wp-content\/uploads\/2023\/08\/PHOTO-2023-08-18-08-11-15-600x450.jpg\" data-width=\"1600\" src=\"https:\/\/i1.wp.com\/www.cisa-arica.cl\/wp1\/wp-content\/uploads\/2023\/08\/PHOTO-2023-08-18-08-11-15-600x450.jpg?ssl=1\" data-amp-layout=\"responsive\"\/><\/figure><\/div><div class=\"tiled-gallery__col\" style=\"flex-basis:33.25453%\"><figure class=\"tiled-gallery__item\"><img decoding=\"async\" data-attachment-id=\"21780\" data-permalink=\"https:\/\/www.cisa-arica.cl\/wp1\/2023\/08\/21\/salida-a-terreno-de-los-terceros-medios\/photo-2023-08-18-08-11-15-1\/\" data-orig-file=\"https:\/\/www.cisa-arica.cl\/wp1\/wp-content\/uploads\/2023\/08\/PHOTO-2023-08-18-08-11-15-1.jpg\" data-orig-size=\"1600,1200\" data-comments-opened=\"0\" data-image-meta=\"{&quot;aperture&quot;:&quot;0&quot;,&quot;credit&quot;:&quot;&quot;,&quot;camera&quot;:&quot;&quot;,&quot;caption&quot;:&quot;&quot;,&quot;created_timestamp&quot;:&quot;0&quot;,&quot;copyright&quot;:&quot;&quot;,&quot;focal_length&quot;:&quot;0&quot;,&quot;iso&quot;:&quot;0&quot;,&quot;shutter_speed&quot;:&quot;0&quot;,&quot;title&quot;:&quot;&quot;,&quot;orientation&quot;:&quot;0&quot;}\" data-image-title=\"PHOTO-2023-08-18-08-11-15-1\" data-image-description=\"\" data-image-caption=\"\" data-large-file=\"https:\/\/www.cisa-arica.cl\/wp1\/wp-content\/uploads\/2023\/08\/PHOTO-2023-08-18-08-11-15-1-600x450.jpg\" data-attachment-id=\"21780\" data-permalink=\"https:\/\/www.cisa-arica.cl\/wp1\/2023\/08\/21\/salida-a-terreno-de-los-terceros-medios\/photo-2023-08-18-08-11-15-1\/\" data-orig-file=\"https:\/\/www.cisa-arica.cl\/wp1\/wp-content\/uploads\/2023\/08\/PHOTO-2023-08-18-08-11-15-1.jpg\" data-orig-size=\"1600,1200\" data-comments-opened=\"0\" data-image-meta=\"{&quot;aperture&quot;:&quot;0&quot;,&quot;credit&quot;:&quot;&quot;,&quot;camera&quot;:&quot;&quot;,&quot;caption&quot;:&quot;&quot;,&quot;created_timestamp&quot;:&quot;0&quot;,&quot;copyright&quot;:&quot;&quot;,&quot;focal_length&quot;:&quot;0&quot;,&quot;iso&quot;:&quot;0&quot;,&quot;shutter_speed&quot;:&quot;0&quot;,&quot;title&quot;:&quot;&quot;,&quot;orientation&quot;:&quot;0&quot;}\" data-image-title=\"PHOTO-2023-08-18-08-11-15-1\" data-image-description=\"\" data-image-caption=\"\" data-large-file=\"https:\/\/www.cisa-arica.cl\/wp1\/wp-content\/uploads\/2023\/08\/PHOTO-2023-08-18-08-11-15-1-600x450.jpg\" role=\"button\" tabindex=\"0\" aria-label=\"Abrir la imagen 2 de 23 en pantalla completa\"srcset=\"https:\/\/i2.wp.com\/www.cisa-arica.cl\/wp1\/wp-content\/uploads\/2023\/08\/PHOTO-2023-08-18-08-11-15-1-600x450.jpg?strip=info&#038;w=600&#038;ssl=1 600w,https:\/\/i2.wp.com\/www.cisa-arica.cl\/wp1\/wp-content\/uploads\/2023\/08\/PHOTO-2023-08-18-08-11-15-1-600x450.jpg?strip=info&#038;w=900&#038;ssl=1 900w,https:\/\/i2.wp.com\/www.cisa-arica.cl\/wp1\/wp-content\/uploads\/2023\/08\/PHOTO-2023-08-18-08-11-15-1-600x450.jpg?strip=info&#038;w=1200&#038;ssl=1 1200w,https:\/\/i2.wp.com\/www.cisa-arica.cl\/wp1\/wp-content\/uploads\/2023\/08\/PHOTO-2023-08-18-08-11-15-1-600x450.jpg?strip=info&#038;w=1500&#038;ssl=1 1500w,https:\/\/i2.wp.com\/www.cisa-arica.cl\/wp1\/wp-content\/uploads\/2023\/08\/PHOTO-2023-08-18-08-11-15-1-600x450.jpg?strip=info&#038;w=1600&#038;ssl=1 1600w\" alt=\"\" data-height=\"1200\" data-id=\"21780\" data-link=\"https:\/\/www.cisa-arica.cl\/wp1\/?attachment_id=21780\" data-url=\"https:\/\/www.cisa-arica.cl\/wp1\/wp-content\/uploads\/2023\/08\/PHOTO-2023-08-18-08-11-15-1-600x450.jpg\" data-width=\"1600\" src=\"https:\/\/i2.wp.com\/www.cisa-arica.cl\/wp1\/wp-content\/uploads\/2023\/08\/PHOTO-2023-08-18-08-11-15-1-600x450.jpg?ssl=1\" data-amp-layout=\"responsive\"\/><\/figure><figure class=\"tiled-gallery__item\"><img decoding=\"async\" data-attachment-id=\"21781\" data-permalink=\"https:\/\/www.cisa-arica.cl\/wp1\/2023\/08\/21\/salida-a-terreno-de-los-terceros-medios\/photo-2023-08-18-08-11-14\/\" data-orig-file=\"https:\/\/www.cisa-arica.cl\/wp1\/wp-content\/uploads\/2023\/08\/PHOTO-2023-08-18-08-11-14.jpg\" data-orig-size=\"1600,1200\" data-comments-opened=\"0\" data-image-meta=\"{&quot;aperture&quot;:&quot;0&quot;,&quot;credit&quot;:&quot;&quot;,&quot;camera&quot;:&quot;&quot;,&quot;caption&quot;:&quot;&quot;,&quot;created_timestamp&quot;:&quot;0&quot;,&quot;copyright&quot;:&quot;&quot;,&quot;focal_length&quot;:&quot;0&quot;,&quot;iso&quot;:&quot;0&quot;,&quot;shutter_speed&quot;:&quot;0&quot;,&quot;title&quot;:&quot;&quot;,&quot;orientation&quot;:&quot;0&quot;}\" data-image-title=\"PHOTO-2023-08-18-08-11-14\" data-image-description=\"\" data-image-caption=\"\" data-large-file=\"https:\/\/www.cisa-arica.cl\/wp1\/wp-content\/uploads\/2023\/08\/PHOTO-2023-08-18-08-11-14-600x450.jpg\" data-attachment-id=\"21781\" data-permalink=\"https:\/\/www.cisa-arica.cl\/wp1\/2023\/08\/21\/salida-a-terreno-de-los-terceros-medios\/photo-2023-08-18-08-11-14\/\" data-orig-file=\"https:\/\/www.cisa-arica.cl\/wp1\/wp-content\/uploads\/2023\/08\/PHOTO-2023-08-18-08-11-14.jpg\" data-orig-size=\"1600,1200\" data-comments-opened=\"0\" data-image-meta=\"{&quot;aperture&quot;:&quot;0&quot;,&quot;credit&quot;:&quot;&quot;,&quot;camera&quot;:&quot;&quot;,&quot;caption&quot;:&quot;&quot;,&quot;created_timestamp&quot;:&quot;0&quot;,&quot;copyright&quot;:&quot;&quot;,&quot;focal_length&quot;:&quot;0&quot;,&quot;iso&quot;:&quot;0&quot;,&quot;shutter_speed&quot;:&quot;0&quot;,&quot;title&quot;:&quot;&quot;,&quot;orientation&quot;:&quot;0&quot;}\" data-image-title=\"PHOTO-2023-08-18-08-11-14\" data-image-description=\"\" data-image-caption=\"\" data-large-file=\"https:\/\/www.cisa-arica.cl\/wp1\/wp-content\/uploads\/2023\/08\/PHOTO-2023-08-18-08-11-14-600x450.jpg\" role=\"button\" tabindex=\"0\" aria-label=\"Abrir la imagen 3 de 23 en pantalla completa\"srcset=\"https:\/\/i0.wp.com\/www.cisa-arica.cl\/wp1\/wp-content\/uploads\/2023\/08\/PHOTO-2023-08-18-08-11-14-600x450.jpg?strip=info&#038;w=600&#038;ssl=1 600w,https:\/\/i0.wp.com\/www.cisa-arica.cl\/wp1\/wp-content\/uploads\/2023\/08\/PHOTO-2023-08-18-08-11-14-600x450.jpg?strip=info&#038;w=900&#038;ssl=1 900w,https:\/\/i0.wp.com\/www.cisa-arica.cl\/wp1\/wp-content\/uploads\/2023\/08\/PHOTO-2023-08-18-08-11-14-600x450.jpg?strip=info&#038;w=1200&#038;ssl=1 1200w,https:\/\/i0.wp.com\/www.cisa-arica.cl\/wp1\/wp-content\/uploads\/2023\/08\/PHOTO-2023-08-18-08-11-14-600x450.jpg?strip=info&#038;w=1500&#038;ssl=1 1500w,https:\/\/i0.wp.com\/www.cisa-arica.cl\/wp1\/wp-content\/uploads\/2023\/08\/PHOTO-2023-08-18-08-11-14-600x450.jpg?strip=info&#038;w=1600&#038;ssl=1 1600w\" alt=\"\" data-height=\"1200\" data-id=\"21781\" data-link=\"https:\/\/www.cisa-arica.cl\/wp1\/?attachment_id=21781\" data-url=\"https:\/\/www.cisa-arica.cl\/wp1\/wp-content\/uploads\/2023\/08\/PHOTO-2023-08-18-08-11-14-600x450.jpg\" data-width=\"1600\" src=\"https:\/\/i0.wp.com\/www.cisa-arica.cl\/wp1\/wp-content\/uploads\/2023\/08\/PHOTO-2023-08-18-08-11-14-600x450.jpg?ssl=1\" data-amp-layout=\"responsive\"\/><\/figure><\/div><\/div><div class=\"tiled-gallery__row\"><div class=\"tiled-gallery__col\" style=\"flex-basis:33.33333%\"><figure class=\"tiled-gallery__item\"><img decoding=\"async\" data-attachment-id=\"21782\" data-permalink=\"https:\/\/www.cisa-arica.cl\/wp1\/2023\/08\/21\/salida-a-terreno-de-los-terceros-medios\/photo-2023-08-18-08-11-14-3\/\" data-orig-file=\"https:\/\/www.cisa-arica.cl\/wp1\/wp-content\/uploads\/2023\/08\/PHOTO-2023-08-18-08-11-14-3.jpg\" data-orig-size=\"1600,1200\" data-comments-opened=\"0\" data-image-meta=\"{&quot;aperture&quot;:&quot;0&quot;,&quot;credit&quot;:&quot;&quot;,&quot;camera&quot;:&quot;&quot;,&quot;caption&quot;:&quot;&quot;,&quot;created_timestamp&quot;:&quot;0&quot;,&quot;copyright&quot;:&quot;&quot;,&quot;focal_length&quot;:&quot;0&quot;,&quot;iso&quot;:&quot;0&quot;,&quot;shutter_speed&quot;:&quot;0&quot;,&quot;title&quot;:&quot;&quot;,&quot;orientation&quot;:&quot;0&quot;}\" data-image-title=\"PHOTO-2023-08-18-08-11-14-3\" data-image-description=\"\" data-image-caption=\"\" data-large-file=\"https:\/\/www.cisa-arica.cl\/wp1\/wp-content\/uploads\/2023\/08\/PHOTO-2023-08-18-08-11-14-3-600x450.jpg\" data-attachment-id=\"21782\" data-permalink=\"https:\/\/www.cisa-arica.cl\/wp1\/2023\/08\/21\/salida-a-terreno-de-los-terceros-medios\/photo-2023-08-18-08-11-14-3\/\" data-orig-file=\"https:\/\/www.cisa-arica.cl\/wp1\/wp-content\/uploads\/2023\/08\/PHOTO-2023-08-18-08-11-14-3.jpg\" data-orig-size=\"1600,1200\" data-comments-opened=\"0\" data-image-meta=\"{&quot;aperture&quot;:&quot;0&quot;,&quot;credit&quot;:&quot;&quot;,&quot;camera&quot;:&quot;&quot;,&quot;caption&quot;:&quot;&quot;,&quot;created_timestamp&quot;:&quot;0&quot;,&quot;copyright&quot;:&quot;&quot;,&quot;focal_length&quot;:&quot;0&quot;,&quot;iso&quot;:&quot;0&quot;,&quot;shutter_speed&quot;:&quot;0&quot;,&quot;title&quot;:&quot;&quot;,&quot;orientation&quot;:&quot;0&quot;}\" data-image-title=\"PHOTO-2023-08-18-08-11-14-3\" data-image-description=\"\" data-image-caption=\"\" data-large-file=\"https:\/\/www.cisa-arica.cl\/wp1\/wp-content\/uploads\/2023\/08\/PHOTO-2023-08-18-08-11-14-3-600x450.jpg\" role=\"button\" tabindex=\"0\" aria-label=\"Abrir la imagen 4 de 23 en pantalla completa\"srcset=\"https:\/\/i1.wp.com\/www.cisa-arica.cl\/wp1\/wp-content\/uploads\/2023\/08\/PHOTO-2023-08-18-08-11-14-3-600x450.jpg?strip=info&#038;w=600&#038;ssl=1 600w,https:\/\/i1.wp.com\/www.cisa-arica.cl\/wp1\/wp-content\/uploads\/2023\/08\/PHOTO-2023-08-18-08-11-14-3-600x450.jpg?strip=info&#038;w=900&#038;ssl=1 900w,https:\/\/i1.wp.com\/www.cisa-arica.cl\/wp1\/wp-content\/uploads\/2023\/08\/PHOTO-2023-08-18-08-11-14-3-600x450.jpg?strip=info&#038;w=1200&#038;ssl=1 1200w,https:\/\/i1.wp.com\/www.cisa-arica.cl\/wp1\/wp-content\/uploads\/2023\/08\/PHOTO-2023-08-18-08-11-14-3-600x450.jpg?strip=info&#038;w=1500&#038;ssl=1 1500w,https:\/\/i1.wp.com\/www.cisa-arica.cl\/wp1\/wp-content\/uploads\/2023\/08\/PHOTO-2023-08-18-08-11-14-3-600x450.jpg?strip=info&#038;w=1600&#038;ssl=1 1600w\" alt=\"\" data-height=\"1200\" data-id=\"21782\" data-link=\"https:\/\/www.cisa-arica.cl\/wp1\/?attachment_id=21782\" data-url=\"https:\/\/www.cisa-arica.cl\/wp1\/wp-content\/uploads\/2023\/08\/PHOTO-2023-08-18-08-11-14-3-600x450.jpg\" data-width=\"1600\" src=\"https:\/\/i1.wp.com\/www.cisa-arica.cl\/wp1\/wp-content\/uploads\/2023\/08\/PHOTO-2023-08-18-08-11-14-3-600x450.jpg?ssl=1\" data-amp-layout=\"responsive\"\/><\/figure><\/div><div class=\"tiled-gallery__col\" style=\"flex-basis:33.33333%\"><figure class=\"tiled-gallery__item\"><img decoding=\"async\" data-attachment-id=\"21783\" data-permalink=\"https:\/\/www.cisa-arica.cl\/wp1\/2023\/08\/21\/salida-a-terreno-de-los-terceros-medios\/photo-2023-08-18-08-11-14-2\/\" data-orig-file=\"https:\/\/www.cisa-arica.cl\/wp1\/wp-content\/uploads\/2023\/08\/PHOTO-2023-08-18-08-11-14-2.jpg\" data-orig-size=\"1600,1200\" data-comments-opened=\"0\" data-image-meta=\"{&quot;aperture&quot;:&quot;0&quot;,&quot;credit&quot;:&quot;&quot;,&quot;camera&quot;:&quot;&quot;,&quot;caption&quot;:&quot;&quot;,&quot;created_timestamp&quot;:&quot;0&quot;,&quot;copyright&quot;:&quot;&quot;,&quot;focal_length&quot;:&quot;0&quot;,&quot;iso&quot;:&quot;0&quot;,&quot;shutter_speed&quot;:&quot;0&quot;,&quot;title&quot;:&quot;&quot;,&quot;orientation&quot;:&quot;0&quot;}\" data-image-title=\"PHOTO-2023-08-18-08-11-14-2\" data-image-description=\"\" data-image-caption=\"\" data-large-file=\"https:\/\/www.cisa-arica.cl\/wp1\/wp-content\/uploads\/2023\/08\/PHOTO-2023-08-18-08-11-14-2-600x450.jpg\" data-attachment-id=\"21783\" data-permalink=\"https:\/\/www.cisa-arica.cl\/wp1\/2023\/08\/21\/salida-a-terreno-de-los-terceros-medios\/photo-2023-08-18-08-11-14-2\/\" data-orig-file=\"https:\/\/www.cisa-arica.cl\/wp1\/wp-content\/uploads\/2023\/08\/PHOTO-2023-08-18-08-11-14-2.jpg\" data-orig-size=\"1600,1200\" data-comments-opened=\"0\" data-image-meta=\"{&quot;aperture&quot;:&quot;0&quot;,&quot;credit&quot;:&quot;&quot;,&quot;camera&quot;:&quot;&quot;,&quot;caption&quot;:&quot;&quot;,&quot;created_timestamp&quot;:&quot;0&quot;,&quot;copyright&quot;:&quot;&quot;,&quot;focal_length&quot;:&quot;0&quot;,&quot;iso&quot;:&quot;0&quot;,&quot;shutter_speed&quot;:&quot;0&quot;,&quot;title&quot;:&quot;&quot;,&quot;orientation&quot;:&quot;0&quot;}\" data-image-title=\"PHOTO-2023-08-18-08-11-14-2\" data-image-description=\"\" data-image-caption=\"\" data-large-file=\"https:\/\/www.cisa-arica.cl\/wp1\/wp-content\/uploads\/2023\/08\/PHOTO-2023-08-18-08-11-14-2-600x450.jpg\" role=\"button\" tabindex=\"0\" aria-label=\"Abrir la imagen 5 de 23 en pantalla completa\"srcset=\"https:\/\/i1.wp.com\/www.cisa-arica.cl\/wp1\/wp-content\/uploads\/2023\/08\/PHOTO-2023-08-18-08-11-14-2-600x450.jpg?strip=info&#038;w=600&#038;ssl=1 600w,https:\/\/i1.wp.com\/www.cisa-arica.cl\/wp1\/wp-content\/uploads\/2023\/08\/PHOTO-2023-08-18-08-11-14-2-600x450.jpg?strip=info&#038;w=900&#038;ssl=1 900w,https:\/\/i1.wp.com\/www.cisa-arica.cl\/wp1\/wp-content\/uploads\/2023\/08\/PHOTO-2023-08-18-08-11-14-2-600x450.jpg?strip=info&#038;w=1200&#038;ssl=1 1200w,https:\/\/i1.wp.com\/www.cisa-arica.cl\/wp1\/wp-content\/uploads\/2023\/08\/PHOTO-2023-08-18-08-11-14-2-600x450.jpg?strip=info&#038;w=1500&#038;ssl=1 1500w,https:\/\/i1.wp.com\/www.cisa-arica.cl\/wp1\/wp-content\/uploads\/2023\/08\/PHOTO-2023-08-18-08-11-14-2-600x450.jpg?strip=info&#038;w=1600&#038;ssl=1 1600w\" alt=\"\" data-height=\"1200\" data-id=\"21783\" data-link=\"https:\/\/www.cisa-arica.cl\/wp1\/?attachment_id=21783\" data-url=\"https:\/\/www.cisa-arica.cl\/wp1\/wp-content\/uploads\/2023\/08\/PHOTO-2023-08-18-08-11-14-2-600x450.jpg\" data-width=\"1600\" src=\"https:\/\/i1.wp.com\/www.cisa-arica.cl\/wp1\/wp-content\/uploads\/2023\/08\/PHOTO-2023-08-18-08-11-14-2-600x450.jpg?ssl=1\" data-amp-layout=\"responsive\"\/><\/figure><\/div><div class=\"tiled-gallery__col\" style=\"flex-basis:33.33333%\"><figure class=\"tiled-gallery__item\"><img decoding=\"async\" data-attachment-id=\"21784\" data-permalink=\"https:\/\/www.cisa-arica.cl\/wp1\/2023\/08\/21\/salida-a-terreno-de-los-terceros-medios\/photo-2023-08-18-08-11-14-1\/\" data-orig-file=\"https:\/\/www.cisa-arica.cl\/wp1\/wp-content\/uploads\/2023\/08\/PHOTO-2023-08-18-08-11-14-1.jpg\" data-orig-size=\"1600,1200\" data-comments-opened=\"0\" data-image-meta=\"{&quot;aperture&quot;:&quot;0&quot;,&quot;credit&quot;:&quot;&quot;,&quot;camera&quot;:&quot;&quot;,&quot;caption&quot;:&quot;&quot;,&quot;created_timestamp&quot;:&quot;0&quot;,&quot;copyright&quot;:&quot;&quot;,&quot;focal_length&quot;:&quot;0&quot;,&quot;iso&quot;:&quot;0&quot;,&quot;shutter_speed&quot;:&quot;0&quot;,&quot;title&quot;:&quot;&quot;,&quot;orientation&quot;:&quot;0&quot;}\" data-image-title=\"PHOTO-2023-08-18-08-11-14-1\" data-image-description=\"\" data-image-caption=\"\" data-large-file=\"https:\/\/www.cisa-arica.cl\/wp1\/wp-content\/uploads\/2023\/08\/PHOTO-2023-08-18-08-11-14-1-600x450.jpg\" data-attachment-id=\"21784\" data-permalink=\"https:\/\/www.cisa-arica.cl\/wp1\/2023\/08\/21\/salida-a-terreno-de-los-terceros-medios\/photo-2023-08-18-08-11-14-1\/\" data-orig-file=\"https:\/\/www.cisa-arica.cl\/wp1\/wp-content\/uploads\/2023\/08\/PHOTO-2023-08-18-08-11-14-1.jpg\" data-orig-size=\"1600,1200\" data-comments-opened=\"0\" data-image-meta=\"{&quot;aperture&quot;:&quot;0&quot;,&quot;credit&quot;:&quot;&quot;,&quot;camera&quot;:&quot;&quot;,&quot;caption&quot;:&quot;&quot;,&quot;created_timestamp&quot;:&quot;0&quot;,&quot;copyright&quot;:&quot;&quot;,&quot;focal_length&quot;:&quot;0&quot;,&quot;iso&quot;:&quot;0&quot;,&quot;shutter_speed&quot;:&quot;0&quot;,&quot;title&quot;:&quot;&quot;,&quot;orientation&quot;:&quot;0&quot;}\" data-image-title=\"PHOTO-2023-08-18-08-11-14-1\" data-image-description=\"\" data-image-caption=\"\" data-large-file=\"https:\/\/www.cisa-arica.cl\/wp1\/wp-content\/uploads\/2023\/08\/PHOTO-2023-08-18-08-11-14-1-600x450.jpg\" role=\"button\" tabindex=\"0\" aria-label=\"Abrir la imagen 6 de 23 en pantalla completa\"srcset=\"https:\/\/i0.wp.com\/www.cisa-arica.cl\/wp1\/wp-content\/uploads\/2023\/08\/PHOTO-2023-08-18-08-11-14-1-600x450.jpg?strip=info&#038;w=600&#038;ssl=1 600w,https:\/\/i0.wp.com\/www.cisa-arica.cl\/wp1\/wp-content\/uploads\/2023\/08\/PHOTO-2023-08-18-08-11-14-1-600x450.jpg?strip=info&#038;w=900&#038;ssl=1 900w,https:\/\/i0.wp.com\/www.cisa-arica.cl\/wp1\/wp-content\/uploads\/2023\/08\/PHOTO-2023-08-18-08-11-14-1-600x450.jpg?strip=info&#038;w=1200&#038;ssl=1 1200w,https:\/\/i0.wp.com\/www.cisa-arica.cl\/wp1\/wp-content\/uploads\/2023\/08\/PHOTO-2023-08-18-08-11-14-1-600x450.jpg?strip=info&#038;w=1500&#038;ssl=1 1500w,https:\/\/i0.wp.com\/www.cisa-arica.cl\/wp1\/wp-content\/uploads\/2023\/08\/PHOTO-2023-08-18-08-11-14-1-600x450.jpg?strip=info&#038;w=1600&#038;ssl=1 1600w\" alt=\"\" data-height=\"1200\" data-id=\"21784\" data-link=\"https:\/\/www.cisa-arica.cl\/wp1\/?attachment_id=21784\" data-url=\"https:\/\/www.cisa-arica.cl\/wp1\/wp-content\/uploads\/2023\/08\/PHOTO-2023-08-18-08-11-14-1-600x450.jpg\" data-width=\"1600\" src=\"https:\/\/i0.wp.com\/www.cisa-arica.cl\/wp1\/wp-content\/uploads\/2023\/08\/PHOTO-2023-08-18-08-11-14-1-600x450.jpg?ssl=1\" data-amp-layout=\"responsive\"\/><\/figure><\/div><\/div><div class=\"tiled-gallery__row\"><div class=\"tiled-gallery__col\" style=\"flex-basis:33.25453%\"><figure class=\"tiled-gallery__item\"><img decoding=\"async\" data-attachment-id=\"21785\" data-permalink=\"https:\/\/www.cisa-arica.cl\/wp1\/2023\/08\/21\/salida-a-terreno-de-los-terceros-medios\/photo-2023-08-18-08-11-13\/\" data-orig-file=\"https:\/\/www.cisa-arica.cl\/wp1\/wp-content\/uploads\/2023\/08\/PHOTO-2023-08-18-08-11-13.jpg\" data-orig-size=\"1600,1200\" data-comments-opened=\"0\" data-image-meta=\"{&quot;aperture&quot;:&quot;0&quot;,&quot;credit&quot;:&quot;&quot;,&quot;camera&quot;:&quot;&quot;,&quot;caption&quot;:&quot;&quot;,&quot;created_timestamp&quot;:&quot;0&quot;,&quot;copyright&quot;:&quot;&quot;,&quot;focal_length&quot;:&quot;0&quot;,&quot;iso&quot;:&quot;0&quot;,&quot;shutter_speed&quot;:&quot;0&quot;,&quot;title&quot;:&quot;&quot;,&quot;orientation&quot;:&quot;0&quot;}\" data-image-title=\"PHOTO-2023-08-18-08-11-13\" data-image-description=\"\" data-image-caption=\"\" data-large-file=\"https:\/\/www.cisa-arica.cl\/wp1\/wp-content\/uploads\/2023\/08\/PHOTO-2023-08-18-08-11-13-600x450.jpg\" data-attachment-id=\"21785\" data-permalink=\"https:\/\/www.cisa-arica.cl\/wp1\/2023\/08\/21\/salida-a-terreno-de-los-terceros-medios\/photo-2023-08-18-08-11-13\/\" data-orig-file=\"https:\/\/www.cisa-arica.cl\/wp1\/wp-content\/uploads\/2023\/08\/PHOTO-2023-08-18-08-11-13.jpg\" data-orig-size=\"1600,1200\" data-comments-opened=\"0\" data-image-meta=\"{&quot;aperture&quot;:&quot;0&quot;,&quot;credit&quot;:&quot;&quot;,&quot;camera&quot;:&quot;&quot;,&quot;caption&quot;:&quot;&quot;,&quot;created_timestamp&quot;:&quot;0&quot;,&quot;copyright&quot;:&quot;&quot;,&quot;focal_length&quot;:&quot;0&quot;,&quot;iso&quot;:&quot;0&quot;,&quot;shutter_speed&quot;:&quot;0&quot;,&quot;title&quot;:&quot;&quot;,&quot;orientation&quot;:&quot;0&quot;}\" data-image-title=\"PHOTO-2023-08-18-08-11-13\" data-image-description=\"\" data-image-caption=\"\" data-large-file=\"https:\/\/www.cisa-arica.cl\/wp1\/wp-content\/uploads\/2023\/08\/PHOTO-2023-08-18-08-11-13-600x450.jpg\" role=\"button\" tabindex=\"0\" aria-label=\"Abrir la imagen 7 de 23 en pantalla completa\"srcset=\"https:\/\/i0.wp.com\/www.cisa-arica.cl\/wp1\/wp-content\/uploads\/2023\/08\/PHOTO-2023-08-18-08-11-13-600x450.jpg?strip=info&#038;w=600&#038;ssl=1 600w,https:\/\/i0.wp.com\/www.cisa-arica.cl\/wp1\/wp-content\/uploads\/2023\/08\/PHOTO-2023-08-18-08-11-13-600x450.jpg?strip=info&#038;w=900&#038;ssl=1 900w,https:\/\/i0.wp.com\/www.cisa-arica.cl\/wp1\/wp-content\/uploads\/2023\/08\/PHOTO-2023-08-18-08-11-13-600x450.jpg?strip=info&#038;w=1200&#038;ssl=1 1200w,https:\/\/i0.wp.com\/www.cisa-arica.cl\/wp1\/wp-content\/uploads\/2023\/08\/PHOTO-2023-08-18-08-11-13-600x450.jpg?strip=info&#038;w=1500&#038;ssl=1 1500w,https:\/\/i0.wp.com\/www.cisa-arica.cl\/wp1\/wp-content\/uploads\/2023\/08\/PHOTO-2023-08-18-08-11-13-600x450.jpg?strip=info&#038;w=1600&#038;ssl=1 1600w\" alt=\"\" data-height=\"1200\" data-id=\"21785\" data-link=\"https:\/\/www.cisa-arica.cl\/wp1\/?attachment_id=21785\" data-url=\"https:\/\/www.cisa-arica.cl\/wp1\/wp-content\/uploads\/2023\/08\/PHOTO-2023-08-18-08-11-13-600x450.jpg\" data-width=\"1600\" src=\"https:\/\/i0.wp.com\/www.cisa-arica.cl\/wp1\/wp-content\/uploads\/2023\/08\/PHOTO-2023-08-18-08-11-13-600x450.jpg?ssl=1\" data-amp-layout=\"responsive\"\/><\/figure><figure class=\"tiled-gallery__item\"><img decoding=\"async\" data-attachment-id=\"21786\" data-permalink=\"https:\/\/www.cisa-arica.cl\/wp1\/2023\/08\/21\/salida-a-terreno-de-los-terceros-medios\/photo-2023-08-18-08-11-13-3\/\" data-orig-file=\"https:\/\/www.cisa-arica.cl\/wp1\/wp-content\/uploads\/2023\/08\/PHOTO-2023-08-18-08-11-13-3.jpg\" data-orig-size=\"1600,1200\" data-comments-opened=\"0\" data-image-meta=\"{&quot;aperture&quot;:&quot;0&quot;,&quot;credit&quot;:&quot;&quot;,&quot;camera&quot;:&quot;&quot;,&quot;caption&quot;:&quot;&quot;,&quot;created_timestamp&quot;:&quot;0&quot;,&quot;copyright&quot;:&quot;&quot;,&quot;focal_length&quot;:&quot;0&quot;,&quot;iso&quot;:&quot;0&quot;,&quot;shutter_speed&quot;:&quot;0&quot;,&quot;title&quot;:&quot;&quot;,&quot;orientation&quot;:&quot;0&quot;}\" data-image-title=\"PHOTO-2023-08-18-08-11-13-3\" data-image-description=\"\" data-image-caption=\"\" data-large-file=\"https:\/\/www.cisa-arica.cl\/wp1\/wp-content\/uploads\/2023\/08\/PHOTO-2023-08-18-08-11-13-3-600x450.jpg\" data-attachment-id=\"21786\" data-permalink=\"https:\/\/www.cisa-arica.cl\/wp1\/2023\/08\/21\/salida-a-terreno-de-los-terceros-medios\/photo-2023-08-18-08-11-13-3\/\" data-orig-file=\"https:\/\/www.cisa-arica.cl\/wp1\/wp-content\/uploads\/2023\/08\/PHOTO-2023-08-18-08-11-13-3.jpg\" data-orig-size=\"1600,1200\" data-comments-opened=\"0\" data-image-meta=\"{&quot;aperture&quot;:&quot;0&quot;,&quot;credit&quot;:&quot;&quot;,&quot;camera&quot;:&quot;&quot;,&quot;caption&quot;:&quot;&quot;,&quot;created_timestamp&quot;:&quot;0&quot;,&quot;copyright&quot;:&quot;&quot;,&quot;focal_length&quot;:&quot;0&quot;,&quot;iso&quot;:&quot;0&quot;,&quot;shutter_speed&quot;:&quot;0&quot;,&quot;title&quot;:&quot;&quot;,&quot;orientation&quot;:&quot;0&quot;}\" data-image-title=\"PHOTO-2023-08-18-08-11-13-3\" data-image-description=\"\" data-image-caption=\"\" data-large-file=\"https:\/\/www.cisa-arica.cl\/wp1\/wp-content\/uploads\/2023\/08\/PHOTO-2023-08-18-08-11-13-3-600x450.jpg\" role=\"button\" tabindex=\"0\" aria-label=\"Abrir la imagen 8 de 23 en pantalla completa\"srcset=\"https:\/\/i1.wp.com\/www.cisa-arica.cl\/wp1\/wp-content\/uploads\/2023\/08\/PHOTO-2023-08-18-08-11-13-3-600x450.jpg?strip=info&#038;w=600&#038;ssl=1 600w,https:\/\/i1.wp.com\/www.cisa-arica.cl\/wp1\/wp-content\/uploads\/2023\/08\/PHOTO-2023-08-18-08-11-13-3-600x450.jpg?strip=info&#038;w=900&#038;ssl=1 900w,https:\/\/i1.wp.com\/www.cisa-arica.cl\/wp1\/wp-content\/uploads\/2023\/08\/PHOTO-2023-08-18-08-11-13-3-600x450.jpg?strip=info&#038;w=1200&#038;ssl=1 1200w,https:\/\/i1.wp.com\/www.cisa-arica.cl\/wp1\/wp-content\/uploads\/2023\/08\/PHOTO-2023-08-18-08-11-13-3-600x450.jpg?strip=info&#038;w=1500&#038;ssl=1 1500w,https:\/\/i1.wp.com\/www.cisa-arica.cl\/wp1\/wp-content\/uploads\/2023\/08\/PHOTO-2023-08-18-08-11-13-3-600x450.jpg?strip=info&#038;w=1600&#038;ssl=1 1600w\" alt=\"\" data-height=\"1200\" data-id=\"21786\" data-link=\"https:\/\/www.cisa-arica.cl\/wp1\/?attachment_id=21786\" data-url=\"https:\/\/www.cisa-arica.cl\/wp1\/wp-content\/uploads\/2023\/08\/PHOTO-2023-08-18-08-11-13-3-600x450.jpg\" data-width=\"1600\" src=\"https:\/\/i1.wp.com\/www.cisa-arica.cl\/wp1\/wp-content\/uploads\/2023\/08\/PHOTO-2023-08-18-08-11-13-3-600x450.jpg?ssl=1\" data-amp-layout=\"responsive\"\/><\/figure><\/div><div class=\"tiled-gallery__col\" style=\"flex-basis:66.74547%\"><figure class=\"tiled-gallery__item\"><img decoding=\"async\" data-attachment-id=\"21787\" data-permalink=\"https:\/\/www.cisa-arica.cl\/wp1\/2023\/08\/21\/salida-a-terreno-de-los-terceros-medios\/photo-2023-08-18-08-11-13-2\/\" data-orig-file=\"https:\/\/www.cisa-arica.cl\/wp1\/wp-content\/uploads\/2023\/08\/PHOTO-2023-08-18-08-11-13-2.jpg\" data-orig-size=\"1600,1200\" data-comments-opened=\"0\" data-image-meta=\"{&quot;aperture&quot;:&quot;0&quot;,&quot;credit&quot;:&quot;&quot;,&quot;camera&quot;:&quot;&quot;,&quot;caption&quot;:&quot;&quot;,&quot;created_timestamp&quot;:&quot;0&quot;,&quot;copyright&quot;:&quot;&quot;,&quot;focal_length&quot;:&quot;0&quot;,&quot;iso&quot;:&quot;0&quot;,&quot;shutter_speed&quot;:&quot;0&quot;,&quot;title&quot;:&quot;&quot;,&quot;orientation&quot;:&quot;0&quot;}\" data-image-title=\"PHOTO-2023-08-18-08-11-13-2\" data-image-description=\"\" data-image-caption=\"\" data-large-file=\"https:\/\/www.cisa-arica.cl\/wp1\/wp-content\/uploads\/2023\/08\/PHOTO-2023-08-18-08-11-13-2-600x450.jpg\" data-attachment-id=\"21787\" data-permalink=\"https:\/\/www.cisa-arica.cl\/wp1\/2023\/08\/21\/salida-a-terreno-de-los-terceros-medios\/photo-2023-08-18-08-11-13-2\/\" data-orig-file=\"https:\/\/www.cisa-arica.cl\/wp1\/wp-content\/uploads\/2023\/08\/PHOTO-2023-08-18-08-11-13-2.jpg\" data-orig-size=\"1600,1200\" data-comments-opened=\"0\" data-image-meta=\"{&quot;aperture&quot;:&quot;0&quot;,&quot;credit&quot;:&quot;&quot;,&quot;camera&quot;:&quot;&quot;,&quot;caption&quot;:&quot;&quot;,&quot;created_timestamp&quot;:&quot;0&quot;,&quot;copyright&quot;:&quot;&quot;,&quot;focal_length&quot;:&quot;0&quot;,&quot;iso&quot;:&quot;0&quot;,&quot;shutter_speed&quot;:&quot;0&quot;,&quot;title&quot;:&quot;&quot;,&quot;orientation&quot;:&quot;0&quot;}\" data-image-title=\"PHOTO-2023-08-18-08-11-13-2\" data-image-description=\"\" data-image-caption=\"\" data-large-file=\"https:\/\/www.cisa-arica.cl\/wp1\/wp-content\/uploads\/2023\/08\/PHOTO-2023-08-18-08-11-13-2-600x450.jpg\" role=\"button\" tabindex=\"0\" aria-label=\"Abrir la imagen 9 de 23 en pantalla completa\"srcset=\"https:\/\/i0.wp.com\/www.cisa-arica.cl\/wp1\/wp-content\/uploads\/2023\/08\/PHOTO-2023-08-18-08-11-13-2-600x450.jpg?strip=info&#038;w=600&#038;ssl=1 600w,https:\/\/i0.wp.com\/www.cisa-arica.cl\/wp1\/wp-content\/uploads\/2023\/08\/PHOTO-2023-08-18-08-11-13-2-600x450.jpg?strip=info&#038;w=900&#038;ssl=1 900w,https:\/\/i0.wp.com\/www.cisa-arica.cl\/wp1\/wp-content\/uploads\/2023\/08\/PHOTO-2023-08-18-08-11-13-2-600x450.jpg?strip=info&#038;w=1200&#038;ssl=1 1200w,https:\/\/i0.wp.com\/www.cisa-arica.cl\/wp1\/wp-content\/uploads\/2023\/08\/PHOTO-2023-08-18-08-11-13-2-600x450.jpg?strip=info&#038;w=1500&#038;ssl=1 1500w,https:\/\/i0.wp.com\/www.cisa-arica.cl\/wp1\/wp-content\/uploads\/2023\/08\/PHOTO-2023-08-18-08-11-13-2-600x450.jpg?strip=info&#038;w=1600&#038;ssl=1 1600w\" alt=\"\" data-height=\"1200\" data-id=\"21787\" data-link=\"https:\/\/www.cisa-arica.cl\/wp1\/?attachment_id=21787\" data-url=\"https:\/\/www.cisa-arica.cl\/wp1\/wp-content\/uploads\/2023\/08\/PHOTO-2023-08-18-08-11-13-2-600x450.jpg\" data-width=\"1600\" src=\"https:\/\/i0.wp.com\/www.cisa-arica.cl\/wp1\/wp-content\/uploads\/2023\/08\/PHOTO-2023-08-18-08-11-13-2-600x450.jpg?ssl=1\" data-amp-layout=\"responsive\"\/><\/figure><\/div><\/div><div class=\"tiled-gallery__row\"><div class=\"tiled-gallery__col\" style=\"flex-basis:50.00000%\"><figure class=\"tiled-gallery__item\"><img decoding=\"async\" data-attachment-id=\"21788\" data-permalink=\"https:\/\/www.cisa-arica.cl\/wp1\/2023\/08\/21\/salida-a-terreno-de-los-terceros-medios\/photo-2023-08-18-08-11-13-1\/\" data-orig-file=\"https:\/\/www.cisa-arica.cl\/wp1\/wp-content\/uploads\/2023\/08\/PHOTO-2023-08-18-08-11-13-1.jpg\" data-orig-size=\"1600,1200\" data-comments-opened=\"0\" data-image-meta=\"{&quot;aperture&quot;:&quot;0&quot;,&quot;credit&quot;:&quot;&quot;,&quot;camera&quot;:&quot;&quot;,&quot;caption&quot;:&quot;&quot;,&quot;created_timestamp&quot;:&quot;0&quot;,&quot;copyright&quot;:&quot;&quot;,&quot;focal_length&quot;:&quot;0&quot;,&quot;iso&quot;:&quot;0&quot;,&quot;shutter_speed&quot;:&quot;0&quot;,&quot;title&quot;:&quot;&quot;,&quot;orientation&quot;:&quot;0&quot;}\" data-image-title=\"PHOTO-2023-08-18-08-11-13-1\" data-image-description=\"\" data-image-caption=\"\" data-large-file=\"https:\/\/www.cisa-arica.cl\/wp1\/wp-content\/uploads\/2023\/08\/PHOTO-2023-08-18-08-11-13-1-600x450.jpg\" data-attachment-id=\"21788\" data-permalink=\"https:\/\/www.cisa-arica.cl\/wp1\/2023\/08\/21\/salida-a-terreno-de-los-terceros-medios\/photo-2023-08-18-08-11-13-1\/\" data-orig-file=\"https:\/\/www.cisa-arica.cl\/wp1\/wp-content\/uploads\/2023\/08\/PHOTO-2023-08-18-08-11-13-1.jpg\" data-orig-size=\"1600,1200\" data-comments-opened=\"0\" data-image-meta=\"{&quot;aperture&quot;:&quot;0&quot;,&quot;credit&quot;:&quot;&quot;,&quot;camera&quot;:&quot;&quot;,&quot;caption&quot;:&quot;&quot;,&quot;created_timestamp&quot;:&quot;0&quot;,&quot;copyright&quot;:&quot;&quot;,&quot;focal_length&quot;:&quot;0&quot;,&quot;iso&quot;:&quot;0&quot;,&quot;shutter_speed&quot;:&quot;0&quot;,&quot;title&quot;:&quot;&quot;,&quot;orientation&quot;:&quot;0&quot;}\" data-image-title=\"PHOTO-2023-08-18-08-11-13-1\" data-image-description=\"\" data-image-caption=\"\" data-large-file=\"https:\/\/www.cisa-arica.cl\/wp1\/wp-content\/uploads\/2023\/08\/PHOTO-2023-08-18-08-11-13-1-600x450.jpg\" role=\"button\" tabindex=\"0\" aria-label=\"Abrir la imagen 10 de 23 en pantalla completa\"srcset=\"https:\/\/i0.wp.com\/www.cisa-arica.cl\/wp1\/wp-content\/uploads\/2023\/08\/PHOTO-2023-08-18-08-11-13-1-600x450.jpg?strip=info&#038;w=600&#038;ssl=1 600w,https:\/\/i0.wp.com\/www.cisa-arica.cl\/wp1\/wp-content\/uploads\/2023\/08\/PHOTO-2023-08-18-08-11-13-1-600x450.jpg?strip=info&#038;w=900&#038;ssl=1 900w,https:\/\/i0.wp.com\/www.cisa-arica.cl\/wp1\/wp-content\/uploads\/2023\/08\/PHOTO-2023-08-18-08-11-13-1-600x450.jpg?strip=info&#038;w=1200&#038;ssl=1 1200w,https:\/\/i0.wp.com\/www.cisa-arica.cl\/wp1\/wp-content\/uploads\/2023\/08\/PHOTO-2023-08-18-08-11-13-1-600x450.jpg?strip=info&#038;w=1500&#038;ssl=1 1500w,https:\/\/i0.wp.com\/www.cisa-arica.cl\/wp1\/wp-content\/uploads\/2023\/08\/PHOTO-2023-08-18-08-11-13-1-600x450.jpg?strip=info&#038;w=1600&#038;ssl=1 1600w\" alt=\"\" data-height=\"1200\" data-id=\"21788\" data-link=\"https:\/\/www.cisa-arica.cl\/wp1\/?attachment_id=21788\" data-url=\"https:\/\/www.cisa-arica.cl\/wp1\/wp-content\/uploads\/2023\/08\/PHOTO-2023-08-18-08-11-13-1-600x450.jpg\" data-width=\"1600\" src=\"https:\/\/i0.wp.com\/www.cisa-arica.cl\/wp1\/wp-content\/uploads\/2023\/08\/PHOTO-2023-08-18-08-11-13-1-600x450.jpg?ssl=1\" data-amp-layout=\"responsive\"\/><\/figure><\/div><div class=\"tiled-gallery__col\" style=\"flex-basis:50.00000%\"><figure class=\"tiled-gallery__item\"><img decoding=\"async\" data-attachment-id=\"21789\" data-permalink=\"https:\/\/www.cisa-arica.cl\/wp1\/2023\/08\/21\/salida-a-terreno-de-los-terceros-medios\/photo-2023-08-18-08-11-12\/\" data-orig-file=\"https:\/\/www.cisa-arica.cl\/wp1\/wp-content\/uploads\/2023\/08\/PHOTO-2023-08-18-08-11-12.jpg\" data-orig-size=\"1600,1200\" data-comments-opened=\"0\" data-image-meta=\"{&quot;aperture&quot;:&quot;0&quot;,&quot;credit&quot;:&quot;&quot;,&quot;camera&quot;:&quot;&quot;,&quot;caption&quot;:&quot;&quot;,&quot;created_timestamp&quot;:&quot;0&quot;,&quot;copyright&quot;:&quot;&quot;,&quot;focal_length&quot;:&quot;0&quot;,&quot;iso&quot;:&quot;0&quot;,&quot;shutter_speed&quot;:&quot;0&quot;,&quot;title&quot;:&quot;&quot;,&quot;orientation&quot;:&quot;0&quot;}\" data-image-title=\"PHOTO-2023-08-18-08-11-12\" data-image-description=\"\" data-image-caption=\"\" data-large-file=\"https:\/\/www.cisa-arica.cl\/wp1\/wp-content\/uploads\/2023\/08\/PHOTO-2023-08-18-08-11-12-600x450.jpg\" data-attachment-id=\"21789\" data-permalink=\"https:\/\/www.cisa-arica.cl\/wp1\/2023\/08\/21\/salida-a-terreno-de-los-terceros-medios\/photo-2023-08-18-08-11-12\/\" data-orig-file=\"https:\/\/www.cisa-arica.cl\/wp1\/wp-content\/uploads\/2023\/08\/PHOTO-2023-08-18-08-11-12.jpg\" data-orig-size=\"1600,1200\" data-comments-opened=\"0\" data-image-meta=\"{&quot;aperture&quot;:&quot;0&quot;,&quot;credit&quot;:&quot;&quot;,&quot;camera&quot;:&quot;&quot;,&quot;caption&quot;:&quot;&quot;,&quot;created_timestamp&quot;:&quot;0&quot;,&quot;copyright&quot;:&quot;&quot;,&quot;focal_length&quot;:&quot;0&quot;,&quot;iso&quot;:&quot;0&quot;,&quot;shutter_speed&quot;:&quot;0&quot;,&quot;title&quot;:&quot;&quot;,&quot;orientation&quot;:&quot;0&quot;}\" data-image-title=\"PHOTO-2023-08-18-08-11-12\" data-image-description=\"\" data-image-caption=\"\" data-large-file=\"https:\/\/www.cisa-arica.cl\/wp1\/wp-content\/uploads\/2023\/08\/PHOTO-2023-08-18-08-11-12-600x450.jpg\" role=\"button\" tabindex=\"0\" aria-label=\"Abrir la imagen 11 de 23 en pantalla completa\"srcset=\"https:\/\/i0.wp.com\/www.cisa-arica.cl\/wp1\/wp-content\/uploads\/2023\/08\/PHOTO-2023-08-18-08-11-12-600x450.jpg?strip=info&#038;w=600&#038;ssl=1 600w,https:\/\/i0.wp.com\/www.cisa-arica.cl\/wp1\/wp-content\/uploads\/2023\/08\/PHOTO-2023-08-18-08-11-12-600x450.jpg?strip=info&#038;w=900&#038;ssl=1 900w,https:\/\/i0.wp.com\/www.cisa-arica.cl\/wp1\/wp-content\/uploads\/2023\/08\/PHOTO-2023-08-18-08-11-12-600x450.jpg?strip=info&#038;w=1200&#038;ssl=1 1200w,https:\/\/i0.wp.com\/www.cisa-arica.cl\/wp1\/wp-content\/uploads\/2023\/08\/PHOTO-2023-08-18-08-11-12-600x450.jpg?strip=info&#038;w=1500&#038;ssl=1 1500w,https:\/\/i0.wp.com\/www.cisa-arica.cl\/wp1\/wp-content\/uploads\/2023\/08\/PHOTO-2023-08-18-08-11-12-600x450.jpg?strip=info&#038;w=1600&#038;ssl=1 1600w\" alt=\"\" data-height=\"1200\" data-id=\"21789\" data-link=\"https:\/\/www.cisa-arica.cl\/wp1\/?attachment_id=21789\" data-url=\"https:\/\/www.cisa-arica.cl\/wp1\/wp-content\/uploads\/2023\/08\/PHOTO-2023-08-18-08-11-12-600x450.jpg\" data-width=\"1600\" src=\"https:\/\/i0.wp.com\/www.cisa-arica.cl\/wp1\/wp-content\/uploads\/2023\/08\/PHOTO-2023-08-18-08-11-12-600x450.jpg?ssl=1\" data-amp-layout=\"responsive\"\/><\/figure><\/div><\/div><div class=\"tiled-gallery__row\"><div class=\"tiled-gallery__col\" style=\"flex-basis:66.74547%\"><figure class=\"tiled-gallery__item\"><img decoding=\"async\" data-attachment-id=\"21790\" data-permalink=\"https:\/\/www.cisa-arica.cl\/wp1\/2023\/08\/21\/salida-a-terreno-de-los-terceros-medios\/photo-2023-08-18-08-11-12-1\/\" data-orig-file=\"https:\/\/www.cisa-arica.cl\/wp1\/wp-content\/uploads\/2023\/08\/PHOTO-2023-08-18-08-11-12-1.jpg\" data-orig-size=\"1600,1200\" data-comments-opened=\"0\" data-image-meta=\"{&quot;aperture&quot;:&quot;0&quot;,&quot;credit&quot;:&quot;&quot;,&quot;camera&quot;:&quot;&quot;,&quot;caption&quot;:&quot;&quot;,&quot;created_timestamp&quot;:&quot;0&quot;,&quot;copyright&quot;:&quot;&quot;,&quot;focal_length&quot;:&quot;0&quot;,&quot;iso&quot;:&quot;0&quot;,&quot;shutter_speed&quot;:&quot;0&quot;,&quot;title&quot;:&quot;&quot;,&quot;orientation&quot;:&quot;0&quot;}\" data-image-title=\"PHOTO-2023-08-18-08-11-12-1\" data-image-description=\"\" data-image-caption=\"\" data-large-file=\"https:\/\/www.cisa-arica.cl\/wp1\/wp-content\/uploads\/2023\/08\/PHOTO-2023-08-18-08-11-12-1-600x450.jpg\" data-attachment-id=\"21790\" data-permalink=\"https:\/\/www.cisa-arica.cl\/wp1\/2023\/08\/21\/salida-a-terreno-de-los-terceros-medios\/photo-2023-08-18-08-11-12-1\/\" data-orig-file=\"https:\/\/www.cisa-arica.cl\/wp1\/wp-content\/uploads\/2023\/08\/PHOTO-2023-08-18-08-11-12-1.jpg\" data-orig-size=\"1600,1200\" data-comments-opened=\"0\" data-image-meta=\"{&quot;aperture&quot;:&quot;0&quot;,&quot;credit&quot;:&quot;&quot;,&quot;camera&quot;:&quot;&quot;,&quot;caption&quot;:&quot;&quot;,&quot;created_timestamp&quot;:&quot;0&quot;,&quot;copyright&quot;:&quot;&quot;,&quot;focal_length&quot;:&quot;0&quot;,&quot;iso&quot;:&quot;0&quot;,&quot;shutter_speed&quot;:&quot;0&quot;,&quot;title&quot;:&quot;&quot;,&quot;orientation&quot;:&quot;0&quot;}\" data-image-title=\"PHOTO-2023-08-18-08-11-12-1\" data-image-description=\"\" data-image-caption=\"\" data-large-file=\"https:\/\/www.cisa-arica.cl\/wp1\/wp-content\/uploads\/2023\/08\/PHOTO-2023-08-18-08-11-12-1-600x450.jpg\" role=\"button\" tabindex=\"0\" aria-label=\"Abrir la imagen 12 de 23 en pantalla completa\"srcset=\"https:\/\/i1.wp.com\/www.cisa-arica.cl\/wp1\/wp-content\/uploads\/2023\/08\/PHOTO-2023-08-18-08-11-12-1-600x450.jpg?strip=info&#038;w=600&#038;ssl=1 600w,https:\/\/i1.wp.com\/www.cisa-arica.cl\/wp1\/wp-content\/uploads\/2023\/08\/PHOTO-2023-08-18-08-11-12-1-600x450.jpg?strip=info&#038;w=900&#038;ssl=1 900w,https:\/\/i1.wp.com\/www.cisa-arica.cl\/wp1\/wp-content\/uploads\/2023\/08\/PHOTO-2023-08-18-08-11-12-1-600x450.jpg?strip=info&#038;w=1200&#038;ssl=1 1200w,https:\/\/i1.wp.com\/www.cisa-arica.cl\/wp1\/wp-content\/uploads\/2023\/08\/PHOTO-2023-08-18-08-11-12-1-600x450.jpg?strip=info&#038;w=1500&#038;ssl=1 1500w,https:\/\/i1.wp.com\/www.cisa-arica.cl\/wp1\/wp-content\/uploads\/2023\/08\/PHOTO-2023-08-18-08-11-12-1-600x450.jpg?strip=info&#038;w=1600&#038;ssl=1 1600w\" alt=\"\" data-height=\"1200\" data-id=\"21790\" data-link=\"https:\/\/www.cisa-arica.cl\/wp1\/?attachment_id=21790\" data-url=\"https:\/\/www.cisa-arica.cl\/wp1\/wp-content\/uploads\/2023\/08\/PHOTO-2023-08-18-08-11-12-1-600x450.jpg\" data-width=\"1600\" src=\"https:\/\/i1.wp.com\/www.cisa-arica.cl\/wp1\/wp-content\/uploads\/2023\/08\/PHOTO-2023-08-18-08-11-12-1-600x450.jpg?ssl=1\" data-amp-layout=\"responsive\"\/><\/figure><\/div><div class=\"tiled-gallery__col\" style=\"flex-basis:33.25453%\"><figure class=\"tiled-gallery__item\"><img decoding=\"async\" data-attachment-id=\"21791\" data-permalink=\"https:\/\/www.cisa-arica.cl\/wp1\/2023\/08\/21\/salida-a-terreno-de-los-terceros-medios\/photo-2023-08-18-08-11-11\/\" data-orig-file=\"https:\/\/www.cisa-arica.cl\/wp1\/wp-content\/uploads\/2023\/08\/PHOTO-2023-08-18-08-11-11.jpg\" data-orig-size=\"1600,1200\" data-comments-opened=\"0\" data-image-meta=\"{&quot;aperture&quot;:&quot;0&quot;,&quot;credit&quot;:&quot;&quot;,&quot;camera&quot;:&quot;&quot;,&quot;caption&quot;:&quot;&quot;,&quot;created_timestamp&quot;:&quot;0&quot;,&quot;copyright&quot;:&quot;&quot;,&quot;focal_length&quot;:&quot;0&quot;,&quot;iso&quot;:&quot;0&quot;,&quot;shutter_speed&quot;:&quot;0&quot;,&quot;title&quot;:&quot;&quot;,&quot;orientation&quot;:&quot;0&quot;}\" data-image-title=\"PHOTO-2023-08-18-08-11-11\" data-image-description=\"\" data-image-caption=\"\" data-large-file=\"https:\/\/www.cisa-arica.cl\/wp1\/wp-content\/uploads\/2023\/08\/PHOTO-2023-08-18-08-11-11-600x450.jpg\" data-attachment-id=\"21791\" data-permalink=\"https:\/\/www.cisa-arica.cl\/wp1\/2023\/08\/21\/salida-a-terreno-de-los-terceros-medios\/photo-2023-08-18-08-11-11\/\" data-orig-file=\"https:\/\/www.cisa-arica.cl\/wp1\/wp-content\/uploads\/2023\/08\/PHOTO-2023-08-18-08-11-11.jpg\" data-orig-size=\"1600,1200\" data-comments-opened=\"0\" data-image-meta=\"{&quot;aperture&quot;:&quot;0&quot;,&quot;credit&quot;:&quot;&quot;,&quot;camera&quot;:&quot;&quot;,&quot;caption&quot;:&quot;&quot;,&quot;created_timestamp&quot;:&quot;0&quot;,&quot;copyright&quot;:&quot;&quot;,&quot;focal_length&quot;:&quot;0&quot;,&quot;iso&quot;:&quot;0&quot;,&quot;shutter_speed&quot;:&quot;0&quot;,&quot;title&quot;:&quot;&quot;,&quot;orientation&quot;:&quot;0&quot;}\" data-image-title=\"PHOTO-2023-08-18-08-11-11\" data-image-description=\"\" data-image-caption=\"\" data-large-file=\"https:\/\/www.cisa-arica.cl\/wp1\/wp-content\/uploads\/2023\/08\/PHOTO-2023-08-18-08-11-11-600x450.jpg\" role=\"button\" tabindex=\"0\" aria-label=\"Abrir la imagen 13 de 23 en pantalla completa\"srcset=\"https:\/\/i1.wp.com\/www.cisa-arica.cl\/wp1\/wp-content\/uploads\/2023\/08\/PHOTO-2023-08-18-08-11-11-600x450.jpg?strip=info&#038;w=600&#038;ssl=1 600w,https:\/\/i1.wp.com\/www.cisa-arica.cl\/wp1\/wp-content\/uploads\/2023\/08\/PHOTO-2023-08-18-08-11-11-600x450.jpg?strip=info&#038;w=900&#038;ssl=1 900w,https:\/\/i1.wp.com\/www.cisa-arica.cl\/wp1\/wp-content\/uploads\/2023\/08\/PHOTO-2023-08-18-08-11-11-600x450.jpg?strip=info&#038;w=1200&#038;ssl=1 1200w,https:\/\/i1.wp.com\/www.cisa-arica.cl\/wp1\/wp-content\/uploads\/2023\/08\/PHOTO-2023-08-18-08-11-11-600x450.jpg?strip=info&#038;w=1500&#038;ssl=1 1500w,https:\/\/i1.wp.com\/www.cisa-arica.cl\/wp1\/wp-content\/uploads\/2023\/08\/PHOTO-2023-08-18-08-11-11-600x450.jpg?strip=info&#038;w=1600&#038;ssl=1 1600w\" alt=\"\" data-height=\"1200\" data-id=\"21791\" data-link=\"https:\/\/www.cisa-arica.cl\/wp1\/?attachment_id=21791\" data-url=\"https:\/\/www.cisa-arica.cl\/wp1\/wp-content\/uploads\/2023\/08\/PHOTO-2023-08-18-08-11-11-600x450.jpg\" data-width=\"1600\" src=\"https:\/\/i1.wp.com\/www.cisa-arica.cl\/wp1\/wp-content\/uploads\/2023\/08\/PHOTO-2023-08-18-08-11-11-600x450.jpg?ssl=1\" data-amp-layout=\"responsive\"\/><\/figure><figure class=\"tiled-gallery__item\"><img decoding=\"async\" data-attachment-id=\"21792\" data-permalink=\"https:\/\/www.cisa-arica.cl\/wp1\/2023\/08\/21\/salida-a-terreno-de-los-terceros-medios\/photo-2023-08-18-08-11-11-2\/\" data-orig-file=\"https:\/\/www.cisa-arica.cl\/wp1\/wp-content\/uploads\/2023\/08\/PHOTO-2023-08-18-08-11-11-2.jpg\" data-orig-size=\"1600,1200\" data-comments-opened=\"0\" data-image-meta=\"{&quot;aperture&quot;:&quot;0&quot;,&quot;credit&quot;:&quot;&quot;,&quot;camera&quot;:&quot;&quot;,&quot;caption&quot;:&quot;&quot;,&quot;created_timestamp&quot;:&quot;0&quot;,&quot;copyright&quot;:&quot;&quot;,&quot;focal_length&quot;:&quot;0&quot;,&quot;iso&quot;:&quot;0&quot;,&quot;shutter_speed&quot;:&quot;0&quot;,&quot;title&quot;:&quot;&quot;,&quot;orientation&quot;:&quot;0&quot;}\" data-image-title=\"PHOTO-2023-08-18-08-11-11-2\" data-image-description=\"\" data-image-caption=\"\" data-large-file=\"https:\/\/www.cisa-arica.cl\/wp1\/wp-content\/uploads\/2023\/08\/PHOTO-2023-08-18-08-11-11-2-600x450.jpg\" data-attachment-id=\"21792\" data-permalink=\"https:\/\/www.cisa-arica.cl\/wp1\/2023\/08\/21\/salida-a-terreno-de-los-terceros-medios\/photo-2023-08-18-08-11-11-2\/\" data-orig-file=\"https:\/\/www.cisa-arica.cl\/wp1\/wp-content\/uploads\/2023\/08\/PHOTO-2023-08-18-08-11-11-2.jpg\" data-orig-size=\"1600,1200\" data-comments-opened=\"0\" data-image-meta=\"{&quot;aperture&quot;:&quot;0&quot;,&quot;credit&quot;:&quot;&quot;,&quot;camera&quot;:&quot;&quot;,&quot;caption&quot;:&quot;&quot;,&quot;created_timestamp&quot;:&quot;0&quot;,&quot;copyright&quot;:&quot;&quot;,&quot;focal_length&quot;:&quot;0&quot;,&quot;iso&quot;:&quot;0&quot;,&quot;shutter_speed&quot;:&quot;0&quot;,&quot;title&quot;:&quot;&quot;,&quot;orientation&quot;:&quot;0&quot;}\" data-image-title=\"PHOTO-2023-08-18-08-11-11-2\" data-image-description=\"\" data-image-caption=\"\" data-large-file=\"https:\/\/www.cisa-arica.cl\/wp1\/wp-content\/uploads\/2023\/08\/PHOTO-2023-08-18-08-11-11-2-600x450.jpg\" role=\"button\" tabindex=\"0\" aria-label=\"Abrir la imagen 14 de 23 en pantalla completa\"srcset=\"https:\/\/i0.wp.com\/www.cisa-arica.cl\/wp1\/wp-content\/uploads\/2023\/08\/PHOTO-2023-08-18-08-11-11-2-600x450.jpg?strip=info&#038;w=600&#038;ssl=1 600w,https:\/\/i0.wp.com\/www.cisa-arica.cl\/wp1\/wp-content\/uploads\/2023\/08\/PHOTO-2023-08-18-08-11-11-2-600x450.jpg?strip=info&#038;w=900&#038;ssl=1 900w,https:\/\/i0.wp.com\/www.cisa-arica.cl\/wp1\/wp-content\/uploads\/2023\/08\/PHOTO-2023-08-18-08-11-11-2-600x450.jpg?strip=info&#038;w=1200&#038;ssl=1 1200w,https:\/\/i0.wp.com\/www.cisa-arica.cl\/wp1\/wp-content\/uploads\/2023\/08\/PHOTO-2023-08-18-08-11-11-2-600x450.jpg?strip=info&#038;w=1500&#038;ssl=1 1500w,https:\/\/i0.wp.com\/www.cisa-arica.cl\/wp1\/wp-content\/uploads\/2023\/08\/PHOTO-2023-08-18-08-11-11-2-600x450.jpg?strip=info&#038;w=1600&#038;ssl=1 1600w\" alt=\"\" data-height=\"1200\" data-id=\"21792\" data-link=\"https:\/\/www.cisa-arica.cl\/wp1\/?attachment_id=21792\" data-url=\"https:\/\/www.cisa-arica.cl\/wp1\/wp-content\/uploads\/2023\/08\/PHOTO-2023-08-18-08-11-11-2-600x450.jpg\" data-width=\"1600\" src=\"https:\/\/i0.wp.com\/www.cisa-arica.cl\/wp1\/wp-content\/uploads\/2023\/08\/PHOTO-2023-08-18-08-11-11-2-600x450.jpg?ssl=1\" data-amp-layout=\"responsive\"\/><\/figure><\/div><\/div><div class=\"tiled-gallery__row\"><div class=\"tiled-gallery__col\" style=\"flex-basis:63.97414%\"><figure class=\"tiled-gallery__item\"><img decoding=\"async\" data-attachment-id=\"21793\" data-permalink=\"https:\/\/www.cisa-arica.cl\/wp1\/2023\/08\/21\/salida-a-terreno-de-los-terceros-medios\/photo-2023-08-18-08-11-11-1\/\" data-orig-file=\"https:\/\/www.cisa-arica.cl\/wp1\/wp-content\/uploads\/2023\/08\/PHOTO-2023-08-18-08-11-11-1.jpg\" data-orig-size=\"1600,1200\" data-comments-opened=\"0\" data-image-meta=\"{&quot;aperture&quot;:&quot;0&quot;,&quot;credit&quot;:&quot;&quot;,&quot;camera&quot;:&quot;&quot;,&quot;caption&quot;:&quot;&quot;,&quot;created_timestamp&quot;:&quot;0&quot;,&quot;copyright&quot;:&quot;&quot;,&quot;focal_length&quot;:&quot;0&quot;,&quot;iso&quot;:&quot;0&quot;,&quot;shutter_speed&quot;:&quot;0&quot;,&quot;title&quot;:&quot;&quot;,&quot;orientation&quot;:&quot;0&quot;}\" data-image-title=\"PHOTO-2023-08-18-08-11-11-1\" data-image-description=\"\" data-image-caption=\"\" data-large-file=\"https:\/\/www.cisa-arica.cl\/wp1\/wp-content\/uploads\/2023\/08\/PHOTO-2023-08-18-08-11-11-1-600x450.jpg\" data-attachment-id=\"21793\" data-permalink=\"https:\/\/www.cisa-arica.cl\/wp1\/2023\/08\/21\/salida-a-terreno-de-los-terceros-medios\/photo-2023-08-18-08-11-11-1\/\" data-orig-file=\"https:\/\/www.cisa-arica.cl\/wp1\/wp-content\/uploads\/2023\/08\/PHOTO-2023-08-18-08-11-11-1.jpg\" data-orig-size=\"1600,1200\" data-comments-opened=\"0\" data-image-meta=\"{&quot;aperture&quot;:&quot;0&quot;,&quot;credit&quot;:&quot;&quot;,&quot;camera&quot;:&quot;&quot;,&quot;caption&quot;:&quot;&quot;,&quot;created_timestamp&quot;:&quot;0&quot;,&quot;copyright&quot;:&quot;&quot;,&quot;focal_length&quot;:&quot;0&quot;,&quot;iso&quot;:&quot;0&quot;,&quot;shutter_speed&quot;:&quot;0&quot;,&quot;title&quot;:&quot;&quot;,&quot;orientation&quot;:&quot;0&quot;}\" data-image-title=\"PHOTO-2023-08-18-08-11-11-1\" data-image-description=\"\" data-image-caption=\"\" data-large-file=\"https:\/\/www.cisa-arica.cl\/wp1\/wp-content\/uploads\/2023\/08\/PHOTO-2023-08-18-08-11-11-1-600x450.jpg\" role=\"button\" tabindex=\"0\" aria-label=\"Abrir la imagen 15 de 23 en pantalla completa\"srcset=\"https:\/\/i1.wp.com\/www.cisa-arica.cl\/wp1\/wp-content\/uploads\/2023\/08\/PHOTO-2023-08-18-08-11-11-1-600x450.jpg?strip=info&#038;w=600&#038;ssl=1 600w,https:\/\/i1.wp.com\/www.cisa-arica.cl\/wp1\/wp-content\/uploads\/2023\/08\/PHOTO-2023-08-18-08-11-11-1-600x450.jpg?strip=info&#038;w=900&#038;ssl=1 900w,https:\/\/i1.wp.com\/www.cisa-arica.cl\/wp1\/wp-content\/uploads\/2023\/08\/PHOTO-2023-08-18-08-11-11-1-600x450.jpg?strip=info&#038;w=1200&#038;ssl=1 1200w,https:\/\/i1.wp.com\/www.cisa-arica.cl\/wp1\/wp-content\/uploads\/2023\/08\/PHOTO-2023-08-18-08-11-11-1-600x450.jpg?strip=info&#038;w=1500&#038;ssl=1 1500w,https:\/\/i1.wp.com\/www.cisa-arica.cl\/wp1\/wp-content\/uploads\/2023\/08\/PHOTO-2023-08-18-08-11-11-1-600x450.jpg?strip=info&#038;w=1600&#038;ssl=1 1600w\" alt=\"\" data-height=\"1200\" data-id=\"21793\" data-link=\"https:\/\/www.cisa-arica.cl\/wp1\/?attachment_id=21793\" data-url=\"https:\/\/www.cisa-arica.cl\/wp1\/wp-content\/uploads\/2023\/08\/PHOTO-2023-08-18-08-11-11-1-600x450.jpg\" data-width=\"1600\" src=\"https:\/\/i1.wp.com\/www.cisa-arica.cl\/wp1\/wp-content\/uploads\/2023\/08\/PHOTO-2023-08-18-08-11-11-1-600x450.jpg?ssl=1\" data-amp-layout=\"responsive\"\/><\/figure><\/div><div class=\"tiled-gallery__col\" style=\"flex-basis:36.02586%\"><figure class=\"tiled-gallery__item\"><img decoding=\"async\" data-attachment-id=\"21794\" data-permalink=\"https:\/\/www.cisa-arica.cl\/wp1\/2023\/08\/21\/salida-a-terreno-de-los-terceros-medios\/photo-2023-08-18-08-11-10\/\" data-orig-file=\"https:\/\/www.cisa-arica.cl\/wp1\/wp-content\/uploads\/2023\/08\/PHOTO-2023-08-18-08-11-10.jpg\" data-orig-size=\"1200,1600\" data-comments-opened=\"0\" data-image-meta=\"{&quot;aperture&quot;:&quot;0&quot;,&quot;credit&quot;:&quot;&quot;,&quot;camera&quot;:&quot;&quot;,&quot;caption&quot;:&quot;&quot;,&quot;created_timestamp&quot;:&quot;0&quot;,&quot;copyright&quot;:&quot;&quot;,&quot;focal_length&quot;:&quot;0&quot;,&quot;iso&quot;:&quot;0&quot;,&quot;shutter_speed&quot;:&quot;0&quot;,&quot;title&quot;:&quot;&quot;,&quot;orientation&quot;:&quot;0&quot;}\" data-image-title=\"PHOTO-2023-08-18-08-11-10\" data-image-description=\"\" data-image-caption=\"\" data-large-file=\"https:\/\/www.cisa-arica.cl\/wp1\/wp-content\/uploads\/2023\/08\/PHOTO-2023-08-18-08-11-10-450x600.jpg\" data-attachment-id=\"21794\" data-permalink=\"https:\/\/www.cisa-arica.cl\/wp1\/2023\/08\/21\/salida-a-terreno-de-los-terceros-medios\/photo-2023-08-18-08-11-10\/\" data-orig-file=\"https:\/\/www.cisa-arica.cl\/wp1\/wp-content\/uploads\/2023\/08\/PHOTO-2023-08-18-08-11-10.jpg\" data-orig-size=\"1200,1600\" data-comments-opened=\"0\" data-image-meta=\"{&quot;aperture&quot;:&quot;0&quot;,&quot;credit&quot;:&quot;&quot;,&quot;camera&quot;:&quot;&quot;,&quot;caption&quot;:&quot;&quot;,&quot;created_timestamp&quot;:&quot;0&quot;,&quot;copyright&quot;:&quot;&quot;,&quot;focal_length&quot;:&quot;0&quot;,&quot;iso&quot;:&quot;0&quot;,&quot;shutter_speed&quot;:&quot;0&quot;,&quot;title&quot;:&quot;&quot;,&quot;orientation&quot;:&quot;0&quot;}\" data-image-title=\"PHOTO-2023-08-18-08-11-10\" data-image-description=\"\" data-image-caption=\"\" data-large-file=\"https:\/\/www.cisa-arica.cl\/wp1\/wp-content\/uploads\/2023\/08\/PHOTO-2023-08-18-08-11-10-450x600.jpg\" role=\"button\" tabindex=\"0\" aria-label=\"Abrir la imagen 16 de 23 en pantalla completa\"srcset=\"https:\/\/i2.wp.com\/www.cisa-arica.cl\/wp1\/wp-content\/uploads\/2023\/08\/PHOTO-2023-08-18-08-11-10-450x600.jpg?strip=info&#038;w=600&#038;ssl=1 600w,https:\/\/i2.wp.com\/www.cisa-arica.cl\/wp1\/wp-content\/uploads\/2023\/08\/PHOTO-2023-08-18-08-11-10-450x600.jpg?strip=info&#038;w=900&#038;ssl=1 900w,https:\/\/i2.wp.com\/www.cisa-arica.cl\/wp1\/wp-content\/uploads\/2023\/08\/PHOTO-2023-08-18-08-11-10-450x600.jpg?strip=info&#038;w=1200&#038;ssl=1 1200w\" alt=\"\" data-height=\"1600\" data-id=\"21794\" data-link=\"https:\/\/www.cisa-arica.cl\/wp1\/?attachment_id=21794\" data-url=\"https:\/\/www.cisa-arica.cl\/wp1\/wp-content\/uploads\/2023\/08\/PHOTO-2023-08-18-08-11-10-450x600.jpg\" data-width=\"1200\" src=\"https:\/\/i2.wp.com\/www.cisa-arica.cl\/wp1\/wp-content\/uploads\/2023\/08\/PHOTO-2023-08-18-08-11-10-450x600.jpg?ssl=1\" data-amp-layout=\"responsive\"\/><\/figure><\/div><\/div><div class=\"tiled-gallery__row\"><div class=\"tiled-gallery__col\" style=\"flex-basis:62.92468%\"><figure class=\"tiled-gallery__item\"><img decoding=\"async\" data-attachment-id=\"21795\" data-permalink=\"https:\/\/www.cisa-arica.cl\/wp1\/2023\/08\/21\/salida-a-terreno-de-los-terceros-medios\/photo-2023-08-18-08-11-10-1\/\" data-orig-file=\"https:\/\/www.cisa-arica.cl\/wp1\/wp-content\/uploads\/2023\/08\/PHOTO-2023-08-18-08-11-10-1.jpg\" data-orig-size=\"1200,1600\" data-comments-opened=\"0\" data-image-meta=\"{&quot;aperture&quot;:&quot;0&quot;,&quot;credit&quot;:&quot;&quot;,&quot;camera&quot;:&quot;&quot;,&quot;caption&quot;:&quot;&quot;,&quot;created_timestamp&quot;:&quot;0&quot;,&quot;copyright&quot;:&quot;&quot;,&quot;focal_length&quot;:&quot;0&quot;,&quot;iso&quot;:&quot;0&quot;,&quot;shutter_speed&quot;:&quot;0&quot;,&quot;title&quot;:&quot;&quot;,&quot;orientation&quot;:&quot;0&quot;}\" data-image-title=\"PHOTO-2023-08-18-08-11-10-1\" data-image-description=\"\" data-image-caption=\"\" data-large-file=\"https:\/\/www.cisa-arica.cl\/wp1\/wp-content\/uploads\/2023\/08\/PHOTO-2023-08-18-08-11-10-1-450x600.jpg\" data-attachment-id=\"21795\" data-permalink=\"https:\/\/www.cisa-arica.cl\/wp1\/2023\/08\/21\/salida-a-terreno-de-los-terceros-medios\/photo-2023-08-18-08-11-10-1\/\" data-orig-file=\"https:\/\/www.cisa-arica.cl\/wp1\/wp-content\/uploads\/2023\/08\/PHOTO-2023-08-18-08-11-10-1.jpg\" data-orig-size=\"1200,1600\" data-comments-opened=\"0\" data-image-meta=\"{&quot;aperture&quot;:&quot;0&quot;,&quot;credit&quot;:&quot;&quot;,&quot;camera&quot;:&quot;&quot;,&quot;caption&quot;:&quot;&quot;,&quot;created_timestamp&quot;:&quot;0&quot;,&quot;copyright&quot;:&quot;&quot;,&quot;focal_length&quot;:&quot;0&quot;,&quot;iso&quot;:&quot;0&quot;,&quot;shutter_speed&quot;:&quot;0&quot;,&quot;title&quot;:&quot;&quot;,&quot;orientation&quot;:&quot;0&quot;}\" data-image-title=\"PHOTO-2023-08-18-08-11-10-1\" data-image-description=\"\" data-image-caption=\"\" data-large-file=\"https:\/\/www.cisa-arica.cl\/wp1\/wp-content\/uploads\/2023\/08\/PHOTO-2023-08-18-08-11-10-1-450x600.jpg\" role=\"button\" tabindex=\"0\" aria-label=\"Abrir la imagen 17 de 23 en pantalla completa\"srcset=\"https:\/\/i0.wp.com\/www.cisa-arica.cl\/wp1\/wp-content\/uploads\/2023\/08\/PHOTO-2023-08-18-08-11-10-1-450x600.jpg?strip=info&#038;w=600&#038;ssl=1 600w,https:\/\/i0.wp.com\/www.cisa-arica.cl\/wp1\/wp-content\/uploads\/2023\/08\/PHOTO-2023-08-18-08-11-10-1-450x600.jpg?strip=info&#038;w=900&#038;ssl=1 900w,https:\/\/i0.wp.com\/www.cisa-arica.cl\/wp1\/wp-content\/uploads\/2023\/08\/PHOTO-2023-08-18-08-11-10-1-450x600.jpg?strip=info&#038;w=1200&#038;ssl=1 1200w\" alt=\"\" data-height=\"1600\" data-id=\"21795\" data-link=\"https:\/\/www.cisa-arica.cl\/wp1\/?attachment_id=21795\" data-url=\"https:\/\/www.cisa-arica.cl\/wp1\/wp-content\/uploads\/2023\/08\/PHOTO-2023-08-18-08-11-10-1-450x600.jpg\" data-width=\"1200\" src=\"https:\/\/i0.wp.com\/www.cisa-arica.cl\/wp1\/wp-content\/uploads\/2023\/08\/PHOTO-2023-08-18-08-11-10-1-450x600.jpg?ssl=1\" data-amp-layout=\"responsive\"\/><\/figure><\/div><div class=\"tiled-gallery__col\" style=\"flex-basis:37.07532%\"><figure class=\"tiled-gallery__item\"><img decoding=\"async\" data-attachment-id=\"21796\" data-permalink=\"https:\/\/www.cisa-arica.cl\/wp1\/2023\/08\/21\/salida-a-terreno-de-los-terceros-medios\/photo-2023-08-18-08-10-34-1\/\" data-orig-file=\"https:\/\/www.cisa-arica.cl\/wp1\/wp-content\/uploads\/2023\/08\/PHOTO-2023-08-18-08-10-34-1.jpg\" data-orig-size=\"1600,1200\" data-comments-opened=\"0\" data-image-meta=\"{&quot;aperture&quot;:&quot;0&quot;,&quot;credit&quot;:&quot;&quot;,&quot;camera&quot;:&quot;&quot;,&quot;caption&quot;:&quot;&quot;,&quot;created_timestamp&quot;:&quot;0&quot;,&quot;copyright&quot;:&quot;&quot;,&quot;focal_length&quot;:&quot;0&quot;,&quot;iso&quot;:&quot;0&quot;,&quot;shutter_speed&quot;:&quot;0&quot;,&quot;title&quot;:&quot;&quot;,&quot;orientation&quot;:&quot;0&quot;}\" data-image-title=\"PHOTO-2023-08-18-08-10-34-1\" data-image-description=\"\" data-image-caption=\"\" data-large-file=\"https:\/\/www.cisa-arica.cl\/wp1\/wp-content\/uploads\/2023\/08\/PHOTO-2023-08-18-08-10-34-1-600x450.jpg\" data-attachment-id=\"21796\" data-permalink=\"https:\/\/www.cisa-arica.cl\/wp1\/2023\/08\/21\/salida-a-terreno-de-los-terceros-medios\/photo-2023-08-18-08-10-34-1\/\" data-orig-file=\"https:\/\/www.cisa-arica.cl\/wp1\/wp-content\/uploads\/2023\/08\/PHOTO-2023-08-18-08-10-34-1.jpg\" data-orig-size=\"1600,1200\" data-comments-opened=\"0\" data-image-meta=\"{&quot;aperture&quot;:&quot;0&quot;,&quot;credit&quot;:&quot;&quot;,&quot;camera&quot;:&quot;&quot;,&quot;caption&quot;:&quot;&quot;,&quot;created_timestamp&quot;:&quot;0&quot;,&quot;copyright&quot;:&quot;&quot;,&quot;focal_length&quot;:&quot;0&quot;,&quot;iso&quot;:&quot;0&quot;,&quot;shutter_speed&quot;:&quot;0&quot;,&quot;title&quot;:&quot;&quot;,&quot;orientation&quot;:&quot;0&quot;}\" data-image-title=\"PHOTO-2023-08-18-08-10-34-1\" data-image-description=\"\" data-image-caption=\"\" data-large-file=\"https:\/\/www.cisa-arica.cl\/wp1\/wp-content\/uploads\/2023\/08\/PHOTO-2023-08-18-08-10-34-1-600x450.jpg\" role=\"button\" tabindex=\"0\" aria-label=\"Abrir la imagen 18 de 23 en pantalla completa\"srcset=\"https:\/\/i2.wp.com\/www.cisa-arica.cl\/wp1\/wp-content\/uploads\/2023\/08\/PHOTO-2023-08-18-08-10-34-1-600x450.jpg?strip=info&#038;w=600&#038;ssl=1 600w,https:\/\/i2.wp.com\/www.cisa-arica.cl\/wp1\/wp-content\/uploads\/2023\/08\/PHOTO-2023-08-18-08-10-34-1-600x450.jpg?strip=info&#038;w=900&#038;ssl=1 900w,https:\/\/i2.wp.com\/www.cisa-arica.cl\/wp1\/wp-content\/uploads\/2023\/08\/PHOTO-2023-08-18-08-10-34-1-600x450.jpg?strip=info&#038;w=1200&#038;ssl=1 1200w,https:\/\/i2.wp.com\/www.cisa-arica.cl\/wp1\/wp-content\/uploads\/2023\/08\/PHOTO-2023-08-18-08-10-34-1-600x450.jpg?strip=info&#038;w=1500&#038;ssl=1 1500w,https:\/\/i2.wp.com\/www.cisa-arica.cl\/wp1\/wp-content\/uploads\/2023\/08\/PHOTO-2023-08-18-08-10-34-1-600x450.jpg?strip=info&#038;w=1600&#038;ssl=1 1600w\" alt=\"\" data-height=\"1200\" data-id=\"21796\" data-link=\"https:\/\/www.cisa-arica.cl\/wp1\/?attachment_id=21796\" data-url=\"https:\/\/www.cisa-arica.cl\/wp1\/wp-content\/uploads\/2023\/08\/PHOTO-2023-08-18-08-10-34-1-600x450.jpg\" data-width=\"1600\" src=\"https:\/\/i2.wp.com\/www.cisa-arica.cl\/wp1\/wp-content\/uploads\/2023\/08\/PHOTO-2023-08-18-08-10-34-1-600x450.jpg?ssl=1\" data-amp-layout=\"responsive\"\/><\/figure><figure class=\"tiled-gallery__item\"><img decoding=\"async\" data-attachment-id=\"21797\" data-permalink=\"https:\/\/www.cisa-arica.cl\/wp1\/2023\/08\/21\/salida-a-terreno-de-los-terceros-medios\/photo-2023-08-18-08-10-33-1\/\" data-orig-file=\"https:\/\/www.cisa-arica.cl\/wp1\/wp-content\/uploads\/2023\/08\/PHOTO-2023-08-18-08-10-33-1.jpg\" data-orig-size=\"1600,1200\" data-comments-opened=\"0\" data-image-meta=\"{&quot;aperture&quot;:&quot;0&quot;,&quot;credit&quot;:&quot;&quot;,&quot;camera&quot;:&quot;&quot;,&quot;caption&quot;:&quot;&quot;,&quot;created_timestamp&quot;:&quot;0&quot;,&quot;copyright&quot;:&quot;&quot;,&quot;focal_length&quot;:&quot;0&quot;,&quot;iso&quot;:&quot;0&quot;,&quot;shutter_speed&quot;:&quot;0&quot;,&quot;title&quot;:&quot;&quot;,&quot;orientation&quot;:&quot;0&quot;}\" data-image-title=\"PHOTO-2023-08-18-08-10-33-1\" data-image-description=\"\" data-image-caption=\"\" data-large-file=\"https:\/\/www.cisa-arica.cl\/wp1\/wp-content\/uploads\/2023\/08\/PHOTO-2023-08-18-08-10-33-1-600x450.jpg\" data-attachment-id=\"21797\" data-permalink=\"https:\/\/www.cisa-arica.cl\/wp1\/2023\/08\/21\/salida-a-terreno-de-los-terceros-medios\/photo-2023-08-18-08-10-33-1\/\" data-orig-file=\"https:\/\/www.cisa-arica.cl\/wp1\/wp-content\/uploads\/2023\/08\/PHOTO-2023-08-18-08-10-33-1.jpg\" data-orig-size=\"1600,1200\" data-comments-opened=\"0\" data-image-meta=\"{&quot;aperture&quot;:&quot;0&quot;,&quot;credit&quot;:&quot;&quot;,&quot;camera&quot;:&quot;&quot;,&quot;caption&quot;:&quot;&quot;,&quot;created_timestamp&quot;:&quot;0&quot;,&quot;copyright&quot;:&quot;&quot;,&quot;focal_length&quot;:&quot;0&quot;,&quot;iso&quot;:&quot;0&quot;,&quot;shutter_speed&quot;:&quot;0&quot;,&quot;title&quot;:&quot;&quot;,&quot;orientation&quot;:&quot;0&quot;}\" data-image-title=\"PHOTO-2023-08-18-08-10-33-1\" data-image-description=\"\" data-image-caption=\"\" data-large-file=\"https:\/\/www.cisa-arica.cl\/wp1\/wp-content\/uploads\/2023\/08\/PHOTO-2023-08-18-08-10-33-1-600x450.jpg\" role=\"button\" tabindex=\"0\" aria-label=\"Abrir la imagen 19 de 23 en pantalla completa\"srcset=\"https:\/\/i0.wp.com\/www.cisa-arica.cl\/wp1\/wp-content\/uploads\/2023\/08\/PHOTO-2023-08-18-08-10-33-1-600x450.jpg?strip=info&#038;w=600&#038;ssl=1 600w,https:\/\/i0.wp.com\/www.cisa-arica.cl\/wp1\/wp-content\/uploads\/2023\/08\/PHOTO-2023-08-18-08-10-33-1-600x450.jpg?strip=info&#038;w=900&#038;ssl=1 900w,https:\/\/i0.wp.com\/www.cisa-arica.cl\/wp1\/wp-content\/uploads\/2023\/08\/PHOTO-2023-08-18-08-10-33-1-600x450.jpg?strip=info&#038;w=1200&#038;ssl=1 1200w,https:\/\/i0.wp.com\/www.cisa-arica.cl\/wp1\/wp-content\/uploads\/2023\/08\/PHOTO-2023-08-18-08-10-33-1-600x450.jpg?strip=info&#038;w=1500&#038;ssl=1 1500w,https:\/\/i0.wp.com\/www.cisa-arica.cl\/wp1\/wp-content\/uploads\/2023\/08\/PHOTO-2023-08-18-08-10-33-1-600x450.jpg?strip=info&#038;w=1600&#038;ssl=1 1600w\" alt=\"\" data-height=\"1200\" data-id=\"21797\" data-link=\"https:\/\/www.cisa-arica.cl\/wp1\/?attachment_id=21797\" data-url=\"https:\/\/www.cisa-arica.cl\/wp1\/wp-content\/uploads\/2023\/08\/PHOTO-2023-08-18-08-10-33-1-600x450.jpg\" data-width=\"1600\" src=\"https:\/\/i0.wp.com\/www.cisa-arica.cl\/wp1\/wp-content\/uploads\/2023\/08\/PHOTO-2023-08-18-08-10-33-1-600x450.jpg?ssl=1\" data-amp-layout=\"responsive\"\/><\/figure><figure class=\"tiled-gallery__item\"><img decoding=\"async\" data-attachment-id=\"21798\" data-permalink=\"https:\/\/www.cisa-arica.cl\/wp1\/2023\/08\/21\/salida-a-terreno-de-los-terceros-medios\/photo-2023-08-18-08-10-332-1\/\" data-orig-file=\"https:\/\/www.cisa-arica.cl\/wp1\/wp-content\/uploads\/2023\/08\/PHOTO-2023-08-18-08-10-332-1.jpg\" data-orig-size=\"1600,1200\" data-comments-opened=\"0\" data-image-meta=\"{&quot;aperture&quot;:&quot;0&quot;,&quot;credit&quot;:&quot;&quot;,&quot;camera&quot;:&quot;&quot;,&quot;caption&quot;:&quot;&quot;,&quot;created_timestamp&quot;:&quot;0&quot;,&quot;copyright&quot;:&quot;&quot;,&quot;focal_length&quot;:&quot;0&quot;,&quot;iso&quot;:&quot;0&quot;,&quot;shutter_speed&quot;:&quot;0&quot;,&quot;title&quot;:&quot;&quot;,&quot;orientation&quot;:&quot;0&quot;}\" data-image-title=\"PHOTO-2023-08-18-08-10-332-1\" data-image-description=\"\" data-image-caption=\"\" data-large-file=\"https:\/\/www.cisa-arica.cl\/wp1\/wp-content\/uploads\/2023\/08\/PHOTO-2023-08-18-08-10-332-1-600x450.jpg\" data-attachment-id=\"21798\" data-permalink=\"https:\/\/www.cisa-arica.cl\/wp1\/2023\/08\/21\/salida-a-terreno-de-los-terceros-medios\/photo-2023-08-18-08-10-332-1\/\" data-orig-file=\"https:\/\/www.cisa-arica.cl\/wp1\/wp-content\/uploads\/2023\/08\/PHOTO-2023-08-18-08-10-332-1.jpg\" data-orig-size=\"1600,1200\" data-comments-opened=\"0\" data-image-meta=\"{&quot;aperture&quot;:&quot;0&quot;,&quot;credit&quot;:&quot;&quot;,&quot;camera&quot;:&quot;&quot;,&quot;caption&quot;:&quot;&quot;,&quot;created_timestamp&quot;:&quot;0&quot;,&quot;copyright&quot;:&quot;&quot;,&quot;focal_length&quot;:&quot;0&quot;,&quot;iso&quot;:&quot;0&quot;,&quot;shutter_speed&quot;:&quot;0&quot;,&quot;title&quot;:&quot;&quot;,&quot;orientation&quot;:&quot;0&quot;}\" data-image-title=\"PHOTO-2023-08-18-08-10-332-1\" data-image-description=\"\" data-image-caption=\"\" data-large-file=\"https:\/\/www.cisa-arica.cl\/wp1\/wp-content\/uploads\/2023\/08\/PHOTO-2023-08-18-08-10-332-1-600x450.jpg\" role=\"button\" tabindex=\"0\" aria-label=\"Abrir la imagen 20 de 23 en pantalla completa\"srcset=\"https:\/\/i2.wp.com\/www.cisa-arica.cl\/wp1\/wp-content\/uploads\/2023\/08\/PHOTO-2023-08-18-08-10-332-1-600x450.jpg?strip=info&#038;w=600&#038;ssl=1 600w,https:\/\/i2.wp.com\/www.cisa-arica.cl\/wp1\/wp-content\/uploads\/2023\/08\/PHOTO-2023-08-18-08-10-332-1-600x450.jpg?strip=info&#038;w=900&#038;ssl=1 900w,https:\/\/i2.wp.com\/www.cisa-arica.cl\/wp1\/wp-content\/uploads\/2023\/08\/PHOTO-2023-08-18-08-10-332-1-600x450.jpg?strip=info&#038;w=1200&#038;ssl=1 1200w,https:\/\/i2.wp.com\/www.cisa-arica.cl\/wp1\/wp-content\/uploads\/2023\/08\/PHOTO-2023-08-18-08-10-332-1-600x450.jpg?strip=info&#038;w=1500&#038;ssl=1 1500w,https:\/\/i2.wp.com\/www.cisa-arica.cl\/wp1\/wp-content\/uploads\/2023\/08\/PHOTO-2023-08-18-08-10-332-1-600x450.jpg?strip=info&#038;w=1600&#038;ssl=1 1600w\" alt=\"\" data-height=\"1200\" data-id=\"21798\" data-link=\"https:\/\/www.cisa-arica.cl\/wp1\/?attachment_id=21798\" data-url=\"https:\/\/www.cisa-arica.cl\/wp1\/wp-content\/uploads\/2023\/08\/PHOTO-2023-08-18-08-10-332-1-600x450.jpg\" data-width=\"1600\" src=\"https:\/\/i2.wp.com\/www.cisa-arica.cl\/wp1\/wp-content\/uploads\/2023\/08\/PHOTO-2023-08-18-08-10-332-1-600x450.jpg?ssl=1\" data-amp-layout=\"responsive\"\/><\/figure><\/div><\/div><div class=\"tiled-gallery__row\"><div class=\"tiled-gallery__col\" style=\"flex-basis:39.00709%\"><figure class=\"tiled-gallery__item\"><img decoding=\"async\" data-attachment-id=\"21799\" data-permalink=\"https:\/\/www.cisa-arica.cl\/wp1\/2023\/08\/21\/salida-a-terreno-de-los-terceros-medios\/photo-2023-08-18-08-10-331-1\/\" data-orig-file=\"https:\/\/www.cisa-arica.cl\/wp1\/wp-content\/uploads\/2023\/08\/PHOTO-2023-08-18-08-10-331-1.jpg\" data-orig-size=\"1600,1200\" data-comments-opened=\"0\" data-image-meta=\"{&quot;aperture&quot;:&quot;0&quot;,&quot;credit&quot;:&quot;&quot;,&quot;camera&quot;:&quot;&quot;,&quot;caption&quot;:&quot;&quot;,&quot;created_timestamp&quot;:&quot;0&quot;,&quot;copyright&quot;:&quot;&quot;,&quot;focal_length&quot;:&quot;0&quot;,&quot;iso&quot;:&quot;0&quot;,&quot;shutter_speed&quot;:&quot;0&quot;,&quot;title&quot;:&quot;&quot;,&quot;orientation&quot;:&quot;0&quot;}\" data-image-title=\"PHOTO-2023-08-18-08-10-331-1\" data-image-description=\"\" data-image-caption=\"\" data-large-file=\"https:\/\/www.cisa-arica.cl\/wp1\/wp-content\/uploads\/2023\/08\/PHOTO-2023-08-18-08-10-331-1-600x450.jpg\" data-attachment-id=\"21799\" data-permalink=\"https:\/\/www.cisa-arica.cl\/wp1\/2023\/08\/21\/salida-a-terreno-de-los-terceros-medios\/photo-2023-08-18-08-10-331-1\/\" data-orig-file=\"https:\/\/www.cisa-arica.cl\/wp1\/wp-content\/uploads\/2023\/08\/PHOTO-2023-08-18-08-10-331-1.jpg\" data-orig-size=\"1600,1200\" data-comments-opened=\"0\" data-image-meta=\"{&quot;aperture&quot;:&quot;0&quot;,&quot;credit&quot;:&quot;&quot;,&quot;camera&quot;:&quot;&quot;,&quot;caption&quot;:&quot;&quot;,&quot;created_timestamp&quot;:&quot;0&quot;,&quot;copyright&quot;:&quot;&quot;,&quot;focal_length&quot;:&quot;0&quot;,&quot;iso&quot;:&quot;0&quot;,&quot;shutter_speed&quot;:&quot;0&quot;,&quot;title&quot;:&quot;&quot;,&quot;orientation&quot;:&quot;0&quot;}\" data-image-title=\"PHOTO-2023-08-18-08-10-331-1\" data-image-description=\"\" data-image-caption=\"\" data-large-file=\"https:\/\/www.cisa-arica.cl\/wp1\/wp-content\/uploads\/2023\/08\/PHOTO-2023-08-18-08-10-331-1-600x450.jpg\" role=\"button\" tabindex=\"0\" aria-label=\"Abrir la imagen 21 de 23 en pantalla completa\"srcset=\"https:\/\/i0.wp.com\/www.cisa-arica.cl\/wp1\/wp-content\/uploads\/2023\/08\/PHOTO-2023-08-18-08-10-331-1-600x450.jpg?strip=info&#038;w=600&#038;ssl=1 600w,https:\/\/i0.wp.com\/www.cisa-arica.cl\/wp1\/wp-content\/uploads\/2023\/08\/PHOTO-2023-08-18-08-10-331-1-600x450.jpg?strip=info&#038;w=900&#038;ssl=1 900w,https:\/\/i0.wp.com\/www.cisa-arica.cl\/wp1\/wp-content\/uploads\/2023\/08\/PHOTO-2023-08-18-08-10-331-1-600x450.jpg?strip=info&#038;w=1200&#038;ssl=1 1200w,https:\/\/i0.wp.com\/www.cisa-arica.cl\/wp1\/wp-content\/uploads\/2023\/08\/PHOTO-2023-08-18-08-10-331-1-600x450.jpg?strip=info&#038;w=1500&#038;ssl=1 1500w,https:\/\/i0.wp.com\/www.cisa-arica.cl\/wp1\/wp-content\/uploads\/2023\/08\/PHOTO-2023-08-18-08-10-331-1-600x450.jpg?strip=info&#038;w=1600&#038;ssl=1 1600w\" alt=\"\" data-height=\"1200\" data-id=\"21799\" data-link=\"https:\/\/www.cisa-arica.cl\/wp1\/?attachment_id=21799\" data-url=\"https:\/\/www.cisa-arica.cl\/wp1\/wp-content\/uploads\/2023\/08\/PHOTO-2023-08-18-08-10-331-1-600x450.jpg\" data-width=\"1600\" src=\"https:\/\/i0.wp.com\/www.cisa-arica.cl\/wp1\/wp-content\/uploads\/2023\/08\/PHOTO-2023-08-18-08-10-331-1-600x450.jpg?ssl=1\" data-amp-layout=\"responsive\"\/><\/figure><\/div><div class=\"tiled-gallery__col\" style=\"flex-basis:21.98582%\"><figure class=\"tiled-gallery__item\"><img decoding=\"async\" data-attachment-id=\"21800\" data-permalink=\"https:\/\/www.cisa-arica.cl\/wp1\/2023\/08\/21\/salida-a-terreno-de-los-terceros-medios\/photo-2023-08-18-08-10-32-1\/\" data-orig-file=\"https:\/\/www.cisa-arica.cl\/wp1\/wp-content\/uploads\/2023\/08\/PHOTO-2023-08-18-08-10-32-1.jpg\" data-orig-size=\"1200,1600\" data-comments-opened=\"0\" data-image-meta=\"{&quot;aperture&quot;:&quot;0&quot;,&quot;credit&quot;:&quot;&quot;,&quot;camera&quot;:&quot;&quot;,&quot;caption&quot;:&quot;&quot;,&quot;created_timestamp&quot;:&quot;0&quot;,&quot;copyright&quot;:&quot;&quot;,&quot;focal_length&quot;:&quot;0&quot;,&quot;iso&quot;:&quot;0&quot;,&quot;shutter_speed&quot;:&quot;0&quot;,&quot;title&quot;:&quot;&quot;,&quot;orientation&quot;:&quot;0&quot;}\" data-image-title=\"PHOTO-2023-08-18-08-10-32-1\" data-image-description=\"\" data-image-caption=\"\" data-large-file=\"https:\/\/www.cisa-arica.cl\/wp1\/wp-content\/uploads\/2023\/08\/PHOTO-2023-08-18-08-10-32-1-450x600.jpg\" data-attachment-id=\"21800\" data-permalink=\"https:\/\/www.cisa-arica.cl\/wp1\/2023\/08\/21\/salida-a-terreno-de-los-terceros-medios\/photo-2023-08-18-08-10-32-1\/\" data-orig-file=\"https:\/\/www.cisa-arica.cl\/wp1\/wp-content\/uploads\/2023\/08\/PHOTO-2023-08-18-08-10-32-1.jpg\" data-orig-size=\"1200,1600\" data-comments-opened=\"0\" data-image-meta=\"{&quot;aperture&quot;:&quot;0&quot;,&quot;credit&quot;:&quot;&quot;,&quot;camera&quot;:&quot;&quot;,&quot;caption&quot;:&quot;&quot;,&quot;created_timestamp&quot;:&quot;0&quot;,&quot;copyright&quot;:&quot;&quot;,&quot;focal_length&quot;:&quot;0&quot;,&quot;iso&quot;:&quot;0&quot;,&quot;shutter_speed&quot;:&quot;0&quot;,&quot;title&quot;:&quot;&quot;,&quot;orientation&quot;:&quot;0&quot;}\" data-image-title=\"PHOTO-2023-08-18-08-10-32-1\" data-image-description=\"\" data-image-caption=\"\" data-large-file=\"https:\/\/www.cisa-arica.cl\/wp1\/wp-content\/uploads\/2023\/08\/PHOTO-2023-08-18-08-10-32-1-450x600.jpg\" role=\"button\" tabindex=\"0\" aria-label=\"Abrir la imagen 22 de 23 en pantalla completa\"srcset=\"https:\/\/i0.wp.com\/www.cisa-arica.cl\/wp1\/wp-content\/uploads\/2023\/08\/PHOTO-2023-08-18-08-10-32-1-450x600.jpg?strip=info&#038;w=600&#038;ssl=1 600w,https:\/\/i0.wp.com\/www.cisa-arica.cl\/wp1\/wp-content\/uploads\/2023\/08\/PHOTO-2023-08-18-08-10-32-1-450x600.jpg?strip=info&#038;w=900&#038;ssl=1 900w,https:\/\/i0.wp.com\/www.cisa-arica.cl\/wp1\/wp-content\/uploads\/2023\/08\/PHOTO-2023-08-18-08-10-32-1-450x600.jpg?strip=info&#038;w=1200&#038;ssl=1 1200w\" alt=\"\" data-height=\"1600\" data-id=\"21800\" data-link=\"https:\/\/www.cisa-arica.cl\/wp1\/?attachment_id=21800\" data-url=\"https:\/\/www.cisa-arica.cl\/wp1\/wp-content\/uploads\/2023\/08\/PHOTO-2023-08-18-08-10-32-1-450x600.jpg\" data-width=\"1200\" src=\"https:\/\/i0.wp.com\/www.cisa-arica.cl\/wp1\/wp-content\/uploads\/2023\/08\/PHOTO-2023-08-18-08-10-32-1-450x600.jpg?ssl=1\" data-amp-layout=\"responsive\"\/><\/figure><\/div><div class=\"tiled-gallery__col\" style=\"flex-basis:39.00709%\"><figure class=\"tiled-gallery__item\"><img decoding=\"async\" data-attachment-id=\"21801\" data-permalink=\"https:\/\/www.cisa-arica.cl\/wp1\/2023\/08\/21\/salida-a-terreno-de-los-terceros-medios\/photo-2023-08-18-08-10-31-1\/\" data-orig-file=\"https:\/\/www.cisa-arica.cl\/wp1\/wp-content\/uploads\/2023\/08\/PHOTO-2023-08-18-08-10-31-1.jpg\" data-orig-size=\"1600,1200\" data-comments-opened=\"0\" data-image-meta=\"{&quot;aperture&quot;:&quot;0&quot;,&quot;credit&quot;:&quot;&quot;,&quot;camera&quot;:&quot;&quot;,&quot;caption&quot;:&quot;&quot;,&quot;created_timestamp&quot;:&quot;0&quot;,&quot;copyright&quot;:&quot;&quot;,&quot;focal_length&quot;:&quot;0&quot;,&quot;iso&quot;:&quot;0&quot;,&quot;shutter_speed&quot;:&quot;0&quot;,&quot;title&quot;:&quot;&quot;,&quot;orientation&quot;:&quot;0&quot;}\" data-image-title=\"PHOTO-2023-08-18-08-10-31-1\" data-image-description=\"\" data-image-caption=\"\" data-large-file=\"https:\/\/www.cisa-arica.cl\/wp1\/wp-content\/uploads\/2023\/08\/PHOTO-2023-08-18-08-10-31-1-600x450.jpg\" data-attachment-id=\"21801\" data-permalink=\"https:\/\/www.cisa-arica.cl\/wp1\/2023\/08\/21\/salida-a-terreno-de-los-terceros-medios\/photo-2023-08-18-08-10-31-1\/\" data-orig-file=\"https:\/\/www.cisa-arica.cl\/wp1\/wp-content\/uploads\/2023\/08\/PHOTO-2023-08-18-08-10-31-1.jpg\" data-orig-size=\"1600,1200\" data-comments-opened=\"0\" data-image-meta=\"{&quot;aperture&quot;:&quot;0&quot;,&quot;credit&quot;:&quot;&quot;,&quot;camera&quot;:&quot;&quot;,&quot;caption&quot;:&quot;&quot;,&quot;created_timestamp&quot;:&quot;0&quot;,&quot;copyright&quot;:&quot;&quot;,&quot;focal_length&quot;:&quot;0&quot;,&quot;iso&quot;:&quot;0&quot;,&quot;shutter_speed&quot;:&quot;0&quot;,&quot;title&quot;:&quot;&quot;,&quot;orientation&quot;:&quot;0&quot;}\" data-image-title=\"PHOTO-2023-08-18-08-10-31-1\" data-image-description=\"\" data-image-caption=\"\" data-large-file=\"https:\/\/www.cisa-arica.cl\/wp1\/wp-content\/uploads\/2023\/08\/PHOTO-2023-08-18-08-10-31-1-600x450.jpg\" role=\"button\" tabindex=\"0\" aria-label=\"Abrir la imagen 23 de 23 en pantalla completa\"srcset=\"https:\/\/i1.wp.com\/www.cisa-arica.cl\/wp1\/wp-content\/uploads\/2023\/08\/PHOTO-2023-08-18-08-10-31-1-600x450.jpg?strip=info&#038;w=600&#038;ssl=1 600w,https:\/\/i1.wp.com\/www.cisa-arica.cl\/wp1\/wp-content\/uploads\/2023\/08\/PHOTO-2023-08-18-08-10-31-1-600x450.jpg?strip=info&#038;w=900&#038;ssl=1 900w,https:\/\/i1.wp.com\/www.cisa-arica.cl\/wp1\/wp-content\/uploads\/2023\/08\/PHOTO-2023-08-18-08-10-31-1-600x450.jpg?strip=info&#038;w=1200&#038;ssl=1 1200w,https:\/\/i1.wp.com\/www.cisa-arica.cl\/wp1\/wp-content\/uploads\/2023\/08\/PHOTO-2023-08-18-08-10-31-1-600x450.jpg?strip=info&#038;w=1500&#038;ssl=1 1500w,https:\/\/i1.wp.com\/www.cisa-arica.cl\/wp1\/wp-content\/uploads\/2023\/08\/PHOTO-2023-08-18-08-10-31-1-600x450.jpg?strip=info&#038;w=1600&#038;ssl=1 1600w\" alt=\"\" data-height=\"1200\" data-id=\"21801\" data-link=\"https:\/\/www.cisa-arica.cl\/wp1\/?attachment_id=21801\" data-url=\"https:\/\/www.cisa-arica.cl\/wp1\/wp-content\/uploads\/2023\/08\/PHOTO-2023-08-18-08-10-31-1-600x450.jpg\" data-width=\"1600\" src=\"https:\/\/i1.wp.com\/www.cisa-arica.cl\/wp1\/wp-content\/uploads\/2023\/08\/PHOTO-2023-08-18-08-10-31-1-600x450.jpg?ssl=1\" data-amp-layout=\"responsive\"\/><\/figure><\/div><\/div><\/div><\/div>\n","protected":false},"excerpt":{"rendered":"<p>Las estudiantes de 3\u00ba medio realizaron una\u00a0 salida a terreno a la Playa Chinchorro por la asignatura de Ciencias para la Ciudadan\u00eda, con la finalidad de hacer una limpieza de este hermoso lugar tur\u00edstico. Unidad de trabajo: Medio Ambiente y Sostenibilidad Objetivo: Limpiar un sector de la playa y recolectar los desechos, clasific\u00e1ndolos\u00a0seg\u00fan su origen <a class=\"read-more\" href=\"https:\/\/www.cisa-arica.cl\/wp1\/2023\/08\/21\/salida-a-terreno-de-los-terceros-medios\/\">Continuar leyendo<\/a><\/p>\n","protected":false},"author":5,"featured_media":0,"comment_status":"closed","ping_status":"open","sticky":false,"template":"","format":"standard","meta":{"_jetpack_memberships_contains_paid_content":false,"footnotes":"","jetpack_publicize_message":"","jetpack_publicize_feature_enabled":true,"jetpack_social_post_already_shared":true,"jetpack_social_options":{"image_generator_settings":{"template":"highway","default_image_id":0,"font":"","enabled":false},"version":2}},"categories":[5],"tags":[],"class_list":["post-21776","post","type-post","status-publish","format-standard","hentry","category-uncategorized"],"jetpack_publicize_connections":[],"jetpack_featured_media_url":"","jetpack_sharing_enabled":true,"jetpack_shortlink":"https:\/\/wp.me\/p84wcz-5Fe","jetpack-related-posts":[{"id":6286,"url":"https:\/\/www.cisa-arica.cl\/wp1\/2019\/04\/17\/salida-a-terreno-electivo-ingles-vocacional\/","url_meta":{"origin":21776,"position":0},"title":"Salida a terreno Electivo Ingl\u00e9s Vocacional","author":"Jeannette Rivera","date":"17 de Abril de 2019","format":false,"excerpt":"Las alumnas de cuarto medio pertenecientes al electivo humanista de Ingl\u00e9s Vocacional a cargo de la profesora Begonia Vega, realizaron un walking tour ofrecido por el SERNATUR, actividad en la cual se recorren diversos lugares patrimoniales de Arica bajo una gu\u00eda que describe estos puntos completamente en ingl\u00e9s, ofreciendo una\u2026","rel":"","context":"En &quot;galeria&quot;","block_context":{"text":"galeria","link":"https:\/\/www.cisa-arica.cl\/wp1\/category\/galeria\/"},"img":{"alt_text":"","src":"https:\/\/i0.wp.com\/www.cisa-arica.cl\/wp1\/wp-content\/uploads\/2019\/04\/000-10.jpeg?resize=350%2C200&ssl=1","width":350,"height":200,"srcset":"https:\/\/i0.wp.com\/www.cisa-arica.cl\/wp1\/wp-content\/uploads\/2019\/04\/000-10.jpeg?resize=350%2C200&ssl=1 1x, https:\/\/i0.wp.com\/www.cisa-arica.cl\/wp1\/wp-content\/uploads\/2019\/04\/000-10.jpeg?resize=525%2C300&ssl=1 1.5x, https:\/\/i0.wp.com\/www.cisa-arica.cl\/wp1\/wp-content\/uploads\/2019\/04\/000-10.jpeg?resize=700%2C400&ssl=1 2x, https:\/\/i0.wp.com\/www.cisa-arica.cl\/wp1\/wp-content\/uploads\/2019\/04\/000-10.jpeg?resize=1050%2C600&ssl=1 3x"},"classes":[]},{"id":20944,"url":"https:\/\/www.cisa-arica.cl\/wp1\/2023\/06\/09\/salida-por-impact-of-sea-pollution-cuartos-medios\/","url_meta":{"origin":21776,"position":1},"title":"Salida por &#8220;Impact of sea pollution&#8221; Cuartos Medios","author":"Jeannette Rivera","date":"9 de Junio de 2023","format":false,"excerpt":"Esta salida a terreno estuvo inspirada en la lecci\u00f3n \"Impact of sea pollution\" de la Unidad II de 4to medio a cargo de la teacher Patricia Vera. Se presentaron dos objetivos en esta actividad:\u00a0 \u00a0 \u00a0 \u00a0 \u00a0 \u00a0 \u00a0 \u00a0 \u00a0 \u00a0 \u00a0 \u00a0 \u00a0 \u00a0 \u00a0 \u00a0 \u00a0\u2026","rel":"","context":"Entrada similar ","block_context":{"text":"Entrada similar ","link":""},"img":{"alt_text":"","src":"https:\/\/i0.wp.com\/www.cisa-arica.cl\/wp1\/wp-content\/uploads\/2023\/06\/WhatsApp-Image-2023-06-09-at-14.26.44.jpeg?resize=350%2C200&ssl=1","width":350,"height":200,"srcset":"https:\/\/i0.wp.com\/www.cisa-arica.cl\/wp1\/wp-content\/uploads\/2023\/06\/WhatsApp-Image-2023-06-09-at-14.26.44.jpeg?resize=350%2C200&ssl=1 1x, https:\/\/i0.wp.com\/www.cisa-arica.cl\/wp1\/wp-content\/uploads\/2023\/06\/WhatsApp-Image-2023-06-09-at-14.26.44.jpeg?resize=525%2C300&ssl=1 1.5x, https:\/\/i0.wp.com\/www.cisa-arica.cl\/wp1\/wp-content\/uploads\/2023\/06\/WhatsApp-Image-2023-06-09-at-14.26.44.jpeg?resize=700%2C400&ssl=1 2x, https:\/\/i0.wp.com\/www.cisa-arica.cl\/wp1\/wp-content\/uploads\/2023\/06\/WhatsApp-Image-2023-06-09-at-14.26.44.jpeg?resize=1050%2C600&ssl=1 3x"},"classes":[]},{"id":22438,"url":"https:\/\/www.cisa-arica.cl\/wp1\/2023\/09\/29\/salida-a-terreno\/","url_meta":{"origin":21776,"position":2},"title":"Salida a terreno","author":"Jeannette Rivera","date":"29 de Septiembre de 2023","format":false,"excerpt":".Salida a terreno de la profesora Raquel \u00c1lvarez con el electivo de Est\u00e9tica. La actividad se realiz\u00f3 en el Parque Centenario.","rel":"","context":"Entrada similar ","block_context":{"text":"Entrada similar ","link":""},"img":{"alt_text":"","src":"https:\/\/i0.wp.com\/www.cisa-arica.cl\/wp1\/wp-content\/uploads\/2023\/10\/IMG_4348-1-scaled.jpg?resize=350%2C200&ssl=1","width":350,"height":200,"srcset":"https:\/\/i0.wp.com\/www.cisa-arica.cl\/wp1\/wp-content\/uploads\/2023\/10\/IMG_4348-1-scaled.jpg?resize=350%2C200&ssl=1 1x, https:\/\/i0.wp.com\/www.cisa-arica.cl\/wp1\/wp-content\/uploads\/2023\/10\/IMG_4348-1-scaled.jpg?resize=525%2C300&ssl=1 1.5x, https:\/\/i0.wp.com\/www.cisa-arica.cl\/wp1\/wp-content\/uploads\/2023\/10\/IMG_4348-1-scaled.jpg?resize=700%2C400&ssl=1 2x, https:\/\/i0.wp.com\/www.cisa-arica.cl\/wp1\/wp-content\/uploads\/2023\/10\/IMG_4348-1-scaled.jpg?resize=1050%2C600&ssl=1 3x, https:\/\/i0.wp.com\/www.cisa-arica.cl\/wp1\/wp-content\/uploads\/2023\/10\/IMG_4348-1-scaled.jpg?resize=1400%2C800&ssl=1 4x"},"classes":[]},{"id":7313,"url":"https:\/\/www.cisa-arica.cl\/wp1\/2019\/06\/03\/salida-a-terreno-humedal-de-lluta-5oa\/","url_meta":{"origin":21776,"position":3},"title":"Salida a terreno 5os b\u00e1sicos a Humedal de Lluta","author":"Jeannette Rivera","date":"3 de Junio de 2019","format":false,"excerpt":"Las alumnas de quinto b\u00e1sico tuvieron una educativa salida a terreno para visitar los Humedales de Lluta; salida interdisciplinaria correspondiente a las asignaturas de Ciencias Naturales e Historia. El 5\u00baA tuvo su visita el d\u00eda lunes 3 de junio, mientras al 5\u00baB le correspondi\u00f3 hoy 4 de junio.","rel":"","context":"En &quot;galeria&quot;","block_context":{"text":"galeria","link":"https:\/\/www.cisa-arica.cl\/wp1\/category\/galeria\/"},"img":{"alt_text":"","src":"https:\/\/i0.wp.com\/www.cisa-arica.cl\/wp1\/wp-content\/uploads\/2019\/06\/001.jpeg?resize=350%2C200&ssl=1","width":350,"height":200,"srcset":"https:\/\/i0.wp.com\/www.cisa-arica.cl\/wp1\/wp-content\/uploads\/2019\/06\/001.jpeg?resize=350%2C200&ssl=1 1x, https:\/\/i0.wp.com\/www.cisa-arica.cl\/wp1\/wp-content\/uploads\/2019\/06\/001.jpeg?resize=525%2C300&ssl=1 1.5x, https:\/\/i0.wp.com\/www.cisa-arica.cl\/wp1\/wp-content\/uploads\/2019\/06\/001.jpeg?resize=700%2C400&ssl=1 2x, https:\/\/i0.wp.com\/www.cisa-arica.cl\/wp1\/wp-content\/uploads\/2019\/06\/001.jpeg?resize=1050%2C600&ssl=1 3x"},"classes":[]},{"id":10039,"url":"https:\/\/www.cisa-arica.cl\/wp1\/2019\/10\/22\/informativo-suspension-salida-a-terreno-8os-basicos\/","url_meta":{"origin":21776,"position":4},"title":"Informativo: Suspensi\u00f3n salida a terreno 8os b\u00e1sicos","author":"Jeannette Rivera","date":"22 de Octubre de 2019","format":false,"excerpt":"Estimados padres y apoderados: Velando siempre por la seguridad y resguardo de nuestras alumnas, se ha decidido suspender hasta nuevo aviso la salida a terreno de los 8os b\u00e1sicos A y B hacia la salitrera de Humberstone prevista originalmente para este viernes 25 de octubre. La recalendarizaci\u00f3n de la nueva\u2026","rel":"","context":"Entrada similar ","block_context":{"text":"Entrada similar ","link":""},"img":{"alt_text":"","src":"https:\/\/i0.wp.com\/www.cisa-arica.cl\/wp1\/wp-content\/uploads\/2019\/04\/cropped-LOGO_CISA_chico-2-e1557940881746.png?resize=350%2C200&ssl=1","width":350,"height":200},"classes":[]},{"id":9855,"url":"https:\/\/www.cisa-arica.cl\/wp1\/2019\/10\/11\/salida-a-terreno-asignatura-ed-tecnologica\/","url_meta":{"origin":21776,"position":5},"title":"Salida a terreno asignatura Ed. Tecnol\u00f3gica","author":"Jeannette Rivera","date":"11 de Octubre de 2019","format":false,"excerpt":"El pasado viernes 04 de octubre el curso 8\u00baB tuvo una salida a terreno que consisti\u00f3 en visitar la actividad denominada \"Fiesta de lenguas ind\u00edgenas\", organizada por CONADI y patrocinada por el Ministerio de las Culturas, en donde los pueblos Aymara y Quechua de nuestra regi\u00f3n realizaron una muestra para\u2026","rel":"","context":"En &quot;galeria&quot;","block_context":{"text":"galeria","link":"https:\/\/www.cisa-arica.cl\/wp1\/category\/galeria\/"},"img":{"alt_text":"","src":"https:\/\/i0.wp.com\/www.cisa-arica.cl\/wp1\/wp-content\/uploads\/2019\/10\/IMG_5413.jpg?resize=350%2C200&ssl=1","width":350,"height":200,"srcset":"https:\/\/i0.wp.com\/www.cisa-arica.cl\/wp1\/wp-content\/uploads\/2019\/10\/IMG_5413.jpg?resize=350%2C200&ssl=1 1x, https:\/\/i0.wp.com\/www.cisa-arica.cl\/wp1\/wp-content\/uploads\/2019\/10\/IMG_5413.jpg?resize=525%2C300&ssl=1 1.5x, https:\/\/i0.wp.com\/www.cisa-arica.cl\/wp1\/wp-content\/uploads\/2019\/10\/IMG_5413.jpg?resize=700%2C400&ssl=1 2x, https:\/\/i0.wp.com\/www.cisa-arica.cl\/wp1\/wp-content\/uploads\/2019\/10\/IMG_5413.jpg?resize=1050%2C600&ssl=1 3x, https:\/\/i0.wp.com\/www.cisa-arica.cl\/wp1\/wp-content\/uploads\/2019\/10\/IMG_5413.jpg?resize=1400%2C800&ssl=1 4x"},"classes":[]}],"_links":{"self":[{"href":"https:\/\/www.cisa-arica.cl\/wp1\/wp-json\/wp\/v2\/posts\/21776","targetHints":{"allow":["GET"]}}],"collection":[{"href":"https:\/\/www.cisa-arica.cl\/wp1\/wp-json\/wp\/v2\/posts"}],"about":[{"href":"https:\/\/www.cisa-arica.cl\/wp1\/wp-json\/wp\/v2\/types\/post"}],"author":[{"embeddable":true,"href":"https:\/\/www.cisa-arica.cl\/wp1\/wp-json\/wp\/v2\/users\/5"}],"replies":[{"embeddable":true,"href":"https:\/\/www.cisa-arica.cl\/wp1\/wp-json\/wp\/v2\/comments?post=21776"}],"version-history":[{"count":3,"href":"https:\/\/www.cisa-arica.cl\/wp1\/wp-json\/wp\/v2\/posts\/21776\/revisions"}],"predecessor-version":[{"id":21802,"href":"https:\/\/www.cisa-arica.cl\/wp1\/wp-json\/wp\/v2\/posts\/21776\/revisions\/21802"}],"wp:attachment":[{"href":"https:\/\/www.cisa-arica.cl\/wp1\/wp-json\/wp\/v2\/media?parent=21776"}],"wp:term":[{"taxonomy":"category","embeddable":true,"href":"https:\/\/www.cisa-arica.cl\/wp1\/wp-json\/wp\/v2\/categories?post=21776"},{"taxonomy":"post_tag","embeddable":true,"href":"https:\/\/www.cisa-arica.cl\/wp1\/wp-json\/wp\/v2\/tags?post=21776"}],"curies":[{"name":"wp","href":"https:\/\/api.w.org\/{rel}","templated":true}]}}