{"id":21767,"date":"2023-08-17T11:45:00","date_gmt":"2023-08-17T15:45:00","guid":{"rendered":"https:\/\/www.cisa-arica.cl\/wp1\/?p=21767"},"modified":"2023-08-25T11:14:36","modified_gmt":"2023-08-25T15:14:36","slug":"exposicion-de-quimica-de-los-8vos-basicos-a-y-b","status":"publish","type":"post","link":"https:\/\/www.cisa-arica.cl\/wp1\/2023\/08\/17\/exposicion-de-quimica-de-los-8vos-basicos-a-y-b\/","title":{"rendered":"Exposici\u00f3n de Qu\u00edmica de los 8vos b\u00e1sicos A y B"},"content":{"rendered":"<p>Con una exposici\u00f3n de Qu\u00edmica de los 8\u00ba b\u00e1sicos, las estudiantes presentaron sus trabajos realizados en clases sobre mol\u00e9culas con enlaces covalentes.<\/p>\n\n\n<div class=\"wp-block-jetpack-tiled-gallery aligncenter is-style-rectangular\"><div class=\"tiled-gallery__gallery\"><div class=\"tiled-gallery__row\"><div class=\"tiled-gallery__col\" style=\"flex-basis:66.74547%\"><figure class=\"tiled-gallery__item\"><img decoding=\"async\" data-attachment-id=\"21769\" data-permalink=\"https:\/\/www.cisa-arica.cl\/wp1\/2023\/08\/17\/exposicion-de-quimica-de-los-8vos-basicos-a-y-b\/photo-2023-08-18-08-10-34\/\" data-orig-file=\"https:\/\/www.cisa-arica.cl\/wp1\/wp-content\/uploads\/2023\/08\/PHOTO-2023-08-18-08-10-34.jpg\" data-orig-size=\"1600,1200\" data-comments-opened=\"0\" data-image-meta=\"{&quot;aperture&quot;:&quot;0&quot;,&quot;credit&quot;:&quot;&quot;,&quot;camera&quot;:&quot;&quot;,&quot;caption&quot;:&quot;&quot;,&quot;created_timestamp&quot;:&quot;0&quot;,&quot;copyright&quot;:&quot;&quot;,&quot;focal_length&quot;:&quot;0&quot;,&quot;iso&quot;:&quot;0&quot;,&quot;shutter_speed&quot;:&quot;0&quot;,&quot;title&quot;:&quot;&quot;,&quot;orientation&quot;:&quot;0&quot;}\" data-image-title=\"PHOTO-2023-08-18-08-10-34\" data-image-description=\"\" data-image-caption=\"\" data-large-file=\"https:\/\/www.cisa-arica.cl\/wp1\/wp-content\/uploads\/2023\/08\/PHOTO-2023-08-18-08-10-34-600x450.jpg\" data-attachment-id=\"21769\" data-permalink=\"https:\/\/www.cisa-arica.cl\/wp1\/2023\/08\/17\/exposicion-de-quimica-de-los-8vos-basicos-a-y-b\/photo-2023-08-18-08-10-34\/\" data-orig-file=\"https:\/\/www.cisa-arica.cl\/wp1\/wp-content\/uploads\/2023\/08\/PHOTO-2023-08-18-08-10-34.jpg\" data-orig-size=\"1600,1200\" data-comments-opened=\"0\" data-image-meta=\"{&quot;aperture&quot;:&quot;0&quot;,&quot;credit&quot;:&quot;&quot;,&quot;camera&quot;:&quot;&quot;,&quot;caption&quot;:&quot;&quot;,&quot;created_timestamp&quot;:&quot;0&quot;,&quot;copyright&quot;:&quot;&quot;,&quot;focal_length&quot;:&quot;0&quot;,&quot;iso&quot;:&quot;0&quot;,&quot;shutter_speed&quot;:&quot;0&quot;,&quot;title&quot;:&quot;&quot;,&quot;orientation&quot;:&quot;0&quot;}\" data-image-title=\"PHOTO-2023-08-18-08-10-34\" data-image-description=\"\" data-image-caption=\"\" data-large-file=\"https:\/\/www.cisa-arica.cl\/wp1\/wp-content\/uploads\/2023\/08\/PHOTO-2023-08-18-08-10-34-600x450.jpg\" role=\"button\" tabindex=\"0\" aria-label=\"Abrir la imagen 1 de 6 en pantalla completa\"srcset=\"https:\/\/i1.wp.com\/www.cisa-arica.cl\/wp1\/wp-content\/uploads\/2023\/08\/PHOTO-2023-08-18-08-10-34-600x450.jpg?strip=info&#038;w=600&#038;ssl=1 600w,https:\/\/i1.wp.com\/www.cisa-arica.cl\/wp1\/wp-content\/uploads\/2023\/08\/PHOTO-2023-08-18-08-10-34-600x450.jpg?strip=info&#038;w=900&#038;ssl=1 900w,https:\/\/i1.wp.com\/www.cisa-arica.cl\/wp1\/wp-content\/uploads\/2023\/08\/PHOTO-2023-08-18-08-10-34-600x450.jpg?strip=info&#038;w=1200&#038;ssl=1 1200w,https:\/\/i1.wp.com\/www.cisa-arica.cl\/wp1\/wp-content\/uploads\/2023\/08\/PHOTO-2023-08-18-08-10-34-600x450.jpg?strip=info&#038;w=1500&#038;ssl=1 1500w,https:\/\/i1.wp.com\/www.cisa-arica.cl\/wp1\/wp-content\/uploads\/2023\/08\/PHOTO-2023-08-18-08-10-34-600x450.jpg?strip=info&#038;w=1600&#038;ssl=1 1600w\" alt=\"\" data-height=\"1200\" data-id=\"21769\" data-link=\"https:\/\/www.cisa-arica.cl\/wp1\/?attachment_id=21769\" data-url=\"https:\/\/www.cisa-arica.cl\/wp1\/wp-content\/uploads\/2023\/08\/PHOTO-2023-08-18-08-10-34-600x450.jpg\" data-width=\"1600\" src=\"https:\/\/i1.wp.com\/www.cisa-arica.cl\/wp1\/wp-content\/uploads\/2023\/08\/PHOTO-2023-08-18-08-10-34-600x450.jpg?ssl=1\" data-amp-layout=\"responsive\"\/><\/figure><\/div><div class=\"tiled-gallery__col\" style=\"flex-basis:33.25453%\"><figure class=\"tiled-gallery__item\"><img decoding=\"async\" data-attachment-id=\"21770\" data-permalink=\"https:\/\/www.cisa-arica.cl\/wp1\/2023\/08\/17\/exposicion-de-quimica-de-los-8vos-basicos-a-y-b\/photo-2023-08-18-08-10-33\/\" data-orig-file=\"https:\/\/www.cisa-arica.cl\/wp1\/wp-content\/uploads\/2023\/08\/PHOTO-2023-08-18-08-10-33.jpg\" data-orig-size=\"1600,1200\" data-comments-opened=\"0\" data-image-meta=\"{&quot;aperture&quot;:&quot;0&quot;,&quot;credit&quot;:&quot;&quot;,&quot;camera&quot;:&quot;&quot;,&quot;caption&quot;:&quot;&quot;,&quot;created_timestamp&quot;:&quot;0&quot;,&quot;copyright&quot;:&quot;&quot;,&quot;focal_length&quot;:&quot;0&quot;,&quot;iso&quot;:&quot;0&quot;,&quot;shutter_speed&quot;:&quot;0&quot;,&quot;title&quot;:&quot;&quot;,&quot;orientation&quot;:&quot;0&quot;}\" data-image-title=\"PHOTO-2023-08-18-08-10-33\" data-image-description=\"\" data-image-caption=\"\" data-large-file=\"https:\/\/www.cisa-arica.cl\/wp1\/wp-content\/uploads\/2023\/08\/PHOTO-2023-08-18-08-10-33-600x450.jpg\" data-attachment-id=\"21770\" data-permalink=\"https:\/\/www.cisa-arica.cl\/wp1\/2023\/08\/17\/exposicion-de-quimica-de-los-8vos-basicos-a-y-b\/photo-2023-08-18-08-10-33\/\" data-orig-file=\"https:\/\/www.cisa-arica.cl\/wp1\/wp-content\/uploads\/2023\/08\/PHOTO-2023-08-18-08-10-33.jpg\" data-orig-size=\"1600,1200\" data-comments-opened=\"0\" data-image-meta=\"{&quot;aperture&quot;:&quot;0&quot;,&quot;credit&quot;:&quot;&quot;,&quot;camera&quot;:&quot;&quot;,&quot;caption&quot;:&quot;&quot;,&quot;created_timestamp&quot;:&quot;0&quot;,&quot;copyright&quot;:&quot;&quot;,&quot;focal_length&quot;:&quot;0&quot;,&quot;iso&quot;:&quot;0&quot;,&quot;shutter_speed&quot;:&quot;0&quot;,&quot;title&quot;:&quot;&quot;,&quot;orientation&quot;:&quot;0&quot;}\" data-image-title=\"PHOTO-2023-08-18-08-10-33\" data-image-description=\"\" data-image-caption=\"\" data-large-file=\"https:\/\/www.cisa-arica.cl\/wp1\/wp-content\/uploads\/2023\/08\/PHOTO-2023-08-18-08-10-33-600x450.jpg\" role=\"button\" tabindex=\"0\" aria-label=\"Abrir la imagen 2 de 6 en pantalla completa\"srcset=\"https:\/\/i2.wp.com\/www.cisa-arica.cl\/wp1\/wp-content\/uploads\/2023\/08\/PHOTO-2023-08-18-08-10-33-600x450.jpg?strip=info&#038;w=600&#038;ssl=1 600w,https:\/\/i2.wp.com\/www.cisa-arica.cl\/wp1\/wp-content\/uploads\/2023\/08\/PHOTO-2023-08-18-08-10-33-600x450.jpg?strip=info&#038;w=900&#038;ssl=1 900w,https:\/\/i2.wp.com\/www.cisa-arica.cl\/wp1\/wp-content\/uploads\/2023\/08\/PHOTO-2023-08-18-08-10-33-600x450.jpg?strip=info&#038;w=1200&#038;ssl=1 1200w,https:\/\/i2.wp.com\/www.cisa-arica.cl\/wp1\/wp-content\/uploads\/2023\/08\/PHOTO-2023-08-18-08-10-33-600x450.jpg?strip=info&#038;w=1500&#038;ssl=1 1500w,https:\/\/i2.wp.com\/www.cisa-arica.cl\/wp1\/wp-content\/uploads\/2023\/08\/PHOTO-2023-08-18-08-10-33-600x450.jpg?strip=info&#038;w=1600&#038;ssl=1 1600w\" alt=\"\" data-height=\"1200\" data-id=\"21770\" data-link=\"https:\/\/www.cisa-arica.cl\/wp1\/?attachment_id=21770\" data-url=\"https:\/\/www.cisa-arica.cl\/wp1\/wp-content\/uploads\/2023\/08\/PHOTO-2023-08-18-08-10-33-600x450.jpg\" data-width=\"1600\" src=\"https:\/\/i2.wp.com\/www.cisa-arica.cl\/wp1\/wp-content\/uploads\/2023\/08\/PHOTO-2023-08-18-08-10-33-600x450.jpg?ssl=1\" data-amp-layout=\"responsive\"\/><\/figure><figure class=\"tiled-gallery__item\"><img decoding=\"async\" data-attachment-id=\"21771\" data-permalink=\"https:\/\/www.cisa-arica.cl\/wp1\/2023\/08\/17\/exposicion-de-quimica-de-los-8vos-basicos-a-y-b\/photo-2023-08-18-08-10-332\/\" data-orig-file=\"https:\/\/www.cisa-arica.cl\/wp1\/wp-content\/uploads\/2023\/08\/PHOTO-2023-08-18-08-10-332.jpg\" data-orig-size=\"1600,1200\" data-comments-opened=\"0\" data-image-meta=\"{&quot;aperture&quot;:&quot;0&quot;,&quot;credit&quot;:&quot;&quot;,&quot;camera&quot;:&quot;&quot;,&quot;caption&quot;:&quot;&quot;,&quot;created_timestamp&quot;:&quot;0&quot;,&quot;copyright&quot;:&quot;&quot;,&quot;focal_length&quot;:&quot;0&quot;,&quot;iso&quot;:&quot;0&quot;,&quot;shutter_speed&quot;:&quot;0&quot;,&quot;title&quot;:&quot;&quot;,&quot;orientation&quot;:&quot;0&quot;}\" data-image-title=\"PHOTO-2023-08-18-08-10-332\" data-image-description=\"\" data-image-caption=\"\" data-large-file=\"https:\/\/www.cisa-arica.cl\/wp1\/wp-content\/uploads\/2023\/08\/PHOTO-2023-08-18-08-10-332-600x450.jpg\" data-attachment-id=\"21771\" data-permalink=\"https:\/\/www.cisa-arica.cl\/wp1\/2023\/08\/17\/exposicion-de-quimica-de-los-8vos-basicos-a-y-b\/photo-2023-08-18-08-10-332\/\" data-orig-file=\"https:\/\/www.cisa-arica.cl\/wp1\/wp-content\/uploads\/2023\/08\/PHOTO-2023-08-18-08-10-332.jpg\" data-orig-size=\"1600,1200\" data-comments-opened=\"0\" data-image-meta=\"{&quot;aperture&quot;:&quot;0&quot;,&quot;credit&quot;:&quot;&quot;,&quot;camera&quot;:&quot;&quot;,&quot;caption&quot;:&quot;&quot;,&quot;created_timestamp&quot;:&quot;0&quot;,&quot;copyright&quot;:&quot;&quot;,&quot;focal_length&quot;:&quot;0&quot;,&quot;iso&quot;:&quot;0&quot;,&quot;shutter_speed&quot;:&quot;0&quot;,&quot;title&quot;:&quot;&quot;,&quot;orientation&quot;:&quot;0&quot;}\" data-image-title=\"PHOTO-2023-08-18-08-10-332\" data-image-description=\"\" data-image-caption=\"\" data-large-file=\"https:\/\/www.cisa-arica.cl\/wp1\/wp-content\/uploads\/2023\/08\/PHOTO-2023-08-18-08-10-332-600x450.jpg\" role=\"button\" tabindex=\"0\" aria-label=\"Abrir la imagen 3 de 6 en pantalla completa\"srcset=\"https:\/\/i2.wp.com\/www.cisa-arica.cl\/wp1\/wp-content\/uploads\/2023\/08\/PHOTO-2023-08-18-08-10-332-600x450.jpg?strip=info&#038;w=600&#038;ssl=1 600w,https:\/\/i2.wp.com\/www.cisa-arica.cl\/wp1\/wp-content\/uploads\/2023\/08\/PHOTO-2023-08-18-08-10-332-600x450.jpg?strip=info&#038;w=900&#038;ssl=1 900w,https:\/\/i2.wp.com\/www.cisa-arica.cl\/wp1\/wp-content\/uploads\/2023\/08\/PHOTO-2023-08-18-08-10-332-600x450.jpg?strip=info&#038;w=1200&#038;ssl=1 1200w,https:\/\/i2.wp.com\/www.cisa-arica.cl\/wp1\/wp-content\/uploads\/2023\/08\/PHOTO-2023-08-18-08-10-332-600x450.jpg?strip=info&#038;w=1500&#038;ssl=1 1500w,https:\/\/i2.wp.com\/www.cisa-arica.cl\/wp1\/wp-content\/uploads\/2023\/08\/PHOTO-2023-08-18-08-10-332-600x450.jpg?strip=info&#038;w=1600&#038;ssl=1 1600w\" alt=\"\" data-height=\"1200\" data-id=\"21771\" data-link=\"https:\/\/www.cisa-arica.cl\/wp1\/?attachment_id=21771\" data-url=\"https:\/\/www.cisa-arica.cl\/wp1\/wp-content\/uploads\/2023\/08\/PHOTO-2023-08-18-08-10-332-600x450.jpg\" data-width=\"1600\" src=\"https:\/\/i2.wp.com\/www.cisa-arica.cl\/wp1\/wp-content\/uploads\/2023\/08\/PHOTO-2023-08-18-08-10-332-600x450.jpg?ssl=1\" data-amp-layout=\"responsive\"\/><\/figure><\/div><\/div><div class=\"tiled-gallery__row\"><div class=\"tiled-gallery__col\" style=\"flex-basis:39.00709%\"><figure class=\"tiled-gallery__item\"><img decoding=\"async\" data-attachment-id=\"21772\" data-permalink=\"https:\/\/www.cisa-arica.cl\/wp1\/2023\/08\/17\/exposicion-de-quimica-de-los-8vos-basicos-a-y-b\/photo-2023-08-18-08-10-331\/\" data-orig-file=\"https:\/\/www.cisa-arica.cl\/wp1\/wp-content\/uploads\/2023\/08\/PHOTO-2023-08-18-08-10-331.jpg\" data-orig-size=\"1600,1200\" data-comments-opened=\"0\" data-image-meta=\"{&quot;aperture&quot;:&quot;0&quot;,&quot;credit&quot;:&quot;&quot;,&quot;camera&quot;:&quot;&quot;,&quot;caption&quot;:&quot;&quot;,&quot;created_timestamp&quot;:&quot;0&quot;,&quot;copyright&quot;:&quot;&quot;,&quot;focal_length&quot;:&quot;0&quot;,&quot;iso&quot;:&quot;0&quot;,&quot;shutter_speed&quot;:&quot;0&quot;,&quot;title&quot;:&quot;&quot;,&quot;orientation&quot;:&quot;0&quot;}\" data-image-title=\"PHOTO-2023-08-18-08-10-331\" data-image-description=\"\" data-image-caption=\"\" data-large-file=\"https:\/\/www.cisa-arica.cl\/wp1\/wp-content\/uploads\/2023\/08\/PHOTO-2023-08-18-08-10-331-600x450.jpg\" data-attachment-id=\"21772\" data-permalink=\"https:\/\/www.cisa-arica.cl\/wp1\/2023\/08\/17\/exposicion-de-quimica-de-los-8vos-basicos-a-y-b\/photo-2023-08-18-08-10-331\/\" data-orig-file=\"https:\/\/www.cisa-arica.cl\/wp1\/wp-content\/uploads\/2023\/08\/PHOTO-2023-08-18-08-10-331.jpg\" data-orig-size=\"1600,1200\" data-comments-opened=\"0\" data-image-meta=\"{&quot;aperture&quot;:&quot;0&quot;,&quot;credit&quot;:&quot;&quot;,&quot;camera&quot;:&quot;&quot;,&quot;caption&quot;:&quot;&quot;,&quot;created_timestamp&quot;:&quot;0&quot;,&quot;copyright&quot;:&quot;&quot;,&quot;focal_length&quot;:&quot;0&quot;,&quot;iso&quot;:&quot;0&quot;,&quot;shutter_speed&quot;:&quot;0&quot;,&quot;title&quot;:&quot;&quot;,&quot;orientation&quot;:&quot;0&quot;}\" data-image-title=\"PHOTO-2023-08-18-08-10-331\" data-image-description=\"\" data-image-caption=\"\" data-large-file=\"https:\/\/www.cisa-arica.cl\/wp1\/wp-content\/uploads\/2023\/08\/PHOTO-2023-08-18-08-10-331-600x450.jpg\" role=\"button\" tabindex=\"0\" aria-label=\"Abrir la imagen 4 de 6 en pantalla completa\"srcset=\"https:\/\/i1.wp.com\/www.cisa-arica.cl\/wp1\/wp-content\/uploads\/2023\/08\/PHOTO-2023-08-18-08-10-331-600x450.jpg?strip=info&#038;w=600&#038;ssl=1 600w,https:\/\/i1.wp.com\/www.cisa-arica.cl\/wp1\/wp-content\/uploads\/2023\/08\/PHOTO-2023-08-18-08-10-331-600x450.jpg?strip=info&#038;w=900&#038;ssl=1 900w,https:\/\/i1.wp.com\/www.cisa-arica.cl\/wp1\/wp-content\/uploads\/2023\/08\/PHOTO-2023-08-18-08-10-331-600x450.jpg?strip=info&#038;w=1200&#038;ssl=1 1200w,https:\/\/i1.wp.com\/www.cisa-arica.cl\/wp1\/wp-content\/uploads\/2023\/08\/PHOTO-2023-08-18-08-10-331-600x450.jpg?strip=info&#038;w=1500&#038;ssl=1 1500w,https:\/\/i1.wp.com\/www.cisa-arica.cl\/wp1\/wp-content\/uploads\/2023\/08\/PHOTO-2023-08-18-08-10-331-600x450.jpg?strip=info&#038;w=1600&#038;ssl=1 1600w\" alt=\"\" data-height=\"1200\" data-id=\"21772\" data-link=\"https:\/\/www.cisa-arica.cl\/wp1\/?attachment_id=21772\" data-url=\"https:\/\/www.cisa-arica.cl\/wp1\/wp-content\/uploads\/2023\/08\/PHOTO-2023-08-18-08-10-331-600x450.jpg\" data-width=\"1600\" src=\"https:\/\/i1.wp.com\/www.cisa-arica.cl\/wp1\/wp-content\/uploads\/2023\/08\/PHOTO-2023-08-18-08-10-331-600x450.jpg?ssl=1\" data-amp-layout=\"responsive\"\/><\/figure><\/div><div class=\"tiled-gallery__col\" style=\"flex-basis:21.98582%\"><figure class=\"tiled-gallery__item\"><img decoding=\"async\" data-attachment-id=\"21773\" data-permalink=\"https:\/\/www.cisa-arica.cl\/wp1\/2023\/08\/17\/exposicion-de-quimica-de-los-8vos-basicos-a-y-b\/photo-2023-08-18-08-10-32\/\" data-orig-file=\"https:\/\/www.cisa-arica.cl\/wp1\/wp-content\/uploads\/2023\/08\/PHOTO-2023-08-18-08-10-32.jpg\" data-orig-size=\"1200,1600\" data-comments-opened=\"0\" data-image-meta=\"{&quot;aperture&quot;:&quot;0&quot;,&quot;credit&quot;:&quot;&quot;,&quot;camera&quot;:&quot;&quot;,&quot;caption&quot;:&quot;&quot;,&quot;created_timestamp&quot;:&quot;0&quot;,&quot;copyright&quot;:&quot;&quot;,&quot;focal_length&quot;:&quot;0&quot;,&quot;iso&quot;:&quot;0&quot;,&quot;shutter_speed&quot;:&quot;0&quot;,&quot;title&quot;:&quot;&quot;,&quot;orientation&quot;:&quot;0&quot;}\" data-image-title=\"PHOTO-2023-08-18-08-10-32\" data-image-description=\"\" data-image-caption=\"\" data-large-file=\"https:\/\/www.cisa-arica.cl\/wp1\/wp-content\/uploads\/2023\/08\/PHOTO-2023-08-18-08-10-32-450x600.jpg\" data-attachment-id=\"21773\" data-permalink=\"https:\/\/www.cisa-arica.cl\/wp1\/2023\/08\/17\/exposicion-de-quimica-de-los-8vos-basicos-a-y-b\/photo-2023-08-18-08-10-32\/\" data-orig-file=\"https:\/\/www.cisa-arica.cl\/wp1\/wp-content\/uploads\/2023\/08\/PHOTO-2023-08-18-08-10-32.jpg\" data-orig-size=\"1200,1600\" data-comments-opened=\"0\" data-image-meta=\"{&quot;aperture&quot;:&quot;0&quot;,&quot;credit&quot;:&quot;&quot;,&quot;camera&quot;:&quot;&quot;,&quot;caption&quot;:&quot;&quot;,&quot;created_timestamp&quot;:&quot;0&quot;,&quot;copyright&quot;:&quot;&quot;,&quot;focal_length&quot;:&quot;0&quot;,&quot;iso&quot;:&quot;0&quot;,&quot;shutter_speed&quot;:&quot;0&quot;,&quot;title&quot;:&quot;&quot;,&quot;orientation&quot;:&quot;0&quot;}\" data-image-title=\"PHOTO-2023-08-18-08-10-32\" data-image-description=\"\" data-image-caption=\"\" data-large-file=\"https:\/\/www.cisa-arica.cl\/wp1\/wp-content\/uploads\/2023\/08\/PHOTO-2023-08-18-08-10-32-450x600.jpg\" role=\"button\" tabindex=\"0\" aria-label=\"Abrir la imagen 5 de 6 en pantalla completa\"srcset=\"https:\/\/i0.wp.com\/www.cisa-arica.cl\/wp1\/wp-content\/uploads\/2023\/08\/PHOTO-2023-08-18-08-10-32-450x600.jpg?strip=info&#038;w=600&#038;ssl=1 600w,https:\/\/i0.wp.com\/www.cisa-arica.cl\/wp1\/wp-content\/uploads\/2023\/08\/PHOTO-2023-08-18-08-10-32-450x600.jpg?strip=info&#038;w=900&#038;ssl=1 900w,https:\/\/i0.wp.com\/www.cisa-arica.cl\/wp1\/wp-content\/uploads\/2023\/08\/PHOTO-2023-08-18-08-10-32-450x600.jpg?strip=info&#038;w=1200&#038;ssl=1 1200w\" alt=\"\" data-height=\"1600\" data-id=\"21773\" data-link=\"https:\/\/www.cisa-arica.cl\/wp1\/?attachment_id=21773\" data-url=\"https:\/\/www.cisa-arica.cl\/wp1\/wp-content\/uploads\/2023\/08\/PHOTO-2023-08-18-08-10-32-450x600.jpg\" data-width=\"1200\" src=\"https:\/\/i0.wp.com\/www.cisa-arica.cl\/wp1\/wp-content\/uploads\/2023\/08\/PHOTO-2023-08-18-08-10-32-450x600.jpg?ssl=1\" data-amp-layout=\"responsive\"\/><\/figure><\/div><div class=\"tiled-gallery__col\" style=\"flex-basis:39.00709%\"><figure class=\"tiled-gallery__item\"><img decoding=\"async\" data-attachment-id=\"21774\" data-permalink=\"https:\/\/www.cisa-arica.cl\/wp1\/2023\/08\/17\/exposicion-de-quimica-de-los-8vos-basicos-a-y-b\/photo-2023-08-18-08-10-31\/\" data-orig-file=\"https:\/\/www.cisa-arica.cl\/wp1\/wp-content\/uploads\/2023\/08\/PHOTO-2023-08-18-08-10-31.jpg\" data-orig-size=\"1600,1200\" data-comments-opened=\"0\" data-image-meta=\"{&quot;aperture&quot;:&quot;0&quot;,&quot;credit&quot;:&quot;&quot;,&quot;camera&quot;:&quot;&quot;,&quot;caption&quot;:&quot;&quot;,&quot;created_timestamp&quot;:&quot;0&quot;,&quot;copyright&quot;:&quot;&quot;,&quot;focal_length&quot;:&quot;0&quot;,&quot;iso&quot;:&quot;0&quot;,&quot;shutter_speed&quot;:&quot;0&quot;,&quot;title&quot;:&quot;&quot;,&quot;orientation&quot;:&quot;0&quot;}\" data-image-title=\"PHOTO-2023-08-18-08-10-31\" data-image-description=\"\" data-image-caption=\"\" data-large-file=\"https:\/\/www.cisa-arica.cl\/wp1\/wp-content\/uploads\/2023\/08\/PHOTO-2023-08-18-08-10-31-600x450.jpg\" data-attachment-id=\"21774\" data-permalink=\"https:\/\/www.cisa-arica.cl\/wp1\/2023\/08\/17\/exposicion-de-quimica-de-los-8vos-basicos-a-y-b\/photo-2023-08-18-08-10-31\/\" data-orig-file=\"https:\/\/www.cisa-arica.cl\/wp1\/wp-content\/uploads\/2023\/08\/PHOTO-2023-08-18-08-10-31.jpg\" data-orig-size=\"1600,1200\" data-comments-opened=\"0\" data-image-meta=\"{&quot;aperture&quot;:&quot;0&quot;,&quot;credit&quot;:&quot;&quot;,&quot;camera&quot;:&quot;&quot;,&quot;caption&quot;:&quot;&quot;,&quot;created_timestamp&quot;:&quot;0&quot;,&quot;copyright&quot;:&quot;&quot;,&quot;focal_length&quot;:&quot;0&quot;,&quot;iso&quot;:&quot;0&quot;,&quot;shutter_speed&quot;:&quot;0&quot;,&quot;title&quot;:&quot;&quot;,&quot;orientation&quot;:&quot;0&quot;}\" data-image-title=\"PHOTO-2023-08-18-08-10-31\" data-image-description=\"\" data-image-caption=\"\" data-large-file=\"https:\/\/www.cisa-arica.cl\/wp1\/wp-content\/uploads\/2023\/08\/PHOTO-2023-08-18-08-10-31-600x450.jpg\" role=\"button\" tabindex=\"0\" aria-label=\"Abrir la imagen 6 de 6 en pantalla completa\"srcset=\"https:\/\/i0.wp.com\/www.cisa-arica.cl\/wp1\/wp-content\/uploads\/2023\/08\/PHOTO-2023-08-18-08-10-31-600x450.jpg?strip=info&#038;w=600&#038;ssl=1 600w,https:\/\/i0.wp.com\/www.cisa-arica.cl\/wp1\/wp-content\/uploads\/2023\/08\/PHOTO-2023-08-18-08-10-31-600x450.jpg?strip=info&#038;w=900&#038;ssl=1 900w,https:\/\/i0.wp.com\/www.cisa-arica.cl\/wp1\/wp-content\/uploads\/2023\/08\/PHOTO-2023-08-18-08-10-31-600x450.jpg?strip=info&#038;w=1200&#038;ssl=1 1200w,https:\/\/i0.wp.com\/www.cisa-arica.cl\/wp1\/wp-content\/uploads\/2023\/08\/PHOTO-2023-08-18-08-10-31-600x450.jpg?strip=info&#038;w=1500&#038;ssl=1 1500w,https:\/\/i0.wp.com\/www.cisa-arica.cl\/wp1\/wp-content\/uploads\/2023\/08\/PHOTO-2023-08-18-08-10-31-600x450.jpg?strip=info&#038;w=1600&#038;ssl=1 1600w\" alt=\"\" data-height=\"1200\" data-id=\"21774\" data-link=\"https:\/\/www.cisa-arica.cl\/wp1\/?attachment_id=21774\" data-url=\"https:\/\/www.cisa-arica.cl\/wp1\/wp-content\/uploads\/2023\/08\/PHOTO-2023-08-18-08-10-31-600x450.jpg\" data-width=\"1600\" src=\"https:\/\/i0.wp.com\/www.cisa-arica.cl\/wp1\/wp-content\/uploads\/2023\/08\/PHOTO-2023-08-18-08-10-31-600x450.jpg?ssl=1\" data-amp-layout=\"responsive\"\/><\/figure><\/div><\/div><\/div><\/div>\n","protected":false},"excerpt":{"rendered":"<p>Con una exposici\u00f3n de Qu\u00edmica de los 8\u00ba b\u00e1sicos, las estudiantes presentaron sus trabajos realizados en clases sobre mol\u00e9culas con enlaces covalentes.<\/p>\n","protected":false},"author":5,"featured_media":0,"comment_status":"closed","ping_status":"open","sticky":false,"template":"","format":"standard","meta":{"_jetpack_memberships_contains_paid_content":false,"footnotes":"","jetpack_publicize_message":"","jetpack_publicize_feature_enabled":true,"jetpack_social_post_already_shared":true,"jetpack_social_options":{"image_generator_settings":{"template":"highway","default_image_id":0,"font":"","enabled":false},"version":2}},"categories":[5],"tags":[],"class_list":["post-21767","post","type-post","status-publish","format-standard","hentry","category-uncategorized"],"jetpack_publicize_connections":[],"jetpack_featured_media_url":"","jetpack_sharing_enabled":true,"jetpack_shortlink":"https:\/\/wp.me\/p84wcz-5F5","jetpack-related-posts":[{"id":21833,"url":"https:\/\/www.cisa-arica.cl\/wp1\/2023\/08\/30\/visita-al-museo-interactivo\/","url_meta":{"origin":21767,"position":0},"title":"Visita al Museo Interactivo","author":"Jeannette Rivera","date":"30 de Agosto de 2023","format":false,"excerpt":"Estudiantes de los 3\u00ba b\u00e1sicos A-B y 4\u00ba b\u00e1sicos A-B participaron del museo interactivo 7 de junio, el cual mont\u00f3 su exposici\u00f3n en el patio del segundo piso de nuestro colegio.","rel":"","context":"Entrada similar ","block_context":{"text":"Entrada similar ","link":""},"img":{"alt_text":"","src":"https:\/\/i0.wp.com\/www.cisa-arica.cl\/wp1\/wp-content\/uploads\/2023\/09\/IMG_2962-scaled.jpg?resize=350%2C200&ssl=1","width":350,"height":200,"srcset":"https:\/\/i0.wp.com\/www.cisa-arica.cl\/wp1\/wp-content\/uploads\/2023\/09\/IMG_2962-scaled.jpg?resize=350%2C200&ssl=1 1x, https:\/\/i0.wp.com\/www.cisa-arica.cl\/wp1\/wp-content\/uploads\/2023\/09\/IMG_2962-scaled.jpg?resize=525%2C300&ssl=1 1.5x, https:\/\/i0.wp.com\/www.cisa-arica.cl\/wp1\/wp-content\/uploads\/2023\/09\/IMG_2962-scaled.jpg?resize=700%2C400&ssl=1 2x, https:\/\/i0.wp.com\/www.cisa-arica.cl\/wp1\/wp-content\/uploads\/2023\/09\/IMG_2962-scaled.jpg?resize=1050%2C600&ssl=1 3x, https:\/\/i0.wp.com\/www.cisa-arica.cl\/wp1\/wp-content\/uploads\/2023\/09\/IMG_2962-scaled.jpg?resize=1400%2C800&ssl=1 4x"},"classes":[]},{"id":8990,"url":"https:\/\/www.cisa-arica.cl\/wp1\/2019\/09\/05\/dia-de-la-ciencia-2019\/","url_meta":{"origin":21767,"position":1},"title":"D\u00eda de la Ciencia 2019","author":"Jeannette Rivera","date":"5 de Septiembre de 2019","format":false,"excerpt":"Este mi\u00e9rcoles 04 de septiembre todas nuestras alumnas celebraron a las ciencias en esta actividad organizada por el Departamento de Ciencias encabezado por la profesora Sof\u00eda Cayo. La jornada comenz\u00f3 con un acto c\u00edvico cuyo tema gir\u00f3 en torno al cuidado del medio ambiente y nuestros recursos naturales, y donde\u2026","rel":"","context":"Entrada similar ","block_context":{"text":"Entrada similar ","link":""},"img":{"alt_text":"","src":"https:\/\/i0.wp.com\/www.cisa-arica.cl\/wp1\/wp-content\/uploads\/2019\/09\/IMG_5197.jpg?resize=350%2C200&ssl=1","width":350,"height":200,"srcset":"https:\/\/i0.wp.com\/www.cisa-arica.cl\/wp1\/wp-content\/uploads\/2019\/09\/IMG_5197.jpg?resize=350%2C200&ssl=1 1x, https:\/\/i0.wp.com\/www.cisa-arica.cl\/wp1\/wp-content\/uploads\/2019\/09\/IMG_5197.jpg?resize=525%2C300&ssl=1 1.5x, https:\/\/i0.wp.com\/www.cisa-arica.cl\/wp1\/wp-content\/uploads\/2019\/09\/IMG_5197.jpg?resize=700%2C400&ssl=1 2x, https:\/\/i0.wp.com\/www.cisa-arica.cl\/wp1\/wp-content\/uploads\/2019\/09\/IMG_5197.jpg?resize=1050%2C600&ssl=1 3x, https:\/\/i0.wp.com\/www.cisa-arica.cl\/wp1\/wp-content\/uploads\/2019\/09\/IMG_5197.jpg?resize=1400%2C800&ssl=1 4x"},"classes":[]},{"id":20748,"url":"https:\/\/www.cisa-arica.cl\/wp1\/2023\/06\/08\/actividad-expositiva-de-ciencias-de-la-salud\/","url_meta":{"origin":21767,"position":2},"title":"Actividad expositiva de Ciencias de la Salud","author":"Jeannette Rivera","date":"8 de Junio de 2023","format":false,"excerpt":"Estudiantes de ense\u00f1anza media realizan exposiciones de cuentos elaborados por ellas mismas, los cuales van acompa\u00f1ados de ilustraciones. La actividad de creaci\u00f3n fue presenta a las estudiantes de 4tos b\u00e1sicos A y B La Asignatura que realiz\u00f3 la actividad es de Ciencias de la Salud, la cual es impartida por\u2026","rel":"","context":"Entrada similar ","block_context":{"text":"Entrada similar ","link":""},"img":{"alt_text":"","src":"https:\/\/i0.wp.com\/www.cisa-arica.cl\/wp1\/wp-content\/uploads\/2023\/06\/Ciencias-de-la-salud.png?resize=350%2C200&ssl=1","width":350,"height":200,"srcset":"https:\/\/i0.wp.com\/www.cisa-arica.cl\/wp1\/wp-content\/uploads\/2023\/06\/Ciencias-de-la-salud.png?resize=350%2C200&ssl=1 1x, https:\/\/i0.wp.com\/www.cisa-arica.cl\/wp1\/wp-content\/uploads\/2023\/06\/Ciencias-de-la-salud.png?resize=525%2C300&ssl=1 1.5x, https:\/\/i0.wp.com\/www.cisa-arica.cl\/wp1\/wp-content\/uploads\/2023\/06\/Ciencias-de-la-salud.png?resize=700%2C400&ssl=1 2x, https:\/\/i0.wp.com\/www.cisa-arica.cl\/wp1\/wp-content\/uploads\/2023\/06\/Ciencias-de-la-salud.png?resize=1050%2C600&ssl=1 3x"},"classes":[]},{"id":6545,"url":"https:\/\/www.cisa-arica.cl\/wp1\/2019\/05\/06\/dia-del-libro-2019-exposicion-artistica\/","url_meta":{"origin":21767,"position":3},"title":"D\u00eda del Libro 2019: Exposici\u00f3n art\u00edstica","author":"Jeannette Rivera","date":"6 de Mayo de 2019","format":false,"excerpt":"El pasado viernes 26 de abril todo el colegio se uni\u00f3 para celebrar el D\u00eda del Libro y los Derechos de Autor, con diversas actividades y concursos promovidos por el Departamento de Lenguaje y Comunicaci\u00f3n y el CRA. En las im\u00e1genes podemos ver la exposici\u00f3n de todos los trabajos realizados\u2026","rel":"","context":"En &quot;galeria&quot;","block_context":{"text":"galeria","link":"https:\/\/www.cisa-arica.cl\/wp1\/category\/galeria\/"},"img":{"alt_text":"","src":"https:\/\/i0.wp.com\/www.cisa-arica.cl\/wp1\/wp-content\/uploads\/2019\/05\/00000.png?resize=350%2C200&ssl=1","width":350,"height":200,"srcset":"https:\/\/i0.wp.com\/www.cisa-arica.cl\/wp1\/wp-content\/uploads\/2019\/05\/00000.png?resize=350%2C200&ssl=1 1x, https:\/\/i0.wp.com\/www.cisa-arica.cl\/wp1\/wp-content\/uploads\/2019\/05\/00000.png?resize=525%2C300&ssl=1 1.5x"},"classes":[]},{"id":20198,"url":"https:\/\/www.cisa-arica.cl\/wp1\/2023\/04\/29\/encuentro-directivos-de-santiago-y-arica\/","url_meta":{"origin":21767,"position":4},"title":"Encuentro Directivos de Santiago y Arica","author":"CISA","date":"29 de Abril de 2023","format":false,"excerpt":"Un encuentro pedag\u00f3gico se llev\u00f3 a cabo entre los equipos directivos del Colegio Polit\u00e9cnico Santa Ana de Santiago y Colegio Italiano santa Ana de Arica. En la oportunidad, fue nuestro colegio quien organiz\u00f3 esta jornada de dos d\u00edas, en donde ambos equipos dialogaron sobre su quehacer pedag\u00f3gico, las proyecciones que\u2026","rel":"","context":"Entrada similar ","block_context":{"text":"Entrada similar ","link":""},"img":{"alt_text":"","src":"https:\/\/i0.wp.com\/www.cisa-arica.cl\/wp1\/wp-content\/uploads\/2023\/04\/DSC_8460.jpg?resize=350%2C200&ssl=1","width":350,"height":200,"srcset":"https:\/\/i0.wp.com\/www.cisa-arica.cl\/wp1\/wp-content\/uploads\/2023\/04\/DSC_8460.jpg?resize=350%2C200&ssl=1 1x, https:\/\/i0.wp.com\/www.cisa-arica.cl\/wp1\/wp-content\/uploads\/2023\/04\/DSC_8460.jpg?resize=525%2C300&ssl=1 1.5x, https:\/\/i0.wp.com\/www.cisa-arica.cl\/wp1\/wp-content\/uploads\/2023\/04\/DSC_8460.jpg?resize=700%2C400&ssl=1 2x, https:\/\/i0.wp.com\/www.cisa-arica.cl\/wp1\/wp-content\/uploads\/2023\/04\/DSC_8460.jpg?resize=1050%2C600&ssl=1 3x"},"classes":[]},{"id":21007,"url":"https:\/\/www.cisa-arica.cl\/wp1\/2023\/06\/23\/celebracion-del-machaq-mara\/","url_meta":{"origin":21767,"position":5},"title":"Celebraci\u00f3n del Machaq Mara","author":"Jeannette Rivera","date":"23 de Junio de 2023","format":false,"excerpt":"El martes 20 de junio, se celebr\u00f3 en nuestro colegio la tradicional festividad del Machaq Mara cuyo significado es A\u00f1o Nuevo Aymara. La actividad estuvo a cargo de Educaci\u00f3n Parvularia quienes prepararon la festividad invitando a algunos grupos folcl\u00f3ricos externos. Uno de los bailarines fue el \u201cYatiri\u201d quien realiz\u00f3\u00a0 la\u2026","rel":"","context":"Entrada similar ","block_context":{"text":"Entrada similar ","link":""},"img":{"alt_text":"","src":"https:\/\/i0.wp.com\/www.cisa-arica.cl\/wp1\/wp-content\/uploads\/2023\/06\/WhatsApp-Image-2023-06-23-at-12.39.07.jpeg?resize=350%2C200&ssl=1","width":350,"height":200,"srcset":"https:\/\/i0.wp.com\/www.cisa-arica.cl\/wp1\/wp-content\/uploads\/2023\/06\/WhatsApp-Image-2023-06-23-at-12.39.07.jpeg?resize=350%2C200&ssl=1 1x, https:\/\/i0.wp.com\/www.cisa-arica.cl\/wp1\/wp-content\/uploads\/2023\/06\/WhatsApp-Image-2023-06-23-at-12.39.07.jpeg?resize=525%2C300&ssl=1 1.5x, https:\/\/i0.wp.com\/www.cisa-arica.cl\/wp1\/wp-content\/uploads\/2023\/06\/WhatsApp-Image-2023-06-23-at-12.39.07.jpeg?resize=700%2C400&ssl=1 2x"},"classes":[]}],"_links":{"self":[{"href":"https:\/\/www.cisa-arica.cl\/wp1\/wp-json\/wp\/v2\/posts\/21767","targetHints":{"allow":["GET"]}}],"collection":[{"href":"https:\/\/www.cisa-arica.cl\/wp1\/wp-json\/wp\/v2\/posts"}],"about":[{"href":"https:\/\/www.cisa-arica.cl\/wp1\/wp-json\/wp\/v2\/types\/post"}],"author":[{"embeddable":true,"href":"https:\/\/www.cisa-arica.cl\/wp1\/wp-json\/wp\/v2\/users\/5"}],"replies":[{"embeddable":true,"href":"https:\/\/www.cisa-arica.cl\/wp1\/wp-json\/wp\/v2\/comments?post=21767"}],"version-history":[{"count":2,"href":"https:\/\/www.cisa-arica.cl\/wp1\/wp-json\/wp\/v2\/posts\/21767\/revisions"}],"predecessor-version":[{"id":21775,"href":"https:\/\/www.cisa-arica.cl\/wp1\/wp-json\/wp\/v2\/posts\/21767\/revisions\/21775"}],"wp:attachment":[{"href":"https:\/\/www.cisa-arica.cl\/wp1\/wp-json\/wp\/v2\/media?parent=21767"}],"wp:term":[{"taxonomy":"category","embeddable":true,"href":"https:\/\/www.cisa-arica.cl\/wp1\/wp-json\/wp\/v2\/categories?post=21767"},{"taxonomy":"post_tag","embeddable":true,"href":"https:\/\/www.cisa-arica.cl\/wp1\/wp-json\/wp\/v2\/tags?post=21767"}],"curies":[{"name":"wp","href":"https:\/\/api.w.org\/{rel}","templated":true}]}}